{"id":96693,"date":"2026-03-23T01:48:45","date_gmt":"2026-03-23T04:48:45","guid":{"rendered":"https:\/\/ubirataonline.com.br\/favorito-bbb-26-parcial-da-enquete-mostra-reviravolta-e-preferida-correndo-risco\/"},"modified":"2026-03-23T01:48:47","modified_gmt":"2026-03-23T04:48:47","slug":"favorito-bbb-26-parcial-da-enquete-mostra-reviravolta-e-preferida-correndo-risco","status":"publish","type":"post","link":"https:\/\/ubirataonline.com.br\/en\/favorito-bbb-26-parcial-da-enquete-mostra-reviravolta-e-preferida-correndo-risco\/","title":{"rendered":"Favorito BBB 26: Parcial da enquete mostra reviravolta e preferida correndo risco"},"content":{"rendered":"<p><\/p>\n<div>\n<div class=\"thumbnail position-relative mx-auto\" id=\"post-thumbnail\" style=\"min-height: 531px;\">\n                        <picture><source type=\"image\/webp\" srcset=\"https:\/\/img.nsctotal.com.br\/wp-content\/uploads\/2026\/03\/favorito-bbb-26-6-944x531.jpg.webp 944w, https:\/\/img.nsctotal.com.br\/wp-content\/uploads\/2026\/03\/favorito-bbb-26-6-720x405.jpg.webp 720w, https:\/\/img.nsctotal.com.br\/wp-content\/uploads\/2026\/03\/favorito-bbb-26-6-200x112.jpg.webp 200w, https:\/\/img.nsctotal.com.br\/wp-content\/uploads\/2026\/03\/favorito-bbb-26-6.jpg.webp 1200w\" sizes=\"(max-width: 944px) 100vw, 944px\"><\/source><\/picture>\n                        <button type=\"button\" class=\"zoom-button\" data-img=\"https:\/\/img.nsctotal.com.br\/wp-content\/uploads\/2026\/03\/favorito-bbb-26-6-944x531.jpg\" data-caption=\"Ana Paula e Alberto Cowboy perdem votos enquanto Chaiany e Tia Milena crescem. (Fotos: Divulga\u00e7\u00e3o, Globo)\" aria-label=\"Ampliar imagem: Ana Paula e Alberto Cowboy perdem votos enquanto Chaiany e Tia Milena crescem. (Fotos: Divulga\u00e7\u00e3o, Globo)\"\/><\/p>\n<p class=\"image-caption\">Ana Paula e Alberto Cowboy perdem votos enquanto Chaiany e Tia Milena crescem. (Fotos: Divulga\u00e7\u00e3o, Globo)<\/p>\n<\/p><\/div>\n<\/p><\/div>\n<div id=\"post-content\">\n<p>\u00c9 bem verdade que o jogo dentro da casa do BBB 26 \u00e9 um dos mais din\u00e2micos de todas as edi\u00e7\u00f5es, mas essa temporada entrega movimento tamb\u00e9m aqui fora, na prefer\u00eancia do p\u00fablico. Se nas \u00faltima semanas, a participante <a href=\"https:\/\/www.nsctotal.com.br\/noticias\/quem-e-chaiany-da-casa-de-vidro-centro-oeste-do-bbb-26\"><strong>Chaiany<\/strong><\/a> tinha desidratado e perdido muita aprova\u00e7\u00e3o, agora ela volta a despontar como uma das favoritas da edi\u00e7\u00e3o, amea\u00e7ando at\u00e9 <strong><a href=\"https:\/\/www.nsctotal.com.br\/noticias\/quem-e-ana-paula-renault-confirmada-no-veteranos-do-bbb-26-e-de-qual-edicao-ela-participou\" target=\"_blank\" rel=\"noreferrer noopener\">Ana Paula Renault<\/a><\/strong>.<\/p>\n<div class=\"nsc-content-ads\">\n<p>Continua depois da publicidade<\/p>\n<\/div>\n<p>N\u00e3o \u00e9 \u00e0 toa que o movimento acontece depois de uma briga das duas e Ana Paula parece ter crescido em rejei\u00e7\u00e3o. A veterana que antes brigava no topo com <a href=\"https:\/\/www.nsctotal.com.br\/noticias\/quem-e-jonas-sulzbach-confirmado-no-veteranos-do-bbb-26-e-de-qual-edicao-ele-participou\" target=\"_blank\" rel=\"noreferrer noopener\"><strong>Jonas Sulzbach<\/strong><\/a> para ser preferida, agora v\u00ea Chaiany crescendo e se aproximando dela no segundo lugar.<\/p>\n<p>Quem cresceu tamb\u00e9m foi <strong><a href=\"https:\/\/www.nsctotal.com.br\/noticias\/quem-e-milena-moreira-do-bbb-26-participante-da-casa-de-vidro-do-sudeste\" target=\"_blank\" rel=\"noreferrer noopener\">Milena<\/a><\/strong>, que j\u00e1 est\u00e1 encostando em <a href=\"https:\/\/www.nsctotal.com.br\/noticias\/quem-e-alberto-cowboy-confirmado-no-veteranos-do-bbb-26-e-de-qual-edicao-ele-participou\" target=\"_blank\" rel=\"noreferrer noopener\"><strong>Alberto Cowboy<\/strong><\/a>, no entanto, o veterano ainda mant\u00e9m o quarto lugar. Veja os preferido do p\u00fablico na Enquete do NSC Total at\u00e9 \u00e0s 11h deste domingo (22).<\/p>\n<ul class=\"wp-block-list\">\n<li><strong>Jonas Sulzbach \u2013 33.9%<\/strong><\/li>\n<li><strong>Ana Paula Renault \u2013 26.3%<\/strong><\/li>\n<li><strong>Chaiany \u2013 19.8%<\/strong><\/li>\n<li><strong>Alberto Cowboy \u2013 8.1%<\/strong><\/li>\n<li><strong>Milena \u2013 6.2%<\/strong><\/li>\n<li>Jordana \u2013 2.4%<\/li>\n<li>Juliano Floss \u2013 1%<\/li>\n<li>Solange Couto \u2013 0.7%<\/li>\n<li>Leandro Boneco \u2013 0.5%<\/li>\n<li>Marciele \u2013 0.5%<\/li>\n<li>Samira \u2013 0.4%<\/li>\n<li>Gabriela \u2013 0.2%<\/li>\n<\/ul>\n<div class=\"nsc-content-ads\">\n<p>Continua depois da publicidade<\/p>\n<\/div>\n<h2 class=\"wp-block-heading\" id=\"h-siga-votando-em-quem-e-o-favorito-para-ganhar-o-bbb-26\">Siga votando em quem \u00e9 o favorito para ganhar o BBB 26?<\/h2>\n<h2 class=\"wp-block-heading\" id=\"h-confira-quem-ja-saiu-e-os-indices-de-rejeicao\">Confira quem j\u00e1 saiu e os \u00edndices de rejei\u00e7\u00e3o<\/h2>\n<ul class=\"wp-block-list\">\n<li><strong><a href=\"https:\/\/www.nsctotal.com.br\/noticias\/quem-e-matheus-que-entrou-na-casa-de-vidro-sul-do-bbb-26\" target=\"_blank\" rel=\"noreferrer noopener\">Matheus<\/a><\/strong>\u00a0\u2013 eliminado no 2\u00ba pared\u00e3o com\u00a0<strong><a href=\"https:\/\/www.nsctotal.com.br\/noticias\/matheus-e-eliminado-do-bbb-26-com-7948-dos-votos\" target=\"_blank\" rel=\"noreferrer noopener\">79.48%<\/a><\/strong>\u00a0de rejei\u00e7\u00e3o<\/li>\n<li><strong><a href=\"https:\/\/www.nsctotal.com.br\/noticias\/quem-e-brigido-do-bbb-26-participante-da-casa-de-vidro-de-manaus\" target=\"_blank\" rel=\"noreferrer noopener\">Brigido<\/a><\/strong>\u00a0\u2013 eliminado no 3\u00ba pared\u00e3o com\u00a0<strong><a href=\"https:\/\/www.nsctotal.com.br\/noticias\/brigido-e-eliminado-do-bbb-26-com-7788-dos-votos\" target=\"_blank\" rel=\"noreferrer noopener\">77.88%<\/a><\/strong>\u00a0de rejei\u00e7\u00e3o<\/li>\n<li><strong><a href=\"https:\/\/www.nsctotal.com.br\/noticias\/quem-e-sarah-andrade-confirmada-no-veteranos-do-bbb-26-e-de-qual-edicao-ela-participou\" target=\"_blank\" rel=\"noreferrer noopener\"><strong>Sarah Andrade<\/strong><\/a><\/strong>\u00a0\u2013<strong>\u00a0<\/strong>eliminada no 4\u00ba pared\u00e3o com\u00a0<strong><a href=\"https:\/\/www.nsctotal.com.br\/noticias\/quarto-eliminado-bbb-26\" target=\"_blank\" rel=\"noreferrer noopener\">69.13%<\/a>\u00a0<\/strong>de rejei\u00e7\u00e3o<\/li>\n<li><strong><a href=\"https:\/\/www.nsctotal.com.br\/noticias\/quem-e-babu-santana-confirmado-no-veteranos-do-bbb-26-e-de-qual-edicao-ele-participou\" target=\"_blank\" rel=\"noreferrer noopener\">Babu Santana<\/a><\/strong>\u00a0\u2013 eliminado no 7\u00ba pared\u00e3o com\u00a0<strong><a href=\"https:\/\/www.nsctotal.com.br\/noticias\/oitavo-eliminado-bbb-26\" target=\"_blank\" rel=\"noreferrer noopener\">68.62%<\/a><\/strong>\u00a0de rejei\u00e7\u00e3o<\/li>\n<li><strong><a href=\"https:\/\/www.nsctotal.com.br\/noticias\/quem-e-marcelo-do-bbb-26-participante-da-casa-de-vidro-do-nordeste\" target=\"_blank\" rel=\"noreferrer noopener\">Marcelo<\/a><\/strong>\u00a0\u2013 eliminado no 5\u00ba pared\u00e3o com\u00a0<strong><a href=\"https:\/\/www.nsctotal.com.br\/noticias\/quinto-eliminado-bbb-26\" target=\"_blank\" rel=\"noreferrer noopener\">68.56%\u00a0<\/a><\/strong>de rejei\u00e7\u00e3o<\/li>\n<li><strong><a href=\"https:\/\/www.nsctotal.com.br\/noticias\/sexto-eliminado-bbb-26\" target=\"_blank\" rel=\"noreferrer noopener\">Maxiane<\/a><\/strong>\u00a0\u2013 eliminada no 6\u00ba pared\u00e3o com\u00a0<strong><a href=\"https:\/\/www.nsctotal.com.br\/noticias\/sexto-eliminado-bbb-26\" target=\"_blank\" rel=\"noreferrer noopener\">63.21%<\/a><\/strong>\u00a0de rejei\u00e7\u00e3o<\/li>\n<li><a href=\"https:\/\/www.nsctotal.com.br\/noticias\/quem-e-aline-campos-ex-aline-riscado-do-camarote-do-bbb-26\" target=\"_blank\" rel=\"noreferrer noopener\"><strong>Aline Campos<\/strong><\/a>\u00a0\u2013 eliminada no 1\u00ba pared\u00e3o com\u00a0<a href=\"https:\/\/www.nsctotal.com.br\/noticias\/aline-campos-e-a-1-eliminada-do-bbb-26-com-6164-dos-votos\"><strong>61.64%<\/strong><\/a>\u00a0de rejei\u00e7\u00e3o<\/li>\n<li><a href=\"https:\/\/www.nsctotal.com.br\/noticias\/quem-e-breno-do-bbb-26-participante-da-casa-de-vidro-do-sudeste-e-morador-de-florianopolis\" target=\"_blank\" rel=\"noreferrer noopener\"><strong>Breno<\/strong><\/a> \u2013 eliminado no 9\u00ba pared\u00e3o com <strong><a href=\"https:\/\/www.nsctotal.com.br\/noticias\/nono-eliminado-bbb-26\" target=\"_blank\" rel=\"noreferrer noopener\">58.96%<\/a><\/strong> de rejei\u00e7\u00e3o<\/li>\n<li><a href=\"https:\/\/www.nsctotal.com.br\/noticias\/quem-e-sol-vega-confirmada-no-veteranos-do-bbb-26-e-de-qual-edicao-ela-participou\" target=\"_blank\" rel=\"noreferrer noopener\"><strong>Sol Vega<\/strong><\/a>\u00a0\u2013 desclassificada por empurrar Ana Paula Renault<\/li>\n<li><strong><a href=\"https:\/\/www.nsctotal.com.br\/noticias\/quem-e-edilson-capetinha-ex-jogador-do-camarote-do-bbb-26\" target=\"_blank\" rel=\"noreferrer noopener\">Edilson<\/a><\/strong>\u00a0\u2013 desclassificado por agredir Leandro \u201cBoneco\u201d<\/li>\n<li><strong><a href=\"https:\/\/www.nsctotal.com.br\/noticias\/quem-e-paulo-augusto-do-bbb-26-participante-da-casa-de-vidro-do-centro-oeste\" target=\"_blank\" rel=\"noreferrer noopener\">Paulo Augusto<\/a><\/strong>\u00a0\u2013 desclassificado por empurrar Jonas Sulzbach<\/li>\n<li><strong><a href=\"https:\/\/www.nsctotal.com.br\/noticias\/quem-e-pedro-espindola-do-bbb-26-participante-da-casa-de-vidro-do-sul\" target=\"_blank\" rel=\"noreferrer noopener\">Pedro<\/a><\/strong>\u00a0\u2013 apertou o bot\u00e3o da desist\u00eancia depois de epis\u00f3dio de ass\u00e9dio<\/li>\n<li><a href=\"https:\/\/www.nsctotal.com.br\/noticias\/saiba-quem-e-henri-castelli-ator-confirmado-no-camarote-do-bbb-26\" target=\"_blank\" rel=\"noreferrer noopener\"><strong>Henri Castelli<\/strong><\/a>\u00a0\u2013 desclassificado por motivos de sa\u00fade<\/li>\n<\/ul>\n<h2 class=\"wp-block-heading\" id=\"h-quem-continua-dentro-da-casa\">Quem continua dentro da casa?<\/h2>\n<ul class=\"wp-block-list\">\n<li><a href=\"https:\/\/www.nsctotal.com.br\/noticias\/quem-e-chaiany-da-casa-de-vidro-centro-oeste-do-bbb-26\"><strong>Chaiany<\/strong><\/a>, 25 anos \u2014 Casa de Vidro Centro-Oeste<\/li>\n<li><strong><a href=\"https:\/\/www.nsctotal.com.br\/noticias\/quem-e-gabriela-saporito-do-bbb-26-participante-da-casa-de-vidro-do-sudeste\" target=\"_blank\" rel=\"noreferrer noopener\">Gabriela<\/a><\/strong>, 21 anos \u2014 Casa de Vidro Sudeste<\/li>\n<li><strong><a href=\"https:\/\/www.nsctotal.com.br\/noticias\/saiba-quem-e-jordana-que-entrou-na-casa-de-vidro-centro-oeste-do-bbb-26\" target=\"_blank\" rel=\"noreferrer noopener\">Jordana<\/a><\/strong>, 29 anos \u2014 Casa de Vidro Centro-Oeste<\/li>\n<li><a href=\"https:\/\/www.nsctotal.com.br\/noticias\/quem-e-leandro-do-bbb-26-participante-da-casa-de-vidro-do-nordeste\"><strong>Leandro<\/strong><\/a>, 42 anos \u2014 Casa de Vidro Nordeste<\/li>\n<li><strong><a href=\"https:\/\/www.nsctotal.com.br\/noticias\/quem-e-marciele-do-bbb-26-participante-da-casa-de-vidro-de-manaus\" target=\"_blank\" rel=\"noreferrer noopener\">Marciele<\/a><\/strong>, 32 anos \u2014 Casa de Vidro Norte<\/li>\n<li><strong><a href=\"https:\/\/www.nsctotal.com.br\/noticias\/quem-e-milena-moreira-do-bbb-26-participante-da-casa-de-vidro-do-sudeste\" target=\"_blank\" rel=\"noreferrer noopener\">Milena<\/a><\/strong>, 26 anos \u2014 Casa de Vidro Sudeste<\/li>\n<li><strong><a href=\"https:\/\/www.nsctotal.com.br\/noticias\/quem-e-samira-do-bbb-26-participante-da-casa-de-vidro-do-sul-e-moradora-de-imbituba\" target=\"_blank\" rel=\"noreferrer noopener\">Samira<\/a><\/strong>, 25 anos \u2014 Casa de Vidro Sul<\/li>\n<li><strong><a href=\"https:\/\/www.nsctotal.com.br\/noticias\/quem-e-juliano-floss-dancarino-viral-de-chapeco-anunciado-como-camarote-no-bbb-26\" target=\"_blank\" rel=\"noreferrer noopener\">Juliano Floss<\/a><\/strong>, 21 anos \u2014 Influencer digital e dan\u00e7arino<\/li>\n<li><strong><a href=\"https:\/\/www.nsctotal.com.br\/noticias\/solange-couto-a-dona-jura-esta-confirmada-no-camarote-do-bbb-26\" target=\"_blank\" rel=\"noreferrer noopener\">Solange Couto<\/a><\/strong>, 69 anos \u2014 Atriz<\/li>\n<li><a href=\"https:\/\/www.nsctotal.com.br\/noticias\/quem-e-alberto-cowboy-confirmado-no-veteranos-do-bbb-26-e-de-qual-edicao-ele-participou\" target=\"_blank\" rel=\"noreferrer noopener\"><strong>Alberto Cowboy<\/strong><\/a>, 49 anos \u2014 Ex-BBB 7 e empres\u00e1rio<\/li>\n<li><strong><a href=\"https:\/\/www.nsctotal.com.br\/noticias\/quem-e-ana-paula-renault-confirmada-no-veteranos-do-bbb-26-e-de-qual-edicao-ela-participou\" target=\"_blank\" rel=\"noreferrer noopener\">Ana Paula Renault<\/a><\/strong>, 44 anos \u2014 Ex-BBB 16 e jornalista<\/li>\n<li><a href=\"https:\/\/www.nsctotal.com.br\/noticias\/quem-e-jonas-sulzbach-confirmado-no-veteranos-do-bbb-26-e-de-qual-edicao-ele-participou\" target=\"_blank\" rel=\"noreferrer noopener\"><strong>Jonas Sulzbach<\/strong><\/a>, 39 anos \u2014 Ex-BBB 12 e modelo<\/li>\n<\/ul>\n<h2 class=\"wp-block-heading\" id=\"h-quem-sao-os-participantes-do-bbb-26-em-ordem-alfabetica\">Quem s\u00e3o os participantes do BBB 26 (em ordem alfab\u00e9tica)<\/h2>\n<div class=\"nc-gallery-slider\"><span class=\"count-sliders\" data-counter=\"1\">1<\/span><\/p>\n<p><button class=\"block-gallery-nav-prev\">Voltar<\/button><button class=\"block-gallery-nav-next\">Avan\u00e7ar<\/button><\/p>\n<div class=\"nc-block-gallery\" style=\"overflow:hidden; direction:ltr; cursor:-webkit-grab;\">\n<figure class=\"nc-block-gallery-item\">\n<div class=\"nc-block-image\"><img loading=\"lazy\" decoding=\"async\" width=\"1200\" height=\"675\" data-id=\"7784610\" src=\"https:\/\/img.nsctotal.com.br\/wp-content\/uploads\/2026\/01\/todos-os-participantes-do-BBB-26-21.jpg\" alt=\"\" class=\"wp-image-7784610\" srcset=\"https:\/\/img.nsctotal.com.br\/wp-content\/uploads\/2026\/01\/todos-os-participantes-do-BBB-26-21.jpg 1200w, https:\/\/img.nsctotal.com.br\/wp-content\/uploads\/2026\/01\/todos-os-participantes-do-BBB-26-21-944x531.jpg 944w, https:\/\/img.nsctotal.com.br\/wp-content\/uploads\/2026\/01\/todos-os-participantes-do-BBB-26-21-720x405.jpg 720w, https:\/\/img.nsctotal.com.br\/wp-content\/uploads\/2026\/01\/todos-os-participantes-do-BBB-26-21-200x112.jpg 200w\" sizes=\"auto, (max-width: 1200px) 100vw, 1200px\"\/><button type=\"button\" class=\"zoom-button\" data-img=\"https:\/\/img.nsctotal.com.br\/wp-content\/uploads\/2026\/01\/todos-os-participantes-do-BBB-26-21.jpg\" data-caption=\"Imagem da Galeria\" aria-label=\"Ampliar imagem: Imagem da Galeria\"\/><\/div>\n<div class=\"nc-block-image-caption\">\n<p>Alberto Cowboy \u2013 Veteranos (Foto: Divulga\u00e7\u00e3o, Globo)<\/p>\n<\/div>\n<\/figure>\n<figure class=\"nc-block-gallery-item\">\n<div class=\"nc-block-image\"><img loading=\"lazy\" decoding=\"async\" width=\"1200\" height=\"675\" data-id=\"7784598\" src=\"https:\/\/img.nsctotal.com.br\/wp-content\/uploads\/2026\/01\/todos-os-participantes-do-BBB-26-25.jpg\" alt=\"todos os participantes do BBB 26\" class=\"wp-image-7784598\" srcset=\"https:\/\/img.nsctotal.com.br\/wp-content\/uploads\/2026\/01\/todos-os-participantes-do-BBB-26-25.jpg 1200w, https:\/\/img.nsctotal.com.br\/wp-content\/uploads\/2026\/01\/todos-os-participantes-do-BBB-26-25-944x531.jpg 944w, https:\/\/img.nsctotal.com.br\/wp-content\/uploads\/2026\/01\/todos-os-participantes-do-BBB-26-25-720x405.jpg 720w, https:\/\/img.nsctotal.com.br\/wp-content\/uploads\/2026\/01\/todos-os-participantes-do-BBB-26-25-200x112.jpg 200w\" sizes=\"auto, (max-width: 1200px) 100vw, 1200px\"\/><button type=\"button\" class=\"zoom-button\" data-img=\"https:\/\/img.nsctotal.com.br\/wp-content\/uploads\/2026\/01\/todos-os-participantes-do-BBB-26-25.jpg\" data-caption=\"todos os participantes do BBB 26\" aria-label=\"Ampliar imagem: todos os participantes do BBB 26\"\/><\/div>\n<div class=\"nc-block-image-caption\">\n<p>Aline Campos \u2013 Camarote (Foto: Divulga\u00e7\u00e3o, Globo)<\/p>\n<\/div>\n<\/figure>\n<figure class=\"nc-block-gallery-item\">\n<div class=\"nc-block-image\"><img loading=\"lazy\" decoding=\"async\" width=\"1200\" height=\"675\" data-id=\"7784597\" src=\"https:\/\/img.nsctotal.com.br\/wp-content\/uploads\/2026\/01\/todos-os-participantes-do-BBB-26-24.jpg\" alt=\"\" class=\"wp-image-7784597\" srcset=\"https:\/\/img.nsctotal.com.br\/wp-content\/uploads\/2026\/01\/todos-os-participantes-do-BBB-26-24.jpg 1200w, https:\/\/img.nsctotal.com.br\/wp-content\/uploads\/2026\/01\/todos-os-participantes-do-BBB-26-24-944x531.jpg 944w, https:\/\/img.nsctotal.com.br\/wp-content\/uploads\/2026\/01\/todos-os-participantes-do-BBB-26-24-720x405.jpg 720w, https:\/\/img.nsctotal.com.br\/wp-content\/uploads\/2026\/01\/todos-os-participantes-do-BBB-26-24-200x112.jpg 200w\" sizes=\"auto, (max-width: 1200px) 100vw, 1200px\"\/><button type=\"button\" class=\"zoom-button\" data-img=\"https:\/\/img.nsctotal.com.br\/wp-content\/uploads\/2026\/01\/todos-os-participantes-do-BBB-26-24.jpg\" data-caption=\"Imagem da Galeria\" aria-label=\"Ampliar imagem: Imagem da Galeria\"\/><\/div>\n<div class=\"nc-block-image-caption\">\n<p>Ana Paula Renault \u2013 Veteranos (Foto: Divulga\u00e7\u00e3o, Globo)<\/p>\n<\/div>\n<\/figure>\n<figure class=\"nc-block-gallery-item\">\n<div class=\"nc-block-image\"><img loading=\"lazy\" decoding=\"async\" width=\"1200\" height=\"675\" data-id=\"7784608\" src=\"https:\/\/img.nsctotal.com.br\/wp-content\/uploads\/2026\/01\/todos-os-participantes-do-BBB-26-19.jpg\" alt=\"todos os participantes do BBB 26\" class=\"wp-image-7784608\" srcset=\"https:\/\/img.nsctotal.com.br\/wp-content\/uploads\/2026\/01\/todos-os-participantes-do-BBB-26-19.jpg 1200w, https:\/\/img.nsctotal.com.br\/wp-content\/uploads\/2026\/01\/todos-os-participantes-do-BBB-26-19-944x531.jpg 944w, https:\/\/img.nsctotal.com.br\/wp-content\/uploads\/2026\/01\/todos-os-participantes-do-BBB-26-19-720x405.jpg 720w, https:\/\/img.nsctotal.com.br\/wp-content\/uploads\/2026\/01\/todos-os-participantes-do-BBB-26-19-200x112.jpg 200w\" sizes=\"auto, (max-width: 1200px) 100vw, 1200px\"\/><button type=\"button\" class=\"zoom-button\" data-img=\"https:\/\/img.nsctotal.com.br\/wp-content\/uploads\/2026\/01\/todos-os-participantes-do-BBB-26-19.jpg\" data-caption=\"todos os participantes do BBB 26\" aria-label=\"Ampliar imagem: todos os participantes do BBB 26\"\/><\/div>\n<div class=\"nc-block-image-caption\">\n<p>Babu Santana \u2013 Veteranos (Foto: Divulga\u00e7\u00e3o, Globo)<\/p>\n<\/div>\n<\/figure>\n<figure class=\"nc-block-gallery-item\">\n<div class=\"nc-block-image\"><img loading=\"lazy\" decoding=\"async\" width=\"1200\" height=\"675\" data-id=\"7784603\" src=\"https:\/\/img.nsctotal.com.br\/wp-content\/uploads\/2026\/01\/todos-os-participantes-do-BBB-26-14.jpg\" alt=\"\" class=\"wp-image-7784603\" srcset=\"https:\/\/img.nsctotal.com.br\/wp-content\/uploads\/2026\/01\/todos-os-participantes-do-BBB-26-14.jpg 1200w, https:\/\/img.nsctotal.com.br\/wp-content\/uploads\/2026\/01\/todos-os-participantes-do-BBB-26-14-944x531.jpg 944w, https:\/\/img.nsctotal.com.br\/wp-content\/uploads\/2026\/01\/todos-os-participantes-do-BBB-26-14-720x405.jpg 720w, https:\/\/img.nsctotal.com.br\/wp-content\/uploads\/2026\/01\/todos-os-participantes-do-BBB-26-14-200x112.jpg 200w\" sizes=\"auto, (max-width: 1200px) 100vw, 1200px\"\/><button type=\"button\" class=\"zoom-button\" data-img=\"https:\/\/img.nsctotal.com.br\/wp-content\/uploads\/2026\/01\/todos-os-participantes-do-BBB-26-14.jpg\" data-caption=\"Imagem da Galeria\" aria-label=\"Ampliar imagem: Imagem da Galeria\"\/><\/div>\n<div class=\"nc-block-image-caption\">\n<p>Breno \u2013 Pipoca (Foto: Divulga\u00e7\u00e3o, Globo)<\/p>\n<\/div>\n<\/figure>\n<figure class=\"nc-block-gallery-item\">\n<div class=\"nc-block-image\"><img loading=\"lazy\" decoding=\"async\" width=\"1200\" height=\"675\" data-id=\"7784600\" src=\"https:\/\/img.nsctotal.com.br\/wp-content\/uploads\/2026\/01\/todos-os-participantes-do-BBB-26-11.jpg\" alt=\"todos os participantes do BBB 26\" class=\"wp-image-7784600\" srcset=\"https:\/\/img.nsctotal.com.br\/wp-content\/uploads\/2026\/01\/todos-os-participantes-do-BBB-26-11.jpg 1200w, https:\/\/img.nsctotal.com.br\/wp-content\/uploads\/2026\/01\/todos-os-participantes-do-BBB-26-11-944x531.jpg 944w, https:\/\/img.nsctotal.com.br\/wp-content\/uploads\/2026\/01\/todos-os-participantes-do-BBB-26-11-720x405.jpg 720w, https:\/\/img.nsctotal.com.br\/wp-content\/uploads\/2026\/01\/todos-os-participantes-do-BBB-26-11-200x112.jpg 200w\" sizes=\"auto, (max-width: 1200px) 100vw, 1200px\"\/><button type=\"button\" class=\"zoom-button\" data-img=\"https:\/\/img.nsctotal.com.br\/wp-content\/uploads\/2026\/01\/todos-os-participantes-do-BBB-26-11.jpg\" data-caption=\"todos os participantes do BBB 26\" aria-label=\"Ampliar imagem: todos os participantes do BBB 26\"\/><\/div>\n<div class=\"nc-block-image-caption\">\n<p>Brigido \u2013 Pipoca (Foto: Divulga\u00e7\u00e3o, Globo)<\/p>\n<\/div>\n<\/figure>\n<figure class=\"nc-block-gallery-item\">\n<div class=\"nc-block-image\"><img loading=\"lazy\" decoding=\"async\" width=\"1200\" height=\"675\" data-id=\"7784620\" src=\"https:\/\/img.nsctotal.com.br\/wp-content\/uploads\/2026\/01\/todos-os-participantes-do-BBB-26.jpg\" alt=\"todos os participantes do BBB 26\" class=\"wp-image-7784620\" srcset=\"https:\/\/img.nsctotal.com.br\/wp-content\/uploads\/2026\/01\/todos-os-participantes-do-BBB-26.jpg 1200w, https:\/\/img.nsctotal.com.br\/wp-content\/uploads\/2026\/01\/todos-os-participantes-do-BBB-26-944x531.jpg 944w, https:\/\/img.nsctotal.com.br\/wp-content\/uploads\/2026\/01\/todos-os-participantes-do-BBB-26-720x405.jpg 720w, https:\/\/img.nsctotal.com.br\/wp-content\/uploads\/2026\/01\/todos-os-participantes-do-BBB-26-200x112.jpg 200w\" sizes=\"auto, (max-width: 1200px) 100vw, 1200px\"\/><button type=\"button\" class=\"zoom-button\" data-img=\"https:\/\/img.nsctotal.com.br\/wp-content\/uploads\/2026\/01\/todos-os-participantes-do-BBB-26.jpg\" data-caption=\"todos os participantes do BBB 26\" aria-label=\"Ampliar imagem: todos os participantes do BBB 26\"\/><\/div>\n<div class=\"nc-block-image-caption\">\n<p>Chaiany \u2013 Pipoca (Foto: Divulga\u00e7\u00e3o, Globo)<\/p>\n<\/div>\n<\/figure>\n<figure class=\"nc-block-gallery-item\">\n<div class=\"nc-block-image\"><img loading=\"lazy\" decoding=\"async\" width=\"1200\" height=\"675\" data-id=\"7784606\" src=\"https:\/\/img.nsctotal.com.br\/wp-content\/uploads\/2026\/01\/todos-os-participantes-do-BBB-26-17.jpg\" alt=\"todos os participantes do BBB 26\" class=\"wp-image-7784606\" srcset=\"https:\/\/img.nsctotal.com.br\/wp-content\/uploads\/2026\/01\/todos-os-participantes-do-BBB-26-17.jpg 1200w, https:\/\/img.nsctotal.com.br\/wp-content\/uploads\/2026\/01\/todos-os-participantes-do-BBB-26-17-944x531.jpg 944w, https:\/\/img.nsctotal.com.br\/wp-content\/uploads\/2026\/01\/todos-os-participantes-do-BBB-26-17-720x405.jpg 720w, https:\/\/img.nsctotal.com.br\/wp-content\/uploads\/2026\/01\/todos-os-participantes-do-BBB-26-17-200x112.jpg 200w\" sizes=\"auto, (max-width: 1200px) 100vw, 1200px\"\/><button type=\"button\" class=\"zoom-button\" data-img=\"https:\/\/img.nsctotal.com.br\/wp-content\/uploads\/2026\/01\/todos-os-participantes-do-BBB-26-17.jpg\" data-caption=\"todos os participantes do BBB 26\" aria-label=\"Ampliar imagem: todos os participantes do BBB 26\"\/><\/div>\n<div class=\"nc-block-image-caption\">\n<p>Edilson Capetinha \u2013 Camarote (Foto: Divulga\u00e7\u00e3o, Globo)<\/p>\n<\/div>\n<\/figure>\n<figure class=\"nc-block-gallery-item\">\n<div class=\"nc-block-image\"><img loading=\"lazy\" decoding=\"async\" width=\"1200\" height=\"675\" data-id=\"7784612\" src=\"https:\/\/img.nsctotal.com.br\/wp-content\/uploads\/2026\/01\/todos-os-participantes-do-BBB-26-2.jpg\" alt=\"todos os participantes do BBB 26\" class=\"wp-image-7784612\" srcset=\"https:\/\/img.nsctotal.com.br\/wp-content\/uploads\/2026\/01\/todos-os-participantes-do-BBB-26-2.jpg 1200w, https:\/\/img.nsctotal.com.br\/wp-content\/uploads\/2026\/01\/todos-os-participantes-do-BBB-26-2-944x531.jpg 944w, https:\/\/img.nsctotal.com.br\/wp-content\/uploads\/2026\/01\/todos-os-participantes-do-BBB-26-2-720x405.jpg 720w, https:\/\/img.nsctotal.com.br\/wp-content\/uploads\/2026\/01\/todos-os-participantes-do-BBB-26-2-200x112.jpg 200w\" sizes=\"auto, (max-width: 1200px) 100vw, 1200px\"\/><button type=\"button\" class=\"zoom-button\" data-img=\"https:\/\/img.nsctotal.com.br\/wp-content\/uploads\/2026\/01\/todos-os-participantes-do-BBB-26-2.jpg\" data-caption=\"todos os participantes do BBB 26\" aria-label=\"Ampliar imagem: todos os participantes do BBB 26\"\/><\/div>\n<div class=\"nc-block-image-caption\">\n<p>Gabriela \u2013 Pipoca (Foto: Divulga\u00e7\u00e3o, Globo)<\/p>\n<\/div>\n<\/figure>\n<figure class=\"nc-block-gallery-item\">\n<div class=\"nc-block-image\"><img loading=\"lazy\" decoding=\"async\" width=\"1200\" height=\"675\" data-id=\"7784614\" src=\"https:\/\/img.nsctotal.com.br\/wp-content\/uploads\/2026\/01\/todos-os-participantes-do-BBB-26-4.jpg\" alt=\"todos os participantes do BBB 26\" class=\"wp-image-7784614\" srcset=\"https:\/\/img.nsctotal.com.br\/wp-content\/uploads\/2026\/01\/todos-os-participantes-do-BBB-26-4.jpg 1200w, https:\/\/img.nsctotal.com.br\/wp-content\/uploads\/2026\/01\/todos-os-participantes-do-BBB-26-4-944x531.jpg 944w, https:\/\/img.nsctotal.com.br\/wp-content\/uploads\/2026\/01\/todos-os-participantes-do-BBB-26-4-720x405.jpg 720w, https:\/\/img.nsctotal.com.br\/wp-content\/uploads\/2026\/01\/todos-os-participantes-do-BBB-26-4-200x112.jpg 200w\" sizes=\"auto, (max-width: 1200px) 100vw, 1200px\"\/><button type=\"button\" class=\"zoom-button\" data-img=\"https:\/\/img.nsctotal.com.br\/wp-content\/uploads\/2026\/01\/todos-os-participantes-do-BBB-26-4.jpg\" data-caption=\"todos os participantes do BBB 26\" aria-label=\"Ampliar imagem: todos os participantes do BBB 26\"\/><\/div>\n<div class=\"nc-block-image-caption\">\n<p>Leandro \u2013 Pipoca (Foto: Divulga\u00e7\u00e3o, Globo)<\/p>\n<\/div>\n<\/figure>\n<figure class=\"nc-block-gallery-item\">\n<div class=\"nc-block-image\"><img loading=\"lazy\" decoding=\"async\" width=\"1200\" height=\"675\" data-id=\"7784609\" src=\"https:\/\/img.nsctotal.com.br\/wp-content\/uploads\/2026\/01\/todos-os-participantes-do-BBB-26-20.jpg\" alt=\"todos os participantes do BBB 26\" class=\"wp-image-7784609\" srcset=\"https:\/\/img.nsctotal.com.br\/wp-content\/uploads\/2026\/01\/todos-os-participantes-do-BBB-26-20.jpg 1200w, https:\/\/img.nsctotal.com.br\/wp-content\/uploads\/2026\/01\/todos-os-participantes-do-BBB-26-20-944x531.jpg 944w, https:\/\/img.nsctotal.com.br\/wp-content\/uploads\/2026\/01\/todos-os-participantes-do-BBB-26-20-720x405.jpg 720w, https:\/\/img.nsctotal.com.br\/wp-content\/uploads\/2026\/01\/todos-os-participantes-do-BBB-26-20-200x112.jpg 200w\" sizes=\"auto, (max-width: 1200px) 100vw, 1200px\"\/><button type=\"button\" class=\"zoom-button\" data-img=\"https:\/\/img.nsctotal.com.br\/wp-content\/uploads\/2026\/01\/todos-os-participantes-do-BBB-26-20.jpg\" data-caption=\"todos os participantes do BBB 26\" aria-label=\"Ampliar imagem: todos os participantes do BBB 26\"\/><\/div>\n<div class=\"nc-block-image-caption\">\n<p>Jonas Sulzbach \u2013 Veteranos (Foto: Divulga\u00e7\u00e3o, Globo)<\/p>\n<\/div>\n<\/figure>\n<figure class=\"nc-block-gallery-item\">\n<div class=\"nc-block-image\"><img loading=\"lazy\" decoding=\"async\" width=\"1200\" height=\"675\" data-id=\"7784601\" src=\"https:\/\/img.nsctotal.com.br\/wp-content\/uploads\/2026\/01\/todos-os-participantes-do-BBB-26-12.jpg\" alt=\"\" class=\"wp-image-7784601\" srcset=\"https:\/\/img.nsctotal.com.br\/wp-content\/uploads\/2026\/01\/todos-os-participantes-do-BBB-26-12.jpg 1200w, https:\/\/img.nsctotal.com.br\/wp-content\/uploads\/2026\/01\/todos-os-participantes-do-BBB-26-12-944x531.jpg 944w, https:\/\/img.nsctotal.com.br\/wp-content\/uploads\/2026\/01\/todos-os-participantes-do-BBB-26-12-720x405.jpg 720w, https:\/\/img.nsctotal.com.br\/wp-content\/uploads\/2026\/01\/todos-os-participantes-do-BBB-26-12-200x112.jpg 200w\" sizes=\"auto, (max-width: 1200px) 100vw, 1200px\"\/><button type=\"button\" class=\"zoom-button\" data-img=\"https:\/\/img.nsctotal.com.br\/wp-content\/uploads\/2026\/01\/todos-os-participantes-do-BBB-26-12.jpg\" data-caption=\"Imagem da Galeria\" aria-label=\"Ampliar imagem: Imagem da Galeria\"\/><\/div>\n<div class=\"nc-block-image-caption\">\n<p>Jordana \u2013 Pipoca (Foto: Divulga\u00e7\u00e3o, Globo)<\/p>\n<\/div>\n<\/figure>\n<figure class=\"nc-block-gallery-item\">\n<div class=\"nc-block-image\"><img loading=\"lazy\" decoding=\"async\" width=\"1200\" height=\"675\" data-id=\"7784605\" src=\"https:\/\/img.nsctotal.com.br\/wp-content\/uploads\/2026\/01\/todos-os-participantes-do-BBB-26-16.jpg\" alt=\"\" class=\"wp-image-7784605\" srcset=\"https:\/\/img.nsctotal.com.br\/wp-content\/uploads\/2026\/01\/todos-os-participantes-do-BBB-26-16.jpg 1200w, https:\/\/img.nsctotal.com.br\/wp-content\/uploads\/2026\/01\/todos-os-participantes-do-BBB-26-16-944x531.jpg 944w, https:\/\/img.nsctotal.com.br\/wp-content\/uploads\/2026\/01\/todos-os-participantes-do-BBB-26-16-720x405.jpg 720w, https:\/\/img.nsctotal.com.br\/wp-content\/uploads\/2026\/01\/todos-os-participantes-do-BBB-26-16-200x112.jpg 200w\" sizes=\"auto, (max-width: 1200px) 100vw, 1200px\"\/><button type=\"button\" class=\"zoom-button\" data-img=\"https:\/\/img.nsctotal.com.br\/wp-content\/uploads\/2026\/01\/todos-os-participantes-do-BBB-26-16.jpg\" data-caption=\"Imagem da Galeria\" aria-label=\"Ampliar imagem: Imagem da Galeria\"\/><\/div>\n<div class=\"nc-block-image-caption\">\n<p>Juliano Floss \u2013 Camarote (Foto: Divulga\u00e7\u00e3o, Globo)<\/p>\n<\/div>\n<\/figure>\n<figure class=\"nc-block-gallery-item\">\n<div class=\"nc-block-image\"><img loading=\"lazy\" decoding=\"async\" width=\"1200\" height=\"675\" data-id=\"7784604\" src=\"https:\/\/img.nsctotal.com.br\/wp-content\/uploads\/2026\/01\/todos-os-participantes-do-BBB-26-15.jpg\" alt=\"todos os participantes do BBB 26\" class=\"wp-image-7784604\" srcset=\"https:\/\/img.nsctotal.com.br\/wp-content\/uploads\/2026\/01\/todos-os-participantes-do-BBB-26-15.jpg 1200w, https:\/\/img.nsctotal.com.br\/wp-content\/uploads\/2026\/01\/todos-os-participantes-do-BBB-26-15-944x531.jpg 944w, https:\/\/img.nsctotal.com.br\/wp-content\/uploads\/2026\/01\/todos-os-participantes-do-BBB-26-15-720x405.jpg 720w, https:\/\/img.nsctotal.com.br\/wp-content\/uploads\/2026\/01\/todos-os-participantes-do-BBB-26-15-200x112.jpg 200w\" sizes=\"auto, (max-width: 1200px) 100vw, 1200px\"\/><button type=\"button\" class=\"zoom-button\" data-img=\"https:\/\/img.nsctotal.com.br\/wp-content\/uploads\/2026\/01\/todos-os-participantes-do-BBB-26-15.jpg\" data-caption=\"todos os participantes do BBB 26\" aria-label=\"Ampliar imagem: todos os participantes do BBB 26\"\/><\/div>\n<div class=\"nc-block-image-caption\">\n<p>Marcelo \u2013 Pipoca (Foto: Divulga\u00e7\u00e3o, Globo)<\/p>\n<\/div>\n<\/figure>\n<figure class=\"nc-block-gallery-item\">\n<div class=\"nc-block-image\"><img loading=\"lazy\" decoding=\"async\" width=\"1200\" height=\"675\" data-id=\"7784618\" src=\"https:\/\/img.nsctotal.com.br\/wp-content\/uploads\/2026\/01\/todos-os-participantes-do-BBB-26-8.jpg\" alt=\"todos os participantes do BBB 26\" class=\"wp-image-7784618\" srcset=\"https:\/\/img.nsctotal.com.br\/wp-content\/uploads\/2026\/01\/todos-os-participantes-do-BBB-26-8.jpg 1200w, https:\/\/img.nsctotal.com.br\/wp-content\/uploads\/2026\/01\/todos-os-participantes-do-BBB-26-8-944x531.jpg 944w, https:\/\/img.nsctotal.com.br\/wp-content\/uploads\/2026\/01\/todos-os-participantes-do-BBB-26-8-720x405.jpg 720w, https:\/\/img.nsctotal.com.br\/wp-content\/uploads\/2026\/01\/todos-os-participantes-do-BBB-26-8-200x112.jpg 200w\" sizes=\"auto, (max-width: 1200px) 100vw, 1200px\"\/><button type=\"button\" class=\"zoom-button\" data-img=\"https:\/\/img.nsctotal.com.br\/wp-content\/uploads\/2026\/01\/todos-os-participantes-do-BBB-26-8.jpg\" data-caption=\"todos os participantes do BBB 26\" aria-label=\"Ampliar imagem: todos os participantes do BBB 26\"\/><\/div>\n<div class=\"nc-block-image-caption\">\n<p>Marciele \u2013 Pipoca (Foto: Divulga\u00e7\u00e3o, Globo)<\/p>\n<\/div>\n<\/figure>\n<figure class=\"nc-block-gallery-item\">\n<div class=\"nc-block-image\"><img loading=\"lazy\" decoding=\"async\" width=\"1200\" height=\"675\" data-id=\"7784599\" src=\"https:\/\/img.nsctotal.com.br\/wp-content\/uploads\/2026\/01\/todos-os-participantes-do-BBB-26-10.jpg\" alt=\"\" class=\"wp-image-7784599\" srcset=\"https:\/\/img.nsctotal.com.br\/wp-content\/uploads\/2026\/01\/todos-os-participantes-do-BBB-26-10.jpg 1200w, https:\/\/img.nsctotal.com.br\/wp-content\/uploads\/2026\/01\/todos-os-participantes-do-BBB-26-10-944x531.jpg 944w, https:\/\/img.nsctotal.com.br\/wp-content\/uploads\/2026\/01\/todos-os-participantes-do-BBB-26-10-720x405.jpg 720w, https:\/\/img.nsctotal.com.br\/wp-content\/uploads\/2026\/01\/todos-os-participantes-do-BBB-26-10-200x112.jpg 200w\" sizes=\"auto, (max-width: 1200px) 100vw, 1200px\"\/><button type=\"button\" class=\"zoom-button\" data-img=\"https:\/\/img.nsctotal.com.br\/wp-content\/uploads\/2026\/01\/todos-os-participantes-do-BBB-26-10.jpg\" data-caption=\"Imagem da Galeria\" aria-label=\"Ampliar imagem: Imagem da Galeria\"\/><\/div>\n<div class=\"nc-block-image-caption\">\n<p>Maxiane \u2013 Pipoca (Foto: Divulga\u00e7\u00e3o, Globo)<\/p>\n<\/div>\n<\/figure>\n<figure class=\"nc-block-gallery-item\">\n<div class=\"nc-block-image\"><img loading=\"lazy\" decoding=\"async\" width=\"1200\" height=\"675\" data-id=\"7784616\" src=\"https:\/\/img.nsctotal.com.br\/wp-content\/uploads\/2026\/01\/todos-os-participantes-do-BBB-26-6.jpg\" alt=\"\" class=\"wp-image-7784616\" srcset=\"https:\/\/img.nsctotal.com.br\/wp-content\/uploads\/2026\/01\/todos-os-participantes-do-BBB-26-6.jpg 1200w, https:\/\/img.nsctotal.com.br\/wp-content\/uploads\/2026\/01\/todos-os-participantes-do-BBB-26-6-944x531.jpg 944w, https:\/\/img.nsctotal.com.br\/wp-content\/uploads\/2026\/01\/todos-os-participantes-do-BBB-26-6-720x405.jpg 720w, https:\/\/img.nsctotal.com.br\/wp-content\/uploads\/2026\/01\/todos-os-participantes-do-BBB-26-6-200x112.jpg 200w\" sizes=\"auto, (max-width: 1200px) 100vw, 1200px\"\/><button type=\"button\" class=\"zoom-button\" data-img=\"https:\/\/img.nsctotal.com.br\/wp-content\/uploads\/2026\/01\/todos-os-participantes-do-BBB-26-6.jpg\" data-caption=\"Imagem da Galeria\" aria-label=\"Ampliar imagem: Imagem da Galeria\"\/><\/div>\n<div class=\"nc-block-image-caption\">\n<p>Milena \u2013 Pipoca (Foto: Divulga\u00e7\u00e3o, Globo)<\/p>\n<\/div>\n<\/figure>\n<figure class=\"nc-block-gallery-item\">\n<div class=\"nc-block-image\"><img loading=\"lazy\" decoding=\"async\" width=\"1200\" height=\"675\" data-id=\"7784613\" src=\"https:\/\/img.nsctotal.com.br\/wp-content\/uploads\/2026\/01\/todos-os-participantes-do-BBB-26-3.jpg\" alt=\"\" class=\"wp-image-7784613\" srcset=\"https:\/\/img.nsctotal.com.br\/wp-content\/uploads\/2026\/01\/todos-os-participantes-do-BBB-26-3.jpg 1200w, https:\/\/img.nsctotal.com.br\/wp-content\/uploads\/2026\/01\/todos-os-participantes-do-BBB-26-3-944x531.jpg 944w, https:\/\/img.nsctotal.com.br\/wp-content\/uploads\/2026\/01\/todos-os-participantes-do-BBB-26-3-720x405.jpg 720w, https:\/\/img.nsctotal.com.br\/wp-content\/uploads\/2026\/01\/todos-os-participantes-do-BBB-26-3-200x112.jpg 200w\" sizes=\"auto, (max-width: 1200px) 100vw, 1200px\"\/><button type=\"button\" class=\"zoom-button\" data-img=\"https:\/\/img.nsctotal.com.br\/wp-content\/uploads\/2026\/01\/todos-os-participantes-do-BBB-26-3.jpg\" data-caption=\"Imagem da Galeria\" aria-label=\"Ampliar imagem: Imagem da Galeria\"\/><\/div>\n<div class=\"nc-block-image-caption\">\n<p>Matheus \u2013 Pipoca (Foto: Divulga\u00e7\u00e3o, Globo)<\/p>\n<\/div>\n<\/figure>\n<figure class=\"nc-block-gallery-item\">\n<div class=\"nc-block-image\"><img loading=\"lazy\" decoding=\"async\" width=\"1200\" height=\"675\" data-id=\"7784602\" src=\"https:\/\/img.nsctotal.com.br\/wp-content\/uploads\/2026\/01\/todos-os-participantes-do-BBB-26-13.jpg\" alt=\"todos os participantes do BBB 26\" class=\"wp-image-7784602\" srcset=\"https:\/\/img.nsctotal.com.br\/wp-content\/uploads\/2026\/01\/todos-os-participantes-do-BBB-26-13.jpg 1200w, https:\/\/img.nsctotal.com.br\/wp-content\/uploads\/2026\/01\/todos-os-participantes-do-BBB-26-13-944x531.jpg 944w, https:\/\/img.nsctotal.com.br\/wp-content\/uploads\/2026\/01\/todos-os-participantes-do-BBB-26-13-720x405.jpg 720w, https:\/\/img.nsctotal.com.br\/wp-content\/uploads\/2026\/01\/todos-os-participantes-do-BBB-26-13-200x112.jpg 200w\" sizes=\"auto, (max-width: 1200px) 100vw, 1200px\"\/><button type=\"button\" class=\"zoom-button\" data-img=\"https:\/\/img.nsctotal.com.br\/wp-content\/uploads\/2026\/01\/todos-os-participantes-do-BBB-26-13.jpg\" data-caption=\"todos os participantes do BBB 26\" aria-label=\"Ampliar imagem: todos os participantes do BBB 26\"\/><\/div>\n<div class=\"nc-block-image-caption\">\n<p>Paulo Augusto \u2013 Pipoca (Foto: Divulga\u00e7\u00e3o, Globo)<\/p>\n<\/div>\n<\/figure>\n<figure class=\"nc-block-gallery-item\">\n<div class=\"nc-block-image\"><img loading=\"lazy\" decoding=\"async\" width=\"1200\" height=\"675\" data-id=\"7784619\" src=\"https:\/\/img.nsctotal.com.br\/wp-content\/uploads\/2026\/01\/todos-os-participantes-do-BBB-26-9.jpg\" alt=\"\" class=\"wp-image-7784619\" srcset=\"https:\/\/img.nsctotal.com.br\/wp-content\/uploads\/2026\/01\/todos-os-participantes-do-BBB-26-9.jpg 1200w, https:\/\/img.nsctotal.com.br\/wp-content\/uploads\/2026\/01\/todos-os-participantes-do-BBB-26-9-944x531.jpg 944w, https:\/\/img.nsctotal.com.br\/wp-content\/uploads\/2026\/01\/todos-os-participantes-do-BBB-26-9-720x405.jpg 720w, https:\/\/img.nsctotal.com.br\/wp-content\/uploads\/2026\/01\/todos-os-participantes-do-BBB-26-9-200x112.jpg 200w\" sizes=\"auto, (max-width: 1200px) 100vw, 1200px\"\/><button type=\"button\" class=\"zoom-button\" data-img=\"https:\/\/img.nsctotal.com.br\/wp-content\/uploads\/2026\/01\/todos-os-participantes-do-BBB-26-9.jpg\" data-caption=\"Imagem da Galeria\" aria-label=\"Ampliar imagem: Imagem da Galeria\"\/><\/div>\n<div class=\"nc-block-image-caption\">\n<p>Pedro \u2013 Pipoca (Foto: Divulga\u00e7\u00e3o, Globo)<\/p>\n<\/div>\n<\/figure>\n<figure class=\"nc-block-gallery-item\">\n<div class=\"nc-block-image\"><img loading=\"lazy\" decoding=\"async\" width=\"1200\" height=\"675\" data-id=\"7784617\" src=\"https:\/\/img.nsctotal.com.br\/wp-content\/uploads\/2026\/01\/todos-os-participantes-do-BBB-26-7.jpg\" alt=\"\" class=\"wp-image-7784617\" srcset=\"https:\/\/img.nsctotal.com.br\/wp-content\/uploads\/2026\/01\/todos-os-participantes-do-BBB-26-7.jpg 1200w, https:\/\/img.nsctotal.com.br\/wp-content\/uploads\/2026\/01\/todos-os-participantes-do-BBB-26-7-944x531.jpg 944w, https:\/\/img.nsctotal.com.br\/wp-content\/uploads\/2026\/01\/todos-os-participantes-do-BBB-26-7-720x405.jpg 720w, https:\/\/img.nsctotal.com.br\/wp-content\/uploads\/2026\/01\/todos-os-participantes-do-BBB-26-7-200x112.jpg 200w\" sizes=\"auto, (max-width: 1200px) 100vw, 1200px\"\/><button type=\"button\" class=\"zoom-button\" data-img=\"https:\/\/img.nsctotal.com.br\/wp-content\/uploads\/2026\/01\/todos-os-participantes-do-BBB-26-7.jpg\" data-caption=\"Imagem da Galeria\" aria-label=\"Ampliar imagem: Imagem da Galeria\"\/><\/div>\n<div class=\"nc-block-image-caption\">\n<p>Samira \u2013 Pipoca (Foto: Divulga\u00e7\u00e3o, Globo)<\/p>\n<\/div>\n<\/figure>\n<figure class=\"nc-block-gallery-item\">\n<div class=\"nc-block-image\"><img loading=\"lazy\" decoding=\"async\" width=\"1200\" height=\"675\" data-id=\"7784596\" src=\"https:\/\/img.nsctotal.com.br\/wp-content\/uploads\/2026\/01\/todos-os-participantes-do-BBB-26-23.jpg\" alt=\"todos os participantes do BBB 26\" class=\"wp-image-7784596\" srcset=\"https:\/\/img.nsctotal.com.br\/wp-content\/uploads\/2026\/01\/todos-os-participantes-do-BBB-26-23.jpg 1200w, https:\/\/img.nsctotal.com.br\/wp-content\/uploads\/2026\/01\/todos-os-participantes-do-BBB-26-23-944x531.jpg 944w, https:\/\/img.nsctotal.com.br\/wp-content\/uploads\/2026\/01\/todos-os-participantes-do-BBB-26-23-720x405.jpg 720w, https:\/\/img.nsctotal.com.br\/wp-content\/uploads\/2026\/01\/todos-os-participantes-do-BBB-26-23-200x112.jpg 200w\" sizes=\"auto, (max-width: 1200px) 100vw, 1200px\"\/><button type=\"button\" class=\"zoom-button\" data-img=\"https:\/\/img.nsctotal.com.br\/wp-content\/uploads\/2026\/01\/todos-os-participantes-do-BBB-26-23.jpg\" data-caption=\"todos os participantes do BBB 26\" aria-label=\"Ampliar imagem: todos os participantes do BBB 26\"\/><\/div>\n<div class=\"nc-block-image-caption\">\n<p>Sarah Andrade \u2013 Veteranos (Foto: Divulga\u00e7\u00e3o, Globo)<\/p>\n<\/div>\n<\/figure>\n<figure class=\"nc-block-gallery-item\">\n<div class=\"nc-block-image\"><img loading=\"lazy\" decoding=\"async\" width=\"1200\" height=\"675\" data-id=\"7784607\" src=\"https:\/\/img.nsctotal.com.br\/wp-content\/uploads\/2026\/01\/todos-os-participantes-do-BBB-26-18.jpg\" alt=\"\" class=\"wp-image-7784607\" srcset=\"https:\/\/img.nsctotal.com.br\/wp-content\/uploads\/2026\/01\/todos-os-participantes-do-BBB-26-18.jpg 1200w, https:\/\/img.nsctotal.com.br\/wp-content\/uploads\/2026\/01\/todos-os-participantes-do-BBB-26-18-944x531.jpg 944w, https:\/\/img.nsctotal.com.br\/wp-content\/uploads\/2026\/01\/todos-os-participantes-do-BBB-26-18-720x405.jpg 720w, https:\/\/img.nsctotal.com.br\/wp-content\/uploads\/2026\/01\/todos-os-participantes-do-BBB-26-18-200x112.jpg 200w\" sizes=\"auto, (max-width: 1200px) 100vw, 1200px\"\/><button type=\"button\" class=\"zoom-button\" data-img=\"https:\/\/img.nsctotal.com.br\/wp-content\/uploads\/2026\/01\/todos-os-participantes-do-BBB-26-18.jpg\" data-caption=\"Imagem da Galeria\" aria-label=\"Ampliar imagem: Imagem da Galeria\"\/><\/div>\n<div class=\"nc-block-image-caption\">\n<p>Sol Vega \u2013 Veteranos (Foto: Divulga\u00e7\u00e3o, Globo)<\/p>\n<\/div>\n<\/figure>\n<figure class=\"nc-block-gallery-item\">\n<div class=\"nc-block-image\"><img loading=\"lazy\" decoding=\"async\" width=\"1200\" height=\"675\" data-id=\"7784611\" src=\"https:\/\/img.nsctotal.com.br\/wp-content\/uploads\/2026\/01\/todos-os-participantes-do-BBB-26-22.jpg\" alt=\"todos os participantes do BBB 26\" class=\"wp-image-7784611\" srcset=\"https:\/\/img.nsctotal.com.br\/wp-content\/uploads\/2026\/01\/todos-os-participantes-do-BBB-26-22.jpg 1200w, https:\/\/img.nsctotal.com.br\/wp-content\/uploads\/2026\/01\/todos-os-participantes-do-BBB-26-22-944x531.jpg 944w, https:\/\/img.nsctotal.com.br\/wp-content\/uploads\/2026\/01\/todos-os-participantes-do-BBB-26-22-720x405.jpg 720w, https:\/\/img.nsctotal.com.br\/wp-content\/uploads\/2026\/01\/todos-os-participantes-do-BBB-26-22-200x112.jpg 200w\" sizes=\"auto, (max-width: 1200px) 100vw, 1200px\"\/><button type=\"button\" class=\"zoom-button\" data-img=\"https:\/\/img.nsctotal.com.br\/wp-content\/uploads\/2026\/01\/todos-os-participantes-do-BBB-26-22.jpg\" data-caption=\"todos os participantes do BBB 26\" aria-label=\"Ampliar imagem: todos os participantes do BBB 26\"\/><\/div>\n<div class=\"nc-block-image-caption\">\n<p>Solange Couto \u2013 Camarote (Foto: Divulga\u00e7\u00e3o, Globo)<\/p>\n<\/div>\n<\/figure>\n<figure class=\"nc-block-gallery-item\">\n<div class=\"nc-block-image\"><img loading=\"lazy\" decoding=\"async\" width=\"1200\" height=\"675\" data-id=\"7784615\" src=\"https:\/\/img.nsctotal.com.br\/wp-content\/uploads\/2026\/01\/todos-os-participantes-do-BBB-26-5.jpg\" alt=\"todos os participantes do BBB 26\" class=\"wp-image-7784615\" srcset=\"https:\/\/img.nsctotal.com.br\/wp-content\/uploads\/2026\/01\/todos-os-participantes-do-BBB-26-5.jpg 1200w, https:\/\/img.nsctotal.com.br\/wp-content\/uploads\/2026\/01\/todos-os-participantes-do-BBB-26-5-944x531.jpg 944w, https:\/\/img.nsctotal.com.br\/wp-content\/uploads\/2026\/01\/todos-os-participantes-do-BBB-26-5-720x405.jpg 720w, https:\/\/img.nsctotal.com.br\/wp-content\/uploads\/2026\/01\/todos-os-participantes-do-BBB-26-5-200x112.jpg 200w\" sizes=\"auto, (max-width: 1200px) 100vw, 1200px\"\/><button type=\"button\" class=\"zoom-button\" data-img=\"https:\/\/img.nsctotal.com.br\/wp-content\/uploads\/2026\/01\/todos-os-participantes-do-BBB-26-5.jpg\" data-caption=\"todos os participantes do BBB 26\" aria-label=\"Ampliar imagem: todos os participantes do BBB 26\"\/><\/div>\n<div class=\"nc-block-image-caption\">\n<p>Henri Castelli \u2013 Camarote \u2013 Eliminado por motivos de sa\u00fade (Foto: Divulga\u00e7\u00e3o, Globo)<\/p>\n<\/div>\n<\/figure>\n<\/div>\n<\/div>\n<div class=\"nsc-content-ads\">\n<p>Continua depois da publicidade<\/p>\n<\/div><\/div>\n<p><a href=\"https:\/\/www.nsctotal.com.br\/noticias\/favorito-bbb-26-parcial-da-enquete-mostra-reviravolta-e-preferida-correndo-risco\">Fonte do Artigo <\/a><\/p>","protected":false},"excerpt":{"rendered":"<p>Ana Paula e Alberto Cowboy perdem votos enquanto Chaiany e Tia Milena crescem. (Fotos: Divulga\u00e7\u00e3o, Globo) \u00c9 bem verdade que o jogo dentro da casa do BBB 26 \u00e9 um dos mais din\u00e2micos de todas as edi\u00e7\u00f5es, mas essa temporada entrega movimento tamb\u00e9m aqui fora, na prefer\u00eancia do p\u00fablico. Se nas \u00faltima semanas, a participante [&hellip;]<\/p>\n","protected":false},"author":1,"featured_media":96694,"comment_status":"closed","ping_status":"","sticky":false,"template":"","format":"standard","meta":{"googlesitekit_rrm_CAow2JLhCw:productID":"","_gspb_post_css":"","maa_idioma":"","maa_pais":"","footnotes":""},"categories":[4],"tags":[13143,8981,95,3786,3302,7879,23630,11719,3352],"class_list":["post-96693","post","type-post","status-publish","format-standard","has-post-thumbnail","hentry","category-brasil","tag-bbb","tag-correndo","tag-enquete","tag-favorito","tag-mostra","tag-parcial","tag-preferida","tag-reviravolta","tag-risco"],"blocksy_meta":[],"yoast_head":"<!-- This site is optimized with the Yoast SEO Premium plugin v27.6 (Yoast SEO v27.6) - https:\/\/yoast.com\/product\/yoast-seo-premium-wordpress\/ -->\n<title>Favorito BBB 26: Parcial da enquete mostra reviravolta e preferida correndo risco - Ubirat\u00e3 Online Not\u00edcias - A realidade ao seu alcance!<\/title>\n<meta name=\"description\" content=\"Ana Paula e Alberto Cowboy perdem votos enquanto Chaiany e Tia Milena crescem. (Fotos: Divulga\u00e7\u00e3o, Globo) \u00c9 bem verdade que o jogo dentro da casa do BBB\" \/>\n<meta name=\"robots\" content=\"index, follow, max-snippet:-1, max-image-preview:large, max-video-preview:-1\" \/>\n<link rel=\"canonical\" href=\"https:\/\/ubirataonline.com.br\/en\/favorito-bbb-26-parcial-da-enquete-mostra-reviravolta-e-preferida-correndo-risco\/\" \/>\n<meta property=\"og:locale\" content=\"en_US\" \/>\n<meta property=\"og:type\" content=\"article\" \/>\n<meta property=\"og:title\" content=\"Favorito BBB 26: Parcial da enquete mostra reviravolta e preferida correndo risco\" \/>\n<meta property=\"og:description\" content=\"Ana Paula e Alberto Cowboy perdem votos enquanto Chaiany e Tia Milena crescem. (Fotos: Divulga\u00e7\u00e3o, Globo) \u00c9 bem verdade que o jogo dentro da casa do BBB\" \/>\n<meta property=\"og:url\" content=\"https:\/\/ubirataonline.com.br\/en\/favorito-bbb-26-parcial-da-enquete-mostra-reviravolta-e-preferida-correndo-risco\/\" \/>\n<meta property=\"og:site_name\" content=\"Ubirat\u00e3 Online Not\u00edcias - A realidade ao seu alcance!\" \/>\n<meta property=\"article:publisher\" content=\"https:\/\/www.facebook.com\/portalubirataonline\" \/>\n<meta property=\"article:author\" content=\"https:\/\/www.facebook.com\/portalubirataonline\" \/>\n<meta property=\"article:published_time\" content=\"2026-03-23T04:48:45+00:00\" \/>\n<meta property=\"article:modified_time\" content=\"2026-03-23T04:48:47+00:00\" \/>\n<meta property=\"og:image\" content=\"https:\/\/ubirataonline.com.br\/wp-content\/uploads\/2026\/03\/Favorito-BBB-26-Parcial-da-enquete-mostra-reviravolta-e-preferida.jpg\" \/>\n\t<meta property=\"og:image:width\" content=\"1200\" \/>\n\t<meta property=\"og:image:height\" content=\"675\" \/>\n\t<meta property=\"og:image:type\" content=\"image\/jpeg\" \/>\n<meta name=\"author\" content=\"REDA\u00c7\u00c3O: UBIRAT\u00c3 ONLINE - F\u00c1BIO AUGUSTO CELESTINO\" \/>\n<meta name=\"twitter:card\" content=\"summary_large_image\" \/>\n<meta name=\"twitter:creator\" content=\"@x.com\/ubirataonline\" \/>\n<meta name=\"twitter:site\" content=\"@ubirataonline\" \/>\n<meta name=\"twitter:label1\" content=\"Written by\" \/>\n\t<meta name=\"twitter:data1\" content=\"REDA\u00c7\u00c3O: UBIRAT\u00c3 ONLINE - F\u00c1BIO AUGUSTO CELESTINO\" \/>\n\t<meta name=\"twitter:label2\" content=\"Est. reading time\" \/>\n\t<meta name=\"twitter:data2\" content=\"3 minutes\" \/>\n<script type=\"application\/ld+json\" class=\"yoast-schema-graph\">{\"@context\":\"https:\\\/\\\/schema.org\",\"@graph\":[{\"@type\":\"NewsArticle\",\"@id\":\"https:\\\/\\\/ubirataonline.com.br\\\/favorito-bbb-26-parcial-da-enquete-mostra-reviravolta-e-preferida-correndo-risco\\\/#article\",\"isPartOf\":{\"@id\":\"https:\\\/\\\/ubirataonline.com.br\\\/favorito-bbb-26-parcial-da-enquete-mostra-reviravolta-e-preferida-correndo-risco\\\/\"},\"author\":{\"name\":\"REDA\u00c7\u00c3O: UBIRAT\u00c3 ONLINE - F\u00c1BIO AUGUSTO CELESTINO\",\"@id\":\"https:\\\/\\\/ubirataonline.com.br\\\/#\\\/schema\\\/person\\\/372f87bbd3fdd79b8556b84c98d0bc1c\"},\"headline\":\"Favorito BBB 26: Parcial da enquete mostra reviravolta e preferida correndo risco\",\"datePublished\":\"2026-03-23T04:48:45+00:00\",\"dateModified\":\"2026-03-23T04:48:47+00:00\",\"mainEntityOfPage\":{\"@id\":\"https:\\\/\\\/ubirataonline.com.br\\\/favorito-bbb-26-parcial-da-enquete-mostra-reviravolta-e-preferida-correndo-risco\\\/\"},\"wordCount\":615,\"publisher\":{\"@id\":\"https:\\\/\\\/ubirataonline.com.br\\\/#organization\"},\"image\":{\"@id\":\"https:\\\/\\\/ubirataonline.com.br\\\/favorito-bbb-26-parcial-da-enquete-mostra-reviravolta-e-preferida-correndo-risco\\\/#primaryimage\"},\"thumbnailUrl\":\"https:\\\/\\\/ubirataonline.com.br\\\/wp-content\\\/uploads\\\/2026\\\/03\\\/Favorito-BBB-26-Parcial-da-enquete-mostra-reviravolta-e-preferida.jpg\",\"keywords\":[\"BBB\",\"correndo\",\"Enquete\",\"favorito\",\"mostra\",\"parcial\",\"preferida\",\"reviravolta\",\"risco\"],\"articleSection\":[\"Brasil\"],\"inLanguage\":\"en-US\",\"copyrightYear\":\"2026\",\"copyrightHolder\":{\"@id\":\"https:\\\/\\\/ubirataonline.com.br\\\/en\\\/#organization\"}},{\"@type\":\"WebPage\",\"@id\":\"https:\\\/\\\/ubirataonline.com.br\\\/favorito-bbb-26-parcial-da-enquete-mostra-reviravolta-e-preferida-correndo-risco\\\/\",\"url\":\"https:\\\/\\\/ubirataonline.com.br\\\/favorito-bbb-26-parcial-da-enquete-mostra-reviravolta-e-preferida-correndo-risco\\\/\",\"name\":\"Favorito BBB 26: Parcial da enquete mostra reviravolta e preferida correndo risco - Ubirat\u00e3 Online Not\u00edcias - A realidade ao seu alcance!\",\"isPartOf\":{\"@id\":\"https:\\\/\\\/ubirataonline.com.br\\\/#website\"},\"primaryImageOfPage\":{\"@id\":\"https:\\\/\\\/ubirataonline.com.br\\\/favorito-bbb-26-parcial-da-enquete-mostra-reviravolta-e-preferida-correndo-risco\\\/#primaryimage\"},\"image\":{\"@id\":\"https:\\\/\\\/ubirataonline.com.br\\\/favorito-bbb-26-parcial-da-enquete-mostra-reviravolta-e-preferida-correndo-risco\\\/#primaryimage\"},\"thumbnailUrl\":\"https:\\\/\\\/ubirataonline.com.br\\\/wp-content\\\/uploads\\\/2026\\\/03\\\/Favorito-BBB-26-Parcial-da-enquete-mostra-reviravolta-e-preferida.jpg\",\"datePublished\":\"2026-03-23T04:48:45+00:00\",\"dateModified\":\"2026-03-23T04:48:47+00:00\",\"description\":\"Ana Paula e Alberto Cowboy perdem votos enquanto Chaiany e Tia Milena crescem. (Fotos: Divulga\u00e7\u00e3o, Globo) \u00c9 bem verdade que o jogo dentro da casa do BBB\",\"breadcrumb\":{\"@id\":\"https:\\\/\\\/ubirataonline.com.br\\\/favorito-bbb-26-parcial-da-enquete-mostra-reviravolta-e-preferida-correndo-risco\\\/#breadcrumb\"},\"inLanguage\":\"en-US\",\"potentialAction\":[{\"@type\":\"ReadAction\",\"target\":[\"https:\\\/\\\/ubirataonline.com.br\\\/favorito-bbb-26-parcial-da-enquete-mostra-reviravolta-e-preferida-correndo-risco\\\/\"]}]},{\"@type\":\"ImageObject\",\"inLanguage\":\"en-US\",\"@id\":\"https:\\\/\\\/ubirataonline.com.br\\\/favorito-bbb-26-parcial-da-enquete-mostra-reviravolta-e-preferida-correndo-risco\\\/#primaryimage\",\"url\":\"https:\\\/\\\/ubirataonline.com.br\\\/wp-content\\\/uploads\\\/2026\\\/03\\\/Favorito-BBB-26-Parcial-da-enquete-mostra-reviravolta-e-preferida.jpg\",\"contentUrl\":\"https:\\\/\\\/ubirataonline.com.br\\\/wp-content\\\/uploads\\\/2026\\\/03\\\/Favorito-BBB-26-Parcial-da-enquete-mostra-reviravolta-e-preferida.jpg\",\"width\":1200,\"height\":675,\"caption\":\"Favorito BBB 26: Parcial da enquete mostra reviravolta e preferida correndo risco\"},{\"@type\":\"BreadcrumbList\",\"@id\":\"https:\\\/\\\/ubirataonline.com.br\\\/favorito-bbb-26-parcial-da-enquete-mostra-reviravolta-e-preferida-correndo-risco\\\/#breadcrumb\",\"itemListElement\":[{\"@type\":\"ListItem\",\"position\":1,\"name\":\"In\u00edcio\",\"item\":\"https:\\\/\\\/ubirataonline.com.br\\\/\"},{\"@type\":\"ListItem\",\"position\":2,\"name\":\"Favorito BBB 26: Parcial da enquete mostra reviravolta e preferida correndo risco\"}]},{\"@type\":\"WebSite\",\"@id\":\"https:\\\/\\\/ubirataonline.com.br\\\/#website\",\"url\":\"https:\\\/\\\/ubirataonline.com.br\\\/\",\"name\":\"Ubirat\u00e3 Online Not\u00edcias\",\"description\":\"Not\u00edcias de Ubirat\u00e3, regi\u00e3o, Brasil e mundo, com informa\u00e7\u00e3o atualizada e compromisso com o leitor.\",\"publisher\":{\"@id\":\"https:\\\/\\\/ubirataonline.com.br\\\/#organization\"},\"alternateName\":\"Ubirat\u00e3 Online\",\"potentialAction\":[{\"@type\":\"SearchAction\",\"target\":{\"@type\":\"EntryPoint\",\"urlTemplate\":\"https:\\\/\\\/ubirataonline.com.br\\\/?s={search_term_string}\"},\"query-input\":{\"@type\":\"PropertyValueSpecification\",\"valueRequired\":true,\"valueName\":\"search_term_string\"}}],\"inLanguage\":\"en-US\"},{\"@type\":[\"Organization\",\"Place\"],\"@id\":\"https:\\\/\\\/ubirataonline.com.br\\\/#organization\",\"name\":\"Ubirat\u00e3 Online Not\u00edcias\",\"alternateName\":\"Ubirat\u00e3 Online\",\"url\":\"https:\\\/\\\/ubirataonline.com.br\\\/\",\"logo\":{\"@id\":\"https:\\\/\\\/ubirataonline.com.br\\\/favorito-bbb-26-parcial-da-enquete-mostra-reviravolta-e-preferida-correndo-risco\\\/#local-main-organization-logo\"},\"image\":{\"@id\":\"https:\\\/\\\/ubirataonline.com.br\\\/favorito-bbb-26-parcial-da-enquete-mostra-reviravolta-e-preferida-correndo-risco\\\/#local-main-organization-logo\"},\"sameAs\":[\"https:\\\/\\\/www.facebook.com\\\/portalubirataonline\",\"https:\\\/\\\/x.com\\\/ubirataonline\",\"https:\\\/\\\/mastodon.social\\\/@ubirataonline\",\"https:\\\/\\\/www.facebook.com\\\/groups\\\/311144672285604\",\"https:\\\/\\\/www.facebook.com\\\/UBTAOnline\",\"https:\\\/\\\/www.instagram.com\\\/portalubirataonline\\\/\",\"https:\\\/\\\/twitter.com\\\/ubirataonline\"],\"description\":\"Somos um portal de not\u00edcias independente, criado em 5 de janeiro de 2009, com o objetivo de informar, conectar e valorizar a nossa comunidade de Ubirat\u00e3 e toda aregi\u00e3o. Com conte\u00fado atualizado, confi\u00e1vel e relevante, o Ubirat\u00e3 Online \u00e9 o seu espa\u00e7o para ficar por dentro dos principais acontecimentos locais, regionais, Brasil, Mundo e de interesse geral. Nosso compromisso \u00e9 com a verdade, a transpar\u00eancia e o respeito ao leitor.\",\"legalName\":\"UBIRATA ONLINE NOT\u00cdCIAS\",\"foundingDate\":\"2009-01-05\",\"numberOfEmployees\":{\"@type\":\"QuantitativeValue\",\"minValue\":\"1\",\"maxValue\":\"10\"},\"publishingPrinciples\":\"https:\\\/\\\/ubirataonline.com.br\\\/faq\\\/\",\"address\":{\"@id\":\"https:\\\/\\\/ubirataonline.com.br\\\/favorito-bbb-26-parcial-da-enquete-mostra-reviravolta-e-preferida-correndo-risco\\\/#local-main-place-address\"},\"geo\":{\"@type\":\"GeoCoordinates\",\"latitude\":\"-24.5361401\",\"longitude\":\"-52.9921776\"},\"telephone\":[\"+5544998308235\"],\"contactPoint\":{\"@type\":\"ContactPoint\",\"email\":\"contato@ubirataonline.com.br\"},\"openingHoursSpecification\":{\"@type\":\"OpeningHoursSpecification\",\"dayOfWeek\":[\"Monday\",\"Tuesday\",\"Wednesday\",\"Thursday\",\"Friday\",\"Saturday\",\"Sunday\"],\"opens\":\"00:00\",\"closes\":\"23:59\"},\"email\":\"contato@ubirataonline.com.br\",\"vatID\":\"47.621.418\\\/0001-80\"},{\"@type\":\"Person\",\"@id\":\"https:\\\/\\\/ubirataonline.com.br\\\/#\\\/schema\\\/person\\\/372f87bbd3fdd79b8556b84c98d0bc1c\",\"name\":\"REDA\u00c7\u00c3O: UBIRAT\u00c3 ONLINE - F\u00c1BIO AUGUSTO CELESTINO\",\"pronouns\":\"Ele\",\"description\":\"Desde 2003 trabalhando com not\u00edcias.\",\"sameAs\":[\"http:\\\/\\\/ubirataoline.com.br\",\"https:\\\/\\\/www.facebook.com\\\/portalubirataonline\",\"https:\\\/\\\/www.instagram.com\\\/ubirataonline_oficial\",\"https:\\\/\\\/x.com\\\/x.com\\\/ubirataonline\"],\"honorificPrefix\":\"Mr.\",\"honorificSuffix\":\"MD\",\"birthDate\":\"1980-06-16\",\"gender\":\"masculino\",\"award\":[\"V\u00e1rios pr\u00eamios de melhor portal da cidade\"],\"jobTitle\":\"Diretor\",\"url\":\"https:\\\/\\\/ubirataonline.com.br\\\/en\\\/author\\\/ubirataonline\\\/\"},{\"@type\":\"PostalAddress\",\"@id\":\"https:\\\/\\\/ubirataonline.com.br\\\/favorito-bbb-26-parcial-da-enquete-mostra-reviravolta-e-preferida-correndo-risco\\\/#local-main-place-address\",\"streetAddress\":\"Rua dos Coqueiros, 104 - Bairro Boa Vista, Rua dos Coqueiros, 104 Bairro Boa Vista\",\"addressLocality\":\"UBIRATA\",\"postalCode\":\"85440-000\",\"addressRegion\":\"PR\",\"addressCountry\":\"BR\"},{\"@type\":\"ImageObject\",\"inLanguage\":\"en-US\",\"@id\":\"https:\\\/\\\/ubirataonline.com.br\\\/favorito-bbb-26-parcial-da-enquete-mostra-reviravolta-e-preferida-correndo-risco\\\/#local-main-organization-logo\",\"url\":\"https:\\\/\\\/ubirataonline.com.br\\\/wp-content\\\/uploads\\\/2026\\\/06\\\/logoubirataonline-1.webp\",\"contentUrl\":\"https:\\\/\\\/ubirataonline.com.br\\\/wp-content\\\/uploads\\\/2026\\\/06\\\/logoubirataonline-1.webp\",\"width\":500,\"height\":500,\"caption\":\"Ubirat\u00e3 Online Not\u00edcias\"}]}<\/script>\n<meta name=\"geo.placename\" content=\"UBIRATA\" \/>\n<meta name=\"geo.position\" content=\"-24.5361401;-52.9921776\" \/>\n<meta name=\"geo.region\" content=\"Brazil\" \/>\n<!-- \/ Yoast SEO Premium plugin. -->","yoast_head_json":{"title":"Favorito BBB 26: Parcial da enquete mostra reviravolta e preferida correndo risco - Ubirat\u00e3 Online Not\u00edcias - A realidade ao seu alcance!","description":"Ana Paula e Alberto Cowboy perdem votos enquanto Chaiany e Tia Milena crescem. (Fotos: Divulga\u00e7\u00e3o, Globo) \u00c9 bem verdade que o jogo dentro da casa do BBB","robots":{"index":"index","follow":"follow","max-snippet":"max-snippet:-1","max-image-preview":"max-image-preview:large","max-video-preview":"max-video-preview:-1"},"canonical":"https:\/\/ubirataonline.com.br\/en\/favorito-bbb-26-parcial-da-enquete-mostra-reviravolta-e-preferida-correndo-risco\/","og_locale":"en_US","og_type":"article","og_title":"Favorito BBB 26: Parcial da enquete mostra reviravolta e preferida correndo risco","og_description":"Ana Paula e Alberto Cowboy perdem votos enquanto Chaiany e Tia Milena crescem. (Fotos: Divulga\u00e7\u00e3o, Globo) \u00c9 bem verdade que o jogo dentro da casa do BBB","og_url":"https:\/\/ubirataonline.com.br\/en\/favorito-bbb-26-parcial-da-enquete-mostra-reviravolta-e-preferida-correndo-risco\/","og_site_name":"Ubirat\u00e3 Online Not\u00edcias - A realidade ao seu alcance!","article_publisher":"https:\/\/www.facebook.com\/portalubirataonline","article_author":"https:\/\/www.facebook.com\/portalubirataonline","article_published_time":"2026-03-23T04:48:45+00:00","article_modified_time":"2026-03-23T04:48:47+00:00","og_image":[{"width":1200,"height":675,"url":"https:\/\/ubirataonline.com.br\/wp-content\/uploads\/2026\/03\/Favorito-BBB-26-Parcial-da-enquete-mostra-reviravolta-e-preferida.jpg","type":"image\/jpeg"}],"author":"REDA\u00c7\u00c3O: UBIRAT\u00c3 ONLINE - F\u00c1BIO AUGUSTO CELESTINO","twitter_card":"summary_large_image","twitter_creator":"@x.com\/ubirataonline","twitter_site":"@ubirataonline","twitter_misc":{"Written by":"REDA\u00c7\u00c3O: UBIRAT\u00c3 ONLINE - F\u00c1BIO AUGUSTO CELESTINO","Est. reading time":"3 minutes"},"schema":{"@context":"https:\/\/schema.org","@graph":[{"@type":"NewsArticle","@id":"https:\/\/ubirataonline.com.br\/favorito-bbb-26-parcial-da-enquete-mostra-reviravolta-e-preferida-correndo-risco\/#article","isPartOf":{"@id":"https:\/\/ubirataonline.com.br\/favorito-bbb-26-parcial-da-enquete-mostra-reviravolta-e-preferida-correndo-risco\/"},"author":{"name":"REDA\u00c7\u00c3O: UBIRAT\u00c3 ONLINE - F\u00c1BIO AUGUSTO CELESTINO","@id":"https:\/\/ubirataonline.com.br\/#\/schema\/person\/372f87bbd3fdd79b8556b84c98d0bc1c"},"headline":"Favorito BBB 26: Parcial da enquete mostra reviravolta e preferida correndo risco","datePublished":"2026-03-23T04:48:45+00:00","dateModified":"2026-03-23T04:48:47+00:00","mainEntityOfPage":{"@id":"https:\/\/ubirataonline.com.br\/favorito-bbb-26-parcial-da-enquete-mostra-reviravolta-e-preferida-correndo-risco\/"},"wordCount":615,"publisher":{"@id":"https:\/\/ubirataonline.com.br\/#organization"},"image":{"@id":"https:\/\/ubirataonline.com.br\/favorito-bbb-26-parcial-da-enquete-mostra-reviravolta-e-preferida-correndo-risco\/#primaryimage"},"thumbnailUrl":"https:\/\/ubirataonline.com.br\/wp-content\/uploads\/2026\/03\/Favorito-BBB-26-Parcial-da-enquete-mostra-reviravolta-e-preferida.jpg","keywords":["BBB","correndo","Enquete","favorito","mostra","parcial","preferida","reviravolta","risco"],"articleSection":["Brasil"],"inLanguage":"en-US","copyrightYear":"2026","copyrightHolder":{"@id":"https:\/\/ubirataonline.com.br\/en\/#organization"}},{"@type":"WebPage","@id":"https:\/\/ubirataonline.com.br\/favorito-bbb-26-parcial-da-enquete-mostra-reviravolta-e-preferida-correndo-risco\/","url":"https:\/\/ubirataonline.com.br\/favorito-bbb-26-parcial-da-enquete-mostra-reviravolta-e-preferida-correndo-risco\/","name":"Favorito BBB 26: Parcial da enquete mostra reviravolta e preferida correndo risco - Ubirat\u00e3 Online Not\u00edcias - A realidade ao seu alcance!","isPartOf":{"@id":"https:\/\/ubirataonline.com.br\/#website"},"primaryImageOfPage":{"@id":"https:\/\/ubirataonline.com.br\/favorito-bbb-26-parcial-da-enquete-mostra-reviravolta-e-preferida-correndo-risco\/#primaryimage"},"image":{"@id":"https:\/\/ubirataonline.com.br\/favorito-bbb-26-parcial-da-enquete-mostra-reviravolta-e-preferida-correndo-risco\/#primaryimage"},"thumbnailUrl":"https:\/\/ubirataonline.com.br\/wp-content\/uploads\/2026\/03\/Favorito-BBB-26-Parcial-da-enquete-mostra-reviravolta-e-preferida.jpg","datePublished":"2026-03-23T04:48:45+00:00","dateModified":"2026-03-23T04:48:47+00:00","description":"Ana Paula e Alberto Cowboy perdem votos enquanto Chaiany e Tia Milena crescem. (Fotos: Divulga\u00e7\u00e3o, Globo) \u00c9 bem verdade que o jogo dentro da casa do BBB","breadcrumb":{"@id":"https:\/\/ubirataonline.com.br\/favorito-bbb-26-parcial-da-enquete-mostra-reviravolta-e-preferida-correndo-risco\/#breadcrumb"},"inLanguage":"en-US","potentialAction":[{"@type":"ReadAction","target":["https:\/\/ubirataonline.com.br\/favorito-bbb-26-parcial-da-enquete-mostra-reviravolta-e-preferida-correndo-risco\/"]}]},{"@type":"ImageObject","inLanguage":"en-US","@id":"https:\/\/ubirataonline.com.br\/favorito-bbb-26-parcial-da-enquete-mostra-reviravolta-e-preferida-correndo-risco\/#primaryimage","url":"https:\/\/ubirataonline.com.br\/wp-content\/uploads\/2026\/03\/Favorito-BBB-26-Parcial-da-enquete-mostra-reviravolta-e-preferida.jpg","contentUrl":"https:\/\/ubirataonline.com.br\/wp-content\/uploads\/2026\/03\/Favorito-BBB-26-Parcial-da-enquete-mostra-reviravolta-e-preferida.jpg","width":1200,"height":675,"caption":"Favorito BBB 26: Parcial da enquete mostra reviravolta e preferida correndo risco"},{"@type":"BreadcrumbList","@id":"https:\/\/ubirataonline.com.br\/favorito-bbb-26-parcial-da-enquete-mostra-reviravolta-e-preferida-correndo-risco\/#breadcrumb","itemListElement":[{"@type":"ListItem","position":1,"name":"In\u00edcio","item":"https:\/\/ubirataonline.com.br\/"},{"@type":"ListItem","position":2,"name":"Favorito BBB 26: Parcial da enquete mostra reviravolta e preferida correndo risco"}]},{"@type":"WebSite","@id":"https:\/\/ubirataonline.com.br\/#website","url":"https:\/\/ubirataonline.com.br\/","name":"Ubirat\u00e3 Online Not\u00edcias","description":"Not\u00edcias de Ubirat\u00e3, regi\u00e3o, Brasil e mundo, com informa\u00e7\u00e3o atualizada e compromisso com o leitor.","publisher":{"@id":"https:\/\/ubirataonline.com.br\/#organization"},"alternateName":"Ubirat\u00e3 Online","potentialAction":[{"@type":"SearchAction","target":{"@type":"EntryPoint","urlTemplate":"https:\/\/ubirataonline.com.br\/?s={search_term_string}"},"query-input":{"@type":"PropertyValueSpecification","valueRequired":true,"valueName":"search_term_string"}}],"inLanguage":"en-US"},{"@type":["Organization","Place"],"@id":"https:\/\/ubirataonline.com.br\/#organization","name":"Ubirat\u00e3 Online Not\u00edcias","alternateName":"Ubirat\u00e3 Online","url":"https:\/\/ubirataonline.com.br\/","logo":{"@id":"https:\/\/ubirataonline.com.br\/favorito-bbb-26-parcial-da-enquete-mostra-reviravolta-e-preferida-correndo-risco\/#local-main-organization-logo"},"image":{"@id":"https:\/\/ubirataonline.com.br\/favorito-bbb-26-parcial-da-enquete-mostra-reviravolta-e-preferida-correndo-risco\/#local-main-organization-logo"},"sameAs":["https:\/\/www.facebook.com\/portalubirataonline","https:\/\/x.com\/ubirataonline","https:\/\/mastodon.social\/@ubirataonline","https:\/\/www.facebook.com\/groups\/311144672285604","https:\/\/www.facebook.com\/UBTAOnline","https:\/\/www.instagram.com\/portalubirataonline\/","https:\/\/twitter.com\/ubirataonline"],"description":"Somos um portal de not\u00edcias independente, criado em 5 de janeiro de 2009, com o objetivo de informar, conectar e valorizar a nossa comunidade de Ubirat\u00e3 e toda aregi\u00e3o. Com conte\u00fado atualizado, confi\u00e1vel e relevante, o Ubirat\u00e3 Online \u00e9 o seu espa\u00e7o para ficar por dentro dos principais acontecimentos locais, regionais, Brasil, Mundo e de interesse geral. Nosso compromisso \u00e9 com a verdade, a transpar\u00eancia e o respeito ao leitor.","legalName":"UBIRATA ONLINE NOT\u00cdCIAS","foundingDate":"2009-01-05","numberOfEmployees":{"@type":"QuantitativeValue","minValue":"1","maxValue":"10"},"publishingPrinciples":"https:\/\/ubirataonline.com.br\/faq\/","address":{"@id":"https:\/\/ubirataonline.com.br\/favorito-bbb-26-parcial-da-enquete-mostra-reviravolta-e-preferida-correndo-risco\/#local-main-place-address"},"geo":{"@type":"GeoCoordinates","latitude":"-24.5361401","longitude":"-52.9921776"},"telephone":["+5544998308235"],"contactPoint":{"@type":"ContactPoint","email":"contato@ubirataonline.com.br"},"openingHoursSpecification":{"@type":"OpeningHoursSpecification","dayOfWeek":["Monday","Tuesday","Wednesday","Thursday","Friday","Saturday","Sunday"],"opens":"00:00","closes":"23:59"},"email":"contato@ubirataonline.com.br","vatID":"47.621.418\/0001-80"},{"@type":"Person","@id":"https:\/\/ubirataonline.com.br\/#\/schema\/person\/372f87bbd3fdd79b8556b84c98d0bc1c","name":"REDA\u00c7\u00c3O: UBIRAT\u00c3 ONLINE - F\u00c1BIO AUGUSTO CELESTINO","pronouns":"Ele","description":"Desde 2003 trabalhando com not\u00edcias.","sameAs":["http:\/\/ubirataoline.com.br","https:\/\/www.facebook.com\/portalubirataonline","https:\/\/www.instagram.com\/ubirataonline_oficial","https:\/\/x.com\/x.com\/ubirataonline"],"honorificPrefix":"Mr.","honorificSuffix":"MD","birthDate":"1980-06-16","gender":"masculino","award":["V\u00e1rios pr\u00eamios de melhor portal da cidade"],"jobTitle":"Diretor","url":"https:\/\/ubirataonline.com.br\/en\/author\/ubirataonline\/"},{"@type":"PostalAddress","@id":"https:\/\/ubirataonline.com.br\/favorito-bbb-26-parcial-da-enquete-mostra-reviravolta-e-preferida-correndo-risco\/#local-main-place-address","streetAddress":"Rua dos Coqueiros, 104 - Bairro Boa Vista, Rua dos Coqueiros, 104 Bairro Boa Vista","addressLocality":"UBIRATA","postalCode":"85440-000","addressRegion":"PR","addressCountry":"BR"},{"@type":"ImageObject","inLanguage":"en-US","@id":"https:\/\/ubirataonline.com.br\/favorito-bbb-26-parcial-da-enquete-mostra-reviravolta-e-preferida-correndo-risco\/#local-main-organization-logo","url":"https:\/\/ubirataonline.com.br\/wp-content\/uploads\/2026\/06\/logoubirataonline-1.webp","contentUrl":"https:\/\/ubirataonline.com.br\/wp-content\/uploads\/2026\/06\/logoubirataonline-1.webp","width":500,"height":500,"caption":"Ubirat\u00e3 Online Not\u00edcias"}]},"geo.placename":"UBIRATA","geo.position":{"lat":"-24.5361401","long":"-52.9921776"},"geo.region":"Brazil"},"_links":{"self":[{"href":"https:\/\/ubirataonline.com.br\/en\/wp-json\/wp\/v2\/posts\/96693","targetHints":{"allow":["GET"]}}],"collection":[{"href":"https:\/\/ubirataonline.com.br\/en\/wp-json\/wp\/v2\/posts"}],"about":[{"href":"https:\/\/ubirataonline.com.br\/en\/wp-json\/wp\/v2\/types\/post"}],"author":[{"embeddable":true,"href":"https:\/\/ubirataonline.com.br\/en\/wp-json\/wp\/v2\/users\/1"}],"replies":[{"embeddable":true,"href":"https:\/\/ubirataonline.com.br\/en\/wp-json\/wp\/v2\/comments?post=96693"}],"version-history":[{"count":0,"href":"https:\/\/ubirataonline.com.br\/en\/wp-json\/wp\/v2\/posts\/96693\/revisions"}],"wp:featuredmedia":[{"embeddable":true,"href":"https:\/\/ubirataonline.com.br\/en\/wp-json\/wp\/v2\/media\/96694"}],"wp:attachment":[{"href":"https:\/\/ubirataonline.com.br\/en\/wp-json\/wp\/v2\/media?parent=96693"}],"wp:term":[{"taxonomy":"category","embeddable":true,"href":"https:\/\/ubirataonline.com.br\/en\/wp-json\/wp\/v2\/categories?post=96693"},{"taxonomy":"post_tag","embeddable":true,"href":"https:\/\/ubirataonline.com.br\/en\/wp-json\/wp\/v2\/tags?post=96693"}],"curies":[{"name":"wp","href":"https:\/\/api.w.org\/{rel}","templated":true}]}}