{"id":96969,"date":"2026-03-24T08:20:44","date_gmt":"2026-03-24T11:20:44","guid":{"rendered":"https:\/\/ubirataonline.com.br\/meta-de-alfabetizacao-e-superada-mas-desafio-persiste-24-03-2026-educacao\/"},"modified":"2026-03-24T08:20:51","modified_gmt":"2026-03-24T11:20:51","slug":"meta-de-alfabetizacao-e-superada-mas-desafio-persiste-24-03-2026-educacao","status":"publish","type":"post","link":"https:\/\/ubirataonline.com.br\/en\/meta-de-alfabetizacao-e-superada-mas-desafio-persiste-24-03-2026-educacao\/","title":{"rendered":"Meta de alfabetiza\u00e7\u00e3o \u00e9 superada, mas desafio persiste &#8211; 24\/03\/2026 &#8211; Educa\u00e7\u00e3o"},"content":{"rendered":"<p><\/p>\n<div data-news-content-text=\"\" data-disable-copy=\"\" data-continue-reading=\"\" data-continue-reading-hide-others=\".js-continue-reading-hidden\" data-age-rating=\"\" itemprop=\"articleBody\">\n<p>Aprender a ler, escrever, compreender o sentido das palavras e <a href=\"https:\/\/www1.folha.uol.com.br\/educacao\/2026\/02\/nenhum-estado-atinge-30-de-jovens-com-matematica-adequada-apos-pandemia.shtml\" rel=\"\" target=\"\">desenvolver no\u00e7\u00f5es matem\u00e1ticas b\u00e1sicas<\/a> \u00e9 um marco transformador na trajet\u00f3ria de qualquer crian\u00e7a. \u00c9 quando novas possibilidades se abrem, quando o mundo ganha novos significados e quando sonhos come\u00e7am a ganhar forma. Garantir que <a href=\"https:\/\/www1.folha.uol.com.br\/educacao\/2023\/12\/brasil-pode-alfabetizar-todas-as-criancas-ate-2030-diz-diretor-da-fundacao-lemann.shtml\" rel=\"\" target=\"\">todas estejam alfabetizadas na idade certa<\/a> \u00e9 uma condi\u00e7\u00e3o essencial para que cada uma possa desenvolver seu pleno potencial e para que o pa\u00eds avance de forma mais justa e sustent\u00e1vel.<\/p>\n<p>Nos \u00faltimos anos, o Brasil tem avan\u00e7ado nessa agenda. A mobiliza\u00e7\u00e3o de estados, munic\u00edpios, educadores e organiza\u00e7\u00f5es da sociedade civil, em iniciativas como o Compromisso Nacional Crian\u00e7a Alfabetizada e a atua\u00e7\u00e3o articulada da <a href=\"https:\/\/www1.folha.uol.com.br\/educacao\/2025\/11\/preocupacao-com-identidade-racial-melhora-alfabetizacao-de-criancas-negras.shtml\" rel=\"\" target=\"\">Alian\u00e7a pela Alfabetiza\u00e7\u00e3o<\/a>, tem contribu\u00eddo para fortalecer pol\u00edticas p\u00fablicas e apoiar redes de ensino em todo o pa\u00eds. Esses avan\u00e7os mostram que, quando h\u00e1 prioridade pol\u00edtica, coordena\u00e7\u00e3o entre diferentes atores e foco em evid\u00eancias, \u00e9 poss\u00edvel transformar realidades em escala.<\/p>\n<p>Os dados do Indicador Crian\u00e7a Alfabetizada (ICA) refor\u00e7am esse movimento. Divulgado pelo Minist\u00e9rio da <a href=\"https:\/\/www1.folha.uol.com.br\/folha-topicos\/educacao\/\">Educa\u00e7\u00e3o<\/a> nesta segunda-feira (23), durante a entrega do Selo Nacional Compromisso com a Alfabetiza\u00e7\u00e3o, premia\u00e7\u00e3o importante para a melhoria cont\u00ednua das redes de ensino, promo\u00e7\u00e3o da coopera\u00e7\u00e3o entre munic\u00edpios e estados e consolida\u00e7\u00e3o de uma cultura de gest\u00e3o comprometida com a alfabetiza\u00e7\u00e3o, o resultado mostra que o <a href=\"https:\/\/www1.folha.uol.com.br\/educacao\/2026\/03\/mec-divulga-que-brasil-chegou-a-66-de-criancas-alfabetizadas-em-2025.shtml\" rel=\"\" target=\"\">Brasil superou a meta prevista para 2025, alcan\u00e7ando 66% de crian\u00e7as alfabetizadas na idade certa<\/a>. Progresso que deve ser celebrado por todo o pa\u00eds, fruto de pol\u00edticas p\u00fablicas estruturadas e um esfor\u00e7o coletivo que envolve gestores, educadores e comunidades.<\/p>\n<p>Ao mesmo tempo, esse dado tamb\u00e9m revela o tamanho do desafio que ainda temos pela frente. Cerca de 780 mil crian\u00e7as seguem sem alcan\u00e7ar a alfabetiza\u00e7\u00e3o na idade certa. Cada uma delas representa um potencial interrompido, uma oportunidade adiada, um futuro que n\u00e3o pode esperar. \u00c9 por isso que n\u00e3o podemos tratar o avan\u00e7o como ponto de chegada.<\/p>\n<p>Garantir que crian\u00e7as de sete anos estejam alfabetizadas significa criar as bases para toda a trajet\u00f3ria escolar e para uma vida com mais oportunidades. N\u00e3o podemos nos contentar com metas intermedi\u00e1rias. O pa\u00eds precisa chegar a 100% das crian\u00e7as alfabetizadas na idade certa.<\/p>\n<p>O regime de colabora\u00e7\u00e3o entre estados e munic\u00edpios, fortalecido pelo Compromisso Nacional Crian\u00e7a Alfabetizada, tem se mostrado um instrumento eficaz para impulsionar esses resultados. Os avan\u00e7os dependem de compromisso pol\u00edtico cont\u00ednuo, de prioridade na agenda p\u00fablica e da capacidade de transformar diretrizes em a\u00e7\u00f5es concretas nas redes de ensino. Alfabetizar com qualidade exige um esfor\u00e7o estruturado, coordenado e sustentado ao longo do tempo.<\/p>\n<p>O Brasil est\u00e1 em um caminho promissor, mas ainda distante da meta de 80% at\u00e9 2030. Isso exige acelerar o ritmo, garantir continuidade nas pol\u00edticas p\u00fablicas e manter o foco na redu\u00e7\u00e3o das desigualdades. N\u00e3o basta preservar os avan\u00e7os. \u00c9 preciso ampli\u00e1-los com mais velocidade e consist\u00eancia.<\/p>\n<p>Alfabetizar na idade adequada \u00e9 uma agenda estrat\u00e9gica para o desenvolvimento econ\u00f4mico, social e sustent\u00e1vel do pa\u00eds. Segundo o Banco Mundial, avan\u00e7os em educa\u00e7\u00e3o e sa\u00fade podem elevar significativamente o PIB per capita nas pr\u00f3ximas d\u00e9cadas. N\u00e3o h\u00e1 pa\u00eds desenvolvido que tenha negligenciado a aprendizagem de suas crian\u00e7as nos primeiros anos.<\/p>\n<p><a href=\"https:\/\/www1.folha.uol.com.br\/tv\/2025\/05\/como-reduzir-o-analfabetismo-funcional-no-brasil.shtml\" rel=\"\" target=\"\">Erradicar o analfabetismo<\/a> \u00e9 um sonho poss\u00edvel. O Brasil j\u00e1 mostrou que sabe o caminho. O que est\u00e1 em jogo agora \u00e9 a decis\u00e3o de avan\u00e7ar com a urg\u00eancia, a ambi\u00e7\u00e3o e o compromisso que nossas crian\u00e7as precisam. N\u00e3o podemos deixar ningu\u00e9m para tr\u00e1s.<\/p>\n<\/p><\/div>\n<div>\n<p class=\"c-context__content\">\n                        A Funda\u00e7\u00e3o Lemann, o\u00a0Instituto Natura e a\u00a0Associa\u00e7\u00e3o Bem Comum fazem parte da Alian\u00e7a pela Alfabetiza\u00e7\u00e3o.\u00a0\n                      <\/p>\n<\/p><\/div>\n<p><a href=\"https:\/\/www1.folha.uol.com.br\/educacao\/2026\/03\/e-hora-de-alfabetizar-todas-as-criancas-nao-podemos-nos-contentar-com-metas-intermediarias.shtml\">Fonte do Artigo <\/a><\/p>","protected":false},"excerpt":{"rendered":"<p>Aprender a ler, escrever, compreender o sentido das palavras e desenvolver no\u00e7\u00f5es matem\u00e1ticas b\u00e1sicas \u00e9 um marco transformador na trajet\u00f3ria de qualquer crian\u00e7a. \u00c9 quando novas possibilidades se abrem, quando o mundo ganha novos significados e quando sonhos come\u00e7am a ganhar forma. Garantir que todas estejam alfabetizadas na idade certa \u00e9 uma condi\u00e7\u00e3o essencial para [&hellip;]<\/p>\n","protected":false},"author":1,"featured_media":96970,"comment_status":"closed","ping_status":"","sticky":false,"template":"","format":"standard","meta":{"googlesitekit_rrm_CAow2JLhCw:productID":"","_gspb_post_css":"","maa_idioma":"","maa_pais":"","footnotes":""},"categories":[4],"tags":[16259,14871,152,3234,8414,23757,23756],"class_list":["post-96969","post","type-post","status-publish","format-standard","has-post-thumbnail","hentry","category-brasil","tag-alfabetizacao","tag-desafio","tag-educacao","tag-mas","tag-meta","tag-persiste","tag-superada"],"blocksy_meta":[],"yoast_head":"<!-- This site is optimized with the Yoast SEO Premium plugin v27.6 (Yoast SEO v27.6) - https:\/\/yoast.com\/product\/yoast-seo-premium-wordpress\/ -->\n<title>Meta de alfabetiza\u00e7\u00e3o \u00e9 superada, mas desafio persiste - 24\/03\/2026 - Educa\u00e7\u00e3o - Ubirat\u00e3 Online Not\u00edcias - A realidade ao seu alcance!<\/title>\n<meta name=\"description\" content=\"Aprender a ler, escrever, compreender o sentido das palavras e desenvolver no\u00e7\u00f5es matem\u00e1ticas b\u00e1sicas \u00e9 um marco transformador na trajet\u00f3ria de qualquer\" \/>\n<meta name=\"robots\" content=\"index, follow, max-snippet:-1, max-image-preview:large, max-video-preview:-1\" \/>\n<link rel=\"canonical\" href=\"https:\/\/ubirataonline.com.br\/en\/meta-de-alfabetizacao-e-superada-mas-desafio-persiste-24-03-2026-educacao\/\" \/>\n<meta property=\"og:locale\" content=\"en_US\" \/>\n<meta property=\"og:type\" content=\"article\" \/>\n<meta property=\"og:title\" content=\"Meta de alfabetiza\u00e7\u00e3o \u00e9 superada, mas desafio persiste - 24\/03\/2026 - Educa\u00e7\u00e3o\" \/>\n<meta property=\"og:description\" content=\"Aprender a ler, escrever, compreender o sentido das palavras e desenvolver no\u00e7\u00f5es matem\u00e1ticas b\u00e1sicas \u00e9 um marco transformador na trajet\u00f3ria de qualquer\" \/>\n<meta property=\"og:url\" content=\"https:\/\/ubirataonline.com.br\/en\/meta-de-alfabetizacao-e-superada-mas-desafio-persiste-24-03-2026-educacao\/\" \/>\n<meta property=\"og:site_name\" content=\"Ubirat\u00e3 Online Not\u00edcias - A realidade ao seu alcance!\" \/>\n<meta property=\"article:publisher\" content=\"https:\/\/www.facebook.com\/portalubirataonline\" \/>\n<meta property=\"article:author\" content=\"https:\/\/www.facebook.com\/portalubirataonline\" \/>\n<meta property=\"article:published_time\" content=\"2026-03-24T11:20:44+00:00\" \/>\n<meta property=\"article:modified_time\" content=\"2026-03-24T11:20:51+00:00\" \/>\n<meta property=\"og:image\" content=\"https:\/\/ubirataonline.com.br\/wp-content\/uploads\/2026\/03\/Meta-de-alfabetizacao-e-superada-mas-desafio-persiste-24032026.jpg\" \/>\n\t<meta property=\"og:image:width\" content=\"1200\" \/>\n\t<meta property=\"og:image:height\" content=\"800\" \/>\n\t<meta property=\"og:image:type\" content=\"image\/jpeg\" \/>\n<meta name=\"author\" content=\"REDA\u00c7\u00c3O: UBIRAT\u00c3 ONLINE - F\u00c1BIO AUGUSTO CELESTINO\" \/>\n<meta name=\"twitter:card\" content=\"summary_large_image\" \/>\n<meta name=\"twitter:creator\" content=\"@x.com\/ubirataonline\" \/>\n<meta name=\"twitter:site\" content=\"@ubirataonline\" \/>\n<meta name=\"twitter:label1\" content=\"Written by\" \/>\n\t<meta name=\"twitter:data1\" content=\"REDA\u00c7\u00c3O: UBIRAT\u00c3 ONLINE - F\u00c1BIO AUGUSTO CELESTINO\" \/>\n\t<meta name=\"twitter:label2\" content=\"Est. reading time\" \/>\n\t<meta name=\"twitter:data2\" content=\"3 minutes\" \/>\n<script type=\"application\/ld+json\" class=\"yoast-schema-graph\">{\"@context\":\"https:\\\/\\\/schema.org\",\"@graph\":[{\"@type\":\"NewsArticle\",\"@id\":\"https:\\\/\\\/ubirataonline.com.br\\\/meta-de-alfabetizacao-e-superada-mas-desafio-persiste-24-03-2026-educacao\\\/#article\",\"isPartOf\":{\"@id\":\"https:\\\/\\\/ubirataonline.com.br\\\/meta-de-alfabetizacao-e-superada-mas-desafio-persiste-24-03-2026-educacao\\\/\"},\"author\":{\"name\":\"REDA\u00c7\u00c3O: UBIRAT\u00c3 ONLINE - F\u00c1BIO AUGUSTO CELESTINO\",\"@id\":\"https:\\\/\\\/ubirataonline.com.br\\\/#\\\/schema\\\/person\\\/372f87bbd3fdd79b8556b84c98d0bc1c\"},\"headline\":\"Meta de alfabetiza\u00e7\u00e3o \u00e9 superada, mas desafio persiste &#8211; 24\\\/03\\\/2026 &#8211; Educa\u00e7\u00e3o\",\"datePublished\":\"2026-03-24T11:20:44+00:00\",\"dateModified\":\"2026-03-24T11:20:51+00:00\",\"mainEntityOfPage\":{\"@id\":\"https:\\\/\\\/ubirataonline.com.br\\\/meta-de-alfabetizacao-e-superada-mas-desafio-persiste-24-03-2026-educacao\\\/\"},\"wordCount\":669,\"publisher\":{\"@id\":\"https:\\\/\\\/ubirataonline.com.br\\\/#organization\"},\"image\":{\"@id\":\"https:\\\/\\\/ubirataonline.com.br\\\/meta-de-alfabetizacao-e-superada-mas-desafio-persiste-24-03-2026-educacao\\\/#primaryimage\"},\"thumbnailUrl\":\"https:\\\/\\\/ubirataonline.com.br\\\/wp-content\\\/uploads\\\/2026\\\/03\\\/Meta-de-alfabetizacao-e-superada-mas-desafio-persiste-24032026.jpg\",\"keywords\":[\"Alfabetiza\u00e7\u00e3o\",\"desafio\",\"educa\u00e7\u00e3o\",\"mas\",\"meta\",\"persiste\",\"superada\"],\"articleSection\":[\"Brasil\"],\"inLanguage\":\"en-US\",\"copyrightYear\":\"2026\",\"copyrightHolder\":{\"@id\":\"https:\\\/\\\/ubirataonline.com.br\\\/en\\\/#organization\"}},{\"@type\":\"WebPage\",\"@id\":\"https:\\\/\\\/ubirataonline.com.br\\\/meta-de-alfabetizacao-e-superada-mas-desafio-persiste-24-03-2026-educacao\\\/\",\"url\":\"https:\\\/\\\/ubirataonline.com.br\\\/meta-de-alfabetizacao-e-superada-mas-desafio-persiste-24-03-2026-educacao\\\/\",\"name\":\"Meta de alfabetiza\u00e7\u00e3o \u00e9 superada, mas desafio persiste - 24\\\/03\\\/2026 - Educa\u00e7\u00e3o - Ubirat\u00e3 Online Not\u00edcias - A realidade ao seu alcance!\",\"isPartOf\":{\"@id\":\"https:\\\/\\\/ubirataonline.com.br\\\/#website\"},\"primaryImageOfPage\":{\"@id\":\"https:\\\/\\\/ubirataonline.com.br\\\/meta-de-alfabetizacao-e-superada-mas-desafio-persiste-24-03-2026-educacao\\\/#primaryimage\"},\"image\":{\"@id\":\"https:\\\/\\\/ubirataonline.com.br\\\/meta-de-alfabetizacao-e-superada-mas-desafio-persiste-24-03-2026-educacao\\\/#primaryimage\"},\"thumbnailUrl\":\"https:\\\/\\\/ubirataonline.com.br\\\/wp-content\\\/uploads\\\/2026\\\/03\\\/Meta-de-alfabetizacao-e-superada-mas-desafio-persiste-24032026.jpg\",\"datePublished\":\"2026-03-24T11:20:44+00:00\",\"dateModified\":\"2026-03-24T11:20:51+00:00\",\"description\":\"Aprender a ler, escrever, compreender o sentido das palavras e desenvolver no\u00e7\u00f5es matem\u00e1ticas b\u00e1sicas \u00e9 um marco transformador na trajet\u00f3ria de qualquer\",\"breadcrumb\":{\"@id\":\"https:\\\/\\\/ubirataonline.com.br\\\/meta-de-alfabetizacao-e-superada-mas-desafio-persiste-24-03-2026-educacao\\\/#breadcrumb\"},\"inLanguage\":\"en-US\",\"potentialAction\":[{\"@type\":\"ReadAction\",\"target\":[\"https:\\\/\\\/ubirataonline.com.br\\\/meta-de-alfabetizacao-e-superada-mas-desafio-persiste-24-03-2026-educacao\\\/\"]}]},{\"@type\":\"ImageObject\",\"inLanguage\":\"en-US\",\"@id\":\"https:\\\/\\\/ubirataonline.com.br\\\/meta-de-alfabetizacao-e-superada-mas-desafio-persiste-24-03-2026-educacao\\\/#primaryimage\",\"url\":\"https:\\\/\\\/ubirataonline.com.br\\\/wp-content\\\/uploads\\\/2026\\\/03\\\/Meta-de-alfabetizacao-e-superada-mas-desafio-persiste-24032026.jpg\",\"contentUrl\":\"https:\\\/\\\/ubirataonline.com.br\\\/wp-content\\\/uploads\\\/2026\\\/03\\\/Meta-de-alfabetizacao-e-superada-mas-desafio-persiste-24032026.jpg\",\"width\":1200,\"height\":800,\"caption\":\"Alunos do 1\u00ba ano do ensino fundamental escrevem seus nomes na lousa - Diego Padgurschi - 27.mar.17\\\/Folhapress\"},{\"@type\":\"BreadcrumbList\",\"@id\":\"https:\\\/\\\/ubirataonline.com.br\\\/meta-de-alfabetizacao-e-superada-mas-desafio-persiste-24-03-2026-educacao\\\/#breadcrumb\",\"itemListElement\":[{\"@type\":\"ListItem\",\"position\":1,\"name\":\"In\u00edcio\",\"item\":\"https:\\\/\\\/ubirataonline.com.br\\\/\"},{\"@type\":\"ListItem\",\"position\":2,\"name\":\"Meta de alfabetiza\u00e7\u00e3o \u00e9 superada, mas desafio persiste &#8211; 24\\\/03\\\/2026 &#8211; Educa\u00e7\u00e3o\"}]},{\"@type\":\"WebSite\",\"@id\":\"https:\\\/\\\/ubirataonline.com.br\\\/#website\",\"url\":\"https:\\\/\\\/ubirataonline.com.br\\\/\",\"name\":\"Ubirat\u00e3 Online Not\u00edcias\",\"description\":\"Not\u00edcias de Ubirat\u00e3, regi\u00e3o, Brasil e mundo, com informa\u00e7\u00e3o atualizada e compromisso com o leitor.\",\"publisher\":{\"@id\":\"https:\\\/\\\/ubirataonline.com.br\\\/#organization\"},\"alternateName\":\"Ubirat\u00e3 Online\",\"potentialAction\":[{\"@type\":\"SearchAction\",\"target\":{\"@type\":\"EntryPoint\",\"urlTemplate\":\"https:\\\/\\\/ubirataonline.com.br\\\/?s={search_term_string}\"},\"query-input\":{\"@type\":\"PropertyValueSpecification\",\"valueRequired\":true,\"valueName\":\"search_term_string\"}}],\"inLanguage\":\"en-US\"},{\"@type\":[\"Organization\",\"Place\"],\"@id\":\"https:\\\/\\\/ubirataonline.com.br\\\/#organization\",\"name\":\"Ubirat\u00e3 Online Not\u00edcias\",\"alternateName\":\"Ubirat\u00e3 Online\",\"url\":\"https:\\\/\\\/ubirataonline.com.br\\\/\",\"logo\":{\"@id\":\"https:\\\/\\\/ubirataonline.com.br\\\/meta-de-alfabetizacao-e-superada-mas-desafio-persiste-24-03-2026-educacao\\\/#local-main-organization-logo\"},\"image\":{\"@id\":\"https:\\\/\\\/ubirataonline.com.br\\\/meta-de-alfabetizacao-e-superada-mas-desafio-persiste-24-03-2026-educacao\\\/#local-main-organization-logo\"},\"sameAs\":[\"https:\\\/\\\/www.facebook.com\\\/portalubirataonline\",\"https:\\\/\\\/x.com\\\/ubirataonline\",\"https:\\\/\\\/mastodon.social\\\/@ubirataonline\",\"https:\\\/\\\/www.facebook.com\\\/groups\\\/311144672285604\",\"https:\\\/\\\/www.facebook.com\\\/UBTAOnline\",\"https:\\\/\\\/www.instagram.com\\\/portalubirataonline\\\/\",\"https:\\\/\\\/twitter.com\\\/ubirataonline\"],\"description\":\"Somos um portal de not\u00edcias independente, criado em 5 de janeiro de 2009, com o objetivo de informar, conectar e valorizar a nossa comunidade de Ubirat\u00e3 e toda aregi\u00e3o. Com conte\u00fado atualizado, confi\u00e1vel e relevante, o Ubirat\u00e3 Online \u00e9 o seu espa\u00e7o para ficar por dentro dos principais acontecimentos locais, regionais, Brasil, Mundo e de interesse geral. Nosso compromisso \u00e9 com a verdade, a transpar\u00eancia e o respeito ao leitor.\",\"legalName\":\"UBIRATA ONLINE NOT\u00cdCIAS\",\"foundingDate\":\"2009-01-05\",\"numberOfEmployees\":{\"@type\":\"QuantitativeValue\",\"minValue\":\"1\",\"maxValue\":\"10\"},\"publishingPrinciples\":\"https:\\\/\\\/ubirataonline.com.br\\\/faq\\\/\",\"address\":{\"@id\":\"https:\\\/\\\/ubirataonline.com.br\\\/meta-de-alfabetizacao-e-superada-mas-desafio-persiste-24-03-2026-educacao\\\/#local-main-place-address\"},\"geo\":{\"@type\":\"GeoCoordinates\",\"latitude\":\"-24.5361401\",\"longitude\":\"-52.9921776\"},\"telephone\":[\"+5544998308235\"],\"contactPoint\":{\"@type\":\"ContactPoint\",\"email\":\"contato@ubirataonline.com.br\"},\"openingHoursSpecification\":{\"@type\":\"OpeningHoursSpecification\",\"dayOfWeek\":[\"Monday\",\"Tuesday\",\"Wednesday\",\"Thursday\",\"Friday\",\"Saturday\",\"Sunday\"],\"opens\":\"00:00\",\"closes\":\"23:59\"},\"email\":\"contato@ubirataonline.com.br\",\"vatID\":\"47.621.418\\\/0001-80\"},{\"@type\":\"Person\",\"@id\":\"https:\\\/\\\/ubirataonline.com.br\\\/#\\\/schema\\\/person\\\/372f87bbd3fdd79b8556b84c98d0bc1c\",\"name\":\"REDA\u00c7\u00c3O: UBIRAT\u00c3 ONLINE - F\u00c1BIO AUGUSTO CELESTINO\",\"pronouns\":\"Ele\",\"description\":\"Desde 2003 trabalhando com not\u00edcias.\",\"sameAs\":[\"http:\\\/\\\/ubirataoline.com.br\",\"https:\\\/\\\/www.facebook.com\\\/portalubirataonline\",\"https:\\\/\\\/www.instagram.com\\\/ubirataonline_oficial\",\"https:\\\/\\\/x.com\\\/x.com\\\/ubirataonline\"],\"honorificPrefix\":\"Mr.\",\"honorificSuffix\":\"MD\",\"birthDate\":\"1980-06-16\",\"gender\":\"masculino\",\"award\":[\"V\u00e1rios pr\u00eamios de melhor portal da cidade\"],\"jobTitle\":\"Diretor\",\"url\":\"https:\\\/\\\/ubirataonline.com.br\\\/en\\\/author\\\/ubirataonline\\\/\"},{\"@type\":\"PostalAddress\",\"@id\":\"https:\\\/\\\/ubirataonline.com.br\\\/meta-de-alfabetizacao-e-superada-mas-desafio-persiste-24-03-2026-educacao\\\/#local-main-place-address\",\"streetAddress\":\"Rua dos Coqueiros, 104 - Bairro Boa Vista, Rua dos Coqueiros, 104 Bairro Boa Vista\",\"addressLocality\":\"UBIRATA\",\"postalCode\":\"85440-000\",\"addressRegion\":\"PR\",\"addressCountry\":\"BR\"},{\"@type\":\"ImageObject\",\"inLanguage\":\"en-US\",\"@id\":\"https:\\\/\\\/ubirataonline.com.br\\\/meta-de-alfabetizacao-e-superada-mas-desafio-persiste-24-03-2026-educacao\\\/#local-main-organization-logo\",\"url\":\"https:\\\/\\\/ubirataonline.com.br\\\/wp-content\\\/uploads\\\/2026\\\/06\\\/logoubirataonline-1.webp\",\"contentUrl\":\"https:\\\/\\\/ubirataonline.com.br\\\/wp-content\\\/uploads\\\/2026\\\/06\\\/logoubirataonline-1.webp\",\"width\":500,\"height\":500,\"caption\":\"Ubirat\u00e3 Online Not\u00edcias\"}]}<\/script>\n<meta name=\"geo.placename\" content=\"UBIRATA\" \/>\n<meta name=\"geo.position\" content=\"-24.5361401;-52.9921776\" \/>\n<meta name=\"geo.region\" content=\"Brazil\" \/>\n<!-- \/ Yoast SEO Premium plugin. -->","yoast_head_json":{"title":"Meta de alfabetiza\u00e7\u00e3o \u00e9 superada, mas desafio persiste - 24\/03\/2026 - Educa\u00e7\u00e3o - Ubirat\u00e3 Online Not\u00edcias - A realidade ao seu alcance!","description":"Aprender a ler, escrever, compreender o sentido das palavras e desenvolver no\u00e7\u00f5es matem\u00e1ticas b\u00e1sicas \u00e9 um marco transformador na trajet\u00f3ria de qualquer","robots":{"index":"index","follow":"follow","max-snippet":"max-snippet:-1","max-image-preview":"max-image-preview:large","max-video-preview":"max-video-preview:-1"},"canonical":"https:\/\/ubirataonline.com.br\/en\/meta-de-alfabetizacao-e-superada-mas-desafio-persiste-24-03-2026-educacao\/","og_locale":"en_US","og_type":"article","og_title":"Meta de alfabetiza\u00e7\u00e3o \u00e9 superada, mas desafio persiste - 24\/03\/2026 - Educa\u00e7\u00e3o","og_description":"Aprender a ler, escrever, compreender o sentido das palavras e desenvolver no\u00e7\u00f5es matem\u00e1ticas b\u00e1sicas \u00e9 um marco transformador na trajet\u00f3ria de qualquer","og_url":"https:\/\/ubirataonline.com.br\/en\/meta-de-alfabetizacao-e-superada-mas-desafio-persiste-24-03-2026-educacao\/","og_site_name":"Ubirat\u00e3 Online Not\u00edcias - A realidade ao seu alcance!","article_publisher":"https:\/\/www.facebook.com\/portalubirataonline","article_author":"https:\/\/www.facebook.com\/portalubirataonline","article_published_time":"2026-03-24T11:20:44+00:00","article_modified_time":"2026-03-24T11:20:51+00:00","og_image":[{"width":1200,"height":800,"url":"https:\/\/ubirataonline.com.br\/wp-content\/uploads\/2026\/03\/Meta-de-alfabetizacao-e-superada-mas-desafio-persiste-24032026.jpg","type":"image\/jpeg"}],"author":"REDA\u00c7\u00c3O: UBIRAT\u00c3 ONLINE - F\u00c1BIO AUGUSTO CELESTINO","twitter_card":"summary_large_image","twitter_creator":"@x.com\/ubirataonline","twitter_site":"@ubirataonline","twitter_misc":{"Written by":"REDA\u00c7\u00c3O: UBIRAT\u00c3 ONLINE - F\u00c1BIO AUGUSTO CELESTINO","Est. reading time":"3 minutes"},"schema":{"@context":"https:\/\/schema.org","@graph":[{"@type":"NewsArticle","@id":"https:\/\/ubirataonline.com.br\/meta-de-alfabetizacao-e-superada-mas-desafio-persiste-24-03-2026-educacao\/#article","isPartOf":{"@id":"https:\/\/ubirataonline.com.br\/meta-de-alfabetizacao-e-superada-mas-desafio-persiste-24-03-2026-educacao\/"},"author":{"name":"REDA\u00c7\u00c3O: UBIRAT\u00c3 ONLINE - F\u00c1BIO AUGUSTO CELESTINO","@id":"https:\/\/ubirataonline.com.br\/#\/schema\/person\/372f87bbd3fdd79b8556b84c98d0bc1c"},"headline":"Meta de alfabetiza\u00e7\u00e3o \u00e9 superada, mas desafio persiste &#8211; 24\/03\/2026 &#8211; Educa\u00e7\u00e3o","datePublished":"2026-03-24T11:20:44+00:00","dateModified":"2026-03-24T11:20:51+00:00","mainEntityOfPage":{"@id":"https:\/\/ubirataonline.com.br\/meta-de-alfabetizacao-e-superada-mas-desafio-persiste-24-03-2026-educacao\/"},"wordCount":669,"publisher":{"@id":"https:\/\/ubirataonline.com.br\/#organization"},"image":{"@id":"https:\/\/ubirataonline.com.br\/meta-de-alfabetizacao-e-superada-mas-desafio-persiste-24-03-2026-educacao\/#primaryimage"},"thumbnailUrl":"https:\/\/ubirataonline.com.br\/wp-content\/uploads\/2026\/03\/Meta-de-alfabetizacao-e-superada-mas-desafio-persiste-24032026.jpg","keywords":["Alfabetiza\u00e7\u00e3o","desafio","educa\u00e7\u00e3o","mas","meta","persiste","superada"],"articleSection":["Brasil"],"inLanguage":"en-US","copyrightYear":"2026","copyrightHolder":{"@id":"https:\/\/ubirataonline.com.br\/en\/#organization"}},{"@type":"WebPage","@id":"https:\/\/ubirataonline.com.br\/meta-de-alfabetizacao-e-superada-mas-desafio-persiste-24-03-2026-educacao\/","url":"https:\/\/ubirataonline.com.br\/meta-de-alfabetizacao-e-superada-mas-desafio-persiste-24-03-2026-educacao\/","name":"Meta de alfabetiza\u00e7\u00e3o \u00e9 superada, mas desafio persiste - 24\/03\/2026 - Educa\u00e7\u00e3o - Ubirat\u00e3 Online Not\u00edcias - A realidade ao seu alcance!","isPartOf":{"@id":"https:\/\/ubirataonline.com.br\/#website"},"primaryImageOfPage":{"@id":"https:\/\/ubirataonline.com.br\/meta-de-alfabetizacao-e-superada-mas-desafio-persiste-24-03-2026-educacao\/#primaryimage"},"image":{"@id":"https:\/\/ubirataonline.com.br\/meta-de-alfabetizacao-e-superada-mas-desafio-persiste-24-03-2026-educacao\/#primaryimage"},"thumbnailUrl":"https:\/\/ubirataonline.com.br\/wp-content\/uploads\/2026\/03\/Meta-de-alfabetizacao-e-superada-mas-desafio-persiste-24032026.jpg","datePublished":"2026-03-24T11:20:44+00:00","dateModified":"2026-03-24T11:20:51+00:00","description":"Aprender a ler, escrever, compreender o sentido das palavras e desenvolver no\u00e7\u00f5es matem\u00e1ticas b\u00e1sicas \u00e9 um marco transformador na trajet\u00f3ria de qualquer","breadcrumb":{"@id":"https:\/\/ubirataonline.com.br\/meta-de-alfabetizacao-e-superada-mas-desafio-persiste-24-03-2026-educacao\/#breadcrumb"},"inLanguage":"en-US","potentialAction":[{"@type":"ReadAction","target":["https:\/\/ubirataonline.com.br\/meta-de-alfabetizacao-e-superada-mas-desafio-persiste-24-03-2026-educacao\/"]}]},{"@type":"ImageObject","inLanguage":"en-US","@id":"https:\/\/ubirataonline.com.br\/meta-de-alfabetizacao-e-superada-mas-desafio-persiste-24-03-2026-educacao\/#primaryimage","url":"https:\/\/ubirataonline.com.br\/wp-content\/uploads\/2026\/03\/Meta-de-alfabetizacao-e-superada-mas-desafio-persiste-24032026.jpg","contentUrl":"https:\/\/ubirataonline.com.br\/wp-content\/uploads\/2026\/03\/Meta-de-alfabetizacao-e-superada-mas-desafio-persiste-24032026.jpg","width":1200,"height":800,"caption":"Alunos do 1\u00ba ano do ensino fundamental escrevem seus nomes na lousa - Diego Padgurschi - 27.mar.17\/Folhapress"},{"@type":"BreadcrumbList","@id":"https:\/\/ubirataonline.com.br\/meta-de-alfabetizacao-e-superada-mas-desafio-persiste-24-03-2026-educacao\/#breadcrumb","itemListElement":[{"@type":"ListItem","position":1,"name":"In\u00edcio","item":"https:\/\/ubirataonline.com.br\/"},{"@type":"ListItem","position":2,"name":"Meta de alfabetiza\u00e7\u00e3o \u00e9 superada, mas desafio persiste &#8211; 24\/03\/2026 &#8211; Educa\u00e7\u00e3o"}]},{"@type":"WebSite","@id":"https:\/\/ubirataonline.com.br\/#website","url":"https:\/\/ubirataonline.com.br\/","name":"Ubirat\u00e3 Online Not\u00edcias","description":"Not\u00edcias de Ubirat\u00e3, regi\u00e3o, Brasil e mundo, com informa\u00e7\u00e3o atualizada e compromisso com o leitor.","publisher":{"@id":"https:\/\/ubirataonline.com.br\/#organization"},"alternateName":"Ubirat\u00e3 Online","potentialAction":[{"@type":"SearchAction","target":{"@type":"EntryPoint","urlTemplate":"https:\/\/ubirataonline.com.br\/?s={search_term_string}"},"query-input":{"@type":"PropertyValueSpecification","valueRequired":true,"valueName":"search_term_string"}}],"inLanguage":"en-US"},{"@type":["Organization","Place"],"@id":"https:\/\/ubirataonline.com.br\/#organization","name":"Ubirat\u00e3 Online Not\u00edcias","alternateName":"Ubirat\u00e3 Online","url":"https:\/\/ubirataonline.com.br\/","logo":{"@id":"https:\/\/ubirataonline.com.br\/meta-de-alfabetizacao-e-superada-mas-desafio-persiste-24-03-2026-educacao\/#local-main-organization-logo"},"image":{"@id":"https:\/\/ubirataonline.com.br\/meta-de-alfabetizacao-e-superada-mas-desafio-persiste-24-03-2026-educacao\/#local-main-organization-logo"},"sameAs":["https:\/\/www.facebook.com\/portalubirataonline","https:\/\/x.com\/ubirataonline","https:\/\/mastodon.social\/@ubirataonline","https:\/\/www.facebook.com\/groups\/311144672285604","https:\/\/www.facebook.com\/UBTAOnline","https:\/\/www.instagram.com\/portalubirataonline\/","https:\/\/twitter.com\/ubirataonline"],"description":"Somos um portal de not\u00edcias independente, criado em 5 de janeiro de 2009, com o objetivo de informar, conectar e valorizar a nossa comunidade de Ubirat\u00e3 e toda aregi\u00e3o. Com conte\u00fado atualizado, confi\u00e1vel e relevante, o Ubirat\u00e3 Online \u00e9 o seu espa\u00e7o para ficar por dentro dos principais acontecimentos locais, regionais, Brasil, Mundo e de interesse geral. Nosso compromisso \u00e9 com a verdade, a transpar\u00eancia e o respeito ao leitor.","legalName":"UBIRATA ONLINE NOT\u00cdCIAS","foundingDate":"2009-01-05","numberOfEmployees":{"@type":"QuantitativeValue","minValue":"1","maxValue":"10"},"publishingPrinciples":"https:\/\/ubirataonline.com.br\/faq\/","address":{"@id":"https:\/\/ubirataonline.com.br\/meta-de-alfabetizacao-e-superada-mas-desafio-persiste-24-03-2026-educacao\/#local-main-place-address"},"geo":{"@type":"GeoCoordinates","latitude":"-24.5361401","longitude":"-52.9921776"},"telephone":["+5544998308235"],"contactPoint":{"@type":"ContactPoint","email":"contato@ubirataonline.com.br"},"openingHoursSpecification":{"@type":"OpeningHoursSpecification","dayOfWeek":["Monday","Tuesday","Wednesday","Thursday","Friday","Saturday","Sunday"],"opens":"00:00","closes":"23:59"},"email":"contato@ubirataonline.com.br","vatID":"47.621.418\/0001-80"},{"@type":"Person","@id":"https:\/\/ubirataonline.com.br\/#\/schema\/person\/372f87bbd3fdd79b8556b84c98d0bc1c","name":"REDA\u00c7\u00c3O: UBIRAT\u00c3 ONLINE - F\u00c1BIO AUGUSTO CELESTINO","pronouns":"Ele","description":"Desde 2003 trabalhando com not\u00edcias.","sameAs":["http:\/\/ubirataoline.com.br","https:\/\/www.facebook.com\/portalubirataonline","https:\/\/www.instagram.com\/ubirataonline_oficial","https:\/\/x.com\/x.com\/ubirataonline"],"honorificPrefix":"Mr.","honorificSuffix":"MD","birthDate":"1980-06-16","gender":"masculino","award":["V\u00e1rios pr\u00eamios de melhor portal da cidade"],"jobTitle":"Diretor","url":"https:\/\/ubirataonline.com.br\/en\/author\/ubirataonline\/"},{"@type":"PostalAddress","@id":"https:\/\/ubirataonline.com.br\/meta-de-alfabetizacao-e-superada-mas-desafio-persiste-24-03-2026-educacao\/#local-main-place-address","streetAddress":"Rua dos Coqueiros, 104 - Bairro Boa Vista, Rua dos Coqueiros, 104 Bairro Boa Vista","addressLocality":"UBIRATA","postalCode":"85440-000","addressRegion":"PR","addressCountry":"BR"},{"@type":"ImageObject","inLanguage":"en-US","@id":"https:\/\/ubirataonline.com.br\/meta-de-alfabetizacao-e-superada-mas-desafio-persiste-24-03-2026-educacao\/#local-main-organization-logo","url":"https:\/\/ubirataonline.com.br\/wp-content\/uploads\/2026\/06\/logoubirataonline-1.webp","contentUrl":"https:\/\/ubirataonline.com.br\/wp-content\/uploads\/2026\/06\/logoubirataonline-1.webp","width":500,"height":500,"caption":"Ubirat\u00e3 Online Not\u00edcias"}]},"geo.placename":"UBIRATA","geo.position":{"lat":"-24.5361401","long":"-52.9921776"},"geo.region":"Brazil"},"_links":{"self":[{"href":"https:\/\/ubirataonline.com.br\/en\/wp-json\/wp\/v2\/posts\/96969","targetHints":{"allow":["GET"]}}],"collection":[{"href":"https:\/\/ubirataonline.com.br\/en\/wp-json\/wp\/v2\/posts"}],"about":[{"href":"https:\/\/ubirataonline.com.br\/en\/wp-json\/wp\/v2\/types\/post"}],"author":[{"embeddable":true,"href":"https:\/\/ubirataonline.com.br\/en\/wp-json\/wp\/v2\/users\/1"}],"replies":[{"embeddable":true,"href":"https:\/\/ubirataonline.com.br\/en\/wp-json\/wp\/v2\/comments?post=96969"}],"version-history":[{"count":0,"href":"https:\/\/ubirataonline.com.br\/en\/wp-json\/wp\/v2\/posts\/96969\/revisions"}],"wp:featuredmedia":[{"embeddable":true,"href":"https:\/\/ubirataonline.com.br\/en\/wp-json\/wp\/v2\/media\/96970"}],"wp:attachment":[{"href":"https:\/\/ubirataonline.com.br\/en\/wp-json\/wp\/v2\/media?parent=96969"}],"wp:term":[{"taxonomy":"category","embeddable":true,"href":"https:\/\/ubirataonline.com.br\/en\/wp-json\/wp\/v2\/categories?post=96969"},{"taxonomy":"post_tag","embeddable":true,"href":"https:\/\/ubirataonline.com.br\/en\/wp-json\/wp\/v2\/tags?post=96969"}],"curies":[{"name":"wp","href":"https:\/\/api.w.org\/{rel}","templated":true}]}}