{"id":96994,"date":"2026-03-24T11:23:45","date_gmt":"2026-03-24T14:23:45","guid":{"rendered":"https:\/\/ubirataonline.com.br\/gestao-orienta-setores-sobre-feriado-e-ponto-facultativo-na-semana-santa-noticias\/"},"modified":"2026-03-24T11:23:55","modified_gmt":"2026-03-24T14:23:55","slug":"gestao-orienta-setores-sobre-feriado-e-ponto-facultativo-na-semana-santa-noticias","status":"publish","type":"post","link":"https:\/\/ubirataonline.com.br\/en\/gestao-orienta-setores-sobre-feriado-e-ponto-facultativo-na-semana-santa-noticias\/","title":{"rendered":"Gest\u00e3o orienta setores sobre feriado e ponto facultativo na Semana Santa \u2014 Not\u00edcias"},"content":{"rendered":"<p><\/p>\n<div id=\"section-text\">\n<p>Em<strong> Instru\u00e7\u00e3o Normativa Conjunta n\u00ba 01-PROGEP\/PROGRAD\/GR\/UFAL<\/strong>, a gest\u00e3o da Universidade Federal de Alagoas (Ufal) estabeleceu orienta\u00e7\u00f5es a todos os \u00f3rg\u00e3os de apoio, unidades acad\u00eamicas e\u00a0<em>campi<\/em> fora de sede sobre o ponto facultativo estadual e municipal da Quinta-feira Santa, no pr\u00f3ximo dia 2 de abril.\u00a0<\/p>\n<p>Quem optar por aderir ao ponto facultativo dever\u00e1 realizar a compensa\u00e7\u00e3o das horas n\u00e3o trabalhadas no per\u00edodo de 6 a 30 de abril de 2026.<\/p>\n<p>De acordo com o documento, caber\u00e1 \u00e0s chefias imediatas e\/ou dire\u00e7\u00f5es facultar aos servidores p\u00fablicos, empregados p\u00fablicos, contratados tempor\u00e1rios e estagi\u00e1rios a ades\u00e3o ao ponto facultativo. Aqueles que usufru\u00edrem e n\u00e3o compensarem as horas no per\u00edodo estabelecido estar\u00e3o sujeitos a descontos proporcionais em sua remunera\u00e7\u00e3o.<\/p>\n<p>Sobre a compensa\u00e7\u00e3o, a IN estabelece que ela poder\u00e1 ocorrer em at\u00e9 duas horas di\u00e1rias para servidores, empregados p\u00fablicos e contratados tempor\u00e1rios e em at\u00e9 uma hora di\u00e1ria para estagi\u00e1rios.<\/p>\n<p>As chefias imediatas e dire\u00e7\u00f5es devem manter os servi\u00e7os considerados essenciais, que, por sua natureza, n\u00e3o possam ser paralisados ou interrompidos. Quem optar por n\u00e3o aderir ao ponto facultativo dever\u00e1 cumprir normalmente sua jornada de trabalho.<\/p>\n<p>No que diz respeito \u00e0s atividades acad\u00eamicas, n\u00e3o haver\u00e1 suspens\u00e3o autom\u00e1tica, devendo ser observado o Calend\u00e1rio Acad\u00eamico vigente. Em caso de aus\u00eancia docente, ser\u00e1 obrigat\u00f3ria a reposi\u00e7\u00e3o integral das aulas e conte\u00fados. Situa\u00e7\u00f5es de aus\u00eancia de estudantes, especialmente por dificuldades de transporte intermunicipal, poder\u00e3o ser analisadas de forma individualizada, conforme normativas institucionais, sem previs\u00e3o de abono autom\u00e1tico de faltas.<\/p>\n<p>Veja a \u00edntegra do documento no anexo abaixo.<\/p>\n<p>\u00a0<\/p>\n<\/p><\/div>\n<p><a href=\"https:\/\/noticias.ufal.br\/servidor\/noticias\/2026\/3\/gestao-orienta-setores-sobre-feriado-e-ponto-facultativo-na-semana-santa\">Fonte do Artigo <\/a><\/p>","protected":false},"excerpt":{"rendered":"<p>Em Instru\u00e7\u00e3o Normativa Conjunta n\u00ba 01-PROGEP\/PROGRAD\/GR\/UFAL, a gest\u00e3o da Universidade Federal de Alagoas (Ufal) estabeleceu orienta\u00e7\u00f5es a todos os \u00f3rg\u00e3os de apoio, unidades acad\u00eamicas e\u00a0campi fora de sede sobre o ponto facultativo estadual e municipal da Quinta-feira Santa, no pr\u00f3ximo dia 2 de abril.\u00a0 Quem optar por aderir ao ponto facultativo dever\u00e1 realizar a compensa\u00e7\u00e3o [&hellip;]<\/p>\n","protected":false},"author":1,"featured_media":96995,"comment_status":"closed","ping_status":"","sticky":false,"template":"","format":"standard","meta":{"googlesitekit_rrm_CAow2JLhCw:productID":"","_gspb_post_css":"","maa_idioma":"","maa_pais":"","footnotes":""},"categories":[4],"tags":[19026,4301,3999,1783,12477,7896,3804,3268,23764,3203],"class_list":["post-96994","post","type-post","status-publish","format-standard","has-post-thumbnail","hentry","category-brasil","tag-facultativo","tag-feriado","tag-gestao","tag-noticias","tag-orienta","tag-ponto","tag-santa","tag-semana","tag-setores","tag-sobre"],"blocksy_meta":[],"yoast_head":"<!-- This site is optimized with the Yoast SEO Premium plugin v27.6 (Yoast SEO v27.6) - https:\/\/yoast.com\/product\/yoast-seo-premium-wordpress\/ -->\n<title>Gest\u00e3o orienta setores sobre feriado e ponto facultativo na Semana Santa \u2014 Not\u00edcias - Ubirat\u00e3 Online Not\u00edcias - A realidade ao seu alcance!<\/title>\n<meta name=\"description\" content=\"Em Instru\u00e7\u00e3o Normativa Conjunta n\u00ba 01-PROGEP\/PROGRAD\/GR\/UFAL, a gest\u00e3o da Universidade Federal de Alagoas (Ufal) estabeleceu orienta\u00e7\u00f5es a todos os \u00f3rg\u00e3os\" \/>\n<meta name=\"robots\" content=\"index, follow, max-snippet:-1, max-image-preview:large, max-video-preview:-1\" \/>\n<link rel=\"canonical\" href=\"https:\/\/ubirataonline.com.br\/en\/gestao-orienta-setores-sobre-feriado-e-ponto-facultativo-na-semana-santa-noticias\/\" \/>\n<meta property=\"og:locale\" content=\"en_US\" \/>\n<meta property=\"og:type\" content=\"article\" \/>\n<meta property=\"og:title\" content=\"Gest\u00e3o orienta setores sobre feriado e ponto facultativo na Semana Santa \u2014 Not\u00edcias\" \/>\n<meta property=\"og:description\" content=\"Em Instru\u00e7\u00e3o Normativa Conjunta n\u00ba 01-PROGEP\/PROGRAD\/GR\/UFAL, a gest\u00e3o da Universidade Federal de Alagoas (Ufal) estabeleceu orienta\u00e7\u00f5es a todos os \u00f3rg\u00e3os\" \/>\n<meta property=\"og:url\" content=\"https:\/\/ubirataonline.com.br\/en\/gestao-orienta-setores-sobre-feriado-e-ponto-facultativo-na-semana-santa-noticias\/\" \/>\n<meta property=\"og:site_name\" content=\"Ubirat\u00e3 Online Not\u00edcias - A realidade ao seu alcance!\" \/>\n<meta property=\"article:publisher\" content=\"https:\/\/www.facebook.com\/portalubirataonline\" \/>\n<meta property=\"article:author\" content=\"https:\/\/www.facebook.com\/portalubirataonline\" \/>\n<meta property=\"article:published_time\" content=\"2026-03-24T14:23:45+00:00\" \/>\n<meta property=\"article:modified_time\" content=\"2026-03-24T14:23:55+00:00\" \/>\n<meta property=\"og:image\" content=\"https:\/\/ubirataonline.com.br\/wp-content\/uploads\/2026\/03\/Gestao-orienta-setores-sobre-feriado-e-ponto-facultativo-na-Semana.png\" \/>\n\t<meta property=\"og:image:width\" content=\"1080\" \/>\n\t<meta property=\"og:image:height\" content=\"1440\" \/>\n\t<meta property=\"og:image:type\" content=\"image\/png\" \/>\n<meta name=\"author\" content=\"REDA\u00c7\u00c3O: UBIRAT\u00c3 ONLINE - F\u00c1BIO AUGUSTO CELESTINO\" \/>\n<meta name=\"twitter:card\" content=\"summary_large_image\" \/>\n<meta name=\"twitter:creator\" content=\"@x.com\/ubirataonline\" \/>\n<meta name=\"twitter:site\" content=\"@ubirataonline\" \/>\n<meta name=\"twitter:label1\" content=\"Written by\" \/>\n\t<meta name=\"twitter:data1\" content=\"REDA\u00c7\u00c3O: UBIRAT\u00c3 ONLINE - F\u00c1BIO AUGUSTO CELESTINO\" \/>\n\t<meta name=\"twitter:label2\" content=\"Est. reading time\" \/>\n\t<meta name=\"twitter:data2\" content=\"1 minute\" \/>\n<script type=\"application\/ld+json\" class=\"yoast-schema-graph\">{\"@context\":\"https:\\\/\\\/schema.org\",\"@graph\":[{\"@type\":\"NewsArticle\",\"@id\":\"https:\\\/\\\/ubirataonline.com.br\\\/gestao-orienta-setores-sobre-feriado-e-ponto-facultativo-na-semana-santa-noticias\\\/#article\",\"isPartOf\":{\"@id\":\"https:\\\/\\\/ubirataonline.com.br\\\/gestao-orienta-setores-sobre-feriado-e-ponto-facultativo-na-semana-santa-noticias\\\/\"},\"author\":{\"name\":\"REDA\u00c7\u00c3O: UBIRAT\u00c3 ONLINE - F\u00c1BIO AUGUSTO CELESTINO\",\"@id\":\"https:\\\/\\\/ubirataonline.com.br\\\/#\\\/schema\\\/person\\\/372f87bbd3fdd79b8556b84c98d0bc1c\"},\"headline\":\"Gest\u00e3o orienta setores sobre feriado e ponto facultativo na Semana Santa \u2014 Not\u00edcias\",\"datePublished\":\"2026-03-24T14:23:45+00:00\",\"dateModified\":\"2026-03-24T14:23:55+00:00\",\"mainEntityOfPage\":{\"@id\":\"https:\\\/\\\/ubirataonline.com.br\\\/gestao-orienta-setores-sobre-feriado-e-ponto-facultativo-na-semana-santa-noticias\\\/\"},\"wordCount\":310,\"publisher\":{\"@id\":\"https:\\\/\\\/ubirataonline.com.br\\\/#organization\"},\"image\":{\"@id\":\"https:\\\/\\\/ubirataonline.com.br\\\/gestao-orienta-setores-sobre-feriado-e-ponto-facultativo-na-semana-santa-noticias\\\/#primaryimage\"},\"thumbnailUrl\":\"https:\\\/\\\/ubirataonline.com.br\\\/wp-content\\\/uploads\\\/2026\\\/03\\\/Gestao-orienta-setores-sobre-feriado-e-ponto-facultativo-na-Semana.png\",\"keywords\":[\"facultativo\",\"feriado\",\"gest\u00e3o\",\"NOT\u00cdCIAS\",\"orienta\",\"ponto\",\"Santa\",\"semana\",\"setores\",\"sobre\"],\"articleSection\":[\"Brasil\"],\"inLanguage\":\"en-US\",\"copyrightYear\":\"2026\",\"copyrightHolder\":{\"@id\":\"https:\\\/\\\/ubirataonline.com.br\\\/en\\\/#organization\"}},{\"@type\":\"WebPage\",\"@id\":\"https:\\\/\\\/ubirataonline.com.br\\\/gestao-orienta-setores-sobre-feriado-e-ponto-facultativo-na-semana-santa-noticias\\\/\",\"url\":\"https:\\\/\\\/ubirataonline.com.br\\\/gestao-orienta-setores-sobre-feriado-e-ponto-facultativo-na-semana-santa-noticias\\\/\",\"name\":\"Gest\u00e3o orienta setores sobre feriado e ponto facultativo na Semana Santa \u2014 Not\u00edcias - Ubirat\u00e3 Online Not\u00edcias - A realidade ao seu alcance!\",\"isPartOf\":{\"@id\":\"https:\\\/\\\/ubirataonline.com.br\\\/#website\"},\"primaryImageOfPage\":{\"@id\":\"https:\\\/\\\/ubirataonline.com.br\\\/gestao-orienta-setores-sobre-feriado-e-ponto-facultativo-na-semana-santa-noticias\\\/#primaryimage\"},\"image\":{\"@id\":\"https:\\\/\\\/ubirataonline.com.br\\\/gestao-orienta-setores-sobre-feriado-e-ponto-facultativo-na-semana-santa-noticias\\\/#primaryimage\"},\"thumbnailUrl\":\"https:\\\/\\\/ubirataonline.com.br\\\/wp-content\\\/uploads\\\/2026\\\/03\\\/Gestao-orienta-setores-sobre-feriado-e-ponto-facultativo-na-Semana.png\",\"datePublished\":\"2026-03-24T14:23:45+00:00\",\"dateModified\":\"2026-03-24T14:23:55+00:00\",\"description\":\"Em Instru\u00e7\u00e3o Normativa Conjunta n\u00ba 01-PROGEP\\\/PROGRAD\\\/GR\\\/UFAL, a gest\u00e3o da Universidade Federal de Alagoas (Ufal) estabeleceu orienta\u00e7\u00f5es a todos os \u00f3rg\u00e3os\",\"breadcrumb\":{\"@id\":\"https:\\\/\\\/ubirataonline.com.br\\\/gestao-orienta-setores-sobre-feriado-e-ponto-facultativo-na-semana-santa-noticias\\\/#breadcrumb\"},\"inLanguage\":\"en-US\",\"potentialAction\":[{\"@type\":\"ReadAction\",\"target\":[\"https:\\\/\\\/ubirataonline.com.br\\\/gestao-orienta-setores-sobre-feriado-e-ponto-facultativo-na-semana-santa-noticias\\\/\"]}]},{\"@type\":\"ImageObject\",\"inLanguage\":\"en-US\",\"@id\":\"https:\\\/\\\/ubirataonline.com.br\\\/gestao-orienta-setores-sobre-feriado-e-ponto-facultativo-na-semana-santa-noticias\\\/#primaryimage\",\"url\":\"https:\\\/\\\/ubirataonline.com.br\\\/wp-content\\\/uploads\\\/2026\\\/03\\\/Gestao-orienta-setores-sobre-feriado-e-ponto-facultativo-na-Semana.png\",\"contentUrl\":\"https:\\\/\\\/ubirataonline.com.br\\\/wp-content\\\/uploads\\\/2026\\\/03\\\/Gestao-orienta-setores-sobre-feriado-e-ponto-facultativo-na-Semana.png\",\"width\":1080,\"height\":1440,\"caption\":\"Gest\u00e3o orienta setores sobre feriado e ponto facultativo na Semana Santa \u2014 Not\u00edcias\"},{\"@type\":\"BreadcrumbList\",\"@id\":\"https:\\\/\\\/ubirataonline.com.br\\\/gestao-orienta-setores-sobre-feriado-e-ponto-facultativo-na-semana-santa-noticias\\\/#breadcrumb\",\"itemListElement\":[{\"@type\":\"ListItem\",\"position\":1,\"name\":\"In\u00edcio\",\"item\":\"https:\\\/\\\/ubirataonline.com.br\\\/\"},{\"@type\":\"ListItem\",\"position\":2,\"name\":\"Gest\u00e3o orienta setores sobre feriado e ponto facultativo na Semana Santa \u2014 Not\u00edcias\"}]},{\"@type\":\"WebSite\",\"@id\":\"https:\\\/\\\/ubirataonline.com.br\\\/#website\",\"url\":\"https:\\\/\\\/ubirataonline.com.br\\\/\",\"name\":\"Ubirat\u00e3 Online Not\u00edcias\",\"description\":\"Not\u00edcias de Ubirat\u00e3, regi\u00e3o, Brasil e mundo, com informa\u00e7\u00e3o atualizada e compromisso com o leitor.\",\"publisher\":{\"@id\":\"https:\\\/\\\/ubirataonline.com.br\\\/#organization\"},\"alternateName\":\"Ubirat\u00e3 Online\",\"potentialAction\":[{\"@type\":\"SearchAction\",\"target\":{\"@type\":\"EntryPoint\",\"urlTemplate\":\"https:\\\/\\\/ubirataonline.com.br\\\/?s={search_term_string}\"},\"query-input\":{\"@type\":\"PropertyValueSpecification\",\"valueRequired\":true,\"valueName\":\"search_term_string\"}}],\"inLanguage\":\"en-US\"},{\"@type\":[\"Organization\",\"Place\"],\"@id\":\"https:\\\/\\\/ubirataonline.com.br\\\/#organization\",\"name\":\"Ubirat\u00e3 Online Not\u00edcias\",\"alternateName\":\"Ubirat\u00e3 Online\",\"url\":\"https:\\\/\\\/ubirataonline.com.br\\\/\",\"logo\":{\"@id\":\"https:\\\/\\\/ubirataonline.com.br\\\/gestao-orienta-setores-sobre-feriado-e-ponto-facultativo-na-semana-santa-noticias\\\/#local-main-organization-logo\"},\"image\":{\"@id\":\"https:\\\/\\\/ubirataonline.com.br\\\/gestao-orienta-setores-sobre-feriado-e-ponto-facultativo-na-semana-santa-noticias\\\/#local-main-organization-logo\"},\"sameAs\":[\"https:\\\/\\\/www.facebook.com\\\/portalubirataonline\",\"https:\\\/\\\/x.com\\\/ubirataonline\",\"https:\\\/\\\/mastodon.social\\\/@ubirataonline\",\"https:\\\/\\\/www.facebook.com\\\/groups\\\/311144672285604\",\"https:\\\/\\\/www.facebook.com\\\/UBTAOnline\",\"https:\\\/\\\/www.instagram.com\\\/portalubirataonline\\\/\",\"https:\\\/\\\/twitter.com\\\/ubirataonline\"],\"description\":\"Somos um portal de not\u00edcias independente, criado em 5 de janeiro de 2009, com o objetivo de informar, conectar e valorizar a nossa comunidade de Ubirat\u00e3 e toda aregi\u00e3o. Com conte\u00fado atualizado, confi\u00e1vel e relevante, o Ubirat\u00e3 Online \u00e9 o seu espa\u00e7o para ficar por dentro dos principais acontecimentos locais, regionais, Brasil, Mundo e de interesse geral. Nosso compromisso \u00e9 com a verdade, a transpar\u00eancia e o respeito ao leitor.\",\"legalName\":\"UBIRATA ONLINE NOT\u00cdCIAS\",\"foundingDate\":\"2009-01-05\",\"numberOfEmployees\":{\"@type\":\"QuantitativeValue\",\"minValue\":\"1\",\"maxValue\":\"10\"},\"publishingPrinciples\":\"https:\\\/\\\/ubirataonline.com.br\\\/faq\\\/\",\"address\":{\"@id\":\"https:\\\/\\\/ubirataonline.com.br\\\/gestao-orienta-setores-sobre-feriado-e-ponto-facultativo-na-semana-santa-noticias\\\/#local-main-place-address\"},\"geo\":{\"@type\":\"GeoCoordinates\",\"latitude\":\"-24.5361401\",\"longitude\":\"-52.9921776\"},\"telephone\":[\"+5544998308235\"],\"contactPoint\":{\"@type\":\"ContactPoint\",\"email\":\"contato@ubirataonline.com.br\"},\"openingHoursSpecification\":{\"@type\":\"OpeningHoursSpecification\",\"dayOfWeek\":[\"Monday\",\"Tuesday\",\"Wednesday\",\"Thursday\",\"Friday\",\"Saturday\",\"Sunday\"],\"opens\":\"00:00\",\"closes\":\"23:59\"},\"email\":\"contato@ubirataonline.com.br\",\"vatID\":\"47.621.418\\\/0001-80\"},{\"@type\":\"Person\",\"@id\":\"https:\\\/\\\/ubirataonline.com.br\\\/#\\\/schema\\\/person\\\/372f87bbd3fdd79b8556b84c98d0bc1c\",\"name\":\"REDA\u00c7\u00c3O: UBIRAT\u00c3 ONLINE - F\u00c1BIO AUGUSTO CELESTINO\",\"pronouns\":\"Ele\",\"description\":\"Desde 2003 trabalhando com not\u00edcias.\",\"sameAs\":[\"http:\\\/\\\/ubirataoline.com.br\",\"https:\\\/\\\/www.facebook.com\\\/portalubirataonline\",\"https:\\\/\\\/www.instagram.com\\\/ubirataonline_oficial\",\"https:\\\/\\\/x.com\\\/x.com\\\/ubirataonline\"],\"honorificPrefix\":\"Mr.\",\"honorificSuffix\":\"MD\",\"birthDate\":\"1980-06-16\",\"gender\":\"masculino\",\"award\":[\"V\u00e1rios pr\u00eamios de melhor portal da cidade\"],\"jobTitle\":\"Diretor\",\"url\":\"https:\\\/\\\/ubirataonline.com.br\\\/en\\\/author\\\/ubirataonline\\\/\"},{\"@type\":\"PostalAddress\",\"@id\":\"https:\\\/\\\/ubirataonline.com.br\\\/gestao-orienta-setores-sobre-feriado-e-ponto-facultativo-na-semana-santa-noticias\\\/#local-main-place-address\",\"streetAddress\":\"Rua dos Coqueiros, 104 - Bairro Boa Vista, Rua dos Coqueiros, 104 Bairro Boa Vista\",\"addressLocality\":\"UBIRATA\",\"postalCode\":\"85440-000\",\"addressRegion\":\"PR\",\"addressCountry\":\"BR\"},{\"@type\":\"ImageObject\",\"inLanguage\":\"en-US\",\"@id\":\"https:\\\/\\\/ubirataonline.com.br\\\/gestao-orienta-setores-sobre-feriado-e-ponto-facultativo-na-semana-santa-noticias\\\/#local-main-organization-logo\",\"url\":\"https:\\\/\\\/ubirataonline.com.br\\\/wp-content\\\/uploads\\\/2026\\\/06\\\/logoubirataonline-1.webp\",\"contentUrl\":\"https:\\\/\\\/ubirataonline.com.br\\\/wp-content\\\/uploads\\\/2026\\\/06\\\/logoubirataonline-1.webp\",\"width\":500,\"height\":500,\"caption\":\"Ubirat\u00e3 Online Not\u00edcias\"}]}<\/script>\n<meta name=\"geo.placename\" content=\"UBIRATA\" \/>\n<meta name=\"geo.position\" content=\"-24.5361401;-52.9921776\" \/>\n<meta name=\"geo.region\" content=\"Brazil\" \/>\n<!-- \/ Yoast SEO Premium plugin. -->","yoast_head_json":{"title":"Gest\u00e3o orienta setores sobre feriado e ponto facultativo na Semana Santa \u2014 Not\u00edcias - Ubirat\u00e3 Online Not\u00edcias - A realidade ao seu alcance!","description":"Em Instru\u00e7\u00e3o Normativa Conjunta n\u00ba 01-PROGEP\/PROGRAD\/GR\/UFAL, a gest\u00e3o da Universidade Federal de Alagoas (Ufal) estabeleceu orienta\u00e7\u00f5es a todos os \u00f3rg\u00e3os","robots":{"index":"index","follow":"follow","max-snippet":"max-snippet:-1","max-image-preview":"max-image-preview:large","max-video-preview":"max-video-preview:-1"},"canonical":"https:\/\/ubirataonline.com.br\/en\/gestao-orienta-setores-sobre-feriado-e-ponto-facultativo-na-semana-santa-noticias\/","og_locale":"en_US","og_type":"article","og_title":"Gest\u00e3o orienta setores sobre feriado e ponto facultativo na Semana Santa \u2014 Not\u00edcias","og_description":"Em Instru\u00e7\u00e3o Normativa Conjunta n\u00ba 01-PROGEP\/PROGRAD\/GR\/UFAL, a gest\u00e3o da Universidade Federal de Alagoas (Ufal) estabeleceu orienta\u00e7\u00f5es a todos os \u00f3rg\u00e3os","og_url":"https:\/\/ubirataonline.com.br\/en\/gestao-orienta-setores-sobre-feriado-e-ponto-facultativo-na-semana-santa-noticias\/","og_site_name":"Ubirat\u00e3 Online Not\u00edcias - A realidade ao seu alcance!","article_publisher":"https:\/\/www.facebook.com\/portalubirataonline","article_author":"https:\/\/www.facebook.com\/portalubirataonline","article_published_time":"2026-03-24T14:23:45+00:00","article_modified_time":"2026-03-24T14:23:55+00:00","og_image":[{"width":1080,"height":1440,"url":"https:\/\/ubirataonline.com.br\/wp-content\/uploads\/2026\/03\/Gestao-orienta-setores-sobre-feriado-e-ponto-facultativo-na-Semana.png","type":"image\/png"}],"author":"REDA\u00c7\u00c3O: UBIRAT\u00c3 ONLINE - F\u00c1BIO AUGUSTO CELESTINO","twitter_card":"summary_large_image","twitter_creator":"@x.com\/ubirataonline","twitter_site":"@ubirataonline","twitter_misc":{"Written by":"REDA\u00c7\u00c3O: UBIRAT\u00c3 ONLINE - F\u00c1BIO AUGUSTO CELESTINO","Est. reading time":"1 minute"},"schema":{"@context":"https:\/\/schema.org","@graph":[{"@type":"NewsArticle","@id":"https:\/\/ubirataonline.com.br\/gestao-orienta-setores-sobre-feriado-e-ponto-facultativo-na-semana-santa-noticias\/#article","isPartOf":{"@id":"https:\/\/ubirataonline.com.br\/gestao-orienta-setores-sobre-feriado-e-ponto-facultativo-na-semana-santa-noticias\/"},"author":{"name":"REDA\u00c7\u00c3O: UBIRAT\u00c3 ONLINE - F\u00c1BIO AUGUSTO CELESTINO","@id":"https:\/\/ubirataonline.com.br\/#\/schema\/person\/372f87bbd3fdd79b8556b84c98d0bc1c"},"headline":"Gest\u00e3o orienta setores sobre feriado e ponto facultativo na Semana Santa \u2014 Not\u00edcias","datePublished":"2026-03-24T14:23:45+00:00","dateModified":"2026-03-24T14:23:55+00:00","mainEntityOfPage":{"@id":"https:\/\/ubirataonline.com.br\/gestao-orienta-setores-sobre-feriado-e-ponto-facultativo-na-semana-santa-noticias\/"},"wordCount":310,"publisher":{"@id":"https:\/\/ubirataonline.com.br\/#organization"},"image":{"@id":"https:\/\/ubirataonline.com.br\/gestao-orienta-setores-sobre-feriado-e-ponto-facultativo-na-semana-santa-noticias\/#primaryimage"},"thumbnailUrl":"https:\/\/ubirataonline.com.br\/wp-content\/uploads\/2026\/03\/Gestao-orienta-setores-sobre-feriado-e-ponto-facultativo-na-Semana.png","keywords":["facultativo","feriado","gest\u00e3o","NOT\u00cdCIAS","orienta","ponto","Santa","semana","setores","sobre"],"articleSection":["Brasil"],"inLanguage":"en-US","copyrightYear":"2026","copyrightHolder":{"@id":"https:\/\/ubirataonline.com.br\/en\/#organization"}},{"@type":"WebPage","@id":"https:\/\/ubirataonline.com.br\/gestao-orienta-setores-sobre-feriado-e-ponto-facultativo-na-semana-santa-noticias\/","url":"https:\/\/ubirataonline.com.br\/gestao-orienta-setores-sobre-feriado-e-ponto-facultativo-na-semana-santa-noticias\/","name":"Gest\u00e3o orienta setores sobre feriado e ponto facultativo na Semana Santa \u2014 Not\u00edcias - Ubirat\u00e3 Online Not\u00edcias - A realidade ao seu alcance!","isPartOf":{"@id":"https:\/\/ubirataonline.com.br\/#website"},"primaryImageOfPage":{"@id":"https:\/\/ubirataonline.com.br\/gestao-orienta-setores-sobre-feriado-e-ponto-facultativo-na-semana-santa-noticias\/#primaryimage"},"image":{"@id":"https:\/\/ubirataonline.com.br\/gestao-orienta-setores-sobre-feriado-e-ponto-facultativo-na-semana-santa-noticias\/#primaryimage"},"thumbnailUrl":"https:\/\/ubirataonline.com.br\/wp-content\/uploads\/2026\/03\/Gestao-orienta-setores-sobre-feriado-e-ponto-facultativo-na-Semana.png","datePublished":"2026-03-24T14:23:45+00:00","dateModified":"2026-03-24T14:23:55+00:00","description":"Em Instru\u00e7\u00e3o Normativa Conjunta n\u00ba 01-PROGEP\/PROGRAD\/GR\/UFAL, a gest\u00e3o da Universidade Federal de Alagoas (Ufal) estabeleceu orienta\u00e7\u00f5es a todos os \u00f3rg\u00e3os","breadcrumb":{"@id":"https:\/\/ubirataonline.com.br\/gestao-orienta-setores-sobre-feriado-e-ponto-facultativo-na-semana-santa-noticias\/#breadcrumb"},"inLanguage":"en-US","potentialAction":[{"@type":"ReadAction","target":["https:\/\/ubirataonline.com.br\/gestao-orienta-setores-sobre-feriado-e-ponto-facultativo-na-semana-santa-noticias\/"]}]},{"@type":"ImageObject","inLanguage":"en-US","@id":"https:\/\/ubirataonline.com.br\/gestao-orienta-setores-sobre-feriado-e-ponto-facultativo-na-semana-santa-noticias\/#primaryimage","url":"https:\/\/ubirataonline.com.br\/wp-content\/uploads\/2026\/03\/Gestao-orienta-setores-sobre-feriado-e-ponto-facultativo-na-Semana.png","contentUrl":"https:\/\/ubirataonline.com.br\/wp-content\/uploads\/2026\/03\/Gestao-orienta-setores-sobre-feriado-e-ponto-facultativo-na-Semana.png","width":1080,"height":1440,"caption":"Gest\u00e3o orienta setores sobre feriado e ponto facultativo na Semana Santa \u2014 Not\u00edcias"},{"@type":"BreadcrumbList","@id":"https:\/\/ubirataonline.com.br\/gestao-orienta-setores-sobre-feriado-e-ponto-facultativo-na-semana-santa-noticias\/#breadcrumb","itemListElement":[{"@type":"ListItem","position":1,"name":"In\u00edcio","item":"https:\/\/ubirataonline.com.br\/"},{"@type":"ListItem","position":2,"name":"Gest\u00e3o orienta setores sobre feriado e ponto facultativo na Semana Santa \u2014 Not\u00edcias"}]},{"@type":"WebSite","@id":"https:\/\/ubirataonline.com.br\/#website","url":"https:\/\/ubirataonline.com.br\/","name":"Ubirat\u00e3 Online Not\u00edcias","description":"Not\u00edcias de Ubirat\u00e3, regi\u00e3o, Brasil e mundo, com informa\u00e7\u00e3o atualizada e compromisso com o leitor.","publisher":{"@id":"https:\/\/ubirataonline.com.br\/#organization"},"alternateName":"Ubirat\u00e3 Online","potentialAction":[{"@type":"SearchAction","target":{"@type":"EntryPoint","urlTemplate":"https:\/\/ubirataonline.com.br\/?s={search_term_string}"},"query-input":{"@type":"PropertyValueSpecification","valueRequired":true,"valueName":"search_term_string"}}],"inLanguage":"en-US"},{"@type":["Organization","Place"],"@id":"https:\/\/ubirataonline.com.br\/#organization","name":"Ubirat\u00e3 Online Not\u00edcias","alternateName":"Ubirat\u00e3 Online","url":"https:\/\/ubirataonline.com.br\/","logo":{"@id":"https:\/\/ubirataonline.com.br\/gestao-orienta-setores-sobre-feriado-e-ponto-facultativo-na-semana-santa-noticias\/#local-main-organization-logo"},"image":{"@id":"https:\/\/ubirataonline.com.br\/gestao-orienta-setores-sobre-feriado-e-ponto-facultativo-na-semana-santa-noticias\/#local-main-organization-logo"},"sameAs":["https:\/\/www.facebook.com\/portalubirataonline","https:\/\/x.com\/ubirataonline","https:\/\/mastodon.social\/@ubirataonline","https:\/\/www.facebook.com\/groups\/311144672285604","https:\/\/www.facebook.com\/UBTAOnline","https:\/\/www.instagram.com\/portalubirataonline\/","https:\/\/twitter.com\/ubirataonline"],"description":"Somos um portal de not\u00edcias independente, criado em 5 de janeiro de 2009, com o objetivo de informar, conectar e valorizar a nossa comunidade de Ubirat\u00e3 e toda aregi\u00e3o. Com conte\u00fado atualizado, confi\u00e1vel e relevante, o Ubirat\u00e3 Online \u00e9 o seu espa\u00e7o para ficar por dentro dos principais acontecimentos locais, regionais, Brasil, Mundo e de interesse geral. Nosso compromisso \u00e9 com a verdade, a transpar\u00eancia e o respeito ao leitor.","legalName":"UBIRATA ONLINE NOT\u00cdCIAS","foundingDate":"2009-01-05","numberOfEmployees":{"@type":"QuantitativeValue","minValue":"1","maxValue":"10"},"publishingPrinciples":"https:\/\/ubirataonline.com.br\/faq\/","address":{"@id":"https:\/\/ubirataonline.com.br\/gestao-orienta-setores-sobre-feriado-e-ponto-facultativo-na-semana-santa-noticias\/#local-main-place-address"},"geo":{"@type":"GeoCoordinates","latitude":"-24.5361401","longitude":"-52.9921776"},"telephone":["+5544998308235"],"contactPoint":{"@type":"ContactPoint","email":"contato@ubirataonline.com.br"},"openingHoursSpecification":{"@type":"OpeningHoursSpecification","dayOfWeek":["Monday","Tuesday","Wednesday","Thursday","Friday","Saturday","Sunday"],"opens":"00:00","closes":"23:59"},"email":"contato@ubirataonline.com.br","vatID":"47.621.418\/0001-80"},{"@type":"Person","@id":"https:\/\/ubirataonline.com.br\/#\/schema\/person\/372f87bbd3fdd79b8556b84c98d0bc1c","name":"REDA\u00c7\u00c3O: UBIRAT\u00c3 ONLINE - F\u00c1BIO AUGUSTO CELESTINO","pronouns":"Ele","description":"Desde 2003 trabalhando com not\u00edcias.","sameAs":["http:\/\/ubirataoline.com.br","https:\/\/www.facebook.com\/portalubirataonline","https:\/\/www.instagram.com\/ubirataonline_oficial","https:\/\/x.com\/x.com\/ubirataonline"],"honorificPrefix":"Mr.","honorificSuffix":"MD","birthDate":"1980-06-16","gender":"masculino","award":["V\u00e1rios pr\u00eamios de melhor portal da cidade"],"jobTitle":"Diretor","url":"https:\/\/ubirataonline.com.br\/en\/author\/ubirataonline\/"},{"@type":"PostalAddress","@id":"https:\/\/ubirataonline.com.br\/gestao-orienta-setores-sobre-feriado-e-ponto-facultativo-na-semana-santa-noticias\/#local-main-place-address","streetAddress":"Rua dos Coqueiros, 104 - Bairro Boa Vista, Rua dos Coqueiros, 104 Bairro Boa Vista","addressLocality":"UBIRATA","postalCode":"85440-000","addressRegion":"PR","addressCountry":"BR"},{"@type":"ImageObject","inLanguage":"en-US","@id":"https:\/\/ubirataonline.com.br\/gestao-orienta-setores-sobre-feriado-e-ponto-facultativo-na-semana-santa-noticias\/#local-main-organization-logo","url":"https:\/\/ubirataonline.com.br\/wp-content\/uploads\/2026\/06\/logoubirataonline-1.webp","contentUrl":"https:\/\/ubirataonline.com.br\/wp-content\/uploads\/2026\/06\/logoubirataonline-1.webp","width":500,"height":500,"caption":"Ubirat\u00e3 Online Not\u00edcias"}]},"geo.placename":"UBIRATA","geo.position":{"lat":"-24.5361401","long":"-52.9921776"},"geo.region":"Brazil"},"_links":{"self":[{"href":"https:\/\/ubirataonline.com.br\/en\/wp-json\/wp\/v2\/posts\/96994","targetHints":{"allow":["GET"]}}],"collection":[{"href":"https:\/\/ubirataonline.com.br\/en\/wp-json\/wp\/v2\/posts"}],"about":[{"href":"https:\/\/ubirataonline.com.br\/en\/wp-json\/wp\/v2\/types\/post"}],"author":[{"embeddable":true,"href":"https:\/\/ubirataonline.com.br\/en\/wp-json\/wp\/v2\/users\/1"}],"replies":[{"embeddable":true,"href":"https:\/\/ubirataonline.com.br\/en\/wp-json\/wp\/v2\/comments?post=96994"}],"version-history":[{"count":0,"href":"https:\/\/ubirataonline.com.br\/en\/wp-json\/wp\/v2\/posts\/96994\/revisions"}],"wp:featuredmedia":[{"embeddable":true,"href":"https:\/\/ubirataonline.com.br\/en\/wp-json\/wp\/v2\/media\/96995"}],"wp:attachment":[{"href":"https:\/\/ubirataonline.com.br\/en\/wp-json\/wp\/v2\/media?parent=96994"}],"wp:term":[{"taxonomy":"category","embeddable":true,"href":"https:\/\/ubirataonline.com.br\/en\/wp-json\/wp\/v2\/categories?post=96994"},{"taxonomy":"post_tag","embeddable":true,"href":"https:\/\/ubirataonline.com.br\/en\/wp-json\/wp\/v2\/tags?post=96994"}],"curies":[{"name":"wp","href":"https:\/\/api.w.org\/{rel}","templated":true}]}}