{"id":97036,"date":"2026-03-24T16:28:49","date_gmt":"2026-03-24T19:28:49","guid":{"rendered":"https:\/\/ubirataonline.com.br\/moradores-temem-inseguranca-apos-incendio-em-motel-abandonado\/"},"modified":"2026-03-24T16:28:51","modified_gmt":"2026-03-24T19:28:51","slug":"moradores-temem-inseguranca-apos-incendio-em-motel-abandonado","status":"publish","type":"post","link":"https:\/\/ubirataonline.com.br\/en\/moradores-temem-inseguranca-apos-incendio-em-motel-abandonado\/","title":{"rendered":"Moradores temem inseguran\u00e7a ap\u00f3s inc\u00eandio em motel abandonado"},"content":{"rendered":"<p><\/p>\n<p>Vizinho diz que  barulho noturno e inseguran\u00e7a, enquanto outro afirma n\u00e3o se incomodar com situa\u00e7\u00e3o do im\u00f3vel<\/p>\n<div>\n<div class=\"image-container fr-draggable fr-deletable mx-2 my-1 float-none\" style=\"max-width: 1280px;\">\n<figure class=\"float-none text-center mx-auto\"><a href=\"https:\/\/cdn6.campograndenews.com.br\/uploads\/noticias\/2026\/03\/24\/4b4b3169dcfba87d24c72caf838dffea9d53d025.jpeg\" data-fslightbox=\"gallery\" data-title=\"Ap\u00f3s inc\u00eandio em motel desativado, moradores reclamam de abandono que gera medo\"><\/a><figcaption class=\"mx-auto text-left\" style=\"max-width:800px;\">Cachorro dentro do motel abandonado alvo de inc\u00eandio (Foto: Osmar Veiga)<\/figcaption><\/figure>\n<\/div>\n<p>Vizinhos do antigo motel SeqSabe dividem opini\u00f5es sobre o im\u00f3vel que est\u00e1 abandonado. O local, que fica na Avenida Euler de Azevedo, Bairro S\u00e3o Francisco, em Campo Grande, foi alvo de inc\u00eandio de grandes propor\u00e7\u00f5es na noite de segunda-feira (23) e os moradores do entorno relataram medo e inseguran\u00e7a.<\/p>\n<div class=\"resumo-ia my-2\">\n<div id=\"resumoIA\" data-widget=\"WidgetResumoIA\">\n<div class=\"body\">\n<p>Moradores do entorno do antigo motel SeqSabe, localizado na Avenida Euler de Azevedo, em Campo Grande, relatam inseguran\u00e7a ap\u00f3s inc\u00eandio de grandes propor\u00e7\u00f5es ocorrido na noite de segunda-feira. O estabelecimento, desativado desde 2021, tem sido alvo de invas\u00f5es e vandalismo. O local, inaugurado na d\u00e9cada de 1980, apresenta sinais de deteriora\u00e7\u00e3o e ac\u00famulo de lixo. Enquanto alguns vizinhos expressam preocupa\u00e7\u00e3o com a situa\u00e7\u00e3o, outros afirmam que os problemas se restringem ao interior do im\u00f3vel. O Corpo de Bombeiros controlou as chamas com tr\u00eas viaturas e uma Unidade de Resgate.<\/p>\n<\/div>\n<\/div>\n<\/div>\n<p>Ao Campo Grande News, o mec\u00e2nico Mario Aparecido Alencar, de 61 anos, descreve uma rotina marcada por inseguran\u00e7a e tens\u00e3o constante. Segundo o morador, a situa\u00e7\u00e3o tem tirado a tranquilidade de quem vive nas proximidades.<\/p>\n<p>\u201c\u00c9 um total abandono. Ningu\u00e9m vem. \u00c0s vezes a gente escuta barulho \u00e0 noite. J\u00e1 levaram quase tudo l\u00e1 de dentro. O pessoal pula pra fumar droga. N\u00e3o d\u00e1 pra dormir tranquilo. Tira a paz. Ao mesmo <a href=\"https:\/\/www.campograndenews.com.br\/tempo\" target=\"_blank\">tempo<\/a> que voc\u00ea est\u00e1 cuidando da sua casa, tem que ficar prestando aten\u00e7\u00e3o nisso a\u00ed\u201d, afirmou.<\/p>\n<p>Durante o inc\u00eandio, a preocupa\u00e7\u00e3o do mec\u00e2nico n\u00e3o era apenas com o fogo, mas tamb\u00e9m com a fam\u00edlia. \u201cTenho um cunhado acamado ali do lado, a gente estava ali para dar suporte pra ele\u201d, diz.<\/p>\n<p>No entanto, a opini\u00e3o n\u00e3o \u00e9 um consenso entre os moradores do bairro. O aposentado Daniel Teixeira, 68 anos, alegou que n\u00e3o se incomoda com o im\u00f3vel abandonado e os problemas, como furtos no motel desativado, n\u00e3o atingem as casas vizinhas.<\/p>\n<p>\u00a0\u201cEu vi um fogar\u00e9u por cima ali, mas nem foi daqui de casa mesmo. J\u00e1 roubaram um monte de coisa da\u00ed. Mas aqui nunca mexeram em nada, s\u00f3 l\u00e1 de dentro mesmo\u201d, declarou.<\/p>\n<p>Na entrada do motel h\u00e1 um port\u00e3o trancado com cadeado e a presen\u00e7a de um cachorro de grande porte, mas outros acessos apresentam sinais de arrombamento ou brechas, o que pode facilitar a entrada de pessoas. No momento da visita da reportagem, n\u00e3o foi observada movimenta\u00e7\u00e3o no interior do im\u00f3vel al\u00e9m do animal.<\/p>\n<p><iframe class=\"embed-responsive-item\" scrolling=\"no\" frameborder=\"0\" allowtransparency=\"true\" allowfullscreen=\"true\" data-src=\"https:\/\/www.campograndenews.com.br\/brid\/brid.php?id=18987&amp;video=2541650&amp;partner_id=14682&amp;monetize=true\" loading=\"lazy\"><\/iframe><\/p>\n<p><strong>Inc\u00eandio<\/strong> &#8211; As chamas come\u00e7aram no motel por volta das 19h30. Equipes do Corpo de Bombeiros foram acionadas e atuaram no controle do fogo. Ao todo, foram 3 viaturas e uma unidade de resgate. N\u00e3o h\u00e1 informa\u00e7\u00f5es sobre feridos no inc\u00eandio.<\/p>\n<p>O estabelecimento, inaugurado na d\u00e9cada de 1980, est\u00e1 desativado desde 2021. Desde ent\u00e3o, o im\u00f3vel permanece abandonado e apresenta sinais de deteriora\u00e7\u00e3o, com ac\u00famulo de lixo e depreda\u00e7\u00e3o.<\/p>\n<p><strong>Confira a galeria de imagens:<\/strong><\/p>\n<\/div>\n<p><a href=\"https:\/\/www.campograndenews.com.br\/cidades\/capital\/apos-incendio-em-motel-desativado-moradores-reclamam-de-abandono-que-gera-medo\">Fonte do Artigo <\/a><\/p>","protected":false},"excerpt":{"rendered":"<p>Vizinho diz que barulho noturno e inseguran\u00e7a, enquanto outro afirma n\u00e3o se incomodar com situa\u00e7\u00e3o do im\u00f3vel Cachorro dentro do motel abandonado alvo de inc\u00eandio (Foto: Osmar Veiga) Vizinhos do antigo motel SeqSabe dividem opini\u00f5es sobre o im\u00f3vel que est\u00e1 abandonado. O local, que fica na Avenida Euler de Azevedo, Bairro S\u00e3o Francisco, em Campo [&hellip;]<\/p>\n","protected":false},"author":1,"featured_media":97037,"comment_status":"closed","ping_status":"","sticky":false,"template":"","format":"standard","meta":{"googlesitekit_rrm_CAow2JLhCw:productID":"","_gspb_post_css":"","maa_idioma":"","maa_pais":"","footnotes":""},"categories":[4],"tags":[19822,3140,1597,23791,193,23792,23790],"class_list":["post-97036","post","type-post","status-publish","format-standard","has-post-thumbnail","hentry","category-brasil","tag-abandonado","tag-apos","tag-incendio","tag-inseguranca","tag-moradores","tag-motel","tag-temem"],"blocksy_meta":[],"yoast_head":"<!-- This site is optimized with the Yoast SEO Premium plugin v27.6 (Yoast SEO v27.6) - https:\/\/yoast.com\/product\/yoast-seo-premium-wordpress\/ -->\n<title>Moradores temem inseguran\u00e7a ap\u00f3s inc\u00eandio em motel abandonado - Ubirat\u00e3 Online Not\u00edcias - A realidade ao seu alcance!<\/title>\n<meta name=\"description\" content=\"Vizinho diz que barulho noturno e inseguran\u00e7a, enquanto outro afirma n\u00e3o se incomodar com situa\u00e7\u00e3o do im\u00f3velCachorro dentro do motel abandonado alvo de\" \/>\n<meta name=\"robots\" content=\"index, follow, max-snippet:-1, max-image-preview:large, max-video-preview:-1\" \/>\n<link rel=\"canonical\" href=\"https:\/\/ubirataonline.com.br\/en\/moradores-temem-inseguranca-apos-incendio-em-motel-abandonado\/\" \/>\n<meta property=\"og:locale\" content=\"en_US\" \/>\n<meta property=\"og:type\" content=\"article\" \/>\n<meta property=\"og:title\" content=\"Moradores temem inseguran\u00e7a ap\u00f3s inc\u00eandio em motel abandonado\" \/>\n<meta property=\"og:description\" content=\"Vizinho diz que barulho noturno e inseguran\u00e7a, enquanto outro afirma n\u00e3o se incomodar com situa\u00e7\u00e3o do im\u00f3velCachorro dentro do motel abandonado alvo de\" \/>\n<meta property=\"og:url\" content=\"https:\/\/ubirataonline.com.br\/en\/moradores-temem-inseguranca-apos-incendio-em-motel-abandonado\/\" \/>\n<meta property=\"og:site_name\" content=\"Ubirat\u00e3 Online Not\u00edcias - A realidade ao seu alcance!\" \/>\n<meta property=\"article:publisher\" content=\"https:\/\/www.facebook.com\/portalubirataonline\" \/>\n<meta property=\"article:author\" content=\"https:\/\/www.facebook.com\/portalubirataonline\" \/>\n<meta property=\"article:published_time\" content=\"2026-03-24T19:28:49+00:00\" \/>\n<meta property=\"article:modified_time\" content=\"2026-03-24T19:28:51+00:00\" \/>\n<meta property=\"og:image\" content=\"https:\/\/ubirataonline.com.br\/wp-content\/uploads\/2026\/03\/Moradores-temem-inseguranca-apos-incendio-em-motel-abandonado.gif\" \/>\n\t<meta property=\"og:image:width\" content=\"266\" \/>\n\t<meta property=\"og:image:height\" content=\"480\" \/>\n\t<meta property=\"og:image:type\" content=\"image\/gif\" \/>\n<meta name=\"author\" content=\"REDA\u00c7\u00c3O: UBIRAT\u00c3 ONLINE - F\u00c1BIO AUGUSTO CELESTINO\" \/>\n<meta name=\"twitter:card\" content=\"summary_large_image\" \/>\n<meta name=\"twitter:creator\" content=\"@x.com\/ubirataonline\" \/>\n<meta name=\"twitter:site\" content=\"@ubirataonline\" \/>\n<meta name=\"twitter:label1\" content=\"Written by\" \/>\n\t<meta name=\"twitter:data1\" content=\"REDA\u00c7\u00c3O: UBIRAT\u00c3 ONLINE - F\u00c1BIO AUGUSTO CELESTINO\" \/>\n\t<meta name=\"twitter:label2\" content=\"Est. reading time\" \/>\n\t<meta name=\"twitter:data2\" content=\"3 minutes\" \/>\n<script type=\"application\/ld+json\" class=\"yoast-schema-graph\">{\"@context\":\"https:\\\/\\\/schema.org\",\"@graph\":[{\"@type\":\"NewsArticle\",\"@id\":\"https:\\\/\\\/ubirataonline.com.br\\\/moradores-temem-inseguranca-apos-incendio-em-motel-abandonado\\\/#article\",\"isPartOf\":{\"@id\":\"https:\\\/\\\/ubirataonline.com.br\\\/moradores-temem-inseguranca-apos-incendio-em-motel-abandonado\\\/\"},\"author\":{\"name\":\"REDA\u00c7\u00c3O: UBIRAT\u00c3 ONLINE - F\u00c1BIO AUGUSTO CELESTINO\",\"@id\":\"https:\\\/\\\/ubirataonline.com.br\\\/#\\\/schema\\\/person\\\/372f87bbd3fdd79b8556b84c98d0bc1c\"},\"headline\":\"Moradores temem inseguran\u00e7a ap\u00f3s inc\u00eandio em motel abandonado\",\"datePublished\":\"2026-03-24T19:28:49+00:00\",\"dateModified\":\"2026-03-24T19:28:51+00:00\",\"mainEntityOfPage\":{\"@id\":\"https:\\\/\\\/ubirataonline.com.br\\\/moradores-temem-inseguranca-apos-incendio-em-motel-abandonado\\\/\"},\"wordCount\":552,\"publisher\":{\"@id\":\"https:\\\/\\\/ubirataonline.com.br\\\/#organization\"},\"image\":{\"@id\":\"https:\\\/\\\/ubirataonline.com.br\\\/moradores-temem-inseguranca-apos-incendio-em-motel-abandonado\\\/#primaryimage\"},\"thumbnailUrl\":\"https:\\\/\\\/ubirataonline.com.br\\\/wp-content\\\/uploads\\\/2026\\\/03\\\/Moradores-temem-inseguranca-apos-incendio-em-motel-abandonado.gif\",\"keywords\":[\"abandonado\",\"ap\u00f3s\",\"Inc\u00eandio\",\"inseguran\u00e7a\",\"moradores\",\"motel\",\"temem\"],\"articleSection\":[\"Brasil\"],\"inLanguage\":\"en-US\",\"copyrightYear\":\"2026\",\"copyrightHolder\":{\"@id\":\"https:\\\/\\\/ubirataonline.com.br\\\/en\\\/#organization\"}},{\"@type\":\"WebPage\",\"@id\":\"https:\\\/\\\/ubirataonline.com.br\\\/moradores-temem-inseguranca-apos-incendio-em-motel-abandonado\\\/\",\"url\":\"https:\\\/\\\/ubirataonline.com.br\\\/moradores-temem-inseguranca-apos-incendio-em-motel-abandonado\\\/\",\"name\":\"Moradores temem inseguran\u00e7a ap\u00f3s inc\u00eandio em motel abandonado - Ubirat\u00e3 Online Not\u00edcias - A realidade ao seu alcance!\",\"isPartOf\":{\"@id\":\"https:\\\/\\\/ubirataonline.com.br\\\/#website\"},\"primaryImageOfPage\":{\"@id\":\"https:\\\/\\\/ubirataonline.com.br\\\/moradores-temem-inseguranca-apos-incendio-em-motel-abandonado\\\/#primaryimage\"},\"image\":{\"@id\":\"https:\\\/\\\/ubirataonline.com.br\\\/moradores-temem-inseguranca-apos-incendio-em-motel-abandonado\\\/#primaryimage\"},\"thumbnailUrl\":\"https:\\\/\\\/ubirataonline.com.br\\\/wp-content\\\/uploads\\\/2026\\\/03\\\/Moradores-temem-inseguranca-apos-incendio-em-motel-abandonado.gif\",\"datePublished\":\"2026-03-24T19:28:49+00:00\",\"dateModified\":\"2026-03-24T19:28:51+00:00\",\"description\":\"Vizinho diz que barulho noturno e inseguran\u00e7a, enquanto outro afirma n\u00e3o se incomodar com situa\u00e7\u00e3o do im\u00f3velCachorro dentro do motel abandonado alvo de\",\"breadcrumb\":{\"@id\":\"https:\\\/\\\/ubirataonline.com.br\\\/moradores-temem-inseguranca-apos-incendio-em-motel-abandonado\\\/#breadcrumb\"},\"inLanguage\":\"en-US\",\"potentialAction\":[{\"@type\":\"ReadAction\",\"target\":[\"https:\\\/\\\/ubirataonline.com.br\\\/moradores-temem-inseguranca-apos-incendio-em-motel-abandonado\\\/\"]}]},{\"@type\":\"ImageObject\",\"inLanguage\":\"en-US\",\"@id\":\"https:\\\/\\\/ubirataonline.com.br\\\/moradores-temem-inseguranca-apos-incendio-em-motel-abandonado\\\/#primaryimage\",\"url\":\"https:\\\/\\\/ubirataonline.com.br\\\/wp-content\\\/uploads\\\/2026\\\/03\\\/Moradores-temem-inseguranca-apos-incendio-em-motel-abandonado.gif\",\"contentUrl\":\"https:\\\/\\\/ubirataonline.com.br\\\/wp-content\\\/uploads\\\/2026\\\/03\\\/Moradores-temem-inseguranca-apos-incendio-em-motel-abandonado.gif\",\"width\":266,\"height\":480,\"caption\":\"Cachorro dentro do motel abandonado alvo de inc\u00eandio (Foto: Osmar Veiga)\"},{\"@type\":\"BreadcrumbList\",\"@id\":\"https:\\\/\\\/ubirataonline.com.br\\\/moradores-temem-inseguranca-apos-incendio-em-motel-abandonado\\\/#breadcrumb\",\"itemListElement\":[{\"@type\":\"ListItem\",\"position\":1,\"name\":\"In\u00edcio\",\"item\":\"https:\\\/\\\/ubirataonline.com.br\\\/\"},{\"@type\":\"ListItem\",\"position\":2,\"name\":\"Moradores temem inseguran\u00e7a ap\u00f3s inc\u00eandio em motel abandonado\"}]},{\"@type\":\"WebSite\",\"@id\":\"https:\\\/\\\/ubirataonline.com.br\\\/#website\",\"url\":\"https:\\\/\\\/ubirataonline.com.br\\\/\",\"name\":\"Ubirat\u00e3 Online Not\u00edcias\",\"description\":\"Not\u00edcias de Ubirat\u00e3, regi\u00e3o, Brasil e mundo, com informa\u00e7\u00e3o atualizada e compromisso com o leitor.\",\"publisher\":{\"@id\":\"https:\\\/\\\/ubirataonline.com.br\\\/#organization\"},\"alternateName\":\"Ubirat\u00e3 Online\",\"potentialAction\":[{\"@type\":\"SearchAction\",\"target\":{\"@type\":\"EntryPoint\",\"urlTemplate\":\"https:\\\/\\\/ubirataonline.com.br\\\/?s={search_term_string}\"},\"query-input\":{\"@type\":\"PropertyValueSpecification\",\"valueRequired\":true,\"valueName\":\"search_term_string\"}}],\"inLanguage\":\"en-US\"},{\"@type\":[\"Organization\",\"Place\"],\"@id\":\"https:\\\/\\\/ubirataonline.com.br\\\/#organization\",\"name\":\"Ubirat\u00e3 Online Not\u00edcias\",\"alternateName\":\"Ubirat\u00e3 Online\",\"url\":\"https:\\\/\\\/ubirataonline.com.br\\\/\",\"logo\":{\"@id\":\"https:\\\/\\\/ubirataonline.com.br\\\/moradores-temem-inseguranca-apos-incendio-em-motel-abandonado\\\/#local-main-organization-logo\"},\"image\":{\"@id\":\"https:\\\/\\\/ubirataonline.com.br\\\/moradores-temem-inseguranca-apos-incendio-em-motel-abandonado\\\/#local-main-organization-logo\"},\"sameAs\":[\"https:\\\/\\\/www.facebook.com\\\/portalubirataonline\",\"https:\\\/\\\/x.com\\\/ubirataonline\",\"https:\\\/\\\/mastodon.social\\\/@ubirataonline\",\"https:\\\/\\\/www.facebook.com\\\/groups\\\/311144672285604\",\"https:\\\/\\\/www.facebook.com\\\/UBTAOnline\",\"https:\\\/\\\/www.instagram.com\\\/portalubirataonline\\\/\",\"https:\\\/\\\/twitter.com\\\/ubirataonline\"],\"description\":\"Somos um portal de not\u00edcias independente, criado em 5 de janeiro de 2009, com o objetivo de informar, conectar e valorizar a nossa comunidade de Ubirat\u00e3 e toda aregi\u00e3o. Com conte\u00fado atualizado, confi\u00e1vel e relevante, o Ubirat\u00e3 Online \u00e9 o seu espa\u00e7o para ficar por dentro dos principais acontecimentos locais, regionais, Brasil, Mundo e de interesse geral. Nosso compromisso \u00e9 com a verdade, a transpar\u00eancia e o respeito ao leitor.\",\"legalName\":\"UBIRATA ONLINE NOT\u00cdCIAS\",\"foundingDate\":\"2009-01-05\",\"numberOfEmployees\":{\"@type\":\"QuantitativeValue\",\"minValue\":\"1\",\"maxValue\":\"10\"},\"publishingPrinciples\":\"https:\\\/\\\/ubirataonline.com.br\\\/faq\\\/\",\"address\":{\"@id\":\"https:\\\/\\\/ubirataonline.com.br\\\/moradores-temem-inseguranca-apos-incendio-em-motel-abandonado\\\/#local-main-place-address\"},\"geo\":{\"@type\":\"GeoCoordinates\",\"latitude\":\"-24.5361401\",\"longitude\":\"-52.9921776\"},\"telephone\":[\"+5544998308235\"],\"contactPoint\":{\"@type\":\"ContactPoint\",\"email\":\"contato@ubirataonline.com.br\"},\"openingHoursSpecification\":{\"@type\":\"OpeningHoursSpecification\",\"dayOfWeek\":[\"Monday\",\"Tuesday\",\"Wednesday\",\"Thursday\",\"Friday\",\"Saturday\",\"Sunday\"],\"opens\":\"00:00\",\"closes\":\"23:59\"},\"email\":\"contato@ubirataonline.com.br\",\"vatID\":\"47.621.418\\\/0001-80\"},{\"@type\":\"Person\",\"@id\":\"https:\\\/\\\/ubirataonline.com.br\\\/#\\\/schema\\\/person\\\/372f87bbd3fdd79b8556b84c98d0bc1c\",\"name\":\"REDA\u00c7\u00c3O: UBIRAT\u00c3 ONLINE - F\u00c1BIO AUGUSTO CELESTINO\",\"pronouns\":\"Ele\",\"description\":\"Desde 2003 trabalhando com not\u00edcias.\",\"sameAs\":[\"http:\\\/\\\/ubirataoline.com.br\",\"https:\\\/\\\/www.facebook.com\\\/portalubirataonline\",\"https:\\\/\\\/www.instagram.com\\\/ubirataonline_oficial\",\"https:\\\/\\\/x.com\\\/x.com\\\/ubirataonline\"],\"honorificPrefix\":\"Mr.\",\"honorificSuffix\":\"MD\",\"birthDate\":\"1980-06-16\",\"gender\":\"masculino\",\"award\":[\"V\u00e1rios pr\u00eamios de melhor portal da cidade\"],\"jobTitle\":\"Diretor\",\"url\":\"https:\\\/\\\/ubirataonline.com.br\\\/en\\\/author\\\/ubirataonline\\\/\"},{\"@type\":\"PostalAddress\",\"@id\":\"https:\\\/\\\/ubirataonline.com.br\\\/moradores-temem-inseguranca-apos-incendio-em-motel-abandonado\\\/#local-main-place-address\",\"streetAddress\":\"Rua dos Coqueiros, 104 - Bairro Boa Vista, Rua dos Coqueiros, 104 Bairro Boa Vista\",\"addressLocality\":\"UBIRATA\",\"postalCode\":\"85440-000\",\"addressRegion\":\"PR\",\"addressCountry\":\"BR\"},{\"@type\":\"ImageObject\",\"inLanguage\":\"en-US\",\"@id\":\"https:\\\/\\\/ubirataonline.com.br\\\/moradores-temem-inseguranca-apos-incendio-em-motel-abandonado\\\/#local-main-organization-logo\",\"url\":\"https:\\\/\\\/ubirataonline.com.br\\\/wp-content\\\/uploads\\\/2026\\\/06\\\/logoubirataonline-1.webp\",\"contentUrl\":\"https:\\\/\\\/ubirataonline.com.br\\\/wp-content\\\/uploads\\\/2026\\\/06\\\/logoubirataonline-1.webp\",\"width\":500,\"height\":500,\"caption\":\"Ubirat\u00e3 Online Not\u00edcias\"}]}<\/script>\n<meta name=\"geo.placename\" content=\"UBIRATA\" \/>\n<meta name=\"geo.position\" content=\"-24.5361401;-52.9921776\" \/>\n<meta name=\"geo.region\" content=\"Brazil\" \/>\n<!-- \/ Yoast SEO Premium plugin. -->","yoast_head_json":{"title":"Moradores temem inseguran\u00e7a ap\u00f3s inc\u00eandio em motel abandonado - Ubirat\u00e3 Online Not\u00edcias - A realidade ao seu alcance!","description":"Vizinho diz que barulho noturno e inseguran\u00e7a, enquanto outro afirma n\u00e3o se incomodar com situa\u00e7\u00e3o do im\u00f3velCachorro dentro do motel abandonado alvo de","robots":{"index":"index","follow":"follow","max-snippet":"max-snippet:-1","max-image-preview":"max-image-preview:large","max-video-preview":"max-video-preview:-1"},"canonical":"https:\/\/ubirataonline.com.br\/en\/moradores-temem-inseguranca-apos-incendio-em-motel-abandonado\/","og_locale":"en_US","og_type":"article","og_title":"Moradores temem inseguran\u00e7a ap\u00f3s inc\u00eandio em motel abandonado","og_description":"Vizinho diz que barulho noturno e inseguran\u00e7a, enquanto outro afirma n\u00e3o se incomodar com situa\u00e7\u00e3o do im\u00f3velCachorro dentro do motel abandonado alvo de","og_url":"https:\/\/ubirataonline.com.br\/en\/moradores-temem-inseguranca-apos-incendio-em-motel-abandonado\/","og_site_name":"Ubirat\u00e3 Online Not\u00edcias - A realidade ao seu alcance!","article_publisher":"https:\/\/www.facebook.com\/portalubirataonline","article_author":"https:\/\/www.facebook.com\/portalubirataonline","article_published_time":"2026-03-24T19:28:49+00:00","article_modified_time":"2026-03-24T19:28:51+00:00","og_image":[{"url":"https:\/\/ubirataonline.com.br\/wp-content\/uploads\/2026\/03\/Moradores-temem-inseguranca-apos-incendio-em-motel-abandonado.gif","width":266,"height":480,"type":"image\/gif"}],"author":"REDA\u00c7\u00c3O: UBIRAT\u00c3 ONLINE - F\u00c1BIO AUGUSTO CELESTINO","twitter_card":"summary_large_image","twitter_creator":"@x.com\/ubirataonline","twitter_site":"@ubirataonline","twitter_misc":{"Written by":"REDA\u00c7\u00c3O: UBIRAT\u00c3 ONLINE - F\u00c1BIO AUGUSTO CELESTINO","Est. reading time":"3 minutes"},"schema":{"@context":"https:\/\/schema.org","@graph":[{"@type":"NewsArticle","@id":"https:\/\/ubirataonline.com.br\/moradores-temem-inseguranca-apos-incendio-em-motel-abandonado\/#article","isPartOf":{"@id":"https:\/\/ubirataonline.com.br\/moradores-temem-inseguranca-apos-incendio-em-motel-abandonado\/"},"author":{"name":"REDA\u00c7\u00c3O: UBIRAT\u00c3 ONLINE - F\u00c1BIO AUGUSTO CELESTINO","@id":"https:\/\/ubirataonline.com.br\/#\/schema\/person\/372f87bbd3fdd79b8556b84c98d0bc1c"},"headline":"Moradores temem inseguran\u00e7a ap\u00f3s inc\u00eandio em motel abandonado","datePublished":"2026-03-24T19:28:49+00:00","dateModified":"2026-03-24T19:28:51+00:00","mainEntityOfPage":{"@id":"https:\/\/ubirataonline.com.br\/moradores-temem-inseguranca-apos-incendio-em-motel-abandonado\/"},"wordCount":552,"publisher":{"@id":"https:\/\/ubirataonline.com.br\/#organization"},"image":{"@id":"https:\/\/ubirataonline.com.br\/moradores-temem-inseguranca-apos-incendio-em-motel-abandonado\/#primaryimage"},"thumbnailUrl":"https:\/\/ubirataonline.com.br\/wp-content\/uploads\/2026\/03\/Moradores-temem-inseguranca-apos-incendio-em-motel-abandonado.gif","keywords":["abandonado","ap\u00f3s","Inc\u00eandio","inseguran\u00e7a","moradores","motel","temem"],"articleSection":["Brasil"],"inLanguage":"en-US","copyrightYear":"2026","copyrightHolder":{"@id":"https:\/\/ubirataonline.com.br\/en\/#organization"}},{"@type":"WebPage","@id":"https:\/\/ubirataonline.com.br\/moradores-temem-inseguranca-apos-incendio-em-motel-abandonado\/","url":"https:\/\/ubirataonline.com.br\/moradores-temem-inseguranca-apos-incendio-em-motel-abandonado\/","name":"Moradores temem inseguran\u00e7a ap\u00f3s inc\u00eandio em motel abandonado - Ubirat\u00e3 Online Not\u00edcias - A realidade ao seu alcance!","isPartOf":{"@id":"https:\/\/ubirataonline.com.br\/#website"},"primaryImageOfPage":{"@id":"https:\/\/ubirataonline.com.br\/moradores-temem-inseguranca-apos-incendio-em-motel-abandonado\/#primaryimage"},"image":{"@id":"https:\/\/ubirataonline.com.br\/moradores-temem-inseguranca-apos-incendio-em-motel-abandonado\/#primaryimage"},"thumbnailUrl":"https:\/\/ubirataonline.com.br\/wp-content\/uploads\/2026\/03\/Moradores-temem-inseguranca-apos-incendio-em-motel-abandonado.gif","datePublished":"2026-03-24T19:28:49+00:00","dateModified":"2026-03-24T19:28:51+00:00","description":"Vizinho diz que barulho noturno e inseguran\u00e7a, enquanto outro afirma n\u00e3o se incomodar com situa\u00e7\u00e3o do im\u00f3velCachorro dentro do motel abandonado alvo de","breadcrumb":{"@id":"https:\/\/ubirataonline.com.br\/moradores-temem-inseguranca-apos-incendio-em-motel-abandonado\/#breadcrumb"},"inLanguage":"en-US","potentialAction":[{"@type":"ReadAction","target":["https:\/\/ubirataonline.com.br\/moradores-temem-inseguranca-apos-incendio-em-motel-abandonado\/"]}]},{"@type":"ImageObject","inLanguage":"en-US","@id":"https:\/\/ubirataonline.com.br\/moradores-temem-inseguranca-apos-incendio-em-motel-abandonado\/#primaryimage","url":"https:\/\/ubirataonline.com.br\/wp-content\/uploads\/2026\/03\/Moradores-temem-inseguranca-apos-incendio-em-motel-abandonado.gif","contentUrl":"https:\/\/ubirataonline.com.br\/wp-content\/uploads\/2026\/03\/Moradores-temem-inseguranca-apos-incendio-em-motel-abandonado.gif","width":266,"height":480,"caption":"Cachorro dentro do motel abandonado alvo de inc\u00eandio (Foto: Osmar Veiga)"},{"@type":"BreadcrumbList","@id":"https:\/\/ubirataonline.com.br\/moradores-temem-inseguranca-apos-incendio-em-motel-abandonado\/#breadcrumb","itemListElement":[{"@type":"ListItem","position":1,"name":"In\u00edcio","item":"https:\/\/ubirataonline.com.br\/"},{"@type":"ListItem","position":2,"name":"Moradores temem inseguran\u00e7a ap\u00f3s inc\u00eandio em motel abandonado"}]},{"@type":"WebSite","@id":"https:\/\/ubirataonline.com.br\/#website","url":"https:\/\/ubirataonline.com.br\/","name":"Ubirat\u00e3 Online Not\u00edcias","description":"Not\u00edcias de Ubirat\u00e3, regi\u00e3o, Brasil e mundo, com informa\u00e7\u00e3o atualizada e compromisso com o leitor.","publisher":{"@id":"https:\/\/ubirataonline.com.br\/#organization"},"alternateName":"Ubirat\u00e3 Online","potentialAction":[{"@type":"SearchAction","target":{"@type":"EntryPoint","urlTemplate":"https:\/\/ubirataonline.com.br\/?s={search_term_string}"},"query-input":{"@type":"PropertyValueSpecification","valueRequired":true,"valueName":"search_term_string"}}],"inLanguage":"en-US"},{"@type":["Organization","Place"],"@id":"https:\/\/ubirataonline.com.br\/#organization","name":"Ubirat\u00e3 Online Not\u00edcias","alternateName":"Ubirat\u00e3 Online","url":"https:\/\/ubirataonline.com.br\/","logo":{"@id":"https:\/\/ubirataonline.com.br\/moradores-temem-inseguranca-apos-incendio-em-motel-abandonado\/#local-main-organization-logo"},"image":{"@id":"https:\/\/ubirataonline.com.br\/moradores-temem-inseguranca-apos-incendio-em-motel-abandonado\/#local-main-organization-logo"},"sameAs":["https:\/\/www.facebook.com\/portalubirataonline","https:\/\/x.com\/ubirataonline","https:\/\/mastodon.social\/@ubirataonline","https:\/\/www.facebook.com\/groups\/311144672285604","https:\/\/www.facebook.com\/UBTAOnline","https:\/\/www.instagram.com\/portalubirataonline\/","https:\/\/twitter.com\/ubirataonline"],"description":"Somos um portal de not\u00edcias independente, criado em 5 de janeiro de 2009, com o objetivo de informar, conectar e valorizar a nossa comunidade de Ubirat\u00e3 e toda aregi\u00e3o. Com conte\u00fado atualizado, confi\u00e1vel e relevante, o Ubirat\u00e3 Online \u00e9 o seu espa\u00e7o para ficar por dentro dos principais acontecimentos locais, regionais, Brasil, Mundo e de interesse geral. Nosso compromisso \u00e9 com a verdade, a transpar\u00eancia e o respeito ao leitor.","legalName":"UBIRATA ONLINE NOT\u00cdCIAS","foundingDate":"2009-01-05","numberOfEmployees":{"@type":"QuantitativeValue","minValue":"1","maxValue":"10"},"publishingPrinciples":"https:\/\/ubirataonline.com.br\/faq\/","address":{"@id":"https:\/\/ubirataonline.com.br\/moradores-temem-inseguranca-apos-incendio-em-motel-abandonado\/#local-main-place-address"},"geo":{"@type":"GeoCoordinates","latitude":"-24.5361401","longitude":"-52.9921776"},"telephone":["+5544998308235"],"contactPoint":{"@type":"ContactPoint","email":"contato@ubirataonline.com.br"},"openingHoursSpecification":{"@type":"OpeningHoursSpecification","dayOfWeek":["Monday","Tuesday","Wednesday","Thursday","Friday","Saturday","Sunday"],"opens":"00:00","closes":"23:59"},"email":"contato@ubirataonline.com.br","vatID":"47.621.418\/0001-80"},{"@type":"Person","@id":"https:\/\/ubirataonline.com.br\/#\/schema\/person\/372f87bbd3fdd79b8556b84c98d0bc1c","name":"REDA\u00c7\u00c3O: UBIRAT\u00c3 ONLINE - F\u00c1BIO AUGUSTO CELESTINO","pronouns":"Ele","description":"Desde 2003 trabalhando com not\u00edcias.","sameAs":["http:\/\/ubirataoline.com.br","https:\/\/www.facebook.com\/portalubirataonline","https:\/\/www.instagram.com\/ubirataonline_oficial","https:\/\/x.com\/x.com\/ubirataonline"],"honorificPrefix":"Mr.","honorificSuffix":"MD","birthDate":"1980-06-16","gender":"masculino","award":["V\u00e1rios pr\u00eamios de melhor portal da cidade"],"jobTitle":"Diretor","url":"https:\/\/ubirataonline.com.br\/en\/author\/ubirataonline\/"},{"@type":"PostalAddress","@id":"https:\/\/ubirataonline.com.br\/moradores-temem-inseguranca-apos-incendio-em-motel-abandonado\/#local-main-place-address","streetAddress":"Rua dos Coqueiros, 104 - Bairro Boa Vista, Rua dos Coqueiros, 104 Bairro Boa Vista","addressLocality":"UBIRATA","postalCode":"85440-000","addressRegion":"PR","addressCountry":"BR"},{"@type":"ImageObject","inLanguage":"en-US","@id":"https:\/\/ubirataonline.com.br\/moradores-temem-inseguranca-apos-incendio-em-motel-abandonado\/#local-main-organization-logo","url":"https:\/\/ubirataonline.com.br\/wp-content\/uploads\/2026\/06\/logoubirataonline-1.webp","contentUrl":"https:\/\/ubirataonline.com.br\/wp-content\/uploads\/2026\/06\/logoubirataonline-1.webp","width":500,"height":500,"caption":"Ubirat\u00e3 Online Not\u00edcias"}]},"geo.placename":"UBIRATA","geo.position":{"lat":"-24.5361401","long":"-52.9921776"},"geo.region":"Brazil"},"_links":{"self":[{"href":"https:\/\/ubirataonline.com.br\/en\/wp-json\/wp\/v2\/posts\/97036","targetHints":{"allow":["GET"]}}],"collection":[{"href":"https:\/\/ubirataonline.com.br\/en\/wp-json\/wp\/v2\/posts"}],"about":[{"href":"https:\/\/ubirataonline.com.br\/en\/wp-json\/wp\/v2\/types\/post"}],"author":[{"embeddable":true,"href":"https:\/\/ubirataonline.com.br\/en\/wp-json\/wp\/v2\/users\/1"}],"replies":[{"embeddable":true,"href":"https:\/\/ubirataonline.com.br\/en\/wp-json\/wp\/v2\/comments?post=97036"}],"version-history":[{"count":0,"href":"https:\/\/ubirataonline.com.br\/en\/wp-json\/wp\/v2\/posts\/97036\/revisions"}],"wp:featuredmedia":[{"embeddable":true,"href":"https:\/\/ubirataonline.com.br\/en\/wp-json\/wp\/v2\/media\/97037"}],"wp:attachment":[{"href":"https:\/\/ubirataonline.com.br\/en\/wp-json\/wp\/v2\/media?parent=97036"}],"wp:term":[{"taxonomy":"category","embeddable":true,"href":"https:\/\/ubirataonline.com.br\/en\/wp-json\/wp\/v2\/categories?post=97036"},{"taxonomy":"post_tag","embeddable":true,"href":"https:\/\/ubirataonline.com.br\/en\/wp-json\/wp\/v2\/tags?post=97036"}],"curies":[{"name":"wp","href":"https:\/\/api.w.org\/{rel}","templated":true}]}}