{"id":97047,"date":"2026-03-24T17:50:00","date_gmt":"2026-03-24T20:50:00","guid":{"rendered":"https:\/\/ubirataonline.com.br\/?p=97047"},"modified":"2026-03-24T17:50:03","modified_gmt":"2026-03-24T20:50:03","slug":"como-as-pequenas-e-medias-empresas-organizam-seus-departamentos","status":"publish","type":"post","link":"https:\/\/ubirataonline.com.br\/en\/como-as-pequenas-e-medias-empresas-organizam-seus-departamentos\/","title":{"rendered":"Como as pequenas e m\u00e9dias empresas organizam seus departamentos"},"content":{"rendered":"<p class=\"wp-block-paragraph\">A organiza\u00e7\u00e3o dos departamentos \u00e9 uma das bases para o crescimento sustent\u00e1vel de pequenas e m\u00e9dias empresas. Quando fun\u00e7\u00f5es, rotinas e responsabilidades ficam dispersas, a opera\u00e7\u00e3o perde ritmo, surgem retrabalhos e decis\u00f5es importantes passam a ser tomadas sem a visibilidade necess\u00e1ria.<\/p>\n\n\n\n<p class=\"wp-block-paragraph\">Em estruturas menores, esse cuidado se torna ainda mais relevante, porque uma mesma equipe costuma acumular v\u00e1rias frentes ao mesmo tempo.<\/p>\n\n\n\n<p class=\"wp-block-paragraph\">Uma boa organiza\u00e7\u00e3o departamental n\u00e3o depende apenas de aumentar a equipe ou criar muitas divis\u00f5es internas. Na pr\u00e1tica,&nbsp;<strong>o resultado costuma aparecer quando a empresa define processos simples<\/strong>, distribui responsabilidades com clareza e cria formas consistentes de acompanhar o trabalho.<\/p>\n\n\n\n<h2 class=\"wp-block-heading\" id=\"h-defina-as-funcoes-de-cada-departamento\">Defina as fun\u00e7\u00f5es de cada departamento<\/h2>\n\n\n\n<p class=\"wp-block-paragraph\">O primeiro passo \u00e9 estabelecer com clareza o papel de cada \u00e1rea dentro da empresa. Mesmo em neg\u00f3cios de menor porte, costuma ser importante separar, ainda que de forma enxuta, fun\u00e7\u00f5es administrativas, financeiras, comerciais, operacionais e de atendimento. Isso evita sobreposi\u00e7\u00e3o de tarefas e reduz situa\u00e7\u00f5es em que uma atividade deixa de ser executada porque ningu\u00e9m sabia exatamente de quem era a responsabilidade.<\/p>\n\n\n\n<p class=\"wp-block-paragraph\">Essa defini\u00e7\u00e3o tamb\u00e9m ajuda a lideran\u00e7a a visualizar gargalos. Quando o escopo de cada departamento est\u00e1 descrito de forma objetiva, fica mais simples identificar excessos, lacunas e depend\u00eancias entre setores. O resultado \u00e9 uma estrutura mais previs\u00edvel e menos vulner\u00e1vel a falhas de comunica\u00e7\u00e3o.<\/p>\n\n\n\n<h2 class=\"wp-block-heading\" id=\"h-estabeleca-responsaveis-por-processos-e-nao-apenas-por-cargos\">Estabele\u00e7a respons\u00e1veis por processos, e n\u00e3o apenas por cargos<\/h2>\n\n\n\n<p class=\"wp-block-paragraph\">Em muitas PMEs, os cargos formais n\u00e3o refletem completamente o que acontece no dia a dia. Por isso, al\u00e9m de definir quem ocupa cada fun\u00e7\u00e3o, vale indicar quem responde por processos cr\u00edticos, como faturamento, compras, atendimento, concilia\u00e7\u00e3o financeira ou controle de estoque. Essa medida reduz a informalidade e cria mais seguran\u00e7a operacional.<\/p>\n\n\n\n<p class=\"wp-block-paragraph\">Quando a empresa passa a olhar para os processos, e n\u00e3o s\u00f3 para os t\u00edtulos dos cargos, tamb\u00e9m fica mais f\u00e1cil&nbsp;<strong>organizar substitui\u00e7\u00f5es, documentar rotinas e acompanhar resultados<\/strong>. A estrutura se torna menos dependente de pessoas espec\u00edficas e mais orientada \u00e0 continuidade do trabalho.<\/p>\n\n\n\n<h2 class=\"wp-block-heading\" id=\"h-padronize-as-rotinas-entre-areas\">Padronize as rotinas entre \u00e1reas<\/h2>\n\n\n\n<p class=\"wp-block-paragraph\">Departamentos organizados n\u00e3o funcionam bem quando cada setor trabalha com crit\u00e9rios pr\u00f3prios, prazos diferentes e registros incompletos. Padronizar rotinas significa definir como as demandas entram, quem aprova, quais informa\u00e7\u00f5es precisam ser registradas e em que prazo cada etapa deve ser conclu\u00edda.<\/p>\n\n\n\n<p class=\"wp-block-paragraph\">Esse alinhamento evita conflitos frequentes entre \u00e1reas, especialmente entre financeiro, comercial, opera\u00e7\u00f5es e administrativo. Tamb\u00e9m contribui para que a empresa mantenha um hist\u00f3rico confi\u00e1vel das atividades, o que facilita auditorias internas, treinamentos e corre\u00e7\u00f5es de rota.<\/p>\n\n\n\n<h2 class=\"wp-block-heading\" id=\"h-organize-os-materiais-e-insumos-com-controle-continuo\">Organize os materiais e insumos com controle cont\u00ednuo<\/h2>\n\n\n\n<p class=\"wp-block-paragraph\">A organiza\u00e7\u00e3o dos departamentos tamb\u00e9m depende da forma como recursos f\u00edsicos circulam pela empresa. Em neg\u00f3cios que lidam com mercadorias, mat\u00e9ria-prima, materiais de escrit\u00f3rio, pe\u00e7as ou produtos acabados, o controle interno precisa ser tratado como parte da rotina de gest\u00e3o, e n\u00e3o como uma tarefa isolada.<\/p>\n\n\n\n<p class=\"wp-block-paragraph\">Nesse contexto, compreender a fun\u00e7\u00e3o do&nbsp;<a target=\"_blank\" href=\"https:\/\/www.omie.com.br\/blog\/o-que-e-almoxarifado-e-quais-as-principais-atividades\/\" rel=\"noreferrer noopener\">almoxarifado<\/a>&nbsp;ajuda a estruturar entradas, sa\u00eddas, armazenamento e reposi\u00e7\u00e3o com mais crit\u00e9rio. I<strong>sso tende a reduzir perdas, evitar compras desnecess\u00e1rias e melhorar a comunica\u00e7\u00e3o entre opera\u00e7\u00e3o, compras e financeiro.<\/strong>&nbsp;Quando esse fluxo \u00e9 bem definido, outros departamentos tamb\u00e9m conseguem trabalhar com mais previsibilidade.<\/p>\n\n\n\n<h2 class=\"wp-block-heading\" id=\"h-centralize-as-informacoes-essenciais\">Centralize as informa\u00e7\u00f5es essenciais<\/h2>\n\n\n\n<p class=\"wp-block-paragraph\">Um dos principais obst\u00e1culos \u00e0 boa organiza\u00e7\u00e3o departamental \u00e9 a informa\u00e7\u00e3o espalhada em planilhas soltas, anota\u00e7\u00f5es paralelas e conversas que n\u00e3o ficam registradas. Para pequenas e m\u00e9dias empresas, centralizar dados operacionais e administrativos \u00e9 uma medida pr\u00e1tica para reduzir ru\u00eddos e acelerar decis\u00f5es.<\/p>\n\n\n\n<p class=\"wp-block-paragraph\">Pedidos, pagamentos, documentos, cadastros, indicadores e pend\u00eancias precisam estar acess\u00edveis para as \u00e1reas respons\u00e1veis, dentro de crit\u00e9rios m\u00ednimos de atualiza\u00e7\u00e3o e confer\u00eancia. Isso n\u00e3o significa burocratizar a opera\u00e7\u00e3o, mas criar um ambiente em que os departamentos consultem a mesma base de informa\u00e7\u00e3o e trabalhem com refer\u00eancias consistentes.<\/p>\n\n\n\n<h2 class=\"wp-block-heading\" id=\"h-alinhe-a-comunicacao-entre-lideranca-e-equipes\">Alinhe a comunica\u00e7\u00e3o entre lideran\u00e7a e equipes<\/h2>\n\n\n\n<p class=\"wp-block-paragraph\">A estrutura dos departamentos perde efici\u00eancia quando as equipes recebem orienta\u00e7\u00f5es fragmentadas ou pouco objetivas. A comunica\u00e7\u00e3o interna precisa ser organizada para que prioridades, metas e mudan\u00e7as de processo sejam repassadas com clareza. Em empresas menores, esse cuidado \u00e9 decisivo, porque falhas simples podem se multiplicar rapidamente entre \u00e1reas interdependentes.<\/p>\n\n\n\n<p class=\"wp-block-paragraph\">Reuni\u00f5es curtas, repasses objetivos e registros das decis\u00f5es ajudam a manter o alinhamento.<strong>&nbsp;Tamb\u00e9m \u00e9 recomend\u00e1vel que a lideran\u00e7a evite concentrar informa\u00e7\u00f5es estrat\u00e9gicas em poucos profissionais<\/strong>, j\u00e1 que isso aumenta a depend\u00eancia individual e dificulta a continuidade do trabalho em aus\u00eancias ou trocas de equipe.<\/p>\n\n\n\n<h2 class=\"wp-block-heading\" id=\"h-acompanhe-indicadores-de-cada-area\">Acompanhe indicadores de cada \u00e1rea<\/h2>\n\n\n\n<p class=\"wp-block-paragraph\">Organizar departamentos n\u00e3o \u00e9 apenas distribuir tarefas. Tamb\u00e9m \u00e9 necess\u00e1rio avaliar se a estrutura est\u00e1 funcionando. Para isso, a empresa pode acompanhar indicadores simples e \u00fateis, de acordo com a realidade de cada setor.<\/p>\n\n\n\n<p class=\"wp-block-paragraph\">No financeiro, por exemplo, atrasos de recebimento e previsibilidade de caixa podem servir de refer\u00eancia. No comercial, taxa de convers\u00e3o e tempo de resposta ajudam a medir desempenho. Na opera\u00e7\u00e3o, retrabalho, prazos e perdas costumam trazer sinais importantes.<\/p>\n\n\n\n<p class=\"wp-block-paragraph\">O acompanhamento desses indicadores permite ajustes antes que os problemas se tornem maiores. Al\u00e9m disso, contribui para decis\u00f5es mais equilibradas sobre contrata\u00e7\u00f5es, redistribui\u00e7\u00e3o de atividades e revis\u00e3o de processos.<\/p>\n\n\n\n<h2 class=\"wp-block-heading\" id=\"h-capacite-as-equipes-para-atuar-com-mais-autonomia\">Capacite as equipes para atuar com mais autonomia<\/h2>\n\n\n\n<p class=\"wp-block-paragraph\">Departamentos bem organizados dependem de pessoas que entendam suas rotinas e saibam como agir diante de exce\u00e7\u00f5es. Por isso, a capacita\u00e7\u00e3o n\u00e3o deve ser vista apenas como treinamento t\u00e9cnico pontual, mas como&nbsp;<strong>parte da manuten\u00e7\u00e3o da estrutura interna.<\/strong><\/p>\n\n\n\n<p class=\"wp-block-paragraph\">Quando as equipes conhecem os fluxos, os crit\u00e9rios de registro e os objetivos do setor, h\u00e1 menos interrup\u00e7\u00f5es desnecess\u00e1rias e mais autonomia para resolver demandas cotidianas. Isso melhora a produtividade e reduz o ac\u00famulo de decis\u00f5es operacionais nas lideran\u00e7as.<\/p>\n\n\n\n<h2 class=\"wp-block-heading\" id=\"h-revise-a-estrutura-periodicamente\">Revise a estrutura periodicamente<\/h2>\n\n\n\n<p class=\"wp-block-paragraph\">A organiza\u00e7\u00e3o de departamentos n\u00e3o \u00e9 um desenho fixo. \u00c0 medida que a empresa cresce, conquista novos clientes, amplia canais de venda ou incorpora novas rotinas, a estrutura precisa ser revisada para continuar funcional. Um setor que fazia sentido em determinado est\u00e1gio pode precisar ser desmembrado, unificado ou reorganizado depois de alguns meses.<\/p>\n\n\n\n<p class=\"wp-block-paragraph\">Essa revis\u00e3o peri\u00f3dica ajuda a manter a empresa aderente \u00e0 pr\u00f3pria realidade. Tamb\u00e9m impede que processos antigos continuem sendo repetidos apenas por costume, mesmo quando j\u00e1 n\u00e3o atendem \u00e0s necessidades atuais do neg\u00f3cio.<\/p>\n\n\n\n<h2 class=\"wp-block-heading\" id=\"h-priorize-a-simplicidade-operacional\">Priorize a simplicidade operacional<\/h2>\n\n\n\n<p class=\"wp-block-paragraph\">Em pequenas e m\u00e9dias empresas, a melhor organiza\u00e7\u00e3o costuma ser aquela que consegue equilibrar controle e simplicidade. Estruturas excessivamente complexas, com muitos n\u00edveis de aprova\u00e7\u00e3o e rotinas dif\u00edceis de manter, tendem a gerar lentid\u00e3o e desgaste.&nbsp;<strong>Por outro lado, a aus\u00eancia total de m\u00e9todo abre espa\u00e7o para improvisos, perdas e falhas de execu\u00e7\u00e3o.<\/strong><\/p>\n\n\n\n<p class=\"wp-block-paragraph\">O caminho mais seguro est\u00e1 em construir departamentos com responsabilidades claras, comunica\u00e7\u00e3o objetiva, registros consistentes e processos proporcionais ao porte da empresa. Com esse equil\u00edbrio, a gest\u00e3o ganha previsibilidade e as equipes conseguem atuar com mais foco, integra\u00e7\u00e3o e efici\u00eancia.<\/p>","protected":false},"excerpt":{"rendered":"<p>A organiza\u00e7\u00e3o dos departamentos \u00e9 uma das bases para o crescimento sustent\u00e1vel de pequenas e m\u00e9dias empresas. Quando fun\u00e7\u00f5es, rotinas e responsabilidades ficam dispersas, a opera\u00e7\u00e3o perde ritmo, surgem retrabalhos e decis\u00f5es importantes passam a ser tomadas sem a visibilidade necess\u00e1ria. Em estruturas menores, esse cuidado se torna ainda mais relevante, porque uma mesma equipe [&hellip;]<\/p>\n","protected":false},"author":1,"featured_media":97049,"comment_status":"closed","ping_status":"closed","sticky":false,"template":"","format":"standard","meta":{"googlesitekit_rrm_CAow2JLhCw:productID":"","_gspb_post_css":"","maa_idioma":"","maa_pais":"","footnotes":""},"categories":[4],"tags":[],"class_list":["post-97047","post","type-post","status-publish","format-standard","has-post-thumbnail","hentry","category-brasil"],"blocksy_meta":[],"yoast_head":"<!-- This site is optimized with the Yoast SEO Premium plugin v27.6 (Yoast SEO v27.6) - https:\/\/yoast.com\/product\/yoast-seo-premium-wordpress\/ -->\n<title>Como as pequenas e m\u00e9dias empresas organizam seus departamentos - Ubirat\u00e3 Online Not\u00edcias - A realidade ao seu alcance!<\/title>\n<meta name=\"description\" content=\"A organiza\u00e7\u00e3o dos departamentos \u00e9 uma das bases para o crescimento sustent\u00e1vel de pequenas e m\u00e9dias empresas. Quando fun\u00e7\u00f5es, rotinas e responsabilidades\" \/>\n<meta name=\"robots\" content=\"index, follow, max-snippet:-1, max-image-preview:large, max-video-preview:-1\" \/>\n<link rel=\"canonical\" href=\"https:\/\/ubirataonline.com.br\/en\/como-as-pequenas-e-medias-empresas-organizam-seus-departamentos\/\" \/>\n<meta property=\"og:locale\" content=\"en_US\" \/>\n<meta property=\"og:type\" content=\"article\" \/>\n<meta property=\"og:title\" content=\"Como as pequenas e m\u00e9dias empresas organizam seus departamentos\" \/>\n<meta property=\"og:description\" content=\"A organiza\u00e7\u00e3o dos departamentos \u00e9 uma das bases para o crescimento sustent\u00e1vel de pequenas e m\u00e9dias empresas. Quando fun\u00e7\u00f5es, rotinas e responsabilidades\" \/>\n<meta property=\"og:url\" content=\"https:\/\/ubirataonline.com.br\/en\/como-as-pequenas-e-medias-empresas-organizam-seus-departamentos\/\" \/>\n<meta property=\"og:site_name\" content=\"Ubirat\u00e3 Online Not\u00edcias - A realidade ao seu alcance!\" \/>\n<meta property=\"article:publisher\" content=\"https:\/\/www.facebook.com\/portalubirataonline\" \/>\n<meta property=\"article:author\" content=\"https:\/\/www.facebook.com\/portalubirataonline\" \/>\n<meta property=\"article:published_time\" content=\"2026-03-24T20:50:00+00:00\" \/>\n<meta property=\"article:modified_time\" content=\"2026-03-24T20:50:03+00:00\" \/>\n<meta property=\"og:image\" content=\"https:\/\/ubirataonline.com.br\/wp-content\/uploads\/2026\/03\/Como-as-pequenas-e-medias-empresas-organizam-seus-departamentos.jpeg\" \/>\n\t<meta property=\"og:image:width\" content=\"939\" \/>\n\t<meta property=\"og:image:height\" content=\"639\" \/>\n\t<meta property=\"og:image:type\" content=\"image\/jpeg\" \/>\n<meta name=\"author\" content=\"REDA\u00c7\u00c3O: UBIRAT\u00c3 ONLINE - F\u00c1BIO AUGUSTO CELESTINO\" \/>\n<meta name=\"twitter:card\" content=\"summary_large_image\" \/>\n<meta name=\"twitter:creator\" content=\"@x.com\/ubirataonline\" \/>\n<meta name=\"twitter:site\" content=\"@ubirataonline\" \/>\n<meta name=\"twitter:label1\" content=\"Written by\" \/>\n\t<meta name=\"twitter:data1\" content=\"REDA\u00c7\u00c3O: UBIRAT\u00c3 ONLINE - F\u00c1BIO AUGUSTO CELESTINO\" \/>\n\t<meta name=\"twitter:label2\" content=\"Est. reading time\" \/>\n\t<meta name=\"twitter:data2\" content=\"5 minutes\" \/>\n<script type=\"application\/ld+json\" class=\"yoast-schema-graph\">{\"@context\":\"https:\\\/\\\/schema.org\",\"@graph\":[{\"@type\":\"NewsArticle\",\"@id\":\"https:\\\/\\\/ubirataonline.com.br\\\/como-as-pequenas-e-medias-empresas-organizam-seus-departamentos\\\/#article\",\"isPartOf\":{\"@id\":\"https:\\\/\\\/ubirataonline.com.br\\\/como-as-pequenas-e-medias-empresas-organizam-seus-departamentos\\\/\"},\"author\":{\"name\":\"REDA\u00c7\u00c3O: UBIRAT\u00c3 ONLINE - F\u00c1BIO AUGUSTO CELESTINO\",\"@id\":\"https:\\\/\\\/ubirataonline.com.br\\\/#\\\/schema\\\/person\\\/372f87bbd3fdd79b8556b84c98d0bc1c\"},\"headline\":\"Como as pequenas e m\u00e9dias empresas organizam seus departamentos\",\"datePublished\":\"2026-03-24T20:50:00+00:00\",\"dateModified\":\"2026-03-24T20:50:03+00:00\",\"mainEntityOfPage\":{\"@id\":\"https:\\\/\\\/ubirataonline.com.br\\\/como-as-pequenas-e-medias-empresas-organizam-seus-departamentos\\\/\"},\"wordCount\":1232,\"publisher\":{\"@id\":\"https:\\\/\\\/ubirataonline.com.br\\\/#organization\"},\"image\":{\"@id\":\"https:\\\/\\\/ubirataonline.com.br\\\/como-as-pequenas-e-medias-empresas-organizam-seus-departamentos\\\/#primaryimage\"},\"thumbnailUrl\":\"https:\\\/\\\/ubirataonline.com.br\\\/wp-content\\\/uploads\\\/2026\\\/03\\\/Como-as-pequenas-e-medias-empresas-organizam-seus-departamentos.jpeg\",\"articleSection\":[\"Brasil\"],\"inLanguage\":\"en-US\",\"copyrightYear\":\"2026\",\"copyrightHolder\":{\"@id\":\"https:\\\/\\\/ubirataonline.com.br\\\/en\\\/#organization\"}},{\"@type\":\"WebPage\",\"@id\":\"https:\\\/\\\/ubirataonline.com.br\\\/como-as-pequenas-e-medias-empresas-organizam-seus-departamentos\\\/\",\"url\":\"https:\\\/\\\/ubirataonline.com.br\\\/como-as-pequenas-e-medias-empresas-organizam-seus-departamentos\\\/\",\"name\":\"Como as pequenas e m\u00e9dias empresas organizam seus departamentos - Ubirat\u00e3 Online Not\u00edcias - A realidade ao seu alcance!\",\"isPartOf\":{\"@id\":\"https:\\\/\\\/ubirataonline.com.br\\\/#website\"},\"primaryImageOfPage\":{\"@id\":\"https:\\\/\\\/ubirataonline.com.br\\\/como-as-pequenas-e-medias-empresas-organizam-seus-departamentos\\\/#primaryimage\"},\"image\":{\"@id\":\"https:\\\/\\\/ubirataonline.com.br\\\/como-as-pequenas-e-medias-empresas-organizam-seus-departamentos\\\/#primaryimage\"},\"thumbnailUrl\":\"https:\\\/\\\/ubirataonline.com.br\\\/wp-content\\\/uploads\\\/2026\\\/03\\\/Como-as-pequenas-e-medias-empresas-organizam-seus-departamentos.jpeg\",\"datePublished\":\"2026-03-24T20:50:00+00:00\",\"dateModified\":\"2026-03-24T20:50:03+00:00\",\"description\":\"A organiza\u00e7\u00e3o dos departamentos \u00e9 uma das bases para o crescimento sustent\u00e1vel de pequenas e m\u00e9dias empresas. Quando fun\u00e7\u00f5es, rotinas e responsabilidades\",\"breadcrumb\":{\"@id\":\"https:\\\/\\\/ubirataonline.com.br\\\/como-as-pequenas-e-medias-empresas-organizam-seus-departamentos\\\/#breadcrumb\"},\"inLanguage\":\"en-US\",\"potentialAction\":[{\"@type\":\"ReadAction\",\"target\":[\"https:\\\/\\\/ubirataonline.com.br\\\/como-as-pequenas-e-medias-empresas-organizam-seus-departamentos\\\/\"]}]},{\"@type\":\"ImageObject\",\"inLanguage\":\"en-US\",\"@id\":\"https:\\\/\\\/ubirataonline.com.br\\\/como-as-pequenas-e-medias-empresas-organizam-seus-departamentos\\\/#primaryimage\",\"url\":\"https:\\\/\\\/ubirataonline.com.br\\\/wp-content\\\/uploads\\\/2026\\\/03\\\/Como-as-pequenas-e-medias-empresas-organizam-seus-departamentos.jpeg\",\"contentUrl\":\"https:\\\/\\\/ubirataonline.com.br\\\/wp-content\\\/uploads\\\/2026\\\/03\\\/Como-as-pequenas-e-medias-empresas-organizam-seus-departamentos.jpeg\",\"width\":939,\"height\":639,\"caption\":\"Como as pequenas e m\u00e9dias empresas organizam seus departamentos\"},{\"@type\":\"BreadcrumbList\",\"@id\":\"https:\\\/\\\/ubirataonline.com.br\\\/como-as-pequenas-e-medias-empresas-organizam-seus-departamentos\\\/#breadcrumb\",\"itemListElement\":[{\"@type\":\"ListItem\",\"position\":1,\"name\":\"In\u00edcio\",\"item\":\"https:\\\/\\\/ubirataonline.com.br\\\/\"},{\"@type\":\"ListItem\",\"position\":2,\"name\":\"Como as pequenas e m\u00e9dias empresas organizam seus departamentos\"}]},{\"@type\":\"WebSite\",\"@id\":\"https:\\\/\\\/ubirataonline.com.br\\\/#website\",\"url\":\"https:\\\/\\\/ubirataonline.com.br\\\/\",\"name\":\"Ubirat\u00e3 Online Not\u00edcias\",\"description\":\"Not\u00edcias de Ubirat\u00e3, regi\u00e3o, Brasil e mundo, com informa\u00e7\u00e3o atualizada e compromisso com o leitor.\",\"publisher\":{\"@id\":\"https:\\\/\\\/ubirataonline.com.br\\\/#organization\"},\"alternateName\":\"Ubirat\u00e3 Online\",\"potentialAction\":[{\"@type\":\"SearchAction\",\"target\":{\"@type\":\"EntryPoint\",\"urlTemplate\":\"https:\\\/\\\/ubirataonline.com.br\\\/?s={search_term_string}\"},\"query-input\":{\"@type\":\"PropertyValueSpecification\",\"valueRequired\":true,\"valueName\":\"search_term_string\"}}],\"inLanguage\":\"en-US\"},{\"@type\":[\"Organization\",\"Place\"],\"@id\":\"https:\\\/\\\/ubirataonline.com.br\\\/#organization\",\"name\":\"Ubirat\u00e3 Online Not\u00edcias\",\"alternateName\":\"Ubirat\u00e3 Online\",\"url\":\"https:\\\/\\\/ubirataonline.com.br\\\/\",\"logo\":{\"@id\":\"https:\\\/\\\/ubirataonline.com.br\\\/como-as-pequenas-e-medias-empresas-organizam-seus-departamentos\\\/#local-main-organization-logo\"},\"image\":{\"@id\":\"https:\\\/\\\/ubirataonline.com.br\\\/como-as-pequenas-e-medias-empresas-organizam-seus-departamentos\\\/#local-main-organization-logo\"},\"sameAs\":[\"https:\\\/\\\/www.facebook.com\\\/portalubirataonline\",\"https:\\\/\\\/x.com\\\/ubirataonline\",\"https:\\\/\\\/mastodon.social\\\/@ubirataonline\",\"https:\\\/\\\/www.facebook.com\\\/groups\\\/311144672285604\",\"https:\\\/\\\/www.facebook.com\\\/UBTAOnline\",\"https:\\\/\\\/www.instagram.com\\\/portalubirataonline\\\/\",\"https:\\\/\\\/twitter.com\\\/ubirataonline\"],\"description\":\"Somos um portal de not\u00edcias independente, criado em 5 de janeiro de 2009, com o objetivo de informar, conectar e valorizar a nossa comunidade de Ubirat\u00e3 e toda aregi\u00e3o. Com conte\u00fado atualizado, confi\u00e1vel e relevante, o Ubirat\u00e3 Online \u00e9 o seu espa\u00e7o para ficar por dentro dos principais acontecimentos locais, regionais, Brasil, Mundo e de interesse geral. Nosso compromisso \u00e9 com a verdade, a transpar\u00eancia e o respeito ao leitor.\",\"legalName\":\"UBIRATA ONLINE NOT\u00cdCIAS\",\"foundingDate\":\"2009-01-05\",\"numberOfEmployees\":{\"@type\":\"QuantitativeValue\",\"minValue\":\"1\",\"maxValue\":\"10\"},\"publishingPrinciples\":\"https:\\\/\\\/ubirataonline.com.br\\\/faq\\\/\",\"address\":{\"@id\":\"https:\\\/\\\/ubirataonline.com.br\\\/como-as-pequenas-e-medias-empresas-organizam-seus-departamentos\\\/#local-main-place-address\"},\"geo\":{\"@type\":\"GeoCoordinates\",\"latitude\":\"-24.5361401\",\"longitude\":\"-52.9921776\"},\"telephone\":[\"+5544998308235\"],\"contactPoint\":{\"@type\":\"ContactPoint\",\"email\":\"contato@ubirataonline.com.br\"},\"openingHoursSpecification\":{\"@type\":\"OpeningHoursSpecification\",\"dayOfWeek\":[\"Monday\",\"Tuesday\",\"Wednesday\",\"Thursday\",\"Friday\",\"Saturday\",\"Sunday\"],\"opens\":\"00:00\",\"closes\":\"23:59\"},\"email\":\"contato@ubirataonline.com.br\",\"vatID\":\"47.621.418\\\/0001-80\"},{\"@type\":\"Person\",\"@id\":\"https:\\\/\\\/ubirataonline.com.br\\\/#\\\/schema\\\/person\\\/372f87bbd3fdd79b8556b84c98d0bc1c\",\"name\":\"REDA\u00c7\u00c3O: UBIRAT\u00c3 ONLINE - F\u00c1BIO AUGUSTO CELESTINO\",\"pronouns\":\"Ele\",\"description\":\"Desde 2003 trabalhando com not\u00edcias.\",\"sameAs\":[\"http:\\\/\\\/ubirataoline.com.br\",\"https:\\\/\\\/www.facebook.com\\\/portalubirataonline\",\"https:\\\/\\\/www.instagram.com\\\/ubirataonline_oficial\",\"https:\\\/\\\/x.com\\\/x.com\\\/ubirataonline\"],\"honorificPrefix\":\"Mr.\",\"honorificSuffix\":\"MD\",\"birthDate\":\"1980-06-16\",\"gender\":\"masculino\",\"award\":[\"V\u00e1rios pr\u00eamios de melhor portal da cidade\"],\"jobTitle\":\"Diretor\",\"url\":\"https:\\\/\\\/ubirataonline.com.br\\\/en\\\/author\\\/ubirataonline\\\/\"},{\"@type\":\"PostalAddress\",\"@id\":\"https:\\\/\\\/ubirataonline.com.br\\\/como-as-pequenas-e-medias-empresas-organizam-seus-departamentos\\\/#local-main-place-address\",\"streetAddress\":\"Rua dos Coqueiros, 104 - Bairro Boa Vista, Rua dos Coqueiros, 104 Bairro Boa Vista\",\"addressLocality\":\"UBIRATA\",\"postalCode\":\"85440-000\",\"addressRegion\":\"PR\",\"addressCountry\":\"BR\"},{\"@type\":\"ImageObject\",\"inLanguage\":\"en-US\",\"@id\":\"https:\\\/\\\/ubirataonline.com.br\\\/como-as-pequenas-e-medias-empresas-organizam-seus-departamentos\\\/#local-main-organization-logo\",\"url\":\"https:\\\/\\\/ubirataonline.com.br\\\/wp-content\\\/uploads\\\/2026\\\/06\\\/logoubirataonline-1.webp\",\"contentUrl\":\"https:\\\/\\\/ubirataonline.com.br\\\/wp-content\\\/uploads\\\/2026\\\/06\\\/logoubirataonline-1.webp\",\"width\":500,\"height\":500,\"caption\":\"Ubirat\u00e3 Online Not\u00edcias\"}]}<\/script>\n<meta name=\"geo.placename\" content=\"UBIRATA\" \/>\n<meta name=\"geo.position\" content=\"-24.5361401;-52.9921776\" \/>\n<meta name=\"geo.region\" content=\"Brazil\" \/>\n<!-- \/ Yoast SEO Premium plugin. -->","yoast_head_json":{"title":"Como as pequenas e m\u00e9dias empresas organizam seus departamentos - Ubirat\u00e3 Online Not\u00edcias - A realidade ao seu alcance!","description":"A organiza\u00e7\u00e3o dos departamentos \u00e9 uma das bases para o crescimento sustent\u00e1vel de pequenas e m\u00e9dias empresas. Quando fun\u00e7\u00f5es, rotinas e responsabilidades","robots":{"index":"index","follow":"follow","max-snippet":"max-snippet:-1","max-image-preview":"max-image-preview:large","max-video-preview":"max-video-preview:-1"},"canonical":"https:\/\/ubirataonline.com.br\/en\/como-as-pequenas-e-medias-empresas-organizam-seus-departamentos\/","og_locale":"en_US","og_type":"article","og_title":"Como as pequenas e m\u00e9dias empresas organizam seus departamentos","og_description":"A organiza\u00e7\u00e3o dos departamentos \u00e9 uma das bases para o crescimento sustent\u00e1vel de pequenas e m\u00e9dias empresas. Quando fun\u00e7\u00f5es, rotinas e responsabilidades","og_url":"https:\/\/ubirataonline.com.br\/en\/como-as-pequenas-e-medias-empresas-organizam-seus-departamentos\/","og_site_name":"Ubirat\u00e3 Online Not\u00edcias - A realidade ao seu alcance!","article_publisher":"https:\/\/www.facebook.com\/portalubirataonline","article_author":"https:\/\/www.facebook.com\/portalubirataonline","article_published_time":"2026-03-24T20:50:00+00:00","article_modified_time":"2026-03-24T20:50:03+00:00","og_image":[{"width":939,"height":639,"url":"https:\/\/ubirataonline.com.br\/wp-content\/uploads\/2026\/03\/Como-as-pequenas-e-medias-empresas-organizam-seus-departamentos.jpeg","type":"image\/jpeg"}],"author":"REDA\u00c7\u00c3O: UBIRAT\u00c3 ONLINE - F\u00c1BIO AUGUSTO CELESTINO","twitter_card":"summary_large_image","twitter_creator":"@x.com\/ubirataonline","twitter_site":"@ubirataonline","twitter_misc":{"Written by":"REDA\u00c7\u00c3O: UBIRAT\u00c3 ONLINE - F\u00c1BIO AUGUSTO CELESTINO","Est. reading time":"5 minutes"},"schema":{"@context":"https:\/\/schema.org","@graph":[{"@type":"NewsArticle","@id":"https:\/\/ubirataonline.com.br\/como-as-pequenas-e-medias-empresas-organizam-seus-departamentos\/#article","isPartOf":{"@id":"https:\/\/ubirataonline.com.br\/como-as-pequenas-e-medias-empresas-organizam-seus-departamentos\/"},"author":{"name":"REDA\u00c7\u00c3O: UBIRAT\u00c3 ONLINE - F\u00c1BIO AUGUSTO CELESTINO","@id":"https:\/\/ubirataonline.com.br\/#\/schema\/person\/372f87bbd3fdd79b8556b84c98d0bc1c"},"headline":"Como as pequenas e m\u00e9dias empresas organizam seus departamentos","datePublished":"2026-03-24T20:50:00+00:00","dateModified":"2026-03-24T20:50:03+00:00","mainEntityOfPage":{"@id":"https:\/\/ubirataonline.com.br\/como-as-pequenas-e-medias-empresas-organizam-seus-departamentos\/"},"wordCount":1232,"publisher":{"@id":"https:\/\/ubirataonline.com.br\/#organization"},"image":{"@id":"https:\/\/ubirataonline.com.br\/como-as-pequenas-e-medias-empresas-organizam-seus-departamentos\/#primaryimage"},"thumbnailUrl":"https:\/\/ubirataonline.com.br\/wp-content\/uploads\/2026\/03\/Como-as-pequenas-e-medias-empresas-organizam-seus-departamentos.jpeg","articleSection":["Brasil"],"inLanguage":"en-US","copyrightYear":"2026","copyrightHolder":{"@id":"https:\/\/ubirataonline.com.br\/en\/#organization"}},{"@type":"WebPage","@id":"https:\/\/ubirataonline.com.br\/como-as-pequenas-e-medias-empresas-organizam-seus-departamentos\/","url":"https:\/\/ubirataonline.com.br\/como-as-pequenas-e-medias-empresas-organizam-seus-departamentos\/","name":"Como as pequenas e m\u00e9dias empresas organizam seus departamentos - Ubirat\u00e3 Online Not\u00edcias - A realidade ao seu alcance!","isPartOf":{"@id":"https:\/\/ubirataonline.com.br\/#website"},"primaryImageOfPage":{"@id":"https:\/\/ubirataonline.com.br\/como-as-pequenas-e-medias-empresas-organizam-seus-departamentos\/#primaryimage"},"image":{"@id":"https:\/\/ubirataonline.com.br\/como-as-pequenas-e-medias-empresas-organizam-seus-departamentos\/#primaryimage"},"thumbnailUrl":"https:\/\/ubirataonline.com.br\/wp-content\/uploads\/2026\/03\/Como-as-pequenas-e-medias-empresas-organizam-seus-departamentos.jpeg","datePublished":"2026-03-24T20:50:00+00:00","dateModified":"2026-03-24T20:50:03+00:00","description":"A organiza\u00e7\u00e3o dos departamentos \u00e9 uma das bases para o crescimento sustent\u00e1vel de pequenas e m\u00e9dias empresas. Quando fun\u00e7\u00f5es, rotinas e responsabilidades","breadcrumb":{"@id":"https:\/\/ubirataonline.com.br\/como-as-pequenas-e-medias-empresas-organizam-seus-departamentos\/#breadcrumb"},"inLanguage":"en-US","potentialAction":[{"@type":"ReadAction","target":["https:\/\/ubirataonline.com.br\/como-as-pequenas-e-medias-empresas-organizam-seus-departamentos\/"]}]},{"@type":"ImageObject","inLanguage":"en-US","@id":"https:\/\/ubirataonline.com.br\/como-as-pequenas-e-medias-empresas-organizam-seus-departamentos\/#primaryimage","url":"https:\/\/ubirataonline.com.br\/wp-content\/uploads\/2026\/03\/Como-as-pequenas-e-medias-empresas-organizam-seus-departamentos.jpeg","contentUrl":"https:\/\/ubirataonline.com.br\/wp-content\/uploads\/2026\/03\/Como-as-pequenas-e-medias-empresas-organizam-seus-departamentos.jpeg","width":939,"height":639,"caption":"Como as pequenas e m\u00e9dias empresas organizam seus departamentos"},{"@type":"BreadcrumbList","@id":"https:\/\/ubirataonline.com.br\/como-as-pequenas-e-medias-empresas-organizam-seus-departamentos\/#breadcrumb","itemListElement":[{"@type":"ListItem","position":1,"name":"In\u00edcio","item":"https:\/\/ubirataonline.com.br\/"},{"@type":"ListItem","position":2,"name":"Como as pequenas e m\u00e9dias empresas organizam seus departamentos"}]},{"@type":"WebSite","@id":"https:\/\/ubirataonline.com.br\/#website","url":"https:\/\/ubirataonline.com.br\/","name":"Ubirat\u00e3 Online Not\u00edcias","description":"Not\u00edcias de Ubirat\u00e3, regi\u00e3o, Brasil e mundo, com informa\u00e7\u00e3o atualizada e compromisso com o leitor.","publisher":{"@id":"https:\/\/ubirataonline.com.br\/#organization"},"alternateName":"Ubirat\u00e3 Online","potentialAction":[{"@type":"SearchAction","target":{"@type":"EntryPoint","urlTemplate":"https:\/\/ubirataonline.com.br\/?s={search_term_string}"},"query-input":{"@type":"PropertyValueSpecification","valueRequired":true,"valueName":"search_term_string"}}],"inLanguage":"en-US"},{"@type":["Organization","Place"],"@id":"https:\/\/ubirataonline.com.br\/#organization","name":"Ubirat\u00e3 Online Not\u00edcias","alternateName":"Ubirat\u00e3 Online","url":"https:\/\/ubirataonline.com.br\/","logo":{"@id":"https:\/\/ubirataonline.com.br\/como-as-pequenas-e-medias-empresas-organizam-seus-departamentos\/#local-main-organization-logo"},"image":{"@id":"https:\/\/ubirataonline.com.br\/como-as-pequenas-e-medias-empresas-organizam-seus-departamentos\/#local-main-organization-logo"},"sameAs":["https:\/\/www.facebook.com\/portalubirataonline","https:\/\/x.com\/ubirataonline","https:\/\/mastodon.social\/@ubirataonline","https:\/\/www.facebook.com\/groups\/311144672285604","https:\/\/www.facebook.com\/UBTAOnline","https:\/\/www.instagram.com\/portalubirataonline\/","https:\/\/twitter.com\/ubirataonline"],"description":"Somos um portal de not\u00edcias independente, criado em 5 de janeiro de 2009, com o objetivo de informar, conectar e valorizar a nossa comunidade de Ubirat\u00e3 e toda aregi\u00e3o. Com conte\u00fado atualizado, confi\u00e1vel e relevante, o Ubirat\u00e3 Online \u00e9 o seu espa\u00e7o para ficar por dentro dos principais acontecimentos locais, regionais, Brasil, Mundo e de interesse geral. Nosso compromisso \u00e9 com a verdade, a transpar\u00eancia e o respeito ao leitor.","legalName":"UBIRATA ONLINE NOT\u00cdCIAS","foundingDate":"2009-01-05","numberOfEmployees":{"@type":"QuantitativeValue","minValue":"1","maxValue":"10"},"publishingPrinciples":"https:\/\/ubirataonline.com.br\/faq\/","address":{"@id":"https:\/\/ubirataonline.com.br\/como-as-pequenas-e-medias-empresas-organizam-seus-departamentos\/#local-main-place-address"},"geo":{"@type":"GeoCoordinates","latitude":"-24.5361401","longitude":"-52.9921776"},"telephone":["+5544998308235"],"contactPoint":{"@type":"ContactPoint","email":"contato@ubirataonline.com.br"},"openingHoursSpecification":{"@type":"OpeningHoursSpecification","dayOfWeek":["Monday","Tuesday","Wednesday","Thursday","Friday","Saturday","Sunday"],"opens":"00:00","closes":"23:59"},"email":"contato@ubirataonline.com.br","vatID":"47.621.418\/0001-80"},{"@type":"Person","@id":"https:\/\/ubirataonline.com.br\/#\/schema\/person\/372f87bbd3fdd79b8556b84c98d0bc1c","name":"REDA\u00c7\u00c3O: UBIRAT\u00c3 ONLINE - F\u00c1BIO AUGUSTO CELESTINO","pronouns":"Ele","description":"Desde 2003 trabalhando com not\u00edcias.","sameAs":["http:\/\/ubirataoline.com.br","https:\/\/www.facebook.com\/portalubirataonline","https:\/\/www.instagram.com\/ubirataonline_oficial","https:\/\/x.com\/x.com\/ubirataonline"],"honorificPrefix":"Mr.","honorificSuffix":"MD","birthDate":"1980-06-16","gender":"masculino","award":["V\u00e1rios pr\u00eamios de melhor portal da cidade"],"jobTitle":"Diretor","url":"https:\/\/ubirataonline.com.br\/en\/author\/ubirataonline\/"},{"@type":"PostalAddress","@id":"https:\/\/ubirataonline.com.br\/como-as-pequenas-e-medias-empresas-organizam-seus-departamentos\/#local-main-place-address","streetAddress":"Rua dos Coqueiros, 104 - Bairro Boa Vista, Rua dos Coqueiros, 104 Bairro Boa Vista","addressLocality":"UBIRATA","postalCode":"85440-000","addressRegion":"PR","addressCountry":"BR"},{"@type":"ImageObject","inLanguage":"en-US","@id":"https:\/\/ubirataonline.com.br\/como-as-pequenas-e-medias-empresas-organizam-seus-departamentos\/#local-main-organization-logo","url":"https:\/\/ubirataonline.com.br\/wp-content\/uploads\/2026\/06\/logoubirataonline-1.webp","contentUrl":"https:\/\/ubirataonline.com.br\/wp-content\/uploads\/2026\/06\/logoubirataonline-1.webp","width":500,"height":500,"caption":"Ubirat\u00e3 Online Not\u00edcias"}]},"geo.placename":"UBIRATA","geo.position":{"lat":"-24.5361401","long":"-52.9921776"},"geo.region":"Brazil"},"_links":{"self":[{"href":"https:\/\/ubirataonline.com.br\/en\/wp-json\/wp\/v2\/posts\/97047","targetHints":{"allow":["GET"]}}],"collection":[{"href":"https:\/\/ubirataonline.com.br\/en\/wp-json\/wp\/v2\/posts"}],"about":[{"href":"https:\/\/ubirataonline.com.br\/en\/wp-json\/wp\/v2\/types\/post"}],"author":[{"embeddable":true,"href":"https:\/\/ubirataonline.com.br\/en\/wp-json\/wp\/v2\/users\/1"}],"replies":[{"embeddable":true,"href":"https:\/\/ubirataonline.com.br\/en\/wp-json\/wp\/v2\/comments?post=97047"}],"version-history":[{"count":0,"href":"https:\/\/ubirataonline.com.br\/en\/wp-json\/wp\/v2\/posts\/97047\/revisions"}],"wp:featuredmedia":[{"embeddable":true,"href":"https:\/\/ubirataonline.com.br\/en\/wp-json\/wp\/v2\/media\/97049"}],"wp:attachment":[{"href":"https:\/\/ubirataonline.com.br\/en\/wp-json\/wp\/v2\/media?parent=97047"}],"wp:term":[{"taxonomy":"category","embeddable":true,"href":"https:\/\/ubirataonline.com.br\/en\/wp-json\/wp\/v2\/categories?post=97047"},{"taxonomy":"post_tag","embeddable":true,"href":"https:\/\/ubirataonline.com.br\/en\/wp-json\/wp\/v2\/tags?post=97047"}],"curies":[{"name":"wp","href":"https:\/\/api.w.org\/{rel}","templated":true}]}}