{"id":97059,"date":"2026-03-24T18:23:47","date_gmt":"2026-03-24T21:23:47","guid":{"rendered":"https:\/\/ubirataonline.com.br\/las-denuncias-de-acoso-sexual-contra-dos-reconocidos-presentadores-desatan-un-metoo-en-el-periodismo-colombiano\/"},"modified":"2026-03-24T18:23:47","modified_gmt":"2026-03-24T21:23:47","slug":"las-denuncias-de-acoso-sexual-contra-dos-reconocidos-presentadores-desatan-un-metoo-en-el-periodismo-colombiano","status":"publish","type":"post","link":"https:\/\/ubirataonline.com.br\/en\/las-denuncias-de-acoso-sexual-contra-dos-reconocidos-presentadores-desatan-un-metoo-en-el-periodismo-colombiano\/","title":{"rendered":"Las denuncias de acoso sexual contra dos reconocidos presentadores desatan un MeToo en el periodismo colombiano"},"content":{"rendered":"<p><\/p>\n<div data-dtm-region=\"articulo_cuerpo\">\n<p class=\"\">Un poderoso movimiento de periodistas y presentadoras que han denunciado<a href=\"https:\/\/elpais.com\/noticias\/acoso-sexual\/\" target=\"_blank\" rel=\"noreferrer\" title=\"https:\/\/elpais.com\/noticias\/acoso-sexual\/\"> acoso sexual <\/a>ha tomado fuerza este fin de semana en Colombia. Con los hashtags #YoTeCreoColega y #MeTooColombia, cientos de mujeres han posteado en sus redes sociales mensajes de respaldo luego de que Caracol Televisi\u00f3n hiciera p\u00fablico que ha activado protocolos legales para proteger a mujeres que denunciaron haber sido v\u00edctimas de acoso sexual por parte de dos periodistas y presentadores del canal. <\/p>\n<p class=\"\">El director de Noticias Caracol, Juan Roberto Vargas, ha le\u00eddo este domingo un editorial del informativo en el que asegura que el canal est\u00e1 del lado de las v\u00edctimas. \u201cPara Caracol es un hecho doloroso, para m\u00ed como director, es un hecho triste. Pero tambi\u00e9n es un hecho donde se tiene que demostrar la determinaci\u00f3n, la decencia y el rigor\u201d, dijo el periodista en la emisi\u00f3n matutina de la emisora Blu Radio, de la misma casa period\u00edstica. \u201cAqu\u00ed no somos jueces, pero tampoco somos espectadores\u201d.<\/p>\n<p class=\"\">El informativo no ha hecho p\u00fablico el nombre de los periodistas denunciados, aunque en redes sociales hay varios se\u00f1alamientos. La presentadora M\u00f3nica Rodr\u00edguez, quien trabaj\u00f3 en el canal privado con m\u00e1s rating del pa\u00eds, fue una de las primeras en pronunciarse. \u201dHasta que se metieron con alguien que tambi\u00e9n ten\u00eda relaciones de poder y por eso no lo pudieron tapar. Hasta que por fin se destap\u00f3 la olla por ella y por todas\u2026 y hasta que se conozcan esos y otros tantos personajes acosadores. Que tiemblen&#8221;, escribi\u00f3.<\/p>\n<p class=\"\">En di\u00e1logo con este diario, Rodr\u00edguez, que ha estado entre las cabezas de la iniciativa de recopilaci\u00f3n de denuncias, explica que pretenden ofrecer un canal confidencial y seguro para que las v\u00edctimas compartan sus testimonios. \u201cEstamos recibiendo el respaldo de un equipo jur\u00eddico que se encargar\u00e1 de analizar cada caso y orientar a las v\u00edctimas sobre las rutas legales disponibles\u201d. La <a href=\"https:\/\/elpais.com\/noticias\/periodistas\/\" target=\"_blank\" rel=\"noreferrer\" title=\"https:\/\/elpais.com\/noticias\/periodistas\/\">periodista <\/a>no descarta que varias de esas denuncias sean puestas en conocimiento de la Fiscal\u00eda.<\/p>\n<p class=\"\">La iniciativa de #YoTeCreoColega tambi\u00e9n tiene el respaldo de ONU Mujeres y reconocidas oeneg\u00e9s como Sisma Mujer y de la Casa de la Mujer de Bogot\u00e1. De acuerdo con Rodr\u00edguez, muchas de las v\u00edctimas son periodistas j\u00f3venes o practicantes en los medios de comunicaci\u00f3n. \u201cSon mujeres que est\u00e1n en estado de indefensi\u00f3n y que no saben c\u00f3mo actuar por miedo a perder su pr\u00e1ctica, su trabajo o su credibilidad si llegan a denunciar\u201d. La comunicadora, quien ha conocido varios de esos casos, se\u00f1ala que varios de los episodios ocurren en viajes o cubrimientos. \u201cSe sienten m\u00e1s seguros lejos de otros ojos vigilantes\u201d.<\/p>\n<p class=\"\">Otra de las periodistas que ha narrado su testimonio en redes sociales es Juanita G\u00f3mez, de Revista Semana y quien tambi\u00e9n trabaj\u00f3 para el informativo Noticias Caracol. \u201cEl consejo que le dar\u00eda a la Juanita de 2015 en este cubrimiento internacional es que ciertas conductas de algunas \u201cvacas sagradas\u201d en su trabajo no est\u00e1n bien. Le dir\u00eda que tener que quitarse de encima a un periodista\/presentador a la fuerza, varias veces y a empujones, para que no le de un beso en un ascensor no es normal y nunca debi\u00f3 ocurrir&#8221;, puso en su cuenta de X.<\/p>\n<p class=\"\">Lina Tob\u00f3n, una periodista deportiva, tambi\u00e9n narr\u00f3 en su cuenta que fue v\u00edctima de acoso. En un hilo en sus redes sociales cont\u00f3 que, en 2022, un colega de mayor rango le toc\u00f3 el rostro y el pecho. \u201cEl resto del d\u00eda las insinuaciones escalaron, al punto de tocarme un logo en el pecho de mi camiseta, con alg\u00fan comentario sobre c\u00f3mo me quedaba la ropa\u201d. De acuerdo con la comunicadora, luego sufri\u00f3 otros episodios de acoso laboral y present\u00f3 su renuncia a la empresa.<\/p>\n<p class=\"\">Las denuncias que se conocen en el informativo m\u00e1s importante de Colombia tambi\u00e9n han revivido el caso de Hollman Morris, gerente del Sistema de Medios P\u00fablicos RTVC. Los se\u00f1alamientos en su contra se hicieron p\u00fablicos desde 2019, e incluyen acusaciones de acoso sexual y maltrato psicol\u00f3gico formuladas por cuatro mujeres, entre ellas la exfuncionaria Lina Castillo, quien ahora enfrenta un proceso penal por injuria y calumnia que interpuso Morris. A eso se suma el testimonio de la periodista Mar\u00eda Antonia Garc\u00eda de la Torre, quien denunci\u00f3 un episodio ocurrido en Madrid en 2011.<\/p>\n<p class=\"\">Contra Morris, de hecho, otro grupo de periodistas ha viralizado el <a href=\"https:\/\/elpais.com\/america-colombia\/2024-04-12\/mas-de-150-organizaciones-feministas-para-petro-la-repentina-renuncia-de-la-viceministra-de-las-mujeres-nos-pone-en-alerta.html\" target=\"_blank\" rel=\"noreferrer\" title=\"https:\/\/elpais.com\/america-colombia\/2024-04-12\/mas-de-150-organizaciones-feministas-para-petro-la-repentina-renuncia-de-la-viceministra-de-las-mujeres-nos-pone-en-alerta.html\">#NoAlPactoDeSilencio<\/a>, con el que exponen que varias de sus denuncias han sido archivadas y, ahora, son las mujeres denunciantes las que enfrentan procesos penales. \u201cLa impunidad frente a las violencias basadas en g\u00e9nero es responsabilidad de un sistema de justicia que a\u00fan no se compromete con la erradicaci\u00f3n de este fen\u00f3meno\u201d, se lee en un comunicado que se ha difundido a trav\u00e9s de redes sociales. <\/p>\n<p class=\"\">En Colombia, las denuncias por acoso sexual en entornos laborales siguen enfrentando obst\u00e1culos para llegar a la justicia. En el \u00e1mbito laboral, el Ministerio del Trabajo ha advertido que las quejas por acoso suelen concentrarse en sectores con relaciones jer\u00e1rquicas marcadas, como los medios de comunicaci\u00f3n. La misma <a href=\"https:\/\/elpais.com\/internacional\/2026-03-14\/iris-marin-defensora-del-pueblo-de-colombia-hay-zonas-del-pais-donde-prima-la-gobernanza-criminal.html\" target=\"_blank\" rel=\"noreferrer\" title=\"https:\/\/elpais.com\/internacional\/2026-03-14\/iris-marin-defensora-del-pueblo-de-colombia-hay-zonas-del-pais-donde-prima-la-gobernanza-criminal.html\">defensora del Pueblo, Iris Mar\u00edn<\/a>, se ha unido al llamado y ha posteado el mensaje en respaldo a las periodistas denunciantes. El ministro del Trabajo, Antonio Sanguino, tambi\u00e9n anunci\u00f3 labores de inspecci\u00f3n y vigilancia en Noticias Caracol \u201cpara conocer las condiciones de las y los trabajadores all\u00ed\u201d. <\/p>\n<p class=\"\">El correo que las periodistas han creado para recibir las denuncias de acoso sexual en medios de comunicaci\u00f3n colombianos es: yotecreocolega@gmail.com. Johana Fuentes, una de las mujeres que lidera la iniciativa, asegura que \u201ces un espacio seguro y confidencial para recibir testimonios de acoso, abuso de poder y violencia de g\u00e9nero dentro del ejercicio period\u00edstico\u201d. La discusi\u00f3n comienza a instalarse, esta vez, dentro de las propias redacciones.<\/p>\n<\/div>\n<p><a href=\"https:\/\/elpais.com\/america-colombia\/2026-03-23\/las-denuncias-de-acoso-sexual-contra-dos-reconocidos-presentadores-desatan-un-metoo-en-el-periodismo-colombiano.html\">Source link <\/a><br \/>\nSee more https:\/\/theglobaltrack.com\/<\/p>","protected":false},"excerpt":{"rendered":"<p>Un poderoso movimiento de periodistas y presentadoras que han denunciado acoso sexual ha tomado fuerza este fin de semana en Colombia. Con los hashtags #YoTeCreoColega y #MeTooColombia, cientos de mujeres han posteado en sus redes sociales mensajes de respaldo luego de que Caracol Televisi\u00f3n hiciera p\u00fablico que ha activado protocolos legales para proteger a mujeres [&hellip;]<\/p>\n","protected":false},"author":1,"featured_media":97060,"comment_status":"","ping_status":"","sticky":false,"template":"","format":"standard","meta":{"googlesitekit_rrm_CAow2JLhCw:productID":"","_gspb_post_css":"","maa_idioma":"","maa_pais":"","footnotes":""},"categories":[1],"tags":[23801,5455,3180,1607,23804,3113,5826,23805,23806,23803,23802,3778],"class_list":["post-97059","post","type-post","status-publish","format-standard","has-post-thumbnail","hentry","category-ubirata","tag-acoso","tag-colombiano","tag-contra","tag-denuncias","tag-desatan","tag-dos","tag-las","tag-metoo","tag-periodismo","tag-presentadores","tag-reconocidos","tag-sexual"],"blocksy_meta":[],"yoast_head":"<!-- This site is optimized with the Yoast SEO Premium plugin v27.6 (Yoast SEO v27.6) - https:\/\/yoast.com\/product\/yoast-seo-premium-wordpress\/ -->\n<title>Las denuncias de acoso sexual contra dos reconocidos presentadores desatan un MeToo en el periodismo colombiano - Ubirat\u00e3 Online Not\u00edcias - A realidade ao seu alcance!<\/title>\n<meta name=\"description\" content=\"Una ola de testimonios de periodistas toma fuerza en redes sociales luego de que Noticias Caracol hiciera p\u00fablicas denuncias de acoso sexual contra dos presentadores y anunciara la activaci\u00f3n de protocolos internos\" \/>\n<meta name=\"robots\" content=\"index, follow, max-snippet:-1, max-image-preview:large, max-video-preview:-1\" \/>\n<link rel=\"canonical\" href=\"https:\/\/ubirataonline.com.br\/en\/las-denuncias-de-acoso-sexual-contra-dos-reconocidos-presentadores-desatan-un-metoo-en-el-periodismo-colombiano\/\" \/>\n<meta property=\"og:locale\" content=\"en_US\" \/>\n<meta property=\"og:type\" content=\"article\" \/>\n<meta property=\"og:title\" content=\"Las denuncias de acoso sexual contra dos reconocidos presentadores desatan un MeToo en el periodismo colombiano\" \/>\n<meta property=\"og:description\" content=\"Una ola de testimonios de periodistas toma fuerza en redes sociales luego de que Noticias Caracol hiciera p\u00fablicas denuncias de acoso sexual contra dos presentadores y anunciara la activaci\u00f3n de protocolos internos\" \/>\n<meta property=\"og:url\" content=\"https:\/\/ubirataonline.com.br\/en\/las-denuncias-de-acoso-sexual-contra-dos-reconocidos-presentadores-desatan-un-metoo-en-el-periodismo-colombiano\/\" \/>\n<meta property=\"og:site_name\" content=\"Ubirat\u00e3 Online Not\u00edcias - A realidade ao seu alcance!\" \/>\n<meta property=\"article:publisher\" content=\"https:\/\/www.facebook.com\/portalubirataonline\" \/>\n<meta property=\"article:author\" content=\"https:\/\/www.facebook.com\/portalubirataonline\" \/>\n<meta property=\"article:published_time\" content=\"2026-03-24T21:23:47+00:00\" \/>\n<meta property=\"og:image\" content=\"https:\/\/ubirataonline.com.br\/wp-content\/uploads\/2026\/03\/Las-denuncias-de-acoso-sexual-contra-dos-reconocidos-presentadores-desatan.jpg\" \/>\n\t<meta property=\"og:image:width\" content=\"1200\" \/>\n\t<meta property=\"og:image:height\" content=\"675\" \/>\n\t<meta property=\"og:image:type\" content=\"image\/jpeg\" \/>\n<meta name=\"author\" content=\"REDA\u00c7\u00c3O: UBIRAT\u00c3 ONLINE - F\u00c1BIO AUGUSTO CELESTINO\" \/>\n<meta name=\"twitter:card\" content=\"summary_large_image\" \/>\n<meta name=\"twitter:creator\" content=\"@x.com\/ubirataonline\" \/>\n<meta name=\"twitter:site\" content=\"@ubirataonline\" \/>\n<meta name=\"twitter:label1\" content=\"Written by\" \/>\n\t<meta name=\"twitter:data1\" content=\"REDA\u00c7\u00c3O: UBIRAT\u00c3 ONLINE - F\u00c1BIO AUGUSTO CELESTINO\" \/>\n\t<meta name=\"twitter:label2\" content=\"Est. reading time\" \/>\n\t<meta name=\"twitter:data2\" content=\"5 minutes\" \/>\n<script type=\"application\/ld+json\" class=\"yoast-schema-graph\">{\"@context\":\"https:\\\/\\\/schema.org\",\"@graph\":[{\"@type\":\"NewsArticle\",\"@id\":\"https:\\\/\\\/ubirataonline.com.br\\\/las-denuncias-de-acoso-sexual-contra-dos-reconocidos-presentadores-desatan-un-metoo-en-el-periodismo-colombiano\\\/#article\",\"isPartOf\":{\"@id\":\"https:\\\/\\\/ubirataonline.com.br\\\/las-denuncias-de-acoso-sexual-contra-dos-reconocidos-presentadores-desatan-un-metoo-en-el-periodismo-colombiano\\\/\"},\"author\":{\"name\":\"REDA\u00c7\u00c3O: UBIRAT\u00c3 ONLINE - F\u00c1BIO AUGUSTO CELESTINO\",\"@id\":\"https:\\\/\\\/ubirataonline.com.br\\\/#\\\/schema\\\/person\\\/372f87bbd3fdd79b8556b84c98d0bc1c\"},\"headline\":\"Las denuncias de acoso sexual contra dos reconocidos presentadores desatan un MeToo en el periodismo colombiano\",\"datePublished\":\"2026-03-24T21:23:47+00:00\",\"mainEntityOfPage\":{\"@id\":\"https:\\\/\\\/ubirataonline.com.br\\\/las-denuncias-de-acoso-sexual-contra-dos-reconocidos-presentadores-desatan-un-metoo-en-el-periodismo-colombiano\\\/\"},\"wordCount\":1027,\"publisher\":{\"@id\":\"https:\\\/\\\/ubirataonline.com.br\\\/#organization\"},\"image\":{\"@id\":\"https:\\\/\\\/ubirataonline.com.br\\\/las-denuncias-de-acoso-sexual-contra-dos-reconocidos-presentadores-desatan-un-metoo-en-el-periodismo-colombiano\\\/#primaryimage\"},\"thumbnailUrl\":\"https:\\\/\\\/ubirataonline.com.br\\\/wp-content\\\/uploads\\\/2026\\\/03\\\/Las-denuncias-de-acoso-sexual-contra-dos-reconocidos-presentadores-desatan.jpg\",\"keywords\":[\"acoso\",\"colombiano\",\"contra\",\"Den\u00fancias\",\"desatan\",\"dos\",\"Las\",\"MeToo\",\"periodismo\",\"presentadores\",\"reconocidos\",\"sexual\"],\"articleSection\":[\"Ubirat\u00e3\"],\"inLanguage\":\"en-US\",\"copyrightYear\":\"2026\",\"copyrightHolder\":{\"@id\":\"https:\\\/\\\/ubirataonline.com.br\\\/en\\\/#organization\"}},{\"@type\":\"WebPage\",\"@id\":\"https:\\\/\\\/ubirataonline.com.br\\\/las-denuncias-de-acoso-sexual-contra-dos-reconocidos-presentadores-desatan-un-metoo-en-el-periodismo-colombiano\\\/\",\"url\":\"https:\\\/\\\/ubirataonline.com.br\\\/las-denuncias-de-acoso-sexual-contra-dos-reconocidos-presentadores-desatan-un-metoo-en-el-periodismo-colombiano\\\/\",\"name\":\"Las denuncias de acoso sexual contra dos reconocidos presentadores desatan un MeToo en el periodismo colombiano - Ubirat\u00e3 Online Not\u00edcias - A realidade ao seu alcance!\",\"isPartOf\":{\"@id\":\"https:\\\/\\\/ubirataonline.com.br\\\/#website\"},\"primaryImageOfPage\":{\"@id\":\"https:\\\/\\\/ubirataonline.com.br\\\/las-denuncias-de-acoso-sexual-contra-dos-reconocidos-presentadores-desatan-un-metoo-en-el-periodismo-colombiano\\\/#primaryimage\"},\"image\":{\"@id\":\"https:\\\/\\\/ubirataonline.com.br\\\/las-denuncias-de-acoso-sexual-contra-dos-reconocidos-presentadores-desatan-un-metoo-en-el-periodismo-colombiano\\\/#primaryimage\"},\"thumbnailUrl\":\"https:\\\/\\\/ubirataonline.com.br\\\/wp-content\\\/uploads\\\/2026\\\/03\\\/Las-denuncias-de-acoso-sexual-contra-dos-reconocidos-presentadores-desatan.jpg\",\"datePublished\":\"2026-03-24T21:23:47+00:00\",\"description\":\"Una ola de testimonios de periodistas toma fuerza en redes sociales luego de que Noticias Caracol hiciera p\u00fablicas denuncias de acoso sexual contra dos presentadores y anunciara la activaci\u00f3n de protocolos internos\",\"breadcrumb\":{\"@id\":\"https:\\\/\\\/ubirataonline.com.br\\\/las-denuncias-de-acoso-sexual-contra-dos-reconocidos-presentadores-desatan-un-metoo-en-el-periodismo-colombiano\\\/#breadcrumb\"},\"inLanguage\":\"en-US\",\"potentialAction\":[{\"@type\":\"ReadAction\",\"target\":[\"https:\\\/\\\/ubirataonline.com.br\\\/las-denuncias-de-acoso-sexual-contra-dos-reconocidos-presentadores-desatan-un-metoo-en-el-periodismo-colombiano\\\/\"]}]},{\"@type\":\"ImageObject\",\"inLanguage\":\"en-US\",\"@id\":\"https:\\\/\\\/ubirataonline.com.br\\\/las-denuncias-de-acoso-sexual-contra-dos-reconocidos-presentadores-desatan-un-metoo-en-el-periodismo-colombiano\\\/#primaryimage\",\"url\":\"https:\\\/\\\/ubirataonline.com.br\\\/wp-content\\\/uploads\\\/2026\\\/03\\\/Las-denuncias-de-acoso-sexual-contra-dos-reconocidos-presentadores-desatan.jpg\",\"contentUrl\":\"https:\\\/\\\/ubirataonline.com.br\\\/wp-content\\\/uploads\\\/2026\\\/03\\\/Las-denuncias-de-acoso-sexual-contra-dos-reconocidos-presentadores-desatan.jpg\",\"width\":1200,\"height\":675,\"caption\":\"Estudio de Noticias Caracol, en una imaen de archivo.Caracol\"},{\"@type\":\"BreadcrumbList\",\"@id\":\"https:\\\/\\\/ubirataonline.com.br\\\/las-denuncias-de-acoso-sexual-contra-dos-reconocidos-presentadores-desatan-un-metoo-en-el-periodismo-colombiano\\\/#breadcrumb\",\"itemListElement\":[{\"@type\":\"ListItem\",\"position\":1,\"name\":\"In\u00edcio\",\"item\":\"https:\\\/\\\/ubirataonline.com.br\\\/\"},{\"@type\":\"ListItem\",\"position\":2,\"name\":\"Las denuncias de acoso sexual contra dos reconocidos presentadores desatan un MeToo en el periodismo colombiano\"}]},{\"@type\":\"WebSite\",\"@id\":\"https:\\\/\\\/ubirataonline.com.br\\\/#website\",\"url\":\"https:\\\/\\\/ubirataonline.com.br\\\/\",\"name\":\"Ubirat\u00e3 Online Not\u00edcias\",\"description\":\"Not\u00edcias de Ubirat\u00e3, regi\u00e3o, Brasil e mundo, com informa\u00e7\u00e3o atualizada e compromisso com o leitor.\",\"publisher\":{\"@id\":\"https:\\\/\\\/ubirataonline.com.br\\\/#organization\"},\"alternateName\":\"Ubirat\u00e3 Online\",\"potentialAction\":[{\"@type\":\"SearchAction\",\"target\":{\"@type\":\"EntryPoint\",\"urlTemplate\":\"https:\\\/\\\/ubirataonline.com.br\\\/?s={search_term_string}\"},\"query-input\":{\"@type\":\"PropertyValueSpecification\",\"valueRequired\":true,\"valueName\":\"search_term_string\"}}],\"inLanguage\":\"en-US\"},{\"@type\":[\"Organization\",\"Place\"],\"@id\":\"https:\\\/\\\/ubirataonline.com.br\\\/#organization\",\"name\":\"Ubirat\u00e3 Online Not\u00edcias\",\"alternateName\":\"Ubirat\u00e3 Online\",\"url\":\"https:\\\/\\\/ubirataonline.com.br\\\/\",\"logo\":{\"@id\":\"https:\\\/\\\/ubirataonline.com.br\\\/las-denuncias-de-acoso-sexual-contra-dos-reconocidos-presentadores-desatan-un-metoo-en-el-periodismo-colombiano\\\/#local-main-organization-logo\"},\"image\":{\"@id\":\"https:\\\/\\\/ubirataonline.com.br\\\/las-denuncias-de-acoso-sexual-contra-dos-reconocidos-presentadores-desatan-un-metoo-en-el-periodismo-colombiano\\\/#local-main-organization-logo\"},\"sameAs\":[\"https:\\\/\\\/www.facebook.com\\\/portalubirataonline\",\"https:\\\/\\\/x.com\\\/ubirataonline\",\"https:\\\/\\\/mastodon.social\\\/@ubirataonline\",\"https:\\\/\\\/www.facebook.com\\\/groups\\\/311144672285604\",\"https:\\\/\\\/www.facebook.com\\\/UBTAOnline\",\"https:\\\/\\\/www.instagram.com\\\/portalubirataonline\\\/\",\"https:\\\/\\\/twitter.com\\\/ubirataonline\"],\"description\":\"Somos um portal de not\u00edcias independente, criado em 5 de janeiro de 2009, com o objetivo de informar, conectar e valorizar a nossa comunidade de Ubirat\u00e3 e toda aregi\u00e3o. Com conte\u00fado atualizado, confi\u00e1vel e relevante, o Ubirat\u00e3 Online \u00e9 o seu espa\u00e7o para ficar por dentro dos principais acontecimentos locais, regionais, Brasil, Mundo e de interesse geral. Nosso compromisso \u00e9 com a verdade, a transpar\u00eancia e o respeito ao leitor.\",\"legalName\":\"UBIRATA ONLINE NOT\u00cdCIAS\",\"foundingDate\":\"2009-01-05\",\"numberOfEmployees\":{\"@type\":\"QuantitativeValue\",\"minValue\":\"1\",\"maxValue\":\"10\"},\"publishingPrinciples\":\"https:\\\/\\\/ubirataonline.com.br\\\/faq\\\/\",\"address\":{\"@id\":\"https:\\\/\\\/ubirataonline.com.br\\\/las-denuncias-de-acoso-sexual-contra-dos-reconocidos-presentadores-desatan-un-metoo-en-el-periodismo-colombiano\\\/#local-main-place-address\"},\"geo\":{\"@type\":\"GeoCoordinates\",\"latitude\":\"-24.5361401\",\"longitude\":\"-52.9921776\"},\"telephone\":[\"+5544998308235\"],\"contactPoint\":{\"@type\":\"ContactPoint\",\"email\":\"contato@ubirataonline.com.br\"},\"openingHoursSpecification\":{\"@type\":\"OpeningHoursSpecification\",\"dayOfWeek\":[\"Monday\",\"Tuesday\",\"Wednesday\",\"Thursday\",\"Friday\",\"Saturday\",\"Sunday\"],\"opens\":\"00:00\",\"closes\":\"23:59\"},\"email\":\"contato@ubirataonline.com.br\",\"vatID\":\"47.621.418\\\/0001-80\"},{\"@type\":\"Person\",\"@id\":\"https:\\\/\\\/ubirataonline.com.br\\\/#\\\/schema\\\/person\\\/372f87bbd3fdd79b8556b84c98d0bc1c\",\"name\":\"REDA\u00c7\u00c3O: UBIRAT\u00c3 ONLINE - F\u00c1BIO AUGUSTO CELESTINO\",\"pronouns\":\"Ele\",\"description\":\"Desde 2003 trabalhando com not\u00edcias.\",\"sameAs\":[\"http:\\\/\\\/ubirataoline.com.br\",\"https:\\\/\\\/www.facebook.com\\\/portalubirataonline\",\"https:\\\/\\\/www.instagram.com\\\/ubirataonline_oficial\",\"https:\\\/\\\/x.com\\\/x.com\\\/ubirataonline\"],\"honorificPrefix\":\"Mr.\",\"honorificSuffix\":\"MD\",\"birthDate\":\"1980-06-16\",\"gender\":\"masculino\",\"award\":[\"V\u00e1rios pr\u00eamios de melhor portal da cidade\"],\"jobTitle\":\"Diretor\",\"url\":\"https:\\\/\\\/ubirataonline.com.br\\\/en\\\/author\\\/ubirataonline\\\/\"},{\"@type\":\"PostalAddress\",\"@id\":\"https:\\\/\\\/ubirataonline.com.br\\\/las-denuncias-de-acoso-sexual-contra-dos-reconocidos-presentadores-desatan-un-metoo-en-el-periodismo-colombiano\\\/#local-main-place-address\",\"streetAddress\":\"Rua dos Coqueiros, 104 - Bairro Boa Vista, Rua dos Coqueiros, 104 Bairro Boa Vista\",\"addressLocality\":\"UBIRATA\",\"postalCode\":\"85440-000\",\"addressRegion\":\"PR\",\"addressCountry\":\"BR\"},{\"@type\":\"ImageObject\",\"inLanguage\":\"en-US\",\"@id\":\"https:\\\/\\\/ubirataonline.com.br\\\/las-denuncias-de-acoso-sexual-contra-dos-reconocidos-presentadores-desatan-un-metoo-en-el-periodismo-colombiano\\\/#local-main-organization-logo\",\"url\":\"https:\\\/\\\/ubirataonline.com.br\\\/wp-content\\\/uploads\\\/2026\\\/06\\\/logoubirataonline-1.webp\",\"contentUrl\":\"https:\\\/\\\/ubirataonline.com.br\\\/wp-content\\\/uploads\\\/2026\\\/06\\\/logoubirataonline-1.webp\",\"width\":500,\"height\":500,\"caption\":\"Ubirat\u00e3 Online Not\u00edcias\"}]}<\/script>\n<meta name=\"geo.placename\" content=\"UBIRATA\" \/>\n<meta name=\"geo.position\" content=\"-24.5361401;-52.9921776\" \/>\n<meta name=\"geo.region\" content=\"Brazil\" \/>\n<!-- \/ Yoast SEO Premium plugin. -->","yoast_head_json":{"title":"Las denuncias de acoso sexual contra dos reconocidos presentadores desatan un MeToo en el periodismo colombiano - Ubirat\u00e3 Online Not\u00edcias - A realidade ao seu alcance!","description":"Una ola de testimonios de periodistas toma fuerza en redes sociales luego de que Noticias Caracol hiciera p\u00fablicas denuncias de acoso sexual contra dos presentadores y anunciara la activaci\u00f3n de protocolos internos","robots":{"index":"index","follow":"follow","max-snippet":"max-snippet:-1","max-image-preview":"max-image-preview:large","max-video-preview":"max-video-preview:-1"},"canonical":"https:\/\/ubirataonline.com.br\/en\/las-denuncias-de-acoso-sexual-contra-dos-reconocidos-presentadores-desatan-un-metoo-en-el-periodismo-colombiano\/","og_locale":"en_US","og_type":"article","og_title":"Las denuncias de acoso sexual contra dos reconocidos presentadores desatan un MeToo en el periodismo colombiano","og_description":"Una ola de testimonios de periodistas toma fuerza en redes sociales luego de que Noticias Caracol hiciera p\u00fablicas denuncias de acoso sexual contra dos presentadores y anunciara la activaci\u00f3n de protocolos internos","og_url":"https:\/\/ubirataonline.com.br\/en\/las-denuncias-de-acoso-sexual-contra-dos-reconocidos-presentadores-desatan-un-metoo-en-el-periodismo-colombiano\/","og_site_name":"Ubirat\u00e3 Online Not\u00edcias - A realidade ao seu alcance!","article_publisher":"https:\/\/www.facebook.com\/portalubirataonline","article_author":"https:\/\/www.facebook.com\/portalubirataonline","article_published_time":"2026-03-24T21:23:47+00:00","og_image":[{"width":1200,"height":675,"url":"https:\/\/ubirataonline.com.br\/wp-content\/uploads\/2026\/03\/Las-denuncias-de-acoso-sexual-contra-dos-reconocidos-presentadores-desatan.jpg","type":"image\/jpeg"}],"author":"REDA\u00c7\u00c3O: UBIRAT\u00c3 ONLINE - F\u00c1BIO AUGUSTO CELESTINO","twitter_card":"summary_large_image","twitter_creator":"@x.com\/ubirataonline","twitter_site":"@ubirataonline","twitter_misc":{"Written by":"REDA\u00c7\u00c3O: UBIRAT\u00c3 ONLINE - F\u00c1BIO AUGUSTO CELESTINO","Est. reading time":"5 minutes"},"schema":{"@context":"https:\/\/schema.org","@graph":[{"@type":"NewsArticle","@id":"https:\/\/ubirataonline.com.br\/las-denuncias-de-acoso-sexual-contra-dos-reconocidos-presentadores-desatan-un-metoo-en-el-periodismo-colombiano\/#article","isPartOf":{"@id":"https:\/\/ubirataonline.com.br\/las-denuncias-de-acoso-sexual-contra-dos-reconocidos-presentadores-desatan-un-metoo-en-el-periodismo-colombiano\/"},"author":{"name":"REDA\u00c7\u00c3O: UBIRAT\u00c3 ONLINE - F\u00c1BIO AUGUSTO CELESTINO","@id":"https:\/\/ubirataonline.com.br\/#\/schema\/person\/372f87bbd3fdd79b8556b84c98d0bc1c"},"headline":"Las denuncias de acoso sexual contra dos reconocidos presentadores desatan un MeToo en el periodismo colombiano","datePublished":"2026-03-24T21:23:47+00:00","mainEntityOfPage":{"@id":"https:\/\/ubirataonline.com.br\/las-denuncias-de-acoso-sexual-contra-dos-reconocidos-presentadores-desatan-un-metoo-en-el-periodismo-colombiano\/"},"wordCount":1027,"publisher":{"@id":"https:\/\/ubirataonline.com.br\/#organization"},"image":{"@id":"https:\/\/ubirataonline.com.br\/las-denuncias-de-acoso-sexual-contra-dos-reconocidos-presentadores-desatan-un-metoo-en-el-periodismo-colombiano\/#primaryimage"},"thumbnailUrl":"https:\/\/ubirataonline.com.br\/wp-content\/uploads\/2026\/03\/Las-denuncias-de-acoso-sexual-contra-dos-reconocidos-presentadores-desatan.jpg","keywords":["acoso","colombiano","contra","Den\u00fancias","desatan","dos","Las","MeToo","periodismo","presentadores","reconocidos","sexual"],"articleSection":["Ubirat\u00e3"],"inLanguage":"en-US","copyrightYear":"2026","copyrightHolder":{"@id":"https:\/\/ubirataonline.com.br\/en\/#organization"}},{"@type":"WebPage","@id":"https:\/\/ubirataonline.com.br\/las-denuncias-de-acoso-sexual-contra-dos-reconocidos-presentadores-desatan-un-metoo-en-el-periodismo-colombiano\/","url":"https:\/\/ubirataonline.com.br\/las-denuncias-de-acoso-sexual-contra-dos-reconocidos-presentadores-desatan-un-metoo-en-el-periodismo-colombiano\/","name":"Las denuncias de acoso sexual contra dos reconocidos presentadores desatan un MeToo en el periodismo colombiano - Ubirat\u00e3 Online Not\u00edcias - A realidade ao seu alcance!","isPartOf":{"@id":"https:\/\/ubirataonline.com.br\/#website"},"primaryImageOfPage":{"@id":"https:\/\/ubirataonline.com.br\/las-denuncias-de-acoso-sexual-contra-dos-reconocidos-presentadores-desatan-un-metoo-en-el-periodismo-colombiano\/#primaryimage"},"image":{"@id":"https:\/\/ubirataonline.com.br\/las-denuncias-de-acoso-sexual-contra-dos-reconocidos-presentadores-desatan-un-metoo-en-el-periodismo-colombiano\/#primaryimage"},"thumbnailUrl":"https:\/\/ubirataonline.com.br\/wp-content\/uploads\/2026\/03\/Las-denuncias-de-acoso-sexual-contra-dos-reconocidos-presentadores-desatan.jpg","datePublished":"2026-03-24T21:23:47+00:00","description":"Una ola de testimonios de periodistas toma fuerza en redes sociales luego de que Noticias Caracol hiciera p\u00fablicas denuncias de acoso sexual contra dos presentadores y anunciara la activaci\u00f3n de protocolos internos","breadcrumb":{"@id":"https:\/\/ubirataonline.com.br\/las-denuncias-de-acoso-sexual-contra-dos-reconocidos-presentadores-desatan-un-metoo-en-el-periodismo-colombiano\/#breadcrumb"},"inLanguage":"en-US","potentialAction":[{"@type":"ReadAction","target":["https:\/\/ubirataonline.com.br\/las-denuncias-de-acoso-sexual-contra-dos-reconocidos-presentadores-desatan-un-metoo-en-el-periodismo-colombiano\/"]}]},{"@type":"ImageObject","inLanguage":"en-US","@id":"https:\/\/ubirataonline.com.br\/las-denuncias-de-acoso-sexual-contra-dos-reconocidos-presentadores-desatan-un-metoo-en-el-periodismo-colombiano\/#primaryimage","url":"https:\/\/ubirataonline.com.br\/wp-content\/uploads\/2026\/03\/Las-denuncias-de-acoso-sexual-contra-dos-reconocidos-presentadores-desatan.jpg","contentUrl":"https:\/\/ubirataonline.com.br\/wp-content\/uploads\/2026\/03\/Las-denuncias-de-acoso-sexual-contra-dos-reconocidos-presentadores-desatan.jpg","width":1200,"height":675,"caption":"Estudio de Noticias Caracol, en una imaen de archivo.Caracol"},{"@type":"BreadcrumbList","@id":"https:\/\/ubirataonline.com.br\/las-denuncias-de-acoso-sexual-contra-dos-reconocidos-presentadores-desatan-un-metoo-en-el-periodismo-colombiano\/#breadcrumb","itemListElement":[{"@type":"ListItem","position":1,"name":"In\u00edcio","item":"https:\/\/ubirataonline.com.br\/"},{"@type":"ListItem","position":2,"name":"Las denuncias de acoso sexual contra dos reconocidos presentadores desatan un MeToo en el periodismo colombiano"}]},{"@type":"WebSite","@id":"https:\/\/ubirataonline.com.br\/#website","url":"https:\/\/ubirataonline.com.br\/","name":"Ubirat\u00e3 Online Not\u00edcias","description":"Not\u00edcias de Ubirat\u00e3, regi\u00e3o, Brasil e mundo, com informa\u00e7\u00e3o atualizada e compromisso com o leitor.","publisher":{"@id":"https:\/\/ubirataonline.com.br\/#organization"},"alternateName":"Ubirat\u00e3 Online","potentialAction":[{"@type":"SearchAction","target":{"@type":"EntryPoint","urlTemplate":"https:\/\/ubirataonline.com.br\/?s={search_term_string}"},"query-input":{"@type":"PropertyValueSpecification","valueRequired":true,"valueName":"search_term_string"}}],"inLanguage":"en-US"},{"@type":["Organization","Place"],"@id":"https:\/\/ubirataonline.com.br\/#organization","name":"Ubirat\u00e3 Online Not\u00edcias","alternateName":"Ubirat\u00e3 Online","url":"https:\/\/ubirataonline.com.br\/","logo":{"@id":"https:\/\/ubirataonline.com.br\/las-denuncias-de-acoso-sexual-contra-dos-reconocidos-presentadores-desatan-un-metoo-en-el-periodismo-colombiano\/#local-main-organization-logo"},"image":{"@id":"https:\/\/ubirataonline.com.br\/las-denuncias-de-acoso-sexual-contra-dos-reconocidos-presentadores-desatan-un-metoo-en-el-periodismo-colombiano\/#local-main-organization-logo"},"sameAs":["https:\/\/www.facebook.com\/portalubirataonline","https:\/\/x.com\/ubirataonline","https:\/\/mastodon.social\/@ubirataonline","https:\/\/www.facebook.com\/groups\/311144672285604","https:\/\/www.facebook.com\/UBTAOnline","https:\/\/www.instagram.com\/portalubirataonline\/","https:\/\/twitter.com\/ubirataonline"],"description":"Somos um portal de not\u00edcias independente, criado em 5 de janeiro de 2009, com o objetivo de informar, conectar e valorizar a nossa comunidade de Ubirat\u00e3 e toda aregi\u00e3o. Com conte\u00fado atualizado, confi\u00e1vel e relevante, o Ubirat\u00e3 Online \u00e9 o seu espa\u00e7o para ficar por dentro dos principais acontecimentos locais, regionais, Brasil, Mundo e de interesse geral. Nosso compromisso \u00e9 com a verdade, a transpar\u00eancia e o respeito ao leitor.","legalName":"UBIRATA ONLINE NOT\u00cdCIAS","foundingDate":"2009-01-05","numberOfEmployees":{"@type":"QuantitativeValue","minValue":"1","maxValue":"10"},"publishingPrinciples":"https:\/\/ubirataonline.com.br\/faq\/","address":{"@id":"https:\/\/ubirataonline.com.br\/las-denuncias-de-acoso-sexual-contra-dos-reconocidos-presentadores-desatan-un-metoo-en-el-periodismo-colombiano\/#local-main-place-address"},"geo":{"@type":"GeoCoordinates","latitude":"-24.5361401","longitude":"-52.9921776"},"telephone":["+5544998308235"],"contactPoint":{"@type":"ContactPoint","email":"contato@ubirataonline.com.br"},"openingHoursSpecification":{"@type":"OpeningHoursSpecification","dayOfWeek":["Monday","Tuesday","Wednesday","Thursday","Friday","Saturday","Sunday"],"opens":"00:00","closes":"23:59"},"email":"contato@ubirataonline.com.br","vatID":"47.621.418\/0001-80"},{"@type":"Person","@id":"https:\/\/ubirataonline.com.br\/#\/schema\/person\/372f87bbd3fdd79b8556b84c98d0bc1c","name":"REDA\u00c7\u00c3O: UBIRAT\u00c3 ONLINE - F\u00c1BIO AUGUSTO CELESTINO","pronouns":"Ele","description":"Desde 2003 trabalhando com not\u00edcias.","sameAs":["http:\/\/ubirataoline.com.br","https:\/\/www.facebook.com\/portalubirataonline","https:\/\/www.instagram.com\/ubirataonline_oficial","https:\/\/x.com\/x.com\/ubirataonline"],"honorificPrefix":"Mr.","honorificSuffix":"MD","birthDate":"1980-06-16","gender":"masculino","award":["V\u00e1rios pr\u00eamios de melhor portal da cidade"],"jobTitle":"Diretor","url":"https:\/\/ubirataonline.com.br\/en\/author\/ubirataonline\/"},{"@type":"PostalAddress","@id":"https:\/\/ubirataonline.com.br\/las-denuncias-de-acoso-sexual-contra-dos-reconocidos-presentadores-desatan-un-metoo-en-el-periodismo-colombiano\/#local-main-place-address","streetAddress":"Rua dos Coqueiros, 104 - Bairro Boa Vista, Rua dos Coqueiros, 104 Bairro Boa Vista","addressLocality":"UBIRATA","postalCode":"85440-000","addressRegion":"PR","addressCountry":"BR"},{"@type":"ImageObject","inLanguage":"en-US","@id":"https:\/\/ubirataonline.com.br\/las-denuncias-de-acoso-sexual-contra-dos-reconocidos-presentadores-desatan-un-metoo-en-el-periodismo-colombiano\/#local-main-organization-logo","url":"https:\/\/ubirataonline.com.br\/wp-content\/uploads\/2026\/06\/logoubirataonline-1.webp","contentUrl":"https:\/\/ubirataonline.com.br\/wp-content\/uploads\/2026\/06\/logoubirataonline-1.webp","width":500,"height":500,"caption":"Ubirat\u00e3 Online Not\u00edcias"}]},"geo.placename":"UBIRATA","geo.position":{"lat":"-24.5361401","long":"-52.9921776"},"geo.region":"Brazil"},"_links":{"self":[{"href":"https:\/\/ubirataonline.com.br\/en\/wp-json\/wp\/v2\/posts\/97059","targetHints":{"allow":["GET"]}}],"collection":[{"href":"https:\/\/ubirataonline.com.br\/en\/wp-json\/wp\/v2\/posts"}],"about":[{"href":"https:\/\/ubirataonline.com.br\/en\/wp-json\/wp\/v2\/types\/post"}],"author":[{"embeddable":true,"href":"https:\/\/ubirataonline.com.br\/en\/wp-json\/wp\/v2\/users\/1"}],"replies":[{"embeddable":true,"href":"https:\/\/ubirataonline.com.br\/en\/wp-json\/wp\/v2\/comments?post=97059"}],"version-history":[{"count":0,"href":"https:\/\/ubirataonline.com.br\/en\/wp-json\/wp\/v2\/posts\/97059\/revisions"}],"wp:featuredmedia":[{"embeddable":true,"href":"https:\/\/ubirataonline.com.br\/en\/wp-json\/wp\/v2\/media\/97060"}],"wp:attachment":[{"href":"https:\/\/ubirataonline.com.br\/en\/wp-json\/wp\/v2\/media?parent=97059"}],"wp:term":[{"taxonomy":"category","embeddable":true,"href":"https:\/\/ubirataonline.com.br\/en\/wp-json\/wp\/v2\/categories?post=97059"},{"taxonomy":"post_tag","embeddable":true,"href":"https:\/\/ubirataonline.com.br\/en\/wp-json\/wp\/v2\/tags?post=97059"}],"curies":[{"name":"wp","href":"https:\/\/api.w.org\/{rel}","templated":true}]}}