{"id":97072,"date":"2026-03-24T19:36:46","date_gmt":"2026-03-24T22:36:46","guid":{"rendered":"https:\/\/ubirataonline.com.br\/ministerio-publico-do-parana-em-campo-largo-realizara-atendimento-descentralizado-a-populacao-de-balsa-nova-nesta-sexta-feira-27-de-marco\/"},"modified":"2026-03-24T19:36:47","modified_gmt":"2026-03-24T22:36:47","slug":"ministerio-publico-do-parana-em-campo-largo-realizara-atendimento-descentralizado-a-populacao-de-balsa-nova-nesta-sexta-feira-27-de-marco","status":"publish","type":"post","link":"https:\/\/ubirataonline.com.br\/en\/ministerio-publico-do-parana-em-campo-largo-realizara-atendimento-descentralizado-a-populacao-de-balsa-nova-nesta-sexta-feira-27-de-marco\/","title":{"rendered":"Minist\u00e9rio P\u00fablico do Paran\u00e1 em Campo Largo realizar\u00e1 atendimento descentralizado \u00e0 popula\u00e7\u00e3o de Balsa Nova nesta sexta-feira, 27 de mar\u00e7o"},"content":{"rendered":"<p><\/p>\n<div>\n<p>Na pr\u00f3xima sexta-feira, 27 de mar\u00e7o, o Minist\u00e9rio P\u00fablico do Paran\u00e1, por meio da 3\u00aa Promotoria de Justi\u00e7a de Campo Largo, na Regi\u00e3o Metropolitana de Curitiba, realizar\u00e1 atendimento descentralizado \u00e0 popula\u00e7\u00e3o do munic\u00edpio de Balsa Nova, que integra a comarca. O atendimento ocorrer\u00e1 das 13 \u00e0s 17 horas, no Centro de Refer\u00eancia de Assist\u00eancia Social (Cras), localizado na Avenida Igua\u00e7u, 548, no Centro. O objetivo da iniciativa \u00e9 aproximar a institui\u00e7\u00e3o da popula\u00e7\u00e3o, facilitando o acesso dos cidad\u00e3os aos servi\u00e7os dos \u00f3rg\u00e3os do sistema de justi\u00e7a.<\/p>\n<p class=\"text-align-center\"><a href=\"https:\/\/apps.mppr.mp.br\/audios\/play\/df3649c16be598b5b8069db401bcb8d9\" target=\"_blank\">\u00c1udio do promotor de Justi\u00e7a Rodrigo Baptista Braziliano<\/a><\/p>\n<p>Na oportunidade, os interessados poder\u00e3o levar suas demandas e buscar orienta\u00e7\u00f5es sobre quest\u00f5es para as quais necessitem algum encaminhamento. Entre as \u00e1reas de atua\u00e7\u00e3o do Minist\u00e9rio P\u00fablico, est\u00e3o a criminal, a defesa e prote\u00e7\u00e3o ao patrim\u00f4nio p\u00fablico, os direitos da inf\u00e2ncia e adolesc\u00eancia e da pessoa idosa, o direito de fam\u00edlia, a sa\u00fade e outras. Nas situa\u00e7\u00f5es em que o assunto levado pelo cidad\u00e3o n\u00e3o seja de compet\u00eancia do Minist\u00e9rio P\u00fablico, ser\u00e3o prestadas todas as informa\u00e7\u00f5es sobre o melhor encaminhamento aos \u00f3rg\u00e3os respons\u00e1veis. Orienta-se que as pessoas levem documentos pessoais e, sempre que poss\u00edvel, os documentos relativos ao caso que pretendem tratar com o Minist\u00e9rio P\u00fablico.<\/p>\n<p><em>Informa\u00e7\u00f5es para a imprensa:<br \/>Assessoria de Comunica\u00e7\u00e3o<br \/><a href=\"https:\/\/mppr.mp.br\/cdn-cgi\/l\/email-protection\" class=\"__cf_email__\" data-cfemail=\"72111d1f071c1b111311131d321f0202005c1f025c1000\">[email\u00a0protected]<\/a><br \/>(41) 3250-4264<\/em><\/p>\n<\/div>\n<p><a href=\"https:\/\/mppr.mp.br\/Noticia\/Ministerio-Publico-do-Parana-em-Campo-Largo-realizara-atendimento-descentralizado-populacao\">Source link <\/a><\/p>\n","protected":false},"excerpt":{"rendered":"<p>Na pr\u00f3xima sexta-feira, 27 de mar\u00e7o, o Minist\u00e9rio P\u00fablico do Paran\u00e1, por meio da 3\u00aa Promotoria de Justi\u00e7a de Campo Largo, na Regi\u00e3o Metropolitana de Curitiba, realizar\u00e1 atendimento descentralizado \u00e0 popula\u00e7\u00e3o do munic\u00edpio de Balsa Nova, que integra a comarca. O atendimento ocorrer\u00e1 das 13 \u00e0s 17 horas, no Centro de Refer\u00eancia de Assist\u00eancia Social [&hellip;]<\/p>\n","protected":false},"author":1,"featured_media":93476,"comment_status":"closed","ping_status":"","sticky":false,"template":"","format":"standard","meta":{"googlesitekit_rrm_CAow2JLhCw:productID":"","_gspb_post_css":"","maa_idioma":"","maa_pais":"","footnotes":""},"categories":[1],"tags":[4265,23815,3507,6121,12100,12304,3438,3599,3679,90,2884,3439,23814,4438],"class_list":["post-97072","post","type-post","status-publish","format-standard","has-post-thumbnail","hentry","category-ubirata","tag-atendimento","tag-balsa","tag-campo","tag-descentralizado","tag-largo","tag-marco","tag-ministerio","tag-nesta","tag-nova","tag-parana","tag-populacao","tag-publico","tag-realizara","tag-sextafeira"],"blocksy_meta":[],"yoast_head":"<!-- This site is optimized with the Yoast SEO Premium plugin v27.6 (Yoast SEO v27.6) - https:\/\/yoast.com\/product\/yoast-seo-premium-wordpress\/ -->\n<title>Minist\u00e9rio P\u00fablico do Paran\u00e1 em Campo Largo realizar\u00e1 atendimento descentralizado \u00e0 popula\u00e7\u00e3o de Balsa Nova nesta sexta-feira, 27 de mar\u00e7o - Ubirat\u00e3 Online Not\u00edcias - A realidade ao seu alcance!<\/title>\n<meta name=\"description\" content=\"Na pr\u00f3xima sexta-feira, 27 de mar\u00e7o, o Minist\u00e9rio P\u00fablico do Paran\u00e1, por meio da 3\u00aa Promotoria de Justi\u00e7a de Campo Largo, na Regi\u00e3o Metropolitana de\" \/>\n<meta name=\"robots\" content=\"index, follow, max-snippet:-1, max-image-preview:large, max-video-preview:-1\" \/>\n<link rel=\"canonical\" href=\"https:\/\/ubirataonline.com.br\/en\/ministerio-publico-do-parana-em-campo-largo-realizara-atendimento-descentralizado-a-populacao-de-balsa-nova-nesta-sexta-feira-27-de-marco\/\" \/>\n<meta property=\"og:locale\" content=\"en_US\" \/>\n<meta property=\"og:type\" content=\"article\" \/>\n<meta property=\"og:title\" content=\"Minist\u00e9rio P\u00fablico do Paran\u00e1 em Campo Largo realizar\u00e1 atendimento descentralizado \u00e0 popula\u00e7\u00e3o de Balsa Nova nesta sexta-feira, 27 de mar\u00e7o\" \/>\n<meta property=\"og:description\" content=\"Na pr\u00f3xima sexta-feira, 27 de mar\u00e7o, o Minist\u00e9rio P\u00fablico do Paran\u00e1, por meio da 3\u00aa Promotoria de Justi\u00e7a de Campo Largo, na Regi\u00e3o Metropolitana de\" \/>\n<meta property=\"og:url\" content=\"https:\/\/ubirataonline.com.br\/en\/ministerio-publico-do-parana-em-campo-largo-realizara-atendimento-descentralizado-a-populacao-de-balsa-nova-nesta-sexta-feira-27-de-marco\/\" \/>\n<meta property=\"og:site_name\" content=\"Ubirat\u00e3 Online Not\u00edcias - A realidade ao seu alcance!\" \/>\n<meta property=\"article:publisher\" content=\"https:\/\/www.facebook.com\/portalubirataonline\" \/>\n<meta property=\"article:author\" content=\"https:\/\/www.facebook.com\/portalubirataonline\" \/>\n<meta property=\"article:published_time\" content=\"2026-03-24T22:36:46+00:00\" \/>\n<meta property=\"article:modified_time\" content=\"2026-03-24T22:36:47+00:00\" \/>\n<meta property=\"og:image\" content=\"https:\/\/ubirataonline.com.br\/wp-content\/uploads\/2026\/03\/Em-Cascavel-Gaeco-Policia-Civil-e-PM-deflagram-operacao-que.png\" \/>\n\t<meta property=\"og:image:width\" content=\"240\" \/>\n\t<meta property=\"og:image:height\" content=\"240\" \/>\n\t<meta property=\"og:image:type\" content=\"image\/png\" \/>\n<meta name=\"author\" content=\"REDA\u00c7\u00c3O: UBIRAT\u00c3 ONLINE - F\u00c1BIO AUGUSTO CELESTINO\" \/>\n<meta name=\"twitter:card\" content=\"summary_large_image\" \/>\n<meta name=\"twitter:creator\" content=\"@x.com\/ubirataonline\" \/>\n<meta name=\"twitter:site\" content=\"@ubirataonline\" \/>\n<meta name=\"twitter:label1\" content=\"Written by\" \/>\n\t<meta name=\"twitter:data1\" content=\"REDA\u00c7\u00c3O: UBIRAT\u00c3 ONLINE - F\u00c1BIO AUGUSTO CELESTINO\" \/>\n\t<meta name=\"twitter:label2\" content=\"Est. reading time\" \/>\n\t<meta name=\"twitter:data2\" content=\"1 minute\" \/>\n<script type=\"application\/ld+json\" class=\"yoast-schema-graph\">{\"@context\":\"https:\\\/\\\/schema.org\",\"@graph\":[{\"@type\":\"NewsArticle\",\"@id\":\"https:\\\/\\\/ubirataonline.com.br\\\/ministerio-publico-do-parana-em-campo-largo-realizara-atendimento-descentralizado-a-populacao-de-balsa-nova-nesta-sexta-feira-27-de-marco\\\/#article\",\"isPartOf\":{\"@id\":\"https:\\\/\\\/ubirataonline.com.br\\\/ministerio-publico-do-parana-em-campo-largo-realizara-atendimento-descentralizado-a-populacao-de-balsa-nova-nesta-sexta-feira-27-de-marco\\\/\"},\"author\":{\"name\":\"REDA\u00c7\u00c3O: UBIRAT\u00c3 ONLINE - F\u00c1BIO AUGUSTO CELESTINO\",\"@id\":\"https:\\\/\\\/ubirataonline.com.br\\\/#\\\/schema\\\/person\\\/372f87bbd3fdd79b8556b84c98d0bc1c\"},\"headline\":\"Minist\u00e9rio P\u00fablico do Paran\u00e1 em Campo Largo realizar\u00e1 atendimento descentralizado \u00e0 popula\u00e7\u00e3o de Balsa Nova nesta sexta-feira, 27 de mar\u00e7o\",\"datePublished\":\"2026-03-24T22:36:46+00:00\",\"dateModified\":\"2026-03-24T22:36:47+00:00\",\"mainEntityOfPage\":{\"@id\":\"https:\\\/\\\/ubirataonline.com.br\\\/ministerio-publico-do-parana-em-campo-largo-realizara-atendimento-descentralizado-a-populacao-de-balsa-nova-nesta-sexta-feira-27-de-marco\\\/\"},\"wordCount\":274,\"publisher\":{\"@id\":\"https:\\\/\\\/ubirataonline.com.br\\\/#organization\"},\"image\":{\"@id\":\"https:\\\/\\\/ubirataonline.com.br\\\/ministerio-publico-do-parana-em-campo-largo-realizara-atendimento-descentralizado-a-populacao-de-balsa-nova-nesta-sexta-feira-27-de-marco\\\/#primaryimage\"},\"thumbnailUrl\":\"https:\\\/\\\/ubirataonline.com.br\\\/wp-content\\\/uploads\\\/2026\\\/03\\\/Em-Cascavel-Gaeco-Policia-Civil-e-PM-deflagram-operacao-que.png\",\"keywords\":[\"atendimento\",\"Balsa\",\"campo\",\"descentralizado\",\"Largo\",\"Marco\",\"Minist\u00e9rio\",\"nesta\",\"Nova\",\"paran\u00e1\",\"Popula\u00e7\u00e3o\",\"P\u00fablico\",\"realizar\u00e1\",\"sextafeira\"],\"articleSection\":[\"Ubirat\u00e3\"],\"inLanguage\":\"en-US\",\"copyrightYear\":\"2026\",\"copyrightHolder\":{\"@id\":\"https:\\\/\\\/ubirataonline.com.br\\\/en\\\/#organization\"}},{\"@type\":\"WebPage\",\"@id\":\"https:\\\/\\\/ubirataonline.com.br\\\/ministerio-publico-do-parana-em-campo-largo-realizara-atendimento-descentralizado-a-populacao-de-balsa-nova-nesta-sexta-feira-27-de-marco\\\/\",\"url\":\"https:\\\/\\\/ubirataonline.com.br\\\/ministerio-publico-do-parana-em-campo-largo-realizara-atendimento-descentralizado-a-populacao-de-balsa-nova-nesta-sexta-feira-27-de-marco\\\/\",\"name\":\"Minist\u00e9rio P\u00fablico do Paran\u00e1 em Campo Largo realizar\u00e1 atendimento descentralizado \u00e0 popula\u00e7\u00e3o de Balsa Nova nesta sexta-feira, 27 de mar\u00e7o - Ubirat\u00e3 Online Not\u00edcias - A realidade ao seu alcance!\",\"isPartOf\":{\"@id\":\"https:\\\/\\\/ubirataonline.com.br\\\/#website\"},\"primaryImageOfPage\":{\"@id\":\"https:\\\/\\\/ubirataonline.com.br\\\/ministerio-publico-do-parana-em-campo-largo-realizara-atendimento-descentralizado-a-populacao-de-balsa-nova-nesta-sexta-feira-27-de-marco\\\/#primaryimage\"},\"image\":{\"@id\":\"https:\\\/\\\/ubirataonline.com.br\\\/ministerio-publico-do-parana-em-campo-largo-realizara-atendimento-descentralizado-a-populacao-de-balsa-nova-nesta-sexta-feira-27-de-marco\\\/#primaryimage\"},\"thumbnailUrl\":\"https:\\\/\\\/ubirataonline.com.br\\\/wp-content\\\/uploads\\\/2026\\\/03\\\/Em-Cascavel-Gaeco-Policia-Civil-e-PM-deflagram-operacao-que.png\",\"datePublished\":\"2026-03-24T22:36:46+00:00\",\"dateModified\":\"2026-03-24T22:36:47+00:00\",\"description\":\"Na pr\u00f3xima sexta-feira, 27 de mar\u00e7o, o Minist\u00e9rio P\u00fablico do Paran\u00e1, por meio da 3\u00aa Promotoria de Justi\u00e7a de Campo Largo, na Regi\u00e3o Metropolitana de\",\"breadcrumb\":{\"@id\":\"https:\\\/\\\/ubirataonline.com.br\\\/ministerio-publico-do-parana-em-campo-largo-realizara-atendimento-descentralizado-a-populacao-de-balsa-nova-nesta-sexta-feira-27-de-marco\\\/#breadcrumb\"},\"inLanguage\":\"en-US\",\"potentialAction\":[{\"@type\":\"ReadAction\",\"target\":[\"https:\\\/\\\/ubirataonline.com.br\\\/ministerio-publico-do-parana-em-campo-largo-realizara-atendimento-descentralizado-a-populacao-de-balsa-nova-nesta-sexta-feira-27-de-marco\\\/\"]}]},{\"@type\":\"ImageObject\",\"inLanguage\":\"en-US\",\"@id\":\"https:\\\/\\\/ubirataonline.com.br\\\/ministerio-publico-do-parana-em-campo-largo-realizara-atendimento-descentralizado-a-populacao-de-balsa-nova-nesta-sexta-feira-27-de-marco\\\/#primaryimage\",\"url\":\"https:\\\/\\\/ubirataonline.com.br\\\/wp-content\\\/uploads\\\/2026\\\/03\\\/Em-Cascavel-Gaeco-Policia-Civil-e-PM-deflagram-operacao-que.png\",\"contentUrl\":\"https:\\\/\\\/ubirataonline.com.br\\\/wp-content\\\/uploads\\\/2026\\\/03\\\/Em-Cascavel-Gaeco-Policia-Civil-e-PM-deflagram-operacao-que.png\",\"width\":240,\"height\":240,\"caption\":\"Em Cascavel, Gaeco, Pol\u00edcia Civil e PM deflagram opera\u00e7\u00e3o que investiga o uso do sistema drive-thru para a venda de drogas em com\u00e9rcio pr\u00f3ximo de escola\"},{\"@type\":\"BreadcrumbList\",\"@id\":\"https:\\\/\\\/ubirataonline.com.br\\\/ministerio-publico-do-parana-em-campo-largo-realizara-atendimento-descentralizado-a-populacao-de-balsa-nova-nesta-sexta-feira-27-de-marco\\\/#breadcrumb\",\"itemListElement\":[{\"@type\":\"ListItem\",\"position\":1,\"name\":\"In\u00edcio\",\"item\":\"https:\\\/\\\/ubirataonline.com.br\\\/\"},{\"@type\":\"ListItem\",\"position\":2,\"name\":\"Minist\u00e9rio P\u00fablico do Paran\u00e1 em Campo Largo realizar\u00e1 atendimento descentralizado \u00e0 popula\u00e7\u00e3o de Balsa Nova nesta sexta-feira, 27 de mar\u00e7o\"}]},{\"@type\":\"WebSite\",\"@id\":\"https:\\\/\\\/ubirataonline.com.br\\\/#website\",\"url\":\"https:\\\/\\\/ubirataonline.com.br\\\/\",\"name\":\"Ubirat\u00e3 Online Not\u00edcias\",\"description\":\"Not\u00edcias de Ubirat\u00e3, regi\u00e3o, Brasil e mundo, com informa\u00e7\u00e3o atualizada e compromisso com o leitor.\",\"publisher\":{\"@id\":\"https:\\\/\\\/ubirataonline.com.br\\\/#organization\"},\"alternateName\":\"Ubirat\u00e3 Online\",\"potentialAction\":[{\"@type\":\"SearchAction\",\"target\":{\"@type\":\"EntryPoint\",\"urlTemplate\":\"https:\\\/\\\/ubirataonline.com.br\\\/?s={search_term_string}\"},\"query-input\":{\"@type\":\"PropertyValueSpecification\",\"valueRequired\":true,\"valueName\":\"search_term_string\"}}],\"inLanguage\":\"en-US\"},{\"@type\":[\"Organization\",\"Place\"],\"@id\":\"https:\\\/\\\/ubirataonline.com.br\\\/#organization\",\"name\":\"Ubirat\u00e3 Online Not\u00edcias\",\"alternateName\":\"Ubirat\u00e3 Online\",\"url\":\"https:\\\/\\\/ubirataonline.com.br\\\/\",\"logo\":{\"@id\":\"https:\\\/\\\/ubirataonline.com.br\\\/ministerio-publico-do-parana-em-campo-largo-realizara-atendimento-descentralizado-a-populacao-de-balsa-nova-nesta-sexta-feira-27-de-marco\\\/#local-main-organization-logo\"},\"image\":{\"@id\":\"https:\\\/\\\/ubirataonline.com.br\\\/ministerio-publico-do-parana-em-campo-largo-realizara-atendimento-descentralizado-a-populacao-de-balsa-nova-nesta-sexta-feira-27-de-marco\\\/#local-main-organization-logo\"},\"sameAs\":[\"https:\\\/\\\/www.facebook.com\\\/portalubirataonline\",\"https:\\\/\\\/x.com\\\/ubirataonline\",\"https:\\\/\\\/mastodon.social\\\/@ubirataonline\",\"https:\\\/\\\/www.facebook.com\\\/groups\\\/311144672285604\",\"https:\\\/\\\/www.facebook.com\\\/UBTAOnline\",\"https:\\\/\\\/www.instagram.com\\\/portalubirataonline\\\/\",\"https:\\\/\\\/twitter.com\\\/ubirataonline\"],\"description\":\"Somos um portal de not\u00edcias independente, criado em 5 de janeiro de 2009, com o objetivo de informar, conectar e valorizar a nossa comunidade de Ubirat\u00e3 e toda aregi\u00e3o. Com conte\u00fado atualizado, confi\u00e1vel e relevante, o Ubirat\u00e3 Online \u00e9 o seu espa\u00e7o para ficar por dentro dos principais acontecimentos locais, regionais, Brasil, Mundo e de interesse geral. Nosso compromisso \u00e9 com a verdade, a transpar\u00eancia e o respeito ao leitor.\",\"legalName\":\"UBIRATA ONLINE NOT\u00cdCIAS\",\"foundingDate\":\"2009-01-05\",\"numberOfEmployees\":{\"@type\":\"QuantitativeValue\",\"minValue\":\"1\",\"maxValue\":\"10\"},\"publishingPrinciples\":\"https:\\\/\\\/ubirataonline.com.br\\\/faq\\\/\",\"address\":{\"@id\":\"https:\\\/\\\/ubirataonline.com.br\\\/ministerio-publico-do-parana-em-campo-largo-realizara-atendimento-descentralizado-a-populacao-de-balsa-nova-nesta-sexta-feira-27-de-marco\\\/#local-main-place-address\"},\"geo\":{\"@type\":\"GeoCoordinates\",\"latitude\":\"-24.5361401\",\"longitude\":\"-52.9921776\"},\"telephone\":[\"+5544998308235\"],\"contactPoint\":{\"@type\":\"ContactPoint\",\"email\":\"contato@ubirataonline.com.br\"},\"openingHoursSpecification\":{\"@type\":\"OpeningHoursSpecification\",\"dayOfWeek\":[\"Monday\",\"Tuesday\",\"Wednesday\",\"Thursday\",\"Friday\",\"Saturday\",\"Sunday\"],\"opens\":\"00:00\",\"closes\":\"23:59\"},\"email\":\"contato@ubirataonline.com.br\",\"vatID\":\"47.621.418\\\/0001-80\"},{\"@type\":\"Person\",\"@id\":\"https:\\\/\\\/ubirataonline.com.br\\\/#\\\/schema\\\/person\\\/372f87bbd3fdd79b8556b84c98d0bc1c\",\"name\":\"REDA\u00c7\u00c3O: UBIRAT\u00c3 ONLINE - F\u00c1BIO AUGUSTO CELESTINO\",\"pronouns\":\"Ele\",\"description\":\"Desde 2003 trabalhando com not\u00edcias.\",\"sameAs\":[\"http:\\\/\\\/ubirataoline.com.br\",\"https:\\\/\\\/www.facebook.com\\\/portalubirataonline\",\"https:\\\/\\\/www.instagram.com\\\/ubirataonline_oficial\",\"https:\\\/\\\/x.com\\\/x.com\\\/ubirataonline\"],\"honorificPrefix\":\"Mr.\",\"honorificSuffix\":\"MD\",\"birthDate\":\"1980-06-16\",\"gender\":\"masculino\",\"award\":[\"V\u00e1rios pr\u00eamios de melhor portal da cidade\"],\"jobTitle\":\"Diretor\",\"url\":\"https:\\\/\\\/ubirataonline.com.br\\\/en\\\/author\\\/ubirataonline\\\/\"},{\"@type\":\"PostalAddress\",\"@id\":\"https:\\\/\\\/ubirataonline.com.br\\\/ministerio-publico-do-parana-em-campo-largo-realizara-atendimento-descentralizado-a-populacao-de-balsa-nova-nesta-sexta-feira-27-de-marco\\\/#local-main-place-address\",\"streetAddress\":\"Rua dos Coqueiros, 104 - Bairro Boa Vista, Rua dos Coqueiros, 104 Bairro Boa Vista\",\"addressLocality\":\"UBIRATA\",\"postalCode\":\"85440-000\",\"addressRegion\":\"PR\",\"addressCountry\":\"BR\"},{\"@type\":\"ImageObject\",\"inLanguage\":\"en-US\",\"@id\":\"https:\\\/\\\/ubirataonline.com.br\\\/ministerio-publico-do-parana-em-campo-largo-realizara-atendimento-descentralizado-a-populacao-de-balsa-nova-nesta-sexta-feira-27-de-marco\\\/#local-main-organization-logo\",\"url\":\"https:\\\/\\\/ubirataonline.com.br\\\/wp-content\\\/uploads\\\/2026\\\/06\\\/logoubirataonline-1.webp\",\"contentUrl\":\"https:\\\/\\\/ubirataonline.com.br\\\/wp-content\\\/uploads\\\/2026\\\/06\\\/logoubirataonline-1.webp\",\"width\":500,\"height\":500,\"caption\":\"Ubirat\u00e3 Online Not\u00edcias\"}]}<\/script>\n<meta name=\"geo.placename\" content=\"UBIRATA\" \/>\n<meta name=\"geo.position\" content=\"-24.5361401;-52.9921776\" \/>\n<meta name=\"geo.region\" content=\"Brazil\" \/>\n<!-- \/ Yoast SEO Premium plugin. -->","yoast_head_json":{"title":"Minist\u00e9rio P\u00fablico do Paran\u00e1 em Campo Largo realizar\u00e1 atendimento descentralizado \u00e0 popula\u00e7\u00e3o de Balsa Nova nesta sexta-feira, 27 de mar\u00e7o - Ubirat\u00e3 Online Not\u00edcias - A realidade ao seu alcance!","description":"Na pr\u00f3xima sexta-feira, 27 de mar\u00e7o, o Minist\u00e9rio P\u00fablico do Paran\u00e1, por meio da 3\u00aa Promotoria de Justi\u00e7a de Campo Largo, na Regi\u00e3o Metropolitana de","robots":{"index":"index","follow":"follow","max-snippet":"max-snippet:-1","max-image-preview":"max-image-preview:large","max-video-preview":"max-video-preview:-1"},"canonical":"https:\/\/ubirataonline.com.br\/en\/ministerio-publico-do-parana-em-campo-largo-realizara-atendimento-descentralizado-a-populacao-de-balsa-nova-nesta-sexta-feira-27-de-marco\/","og_locale":"en_US","og_type":"article","og_title":"Minist\u00e9rio P\u00fablico do Paran\u00e1 em Campo Largo realizar\u00e1 atendimento descentralizado \u00e0 popula\u00e7\u00e3o de Balsa Nova nesta sexta-feira, 27 de mar\u00e7o","og_description":"Na pr\u00f3xima sexta-feira, 27 de mar\u00e7o, o Minist\u00e9rio P\u00fablico do Paran\u00e1, por meio da 3\u00aa Promotoria de Justi\u00e7a de Campo Largo, na Regi\u00e3o Metropolitana de","og_url":"https:\/\/ubirataonline.com.br\/en\/ministerio-publico-do-parana-em-campo-largo-realizara-atendimento-descentralizado-a-populacao-de-balsa-nova-nesta-sexta-feira-27-de-marco\/","og_site_name":"Ubirat\u00e3 Online Not\u00edcias - A realidade ao seu alcance!","article_publisher":"https:\/\/www.facebook.com\/portalubirataonline","article_author":"https:\/\/www.facebook.com\/portalubirataonline","article_published_time":"2026-03-24T22:36:46+00:00","article_modified_time":"2026-03-24T22:36:47+00:00","og_image":[{"width":240,"height":240,"url":"https:\/\/ubirataonline.com.br\/wp-content\/uploads\/2026\/03\/Em-Cascavel-Gaeco-Policia-Civil-e-PM-deflagram-operacao-que.png","type":"image\/png"}],"author":"REDA\u00c7\u00c3O: UBIRAT\u00c3 ONLINE - F\u00c1BIO AUGUSTO CELESTINO","twitter_card":"summary_large_image","twitter_creator":"@x.com\/ubirataonline","twitter_site":"@ubirataonline","twitter_misc":{"Written by":"REDA\u00c7\u00c3O: UBIRAT\u00c3 ONLINE - F\u00c1BIO AUGUSTO CELESTINO","Est. reading time":"1 minute"},"schema":{"@context":"https:\/\/schema.org","@graph":[{"@type":"NewsArticle","@id":"https:\/\/ubirataonline.com.br\/ministerio-publico-do-parana-em-campo-largo-realizara-atendimento-descentralizado-a-populacao-de-balsa-nova-nesta-sexta-feira-27-de-marco\/#article","isPartOf":{"@id":"https:\/\/ubirataonline.com.br\/ministerio-publico-do-parana-em-campo-largo-realizara-atendimento-descentralizado-a-populacao-de-balsa-nova-nesta-sexta-feira-27-de-marco\/"},"author":{"name":"REDA\u00c7\u00c3O: UBIRAT\u00c3 ONLINE - F\u00c1BIO AUGUSTO CELESTINO","@id":"https:\/\/ubirataonline.com.br\/#\/schema\/person\/372f87bbd3fdd79b8556b84c98d0bc1c"},"headline":"Minist\u00e9rio P\u00fablico do Paran\u00e1 em Campo Largo realizar\u00e1 atendimento descentralizado \u00e0 popula\u00e7\u00e3o de Balsa Nova nesta sexta-feira, 27 de mar\u00e7o","datePublished":"2026-03-24T22:36:46+00:00","dateModified":"2026-03-24T22:36:47+00:00","mainEntityOfPage":{"@id":"https:\/\/ubirataonline.com.br\/ministerio-publico-do-parana-em-campo-largo-realizara-atendimento-descentralizado-a-populacao-de-balsa-nova-nesta-sexta-feira-27-de-marco\/"},"wordCount":274,"publisher":{"@id":"https:\/\/ubirataonline.com.br\/#organization"},"image":{"@id":"https:\/\/ubirataonline.com.br\/ministerio-publico-do-parana-em-campo-largo-realizara-atendimento-descentralizado-a-populacao-de-balsa-nova-nesta-sexta-feira-27-de-marco\/#primaryimage"},"thumbnailUrl":"https:\/\/ubirataonline.com.br\/wp-content\/uploads\/2026\/03\/Em-Cascavel-Gaeco-Policia-Civil-e-PM-deflagram-operacao-que.png","keywords":["atendimento","Balsa","campo","descentralizado","Largo","Marco","Minist\u00e9rio","nesta","Nova","paran\u00e1","Popula\u00e7\u00e3o","P\u00fablico","realizar\u00e1","sextafeira"],"articleSection":["Ubirat\u00e3"],"inLanguage":"en-US","copyrightYear":"2026","copyrightHolder":{"@id":"https:\/\/ubirataonline.com.br\/en\/#organization"}},{"@type":"WebPage","@id":"https:\/\/ubirataonline.com.br\/ministerio-publico-do-parana-em-campo-largo-realizara-atendimento-descentralizado-a-populacao-de-balsa-nova-nesta-sexta-feira-27-de-marco\/","url":"https:\/\/ubirataonline.com.br\/ministerio-publico-do-parana-em-campo-largo-realizara-atendimento-descentralizado-a-populacao-de-balsa-nova-nesta-sexta-feira-27-de-marco\/","name":"Minist\u00e9rio P\u00fablico do Paran\u00e1 em Campo Largo realizar\u00e1 atendimento descentralizado \u00e0 popula\u00e7\u00e3o de Balsa Nova nesta sexta-feira, 27 de mar\u00e7o - Ubirat\u00e3 Online Not\u00edcias - A realidade ao seu alcance!","isPartOf":{"@id":"https:\/\/ubirataonline.com.br\/#website"},"primaryImageOfPage":{"@id":"https:\/\/ubirataonline.com.br\/ministerio-publico-do-parana-em-campo-largo-realizara-atendimento-descentralizado-a-populacao-de-balsa-nova-nesta-sexta-feira-27-de-marco\/#primaryimage"},"image":{"@id":"https:\/\/ubirataonline.com.br\/ministerio-publico-do-parana-em-campo-largo-realizara-atendimento-descentralizado-a-populacao-de-balsa-nova-nesta-sexta-feira-27-de-marco\/#primaryimage"},"thumbnailUrl":"https:\/\/ubirataonline.com.br\/wp-content\/uploads\/2026\/03\/Em-Cascavel-Gaeco-Policia-Civil-e-PM-deflagram-operacao-que.png","datePublished":"2026-03-24T22:36:46+00:00","dateModified":"2026-03-24T22:36:47+00:00","description":"Na pr\u00f3xima sexta-feira, 27 de mar\u00e7o, o Minist\u00e9rio P\u00fablico do Paran\u00e1, por meio da 3\u00aa Promotoria de Justi\u00e7a de Campo Largo, na Regi\u00e3o Metropolitana de","breadcrumb":{"@id":"https:\/\/ubirataonline.com.br\/ministerio-publico-do-parana-em-campo-largo-realizara-atendimento-descentralizado-a-populacao-de-balsa-nova-nesta-sexta-feira-27-de-marco\/#breadcrumb"},"inLanguage":"en-US","potentialAction":[{"@type":"ReadAction","target":["https:\/\/ubirataonline.com.br\/ministerio-publico-do-parana-em-campo-largo-realizara-atendimento-descentralizado-a-populacao-de-balsa-nova-nesta-sexta-feira-27-de-marco\/"]}]},{"@type":"ImageObject","inLanguage":"en-US","@id":"https:\/\/ubirataonline.com.br\/ministerio-publico-do-parana-em-campo-largo-realizara-atendimento-descentralizado-a-populacao-de-balsa-nova-nesta-sexta-feira-27-de-marco\/#primaryimage","url":"https:\/\/ubirataonline.com.br\/wp-content\/uploads\/2026\/03\/Em-Cascavel-Gaeco-Policia-Civil-e-PM-deflagram-operacao-que.png","contentUrl":"https:\/\/ubirataonline.com.br\/wp-content\/uploads\/2026\/03\/Em-Cascavel-Gaeco-Policia-Civil-e-PM-deflagram-operacao-que.png","width":240,"height":240,"caption":"Em Cascavel, Gaeco, Pol\u00edcia Civil e PM deflagram opera\u00e7\u00e3o que investiga o uso do sistema drive-thru para a venda de drogas em com\u00e9rcio pr\u00f3ximo de escola"},{"@type":"BreadcrumbList","@id":"https:\/\/ubirataonline.com.br\/ministerio-publico-do-parana-em-campo-largo-realizara-atendimento-descentralizado-a-populacao-de-balsa-nova-nesta-sexta-feira-27-de-marco\/#breadcrumb","itemListElement":[{"@type":"ListItem","position":1,"name":"In\u00edcio","item":"https:\/\/ubirataonline.com.br\/"},{"@type":"ListItem","position":2,"name":"Minist\u00e9rio P\u00fablico do Paran\u00e1 em Campo Largo realizar\u00e1 atendimento descentralizado \u00e0 popula\u00e7\u00e3o de Balsa Nova nesta sexta-feira, 27 de mar\u00e7o"}]},{"@type":"WebSite","@id":"https:\/\/ubirataonline.com.br\/#website","url":"https:\/\/ubirataonline.com.br\/","name":"Ubirat\u00e3 Online Not\u00edcias","description":"Not\u00edcias de Ubirat\u00e3, regi\u00e3o, Brasil e mundo, com informa\u00e7\u00e3o atualizada e compromisso com o leitor.","publisher":{"@id":"https:\/\/ubirataonline.com.br\/#organization"},"alternateName":"Ubirat\u00e3 Online","potentialAction":[{"@type":"SearchAction","target":{"@type":"EntryPoint","urlTemplate":"https:\/\/ubirataonline.com.br\/?s={search_term_string}"},"query-input":{"@type":"PropertyValueSpecification","valueRequired":true,"valueName":"search_term_string"}}],"inLanguage":"en-US"},{"@type":["Organization","Place"],"@id":"https:\/\/ubirataonline.com.br\/#organization","name":"Ubirat\u00e3 Online Not\u00edcias","alternateName":"Ubirat\u00e3 Online","url":"https:\/\/ubirataonline.com.br\/","logo":{"@id":"https:\/\/ubirataonline.com.br\/ministerio-publico-do-parana-em-campo-largo-realizara-atendimento-descentralizado-a-populacao-de-balsa-nova-nesta-sexta-feira-27-de-marco\/#local-main-organization-logo"},"image":{"@id":"https:\/\/ubirataonline.com.br\/ministerio-publico-do-parana-em-campo-largo-realizara-atendimento-descentralizado-a-populacao-de-balsa-nova-nesta-sexta-feira-27-de-marco\/#local-main-organization-logo"},"sameAs":["https:\/\/www.facebook.com\/portalubirataonline","https:\/\/x.com\/ubirataonline","https:\/\/mastodon.social\/@ubirataonline","https:\/\/www.facebook.com\/groups\/311144672285604","https:\/\/www.facebook.com\/UBTAOnline","https:\/\/www.instagram.com\/portalubirataonline\/","https:\/\/twitter.com\/ubirataonline"],"description":"Somos um portal de not\u00edcias independente, criado em 5 de janeiro de 2009, com o objetivo de informar, conectar e valorizar a nossa comunidade de Ubirat\u00e3 e toda aregi\u00e3o. Com conte\u00fado atualizado, confi\u00e1vel e relevante, o Ubirat\u00e3 Online \u00e9 o seu espa\u00e7o para ficar por dentro dos principais acontecimentos locais, regionais, Brasil, Mundo e de interesse geral. Nosso compromisso \u00e9 com a verdade, a transpar\u00eancia e o respeito ao leitor.","legalName":"UBIRATA ONLINE NOT\u00cdCIAS","foundingDate":"2009-01-05","numberOfEmployees":{"@type":"QuantitativeValue","minValue":"1","maxValue":"10"},"publishingPrinciples":"https:\/\/ubirataonline.com.br\/faq\/","address":{"@id":"https:\/\/ubirataonline.com.br\/ministerio-publico-do-parana-em-campo-largo-realizara-atendimento-descentralizado-a-populacao-de-balsa-nova-nesta-sexta-feira-27-de-marco\/#local-main-place-address"},"geo":{"@type":"GeoCoordinates","latitude":"-24.5361401","longitude":"-52.9921776"},"telephone":["+5544998308235"],"contactPoint":{"@type":"ContactPoint","email":"contato@ubirataonline.com.br"},"openingHoursSpecification":{"@type":"OpeningHoursSpecification","dayOfWeek":["Monday","Tuesday","Wednesday","Thursday","Friday","Saturday","Sunday"],"opens":"00:00","closes":"23:59"},"email":"contato@ubirataonline.com.br","vatID":"47.621.418\/0001-80"},{"@type":"Person","@id":"https:\/\/ubirataonline.com.br\/#\/schema\/person\/372f87bbd3fdd79b8556b84c98d0bc1c","name":"REDA\u00c7\u00c3O: UBIRAT\u00c3 ONLINE - F\u00c1BIO AUGUSTO CELESTINO","pronouns":"Ele","description":"Desde 2003 trabalhando com not\u00edcias.","sameAs":["http:\/\/ubirataoline.com.br","https:\/\/www.facebook.com\/portalubirataonline","https:\/\/www.instagram.com\/ubirataonline_oficial","https:\/\/x.com\/x.com\/ubirataonline"],"honorificPrefix":"Mr.","honorificSuffix":"MD","birthDate":"1980-06-16","gender":"masculino","award":["V\u00e1rios pr\u00eamios de melhor portal da cidade"],"jobTitle":"Diretor","url":"https:\/\/ubirataonline.com.br\/en\/author\/ubirataonline\/"},{"@type":"PostalAddress","@id":"https:\/\/ubirataonline.com.br\/ministerio-publico-do-parana-em-campo-largo-realizara-atendimento-descentralizado-a-populacao-de-balsa-nova-nesta-sexta-feira-27-de-marco\/#local-main-place-address","streetAddress":"Rua dos Coqueiros, 104 - Bairro Boa Vista, Rua dos Coqueiros, 104 Bairro Boa Vista","addressLocality":"UBIRATA","postalCode":"85440-000","addressRegion":"PR","addressCountry":"BR"},{"@type":"ImageObject","inLanguage":"en-US","@id":"https:\/\/ubirataonline.com.br\/ministerio-publico-do-parana-em-campo-largo-realizara-atendimento-descentralizado-a-populacao-de-balsa-nova-nesta-sexta-feira-27-de-marco\/#local-main-organization-logo","url":"https:\/\/ubirataonline.com.br\/wp-content\/uploads\/2026\/06\/logoubirataonline-1.webp","contentUrl":"https:\/\/ubirataonline.com.br\/wp-content\/uploads\/2026\/06\/logoubirataonline-1.webp","width":500,"height":500,"caption":"Ubirat\u00e3 Online Not\u00edcias"}]},"geo.placename":"UBIRATA","geo.position":{"lat":"-24.5361401","long":"-52.9921776"},"geo.region":"Brazil"},"_links":{"self":[{"href":"https:\/\/ubirataonline.com.br\/en\/wp-json\/wp\/v2\/posts\/97072","targetHints":{"allow":["GET"]}}],"collection":[{"href":"https:\/\/ubirataonline.com.br\/en\/wp-json\/wp\/v2\/posts"}],"about":[{"href":"https:\/\/ubirataonline.com.br\/en\/wp-json\/wp\/v2\/types\/post"}],"author":[{"embeddable":true,"href":"https:\/\/ubirataonline.com.br\/en\/wp-json\/wp\/v2\/users\/1"}],"replies":[{"embeddable":true,"href":"https:\/\/ubirataonline.com.br\/en\/wp-json\/wp\/v2\/comments?post=97072"}],"version-history":[{"count":0,"href":"https:\/\/ubirataonline.com.br\/en\/wp-json\/wp\/v2\/posts\/97072\/revisions"}],"wp:featuredmedia":[{"embeddable":true,"href":"https:\/\/ubirataonline.com.br\/en\/wp-json\/wp\/v2\/media\/93476"}],"wp:attachment":[{"href":"https:\/\/ubirataonline.com.br\/en\/wp-json\/wp\/v2\/media?parent=97072"}],"wp:term":[{"taxonomy":"category","embeddable":true,"href":"https:\/\/ubirataonline.com.br\/en\/wp-json\/wp\/v2\/categories?post=97072"},{"taxonomy":"post_tag","embeddable":true,"href":"https:\/\/ubirataonline.com.br\/en\/wp-json\/wp\/v2\/tags?post=97072"}],"curies":[{"name":"wp","href":"https:\/\/api.w.org\/{rel}","templated":true}]}}