{"id":97079,"date":"2026-03-24T20:37:45","date_gmt":"2026-03-24T23:37:45","guid":{"rendered":"https:\/\/ubirataonline.com.br\/6-mitos-e-verdades-sobre-o-que-realmente-causa-gripe-e-resfriado\/"},"modified":"2026-03-24T20:37:47","modified_gmt":"2026-03-24T23:37:47","slug":"6-mitos-e-verdades-sobre-o-que-realmente-causa-gripe-e-resfriado","status":"publish","type":"post","link":"https:\/\/ubirataonline.com.br\/en\/6-mitos-e-verdades-sobre-o-que-realmente-causa-gripe-e-resfriado\/","title":{"rendered":"6 mitos e verdades sobre o que realmente causa gripe e resfriado"},"content":{"rendered":"<p><\/p>\n<div id=\"post-content\">\n<p>Com a mudan\u00e7a da esta\u00e7\u00e3o e das temperaturas, \u00e9 comum observarmos um aumento significativo nos casos de gripes e resfriados. No outono, o ar mais seco e a tend\u00eancia de permanecermos em locais fechados facilitam a circula\u00e7\u00e3o de v\u00edrus.<\/p>\n<p>Segundo dados recentes do Boletim InfoGripe da Funda\u00e7\u00e3o Oswaldo Cruz (Fiocruz), em todos os estados brasileiros, exceto no Tocantins, cresceu o n\u00famero de casos da S\u00edndrome Respirat\u00f3ria Aguda Grave (SRAG) nas \u00faltimas semanas, e o rinov\u00edrus lidera a positividade dos quadros, respons\u00e1vel por 40%, seguido por 20% de casos de influenza A.<\/p>\n<p>Com o frio, surgem diversas cren\u00e7as populares sobre o que realmente nos faz adoecer. Para ajudar a separar o que \u00e9 ci\u00eancia de mito, a infectologista Lu\u00edsa Chebabo, dos laborat\u00f3rios S\u00e9rgio Franco e Bronstein, da Dasa, no Rio de Janeiro, esclarece as principais d\u00favidas que tamb\u00e9m circulam nesta \u00e9poca do ano. Confira!<\/p>\n<h2 class=\"wp-block-heading\" id=\"h-1-ar-condicionado-ou-ventilador-causam-resfriado\">1.\u00a0Ar-condicionado ou ventilador causam resfriado<\/h2>\n<p><strong>Mito. <\/strong>Os causadores dos <strong><a href=\"https:\/\/portaledicase.com\/doencas-respiratorias-cuidados-para-proteger-a-saude-dos-idosos-no-outono\/\" target=\"_blank\" rel=\"noreferrer noopener\">quadros respirat\u00f3rios<\/a><\/strong> s\u00e3o os v\u00edrus, n\u00e3o o vento. Lu\u00edsa Chebabo explica que, no entanto, o ar-condicionado retira a umidade do ar, ressecando as mucosas do nariz e da garganta, que funcionam como nossa primeira linha de defesa, e isso pode prejudicar esses mecanismos de prote\u00e7\u00e3o.<\/p>\n<p>\u201cEssas altera\u00e7\u00f5es facilitam a entrada de agentes infecciosos que j\u00e1 estavam presentes no ambiente ou em nossas m\u00e3os. Isso mesmo, o grande perigo est\u00e1 nas nossas m\u00e3os, que transportam esses v\u00edrus, e isso, sim, causa a infec\u00e7\u00e3o, n\u00e3o o uso dos equipamentos de ventila\u00e7\u00e3o. Al\u00e9m disso, ambientes fechados e com pouca circula\u00e7\u00e3o de ar podem favorecer a concentra\u00e7\u00e3o de v\u00edrus, aumentando o risco de transmiss\u00e3o entre as pessoas\u201d, comenta.<\/p>\n<p>A m\u00e9dica afirma ainda que, se o filtro do ar-condicionado n\u00e3o estiver limpo, por exemplo, ele pode proliferar \u00e1caros, fungos e juntar poeira, que agravam alergias e rinites. \u201cPor isso, muitas pessoas confundem os sintomas e acham que \u2018pegaram\u2019 uma gripe ou resfriado, quando, na verdade, os al\u00e9rgenos do local desencadearam uma rea\u00e7\u00e3o.\u201d<\/p>\n<h2 class=\"wp-block-heading\" id=\"h-2-pegar-chuva-ou-sereno-causa-problemas-respiratorios\">2.\u00a0Pegar chuva ou sereno causa problemas respirat\u00f3rios<\/h2>\n<p><strong>Mito. <\/strong>\u201cNada disso faz com que voc\u00ea contraia uma infec\u00e7\u00e3o respirat\u00f3ria. Mas o frio das roupas molhadas pode potencializar a a\u00e7\u00e3o de algum pat\u00f3geno que j\u00e1 esteja em contato conosco\u201d, afirma a infectologista. Ela detalha que o frio pode causar estresse no <strong><a href=\"https:\/\/portaledicase.com\/alimentos-que-protegem-o-sistema-imunologico-no-frio\/\" target=\"_blank\" rel=\"noreferrer noopener\">sistema imunol\u00f3gico<\/a><\/strong>: \u201cNas temperaturas mais baixas, ocorre a vasoconstri\u00e7\u00e3o, ou seja, os vasos sangu\u00edneos das vias a\u00e9reas se contraem, e isso diminui o fluxo de sangue e, consequentemente, a chegada de gl\u00f3bulos brancos, c\u00e9lulas de defesa do corpo, deixando o organismo mais vulner\u00e1vel.\u201d<\/p>\n<div class=\"wp-block-image\">\n<figure class=\"aligncenter size-large\"><figcaption class=\"wp-element-caption\">Antecipar a vacina\u00e7\u00e3o garante anticorpos prontos e maior defesa contra infec\u00e7\u00f5es respirat\u00f3rias (Imagem: Pixel-Shot | Shutterstock)<\/figcaption><\/figure>\n<\/p><\/div>\n<h2 class=\"wp-block-heading\" id=\"h-3-nbsp-nao-devo-esperar-a-epoca-de-maior-circulacao-de-virus-para-me-vacinar\">3.\u00a0N\u00e3o devo esperar a \u00e9poca de maior circula\u00e7\u00e3o de v\u00edrus para me vacinar<\/h2>\n<p><strong>Verdade. <\/strong>De acordo com Alberto Chebabo, infectologista do Alta Diagn\u00f3sticos, no Rio de Janeiro, uma das principais armadilhas da sazonalidade \u00e9 acreditar que a vacina\u00e7\u00e3o deve ocorrer apenas quando o term\u00f4metro baixa ou os casos respirat\u00f3rios come\u00e7am a aumentar.<\/p>\n<p>\u201cTomar a vacina antes do per\u00edodo de maior circula\u00e7\u00e3o das doen\u00e7as \u00e9 a estrat\u00e9gia mais eficaz. A prote\u00e7\u00e3o precisa ser antecipada para que, quando o pico dos v\u00edrus chegar, o corpo j\u00e1 tenha anticorpos prontos, j\u00e1 que levamos cerca de 15 dias para processar a imunidade\u201d, revela.<\/p>\n<h2 class=\"wp-block-heading\" id=\"h-4-vitamina-c-previne-a-gripe\">4. Vitamina C previne a gripe<\/h2>\n<p><strong>Mito. <\/strong>Embora a <strong><a href=\"https:\/\/portaledicase.com\/8-frutas-ricas-em-vitamina-c-e-os-beneficios\/\" target=\"_blank\" rel=\"noreferrer noopener\">vitamina C<\/a><\/strong> seja essencial para o bom funcionamento do sistema imunol\u00f3gico, diversos estudos mostram que tom\u00e1-la em doses extras quando j\u00e1 se est\u00e1 doente ou como preven\u00e7\u00e3o di\u00e1ria n\u00e3o impede que haja a contamina\u00e7\u00e3o pelo v\u00edrus. O ideal \u00e9 manter uma dieta equilibrada a longo prazo.<\/p>\n<h2 class=\"wp-block-heading\" id=\"h-5-nbsp-beber-muita-agua-e-tomar-canja-de-galinha-ajudam-a-melhorar\">5.\u00a0Beber muita \u00e1gua e tomar canja de galinha ajudam a melhorar<\/h2>\n<p><strong>Verdade. <\/strong>A hidrata\u00e7\u00e3o \u00e9 parte fundamental no tratamento da gripe porque mant\u00e9m as mucosas das vias respirat\u00f3rias \u00famidas e \u00edntegras, facilitando a fluidez do muco e a expectora\u00e7\u00e3o. Al\u00e9m disso, beber muito l\u00edquido ajuda a repor as perdas causadas pela febre e pelo suor, combatendo a prostra\u00e7\u00e3o e auxiliando o sistema imunol\u00f3gico a trabalhar com mais efici\u00eancia na elimina\u00e7\u00e3o do v\u00edrus.<\/p>\n<p>Sobre a canja, Lu\u00edsa Chebabo afirma que tamb\u00e9m ajuda. \u201cN\u00e3o \u00e9 cren\u00e7a de v\u00f3. Ela melhora a <strong><a href=\"https:\/\/portaledicase.com\/veja-como-a-hidratacao-e-fundamental-no-processo-de-emagrecimento\/\" target=\"_blank\" rel=\"noreferrer noopener\">hidrata\u00e7\u00e3o<\/a><\/strong>, e o vapor quente do caldo ajuda na fluidez do muco nasal, facilitando a respira\u00e7\u00e3o. Al\u00e9m disso, a combina\u00e7\u00e3o de prote\u00ednas e vegetais oferece nutrientes importantes para a recupera\u00e7\u00e3o do corpo. Superv\u00e1lido como um \u2018rem\u00e9dio\u2019 caseiro\u201d, aconselha a m\u00e9dica.<\/p>\n<h2 class=\"wp-block-heading\" id=\"h-6-so-a-vacina-da-gripe-protege-contra-quadros-respiratorios\">6. S\u00f3 a vacina da gripe protege contra quadros respirat\u00f3rios<\/h2>\n<p><strong>Mito.<\/strong> Segundo a m\u00e9dica, hoje, a estrat\u00e9gia de imuniza\u00e7\u00e3o vai muito al\u00e9m da dose anual da vacina contra a gripe (influenza). Para idosos, atualmente, h\u00e1 a vacina de alta dosagem (como a Efluelda), exclusiva para maiores de 60 anos, com quatro vezes mais ant\u00edgenos, visando aumentar a resposta imunol\u00f3gica.<\/p>\n<p>Mas a ci\u00eancia oferece ainda outras prote\u00e7\u00f5es, como a vacina contra o V\u00edrus Sincicial Respirat\u00f3rio (VSR), o maior vil\u00e3o das interna\u00e7\u00f5es por infec\u00e7\u00f5es respirat\u00f3rias em crian\u00e7as pequenas e que tamb\u00e9m pode causar quadros graves em idosos. Nesse caso, o imunizante Abrysvo \u00e9 indicado para gestantes entre a 24\u00aa e a 36\u00aa semana, pois transfere anticorpos vitais para o feto atrav\u00e9s da placenta, e para idosos, para evitar casos de pneumonia grave. J\u00e1 o Beyfortus (nirsevimabe) \u00e9 um anticorpo monoclonal de a\u00e7\u00e3o imediata para rec\u00e9m-nascidos que os protege da bronquiolite causada pelo VSR.<\/p>\n<p>Al\u00e9m desses exemplos, Lu\u00edsa Chebabo cita ainda as vacinas contra a Covid-19, capazes de evitar a s\u00edndrome <strong><a href=\"https:\/\/portaledicase.com\/dicas-para-proteger-as-criancas-das-doencas-respiratorias\/\" target=\"_blank\" rel=\"noreferrer noopener\">respirat\u00f3ria<\/a><\/strong> aguda grave pelo Sars-CoV-2, e a Pneumoc\u00f3cica, cuja prote\u00e7\u00e3o mais ampliada e moderna \u00e9 a 20-valente, que imuniza contra 20 tipos de\u00a0<em>Streptococcus pneumoniae<\/em>, os maiores causadores de pneumonia bacteriana.<\/p>\n<p><em>Por Rachel Lopes<\/em><\/p>\n<section class=\"virals\">\n<article class=\"cardnews cardnews--post cardnews--has-thumbnail cardnews--editorial-noticias\"> <a href=\"https:\/\/www.tribunapr.com.br\/noticias\/parana\/golpe-do-ipva-engana-profissional-da-tecnologia-no-parana-como-evitar-a-fraude\/?utm_source=noticias-virais-rodape&amp;utm_medium=internal-tribuna&amp;utm_campaign=tribuna\" class=\"cardnews__postlink\"> <\/p>\n<div class=\"cardnews__image\" is-api-thumb=\"\"><img decoding=\"async\" src=\"https:\/\/www.tribunapr.com.br\/wp-content\/uploads\/2026\/02\/06122251\/golpe-ipva-detranpr-370x210.jpeg\" loading=\"lazy\" alt=\"At\u00e9 especialistas ca\u00edram: o detalhe no boleto do IPVA que rouba seu dinheiro\"\/><\/div>\n<div class=\"cardnews__content cardhome__content\">\n<div class=\"cardnews__content-wrapper\">\n<p> <span style=\"\"> Fique atento! <\/span> <\/p>\n<p>At\u00e9 especialistas ca\u00edram: o detalhe no boleto do IPVA que rouba seu dinheiro<\/p>\n<\/p><\/div>\n<\/p><\/div>\n<p> <\/a> <\/article>\n<article class=\"cardnews cardnews--post cardnews--has-thumbnail cardnews--editorial-noticias\"> <a href=\"https:\/\/www.tribunapr.com.br\/noticias\/curitiba-regiao\/litoral-do-parana-passa-a-figurar-entre-os-mais-valorizados-do-pais\/?utm_source=noticias-virais-rodape&amp;utm_medium=internal-tribuna&amp;utm_campaign=tribuna\" class=\"cardnews__postlink\"> <\/p>\n<div class=\"cardnews__image\" is-api-thumb=\"\"><img decoding=\"async\" src=\"https:\/\/www.tribunapr.com.br\/wp-content\/uploads\/2026\/02\/04151141\/matinhos-litoral-370x210.jpg\" loading=\"lazy\" alt=\"Adeus, pre\u00e7os baixos? Esta regi\u00e3o do Paran\u00e1 virou a nova 'mina de ouro'\"\/><\/div>\n<div class=\"cardnews__content cardhome__content\">\n<div class=\"cardnews__content-wrapper\">\n<p> <span style=\"\"> Mercado imobili\u00e1rio <\/span> <\/p>\n<p>Adeus, pre\u00e7os baixos? Esta regi\u00e3o do Paran\u00e1 virou a nova &#8216;mina de ouro&#8217;<\/p>\n<\/p><\/div>\n<\/p><\/div>\n<p> <\/a> <\/article>\n<article class=\"cardnews cardnews--post cardnews--has-thumbnail cardnews--editorial-noticias\"> <a href=\"https:\/\/www.tribunapr.com.br\/blogs\/rango-barateza\/biscoitos-da-vovo-elza-tradicao-que-nasceu-do-afeto-e-conquistou-curitiba\/?utm_source=noticias-virais-rodape&amp;utm_medium=internal-tribuna&amp;utm_campaign=tribuna\" class=\"cardnews__postlink\"> <\/p>\n<div class=\"cardnews__image\" is-api-thumb=\"\"><img decoding=\"async\" src=\"https:\/\/www.tribunapr.com.br\/wp-content\/uploads\/2026\/02\/06135141\/vovo-elza-02-770x440-1-370x210.webp\" loading=\"lazy\" alt=\"O segredo de Curitiba: como uma receita de fam\u00edlia virou um imp\u00e9rio do afeto\"\/><\/div>\n<div class=\"cardnews__content cardhome__content\">\n<div class=\"cardnews__content-wrapper\">\n<p> <span style=\"\"> Rango Barateza! <\/span> <\/p>\n<p>O segredo de Curitiba: como uma receita de fam\u00edlia virou um imp\u00e9rio do afeto<\/p>\n<\/p><\/div>\n<\/p><\/div>\n<p> <\/a> <\/article>\n<\/section>\n<div id=\"tribuna-follow-cta\">\n<p> <span class=\"cta-title\">Siga a <span class=\"tribuna-color\">Tribuna<\/span> no Google, e acompanhe as \u00faltimas not\u00edcias de Curitiba e regi\u00e3o!<\/span> <\/p>\n<p> <a href=\"https:\/\/profile.google.com\/cp\/CgwvZy8xMmxxajUzM3Mac2h0dHBzOi8vd3d3LnRyaWJ1bmFwci5jb20uYnIvdml2YS92aXRyaW5lL2dpZ2FudGUtZG8tdmVzdHVhcmlvLXJlaW5hdWd1cmEtbG9qYS1lbS1zaG9wcGluZy10cmFkaWNpb25hbC1kZS1jdXJpdGliYS8iElRyaWJ1bmEgZG8gUGFyYW7DoSqAAwrHAWh0dHBzOi8vZW5jcnlwdGVkLXRibjIuZ3N0YXRpYy5jb20vZmF2aWNvbi10Ym4_cT10Ym46QU5kOUdjUVJPbjVDRjR6TzJPbkUwTXZrRlRCRTY2U0g1bGlaVDRaZTV3bWNKeU5GRm1BSnluM01nNU9PR3BXY1pYMzZwYU5HUWtsZ09JVEFLTTNNZVNGbTc1aWp6M3k2ajUtQ3M2b25kX2JUcFFQQkVLd3RsUjBsTmJESnUtVHhrNXQtbFlCNlVpOWZSVVFjT2cSswFodHRwczovL2VuY3J5cHRlZC10Ym4zLmdzdGF0aWMuY29tL2Zhdmljb24tdGJuP3E9dGJuJTNBQU5kOUdjU0FMaWJ2eFF0YXdFMFRueVdWWmVKRS1MZEdRZjVTUi1OZ2RMazhyZzIwVy1nM0JuQ1F4VDNKZFBjRXR2THdBeVRxUDJEdHVycEdVR29CQkxpYzM5al9wSmFxRERaMHNCYW05WEVhSGVsMmZTQmdKdlF4WWVyMw\" target=\"_blank\" title=\"Seguir a Tribuna no Google\">  <\/a> <\/div>\n<\/p><\/div>\n<p><a href=\"https:\/\/www.tribunapr.com.br\/variedades\/6-mitos-e-verdades-sobre-o-que-realmente-causa-gripe-e-resfriado\/\">Fonte do Artigo <\/a><\/p>","protected":false},"excerpt":{"rendered":"<p>Com a mudan\u00e7a da esta\u00e7\u00e3o e das temperaturas, \u00e9 comum observarmos um aumento significativo nos casos de gripes e resfriados. No outono, o ar mais seco e a tend\u00eancia de permanecermos em locais fechados facilitam a circula\u00e7\u00e3o de v\u00edrus. Segundo dados recentes do Boletim InfoGripe da Funda\u00e7\u00e3o Oswaldo Cruz (Fiocruz), em todos os estados brasileiros, [&hellip;]<\/p>\n","protected":false},"author":1,"featured_media":97080,"comment_status":"closed","ping_status":"","sticky":false,"template":"","format":"standard","meta":{"googlesitekit_rrm_CAow2JLhCw:productID":"","_gspb_post_css":"","maa_idioma":"","maa_pais":"","footnotes":""},"categories":[1],"tags":[3422,23819,3556,23818,23820,3203,5984],"class_list":["post-97079","post","type-post","status-publish","format-standard","has-post-thumbnail","hentry","category-ubirata","tag-causa","tag-gripe","tag-mitos","tag-realmente","tag-resfriado","tag-sobre","tag-verdades"],"blocksy_meta":[],"yoast_head":"<!-- This site is optimized with the Yoast SEO Premium plugin v27.6 (Yoast SEO v27.6) - https:\/\/yoast.com\/product\/yoast-seo-premium-wordpress\/ -->\n<title>6 mitos e verdades sobre o que realmente causa gripe e resfriado - Ubirat\u00e3 Online Not\u00edcias - A realidade ao seu alcance!<\/title>\n<meta name=\"description\" content=\"Com a mudan\u00e7a da esta\u00e7\u00e3o e das temperaturas, \u00e9 comum observarmos um aumento significativo nos casos de gripes e resfriados. No outono, o ar mais seco e a\" \/>\n<meta name=\"robots\" content=\"index, follow, max-snippet:-1, max-image-preview:large, max-video-preview:-1\" \/>\n<link rel=\"canonical\" href=\"https:\/\/ubirataonline.com.br\/en\/6-mitos-e-verdades-sobre-o-que-realmente-causa-gripe-e-resfriado\/\" \/>\n<meta property=\"og:locale\" content=\"en_US\" \/>\n<meta property=\"og:type\" content=\"article\" \/>\n<meta property=\"og:title\" content=\"6 mitos e verdades sobre o que realmente causa gripe e resfriado\" \/>\n<meta property=\"og:description\" content=\"Com a mudan\u00e7a da esta\u00e7\u00e3o e das temperaturas, \u00e9 comum observarmos um aumento significativo nos casos de gripes e resfriados. No outono, o ar mais seco e a\" \/>\n<meta property=\"og:url\" content=\"https:\/\/ubirataonline.com.br\/en\/6-mitos-e-verdades-sobre-o-que-realmente-causa-gripe-e-resfriado\/\" \/>\n<meta property=\"og:site_name\" content=\"Ubirat\u00e3 Online Not\u00edcias - A realidade ao seu alcance!\" \/>\n<meta property=\"article:publisher\" content=\"https:\/\/www.facebook.com\/portalubirataonline\" \/>\n<meta property=\"article:author\" content=\"https:\/\/www.facebook.com\/portalubirataonline\" \/>\n<meta property=\"article:published_time\" content=\"2026-03-24T23:37:45+00:00\" \/>\n<meta property=\"article:modified_time\" content=\"2026-03-24T23:37:47+00:00\" \/>\n<meta property=\"og:image\" content=\"https:\/\/ubirataonline.com.br\/wp-content\/uploads\/2026\/03\/6-mitos-e-verdades-sobre-o-que-realmente-causa-gripe.jpg\" \/>\n\t<meta property=\"og:image:width\" content=\"1200\" \/>\n\t<meta property=\"og:image:height\" content=\"800\" \/>\n\t<meta property=\"og:image:type\" content=\"image\/jpeg\" \/>\n<meta name=\"author\" content=\"REDA\u00c7\u00c3O: UBIRAT\u00c3 ONLINE - F\u00c1BIO AUGUSTO CELESTINO\" \/>\n<meta name=\"twitter:card\" content=\"summary_large_image\" \/>\n<meta name=\"twitter:creator\" content=\"@x.com\/ubirataonline\" \/>\n<meta name=\"twitter:site\" content=\"@ubirataonline\" \/>\n<meta name=\"twitter:label1\" content=\"Written by\" \/>\n\t<meta name=\"twitter:data1\" content=\"REDA\u00c7\u00c3O: UBIRAT\u00c3 ONLINE - F\u00c1BIO AUGUSTO CELESTINO\" \/>\n\t<meta name=\"twitter:label2\" content=\"Est. reading time\" \/>\n\t<meta name=\"twitter:data2\" content=\"5 minutes\" \/>\n<script type=\"application\/ld+json\" class=\"yoast-schema-graph\">{\"@context\":\"https:\\\/\\\/schema.org\",\"@graph\":[{\"@type\":\"NewsArticle\",\"@id\":\"https:\\\/\\\/ubirataonline.com.br\\\/6-mitos-e-verdades-sobre-o-que-realmente-causa-gripe-e-resfriado\\\/#article\",\"isPartOf\":{\"@id\":\"https:\\\/\\\/ubirataonline.com.br\\\/6-mitos-e-verdades-sobre-o-que-realmente-causa-gripe-e-resfriado\\\/\"},\"author\":{\"name\":\"REDA\u00c7\u00c3O: UBIRAT\u00c3 ONLINE - F\u00c1BIO AUGUSTO CELESTINO\",\"@id\":\"https:\\\/\\\/ubirataonline.com.br\\\/#\\\/schema\\\/person\\\/372f87bbd3fdd79b8556b84c98d0bc1c\"},\"headline\":\"6 mitos e verdades sobre o que realmente causa gripe e resfriado\",\"datePublished\":\"2026-03-24T23:37:45+00:00\",\"dateModified\":\"2026-03-24T23:37:47+00:00\",\"mainEntityOfPage\":{\"@id\":\"https:\\\/\\\/ubirataonline.com.br\\\/6-mitos-e-verdades-sobre-o-que-realmente-causa-gripe-e-resfriado\\\/\"},\"wordCount\":1100,\"publisher\":{\"@id\":\"https:\\\/\\\/ubirataonline.com.br\\\/#organization\"},\"image\":{\"@id\":\"https:\\\/\\\/ubirataonline.com.br\\\/6-mitos-e-verdades-sobre-o-que-realmente-causa-gripe-e-resfriado\\\/#primaryimage\"},\"thumbnailUrl\":\"https:\\\/\\\/ubirataonline.com.br\\\/wp-content\\\/uploads\\\/2026\\\/03\\\/6-mitos-e-verdades-sobre-o-que-realmente-causa-gripe.jpg\",\"keywords\":[\"causa\",\"gripe\",\"mitos\",\"realmente\",\"resfriado\",\"sobre\",\"verdades\"],\"articleSection\":[\"Ubirat\u00e3\"],\"inLanguage\":\"en-US\",\"copyrightYear\":\"2026\",\"copyrightHolder\":{\"@id\":\"https:\\\/\\\/ubirataonline.com.br\\\/en\\\/#organization\"}},{\"@type\":\"WebPage\",\"@id\":\"https:\\\/\\\/ubirataonline.com.br\\\/6-mitos-e-verdades-sobre-o-que-realmente-causa-gripe-e-resfriado\\\/\",\"url\":\"https:\\\/\\\/ubirataonline.com.br\\\/6-mitos-e-verdades-sobre-o-que-realmente-causa-gripe-e-resfriado\\\/\",\"name\":\"6 mitos e verdades sobre o que realmente causa gripe e resfriado - Ubirat\u00e3 Online Not\u00edcias - A realidade ao seu alcance!\",\"isPartOf\":{\"@id\":\"https:\\\/\\\/ubirataonline.com.br\\\/#website\"},\"primaryImageOfPage\":{\"@id\":\"https:\\\/\\\/ubirataonline.com.br\\\/6-mitos-e-verdades-sobre-o-que-realmente-causa-gripe-e-resfriado\\\/#primaryimage\"},\"image\":{\"@id\":\"https:\\\/\\\/ubirataonline.com.br\\\/6-mitos-e-verdades-sobre-o-que-realmente-causa-gripe-e-resfriado\\\/#primaryimage\"},\"thumbnailUrl\":\"https:\\\/\\\/ubirataonline.com.br\\\/wp-content\\\/uploads\\\/2026\\\/03\\\/6-mitos-e-verdades-sobre-o-que-realmente-causa-gripe.jpg\",\"datePublished\":\"2026-03-24T23:37:45+00:00\",\"dateModified\":\"2026-03-24T23:37:47+00:00\",\"description\":\"Com a mudan\u00e7a da esta\u00e7\u00e3o e das temperaturas, \u00e9 comum observarmos um aumento significativo nos casos de gripes e resfriados. No outono, o ar mais seco e a\",\"breadcrumb\":{\"@id\":\"https:\\\/\\\/ubirataonline.com.br\\\/6-mitos-e-verdades-sobre-o-que-realmente-causa-gripe-e-resfriado\\\/#breadcrumb\"},\"inLanguage\":\"en-US\",\"potentialAction\":[{\"@type\":\"ReadAction\",\"target\":[\"https:\\\/\\\/ubirataonline.com.br\\\/6-mitos-e-verdades-sobre-o-que-realmente-causa-gripe-e-resfriado\\\/\"]}]},{\"@type\":\"ImageObject\",\"inLanguage\":\"en-US\",\"@id\":\"https:\\\/\\\/ubirataonline.com.br\\\/6-mitos-e-verdades-sobre-o-que-realmente-causa-gripe-e-resfriado\\\/#primaryimage\",\"url\":\"https:\\\/\\\/ubirataonline.com.br\\\/wp-content\\\/uploads\\\/2026\\\/03\\\/6-mitos-e-verdades-sobre-o-que-realmente-causa-gripe.jpg\",\"contentUrl\":\"https:\\\/\\\/ubirataonline.com.br\\\/wp-content\\\/uploads\\\/2026\\\/03\\\/6-mitos-e-verdades-sobre-o-que-realmente-causa-gripe.jpg\",\"width\":1200,\"height\":800,\"caption\":\"Vacina\u00e7\u00e3o, hidrata\u00e7\u00e3o e alguns h\u00e1bitos do dia a dia podem ajudar a prevenir e aliviar quadros de gripes e resfriados (Imagem: Dragana Gordic | Shutterstock)\"},{\"@type\":\"BreadcrumbList\",\"@id\":\"https:\\\/\\\/ubirataonline.com.br\\\/6-mitos-e-verdades-sobre-o-que-realmente-causa-gripe-e-resfriado\\\/#breadcrumb\",\"itemListElement\":[{\"@type\":\"ListItem\",\"position\":1,\"name\":\"In\u00edcio\",\"item\":\"https:\\\/\\\/ubirataonline.com.br\\\/\"},{\"@type\":\"ListItem\",\"position\":2,\"name\":\"6 mitos e verdades sobre o que realmente causa gripe e resfriado\"}]},{\"@type\":\"WebSite\",\"@id\":\"https:\\\/\\\/ubirataonline.com.br\\\/#website\",\"url\":\"https:\\\/\\\/ubirataonline.com.br\\\/\",\"name\":\"Ubirat\u00e3 Online Not\u00edcias\",\"description\":\"Not\u00edcias de Ubirat\u00e3, regi\u00e3o, Brasil e mundo, com informa\u00e7\u00e3o atualizada e compromisso com o leitor.\",\"publisher\":{\"@id\":\"https:\\\/\\\/ubirataonline.com.br\\\/#organization\"},\"alternateName\":\"Ubirat\u00e3 Online\",\"potentialAction\":[{\"@type\":\"SearchAction\",\"target\":{\"@type\":\"EntryPoint\",\"urlTemplate\":\"https:\\\/\\\/ubirataonline.com.br\\\/?s={search_term_string}\"},\"query-input\":{\"@type\":\"PropertyValueSpecification\",\"valueRequired\":true,\"valueName\":\"search_term_string\"}}],\"inLanguage\":\"en-US\"},{\"@type\":[\"Organization\",\"Place\"],\"@id\":\"https:\\\/\\\/ubirataonline.com.br\\\/#organization\",\"name\":\"Ubirat\u00e3 Online Not\u00edcias\",\"alternateName\":\"Ubirat\u00e3 Online\",\"url\":\"https:\\\/\\\/ubirataonline.com.br\\\/\",\"logo\":{\"@id\":\"https:\\\/\\\/ubirataonline.com.br\\\/6-mitos-e-verdades-sobre-o-que-realmente-causa-gripe-e-resfriado\\\/#local-main-organization-logo\"},\"image\":{\"@id\":\"https:\\\/\\\/ubirataonline.com.br\\\/6-mitos-e-verdades-sobre-o-que-realmente-causa-gripe-e-resfriado\\\/#local-main-organization-logo\"},\"sameAs\":[\"https:\\\/\\\/www.facebook.com\\\/portalubirataonline\",\"https:\\\/\\\/x.com\\\/ubirataonline\",\"https:\\\/\\\/mastodon.social\\\/@ubirataonline\",\"https:\\\/\\\/www.facebook.com\\\/groups\\\/311144672285604\",\"https:\\\/\\\/www.facebook.com\\\/UBTAOnline\",\"https:\\\/\\\/www.instagram.com\\\/portalubirataonline\\\/\",\"https:\\\/\\\/twitter.com\\\/ubirataonline\"],\"description\":\"Somos um portal de not\u00edcias independente, criado em 5 de janeiro de 2009, com o objetivo de informar, conectar e valorizar a nossa comunidade de Ubirat\u00e3 e toda aregi\u00e3o. Com conte\u00fado atualizado, confi\u00e1vel e relevante, o Ubirat\u00e3 Online \u00e9 o seu espa\u00e7o para ficar por dentro dos principais acontecimentos locais, regionais, Brasil, Mundo e de interesse geral. Nosso compromisso \u00e9 com a verdade, a transpar\u00eancia e o respeito ao leitor.\",\"legalName\":\"UBIRATA ONLINE NOT\u00cdCIAS\",\"foundingDate\":\"2009-01-05\",\"numberOfEmployees\":{\"@type\":\"QuantitativeValue\",\"minValue\":\"1\",\"maxValue\":\"10\"},\"publishingPrinciples\":\"https:\\\/\\\/ubirataonline.com.br\\\/faq\\\/\",\"address\":{\"@id\":\"https:\\\/\\\/ubirataonline.com.br\\\/6-mitos-e-verdades-sobre-o-que-realmente-causa-gripe-e-resfriado\\\/#local-main-place-address\"},\"geo\":{\"@type\":\"GeoCoordinates\",\"latitude\":\"-24.5361401\",\"longitude\":\"-52.9921776\"},\"telephone\":[\"+5544998308235\"],\"contactPoint\":{\"@type\":\"ContactPoint\",\"email\":\"contato@ubirataonline.com.br\"},\"openingHoursSpecification\":{\"@type\":\"OpeningHoursSpecification\",\"dayOfWeek\":[\"Monday\",\"Tuesday\",\"Wednesday\",\"Thursday\",\"Friday\",\"Saturday\",\"Sunday\"],\"opens\":\"00:00\",\"closes\":\"23:59\"},\"email\":\"contato@ubirataonline.com.br\",\"vatID\":\"47.621.418\\\/0001-80\"},{\"@type\":\"Person\",\"@id\":\"https:\\\/\\\/ubirataonline.com.br\\\/#\\\/schema\\\/person\\\/372f87bbd3fdd79b8556b84c98d0bc1c\",\"name\":\"REDA\u00c7\u00c3O: UBIRAT\u00c3 ONLINE - F\u00c1BIO AUGUSTO CELESTINO\",\"pronouns\":\"Ele\",\"description\":\"Desde 2003 trabalhando com not\u00edcias.\",\"sameAs\":[\"http:\\\/\\\/ubirataoline.com.br\",\"https:\\\/\\\/www.facebook.com\\\/portalubirataonline\",\"https:\\\/\\\/www.instagram.com\\\/ubirataonline_oficial\",\"https:\\\/\\\/x.com\\\/x.com\\\/ubirataonline\"],\"honorificPrefix\":\"Mr.\",\"honorificSuffix\":\"MD\",\"birthDate\":\"1980-06-16\",\"gender\":\"masculino\",\"award\":[\"V\u00e1rios pr\u00eamios de melhor portal da cidade\"],\"jobTitle\":\"Diretor\",\"url\":\"https:\\\/\\\/ubirataonline.com.br\\\/en\\\/author\\\/ubirataonline\\\/\"},{\"@type\":\"PostalAddress\",\"@id\":\"https:\\\/\\\/ubirataonline.com.br\\\/6-mitos-e-verdades-sobre-o-que-realmente-causa-gripe-e-resfriado\\\/#local-main-place-address\",\"streetAddress\":\"Rua dos Coqueiros, 104 - Bairro Boa Vista, Rua dos Coqueiros, 104 Bairro Boa Vista\",\"addressLocality\":\"UBIRATA\",\"postalCode\":\"85440-000\",\"addressRegion\":\"PR\",\"addressCountry\":\"BR\"},{\"@type\":\"ImageObject\",\"inLanguage\":\"en-US\",\"@id\":\"https:\\\/\\\/ubirataonline.com.br\\\/6-mitos-e-verdades-sobre-o-que-realmente-causa-gripe-e-resfriado\\\/#local-main-organization-logo\",\"url\":\"https:\\\/\\\/ubirataonline.com.br\\\/wp-content\\\/uploads\\\/2026\\\/06\\\/logoubirataonline-1.webp\",\"contentUrl\":\"https:\\\/\\\/ubirataonline.com.br\\\/wp-content\\\/uploads\\\/2026\\\/06\\\/logoubirataonline-1.webp\",\"width\":500,\"height\":500,\"caption\":\"Ubirat\u00e3 Online Not\u00edcias\"}]}<\/script>\n<meta name=\"geo.placename\" content=\"UBIRATA\" \/>\n<meta name=\"geo.position\" content=\"-24.5361401;-52.9921776\" \/>\n<meta name=\"geo.region\" content=\"Brazil\" \/>\n<!-- \/ Yoast SEO Premium plugin. -->","yoast_head_json":{"title":"6 mitos e verdades sobre o que realmente causa gripe e resfriado - Ubirat\u00e3 Online Not\u00edcias - A realidade ao seu alcance!","description":"Com a mudan\u00e7a da esta\u00e7\u00e3o e das temperaturas, \u00e9 comum observarmos um aumento significativo nos casos de gripes e resfriados. No outono, o ar mais seco e a","robots":{"index":"index","follow":"follow","max-snippet":"max-snippet:-1","max-image-preview":"max-image-preview:large","max-video-preview":"max-video-preview:-1"},"canonical":"https:\/\/ubirataonline.com.br\/en\/6-mitos-e-verdades-sobre-o-que-realmente-causa-gripe-e-resfriado\/","og_locale":"en_US","og_type":"article","og_title":"6 mitos e verdades sobre o que realmente causa gripe e resfriado","og_description":"Com a mudan\u00e7a da esta\u00e7\u00e3o e das temperaturas, \u00e9 comum observarmos um aumento significativo nos casos de gripes e resfriados. No outono, o ar mais seco e a","og_url":"https:\/\/ubirataonline.com.br\/en\/6-mitos-e-verdades-sobre-o-que-realmente-causa-gripe-e-resfriado\/","og_site_name":"Ubirat\u00e3 Online Not\u00edcias - A realidade ao seu alcance!","article_publisher":"https:\/\/www.facebook.com\/portalubirataonline","article_author":"https:\/\/www.facebook.com\/portalubirataonline","article_published_time":"2026-03-24T23:37:45+00:00","article_modified_time":"2026-03-24T23:37:47+00:00","og_image":[{"width":1200,"height":800,"url":"https:\/\/ubirataonline.com.br\/wp-content\/uploads\/2026\/03\/6-mitos-e-verdades-sobre-o-que-realmente-causa-gripe.jpg","type":"image\/jpeg"}],"author":"REDA\u00c7\u00c3O: UBIRAT\u00c3 ONLINE - F\u00c1BIO AUGUSTO CELESTINO","twitter_card":"summary_large_image","twitter_creator":"@x.com\/ubirataonline","twitter_site":"@ubirataonline","twitter_misc":{"Written by":"REDA\u00c7\u00c3O: UBIRAT\u00c3 ONLINE - F\u00c1BIO AUGUSTO CELESTINO","Est. reading time":"5 minutes"},"schema":{"@context":"https:\/\/schema.org","@graph":[{"@type":"NewsArticle","@id":"https:\/\/ubirataonline.com.br\/6-mitos-e-verdades-sobre-o-que-realmente-causa-gripe-e-resfriado\/#article","isPartOf":{"@id":"https:\/\/ubirataonline.com.br\/6-mitos-e-verdades-sobre-o-que-realmente-causa-gripe-e-resfriado\/"},"author":{"name":"REDA\u00c7\u00c3O: UBIRAT\u00c3 ONLINE - F\u00c1BIO AUGUSTO CELESTINO","@id":"https:\/\/ubirataonline.com.br\/#\/schema\/person\/372f87bbd3fdd79b8556b84c98d0bc1c"},"headline":"6 mitos e verdades sobre o que realmente causa gripe e resfriado","datePublished":"2026-03-24T23:37:45+00:00","dateModified":"2026-03-24T23:37:47+00:00","mainEntityOfPage":{"@id":"https:\/\/ubirataonline.com.br\/6-mitos-e-verdades-sobre-o-que-realmente-causa-gripe-e-resfriado\/"},"wordCount":1100,"publisher":{"@id":"https:\/\/ubirataonline.com.br\/#organization"},"image":{"@id":"https:\/\/ubirataonline.com.br\/6-mitos-e-verdades-sobre-o-que-realmente-causa-gripe-e-resfriado\/#primaryimage"},"thumbnailUrl":"https:\/\/ubirataonline.com.br\/wp-content\/uploads\/2026\/03\/6-mitos-e-verdades-sobre-o-que-realmente-causa-gripe.jpg","keywords":["causa","gripe","mitos","realmente","resfriado","sobre","verdades"],"articleSection":["Ubirat\u00e3"],"inLanguage":"en-US","copyrightYear":"2026","copyrightHolder":{"@id":"https:\/\/ubirataonline.com.br\/en\/#organization"}},{"@type":"WebPage","@id":"https:\/\/ubirataonline.com.br\/6-mitos-e-verdades-sobre-o-que-realmente-causa-gripe-e-resfriado\/","url":"https:\/\/ubirataonline.com.br\/6-mitos-e-verdades-sobre-o-que-realmente-causa-gripe-e-resfriado\/","name":"6 mitos e verdades sobre o que realmente causa gripe e resfriado - Ubirat\u00e3 Online Not\u00edcias - A realidade ao seu alcance!","isPartOf":{"@id":"https:\/\/ubirataonline.com.br\/#website"},"primaryImageOfPage":{"@id":"https:\/\/ubirataonline.com.br\/6-mitos-e-verdades-sobre-o-que-realmente-causa-gripe-e-resfriado\/#primaryimage"},"image":{"@id":"https:\/\/ubirataonline.com.br\/6-mitos-e-verdades-sobre-o-que-realmente-causa-gripe-e-resfriado\/#primaryimage"},"thumbnailUrl":"https:\/\/ubirataonline.com.br\/wp-content\/uploads\/2026\/03\/6-mitos-e-verdades-sobre-o-que-realmente-causa-gripe.jpg","datePublished":"2026-03-24T23:37:45+00:00","dateModified":"2026-03-24T23:37:47+00:00","description":"Com a mudan\u00e7a da esta\u00e7\u00e3o e das temperaturas, \u00e9 comum observarmos um aumento significativo nos casos de gripes e resfriados. No outono, o ar mais seco e a","breadcrumb":{"@id":"https:\/\/ubirataonline.com.br\/6-mitos-e-verdades-sobre-o-que-realmente-causa-gripe-e-resfriado\/#breadcrumb"},"inLanguage":"en-US","potentialAction":[{"@type":"ReadAction","target":["https:\/\/ubirataonline.com.br\/6-mitos-e-verdades-sobre-o-que-realmente-causa-gripe-e-resfriado\/"]}]},{"@type":"ImageObject","inLanguage":"en-US","@id":"https:\/\/ubirataonline.com.br\/6-mitos-e-verdades-sobre-o-que-realmente-causa-gripe-e-resfriado\/#primaryimage","url":"https:\/\/ubirataonline.com.br\/wp-content\/uploads\/2026\/03\/6-mitos-e-verdades-sobre-o-que-realmente-causa-gripe.jpg","contentUrl":"https:\/\/ubirataonline.com.br\/wp-content\/uploads\/2026\/03\/6-mitos-e-verdades-sobre-o-que-realmente-causa-gripe.jpg","width":1200,"height":800,"caption":"Vacina\u00e7\u00e3o, hidrata\u00e7\u00e3o e alguns h\u00e1bitos do dia a dia podem ajudar a prevenir e aliviar quadros de gripes e resfriados (Imagem: Dragana Gordic | Shutterstock)"},{"@type":"BreadcrumbList","@id":"https:\/\/ubirataonline.com.br\/6-mitos-e-verdades-sobre-o-que-realmente-causa-gripe-e-resfriado\/#breadcrumb","itemListElement":[{"@type":"ListItem","position":1,"name":"In\u00edcio","item":"https:\/\/ubirataonline.com.br\/"},{"@type":"ListItem","position":2,"name":"6 mitos e verdades sobre o que realmente causa gripe e resfriado"}]},{"@type":"WebSite","@id":"https:\/\/ubirataonline.com.br\/#website","url":"https:\/\/ubirataonline.com.br\/","name":"Ubirat\u00e3 Online Not\u00edcias","description":"Not\u00edcias de Ubirat\u00e3, regi\u00e3o, Brasil e mundo, com informa\u00e7\u00e3o atualizada e compromisso com o leitor.","publisher":{"@id":"https:\/\/ubirataonline.com.br\/#organization"},"alternateName":"Ubirat\u00e3 Online","potentialAction":[{"@type":"SearchAction","target":{"@type":"EntryPoint","urlTemplate":"https:\/\/ubirataonline.com.br\/?s={search_term_string}"},"query-input":{"@type":"PropertyValueSpecification","valueRequired":true,"valueName":"search_term_string"}}],"inLanguage":"en-US"},{"@type":["Organization","Place"],"@id":"https:\/\/ubirataonline.com.br\/#organization","name":"Ubirat\u00e3 Online Not\u00edcias","alternateName":"Ubirat\u00e3 Online","url":"https:\/\/ubirataonline.com.br\/","logo":{"@id":"https:\/\/ubirataonline.com.br\/6-mitos-e-verdades-sobre-o-que-realmente-causa-gripe-e-resfriado\/#local-main-organization-logo"},"image":{"@id":"https:\/\/ubirataonline.com.br\/6-mitos-e-verdades-sobre-o-que-realmente-causa-gripe-e-resfriado\/#local-main-organization-logo"},"sameAs":["https:\/\/www.facebook.com\/portalubirataonline","https:\/\/x.com\/ubirataonline","https:\/\/mastodon.social\/@ubirataonline","https:\/\/www.facebook.com\/groups\/311144672285604","https:\/\/www.facebook.com\/UBTAOnline","https:\/\/www.instagram.com\/portalubirataonline\/","https:\/\/twitter.com\/ubirataonline"],"description":"Somos um portal de not\u00edcias independente, criado em 5 de janeiro de 2009, com o objetivo de informar, conectar e valorizar a nossa comunidade de Ubirat\u00e3 e toda aregi\u00e3o. Com conte\u00fado atualizado, confi\u00e1vel e relevante, o Ubirat\u00e3 Online \u00e9 o seu espa\u00e7o para ficar por dentro dos principais acontecimentos locais, regionais, Brasil, Mundo e de interesse geral. Nosso compromisso \u00e9 com a verdade, a transpar\u00eancia e o respeito ao leitor.","legalName":"UBIRATA ONLINE NOT\u00cdCIAS","foundingDate":"2009-01-05","numberOfEmployees":{"@type":"QuantitativeValue","minValue":"1","maxValue":"10"},"publishingPrinciples":"https:\/\/ubirataonline.com.br\/faq\/","address":{"@id":"https:\/\/ubirataonline.com.br\/6-mitos-e-verdades-sobre-o-que-realmente-causa-gripe-e-resfriado\/#local-main-place-address"},"geo":{"@type":"GeoCoordinates","latitude":"-24.5361401","longitude":"-52.9921776"},"telephone":["+5544998308235"],"contactPoint":{"@type":"ContactPoint","email":"contato@ubirataonline.com.br"},"openingHoursSpecification":{"@type":"OpeningHoursSpecification","dayOfWeek":["Monday","Tuesday","Wednesday","Thursday","Friday","Saturday","Sunday"],"opens":"00:00","closes":"23:59"},"email":"contato@ubirataonline.com.br","vatID":"47.621.418\/0001-80"},{"@type":"Person","@id":"https:\/\/ubirataonline.com.br\/#\/schema\/person\/372f87bbd3fdd79b8556b84c98d0bc1c","name":"REDA\u00c7\u00c3O: UBIRAT\u00c3 ONLINE - F\u00c1BIO AUGUSTO CELESTINO","pronouns":"Ele","description":"Desde 2003 trabalhando com not\u00edcias.","sameAs":["http:\/\/ubirataoline.com.br","https:\/\/www.facebook.com\/portalubirataonline","https:\/\/www.instagram.com\/ubirataonline_oficial","https:\/\/x.com\/x.com\/ubirataonline"],"honorificPrefix":"Mr.","honorificSuffix":"MD","birthDate":"1980-06-16","gender":"masculino","award":["V\u00e1rios pr\u00eamios de melhor portal da cidade"],"jobTitle":"Diretor","url":"https:\/\/ubirataonline.com.br\/en\/author\/ubirataonline\/"},{"@type":"PostalAddress","@id":"https:\/\/ubirataonline.com.br\/6-mitos-e-verdades-sobre-o-que-realmente-causa-gripe-e-resfriado\/#local-main-place-address","streetAddress":"Rua dos Coqueiros, 104 - Bairro Boa Vista, Rua dos Coqueiros, 104 Bairro Boa Vista","addressLocality":"UBIRATA","postalCode":"85440-000","addressRegion":"PR","addressCountry":"BR"},{"@type":"ImageObject","inLanguage":"en-US","@id":"https:\/\/ubirataonline.com.br\/6-mitos-e-verdades-sobre-o-que-realmente-causa-gripe-e-resfriado\/#local-main-organization-logo","url":"https:\/\/ubirataonline.com.br\/wp-content\/uploads\/2026\/06\/logoubirataonline-1.webp","contentUrl":"https:\/\/ubirataonline.com.br\/wp-content\/uploads\/2026\/06\/logoubirataonline-1.webp","width":500,"height":500,"caption":"Ubirat\u00e3 Online Not\u00edcias"}]},"geo.placename":"UBIRATA","geo.position":{"lat":"-24.5361401","long":"-52.9921776"},"geo.region":"Brazil"},"_links":{"self":[{"href":"https:\/\/ubirataonline.com.br\/en\/wp-json\/wp\/v2\/posts\/97079","targetHints":{"allow":["GET"]}}],"collection":[{"href":"https:\/\/ubirataonline.com.br\/en\/wp-json\/wp\/v2\/posts"}],"about":[{"href":"https:\/\/ubirataonline.com.br\/en\/wp-json\/wp\/v2\/types\/post"}],"author":[{"embeddable":true,"href":"https:\/\/ubirataonline.com.br\/en\/wp-json\/wp\/v2\/users\/1"}],"replies":[{"embeddable":true,"href":"https:\/\/ubirataonline.com.br\/en\/wp-json\/wp\/v2\/comments?post=97079"}],"version-history":[{"count":0,"href":"https:\/\/ubirataonline.com.br\/en\/wp-json\/wp\/v2\/posts\/97079\/revisions"}],"wp:featuredmedia":[{"embeddable":true,"href":"https:\/\/ubirataonline.com.br\/en\/wp-json\/wp\/v2\/media\/97080"}],"wp:attachment":[{"href":"https:\/\/ubirataonline.com.br\/en\/wp-json\/wp\/v2\/media?parent=97079"}],"wp:term":[{"taxonomy":"category","embeddable":true,"href":"https:\/\/ubirataonline.com.br\/en\/wp-json\/wp\/v2\/categories?post=97079"},{"taxonomy":"post_tag","embeddable":true,"href":"https:\/\/ubirataonline.com.br\/en\/wp-json\/wp\/v2\/tags?post=97079"}],"curies":[{"name":"wp","href":"https:\/\/api.w.org\/{rel}","templated":true}]}}