{"id":97150,"date":"2026-03-25T05:11:53","date_gmt":"2026-03-25T08:11:53","guid":{"rendered":"https:\/\/ubirataonline.com.br\/evil-dead-star-bruce-campbell-pivots-genres-with-oregon-film\/"},"modified":"2026-03-25T05:11:56","modified_gmt":"2026-03-25T08:11:56","slug":"evil-dead-star-bruce-campbell-pivots-genres-with-oregon-film","status":"publish","type":"post","link":"https:\/\/ubirataonline.com.br\/en\/evil-dead-star-bruce-campbell-pivots-genres-with-oregon-film\/","title":{"rendered":"\u2018Evil Dead\u2019 star Bruce Campbell pivots genres with Oregon film"},"content":{"rendered":"<p><br \/>\n<\/p>\n<div>\n<figure class=\"article-body__image article-body__media f_primary color_black color_black article-body__image--full\"><picture><\/picture><figcaption class=\"background_lgray\">\n<p>Bruce Campbell wrote, directed and starred in &#8220;Ernie &amp; Emma,&#8221; a film set in Southern Oregon where Campbell has lived since the &#8217;90s. Campbell says the movie allowed him to break away from being typecast as just the &#8220;Evil Dead guy.&#8221;<\/p>\n<p class=\"article-body__image-by color_dgray f_s_xxs m-none\"><em>Courtesy of Bruce Campbell\/Ernie &amp; Emma<\/em><\/p>\n<\/figcaption><\/figure>\n<p class=\"article-body__text article-body--padding color_dgray m-none\"><a href=\"https:\/\/bruce-campbell.com\/\" target=\"_blank\" rel=\"\">Bruce Campbell<\/a> may best be known to cinephiles as Ash, the protagonist of the classic cult-horror franchise \u201c<a href=\"https:\/\/evildeadthemusical.com\/about\/history-of-evil-dead\/\" target=\"_blank\" rel=\"\">Evil Dead<\/a>\u201d by director Sam Raimi. In the last 40 years since the first \u201cEvil Dead\u201d movie, Campbell has been prolific, acting and producing in television and film every single year since. <\/p>\n<p class=\"article-body__text article-body--padding color_dgray m-none\">Now, the Oregon-based actor has written, directed and stars in a new movie called \u201c<a href=\"https:\/\/www.ernieandemma.com\/\" target=\"_blank\" rel=\"\">Ernie &amp; Emma<\/a>.\u201d It was filmed entirely in Southern Oregon, featuring iconic Pacific Northwest landmarks like Table Rock and the Rogue River.<\/p>\n<p class=\"article-body__text article-body--padding color_dgray m-none\">\u201cSouthern Oregon just has not been overexposed. It\u2019s a wonderfully diverse, beautiful area,\u201d Campbell said. <\/p>\n<p class=\"article-body__text article-body--padding color_dgray m-none\">\u201dAnd if you catch it right, it\u2019s magic.\u201d<\/p>\n<p class=\"article-body__text article-body--padding color_dgray m-none\">At its core, \u201cErnie &amp; Emma\u201d is a story about processing grief: A widower is sent on a road trip \u2014 a scavenger hunt via letters from his late wife, detailing where she wants her ashes spread. <\/p>\n<p class=\"article-body__text article-body--padding color_dgray m-none\">Campbell said writing a movie that he was also going to star in gave him the flexibility to take risks.<\/p>\n<p class=\"article-body__text article-body--padding color_dgray m-none\">The movie premiered on Valentine\u2019s Day in Medford, and will screen in Portland on Saturday, April 4 at the <a href=\"https:\/\/hollywoodtheatre.org\/show\/ernie-and-emma-with-bruce-campbell\/\" target=\"_blank\" rel=\"\">Hollywood Theatre<\/a>, before a nationwide release in the fall. <\/p>\n<p class=\"article-body__text article-body--padding color_dgray m-none\">OPB \u201cAll Things Considered\u201d host Crystal Ligori spoke with Campbell about his new film, and the joys and challenges of breaking away from traditional filmmaking.<\/p>\n<p class=\"article-body__text article-body--padding color_dgray m-none\"><i>This conversation has been edited for length and clarity.<\/i><\/p>\n<p class=\"article-body__text article-body--padding color_dgray m-none\"><i><b>Crystal Ligori:<\/b><\/i><i> Your movie is definitely a departure from something like \u201cEvil Dead,\u201d but it still has a lot of humor and sass, which, as a fan, felt familiar. But I was not expecting to cry while watching it.<\/i> <\/p>\n<p class=\"article-body__text article-body--padding color_dgray m-none\"><b>Bruce Campbell:<\/b> I\u2019m not a big crier. I\u2019ve done a couple of Hallmark movies, so I get it. I get the procedure, but the emotional side of me is never something that as an actor I\u2019ve really used a lot. But it\u2019s not like I can\u2019t do it. And if you pick a subject matter that\u2019s close to you, you can see yourself going there. <\/p>\n<p class=\"article-body__text article-body--padding color_dgray m-none\">And on top of it, it\u2019s just, \u201cHow do I write myself a big fat part?\u201d Because I\u2019ve been pigeonholed for a long time. And if this kind of helps break it out of the box, I\u2019m the first in line to say, \u201cYeah, baby!\u201d <\/p>\n<p class=\"article-body__text article-body--padding color_dgray m-none\"><i><b>Ligori:<\/b><\/i><i> Can you talk about how the idea for the script came about?<\/i><\/p>\n<p class=\"article-body__text article-body--padding color_dgray m-none\"><b>Campbell:<\/b> The very nucleus of it was basically, \u201cCould you actually do a movie with one person?\u201d My wife, Ida Gearon, and I had been talking about if we could make a movie off the grid [since] I self publish now. <\/p>\n<p class=\"article-body__text article-body--padding color_dgray m-none\">I did three books through a publisher in New York City, [a] <a href=\"https:\/\/www.nytimes.com\/2017\/08\/25\/books\/review\/bruce-campbell-autobiography-if-chins-could-kill.html\" target=\"_blank\" rel=\"\">New York Times bestseller<\/a>. That was all very delightful, but the numbers were lousy. Meaning that they keep the bulk of the money and I\u2019m doing all the work. I write the book, I travel, I tour. I\u2019m like, \u201cYou guys, all you really did was distribute the book.\u201d<\/p>\n<p class=\"article-body__text article-body--padding color_dgray m-none\">So I took it upon myself [and] I just put stuff out when I want to and I get used to that freedom. So we realized the only way to ever have creative freedom is that you have to put up the money. So this was a chance to go, \u201cWell, if we did do it off the grid, what would we do?\u201d <\/p>\n<figure class=\"article-body__image article-body__media f_primary color_black color_black article-body__image--full\"><picture><img decoding=\"async\" src=\"https:\/\/opb-opb-prod.cdn.arcpublishing.com\/resizer\/v2\/H5LIVGMQ5JG2JGFIOLHPWLUMEU.jpg?auth=a6c48b99673bb30960154d47a3bd72d05e946c9a2c345d77d7609239a9e55616&amp;width=150\" alt=\"Bruce Campbell attends the world premiere screening of his new movie, Ernie &amp; Emma at the historic Holly Theatre in Medford, Ore., Feb.14th, 2026.  Campbell wrote, directed and starred in the film, and produced it with his wife, Ida Gearon.\" class=\"width_full\" style=\"aspect-ratio:3000 \/ 1686;width:100%\"\/><\/picture><figcaption class=\"background_lgray\">\n<p>Bruce Campbell attends the world premiere screening of his new movie, Ernie &amp; Emma at the historic Holly Theatre in Medford, Ore., Feb.14th, 2026.  Campbell wrote, directed and starred in the film, and produced it with his wife, Ida Gearon.<\/p>\n<p class=\"article-body__image-by color_dgray f_s_xxs m-none\"><em>Mike Ditz \/ Courtesy of Bruce Campbell\/Ernie &amp; Emma<\/em><\/p>\n<\/figcaption><\/figure>\n<p class=\"article-body__text article-body--padding color_dgray m-none\"><i><b>Ligori:<\/b><\/i><i> This movie has such a vivid sense of place. Not only being filmed entirely in Oregon, but it just feels like the Pacific Northwest. Not to spoil anything, but I\u2019m thinking about the Bigfoot scene. <\/i><\/p>\n<p class=\"article-body__text article-body--padding color_dgray m-none\"><b>Campbell:<\/b> Oh yeah. And here\u2019s what\u2019s fun about that \u2014 one of the places his wife sends him is to go back to return from when they were young. They got wasted and as a joke, [like] a lot of people do, \u201cLet\u2019s go find Bigfoot!\u201d And in the \u201970s, they actually built a <a href=\"https:\/\/www.atlasobscura.com\/places\/the-bigfoot-trap-jacksonville-oregon\" target=\"_blank\" rel=\"\">Bigfoot trap<\/a> that exists to this day. So, let\u2019s shoot a whole scene at the Bigfoot trap. <\/p>\n<p class=\"article-body__text article-body--padding color_dgray m-none\">It [has] scenes that people have just never seen in movies before. It\u2019ll be landscapes that they\u2019ve never seen before: Table Rock and the Rogue River, which happens to be an absolutely gorgeous river where they shot \u201cThe River Wild\u201d and stuff like that. It just is so much beauty. <\/p>\n<figure class=\"article-body__image article-body__media f_primary color_black color_black article-body__image--full\"><picture><img decoding=\"async\" src=\"https:\/\/opb-opb-prod.cdn.arcpublishing.com\/resizer\/v2\/7JBZG25XJVGJRCAYEBFKBWYMAM.jpg?auth=14abca81143a7765d7f155479a00f66f2d042a8bf2860eef5fa3ba3ee12d3c21&amp;width=150\" alt=\"Bruce Campbell kayaks along the Rogue River in his new film, &quot;Ernie &amp; Emma.&quot; Campbell says that Southern Oregon is a beautiful, diverse place that hasn't been overexposed in movies yet &#x2014; and that he wanted to showcase its magic.\" class=\"width_full\" style=\"aspect-ratio:2400 \/ 1600;width:100%\"\/><\/picture><figcaption class=\"background_lgray\">\n<p>Bruce Campbell kayaks along the Rogue River in his new film, &#8220;Ernie &amp; Emma.&#8221; Campbell says that Southern Oregon is a beautiful, diverse place that hasn&#8217;t been overexposed in movies yet \u2014 and that he wanted to showcase its magic.<\/p>\n<p class=\"article-body__image-by color_dgray f_s_xxs m-none\"><em>Courtesy of Bruce Campbell\/Ernie &amp; Emma<\/em><\/p>\n<\/figcaption><\/figure>\n<p class=\"article-body__text article-body--padding color_dgray m-none\">We also experienced the joy of working with people that were not jaded. That was a much better atmosphere to play in where it really felt like we were just having fun, playing around, shooting a movie.<\/p>\n<p class=\"article-body__text article-body--padding color_dgray m-none\"><i><b>Ligori: <\/b><\/i><i>The main character Ernie is a local celebrity of sorts, a spokesperson for a pear orchard. Throughout the film he is recognized as \u201cThe Pear Guy.\u201d I\u2019m curious if that character element is somehow related to your own experience being known as \u201cAsh\u201d from \u201cEvil Dead\u201d?<\/i><\/p>\n<p class=\"article-body__text article-body--padding color_dgray m-none\"><b>Campbell: <\/b>Absolutely. People call me Ash. They holler \u201cAsh! Hey, Ash!\u201d Which is fine. It\u2019s wonderfully familiar for them. It put my kids through college. They can call me whatever they want, really, but that represented X amount of my life professionally and the rest of it, overwhelming, was <i>not<\/i> the character Ash. So it amuses me more than anything. I could be doing Shakespeare in the Park and I\u2019m the \u201cEvil Dead\u201d guy.<b> <\/b>So Ernie Tyler is \u201cThe Pear Guy.\u201d <\/p>\n<figure class=\"article-body__image article-body__media f_primary color_black color_black article-body__image--full\"><picture><img decoding=\"async\" src=\"https:\/\/opb-opb-prod.cdn.arcpublishing.com\/resizer\/v2\/VIY73UWBWBBLTF2LBUC5HLZ3Y4.jpg?auth=7cf360fa9c10759f566445b91c6a8e3328bec834b4e036cabc5da6427efbd079&amp;width=150\" alt=\"In a still from the film &quot;Ernie &amp; Emma&quot;, Bruce Campbell hikes along a scenic trail at Table Rock in Jackson County, Ore. Campbell says the movie gave him an opportunity to show more of his range as an actor, as his character grieves the loss of his wife.\" class=\"width_full\" style=\"aspect-ratio:2400 \/ 1600;width:100%\"\/><\/picture><figcaption class=\"background_lgray\">\n<p>In a still from the film &#8220;Ernie &amp; Emma&#8221;, Bruce Campbell hikes along a scenic trail at Table Rock in Jackson County, Ore. Campbell says the movie gave him an opportunity to show more of his range as an actor, as his character grieves the loss of his wife.<\/p>\n<p class=\"article-body__image-by color_dgray f_s_xxs m-none\"><em>Courtesy of Bruce Campbell\/Ernie &amp; Emma<\/em><\/p>\n<\/figcaption><\/figure>\n<p class=\"article-body__text article-body--padding color_dgray m-none\"><i><b>Ligori:<\/b><\/i><i> Bruce, what do you want an audience to take away from this movie?<\/i><\/p>\n<p class=\"article-body__text article-body--padding color_dgray m-none\"><b>Campbell:<\/b> I want them to be happy. I want them to watch the movie and have a happy experience. I\u2019ve seen too many movies that are just drudgery. God bless the new horror filmmaker. Their favorite thing is to add a slightly gray or green tint to the movie where everything looks kind of like you\u2019re in an emergency room. <\/p>\n<p class=\"article-body__text article-body--padding color_dgray m-none\">And I\u2019m like, no, I would like to see color and faces! I want to see all of their faces, and I want to see their eyes so I can see their expression. <\/p>\n<p class=\"article-body__text article-body--padding color_dgray m-none\">The \u201cEvil Dead\u201d movies have been very grim over the years. I swore up and down that I would never allow myself to start another shooting day facing a dirt floor covered in blood in some basement somewhere. And it\u2019s happened so much now that I\u2019ll do everything I can to avoid ever letting that happen again.<\/p>\n<div data-oembed-type=\"youtube\" class=\"flex justify_center m_vertical-xs article-body--padding\">\n<p><iframe loading=\"lazy\" title=\"Ernie &amp; Emma \uff5c Official Trailer\" width=\"1366\" height=\"768\" src=\"https:\/\/www.youtube.com\/embed\/7lUAbQfKc94?feature=oembed\" frameborder=\"0\" allow=\"accelerometer; autoplay; clipboard-write; encrypted-media; gyroscope; picture-in-picture; web-share\" referrerpolicy=\"strict-origin-when-cross-origin\" allowfullscreen><\/iframe><\/p>\n<\/div>\n<\/div>\n<p><br \/>\n<br \/><a href=\"https:\/\/www.opb.org\/article\/2026\/03\/21\/bruce-campbell-evil-dead-new-oregon-film\/\">Source link <\/a><\/p>\n","protected":false},"excerpt":{"rendered":"<p>Bruce Campbell wrote, directed and starred in &#8220;Ernie &amp; Emma,&#8221; a film set in Southern Oregon where Campbell has lived since the &#8217;90s. Campbell says the movie allowed him to break away from being typecast as just the &#8220;Evil Dead guy.&#8221; Courtesy of Bruce Campbell\/Ernie &amp; Emma Bruce Campbell may best be known to cinephiles [&hellip;]<\/p>\n","protected":false},"author":1,"featured_media":97151,"comment_status":"closed","ping_status":"","sticky":false,"template":"","format":"standard","meta":{"googlesitekit_rrm_CAow2JLhCw:productID":"","_gspb_post_css":"","maa_idioma":"","maa_pais":"","footnotes":""},"categories":[1],"tags":[6697,10972,6160,10797,3375,23848,13222,17926,2956],"class_list":["post-97150","post","type-post","status-publish","format-standard","has-post-thumbnail","hentry","category-ubirata","tag-bruce","tag-campbell","tag-dead","tag-evil","tag-film","tag-genres","tag-oregon","tag-pivots","tag-star"],"blocksy_meta":[],"yoast_head":"<!-- This site is optimized with the Yoast SEO Premium plugin v27.6 (Yoast SEO v27.6) - https:\/\/yoast.com\/product\/yoast-seo-premium-wordpress\/ -->\n<title>\u2018Evil Dead\u2019 star Bruce Campbell pivots genres with Oregon film - Ubirat\u00e3 Online Not\u00edcias - A realidade ao seu alcance!<\/title>\n<meta name=\"description\" content=\"Bruce Campbell wrote, directed and starred in &quot;Ernie &amp; Emma,&quot; a film set in Southern Oregon where Campbell has lived since the &#039;90s. Campbell says the\" \/>\n<meta name=\"robots\" content=\"index, follow, max-snippet:-1, max-image-preview:large, max-video-preview:-1\" \/>\n<link rel=\"canonical\" href=\"https:\/\/ubirataonline.com.br\/en\/evil-dead-star-bruce-campbell-pivots-genres-with-oregon-film\/\" \/>\n<meta property=\"og:locale\" content=\"en_US\" \/>\n<meta property=\"og:type\" content=\"article\" \/>\n<meta property=\"og:title\" content=\"\u2018Evil Dead\u2019 star Bruce Campbell pivots genres with Oregon film\" \/>\n<meta property=\"og:description\" content=\"Bruce Campbell wrote, directed and starred in &quot;Ernie &amp; Emma,&quot; a film set in Southern Oregon where Campbell has lived since the &#039;90s. Campbell says the\" \/>\n<meta property=\"og:url\" content=\"https:\/\/ubirataonline.com.br\/en\/evil-dead-star-bruce-campbell-pivots-genres-with-oregon-film\/\" \/>\n<meta property=\"og:site_name\" content=\"Ubirat\u00e3 Online Not\u00edcias - A realidade ao seu alcance!\" \/>\n<meta property=\"article:publisher\" content=\"https:\/\/www.facebook.com\/portalubirataonline\" \/>\n<meta property=\"article:author\" content=\"https:\/\/www.facebook.com\/portalubirataonline\" \/>\n<meta property=\"article:published_time\" content=\"2026-03-25T08:11:53+00:00\" \/>\n<meta property=\"article:modified_time\" content=\"2026-03-25T08:11:56+00:00\" \/>\n<meta property=\"og:image\" content=\"https:\/\/ubirataonline.com.br\/wp-content\/uploads\/2026\/03\/\u2018Evil-Dead-star-Bruce-Campbell-pivots-genres-with-Oregon-film.jpg\" \/>\n\t<meta property=\"og:image:width\" content=\"1200\" \/>\n\t<meta property=\"og:image:height\" content=\"675\" \/>\n\t<meta property=\"og:image:type\" content=\"image\/jpeg\" \/>\n<meta name=\"author\" content=\"REDA\u00c7\u00c3O: UBIRAT\u00c3 ONLINE - F\u00c1BIO AUGUSTO CELESTINO\" \/>\n<meta name=\"twitter:card\" content=\"summary_large_image\" \/>\n<meta name=\"twitter:creator\" content=\"@x.com\/ubirataonline\" \/>\n<meta name=\"twitter:site\" content=\"@ubirataonline\" \/>\n<meta name=\"twitter:label1\" content=\"Written by\" \/>\n\t<meta name=\"twitter:data1\" content=\"REDA\u00c7\u00c3O: UBIRAT\u00c3 ONLINE - F\u00c1BIO AUGUSTO CELESTINO\" \/>\n\t<meta name=\"twitter:label2\" content=\"Est. reading time\" \/>\n\t<meta name=\"twitter:data2\" content=\"6 minutes\" \/>\n<script type=\"application\/ld+json\" class=\"yoast-schema-graph\">{\"@context\":\"https:\\\/\\\/schema.org\",\"@graph\":[{\"@type\":\"NewsArticle\",\"@id\":\"https:\\\/\\\/ubirataonline.com.br\\\/evil-dead-star-bruce-campbell-pivots-genres-with-oregon-film\\\/#article\",\"isPartOf\":{\"@id\":\"https:\\\/\\\/ubirataonline.com.br\\\/evil-dead-star-bruce-campbell-pivots-genres-with-oregon-film\\\/\"},\"author\":{\"name\":\"REDA\u00c7\u00c3O: UBIRAT\u00c3 ONLINE - F\u00c1BIO AUGUSTO CELESTINO\",\"@id\":\"https:\\\/\\\/ubirataonline.com.br\\\/#\\\/schema\\\/person\\\/372f87bbd3fdd79b8556b84c98d0bc1c\"},\"headline\":\"\u2018Evil Dead\u2019 star Bruce Campbell pivots genres with Oregon film\",\"datePublished\":\"2026-03-25T08:11:53+00:00\",\"dateModified\":\"2026-03-25T08:11:56+00:00\",\"mainEntityOfPage\":{\"@id\":\"https:\\\/\\\/ubirataonline.com.br\\\/evil-dead-star-bruce-campbell-pivots-genres-with-oregon-film\\\/\"},\"wordCount\":1288,\"publisher\":{\"@id\":\"https:\\\/\\\/ubirataonline.com.br\\\/#organization\"},\"image\":{\"@id\":\"https:\\\/\\\/ubirataonline.com.br\\\/evil-dead-star-bruce-campbell-pivots-genres-with-oregon-film\\\/#primaryimage\"},\"thumbnailUrl\":\"https:\\\/\\\/ubirataonline.com.br\\\/wp-content\\\/uploads\\\/2026\\\/03\\\/\u2018Evil-Dead-star-Bruce-Campbell-pivots-genres-with-Oregon-film.jpg\",\"keywords\":[\"Bruce\",\"Campbell\",\"dead\",\"Evil\",\"Film\",\"genres\",\"Oregon\",\"pivots\",\"Star\"],\"articleSection\":[\"Ubirat\u00e3\"],\"inLanguage\":\"en-US\",\"copyrightYear\":\"2026\",\"copyrightHolder\":{\"@id\":\"https:\\\/\\\/ubirataonline.com.br\\\/en\\\/#organization\"}},{\"@type\":\"WebPage\",\"@id\":\"https:\\\/\\\/ubirataonline.com.br\\\/evil-dead-star-bruce-campbell-pivots-genres-with-oregon-film\\\/\",\"url\":\"https:\\\/\\\/ubirataonline.com.br\\\/evil-dead-star-bruce-campbell-pivots-genres-with-oregon-film\\\/\",\"name\":\"\u2018Evil Dead\u2019 star Bruce Campbell pivots genres with Oregon film - Ubirat\u00e3 Online Not\u00edcias - A realidade ao seu alcance!\",\"isPartOf\":{\"@id\":\"https:\\\/\\\/ubirataonline.com.br\\\/#website\"},\"primaryImageOfPage\":{\"@id\":\"https:\\\/\\\/ubirataonline.com.br\\\/evil-dead-star-bruce-campbell-pivots-genres-with-oregon-film\\\/#primaryimage\"},\"image\":{\"@id\":\"https:\\\/\\\/ubirataonline.com.br\\\/evil-dead-star-bruce-campbell-pivots-genres-with-oregon-film\\\/#primaryimage\"},\"thumbnailUrl\":\"https:\\\/\\\/ubirataonline.com.br\\\/wp-content\\\/uploads\\\/2026\\\/03\\\/\u2018Evil-Dead-star-Bruce-Campbell-pivots-genres-with-Oregon-film.jpg\",\"datePublished\":\"2026-03-25T08:11:53+00:00\",\"dateModified\":\"2026-03-25T08:11:56+00:00\",\"description\":\"Bruce Campbell wrote, directed and starred in \\\"Ernie &amp; Emma,\\\" a film set in Southern Oregon where Campbell has lived since the '90s. Campbell says the\",\"breadcrumb\":{\"@id\":\"https:\\\/\\\/ubirataonline.com.br\\\/evil-dead-star-bruce-campbell-pivots-genres-with-oregon-film\\\/#breadcrumb\"},\"inLanguage\":\"en-US\",\"potentialAction\":[{\"@type\":\"ReadAction\",\"target\":[\"https:\\\/\\\/ubirataonline.com.br\\\/evil-dead-star-bruce-campbell-pivots-genres-with-oregon-film\\\/\"]}]},{\"@type\":\"ImageObject\",\"inLanguage\":\"en-US\",\"@id\":\"https:\\\/\\\/ubirataonline.com.br\\\/evil-dead-star-bruce-campbell-pivots-genres-with-oregon-film\\\/#primaryimage\",\"url\":\"https:\\\/\\\/ubirataonline.com.br\\\/wp-content\\\/uploads\\\/2026\\\/03\\\/\u2018Evil-Dead-star-Bruce-Campbell-pivots-genres-with-Oregon-film.jpg\",\"contentUrl\":\"https:\\\/\\\/ubirataonline.com.br\\\/wp-content\\\/uploads\\\/2026\\\/03\\\/\u2018Evil-Dead-star-Bruce-Campbell-pivots-genres-with-Oregon-film.jpg\",\"width\":1200,\"height\":675,\"caption\":\"Bruce Campbell wrote, directed and starred in &quot;Ernie &amp; Emma,&quot; a film set in Southern Oregon where Campbell has lived since the &#x27;90s. Campbell says the movie allowed him to break away from being typecast as just the &quot;Evil Dead guy.&quot; Courtesy of Bruce Campbell\\\/Ernie &amp; Emma\"},{\"@type\":\"BreadcrumbList\",\"@id\":\"https:\\\/\\\/ubirataonline.com.br\\\/evil-dead-star-bruce-campbell-pivots-genres-with-oregon-film\\\/#breadcrumb\",\"itemListElement\":[{\"@type\":\"ListItem\",\"position\":1,\"name\":\"In\u00edcio\",\"item\":\"https:\\\/\\\/ubirataonline.com.br\\\/\"},{\"@type\":\"ListItem\",\"position\":2,\"name\":\"\u2018Evil Dead\u2019 star Bruce Campbell pivots genres with Oregon film\"}]},{\"@type\":\"WebSite\",\"@id\":\"https:\\\/\\\/ubirataonline.com.br\\\/#website\",\"url\":\"https:\\\/\\\/ubirataonline.com.br\\\/\",\"name\":\"Ubirat\u00e3 Online Not\u00edcias\",\"description\":\"Not\u00edcias de Ubirat\u00e3, regi\u00e3o, Brasil e mundo, com informa\u00e7\u00e3o atualizada e compromisso com o leitor.\",\"publisher\":{\"@id\":\"https:\\\/\\\/ubirataonline.com.br\\\/#organization\"},\"alternateName\":\"Ubirat\u00e3 Online\",\"potentialAction\":[{\"@type\":\"SearchAction\",\"target\":{\"@type\":\"EntryPoint\",\"urlTemplate\":\"https:\\\/\\\/ubirataonline.com.br\\\/?s={search_term_string}\"},\"query-input\":{\"@type\":\"PropertyValueSpecification\",\"valueRequired\":true,\"valueName\":\"search_term_string\"}}],\"inLanguage\":\"en-US\"},{\"@type\":[\"Organization\",\"Place\"],\"@id\":\"https:\\\/\\\/ubirataonline.com.br\\\/#organization\",\"name\":\"Ubirat\u00e3 Online Not\u00edcias\",\"alternateName\":\"Ubirat\u00e3 Online\",\"url\":\"https:\\\/\\\/ubirataonline.com.br\\\/\",\"logo\":{\"@id\":\"https:\\\/\\\/ubirataonline.com.br\\\/evil-dead-star-bruce-campbell-pivots-genres-with-oregon-film\\\/#local-main-organization-logo\"},\"image\":{\"@id\":\"https:\\\/\\\/ubirataonline.com.br\\\/evil-dead-star-bruce-campbell-pivots-genres-with-oregon-film\\\/#local-main-organization-logo\"},\"sameAs\":[\"https:\\\/\\\/www.facebook.com\\\/portalubirataonline\",\"https:\\\/\\\/x.com\\\/ubirataonline\",\"https:\\\/\\\/mastodon.social\\\/@ubirataonline\",\"https:\\\/\\\/www.facebook.com\\\/groups\\\/311144672285604\",\"https:\\\/\\\/www.facebook.com\\\/UBTAOnline\",\"https:\\\/\\\/www.instagram.com\\\/portalubirataonline\\\/\",\"https:\\\/\\\/twitter.com\\\/ubirataonline\"],\"description\":\"Somos um portal de not\u00edcias independente, criado em 5 de janeiro de 2009, com o objetivo de informar, conectar e valorizar a nossa comunidade de Ubirat\u00e3 e toda aregi\u00e3o. Com conte\u00fado atualizado, confi\u00e1vel e relevante, o Ubirat\u00e3 Online \u00e9 o seu espa\u00e7o para ficar por dentro dos principais acontecimentos locais, regionais, Brasil, Mundo e de interesse geral. Nosso compromisso \u00e9 com a verdade, a transpar\u00eancia e o respeito ao leitor.\",\"legalName\":\"UBIRATA ONLINE NOT\u00cdCIAS\",\"foundingDate\":\"2009-01-05\",\"numberOfEmployees\":{\"@type\":\"QuantitativeValue\",\"minValue\":\"1\",\"maxValue\":\"10\"},\"publishingPrinciples\":\"https:\\\/\\\/ubirataonline.com.br\\\/faq\\\/\",\"address\":{\"@id\":\"https:\\\/\\\/ubirataonline.com.br\\\/evil-dead-star-bruce-campbell-pivots-genres-with-oregon-film\\\/#local-main-place-address\"},\"geo\":{\"@type\":\"GeoCoordinates\",\"latitude\":\"-24.5361401\",\"longitude\":\"-52.9921776\"},\"telephone\":[\"+5544998308235\"],\"contactPoint\":{\"@type\":\"ContactPoint\",\"email\":\"contato@ubirataonline.com.br\"},\"openingHoursSpecification\":{\"@type\":\"OpeningHoursSpecification\",\"dayOfWeek\":[\"Monday\",\"Tuesday\",\"Wednesday\",\"Thursday\",\"Friday\",\"Saturday\",\"Sunday\"],\"opens\":\"00:00\",\"closes\":\"23:59\"},\"email\":\"contato@ubirataonline.com.br\",\"vatID\":\"47.621.418\\\/0001-80\"},{\"@type\":\"Person\",\"@id\":\"https:\\\/\\\/ubirataonline.com.br\\\/#\\\/schema\\\/person\\\/372f87bbd3fdd79b8556b84c98d0bc1c\",\"name\":\"REDA\u00c7\u00c3O: UBIRAT\u00c3 ONLINE - F\u00c1BIO AUGUSTO CELESTINO\",\"pronouns\":\"Ele\",\"description\":\"Desde 2003 trabalhando com not\u00edcias.\",\"sameAs\":[\"http:\\\/\\\/ubirataoline.com.br\",\"https:\\\/\\\/www.facebook.com\\\/portalubirataonline\",\"https:\\\/\\\/www.instagram.com\\\/ubirataonline_oficial\",\"https:\\\/\\\/x.com\\\/x.com\\\/ubirataonline\"],\"honorificPrefix\":\"Mr.\",\"honorificSuffix\":\"MD\",\"birthDate\":\"1980-06-16\",\"gender\":\"masculino\",\"award\":[\"V\u00e1rios pr\u00eamios de melhor portal da cidade\"],\"jobTitle\":\"Diretor\",\"url\":\"https:\\\/\\\/ubirataonline.com.br\\\/en\\\/author\\\/ubirataonline\\\/\"},{\"@type\":\"PostalAddress\",\"@id\":\"https:\\\/\\\/ubirataonline.com.br\\\/evil-dead-star-bruce-campbell-pivots-genres-with-oregon-film\\\/#local-main-place-address\",\"streetAddress\":\"Rua dos Coqueiros, 104 - Bairro Boa Vista, Rua dos Coqueiros, 104 Bairro Boa Vista\",\"addressLocality\":\"UBIRATA\",\"postalCode\":\"85440-000\",\"addressRegion\":\"PR\",\"addressCountry\":\"BR\"},{\"@type\":\"ImageObject\",\"inLanguage\":\"en-US\",\"@id\":\"https:\\\/\\\/ubirataonline.com.br\\\/evil-dead-star-bruce-campbell-pivots-genres-with-oregon-film\\\/#local-main-organization-logo\",\"url\":\"https:\\\/\\\/ubirataonline.com.br\\\/wp-content\\\/uploads\\\/2026\\\/06\\\/logoubirataonline-1.webp\",\"contentUrl\":\"https:\\\/\\\/ubirataonline.com.br\\\/wp-content\\\/uploads\\\/2026\\\/06\\\/logoubirataonline-1.webp\",\"width\":500,\"height\":500,\"caption\":\"Ubirat\u00e3 Online Not\u00edcias\"}]}<\/script>\n<meta name=\"geo.placename\" content=\"UBIRATA\" \/>\n<meta name=\"geo.position\" content=\"-24.5361401;-52.9921776\" \/>\n<meta name=\"geo.region\" content=\"Brazil\" \/>\n<!-- \/ Yoast SEO Premium plugin. -->","yoast_head_json":{"title":"\u2018Evil Dead\u2019 star Bruce Campbell pivots genres with Oregon film - Ubirat\u00e3 Online Not\u00edcias - A realidade ao seu alcance!","description":"Bruce Campbell wrote, directed and starred in \"Ernie &amp; Emma,\" a film set in Southern Oregon where Campbell has lived since the '90s. Campbell says the","robots":{"index":"index","follow":"follow","max-snippet":"max-snippet:-1","max-image-preview":"max-image-preview:large","max-video-preview":"max-video-preview:-1"},"canonical":"https:\/\/ubirataonline.com.br\/en\/evil-dead-star-bruce-campbell-pivots-genres-with-oregon-film\/","og_locale":"en_US","og_type":"article","og_title":"\u2018Evil Dead\u2019 star Bruce Campbell pivots genres with Oregon film","og_description":"Bruce Campbell wrote, directed and starred in \"Ernie &amp; Emma,\" a film set in Southern Oregon where Campbell has lived since the '90s. Campbell says the","og_url":"https:\/\/ubirataonline.com.br\/en\/evil-dead-star-bruce-campbell-pivots-genres-with-oregon-film\/","og_site_name":"Ubirat\u00e3 Online Not\u00edcias - A realidade ao seu alcance!","article_publisher":"https:\/\/www.facebook.com\/portalubirataonline","article_author":"https:\/\/www.facebook.com\/portalubirataonline","article_published_time":"2026-03-25T08:11:53+00:00","article_modified_time":"2026-03-25T08:11:56+00:00","og_image":[{"width":1200,"height":675,"url":"https:\/\/ubirataonline.com.br\/wp-content\/uploads\/2026\/03\/\u2018Evil-Dead-star-Bruce-Campbell-pivots-genres-with-Oregon-film.jpg","type":"image\/jpeg"}],"author":"REDA\u00c7\u00c3O: UBIRAT\u00c3 ONLINE - F\u00c1BIO AUGUSTO CELESTINO","twitter_card":"summary_large_image","twitter_creator":"@x.com\/ubirataonline","twitter_site":"@ubirataonline","twitter_misc":{"Written by":"REDA\u00c7\u00c3O: UBIRAT\u00c3 ONLINE - F\u00c1BIO AUGUSTO CELESTINO","Est. reading time":"6 minutes"},"schema":{"@context":"https:\/\/schema.org","@graph":[{"@type":"NewsArticle","@id":"https:\/\/ubirataonline.com.br\/evil-dead-star-bruce-campbell-pivots-genres-with-oregon-film\/#article","isPartOf":{"@id":"https:\/\/ubirataonline.com.br\/evil-dead-star-bruce-campbell-pivots-genres-with-oregon-film\/"},"author":{"name":"REDA\u00c7\u00c3O: UBIRAT\u00c3 ONLINE - F\u00c1BIO AUGUSTO CELESTINO","@id":"https:\/\/ubirataonline.com.br\/#\/schema\/person\/372f87bbd3fdd79b8556b84c98d0bc1c"},"headline":"\u2018Evil Dead\u2019 star Bruce Campbell pivots genres with Oregon film","datePublished":"2026-03-25T08:11:53+00:00","dateModified":"2026-03-25T08:11:56+00:00","mainEntityOfPage":{"@id":"https:\/\/ubirataonline.com.br\/evil-dead-star-bruce-campbell-pivots-genres-with-oregon-film\/"},"wordCount":1288,"publisher":{"@id":"https:\/\/ubirataonline.com.br\/#organization"},"image":{"@id":"https:\/\/ubirataonline.com.br\/evil-dead-star-bruce-campbell-pivots-genres-with-oregon-film\/#primaryimage"},"thumbnailUrl":"https:\/\/ubirataonline.com.br\/wp-content\/uploads\/2026\/03\/\u2018Evil-Dead-star-Bruce-Campbell-pivots-genres-with-Oregon-film.jpg","keywords":["Bruce","Campbell","dead","Evil","Film","genres","Oregon","pivots","Star"],"articleSection":["Ubirat\u00e3"],"inLanguage":"en-US","copyrightYear":"2026","copyrightHolder":{"@id":"https:\/\/ubirataonline.com.br\/en\/#organization"}},{"@type":"WebPage","@id":"https:\/\/ubirataonline.com.br\/evil-dead-star-bruce-campbell-pivots-genres-with-oregon-film\/","url":"https:\/\/ubirataonline.com.br\/evil-dead-star-bruce-campbell-pivots-genres-with-oregon-film\/","name":"\u2018Evil Dead\u2019 star Bruce Campbell pivots genres with Oregon film - Ubirat\u00e3 Online Not\u00edcias - A realidade ao seu alcance!","isPartOf":{"@id":"https:\/\/ubirataonline.com.br\/#website"},"primaryImageOfPage":{"@id":"https:\/\/ubirataonline.com.br\/evil-dead-star-bruce-campbell-pivots-genres-with-oregon-film\/#primaryimage"},"image":{"@id":"https:\/\/ubirataonline.com.br\/evil-dead-star-bruce-campbell-pivots-genres-with-oregon-film\/#primaryimage"},"thumbnailUrl":"https:\/\/ubirataonline.com.br\/wp-content\/uploads\/2026\/03\/\u2018Evil-Dead-star-Bruce-Campbell-pivots-genres-with-Oregon-film.jpg","datePublished":"2026-03-25T08:11:53+00:00","dateModified":"2026-03-25T08:11:56+00:00","description":"Bruce Campbell wrote, directed and starred in \"Ernie &amp; Emma,\" a film set in Southern Oregon where Campbell has lived since the '90s. Campbell says the","breadcrumb":{"@id":"https:\/\/ubirataonline.com.br\/evil-dead-star-bruce-campbell-pivots-genres-with-oregon-film\/#breadcrumb"},"inLanguage":"en-US","potentialAction":[{"@type":"ReadAction","target":["https:\/\/ubirataonline.com.br\/evil-dead-star-bruce-campbell-pivots-genres-with-oregon-film\/"]}]},{"@type":"ImageObject","inLanguage":"en-US","@id":"https:\/\/ubirataonline.com.br\/evil-dead-star-bruce-campbell-pivots-genres-with-oregon-film\/#primaryimage","url":"https:\/\/ubirataonline.com.br\/wp-content\/uploads\/2026\/03\/\u2018Evil-Dead-star-Bruce-Campbell-pivots-genres-with-Oregon-film.jpg","contentUrl":"https:\/\/ubirataonline.com.br\/wp-content\/uploads\/2026\/03\/\u2018Evil-Dead-star-Bruce-Campbell-pivots-genres-with-Oregon-film.jpg","width":1200,"height":675,"caption":"Bruce Campbell wrote, directed and starred in &quot;Ernie &amp; Emma,&quot; a film set in Southern Oregon where Campbell has lived since the &#x27;90s. Campbell says the movie allowed him to break away from being typecast as just the &quot;Evil Dead guy.&quot; Courtesy of Bruce Campbell\/Ernie &amp; Emma"},{"@type":"BreadcrumbList","@id":"https:\/\/ubirataonline.com.br\/evil-dead-star-bruce-campbell-pivots-genres-with-oregon-film\/#breadcrumb","itemListElement":[{"@type":"ListItem","position":1,"name":"In\u00edcio","item":"https:\/\/ubirataonline.com.br\/"},{"@type":"ListItem","position":2,"name":"\u2018Evil Dead\u2019 star Bruce Campbell pivots genres with Oregon film"}]},{"@type":"WebSite","@id":"https:\/\/ubirataonline.com.br\/#website","url":"https:\/\/ubirataonline.com.br\/","name":"Ubirat\u00e3 Online Not\u00edcias","description":"Not\u00edcias de Ubirat\u00e3, regi\u00e3o, Brasil e mundo, com informa\u00e7\u00e3o atualizada e compromisso com o leitor.","publisher":{"@id":"https:\/\/ubirataonline.com.br\/#organization"},"alternateName":"Ubirat\u00e3 Online","potentialAction":[{"@type":"SearchAction","target":{"@type":"EntryPoint","urlTemplate":"https:\/\/ubirataonline.com.br\/?s={search_term_string}"},"query-input":{"@type":"PropertyValueSpecification","valueRequired":true,"valueName":"search_term_string"}}],"inLanguage":"en-US"},{"@type":["Organization","Place"],"@id":"https:\/\/ubirataonline.com.br\/#organization","name":"Ubirat\u00e3 Online Not\u00edcias","alternateName":"Ubirat\u00e3 Online","url":"https:\/\/ubirataonline.com.br\/","logo":{"@id":"https:\/\/ubirataonline.com.br\/evil-dead-star-bruce-campbell-pivots-genres-with-oregon-film\/#local-main-organization-logo"},"image":{"@id":"https:\/\/ubirataonline.com.br\/evil-dead-star-bruce-campbell-pivots-genres-with-oregon-film\/#local-main-organization-logo"},"sameAs":["https:\/\/www.facebook.com\/portalubirataonline","https:\/\/x.com\/ubirataonline","https:\/\/mastodon.social\/@ubirataonline","https:\/\/www.facebook.com\/groups\/311144672285604","https:\/\/www.facebook.com\/UBTAOnline","https:\/\/www.instagram.com\/portalubirataonline\/","https:\/\/twitter.com\/ubirataonline"],"description":"Somos um portal de not\u00edcias independente, criado em 5 de janeiro de 2009, com o objetivo de informar, conectar e valorizar a nossa comunidade de Ubirat\u00e3 e toda aregi\u00e3o. Com conte\u00fado atualizado, confi\u00e1vel e relevante, o Ubirat\u00e3 Online \u00e9 o seu espa\u00e7o para ficar por dentro dos principais acontecimentos locais, regionais, Brasil, Mundo e de interesse geral. Nosso compromisso \u00e9 com a verdade, a transpar\u00eancia e o respeito ao leitor.","legalName":"UBIRATA ONLINE NOT\u00cdCIAS","foundingDate":"2009-01-05","numberOfEmployees":{"@type":"QuantitativeValue","minValue":"1","maxValue":"10"},"publishingPrinciples":"https:\/\/ubirataonline.com.br\/faq\/","address":{"@id":"https:\/\/ubirataonline.com.br\/evil-dead-star-bruce-campbell-pivots-genres-with-oregon-film\/#local-main-place-address"},"geo":{"@type":"GeoCoordinates","latitude":"-24.5361401","longitude":"-52.9921776"},"telephone":["+5544998308235"],"contactPoint":{"@type":"ContactPoint","email":"contato@ubirataonline.com.br"},"openingHoursSpecification":{"@type":"OpeningHoursSpecification","dayOfWeek":["Monday","Tuesday","Wednesday","Thursday","Friday","Saturday","Sunday"],"opens":"00:00","closes":"23:59"},"email":"contato@ubirataonline.com.br","vatID":"47.621.418\/0001-80"},{"@type":"Person","@id":"https:\/\/ubirataonline.com.br\/#\/schema\/person\/372f87bbd3fdd79b8556b84c98d0bc1c","name":"REDA\u00c7\u00c3O: UBIRAT\u00c3 ONLINE - F\u00c1BIO AUGUSTO CELESTINO","pronouns":"Ele","description":"Desde 2003 trabalhando com not\u00edcias.","sameAs":["http:\/\/ubirataoline.com.br","https:\/\/www.facebook.com\/portalubirataonline","https:\/\/www.instagram.com\/ubirataonline_oficial","https:\/\/x.com\/x.com\/ubirataonline"],"honorificPrefix":"Mr.","honorificSuffix":"MD","birthDate":"1980-06-16","gender":"masculino","award":["V\u00e1rios pr\u00eamios de melhor portal da cidade"],"jobTitle":"Diretor","url":"https:\/\/ubirataonline.com.br\/en\/author\/ubirataonline\/"},{"@type":"PostalAddress","@id":"https:\/\/ubirataonline.com.br\/evil-dead-star-bruce-campbell-pivots-genres-with-oregon-film\/#local-main-place-address","streetAddress":"Rua dos Coqueiros, 104 - Bairro Boa Vista, Rua dos Coqueiros, 104 Bairro Boa Vista","addressLocality":"UBIRATA","postalCode":"85440-000","addressRegion":"PR","addressCountry":"BR"},{"@type":"ImageObject","inLanguage":"en-US","@id":"https:\/\/ubirataonline.com.br\/evil-dead-star-bruce-campbell-pivots-genres-with-oregon-film\/#local-main-organization-logo","url":"https:\/\/ubirataonline.com.br\/wp-content\/uploads\/2026\/06\/logoubirataonline-1.webp","contentUrl":"https:\/\/ubirataonline.com.br\/wp-content\/uploads\/2026\/06\/logoubirataonline-1.webp","width":500,"height":500,"caption":"Ubirat\u00e3 Online Not\u00edcias"}]},"geo.placename":"UBIRATA","geo.position":{"lat":"-24.5361401","long":"-52.9921776"},"geo.region":"Brazil"},"_links":{"self":[{"href":"https:\/\/ubirataonline.com.br\/en\/wp-json\/wp\/v2\/posts\/97150","targetHints":{"allow":["GET"]}}],"collection":[{"href":"https:\/\/ubirataonline.com.br\/en\/wp-json\/wp\/v2\/posts"}],"about":[{"href":"https:\/\/ubirataonline.com.br\/en\/wp-json\/wp\/v2\/types\/post"}],"author":[{"embeddable":true,"href":"https:\/\/ubirataonline.com.br\/en\/wp-json\/wp\/v2\/users\/1"}],"replies":[{"embeddable":true,"href":"https:\/\/ubirataonline.com.br\/en\/wp-json\/wp\/v2\/comments?post=97150"}],"version-history":[{"count":0,"href":"https:\/\/ubirataonline.com.br\/en\/wp-json\/wp\/v2\/posts\/97150\/revisions"}],"wp:featuredmedia":[{"embeddable":true,"href":"https:\/\/ubirataonline.com.br\/en\/wp-json\/wp\/v2\/media\/97151"}],"wp:attachment":[{"href":"https:\/\/ubirataonline.com.br\/en\/wp-json\/wp\/v2\/media?parent=97150"}],"wp:term":[{"taxonomy":"category","embeddable":true,"href":"https:\/\/ubirataonline.com.br\/en\/wp-json\/wp\/v2\/categories?post=97150"},{"taxonomy":"post_tag","embeddable":true,"href":"https:\/\/ubirataonline.com.br\/en\/wp-json\/wp\/v2\/tags?post=97150"}],"curies":[{"name":"wp","href":"https:\/\/api.w.org\/{rel}","templated":true}]}}