{"id":97156,"date":"2026-03-25T05:35:47","date_gmt":"2026-03-25T08:35:47","guid":{"rendered":"https:\/\/ubirataonline.com.br\/bruce-campbell-steps-back-from-evil-dead-projects-after-cancer-diagnosis-expects-recovery\/"},"modified":"2026-03-25T05:35:47","modified_gmt":"2026-03-25T08:35:47","slug":"bruce-campbell-steps-back-from-evil-dead-projects-after-cancer-diagnosis-expects-recovery","status":"publish","type":"post","link":"https:\/\/ubirataonline.com.br\/en\/bruce-campbell-steps-back-from-evil-dead-projects-after-cancer-diagnosis-expects-recovery\/","title":{"rendered":"Bruce Campbell steps back from Evil Dead projects after cancer diagnosis, expects recovery"},"content":{"rendered":"<p><\/p>\n<div itemprop=\"text\">\n<details class=\"toc\">\n<summary><span class=\"show\">Show summary <\/span><span class=\"hide\">Hide summary <\/span><\/summary>\n<\/details>\n<p style=\"font-size:1.1em;font-weight:500;line-height:1.6;margin-bottom:20px\"><b>Bruce Campbell<\/b>, the iconic legend of the <b>Evil Dead<\/b> franchise, revealed on <b>March 2<\/b> that he\u2019s battling a treatable yet incurable cancer diagnosis. The <b>67-year-old actor<\/b> is stepping back from major commitments, including convention appearances and film work, to prioritize treatment through summer while maintaining his famous optimism.<\/p>\n<div style=\"background:#f9f9f9;padding:20px;border-left:4px solid #e74c3c;margin:25px 0\">\n<h3 style=\"margin-top:0\" id=\"toc-title-1\">&#x1f525; Quick Facts<\/h3>\n<ul style=\"margin:10px 0;padding-left:20px\">\n<li><b>Diagnosis Date<\/b>: Campbell announced his cancer on March 2, 2026, via social media statement.<\/li>\n<li><b>Cancer Type<\/b>: Treatable but not curable, specific type not disclosed publicly.<\/li>\n<li><b>Work Adjustments<\/b>: Reduced involvement in Evil Dead projects, focusing on independent film.<\/li>\n<li><b>Recovery Plan<\/b>: Expects to resume fall tour for new movie \u201cErnie &amp; Emma\u201d by September.<\/li>\n<\/ul>\n<\/div>\n<h2 id=\"toc-title-2\">Horror Icon Shares Cancer Diagnosis with Fans<\/h2>\n<p><b>Bruce Campbell<\/b> took to social media with characteristic honesty and humor, calling his health situation an \u201copportunity\u201d before clarifying the situation. The <b>B-movie legend<\/b>, best known for playing <b>Ash Williams<\/b>, emphasized he\u2019s \u201cnot trying to enlist sympathy\u201d but wanted fans to hear the truth from him directly. Campbell said he\u2019s \u201ca tough old son-of-a-bitch\u201d with strong support systems backing his recovery efforts.<\/p>\n<p>The announcement shocked the entertainment industry, as <b>Campbell<\/b> has remained actively involved in multiple projects and convention appearances. His statement revealed he\u2019s prioritizing treatment over professional obligations this summer, marking a significant shift in his usually busy schedule.<\/p>\n<h2 id=\"toc-title-3\">Stepping Back from Evil Dead Producer Duties<\/h2>\n<p>Months before his cancer diagnosis, <b>Campbell<\/b> had already decided to reduce his involvement in <b>Evil Dead Burn<\/b>, the franchise\u2019s upcoming July 2026 release. In conversations with filmmakers, <b>Campbell<\/b> realized the studio system\u2019s complexity wasn\u2019t for him anymore. He remains an executive producer but transferred most duties to longtime collaborators <b>Sam Raimi<\/b> and <b>Rob Tapert<\/b>.<\/p>\n<p>During a script development meeting for <b>Evil Dead Burn<\/b>, <b>Campbell<\/b> received twenty pages of notes in response to a ten-page treatment. That experience crystallized his decision. \u201cI got tired of arguing points with someone who\u2019s 26 years old about story and structure,\u201d he explained, choosing independence over studio politics and endless approval emails.<\/p>\n<h2 id=\"toc-title-4\">From Studio Films to Independent Passion Projects<\/h2>\n<p><b>Campbell<\/b> is deeply committed to his self-directed indie dramedy <b>\u201cErnie &amp; Emma,\u201d<\/b> which premiered on <b>Valentine\u2019s Day<\/b> in his adopted home state of <b>Oregon<\/b>. The film marks his first feature made completely outside the studio system since the original <b>Evil Dead<\/b> in 1981. He stars as a widowed pear salesman on a cross-country journey to scatter his wife\u2019s ashes, exploring themes of grief and resilience.<\/p>\n<table style=\"width:100%;border-collapse:collapse;margin:20px 0\">\n<tr style=\"background:#f4f4f4\">\n<td style=\"padding:12px;border:1px solid #ddd;font-weight:bold\">Project Element<\/td>\n<td style=\"padding:12px;border:1px solid #ddd;font-weight:bold\">Details<\/td>\n<\/tr>\n<tr>\n<td style=\"padding:12px;border:1px solid #ddd\">Film Title<\/td>\n<td style=\"padding:12px;border:1px solid #ddd\">Ernie &amp; Emma<\/td>\n<\/tr>\n<tr style=\"background:#f9f9f9\">\n<td style=\"padding:12px;border:1px solid #ddd\">Director<\/td>\n<td style=\"padding:12px;border:1px solid #ddd\">Bruce Campbell<\/td>\n<\/tr>\n<tr>\n<td style=\"padding:12px;border:1px solid #ddd\">Release Screening<\/td>\n<td style=\"padding:12px;border:1px solid #ddd\">February 14, 2026 (Portland, Oregon)<\/td>\n<\/tr>\n<tr style=\"background:#f9f9f9\">\n<td style=\"padding:12px;border:1px solid #ddd\">Fall Tour Plans<\/td>\n<td style=\"padding:12px;border:1px solid #ddd\">20 Alamo Drafthouse Cinema locations (September-November 2026)<\/td>\n<\/tr>\n<\/table>\n<blockquote style=\"border-left:4px solid #3498db;padding-left:20px;margin:25px 0;font-style:italic;color:#555\">\n<p>\n\u201cI\u2019m not trying to enlist sympathy, or advice. I just want to get ahead of this information in case false information gets out. Fear not, I am a tough old son-of-a-bitch and I have great support, so I expect to be around a while.\u201d\n<\/p>\n<\/blockquote>\n<p style=\"font-size:0.9em;color:#666;margin-top:-15px\">\u2014 <b>Bruce Campbell<\/b>, via social media statement<\/p>\n<h2 id=\"toc-title-5\">Balancing Treatment with Continued Creative Work<\/h2>\n<p><b>Campbell\u2019s<\/b> decision to refocus on independent filmmaking aligns perfectly with his cancer treatment timeline. Rather than managing studio committees and approval processes during recovery, he can concentrate on intimate creative work and personal healing. His <b>\u201cErnie &amp; Emma\u201d<\/b> tour demonstrates resilience, with the actor refusing to let circumstances derail his passion projects.<\/p>\n<p>The <b>Evil Dead<\/b> franchise continues without heavy Campbell involvement, though he retains executive producer credit. <b>Evil Dead Burn<\/b>, directed by <b>S\u00e9bastien Vanicek<\/b>, arrives <b>July 24, 2026<\/b>, with another installment in development. <b>Campbell\u2019s<\/b> step back creates space for <b>Raimi<\/b> and <b>Tapert<\/b> to drive the franchise forward while he pursues storytelling on his own terms.<\/p>\n<h2 id=\"toc-title-6\">What\u2019s Next for the B-Movie Legend\u2019s Recovery and Career?<\/h2>\n<p><b>Campbell<\/b> has set ambitious but achievable goals for himself through 2026. He expects to complete cancer treatment by summer, positioning himself for the fall <b>\u201cErnie &amp; Emma\u201d<\/b> tour across <b>20 Alamo Drafthouse<\/b> locations nationwide. This phased approach prioritizes health without abandoning creative pursuits entirely, reflecting his legendary toughness and determination.<\/p>\n<p>The horror community has rallied behind the <b>Evil Dead<\/b> icon with overwhelming support since his announcement. Fans and industry peers recognize his pioneering role in indie horror films and appreciate his direct communication about his condition. As <b>Campbell<\/b> continues treatment, his focus remains on recovery first, creative work second, and proving once again that he truly is \u201ca tough old son-of-a-bitch.\u201d<\/p>\n<h3 id=\"toc-title-7\">Sources<\/h3>\n<ul>\n<li><b>Variety<\/b> \u2013 Campbell\u2019s full cancer diagnosis statement and treatment plans<\/li>\n<li><b>Forbes<\/b> \u2013 Campbell\u2019s decision to reduce Evil Dead producer involvement<\/li>\n<li><b>NBC News<\/b> \u2013 Primary coverage of cancer diagnosis and recovery expectations<\/li>\n<\/ul>\n<p><!-- CONTENT END 5 -->\n\t\t<\/div>\n<div id=\"rate-content\">\n<h2>Give your feedback<\/h2>\n<p><span class=\"star\" data-rating=\"1\">\u2605<\/span><span class=\"star\" data-rating=\"2\">\u2605<\/span><span class=\"star\" data-rating=\"3\">\u2605<\/span><span class=\"star\" data-rating=\"4\">\u2605<\/span><span class=\"star\" data-rating=\"5\">\u2605<\/span><\/p>\n<p class=\"vote-info\">Be the first to rate this post<br \/>or <a href=\"#comments\">leave a detailed review<\/a><\/p>\n<\/div>\n<p><a href=\"https:\/\/artthreat.net\/12656-70345-bruce-campbell-steps-back-from-evil-dead-projects-after-cancer-diagnosis-expects\/\">Source link <\/a><br \/>\nSee more https:\/\/theglobaltrack.com\/<\/p>","protected":false},"excerpt":{"rendered":"<p>Show summary Hide summary Bruce Campbell, the iconic legend of the Evil Dead franchise, revealed on March 2 that he\u2019s battling a treatable yet incurable cancer diagnosis. The 67-year-old actor is stepping back from major commitments, including convention appearances and film work, to prioritize treatment through summer while maintaining his famous optimism. &#x1f525; Quick Facts [&hellip;]<\/p>\n","protected":false},"author":1,"featured_media":0,"comment_status":"","ping_status":"","sticky":false,"template":"","format":"standard","meta":{"googlesitekit_rrm_CAow2JLhCw:productID":"","_gspb_post_css":"","maa_idioma":"","maa_pais":"","footnotes":""},"categories":[1],"tags":[6697,10972,3968,6160,15292,10797,23852,8082,10906,11466],"class_list":["post-97156","post","type-post","status-publish","format-standard","hentry","category-ubirata","tag-bruce","tag-campbell","tag-cancer","tag-dead","tag-diagnosis","tag-evil","tag-expects","tag-projects","tag-recovery","tag-steps"],"blocksy_meta":[],"yoast_head":"<!-- This site is optimized with the Yoast SEO Premium plugin v27.6 (Yoast SEO v27.6) - https:\/\/yoast.com\/product\/yoast-seo-premium-wordpress\/ -->\n<title>Bruce Campbell steps back from Evil Dead projects after cancer diagnosis, expects recovery - Ubirat\u00e3 Online Not\u00edcias - A realidade ao seu alcance!<\/title>\n<meta name=\"description\" content=\"Show summary Hide summary Bruce Campbell, the iconic legend of the Evil Dead franchise, revealed on March 2 that he\u2019s battling a treatable yet incurable\" \/>\n<meta name=\"robots\" content=\"index, follow, max-snippet:-1, max-image-preview:large, max-video-preview:-1\" \/>\n<link rel=\"canonical\" href=\"https:\/\/ubirataonline.com.br\/en\/bruce-campbell-steps-back-from-evil-dead-projects-after-cancer-diagnosis-expects-recovery\/\" \/>\n<meta property=\"og:locale\" content=\"en_US\" \/>\n<meta property=\"og:type\" content=\"article\" \/>\n<meta property=\"og:title\" content=\"Bruce Campbell steps back from Evil Dead projects after cancer diagnosis, expects recovery\" \/>\n<meta property=\"og:description\" content=\"Show summary Hide summary Bruce Campbell, the iconic legend of the Evil Dead franchise, revealed on March 2 that he\u2019s battling a treatable yet incurable\" \/>\n<meta property=\"og:url\" content=\"https:\/\/ubirataonline.com.br\/en\/bruce-campbell-steps-back-from-evil-dead-projects-after-cancer-diagnosis-expects-recovery\/\" \/>\n<meta property=\"og:site_name\" content=\"Ubirat\u00e3 Online Not\u00edcias - A realidade ao seu alcance!\" \/>\n<meta property=\"article:publisher\" content=\"https:\/\/www.facebook.com\/portalubirataonline\" \/>\n<meta property=\"article:author\" content=\"https:\/\/www.facebook.com\/portalubirataonline\" \/>\n<meta property=\"article:published_time\" content=\"2026-03-25T08:35:47+00:00\" \/>\n<meta property=\"og:image\" content=\"https:\/\/ubirataonline.com.br\/wp-content\/uploads\/2026\/05\/logo2026.webp\" \/>\n\t<meta property=\"og:image:width\" content=\"1531\" \/>\n\t<meta property=\"og:image:height\" content=\"418\" \/>\n\t<meta property=\"og:image:type\" content=\"image\/webp\" \/>\n<meta name=\"author\" content=\"REDA\u00c7\u00c3O: UBIRAT\u00c3 ONLINE - F\u00c1BIO AUGUSTO CELESTINO\" \/>\n<meta name=\"twitter:card\" content=\"summary_large_image\" \/>\n<meta name=\"twitter:creator\" content=\"@x.com\/ubirataonline\" \/>\n<meta name=\"twitter:site\" content=\"@ubirataonline\" \/>\n<meta name=\"twitter:label1\" content=\"Written by\" \/>\n\t<meta name=\"twitter:data1\" content=\"REDA\u00c7\u00c3O: UBIRAT\u00c3 ONLINE - F\u00c1BIO AUGUSTO CELESTINO\" \/>\n\t<meta name=\"twitter:label2\" content=\"Est. reading time\" \/>\n\t<meta name=\"twitter:data2\" content=\"4 minutes\" \/>\n<script type=\"application\/ld+json\" class=\"yoast-schema-graph\">{\"@context\":\"https:\\\/\\\/schema.org\",\"@graph\":[{\"@type\":\"NewsArticle\",\"@id\":\"https:\\\/\\\/ubirataonline.com.br\\\/bruce-campbell-steps-back-from-evil-dead-projects-after-cancer-diagnosis-expects-recovery\\\/#article\",\"isPartOf\":{\"@id\":\"https:\\\/\\\/ubirataonline.com.br\\\/bruce-campbell-steps-back-from-evil-dead-projects-after-cancer-diagnosis-expects-recovery\\\/\"},\"author\":{\"name\":\"REDA\u00c7\u00c3O: UBIRAT\u00c3 ONLINE - F\u00c1BIO AUGUSTO CELESTINO\",\"@id\":\"https:\\\/\\\/ubirataonline.com.br\\\/#\\\/schema\\\/person\\\/372f87bbd3fdd79b8556b84c98d0bc1c\"},\"headline\":\"Bruce Campbell steps back from Evil Dead projects after cancer diagnosis, expects recovery\",\"datePublished\":\"2026-03-25T08:35:47+00:00\",\"mainEntityOfPage\":{\"@id\":\"https:\\\/\\\/ubirataonline.com.br\\\/bruce-campbell-steps-back-from-evil-dead-projects-after-cancer-diagnosis-expects-recovery\\\/\"},\"wordCount\":777,\"publisher\":{\"@id\":\"https:\\\/\\\/ubirataonline.com.br\\\/#organization\"},\"keywords\":[\"Bruce\",\"Campbell\",\"c\u00e2ncer\",\"dead\",\"Diagnosis\",\"Evil\",\"expects\",\"Projects\",\"recovery\",\"steps\"],\"articleSection\":[\"Ubirat\u00e3\"],\"inLanguage\":\"en-US\",\"copyrightYear\":\"2026\",\"copyrightHolder\":{\"@id\":\"https:\\\/\\\/ubirataonline.com.br\\\/en\\\/#organization\"}},{\"@type\":\"WebPage\",\"@id\":\"https:\\\/\\\/ubirataonline.com.br\\\/bruce-campbell-steps-back-from-evil-dead-projects-after-cancer-diagnosis-expects-recovery\\\/\",\"url\":\"https:\\\/\\\/ubirataonline.com.br\\\/bruce-campbell-steps-back-from-evil-dead-projects-after-cancer-diagnosis-expects-recovery\\\/\",\"name\":\"Bruce Campbell steps back from Evil Dead projects after cancer diagnosis, expects recovery - Ubirat\u00e3 Online Not\u00edcias - A realidade ao seu alcance!\",\"isPartOf\":{\"@id\":\"https:\\\/\\\/ubirataonline.com.br\\\/#website\"},\"datePublished\":\"2026-03-25T08:35:47+00:00\",\"description\":\"Show summary Hide summary Bruce Campbell, the iconic legend of the Evil Dead franchise, revealed on March 2 that he\u2019s battling a treatable yet incurable\",\"breadcrumb\":{\"@id\":\"https:\\\/\\\/ubirataonline.com.br\\\/bruce-campbell-steps-back-from-evil-dead-projects-after-cancer-diagnosis-expects-recovery\\\/#breadcrumb\"},\"inLanguage\":\"en-US\",\"potentialAction\":[{\"@type\":\"ReadAction\",\"target\":[\"https:\\\/\\\/ubirataonline.com.br\\\/bruce-campbell-steps-back-from-evil-dead-projects-after-cancer-diagnosis-expects-recovery\\\/\"]}]},{\"@type\":\"BreadcrumbList\",\"@id\":\"https:\\\/\\\/ubirataonline.com.br\\\/bruce-campbell-steps-back-from-evil-dead-projects-after-cancer-diagnosis-expects-recovery\\\/#breadcrumb\",\"itemListElement\":[{\"@type\":\"ListItem\",\"position\":1,\"name\":\"In\u00edcio\",\"item\":\"https:\\\/\\\/ubirataonline.com.br\\\/\"},{\"@type\":\"ListItem\",\"position\":2,\"name\":\"Bruce Campbell steps back from Evil Dead projects after cancer diagnosis, expects recovery\"}]},{\"@type\":\"WebSite\",\"@id\":\"https:\\\/\\\/ubirataonline.com.br\\\/#website\",\"url\":\"https:\\\/\\\/ubirataonline.com.br\\\/\",\"name\":\"Ubirat\u00e3 Online Not\u00edcias\",\"description\":\"Not\u00edcias de Ubirat\u00e3, regi\u00e3o, Brasil e mundo, com informa\u00e7\u00e3o atualizada e compromisso com o leitor.\",\"publisher\":{\"@id\":\"https:\\\/\\\/ubirataonline.com.br\\\/#organization\"},\"alternateName\":\"Ubirat\u00e3 Online\",\"potentialAction\":[{\"@type\":\"SearchAction\",\"target\":{\"@type\":\"EntryPoint\",\"urlTemplate\":\"https:\\\/\\\/ubirataonline.com.br\\\/?s={search_term_string}\"},\"query-input\":{\"@type\":\"PropertyValueSpecification\",\"valueRequired\":true,\"valueName\":\"search_term_string\"}}],\"inLanguage\":\"en-US\"},{\"@type\":[\"Organization\",\"Place\"],\"@id\":\"https:\\\/\\\/ubirataonline.com.br\\\/#organization\",\"name\":\"Ubirat\u00e3 Online Not\u00edcias\",\"alternateName\":\"Ubirat\u00e3 Online\",\"url\":\"https:\\\/\\\/ubirataonline.com.br\\\/\",\"logo\":{\"@id\":\"https:\\\/\\\/ubirataonline.com.br\\\/bruce-campbell-steps-back-from-evil-dead-projects-after-cancer-diagnosis-expects-recovery\\\/#local-main-organization-logo\"},\"image\":{\"@id\":\"https:\\\/\\\/ubirataonline.com.br\\\/bruce-campbell-steps-back-from-evil-dead-projects-after-cancer-diagnosis-expects-recovery\\\/#local-main-organization-logo\"},\"sameAs\":[\"https:\\\/\\\/www.facebook.com\\\/portalubirataonline\",\"https:\\\/\\\/x.com\\\/ubirataonline\",\"https:\\\/\\\/mastodon.social\\\/@ubirataonline\",\"https:\\\/\\\/www.facebook.com\\\/groups\\\/311144672285604\",\"https:\\\/\\\/www.facebook.com\\\/UBTAOnline\",\"https:\\\/\\\/www.instagram.com\\\/portalubirataonline\\\/\",\"https:\\\/\\\/twitter.com\\\/ubirataonline\"],\"description\":\"Somos um portal de not\u00edcias independente, criado em 5 de janeiro de 2009, com o objetivo de informar, conectar e valorizar a nossa comunidade de Ubirat\u00e3 e toda aregi\u00e3o. Com conte\u00fado atualizado, confi\u00e1vel e relevante, o Ubirat\u00e3 Online \u00e9 o seu espa\u00e7o para ficar por dentro dos principais acontecimentos locais, regionais, Brasil, Mundo e de interesse geral. Nosso compromisso \u00e9 com a verdade, a transpar\u00eancia e o respeito ao leitor.\",\"legalName\":\"UBIRATA ONLINE NOT\u00cdCIAS\",\"foundingDate\":\"2009-01-05\",\"numberOfEmployees\":{\"@type\":\"QuantitativeValue\",\"minValue\":\"1\",\"maxValue\":\"10\"},\"publishingPrinciples\":\"https:\\\/\\\/ubirataonline.com.br\\\/faq\\\/\",\"address\":{\"@id\":\"https:\\\/\\\/ubirataonline.com.br\\\/bruce-campbell-steps-back-from-evil-dead-projects-after-cancer-diagnosis-expects-recovery\\\/#local-main-place-address\"},\"geo\":{\"@type\":\"GeoCoordinates\",\"latitude\":\"-24.5361401\",\"longitude\":\"-52.9921776\"},\"telephone\":[\"+5544998308235\"],\"contactPoint\":{\"@type\":\"ContactPoint\",\"email\":\"contato@ubirataonline.com.br\"},\"openingHoursSpecification\":{\"@type\":\"OpeningHoursSpecification\",\"dayOfWeek\":[\"Monday\",\"Tuesday\",\"Wednesday\",\"Thursday\",\"Friday\",\"Saturday\",\"Sunday\"],\"opens\":\"00:00\",\"closes\":\"23:59\"},\"email\":\"contato@ubirataonline.com.br\",\"vatID\":\"47.621.418\\\/0001-80\"},{\"@type\":\"Person\",\"@id\":\"https:\\\/\\\/ubirataonline.com.br\\\/#\\\/schema\\\/person\\\/372f87bbd3fdd79b8556b84c98d0bc1c\",\"name\":\"REDA\u00c7\u00c3O: UBIRAT\u00c3 ONLINE - F\u00c1BIO AUGUSTO CELESTINO\",\"pronouns\":\"Ele\",\"description\":\"Desde 2003 trabalhando com not\u00edcias.\",\"sameAs\":[\"http:\\\/\\\/ubirataoline.com.br\",\"https:\\\/\\\/www.facebook.com\\\/portalubirataonline\",\"https:\\\/\\\/www.instagram.com\\\/ubirataonline_oficial\",\"https:\\\/\\\/x.com\\\/x.com\\\/ubirataonline\"],\"honorificPrefix\":\"Mr.\",\"honorificSuffix\":\"MD\",\"birthDate\":\"1980-06-16\",\"gender\":\"masculino\",\"award\":[\"V\u00e1rios pr\u00eamios de melhor portal da cidade\"],\"jobTitle\":\"Diretor\",\"url\":\"https:\\\/\\\/ubirataonline.com.br\\\/en\\\/author\\\/ubirataonline\\\/\"},{\"@type\":\"PostalAddress\",\"@id\":\"https:\\\/\\\/ubirataonline.com.br\\\/bruce-campbell-steps-back-from-evil-dead-projects-after-cancer-diagnosis-expects-recovery\\\/#local-main-place-address\",\"streetAddress\":\"Rua dos Coqueiros, 104 - Bairro Boa Vista, Rua dos Coqueiros, 104 Bairro Boa Vista\",\"addressLocality\":\"UBIRATA\",\"postalCode\":\"85440-000\",\"addressRegion\":\"PR\",\"addressCountry\":\"BR\"},{\"@type\":\"ImageObject\",\"inLanguage\":\"en-US\",\"@id\":\"https:\\\/\\\/ubirataonline.com.br\\\/bruce-campbell-steps-back-from-evil-dead-projects-after-cancer-diagnosis-expects-recovery\\\/#local-main-organization-logo\",\"url\":\"https:\\\/\\\/ubirataonline.com.br\\\/wp-content\\\/uploads\\\/2026\\\/06\\\/logoubirataonline-1.webp\",\"contentUrl\":\"https:\\\/\\\/ubirataonline.com.br\\\/wp-content\\\/uploads\\\/2026\\\/06\\\/logoubirataonline-1.webp\",\"width\":500,\"height\":500,\"caption\":\"Ubirat\u00e3 Online Not\u00edcias\"}]}<\/script>\n<meta name=\"geo.placename\" content=\"UBIRATA\" \/>\n<meta name=\"geo.position\" content=\"-24.5361401;-52.9921776\" \/>\n<meta name=\"geo.region\" content=\"Brazil\" \/>\n<!-- \/ Yoast SEO Premium plugin. -->","yoast_head_json":{"title":"Bruce Campbell steps back from Evil Dead projects after cancer diagnosis, expects recovery - Ubirat\u00e3 Online Not\u00edcias - A realidade ao seu alcance!","description":"Show summary Hide summary Bruce Campbell, the iconic legend of the Evil Dead franchise, revealed on March 2 that he\u2019s battling a treatable yet incurable","robots":{"index":"index","follow":"follow","max-snippet":"max-snippet:-1","max-image-preview":"max-image-preview:large","max-video-preview":"max-video-preview:-1"},"canonical":"https:\/\/ubirataonline.com.br\/en\/bruce-campbell-steps-back-from-evil-dead-projects-after-cancer-diagnosis-expects-recovery\/","og_locale":"en_US","og_type":"article","og_title":"Bruce Campbell steps back from Evil Dead projects after cancer diagnosis, expects recovery","og_description":"Show summary Hide summary Bruce Campbell, the iconic legend of the Evil Dead franchise, revealed on March 2 that he\u2019s battling a treatable yet incurable","og_url":"https:\/\/ubirataonline.com.br\/en\/bruce-campbell-steps-back-from-evil-dead-projects-after-cancer-diagnosis-expects-recovery\/","og_site_name":"Ubirat\u00e3 Online Not\u00edcias - A realidade ao seu alcance!","article_publisher":"https:\/\/www.facebook.com\/portalubirataonline","article_author":"https:\/\/www.facebook.com\/portalubirataonline","article_published_time":"2026-03-25T08:35:47+00:00","og_image":[{"width":1531,"height":418,"url":"https:\/\/ubirataonline.com.br\/wp-content\/uploads\/2026\/05\/logo2026.webp","type":"image\/webp"}],"author":"REDA\u00c7\u00c3O: UBIRAT\u00c3 ONLINE - F\u00c1BIO AUGUSTO CELESTINO","twitter_card":"summary_large_image","twitter_creator":"@x.com\/ubirataonline","twitter_site":"@ubirataonline","twitter_misc":{"Written by":"REDA\u00c7\u00c3O: UBIRAT\u00c3 ONLINE - F\u00c1BIO AUGUSTO CELESTINO","Est. reading time":"4 minutes"},"schema":{"@context":"https:\/\/schema.org","@graph":[{"@type":"NewsArticle","@id":"https:\/\/ubirataonline.com.br\/bruce-campbell-steps-back-from-evil-dead-projects-after-cancer-diagnosis-expects-recovery\/#article","isPartOf":{"@id":"https:\/\/ubirataonline.com.br\/bruce-campbell-steps-back-from-evil-dead-projects-after-cancer-diagnosis-expects-recovery\/"},"author":{"name":"REDA\u00c7\u00c3O: UBIRAT\u00c3 ONLINE - F\u00c1BIO AUGUSTO CELESTINO","@id":"https:\/\/ubirataonline.com.br\/#\/schema\/person\/372f87bbd3fdd79b8556b84c98d0bc1c"},"headline":"Bruce Campbell steps back from Evil Dead projects after cancer diagnosis, expects recovery","datePublished":"2026-03-25T08:35:47+00:00","mainEntityOfPage":{"@id":"https:\/\/ubirataonline.com.br\/bruce-campbell-steps-back-from-evil-dead-projects-after-cancer-diagnosis-expects-recovery\/"},"wordCount":777,"publisher":{"@id":"https:\/\/ubirataonline.com.br\/#organization"},"keywords":["Bruce","Campbell","c\u00e2ncer","dead","Diagnosis","Evil","expects","Projects","recovery","steps"],"articleSection":["Ubirat\u00e3"],"inLanguage":"en-US","copyrightYear":"2026","copyrightHolder":{"@id":"https:\/\/ubirataonline.com.br\/en\/#organization"}},{"@type":"WebPage","@id":"https:\/\/ubirataonline.com.br\/bruce-campbell-steps-back-from-evil-dead-projects-after-cancer-diagnosis-expects-recovery\/","url":"https:\/\/ubirataonline.com.br\/bruce-campbell-steps-back-from-evil-dead-projects-after-cancer-diagnosis-expects-recovery\/","name":"Bruce Campbell steps back from Evil Dead projects after cancer diagnosis, expects recovery - Ubirat\u00e3 Online Not\u00edcias - A realidade ao seu alcance!","isPartOf":{"@id":"https:\/\/ubirataonline.com.br\/#website"},"datePublished":"2026-03-25T08:35:47+00:00","description":"Show summary Hide summary Bruce Campbell, the iconic legend of the Evil Dead franchise, revealed on March 2 that he\u2019s battling a treatable yet incurable","breadcrumb":{"@id":"https:\/\/ubirataonline.com.br\/bruce-campbell-steps-back-from-evil-dead-projects-after-cancer-diagnosis-expects-recovery\/#breadcrumb"},"inLanguage":"en-US","potentialAction":[{"@type":"ReadAction","target":["https:\/\/ubirataonline.com.br\/bruce-campbell-steps-back-from-evil-dead-projects-after-cancer-diagnosis-expects-recovery\/"]}]},{"@type":"BreadcrumbList","@id":"https:\/\/ubirataonline.com.br\/bruce-campbell-steps-back-from-evil-dead-projects-after-cancer-diagnosis-expects-recovery\/#breadcrumb","itemListElement":[{"@type":"ListItem","position":1,"name":"In\u00edcio","item":"https:\/\/ubirataonline.com.br\/"},{"@type":"ListItem","position":2,"name":"Bruce Campbell steps back from Evil Dead projects after cancer diagnosis, expects recovery"}]},{"@type":"WebSite","@id":"https:\/\/ubirataonline.com.br\/#website","url":"https:\/\/ubirataonline.com.br\/","name":"Ubirat\u00e3 Online Not\u00edcias","description":"Not\u00edcias de Ubirat\u00e3, regi\u00e3o, Brasil e mundo, com informa\u00e7\u00e3o atualizada e compromisso com o leitor.","publisher":{"@id":"https:\/\/ubirataonline.com.br\/#organization"},"alternateName":"Ubirat\u00e3 Online","potentialAction":[{"@type":"SearchAction","target":{"@type":"EntryPoint","urlTemplate":"https:\/\/ubirataonline.com.br\/?s={search_term_string}"},"query-input":{"@type":"PropertyValueSpecification","valueRequired":true,"valueName":"search_term_string"}}],"inLanguage":"en-US"},{"@type":["Organization","Place"],"@id":"https:\/\/ubirataonline.com.br\/#organization","name":"Ubirat\u00e3 Online Not\u00edcias","alternateName":"Ubirat\u00e3 Online","url":"https:\/\/ubirataonline.com.br\/","logo":{"@id":"https:\/\/ubirataonline.com.br\/bruce-campbell-steps-back-from-evil-dead-projects-after-cancer-diagnosis-expects-recovery\/#local-main-organization-logo"},"image":{"@id":"https:\/\/ubirataonline.com.br\/bruce-campbell-steps-back-from-evil-dead-projects-after-cancer-diagnosis-expects-recovery\/#local-main-organization-logo"},"sameAs":["https:\/\/www.facebook.com\/portalubirataonline","https:\/\/x.com\/ubirataonline","https:\/\/mastodon.social\/@ubirataonline","https:\/\/www.facebook.com\/groups\/311144672285604","https:\/\/www.facebook.com\/UBTAOnline","https:\/\/www.instagram.com\/portalubirataonline\/","https:\/\/twitter.com\/ubirataonline"],"description":"Somos um portal de not\u00edcias independente, criado em 5 de janeiro de 2009, com o objetivo de informar, conectar e valorizar a nossa comunidade de Ubirat\u00e3 e toda aregi\u00e3o. Com conte\u00fado atualizado, confi\u00e1vel e relevante, o Ubirat\u00e3 Online \u00e9 o seu espa\u00e7o para ficar por dentro dos principais acontecimentos locais, regionais, Brasil, Mundo e de interesse geral. Nosso compromisso \u00e9 com a verdade, a transpar\u00eancia e o respeito ao leitor.","legalName":"UBIRATA ONLINE NOT\u00cdCIAS","foundingDate":"2009-01-05","numberOfEmployees":{"@type":"QuantitativeValue","minValue":"1","maxValue":"10"},"publishingPrinciples":"https:\/\/ubirataonline.com.br\/faq\/","address":{"@id":"https:\/\/ubirataonline.com.br\/bruce-campbell-steps-back-from-evil-dead-projects-after-cancer-diagnosis-expects-recovery\/#local-main-place-address"},"geo":{"@type":"GeoCoordinates","latitude":"-24.5361401","longitude":"-52.9921776"},"telephone":["+5544998308235"],"contactPoint":{"@type":"ContactPoint","email":"contato@ubirataonline.com.br"},"openingHoursSpecification":{"@type":"OpeningHoursSpecification","dayOfWeek":["Monday","Tuesday","Wednesday","Thursday","Friday","Saturday","Sunday"],"opens":"00:00","closes":"23:59"},"email":"contato@ubirataonline.com.br","vatID":"47.621.418\/0001-80"},{"@type":"Person","@id":"https:\/\/ubirataonline.com.br\/#\/schema\/person\/372f87bbd3fdd79b8556b84c98d0bc1c","name":"REDA\u00c7\u00c3O: UBIRAT\u00c3 ONLINE - F\u00c1BIO AUGUSTO CELESTINO","pronouns":"Ele","description":"Desde 2003 trabalhando com not\u00edcias.","sameAs":["http:\/\/ubirataoline.com.br","https:\/\/www.facebook.com\/portalubirataonline","https:\/\/www.instagram.com\/ubirataonline_oficial","https:\/\/x.com\/x.com\/ubirataonline"],"honorificPrefix":"Mr.","honorificSuffix":"MD","birthDate":"1980-06-16","gender":"masculino","award":["V\u00e1rios pr\u00eamios de melhor portal da cidade"],"jobTitle":"Diretor","url":"https:\/\/ubirataonline.com.br\/en\/author\/ubirataonline\/"},{"@type":"PostalAddress","@id":"https:\/\/ubirataonline.com.br\/bruce-campbell-steps-back-from-evil-dead-projects-after-cancer-diagnosis-expects-recovery\/#local-main-place-address","streetAddress":"Rua dos Coqueiros, 104 - Bairro Boa Vista, Rua dos Coqueiros, 104 Bairro Boa Vista","addressLocality":"UBIRATA","postalCode":"85440-000","addressRegion":"PR","addressCountry":"BR"},{"@type":"ImageObject","inLanguage":"en-US","@id":"https:\/\/ubirataonline.com.br\/bruce-campbell-steps-back-from-evil-dead-projects-after-cancer-diagnosis-expects-recovery\/#local-main-organization-logo","url":"https:\/\/ubirataonline.com.br\/wp-content\/uploads\/2026\/06\/logoubirataonline-1.webp","contentUrl":"https:\/\/ubirataonline.com.br\/wp-content\/uploads\/2026\/06\/logoubirataonline-1.webp","width":500,"height":500,"caption":"Ubirat\u00e3 Online Not\u00edcias"}]},"geo.placename":"UBIRATA","geo.position":{"lat":"-24.5361401","long":"-52.9921776"},"geo.region":"Brazil"},"_links":{"self":[{"href":"https:\/\/ubirataonline.com.br\/en\/wp-json\/wp\/v2\/posts\/97156","targetHints":{"allow":["GET"]}}],"collection":[{"href":"https:\/\/ubirataonline.com.br\/en\/wp-json\/wp\/v2\/posts"}],"about":[{"href":"https:\/\/ubirataonline.com.br\/en\/wp-json\/wp\/v2\/types\/post"}],"author":[{"embeddable":true,"href":"https:\/\/ubirataonline.com.br\/en\/wp-json\/wp\/v2\/users\/1"}],"replies":[{"embeddable":true,"href":"https:\/\/ubirataonline.com.br\/en\/wp-json\/wp\/v2\/comments?post=97156"}],"version-history":[{"count":0,"href":"https:\/\/ubirataonline.com.br\/en\/wp-json\/wp\/v2\/posts\/97156\/revisions"}],"wp:attachment":[{"href":"https:\/\/ubirataonline.com.br\/en\/wp-json\/wp\/v2\/media?parent=97156"}],"wp:term":[{"taxonomy":"category","embeddable":true,"href":"https:\/\/ubirataonline.com.br\/en\/wp-json\/wp\/v2\/categories?post=97156"},{"taxonomy":"post_tag","embeddable":true,"href":"https:\/\/ubirataonline.com.br\/en\/wp-json\/wp\/v2\/tags?post=97156"}],"curies":[{"name":"wp","href":"https:\/\/api.w.org\/{rel}","templated":true}]}}