{"id":97157,"date":"2026-03-25T05:41:48","date_gmt":"2026-03-25T08:41:48","guid":{"rendered":"https:\/\/ubirataonline.com.br\/tse-condena-claudio-castro-a-inelegibilidade-ate-2030\/"},"modified":"2026-03-25T05:41:50","modified_gmt":"2026-03-25T08:41:50","slug":"tse-condena-claudio-castro-a-inelegibilidade-ate-2030","status":"publish","type":"post","link":"https:\/\/ubirataonline.com.br\/en\/tse-condena-claudio-castro-a-inelegibilidade-ate-2030\/","title":{"rendered":"TSE condena Cl\u00e1udio Castro \u00e0 inelegibilidade at\u00e9 2030"},"content":{"rendered":"<p><\/p>\n<div id=\"\">\n<p style=\"text-align: justify;\">O Tribunal Superior Eleitoral (<a href=\"https:\/\/veja.abril.com.br\/noticias-sobre\/tse\/\">TSE<\/a>) condenou nesta ter\u00e7a-feira, 24, o ex-governador do Rio, Cl\u00e1udio Castro (PL), por abuso de poder pol\u00edtico e econ\u00f4mico nas elei\u00e7\u00f5es de 2022. Com a decis\u00e3o, ele ficar\u00e1 ineleg\u00edvel at\u00e9 2030. O placar terminou em 5 a 2.<\/p>\n<p style=\"text-align: justify;\">A maioria foi formada com os votos de Isabel Gallotti (relatora), Ant\u00f4nio Carlos Ferreira, Floriano de Azevedo Marques, Estela Aranha e <a href=\"https:\/\/veja.abril.com.br\/noticias-sobre\/carmen-lucia\/\">C\u00e1rmen L\u00facia<\/a>. Os ministros Kassio Nunes Marques e Andr\u00e9 Mendon\u00e7a foram os <a href=\"https:\/\/veja.abril.com.br\/politica\/kassio-vota-para-absolver-claudio-castro-em-processo-que-pode-deixa-lo-inelegivel\/\">\u00fanicos que votaram a favor do ex-governador<\/a>.<\/p>\n<p style=\"text-align: justify;\"><span style=\"font-weight: 400;\">Cl\u00e1udio Castro deixou o Pal\u00e1cio Guanabara na v\u00e9spera da retomada do julgamento no TSE para escapar do desgaste da cassa\u00e7\u00e3o, que j\u00e1 era prevista no entorno do ex-governador, e ao mesmo tempo evitar qualquer brecha para uma elei\u00e7\u00e3o-tamp\u00e3o direta no Rio. Ontem, na cerim\u00f4nia de \u201cencerramento de mandato\u201d, ele declarou que sai \u201cde cabe\u00e7a erguida\u201d.<\/span><\/p>\n<p style=\"text-align: justify;\">Com a ren\u00fancia, a elei\u00e7\u00e3o-tamp\u00e3o no Rio tende a ser indireta, na Assembleia Legislativa do Rio, onde o PL, partido de Castro, tem a maior bancada. A situa\u00e7\u00e3o jur\u00eddica do ex-governador, por sua vez, \u00e9 mais complicada. Mesmo ineleg\u00edvel, ele poder\u00e1 registrar candidatura ao Senado, como planeja, e disputar a elei\u00e7\u00e3o sub judice. Nesse cen\u00e1rio, se for eleito, precisar\u00e1 correr contra o tempo para conseguir uma decis\u00e3o \u2013 ainda que liminar \u2013 do <a href=\"https:\/\/veja.abril.com.br\/noticias-sobre\/supremo-tribunal-federal\/\">Supremo Tribunal Federal<\/a> revertendo a inelegibilidade at\u00e9 a data da diploma\u00e7\u00e3o. Caso contr\u00e1rio, n\u00e3o poder\u00e1 ser diplomado. Aliados do governador admitem que ele vai concorrer ao Senado contando com uma vit\u00f3ria no Supremo.\u00a0<\/p>\n<p><!-- TEMPLATE INSERIDO --><\/p>\n<p><!-- MOST READ MARFEEL --><\/p>\n<p style=\"text-align: justify;\">O processo que levou \u00e0 condena\u00e7\u00e3o de Cl\u00e1udio Castro gira em torno da contrata\u00e7\u00e3o, por decreto, de 27,6 mil funcion\u00e1rios tempor\u00e1rios na Funda\u00e7\u00e3o Ceperj e na Universidade do Estado do Rio de Janeiro (Uerj). As contrata\u00e7\u00f5es custaram 519 milh\u00f5es de reais apenas no primeiro semestre de 2022. Os funcion\u00e1rios teriam atuado como cabos-eleitorais nas elei\u00e7\u00f5es de 2022, segundo o <a href=\"https:\/\/veja.abril.com.br\/noticias-sobre\/ministerio-publico\/\">Minist\u00e9rio P\u00fablico<\/a>. Castro nega irregularidades.\u00a0<\/p>\n<div class=\"ads post-ads noreadme-audima\">\n    <span class=\"title\">Continua ap\u00f3s a publicidade<\/span><\/p>\n<\/div>\n<p>Prevaleceu no TSE a compreens\u00e3o de que as contrata\u00e7\u00f5es tiveram motiva\u00e7\u00e3o exclusivamente eleitoral, sem respaldo t\u00e9cnico. Os ministros levaram em conta o aumento vertiginoso de repasses ao Ceperj e depoimentos que relataram coa\u00e7\u00e3o a servidores para participarem de eventos pol\u00edticos. O ex-governador foi considerado diretamente respons\u00e1vel pelos contrata\u00e7\u00f5es porque assinou o decreto que autorizou o programa.<\/p>\n<p>\u201cE<span style=\"font-weight: 400;\">starmos, mais uma vez, a votar um caso de pr\u00e1ticas grav\u00edssimas de governantes que receberam do bom povo do Rio de Janeiro a incumb\u00eancia de represent\u00e1-los.\u00a0<\/span><span style=\"font-weight: 400;\">Tem sido continuados os casos em que governantes do Rio n\u00e3o terminam os mandatos ou saem dos cargos, como agora, tendo em vista o exame e a conclus\u00e3o sobre pr\u00e1ticas absolutamente contr\u00e1rias a tudo que se p\u00f5e na Constitui\u00e7\u00e3o\u201d, criticou C\u00e1rmen L\u00facia.<\/span><\/p>\n<p>A condena\u00e7\u00e3o tamb\u00e9m alcan\u00e7a <span style=\"font-weight: 400;\">o presidente afastado da Assembleia Legislativa do Rio, Rodrigo Bacellar (Uni\u00e3o), que teve o mandato cassado pelo TSE e tamb\u00e9m ficar\u00e1 ineleg\u00edvel at\u00e9 2030, e Gabriel Rodrigues Lopes, ex-presidente do Ceperj. A Justi\u00e7a Eleitoral dever\u00e1 fazer a recontagem de votos para definir quem assume o mandato na Alerj.<\/span><\/p>\n<div class=\"ads post-ads noreadme-audima\">\n    <span class=\"title\">Continua ap\u00f3s a publicidade<\/span><\/p>\n<\/div>\n<p><span style=\"font-weight: 400;\">O ex-vice-governador Thiago Pampolha, que hoje est\u00e1 no Tribunal de Contas do Estado, tamb\u00e9m foi condenado, mas poupado da inelegibilidade. O TSE considerou que ele foi beneficiado pelo esquema, mas n\u00e3o teve inger\u00eancia nele.\u00a0<\/span><\/p>\n<p>Os ministros ainda determinaram a notifica\u00e7\u00e3o do Minist\u00e9rio P\u00fablico do Rio para aprofundar as investiga\u00e7\u00f5es, inclusive em rela\u00e7\u00e3o a gestores da Uerj. A sugest\u00e3o foi apresentada por Andr\u00e9 Mendon\u00e7a.<\/p>\n<p><span style=\"font-weight: 400;\">O processo teve idas e vindas desde novembro, quando come\u00e7ou a ser julgado, com dois pedidos de vista (mais tempo para an\u00e1lise), mas engatou por esfor\u00e7os da ministra C\u00e1rmen L\u00facia, presidente do TSE, que acelerou a tramita\u00e7\u00e3o na reta final de sua gest\u00e3o na Corte. Ela marcou at\u00e9 uma sess\u00e3o extraordin\u00e1ria, algo inusual, para concluir a vota\u00e7\u00e3o na quarta caso n\u00e3o houvesse tempo h\u00e1bil de todos os ministros apresentaram os votos nesta ter\u00e7a.<\/span><\/p>\n<p><span style=\"font-weight: 400;\">O ex-governador tentou, ao m\u00e1ximo, engavetar o julgamento. Isso porque, segundo a Lei das Inelegibilidades, os crit\u00e9rios de elegibilidade s\u00e3o verificados no momento do registro das candidaturas. Se conseguisse postergar o desfecho da vota\u00e7\u00e3o, ele poderia lan\u00e7ar candidatura ao Senado sem maiores preocupa\u00e7\u00f5es.\u00a0<\/span><span style=\"font-weight: 400;\">Com o ritmo imprimido por C\u00e1rmen L\u00facia, a estrat\u00e9gia n\u00e3o vingou.\u00a0<\/span><\/p>\n<\/p><\/div>\n<p><a href=\"https:\/\/veja.abril.com.br\/politica\/tse-condena-claudio-castro-a-inelegibilidade\/\">Fonte do Artigo <\/a><\/p>","protected":false},"excerpt":{"rendered":"<p>O Tribunal Superior Eleitoral (TSE) condenou nesta ter\u00e7a-feira, 24, o ex-governador do Rio, Cl\u00e1udio Castro (PL), por abuso de poder pol\u00edtico e econ\u00f4mico nas elei\u00e7\u00f5es de 2022. Com a decis\u00e3o, ele ficar\u00e1 ineleg\u00edvel at\u00e9 2030. O placar terminou em 5 a 2. A maioria foi formada com os votos de Isabel Gallotti (relatora), Ant\u00f4nio Carlos [&hellip;]<\/p>\n","protected":false},"author":1,"featured_media":97158,"comment_status":"closed","ping_status":"","sticky":false,"template":"","format":"standard","meta":{"googlesitekit_rrm_CAow2JLhCw:productID":"","_gspb_post_css":"","maa_idioma":"","maa_pais":"","footnotes":""},"categories":[4],"tags":[3452,5913,15286,5284,20328,23853],"class_list":["post-97157","post","type-post","status-publish","format-standard","has-post-thumbnail","hentry","category-brasil","tag-ate","tag-castro","tag-claudio","tag-condena","tag-inelegibilidade","tag-tse"],"blocksy_meta":[],"yoast_head":"<!-- This site is optimized with the Yoast SEO Premium plugin v27.6 (Yoast SEO v27.6) - https:\/\/yoast.com\/product\/yoast-seo-premium-wordpress\/ -->\n<title>TSE condena Cl\u00e1udio Castro \u00e0 inelegibilidade at\u00e9 2030 - Ubirat\u00e3 Online Not\u00edcias - A realidade ao seu alcance!<\/title>\n<meta name=\"description\" content=\"O Tribunal Superior Eleitoral (TSE) condenou nesta ter\u00e7a-feira, 24, o ex-governador do Rio, Cl\u00e1udio Castro (PL), por abuso de poder pol\u00edtico e econ\u00f4mico\" \/>\n<meta name=\"robots\" content=\"index, follow, max-snippet:-1, max-image-preview:large, max-video-preview:-1\" \/>\n<link rel=\"canonical\" href=\"https:\/\/ubirataonline.com.br\/en\/tse-condena-claudio-castro-a-inelegibilidade-ate-2030\/\" \/>\n<meta property=\"og:locale\" content=\"en_US\" \/>\n<meta property=\"og:type\" content=\"article\" \/>\n<meta property=\"og:title\" content=\"TSE condena Cl\u00e1udio Castro \u00e0 inelegibilidade at\u00e9 2030\" \/>\n<meta property=\"og:description\" content=\"O Tribunal Superior Eleitoral (TSE) condenou nesta ter\u00e7a-feira, 24, o ex-governador do Rio, Cl\u00e1udio Castro (PL), por abuso de poder pol\u00edtico e econ\u00f4mico\" \/>\n<meta property=\"og:url\" content=\"https:\/\/ubirataonline.com.br\/en\/tse-condena-claudio-castro-a-inelegibilidade-ate-2030\/\" \/>\n<meta property=\"og:site_name\" content=\"Ubirat\u00e3 Online Not\u00edcias - A realidade ao seu alcance!\" \/>\n<meta property=\"article:publisher\" content=\"https:\/\/www.facebook.com\/portalubirataonline\" \/>\n<meta property=\"article:author\" content=\"https:\/\/www.facebook.com\/portalubirataonline\" \/>\n<meta property=\"article:published_time\" content=\"2026-03-25T08:41:48+00:00\" \/>\n<meta property=\"article:modified_time\" content=\"2026-03-25T08:41:50+00:00\" \/>\n<meta property=\"og:image\" content=\"https:\/\/ubirataonline.com.br\/wp-content\/uploads\/2026\/03\/TSE-condena-Claudio-Castro-a-inelegibilidade-ate-2030.jpeg\" \/>\n\t<meta property=\"og:image:width\" content=\"1080\" \/>\n\t<meta property=\"og:image:height\" content=\"565\" \/>\n\t<meta property=\"og:image:type\" content=\"image\/jpeg\" \/>\n<meta name=\"author\" content=\"REDA\u00c7\u00c3O: UBIRAT\u00c3 ONLINE - F\u00c1BIO AUGUSTO CELESTINO\" \/>\n<meta name=\"twitter:card\" content=\"summary_large_image\" \/>\n<meta name=\"twitter:creator\" content=\"@x.com\/ubirataonline\" \/>\n<meta name=\"twitter:site\" content=\"@ubirataonline\" \/>\n<meta name=\"twitter:label1\" content=\"Written by\" \/>\n\t<meta name=\"twitter:data1\" content=\"REDA\u00c7\u00c3O: UBIRAT\u00c3 ONLINE - F\u00c1BIO AUGUSTO CELESTINO\" \/>\n\t<meta name=\"twitter:label2\" content=\"Est. reading time\" \/>\n\t<meta name=\"twitter:data2\" content=\"4 minutes\" \/>\n<script type=\"application\/ld+json\" class=\"yoast-schema-graph\">{\"@context\":\"https:\\\/\\\/schema.org\",\"@graph\":[{\"@type\":\"NewsArticle\",\"@id\":\"https:\\\/\\\/ubirataonline.com.br\\\/tse-condena-claudio-castro-a-inelegibilidade-ate-2030\\\/#article\",\"isPartOf\":{\"@id\":\"https:\\\/\\\/ubirataonline.com.br\\\/tse-condena-claudio-castro-a-inelegibilidade-ate-2030\\\/\"},\"author\":{\"name\":\"REDA\u00c7\u00c3O: UBIRAT\u00c3 ONLINE - F\u00c1BIO AUGUSTO CELESTINO\",\"@id\":\"https:\\\/\\\/ubirataonline.com.br\\\/#\\\/schema\\\/person\\\/372f87bbd3fdd79b8556b84c98d0bc1c\"},\"headline\":\"TSE condena Cl\u00e1udio Castro \u00e0 inelegibilidade at\u00e9 2030\",\"datePublished\":\"2026-03-25T08:41:48+00:00\",\"dateModified\":\"2026-03-25T08:41:50+00:00\",\"mainEntityOfPage\":{\"@id\":\"https:\\\/\\\/ubirataonline.com.br\\\/tse-condena-claudio-castro-a-inelegibilidade-ate-2030\\\/\"},\"wordCount\":783,\"publisher\":{\"@id\":\"https:\\\/\\\/ubirataonline.com.br\\\/#organization\"},\"image\":{\"@id\":\"https:\\\/\\\/ubirataonline.com.br\\\/tse-condena-claudio-castro-a-inelegibilidade-ate-2030\\\/#primaryimage\"},\"thumbnailUrl\":\"https:\\\/\\\/ubirataonline.com.br\\\/wp-content\\\/uploads\\\/2026\\\/03\\\/TSE-condena-Claudio-Castro-a-inelegibilidade-ate-2030.jpeg\",\"keywords\":[\"at\u00e9\",\"Castro\",\"Claudio\",\"condena\",\"inelegibilidade\",\"TSE\"],\"articleSection\":[\"Brasil\"],\"inLanguage\":\"en-US\",\"copyrightYear\":\"2026\",\"copyrightHolder\":{\"@id\":\"https:\\\/\\\/ubirataonline.com.br\\\/en\\\/#organization\"}},{\"@type\":\"WebPage\",\"@id\":\"https:\\\/\\\/ubirataonline.com.br\\\/tse-condena-claudio-castro-a-inelegibilidade-ate-2030\\\/\",\"url\":\"https:\\\/\\\/ubirataonline.com.br\\\/tse-condena-claudio-castro-a-inelegibilidade-ate-2030\\\/\",\"name\":\"TSE condena Cl\u00e1udio Castro \u00e0 inelegibilidade at\u00e9 2030 - Ubirat\u00e3 Online Not\u00edcias - A realidade ao seu alcance!\",\"isPartOf\":{\"@id\":\"https:\\\/\\\/ubirataonline.com.br\\\/#website\"},\"primaryImageOfPage\":{\"@id\":\"https:\\\/\\\/ubirataonline.com.br\\\/tse-condena-claudio-castro-a-inelegibilidade-ate-2030\\\/#primaryimage\"},\"image\":{\"@id\":\"https:\\\/\\\/ubirataonline.com.br\\\/tse-condena-claudio-castro-a-inelegibilidade-ate-2030\\\/#primaryimage\"},\"thumbnailUrl\":\"https:\\\/\\\/ubirataonline.com.br\\\/wp-content\\\/uploads\\\/2026\\\/03\\\/TSE-condena-Claudio-Castro-a-inelegibilidade-ate-2030.jpeg\",\"datePublished\":\"2026-03-25T08:41:48+00:00\",\"dateModified\":\"2026-03-25T08:41:50+00:00\",\"description\":\"O Tribunal Superior Eleitoral (TSE) condenou nesta ter\u00e7a-feira, 24, o ex-governador do Rio, Cl\u00e1udio Castro (PL), por abuso de poder pol\u00edtico e econ\u00f4mico\",\"breadcrumb\":{\"@id\":\"https:\\\/\\\/ubirataonline.com.br\\\/tse-condena-claudio-castro-a-inelegibilidade-ate-2030\\\/#breadcrumb\"},\"inLanguage\":\"en-US\",\"potentialAction\":[{\"@type\":\"ReadAction\",\"target\":[\"https:\\\/\\\/ubirataonline.com.br\\\/tse-condena-claudio-castro-a-inelegibilidade-ate-2030\\\/\"]}]},{\"@type\":\"ImageObject\",\"inLanguage\":\"en-US\",\"@id\":\"https:\\\/\\\/ubirataonline.com.br\\\/tse-condena-claudio-castro-a-inelegibilidade-ate-2030\\\/#primaryimage\",\"url\":\"https:\\\/\\\/ubirataonline.com.br\\\/wp-content\\\/uploads\\\/2026\\\/03\\\/TSE-condena-Claudio-Castro-a-inelegibilidade-ate-2030.jpeg\",\"contentUrl\":\"https:\\\/\\\/ubirataonline.com.br\\\/wp-content\\\/uploads\\\/2026\\\/03\\\/TSE-condena-Claudio-Castro-a-inelegibilidade-ate-2030.jpeg\",\"width\":1080,\"height\":565,\"caption\":\"O ex-governador do Rio, Cl\u00e1udio Castro, renunciou na v\u00e9spera da retomada do julgamento no TSE.&nbsp;(Fernando Fraz\u00e3o\\\/Ag\u00eancia Brasil)\"},{\"@type\":\"BreadcrumbList\",\"@id\":\"https:\\\/\\\/ubirataonline.com.br\\\/tse-condena-claudio-castro-a-inelegibilidade-ate-2030\\\/#breadcrumb\",\"itemListElement\":[{\"@type\":\"ListItem\",\"position\":1,\"name\":\"In\u00edcio\",\"item\":\"https:\\\/\\\/ubirataonline.com.br\\\/\"},{\"@type\":\"ListItem\",\"position\":2,\"name\":\"TSE condena Cl\u00e1udio Castro \u00e0 inelegibilidade at\u00e9 2030\"}]},{\"@type\":\"WebSite\",\"@id\":\"https:\\\/\\\/ubirataonline.com.br\\\/#website\",\"url\":\"https:\\\/\\\/ubirataonline.com.br\\\/\",\"name\":\"Ubirat\u00e3 Online Not\u00edcias\",\"description\":\"Not\u00edcias de Ubirat\u00e3, regi\u00e3o, Brasil e mundo, com informa\u00e7\u00e3o atualizada e compromisso com o leitor.\",\"publisher\":{\"@id\":\"https:\\\/\\\/ubirataonline.com.br\\\/#organization\"},\"alternateName\":\"Ubirat\u00e3 Online\",\"potentialAction\":[{\"@type\":\"SearchAction\",\"target\":{\"@type\":\"EntryPoint\",\"urlTemplate\":\"https:\\\/\\\/ubirataonline.com.br\\\/?s={search_term_string}\"},\"query-input\":{\"@type\":\"PropertyValueSpecification\",\"valueRequired\":true,\"valueName\":\"search_term_string\"}}],\"inLanguage\":\"en-US\"},{\"@type\":[\"Organization\",\"Place\"],\"@id\":\"https:\\\/\\\/ubirataonline.com.br\\\/#organization\",\"name\":\"Ubirat\u00e3 Online Not\u00edcias\",\"alternateName\":\"Ubirat\u00e3 Online\",\"url\":\"https:\\\/\\\/ubirataonline.com.br\\\/\",\"logo\":{\"@id\":\"https:\\\/\\\/ubirataonline.com.br\\\/tse-condena-claudio-castro-a-inelegibilidade-ate-2030\\\/#local-main-organization-logo\"},\"image\":{\"@id\":\"https:\\\/\\\/ubirataonline.com.br\\\/tse-condena-claudio-castro-a-inelegibilidade-ate-2030\\\/#local-main-organization-logo\"},\"sameAs\":[\"https:\\\/\\\/www.facebook.com\\\/portalubirataonline\",\"https:\\\/\\\/x.com\\\/ubirataonline\",\"https:\\\/\\\/mastodon.social\\\/@ubirataonline\",\"https:\\\/\\\/www.facebook.com\\\/groups\\\/311144672285604\",\"https:\\\/\\\/www.facebook.com\\\/UBTAOnline\",\"https:\\\/\\\/www.instagram.com\\\/portalubirataonline\\\/\",\"https:\\\/\\\/twitter.com\\\/ubirataonline\"],\"description\":\"Somos um portal de not\u00edcias independente, criado em 5 de janeiro de 2009, com o objetivo de informar, conectar e valorizar a nossa comunidade de Ubirat\u00e3 e toda aregi\u00e3o. Com conte\u00fado atualizado, confi\u00e1vel e relevante, o Ubirat\u00e3 Online \u00e9 o seu espa\u00e7o para ficar por dentro dos principais acontecimentos locais, regionais, Brasil, Mundo e de interesse geral. Nosso compromisso \u00e9 com a verdade, a transpar\u00eancia e o respeito ao leitor.\",\"legalName\":\"UBIRATA ONLINE NOT\u00cdCIAS\",\"foundingDate\":\"2009-01-05\",\"numberOfEmployees\":{\"@type\":\"QuantitativeValue\",\"minValue\":\"1\",\"maxValue\":\"10\"},\"publishingPrinciples\":\"https:\\\/\\\/ubirataonline.com.br\\\/faq\\\/\",\"address\":{\"@id\":\"https:\\\/\\\/ubirataonline.com.br\\\/tse-condena-claudio-castro-a-inelegibilidade-ate-2030\\\/#local-main-place-address\"},\"geo\":{\"@type\":\"GeoCoordinates\",\"latitude\":\"-24.5361401\",\"longitude\":\"-52.9921776\"},\"telephone\":[\"+5544998308235\"],\"contactPoint\":{\"@type\":\"ContactPoint\",\"email\":\"contato@ubirataonline.com.br\"},\"openingHoursSpecification\":{\"@type\":\"OpeningHoursSpecification\",\"dayOfWeek\":[\"Monday\",\"Tuesday\",\"Wednesday\",\"Thursday\",\"Friday\",\"Saturday\",\"Sunday\"],\"opens\":\"00:00\",\"closes\":\"23:59\"},\"email\":\"contato@ubirataonline.com.br\",\"vatID\":\"47.621.418\\\/0001-80\"},{\"@type\":\"Person\",\"@id\":\"https:\\\/\\\/ubirataonline.com.br\\\/#\\\/schema\\\/person\\\/372f87bbd3fdd79b8556b84c98d0bc1c\",\"name\":\"REDA\u00c7\u00c3O: UBIRAT\u00c3 ONLINE - F\u00c1BIO AUGUSTO CELESTINO\",\"pronouns\":\"Ele\",\"description\":\"Desde 2003 trabalhando com not\u00edcias.\",\"sameAs\":[\"http:\\\/\\\/ubirataoline.com.br\",\"https:\\\/\\\/www.facebook.com\\\/portalubirataonline\",\"https:\\\/\\\/www.instagram.com\\\/ubirataonline_oficial\",\"https:\\\/\\\/x.com\\\/x.com\\\/ubirataonline\"],\"honorificPrefix\":\"Mr.\",\"honorificSuffix\":\"MD\",\"birthDate\":\"1980-06-16\",\"gender\":\"masculino\",\"award\":[\"V\u00e1rios pr\u00eamios de melhor portal da cidade\"],\"jobTitle\":\"Diretor\",\"url\":\"https:\\\/\\\/ubirataonline.com.br\\\/en\\\/author\\\/ubirataonline\\\/\"},{\"@type\":\"PostalAddress\",\"@id\":\"https:\\\/\\\/ubirataonline.com.br\\\/tse-condena-claudio-castro-a-inelegibilidade-ate-2030\\\/#local-main-place-address\",\"streetAddress\":\"Rua dos Coqueiros, 104 - Bairro Boa Vista, Rua dos Coqueiros, 104 Bairro Boa Vista\",\"addressLocality\":\"UBIRATA\",\"postalCode\":\"85440-000\",\"addressRegion\":\"PR\",\"addressCountry\":\"BR\"},{\"@type\":\"ImageObject\",\"inLanguage\":\"en-US\",\"@id\":\"https:\\\/\\\/ubirataonline.com.br\\\/tse-condena-claudio-castro-a-inelegibilidade-ate-2030\\\/#local-main-organization-logo\",\"url\":\"https:\\\/\\\/ubirataonline.com.br\\\/wp-content\\\/uploads\\\/2026\\\/06\\\/logoubirataonline-1.webp\",\"contentUrl\":\"https:\\\/\\\/ubirataonline.com.br\\\/wp-content\\\/uploads\\\/2026\\\/06\\\/logoubirataonline-1.webp\",\"width\":500,\"height\":500,\"caption\":\"Ubirat\u00e3 Online Not\u00edcias\"}]}<\/script>\n<meta name=\"geo.placename\" content=\"UBIRATA\" \/>\n<meta name=\"geo.position\" content=\"-24.5361401;-52.9921776\" \/>\n<meta name=\"geo.region\" content=\"Brazil\" \/>\n<!-- \/ Yoast SEO Premium plugin. -->","yoast_head_json":{"title":"TSE condena Cl\u00e1udio Castro \u00e0 inelegibilidade at\u00e9 2030 - Ubirat\u00e3 Online Not\u00edcias - A realidade ao seu alcance!","description":"O Tribunal Superior Eleitoral (TSE) condenou nesta ter\u00e7a-feira, 24, o ex-governador do Rio, Cl\u00e1udio Castro (PL), por abuso de poder pol\u00edtico e econ\u00f4mico","robots":{"index":"index","follow":"follow","max-snippet":"max-snippet:-1","max-image-preview":"max-image-preview:large","max-video-preview":"max-video-preview:-1"},"canonical":"https:\/\/ubirataonline.com.br\/en\/tse-condena-claudio-castro-a-inelegibilidade-ate-2030\/","og_locale":"en_US","og_type":"article","og_title":"TSE condena Cl\u00e1udio Castro \u00e0 inelegibilidade at\u00e9 2030","og_description":"O Tribunal Superior Eleitoral (TSE) condenou nesta ter\u00e7a-feira, 24, o ex-governador do Rio, Cl\u00e1udio Castro (PL), por abuso de poder pol\u00edtico e econ\u00f4mico","og_url":"https:\/\/ubirataonline.com.br\/en\/tse-condena-claudio-castro-a-inelegibilidade-ate-2030\/","og_site_name":"Ubirat\u00e3 Online Not\u00edcias - A realidade ao seu alcance!","article_publisher":"https:\/\/www.facebook.com\/portalubirataonline","article_author":"https:\/\/www.facebook.com\/portalubirataonline","article_published_time":"2026-03-25T08:41:48+00:00","article_modified_time":"2026-03-25T08:41:50+00:00","og_image":[{"width":1080,"height":565,"url":"https:\/\/ubirataonline.com.br\/wp-content\/uploads\/2026\/03\/TSE-condena-Claudio-Castro-a-inelegibilidade-ate-2030.jpeg","type":"image\/jpeg"}],"author":"REDA\u00c7\u00c3O: UBIRAT\u00c3 ONLINE - F\u00c1BIO AUGUSTO CELESTINO","twitter_card":"summary_large_image","twitter_creator":"@x.com\/ubirataonline","twitter_site":"@ubirataonline","twitter_misc":{"Written by":"REDA\u00c7\u00c3O: UBIRAT\u00c3 ONLINE - F\u00c1BIO AUGUSTO CELESTINO","Est. reading time":"4 minutes"},"schema":{"@context":"https:\/\/schema.org","@graph":[{"@type":"NewsArticle","@id":"https:\/\/ubirataonline.com.br\/tse-condena-claudio-castro-a-inelegibilidade-ate-2030\/#article","isPartOf":{"@id":"https:\/\/ubirataonline.com.br\/tse-condena-claudio-castro-a-inelegibilidade-ate-2030\/"},"author":{"name":"REDA\u00c7\u00c3O: UBIRAT\u00c3 ONLINE - F\u00c1BIO AUGUSTO CELESTINO","@id":"https:\/\/ubirataonline.com.br\/#\/schema\/person\/372f87bbd3fdd79b8556b84c98d0bc1c"},"headline":"TSE condena Cl\u00e1udio Castro \u00e0 inelegibilidade at\u00e9 2030","datePublished":"2026-03-25T08:41:48+00:00","dateModified":"2026-03-25T08:41:50+00:00","mainEntityOfPage":{"@id":"https:\/\/ubirataonline.com.br\/tse-condena-claudio-castro-a-inelegibilidade-ate-2030\/"},"wordCount":783,"publisher":{"@id":"https:\/\/ubirataonline.com.br\/#organization"},"image":{"@id":"https:\/\/ubirataonline.com.br\/tse-condena-claudio-castro-a-inelegibilidade-ate-2030\/#primaryimage"},"thumbnailUrl":"https:\/\/ubirataonline.com.br\/wp-content\/uploads\/2026\/03\/TSE-condena-Claudio-Castro-a-inelegibilidade-ate-2030.jpeg","keywords":["at\u00e9","Castro","Claudio","condena","inelegibilidade","TSE"],"articleSection":["Brasil"],"inLanguage":"en-US","copyrightYear":"2026","copyrightHolder":{"@id":"https:\/\/ubirataonline.com.br\/en\/#organization"}},{"@type":"WebPage","@id":"https:\/\/ubirataonline.com.br\/tse-condena-claudio-castro-a-inelegibilidade-ate-2030\/","url":"https:\/\/ubirataonline.com.br\/tse-condena-claudio-castro-a-inelegibilidade-ate-2030\/","name":"TSE condena Cl\u00e1udio Castro \u00e0 inelegibilidade at\u00e9 2030 - Ubirat\u00e3 Online Not\u00edcias - A realidade ao seu alcance!","isPartOf":{"@id":"https:\/\/ubirataonline.com.br\/#website"},"primaryImageOfPage":{"@id":"https:\/\/ubirataonline.com.br\/tse-condena-claudio-castro-a-inelegibilidade-ate-2030\/#primaryimage"},"image":{"@id":"https:\/\/ubirataonline.com.br\/tse-condena-claudio-castro-a-inelegibilidade-ate-2030\/#primaryimage"},"thumbnailUrl":"https:\/\/ubirataonline.com.br\/wp-content\/uploads\/2026\/03\/TSE-condena-Claudio-Castro-a-inelegibilidade-ate-2030.jpeg","datePublished":"2026-03-25T08:41:48+00:00","dateModified":"2026-03-25T08:41:50+00:00","description":"O Tribunal Superior Eleitoral (TSE) condenou nesta ter\u00e7a-feira, 24, o ex-governador do Rio, Cl\u00e1udio Castro (PL), por abuso de poder pol\u00edtico e econ\u00f4mico","breadcrumb":{"@id":"https:\/\/ubirataonline.com.br\/tse-condena-claudio-castro-a-inelegibilidade-ate-2030\/#breadcrumb"},"inLanguage":"en-US","potentialAction":[{"@type":"ReadAction","target":["https:\/\/ubirataonline.com.br\/tse-condena-claudio-castro-a-inelegibilidade-ate-2030\/"]}]},{"@type":"ImageObject","inLanguage":"en-US","@id":"https:\/\/ubirataonline.com.br\/tse-condena-claudio-castro-a-inelegibilidade-ate-2030\/#primaryimage","url":"https:\/\/ubirataonline.com.br\/wp-content\/uploads\/2026\/03\/TSE-condena-Claudio-Castro-a-inelegibilidade-ate-2030.jpeg","contentUrl":"https:\/\/ubirataonline.com.br\/wp-content\/uploads\/2026\/03\/TSE-condena-Claudio-Castro-a-inelegibilidade-ate-2030.jpeg","width":1080,"height":565,"caption":"O ex-governador do Rio, Cl\u00e1udio Castro, renunciou na v\u00e9spera da retomada do julgamento no TSE.&nbsp;(Fernando Fraz\u00e3o\/Ag\u00eancia Brasil)"},{"@type":"BreadcrumbList","@id":"https:\/\/ubirataonline.com.br\/tse-condena-claudio-castro-a-inelegibilidade-ate-2030\/#breadcrumb","itemListElement":[{"@type":"ListItem","position":1,"name":"In\u00edcio","item":"https:\/\/ubirataonline.com.br\/"},{"@type":"ListItem","position":2,"name":"TSE condena Cl\u00e1udio Castro \u00e0 inelegibilidade at\u00e9 2030"}]},{"@type":"WebSite","@id":"https:\/\/ubirataonline.com.br\/#website","url":"https:\/\/ubirataonline.com.br\/","name":"Ubirat\u00e3 Online Not\u00edcias","description":"Not\u00edcias de Ubirat\u00e3, regi\u00e3o, Brasil e mundo, com informa\u00e7\u00e3o atualizada e compromisso com o leitor.","publisher":{"@id":"https:\/\/ubirataonline.com.br\/#organization"},"alternateName":"Ubirat\u00e3 Online","potentialAction":[{"@type":"SearchAction","target":{"@type":"EntryPoint","urlTemplate":"https:\/\/ubirataonline.com.br\/?s={search_term_string}"},"query-input":{"@type":"PropertyValueSpecification","valueRequired":true,"valueName":"search_term_string"}}],"inLanguage":"en-US"},{"@type":["Organization","Place"],"@id":"https:\/\/ubirataonline.com.br\/#organization","name":"Ubirat\u00e3 Online Not\u00edcias","alternateName":"Ubirat\u00e3 Online","url":"https:\/\/ubirataonline.com.br\/","logo":{"@id":"https:\/\/ubirataonline.com.br\/tse-condena-claudio-castro-a-inelegibilidade-ate-2030\/#local-main-organization-logo"},"image":{"@id":"https:\/\/ubirataonline.com.br\/tse-condena-claudio-castro-a-inelegibilidade-ate-2030\/#local-main-organization-logo"},"sameAs":["https:\/\/www.facebook.com\/portalubirataonline","https:\/\/x.com\/ubirataonline","https:\/\/mastodon.social\/@ubirataonline","https:\/\/www.facebook.com\/groups\/311144672285604","https:\/\/www.facebook.com\/UBTAOnline","https:\/\/www.instagram.com\/portalubirataonline\/","https:\/\/twitter.com\/ubirataonline"],"description":"Somos um portal de not\u00edcias independente, criado em 5 de janeiro de 2009, com o objetivo de informar, conectar e valorizar a nossa comunidade de Ubirat\u00e3 e toda aregi\u00e3o. Com conte\u00fado atualizado, confi\u00e1vel e relevante, o Ubirat\u00e3 Online \u00e9 o seu espa\u00e7o para ficar por dentro dos principais acontecimentos locais, regionais, Brasil, Mundo e de interesse geral. Nosso compromisso \u00e9 com a verdade, a transpar\u00eancia e o respeito ao leitor.","legalName":"UBIRATA ONLINE NOT\u00cdCIAS","foundingDate":"2009-01-05","numberOfEmployees":{"@type":"QuantitativeValue","minValue":"1","maxValue":"10"},"publishingPrinciples":"https:\/\/ubirataonline.com.br\/faq\/","address":{"@id":"https:\/\/ubirataonline.com.br\/tse-condena-claudio-castro-a-inelegibilidade-ate-2030\/#local-main-place-address"},"geo":{"@type":"GeoCoordinates","latitude":"-24.5361401","longitude":"-52.9921776"},"telephone":["+5544998308235"],"contactPoint":{"@type":"ContactPoint","email":"contato@ubirataonline.com.br"},"openingHoursSpecification":{"@type":"OpeningHoursSpecification","dayOfWeek":["Monday","Tuesday","Wednesday","Thursday","Friday","Saturday","Sunday"],"opens":"00:00","closes":"23:59"},"email":"contato@ubirataonline.com.br","vatID":"47.621.418\/0001-80"},{"@type":"Person","@id":"https:\/\/ubirataonline.com.br\/#\/schema\/person\/372f87bbd3fdd79b8556b84c98d0bc1c","name":"REDA\u00c7\u00c3O: UBIRAT\u00c3 ONLINE - F\u00c1BIO AUGUSTO CELESTINO","pronouns":"Ele","description":"Desde 2003 trabalhando com not\u00edcias.","sameAs":["http:\/\/ubirataoline.com.br","https:\/\/www.facebook.com\/portalubirataonline","https:\/\/www.instagram.com\/ubirataonline_oficial","https:\/\/x.com\/x.com\/ubirataonline"],"honorificPrefix":"Mr.","honorificSuffix":"MD","birthDate":"1980-06-16","gender":"masculino","award":["V\u00e1rios pr\u00eamios de melhor portal da cidade"],"jobTitle":"Diretor","url":"https:\/\/ubirataonline.com.br\/en\/author\/ubirataonline\/"},{"@type":"PostalAddress","@id":"https:\/\/ubirataonline.com.br\/tse-condena-claudio-castro-a-inelegibilidade-ate-2030\/#local-main-place-address","streetAddress":"Rua dos Coqueiros, 104 - Bairro Boa Vista, Rua dos Coqueiros, 104 Bairro Boa Vista","addressLocality":"UBIRATA","postalCode":"85440-000","addressRegion":"PR","addressCountry":"BR"},{"@type":"ImageObject","inLanguage":"en-US","@id":"https:\/\/ubirataonline.com.br\/tse-condena-claudio-castro-a-inelegibilidade-ate-2030\/#local-main-organization-logo","url":"https:\/\/ubirataonline.com.br\/wp-content\/uploads\/2026\/06\/logoubirataonline-1.webp","contentUrl":"https:\/\/ubirataonline.com.br\/wp-content\/uploads\/2026\/06\/logoubirataonline-1.webp","width":500,"height":500,"caption":"Ubirat\u00e3 Online Not\u00edcias"}]},"geo.placename":"UBIRATA","geo.position":{"lat":"-24.5361401","long":"-52.9921776"},"geo.region":"Brazil"},"_links":{"self":[{"href":"https:\/\/ubirataonline.com.br\/en\/wp-json\/wp\/v2\/posts\/97157","targetHints":{"allow":["GET"]}}],"collection":[{"href":"https:\/\/ubirataonline.com.br\/en\/wp-json\/wp\/v2\/posts"}],"about":[{"href":"https:\/\/ubirataonline.com.br\/en\/wp-json\/wp\/v2\/types\/post"}],"author":[{"embeddable":true,"href":"https:\/\/ubirataonline.com.br\/en\/wp-json\/wp\/v2\/users\/1"}],"replies":[{"embeddable":true,"href":"https:\/\/ubirataonline.com.br\/en\/wp-json\/wp\/v2\/comments?post=97157"}],"version-history":[{"count":0,"href":"https:\/\/ubirataonline.com.br\/en\/wp-json\/wp\/v2\/posts\/97157\/revisions"}],"wp:featuredmedia":[{"embeddable":true,"href":"https:\/\/ubirataonline.com.br\/en\/wp-json\/wp\/v2\/media\/97158"}],"wp:attachment":[{"href":"https:\/\/ubirataonline.com.br\/en\/wp-json\/wp\/v2\/media?parent=97157"}],"wp:term":[{"taxonomy":"category","embeddable":true,"href":"https:\/\/ubirataonline.com.br\/en\/wp-json\/wp\/v2\/categories?post=97157"},{"taxonomy":"post_tag","embeddable":true,"href":"https:\/\/ubirataonline.com.br\/en\/wp-json\/wp\/v2\/tags?post=97157"}],"curies":[{"name":"wp","href":"https:\/\/api.w.org\/{rel}","templated":true}]}}