{"id":97165,"date":"2026-03-25T07:07:47","date_gmt":"2026-03-25T10:07:47","guid":{"rendered":"https:\/\/ubirataonline.com.br\/i-tend-to-believe-iran-more-than-the-president\/"},"modified":"2026-03-25T07:07:50","modified_gmt":"2026-03-25T10:07:50","slug":"i-tend-to-believe-iran-more-than-the-president","status":"publish","type":"post","link":"https:\/\/ubirataonline.com.br\/en\/i-tend-to-believe-iran-more-than-the-president\/","title":{"rendered":"\u2018I tend to believe Iran more than the president\u2019"},"content":{"rendered":"<p><\/p>\n<div>\n\t\t\t\t\t\t\t\t<button class=\"playlist-item post-1207591 video type-video status-publish has-post-thumbnail hentry\" data-wp-context=\"{\" post=\"\" democrat=\"\" vows=\"\" to=\"\" turn=\"\" files=\"\" into=\"\" epstein=\"\" trials=\"\" after=\"\" release=\"\" of=\"\" co-executors=\"\" depositions=\"\" weeknight=\"\" house=\"\" oversight=\"\" republicans=\"\" nearly=\"\" hours=\"\" deposition=\"\" footage=\"\" from=\"\" the=\"\" jeffrey=\"\" estate=\"\" including=\"\" his=\"\" longtime=\"\" accountant=\"\" and=\"\" personal=\"\" attorney=\"\" as=\"\" scrutiny=\"\" their=\"\" roles=\"\" intensifies.=\"\" rep.=\"\" melanie=\"\" stansbury=\"\" a=\"\" member=\"\" committee=\"\" joins=\"\" with=\"\" latest.=\"\" data-wp-class--is-active=\"state.isActive\" data-wp-on--click=\"actions.setVideo\" href=\"https:\/\/www.ms.now\/the-weeknight\/watch\/top-dem-vows-to-turn-epstein-files-into-epstein-trials-after-release-of-co-executors-depositions-2493516355537\" data-wp-key=\"playlist-item-thumbs-1207591\"><\/p>\n<div class=\"playlist-item-thumbnail\">\n\t\t\t\t\t\t\t\t\t\t\t<\/div>\n<p><h2 class=\"video-title\">Top Democrat vows to turn \u2018Epstein files into Epstein trials\u2019 after release of co-executors\u2019 depositions<\/h2>\n<p>\t\t\t\t\t\t<span class=\"video-duration\">04:56<\/span>\n\t\t\t\t\t<\/p>\n<p>\t\t\t\t<\/button><!-- .playlist-item --><br \/>\n\t\t\t\t\t\t\t\t<button class=\"playlist-item post-1207547 video type-video status-publish has-post-thumbnail hentry\" data-wp-context=\"{\" post=\"\" those=\"\" masks=\"\" off=\"\" top=\"\" senate=\"\" democrat=\"\" calls=\"\" for=\"\" guardrails=\"\" around=\"\" ice=\"\" it=\"\" a=\"\" agency=\"\" weeknight=\"\" races=\"\" to=\"\" fund=\"\" dhs=\"\" as=\"\" fights=\"\" over=\"\" tsa=\"\" and=\"\" trump=\"\" iran=\"\" war=\"\" all=\"\" collide.=\"\" sen.=\"\" tammy=\"\" baldwin=\"\" joins=\"\" the=\"\" with=\"\" latest.=\"\" data-wp-class--is-active=\"state.isActive\" data-wp-on--click=\"actions.setVideo\" href=\"https:\/\/www.ms.now\/the-weeknight\/watch\/take-those-masks-off-top-senate-dem-calls-for-guardrails-around-ice-calls-it-a-rogue-agency-2493503043708\" data-wp-key=\"playlist-item-thumbs-1207547\"><\/p>\n<div class=\"playlist-item-thumbnail\">\n\t\t\t\t\t\t<img width=\"760\" height=\"428\" src=\"https:\/\/www.ms.now\/wp-content\/uploads\/2026\/03\/1774398115781_n_weeknight_sen_tammy_baldwin_260324_1920x1080.jpg?w=760&amp;h=428&amp;crop=1\" class=\"playlist-item-thumbnail__image\" alt=\"\" decoding=\"async\" loading=\"lazy\" srcset=\"https:\/\/www.ms.now\/wp-content\/uploads\/2026\/03\/1774398115781_n_weeknight_sen_tammy_baldwin_260324_1920x1080.jpg 1920w, https:\/\/www.ms.now\/wp-content\/uploads\/2026\/03\/1774398115781_n_weeknight_sen_tammy_baldwin_260324_1920x1080.jpg?resize=300,169 300w, https:\/\/www.ms.now\/wp-content\/uploads\/2026\/03\/1774398115781_n_weeknight_sen_tammy_baldwin_260324_1920x1080.jpg?resize=768,432 768w, https:\/\/www.ms.now\/wp-content\/uploads\/2026\/03\/1774398115781_n_weeknight_sen_tammy_baldwin_260324_1920x1080.jpg?resize=900,506 900w, https:\/\/www.ms.now\/wp-content\/uploads\/2026\/03\/1774398115781_n_weeknight_sen_tammy_baldwin_260324_1920x1080.jpg?resize=1536,864 1536w, https:\/\/www.ms.now\/wp-content\/uploads\/2026\/03\/1774398115781_n_weeknight_sen_tammy_baldwin_260324_1920x1080.jpg?resize=1000,563 1000w, https:\/\/www.ms.now\/wp-content\/uploads\/2026\/03\/1774398115781_n_weeknight_sen_tammy_baldwin_260324_1920x1080.jpg?resize=860,484 860w, https:\/\/www.ms.now\/wp-content\/uploads\/2026\/03\/1774398115781_n_weeknight_sen_tammy_baldwin_260324_1920x1080.jpg?resize=760,428 760w, https:\/\/www.ms.now\/wp-content\/uploads\/2026\/03\/1774398115781_n_weeknight_sen_tammy_baldwin_260324_1920x1080.jpg?resize=560,315 560w, https:\/\/www.ms.now\/wp-content\/uploads\/2026\/03\/1774398115781_n_weeknight_sen_tammy_baldwin_260324_1920x1080.jpg?resize=50,28 50w\" sizes=\"auto, (max-width: 760px) 100vw, 760px\"\/>\t\t\t\t\t<\/div>\n<p><h2 class=\"video-title\">\u2018Take those masks off!\u2019: Top Senate Democrat calls for guardrails around ICE, calls it a \u2018rogue agency\u2019<\/h2>\n<p>\t\t\t\t\t\t<span class=\"video-duration\">09:04<\/span>\n\t\t\t\t\t<\/p>\n<p>\t\t\t\t<\/button><!-- .playlist-item --><br \/>\n\t\t\t\t\t\t\t\t<button class=\"playlist-item post-1207528 video type-video status-publish has-post-thumbnail hentry\" data-wp-context=\"{\" post=\"\" to=\"\" gop:=\"\" unstuck=\"\" off=\"\" stupid=\"\" weeknight=\"\" draws=\"\" scrutiny=\"\" for=\"\" voting=\"\" by=\"\" mail=\"\" while=\"\" pushing=\"\" end=\"\" the=\"\" process=\"\" nationwide.=\"\" hosts=\"\" weigh=\"\" in.=\"\" data-wp-class--is-active=\"state.isActive\" data-wp-on--click=\"actions.setVideo\" href=\"https:\/\/www.ms.now\/the-weeknight\/watch\/steele-to-gop-get-unstuck-off-stupid-2493505091730\" data-wp-key=\"playlist-item-thumbs-1207528\"><\/p>\n<div class=\"playlist-item-thumbnail\">\n\t\t\t\t\t\t<img width=\"760\" height=\"428\" src=\"https:\/\/www.ms.now\/wp-content\/uploads\/2026\/03\/1774397639044_n_weeknight_host_chat_260324_1920x1080.jpg?w=760&amp;h=428&amp;crop=1\" class=\"playlist-item-thumbnail__image\" alt=\"\" decoding=\"async\" loading=\"lazy\" srcset=\"https:\/\/www.ms.now\/wp-content\/uploads\/2026\/03\/1774397639044_n_weeknight_host_chat_260324_1920x1080.jpg 1920w, https:\/\/www.ms.now\/wp-content\/uploads\/2026\/03\/1774397639044_n_weeknight_host_chat_260324_1920x1080.jpg?resize=300,169 300w, https:\/\/www.ms.now\/wp-content\/uploads\/2026\/03\/1774397639044_n_weeknight_host_chat_260324_1920x1080.jpg?resize=768,432 768w, https:\/\/www.ms.now\/wp-content\/uploads\/2026\/03\/1774397639044_n_weeknight_host_chat_260324_1920x1080.jpg?resize=900,506 900w, https:\/\/www.ms.now\/wp-content\/uploads\/2026\/03\/1774397639044_n_weeknight_host_chat_260324_1920x1080.jpg?resize=1536,864 1536w, https:\/\/www.ms.now\/wp-content\/uploads\/2026\/03\/1774397639044_n_weeknight_host_chat_260324_1920x1080.jpg?resize=1000,563 1000w, https:\/\/www.ms.now\/wp-content\/uploads\/2026\/03\/1774397639044_n_weeknight_host_chat_260324_1920x1080.jpg?resize=860,484 860w, https:\/\/www.ms.now\/wp-content\/uploads\/2026\/03\/1774397639044_n_weeknight_host_chat_260324_1920x1080.jpg?resize=760,428 760w, https:\/\/www.ms.now\/wp-content\/uploads\/2026\/03\/1774397639044_n_weeknight_host_chat_260324_1920x1080.jpg?resize=560,315 560w, https:\/\/www.ms.now\/wp-content\/uploads\/2026\/03\/1774397639044_n_weeknight_host_chat_260324_1920x1080.jpg?resize=50,28 50w\" sizes=\"auto, (max-width: 760px) 100vw, 760px\"\/>\t\t\t\t\t<\/div>\n<p><h2 class=\"video-title\">Steele to GOP: \u2018Get unstuck off stupid\u2019<\/h2>\n<p>\t\t\t\t\t\t<span class=\"video-duration\">01:48<\/span>\n\t\t\t\t\t<\/p>\n<p>\t\t\t\t<\/button><!-- .playlist-item --><br \/>\n\t\t\t\t\t\t\t\t<button class=\"playlist-item post-1206702 video type-video status-publish has-post-thumbnail hentry\" data-wp-context=\"{\" post=\"\" calls=\"\" trump=\"\" iran=\"\" war=\"\" the=\"\" blunder=\"\" in=\"\" u.s.=\"\" foreign=\"\" policy=\"\" weeknight=\"\" ro=\"\" khanna=\"\" joins=\"\" to=\"\" discuss=\"\" wsj=\"\" reporting=\"\" that=\"\" thousands=\"\" of=\"\" marines=\"\" are=\"\" slated=\"\" arrive=\"\" middle=\"\" east=\"\" as=\"\" sets=\"\" a=\"\" deadline=\"\" for=\"\" reopen=\"\" strait=\"\" hormuz.=\"\" data-wp-class--is-active=\"state.isActive\" data-wp-on--click=\"actions.setVideo\" href=\"https:\/\/www.ms.now\/the-weeknight\/watch\/khanna-calls-trump-s-iran-war-the-biggest-blunder-in-u-s-foreign-policy-2493350979618\" data-wp-key=\"playlist-item-thumbs-1206702\"><\/p>\n<div class=\"playlist-item-thumbnail\">\n\t\t\t\t\t\t<img width=\"760\" height=\"428\" src=\"https:\/\/www.ms.now\/wp-content\/uploads\/2026\/03\/1774316869775_n_weeknight_rep_ro_khanna_260323_1920x1080.jpg?w=760&amp;h=428&amp;crop=1\" class=\"playlist-item-thumbnail__image\" alt=\"\" decoding=\"async\" loading=\"lazy\" srcset=\"https:\/\/www.ms.now\/wp-content\/uploads\/2026\/03\/1774316869775_n_weeknight_rep_ro_khanna_260323_1920x1080.jpg 1920w, https:\/\/www.ms.now\/wp-content\/uploads\/2026\/03\/1774316869775_n_weeknight_rep_ro_khanna_260323_1920x1080.jpg?resize=300,169 300w, https:\/\/www.ms.now\/wp-content\/uploads\/2026\/03\/1774316869775_n_weeknight_rep_ro_khanna_260323_1920x1080.jpg?resize=768,432 768w, https:\/\/www.ms.now\/wp-content\/uploads\/2026\/03\/1774316869775_n_weeknight_rep_ro_khanna_260323_1920x1080.jpg?resize=900,506 900w, https:\/\/www.ms.now\/wp-content\/uploads\/2026\/03\/1774316869775_n_weeknight_rep_ro_khanna_260323_1920x1080.jpg?resize=1536,864 1536w, https:\/\/www.ms.now\/wp-content\/uploads\/2026\/03\/1774316869775_n_weeknight_rep_ro_khanna_260323_1920x1080.jpg?resize=1000,563 1000w, https:\/\/www.ms.now\/wp-content\/uploads\/2026\/03\/1774316869775_n_weeknight_rep_ro_khanna_260323_1920x1080.jpg?resize=860,484 860w, https:\/\/www.ms.now\/wp-content\/uploads\/2026\/03\/1774316869775_n_weeknight_rep_ro_khanna_260323_1920x1080.jpg?resize=760,428 760w, https:\/\/www.ms.now\/wp-content\/uploads\/2026\/03\/1774316869775_n_weeknight_rep_ro_khanna_260323_1920x1080.jpg?resize=560,315 560w, https:\/\/www.ms.now\/wp-content\/uploads\/2026\/03\/1774316869775_n_weeknight_rep_ro_khanna_260323_1920x1080.jpg?resize=50,28 50w\" sizes=\"auto, (max-width: 760px) 100vw, 760px\"\/>\t\t\t\t\t<\/div>\n<p><h2 class=\"video-title\">Khanna calls Trump\u2019s Iran war the \u2018biggest blunder\u2019 in U.S. foreign policy<\/h2>\n<p>\t\t\t\t\t\t<span class=\"video-duration\">10:55<\/span>\n\t\t\t\t\t<\/p>\n<p>\t\t\t\t<\/button><!-- .playlist-item --><br \/>\n\t\t\t\t\t\t\t\t<button class=\"playlist-item post-1206699 video type-video status-publish has-post-thumbnail hentry\" data-wp-context=\"{\" post=\"\" democrat=\"\" fresh=\"\" off=\"\" a=\"\" no=\"\" vote=\"\" on=\"\" mullin=\"\" reacts=\"\" to=\"\" confirmation=\"\" lead=\"\" dhs=\"\" weeknight=\"\" senate=\"\" showdown=\"\" looms=\"\" tonight=\"\" trump=\"\" pick=\"\" as=\"\" the=\"\" tsa=\"\" chaos=\"\" weighs=\"\" heavy=\"\" americans.=\"\" sen.=\"\" lisa=\"\" blunt=\"\" rochester=\"\" d-del.=\"\" joins=\"\" weeknight.=\"\" data-wp-class--is-active=\"state.isActive\" data-wp-on--click=\"actions.setVideo\" href=\"https:\/\/www.ms.now\/the-weeknight\/watch\/top-dem-fresh-off-a-no-vote-on-mullin-reacts-to-confirmation-vote-to-lead-dhs-2493333059985\" data-wp-key=\"playlist-item-thumbs-1206699\"><\/p>\n<div class=\"playlist-item-thumbnail\">\n\t\t\t\t\t\t<img width=\"760\" height=\"428\" src=\"https:\/\/www.ms.now\/wp-content\/uploads\/2026\/03\/1774316396375_n_weeknight_sen_lisa_blunt_rochester_260323_1920x1080.jpg?w=760&amp;h=428&amp;crop=1\" class=\"playlist-item-thumbnail__image\" alt=\"\" decoding=\"async\" loading=\"lazy\" srcset=\"https:\/\/www.ms.now\/wp-content\/uploads\/2026\/03\/1774316396375_n_weeknight_sen_lisa_blunt_rochester_260323_1920x1080.jpg 1920w, https:\/\/www.ms.now\/wp-content\/uploads\/2026\/03\/1774316396375_n_weeknight_sen_lisa_blunt_rochester_260323_1920x1080.jpg?resize=300,169 300w, https:\/\/www.ms.now\/wp-content\/uploads\/2026\/03\/1774316396375_n_weeknight_sen_lisa_blunt_rochester_260323_1920x1080.jpg?resize=768,432 768w, https:\/\/www.ms.now\/wp-content\/uploads\/2026\/03\/1774316396375_n_weeknight_sen_lisa_blunt_rochester_260323_1920x1080.jpg?resize=900,506 900w, https:\/\/www.ms.now\/wp-content\/uploads\/2026\/03\/1774316396375_n_weeknight_sen_lisa_blunt_rochester_260323_1920x1080.jpg?resize=1536,864 1536w, https:\/\/www.ms.now\/wp-content\/uploads\/2026\/03\/1774316396375_n_weeknight_sen_lisa_blunt_rochester_260323_1920x1080.jpg?resize=1000,563 1000w, https:\/\/www.ms.now\/wp-content\/uploads\/2026\/03\/1774316396375_n_weeknight_sen_lisa_blunt_rochester_260323_1920x1080.jpg?resize=860,484 860w, https:\/\/www.ms.now\/wp-content\/uploads\/2026\/03\/1774316396375_n_weeknight_sen_lisa_blunt_rochester_260323_1920x1080.jpg?resize=760,428 760w, https:\/\/www.ms.now\/wp-content\/uploads\/2026\/03\/1774316396375_n_weeknight_sen_lisa_blunt_rochester_260323_1920x1080.jpg?resize=560,315 560w, https:\/\/www.ms.now\/wp-content\/uploads\/2026\/03\/1774316396375_n_weeknight_sen_lisa_blunt_rochester_260323_1920x1080.jpg?resize=50,28 50w\" sizes=\"auto, (max-width: 760px) 100vw, 760px\"\/>\t\t\t\t\t<\/div>\n<p><h2 class=\"video-title\">Top Democrat, fresh off a no vote on Mullin, reacts to confirmation vote to lead DHS<\/h2>\n<p>\t\t\t\t\t\t<span class=\"video-duration\">06:16<\/span>\n\t\t\t\t\t<\/p>\n<p>\t\t\t\t<\/button><!-- .playlist-item --><br \/>\n\t\t\t\t\t\t\t\t<button class=\"playlist-item post-1206696 video type-video status-publish has-post-thumbnail hentry\" data-wp-context=\"{\" post=\"\" rips=\"\" trump=\"\" as=\"\" disgusting=\"\" for=\"\" gloating=\"\" over=\"\" mueller=\"\" death=\"\" weeknight=\"\" draws=\"\" bipartisan=\"\" backlash=\"\" a=\"\" social=\"\" media=\"\" celebrating=\"\" robert=\"\" death.=\"\" the=\"\" hosts=\"\" weigh=\"\" in.=\"\" data-wp-class--is-active=\"state.isActive\" data-wp-on--click=\"actions.setVideo\" href=\"https:\/\/www.ms.now\/the-weeknight\/watch\/steele-rips-trump-as-vile-disgusting-for-gloating-over-mueller-s-death-2493355587624\" data-wp-key=\"playlist-item-thumbs-1206696\"><\/p>\n<div class=\"playlist-item-thumbnail\">\n\t\t\t\t\t\t<img width=\"760\" height=\"428\" src=\"https:\/\/www.ms.now\/wp-content\/uploads\/2026\/03\/1774316096176_n_weeknight_host_chat_260323_1920x1080.jpg?w=760&amp;h=428&amp;crop=1\" class=\"playlist-item-thumbnail__image\" alt=\"\" decoding=\"async\" loading=\"lazy\" srcset=\"https:\/\/www.ms.now\/wp-content\/uploads\/2026\/03\/1774316096176_n_weeknight_host_chat_260323_1920x1080.jpg 1920w, https:\/\/www.ms.now\/wp-content\/uploads\/2026\/03\/1774316096176_n_weeknight_host_chat_260323_1920x1080.jpg?resize=300,169 300w, https:\/\/www.ms.now\/wp-content\/uploads\/2026\/03\/1774316096176_n_weeknight_host_chat_260323_1920x1080.jpg?resize=768,432 768w, https:\/\/www.ms.now\/wp-content\/uploads\/2026\/03\/1774316096176_n_weeknight_host_chat_260323_1920x1080.jpg?resize=900,506 900w, https:\/\/www.ms.now\/wp-content\/uploads\/2026\/03\/1774316096176_n_weeknight_host_chat_260323_1920x1080.jpg?resize=1536,864 1536w, https:\/\/www.ms.now\/wp-content\/uploads\/2026\/03\/1774316096176_n_weeknight_host_chat_260323_1920x1080.jpg?resize=1000,563 1000w, https:\/\/www.ms.now\/wp-content\/uploads\/2026\/03\/1774316096176_n_weeknight_host_chat_260323_1920x1080.jpg?resize=860,484 860w, https:\/\/www.ms.now\/wp-content\/uploads\/2026\/03\/1774316096176_n_weeknight_host_chat_260323_1920x1080.jpg?resize=760,428 760w, https:\/\/www.ms.now\/wp-content\/uploads\/2026\/03\/1774316096176_n_weeknight_host_chat_260323_1920x1080.jpg?resize=560,315 560w, https:\/\/www.ms.now\/wp-content\/uploads\/2026\/03\/1774316096176_n_weeknight_host_chat_260323_1920x1080.jpg?resize=50,28 50w\" sizes=\"auto, (max-width: 760px) 100vw, 760px\"\/>\t\t\t\t\t<\/div>\n<p><h2 class=\"video-title\">Steele rips Trump as \u2018vile, disgusting\u2019 for gloating over Mueller\u2019s death<\/h2>\n<p>\t\t\t\t\t\t<span class=\"video-duration\">02:44<\/span>\n\t\t\t\t\t<\/p>\n<p>\t\t\t\t<\/button><!-- .playlist-item --><br \/>\n\t\t\t\t\t\t\t\t<button class=\"playlist-item post-1206689 video type-video status-publish has-post-thumbnail hentry\" data-wp-context=\"{\" post=\"\" head:=\"\" tend=\"\" to=\"\" believe=\"\" iran=\"\" more=\"\" than=\"\" the=\"\" president=\"\" weeknight=\"\" trump=\"\" sending=\"\" mixed=\"\" messages=\"\" on=\"\" claiming=\"\" have=\"\" had=\"\" talks=\"\" despite=\"\" iranian=\"\" officials=\"\" saying=\"\" otherwise.=\"\" former=\"\" cia=\"\" director=\"\" john=\"\" brennan=\"\" and=\"\" retired=\"\" brig.=\"\" gen.=\"\" steven=\"\" anderson=\"\" join=\"\" parse=\"\" messages.=\"\" data-wp-class--is-active=\"state.isActive\" data-wp-on--click=\"actions.setVideo\" href=\"https:\/\/www.ms.now\/the-weeknight\/watch\/ex-cia-head-i-tend-to-believe-iran-more-than-the-president-2493346371807\" data-wp-key=\"playlist-item-thumbs-1206689\"><\/p>\n<div class=\"playlist-item-thumbnail\">\n\t\t\t\t\t\t<img width=\"760\" height=\"428\" src=\"https:\/\/www.ms.now\/wp-content\/uploads\/2026\/03\/1774315327898_n_weeknight_john_brennan_steven_anderson_260323_1920x1080.jpg?w=760&amp;h=428&amp;crop=1\" class=\"playlist-item-thumbnail__image\" alt=\"\" decoding=\"async\" loading=\"lazy\" srcset=\"https:\/\/www.ms.now\/wp-content\/uploads\/2026\/03\/1774315327898_n_weeknight_john_brennan_steven_anderson_260323_1920x1080.jpg 1920w, https:\/\/www.ms.now\/wp-content\/uploads\/2026\/03\/1774315327898_n_weeknight_john_brennan_steven_anderson_260323_1920x1080.jpg?resize=300,169 300w, https:\/\/www.ms.now\/wp-content\/uploads\/2026\/03\/1774315327898_n_weeknight_john_brennan_steven_anderson_260323_1920x1080.jpg?resize=768,432 768w, https:\/\/www.ms.now\/wp-content\/uploads\/2026\/03\/1774315327898_n_weeknight_john_brennan_steven_anderson_260323_1920x1080.jpg?resize=900,506 900w, https:\/\/www.ms.now\/wp-content\/uploads\/2026\/03\/1774315327898_n_weeknight_john_brennan_steven_anderson_260323_1920x1080.jpg?resize=1536,864 1536w, https:\/\/www.ms.now\/wp-content\/uploads\/2026\/03\/1774315327898_n_weeknight_john_brennan_steven_anderson_260323_1920x1080.jpg?resize=1000,563 1000w, https:\/\/www.ms.now\/wp-content\/uploads\/2026\/03\/1774315327898_n_weeknight_john_brennan_steven_anderson_260323_1920x1080.jpg?resize=860,484 860w, https:\/\/www.ms.now\/wp-content\/uploads\/2026\/03\/1774315327898_n_weeknight_john_brennan_steven_anderson_260323_1920x1080.jpg?resize=760,428 760w, https:\/\/www.ms.now\/wp-content\/uploads\/2026\/03\/1774315327898_n_weeknight_john_brennan_steven_anderson_260323_1920x1080.jpg?resize=560,315 560w, https:\/\/www.ms.now\/wp-content\/uploads\/2026\/03\/1774315327898_n_weeknight_john_brennan_steven_anderson_260323_1920x1080.jpg?resize=50,28 50w\" sizes=\"auto, (max-width: 760px) 100vw, 760px\"\/>\t\t\t\t\t<\/div>\n<p><h2 class=\"video-title\">Ex-CIA head: \u2018I tend to believe Iran more than the president\u2019<\/h2>\n<p>\t\t\t\t\t\t<span class=\"video-duration\">13:46<\/span>\n\t\t\t\t\t<\/p>\n<p>\t\t\t\t<\/button><!-- .playlist-item --><br \/>\n\t\t\t\t\t\t\t\t<button class=\"playlist-item post-1205048 video type-video status-publish has-post-thumbnail hentry\" data-wp-context=\"{\" post=\"\" see=\"\" a=\"\" lot=\"\" of=\"\" stupid=\"\" michael=\"\" steele=\"\" slams=\"\" senate=\"\" showdown=\"\" over=\"\" voter=\"\" suppression=\"\" bill=\"\" weeknight=\"\" force=\"\" weekend=\"\" slog=\"\" to=\"\" push=\"\" trump=\"\" piling=\"\" on=\"\" amendments=\"\" including=\"\" unrelated=\"\" measures=\"\" as=\"\" some=\"\" in=\"\" the=\"\" gop=\"\" begin=\"\" question=\"\" political=\"\" theater.=\"\" sen.=\"\" richard=\"\" blumenthal=\"\" joins=\"\" break=\"\" down=\"\" what=\"\" at=\"\" stake.=\"\" data-wp-class--is-active=\"state.isActive\" data-wp-on--click=\"actions.setVideo\" href=\"https:\/\/www.ms.now\/the-weeknight\/watch\/i-see-a-lot-of-stupid-michael-steele-slams-senate-showdown-over-voter-suppression-bill-2493063747598\" data-wp-key=\"playlist-item-thumbs-1205048\"><\/p>\n<div class=\"playlist-item-thumbnail\">\n\t\t\t\t\t\t<img width=\"760\" height=\"428\" src=\"https:\/\/www.ms.now\/wp-content\/uploads\/2026\/03\/1774056263661_n_weeknight_sen_richard_blumenthal_260320_1920x1080.jpg?w=760&amp;h=428&amp;crop=1\" class=\"playlist-item-thumbnail__image\" alt=\"\" decoding=\"async\" loading=\"lazy\" srcset=\"https:\/\/www.ms.now\/wp-content\/uploads\/2026\/03\/1774056263661_n_weeknight_sen_richard_blumenthal_260320_1920x1080.jpg 1920w, https:\/\/www.ms.now\/wp-content\/uploads\/2026\/03\/1774056263661_n_weeknight_sen_richard_blumenthal_260320_1920x1080.jpg?resize=300,169 300w, https:\/\/www.ms.now\/wp-content\/uploads\/2026\/03\/1774056263661_n_weeknight_sen_richard_blumenthal_260320_1920x1080.jpg?resize=768,432 768w, https:\/\/www.ms.now\/wp-content\/uploads\/2026\/03\/1774056263661_n_weeknight_sen_richard_blumenthal_260320_1920x1080.jpg?resize=900,506 900w, https:\/\/www.ms.now\/wp-content\/uploads\/2026\/03\/1774056263661_n_weeknight_sen_richard_blumenthal_260320_1920x1080.jpg?resize=1536,864 1536w, https:\/\/www.ms.now\/wp-content\/uploads\/2026\/03\/1774056263661_n_weeknight_sen_richard_blumenthal_260320_1920x1080.jpg?resize=1000,563 1000w, https:\/\/www.ms.now\/wp-content\/uploads\/2026\/03\/1774056263661_n_weeknight_sen_richard_blumenthal_260320_1920x1080.jpg?resize=860,484 860w, https:\/\/www.ms.now\/wp-content\/uploads\/2026\/03\/1774056263661_n_weeknight_sen_richard_blumenthal_260320_1920x1080.jpg?resize=760,428 760w, https:\/\/www.ms.now\/wp-content\/uploads\/2026\/03\/1774056263661_n_weeknight_sen_richard_blumenthal_260320_1920x1080.jpg?resize=560,315 560w, https:\/\/www.ms.now\/wp-content\/uploads\/2026\/03\/1774056263661_n_weeknight_sen_richard_blumenthal_260320_1920x1080.jpg?resize=50,28 50w\" sizes=\"auto, (max-width: 760px) 100vw, 760px\"\/>\t\t\t\t\t<\/div>\n<p><h2 class=\"video-title\">\u2018I see a lot of stupid\u2019: Michael Steele slams Senate showdown over voter suppression bill<\/h2>\n<p>\t\t\t\t\t\t<span class=\"video-duration\">09:13<\/span>\n\t\t\t\t\t<\/p>\n<p>\t\t\t\t<\/button><!-- .playlist-item --><br \/>\n\t\t\t\t\t\t\t\t<button class=\"playlist-item post-1205036 video type-video status-publish has-post-thumbnail hentry\" data-wp-context=\"{\" post=\"\" is=\"\" not=\"\" rational=\"\" the=\"\" weeknight=\"\" on=\"\" trump=\"\" pressure=\"\" campaign=\"\" against=\"\" fed=\"\" chair=\"\" powell=\"\" escalates=\"\" his=\"\" jerome=\"\" as=\"\" a=\"\" criminal=\"\" probe=\"\" moves=\"\" forward=\"\" despite=\"\" judge=\"\" calling=\"\" it=\"\" pretext=\"\" to=\"\" force=\"\" interest=\"\" rate=\"\" cuts.=\"\" former=\"\" federal=\"\" prosecutor=\"\" ankush=\"\" khardori=\"\" and=\"\" ms=\"\" now=\"\" legal=\"\" analyst=\"\" catherine=\"\" christian=\"\" join=\"\" weeknight.=\"\" data-wp-class--is-active=\"state.isActive\" data-wp-on--click=\"actions.setVideo\" href=\"https:\/\/www.ms.now\/the-weeknight\/watch\/retribution-is-not-rational-the-weeknight-on-trump-s-pressure-campaign-against-fed-chair-powell-2493057091805\" data-wp-key=\"playlist-item-thumbs-1205036\"><\/p>\n<div class=\"playlist-item-thumbnail\">\n\t\t\t\t\t\t<img width=\"760\" height=\"428\" src=\"https:\/\/www.ms.now\/wp-content\/uploads\/2026\/03\/1774055430185_n_weeknight_ankush_khardori_catherine_christian_260320_1920x1080.jpg?w=760&amp;h=428&amp;crop=1\" class=\"playlist-item-thumbnail__image\" alt=\"\" decoding=\"async\" loading=\"lazy\" srcset=\"https:\/\/www.ms.now\/wp-content\/uploads\/2026\/03\/1774055430185_n_weeknight_ankush_khardori_catherine_christian_260320_1920x1080.jpg 1920w, https:\/\/www.ms.now\/wp-content\/uploads\/2026\/03\/1774055430185_n_weeknight_ankush_khardori_catherine_christian_260320_1920x1080.jpg?resize=300,169 300w, https:\/\/www.ms.now\/wp-content\/uploads\/2026\/03\/1774055430185_n_weeknight_ankush_khardori_catherine_christian_260320_1920x1080.jpg?resize=768,432 768w, https:\/\/www.ms.now\/wp-content\/uploads\/2026\/03\/1774055430185_n_weeknight_ankush_khardori_catherine_christian_260320_1920x1080.jpg?resize=900,506 900w, https:\/\/www.ms.now\/wp-content\/uploads\/2026\/03\/1774055430185_n_weeknight_ankush_khardori_catherine_christian_260320_1920x1080.jpg?resize=1536,864 1536w, https:\/\/www.ms.now\/wp-content\/uploads\/2026\/03\/1774055430185_n_weeknight_ankush_khardori_catherine_christian_260320_1920x1080.jpg?resize=1000,563 1000w, https:\/\/www.ms.now\/wp-content\/uploads\/2026\/03\/1774055430185_n_weeknight_ankush_khardori_catherine_christian_260320_1920x1080.jpg?resize=860,484 860w, https:\/\/www.ms.now\/wp-content\/uploads\/2026\/03\/1774055430185_n_weeknight_ankush_khardori_catherine_christian_260320_1920x1080.jpg?resize=760,428 760w, https:\/\/www.ms.now\/wp-content\/uploads\/2026\/03\/1774055430185_n_weeknight_ankush_khardori_catherine_christian_260320_1920x1080.jpg?resize=560,315 560w, https:\/\/www.ms.now\/wp-content\/uploads\/2026\/03\/1774055430185_n_weeknight_ankush_khardori_catherine_christian_260320_1920x1080.jpg?resize=50,28 50w\" sizes=\"auto, (max-width: 760px) 100vw, 760px\"\/>\t\t\t\t\t<\/div>\n<p><h2 class=\"video-title\">\u2018Retribution is not rational\u2019: The Weeknight on Trump\u2019s pressure campaign against Fed Chair Powell<\/h2>\n<p>\t\t\t\t\t\t<span class=\"video-duration\">07:13<\/span>\n\t\t\t\t\t<\/p>\n<p>\t\t\t\t<\/button><!-- .playlist-item --><br \/>\n\t\t\t\t\t\t\t\t<button class=\"playlist-item post-1204188 video type-video status-publish has-post-thumbnail hentry\" data-wp-context=\"{\" post=\"\" rosen:=\"\" trump=\"\" done=\"\" a=\"\" damn=\"\" thing=\"\" to=\"\" help=\"\" americans=\"\" blasts=\"\" war=\"\" in=\"\" iran=\"\" weeknight=\"\" jacky=\"\" rosen=\"\" joins=\"\" the=\"\" table=\"\" as=\"\" gop=\"\" struggles=\"\" spin=\"\" growing=\"\" economic=\"\" toll=\"\" of=\"\" iran.=\"\" this=\"\" after=\"\" senate=\"\" blocked=\"\" powers=\"\" resolution=\"\" that=\"\" would=\"\" have=\"\" halted=\"\" further=\"\" aggression=\"\" region.=\"\" data-wp-class--is-active=\"state.isActive\" data-wp-on--click=\"actions.setVideo\" href=\"https:\/\/www.ms.now\/the-weeknight\/watch\/sen-rosen-trump-hasn-t-done-a-damn-thing-to-help-americans-blasts-ridiculous-war-in-iran-2492887107505\" data-wp-key=\"playlist-item-thumbs-1204188\"><\/p>\n<div class=\"playlist-item-thumbnail\">\n\t\t\t\t\t\t<img width=\"760\" height=\"428\" src=\"https:\/\/www.ms.now\/wp-content\/uploads\/2026\/03\/1773966332728_n_weeknight_sen_jacky_rosen_260319_1920x1080.jpg?w=760&amp;h=428&amp;crop=1\" class=\"playlist-item-thumbnail__image\" alt=\"\" decoding=\"async\" loading=\"lazy\" srcset=\"https:\/\/www.ms.now\/wp-content\/uploads\/2026\/03\/1773966332728_n_weeknight_sen_jacky_rosen_260319_1920x1080.jpg 1920w, https:\/\/www.ms.now\/wp-content\/uploads\/2026\/03\/1773966332728_n_weeknight_sen_jacky_rosen_260319_1920x1080.jpg?resize=300,169 300w, https:\/\/www.ms.now\/wp-content\/uploads\/2026\/03\/1773966332728_n_weeknight_sen_jacky_rosen_260319_1920x1080.jpg?resize=768,432 768w, https:\/\/www.ms.now\/wp-content\/uploads\/2026\/03\/1773966332728_n_weeknight_sen_jacky_rosen_260319_1920x1080.jpg?resize=900,506 900w, https:\/\/www.ms.now\/wp-content\/uploads\/2026\/03\/1773966332728_n_weeknight_sen_jacky_rosen_260319_1920x1080.jpg?resize=1536,864 1536w, https:\/\/www.ms.now\/wp-content\/uploads\/2026\/03\/1773966332728_n_weeknight_sen_jacky_rosen_260319_1920x1080.jpg?resize=1000,563 1000w, https:\/\/www.ms.now\/wp-content\/uploads\/2026\/03\/1773966332728_n_weeknight_sen_jacky_rosen_260319_1920x1080.jpg?resize=860,484 860w, https:\/\/www.ms.now\/wp-content\/uploads\/2026\/03\/1773966332728_n_weeknight_sen_jacky_rosen_260319_1920x1080.jpg?resize=760,428 760w, https:\/\/www.ms.now\/wp-content\/uploads\/2026\/03\/1773966332728_n_weeknight_sen_jacky_rosen_260319_1920x1080.jpg?resize=560,315 560w, https:\/\/www.ms.now\/wp-content\/uploads\/2026\/03\/1773966332728_n_weeknight_sen_jacky_rosen_260319_1920x1080.jpg?resize=50,28 50w\" sizes=\"auto, (max-width: 760px) 100vw, 760px\"\/>\t\t\t\t\t<\/div>\n<p><h2 class=\"video-title\">Sen. Rosen: Trump \u2018hasn\u2019t done a damn thing\u2019 to help Americans, blasts \u2018ridiculous war\u2019 in Iran<\/h2>\n<p>\t\t\t\t\t\t<span class=\"video-duration\">05:56<\/span>\n\t\t\t\t\t<\/p>\n<p>\t\t\t\t<\/button><!-- .playlist-item -->\n\t\t\t\t\t\t\t<\/div>\n<p><a href=\"https:\/\/www.ms.now\/the-weeknight\/watch\/ex-cia-head-i-tend-to-believe-iran-more-than-the-president-2493346371807\">Source link <\/a><\/p>","protected":false},"excerpt":{"rendered":"<p>Top Democrat vows to turn \u2018Epstein files into Epstein trials\u2019 after release of co-executors\u2019 depositions 04:56 \u2018Take those masks off!\u2019: Top Senate Democrat calls for guardrails around ICE, calls it a \u2018rogue agency\u2019 09:04 Steele to GOP: \u2018Get unstuck off stupid\u2019 01:48 Khanna calls Trump\u2019s Iran war the \u2018biggest blunder\u2019 in U.S. foreign policy 10:55 [&hellip;]<\/p>\n","protected":false},"author":1,"featured_media":97166,"comment_status":"closed","ping_status":"","sticky":false,"template":"","format":"standard","meta":{"googlesitekit_rrm_CAow2JLhCw:productID":"","_gspb_post_css":"","maa_idioma":"","maa_pais":"","footnotes":""},"categories":[1],"tags":[7054,5512,23855],"class_list":["post-97165","post","type-post","status-publish","format-standard","has-post-thumbnail","hentry","category-ubirata","tag-iran","tag-president","tag-tend"],"blocksy_meta":[],"yoast_head":"<!-- This site is optimized with the Yoast SEO Premium plugin v27.6 (Yoast SEO v27.6) - https:\/\/yoast.com\/product\/yoast-seo-premium-wordpress\/ -->\n<title>\u2018I tend to believe Iran more than the president\u2019 - Ubirat\u00e3 Online Not\u00edcias - A realidade ao seu alcance!<\/title>\n<meta name=\"description\" content=\"Top Democrat vows to turn \u2018Epstein files into Epstein trials\u2019 after release of co-executors\u2019 depositions 04:56 \u2018Take those masks off!\u2019: Top Senate\" \/>\n<meta name=\"robots\" content=\"index, follow, max-snippet:-1, max-image-preview:large, max-video-preview:-1\" \/>\n<link rel=\"canonical\" href=\"https:\/\/ubirataonline.com.br\/en\/i-tend-to-believe-iran-more-than-the-president\/\" \/>\n<meta property=\"og:locale\" content=\"en_US\" \/>\n<meta property=\"og:type\" content=\"article\" \/>\n<meta property=\"og:title\" content=\"\u2018I tend to believe Iran more than the president\u2019\" \/>\n<meta property=\"og:description\" content=\"Top Democrat vows to turn \u2018Epstein files into Epstein trials\u2019 after release of co-executors\u2019 depositions 04:56 \u2018Take those masks off!\u2019: Top Senate\" \/>\n<meta property=\"og:url\" content=\"https:\/\/ubirataonline.com.br\/en\/i-tend-to-believe-iran-more-than-the-president\/\" \/>\n<meta property=\"og:site_name\" content=\"Ubirat\u00e3 Online Not\u00edcias - A realidade ao seu alcance!\" \/>\n<meta property=\"article:publisher\" content=\"https:\/\/www.facebook.com\/portalubirataonline\" \/>\n<meta property=\"article:author\" content=\"https:\/\/www.facebook.com\/portalubirataonline\" \/>\n<meta property=\"article:published_time\" content=\"2026-03-25T10:07:47+00:00\" \/>\n<meta property=\"article:modified_time\" content=\"2026-03-25T10:07:50+00:00\" \/>\n<meta property=\"og:image\" content=\"https:\/\/ubirataonline.com.br\/wp-content\/uploads\/2026\/03\/\u2018I-tend-to-believe-Iran-more-than-the-president.jpg\" \/>\n\t<meta property=\"og:image:width\" content=\"1200\" \/>\n\t<meta property=\"og:image:height\" content=\"630\" \/>\n\t<meta property=\"og:image:type\" content=\"image\/jpeg\" \/>\n<meta name=\"author\" content=\"REDA\u00c7\u00c3O: UBIRAT\u00c3 ONLINE - F\u00c1BIO AUGUSTO CELESTINO\" \/>\n<meta name=\"twitter:card\" content=\"summary_large_image\" \/>\n<meta name=\"twitter:creator\" content=\"@x.com\/ubirataonline\" \/>\n<meta name=\"twitter:site\" content=\"@ubirataonline\" \/>\n<meta name=\"twitter:label1\" content=\"Written by\" \/>\n\t<meta name=\"twitter:data1\" content=\"REDA\u00c7\u00c3O: UBIRAT\u00c3 ONLINE - F\u00c1BIO AUGUSTO CELESTINO\" \/>\n\t<meta name=\"twitter:label2\" content=\"Est. reading time\" \/>\n\t<meta name=\"twitter:data2\" content=\"1 minute\" \/>\n<script type=\"application\/ld+json\" class=\"yoast-schema-graph\">{\"@context\":\"https:\\\/\\\/schema.org\",\"@graph\":[{\"@type\":\"NewsArticle\",\"@id\":\"https:\\\/\\\/ubirataonline.com.br\\\/i-tend-to-believe-iran-more-than-the-president\\\/#article\",\"isPartOf\":{\"@id\":\"https:\\\/\\\/ubirataonline.com.br\\\/i-tend-to-believe-iran-more-than-the-president\\\/\"},\"author\":{\"name\":\"REDA\u00c7\u00c3O: UBIRAT\u00c3 ONLINE - F\u00c1BIO AUGUSTO CELESTINO\",\"@id\":\"https:\\\/\\\/ubirataonline.com.br\\\/#\\\/schema\\\/person\\\/372f87bbd3fdd79b8556b84c98d0bc1c\"},\"headline\":\"\u2018I tend to believe Iran more than the president\u2019\",\"datePublished\":\"2026-03-25T10:07:47+00:00\",\"dateModified\":\"2026-03-25T10:07:50+00:00\",\"mainEntityOfPage\":{\"@id\":\"https:\\\/\\\/ubirataonline.com.br\\\/i-tend-to-believe-iran-more-than-the-president\\\/\"},\"wordCount\":150,\"publisher\":{\"@id\":\"https:\\\/\\\/ubirataonline.com.br\\\/#organization\"},\"image\":{\"@id\":\"https:\\\/\\\/ubirataonline.com.br\\\/i-tend-to-believe-iran-more-than-the-president\\\/#primaryimage\"},\"thumbnailUrl\":\"https:\\\/\\\/ubirataonline.com.br\\\/wp-content\\\/uploads\\\/2026\\\/03\\\/\u2018I-tend-to-believe-Iran-more-than-the-president.jpg\",\"keywords\":[\"Iran\",\"President\",\"tend\"],\"articleSection\":[\"Ubirat\u00e3\"],\"inLanguage\":\"en-US\",\"copyrightYear\":\"2026\",\"copyrightHolder\":{\"@id\":\"https:\\\/\\\/ubirataonline.com.br\\\/en\\\/#organization\"}},{\"@type\":\"WebPage\",\"@id\":\"https:\\\/\\\/ubirataonline.com.br\\\/i-tend-to-believe-iran-more-than-the-president\\\/\",\"url\":\"https:\\\/\\\/ubirataonline.com.br\\\/i-tend-to-believe-iran-more-than-the-president\\\/\",\"name\":\"\u2018I tend to believe Iran more than the president\u2019 - Ubirat\u00e3 Online Not\u00edcias - A realidade ao seu alcance!\",\"isPartOf\":{\"@id\":\"https:\\\/\\\/ubirataonline.com.br\\\/#website\"},\"primaryImageOfPage\":{\"@id\":\"https:\\\/\\\/ubirataonline.com.br\\\/i-tend-to-believe-iran-more-than-the-president\\\/#primaryimage\"},\"image\":{\"@id\":\"https:\\\/\\\/ubirataonline.com.br\\\/i-tend-to-believe-iran-more-than-the-president\\\/#primaryimage\"},\"thumbnailUrl\":\"https:\\\/\\\/ubirataonline.com.br\\\/wp-content\\\/uploads\\\/2026\\\/03\\\/\u2018I-tend-to-believe-Iran-more-than-the-president.jpg\",\"datePublished\":\"2026-03-25T10:07:47+00:00\",\"dateModified\":\"2026-03-25T10:07:50+00:00\",\"description\":\"Top Democrat vows to turn \u2018Epstein files into Epstein trials\u2019 after release of co-executors\u2019 depositions 04:56 \u2018Take those masks off!\u2019: Top Senate\",\"breadcrumb\":{\"@id\":\"https:\\\/\\\/ubirataonline.com.br\\\/i-tend-to-believe-iran-more-than-the-president\\\/#breadcrumb\"},\"inLanguage\":\"en-US\",\"potentialAction\":[{\"@type\":\"ReadAction\",\"target\":[\"https:\\\/\\\/ubirataonline.com.br\\\/i-tend-to-believe-iran-more-than-the-president\\\/\"]}]},{\"@type\":\"ImageObject\",\"inLanguage\":\"en-US\",\"@id\":\"https:\\\/\\\/ubirataonline.com.br\\\/i-tend-to-believe-iran-more-than-the-president\\\/#primaryimage\",\"url\":\"https:\\\/\\\/ubirataonline.com.br\\\/wp-content\\\/uploads\\\/2026\\\/03\\\/\u2018I-tend-to-believe-Iran-more-than-the-president.jpg\",\"contentUrl\":\"https:\\\/\\\/ubirataonline.com.br\\\/wp-content\\\/uploads\\\/2026\\\/03\\\/\u2018I-tend-to-believe-Iran-more-than-the-president.jpg\",\"width\":1200,\"height\":630,\"caption\":\"the rachel maddow showmondays 9pm et\"},{\"@type\":\"BreadcrumbList\",\"@id\":\"https:\\\/\\\/ubirataonline.com.br\\\/i-tend-to-believe-iran-more-than-the-president\\\/#breadcrumb\",\"itemListElement\":[{\"@type\":\"ListItem\",\"position\":1,\"name\":\"In\u00edcio\",\"item\":\"https:\\\/\\\/ubirataonline.com.br\\\/\"},{\"@type\":\"ListItem\",\"position\":2,\"name\":\"\u2018I tend to believe Iran more than the president\u2019\"}]},{\"@type\":\"WebSite\",\"@id\":\"https:\\\/\\\/ubirataonline.com.br\\\/#website\",\"url\":\"https:\\\/\\\/ubirataonline.com.br\\\/\",\"name\":\"Ubirat\u00e3 Online Not\u00edcias\",\"description\":\"Not\u00edcias de Ubirat\u00e3, regi\u00e3o, Brasil e mundo, com informa\u00e7\u00e3o atualizada e compromisso com o leitor.\",\"publisher\":{\"@id\":\"https:\\\/\\\/ubirataonline.com.br\\\/#organization\"},\"alternateName\":\"Ubirat\u00e3 Online\",\"potentialAction\":[{\"@type\":\"SearchAction\",\"target\":{\"@type\":\"EntryPoint\",\"urlTemplate\":\"https:\\\/\\\/ubirataonline.com.br\\\/?s={search_term_string}\"},\"query-input\":{\"@type\":\"PropertyValueSpecification\",\"valueRequired\":true,\"valueName\":\"search_term_string\"}}],\"inLanguage\":\"en-US\"},{\"@type\":[\"Organization\",\"Place\"],\"@id\":\"https:\\\/\\\/ubirataonline.com.br\\\/#organization\",\"name\":\"Ubirat\u00e3 Online Not\u00edcias\",\"alternateName\":\"Ubirat\u00e3 Online\",\"url\":\"https:\\\/\\\/ubirataonline.com.br\\\/\",\"logo\":{\"@id\":\"https:\\\/\\\/ubirataonline.com.br\\\/i-tend-to-believe-iran-more-than-the-president\\\/#local-main-organization-logo\"},\"image\":{\"@id\":\"https:\\\/\\\/ubirataonline.com.br\\\/i-tend-to-believe-iran-more-than-the-president\\\/#local-main-organization-logo\"},\"sameAs\":[\"https:\\\/\\\/www.facebook.com\\\/portalubirataonline\",\"https:\\\/\\\/x.com\\\/ubirataonline\",\"https:\\\/\\\/mastodon.social\\\/@ubirataonline\",\"https:\\\/\\\/www.facebook.com\\\/groups\\\/311144672285604\",\"https:\\\/\\\/www.facebook.com\\\/UBTAOnline\",\"https:\\\/\\\/www.instagram.com\\\/portalubirataonline\\\/\",\"https:\\\/\\\/twitter.com\\\/ubirataonline\"],\"description\":\"Somos um portal de not\u00edcias independente, criado em 5 de janeiro de 2009, com o objetivo de informar, conectar e valorizar a nossa comunidade de Ubirat\u00e3 e toda aregi\u00e3o. Com conte\u00fado atualizado, confi\u00e1vel e relevante, o Ubirat\u00e3 Online \u00e9 o seu espa\u00e7o para ficar por dentro dos principais acontecimentos locais, regionais, Brasil, Mundo e de interesse geral. Nosso compromisso \u00e9 com a verdade, a transpar\u00eancia e o respeito ao leitor.\",\"legalName\":\"UBIRATA ONLINE NOT\u00cdCIAS\",\"foundingDate\":\"2009-01-05\",\"numberOfEmployees\":{\"@type\":\"QuantitativeValue\",\"minValue\":\"1\",\"maxValue\":\"10\"},\"publishingPrinciples\":\"https:\\\/\\\/ubirataonline.com.br\\\/faq\\\/\",\"address\":{\"@id\":\"https:\\\/\\\/ubirataonline.com.br\\\/i-tend-to-believe-iran-more-than-the-president\\\/#local-main-place-address\"},\"geo\":{\"@type\":\"GeoCoordinates\",\"latitude\":\"-24.5361401\",\"longitude\":\"-52.9921776\"},\"telephone\":[\"+5544998308235\"],\"contactPoint\":{\"@type\":\"ContactPoint\",\"email\":\"contato@ubirataonline.com.br\"},\"openingHoursSpecification\":{\"@type\":\"OpeningHoursSpecification\",\"dayOfWeek\":[\"Monday\",\"Tuesday\",\"Wednesday\",\"Thursday\",\"Friday\",\"Saturday\",\"Sunday\"],\"opens\":\"00:00\",\"closes\":\"23:59\"},\"email\":\"contato@ubirataonline.com.br\",\"vatID\":\"47.621.418\\\/0001-80\"},{\"@type\":\"Person\",\"@id\":\"https:\\\/\\\/ubirataonline.com.br\\\/#\\\/schema\\\/person\\\/372f87bbd3fdd79b8556b84c98d0bc1c\",\"name\":\"REDA\u00c7\u00c3O: UBIRAT\u00c3 ONLINE - F\u00c1BIO AUGUSTO CELESTINO\",\"pronouns\":\"Ele\",\"description\":\"Desde 2003 trabalhando com not\u00edcias.\",\"sameAs\":[\"http:\\\/\\\/ubirataoline.com.br\",\"https:\\\/\\\/www.facebook.com\\\/portalubirataonline\",\"https:\\\/\\\/www.instagram.com\\\/ubirataonline_oficial\",\"https:\\\/\\\/x.com\\\/x.com\\\/ubirataonline\"],\"honorificPrefix\":\"Mr.\",\"honorificSuffix\":\"MD\",\"birthDate\":\"1980-06-16\",\"gender\":\"masculino\",\"award\":[\"V\u00e1rios pr\u00eamios de melhor portal da cidade\"],\"jobTitle\":\"Diretor\",\"url\":\"https:\\\/\\\/ubirataonline.com.br\\\/en\\\/author\\\/ubirataonline\\\/\"},{\"@type\":\"PostalAddress\",\"@id\":\"https:\\\/\\\/ubirataonline.com.br\\\/i-tend-to-believe-iran-more-than-the-president\\\/#local-main-place-address\",\"streetAddress\":\"Rua dos Coqueiros, 104 - Bairro Boa Vista, Rua dos Coqueiros, 104 Bairro Boa Vista\",\"addressLocality\":\"UBIRATA\",\"postalCode\":\"85440-000\",\"addressRegion\":\"PR\",\"addressCountry\":\"BR\"},{\"@type\":\"ImageObject\",\"inLanguage\":\"en-US\",\"@id\":\"https:\\\/\\\/ubirataonline.com.br\\\/i-tend-to-believe-iran-more-than-the-president\\\/#local-main-organization-logo\",\"url\":\"https:\\\/\\\/ubirataonline.com.br\\\/wp-content\\\/uploads\\\/2026\\\/06\\\/logoubirataonline-1.webp\",\"contentUrl\":\"https:\\\/\\\/ubirataonline.com.br\\\/wp-content\\\/uploads\\\/2026\\\/06\\\/logoubirataonline-1.webp\",\"width\":500,\"height\":500,\"caption\":\"Ubirat\u00e3 Online Not\u00edcias\"}]}<\/script>\n<meta name=\"geo.placename\" content=\"UBIRATA\" \/>\n<meta name=\"geo.position\" content=\"-24.5361401;-52.9921776\" \/>\n<meta name=\"geo.region\" content=\"Brazil\" \/>\n<!-- \/ Yoast SEO Premium plugin. -->","yoast_head_json":{"title":"\u2018I tend to believe Iran more than the president\u2019 - Ubirat\u00e3 Online Not\u00edcias - A realidade ao seu alcance!","description":"Top Democrat vows to turn \u2018Epstein files into Epstein trials\u2019 after release of co-executors\u2019 depositions 04:56 \u2018Take those masks off!\u2019: Top Senate","robots":{"index":"index","follow":"follow","max-snippet":"max-snippet:-1","max-image-preview":"max-image-preview:large","max-video-preview":"max-video-preview:-1"},"canonical":"https:\/\/ubirataonline.com.br\/en\/i-tend-to-believe-iran-more-than-the-president\/","og_locale":"en_US","og_type":"article","og_title":"\u2018I tend to believe Iran more than the president\u2019","og_description":"Top Democrat vows to turn \u2018Epstein files into Epstein trials\u2019 after release of co-executors\u2019 depositions 04:56 \u2018Take those masks off!\u2019: Top Senate","og_url":"https:\/\/ubirataonline.com.br\/en\/i-tend-to-believe-iran-more-than-the-president\/","og_site_name":"Ubirat\u00e3 Online Not\u00edcias - A realidade ao seu alcance!","article_publisher":"https:\/\/www.facebook.com\/portalubirataonline","article_author":"https:\/\/www.facebook.com\/portalubirataonline","article_published_time":"2026-03-25T10:07:47+00:00","article_modified_time":"2026-03-25T10:07:50+00:00","og_image":[{"width":1200,"height":630,"url":"https:\/\/ubirataonline.com.br\/wp-content\/uploads\/2026\/03\/\u2018I-tend-to-believe-Iran-more-than-the-president.jpg","type":"image\/jpeg"}],"author":"REDA\u00c7\u00c3O: UBIRAT\u00c3 ONLINE - F\u00c1BIO AUGUSTO CELESTINO","twitter_card":"summary_large_image","twitter_creator":"@x.com\/ubirataonline","twitter_site":"@ubirataonline","twitter_misc":{"Written by":"REDA\u00c7\u00c3O: UBIRAT\u00c3 ONLINE - F\u00c1BIO AUGUSTO CELESTINO","Est. reading time":"1 minute"},"schema":{"@context":"https:\/\/schema.org","@graph":[{"@type":"NewsArticle","@id":"https:\/\/ubirataonline.com.br\/i-tend-to-believe-iran-more-than-the-president\/#article","isPartOf":{"@id":"https:\/\/ubirataonline.com.br\/i-tend-to-believe-iran-more-than-the-president\/"},"author":{"name":"REDA\u00c7\u00c3O: UBIRAT\u00c3 ONLINE - F\u00c1BIO AUGUSTO CELESTINO","@id":"https:\/\/ubirataonline.com.br\/#\/schema\/person\/372f87bbd3fdd79b8556b84c98d0bc1c"},"headline":"\u2018I tend to believe Iran more than the president\u2019","datePublished":"2026-03-25T10:07:47+00:00","dateModified":"2026-03-25T10:07:50+00:00","mainEntityOfPage":{"@id":"https:\/\/ubirataonline.com.br\/i-tend-to-believe-iran-more-than-the-president\/"},"wordCount":150,"publisher":{"@id":"https:\/\/ubirataonline.com.br\/#organization"},"image":{"@id":"https:\/\/ubirataonline.com.br\/i-tend-to-believe-iran-more-than-the-president\/#primaryimage"},"thumbnailUrl":"https:\/\/ubirataonline.com.br\/wp-content\/uploads\/2026\/03\/\u2018I-tend-to-believe-Iran-more-than-the-president.jpg","keywords":["Iran","President","tend"],"articleSection":["Ubirat\u00e3"],"inLanguage":"en-US","copyrightYear":"2026","copyrightHolder":{"@id":"https:\/\/ubirataonline.com.br\/en\/#organization"}},{"@type":"WebPage","@id":"https:\/\/ubirataonline.com.br\/i-tend-to-believe-iran-more-than-the-president\/","url":"https:\/\/ubirataonline.com.br\/i-tend-to-believe-iran-more-than-the-president\/","name":"\u2018I tend to believe Iran more than the president\u2019 - Ubirat\u00e3 Online Not\u00edcias - A realidade ao seu alcance!","isPartOf":{"@id":"https:\/\/ubirataonline.com.br\/#website"},"primaryImageOfPage":{"@id":"https:\/\/ubirataonline.com.br\/i-tend-to-believe-iran-more-than-the-president\/#primaryimage"},"image":{"@id":"https:\/\/ubirataonline.com.br\/i-tend-to-believe-iran-more-than-the-president\/#primaryimage"},"thumbnailUrl":"https:\/\/ubirataonline.com.br\/wp-content\/uploads\/2026\/03\/\u2018I-tend-to-believe-Iran-more-than-the-president.jpg","datePublished":"2026-03-25T10:07:47+00:00","dateModified":"2026-03-25T10:07:50+00:00","description":"Top Democrat vows to turn \u2018Epstein files into Epstein trials\u2019 after release of co-executors\u2019 depositions 04:56 \u2018Take those masks off!\u2019: Top Senate","breadcrumb":{"@id":"https:\/\/ubirataonline.com.br\/i-tend-to-believe-iran-more-than-the-president\/#breadcrumb"},"inLanguage":"en-US","potentialAction":[{"@type":"ReadAction","target":["https:\/\/ubirataonline.com.br\/i-tend-to-believe-iran-more-than-the-president\/"]}]},{"@type":"ImageObject","inLanguage":"en-US","@id":"https:\/\/ubirataonline.com.br\/i-tend-to-believe-iran-more-than-the-president\/#primaryimage","url":"https:\/\/ubirataonline.com.br\/wp-content\/uploads\/2026\/03\/\u2018I-tend-to-believe-Iran-more-than-the-president.jpg","contentUrl":"https:\/\/ubirataonline.com.br\/wp-content\/uploads\/2026\/03\/\u2018I-tend-to-believe-Iran-more-than-the-president.jpg","width":1200,"height":630,"caption":"the rachel maddow showmondays 9pm et"},{"@type":"BreadcrumbList","@id":"https:\/\/ubirataonline.com.br\/i-tend-to-believe-iran-more-than-the-president\/#breadcrumb","itemListElement":[{"@type":"ListItem","position":1,"name":"In\u00edcio","item":"https:\/\/ubirataonline.com.br\/"},{"@type":"ListItem","position":2,"name":"\u2018I tend to believe Iran more than the president\u2019"}]},{"@type":"WebSite","@id":"https:\/\/ubirataonline.com.br\/#website","url":"https:\/\/ubirataonline.com.br\/","name":"Ubirat\u00e3 Online Not\u00edcias","description":"Not\u00edcias de Ubirat\u00e3, regi\u00e3o, Brasil e mundo, com informa\u00e7\u00e3o atualizada e compromisso com o leitor.","publisher":{"@id":"https:\/\/ubirataonline.com.br\/#organization"},"alternateName":"Ubirat\u00e3 Online","potentialAction":[{"@type":"SearchAction","target":{"@type":"EntryPoint","urlTemplate":"https:\/\/ubirataonline.com.br\/?s={search_term_string}"},"query-input":{"@type":"PropertyValueSpecification","valueRequired":true,"valueName":"search_term_string"}}],"inLanguage":"en-US"},{"@type":["Organization","Place"],"@id":"https:\/\/ubirataonline.com.br\/#organization","name":"Ubirat\u00e3 Online Not\u00edcias","alternateName":"Ubirat\u00e3 Online","url":"https:\/\/ubirataonline.com.br\/","logo":{"@id":"https:\/\/ubirataonline.com.br\/i-tend-to-believe-iran-more-than-the-president\/#local-main-organization-logo"},"image":{"@id":"https:\/\/ubirataonline.com.br\/i-tend-to-believe-iran-more-than-the-president\/#local-main-organization-logo"},"sameAs":["https:\/\/www.facebook.com\/portalubirataonline","https:\/\/x.com\/ubirataonline","https:\/\/mastodon.social\/@ubirataonline","https:\/\/www.facebook.com\/groups\/311144672285604","https:\/\/www.facebook.com\/UBTAOnline","https:\/\/www.instagram.com\/portalubirataonline\/","https:\/\/twitter.com\/ubirataonline"],"description":"Somos um portal de not\u00edcias independente, criado em 5 de janeiro de 2009, com o objetivo de informar, conectar e valorizar a nossa comunidade de Ubirat\u00e3 e toda aregi\u00e3o. Com conte\u00fado atualizado, confi\u00e1vel e relevante, o Ubirat\u00e3 Online \u00e9 o seu espa\u00e7o para ficar por dentro dos principais acontecimentos locais, regionais, Brasil, Mundo e de interesse geral. Nosso compromisso \u00e9 com a verdade, a transpar\u00eancia e o respeito ao leitor.","legalName":"UBIRATA ONLINE NOT\u00cdCIAS","foundingDate":"2009-01-05","numberOfEmployees":{"@type":"QuantitativeValue","minValue":"1","maxValue":"10"},"publishingPrinciples":"https:\/\/ubirataonline.com.br\/faq\/","address":{"@id":"https:\/\/ubirataonline.com.br\/i-tend-to-believe-iran-more-than-the-president\/#local-main-place-address"},"geo":{"@type":"GeoCoordinates","latitude":"-24.5361401","longitude":"-52.9921776"},"telephone":["+5544998308235"],"contactPoint":{"@type":"ContactPoint","email":"contato@ubirataonline.com.br"},"openingHoursSpecification":{"@type":"OpeningHoursSpecification","dayOfWeek":["Monday","Tuesday","Wednesday","Thursday","Friday","Saturday","Sunday"],"opens":"00:00","closes":"23:59"},"email":"contato@ubirataonline.com.br","vatID":"47.621.418\/0001-80"},{"@type":"Person","@id":"https:\/\/ubirataonline.com.br\/#\/schema\/person\/372f87bbd3fdd79b8556b84c98d0bc1c","name":"REDA\u00c7\u00c3O: UBIRAT\u00c3 ONLINE - F\u00c1BIO AUGUSTO CELESTINO","pronouns":"Ele","description":"Desde 2003 trabalhando com not\u00edcias.","sameAs":["http:\/\/ubirataoline.com.br","https:\/\/www.facebook.com\/portalubirataonline","https:\/\/www.instagram.com\/ubirataonline_oficial","https:\/\/x.com\/x.com\/ubirataonline"],"honorificPrefix":"Mr.","honorificSuffix":"MD","birthDate":"1980-06-16","gender":"masculino","award":["V\u00e1rios pr\u00eamios de melhor portal da cidade"],"jobTitle":"Diretor","url":"https:\/\/ubirataonline.com.br\/en\/author\/ubirataonline\/"},{"@type":"PostalAddress","@id":"https:\/\/ubirataonline.com.br\/i-tend-to-believe-iran-more-than-the-president\/#local-main-place-address","streetAddress":"Rua dos Coqueiros, 104 - Bairro Boa Vista, Rua dos Coqueiros, 104 Bairro Boa Vista","addressLocality":"UBIRATA","postalCode":"85440-000","addressRegion":"PR","addressCountry":"BR"},{"@type":"ImageObject","inLanguage":"en-US","@id":"https:\/\/ubirataonline.com.br\/i-tend-to-believe-iran-more-than-the-president\/#local-main-organization-logo","url":"https:\/\/ubirataonline.com.br\/wp-content\/uploads\/2026\/06\/logoubirataonline-1.webp","contentUrl":"https:\/\/ubirataonline.com.br\/wp-content\/uploads\/2026\/06\/logoubirataonline-1.webp","width":500,"height":500,"caption":"Ubirat\u00e3 Online Not\u00edcias"}]},"geo.placename":"UBIRATA","geo.position":{"lat":"-24.5361401","long":"-52.9921776"},"geo.region":"Brazil"},"_links":{"self":[{"href":"https:\/\/ubirataonline.com.br\/en\/wp-json\/wp\/v2\/posts\/97165","targetHints":{"allow":["GET"]}}],"collection":[{"href":"https:\/\/ubirataonline.com.br\/en\/wp-json\/wp\/v2\/posts"}],"about":[{"href":"https:\/\/ubirataonline.com.br\/en\/wp-json\/wp\/v2\/types\/post"}],"author":[{"embeddable":true,"href":"https:\/\/ubirataonline.com.br\/en\/wp-json\/wp\/v2\/users\/1"}],"replies":[{"embeddable":true,"href":"https:\/\/ubirataonline.com.br\/en\/wp-json\/wp\/v2\/comments?post=97165"}],"version-history":[{"count":0,"href":"https:\/\/ubirataonline.com.br\/en\/wp-json\/wp\/v2\/posts\/97165\/revisions"}],"wp:featuredmedia":[{"embeddable":true,"href":"https:\/\/ubirataonline.com.br\/en\/wp-json\/wp\/v2\/media\/97166"}],"wp:attachment":[{"href":"https:\/\/ubirataonline.com.br\/en\/wp-json\/wp\/v2\/media?parent=97165"}],"wp:term":[{"taxonomy":"category","embeddable":true,"href":"https:\/\/ubirataonline.com.br\/en\/wp-json\/wp\/v2\/categories?post=97165"},{"taxonomy":"post_tag","embeddable":true,"href":"https:\/\/ubirataonline.com.br\/en\/wp-json\/wp\/v2\/tags?post=97165"}],"curies":[{"name":"wp","href":"https:\/\/api.w.org\/{rel}","templated":true}]}}