{"id":97170,"date":"2026-03-25T07:43:51","date_gmt":"2026-03-25T10:43:51","guid":{"rendered":"https:\/\/ubirataonline.com.br\/camara-aprova-convenio-de-r-150-milhoes-para-obras-de-combate-a-enchentes-em-sao-carlos\/"},"modified":"2026-03-25T07:43:53","modified_gmt":"2026-03-25T10:43:53","slug":"camara-aprova-convenio-de-r-150-milhoes-para-obras-de-combate-a-enchentes-em-sao-carlos","status":"publish","type":"post","link":"https:\/\/ubirataonline.com.br\/en\/camara-aprova-convenio-de-r-150-milhoes-para-obras-de-combate-a-enchentes-em-sao-carlos\/","title":{"rendered":"C\u00e2mara aprova conv\u00eanio de R$ 150 milh\u00f5es para obras de combate a enchentes em S\u00e3o Carlos |"},"content":{"rendered":"<p><\/p>\n<div>\n<p style=\"text-align: justify;\">A C\u00e2mara Municipal de S\u00e3o Carlos aprovou, nesta ter\u00e7a-feira (24), o conv\u00eanio entre o munic\u00edpio e o Governo do Estado de S\u00e3o Paulo para a execu\u00e7\u00e3o da obra de amplia\u00e7\u00e3o do Reservat\u00f3rio Sime\u00e3o, conhecido como Piscin\u00e3o da Travessa 8. O investimento estimado \u00e9 de R$ 150 milh\u00f5es e integra um conjunto de a\u00e7\u00f5es voltadas ao enfrentamento dos problemas hist\u00f3ricos de enchentes no munic\u00edpio.<\/p>\n<p style=\"text-align: justify;\">O conv\u00eanio ser\u00e1 firmado com a Secretaria de Estado de Meio Ambiente, Infraestrutura e Log\u00edstica (SEMIL) e com o Departamento de Estradas de Rodagem (DER\/SP), viabilizando a execu\u00e7\u00e3o da obra dentro dos programas estaduais de drenagem urbana e manejo de \u00e1guas pluviais. A iniciativa \u00e9 considerada estrat\u00e9gica para ampliar a capacidade de reten\u00e7\u00e3o de \u00e1guas e minimizar os impactos das chuvas intensas em \u00e1reas cr\u00edticas da cidade.<\/p>\n<p style=\"text-align: justify;\">O presidente da C\u00e2mara destacou que o Legislativo teve papel fundamental na viabiliza\u00e7\u00e3o do projeto, ao garantir a aprova\u00e7\u00e3o do conv\u00eanio. Segundo ele, o investimento \u00e9 significativo, mas necess\u00e1rio para garantir mais seguran\u00e7a e qualidade de vida \u00e0 popula\u00e7\u00e3o, especialmente \u00e0s fam\u00edlias que enfrentam problemas recorrentes com alagamentos.<\/p>\n<p style=\"text-align: justify;\">J\u00e1 o prefeito afirmou que a aprova\u00e7\u00e3o representa um marco importante para S\u00e3o Carlos, classificando a obra como uma resposta concreta aos transtornos causados pelas enchentes. De acordo com ele, a amplia\u00e7\u00e3o do reservat\u00f3rio vai contribuir diretamente para a prote\u00e7\u00e3o de vidas e patrim\u00f4nios, al\u00e9m de avan\u00e7ar na constru\u00e7\u00e3o de uma solu\u00e7\u00e3o definitiva para o problema.<\/p>\n<p style=\"text-align: justify;\">Com a aprova\u00e7\u00e3o legislativa, o munic\u00edpio dar\u00e1 sequ\u00eancia aos tr\u00e2mites para formaliza\u00e7\u00e3o do conv\u00eanio e in\u00edcio das etapas que antecedem a execu\u00e7\u00e3o da obra.<\/p>\n<\/p>\n<p>\u00a0<\/p>\n<p>\u00a0<\/p>\n<p>\u00a0<\/p>\n<p>\u00a0<\/p>\n<hr\/>\n<div class=\"n2-section-smartslider fitvidsignore  n2_clear\" data-ssid=\"8\" style=\"height:300px;\">\n<div id=\"n2-ss-8-align\" class=\"n2-ss-align\">\n<div class=\"n2-padding\"><template id=\"n2-ss-8_t\" data-loading-type=\"afterOnLoad\"><\/p>\n<div id=\"n2-ss-8\" data-creator=\"Smart Slider 3\" data-responsive=\"auto\" class=\"n2-ss-slider n2-ow n2-has-hover n2notransition\">\n<div class=\"n2-ss-slider-1 n2_ss__touch_element n2-ow\">\n<div class=\"n2-ss-slider-2 n2-ow\">\n<div class=\"n2-ss-slider-3 n2-ow\">\n<div class=\"n2-ss-slider-4 n2-ow\">\n                        <svg xmlns=\"http:\/\/www.w3.org\/2000\/svg\" viewbox=\"0 0 820 300\" data-related-device=\"desktopPortrait\" class=\"n2-ow n2-ss-preserve-size n2-ss-preserve-size--slider n2-ss-slide-limiter\"\/><\/p>\n<div data-first=\"1\" data-slide-duration=\"0\" data-id=\"371\" data-slide-public-id=\"1\" data-title=\"Era do Gelo_Anu_820x300px\" data-haslink=\"1\" data-href=\"https:\/\/www.shoppingsaocarlos.com.br\/acontece.php?novidade_id=53012\" tabindex=\"0\" role=\"button\" data-target=\"_blank\" data-n2click=\"url\" data-force-pointer=\"\" class=\"n2-ss-slide n2-ow  n2-ss-slide-371\">\n<p>Era do Gelo_Anu_820x300px<\/p>\n<\/div>\n<div data-slide-duration=\"0\" data-id=\"394\" data-slide-public-id=\"14\" aria-hidden=\"true\" data-title=\"sc_dengue_banner_820x300px\" class=\"n2-ss-slide n2-ow  n2-ss-slide-394\">\n<p>sc_dengue_banner_820x300px<\/p>\n<\/div>\n<div data-slide-duration=\"0\" data-id=\"330\" data-slide-public-id=\"18\" aria-hidden=\"true\" data-title=\"unimed - desmarque sua consulta_regi\u00e3o em destake\" class=\"n2-ss-slide n2-ow  n2-ss-slide-330\">\n<p>unimed &#8211; desmarque sua consulta_regi\u00e3o em destake<\/p>\n<\/div><\/div>\n<\/p><\/div>\n<\/p><\/div>\n<\/p><\/div>\n<\/p><\/div>\n<p><\/template><ss3-loader\/><\/div>\n<\/div>\n<\/div>\n<nav class=\"navigation post-navigation\" aria-label=\"Post navigation\">\n<h2 class=\"screen-reader-text\">Post navigation<\/h2>\n<\/nav><\/div>\n<p><a href=\"https:\/\/regiaoemdestake.com.br\/camara-aprova-convenio-de-r-150-milhoes-para-obras-de-combate-a-enchentes-em-sao-carlos\/\">Fonte do Artigo <\/a><\/p>","protected":false},"excerpt":{"rendered":"<p>A C\u00e2mara Municipal de S\u00e3o Carlos aprovou, nesta ter\u00e7a-feira (24), o conv\u00eanio entre o munic\u00edpio e o Governo do Estado de S\u00e3o Paulo para a execu\u00e7\u00e3o da obra de amplia\u00e7\u00e3o do Reservat\u00f3rio Sime\u00e3o, conhecido como Piscin\u00e3o da Travessa 8. O investimento estimado \u00e9 de R$ 150 milh\u00f5es e integra um conjunto de a\u00e7\u00f5es voltadas ao [&hellip;]<\/p>\n","protected":false},"author":1,"featured_media":97171,"comment_status":"closed","ping_status":"","sticky":false,"template":"","format":"standard","meta":{"googlesitekit_rrm_CAow2JLhCw:productID":"","_gspb_post_css":"","maa_idioma":"","maa_pais":"","footnotes":""},"categories":[4],"tags":[5844,94,3126,3843,14124,23859,3347,3151,2904,3262],"class_list":["post-97170","post","type-post","status-publish","format-standard","has-post-thumbnail","hentry","category-brasil","tag-aprova","tag-camara","tag-carlos","tag-combate","tag-convenio","tag-enchentes","tag-milhoes","tag-obras","tag-para","tag-sao"],"blocksy_meta":[],"yoast_head":"<!-- This site is optimized with the Yoast SEO Premium plugin v27.6 (Yoast SEO v27.6) - https:\/\/yoast.com\/product\/yoast-seo-premium-wordpress\/ -->\n<title>C\u00e2mara aprova conv\u00eanio de R$ 150 milh\u00f5es para obras de combate a enchentes em S\u00e3o Carlos | - Ubirat\u00e3 Online Not\u00edcias - A realidade ao seu alcance!<\/title>\n<meta name=\"description\" content=\"A C\u00e2mara Municipal de S\u00e3o Carlos aprovou, nesta ter\u00e7a-feira (24), o conv\u00eanio entre o munic\u00edpio e o Governo do Estado de S\u00e3o Paulo para a execu\u00e7\u00e3o da obra\" \/>\n<meta name=\"robots\" content=\"index, follow, max-snippet:-1, max-image-preview:large, max-video-preview:-1\" \/>\n<link rel=\"canonical\" href=\"https:\/\/ubirataonline.com.br\/en\/camara-aprova-convenio-de-r-150-milhoes-para-obras-de-combate-a-enchentes-em-sao-carlos\/\" \/>\n<meta property=\"og:locale\" content=\"en_US\" \/>\n<meta property=\"og:type\" content=\"article\" \/>\n<meta property=\"og:title\" content=\"C\u00e2mara aprova conv\u00eanio de R$ 150 milh\u00f5es para obras de combate a enchentes em S\u00e3o Carlos |\" \/>\n<meta property=\"og:description\" content=\"A C\u00e2mara Municipal de S\u00e3o Carlos aprovou, nesta ter\u00e7a-feira (24), o conv\u00eanio entre o munic\u00edpio e o Governo do Estado de S\u00e3o Paulo para a execu\u00e7\u00e3o da obra\" \/>\n<meta property=\"og:url\" content=\"https:\/\/ubirataonline.com.br\/en\/camara-aprova-convenio-de-r-150-milhoes-para-obras-de-combate-a-enchentes-em-sao-carlos\/\" \/>\n<meta property=\"og:site_name\" content=\"Ubirat\u00e3 Online Not\u00edcias - A realidade ao seu alcance!\" \/>\n<meta property=\"article:publisher\" content=\"https:\/\/www.facebook.com\/portalubirataonline\" \/>\n<meta property=\"article:author\" content=\"https:\/\/www.facebook.com\/portalubirataonline\" \/>\n<meta property=\"article:published_time\" content=\"2026-03-25T10:43:51+00:00\" \/>\n<meta property=\"article:modified_time\" content=\"2026-03-25T10:43:53+00:00\" \/>\n<meta property=\"og:image\" content=\"https:\/\/ubirataonline.com.br\/wp-content\/uploads\/2026\/03\/Camara-aprova-convenio-de-R-150-milhoes-para-obras-de.jpg\" \/>\n\t<meta property=\"og:image:width\" content=\"1200\" \/>\n\t<meta property=\"og:image:height\" content=\"800\" \/>\n\t<meta property=\"og:image:type\" content=\"image\/jpeg\" \/>\n<meta name=\"author\" content=\"REDA\u00c7\u00c3O: UBIRAT\u00c3 ONLINE - F\u00c1BIO AUGUSTO CELESTINO\" \/>\n<meta name=\"twitter:card\" content=\"summary_large_image\" \/>\n<meta name=\"twitter:creator\" content=\"@x.com\/ubirataonline\" \/>\n<meta name=\"twitter:site\" content=\"@ubirataonline\" \/>\n<meta name=\"twitter:label1\" content=\"Written by\" \/>\n\t<meta name=\"twitter:data1\" content=\"REDA\u00c7\u00c3O: UBIRAT\u00c3 ONLINE - F\u00c1BIO AUGUSTO CELESTINO\" \/>\n\t<meta name=\"twitter:label2\" content=\"Est. reading time\" \/>\n\t<meta name=\"twitter:data2\" content=\"2 minutes\" \/>\n<script type=\"application\/ld+json\" class=\"yoast-schema-graph\">{\"@context\":\"https:\\\/\\\/schema.org\",\"@graph\":[{\"@type\":\"NewsArticle\",\"@id\":\"https:\\\/\\\/ubirataonline.com.br\\\/camara-aprova-convenio-de-r-150-milhoes-para-obras-de-combate-a-enchentes-em-sao-carlos\\\/#article\",\"isPartOf\":{\"@id\":\"https:\\\/\\\/ubirataonline.com.br\\\/camara-aprova-convenio-de-r-150-milhoes-para-obras-de-combate-a-enchentes-em-sao-carlos\\\/\"},\"author\":{\"name\":\"REDA\u00c7\u00c3O: UBIRAT\u00c3 ONLINE - F\u00c1BIO AUGUSTO CELESTINO\",\"@id\":\"https:\\\/\\\/ubirataonline.com.br\\\/#\\\/schema\\\/person\\\/372f87bbd3fdd79b8556b84c98d0bc1c\"},\"headline\":\"C\u00e2mara aprova conv\u00eanio de R$ 150 milh\u00f5es para obras de combate a enchentes em S\u00e3o Carlos |\",\"datePublished\":\"2026-03-25T10:43:51+00:00\",\"dateModified\":\"2026-03-25T10:43:53+00:00\",\"mainEntityOfPage\":{\"@id\":\"https:\\\/\\\/ubirataonline.com.br\\\/camara-aprova-convenio-de-r-150-milhoes-para-obras-de-combate-a-enchentes-em-sao-carlos\\\/\"},\"wordCount\":343,\"publisher\":{\"@id\":\"https:\\\/\\\/ubirataonline.com.br\\\/#organization\"},\"image\":{\"@id\":\"https:\\\/\\\/ubirataonline.com.br\\\/camara-aprova-convenio-de-r-150-milhoes-para-obras-de-combate-a-enchentes-em-sao-carlos\\\/#primaryimage\"},\"thumbnailUrl\":\"https:\\\/\\\/ubirataonline.com.br\\\/wp-content\\\/uploads\\\/2026\\\/03\\\/Camara-aprova-convenio-de-R-150-milhoes-para-obras-de.jpg\",\"keywords\":[\"aprova\",\"c\u00e2mara\",\"Carlos\",\"Combate\",\"conv\u00eanio\",\"enchentes\",\"milh\u00f5es\",\"obras\",\"para\",\"S\u00e3o\"],\"articleSection\":[\"Brasil\"],\"inLanguage\":\"en-US\",\"copyrightYear\":\"2026\",\"copyrightHolder\":{\"@id\":\"https:\\\/\\\/ubirataonline.com.br\\\/en\\\/#organization\"}},{\"@type\":\"WebPage\",\"@id\":\"https:\\\/\\\/ubirataonline.com.br\\\/camara-aprova-convenio-de-r-150-milhoes-para-obras-de-combate-a-enchentes-em-sao-carlos\\\/\",\"url\":\"https:\\\/\\\/ubirataonline.com.br\\\/camara-aprova-convenio-de-r-150-milhoes-para-obras-de-combate-a-enchentes-em-sao-carlos\\\/\",\"name\":\"C\u00e2mara aprova conv\u00eanio de R$ 150 milh\u00f5es para obras de combate a enchentes em S\u00e3o Carlos | - Ubirat\u00e3 Online Not\u00edcias - A realidade ao seu alcance!\",\"isPartOf\":{\"@id\":\"https:\\\/\\\/ubirataonline.com.br\\\/#website\"},\"primaryImageOfPage\":{\"@id\":\"https:\\\/\\\/ubirataonline.com.br\\\/camara-aprova-convenio-de-r-150-milhoes-para-obras-de-combate-a-enchentes-em-sao-carlos\\\/#primaryimage\"},\"image\":{\"@id\":\"https:\\\/\\\/ubirataonline.com.br\\\/camara-aprova-convenio-de-r-150-milhoes-para-obras-de-combate-a-enchentes-em-sao-carlos\\\/#primaryimage\"},\"thumbnailUrl\":\"https:\\\/\\\/ubirataonline.com.br\\\/wp-content\\\/uploads\\\/2026\\\/03\\\/Camara-aprova-convenio-de-R-150-milhoes-para-obras-de.jpg\",\"datePublished\":\"2026-03-25T10:43:51+00:00\",\"dateModified\":\"2026-03-25T10:43:53+00:00\",\"description\":\"A C\u00e2mara Municipal de S\u00e3o Carlos aprovou, nesta ter\u00e7a-feira (24), o conv\u00eanio entre o munic\u00edpio e o Governo do Estado de S\u00e3o Paulo para a execu\u00e7\u00e3o da obra\",\"breadcrumb\":{\"@id\":\"https:\\\/\\\/ubirataonline.com.br\\\/camara-aprova-convenio-de-r-150-milhoes-para-obras-de-combate-a-enchentes-em-sao-carlos\\\/#breadcrumb\"},\"inLanguage\":\"en-US\",\"potentialAction\":[{\"@type\":\"ReadAction\",\"target\":[\"https:\\\/\\\/ubirataonline.com.br\\\/camara-aprova-convenio-de-r-150-milhoes-para-obras-de-combate-a-enchentes-em-sao-carlos\\\/\"]}]},{\"@type\":\"ImageObject\",\"inLanguage\":\"en-US\",\"@id\":\"https:\\\/\\\/ubirataonline.com.br\\\/camara-aprova-convenio-de-r-150-milhoes-para-obras-de-combate-a-enchentes-em-sao-carlos\\\/#primaryimage\",\"url\":\"https:\\\/\\\/ubirataonline.com.br\\\/wp-content\\\/uploads\\\/2026\\\/03\\\/Camara-aprova-convenio-de-R-150-milhoes-para-obras-de.jpg\",\"contentUrl\":\"https:\\\/\\\/ubirataonline.com.br\\\/wp-content\\\/uploads\\\/2026\\\/03\\\/Camara-aprova-convenio-de-R-150-milhoes-para-obras-de.jpg\",\"width\":1200,\"height\":800,\"caption\":\"C\u00e2mara aprova conv\u00eanio de R$ 150 milh\u00f5es para obras de combate a enchentes em S\u00e3o Carlos |\"},{\"@type\":\"BreadcrumbList\",\"@id\":\"https:\\\/\\\/ubirataonline.com.br\\\/camara-aprova-convenio-de-r-150-milhoes-para-obras-de-combate-a-enchentes-em-sao-carlos\\\/#breadcrumb\",\"itemListElement\":[{\"@type\":\"ListItem\",\"position\":1,\"name\":\"In\u00edcio\",\"item\":\"https:\\\/\\\/ubirataonline.com.br\\\/\"},{\"@type\":\"ListItem\",\"position\":2,\"name\":\"C\u00e2mara aprova conv\u00eanio de R$ 150 milh\u00f5es para obras de combate a enchentes em S\u00e3o Carlos |\"}]},{\"@type\":\"WebSite\",\"@id\":\"https:\\\/\\\/ubirataonline.com.br\\\/#website\",\"url\":\"https:\\\/\\\/ubirataonline.com.br\\\/\",\"name\":\"Ubirat\u00e3 Online Not\u00edcias\",\"description\":\"Not\u00edcias de Ubirat\u00e3, regi\u00e3o, Brasil e mundo, com informa\u00e7\u00e3o atualizada e compromisso com o leitor.\",\"publisher\":{\"@id\":\"https:\\\/\\\/ubirataonline.com.br\\\/#organization\"},\"alternateName\":\"Ubirat\u00e3 Online\",\"potentialAction\":[{\"@type\":\"SearchAction\",\"target\":{\"@type\":\"EntryPoint\",\"urlTemplate\":\"https:\\\/\\\/ubirataonline.com.br\\\/?s={search_term_string}\"},\"query-input\":{\"@type\":\"PropertyValueSpecification\",\"valueRequired\":true,\"valueName\":\"search_term_string\"}}],\"inLanguage\":\"en-US\"},{\"@type\":[\"Organization\",\"Place\"],\"@id\":\"https:\\\/\\\/ubirataonline.com.br\\\/#organization\",\"name\":\"Ubirat\u00e3 Online Not\u00edcias\",\"alternateName\":\"Ubirat\u00e3 Online\",\"url\":\"https:\\\/\\\/ubirataonline.com.br\\\/\",\"logo\":{\"@id\":\"https:\\\/\\\/ubirataonline.com.br\\\/camara-aprova-convenio-de-r-150-milhoes-para-obras-de-combate-a-enchentes-em-sao-carlos\\\/#local-main-organization-logo\"},\"image\":{\"@id\":\"https:\\\/\\\/ubirataonline.com.br\\\/camara-aprova-convenio-de-r-150-milhoes-para-obras-de-combate-a-enchentes-em-sao-carlos\\\/#local-main-organization-logo\"},\"sameAs\":[\"https:\\\/\\\/www.facebook.com\\\/portalubirataonline\",\"https:\\\/\\\/x.com\\\/ubirataonline\",\"https:\\\/\\\/mastodon.social\\\/@ubirataonline\",\"https:\\\/\\\/www.facebook.com\\\/groups\\\/311144672285604\",\"https:\\\/\\\/www.facebook.com\\\/UBTAOnline\",\"https:\\\/\\\/www.instagram.com\\\/portalubirataonline\\\/\",\"https:\\\/\\\/twitter.com\\\/ubirataonline\"],\"description\":\"Somos um portal de not\u00edcias independente, criado em 5 de janeiro de 2009, com o objetivo de informar, conectar e valorizar a nossa comunidade de Ubirat\u00e3 e toda aregi\u00e3o. Com conte\u00fado atualizado, confi\u00e1vel e relevante, o Ubirat\u00e3 Online \u00e9 o seu espa\u00e7o para ficar por dentro dos principais acontecimentos locais, regionais, Brasil, Mundo e de interesse geral. Nosso compromisso \u00e9 com a verdade, a transpar\u00eancia e o respeito ao leitor.\",\"legalName\":\"UBIRATA ONLINE NOT\u00cdCIAS\",\"foundingDate\":\"2009-01-05\",\"numberOfEmployees\":{\"@type\":\"QuantitativeValue\",\"minValue\":\"1\",\"maxValue\":\"10\"},\"publishingPrinciples\":\"https:\\\/\\\/ubirataonline.com.br\\\/faq\\\/\",\"address\":{\"@id\":\"https:\\\/\\\/ubirataonline.com.br\\\/camara-aprova-convenio-de-r-150-milhoes-para-obras-de-combate-a-enchentes-em-sao-carlos\\\/#local-main-place-address\"},\"geo\":{\"@type\":\"GeoCoordinates\",\"latitude\":\"-24.5361401\",\"longitude\":\"-52.9921776\"},\"telephone\":[\"+5544998308235\"],\"contactPoint\":{\"@type\":\"ContactPoint\",\"email\":\"contato@ubirataonline.com.br\"},\"openingHoursSpecification\":{\"@type\":\"OpeningHoursSpecification\",\"dayOfWeek\":[\"Monday\",\"Tuesday\",\"Wednesday\",\"Thursday\",\"Friday\",\"Saturday\",\"Sunday\"],\"opens\":\"00:00\",\"closes\":\"23:59\"},\"email\":\"contato@ubirataonline.com.br\",\"vatID\":\"47.621.418\\\/0001-80\"},{\"@type\":\"Person\",\"@id\":\"https:\\\/\\\/ubirataonline.com.br\\\/#\\\/schema\\\/person\\\/372f87bbd3fdd79b8556b84c98d0bc1c\",\"name\":\"REDA\u00c7\u00c3O: UBIRAT\u00c3 ONLINE - F\u00c1BIO AUGUSTO CELESTINO\",\"pronouns\":\"Ele\",\"description\":\"Desde 2003 trabalhando com not\u00edcias.\",\"sameAs\":[\"http:\\\/\\\/ubirataoline.com.br\",\"https:\\\/\\\/www.facebook.com\\\/portalubirataonline\",\"https:\\\/\\\/www.instagram.com\\\/ubirataonline_oficial\",\"https:\\\/\\\/x.com\\\/x.com\\\/ubirataonline\"],\"honorificPrefix\":\"Mr.\",\"honorificSuffix\":\"MD\",\"birthDate\":\"1980-06-16\",\"gender\":\"masculino\",\"award\":[\"V\u00e1rios pr\u00eamios de melhor portal da cidade\"],\"jobTitle\":\"Diretor\",\"url\":\"https:\\\/\\\/ubirataonline.com.br\\\/en\\\/author\\\/ubirataonline\\\/\"},{\"@type\":\"PostalAddress\",\"@id\":\"https:\\\/\\\/ubirataonline.com.br\\\/camara-aprova-convenio-de-r-150-milhoes-para-obras-de-combate-a-enchentes-em-sao-carlos\\\/#local-main-place-address\",\"streetAddress\":\"Rua dos Coqueiros, 104 - Bairro Boa Vista, Rua dos Coqueiros, 104 Bairro Boa Vista\",\"addressLocality\":\"UBIRATA\",\"postalCode\":\"85440-000\",\"addressRegion\":\"PR\",\"addressCountry\":\"BR\"},{\"@type\":\"ImageObject\",\"inLanguage\":\"en-US\",\"@id\":\"https:\\\/\\\/ubirataonline.com.br\\\/camara-aprova-convenio-de-r-150-milhoes-para-obras-de-combate-a-enchentes-em-sao-carlos\\\/#local-main-organization-logo\",\"url\":\"https:\\\/\\\/ubirataonline.com.br\\\/wp-content\\\/uploads\\\/2026\\\/06\\\/logoubirataonline-1.webp\",\"contentUrl\":\"https:\\\/\\\/ubirataonline.com.br\\\/wp-content\\\/uploads\\\/2026\\\/06\\\/logoubirataonline-1.webp\",\"width\":500,\"height\":500,\"caption\":\"Ubirat\u00e3 Online Not\u00edcias\"}]}<\/script>\n<meta name=\"geo.placename\" content=\"UBIRATA\" \/>\n<meta name=\"geo.position\" content=\"-24.5361401;-52.9921776\" \/>\n<meta name=\"geo.region\" content=\"Brazil\" \/>\n<!-- \/ Yoast SEO Premium plugin. -->","yoast_head_json":{"title":"C\u00e2mara aprova conv\u00eanio de R$ 150 milh\u00f5es para obras de combate a enchentes em S\u00e3o Carlos | - Ubirat\u00e3 Online Not\u00edcias - A realidade ao seu alcance!","description":"A C\u00e2mara Municipal de S\u00e3o Carlos aprovou, nesta ter\u00e7a-feira (24), o conv\u00eanio entre o munic\u00edpio e o Governo do Estado de S\u00e3o Paulo para a execu\u00e7\u00e3o da obra","robots":{"index":"index","follow":"follow","max-snippet":"max-snippet:-1","max-image-preview":"max-image-preview:large","max-video-preview":"max-video-preview:-1"},"canonical":"https:\/\/ubirataonline.com.br\/en\/camara-aprova-convenio-de-r-150-milhoes-para-obras-de-combate-a-enchentes-em-sao-carlos\/","og_locale":"en_US","og_type":"article","og_title":"C\u00e2mara aprova conv\u00eanio de R$ 150 milh\u00f5es para obras de combate a enchentes em S\u00e3o Carlos |","og_description":"A C\u00e2mara Municipal de S\u00e3o Carlos aprovou, nesta ter\u00e7a-feira (24), o conv\u00eanio entre o munic\u00edpio e o Governo do Estado de S\u00e3o Paulo para a execu\u00e7\u00e3o da obra","og_url":"https:\/\/ubirataonline.com.br\/en\/camara-aprova-convenio-de-r-150-milhoes-para-obras-de-combate-a-enchentes-em-sao-carlos\/","og_site_name":"Ubirat\u00e3 Online Not\u00edcias - A realidade ao seu alcance!","article_publisher":"https:\/\/www.facebook.com\/portalubirataonline","article_author":"https:\/\/www.facebook.com\/portalubirataonline","article_published_time":"2026-03-25T10:43:51+00:00","article_modified_time":"2026-03-25T10:43:53+00:00","og_image":[{"width":1200,"height":800,"url":"https:\/\/ubirataonline.com.br\/wp-content\/uploads\/2026\/03\/Camara-aprova-convenio-de-R-150-milhoes-para-obras-de.jpg","type":"image\/jpeg"}],"author":"REDA\u00c7\u00c3O: UBIRAT\u00c3 ONLINE - F\u00c1BIO AUGUSTO CELESTINO","twitter_card":"summary_large_image","twitter_creator":"@x.com\/ubirataonline","twitter_site":"@ubirataonline","twitter_misc":{"Written by":"REDA\u00c7\u00c3O: UBIRAT\u00c3 ONLINE - F\u00c1BIO AUGUSTO CELESTINO","Est. reading time":"2 minutes"},"schema":{"@context":"https:\/\/schema.org","@graph":[{"@type":"NewsArticle","@id":"https:\/\/ubirataonline.com.br\/camara-aprova-convenio-de-r-150-milhoes-para-obras-de-combate-a-enchentes-em-sao-carlos\/#article","isPartOf":{"@id":"https:\/\/ubirataonline.com.br\/camara-aprova-convenio-de-r-150-milhoes-para-obras-de-combate-a-enchentes-em-sao-carlos\/"},"author":{"name":"REDA\u00c7\u00c3O: UBIRAT\u00c3 ONLINE - F\u00c1BIO AUGUSTO CELESTINO","@id":"https:\/\/ubirataonline.com.br\/#\/schema\/person\/372f87bbd3fdd79b8556b84c98d0bc1c"},"headline":"C\u00e2mara aprova conv\u00eanio de R$ 150 milh\u00f5es para obras de combate a enchentes em S\u00e3o Carlos |","datePublished":"2026-03-25T10:43:51+00:00","dateModified":"2026-03-25T10:43:53+00:00","mainEntityOfPage":{"@id":"https:\/\/ubirataonline.com.br\/camara-aprova-convenio-de-r-150-milhoes-para-obras-de-combate-a-enchentes-em-sao-carlos\/"},"wordCount":343,"publisher":{"@id":"https:\/\/ubirataonline.com.br\/#organization"},"image":{"@id":"https:\/\/ubirataonline.com.br\/camara-aprova-convenio-de-r-150-milhoes-para-obras-de-combate-a-enchentes-em-sao-carlos\/#primaryimage"},"thumbnailUrl":"https:\/\/ubirataonline.com.br\/wp-content\/uploads\/2026\/03\/Camara-aprova-convenio-de-R-150-milhoes-para-obras-de.jpg","keywords":["aprova","c\u00e2mara","Carlos","Combate","conv\u00eanio","enchentes","milh\u00f5es","obras","para","S\u00e3o"],"articleSection":["Brasil"],"inLanguage":"en-US","copyrightYear":"2026","copyrightHolder":{"@id":"https:\/\/ubirataonline.com.br\/en\/#organization"}},{"@type":"WebPage","@id":"https:\/\/ubirataonline.com.br\/camara-aprova-convenio-de-r-150-milhoes-para-obras-de-combate-a-enchentes-em-sao-carlos\/","url":"https:\/\/ubirataonline.com.br\/camara-aprova-convenio-de-r-150-milhoes-para-obras-de-combate-a-enchentes-em-sao-carlos\/","name":"C\u00e2mara aprova conv\u00eanio de R$ 150 milh\u00f5es para obras de combate a enchentes em S\u00e3o Carlos | - Ubirat\u00e3 Online Not\u00edcias - A realidade ao seu alcance!","isPartOf":{"@id":"https:\/\/ubirataonline.com.br\/#website"},"primaryImageOfPage":{"@id":"https:\/\/ubirataonline.com.br\/camara-aprova-convenio-de-r-150-milhoes-para-obras-de-combate-a-enchentes-em-sao-carlos\/#primaryimage"},"image":{"@id":"https:\/\/ubirataonline.com.br\/camara-aprova-convenio-de-r-150-milhoes-para-obras-de-combate-a-enchentes-em-sao-carlos\/#primaryimage"},"thumbnailUrl":"https:\/\/ubirataonline.com.br\/wp-content\/uploads\/2026\/03\/Camara-aprova-convenio-de-R-150-milhoes-para-obras-de.jpg","datePublished":"2026-03-25T10:43:51+00:00","dateModified":"2026-03-25T10:43:53+00:00","description":"A C\u00e2mara Municipal de S\u00e3o Carlos aprovou, nesta ter\u00e7a-feira (24), o conv\u00eanio entre o munic\u00edpio e o Governo do Estado de S\u00e3o Paulo para a execu\u00e7\u00e3o da obra","breadcrumb":{"@id":"https:\/\/ubirataonline.com.br\/camara-aprova-convenio-de-r-150-milhoes-para-obras-de-combate-a-enchentes-em-sao-carlos\/#breadcrumb"},"inLanguage":"en-US","potentialAction":[{"@type":"ReadAction","target":["https:\/\/ubirataonline.com.br\/camara-aprova-convenio-de-r-150-milhoes-para-obras-de-combate-a-enchentes-em-sao-carlos\/"]}]},{"@type":"ImageObject","inLanguage":"en-US","@id":"https:\/\/ubirataonline.com.br\/camara-aprova-convenio-de-r-150-milhoes-para-obras-de-combate-a-enchentes-em-sao-carlos\/#primaryimage","url":"https:\/\/ubirataonline.com.br\/wp-content\/uploads\/2026\/03\/Camara-aprova-convenio-de-R-150-milhoes-para-obras-de.jpg","contentUrl":"https:\/\/ubirataonline.com.br\/wp-content\/uploads\/2026\/03\/Camara-aprova-convenio-de-R-150-milhoes-para-obras-de.jpg","width":1200,"height":800,"caption":"C\u00e2mara aprova conv\u00eanio de R$ 150 milh\u00f5es para obras de combate a enchentes em S\u00e3o Carlos |"},{"@type":"BreadcrumbList","@id":"https:\/\/ubirataonline.com.br\/camara-aprova-convenio-de-r-150-milhoes-para-obras-de-combate-a-enchentes-em-sao-carlos\/#breadcrumb","itemListElement":[{"@type":"ListItem","position":1,"name":"In\u00edcio","item":"https:\/\/ubirataonline.com.br\/"},{"@type":"ListItem","position":2,"name":"C\u00e2mara aprova conv\u00eanio de R$ 150 milh\u00f5es para obras de combate a enchentes em S\u00e3o Carlos |"}]},{"@type":"WebSite","@id":"https:\/\/ubirataonline.com.br\/#website","url":"https:\/\/ubirataonline.com.br\/","name":"Ubirat\u00e3 Online Not\u00edcias","description":"Not\u00edcias de Ubirat\u00e3, regi\u00e3o, Brasil e mundo, com informa\u00e7\u00e3o atualizada e compromisso com o leitor.","publisher":{"@id":"https:\/\/ubirataonline.com.br\/#organization"},"alternateName":"Ubirat\u00e3 Online","potentialAction":[{"@type":"SearchAction","target":{"@type":"EntryPoint","urlTemplate":"https:\/\/ubirataonline.com.br\/?s={search_term_string}"},"query-input":{"@type":"PropertyValueSpecification","valueRequired":true,"valueName":"search_term_string"}}],"inLanguage":"en-US"},{"@type":["Organization","Place"],"@id":"https:\/\/ubirataonline.com.br\/#organization","name":"Ubirat\u00e3 Online Not\u00edcias","alternateName":"Ubirat\u00e3 Online","url":"https:\/\/ubirataonline.com.br\/","logo":{"@id":"https:\/\/ubirataonline.com.br\/camara-aprova-convenio-de-r-150-milhoes-para-obras-de-combate-a-enchentes-em-sao-carlos\/#local-main-organization-logo"},"image":{"@id":"https:\/\/ubirataonline.com.br\/camara-aprova-convenio-de-r-150-milhoes-para-obras-de-combate-a-enchentes-em-sao-carlos\/#local-main-organization-logo"},"sameAs":["https:\/\/www.facebook.com\/portalubirataonline","https:\/\/x.com\/ubirataonline","https:\/\/mastodon.social\/@ubirataonline","https:\/\/www.facebook.com\/groups\/311144672285604","https:\/\/www.facebook.com\/UBTAOnline","https:\/\/www.instagram.com\/portalubirataonline\/","https:\/\/twitter.com\/ubirataonline"],"description":"Somos um portal de not\u00edcias independente, criado em 5 de janeiro de 2009, com o objetivo de informar, conectar e valorizar a nossa comunidade de Ubirat\u00e3 e toda aregi\u00e3o. Com conte\u00fado atualizado, confi\u00e1vel e relevante, o Ubirat\u00e3 Online \u00e9 o seu espa\u00e7o para ficar por dentro dos principais acontecimentos locais, regionais, Brasil, Mundo e de interesse geral. Nosso compromisso \u00e9 com a verdade, a transpar\u00eancia e o respeito ao leitor.","legalName":"UBIRATA ONLINE NOT\u00cdCIAS","foundingDate":"2009-01-05","numberOfEmployees":{"@type":"QuantitativeValue","minValue":"1","maxValue":"10"},"publishingPrinciples":"https:\/\/ubirataonline.com.br\/faq\/","address":{"@id":"https:\/\/ubirataonline.com.br\/camara-aprova-convenio-de-r-150-milhoes-para-obras-de-combate-a-enchentes-em-sao-carlos\/#local-main-place-address"},"geo":{"@type":"GeoCoordinates","latitude":"-24.5361401","longitude":"-52.9921776"},"telephone":["+5544998308235"],"contactPoint":{"@type":"ContactPoint","email":"contato@ubirataonline.com.br"},"openingHoursSpecification":{"@type":"OpeningHoursSpecification","dayOfWeek":["Monday","Tuesday","Wednesday","Thursday","Friday","Saturday","Sunday"],"opens":"00:00","closes":"23:59"},"email":"contato@ubirataonline.com.br","vatID":"47.621.418\/0001-80"},{"@type":"Person","@id":"https:\/\/ubirataonline.com.br\/#\/schema\/person\/372f87bbd3fdd79b8556b84c98d0bc1c","name":"REDA\u00c7\u00c3O: UBIRAT\u00c3 ONLINE - F\u00c1BIO AUGUSTO CELESTINO","pronouns":"Ele","description":"Desde 2003 trabalhando com not\u00edcias.","sameAs":["http:\/\/ubirataoline.com.br","https:\/\/www.facebook.com\/portalubirataonline","https:\/\/www.instagram.com\/ubirataonline_oficial","https:\/\/x.com\/x.com\/ubirataonline"],"honorificPrefix":"Mr.","honorificSuffix":"MD","birthDate":"1980-06-16","gender":"masculino","award":["V\u00e1rios pr\u00eamios de melhor portal da cidade"],"jobTitle":"Diretor","url":"https:\/\/ubirataonline.com.br\/en\/author\/ubirataonline\/"},{"@type":"PostalAddress","@id":"https:\/\/ubirataonline.com.br\/camara-aprova-convenio-de-r-150-milhoes-para-obras-de-combate-a-enchentes-em-sao-carlos\/#local-main-place-address","streetAddress":"Rua dos Coqueiros, 104 - Bairro Boa Vista, Rua dos Coqueiros, 104 Bairro Boa Vista","addressLocality":"UBIRATA","postalCode":"85440-000","addressRegion":"PR","addressCountry":"BR"},{"@type":"ImageObject","inLanguage":"en-US","@id":"https:\/\/ubirataonline.com.br\/camara-aprova-convenio-de-r-150-milhoes-para-obras-de-combate-a-enchentes-em-sao-carlos\/#local-main-organization-logo","url":"https:\/\/ubirataonline.com.br\/wp-content\/uploads\/2026\/06\/logoubirataonline-1.webp","contentUrl":"https:\/\/ubirataonline.com.br\/wp-content\/uploads\/2026\/06\/logoubirataonline-1.webp","width":500,"height":500,"caption":"Ubirat\u00e3 Online Not\u00edcias"}]},"geo.placename":"UBIRATA","geo.position":{"lat":"-24.5361401","long":"-52.9921776"},"geo.region":"Brazil"},"_links":{"self":[{"href":"https:\/\/ubirataonline.com.br\/en\/wp-json\/wp\/v2\/posts\/97170","targetHints":{"allow":["GET"]}}],"collection":[{"href":"https:\/\/ubirataonline.com.br\/en\/wp-json\/wp\/v2\/posts"}],"about":[{"href":"https:\/\/ubirataonline.com.br\/en\/wp-json\/wp\/v2\/types\/post"}],"author":[{"embeddable":true,"href":"https:\/\/ubirataonline.com.br\/en\/wp-json\/wp\/v2\/users\/1"}],"replies":[{"embeddable":true,"href":"https:\/\/ubirataonline.com.br\/en\/wp-json\/wp\/v2\/comments?post=97170"}],"version-history":[{"count":0,"href":"https:\/\/ubirataonline.com.br\/en\/wp-json\/wp\/v2\/posts\/97170\/revisions"}],"wp:featuredmedia":[{"embeddable":true,"href":"https:\/\/ubirataonline.com.br\/en\/wp-json\/wp\/v2\/media\/97171"}],"wp:attachment":[{"href":"https:\/\/ubirataonline.com.br\/en\/wp-json\/wp\/v2\/media?parent=97170"}],"wp:term":[{"taxonomy":"category","embeddable":true,"href":"https:\/\/ubirataonline.com.br\/en\/wp-json\/wp\/v2\/categories?post=97170"},{"taxonomy":"post_tag","embeddable":true,"href":"https:\/\/ubirataonline.com.br\/en\/wp-json\/wp\/v2\/tags?post=97170"}],"curies":[{"name":"wp","href":"https:\/\/api.w.org\/{rel}","templated":true}]}}