{"id":97414,"date":"2026-03-26T08:07:17","date_gmt":"2026-03-26T11:07:17","guid":{"rendered":"https:\/\/ubirataonline.com.br\/brasil-bate-recorde-na-alfabetizacao-mas-ainda-enfrenta-desigualdades\/"},"modified":"2026-03-26T08:07:20","modified_gmt":"2026-03-26T11:07:20","slug":"brasil-bate-recorde-na-alfabetizacao-mas-ainda-enfrenta-desigualdades","status":"publish","type":"post","link":"https:\/\/ubirataonline.com.br\/en\/brasil-bate-recorde-na-alfabetizacao-mas-ainda-enfrenta-desigualdades\/","title":{"rendered":"Brasil bate recorde na alfabetiza\u00e7\u00e3o, mas ainda enfrenta desigualdades"},"content":{"rendered":"<p><\/p>\n<div id=\"digital\">\n<div class=\"autor\">\n<div class=\"item\">\n<div class=\"sigla\">\n\t\t\t\t\t\t\t\t\t\t\t\t<a href=\"https:\/\/www.correiobraziliense.com.br\/autor\/jessica-andrade\/page\/1\/\"><br \/>\n\t\t\t\t\t\t\t\t\t\t\t\t\t\t\t\t\t\t\t\t\t\t\t\t\t<\/a>\n\t\t\t\t\t\t\t\t\t\t\t<\/div>\n<p>J\u00e9ssica Andrade<\/p>\n<\/p><\/div>\n<\/p><\/div>\n<p>\n\t\t\t\t\t\t\t<small>postado em 26\/03\/2026 07:14\t\t\t\t\t\t\t\t\t\t\t\t\t\t\t\t\t\t\t\t\t\t\t\t\t\/ atualizado em 26\/03\/2026 07:14\t\t\t\t\t\t\t\t\t\t\t\t\t\t\t<\/small>\n\t\t\t\t\t\t<\/p>\n<div class=\"responsive-img\">\n\t\t\t\t\t\t\t\t\t<picture><source media=\"(max-width: 767px)\" data-srcset=\"https:\/\/midias.correiobraziliense.com.br\/_midias\/png\/2026\/03\/02\/360x240\/1_17396050-ae59-45ff-a4f9-c2a97f618324-64864954.png?20260302170457?20260302170457 360w\"\/><source media=\"(max-width: 1365px)\" data-srcset=\"https:\/\/midias.correiobraziliense.com.br\/_midias\/png\/2026\/03\/02\/675x450\/1_17396050-ae59-45ff-a4f9-c2a97f618324-64864954.png?20260302170457?20260302170457 675w\"\/><source media=\"(min-width: 1366px)\" data-srcset=\"https:\/\/midias.correiobraziliense.com.br\/_midias\/png\/2026\/03\/02\/360x240\/1_17396050-ae59-45ff-a4f9-c2a97f618324-64864954.png?20260302170457?20260302170457 820w\"\/><img loading=\"lazy\" decoding=\"async\" src=\"https:\/\/midias.correiobraziliense.com.br\/_midias\/png\/2026\/03\/02\/675x450\/1_17396050-ae59-45ff-a4f9-c2a97f618324-64864954.png?20260302170457?20260302170457\" alt=\"Apesar do progresso, o cen\u00e1rio ainda exige aten\u00e7\u00e3o. Isso porque 34% das crian\u00e7as  deixam o 2\u00ba ano do fundamental sem saber ler e escrever adequadamente. -  (cr\u00e9dito: Divulga\u00e7\u00e3o\/Ita\u00fa Social)\" title=\"Apesar do progresso, o cen\u00e1rio ainda exige aten\u00e7\u00e3o. Isso porque 34% das crian\u00e7as  deixam o 2\u00ba ano do fundamental sem saber ler e escrever adequadamente. -  (cr\u00e9dito: Divulga\u00e7\u00e3o\/Ita\u00fa Social)\" width=\"685\" height=\"470\"\/>\n\t\t\t\t\t\t\t\t\t<\/picture>\n<p>\n\t\t\t\t\t\t\t\t\t\t<svg>\n\t\t\t\t\t\t\t\t\t\t\t<use xlink:href=\"http:\/\/www.correiobraziliense.com.br\/frontend\/dist\/assets\/svg\/sprite.svg#cam\"\/>\n\t\t\t\t\t\t\t\t\t\t<\/svg><br \/>\n\t\t\t\t\t\t\t\t\t\t<small>Apesar do progresso, o cen\u00e1rio ainda exige aten\u00e7\u00e3o. Isso porque 34% das crian\u00e7as  deixam o 2\u00ba ano do fundamental sem saber ler e escrever adequadamente. &#8211;  (cr\u00e9dito: Divulga\u00e7\u00e3o\/Ita\u00fa Social)<\/small>\n\t\t\t\t\t\t\t\t\t<\/p>\n<\/p><\/div>\n<p dir=\"ltr\">O Brasil registrou um avan\u00e7o importante na <a href=\"https:\/\/www.correiobraziliense.com.br\/euestudante\/educacao-basica\/2026\/03\/7384094-brasil-alcanca-66-das-criancas-alfabetizadas-e-supera-meta-para-2025.html\" target=\"_blank\">alfabetiza\u00e7\u00e3o infantil e superou a meta estabelecida para 2025<\/a>. Dados divulgados pelo Minist\u00e9rio da Educa\u00e7\u00e3o (MEC) apontam que 66% das crian\u00e7as estavam alfabetizadas ao fim do 2\u00ba ano do ensino fundamental. O \u00edndice ultrapassa a meta nacional de 64% e representa um crescimento de 10 pontos percentuais em rela\u00e7\u00e3o a 2023, quando o indicador estava em 56%.<\/p>\n<p>&#13;<\/p>\n<p class=\"texto\">O resultado foi apresentado durante a premia\u00e7\u00e3o do Selo Nacional Compromisso com a Alfabetiza\u00e7\u00e3o, na segunda-feira (23\/3), e indica que quase todas as unidades da federa\u00e7\u00e3o atingiram suas metas espec\u00edficas, incluindo o Distrito Federal. O avan\u00e7o \u00e9 atribu\u00eddo, em grande parte, \u00e0 articula\u00e7\u00e3o entre Uni\u00e3o, estados e munic\u00edpios por meio do Compromisso Nacional Crian\u00e7a Alfabetizada.<\/p>\n<p>&#13;<\/p>\n<p dir=\"ltr\">Apesar do progresso, especialistas ponderam que o cen\u00e1rio ainda exige aten\u00e7\u00e3o. Isso porque 34% das crian\u00e7as brasileiras deixam o 2\u00ba ano do ensino fundamental sem saber ler e escrever adequadamente.<\/p>\n<p>&#13;<br \/>\n&#13;<\/p>\n<p dir=\"ltr\">Uma an\u00e1lise dos dados feita pela ONG Todos Pela Educa\u00e7\u00e3o refor\u00e7a que, embora o pa\u00eds tenha avan\u00e7ado, o n\u00edvel considerado como alfabetiza\u00e7\u00e3o ainda \u00e9 inicial, o que imp\u00f5e um novo desafio: elevar a qualidade da aprendizagem e garantir que as crian\u00e7as desenvolvam compet\u00eancias mais s\u00f3lidas de leitura e escrita.<\/p>\n<p>&#13;<\/p>\n<p dir=\"ltr\">Para o vice-presidente de educa\u00e7\u00e3o da Funda\u00e7\u00e3o Lemann, Felipe Proto, o resultado deve ser comemorado, mas sem perder de vista os pr\u00f3ximos passos. \u201cO avan\u00e7o da alfabetiza\u00e7\u00e3o no Brasil \u00e9 uma conquista relevante, um marco para nosso pa\u00eds. O compromisso coletivo e a coopera\u00e7\u00e3o entre Uni\u00e3o, estados e munic\u00edpios, como prop\u00f5e o Compromisso Nacional Crian\u00e7a Alfabetizada, tem viabilizado resultados muito promissores para a educa\u00e7\u00e3o brasileira\u201d, afirma.<\/p>\n<p>&#13;<br \/>\n&#13;<\/p>\n<p dir=\"ltr\">Ele destaca que pol\u00edticas p\u00fablicas articuladas e iniciativas de incentivo t\u00eam desempenhado papel central nesse avan\u00e7o. \u201cIniciativas como o Selo Nacional Compromisso com a Alfabetiza\u00e7\u00e3o refor\u00e7am esse movimento ao reconhecer e incentivar redes que avan\u00e7am com qualidade e equidade\u201d, diz.<\/p>\n<p>&#13;<\/p>\n<p dir=\"ltr\">Proto tamb\u00e9m aponta que o pa\u00eds vive um momento decisivo para transformar os avan\u00e7os em conquistas estruturais. \u201cErradicar o analfabetismo no Brasil tem se tornado um sonho cada vez mais poss\u00edvel. Se mantivermos o foco e acelerarmos o ritmo, o Brasil pode alcan\u00e7ar uma das transforma\u00e7\u00f5es mais estruturantes de sua hist\u00f3ria: garantir que todas as crian\u00e7as estejam lendo e escrevendo at\u00e9 o final do 2\u00ba ano do Ensino Fundamental\u201d, completa.<\/p>\n<p>&#13;<\/p>\n<p dir=\"ltr\">Embora o indicador nacional tenha melhorado, persistem desigualdades entre redes p\u00fablicas e regi\u00f5es do pa\u00eds, o que exige pol\u00edticas mais direcionadas para garantir que o progresso seja consistente e alcance todas as crian\u00e7as.<\/p>\n<p>&#13;<\/p>\n<p dir=\"ltr\">Nesse contexto, institui\u00e7\u00f5es que atuam com redes p\u00fablicas de ensino refor\u00e7am a import\u00e2ncia de estrat\u00e9gias estruturadas e cont\u00ednuas. O Instituto Ayrton Senna, por exemplo, acompanha os indicadores educacionais e desenvolve programas voltados \u00e0 alfabetiza\u00e7\u00e3o, \u00e0 corre\u00e7\u00e3o de fluxo e \u00e0 recomposi\u00e7\u00e3o das aprendizagens.<\/p>\n<p>&#13;<br \/>\n&#13;<\/p>\n<p dir=\"ltr\">A gerente-executiva de Advocacy da organiza\u00e7\u00e3o, Beatriz Alqueres, avalia que o avan\u00e7o \u00e9 resultado de esfor\u00e7os coordenados, mas alerta para limites importantes. Segundo ela, \u00e9 necess\u00e1rio aprofundar a qualidade da aprendizagem e enfrentar os desafios que ainda persistem nos anos iniciais.<\/p>\n<p>&#13;<\/p>\n<p dir=\"ltr\">A especialista tamb\u00e9m destaca que a recomposi\u00e7\u00e3o das aprendizagens, especialmente ap\u00f3s os impactos da pandemia, ainda \u00e9 uma agenda central. Para ela, pol\u00edticas p\u00fablicas consistentes, aliadas a programas estruturados, s\u00e3o fundamentais para sustentar e ampliar os resultados obtidos at\u00e9 aqui.<\/p>\n<p>&#13;<\/p>\n<p dir=\"ltr\">Com o indicador em alta, o Brasil d\u00e1 um passo relevante rumo \u00e0 alfabetiza\u00e7\u00e3o na idade certa. O desafio agora, segundo especialistas, \u00e9 garantir que esse avan\u00e7o n\u00e3o apenas se mantenha, mas se traduza em aprendizagem efetiva, com equidade e qualidade para todas as crian\u00e7as.<\/p>\n<p>&#13;<\/p>\n<p>\t\t\t\t\t\t<!-- $paragrafos = explode('<\/p>\n\n', $conteudo);\n\t\t\t\t\t\tforeach ($paragrafos as $k => $p) {\n\t\t\t\t\t\t\techo $p . '<\/p>\n\n';\n\t\t\t\t\t\t\tif ($k % 3 == 0) { ?>\n\t\t\t\t\t\t\t\t\t\t\t\t\t\t --><\/p><\/div>\n<p><a href=\"https:\/\/www.correiobraziliense.com.br\/euestudante\/educacao-basica\/2026\/03\/7384306-brasil-bate-recorde-na-alfabetizacao-mas-ainda-enfrenta-desigualdades.html\">Fonte do Artigo <\/a><\/p>","protected":false},"excerpt":{"rendered":"<p>J\u00e9ssica Andrade postado em 26\/03\/2026 07:14 \/ atualizado em 26\/03\/2026 07:14 Apesar do progresso, o cen\u00e1rio ainda exige aten\u00e7\u00e3o. Isso porque 34% das crian\u00e7as deixam o 2\u00ba ano do fundamental sem saber ler e escrever adequadamente. &#8211; (cr\u00e9dito: Divulga\u00e7\u00e3o\/Ita\u00fa Social) O Brasil registrou um avan\u00e7o importante na alfabetiza\u00e7\u00e3o infantil e superou a meta estabelecida para [&hellip;]<\/p>\n","protected":false},"author":1,"featured_media":97415,"comment_status":"closed","ping_status":"","sticky":false,"template":"","format":"standard","meta":{"googlesitekit_rrm_CAow2JLhCw:productID":"","_gspb_post_css":"","maa_idioma":"","maa_pais":"","footnotes":""},"categories":[4],"tags":[2929,16259,4881,272,23958,4593,3234,5509],"class_list":["post-97414","post","type-post","status-publish","format-standard","has-post-thumbnail","hentry","category-brasil","tag-ainda","tag-alfabetizacao","tag-bate","tag-brasil","tag-desigualdades","tag-enfrenta","tag-mas","tag-recorde"],"blocksy_meta":[],"yoast_head":"<!-- This site is optimized with the Yoast SEO Premium plugin v27.6 (Yoast SEO v27.6) - https:\/\/yoast.com\/product\/yoast-seo-premium-wordpress\/ -->\n<title>Brasil bate recorde na alfabetiza\u00e7\u00e3o, mas ainda enfrenta desigualdades - Ubirat\u00e3 Online Not\u00edcias - A realidade ao seu alcance!<\/title>\n<meta name=\"description\" content=\"J\u00e9ssica Andrade postado em 26\/03\/2026 07:14 \/ atualizado em 26\/03\/2026 07:14 Apesar do progresso, o cen\u00e1rio ainda exige aten\u00e7\u00e3o. Isso porque 34% das\" \/>\n<meta name=\"robots\" content=\"index, follow, max-snippet:-1, max-image-preview:large, max-video-preview:-1\" \/>\n<link rel=\"canonical\" href=\"https:\/\/ubirataonline.com.br\/en\/brasil-bate-recorde-na-alfabetizacao-mas-ainda-enfrenta-desigualdades\/\" \/>\n<meta property=\"og:locale\" content=\"en_US\" \/>\n<meta property=\"og:type\" content=\"article\" \/>\n<meta property=\"og:title\" content=\"Brasil bate recorde na alfabetiza\u00e7\u00e3o, mas ainda enfrenta desigualdades\" \/>\n<meta property=\"og:description\" content=\"J\u00e9ssica Andrade postado em 26\/03\/2026 07:14 \/ atualizado em 26\/03\/2026 07:14 Apesar do progresso, o cen\u00e1rio ainda exige aten\u00e7\u00e3o. Isso porque 34% das\" \/>\n<meta property=\"og:url\" content=\"https:\/\/ubirataonline.com.br\/en\/brasil-bate-recorde-na-alfabetizacao-mas-ainda-enfrenta-desigualdades\/\" \/>\n<meta property=\"og:site_name\" content=\"Ubirat\u00e3 Online Not\u00edcias - A realidade ao seu alcance!\" \/>\n<meta property=\"article:publisher\" content=\"https:\/\/www.facebook.com\/portalubirataonline\" \/>\n<meta property=\"article:author\" content=\"https:\/\/www.facebook.com\/portalubirataonline\" \/>\n<meta property=\"article:published_time\" content=\"2026-03-26T11:07:17+00:00\" \/>\n<meta property=\"article:modified_time\" content=\"2026-03-26T11:07:20+00:00\" \/>\n<meta property=\"og:image\" content=\"https:\/\/ubirataonline.com.br\/wp-content\/uploads\/2026\/03\/Brasil-bate-recorde-na-alfabetizacao-mas-ainda-enfrenta-desigualdades.png\" \/>\n\t<meta property=\"og:image:width\" content=\"675\" \/>\n\t<meta property=\"og:image:height\" content=\"450\" \/>\n\t<meta property=\"og:image:type\" content=\"image\/png\" \/>\n<meta name=\"author\" content=\"REDA\u00c7\u00c3O: UBIRAT\u00c3 ONLINE - F\u00c1BIO AUGUSTO CELESTINO\" \/>\n<meta name=\"twitter:card\" content=\"summary_large_image\" \/>\n<meta name=\"twitter:creator\" content=\"@x.com\/ubirataonline\" \/>\n<meta name=\"twitter:site\" content=\"@ubirataonline\" \/>\n<meta name=\"twitter:label1\" content=\"Written by\" \/>\n\t<meta name=\"twitter:data1\" content=\"REDA\u00c7\u00c3O: UBIRAT\u00c3 ONLINE - F\u00c1BIO AUGUSTO CELESTINO\" \/>\n\t<meta name=\"twitter:label2\" content=\"Est. reading time\" \/>\n\t<meta name=\"twitter:data2\" content=\"3 minutes\" \/>\n<script type=\"application\/ld+json\" class=\"yoast-schema-graph\">{\"@context\":\"https:\\\/\\\/schema.org\",\"@graph\":[{\"@type\":\"NewsArticle\",\"@id\":\"https:\\\/\\\/ubirataonline.com.br\\\/brasil-bate-recorde-na-alfabetizacao-mas-ainda-enfrenta-desigualdades\\\/#article\",\"isPartOf\":{\"@id\":\"https:\\\/\\\/ubirataonline.com.br\\\/brasil-bate-recorde-na-alfabetizacao-mas-ainda-enfrenta-desigualdades\\\/\"},\"author\":{\"name\":\"REDA\u00c7\u00c3O: UBIRAT\u00c3 ONLINE - F\u00c1BIO AUGUSTO CELESTINO\",\"@id\":\"https:\\\/\\\/ubirataonline.com.br\\\/#\\\/schema\\\/person\\\/372f87bbd3fdd79b8556b84c98d0bc1c\"},\"headline\":\"Brasil bate recorde na alfabetiza\u00e7\u00e3o, mas ainda enfrenta desigualdades\",\"datePublished\":\"2026-03-26T11:07:17+00:00\",\"dateModified\":\"2026-03-26T11:07:20+00:00\",\"mainEntityOfPage\":{\"@id\":\"https:\\\/\\\/ubirataonline.com.br\\\/brasil-bate-recorde-na-alfabetizacao-mas-ainda-enfrenta-desigualdades\\\/\"},\"wordCount\":691,\"publisher\":{\"@id\":\"https:\\\/\\\/ubirataonline.com.br\\\/#organization\"},\"image\":{\"@id\":\"https:\\\/\\\/ubirataonline.com.br\\\/brasil-bate-recorde-na-alfabetizacao-mas-ainda-enfrenta-desigualdades\\\/#primaryimage\"},\"thumbnailUrl\":\"https:\\\/\\\/ubirataonline.com.br\\\/wp-content\\\/uploads\\\/2026\\\/03\\\/Brasil-bate-recorde-na-alfabetizacao-mas-ainda-enfrenta-desigualdades.png\",\"keywords\":[\"ainda\",\"Alfabetiza\u00e7\u00e3o\",\"bate\",\"Brasil\",\"desigualdades\",\"enfrenta\",\"mas\",\"recorde\"],\"articleSection\":[\"Brasil\"],\"inLanguage\":\"en-US\",\"copyrightYear\":\"2026\",\"copyrightHolder\":{\"@id\":\"https:\\\/\\\/ubirataonline.com.br\\\/en\\\/#organization\"}},{\"@type\":\"WebPage\",\"@id\":\"https:\\\/\\\/ubirataonline.com.br\\\/brasil-bate-recorde-na-alfabetizacao-mas-ainda-enfrenta-desigualdades\\\/\",\"url\":\"https:\\\/\\\/ubirataonline.com.br\\\/brasil-bate-recorde-na-alfabetizacao-mas-ainda-enfrenta-desigualdades\\\/\",\"name\":\"Brasil bate recorde na alfabetiza\u00e7\u00e3o, mas ainda enfrenta desigualdades - Ubirat\u00e3 Online Not\u00edcias - A realidade ao seu alcance!\",\"isPartOf\":{\"@id\":\"https:\\\/\\\/ubirataonline.com.br\\\/#website\"},\"primaryImageOfPage\":{\"@id\":\"https:\\\/\\\/ubirataonline.com.br\\\/brasil-bate-recorde-na-alfabetizacao-mas-ainda-enfrenta-desigualdades\\\/#primaryimage\"},\"image\":{\"@id\":\"https:\\\/\\\/ubirataonline.com.br\\\/brasil-bate-recorde-na-alfabetizacao-mas-ainda-enfrenta-desigualdades\\\/#primaryimage\"},\"thumbnailUrl\":\"https:\\\/\\\/ubirataonline.com.br\\\/wp-content\\\/uploads\\\/2026\\\/03\\\/Brasil-bate-recorde-na-alfabetizacao-mas-ainda-enfrenta-desigualdades.png\",\"datePublished\":\"2026-03-26T11:07:17+00:00\",\"dateModified\":\"2026-03-26T11:07:20+00:00\",\"description\":\"J\u00e9ssica Andrade postado em 26\\\/03\\\/2026 07:14 \\\/ atualizado em 26\\\/03\\\/2026 07:14 Apesar do progresso, o cen\u00e1rio ainda exige aten\u00e7\u00e3o. Isso porque 34% das\",\"breadcrumb\":{\"@id\":\"https:\\\/\\\/ubirataonline.com.br\\\/brasil-bate-recorde-na-alfabetizacao-mas-ainda-enfrenta-desigualdades\\\/#breadcrumb\"},\"inLanguage\":\"en-US\",\"potentialAction\":[{\"@type\":\"ReadAction\",\"target\":[\"https:\\\/\\\/ubirataonline.com.br\\\/brasil-bate-recorde-na-alfabetizacao-mas-ainda-enfrenta-desigualdades\\\/\"]}]},{\"@type\":\"ImageObject\",\"inLanguage\":\"en-US\",\"@id\":\"https:\\\/\\\/ubirataonline.com.br\\\/brasil-bate-recorde-na-alfabetizacao-mas-ainda-enfrenta-desigualdades\\\/#primaryimage\",\"url\":\"https:\\\/\\\/ubirataonline.com.br\\\/wp-content\\\/uploads\\\/2026\\\/03\\\/Brasil-bate-recorde-na-alfabetizacao-mas-ainda-enfrenta-desigualdades.png\",\"contentUrl\":\"https:\\\/\\\/ubirataonline.com.br\\\/wp-content\\\/uploads\\\/2026\\\/03\\\/Brasil-bate-recorde-na-alfabetizacao-mas-ainda-enfrenta-desigualdades.png\",\"width\":675,\"height\":450,\"caption\":\"Brasil bate recorde na alfabetiza\u00e7\u00e3o, mas ainda enfrenta desigualdades\"},{\"@type\":\"BreadcrumbList\",\"@id\":\"https:\\\/\\\/ubirataonline.com.br\\\/brasil-bate-recorde-na-alfabetizacao-mas-ainda-enfrenta-desigualdades\\\/#breadcrumb\",\"itemListElement\":[{\"@type\":\"ListItem\",\"position\":1,\"name\":\"In\u00edcio\",\"item\":\"https:\\\/\\\/ubirataonline.com.br\\\/\"},{\"@type\":\"ListItem\",\"position\":2,\"name\":\"Brasil bate recorde na alfabetiza\u00e7\u00e3o, mas ainda enfrenta desigualdades\"}]},{\"@type\":\"WebSite\",\"@id\":\"https:\\\/\\\/ubirataonline.com.br\\\/#website\",\"url\":\"https:\\\/\\\/ubirataonline.com.br\\\/\",\"name\":\"Ubirat\u00e3 Online Not\u00edcias\",\"description\":\"Not\u00edcias de Ubirat\u00e3, regi\u00e3o, Brasil e mundo, com informa\u00e7\u00e3o atualizada e compromisso com o leitor.\",\"publisher\":{\"@id\":\"https:\\\/\\\/ubirataonline.com.br\\\/#organization\"},\"alternateName\":\"Ubirat\u00e3 Online\",\"potentialAction\":[{\"@type\":\"SearchAction\",\"target\":{\"@type\":\"EntryPoint\",\"urlTemplate\":\"https:\\\/\\\/ubirataonline.com.br\\\/?s={search_term_string}\"},\"query-input\":{\"@type\":\"PropertyValueSpecification\",\"valueRequired\":true,\"valueName\":\"search_term_string\"}}],\"inLanguage\":\"en-US\"},{\"@type\":[\"Organization\",\"Place\"],\"@id\":\"https:\\\/\\\/ubirataonline.com.br\\\/#organization\",\"name\":\"Ubirat\u00e3 Online Not\u00edcias\",\"alternateName\":\"Ubirat\u00e3 Online\",\"url\":\"https:\\\/\\\/ubirataonline.com.br\\\/\",\"logo\":{\"@id\":\"https:\\\/\\\/ubirataonline.com.br\\\/brasil-bate-recorde-na-alfabetizacao-mas-ainda-enfrenta-desigualdades\\\/#local-main-organization-logo\"},\"image\":{\"@id\":\"https:\\\/\\\/ubirataonline.com.br\\\/brasil-bate-recorde-na-alfabetizacao-mas-ainda-enfrenta-desigualdades\\\/#local-main-organization-logo\"},\"sameAs\":[\"https:\\\/\\\/www.facebook.com\\\/portalubirataonline\",\"https:\\\/\\\/x.com\\\/ubirataonline\",\"https:\\\/\\\/mastodon.social\\\/@ubirataonline\",\"https:\\\/\\\/www.facebook.com\\\/groups\\\/311144672285604\",\"https:\\\/\\\/www.facebook.com\\\/UBTAOnline\",\"https:\\\/\\\/www.instagram.com\\\/portalubirataonline\\\/\",\"https:\\\/\\\/twitter.com\\\/ubirataonline\"],\"description\":\"Somos um portal de not\u00edcias independente, criado em 5 de janeiro de 2009, com o objetivo de informar, conectar e valorizar a nossa comunidade de Ubirat\u00e3 e toda aregi\u00e3o. Com conte\u00fado atualizado, confi\u00e1vel e relevante, o Ubirat\u00e3 Online \u00e9 o seu espa\u00e7o para ficar por dentro dos principais acontecimentos locais, regionais, Brasil, Mundo e de interesse geral. Nosso compromisso \u00e9 com a verdade, a transpar\u00eancia e o respeito ao leitor.\",\"legalName\":\"UBIRATA ONLINE NOT\u00cdCIAS\",\"foundingDate\":\"2009-01-05\",\"numberOfEmployees\":{\"@type\":\"QuantitativeValue\",\"minValue\":\"1\",\"maxValue\":\"10\"},\"publishingPrinciples\":\"https:\\\/\\\/ubirataonline.com.br\\\/faq\\\/\",\"address\":{\"@id\":\"https:\\\/\\\/ubirataonline.com.br\\\/brasil-bate-recorde-na-alfabetizacao-mas-ainda-enfrenta-desigualdades\\\/#local-main-place-address\"},\"geo\":{\"@type\":\"GeoCoordinates\",\"latitude\":\"-24.5361401\",\"longitude\":\"-52.9921776\"},\"telephone\":[\"+5544998308235\"],\"contactPoint\":{\"@type\":\"ContactPoint\",\"email\":\"contato@ubirataonline.com.br\"},\"openingHoursSpecification\":{\"@type\":\"OpeningHoursSpecification\",\"dayOfWeek\":[\"Monday\",\"Tuesday\",\"Wednesday\",\"Thursday\",\"Friday\",\"Saturday\",\"Sunday\"],\"opens\":\"00:00\",\"closes\":\"23:59\"},\"email\":\"contato@ubirataonline.com.br\",\"vatID\":\"47.621.418\\\/0001-80\"},{\"@type\":\"Person\",\"@id\":\"https:\\\/\\\/ubirataonline.com.br\\\/#\\\/schema\\\/person\\\/372f87bbd3fdd79b8556b84c98d0bc1c\",\"name\":\"REDA\u00c7\u00c3O: UBIRAT\u00c3 ONLINE - F\u00c1BIO AUGUSTO CELESTINO\",\"pronouns\":\"Ele\",\"description\":\"Desde 2003 trabalhando com not\u00edcias.\",\"sameAs\":[\"http:\\\/\\\/ubirataoline.com.br\",\"https:\\\/\\\/www.facebook.com\\\/portalubirataonline\",\"https:\\\/\\\/www.instagram.com\\\/ubirataonline_oficial\",\"https:\\\/\\\/x.com\\\/x.com\\\/ubirataonline\"],\"honorificPrefix\":\"Mr.\",\"honorificSuffix\":\"MD\",\"birthDate\":\"1980-06-16\",\"gender\":\"masculino\",\"award\":[\"V\u00e1rios pr\u00eamios de melhor portal da cidade\"],\"jobTitle\":\"Diretor\",\"url\":\"https:\\\/\\\/ubirataonline.com.br\\\/en\\\/author\\\/ubirataonline\\\/\"},{\"@type\":\"PostalAddress\",\"@id\":\"https:\\\/\\\/ubirataonline.com.br\\\/brasil-bate-recorde-na-alfabetizacao-mas-ainda-enfrenta-desigualdades\\\/#local-main-place-address\",\"streetAddress\":\"Rua dos Coqueiros, 104 - Bairro Boa Vista, Rua dos Coqueiros, 104 Bairro Boa Vista\",\"addressLocality\":\"UBIRATA\",\"postalCode\":\"85440-000\",\"addressRegion\":\"PR\",\"addressCountry\":\"BR\"},{\"@type\":\"ImageObject\",\"inLanguage\":\"en-US\",\"@id\":\"https:\\\/\\\/ubirataonline.com.br\\\/brasil-bate-recorde-na-alfabetizacao-mas-ainda-enfrenta-desigualdades\\\/#local-main-organization-logo\",\"url\":\"https:\\\/\\\/ubirataonline.com.br\\\/wp-content\\\/uploads\\\/2026\\\/06\\\/logoubirataonline-1.webp\",\"contentUrl\":\"https:\\\/\\\/ubirataonline.com.br\\\/wp-content\\\/uploads\\\/2026\\\/06\\\/logoubirataonline-1.webp\",\"width\":500,\"height\":500,\"caption\":\"Ubirat\u00e3 Online Not\u00edcias\"}]}<\/script>\n<meta name=\"geo.placename\" content=\"UBIRATA\" \/>\n<meta name=\"geo.position\" content=\"-24.5361401;-52.9921776\" \/>\n<meta name=\"geo.region\" content=\"Brazil\" \/>\n<!-- \/ Yoast SEO Premium plugin. -->","yoast_head_json":{"title":"Brasil bate recorde na alfabetiza\u00e7\u00e3o, mas ainda enfrenta desigualdades - Ubirat\u00e3 Online Not\u00edcias - A realidade ao seu alcance!","description":"J\u00e9ssica Andrade postado em 26\/03\/2026 07:14 \/ atualizado em 26\/03\/2026 07:14 Apesar do progresso, o cen\u00e1rio ainda exige aten\u00e7\u00e3o. Isso porque 34% das","robots":{"index":"index","follow":"follow","max-snippet":"max-snippet:-1","max-image-preview":"max-image-preview:large","max-video-preview":"max-video-preview:-1"},"canonical":"https:\/\/ubirataonline.com.br\/en\/brasil-bate-recorde-na-alfabetizacao-mas-ainda-enfrenta-desigualdades\/","og_locale":"en_US","og_type":"article","og_title":"Brasil bate recorde na alfabetiza\u00e7\u00e3o, mas ainda enfrenta desigualdades","og_description":"J\u00e9ssica Andrade postado em 26\/03\/2026 07:14 \/ atualizado em 26\/03\/2026 07:14 Apesar do progresso, o cen\u00e1rio ainda exige aten\u00e7\u00e3o. Isso porque 34% das","og_url":"https:\/\/ubirataonline.com.br\/en\/brasil-bate-recorde-na-alfabetizacao-mas-ainda-enfrenta-desigualdades\/","og_site_name":"Ubirat\u00e3 Online Not\u00edcias - A realidade ao seu alcance!","article_publisher":"https:\/\/www.facebook.com\/portalubirataonline","article_author":"https:\/\/www.facebook.com\/portalubirataonline","article_published_time":"2026-03-26T11:07:17+00:00","article_modified_time":"2026-03-26T11:07:20+00:00","og_image":[{"width":675,"height":450,"url":"https:\/\/ubirataonline.com.br\/wp-content\/uploads\/2026\/03\/Brasil-bate-recorde-na-alfabetizacao-mas-ainda-enfrenta-desigualdades.png","type":"image\/png"}],"author":"REDA\u00c7\u00c3O: UBIRAT\u00c3 ONLINE - F\u00c1BIO AUGUSTO CELESTINO","twitter_card":"summary_large_image","twitter_creator":"@x.com\/ubirataonline","twitter_site":"@ubirataonline","twitter_misc":{"Written by":"REDA\u00c7\u00c3O: UBIRAT\u00c3 ONLINE - F\u00c1BIO AUGUSTO CELESTINO","Est. reading time":"3 minutes"},"schema":{"@context":"https:\/\/schema.org","@graph":[{"@type":"NewsArticle","@id":"https:\/\/ubirataonline.com.br\/brasil-bate-recorde-na-alfabetizacao-mas-ainda-enfrenta-desigualdades\/#article","isPartOf":{"@id":"https:\/\/ubirataonline.com.br\/brasil-bate-recorde-na-alfabetizacao-mas-ainda-enfrenta-desigualdades\/"},"author":{"name":"REDA\u00c7\u00c3O: UBIRAT\u00c3 ONLINE - F\u00c1BIO AUGUSTO CELESTINO","@id":"https:\/\/ubirataonline.com.br\/#\/schema\/person\/372f87bbd3fdd79b8556b84c98d0bc1c"},"headline":"Brasil bate recorde na alfabetiza\u00e7\u00e3o, mas ainda enfrenta desigualdades","datePublished":"2026-03-26T11:07:17+00:00","dateModified":"2026-03-26T11:07:20+00:00","mainEntityOfPage":{"@id":"https:\/\/ubirataonline.com.br\/brasil-bate-recorde-na-alfabetizacao-mas-ainda-enfrenta-desigualdades\/"},"wordCount":691,"publisher":{"@id":"https:\/\/ubirataonline.com.br\/#organization"},"image":{"@id":"https:\/\/ubirataonline.com.br\/brasil-bate-recorde-na-alfabetizacao-mas-ainda-enfrenta-desigualdades\/#primaryimage"},"thumbnailUrl":"https:\/\/ubirataonline.com.br\/wp-content\/uploads\/2026\/03\/Brasil-bate-recorde-na-alfabetizacao-mas-ainda-enfrenta-desigualdades.png","keywords":["ainda","Alfabetiza\u00e7\u00e3o","bate","Brasil","desigualdades","enfrenta","mas","recorde"],"articleSection":["Brasil"],"inLanguage":"en-US","copyrightYear":"2026","copyrightHolder":{"@id":"https:\/\/ubirataonline.com.br\/en\/#organization"}},{"@type":"WebPage","@id":"https:\/\/ubirataonline.com.br\/brasil-bate-recorde-na-alfabetizacao-mas-ainda-enfrenta-desigualdades\/","url":"https:\/\/ubirataonline.com.br\/brasil-bate-recorde-na-alfabetizacao-mas-ainda-enfrenta-desigualdades\/","name":"Brasil bate recorde na alfabetiza\u00e7\u00e3o, mas ainda enfrenta desigualdades - Ubirat\u00e3 Online Not\u00edcias - A realidade ao seu alcance!","isPartOf":{"@id":"https:\/\/ubirataonline.com.br\/#website"},"primaryImageOfPage":{"@id":"https:\/\/ubirataonline.com.br\/brasil-bate-recorde-na-alfabetizacao-mas-ainda-enfrenta-desigualdades\/#primaryimage"},"image":{"@id":"https:\/\/ubirataonline.com.br\/brasil-bate-recorde-na-alfabetizacao-mas-ainda-enfrenta-desigualdades\/#primaryimage"},"thumbnailUrl":"https:\/\/ubirataonline.com.br\/wp-content\/uploads\/2026\/03\/Brasil-bate-recorde-na-alfabetizacao-mas-ainda-enfrenta-desigualdades.png","datePublished":"2026-03-26T11:07:17+00:00","dateModified":"2026-03-26T11:07:20+00:00","description":"J\u00e9ssica Andrade postado em 26\/03\/2026 07:14 \/ atualizado em 26\/03\/2026 07:14 Apesar do progresso, o cen\u00e1rio ainda exige aten\u00e7\u00e3o. Isso porque 34% das","breadcrumb":{"@id":"https:\/\/ubirataonline.com.br\/brasil-bate-recorde-na-alfabetizacao-mas-ainda-enfrenta-desigualdades\/#breadcrumb"},"inLanguage":"en-US","potentialAction":[{"@type":"ReadAction","target":["https:\/\/ubirataonline.com.br\/brasil-bate-recorde-na-alfabetizacao-mas-ainda-enfrenta-desigualdades\/"]}]},{"@type":"ImageObject","inLanguage":"en-US","@id":"https:\/\/ubirataonline.com.br\/brasil-bate-recorde-na-alfabetizacao-mas-ainda-enfrenta-desigualdades\/#primaryimage","url":"https:\/\/ubirataonline.com.br\/wp-content\/uploads\/2026\/03\/Brasil-bate-recorde-na-alfabetizacao-mas-ainda-enfrenta-desigualdades.png","contentUrl":"https:\/\/ubirataonline.com.br\/wp-content\/uploads\/2026\/03\/Brasil-bate-recorde-na-alfabetizacao-mas-ainda-enfrenta-desigualdades.png","width":675,"height":450,"caption":"Brasil bate recorde na alfabetiza\u00e7\u00e3o, mas ainda enfrenta desigualdades"},{"@type":"BreadcrumbList","@id":"https:\/\/ubirataonline.com.br\/brasil-bate-recorde-na-alfabetizacao-mas-ainda-enfrenta-desigualdades\/#breadcrumb","itemListElement":[{"@type":"ListItem","position":1,"name":"In\u00edcio","item":"https:\/\/ubirataonline.com.br\/"},{"@type":"ListItem","position":2,"name":"Brasil bate recorde na alfabetiza\u00e7\u00e3o, mas ainda enfrenta desigualdades"}]},{"@type":"WebSite","@id":"https:\/\/ubirataonline.com.br\/#website","url":"https:\/\/ubirataonline.com.br\/","name":"Ubirat\u00e3 Online Not\u00edcias","description":"Not\u00edcias de Ubirat\u00e3, regi\u00e3o, Brasil e mundo, com informa\u00e7\u00e3o atualizada e compromisso com o leitor.","publisher":{"@id":"https:\/\/ubirataonline.com.br\/#organization"},"alternateName":"Ubirat\u00e3 Online","potentialAction":[{"@type":"SearchAction","target":{"@type":"EntryPoint","urlTemplate":"https:\/\/ubirataonline.com.br\/?s={search_term_string}"},"query-input":{"@type":"PropertyValueSpecification","valueRequired":true,"valueName":"search_term_string"}}],"inLanguage":"en-US"},{"@type":["Organization","Place"],"@id":"https:\/\/ubirataonline.com.br\/#organization","name":"Ubirat\u00e3 Online Not\u00edcias","alternateName":"Ubirat\u00e3 Online","url":"https:\/\/ubirataonline.com.br\/","logo":{"@id":"https:\/\/ubirataonline.com.br\/brasil-bate-recorde-na-alfabetizacao-mas-ainda-enfrenta-desigualdades\/#local-main-organization-logo"},"image":{"@id":"https:\/\/ubirataonline.com.br\/brasil-bate-recorde-na-alfabetizacao-mas-ainda-enfrenta-desigualdades\/#local-main-organization-logo"},"sameAs":["https:\/\/www.facebook.com\/portalubirataonline","https:\/\/x.com\/ubirataonline","https:\/\/mastodon.social\/@ubirataonline","https:\/\/www.facebook.com\/groups\/311144672285604","https:\/\/www.facebook.com\/UBTAOnline","https:\/\/www.instagram.com\/portalubirataonline\/","https:\/\/twitter.com\/ubirataonline"],"description":"Somos um portal de not\u00edcias independente, criado em 5 de janeiro de 2009, com o objetivo de informar, conectar e valorizar a nossa comunidade de Ubirat\u00e3 e toda aregi\u00e3o. Com conte\u00fado atualizado, confi\u00e1vel e relevante, o Ubirat\u00e3 Online \u00e9 o seu espa\u00e7o para ficar por dentro dos principais acontecimentos locais, regionais, Brasil, Mundo e de interesse geral. Nosso compromisso \u00e9 com a verdade, a transpar\u00eancia e o respeito ao leitor.","legalName":"UBIRATA ONLINE NOT\u00cdCIAS","foundingDate":"2009-01-05","numberOfEmployees":{"@type":"QuantitativeValue","minValue":"1","maxValue":"10"},"publishingPrinciples":"https:\/\/ubirataonline.com.br\/faq\/","address":{"@id":"https:\/\/ubirataonline.com.br\/brasil-bate-recorde-na-alfabetizacao-mas-ainda-enfrenta-desigualdades\/#local-main-place-address"},"geo":{"@type":"GeoCoordinates","latitude":"-24.5361401","longitude":"-52.9921776"},"telephone":["+5544998308235"],"contactPoint":{"@type":"ContactPoint","email":"contato@ubirataonline.com.br"},"openingHoursSpecification":{"@type":"OpeningHoursSpecification","dayOfWeek":["Monday","Tuesday","Wednesday","Thursday","Friday","Saturday","Sunday"],"opens":"00:00","closes":"23:59"},"email":"contato@ubirataonline.com.br","vatID":"47.621.418\/0001-80"},{"@type":"Person","@id":"https:\/\/ubirataonline.com.br\/#\/schema\/person\/372f87bbd3fdd79b8556b84c98d0bc1c","name":"REDA\u00c7\u00c3O: UBIRAT\u00c3 ONLINE - F\u00c1BIO AUGUSTO CELESTINO","pronouns":"Ele","description":"Desde 2003 trabalhando com not\u00edcias.","sameAs":["http:\/\/ubirataoline.com.br","https:\/\/www.facebook.com\/portalubirataonline","https:\/\/www.instagram.com\/ubirataonline_oficial","https:\/\/x.com\/x.com\/ubirataonline"],"honorificPrefix":"Mr.","honorificSuffix":"MD","birthDate":"1980-06-16","gender":"masculino","award":["V\u00e1rios pr\u00eamios de melhor portal da cidade"],"jobTitle":"Diretor","url":"https:\/\/ubirataonline.com.br\/en\/author\/ubirataonline\/"},{"@type":"PostalAddress","@id":"https:\/\/ubirataonline.com.br\/brasil-bate-recorde-na-alfabetizacao-mas-ainda-enfrenta-desigualdades\/#local-main-place-address","streetAddress":"Rua dos Coqueiros, 104 - Bairro Boa Vista, Rua dos Coqueiros, 104 Bairro Boa Vista","addressLocality":"UBIRATA","postalCode":"85440-000","addressRegion":"PR","addressCountry":"BR"},{"@type":"ImageObject","inLanguage":"en-US","@id":"https:\/\/ubirataonline.com.br\/brasil-bate-recorde-na-alfabetizacao-mas-ainda-enfrenta-desigualdades\/#local-main-organization-logo","url":"https:\/\/ubirataonline.com.br\/wp-content\/uploads\/2026\/06\/logoubirataonline-1.webp","contentUrl":"https:\/\/ubirataonline.com.br\/wp-content\/uploads\/2026\/06\/logoubirataonline-1.webp","width":500,"height":500,"caption":"Ubirat\u00e3 Online Not\u00edcias"}]},"geo.placename":"UBIRATA","geo.position":{"lat":"-24.5361401","long":"-52.9921776"},"geo.region":"Brazil"},"_links":{"self":[{"href":"https:\/\/ubirataonline.com.br\/en\/wp-json\/wp\/v2\/posts\/97414","targetHints":{"allow":["GET"]}}],"collection":[{"href":"https:\/\/ubirataonline.com.br\/en\/wp-json\/wp\/v2\/posts"}],"about":[{"href":"https:\/\/ubirataonline.com.br\/en\/wp-json\/wp\/v2\/types\/post"}],"author":[{"embeddable":true,"href":"https:\/\/ubirataonline.com.br\/en\/wp-json\/wp\/v2\/users\/1"}],"replies":[{"embeddable":true,"href":"https:\/\/ubirataonline.com.br\/en\/wp-json\/wp\/v2\/comments?post=97414"}],"version-history":[{"count":0,"href":"https:\/\/ubirataonline.com.br\/en\/wp-json\/wp\/v2\/posts\/97414\/revisions"}],"wp:featuredmedia":[{"embeddable":true,"href":"https:\/\/ubirataonline.com.br\/en\/wp-json\/wp\/v2\/media\/97415"}],"wp:attachment":[{"href":"https:\/\/ubirataonline.com.br\/en\/wp-json\/wp\/v2\/media?parent=97414"}],"wp:term":[{"taxonomy":"category","embeddable":true,"href":"https:\/\/ubirataonline.com.br\/en\/wp-json\/wp\/v2\/categories?post=97414"},{"taxonomy":"post_tag","embeddable":true,"href":"https:\/\/ubirataonline.com.br\/en\/wp-json\/wp\/v2\/tags?post=97414"}],"curies":[{"name":"wp","href":"https:\/\/api.w.org\/{rel}","templated":true}]}}