{"id":97420,"date":"2026-03-26T08:55:21","date_gmt":"2026-03-26T11:55:21","guid":{"rendered":"https:\/\/ubirataonline.com.br\/quatro-carro-se-envolvem-em-engavetamento-na-rua-jorge-lacerda\/"},"modified":"2026-03-26T08:55:24","modified_gmt":"2026-03-26T11:55:24","slug":"quatro-carro-se-envolvem-em-engavetamento-na-rua-jorge-lacerda","status":"publish","type":"post","link":"https:\/\/ubirataonline.com.br\/en\/quatro-carro-se-envolvem-em-engavetamento-na-rua-jorge-lacerda\/","title":{"rendered":"Quatro carro se envolvem em engavetamento na Rua Jorge Lacerda"},"content":{"rendered":"<p><\/p>\n<div id=\"texto\">\n<p>A manh\u00e3 desta quinta-feira (26) come\u00e7ou movimentada na Capital do Oeste do Paran\u00e1, com v\u00e1rios acidentes sendo registrados no per\u00edmetro urbano da cidade.<\/p>\n<p>Na Rua Jorge Lacera, quatro carros se envolveram em uma colis\u00e3o traseira, a qual gerou grandes danos aos ve\u00edculos.<\/p>\n<p>Segundo as informa\u00e7\u00f5es, a Chevrolet Tracker, o Celta, o Fiat Cronos e a BMW seguiam no mesmo sentido quando ocorreu o engavetamento.<\/p>\n<p>As batidas ocorreram ap\u00f3s um carro parar na via para tentar acessar um condom\u00ednio. Felizmente, ningu\u00e9m se feriu nesta ocorr\u00eancia, sendo contabilizados apenas preju\u00edzos materiais.<\/p>\n<p>Uma equipe da Transitar foi acionada para registrar o acidente e tomar as medidas cab\u00edveis.<\/p>\n<\/p><\/div>\n<p><a href=\"https:\/\/cgn.inf.br\/noticia\/2070772\/quatro-carro-se-envolvem-em-engavetamento-na-rua-jorge-lacerda\">Fonte do Artigo <\/a><\/p>","protected":false},"excerpt":{"rendered":"<p>A manh\u00e3 desta quinta-feira (26) come\u00e7ou movimentada na Capital do Oeste do Paran\u00e1, com v\u00e1rios acidentes sendo registrados no per\u00edmetro urbano da cidade. Na Rua Jorge Lacera, quatro carros se envolveram em uma colis\u00e3o traseira, a qual gerou grandes danos aos ve\u00edculos. Segundo as informa\u00e7\u00f5es, a Chevrolet Tracker, o Celta, o Fiat Cronos e a [&hellip;]<\/p>\n","protected":false},"author":1,"featured_media":97421,"comment_status":"closed","ping_status":"","sticky":false,"template":"","format":"standard","meta":{"googlesitekit_rrm_CAow2JLhCw:productID":"","_gspb_post_css":"","maa_idioma":"","maa_pais":"","footnotes":""},"categories":[1],"tags":[159,4641,23959,7585,16592,5732,5240],"class_list":["post-97420","post","type-post","status-publish","format-standard","has-post-thumbnail","hentry","category-ubirata","tag-carro","tag-engavetamento","tag-envolvem","tag-jorge","tag-lacerda","tag-quatro","tag-rua"],"blocksy_meta":[],"yoast_head":"<!-- This site is optimized with the Yoast SEO Premium plugin v27.6 (Yoast SEO v27.6) - https:\/\/yoast.com\/product\/yoast-seo-premium-wordpress\/ -->\n<title>Quatro carro se envolvem em engavetamento na Rua Jorge Lacerda - Ubirat\u00e3 Online Not\u00edcias - A realidade ao seu alcance!<\/title>\n<meta name=\"description\" content=\"A manh\u00e3 desta quinta-feira (26) come\u00e7ou movimentada na Capital do Oeste do Paran\u00e1, com v\u00e1rios acidentes sendo registrados no per\u00edmetro urbano da cidade.\" \/>\n<meta name=\"robots\" content=\"index, follow, max-snippet:-1, max-image-preview:large, max-video-preview:-1\" \/>\n<link rel=\"canonical\" href=\"https:\/\/ubirataonline.com.br\/en\/quatro-carro-se-envolvem-em-engavetamento-na-rua-jorge-lacerda\/\" \/>\n<meta property=\"og:locale\" content=\"en_US\" \/>\n<meta property=\"og:type\" content=\"article\" \/>\n<meta property=\"og:title\" content=\"Quatro carro se envolvem em engavetamento na Rua Jorge Lacerda\" \/>\n<meta property=\"og:description\" content=\"A manh\u00e3 desta quinta-feira (26) come\u00e7ou movimentada na Capital do Oeste do Paran\u00e1, com v\u00e1rios acidentes sendo registrados no per\u00edmetro urbano da cidade.\" \/>\n<meta property=\"og:url\" content=\"https:\/\/ubirataonline.com.br\/en\/quatro-carro-se-envolvem-em-engavetamento-na-rua-jorge-lacerda\/\" \/>\n<meta property=\"og:site_name\" content=\"Ubirat\u00e3 Online Not\u00edcias - A realidade ao seu alcance!\" \/>\n<meta property=\"article:publisher\" content=\"https:\/\/www.facebook.com\/portalubirataonline\" \/>\n<meta property=\"article:author\" content=\"https:\/\/www.facebook.com\/portalubirataonline\" \/>\n<meta property=\"article:published_time\" content=\"2026-03-26T11:55:21+00:00\" \/>\n<meta property=\"article:modified_time\" content=\"2026-03-26T11:55:24+00:00\" \/>\n<meta property=\"og:image\" content=\"https:\/\/ubirataonline.com.br\/wp-content\/uploads\/2026\/03\/Quatro-carro-se-envolvem-em-engavetamento-na-Rua-Jorge-Lacerda.jpg\" \/>\n\t<meta property=\"og:image:width\" content=\"1280\" \/>\n\t<meta property=\"og:image:height\" content=\"720\" \/>\n\t<meta property=\"og:image:type\" content=\"image\/jpeg\" \/>\n<meta name=\"author\" content=\"REDA\u00c7\u00c3O: UBIRAT\u00c3 ONLINE - F\u00c1BIO AUGUSTO CELESTINO\" \/>\n<meta name=\"twitter:card\" content=\"summary_large_image\" \/>\n<meta name=\"twitter:creator\" content=\"@x.com\/ubirataonline\" \/>\n<meta name=\"twitter:site\" content=\"@ubirataonline\" \/>\n<meta name=\"twitter:label1\" content=\"Written by\" \/>\n\t<meta name=\"twitter:data1\" content=\"REDA\u00c7\u00c3O: UBIRAT\u00c3 ONLINE - F\u00c1BIO AUGUSTO CELESTINO\" \/>\n\t<meta name=\"twitter:label2\" content=\"Est. reading time\" \/>\n\t<meta name=\"twitter:data2\" content=\"1 minute\" \/>\n<script type=\"application\/ld+json\" class=\"yoast-schema-graph\">{\"@context\":\"https:\\\/\\\/schema.org\",\"@graph\":[{\"@type\":\"NewsArticle\",\"@id\":\"https:\\\/\\\/ubirataonline.com.br\\\/quatro-carro-se-envolvem-em-engavetamento-na-rua-jorge-lacerda\\\/#article\",\"isPartOf\":{\"@id\":\"https:\\\/\\\/ubirataonline.com.br\\\/quatro-carro-se-envolvem-em-engavetamento-na-rua-jorge-lacerda\\\/\"},\"author\":{\"name\":\"REDA\u00c7\u00c3O: UBIRAT\u00c3 ONLINE - F\u00c1BIO AUGUSTO CELESTINO\",\"@id\":\"https:\\\/\\\/ubirataonline.com.br\\\/#\\\/schema\\\/person\\\/372f87bbd3fdd79b8556b84c98d0bc1c\"},\"headline\":\"Quatro carro se envolvem em engavetamento na Rua Jorge Lacerda\",\"datePublished\":\"2026-03-26T11:55:21+00:00\",\"dateModified\":\"2026-03-26T11:55:24+00:00\",\"mainEntityOfPage\":{\"@id\":\"https:\\\/\\\/ubirataonline.com.br\\\/quatro-carro-se-envolvem-em-engavetamento-na-rua-jorge-lacerda\\\/\"},\"wordCount\":128,\"publisher\":{\"@id\":\"https:\\\/\\\/ubirataonline.com.br\\\/#organization\"},\"image\":{\"@id\":\"https:\\\/\\\/ubirataonline.com.br\\\/quatro-carro-se-envolvem-em-engavetamento-na-rua-jorge-lacerda\\\/#primaryimage\"},\"thumbnailUrl\":\"https:\\\/\\\/ubirataonline.com.br\\\/wp-content\\\/uploads\\\/2026\\\/03\\\/Quatro-carro-se-envolvem-em-engavetamento-na-Rua-Jorge-Lacerda.jpg\",\"keywords\":[\"carro\",\"Engavetamento\",\"envolvem\",\"Jorge\",\"Lacerda\",\"quatro\",\"Rua\"],\"articleSection\":[\"Ubirat\u00e3\"],\"inLanguage\":\"en-US\",\"copyrightYear\":\"2026\",\"copyrightHolder\":{\"@id\":\"https:\\\/\\\/ubirataonline.com.br\\\/en\\\/#organization\"}},{\"@type\":\"WebPage\",\"@id\":\"https:\\\/\\\/ubirataonline.com.br\\\/quatro-carro-se-envolvem-em-engavetamento-na-rua-jorge-lacerda\\\/\",\"url\":\"https:\\\/\\\/ubirataonline.com.br\\\/quatro-carro-se-envolvem-em-engavetamento-na-rua-jorge-lacerda\\\/\",\"name\":\"Quatro carro se envolvem em engavetamento na Rua Jorge Lacerda - Ubirat\u00e3 Online Not\u00edcias - A realidade ao seu alcance!\",\"isPartOf\":{\"@id\":\"https:\\\/\\\/ubirataonline.com.br\\\/#website\"},\"primaryImageOfPage\":{\"@id\":\"https:\\\/\\\/ubirataonline.com.br\\\/quatro-carro-se-envolvem-em-engavetamento-na-rua-jorge-lacerda\\\/#primaryimage\"},\"image\":{\"@id\":\"https:\\\/\\\/ubirataonline.com.br\\\/quatro-carro-se-envolvem-em-engavetamento-na-rua-jorge-lacerda\\\/#primaryimage\"},\"thumbnailUrl\":\"https:\\\/\\\/ubirataonline.com.br\\\/wp-content\\\/uploads\\\/2026\\\/03\\\/Quatro-carro-se-envolvem-em-engavetamento-na-Rua-Jorge-Lacerda.jpg\",\"datePublished\":\"2026-03-26T11:55:21+00:00\",\"dateModified\":\"2026-03-26T11:55:24+00:00\",\"description\":\"A manh\u00e3 desta quinta-feira (26) come\u00e7ou movimentada na Capital do Oeste do Paran\u00e1, com v\u00e1rios acidentes sendo registrados no per\u00edmetro urbano da cidade.\",\"breadcrumb\":{\"@id\":\"https:\\\/\\\/ubirataonline.com.br\\\/quatro-carro-se-envolvem-em-engavetamento-na-rua-jorge-lacerda\\\/#breadcrumb\"},\"inLanguage\":\"en-US\",\"potentialAction\":[{\"@type\":\"ReadAction\",\"target\":[\"https:\\\/\\\/ubirataonline.com.br\\\/quatro-carro-se-envolvem-em-engavetamento-na-rua-jorge-lacerda\\\/\"]}]},{\"@type\":\"ImageObject\",\"inLanguage\":\"en-US\",\"@id\":\"https:\\\/\\\/ubirataonline.com.br\\\/quatro-carro-se-envolvem-em-engavetamento-na-rua-jorge-lacerda\\\/#primaryimage\",\"url\":\"https:\\\/\\\/ubirataonline.com.br\\\/wp-content\\\/uploads\\\/2026\\\/03\\\/Quatro-carro-se-envolvem-em-engavetamento-na-Rua-Jorge-Lacerda.jpg\",\"contentUrl\":\"https:\\\/\\\/ubirataonline.com.br\\\/wp-content\\\/uploads\\\/2026\\\/03\\\/Quatro-carro-se-envolvem-em-engavetamento-na-Rua-Jorge-Lacerda.jpg\",\"width\":1280,\"height\":720,\"caption\":\"\"},{\"@type\":\"BreadcrumbList\",\"@id\":\"https:\\\/\\\/ubirataonline.com.br\\\/quatro-carro-se-envolvem-em-engavetamento-na-rua-jorge-lacerda\\\/#breadcrumb\",\"itemListElement\":[{\"@type\":\"ListItem\",\"position\":1,\"name\":\"In\u00edcio\",\"item\":\"https:\\\/\\\/ubirataonline.com.br\\\/\"},{\"@type\":\"ListItem\",\"position\":2,\"name\":\"Quatro carro se envolvem em engavetamento na Rua Jorge Lacerda\"}]},{\"@type\":\"WebSite\",\"@id\":\"https:\\\/\\\/ubirataonline.com.br\\\/#website\",\"url\":\"https:\\\/\\\/ubirataonline.com.br\\\/\",\"name\":\"Ubirat\u00e3 Online Not\u00edcias\",\"description\":\"Not\u00edcias de Ubirat\u00e3, regi\u00e3o, Brasil e mundo, com informa\u00e7\u00e3o atualizada e compromisso com o leitor.\",\"publisher\":{\"@id\":\"https:\\\/\\\/ubirataonline.com.br\\\/#organization\"},\"alternateName\":\"Ubirat\u00e3 Online\",\"potentialAction\":[{\"@type\":\"SearchAction\",\"target\":{\"@type\":\"EntryPoint\",\"urlTemplate\":\"https:\\\/\\\/ubirataonline.com.br\\\/?s={search_term_string}\"},\"query-input\":{\"@type\":\"PropertyValueSpecification\",\"valueRequired\":true,\"valueName\":\"search_term_string\"}}],\"inLanguage\":\"en-US\"},{\"@type\":[\"Organization\",\"Place\"],\"@id\":\"https:\\\/\\\/ubirataonline.com.br\\\/#organization\",\"name\":\"Ubirat\u00e3 Online Not\u00edcias\",\"alternateName\":\"Ubirat\u00e3 Online\",\"url\":\"https:\\\/\\\/ubirataonline.com.br\\\/\",\"logo\":{\"@id\":\"https:\\\/\\\/ubirataonline.com.br\\\/quatro-carro-se-envolvem-em-engavetamento-na-rua-jorge-lacerda\\\/#local-main-organization-logo\"},\"image\":{\"@id\":\"https:\\\/\\\/ubirataonline.com.br\\\/quatro-carro-se-envolvem-em-engavetamento-na-rua-jorge-lacerda\\\/#local-main-organization-logo\"},\"sameAs\":[\"https:\\\/\\\/www.facebook.com\\\/portalubirataonline\",\"https:\\\/\\\/x.com\\\/ubirataonline\",\"https:\\\/\\\/mastodon.social\\\/@ubirataonline\",\"https:\\\/\\\/www.facebook.com\\\/groups\\\/311144672285604\",\"https:\\\/\\\/www.facebook.com\\\/UBTAOnline\",\"https:\\\/\\\/www.instagram.com\\\/portalubirataonline\\\/\",\"https:\\\/\\\/twitter.com\\\/ubirataonline\"],\"description\":\"Somos um portal de not\u00edcias independente, criado em 5 de janeiro de 2009, com o objetivo de informar, conectar e valorizar a nossa comunidade de Ubirat\u00e3 e toda aregi\u00e3o. Com conte\u00fado atualizado, confi\u00e1vel e relevante, o Ubirat\u00e3 Online \u00e9 o seu espa\u00e7o para ficar por dentro dos principais acontecimentos locais, regionais, Brasil, Mundo e de interesse geral. Nosso compromisso \u00e9 com a verdade, a transpar\u00eancia e o respeito ao leitor.\",\"legalName\":\"UBIRATA ONLINE NOT\u00cdCIAS\",\"foundingDate\":\"2009-01-05\",\"numberOfEmployees\":{\"@type\":\"QuantitativeValue\",\"minValue\":\"1\",\"maxValue\":\"10\"},\"publishingPrinciples\":\"https:\\\/\\\/ubirataonline.com.br\\\/faq\\\/\",\"address\":{\"@id\":\"https:\\\/\\\/ubirataonline.com.br\\\/quatro-carro-se-envolvem-em-engavetamento-na-rua-jorge-lacerda\\\/#local-main-place-address\"},\"geo\":{\"@type\":\"GeoCoordinates\",\"latitude\":\"-24.5361401\",\"longitude\":\"-52.9921776\"},\"telephone\":[\"+5544998308235\"],\"contactPoint\":{\"@type\":\"ContactPoint\",\"email\":\"contato@ubirataonline.com.br\"},\"openingHoursSpecification\":{\"@type\":\"OpeningHoursSpecification\",\"dayOfWeek\":[\"Monday\",\"Tuesday\",\"Wednesday\",\"Thursday\",\"Friday\",\"Saturday\",\"Sunday\"],\"opens\":\"00:00\",\"closes\":\"23:59\"},\"email\":\"contato@ubirataonline.com.br\",\"vatID\":\"47.621.418\\\/0001-80\"},{\"@type\":\"Person\",\"@id\":\"https:\\\/\\\/ubirataonline.com.br\\\/#\\\/schema\\\/person\\\/372f87bbd3fdd79b8556b84c98d0bc1c\",\"name\":\"REDA\u00c7\u00c3O: UBIRAT\u00c3 ONLINE - F\u00c1BIO AUGUSTO CELESTINO\",\"pronouns\":\"Ele\",\"description\":\"Desde 2003 trabalhando com not\u00edcias.\",\"sameAs\":[\"http:\\\/\\\/ubirataoline.com.br\",\"https:\\\/\\\/www.facebook.com\\\/portalubirataonline\",\"https:\\\/\\\/www.instagram.com\\\/ubirataonline_oficial\",\"https:\\\/\\\/x.com\\\/x.com\\\/ubirataonline\"],\"honorificPrefix\":\"Mr.\",\"honorificSuffix\":\"MD\",\"birthDate\":\"1980-06-16\",\"gender\":\"masculino\",\"award\":[\"V\u00e1rios pr\u00eamios de melhor portal da cidade\"],\"jobTitle\":\"Diretor\",\"url\":\"https:\\\/\\\/ubirataonline.com.br\\\/en\\\/author\\\/ubirataonline\\\/\"},{\"@type\":\"PostalAddress\",\"@id\":\"https:\\\/\\\/ubirataonline.com.br\\\/quatro-carro-se-envolvem-em-engavetamento-na-rua-jorge-lacerda\\\/#local-main-place-address\",\"streetAddress\":\"Rua dos Coqueiros, 104 - Bairro Boa Vista, Rua dos Coqueiros, 104 Bairro Boa Vista\",\"addressLocality\":\"UBIRATA\",\"postalCode\":\"85440-000\",\"addressRegion\":\"PR\",\"addressCountry\":\"BR\"},{\"@type\":\"ImageObject\",\"inLanguage\":\"en-US\",\"@id\":\"https:\\\/\\\/ubirataonline.com.br\\\/quatro-carro-se-envolvem-em-engavetamento-na-rua-jorge-lacerda\\\/#local-main-organization-logo\",\"url\":\"https:\\\/\\\/ubirataonline.com.br\\\/wp-content\\\/uploads\\\/2026\\\/06\\\/logoubirataonline-1.webp\",\"contentUrl\":\"https:\\\/\\\/ubirataonline.com.br\\\/wp-content\\\/uploads\\\/2026\\\/06\\\/logoubirataonline-1.webp\",\"width\":500,\"height\":500,\"caption\":\"Ubirat\u00e3 Online Not\u00edcias\"}]}<\/script>\n<meta name=\"geo.placename\" content=\"UBIRATA\" \/>\n<meta name=\"geo.position\" content=\"-24.5361401;-52.9921776\" \/>\n<meta name=\"geo.region\" content=\"Brazil\" \/>\n<!-- \/ Yoast SEO Premium plugin. -->","yoast_head_json":{"title":"Quatro carro se envolvem em engavetamento na Rua Jorge Lacerda - Ubirat\u00e3 Online Not\u00edcias - A realidade ao seu alcance!","description":"A manh\u00e3 desta quinta-feira (26) come\u00e7ou movimentada na Capital do Oeste do Paran\u00e1, com v\u00e1rios acidentes sendo registrados no per\u00edmetro urbano da cidade.","robots":{"index":"index","follow":"follow","max-snippet":"max-snippet:-1","max-image-preview":"max-image-preview:large","max-video-preview":"max-video-preview:-1"},"canonical":"https:\/\/ubirataonline.com.br\/en\/quatro-carro-se-envolvem-em-engavetamento-na-rua-jorge-lacerda\/","og_locale":"en_US","og_type":"article","og_title":"Quatro carro se envolvem em engavetamento na Rua Jorge Lacerda","og_description":"A manh\u00e3 desta quinta-feira (26) come\u00e7ou movimentada na Capital do Oeste do Paran\u00e1, com v\u00e1rios acidentes sendo registrados no per\u00edmetro urbano da cidade.","og_url":"https:\/\/ubirataonline.com.br\/en\/quatro-carro-se-envolvem-em-engavetamento-na-rua-jorge-lacerda\/","og_site_name":"Ubirat\u00e3 Online Not\u00edcias - A realidade ao seu alcance!","article_publisher":"https:\/\/www.facebook.com\/portalubirataonline","article_author":"https:\/\/www.facebook.com\/portalubirataonline","article_published_time":"2026-03-26T11:55:21+00:00","article_modified_time":"2026-03-26T11:55:24+00:00","og_image":[{"width":1280,"height":720,"url":"https:\/\/ubirataonline.com.br\/wp-content\/uploads\/2026\/03\/Quatro-carro-se-envolvem-em-engavetamento-na-Rua-Jorge-Lacerda.jpg","type":"image\/jpeg"}],"author":"REDA\u00c7\u00c3O: UBIRAT\u00c3 ONLINE - F\u00c1BIO AUGUSTO CELESTINO","twitter_card":"summary_large_image","twitter_creator":"@x.com\/ubirataonline","twitter_site":"@ubirataonline","twitter_misc":{"Written by":"REDA\u00c7\u00c3O: UBIRAT\u00c3 ONLINE - F\u00c1BIO AUGUSTO CELESTINO","Est. reading time":"1 minute"},"schema":{"@context":"https:\/\/schema.org","@graph":[{"@type":"NewsArticle","@id":"https:\/\/ubirataonline.com.br\/quatro-carro-se-envolvem-em-engavetamento-na-rua-jorge-lacerda\/#article","isPartOf":{"@id":"https:\/\/ubirataonline.com.br\/quatro-carro-se-envolvem-em-engavetamento-na-rua-jorge-lacerda\/"},"author":{"name":"REDA\u00c7\u00c3O: UBIRAT\u00c3 ONLINE - F\u00c1BIO AUGUSTO CELESTINO","@id":"https:\/\/ubirataonline.com.br\/#\/schema\/person\/372f87bbd3fdd79b8556b84c98d0bc1c"},"headline":"Quatro carro se envolvem em engavetamento na Rua Jorge Lacerda","datePublished":"2026-03-26T11:55:21+00:00","dateModified":"2026-03-26T11:55:24+00:00","mainEntityOfPage":{"@id":"https:\/\/ubirataonline.com.br\/quatro-carro-se-envolvem-em-engavetamento-na-rua-jorge-lacerda\/"},"wordCount":128,"publisher":{"@id":"https:\/\/ubirataonline.com.br\/#organization"},"image":{"@id":"https:\/\/ubirataonline.com.br\/quatro-carro-se-envolvem-em-engavetamento-na-rua-jorge-lacerda\/#primaryimage"},"thumbnailUrl":"https:\/\/ubirataonline.com.br\/wp-content\/uploads\/2026\/03\/Quatro-carro-se-envolvem-em-engavetamento-na-Rua-Jorge-Lacerda.jpg","keywords":["carro","Engavetamento","envolvem","Jorge","Lacerda","quatro","Rua"],"articleSection":["Ubirat\u00e3"],"inLanguage":"en-US","copyrightYear":"2026","copyrightHolder":{"@id":"https:\/\/ubirataonline.com.br\/en\/#organization"}},{"@type":"WebPage","@id":"https:\/\/ubirataonline.com.br\/quatro-carro-se-envolvem-em-engavetamento-na-rua-jorge-lacerda\/","url":"https:\/\/ubirataonline.com.br\/quatro-carro-se-envolvem-em-engavetamento-na-rua-jorge-lacerda\/","name":"Quatro carro se envolvem em engavetamento na Rua Jorge Lacerda - Ubirat\u00e3 Online Not\u00edcias - A realidade ao seu alcance!","isPartOf":{"@id":"https:\/\/ubirataonline.com.br\/#website"},"primaryImageOfPage":{"@id":"https:\/\/ubirataonline.com.br\/quatro-carro-se-envolvem-em-engavetamento-na-rua-jorge-lacerda\/#primaryimage"},"image":{"@id":"https:\/\/ubirataonline.com.br\/quatro-carro-se-envolvem-em-engavetamento-na-rua-jorge-lacerda\/#primaryimage"},"thumbnailUrl":"https:\/\/ubirataonline.com.br\/wp-content\/uploads\/2026\/03\/Quatro-carro-se-envolvem-em-engavetamento-na-Rua-Jorge-Lacerda.jpg","datePublished":"2026-03-26T11:55:21+00:00","dateModified":"2026-03-26T11:55:24+00:00","description":"A manh\u00e3 desta quinta-feira (26) come\u00e7ou movimentada na Capital do Oeste do Paran\u00e1, com v\u00e1rios acidentes sendo registrados no per\u00edmetro urbano da cidade.","breadcrumb":{"@id":"https:\/\/ubirataonline.com.br\/quatro-carro-se-envolvem-em-engavetamento-na-rua-jorge-lacerda\/#breadcrumb"},"inLanguage":"en-US","potentialAction":[{"@type":"ReadAction","target":["https:\/\/ubirataonline.com.br\/quatro-carro-se-envolvem-em-engavetamento-na-rua-jorge-lacerda\/"]}]},{"@type":"ImageObject","inLanguage":"en-US","@id":"https:\/\/ubirataonline.com.br\/quatro-carro-se-envolvem-em-engavetamento-na-rua-jorge-lacerda\/#primaryimage","url":"https:\/\/ubirataonline.com.br\/wp-content\/uploads\/2026\/03\/Quatro-carro-se-envolvem-em-engavetamento-na-Rua-Jorge-Lacerda.jpg","contentUrl":"https:\/\/ubirataonline.com.br\/wp-content\/uploads\/2026\/03\/Quatro-carro-se-envolvem-em-engavetamento-na-Rua-Jorge-Lacerda.jpg","width":1280,"height":720,"caption":""},{"@type":"BreadcrumbList","@id":"https:\/\/ubirataonline.com.br\/quatro-carro-se-envolvem-em-engavetamento-na-rua-jorge-lacerda\/#breadcrumb","itemListElement":[{"@type":"ListItem","position":1,"name":"In\u00edcio","item":"https:\/\/ubirataonline.com.br\/"},{"@type":"ListItem","position":2,"name":"Quatro carro se envolvem em engavetamento na Rua Jorge Lacerda"}]},{"@type":"WebSite","@id":"https:\/\/ubirataonline.com.br\/#website","url":"https:\/\/ubirataonline.com.br\/","name":"Ubirat\u00e3 Online Not\u00edcias","description":"Not\u00edcias de Ubirat\u00e3, regi\u00e3o, Brasil e mundo, com informa\u00e7\u00e3o atualizada e compromisso com o leitor.","publisher":{"@id":"https:\/\/ubirataonline.com.br\/#organization"},"alternateName":"Ubirat\u00e3 Online","potentialAction":[{"@type":"SearchAction","target":{"@type":"EntryPoint","urlTemplate":"https:\/\/ubirataonline.com.br\/?s={search_term_string}"},"query-input":{"@type":"PropertyValueSpecification","valueRequired":true,"valueName":"search_term_string"}}],"inLanguage":"en-US"},{"@type":["Organization","Place"],"@id":"https:\/\/ubirataonline.com.br\/#organization","name":"Ubirat\u00e3 Online Not\u00edcias","alternateName":"Ubirat\u00e3 Online","url":"https:\/\/ubirataonline.com.br\/","logo":{"@id":"https:\/\/ubirataonline.com.br\/quatro-carro-se-envolvem-em-engavetamento-na-rua-jorge-lacerda\/#local-main-organization-logo"},"image":{"@id":"https:\/\/ubirataonline.com.br\/quatro-carro-se-envolvem-em-engavetamento-na-rua-jorge-lacerda\/#local-main-organization-logo"},"sameAs":["https:\/\/www.facebook.com\/portalubirataonline","https:\/\/x.com\/ubirataonline","https:\/\/mastodon.social\/@ubirataonline","https:\/\/www.facebook.com\/groups\/311144672285604","https:\/\/www.facebook.com\/UBTAOnline","https:\/\/www.instagram.com\/portalubirataonline\/","https:\/\/twitter.com\/ubirataonline"],"description":"Somos um portal de not\u00edcias independente, criado em 5 de janeiro de 2009, com o objetivo de informar, conectar e valorizar a nossa comunidade de Ubirat\u00e3 e toda aregi\u00e3o. Com conte\u00fado atualizado, confi\u00e1vel e relevante, o Ubirat\u00e3 Online \u00e9 o seu espa\u00e7o para ficar por dentro dos principais acontecimentos locais, regionais, Brasil, Mundo e de interesse geral. Nosso compromisso \u00e9 com a verdade, a transpar\u00eancia e o respeito ao leitor.","legalName":"UBIRATA ONLINE NOT\u00cdCIAS","foundingDate":"2009-01-05","numberOfEmployees":{"@type":"QuantitativeValue","minValue":"1","maxValue":"10"},"publishingPrinciples":"https:\/\/ubirataonline.com.br\/faq\/","address":{"@id":"https:\/\/ubirataonline.com.br\/quatro-carro-se-envolvem-em-engavetamento-na-rua-jorge-lacerda\/#local-main-place-address"},"geo":{"@type":"GeoCoordinates","latitude":"-24.5361401","longitude":"-52.9921776"},"telephone":["+5544998308235"],"contactPoint":{"@type":"ContactPoint","email":"contato@ubirataonline.com.br"},"openingHoursSpecification":{"@type":"OpeningHoursSpecification","dayOfWeek":["Monday","Tuesday","Wednesday","Thursday","Friday","Saturday","Sunday"],"opens":"00:00","closes":"23:59"},"email":"contato@ubirataonline.com.br","vatID":"47.621.418\/0001-80"},{"@type":"Person","@id":"https:\/\/ubirataonline.com.br\/#\/schema\/person\/372f87bbd3fdd79b8556b84c98d0bc1c","name":"REDA\u00c7\u00c3O: UBIRAT\u00c3 ONLINE - F\u00c1BIO AUGUSTO CELESTINO","pronouns":"Ele","description":"Desde 2003 trabalhando com not\u00edcias.","sameAs":["http:\/\/ubirataoline.com.br","https:\/\/www.facebook.com\/portalubirataonline","https:\/\/www.instagram.com\/ubirataonline_oficial","https:\/\/x.com\/x.com\/ubirataonline"],"honorificPrefix":"Mr.","honorificSuffix":"MD","birthDate":"1980-06-16","gender":"masculino","award":["V\u00e1rios pr\u00eamios de melhor portal da cidade"],"jobTitle":"Diretor","url":"https:\/\/ubirataonline.com.br\/en\/author\/ubirataonline\/"},{"@type":"PostalAddress","@id":"https:\/\/ubirataonline.com.br\/quatro-carro-se-envolvem-em-engavetamento-na-rua-jorge-lacerda\/#local-main-place-address","streetAddress":"Rua dos Coqueiros, 104 - Bairro Boa Vista, Rua dos Coqueiros, 104 Bairro Boa Vista","addressLocality":"UBIRATA","postalCode":"85440-000","addressRegion":"PR","addressCountry":"BR"},{"@type":"ImageObject","inLanguage":"en-US","@id":"https:\/\/ubirataonline.com.br\/quatro-carro-se-envolvem-em-engavetamento-na-rua-jorge-lacerda\/#local-main-organization-logo","url":"https:\/\/ubirataonline.com.br\/wp-content\/uploads\/2026\/06\/logoubirataonline-1.webp","contentUrl":"https:\/\/ubirataonline.com.br\/wp-content\/uploads\/2026\/06\/logoubirataonline-1.webp","width":500,"height":500,"caption":"Ubirat\u00e3 Online Not\u00edcias"}]},"geo.placename":"UBIRATA","geo.position":{"lat":"-24.5361401","long":"-52.9921776"},"geo.region":"Brazil"},"_links":{"self":[{"href":"https:\/\/ubirataonline.com.br\/en\/wp-json\/wp\/v2\/posts\/97420","targetHints":{"allow":["GET"]}}],"collection":[{"href":"https:\/\/ubirataonline.com.br\/en\/wp-json\/wp\/v2\/posts"}],"about":[{"href":"https:\/\/ubirataonline.com.br\/en\/wp-json\/wp\/v2\/types\/post"}],"author":[{"embeddable":true,"href":"https:\/\/ubirataonline.com.br\/en\/wp-json\/wp\/v2\/users\/1"}],"replies":[{"embeddable":true,"href":"https:\/\/ubirataonline.com.br\/en\/wp-json\/wp\/v2\/comments?post=97420"}],"version-history":[{"count":0,"href":"https:\/\/ubirataonline.com.br\/en\/wp-json\/wp\/v2\/posts\/97420\/revisions"}],"wp:featuredmedia":[{"embeddable":true,"href":"https:\/\/ubirataonline.com.br\/en\/wp-json\/wp\/v2\/media\/97421"}],"wp:attachment":[{"href":"https:\/\/ubirataonline.com.br\/en\/wp-json\/wp\/v2\/media?parent=97420"}],"wp:term":[{"taxonomy":"category","embeddable":true,"href":"https:\/\/ubirataonline.com.br\/en\/wp-json\/wp\/v2\/categories?post=97420"},{"taxonomy":"post_tag","embeddable":true,"href":"https:\/\/ubirataonline.com.br\/en\/wp-json\/wp\/v2\/tags?post=97420"}],"curies":[{"name":"wp","href":"https:\/\/api.w.org\/{rel}","templated":true}]}}