{"id":97533,"date":"2026-03-26T22:21:37","date_gmt":"2026-03-27T01:21:37","guid":{"rendered":"https:\/\/ubirataonline.com.br\/miami-open-sabalenka-se-sente-cada-vez-mais-brasileira-apos-ser-adotada\/"},"modified":"2026-03-26T22:21:45","modified_gmt":"2026-03-27T01:21:45","slug":"miami-open-sabalenka-se-sente-cada-vez-mais-brasileira-apos-ser-adotada","status":"publish","type":"post","link":"https:\/\/ubirataonline.com.br\/en\/miami-open-sabalenka-se-sente-cada-vez-mais-brasileira-apos-ser-adotada\/","title":{"rendered":"Miami Open: Sabalenka se sente cada vez mais brasileira ap\u00f3s ser \u201cadotada\u201d"},"content":{"rendered":"<p><\/p>\n<div data-single-content=\"true\">\n<p class=\"my-5 break-words group-[.isActiveSource]:text-xl\">Bielorrussa de nascen\u00e7a e cria\u00e7\u00e3o, Aryna Sabalenka tem se sentido cada vez mais brasileira no Miami Open, torneio WTA 1000 no qual garantiu vaga na semifinal, nesta quarta-feira (25), ap\u00f3s vencer a norte-americana Hailey Baptiste. At\u00e9 m\u00e1scaras com o rosto da tenista pintado de verde e amarelo s\u00e3o vistas nas arquibancadas.<\/p>\n<p class=\"my-5 break-words group-[.isActiveSource]:text-xl\">Na quinta (26), quando voltar \u00e0 quadra do Hard Rock Stadium <a href=\"https:\/\/www.cnnbrasil.com.br\/esportes\/tenis\/tenis-sabalenka-anuncia-noivado-com-empresario-brasileiro\/\" class=\"text-red-600 underline hover:text-red-500 font-medium break-words group-[.isActiveSource]:text-xl\" target=\"_self\" rel=\"\">usando seu anel de noivado<\/a> para enfrentar <a href=\"https:\/\/www.cnnbrasil.com.br\/esportes\/tenis\/revanche-rybakina-e-sabalenka-se-reencontram-nas-semis-do-miami-open\/\" class=\"text-red-600 underline hover:text-red-500 font-medium break-words group-[.isActiveSource]:text-xl\" target=\"_self\" rel=\"\">a cazaque Elena Rybakina, reeditando a final de Indian Wells<\/a> de duas semanas atr\u00e1s, ela sabe que ter\u00e1 um p\u00fablico brasileiro numeroso e caloroso ao seu lado.<\/p>\n<p class=\"my-5 break-words group-[.isActiveSource]:text-xl\">Perguntada pela <strong class=\"group-[.isActiveSource]:text-xl group-[.isActiveSource]:font-bold\">CNN Brasil<\/strong> na coletiva de imprensa se tem se sentido mais brasileira em Miami diante do apoio refor\u00e7ado, ap\u00f3s as elimina\u00e7\u00f5es precoces de <a href=\"https:\/\/www.cnnbrasil.com.br\/esportes\/tenis\/joao-fonseca-se-pronuncia-apos-derrota-para-alcaraz-no-masters-de-miami\/\" class=\"text-red-600 underline hover:text-red-500 font-medium break-words group-[.isActiveSource]:text-xl\" target=\"_self\" rel=\"\">Jo\u00e3o Fonseca<\/a> e <a href=\"https:\/\/www.cnnbrasil.com.br\/esportes\/tenis\/miami-open-bia-haddad-cai-para-sonmez-na-estreia-e-segue-sem-vencer-no-ano\/\" class=\"text-red-600 underline hover:text-red-500 font-medium break-words group-[.isActiveSource]:text-xl\" target=\"_self\" rel=\"\">Beatriz Haddad Maia<\/a>, Sabalenka gargalhou e confirmou.<\/p>\n<blockquote class=\"relative -z-10 my-10 rounded bg-neutral-100 px-6 py-11 lg:bg-neutral-50 lg:px-20 lg:py-10\" data-quote=\"true\"><p><svg xmlns=\"http:\/\/www.w3.org\/2000\/svg\" stroke=\"currentColor\" fill=\"currentColor\" stroke-width=\"0\" viewbox=\"0 0 24 24\" class=\"absolute -top-8 left-0 min-h-20 w-20 rotate-180 fill-red-600\" height=\"1em\" width=\"1em\"><path fill=\"none\" d=\"M0 0h24v24H0z\"\/><path d=\"M6 17h3l2-4V7H5v6h3zm8 0h3l2-4V7h-6v6h3z\"\/><\/svg><span class=\"text-2xl font-light italic text-red-600\">Com certeza! O apoio que eu tenho recebido dos brasileiros me faz sentir, no est\u00e1dio, que eu sou brasileira (risos). Para ser honesta, eu realmente me divirto com isso<\/span><\/p>\n<footer class=\"text-sm font-normal mt-5 italic\">Aryna Sabalenka, n\u00famero 1 do ranking da WTA<\/footer>\n<\/blockquote>\n<p class=\"my-5 break-words group-[.isActiveSource]:text-xl\">&#8220;Quando h\u00e1 brasileiros ao seu lado, h\u00e1 um apoio que ningu\u00e9m mais d\u00e1. Eu gosto muito. Muito obrigada!&#8221;, agradeceu, em portugu\u00eas, a melhor jogadora do mundo na atualidade, usando &#8220;muito&#8221;, uma nova palavra que aprendeu em Miami.<\/p>\n<h2 class=\"text-2xl my-5 font-bold break-words\">Sabalenka \u00e9 noiva de empres\u00e1rio brasileiro<\/h2>\n<p class=\"my-5 break-words group-[.isActiveSource]:text-xl\">Caso voc\u00ea esteja perdido na conex\u00e3o entre a tenista bielorrussa e o Brasil, fica um r\u00e1pido resumo: Sabalenka \u00e9, desde o come\u00e7o de mar\u00e7o, noiva do empres\u00e1rio brasileiro Georgios Frangulis, tamb\u00e9m conhecido como &#8220;Grego&#8221;.<\/p>\n<p class=\"my-5 break-words group-[.isActiveSource]:text-xl\"><a href=\"https:\/\/www.cnnbrasil.com.br\/esportes\/tenis\/quem-e-o-brasileiro-corintiano-que-pediu-aryna-sabalenka-em-casamento\/\" class=\"text-red-600 underline hover:text-red-500 font-medium break-words group-[.isActiveSource]:text-xl\" target=\"_self\" rel=\"\">Corintiano, ele \u00e9 um dos investidores do Le Mans FC<\/a>, clube de futebol franc\u00eas, mas se tornou mais conhecido por ser fundador e CEO da Oakberry, marca especializada em a\u00e7a\u00ed e produtos saud\u00e1veis que tem mais de 900 franquias em todos os continentes.<\/p>\n<p class=\"my-5 break-words group-[.isActiveSource]:text-xl\">Sabalenka e Frangulis namoram desde 2024. O brasileiro, inclusive, <a href=\"https:\/\/www.cnnbrasil.com.br\/esportes\/tenis\/indian-wells-sabalenka-agradece-a-noivo-brasileiro-e-cita-pet-apos-titulo\/\" class=\"text-red-600 underline hover:text-red-500 font-medium break-words group-[.isActiveSource]:text-xl\" target=\"_self\" rel=\"\">acompanha a tenista pelos principais torneios do circuito<\/a>.<\/p>\n<div tabindex=\"0\" role=\"button\" aria-controls=\"modal-content\" aria-expanded=\"false\" aria-haspopup=\"true\" class=\"h-auto w-fit cursor-pointer group-has-[.featuredImage]:w-full group-has-[.gallery]:w-full group-has-[.mosaic-large]:w-full group-has-[.mosaic-small]:w-fit [#gut-square_&amp;]:w-full [#gut-square_&amp;]:lg:w-fit [#gut-trio_&amp;]:w-full [#manchete-section-one_&amp;]:h-full [#manchete-section-one_&amp;]:w-full\">\n<div class=\"group\/featureImage featuredImage relative w-full\" data-image=\"true\">\n<figure class=\"group\/featureImage featuredImage relative z-10 mb-4 flex shrink flex-col gap-2\">\n<div class=\"featuredImage--image z-10 -mx-4 flex items-center justify-center bg-neutral-950 lg:mx-0 lg:overflow-hidden lg:rounded-lg\"><picture class=\"flex object-cover overflow-clip\"><\/picture><\/div><figcaption class=\"featuredImage--caption text-neutral-500\"><span class=\"text-sm font-medium featuredImage--subtitle\">Ao lado do noivo, o brasileiro Georgios Frangulis, Aryna Sabalenka abra\u00e7a o cachorrinho Ash na comemora\u00e7\u00e3o do t\u00edtulo do Masters 1000 de Indian Wells \u2022 Clive Brunskill\/Getty Images<\/span><\/figcaption><\/figure>\n<\/div>\n<\/div>\n<p><!--$--><!--\/$--><\/p>\n<h2 class=\"text-2xl my-5 font-bold break-words\">Sabalenka x Rybakina virou cl\u00e1ssico do t\u00eanis<\/h2>\n<p class=\"my-5 break-words group-[.isActiveSource]:text-xl\">Em outro momento da coletiva, Sabalenka conheceu tamb\u00e9m uma famosa express\u00e3o do vocabul\u00e1rio futebol\u00edstico brasileiro: &#8220;cl\u00e1ssico \u00e9 cl\u00e1ssico e vice-versa&#8221;. Afinal, o confronto com Rybakina, n\u00famero 2 da WTA, se tornou uma grande rivalidade recente no t\u00eanis feminino.<\/p>\n<p class=\"my-5 break-words group-[.isActiveSource]:text-xl\">De novembro para c\u00e1, elas j\u00e1 se enfrentaram em tr\u00eas finais: do WTA Finals, do Australian Open e de Indian Wells. Rybakina ganhou as duas primeiras, e Sabalenka ficou com o t\u00edtulo mais recente (e in\u00e9dito para ela).<\/p>\n<p class=\"my-5 break-words group-[.isActiveSource]:text-xl\">&#8220;\u00c9 verdade <em class=\"group-[.isActiveSource]:text-xl\">(a compara\u00e7\u00e3o com cl\u00e1ssicos de futebol)<\/em>. S\u00e3o jogadoras de alto n\u00edvel, e o que define s\u00e3o os momentos-chave. Voc\u00ea precisa se manter forte, seguir acreditando e ir para cima, basicamente tentando o seu m\u00e1ximo&#8221;, afirmou.<\/p>\n<p class=\"my-5 break-words group-[.isActiveSource]:text-xl\">Apesar do hist\u00f3rico recente ser favor\u00e1vel a Rybakina, Sabalenka leva a melhor no confronto como um todo, mas por pouco: ela tem 9 vit\u00f3rias e 7 derrotas em 16 partidas contra a cazaque.<\/p>\n<h2 class=\"text-2xl my-5 font-bold break-words\">Sabalenka preferia enfrentar a rival na final<\/h2>\n<p class=\"my-5 break-words group-[.isActiveSource]:text-xl\">O confronto, agora pela semifinal do Miami Open, vai fechar a quadra principal no Hard Rock Stadium, nesta quinta, por volta das 22h (de Bras\u00edlia). E Sabalenka n\u00e3o nega que preferia enfrentar a rival valendo o t\u00edtulo.<\/p>\n<p class=\"my-5 break-words group-[.isActiveSource]:text-xl\">&#8220;Eu acho que \u00e9 nas finais que toda a aten\u00e7\u00e3o est\u00e1. As pessoas gostam muito de nos ver jogando e sinto que \u00e9 mais empolgante enfrent\u00e1-la na decis\u00e3o, porque \u00e9 o empurr\u00e3o final&#8221;, justificou.<\/p>\n<p class=\"my-5 break-words group-[.isActiveSource]:text-xl\">A grande decis\u00e3o do WTA 1000 de Miami ser\u00e1 no pr\u00f3ximo s\u00e1bado (28). A outra semifinal, tamb\u00e9m nesta quinta, tem a norte-americana Coco Gauff e a tcheca Karolina Muchov\u00e1.<\/p>\n<p class=\"my-5 break-words group-[.isActiveSource]:text-xl\"><em class=\"group-[.isActiveSource]:text-xl\">* Luccas Oliveira viajou a convite do Ita\u00fa Unibanco<\/em><\/p>\n<p><span class=\"iframe-embed block space-y-6\"\/><\/p>\n<p class=\"my-5 break-words group-[.isActiveSource]:text-xl\">\u00a0<\/p>\n<\/div>\n<p><a href=\"https:\/\/www.cnnbrasil.com.br\/esportes\/tenis\/miami-open-sabalenka-se-sente-cada-vez-mais-brasileira-apos-ser-adotada\/\">Fonte do Artigo <\/a><\/p>\n","protected":false},"excerpt":{"rendered":"<p>Bielorrussa de nascen\u00e7a e cria\u00e7\u00e3o, Aryna Sabalenka tem se sentido cada vez mais brasileira no Miami Open, torneio WTA 1000 no qual garantiu vaga na semifinal, nesta quarta-feira (25), ap\u00f3s vencer a norte-americana Hailey Baptiste. At\u00e9 m\u00e1scaras com o rosto da tenista pintado de verde e amarelo s\u00e3o vistas nas arquibancadas. Na quinta (26), quando [&hellip;]<\/p>\n","protected":false},"author":1,"featured_media":97534,"comment_status":"closed","ping_status":"","sticky":false,"template":"","format":"standard","meta":{"googlesitekit_rrm_CAow2JLhCw:productID":"","_gspb_post_css":"","maa_idioma":"","maa_pais":"","footnotes":""},"categories":[4],"tags":[19806,3140,68,3650,2926,2950,261,5803,21231,3307,5506],"class_list":["post-97533","post","type-post","status-publish","format-standard","has-post-thumbnail","hentry","category-brasil","tag-adotada","tag-apos","tag-brasileira","tag-cada","tag-mais","tag-miami","tag-open","tag-sabalenka","tag-sente","tag-ser","tag-vez"],"blocksy_meta":[],"yoast_head":"<!-- This site is optimized with the Yoast SEO Premium plugin v27.6 (Yoast SEO v27.6) - https:\/\/yoast.com\/product\/yoast-seo-premium-wordpress\/ -->\n<title>Miami Open: Sabalenka se sente cada vez mais brasileira ap\u00f3s ser \u201cadotada\u201d - Ubirat\u00e3 Online Not\u00edcias - A realidade ao seu alcance!<\/title>\n<meta name=\"description\" content=\"Bielorrussa de nascen\u00e7a e cria\u00e7\u00e3o, Aryna Sabalenka tem se sentido cada vez mais brasileira no Miami Open, torneio WTA 1000 no qual garantiu vaga na\" \/>\n<meta name=\"robots\" content=\"index, follow, max-snippet:-1, max-image-preview:large, max-video-preview:-1\" \/>\n<link rel=\"canonical\" href=\"https:\/\/ubirataonline.com.br\/en\/miami-open-sabalenka-se-sente-cada-vez-mais-brasileira-apos-ser-adotada\/\" \/>\n<meta property=\"og:locale\" content=\"en_US\" \/>\n<meta property=\"og:type\" content=\"article\" \/>\n<meta property=\"og:title\" content=\"Miami Open: Sabalenka se sente cada vez mais brasileira ap\u00f3s ser \u201cadotada\u201d\" \/>\n<meta property=\"og:description\" content=\"Bielorrussa de nascen\u00e7a e cria\u00e7\u00e3o, Aryna Sabalenka tem se sentido cada vez mais brasileira no Miami Open, torneio WTA 1000 no qual garantiu vaga na\" \/>\n<meta property=\"og:url\" content=\"https:\/\/ubirataonline.com.br\/en\/miami-open-sabalenka-se-sente-cada-vez-mais-brasileira-apos-ser-adotada\/\" \/>\n<meta property=\"og:site_name\" content=\"Ubirat\u00e3 Online Not\u00edcias - A realidade ao seu alcance!\" \/>\n<meta property=\"article:publisher\" content=\"https:\/\/www.facebook.com\/portalubirataonline\" \/>\n<meta property=\"article:author\" content=\"https:\/\/www.facebook.com\/portalubirataonline\" \/>\n<meta property=\"article:published_time\" content=\"2026-03-27T01:21:37+00:00\" \/>\n<meta property=\"article:modified_time\" content=\"2026-03-27T01:21:45+00:00\" \/>\n<meta property=\"og:image\" content=\"https:\/\/ubirataonline.com.br\/wp-content\/uploads\/2026\/03\/Miami-Open-Sabalenka-se-sente-cada-vez-mais-brasileira-apos.jpg\" \/>\n\t<meta property=\"og:image:width\" content=\"1178\" \/>\n\t<meta property=\"og:image:height\" content=\"630\" \/>\n\t<meta property=\"og:image:type\" content=\"image\/jpeg\" \/>\n<meta name=\"author\" content=\"REDA\u00c7\u00c3O: UBIRAT\u00c3 ONLINE - F\u00c1BIO AUGUSTO CELESTINO\" \/>\n<meta name=\"twitter:card\" content=\"summary_large_image\" \/>\n<meta name=\"twitter:creator\" content=\"@x.com\/ubirataonline\" \/>\n<meta name=\"twitter:site\" content=\"@ubirataonline\" \/>\n<meta name=\"twitter:label1\" content=\"Written by\" \/>\n\t<meta name=\"twitter:data1\" content=\"REDA\u00c7\u00c3O: UBIRAT\u00c3 ONLINE - F\u00c1BIO AUGUSTO CELESTINO\" \/>\n\t<meta name=\"twitter:label2\" content=\"Est. reading time\" \/>\n\t<meta name=\"twitter:data2\" content=\"3 minutes\" \/>\n<script type=\"application\/ld+json\" class=\"yoast-schema-graph\">{\"@context\":\"https:\\\/\\\/schema.org\",\"@graph\":[{\"@type\":\"NewsArticle\",\"@id\":\"https:\\\/\\\/ubirataonline.com.br\\\/miami-open-sabalenka-se-sente-cada-vez-mais-brasileira-apos-ser-adotada\\\/#article\",\"isPartOf\":{\"@id\":\"https:\\\/\\\/ubirataonline.com.br\\\/miami-open-sabalenka-se-sente-cada-vez-mais-brasileira-apos-ser-adotada\\\/\"},\"author\":{\"name\":\"REDA\u00c7\u00c3O: UBIRAT\u00c3 ONLINE - F\u00c1BIO AUGUSTO CELESTINO\",\"@id\":\"https:\\\/\\\/ubirataonline.com.br\\\/#\\\/schema\\\/person\\\/372f87bbd3fdd79b8556b84c98d0bc1c\"},\"headline\":\"Miami Open: Sabalenka se sente cada vez mais brasileira ap\u00f3s ser \u201cadotada\u201d\",\"datePublished\":\"2026-03-27T01:21:37+00:00\",\"dateModified\":\"2026-03-27T01:21:45+00:00\",\"mainEntityOfPage\":{\"@id\":\"https:\\\/\\\/ubirataonline.com.br\\\/miami-open-sabalenka-se-sente-cada-vez-mais-brasileira-apos-ser-adotada\\\/\"},\"wordCount\":656,\"publisher\":{\"@id\":\"https:\\\/\\\/ubirataonline.com.br\\\/#organization\"},\"image\":{\"@id\":\"https:\\\/\\\/ubirataonline.com.br\\\/miami-open-sabalenka-se-sente-cada-vez-mais-brasileira-apos-ser-adotada\\\/#primaryimage\"},\"thumbnailUrl\":\"https:\\\/\\\/ubirataonline.com.br\\\/wp-content\\\/uploads\\\/2026\\\/03\\\/Miami-Open-Sabalenka-se-sente-cada-vez-mais-brasileira-apos.jpg\",\"keywords\":[\"adotada\",\"ap\u00f3s\",\"Brasileira\",\"cada\",\"mais\",\"Miami\",\"Open\",\"Sabalenka\",\"sente\",\"ser\",\"vez\"],\"articleSection\":[\"Brasil\"],\"inLanguage\":\"en-US\",\"copyrightYear\":\"2026\",\"copyrightHolder\":{\"@id\":\"https:\\\/\\\/ubirataonline.com.br\\\/en\\\/#organization\"}},{\"@type\":\"WebPage\",\"@id\":\"https:\\\/\\\/ubirataonline.com.br\\\/miami-open-sabalenka-se-sente-cada-vez-mais-brasileira-apos-ser-adotada\\\/\",\"url\":\"https:\\\/\\\/ubirataonline.com.br\\\/miami-open-sabalenka-se-sente-cada-vez-mais-brasileira-apos-ser-adotada\\\/\",\"name\":\"Miami Open: Sabalenka se sente cada vez mais brasileira ap\u00f3s ser \u201cadotada\u201d - Ubirat\u00e3 Online Not\u00edcias - A realidade ao seu alcance!\",\"isPartOf\":{\"@id\":\"https:\\\/\\\/ubirataonline.com.br\\\/#website\"},\"primaryImageOfPage\":{\"@id\":\"https:\\\/\\\/ubirataonline.com.br\\\/miami-open-sabalenka-se-sente-cada-vez-mais-brasileira-apos-ser-adotada\\\/#primaryimage\"},\"image\":{\"@id\":\"https:\\\/\\\/ubirataonline.com.br\\\/miami-open-sabalenka-se-sente-cada-vez-mais-brasileira-apos-ser-adotada\\\/#primaryimage\"},\"thumbnailUrl\":\"https:\\\/\\\/ubirataonline.com.br\\\/wp-content\\\/uploads\\\/2026\\\/03\\\/Miami-Open-Sabalenka-se-sente-cada-vez-mais-brasileira-apos.jpg\",\"datePublished\":\"2026-03-27T01:21:37+00:00\",\"dateModified\":\"2026-03-27T01:21:45+00:00\",\"description\":\"Bielorrussa de nascen\u00e7a e cria\u00e7\u00e3o, Aryna Sabalenka tem se sentido cada vez mais brasileira no Miami Open, torneio WTA 1000 no qual garantiu vaga na\",\"breadcrumb\":{\"@id\":\"https:\\\/\\\/ubirataonline.com.br\\\/miami-open-sabalenka-se-sente-cada-vez-mais-brasileira-apos-ser-adotada\\\/#breadcrumb\"},\"inLanguage\":\"en-US\",\"potentialAction\":[{\"@type\":\"ReadAction\",\"target\":[\"https:\\\/\\\/ubirataonline.com.br\\\/miami-open-sabalenka-se-sente-cada-vez-mais-brasileira-apos-ser-adotada\\\/\"]}]},{\"@type\":\"ImageObject\",\"inLanguage\":\"en-US\",\"@id\":\"https:\\\/\\\/ubirataonline.com.br\\\/miami-open-sabalenka-se-sente-cada-vez-mais-brasileira-apos-ser-adotada\\\/#primaryimage\",\"url\":\"https:\\\/\\\/ubirataonline.com.br\\\/wp-content\\\/uploads\\\/2026\\\/03\\\/Miami-Open-Sabalenka-se-sente-cada-vez-mais-brasileira-apos.jpg\",\"contentUrl\":\"https:\\\/\\\/ubirataonline.com.br\\\/wp-content\\\/uploads\\\/2026\\\/03\\\/Miami-Open-Sabalenka-se-sente-cada-vez-mais-brasileira-apos.jpg\",\"width\":1178,\"height\":630,\"caption\":\"Revanche? Rybakina e Sabalenka se reencontram nas semis do Miami Open\"},{\"@type\":\"BreadcrumbList\",\"@id\":\"https:\\\/\\\/ubirataonline.com.br\\\/miami-open-sabalenka-se-sente-cada-vez-mais-brasileira-apos-ser-adotada\\\/#breadcrumb\",\"itemListElement\":[{\"@type\":\"ListItem\",\"position\":1,\"name\":\"In\u00edcio\",\"item\":\"https:\\\/\\\/ubirataonline.com.br\\\/\"},{\"@type\":\"ListItem\",\"position\":2,\"name\":\"Miami Open: Sabalenka se sente cada vez mais brasileira ap\u00f3s ser \u201cadotada\u201d\"}]},{\"@type\":\"WebSite\",\"@id\":\"https:\\\/\\\/ubirataonline.com.br\\\/#website\",\"url\":\"https:\\\/\\\/ubirataonline.com.br\\\/\",\"name\":\"Ubirat\u00e3 Online Not\u00edcias\",\"description\":\"Not\u00edcias de Ubirat\u00e3, regi\u00e3o, Brasil e mundo, com informa\u00e7\u00e3o atualizada e compromisso com o leitor.\",\"publisher\":{\"@id\":\"https:\\\/\\\/ubirataonline.com.br\\\/#organization\"},\"alternateName\":\"Ubirat\u00e3 Online\",\"potentialAction\":[{\"@type\":\"SearchAction\",\"target\":{\"@type\":\"EntryPoint\",\"urlTemplate\":\"https:\\\/\\\/ubirataonline.com.br\\\/?s={search_term_string}\"},\"query-input\":{\"@type\":\"PropertyValueSpecification\",\"valueRequired\":true,\"valueName\":\"search_term_string\"}}],\"inLanguage\":\"en-US\"},{\"@type\":[\"Organization\",\"Place\"],\"@id\":\"https:\\\/\\\/ubirataonline.com.br\\\/#organization\",\"name\":\"Ubirat\u00e3 Online Not\u00edcias\",\"alternateName\":\"Ubirat\u00e3 Online\",\"url\":\"https:\\\/\\\/ubirataonline.com.br\\\/\",\"logo\":{\"@id\":\"https:\\\/\\\/ubirataonline.com.br\\\/miami-open-sabalenka-se-sente-cada-vez-mais-brasileira-apos-ser-adotada\\\/#local-main-organization-logo\"},\"image\":{\"@id\":\"https:\\\/\\\/ubirataonline.com.br\\\/miami-open-sabalenka-se-sente-cada-vez-mais-brasileira-apos-ser-adotada\\\/#local-main-organization-logo\"},\"sameAs\":[\"https:\\\/\\\/www.facebook.com\\\/portalubirataonline\",\"https:\\\/\\\/x.com\\\/ubirataonline\",\"https:\\\/\\\/mastodon.social\\\/@ubirataonline\",\"https:\\\/\\\/www.facebook.com\\\/groups\\\/311144672285604\",\"https:\\\/\\\/www.facebook.com\\\/UBTAOnline\",\"https:\\\/\\\/www.instagram.com\\\/portalubirataonline\\\/\",\"https:\\\/\\\/twitter.com\\\/ubirataonline\"],\"description\":\"Somos um portal de not\u00edcias independente, criado em 5 de janeiro de 2009, com o objetivo de informar, conectar e valorizar a nossa comunidade de Ubirat\u00e3 e toda aregi\u00e3o. Com conte\u00fado atualizado, confi\u00e1vel e relevante, o Ubirat\u00e3 Online \u00e9 o seu espa\u00e7o para ficar por dentro dos principais acontecimentos locais, regionais, Brasil, Mundo e de interesse geral. Nosso compromisso \u00e9 com a verdade, a transpar\u00eancia e o respeito ao leitor.\",\"legalName\":\"UBIRATA ONLINE NOT\u00cdCIAS\",\"foundingDate\":\"2009-01-05\",\"numberOfEmployees\":{\"@type\":\"QuantitativeValue\",\"minValue\":\"1\",\"maxValue\":\"10\"},\"publishingPrinciples\":\"https:\\\/\\\/ubirataonline.com.br\\\/faq\\\/\",\"address\":{\"@id\":\"https:\\\/\\\/ubirataonline.com.br\\\/miami-open-sabalenka-se-sente-cada-vez-mais-brasileira-apos-ser-adotada\\\/#local-main-place-address\"},\"geo\":{\"@type\":\"GeoCoordinates\",\"latitude\":\"-24.5361401\",\"longitude\":\"-52.9921776\"},\"telephone\":[\"+5544998308235\"],\"contactPoint\":{\"@type\":\"ContactPoint\",\"email\":\"contato@ubirataonline.com.br\"},\"openingHoursSpecification\":{\"@type\":\"OpeningHoursSpecification\",\"dayOfWeek\":[\"Monday\",\"Tuesday\",\"Wednesday\",\"Thursday\",\"Friday\",\"Saturday\",\"Sunday\"],\"opens\":\"00:00\",\"closes\":\"23:59\"},\"email\":\"contato@ubirataonline.com.br\",\"vatID\":\"47.621.418\\\/0001-80\"},{\"@type\":\"Person\",\"@id\":\"https:\\\/\\\/ubirataonline.com.br\\\/#\\\/schema\\\/person\\\/372f87bbd3fdd79b8556b84c98d0bc1c\",\"name\":\"REDA\u00c7\u00c3O: UBIRAT\u00c3 ONLINE - F\u00c1BIO AUGUSTO CELESTINO\",\"pronouns\":\"Ele\",\"description\":\"Desde 2003 trabalhando com not\u00edcias.\",\"sameAs\":[\"http:\\\/\\\/ubirataoline.com.br\",\"https:\\\/\\\/www.facebook.com\\\/portalubirataonline\",\"https:\\\/\\\/www.instagram.com\\\/ubirataonline_oficial\",\"https:\\\/\\\/x.com\\\/x.com\\\/ubirataonline\"],\"honorificPrefix\":\"Mr.\",\"honorificSuffix\":\"MD\",\"birthDate\":\"1980-06-16\",\"gender\":\"masculino\",\"award\":[\"V\u00e1rios pr\u00eamios de melhor portal da cidade\"],\"jobTitle\":\"Diretor\",\"url\":\"https:\\\/\\\/ubirataonline.com.br\\\/en\\\/author\\\/ubirataonline\\\/\"},{\"@type\":\"PostalAddress\",\"@id\":\"https:\\\/\\\/ubirataonline.com.br\\\/miami-open-sabalenka-se-sente-cada-vez-mais-brasileira-apos-ser-adotada\\\/#local-main-place-address\",\"streetAddress\":\"Rua dos Coqueiros, 104 - Bairro Boa Vista, Rua dos Coqueiros, 104 Bairro Boa Vista\",\"addressLocality\":\"UBIRATA\",\"postalCode\":\"85440-000\",\"addressRegion\":\"PR\",\"addressCountry\":\"BR\"},{\"@type\":\"ImageObject\",\"inLanguage\":\"en-US\",\"@id\":\"https:\\\/\\\/ubirataonline.com.br\\\/miami-open-sabalenka-se-sente-cada-vez-mais-brasileira-apos-ser-adotada\\\/#local-main-organization-logo\",\"url\":\"https:\\\/\\\/ubirataonline.com.br\\\/wp-content\\\/uploads\\\/2026\\\/06\\\/logoubirataonline-1.webp\",\"contentUrl\":\"https:\\\/\\\/ubirataonline.com.br\\\/wp-content\\\/uploads\\\/2026\\\/06\\\/logoubirataonline-1.webp\",\"width\":500,\"height\":500,\"caption\":\"Ubirat\u00e3 Online Not\u00edcias\"}]}<\/script>\n<meta name=\"geo.placename\" content=\"UBIRATA\" \/>\n<meta name=\"geo.position\" content=\"-24.5361401;-52.9921776\" \/>\n<meta name=\"geo.region\" content=\"Brazil\" \/>\n<!-- \/ Yoast SEO Premium plugin. -->","yoast_head_json":{"title":"Miami Open: Sabalenka se sente cada vez mais brasileira ap\u00f3s ser \u201cadotada\u201d - Ubirat\u00e3 Online Not\u00edcias - A realidade ao seu alcance!","description":"Bielorrussa de nascen\u00e7a e cria\u00e7\u00e3o, Aryna Sabalenka tem se sentido cada vez mais brasileira no Miami Open, torneio WTA 1000 no qual garantiu vaga na","robots":{"index":"index","follow":"follow","max-snippet":"max-snippet:-1","max-image-preview":"max-image-preview:large","max-video-preview":"max-video-preview:-1"},"canonical":"https:\/\/ubirataonline.com.br\/en\/miami-open-sabalenka-se-sente-cada-vez-mais-brasileira-apos-ser-adotada\/","og_locale":"en_US","og_type":"article","og_title":"Miami Open: Sabalenka se sente cada vez mais brasileira ap\u00f3s ser \u201cadotada\u201d","og_description":"Bielorrussa de nascen\u00e7a e cria\u00e7\u00e3o, Aryna Sabalenka tem se sentido cada vez mais brasileira no Miami Open, torneio WTA 1000 no qual garantiu vaga na","og_url":"https:\/\/ubirataonline.com.br\/en\/miami-open-sabalenka-se-sente-cada-vez-mais-brasileira-apos-ser-adotada\/","og_site_name":"Ubirat\u00e3 Online Not\u00edcias - A realidade ao seu alcance!","article_publisher":"https:\/\/www.facebook.com\/portalubirataonline","article_author":"https:\/\/www.facebook.com\/portalubirataonline","article_published_time":"2026-03-27T01:21:37+00:00","article_modified_time":"2026-03-27T01:21:45+00:00","og_image":[{"width":1178,"height":630,"url":"https:\/\/ubirataonline.com.br\/wp-content\/uploads\/2026\/03\/Miami-Open-Sabalenka-se-sente-cada-vez-mais-brasileira-apos.jpg","type":"image\/jpeg"}],"author":"REDA\u00c7\u00c3O: UBIRAT\u00c3 ONLINE - F\u00c1BIO AUGUSTO CELESTINO","twitter_card":"summary_large_image","twitter_creator":"@x.com\/ubirataonline","twitter_site":"@ubirataonline","twitter_misc":{"Written by":"REDA\u00c7\u00c3O: UBIRAT\u00c3 ONLINE - F\u00c1BIO AUGUSTO CELESTINO","Est. reading time":"3 minutes"},"schema":{"@context":"https:\/\/schema.org","@graph":[{"@type":"NewsArticle","@id":"https:\/\/ubirataonline.com.br\/miami-open-sabalenka-se-sente-cada-vez-mais-brasileira-apos-ser-adotada\/#article","isPartOf":{"@id":"https:\/\/ubirataonline.com.br\/miami-open-sabalenka-se-sente-cada-vez-mais-brasileira-apos-ser-adotada\/"},"author":{"name":"REDA\u00c7\u00c3O: UBIRAT\u00c3 ONLINE - F\u00c1BIO AUGUSTO CELESTINO","@id":"https:\/\/ubirataonline.com.br\/#\/schema\/person\/372f87bbd3fdd79b8556b84c98d0bc1c"},"headline":"Miami Open: Sabalenka se sente cada vez mais brasileira ap\u00f3s ser \u201cadotada\u201d","datePublished":"2026-03-27T01:21:37+00:00","dateModified":"2026-03-27T01:21:45+00:00","mainEntityOfPage":{"@id":"https:\/\/ubirataonline.com.br\/miami-open-sabalenka-se-sente-cada-vez-mais-brasileira-apos-ser-adotada\/"},"wordCount":656,"publisher":{"@id":"https:\/\/ubirataonline.com.br\/#organization"},"image":{"@id":"https:\/\/ubirataonline.com.br\/miami-open-sabalenka-se-sente-cada-vez-mais-brasileira-apos-ser-adotada\/#primaryimage"},"thumbnailUrl":"https:\/\/ubirataonline.com.br\/wp-content\/uploads\/2026\/03\/Miami-Open-Sabalenka-se-sente-cada-vez-mais-brasileira-apos.jpg","keywords":["adotada","ap\u00f3s","Brasileira","cada","mais","Miami","Open","Sabalenka","sente","ser","vez"],"articleSection":["Brasil"],"inLanguage":"en-US","copyrightYear":"2026","copyrightHolder":{"@id":"https:\/\/ubirataonline.com.br\/en\/#organization"}},{"@type":"WebPage","@id":"https:\/\/ubirataonline.com.br\/miami-open-sabalenka-se-sente-cada-vez-mais-brasileira-apos-ser-adotada\/","url":"https:\/\/ubirataonline.com.br\/miami-open-sabalenka-se-sente-cada-vez-mais-brasileira-apos-ser-adotada\/","name":"Miami Open: Sabalenka se sente cada vez mais brasileira ap\u00f3s ser \u201cadotada\u201d - Ubirat\u00e3 Online Not\u00edcias - A realidade ao seu alcance!","isPartOf":{"@id":"https:\/\/ubirataonline.com.br\/#website"},"primaryImageOfPage":{"@id":"https:\/\/ubirataonline.com.br\/miami-open-sabalenka-se-sente-cada-vez-mais-brasileira-apos-ser-adotada\/#primaryimage"},"image":{"@id":"https:\/\/ubirataonline.com.br\/miami-open-sabalenka-se-sente-cada-vez-mais-brasileira-apos-ser-adotada\/#primaryimage"},"thumbnailUrl":"https:\/\/ubirataonline.com.br\/wp-content\/uploads\/2026\/03\/Miami-Open-Sabalenka-se-sente-cada-vez-mais-brasileira-apos.jpg","datePublished":"2026-03-27T01:21:37+00:00","dateModified":"2026-03-27T01:21:45+00:00","description":"Bielorrussa de nascen\u00e7a e cria\u00e7\u00e3o, Aryna Sabalenka tem se sentido cada vez mais brasileira no Miami Open, torneio WTA 1000 no qual garantiu vaga na","breadcrumb":{"@id":"https:\/\/ubirataonline.com.br\/miami-open-sabalenka-se-sente-cada-vez-mais-brasileira-apos-ser-adotada\/#breadcrumb"},"inLanguage":"en-US","potentialAction":[{"@type":"ReadAction","target":["https:\/\/ubirataonline.com.br\/miami-open-sabalenka-se-sente-cada-vez-mais-brasileira-apos-ser-adotada\/"]}]},{"@type":"ImageObject","inLanguage":"en-US","@id":"https:\/\/ubirataonline.com.br\/miami-open-sabalenka-se-sente-cada-vez-mais-brasileira-apos-ser-adotada\/#primaryimage","url":"https:\/\/ubirataonline.com.br\/wp-content\/uploads\/2026\/03\/Miami-Open-Sabalenka-se-sente-cada-vez-mais-brasileira-apos.jpg","contentUrl":"https:\/\/ubirataonline.com.br\/wp-content\/uploads\/2026\/03\/Miami-Open-Sabalenka-se-sente-cada-vez-mais-brasileira-apos.jpg","width":1178,"height":630,"caption":"Revanche? Rybakina e Sabalenka se reencontram nas semis do Miami Open"},{"@type":"BreadcrumbList","@id":"https:\/\/ubirataonline.com.br\/miami-open-sabalenka-se-sente-cada-vez-mais-brasileira-apos-ser-adotada\/#breadcrumb","itemListElement":[{"@type":"ListItem","position":1,"name":"In\u00edcio","item":"https:\/\/ubirataonline.com.br\/"},{"@type":"ListItem","position":2,"name":"Miami Open: Sabalenka se sente cada vez mais brasileira ap\u00f3s ser \u201cadotada\u201d"}]},{"@type":"WebSite","@id":"https:\/\/ubirataonline.com.br\/#website","url":"https:\/\/ubirataonline.com.br\/","name":"Ubirat\u00e3 Online Not\u00edcias","description":"Not\u00edcias de Ubirat\u00e3, regi\u00e3o, Brasil e mundo, com informa\u00e7\u00e3o atualizada e compromisso com o leitor.","publisher":{"@id":"https:\/\/ubirataonline.com.br\/#organization"},"alternateName":"Ubirat\u00e3 Online","potentialAction":[{"@type":"SearchAction","target":{"@type":"EntryPoint","urlTemplate":"https:\/\/ubirataonline.com.br\/?s={search_term_string}"},"query-input":{"@type":"PropertyValueSpecification","valueRequired":true,"valueName":"search_term_string"}}],"inLanguage":"en-US"},{"@type":["Organization","Place"],"@id":"https:\/\/ubirataonline.com.br\/#organization","name":"Ubirat\u00e3 Online Not\u00edcias","alternateName":"Ubirat\u00e3 Online","url":"https:\/\/ubirataonline.com.br\/","logo":{"@id":"https:\/\/ubirataonline.com.br\/miami-open-sabalenka-se-sente-cada-vez-mais-brasileira-apos-ser-adotada\/#local-main-organization-logo"},"image":{"@id":"https:\/\/ubirataonline.com.br\/miami-open-sabalenka-se-sente-cada-vez-mais-brasileira-apos-ser-adotada\/#local-main-organization-logo"},"sameAs":["https:\/\/www.facebook.com\/portalubirataonline","https:\/\/x.com\/ubirataonline","https:\/\/mastodon.social\/@ubirataonline","https:\/\/www.facebook.com\/groups\/311144672285604","https:\/\/www.facebook.com\/UBTAOnline","https:\/\/www.instagram.com\/portalubirataonline\/","https:\/\/twitter.com\/ubirataonline"],"description":"Somos um portal de not\u00edcias independente, criado em 5 de janeiro de 2009, com o objetivo de informar, conectar e valorizar a nossa comunidade de Ubirat\u00e3 e toda aregi\u00e3o. Com conte\u00fado atualizado, confi\u00e1vel e relevante, o Ubirat\u00e3 Online \u00e9 o seu espa\u00e7o para ficar por dentro dos principais acontecimentos locais, regionais, Brasil, Mundo e de interesse geral. Nosso compromisso \u00e9 com a verdade, a transpar\u00eancia e o respeito ao leitor.","legalName":"UBIRATA ONLINE NOT\u00cdCIAS","foundingDate":"2009-01-05","numberOfEmployees":{"@type":"QuantitativeValue","minValue":"1","maxValue":"10"},"publishingPrinciples":"https:\/\/ubirataonline.com.br\/faq\/","address":{"@id":"https:\/\/ubirataonline.com.br\/miami-open-sabalenka-se-sente-cada-vez-mais-brasileira-apos-ser-adotada\/#local-main-place-address"},"geo":{"@type":"GeoCoordinates","latitude":"-24.5361401","longitude":"-52.9921776"},"telephone":["+5544998308235"],"contactPoint":{"@type":"ContactPoint","email":"contato@ubirataonline.com.br"},"openingHoursSpecification":{"@type":"OpeningHoursSpecification","dayOfWeek":["Monday","Tuesday","Wednesday","Thursday","Friday","Saturday","Sunday"],"opens":"00:00","closes":"23:59"},"email":"contato@ubirataonline.com.br","vatID":"47.621.418\/0001-80"},{"@type":"Person","@id":"https:\/\/ubirataonline.com.br\/#\/schema\/person\/372f87bbd3fdd79b8556b84c98d0bc1c","name":"REDA\u00c7\u00c3O: UBIRAT\u00c3 ONLINE - F\u00c1BIO AUGUSTO CELESTINO","pronouns":"Ele","description":"Desde 2003 trabalhando com not\u00edcias.","sameAs":["http:\/\/ubirataoline.com.br","https:\/\/www.facebook.com\/portalubirataonline","https:\/\/www.instagram.com\/ubirataonline_oficial","https:\/\/x.com\/x.com\/ubirataonline"],"honorificPrefix":"Mr.","honorificSuffix":"MD","birthDate":"1980-06-16","gender":"masculino","award":["V\u00e1rios pr\u00eamios de melhor portal da cidade"],"jobTitle":"Diretor","url":"https:\/\/ubirataonline.com.br\/en\/author\/ubirataonline\/"},{"@type":"PostalAddress","@id":"https:\/\/ubirataonline.com.br\/miami-open-sabalenka-se-sente-cada-vez-mais-brasileira-apos-ser-adotada\/#local-main-place-address","streetAddress":"Rua dos Coqueiros, 104 - Bairro Boa Vista, Rua dos Coqueiros, 104 Bairro Boa Vista","addressLocality":"UBIRATA","postalCode":"85440-000","addressRegion":"PR","addressCountry":"BR"},{"@type":"ImageObject","inLanguage":"en-US","@id":"https:\/\/ubirataonline.com.br\/miami-open-sabalenka-se-sente-cada-vez-mais-brasileira-apos-ser-adotada\/#local-main-organization-logo","url":"https:\/\/ubirataonline.com.br\/wp-content\/uploads\/2026\/06\/logoubirataonline-1.webp","contentUrl":"https:\/\/ubirataonline.com.br\/wp-content\/uploads\/2026\/06\/logoubirataonline-1.webp","width":500,"height":500,"caption":"Ubirat\u00e3 Online Not\u00edcias"}]},"geo.placename":"UBIRATA","geo.position":{"lat":"-24.5361401","long":"-52.9921776"},"geo.region":"Brazil"},"_links":{"self":[{"href":"https:\/\/ubirataonline.com.br\/en\/wp-json\/wp\/v2\/posts\/97533","targetHints":{"allow":["GET"]}}],"collection":[{"href":"https:\/\/ubirataonline.com.br\/en\/wp-json\/wp\/v2\/posts"}],"about":[{"href":"https:\/\/ubirataonline.com.br\/en\/wp-json\/wp\/v2\/types\/post"}],"author":[{"embeddable":true,"href":"https:\/\/ubirataonline.com.br\/en\/wp-json\/wp\/v2\/users\/1"}],"replies":[{"embeddable":true,"href":"https:\/\/ubirataonline.com.br\/en\/wp-json\/wp\/v2\/comments?post=97533"}],"version-history":[{"count":0,"href":"https:\/\/ubirataonline.com.br\/en\/wp-json\/wp\/v2\/posts\/97533\/revisions"}],"wp:featuredmedia":[{"embeddable":true,"href":"https:\/\/ubirataonline.com.br\/en\/wp-json\/wp\/v2\/media\/97534"}],"wp:attachment":[{"href":"https:\/\/ubirataonline.com.br\/en\/wp-json\/wp\/v2\/media?parent=97533"}],"wp:term":[{"taxonomy":"category","embeddable":true,"href":"https:\/\/ubirataonline.com.br\/en\/wp-json\/wp\/v2\/categories?post=97533"},{"taxonomy":"post_tag","embeddable":true,"href":"https:\/\/ubirataonline.com.br\/en\/wp-json\/wp\/v2\/tags?post=97533"}],"curies":[{"name":"wp","href":"https:\/\/api.w.org\/{rel}","templated":true}]}}