{"id":97703,"date":"2026-03-27T15:39:43","date_gmt":"2026-03-27T18:39:43","guid":{"rendered":"https:\/\/ubirataonline.com.br\/gerp-lula-e-flavio-bolsonaro-tem-empate-tecnico-no-1o-e-2o-turno\/"},"modified":"2026-03-27T15:39:46","modified_gmt":"2026-03-27T18:39:46","slug":"gerp-lula-e-flavio-bolsonaro-tem-empate-tecnico-no-1o-e-2o-turno","status":"publish","type":"post","link":"https:\/\/ubirataonline.com.br\/en\/gerp-lula-e-flavio-bolsonaro-tem-empate-tecnico-no-1o-e-2o-turno\/","title":{"rendered":"Gerp: Lula e Fl\u00e1vio Bolsonaro t\u00eam empate t\u00e9cnico no 1\u00ba e 2\u00ba turno"},"content":{"rendered":"<p><\/p>\n<p>Levantamento divulgado nesta sexta-feira (27) mostra o presidente com 38% das inten\u00e7\u00f5es de voto, contra 36% do senador no 1\u00ba turno<\/p>\n<div wp_automatic_readability=\"96\">\n<div class=\"post_image\"><span class=\"image_fonte\">Reprodu\u00e7\u00e3o\/Flickr <\/span><picture><source media=\"(max-width: 799px)\" srcset=\"https:\/\/jpimg.com.br\/uploads\/2025\/12\/imagem-jvp-2025-12-06t134101.817-345x207.png\"><source media=\"(min-width: 800px)\" srcset=\"https:\/\/jpimg.com.br\/uploads\/2025\/12\/imagem-jvp-2025-12-06t134101.817-750x450.png\"><\/source><\/source><\/picture><span class=\"image_credits\">No segundo turno, o levantamento indica Fl\u00e1vio Bolsonaro com 48% das inten\u00e7\u00f5es de voto, e Lula com 45%.<br \/><\/span><\/div>\n<p><?xml encoding=\"UTF-8\"???><\/p>\n<p>O <strong>presidente <span class=\"hover:entity-accent entity-underline inline cursor-pointer align-baseline\"><span class=\"whitespace-normal\">Luiz In\u00e1cio Lula da Silva<\/span><\/span> (PT)<\/strong> e o <strong>senador <span class=\"hover:entity-accent entity-underline inline cursor-pointer align-baseline\"><span class=\"whitespace-normal\">Fl\u00e1vio Bolsonaro<\/span><\/span> (PL-RJ)<\/strong> aparecem <strong>tecnicamente empatados<\/strong> em todos os cen\u00e1rios de<strong> primeiro turno da disputa presidencial<\/strong>, al\u00e9m de tamb\u00e9m registrarem empate t\u00e9cnico no segundo turno, segundo pesquisa divulgada nesta sexta-feira (27) pelo instituto Gerp.<\/p>\n<p>No <strong>primeiro cen\u00e1rio, Lula soma 38% das inten\u00e7\u00f5es de voto, contra 36% de Fl\u00e1vio.<\/strong> Em seguida aparecem <span class=\"hover:entity-accent entity-underline inline cursor-pointer align-baseline\"><span class=\"whitespace-normal\">Ciro Gomes<\/span><\/span> (7%), <span class=\"hover:entity-accent entity-underline inline cursor-pointer align-baseline\"><span class=\"whitespace-normal\">Ratinho J\u00fanior<\/span><\/span> (4%), <span class=\"hover:entity-accent entity-underline inline cursor-pointer align-baseline\"><span class=\"whitespace-normal\">Romeu Zema<\/span><\/span> (3%), <span class=\"hover:entity-accent entity-underline inline cursor-pointer align-baseline\"><span class=\"whitespace-normal\">Ronaldo Caiado<\/span><\/span> (3%), <span class=\"hover:entity-accent entity-underline inline cursor-pointer align-baseline\"><span class=\"whitespace-normal\">Renan Santos<\/span><\/span> (1%) e <span class=\"hover:entity-accent entity-underline inline cursor-pointer align-baseline\"><span class=\"whitespace-normal\">Aldo Rebelo<\/span><\/span> (0%). Nenhum deles soma 3%, e 6% n\u00e3o souberam ou n\u00e3o responderam.<\/p>\n<div id=\"attachment_2118441\" style=\"width: 760px\" class=\"wp-caption alignnone\" wp_automatic_readability=\"32\"><img loading=\"lazy\" decoding=\"async\" aria-describedby=\"caption-attachment-2118441\" class=\"size-medium wp-image-2118441\" src=\"https:\/\/jpimg.com.br\/uploads\/2026\/03\/presidencia-do-brasil-relatorio-13a-eleicoes-2026-presidente_page-0028-750x422.jpg\" alt=\"Pesquisa divulgada nesta sexta-feira (27) pelo instituto Gerp\" width=\"750\" height=\"422\" srcset=\"https:\/\/jpimg.com.br\/uploads\/2026\/03\/presidencia-do-brasil-relatorio-13a-eleicoes-2026-presidente_page-0028-750x422.jpg 750w, https:\/\/jpimg.com.br\/uploads\/2026\/03\/presidencia-do-brasil-relatorio-13a-eleicoes-2026-presidente_page-0028-1024x576.jpg 1024w, https:\/\/jpimg.com.br\/uploads\/2026\/03\/presidencia-do-brasil-relatorio-13a-eleicoes-2026-presidente_page-0028-300x170.jpg 300w, https:\/\/jpimg.com.br\/uploads\/2026\/03\/presidencia-do-brasil-relatorio-13a-eleicoes-2026-presidente_page-0028-768x432.jpg 768w, https:\/\/jpimg.com.br\/uploads\/2026\/03\/presidencia-do-brasil-relatorio-13a-eleicoes-2026-presidente_page-0028-345x194.jpg 345w, https:\/\/jpimg.com.br\/uploads\/2026\/03\/presidencia-do-brasil-relatorio-13a-eleicoes-2026-presidente_page-0028-1280x720.jpg 1280w, https:\/\/jpimg.com.br\/uploads\/2026\/03\/presidencia-do-brasil-relatorio-13a-eleicoes-2026-presidente_page-0028-600x338.jpg 600w, https:\/\/jpimg.com.br\/uploads\/2026\/03\/presidencia-do-brasil-relatorio-13a-eleicoes-2026-presidente_page-0028-330x185.jpg 330w, https:\/\/jpimg.com.br\/uploads\/2026\/03\/presidencia-do-brasil-relatorio-13a-eleicoes-2026-presidente_page-0028.jpg 1400w\" sizes=\"auto, (max-width: 750px) 100vw, 750px\"\/><\/p>\n<p id=\"caption-attachment-2118441\" class=\"wp-caption-text\">Pesquisa divulgada nesta sexta-feira (27) pelo instituto Gerp.<\/p>\n<\/div>\n<p data-start=\"887\" data-end=\"1127\">No <strong>segundo cen\u00e1rio<\/strong>, <strong>Lula tem 38% e Fl\u00e1vio Bolsonaro, 37%<\/strong>. Na sequ\u00eancia est\u00e3o Ciro Gomes (7%), Ronaldo Caiado (5%), Romeu Zema (5%), Renan Santos (1%) e Aldo Rebelo (3%). Nenhum deles registra 3%, enquanto 4% n\u00e3o souberam ou n\u00e3o responderam.<\/p>\n<p data-start=\"1129\" data-end=\"1389\">No <strong>terceiro cen\u00e1rio, h\u00e1 empate num\u00e9rico entre Fl\u00e1vio Bolsonaro e Lula, ambos com 37%<\/strong>. Ciro Gomes aparece com 7%, seguido por Ratinho J\u00fanior (5%), Romeu Zema (4%), Renan Santos (1%) e Aldo Rebelo (0%). Nenhum deles soma 4%, e 4% n\u00e3o souberam ou n\u00e3o responderam.<\/p>\n<p data-start=\"1391\" data-end=\"1651\"><strong>J\u00e1 no quarto cen\u00e1rio, Fl\u00e1vio Bolsonaro marca 40%, contra 38% de Lula<\/strong>. Depois aparecem Ciro Gomes (7%), Romeu Zema (5%), <span class=\"hover:entity-accent entity-underline inline cursor-pointer align-baseline\"><span class=\"whitespace-normal\">Eduardo Leite<\/span><\/span> (3%), Renan Santos (1%) e Aldo Rebelo (0%). Nenhum deles tem 3%, e 4% n\u00e3o souberam ou n\u00e3o responderam.<\/p>\n<h2><strong>Segundo turno\u00a0<\/strong><\/h2>\n<p>No segundo turno, o levantamento indica <strong>Fl\u00e1vio Bolsonaro com 48% das inten\u00e7\u00f5es de voto, e Lula com 45%<\/strong>. Outros 5% afirmaram que votariam em nenhum dos candidatos, e 3% n\u00e3o souberam ou n\u00e3o responderam.<\/p>\n<p><img loading=\"lazy\" decoding=\"async\" class=\"size-medium wp-image-2118442\" src=\"https:\/\/jpimg.com.br\/uploads\/2026\/03\/presidencia-do-brasil-relatorio-13a-eleicoes-2026-presidente_page-0026-750x422.jpg\" alt=\"Pesquisa divulgada nesta sexta-feira (27) pelo instituto Gerp\" width=\"750\" height=\"422\" srcset=\"https:\/\/jpimg.com.br\/uploads\/2026\/03\/presidencia-do-brasil-relatorio-13a-eleicoes-2026-presidente_page-0026-750x422.jpg 750w, https:\/\/jpimg.com.br\/uploads\/2026\/03\/presidencia-do-brasil-relatorio-13a-eleicoes-2026-presidente_page-0026-1024x576.jpg 1024w, https:\/\/jpimg.com.br\/uploads\/2026\/03\/presidencia-do-brasil-relatorio-13a-eleicoes-2026-presidente_page-0026-300x170.jpg 300w, https:\/\/jpimg.com.br\/uploads\/2026\/03\/presidencia-do-brasil-relatorio-13a-eleicoes-2026-presidente_page-0026-768x432.jpg 768w, https:\/\/jpimg.com.br\/uploads\/2026\/03\/presidencia-do-brasil-relatorio-13a-eleicoes-2026-presidente_page-0026-345x194.jpg 345w, https:\/\/jpimg.com.br\/uploads\/2026\/03\/presidencia-do-brasil-relatorio-13a-eleicoes-2026-presidente_page-0026-1280x720.jpg 1280w, https:\/\/jpimg.com.br\/uploads\/2026\/03\/presidencia-do-brasil-relatorio-13a-eleicoes-2026-presidente_page-0026-600x338.jpg 600w, https:\/\/jpimg.com.br\/uploads\/2026\/03\/presidencia-do-brasil-relatorio-13a-eleicoes-2026-presidente_page-0026-330x185.jpg 330w, https:\/\/jpimg.com.br\/uploads\/2026\/03\/presidencia-do-brasil-relatorio-13a-eleicoes-2026-presidente_page-0026.jpg 1400w\" sizes=\"auto, (max-width: 750px) 100vw, 750px\"\/><\/p>\n<p><img loading=\"lazy\" decoding=\"async\" class=\"size-medium wp-image-2118440\" src=\"https:\/\/jpimg.com.br\/uploads\/2026\/03\/presidencia-do-brasil-relatorio-13a-eleicoes-2026-presidente_page-0027-750x422.jpg\" alt=\"Pesquisa divulgada nesta sexta-feira (27) pelo instituto Gerp\" width=\"750\" height=\"422\" srcset=\"https:\/\/jpimg.com.br\/uploads\/2026\/03\/presidencia-do-brasil-relatorio-13a-eleicoes-2026-presidente_page-0027-750x422.jpg 750w, https:\/\/jpimg.com.br\/uploads\/2026\/03\/presidencia-do-brasil-relatorio-13a-eleicoes-2026-presidente_page-0027-1024x576.jpg 1024w, https:\/\/jpimg.com.br\/uploads\/2026\/03\/presidencia-do-brasil-relatorio-13a-eleicoes-2026-presidente_page-0027-300x170.jpg 300w, https:\/\/jpimg.com.br\/uploads\/2026\/03\/presidencia-do-brasil-relatorio-13a-eleicoes-2026-presidente_page-0027-768x432.jpg 768w, https:\/\/jpimg.com.br\/uploads\/2026\/03\/presidencia-do-brasil-relatorio-13a-eleicoes-2026-presidente_page-0027-345x194.jpg 345w, https:\/\/jpimg.com.br\/uploads\/2026\/03\/presidencia-do-brasil-relatorio-13a-eleicoes-2026-presidente_page-0027-1280x720.jpg 1280w, https:\/\/jpimg.com.br\/uploads\/2026\/03\/presidencia-do-brasil-relatorio-13a-eleicoes-2026-presidente_page-0027-600x338.jpg 600w, https:\/\/jpimg.com.br\/uploads\/2026\/03\/presidencia-do-brasil-relatorio-13a-eleicoes-2026-presidente_page-0027-330x185.jpg 330w, https:\/\/jpimg.com.br\/uploads\/2026\/03\/presidencia-do-brasil-relatorio-13a-eleicoes-2026-presidente_page-0027.jpg 1400w\" sizes=\"auto, (max-width: 750px) 100vw, 750px\"\/><\/p>\n<h2><strong>Rejei\u00e7\u00e3o\u00a0<\/strong><\/h2>\n<section class=\"text-token-text-primary w-full focus:outline-none [--shadow-height:45px] has-data-writing-block:pointer-events-none has-data-writing-block:-mt-(--shadow-height) has-data-writing-block:pt-(--shadow-height) [&amp;:has([data-writing-block])&gt;*]:pointer-events-auto scroll-mt-(--header-height)\" dir=\"auto\" data-turn-id=\"2fdaa98e-42de-4103-94d0-7c2302f76236\" data-testid=\"conversation-turn-7\" data-scroll-anchor=\"false\" data-turn=\"user\"\/>\n<section class=\"text-token-text-primary w-full focus:outline-none [--shadow-height:45px] has-data-writing-block:pointer-events-none has-data-writing-block:-mt-(--shadow-height) has-data-writing-block:pt-(--shadow-height) [&amp;:has([data-writing-block])&gt;*]:pointer-events-auto scroll-mt-[calc(var(--header-height)+min(200px,max(70px,20svh)))]\" dir=\"auto\" data-turn-id=\"request-WEB:6b026d49-49a7-43a5-bf4b-2707fea77e10-3\" data-testid=\"conversation-turn-8\" data-scroll-anchor=\"true\" data-turn=\"assistant\">\n<div class=\"text-base my-auto mx-auto pb-10 [--thread-content-margin:var(--thread-content-margin-xs,calc(var(--spacing)*4))] @w-sm\/main:[--thread-content-margin:var(--thread-content-margin-sm,calc(var(--spacing)*6))] @w-lg\/main:[--thread-content-margin:var(--thread-content-margin-lg,calc(var(--spacing)*16))] px-(--thread-content-margin)\">\n<div class=\"[--thread-content-max-width:40rem] @w-lg\/main:[--thread-content-max-width:48rem] mx-auto max-w-(--thread-content-max-width) flex-1 group\/turn-messages focus-visible:outline-hidden relative flex w-full min-w-0 flex-col agent-turn\">\n<div class=\"flex max-w-full flex-col gap-4 grow\">\n<div class=\"min-h-8 text-message relative flex w-full flex-col items-end gap-2 text-start break-words whitespace-normal outline-none keyboard-focused:focus-ring [.text-message+&amp;]:mt-1\" dir=\"auto\" tabindex=\"0\" data-message-author-role=\"assistant\" data-message-id=\"5aaffb6b-27ef-48ad-b23d-aef59177fc7d\" data-message-model-slug=\"gpt-5-3\" data-turn-start-message=\"true\">\n<div class=\"flex w-full flex-col gap-1 empty:hidden\" wp_automatic_readability=\"13\">\n<div class=\"markdown prose dark:prose-invert w-full wrap-break-word light markdown-new-styling\" wp_automatic_readability=\"21\">\n<p data-start=\"0\" data-end=\"239\">No recorte de rejei\u00e7\u00e3o, o levantamento mostra que<strong> Lula\u00a0lidera, com 51% dos entrevistados afirmando que n\u00e3o votariam no petista<\/strong>. Em seguida aparece <strong><span class=\"hover:entity-accent entity-underline inline cursor-pointer align-baseline\"><span class=\"whitespace-normal\">Fl\u00e1vio Bolsonaro<\/span><\/span>, com 45% de rejei\u00e7\u00e3o.<\/strong><\/p>\n<p data-start=\"241\" data-end=\"632\">Entre os demais nomes testados, <span class=\"hover:entity-accent entity-underline inline cursor-pointer align-baseline\"><span class=\"whitespace-normal\">Zema<\/span><\/span> registra 16%, empatado com <span class=\"hover:entity-accent entity-underline inline cursor-pointer align-baseline\"><span class=\"whitespace-normal\">Eduardo Leite<\/span><\/span> (16%). <span class=\"hover:entity-accent entity-underline inline cursor-pointer align-baseline\"><span class=\"whitespace-normal\">Ratinho J\u00fanior<\/span><\/span> aparece com 15%, seguido por <span class=\"hover:entity-accent entity-underline inline cursor-pointer align-baseline\"><span class=\"whitespace-normal\">Ronaldo Caiado<\/span><\/span> (13%) e <span class=\"hover:entity-accent entity-underline inline cursor-pointer align-baseline\"><span class=\"whitespace-normal\">Ciro Gomes<\/span><\/span> (12%). <span class=\"hover:entity-accent entity-underline inline cursor-pointer align-baseline\"><span class=\"whitespace-normal\">Renan Santos<\/span><\/span> e <span class=\"hover:entity-accent entity-underline inline cursor-pointer align-baseline\"><span class=\"whitespace-normal\">Aldo Rebelo<\/span><\/span> t\u00eam 11% cada. Al\u00e9m disso, 1% dos entrevistados disseram que poderiam votar em qualquer um dos candidatos, enquanto 1% afirmaram que n\u00e3o votariam em nenhum deles. Outros 2% n\u00e3o souberam ou n\u00e3o responderam.<\/p>\n<\/div>\n<\/div>\n<\/div>\n<\/div>\n<\/div>\n<\/div>\n<\/section>\n<h2><strong>Metodologia\u00a0<\/strong><\/h2>\n<p>A pesquisa ouviu 2.000 pessoas. Os dados foram ponderados de acordo com sexo, faixa et\u00e1ria, renda do chefe do domic\u00edlio e regi\u00f5es do pa\u00eds. A margem de erro \u00e9 de 2,24 pontos percentuais, com n\u00edvel de confian\u00e7a de 95,55%. As entrevistas foram realizadas entre os dias 20 e 25 de mar\u00e7o de 2026. Ela est\u00e1 registrada no TSE com o n\u00famero BR-02846\/2026<\/p>\n<\/p><\/div>\n<p><script async src=\"https:\/\/connect.facebook.net\/pt_BR\/all.js#xfbml=1\"><\/script><br \/>\n<br \/><a href=\"https:\/\/jovempan.com.br\/noticias\/politica\/gerp-lula-e-flavio-bolsonaro-tem-empate-tecnico-no-1o-e-2o-turno.html\">Fonte do Artigo <\/a><\/p>\n","protected":false},"excerpt":{"rendered":"<p>Levantamento divulgado nesta sexta-feira (27) mostra o presidente com 38% das inten\u00e7\u00f5es de voto, contra 36% do senador no 1\u00ba turno Reprodu\u00e7\u00e3o\/Flickr No segundo turno, o levantamento indica Fl\u00e1vio Bolsonaro com 48% das inten\u00e7\u00f5es de voto, e Lula com 45%. O presidente Luiz In\u00e1cio Lula da Silva (PT) e o senador Fl\u00e1vio Bolsonaro (PL-RJ) aparecem [&hellip;]<\/p>\n","protected":false},"author":1,"featured_media":97704,"comment_status":"closed","ping_status":"","sticky":false,"template":"","format":"standard","meta":{"googlesitekit_rrm_CAow2JLhCw:productID":"","_gspb_post_css":"","maa_idioma":"","maa_pais":"","footnotes":""},"categories":[4],"tags":[5618,10495,3026,8564,9827,24106,1629,6716,3208,15153],"class_list":["post-97703","post","type-post","status-publish","format-standard","has-post-thumbnail","hentry","category-brasil","tag-1o","tag-2o","tag-bolsonaro","tag-empate","tag-flavio","tag-gerp","tag-lula","tag-tecnico","tag-tem","tag-turno"],"blocksy_meta":[],"yoast_head":"<!-- This site is optimized with the Yoast SEO Premium plugin v27.6 (Yoast SEO v27.6) - https:\/\/yoast.com\/product\/yoast-seo-premium-wordpress\/ -->\n<title>Gerp: Lula e Fl\u00e1vio Bolsonaro t\u00eam empate t\u00e9cnico no 1\u00ba e 2\u00ba turno - Ubirat\u00e3 Online Not\u00edcias - A realidade ao seu alcance!<\/title>\n<meta name=\"description\" content=\"Levantamento divulgado nesta sexta-feira (27) mostra o presidente com 38% das inten\u00e7\u00f5es de voto, contra 36% do senador no 1\u00ba turno Reprodu\u00e7\u00e3o\/Flickr No\" \/>\n<meta name=\"robots\" content=\"index, follow, max-snippet:-1, max-image-preview:large, max-video-preview:-1\" \/>\n<link rel=\"canonical\" href=\"https:\/\/ubirataonline.com.br\/en\/gerp-lula-e-flavio-bolsonaro-tem-empate-tecnico-no-1o-e-2o-turno\/\" \/>\n<meta property=\"og:locale\" content=\"en_US\" \/>\n<meta property=\"og:type\" content=\"article\" \/>\n<meta property=\"og:title\" content=\"Gerp: Lula e Fl\u00e1vio Bolsonaro t\u00eam empate t\u00e9cnico no 1\u00ba e 2\u00ba turno\" \/>\n<meta property=\"og:description\" content=\"Levantamento divulgado nesta sexta-feira (27) mostra o presidente com 38% das inten\u00e7\u00f5es de voto, contra 36% do senador no 1\u00ba turno Reprodu\u00e7\u00e3o\/Flickr No\" \/>\n<meta property=\"og:url\" content=\"https:\/\/ubirataonline.com.br\/en\/gerp-lula-e-flavio-bolsonaro-tem-empate-tecnico-no-1o-e-2o-turno\/\" \/>\n<meta property=\"og:site_name\" content=\"Ubirat\u00e3 Online Not\u00edcias - A realidade ao seu alcance!\" \/>\n<meta property=\"article:publisher\" content=\"https:\/\/www.facebook.com\/portalubirataonline\" \/>\n<meta property=\"article:author\" content=\"https:\/\/www.facebook.com\/portalubirataonline\" \/>\n<meta property=\"article:published_time\" content=\"2026-03-27T18:39:43+00:00\" \/>\n<meta property=\"article:modified_time\" content=\"2026-03-27T18:39:46+00:00\" \/>\n<meta property=\"og:image\" content=\"https:\/\/ubirataonline.com.br\/wp-content\/uploads\/2026\/03\/Gerp-Lula-e-Flavio-Bolsonaro-tem-empate-tecnico-no-1o.png\" \/>\n\t<meta property=\"og:image:width\" content=\"1000\" \/>\n\t<meta property=\"og:image:height\" content=\"600\" \/>\n\t<meta property=\"og:image:type\" content=\"image\/png\" \/>\n<meta name=\"author\" content=\"REDA\u00c7\u00c3O: UBIRAT\u00c3 ONLINE - F\u00c1BIO AUGUSTO CELESTINO\" \/>\n<meta name=\"twitter:card\" content=\"summary_large_image\" \/>\n<meta name=\"twitter:creator\" content=\"@x.com\/ubirataonline\" \/>\n<meta name=\"twitter:site\" content=\"@ubirataonline\" \/>\n<meta name=\"twitter:label1\" content=\"Written by\" \/>\n\t<meta name=\"twitter:data1\" content=\"REDA\u00c7\u00c3O: UBIRAT\u00c3 ONLINE - F\u00c1BIO AUGUSTO CELESTINO\" \/>\n\t<meta name=\"twitter:label2\" content=\"Est. reading time\" \/>\n\t<meta name=\"twitter:data2\" content=\"2 minutes\" \/>\n<script type=\"application\/ld+json\" class=\"yoast-schema-graph\">{\"@context\":\"https:\\\/\\\/schema.org\",\"@graph\":[{\"@type\":\"NewsArticle\",\"@id\":\"https:\\\/\\\/ubirataonline.com.br\\\/gerp-lula-e-flavio-bolsonaro-tem-empate-tecnico-no-1o-e-2o-turno\\\/#article\",\"isPartOf\":{\"@id\":\"https:\\\/\\\/ubirataonline.com.br\\\/gerp-lula-e-flavio-bolsonaro-tem-empate-tecnico-no-1o-e-2o-turno\\\/\"},\"author\":{\"name\":\"REDA\u00c7\u00c3O: UBIRAT\u00c3 ONLINE - F\u00c1BIO AUGUSTO CELESTINO\",\"@id\":\"https:\\\/\\\/ubirataonline.com.br\\\/#\\\/schema\\\/person\\\/372f87bbd3fdd79b8556b84c98d0bc1c\"},\"headline\":\"Gerp: Lula e Fl\u00e1vio Bolsonaro t\u00eam empate t\u00e9cnico no 1\u00ba e 2\u00ba turno\",\"datePublished\":\"2026-03-27T18:39:43+00:00\",\"dateModified\":\"2026-03-27T18:39:46+00:00\",\"mainEntityOfPage\":{\"@id\":\"https:\\\/\\\/ubirataonline.com.br\\\/gerp-lula-e-flavio-bolsonaro-tem-empate-tecnico-no-1o-e-2o-turno\\\/\"},\"wordCount\":467,\"publisher\":{\"@id\":\"https:\\\/\\\/ubirataonline.com.br\\\/#organization\"},\"image\":{\"@id\":\"https:\\\/\\\/ubirataonline.com.br\\\/gerp-lula-e-flavio-bolsonaro-tem-empate-tecnico-no-1o-e-2o-turno\\\/#primaryimage\"},\"thumbnailUrl\":\"https:\\\/\\\/ubirataonline.com.br\\\/wp-content\\\/uploads\\\/2026\\\/03\\\/Gerp-Lula-e-Flavio-Bolsonaro-tem-empate-tecnico-no-1o.png\",\"keywords\":[\"1\u00ba\",\"2\u00ba\",\"Bolsonaro\",\"empate\",\"Fl\u00e1vio\",\"Gerp\",\"Lula\",\"t\u00e9cnico\",\"tem\",\"turno\"],\"articleSection\":[\"Brasil\"],\"inLanguage\":\"en-US\",\"copyrightYear\":\"2026\",\"copyrightHolder\":{\"@id\":\"https:\\\/\\\/ubirataonline.com.br\\\/en\\\/#organization\"}},{\"@type\":\"WebPage\",\"@id\":\"https:\\\/\\\/ubirataonline.com.br\\\/gerp-lula-e-flavio-bolsonaro-tem-empate-tecnico-no-1o-e-2o-turno\\\/\",\"url\":\"https:\\\/\\\/ubirataonline.com.br\\\/gerp-lula-e-flavio-bolsonaro-tem-empate-tecnico-no-1o-e-2o-turno\\\/\",\"name\":\"Gerp: Lula e Fl\u00e1vio Bolsonaro t\u00eam empate t\u00e9cnico no 1\u00ba e 2\u00ba turno - Ubirat\u00e3 Online Not\u00edcias - A realidade ao seu alcance!\",\"isPartOf\":{\"@id\":\"https:\\\/\\\/ubirataonline.com.br\\\/#website\"},\"primaryImageOfPage\":{\"@id\":\"https:\\\/\\\/ubirataonline.com.br\\\/gerp-lula-e-flavio-bolsonaro-tem-empate-tecnico-no-1o-e-2o-turno\\\/#primaryimage\"},\"image\":{\"@id\":\"https:\\\/\\\/ubirataonline.com.br\\\/gerp-lula-e-flavio-bolsonaro-tem-empate-tecnico-no-1o-e-2o-turno\\\/#primaryimage\"},\"thumbnailUrl\":\"https:\\\/\\\/ubirataonline.com.br\\\/wp-content\\\/uploads\\\/2026\\\/03\\\/Gerp-Lula-e-Flavio-Bolsonaro-tem-empate-tecnico-no-1o.png\",\"datePublished\":\"2026-03-27T18:39:43+00:00\",\"dateModified\":\"2026-03-27T18:39:46+00:00\",\"description\":\"Levantamento divulgado nesta sexta-feira (27) mostra o presidente com 38% das inten\u00e7\u00f5es de voto, contra 36% do senador no 1\u00ba turno Reprodu\u00e7\u00e3o\\\/Flickr No\",\"breadcrumb\":{\"@id\":\"https:\\\/\\\/ubirataonline.com.br\\\/gerp-lula-e-flavio-bolsonaro-tem-empate-tecnico-no-1o-e-2o-turno\\\/#breadcrumb\"},\"inLanguage\":\"en-US\",\"potentialAction\":[{\"@type\":\"ReadAction\",\"target\":[\"https:\\\/\\\/ubirataonline.com.br\\\/gerp-lula-e-flavio-bolsonaro-tem-empate-tecnico-no-1o-e-2o-turno\\\/\"]}]},{\"@type\":\"ImageObject\",\"inLanguage\":\"en-US\",\"@id\":\"https:\\\/\\\/ubirataonline.com.br\\\/gerp-lula-e-flavio-bolsonaro-tem-empate-tecnico-no-1o-e-2o-turno\\\/#primaryimage\",\"url\":\"https:\\\/\\\/ubirataonline.com.br\\\/wp-content\\\/uploads\\\/2026\\\/03\\\/Gerp-Lula-e-Flavio-Bolsonaro-tem-empate-tecnico-no-1o.png\",\"contentUrl\":\"https:\\\/\\\/ubirataonline.com.br\\\/wp-content\\\/uploads\\\/2026\\\/03\\\/Gerp-Lula-e-Flavio-Bolsonaro-tem-empate-tecnico-no-1o.png\",\"width\":1000,\"height\":600,\"caption\":\"Gerp: Lula e Fl\u00e1vio Bolsonaro t\u00eam empate t\u00e9cnico no 1\u00ba e 2\u00ba turno\"},{\"@type\":\"BreadcrumbList\",\"@id\":\"https:\\\/\\\/ubirataonline.com.br\\\/gerp-lula-e-flavio-bolsonaro-tem-empate-tecnico-no-1o-e-2o-turno\\\/#breadcrumb\",\"itemListElement\":[{\"@type\":\"ListItem\",\"position\":1,\"name\":\"In\u00edcio\",\"item\":\"https:\\\/\\\/ubirataonline.com.br\\\/\"},{\"@type\":\"ListItem\",\"position\":2,\"name\":\"Gerp: Lula e Fl\u00e1vio Bolsonaro t\u00eam empate t\u00e9cnico no 1\u00ba e 2\u00ba turno\"}]},{\"@type\":\"WebSite\",\"@id\":\"https:\\\/\\\/ubirataonline.com.br\\\/#website\",\"url\":\"https:\\\/\\\/ubirataonline.com.br\\\/\",\"name\":\"Ubirat\u00e3 Online Not\u00edcias\",\"description\":\"Not\u00edcias de Ubirat\u00e3, regi\u00e3o, Brasil e mundo, com informa\u00e7\u00e3o atualizada e compromisso com o leitor.\",\"publisher\":{\"@id\":\"https:\\\/\\\/ubirataonline.com.br\\\/#organization\"},\"alternateName\":\"Ubirat\u00e3 Online\",\"potentialAction\":[{\"@type\":\"SearchAction\",\"target\":{\"@type\":\"EntryPoint\",\"urlTemplate\":\"https:\\\/\\\/ubirataonline.com.br\\\/?s={search_term_string}\"},\"query-input\":{\"@type\":\"PropertyValueSpecification\",\"valueRequired\":true,\"valueName\":\"search_term_string\"}}],\"inLanguage\":\"en-US\"},{\"@type\":[\"Organization\",\"Place\"],\"@id\":\"https:\\\/\\\/ubirataonline.com.br\\\/#organization\",\"name\":\"Ubirat\u00e3 Online Not\u00edcias\",\"alternateName\":\"Ubirat\u00e3 Online\",\"url\":\"https:\\\/\\\/ubirataonline.com.br\\\/\",\"logo\":{\"@id\":\"https:\\\/\\\/ubirataonline.com.br\\\/gerp-lula-e-flavio-bolsonaro-tem-empate-tecnico-no-1o-e-2o-turno\\\/#local-main-organization-logo\"},\"image\":{\"@id\":\"https:\\\/\\\/ubirataonline.com.br\\\/gerp-lula-e-flavio-bolsonaro-tem-empate-tecnico-no-1o-e-2o-turno\\\/#local-main-organization-logo\"},\"sameAs\":[\"https:\\\/\\\/www.facebook.com\\\/portalubirataonline\",\"https:\\\/\\\/x.com\\\/ubirataonline\",\"https:\\\/\\\/mastodon.social\\\/@ubirataonline\",\"https:\\\/\\\/www.facebook.com\\\/groups\\\/311144672285604\",\"https:\\\/\\\/www.facebook.com\\\/UBTAOnline\",\"https:\\\/\\\/www.instagram.com\\\/portalubirataonline\\\/\",\"https:\\\/\\\/twitter.com\\\/ubirataonline\"],\"description\":\"Somos um portal de not\u00edcias independente, criado em 5 de janeiro de 2009, com o objetivo de informar, conectar e valorizar a nossa comunidade de Ubirat\u00e3 e toda aregi\u00e3o. Com conte\u00fado atualizado, confi\u00e1vel e relevante, o Ubirat\u00e3 Online \u00e9 o seu espa\u00e7o para ficar por dentro dos principais acontecimentos locais, regionais, Brasil, Mundo e de interesse geral. Nosso compromisso \u00e9 com a verdade, a transpar\u00eancia e o respeito ao leitor.\",\"legalName\":\"UBIRATA ONLINE NOT\u00cdCIAS\",\"foundingDate\":\"2009-01-05\",\"numberOfEmployees\":{\"@type\":\"QuantitativeValue\",\"minValue\":\"1\",\"maxValue\":\"10\"},\"publishingPrinciples\":\"https:\\\/\\\/ubirataonline.com.br\\\/faq\\\/\",\"address\":{\"@id\":\"https:\\\/\\\/ubirataonline.com.br\\\/gerp-lula-e-flavio-bolsonaro-tem-empate-tecnico-no-1o-e-2o-turno\\\/#local-main-place-address\"},\"geo\":{\"@type\":\"GeoCoordinates\",\"latitude\":\"-24.5361401\",\"longitude\":\"-52.9921776\"},\"telephone\":[\"+5544998308235\"],\"contactPoint\":{\"@type\":\"ContactPoint\",\"email\":\"contato@ubirataonline.com.br\"},\"openingHoursSpecification\":{\"@type\":\"OpeningHoursSpecification\",\"dayOfWeek\":[\"Monday\",\"Tuesday\",\"Wednesday\",\"Thursday\",\"Friday\",\"Saturday\",\"Sunday\"],\"opens\":\"00:00\",\"closes\":\"23:59\"},\"email\":\"contato@ubirataonline.com.br\",\"vatID\":\"47.621.418\\\/0001-80\"},{\"@type\":\"Person\",\"@id\":\"https:\\\/\\\/ubirataonline.com.br\\\/#\\\/schema\\\/person\\\/372f87bbd3fdd79b8556b84c98d0bc1c\",\"name\":\"REDA\u00c7\u00c3O: UBIRAT\u00c3 ONLINE - F\u00c1BIO AUGUSTO CELESTINO\",\"pronouns\":\"Ele\",\"description\":\"Desde 2003 trabalhando com not\u00edcias.\",\"sameAs\":[\"http:\\\/\\\/ubirataoline.com.br\",\"https:\\\/\\\/www.facebook.com\\\/portalubirataonline\",\"https:\\\/\\\/www.instagram.com\\\/ubirataonline_oficial\",\"https:\\\/\\\/x.com\\\/x.com\\\/ubirataonline\"],\"honorificPrefix\":\"Mr.\",\"honorificSuffix\":\"MD\",\"birthDate\":\"1980-06-16\",\"gender\":\"masculino\",\"award\":[\"V\u00e1rios pr\u00eamios de melhor portal da cidade\"],\"jobTitle\":\"Diretor\",\"url\":\"https:\\\/\\\/ubirataonline.com.br\\\/en\\\/author\\\/ubirataonline\\\/\"},{\"@type\":\"PostalAddress\",\"@id\":\"https:\\\/\\\/ubirataonline.com.br\\\/gerp-lula-e-flavio-bolsonaro-tem-empate-tecnico-no-1o-e-2o-turno\\\/#local-main-place-address\",\"streetAddress\":\"Rua dos Coqueiros, 104 - Bairro Boa Vista, Rua dos Coqueiros, 104 Bairro Boa Vista\",\"addressLocality\":\"UBIRATA\",\"postalCode\":\"85440-000\",\"addressRegion\":\"PR\",\"addressCountry\":\"BR\"},{\"@type\":\"ImageObject\",\"inLanguage\":\"en-US\",\"@id\":\"https:\\\/\\\/ubirataonline.com.br\\\/gerp-lula-e-flavio-bolsonaro-tem-empate-tecnico-no-1o-e-2o-turno\\\/#local-main-organization-logo\",\"url\":\"https:\\\/\\\/ubirataonline.com.br\\\/wp-content\\\/uploads\\\/2026\\\/06\\\/logoubirataonline-1.webp\",\"contentUrl\":\"https:\\\/\\\/ubirataonline.com.br\\\/wp-content\\\/uploads\\\/2026\\\/06\\\/logoubirataonline-1.webp\",\"width\":500,\"height\":500,\"caption\":\"Ubirat\u00e3 Online Not\u00edcias\"}]}<\/script>\n<meta name=\"geo.placename\" content=\"UBIRATA\" \/>\n<meta name=\"geo.position\" content=\"-24.5361401;-52.9921776\" \/>\n<meta name=\"geo.region\" content=\"Brazil\" \/>\n<!-- \/ Yoast SEO Premium plugin. -->","yoast_head_json":{"title":"Gerp: Lula e Fl\u00e1vio Bolsonaro t\u00eam empate t\u00e9cnico no 1\u00ba e 2\u00ba turno - Ubirat\u00e3 Online Not\u00edcias - A realidade ao seu alcance!","description":"Levantamento divulgado nesta sexta-feira (27) mostra o presidente com 38% das inten\u00e7\u00f5es de voto, contra 36% do senador no 1\u00ba turno Reprodu\u00e7\u00e3o\/Flickr No","robots":{"index":"index","follow":"follow","max-snippet":"max-snippet:-1","max-image-preview":"max-image-preview:large","max-video-preview":"max-video-preview:-1"},"canonical":"https:\/\/ubirataonline.com.br\/en\/gerp-lula-e-flavio-bolsonaro-tem-empate-tecnico-no-1o-e-2o-turno\/","og_locale":"en_US","og_type":"article","og_title":"Gerp: Lula e Fl\u00e1vio Bolsonaro t\u00eam empate t\u00e9cnico no 1\u00ba e 2\u00ba turno","og_description":"Levantamento divulgado nesta sexta-feira (27) mostra o presidente com 38% das inten\u00e7\u00f5es de voto, contra 36% do senador no 1\u00ba turno Reprodu\u00e7\u00e3o\/Flickr No","og_url":"https:\/\/ubirataonline.com.br\/en\/gerp-lula-e-flavio-bolsonaro-tem-empate-tecnico-no-1o-e-2o-turno\/","og_site_name":"Ubirat\u00e3 Online Not\u00edcias - A realidade ao seu alcance!","article_publisher":"https:\/\/www.facebook.com\/portalubirataonline","article_author":"https:\/\/www.facebook.com\/portalubirataonline","article_published_time":"2026-03-27T18:39:43+00:00","article_modified_time":"2026-03-27T18:39:46+00:00","og_image":[{"width":1000,"height":600,"url":"https:\/\/ubirataonline.com.br\/wp-content\/uploads\/2026\/03\/Gerp-Lula-e-Flavio-Bolsonaro-tem-empate-tecnico-no-1o.png","type":"image\/png"}],"author":"REDA\u00c7\u00c3O: UBIRAT\u00c3 ONLINE - F\u00c1BIO AUGUSTO CELESTINO","twitter_card":"summary_large_image","twitter_creator":"@x.com\/ubirataonline","twitter_site":"@ubirataonline","twitter_misc":{"Written by":"REDA\u00c7\u00c3O: UBIRAT\u00c3 ONLINE - F\u00c1BIO AUGUSTO CELESTINO","Est. reading time":"2 minutes"},"schema":{"@context":"https:\/\/schema.org","@graph":[{"@type":"NewsArticle","@id":"https:\/\/ubirataonline.com.br\/gerp-lula-e-flavio-bolsonaro-tem-empate-tecnico-no-1o-e-2o-turno\/#article","isPartOf":{"@id":"https:\/\/ubirataonline.com.br\/gerp-lula-e-flavio-bolsonaro-tem-empate-tecnico-no-1o-e-2o-turno\/"},"author":{"name":"REDA\u00c7\u00c3O: UBIRAT\u00c3 ONLINE - F\u00c1BIO AUGUSTO CELESTINO","@id":"https:\/\/ubirataonline.com.br\/#\/schema\/person\/372f87bbd3fdd79b8556b84c98d0bc1c"},"headline":"Gerp: Lula e Fl\u00e1vio Bolsonaro t\u00eam empate t\u00e9cnico no 1\u00ba e 2\u00ba turno","datePublished":"2026-03-27T18:39:43+00:00","dateModified":"2026-03-27T18:39:46+00:00","mainEntityOfPage":{"@id":"https:\/\/ubirataonline.com.br\/gerp-lula-e-flavio-bolsonaro-tem-empate-tecnico-no-1o-e-2o-turno\/"},"wordCount":467,"publisher":{"@id":"https:\/\/ubirataonline.com.br\/#organization"},"image":{"@id":"https:\/\/ubirataonline.com.br\/gerp-lula-e-flavio-bolsonaro-tem-empate-tecnico-no-1o-e-2o-turno\/#primaryimage"},"thumbnailUrl":"https:\/\/ubirataonline.com.br\/wp-content\/uploads\/2026\/03\/Gerp-Lula-e-Flavio-Bolsonaro-tem-empate-tecnico-no-1o.png","keywords":["1\u00ba","2\u00ba","Bolsonaro","empate","Fl\u00e1vio","Gerp","Lula","t\u00e9cnico","tem","turno"],"articleSection":["Brasil"],"inLanguage":"en-US","copyrightYear":"2026","copyrightHolder":{"@id":"https:\/\/ubirataonline.com.br\/en\/#organization"}},{"@type":"WebPage","@id":"https:\/\/ubirataonline.com.br\/gerp-lula-e-flavio-bolsonaro-tem-empate-tecnico-no-1o-e-2o-turno\/","url":"https:\/\/ubirataonline.com.br\/gerp-lula-e-flavio-bolsonaro-tem-empate-tecnico-no-1o-e-2o-turno\/","name":"Gerp: Lula e Fl\u00e1vio Bolsonaro t\u00eam empate t\u00e9cnico no 1\u00ba e 2\u00ba turno - Ubirat\u00e3 Online Not\u00edcias - A realidade ao seu alcance!","isPartOf":{"@id":"https:\/\/ubirataonline.com.br\/#website"},"primaryImageOfPage":{"@id":"https:\/\/ubirataonline.com.br\/gerp-lula-e-flavio-bolsonaro-tem-empate-tecnico-no-1o-e-2o-turno\/#primaryimage"},"image":{"@id":"https:\/\/ubirataonline.com.br\/gerp-lula-e-flavio-bolsonaro-tem-empate-tecnico-no-1o-e-2o-turno\/#primaryimage"},"thumbnailUrl":"https:\/\/ubirataonline.com.br\/wp-content\/uploads\/2026\/03\/Gerp-Lula-e-Flavio-Bolsonaro-tem-empate-tecnico-no-1o.png","datePublished":"2026-03-27T18:39:43+00:00","dateModified":"2026-03-27T18:39:46+00:00","description":"Levantamento divulgado nesta sexta-feira (27) mostra o presidente com 38% das inten\u00e7\u00f5es de voto, contra 36% do senador no 1\u00ba turno Reprodu\u00e7\u00e3o\/Flickr No","breadcrumb":{"@id":"https:\/\/ubirataonline.com.br\/gerp-lula-e-flavio-bolsonaro-tem-empate-tecnico-no-1o-e-2o-turno\/#breadcrumb"},"inLanguage":"en-US","potentialAction":[{"@type":"ReadAction","target":["https:\/\/ubirataonline.com.br\/gerp-lula-e-flavio-bolsonaro-tem-empate-tecnico-no-1o-e-2o-turno\/"]}]},{"@type":"ImageObject","inLanguage":"en-US","@id":"https:\/\/ubirataonline.com.br\/gerp-lula-e-flavio-bolsonaro-tem-empate-tecnico-no-1o-e-2o-turno\/#primaryimage","url":"https:\/\/ubirataonline.com.br\/wp-content\/uploads\/2026\/03\/Gerp-Lula-e-Flavio-Bolsonaro-tem-empate-tecnico-no-1o.png","contentUrl":"https:\/\/ubirataonline.com.br\/wp-content\/uploads\/2026\/03\/Gerp-Lula-e-Flavio-Bolsonaro-tem-empate-tecnico-no-1o.png","width":1000,"height":600,"caption":"Gerp: Lula e Fl\u00e1vio Bolsonaro t\u00eam empate t\u00e9cnico no 1\u00ba e 2\u00ba turno"},{"@type":"BreadcrumbList","@id":"https:\/\/ubirataonline.com.br\/gerp-lula-e-flavio-bolsonaro-tem-empate-tecnico-no-1o-e-2o-turno\/#breadcrumb","itemListElement":[{"@type":"ListItem","position":1,"name":"In\u00edcio","item":"https:\/\/ubirataonline.com.br\/"},{"@type":"ListItem","position":2,"name":"Gerp: Lula e Fl\u00e1vio Bolsonaro t\u00eam empate t\u00e9cnico no 1\u00ba e 2\u00ba turno"}]},{"@type":"WebSite","@id":"https:\/\/ubirataonline.com.br\/#website","url":"https:\/\/ubirataonline.com.br\/","name":"Ubirat\u00e3 Online Not\u00edcias","description":"Not\u00edcias de Ubirat\u00e3, regi\u00e3o, Brasil e mundo, com informa\u00e7\u00e3o atualizada e compromisso com o leitor.","publisher":{"@id":"https:\/\/ubirataonline.com.br\/#organization"},"alternateName":"Ubirat\u00e3 Online","potentialAction":[{"@type":"SearchAction","target":{"@type":"EntryPoint","urlTemplate":"https:\/\/ubirataonline.com.br\/?s={search_term_string}"},"query-input":{"@type":"PropertyValueSpecification","valueRequired":true,"valueName":"search_term_string"}}],"inLanguage":"en-US"},{"@type":["Organization","Place"],"@id":"https:\/\/ubirataonline.com.br\/#organization","name":"Ubirat\u00e3 Online Not\u00edcias","alternateName":"Ubirat\u00e3 Online","url":"https:\/\/ubirataonline.com.br\/","logo":{"@id":"https:\/\/ubirataonline.com.br\/gerp-lula-e-flavio-bolsonaro-tem-empate-tecnico-no-1o-e-2o-turno\/#local-main-organization-logo"},"image":{"@id":"https:\/\/ubirataonline.com.br\/gerp-lula-e-flavio-bolsonaro-tem-empate-tecnico-no-1o-e-2o-turno\/#local-main-organization-logo"},"sameAs":["https:\/\/www.facebook.com\/portalubirataonline","https:\/\/x.com\/ubirataonline","https:\/\/mastodon.social\/@ubirataonline","https:\/\/www.facebook.com\/groups\/311144672285604","https:\/\/www.facebook.com\/UBTAOnline","https:\/\/www.instagram.com\/portalubirataonline\/","https:\/\/twitter.com\/ubirataonline"],"description":"Somos um portal de not\u00edcias independente, criado em 5 de janeiro de 2009, com o objetivo de informar, conectar e valorizar a nossa comunidade de Ubirat\u00e3 e toda aregi\u00e3o. Com conte\u00fado atualizado, confi\u00e1vel e relevante, o Ubirat\u00e3 Online \u00e9 o seu espa\u00e7o para ficar por dentro dos principais acontecimentos locais, regionais, Brasil, Mundo e de interesse geral. Nosso compromisso \u00e9 com a verdade, a transpar\u00eancia e o respeito ao leitor.","legalName":"UBIRATA ONLINE NOT\u00cdCIAS","foundingDate":"2009-01-05","numberOfEmployees":{"@type":"QuantitativeValue","minValue":"1","maxValue":"10"},"publishingPrinciples":"https:\/\/ubirataonline.com.br\/faq\/","address":{"@id":"https:\/\/ubirataonline.com.br\/gerp-lula-e-flavio-bolsonaro-tem-empate-tecnico-no-1o-e-2o-turno\/#local-main-place-address"},"geo":{"@type":"GeoCoordinates","latitude":"-24.5361401","longitude":"-52.9921776"},"telephone":["+5544998308235"],"contactPoint":{"@type":"ContactPoint","email":"contato@ubirataonline.com.br"},"openingHoursSpecification":{"@type":"OpeningHoursSpecification","dayOfWeek":["Monday","Tuesday","Wednesday","Thursday","Friday","Saturday","Sunday"],"opens":"00:00","closes":"23:59"},"email":"contato@ubirataonline.com.br","vatID":"47.621.418\/0001-80"},{"@type":"Person","@id":"https:\/\/ubirataonline.com.br\/#\/schema\/person\/372f87bbd3fdd79b8556b84c98d0bc1c","name":"REDA\u00c7\u00c3O: UBIRAT\u00c3 ONLINE - F\u00c1BIO AUGUSTO CELESTINO","pronouns":"Ele","description":"Desde 2003 trabalhando com not\u00edcias.","sameAs":["http:\/\/ubirataoline.com.br","https:\/\/www.facebook.com\/portalubirataonline","https:\/\/www.instagram.com\/ubirataonline_oficial","https:\/\/x.com\/x.com\/ubirataonline"],"honorificPrefix":"Mr.","honorificSuffix":"MD","birthDate":"1980-06-16","gender":"masculino","award":["V\u00e1rios pr\u00eamios de melhor portal da cidade"],"jobTitle":"Diretor","url":"https:\/\/ubirataonline.com.br\/en\/author\/ubirataonline\/"},{"@type":"PostalAddress","@id":"https:\/\/ubirataonline.com.br\/gerp-lula-e-flavio-bolsonaro-tem-empate-tecnico-no-1o-e-2o-turno\/#local-main-place-address","streetAddress":"Rua dos Coqueiros, 104 - Bairro Boa Vista, Rua dos Coqueiros, 104 Bairro Boa Vista","addressLocality":"UBIRATA","postalCode":"85440-000","addressRegion":"PR","addressCountry":"BR"},{"@type":"ImageObject","inLanguage":"en-US","@id":"https:\/\/ubirataonline.com.br\/gerp-lula-e-flavio-bolsonaro-tem-empate-tecnico-no-1o-e-2o-turno\/#local-main-organization-logo","url":"https:\/\/ubirataonline.com.br\/wp-content\/uploads\/2026\/06\/logoubirataonline-1.webp","contentUrl":"https:\/\/ubirataonline.com.br\/wp-content\/uploads\/2026\/06\/logoubirataonline-1.webp","width":500,"height":500,"caption":"Ubirat\u00e3 Online Not\u00edcias"}]},"geo.placename":"UBIRATA","geo.position":{"lat":"-24.5361401","long":"-52.9921776"},"geo.region":"Brazil"},"_links":{"self":[{"href":"https:\/\/ubirataonline.com.br\/en\/wp-json\/wp\/v2\/posts\/97703","targetHints":{"allow":["GET"]}}],"collection":[{"href":"https:\/\/ubirataonline.com.br\/en\/wp-json\/wp\/v2\/posts"}],"about":[{"href":"https:\/\/ubirataonline.com.br\/en\/wp-json\/wp\/v2\/types\/post"}],"author":[{"embeddable":true,"href":"https:\/\/ubirataonline.com.br\/en\/wp-json\/wp\/v2\/users\/1"}],"replies":[{"embeddable":true,"href":"https:\/\/ubirataonline.com.br\/en\/wp-json\/wp\/v2\/comments?post=97703"}],"version-history":[{"count":0,"href":"https:\/\/ubirataonline.com.br\/en\/wp-json\/wp\/v2\/posts\/97703\/revisions"}],"wp:featuredmedia":[{"embeddable":true,"href":"https:\/\/ubirataonline.com.br\/en\/wp-json\/wp\/v2\/media\/97704"}],"wp:attachment":[{"href":"https:\/\/ubirataonline.com.br\/en\/wp-json\/wp\/v2\/media?parent=97703"}],"wp:term":[{"taxonomy":"category","embeddable":true,"href":"https:\/\/ubirataonline.com.br\/en\/wp-json\/wp\/v2\/categories?post=97703"},{"taxonomy":"post_tag","embeddable":true,"href":"https:\/\/ubirataonline.com.br\/en\/wp-json\/wp\/v2\/tags?post=97703"}],"curies":[{"name":"wp","href":"https:\/\/api.w.org\/{rel}","templated":true}]}}