{"id":97717,"date":"2026-03-27T17:41:30","date_gmt":"2026-03-27T20:41:30","guid":{"rendered":"https:\/\/ubirataonline.com.br\/flamengo-ve-varela-e-arrascaeta-treinarem-como-titulares-no-uruguai\/"},"modified":"2026-03-27T17:41:33","modified_gmt":"2026-03-27T20:41:33","slug":"flamengo-ve-varela-e-arrascaeta-treinarem-como-titulares-no-uruguai","status":"publish","type":"post","link":"https:\/\/ubirataonline.com.br\/en\/flamengo-ve-varela-e-arrascaeta-treinarem-como-titulares-no-uruguai\/","title":{"rendered":"Flamengo v\u00ea Varela e Arrascaeta treinarem como titulares no Uruguai"},"content":{"rendered":"<p><\/p>\n<div data-testid=\"article_body\" id=\"article-body-407675\">\n<p data-testid=\"paragraph\" class=\"mb-[20px] md:mb-[30px] break-word\">De acordo com informa\u00e7\u00f5es do jornalista Bruno Lemos, a dupla do <a href=\"https:\/\/www.antenadosnofutebol.com.br\/assunto\/flamengo\" target=\"_blank\" class=\"break-word font-articleLinkText text-articleLinkText hover:text-articleLinkTextHover hover:bg-articleLinkTextHoverBg cursor-pointer border-solid border-b-articleLinkTextHover\">Flamengo<\/a>, Varela e Arrascaeta,<strong> treinaram entre os titulares na Sele\u00e7\u00e3o Uruguaia.<\/strong> Ambos seguem valorizados dentro do grupo comandado pela comiss\u00e3o t\u00e9cnica da Celeste.<\/p>\n<p data-testid=\"paragraph\" class=\"mb-[20px] md:mb-[30px] break-word\">A tend\u00eancia, inclusive, \u00e9 de que ambos atletas <strong>iniciem a pr\u00f3xima partida da Data FIFA como titular.<\/strong> O cen\u00e1rio refor\u00e7a o bom momento vivido pelos jogadores mesmo fora do Clube.<\/p>\n<p data-testid=\"paragraph\" class=\"mb-[20px] md:mb-[30px] break-word\">Internamente, o reconhecimento na sele\u00e7\u00e3o \u00e9 visto como positivo para o Rubro-Negro. A presen\u00e7a constante entre os titulares aumenta a confian\u00e7a dos jogadores para a sequ\u00eancia da temporada.<\/p>\n<div id=\"youtube-embed-7x1H80925HM\" class=\"w-full bg-placeholderGray block relative mx-auto mb-[20px] md:mb-[30px] aspect-video\" data-testid=\"youtube-embed\"><noscript><iframe loading=\"lazy\" title=\"CABE\u00c7A NA COPA? MAURO CEZAR EXIGE RESPOSTAS DE ARRASCAETA E DA DIRETORIA\" width=\"1366\" height=\"768\" src=\"https:\/\/www.youtube.com\/embed\/7x1H80925HM?feature=oembed\" frameborder=\"0\" allow=\"accelerometer; autoplay; clipboard-write; encrypted-media; gyroscope; picture-in-picture; web-share\" referrerpolicy=\"strict-origin-when-cross-origin\" allowfullscreen><\/iframe><\/noscript><\/div>\n<h2 class=\"mb-[20px] md:mb-[30px] break-word text-articleHeading2Mobile md:text-articleHeading2\">Flamengo acompanha desempenho dos atletas na Data FIFA<\/h2>\n<p data-testid=\"paragraph\" class=\"mb-[20px] md:mb-[30px] break-word\">A comiss\u00e3o t\u00e9cnica do time carioca monitora o desempenho de seus jogadores durante a Data FIFA. <strong>A ideia \u00e9 entender o impacto f\u00edsico e t\u00e9cnico no retorno ao clube<\/strong> para a sequ\u00eancia do Brasileir\u00e3o. <\/p>\n<p data-testid=\"paragraph\" class=\"mb-[20px] md:mb-[30px] break-word\">Enquanto isso, a equipe segue sua prepara\u00e7\u00e3o para os pr\u00f3ximos compromissos. A expectativa \u00e9 contar com todo os jogadores que foram convocados ap\u00f3s o per\u00edodo servindo suas respectivas sele\u00e7\u00f5es. <\/p>\n<div data-testid=\"valid-poll\" class=\"w-full relative overflow-hidden bg-articlePoll text-articlePollText mb-[20px] md:mb-[30px] p-5 md:pt-[35px] md:px-[35px] md:pb-[30px]\">\n<div class=\"relative z-10\">\n<div class=\"flex align-center relative border-b-2 border-solid border-[#efefef33] mb-[11px] md:mb-[30px]\"><span class=\"w-[90px] md:w-[110px] h-[2px] absolute -bottom-[2px] left-0 bg-articlePollTextBottomLine\"\/><\/p>\n<p class=\"w-full mb-[5px] md:mb-[11px] text-articlePollEmbedTitleMobile md:text-articlePollEmbedTitle font-secondary\"><span class=\"mr-2\"\/><span class=\"hidden md:block md:float-right tracking-normal text-articlePollText text-articlePollEmbedTitleMobile md:text-articlePollEmbedTitle\">Varela e Arrascaeta merecem ser titulares no Uruguai? <\/span><\/p>\n<\/div>\n<p class=\"block md:hidden font-bold mb-[9px] text-articlePollText text-articlePollEmbedTitleMobile md:text-articlePollEmbedTitle font-secondary tracking-normal\">Varela e Arrascaeta merecem ser titulares no Uruguai? <\/p>\n<\/div>\n<\/div>\n<p data-testid=\"paragraph\" class=\"mb-[20px] md:mb-[30px] break-word\">Agora, o Flamengo vira a chave e se prepara para encarar o RB Bragantino na pr\u00f3xima rodada do Campeonato Brasileiro. A partida est\u00e1 marcada para o dia\u00a0<strong>2 de abril, uma quinta-feira, \u00e0s 21h30, no Est\u00e1dio C\u00edcero de Souza Marques.<\/strong><\/p>\n<h2 class=\"mb-[20px] md:mb-[30px] break-word text-articleHeading2Mobile md:text-articleHeading2\">Opini\u00e3o do Antenados no Futebol sobre Varela e Arrascaeta<\/h2>\n<div data-testid=\"image-embed\" class=\"max-w-[550px] block relative mx-auto mb-[20px] md:mb-[30px]\">\n<p class=\"text-center mt-5 text-[14px] leading-[20px] font-normal\">Varela ser\u00e1 titular no Uruguai \u2013 Foto: Maxi Franzoi\/AGIF.<\/p>\n<\/div>\n<p data-testid=\"paragraph\" class=\"mb-[20px] md:mb-[30px] break-word\">Varela e Arrascaeta s\u00e3o importantes no elenco flamenguista e o prest\u00edgio na Sele\u00e7\u00e3o Uruguaia refor\u00e7a esse status, a manuten\u00e7\u00e3o entre os titulares indica o bom desempenho. Para o Clube, ter jogadores valorizados internacionalmente \u00e9 um indicativo positivo para a temporada.<\/p>\n<\/div>\n<p><a href=\"https:\/\/www.antenadosnofutebol.com.br\/times\/flamengo-ve-varela-e-arrascaeta-em-alta-na-selecao-uruguaia-dupla-treinou-entre-os-titulares\">Fonte do Artigo <\/a><\/p>\n","protected":false},"excerpt":{"rendered":"<p>De acordo com informa\u00e7\u00f5es do jornalista Bruno Lemos, a dupla do Flamengo, Varela e Arrascaeta, treinaram entre os titulares na Sele\u00e7\u00e3o Uruguaia. Ambos seguem valorizados dentro do grupo comandado pela comiss\u00e3o t\u00e9cnica da Celeste. A tend\u00eancia, inclusive, \u00e9 de que ambos atletas iniciem a pr\u00f3xima partida da Data FIFA como titular. O cen\u00e1rio refor\u00e7a o [&hellip;]<\/p>\n","protected":false},"author":1,"featured_media":97718,"comment_status":"closed","ping_status":"","sticky":false,"template":"","format":"standard","meta":{"googlesitekit_rrm_CAow2JLhCw:productID":"","_gspb_post_css":"","maa_idioma":"","maa_pais":"","footnotes":""},"categories":[4],"tags":[3661,3564,2688,6781,24111,24112,24110,7064],"class_list":["post-97717","post","type-post","status-publish","format-standard","has-post-thumbnail","hentry","category-brasil","tag-arrascaeta","tag-como","tag-flamengo","tag-titulares","tag-treinarem","tag-uruguai","tag-varela","tag-ve"],"blocksy_meta":[],"yoast_head":"<!-- This site is optimized with the Yoast SEO Premium plugin v27.6 (Yoast SEO v27.6) - https:\/\/yoast.com\/product\/yoast-seo-premium-wordpress\/ -->\n<title>Flamengo v\u00ea Varela e Arrascaeta treinarem como titulares no Uruguai - Ubirat\u00e3 Online Not\u00edcias - A realidade ao seu alcance!<\/title>\n<meta name=\"description\" content=\"De acordo com informa\u00e7\u00f5es do jornalista Bruno Lemos, a dupla do Flamengo, Varela e Arrascaeta, treinaram entre os titulares na Sele\u00e7\u00e3o Uruguaia. Ambos\" \/>\n<meta name=\"robots\" content=\"index, follow, max-snippet:-1, max-image-preview:large, max-video-preview:-1\" \/>\n<link rel=\"canonical\" href=\"https:\/\/ubirataonline.com.br\/en\/flamengo-ve-varela-e-arrascaeta-treinarem-como-titulares-no-uruguai\/\" \/>\n<meta property=\"og:locale\" content=\"en_US\" \/>\n<meta property=\"og:type\" content=\"article\" \/>\n<meta property=\"og:title\" content=\"Flamengo v\u00ea Varela e Arrascaeta treinarem como titulares no Uruguai\" \/>\n<meta property=\"og:description\" content=\"De acordo com informa\u00e7\u00f5es do jornalista Bruno Lemos, a dupla do Flamengo, Varela e Arrascaeta, treinaram entre os titulares na Sele\u00e7\u00e3o Uruguaia. Ambos\" \/>\n<meta property=\"og:url\" content=\"https:\/\/ubirataonline.com.br\/en\/flamengo-ve-varela-e-arrascaeta-treinarem-como-titulares-no-uruguai\/\" \/>\n<meta property=\"og:site_name\" content=\"Ubirat\u00e3 Online Not\u00edcias - A realidade ao seu alcance!\" \/>\n<meta property=\"article:publisher\" content=\"https:\/\/www.facebook.com\/portalubirataonline\" \/>\n<meta property=\"article:author\" content=\"https:\/\/www.facebook.com\/portalubirataonline\" \/>\n<meta property=\"article:published_time\" content=\"2026-03-27T20:41:30+00:00\" \/>\n<meta property=\"article:modified_time\" content=\"2026-03-27T20:41:33+00:00\" \/>\n<meta property=\"og:image\" content=\"https:\/\/ubirataonline.com.br\/wp-content\/uploads\/2026\/03\/Flamengo-ve-Varela-e-Arrascaeta-treinarem-como-titulares-no-Uruguai.webp.webp\" \/>\n\t<meta property=\"og:image:width\" content=\"1200\" \/>\n\t<meta property=\"og:image:height\" content=\"740\" \/>\n\t<meta property=\"og:image:type\" content=\"image\/webp\" \/>\n<meta name=\"author\" content=\"REDA\u00c7\u00c3O: UBIRAT\u00c3 ONLINE - F\u00c1BIO AUGUSTO CELESTINO\" \/>\n<meta name=\"twitter:card\" content=\"summary_large_image\" \/>\n<meta name=\"twitter:creator\" content=\"@x.com\/ubirataonline\" \/>\n<meta name=\"twitter:site\" content=\"@ubirataonline\" \/>\n<meta name=\"twitter:label1\" content=\"Written by\" \/>\n\t<meta name=\"twitter:data1\" content=\"REDA\u00c7\u00c3O: UBIRAT\u00c3 ONLINE - F\u00c1BIO AUGUSTO CELESTINO\" \/>\n\t<meta name=\"twitter:label2\" content=\"Est. reading time\" \/>\n\t<meta name=\"twitter:data2\" content=\"2 minutes\" \/>\n<script type=\"application\/ld+json\" class=\"yoast-schema-graph\">{\"@context\":\"https:\\\/\\\/schema.org\",\"@graph\":[{\"@type\":\"NewsArticle\",\"@id\":\"https:\\\/\\\/ubirataonline.com.br\\\/flamengo-ve-varela-e-arrascaeta-treinarem-como-titulares-no-uruguai\\\/#article\",\"isPartOf\":{\"@id\":\"https:\\\/\\\/ubirataonline.com.br\\\/flamengo-ve-varela-e-arrascaeta-treinarem-como-titulares-no-uruguai\\\/\"},\"author\":{\"name\":\"REDA\u00c7\u00c3O: UBIRAT\u00c3 ONLINE - F\u00c1BIO AUGUSTO CELESTINO\",\"@id\":\"https:\\\/\\\/ubirataonline.com.br\\\/#\\\/schema\\\/person\\\/372f87bbd3fdd79b8556b84c98d0bc1c\"},\"headline\":\"Flamengo v\u00ea Varela e Arrascaeta treinarem como titulares no Uruguai\",\"datePublished\":\"2026-03-27T20:41:30+00:00\",\"dateModified\":\"2026-03-27T20:41:33+00:00\",\"mainEntityOfPage\":{\"@id\":\"https:\\\/\\\/ubirataonline.com.br\\\/flamengo-ve-varela-e-arrascaeta-treinarem-como-titulares-no-uruguai\\\/\"},\"wordCount\":327,\"publisher\":{\"@id\":\"https:\\\/\\\/ubirataonline.com.br\\\/#organization\"},\"image\":{\"@id\":\"https:\\\/\\\/ubirataonline.com.br\\\/flamengo-ve-varela-e-arrascaeta-treinarem-como-titulares-no-uruguai\\\/#primaryimage\"},\"thumbnailUrl\":\"https:\\\/\\\/ubirataonline.com.br\\\/wp-content\\\/uploads\\\/2026\\\/03\\\/Flamengo-ve-Varela-e-Arrascaeta-treinarem-como-titulares-no-Uruguai.webp.webp\",\"keywords\":[\"Arrascaeta\",\"como\",\"Flamengo\",\"titulares\",\"treinarem\",\"Uruguai\",\"Varela\",\"v\u00ea\"],\"articleSection\":[\"Brasil\"],\"inLanguage\":\"en-US\",\"copyrightYear\":\"2026\",\"copyrightHolder\":{\"@id\":\"https:\\\/\\\/ubirataonline.com.br\\\/en\\\/#organization\"}},{\"@type\":\"WebPage\",\"@id\":\"https:\\\/\\\/ubirataonline.com.br\\\/flamengo-ve-varela-e-arrascaeta-treinarem-como-titulares-no-uruguai\\\/\",\"url\":\"https:\\\/\\\/ubirataonline.com.br\\\/flamengo-ve-varela-e-arrascaeta-treinarem-como-titulares-no-uruguai\\\/\",\"name\":\"Flamengo v\u00ea Varela e Arrascaeta treinarem como titulares no Uruguai - Ubirat\u00e3 Online Not\u00edcias - A realidade ao seu alcance!\",\"isPartOf\":{\"@id\":\"https:\\\/\\\/ubirataonline.com.br\\\/#website\"},\"primaryImageOfPage\":{\"@id\":\"https:\\\/\\\/ubirataonline.com.br\\\/flamengo-ve-varela-e-arrascaeta-treinarem-como-titulares-no-uruguai\\\/#primaryimage\"},\"image\":{\"@id\":\"https:\\\/\\\/ubirataonline.com.br\\\/flamengo-ve-varela-e-arrascaeta-treinarem-como-titulares-no-uruguai\\\/#primaryimage\"},\"thumbnailUrl\":\"https:\\\/\\\/ubirataonline.com.br\\\/wp-content\\\/uploads\\\/2026\\\/03\\\/Flamengo-ve-Varela-e-Arrascaeta-treinarem-como-titulares-no-Uruguai.webp.webp\",\"datePublished\":\"2026-03-27T20:41:30+00:00\",\"dateModified\":\"2026-03-27T20:41:33+00:00\",\"description\":\"De acordo com informa\u00e7\u00f5es do jornalista Bruno Lemos, a dupla do Flamengo, Varela e Arrascaeta, treinaram entre os titulares na Sele\u00e7\u00e3o Uruguaia. Ambos\",\"breadcrumb\":{\"@id\":\"https:\\\/\\\/ubirataonline.com.br\\\/flamengo-ve-varela-e-arrascaeta-treinarem-como-titulares-no-uruguai\\\/#breadcrumb\"},\"inLanguage\":\"en-US\",\"potentialAction\":[{\"@type\":\"ReadAction\",\"target\":[\"https:\\\/\\\/ubirataonline.com.br\\\/flamengo-ve-varela-e-arrascaeta-treinarem-como-titulares-no-uruguai\\\/\"]}]},{\"@type\":\"ImageObject\",\"inLanguage\":\"en-US\",\"@id\":\"https:\\\/\\\/ubirataonline.com.br\\\/flamengo-ve-varela-e-arrascaeta-treinarem-como-titulares-no-uruguai\\\/#primaryimage\",\"url\":\"https:\\\/\\\/ubirataonline.com.br\\\/wp-content\\\/uploads\\\/2026\\\/03\\\/Flamengo-ve-Varela-e-Arrascaeta-treinarem-como-titulares-no-Uruguai.webp.webp\",\"contentUrl\":\"https:\\\/\\\/ubirataonline.com.br\\\/wp-content\\\/uploads\\\/2026\\\/03\\\/Flamengo-ve-Varela-e-Arrascaeta-treinarem-como-titulares-no-Uruguai.webp.webp\",\"width\":1200,\"height\":740,\"caption\":\"\u00a9 Thiago Ribeiro\\\/AGIFArrascaeta segue sendo destaque no Flamengo.\"},{\"@type\":\"BreadcrumbList\",\"@id\":\"https:\\\/\\\/ubirataonline.com.br\\\/flamengo-ve-varela-e-arrascaeta-treinarem-como-titulares-no-uruguai\\\/#breadcrumb\",\"itemListElement\":[{\"@type\":\"ListItem\",\"position\":1,\"name\":\"In\u00edcio\",\"item\":\"https:\\\/\\\/ubirataonline.com.br\\\/\"},{\"@type\":\"ListItem\",\"position\":2,\"name\":\"Flamengo v\u00ea Varela e Arrascaeta treinarem como titulares no Uruguai\"}]},{\"@type\":\"WebSite\",\"@id\":\"https:\\\/\\\/ubirataonline.com.br\\\/#website\",\"url\":\"https:\\\/\\\/ubirataonline.com.br\\\/\",\"name\":\"Ubirat\u00e3 Online Not\u00edcias\",\"description\":\"Not\u00edcias de Ubirat\u00e3, regi\u00e3o, Brasil e mundo, com informa\u00e7\u00e3o atualizada e compromisso com o leitor.\",\"publisher\":{\"@id\":\"https:\\\/\\\/ubirataonline.com.br\\\/#organization\"},\"alternateName\":\"Ubirat\u00e3 Online\",\"potentialAction\":[{\"@type\":\"SearchAction\",\"target\":{\"@type\":\"EntryPoint\",\"urlTemplate\":\"https:\\\/\\\/ubirataonline.com.br\\\/?s={search_term_string}\"},\"query-input\":{\"@type\":\"PropertyValueSpecification\",\"valueRequired\":true,\"valueName\":\"search_term_string\"}}],\"inLanguage\":\"en-US\"},{\"@type\":[\"Organization\",\"Place\"],\"@id\":\"https:\\\/\\\/ubirataonline.com.br\\\/#organization\",\"name\":\"Ubirat\u00e3 Online Not\u00edcias\",\"alternateName\":\"Ubirat\u00e3 Online\",\"url\":\"https:\\\/\\\/ubirataonline.com.br\\\/\",\"logo\":{\"@id\":\"https:\\\/\\\/ubirataonline.com.br\\\/flamengo-ve-varela-e-arrascaeta-treinarem-como-titulares-no-uruguai\\\/#local-main-organization-logo\"},\"image\":{\"@id\":\"https:\\\/\\\/ubirataonline.com.br\\\/flamengo-ve-varela-e-arrascaeta-treinarem-como-titulares-no-uruguai\\\/#local-main-organization-logo\"},\"sameAs\":[\"https:\\\/\\\/www.facebook.com\\\/portalubirataonline\",\"https:\\\/\\\/x.com\\\/ubirataonline\",\"https:\\\/\\\/mastodon.social\\\/@ubirataonline\",\"https:\\\/\\\/www.facebook.com\\\/groups\\\/311144672285604\",\"https:\\\/\\\/www.facebook.com\\\/UBTAOnline\",\"https:\\\/\\\/www.instagram.com\\\/portalubirataonline\\\/\",\"https:\\\/\\\/twitter.com\\\/ubirataonline\"],\"description\":\"Somos um portal de not\u00edcias independente, criado em 5 de janeiro de 2009, com o objetivo de informar, conectar e valorizar a nossa comunidade de Ubirat\u00e3 e toda aregi\u00e3o. Com conte\u00fado atualizado, confi\u00e1vel e relevante, o Ubirat\u00e3 Online \u00e9 o seu espa\u00e7o para ficar por dentro dos principais acontecimentos locais, regionais, Brasil, Mundo e de interesse geral. Nosso compromisso \u00e9 com a verdade, a transpar\u00eancia e o respeito ao leitor.\",\"legalName\":\"UBIRATA ONLINE NOT\u00cdCIAS\",\"foundingDate\":\"2009-01-05\",\"numberOfEmployees\":{\"@type\":\"QuantitativeValue\",\"minValue\":\"1\",\"maxValue\":\"10\"},\"publishingPrinciples\":\"https:\\\/\\\/ubirataonline.com.br\\\/faq\\\/\",\"address\":{\"@id\":\"https:\\\/\\\/ubirataonline.com.br\\\/flamengo-ve-varela-e-arrascaeta-treinarem-como-titulares-no-uruguai\\\/#local-main-place-address\"},\"geo\":{\"@type\":\"GeoCoordinates\",\"latitude\":\"-24.5361401\",\"longitude\":\"-52.9921776\"},\"telephone\":[\"+5544998308235\"],\"contactPoint\":{\"@type\":\"ContactPoint\",\"email\":\"contato@ubirataonline.com.br\"},\"openingHoursSpecification\":{\"@type\":\"OpeningHoursSpecification\",\"dayOfWeek\":[\"Monday\",\"Tuesday\",\"Wednesday\",\"Thursday\",\"Friday\",\"Saturday\",\"Sunday\"],\"opens\":\"00:00\",\"closes\":\"23:59\"},\"email\":\"contato@ubirataonline.com.br\",\"vatID\":\"47.621.418\\\/0001-80\"},{\"@type\":\"Person\",\"@id\":\"https:\\\/\\\/ubirataonline.com.br\\\/#\\\/schema\\\/person\\\/372f87bbd3fdd79b8556b84c98d0bc1c\",\"name\":\"REDA\u00c7\u00c3O: UBIRAT\u00c3 ONLINE - F\u00c1BIO AUGUSTO CELESTINO\",\"pronouns\":\"Ele\",\"description\":\"Desde 2003 trabalhando com not\u00edcias.\",\"sameAs\":[\"http:\\\/\\\/ubirataoline.com.br\",\"https:\\\/\\\/www.facebook.com\\\/portalubirataonline\",\"https:\\\/\\\/www.instagram.com\\\/ubirataonline_oficial\",\"https:\\\/\\\/x.com\\\/x.com\\\/ubirataonline\"],\"honorificPrefix\":\"Mr.\",\"honorificSuffix\":\"MD\",\"birthDate\":\"1980-06-16\",\"gender\":\"masculino\",\"award\":[\"V\u00e1rios pr\u00eamios de melhor portal da cidade\"],\"jobTitle\":\"Diretor\",\"url\":\"https:\\\/\\\/ubirataonline.com.br\\\/en\\\/author\\\/ubirataonline\\\/\"},{\"@type\":\"PostalAddress\",\"@id\":\"https:\\\/\\\/ubirataonline.com.br\\\/flamengo-ve-varela-e-arrascaeta-treinarem-como-titulares-no-uruguai\\\/#local-main-place-address\",\"streetAddress\":\"Rua dos Coqueiros, 104 - Bairro Boa Vista, Rua dos Coqueiros, 104 Bairro Boa Vista\",\"addressLocality\":\"UBIRATA\",\"postalCode\":\"85440-000\",\"addressRegion\":\"PR\",\"addressCountry\":\"BR\"},{\"@type\":\"ImageObject\",\"inLanguage\":\"en-US\",\"@id\":\"https:\\\/\\\/ubirataonline.com.br\\\/flamengo-ve-varela-e-arrascaeta-treinarem-como-titulares-no-uruguai\\\/#local-main-organization-logo\",\"url\":\"https:\\\/\\\/ubirataonline.com.br\\\/wp-content\\\/uploads\\\/2026\\\/06\\\/logoubirataonline-1.webp\",\"contentUrl\":\"https:\\\/\\\/ubirataonline.com.br\\\/wp-content\\\/uploads\\\/2026\\\/06\\\/logoubirataonline-1.webp\",\"width\":500,\"height\":500,\"caption\":\"Ubirat\u00e3 Online Not\u00edcias\"}]}<\/script>\n<meta name=\"geo.placename\" content=\"UBIRATA\" \/>\n<meta name=\"geo.position\" content=\"-24.5361401;-52.9921776\" \/>\n<meta name=\"geo.region\" content=\"Brazil\" \/>\n<!-- \/ Yoast SEO Premium plugin. -->","yoast_head_json":{"title":"Flamengo v\u00ea Varela e Arrascaeta treinarem como titulares no Uruguai - Ubirat\u00e3 Online Not\u00edcias - A realidade ao seu alcance!","description":"De acordo com informa\u00e7\u00f5es do jornalista Bruno Lemos, a dupla do Flamengo, Varela e Arrascaeta, treinaram entre os titulares na Sele\u00e7\u00e3o Uruguaia. Ambos","robots":{"index":"index","follow":"follow","max-snippet":"max-snippet:-1","max-image-preview":"max-image-preview:large","max-video-preview":"max-video-preview:-1"},"canonical":"https:\/\/ubirataonline.com.br\/en\/flamengo-ve-varela-e-arrascaeta-treinarem-como-titulares-no-uruguai\/","og_locale":"en_US","og_type":"article","og_title":"Flamengo v\u00ea Varela e Arrascaeta treinarem como titulares no Uruguai","og_description":"De acordo com informa\u00e7\u00f5es do jornalista Bruno Lemos, a dupla do Flamengo, Varela e Arrascaeta, treinaram entre os titulares na Sele\u00e7\u00e3o Uruguaia. Ambos","og_url":"https:\/\/ubirataonline.com.br\/en\/flamengo-ve-varela-e-arrascaeta-treinarem-como-titulares-no-uruguai\/","og_site_name":"Ubirat\u00e3 Online Not\u00edcias - A realidade ao seu alcance!","article_publisher":"https:\/\/www.facebook.com\/portalubirataonline","article_author":"https:\/\/www.facebook.com\/portalubirataonline","article_published_time":"2026-03-27T20:41:30+00:00","article_modified_time":"2026-03-27T20:41:33+00:00","og_image":[{"width":1200,"height":740,"url":"https:\/\/ubirataonline.com.br\/wp-content\/uploads\/2026\/03\/Flamengo-ve-Varela-e-Arrascaeta-treinarem-como-titulares-no-Uruguai.webp.webp","type":"image\/webp"}],"author":"REDA\u00c7\u00c3O: UBIRAT\u00c3 ONLINE - F\u00c1BIO AUGUSTO CELESTINO","twitter_card":"summary_large_image","twitter_creator":"@x.com\/ubirataonline","twitter_site":"@ubirataonline","twitter_misc":{"Written by":"REDA\u00c7\u00c3O: UBIRAT\u00c3 ONLINE - F\u00c1BIO AUGUSTO CELESTINO","Est. reading time":"2 minutes"},"schema":{"@context":"https:\/\/schema.org","@graph":[{"@type":"NewsArticle","@id":"https:\/\/ubirataonline.com.br\/flamengo-ve-varela-e-arrascaeta-treinarem-como-titulares-no-uruguai\/#article","isPartOf":{"@id":"https:\/\/ubirataonline.com.br\/flamengo-ve-varela-e-arrascaeta-treinarem-como-titulares-no-uruguai\/"},"author":{"name":"REDA\u00c7\u00c3O: UBIRAT\u00c3 ONLINE - F\u00c1BIO AUGUSTO CELESTINO","@id":"https:\/\/ubirataonline.com.br\/#\/schema\/person\/372f87bbd3fdd79b8556b84c98d0bc1c"},"headline":"Flamengo v\u00ea Varela e Arrascaeta treinarem como titulares no Uruguai","datePublished":"2026-03-27T20:41:30+00:00","dateModified":"2026-03-27T20:41:33+00:00","mainEntityOfPage":{"@id":"https:\/\/ubirataonline.com.br\/flamengo-ve-varela-e-arrascaeta-treinarem-como-titulares-no-uruguai\/"},"wordCount":327,"publisher":{"@id":"https:\/\/ubirataonline.com.br\/#organization"},"image":{"@id":"https:\/\/ubirataonline.com.br\/flamengo-ve-varela-e-arrascaeta-treinarem-como-titulares-no-uruguai\/#primaryimage"},"thumbnailUrl":"https:\/\/ubirataonline.com.br\/wp-content\/uploads\/2026\/03\/Flamengo-ve-Varela-e-Arrascaeta-treinarem-como-titulares-no-Uruguai.webp.webp","keywords":["Arrascaeta","como","Flamengo","titulares","treinarem","Uruguai","Varela","v\u00ea"],"articleSection":["Brasil"],"inLanguage":"en-US","copyrightYear":"2026","copyrightHolder":{"@id":"https:\/\/ubirataonline.com.br\/en\/#organization"}},{"@type":"WebPage","@id":"https:\/\/ubirataonline.com.br\/flamengo-ve-varela-e-arrascaeta-treinarem-como-titulares-no-uruguai\/","url":"https:\/\/ubirataonline.com.br\/flamengo-ve-varela-e-arrascaeta-treinarem-como-titulares-no-uruguai\/","name":"Flamengo v\u00ea Varela e Arrascaeta treinarem como titulares no Uruguai - Ubirat\u00e3 Online Not\u00edcias - A realidade ao seu alcance!","isPartOf":{"@id":"https:\/\/ubirataonline.com.br\/#website"},"primaryImageOfPage":{"@id":"https:\/\/ubirataonline.com.br\/flamengo-ve-varela-e-arrascaeta-treinarem-como-titulares-no-uruguai\/#primaryimage"},"image":{"@id":"https:\/\/ubirataonline.com.br\/flamengo-ve-varela-e-arrascaeta-treinarem-como-titulares-no-uruguai\/#primaryimage"},"thumbnailUrl":"https:\/\/ubirataonline.com.br\/wp-content\/uploads\/2026\/03\/Flamengo-ve-Varela-e-Arrascaeta-treinarem-como-titulares-no-Uruguai.webp.webp","datePublished":"2026-03-27T20:41:30+00:00","dateModified":"2026-03-27T20:41:33+00:00","description":"De acordo com informa\u00e7\u00f5es do jornalista Bruno Lemos, a dupla do Flamengo, Varela e Arrascaeta, treinaram entre os titulares na Sele\u00e7\u00e3o Uruguaia. Ambos","breadcrumb":{"@id":"https:\/\/ubirataonline.com.br\/flamengo-ve-varela-e-arrascaeta-treinarem-como-titulares-no-uruguai\/#breadcrumb"},"inLanguage":"en-US","potentialAction":[{"@type":"ReadAction","target":["https:\/\/ubirataonline.com.br\/flamengo-ve-varela-e-arrascaeta-treinarem-como-titulares-no-uruguai\/"]}]},{"@type":"ImageObject","inLanguage":"en-US","@id":"https:\/\/ubirataonline.com.br\/flamengo-ve-varela-e-arrascaeta-treinarem-como-titulares-no-uruguai\/#primaryimage","url":"https:\/\/ubirataonline.com.br\/wp-content\/uploads\/2026\/03\/Flamengo-ve-Varela-e-Arrascaeta-treinarem-como-titulares-no-Uruguai.webp.webp","contentUrl":"https:\/\/ubirataonline.com.br\/wp-content\/uploads\/2026\/03\/Flamengo-ve-Varela-e-Arrascaeta-treinarem-como-titulares-no-Uruguai.webp.webp","width":1200,"height":740,"caption":"\u00a9 Thiago Ribeiro\/AGIFArrascaeta segue sendo destaque no Flamengo."},{"@type":"BreadcrumbList","@id":"https:\/\/ubirataonline.com.br\/flamengo-ve-varela-e-arrascaeta-treinarem-como-titulares-no-uruguai\/#breadcrumb","itemListElement":[{"@type":"ListItem","position":1,"name":"In\u00edcio","item":"https:\/\/ubirataonline.com.br\/"},{"@type":"ListItem","position":2,"name":"Flamengo v\u00ea Varela e Arrascaeta treinarem como titulares no Uruguai"}]},{"@type":"WebSite","@id":"https:\/\/ubirataonline.com.br\/#website","url":"https:\/\/ubirataonline.com.br\/","name":"Ubirat\u00e3 Online Not\u00edcias","description":"Not\u00edcias de Ubirat\u00e3, regi\u00e3o, Brasil e mundo, com informa\u00e7\u00e3o atualizada e compromisso com o leitor.","publisher":{"@id":"https:\/\/ubirataonline.com.br\/#organization"},"alternateName":"Ubirat\u00e3 Online","potentialAction":[{"@type":"SearchAction","target":{"@type":"EntryPoint","urlTemplate":"https:\/\/ubirataonline.com.br\/?s={search_term_string}"},"query-input":{"@type":"PropertyValueSpecification","valueRequired":true,"valueName":"search_term_string"}}],"inLanguage":"en-US"},{"@type":["Organization","Place"],"@id":"https:\/\/ubirataonline.com.br\/#organization","name":"Ubirat\u00e3 Online Not\u00edcias","alternateName":"Ubirat\u00e3 Online","url":"https:\/\/ubirataonline.com.br\/","logo":{"@id":"https:\/\/ubirataonline.com.br\/flamengo-ve-varela-e-arrascaeta-treinarem-como-titulares-no-uruguai\/#local-main-organization-logo"},"image":{"@id":"https:\/\/ubirataonline.com.br\/flamengo-ve-varela-e-arrascaeta-treinarem-como-titulares-no-uruguai\/#local-main-organization-logo"},"sameAs":["https:\/\/www.facebook.com\/portalubirataonline","https:\/\/x.com\/ubirataonline","https:\/\/mastodon.social\/@ubirataonline","https:\/\/www.facebook.com\/groups\/311144672285604","https:\/\/www.facebook.com\/UBTAOnline","https:\/\/www.instagram.com\/portalubirataonline\/","https:\/\/twitter.com\/ubirataonline"],"description":"Somos um portal de not\u00edcias independente, criado em 5 de janeiro de 2009, com o objetivo de informar, conectar e valorizar a nossa comunidade de Ubirat\u00e3 e toda aregi\u00e3o. Com conte\u00fado atualizado, confi\u00e1vel e relevante, o Ubirat\u00e3 Online \u00e9 o seu espa\u00e7o para ficar por dentro dos principais acontecimentos locais, regionais, Brasil, Mundo e de interesse geral. Nosso compromisso \u00e9 com a verdade, a transpar\u00eancia e o respeito ao leitor.","legalName":"UBIRATA ONLINE NOT\u00cdCIAS","foundingDate":"2009-01-05","numberOfEmployees":{"@type":"QuantitativeValue","minValue":"1","maxValue":"10"},"publishingPrinciples":"https:\/\/ubirataonline.com.br\/faq\/","address":{"@id":"https:\/\/ubirataonline.com.br\/flamengo-ve-varela-e-arrascaeta-treinarem-como-titulares-no-uruguai\/#local-main-place-address"},"geo":{"@type":"GeoCoordinates","latitude":"-24.5361401","longitude":"-52.9921776"},"telephone":["+5544998308235"],"contactPoint":{"@type":"ContactPoint","email":"contato@ubirataonline.com.br"},"openingHoursSpecification":{"@type":"OpeningHoursSpecification","dayOfWeek":["Monday","Tuesday","Wednesday","Thursday","Friday","Saturday","Sunday"],"opens":"00:00","closes":"23:59"},"email":"contato@ubirataonline.com.br","vatID":"47.621.418\/0001-80"},{"@type":"Person","@id":"https:\/\/ubirataonline.com.br\/#\/schema\/person\/372f87bbd3fdd79b8556b84c98d0bc1c","name":"REDA\u00c7\u00c3O: UBIRAT\u00c3 ONLINE - F\u00c1BIO AUGUSTO CELESTINO","pronouns":"Ele","description":"Desde 2003 trabalhando com not\u00edcias.","sameAs":["http:\/\/ubirataoline.com.br","https:\/\/www.facebook.com\/portalubirataonline","https:\/\/www.instagram.com\/ubirataonline_oficial","https:\/\/x.com\/x.com\/ubirataonline"],"honorificPrefix":"Mr.","honorificSuffix":"MD","birthDate":"1980-06-16","gender":"masculino","award":["V\u00e1rios pr\u00eamios de melhor portal da cidade"],"jobTitle":"Diretor","url":"https:\/\/ubirataonline.com.br\/en\/author\/ubirataonline\/"},{"@type":"PostalAddress","@id":"https:\/\/ubirataonline.com.br\/flamengo-ve-varela-e-arrascaeta-treinarem-como-titulares-no-uruguai\/#local-main-place-address","streetAddress":"Rua dos Coqueiros, 104 - Bairro Boa Vista, Rua dos Coqueiros, 104 Bairro Boa Vista","addressLocality":"UBIRATA","postalCode":"85440-000","addressRegion":"PR","addressCountry":"BR"},{"@type":"ImageObject","inLanguage":"en-US","@id":"https:\/\/ubirataonline.com.br\/flamengo-ve-varela-e-arrascaeta-treinarem-como-titulares-no-uruguai\/#local-main-organization-logo","url":"https:\/\/ubirataonline.com.br\/wp-content\/uploads\/2026\/06\/logoubirataonline-1.webp","contentUrl":"https:\/\/ubirataonline.com.br\/wp-content\/uploads\/2026\/06\/logoubirataonline-1.webp","width":500,"height":500,"caption":"Ubirat\u00e3 Online Not\u00edcias"}]},"geo.placename":"UBIRATA","geo.position":{"lat":"-24.5361401","long":"-52.9921776"},"geo.region":"Brazil"},"_links":{"self":[{"href":"https:\/\/ubirataonline.com.br\/en\/wp-json\/wp\/v2\/posts\/97717","targetHints":{"allow":["GET"]}}],"collection":[{"href":"https:\/\/ubirataonline.com.br\/en\/wp-json\/wp\/v2\/posts"}],"about":[{"href":"https:\/\/ubirataonline.com.br\/en\/wp-json\/wp\/v2\/types\/post"}],"author":[{"embeddable":true,"href":"https:\/\/ubirataonline.com.br\/en\/wp-json\/wp\/v2\/users\/1"}],"replies":[{"embeddable":true,"href":"https:\/\/ubirataonline.com.br\/en\/wp-json\/wp\/v2\/comments?post=97717"}],"version-history":[{"count":0,"href":"https:\/\/ubirataonline.com.br\/en\/wp-json\/wp\/v2\/posts\/97717\/revisions"}],"wp:featuredmedia":[{"embeddable":true,"href":"https:\/\/ubirataonline.com.br\/en\/wp-json\/wp\/v2\/media\/97718"}],"wp:attachment":[{"href":"https:\/\/ubirataonline.com.br\/en\/wp-json\/wp\/v2\/media?parent=97717"}],"wp:term":[{"taxonomy":"category","embeddable":true,"href":"https:\/\/ubirataonline.com.br\/en\/wp-json\/wp\/v2\/categories?post=97717"},{"taxonomy":"post_tag","embeddable":true,"href":"https:\/\/ubirataonline.com.br\/en\/wp-json\/wp\/v2\/tags?post=97717"}],"curies":[{"name":"wp","href":"https:\/\/api.w.org\/{rel}","templated":true}]}}