{"id":97745,"date":"2026-03-27T21:11:42","date_gmt":"2026-03-28T00:11:42","guid":{"rendered":"https:\/\/ubirataonline.com.br\/concessoes-distintas-criam-dilema-em-integracao-de-ferrovias-no-parana\/"},"modified":"2026-03-27T21:11:47","modified_gmt":"2026-03-28T00:11:47","slug":"concessoes-distintas-criam-dilema-em-integracao-de-ferrovias-no-parana","status":"publish","type":"post","link":"https:\/\/ubirataonline.com.br\/en\/concessoes-distintas-criam-dilema-em-integracao-de-ferrovias-no-parana\/","title":{"rendered":"Concess\u00f5es distintas criam dilema em integra\u00e7\u00e3o de ferrovias no Paran\u00e1"},"content":{"rendered":"<p><\/p>\n<div id=\"post-content\">\n<p>Obras e concess\u00f5es ferrovi\u00e1rias no Paran\u00e1 avan\u00e7am em trilhos paralelos: a <strong>desestatiza\u00e7\u00e3o da Ferroeste <\/strong>e a <strong>nova concess\u00e3o da Malha Sul <\/strong>entram em um momento considerado definitivo para a log\u00edstica do Sul do pa\u00eds. As ferrovias, que funcionam como corredores de exporta\u00e7\u00e3o agr\u00edcola nessa regi\u00e3o, aguardam investimentos para sanar limita\u00e7\u00f5es t\u00e9cnicas e garantir uma operacionaliza\u00e7\u00e3o mais eficaz.<\/p>\n<p>No entanto,\u00a0embora uma seja continuidade da outra,\u00a0a\u00a0integra\u00e7\u00e3o\u00a0entre essas duas\u00a0malhas\u00a0tem preocupado o setor produtivo\u00a0pelas concess\u00f5es seguirem\u00a0estrat\u00e9gias distintas, com uma sendo tocada pelo governo do Paran\u00e1 e, a outra, pela Uni\u00e3o.\u00a0<\/p>\n<p>Foi em agosto de 2024 que o governo do Paran\u00e1 autorizou a\u00a0desestatiza\u00e7\u00e3o\u00a0da Ferroeste, empresa\u00a0na qual o estado det\u00e9m\u00a099,6%\u00a0das a\u00e7\u00f5es\u00a0e\u00a0que\u00a0administra o trecho de 248 quil\u00f4metros de estradas de ferro\u00a0<strong>entre as cidades de Guarapuava e Cascavel<\/strong>, no oeste paranaense.\u00a0A lei 22.194\u00a0permitiu iniciar os estudos para o processo, com o estabelecimento \u00e0\u00a0\u00e9poca\u00a0de\u00a0um prazo de 18 meses para realizar\u00a0os\u00a0estudos que apontassem o melhor\u00a0modelo de desestatiza\u00e7\u00e3o.\u00a0Prazo, este, que\u00a0acaba de ser encerrado.\u00a0\u00a0<\/p>\n<p>O\u00a0que atravessou o caminho entre\u00a0a conclus\u00e3o do modelo\u00a0e\u00a0o esperado leil\u00e3o\u00a0para a\u00a0privatiza\u00e7\u00e3o\u00a0paranaense foi o aviso pelo governo federal de\u00a0um\u00a0amplo programa de concess\u00f5es ferrovi\u00e1rias\u00a0para todo o Brasil,\u00a0em 2025. O pacote\u00a0inclui a Malha Sul,\u00a0ramal ferrovi\u00e1rio\u00a0que\u00a0interliga trechos essenciais ao escoamento agr\u00edcola e industrial\u00a0do Sul do Brasil\u00a0e que, no Paran\u00e1, encontra a\u00a0opera\u00e7\u00e3o da\u00a0Ferroeste\u00a0em Guarapuava.\u00a0<\/p>\n<p>Cortando\u00a0o Paran\u00e1, Santa Catarina e Rio Grande do Sul, em territ\u00f3rio paranaense a ferrovia precisa com urg\u00eancia de interven\u00e7\u00f5es\u00a0estruturantes\u00a0pela baixa efici\u00eancia operacional. O gargalo concentra-se principalmente na\u00a0<strong>Serra da Esperan\u00e7a<\/strong>, trecho que\u00a0liga\u00a0Guarapuava \u2013 onde a opera\u00e7\u00e3o da Ferroeste termina \u2013 a Ponta Grossa, de onde os trilhos\u00a0da Malha Sul\u00a0seguem caminho para\u00a0o porto.<\/p>\n<h2 class=\"wp-block-heading\" id=\"h-ferrovias-que-integram-malha-sul-e-ferroeste-precisam-de-conexao-entre-si\">Ferrovias que integram Malha Sul e Ferroeste precisam de conex\u00e3o entre si<\/h2>\n<p>Conectadas, as duas ferrovias\u00a0precisam de uma \u201cconversa\u201d estrutural, mas como garantir que com processos de concess\u00e3o distintos isso aconte\u00e7a?\u00a0\u201cNo nosso entender, e \u00e9 isso que o setor produtivo pediu ao\u00a0governo\u00a0do Paran\u00e1,\u00a0o ideal\u00a0\u00e9 que\u00a0(o governo do estado)\u00a0aguarde e n\u00e3o fa\u00e7a nada com a\u00a0Ferroeste\u00a0antes da defini\u00e7\u00e3o\u00a0(sobre como ser\u00e1 a concess\u00e3o)\u00a0da\u00a0Malha\u00a0Sul, porque muito provavelmente\u00a0o vencedor\u00a0(do certame) da Malha\u00a0Sul ser\u00e1 o maior interessado em fazer a opera\u00e7\u00e3o da\u00a0Ferroeste\u201d, afirma o superintendente da Federa\u00e7\u00e3o das Ind\u00fastrias do Paran\u00e1 (Fiep), Jo\u00e3o Arthur\u00a0Mohr.<\/p>\n<p>Para\u00a0Mohr,\u00a0que \u00e9 mestre em Engenharia de Transportes e participa ativamente dos desenhos das concess\u00f5es\u00a0rodoferrovi\u00e1rias\u00a0no Paran\u00e1,\u00a0somente neste caso\u00a0poder\u00e1 ser feito\u00a0um\u00a0modelo com embasamento jur\u00eddico que\u00a0eventualmente\u00a0transfira a opera\u00e7\u00e3o da\u00a0Ferroeste para\u00a0a empresa que ganhar a concess\u00e3o da\u00a0Malha Sul\u00a0\u2013 o que\u00a0garantiria uma\u00a0\u00fanica\u00a0opera\u00e7\u00e3o \u00e0s ferrovias, com sinergia.<\/p>\n<p>No entanto, embora seja o desejo das partes interessadas que\u00a0essa sinergia aconte\u00e7a, no momento n\u00e3o parece haver garantias de que ser\u00e1 assim.\u00a0Enquanto o governo federal prepara a nova concess\u00e3o da Malha Sul, com\u00a0<strong>edital previsto para setembro e leil\u00e3o em dezembro<\/strong>, o governo do Paran\u00e1 afirma ter\u00a0conclu\u00eddo os estudos encomendados quando\u00a0da aprova\u00e7\u00e3o da lei\u00a0estadual\u00a0e\u00a0avan\u00e7ado significativamente na modelagem da desestatiza\u00e7\u00e3o da Ferroeste\u00a0\u2013\u00a0ainda\u00a0sem anunciar\u00a0oficialmente o modelo final nem\u00a0o certame.<\/p>\n<h2 class=\"wp-block-heading\">Contrato com a Rumo para a Malha Sul vence em 2027<\/h2>\n<p>A opera\u00e7\u00e3o dos\u00a07 mil quil\u00f4metros\u00a0da extens\u00e3o total da Malha Sul\u00a0est\u00e1\u00a0sob al\u00e7ada da Rumo Log\u00edstica,\u00a0cujo\u00a0contrato\u00a0vence em fevereiro de 2027.\u00a0O governo federal decidiu que n\u00e3o haver\u00e1 prorroga\u00e7\u00e3o da atual concess\u00e3o.<\/p>\n<p>Em vez disso, ser\u00e1 realizada nova licita\u00e7\u00e3o, com divis\u00e3o da malha em tr\u00eas corredores:\u00a0Paran\u00e1 \u2013 Santa Catarina\u00a0e\u00a0Rio Grande do Sul, focados em levar cargas do interior para os portos dos tr\u00eas estados; e Mercosul, um corredor vertical cortando os estados, n\u00e3o focado em exporta\u00e7\u00f5es.<\/p>\n<p>\u201cO setor produtivo pediu\u00a0(ao governo federal)\u00a0que, al\u00e9m da divis\u00e3o da malha, a\u00a0nova licita\u00e7\u00e3o\u00a0tenha\u00a0<strong>cl\u00e1usulas\u00a0contratuais\u00a0modernas<\/strong>\u00a0e\u00a0<strong>metas de desempenho<\/strong>\u201d, afirma\u00a0o superintendente da Fiep.\u00a0Sem defini\u00e7\u00e3o\u00a0de par\u00e2metros como o tempo que o trem leva de um ponto a outro e o volume de transporte por regi\u00e3o, a concession\u00e1ria pode focar\u00a0investimentos\u00a0no \u201cfil\u00e9 mignon\u201d do trecho\u00a0e n\u00e3o garantir que\u00a0os recursos arrecadados\u00a0em um local sejam\u00a0condizentes\u00a0com os investimentos\u00a0na \u00e1rea correlata.<\/p>\n<p>\u201cEm 2016 moviment\u00e1vamos 24 milh\u00f5es de toneladas\u00a0no Paran\u00e1. Ano passado, praticamente o mesmo volume. Ou seja,\u00a0<strong>n\u00e3o evolu\u00edmos. Enquanto isso, S\u00e3o Paulo dobrou sua movimenta\u00e7\u00e3o<\/strong>. Todos os investimentos aconteceram sentido norte\u201d,\u00a0compara\u00a0o consultor em log\u00edstica Luiz Henrique\u00a0Dividino, contratado pela Fiep para participar dos estudos sobre a infraestrutura log\u00edstica no Paran\u00e1.<\/p>\n<p>A fala foi proferida durante o evento voltado ao agroneg\u00f3cio\u00a0<em>Show Rural<\/em>, que aconteceu m\u00eas passado em Cascavel (PR).\u00a0Segundo\u00a0Dividino, longe de ser uma cr\u00edtica, refere-se apenas a uma brecha contratual da atual concess\u00e3o\u00a0\u2013 algo que se pretende evitar no pr\u00f3ximo leil\u00e3o.<\/p>\n<h2 class=\"wp-block-heading\">Portos absorvem os reflexos da estrutura ferrovi\u00e1ria<\/h2>\n<p>O\u00a0impacto se reflete diretamente nos portos. Em Paranagu\u00e1 (PR), cerca de 80% das cargas chegam por caminh\u00e3o e apenas 20% por ferrovia. Em S\u00e3o Francisco do Sul (SC)\u00a050% da carga de gr\u00e3os chega de trem.\u00a0Isso porque a escolha pelo transporte leva em conta o custo.<\/p>\n<p>\u201cPode parecer s\u00f3\u00a0um\u00a0n\u00famero, mas isso significa competitividade. Em tese, a ferrovia \u00e9 mais barata. Quando ela n\u00e3o funciona, o produtor procura alternativa.\u201d<\/p>\n<p>A\u00a0audi\u00eancia p\u00fablica dos estudos\u00a0de concess\u00e3o da Malha Sul\u00a0est\u00e1 prevista para este m\u00eas de\u00a0mar\u00e7o.\u00a0Al\u00e9m\u00a0da divis\u00e3o da malha em corredores distintos e contratos mais r\u00edgidos, o\u00a0setor\u00a0produtivo espera que um terceiro pedido feito ao governo federal se concretize:\u00a0que haja uma opera\u00e7\u00e3o conjunta entre Ferroeste e Malha Sul.<\/p>\n<p>\u201cVamos aguardar a audi\u00eancia para ver o modelo de contrato que est\u00e3o propondo\u201d, antecipa Jo\u00e3o\u00a0Mohr.\u00a0\u201cA\u00a0estrutura do G7\u00a0(f\u00f3rum formado pelas sete principais entidades do setor produtivo paranaense\u00a0\u2013\u00a0Faep, Fecom\u00e9rcio, Fiep,\u00a0Fecoopar,\u00a0Faciap,\u00a0Fetranspar\u00a0e ACP)\u00a0vai p\u00f4r uma lupa\u00a0nisso. N\u00e3o \u00e9 poss\u00edvel continuar sem uma solu\u00e7\u00e3o no m\u00ednimo adequada\u201d, complementa\u00a0Dividino.\u00a0<\/p>\n<h2 class=\"wp-block-heading\">Enquanto isso, no Paran\u00e1\u00a0<\/h2>\n<p>Embora\u00a0os governos do Paran\u00e1 e federal\u00a0n\u00e3o estejam (ao menos ainda) trabalhando\u00a0oficialmente\u00a0em conjunto\u00a0nesse sentido,\u00a0o governo paranaense diz que\u00a0a expectativa de integra\u00e7\u00e3o\u00a0da infraestrutura da Ferroeste e da Malha Sul \u00e9\u00a0um anseio que compartilha com o setor produtivo.\u00a0\u00a0<\/p>\n<p>Segundo a Secretaria de Infraestrutura e Log\u00edstica do Paran\u00e1 (Seil), o projeto de desestatiza\u00e7\u00e3o da Ferroeste andou a contento neste \u00faltimo ano e meio. A empresa foi organizada e integrada, resolvendo passivos como a subconcess\u00e3o para a\u00a0Ferropar, caso que se desenrolava h\u00e1 20 anos desde que a empresa decretou fal\u00eancia e a Ferroeste passou a usar material rodante de outras empresas. O caso foi judicializado e resolvido no final de 2025.\u00a0<\/p>\n<p>A consultoria respons\u00e1vel pelo estudo elaborou a solu\u00e7\u00e3o estrat\u00e9gica para o neg\u00f3cio, validando dados e promovendo conversas com\u00a0<em>stakeholders<\/em>.\u00a0Ainda n\u00e3o h\u00e1, entretanto, uma resposta definitiva do governo sobre o modelo efetivamente escolhido para a desestatiza\u00e7\u00e3o e previs\u00e3o para publica\u00e7\u00e3o do edital e o consequente leil\u00e3o.<\/p>\n<p>O que o governo do Paran\u00e1 afirma para o momento \u00e9 que \u00e9 a favor de uma integra\u00e7\u00e3o entre a Ferroeste e a Malha Sul,\u00a0mas sob a \u00f3tica da infraestrutura, e n\u00e3o necessariamente da unifica\u00e7\u00e3o contratual das concess\u00f5es.\u00a0Ainda segundo a Seil, o\u00a0principal gargalo para que a Ferroeste se conecte com a Malha Sul, a Serra da Esperan\u00e7a, \u00e9 abordado no estudo com uma solu\u00e7\u00e3o estruturante para resolver a liga\u00e7\u00e3o, com obras que levariam entre quatro e cinco anos e integrariam definitivamente as duas ferrovias.<\/p>\n<p>A solu\u00e7\u00e3o\u00a0deve ir\u00a0al\u00e9m de\u00a0intervir no tra\u00e7ado atual, j\u00e1 que ele forma um tri\u00e2ngulo operacional pouco eficiente \u2013 a ferrovia\u00a0vai de\u00a0Guarapuava at\u00e9\u00a0Ponta Grossa,\u00a0depois \u00e0 Lapa,\u00a0para seguir para Paranagu\u00e1. Antigamente isso fazia sentido, j\u00e1 que Ponta Grossa era o polo industrial do estado.<\/p>\n<p>Mas atualmente, com o beneficiamento acontecendo nas\u00a0regi\u00f5es\u00a0oeste e central, o mais sensato seria ter uma nova ferrovia seguindo direto de Guarapuava para a Lapa, sem passar por Ponta Grossa.\u00a0\u201cIsso aumentaria a capacidade de\u00a0transporte de\u00a012 para at\u00e9 36 milh\u00f5es de toneladas por ano\u201d, compara\u00a0Jo\u00e3o\u00a0Mohr.<\/p>\n<p>O superintendente da Fiep acrescenta que\u00a0o governo do estado teria de bancar o trecho.\u00a0Isso porque a licita\u00e7\u00e3o da\u00a0Malha\u00a0Sul n\u00e3o contempla novos trechos,\u00a0mas apenas\u00a0requalifica\u00e7\u00e3o do atual tra\u00e7ado, como\u00a0troca\u00a0de\u00a0dormentes, trilhos,\u00a0aumento de\u00a0p\u00e1tios\u00a0e corre\u00e7\u00e3o de curvas, o que coloca sobre o estado a responsabilidade pelos novos trilhos.<\/p>\n<p>No entanto, a\u00a0reportagem da\u00a0<strong>Gazeta do Povo<\/strong>\u00a0n\u00e3o teve confirma\u00e7\u00e3o\u00a0por parte da Seil se o Paran\u00e1 far\u00e1 a obra.\u00a0O que se sabe at\u00e9 agora \u00e9 que a\u00a0converg\u00eancia ou o desalinhamento dos\u00a0processos pode determinar o futuro log\u00edstico do Sul.<\/p>\n<p>Se houver integra\u00e7\u00e3o estrat\u00e9gica,\u00a0contratual ou estrutural,\u00a0a regi\u00e3o pode romper d\u00e9cadas de subutiliza\u00e7\u00e3o ferrovi\u00e1ria e depend\u00eancia rodovi\u00e1ria.\u00a0Caso contr\u00e1rio, o\u00a0risco \u00e9 repetir o padr\u00e3o hist\u00f3rico: concess\u00f5es fragmentadas, gargalos persistentes e crescimento limitado pela infraestrutura.<\/p>\n<p><a href=\"https:\/\/www.gazetadopovo.com.br\/brasil\/concessoes-distintas-desafiam-integracao-entre-ferrovias-regiao-sul\/\" target=\"_blank\" rel=\"noreferrer noopener\">Leia o conte\u00fado na Gazeta do Povo.<\/a><\/p>\n<section class=\"virals\">\n<article class=\"cardnews cardnews--post cardnews--has-thumbnail cardnews--editorial-noticias\"> <a href=\"https:\/\/www.tribunapr.com.br\/noticias\/parana\/golpe-do-ipva-engana-profissional-da-tecnologia-no-parana-como-evitar-a-fraude\/?utm_source=noticias-virais-rodape&amp;utm_medium=internal-tribuna&amp;utm_campaign=tribuna\" class=\"cardnews__postlink\"> <\/p>\n<div class=\"cardnews__image\" is-api-thumb=\"\"><\/div>\n<div class=\"cardnews__content cardhome__content\">\n<div class=\"cardnews__content-wrapper\">\n<p> <span style=\"\"> Fique atento! <\/span> <\/p>\n<p>At\u00e9 especialistas ca\u00edram: o detalhe no boleto do IPVA que rouba seu dinheiro<\/p>\n<\/p><\/div>\n<\/p><\/div>\n<p> <\/a> <\/article>\n<article class=\"cardnews cardnews--post cardnews--has-thumbnail cardnews--editorial-noticias\"> <a href=\"https:\/\/www.tribunapr.com.br\/noticias\/curitiba-regiao\/litoral-do-parana-passa-a-figurar-entre-os-mais-valorizados-do-pais\/?utm_source=noticias-virais-rodape&amp;utm_medium=internal-tribuna&amp;utm_campaign=tribuna\" class=\"cardnews__postlink\"> <\/p>\n<div class=\"cardnews__image\" is-api-thumb=\"\"><img decoding=\"async\" src=\"https:\/\/www.tribunapr.com.br\/wp-content\/uploads\/2026\/02\/04151141\/matinhos-litoral-370x210.jpg\" loading=\"lazy\" alt=\"Adeus, pre\u00e7os baixos? Esta regi\u00e3o do Paran\u00e1 virou a nova 'mina de ouro'\"\/><\/div>\n<div class=\"cardnews__content cardhome__content\">\n<div class=\"cardnews__content-wrapper\">\n<p> <span style=\"\"> Mercado imobili\u00e1rio <\/span> <\/p>\n<p>Adeus, pre\u00e7os baixos? Esta regi\u00e3o do Paran\u00e1 virou a nova &#8216;mina de ouro&#8217;<\/p>\n<\/p><\/div>\n<\/p><\/div>\n<p> <\/a> <\/article>\n<article class=\"cardnews cardnews--post cardnews--has-thumbnail cardnews--editorial-noticias\"> <a href=\"https:\/\/www.tribunapr.com.br\/blogs\/rango-barateza\/biscoitos-da-vovo-elza-tradicao-que-nasceu-do-afeto-e-conquistou-curitiba\/?utm_source=noticias-virais-rodape&amp;utm_medium=internal-tribuna&amp;utm_campaign=tribuna\" class=\"cardnews__postlink\"> <\/p>\n<div class=\"cardnews__image\" is-api-thumb=\"\"><img decoding=\"async\" src=\"https:\/\/www.tribunapr.com.br\/wp-content\/uploads\/2026\/02\/06135141\/vovo-elza-02-770x440-1-370x210.webp\" loading=\"lazy\" alt=\"O segredo de Curitiba: como uma receita de fam\u00edlia virou um imp\u00e9rio do afeto\"\/><\/div>\n<div class=\"cardnews__content cardhome__content\">\n<div class=\"cardnews__content-wrapper\">\n<p> <span style=\"\"> Rango Barateza! <\/span> <\/p>\n<p>O segredo de Curitiba: como uma receita de fam\u00edlia virou um imp\u00e9rio do afeto<\/p>\n<\/p><\/div>\n<\/p><\/div>\n<p> <\/a> <\/article>\n<\/section>\n<div id=\"tribuna-follow-cta\">\n<p> <span class=\"cta-title\">Siga a <span class=\"tribuna-color\">Tribuna<\/span> no Google, e acompanhe as \u00faltimas not\u00edcias de Curitiba e regi\u00e3o!<\/span> <\/p>\n<p> <a href=\"https:\/\/profile.google.com\/cp\/CgwvZy8xMmxxajUzM3Mac2h0dHBzOi8vd3d3LnRyaWJ1bmFwci5jb20uYnIvdml2YS92aXRyaW5lL2dpZ2FudGUtZG8tdmVzdHVhcmlvLXJlaW5hdWd1cmEtbG9qYS1lbS1zaG9wcGluZy10cmFkaWNpb25hbC1kZS1jdXJpdGliYS8iElRyaWJ1bmEgZG8gUGFyYW7DoSqAAwrHAWh0dHBzOi8vZW5jcnlwdGVkLXRibjIuZ3N0YXRpYy5jb20vZmF2aWNvbi10Ym4_cT10Ym46QU5kOUdjUVJPbjVDRjR6TzJPbkUwTXZrRlRCRTY2U0g1bGlaVDRaZTV3bWNKeU5GRm1BSnluM01nNU9PR3BXY1pYMzZwYU5HUWtsZ09JVEFLTTNNZVNGbTc1aWp6M3k2ajUtQ3M2b25kX2JUcFFQQkVLd3RsUjBsTmJESnUtVHhrNXQtbFlCNlVpOWZSVVFjT2cSswFodHRwczovL2VuY3J5cHRlZC10Ym4zLmdzdGF0aWMuY29tL2Zhdmljb24tdGJuP3E9dGJuJTNBQU5kOUdjU0FMaWJ2eFF0YXdFMFRueVdWWmVKRS1MZEdRZjVTUi1OZ2RMazhyZzIwVy1nM0JuQ1F4VDNKZFBjRXR2THdBeVRxUDJEdHVycEdVR29CQkxpYzM5al9wSmFxRERaMHNCYW05WEVhSGVsMmZTQmdKdlF4WWVyMw\" target=\"_blank\" title=\"Seguir a Tribuna no Google\">  <\/a> <\/div>\n<\/p><\/div>\n<p><a href=\"https:\/\/www.tribunapr.com.br\/noticias\/parana\/concessoes-distintas-criam-dilema-em-integracao-de-ferrovias-parana\/\">Fonte do Artigo <\/a><\/p>","protected":false},"excerpt":{"rendered":"<p>Obras e concess\u00f5es ferrovi\u00e1rias no Paran\u00e1 avan\u00e7am em trilhos paralelos: a desestatiza\u00e7\u00e3o da Ferroeste e a nova concess\u00e3o da Malha Sul entram em um momento considerado definitivo para a log\u00edstica do Sul do pa\u00eds. As ferrovias, que funcionam como corredores de exporta\u00e7\u00e3o agr\u00edcola nessa regi\u00e3o, aguardam investimentos para sanar limita\u00e7\u00f5es t\u00e9cnicas e garantir uma operacionaliza\u00e7\u00e3o [&hellip;]<\/p>\n","protected":false},"author":1,"featured_media":97747,"comment_status":"closed","ping_status":"","sticky":false,"template":"","format":"standard","meta":{"googlesitekit_rrm_CAow2JLhCw:productID":"","_gspb_post_css":"","maa_idioma":"","maa_pais":"","footnotes":""},"categories":[1],"tags":[24125,9820,20636,24126,24127,8215,90],"class_list":["post-97745","post","type-post","status-publish","format-standard","has-post-thumbnail","hentry","category-ubirata","tag-concessoes","tag-criam","tag-dilema","tag-distintas","tag-ferrovias","tag-integracao","tag-parana"],"blocksy_meta":[],"yoast_head":"<!-- This site is optimized with the Yoast SEO Premium plugin v27.6 (Yoast SEO v27.6) - https:\/\/yoast.com\/product\/yoast-seo-premium-wordpress\/ -->\n<title>Concess\u00f5es distintas criam dilema em integra\u00e7\u00e3o de ferrovias no Paran\u00e1 - Ubirat\u00e3 Online Not\u00edcias - A realidade ao seu alcance!<\/title>\n<meta name=\"description\" content=\"Obras e concess\u00f5es ferrovi\u00e1rias no Paran\u00e1 avan\u00e7am em trilhos paralelos: a desestatiza\u00e7\u00e3o da Ferroeste e a nova concess\u00e3o da Malha Sul entram em um momento\" \/>\n<meta name=\"robots\" content=\"index, follow, max-snippet:-1, max-image-preview:large, max-video-preview:-1\" \/>\n<link rel=\"canonical\" href=\"https:\/\/ubirataonline.com.br\/en\/concessoes-distintas-criam-dilema-em-integracao-de-ferrovias-no-parana\/\" \/>\n<meta property=\"og:locale\" content=\"en_US\" \/>\n<meta property=\"og:type\" content=\"article\" \/>\n<meta property=\"og:title\" content=\"Concess\u00f5es distintas criam dilema em integra\u00e7\u00e3o de ferrovias no Paran\u00e1\" \/>\n<meta property=\"og:description\" content=\"Obras e concess\u00f5es ferrovi\u00e1rias no Paran\u00e1 avan\u00e7am em trilhos paralelos: a desestatiza\u00e7\u00e3o da Ferroeste e a nova concess\u00e3o da Malha Sul entram em um momento\" \/>\n<meta property=\"og:url\" content=\"https:\/\/ubirataonline.com.br\/en\/concessoes-distintas-criam-dilema-em-integracao-de-ferrovias-no-parana\/\" \/>\n<meta property=\"og:site_name\" content=\"Ubirat\u00e3 Online Not\u00edcias - A realidade ao seu alcance!\" \/>\n<meta property=\"article:publisher\" content=\"https:\/\/www.facebook.com\/portalubirataonline\" \/>\n<meta property=\"article:author\" content=\"https:\/\/www.facebook.com\/portalubirataonline\" \/>\n<meta property=\"article:published_time\" content=\"2026-03-28T00:11:42+00:00\" \/>\n<meta property=\"article:modified_time\" content=\"2026-03-28T00:11:47+00:00\" \/>\n<meta property=\"og:image\" content=\"https:\/\/ubirataonline.com.br\/wp-content\/uploads\/2026\/03\/Concessoes-distintas-criam-dilema-em-integracao-de-ferrovias-no-Parana.jpeg\" \/>\n\t<meta property=\"og:image:width\" content=\"1200\" \/>\n\t<meta property=\"og:image:height\" content=\"800\" \/>\n\t<meta property=\"og:image:type\" content=\"image\/jpeg\" \/>\n<meta name=\"author\" content=\"REDA\u00c7\u00c3O: UBIRAT\u00c3 ONLINE - F\u00c1BIO AUGUSTO CELESTINO\" \/>\n<meta name=\"twitter:card\" content=\"summary_large_image\" \/>\n<meta name=\"twitter:creator\" content=\"@x.com\/ubirataonline\" \/>\n<meta name=\"twitter:site\" content=\"@ubirataonline\" \/>\n<meta name=\"twitter:label1\" content=\"Written by\" \/>\n\t<meta name=\"twitter:data1\" content=\"REDA\u00c7\u00c3O: UBIRAT\u00c3 ONLINE - F\u00c1BIO AUGUSTO CELESTINO\" \/>\n\t<meta name=\"twitter:label2\" content=\"Est. reading time\" \/>\n\t<meta name=\"twitter:data2\" content=\"9 minutes\" \/>\n<script type=\"application\/ld+json\" class=\"yoast-schema-graph\">{\"@context\":\"https:\\\/\\\/schema.org\",\"@graph\":[{\"@type\":\"NewsArticle\",\"@id\":\"https:\\\/\\\/ubirataonline.com.br\\\/concessoes-distintas-criam-dilema-em-integracao-de-ferrovias-no-parana\\\/#article\",\"isPartOf\":{\"@id\":\"https:\\\/\\\/ubirataonline.com.br\\\/concessoes-distintas-criam-dilema-em-integracao-de-ferrovias-no-parana\\\/\"},\"author\":{\"name\":\"REDA\u00c7\u00c3O: UBIRAT\u00c3 ONLINE - F\u00c1BIO AUGUSTO CELESTINO\",\"@id\":\"https:\\\/\\\/ubirataonline.com.br\\\/#\\\/schema\\\/person\\\/372f87bbd3fdd79b8556b84c98d0bc1c\"},\"headline\":\"Concess\u00f5es distintas criam dilema em integra\u00e7\u00e3o de ferrovias no Paran\u00e1\",\"datePublished\":\"2026-03-28T00:11:42+00:00\",\"dateModified\":\"2026-03-28T00:11:47+00:00\",\"mainEntityOfPage\":{\"@id\":\"https:\\\/\\\/ubirataonline.com.br\\\/concessoes-distintas-criam-dilema-em-integracao-de-ferrovias-no-parana\\\/\"},\"wordCount\":1723,\"publisher\":{\"@id\":\"https:\\\/\\\/ubirataonline.com.br\\\/#organization\"},\"image\":{\"@id\":\"https:\\\/\\\/ubirataonline.com.br\\\/concessoes-distintas-criam-dilema-em-integracao-de-ferrovias-no-parana\\\/#primaryimage\"},\"thumbnailUrl\":\"https:\\\/\\\/ubirataonline.com.br\\\/wp-content\\\/uploads\\\/2026\\\/03\\\/Concessoes-distintas-criam-dilema-em-integracao-de-ferrovias-no-Parana.jpeg\",\"keywords\":[\"Concess\u00f5es\",\"criam\",\"dilema\",\"distintas\",\"ferrovias\",\"Integra\u00e7\u00e3o\",\"paran\u00e1\"],\"articleSection\":[\"Ubirat\u00e3\"],\"inLanguage\":\"en-US\",\"copyrightYear\":\"2026\",\"copyrightHolder\":{\"@id\":\"https:\\\/\\\/ubirataonline.com.br\\\/en\\\/#organization\"}},{\"@type\":\"WebPage\",\"@id\":\"https:\\\/\\\/ubirataonline.com.br\\\/concessoes-distintas-criam-dilema-em-integracao-de-ferrovias-no-parana\\\/\",\"url\":\"https:\\\/\\\/ubirataonline.com.br\\\/concessoes-distintas-criam-dilema-em-integracao-de-ferrovias-no-parana\\\/\",\"name\":\"Concess\u00f5es distintas criam dilema em integra\u00e7\u00e3o de ferrovias no Paran\u00e1 - Ubirat\u00e3 Online Not\u00edcias - A realidade ao seu alcance!\",\"isPartOf\":{\"@id\":\"https:\\\/\\\/ubirataonline.com.br\\\/#website\"},\"primaryImageOfPage\":{\"@id\":\"https:\\\/\\\/ubirataonline.com.br\\\/concessoes-distintas-criam-dilema-em-integracao-de-ferrovias-no-parana\\\/#primaryimage\"},\"image\":{\"@id\":\"https:\\\/\\\/ubirataonline.com.br\\\/concessoes-distintas-criam-dilema-em-integracao-de-ferrovias-no-parana\\\/#primaryimage\"},\"thumbnailUrl\":\"https:\\\/\\\/ubirataonline.com.br\\\/wp-content\\\/uploads\\\/2026\\\/03\\\/Concessoes-distintas-criam-dilema-em-integracao-de-ferrovias-no-Parana.jpeg\",\"datePublished\":\"2026-03-28T00:11:42+00:00\",\"dateModified\":\"2026-03-28T00:11:47+00:00\",\"description\":\"Obras e concess\u00f5es ferrovi\u00e1rias no Paran\u00e1 avan\u00e7am em trilhos paralelos: a desestatiza\u00e7\u00e3o da Ferroeste e a nova concess\u00e3o da Malha Sul entram em um momento\",\"breadcrumb\":{\"@id\":\"https:\\\/\\\/ubirataonline.com.br\\\/concessoes-distintas-criam-dilema-em-integracao-de-ferrovias-no-parana\\\/#breadcrumb\"},\"inLanguage\":\"en-US\",\"potentialAction\":[{\"@type\":\"ReadAction\",\"target\":[\"https:\\\/\\\/ubirataonline.com.br\\\/concessoes-distintas-criam-dilema-em-integracao-de-ferrovias-no-parana\\\/\"]}]},{\"@type\":\"ImageObject\",\"inLanguage\":\"en-US\",\"@id\":\"https:\\\/\\\/ubirataonline.com.br\\\/concessoes-distintas-criam-dilema-em-integracao-de-ferrovias-no-parana\\\/#primaryimage\",\"url\":\"https:\\\/\\\/ubirataonline.com.br\\\/wp-content\\\/uploads\\\/2026\\\/03\\\/Concessoes-distintas-criam-dilema-em-integracao-de-ferrovias-no-Parana.jpeg\",\"contentUrl\":\"https:\\\/\\\/ubirataonline.com.br\\\/wp-content\\\/uploads\\\/2026\\\/03\\\/Concessoes-distintas-criam-dilema-em-integracao-de-ferrovias-no-Parana.jpeg\",\"width\":1200,\"height\":800,\"caption\":\"Ferroeste. Foto: Alessandro Vieira\\\/AEN\"},{\"@type\":\"BreadcrumbList\",\"@id\":\"https:\\\/\\\/ubirataonline.com.br\\\/concessoes-distintas-criam-dilema-em-integracao-de-ferrovias-no-parana\\\/#breadcrumb\",\"itemListElement\":[{\"@type\":\"ListItem\",\"position\":1,\"name\":\"In\u00edcio\",\"item\":\"https:\\\/\\\/ubirataonline.com.br\\\/\"},{\"@type\":\"ListItem\",\"position\":2,\"name\":\"Concess\u00f5es distintas criam dilema em integra\u00e7\u00e3o de ferrovias no Paran\u00e1\"}]},{\"@type\":\"WebSite\",\"@id\":\"https:\\\/\\\/ubirataonline.com.br\\\/#website\",\"url\":\"https:\\\/\\\/ubirataonline.com.br\\\/\",\"name\":\"Ubirat\u00e3 Online Not\u00edcias\",\"description\":\"Not\u00edcias de Ubirat\u00e3, regi\u00e3o, Brasil e mundo, com informa\u00e7\u00e3o atualizada e compromisso com o leitor.\",\"publisher\":{\"@id\":\"https:\\\/\\\/ubirataonline.com.br\\\/#organization\"},\"alternateName\":\"Ubirat\u00e3 Online\",\"potentialAction\":[{\"@type\":\"SearchAction\",\"target\":{\"@type\":\"EntryPoint\",\"urlTemplate\":\"https:\\\/\\\/ubirataonline.com.br\\\/?s={search_term_string}\"},\"query-input\":{\"@type\":\"PropertyValueSpecification\",\"valueRequired\":true,\"valueName\":\"search_term_string\"}}],\"inLanguage\":\"en-US\"},{\"@type\":[\"Organization\",\"Place\"],\"@id\":\"https:\\\/\\\/ubirataonline.com.br\\\/#organization\",\"name\":\"Ubirat\u00e3 Online Not\u00edcias\",\"alternateName\":\"Ubirat\u00e3 Online\",\"url\":\"https:\\\/\\\/ubirataonline.com.br\\\/\",\"logo\":{\"@id\":\"https:\\\/\\\/ubirataonline.com.br\\\/concessoes-distintas-criam-dilema-em-integracao-de-ferrovias-no-parana\\\/#local-main-organization-logo\"},\"image\":{\"@id\":\"https:\\\/\\\/ubirataonline.com.br\\\/concessoes-distintas-criam-dilema-em-integracao-de-ferrovias-no-parana\\\/#local-main-organization-logo\"},\"sameAs\":[\"https:\\\/\\\/www.facebook.com\\\/portalubirataonline\",\"https:\\\/\\\/x.com\\\/ubirataonline\",\"https:\\\/\\\/mastodon.social\\\/@ubirataonline\",\"https:\\\/\\\/www.facebook.com\\\/groups\\\/311144672285604\",\"https:\\\/\\\/www.facebook.com\\\/UBTAOnline\",\"https:\\\/\\\/www.instagram.com\\\/portalubirataonline\\\/\",\"https:\\\/\\\/twitter.com\\\/ubirataonline\"],\"description\":\"Somos um portal de not\u00edcias independente, criado em 5 de janeiro de 2009, com o objetivo de informar, conectar e valorizar a nossa comunidade de Ubirat\u00e3 e toda aregi\u00e3o. Com conte\u00fado atualizado, confi\u00e1vel e relevante, o Ubirat\u00e3 Online \u00e9 o seu espa\u00e7o para ficar por dentro dos principais acontecimentos locais, regionais, Brasil, Mundo e de interesse geral. Nosso compromisso \u00e9 com a verdade, a transpar\u00eancia e o respeito ao leitor.\",\"legalName\":\"UBIRATA ONLINE NOT\u00cdCIAS\",\"foundingDate\":\"2009-01-05\",\"numberOfEmployees\":{\"@type\":\"QuantitativeValue\",\"minValue\":\"1\",\"maxValue\":\"10\"},\"publishingPrinciples\":\"https:\\\/\\\/ubirataonline.com.br\\\/faq\\\/\",\"address\":{\"@id\":\"https:\\\/\\\/ubirataonline.com.br\\\/concessoes-distintas-criam-dilema-em-integracao-de-ferrovias-no-parana\\\/#local-main-place-address\"},\"geo\":{\"@type\":\"GeoCoordinates\",\"latitude\":\"-24.5361401\",\"longitude\":\"-52.9921776\"},\"telephone\":[\"+5544998308235\"],\"contactPoint\":{\"@type\":\"ContactPoint\",\"email\":\"contato@ubirataonline.com.br\"},\"openingHoursSpecification\":{\"@type\":\"OpeningHoursSpecification\",\"dayOfWeek\":[\"Monday\",\"Tuesday\",\"Wednesday\",\"Thursday\",\"Friday\",\"Saturday\",\"Sunday\"],\"opens\":\"00:00\",\"closes\":\"23:59\"},\"email\":\"contato@ubirataonline.com.br\",\"vatID\":\"47.621.418\\\/0001-80\"},{\"@type\":\"Person\",\"@id\":\"https:\\\/\\\/ubirataonline.com.br\\\/#\\\/schema\\\/person\\\/372f87bbd3fdd79b8556b84c98d0bc1c\",\"name\":\"REDA\u00c7\u00c3O: UBIRAT\u00c3 ONLINE - F\u00c1BIO AUGUSTO CELESTINO\",\"pronouns\":\"Ele\",\"description\":\"Desde 2003 trabalhando com not\u00edcias.\",\"sameAs\":[\"http:\\\/\\\/ubirataoline.com.br\",\"https:\\\/\\\/www.facebook.com\\\/portalubirataonline\",\"https:\\\/\\\/www.instagram.com\\\/ubirataonline_oficial\",\"https:\\\/\\\/x.com\\\/x.com\\\/ubirataonline\"],\"honorificPrefix\":\"Mr.\",\"honorificSuffix\":\"MD\",\"birthDate\":\"1980-06-16\",\"gender\":\"masculino\",\"award\":[\"V\u00e1rios pr\u00eamios de melhor portal da cidade\"],\"jobTitle\":\"Diretor\",\"url\":\"https:\\\/\\\/ubirataonline.com.br\\\/en\\\/author\\\/ubirataonline\\\/\"},{\"@type\":\"PostalAddress\",\"@id\":\"https:\\\/\\\/ubirataonline.com.br\\\/concessoes-distintas-criam-dilema-em-integracao-de-ferrovias-no-parana\\\/#local-main-place-address\",\"streetAddress\":\"Rua dos Coqueiros, 104 - Bairro Boa Vista, Rua dos Coqueiros, 104 Bairro Boa Vista\",\"addressLocality\":\"UBIRATA\",\"postalCode\":\"85440-000\",\"addressRegion\":\"PR\",\"addressCountry\":\"BR\"},{\"@type\":\"ImageObject\",\"inLanguage\":\"en-US\",\"@id\":\"https:\\\/\\\/ubirataonline.com.br\\\/concessoes-distintas-criam-dilema-em-integracao-de-ferrovias-no-parana\\\/#local-main-organization-logo\",\"url\":\"https:\\\/\\\/ubirataonline.com.br\\\/wp-content\\\/uploads\\\/2026\\\/06\\\/logoubirataonline-1.webp\",\"contentUrl\":\"https:\\\/\\\/ubirataonline.com.br\\\/wp-content\\\/uploads\\\/2026\\\/06\\\/logoubirataonline-1.webp\",\"width\":500,\"height\":500,\"caption\":\"Ubirat\u00e3 Online Not\u00edcias\"}]}<\/script>\n<meta name=\"geo.placename\" content=\"UBIRATA\" \/>\n<meta name=\"geo.position\" content=\"-24.5361401;-52.9921776\" \/>\n<meta name=\"geo.region\" content=\"Brazil\" \/>\n<!-- \/ Yoast SEO Premium plugin. -->","yoast_head_json":{"title":"Concess\u00f5es distintas criam dilema em integra\u00e7\u00e3o de ferrovias no Paran\u00e1 - Ubirat\u00e3 Online Not\u00edcias - A realidade ao seu alcance!","description":"Obras e concess\u00f5es ferrovi\u00e1rias no Paran\u00e1 avan\u00e7am em trilhos paralelos: a desestatiza\u00e7\u00e3o da Ferroeste e a nova concess\u00e3o da Malha Sul entram em um momento","robots":{"index":"index","follow":"follow","max-snippet":"max-snippet:-1","max-image-preview":"max-image-preview:large","max-video-preview":"max-video-preview:-1"},"canonical":"https:\/\/ubirataonline.com.br\/en\/concessoes-distintas-criam-dilema-em-integracao-de-ferrovias-no-parana\/","og_locale":"en_US","og_type":"article","og_title":"Concess\u00f5es distintas criam dilema em integra\u00e7\u00e3o de ferrovias no Paran\u00e1","og_description":"Obras e concess\u00f5es ferrovi\u00e1rias no Paran\u00e1 avan\u00e7am em trilhos paralelos: a desestatiza\u00e7\u00e3o da Ferroeste e a nova concess\u00e3o da Malha Sul entram em um momento","og_url":"https:\/\/ubirataonline.com.br\/en\/concessoes-distintas-criam-dilema-em-integracao-de-ferrovias-no-parana\/","og_site_name":"Ubirat\u00e3 Online Not\u00edcias - A realidade ao seu alcance!","article_publisher":"https:\/\/www.facebook.com\/portalubirataonline","article_author":"https:\/\/www.facebook.com\/portalubirataonline","article_published_time":"2026-03-28T00:11:42+00:00","article_modified_time":"2026-03-28T00:11:47+00:00","og_image":[{"width":1200,"height":800,"url":"https:\/\/ubirataonline.com.br\/wp-content\/uploads\/2026\/03\/Concessoes-distintas-criam-dilema-em-integracao-de-ferrovias-no-Parana.jpeg","type":"image\/jpeg"}],"author":"REDA\u00c7\u00c3O: UBIRAT\u00c3 ONLINE - F\u00c1BIO AUGUSTO CELESTINO","twitter_card":"summary_large_image","twitter_creator":"@x.com\/ubirataonline","twitter_site":"@ubirataonline","twitter_misc":{"Written by":"REDA\u00c7\u00c3O: UBIRAT\u00c3 ONLINE - F\u00c1BIO AUGUSTO CELESTINO","Est. reading time":"9 minutes"},"schema":{"@context":"https:\/\/schema.org","@graph":[{"@type":"NewsArticle","@id":"https:\/\/ubirataonline.com.br\/concessoes-distintas-criam-dilema-em-integracao-de-ferrovias-no-parana\/#article","isPartOf":{"@id":"https:\/\/ubirataonline.com.br\/concessoes-distintas-criam-dilema-em-integracao-de-ferrovias-no-parana\/"},"author":{"name":"REDA\u00c7\u00c3O: UBIRAT\u00c3 ONLINE - F\u00c1BIO AUGUSTO CELESTINO","@id":"https:\/\/ubirataonline.com.br\/#\/schema\/person\/372f87bbd3fdd79b8556b84c98d0bc1c"},"headline":"Concess\u00f5es distintas criam dilema em integra\u00e7\u00e3o de ferrovias no Paran\u00e1","datePublished":"2026-03-28T00:11:42+00:00","dateModified":"2026-03-28T00:11:47+00:00","mainEntityOfPage":{"@id":"https:\/\/ubirataonline.com.br\/concessoes-distintas-criam-dilema-em-integracao-de-ferrovias-no-parana\/"},"wordCount":1723,"publisher":{"@id":"https:\/\/ubirataonline.com.br\/#organization"},"image":{"@id":"https:\/\/ubirataonline.com.br\/concessoes-distintas-criam-dilema-em-integracao-de-ferrovias-no-parana\/#primaryimage"},"thumbnailUrl":"https:\/\/ubirataonline.com.br\/wp-content\/uploads\/2026\/03\/Concessoes-distintas-criam-dilema-em-integracao-de-ferrovias-no-Parana.jpeg","keywords":["Concess\u00f5es","criam","dilema","distintas","ferrovias","Integra\u00e7\u00e3o","paran\u00e1"],"articleSection":["Ubirat\u00e3"],"inLanguage":"en-US","copyrightYear":"2026","copyrightHolder":{"@id":"https:\/\/ubirataonline.com.br\/en\/#organization"}},{"@type":"WebPage","@id":"https:\/\/ubirataonline.com.br\/concessoes-distintas-criam-dilema-em-integracao-de-ferrovias-no-parana\/","url":"https:\/\/ubirataonline.com.br\/concessoes-distintas-criam-dilema-em-integracao-de-ferrovias-no-parana\/","name":"Concess\u00f5es distintas criam dilema em integra\u00e7\u00e3o de ferrovias no Paran\u00e1 - Ubirat\u00e3 Online Not\u00edcias - A realidade ao seu alcance!","isPartOf":{"@id":"https:\/\/ubirataonline.com.br\/#website"},"primaryImageOfPage":{"@id":"https:\/\/ubirataonline.com.br\/concessoes-distintas-criam-dilema-em-integracao-de-ferrovias-no-parana\/#primaryimage"},"image":{"@id":"https:\/\/ubirataonline.com.br\/concessoes-distintas-criam-dilema-em-integracao-de-ferrovias-no-parana\/#primaryimage"},"thumbnailUrl":"https:\/\/ubirataonline.com.br\/wp-content\/uploads\/2026\/03\/Concessoes-distintas-criam-dilema-em-integracao-de-ferrovias-no-Parana.jpeg","datePublished":"2026-03-28T00:11:42+00:00","dateModified":"2026-03-28T00:11:47+00:00","description":"Obras e concess\u00f5es ferrovi\u00e1rias no Paran\u00e1 avan\u00e7am em trilhos paralelos: a desestatiza\u00e7\u00e3o da Ferroeste e a nova concess\u00e3o da Malha Sul entram em um momento","breadcrumb":{"@id":"https:\/\/ubirataonline.com.br\/concessoes-distintas-criam-dilema-em-integracao-de-ferrovias-no-parana\/#breadcrumb"},"inLanguage":"en-US","potentialAction":[{"@type":"ReadAction","target":["https:\/\/ubirataonline.com.br\/concessoes-distintas-criam-dilema-em-integracao-de-ferrovias-no-parana\/"]}]},{"@type":"ImageObject","inLanguage":"en-US","@id":"https:\/\/ubirataonline.com.br\/concessoes-distintas-criam-dilema-em-integracao-de-ferrovias-no-parana\/#primaryimage","url":"https:\/\/ubirataonline.com.br\/wp-content\/uploads\/2026\/03\/Concessoes-distintas-criam-dilema-em-integracao-de-ferrovias-no-Parana.jpeg","contentUrl":"https:\/\/ubirataonline.com.br\/wp-content\/uploads\/2026\/03\/Concessoes-distintas-criam-dilema-em-integracao-de-ferrovias-no-Parana.jpeg","width":1200,"height":800,"caption":"Ferroeste. Foto: Alessandro Vieira\/AEN"},{"@type":"BreadcrumbList","@id":"https:\/\/ubirataonline.com.br\/concessoes-distintas-criam-dilema-em-integracao-de-ferrovias-no-parana\/#breadcrumb","itemListElement":[{"@type":"ListItem","position":1,"name":"In\u00edcio","item":"https:\/\/ubirataonline.com.br\/"},{"@type":"ListItem","position":2,"name":"Concess\u00f5es distintas criam dilema em integra\u00e7\u00e3o de ferrovias no Paran\u00e1"}]},{"@type":"WebSite","@id":"https:\/\/ubirataonline.com.br\/#website","url":"https:\/\/ubirataonline.com.br\/","name":"Ubirat\u00e3 Online Not\u00edcias","description":"Not\u00edcias de Ubirat\u00e3, regi\u00e3o, Brasil e mundo, com informa\u00e7\u00e3o atualizada e compromisso com o leitor.","publisher":{"@id":"https:\/\/ubirataonline.com.br\/#organization"},"alternateName":"Ubirat\u00e3 Online","potentialAction":[{"@type":"SearchAction","target":{"@type":"EntryPoint","urlTemplate":"https:\/\/ubirataonline.com.br\/?s={search_term_string}"},"query-input":{"@type":"PropertyValueSpecification","valueRequired":true,"valueName":"search_term_string"}}],"inLanguage":"en-US"},{"@type":["Organization","Place"],"@id":"https:\/\/ubirataonline.com.br\/#organization","name":"Ubirat\u00e3 Online Not\u00edcias","alternateName":"Ubirat\u00e3 Online","url":"https:\/\/ubirataonline.com.br\/","logo":{"@id":"https:\/\/ubirataonline.com.br\/concessoes-distintas-criam-dilema-em-integracao-de-ferrovias-no-parana\/#local-main-organization-logo"},"image":{"@id":"https:\/\/ubirataonline.com.br\/concessoes-distintas-criam-dilema-em-integracao-de-ferrovias-no-parana\/#local-main-organization-logo"},"sameAs":["https:\/\/www.facebook.com\/portalubirataonline","https:\/\/x.com\/ubirataonline","https:\/\/mastodon.social\/@ubirataonline","https:\/\/www.facebook.com\/groups\/311144672285604","https:\/\/www.facebook.com\/UBTAOnline","https:\/\/www.instagram.com\/portalubirataonline\/","https:\/\/twitter.com\/ubirataonline"],"description":"Somos um portal de not\u00edcias independente, criado em 5 de janeiro de 2009, com o objetivo de informar, conectar e valorizar a nossa comunidade de Ubirat\u00e3 e toda aregi\u00e3o. Com conte\u00fado atualizado, confi\u00e1vel e relevante, o Ubirat\u00e3 Online \u00e9 o seu espa\u00e7o para ficar por dentro dos principais acontecimentos locais, regionais, Brasil, Mundo e de interesse geral. Nosso compromisso \u00e9 com a verdade, a transpar\u00eancia e o respeito ao leitor.","legalName":"UBIRATA ONLINE NOT\u00cdCIAS","foundingDate":"2009-01-05","numberOfEmployees":{"@type":"QuantitativeValue","minValue":"1","maxValue":"10"},"publishingPrinciples":"https:\/\/ubirataonline.com.br\/faq\/","address":{"@id":"https:\/\/ubirataonline.com.br\/concessoes-distintas-criam-dilema-em-integracao-de-ferrovias-no-parana\/#local-main-place-address"},"geo":{"@type":"GeoCoordinates","latitude":"-24.5361401","longitude":"-52.9921776"},"telephone":["+5544998308235"],"contactPoint":{"@type":"ContactPoint","email":"contato@ubirataonline.com.br"},"openingHoursSpecification":{"@type":"OpeningHoursSpecification","dayOfWeek":["Monday","Tuesday","Wednesday","Thursday","Friday","Saturday","Sunday"],"opens":"00:00","closes":"23:59"},"email":"contato@ubirataonline.com.br","vatID":"47.621.418\/0001-80"},{"@type":"Person","@id":"https:\/\/ubirataonline.com.br\/#\/schema\/person\/372f87bbd3fdd79b8556b84c98d0bc1c","name":"REDA\u00c7\u00c3O: UBIRAT\u00c3 ONLINE - F\u00c1BIO AUGUSTO CELESTINO","pronouns":"Ele","description":"Desde 2003 trabalhando com not\u00edcias.","sameAs":["http:\/\/ubirataoline.com.br","https:\/\/www.facebook.com\/portalubirataonline","https:\/\/www.instagram.com\/ubirataonline_oficial","https:\/\/x.com\/x.com\/ubirataonline"],"honorificPrefix":"Mr.","honorificSuffix":"MD","birthDate":"1980-06-16","gender":"masculino","award":["V\u00e1rios pr\u00eamios de melhor portal da cidade"],"jobTitle":"Diretor","url":"https:\/\/ubirataonline.com.br\/en\/author\/ubirataonline\/"},{"@type":"PostalAddress","@id":"https:\/\/ubirataonline.com.br\/concessoes-distintas-criam-dilema-em-integracao-de-ferrovias-no-parana\/#local-main-place-address","streetAddress":"Rua dos Coqueiros, 104 - Bairro Boa Vista, Rua dos Coqueiros, 104 Bairro Boa Vista","addressLocality":"UBIRATA","postalCode":"85440-000","addressRegion":"PR","addressCountry":"BR"},{"@type":"ImageObject","inLanguage":"en-US","@id":"https:\/\/ubirataonline.com.br\/concessoes-distintas-criam-dilema-em-integracao-de-ferrovias-no-parana\/#local-main-organization-logo","url":"https:\/\/ubirataonline.com.br\/wp-content\/uploads\/2026\/06\/logoubirataonline-1.webp","contentUrl":"https:\/\/ubirataonline.com.br\/wp-content\/uploads\/2026\/06\/logoubirataonline-1.webp","width":500,"height":500,"caption":"Ubirat\u00e3 Online Not\u00edcias"}]},"geo.placename":"UBIRATA","geo.position":{"lat":"-24.5361401","long":"-52.9921776"},"geo.region":"Brazil"},"_links":{"self":[{"href":"https:\/\/ubirataonline.com.br\/en\/wp-json\/wp\/v2\/posts\/97745","targetHints":{"allow":["GET"]}}],"collection":[{"href":"https:\/\/ubirataonline.com.br\/en\/wp-json\/wp\/v2\/posts"}],"about":[{"href":"https:\/\/ubirataonline.com.br\/en\/wp-json\/wp\/v2\/types\/post"}],"author":[{"embeddable":true,"href":"https:\/\/ubirataonline.com.br\/en\/wp-json\/wp\/v2\/users\/1"}],"replies":[{"embeddable":true,"href":"https:\/\/ubirataonline.com.br\/en\/wp-json\/wp\/v2\/comments?post=97745"}],"version-history":[{"count":0,"href":"https:\/\/ubirataonline.com.br\/en\/wp-json\/wp\/v2\/posts\/97745\/revisions"}],"wp:featuredmedia":[{"embeddable":true,"href":"https:\/\/ubirataonline.com.br\/en\/wp-json\/wp\/v2\/media\/97747"}],"wp:attachment":[{"href":"https:\/\/ubirataonline.com.br\/en\/wp-json\/wp\/v2\/media?parent=97745"}],"wp:term":[{"taxonomy":"category","embeddable":true,"href":"https:\/\/ubirataonline.com.br\/en\/wp-json\/wp\/v2\/categories?post=97745"},{"taxonomy":"post_tag","embeddable":true,"href":"https:\/\/ubirataonline.com.br\/en\/wp-json\/wp\/v2\/tags?post=97745"}],"curies":[{"name":"wp","href":"https:\/\/api.w.org\/{rel}","templated":true}]}}