{"id":97946,"date":"2026-03-28T23:15:57","date_gmt":"2026-03-29T02:15:57","guid":{"rendered":"https:\/\/ubirataonline.com.br\/antes-de-morrer-vicente-choca-com-suas-ultimas-palavras-em-tres-gracas-%c2%b7-noticias-da-tv\/"},"modified":"2026-03-28T23:16:02","modified_gmt":"2026-03-29T02:16:02","slug":"antes-de-morrer-vicente-choca-com-suas-ultimas-palavras-em-tres-gracas-%c2%b7-noticias-da-tv","status":"publish","type":"post","link":"https:\/\/ubirataonline.com.br\/en\/antes-de-morrer-vicente-choca-com-suas-ultimas-palavras-em-tres-gracas-%c2%b7-noticias-da-tv\/","title":{"rendered":"Antes de morrer, Vicente choca com suas \u00faltimas palavras em Tr\u00eas Gra\u00e7as \u00b7 Not\u00edcias da TV"},"content":{"rendered":"<p><\/p>\n<div><!-- includes\/videoinarticle(6 --><!-- \/includes\/videoinarticle --><\/p>\n<p>Nos pr\u00f3ximos cap\u00edtulos de <a href=\"https:\/\/noticiasdatv.uol.com.br\/tudo-sobre\/tres-gracas\" rel=\"noopener\" target=\"_blank\">Tr\u00eas Gra\u00e7as<\/a>, o p\u00fablico assistir\u00e1 a um desfecho sangrento e impactante. Vicente (<a href=\"https:\/\/noticiasdatv.uol.com.br\/tudo-sobre\/marcello-escorel\" rel=\"noopener\" target=\"_blank\">Marcello Escorel<\/a>), o gerente da Casa de Farinha que executou o pai de Paulinho (Romulo Estrela), ser\u00e1 v\u00edtima de uma manobra rasteira do pr\u00f3prio patr\u00e3o, Ferette (Murilo Ben\u00edcio). O vil\u00e3o decidir\u00e1 silenci\u00e1-lo permanentemente com uma queima de arquivo.<\/p>\n<p>Ele perceber\u00e1 que sua transfer\u00eancia da delegacia da Aclima\u00e7\u00e3o, na regi\u00e3o central de S\u00e3o Paulo, para a Chacrinha ser\u00e1 uma arapuca. Marise (<a href=\"https:\/\/noticiasdatv.uol.com.br\/tudo-sobre\/aline-fanju\" rel=\"noopener\" target=\"_blank\">Aline Fanju<\/a>), a delegada aliada do vil\u00e3o, perguntar\u00e1 quais s\u00e3o suas \u00faltimas palavras. &#8220;Nunca confie no Ferette!&#8221;, falar\u00e1 o quase morto.<\/p>\n<p>Tudo come\u00e7ar\u00e1 com Paulinho e o delegado Jairo (<a href=\"https:\/\/noticiasdatv.uol.com.br\/tudo-sobre\/andre-mattos\" rel=\"noopener\" target=\"_blank\">Andr\u00e9 Mattos<\/a>) ficando indignados com a ordem superior da transfer\u00eancia, sabendo que a mudan\u00e7a servir\u00e1 apenas para facilitar o plano do vil\u00e3o.<\/p>\n<p>Em frente \u00e0 unidade policial da Chacrinha, o clima de tens\u00e3o ser\u00e1 palp\u00e1vel. Assim que Vicente for removido da viatura, ele perceber\u00e1 que a situa\u00e7\u00e3o n\u00e3o ser\u00e1 a que imaginava. Com um semblante de quem finalmente compreende a trai\u00e7\u00e3o de seu mentor, ele dir\u00e1: &#8220;Tava bom demais pra ser verdade&#8221;.<\/p>\n<p>A delegada agir\u00e1 com frieza absoluta, confirmando que vai acontecer o que ele estar\u00e1 pensando. Mal o matador terminar\u00e1 de falar suas \u00faltimas palavras, um carro chegar\u00e1 em alta velocidade e um grupo de mascarados saltar\u00e1 do ve\u00edculo, metralhando Vicente diante da delegacia.<\/p>\n<p>O assassinato ser\u00e1 um golpe duro para Paulinho, que ver\u00e1 sua chance de arrancar uma confiss\u00e3o sobre a morte de seu pai ser destru\u00edda. Enquanto isso, Macedo (<a href=\"https:\/\/noticiasdatv.uol.com.br\/tudo-sobre\/rodrigo-garcia\" rel=\"noopener\" target=\"_blank\">Rodrigo Garc\u00eda<\/a>) confirmar\u00e1 o sucesso do servi\u00e7o sujo a Ferette, que celebrar\u00e1 a elimina\u00e7\u00e3o do arquivo vivo.<\/p>\n<p><span class=\"s1\"><strong>Leia tamb\u00e9m<\/strong> -&gt; <a href=\"https:\/\/noticiasdatv.uol.com.br\/noticia\/novelas\/resumo-de-tres-gracas-capitulos-da-novela-das-nove-da-globo-142495\" rel=\"noopener\" target=\"_blank\"><span class=\"s2\">Resumo <\/span>dos cap\u00edtulos da novela Tr\u00eas Gra\u00e7as<\/a><\/span><\/p>\n<p class=\"p1\"><span class=\"s1\"><a href=\"https:\/\/noticiasdatv.uol.com.br\/noticia\/novelas\/proxima-novela-das-nove-da-globo-tres-gracas-aperta-a-ferida-da-corrupcao-136103\">Tr\u00eas Gra\u00e7as \u00e9 uma novela<\/a><\/span> criada por <a href=\"https:\/\/noticiasdatv.uol.com.br\/tudo-sobre\/aguinaldo-silva\"><span class=\"s1\">Aguinaldo Silva<\/span><\/a> em parceria com Virg\u00edlio Silva e Z\u00e9 Dassilva. A hist\u00f3ria \u00e9 ambientada em S\u00e3o Paulo e ficar\u00e1 no ar at\u00e9 maio de 2026.<\/p>\n<hr\/>\n<p>Inscreva-se <a href=\"https:\/\/www.youtube.com\/noticiasdatvoficial\" rel=\"noopener\" target=\"_blank\">no canal do <strong>Not\u00edcias da TV<\/strong>\u00a0no YouTube<\/a> e assista a v\u00eddeos com revela\u00e7\u00f5es do que vai acontecer em Tr\u00eas Gra\u00e7as e outras novelas:<\/p>\n<div class=\"embed-responsive embed-responsive-16by9\"><iframe loading=\"lazy\" title=\"TR\u00caS GRA\u00c7AS: RESUMO SEMANAL COMPLETO DE 30 DE MAR\u00c7O A 4 DE ABRIL DE 2026\" width=\"1366\" height=\"768\" src=\"https:\/\/www.youtube.com\/embed\/W9L2-I13Cs8?feature=oembed\" frameborder=\"0\" allow=\"accelerometer; autoplay; clipboard-write; encrypted-media; gyroscope; picture-in-picture; web-share\" referrerpolicy=\"strict-origin-when-cross-origin\" allowfullscreen><\/iframe><a href=\"https:\/\/www.youtube.com\/embed\/W9L2-I13Cs8?autoplay=1&amp;mute=1\"><img decoding=\"async\" class=\"img-fluid play_button\" src=\"https:\/\/noticiasdatv.uol.com.br\/static\/img\/play_video.png\" loading=\"lazy\" alt=\"Assistir o v\u00eddeo\" width=\"960\" height=\"540\"\/><\/a><\/iframe><\/div>\n<\/div>\n<p><a href=\"https:\/\/noticiasdatv.uol.com.br\/noticia\/novelas\/antes-de-morrer-vicente-choca-com-suas-ultimas-palavras-em-tres-gracas-149223\">Fonte do Artigo <\/a><\/p>","protected":false},"excerpt":{"rendered":"<p>Nos pr\u00f3ximos cap\u00edtulos de Tr\u00eas Gra\u00e7as, o p\u00fablico assistir\u00e1 a um desfecho sangrento e impactante. Vicente (Marcello Escorel), o gerente da Casa de Farinha que executou o pai de Paulinho (Romulo Estrela), ser\u00e1 v\u00edtima de uma manobra rasteira do pr\u00f3prio patr\u00e3o, Ferette (Murilo Ben\u00edcio). O vil\u00e3o decidir\u00e1 silenci\u00e1-lo permanentemente com uma queima de arquivo. Ele [&hellip;]<\/p>\n","protected":false},"author":1,"featured_media":97947,"comment_status":"closed","ping_status":"","sticky":false,"template":"","format":"standard","meta":{"googlesitekit_rrm_CAow2JLhCw:productID":"","_gspb_post_css":"","maa_idioma":"","maa_pais":"","footnotes":""},"categories":[4],"tags":[3306,15390,3134,17610,1783,24209,4828,3133,14993,15916],"class_list":["post-97946","post","type-post","status-publish","format-standard","has-post-thumbnail","hentry","category-brasil","tag-antes","tag-choca","tag-gracas","tag-morrer","tag-noticias","tag-palavras","tag-suas","tag-tres","tag-ultimas","tag-vicente"],"blocksy_meta":[],"yoast_head":"<!-- This site is optimized with the Yoast SEO Premium plugin v27.6 (Yoast SEO v27.6) - https:\/\/yoast.com\/product\/yoast-seo-premium-wordpress\/ -->\n<title>Antes de morrer, Vicente choca com suas \u00faltimas palavras em Tr\u00eas Gra\u00e7as \u00b7 Not\u00edcias da TV - Ubirat\u00e3 Online Not\u00edcias - A realidade ao seu alcance!<\/title>\n<meta name=\"description\" content=\"Nos pr\u00f3ximos cap\u00edtulos de Tr\u00eas Gra\u00e7as, o p\u00fablico assistir\u00e1 a um desfecho sangrento e impactante. Vicente (Marcello Escorel), o gerente da Casa de Farinha\" \/>\n<meta name=\"robots\" content=\"index, follow, max-snippet:-1, max-image-preview:large, max-video-preview:-1\" \/>\n<link rel=\"canonical\" href=\"https:\/\/ubirataonline.com.br\/en\/antes-de-morrer-vicente-choca-com-suas-ultimas-palavras-em-tres-gracas-\u00b7-noticias-da-tv\/\" \/>\n<meta property=\"og:locale\" content=\"en_US\" \/>\n<meta property=\"og:type\" content=\"article\" \/>\n<meta property=\"og:title\" content=\"Antes de morrer, Vicente choca com suas \u00faltimas palavras em Tr\u00eas Gra\u00e7as \u00b7 Not\u00edcias da TV\" \/>\n<meta property=\"og:description\" content=\"Nos pr\u00f3ximos cap\u00edtulos de Tr\u00eas Gra\u00e7as, o p\u00fablico assistir\u00e1 a um desfecho sangrento e impactante. Vicente (Marcello Escorel), o gerente da Casa de Farinha\" \/>\n<meta property=\"og:url\" content=\"https:\/\/ubirataonline.com.br\/en\/antes-de-morrer-vicente-choca-com-suas-ultimas-palavras-em-tres-gracas-\u00b7-noticias-da-tv\/\" \/>\n<meta property=\"og:site_name\" content=\"Ubirat\u00e3 Online Not\u00edcias - A realidade ao seu alcance!\" \/>\n<meta property=\"article:publisher\" content=\"https:\/\/www.facebook.com\/portalubirataonline\" \/>\n<meta property=\"article:author\" content=\"https:\/\/www.facebook.com\/portalubirataonline\" \/>\n<meta property=\"article:published_time\" content=\"2026-03-29T02:15:57+00:00\" \/>\n<meta property=\"article:modified_time\" content=\"2026-03-29T02:16:02+00:00\" \/>\n<meta property=\"og:image\" content=\"https:\/\/ubirataonline.com.br\/wp-content\/uploads\/2026\/03\/Antes-de-morrer-Vicente-choca-com-suas-ultimas-palavras-em.jpg\" \/>\n\t<meta property=\"og:image:width\" content=\"1360\" \/>\n\t<meta property=\"og:image:height\" content=\"850\" \/>\n\t<meta property=\"og:image:type\" content=\"image\/jpeg\" \/>\n<meta name=\"author\" content=\"REDA\u00c7\u00c3O: UBIRAT\u00c3 ONLINE - F\u00c1BIO AUGUSTO CELESTINO\" \/>\n<meta name=\"twitter:card\" content=\"summary_large_image\" \/>\n<meta name=\"twitter:creator\" content=\"@x.com\/ubirataonline\" \/>\n<meta name=\"twitter:site\" content=\"@ubirataonline\" \/>\n<meta name=\"twitter:label1\" content=\"Written by\" \/>\n\t<meta name=\"twitter:data1\" content=\"REDA\u00c7\u00c3O: UBIRAT\u00c3 ONLINE - F\u00c1BIO AUGUSTO CELESTINO\" \/>\n\t<meta name=\"twitter:label2\" content=\"Est. reading time\" \/>\n\t<meta name=\"twitter:data2\" content=\"2 minutes\" \/>\n<script type=\"application\/ld+json\" class=\"yoast-schema-graph\">{\"@context\":\"https:\\\/\\\/schema.org\",\"@graph\":[{\"@type\":\"NewsArticle\",\"@id\":\"https:\\\/\\\/ubirataonline.com.br\\\/antes-de-morrer-vicente-choca-com-suas-ultimas-palavras-em-tres-gracas-%c2%b7-noticias-da-tv\\\/#article\",\"isPartOf\":{\"@id\":\"https:\\\/\\\/ubirataonline.com.br\\\/antes-de-morrer-vicente-choca-com-suas-ultimas-palavras-em-tres-gracas-%c2%b7-noticias-da-tv\\\/\"},\"author\":{\"name\":\"REDA\u00c7\u00c3O: UBIRAT\u00c3 ONLINE - F\u00c1BIO AUGUSTO CELESTINO\",\"@id\":\"https:\\\/\\\/ubirataonline.com.br\\\/#\\\/schema\\\/person\\\/372f87bbd3fdd79b8556b84c98d0bc1c\"},\"headline\":\"Antes de morrer, Vicente choca com suas \u00faltimas palavras em Tr\u00eas Gra\u00e7as \u00b7 Not\u00edcias da TV\",\"datePublished\":\"2026-03-29T02:15:57+00:00\",\"dateModified\":\"2026-03-29T02:16:02+00:00\",\"mainEntityOfPage\":{\"@id\":\"https:\\\/\\\/ubirataonline.com.br\\\/antes-de-morrer-vicente-choca-com-suas-ultimas-palavras-em-tres-gracas-%c2%b7-noticias-da-tv\\\/\"},\"wordCount\":407,\"publisher\":{\"@id\":\"https:\\\/\\\/ubirataonline.com.br\\\/#organization\"},\"image\":{\"@id\":\"https:\\\/\\\/ubirataonline.com.br\\\/antes-de-morrer-vicente-choca-com-suas-ultimas-palavras-em-tres-gracas-%c2%b7-noticias-da-tv\\\/#primaryimage\"},\"thumbnailUrl\":\"https:\\\/\\\/ubirataonline.com.br\\\/wp-content\\\/uploads\\\/2026\\\/03\\\/Antes-de-morrer-Vicente-choca-com-suas-ultimas-palavras-em.jpg\",\"keywords\":[\"antes\",\"choca\",\"Gra\u00e7as\",\"morrer\",\"NOT\u00cdCIAS\",\"palavras\",\"suas\",\"Tr\u00eas\",\"\u00faltimas\",\"Vicente\"],\"articleSection\":[\"Brasil\"],\"inLanguage\":\"en-US\",\"copyrightYear\":\"2026\",\"copyrightHolder\":{\"@id\":\"https:\\\/\\\/ubirataonline.com.br\\\/en\\\/#organization\"}},{\"@type\":\"WebPage\",\"@id\":\"https:\\\/\\\/ubirataonline.com.br\\\/antes-de-morrer-vicente-choca-com-suas-ultimas-palavras-em-tres-gracas-%c2%b7-noticias-da-tv\\\/\",\"url\":\"https:\\\/\\\/ubirataonline.com.br\\\/antes-de-morrer-vicente-choca-com-suas-ultimas-palavras-em-tres-gracas-%c2%b7-noticias-da-tv\\\/\",\"name\":\"Antes de morrer, Vicente choca com suas \u00faltimas palavras em Tr\u00eas Gra\u00e7as \u00b7 Not\u00edcias da TV - Ubirat\u00e3 Online Not\u00edcias - A realidade ao seu alcance!\",\"isPartOf\":{\"@id\":\"https:\\\/\\\/ubirataonline.com.br\\\/#website\"},\"primaryImageOfPage\":{\"@id\":\"https:\\\/\\\/ubirataonline.com.br\\\/antes-de-morrer-vicente-choca-com-suas-ultimas-palavras-em-tres-gracas-%c2%b7-noticias-da-tv\\\/#primaryimage\"},\"image\":{\"@id\":\"https:\\\/\\\/ubirataonline.com.br\\\/antes-de-morrer-vicente-choca-com-suas-ultimas-palavras-em-tres-gracas-%c2%b7-noticias-da-tv\\\/#primaryimage\"},\"thumbnailUrl\":\"https:\\\/\\\/ubirataonline.com.br\\\/wp-content\\\/uploads\\\/2026\\\/03\\\/Antes-de-morrer-Vicente-choca-com-suas-ultimas-palavras-em.jpg\",\"datePublished\":\"2026-03-29T02:15:57+00:00\",\"dateModified\":\"2026-03-29T02:16:02+00:00\",\"description\":\"Nos pr\u00f3ximos cap\u00edtulos de Tr\u00eas Gra\u00e7as, o p\u00fablico assistir\u00e1 a um desfecho sangrento e impactante. Vicente (Marcello Escorel), o gerente da Casa de Farinha\",\"breadcrumb\":{\"@id\":\"https:\\\/\\\/ubirataonline.com.br\\\/antes-de-morrer-vicente-choca-com-suas-ultimas-palavras-em-tres-gracas-%c2%b7-noticias-da-tv\\\/#breadcrumb\"},\"inLanguage\":\"en-US\",\"potentialAction\":[{\"@type\":\"ReadAction\",\"target\":[\"https:\\\/\\\/ubirataonline.com.br\\\/antes-de-morrer-vicente-choca-com-suas-ultimas-palavras-em-tres-gracas-%c2%b7-noticias-da-tv\\\/\"]}]},{\"@type\":\"ImageObject\",\"inLanguage\":\"en-US\",\"@id\":\"https:\\\/\\\/ubirataonline.com.br\\\/antes-de-morrer-vicente-choca-com-suas-ultimas-palavras-em-tres-gracas-%c2%b7-noticias-da-tv\\\/#primaryimage\",\"url\":\"https:\\\/\\\/ubirataonline.com.br\\\/wp-content\\\/uploads\\\/2026\\\/03\\\/Antes-de-morrer-Vicente-choca-com-suas-ultimas-palavras-em.jpg\",\"contentUrl\":\"https:\\\/\\\/ubirataonline.com.br\\\/wp-content\\\/uploads\\\/2026\\\/03\\\/Antes-de-morrer-Vicente-choca-com-suas-ultimas-palavras-em.jpg\",\"width\":1360,\"height\":850,\"caption\":\"Antes de morrer, Vicente choca com suas \u00faltimas palavras em Tr\u00eas Gra\u00e7as \u00b7 Not\u00edcias da TV\"},{\"@type\":\"BreadcrumbList\",\"@id\":\"https:\\\/\\\/ubirataonline.com.br\\\/antes-de-morrer-vicente-choca-com-suas-ultimas-palavras-em-tres-gracas-%c2%b7-noticias-da-tv\\\/#breadcrumb\",\"itemListElement\":[{\"@type\":\"ListItem\",\"position\":1,\"name\":\"In\u00edcio\",\"item\":\"https:\\\/\\\/ubirataonline.com.br\\\/\"},{\"@type\":\"ListItem\",\"position\":2,\"name\":\"Antes de morrer, Vicente choca com suas \u00faltimas palavras em Tr\u00eas Gra\u00e7as \u00b7 Not\u00edcias da TV\"}]},{\"@type\":\"WebSite\",\"@id\":\"https:\\\/\\\/ubirataonline.com.br\\\/#website\",\"url\":\"https:\\\/\\\/ubirataonline.com.br\\\/\",\"name\":\"Ubirat\u00e3 Online Not\u00edcias\",\"description\":\"Not\u00edcias de Ubirat\u00e3, regi\u00e3o, Brasil e mundo, com informa\u00e7\u00e3o atualizada e compromisso com o leitor.\",\"publisher\":{\"@id\":\"https:\\\/\\\/ubirataonline.com.br\\\/#organization\"},\"alternateName\":\"Ubirat\u00e3 Online\",\"potentialAction\":[{\"@type\":\"SearchAction\",\"target\":{\"@type\":\"EntryPoint\",\"urlTemplate\":\"https:\\\/\\\/ubirataonline.com.br\\\/?s={search_term_string}\"},\"query-input\":{\"@type\":\"PropertyValueSpecification\",\"valueRequired\":true,\"valueName\":\"search_term_string\"}}],\"inLanguage\":\"en-US\"},{\"@type\":[\"Organization\",\"Place\"],\"@id\":\"https:\\\/\\\/ubirataonline.com.br\\\/#organization\",\"name\":\"Ubirat\u00e3 Online Not\u00edcias\",\"alternateName\":\"Ubirat\u00e3 Online\",\"url\":\"https:\\\/\\\/ubirataonline.com.br\\\/\",\"logo\":{\"@id\":\"https:\\\/\\\/ubirataonline.com.br\\\/antes-de-morrer-vicente-choca-com-suas-ultimas-palavras-em-tres-gracas-%c2%b7-noticias-da-tv\\\/#local-main-organization-logo\"},\"image\":{\"@id\":\"https:\\\/\\\/ubirataonline.com.br\\\/antes-de-morrer-vicente-choca-com-suas-ultimas-palavras-em-tres-gracas-%c2%b7-noticias-da-tv\\\/#local-main-organization-logo\"},\"sameAs\":[\"https:\\\/\\\/www.facebook.com\\\/portalubirataonline\",\"https:\\\/\\\/x.com\\\/ubirataonline\",\"https:\\\/\\\/mastodon.social\\\/@ubirataonline\",\"https:\\\/\\\/www.facebook.com\\\/groups\\\/311144672285604\",\"https:\\\/\\\/www.facebook.com\\\/UBTAOnline\",\"https:\\\/\\\/www.instagram.com\\\/portalubirataonline\\\/\",\"https:\\\/\\\/twitter.com\\\/ubirataonline\"],\"description\":\"Somos um portal de not\u00edcias independente, criado em 5 de janeiro de 2009, com o objetivo de informar, conectar e valorizar a nossa comunidade de Ubirat\u00e3 e toda aregi\u00e3o. Com conte\u00fado atualizado, confi\u00e1vel e relevante, o Ubirat\u00e3 Online \u00e9 o seu espa\u00e7o para ficar por dentro dos principais acontecimentos locais, regionais, Brasil, Mundo e de interesse geral. Nosso compromisso \u00e9 com a verdade, a transpar\u00eancia e o respeito ao leitor.\",\"legalName\":\"UBIRATA ONLINE NOT\u00cdCIAS\",\"foundingDate\":\"2009-01-05\",\"numberOfEmployees\":{\"@type\":\"QuantitativeValue\",\"minValue\":\"1\",\"maxValue\":\"10\"},\"publishingPrinciples\":\"https:\\\/\\\/ubirataonline.com.br\\\/faq\\\/\",\"address\":{\"@id\":\"https:\\\/\\\/ubirataonline.com.br\\\/antes-de-morrer-vicente-choca-com-suas-ultimas-palavras-em-tres-gracas-%c2%b7-noticias-da-tv\\\/#local-main-place-address\"},\"geo\":{\"@type\":\"GeoCoordinates\",\"latitude\":\"-24.5361401\",\"longitude\":\"-52.9921776\"},\"telephone\":[\"+5544998308235\"],\"contactPoint\":{\"@type\":\"ContactPoint\",\"email\":\"contato@ubirataonline.com.br\"},\"openingHoursSpecification\":{\"@type\":\"OpeningHoursSpecification\",\"dayOfWeek\":[\"Monday\",\"Tuesday\",\"Wednesday\",\"Thursday\",\"Friday\",\"Saturday\",\"Sunday\"],\"opens\":\"00:00\",\"closes\":\"23:59\"},\"email\":\"contato@ubirataonline.com.br\",\"vatID\":\"47.621.418\\\/0001-80\"},{\"@type\":\"Person\",\"@id\":\"https:\\\/\\\/ubirataonline.com.br\\\/#\\\/schema\\\/person\\\/372f87bbd3fdd79b8556b84c98d0bc1c\",\"name\":\"REDA\u00c7\u00c3O: UBIRAT\u00c3 ONLINE - F\u00c1BIO AUGUSTO CELESTINO\",\"pronouns\":\"Ele\",\"description\":\"Desde 2003 trabalhando com not\u00edcias.\",\"sameAs\":[\"http:\\\/\\\/ubirataoline.com.br\",\"https:\\\/\\\/www.facebook.com\\\/portalubirataonline\",\"https:\\\/\\\/www.instagram.com\\\/ubirataonline_oficial\",\"https:\\\/\\\/x.com\\\/x.com\\\/ubirataonline\"],\"honorificPrefix\":\"Mr.\",\"honorificSuffix\":\"MD\",\"birthDate\":\"1980-06-16\",\"gender\":\"masculino\",\"award\":[\"V\u00e1rios pr\u00eamios de melhor portal da cidade\"],\"jobTitle\":\"Diretor\",\"url\":\"https:\\\/\\\/ubirataonline.com.br\\\/en\\\/author\\\/ubirataonline\\\/\"},{\"@type\":\"PostalAddress\",\"@id\":\"https:\\\/\\\/ubirataonline.com.br\\\/antes-de-morrer-vicente-choca-com-suas-ultimas-palavras-em-tres-gracas-%c2%b7-noticias-da-tv\\\/#local-main-place-address\",\"streetAddress\":\"Rua dos Coqueiros, 104 - Bairro Boa Vista, Rua dos Coqueiros, 104 Bairro Boa Vista\",\"addressLocality\":\"UBIRATA\",\"postalCode\":\"85440-000\",\"addressRegion\":\"PR\",\"addressCountry\":\"BR\"},{\"@type\":\"ImageObject\",\"inLanguage\":\"en-US\",\"@id\":\"https:\\\/\\\/ubirataonline.com.br\\\/antes-de-morrer-vicente-choca-com-suas-ultimas-palavras-em-tres-gracas-%c2%b7-noticias-da-tv\\\/#local-main-organization-logo\",\"url\":\"https:\\\/\\\/ubirataonline.com.br\\\/wp-content\\\/uploads\\\/2026\\\/06\\\/logoubirataonline-1.webp\",\"contentUrl\":\"https:\\\/\\\/ubirataonline.com.br\\\/wp-content\\\/uploads\\\/2026\\\/06\\\/logoubirataonline-1.webp\",\"width\":500,\"height\":500,\"caption\":\"Ubirat\u00e3 Online Not\u00edcias\"}]}<\/script>\n<meta name=\"geo.placename\" content=\"UBIRATA\" \/>\n<meta name=\"geo.position\" content=\"-24.5361401;-52.9921776\" \/>\n<meta name=\"geo.region\" content=\"Brazil\" \/>\n<!-- \/ Yoast SEO Premium plugin. -->","yoast_head_json":{"title":"Antes de morrer, Vicente choca com suas \u00faltimas palavras em Tr\u00eas Gra\u00e7as \u00b7 Not\u00edcias da TV - Ubirat\u00e3 Online Not\u00edcias - A realidade ao seu alcance!","description":"Nos pr\u00f3ximos cap\u00edtulos de Tr\u00eas Gra\u00e7as, o p\u00fablico assistir\u00e1 a um desfecho sangrento e impactante. Vicente (Marcello Escorel), o gerente da Casa de Farinha","robots":{"index":"index","follow":"follow","max-snippet":"max-snippet:-1","max-image-preview":"max-image-preview:large","max-video-preview":"max-video-preview:-1"},"canonical":"https:\/\/ubirataonline.com.br\/en\/antes-de-morrer-vicente-choca-com-suas-ultimas-palavras-em-tres-gracas-\u00b7-noticias-da-tv\/","og_locale":"en_US","og_type":"article","og_title":"Antes de morrer, Vicente choca com suas \u00faltimas palavras em Tr\u00eas Gra\u00e7as \u00b7 Not\u00edcias da TV","og_description":"Nos pr\u00f3ximos cap\u00edtulos de Tr\u00eas Gra\u00e7as, o p\u00fablico assistir\u00e1 a um desfecho sangrento e impactante. Vicente (Marcello Escorel), o gerente da Casa de Farinha","og_url":"https:\/\/ubirataonline.com.br\/en\/antes-de-morrer-vicente-choca-com-suas-ultimas-palavras-em-tres-gracas-\u00b7-noticias-da-tv\/","og_site_name":"Ubirat\u00e3 Online Not\u00edcias - A realidade ao seu alcance!","article_publisher":"https:\/\/www.facebook.com\/portalubirataonline","article_author":"https:\/\/www.facebook.com\/portalubirataonline","article_published_time":"2026-03-29T02:15:57+00:00","article_modified_time":"2026-03-29T02:16:02+00:00","og_image":[{"width":1360,"height":850,"url":"https:\/\/ubirataonline.com.br\/wp-content\/uploads\/2026\/03\/Antes-de-morrer-Vicente-choca-com-suas-ultimas-palavras-em.jpg","type":"image\/jpeg"}],"author":"REDA\u00c7\u00c3O: UBIRAT\u00c3 ONLINE - F\u00c1BIO AUGUSTO CELESTINO","twitter_card":"summary_large_image","twitter_creator":"@x.com\/ubirataonline","twitter_site":"@ubirataonline","twitter_misc":{"Written by":"REDA\u00c7\u00c3O: UBIRAT\u00c3 ONLINE - F\u00c1BIO AUGUSTO CELESTINO","Est. reading time":"2 minutes"},"schema":{"@context":"https:\/\/schema.org","@graph":[{"@type":"NewsArticle","@id":"https:\/\/ubirataonline.com.br\/antes-de-morrer-vicente-choca-com-suas-ultimas-palavras-em-tres-gracas-%c2%b7-noticias-da-tv\/#article","isPartOf":{"@id":"https:\/\/ubirataonline.com.br\/antes-de-morrer-vicente-choca-com-suas-ultimas-palavras-em-tres-gracas-%c2%b7-noticias-da-tv\/"},"author":{"name":"REDA\u00c7\u00c3O: UBIRAT\u00c3 ONLINE - F\u00c1BIO AUGUSTO CELESTINO","@id":"https:\/\/ubirataonline.com.br\/#\/schema\/person\/372f87bbd3fdd79b8556b84c98d0bc1c"},"headline":"Antes de morrer, Vicente choca com suas \u00faltimas palavras em Tr\u00eas Gra\u00e7as \u00b7 Not\u00edcias da TV","datePublished":"2026-03-29T02:15:57+00:00","dateModified":"2026-03-29T02:16:02+00:00","mainEntityOfPage":{"@id":"https:\/\/ubirataonline.com.br\/antes-de-morrer-vicente-choca-com-suas-ultimas-palavras-em-tres-gracas-%c2%b7-noticias-da-tv\/"},"wordCount":407,"publisher":{"@id":"https:\/\/ubirataonline.com.br\/#organization"},"image":{"@id":"https:\/\/ubirataonline.com.br\/antes-de-morrer-vicente-choca-com-suas-ultimas-palavras-em-tres-gracas-%c2%b7-noticias-da-tv\/#primaryimage"},"thumbnailUrl":"https:\/\/ubirataonline.com.br\/wp-content\/uploads\/2026\/03\/Antes-de-morrer-Vicente-choca-com-suas-ultimas-palavras-em.jpg","keywords":["antes","choca","Gra\u00e7as","morrer","NOT\u00cdCIAS","palavras","suas","Tr\u00eas","\u00faltimas","Vicente"],"articleSection":["Brasil"],"inLanguage":"en-US","copyrightYear":"2026","copyrightHolder":{"@id":"https:\/\/ubirataonline.com.br\/en\/#organization"}},{"@type":"WebPage","@id":"https:\/\/ubirataonline.com.br\/antes-de-morrer-vicente-choca-com-suas-ultimas-palavras-em-tres-gracas-%c2%b7-noticias-da-tv\/","url":"https:\/\/ubirataonline.com.br\/antes-de-morrer-vicente-choca-com-suas-ultimas-palavras-em-tres-gracas-%c2%b7-noticias-da-tv\/","name":"Antes de morrer, Vicente choca com suas \u00faltimas palavras em Tr\u00eas Gra\u00e7as \u00b7 Not\u00edcias da TV - Ubirat\u00e3 Online Not\u00edcias - A realidade ao seu alcance!","isPartOf":{"@id":"https:\/\/ubirataonline.com.br\/#website"},"primaryImageOfPage":{"@id":"https:\/\/ubirataonline.com.br\/antes-de-morrer-vicente-choca-com-suas-ultimas-palavras-em-tres-gracas-%c2%b7-noticias-da-tv\/#primaryimage"},"image":{"@id":"https:\/\/ubirataonline.com.br\/antes-de-morrer-vicente-choca-com-suas-ultimas-palavras-em-tres-gracas-%c2%b7-noticias-da-tv\/#primaryimage"},"thumbnailUrl":"https:\/\/ubirataonline.com.br\/wp-content\/uploads\/2026\/03\/Antes-de-morrer-Vicente-choca-com-suas-ultimas-palavras-em.jpg","datePublished":"2026-03-29T02:15:57+00:00","dateModified":"2026-03-29T02:16:02+00:00","description":"Nos pr\u00f3ximos cap\u00edtulos de Tr\u00eas Gra\u00e7as, o p\u00fablico assistir\u00e1 a um desfecho sangrento e impactante. Vicente (Marcello Escorel), o gerente da Casa de Farinha","breadcrumb":{"@id":"https:\/\/ubirataonline.com.br\/antes-de-morrer-vicente-choca-com-suas-ultimas-palavras-em-tres-gracas-%c2%b7-noticias-da-tv\/#breadcrumb"},"inLanguage":"en-US","potentialAction":[{"@type":"ReadAction","target":["https:\/\/ubirataonline.com.br\/antes-de-morrer-vicente-choca-com-suas-ultimas-palavras-em-tres-gracas-%c2%b7-noticias-da-tv\/"]}]},{"@type":"ImageObject","inLanguage":"en-US","@id":"https:\/\/ubirataonline.com.br\/antes-de-morrer-vicente-choca-com-suas-ultimas-palavras-em-tres-gracas-%c2%b7-noticias-da-tv\/#primaryimage","url":"https:\/\/ubirataonline.com.br\/wp-content\/uploads\/2026\/03\/Antes-de-morrer-Vicente-choca-com-suas-ultimas-palavras-em.jpg","contentUrl":"https:\/\/ubirataonline.com.br\/wp-content\/uploads\/2026\/03\/Antes-de-morrer-Vicente-choca-com-suas-ultimas-palavras-em.jpg","width":1360,"height":850,"caption":"Antes de morrer, Vicente choca com suas \u00faltimas palavras em Tr\u00eas Gra\u00e7as \u00b7 Not\u00edcias da TV"},{"@type":"BreadcrumbList","@id":"https:\/\/ubirataonline.com.br\/antes-de-morrer-vicente-choca-com-suas-ultimas-palavras-em-tres-gracas-%c2%b7-noticias-da-tv\/#breadcrumb","itemListElement":[{"@type":"ListItem","position":1,"name":"In\u00edcio","item":"https:\/\/ubirataonline.com.br\/"},{"@type":"ListItem","position":2,"name":"Antes de morrer, Vicente choca com suas \u00faltimas palavras em Tr\u00eas Gra\u00e7as \u00b7 Not\u00edcias da TV"}]},{"@type":"WebSite","@id":"https:\/\/ubirataonline.com.br\/#website","url":"https:\/\/ubirataonline.com.br\/","name":"Ubirat\u00e3 Online Not\u00edcias","description":"Not\u00edcias de Ubirat\u00e3, regi\u00e3o, Brasil e mundo, com informa\u00e7\u00e3o atualizada e compromisso com o leitor.","publisher":{"@id":"https:\/\/ubirataonline.com.br\/#organization"},"alternateName":"Ubirat\u00e3 Online","potentialAction":[{"@type":"SearchAction","target":{"@type":"EntryPoint","urlTemplate":"https:\/\/ubirataonline.com.br\/?s={search_term_string}"},"query-input":{"@type":"PropertyValueSpecification","valueRequired":true,"valueName":"search_term_string"}}],"inLanguage":"en-US"},{"@type":["Organization","Place"],"@id":"https:\/\/ubirataonline.com.br\/#organization","name":"Ubirat\u00e3 Online Not\u00edcias","alternateName":"Ubirat\u00e3 Online","url":"https:\/\/ubirataonline.com.br\/","logo":{"@id":"https:\/\/ubirataonline.com.br\/antes-de-morrer-vicente-choca-com-suas-ultimas-palavras-em-tres-gracas-%c2%b7-noticias-da-tv\/#local-main-organization-logo"},"image":{"@id":"https:\/\/ubirataonline.com.br\/antes-de-morrer-vicente-choca-com-suas-ultimas-palavras-em-tres-gracas-%c2%b7-noticias-da-tv\/#local-main-organization-logo"},"sameAs":["https:\/\/www.facebook.com\/portalubirataonline","https:\/\/x.com\/ubirataonline","https:\/\/mastodon.social\/@ubirataonline","https:\/\/www.facebook.com\/groups\/311144672285604","https:\/\/www.facebook.com\/UBTAOnline","https:\/\/www.instagram.com\/portalubirataonline\/","https:\/\/twitter.com\/ubirataonline"],"description":"Somos um portal de not\u00edcias independente, criado em 5 de janeiro de 2009, com o objetivo de informar, conectar e valorizar a nossa comunidade de Ubirat\u00e3 e toda aregi\u00e3o. Com conte\u00fado atualizado, confi\u00e1vel e relevante, o Ubirat\u00e3 Online \u00e9 o seu espa\u00e7o para ficar por dentro dos principais acontecimentos locais, regionais, Brasil, Mundo e de interesse geral. Nosso compromisso \u00e9 com a verdade, a transpar\u00eancia e o respeito ao leitor.","legalName":"UBIRATA ONLINE NOT\u00cdCIAS","foundingDate":"2009-01-05","numberOfEmployees":{"@type":"QuantitativeValue","minValue":"1","maxValue":"10"},"publishingPrinciples":"https:\/\/ubirataonline.com.br\/faq\/","address":{"@id":"https:\/\/ubirataonline.com.br\/antes-de-morrer-vicente-choca-com-suas-ultimas-palavras-em-tres-gracas-%c2%b7-noticias-da-tv\/#local-main-place-address"},"geo":{"@type":"GeoCoordinates","latitude":"-24.5361401","longitude":"-52.9921776"},"telephone":["+5544998308235"],"contactPoint":{"@type":"ContactPoint","email":"contato@ubirataonline.com.br"},"openingHoursSpecification":{"@type":"OpeningHoursSpecification","dayOfWeek":["Monday","Tuesday","Wednesday","Thursday","Friday","Saturday","Sunday"],"opens":"00:00","closes":"23:59"},"email":"contato@ubirataonline.com.br","vatID":"47.621.418\/0001-80"},{"@type":"Person","@id":"https:\/\/ubirataonline.com.br\/#\/schema\/person\/372f87bbd3fdd79b8556b84c98d0bc1c","name":"REDA\u00c7\u00c3O: UBIRAT\u00c3 ONLINE - F\u00c1BIO AUGUSTO CELESTINO","pronouns":"Ele","description":"Desde 2003 trabalhando com not\u00edcias.","sameAs":["http:\/\/ubirataoline.com.br","https:\/\/www.facebook.com\/portalubirataonline","https:\/\/www.instagram.com\/ubirataonline_oficial","https:\/\/x.com\/x.com\/ubirataonline"],"honorificPrefix":"Mr.","honorificSuffix":"MD","birthDate":"1980-06-16","gender":"masculino","award":["V\u00e1rios pr\u00eamios de melhor portal da cidade"],"jobTitle":"Diretor","url":"https:\/\/ubirataonline.com.br\/en\/author\/ubirataonline\/"},{"@type":"PostalAddress","@id":"https:\/\/ubirataonline.com.br\/antes-de-morrer-vicente-choca-com-suas-ultimas-palavras-em-tres-gracas-%c2%b7-noticias-da-tv\/#local-main-place-address","streetAddress":"Rua dos Coqueiros, 104 - Bairro Boa Vista, Rua dos Coqueiros, 104 Bairro Boa Vista","addressLocality":"UBIRATA","postalCode":"85440-000","addressRegion":"PR","addressCountry":"BR"},{"@type":"ImageObject","inLanguage":"en-US","@id":"https:\/\/ubirataonline.com.br\/antes-de-morrer-vicente-choca-com-suas-ultimas-palavras-em-tres-gracas-%c2%b7-noticias-da-tv\/#local-main-organization-logo","url":"https:\/\/ubirataonline.com.br\/wp-content\/uploads\/2026\/06\/logoubirataonline-1.webp","contentUrl":"https:\/\/ubirataonline.com.br\/wp-content\/uploads\/2026\/06\/logoubirataonline-1.webp","width":500,"height":500,"caption":"Ubirat\u00e3 Online Not\u00edcias"}]},"geo.placename":"UBIRATA","geo.position":{"lat":"-24.5361401","long":"-52.9921776"},"geo.region":"Brazil"},"_links":{"self":[{"href":"https:\/\/ubirataonline.com.br\/en\/wp-json\/wp\/v2\/posts\/97946","targetHints":{"allow":["GET"]}}],"collection":[{"href":"https:\/\/ubirataonline.com.br\/en\/wp-json\/wp\/v2\/posts"}],"about":[{"href":"https:\/\/ubirataonline.com.br\/en\/wp-json\/wp\/v2\/types\/post"}],"author":[{"embeddable":true,"href":"https:\/\/ubirataonline.com.br\/en\/wp-json\/wp\/v2\/users\/1"}],"replies":[{"embeddable":true,"href":"https:\/\/ubirataonline.com.br\/en\/wp-json\/wp\/v2\/comments?post=97946"}],"version-history":[{"count":0,"href":"https:\/\/ubirataonline.com.br\/en\/wp-json\/wp\/v2\/posts\/97946\/revisions"}],"wp:featuredmedia":[{"embeddable":true,"href":"https:\/\/ubirataonline.com.br\/en\/wp-json\/wp\/v2\/media\/97947"}],"wp:attachment":[{"href":"https:\/\/ubirataonline.com.br\/en\/wp-json\/wp\/v2\/media?parent=97946"}],"wp:term":[{"taxonomy":"category","embeddable":true,"href":"https:\/\/ubirataonline.com.br\/en\/wp-json\/wp\/v2\/categories?post=97946"},{"taxonomy":"post_tag","embeddable":true,"href":"https:\/\/ubirataonline.com.br\/en\/wp-json\/wp\/v2\/tags?post=97946"}],"curies":[{"name":"wp","href":"https:\/\/api.w.org\/{rel}","templated":true}]}}