{"id":97951,"date":"2026-03-28T23:28:46","date_gmt":"2026-03-29T02:28:46","guid":{"rendered":"https:\/\/ubirataonline.com.br\/homem-e-detido-pela-gm-acusado-de-espancar-companheira-no-santa-felicidade\/"},"modified":"2026-03-28T23:28:51","modified_gmt":"2026-03-29T02:28:51","slug":"homem-e-detido-pela-gm-acusado-de-espancar-companheira-no-santa-felicidade","status":"publish","type":"post","link":"https:\/\/ubirataonline.com.br\/en\/homem-e-detido-pela-gm-acusado-de-espancar-companheira-no-santa-felicidade\/","title":{"rendered":"Homem \u00e9 detido pela GM acusado de espancar companheira no Santa Felicidade"},"content":{"rendered":"<p><\/p>\n<div id=\"texto\">\n<p>Na noite deste s\u00e1bado (28),um homem de 33 anos foi detido pela Guarda Municipal, ap\u00f3s ser acusado de agredir fisicamente sua companheira em uma resid\u00eancia na Rua Capit\u00e3o Danilo Palladini, no bairro Santa Felicidade, em Cascavel.<\/p>\n<p>Segundo a den\u00fancia, a fam\u00edlia da v\u00edtima, de origem venezuelana, presenciou toda a discuss\u00e3o, que evoluiu para agress\u00f5es f\u00edsicas, incluindo socos e chutes.<\/p>\n<p>A GM foi acionada e se deslocou at\u00e9 o local, onde deteve o suspeito, que foi encaminhado \u00e0 delegacia de pol\u00edcia para os procedimentos legais.<\/p>\n<p>A companheira, acompanhada de familiares, tamb\u00e9m compareceu \u00e0 delegacia para registrar a ocorr\u00eancia e prestar depoimento.<\/p>\n<\/p><\/div>\n<p><a href=\"https:\/\/cgn.inf.br\/noticia\/2072969\/homem-e-detido-pela-gm-acusado-de-espancar-companheira-no-santa-felicidade\">Fonte do Artigo <\/a><\/p>","protected":false},"excerpt":{"rendered":"<p>Na noite deste s\u00e1bado (28),um homem de 33 anos foi detido pela Guarda Municipal, ap\u00f3s ser acusado de agredir fisicamente sua companheira em uma resid\u00eancia na Rua Capit\u00e3o Danilo Palladini, no bairro Santa Felicidade, em Cascavel. Segundo a den\u00fancia, a fam\u00edlia da v\u00edtima, de origem venezuelana, presenciou toda a discuss\u00e3o, que evoluiu para agress\u00f5es f\u00edsicas, [&hellip;]<\/p>\n","protected":false},"author":1,"featured_media":97952,"comment_status":"closed","ping_status":"","sticky":false,"template":"","format":"standard","meta":{"googlesitekit_rrm_CAow2JLhCw:productID":"","_gspb_post_css":"","maa_idioma":"","maa_pais":"","footnotes":""},"categories":[1],"tags":[3706,9068,7023,24210,1696,105,3228,3804],"class_list":["post-97951","post","type-post","status-publish","format-standard","has-post-thumbnail","hentry","category-ubirata","tag-acusado","tag-companheira","tag-detido","tag-espancar","tag-felicidade","tag-homem","tag-pela","tag-santa"],"blocksy_meta":[],"yoast_head":"<!-- This site is optimized with the Yoast SEO Premium plugin v27.6 (Yoast SEO v27.6) - https:\/\/yoast.com\/product\/yoast-seo-premium-wordpress\/ -->\n<title>Homem \u00e9 detido pela GM acusado de espancar companheira no Santa Felicidade - Ubirat\u00e3 Online Not\u00edcias - A realidade ao seu alcance!<\/title>\n<meta name=\"description\" content=\"Na noite deste s\u00e1bado (28),um homem de 33 anos foi detido pela Guarda Municipal, ap\u00f3s ser acusado de agredir fisicamente sua companheira em uma resid\u00eancia\" \/>\n<meta name=\"robots\" content=\"index, follow, max-snippet:-1, max-image-preview:large, max-video-preview:-1\" \/>\n<link rel=\"canonical\" href=\"https:\/\/ubirataonline.com.br\/en\/homem-e-detido-pela-gm-acusado-de-espancar-companheira-no-santa-felicidade\/\" \/>\n<meta property=\"og:locale\" content=\"en_US\" \/>\n<meta property=\"og:type\" content=\"article\" \/>\n<meta property=\"og:title\" content=\"Homem \u00e9 detido pela GM acusado de espancar companheira no Santa Felicidade\" \/>\n<meta property=\"og:description\" content=\"Na noite deste s\u00e1bado (28),um homem de 33 anos foi detido pela Guarda Municipal, ap\u00f3s ser acusado de agredir fisicamente sua companheira em uma resid\u00eancia\" \/>\n<meta property=\"og:url\" content=\"https:\/\/ubirataonline.com.br\/en\/homem-e-detido-pela-gm-acusado-de-espancar-companheira-no-santa-felicidade\/\" \/>\n<meta property=\"og:site_name\" content=\"Ubirat\u00e3 Online Not\u00edcias - A realidade ao seu alcance!\" \/>\n<meta property=\"article:publisher\" content=\"https:\/\/www.facebook.com\/portalubirataonline\" \/>\n<meta property=\"article:author\" content=\"https:\/\/www.facebook.com\/portalubirataonline\" \/>\n<meta property=\"article:published_time\" content=\"2026-03-29T02:28:46+00:00\" \/>\n<meta property=\"article:modified_time\" content=\"2026-03-29T02:28:51+00:00\" \/>\n<meta property=\"og:image\" content=\"https:\/\/ubirataonline.com.br\/wp-content\/uploads\/2026\/03\/Homem-e-detido-pela-GM-acusado-de-espancar-companheira-no.jpg\" \/>\n\t<meta property=\"og:image:width\" content=\"2560\" \/>\n\t<meta property=\"og:image:height\" content=\"1440\" \/>\n\t<meta property=\"og:image:type\" content=\"image\/jpeg\" \/>\n<meta name=\"author\" content=\"REDA\u00c7\u00c3O: UBIRAT\u00c3 ONLINE - F\u00c1BIO AUGUSTO CELESTINO\" \/>\n<meta name=\"twitter:card\" content=\"summary_large_image\" \/>\n<meta name=\"twitter:creator\" content=\"@x.com\/ubirataonline\" \/>\n<meta name=\"twitter:site\" content=\"@ubirataonline\" \/>\n<meta name=\"twitter:label1\" content=\"Written by\" \/>\n\t<meta name=\"twitter:data1\" content=\"REDA\u00c7\u00c3O: UBIRAT\u00c3 ONLINE - F\u00c1BIO AUGUSTO CELESTINO\" \/>\n\t<meta name=\"twitter:label2\" content=\"Est. reading time\" \/>\n\t<meta name=\"twitter:data2\" content=\"1 minute\" \/>\n<script type=\"application\/ld+json\" class=\"yoast-schema-graph\">{\"@context\":\"https:\\\/\\\/schema.org\",\"@graph\":[{\"@type\":\"NewsArticle\",\"@id\":\"https:\\\/\\\/ubirataonline.com.br\\\/homem-e-detido-pela-gm-acusado-de-espancar-companheira-no-santa-felicidade\\\/#article\",\"isPartOf\":{\"@id\":\"https:\\\/\\\/ubirataonline.com.br\\\/homem-e-detido-pela-gm-acusado-de-espancar-companheira-no-santa-felicidade\\\/\"},\"author\":{\"name\":\"REDA\u00c7\u00c3O: UBIRAT\u00c3 ONLINE - F\u00c1BIO AUGUSTO CELESTINO\",\"@id\":\"https:\\\/\\\/ubirataonline.com.br\\\/#\\\/schema\\\/person\\\/372f87bbd3fdd79b8556b84c98d0bc1c\"},\"headline\":\"Homem \u00e9 detido pela GM acusado de espancar companheira no Santa Felicidade\",\"datePublished\":\"2026-03-29T02:28:46+00:00\",\"dateModified\":\"2026-03-29T02:28:51+00:00\",\"mainEntityOfPage\":{\"@id\":\"https:\\\/\\\/ubirataonline.com.br\\\/homem-e-detido-pela-gm-acusado-de-espancar-companheira-no-santa-felicidade\\\/\"},\"wordCount\":124,\"publisher\":{\"@id\":\"https:\\\/\\\/ubirataonline.com.br\\\/#organization\"},\"image\":{\"@id\":\"https:\\\/\\\/ubirataonline.com.br\\\/homem-e-detido-pela-gm-acusado-de-espancar-companheira-no-santa-felicidade\\\/#primaryimage\"},\"thumbnailUrl\":\"https:\\\/\\\/ubirataonline.com.br\\\/wp-content\\\/uploads\\\/2026\\\/03\\\/Homem-e-detido-pela-GM-acusado-de-espancar-companheira-no.jpg\",\"keywords\":[\"acusado\",\"companheira\",\"detido\",\"espancar\",\"Felicidade\",\"homem\",\"pela\",\"Santa\"],\"articleSection\":[\"Ubirat\u00e3\"],\"inLanguage\":\"en-US\",\"copyrightYear\":\"2026\",\"copyrightHolder\":{\"@id\":\"https:\\\/\\\/ubirataonline.com.br\\\/en\\\/#organization\"}},{\"@type\":\"WebPage\",\"@id\":\"https:\\\/\\\/ubirataonline.com.br\\\/homem-e-detido-pela-gm-acusado-de-espancar-companheira-no-santa-felicidade\\\/\",\"url\":\"https:\\\/\\\/ubirataonline.com.br\\\/homem-e-detido-pela-gm-acusado-de-espancar-companheira-no-santa-felicidade\\\/\",\"name\":\"Homem \u00e9 detido pela GM acusado de espancar companheira no Santa Felicidade - Ubirat\u00e3 Online Not\u00edcias - A realidade ao seu alcance!\",\"isPartOf\":{\"@id\":\"https:\\\/\\\/ubirataonline.com.br\\\/#website\"},\"primaryImageOfPage\":{\"@id\":\"https:\\\/\\\/ubirataonline.com.br\\\/homem-e-detido-pela-gm-acusado-de-espancar-companheira-no-santa-felicidade\\\/#primaryimage\"},\"image\":{\"@id\":\"https:\\\/\\\/ubirataonline.com.br\\\/homem-e-detido-pela-gm-acusado-de-espancar-companheira-no-santa-felicidade\\\/#primaryimage\"},\"thumbnailUrl\":\"https:\\\/\\\/ubirataonline.com.br\\\/wp-content\\\/uploads\\\/2026\\\/03\\\/Homem-e-detido-pela-GM-acusado-de-espancar-companheira-no.jpg\",\"datePublished\":\"2026-03-29T02:28:46+00:00\",\"dateModified\":\"2026-03-29T02:28:51+00:00\",\"description\":\"Na noite deste s\u00e1bado (28),um homem de 33 anos foi detido pela Guarda Municipal, ap\u00f3s ser acusado de agredir fisicamente sua companheira em uma resid\u00eancia\",\"breadcrumb\":{\"@id\":\"https:\\\/\\\/ubirataonline.com.br\\\/homem-e-detido-pela-gm-acusado-de-espancar-companheira-no-santa-felicidade\\\/#breadcrumb\"},\"inLanguage\":\"en-US\",\"potentialAction\":[{\"@type\":\"ReadAction\",\"target\":[\"https:\\\/\\\/ubirataonline.com.br\\\/homem-e-detido-pela-gm-acusado-de-espancar-companheira-no-santa-felicidade\\\/\"]}]},{\"@type\":\"ImageObject\",\"inLanguage\":\"en-US\",\"@id\":\"https:\\\/\\\/ubirataonline.com.br\\\/homem-e-detido-pela-gm-acusado-de-espancar-companheira-no-santa-felicidade\\\/#primaryimage\",\"url\":\"https:\\\/\\\/ubirataonline.com.br\\\/wp-content\\\/uploads\\\/2026\\\/03\\\/Homem-e-detido-pela-GM-acusado-de-espancar-companheira-no.jpg\",\"contentUrl\":\"https:\\\/\\\/ubirataonline.com.br\\\/wp-content\\\/uploads\\\/2026\\\/03\\\/Homem-e-detido-pela-GM-acusado-de-espancar-companheira-no.jpg\",\"width\":2560,\"height\":1440,\"caption\":\"\"},{\"@type\":\"BreadcrumbList\",\"@id\":\"https:\\\/\\\/ubirataonline.com.br\\\/homem-e-detido-pela-gm-acusado-de-espancar-companheira-no-santa-felicidade\\\/#breadcrumb\",\"itemListElement\":[{\"@type\":\"ListItem\",\"position\":1,\"name\":\"In\u00edcio\",\"item\":\"https:\\\/\\\/ubirataonline.com.br\\\/\"},{\"@type\":\"ListItem\",\"position\":2,\"name\":\"Homem \u00e9 detido pela GM acusado de espancar companheira no Santa Felicidade\"}]},{\"@type\":\"WebSite\",\"@id\":\"https:\\\/\\\/ubirataonline.com.br\\\/#website\",\"url\":\"https:\\\/\\\/ubirataonline.com.br\\\/\",\"name\":\"Ubirat\u00e3 Online Not\u00edcias\",\"description\":\"Not\u00edcias de Ubirat\u00e3, regi\u00e3o, Brasil e mundo, com informa\u00e7\u00e3o atualizada e compromisso com o leitor.\",\"publisher\":{\"@id\":\"https:\\\/\\\/ubirataonline.com.br\\\/#organization\"},\"alternateName\":\"Ubirat\u00e3 Online\",\"potentialAction\":[{\"@type\":\"SearchAction\",\"target\":{\"@type\":\"EntryPoint\",\"urlTemplate\":\"https:\\\/\\\/ubirataonline.com.br\\\/?s={search_term_string}\"},\"query-input\":{\"@type\":\"PropertyValueSpecification\",\"valueRequired\":true,\"valueName\":\"search_term_string\"}}],\"inLanguage\":\"en-US\"},{\"@type\":[\"Organization\",\"Place\"],\"@id\":\"https:\\\/\\\/ubirataonline.com.br\\\/#organization\",\"name\":\"Ubirat\u00e3 Online Not\u00edcias\",\"alternateName\":\"Ubirat\u00e3 Online\",\"url\":\"https:\\\/\\\/ubirataonline.com.br\\\/\",\"logo\":{\"@id\":\"https:\\\/\\\/ubirataonline.com.br\\\/homem-e-detido-pela-gm-acusado-de-espancar-companheira-no-santa-felicidade\\\/#local-main-organization-logo\"},\"image\":{\"@id\":\"https:\\\/\\\/ubirataonline.com.br\\\/homem-e-detido-pela-gm-acusado-de-espancar-companheira-no-santa-felicidade\\\/#local-main-organization-logo\"},\"sameAs\":[\"https:\\\/\\\/www.facebook.com\\\/portalubirataonline\",\"https:\\\/\\\/x.com\\\/ubirataonline\",\"https:\\\/\\\/mastodon.social\\\/@ubirataonline\",\"https:\\\/\\\/www.facebook.com\\\/groups\\\/311144672285604\",\"https:\\\/\\\/www.facebook.com\\\/UBTAOnline\",\"https:\\\/\\\/www.instagram.com\\\/portalubirataonline\\\/\",\"https:\\\/\\\/twitter.com\\\/ubirataonline\"],\"description\":\"Somos um portal de not\u00edcias independente, criado em 5 de janeiro de 2009, com o objetivo de informar, conectar e valorizar a nossa comunidade de Ubirat\u00e3 e toda aregi\u00e3o. Com conte\u00fado atualizado, confi\u00e1vel e relevante, o Ubirat\u00e3 Online \u00e9 o seu espa\u00e7o para ficar por dentro dos principais acontecimentos locais, regionais, Brasil, Mundo e de interesse geral. Nosso compromisso \u00e9 com a verdade, a transpar\u00eancia e o respeito ao leitor.\",\"legalName\":\"UBIRATA ONLINE NOT\u00cdCIAS\",\"foundingDate\":\"2009-01-05\",\"numberOfEmployees\":{\"@type\":\"QuantitativeValue\",\"minValue\":\"1\",\"maxValue\":\"10\"},\"publishingPrinciples\":\"https:\\\/\\\/ubirataonline.com.br\\\/faq\\\/\",\"address\":{\"@id\":\"https:\\\/\\\/ubirataonline.com.br\\\/homem-e-detido-pela-gm-acusado-de-espancar-companheira-no-santa-felicidade\\\/#local-main-place-address\"},\"geo\":{\"@type\":\"GeoCoordinates\",\"latitude\":\"-24.5361401\",\"longitude\":\"-52.9921776\"},\"telephone\":[\"+5544998308235\"],\"contactPoint\":{\"@type\":\"ContactPoint\",\"email\":\"contato@ubirataonline.com.br\"},\"openingHoursSpecification\":{\"@type\":\"OpeningHoursSpecification\",\"dayOfWeek\":[\"Monday\",\"Tuesday\",\"Wednesday\",\"Thursday\",\"Friday\",\"Saturday\",\"Sunday\"],\"opens\":\"00:00\",\"closes\":\"23:59\"},\"email\":\"contato@ubirataonline.com.br\",\"vatID\":\"47.621.418\\\/0001-80\"},{\"@type\":\"Person\",\"@id\":\"https:\\\/\\\/ubirataonline.com.br\\\/#\\\/schema\\\/person\\\/372f87bbd3fdd79b8556b84c98d0bc1c\",\"name\":\"REDA\u00c7\u00c3O: UBIRAT\u00c3 ONLINE - F\u00c1BIO AUGUSTO CELESTINO\",\"pronouns\":\"Ele\",\"description\":\"Desde 2003 trabalhando com not\u00edcias.\",\"sameAs\":[\"http:\\\/\\\/ubirataoline.com.br\",\"https:\\\/\\\/www.facebook.com\\\/portalubirataonline\",\"https:\\\/\\\/www.instagram.com\\\/ubirataonline_oficial\",\"https:\\\/\\\/x.com\\\/x.com\\\/ubirataonline\"],\"honorificPrefix\":\"Mr.\",\"honorificSuffix\":\"MD\",\"birthDate\":\"1980-06-16\",\"gender\":\"masculino\",\"award\":[\"V\u00e1rios pr\u00eamios de melhor portal da cidade\"],\"jobTitle\":\"Diretor\",\"url\":\"https:\\\/\\\/ubirataonline.com.br\\\/en\\\/author\\\/ubirataonline\\\/\"},{\"@type\":\"PostalAddress\",\"@id\":\"https:\\\/\\\/ubirataonline.com.br\\\/homem-e-detido-pela-gm-acusado-de-espancar-companheira-no-santa-felicidade\\\/#local-main-place-address\",\"streetAddress\":\"Rua dos Coqueiros, 104 - Bairro Boa Vista, Rua dos Coqueiros, 104 Bairro Boa Vista\",\"addressLocality\":\"UBIRATA\",\"postalCode\":\"85440-000\",\"addressRegion\":\"PR\",\"addressCountry\":\"BR\"},{\"@type\":\"ImageObject\",\"inLanguage\":\"en-US\",\"@id\":\"https:\\\/\\\/ubirataonline.com.br\\\/homem-e-detido-pela-gm-acusado-de-espancar-companheira-no-santa-felicidade\\\/#local-main-organization-logo\",\"url\":\"https:\\\/\\\/ubirataonline.com.br\\\/wp-content\\\/uploads\\\/2026\\\/06\\\/logoubirataonline-1.webp\",\"contentUrl\":\"https:\\\/\\\/ubirataonline.com.br\\\/wp-content\\\/uploads\\\/2026\\\/06\\\/logoubirataonline-1.webp\",\"width\":500,\"height\":500,\"caption\":\"Ubirat\u00e3 Online Not\u00edcias\"}]}<\/script>\n<meta name=\"geo.placename\" content=\"UBIRATA\" \/>\n<meta name=\"geo.position\" content=\"-24.5361401;-52.9921776\" \/>\n<meta name=\"geo.region\" content=\"Brazil\" \/>\n<!-- \/ Yoast SEO Premium plugin. -->","yoast_head_json":{"title":"Homem \u00e9 detido pela GM acusado de espancar companheira no Santa Felicidade - Ubirat\u00e3 Online Not\u00edcias - A realidade ao seu alcance!","description":"Na noite deste s\u00e1bado (28),um homem de 33 anos foi detido pela Guarda Municipal, ap\u00f3s ser acusado de agredir fisicamente sua companheira em uma resid\u00eancia","robots":{"index":"index","follow":"follow","max-snippet":"max-snippet:-1","max-image-preview":"max-image-preview:large","max-video-preview":"max-video-preview:-1"},"canonical":"https:\/\/ubirataonline.com.br\/en\/homem-e-detido-pela-gm-acusado-de-espancar-companheira-no-santa-felicidade\/","og_locale":"en_US","og_type":"article","og_title":"Homem \u00e9 detido pela GM acusado de espancar companheira no Santa Felicidade","og_description":"Na noite deste s\u00e1bado (28),um homem de 33 anos foi detido pela Guarda Municipal, ap\u00f3s ser acusado de agredir fisicamente sua companheira em uma resid\u00eancia","og_url":"https:\/\/ubirataonline.com.br\/en\/homem-e-detido-pela-gm-acusado-de-espancar-companheira-no-santa-felicidade\/","og_site_name":"Ubirat\u00e3 Online Not\u00edcias - A realidade ao seu alcance!","article_publisher":"https:\/\/www.facebook.com\/portalubirataonline","article_author":"https:\/\/www.facebook.com\/portalubirataonline","article_published_time":"2026-03-29T02:28:46+00:00","article_modified_time":"2026-03-29T02:28:51+00:00","og_image":[{"width":2560,"height":1440,"url":"https:\/\/ubirataonline.com.br\/wp-content\/uploads\/2026\/03\/Homem-e-detido-pela-GM-acusado-de-espancar-companheira-no.jpg","type":"image\/jpeg"}],"author":"REDA\u00c7\u00c3O: UBIRAT\u00c3 ONLINE - F\u00c1BIO AUGUSTO CELESTINO","twitter_card":"summary_large_image","twitter_creator":"@x.com\/ubirataonline","twitter_site":"@ubirataonline","twitter_misc":{"Written by":"REDA\u00c7\u00c3O: UBIRAT\u00c3 ONLINE - F\u00c1BIO AUGUSTO CELESTINO","Est. reading time":"1 minute"},"schema":{"@context":"https:\/\/schema.org","@graph":[{"@type":"NewsArticle","@id":"https:\/\/ubirataonline.com.br\/homem-e-detido-pela-gm-acusado-de-espancar-companheira-no-santa-felicidade\/#article","isPartOf":{"@id":"https:\/\/ubirataonline.com.br\/homem-e-detido-pela-gm-acusado-de-espancar-companheira-no-santa-felicidade\/"},"author":{"name":"REDA\u00c7\u00c3O: UBIRAT\u00c3 ONLINE - F\u00c1BIO AUGUSTO CELESTINO","@id":"https:\/\/ubirataonline.com.br\/#\/schema\/person\/372f87bbd3fdd79b8556b84c98d0bc1c"},"headline":"Homem \u00e9 detido pela GM acusado de espancar companheira no Santa Felicidade","datePublished":"2026-03-29T02:28:46+00:00","dateModified":"2026-03-29T02:28:51+00:00","mainEntityOfPage":{"@id":"https:\/\/ubirataonline.com.br\/homem-e-detido-pela-gm-acusado-de-espancar-companheira-no-santa-felicidade\/"},"wordCount":124,"publisher":{"@id":"https:\/\/ubirataonline.com.br\/#organization"},"image":{"@id":"https:\/\/ubirataonline.com.br\/homem-e-detido-pela-gm-acusado-de-espancar-companheira-no-santa-felicidade\/#primaryimage"},"thumbnailUrl":"https:\/\/ubirataonline.com.br\/wp-content\/uploads\/2026\/03\/Homem-e-detido-pela-GM-acusado-de-espancar-companheira-no.jpg","keywords":["acusado","companheira","detido","espancar","Felicidade","homem","pela","Santa"],"articleSection":["Ubirat\u00e3"],"inLanguage":"en-US","copyrightYear":"2026","copyrightHolder":{"@id":"https:\/\/ubirataonline.com.br\/en\/#organization"}},{"@type":"WebPage","@id":"https:\/\/ubirataonline.com.br\/homem-e-detido-pela-gm-acusado-de-espancar-companheira-no-santa-felicidade\/","url":"https:\/\/ubirataonline.com.br\/homem-e-detido-pela-gm-acusado-de-espancar-companheira-no-santa-felicidade\/","name":"Homem \u00e9 detido pela GM acusado de espancar companheira no Santa Felicidade - Ubirat\u00e3 Online Not\u00edcias - A realidade ao seu alcance!","isPartOf":{"@id":"https:\/\/ubirataonline.com.br\/#website"},"primaryImageOfPage":{"@id":"https:\/\/ubirataonline.com.br\/homem-e-detido-pela-gm-acusado-de-espancar-companheira-no-santa-felicidade\/#primaryimage"},"image":{"@id":"https:\/\/ubirataonline.com.br\/homem-e-detido-pela-gm-acusado-de-espancar-companheira-no-santa-felicidade\/#primaryimage"},"thumbnailUrl":"https:\/\/ubirataonline.com.br\/wp-content\/uploads\/2026\/03\/Homem-e-detido-pela-GM-acusado-de-espancar-companheira-no.jpg","datePublished":"2026-03-29T02:28:46+00:00","dateModified":"2026-03-29T02:28:51+00:00","description":"Na noite deste s\u00e1bado (28),um homem de 33 anos foi detido pela Guarda Municipal, ap\u00f3s ser acusado de agredir fisicamente sua companheira em uma resid\u00eancia","breadcrumb":{"@id":"https:\/\/ubirataonline.com.br\/homem-e-detido-pela-gm-acusado-de-espancar-companheira-no-santa-felicidade\/#breadcrumb"},"inLanguage":"en-US","potentialAction":[{"@type":"ReadAction","target":["https:\/\/ubirataonline.com.br\/homem-e-detido-pela-gm-acusado-de-espancar-companheira-no-santa-felicidade\/"]}]},{"@type":"ImageObject","inLanguage":"en-US","@id":"https:\/\/ubirataonline.com.br\/homem-e-detido-pela-gm-acusado-de-espancar-companheira-no-santa-felicidade\/#primaryimage","url":"https:\/\/ubirataonline.com.br\/wp-content\/uploads\/2026\/03\/Homem-e-detido-pela-GM-acusado-de-espancar-companheira-no.jpg","contentUrl":"https:\/\/ubirataonline.com.br\/wp-content\/uploads\/2026\/03\/Homem-e-detido-pela-GM-acusado-de-espancar-companheira-no.jpg","width":2560,"height":1440,"caption":""},{"@type":"BreadcrumbList","@id":"https:\/\/ubirataonline.com.br\/homem-e-detido-pela-gm-acusado-de-espancar-companheira-no-santa-felicidade\/#breadcrumb","itemListElement":[{"@type":"ListItem","position":1,"name":"In\u00edcio","item":"https:\/\/ubirataonline.com.br\/"},{"@type":"ListItem","position":2,"name":"Homem \u00e9 detido pela GM acusado de espancar companheira no Santa Felicidade"}]},{"@type":"WebSite","@id":"https:\/\/ubirataonline.com.br\/#website","url":"https:\/\/ubirataonline.com.br\/","name":"Ubirat\u00e3 Online Not\u00edcias","description":"Not\u00edcias de Ubirat\u00e3, regi\u00e3o, Brasil e mundo, com informa\u00e7\u00e3o atualizada e compromisso com o leitor.","publisher":{"@id":"https:\/\/ubirataonline.com.br\/#organization"},"alternateName":"Ubirat\u00e3 Online","potentialAction":[{"@type":"SearchAction","target":{"@type":"EntryPoint","urlTemplate":"https:\/\/ubirataonline.com.br\/?s={search_term_string}"},"query-input":{"@type":"PropertyValueSpecification","valueRequired":true,"valueName":"search_term_string"}}],"inLanguage":"en-US"},{"@type":["Organization","Place"],"@id":"https:\/\/ubirataonline.com.br\/#organization","name":"Ubirat\u00e3 Online Not\u00edcias","alternateName":"Ubirat\u00e3 Online","url":"https:\/\/ubirataonline.com.br\/","logo":{"@id":"https:\/\/ubirataonline.com.br\/homem-e-detido-pela-gm-acusado-de-espancar-companheira-no-santa-felicidade\/#local-main-organization-logo"},"image":{"@id":"https:\/\/ubirataonline.com.br\/homem-e-detido-pela-gm-acusado-de-espancar-companheira-no-santa-felicidade\/#local-main-organization-logo"},"sameAs":["https:\/\/www.facebook.com\/portalubirataonline","https:\/\/x.com\/ubirataonline","https:\/\/mastodon.social\/@ubirataonline","https:\/\/www.facebook.com\/groups\/311144672285604","https:\/\/www.facebook.com\/UBTAOnline","https:\/\/www.instagram.com\/portalubirataonline\/","https:\/\/twitter.com\/ubirataonline"],"description":"Somos um portal de not\u00edcias independente, criado em 5 de janeiro de 2009, com o objetivo de informar, conectar e valorizar a nossa comunidade de Ubirat\u00e3 e toda aregi\u00e3o. Com conte\u00fado atualizado, confi\u00e1vel e relevante, o Ubirat\u00e3 Online \u00e9 o seu espa\u00e7o para ficar por dentro dos principais acontecimentos locais, regionais, Brasil, Mundo e de interesse geral. Nosso compromisso \u00e9 com a verdade, a transpar\u00eancia e o respeito ao leitor.","legalName":"UBIRATA ONLINE NOT\u00cdCIAS","foundingDate":"2009-01-05","numberOfEmployees":{"@type":"QuantitativeValue","minValue":"1","maxValue":"10"},"publishingPrinciples":"https:\/\/ubirataonline.com.br\/faq\/","address":{"@id":"https:\/\/ubirataonline.com.br\/homem-e-detido-pela-gm-acusado-de-espancar-companheira-no-santa-felicidade\/#local-main-place-address"},"geo":{"@type":"GeoCoordinates","latitude":"-24.5361401","longitude":"-52.9921776"},"telephone":["+5544998308235"],"contactPoint":{"@type":"ContactPoint","email":"contato@ubirataonline.com.br"},"openingHoursSpecification":{"@type":"OpeningHoursSpecification","dayOfWeek":["Monday","Tuesday","Wednesday","Thursday","Friday","Saturday","Sunday"],"opens":"00:00","closes":"23:59"},"email":"contato@ubirataonline.com.br","vatID":"47.621.418\/0001-80"},{"@type":"Person","@id":"https:\/\/ubirataonline.com.br\/#\/schema\/person\/372f87bbd3fdd79b8556b84c98d0bc1c","name":"REDA\u00c7\u00c3O: UBIRAT\u00c3 ONLINE - F\u00c1BIO AUGUSTO CELESTINO","pronouns":"Ele","description":"Desde 2003 trabalhando com not\u00edcias.","sameAs":["http:\/\/ubirataoline.com.br","https:\/\/www.facebook.com\/portalubirataonline","https:\/\/www.instagram.com\/ubirataonline_oficial","https:\/\/x.com\/x.com\/ubirataonline"],"honorificPrefix":"Mr.","honorificSuffix":"MD","birthDate":"1980-06-16","gender":"masculino","award":["V\u00e1rios pr\u00eamios de melhor portal da cidade"],"jobTitle":"Diretor","url":"https:\/\/ubirataonline.com.br\/en\/author\/ubirataonline\/"},{"@type":"PostalAddress","@id":"https:\/\/ubirataonline.com.br\/homem-e-detido-pela-gm-acusado-de-espancar-companheira-no-santa-felicidade\/#local-main-place-address","streetAddress":"Rua dos Coqueiros, 104 - Bairro Boa Vista, Rua dos Coqueiros, 104 Bairro Boa Vista","addressLocality":"UBIRATA","postalCode":"85440-000","addressRegion":"PR","addressCountry":"BR"},{"@type":"ImageObject","inLanguage":"en-US","@id":"https:\/\/ubirataonline.com.br\/homem-e-detido-pela-gm-acusado-de-espancar-companheira-no-santa-felicidade\/#local-main-organization-logo","url":"https:\/\/ubirataonline.com.br\/wp-content\/uploads\/2026\/06\/logoubirataonline-1.webp","contentUrl":"https:\/\/ubirataonline.com.br\/wp-content\/uploads\/2026\/06\/logoubirataonline-1.webp","width":500,"height":500,"caption":"Ubirat\u00e3 Online Not\u00edcias"}]},"geo.placename":"UBIRATA","geo.position":{"lat":"-24.5361401","long":"-52.9921776"},"geo.region":"Brazil"},"_links":{"self":[{"href":"https:\/\/ubirataonline.com.br\/en\/wp-json\/wp\/v2\/posts\/97951","targetHints":{"allow":["GET"]}}],"collection":[{"href":"https:\/\/ubirataonline.com.br\/en\/wp-json\/wp\/v2\/posts"}],"about":[{"href":"https:\/\/ubirataonline.com.br\/en\/wp-json\/wp\/v2\/types\/post"}],"author":[{"embeddable":true,"href":"https:\/\/ubirataonline.com.br\/en\/wp-json\/wp\/v2\/users\/1"}],"replies":[{"embeddable":true,"href":"https:\/\/ubirataonline.com.br\/en\/wp-json\/wp\/v2\/comments?post=97951"}],"version-history":[{"count":0,"href":"https:\/\/ubirataonline.com.br\/en\/wp-json\/wp\/v2\/posts\/97951\/revisions"}],"wp:featuredmedia":[{"embeddable":true,"href":"https:\/\/ubirataonline.com.br\/en\/wp-json\/wp\/v2\/media\/97952"}],"wp:attachment":[{"href":"https:\/\/ubirataonline.com.br\/en\/wp-json\/wp\/v2\/media?parent=97951"}],"wp:term":[{"taxonomy":"category","embeddable":true,"href":"https:\/\/ubirataonline.com.br\/en\/wp-json\/wp\/v2\/categories?post=97951"},{"taxonomy":"post_tag","embeddable":true,"href":"https:\/\/ubirataonline.com.br\/en\/wp-json\/wp\/v2\/tags?post=97951"}],"curies":[{"name":"wp","href":"https:\/\/api.w.org\/{rel}","templated":true}]}}