{"id":98003,"date":"2026-03-29T06:22:49","date_gmt":"2026-03-29T09:22:49","guid":{"rendered":"https:\/\/ubirataonline.com.br\/why-f1-drivers-were-so-upset-after-suzuka-qualifying\/"},"modified":"2026-03-29T06:22:52","modified_gmt":"2026-03-29T09:22:52","slug":"why-f1-drivers-were-so-upset-after-suzuka-qualifying","status":"publish","type":"post","link":"https:\/\/ubirataonline.com.br\/en\/why-f1-drivers-were-so-upset-after-suzuka-qualifying\/","title":{"rendered":"Why F1 drivers were so upset after Suzuka qualifying"},"content":{"rendered":"<p><\/p>\n<div data-position=\"embed\" data-series=\"f1\" data-autoplay=\"0\" data-mute=\"0\">\n<p>If qualifying is supposed to be the ultimate test of driver skill and all-out car performance, then F1&#8217;s Saturday afternoons are far removed from that axiom.<\/p>\n<p>The 2026 power unit compromises which have yielded some action-packed racing so far have also destroyed the essence of qualifying &#8211; at least for now, as F1 has a couple of weeks to figure itself out before May&#8217;s Miami Grand\u00a0Prix amid talks between the FIA, F1 and the teams.<\/p>\n<p>It has been well established by now that today&#8217;s cars are too energy starved to go flat out over an entire lap on circuits where battery harvesting is difficult to do, simply because there aren&#8217;t enough heavy braking zones to do so.<\/p>\n<p>That means this charging has to be done elsewhere, and the most lap-time efficient way has been to start coasting through medium to high speed corners, so there is more juice to squeeze out of the battery on the following straights.<\/p>\n<p>This is where qualifying is such an oxymoron. As drivers gradually push the limit more and more from FP1 down to Q3 and lap times come down, they effectively spend a bigger percentage of the lap mashing the throttle pedal.<\/p>\n<p>But that energy has to come from somewhere, so the more drivers use the throttle, the more they are effectively punished by losing time on the straights as the power unit responds by charging earlier.<\/p>\n<p>&#8220;I was a bit disappointed in qualifying, as the more you pushed, the slower you went,&#8221; said Williams&#8217; Carlos\u00a0Sainz, always good value for explaining technical concepts concisely. &#8220;That&#8217;s what happened to me in Q2. I think I had a bit less slipstream on my lap and I was in clean air, I went quicker in every corner, slower in every straight, and I went one tenth slower.<\/p>\n<section class=\"\" contenteditable=\"false\" draggable=\"true\" data-widget=\"image\" data-width=\"1200\" data-height=\"800\" data-link=\"\" data-id=\"72378096\" data-title=\"Carlos Sainz said the current power unit regulations are \" data-author=\"Sam Bloxham \/ LAT Images via Getty Images\" data-custom=\"false\" data-src=\"https:\/\/cdn.motorsport.com\/images\/mgl\/6zoJ4A70\/s8\/carlos-sainz-williams.jpg\" data-show-title=\"true\" data-show-author=\"true\"><picture><source srcset=\"https:\/\/cdn.motorsport.com\/images\/mgl\/6zoJ4A70\/s200\/carlos-sainz-williams.webp 200w, https:\/\/cdn.motorsport.com\/images\/mgl\/6zoJ4A70\/s300\/carlos-sainz-williams.webp 300w, https:\/\/cdn.motorsport.com\/images\/mgl\/6zoJ4A70\/s400\/carlos-sainz-williams.webp 400w, https:\/\/cdn.motorsport.com\/images\/mgl\/6zoJ4A70\/s500\/carlos-sainz-williams.webp 500w, https:\/\/cdn.motorsport.com\/images\/mgl\/6zoJ4A70\/s600\/carlos-sainz-williams.webp 600w, https:\/\/cdn.motorsport.com\/images\/mgl\/6zoJ4A70\/s700\/carlos-sainz-williams.webp 700w, https:\/\/cdn.motorsport.com\/images\/mgl\/6zoJ4A70\/s800\/carlos-sainz-williams.webp 800w, https:\/\/cdn.motorsport.com\/images\/mgl\/6zoJ4A70\/s900\/carlos-sainz-williams.webp 900w, https:\/\/cdn.motorsport.com\/images\/mgl\/6zoJ4A70\/s1000\/carlos-sainz-williams.webp 1000w, https:\/\/cdn.motorsport.com\/images\/mgl\/6zoJ4A70\/s1100\/carlos-sainz-williams.webp 1100w, https:\/\/cdn.motorsport.com\/images\/mgl\/6zoJ4A70\/s1200\/carlos-sainz-williams.webp 1200w\" type=\"image\/webp\" sizes=\"(min-width: 650px) 700px\"><source srcset=\"https:\/\/cdn.motorsport.com\/images\/mgl\/6zoJ4A70\/s200\/carlos-sainz-williams.jpg 200w, https:\/\/cdn.motorsport.com\/images\/mgl\/6zoJ4A70\/s300\/carlos-sainz-williams.jpg 300w, https:\/\/cdn.motorsport.com\/images\/mgl\/6zoJ4A70\/s400\/carlos-sainz-williams.jpg 400w, https:\/\/cdn.motorsport.com\/images\/mgl\/6zoJ4A70\/s500\/carlos-sainz-williams.jpg 500w, https:\/\/cdn.motorsport.com\/images\/mgl\/6zoJ4A70\/s600\/carlos-sainz-williams.jpg 600w, https:\/\/cdn.motorsport.com\/images\/mgl\/6zoJ4A70\/s700\/carlos-sainz-williams.jpg 700w, https:\/\/cdn.motorsport.com\/images\/mgl\/6zoJ4A70\/s800\/carlos-sainz-williams.jpg 800w, https:\/\/cdn.motorsport.com\/images\/mgl\/6zoJ4A70\/s900\/carlos-sainz-williams.jpg 900w, https:\/\/cdn.motorsport.com\/images\/mgl\/6zoJ4A70\/s1000\/carlos-sainz-williams.jpg 1000w, https:\/\/cdn.motorsport.com\/images\/mgl\/6zoJ4A70\/s1100\/carlos-sainz-williams.jpg 1100w, https:\/\/cdn.motorsport.com\/images\/mgl\/6zoJ4A70\/s1200\/carlos-sainz-williams.jpg 1200w\" type=\"image\/jpeg\" sizes=\"(min-width: 650px) 700px\"><\/source><\/source><\/picture>\n<p class=\"title\">Carlos Sainz said the current power unit regulations are &#8220;not good enough for F1&#8221;, a near unanimous view among the drivers.<\/p>\n<p class=\"photographer\">Photo by: Sam Bloxham \/ LAT Images via Getty Images<\/p>\n<\/section>\n<p>&#8220;And that&#8217;s simply because I spent more time at full throttle, because I went faster in the corners, and pushed harder. Super clipping came into the deployment a bit, and a bit of lift and coast also in that qualifying lap. Overall, not good enough I think for F1.&#8221;<\/p>\n<p>Coming into the\u00a0Suzuka weekend, the FIA made an energy adjustment by lowering the maximum energy limit in qualifying from 9MJ to 8MJ. It was a move which went some way towards helping the situation and prevented an even starker top speed loss than was on display on Saturday afternoon, which Lando Norris said &#8220;hurts your soul&#8221;.<\/p>\n<p>But it&#8217;s clearly nowhere near enough to bring driver skill back into the equation, reckoned Aston Martin&#8217;s Fernando Alonso.<\/p>\n<p>&#8220;High-speed corners now became the charging station for the car. So you go slower, you charge the battery in the high-speed, and then you have the full power on the straight. So driver skill is not really needed anymore,&#8221; he said.<\/p>\n<p>That sentiment is strengthened by the fact that the power unit&#8217;s software is machine learning on the go, tweaking its deployment algorithms based on the data it was fed from previous laps beyond the driver&#8217;s direct control.<\/p>\n<p>That naturally disadvantages drivers who miss mileage because of crashes or technical issues, like\u00a0McLaren&#8217;s\u00a0Norris in Japan, as it gives the software less time to be fed the right parameters. It also means that things like minor driving errors can throw the system out of kilter, like Charles Leclerc&#8217;s snap in China. The Ferrari driver had another moment on his final Q3 run through Spoon, which cost him top speed, with a similar thing happening to team-mate Lewis Hamilton.<\/p>\n<p>&#8220;I was up on Charles and then lost 2.5 tenths just down the back straight, not just through deployment, I had a snap of\u00a0oversteer and then it just changed the whole algorithm,&#8221; he explained.<\/p>\n<p><msnt-driver-rating-widget-skeleton class=\"contents\" url=\"\/driver-ratings\/by-event-id\/?event_id=279672\" itemid=\"\" dt-from=\"1774767600000\" dt-to=\"1774940400000\"><br \/>\n    <msnt-driver-rating-widget\/><\/msnt-driver-rating-widget-skeleton><\/p>\n<section class=\"\" contenteditable=\"false\" draggable=\"true\" data-widget=\"image\" data-width=\"1200\" data-height=\"800\" data-link=\"\" data-id=\"72372593\" data-title=\"\" data-author=\"Clive Rose \/ Formula 1 via Getty Images\" data-custom=\"false\" data-src=\"https:\/\/cdn.motorsport.com\/images\/mgl\/YWKwVnBY\/s8\/lewis-hamilton-ferrari.jpg\" data-show-title=\"true\" data-show-author=\"true\"><picture><source srcset=\"https:\/\/cdn.motorsport.com\/images\/mgl\/YWKwVnBY\/s200\/lewis-hamilton-ferrari.webp 200w, https:\/\/cdn.motorsport.com\/images\/mgl\/YWKwVnBY\/s300\/lewis-hamilton-ferrari.webp 300w, https:\/\/cdn.motorsport.com\/images\/mgl\/YWKwVnBY\/s400\/lewis-hamilton-ferrari.webp 400w, https:\/\/cdn.motorsport.com\/images\/mgl\/YWKwVnBY\/s500\/lewis-hamilton-ferrari.webp 500w, https:\/\/cdn.motorsport.com\/images\/mgl\/YWKwVnBY\/s600\/lewis-hamilton-ferrari.webp 600w, https:\/\/cdn.motorsport.com\/images\/mgl\/YWKwVnBY\/s700\/lewis-hamilton-ferrari.webp 700w, https:\/\/cdn.motorsport.com\/images\/mgl\/YWKwVnBY\/s800\/lewis-hamilton-ferrari.webp 800w, https:\/\/cdn.motorsport.com\/images\/mgl\/YWKwVnBY\/s900\/lewis-hamilton-ferrari.webp 900w, https:\/\/cdn.motorsport.com\/images\/mgl\/YWKwVnBY\/s1000\/lewis-hamilton-ferrari.webp 1000w, https:\/\/cdn.motorsport.com\/images\/mgl\/YWKwVnBY\/s1100\/lewis-hamilton-ferrari.webp 1100w, https:\/\/cdn.motorsport.com\/images\/mgl\/YWKwVnBY\/s1200\/lewis-hamilton-ferrari.webp 1200w\" type=\"image\/webp\" sizes=\"(min-width: 650px) 700px\"><source srcset=\"https:\/\/cdn.motorsport.com\/images\/mgl\/YWKwVnBY\/s200\/lewis-hamilton-ferrari.jpg 200w, https:\/\/cdn.motorsport.com\/images\/mgl\/YWKwVnBY\/s300\/lewis-hamilton-ferrari.jpg 300w, https:\/\/cdn.motorsport.com\/images\/mgl\/YWKwVnBY\/s400\/lewis-hamilton-ferrari.jpg 400w, https:\/\/cdn.motorsport.com\/images\/mgl\/YWKwVnBY\/s500\/lewis-hamilton-ferrari.jpg 500w, https:\/\/cdn.motorsport.com\/images\/mgl\/YWKwVnBY\/s600\/lewis-hamilton-ferrari.jpg 600w, https:\/\/cdn.motorsport.com\/images\/mgl\/YWKwVnBY\/s700\/lewis-hamilton-ferrari.jpg 700w, https:\/\/cdn.motorsport.com\/images\/mgl\/YWKwVnBY\/s800\/lewis-hamilton-ferrari.jpg 800w, https:\/\/cdn.motorsport.com\/images\/mgl\/YWKwVnBY\/s900\/lewis-hamilton-ferrari.jpg 900w, https:\/\/cdn.motorsport.com\/images\/mgl\/YWKwVnBY\/s1000\/lewis-hamilton-ferrari.jpg 1000w, https:\/\/cdn.motorsport.com\/images\/mgl\/YWKwVnBY\/s1100\/lewis-hamilton-ferrari.jpg 1100w, https:\/\/cdn.motorsport.com\/images\/mgl\/YWKwVnBY\/s1200\/lewis-hamilton-ferrari.jpg 1200w\" type=\"image\/jpeg\" sizes=\"(min-width: 650px) 700px\"><img decoding=\"async\" draggable=\"false\" src=\"https:\/\/cdn.motorsport.com\/images\/mgl\/YWKwVnBY\/s1000\/lewis-hamilton-ferrari.jpg\" alt=\"\" width=\"1200\" height=\"800\" loading=\"lazy\"\/> <\/source><\/source><\/picture>\n<p class=\"title\">&#8220;There&#8217;ll be a lot of chefs in the kitchen. It doesn&#8217;t usually end up with a good result.&#8221; &#8211; Lewis Hamilton, Ferrari<\/p>\n<p class=\"photographer\">Photo by: Clive Rose \/ Formula 1 via Getty Images<\/p>\n<\/section>\n<p>Ahead of further talks between the series&#8217;s stakeholders and the teams, the drivers also voiced their opinion in a Friday meeting with the FIA&#8217;s Nikolas Tombazis and Tim Malyon.<\/p>\n<p>&#8220;Listening to Tim and\u00a0Nikolas yesterday, they seem to be pushing and have a plan in mind,&#8221; Sainz said. &#8220;I&#8217;m a bit worried that the teams will push back. Some teams will be against changing it too much, because they have other interests, but I think we&#8217;ve made it very clear from the drivers that it needs to get better, and hopefully the FIA listens more to the drivers than the teams.&#8221;<\/p>\n<p>It would stand to reason that teams who may object to sweeping changes include Mercedes, which has made a brilliant start to 2026 with cars and power units that are the class of the field, but even Toto Wolff and his drivers have made public comments agreeing\u00a0qualifying has to be addressed. And making qualifying-only improvements would not necessarily take away the team&#8217;s much more crucial advantage on Sunday.<\/p>\n<p>It comes back to the desire for these regulations to be as close to a marketable 50-50 split as possible, in terms of electric energy versus combustion power. But the reality is that the real split is already closer to 55-45 to begin with, so some feel there&#8217;s no harm in going further.<\/p>\n<p>&#8220;Honestly, I don&#8217;t mind being one or two seconds slower overall and top speeds going five to 10 km down if the deployment and the energy is more consistent and allows it to push more,&#8221;\u00a0Sainz added. &#8220;I think, honestly, 350kW on top of the ICE is almost too much in some areas and for some circuits it will be too much.<\/p>\n<p>&#8220;And also from a safety standpoint, in the wet, I&#8217;m not sure this 350 is actually needed. If you&#8217;re going to have this deployment and then lose the speed, I think it&#8217;s better to almost have a flatter, more conservative deployment, but something that allows the driver to drive a bit more normally.&#8221;<\/p>\n<section class=\"\" contenteditable=\"false\" draggable=\"true\" data-widget=\"image\" data-width=\"1200\" data-height=\"800\" data-link=\"\" data-id=\"72381950\" data-title=\"Kimi Antonelli wrestled his way to a second consecutive pole in 2026.\" data-author=\"Sam Bloxham \/ LAT Images via Getty Images\" data-custom=\"false\" data-src=\"https:\/\/cdn.motorsport.com\/images\/mgl\/6DGqzj4Y\/s8\/andrea-kimi-antonelli-mercedes.jpg\" data-show-title=\"true\" data-show-author=\"true\"><picture><source srcset=\"https:\/\/cdn.motorsport.com\/images\/mgl\/6DGqzj4Y\/s200\/andrea-kimi-antonelli-mercedes.webp 200w, https:\/\/cdn.motorsport.com\/images\/mgl\/6DGqzj4Y\/s300\/andrea-kimi-antonelli-mercedes.webp 300w, https:\/\/cdn.motorsport.com\/images\/mgl\/6DGqzj4Y\/s400\/andrea-kimi-antonelli-mercedes.webp 400w, https:\/\/cdn.motorsport.com\/images\/mgl\/6DGqzj4Y\/s500\/andrea-kimi-antonelli-mercedes.webp 500w, https:\/\/cdn.motorsport.com\/images\/mgl\/6DGqzj4Y\/s600\/andrea-kimi-antonelli-mercedes.webp 600w, https:\/\/cdn.motorsport.com\/images\/mgl\/6DGqzj4Y\/s700\/andrea-kimi-antonelli-mercedes.webp 700w, https:\/\/cdn.motorsport.com\/images\/mgl\/6DGqzj4Y\/s800\/andrea-kimi-antonelli-mercedes.webp 800w, https:\/\/cdn.motorsport.com\/images\/mgl\/6DGqzj4Y\/s900\/andrea-kimi-antonelli-mercedes.webp 900w, https:\/\/cdn.motorsport.com\/images\/mgl\/6DGqzj4Y\/s1000\/andrea-kimi-antonelli-mercedes.webp 1000w, https:\/\/cdn.motorsport.com\/images\/mgl\/6DGqzj4Y\/s1100\/andrea-kimi-antonelli-mercedes.webp 1100w, https:\/\/cdn.motorsport.com\/images\/mgl\/6DGqzj4Y\/s1200\/andrea-kimi-antonelli-mercedes.webp 1200w\" type=\"image\/webp\" sizes=\"(min-width: 650px) 700px\"><source srcset=\"https:\/\/cdn.motorsport.com\/images\/mgl\/6DGqzj4Y\/s200\/andrea-kimi-antonelli-mercedes.jpg 200w, https:\/\/cdn.motorsport.com\/images\/mgl\/6DGqzj4Y\/s300\/andrea-kimi-antonelli-mercedes.jpg 300w, https:\/\/cdn.motorsport.com\/images\/mgl\/6DGqzj4Y\/s400\/andrea-kimi-antonelli-mercedes.jpg 400w, https:\/\/cdn.motorsport.com\/images\/mgl\/6DGqzj4Y\/s500\/andrea-kimi-antonelli-mercedes.jpg 500w, https:\/\/cdn.motorsport.com\/images\/mgl\/6DGqzj4Y\/s600\/andrea-kimi-antonelli-mercedes.jpg 600w, https:\/\/cdn.motorsport.com\/images\/mgl\/6DGqzj4Y\/s700\/andrea-kimi-antonelli-mercedes.jpg 700w, https:\/\/cdn.motorsport.com\/images\/mgl\/6DGqzj4Y\/s800\/andrea-kimi-antonelli-mercedes.jpg 800w, https:\/\/cdn.motorsport.com\/images\/mgl\/6DGqzj4Y\/s900\/andrea-kimi-antonelli-mercedes.jpg 900w, https:\/\/cdn.motorsport.com\/images\/mgl\/6DGqzj4Y\/s1000\/andrea-kimi-antonelli-mercedes.jpg 1000w, https:\/\/cdn.motorsport.com\/images\/mgl\/6DGqzj4Y\/s1100\/andrea-kimi-antonelli-mercedes.jpg 1100w, https:\/\/cdn.motorsport.com\/images\/mgl\/6DGqzj4Y\/s1200\/andrea-kimi-antonelli-mercedes.jpg 1200w\" type=\"image\/jpeg\" sizes=\"(min-width: 650px) 700px\"><img decoding=\"async\" draggable=\"false\" src=\"https:\/\/cdn.motorsport.com\/images\/mgl\/6DGqzj4Y\/s1000\/andrea-kimi-antonelli-mercedes.jpg\" alt=\"Kimi Antonelli wrestled his way to a second consecutive pole in 2026.\" width=\"1200\" height=\"800\" loading=\"lazy\"\/> <\/source><\/source><\/picture>\n<p class=\"title\">Kimi Antonelli wrestled his way to a second consecutive pole in 2026.<\/p>\n<p class=\"photographer\">Photo by: Sam Bloxham \/ LAT Images via Getty Images<\/p>\n<\/section>\n<p>The million-dollar question is if the teams will come together to agree on meaningful fixes for Miami and beyond. Hamilton is not too confident. &#8220;I&#8217;m not expecting much from it, but I hope they make some big changes,&#8221; he said.<\/p>\n<p>When pressed by\u00a0Motorsport.com to explain why he felt so pessimistic, the seven-time world champion replied: &#8220;It&#8217;s just [that] there&#8217;ll be a lot of chefs in the kitchen. It doesn&#8217;t usually end up with a good result.&#8221;<\/p>\n<h2>Photos from Japanese GP &#8211; Saturday<\/h2>\n<div class=\"article-fullwidth-gallery article-fullwidth-gallery-12357 article-fullwidth-gallery--slide\" data-gallery-type=\"regular\" data-id=\"12357\">\n<div class=\"article-fullwidth-gallery_items\">\n                                    <a href=\"http:\/\/www.motorsport.com\/f1\/galleries\/japanese-gp-saturday-in-photos\/12357\/#72379760\" class=\"article-fullwidth-gallery_item current\" data-name=\"gal-12357-andrea-kimi-antonelli-mercedes-72379760\">&#13;<\/p>\n<div class=\"article-fullwidth-gallery_img-wrapper\">\n<picture class=\"ms-item__picture \" data-photo-id=\"72379760\" data-detail-url=\"\/f1\/photos\/andrea-kimi-antonelli-mercedes-72379760\/72379760\/\"><source type=\"image\/webp\" srcset=\"https:\/\/cdn-6.motorsport.com\/images\/mgl\/0kZAb5j6\/s200\/andrea-kimi-antonelli-mercedes.webp 200w, https:\/\/cdn-6.motorsport.com\/images\/mgl\/0kZAb5j6\/s300\/andrea-kimi-antonelli-mercedes.webp 300w, https:\/\/cdn-6.motorsport.com\/images\/mgl\/0kZAb5j6\/s400\/andrea-kimi-antonelli-mercedes.webp 400w, https:\/\/cdn-6.motorsport.com\/images\/mgl\/0kZAb5j6\/s500\/andrea-kimi-antonelli-mercedes.webp 500w, https:\/\/cdn-6.motorsport.com\/images\/mgl\/0kZAb5j6\/s600\/andrea-kimi-antonelli-mercedes.webp 600w, https:\/\/cdn-6.motorsport.com\/images\/mgl\/0kZAb5j6\/s700\/andrea-kimi-antonelli-mercedes.webp 700w, https:\/\/cdn-6.motorsport.com\/images\/mgl\/0kZAb5j6\/s800\/andrea-kimi-antonelli-mercedes.webp 800w, https:\/\/cdn-6.motorsport.com\/images\/mgl\/0kZAb5j6\/s900\/andrea-kimi-antonelli-mercedes.webp 900w, https:\/\/cdn-6.motorsport.com\/images\/mgl\/0kZAb5j6\/s1000\/andrea-kimi-antonelli-mercedes.webp 1000w, https:\/\/cdn-6.motorsport.com\/images\/mgl\/0kZAb5j6\/s1100\/andrea-kimi-antonelli-mercedes.webp 1100w, https:\/\/cdn-6.motorsport.com\/images\/mgl\/0kZAb5j6\/s1200\/andrea-kimi-antonelli-mercedes.webp 1200w\" sizes=\"(min-width:650px) 700px\"\/><source type=\"image\/jpeg\" srcset=\"https:\/\/cdn-6.motorsport.com\/images\/mgl\/0kZAb5j6\/s200\/andrea-kimi-antonelli-mercedes.jpg 200w, https:\/\/cdn-6.motorsport.com\/images\/mgl\/0kZAb5j6\/s300\/andrea-kimi-antonelli-mercedes.jpg 300w, https:\/\/cdn-6.motorsport.com\/images\/mgl\/0kZAb5j6\/s400\/andrea-kimi-antonelli-mercedes.jpg 400w, https:\/\/cdn-6.motorsport.com\/images\/mgl\/0kZAb5j6\/s500\/andrea-kimi-antonelli-mercedes.jpg 500w, https:\/\/cdn-6.motorsport.com\/images\/mgl\/0kZAb5j6\/s600\/andrea-kimi-antonelli-mercedes.jpg 600w, https:\/\/cdn-6.motorsport.com\/images\/mgl\/0kZAb5j6\/s700\/andrea-kimi-antonelli-mercedes.jpg 700w, https:\/\/cdn-6.motorsport.com\/images\/mgl\/0kZAb5j6\/s800\/andrea-kimi-antonelli-mercedes.jpg 800w, https:\/\/cdn-6.motorsport.com\/images\/mgl\/0kZAb5j6\/s900\/andrea-kimi-antonelli-mercedes.jpg 900w, https:\/\/cdn-6.motorsport.com\/images\/mgl\/0kZAb5j6\/s1000\/andrea-kimi-antonelli-mercedes.jpg 1000w, https:\/\/cdn-6.motorsport.com\/images\/mgl\/0kZAb5j6\/s1100\/andrea-kimi-antonelli-mercedes.jpg 1100w, https:\/\/cdn-6.motorsport.com\/images\/mgl\/0kZAb5j6\/s1200\/andrea-kimi-antonelli-mercedes.jpg 1200w\" sizes=\"(min-width:650px) 700px\"\/><img decoding=\"async\" loading=\"lazy\" width=\"700\" height=\"466\" class=\"ms-item__img ms-item__img--3_2 \" src=\"https:\/\/cdn-9.motorsport.com\/images\/mgl\/0kZAb5j6\/s700\/andrea-kimi-antonelli-mercedes.jpg\" alt=\"Andrea Kimi Antonelli, Mercedes\"\/>\n    <\/picture>\n<\/p><\/div>\n<p>&#13;<br \/>\n&#13;<\/p>\n<h2 class=\"article-fullwidth-gallery_title\">Japanese GP &#8211; Saturday, in photos<\/h2>\n<p>&#13;<br \/>\n                &#13;<br \/>\n                                            <\/a><br \/>\n                                                <a href=\"http:\/\/www.motorsport.com\/f1\/galleries\/japanese-gp-saturday-in-photos\/12357\/#72379748\" class=\"article-fullwidth-gallery_item\" data-name=\"gal-12357-fan-72379748\">&#13;<\/p>\n<div class=\"article-fullwidth-gallery_img-wrapper\">\n<picture class=\"ms-item__picture \" data-photo-id=\"72379748\" data-detail-url=\"\/f1\/photos\/fan-72379748\/72379748\/\"><source type=\"image\/webp\" srcset=\"https:\/\/cdn-6.motorsport.com\/images\/mgl\/6O7958N6\/s200\/fan.webp 200w, https:\/\/cdn-6.motorsport.com\/images\/mgl\/6O7958N6\/s300\/fan.webp 300w, https:\/\/cdn-6.motorsport.com\/images\/mgl\/6O7958N6\/s400\/fan.webp 400w, https:\/\/cdn-6.motorsport.com\/images\/mgl\/6O7958N6\/s500\/fan.webp 500w, https:\/\/cdn-6.motorsport.com\/images\/mgl\/6O7958N6\/s600\/fan.webp 600w, https:\/\/cdn-6.motorsport.com\/images\/mgl\/6O7958N6\/s700\/fan.webp 700w, https:\/\/cdn-6.motorsport.com\/images\/mgl\/6O7958N6\/s800\/fan.webp 800w, https:\/\/cdn-6.motorsport.com\/images\/mgl\/6O7958N6\/s900\/fan.webp 900w, https:\/\/cdn-6.motorsport.com\/images\/mgl\/6O7958N6\/s1000\/fan.webp 1000w, https:\/\/cdn-6.motorsport.com\/images\/mgl\/6O7958N6\/s1100\/fan.webp 1100w, https:\/\/cdn-6.motorsport.com\/images\/mgl\/6O7958N6\/s1200\/fan.webp 1200w\" sizes=\"(min-width:650px) 700px\"\/><source type=\"image\/jpeg\" srcset=\"https:\/\/cdn-6.motorsport.com\/images\/mgl\/6O7958N6\/s200\/fan.jpg 200w, https:\/\/cdn-6.motorsport.com\/images\/mgl\/6O7958N6\/s300\/fan.jpg 300w, https:\/\/cdn-6.motorsport.com\/images\/mgl\/6O7958N6\/s400\/fan.jpg 400w, https:\/\/cdn-6.motorsport.com\/images\/mgl\/6O7958N6\/s500\/fan.jpg 500w, https:\/\/cdn-6.motorsport.com\/images\/mgl\/6O7958N6\/s600\/fan.jpg 600w, https:\/\/cdn-6.motorsport.com\/images\/mgl\/6O7958N6\/s700\/fan.jpg 700w, https:\/\/cdn-6.motorsport.com\/images\/mgl\/6O7958N6\/s800\/fan.jpg 800w, https:\/\/cdn-6.motorsport.com\/images\/mgl\/6O7958N6\/s900\/fan.jpg 900w, https:\/\/cdn-6.motorsport.com\/images\/mgl\/6O7958N6\/s1000\/fan.jpg 1000w, https:\/\/cdn-6.motorsport.com\/images\/mgl\/6O7958N6\/s1100\/fan.jpg 1100w, https:\/\/cdn-6.motorsport.com\/images\/mgl\/6O7958N6\/s1200\/fan.jpg 1200w\" sizes=\"(min-width:650px) 700px\"\/><img decoding=\"async\" loading=\"lazy\" width=\"700\" height=\"466\" class=\"ms-item__img ms-item__img--3_2 \" src=\"https:\/\/cdn-9.motorsport.com\/images\/mgl\/6O7958N6\/s700\/fan.jpg\" alt=\"Fan\"\/>\n    <\/picture>\n<\/p><\/div>\n<p>&#13;<br \/>\n&#13;<\/p>\n<h2 class=\"article-fullwidth-gallery_title\">Japanese GP &#8211; Saturday, in photos<\/h2>\n<p>&#13;<br \/>\n                &#13;<br \/>\n                                            <\/a><br \/>\n                                                <a href=\"http:\/\/www.motorsport.com\/f1\/galleries\/japanese-gp-saturday-in-photos\/12357\/#72379749\" class=\"article-fullwidth-gallery_item\" data-name=\"gal-12357-a-fan-dresses-as-ayrton-senna\">&#13;<\/p>\n<div class=\"article-fullwidth-gallery_img-wrapper\">\n<picture class=\"ms-item__picture \" data-photo-id=\"72379749\" data-detail-url=\"\/f1\/photos\/a-fan-dresses-as-ayrton-senna\/72379749\/\"><source type=\"image\/webp\" srcset=\"https:\/\/cdn-6.motorsport.com\/images\/mgl\/YpbP7j30\/s200\/a-fan-dresses-as-ayrton-senna.webp 200w, https:\/\/cdn-6.motorsport.com\/images\/mgl\/YpbP7j30\/s300\/a-fan-dresses-as-ayrton-senna.webp 300w, https:\/\/cdn-6.motorsport.com\/images\/mgl\/YpbP7j30\/s400\/a-fan-dresses-as-ayrton-senna.webp 400w, https:\/\/cdn-6.motorsport.com\/images\/mgl\/YpbP7j30\/s500\/a-fan-dresses-as-ayrton-senna.webp 500w, https:\/\/cdn-6.motorsport.com\/images\/mgl\/YpbP7j30\/s600\/a-fan-dresses-as-ayrton-senna.webp 600w, https:\/\/cdn-6.motorsport.com\/images\/mgl\/YpbP7j30\/s700\/a-fan-dresses-as-ayrton-senna.webp 700w, https:\/\/cdn-6.motorsport.com\/images\/mgl\/YpbP7j30\/s800\/a-fan-dresses-as-ayrton-senna.webp 800w, https:\/\/cdn-6.motorsport.com\/images\/mgl\/YpbP7j30\/s900\/a-fan-dresses-as-ayrton-senna.webp 900w, https:\/\/cdn-6.motorsport.com\/images\/mgl\/YpbP7j30\/s1000\/a-fan-dresses-as-ayrton-senna.webp 1000w, https:\/\/cdn-6.motorsport.com\/images\/mgl\/YpbP7j30\/s1100\/a-fan-dresses-as-ayrton-senna.webp 1100w, https:\/\/cdn-6.motorsport.com\/images\/mgl\/YpbP7j30\/s1200\/a-fan-dresses-as-ayrton-senna.webp 1200w\" sizes=\"(min-width:650px) 700px\"\/><source type=\"image\/jpeg\" srcset=\"https:\/\/cdn-6.motorsport.com\/images\/mgl\/YpbP7j30\/s200\/a-fan-dresses-as-ayrton-senna.jpg 200w, https:\/\/cdn-6.motorsport.com\/images\/mgl\/YpbP7j30\/s300\/a-fan-dresses-as-ayrton-senna.jpg 300w, https:\/\/cdn-6.motorsport.com\/images\/mgl\/YpbP7j30\/s400\/a-fan-dresses-as-ayrton-senna.jpg 400w, https:\/\/cdn-6.motorsport.com\/images\/mgl\/YpbP7j30\/s500\/a-fan-dresses-as-ayrton-senna.jpg 500w, https:\/\/cdn-6.motorsport.com\/images\/mgl\/YpbP7j30\/s600\/a-fan-dresses-as-ayrton-senna.jpg 600w, https:\/\/cdn-6.motorsport.com\/images\/mgl\/YpbP7j30\/s700\/a-fan-dresses-as-ayrton-senna.jpg 700w, https:\/\/cdn-6.motorsport.com\/images\/mgl\/YpbP7j30\/s800\/a-fan-dresses-as-ayrton-senna.jpg 800w, https:\/\/cdn-6.motorsport.com\/images\/mgl\/YpbP7j30\/s900\/a-fan-dresses-as-ayrton-senna.jpg 900w, https:\/\/cdn-6.motorsport.com\/images\/mgl\/YpbP7j30\/s1000\/a-fan-dresses-as-ayrton-senna.jpg 1000w, https:\/\/cdn-6.motorsport.com\/images\/mgl\/YpbP7j30\/s1100\/a-fan-dresses-as-ayrton-senna.jpg 1100w, https:\/\/cdn-6.motorsport.com\/images\/mgl\/YpbP7j30\/s1200\/a-fan-dresses-as-ayrton-senna.jpg 1200w\" sizes=\"(min-width:650px) 700px\"\/><img decoding=\"async\" loading=\"lazy\" width=\"700\" height=\"466\" class=\"ms-item__img ms-item__img--3_2 \" src=\"https:\/\/cdn-4.motorsport.com\/images\/mgl\/YpbP7j30\/s700\/a-fan-dresses-as-ayrton-senna.jpg\" alt=\"A fan dresses as Ayrton Senna\"\/>\n    <\/picture>\n<\/p><\/div>\n<p>&#13;<br \/>\n&#13;<\/p>\n<h2 class=\"article-fullwidth-gallery_title\">Japanese GP &#8211; Saturday, in photos<\/h2>\n<p>&#13;<br \/>\n                &#13;<br \/>\n                                            <\/a><br \/>\n                                                <a href=\"http:\/\/www.motorsport.com\/f1\/galleries\/japanese-gp-saturday-in-photos\/12357\/#72379742\" class=\"article-fullwidth-gallery_item\" data-name=\"gal-12357-arvid-lindblad-racing-bulls-72379742\">&#13;<\/p>\n<div class=\"article-fullwidth-gallery_img-wrapper\">\n<picture class=\"ms-item__picture \" data-photo-id=\"72379742\" data-detail-url=\"\/f1\/photos\/arvid-lindblad-racing-bulls-72379742\/72379742\/\"><source type=\"image\/webp\" srcset=\"https:\/\/cdn-8.motorsport.com\/images\/mgl\/2jEDOjM0\/s200\/arvid-lindblad-racing-bulls.webp 200w, https:\/\/cdn-8.motorsport.com\/images\/mgl\/2jEDOjM0\/s300\/arvid-lindblad-racing-bulls.webp 300w, https:\/\/cdn-8.motorsport.com\/images\/mgl\/2jEDOjM0\/s400\/arvid-lindblad-racing-bulls.webp 400w, https:\/\/cdn-8.motorsport.com\/images\/mgl\/2jEDOjM0\/s500\/arvid-lindblad-racing-bulls.webp 500w, https:\/\/cdn-8.motorsport.com\/images\/mgl\/2jEDOjM0\/s600\/arvid-lindblad-racing-bulls.webp 600w, https:\/\/cdn-8.motorsport.com\/images\/mgl\/2jEDOjM0\/s700\/arvid-lindblad-racing-bulls.webp 700w, https:\/\/cdn-8.motorsport.com\/images\/mgl\/2jEDOjM0\/s800\/arvid-lindblad-racing-bulls.webp 800w, https:\/\/cdn-8.motorsport.com\/images\/mgl\/2jEDOjM0\/s900\/arvid-lindblad-racing-bulls.webp 900w, https:\/\/cdn-8.motorsport.com\/images\/mgl\/2jEDOjM0\/s1000\/arvid-lindblad-racing-bulls.webp 1000w, https:\/\/cdn-8.motorsport.com\/images\/mgl\/2jEDOjM0\/s1100\/arvid-lindblad-racing-bulls.webp 1100w, https:\/\/cdn-8.motorsport.com\/images\/mgl\/2jEDOjM0\/s1200\/arvid-lindblad-racing-bulls.webp 1200w\" sizes=\"(min-width:650px) 700px\"\/><source type=\"image\/jpeg\" srcset=\"https:\/\/cdn-8.motorsport.com\/images\/mgl\/2jEDOjM0\/s200\/arvid-lindblad-racing-bulls.jpg 200w, https:\/\/cdn-8.motorsport.com\/images\/mgl\/2jEDOjM0\/s300\/arvid-lindblad-racing-bulls.jpg 300w, https:\/\/cdn-8.motorsport.com\/images\/mgl\/2jEDOjM0\/s400\/arvid-lindblad-racing-bulls.jpg 400w, https:\/\/cdn-8.motorsport.com\/images\/mgl\/2jEDOjM0\/s500\/arvid-lindblad-racing-bulls.jpg 500w, https:\/\/cdn-8.motorsport.com\/images\/mgl\/2jEDOjM0\/s600\/arvid-lindblad-racing-bulls.jpg 600w, https:\/\/cdn-8.motorsport.com\/images\/mgl\/2jEDOjM0\/s700\/arvid-lindblad-racing-bulls.jpg 700w, https:\/\/cdn-8.motorsport.com\/images\/mgl\/2jEDOjM0\/s800\/arvid-lindblad-racing-bulls.jpg 800w, https:\/\/cdn-8.motorsport.com\/images\/mgl\/2jEDOjM0\/s900\/arvid-lindblad-racing-bulls.jpg 900w, https:\/\/cdn-8.motorsport.com\/images\/mgl\/2jEDOjM0\/s1000\/arvid-lindblad-racing-bulls.jpg 1000w, https:\/\/cdn-8.motorsport.com\/images\/mgl\/2jEDOjM0\/s1100\/arvid-lindblad-racing-bulls.jpg 1100w, https:\/\/cdn-8.motorsport.com\/images\/mgl\/2jEDOjM0\/s1200\/arvid-lindblad-racing-bulls.jpg 1200w\" sizes=\"(min-width:650px) 700px\"\/><img decoding=\"async\" loading=\"lazy\" width=\"700\" height=\"466\" class=\"ms-item__img ms-item__img--3_2 \" src=\"https:\/\/cdn-3.motorsport.com\/images\/mgl\/2jEDOjM0\/s700\/arvid-lindblad-racing-bulls.jpg\" alt=\"Arvid Lindblad, Racing Bulls\"\/>\n    <\/picture>\n<\/p><\/div>\n<p>&#13;<br \/>\n&#13;<\/p>\n<h2 class=\"article-fullwidth-gallery_title\">Japanese GP &#8211; Saturday, in photos<\/h2>\n<p>&#13;<br \/>\n                &#13;<br \/>\n                                            <\/a><br \/>\n                                                <a href=\"http:\/\/www.motorsport.com\/f1\/galleries\/japanese-gp-saturday-in-photos\/12357\/#72377148\" class=\"article-fullwidth-gallery_item\" data-name=\"gal-12357-alexander-albon-williams-72377148\">&#13;<\/p>\n<div class=\"article-fullwidth-gallery_img-wrapper\">\n<picture class=\"ms-item__picture \" data-photo-id=\"72377148\" data-detail-url=\"\/f1\/photos\/alexander-albon-williams-72377148\/72377148\/\"><source type=\"image\/webp\" srcset=\"https:\/\/cdn-5.motorsport.com\/images\/mgl\/YE9wrQDY\/s200\/alexander-albon-williams.webp 200w, https:\/\/cdn-5.motorsport.com\/images\/mgl\/YE9wrQDY\/s300\/alexander-albon-williams.webp 300w, https:\/\/cdn-5.motorsport.com\/images\/mgl\/YE9wrQDY\/s400\/alexander-albon-williams.webp 400w, https:\/\/cdn-5.motorsport.com\/images\/mgl\/YE9wrQDY\/s500\/alexander-albon-williams.webp 500w, https:\/\/cdn-5.motorsport.com\/images\/mgl\/YE9wrQDY\/s600\/alexander-albon-williams.webp 600w, https:\/\/cdn-5.motorsport.com\/images\/mgl\/YE9wrQDY\/s700\/alexander-albon-williams.webp 700w, https:\/\/cdn-5.motorsport.com\/images\/mgl\/YE9wrQDY\/s800\/alexander-albon-williams.webp 800w, https:\/\/cdn-5.motorsport.com\/images\/mgl\/YE9wrQDY\/s900\/alexander-albon-williams.webp 900w, https:\/\/cdn-5.motorsport.com\/images\/mgl\/YE9wrQDY\/s1000\/alexander-albon-williams.webp 1000w, https:\/\/cdn-5.motorsport.com\/images\/mgl\/YE9wrQDY\/s1100\/alexander-albon-williams.webp 1100w, https:\/\/cdn-5.motorsport.com\/images\/mgl\/YE9wrQDY\/s1200\/alexander-albon-williams.webp 1200w\" sizes=\"(min-width:650px) 700px\"\/><source type=\"image\/jpeg\" srcset=\"https:\/\/cdn-5.motorsport.com\/images\/mgl\/YE9wrQDY\/s200\/alexander-albon-williams.jpg 200w, https:\/\/cdn-5.motorsport.com\/images\/mgl\/YE9wrQDY\/s300\/alexander-albon-williams.jpg 300w, https:\/\/cdn-5.motorsport.com\/images\/mgl\/YE9wrQDY\/s400\/alexander-albon-williams.jpg 400w, https:\/\/cdn-5.motorsport.com\/images\/mgl\/YE9wrQDY\/s500\/alexander-albon-williams.jpg 500w, https:\/\/cdn-5.motorsport.com\/images\/mgl\/YE9wrQDY\/s600\/alexander-albon-williams.jpg 600w, https:\/\/cdn-5.motorsport.com\/images\/mgl\/YE9wrQDY\/s700\/alexander-albon-williams.jpg 700w, https:\/\/cdn-5.motorsport.com\/images\/mgl\/YE9wrQDY\/s800\/alexander-albon-williams.jpg 800w, https:\/\/cdn-5.motorsport.com\/images\/mgl\/YE9wrQDY\/s900\/alexander-albon-williams.jpg 900w, https:\/\/cdn-5.motorsport.com\/images\/mgl\/YE9wrQDY\/s1000\/alexander-albon-williams.jpg 1000w, https:\/\/cdn-5.motorsport.com\/images\/mgl\/YE9wrQDY\/s1100\/alexander-albon-williams.jpg 1100w, https:\/\/cdn-5.motorsport.com\/images\/mgl\/YE9wrQDY\/s1200\/alexander-albon-williams.jpg 1200w\" sizes=\"(min-width:650px) 700px\"\/><img decoding=\"async\" loading=\"lazy\" width=\"700\" height=\"466\" class=\"ms-item__img ms-item__img--3_2 \" src=\"https:\/\/cdn-8.motorsport.com\/images\/mgl\/YE9wrQDY\/s700\/alexander-albon-williams.jpg\" alt=\"Alexander Albon, Williams\"\/>\n    <\/picture>\n<\/p><\/div>\n<p>&#13;<br \/>\n&#13;<\/p>\n<h2 class=\"article-fullwidth-gallery_title\">Japanese GP &#8211; Saturday, in photos<\/h2>\n<p>&#13;<br \/>\n                &#13;<br \/>\n                                            <\/a><br \/>\n                                                <a href=\"http:\/\/www.motorsport.com\/f1\/galleries\/japanese-gp-saturday-in-photos\/12357\/#72376210\" class=\"article-fullwidth-gallery_item\" data-name=\"gal-12357-andrea-kimi-antonelli-mercedes-72376210\">&#13;<\/p>\n<div class=\"article-fullwidth-gallery_img-wrapper\">\n<picture class=\"ms-item__picture \" data-photo-id=\"72376210\" data-detail-url=\"\/f1\/photos\/andrea-kimi-antonelli-mercedes-72376210\/72376210\/\"><source type=\"image\/webp\" srcset=\"https:\/\/cdn-3.motorsport.com\/images\/mgl\/YE9wrX5Y\/s200\/andrea-kimi-antonelli-mercedes.webp 200w, https:\/\/cdn-3.motorsport.com\/images\/mgl\/YE9wrX5Y\/s300\/andrea-kimi-antonelli-mercedes.webp 300w, https:\/\/cdn-3.motorsport.com\/images\/mgl\/YE9wrX5Y\/s400\/andrea-kimi-antonelli-mercedes.webp 400w, https:\/\/cdn-3.motorsport.com\/images\/mgl\/YE9wrX5Y\/s500\/andrea-kimi-antonelli-mercedes.webp 500w, https:\/\/cdn-3.motorsport.com\/images\/mgl\/YE9wrX5Y\/s600\/andrea-kimi-antonelli-mercedes.webp 600w, https:\/\/cdn-3.motorsport.com\/images\/mgl\/YE9wrX5Y\/s700\/andrea-kimi-antonelli-mercedes.webp 700w, https:\/\/cdn-3.motorsport.com\/images\/mgl\/YE9wrX5Y\/s800\/andrea-kimi-antonelli-mercedes.webp 800w, https:\/\/cdn-3.motorsport.com\/images\/mgl\/YE9wrX5Y\/s900\/andrea-kimi-antonelli-mercedes.webp 900w, https:\/\/cdn-3.motorsport.com\/images\/mgl\/YE9wrX5Y\/s1000\/andrea-kimi-antonelli-mercedes.webp 1000w, https:\/\/cdn-3.motorsport.com\/images\/mgl\/YE9wrX5Y\/s1100\/andrea-kimi-antonelli-mercedes.webp 1100w, https:\/\/cdn-3.motorsport.com\/images\/mgl\/YE9wrX5Y\/s1200\/andrea-kimi-antonelli-mercedes.webp 1200w\" sizes=\"(min-width:650px) 700px\"\/><source type=\"image\/jpeg\" srcset=\"https:\/\/cdn-3.motorsport.com\/images\/mgl\/YE9wrX5Y\/s200\/andrea-kimi-antonelli-mercedes.jpg 200w, https:\/\/cdn-3.motorsport.com\/images\/mgl\/YE9wrX5Y\/s300\/andrea-kimi-antonelli-mercedes.jpg 300w, https:\/\/cdn-3.motorsport.com\/images\/mgl\/YE9wrX5Y\/s400\/andrea-kimi-antonelli-mercedes.jpg 400w, https:\/\/cdn-3.motorsport.com\/images\/mgl\/YE9wrX5Y\/s500\/andrea-kimi-antonelli-mercedes.jpg 500w, https:\/\/cdn-3.motorsport.com\/images\/mgl\/YE9wrX5Y\/s600\/andrea-kimi-antonelli-mercedes.jpg 600w, https:\/\/cdn-3.motorsport.com\/images\/mgl\/YE9wrX5Y\/s700\/andrea-kimi-antonelli-mercedes.jpg 700w, https:\/\/cdn-3.motorsport.com\/images\/mgl\/YE9wrX5Y\/s800\/andrea-kimi-antonelli-mercedes.jpg 800w, https:\/\/cdn-3.motorsport.com\/images\/mgl\/YE9wrX5Y\/s900\/andrea-kimi-antonelli-mercedes.jpg 900w, https:\/\/cdn-3.motorsport.com\/images\/mgl\/YE9wrX5Y\/s1000\/andrea-kimi-antonelli-mercedes.jpg 1000w, https:\/\/cdn-3.motorsport.com\/images\/mgl\/YE9wrX5Y\/s1100\/andrea-kimi-antonelli-mercedes.jpg 1100w, https:\/\/cdn-3.motorsport.com\/images\/mgl\/YE9wrX5Y\/s1200\/andrea-kimi-antonelli-mercedes.jpg 1200w\" sizes=\"(min-width:650px) 700px\"\/><img decoding=\"async\" loading=\"lazy\" width=\"700\" height=\"466\" class=\"ms-item__img ms-item__img--3_2 \" src=\"https:\/\/cdn-1.motorsport.com\/images\/mgl\/YE9wrX5Y\/s700\/andrea-kimi-antonelli-mercedes.jpg\" alt=\"Andrea Kimi Antonelli, Mercedes\"\/>\n    <\/picture>\n<\/p><\/div>\n<p>&#13;<br \/>\n&#13;<\/p>\n<h2 class=\"article-fullwidth-gallery_title\">Japanese GP &#8211; Saturday, in photos<\/h2>\n<p>&#13;<br \/>\n                &#13;<br \/>\n                                            <\/a><br \/>\n                                                <a href=\"http:\/\/www.motorsport.com\/f1\/galleries\/japanese-gp-saturday-in-photos\/12357\/#72379740\" class=\"article-fullwidth-gallery_item\" data-name=\"gal-12357-pierre-gasly-alpine-francisca-cerqueria-gomes\">&#13;<\/p>\n<div class=\"article-fullwidth-gallery_img-wrapper\">\n<picture class=\"ms-item__picture \" data-photo-id=\"72379740\" data-detail-url=\"\/f1\/photos\/pierre-gasly-alpine-francisca-cerqueria-gomes\/72379740\/\"><source type=\"image\/webp\" srcset=\"https:\/\/cdn-7.motorsport.com\/images\/mgl\/Y9lLVaq2\/s200\/pierre-gasly-alpine-francisca-.webp 200w, https:\/\/cdn-7.motorsport.com\/images\/mgl\/Y9lLVaq2\/s300\/pierre-gasly-alpine-francisca-.webp 300w, https:\/\/cdn-7.motorsport.com\/images\/mgl\/Y9lLVaq2\/s400\/pierre-gasly-alpine-francisca-.webp 400w, https:\/\/cdn-7.motorsport.com\/images\/mgl\/Y9lLVaq2\/s500\/pierre-gasly-alpine-francisca-.webp 500w, https:\/\/cdn-7.motorsport.com\/images\/mgl\/Y9lLVaq2\/s600\/pierre-gasly-alpine-francisca-.webp 600w, https:\/\/cdn-7.motorsport.com\/images\/mgl\/Y9lLVaq2\/s700\/pierre-gasly-alpine-francisca-.webp 700w, https:\/\/cdn-7.motorsport.com\/images\/mgl\/Y9lLVaq2\/s800\/pierre-gasly-alpine-francisca-.webp 800w, https:\/\/cdn-7.motorsport.com\/images\/mgl\/Y9lLVaq2\/s900\/pierre-gasly-alpine-francisca-.webp 900w, https:\/\/cdn-7.motorsport.com\/images\/mgl\/Y9lLVaq2\/s1000\/pierre-gasly-alpine-francisca-.webp 1000w, https:\/\/cdn-7.motorsport.com\/images\/mgl\/Y9lLVaq2\/s1100\/pierre-gasly-alpine-francisca-.webp 1100w, https:\/\/cdn-7.motorsport.com\/images\/mgl\/Y9lLVaq2\/s1200\/pierre-gasly-alpine-francisca-.webp 1200w\" sizes=\"(min-width:650px) 700px\"\/><source type=\"image\/jpeg\" srcset=\"https:\/\/cdn-7.motorsport.com\/images\/mgl\/Y9lLVaq2\/s200\/pierre-gasly-alpine-francisca-.jpg 200w, https:\/\/cdn-7.motorsport.com\/images\/mgl\/Y9lLVaq2\/s300\/pierre-gasly-alpine-francisca-.jpg 300w, https:\/\/cdn-7.motorsport.com\/images\/mgl\/Y9lLVaq2\/s400\/pierre-gasly-alpine-francisca-.jpg 400w, https:\/\/cdn-7.motorsport.com\/images\/mgl\/Y9lLVaq2\/s500\/pierre-gasly-alpine-francisca-.jpg 500w, https:\/\/cdn-7.motorsport.com\/images\/mgl\/Y9lLVaq2\/s600\/pierre-gasly-alpine-francisca-.jpg 600w, https:\/\/cdn-7.motorsport.com\/images\/mgl\/Y9lLVaq2\/s700\/pierre-gasly-alpine-francisca-.jpg 700w, https:\/\/cdn-7.motorsport.com\/images\/mgl\/Y9lLVaq2\/s800\/pierre-gasly-alpine-francisca-.jpg 800w, https:\/\/cdn-7.motorsport.com\/images\/mgl\/Y9lLVaq2\/s900\/pierre-gasly-alpine-francisca-.jpg 900w, https:\/\/cdn-7.motorsport.com\/images\/mgl\/Y9lLVaq2\/s1000\/pierre-gasly-alpine-francisca-.jpg 1000w, https:\/\/cdn-7.motorsport.com\/images\/mgl\/Y9lLVaq2\/s1100\/pierre-gasly-alpine-francisca-.jpg 1100w, https:\/\/cdn-7.motorsport.com\/images\/mgl\/Y9lLVaq2\/s1200\/pierre-gasly-alpine-francisca-.jpg 1200w\" sizes=\"(min-width:650px) 700px\"\/><img decoding=\"async\" loading=\"lazy\" width=\"700\" height=\"466\" class=\"ms-item__img ms-item__img--3_2 \" src=\"https:\/\/cdn-4.motorsport.com\/images\/mgl\/Y9lLVaq2\/s700\/pierre-gasly-alpine-francisca-.jpg\" alt=\"Pierre Gasly, Alpine, Francisca Cerqueria Gomes\"\/>\n    <\/picture>\n<\/p><\/div>\n<p>&#13;<br \/>\n&#13;<\/p>\n<h2 class=\"article-fullwidth-gallery_title\">Japanese GP &#8211; Saturday, in photos<\/h2>\n<p>&#13;<br \/>\n                &#13;<br \/>\n                                            <\/a><br \/>\n                                                <a href=\"http:\/\/www.motorsport.com\/f1\/galleries\/japanese-gp-saturday-in-photos\/12357\/#72379775\" class=\"article-fullwidth-gallery_item\" data-name=\"gal-12357-fans-of-charles-leclerc-ferrari-lando-norris-mclaren-max-verstappen-red-bull-racing\">&#13;<\/p>\n<div class=\"article-fullwidth-gallery_img-wrapper\">\n<picture class=\"ms-item__picture \" data-photo-id=\"72379775\" data-detail-url=\"\/f1\/photos\/fans-of-charles-leclerc-ferrari-lando-norris-mclaren-max-verstappen-red-bull-racing\/72379775\/\"><source type=\"image\/webp\" srcset=\"https:\/\/cdn-7.motorsport.com\/images\/mgl\/6grBVqlY\/s200\/fans-of-charles-leclerc-ferrar.webp 200w, https:\/\/cdn-7.motorsport.com\/images\/mgl\/6grBVqlY\/s300\/fans-of-charles-leclerc-ferrar.webp 300w, https:\/\/cdn-7.motorsport.com\/images\/mgl\/6grBVqlY\/s400\/fans-of-charles-leclerc-ferrar.webp 400w, https:\/\/cdn-7.motorsport.com\/images\/mgl\/6grBVqlY\/s500\/fans-of-charles-leclerc-ferrar.webp 500w, https:\/\/cdn-7.motorsport.com\/images\/mgl\/6grBVqlY\/s600\/fans-of-charles-leclerc-ferrar.webp 600w, https:\/\/cdn-7.motorsport.com\/images\/mgl\/6grBVqlY\/s700\/fans-of-charles-leclerc-ferrar.webp 700w, https:\/\/cdn-7.motorsport.com\/images\/mgl\/6grBVqlY\/s800\/fans-of-charles-leclerc-ferrar.webp 800w, https:\/\/cdn-7.motorsport.com\/images\/mgl\/6grBVqlY\/s900\/fans-of-charles-leclerc-ferrar.webp 900w, https:\/\/cdn-7.motorsport.com\/images\/mgl\/6grBVqlY\/s1000\/fans-of-charles-leclerc-ferrar.webp 1000w, https:\/\/cdn-7.motorsport.com\/images\/mgl\/6grBVqlY\/s1100\/fans-of-charles-leclerc-ferrar.webp 1100w, https:\/\/cdn-7.motorsport.com\/images\/mgl\/6grBVqlY\/s1200\/fans-of-charles-leclerc-ferrar.webp 1200w\" sizes=\"(min-width:650px) 700px\"\/><source type=\"image\/jpeg\" srcset=\"https:\/\/cdn-7.motorsport.com\/images\/mgl\/6grBVqlY\/s200\/fans-of-charles-leclerc-ferrar.jpg 200w, https:\/\/cdn-7.motorsport.com\/images\/mgl\/6grBVqlY\/s300\/fans-of-charles-leclerc-ferrar.jpg 300w, https:\/\/cdn-7.motorsport.com\/images\/mgl\/6grBVqlY\/s400\/fans-of-charles-leclerc-ferrar.jpg 400w, https:\/\/cdn-7.motorsport.com\/images\/mgl\/6grBVqlY\/s500\/fans-of-charles-leclerc-ferrar.jpg 500w, https:\/\/cdn-7.motorsport.com\/images\/mgl\/6grBVqlY\/s600\/fans-of-charles-leclerc-ferrar.jpg 600w, https:\/\/cdn-7.motorsport.com\/images\/mgl\/6grBVqlY\/s700\/fans-of-charles-leclerc-ferrar.jpg 700w, https:\/\/cdn-7.motorsport.com\/images\/mgl\/6grBVqlY\/s800\/fans-of-charles-leclerc-ferrar.jpg 800w, https:\/\/cdn-7.motorsport.com\/images\/mgl\/6grBVqlY\/s900\/fans-of-charles-leclerc-ferrar.jpg 900w, https:\/\/cdn-7.motorsport.com\/images\/mgl\/6grBVqlY\/s1000\/fans-of-charles-leclerc-ferrar.jpg 1000w, https:\/\/cdn-7.motorsport.com\/images\/mgl\/6grBVqlY\/s1100\/fans-of-charles-leclerc-ferrar.jpg 1100w, https:\/\/cdn-7.motorsport.com\/images\/mgl\/6grBVqlY\/s1200\/fans-of-charles-leclerc-ferrar.jpg 1200w\" sizes=\"(min-width:650px) 700px\"\/><img decoding=\"async\" loading=\"lazy\" width=\"700\" height=\"466\" class=\"ms-item__img ms-item__img--3_2 \" src=\"https:\/\/cdn-8.motorsport.com\/images\/mgl\/6grBVqlY\/s700\/fans-of-charles-leclerc-ferrar.jpg\" alt=\"Fans of Charles Leclerc, Ferrari, Lando Norris, McLaren, Max Verstappen, Red Bull Racing\"\/>\n    <\/picture>\n<\/p><\/div>\n<p>&#13;<br \/>\n&#13;<\/p>\n<h2 class=\"article-fullwidth-gallery_title\">Japanese GP &#8211; Saturday, in photos<\/h2>\n<p>&#13;<br \/>\n                &#13;<br \/>\n                                            <\/a><br \/>\n                                                <a href=\"http:\/\/www.motorsport.com\/f1\/galleries\/japanese-gp-saturday-in-photos\/12357\/#72377155\" class=\"article-fullwidth-gallery_item\" data-name=\"gal-12357-sergio-perez-cadillac-racing-72377155\">&#13;<\/p>\n<div class=\"article-fullwidth-gallery_img-wrapper\">\n<picture class=\"ms-item__picture \" data-photo-id=\"72377155\" data-detail-url=\"\/f1\/photos\/sergio-perez-cadillac-racing-72377155\/72377155\/\"><source type=\"image\/webp\" srcset=\"https:\/\/cdn-3.motorsport.com\/images\/mgl\/Y9lLV9b2\/s200\/sergio-perez-cadillac-racing.webp 200w, https:\/\/cdn-3.motorsport.com\/images\/mgl\/Y9lLV9b2\/s300\/sergio-perez-cadillac-racing.webp 300w, https:\/\/cdn-3.motorsport.com\/images\/mgl\/Y9lLV9b2\/s400\/sergio-perez-cadillac-racing.webp 400w, https:\/\/cdn-3.motorsport.com\/images\/mgl\/Y9lLV9b2\/s500\/sergio-perez-cadillac-racing.webp 500w, https:\/\/cdn-3.motorsport.com\/images\/mgl\/Y9lLV9b2\/s600\/sergio-perez-cadillac-racing.webp 600w, https:\/\/cdn-3.motorsport.com\/images\/mgl\/Y9lLV9b2\/s700\/sergio-perez-cadillac-racing.webp 700w, https:\/\/cdn-3.motorsport.com\/images\/mgl\/Y9lLV9b2\/s800\/sergio-perez-cadillac-racing.webp 800w, https:\/\/cdn-3.motorsport.com\/images\/mgl\/Y9lLV9b2\/s900\/sergio-perez-cadillac-racing.webp 900w, https:\/\/cdn-3.motorsport.com\/images\/mgl\/Y9lLV9b2\/s1000\/sergio-perez-cadillac-racing.webp 1000w, https:\/\/cdn-3.motorsport.com\/images\/mgl\/Y9lLV9b2\/s1100\/sergio-perez-cadillac-racing.webp 1100w, https:\/\/cdn-3.motorsport.com\/images\/mgl\/Y9lLV9b2\/s1200\/sergio-perez-cadillac-racing.webp 1200w\" sizes=\"(min-width:650px) 700px\"\/><source type=\"image\/jpeg\" srcset=\"https:\/\/cdn-3.motorsport.com\/images\/mgl\/Y9lLV9b2\/s200\/sergio-perez-cadillac-racing.jpg 200w, https:\/\/cdn-3.motorsport.com\/images\/mgl\/Y9lLV9b2\/s300\/sergio-perez-cadillac-racing.jpg 300w, https:\/\/cdn-3.motorsport.com\/images\/mgl\/Y9lLV9b2\/s400\/sergio-perez-cadillac-racing.jpg 400w, https:\/\/cdn-3.motorsport.com\/images\/mgl\/Y9lLV9b2\/s500\/sergio-perez-cadillac-racing.jpg 500w, https:\/\/cdn-3.motorsport.com\/images\/mgl\/Y9lLV9b2\/s600\/sergio-perez-cadillac-racing.jpg 600w, https:\/\/cdn-3.motorsport.com\/images\/mgl\/Y9lLV9b2\/s700\/sergio-perez-cadillac-racing.jpg 700w, https:\/\/cdn-3.motorsport.com\/images\/mgl\/Y9lLV9b2\/s800\/sergio-perez-cadillac-racing.jpg 800w, https:\/\/cdn-3.motorsport.com\/images\/mgl\/Y9lLV9b2\/s900\/sergio-perez-cadillac-racing.jpg 900w, https:\/\/cdn-3.motorsport.com\/images\/mgl\/Y9lLV9b2\/s1000\/sergio-perez-cadillac-racing.jpg 1000w, https:\/\/cdn-3.motorsport.com\/images\/mgl\/Y9lLV9b2\/s1100\/sergio-perez-cadillac-racing.jpg 1100w, https:\/\/cdn-3.motorsport.com\/images\/mgl\/Y9lLV9b2\/s1200\/sergio-perez-cadillac-racing.jpg 1200w\" sizes=\"(min-width:650px) 700px\"\/><img decoding=\"async\" loading=\"lazy\" width=\"700\" height=\"466\" class=\"ms-item__img ms-item__img--3_2 \" src=\"https:\/\/cdn-9.motorsport.com\/images\/mgl\/Y9lLV9b2\/s700\/sergio-perez-cadillac-racing.jpg\" alt=\"Sergio Perez, Cadillac Racing\"\/>\n    <\/picture>\n<\/p><\/div>\n<p>&#13;<br \/>\n&#13;<\/p>\n<h2 class=\"article-fullwidth-gallery_title\">Japanese GP &#8211; Saturday, in photos<\/h2>\n<p>&#13;<br \/>\n                &#13;<br \/>\n                                            <\/a><br \/>\n                                                <a href=\"http:\/\/www.motorsport.com\/f1\/galleries\/japanese-gp-saturday-in-photos\/12357\/#72376202\" class=\"article-fullwidth-gallery_item\" data-name=\"gal-12357-esteban-ocon-haas-f1-team-72376202\">&#13;<\/p>\n<div class=\"article-fullwidth-gallery_img-wrapper\">\n<picture class=\"ms-item__picture \" data-photo-id=\"72376202\" data-detail-url=\"\/f1\/photos\/esteban-ocon-haas-f1-team-72376202\/72376202\/\"><source type=\"image\/webp\" srcset=\"https:\/\/cdn-1.motorsport.com\/images\/mgl\/Y9lLVv72\/s200\/esteban-ocon-haas-f1-team.webp 200w, https:\/\/cdn-1.motorsport.com\/images\/mgl\/Y9lLVv72\/s300\/esteban-ocon-haas-f1-team.webp 300w, https:\/\/cdn-1.motorsport.com\/images\/mgl\/Y9lLVv72\/s400\/esteban-ocon-haas-f1-team.webp 400w, https:\/\/cdn-1.motorsport.com\/images\/mgl\/Y9lLVv72\/s500\/esteban-ocon-haas-f1-team.webp 500w, https:\/\/cdn-1.motorsport.com\/images\/mgl\/Y9lLVv72\/s600\/esteban-ocon-haas-f1-team.webp 600w, https:\/\/cdn-1.motorsport.com\/images\/mgl\/Y9lLVv72\/s700\/esteban-ocon-haas-f1-team.webp 700w, https:\/\/cdn-1.motorsport.com\/images\/mgl\/Y9lLVv72\/s800\/esteban-ocon-haas-f1-team.webp 800w, https:\/\/cdn-1.motorsport.com\/images\/mgl\/Y9lLVv72\/s900\/esteban-ocon-haas-f1-team.webp 900w, https:\/\/cdn-1.motorsport.com\/images\/mgl\/Y9lLVv72\/s1000\/esteban-ocon-haas-f1-team.webp 1000w, https:\/\/cdn-1.motorsport.com\/images\/mgl\/Y9lLVv72\/s1100\/esteban-ocon-haas-f1-team.webp 1100w, https:\/\/cdn-1.motorsport.com\/images\/mgl\/Y9lLVv72\/s1200\/esteban-ocon-haas-f1-team.webp 1200w\" sizes=\"(min-width:650px) 700px\"\/><source type=\"image\/jpeg\" srcset=\"https:\/\/cdn-1.motorsport.com\/images\/mgl\/Y9lLVv72\/s200\/esteban-ocon-haas-f1-team.jpg 200w, https:\/\/cdn-1.motorsport.com\/images\/mgl\/Y9lLVv72\/s300\/esteban-ocon-haas-f1-team.jpg 300w, https:\/\/cdn-1.motorsport.com\/images\/mgl\/Y9lLVv72\/s400\/esteban-ocon-haas-f1-team.jpg 400w, https:\/\/cdn-1.motorsport.com\/images\/mgl\/Y9lLVv72\/s500\/esteban-ocon-haas-f1-team.jpg 500w, https:\/\/cdn-1.motorsport.com\/images\/mgl\/Y9lLVv72\/s600\/esteban-ocon-haas-f1-team.jpg 600w, https:\/\/cdn-1.motorsport.com\/images\/mgl\/Y9lLVv72\/s700\/esteban-ocon-haas-f1-team.jpg 700w, https:\/\/cdn-1.motorsport.com\/images\/mgl\/Y9lLVv72\/s800\/esteban-ocon-haas-f1-team.jpg 800w, https:\/\/cdn-1.motorsport.com\/images\/mgl\/Y9lLVv72\/s900\/esteban-ocon-haas-f1-team.jpg 900w, https:\/\/cdn-1.motorsport.com\/images\/mgl\/Y9lLVv72\/s1000\/esteban-ocon-haas-f1-team.jpg 1000w, https:\/\/cdn-1.motorsport.com\/images\/mgl\/Y9lLVv72\/s1100\/esteban-ocon-haas-f1-team.jpg 1100w, https:\/\/cdn-1.motorsport.com\/images\/mgl\/Y9lLVv72\/s1200\/esteban-ocon-haas-f1-team.jpg 1200w\" sizes=\"(min-width:650px) 700px\"\/><img decoding=\"async\" loading=\"lazy\" width=\"700\" height=\"466\" class=\"ms-item__img ms-item__img--3_2 \" src=\"https:\/\/cdn-8.motorsport.com\/images\/mgl\/Y9lLVv72\/s700\/esteban-ocon-haas-f1-team.jpg\" alt=\"Esteban Ocon, Haas F1 Team\"\/>\n    <\/picture>\n<\/p><\/div>\n<p>&#13;<br \/>\n&#13;<\/p>\n<h2 class=\"article-fullwidth-gallery_title\">Japanese GP &#8211; Saturday, in photos<\/h2>\n<p>&#13;<br \/>\n                &#13;<br \/>\n                                            <\/a><br \/>\n                                                <a href=\"http:\/\/www.motorsport.com\/f1\/galleries\/japanese-gp-saturday-in-photos\/12357\/#72379746\" class=\"article-fullwidth-gallery_item\" data-name=\"gal-12357-fans-72379746\">&#13;<\/p>\n<div class=\"article-fullwidth-gallery_img-wrapper\">\n<picture class=\"ms-item__picture \" data-photo-id=\"72379746\" data-detail-url=\"\/f1\/photos\/fans-72379746\/72379746\/\"><source type=\"image\/webp\" srcset=\"https:\/\/cdn-8.motorsport.com\/images\/mgl\/01QdEkr0\/s200\/fans.webp 200w, https:\/\/cdn-8.motorsport.com\/images\/mgl\/01QdEkr0\/s300\/fans.webp 300w, https:\/\/cdn-8.motorsport.com\/images\/mgl\/01QdEkr0\/s400\/fans.webp 400w, https:\/\/cdn-8.motorsport.com\/images\/mgl\/01QdEkr0\/s500\/fans.webp 500w, https:\/\/cdn-8.motorsport.com\/images\/mgl\/01QdEkr0\/s600\/fans.webp 600w, https:\/\/cdn-8.motorsport.com\/images\/mgl\/01QdEkr0\/s700\/fans.webp 700w, https:\/\/cdn-8.motorsport.com\/images\/mgl\/01QdEkr0\/s800\/fans.webp 800w, https:\/\/cdn-8.motorsport.com\/images\/mgl\/01QdEkr0\/s900\/fans.webp 900w, https:\/\/cdn-8.motorsport.com\/images\/mgl\/01QdEkr0\/s1000\/fans.webp 1000w, https:\/\/cdn-8.motorsport.com\/images\/mgl\/01QdEkr0\/s1100\/fans.webp 1100w, https:\/\/cdn-8.motorsport.com\/images\/mgl\/01QdEkr0\/s1200\/fans.webp 1200w\" sizes=\"(min-width:650px) 700px\"\/><source type=\"image\/jpeg\" srcset=\"https:\/\/cdn-8.motorsport.com\/images\/mgl\/01QdEkr0\/s200\/fans.jpg 200w, https:\/\/cdn-8.motorsport.com\/images\/mgl\/01QdEkr0\/s300\/fans.jpg 300w, https:\/\/cdn-8.motorsport.com\/images\/mgl\/01QdEkr0\/s400\/fans.jpg 400w, https:\/\/cdn-8.motorsport.com\/images\/mgl\/01QdEkr0\/s500\/fans.jpg 500w, https:\/\/cdn-8.motorsport.com\/images\/mgl\/01QdEkr0\/s600\/fans.jpg 600w, https:\/\/cdn-8.motorsport.com\/images\/mgl\/01QdEkr0\/s700\/fans.jpg 700w, https:\/\/cdn-8.motorsport.com\/images\/mgl\/01QdEkr0\/s800\/fans.jpg 800w, https:\/\/cdn-8.motorsport.com\/images\/mgl\/01QdEkr0\/s900\/fans.jpg 900w, https:\/\/cdn-8.motorsport.com\/images\/mgl\/01QdEkr0\/s1000\/fans.jpg 1000w, https:\/\/cdn-8.motorsport.com\/images\/mgl\/01QdEkr0\/s1100\/fans.jpg 1100w, https:\/\/cdn-8.motorsport.com\/images\/mgl\/01QdEkr0\/s1200\/fans.jpg 1200w\" sizes=\"(min-width:650px) 700px\"\/><img decoding=\"async\" loading=\"lazy\" width=\"700\" height=\"466\" class=\"ms-item__img ms-item__img--3_2 \" src=\"https:\/\/cdn-8.motorsport.com\/images\/mgl\/01QdEkr0\/s700\/fans.jpg\" alt=\"Fans\"\/>\n    <\/picture>\n<\/p><\/div>\n<p>&#13;<br \/>\n&#13;<\/p>\n<h2 class=\"article-fullwidth-gallery_title\">Japanese GP &#8211; Saturday, in photos<\/h2>\n<p>&#13;<br \/>\n                &#13;<br \/>\n                                            <\/a><br \/>\n                                                <a href=\"http:\/\/www.motorsport.com\/f1\/galleries\/japanese-gp-saturday-in-photos\/12357\/#72377169\" class=\"article-fullwidth-gallery_item\" data-name=\"gal-12357-alexander-albon-williams-72377169\">&#13;<\/p>\n<div class=\"article-fullwidth-gallery_img-wrapper\">\n<picture class=\"ms-item__picture \" data-photo-id=\"72377169\" data-detail-url=\"\/f1\/photos\/alexander-albon-williams-72377169\/72377169\/\"><source type=\"image\/webp\" srcset=\"https:\/\/cdn-3.motorsport.com\/images\/mgl\/YN7wj1e6\/s200\/alexander-albon-williams.webp 200w, https:\/\/cdn-3.motorsport.com\/images\/mgl\/YN7wj1e6\/s300\/alexander-albon-williams.webp 300w, https:\/\/cdn-3.motorsport.com\/images\/mgl\/YN7wj1e6\/s400\/alexander-albon-williams.webp 400w, https:\/\/cdn-3.motorsport.com\/images\/mgl\/YN7wj1e6\/s500\/alexander-albon-williams.webp 500w, https:\/\/cdn-3.motorsport.com\/images\/mgl\/YN7wj1e6\/s600\/alexander-albon-williams.webp 600w, https:\/\/cdn-3.motorsport.com\/images\/mgl\/YN7wj1e6\/s700\/alexander-albon-williams.webp 700w, https:\/\/cdn-3.motorsport.com\/images\/mgl\/YN7wj1e6\/s800\/alexander-albon-williams.webp 800w, https:\/\/cdn-3.motorsport.com\/images\/mgl\/YN7wj1e6\/s900\/alexander-albon-williams.webp 900w, https:\/\/cdn-3.motorsport.com\/images\/mgl\/YN7wj1e6\/s1000\/alexander-albon-williams.webp 1000w, https:\/\/cdn-3.motorsport.com\/images\/mgl\/YN7wj1e6\/s1100\/alexander-albon-williams.webp 1100w, https:\/\/cdn-3.motorsport.com\/images\/mgl\/YN7wj1e6\/s1200\/alexander-albon-williams.webp 1200w\" sizes=\"(min-width:650px) 700px\"\/><source type=\"image\/jpeg\" srcset=\"https:\/\/cdn-3.motorsport.com\/images\/mgl\/YN7wj1e6\/s200\/alexander-albon-williams.jpg 200w, https:\/\/cdn-3.motorsport.com\/images\/mgl\/YN7wj1e6\/s300\/alexander-albon-williams.jpg 300w, https:\/\/cdn-3.motorsport.com\/images\/mgl\/YN7wj1e6\/s400\/alexander-albon-williams.jpg 400w, https:\/\/cdn-3.motorsport.com\/images\/mgl\/YN7wj1e6\/s500\/alexander-albon-williams.jpg 500w, https:\/\/cdn-3.motorsport.com\/images\/mgl\/YN7wj1e6\/s600\/alexander-albon-williams.jpg 600w, https:\/\/cdn-3.motorsport.com\/images\/mgl\/YN7wj1e6\/s700\/alexander-albon-williams.jpg 700w, https:\/\/cdn-3.motorsport.com\/images\/mgl\/YN7wj1e6\/s800\/alexander-albon-williams.jpg 800w, https:\/\/cdn-3.motorsport.com\/images\/mgl\/YN7wj1e6\/s900\/alexander-albon-williams.jpg 900w, https:\/\/cdn-3.motorsport.com\/images\/mgl\/YN7wj1e6\/s1000\/alexander-albon-williams.jpg 1000w, https:\/\/cdn-3.motorsport.com\/images\/mgl\/YN7wj1e6\/s1100\/alexander-albon-williams.jpg 1100w, https:\/\/cdn-3.motorsport.com\/images\/mgl\/YN7wj1e6\/s1200\/alexander-albon-williams.jpg 1200w\" sizes=\"(min-width:650px) 700px\"\/><img decoding=\"async\" loading=\"lazy\" width=\"700\" height=\"466\" class=\"ms-item__img ms-item__img--3_2 \" src=\"https:\/\/cdn-6.motorsport.com\/images\/mgl\/YN7wj1e6\/s700\/alexander-albon-williams.jpg\" alt=\"Alexander Albon, Williams\"\/>\n    <\/picture>\n<\/p><\/div>\n<p>&#13;<br \/>\n&#13;<\/p>\n<h2 class=\"article-fullwidth-gallery_title\">Japanese GP &#8211; Saturday, in photos<\/h2>\n<p>&#13;<br \/>\n                &#13;<br \/>\n                                            <\/a><br \/>\n                                                <a href=\"http:\/\/www.motorsport.com\/f1\/galleries\/japanese-gp-saturday-in-photos\/12357\/#72377163\" class=\"article-fullwidth-gallery_item\" data-name=\"gal-12357-andrea-kimi-antonelli-mercedes-72377163\">&#13;<\/p>\n<div class=\"article-fullwidth-gallery_img-wrapper\">\n<picture class=\"ms-item__picture \" data-photo-id=\"72377163\" data-detail-url=\"\/f1\/photos\/andrea-kimi-antonelli-mercedes-72377163\/72377163\/\"><source type=\"image\/webp\" srcset=\"https:\/\/cdn-9.motorsport.com\/images\/mgl\/27NQjvE0\/s200\/andrea-kimi-antonelli-mercedes.webp 200w, https:\/\/cdn-9.motorsport.com\/images\/mgl\/27NQjvE0\/s300\/andrea-kimi-antonelli-mercedes.webp 300w, https:\/\/cdn-9.motorsport.com\/images\/mgl\/27NQjvE0\/s400\/andrea-kimi-antonelli-mercedes.webp 400w, https:\/\/cdn-9.motorsport.com\/images\/mgl\/27NQjvE0\/s500\/andrea-kimi-antonelli-mercedes.webp 500w, https:\/\/cdn-9.motorsport.com\/images\/mgl\/27NQjvE0\/s600\/andrea-kimi-antonelli-mercedes.webp 600w, https:\/\/cdn-9.motorsport.com\/images\/mgl\/27NQjvE0\/s700\/andrea-kimi-antonelli-mercedes.webp 700w, https:\/\/cdn-9.motorsport.com\/images\/mgl\/27NQjvE0\/s800\/andrea-kimi-antonelli-mercedes.webp 800w, https:\/\/cdn-9.motorsport.com\/images\/mgl\/27NQjvE0\/s900\/andrea-kimi-antonelli-mercedes.webp 900w, https:\/\/cdn-9.motorsport.com\/images\/mgl\/27NQjvE0\/s1000\/andrea-kimi-antonelli-mercedes.webp 1000w, https:\/\/cdn-9.motorsport.com\/images\/mgl\/27NQjvE0\/s1100\/andrea-kimi-antonelli-mercedes.webp 1100w, https:\/\/cdn-9.motorsport.com\/images\/mgl\/27NQjvE0\/s1200\/andrea-kimi-antonelli-mercedes.webp 1200w\" sizes=\"(min-width:650px) 700px\"\/><source type=\"image\/jpeg\" srcset=\"https:\/\/cdn-9.motorsport.com\/images\/mgl\/27NQjvE0\/s200\/andrea-kimi-antonelli-mercedes.jpg 200w, https:\/\/cdn-9.motorsport.com\/images\/mgl\/27NQjvE0\/s300\/andrea-kimi-antonelli-mercedes.jpg 300w, https:\/\/cdn-9.motorsport.com\/images\/mgl\/27NQjvE0\/s400\/andrea-kimi-antonelli-mercedes.jpg 400w, https:\/\/cdn-9.motorsport.com\/images\/mgl\/27NQjvE0\/s500\/andrea-kimi-antonelli-mercedes.jpg 500w, https:\/\/cdn-9.motorsport.com\/images\/mgl\/27NQjvE0\/s600\/andrea-kimi-antonelli-mercedes.jpg 600w, https:\/\/cdn-9.motorsport.com\/images\/mgl\/27NQjvE0\/s700\/andrea-kimi-antonelli-mercedes.jpg 700w, https:\/\/cdn-9.motorsport.com\/images\/mgl\/27NQjvE0\/s800\/andrea-kimi-antonelli-mercedes.jpg 800w, https:\/\/cdn-9.motorsport.com\/images\/mgl\/27NQjvE0\/s900\/andrea-kimi-antonelli-mercedes.jpg 900w, https:\/\/cdn-9.motorsport.com\/images\/mgl\/27NQjvE0\/s1000\/andrea-kimi-antonelli-mercedes.jpg 1000w, https:\/\/cdn-9.motorsport.com\/images\/mgl\/27NQjvE0\/s1100\/andrea-kimi-antonelli-mercedes.jpg 1100w, https:\/\/cdn-9.motorsport.com\/images\/mgl\/27NQjvE0\/s1200\/andrea-kimi-antonelli-mercedes.jpg 1200w\" sizes=\"(min-width:650px) 700px\"\/><img decoding=\"async\" loading=\"lazy\" width=\"700\" height=\"466\" class=\"ms-item__img ms-item__img--3_2 \" src=\"https:\/\/cdn-2.motorsport.com\/images\/mgl\/27NQjvE0\/s700\/andrea-kimi-antonelli-mercedes.jpg\" alt=\"Andrea Kimi Antonelli, Mercedes\"\/>\n    <\/picture>\n<\/p><\/div>\n<p>&#13;<br \/>\n&#13;<\/p>\n<h2 class=\"article-fullwidth-gallery_title\">Japanese GP &#8211; Saturday, in photos<\/h2>\n<p>&#13;<br \/>\n                &#13;<br \/>\n                                            <\/a><br \/>\n                                                <a href=\"http:\/\/www.motorsport.com\/f1\/galleries\/japanese-gp-saturday-in-photos\/12357\/#72377152\" class=\"article-fullwidth-gallery_item\" data-name=\"gal-12357-dan-towriss-ceo-cadillac-with-cassidy-towriss-brand-ambassador\">&#13;<\/p>\n<div class=\"article-fullwidth-gallery_img-wrapper\">\n<picture class=\"ms-item__picture \" data-photo-id=\"72377152\" data-detail-url=\"\/f1\/photos\/dan-towriss-ceo-cadillac-with-cassidy-towriss-brand-ambassador\/72377152\/\"><source type=\"image\/webp\" srcset=\"https:\/\/cdn-3.motorsport.com\/images\/mgl\/0ZqAmRN6\/s200\/dan-towriss-ceo-cadillac-with-.webp 200w, https:\/\/cdn-3.motorsport.com\/images\/mgl\/0ZqAmRN6\/s300\/dan-towriss-ceo-cadillac-with-.webp 300w, https:\/\/cdn-3.motorsport.com\/images\/mgl\/0ZqAmRN6\/s400\/dan-towriss-ceo-cadillac-with-.webp 400w, https:\/\/cdn-3.motorsport.com\/images\/mgl\/0ZqAmRN6\/s500\/dan-towriss-ceo-cadillac-with-.webp 500w, https:\/\/cdn-3.motorsport.com\/images\/mgl\/0ZqAmRN6\/s600\/dan-towriss-ceo-cadillac-with-.webp 600w, https:\/\/cdn-3.motorsport.com\/images\/mgl\/0ZqAmRN6\/s700\/dan-towriss-ceo-cadillac-with-.webp 700w, https:\/\/cdn-3.motorsport.com\/images\/mgl\/0ZqAmRN6\/s800\/dan-towriss-ceo-cadillac-with-.webp 800w, https:\/\/cdn-3.motorsport.com\/images\/mgl\/0ZqAmRN6\/s900\/dan-towriss-ceo-cadillac-with-.webp 900w, https:\/\/cdn-3.motorsport.com\/images\/mgl\/0ZqAmRN6\/s1000\/dan-towriss-ceo-cadillac-with-.webp 1000w, https:\/\/cdn-3.motorsport.com\/images\/mgl\/0ZqAmRN6\/s1100\/dan-towriss-ceo-cadillac-with-.webp 1100w, https:\/\/cdn-3.motorsport.com\/images\/mgl\/0ZqAmRN6\/s1200\/dan-towriss-ceo-cadillac-with-.webp 1200w\" sizes=\"(min-width:650px) 700px\"\/><source type=\"image\/jpeg\" srcset=\"https:\/\/cdn-3.motorsport.com\/images\/mgl\/0ZqAmRN6\/s200\/dan-towriss-ceo-cadillac-with-.jpg 200w, https:\/\/cdn-3.motorsport.com\/images\/mgl\/0ZqAmRN6\/s300\/dan-towriss-ceo-cadillac-with-.jpg 300w, https:\/\/cdn-3.motorsport.com\/images\/mgl\/0ZqAmRN6\/s400\/dan-towriss-ceo-cadillac-with-.jpg 400w, https:\/\/cdn-3.motorsport.com\/images\/mgl\/0ZqAmRN6\/s500\/dan-towriss-ceo-cadillac-with-.jpg 500w, https:\/\/cdn-3.motorsport.com\/images\/mgl\/0ZqAmRN6\/s600\/dan-towriss-ceo-cadillac-with-.jpg 600w, https:\/\/cdn-3.motorsport.com\/images\/mgl\/0ZqAmRN6\/s700\/dan-towriss-ceo-cadillac-with-.jpg 700w, https:\/\/cdn-3.motorsport.com\/images\/mgl\/0ZqAmRN6\/s800\/dan-towriss-ceo-cadillac-with-.jpg 800w, https:\/\/cdn-3.motorsport.com\/images\/mgl\/0ZqAmRN6\/s900\/dan-towriss-ceo-cadillac-with-.jpg 900w, https:\/\/cdn-3.motorsport.com\/images\/mgl\/0ZqAmRN6\/s1000\/dan-towriss-ceo-cadillac-with-.jpg 1000w, https:\/\/cdn-3.motorsport.com\/images\/mgl\/0ZqAmRN6\/s1100\/dan-towriss-ceo-cadillac-with-.jpg 1100w, https:\/\/cdn-3.motorsport.com\/images\/mgl\/0ZqAmRN6\/s1200\/dan-towriss-ceo-cadillac-with-.jpg 1200w\" sizes=\"(min-width:650px) 700px\"\/><img decoding=\"async\" loading=\"lazy\" width=\"700\" height=\"466\" class=\"ms-item__img ms-item__img--3_2 \" src=\"https:\/\/cdn-7.motorsport.com\/images\/mgl\/0ZqAmRN6\/s700\/dan-towriss-ceo-cadillac-with-.jpg\" alt=\"Dan Towriss, CEO, Cadillac, with Cassidy Towriss, brand ambassador.\"\/>\n    <\/picture>\n<\/p><\/div>\n<p>&#13;<br \/>\n&#13;<\/p>\n<h2 class=\"article-fullwidth-gallery_title\">Japanese GP &#8211; Saturday, in photos<\/h2>\n<p>&#13;<br \/>\n                &#13;<br \/>\n                                            <\/a><br \/>\n                                                <a href=\"http:\/\/www.motorsport.com\/f1\/galleries\/japanese-gp-saturday-in-photos\/12357\/#72377154\" class=\"article-fullwidth-gallery_item\" data-name=\"gal-12357-arvid-lindblad-racing-bulls-liam-lawson-racing-bulls\">&#13;<\/p>\n<div class=\"article-fullwidth-gallery_img-wrapper\">\n<picture class=\"ms-item__picture \" data-photo-id=\"72377154\" data-detail-url=\"\/f1\/photos\/arvid-lindblad-racing-bulls-liam-lawson-racing-bulls\/72377154\/\"><source type=\"image\/webp\" srcset=\"https:\/\/cdn-2.motorsport.com\/images\/mgl\/6Vy7xRnY\/s200\/arvid-lindblad-racing-bulls-li.webp 200w, https:\/\/cdn-2.motorsport.com\/images\/mgl\/6Vy7xRnY\/s300\/arvid-lindblad-racing-bulls-li.webp 300w, https:\/\/cdn-2.motorsport.com\/images\/mgl\/6Vy7xRnY\/s400\/arvid-lindblad-racing-bulls-li.webp 400w, https:\/\/cdn-2.motorsport.com\/images\/mgl\/6Vy7xRnY\/s500\/arvid-lindblad-racing-bulls-li.webp 500w, https:\/\/cdn-2.motorsport.com\/images\/mgl\/6Vy7xRnY\/s600\/arvid-lindblad-racing-bulls-li.webp 600w, https:\/\/cdn-2.motorsport.com\/images\/mgl\/6Vy7xRnY\/s700\/arvid-lindblad-racing-bulls-li.webp 700w, https:\/\/cdn-2.motorsport.com\/images\/mgl\/6Vy7xRnY\/s800\/arvid-lindblad-racing-bulls-li.webp 800w, https:\/\/cdn-2.motorsport.com\/images\/mgl\/6Vy7xRnY\/s900\/arvid-lindblad-racing-bulls-li.webp 900w, https:\/\/cdn-2.motorsport.com\/images\/mgl\/6Vy7xRnY\/s1000\/arvid-lindblad-racing-bulls-li.webp 1000w, https:\/\/cdn-2.motorsport.com\/images\/mgl\/6Vy7xRnY\/s1100\/arvid-lindblad-racing-bulls-li.webp 1100w, https:\/\/cdn-2.motorsport.com\/images\/mgl\/6Vy7xRnY\/s1200\/arvid-lindblad-racing-bulls-li.webp 1200w\" sizes=\"(min-width:650px) 700px\"\/><source type=\"image\/jpeg\" srcset=\"https:\/\/cdn-2.motorsport.com\/images\/mgl\/6Vy7xRnY\/s200\/arvid-lindblad-racing-bulls-li.jpg 200w, https:\/\/cdn-2.motorsport.com\/images\/mgl\/6Vy7xRnY\/s300\/arvid-lindblad-racing-bulls-li.jpg 300w, https:\/\/cdn-2.motorsport.com\/images\/mgl\/6Vy7xRnY\/s400\/arvid-lindblad-racing-bulls-li.jpg 400w, https:\/\/cdn-2.motorsport.com\/images\/mgl\/6Vy7xRnY\/s500\/arvid-lindblad-racing-bulls-li.jpg 500w, https:\/\/cdn-2.motorsport.com\/images\/mgl\/6Vy7xRnY\/s600\/arvid-lindblad-racing-bulls-li.jpg 600w, https:\/\/cdn-2.motorsport.com\/images\/mgl\/6Vy7xRnY\/s700\/arvid-lindblad-racing-bulls-li.jpg 700w, https:\/\/cdn-2.motorsport.com\/images\/mgl\/6Vy7xRnY\/s800\/arvid-lindblad-racing-bulls-li.jpg 800w, https:\/\/cdn-2.motorsport.com\/images\/mgl\/6Vy7xRnY\/s900\/arvid-lindblad-racing-bulls-li.jpg 900w, https:\/\/cdn-2.motorsport.com\/images\/mgl\/6Vy7xRnY\/s1000\/arvid-lindblad-racing-bulls-li.jpg 1000w, https:\/\/cdn-2.motorsport.com\/images\/mgl\/6Vy7xRnY\/s1100\/arvid-lindblad-racing-bulls-li.jpg 1100w, https:\/\/cdn-2.motorsport.com\/images\/mgl\/6Vy7xRnY\/s1200\/arvid-lindblad-racing-bulls-li.jpg 1200w\" sizes=\"(min-width:650px) 700px\"\/><img decoding=\"async\" loading=\"lazy\" width=\"700\" height=\"466\" class=\"ms-item__img ms-item__img--3_2 \" src=\"https:\/\/cdn-4.motorsport.com\/images\/mgl\/6Vy7xRnY\/s700\/arvid-lindblad-racing-bulls-li.jpg\" alt=\"Arvid Lindblad, Racing Bulls, Liam Lawson, Racing Bulls\"\/>\n    <\/picture>\n<\/p><\/div>\n<p>&#13;<br \/>\n&#13;<\/p>\n<h2 class=\"article-fullwidth-gallery_title\">Japanese GP &#8211; Saturday, in photos<\/h2>\n<p>&#13;<br \/>\n                &#13;<br \/>\n                                            <\/a><br \/>\n                                                <a href=\"http:\/\/www.motorsport.com\/f1\/galleries\/japanese-gp-saturday-in-photos\/12357\/#72379147\" class=\"article-fullwidth-gallery_item\" data-name=\"gal-12357-choi-min-ho-poses-for-a-photo-in-the-oracle-red-bull-racing-garage\">&#13;<\/p>\n<div class=\"article-fullwidth-gallery_img-wrapper\">\n<picture class=\"ms-item__picture \" data-photo-id=\"72379147\" data-detail-url=\"\/f1\/photos\/choi-min-ho-poses-for-a-photo-in-the-oracle-red-bull-racing-garage\/72379147\/\"><source type=\"image\/webp\" srcset=\"https:\/\/cdn-3.motorsport.com\/images\/mgl\/68VW5ox2\/s200\/choi-min-ho-poses-for-a-photo-.webp 200w, https:\/\/cdn-3.motorsport.com\/images\/mgl\/68VW5ox2\/s300\/choi-min-ho-poses-for-a-photo-.webp 300w, https:\/\/cdn-3.motorsport.com\/images\/mgl\/68VW5ox2\/s400\/choi-min-ho-poses-for-a-photo-.webp 400w, https:\/\/cdn-3.motorsport.com\/images\/mgl\/68VW5ox2\/s500\/choi-min-ho-poses-for-a-photo-.webp 500w, https:\/\/cdn-3.motorsport.com\/images\/mgl\/68VW5ox2\/s600\/choi-min-ho-poses-for-a-photo-.webp 600w, https:\/\/cdn-3.motorsport.com\/images\/mgl\/68VW5ox2\/s700\/choi-min-ho-poses-for-a-photo-.webp 700w, https:\/\/cdn-3.motorsport.com\/images\/mgl\/68VW5ox2\/s800\/choi-min-ho-poses-for-a-photo-.webp 800w, https:\/\/cdn-3.motorsport.com\/images\/mgl\/68VW5ox2\/s900\/choi-min-ho-poses-for-a-photo-.webp 900w, https:\/\/cdn-3.motorsport.com\/images\/mgl\/68VW5ox2\/s1000\/choi-min-ho-poses-for-a-photo-.webp 1000w, https:\/\/cdn-3.motorsport.com\/images\/mgl\/68VW5ox2\/s1100\/choi-min-ho-poses-for-a-photo-.webp 1100w, https:\/\/cdn-3.motorsport.com\/images\/mgl\/68VW5ox2\/s1200\/choi-min-ho-poses-for-a-photo-.webp 1200w\" sizes=\"(min-width:650px) 700px\"\/><source type=\"image\/jpeg\" srcset=\"https:\/\/cdn-3.motorsport.com\/images\/mgl\/68VW5ox2\/s200\/choi-min-ho-poses-for-a-photo-.jpg 200w, https:\/\/cdn-3.motorsport.com\/images\/mgl\/68VW5ox2\/s300\/choi-min-ho-poses-for-a-photo-.jpg 300w, https:\/\/cdn-3.motorsport.com\/images\/mgl\/68VW5ox2\/s400\/choi-min-ho-poses-for-a-photo-.jpg 400w, https:\/\/cdn-3.motorsport.com\/images\/mgl\/68VW5ox2\/s500\/choi-min-ho-poses-for-a-photo-.jpg 500w, https:\/\/cdn-3.motorsport.com\/images\/mgl\/68VW5ox2\/s600\/choi-min-ho-poses-for-a-photo-.jpg 600w, https:\/\/cdn-3.motorsport.com\/images\/mgl\/68VW5ox2\/s700\/choi-min-ho-poses-for-a-photo-.jpg 700w, https:\/\/cdn-3.motorsport.com\/images\/mgl\/68VW5ox2\/s800\/choi-min-ho-poses-for-a-photo-.jpg 800w, https:\/\/cdn-3.motorsport.com\/images\/mgl\/68VW5ox2\/s900\/choi-min-ho-poses-for-a-photo-.jpg 900w, https:\/\/cdn-3.motorsport.com\/images\/mgl\/68VW5ox2\/s1000\/choi-min-ho-poses-for-a-photo-.jpg 1000w, https:\/\/cdn-3.motorsport.com\/images\/mgl\/68VW5ox2\/s1100\/choi-min-ho-poses-for-a-photo-.jpg 1100w, https:\/\/cdn-3.motorsport.com\/images\/mgl\/68VW5ox2\/s1200\/choi-min-ho-poses-for-a-photo-.jpg 1200w\" sizes=\"(min-width:650px) 700px\"\/><img decoding=\"async\" loading=\"lazy\" width=\"700\" height=\"466\" class=\"ms-item__img ms-item__img--3_2 \" src=\"https:\/\/cdn-4.motorsport.com\/images\/mgl\/68VW5ox2\/s700\/choi-min-ho-poses-for-a-photo-.jpg\" alt=\"Choi Min-Ho poses for a photo in the Oracle Red Bull Racing garage.\"\/>\n    <\/picture>\n<\/p><\/div>\n<p>&#13;<br \/>\n&#13;<\/p>\n<h2 class=\"article-fullwidth-gallery_title\">Japanese GP &#8211; Saturday, in photos<\/h2>\n<p>&#13;<br \/>\n                &#13;<br \/>\n                                            <\/a><br \/>\n                                                <a href=\"http:\/\/www.motorsport.com\/f1\/galleries\/japanese-gp-saturday-in-photos\/12357\/#72380710\" class=\"article-fullwidth-gallery_item\" data-name=\"gal-12357-lando-norris-mclaren-72380710\">&#13;<\/p>\n<div class=\"article-fullwidth-gallery_img-wrapper\">\n<picture class=\"ms-item__picture \" data-photo-id=\"72380710\" data-detail-url=\"\/f1\/photos\/lando-norris-mclaren-72380710\/72380710\/\"><source type=\"image\/webp\" srcset=\"https:\/\/cdn-2.motorsport.com\/images\/mgl\/YE9wr7MY\/s200\/lando-norris-mclaren.webp 200w, https:\/\/cdn-2.motorsport.com\/images\/mgl\/YE9wr7MY\/s300\/lando-norris-mclaren.webp 300w, https:\/\/cdn-2.motorsport.com\/images\/mgl\/YE9wr7MY\/s400\/lando-norris-mclaren.webp 400w, https:\/\/cdn-2.motorsport.com\/images\/mgl\/YE9wr7MY\/s500\/lando-norris-mclaren.webp 500w, https:\/\/cdn-2.motorsport.com\/images\/mgl\/YE9wr7MY\/s600\/lando-norris-mclaren.webp 600w, https:\/\/cdn-2.motorsport.com\/images\/mgl\/YE9wr7MY\/s700\/lando-norris-mclaren.webp 700w, https:\/\/cdn-2.motorsport.com\/images\/mgl\/YE9wr7MY\/s800\/lando-norris-mclaren.webp 800w, https:\/\/cdn-2.motorsport.com\/images\/mgl\/YE9wr7MY\/s900\/lando-norris-mclaren.webp 900w, https:\/\/cdn-2.motorsport.com\/images\/mgl\/YE9wr7MY\/s1000\/lando-norris-mclaren.webp 1000w, https:\/\/cdn-2.motorsport.com\/images\/mgl\/YE9wr7MY\/s1100\/lando-norris-mclaren.webp 1100w, https:\/\/cdn-2.motorsport.com\/images\/mgl\/YE9wr7MY\/s1200\/lando-norris-mclaren.webp 1200w\" sizes=\"(min-width:650px) 700px\"\/><source type=\"image\/jpeg\" srcset=\"https:\/\/cdn-2.motorsport.com\/images\/mgl\/YE9wr7MY\/s200\/lando-norris-mclaren.jpg 200w, https:\/\/cdn-2.motorsport.com\/images\/mgl\/YE9wr7MY\/s300\/lando-norris-mclaren.jpg 300w, https:\/\/cdn-2.motorsport.com\/images\/mgl\/YE9wr7MY\/s400\/lando-norris-mclaren.jpg 400w, https:\/\/cdn-2.motorsport.com\/images\/mgl\/YE9wr7MY\/s500\/lando-norris-mclaren.jpg 500w, https:\/\/cdn-2.motorsport.com\/images\/mgl\/YE9wr7MY\/s600\/lando-norris-mclaren.jpg 600w, https:\/\/cdn-2.motorsport.com\/images\/mgl\/YE9wr7MY\/s700\/lando-norris-mclaren.jpg 700w, https:\/\/cdn-2.motorsport.com\/images\/mgl\/YE9wr7MY\/s800\/lando-norris-mclaren.jpg 800w, https:\/\/cdn-2.motorsport.com\/images\/mgl\/YE9wr7MY\/s900\/lando-norris-mclaren.jpg 900w, https:\/\/cdn-2.motorsport.com\/images\/mgl\/YE9wr7MY\/s1000\/lando-norris-mclaren.jpg 1000w, https:\/\/cdn-2.motorsport.com\/images\/mgl\/YE9wr7MY\/s1100\/lando-norris-mclaren.jpg 1100w, https:\/\/cdn-2.motorsport.com\/images\/mgl\/YE9wr7MY\/s1200\/lando-norris-mclaren.jpg 1200w\" sizes=\"(min-width:650px) 700px\"\/><img decoding=\"async\" loading=\"lazy\" width=\"700\" height=\"466\" class=\"ms-item__img ms-item__img--3_2 \" src=\"https:\/\/cdn-3.motorsport.com\/images\/mgl\/YE9wr7MY\/s700\/lando-norris-mclaren.jpg\" alt=\"Lando Norris, McLaren\"\/>\n    <\/picture>\n<\/p><\/div>\n<p>&#13;<br \/>\n&#13;<\/p>\n<h2 class=\"article-fullwidth-gallery_title\">Japanese GP &#8211; Saturday, in photos<\/h2>\n<p>&#13;<br \/>\n                &#13;<br \/>\n                                            <\/a><br \/>\n                                                <a href=\"http:\/\/www.motorsport.com\/f1\/galleries\/japanese-gp-saturday-in-photos\/12357\/#72380713\" class=\"article-fullwidth-gallery_item\" data-name=\"gal-12357-andrea-kimi-antonelli-mercedes-72380713\">&#13;<\/p>\n<div class=\"article-fullwidth-gallery_img-wrapper\">\n<picture class=\"ms-item__picture \" data-photo-id=\"72380713\" data-detail-url=\"\/f1\/photos\/andrea-kimi-antonelli-mercedes-72380713\/72380713\/\"><source type=\"image\/webp\" srcset=\"https:\/\/cdn-1.motorsport.com\/images\/mgl\/2y7AgJK6\/s200\/andrea-kimi-antonelli-mercedes.webp 200w, https:\/\/cdn-1.motorsport.com\/images\/mgl\/2y7AgJK6\/s300\/andrea-kimi-antonelli-mercedes.webp 300w, https:\/\/cdn-1.motorsport.com\/images\/mgl\/2y7AgJK6\/s400\/andrea-kimi-antonelli-mercedes.webp 400w, https:\/\/cdn-1.motorsport.com\/images\/mgl\/2y7AgJK6\/s500\/andrea-kimi-antonelli-mercedes.webp 500w, https:\/\/cdn-1.motorsport.com\/images\/mgl\/2y7AgJK6\/s600\/andrea-kimi-antonelli-mercedes.webp 600w, https:\/\/cdn-1.motorsport.com\/images\/mgl\/2y7AgJK6\/s700\/andrea-kimi-antonelli-mercedes.webp 700w, https:\/\/cdn-1.motorsport.com\/images\/mgl\/2y7AgJK6\/s800\/andrea-kimi-antonelli-mercedes.webp 800w, https:\/\/cdn-1.motorsport.com\/images\/mgl\/2y7AgJK6\/s900\/andrea-kimi-antonelli-mercedes.webp 900w, https:\/\/cdn-1.motorsport.com\/images\/mgl\/2y7AgJK6\/s1000\/andrea-kimi-antonelli-mercedes.webp 1000w, https:\/\/cdn-1.motorsport.com\/images\/mgl\/2y7AgJK6\/s1100\/andrea-kimi-antonelli-mercedes.webp 1100w, https:\/\/cdn-1.motorsport.com\/images\/mgl\/2y7AgJK6\/s1200\/andrea-kimi-antonelli-mercedes.webp 1200w\" sizes=\"(min-width:650px) 700px\"\/><source type=\"image\/jpeg\" srcset=\"https:\/\/cdn-1.motorsport.com\/images\/mgl\/2y7AgJK6\/s200\/andrea-kimi-antonelli-mercedes.jpg 200w, https:\/\/cdn-1.motorsport.com\/images\/mgl\/2y7AgJK6\/s300\/andrea-kimi-antonelli-mercedes.jpg 300w, https:\/\/cdn-1.motorsport.com\/images\/mgl\/2y7AgJK6\/s400\/andrea-kimi-antonelli-mercedes.jpg 400w, https:\/\/cdn-1.motorsport.com\/images\/mgl\/2y7AgJK6\/s500\/andrea-kimi-antonelli-mercedes.jpg 500w, https:\/\/cdn-1.motorsport.com\/images\/mgl\/2y7AgJK6\/s600\/andrea-kimi-antonelli-mercedes.jpg 600w, https:\/\/cdn-1.motorsport.com\/images\/mgl\/2y7AgJK6\/s700\/andrea-kimi-antonelli-mercedes.jpg 700w, https:\/\/cdn-1.motorsport.com\/images\/mgl\/2y7AgJK6\/s800\/andrea-kimi-antonelli-mercedes.jpg 800w, https:\/\/cdn-1.motorsport.com\/images\/mgl\/2y7AgJK6\/s900\/andrea-kimi-antonelli-mercedes.jpg 900w, https:\/\/cdn-1.motorsport.com\/images\/mgl\/2y7AgJK6\/s1000\/andrea-kimi-antonelli-mercedes.jpg 1000w, https:\/\/cdn-1.motorsport.com\/images\/mgl\/2y7AgJK6\/s1100\/andrea-kimi-antonelli-mercedes.jpg 1100w, https:\/\/cdn-1.motorsport.com\/images\/mgl\/2y7AgJK6\/s1200\/andrea-kimi-antonelli-mercedes.jpg 1200w\" sizes=\"(min-width:650px) 700px\"\/><img decoding=\"async\" loading=\"lazy\" width=\"700\" height=\"466\" class=\"ms-item__img ms-item__img--3_2 \" src=\"https:\/\/cdn-4.motorsport.com\/images\/mgl\/2y7AgJK6\/s700\/andrea-kimi-antonelli-mercedes.jpg\" alt=\"Andrea Kimi Antonelli, Mercedes\"\/>\n    <\/picture>\n<\/p><\/div>\n<p>&#13;<br \/>\n&#13;<\/p>\n<h2 class=\"article-fullwidth-gallery_title\">Japanese GP &#8211; Saturday, in photos<\/h2>\n<p>&#13;<br \/>\n                &#13;<br \/>\n                                            <\/a><br \/>\n                                                <a href=\"http:\/\/www.motorsport.com\/f1\/galleries\/japanese-gp-saturday-in-photos\/12357\/#72379753\" class=\"article-fullwidth-gallery_item\" data-name=\"gal-12357-max-verstappen-red-bull-racing-72379753\">&#13;<\/p>\n<div class=\"article-fullwidth-gallery_img-wrapper\">\n<picture class=\"ms-item__picture \" data-photo-id=\"72379753\" data-detail-url=\"\/f1\/photos\/max-verstappen-red-bull-racing-72379753\/72379753\/\"><source type=\"image\/webp\" srcset=\"https:\/\/cdn-7.motorsport.com\/images\/mgl\/27NQjK30\/s200\/max-verstappen-red-bull-racing.webp 200w, https:\/\/cdn-7.motorsport.com\/images\/mgl\/27NQjK30\/s300\/max-verstappen-red-bull-racing.webp 300w, https:\/\/cdn-7.motorsport.com\/images\/mgl\/27NQjK30\/s400\/max-verstappen-red-bull-racing.webp 400w, https:\/\/cdn-7.motorsport.com\/images\/mgl\/27NQjK30\/s500\/max-verstappen-red-bull-racing.webp 500w, https:\/\/cdn-7.motorsport.com\/images\/mgl\/27NQjK30\/s600\/max-verstappen-red-bull-racing.webp 600w, https:\/\/cdn-7.motorsport.com\/images\/mgl\/27NQjK30\/s700\/max-verstappen-red-bull-racing.webp 700w, https:\/\/cdn-7.motorsport.com\/images\/mgl\/27NQjK30\/s800\/max-verstappen-red-bull-racing.webp 800w, https:\/\/cdn-7.motorsport.com\/images\/mgl\/27NQjK30\/s900\/max-verstappen-red-bull-racing.webp 900w, https:\/\/cdn-7.motorsport.com\/images\/mgl\/27NQjK30\/s1000\/max-verstappen-red-bull-racing.webp 1000w, https:\/\/cdn-7.motorsport.com\/images\/mgl\/27NQjK30\/s1100\/max-verstappen-red-bull-racing.webp 1100w, https:\/\/cdn-7.motorsport.com\/images\/mgl\/27NQjK30\/s1200\/max-verstappen-red-bull-racing.webp 1200w\" sizes=\"(min-width:650px) 700px\"\/><source type=\"image\/jpeg\" srcset=\"https:\/\/cdn-7.motorsport.com\/images\/mgl\/27NQjK30\/s200\/max-verstappen-red-bull-racing.jpg 200w, https:\/\/cdn-7.motorsport.com\/images\/mgl\/27NQjK30\/s300\/max-verstappen-red-bull-racing.jpg 300w, https:\/\/cdn-7.motorsport.com\/images\/mgl\/27NQjK30\/s400\/max-verstappen-red-bull-racing.jpg 400w, https:\/\/cdn-7.motorsport.com\/images\/mgl\/27NQjK30\/s500\/max-verstappen-red-bull-racing.jpg 500w, https:\/\/cdn-7.motorsport.com\/images\/mgl\/27NQjK30\/s600\/max-verstappen-red-bull-racing.jpg 600w, https:\/\/cdn-7.motorsport.com\/images\/mgl\/27NQjK30\/s700\/max-verstappen-red-bull-racing.jpg 700w, https:\/\/cdn-7.motorsport.com\/images\/mgl\/27NQjK30\/s800\/max-verstappen-red-bull-racing.jpg 800w, https:\/\/cdn-7.motorsport.com\/images\/mgl\/27NQjK30\/s900\/max-verstappen-red-bull-racing.jpg 900w, https:\/\/cdn-7.motorsport.com\/images\/mgl\/27NQjK30\/s1000\/max-verstappen-red-bull-racing.jpg 1000w, https:\/\/cdn-7.motorsport.com\/images\/mgl\/27NQjK30\/s1100\/max-verstappen-red-bull-racing.jpg 1100w, https:\/\/cdn-7.motorsport.com\/images\/mgl\/27NQjK30\/s1200\/max-verstappen-red-bull-racing.jpg 1200w\" sizes=\"(min-width:650px) 700px\"\/><img decoding=\"async\" loading=\"lazy\" width=\"700\" height=\"466\" class=\"ms-item__img ms-item__img--3_2 \" src=\"https:\/\/cdn-4.motorsport.com\/images\/mgl\/27NQjK30\/s700\/max-verstappen-red-bull-racing.jpg\" alt=\"Max Verstappen, Red Bull Racing\"\/>\n    <\/picture>\n<\/p><\/div>\n<p>&#13;<br \/>\n&#13;<\/p>\n<h2 class=\"article-fullwidth-gallery_title\">Japanese GP &#8211; Saturday, in photos<\/h2>\n<p>&#13;<br \/>\n                &#13;<br \/>\n                                            <\/a><br \/>\n                                                <a href=\"http:\/\/www.motorsport.com\/f1\/galleries\/japanese-gp-saturday-in-photos\/12357\/#72379736\" class=\"article-fullwidth-gallery_item\" data-name=\"gal-12357-mercedes-w17-front-wing-72379736\">&#13;<\/p>\n<div class=\"article-fullwidth-gallery_img-wrapper\">\n<picture class=\"ms-item__picture \" data-photo-id=\"72379736\" data-detail-url=\"\/f1\/photos\/mercedes-w17-front-wing-72379736\/72379736\/\"><source type=\"image\/webp\" srcset=\"https:\/\/cdn-1.motorsport.com\/images\/mgl\/YE9wrOMY\/s200\/mercedes-w17-front-wing.webp 200w, https:\/\/cdn-1.motorsport.com\/images\/mgl\/YE9wrOMY\/s300\/mercedes-w17-front-wing.webp 300w, https:\/\/cdn-1.motorsport.com\/images\/mgl\/YE9wrOMY\/s400\/mercedes-w17-front-wing.webp 400w, https:\/\/cdn-1.motorsport.com\/images\/mgl\/YE9wrOMY\/s500\/mercedes-w17-front-wing.webp 500w, https:\/\/cdn-1.motorsport.com\/images\/mgl\/YE9wrOMY\/s600\/mercedes-w17-front-wing.webp 600w, https:\/\/cdn-1.motorsport.com\/images\/mgl\/YE9wrOMY\/s700\/mercedes-w17-front-wing.webp 700w, https:\/\/cdn-1.motorsport.com\/images\/mgl\/YE9wrOMY\/s800\/mercedes-w17-front-wing.webp 800w, https:\/\/cdn-1.motorsport.com\/images\/mgl\/YE9wrOMY\/s900\/mercedes-w17-front-wing.webp 900w, https:\/\/cdn-1.motorsport.com\/images\/mgl\/YE9wrOMY\/s1000\/mercedes-w17-front-wing.webp 1000w, https:\/\/cdn-1.motorsport.com\/images\/mgl\/YE9wrOMY\/s1100\/mercedes-w17-front-wing.webp 1100w, https:\/\/cdn-1.motorsport.com\/images\/mgl\/YE9wrOMY\/s1200\/mercedes-w17-front-wing.webp 1200w\" sizes=\"(min-width:650px) 700px\"\/><source type=\"image\/jpeg\" srcset=\"https:\/\/cdn-1.motorsport.com\/images\/mgl\/YE9wrOMY\/s200\/mercedes-w17-front-wing.jpg 200w, https:\/\/cdn-1.motorsport.com\/images\/mgl\/YE9wrOMY\/s300\/mercedes-w17-front-wing.jpg 300w, https:\/\/cdn-1.motorsport.com\/images\/mgl\/YE9wrOMY\/s400\/mercedes-w17-front-wing.jpg 400w, https:\/\/cdn-1.motorsport.com\/images\/mgl\/YE9wrOMY\/s500\/mercedes-w17-front-wing.jpg 500w, https:\/\/cdn-1.motorsport.com\/images\/mgl\/YE9wrOMY\/s600\/mercedes-w17-front-wing.jpg 600w, https:\/\/cdn-1.motorsport.com\/images\/mgl\/YE9wrOMY\/s700\/mercedes-w17-front-wing.jpg 700w, https:\/\/cdn-1.motorsport.com\/images\/mgl\/YE9wrOMY\/s800\/mercedes-w17-front-wing.jpg 800w, https:\/\/cdn-1.motorsport.com\/images\/mgl\/YE9wrOMY\/s900\/mercedes-w17-front-wing.jpg 900w, https:\/\/cdn-1.motorsport.com\/images\/mgl\/YE9wrOMY\/s1000\/mercedes-w17-front-wing.jpg 1000w, https:\/\/cdn-1.motorsport.com\/images\/mgl\/YE9wrOMY\/s1100\/mercedes-w17-front-wing.jpg 1100w, https:\/\/cdn-1.motorsport.com\/images\/mgl\/YE9wrOMY\/s1200\/mercedes-w17-front-wing.jpg 1200w\" sizes=\"(min-width:650px) 700px\"\/><img decoding=\"async\" loading=\"lazy\" width=\"700\" height=\"466\" class=\"ms-item__img ms-item__img--3_2 \" src=\"https:\/\/cdn-2.motorsport.com\/images\/mgl\/YE9wrOMY\/s700\/mercedes-w17-front-wing.jpg\" alt=\"Mercedes W17 front wing\"\/>\n    <\/picture>\n<\/p><\/div>\n<p>&#13;<br \/>\n&#13;<\/p>\n<h2 class=\"article-fullwidth-gallery_title\">Japanese GP &#8211; Saturday, in photos<\/h2>\n<p>&#13;<br \/>\n                &#13;<br \/>\n                                            <\/a><br \/>\n                                                <a href=\"http:\/\/www.motorsport.com\/f1\/galleries\/japanese-gp-saturday-in-photos\/12357\/#72380708\" class=\"article-fullwidth-gallery_item\" data-name=\"gal-12357-oscar-piastri-mclaren-72380708\">&#13;<\/p>\n<div class=\"article-fullwidth-gallery_img-wrapper\">\n<picture class=\"ms-item__picture \" data-photo-id=\"72380708\" data-detail-url=\"\/f1\/photos\/oscar-piastri-mclaren-72380708\/72380708\/\"><source type=\"image\/webp\" srcset=\"https:\/\/cdn-5.motorsport.com\/images\/mgl\/YBVo7xMY\/s200\/oscar-piastri-mclaren.webp 200w, https:\/\/cdn-5.motorsport.com\/images\/mgl\/YBVo7xMY\/s300\/oscar-piastri-mclaren.webp 300w, https:\/\/cdn-5.motorsport.com\/images\/mgl\/YBVo7xMY\/s400\/oscar-piastri-mclaren.webp 400w, https:\/\/cdn-5.motorsport.com\/images\/mgl\/YBVo7xMY\/s500\/oscar-piastri-mclaren.webp 500w, https:\/\/cdn-5.motorsport.com\/images\/mgl\/YBVo7xMY\/s600\/oscar-piastri-mclaren.webp 600w, https:\/\/cdn-5.motorsport.com\/images\/mgl\/YBVo7xMY\/s700\/oscar-piastri-mclaren.webp 700w, https:\/\/cdn-5.motorsport.com\/images\/mgl\/YBVo7xMY\/s800\/oscar-piastri-mclaren.webp 800w, https:\/\/cdn-5.motorsport.com\/images\/mgl\/YBVo7xMY\/s900\/oscar-piastri-mclaren.webp 900w, https:\/\/cdn-5.motorsport.com\/images\/mgl\/YBVo7xMY\/s1000\/oscar-piastri-mclaren.webp 1000w, https:\/\/cdn-5.motorsport.com\/images\/mgl\/YBVo7xMY\/s1100\/oscar-piastri-mclaren.webp 1100w, https:\/\/cdn-5.motorsport.com\/images\/mgl\/YBVo7xMY\/s1200\/oscar-piastri-mclaren.webp 1200w\" sizes=\"(min-width:650px) 700px\"\/><source type=\"image\/jpeg\" srcset=\"https:\/\/cdn-5.motorsport.com\/images\/mgl\/YBVo7xMY\/s200\/oscar-piastri-mclaren.jpg 200w, https:\/\/cdn-5.motorsport.com\/images\/mgl\/YBVo7xMY\/s300\/oscar-piastri-mclaren.jpg 300w, https:\/\/cdn-5.motorsport.com\/images\/mgl\/YBVo7xMY\/s400\/oscar-piastri-mclaren.jpg 400w, https:\/\/cdn-5.motorsport.com\/images\/mgl\/YBVo7xMY\/s500\/oscar-piastri-mclaren.jpg 500w, https:\/\/cdn-5.motorsport.com\/images\/mgl\/YBVo7xMY\/s600\/oscar-piastri-mclaren.jpg 600w, https:\/\/cdn-5.motorsport.com\/images\/mgl\/YBVo7xMY\/s700\/oscar-piastri-mclaren.jpg 700w, https:\/\/cdn-5.motorsport.com\/images\/mgl\/YBVo7xMY\/s800\/oscar-piastri-mclaren.jpg 800w, https:\/\/cdn-5.motorsport.com\/images\/mgl\/YBVo7xMY\/s900\/oscar-piastri-mclaren.jpg 900w, https:\/\/cdn-5.motorsport.com\/images\/mgl\/YBVo7xMY\/s1000\/oscar-piastri-mclaren.jpg 1000w, https:\/\/cdn-5.motorsport.com\/images\/mgl\/YBVo7xMY\/s1100\/oscar-piastri-mclaren.jpg 1100w, https:\/\/cdn-5.motorsport.com\/images\/mgl\/YBVo7xMY\/s1200\/oscar-piastri-mclaren.jpg 1200w\" sizes=\"(min-width:650px) 700px\"\/><img decoding=\"async\" loading=\"lazy\" width=\"700\" height=\"466\" class=\"ms-item__img ms-item__img--3_2 \" src=\"https:\/\/cdn-9.motorsport.com\/images\/mgl\/YBVo7xMY\/s700\/oscar-piastri-mclaren.jpg\" alt=\"Oscar Piastri, McLaren\"\/>\n    <\/picture>\n<\/p><\/div>\n<p>&#13;<br \/>\n&#13;<\/p>\n<h2 class=\"article-fullwidth-gallery_title\">Japanese GP &#8211; Saturday, in photos<\/h2>\n<p>&#13;<br \/>\n                &#13;<br \/>\n                                            <\/a><br \/>\n                                                <a href=\"http:\/\/www.motorsport.com\/f1\/galleries\/japanese-gp-saturday-in-photos\/12357\/#72379755\" class=\"article-fullwidth-gallery_item\" data-name=\"gal-12357-andrea-kimi-antonelli-mercedes-72379755\">&#13;<\/p>\n<div class=\"article-fullwidth-gallery_img-wrapper\">\n<picture class=\"ms-item__picture \" data-photo-id=\"72379755\" data-detail-url=\"\/f1\/photos\/andrea-kimi-antonelli-mercedes-72379755\/72379755\/\"><source type=\"image\/webp\" srcset=\"https:\/\/cdn-5.motorsport.com\/images\/mgl\/YN7wjrj6\/s200\/andrea-kimi-antonelli-mercedes.webp 200w, https:\/\/cdn-5.motorsport.com\/images\/mgl\/YN7wjrj6\/s300\/andrea-kimi-antonelli-mercedes.webp 300w, https:\/\/cdn-5.motorsport.com\/images\/mgl\/YN7wjrj6\/s400\/andrea-kimi-antonelli-mercedes.webp 400w, https:\/\/cdn-5.motorsport.com\/images\/mgl\/YN7wjrj6\/s500\/andrea-kimi-antonelli-mercedes.webp 500w, https:\/\/cdn-5.motorsport.com\/images\/mgl\/YN7wjrj6\/s600\/andrea-kimi-antonelli-mercedes.webp 600w, https:\/\/cdn-5.motorsport.com\/images\/mgl\/YN7wjrj6\/s700\/andrea-kimi-antonelli-mercedes.webp 700w, https:\/\/cdn-5.motorsport.com\/images\/mgl\/YN7wjrj6\/s800\/andrea-kimi-antonelli-mercedes.webp 800w, https:\/\/cdn-5.motorsport.com\/images\/mgl\/YN7wjrj6\/s900\/andrea-kimi-antonelli-mercedes.webp 900w, https:\/\/cdn-5.motorsport.com\/images\/mgl\/YN7wjrj6\/s1000\/andrea-kimi-antonelli-mercedes.webp 1000w, https:\/\/cdn-5.motorsport.com\/images\/mgl\/YN7wjrj6\/s1100\/andrea-kimi-antonelli-mercedes.webp 1100w, https:\/\/cdn-5.motorsport.com\/images\/mgl\/YN7wjrj6\/s1200\/andrea-kimi-antonelli-mercedes.webp 1200w\" sizes=\"(min-width:650px) 700px\"\/><source type=\"image\/jpeg\" srcset=\"https:\/\/cdn-5.motorsport.com\/images\/mgl\/YN7wjrj6\/s200\/andrea-kimi-antonelli-mercedes.jpg 200w, https:\/\/cdn-5.motorsport.com\/images\/mgl\/YN7wjrj6\/s300\/andrea-kimi-antonelli-mercedes.jpg 300w, https:\/\/cdn-5.motorsport.com\/images\/mgl\/YN7wjrj6\/s400\/andrea-kimi-antonelli-mercedes.jpg 400w, https:\/\/cdn-5.motorsport.com\/images\/mgl\/YN7wjrj6\/s500\/andrea-kimi-antonelli-mercedes.jpg 500w, https:\/\/cdn-5.motorsport.com\/images\/mgl\/YN7wjrj6\/s600\/andrea-kimi-antonelli-mercedes.jpg 600w, https:\/\/cdn-5.motorsport.com\/images\/mgl\/YN7wjrj6\/s700\/andrea-kimi-antonelli-mercedes.jpg 700w, https:\/\/cdn-5.motorsport.com\/images\/mgl\/YN7wjrj6\/s800\/andrea-kimi-antonelli-mercedes.jpg 800w, https:\/\/cdn-5.motorsport.com\/images\/mgl\/YN7wjrj6\/s900\/andrea-kimi-antonelli-mercedes.jpg 900w, https:\/\/cdn-5.motorsport.com\/images\/mgl\/YN7wjrj6\/s1000\/andrea-kimi-antonelli-mercedes.jpg 1000w, https:\/\/cdn-5.motorsport.com\/images\/mgl\/YN7wjrj6\/s1100\/andrea-kimi-antonelli-mercedes.jpg 1100w, https:\/\/cdn-5.motorsport.com\/images\/mgl\/YN7wjrj6\/s1200\/andrea-kimi-antonelli-mercedes.jpg 1200w\" sizes=\"(min-width:650px) 700px\"\/><img decoding=\"async\" loading=\"lazy\" width=\"700\" height=\"466\" class=\"ms-item__img ms-item__img--3_2 \" src=\"https:\/\/cdn-1.motorsport.com\/images\/mgl\/YN7wjrj6\/s700\/andrea-kimi-antonelli-mercedes.jpg\" alt=\"Andrea Kimi Antonelli, Mercedes\"\/>\n    <\/picture>\n<\/p><\/div>\n<p>&#13;<br \/>\n&#13;<\/p>\n<h2 class=\"article-fullwidth-gallery_title\">Japanese GP &#8211; Saturday, in photos<\/h2>\n<p>&#13;<br \/>\n                &#13;<br \/>\n                                            <\/a><br \/>\n                                                <a href=\"http:\/\/www.motorsport.com\/f1\/galleries\/japanese-gp-saturday-in-photos\/12357\/#72377561\" class=\"article-fullwidth-gallery_item\" data-name=\"gal-12357-george-russell-mercedes-72377561\">&#13;<\/p>\n<div class=\"article-fullwidth-gallery_img-wrapper\">\n<picture class=\"ms-item__picture \" data-photo-id=\"72377561\" data-detail-url=\"\/f1\/photos\/george-russell-mercedes-72377561\/72377561\/\"><source type=\"image\/webp\" srcset=\"https:\/\/cdn-1.motorsport.com\/images\/mgl\/YWKw3K5Y\/s200\/george-russell-mercedes.webp 200w, https:\/\/cdn-1.motorsport.com\/images\/mgl\/YWKw3K5Y\/s300\/george-russell-mercedes.webp 300w, https:\/\/cdn-1.motorsport.com\/images\/mgl\/YWKw3K5Y\/s400\/george-russell-mercedes.webp 400w, https:\/\/cdn-1.motorsport.com\/images\/mgl\/YWKw3K5Y\/s500\/george-russell-mercedes.webp 500w, https:\/\/cdn-1.motorsport.com\/images\/mgl\/YWKw3K5Y\/s600\/george-russell-mercedes.webp 600w, https:\/\/cdn-1.motorsport.com\/images\/mgl\/YWKw3K5Y\/s700\/george-russell-mercedes.webp 700w, https:\/\/cdn-1.motorsport.com\/images\/mgl\/YWKw3K5Y\/s800\/george-russell-mercedes.webp 800w, https:\/\/cdn-1.motorsport.com\/images\/mgl\/YWKw3K5Y\/s900\/george-russell-mercedes.webp 900w, https:\/\/cdn-1.motorsport.com\/images\/mgl\/YWKw3K5Y\/s1000\/george-russell-mercedes.webp 1000w, https:\/\/cdn-1.motorsport.com\/images\/mgl\/YWKw3K5Y\/s1100\/george-russell-mercedes.webp 1100w, https:\/\/cdn-1.motorsport.com\/images\/mgl\/YWKw3K5Y\/s1200\/george-russell-mercedes.webp 1200w\" sizes=\"(min-width:650px) 700px\"\/><source type=\"image\/jpeg\" srcset=\"https:\/\/cdn-1.motorsport.com\/images\/mgl\/YWKw3K5Y\/s200\/george-russell-mercedes.jpg 200w, https:\/\/cdn-1.motorsport.com\/images\/mgl\/YWKw3K5Y\/s300\/george-russell-mercedes.jpg 300w, https:\/\/cdn-1.motorsport.com\/images\/mgl\/YWKw3K5Y\/s400\/george-russell-mercedes.jpg 400w, https:\/\/cdn-1.motorsport.com\/images\/mgl\/YWKw3K5Y\/s500\/george-russell-mercedes.jpg 500w, https:\/\/cdn-1.motorsport.com\/images\/mgl\/YWKw3K5Y\/s600\/george-russell-mercedes.jpg 600w, https:\/\/cdn-1.motorsport.com\/images\/mgl\/YWKw3K5Y\/s700\/george-russell-mercedes.jpg 700w, https:\/\/cdn-1.motorsport.com\/images\/mgl\/YWKw3K5Y\/s800\/george-russell-mercedes.jpg 800w, https:\/\/cdn-1.motorsport.com\/images\/mgl\/YWKw3K5Y\/s900\/george-russell-mercedes.jpg 900w, https:\/\/cdn-1.motorsport.com\/images\/mgl\/YWKw3K5Y\/s1000\/george-russell-mercedes.jpg 1000w, https:\/\/cdn-1.motorsport.com\/images\/mgl\/YWKw3K5Y\/s1100\/george-russell-mercedes.jpg 1100w, https:\/\/cdn-1.motorsport.com\/images\/mgl\/YWKw3K5Y\/s1200\/george-russell-mercedes.jpg 1200w\" sizes=\"(min-width:650px) 700px\"\/><img decoding=\"async\" loading=\"lazy\" width=\"700\" height=\"466\" class=\"ms-item__img ms-item__img--3_2 \" src=\"https:\/\/cdn-7.motorsport.com\/images\/mgl\/YWKw3K5Y\/s700\/george-russell-mercedes.jpg\" alt=\"George Russell, Mercedes\"\/>\n    <\/picture>\n<\/p><\/div>\n<p>&#13;<br \/>\n&#13;<\/p>\n<h2 class=\"article-fullwidth-gallery_title\">Japanese GP &#8211; Saturday, in photos<\/h2>\n<p>&#13;<br \/>\n                &#13;<br \/>\n                                            <\/a><br \/>\n                                                <a href=\"http:\/\/www.motorsport.com\/f1\/galleries\/japanese-gp-saturday-in-photos\/12357\/#72379762\" class=\"article-fullwidth-gallery_item\" data-name=\"gal-12357-oscar-piastri-mclaren-72379762\">&#13;<\/p>\n<div class=\"article-fullwidth-gallery_img-wrapper\">\n<picture class=\"ms-item__picture \" data-photo-id=\"72379762\" data-detail-url=\"\/f1\/photos\/oscar-piastri-mclaren-72379762\/72379762\/\"><source type=\"image\/webp\" srcset=\"https:\/\/cdn-6.motorsport.com\/images\/mgl\/2GdwBOoY\/s200\/oscar-piastri-mclaren.webp 200w, https:\/\/cdn-6.motorsport.com\/images\/mgl\/2GdwBOoY\/s300\/oscar-piastri-mclaren.webp 300w, https:\/\/cdn-6.motorsport.com\/images\/mgl\/2GdwBOoY\/s400\/oscar-piastri-mclaren.webp 400w, https:\/\/cdn-6.motorsport.com\/images\/mgl\/2GdwBOoY\/s500\/oscar-piastri-mclaren.webp 500w, https:\/\/cdn-6.motorsport.com\/images\/mgl\/2GdwBOoY\/s600\/oscar-piastri-mclaren.webp 600w, https:\/\/cdn-6.motorsport.com\/images\/mgl\/2GdwBOoY\/s700\/oscar-piastri-mclaren.webp 700w, https:\/\/cdn-6.motorsport.com\/images\/mgl\/2GdwBOoY\/s800\/oscar-piastri-mclaren.webp 800w, https:\/\/cdn-6.motorsport.com\/images\/mgl\/2GdwBOoY\/s900\/oscar-piastri-mclaren.webp 900w, https:\/\/cdn-6.motorsport.com\/images\/mgl\/2GdwBOoY\/s1000\/oscar-piastri-mclaren.webp 1000w, https:\/\/cdn-6.motorsport.com\/images\/mgl\/2GdwBOoY\/s1100\/oscar-piastri-mclaren.webp 1100w, https:\/\/cdn-6.motorsport.com\/images\/mgl\/2GdwBOoY\/s1200\/oscar-piastri-mclaren.webp 1200w\" sizes=\"(min-width:650px) 700px\"\/><source type=\"image\/jpeg\" srcset=\"https:\/\/cdn-6.motorsport.com\/images\/mgl\/2GdwBOoY\/s200\/oscar-piastri-mclaren.jpg 200w, https:\/\/cdn-6.motorsport.com\/images\/mgl\/2GdwBOoY\/s300\/oscar-piastri-mclaren.jpg 300w, https:\/\/cdn-6.motorsport.com\/images\/mgl\/2GdwBOoY\/s400\/oscar-piastri-mclaren.jpg 400w, https:\/\/cdn-6.motorsport.com\/images\/mgl\/2GdwBOoY\/s500\/oscar-piastri-mclaren.jpg 500w, https:\/\/cdn-6.motorsport.com\/images\/mgl\/2GdwBOoY\/s600\/oscar-piastri-mclaren.jpg 600w, https:\/\/cdn-6.motorsport.com\/images\/mgl\/2GdwBOoY\/s700\/oscar-piastri-mclaren.jpg 700w, https:\/\/cdn-6.motorsport.com\/images\/mgl\/2GdwBOoY\/s800\/oscar-piastri-mclaren.jpg 800w, https:\/\/cdn-6.motorsport.com\/images\/mgl\/2GdwBOoY\/s900\/oscar-piastri-mclaren.jpg 900w, https:\/\/cdn-6.motorsport.com\/images\/mgl\/2GdwBOoY\/s1000\/oscar-piastri-mclaren.jpg 1000w, https:\/\/cdn-6.motorsport.com\/images\/mgl\/2GdwBOoY\/s1100\/oscar-piastri-mclaren.jpg 1100w, https:\/\/cdn-6.motorsport.com\/images\/mgl\/2GdwBOoY\/s1200\/oscar-piastri-mclaren.jpg 1200w\" sizes=\"(min-width:650px) 700px\"\/><img decoding=\"async\" loading=\"lazy\" width=\"700\" height=\"466\" class=\"ms-item__img ms-item__img--3_2 \" src=\"https:\/\/cdn-5.motorsport.com\/images\/mgl\/2GdwBOoY\/s700\/oscar-piastri-mclaren.jpg\" alt=\"Oscar Piastri, McLaren\"\/>\n    <\/picture>\n<\/p><\/div>\n<p>&#13;<br \/>\n&#13;<\/p>\n<h2 class=\"article-fullwidth-gallery_title\">Japanese GP &#8211; Saturday, in photos<\/h2>\n<p>&#13;<br \/>\n                &#13;<br \/>\n                                            <\/a><br \/>\n                                                <a href=\"http:\/\/www.motorsport.com\/f1\/galleries\/japanese-gp-saturday-in-photos\/12357\/#72378106\" class=\"article-fullwidth-gallery_item\" data-name=\"gal-12357-oliver-bearman-haas-f1-team-72378106\">&#13;<\/p>\n<div class=\"article-fullwidth-gallery_img-wrapper\">\n<picture class=\"ms-item__picture \" data-photo-id=\"72378106\" data-detail-url=\"\/f1\/photos\/oliver-bearman-haas-f1-team-72378106\/72378106\/\"><source type=\"image\/webp\" srcset=\"https:\/\/cdn-2.motorsport.com\/images\/mgl\/2jEDOQP0\/s200\/oliver-bearman-haas-f1-team.webp 200w, https:\/\/cdn-2.motorsport.com\/images\/mgl\/2jEDOQP0\/s300\/oliver-bearman-haas-f1-team.webp 300w, https:\/\/cdn-2.motorsport.com\/images\/mgl\/2jEDOQP0\/s400\/oliver-bearman-haas-f1-team.webp 400w, https:\/\/cdn-2.motorsport.com\/images\/mgl\/2jEDOQP0\/s500\/oliver-bearman-haas-f1-team.webp 500w, https:\/\/cdn-2.motorsport.com\/images\/mgl\/2jEDOQP0\/s600\/oliver-bearman-haas-f1-team.webp 600w, https:\/\/cdn-2.motorsport.com\/images\/mgl\/2jEDOQP0\/s700\/oliver-bearman-haas-f1-team.webp 700w, https:\/\/cdn-2.motorsport.com\/images\/mgl\/2jEDOQP0\/s800\/oliver-bearman-haas-f1-team.webp 800w, https:\/\/cdn-2.motorsport.com\/images\/mgl\/2jEDOQP0\/s900\/oliver-bearman-haas-f1-team.webp 900w, https:\/\/cdn-2.motorsport.com\/images\/mgl\/2jEDOQP0\/s1000\/oliver-bearman-haas-f1-team.webp 1000w, https:\/\/cdn-2.motorsport.com\/images\/mgl\/2jEDOQP0\/s1100\/oliver-bearman-haas-f1-team.webp 1100w, https:\/\/cdn-2.motorsport.com\/images\/mgl\/2jEDOQP0\/s1200\/oliver-bearman-haas-f1-team.webp 1200w\" sizes=\"(min-width:650px) 700px\"\/><source type=\"image\/jpeg\" srcset=\"https:\/\/cdn-2.motorsport.com\/images\/mgl\/2jEDOQP0\/s200\/oliver-bearman-haas-f1-team.jpg 200w, https:\/\/cdn-2.motorsport.com\/images\/mgl\/2jEDOQP0\/s300\/oliver-bearman-haas-f1-team.jpg 300w, https:\/\/cdn-2.motorsport.com\/images\/mgl\/2jEDOQP0\/s400\/oliver-bearman-haas-f1-team.jpg 400w, https:\/\/cdn-2.motorsport.com\/images\/mgl\/2jEDOQP0\/s500\/oliver-bearman-haas-f1-team.jpg 500w, https:\/\/cdn-2.motorsport.com\/images\/mgl\/2jEDOQP0\/s600\/oliver-bearman-haas-f1-team.jpg 600w, https:\/\/cdn-2.motorsport.com\/images\/mgl\/2jEDOQP0\/s700\/oliver-bearman-haas-f1-team.jpg 700w, https:\/\/cdn-2.motorsport.com\/images\/mgl\/2jEDOQP0\/s800\/oliver-bearman-haas-f1-team.jpg 800w, https:\/\/cdn-2.motorsport.com\/images\/mgl\/2jEDOQP0\/s900\/oliver-bearman-haas-f1-team.jpg 900w, https:\/\/cdn-2.motorsport.com\/images\/mgl\/2jEDOQP0\/s1000\/oliver-bearman-haas-f1-team.jpg 1000w, https:\/\/cdn-2.motorsport.com\/images\/mgl\/2jEDOQP0\/s1100\/oliver-bearman-haas-f1-team.jpg 1100w, https:\/\/cdn-2.motorsport.com\/images\/mgl\/2jEDOQP0\/s1200\/oliver-bearman-haas-f1-team.jpg 1200w\" sizes=\"(min-width:650px) 700px\"\/><img decoding=\"async\" loading=\"lazy\" width=\"700\" height=\"466\" class=\"ms-item__img ms-item__img--3_2 \" src=\"https:\/\/cdn-9.motorsport.com\/images\/mgl\/2jEDOQP0\/s700\/oliver-bearman-haas-f1-team.jpg\" alt=\"Oliver Bearman, Haas F1 Team\"\/>\n    <\/picture>\n<\/p><\/div>\n<p>&#13;<br \/>\n&#13;<\/p>\n<h2 class=\"article-fullwidth-gallery_title\">Japanese GP &#8211; Saturday, in photos<\/h2>\n<p>&#13;<br \/>\n                &#13;<br \/>\n                                            <\/a><br \/>\n                                                <a href=\"http:\/\/www.motorsport.com\/f1\/galleries\/japanese-gp-saturday-in-photos\/12357\/#72377574\" class=\"article-fullwidth-gallery_item\" data-name=\"gal-12357-oliver-bearman-haas-f1-team-72377574\">&#13;<\/p>\n<div class=\"article-fullwidth-gallery_img-wrapper\">\n<picture class=\"ms-item__picture \" data-photo-id=\"72377574\" data-detail-url=\"\/f1\/photos\/oliver-bearman-haas-f1-team-72377574\/72377574\/\"><source type=\"image\/webp\" srcset=\"https:\/\/cdn-9.motorsport.com\/images\/mgl\/2y7Ag7y6\/s200\/oliver-bearman-haas-f1-team.webp 200w, https:\/\/cdn-9.motorsport.com\/images\/mgl\/2y7Ag7y6\/s300\/oliver-bearman-haas-f1-team.webp 300w, https:\/\/cdn-9.motorsport.com\/images\/mgl\/2y7Ag7y6\/s400\/oliver-bearman-haas-f1-team.webp 400w, https:\/\/cdn-9.motorsport.com\/images\/mgl\/2y7Ag7y6\/s500\/oliver-bearman-haas-f1-team.webp 500w, https:\/\/cdn-9.motorsport.com\/images\/mgl\/2y7Ag7y6\/s600\/oliver-bearman-haas-f1-team.webp 600w, https:\/\/cdn-9.motorsport.com\/images\/mgl\/2y7Ag7y6\/s700\/oliver-bearman-haas-f1-team.webp 700w, https:\/\/cdn-9.motorsport.com\/images\/mgl\/2y7Ag7y6\/s800\/oliver-bearman-haas-f1-team.webp 800w, https:\/\/cdn-9.motorsport.com\/images\/mgl\/2y7Ag7y6\/s900\/oliver-bearman-haas-f1-team.webp 900w, https:\/\/cdn-9.motorsport.com\/images\/mgl\/2y7Ag7y6\/s1000\/oliver-bearman-haas-f1-team.webp 1000w, https:\/\/cdn-9.motorsport.com\/images\/mgl\/2y7Ag7y6\/s1100\/oliver-bearman-haas-f1-team.webp 1100w, https:\/\/cdn-9.motorsport.com\/images\/mgl\/2y7Ag7y6\/s1200\/oliver-bearman-haas-f1-team.webp 1200w\" sizes=\"(min-width:650px) 700px\"\/><source type=\"image\/jpeg\" srcset=\"https:\/\/cdn-9.motorsport.com\/images\/mgl\/2y7Ag7y6\/s200\/oliver-bearman-haas-f1-team.jpg 200w, https:\/\/cdn-9.motorsport.com\/images\/mgl\/2y7Ag7y6\/s300\/oliver-bearman-haas-f1-team.jpg 300w, https:\/\/cdn-9.motorsport.com\/images\/mgl\/2y7Ag7y6\/s400\/oliver-bearman-haas-f1-team.jpg 400w, https:\/\/cdn-9.motorsport.com\/images\/mgl\/2y7Ag7y6\/s500\/oliver-bearman-haas-f1-team.jpg 500w, https:\/\/cdn-9.motorsport.com\/images\/mgl\/2y7Ag7y6\/s600\/oliver-bearman-haas-f1-team.jpg 600w, https:\/\/cdn-9.motorsport.com\/images\/mgl\/2y7Ag7y6\/s700\/oliver-bearman-haas-f1-team.jpg 700w, https:\/\/cdn-9.motorsport.com\/images\/mgl\/2y7Ag7y6\/s800\/oliver-bearman-haas-f1-team.jpg 800w, https:\/\/cdn-9.motorsport.com\/images\/mgl\/2y7Ag7y6\/s900\/oliver-bearman-haas-f1-team.jpg 900w, https:\/\/cdn-9.motorsport.com\/images\/mgl\/2y7Ag7y6\/s1000\/oliver-bearman-haas-f1-team.jpg 1000w, https:\/\/cdn-9.motorsport.com\/images\/mgl\/2y7Ag7y6\/s1100\/oliver-bearman-haas-f1-team.jpg 1100w, https:\/\/cdn-9.motorsport.com\/images\/mgl\/2y7Ag7y6\/s1200\/oliver-bearman-haas-f1-team.jpg 1200w\" sizes=\"(min-width:650px) 700px\"\/><img decoding=\"async\" loading=\"lazy\" width=\"700\" height=\"466\" class=\"ms-item__img ms-item__img--3_2 \" src=\"https:\/\/cdn-1.motorsport.com\/images\/mgl\/2y7Ag7y6\/s700\/oliver-bearman-haas-f1-team.jpg\" alt=\"Oliver Bearman, Haas F1 Team\"\/>\n    <\/picture>\n<\/p><\/div>\n<p>&#13;<br \/>\n&#13;<\/p>\n<h2 class=\"article-fullwidth-gallery_title\">Japanese GP &#8211; Saturday, in photos<\/h2>\n<p>&#13;<br \/>\n                &#13;<br \/>\n                                            <\/a><br \/>\n                                                <a href=\"http:\/\/www.motorsport.com\/f1\/galleries\/japanese-gp-saturday-in-photos\/12357\/#72378117\" class=\"article-fullwidth-gallery_item\" data-name=\"gal-12357-nico-hulkenberg-audi-f1-team-72378117\">&#13;<\/p>\n<div class=\"article-fullwidth-gallery_img-wrapper\">\n<picture class=\"ms-item__picture \" data-photo-id=\"72378117\" data-detail-url=\"\/f1\/photos\/nico-hulkenberg-audi-f1-team-72378117\/72378117\/\"><source type=\"image\/webp\" srcset=\"https:\/\/cdn-2.motorsport.com\/images\/mgl\/27NQjqK0\/s200\/nico-hulkenberg-audi-f1-team.webp 200w, https:\/\/cdn-2.motorsport.com\/images\/mgl\/27NQjqK0\/s300\/nico-hulkenberg-audi-f1-team.webp 300w, https:\/\/cdn-2.motorsport.com\/images\/mgl\/27NQjqK0\/s400\/nico-hulkenberg-audi-f1-team.webp 400w, https:\/\/cdn-2.motorsport.com\/images\/mgl\/27NQjqK0\/s500\/nico-hulkenberg-audi-f1-team.webp 500w, https:\/\/cdn-2.motorsport.com\/images\/mgl\/27NQjqK0\/s600\/nico-hulkenberg-audi-f1-team.webp 600w, https:\/\/cdn-2.motorsport.com\/images\/mgl\/27NQjqK0\/s700\/nico-hulkenberg-audi-f1-team.webp 700w, https:\/\/cdn-2.motorsport.com\/images\/mgl\/27NQjqK0\/s800\/nico-hulkenberg-audi-f1-team.webp 800w, https:\/\/cdn-2.motorsport.com\/images\/mgl\/27NQjqK0\/s900\/nico-hulkenberg-audi-f1-team.webp 900w, https:\/\/cdn-2.motorsport.com\/images\/mgl\/27NQjqK0\/s1000\/nico-hulkenberg-audi-f1-team.webp 1000w, https:\/\/cdn-2.motorsport.com\/images\/mgl\/27NQjqK0\/s1100\/nico-hulkenberg-audi-f1-team.webp 1100w, https:\/\/cdn-2.motorsport.com\/images\/mgl\/27NQjqK0\/s1200\/nico-hulkenberg-audi-f1-team.webp 1200w\" sizes=\"(min-width:650px) 700px\"\/><source type=\"image\/jpeg\" srcset=\"https:\/\/cdn-2.motorsport.com\/images\/mgl\/27NQjqK0\/s200\/nico-hulkenberg-audi-f1-team.jpg 200w, https:\/\/cdn-2.motorsport.com\/images\/mgl\/27NQjqK0\/s300\/nico-hulkenberg-audi-f1-team.jpg 300w, https:\/\/cdn-2.motorsport.com\/images\/mgl\/27NQjqK0\/s400\/nico-hulkenberg-audi-f1-team.jpg 400w, https:\/\/cdn-2.motorsport.com\/images\/mgl\/27NQjqK0\/s500\/nico-hulkenberg-audi-f1-team.jpg 500w, https:\/\/cdn-2.motorsport.com\/images\/mgl\/27NQjqK0\/s600\/nico-hulkenberg-audi-f1-team.jpg 600w, https:\/\/cdn-2.motorsport.com\/images\/mgl\/27NQjqK0\/s700\/nico-hulkenberg-audi-f1-team.jpg 700w, https:\/\/cdn-2.motorsport.com\/images\/mgl\/27NQjqK0\/s800\/nico-hulkenberg-audi-f1-team.jpg 800w, https:\/\/cdn-2.motorsport.com\/images\/mgl\/27NQjqK0\/s900\/nico-hulkenberg-audi-f1-team.jpg 900w, https:\/\/cdn-2.motorsport.com\/images\/mgl\/27NQjqK0\/s1000\/nico-hulkenberg-audi-f1-team.jpg 1000w, https:\/\/cdn-2.motorsport.com\/images\/mgl\/27NQjqK0\/s1100\/nico-hulkenberg-audi-f1-team.jpg 1100w, https:\/\/cdn-2.motorsport.com\/images\/mgl\/27NQjqK0\/s1200\/nico-hulkenberg-audi-f1-team.jpg 1200w\" sizes=\"(min-width:650px) 700px\"\/><img decoding=\"async\" loading=\"lazy\" width=\"700\" height=\"466\" class=\"ms-item__img ms-item__img--3_2 \" src=\"https:\/\/cdn-8.motorsport.com\/images\/mgl\/27NQjqK0\/s700\/nico-hulkenberg-audi-f1-team.jpg\" alt=\"Nico H\u00fclkenberg, Audi F1 Team\"\/>\n    <\/picture>\n<\/p><\/div>\n<p>&#13;<br \/>\n&#13;<\/p>\n<h2 class=\"article-fullwidth-gallery_title\">Japanese GP &#8211; Saturday, in photos<\/h2>\n<p>&#13;<br \/>\n                &#13;<br \/>\n                                            <\/a><br \/>\n                                                <a href=\"http:\/\/www.motorsport.com\/f1\/galleries\/japanese-gp-saturday-in-photos\/12357\/#72379151\" class=\"article-fullwidth-gallery_item\" data-name=\"gal-12357-carlos-sainz-williams-72379151\">&#13;<\/p>\n<div class=\"article-fullwidth-gallery_img-wrapper\">\n<picture class=\"ms-item__picture \" data-photo-id=\"72379151\" data-detail-url=\"\/f1\/photos\/carlos-sainz-williams-72379151\/72379151\/\"><source type=\"image\/webp\" srcset=\"https:\/\/cdn-5.motorsport.com\/images\/mgl\/2y7AgLX6\/s200\/carlos-sainz-williams.webp 200w, https:\/\/cdn-5.motorsport.com\/images\/mgl\/2y7AgLX6\/s300\/carlos-sainz-williams.webp 300w, https:\/\/cdn-5.motorsport.com\/images\/mgl\/2y7AgLX6\/s400\/carlos-sainz-williams.webp 400w, https:\/\/cdn-5.motorsport.com\/images\/mgl\/2y7AgLX6\/s500\/carlos-sainz-williams.webp 500w, https:\/\/cdn-5.motorsport.com\/images\/mgl\/2y7AgLX6\/s600\/carlos-sainz-williams.webp 600w, https:\/\/cdn-5.motorsport.com\/images\/mgl\/2y7AgLX6\/s700\/carlos-sainz-williams.webp 700w, https:\/\/cdn-5.motorsport.com\/images\/mgl\/2y7AgLX6\/s800\/carlos-sainz-williams.webp 800w, https:\/\/cdn-5.motorsport.com\/images\/mgl\/2y7AgLX6\/s900\/carlos-sainz-williams.webp 900w, https:\/\/cdn-5.motorsport.com\/images\/mgl\/2y7AgLX6\/s1000\/carlos-sainz-williams.webp 1000w, https:\/\/cdn-5.motorsport.com\/images\/mgl\/2y7AgLX6\/s1100\/carlos-sainz-williams.webp 1100w, https:\/\/cdn-5.motorsport.com\/images\/mgl\/2y7AgLX6\/s1200\/carlos-sainz-williams.webp 1200w\" sizes=\"(min-width:650px) 700px\"\/><source type=\"image\/jpeg\" srcset=\"https:\/\/cdn-5.motorsport.com\/images\/mgl\/2y7AgLX6\/s200\/carlos-sainz-williams.jpg 200w, https:\/\/cdn-5.motorsport.com\/images\/mgl\/2y7AgLX6\/s300\/carlos-sainz-williams.jpg 300w, https:\/\/cdn-5.motorsport.com\/images\/mgl\/2y7AgLX6\/s400\/carlos-sainz-williams.jpg 400w, https:\/\/cdn-5.motorsport.com\/images\/mgl\/2y7AgLX6\/s500\/carlos-sainz-williams.jpg 500w, https:\/\/cdn-5.motorsport.com\/images\/mgl\/2y7AgLX6\/s600\/carlos-sainz-williams.jpg 600w, https:\/\/cdn-5.motorsport.com\/images\/mgl\/2y7AgLX6\/s700\/carlos-sainz-williams.jpg 700w, https:\/\/cdn-5.motorsport.com\/images\/mgl\/2y7AgLX6\/s800\/carlos-sainz-williams.jpg 800w, https:\/\/cdn-5.motorsport.com\/images\/mgl\/2y7AgLX6\/s900\/carlos-sainz-williams.jpg 900w, https:\/\/cdn-5.motorsport.com\/images\/mgl\/2y7AgLX6\/s1000\/carlos-sainz-williams.jpg 1000w, https:\/\/cdn-5.motorsport.com\/images\/mgl\/2y7AgLX6\/s1100\/carlos-sainz-williams.jpg 1100w, https:\/\/cdn-5.motorsport.com\/images\/mgl\/2y7AgLX6\/s1200\/carlos-sainz-williams.jpg 1200w\" sizes=\"(min-width:650px) 700px\"\/><img decoding=\"async\" loading=\"lazy\" width=\"700\" height=\"466\" class=\"ms-item__img ms-item__img--3_2 \" src=\"https:\/\/cdn-4.motorsport.com\/images\/mgl\/2y7AgLX6\/s700\/carlos-sainz-williams.jpg\" alt=\"Carlos Sainz, Williams\"\/>\n    <\/picture>\n<\/p><\/div>\n<p>&#13;<br \/>\n&#13;<\/p>\n<h2 class=\"article-fullwidth-gallery_title\">Japanese GP &#8211; Saturday, in photos<\/h2>\n<p>&#13;<br \/>\n                &#13;<br \/>\n                                            <\/a><br \/>\n                                                <a href=\"http:\/\/www.motorsport.com\/f1\/galleries\/japanese-gp-saturday-in-photos\/12357\/#72379769\" class=\"article-fullwidth-gallery_item\" data-name=\"gal-12357-max-verstappen-red-bull-racing-72379769\">&#13;<\/p>\n<div class=\"article-fullwidth-gallery_img-wrapper\">\n<picture class=\"ms-item__picture \" data-photo-id=\"72379769\" data-detail-url=\"\/f1\/photos\/max-verstappen-red-bull-racing-72379769\/72379769\/\"><source type=\"image\/webp\" srcset=\"https:\/\/cdn-9.motorsport.com\/images\/mgl\/YP7rVBj2\/s200\/max-verstappen-red-bull-racing.webp 200w, https:\/\/cdn-9.motorsport.com\/images\/mgl\/YP7rVBj2\/s300\/max-verstappen-red-bull-racing.webp 300w, https:\/\/cdn-9.motorsport.com\/images\/mgl\/YP7rVBj2\/s400\/max-verstappen-red-bull-racing.webp 400w, https:\/\/cdn-9.motorsport.com\/images\/mgl\/YP7rVBj2\/s500\/max-verstappen-red-bull-racing.webp 500w, https:\/\/cdn-9.motorsport.com\/images\/mgl\/YP7rVBj2\/s600\/max-verstappen-red-bull-racing.webp 600w, https:\/\/cdn-9.motorsport.com\/images\/mgl\/YP7rVBj2\/s700\/max-verstappen-red-bull-racing.webp 700w, https:\/\/cdn-9.motorsport.com\/images\/mgl\/YP7rVBj2\/s800\/max-verstappen-red-bull-racing.webp 800w, https:\/\/cdn-9.motorsport.com\/images\/mgl\/YP7rVBj2\/s900\/max-verstappen-red-bull-racing.webp 900w, https:\/\/cdn-9.motorsport.com\/images\/mgl\/YP7rVBj2\/s1000\/max-verstappen-red-bull-racing.webp 1000w, https:\/\/cdn-9.motorsport.com\/images\/mgl\/YP7rVBj2\/s1100\/max-verstappen-red-bull-racing.webp 1100w, https:\/\/cdn-9.motorsport.com\/images\/mgl\/YP7rVBj2\/s1200\/max-verstappen-red-bull-racing.webp 1200w\" sizes=\"(min-width:650px) 700px\"\/><source type=\"image\/jpeg\" srcset=\"https:\/\/cdn-9.motorsport.com\/images\/mgl\/YP7rVBj2\/s200\/max-verstappen-red-bull-racing.jpg 200w, https:\/\/cdn-9.motorsport.com\/images\/mgl\/YP7rVBj2\/s300\/max-verstappen-red-bull-racing.jpg 300w, https:\/\/cdn-9.motorsport.com\/images\/mgl\/YP7rVBj2\/s400\/max-verstappen-red-bull-racing.jpg 400w, https:\/\/cdn-9.motorsport.com\/images\/mgl\/YP7rVBj2\/s500\/max-verstappen-red-bull-racing.jpg 500w, https:\/\/cdn-9.motorsport.com\/images\/mgl\/YP7rVBj2\/s600\/max-verstappen-red-bull-racing.jpg 600w, https:\/\/cdn-9.motorsport.com\/images\/mgl\/YP7rVBj2\/s700\/max-verstappen-red-bull-racing.jpg 700w, https:\/\/cdn-9.motorsport.com\/images\/mgl\/YP7rVBj2\/s800\/max-verstappen-red-bull-racing.jpg 800w, https:\/\/cdn-9.motorsport.com\/images\/mgl\/YP7rVBj2\/s900\/max-verstappen-red-bull-racing.jpg 900w, https:\/\/cdn-9.motorsport.com\/images\/mgl\/YP7rVBj2\/s1000\/max-verstappen-red-bull-racing.jpg 1000w, https:\/\/cdn-9.motorsport.com\/images\/mgl\/YP7rVBj2\/s1100\/max-verstappen-red-bull-racing.jpg 1100w, https:\/\/cdn-9.motorsport.com\/images\/mgl\/YP7rVBj2\/s1200\/max-verstappen-red-bull-racing.jpg 1200w\" sizes=\"(min-width:650px) 700px\"\/><img decoding=\"async\" loading=\"lazy\" width=\"700\" height=\"466\" class=\"ms-item__img ms-item__img--3_2 \" src=\"https:\/\/cdn-1.motorsport.com\/images\/mgl\/YP7rVBj2\/s700\/max-verstappen-red-bull-racing.jpg\" alt=\"Max Verstappen, Red Bull Racing\"\/>\n    <\/picture>\n<\/p><\/div>\n<p>&#13;<br \/>\n&#13;<\/p>\n<h2 class=\"article-fullwidth-gallery_title\">Japanese GP &#8211; Saturday, in photos<\/h2>\n<p>&#13;<br \/>\n                &#13;<br \/>\n                                            <\/a><br \/>\n                                                <a href=\"http:\/\/www.motorsport.com\/f1\/galleries\/japanese-gp-saturday-in-photos\/12357\/#72378116\" class=\"article-fullwidth-gallery_item\" data-name=\"gal-12357-nico-hulkenberg-audi-f1-team-72378116\">&#13;<\/p>\n<div class=\"article-fullwidth-gallery_img-wrapper\">\n<picture class=\"ms-item__picture \" data-photo-id=\"72378116\" data-detail-url=\"\/f1\/photos\/nico-hulkenberg-audi-f1-team-72378116\/72378116\/\"><source type=\"image\/webp\" srcset=\"https:\/\/cdn-1.motorsport.com\/images\/mgl\/YMX3Rgg2\/s200\/nico-hulkenberg-audi-f1-team.webp 200w, https:\/\/cdn-1.motorsport.com\/images\/mgl\/YMX3Rgg2\/s300\/nico-hulkenberg-audi-f1-team.webp 300w, https:\/\/cdn-1.motorsport.com\/images\/mgl\/YMX3Rgg2\/s400\/nico-hulkenberg-audi-f1-team.webp 400w, https:\/\/cdn-1.motorsport.com\/images\/mgl\/YMX3Rgg2\/s500\/nico-hulkenberg-audi-f1-team.webp 500w, https:\/\/cdn-1.motorsport.com\/images\/mgl\/YMX3Rgg2\/s600\/nico-hulkenberg-audi-f1-team.webp 600w, https:\/\/cdn-1.motorsport.com\/images\/mgl\/YMX3Rgg2\/s700\/nico-hulkenberg-audi-f1-team.webp 700w, https:\/\/cdn-1.motorsport.com\/images\/mgl\/YMX3Rgg2\/s800\/nico-hulkenberg-audi-f1-team.webp 800w, https:\/\/cdn-1.motorsport.com\/images\/mgl\/YMX3Rgg2\/s900\/nico-hulkenberg-audi-f1-team.webp 900w, https:\/\/cdn-1.motorsport.com\/images\/mgl\/YMX3Rgg2\/s1000\/nico-hulkenberg-audi-f1-team.webp 1000w, https:\/\/cdn-1.motorsport.com\/images\/mgl\/YMX3Rgg2\/s1100\/nico-hulkenberg-audi-f1-team.webp 1100w, https:\/\/cdn-1.motorsport.com\/images\/mgl\/YMX3Rgg2\/s1200\/nico-hulkenberg-audi-f1-team.webp 1200w\" sizes=\"(min-width:650px) 700px\"\/><source type=\"image\/jpeg\" srcset=\"https:\/\/cdn-1.motorsport.com\/images\/mgl\/YMX3Rgg2\/s200\/nico-hulkenberg-audi-f1-team.jpg 200w, https:\/\/cdn-1.motorsport.com\/images\/mgl\/YMX3Rgg2\/s300\/nico-hulkenberg-audi-f1-team.jpg 300w, https:\/\/cdn-1.motorsport.com\/images\/mgl\/YMX3Rgg2\/s400\/nico-hulkenberg-audi-f1-team.jpg 400w, https:\/\/cdn-1.motorsport.com\/images\/mgl\/YMX3Rgg2\/s500\/nico-hulkenberg-audi-f1-team.jpg 500w, https:\/\/cdn-1.motorsport.com\/images\/mgl\/YMX3Rgg2\/s600\/nico-hulkenberg-audi-f1-team.jpg 600w, https:\/\/cdn-1.motorsport.com\/images\/mgl\/YMX3Rgg2\/s700\/nico-hulkenberg-audi-f1-team.jpg 700w, https:\/\/cdn-1.motorsport.com\/images\/mgl\/YMX3Rgg2\/s800\/nico-hulkenberg-audi-f1-team.jpg 800w, https:\/\/cdn-1.motorsport.com\/images\/mgl\/YMX3Rgg2\/s900\/nico-hulkenberg-audi-f1-team.jpg 900w, https:\/\/cdn-1.motorsport.com\/images\/mgl\/YMX3Rgg2\/s1000\/nico-hulkenberg-audi-f1-team.jpg 1000w, https:\/\/cdn-1.motorsport.com\/images\/mgl\/YMX3Rgg2\/s1100\/nico-hulkenberg-audi-f1-team.jpg 1100w, https:\/\/cdn-1.motorsport.com\/images\/mgl\/YMX3Rgg2\/s1200\/nico-hulkenberg-audi-f1-team.jpg 1200w\" sizes=\"(min-width:650px) 700px\"\/><img decoding=\"async\" loading=\"lazy\" width=\"700\" height=\"466\" class=\"ms-item__img ms-item__img--3_2 \" src=\"https:\/\/cdn-2.motorsport.com\/images\/mgl\/YMX3Rgg2\/s700\/nico-hulkenberg-audi-f1-team.jpg\" alt=\"Nico H\u00fclkenberg, Audi F1 Team\"\/>\n    <\/picture>\n<\/p><\/div>\n<p>&#13;<br \/>\n&#13;<\/p>\n<h2 class=\"article-fullwidth-gallery_title\">Japanese GP &#8211; Saturday, in photos<\/h2>\n<p>&#13;<br \/>\n                &#13;<br \/>\n                                            <\/a><br \/>\n                                                <a href=\"http:\/\/www.motorsport.com\/f1\/galleries\/japanese-gp-saturday-in-photos\/12357\/#72378110\" class=\"article-fullwidth-gallery_item\" data-name=\"gal-12357-lewis-hamilton-ferrari-72378110\">&#13;<\/p>\n<div class=\"article-fullwidth-gallery_img-wrapper\">\n<picture class=\"ms-item__picture \" data-photo-id=\"72378110\" data-detail-url=\"\/f1\/photos\/lewis-hamilton-ferrari-72378110\/72378110\/\"><source type=\"image\/webp\" srcset=\"https:\/\/cdn-2.motorsport.com\/images\/mgl\/01QdEOq0\/s200\/lewis-hamilton-ferrari.webp 200w, https:\/\/cdn-2.motorsport.com\/images\/mgl\/01QdEOq0\/s300\/lewis-hamilton-ferrari.webp 300w, https:\/\/cdn-2.motorsport.com\/images\/mgl\/01QdEOq0\/s400\/lewis-hamilton-ferrari.webp 400w, https:\/\/cdn-2.motorsport.com\/images\/mgl\/01QdEOq0\/s500\/lewis-hamilton-ferrari.webp 500w, https:\/\/cdn-2.motorsport.com\/images\/mgl\/01QdEOq0\/s600\/lewis-hamilton-ferrari.webp 600w, https:\/\/cdn-2.motorsport.com\/images\/mgl\/01QdEOq0\/s700\/lewis-hamilton-ferrari.webp 700w, https:\/\/cdn-2.motorsport.com\/images\/mgl\/01QdEOq0\/s800\/lewis-hamilton-ferrari.webp 800w, https:\/\/cdn-2.motorsport.com\/images\/mgl\/01QdEOq0\/s900\/lewis-hamilton-ferrari.webp 900w, https:\/\/cdn-2.motorsport.com\/images\/mgl\/01QdEOq0\/s1000\/lewis-hamilton-ferrari.webp 1000w, https:\/\/cdn-2.motorsport.com\/images\/mgl\/01QdEOq0\/s1100\/lewis-hamilton-ferrari.webp 1100w, https:\/\/cdn-2.motorsport.com\/images\/mgl\/01QdEOq0\/s1200\/lewis-hamilton-ferrari.webp 1200w\" sizes=\"(min-width:650px) 700px\"\/><source type=\"image\/jpeg\" srcset=\"https:\/\/cdn-2.motorsport.com\/images\/mgl\/01QdEOq0\/s200\/lewis-hamilton-ferrari.jpg 200w, https:\/\/cdn-2.motorsport.com\/images\/mgl\/01QdEOq0\/s300\/lewis-hamilton-ferrari.jpg 300w, https:\/\/cdn-2.motorsport.com\/images\/mgl\/01QdEOq0\/s400\/lewis-hamilton-ferrari.jpg 400w, https:\/\/cdn-2.motorsport.com\/images\/mgl\/01QdEOq0\/s500\/lewis-hamilton-ferrari.jpg 500w, https:\/\/cdn-2.motorsport.com\/images\/mgl\/01QdEOq0\/s600\/lewis-hamilton-ferrari.jpg 600w, https:\/\/cdn-2.motorsport.com\/images\/mgl\/01QdEOq0\/s700\/lewis-hamilton-ferrari.jpg 700w, https:\/\/cdn-2.motorsport.com\/images\/mgl\/01QdEOq0\/s800\/lewis-hamilton-ferrari.jpg 800w, https:\/\/cdn-2.motorsport.com\/images\/mgl\/01QdEOq0\/s900\/lewis-hamilton-ferrari.jpg 900w, https:\/\/cdn-2.motorsport.com\/images\/mgl\/01QdEOq0\/s1000\/lewis-hamilton-ferrari.jpg 1000w, https:\/\/cdn-2.motorsport.com\/images\/mgl\/01QdEOq0\/s1100\/lewis-hamilton-ferrari.jpg 1100w, https:\/\/cdn-2.motorsport.com\/images\/mgl\/01QdEOq0\/s1200\/lewis-hamilton-ferrari.jpg 1200w\" sizes=\"(min-width:650px) 700px\"\/><img decoding=\"async\" loading=\"lazy\" width=\"700\" height=\"466\" class=\"ms-item__img ms-item__img--3_2 \" src=\"https:\/\/cdn-1.motorsport.com\/images\/mgl\/01QdEOq0\/s700\/lewis-hamilton-ferrari.jpg\" alt=\"Lewis Hamilton, Ferrari\"\/>\n    <\/picture>\n<\/p><\/div>\n<p>&#13;<br \/>\n&#13;<\/p>\n<h2 class=\"article-fullwidth-gallery_title\">Japanese GP &#8211; Saturday, in photos<\/h2>\n<p>&#13;<br \/>\n                &#13;<br \/>\n                                            <\/a><br \/>\n                                                <a href=\"http:\/\/www.motorsport.com\/f1\/galleries\/japanese-gp-saturday-in-photos\/12357\/#72378118\" class=\"article-fullwidth-gallery_item\" data-name=\"gal-12357-oliver-bearman-haas-f1-team-72378118\">&#13;<\/p>\n<div class=\"article-fullwidth-gallery_img-wrapper\">\n<picture class=\"ms-item__picture \" data-photo-id=\"72378118\" data-detail-url=\"\/f1\/photos\/oliver-bearman-haas-f1-team-72378118\/72378118\/\"><source type=\"image\/webp\" srcset=\"https:\/\/cdn-3.motorsport.com\/images\/mgl\/0mXRxdq6\/s200\/oliver-bearman-haas-f1-team.webp 200w, https:\/\/cdn-3.motorsport.com\/images\/mgl\/0mXRxdq6\/s300\/oliver-bearman-haas-f1-team.webp 300w, https:\/\/cdn-3.motorsport.com\/images\/mgl\/0mXRxdq6\/s400\/oliver-bearman-haas-f1-team.webp 400w, https:\/\/cdn-3.motorsport.com\/images\/mgl\/0mXRxdq6\/s500\/oliver-bearman-haas-f1-team.webp 500w, https:\/\/cdn-3.motorsport.com\/images\/mgl\/0mXRxdq6\/s600\/oliver-bearman-haas-f1-team.webp 600w, https:\/\/cdn-3.motorsport.com\/images\/mgl\/0mXRxdq6\/s700\/oliver-bearman-haas-f1-team.webp 700w, https:\/\/cdn-3.motorsport.com\/images\/mgl\/0mXRxdq6\/s800\/oliver-bearman-haas-f1-team.webp 800w, https:\/\/cdn-3.motorsport.com\/images\/mgl\/0mXRxdq6\/s900\/oliver-bearman-haas-f1-team.webp 900w, https:\/\/cdn-3.motorsport.com\/images\/mgl\/0mXRxdq6\/s1000\/oliver-bearman-haas-f1-team.webp 1000w, https:\/\/cdn-3.motorsport.com\/images\/mgl\/0mXRxdq6\/s1100\/oliver-bearman-haas-f1-team.webp 1100w, https:\/\/cdn-3.motorsport.com\/images\/mgl\/0mXRxdq6\/s1200\/oliver-bearman-haas-f1-team.webp 1200w\" sizes=\"(min-width:650px) 700px\"\/><source type=\"image\/jpeg\" srcset=\"https:\/\/cdn-3.motorsport.com\/images\/mgl\/0mXRxdq6\/s200\/oliver-bearman-haas-f1-team.jpg 200w, https:\/\/cdn-3.motorsport.com\/images\/mgl\/0mXRxdq6\/s300\/oliver-bearman-haas-f1-team.jpg 300w, https:\/\/cdn-3.motorsport.com\/images\/mgl\/0mXRxdq6\/s400\/oliver-bearman-haas-f1-team.jpg 400w, https:\/\/cdn-3.motorsport.com\/images\/mgl\/0mXRxdq6\/s500\/oliver-bearman-haas-f1-team.jpg 500w, https:\/\/cdn-3.motorsport.com\/images\/mgl\/0mXRxdq6\/s600\/oliver-bearman-haas-f1-team.jpg 600w, https:\/\/cdn-3.motorsport.com\/images\/mgl\/0mXRxdq6\/s700\/oliver-bearman-haas-f1-team.jpg 700w, https:\/\/cdn-3.motorsport.com\/images\/mgl\/0mXRxdq6\/s800\/oliver-bearman-haas-f1-team.jpg 800w, https:\/\/cdn-3.motorsport.com\/images\/mgl\/0mXRxdq6\/s900\/oliver-bearman-haas-f1-team.jpg 900w, https:\/\/cdn-3.motorsport.com\/images\/mgl\/0mXRxdq6\/s1000\/oliver-bearman-haas-f1-team.jpg 1000w, https:\/\/cdn-3.motorsport.com\/images\/mgl\/0mXRxdq6\/s1100\/oliver-bearman-haas-f1-team.jpg 1100w, https:\/\/cdn-3.motorsport.com\/images\/mgl\/0mXRxdq6\/s1200\/oliver-bearman-haas-f1-team.jpg 1200w\" sizes=\"(min-width:650px) 700px\"\/><img decoding=\"async\" loading=\"lazy\" width=\"700\" height=\"466\" class=\"ms-item__img ms-item__img--3_2 \" src=\"https:\/\/cdn-5.motorsport.com\/images\/mgl\/0mXRxdq6\/s700\/oliver-bearman-haas-f1-team.jpg\" alt=\"Oliver Bearman, Haas F1 Team\"\/>\n    <\/picture>\n<\/p><\/div>\n<p>&#13;<br \/>\n&#13;<\/p>\n<h2 class=\"article-fullwidth-gallery_title\">Japanese GP &#8211; Saturday, in photos<\/h2>\n<p>&#13;<br \/>\n                &#13;<br \/>\n                                            <\/a><br \/>\n                                                <a href=\"http:\/\/www.motorsport.com\/f1\/galleries\/japanese-gp-saturday-in-photos\/12357\/#72379152\" class=\"article-fullwidth-gallery_item\" data-name=\"gal-12357-max-verstappen-red-bull-racing-72379152\">&#13;<\/p>\n<div class=\"article-fullwidth-gallery_img-wrapper\">\n<picture class=\"ms-item__picture \" data-photo-id=\"72379152\" data-detail-url=\"\/f1\/photos\/max-verstappen-red-bull-racing-72379152\/72379152\/\"><source type=\"image\/webp\" srcset=\"https:\/\/cdn-2.motorsport.com\/images\/mgl\/0R7w1pv2\/s200\/max-verstappen-red-bull-racing.webp 200w, https:\/\/cdn-2.motorsport.com\/images\/mgl\/0R7w1pv2\/s300\/max-verstappen-red-bull-racing.webp 300w, https:\/\/cdn-2.motorsport.com\/images\/mgl\/0R7w1pv2\/s400\/max-verstappen-red-bull-racing.webp 400w, https:\/\/cdn-2.motorsport.com\/images\/mgl\/0R7w1pv2\/s500\/max-verstappen-red-bull-racing.webp 500w, https:\/\/cdn-2.motorsport.com\/images\/mgl\/0R7w1pv2\/s600\/max-verstappen-red-bull-racing.webp 600w, https:\/\/cdn-2.motorsport.com\/images\/mgl\/0R7w1pv2\/s700\/max-verstappen-red-bull-racing.webp 700w, https:\/\/cdn-2.motorsport.com\/images\/mgl\/0R7w1pv2\/s800\/max-verstappen-red-bull-racing.webp 800w, https:\/\/cdn-2.motorsport.com\/images\/mgl\/0R7w1pv2\/s900\/max-verstappen-red-bull-racing.webp 900w, https:\/\/cdn-2.motorsport.com\/images\/mgl\/0R7w1pv2\/s1000\/max-verstappen-red-bull-racing.webp 1000w, https:\/\/cdn-2.motorsport.com\/images\/mgl\/0R7w1pv2\/s1100\/max-verstappen-red-bull-racing.webp 1100w, https:\/\/cdn-2.motorsport.com\/images\/mgl\/0R7w1pv2\/s1200\/max-verstappen-red-bull-racing.webp 1200w\" sizes=\"(min-width:650px) 700px\"\/><source type=\"image\/jpeg\" srcset=\"https:\/\/cdn-2.motorsport.com\/images\/mgl\/0R7w1pv2\/s200\/max-verstappen-red-bull-racing.jpg 200w, https:\/\/cdn-2.motorsport.com\/images\/mgl\/0R7w1pv2\/s300\/max-verstappen-red-bull-racing.jpg 300w, https:\/\/cdn-2.motorsport.com\/images\/mgl\/0R7w1pv2\/s400\/max-verstappen-red-bull-racing.jpg 400w, https:\/\/cdn-2.motorsport.com\/images\/mgl\/0R7w1pv2\/s500\/max-verstappen-red-bull-racing.jpg 500w, https:\/\/cdn-2.motorsport.com\/images\/mgl\/0R7w1pv2\/s600\/max-verstappen-red-bull-racing.jpg 600w, https:\/\/cdn-2.motorsport.com\/images\/mgl\/0R7w1pv2\/s700\/max-verstappen-red-bull-racing.jpg 700w, https:\/\/cdn-2.motorsport.com\/images\/mgl\/0R7w1pv2\/s800\/max-verstappen-red-bull-racing.jpg 800w, https:\/\/cdn-2.motorsport.com\/images\/mgl\/0R7w1pv2\/s900\/max-verstappen-red-bull-racing.jpg 900w, https:\/\/cdn-2.motorsport.com\/images\/mgl\/0R7w1pv2\/s1000\/max-verstappen-red-bull-racing.jpg 1000w, https:\/\/cdn-2.motorsport.com\/images\/mgl\/0R7w1pv2\/s1100\/max-verstappen-red-bull-racing.jpg 1100w, https:\/\/cdn-2.motorsport.com\/images\/mgl\/0R7w1pv2\/s1200\/max-verstappen-red-bull-racing.jpg 1200w\" sizes=\"(min-width:650px) 700px\"\/><img decoding=\"async\" loading=\"lazy\" width=\"700\" height=\"466\" class=\"ms-item__img ms-item__img--3_2 \" src=\"https:\/\/cdn-1.motorsport.com\/images\/mgl\/0R7w1pv2\/s700\/max-verstappen-red-bull-racing.jpg\" alt=\"Max Verstappen, Red Bull Racing\"\/>\n    <\/picture>\n<\/p><\/div>\n<p>&#13;<br \/>\n&#13;<\/p>\n<h2 class=\"article-fullwidth-gallery_title\">Japanese GP &#8211; Saturday, in photos<\/h2>\n<p>&#13;<br \/>\n                &#13;<br \/>\n                                            <\/a><br \/>\n                                                <a href=\"http:\/\/www.motorsport.com\/f1\/galleries\/japanese-gp-saturday-in-photos\/12357\/#72379766\" class=\"article-fullwidth-gallery_item\" data-name=\"gal-12357-lando-norris-mclaren-72379766\">&#13;<\/p>\n<div class=\"article-fullwidth-gallery_img-wrapper\">\n<picture class=\"ms-item__picture \" data-photo-id=\"72379766\" data-detail-url=\"\/f1\/photos\/lando-norris-mclaren-72379766\/72379766\/\"><source type=\"image\/webp\" srcset=\"https:\/\/cdn-2.motorsport.com\/images\/mgl\/6lmdpv80\/s200\/lando-norris-mclaren.webp 200w, https:\/\/cdn-2.motorsport.com\/images\/mgl\/6lmdpv80\/s300\/lando-norris-mclaren.webp 300w, https:\/\/cdn-2.motorsport.com\/images\/mgl\/6lmdpv80\/s400\/lando-norris-mclaren.webp 400w, https:\/\/cdn-2.motorsport.com\/images\/mgl\/6lmdpv80\/s500\/lando-norris-mclaren.webp 500w, https:\/\/cdn-2.motorsport.com\/images\/mgl\/6lmdpv80\/s600\/lando-norris-mclaren.webp 600w, https:\/\/cdn-2.motorsport.com\/images\/mgl\/6lmdpv80\/s700\/lando-norris-mclaren.webp 700w, https:\/\/cdn-2.motorsport.com\/images\/mgl\/6lmdpv80\/s800\/lando-norris-mclaren.webp 800w, https:\/\/cdn-2.motorsport.com\/images\/mgl\/6lmdpv80\/s900\/lando-norris-mclaren.webp 900w, https:\/\/cdn-2.motorsport.com\/images\/mgl\/6lmdpv80\/s1000\/lando-norris-mclaren.webp 1000w, https:\/\/cdn-2.motorsport.com\/images\/mgl\/6lmdpv80\/s1100\/lando-norris-mclaren.webp 1100w, https:\/\/cdn-2.motorsport.com\/images\/mgl\/6lmdpv80\/s1200\/lando-norris-mclaren.webp 1200w\" sizes=\"(min-width:650px) 700px\"\/><source type=\"image\/jpeg\" srcset=\"https:\/\/cdn-2.motorsport.com\/images\/mgl\/6lmdpv80\/s200\/lando-norris-mclaren.jpg 200w, https:\/\/cdn-2.motorsport.com\/images\/mgl\/6lmdpv80\/s300\/lando-norris-mclaren.jpg 300w, https:\/\/cdn-2.motorsport.com\/images\/mgl\/6lmdpv80\/s400\/lando-norris-mclaren.jpg 400w, https:\/\/cdn-2.motorsport.com\/images\/mgl\/6lmdpv80\/s500\/lando-norris-mclaren.jpg 500w, https:\/\/cdn-2.motorsport.com\/images\/mgl\/6lmdpv80\/s600\/lando-norris-mclaren.jpg 600w, https:\/\/cdn-2.motorsport.com\/images\/mgl\/6lmdpv80\/s700\/lando-norris-mclaren.jpg 700w, https:\/\/cdn-2.motorsport.com\/images\/mgl\/6lmdpv80\/s800\/lando-norris-mclaren.jpg 800w, https:\/\/cdn-2.motorsport.com\/images\/mgl\/6lmdpv80\/s900\/lando-norris-mclaren.jpg 900w, https:\/\/cdn-2.motorsport.com\/images\/mgl\/6lmdpv80\/s1000\/lando-norris-mclaren.jpg 1000w, https:\/\/cdn-2.motorsport.com\/images\/mgl\/6lmdpv80\/s1100\/lando-norris-mclaren.jpg 1100w, https:\/\/cdn-2.motorsport.com\/images\/mgl\/6lmdpv80\/s1200\/lando-norris-mclaren.jpg 1200w\" sizes=\"(min-width:650px) 700px\"\/><img decoding=\"async\" loading=\"lazy\" width=\"700\" height=\"466\" class=\"ms-item__img ms-item__img--3_2 \" src=\"https:\/\/cdn-4.motorsport.com\/images\/mgl\/6lmdpv80\/s700\/lando-norris-mclaren.jpg\" alt=\"Lando Norris, McLaren\"\/>\n    <\/picture>\n<\/p><\/div>\n<p>&#13;<br \/>\n&#13;<\/p>\n<h2 class=\"article-fullwidth-gallery_title\">Japanese GP &#8211; Saturday, in photos<\/h2>\n<p>&#13;<br \/>\n                &#13;<br \/>\n                                            <\/a><br \/>\n                                                <a href=\"http:\/\/www.motorsport.com\/f1\/galleries\/japanese-gp-saturday-in-photos\/12357\/#72378114\" class=\"article-fullwidth-gallery_item\" data-name=\"gal-12357-esteban-ocon-haas-f1-team-72378114\">&#13;<\/p>\n<div class=\"article-fullwidth-gallery_img-wrapper\">\n<picture class=\"ms-item__picture \" data-photo-id=\"72378114\" data-detail-url=\"\/f1\/photos\/esteban-ocon-haas-f1-team-72378114\/72378114\/\"><source type=\"image\/webp\" srcset=\"https:\/\/cdn-7.motorsport.com\/images\/mgl\/6x7ZeK7Y\/s200\/esteban-ocon-haas-f1-team.webp 200w, https:\/\/cdn-7.motorsport.com\/images\/mgl\/6x7ZeK7Y\/s300\/esteban-ocon-haas-f1-team.webp 300w, https:\/\/cdn-7.motorsport.com\/images\/mgl\/6x7ZeK7Y\/s400\/esteban-ocon-haas-f1-team.webp 400w, https:\/\/cdn-7.motorsport.com\/images\/mgl\/6x7ZeK7Y\/s500\/esteban-ocon-haas-f1-team.webp 500w, https:\/\/cdn-7.motorsport.com\/images\/mgl\/6x7ZeK7Y\/s600\/esteban-ocon-haas-f1-team.webp 600w, https:\/\/cdn-7.motorsport.com\/images\/mgl\/6x7ZeK7Y\/s700\/esteban-ocon-haas-f1-team.webp 700w, https:\/\/cdn-7.motorsport.com\/images\/mgl\/6x7ZeK7Y\/s800\/esteban-ocon-haas-f1-team.webp 800w, https:\/\/cdn-7.motorsport.com\/images\/mgl\/6x7ZeK7Y\/s900\/esteban-ocon-haas-f1-team.webp 900w, https:\/\/cdn-7.motorsport.com\/images\/mgl\/6x7ZeK7Y\/s1000\/esteban-ocon-haas-f1-team.webp 1000w, https:\/\/cdn-7.motorsport.com\/images\/mgl\/6x7ZeK7Y\/s1100\/esteban-ocon-haas-f1-team.webp 1100w, https:\/\/cdn-7.motorsport.com\/images\/mgl\/6x7ZeK7Y\/s1200\/esteban-ocon-haas-f1-team.webp 1200w\" sizes=\"(min-width:650px) 700px\"\/><source type=\"image\/jpeg\" srcset=\"https:\/\/cdn-7.motorsport.com\/images\/mgl\/6x7ZeK7Y\/s200\/esteban-ocon-haas-f1-team.jpg 200w, https:\/\/cdn-7.motorsport.com\/images\/mgl\/6x7ZeK7Y\/s300\/esteban-ocon-haas-f1-team.jpg 300w, https:\/\/cdn-7.motorsport.com\/images\/mgl\/6x7ZeK7Y\/s400\/esteban-ocon-haas-f1-team.jpg 400w, https:\/\/cdn-7.motorsport.com\/images\/mgl\/6x7ZeK7Y\/s500\/esteban-ocon-haas-f1-team.jpg 500w, https:\/\/cdn-7.motorsport.com\/images\/mgl\/6x7ZeK7Y\/s600\/esteban-ocon-haas-f1-team.jpg 600w, https:\/\/cdn-7.motorsport.com\/images\/mgl\/6x7ZeK7Y\/s700\/esteban-ocon-haas-f1-team.jpg 700w, https:\/\/cdn-7.motorsport.com\/images\/mgl\/6x7ZeK7Y\/s800\/esteban-ocon-haas-f1-team.jpg 800w, https:\/\/cdn-7.motorsport.com\/images\/mgl\/6x7ZeK7Y\/s900\/esteban-ocon-haas-f1-team.jpg 900w, https:\/\/cdn-7.motorsport.com\/images\/mgl\/6x7ZeK7Y\/s1000\/esteban-ocon-haas-f1-team.jpg 1000w, https:\/\/cdn-7.motorsport.com\/images\/mgl\/6x7ZeK7Y\/s1100\/esteban-ocon-haas-f1-team.jpg 1100w, https:\/\/cdn-7.motorsport.com\/images\/mgl\/6x7ZeK7Y\/s1200\/esteban-ocon-haas-f1-team.jpg 1200w\" sizes=\"(min-width:650px) 700px\"\/><img decoding=\"async\" loading=\"lazy\" width=\"700\" height=\"466\" class=\"ms-item__img ms-item__img--3_2 \" src=\"https:\/\/cdn-3.motorsport.com\/images\/mgl\/6x7ZeK7Y\/s700\/esteban-ocon-haas-f1-team.jpg\" alt=\"Esteban Ocon, Haas F1 Team\"\/>\n    <\/picture>\n<\/p><\/div>\n<p>&#13;<br \/>\n&#13;<\/p>\n<h2 class=\"article-fullwidth-gallery_title\">Japanese GP &#8211; Saturday, in photos<\/h2>\n<p>&#13;<br \/>\n                &#13;<br \/>\n                                            <\/a><br \/>\n                                                <a href=\"http:\/\/www.motorsport.com\/f1\/galleries\/japanese-gp-saturday-in-photos\/12357\/#72378007\" class=\"article-fullwidth-gallery_item\" data-name=\"gal-12357-pierre-gasly-alpine-72378007\">&#13;<\/p>\n<div class=\"article-fullwidth-gallery_img-wrapper\">\n<picture class=\"ms-item__picture \" data-photo-id=\"72378007\" data-detail-url=\"\/f1\/photos\/pierre-gasly-alpine-72378007\/72378007\/\"><source type=\"image\/webp\" srcset=\"https:\/\/cdn-9.motorsport.com\/images\/mgl\/25d39dM0\/s200\/pierre-gasly-alpine.webp 200w, https:\/\/cdn-9.motorsport.com\/images\/mgl\/25d39dM0\/s300\/pierre-gasly-alpine.webp 300w, https:\/\/cdn-9.motorsport.com\/images\/mgl\/25d39dM0\/s400\/pierre-gasly-alpine.webp 400w, https:\/\/cdn-9.motorsport.com\/images\/mgl\/25d39dM0\/s500\/pierre-gasly-alpine.webp 500w, https:\/\/cdn-9.motorsport.com\/images\/mgl\/25d39dM0\/s600\/pierre-gasly-alpine.webp 600w, https:\/\/cdn-9.motorsport.com\/images\/mgl\/25d39dM0\/s700\/pierre-gasly-alpine.webp 700w, https:\/\/cdn-9.motorsport.com\/images\/mgl\/25d39dM0\/s800\/pierre-gasly-alpine.webp 800w, https:\/\/cdn-9.motorsport.com\/images\/mgl\/25d39dM0\/s900\/pierre-gasly-alpine.webp 900w, https:\/\/cdn-9.motorsport.com\/images\/mgl\/25d39dM0\/s1000\/pierre-gasly-alpine.webp 1000w, https:\/\/cdn-9.motorsport.com\/images\/mgl\/25d39dM0\/s1100\/pierre-gasly-alpine.webp 1100w, https:\/\/cdn-9.motorsport.com\/images\/mgl\/25d39dM0\/s1200\/pierre-gasly-alpine.webp 1200w\" sizes=\"(min-width:650px) 700px\"\/><source type=\"image\/jpeg\" srcset=\"https:\/\/cdn-9.motorsport.com\/images\/mgl\/25d39dM0\/s200\/pierre-gasly-alpine.jpg 200w, https:\/\/cdn-9.motorsport.com\/images\/mgl\/25d39dM0\/s300\/pierre-gasly-alpine.jpg 300w, https:\/\/cdn-9.motorsport.com\/images\/mgl\/25d39dM0\/s400\/pierre-gasly-alpine.jpg 400w, https:\/\/cdn-9.motorsport.com\/images\/mgl\/25d39dM0\/s500\/pierre-gasly-alpine.jpg 500w, https:\/\/cdn-9.motorsport.com\/images\/mgl\/25d39dM0\/s600\/pierre-gasly-alpine.jpg 600w, https:\/\/cdn-9.motorsport.com\/images\/mgl\/25d39dM0\/s700\/pierre-gasly-alpine.jpg 700w, https:\/\/cdn-9.motorsport.com\/images\/mgl\/25d39dM0\/s800\/pierre-gasly-alpine.jpg 800w, https:\/\/cdn-9.motorsport.com\/images\/mgl\/25d39dM0\/s900\/pierre-gasly-alpine.jpg 900w, https:\/\/cdn-9.motorsport.com\/images\/mgl\/25d39dM0\/s1000\/pierre-gasly-alpine.jpg 1000w, https:\/\/cdn-9.motorsport.com\/images\/mgl\/25d39dM0\/s1100\/pierre-gasly-alpine.jpg 1100w, https:\/\/cdn-9.motorsport.com\/images\/mgl\/25d39dM0\/s1200\/pierre-gasly-alpine.jpg 1200w\" sizes=\"(min-width:650px) 700px\"\/><img decoding=\"async\" loading=\"lazy\" width=\"700\" height=\"466\" class=\"ms-item__img ms-item__img--3_2 \" src=\"https:\/\/cdn-8.motorsport.com\/images\/mgl\/25d39dM0\/s700\/pierre-gasly-alpine.jpg\" alt=\"Pierre Gasly, Alpine\"\/>\n    <\/picture>\n<\/p><\/div>\n<p>&#13;<br \/>\n&#13;<\/p>\n<h2 class=\"article-fullwidth-gallery_title\">Japanese GP &#8211; Saturday, in photos<\/h2>\n<p>&#13;<br \/>\n                &#13;<br \/>\n                                            <\/a><br \/>\n                                                <a href=\"http:\/\/www.motorsport.com\/f1\/galleries\/japanese-gp-saturday-in-photos\/12357\/#72381981\" class=\"article-fullwidth-gallery_item\" data-name=\"gal-12357-charles-leclerc-ferrari-72381981\">&#13;<\/p>\n<div class=\"article-fullwidth-gallery_img-wrapper\">\n<picture class=\"ms-item__picture \" data-photo-id=\"72381981\" data-detail-url=\"\/f1\/photos\/charles-leclerc-ferrari-72381981\/72381981\/\"><source type=\"image\/webp\" srcset=\"https:\/\/cdn-3.motorsport.com\/images\/mgl\/YP7rVe32\/s200\/charles-leclerc-ferrari.webp 200w, https:\/\/cdn-3.motorsport.com\/images\/mgl\/YP7rVe32\/s300\/charles-leclerc-ferrari.webp 300w, https:\/\/cdn-3.motorsport.com\/images\/mgl\/YP7rVe32\/s400\/charles-leclerc-ferrari.webp 400w, https:\/\/cdn-3.motorsport.com\/images\/mgl\/YP7rVe32\/s500\/charles-leclerc-ferrari.webp 500w, https:\/\/cdn-3.motorsport.com\/images\/mgl\/YP7rVe32\/s600\/charles-leclerc-ferrari.webp 600w, https:\/\/cdn-3.motorsport.com\/images\/mgl\/YP7rVe32\/s700\/charles-leclerc-ferrari.webp 700w, https:\/\/cdn-3.motorsport.com\/images\/mgl\/YP7rVe32\/s800\/charles-leclerc-ferrari.webp 800w, https:\/\/cdn-3.motorsport.com\/images\/mgl\/YP7rVe32\/s900\/charles-leclerc-ferrari.webp 900w, https:\/\/cdn-3.motorsport.com\/images\/mgl\/YP7rVe32\/s1000\/charles-leclerc-ferrari.webp 1000w, https:\/\/cdn-3.motorsport.com\/images\/mgl\/YP7rVe32\/s1100\/charles-leclerc-ferrari.webp 1100w, https:\/\/cdn-3.motorsport.com\/images\/mgl\/YP7rVe32\/s1200\/charles-leclerc-ferrari.webp 1200w\" sizes=\"(min-width:650px) 700px\"\/><source type=\"image\/jpeg\" srcset=\"https:\/\/cdn-3.motorsport.com\/images\/mgl\/YP7rVe32\/s200\/charles-leclerc-ferrari.jpg 200w, https:\/\/cdn-3.motorsport.com\/images\/mgl\/YP7rVe32\/s300\/charles-leclerc-ferrari.jpg 300w, https:\/\/cdn-3.motorsport.com\/images\/mgl\/YP7rVe32\/s400\/charles-leclerc-ferrari.jpg 400w, https:\/\/cdn-3.motorsport.com\/images\/mgl\/YP7rVe32\/s500\/charles-leclerc-ferrari.jpg 500w, https:\/\/cdn-3.motorsport.com\/images\/mgl\/YP7rVe32\/s600\/charles-leclerc-ferrari.jpg 600w, https:\/\/cdn-3.motorsport.com\/images\/mgl\/YP7rVe32\/s700\/charles-leclerc-ferrari.jpg 700w, https:\/\/cdn-3.motorsport.com\/images\/mgl\/YP7rVe32\/s800\/charles-leclerc-ferrari.jpg 800w, https:\/\/cdn-3.motorsport.com\/images\/mgl\/YP7rVe32\/s900\/charles-leclerc-ferrari.jpg 900w, https:\/\/cdn-3.motorsport.com\/images\/mgl\/YP7rVe32\/s1000\/charles-leclerc-ferrari.jpg 1000w, https:\/\/cdn-3.motorsport.com\/images\/mgl\/YP7rVe32\/s1100\/charles-leclerc-ferrari.jpg 1100w, https:\/\/cdn-3.motorsport.com\/images\/mgl\/YP7rVe32\/s1200\/charles-leclerc-ferrari.jpg 1200w\" sizes=\"(min-width:650px) 700px\"\/><img decoding=\"async\" loading=\"lazy\" width=\"700\" height=\"466\" class=\"ms-item__img ms-item__img--3_2 \" src=\"https:\/\/cdn-3.motorsport.com\/images\/mgl\/YP7rVe32\/s700\/charles-leclerc-ferrari.jpg\" alt=\"Charles Leclerc, Ferrari\"\/>\n    <\/picture>\n<\/p><\/div>\n<p>&#13;<br \/>\n&#13;<\/p>\n<h2 class=\"article-fullwidth-gallery_title\">Japanese GP &#8211; Saturday, in photos<\/h2>\n<p>&#13;<br \/>\n                &#13;<br \/>\n                                            <\/a><br \/>\n                                                <a href=\"http:\/\/www.motorsport.com\/f1\/galleries\/japanese-gp-saturday-in-photos\/12357\/#72378899\" class=\"article-fullwidth-gallery_item\" data-name=\"gal-12357-lewis-hamilton-ferrari-72378899\">&#13;<\/p>\n<div class=\"article-fullwidth-gallery_img-wrapper\">\n<picture class=\"ms-item__picture \" data-photo-id=\"72378899\" data-detail-url=\"\/f1\/photos\/lewis-hamilton-ferrari-72378899\/72378899\/\"><source type=\"image\/webp\" srcset=\"https:\/\/cdn-1.motorsport.com\/images\/mgl\/6zoJ4P70\/s200\/isack-hadjar-red-bull-racing.webp 200w, https:\/\/cdn-1.motorsport.com\/images\/mgl\/6zoJ4P70\/s300\/isack-hadjar-red-bull-racing.webp 300w, https:\/\/cdn-1.motorsport.com\/images\/mgl\/6zoJ4P70\/s400\/isack-hadjar-red-bull-racing.webp 400w, https:\/\/cdn-1.motorsport.com\/images\/mgl\/6zoJ4P70\/s500\/isack-hadjar-red-bull-racing.webp 500w, https:\/\/cdn-1.motorsport.com\/images\/mgl\/6zoJ4P70\/s600\/isack-hadjar-red-bull-racing.webp 600w, https:\/\/cdn-1.motorsport.com\/images\/mgl\/6zoJ4P70\/s700\/isack-hadjar-red-bull-racing.webp 700w, https:\/\/cdn-1.motorsport.com\/images\/mgl\/6zoJ4P70\/s800\/isack-hadjar-red-bull-racing.webp 800w, https:\/\/cdn-1.motorsport.com\/images\/mgl\/6zoJ4P70\/s900\/isack-hadjar-red-bull-racing.webp 900w, https:\/\/cdn-1.motorsport.com\/images\/mgl\/6zoJ4P70\/s1000\/isack-hadjar-red-bull-racing.webp 1000w, https:\/\/cdn-1.motorsport.com\/images\/mgl\/6zoJ4P70\/s1100\/isack-hadjar-red-bull-racing.webp 1100w, https:\/\/cdn-1.motorsport.com\/images\/mgl\/6zoJ4P70\/s1200\/isack-hadjar-red-bull-racing.webp 1200w\" sizes=\"(min-width:650px) 700px\"\/><source type=\"image\/jpeg\" srcset=\"https:\/\/cdn-1.motorsport.com\/images\/mgl\/6zoJ4P70\/s200\/isack-hadjar-red-bull-racing.jpg 200w, https:\/\/cdn-1.motorsport.com\/images\/mgl\/6zoJ4P70\/s300\/isack-hadjar-red-bull-racing.jpg 300w, https:\/\/cdn-1.motorsport.com\/images\/mgl\/6zoJ4P70\/s400\/isack-hadjar-red-bull-racing.jpg 400w, https:\/\/cdn-1.motorsport.com\/images\/mgl\/6zoJ4P70\/s500\/isack-hadjar-red-bull-racing.jpg 500w, https:\/\/cdn-1.motorsport.com\/images\/mgl\/6zoJ4P70\/s600\/isack-hadjar-red-bull-racing.jpg 600w, https:\/\/cdn-1.motorsport.com\/images\/mgl\/6zoJ4P70\/s700\/isack-hadjar-red-bull-racing.jpg 700w, https:\/\/cdn-1.motorsport.com\/images\/mgl\/6zoJ4P70\/s800\/isack-hadjar-red-bull-racing.jpg 800w, https:\/\/cdn-1.motorsport.com\/images\/mgl\/6zoJ4P70\/s900\/isack-hadjar-red-bull-racing.jpg 900w, https:\/\/cdn-1.motorsport.com\/images\/mgl\/6zoJ4P70\/s1000\/isack-hadjar-red-bull-racing.jpg 1000w, https:\/\/cdn-1.motorsport.com\/images\/mgl\/6zoJ4P70\/s1100\/isack-hadjar-red-bull-racing.jpg 1100w, https:\/\/cdn-1.motorsport.com\/images\/mgl\/6zoJ4P70\/s1200\/isack-hadjar-red-bull-racing.jpg 1200w\" sizes=\"(min-width:650px) 700px\"\/><img decoding=\"async\" loading=\"lazy\" width=\"700\" height=\"466\" class=\"ms-item__img ms-item__img--3_2 \" src=\"https:\/\/cdn-8.motorsport.com\/images\/mgl\/6zoJ4P70\/s700\/isack-hadjar-red-bull-racing.jpg\" alt=\"Isack Hadjar, Red Bull Racing\"\/>\n    <\/picture>\n<\/p><\/div>\n<p>&#13;<br \/>\n&#13;<\/p>\n<h2 class=\"article-fullwidth-gallery_title\">Japanese GP &#8211; Saturday, in photos<\/h2>\n<p>&#13;<br \/>\n                &#13;<br \/>\n                                            <\/a><br \/>\n                                                <a href=\"http:\/\/www.motorsport.com\/f1\/galleries\/japanese-gp-saturday-in-photos\/12357\/#72378909\" class=\"article-fullwidth-gallery_item\" data-name=\"gal-12357-isack-hadjar-red-bull-racing-72378909\">&#13;<\/p>\n<div class=\"article-fullwidth-gallery_img-wrapper\">\n<picture class=\"ms-item__picture \" data-photo-id=\"72378909\" data-detail-url=\"\/f1\/photos\/isack-hadjar-red-bull-racing-72378909\/72378909\/\"><source type=\"image\/webp\" srcset=\"https:\/\/cdn-4.motorsport.com\/images\/mgl\/6zoJ4P70\/s200\/isack-hadjar-red-bull-racing.webp 200w, https:\/\/cdn-4.motorsport.com\/images\/mgl\/6zoJ4P70\/s300\/isack-hadjar-red-bull-racing.webp 300w, https:\/\/cdn-4.motorsport.com\/images\/mgl\/6zoJ4P70\/s400\/isack-hadjar-red-bull-racing.webp 400w, https:\/\/cdn-4.motorsport.com\/images\/mgl\/6zoJ4P70\/s500\/isack-hadjar-red-bull-racing.webp 500w, https:\/\/cdn-4.motorsport.com\/images\/mgl\/6zoJ4P70\/s600\/isack-hadjar-red-bull-racing.webp 600w, https:\/\/cdn-4.motorsport.com\/images\/mgl\/6zoJ4P70\/s700\/isack-hadjar-red-bull-racing.webp 700w, https:\/\/cdn-4.motorsport.com\/images\/mgl\/6zoJ4P70\/s800\/isack-hadjar-red-bull-racing.webp 800w, https:\/\/cdn-4.motorsport.com\/images\/mgl\/6zoJ4P70\/s900\/isack-hadjar-red-bull-racing.webp 900w, https:\/\/cdn-4.motorsport.com\/images\/mgl\/6zoJ4P70\/s1000\/isack-hadjar-red-bull-racing.webp 1000w, https:\/\/cdn-4.motorsport.com\/images\/mgl\/6zoJ4P70\/s1100\/isack-hadjar-red-bull-racing.webp 1100w, https:\/\/cdn-4.motorsport.com\/images\/mgl\/6zoJ4P70\/s1200\/isack-hadjar-red-bull-racing.webp 1200w\" sizes=\"(min-width:650px) 700px\"\/><source type=\"image\/jpeg\" srcset=\"https:\/\/cdn-4.motorsport.com\/images\/mgl\/6zoJ4P70\/s200\/isack-hadjar-red-bull-racing.jpg 200w, https:\/\/cdn-4.motorsport.com\/images\/mgl\/6zoJ4P70\/s300\/isack-hadjar-red-bull-racing.jpg 300w, https:\/\/cdn-4.motorsport.com\/images\/mgl\/6zoJ4P70\/s400\/isack-hadjar-red-bull-racing.jpg 400w, https:\/\/cdn-4.motorsport.com\/images\/mgl\/6zoJ4P70\/s500\/isack-hadjar-red-bull-racing.jpg 500w, https:\/\/cdn-4.motorsport.com\/images\/mgl\/6zoJ4P70\/s600\/isack-hadjar-red-bull-racing.jpg 600w, https:\/\/cdn-4.motorsport.com\/images\/mgl\/6zoJ4P70\/s700\/isack-hadjar-red-bull-racing.jpg 700w, https:\/\/cdn-4.motorsport.com\/images\/mgl\/6zoJ4P70\/s800\/isack-hadjar-red-bull-racing.jpg 800w, https:\/\/cdn-4.motorsport.com\/images\/mgl\/6zoJ4P70\/s900\/isack-hadjar-red-bull-racing.jpg 900w, https:\/\/cdn-4.motorsport.com\/images\/mgl\/6zoJ4P70\/s1000\/isack-hadjar-red-bull-racing.jpg 1000w, https:\/\/cdn-4.motorsport.com\/images\/mgl\/6zoJ4P70\/s1100\/isack-hadjar-red-bull-racing.jpg 1100w, https:\/\/cdn-4.motorsport.com\/images\/mgl\/6zoJ4P70\/s1200\/isack-hadjar-red-bull-racing.jpg 1200w\" sizes=\"(min-width:650px) 700px\"\/><img decoding=\"async\" loading=\"lazy\" width=\"700\" height=\"466\" class=\"ms-item__img ms-item__img--3_2 \" src=\"https:\/\/cdn-7.motorsport.com\/images\/mgl\/6zoJ4P70\/s700\/isack-hadjar-red-bull-racing.jpg\" alt=\"Isack Hadjar, Red Bull Racing\"\/>\n    <\/picture>\n<\/p><\/div>\n<p>&#13;<br \/>\n&#13;<\/p>\n<h2 class=\"article-fullwidth-gallery_title\">Japanese GP &#8211; Saturday, in photos<\/h2>\n<p>&#13;<br \/>\n                &#13;<br \/>\n                                            <\/a><br \/>\n                                                <a href=\"http:\/\/www.motorsport.com\/f1\/galleries\/japanese-gp-saturday-in-photos\/12357\/#72378082\" class=\"article-fullwidth-gallery_item\" data-name=\"gal-12357-andrea-kimi-antonelli-mercedes-72378082\">&#13;<\/p>\n<div class=\"article-fullwidth-gallery_img-wrapper\">\n<picture class=\"ms-item__picture \" data-photo-id=\"72378082\" data-detail-url=\"\/f1\/photos\/andrea-kimi-antonelli-mercedes-72378082\/72378082\/\"><source type=\"image\/webp\" srcset=\"https:\/\/cdn-8.motorsport.com\/images\/mgl\/YK13yv80\/s200\/andrea-kimi-antonelli-mercedes.webp 200w, https:\/\/cdn-8.motorsport.com\/images\/mgl\/YK13yv80\/s300\/andrea-kimi-antonelli-mercedes.webp 300w, https:\/\/cdn-8.motorsport.com\/images\/mgl\/YK13yv80\/s400\/andrea-kimi-antonelli-mercedes.webp 400w, https:\/\/cdn-8.motorsport.com\/images\/mgl\/YK13yv80\/s500\/andrea-kimi-antonelli-mercedes.webp 500w, https:\/\/cdn-8.motorsport.com\/images\/mgl\/YK13yv80\/s600\/andrea-kimi-antonelli-mercedes.webp 600w, https:\/\/cdn-8.motorsport.com\/images\/mgl\/YK13yv80\/s700\/andrea-kimi-antonelli-mercedes.webp 700w, https:\/\/cdn-8.motorsport.com\/images\/mgl\/YK13yv80\/s800\/andrea-kimi-antonelli-mercedes.webp 800w, https:\/\/cdn-8.motorsport.com\/images\/mgl\/YK13yv80\/s900\/andrea-kimi-antonelli-mercedes.webp 900w, https:\/\/cdn-8.motorsport.com\/images\/mgl\/YK13yv80\/s1000\/andrea-kimi-antonelli-mercedes.webp 1000w, https:\/\/cdn-8.motorsport.com\/images\/mgl\/YK13yv80\/s1100\/andrea-kimi-antonelli-mercedes.webp 1100w, https:\/\/cdn-8.motorsport.com\/images\/mgl\/YK13yv80\/s1200\/andrea-kimi-antonelli-mercedes.webp 1200w\" sizes=\"(min-width:650px) 700px\"\/><source type=\"image\/jpeg\" srcset=\"https:\/\/cdn-8.motorsport.com\/images\/mgl\/YK13yv80\/s200\/andrea-kimi-antonelli-mercedes.jpg 200w, https:\/\/cdn-8.motorsport.com\/images\/mgl\/YK13yv80\/s300\/andrea-kimi-antonelli-mercedes.jpg 300w, https:\/\/cdn-8.motorsport.com\/images\/mgl\/YK13yv80\/s400\/andrea-kimi-antonelli-mercedes.jpg 400w, https:\/\/cdn-8.motorsport.com\/images\/mgl\/YK13yv80\/s500\/andrea-kimi-antonelli-mercedes.jpg 500w, https:\/\/cdn-8.motorsport.com\/images\/mgl\/YK13yv80\/s600\/andrea-kimi-antonelli-mercedes.jpg 600w, https:\/\/cdn-8.motorsport.com\/images\/mgl\/YK13yv80\/s700\/andrea-kimi-antonelli-mercedes.jpg 700w, https:\/\/cdn-8.motorsport.com\/images\/mgl\/YK13yv80\/s800\/andrea-kimi-antonelli-mercedes.jpg 800w, https:\/\/cdn-8.motorsport.com\/images\/mgl\/YK13yv80\/s900\/andrea-kimi-antonelli-mercedes.jpg 900w, https:\/\/cdn-8.motorsport.com\/images\/mgl\/YK13yv80\/s1000\/andrea-kimi-antonelli-mercedes.jpg 1000w, https:\/\/cdn-8.motorsport.com\/images\/mgl\/YK13yv80\/s1100\/andrea-kimi-antonelli-mercedes.jpg 1100w, https:\/\/cdn-8.motorsport.com\/images\/mgl\/YK13yv80\/s1200\/andrea-kimi-antonelli-mercedes.jpg 1200w\" sizes=\"(min-width:650px) 700px\"\/><img decoding=\"async\" loading=\"lazy\" width=\"700\" height=\"466\" class=\"ms-item__img ms-item__img--3_2 \" src=\"https:\/\/cdn-8.motorsport.com\/images\/mgl\/YK13yv80\/s700\/andrea-kimi-antonelli-mercedes.jpg\" alt=\"Andrea Kimi Antonelli, Mercedes\"\/>\n    <\/picture>\n<\/p><\/div>\n<p>&#13;<br \/>\n&#13;<\/p>\n<h2 class=\"article-fullwidth-gallery_title\">Japanese GP &#8211; Saturday, in photos<\/h2>\n<p>&#13;<br \/>\n                &#13;<br \/>\n                                            <\/a><br \/>\n                                                <a href=\"http:\/\/www.motorsport.com\/f1\/galleries\/japanese-gp-saturday-in-photos\/12357\/#72381259\" class=\"article-fullwidth-gallery_item\" data-name=\"gal-12357-lando-norris-mclaren-72381259\">&#13;<\/p>\n<div class=\"article-fullwidth-gallery_img-wrapper\">\n<picture class=\"ms-item__picture \" data-photo-id=\"72381259\" data-detail-url=\"\/f1\/photos\/lando-norris-mclaren-72381259\/72381259\/\"><source type=\"image\/webp\" srcset=\"https:\/\/cdn-5.motorsport.com\/images\/mgl\/2jEDOmk0\/s200\/lando-norris-mclaren.webp 200w, https:\/\/cdn-5.motorsport.com\/images\/mgl\/2jEDOmk0\/s300\/lando-norris-mclaren.webp 300w, https:\/\/cdn-5.motorsport.com\/images\/mgl\/2jEDOmk0\/s400\/lando-norris-mclaren.webp 400w, https:\/\/cdn-5.motorsport.com\/images\/mgl\/2jEDOmk0\/s500\/lando-norris-mclaren.webp 500w, https:\/\/cdn-5.motorsport.com\/images\/mgl\/2jEDOmk0\/s600\/lando-norris-mclaren.webp 600w, https:\/\/cdn-5.motorsport.com\/images\/mgl\/2jEDOmk0\/s700\/lando-norris-mclaren.webp 700w, https:\/\/cdn-5.motorsport.com\/images\/mgl\/2jEDOmk0\/s800\/lando-norris-mclaren.webp 800w, https:\/\/cdn-5.motorsport.com\/images\/mgl\/2jEDOmk0\/s900\/lando-norris-mclaren.webp 900w, https:\/\/cdn-5.motorsport.com\/images\/mgl\/2jEDOmk0\/s1000\/lando-norris-mclaren.webp 1000w, https:\/\/cdn-5.motorsport.com\/images\/mgl\/2jEDOmk0\/s1100\/lando-norris-mclaren.webp 1100w, https:\/\/cdn-5.motorsport.com\/images\/mgl\/2jEDOmk0\/s1200\/lando-norris-mclaren.webp 1200w\" sizes=\"(min-width:650px) 700px\"\/><source type=\"image\/jpeg\" srcset=\"https:\/\/cdn-5.motorsport.com\/images\/mgl\/2jEDOmk0\/s200\/lando-norris-mclaren.jpg 200w, https:\/\/cdn-5.motorsport.com\/images\/mgl\/2jEDOmk0\/s300\/lando-norris-mclaren.jpg 300w, https:\/\/cdn-5.motorsport.com\/images\/mgl\/2jEDOmk0\/s400\/lando-norris-mclaren.jpg 400w, https:\/\/cdn-5.motorsport.com\/images\/mgl\/2jEDOmk0\/s500\/lando-norris-mclaren.jpg 500w, https:\/\/cdn-5.motorsport.com\/images\/mgl\/2jEDOmk0\/s600\/lando-norris-mclaren.jpg 600w, https:\/\/cdn-5.motorsport.com\/images\/mgl\/2jEDOmk0\/s700\/lando-norris-mclaren.jpg 700w, https:\/\/cdn-5.motorsport.com\/images\/mgl\/2jEDOmk0\/s800\/lando-norris-mclaren.jpg 800w, https:\/\/cdn-5.motorsport.com\/images\/mgl\/2jEDOmk0\/s900\/lando-norris-mclaren.jpg 900w, https:\/\/cdn-5.motorsport.com\/images\/mgl\/2jEDOmk0\/s1000\/lando-norris-mclaren.jpg 1000w, https:\/\/cdn-5.motorsport.com\/images\/mgl\/2jEDOmk0\/s1100\/lando-norris-mclaren.jpg 1100w, https:\/\/cdn-5.motorsport.com\/images\/mgl\/2jEDOmk0\/s1200\/lando-norris-mclaren.jpg 1200w\" sizes=\"(min-width:650px) 700px\"\/><img decoding=\"async\" loading=\"lazy\" width=\"700\" height=\"466\" class=\"ms-item__img ms-item__img--3_2 \" src=\"https:\/\/cdn-3.motorsport.com\/images\/mgl\/2jEDOmk0\/s700\/lando-norris-mclaren.jpg\" alt=\"Lando Norris, McLaren\"\/>\n    <\/picture>\n<\/p><\/div>\n<p>&#13;<br \/>\n&#13;<\/p>\n<h2 class=\"article-fullwidth-gallery_title\">Japanese GP &#8211; Saturday, in photos<\/h2>\n<p>&#13;<br \/>\n                &#13;<br \/>\n                                            <\/a><br \/>\n                                                <a href=\"http:\/\/www.motorsport.com\/f1\/galleries\/japanese-gp-saturday-in-photos\/12357\/#72379156\" class=\"article-fullwidth-gallery_item\" data-name=\"gal-12357-lance-stroll-aston-martin-racing-72379156\">&#13;<\/p>\n<div class=\"article-fullwidth-gallery_img-wrapper\">\n<picture class=\"ms-item__picture \" data-photo-id=\"72379156\" data-detail-url=\"\/f1\/photos\/lance-stroll-aston-martin-racing-72379156\/72379156\/\"><source type=\"image\/webp\" srcset=\"https:\/\/cdn-8.motorsport.com\/images\/mgl\/6zoJ4zJ0\/s200\/lance-stroll-aston-martin-raci.webp 200w, https:\/\/cdn-8.motorsport.com\/images\/mgl\/6zoJ4zJ0\/s300\/lance-stroll-aston-martin-raci.webp 300w, https:\/\/cdn-8.motorsport.com\/images\/mgl\/6zoJ4zJ0\/s400\/lance-stroll-aston-martin-raci.webp 400w, https:\/\/cdn-8.motorsport.com\/images\/mgl\/6zoJ4zJ0\/s500\/lance-stroll-aston-martin-raci.webp 500w, https:\/\/cdn-8.motorsport.com\/images\/mgl\/6zoJ4zJ0\/s600\/lance-stroll-aston-martin-raci.webp 600w, https:\/\/cdn-8.motorsport.com\/images\/mgl\/6zoJ4zJ0\/s700\/lance-stroll-aston-martin-raci.webp 700w, https:\/\/cdn-8.motorsport.com\/images\/mgl\/6zoJ4zJ0\/s800\/lance-stroll-aston-martin-raci.webp 800w, https:\/\/cdn-8.motorsport.com\/images\/mgl\/6zoJ4zJ0\/s900\/lance-stroll-aston-martin-raci.webp 900w, https:\/\/cdn-8.motorsport.com\/images\/mgl\/6zoJ4zJ0\/s1000\/lance-stroll-aston-martin-raci.webp 1000w, https:\/\/cdn-8.motorsport.com\/images\/mgl\/6zoJ4zJ0\/s1100\/lance-stroll-aston-martin-raci.webp 1100w, https:\/\/cdn-8.motorsport.com\/images\/mgl\/6zoJ4zJ0\/s1200\/lance-stroll-aston-martin-raci.webp 1200w\" sizes=\"(min-width:650px) 700px\"\/><source type=\"image\/jpeg\" srcset=\"https:\/\/cdn-8.motorsport.com\/images\/mgl\/6zoJ4zJ0\/s200\/lance-stroll-aston-martin-raci.jpg 200w, https:\/\/cdn-8.motorsport.com\/images\/mgl\/6zoJ4zJ0\/s300\/lance-stroll-aston-martin-raci.jpg 300w, https:\/\/cdn-8.motorsport.com\/images\/mgl\/6zoJ4zJ0\/s400\/lance-stroll-aston-martin-raci.jpg 400w, https:\/\/cdn-8.motorsport.com\/images\/mgl\/6zoJ4zJ0\/s500\/lance-stroll-aston-martin-raci.jpg 500w, https:\/\/cdn-8.motorsport.com\/images\/mgl\/6zoJ4zJ0\/s600\/lance-stroll-aston-martin-raci.jpg 600w, https:\/\/cdn-8.motorsport.com\/images\/mgl\/6zoJ4zJ0\/s700\/lance-stroll-aston-martin-raci.jpg 700w, https:\/\/cdn-8.motorsport.com\/images\/mgl\/6zoJ4zJ0\/s800\/lance-stroll-aston-martin-raci.jpg 800w, https:\/\/cdn-8.motorsport.com\/images\/mgl\/6zoJ4zJ0\/s900\/lance-stroll-aston-martin-raci.jpg 900w, https:\/\/cdn-8.motorsport.com\/images\/mgl\/6zoJ4zJ0\/s1000\/lance-stroll-aston-martin-raci.jpg 1000w, https:\/\/cdn-8.motorsport.com\/images\/mgl\/6zoJ4zJ0\/s1100\/lance-stroll-aston-martin-raci.jpg 1100w, https:\/\/cdn-8.motorsport.com\/images\/mgl\/6zoJ4zJ0\/s1200\/lance-stroll-aston-martin-raci.jpg 1200w\" sizes=\"(min-width:650px) 700px\"\/><img decoding=\"async\" loading=\"lazy\" width=\"700\" height=\"466\" class=\"ms-item__img ms-item__img--3_2 \" src=\"https:\/\/cdn-5.motorsport.com\/images\/mgl\/6zoJ4zJ0\/s700\/lance-stroll-aston-martin-raci.jpg\" alt=\"Lance Stroll, Aston Martin Racing\"\/>\n    <\/picture>\n<\/p><\/div>\n<p>&#13;<br \/>\n&#13;<\/p>\n<h2 class=\"article-fullwidth-gallery_title\">Japanese GP &#8211; Saturday, in photos<\/h2>\n<p>&#13;<br \/>\n                &#13;<br \/>\n                                            <\/a><br \/>\n                                                <a href=\"http:\/\/www.motorsport.com\/f1\/galleries\/japanese-gp-saturday-in-photos\/12357\/#72378904\" class=\"article-fullwidth-gallery_item\" data-name=\"gal-12357-gabriel-bortoleto-audi-f1-team-72378904\">&#13;<\/p>\n<div class=\"article-fullwidth-gallery_img-wrapper\">\n<picture class=\"ms-item__picture \" data-photo-id=\"72378904\" data-detail-url=\"\/f1\/photos\/gabriel-bortoleto-audi-f1-team-72378904\/72378904\/\"><source type=\"image\/webp\" srcset=\"https:\/\/cdn-8.motorsport.com\/images\/mgl\/0Ld594W0\/s200\/gabriel-bortoleto-audi-f1-team.webp 200w, https:\/\/cdn-8.motorsport.com\/images\/mgl\/0Ld594W0\/s300\/gabriel-bortoleto-audi-f1-team.webp 300w, https:\/\/cdn-8.motorsport.com\/images\/mgl\/0Ld594W0\/s400\/gabriel-bortoleto-audi-f1-team.webp 400w, https:\/\/cdn-8.motorsport.com\/images\/mgl\/0Ld594W0\/s500\/gabriel-bortoleto-audi-f1-team.webp 500w, https:\/\/cdn-8.motorsport.com\/images\/mgl\/0Ld594W0\/s600\/gabriel-bortoleto-audi-f1-team.webp 600w, https:\/\/cdn-8.motorsport.com\/images\/mgl\/0Ld594W0\/s700\/gabriel-bortoleto-audi-f1-team.webp 700w, https:\/\/cdn-8.motorsport.com\/images\/mgl\/0Ld594W0\/s800\/gabriel-bortoleto-audi-f1-team.webp 800w, https:\/\/cdn-8.motorsport.com\/images\/mgl\/0Ld594W0\/s900\/gabriel-bortoleto-audi-f1-team.webp 900w, https:\/\/cdn-8.motorsport.com\/images\/mgl\/0Ld594W0\/s1000\/gabriel-bortoleto-audi-f1-team.webp 1000w, https:\/\/cdn-8.motorsport.com\/images\/mgl\/0Ld594W0\/s1100\/gabriel-bortoleto-audi-f1-team.webp 1100w, https:\/\/cdn-8.motorsport.com\/images\/mgl\/0Ld594W0\/s1200\/gabriel-bortoleto-audi-f1-team.webp 1200w\" sizes=\"(min-width:650px) 700px\"\/><source type=\"image\/jpeg\" srcset=\"https:\/\/cdn-8.motorsport.com\/images\/mgl\/0Ld594W0\/s200\/gabriel-bortoleto-audi-f1-team.jpg 200w, https:\/\/cdn-8.motorsport.com\/images\/mgl\/0Ld594W0\/s300\/gabriel-bortoleto-audi-f1-team.jpg 300w, https:\/\/cdn-8.motorsport.com\/images\/mgl\/0Ld594W0\/s400\/gabriel-bortoleto-audi-f1-team.jpg 400w, https:\/\/cdn-8.motorsport.com\/images\/mgl\/0Ld594W0\/s500\/gabriel-bortoleto-audi-f1-team.jpg 500w, https:\/\/cdn-8.motorsport.com\/images\/mgl\/0Ld594W0\/s600\/gabriel-bortoleto-audi-f1-team.jpg 600w, https:\/\/cdn-8.motorsport.com\/images\/mgl\/0Ld594W0\/s700\/gabriel-bortoleto-audi-f1-team.jpg 700w, https:\/\/cdn-8.motorsport.com\/images\/mgl\/0Ld594W0\/s800\/gabriel-bortoleto-audi-f1-team.jpg 800w, https:\/\/cdn-8.motorsport.com\/images\/mgl\/0Ld594W0\/s900\/gabriel-bortoleto-audi-f1-team.jpg 900w, https:\/\/cdn-8.motorsport.com\/images\/mgl\/0Ld594W0\/s1000\/gabriel-bortoleto-audi-f1-team.jpg 1000w, https:\/\/cdn-8.motorsport.com\/images\/mgl\/0Ld594W0\/s1100\/gabriel-bortoleto-audi-f1-team.jpg 1100w, https:\/\/cdn-8.motorsport.com\/images\/mgl\/0Ld594W0\/s1200\/gabriel-bortoleto-audi-f1-team.jpg 1200w\" sizes=\"(min-width:650px) 700px\"\/><img decoding=\"async\" loading=\"lazy\" width=\"700\" height=\"466\" class=\"ms-item__img ms-item__img--3_2 \" src=\"https:\/\/cdn-7.motorsport.com\/images\/mgl\/0Ld594W0\/s700\/gabriel-bortoleto-audi-f1-team.jpg\" alt=\"Gabriel Bortoleto, Audi F1 Team\"\/>\n    <\/picture>\n<\/p><\/div>\n<p>&#13;<br \/>\n&#13;<\/p>\n<h2 class=\"article-fullwidth-gallery_title\">Japanese GP &#8211; Saturday, in photos<\/h2>\n<p>&#13;<br \/>\n                &#13;<br \/>\n                                            <\/a><br \/>\n                                                <a href=\"http:\/\/www.motorsport.com\/f1\/galleries\/japanese-gp-saturday-in-photos\/12357\/#72381252\" class=\"article-fullwidth-gallery_item\" data-name=\"gal-12357-lando-norris-mclaren-72381252\">&#13;<\/p>\n<div class=\"article-fullwidth-gallery_img-wrapper\">\n<picture class=\"ms-item__picture \" data-photo-id=\"72381252\" data-detail-url=\"\/f1\/photos\/lando-norris-mclaren-72381252\/72381252\/\"><source type=\"image\/webp\" srcset=\"https:\/\/cdn-7.motorsport.com\/images\/mgl\/68VW5k92\/s200\/lando-norris-mclaren.webp 200w, https:\/\/cdn-7.motorsport.com\/images\/mgl\/68VW5k92\/s300\/lando-norris-mclaren.webp 300w, https:\/\/cdn-7.motorsport.com\/images\/mgl\/68VW5k92\/s400\/lando-norris-mclaren.webp 400w, https:\/\/cdn-7.motorsport.com\/images\/mgl\/68VW5k92\/s500\/lando-norris-mclaren.webp 500w, https:\/\/cdn-7.motorsport.com\/images\/mgl\/68VW5k92\/s600\/lando-norris-mclaren.webp 600w, https:\/\/cdn-7.motorsport.com\/images\/mgl\/68VW5k92\/s700\/lando-norris-mclaren.webp 700w, https:\/\/cdn-7.motorsport.com\/images\/mgl\/68VW5k92\/s800\/lando-norris-mclaren.webp 800w, https:\/\/cdn-7.motorsport.com\/images\/mgl\/68VW5k92\/s900\/lando-norris-mclaren.webp 900w, https:\/\/cdn-7.motorsport.com\/images\/mgl\/68VW5k92\/s1000\/lando-norris-mclaren.webp 1000w, https:\/\/cdn-7.motorsport.com\/images\/mgl\/68VW5k92\/s1100\/lando-norris-mclaren.webp 1100w, https:\/\/cdn-7.motorsport.com\/images\/mgl\/68VW5k92\/s1200\/lando-norris-mclaren.webp 1200w\" sizes=\"(min-width:650px) 700px\"\/><source type=\"image\/jpeg\" srcset=\"https:\/\/cdn-7.motorsport.com\/images\/mgl\/68VW5k92\/s200\/lando-norris-mclaren.jpg 200w, https:\/\/cdn-7.motorsport.com\/images\/mgl\/68VW5k92\/s300\/lando-norris-mclaren.jpg 300w, https:\/\/cdn-7.motorsport.com\/images\/mgl\/68VW5k92\/s400\/lando-norris-mclaren.jpg 400w, https:\/\/cdn-7.motorsport.com\/images\/mgl\/68VW5k92\/s500\/lando-norris-mclaren.jpg 500w, https:\/\/cdn-7.motorsport.com\/images\/mgl\/68VW5k92\/s600\/lando-norris-mclaren.jpg 600w, https:\/\/cdn-7.motorsport.com\/images\/mgl\/68VW5k92\/s700\/lando-norris-mclaren.jpg 700w, https:\/\/cdn-7.motorsport.com\/images\/mgl\/68VW5k92\/s800\/lando-norris-mclaren.jpg 800w, https:\/\/cdn-7.motorsport.com\/images\/mgl\/68VW5k92\/s900\/lando-norris-mclaren.jpg 900w, https:\/\/cdn-7.motorsport.com\/images\/mgl\/68VW5k92\/s1000\/lando-norris-mclaren.jpg 1000w, https:\/\/cdn-7.motorsport.com\/images\/mgl\/68VW5k92\/s1100\/lando-norris-mclaren.jpg 1100w, https:\/\/cdn-7.motorsport.com\/images\/mgl\/68VW5k92\/s1200\/lando-norris-mclaren.jpg 1200w\" sizes=\"(min-width:650px) 700px\"\/><img decoding=\"async\" loading=\"lazy\" width=\"700\" height=\"466\" class=\"ms-item__img ms-item__img--3_2 \" src=\"https:\/\/cdn-5.motorsport.com\/images\/mgl\/68VW5k92\/s700\/lando-norris-mclaren.jpg\" alt=\"Lando Norris, McLaren\"\/>\n    <\/picture>\n<\/p><\/div>\n<p>&#13;<br \/>\n&#13;<\/p>\n<h2 class=\"article-fullwidth-gallery_title\">Japanese GP &#8211; Saturday, in photos<\/h2>\n<p>&#13;<br \/>\n                &#13;<br \/>\n                                            <\/a><br \/>\n                                                <a href=\"http:\/\/www.motorsport.com\/f1\/galleries\/japanese-gp-saturday-in-photos\/12357\/#72381271\" class=\"article-fullwidth-gallery_item\" data-name=\"gal-12357-andrea-kimi-antonelli-mercedes-72381271\">&#13;<\/p>\n<div class=\"article-fullwidth-gallery_img-wrapper\">\n<picture class=\"ms-item__picture \" data-photo-id=\"72381271\" data-detail-url=\"\/f1\/photos\/andrea-kimi-antonelli-mercedes-72381271\/72381271\/\"><source type=\"image\/webp\" srcset=\"https:\/\/cdn-7.motorsport.com\/images\/mgl\/0mXRxLg6\/s200\/andrea-kimi-antonelli-mercedes.webp 200w, https:\/\/cdn-7.motorsport.com\/images\/mgl\/0mXRxLg6\/s300\/andrea-kimi-antonelli-mercedes.webp 300w, https:\/\/cdn-7.motorsport.com\/images\/mgl\/0mXRxLg6\/s400\/andrea-kimi-antonelli-mercedes.webp 400w, https:\/\/cdn-7.motorsport.com\/images\/mgl\/0mXRxLg6\/s500\/andrea-kimi-antonelli-mercedes.webp 500w, https:\/\/cdn-7.motorsport.com\/images\/mgl\/0mXRxLg6\/s600\/andrea-kimi-antonelli-mercedes.webp 600w, https:\/\/cdn-7.motorsport.com\/images\/mgl\/0mXRxLg6\/s700\/andrea-kimi-antonelli-mercedes.webp 700w, https:\/\/cdn-7.motorsport.com\/images\/mgl\/0mXRxLg6\/s800\/andrea-kimi-antonelli-mercedes.webp 800w, https:\/\/cdn-7.motorsport.com\/images\/mgl\/0mXRxLg6\/s900\/andrea-kimi-antonelli-mercedes.webp 900w, https:\/\/cdn-7.motorsport.com\/images\/mgl\/0mXRxLg6\/s1000\/andrea-kimi-antonelli-mercedes.webp 1000w, https:\/\/cdn-7.motorsport.com\/images\/mgl\/0mXRxLg6\/s1100\/andrea-kimi-antonelli-mercedes.webp 1100w, https:\/\/cdn-7.motorsport.com\/images\/mgl\/0mXRxLg6\/s1200\/andrea-kimi-antonelli-mercedes.webp 1200w\" sizes=\"(min-width:650px) 700px\"\/><source type=\"image\/jpeg\" srcset=\"https:\/\/cdn-7.motorsport.com\/images\/mgl\/0mXRxLg6\/s200\/andrea-kimi-antonelli-mercedes.jpg 200w, https:\/\/cdn-7.motorsport.com\/images\/mgl\/0mXRxLg6\/s300\/andrea-kimi-antonelli-mercedes.jpg 300w, https:\/\/cdn-7.motorsport.com\/images\/mgl\/0mXRxLg6\/s400\/andrea-kimi-antonelli-mercedes.jpg 400w, https:\/\/cdn-7.motorsport.com\/images\/mgl\/0mXRxLg6\/s500\/andrea-kimi-antonelli-mercedes.jpg 500w, https:\/\/cdn-7.motorsport.com\/images\/mgl\/0mXRxLg6\/s600\/andrea-kimi-antonelli-mercedes.jpg 600w, https:\/\/cdn-7.motorsport.com\/images\/mgl\/0mXRxLg6\/s700\/andrea-kimi-antonelli-mercedes.jpg 700w, https:\/\/cdn-7.motorsport.com\/images\/mgl\/0mXRxLg6\/s800\/andrea-kimi-antonelli-mercedes.jpg 800w, https:\/\/cdn-7.motorsport.com\/images\/mgl\/0mXRxLg6\/s900\/andrea-kimi-antonelli-mercedes.jpg 900w, https:\/\/cdn-7.motorsport.com\/images\/mgl\/0mXRxLg6\/s1000\/andrea-kimi-antonelli-mercedes.jpg 1000w, https:\/\/cdn-7.motorsport.com\/images\/mgl\/0mXRxLg6\/s1100\/andrea-kimi-antonelli-mercedes.jpg 1100w, https:\/\/cdn-7.motorsport.com\/images\/mgl\/0mXRxLg6\/s1200\/andrea-kimi-antonelli-mercedes.jpg 1200w\" sizes=\"(min-width:650px) 700px\"\/><img decoding=\"async\" loading=\"lazy\" width=\"700\" height=\"466\" class=\"ms-item__img ms-item__img--3_2 \" src=\"https:\/\/cdn-9.motorsport.com\/images\/mgl\/0mXRxLg6\/s700\/andrea-kimi-antonelli-mercedes.jpg\" alt=\"Andrea Kimi Antonelli, Mercedes\"\/>\n    <\/picture>\n<\/p><\/div>\n<p>&#13;<br \/>\n&#13;<\/p>\n<h2 class=\"article-fullwidth-gallery_title\">Japanese GP &#8211; Saturday, in photos<\/h2>\n<p>&#13;<br \/>\n                &#13;<br \/>\n                                            <\/a><br \/>\n                                                <a href=\"http:\/\/www.motorsport.com\/f1\/galleries\/japanese-gp-saturday-in-photos\/12357\/#72381272\" class=\"article-fullwidth-gallery_item\" data-name=\"gal-12357-andrea-kimi-antonelli-mercedes-72381272\">&#13;<\/p>\n<div class=\"article-fullwidth-gallery_img-wrapper\">\n<picture class=\"ms-item__picture \" data-photo-id=\"72381272\" data-detail-url=\"\/f1\/photos\/andrea-kimi-antonelli-mercedes-72381272\/72381272\/\"><source type=\"image\/webp\" srcset=\"https:\/\/cdn-2.motorsport.com\/images\/mgl\/YN7wjmP6\/s200\/andrea-kimi-antonelli-mercedes.webp 200w, https:\/\/cdn-2.motorsport.com\/images\/mgl\/YN7wjmP6\/s300\/andrea-kimi-antonelli-mercedes.webp 300w, https:\/\/cdn-2.motorsport.com\/images\/mgl\/YN7wjmP6\/s400\/andrea-kimi-antonelli-mercedes.webp 400w, https:\/\/cdn-2.motorsport.com\/images\/mgl\/YN7wjmP6\/s500\/andrea-kimi-antonelli-mercedes.webp 500w, https:\/\/cdn-2.motorsport.com\/images\/mgl\/YN7wjmP6\/s600\/andrea-kimi-antonelli-mercedes.webp 600w, https:\/\/cdn-2.motorsport.com\/images\/mgl\/YN7wjmP6\/s700\/andrea-kimi-antonelli-mercedes.webp 700w, https:\/\/cdn-2.motorsport.com\/images\/mgl\/YN7wjmP6\/s800\/andrea-kimi-antonelli-mercedes.webp 800w, https:\/\/cdn-2.motorsport.com\/images\/mgl\/YN7wjmP6\/s900\/andrea-kimi-antonelli-mercedes.webp 900w, https:\/\/cdn-2.motorsport.com\/images\/mgl\/YN7wjmP6\/s1000\/andrea-kimi-antonelli-mercedes.webp 1000w, https:\/\/cdn-2.motorsport.com\/images\/mgl\/YN7wjmP6\/s1100\/andrea-kimi-antonelli-mercedes.webp 1100w, https:\/\/cdn-2.motorsport.com\/images\/mgl\/YN7wjmP6\/s1200\/andrea-kimi-antonelli-mercedes.webp 1200w\" sizes=\"(min-width:650px) 700px\"\/><source type=\"image\/jpeg\" srcset=\"https:\/\/cdn-2.motorsport.com\/images\/mgl\/YN7wjmP6\/s200\/andrea-kimi-antonelli-mercedes.jpg 200w, https:\/\/cdn-2.motorsport.com\/images\/mgl\/YN7wjmP6\/s300\/andrea-kimi-antonelli-mercedes.jpg 300w, https:\/\/cdn-2.motorsport.com\/images\/mgl\/YN7wjmP6\/s400\/andrea-kimi-antonelli-mercedes.jpg 400w, https:\/\/cdn-2.motorsport.com\/images\/mgl\/YN7wjmP6\/s500\/andrea-kimi-antonelli-mercedes.jpg 500w, https:\/\/cdn-2.motorsport.com\/images\/mgl\/YN7wjmP6\/s600\/andrea-kimi-antonelli-mercedes.jpg 600w, https:\/\/cdn-2.motorsport.com\/images\/mgl\/YN7wjmP6\/s700\/andrea-kimi-antonelli-mercedes.jpg 700w, https:\/\/cdn-2.motorsport.com\/images\/mgl\/YN7wjmP6\/s800\/andrea-kimi-antonelli-mercedes.jpg 800w, https:\/\/cdn-2.motorsport.com\/images\/mgl\/YN7wjmP6\/s900\/andrea-kimi-antonelli-mercedes.jpg 900w, https:\/\/cdn-2.motorsport.com\/images\/mgl\/YN7wjmP6\/s1000\/andrea-kimi-antonelli-mercedes.jpg 1000w, https:\/\/cdn-2.motorsport.com\/images\/mgl\/YN7wjmP6\/s1100\/andrea-kimi-antonelli-mercedes.jpg 1100w, https:\/\/cdn-2.motorsport.com\/images\/mgl\/YN7wjmP6\/s1200\/andrea-kimi-antonelli-mercedes.jpg 1200w\" sizes=\"(min-width:650px) 700px\"\/><img decoding=\"async\" loading=\"lazy\" width=\"700\" height=\"466\" class=\"ms-item__img ms-item__img--3_2 \" src=\"https:\/\/cdn-6.motorsport.com\/images\/mgl\/YN7wjmP6\/s700\/andrea-kimi-antonelli-mercedes.jpg\" alt=\"Andrea Kimi Antonelli, Mercedes\"\/>\n    <\/picture>\n<\/p><\/div>\n<p>&#13;<br \/>\n&#13;<\/p>\n<h2 class=\"article-fullwidth-gallery_title\">Japanese GP &#8211; Saturday, in photos<\/h2>\n<p>&#13;<br \/>\n                &#13;<br \/>\n                                            <\/a><br \/>\n                                                <a href=\"http:\/\/www.motorsport.com\/f1\/galleries\/japanese-gp-saturday-in-photos\/12357\/#72381932\" class=\"article-fullwidth-gallery_item\" data-name=\"gal-12357-george-russell-mercedes-72381932\">&#13;<\/p>\n<div class=\"article-fullwidth-gallery_img-wrapper\">\n<picture class=\"ms-item__picture \" data-photo-id=\"72381932\" data-detail-url=\"\/f1\/photos\/george-russell-mercedes-72381932\/72381932\/\"><source type=\"image\/webp\" srcset=\"https:\/\/cdn-7.motorsport.com\/images\/mgl\/0o5PMlPY\/s200\/george-russell-mercedes.webp 200w, https:\/\/cdn-7.motorsport.com\/images\/mgl\/0o5PMlPY\/s300\/george-russell-mercedes.webp 300w, https:\/\/cdn-7.motorsport.com\/images\/mgl\/0o5PMlPY\/s400\/george-russell-mercedes.webp 400w, https:\/\/cdn-7.motorsport.com\/images\/mgl\/0o5PMlPY\/s500\/george-russell-mercedes.webp 500w, https:\/\/cdn-7.motorsport.com\/images\/mgl\/0o5PMlPY\/s600\/george-russell-mercedes.webp 600w, https:\/\/cdn-7.motorsport.com\/images\/mgl\/0o5PMlPY\/s700\/george-russell-mercedes.webp 700w, https:\/\/cdn-7.motorsport.com\/images\/mgl\/0o5PMlPY\/s800\/george-russell-mercedes.webp 800w, https:\/\/cdn-7.motorsport.com\/images\/mgl\/0o5PMlPY\/s900\/george-russell-mercedes.webp 900w, https:\/\/cdn-7.motorsport.com\/images\/mgl\/0o5PMlPY\/s1000\/george-russell-mercedes.webp 1000w, https:\/\/cdn-7.motorsport.com\/images\/mgl\/0o5PMlPY\/s1100\/george-russell-mercedes.webp 1100w, https:\/\/cdn-7.motorsport.com\/images\/mgl\/0o5PMlPY\/s1200\/george-russell-mercedes.webp 1200w\" sizes=\"(min-width:650px) 700px\"\/><source type=\"image\/jpeg\" srcset=\"https:\/\/cdn-7.motorsport.com\/images\/mgl\/0o5PMlPY\/s200\/george-russell-mercedes.jpg 200w, https:\/\/cdn-7.motorsport.com\/images\/mgl\/0o5PMlPY\/s300\/george-russell-mercedes.jpg 300w, https:\/\/cdn-7.motorsport.com\/images\/mgl\/0o5PMlPY\/s400\/george-russell-mercedes.jpg 400w, https:\/\/cdn-7.motorsport.com\/images\/mgl\/0o5PMlPY\/s500\/george-russell-mercedes.jpg 500w, https:\/\/cdn-7.motorsport.com\/images\/mgl\/0o5PMlPY\/s600\/george-russell-mercedes.jpg 600w, https:\/\/cdn-7.motorsport.com\/images\/mgl\/0o5PMlPY\/s700\/george-russell-mercedes.jpg 700w, https:\/\/cdn-7.motorsport.com\/images\/mgl\/0o5PMlPY\/s800\/george-russell-mercedes.jpg 800w, https:\/\/cdn-7.motorsport.com\/images\/mgl\/0o5PMlPY\/s900\/george-russell-mercedes.jpg 900w, https:\/\/cdn-7.motorsport.com\/images\/mgl\/0o5PMlPY\/s1000\/george-russell-mercedes.jpg 1000w, https:\/\/cdn-7.motorsport.com\/images\/mgl\/0o5PMlPY\/s1100\/george-russell-mercedes.jpg 1100w, https:\/\/cdn-7.motorsport.com\/images\/mgl\/0o5PMlPY\/s1200\/george-russell-mercedes.jpg 1200w\" sizes=\"(min-width:650px) 700px\"\/><img decoding=\"async\" loading=\"lazy\" width=\"700\" height=\"466\" class=\"ms-item__img ms-item__img--3_2 \" src=\"https:\/\/cdn-7.motorsport.com\/images\/mgl\/0o5PMlPY\/s700\/george-russell-mercedes.jpg\" alt=\"George Russell, Mercedes\"\/>\n    <\/picture>\n<\/p><\/div>\n<p>&#13;<br \/>\n&#13;<\/p>\n<h2 class=\"article-fullwidth-gallery_title\">Japanese GP &#8211; Saturday, in photos<\/h2>\n<p>&#13;<br \/>\n                &#13;<br \/>\n                                            <\/a><br \/>\n                                                <a href=\"http:\/\/www.motorsport.com\/f1\/galleries\/japanese-gp-saturday-in-photos\/12357\/#72381960\" class=\"article-fullwidth-gallery_item\" data-name=\"gal-12357-oscar-piastri-mclaren-72381960\">&#13;<\/p>\n<div class=\"article-fullwidth-gallery_img-wrapper\">\n<picture class=\"ms-item__picture \" data-photo-id=\"72381960\" data-detail-url=\"\/f1\/photos\/oscar-piastri-mclaren-72381960\/72381960\/\"><source type=\"image\/webp\" srcset=\"https:\/\/cdn-8.motorsport.com\/images\/mgl\/YpbP7lW0\/s200\/oscar-piastri-mclaren.webp 200w, https:\/\/cdn-8.motorsport.com\/images\/mgl\/YpbP7lW0\/s300\/oscar-piastri-mclaren.webp 300w, https:\/\/cdn-8.motorsport.com\/images\/mgl\/YpbP7lW0\/s400\/oscar-piastri-mclaren.webp 400w, https:\/\/cdn-8.motorsport.com\/images\/mgl\/YpbP7lW0\/s500\/oscar-piastri-mclaren.webp 500w, https:\/\/cdn-8.motorsport.com\/images\/mgl\/YpbP7lW0\/s600\/oscar-piastri-mclaren.webp 600w, https:\/\/cdn-8.motorsport.com\/images\/mgl\/YpbP7lW0\/s700\/oscar-piastri-mclaren.webp 700w, https:\/\/cdn-8.motorsport.com\/images\/mgl\/YpbP7lW0\/s800\/oscar-piastri-mclaren.webp 800w, https:\/\/cdn-8.motorsport.com\/images\/mgl\/YpbP7lW0\/s900\/oscar-piastri-mclaren.webp 900w, https:\/\/cdn-8.motorsport.com\/images\/mgl\/YpbP7lW0\/s1000\/oscar-piastri-mclaren.webp 1000w, https:\/\/cdn-8.motorsport.com\/images\/mgl\/YpbP7lW0\/s1100\/oscar-piastri-mclaren.webp 1100w, https:\/\/cdn-8.motorsport.com\/images\/mgl\/YpbP7lW0\/s1200\/oscar-piastri-mclaren.webp 1200w\" sizes=\"(min-width:650px) 700px\"\/><source type=\"image\/jpeg\" srcset=\"https:\/\/cdn-8.motorsport.com\/images\/mgl\/YpbP7lW0\/s200\/oscar-piastri-mclaren.jpg 200w, https:\/\/cdn-8.motorsport.com\/images\/mgl\/YpbP7lW0\/s300\/oscar-piastri-mclaren.jpg 300w, https:\/\/cdn-8.motorsport.com\/images\/mgl\/YpbP7lW0\/s400\/oscar-piastri-mclaren.jpg 400w, https:\/\/cdn-8.motorsport.com\/images\/mgl\/YpbP7lW0\/s500\/oscar-piastri-mclaren.jpg 500w, https:\/\/cdn-8.motorsport.com\/images\/mgl\/YpbP7lW0\/s600\/oscar-piastri-mclaren.jpg 600w, https:\/\/cdn-8.motorsport.com\/images\/mgl\/YpbP7lW0\/s700\/oscar-piastri-mclaren.jpg 700w, https:\/\/cdn-8.motorsport.com\/images\/mgl\/YpbP7lW0\/s800\/oscar-piastri-mclaren.jpg 800w, https:\/\/cdn-8.motorsport.com\/images\/mgl\/YpbP7lW0\/s900\/oscar-piastri-mclaren.jpg 900w, https:\/\/cdn-8.motorsport.com\/images\/mgl\/YpbP7lW0\/s1000\/oscar-piastri-mclaren.jpg 1000w, https:\/\/cdn-8.motorsport.com\/images\/mgl\/YpbP7lW0\/s1100\/oscar-piastri-mclaren.jpg 1100w, https:\/\/cdn-8.motorsport.com\/images\/mgl\/YpbP7lW0\/s1200\/oscar-piastri-mclaren.jpg 1200w\" sizes=\"(min-width:650px) 700px\"\/><img decoding=\"async\" loading=\"lazy\" width=\"700\" height=\"466\" class=\"ms-item__img ms-item__img--3_2 \" src=\"https:\/\/cdn-2.motorsport.com\/images\/mgl\/YpbP7lW0\/s700\/oscar-piastri-mclaren.jpg\" alt=\"Oscar Piastri, McLaren\"\/>\n    <\/picture>\n<\/p><\/div>\n<p>&#13;<br \/>\n&#13;<\/p>\n<h2 class=\"article-fullwidth-gallery_title\">Japanese GP &#8211; Saturday, in photos<\/h2>\n<p>&#13;<br \/>\n                &#13;<br \/>\n                                            <\/a><br \/>\n                                                <a href=\"http:\/\/www.motorsport.com\/f1\/galleries\/japanese-gp-saturday-in-photos\/12357\/#72381266\" class=\"article-fullwidth-gallery_item\" data-name=\"gal-12357-george-russell-mercedes-andrea-kimi-antonelli-mercedes-72381266\">&#13;<\/p>\n<div class=\"article-fullwidth-gallery_img-wrapper\">\n<picture class=\"ms-item__picture \" data-photo-id=\"72381266\" data-detail-url=\"\/f1\/photos\/george-russell-mercedes-andrea-kimi-antonelli-mercedes-72381266\/72381266\/\"><source type=\"image\/webp\" srcset=\"https:\/\/cdn-7.motorsport.com\/images\/mgl\/YpbP7LW0\/s200\/george-russell-mercedes-andrea.webp 200w, https:\/\/cdn-7.motorsport.com\/images\/mgl\/YpbP7LW0\/s300\/george-russell-mercedes-andrea.webp 300w, https:\/\/cdn-7.motorsport.com\/images\/mgl\/YpbP7LW0\/s400\/george-russell-mercedes-andrea.webp 400w, https:\/\/cdn-7.motorsport.com\/images\/mgl\/YpbP7LW0\/s500\/george-russell-mercedes-andrea.webp 500w, https:\/\/cdn-7.motorsport.com\/images\/mgl\/YpbP7LW0\/s600\/george-russell-mercedes-andrea.webp 600w, https:\/\/cdn-7.motorsport.com\/images\/mgl\/YpbP7LW0\/s700\/george-russell-mercedes-andrea.webp 700w, https:\/\/cdn-7.motorsport.com\/images\/mgl\/YpbP7LW0\/s800\/george-russell-mercedes-andrea.webp 800w, https:\/\/cdn-7.motorsport.com\/images\/mgl\/YpbP7LW0\/s900\/george-russell-mercedes-andrea.webp 900w, https:\/\/cdn-7.motorsport.com\/images\/mgl\/YpbP7LW0\/s1000\/george-russell-mercedes-andrea.webp 1000w, https:\/\/cdn-7.motorsport.com\/images\/mgl\/YpbP7LW0\/s1100\/george-russell-mercedes-andrea.webp 1100w, https:\/\/cdn-7.motorsport.com\/images\/mgl\/YpbP7LW0\/s1200\/george-russell-mercedes-andrea.webp 1200w\" sizes=\"(min-width:650px) 700px\"\/><source type=\"image\/jpeg\" srcset=\"https:\/\/cdn-7.motorsport.com\/images\/mgl\/YpbP7LW0\/s200\/george-russell-mercedes-andrea.jpg 200w, https:\/\/cdn-7.motorsport.com\/images\/mgl\/YpbP7LW0\/s300\/george-russell-mercedes-andrea.jpg 300w, https:\/\/cdn-7.motorsport.com\/images\/mgl\/YpbP7LW0\/s400\/george-russell-mercedes-andrea.jpg 400w, https:\/\/cdn-7.motorsport.com\/images\/mgl\/YpbP7LW0\/s500\/george-russell-mercedes-andrea.jpg 500w, https:\/\/cdn-7.motorsport.com\/images\/mgl\/YpbP7LW0\/s600\/george-russell-mercedes-andrea.jpg 600w, https:\/\/cdn-7.motorsport.com\/images\/mgl\/YpbP7LW0\/s700\/george-russell-mercedes-andrea.jpg 700w, https:\/\/cdn-7.motorsport.com\/images\/mgl\/YpbP7LW0\/s800\/george-russell-mercedes-andrea.jpg 800w, https:\/\/cdn-7.motorsport.com\/images\/mgl\/YpbP7LW0\/s900\/george-russell-mercedes-andrea.jpg 900w, https:\/\/cdn-7.motorsport.com\/images\/mgl\/YpbP7LW0\/s1000\/george-russell-mercedes-andrea.jpg 1000w, https:\/\/cdn-7.motorsport.com\/images\/mgl\/YpbP7LW0\/s1100\/george-russell-mercedes-andrea.jpg 1100w, https:\/\/cdn-7.motorsport.com\/images\/mgl\/YpbP7LW0\/s1200\/george-russell-mercedes-andrea.jpg 1200w\" sizes=\"(min-width:650px) 700px\"\/><img decoding=\"async\" loading=\"lazy\" width=\"700\" height=\"466\" class=\"ms-item__img ms-item__img--3_2 \" src=\"https:\/\/cdn-2.motorsport.com\/images\/mgl\/YpbP7LW0\/s700\/george-russell-mercedes-andrea.jpg\" alt=\"George Russell, Mercedes; Andrea Kimi Antonelli, Mercedes\"\/>\n    <\/picture>\n<\/p><\/div>\n<p>&#13;<br \/>\n&#13;<\/p>\n<h2 class=\"article-fullwidth-gallery_title\">Japanese GP &#8211; Saturday, in photos<\/h2>\n<p>&#13;<br \/>\n                &#13;<br \/>\n                                            <\/a><br \/>\n                                                <a href=\"http:\/\/www.motorsport.com\/f1\/galleries\/japanese-gp-saturday-in-photos\/12357\/#72381269\" class=\"article-fullwidth-gallery_item\" data-name=\"gal-12357-george-russell-mercedes-72381269\">&#13;<\/p>\n<div class=\"article-fullwidth-gallery_img-wrapper\">\n<picture class=\"ms-item__picture \" data-photo-id=\"72381269\" data-detail-url=\"\/f1\/photos\/george-russell-mercedes-72381269\/72381269\/\"><source type=\"image\/webp\" srcset=\"https:\/\/cdn-9.motorsport.com\/images\/mgl\/YMX3R4n2\/s200\/george-russell-mercedes.webp 200w, https:\/\/cdn-9.motorsport.com\/images\/mgl\/YMX3R4n2\/s300\/george-russell-mercedes.webp 300w, https:\/\/cdn-9.motorsport.com\/images\/mgl\/YMX3R4n2\/s400\/george-russell-mercedes.webp 400w, https:\/\/cdn-9.motorsport.com\/images\/mgl\/YMX3R4n2\/s500\/george-russell-mercedes.webp 500w, https:\/\/cdn-9.motorsport.com\/images\/mgl\/YMX3R4n2\/s600\/george-russell-mercedes.webp 600w, https:\/\/cdn-9.motorsport.com\/images\/mgl\/YMX3R4n2\/s700\/george-russell-mercedes.webp 700w, https:\/\/cdn-9.motorsport.com\/images\/mgl\/YMX3R4n2\/s800\/george-russell-mercedes.webp 800w, https:\/\/cdn-9.motorsport.com\/images\/mgl\/YMX3R4n2\/s900\/george-russell-mercedes.webp 900w, https:\/\/cdn-9.motorsport.com\/images\/mgl\/YMX3R4n2\/s1000\/george-russell-mercedes.webp 1000w, https:\/\/cdn-9.motorsport.com\/images\/mgl\/YMX3R4n2\/s1100\/george-russell-mercedes.webp 1100w, https:\/\/cdn-9.motorsport.com\/images\/mgl\/YMX3R4n2\/s1200\/george-russell-mercedes.webp 1200w\" sizes=\"(min-width:650px) 700px\"\/><source type=\"image\/jpeg\" srcset=\"https:\/\/cdn-9.motorsport.com\/images\/mgl\/YMX3R4n2\/s200\/george-russell-mercedes.jpg 200w, https:\/\/cdn-9.motorsport.com\/images\/mgl\/YMX3R4n2\/s300\/george-russell-mercedes.jpg 300w, https:\/\/cdn-9.motorsport.com\/images\/mgl\/YMX3R4n2\/s400\/george-russell-mercedes.jpg 400w, https:\/\/cdn-9.motorsport.com\/images\/mgl\/YMX3R4n2\/s500\/george-russell-mercedes.jpg 500w, https:\/\/cdn-9.motorsport.com\/images\/mgl\/YMX3R4n2\/s600\/george-russell-mercedes.jpg 600w, https:\/\/cdn-9.motorsport.com\/images\/mgl\/YMX3R4n2\/s700\/george-russell-mercedes.jpg 700w, https:\/\/cdn-9.motorsport.com\/images\/mgl\/YMX3R4n2\/s800\/george-russell-mercedes.jpg 800w, https:\/\/cdn-9.motorsport.com\/images\/mgl\/YMX3R4n2\/s900\/george-russell-mercedes.jpg 900w, https:\/\/cdn-9.motorsport.com\/images\/mgl\/YMX3R4n2\/s1000\/george-russell-mercedes.jpg 1000w, https:\/\/cdn-9.motorsport.com\/images\/mgl\/YMX3R4n2\/s1100\/george-russell-mercedes.jpg 1100w, https:\/\/cdn-9.motorsport.com\/images\/mgl\/YMX3R4n2\/s1200\/george-russell-mercedes.jpg 1200w\" sizes=\"(min-width:650px) 700px\"\/><img decoding=\"async\" loading=\"lazy\" width=\"700\" height=\"466\" class=\"ms-item__img ms-item__img--3_2 \" src=\"https:\/\/cdn-2.motorsport.com\/images\/mgl\/YMX3R4n2\/s700\/george-russell-mercedes.jpg\" alt=\"George Russell, Mercedes\"\/>\n    <\/picture>\n<\/p><\/div>\n<p>&#13;<br \/>\n&#13;<\/p>\n<h2 class=\"article-fullwidth-gallery_title\">Japanese GP &#8211; Saturday, in photos<\/h2>\n<p>&#13;<br \/>\n                &#13;<br \/>\n                                            <\/a><br \/>\n                                                <a href=\"http:\/\/www.motorsport.com\/f1\/galleries\/japanese-gp-saturday-in-photos\/12357\/#72381950\" class=\"article-fullwidth-gallery_item\" data-name=\"gal-12357-andrea-kimi-antonelli-mercedes-72381950\">&#13;<\/p>\n<div class=\"article-fullwidth-gallery_img-wrapper\">\n<picture class=\"ms-item__picture \" data-photo-id=\"72381950\" data-detail-url=\"\/f1\/photos\/andrea-kimi-antonelli-mercedes-72381950\/72381950\/\"><source type=\"image\/webp\" srcset=\"https:\/\/cdn-3.motorsport.com\/images\/mgl\/6DGqzj4Y\/s200\/andrea-kimi-antonelli-mercedes.webp 200w, https:\/\/cdn-3.motorsport.com\/images\/mgl\/6DGqzj4Y\/s300\/andrea-kimi-antonelli-mercedes.webp 300w, https:\/\/cdn-3.motorsport.com\/images\/mgl\/6DGqzj4Y\/s400\/andrea-kimi-antonelli-mercedes.webp 400w, https:\/\/cdn-3.motorsport.com\/images\/mgl\/6DGqzj4Y\/s500\/andrea-kimi-antonelli-mercedes.webp 500w, https:\/\/cdn-3.motorsport.com\/images\/mgl\/6DGqzj4Y\/s600\/andrea-kimi-antonelli-mercedes.webp 600w, https:\/\/cdn-3.motorsport.com\/images\/mgl\/6DGqzj4Y\/s700\/andrea-kimi-antonelli-mercedes.webp 700w, https:\/\/cdn-3.motorsport.com\/images\/mgl\/6DGqzj4Y\/s800\/andrea-kimi-antonelli-mercedes.webp 800w, https:\/\/cdn-3.motorsport.com\/images\/mgl\/6DGqzj4Y\/s900\/andrea-kimi-antonelli-mercedes.webp 900w, https:\/\/cdn-3.motorsport.com\/images\/mgl\/6DGqzj4Y\/s1000\/andrea-kimi-antonelli-mercedes.webp 1000w, https:\/\/cdn-3.motorsport.com\/images\/mgl\/6DGqzj4Y\/s1100\/andrea-kimi-antonelli-mercedes.webp 1100w, https:\/\/cdn-3.motorsport.com\/images\/mgl\/6DGqzj4Y\/s1200\/andrea-kimi-antonelli-mercedes.webp 1200w\" sizes=\"(min-width:650px) 700px\"\/><source type=\"image\/jpeg\" srcset=\"https:\/\/cdn-3.motorsport.com\/images\/mgl\/6DGqzj4Y\/s200\/andrea-kimi-antonelli-mercedes.jpg 200w, https:\/\/cdn-3.motorsport.com\/images\/mgl\/6DGqzj4Y\/s300\/andrea-kimi-antonelli-mercedes.jpg 300w, https:\/\/cdn-3.motorsport.com\/images\/mgl\/6DGqzj4Y\/s400\/andrea-kimi-antonelli-mercedes.jpg 400w, https:\/\/cdn-3.motorsport.com\/images\/mgl\/6DGqzj4Y\/s500\/andrea-kimi-antonelli-mercedes.jpg 500w, https:\/\/cdn-3.motorsport.com\/images\/mgl\/6DGqzj4Y\/s600\/andrea-kimi-antonelli-mercedes.jpg 600w, https:\/\/cdn-3.motorsport.com\/images\/mgl\/6DGqzj4Y\/s700\/andrea-kimi-antonelli-mercedes.jpg 700w, https:\/\/cdn-3.motorsport.com\/images\/mgl\/6DGqzj4Y\/s800\/andrea-kimi-antonelli-mercedes.jpg 800w, https:\/\/cdn-3.motorsport.com\/images\/mgl\/6DGqzj4Y\/s900\/andrea-kimi-antonelli-mercedes.jpg 900w, https:\/\/cdn-3.motorsport.com\/images\/mgl\/6DGqzj4Y\/s1000\/andrea-kimi-antonelli-mercedes.jpg 1000w, https:\/\/cdn-3.motorsport.com\/images\/mgl\/6DGqzj4Y\/s1100\/andrea-kimi-antonelli-mercedes.jpg 1100w, https:\/\/cdn-3.motorsport.com\/images\/mgl\/6DGqzj4Y\/s1200\/andrea-kimi-antonelli-mercedes.jpg 1200w\" sizes=\"(min-width:650px) 700px\"\/><img decoding=\"async\" loading=\"lazy\" width=\"700\" height=\"466\" class=\"ms-item__img ms-item__img--3_2 \" src=\"https:\/\/cdn-2.motorsport.com\/images\/mgl\/6DGqzj4Y\/s700\/andrea-kimi-antonelli-mercedes.jpg\" alt=\"Andrea Kimi Antonelli, Mercedes\"\/>\n    <\/picture>\n<\/p><\/div>\n<p>&#13;<br \/>\n&#13;<\/p>\n<h2 class=\"article-fullwidth-gallery_title\">Japanese GP &#8211; Saturday, in photos<\/h2>\n<p>&#13;<br \/>\n                &#13;<br \/>\n                                            <\/a><br \/>\n                                                <a href=\"http:\/\/www.motorsport.com\/f1\/galleries\/japanese-gp-saturday-in-photos\/12357\/#72381934\" class=\"article-fullwidth-gallery_item\" data-name=\"gal-12357-oscar-piastri-mclaren-george-russell-mercedes-andrea-kimi-antonelli-mercedes-72381934\">&#13;<\/p>\n<div class=\"article-fullwidth-gallery_img-wrapper\">\n<picture class=\"ms-item__picture \" data-photo-id=\"72381934\" data-detail-url=\"\/f1\/photos\/oscar-piastri-mclaren-george-russell-mercedes-andrea-kimi-antonelli-mercedes-72381934\/72381934\/\"><source type=\"image\/webp\" srcset=\"https:\/\/cdn-9.motorsport.com\/images\/mgl\/6Al7MyvY\/s200\/oscar-piastri-mclaren-george-r.webp 200w, https:\/\/cdn-9.motorsport.com\/images\/mgl\/6Al7MyvY\/s300\/oscar-piastri-mclaren-george-r.webp 300w, https:\/\/cdn-9.motorsport.com\/images\/mgl\/6Al7MyvY\/s400\/oscar-piastri-mclaren-george-r.webp 400w, https:\/\/cdn-9.motorsport.com\/images\/mgl\/6Al7MyvY\/s500\/oscar-piastri-mclaren-george-r.webp 500w, https:\/\/cdn-9.motorsport.com\/images\/mgl\/6Al7MyvY\/s600\/oscar-piastri-mclaren-george-r.webp 600w, https:\/\/cdn-9.motorsport.com\/images\/mgl\/6Al7MyvY\/s700\/oscar-piastri-mclaren-george-r.webp 700w, https:\/\/cdn-9.motorsport.com\/images\/mgl\/6Al7MyvY\/s800\/oscar-piastri-mclaren-george-r.webp 800w, https:\/\/cdn-9.motorsport.com\/images\/mgl\/6Al7MyvY\/s900\/oscar-piastri-mclaren-george-r.webp 900w, https:\/\/cdn-9.motorsport.com\/images\/mgl\/6Al7MyvY\/s1000\/oscar-piastri-mclaren-george-r.webp 1000w, https:\/\/cdn-9.motorsport.com\/images\/mgl\/6Al7MyvY\/s1100\/oscar-piastri-mclaren-george-r.webp 1100w, https:\/\/cdn-9.motorsport.com\/images\/mgl\/6Al7MyvY\/s1200\/oscar-piastri-mclaren-george-r.webp 1200w\" sizes=\"(min-width:650px) 700px\"\/><source type=\"image\/jpeg\" srcset=\"https:\/\/cdn-9.motorsport.com\/images\/mgl\/6Al7MyvY\/s200\/oscar-piastri-mclaren-george-r.jpg 200w, https:\/\/cdn-9.motorsport.com\/images\/mgl\/6Al7MyvY\/s300\/oscar-piastri-mclaren-george-r.jpg 300w, https:\/\/cdn-9.motorsport.com\/images\/mgl\/6Al7MyvY\/s400\/oscar-piastri-mclaren-george-r.jpg 400w, https:\/\/cdn-9.motorsport.com\/images\/mgl\/6Al7MyvY\/s500\/oscar-piastri-mclaren-george-r.jpg 500w, https:\/\/cdn-9.motorsport.com\/images\/mgl\/6Al7MyvY\/s600\/oscar-piastri-mclaren-george-r.jpg 600w, https:\/\/cdn-9.motorsport.com\/images\/mgl\/6Al7MyvY\/s700\/oscar-piastri-mclaren-george-r.jpg 700w, https:\/\/cdn-9.motorsport.com\/images\/mgl\/6Al7MyvY\/s800\/oscar-piastri-mclaren-george-r.jpg 800w, https:\/\/cdn-9.motorsport.com\/images\/mgl\/6Al7MyvY\/s900\/oscar-piastri-mclaren-george-r.jpg 900w, https:\/\/cdn-9.motorsport.com\/images\/mgl\/6Al7MyvY\/s1000\/oscar-piastri-mclaren-george-r.jpg 1000w, https:\/\/cdn-9.motorsport.com\/images\/mgl\/6Al7MyvY\/s1100\/oscar-piastri-mclaren-george-r.jpg 1100w, https:\/\/cdn-9.motorsport.com\/images\/mgl\/6Al7MyvY\/s1200\/oscar-piastri-mclaren-george-r.jpg 1200w\" sizes=\"(min-width:650px) 700px\"\/><img decoding=\"async\" loading=\"lazy\" width=\"700\" height=\"466\" class=\"ms-item__img ms-item__img--3_2 \" src=\"https:\/\/cdn-1.motorsport.com\/images\/mgl\/6Al7MyvY\/s700\/oscar-piastri-mclaren-george-r.jpg\" alt=\"Oscar Piastri, McLaren, George Russell, Mercedes, Andrea Kimi Antonelli, Mercedes\"\/>\n    <\/picture>\n<\/p><\/div>\n<p>&#13;<br \/>\n&#13;<\/p>\n<h2 class=\"article-fullwidth-gallery_title\">Japanese GP &#8211; Saturday, in photos<\/h2>\n<p>&#13;<br \/>\n                &#13;<br \/>\n                                            <\/a><\/p><\/div>\n<\/div>\n<section class=\"relatedContent\" contenteditable=\"false\" draggable=\"true\" data-widget=\"related-content\" data-widget-size=\"content\" data-params=\"%7B%22type_id%22%3A0%2C%22title_id%22%3A%220_0%22%2C%22items%22%3A%5B%7B%22article_edition_id%22%3A%2210809008%22%2C%22title%22%3A%22Max%20Verstappen%20to%20make%20%E2%80%9Clife%E2%80%9D%20decisions%20as%20his%20discontent%20with%20F1%20grows%22%2C%22alias%22%3A%22max-verstappen-to-make-life-decisions-as-his-discontent-with-f1-grows%22%2C%22front_url%22%3A%22https%3A%2F%2Fwww.motorsport.com%2Ff1%2Fnews%2Fmax-verstappen-to-make-life-decisions-as-his-discontent-with-f1-grows%2F10809008%2F%22%2C%22series%22%3A%22Formula%201%22%2C%22photo%22%3A%22%2F%2Fcdn.motorsport.com%2Fimages%2Famp%2FYBVo7QMY%2Fs2%2Fmax-verstappen-red-bull-racing.jpg%22%7D%2C%7B%22article_edition_id%22%3A%2210808993%22%2C%22title%22%3A%22How%20Antonelli%20put%20three%20tenths%20over%20Russell%20in%20Japan%20F1%20qualifying%22%2C%22alias%22%3A%22how-antonelli-put-three-tenths-over-russell-in-japan-f1-qualifying%22%2C%22front_url%22%3A%22https%3A%2F%2Fwww.motorsport.com%2Ff1%2Fnews%2Fhow-antonelli-put-three-tenths-over-russell-in-japan-f1-qualifying%2F10808993%2F%22%2C%22series%22%3A%22Formula%201%22%2C%22photo%22%3A%22%2F%2Fcdn.motorsport.com%2Fimages%2Famp%2F0mXRxLg6%2Fs2%2Fandrea-kimi-antonelli-mercedes.jpg%22%7D%2C%7B%22article_edition_id%22%3A%2210808991%22%2C%22title%22%3A%22Why%20Honda%20can%E2%80%99t%20solve%20the%20vibration%20issues%20alone%20and%20needs%20help%20from%20Aston%20Martin%22%2C%22alias%22%3A%22why-honda-cant-solve-the-vibration-issues-alone-and-needs-help-from-aston-martin%22%2C%22front_url%22%3A%22https%3A%2F%2Fwww.motorsport.com%2Ff1%2Fnews%2Fwhy-honda-cant-solve-the-vibration-issues-alone-and-needs-help-from-aston-martin%2F10808991%2F%22%2C%22series%22%3A%22Formula%201%22%2C%22photo%22%3A%22%2F%2Fcdn.motorsport.com%2Fimages%2Famp%2F0qgPmG4Y%2Fs2%2Ffernando-alonso-aston-martin-r.jpg%22%7D%2C%7B%22article_edition_id%22%3A%2210808974%22%2C%22title%22%3A%22Red%20Bull%20keen%20to%20clear%20the%20air%20after%20Max%20Verstappen%20incident%20with%20F1%20journalist%22%2C%22alias%22%3A%22red-bull-keen-to-clear-the-air-after-max-verstappen-incident-with-f1-journalist%22%2C%22front_url%22%3A%22https%3A%2F%2Fwww.motorsport.com%2Ff1%2Fnews%2Fred-bull-keen-to-clear-the-air-after-max-verstappen-incident-with-f1-journalist%2F10808974%2F%22%2C%22series%22%3A%22Formula%201%22%2C%22photo%22%3A%22%2F%2Fcdn.motorsport.com%2Fimages%2Famp%2F6x7ZedRY%2Fs2%2Fmax-verstappen-red-bull-racing.jpg%22%7D%5D%7D\"><span class=\"relatedContent__title\">Read Also:<\/span><\/p>\n<\/section>\n<p><msnt-survey-promo class=\"msnt-survey-promo bg-palette-bg-surface2 font-secondary py-3.5 px-4 hidden flex flex-col gap-2 text-palette-fg-soft border border-border-300  \" style=\"border-left-width: 6px;\"><\/p>\n<h2 class=\"text-4.5 leading-5.5 m-0 p-0 font-primary font-bold flex items-center gap-1.5\">\n            <svg class=\"w-6 h-6\" aria-hidden=\"true\">\n                <use xlink:href=\"http:\/\/www.motorsport.com\/design\/dist\/critical\/icons\/sprite-common-11-02a475dce372952dd75699d74da01e0c.svg#speakerphone\"\/>\n            <\/svg><\/p>\n<p>            <span>We want your opinion!<\/span><br \/>\n        <\/h2>\n<div class=\"text-body-lg\">\n<p class=\"mt-auto\">What would you like to see on Motorsport.com?<\/p>\n<p>            <a href=\"#\" class=\"ms-link text-link font-bold\">Take our 5 minute survey.<\/a>\n        <\/div>\n<p class=\"mt-1 text-body\">&#8211; The Motorsport.com Team<\/p>\n<p><\/msnt-survey-promo><\/p><\/div>\n<p><a href=\"https:\/\/www.motorsport.com\/f1\/news\/the-more-you-push-the-slower-you-go-japan-odd-f1-qualifying-explained\/10809046\/\">Fonte do Artigo <\/a><\/p>\n","protected":false},"excerpt":{"rendered":"<p>If qualifying is supposed to be the ultimate test of driver skill and all-out car performance, then F1&#8217;s Saturday afternoons are far removed from that axiom. The 2026 power unit compromises which have yielded some action-packed racing so far have also destroyed the essence of qualifying &#8211; at least for now, as F1 has a [&hellip;]<\/p>\n","protected":false},"author":1,"featured_media":98004,"comment_status":"closed","ping_status":"","sticky":false,"template":"","format":"standard","meta":{"googlesitekit_rrm_CAow2JLhCw:productID":"","_gspb_post_css":"","maa_idioma":"","maa_pais":"","footnotes":""},"categories":[4],"tags":[12157,18573,24235,6011],"class_list":["post-98003","post","type-post","status-publish","format-standard","has-post-thumbnail","hentry","category-brasil","tag-drivers","tag-qualifying","tag-suzuka","tag-upset"],"blocksy_meta":[],"yoast_head":"<!-- This site is optimized with the Yoast SEO Premium plugin v27.6 (Yoast SEO v27.6) - https:\/\/yoast.com\/product\/yoast-seo-premium-wordpress\/ -->\n<title>Why F1 drivers were so upset after Suzuka qualifying - Ubirat\u00e3 Online Not\u00edcias - A realidade ao seu alcance!<\/title>\n<meta name=\"description\" content=\"If qualifying is supposed to be the ultimate test of driver skill and all-out car performance, then F1&#039;s Saturday afternoons are far removed from that\" \/>\n<meta name=\"robots\" content=\"index, follow, max-snippet:-1, max-image-preview:large, max-video-preview:-1\" \/>\n<link rel=\"canonical\" href=\"https:\/\/ubirataonline.com.br\/en\/why-f1-drivers-were-so-upset-after-suzuka-qualifying\/\" \/>\n<meta property=\"og:locale\" content=\"en_US\" \/>\n<meta property=\"og:type\" content=\"article\" \/>\n<meta property=\"og:title\" content=\"Why F1 drivers were so upset after Suzuka qualifying\" \/>\n<meta property=\"og:description\" content=\"If qualifying is supposed to be the ultimate test of driver skill and all-out car performance, then F1&#039;s Saturday afternoons are far removed from that\" \/>\n<meta property=\"og:url\" content=\"https:\/\/ubirataonline.com.br\/en\/why-f1-drivers-were-so-upset-after-suzuka-qualifying\/\" \/>\n<meta property=\"og:site_name\" content=\"Ubirat\u00e3 Online Not\u00edcias - A realidade ao seu alcance!\" \/>\n<meta property=\"article:publisher\" content=\"https:\/\/www.facebook.com\/portalubirataonline\" \/>\n<meta property=\"article:author\" content=\"https:\/\/www.facebook.com\/portalubirataonline\" \/>\n<meta property=\"article:published_time\" content=\"2026-03-29T09:22:49+00:00\" \/>\n<meta property=\"article:modified_time\" content=\"2026-03-29T09:22:52+00:00\" \/>\n<meta property=\"og:image\" content=\"https:\/\/ubirataonline.com.br\/wp-content\/uploads\/2026\/03\/Why-F1-drivers-were-so-upset-after-Suzuka-qualifying.jpg\" \/>\n\t<meta property=\"og:image:width\" content=\"1200\" \/>\n\t<meta property=\"og:image:height\" content=\"799\" \/>\n\t<meta property=\"og:image:type\" content=\"image\/jpeg\" \/>\n<meta name=\"author\" content=\"REDA\u00c7\u00c3O: UBIRAT\u00c3 ONLINE - F\u00c1BIO AUGUSTO CELESTINO\" \/>\n<meta name=\"twitter:card\" content=\"summary_large_image\" \/>\n<meta name=\"twitter:creator\" content=\"@x.com\/ubirataonline\" \/>\n<meta name=\"twitter:site\" content=\"@ubirataonline\" \/>\n<meta name=\"twitter:label1\" content=\"Written by\" \/>\n\t<meta name=\"twitter:data1\" content=\"REDA\u00c7\u00c3O: UBIRAT\u00c3 ONLINE - F\u00c1BIO AUGUSTO CELESTINO\" \/>\n\t<meta name=\"twitter:label2\" content=\"Est. reading time\" \/>\n\t<meta name=\"twitter:data2\" content=\"7 minutes\" \/>\n<script type=\"application\/ld+json\" class=\"yoast-schema-graph\">{\"@context\":\"https:\\\/\\\/schema.org\",\"@graph\":[{\"@type\":\"NewsArticle\",\"@id\":\"https:\\\/\\\/ubirataonline.com.br\\\/why-f1-drivers-were-so-upset-after-suzuka-qualifying\\\/#article\",\"isPartOf\":{\"@id\":\"https:\\\/\\\/ubirataonline.com.br\\\/why-f1-drivers-were-so-upset-after-suzuka-qualifying\\\/\"},\"author\":{\"name\":\"REDA\u00c7\u00c3O: UBIRAT\u00c3 ONLINE - F\u00c1BIO AUGUSTO CELESTINO\",\"@id\":\"https:\\\/\\\/ubirataonline.com.br\\\/#\\\/schema\\\/person\\\/372f87bbd3fdd79b8556b84c98d0bc1c\"},\"headline\":\"Why F1 drivers were so upset after Suzuka qualifying\",\"datePublished\":\"2026-03-29T09:22:49+00:00\",\"dateModified\":\"2026-03-29T09:22:52+00:00\",\"mainEntityOfPage\":{\"@id\":\"https:\\\/\\\/ubirataonline.com.br\\\/why-f1-drivers-were-so-upset-after-suzuka-qualifying\\\/\"},\"wordCount\":1493,\"publisher\":{\"@id\":\"https:\\\/\\\/ubirataonline.com.br\\\/#organization\"},\"image\":{\"@id\":\"https:\\\/\\\/ubirataonline.com.br\\\/why-f1-drivers-were-so-upset-after-suzuka-qualifying\\\/#primaryimage\"},\"thumbnailUrl\":\"https:\\\/\\\/ubirataonline.com.br\\\/wp-content\\\/uploads\\\/2026\\\/03\\\/Why-F1-drivers-were-so-upset-after-Suzuka-qualifying.jpg\",\"keywords\":[\"Drivers\",\"qualifying\",\"Suzuka\",\"Upset\"],\"articleSection\":[\"Brasil\"],\"inLanguage\":\"en-US\",\"copyrightYear\":\"2026\",\"copyrightHolder\":{\"@id\":\"https:\\\/\\\/ubirataonline.com.br\\\/en\\\/#organization\"}},{\"@type\":\"WebPage\",\"@id\":\"https:\\\/\\\/ubirataonline.com.br\\\/why-f1-drivers-were-so-upset-after-suzuka-qualifying\\\/\",\"url\":\"https:\\\/\\\/ubirataonline.com.br\\\/why-f1-drivers-were-so-upset-after-suzuka-qualifying\\\/\",\"name\":\"Why F1 drivers were so upset after Suzuka qualifying - Ubirat\u00e3 Online Not\u00edcias - A realidade ao seu alcance!\",\"isPartOf\":{\"@id\":\"https:\\\/\\\/ubirataonline.com.br\\\/#website\"},\"primaryImageOfPage\":{\"@id\":\"https:\\\/\\\/ubirataonline.com.br\\\/why-f1-drivers-were-so-upset-after-suzuka-qualifying\\\/#primaryimage\"},\"image\":{\"@id\":\"https:\\\/\\\/ubirataonline.com.br\\\/why-f1-drivers-were-so-upset-after-suzuka-qualifying\\\/#primaryimage\"},\"thumbnailUrl\":\"https:\\\/\\\/ubirataonline.com.br\\\/wp-content\\\/uploads\\\/2026\\\/03\\\/Why-F1-drivers-were-so-upset-after-Suzuka-qualifying.jpg\",\"datePublished\":\"2026-03-29T09:22:49+00:00\",\"dateModified\":\"2026-03-29T09:22:52+00:00\",\"description\":\"If qualifying is supposed to be the ultimate test of driver skill and all-out car performance, then F1's Saturday afternoons are far removed from that\",\"breadcrumb\":{\"@id\":\"https:\\\/\\\/ubirataonline.com.br\\\/why-f1-drivers-were-so-upset-after-suzuka-qualifying\\\/#breadcrumb\"},\"inLanguage\":\"en-US\",\"potentialAction\":[{\"@type\":\"ReadAction\",\"target\":[\"https:\\\/\\\/ubirataonline.com.br\\\/why-f1-drivers-were-so-upset-after-suzuka-qualifying\\\/\"]}]},{\"@type\":\"ImageObject\",\"inLanguage\":\"en-US\",\"@id\":\"https:\\\/\\\/ubirataonline.com.br\\\/why-f1-drivers-were-so-upset-after-suzuka-qualifying\\\/#primaryimage\",\"url\":\"https:\\\/\\\/ubirataonline.com.br\\\/wp-content\\\/uploads\\\/2026\\\/03\\\/Why-F1-drivers-were-so-upset-after-Suzuka-qualifying.jpg\",\"contentUrl\":\"https:\\\/\\\/ubirataonline.com.br\\\/wp-content\\\/uploads\\\/2026\\\/03\\\/Why-F1-drivers-were-so-upset-after-Suzuka-qualifying.jpg\",\"width\":1200,\"height\":799,\"caption\":\"Why F1 drivers were so upset after Suzuka qualifying\"},{\"@type\":\"BreadcrumbList\",\"@id\":\"https:\\\/\\\/ubirataonline.com.br\\\/why-f1-drivers-were-so-upset-after-suzuka-qualifying\\\/#breadcrumb\",\"itemListElement\":[{\"@type\":\"ListItem\",\"position\":1,\"name\":\"In\u00edcio\",\"item\":\"https:\\\/\\\/ubirataonline.com.br\\\/\"},{\"@type\":\"ListItem\",\"position\":2,\"name\":\"Why F1 drivers were so upset after Suzuka qualifying\"}]},{\"@type\":\"WebSite\",\"@id\":\"https:\\\/\\\/ubirataonline.com.br\\\/#website\",\"url\":\"https:\\\/\\\/ubirataonline.com.br\\\/\",\"name\":\"Ubirat\u00e3 Online Not\u00edcias\",\"description\":\"Not\u00edcias de Ubirat\u00e3, regi\u00e3o, Brasil e mundo, com informa\u00e7\u00e3o atualizada e compromisso com o leitor.\",\"publisher\":{\"@id\":\"https:\\\/\\\/ubirataonline.com.br\\\/#organization\"},\"alternateName\":\"Ubirat\u00e3 Online\",\"potentialAction\":[{\"@type\":\"SearchAction\",\"target\":{\"@type\":\"EntryPoint\",\"urlTemplate\":\"https:\\\/\\\/ubirataonline.com.br\\\/?s={search_term_string}\"},\"query-input\":{\"@type\":\"PropertyValueSpecification\",\"valueRequired\":true,\"valueName\":\"search_term_string\"}}],\"inLanguage\":\"en-US\"},{\"@type\":[\"Organization\",\"Place\"],\"@id\":\"https:\\\/\\\/ubirataonline.com.br\\\/#organization\",\"name\":\"Ubirat\u00e3 Online Not\u00edcias\",\"alternateName\":\"Ubirat\u00e3 Online\",\"url\":\"https:\\\/\\\/ubirataonline.com.br\\\/\",\"logo\":{\"@id\":\"https:\\\/\\\/ubirataonline.com.br\\\/why-f1-drivers-were-so-upset-after-suzuka-qualifying\\\/#local-main-organization-logo\"},\"image\":{\"@id\":\"https:\\\/\\\/ubirataonline.com.br\\\/why-f1-drivers-were-so-upset-after-suzuka-qualifying\\\/#local-main-organization-logo\"},\"sameAs\":[\"https:\\\/\\\/www.facebook.com\\\/portalubirataonline\",\"https:\\\/\\\/x.com\\\/ubirataonline\",\"https:\\\/\\\/mastodon.social\\\/@ubirataonline\",\"https:\\\/\\\/www.facebook.com\\\/groups\\\/311144672285604\",\"https:\\\/\\\/www.facebook.com\\\/UBTAOnline\",\"https:\\\/\\\/www.instagram.com\\\/portalubirataonline\\\/\",\"https:\\\/\\\/twitter.com\\\/ubirataonline\"],\"description\":\"Somos um portal de not\u00edcias independente, criado em 5 de janeiro de 2009, com o objetivo de informar, conectar e valorizar a nossa comunidade de Ubirat\u00e3 e toda aregi\u00e3o. Com conte\u00fado atualizado, confi\u00e1vel e relevante, o Ubirat\u00e3 Online \u00e9 o seu espa\u00e7o para ficar por dentro dos principais acontecimentos locais, regionais, Brasil, Mundo e de interesse geral. Nosso compromisso \u00e9 com a verdade, a transpar\u00eancia e o respeito ao leitor.\",\"legalName\":\"UBIRATA ONLINE NOT\u00cdCIAS\",\"foundingDate\":\"2009-01-05\",\"numberOfEmployees\":{\"@type\":\"QuantitativeValue\",\"minValue\":\"1\",\"maxValue\":\"10\"},\"publishingPrinciples\":\"https:\\\/\\\/ubirataonline.com.br\\\/faq\\\/\",\"address\":{\"@id\":\"https:\\\/\\\/ubirataonline.com.br\\\/why-f1-drivers-were-so-upset-after-suzuka-qualifying\\\/#local-main-place-address\"},\"geo\":{\"@type\":\"GeoCoordinates\",\"latitude\":\"-24.5361401\",\"longitude\":\"-52.9921776\"},\"telephone\":[\"+5544998308235\"],\"contactPoint\":{\"@type\":\"ContactPoint\",\"email\":\"contato@ubirataonline.com.br\"},\"openingHoursSpecification\":{\"@type\":\"OpeningHoursSpecification\",\"dayOfWeek\":[\"Monday\",\"Tuesday\",\"Wednesday\",\"Thursday\",\"Friday\",\"Saturday\",\"Sunday\"],\"opens\":\"00:00\",\"closes\":\"23:59\"},\"email\":\"contato@ubirataonline.com.br\",\"vatID\":\"47.621.418\\\/0001-80\"},{\"@type\":\"Person\",\"@id\":\"https:\\\/\\\/ubirataonline.com.br\\\/#\\\/schema\\\/person\\\/372f87bbd3fdd79b8556b84c98d0bc1c\",\"name\":\"REDA\u00c7\u00c3O: UBIRAT\u00c3 ONLINE - F\u00c1BIO AUGUSTO CELESTINO\",\"pronouns\":\"Ele\",\"description\":\"Desde 2003 trabalhando com not\u00edcias.\",\"sameAs\":[\"http:\\\/\\\/ubirataoline.com.br\",\"https:\\\/\\\/www.facebook.com\\\/portalubirataonline\",\"https:\\\/\\\/www.instagram.com\\\/ubirataonline_oficial\",\"https:\\\/\\\/x.com\\\/x.com\\\/ubirataonline\"],\"honorificPrefix\":\"Mr.\",\"honorificSuffix\":\"MD\",\"birthDate\":\"1980-06-16\",\"gender\":\"masculino\",\"award\":[\"V\u00e1rios pr\u00eamios de melhor portal da cidade\"],\"jobTitle\":\"Diretor\",\"url\":\"https:\\\/\\\/ubirataonline.com.br\\\/en\\\/author\\\/ubirataonline\\\/\"},{\"@type\":\"PostalAddress\",\"@id\":\"https:\\\/\\\/ubirataonline.com.br\\\/why-f1-drivers-were-so-upset-after-suzuka-qualifying\\\/#local-main-place-address\",\"streetAddress\":\"Rua dos Coqueiros, 104 - Bairro Boa Vista, Rua dos Coqueiros, 104 Bairro Boa Vista\",\"addressLocality\":\"UBIRATA\",\"postalCode\":\"85440-000\",\"addressRegion\":\"PR\",\"addressCountry\":\"BR\"},{\"@type\":\"ImageObject\",\"inLanguage\":\"en-US\",\"@id\":\"https:\\\/\\\/ubirataonline.com.br\\\/why-f1-drivers-were-so-upset-after-suzuka-qualifying\\\/#local-main-organization-logo\",\"url\":\"https:\\\/\\\/ubirataonline.com.br\\\/wp-content\\\/uploads\\\/2026\\\/06\\\/logoubirataonline-1.webp\",\"contentUrl\":\"https:\\\/\\\/ubirataonline.com.br\\\/wp-content\\\/uploads\\\/2026\\\/06\\\/logoubirataonline-1.webp\",\"width\":500,\"height\":500,\"caption\":\"Ubirat\u00e3 Online Not\u00edcias\"}]}<\/script>\n<meta name=\"geo.placename\" content=\"UBIRATA\" \/>\n<meta name=\"geo.position\" content=\"-24.5361401;-52.9921776\" \/>\n<meta name=\"geo.region\" content=\"Brazil\" \/>\n<!-- \/ Yoast SEO Premium plugin. -->","yoast_head_json":{"title":"Why F1 drivers were so upset after Suzuka qualifying - Ubirat\u00e3 Online Not\u00edcias - A realidade ao seu alcance!","description":"If qualifying is supposed to be the ultimate test of driver skill and all-out car performance, then F1's Saturday afternoons are far removed from that","robots":{"index":"index","follow":"follow","max-snippet":"max-snippet:-1","max-image-preview":"max-image-preview:large","max-video-preview":"max-video-preview:-1"},"canonical":"https:\/\/ubirataonline.com.br\/en\/why-f1-drivers-were-so-upset-after-suzuka-qualifying\/","og_locale":"en_US","og_type":"article","og_title":"Why F1 drivers were so upset after Suzuka qualifying","og_description":"If qualifying is supposed to be the ultimate test of driver skill and all-out car performance, then F1's Saturday afternoons are far removed from that","og_url":"https:\/\/ubirataonline.com.br\/en\/why-f1-drivers-were-so-upset-after-suzuka-qualifying\/","og_site_name":"Ubirat\u00e3 Online Not\u00edcias - A realidade ao seu alcance!","article_publisher":"https:\/\/www.facebook.com\/portalubirataonline","article_author":"https:\/\/www.facebook.com\/portalubirataonline","article_published_time":"2026-03-29T09:22:49+00:00","article_modified_time":"2026-03-29T09:22:52+00:00","og_image":[{"width":1200,"height":799,"url":"https:\/\/ubirataonline.com.br\/wp-content\/uploads\/2026\/03\/Why-F1-drivers-were-so-upset-after-Suzuka-qualifying.jpg","type":"image\/jpeg"}],"author":"REDA\u00c7\u00c3O: UBIRAT\u00c3 ONLINE - F\u00c1BIO AUGUSTO CELESTINO","twitter_card":"summary_large_image","twitter_creator":"@x.com\/ubirataonline","twitter_site":"@ubirataonline","twitter_misc":{"Written by":"REDA\u00c7\u00c3O: UBIRAT\u00c3 ONLINE - F\u00c1BIO AUGUSTO CELESTINO","Est. reading time":"7 minutes"},"schema":{"@context":"https:\/\/schema.org","@graph":[{"@type":"NewsArticle","@id":"https:\/\/ubirataonline.com.br\/why-f1-drivers-were-so-upset-after-suzuka-qualifying\/#article","isPartOf":{"@id":"https:\/\/ubirataonline.com.br\/why-f1-drivers-were-so-upset-after-suzuka-qualifying\/"},"author":{"name":"REDA\u00c7\u00c3O: UBIRAT\u00c3 ONLINE - F\u00c1BIO AUGUSTO CELESTINO","@id":"https:\/\/ubirataonline.com.br\/#\/schema\/person\/372f87bbd3fdd79b8556b84c98d0bc1c"},"headline":"Why F1 drivers were so upset after Suzuka qualifying","datePublished":"2026-03-29T09:22:49+00:00","dateModified":"2026-03-29T09:22:52+00:00","mainEntityOfPage":{"@id":"https:\/\/ubirataonline.com.br\/why-f1-drivers-were-so-upset-after-suzuka-qualifying\/"},"wordCount":1493,"publisher":{"@id":"https:\/\/ubirataonline.com.br\/#organization"},"image":{"@id":"https:\/\/ubirataonline.com.br\/why-f1-drivers-were-so-upset-after-suzuka-qualifying\/#primaryimage"},"thumbnailUrl":"https:\/\/ubirataonline.com.br\/wp-content\/uploads\/2026\/03\/Why-F1-drivers-were-so-upset-after-Suzuka-qualifying.jpg","keywords":["Drivers","qualifying","Suzuka","Upset"],"articleSection":["Brasil"],"inLanguage":"en-US","copyrightYear":"2026","copyrightHolder":{"@id":"https:\/\/ubirataonline.com.br\/en\/#organization"}},{"@type":"WebPage","@id":"https:\/\/ubirataonline.com.br\/why-f1-drivers-were-so-upset-after-suzuka-qualifying\/","url":"https:\/\/ubirataonline.com.br\/why-f1-drivers-were-so-upset-after-suzuka-qualifying\/","name":"Why F1 drivers were so upset after Suzuka qualifying - Ubirat\u00e3 Online Not\u00edcias - A realidade ao seu alcance!","isPartOf":{"@id":"https:\/\/ubirataonline.com.br\/#website"},"primaryImageOfPage":{"@id":"https:\/\/ubirataonline.com.br\/why-f1-drivers-were-so-upset-after-suzuka-qualifying\/#primaryimage"},"image":{"@id":"https:\/\/ubirataonline.com.br\/why-f1-drivers-were-so-upset-after-suzuka-qualifying\/#primaryimage"},"thumbnailUrl":"https:\/\/ubirataonline.com.br\/wp-content\/uploads\/2026\/03\/Why-F1-drivers-were-so-upset-after-Suzuka-qualifying.jpg","datePublished":"2026-03-29T09:22:49+00:00","dateModified":"2026-03-29T09:22:52+00:00","description":"If qualifying is supposed to be the ultimate test of driver skill and all-out car performance, then F1's Saturday afternoons are far removed from that","breadcrumb":{"@id":"https:\/\/ubirataonline.com.br\/why-f1-drivers-were-so-upset-after-suzuka-qualifying\/#breadcrumb"},"inLanguage":"en-US","potentialAction":[{"@type":"ReadAction","target":["https:\/\/ubirataonline.com.br\/why-f1-drivers-were-so-upset-after-suzuka-qualifying\/"]}]},{"@type":"ImageObject","inLanguage":"en-US","@id":"https:\/\/ubirataonline.com.br\/why-f1-drivers-were-so-upset-after-suzuka-qualifying\/#primaryimage","url":"https:\/\/ubirataonline.com.br\/wp-content\/uploads\/2026\/03\/Why-F1-drivers-were-so-upset-after-Suzuka-qualifying.jpg","contentUrl":"https:\/\/ubirataonline.com.br\/wp-content\/uploads\/2026\/03\/Why-F1-drivers-were-so-upset-after-Suzuka-qualifying.jpg","width":1200,"height":799,"caption":"Why F1 drivers were so upset after Suzuka qualifying"},{"@type":"BreadcrumbList","@id":"https:\/\/ubirataonline.com.br\/why-f1-drivers-were-so-upset-after-suzuka-qualifying\/#breadcrumb","itemListElement":[{"@type":"ListItem","position":1,"name":"In\u00edcio","item":"https:\/\/ubirataonline.com.br\/"},{"@type":"ListItem","position":2,"name":"Why F1 drivers were so upset after Suzuka qualifying"}]},{"@type":"WebSite","@id":"https:\/\/ubirataonline.com.br\/#website","url":"https:\/\/ubirataonline.com.br\/","name":"Ubirat\u00e3 Online Not\u00edcias","description":"Not\u00edcias de Ubirat\u00e3, regi\u00e3o, Brasil e mundo, com informa\u00e7\u00e3o atualizada e compromisso com o leitor.","publisher":{"@id":"https:\/\/ubirataonline.com.br\/#organization"},"alternateName":"Ubirat\u00e3 Online","potentialAction":[{"@type":"SearchAction","target":{"@type":"EntryPoint","urlTemplate":"https:\/\/ubirataonline.com.br\/?s={search_term_string}"},"query-input":{"@type":"PropertyValueSpecification","valueRequired":true,"valueName":"search_term_string"}}],"inLanguage":"en-US"},{"@type":["Organization","Place"],"@id":"https:\/\/ubirataonline.com.br\/#organization","name":"Ubirat\u00e3 Online Not\u00edcias","alternateName":"Ubirat\u00e3 Online","url":"https:\/\/ubirataonline.com.br\/","logo":{"@id":"https:\/\/ubirataonline.com.br\/why-f1-drivers-were-so-upset-after-suzuka-qualifying\/#local-main-organization-logo"},"image":{"@id":"https:\/\/ubirataonline.com.br\/why-f1-drivers-were-so-upset-after-suzuka-qualifying\/#local-main-organization-logo"},"sameAs":["https:\/\/www.facebook.com\/portalubirataonline","https:\/\/x.com\/ubirataonline","https:\/\/mastodon.social\/@ubirataonline","https:\/\/www.facebook.com\/groups\/311144672285604","https:\/\/www.facebook.com\/UBTAOnline","https:\/\/www.instagram.com\/portalubirataonline\/","https:\/\/twitter.com\/ubirataonline"],"description":"Somos um portal de not\u00edcias independente, criado em 5 de janeiro de 2009, com o objetivo de informar, conectar e valorizar a nossa comunidade de Ubirat\u00e3 e toda aregi\u00e3o. Com conte\u00fado atualizado, confi\u00e1vel e relevante, o Ubirat\u00e3 Online \u00e9 o seu espa\u00e7o para ficar por dentro dos principais acontecimentos locais, regionais, Brasil, Mundo e de interesse geral. Nosso compromisso \u00e9 com a verdade, a transpar\u00eancia e o respeito ao leitor.","legalName":"UBIRATA ONLINE NOT\u00cdCIAS","foundingDate":"2009-01-05","numberOfEmployees":{"@type":"QuantitativeValue","minValue":"1","maxValue":"10"},"publishingPrinciples":"https:\/\/ubirataonline.com.br\/faq\/","address":{"@id":"https:\/\/ubirataonline.com.br\/why-f1-drivers-were-so-upset-after-suzuka-qualifying\/#local-main-place-address"},"geo":{"@type":"GeoCoordinates","latitude":"-24.5361401","longitude":"-52.9921776"},"telephone":["+5544998308235"],"contactPoint":{"@type":"ContactPoint","email":"contato@ubirataonline.com.br"},"openingHoursSpecification":{"@type":"OpeningHoursSpecification","dayOfWeek":["Monday","Tuesday","Wednesday","Thursday","Friday","Saturday","Sunday"],"opens":"00:00","closes":"23:59"},"email":"contato@ubirataonline.com.br","vatID":"47.621.418\/0001-80"},{"@type":"Person","@id":"https:\/\/ubirataonline.com.br\/#\/schema\/person\/372f87bbd3fdd79b8556b84c98d0bc1c","name":"REDA\u00c7\u00c3O: UBIRAT\u00c3 ONLINE - F\u00c1BIO AUGUSTO CELESTINO","pronouns":"Ele","description":"Desde 2003 trabalhando com not\u00edcias.","sameAs":["http:\/\/ubirataoline.com.br","https:\/\/www.facebook.com\/portalubirataonline","https:\/\/www.instagram.com\/ubirataonline_oficial","https:\/\/x.com\/x.com\/ubirataonline"],"honorificPrefix":"Mr.","honorificSuffix":"MD","birthDate":"1980-06-16","gender":"masculino","award":["V\u00e1rios pr\u00eamios de melhor portal da cidade"],"jobTitle":"Diretor","url":"https:\/\/ubirataonline.com.br\/en\/author\/ubirataonline\/"},{"@type":"PostalAddress","@id":"https:\/\/ubirataonline.com.br\/why-f1-drivers-were-so-upset-after-suzuka-qualifying\/#local-main-place-address","streetAddress":"Rua dos Coqueiros, 104 - Bairro Boa Vista, Rua dos Coqueiros, 104 Bairro Boa Vista","addressLocality":"UBIRATA","postalCode":"85440-000","addressRegion":"PR","addressCountry":"BR"},{"@type":"ImageObject","inLanguage":"en-US","@id":"https:\/\/ubirataonline.com.br\/why-f1-drivers-were-so-upset-after-suzuka-qualifying\/#local-main-organization-logo","url":"https:\/\/ubirataonline.com.br\/wp-content\/uploads\/2026\/06\/logoubirataonline-1.webp","contentUrl":"https:\/\/ubirataonline.com.br\/wp-content\/uploads\/2026\/06\/logoubirataonline-1.webp","width":500,"height":500,"caption":"Ubirat\u00e3 Online Not\u00edcias"}]},"geo.placename":"UBIRATA","geo.position":{"lat":"-24.5361401","long":"-52.9921776"},"geo.region":"Brazil"},"_links":{"self":[{"href":"https:\/\/ubirataonline.com.br\/en\/wp-json\/wp\/v2\/posts\/98003","targetHints":{"allow":["GET"]}}],"collection":[{"href":"https:\/\/ubirataonline.com.br\/en\/wp-json\/wp\/v2\/posts"}],"about":[{"href":"https:\/\/ubirataonline.com.br\/en\/wp-json\/wp\/v2\/types\/post"}],"author":[{"embeddable":true,"href":"https:\/\/ubirataonline.com.br\/en\/wp-json\/wp\/v2\/users\/1"}],"replies":[{"embeddable":true,"href":"https:\/\/ubirataonline.com.br\/en\/wp-json\/wp\/v2\/comments?post=98003"}],"version-history":[{"count":0,"href":"https:\/\/ubirataonline.com.br\/en\/wp-json\/wp\/v2\/posts\/98003\/revisions"}],"wp:featuredmedia":[{"embeddable":true,"href":"https:\/\/ubirataonline.com.br\/en\/wp-json\/wp\/v2\/media\/98004"}],"wp:attachment":[{"href":"https:\/\/ubirataonline.com.br\/en\/wp-json\/wp\/v2\/media?parent=98003"}],"wp:term":[{"taxonomy":"category","embeddable":true,"href":"https:\/\/ubirataonline.com.br\/en\/wp-json\/wp\/v2\/categories?post=98003"},{"taxonomy":"post_tag","embeddable":true,"href":"https:\/\/ubirataonline.com.br\/en\/wp-json\/wp\/v2\/tags?post=98003"}],"curies":[{"name":"wp","href":"https:\/\/api.w.org\/{rel}","templated":true}]}}