{"id":98010,"date":"2026-03-29T07:23:54","date_gmt":"2026-03-29T10:23:54","guid":{"rendered":"https:\/\/ubirataonline.com.br\/sence-abre-postulaciones-a-cursos-gratuitos-en-puerto-natales-con-cupos-limitados\/"},"modified":"2026-03-29T07:23:57","modified_gmt":"2026-03-29T10:23:57","slug":"sence-abre-postulaciones-a-cursos-gratuitos-en-puerto-natales-con-cupos-limitados","status":"publish","type":"post","link":"https:\/\/ubirataonline.com.br\/en\/sence-abre-postulaciones-a-cursos-gratuitos-en-puerto-natales-con-cupos-limitados\/","title":{"rendered":"SENCE ABRE POSTULACIONES A CURSOS GRATUITOS EN PUERTO NATALES CON CUPOS LIMITADOS"},"content":{"rendered":"<p><\/p>\n<div>\n<p>El Servicio Nacional de Capacitaci\u00f3n y Empleo (SENCE) abri\u00f3 postulaciones a dos cursos gratuitos dirigidos a la comunidad de Puerto Natales, con el objetivo de fortalecer habilidades y facilitar el acceso al mundo laboral. La iniciativa es gestionada por el Consejo Regional de Capacitaci\u00f3n y cuenta con cupos limitados.<\/p>\n<p>Las capacitaciones disponibles son \u201cActividades de cuidados integrados y sociosanitarios para personas mayores con dependencia leve a moderada\u201d y \u201cLabores de soporte en instalaciones sanitarias\u201d, ambas orientadas a entregar herramientas pr\u00e1cticas en \u00e1reas con demanda laboral.<\/p>\n<p>Para postular, las personas interesadas deben ingresar a los sitios web <a rel=\"noopener\" href=\"http:\/\/www.sence.cl\" alt=\"www.sence.cl\" class=\"on\">www.sence.cl<\/a>\u00a0o <a rel=\"noopener\" href=\"http:\/\/www.eligemejor.cl\" alt=\"www.eligemejor.cl\">www.eligemejor.cl<\/a>, utilizando su Clave \u00danica vigente. Entre los requisitos se considera ser mayor de edad y contar con Registro Social de Hogares (RSH) dentro del 80%.<\/p>\n<p>El programa contempla beneficios como un subsidio diario y un subsidio de cuidados, destinado a quienes tengan a su cargo ni\u00f1os menores de seis a\u00f1os o personas mayores con dependencia, facilitando as\u00ed la participaci\u00f3n en los cursos.<\/p>\n<p>Cada capacitaci\u00f3n cuenta con solo 15 cupos disponibles, por lo que el llamado es a postular con anticipaci\u00f3n. <\/p>\n<p>\u200b<\/p>\n<\/div>\n<p><script id=\"__NEXT_DATA__\" type=\"application\/json\">{\"props\":{\"pageProps\":{\"data\":{\"settings\":{\"tenant\":{\"id\":\"658d9f90f0909def6c18fa2c\",\"name\":\"Radiopolar.com\",\"url\":\"www.radiopolar.com\"},\"commonRoutes\":[{\"routeType\":\"home\",\"slug\":\"https:\/\/www.radiopolar.com\/\"}],\"lastPosts\":[{\"title\":\"INICIO DEL A\u00d1O ESCOLAR: C\u00d3MO PREVENIR LESIONES Y RIESGOS INNECESARIOS EN LA ELECCI\u00d3N DE ZAPATOS Y MOCHILAS\",\"slug\":\"\/inicio-ano-escolar-prevenir-lesiones-riesgos-innecesarios-eleccion-zapatos-mochilas\",\"image\":{\"publicUrl\":\"https:\/\/s3-mspro.nyc3.digitaloceanspaces.com\/tenant\/658d9f90f0909def6c18fa2c\/mediaLibrary\/photo\/a78cbcd0-2543-425c-8c62-8b4e4efe5972.jpg\",\"privatePhotoUrlWithoutExtension\":\"tenant\/658d9f90f0909def6c18fa2c\/mediaLibrary\/photo\/a78cbcd0-2543-425c-8c62-8b4e4efe5972\",\"privatePhotoUrl\":\"tenant\/658d9f90f0909def6c18fa2c\/mediaLibrary\/photo\/a78cbcd0-2543-425c-8c62-8b4e4efe5972-medium-standard-q100.jpg?v=1772027264\",\"photoExtension\":\"jpg?v=1772027264\",\"name\":\"Eleccio\u0301n mochila y zapatos\",\"photoVersion\":4,\"type\":\"image\"},\"primaryCategory\":{\"id\":\"658da61b787b5fb6c8a09818\",\"name\":\"Noticias\",\"categoryName\":\"Noticias\",\"slug\":\"\/category\/noticias\"},\"keywords\":[\"prevenir\",\"lesiones\",\"ni\u00f1os\"],\"dateUpdated\":\"2026-02-25 10:48:02\",\"datePublished\":\"2026-02-25 13:00:00\",\"primaryAuthor\":{\"slug\":\"\/author\/prensa-radio-polar\",\"name\":\"Prensa Radio Polar\"}},{\"title\":\"RESCATAN A TURISTA CHILENO CON POSIBLE APENDICITIS EN SECTOR LOS CUERNOS DE TORRES DEL PAINE\",\"slug\":\"\/rescatan-turista-chileno-apendicitis-sector-cuernos-torres-paine\",\"image\":{\"publicUrl\":\"https:\/\/s3-mspro.nyc3.digitaloceanspaces.com\/tenant\/658d9f90f0909def6c18fa2c\/mediaLibrary\/photo\/e1ac5708-3fb5-4bbf-b492-a95a2355c184.jpeg\",\"privatePhotoUrlWithoutExtension\":\"tenant\/658d9f90f0909def6c18fa2c\/mediaLibrary\/photo\/e1ac5708-3fb5-4bbf-b492-a95a2355c184\",\"privatePhotoUrl\":\"tenant\/658d9f90f0909def6c18fa2c\/mediaLibrary\/photo\/e1ac5708-3fb5-4bbf-b492-a95a2355c184-medium-standard-q100.jpeg?v=1772034216\",\"photoExtension\":\"jpeg?v=1772034216\",\"name\":\"rescate turista\",\"photoVersion\":4,\"type\":\"image\"},\"primaryCategory\":{\"id\":\"658da61b787b5fb6c8a09818\",\"name\":\"Noticias\",\"categoryName\":\"Noticias\",\"slug\":\"\/category\/noticias\"},\"keywords\":[\"rescatan\",\"turista\",\"apendicitis\"],\"dateUpdated\":\"2026-02-25 12:43:41\",\"datePublished\":\"2026-02-25 12:37:00\",\"primaryAuthor\":{\"slug\":\"\/author\/prensa-radio-polar\",\"name\":\"Prensa Radio Polar\"}},{\"title\":\"ASOCIACI\u00d3N NACIONAL DE COOPERATIVAS DE CHILE SE PRESENT\u00d3 FORMALMENTE A LA ADMINISTRACI\u00d3N DEL PRESIDENTE JOS\u00c9 ANTONIO KAST\",\"slug\":\"\/asociacion-nacional-cooperativas-chile-presento-formalmente-administracion-presidente-jose-antonio-kast\",\"image\":{\"publicUrl\":\"https:\/\/s3-mspro.nyc3.digitaloceanspaces.com\/tenant\/658d9f90f0909def6c18fa2c\/mediaLibrary\/photo\/5e36d0e4-81e0-4972-8b81-760ef9c47541.jpeg\",\"privatePhotoUrlWithoutExtension\":\"tenant\/658d9f90f0909def6c18fa2c\/mediaLibrary\/photo\/5e36d0e4-81e0-4972-8b81-760ef9c47541\",\"privatePhotoUrl\":\"tenant\/658d9f90f0909def6c18fa2c\/mediaLibrary\/photo\/5e36d0e4-81e0-4972-8b81-760ef9c47541-medium-standard-q100.jpeg?v=1772025972\",\"photoExtension\":\"jpeg?v=1772025972\",\"name\":\"FOTO ANCCH - OPE\",\"photoVersion\":4,\"type\":\"image\"},\"primaryCategory\":{\"id\":\"658da61b787b5fb6c8a09818\",\"name\":\"Noticias\",\"categoryName\":\"Noticias\",\"slug\":\"\/category\/noticias\"},\"keywords\":[\"cooperativas\",\"asociacion\",\"kast\"],\"dateUpdated\":\"2026-02-25 10:26:15\",\"datePublished\":\"2026-02-25 12:00:00\",\"primaryAuthor\":{\"slug\":\"\/author\/prensa-radio-polar\",\"name\":\"Prensa Radio Polar\"}},{\"title\":\"COLUMNA DE OPINI\u00d3N | LA ONU SE CAE A PEDAZOS\",\"slug\":\"\/columna-opinion-onu-cae-pedazos\",\"image\":{\"publicUrl\":\"https:\/\/s3-mspro.nyc3.digitaloceanspaces.com\/tenant\/658d9f90f0909def6c18fa2c\/mediaLibrary\/photo\/540db847-0a82-407d-8af2-1c45f0af1f9a.jpeg\",\"privatePhotoUrlWithoutExtension\":\"tenant\/658d9f90f0909def6c18fa2c\/mediaLibrary\/photo\/540db847-0a82-407d-8af2-1c45f0af1f9a\",\"privatePhotoUrl\":\"tenant\/658d9f90f0909def6c18fa2c\/mediaLibrary\/photo\/540db847-0a82-407d-8af2-1c45f0af1f9a-medium-standard-q100.jpeg?v=1772024798\",\"photoExtension\":\"jpeg?v=1772024798\",\"name\":\"andres montero j\",\"photoVersion\":4,\"type\":\"image\"},\"primaryCategory\":{\"id\":\"658da61b787b5fb6c8a09818\",\"name\":\"Noticias\",\"categoryName\":\"Noticias\",\"slug\":\"\/category\/noticias\"},\"keywords\":[\"columna\",\"onu\",\"pedazos\"],\"datePublished\":\"2026-02-25 11:00:00\",\"primaryAuthor\":{\"slug\":\"\/author\/prensa-radio-polar\",\"name\":\"Prensa Radio Polar\"}},{\"title\":\"BASE JULIO ESCUDERO FORTALECE SU OPERACI\u00d3N INVERNAL CON MEJORAS ESTRUCTURALES EN ANT\u00c1RTICA\",\"slug\":\"\/base-julio-escudero-fortalece-operacion-invernal-mejoras-estructurales-antartica\",\"image\":{\"publicUrl\":\"https:\/\/s3-mspro.nyc3.digitaloceanspaces.com\/tenant\/658d9f90f0909def6c18fa2c\/mediaLibrary\/photo\/ea6dec39-a7f5-426b-9f87-5be7003a367f.JPG\",\"privatePhotoUrlWithoutExtension\":\"tenant\/658d9f90f0909def6c18fa2c\/mediaLibrary\/photo\/ea6dec39-a7f5-426b-9f87-5be7003a367f\",\"privatePhotoUrl\":\"tenant\/658d9f90f0909def6c18fa2c\/mediaLibrary\/photo\/ea6dec39-a7f5-426b-9f87-5be7003a367f-medium-standard-q100.jpg?v=1771982142\",\"photoExtension\":\"jpg?v=1771982142\",\"name\":\"base julio escudero\",\"photoVersion\":4,\"type\":\"image\"},\"primaryCategory\":{\"id\":\"658da61b787b5fb6c8a09818\",\"name\":\"Noticias\",\"categoryName\":\"Noticias\",\"slug\":\"\/category\/noticias\"},\"keywords\":[\"base\",\"escudero\",\"antartica\"],\"dateUpdated\":\"2026-02-24 22:16:09\",\"datePublished\":\"2026-02-25 10:00:00\",\"primaryAuthor\":{\"slug\":\"\/author\/prensa-radio-polar\",\"name\":\"Prensa Radio Polar\"}}],\"widgetsPlayerAudio\":[{\"active\":true,\"serverIcecastUrl\":\"https:\/\/radiopolar.giize.com\/listen\/radio_polar\/polar_radio\",\"id\":\"68e7f95bde39a7b07780d405\",\"name\":\"Radiopolar\",\"url\":\"https:\/\/radiopolar.giize.com\/listen\/radio_polar\/radio.mp3\",\"disableInMobileRouteType\":[\"home\",\"page\",\"post\"]}],\"widgetsPlayerVideo\":[{\"active\":true,\"id\":\"65980f30593b0a2278c1595b\",\"name\":\"PolarTV en vivo\",\"url\":\"https:\/\/polartv.webredirect.org\/memfs\/319ac83c-e602-4e91-8104-2b5501380b5e.m3u8\",\"disableInMobileRouteType\":[\"post\",\"page\",\"category\",\"tag\",\"author\",\"home\",\"custom\"]}],\"widgetsPlayerAudioTree\":[{\"id\":\"68e7f95bde39a7b07780d405\"}],\"widgetsPlayerVideoTree\":[{\"id\":\"65980f30593b0a2278c1595b\"}],\"googleAnalyticsUA\":\"6974988437\",\"googleAnalytics4\":\"G-NV9PWXH1QW\",\"siteConfig\":{\"seo\":{\"siteName\":\"Polar Comunicaciones\",\"title\":\"Radio Polar | Polar Comunicaciones | Regi\u00f3n de Magallanes\",\"description\":\"Radio Polar de Polar Comunicaciones. Somos el medio de comunicaci\u00f3n multiplataforma de la Patagonia Chileno-Argentina donde encontrar\u00e1s noticias y actualidad.\",\"logo\":{\"publicUrl\":\"https:\/\/s3-mspro.nyc3.digitaloceanspaces.com\/tenant\/658d9f90f0909def6c18fa2c\/mediaLibrary\/photo\/0d48ec9d-a119-4787-8781-70de66845b73-medium-standard-q100.png\",\"privatePhotoUrlWithoutExtension\":\"tenant\/658d9f90f0909def6c18fa2c\/mediaLibrary\/photo\/0d48ec9d-a119-4787-8781-70de66845b73\",\"privatePhotoUrl\":\"tenant\/658d9f90f0909def6c18fa2c\/mediaLibrary\/photo\/0d48ec9d-a119-4787-8781-70de66845b73-medium-standard-q100.png\",\"photoExtension\":\"png\",\"type\":\"image\",\"name\":\"0d48ec9d-a119-4787-8781-70de66845b73-medium-standard-q100.png\",\"updatedAt\":\"2023-12-28T16:45:14.571Z\",\"photoVersion\":4},\"logoFooter\":{\"publicUrl\":\"https:\/\/s3-mspro.nyc3.digitaloceanspaces.com\/tenant\/658d9f90f0909def6c18fa2c\/mediaLibrary\/photo\/6727d2bd-4e53-43d3-9222-b0c09880bbe3.png\",\"privatePhotoUrlWithoutExtension\":\"tenant\/658d9f90f0909def6c18fa2c\/mediaLibrary\/photo\/6727d2bd-4e53-43d3-9222-b0c09880bbe3\",\"privatePhotoUrl\":\"tenant\/658d9f90f0909def6c18fa2c\/mediaLibrary\/photo\/6727d2bd-4e53-43d3-9222-b0c09880bbe3-medium-standard-q100.png?v=1705065757\",\"photoExtension\":\"png?v=1705065757\",\"type\":\"image\",\"name\":\"logobn (1)\",\"updatedAt\":\"2024-01-12T13:22:37.426Z\",\"photoVersion\":4},\"favicon\":{\"publicUrl\":\"https:\/\/s3-mspro.nyc3.digitaloceanspaces.com\/tenant\/658d9f90f0909def6c18fa2c\/mediaLibrary\/photo\/0e1d84e7-e4c4-46d6-b306-59b6ff547da9.png\",\"privatePhotoUrlWithoutExtension\":\"tenant\/658d9f90f0909def6c18fa2c\/mediaLibrary\/photo\/0e1d84e7-e4c4-46d6-b306-59b6ff547da9\",\"privatePhotoUrl\":\"tenant\/658d9f90f0909def6c18fa2c\/mediaLibrary\/photo\/0e1d84e7-e4c4-46d6-b306-59b6ff547da9-medium-standard-q100.png?v=1710117540\",\"photoExtension\":\"png?v=1710117540\",\"type\":\"image\",\"name\":\"favicon\",\"updatedAt\":\"2024-03-11T00:39:00.339Z\",\"photoVersion\":4},\"keywords\":[\"polar\",\"comunicaciones\",\"radio\"],\"legalName\":\"Polar Comunicaciones\",\"themeColor\":\"#991b1aff\",\"author\":\"MSPress\",\"slogan\":\"Somos el medio de comunicaci\u00f3n multiplataforma de la Patagonia Chileno-Argentina\"},\"secondaryDomains\":{\"enabled\":true,\"domains\":\"radiopolar.cms-mspress.com\"},\"info\":{\"email\":\"secretaria@radiopolar.com\",\"phoneNumber\":56612241417,\"whatsapp\":\"56993453426\",\"locationGoogle\":\"Punta Arenas, Magallanes y la Ant\u00e1rtica Chilena, Chile\",\"latitude\":-53.1633845,\"longitude\":-70.9078263,\"geocode\":{\"city\":\"Punta Arenas\"}},\"socials\":{\"facebookUrl\":\"https:\/\/web.facebook.com\/radiopolar\",\"facebookUser\":\"radiopolar\",\"facebookPage\":\"https:\/\/web.facebook.com\/radiopolar\",\"instagramUrl\":\"https:\/\/www.instagram.com\/polarcomunicaciones\/\",\"instagramUser\":\"polarcomunicaciones\",\"twitterUrl\":\"https:\/\/twitter.com\/RadioPolar\",\"twitterUser\":\"@RadioPolar\",\"youtubeUrl\":\"https:\/\/www.youtube.com\/polarcomunicaciones\"},\"officeExperience\":{\"disableCustomizePostFormView\":true,\"defaultPostFormView\":\"Two\"},\"timeZone\":\"America\/Punta_Arenas\",\"preload\":{\"enabled\":true,\"routes\":[{\"id\":\"662ab50be298f881f009f753\",\"label\":\"\/polar-tv\"},{\"id\":\"65d010c01a9b013dd41d8f7e\",\"label\":\"\/nuestra-programacion\"},{\"id\":\"65d010911a9b017c921d8f7c\",\"label\":\"https:\/\/www.radiopolar.com\/podcast\"},{\"id\":\"65d00f0e1a9b0197441d8f74\",\"label\":\"\/quienes-somos\"}]}},\"paletteThemeMui\":{\"palette\":{\"primary\":{\"light\":\"#e3f2fd\",\"main\":\"#b91d1bff\",\"dark\":\"#42a5f5\"},\"secondary\":{\"light\":\"#f3e5f5\",\"main\":\"#e5e7ebff\",\"dark\":\"#ab47bc\"},\"primaryTitle\":{\"light\":\"#ffffff\",\"main\":\"#000000ff\",\"dark\":\"#ffffff\"},\"secondaryTitle\":{\"light\":\"#ffffff\",\"main\":\"#555555ff\",\"dark\":\"#ffffff\"},\"error\":{\"light\":\"#e57373\",\"main\":\"#ffffffff\",\"dark\":\"#d32f2f\"},\"warning\":{\"light\":\"#ffb74d\",\"main\":\"#ff6900ff\",\"dark\":\"#f57c00\"},\"info\":{\"light\":\"#4fc3f7\",\"main\":\"#334155ff\",\"dark\":\"#0288d1\"},\"success\":{\"light\":\"#81c784\",\"main\":\"#ddddddff\",\"dark\":\"#388e3c\"}}},\"gaPageView\":true,\"fontPalette\":{\"Primary\":\"Merriweather\",\"Secondary\":\"Lato\",\"Corporate\":\"Lato\",\"Heading\":\"Merriweather\",\"SubHeading\":\"Lato\",\"Body\":\"Merriweather\",\"Caption\":\"Merriweather\"}},\"template\":{\"tenantName\":\"Radiopolar.com\",\"tenantUrl\":\"www.radiopolar.com\",\"name\":\"Entrada\",\"createdAt\":\"2023-12-28\",\"updatedAt\":\"2025-11-16\",\"category\":\"post\",\"id\":\"658da038f0909d044918fa3a\",\"content\":[{\"id\":\"65981460593b0a0602c15ae8\",\"name\":\"Seccion Header\",\"active\":true,\"containers\":[{\"id\":\"65980a0f593b0a2073c156e7\",\"name\":\"Contenedor Header Menu\",\"active\":true,\"renderAs\":\"server\",\"gridCols\":{\"lg\":100,\"md\":100,\"xs\":100,\"daily\":100},\"content\":{\"layouts\":{\"lg\":[{\"i\":\"2969839c-513f-4ec3-b93b-570ca3435521\",\"x\":0,\"y\":0,\"w\":100,\"h\":17,\"id\":\"65980161593b0a3244c152a0\",\"name\":\"Componente Header \/ Menu\",\"gridCols\":100,\"type\":\"component\",\"data\":{\"displayConfig\":{\"isForm\":true,\"formType\":\"default\",\"formRedirect\":true,\"formRedirectUrl\":\"\/buscar\"},\"customConfig\":{\"lg\":{\"box-c3c9f012-187d-4dc3-9d26-9565f7b1bbd5Config\":{\"changeWidget\":\"box\",\"backgroundColor\":\"primary\"},\"box-c3c9f012-187d-4dc3-9d26-9565f7b1bbd5LayerOne\":{\"enabled\":true},\"typography-b67efd12-e536-4276-9d9d-8661cfe51e2aConfig\":{\"changeWidget\":\"typography\",\"fontFamily\":\"Corporate\",\"fontSize\":1.2,\"lineHeight\":\"1\",\"alignContent\":\"left\",\"color\":\"error\",\"customTitle\":\"Punta Arenas,\",\"fontWeight\":\"300\"},\"typography-b67efd12-e536-4276-9d9d-8661cfe51e2aLayerOne\":{\"enabled\":true},\"typography-b67efd12-e536-4276-9d9d-8661cfe51e2aLayerTwo\":{\"enabled\":true},\"typography-acac9cca-3020-4e69-b8b8-60a05ebe72f5LayerOne\":{\"enabled\":true},\"typography-acac9cca-3020-4e69-b8b8-60a05ebe72f5LayerTwo\":{\"enabled\":true},\"typography-acac9cca-3020-4e69-b8b8-60a05ebe72f5Config\":{\"changeWidget\":\"typography\",\"fontFamily\":\"Corporate\",\"fontSize\":1.2,\"lineHeight\":\"1\",\"alignContent\":\"left\",\"color\":\"error\",\"openType\":\"dateTime\",\"formatDate\":\"LLLL\",\"dateTimeRealTime\":true,\"fontWeight\":\"300\"},\"avatar-178d6eef-b573-4443-80e7-f3a3d5614722Config\":{\"changeWidget\":\"avatar\",\"avatarObjectFit\":\"contain\",\"openType\":\"url\",\"customUrl\":\"https:\/\/www.radiopolar.com\/\"},\"avatar-178d6eef-b573-4443-80e7-f3a3d5614722AttributeFill\":{\"fillOption\":\"setting\",\"attributeFill\":[{\"title\":\"logo\",\"canDelete\":true}]},\"divider-46e0ca7a-3fe6-40f3-82bd-d2f681880122Config\":{\"changeWidget\":\"divider\",\"backgroundColor\":\"primary\",\"width\":0.1},\"divider-46e0ca7a-3fe6-40f3-82bd-d2f681880122LayerOne\":{\"enabled\":true},\"icon-254c29f0-cefe-4760-a7f8-15198abb2e9eConfig\":{\"changeWidget\":\"icon\",\"alignContent\":\"center\",\"color\":\"#67d449ff\",\"customIcon\":\"io\/IoLogoWhatsapp\",\"width\":2,\"height\":2,\"openType\":\"url\",\"targetBlank\":true,\"customUrl\":\"https:\/\/api.whatsapp.com\/send\/?phone=%2B56993453426u0026textu0026type=phone_numberu0026app_absent=0\"},\"icon-254c29f0-cefe-4760-a7f8-15198abb2e9eLayerOne\":{\"enabled\":true},\"icon-254c29f0-cefe-4760-a7f8-15198abb2e9eLayerTwo\":{\"enabled\":true},\"icon-254c29f0-cefe-4760-a7f8-15198abb2e9eConfigHover\":{\"changeWidget\":\"icon\",\"width\":1.2,\"height\":1.2},\"icon-254c29f0-cefe-4760-a7f8-15198abb2e9eLayerOneHover\":{\"enabled\":true},\"icon-e51916b0-7b26-40ba-948d-57addfc5539aLayerOne\":{\"enabled\":true},\"icon-e51916b0-7b26-40ba-948d-57addfc5539aLayerTwo\":{\"enabled\":true},\"icon-e51916b0-7b26-40ba-948d-57addfc5539aConfig\":{\"changeWidget\":\"icon\",\"alignContent\":\"center\",\"color\":\"#5073acff\",\"customIcon\":\"fa\/FaFacebook\",\"width\":2,\"height\":2,\"openType\":\"url\",\"targetBlank\":true,\"customUrl\":\"https:\/\/www.facebook.com\/radiopolar\"},\"icon-e51916b0-7b26-40ba-948d-57addfc5539aAttributeFill\":{\"fillOption\":\"setting\",\"attributeFill\":[{\"title\":\"facebook\",\"canDelete\":true}]},\"icon-254c29f0-cefe-4760-a7f8-15198abb2e9eAttributeFill\":{\"fillOption\":\"setting\",\"attributeFill\":[{\"title\":\"whatsapp\",\"canDelete\":true}]},\"icon-3201137e-bb8f-4724-82fb-5e62c73a69acLayerOne\":{\"enabled\":true},\"icon-3201137e-bb8f-4724-82fb-5e62c73a69acLayerTwo\":{\"enabled\":true},\"icon-3201137e-bb8f-4724-82fb-5e62c73a69acConfig\":{\"changeWidget\":\"icon\",\"alignContent\":\"center\",\"color\":\"#03a9f4ff\",\"customIcon\":\"ai\/AiFillTwitterCircle\",\"width\":2,\"height\":2,\"openType\":\"url\",\"targetBlank\":true,\"customUrl\":\"https:\/\/twitter.com\/RadioPolar\"},\"icon-3201137e-bb8f-4724-82fb-5e62c73a69acAttributeFill\":{\"fillOption\":\"setting\",\"attributeFill\":[{\"title\":\"twitter\",\"canDelete\":true}]},\"icon-3201137e-bb8f-4724-82fb-5e62c73a69acConfigHover\":{\"changeWidget\":\"icon\",\"width\":1.2,\"height\":1.2},\"icon-3201137e-bb8f-4724-82fb-5e62c73a69acLayerOneHover\":{\"enabled\":true},\"icon-e51916b0-7b26-40ba-948d-57addfc5539aConfigHover\":{\"changeWidget\":\"icon\",\"width\":1.1,\"height\":1.1},\"icon-e51916b0-7b26-40ba-948d-57addfc5539aLayerOneHover\":{\"enabled\":true},\"icon-20ff0c16-7ebf-456c-ac4d-81e6c2b36dc8LayerOne\":{\"enabled\":true},\"icon-20ff0c16-7ebf-456c-ac4d-81e6c2b36dc8LayerTwo\":{\"enabled\":true},\"icon-20ff0c16-7ebf-456c-ac4d-81e6c2b36dc8Config\":{\"changeWidget\":\"icon\",\"alignContent\":\"center\",\"color\":\"#e31c99ff\",\"customIcon\":\"ri\/RiInstagramFill\",\"width\":2,\"height\":2,\"openType\":\"url\",\"targetBlank\":true,\"customUrl\":\"https:\/\/www.instagram.com\/polarcomunicaciones\/\"},\"icon-20ff0c16-7ebf-456c-ac4d-81e6c2b36dc8AttributeFill\":{\"fillOption\":\"setting\",\"attributeFill\":[{\"title\":\"instagram\",\"canDelete\":true}]},\"icon-1604d150-17b4-48d2-91a3-88a760f3c931LayerOne\":{\"enabled\":true},\"icon-1604d150-17b4-48d2-91a3-88a760f3c931LayerTwo\":{\"enabled\":true},\"icon-1604d150-17b4-48d2-91a3-88a760f3c931Config\":{\"changeWidget\":\"icon\",\"alignContent\":\"center\",\"color\":\"#ff0400ff\",\"customIcon\":\"ti\/TiSocialYoutubeCircular\",\"width\":2,\"height\":2,\"openType\":\"url\",\"targetBlank\":true,\"customUrl\":\"https:\/\/www.youtube.com\/polarcomunicaciones\"},\"icon-1604d150-17b4-48d2-91a3-88a760f3c931AttributeFill\":{\"fillOption\":\"setting\",\"attributeFill\":[{\"title\":\"youtube\",\"canDelete\":true}]},\"icon-20ff0c16-7ebf-456c-ac4d-81e6c2b36dc8ConfigHover\":{\"changeWidget\":\"icon\",\"width\":1.2,\"height\":1.2},\"icon-20ff0c16-7ebf-456c-ac4d-81e6c2b36dc8LayerOneHover\":{\"enabled\":true},\"icon-1604d150-17b4-48d2-91a3-88a760f3c931ConfigHover\":{\"changeWidget\":\"icon\",\"width\":1.2,\"height\":1.2},\"icon-1604d150-17b4-48d2-91a3-88a760f3c931LayerOneHover\":{\"enabled\":true},\"box-d99d7ccb-b586-484c-b579-6847827a6951Config\":{\"changeWidget\":\"box\",\"backgroundColor\":\"secondary\"},\"box-d99d7ccb-b586-484c-b579-6847827a6951LayerOne\":{\"enabled\":true},\"icon-92df9ea9-3885-4e7e-927a-7a557924ee5aConfig\":{\"changeWidget\":\"icon\",\"color\":\"info\",\"customIcon\":\"io\/IoIosMenu\",\"alignContent\":\"center\",\"width\":2,\"height\":4},\"icon-92df9ea9-3885-4e7e-927a-7a557924ee5aLayerOne\":{\"enabled\":true},\"icon-92df9ea9-3885-4e7e-927a-7a557924ee5aLayerTwo\":{\"enabled\":true},\"button-6399eccf-be62-41ba-8387-1c49cc415059Config\":{\"changeWidget\":\"button\",\"fontFamily\":\"Secondary\",\"fontSize\":1,\"color\":\"error\",\"customTitle\":\"Buscar\",\"backgroundColor\":\"primary\",\"alignContent\":\"center\",\"width\":8,\"height\":2.2},\"button-6399eccf-be62-41ba-8387-1c49cc415059LayerOne\":{\"enabled\":true},\"icon-92df9ea9-3885-4e7e-927a-7a557924ee5aEvents\":{\"onClick\":true,\"eventTemplate\":{\"id\":\"65a00887ff47e144378401f0\",\"label\":\"Men\u00fa lateral\"},\"eventSelectedLayout\":\"lg\",\"eventShowIn\":\"drawer\",\"backgroundColor\":\"#000000ff\",\"windowWidth\":\"300px\",\"windowHeight\":\"100%\",\"drawerAnchor\":\"left\"},\"textField-08fe8be5-d0cf-4b85-aadb-d0e24a28e747Config\":{\"changeWidget\":\"textField\",\"fontSize\":1,\"customTitle\":\"B\u00fasqueda por palabra\",\"backgroundColor\":\"#ffffffff\",\"textFieldVariant\":\"outlined\"},\"textField-08fe8be5-d0cf-4b85-aadb-d0e24a28e747LayerOne\":{\"enabled\":true},\"textField-411fe415-2746-48f8-b7c9-13ca555d15feConfig\":{\"changeWidget\":\"textField\",\"textFieldDate\":true,\"backgroundColor\":\"#ffffffff\",\"alignContent\":\"center\",\"textFieldVariant\":\"outlined\",\"inputSize\":1.2},\"textField-411fe415-2746-48f8-b7c9-13ca555d15feLayerOne\":{\"enabled\":true},\"button-6399eccf-be62-41ba-8387-1c49cc415059LayerTwo\":{\"enabled\":true},\"button-6399eccf-be62-41ba-8387-1c49cc415059ConfigSelected\":{\"changeWidget\":\"button\"}}},\"content\":{\"layouts\":{\"lg\":[{\"i\":\"c3c9f012-187d-4dc3-9d26-9565f7b1bbd5\",\"x\":0,\"y\":0,\"w\":100,\"h\":2,\"type\":\"widget\",\"framework\":\"mui\",\"data\":\"box\"},{\"i\":\"b67efd12-e536-4276-9d9d-8661cfe51e2a\",\"x\":1,\"y\":0,\"w\":8,\"h\":2,\"type\":\"widget\",\"framework\":\"mui\",\"data\":\"typography\"},{\"i\":\"acac9cca-3020-4e69-b8b8-60a05ebe72f5\",\"x\":8,\"y\":0,\"w\":35,\"h\":2,\"type\":\"widget\",\"framework\":\"mui\",\"data\":\"typography\"},{\"i\":\"178d6eef-b573-4443-80e7-f3a3d5614722\",\"x\":1,\"y\":3,\"w\":24,\"h\":9,\"type\":\"widget\",\"framework\":\"mui\",\"data\":\"avatar\"},{\"i\":\"46e0ca7a-3fe6-40f3-82bd-d2f681880122\",\"x\":25,\"y\":3,\"w\":1,\"h\":10,\"type\":\"widget\",\"framework\":\"mui\",\"data\":\"divider\"},{\"i\":\"254c29f0-cefe-4760-a7f8-15198abb2e9e\",\"x\":25,\"y\":2,\"w\":3,\"h\":3,\"type\":\"widget\",\"framework\":\"mui\",\"data\":\"icon\"},{\"i\":\"e51916b0-7b26-40ba-948d-57addfc5539a\",\"x\":25,\"y\":4,\"w\":3,\"h\":3,\"type\":\"widget\",\"framework\":\"mui\",\"data\":\"icon\"},{\"i\":\"3201137e-bb8f-4724-82fb-5e62c73a69ac\",\"x\":25,\"y\":6,\"w\":3,\"h\":3,\"type\":\"widget\",\"framework\":\"mui\",\"data\":\"icon\"},{\"i\":\"20ff0c16-7ebf-456c-ac4d-81e6c2b36dc8\",\"x\":25,\"y\":9,\"w\":3,\"h\":3,\"type\":\"widget\",\"framework\":\"mui\",\"data\":\"icon\"},{\"i\":\"1604d150-17b4-48d2-91a3-88a760f3c931\",\"x\":25,\"y\":11,\"w\":3,\"h\":3,\"type\":\"widget\",\"framework\":\"mui\",\"data\":\"icon\"},{\"i\":\"d99d7ccb-b586-484c-b579-6847827a6951\",\"x\":0,\"y\":14,\"w\":100,\"h\":3,\"type\":\"widget\",\"framework\":\"mui\",\"data\":\"box\"},{\"i\":\"92df9ea9-3885-4e7e-927a-7a557924ee5a\",\"x\":0,\"y\":14,\"w\":4,\"h\":3,\"type\":\"widget\",\"framework\":\"mui\",\"data\":\"icon\"},{\"i\":\"6399eccf-be62-41ba-8387-1c49cc415059\",\"x\":91,\"y\":14,\"w\":8,\"h\":3,\"type\":\"widget\",\"framework\":\"mui\",\"data\":\"button\"},{\"i\":\"08fe8be5-d0cf-4b85-aadb-d0e24a28e747\",\"x\":57,\"y\":14,\"w\":17,\"h\":3,\"type\":\"widget\",\"framework\":\"mui\",\"data\":\"textField\"},{\"i\":\"411fe415-2746-48f8-b7c9-13ca555d15fe\",\"x\":75,\"y\":14,\"w\":14,\"h\":3,\"type\":\"widget\",\"framework\":\"mui\",\"data\":\"textField\"}]}}}},{\"i\":\"397450f4-0518-463a-9ef5-cf6cc463dd34\",\"x\":31,\"y\":2,\"w\":24,\"h\":11,\"id\":\"659ee47bfd38f696a4991075\",\"name\":\"Widget Banner Imagen Header\",\"gridCols\":100,\"type\":\"component\",\"data\":{\"displayConfig\":{\"filterBy\":\"widgets\",\"type\":\"ads\",\"filterWidgets\":[{\"id\":\"659ee41dfd38f643d9991073\",\"label\":\"Banner 1 Head\/Cabeza: Salfaustral (ads)\"}],\"adType\":\"banner\",\"enabledLayer\":true},\"customConfig\":{\"lg\":{\"avatar-d115f0f5-9555-46bb-bcb2-054e47ef3e47Config\":{\"changeWidget\":\"avatar\",\"openType\":\"redirectUrl\",\"targetBlank\":true,\"avatarObjectFit\":\"cover\",\"showOriginalPhoto\":true},\"avatar-d115f0f5-9555-46bb-bcb2-054e47ef3e47AttributeFill\":{\"fillOption\":\"widget\",\"attributeFill\":[{\"title\":\"image\",\"canDelete\":true}]}}},\"content\":{\"layouts\":{\"lg\":[{\"i\":\"d115f0f5-9555-46bb-bcb2-054e47ef3e47\",\"x\":0,\"y\":0,\"w\":100,\"h\":43,\"type\":\"widget\",\"framework\":\"mui\",\"data\":\"avatar\"}]}},\"rows\":[{\"name\":\"Portada Top 1: Salfaustral\",\"image\":{\"publicUrl\":\"https:\/\/s3-mspro.nyc3.digitaloceanspaces.com\/tenant\/658d9f90f0909def6c18fa2c\/mediaLibrary\/photo\/024ba422-7290-4a59-b557-1b3564453ab2.gif\",\"privatePhotoUrlWithoutExtension\":\"tenant\/658d9f90f0909def6c18fa2c\/mediaLibrary\/photo\/024ba422-7290-4a59-b557-1b3564453ab2\",\"privatePhotoUrl\":\"tenant\/658d9f90f0909def6c18fa2c\/mediaLibrary\/photo\/024ba422-7290-4a59-b557-1b3564453ab2.gif\",\"photoExtension\":\"gif\",\"type\":\"image\",\"name\":\"SALFA-1024X439-700x300-1\",\"updatedAt\":\"2024-01-05T13:29:06.403Z\",\"photoVersion\":4},\"redirectUrl\":\"https:\/\/www.salfaustral.cl\/new\/\"}]}},{\"i\":\"5a47f41d-909f-47cf-a709-1b4a87443de9\",\"x\":55,\"y\":2,\"w\":24,\"h\":11,\"id\":\"659ee47bfd38f696a4991075\",\"name\":\"Widget Banner Imagen Header\",\"gridCols\":100,\"type\":\"component\",\"data\":{\"displayConfig\":{\"filterBy\":\"widgets\",\"enabledLayer\":true,\"type\":\"ads\",\"adType\":\"banner\",\"filterWidgets\":[{\"id\":\"659ee56bfd38f640cb991078\",\"label\":\"Banner 2 Head\/Cabeza: Servel (ads)\"}]},\"customConfig\":{\"lg\":{\"avatar-d115f0f5-9555-46bb-bcb2-054e47ef3e47Config\":{\"changeWidget\":\"avatar\",\"openType\":\"redirectUrl\",\"targetBlank\":true,\"avatarObjectFit\":\"cover\",\"showOriginalPhoto\":true},\"avatar-d115f0f5-9555-46bb-bcb2-054e47ef3e47AttributeFill\":{\"fillOption\":\"widget\",\"attributeFill\":[{\"title\":\"image\",\"canDelete\":true}]}}},\"content\":{\"layouts\":{\"lg\":[{\"i\":\"d115f0f5-9555-46bb-bcb2-054e47ef3e47\",\"x\":0,\"y\":0,\"w\":100,\"h\":43,\"type\":\"widget\",\"framework\":\"mui\",\"data\":\"avatar\"}]}},\"rows\":[{\"name\":\"Portada Top 2: JORDAN (PROVISORIO)\",\"image\":{\"publicUrl\":\"https:\/\/s3-mspro.nyc3.digitaloceanspaces.com\/tenant\/658d9f90f0909def6c18fa2c\/mediaLibrary\/photo\/b41c9c47-e865-4854-b35d-42867a5e14f6.png\",\"privatePhotoUrlWithoutExtension\":\"tenant\/658d9f90f0909def6c18fa2c\/mediaLibrary\/photo\/b41c9c47-e865-4854-b35d-42867a5e14f6\",\"privatePhotoUrl\":\"tenant\/658d9f90f0909def6c18fa2c\/mediaLibrary\/photo\/b41c9c47-e865-4854-b35d-42867a5e14f6-medium-standard-q100.png?v=1767623095\",\"photoExtension\":\"png?v=1767623095\",\"type\":\"image\",\"name\":\"Proyecto nuevo (1)\",\"updatedAt\":\"2026-01-05T14:24:55.045Z\",\"photoVersion\":4},\"redirectUrl\":\"https:\/\/www.facebook.com\/djordanonline?_rdc=2u0026_rdr#\"}]}}]}}}]},{\"id\":\"659814c3593b0a4e68c15af2\",\"name\":\"Seccion Entrada\",\"active\":true,\"containers\":[{\"id\":\"659805f59f44818a9b22a33a\",\"name\":\"Contenedor Entrada Superior\",\"active\":true,\"renderAs\":\"server\",\"gridCols\":{\"lg\":100,\"md\":100,\"xs\":100,\"daily\":100},\"marginTop\":30,\"content\":{\"config\":{\"lg\":{\"compactType\":\"horizontal\"}},\"layouts\":{\"lg\":[{\"i\":\"a92e16fe-de6a-4563-ae0b-01cfbce7dade\",\"x\":77,\"y\":0,\"w\":20,\"h\":184,\"id\":\"6598322b593b0ab5a9c16227\",\"name\":\"Componente Widget Banner 1x1\",\"gridCols\":100,\"type\":\"component\",\"data\":{\"displayConfig\":{\"filterBy\":\"widgets\",\"type\":\"ads\",\"keywords\":[{\"id\":\"65ee47dd9a65d940761349ce\",\"label\":\"Interior Laterales\"}],\"adType\":\"banner\",\"zIndex\":10,\"formatType\":\"grid\",\"columns\":1,\"columnsDesktop\":24,\"columnsMobile\":24,\"columnsTablet\":24,\"columnsLargeDesktop\":24,\"columnsExtraLargeDesktop\":24,\"offset\":0,\"limit\":15,\"alignContent\":\"top\",\"verticalGutter\":1,\"enabledLayer\":true,\"widgetsOrderBy\":\"position\",\"sortBy\":\"asc\"},\"customConfig\":{\"lg\":{\"box-5c855846-d7ab-4946-985d-cfc1dd3cd47fConfig\":{\"changeWidget\":\"box\",\"backgroundColor\":\"#d1d5dbff\"},\"box-5c855846-d7ab-4946-985d-cfc1dd3cd47fLayerOne\":{\"enabled\":true},\"avatar-d115f0f5-9555-46bb-bcb2-054e47ef3e47Config\":{\"changeWidget\":\"avatar\",\"openType\":\"redirectUrl\",\"targetBlank\":true},\"avatar-d115f0f5-9555-46bb-bcb2-054e47ef3e47AttributeFill\":{\"fillOption\":\"widget\",\"attributeFill\":[{\"title\":\"image\",\"canDelete\":true}]}}},\"content\":{\"layouts\":{\"lg\":[{\"i\":\"5c855846-d7ab-4946-985d-cfc1dd3cd47f\",\"x\":0,\"y\":0,\"w\":100,\"h\":100,\"type\":\"widget\",\"framework\":\"mui\",\"data\":\"box\"},{\"i\":\"d115f0f5-9555-46bb-bcb2-054e47ef3e47\",\"x\":3,\"y\":3,\"w\":94,\"h\":94,\"type\":\"widget\",\"framework\":\"mui\",\"data\":\"avatar\"}]}},\"rows\":[{\"name\":\"Interior Laterales 1 \/ 336x336: Blumar\",\"image\":{\"publicUrl\":\"https:\/\/s3-mspro.nyc3.digitaloceanspaces.com\/tenant\/658d9f90f0909def6c18fa2c\/mediaLibrary\/photo\/80d54e9c-c6f4-48fd-b64a-9d8578bc2e79.gif\",\"privatePhotoUrlWithoutExtension\":\"tenant\/658d9f90f0909def6c18fa2c\/mediaLibrary\/photo\/80d54e9c-c6f4-48fd-b64a-9d8578bc2e79\",\"privatePhotoUrl\":\"tenant\/658d9f90f0909def6c18fa2c\/mediaLibrary\/photo\/80d54e9c-c6f4-48fd-b64a-9d8578bc2e79.gif\",\"photoExtension\":\"gif\",\"type\":\"image\",\"name\":\"BLUMAR 336x336 GIF\",\"updatedAt\":\"2025-04-14T12:30:49.954Z\",\"photoVersion\":4},\"redirectUrl\":\"https:\/\/www.mercadoblumar.com\/\"},{\"name\":\"Interior Laterales 2 \/ 336x336: AGUAS MAGALLANES\",\"image\":{\"publicUrl\":\"https:\/\/s3-mspro.nyc3.digitaloceanspaces.com\/tenant\/658d9f90f0909def6c18fa2c\/mediaLibrary\/photo\/aff00f9b-6b06-40f3-a884-7a6293191437.png\",\"privatePhotoUrlWithoutExtension\":\"tenant\/658d9f90f0909def6c18fa2c\/mediaLibrary\/photo\/aff00f9b-6b06-40f3-a884-7a6293191437\",\"privatePhotoUrl\":\"tenant\/658d9f90f0909def6c18fa2c\/mediaLibrary\/photo\/aff00f9b-6b06-40f3-a884-7a6293191437-medium-standard-q100.png?v=1757602664\",\"photoExtension\":\"png?v=1757602664\",\"type\":\"image\",\"name\":\"BANNER AGUAS MAGALLANES 336\",\"updatedAt\":\"2025-09-11T14:57:44.358Z\",\"photoVersion\":4},\"redirectUrl\":\"http:\/\/www.aguasmagallanes.cl\/\"},{\"name\":\"Interior Laterales 3 \/ 336x336: ALTAS CUMBRES\",\"image\":{\"publicUrl\":\"https:\/\/s3-mspro.nyc3.digitaloceanspaces.com\/tenant\/658d9f90f0909def6c18fa2c\/mediaLibrary\/photo\/8b219a8a-2ac9-4e29-9667-f400fd161336.gif\",\"privatePhotoUrlWithoutExtension\":\"tenant\/658d9f90f0909def6c18fa2c\/mediaLibrary\/photo\/8b219a8a-2ac9-4e29-9667-f400fd161336\",\"privatePhotoUrl\":\"tenant\/658d9f90f0909def6c18fa2c\/mediaLibrary\/photo\/8b219a8a-2ac9-4e29-9667-f400fd161336.gif\",\"photoExtension\":\"gif\",\"type\":\"image\",\"name\":\"ALTAS CUMBRES-336x336-1\",\"updatedAt\":\"2025-12-24T12:10:53.000Z\",\"photoVersion\":4},\"redirectUrl\":\"https:\/\/www.altas-cumbres.cl\/proyecto\/alto-bulnes?utm=GOOGLE-ADWS-ALTOBULNESu0026gad_source=1u0026gad_campaignid=1339991720u0026gbraid=0AAAAADBDygwIPL9kCHKTvt77hrjE4sGTou0026gclid=CjwKCAiAu67KBhAkEiwAY0jAldRiiYtKOpgKk-XE2v_aCMAYFZd9WB6X10XNPKb-8DHFWMCkvW-1DxoCVK4QAvD_BwE\"},{\"name\":\"Interior Laterales 4 \/ 336x336: EPA\",\"image\":{\"publicUrl\":\"https:\/\/s3-mspro.nyc3.digitaloceanspaces.com\/tenant\/658d9f90f0909def6c18fa2c\/mediaLibrary\/photo\/6877a871-493b-4e6b-94ba-8aa4c959dcc2.png\",\"privatePhotoUrlWithoutExtension\":\"tenant\/658d9f90f0909def6c18fa2c\/mediaLibrary\/photo\/6877a871-493b-4e6b-94ba-8aa4c959dcc2\",\"privatePhotoUrl\":\"tenant\/658d9f90f0909def6c18fa2c\/mediaLibrary\/photo\/6877a871-493b-4e6b-94ba-8aa4c959dcc2-medium-standard-q100.png?v=1774440922\",\"photoExtension\":\"png?v=1774440922\",\"type\":\"image\",\"name\":\"Banner EPAUSTRAL - 250x250 - 2026\",\"updatedAt\":\"2026-03-25T12:15:22.960Z\",\"photoVersion\":4},\"redirectUrl\":\"https:\/\/www.epaustral.cl\/\"},{\"name\":\"Interior Laterales 5 \/ 336x336: AUSTRALIS SEAFOOD\",\"image\":{\"publicUrl\":\"https:\/\/s3-mspro.nyc3.digitaloceanspaces.com\/tenant\/658d9f90f0909def6c18fa2c\/mediaLibrary\/photo\/3f271492-ffa6-43ac-a761-69c9f8973008.jpg\",\"privatePhotoUrlWithoutExtension\":\"tenant\/658d9f90f0909def6c18fa2c\/mediaLibrary\/photo\/3f271492-ffa6-43ac-a761-69c9f8973008\",\"privatePhotoUrl\":\"tenant\/658d9f90f0909def6c18fa2c\/mediaLibrary\/photo\/3f271492-ffa6-43ac-a761-69c9f8973008-medium-standard-q100.jpg?v=1746712385\",\"photoExtension\":\"jpg?v=1746712385\",\"type\":\"image\",\"name\":\"AUSTRALIS\",\"updatedAt\":\"2025-05-08T13:53:05.025Z\",\"photoVersion\":4},\"redirectUrl\":\"https:\/\/www.australis-seafoods.com\/\"},{\"name\":\"Interior Laterales 6 \/ 336x336: Super G Market\",\"image\":{\"publicUrl\":\"https:\/\/s3-mspro.nyc3.digitaloceanspaces.com\/tenant\/658d9f90f0909def6c18fa2c\/mediaLibrary\/photo\/aa04d658-070b-4f76-b9d3-6b3fffca9087.gif\",\"privatePhotoUrlWithoutExtension\":\"tenant\/658d9f90f0909def6c18fa2c\/mediaLibrary\/photo\/aa04d658-070b-4f76-b9d3-6b3fffca9087\",\"privatePhotoUrl\":\"tenant\/658d9f90f0909def6c18fa2c\/mediaLibrary\/photo\/aa04d658-070b-4f76-b9d3-6b3fffca9087.gif\",\"photoExtension\":\"gif\",\"type\":\"image\",\"name\":\"SUPER-G-GIF\",\"updatedAt\":\"2024-03-08T16:27:59.718Z\",\"photoVersion\":4},\"redirectUrl\":\"https:\/\/www.instagram.com\/supergmarketpuq\/\"},{\"name\":\"Interior Laterales 7 \/ 336x336: INACAP\",\"image\":{\"publicUrl\":\"https:\/\/s3-mspro.nyc3.digitaloceanspaces.com\/tenant\/658d9f90f0909def6c18fa2c\/mediaLibrary\/photo\/edc37920-6a5c-407e-8ce4-66a24ad9f80d.jpg\",\"privatePhotoUrlWithoutExtension\":\"tenant\/658d9f90f0909def6c18fa2c\/mediaLibrary\/photo\/edc37920-6a5c-407e-8ce4-66a24ad9f80d\",\"privatePhotoUrl\":\"tenant\/658d9f90f0909def6c18fa2c\/mediaLibrary\/photo\/edc37920-6a5c-407e-8ce4-66a24ad9f80d-medium-standard-q100.jpg?v=1755722668\",\"photoExtension\":\"jpg?v=1755722668\",\"type\":\"image\",\"name\":\"BANNER INACAP 336x336-01\",\"updatedAt\":\"2025-08-20T20:44:28.757Z\",\"photoVersion\":4},\"redirectUrl\":\"https:\/\/portal.inacap.cl\/\"},{\"name\":\"Interior Laterales 8 \/ 336x336: Covepa\",\"image\":{\"publicUrl\":\"https:\/\/s3-mspro.nyc3.digitaloceanspaces.com\/tenant\/658d9f90f0909def6c18fa2c\/mediaLibrary\/photo\/8e7b0c96-cca5-4fbd-9779-504c3767f761.jpg\",\"privatePhotoUrlWithoutExtension\":\"tenant\/658d9f90f0909def6c18fa2c\/mediaLibrary\/photo\/8e7b0c96-cca5-4fbd-9779-504c3767f761\",\"privatePhotoUrl\":\"tenant\/658d9f90f0909def6c18fa2c\/mediaLibrary\/photo\/8e7b0c96-cca5-4fbd-9779-504c3767f761-medium-standard-q100.jpg?v=1772453080\",\"photoExtension\":\"jpg?v=1772453080\",\"type\":\"image\",\"name\":\"COVEPA 336X336PX\",\"updatedAt\":\"2026-03-02T12:04:40.118Z\",\"photoVersion\":4},\"redirectUrl\":\"https:\/\/www.covepa.cl\/\"},{\"name\":\"Interior Laterales 9 \/ 336x336: PAX\",\"image\":{\"publicUrl\":\"https:\/\/s3-mspro.nyc3.digitaloceanspaces.com\/tenant\/658d9f90f0909def6c18fa2c\/mediaLibrary\/photo\/dd645367-fae1-4ea9-822f-8db7c7d2d13a.gif\",\"privatePhotoUrlWithoutExtension\":\"tenant\/658d9f90f0909def6c18fa2c\/mediaLibrary\/photo\/dd645367-fae1-4ea9-822f-8db7c7d2d13a\",\"privatePhotoUrl\":\"tenant\/658d9f90f0909def6c18fa2c\/mediaLibrary\/photo\/dd645367-fae1-4ea9-822f-8db7c7d2d13a.gif\",\"photoExtension\":\"gif\",\"type\":\"image\",\"name\":\"PAX\",\"updatedAt\":\"2025-07-24T19:59:25.398Z\",\"photoVersion\":4},\"redirectUrl\":\"https:\/\/www.pax2.org\/es\"},{\"name\":\"Interior Laterales 10 \/ 336x336: Tabsa\",\"image\":{\"publicUrl\":\"https:\/\/s3-mspro.nyc3.digitaloceanspaces.com\/tenant\/658d9f90f0909def6c18fa2c\/mediaLibrary\/photo\/b9004798-89c4-4622-831b-b9476c14c021.gif\",\"privatePhotoUrlWithoutExtension\":\"tenant\/658d9f90f0909def6c18fa2c\/mediaLibrary\/photo\/b9004798-89c4-4622-831b-b9476c14c021\",\"privatePhotoUrl\":\"tenant\/658d9f90f0909def6c18fa2c\/mediaLibrary\/photo\/b9004798-89c4-4622-831b-b9476c14c021.gif\",\"photoExtension\":\"gif\",\"type\":\"image\",\"name\":\"Tabsa-250_Tabsa24\",\"updatedAt\":\"2024-03-08T15:15:06.338Z\",\"photoVersion\":4},\"redirectUrl\":\"https:\/\/www.tabsa.cl\/\"},{\"name\":\"Interior Laterales 11 \/ 336x336: PUBLICITE AQUI\",\"image\":{\"publicUrl\":\"https:\/\/s3-mspro.nyc3.digitaloceanspaces.com\/tenant\/658d9f90f0909def6c18fa2c\/mediaLibrary\/photo\/e085b762-3ba1-4786-891f-ead0903eb8f1.webp\",\"privatePhotoUrlWithoutExtension\":\"tenant\/658d9f90f0909def6c18fa2c\/mediaLibrary\/photo\/e085b762-3ba1-4786-891f-ead0903eb8f1\",\"privatePhotoUrl\":\"tenant\/658d9f90f0909def6c18fa2c\/mediaLibrary\/photo\/e085b762-3ba1-4786-891f-ead0903eb8f1-medium-standard-q100.webp?v=1742908913\",\"photoExtension\":\"webp?v=1742908913\",\"type\":\"image\",\"name\":\"publicite aqui\",\"updatedAt\":\"2025-03-25T13:21:53.519Z\",\"photoVersion\":4},\"redirectUrl\":\"https:\/\/www.radiopolar.com\/\"},{\"name\":\"Interior Laterales 12 \/ 336x336:  PUBLICITE AQU\u00cd\",\"image\":{\"publicUrl\":\"https:\/\/s3-mspro.nyc3.digitaloceanspaces.com\/tenant\/658d9f90f0909def6c18fa2c\/mediaLibrary\/photo\/62511628-f4c9-46b4-a776-53a87b74bb5b.gif\",\"privatePhotoUrlWithoutExtension\":\"tenant\/658d9f90f0909def6c18fa2c\/mediaLibrary\/photo\/62511628-f4c9-46b4-a776-53a87b74bb5b\",\"privatePhotoUrl\":\"tenant\/658d9f90f0909def6c18fa2c\/mediaLibrary\/photo\/62511628-f4c9-46b4-a776-53a87b74bb5b.gif\",\"photoExtension\":\"gif\",\"type\":\"image\",\"name\":\"publicite\",\"updatedAt\":\"2025-10-28T20:44:33.613Z\",\"photoVersion\":4},\"redirectUrl\":\"https:\/\/www.radiopolar.com\/\"},{\"name\":\"Interior Laterales 13 \/ 336x336: RED SALUD\",\"image\":{\"publicUrl\":\"https:\/\/s3-mspro.nyc3.digitaloceanspaces.com\/tenant\/658d9f90f0909def6c18fa2c\/mediaLibrary\/photo\/aea9f82d-fabc-44ed-887b-03788c6a2066.png\",\"privatePhotoUrlWithoutExtension\":\"tenant\/658d9f90f0909def6c18fa2c\/mediaLibrary\/photo\/aea9f82d-fabc-44ed-887b-03788c6a2066\",\"privatePhotoUrl\":\"tenant\/658d9f90f0909def6c18fa2c\/mediaLibrary\/photo\/aea9f82d-fabc-44ed-887b-03788c6a2066-medium-standard-q100.png?v=1742480873\",\"photoExtension\":\"png?v=1742480873\",\"type\":\"image\",\"name\":\"RED SALUD 336x336\",\"updatedAt\":\"2025-03-20T14:27:53.953Z\",\"photoVersion\":4},\"redirectUrl\":\"https:\/\/www.redsalud.cl\/nuestra-red\/campanas\/cancer-cervicouterino-redsalud\"},{\"name\":\"Interior Laterales 14 \/ 336x336: PUBLICITE AQU\u00cd\",\"image\":{\"publicUrl\":\"https:\/\/s3-mspro.nyc3.digitaloceanspaces.com\/tenant\/658d9f90f0909def6c18fa2c\/mediaLibrary\/photo\/3dea9012-6c5b-4b19-8346-90c130391ca6.png\",\"privatePhotoUrlWithoutExtension\":\"tenant\/658d9f90f0909def6c18fa2c\/mediaLibrary\/photo\/3dea9012-6c5b-4b19-8346-90c130391ca6\",\"privatePhotoUrl\":\"tenant\/658d9f90f0909def6c18fa2c\/mediaLibrary\/photo\/3dea9012-6c5b-4b19-8346-90c130391ca6-medium-standard-q100.png?v=1766501744\",\"photoExtension\":\"png?v=1766501744\",\"type\":\"image\",\"name\":\"PUBLICITEAQUI336X336\",\"updatedAt\":\"2025-12-23T14:55:44.391Z\",\"photoVersion\":4},\"redirectUrl\":\"https:\/\/www.radiopolar.com\/\"},{\"name\":\"Interior Laterales 15 \/ 336x336: PUBLICITE AQUI\",\"image\":{\"publicUrl\":\"https:\/\/s3-mspro.nyc3.digitaloceanspaces.com\/tenant\/658d9f90f0909def6c18fa2c\/mediaLibrary\/photo\/20f9fc9d-4ab5-42da-808d-40eb13ad6690.png\",\"privatePhotoUrlWithoutExtension\":\"tenant\/658d9f90f0909def6c18fa2c\/mediaLibrary\/photo\/20f9fc9d-4ab5-42da-808d-40eb13ad6690\",\"privatePhotoUrl\":\"tenant\/658d9f90f0909def6c18fa2c\/mediaLibrary\/photo\/20f9fc9d-4ab5-42da-808d-40eb13ad6690-medium-standard-q100.png?v=1738757611\",\"photoExtension\":\"png?v=1738757611\",\"type\":\"image\",\"name\":\"PUBLICITEAQUI336X336\",\"updatedAt\":\"2025-02-05T12:13:31.922Z\",\"photoVersion\":4},\"redirectUrl\":\"https:\/\/www.radiopolar.com\/\"}]}},{\"i\":\"ced21dbe-6d27-415f-a99a-3ab110f27718\",\"x\":11,\"y\":106,\"w\":8,\"h\":8,\"id\":\"6598322b593b0ab5a9c16227\",\"name\":\"Componente Widget Banner 1x1\",\"gridCols\":100,\"type\":\"component\",\"data\":{\"displayConfig\":{\"filterBy\":\"widgets\",\"type\":\"ads\",\"widgetsOrderBy\":\"position\",\"sortBy\":\"asc\",\"keywords\":[{\"id\":\"65ef1c3918fb256d38f78d17\",\"label\":\"Interior Final\"}],\"adType\":\"banner\",\"zIndex\":10,\"offset\":0,\"limit\":1},\"customConfig\":{\"lg\":{\"box-5c855846-d7ab-4946-985d-cfc1dd3cd47fConfig\":{\"changeWidget\":\"box\",\"backgroundColor\":\"#d1d5dbff\"},\"box-5c855846-d7ab-4946-985d-cfc1dd3cd47fLayerOne\":{\"enabled\":true},\"avatar-d115f0f5-9555-46bb-bcb2-054e47ef3e47Config\":{\"changeWidget\":\"avatar\",\"openType\":\"redirectUrl\",\"targetBlank\":true},\"avatar-d115f0f5-9555-46bb-bcb2-054e47ef3e47AttributeFill\":{\"fillOption\":\"widget\",\"attributeFill\":[{\"title\":\"image\",\"canDelete\":true}]}}},\"content\":{\"layouts\":{\"lg\":[{\"i\":\"5c855846-d7ab-4946-985d-cfc1dd3cd47f\",\"x\":0,\"y\":0,\"w\":100,\"h\":100,\"type\":\"widget\",\"framework\":\"mui\",\"data\":\"box\"},{\"i\":\"d115f0f5-9555-46bb-bcb2-054e47ef3e47\",\"x\":3,\"y\":3,\"w\":94,\"h\":94,\"type\":\"widget\",\"framework\":\"mui\",\"data\":\"avatar\"}]}},\"rows\":[{\"name\":\"Interior Final 1 \/ 250x250: CROSUR\",\"image\":{\"publicUrl\":\"https:\/\/s3-mspro.nyc3.digitaloceanspaces.com\/tenant\/658d9f90f0909def6c18fa2c\/mediaLibrary\/photo\/3b6fb482-0a87-4348-91e5-e9623a339ba0.gif\",\"privatePhotoUrlWithoutExtension\":\"tenant\/658d9f90f0909def6c18fa2c\/mediaLibrary\/photo\/3b6fb482-0a87-4348-91e5-e9623a339ba0\",\"privatePhotoUrl\":\"tenant\/658d9f90f0909def6c18fa2c\/mediaLibrary\/photo\/3b6fb482-0a87-4348-91e5-e9623a339ba0.gif\",\"photoExtension\":\"gif\",\"type\":\"image\",\"name\":\"crosur constructor\",\"updatedAt\":\"2026-03-09T18:59:48.886Z\",\"photoVersion\":4},\"redirectUrl\":\"http:\/\/www.crosur.cl\"}]}},{\"i\":\"278e8b3d-06f4-437e-a8de-6b3d9ac971b6\",\"x\":20,\"y\":106,\"w\":8,\"h\":8,\"id\":\"6598322b593b0ab5a9c16227\",\"name\":\"Componente Widget Banner 1x1\",\"gridCols\":100,\"type\":\"component\",\"data\":{\"displayConfig\":{\"filterBy\":\"widgets\",\"type\":\"ads\",\"widgetsOrderBy\":\"position\",\"sortBy\":\"asc\",\"keywords\":[{\"id\":\"65ef1c3918fb256d38f78d17\",\"label\":\"Interior Final\"}],\"adType\":\"banner\",\"zIndex\":10,\"offset\":1,\"limit\":1},\"customConfig\":{\"lg\":{\"box-5c855846-d7ab-4946-985d-cfc1dd3cd47fConfig\":{\"changeWidget\":\"box\",\"backgroundColor\":\"#d1d5dbff\"},\"box-5c855846-d7ab-4946-985d-cfc1dd3cd47fLayerOne\":{\"enabled\":true},\"avatar-d115f0f5-9555-46bb-bcb2-054e47ef3e47Config\":{\"changeWidget\":\"avatar\",\"openType\":\"redirectUrl\",\"targetBlank\":true},\"avatar-d115f0f5-9555-46bb-bcb2-054e47ef3e47AttributeFill\":{\"fillOption\":\"widget\",\"attributeFill\":[{\"title\":\"image\",\"canDelete\":true}]}}},\"content\":{\"layouts\":{\"lg\":[{\"i\":\"5c855846-d7ab-4946-985d-cfc1dd3cd47f\",\"x\":0,\"y\":0,\"w\":100,\"h\":100,\"type\":\"widget\",\"framework\":\"mui\",\"data\":\"box\"},{\"i\":\"d115f0f5-9555-46bb-bcb2-054e47ef3e47\",\"x\":3,\"y\":3,\"w\":94,\"h\":94,\"type\":\"widget\",\"framework\":\"mui\",\"data\":\"avatar\"}]}},\"rows\":[{\"name\":\"Interior Final 2 \/ 250x250: BUS SUR\",\"image\":{\"publicUrl\":\"https:\/\/s3-mspro.nyc3.digitaloceanspaces.com\/tenant\/658d9f90f0909def6c18fa2c\/mediaLibrary\/photo\/64d076fa-b8bf-4dc2-a2da-05d831546aac.webp\",\"privatePhotoUrlWithoutExtension\":\"tenant\/658d9f90f0909def6c18fa2c\/mediaLibrary\/photo\/64d076fa-b8bf-4dc2-a2da-05d831546aac\",\"privatePhotoUrl\":\"tenant\/658d9f90f0909def6c18fa2c\/mediaLibrary\/photo\/64d076fa-b8bf-4dc2-a2da-05d831546aac-medium-standard-q100.webp?v=1733229280\",\"photoExtension\":\"webp?v=1733229280\",\"type\":\"image\",\"name\":\"3f97b5c0-2f70-4010-9e4d-64b713a9021a-small-standard-q100\",\"updatedAt\":\"2024-12-03T12:34:40.651Z\",\"photoVersion\":4},\"redirectUrl\":\"https:\/\/www.bussur.com\/\"}]}},{\"i\":\"4b2691c4-32a5-4aff-afc7-ad26b60a8f86\",\"x\":29,\"y\":106,\"w\":8,\"h\":8,\"id\":\"6598322b593b0ab5a9c16227\",\"name\":\"Componente Widget Banner 1x1\",\"gridCols\":100,\"type\":\"component\",\"data\":{\"displayConfig\":{\"filterBy\":\"widgets\",\"type\":\"ads\",\"widgetsOrderBy\":\"position\",\"sortBy\":\"asc\",\"keywords\":[{\"id\":\"65ef1c3918fb256d38f78d17\",\"label\":\"Interior Final\"}],\"adType\":\"banner\",\"zIndex\":10,\"offset\":2,\"limit\":1},\"customConfig\":{\"lg\":{\"box-5c855846-d7ab-4946-985d-cfc1dd3cd47fConfig\":{\"changeWidget\":\"box\",\"backgroundColor\":\"#d1d5dbff\"},\"box-5c855846-d7ab-4946-985d-cfc1dd3cd47fLayerOne\":{\"enabled\":true},\"avatar-d115f0f5-9555-46bb-bcb2-054e47ef3e47Config\":{\"changeWidget\":\"avatar\",\"openType\":\"redirectUrl\",\"targetBlank\":true},\"avatar-d115f0f5-9555-46bb-bcb2-054e47ef3e47AttributeFill\":{\"fillOption\":\"widget\",\"attributeFill\":[{\"title\":\"image\",\"canDelete\":true}]}}},\"content\":{\"layouts\":{\"lg\":[{\"i\":\"5c855846-d7ab-4946-985d-cfc1dd3cd47f\",\"x\":0,\"y\":0,\"w\":100,\"h\":100,\"type\":\"widget\",\"framework\":\"mui\",\"data\":\"box\"},{\"i\":\"d115f0f5-9555-46bb-bcb2-054e47ef3e47\",\"x\":3,\"y\":3,\"w\":94,\"h\":94,\"type\":\"widget\",\"framework\":\"mui\",\"data\":\"avatar\"}]}},\"rows\":[{\"name\":\"Interior Final 3 \/ 250x250: Pescachile Pesca\",\"image\":{\"publicUrl\":\"https:\/\/s3-mspro.nyc3.digitaloceanspaces.com\/tenant\/658d9f90f0909def6c18fa2c\/mediaLibrary\/photo\/806a6370-81a8-467c-a22a-db915d9f5719.png\",\"privatePhotoUrlWithoutExtension\":\"tenant\/658d9f90f0909def6c18fa2c\/mediaLibrary\/photo\/806a6370-81a8-467c-a22a-db915d9f5719\",\"privatePhotoUrl\":\"tenant\/658d9f90f0909def6c18fa2c\/mediaLibrary\/photo\/806a6370-81a8-467c-a22a-db915d9f5719-medium-standard-q100.png?v=1709910476\",\"photoExtension\":\"png?v=1709910476\",\"type\":\"image\",\"name\":\"BANNER-PESCACHILE336X336\",\"updatedAt\":\"2024-03-08T15:07:56.886Z\",\"photoVersion\":4},\"redirectUrl\":\"https:\/\/www.pescachile.cl\/\"}]}},{\"i\":\"cb9ee167-a9b2-4245-9a31-ab2e77376376\",\"x\":39,\"y\":106,\"w\":8,\"h\":8,\"id\":\"6598322b593b0ab5a9c16227\",\"name\":\"Componente Widget Banner 1x1\",\"gridCols\":100,\"type\":\"component\",\"data\":{\"displayConfig\":{\"filterBy\":\"widgets\",\"type\":\"ads\",\"widgetsOrderBy\":\"position\",\"sortBy\":\"asc\",\"keywords\":[{\"id\":\"65ef1c3918fb256d38f78d17\",\"label\":\"Interior Final\"}],\"adType\":\"banner\",\"zIndex\":10,\"offset\":3,\"limit\":1},\"customConfig\":{\"lg\":{\"box-5c855846-d7ab-4946-985d-cfc1dd3cd47fConfig\":{\"changeWidget\":\"box\",\"backgroundColor\":\"#d1d5dbff\"},\"box-5c855846-d7ab-4946-985d-cfc1dd3cd47fLayerOne\":{\"enabled\":true},\"avatar-d115f0f5-9555-46bb-bcb2-054e47ef3e47Config\":{\"changeWidget\":\"avatar\",\"openType\":\"redirectUrl\",\"targetBlank\":true},\"avatar-d115f0f5-9555-46bb-bcb2-054e47ef3e47AttributeFill\":{\"fillOption\":\"widget\",\"attributeFill\":[{\"title\":\"image\",\"canDelete\":true}]}}},\"content\":{\"layouts\":{\"lg\":[{\"i\":\"5c855846-d7ab-4946-985d-cfc1dd3cd47f\",\"x\":0,\"y\":0,\"w\":100,\"h\":100,\"type\":\"widget\",\"framework\":\"mui\",\"data\":\"box\"},{\"i\":\"d115f0f5-9555-46bb-bcb2-054e47ef3e47\",\"x\":3,\"y\":3,\"w\":94,\"h\":94,\"type\":\"widget\",\"framework\":\"mui\",\"data\":\"avatar\"}]}},\"rows\":[{\"name\":\"Interior Final 4 \/ 250x250: CASINO\",\"image\":{\"publicUrl\":\"https:\/\/s3-mspro.nyc3.digitaloceanspaces.com\/tenant\/658d9f90f0909def6c18fa2c\/mediaLibrary\/photo\/3a6b14ce-3c4f-4623-91d3-94a49d97aace.gif\",\"privatePhotoUrlWithoutExtension\":\"tenant\/658d9f90f0909def6c18fa2c\/mediaLibrary\/photo\/3a6b14ce-3c4f-4623-91d3-94a49d97aace\",\"privatePhotoUrl\":\"tenant\/658d9f90f0909def6c18fa2c\/mediaLibrary\/photo\/3a6b14ce-3c4f-4623-91d3-94a49d97aace.gif\",\"photoExtension\":\"gif\",\"type\":\"image\",\"name\":\"CASINO 250x250-gif\",\"updatedAt\":\"2026-03-24T20:06:34.399Z\",\"photoVersion\":4},\"redirectUrl\":\"https:\/\/punta-arenas.dreams.cl\/\"}]}},{\"i\":\"7aa1b392-c200-4bae-9be1-d6086ccbd725\",\"x\":48,\"y\":106,\"w\":8,\"h\":8,\"id\":\"6598322b593b0ab5a9c16227\",\"name\":\"Componente Widget Banner 1x1\",\"gridCols\":100,\"type\":\"component\",\"data\":{\"displayConfig\":{\"filterBy\":\"widgets\",\"type\":\"ads\",\"widgetsOrderBy\":\"position\",\"sortBy\":\"asc\",\"keywords\":[{\"id\":\"65ef1c3918fb256d38f78d17\",\"label\":\"Interior Final\"}],\"adType\":\"banner\",\"zIndex\":10,\"offset\":4,\"limit\":1},\"customConfig\":{\"lg\":{\"box-5c855846-d7ab-4946-985d-cfc1dd3cd47fConfig\":{\"changeWidget\":\"box\",\"backgroundColor\":\"#d1d5dbff\"},\"box-5c855846-d7ab-4946-985d-cfc1dd3cd47fLayerOne\":{\"enabled\":true},\"avatar-d115f0f5-9555-46bb-bcb2-054e47ef3e47Config\":{\"changeWidget\":\"avatar\",\"openType\":\"redirectUrl\",\"targetBlank\":true},\"avatar-d115f0f5-9555-46bb-bcb2-054e47ef3e47AttributeFill\":{\"fillOption\":\"widget\",\"attributeFill\":[{\"title\":\"image\",\"canDelete\":true}]}}},\"content\":{\"layouts\":{\"lg\":[{\"i\":\"5c855846-d7ab-4946-985d-cfc1dd3cd47f\",\"x\":0,\"y\":0,\"w\":100,\"h\":100,\"type\":\"widget\",\"framework\":\"mui\",\"data\":\"box\"},{\"i\":\"d115f0f5-9555-46bb-bcb2-054e47ef3e47\",\"x\":3,\"y\":3,\"w\":94,\"h\":94,\"type\":\"widget\",\"framework\":\"mui\",\"data\":\"avatar\"}]}},\"rows\":[{\"name\":\"Interior Final 5 \/ 250x250: Jordan\",\"image\":{\"publicUrl\":\"https:\/\/s3-mspro.nyc3.digitaloceanspaces.com\/tenant\/658d9f90f0909def6c18fa2c\/mediaLibrary\/photo\/bb9951ef-1fce-4251-94a8-30734316701a.jpeg\",\"privatePhotoUrlWithoutExtension\":\"tenant\/658d9f90f0909def6c18fa2c\/mediaLibrary\/photo\/bb9951ef-1fce-4251-94a8-30734316701a\",\"privatePhotoUrl\":\"tenant\/658d9f90f0909def6c18fa2c\/mediaLibrary\/photo\/bb9951ef-1fce-4251-94a8-30734316701a-medium-standard-q100.jpeg?v=1704816857\",\"photoExtension\":\"jpeg?v=1704816857\",\"type\":\"image\",\"name\":\"14HOME-Logo-Jordan\",\"updatedAt\":\"2024-01-09T16:14:17.916Z\",\"photoVersion\":4},\"redirectUrl\":\"https:\/\/web.facebook.com\/djordanonline?_rdc=1u0026_rdr\"}]}},{\"i\":\"78850bc1-dd0d-4971-8af0-b4048fb4973d\",\"x\":57,\"y\":106,\"w\":8,\"h\":8,\"id\":\"6598322b593b0ab5a9c16227\",\"name\":\"Componente Widget Banner 1x1\",\"gridCols\":100,\"type\":\"component\",\"data\":{\"displayConfig\":{\"filterBy\":\"widgets\",\"type\":\"ads\",\"widgetsOrderBy\":\"position\",\"sortBy\":\"asc\",\"keywords\":[{\"id\":\"65ef1c3918fb256d38f78d17\",\"label\":\"Interior Final\"}],\"adType\":\"banner\",\"zIndex\":10,\"offset\":5,\"limit\":1},\"customConfig\":{\"lg\":{\"box-5c855846-d7ab-4946-985d-cfc1dd3cd47fConfig\":{\"changeWidget\":\"box\",\"backgroundColor\":\"#d1d5dbff\"},\"box-5c855846-d7ab-4946-985d-cfc1dd3cd47fLayerOne\":{\"enabled\":true},\"avatar-d115f0f5-9555-46bb-bcb2-054e47ef3e47Config\":{\"changeWidget\":\"avatar\",\"openType\":\"redirectUrl\",\"targetBlank\":true},\"avatar-d115f0f5-9555-46bb-bcb2-054e47ef3e47AttributeFill\":{\"fillOption\":\"widget\",\"attributeFill\":[{\"title\":\"image\",\"canDelete\":true}]}}},\"content\":{\"layouts\":{\"lg\":[{\"i\":\"5c855846-d7ab-4946-985d-cfc1dd3cd47f\",\"x\":0,\"y\":0,\"w\":100,\"h\":100,\"type\":\"widget\",\"framework\":\"mui\",\"data\":\"box\"},{\"i\":\"d115f0f5-9555-46bb-bcb2-054e47ef3e47\",\"x\":3,\"y\":3,\"w\":94,\"h\":94,\"type\":\"widget\",\"framework\":\"mui\",\"data\":\"avatar\"}]}},\"rows\":[{\"name\":\"Interior Final 6 \/ 250x250: INACAP\",\"image\":{\"publicUrl\":\"https:\/\/s3-mspro.nyc3.digitaloceanspaces.com\/tenant\/658d9f90f0909def6c18fa2c\/mediaLibrary\/photo\/edc37920-6a5c-407e-8ce4-66a24ad9f80d.jpg\",\"privatePhotoUrlWithoutExtension\":\"tenant\/658d9f90f0909def6c18fa2c\/mediaLibrary\/photo\/edc37920-6a5c-407e-8ce4-66a24ad9f80d\",\"privatePhotoUrl\":\"tenant\/658d9f90f0909def6c18fa2c\/mediaLibrary\/photo\/edc37920-6a5c-407e-8ce4-66a24ad9f80d-medium-standard-q100.jpg?v=1755722668\",\"photoExtension\":\"jpg?v=1755722668\",\"type\":\"image\",\"name\":\"BANNER INACAP 336x336-01\",\"updatedAt\":\"2025-08-20T20:44:28.757Z\",\"photoVersion\":4},\"redirectUrl\":\"https:\/\/portal.inacap.c\"}]}},{\"i\":\"aa29fdd3-b48e-4775-8ac5-20310bc6f7b3\",\"x\":29,\"y\":115,\"w\":8,\"h\":8,\"id\":\"6598322b593b0ab5a9c16227\",\"name\":\"Componente Widget Banner 1x1\",\"gridCols\":100,\"type\":\"component\",\"data\":{\"displayConfig\":{\"filterBy\":\"widgets\",\"type\":\"ads\",\"widgetsOrderBy\":\"position\",\"sortBy\":\"asc\",\"keywords\":[{\"id\":\"65ef1c3918fb256d38f78d17\",\"label\":\"Interior Final\"}],\"adType\":\"banner\",\"zIndex\":10,\"offset\":7,\"limit\":1},\"customConfig\":{\"lg\":{\"box-5c855846-d7ab-4946-985d-cfc1dd3cd47fConfig\":{\"changeWidget\":\"box\",\"backgroundColor\":\"#d1d5dbff\"},\"box-5c855846-d7ab-4946-985d-cfc1dd3cd47fLayerOne\":{\"enabled\":true},\"avatar-d115f0f5-9555-46bb-bcb2-054e47ef3e47Config\":{\"changeWidget\":\"avatar\",\"openType\":\"redirectUrl\",\"targetBlank\":true},\"avatar-d115f0f5-9555-46bb-bcb2-054e47ef3e47AttributeFill\":{\"fillOption\":\"widget\",\"attributeFill\":[{\"title\":\"image\",\"canDelete\":true}]}}},\"content\":{\"layouts\":{\"lg\":[{\"i\":\"5c855846-d7ab-4946-985d-cfc1dd3cd47f\",\"x\":0,\"y\":0,\"w\":100,\"h\":100,\"type\":\"widget\",\"framework\":\"mui\",\"data\":\"box\"},{\"i\":\"d115f0f5-9555-46bb-bcb2-054e47ef3e47\",\"x\":3,\"y\":3,\"w\":94,\"h\":94,\"type\":\"widget\",\"framework\":\"mui\",\"data\":\"avatar\"}]}},\"rows\":[{\"name\":\"Interior Final 8 \/ 250x250: publicite aqui\",\"image\":{\"publicUrl\":\"https:\/\/s3-mspro.nyc3.digitaloceanspaces.com\/tenant\/658d9f90f0909def6c18fa2c\/mediaLibrary\/photo\/44fd1203-2960-44dd-a5c1-723e1b61b7f3.gif\",\"privatePhotoUrlWithoutExtension\":\"tenant\/658d9f90f0909def6c18fa2c\/mediaLibrary\/photo\/44fd1203-2960-44dd-a5c1-723e1b61b7f3\",\"privatePhotoUrl\":\"tenant\/658d9f90f0909def6c18fa2c\/mediaLibrary\/photo\/44fd1203-2960-44dd-a5c1-723e1b61b7f3.gif\",\"photoExtension\":\"gif\",\"type\":\"image\",\"name\":\"PUBLICITE AQUI 250x250\",\"updatedAt\":\"2025-02-05T12:32:01.326Z\",\"photoVersion\":4},\"redirectUrl\":\"https:\/\/www.radiopolar.com\/\"}]}},{\"i\":\"71ffb4c1-c022-440c-912e-7fb15a001ca3\",\"x\":39,\"y\":115,\"w\":8,\"h\":8,\"id\":\"6598322b593b0ab5a9c16227\",\"name\":\"Componente Widget Banner 1x1\",\"gridCols\":100,\"type\":\"component\",\"data\":{\"displayConfig\":{\"filterBy\":\"widgets\",\"type\":\"ads\",\"widgetsOrderBy\":\"position\",\"sortBy\":\"asc\",\"keywords\":[{\"id\":\"65ef1c3918fb256d38f78d17\",\"label\":\"Interior Final\"}],\"adType\":\"banner\",\"zIndex\":10,\"offset\":9,\"limit\":1},\"customConfig\":{\"lg\":{\"box-5c855846-d7ab-4946-985d-cfc1dd3cd47fConfig\":{\"changeWidget\":\"box\",\"backgroundColor\":\"#d1d5dbff\"},\"box-5c855846-d7ab-4946-985d-cfc1dd3cd47fLayerOne\":{\"enabled\":true},\"avatar-d115f0f5-9555-46bb-bcb2-054e47ef3e47Config\":{\"changeWidget\":\"avatar\",\"openType\":\"redirectUrl\",\"targetBlank\":true},\"avatar-d115f0f5-9555-46bb-bcb2-054e47ef3e47AttributeFill\":{\"fillOption\":\"widget\",\"attributeFill\":[{\"title\":\"image\",\"canDelete\":true}]}}},\"content\":{\"layouts\":{\"lg\":[{\"i\":\"5c855846-d7ab-4946-985d-cfc1dd3cd47f\",\"x\":0,\"y\":0,\"w\":100,\"h\":100,\"type\":\"widget\",\"framework\":\"mui\",\"data\":\"box\"},{\"i\":\"d115f0f5-9555-46bb-bcb2-054e47ef3e47\",\"x\":3,\"y\":3,\"w\":94,\"h\":94,\"type\":\"widget\",\"framework\":\"mui\",\"data\":\"avatar\"}]}},\"rows\":[{\"name\":\"Interior Final 10 \/ 250x250: SANCHEZ\",\"image\":{\"publicUrl\":\"https:\/\/s3-mspro.nyc3.digitaloceanspaces.com\/tenant\/658d9f90f0909def6c18fa2c\/mediaLibrary\/photo\/8e3be233-ec1b-483c-bb55-12aa1a7ad26f.gif\",\"privatePhotoUrlWithoutExtension\":\"tenant\/658d9f90f0909def6c18fa2c\/mediaLibrary\/photo\/8e3be233-ec1b-483c-bb55-12aa1a7ad26f\",\"privatePhotoUrl\":\"tenant\/658d9f90f0909def6c18fa2c\/mediaLibrary\/photo\/8e3be233-ec1b-483c-bb55-12aa1a7ad26f.gif\",\"photoExtension\":\"gif\",\"type\":\"image\",\"name\":\"POLAR_BANNER2 (1)\",\"updatedAt\":\"2026-03-16T12:25:22.940Z\",\"photoVersion\":4},\"redirectUrl\":\"https:\/\/sanchezysanchez.cl\/\"}]}},{\"i\":\"d5f044b7-e698-4ae5-9600-0ad8ec9b5770\",\"x\":29,\"y\":124,\"w\":8,\"h\":8,\"id\":\"6598322b593b0ab5a9c16227\",\"name\":\"Componente Widget Banner 1x1\",\"gridCols\":100,\"type\":\"component\",\"data\":{\"displayConfig\":{\"filterBy\":\"widgets\",\"type\":\"ads\",\"widgetsOrderBy\":\"position\",\"sortBy\":\"asc\",\"keywords\":[{\"id\":\"65ef1c3918fb256d38f78d17\",\"label\":\"Interior Final\"}],\"adType\":\"banner\",\"zIndex\":10,\"offset\":8,\"limit\":1},\"customConfig\":{\"lg\":{\"box-5c855846-d7ab-4946-985d-cfc1dd3cd47fConfig\":{\"changeWidget\":\"box\",\"backgroundColor\":\"#d1d5dbff\"},\"box-5c855846-d7ab-4946-985d-cfc1dd3cd47fLayerOne\":{\"enabled\":true},\"avatar-d115f0f5-9555-46bb-bcb2-054e47ef3e47Config\":{\"changeWidget\":\"avatar\",\"openType\":\"redirectUrl\",\"targetBlank\":true},\"avatar-d115f0f5-9555-46bb-bcb2-054e47ef3e47AttributeFill\":{\"fillOption\":\"widget\",\"attributeFill\":[{\"title\":\"image\",\"canDelete\":true}]}}},\"content\":{\"layouts\":{\"lg\":[{\"i\":\"5c855846-d7ab-4946-985d-cfc1dd3cd47f\",\"x\":0,\"y\":0,\"w\":100,\"h\":100,\"type\":\"widget\",\"framework\":\"mui\",\"data\":\"box\"},{\"i\":\"d115f0f5-9555-46bb-bcb2-054e47ef3e47\",\"x\":3,\"y\":3,\"w\":94,\"h\":94,\"type\":\"widget\",\"framework\":\"mui\",\"data\":\"avatar\"}]}},\"rows\":[{\"name\":\"Interior Final 9 \/ 250x250: recasur\",\"image\":{\"publicUrl\":\"https:\/\/s3-mspro.nyc3.digitaloceanspaces.com\/tenant\/658d9f90f0909def6c18fa2c\/mediaLibrary\/photo\/fffed5e9-7320-4730-b31b-565e4862c4f2.jpeg\",\"privatePhotoUrlWithoutExtension\":\"tenant\/658d9f90f0909def6c18fa2c\/mediaLibrary\/photo\/fffed5e9-7320-4730-b31b-565e4862c4f2\",\"privatePhotoUrl\":\"tenant\/658d9f90f0909def6c18fa2c\/mediaLibrary\/photo\/fffed5e9-7320-4730-b31b-565e4862c4f2-medium-standard-q100.jpeg?v=1704816269\",\"photoExtension\":\"jpeg?v=1704816269\",\"type\":\"image\",\"name\":\"8HOME-BANNER-RECASUR-336X336\",\"updatedAt\":\"2024-01-09T16:04:29.845Z\",\"photoVersion\":4},\"redirectUrl\":\"https:\/\/web.facebook.com\/RecasurZF\/\"}]}},{\"i\":\"7b4b80df-b472-4fd2-8444-98d6133ed0bc\",\"x\":39,\"y\":124,\"w\":8,\"h\":8,\"id\":\"6598322b593b0ab5a9c16227\",\"name\":\"Componente Widget Banner 1x1\",\"gridCols\":100,\"type\":\"component\",\"data\":{\"displayConfig\":{\"filterBy\":\"widgets\",\"type\":\"ads\",\"widgetsOrderBy\":\"position\",\"sortBy\":\"asc\",\"keywords\":[{\"id\":\"65ef1c3918fb256d38f78d17\",\"label\":\"Interior Final\"}],\"adType\":\"banner\",\"zIndex\":10,\"offset\":10,\"limit\":1},\"customConfig\":{\"lg\":{\"box-5c855846-d7ab-4946-985d-cfc1dd3cd47fConfig\":{\"changeWidget\":\"box\",\"backgroundColor\":\"#d1d5dbff\"},\"box-5c855846-d7ab-4946-985d-cfc1dd3cd47fLayerOne\":{\"enabled\":true},\"avatar-d115f0f5-9555-46bb-bcb2-054e47ef3e47Config\":{\"changeWidget\":\"avatar\",\"openType\":\"redirectUrl\",\"targetBlank\":true},\"avatar-d115f0f5-9555-46bb-bcb2-054e47ef3e47AttributeFill\":{\"fillOption\":\"widget\",\"attributeFill\":[{\"title\":\"image\",\"canDelete\":true}]}}},\"content\":{\"layouts\":{\"lg\":[{\"i\":\"5c855846-d7ab-4946-985d-cfc1dd3cd47f\",\"x\":0,\"y\":0,\"w\":100,\"h\":100,\"type\":\"widget\",\"framework\":\"mui\",\"data\":\"box\"},{\"i\":\"d115f0f5-9555-46bb-bcb2-054e47ef3e47\",\"x\":3,\"y\":3,\"w\":94,\"h\":94,\"type\":\"widget\",\"framework\":\"mui\",\"data\":\"avatar\"}]}},\"rows\":[{\"name\":\"Interior Final 11 \/ 250x250: Dap\",\"image\":{\"publicUrl\":\"https:\/\/s3-mspro.nyc3.digitaloceanspaces.com\/tenant\/658d9f90f0909def6c18fa2c\/mediaLibrary\/photo\/a93b09c1-a8b1-4c31-a0c3-9034d566ef16.png\",\"privatePhotoUrlWithoutExtension\":\"tenant\/658d9f90f0909def6c18fa2c\/mediaLibrary\/photo\/a93b09c1-a8b1-4c31-a0c3-9034d566ef16\",\"privatePhotoUrl\":\"tenant\/658d9f90f0909def6c18fa2c\/mediaLibrary\/photo\/a93b09c1-a8b1-4c31-a0c3-9034d566ef16-medium-standard-q100.png?v=1710002615\",\"photoExtension\":\"png?v=1710002615\",\"type\":\"image\",\"name\":\"banner-dap_250x250\",\"updatedAt\":\"2024-03-09T16:43:35.399Z\",\"photoVersion\":4},\"redirectUrl\":\"https:\/\/dapairline.com\/\"}]}},{\"i\":\"3ff3444e-d915-4c00-8474-f3fbce993f7d\",\"x\":11,\"y\":115,\"w\":17,\"h\":17,\"id\":\"6598322b593b0ab5a9c16227\",\"name\":\"Componente Widget Banner 1x1\",\"gridCols\":100,\"type\":\"component\",\"data\":{\"displayConfig\":{\"filterBy\":\"widgets\",\"type\":\"ads\",\"widgetsOrderBy\":\"position\",\"sortBy\":\"asc\",\"keywords\":[{\"id\":\"65ef1c3918fb256d38f78d17\",\"label\":\"Interior Final\"}],\"adType\":\"banner\",\"zIndex\":10,\"offset\":6,\"limit\":1},\"customConfig\":{\"lg\":{\"box-5c855846-d7ab-4946-985d-cfc1dd3cd47fConfig\":{\"changeWidget\":\"box\",\"backgroundColor\":\"#d1d5dbff\"},\"box-5c855846-d7ab-4946-985d-cfc1dd3cd47fLayerOne\":{\"enabled\":true},\"avatar-d115f0f5-9555-46bb-bcb2-054e47ef3e47Config\":{\"changeWidget\":\"avatar\",\"openType\":\"redirectUrl\",\"targetBlank\":true},\"avatar-d115f0f5-9555-46bb-bcb2-054e47ef3e47AttributeFill\":{\"fillOption\":\"widget\",\"attributeFill\":[{\"title\":\"image\",\"canDelete\":true}]}}},\"content\":{\"layouts\":{\"lg\":[{\"i\":\"5c855846-d7ab-4946-985d-cfc1dd3cd47f\",\"x\":0,\"y\":0,\"w\":100,\"h\":100,\"type\":\"widget\",\"framework\":\"mui\",\"data\":\"box\"},{\"i\":\"d115f0f5-9555-46bb-bcb2-054e47ef3e47\",\"x\":3,\"y\":3,\"w\":94,\"h\":94,\"type\":\"widget\",\"framework\":\"mui\",\"data\":\"avatar\"}]}},\"rows\":[{\"name\":\"Interior Final 7 \/ 336x336: PUBLICITE AQUI\",\"image\":{\"publicUrl\":\"https:\/\/s3-mspro.nyc3.digitaloceanspaces.com\/tenant\/658d9f90f0909def6c18fa2c\/mediaLibrary\/photo\/fbdaf73b-c17f-4a9c-ae0f-7fd8e9b6a19f.png\",\"privatePhotoUrlWithoutExtension\":\"tenant\/658d9f90f0909def6c18fa2c\/mediaLibrary\/photo\/fbdaf73b-c17f-4a9c-ae0f-7fd8e9b6a19f\",\"privatePhotoUrl\":\"tenant\/658d9f90f0909def6c18fa2c\/mediaLibrary\/photo\/fbdaf73b-c17f-4a9c-ae0f-7fd8e9b6a19f-medium-standard-q100.png?v=1762343366\",\"photoExtension\":\"png?v=1762343366\",\"type\":\"image\",\"name\":\"PUBLICITEAQUI336X336\",\"updatedAt\":\"2025-11-05T11:49:26.955Z\",\"photoVersion\":4},\"redirectUrl\":\"https:\/\/www.radiopolar.com\/\"}]}},{\"i\":\"4d05e831-009f-40c2-a8d7-84579bbddefe\",\"x\":48,\"y\":115,\"w\":17,\"h\":17,\"id\":\"6598322b593b0ab5a9c16227\",\"name\":\"Componente Widget Banner 1x1\",\"gridCols\":100,\"type\":\"component\",\"data\":{\"displayConfig\":{\"filterBy\":\"widgets\",\"type\":\"ads\",\"widgetsOrderBy\":\"position\",\"sortBy\":\"asc\",\"keywords\":[{\"id\":\"65ef1c3918fb256d38f78d17\",\"label\":\"Interior Final\"}],\"adType\":\"banner\",\"zIndex\":10,\"offset\":11,\"limit\":1},\"customConfig\":{\"lg\":{\"box-5c855846-d7ab-4946-985d-cfc1dd3cd47fConfig\":{\"changeWidget\":\"box\",\"backgroundColor\":\"#d1d5dbff\"},\"box-5c855846-d7ab-4946-985d-cfc1dd3cd47fLayerOne\":{\"enabled\":true},\"avatar-d115f0f5-9555-46bb-bcb2-054e47ef3e47Config\":{\"changeWidget\":\"avatar\",\"openType\":\"redirectUrl\",\"targetBlank\":true},\"avatar-d115f0f5-9555-46bb-bcb2-054e47ef3e47AttributeFill\":{\"fillOption\":\"widget\",\"attributeFill\":[{\"title\":\"image\",\"canDelete\":true}]}}},\"content\":{\"layouts\":{\"lg\":[{\"i\":\"5c855846-d7ab-4946-985d-cfc1dd3cd47f\",\"x\":0,\"y\":0,\"w\":100,\"h\":100,\"type\":\"widget\",\"framework\":\"mui\",\"data\":\"box\"},{\"i\":\"d115f0f5-9555-46bb-bcb2-054e47ef3e47\",\"x\":3,\"y\":3,\"w\":94,\"h\":94,\"type\":\"widget\",\"framework\":\"mui\",\"data\":\"avatar\"}]}},\"rows\":[{\"name\":\"Interior Final 12 \/ 336x336: PUBLICITE AQUI\",\"image\":{\"publicUrl\":\"https:\/\/s3-mspro.nyc3.digitaloceanspaces.com\/tenant\/658d9f90f0909def6c18fa2c\/mediaLibrary\/photo\/e085b762-3ba1-4786-891f-ead0903eb8f1.webp\",\"privatePhotoUrlWithoutExtension\":\"tenant\/658d9f90f0909def6c18fa2c\/mediaLibrary\/photo\/e085b762-3ba1-4786-891f-ead0903eb8f1\",\"privatePhotoUrl\":\"tenant\/658d9f90f0909def6c18fa2c\/mediaLibrary\/photo\/e085b762-3ba1-4786-891f-ead0903eb8f1-medium-standard-q100.webp?v=1742908913\",\"photoExtension\":\"webp?v=1742908913\",\"type\":\"image\",\"name\":\"publicite aqui\",\"updatedAt\":\"2025-03-25T13:21:53.519Z\",\"photoVersion\":4},\"redirectUrl\":\"https:\/\/www.radiopolar.com\/\"}]}},{\"i\":\"65c2a98d-4d2a-49c6-b602-ff76d484ad22\",\"x\":11,\"y\":0,\"w\":50,\"h\":2,\"id\":\"65a04f445b5dba041db49e99\",\"name\":\"Componente principal Entrada: 1 Fecha\",\"gridCols\":100,\"type\":\"component\",\"data\":{\"displayConfig\":{\"filterBy\":\"posts\",\"filterByParams\":[\"post\"],\"postsOrderBy\":\"datePublished\",\"sortBy\":\"desc\",\"zIndex\":1},\"customConfig\":{\"lg\":{\"typography-14f66c9a-edd6-480e-888f-849b57d6b647ConfigSelected\":{\"changeWidget\":\"typography\"},\"button-1bc0e75f-51d3-440d-804c-3b8785cc8469ConfigHover\":{\"changeWidget\":\"button\",\"color\":\"error\"},\"button-1bc0e75f-51d3-440d-804c-3b8785cc8469LayerOneHover\":{\"enabled\":true},\"typography-60d44d67-470f-4c77-af69-67e10edc46a1Config\":{\"changeWidget\":\"typography\",\"fontFamily\":\"Secondary\",\"fontSize\":2,\"noLineBreak\":true,\"alignContent\":\"center\",\"color\":\"info\",\"backgroundColor\":\"secondary\"},\"typography-60d44d67-470f-4c77-af69-67e10edc46a1LayerOne\":{\"enabled\":true},\"typography-60d44d67-470f-4c77-af69-67e10edc46a1LayerTwo\":{\"enabled\":true},\"typography-60d44d67-470f-4c77-af69-67e10edc46a1AttributeFill\":{\"fillOption\":\"post\",\"attributeFill\":[{\"title\":\"datePublished\",\"formatDate\":\"LL\",\"canDelete\":true}]},\"icon-c10044a8-7706-4f7b-bd67-3c64f218f6dfConfig\":{\"changeWidget\":\"icon\",\"alignContent\":\"center\",\"color\":\"info\",\"customIcon\":\"io5\/IoCalendarOutline\",\"width\":1.5,\"height\":1.5},\"icon-c10044a8-7706-4f7b-bd67-3c64f218f6dfLayerOne\":{\"enabled\":true},\"icon-c10044a8-7706-4f7b-bd67-3c64f218f6dfLayerTwo\":{\"enabled\":true}}},\"content\":{\"layouts\":{\"lg\":[{\"i\":\"60d44d67-470f-4c77-af69-67e10edc46a1\",\"x\":0,\"y\":0,\"w\":29,\"h\":3,\"type\":\"widget\",\"framework\":\"mui\",\"data\":\"typography\"},{\"i\":\"c10044a8-7706-4f7b-bd67-3c64f218f6df\",\"x\":0,\"y\":0,\"w\":4,\"h\":3,\"type\":\"widget\",\"framework\":\"mui\",\"data\":\"icon\"}]}},\"rows\":[{\"slug\":\"https:\/\/www.radiopolar.com\/sence-abre-postulaciones-cursos-gratuitos-puerto-natales-cupos-limitados\",\"primaryAuthor\":{\"id\":\"6989e3a9f45043c1b91f7bba\",\"name\":\"Equipo Polar Comunicaciones\",\"authorName\":\"Equipo Polar Comunicaciones\",\"slug\":\"\/author\/equipo-polar-comunicaciones\"},\"datePublished\":\"2026-03-28 15:00:00\"}]}},{\"i\":\"f3064b53-3d77-4073-b848-2319c4427fe7\",\"x\":11,\"y\":2,\"w\":54,\"h\":6,\"id\":\"65a04fc05b5dba0aa4b49e9c\",\"name\":\"Componente principal Entrada: 2 titulo y bajada\",\"gridCols\":100,\"type\":\"component\",\"data\":{\"displayConfig\":{\"filterBy\":\"posts\",\"filterByParams\":[\"post\"],\"postsOrderBy\":\"datePublished\",\"sortBy\":\"desc\",\"heightAuto\":true,\"zIndex\":1},\"customConfig\":{\"lg\":{\"typography-11352740-eab3-4805-ba8a-3eaa38d85250Config\":{\"changeWidget\":\"typography\",\"fontSize\":5,\"color\":\"primaryTitle\",\"typographyMaxLength\":1000,\"fontFamily\":\"Heading\",\"lineHeight\":\"1.1\",\"alignContent\":\"top left\",\"fontWeight\":\"800\"},\"typography-11352740-eab3-4805-ba8a-3eaa38d85250LayerOne\":{\"enabled\":true},\"typography-14f66c9a-edd6-480e-888f-849b57d6b647ConfigSelected\":{\"changeWidget\":\"typography\"},\"typography-11352740-eab3-4805-ba8a-3eaa38d85250AttributeFill\":{\"fillOption\":\"post\",\"attributeFill\":[{\"title\":\"title\",\"canDelete\":true}]},\"typography-18bd5393-b1da-4afc-92bf-26f1623c19f8Config\":{\"changeWidget\":\"typography\",\"fontSize\":2,\"typographyMaxLength\":1000,\"fontFamily\":\"Heading\"},\"typography-18bd5393-b1da-4afc-92bf-26f1623c19f8LayerOne\":{\"enabled\":true},\"typography-18bd5393-b1da-4afc-92bf-26f1623c19f8LayerTwo\":{\"enabled\":true},\"typography-11352740-eab3-4805-ba8a-3eaa38d85250LayerTwo\":{\"enabled\":true},\"button-1bc0e75f-51d3-440d-804c-3b8785cc8469ConfigHover\":{\"changeWidget\":\"button\",\"color\":\"error\"},\"button-1bc0e75f-51d3-440d-804c-3b8785cc8469LayerOneHover\":{\"enabled\":true},\"typography-18bd5393-b1da-4afc-92bf-26f1623c19f8AttributeFill\":{\"fillOption\":\"post\",\"attributeFill\":[{\"title\":\"extract\",\"canDelete\":true}]}}},\"content\":{\"layouts\":{\"lg\":[{\"i\":\"11352740-eab3-4805-ba8a-3eaa38d85250\",\"x\":0,\"y\":2,\"w\":100,\"h\":5,\"type\":\"widget\",\"framework\":\"mui\",\"data\":\"typography\"},{\"i\":\"18bd5393-b1da-4afc-92bf-26f1623c19f8\",\"x\":0,\"y\":7,\"w\":99,\"h\":3,\"type\":\"widget\",\"framework\":\"mui\",\"data\":\"typography\"}]}},\"rows\":[{\"title\":\"SENCE ABRE POSTULACIONES A CURSOS GRATUITOS EN PUERTO NATALES CON CUPOS LIMITADOS\",\"extract\":\"u003cpu003e\u200bLa iniciativa contempla dos capacitaciones orientadas a mejorar competencias laborales y apoyar el acceso a nuevas oportunidades en la comuna.u003cbru003eu003c\/pu003e\",\"slug\":\"https:\/\/www.radiopolar.com\/sence-abre-postulaciones-cursos-gratuitos-puerto-natales-cupos-limitados\",\"primaryAuthor\":{\"id\":\"6989e3a9f45043c1b91f7bba\",\"name\":\"Equipo Polar Comunicaciones\",\"authorName\":\"Equipo Polar Comunicaciones\",\"slug\":\"\/author\/equipo-polar-comunicaciones\"}}]}},{\"i\":\"8e0541bc-ada9-4114-a7de-6dfe83dcd2da\",\"x\":11,\"y\":8,\"w\":54,\"h\":33,\"id\":\"65a050625b5dba4a52b49e9f\",\"name\":\"Componente principal Entrada: 3 Imagen\",\"gridCols\":100,\"type\":\"component\",\"data\":{\"displayConfig\":{\"filterBy\":\"posts\",\"filterByParams\":[\"post\"],\"postsOrderBy\":\"datePublished\",\"sortBy\":\"desc\",\"zIndex\":1},\"customConfig\":{\"lg\":{\"avatar-18801413-401f-4306-b883-cd2713e2b676Config\":{\"changeWidget\":\"avatar\",\"avatarObjectFit\":\"cover\"},\"icon-47970ba6-06f8-4d21-a375-b316d82bcc9eConfig\":{\"changeWidget\":\"icon\",\"color\":\"primary\",\"customIcon\":\"bi\/BiLogoFacebookCircle\",\"width\":5,\"height\":5,\"openType\":\"share\",\"share\":\"facebook\",\"fontSize\":0.6,\"typographyMaxLength\":1000,\"alignContent\":\"center\"},\"icon-47970ba6-06f8-4d21-a375-b316d82bcc9eLayerOne\":{\"enabled\":true},\"icon-1407a8f8-4304-4f6e-9ff8-625d9ac89c74LayerOne\":{\"enabled\":true},\"icon-1407a8f8-4304-4f6e-9ff8-625d9ac89c74Config\":{\"changeWidget\":\"icon\",\"color\":\"primary\",\"customIcon\":\"ai\/AiFillTwitterCircle\",\"width\":5,\"height\":5,\"openType\":\"share\",\"share\":\"twitter\",\"fontSize\":0.6,\"alignContent\":\"center\"},\"icon-0d3c520f-7d4f-4f7d-9b74-7b7e46fcef0cLayerOne\":{\"enabled\":true},\"icon-0d3c520f-7d4f-4f7d-9b74-7b7e46fcef0cConfig\":{\"changeWidget\":\"icon\",\"color\":\"primary\",\"customIcon\":\"io\/IoLogoWhatsapp\",\"width\":5,\"height\":5,\"openType\":\"share\",\"share\":\"whatsapp\",\"fontSize\":0.6,\"alignContent\":\"center\"},\"icon-d250e8d4-653a-4b1f-b903-967804c06df0LayerOne\":{\"enabled\":true},\"icon-d250e8d4-653a-4b1f-b903-967804c06df0Config\":{\"changeWidget\":\"icon\",\"color\":\"primary\",\"customIcon\":\"im\/ImMail4\",\"width\":4.5,\"height\":4.5,\"openType\":\"share\",\"share\":\"email\",\"fontSize\":0.6,\"alignContent\":\"center\"},\"typography-14f66c9a-edd6-480e-888f-849b57d6b647ConfigSelected\":{\"changeWidget\":\"typography\"},\"avatar-18801413-401f-4306-b883-cd2713e2b676AttributeFill\":{\"fillOption\":\"post\",\"attributeFill\":[{\"title\":\"image\",\"canDelete\":true}]},\"button-1bc0e75f-51d3-440d-804c-3b8785cc8469ConfigHover\":{\"changeWidget\":\"button\",\"color\":\"error\"},\"button-1bc0e75f-51d3-440d-804c-3b8785cc8469LayerOneHover\":{\"enabled\":true},\"icon-47970ba6-06f8-4d21-a375-b316d82bcc9eLayerTwo\":{\"enabled\":true},\"icon-1407a8f8-4304-4f6e-9ff8-625d9ac89c74LayerTwo\":{\"enabled\":true},\"icon-0d3c520f-7d4f-4f7d-9b74-7b7e46fcef0cLayerTwo\":{\"enabled\":true},\"icon-d250e8d4-653a-4b1f-b903-967804c06df0LayerTwo\":{\"enabled\":true}}},\"content\":{\"layouts\":{\"lg\":[{\"i\":\"18801413-401f-4306-b883-cd2713e2b676\",\"x\":0,\"y\":0,\"w\":100,\"h\":56,\"type\":\"widget\",\"framework\":\"mui\",\"data\":\"avatar\"},{\"i\":\"47970ba6-06f8-4d21-a375-b316d82bcc9e\",\"x\":0,\"y\":57,\"w\":3,\"h\":3,\"type\":\"widget\",\"framework\":\"mui\",\"data\":\"icon\"},{\"i\":\"1407a8f8-4304-4f6e-9ff8-625d9ac89c74\",\"x\":3,\"y\":57,\"w\":3,\"h\":3,\"type\":\"widget\",\"framework\":\"mui\",\"data\":\"icon\"},{\"i\":\"0d3c520f-7d4f-4f7d-9b74-7b7e46fcef0c\",\"x\":6,\"y\":57,\"w\":3,\"h\":3,\"type\":\"widget\",\"framework\":\"mui\",\"data\":\"icon\"},{\"i\":\"d250e8d4-653a-4b1f-b903-967804c06df0\",\"x\":9,\"y\":57,\"w\":3,\"h\":3,\"type\":\"widget\",\"framework\":\"mui\",\"data\":\"icon\"}]}},\"rows\":[{\"image\":{\"publicUrl\":\"https:\/\/s3-mspro.nyc3.digitaloceanspaces.com\/tenant\/658d9f90f0909def6c18fa2c\/mediaLibrary\/photo\/5dbf8034-7f93-444b-b528-2774375e420e.png\",\"privatePhotoUrlWithoutExtension\":\"tenant\/658d9f90f0909def6c18fa2c\/mediaLibrary\/photo\/5dbf8034-7f93-444b-b528-2774375e420e\",\"privatePhotoUrl\":\"tenant\/658d9f90f0909def6c18fa2c\/mediaLibrary\/photo\/5dbf8034-7f93-444b-b528-2774375e420e-medium-standard-q100.png?v=1774706533\",\"photoExtension\":\"png?v=1774706533\",\"name\":\"sence\",\"photoVersion\":4,\"type\":\"image\"},\"slug\":\"https:\/\/www.radiopolar.com\/sence-abre-postulaciones-cursos-gratuitos-puerto-natales-cupos-limitados\",\"primaryAuthor\":{\"id\":\"6989e3a9f45043c1b91f7bba\",\"name\":\"Equipo Polar Comunicaciones\",\"authorName\":\"Equipo Polar Comunicaciones\",\"slug\":\"\/author\/equipo-polar-comunicaciones\"}}]}},{\"i\":\"8ef5d0a2-8994-49ff-84a5-643710882bf4\",\"x\":11,\"y\":41,\"w\":54,\"h\":58,\"id\":\"65a051475b5dbaeac6b49ea3\",\"name\":\"Componente principal Entrada: Cuerpo\",\"gridCols\":100,\"type\":\"component\",\"data\":{\"displayConfig\":{\"filterBy\":\"posts\",\"filterByParams\":[\"post\"],\"postsOrderBy\":\"datePublished\",\"sortBy\":\"desc\",\"heightAuto\":true,\"zIndex\":1},\"customConfig\":{\"lg\":{\"typography-06604375-b3eb-4de4-887a-980a654a8125Config\":{\"changeWidget\":\"typography\",\"fontSize\":3,\"typographyMaxLength\":100000,\"fontFamily\":\"SubHeading\"},\"typography-06604375-b3eb-4de4-887a-980a654a8125LayerOne\":{\"enabled\":true},\"typography-06604375-b3eb-4de4-887a-980a654a8125AttributeFill\":{\"fillOption\":\"post\",\"attributeFill\":[{\"title\":\"description\",\"canDelete\":true}]},\"typography-14f66c9a-edd6-480e-888f-849b57d6b647ConfigSelected\":{\"changeWidget\":\"typography\"},\"button-1bc0e75f-51d3-440d-804c-3b8785cc8469ConfigHover\":{\"changeWidget\":\"button\",\"color\":\"error\"},\"button-1bc0e75f-51d3-440d-804c-3b8785cc8469LayerOneHover\":{\"enabled\":true}}},\"content\":{\"layouts\":{\"lg\":[{\"i\":\"06604375-b3eb-4de4-887a-980a654a8125\",\"x\":0,\"y\":0,\"w\":100,\"h\":4,\"type\":\"widget\",\"framework\":\"mui\",\"data\":\"typography\"}]}},\"rows\":[{\"slug\":\"https:\/\/www.radiopolar.com\/sence-abre-postulaciones-cursos-gratuitos-puerto-natales-cupos-limitados\",\"primaryAuthor\":{\"id\":\"6989e3a9f45043c1b91f7bba\",\"name\":\"Equipo Polar Comunicaciones\",\"authorName\":\"Equipo Polar Comunicaciones\",\"slug\":\"\/author\/equipo-polar-comunicaciones\"},\"description\":\"u003cpu003eEl Servicio Nacional de Capacitaci\u00f3n y Empleo (SENCE) abri\u00f3 postulaciones a dos cursos gratuitos dirigidos a la comunidad de Puerto Natales, con el objetivo de fortalecer habilidades y facilitar el acceso al mundo laboral. La iniciativa es gestionada por el Consejo Regional de Capacitaci\u00f3n y cuenta con cupos limitados.u003c\/pu003eu003cpu003eLas capacitaciones disponibles son \u201cActividades de cuidados integrados y sociosanitarios para personas mayores con dependencia leve a moderada\u201d y \u201cLabores de soporte en instalaciones sanitarias\u201d, ambas orientadas a entregar herramientas pr\u00e1cticas en \u00e1reas con demanda laboral.u003c\/pu003eu003cpu003ePara postular, las personas interesadas deben ingresar a los sitios web u003ca rel=\"noopener\" href=\"http:\/\/www.sence.cl\" alt=\"www.sence.cl\" class=\"on\"u003ewww.sence.clu003c\/au003eu0026nbsp;o u003ca rel=\"noopener\" href=\"http:\/\/www.eligemejor.cl\" alt=\"www.eligemejor.cl\"u003ewww.eligemejor.clu003c\/au003e, utilizando su Clave \u00danica vigente. Entre los requisitos se considera ser mayor de edad y contar con Registro Social de Hogares (RSH) dentro del 80%.u003c\/pu003eu003cpu003eEl programa contempla beneficios como un subsidio diario y un subsidio de cuidados, destinado a quienes tengan a su cargo ni\u00f1os menores de seis a\u00f1os o personas mayores con dependencia, facilitando as\u00ed la participaci\u00f3n en los cursos.u003c\/pu003eu003cpu003eCada capacitaci\u00f3n cuenta con solo 15 cupos disponibles, por lo que el llamado es a postular con anticipaci\u00f3n. u003c\/pu003eu003cpu003e\u200bu003cbru003eu003c\/pu003e\"}]}},{\"i\":\"1e7d28c8-18b8-49e5-9e05-c74d1c1dbb1e\",\"x\":3,\"y\":146,\"w\":73,\"h\":21,\"id\":\"65981657593b0a63e9c15b02\",\"name\":\"Componente Card Noticias Destacadas Home\",\"gridCols\":100,\"type\":\"component\",\"data\":{\"displayConfig\":{\"formatType\":\"grid\",\"columns\":4,\"columnsDesktop\":6,\"columnsMobile\":6,\"columnsTablet\":6,\"columnsLargeDesktop\":6,\"columnsExtraLargeDesktop\":6,\"offset\":1,\"limit\":16,\"enabledLayer\":true,\"horizontalGutter\":1,\"filterBy\":\"posts\",\"filterByParams\":[\"tagOnePost\",\"tagTwoPost\",\"tagThreePost\",\"primaryCategoryPost\"],\"postsOrderBy\":\"datePublished\",\"sortBy\":\"desc\",\"alignContent\":\"top\"},\"customConfig\":{\"lg\":{\"avatar-d5bbbbb3-bb13-4bc2-9257-05523b32ed9dConfig\":{\"changeWidget\":\"avatar\",\"openType\":\"slug\",\"avatarObjectFit\":\"cover\"},\"typography-cd8b6410-273b-496e-b261-6b0adee8f86cConfig\":{\"changeWidget\":\"typography\",\"fontSize\":6,\"lineHeight\":\"1.2\",\"color\":\"#4a5563ff\",\"typographyMaxLength\":1000,\"openType\":\"slug\"},\"typography-cd8b6410-273b-496e-b261-6b0adee8f86cLayerOne\":{\"enabled\":true},\"typography-cd8b6410-273b-496e-b261-6b0adee8f86cAttributeFill\":{\"fillOption\":\"post\",\"attributeFill\":[{\"title\":\"title\",\"canDelete\":true}]},\"avatar-d5bbbbb3-bb13-4bc2-9257-05523b32ed9dAttributeFill\":{\"fillOption\":\"post\",\"attributeFill\":[{\"title\":\"image\",\"canDelete\":true}]},\"button-34675526-e5e0-415f-b86c-dfe00c3d91dfConfig\":{\"changeWidget\":\"button\",\"fontFamily\":\"Secondary\",\"fontSize\":4,\"customIcon\":\"io5\/IoCalendarSharp\",\"buttonPositionIcon\":\"left\",\"backgroundColor\":\"#b91c1bff\",\"buttonSize\":\"small\",\"buttonVariant\":\"contained\",\"color\":\"success\"},\"button-34675526-e5e0-415f-b86c-dfe00c3d91dfAttributeFill\":{\"fillOption\":\"post\",\"attributeFill\":[{\"title\":\"datePublished\",\"formatDate\":\"DD\/MM\/YYYY HH:mm\",\"canDelete\":true}]},\"button-34675526-e5e0-415f-b86c-dfe00c3d91dfLayerOne\":{\"enabled\":true}}},\"content\":{\"layouts\":{\"lg\":[{\"i\":\"d5bbbbb3-bb13-4bc2-9257-05523b32ed9d\",\"x\":0,\"y\":0,\"w\":100,\"h\":75,\"type\":\"widget\",\"framework\":\"mui\",\"data\":\"avatar\"},{\"i\":\"cd8b6410-273b-496e-b261-6b0adee8f86c\",\"x\":0,\"y\":91,\"w\":100,\"h\":43,\"type\":\"widget\",\"framework\":\"mui\",\"data\":\"typography\"},{\"i\":\"34675526-e5e0-415f-b86c-dfe00c3d91df\",\"x\":0,\"y\":79,\"w\":52,\"h\":8,\"type\":\"widget\",\"framework\":\"mui\",\"data\":\"button\"}]}},\"rows\":[{\"title\":\"INSTITUTO BRIT\u00c1NICO INVITA A LA COMUNIDAD A SUMARSE A SUS CURSOS DE INGL\u00c9S 2026\",\"image\":{\"publicUrl\":\"https:\/\/s3-mspro.nyc3.digitaloceanspaces.com\/tenant\/658d9f90f0909def6c18fa2c\/mediaLibrary\/photo\/53128003-76d7-4534-b3f4-2621082074a6.jpeg\",\"privatePhotoUrlWithoutExtension\":\"tenant\/658d9f90f0909def6c18fa2c\/mediaLibrary\/photo\/53128003-76d7-4534-b3f4-2621082074a6\",\"privatePhotoUrl\":\"tenant\/658d9f90f0909def6c18fa2c\/mediaLibrary\/photo\/53128003-76d7-4534-b3f4-2621082074a6-medium-standard-q100.jpeg?v=1774576601\",\"photoExtension\":\"jpeg?v=1774576601\",\"name\":\"binstitute\",\"photoVersion\":4,\"type\":\"image\"},\"slug\":\"https:\/\/www.radiopolar.com\/instituto-britanico-invita-comunidad-sumarse-cursos-ingles-2026\",\"primaryAuthor\":{\"id\":\"65ea08428325aff9da63f8f9\",\"name\":\"Prensa Radio Polar\",\"authorName\":\"Prensa Radio Polar\",\"slug\":\"\/author\/prensa-radio-polar\"},\"datePublished\":\"2026-03-26 21:15:00\"},{\"title\":\"CLUB NATALES SE ADJUDICA FONDO ENAP IMPULSA 2025 Y CONCRETA ALBERGUE DEPORTIVO PARA 24 PERSONAS\",\"image\":{\"publicUrl\":\"https:\/\/s3-mspro.nyc3.digitaloceanspaces.com\/tenant\/658d9f90f0909def6c18fa2c\/mediaLibrary\/photo\/75c082b0-00e1-4559-b31d-65b3d71c4b8d.jpeg\",\"privatePhotoUrlWithoutExtension\":\"tenant\/658d9f90f0909def6c18fa2c\/mediaLibrary\/photo\/75c082b0-00e1-4559-b31d-65b3d71c4b8d\",\"privatePhotoUrl\":\"tenant\/658d9f90f0909def6c18fa2c\/mediaLibrary\/photo\/75c082b0-00e1-4559-b31d-65b3d71c4b8d-medium-standard-q100.jpeg?v=1774548437\",\"photoExtension\":\"jpeg?v=1774548437\",\"name\":\"clubnatales\",\"photoVersion\":4,\"type\":\"image\"},\"slug\":\"https:\/\/www.radiopolar.com\/club-natales-adjudica-fondo-enap-impulsa-2025-concreta-albergue-deportivo-24-personas\",\"primaryAuthor\":{\"id\":\"65ea08428325aff9da63f8f9\",\"name\":\"Prensa Radio Polar\",\"authorName\":\"Prensa Radio Polar\",\"slug\":\"\/author\/prensa-radio-polar\"},\"datePublished\":\"2026-03-26 18:00:00\"},{\"title\":\"SERVIU PRESENT\u00d3 A LA COMUNIDAD DE VILLA RENOVAL EL DISE\u00d1O PARA NUEVA PLAZA Y ESPACIOS P\u00daBLICOS\",\"image\":{\"publicUrl\":\"https:\/\/s3-mspro.nyc3.digitaloceanspaces.com\/tenant\/658d9f90f0909def6c18fa2c\/mediaLibrary\/photo\/74136a1b-b3e6-4048-bb90-919acc7f51c6.jpg\",\"privatePhotoUrlWithoutExtension\":\"tenant\/658d9f90f0909def6c18fa2c\/mediaLibrary\/photo\/74136a1b-b3e6-4048-bb90-919acc7f51c6\",\"privatePhotoUrl\":\"tenant\/658d9f90f0909def6c18fa2c\/mediaLibrary\/photo\/74136a1b-b3e6-4048-bb90-919acc7f51c6-medium-standard-q100.jpg?v=1774547785\",\"photoExtension\":\"jpg?v=1774547785\",\"name\":\"SERVIU - Dise\u00f1o plaza Villa Renoval_3\",\"photoVersion\":4,\"type\":\"image\"},\"slug\":\"https:\/\/www.radiopolar.com\/serviu-presento-comunidad-villa-renoval-diseno-plaza-espacios-publicos\",\"primaryAuthor\":{\"id\":\"65ea08428325aff9da63f8f9\",\"name\":\"Prensa Radio Polar\",\"authorName\":\"Prensa Radio Polar\",\"slug\":\"\/author\/prensa-radio-polar\"},\"datePublished\":\"2026-03-26 16:00:00\"},{\"title\":\"DPP DE \u00daLTIMA ESPERANZA LIBER LAZO DESTACA HITO DE SEGURIDAD LABORAL EN OBRA DEL PUENTE SOBRE EL R\u00cdO RUBENS\",\"image\":{\"publicUrl\":\"https:\/\/s3-mspro.nyc3.digitaloceanspaces.com\/tenant\/658d9f90f0909def6c18fa2c\/mediaLibrary\/photo\/ddb81aba-554d-4b94-8194-6e862f5a7dc7.jpg\",\"privatePhotoUrlWithoutExtension\":\"tenant\/658d9f90f0909def6c18fa2c\/mediaLibrary\/photo\/ddb81aba-554d-4b94-8194-6e862f5a7dc7\",\"privatePhotoUrl\":\"tenant\/658d9f90f0909def6c18fa2c\/mediaLibrary\/photo\/ddb81aba-554d-4b94-8194-6e862f5a7dc7-medium-standard-q100.jpg?v=1774547249\",\"photoExtension\":\"jpg?v=1774547249\",\"name\":\"dppseguridadlaboral\",\"photoVersion\":4,\"type\":\"image\"},\"slug\":\"https:\/\/www.radiopolar.com\/dpp-esperanza-liber-lazo-destaca-hito-seguridad-laboral-obra-puente-rio-rubens\",\"primaryAuthor\":{\"id\":\"65ea08428325aff9da63f8f9\",\"name\":\"Prensa Radio Polar\",\"authorName\":\"Prensa Radio Polar\",\"slug\":\"\/author\/prensa-radio-polar\"},\"datePublished\":\"2026-03-26 15:00:00\"},{\"title\":\"PUNTA ARENAS: ADUANAS INCAUT\u00d3 MILES DE PRODUCTOS FALSOS EN MALLS CHINOS\",\"image\":{\"publicUrl\":\"https:\/\/s3-mspro.nyc3.digitaloceanspaces.com\/tenant\/658d9f90f0909def6c18fa2c\/mediaLibrary\/photo\/9da7be74-d25e-40c1-82f7-32043d260d63.jpeg\",\"privatePhotoUrlWithoutExtension\":\"tenant\/658d9f90f0909def6c18fa2c\/mediaLibrary\/photo\/9da7be74-d25e-40c1-82f7-32043d260d63\",\"privatePhotoUrl\":\"tenant\/658d9f90f0909def6c18fa2c\/mediaLibrary\/photo\/9da7be74-d25e-40c1-82f7-32043d260d63-medium-standard-q100.jpeg?v=1774459455\",\"photoExtension\":\"jpeg?v=1774459455\",\"name\":\"aduanaspuntaarenas\",\"photoVersion\":4,\"type\":\"image\"},\"slug\":\"https:\/\/www.radiopolar.com\/punta-arenas-aduanas-incauto-miles-productos-falsos-malls-chinos\",\"primaryAuthor\":{\"id\":\"65ea08428325aff9da63f8f9\",\"name\":\"Prensa Radio Polar\",\"authorName\":\"Prensa Radio Polar\",\"slug\":\"\/author\/prensa-radio-polar\"},\"datePublished\":\"2026-03-25 14:00:00\"},{\"title\":\"CONSEJEROS REGIONALES REALIZARON INSPECCI\u00d3N A AVANCES DE LA RUTA HOLLEMBERG \u2013 R\u00cdO P\u00c9REZ\",\"image\":{\"publicUrl\":\"https:\/\/s3-mspro.nyc3.digitaloceanspaces.com\/tenant\/658d9f90f0909def6c18fa2c\/mediaLibrary\/photo\/e6312564-0bb6-47b7-82e0-262e9af8337f.JPG\",\"privatePhotoUrlWithoutExtension\":\"tenant\/658d9f90f0909def6c18fa2c\/mediaLibrary\/photo\/e6312564-0bb6-47b7-82e0-262e9af8337f\",\"privatePhotoUrl\":\"tenant\/658d9f90f0909def6c18fa2c\/mediaLibrary\/photo\/e6312564-0bb6-47b7-82e0-262e9af8337f-medium-standard-q100.jpg?v=1774405378\",\"photoExtension\":\"jpg?v=1774405378\",\"name\":\"rutahollemberg\",\"photoVersion\":4,\"type\":\"image\"},\"slug\":\"https:\/\/www.radiopolar.com\/consejeros-regionales-realizaron-inspeccion-avances-ruta-hollemberg-rio-perez\",\"primaryAuthor\":{\"id\":\"65ea08428325aff9da63f8f9\",\"name\":\"Prensa Radio Polar\",\"authorName\":\"Prensa Radio Polar\",\"slug\":\"\/author\/prensa-radio-polar\"},\"datePublished\":\"2026-03-25 06:00:00\"},{\"title\":\"ASOCIACI\u00d3N MAGALLANES TUVO UNA EXITOSA PRIMERA COMPETENCIA DE APARTA DE GANADO\",\"image\":{\"publicUrl\":\"https:\/\/s3-mspro.nyc3.digitaloceanspaces.com\/tenant\/658d9f90f0909def6c18fa2c\/mediaLibrary\/photo\/6aaacb1f-5a89-4f25-a17a-e9687e8a956f.jpg\",\"privatePhotoUrlWithoutExtension\":\"tenant\/658d9f90f0909def6c18fa2c\/mediaLibrary\/photo\/6aaacb1f-5a89-4f25-a17a-e9687e8a956f\",\"privatePhotoUrl\":\"tenant\/658d9f90f0909def6c18fa2c\/mediaLibrary\/photo\/6aaacb1f-5a89-4f25-a17a-e9687e8a956f-medium-standard-q100.jpg?v=1774285860\",\"photoExtension\":\"jpg?v=1774285860\",\"name\":\"aguasucia\",\"photoVersion\":4,\"type\":\"image\"},\"slug\":\"https:\/\/www.radiopolar.com\/asociacion-magallanes-exitosa-competencia-aparta-ganado\",\"primaryAuthor\":{\"id\":\"65ea08428325aff9da63f8f9\",\"name\":\"Prensa Radio Polar\",\"authorName\":\"Prensa Radio Polar\",\"slug\":\"\/author\/prensa-radio-polar\"},\"datePublished\":\"2026-03-23 15:00:00\"},{\"title\":\"PDI REALIZA FISCALIZACI\u00d3N DE EXTRANJEROS EN PUERTO NATALES Y PUNTA ARENAS: 10 PERSONAS EN SITUACI\u00d3N MIGRATORIA IRREGULAR FUERON DENUNCIADAS\",\"image\":{\"publicUrl\":\"https:\/\/s3-mspro.nyc3.digitaloceanspaces.com\/tenant\/658d9f90f0909def6c18fa2c\/mediaLibrary\/photo\/e85779f6-d90b-454d-8044-d5b7594da670.jpeg\",\"privatePhotoUrlWithoutExtension\":\"tenant\/658d9f90f0909def6c18fa2c\/mediaLibrary\/photo\/e85779f6-d90b-454d-8044-d5b7594da670\",\"privatePhotoUrl\":\"tenant\/658d9f90f0909def6c18fa2c\/mediaLibrary\/photo\/e85779f6-d90b-454d-8044-d5b7594da670-medium-standard-q100.jpeg?v=1774228716\",\"photoExtension\":\"jpeg?v=1774228716\",\"name\":\"pdiextranjerosfiscalizacion\",\"photoVersion\":4,\"type\":\"image\"},\"slug\":\"https:\/\/www.radiopolar.com\/pdi-realiza-fiscalizacion-extranjeros-puerto-natales-punta-arenas-10-personas-situacion-migratoria-irregular-denunciadas\",\"primaryAuthor\":{\"id\":\"65ea08428325aff9da63f8f9\",\"name\":\"Prensa Radio Polar\",\"authorName\":\"Prensa Radio Polar\",\"slug\":\"\/author\/prensa-radio-polar\"},\"datePublished\":\"2026-03-23 06:00:00\"},{\"title\":\"DETENIDO HOMBRE POR AGRESI\u00d3N SEXUAL EN DISCOTECA DE PUERTO NATALES\",\"image\":{\"publicUrl\":\"https:\/\/s3-mspro.nyc3.digitaloceanspaces.com\/tenant\/658d9f90f0909def6c18fa2c\/mediaLibrary\/photo\/33caa9a4-182e-41e9-98fa-9dd462a0d0a4.jpeg\",\"privatePhotoUrlWithoutExtension\":\"tenant\/658d9f90f0909def6c18fa2c\/mediaLibrary\/photo\/33caa9a4-182e-41e9-98fa-9dd462a0d0a4\",\"privatePhotoUrl\":\"tenant\/658d9f90f0909def6c18fa2c\/mediaLibrary\/photo\/33caa9a4-182e-41e9-98fa-9dd462a0d0a4-medium-standard-q100.jpeg?v=1774201716\",\"photoExtension\":\"jpeg?v=1774201716\",\"name\":\"Detenido en Puerto Natales\",\"photoVersion\":4,\"type\":\"image\"},\"slug\":\"https:\/\/www.radiopolar.com\/detenido-hombre-agresion-sexual-discoteca-puerto-natales\",\"primaryAuthor\":{\"id\":\"6989e3a9f45043c1b91f7bba\",\"name\":\"Equipo Polar Comunicaciones\",\"authorName\":\"Equipo Polar Comunicaciones\",\"slug\":\"\/author\/equipo-polar-comunicaciones\"},\"datePublished\":\"2026-03-22 15:15:00\"},{\"title\":\"NATALES REGISTR\u00d3 M\u00c1S DE 3 MIL INASISTENCIAS A CITAS M\u00c9DICAS DURANTE 2025\",\"image\":{\"publicUrl\":\"https:\/\/s3-mspro.nyc3.digitaloceanspaces.com\/tenant\/658d9f90f0909def6c18fa2c\/mediaLibrary\/photo\/e1d53112-9383-4b7a-b9a9-aba1bfd2d595.jpg\",\"privatePhotoUrlWithoutExtension\":\"tenant\/658d9f90f0909def6c18fa2c\/mediaLibrary\/photo\/e1d53112-9383-4b7a-b9a9-aba1bfd2d595\",\"privatePhotoUrl\":\"tenant\/658d9f90f0909def6c18fa2c\/mediaLibrary\/photo\/e1d53112-9383-4b7a-b9a9-aba1bfd2d595-medium-standard-q100.jpg?v=1773976079\",\"photoExtension\":\"jpg?v=1773976079\",\"name\":\"editsome\",\"photoVersion\":4,\"type\":\"image\"},\"slug\":\"https:\/\/www.radiopolar.com\/natales-registro-mil-inasistencias-citas-medicas-2025\",\"primaryAuthor\":{\"id\":\"65ea08428325aff9da63f8f9\",\"name\":\"Prensa Radio Polar\",\"authorName\":\"Prensa Radio Polar\",\"slug\":\"\/author\/prensa-radio-polar\"},\"datePublished\":\"2026-03-20 12:00:00\"},{\"title\":\"CONDUCTOR EBRIO Y ACOMPA\u00d1ANTE CON ORDEN VIGENTE SON DETENIDOS EN PUERTO NATALES\",\"image\":{\"publicUrl\":\"https:\/\/s3-mspro.nyc3.digitaloceanspaces.com\/tenant\/658d9f90f0909def6c18fa2c\/mediaLibrary\/photo\/fb74e187-7925-4e50-9ed0-5fb4a83ce576.jpg\",\"privatePhotoUrlWithoutExtension\":\"tenant\/658d9f90f0909def6c18fa2c\/mediaLibrary\/photo\/fb74e187-7925-4e50-9ed0-5fb4a83ce576\",\"privatePhotoUrl\":\"tenant\/658d9f90f0909def6c18fa2c\/mediaLibrary\/photo\/fb74e187-7925-4e50-9ed0-5fb4a83ce576-medium-standard-q100.jpg?v=1758992575\",\"photoExtension\":\"jpg?v=1758992575\",\"name\":\"carabineros-patrulla-1200x630\",\"photoVersion\":4,\"type\":\"image\"},\"slug\":\"https:\/\/www.radiopolar.com\/conductor-ebrio-acompanante-orden-vigente-detenidos-puerto-natales\",\"primaryAuthor\":{\"id\":\"65ea08428325aff9da63f8f9\",\"name\":\"Prensa Radio Polar\",\"authorName\":\"Prensa Radio Polar\",\"slug\":\"\/author\/prensa-radio-polar\"},\"datePublished\":\"2026-03-19 21:00:00\"},{\"title\":\"DETIENEN A SUJETO POR AMENAZAS DE MUERTE CONTRA CARABINERO EN PUERTO NATALES\",\"image\":{\"publicUrl\":\"https:\/\/s3-mspro.nyc3.digitaloceanspaces.com\/tenant\/658d9f90f0909def6c18fa2c\/mediaLibrary\/photo\/baf1f05e-0a17-4906-bc70-06d1cec80286.jpg\",\"privatePhotoUrlWithoutExtension\":\"tenant\/658d9f90f0909def6c18fa2c\/mediaLibrary\/photo\/baf1f05e-0a17-4906-bc70-06d1cec80286\",\"privatePhotoUrl\":\"tenant\/658d9f90f0909def6c18fa2c\/mediaLibrary\/photo\/baf1f05e-0a17-4906-bc70-06d1cec80286-medium-standard-q100.jpg?v=1773940383\",\"photoExtension\":\"jpg?v=1773940383\",\"name\":\"segunda-comisaria-natales\",\"photoVersion\":4,\"type\":\"image\"},\"slug\":\"https:\/\/www.radiopolar.com\/detienen-sujeto-amenazas-muerte-carabinero-puerto-natales\",\"primaryAuthor\":{\"id\":\"65ea08428325aff9da63f8f9\",\"name\":\"Prensa Radio Polar\",\"authorName\":\"Prensa Radio Polar\",\"slug\":\"\/author\/prensa-radio-polar\"},\"datePublished\":\"2026-03-19 17:00:00\"},{\"title\":\"ALLANAN MUNICIPIO DE PUERTO NATALES Y DOMICILIOS DE EXAUTORIDADES TRAS QUERELLA POR DELITOS ECON\u00d3MICOS\",\"image\":{\"publicUrl\":\"https:\/\/s3-mspro.nyc3.digitaloceanspaces.com\/tenant\/658d9f90f0909def6c18fa2c\/mediaLibrary\/photo\/26e16b33-c959-4d6c-9772-70681ba99b70.png\",\"privatePhotoUrlWithoutExtension\":\"tenant\/658d9f90f0909def6c18fa2c\/mediaLibrary\/photo\/26e16b33-c959-4d6c-9772-70681ba99b70\",\"privatePhotoUrl\":\"tenant\/658d9f90f0909def6c18fa2c\/mediaLibrary\/photo\/26e16b33-c959-4d6c-9772-70681ba99b70-medium-standard-q100.png?v=1773939766\",\"photoExtension\":\"png?v=1773939766\",\"name\":\"muninatales\",\"photoVersion\":4,\"type\":\"image\"},\"slug\":\"https:\/\/www.radiopolar.com\/allanan-municipio-puerto-natales-domicilios-exautoridades-querella-delitos-economicos\",\"primaryAuthor\":{\"id\":\"65ea08428325aff9da63f8f9\",\"name\":\"Prensa Radio Polar\",\"authorName\":\"Prensa Radio Polar\",\"slug\":\"\/author\/prensa-radio-polar\"},\"datePublished\":\"2026-03-19 16:00:00\"},{\"title\":\"CRIADORES DE MAGALLANES REALIZAR\u00c1N SU PRIMERA FECHA DE APARTA DE GANADO ESTE DOMINGO\",\"image\":{\"publicUrl\":\"https:\/\/s3-mspro.nyc3.digitaloceanspaces.com\/tenant\/658d9f90f0909def6c18fa2c\/mediaLibrary\/photo\/7b59423f-af94-4853-9b0f-f3975691021d.jpg\",\"privatePhotoUrlWithoutExtension\":\"tenant\/658d9f90f0909def6c18fa2c\/mediaLibrary\/photo\/7b59423f-af94-4853-9b0f-f3975691021d\",\"privatePhotoUrl\":\"tenant\/658d9f90f0909def6c18fa2c\/mediaLibrary\/photo\/7b59423f-af94-4853-9b0f-f3975691021d-medium-standard-q100.jpg?v=1773879018\",\"photoExtension\":\"jpg?v=1773879018\",\"name\":\"Aparta_Magallanes_sede\",\"photoVersion\":4,\"type\":\"image\"},\"slug\":\"https:\/\/www.radiopolar.com\/criadores-magallanes-realizaran-fecha-aparta-ganado-domingo\",\"primaryAuthor\":{\"id\":\"65ea08428325aff9da63f8f9\",\"name\":\"Prensa Radio Polar\",\"authorName\":\"Prensa Radio Polar\",\"slug\":\"\/author\/prensa-radio-polar\"},\"datePublished\":\"2026-03-19 05:00:00\"},{\"title\":\"TIME POSICIONA A ESTANCIA MERCEDES DE PUERTO NATALES DENTRO DE LOS 100 DESTINOS M\u00c1S DESTACADOS DEL MUNDO 2026\",\"image\":{\"publicUrl\":\"https:\/\/s3-mspro.nyc3.digitaloceanspaces.com\/tenant\/658d9f90f0909def6c18fa2c\/mediaLibrary\/photo\/ffbd53d0-7fa1-4a76-8560-c6689a63d316.jpeg\",\"privatePhotoUrlWithoutExtension\":\"tenant\/658d9f90f0909def6c18fa2c\/mediaLibrary\/photo\/ffbd53d0-7fa1-4a76-8560-c6689a63d316\",\"privatePhotoUrl\":\"tenant\/658d9f90f0909def6c18fa2c\/mediaLibrary\/photo\/ffbd53d0-7fa1-4a76-8560-c6689a63d316-medium-standard-q100.jpeg?v=1773889570\",\"photoExtension\":\"jpeg?v=1773889570\",\"name\":\"estanciamercedes\",\"photoVersion\":4,\"type\":\"image\"},\"slug\":\"https:\/\/www.radiopolar.com\/time-posiciona-estancia-mercedes-puerto-natales-100-destinos-destacados-mundo-2026\",\"primaryAuthor\":{\"id\":\"65ea08428325aff9da63f8f9\",\"name\":\"Prensa Radio Polar\",\"authorName\":\"Prensa Radio Polar\",\"slug\":\"\/author\/prensa-radio-polar\"},\"datePublished\":\"2026-03-18 23:30:00\"},{\"title\":\"DELEGADO PRESIDENCIAL PROVINCIAL DE \u00daLTIMA ESPERANZA LIBER LAZO INICIA AGENDA TERRITORIAL EN EL CONCEJO MUNICIPAL DE TORRES DEL PAINE\",\"image\":{\"publicUrl\":\"https:\/\/s3-mspro.nyc3.digitaloceanspaces.com\/tenant\/658d9f90f0909def6c18fa2c\/mediaLibrary\/photo\/62c37fa8-8ca9-4203-a81f-2d6061d3c72c.jpg\",\"privatePhotoUrlWithoutExtension\":\"tenant\/658d9f90f0909def6c18fa2c\/mediaLibrary\/photo\/62c37fa8-8ca9-4203-a81f-2d6061d3c72c\",\"privatePhotoUrl\":\"tenant\/658d9f90f0909def6c18fa2c\/mediaLibrary\/photo\/62c37fa8-8ca9-4203-a81f-2d6061d3c72c-medium-standard-q100.jpg?v=1773798507\",\"photoExtension\":\"jpg?v=1773798507\",\"name\":\"CONCEJO T\",\"photoVersion\":4,\"type\":\"image\"},\"slug\":\"https:\/\/www.radiopolar.com\/delegado-presidencial-provincial-esperanza-liber-lazo-inicia-agenda-territorial-concejo-municipal-torres-paine\",\"primaryAuthor\":{\"id\":\"65ea08428325aff9da63f8f9\",\"name\":\"Prensa Radio Polar\",\"authorName\":\"Prensa Radio Polar\",\"slug\":\"\/author\/prensa-radio-polar\"},\"datePublished\":\"2026-03-18 05:00:00\"}]}},{\"i\":\"b54573aa-2397-41f6-9760-605e7755c9b1\",\"x\":3,\"y\":143,\"w\":73,\"h\":2,\"id\":\"65cb7db13a334ee21857ac5d\",\"name\":\"T\u00edtulo noticias relacionadas\",\"gridCols\":100,\"type\":\"component\",\"data\":{\"customConfig\":{\"lg\":{\"typography-514ae0a3-cfb7-42d0-975a-ad3e72297fdeConfig\":{\"changeWidget\":\"typography\",\"customTitle\":\"Noticias\",\"fontFamily\":\"Heading\",\"fontSize\":3,\"color\":\"#000000ff\",\"fontWeight\":\"600\",\"typographyMaxLength\":100,\"lineHeight\":\"1\",\"alignContent\":\"top left\"},\"typography-331e7e68-3459-4cfa-896d-a62b69826975Config\":{\"changeWidget\":\"typography\",\"customTitle\":\"Relacionadas\",\"fontFamily\":\"Heading\",\"fontSize\":3,\"color\":\"primary\",\"fontWeight\":\"600\",\"typographyMaxLength\":100,\"lineHeight\":\"1\",\"alignContent\":\"top left\"},\"typography-514ae0a3-cfb7-42d0-975a-ad3e72297fdeLayerOne\":{\"enabled\":true},\"typography-331e7e68-3459-4cfa-896d-a62b69826975LayerOne\":{\"enabled\":true},\"typography-331e7e68-3459-4cfa-896d-a62b69826975LayerTwo\":{\"enabled\":true},\"typography-514ae0a3-cfb7-42d0-975a-ad3e72297fdeLayerTwo\":{\"enabled\":true}}},\"content\":{\"layouts\":{\"lg\":[{\"i\":\"514ae0a3-cfb7-42d0-975a-ad3e72297fde\",\"x\":0,\"y\":0,\"w\":14,\"h\":4,\"type\":\"widget\",\"framework\":\"mui\",\"data\":\"typography\"},{\"i\":\"331e7e68-3459-4cfa-896d-a62b69826975\",\"x\":13,\"y\":0,\"w\":22,\"h\":5,\"type\":\"widget\",\"framework\":\"mui\",\"data\":\"typography\"}]}}}},{\"i\":\"3dc1e7b2-6e22-4829-bb84-3a610a229d63\",\"x\":63,\"y\":0,\"w\":2,\"h\":2,\"id\":\"65fa01ff913a1791a9e5ef08\",\"name\":\"Widget Hereda HTML\",\"gridCols\":100,\"type\":\"component\",\"data\":{\"displayConfig\":{\"filterBy\":\"widgets\",\"type\":\"codeEditor\",\"filterWidgets\":[{\"id\":\"65fa01b6913a172ed0e5ef06\",\"label\":\"Icono imprimir (html)\"}],\"adType\":\"banner\",\"enabledLayer\":true},\"customConfig\":{\"lg\":{\"typography-488dc433-db81-49a3-9acc-ea178edc17c1Config\":{\"changeWidget\":\"typography\"},\"typography-488dc433-db81-49a3-9acc-ea178edc17c1AttributeFill\":{\"fillOption\":\"widget\",\"attributeFill\":[{\"title\":\"html\",\"canDelete\":true}]}}},\"content\":{\"layouts\":{\"lg\":[{\"i\":\"488dc433-db81-49a3-9acc-ea178edc17c1\",\"x\":0,\"y\":0,\"w\":100,\"h\":13,\"type\":\"widget\",\"framework\":\"mui\",\"data\":\"typography\"}]}},\"rows\":[{\"name\":\"Icono imprimir\",\"html\":\"u003cdiv class=\"se-component se-image-container __se__float-\" contenteditable=\"false\" style=\"width: 100%;\"u003e      n  u003cfigure style=\"margin: 0px; width: 100%;\"u003en                u003cimg onclick=\"window.print();\"                src=\"https:\/\/s3-mspro.nyc3.digitaloceanspaces.com\/tenant\/6511ab48ed370780759ae0ec\/mediaLibrary\/photo\/7cfd6a9c-ebdb-4eff-9eaf-98fb017b79cf-medium-standard-q100.jpeg?v=1710883087\" alt=\"Imprimir\" data-proportion=\"true\" data-align=\"\" data-file-name=\"7cfd6a9c-ebdb-4eff-9eaf-98fb017b79cf-medium-standard-q100.jpeg?v=1710883087\" data-file-size=\"0\" data-origin=\",\" data-size=\"100%,auto\" data-percentage=\"100%,auto\" origin-size=\"640,640\" style=\"width: 100%; height: auto; cursor:pointer;\" data-index=\"0\"u003en  u003c\/figureu003enu003c\/divu003e\"}]}},{\"i\":\"7231cb36-2508-4752-b9ba-07cdd8658f61\",\"x\":0,\"y\":0,\"w\":10,\"h\":33,\"id\":\"65fa01ff913a1791a9e5ef08\",\"name\":\"Widget Hereda HTML\",\"gridCols\":100,\"type\":\"component\",\"data\":{\"displayConfig\":{\"heightAuto\":true,\"widthAuto\":true,\"filterBy\":\"widgets\",\"type\":\"ads\",\"filterWidgets\":[{\"id\":\"6601842c3b73fb3ca287b49c\",\"label\":\"Ads Google Adsense Interior Lateral Izquierdo (ads)\"}],\"adType\":\"adSense\"},\"customConfig\":{\"lg\":{\"typography-488dc433-db81-49a3-9acc-ea178edc17c1Config\":{\"changeWidget\":\"typography\"},\"typography-488dc433-db81-49a3-9acc-ea178edc17c1AttributeFill\":{\"fillOption\":\"widget\",\"attributeFill\":[{\"title\":\"ad\",\"canDelete\":true}]}}},\"content\":{\"layouts\":{\"lg\":[{\"i\":\"488dc433-db81-49a3-9acc-ea178edc17c1\",\"x\":0,\"y\":0,\"w\":100,\"h\":13,\"type\":\"widget\",\"framework\":\"mui\",\"data\":\"typography\"}]}}}}]}}}]},{\"id\":\"659814b9593b0a26bcc15af0\",\"name\":\"Seccion Inicio Escritorio\",\"active\":true,\"containers\":[{\"id\":\"6596e4ae6d82c0855247abac\",\"name\":\"Contenedor Portada Home\",\"active\":true,\"renderAs\":\"server\",\"gridCols\":{\"lg\":100,\"md\":100,\"xs\":100,\"daily\":100},\"marginBottom\":0,\"content\":{\"config\":{\"lg\":{\"compactType\":\"horizontal\"}},\"layouts\":{\"lg\":[{\"i\":\"73989bdd-b904-47e1-af12-6d6351a7c2a0\",\"x\":77,\"y\":11,\"w\":19,\"h\":20,\"id\":\"6598322b593b0ab5a9c16227\",\"name\":\"Componente Widget Banner 1x1\",\"gridCols\":100,\"type\":\"component\",\"data\":{\"displayConfig\":{\"offset\":0,\"limit\":1,\"filterBy\":\"widgets\",\"type\":\"ads\",\"keywords\":[{\"id\":\"65ef180f18fb253977f78cc2\",\"label\":\"Portada Laterales\"}],\"adType\":\"banner\",\"widgetsOrderBy\":\"position\",\"sortBy\":\"asc\"},\"customConfig\":{\"lg\":{\"box-5c855846-d7ab-4946-985d-cfc1dd3cd47fConfig\":{\"changeWidget\":\"box\",\"backgroundColor\":\"#d1d5dbff\"},\"box-5c855846-d7ab-4946-985d-cfc1dd3cd47fLayerOne\":{\"enabled\":true},\"avatar-d115f0f5-9555-46bb-bcb2-054e47ef3e47Config\":{\"changeWidget\":\"avatar\",\"openType\":\"redirectUrl\",\"targetBlank\":true},\"avatar-d115f0f5-9555-46bb-bcb2-054e47ef3e47AttributeFill\":{\"fillOption\":\"widget\",\"attributeFill\":[{\"title\":\"image\",\"canDelete\":true}]}}},\"content\":{\"layouts\":{\"lg\":[{\"i\":\"5c855846-d7ab-4946-985d-cfc1dd3cd47f\",\"x\":0,\"y\":0,\"w\":100,\"h\":100,\"type\":\"widget\",\"framework\":\"mui\",\"data\":\"box\"},{\"i\":\"d115f0f5-9555-46bb-bcb2-054e47ef3e47\",\"x\":3,\"y\":3,\"w\":94,\"h\":94,\"type\":\"widget\",\"framework\":\"mui\",\"data\":\"avatar\"}]}},\"rows\":[{\"name\":\"Portada Laterales 1 \/ 336x336: AGUAS MAGALLANES\",\"image\":{\"publicUrl\":\"https:\/\/s3-mspro.nyc3.digitaloceanspaces.com\/tenant\/658d9f90f0909def6c18fa2c\/mediaLibrary\/photo\/aff00f9b-6b06-40f3-a884-7a6293191437.png\",\"privatePhotoUrlWithoutExtension\":\"tenant\/658d9f90f0909def6c18fa2c\/mediaLibrary\/photo\/aff00f9b-6b06-40f3-a884-7a6293191437\",\"privatePhotoUrl\":\"tenant\/658d9f90f0909def6c18fa2c\/mediaLibrary\/photo\/aff00f9b-6b06-40f3-a884-7a6293191437-medium-standard-q100.png?v=1757602664\",\"photoExtension\":\"png?v=1757602664\",\"type\":\"image\",\"name\":\"BANNER AGUAS MAGALLANES 336\",\"updatedAt\":\"2025-09-11T14:57:44.358Z\",\"photoVersion\":4},\"redirectUrl\":\"http:\/\/www.aguasmagallanes.cl\/\"}]}},{\"i\":\"b213bbda-b6dc-4171-8136-913b22d8d09a\",\"x\":3,\"y\":4,\"w\":73,\"h\":28,\"id\":\"6596c7ae364f1439a8a5dcb2\",\"name\":\"prueba de tarjeta\",\"gridCols\":100,\"type\":\"component\",\"data\":{\"displayConfig\":{\"filterBy\":\"posts\",\"heightAuto\":true,\"postsOrderBy\":\"datePublished\",\"sortBy\":\"desc\",\"filterCategories\":[{\"id\":\"658da61b787b5fb6c8a09817\",\"label\":\"Descatadas\"}]},\"customConfig\":{\"lg\":{\"typography-007bba40-a17b-402c-bbe0-bacc00ec4858Config\":{\"changeWidget\":\"typography\",\"fontFamily\":\"PT Serif\",\"fontSize\":3,\"lineHeight\":\"1.2\",\"alignContent\":\"left\",\"color\":\"primaryTitle\",\"fontStyle\":\"normal\",\"fontWeight\":\"bold\",\"typographyMaxLength\":1000,\"openType\":\"slug\"},\"typography-007bba40-a17b-402c-bbe0-bacc00ec4858LayerOne\":{\"enabled\":true},\"typography-007bba40-a17b-402c-bbe0-bacc00ec4858AttributeFill\":{\"fillOption\":\"post\",\"attributeFill\":[{\"title\":\"title\",\"canDelete\":true}]},\"typography-bb9e140d-f31f-4ad9-b99a-ebaf579dd1f5Config\":{\"changeWidget\":\"typography\",\"fontFamily\":\"PT Serif\",\"fontSize\":1.4,\"lineHeight\":\"1\",\"color\":\"error\",\"customTitle\":\"Leer M\u00e1s\",\"typographyMaxLength\":1000,\"backgroundColor\":\"#991b1aff\",\"openType\":\"slug\",\"alignContent\":\"center\"},\"typography-bb9e140d-f31f-4ad9-b99a-ebaf579dd1f5LayerOne\":{\"enabled\":true},\"typography-bb9e140d-f31f-4ad9-b99a-ebaf579dd1f5LayerTwo\":{\"enabled\":true},\"typography-bb9e140d-f31f-4ad9-b99a-ebaf579dd1f5ConfigSelected\":{\"changeWidget\":\"typography\",\"fontFamily\":\"PT Serif\"},\"typography-bb9e140d-f31f-4ad9-b99a-ebaf579dd1f5LayerOneSelected\":{\"enabled\":true},\"typography-e605698e-c2ad-43e2-b09f-f6a5b08acb6aConfig\":{\"changeWidget\":\"typography\",\"fontFamily\":\"Primary\",\"fontSize\":1.5,\"lineHeight\":\"1.2\",\"color\":\"primaryTitle\",\"typographyMaxLength\":1000,\"colorAlpha\":100,\"fontWeight\":\"200\"},\"typography-e605698e-c2ad-43e2-b09f-f6a5b08acb6aLayerOne\":{\"enabled\":true},\"typography-007bba40-a17b-402c-bbe0-bacc00ec4858LayerTwo\":{\"enabled\":true},\"typography-68d71280-6c31-437a-9d9f-b9ee28138d13Config\":{\"changeWidget\":\"typography\",\"fontFamily\":\"PT Serif\",\"fontSize\":1.8,\"typographyMaxLength\":100000,\"color\":\"secondaryTitle\",\"lineHeight\":\"1.1\",\"openType\":\"slug\"},\"typography-68d71280-6c31-437a-9d9f-b9ee28138d13LayerOne\":{\"enabled\":true},\"typography-bb9e140d-f31f-4ad9-b99a-ebaf579dd1f5AttributeFill\":{\"fillOption\":\"post\",\"attributeFill\":[{\"title\":\"title\",\"canDelete\":true}]},\"typography-68d71280-6c31-437a-9d9f-b9ee28138d13AttributeFill\":{\"fillOption\":\"post\",\"attributeFill\":[{\"title\":\"extract\",\"canDelete\":true}]},\"typography-e605698e-c2ad-43e2-b09f-f6a5b08acb6aAttributeFill\":{\"fillOption\":\"post\",\"attributeFill\":[{\"title\":\"extract\",\"canDelete\":true}]},\"typography-68d71280-6c31-437a-9d9f-b9ee28138d13LayerTwo\":{\"enabled\":true},\"button-c5dd9cd7-675d-4380-9a24-8fb84d027ff5ConfigHover\":{\"changeWidget\":\"button\",\"color\":\"error\"},\"button-c5dd9cd7-675d-4380-9a24-8fb84d027ff5LayerOneHover\":{\"enabled\":true},\"box-449461c8-053d-4e95-8a26-504f107a2afcConfig\":{\"changeWidget\":\"box\",\"backgroundColor\":\"secondary\"},\"box-449461c8-053d-4e95-8a26-504f107a2afcLayerOne\":{\"enabled\":true},\"button-ad5d9142-209d-4e3b-be84-3d988ac4f7f9LayerOne\":{\"enabled\":true},\"button-ad5d9142-209d-4e3b-be84-3d988ac4f7f9Config\":{\"changeWidget\":\"button\",\"fontFamily\":\"Secondary\",\"fontSize\":1.2,\"lineHeight\":\"1\",\"alignContent\":\"center\",\"color\":\"info\",\"customIcon\":\"io5\/IoCalendarSharp\",\"buttonPositionIcon\":\"left\",\"buttonSize\":\"small\",\"openType\":\"slug\",\"buttonVariant\":\"text\"},\"button-ad5d9142-209d-4e3b-be84-3d988ac4f7f9AttributeFill\":{\"fillOption\":\"post\",\"attributeFill\":[{\"title\":\"datePublished\",\"formatDate\":\"DD\/MM\/YYYY HH:mm\",\"canDelete\":true}]},\"avatar-ffe8f32f-ba01-4179-bf2e-21e5664409d9ConfigSelected\":{\"changeWidget\":\"avatar\"},\"avatar-2ca74032-0442-40e3-b2ad-7fcb548a2ab5Config\":{\"changeWidget\":\"avatar\",\"openType\":\"slug\",\"width\":29,\"height\":22},\"avatar-2ca74032-0442-40e3-b2ad-7fcb548a2ab5AttributeFill\":{\"fillOption\":\"post\",\"attributeFill\":[{\"title\":\"image\",\"canDelete\":true}]},\"avatar-2ca74032-0442-40e3-b2ad-7fcb548a2ab5LayerOne\":{\"enabled\":true},\"typography-007bba40-a17b-402c-bbe0-bacc00ec4858ConfigHover\":{\"changeWidget\":\"typography\",\"color\":\"primary\"},\"typography-007bba40-a17b-402c-bbe0-bacc00ec4858LayerOneHover\":{\"enabled\":true}}},\"content\":{\"layouts\":{\"lg\":[{\"i\":\"007bba40-a17b-402c-bbe0-bacc00ec4858\",\"x\":30,\"y\":7,\"w\":70,\"h\":4,\"type\":\"widget\",\"framework\":\"mui\",\"data\":\"typography\"},{\"i\":\"bb9e140d-f31f-4ad9-b99a-ebaf579dd1f5\",\"x\":30,\"y\":15,\"w\":10,\"h\":3,\"type\":\"widget\",\"framework\":\"mui\",\"data\":\"typography\"},{\"i\":\"e605698e-c2ad-43e2-b09f-f6a5b08acb6a\",\"x\":30,\"y\":12,\"w\":70,\"h\":3,\"type\":\"widget\",\"framework\":\"mui\",\"data\":\"typography\"},{\"i\":\"68d71280-6c31-437a-9d9f-b9ee28138d13\",\"x\":30,\"y\":4,\"w\":69,\"h\":2,\"type\":\"widget\",\"framework\":\"mui\",\"data\":\"typography\"},{\"i\":\"449461c8-053d-4e95-8a26-504f107a2afc\",\"x\":30,\"y\":0,\"w\":15,\"h\":3,\"type\":\"widget\",\"framework\":\"mui\",\"data\":\"box\"},{\"i\":\"ad5d9142-209d-4e3b-be84-3d988ac4f7f9\",\"x\":29,\"y\":0,\"w\":17,\"h\":3,\"type\":\"widget\",\"framework\":\"mui\",\"data\":\"button\"},{\"i\":\"2ca74032-0442-40e3-b2ad-7fcb548a2ab5\",\"x\":0,\"y\":4,\"w\":29,\"h\":26,\"type\":\"widget\",\"framework\":\"mui\",\"data\":\"avatar\"}]}},\"rows\":[{\"title\":\"PDI CONFIRMA IDENTIDAD DE MUJER FALLECIDA EN PORVENIR: MUERTE SE ASOCIA A ASFIXIA POR SUMERSI\u00d3N\",\"extract\":\"u003cpu003e\u200bEl cuerpo fue identificado como Dafne Heresman y no presentar\u00eda lesiones atribuibles a la intervenci\u00f3n de terceros.u003cbru003eu003c\/pu003e\",\"image\":{\"publicUrl\":\"https:\/\/s3-mspro.nyc3.digitaloceanspaces.com\/tenant\/658d9f90f0909def6c18fa2c\/mediaLibrary\/photo\/247f868c-7503-47d1-97d0-0da5a198b48b.jpeg\",\"privatePhotoUrlWithoutExtension\":\"tenant\/658d9f90f0909def6c18fa2c\/mediaLibrary\/photo\/247f868c-7503-47d1-97d0-0da5a198b48b\",\"privatePhotoUrl\":\"tenant\/658d9f90f0909def6c18fa2c\/mediaLibrary\/photo\/247f868c-7503-47d1-97d0-0da5a198b48b-medium-standard-q100.jpeg?v=1774716553\",\"photoExtension\":\"jpeg?v=1774716553\",\"name\":\"PDI Mujer fallecida Porvenir\",\"photoVersion\":4,\"type\":\"image\"},\"slug\":\"https:\/\/www.radiopolar.com\/pdi-confirma-identidad-mujer-fallecida-porvenir-muerte-asocia-asfixia-sumersion\",\"primaryAuthor\":{\"id\":\"6989e3a9f45043c1b91f7bba\",\"name\":\"Equipo Polar Comunicaciones\",\"authorName\":\"Equipo Polar Comunicaciones\",\"slug\":\"\/author\/equipo-polar-comunicaciones\"},\"datePublished\":\"2026-03-28 13:55:00\"}]}},{\"i\":\"51c37129-9ddb-41b8-b802-9e4ab06fdb1d\",\"x\":77,\"y\":1,\"w\":20,\"h\":5,\"id\":\"659d4dcf2509f7125b84e3ce\",\"name\":\"Bot\u00f3n Polar Radio Home\",\"gridCols\":100,\"type\":\"component\",\"data\":{\"customConfig\":{\"lg\":{\"card-e1530b60-16f7-46a0-834c-1aff83a69a15Config\":{\"changeWidget\":\"card\",\"backgroundColor\":\"secondary\",\"openType\":\"url\",\"customUrl\":\"https:\/\/www.radiopolar.com\/radio-player\"},\"card-e1530b60-16f7-46a0-834c-1aff83a69a15LayerOne\":{\"enabled\":true},\"avatar-0c70039d-8845-4f62-a29f-d59ca7731130Config\":{\"changeWidget\":\"avatar\",\"avatarObjectFit\":\"contain\",\"showOriginalPhoto\":true,\"avatarFile\":{\"publicUrl\":\"https:\/\/s3-mspro.nyc3.digitaloceanspaces.com\/tenant\/658d9f90f0909def6c18fa2c\/mediaLibrary\/photo\/c334e4cf-d073-489d-9cbb-7da52f6da9ef.png\",\"privatePhotoUrlWithoutExtension\":\"tenant\/658d9f90f0909def6c18fa2c\/mediaLibrary\/photo\/c334e4cf-d073-489d-9cbb-7da52f6da9ef\",\"privatePhotoUrl\":\"tenant\/658d9f90f0909def6c18fa2c\/mediaLibrary\/photo\/c334e4cf-d073-489d-9cbb-7da52f6da9ef-medium-standard-q100.png?v=1704807740\",\"photoExtension\":\"png?v=1704807740\",\"type\":\"image\",\"name\":\"radio\",\"updatedAt\":\"2024-01-09T13:42:20.300Z\",\"photoVersion\":4},\"openType\":\"url\",\"customUrl\":\"https:\/\/www.radiopolar.com\/radio-player\"},\"icon-4b57ad4f-0c60-48de-9565-ba04482acd68Config\":{\"changeWidget\":\"icon\",\"color\":\"secondaryTitle\",\"customIcon\":\"io5\/IoPlayCircleOutline\",\"openType\":\"url\",\"customUrl\":\"https:\/\/www.radiopolar.com\/radio-player\"},\"icon-4b57ad4f-0c60-48de-9565-ba04482acd68LayerOne\":{\"enabled\":true}}},\"content\":{\"layouts\":{\"lg\":[{\"i\":\"e1530b60-16f7-46a0-834c-1aff83a69a15\",\"x\":0,\"y\":0,\"w\":100,\"h\":23,\"type\":\"widget\",\"framework\":\"mui\",\"data\":\"card\"},{\"i\":\"0c70039d-8845-4f62-a29f-d59ca7731130\",\"x\":5,\"y\":0,\"w\":70,\"h\":23,\"type\":\"widget\",\"framework\":\"mui\",\"data\":\"avatar\"},{\"i\":\"4b57ad4f-0c60-48de-9565-ba04482acd68\",\"x\":82,\"y\":0,\"w\":13,\"h\":23,\"type\":\"widget\",\"framework\":\"mui\",\"data\":\"icon\"}]}}}},{\"i\":\"f39facdf-d03b-439b-bd5a-fb9769e66009\",\"x\":77,\"y\":6,\"w\":20,\"h\":4,\"id\":\"659d4e722509f7148984e3d6\",\"name\":\"Bot\u00f3n Polar Podcast Home\",\"gridCols\":100,\"type\":\"component\",\"data\":{\"customConfig\":{\"lg\":{\"card-e1530b60-16f7-46a0-834c-1aff83a69a15Config\":{\"changeWidget\":\"card\",\"backgroundColor\":\"secondary\"},\"card-e1530b60-16f7-46a0-834c-1aff83a69a15LayerOne\":{\"enabled\":true},\"avatar-0c70039d-8845-4f62-a29f-d59ca7731130Config\":{\"changeWidget\":\"avatar\",\"avatarObjectFit\":\"contain\",\"showOriginalPhoto\":true,\"avatarFile\":{\"publicUrl\":\"https:\/\/s3-mspro.nyc3.digitaloceanspaces.com\/tenant\/658d9f90f0909def6c18fa2c\/mediaLibrary\/photo\/d41a2d1a-ad20-4688-98e5-450435e2571c.png\",\"privatePhotoUrlWithoutExtension\":\"tenant\/658d9f90f0909def6c18fa2c\/mediaLibrary\/photo\/d41a2d1a-ad20-4688-98e5-450435e2571c\",\"privatePhotoUrl\":\"tenant\/658d9f90f0909def6c18fa2c\/mediaLibrary\/photo\/d41a2d1a-ad20-4688-98e5-450435e2571c-medium-standard-q100.png?v=1704808070\",\"photoExtension\":\"png?v=1704808070\",\"type\":\"image\",\"name\":\"nuestrospodcast\",\"updatedAt\":\"2024-01-09T13:47:50.183Z\",\"photoVersion\":4},\"openType\":\"url\",\"customUrl\":\"https:\/\/www.radiopolar.com\/podcast\"},\"icon-4b57ad4f-0c60-48de-9565-ba04482acd68Config\":{\"changeWidget\":\"icon\",\"color\":\"secondaryTitle\",\"customIcon\":\"fa\/FaMicrophoneAlt\",\"alignContent\":\"center\",\"width\":10,\"height\":10},\"icon-4b57ad4f-0c60-48de-9565-ba04482acd68LayerOne\":{\"enabled\":true},\"icon-4b57ad4f-0c60-48de-9565-ba04482acd68LayerTwo\":{\"enabled\":true}}},\"content\":{\"layouts\":{\"lg\":[{\"i\":\"e1530b60-16f7-46a0-834c-1aff83a69a15\",\"x\":0,\"y\":0,\"w\":100,\"h\":23,\"type\":\"widget\",\"framework\":\"mui\",\"data\":\"card\"},{\"i\":\"0c70039d-8845-4f62-a29f-d59ca7731130\",\"x\":5,\"y\":0,\"w\":80,\"h\":23,\"type\":\"widget\",\"framework\":\"mui\",\"data\":\"avatar\"},{\"i\":\"4b57ad4f-0c60-48de-9565-ba04482acd68\",\"x\":82,\"y\":0,\"w\":13,\"h\":23,\"type\":\"widget\",\"framework\":\"mui\",\"data\":\"icon\"}]}}}}]}}},{\"id\":\"659817c1593b0af35ec15b0d\",\"name\":\"Contenedor Noticias Destacadas\",\"active\":true,\"renderAs\":\"server\",\"gridCols\":{\"lg\":100,\"md\":100,\"xs\":100,\"daily\":100},\"marginTop\":-90,\"marginBottom\":70,\"paddingBottom\":0,\"content\":{\"config\":{\"lg\":{\"compactType\":\"horizontal\"}},\"layouts\":{\"lg\":[{\"i\":\"32210611-363c-4e76-a300-a5a1fd9a411b\",\"x\":5,\"y\":5,\"w\":18,\"h\":28,\"id\":\"66db6d141b69d720dd1c4fc5\",\"name\":\"Tarjeta nueva home radiopolar\",\"gridCols\":100,\"type\":\"component\",\"data\":{\"displayConfig\":{\"formatType\":\"grid\",\"columns\":1,\"columnsDesktop\":24,\"columnsMobile\":24,\"columnsTablet\":24,\"columnsLargeDesktop\":24,\"columnsExtraLargeDesktop\":24,\"limit\":1,\"enabledLayer\":true,\"horizontalGutter\":1,\"filterBy\":\"posts\",\"postsOrderBy\":\"datePublished\",\"sortBy\":\"desc\",\"filterCategories\":[{\"id\":\"658da61b787b5fb6c8a09815\",\"label\":\"Destacadas 2\"}]},\"customConfig\":{\"lg\":{\"avatar-d5bbbbb3-bb13-4bc2-9257-05523b32ed9dConfig\":{\"changeWidget\":\"avatar\",\"openType\":\"slug\",\"avatarObjectFit\":\"cover\"},\"typography-cd8b6410-273b-496e-b261-6b0adee8f86cConfig\":{\"changeWidget\":\"typography\",\"fontSize\":5,\"lineHeight\":\"1.8\",\"color\":\"#4a5563ff\",\"typographyMaxLength\":100000000000000,\"openType\":\"slug\"},\"typography-cd8b6410-273b-496e-b261-6b0adee8f86cLayerOne\":{\"enabled\":true},\"typography-cd8b6410-273b-496e-b261-6b0adee8f86cAttributeFill\":{\"fillOption\":\"post\",\"attributeFill\":[{\"title\":\"title\",\"canDelete\":true}]},\"avatar-d5bbbbb3-bb13-4bc2-9257-05523b32ed9dAttributeFill\":{\"fillOption\":\"post\",\"attributeFill\":[{\"title\":\"image\",\"canDelete\":true}]},\"button-53710425-5d01-4086-bda8-87e860046417Config\":{\"changeWidget\":\"button\",\"fontSize\":5,\"color\":\"#ffffffff\",\"customIcon\":\"io5\/IoCalendar\",\"buttonPositionIcon\":\"left\",\"typographyMaxLength\":100,\"backgroundColor\":\"#b91c1bff\",\"buttonSize\":\"small\"},\"button-53710425-5d01-4086-bda8-87e860046417LayerOne\":{\"enabled\":true},\"button-53710425-5d01-4086-bda8-87e860046417AttributeFill\":{\"fillOption\":\"post\",\"attributeFill\":[{\"title\":\"datePublished\",\"formatDate\":\"DD\/MM\/YYYY HH:mm\",\"canDelete\":true}]}}},\"content\":{\"layouts\":{\"lg\":[{\"i\":\"d5bbbbb3-bb13-4bc2-9257-05523b32ed9d\",\"x\":0,\"y\":0,\"w\":100,\"h\":56,\"type\":\"widget\",\"framework\":\"mui\",\"data\":\"avatar\"},{\"i\":\"cd8b6410-273b-496e-b261-6b0adee8f86c\",\"x\":0,\"y\":71,\"w\":100,\"h\":10,\"type\":\"widget\",\"framework\":\"mui\",\"data\":\"typography\"},{\"i\":\"53710425-5d01-4086-bda8-87e860046417\",\"x\":0,\"y\":59,\"w\":68,\"h\":10,\"type\":\"widget\",\"framework\":\"mui\",\"data\":\"button\"}]}},\"rows\":[{\"title\":\"PUNTA ARENAS INAUGURA ESCUELAS DEPORTIVAS MUNICIPALES 2026 CON 250 CUPOS GRATUITOS\",\"image\":{\"publicUrl\":\"https:\/\/s3-mspro.nyc3.digitaloceanspaces.com\/tenant\/658d9f90f0909def6c18fa2c\/mediaLibrary\/photo\/f15e34e4-1dee-4aa4-a899-ed405da4d929.jpeg\",\"privatePhotoUrlWithoutExtension\":\"tenant\/658d9f90f0909def6c18fa2c\/mediaLibrary\/photo\/f15e34e4-1dee-4aa4-a899-ed405da4d929\",\"privatePhotoUrl\":\"tenant\/658d9f90f0909def6c18fa2c\/mediaLibrary\/photo\/f15e34e4-1dee-4aa4-a899-ed405da4d929-medium-standard-q100.jpeg?v=1774703351\",\"photoExtension\":\"jpeg?v=1774703351\",\"name\":\"escuelas deportivas\",\"photoVersion\":4,\"type\":\"image\"},\"slug\":\"https:\/\/www.radiopolar.com\/punta-arenas-inaugura-escuelas-deportivas-municipales-2026-250-cupos-gratuitos\",\"primaryAuthor\":{\"id\":\"6989e3a9f45043c1b91f7bba\",\"name\":\"Equipo Polar Comunicaciones\",\"authorName\":\"Equipo Polar Comunicaciones\",\"slug\":\"\/author\/equipo-polar-comunicaciones\"},\"datePublished\":\"2026-03-28 14:00:00\"}]}},{\"i\":\"ca14e5ec-b6bd-496e-addf-876e879ce518\",\"x\":77,\"y\":5,\"w\":19,\"h\":19,\"id\":\"6598322b593b0ab5a9c16227\",\"name\":\"Componente Widget Banner 1x1\",\"gridCols\":100,\"type\":\"component\",\"data\":{\"displayConfig\":{\"filterBy\":\"widgets\",\"type\":\"ads\",\"keywords\":[{\"id\":\"65ef180f18fb253977f78cc2\",\"label\":\"Portada Laterales\"}],\"adType\":\"banner\",\"offset\":1,\"limit\":1,\"widgetsOrderBy\":\"position\",\"sortBy\":\"asc\"},\"customConfig\":{\"lg\":{\"box-5c855846-d7ab-4946-985d-cfc1dd3cd47fConfig\":{\"changeWidget\":\"box\",\"backgroundColor\":\"#d1d5dbff\"},\"box-5c855846-d7ab-4946-985d-cfc1dd3cd47fLayerOne\":{\"enabled\":true},\"avatar-d115f0f5-9555-46bb-bcb2-054e47ef3e47Config\":{\"changeWidget\":\"avatar\",\"openType\":\"redirectUrl\"},\"avatar-d115f0f5-9555-46bb-bcb2-054e47ef3e47AttributeFill\":{\"fillOption\":\"widget\",\"attributeFill\":[{\"title\":\"image\",\"canDelete\":true}]}}},\"content\":{\"layouts\":{\"lg\":[{\"i\":\"5c855846-d7ab-4946-985d-cfc1dd3cd47f\",\"x\":0,\"y\":0,\"w\":100,\"h\":100,\"type\":\"widget\",\"framework\":\"mui\",\"data\":\"box\"},{\"i\":\"d115f0f5-9555-46bb-bcb2-054e47ef3e47\",\"x\":3,\"y\":3,\"w\":94,\"h\":94,\"type\":\"widget\",\"framework\":\"mui\",\"data\":\"avatar\"}]}},\"rows\":[{\"name\":\"Portada Laterales 2 \/ 336x336 crosur\",\"image\":{\"publicUrl\":\"https:\/\/s3-mspro.nyc3.digitaloceanspaces.com\/tenant\/658d9f90f0909def6c18fa2c\/mediaLibrary\/photo\/3b6fb482-0a87-4348-91e5-e9623a339ba0.gif\",\"privatePhotoUrlWithoutExtension\":\"tenant\/658d9f90f0909def6c18fa2c\/mediaLibrary\/photo\/3b6fb482-0a87-4348-91e5-e9623a339ba0\",\"privatePhotoUrl\":\"tenant\/658d9f90f0909def6c18fa2c\/mediaLibrary\/photo\/3b6fb482-0a87-4348-91e5-e9623a339ba0.gif\",\"photoExtension\":\"gif\",\"type\":\"image\",\"name\":\"crosur constructor\",\"updatedAt\":\"2026-03-09T18:59:48.886Z\",\"photoVersion\":4},\"redirectUrl\":\"http:\/\/www.crosur.cl\"}]}},{\"i\":\"b9081ac6-1903-4e4b-a6ff-318743221dc4\",\"x\":5,\"y\":1,\"w\":70,\"h\":3,\"id\":\"659bf62d0e11822025e737c0\",\"name\":\"T\u00edtulo de prueba\",\"gridCols\":100,\"type\":\"component\",\"data\":{\"displayConfig\":{\"enabledLayer\":true},\"customConfig\":{\"lg\":{\"typography-514ae0a3-cfb7-42d0-975a-ad3e72297fdeConfig\":{\"changeWidget\":\"typography\",\"customTitle\":\"Noticias\",\"fontFamily\":\"Heading\",\"fontSize\":3,\"color\":\"#000000ff\",\"fontWeight\":\"600\",\"typographyMaxLength\":100,\"lineHeight\":\"1\",\"alignContent\":\"top left\"},\"typography-331e7e68-3459-4cfa-896d-a62b69826975Config\":{\"changeWidget\":\"typography\",\"customTitle\":\"Destacadas\",\"fontFamily\":\"Heading\",\"fontSize\":3,\"color\":\"primary\",\"fontWeight\":\"600\",\"typographyMaxLength\":100,\"lineHeight\":\"1\",\"alignContent\":\"top left\"},\"typography-514ae0a3-cfb7-42d0-975a-ad3e72297fdeLayerOne\":{\"enabled\":true},\"typography-331e7e68-3459-4cfa-896d-a62b69826975LayerOne\":{\"enabled\":true},\"typography-331e7e68-3459-4cfa-896d-a62b69826975LayerTwo\":{\"enabled\":true},\"typography-514ae0a3-cfb7-42d0-975a-ad3e72297fdeLayerTwo\":{\"enabled\":true}}},\"content\":{\"layouts\":{\"lg\":[{\"i\":\"514ae0a3-cfb7-42d0-975a-ad3e72297fde\",\"x\":0,\"y\":0,\"w\":14,\"h\":4,\"type\":\"widget\",\"framework\":\"mui\",\"data\":\"typography\"},{\"i\":\"331e7e68-3459-4cfa-896d-a62b69826975\",\"x\":13,\"y\":0,\"w\":22,\"h\":5,\"type\":\"widget\",\"framework\":\"mui\",\"data\":\"typography\"}]}}}},{\"i\":\"9a10f3da-ea54-465d-b92f-b7f02cf13a92\",\"x\":3,\"y\":0,\"w\":72,\"h\":1,\"id\":\"659d5d962509f7b46284e627\",\"name\":\"Divisor de seccion\",\"gridCols\":100,\"type\":\"component\",\"data\":{\"displayConfig\":{\"enabledLayer\":true},\"customConfig\":{\"lg\":{\"divider-fd43ac56-2bce-4b3e-aaed-be4292acc723Config\":{\"changeWidget\":\"divider\",\"backgroundColor\":\"success\",\"height\":0.4,\"color\":\"secondary\"},\"divider-fd43ac56-2bce-4b3e-aaed-be4292acc723LayerOne\":{\"enabled\":true}}},\"content\":{\"layouts\":{\"lg\":[{\"i\":\"fd43ac56-2bce-4b3e-aaed-be4292acc723\",\"x\":0,\"y\":0,\"w\":100,\"h\":1,\"type\":\"widget\",\"framework\":\"mui\",\"data\":\"divider\"}]}}}},{\"i\":\"fe96f7e8-1717-485b-9fa1-3256964f9c30\",\"x\":30,\"y\":5,\"w\":18,\"h\":27,\"id\":\"66db6d141b69d720dd1c4fc5\",\"name\":\"Tarjeta nueva home radiopolar\",\"gridCols\":100,\"type\":\"component\",\"data\":{\"displayConfig\":{\"formatType\":\"grid\",\"columns\":1,\"columnsDesktop\":24,\"columnsMobile\":24,\"columnsTablet\":24,\"columnsLargeDesktop\":24,\"columnsExtraLargeDesktop\":24,\"offset\":1,\"limit\":1,\"enabledLayer\":true,\"horizontalGutter\":1,\"filterBy\":\"posts\",\"postsOrderBy\":\"datePublished\",\"sortBy\":\"desc\",\"filterCategories\":[{\"id\":\"658da61b787b5fb6c8a09815\",\"label\":\"Destacadas 2\"}]},\"customConfig\":{\"lg\":{\"avatar-d5bbbbb3-bb13-4bc2-9257-05523b32ed9dConfig\":{\"changeWidget\":\"avatar\",\"openType\":\"slug\",\"avatarObjectFit\":\"cover\"},\"typography-cd8b6410-273b-496e-b261-6b0adee8f86cConfig\":{\"changeWidget\":\"typography\",\"fontSize\":5,\"lineHeight\":\"1.8\",\"color\":\"#4a5563ff\",\"typographyMaxLength\":100000000000000,\"openType\":\"slug\"},\"typography-cd8b6410-273b-496e-b261-6b0adee8f86cLayerOne\":{\"enabled\":true},\"typography-cd8b6410-273b-496e-b261-6b0adee8f86cAttributeFill\":{\"fillOption\":\"post\",\"attributeFill\":[{\"title\":\"title\",\"canDelete\":true}]},\"avatar-d5bbbbb3-bb13-4bc2-9257-05523b32ed9dAttributeFill\":{\"fillOption\":\"post\",\"attributeFill\":[{\"title\":\"image\",\"canDelete\":true}]},\"button-53710425-5d01-4086-bda8-87e860046417Config\":{\"changeWidget\":\"button\",\"fontSize\":5,\"color\":\"#ffffffff\",\"customIcon\":\"io5\/IoCalendar\",\"buttonPositionIcon\":\"left\",\"typographyMaxLength\":100,\"backgroundColor\":\"#b91c1bff\",\"buttonSize\":\"small\"},\"button-53710425-5d01-4086-bda8-87e860046417LayerOne\":{\"enabled\":true},\"button-53710425-5d01-4086-bda8-87e860046417AttributeFill\":{\"fillOption\":\"post\",\"attributeFill\":[{\"title\":\"datePublished\",\"formatDate\":\"DD\/MM\/YYYY HH:mm\",\"canDelete\":true}]}}},\"content\":{\"layouts\":{\"lg\":[{\"i\":\"d5bbbbb3-bb13-4bc2-9257-05523b32ed9d\",\"x\":0,\"y\":0,\"w\":100,\"h\":56,\"type\":\"widget\",\"framework\":\"mui\",\"data\":\"avatar\"},{\"i\":\"cd8b6410-273b-496e-b261-6b0adee8f86c\",\"x\":0,\"y\":71,\"w\":100,\"h\":10,\"type\":\"widget\",\"framework\":\"mui\",\"data\":\"typography\"},{\"i\":\"53710425-5d01-4086-bda8-87e860046417\",\"x\":0,\"y\":59,\"w\":68,\"h\":10,\"type\":\"widget\",\"framework\":\"mui\",\"data\":\"button\"}]}},\"rows\":[{\"title\":\"REALIZAR\u00c1N JORNADA DE REGISTRO DE DONANTES DE M\u00c9DULA \u00d3SEA EN PUNTA ARENAS PARA APOYAR A PACIENTE CON LEUCEMIA\",\"image\":{\"publicUrl\":\"https:\/\/s3-mspro.nyc3.digitaloceanspaces.com\/tenant\/658d9f90f0909def6c18fa2c\/mediaLibrary\/photo\/a2e53baf-00cb-4639-883f-e4fc354a851b.webp\",\"privatePhotoUrlWithoutExtension\":\"tenant\/658d9f90f0909def6c18fa2c\/mediaLibrary\/photo\/a2e53baf-00cb-4639-883f-e4fc354a851b\",\"privatePhotoUrl\":\"tenant\/658d9f90f0909def6c18fa2c\/mediaLibrary\/photo\/a2e53baf-00cb-4639-883f-e4fc354a851b-medium-standard-q100.webp?v=1774666692\",\"photoExtension\":\"webp?v=1774666692\",\"name\":\"GONZALO ATLAGICH\",\"photoVersion\":4,\"type\":\"image\"},\"slug\":\"https:\/\/www.radiopolar.com\/realizaran-jornada-registro-donantes-medula-osea-punta-arenas-apoyar-paciente-leucemia\",\"primaryAuthor\":{\"id\":\"6989e3a9f45043c1b91f7bba\",\"name\":\"Equipo Polar Comunicaciones\",\"authorName\":\"Equipo Polar Comunicaciones\",\"slug\":\"\/author\/equipo-polar-comunicaciones\"},\"datePublished\":\"2026-03-28 09:00:00\"}]}},{\"i\":\"22fbddb9-5c16-4806-89f0-b49dd06bbb62\",\"x\":55,\"y\":5,\"w\":18,\"h\":31,\"id\":\"66db6d141b69d720dd1c4fc5\",\"name\":\"Tarjeta nueva home radiopolar\",\"gridCols\":100,\"type\":\"component\",\"data\":{\"displayConfig\":{\"formatType\":\"grid\",\"columns\":1,\"columnsDesktop\":24,\"columnsMobile\":24,\"columnsTablet\":24,\"columnsLargeDesktop\":24,\"columnsExtraLargeDesktop\":24,\"offset\":2,\"limit\":1,\"enabledLayer\":true,\"horizontalGutter\":1,\"filterBy\":\"posts\",\"postsOrderBy\":\"datePublished\",\"sortBy\":\"desc\",\"filterCategories\":[{\"id\":\"658da61b787b5fb6c8a09815\",\"label\":\"Destacadas 2\"}]},\"customConfig\":{\"lg\":{\"avatar-d5bbbbb3-bb13-4bc2-9257-05523b32ed9dConfig\":{\"changeWidget\":\"avatar\",\"openType\":\"slug\",\"avatarObjectFit\":\"cover\"},\"typography-cd8b6410-273b-496e-b261-6b0adee8f86cConfig\":{\"changeWidget\":\"typography\",\"fontSize\":5,\"lineHeight\":\"1.8\",\"color\":\"#4a5563ff\",\"typographyMaxLength\":100000000000000,\"openType\":\"slug\"},\"typography-cd8b6410-273b-496e-b261-6b0adee8f86cLayerOne\":{\"enabled\":true},\"typography-cd8b6410-273b-496e-b261-6b0adee8f86cAttributeFill\":{\"fillOption\":\"post\",\"attributeFill\":[{\"title\":\"title\",\"canDelete\":true}]},\"avatar-d5bbbbb3-bb13-4bc2-9257-05523b32ed9dAttributeFill\":{\"fillOption\":\"post\",\"attributeFill\":[{\"title\":\"image\",\"canDelete\":true}]},\"button-53710425-5d01-4086-bda8-87e860046417Config\":{\"changeWidget\":\"button\",\"fontSize\":5,\"color\":\"#ffffffff\",\"customIcon\":\"io5\/IoCalendar\",\"buttonPositionIcon\":\"left\",\"typographyMaxLength\":100,\"backgroundColor\":\"#b91c1bff\",\"buttonSize\":\"small\"},\"button-53710425-5d01-4086-bda8-87e860046417LayerOne\":{\"enabled\":true},\"button-53710425-5d01-4086-bda8-87e860046417AttributeFill\":{\"fillOption\":\"post\",\"attributeFill\":[{\"title\":\"datePublished\",\"formatDate\":\"DD\/MM\/YYYY HH:mm\",\"canDelete\":true}]}}},\"content\":{\"layouts\":{\"lg\":[{\"i\":\"d5bbbbb3-bb13-4bc2-9257-05523b32ed9d\",\"x\":0,\"y\":0,\"w\":100,\"h\":56,\"type\":\"widget\",\"framework\":\"mui\",\"data\":\"avatar\"},{\"i\":\"cd8b6410-273b-496e-b261-6b0adee8f86c\",\"x\":0,\"y\":71,\"w\":100,\"h\":10,\"type\":\"widget\",\"framework\":\"mui\",\"data\":\"typography\"},{\"i\":\"53710425-5d01-4086-bda8-87e860046417\",\"x\":0,\"y\":59,\"w\":68,\"h\":10,\"type\":\"widget\",\"framework\":\"mui\",\"data\":\"button\"}]}},\"rows\":[{\"title\":\"TURISMO REGENERATIVO TOMA FUERZA EN MAGALLANES COMO NUEVO MODELO DE CONSERVACI\u00d3N EN LA PATAGONIA CHILENA\",\"image\":{\"publicUrl\":\"https:\/\/s3-mspro.nyc3.digitaloceanspaces.com\/tenant\/658d9f90f0909def6c18fa2c\/mediaLibrary\/photo\/28966f9e-41a9-4f0a-adcc-0c1695a16df4.jpg\",\"privatePhotoUrlWithoutExtension\":\"tenant\/658d9f90f0909def6c18fa2c\/mediaLibrary\/photo\/28966f9e-41a9-4f0a-adcc-0c1695a16df4\",\"privatePhotoUrl\":\"tenant\/658d9f90f0909def6c18fa2c\/mediaLibrary\/photo\/28966f9e-41a9-4f0a-adcc-0c1695a16df4-medium-standard-q100.jpg?v=1774664488\",\"photoExtension\":\"jpg?v=1774664488\",\"name\":\"Turismo Regenerativo\",\"photoVersion\":4,\"type\":\"image\"},\"slug\":\"https:\/\/www.radiopolar.com\/turismo-regenerativo-toma-fuerza-magallanes-modelo-conservacion-patagonia-chilena\",\"primaryAuthor\":{\"id\":\"6989e3a9f45043c1b91f7bba\",\"name\":\"Equipo Polar Comunicaciones\",\"authorName\":\"Equipo Polar Comunicaciones\",\"slug\":\"\/author\/equipo-polar-comunicaciones\"},\"datePublished\":\"2026-03-28 08:00:00\"}]}}]}}},{\"id\":\"690a2896b507520cd5ad1812\",\"name\":\"Container Elecciones\",\"active\":true,\"renderAs\":\"server\",\"gridCols\":{\"lg\":100,\"md\":100,\"xs\":100,\"daily\":100},\"marginTop\":-300,\"marginBottom\":220,\"content\":{\"config\":{\"lg\":{\"compactType\":\"horizontal\"}},\"layouts\":{\"lg\":[{\"i\":\"63a07b05-016a-439e-b344-8c9302724a4c\",\"x\":4,\"y\":1,\"w\":92,\"h\":35,\"id\":\"690a28b3b507525befad182b\",\"name\":\"Componente Elecciones Fondo\",\"gridCols\":100,\"type\":\"component\",\"data\":{\"customConfig\":{\"lg\":{\"avatar-66f50e96-006c-4d5b-bfb0-b8564135765bConfig\":{\"changeWidget\":\"avatar\",\"avatarObjectFit\":\"cover\",\"avatarFile\":{\"publicUrl\":\"https:\/\/s3-mspro.nyc3.digitaloceanspaces.com\/tenant\/658d9f90f0909def6c18fa2c\/mediaLibrary\/photo\/21b8c58b-8edd-47bc-b46d-4d979b889849.png\",\"privatePhotoUrlWithoutExtension\":\"tenant\/658d9f90f0909def6c18fa2c\/mediaLibrary\/photo\/21b8c58b-8edd-47bc-b46d-4d979b889849\",\"privatePhotoUrl\":\"tenant\/658d9f90f0909def6c18fa2c\/mediaLibrary\/photo\/21b8c58b-8edd-47bc-b46d-4d979b889849-medium-standard-q100.png?v=1762273540\",\"photoExtension\":\"png?v=1762273540\",\"type\":\"image\",\"name\":\"Imagen fondo elecciones\",\"updatedAt\":\"2025-11-04T16:25:40.205Z\",\"photoVersion\":4}},\"box-d917ad77-a1e0-4be8-865a-a71715bea186Config\":{\"changeWidget\":\"box\",\"backgroundColor\":\"#10326798\",\"backgroundColorAlpha\":98},\"box-d917ad77-a1e0-4be8-865a-a71715bea186LayerOne\":{\"enabled\":true},\"box-29f95018-4bf1-411c-950f-a00959afbde7LayerOne\":{\"enabled\":true},\"box-29f95018-4bf1-411c-950f-a00959afbde7Config\":{\"changeWidget\":\"box\",\"backgroundColor\":\"#10326770\",\"backgroundColorAlpha\":70},\"box-4053c5c8-8baf-40d5-9bcc-4ec914de0db4Config\":{\"changeWidget\":\"box\",\"backgroundColor\":\"#ffffffff\",\"backgroundColorAlpha\":100},\"box-4053c5c8-8baf-40d5-9bcc-4ec914de0db4LayerOne\":{\"enabled\":true},\"avatar-66f50e96-006c-4d5b-bfb0-b8564135765bLayerOne\":{\"enabled\":true},\"avatar-10f6f702-391c-4507-a235-713a2178bda9Config\":{\"changeWidget\":\"avatar\",\"avatarObjectFit\":\"contain\",\"avatarFile\":{\"publicUrl\":\"https:\/\/s3-mspro.nyc3.digitaloceanspaces.com\/tenant\/658d9f90f0909def6c18fa2c\/mediaLibrary\/photo\/5da21039-a453-4de1-9d52-435a8ca5d750.jpg\",\"privatePhotoUrlWithoutExtension\":\"tenant\/658d9f90f0909def6c18fa2c\/mediaLibrary\/photo\/5da21039-a453-4de1-9d52-435a8ca5d750\",\"privatePhotoUrl\":\"tenant\/658d9f90f0909def6c18fa2c\/mediaLibrary\/photo\/5da21039-a453-4de1-9d52-435a8ca5d750-medium-standard-q100.jpg?v=1762274630\",\"photoExtension\":\"jpg?v=1762274630\",\"type\":\"image\",\"name\":\"letras servel\",\"updatedAt\":\"2025-11-04T16:43:50.373Z\",\"photoVersion\":4}},\"avatar-10f6f702-391c-4507-a235-713a2178bda9LayerOne\":{\"enabled\":true},\"avatar-f2ea4273-6576-417c-b846-109deeee78d7LayerOne\":{\"enabled\":true},\"avatar-f2ea4273-6576-417c-b846-109deeee78d7Config\":{\"changeWidget\":\"avatar\",\"avatarObjectFit\":\"contain\",\"avatarFile\":{\"publicUrl\":\"https:\/\/s3-mspro.nyc3.digitaloceanspaces.com\/tenant\/658d9f90f0909def6c18fa2c\/mediaLibrary\/photo\/76f43abb-cf96-4265-9b43-7c35fb5ed513.jpg\",\"privatePhotoUrlWithoutExtension\":\"tenant\/658d9f90f0909def6c18fa2c\/mediaLibrary\/photo\/76f43abb-cf96-4265-9b43-7c35fb5ed513\",\"privatePhotoUrl\":\"tenant\/658d9f90f0909def6c18fa2c\/mediaLibrary\/photo\/76f43abb-cf96-4265-9b43-7c35fb5ed513-medium-standard-q100.jpg?v=1762274540\",\"photoExtension\":\"jpg?v=1762274540\",\"type\":\"image\",\"name\":\"icono servel\",\"updatedAt\":\"2025-11-04T16:42:20.494Z\",\"photoVersion\":4}}}},\"content\":{\"layouts\":{\"lg\":[{\"i\":\"66f50e96-006c-4d5b-bfb0-b8564135765b\",\"x\":0,\"y\":0,\"w\":100,\"h\":37,\"type\":\"widget\",\"framework\":\"mui\",\"data\":\"avatar\"},{\"i\":\"d917ad77-a1e0-4be8-865a-a71715bea186\",\"x\":0,\"y\":0,\"w\":100,\"h\":37,\"type\":\"widget\",\"framework\":\"mui\",\"data\":\"box\"},{\"i\":\"29f95018-4bf1-411c-950f-a00959afbde7\",\"x\":0,\"y\":0,\"w\":100,\"h\":37,\"type\":\"widget\",\"framework\":\"mui\",\"data\":\"box\"},{\"i\":\"4053c5c8-8baf-40d5-9bcc-4ec914de0db4\",\"x\":0,\"y\":0,\"w\":100,\"h\":6,\"type\":\"widget\",\"framework\":\"mui\",\"data\":\"box\"},{\"i\":\"10f6f702-391c-4507-a235-713a2178bda9\",\"x\":34,\"y\":0,\"w\":17,\"h\":6,\"type\":\"widget\",\"framework\":\"mui\",\"data\":\"avatar\"},{\"i\":\"f2ea4273-6576-417c-b846-109deeee78d7\",\"x\":46,\"y\":0,\"w\":14,\"h\":5,\"type\":\"widget\",\"framework\":\"mui\",\"data\":\"avatar\"}]}}}},{\"i\":\"6f896353-9f54-4bee-b028-d46687e1414c\",\"x\":8,\"y\":12,\"w\":84,\"h\":22,\"id\":\"690a2dfeb50752d68bad1930\",\"name\":\"Componente Card Noticias Elecciones\",\"gridCols\":100,\"type\":\"component\",\"data\":{\"displayConfig\":{\"formatType\":\"horizontalSlide\",\"columns\":5,\"columnsDesktop\":4.8,\"columnsMobile\":4.8,\"columnsTablet\":4.8,\"columnsLargeDesktop\":4.8,\"columnsExtraLargeDesktop\":4.8,\"limit\":10,\"enabledLayer\":true,\"horizontalGutter\":1,\"filterBy\":\"posts\",\"postsOrderBy\":\"datePublished\",\"sortBy\":\"desc\",\"filterTags\":[{\"id\":\"6908d7836a1b731b41cf4eaa\",\"label\":\"elecciones2025\"}],\"slidesPerView\":5,\"spaceBetween\":20,\"slidePagination\":true,\"slideAutoPlay\":true,\"slidePaginationColor\":\"#ffffffff\",\"slideTimeOut\":5000},\"customConfig\":{\"lg\":{\"avatar-d5bbbbb3-bb13-4bc2-9257-05523b32ed9dConfig\":{\"changeWidget\":\"avatar\",\"openType\":\"slug\",\"avatarObjectFit\":\"cover\"},\"typography-cd8b6410-273b-496e-b261-6b0adee8f86cConfig\":{\"changeWidget\":\"typography\",\"fontSize\":6,\"lineHeight\":\"1.2\",\"color\":\"#ffffffff\",\"typographyMaxLength\":1000,\"openType\":\"slug\"},\"typography-cd8b6410-273b-496e-b261-6b0adee8f86cLayerOne\":{\"enabled\":true},\"typography-cd8b6410-273b-496e-b261-6b0adee8f86cAttributeFill\":{\"fillOption\":\"post\",\"attributeFill\":[{\"title\":\"title\",\"canDelete\":true}]},\"avatar-d5bbbbb3-bb13-4bc2-9257-05523b32ed9dAttributeFill\":{\"fillOption\":\"post\",\"attributeFill\":[{\"title\":\"image\",\"canDelete\":true}]},\"button-34675526-e5e0-415f-b86c-dfe00c3d91dfConfig\":{\"changeWidget\":\"button\",\"fontFamily\":\"Secondary\",\"fontSize\":4,\"customIcon\":\"io5\/IoCalendarSharp\",\"buttonPositionIcon\":\"left\",\"backgroundColor\":\"#b91c1bff\",\"buttonSize\":\"small\",\"buttonVariant\":\"contained\",\"color\":\"success\"},\"button-34675526-e5e0-415f-b86c-dfe00c3d91dfAttributeFill\":{\"fillOption\":\"post\",\"attributeFill\":[{\"title\":\"datePublished\",\"formatDate\":\"DD\/MM\/YYYY HH:mm\",\"canDelete\":true}]},\"button-34675526-e5e0-415f-b86c-dfe00c3d91dfLayerOne\":{\"enabled\":true},\"avatar-d5bbbbb3-bb13-4bc2-9257-05523b32ed9dLayerOne\":{\"enabled\":true}}},\"content\":{\"layouts\":{\"lg\":[{\"i\":\"d5bbbbb3-bb13-4bc2-9257-05523b32ed9d\",\"x\":0,\"y\":0,\"w\":100,\"h\":56,\"type\":\"widget\",\"framework\":\"mui\",\"data\":\"avatar\"},{\"i\":\"cd8b6410-273b-496e-b261-6b0adee8f86c\",\"x\":0,\"y\":69,\"w\":100,\"h\":43,\"type\":\"widget\",\"framework\":\"mui\",\"data\":\"typography\"},{\"i\":\"34675526-e5e0-415f-b86c-dfe00c3d91df\",\"x\":0,\"y\":59,\"w\":52,\"h\":8,\"type\":\"widget\",\"framework\":\"mui\",\"data\":\"button\"}]}},\"rows\":[{\"title\":\"RESULTADOS SEGUNDA VUELTA PRESIDENCIAL: AS\u00cd VOT\u00d3 CADA COMUNA DE LA REGI\u00d3N DE MAGALLANES\",\"image\":{\"publicUrl\":\"https:\/\/s3-mspro.nyc3.digitaloceanspaces.com\/tenant\/658d9f90f0909def6c18fa2c\/mediaLibrary\/photo\/6296876c-8c54-4ebf-8948-dd308183ad4d.jpeg\",\"privatePhotoUrlWithoutExtension\":\"tenant\/658d9f90f0909def6c18fa2c\/mediaLibrary\/photo\/6296876c-8c54-4ebf-8948-dd308183ad4d\",\"privatePhotoUrl\":\"tenant\/658d9f90f0909def6c18fa2c\/mediaLibrary\/photo\/6296876c-8c54-4ebf-8948-dd308183ad4d-medium-standard-q100.jpeg?v=1765806473\",\"photoExtension\":\"jpeg?v=1765806473\",\"name\":\"Votacion segunda vuelta urna\",\"photoVersion\":4,\"type\":\"image\"},\"slug\":\"https:\/\/www.radiopolar.com\/resultados-vuelta-presidencial-voto-comuna-region-magallanes\",\"primaryAuthor\":{\"id\":\"65ea08428325aff9da63f8f9\",\"name\":\"Prensa Radio Polar\",\"authorName\":\"Prensa Radio Polar\",\"slug\":\"\/author\/prensa-radio-polar\",\"socials\":{\"photo\":{\"publicUrl\":\"https:\/\/s3-mspro.nyc3.digitaloceanspaces.com\/tenant\/658d9f90f0909def6c18fa2c\/mediaLibrary\/photo\/4db82067-da5b-4b7a-b2dd-723ec7e09353.png\",\"privatePhotoUrlWithoutExtension\":\"tenant\/658d9f90f0909def6c18fa2c\/mediaLibrary\/photo\/4db82067-da5b-4b7a-b2dd-723ec7e09353\",\"privatePhotoUrl\":\"tenant\/658d9f90f0909def6c18fa2c\/mediaLibrary\/photo\/4db82067-da5b-4b7a-b2dd-723ec7e09353-medium-standard-q100.png?v=1734098430\",\"photoExtension\":\"png?v=1734098430\",\"type\":\"image\",\"name\":\"PRENSA (4)\",\"updatedAt\":\"2024-12-13T14:00:30.316Z\",\"photoVersion\":4}},\"image\":{\"publicUrl\":\"https:\/\/s3-mspro.nyc3.digitaloceanspaces.com\/tenant\/658d9f90f0909def6c18fa2c\/mediaLibrary\/photo\/4db82067-da5b-4b7a-b2dd-723ec7e09353.png\",\"privatePhotoUrlWithoutExtension\":\"tenant\/658d9f90f0909def6c18fa2c\/mediaLibrary\/photo\/4db82067-da5b-4b7a-b2dd-723ec7e09353\",\"privatePhotoUrl\":\"tenant\/658d9f90f0909def6c18fa2c\/mediaLibrary\/photo\/4db82067-da5b-4b7a-b2dd-723ec7e09353-medium-standard-q100.png?v=1734098430\",\"photoExtension\":\"png?v=1734098430\",\"name\":\"PRENSA (4)\",\"photoVersion\":4,\"type\":\"image\"},\"authorImage\":{\"publicUrl\":\"https:\/\/s3-mspro.nyc3.digitaloceanspaces.com\/tenant\/658d9f90f0909def6c18fa2c\/mediaLibrary\/photo\/4db82067-da5b-4b7a-b2dd-723ec7e09353.png\",\"privatePhotoUrlWithoutExtension\":\"tenant\/658d9f90f0909def6c18fa2c\/mediaLibrary\/photo\/4db82067-da5b-4b7a-b2dd-723ec7e09353\",\"privatePhotoUrl\":\"tenant\/658d9f90f0909def6c18fa2c\/mediaLibrary\/photo\/4db82067-da5b-4b7a-b2dd-723ec7e09353-medium-standard-q100.png?v=1734098430\",\"photoExtension\":\"png?v=1734098430\",\"name\":\"PRENSA (4)\",\"photoVersion\":4,\"type\":\"image\"}},\"datePublished\":\"2025-12-15 10:36:00\"},{\"title\":\"ELECCIONES PRESIDENCIALES 2025: PROCESO SE DESARROLLA CON NORMALIDAD EN LA PROVINCIA DE \u00daLTIMA ESPERANZA\",\"image\":{\"publicUrl\":\"https:\/\/s3-mspro.nyc3.digitaloceanspaces.com\/tenant\/658d9f90f0909def6c18fa2c\/mediaLibrary\/photo\/4b817d84-48f2-49fd-a69d-bf0fa131efe1.png\",\"privatePhotoUrlWithoutExtension\":\"tenant\/658d9f90f0909def6c18fa2c\/mediaLibrary\/photo\/4b817d84-48f2-49fd-a69d-bf0fa131efe1\",\"privatePhotoUrl\":\"tenant\/658d9f90f0909def6c18fa2c\/mediaLibrary\/photo\/4b817d84-48f2-49fd-a69d-bf0fa131efe1-medium-standard-q100.png?v=1765731989\",\"photoExtension\":\"png?v=1765731989\",\"name\":\"Guillermo ruiz santana\",\"photoVersion\":4,\"type\":\"image\"},\"slug\":\"https:\/\/www.radiopolar.com\/elecciones-presidenciales-2025-proceso-desarrolla-normalidad-provincia-esperanza\",\"primaryAuthor\":{\"id\":\"65ea08428325aff9da63f8f9\",\"name\":\"Prensa Radio Polar\",\"authorName\":\"Prensa Radio Polar\",\"slug\":\"\/author\/prensa-radio-polar\",\"socials\":{\"photo\":{\"publicUrl\":\"https:\/\/s3-mspro.nyc3.digitaloceanspaces.com\/tenant\/658d9f90f0909def6c18fa2c\/mediaLibrary\/photo\/4db82067-da5b-4b7a-b2dd-723ec7e09353.png\",\"privatePhotoUrlWithoutExtension\":\"tenant\/658d9f90f0909def6c18fa2c\/mediaLibrary\/photo\/4db82067-da5b-4b7a-b2dd-723ec7e09353\",\"privatePhotoUrl\":\"tenant\/658d9f90f0909def6c18fa2c\/mediaLibrary\/photo\/4db82067-da5b-4b7a-b2dd-723ec7e09353-medium-standard-q100.png?v=1734098430\",\"photoExtension\":\"png?v=1734098430\",\"type\":\"image\",\"name\":\"PRENSA (4)\",\"updatedAt\":\"2024-12-13T14:00:30.316Z\",\"photoVersion\":4}},\"image\":{\"publicUrl\":\"https:\/\/s3-mspro.nyc3.digitaloceanspaces.com\/tenant\/658d9f90f0909def6c18fa2c\/mediaLibrary\/photo\/4db82067-da5b-4b7a-b2dd-723ec7e09353.png\",\"privatePhotoUrlWithoutExtension\":\"tenant\/658d9f90f0909def6c18fa2c\/mediaLibrary\/photo\/4db82067-da5b-4b7a-b2dd-723ec7e09353\",\"privatePhotoUrl\":\"tenant\/658d9f90f0909def6c18fa2c\/mediaLibrary\/photo\/4db82067-da5b-4b7a-b2dd-723ec7e09353-medium-standard-q100.png?v=1734098430\",\"photoExtension\":\"png?v=1734098430\",\"name\":\"PRENSA (4)\",\"photoVersion\":4,\"type\":\"image\"},\"authorImage\":{\"publicUrl\":\"https:\/\/s3-mspro.nyc3.digitaloceanspaces.com\/tenant\/658d9f90f0909def6c18fa2c\/mediaLibrary\/photo\/4db82067-da5b-4b7a-b2dd-723ec7e09353.png\",\"privatePhotoUrlWithoutExtension\":\"tenant\/658d9f90f0909def6c18fa2c\/mediaLibrary\/photo\/4db82067-da5b-4b7a-b2dd-723ec7e09353\",\"privatePhotoUrl\":\"tenant\/658d9f90f0909def6c18fa2c\/mediaLibrary\/photo\/4db82067-da5b-4b7a-b2dd-723ec7e09353-medium-standard-q100.png?v=1734098430\",\"photoExtension\":\"png?v=1734098430\",\"name\":\"PRENSA (4)\",\"photoVersion\":4,\"type\":\"image\"}},\"datePublished\":\"2025-12-14 14:01:00\"},{\"title\":\"DIPUTADO REELECTO CARLOS BIANCHI CHELECH DESTACA LA DEMOCRACIA TRAS VOTAR EN EL INSTITUTO DON BOSCO\",\"image\":{\"publicUrl\":\"https:\/\/s3-mspro.nyc3.digitaloceanspaces.com\/tenant\/658d9f90f0909def6c18fa2c\/mediaLibrary\/photo\/ee6de398-bbb0-44a8-ae32-1a2450142966.png\",\"privatePhotoUrlWithoutExtension\":\"tenant\/658d9f90f0909def6c18fa2c\/mediaLibrary\/photo\/ee6de398-bbb0-44a8-ae32-1a2450142966\",\"privatePhotoUrl\":\"tenant\/658d9f90f0909def6c18fa2c\/mediaLibrary\/photo\/ee6de398-bbb0-44a8-ae32-1a2450142966-medium-standard-q100.png?v=1765730007\",\"photoExtension\":\"png?v=1765730007\",\"name\":\"Carlos Bianchi Chelech\",\"photoVersion\":4,\"type\":\"image\"},\"slug\":\"https:\/\/www.radiopolar.com\/diputado-reelecto-carlos-bianchi-chelech-destaca-democracia-votar-instituto-don-bosco\",\"primaryAuthor\":{\"id\":\"65ea08428325aff9da63f8f9\",\"name\":\"Prensa Radio Polar\",\"authorName\":\"Prensa Radio Polar\",\"slug\":\"\/author\/prensa-radio-polar\",\"socials\":{\"photo\":{\"publicUrl\":\"https:\/\/s3-mspro.nyc3.digitaloceanspaces.com\/tenant\/658d9f90f0909def6c18fa2c\/mediaLibrary\/photo\/4db82067-da5b-4b7a-b2dd-723ec7e09353.png\",\"privatePhotoUrlWithoutExtension\":\"tenant\/658d9f90f0909def6c18fa2c\/mediaLibrary\/photo\/4db82067-da5b-4b7a-b2dd-723ec7e09353\",\"privatePhotoUrl\":\"tenant\/658d9f90f0909def6c18fa2c\/mediaLibrary\/photo\/4db82067-da5b-4b7a-b2dd-723ec7e09353-medium-standard-q100.png?v=1734098430\",\"photoExtension\":\"png?v=1734098430\",\"type\":\"image\",\"name\":\"PRENSA (4)\",\"updatedAt\":\"2024-12-13T14:00:30.316Z\",\"photoVersion\":4}},\"image\":{\"publicUrl\":\"https:\/\/s3-mspro.nyc3.digitaloceanspaces.com\/tenant\/658d9f90f0909def6c18fa2c\/mediaLibrary\/photo\/4db82067-da5b-4b7a-b2dd-723ec7e09353.png\",\"privatePhotoUrlWithoutExtension\":\"tenant\/658d9f90f0909def6c18fa2c\/mediaLibrary\/photo\/4db82067-da5b-4b7a-b2dd-723ec7e09353\",\"privatePhotoUrl\":\"tenant\/658d9f90f0909def6c18fa2c\/mediaLibrary\/photo\/4db82067-da5b-4b7a-b2dd-723ec7e09353-medium-standard-q100.png?v=1734098430\",\"photoExtension\":\"png?v=1734098430\",\"name\":\"PRENSA (4)\",\"photoVersion\":4,\"type\":\"image\"},\"authorImage\":{\"publicUrl\":\"https:\/\/s3-mspro.nyc3.digitaloceanspaces.com\/tenant\/658d9f90f0909def6c18fa2c\/mediaLibrary\/photo\/4db82067-da5b-4b7a-b2dd-723ec7e09353.png\",\"privatePhotoUrlWithoutExtension\":\"tenant\/658d9f90f0909def6c18fa2c\/mediaLibrary\/photo\/4db82067-da5b-4b7a-b2dd-723ec7e09353\",\"privatePhotoUrl\":\"tenant\/658d9f90f0909def6c18fa2c\/mediaLibrary\/photo\/4db82067-da5b-4b7a-b2dd-723ec7e09353-medium-standard-q100.png?v=1734098430\",\"photoExtension\":\"png?v=1734098430\",\"name\":\"PRENSA (4)\",\"photoVersion\":4,\"type\":\"image\"}},\"datePublished\":\"2025-12-14 13:30:00\"},{\"title\":\"TRANSPORTE GRATUITO PARA LA SEGUNDA VUELTA PRESIDENCIAL EN LA REGI\u00d3N DE MAGALLANES\",\"image\":{\"publicUrl\":\"https:\/\/s3-mspro.nyc3.digitaloceanspaces.com\/tenant\/658d9f90f0909def6c18fa2c\/mediaLibrary\/photo\/fcfe87be-3483-4d2c-93d1-e0a99dd5e0ce.jpg\",\"privatePhotoUrlWithoutExtension\":\"tenant\/658d9f90f0909def6c18fa2c\/mediaLibrary\/photo\/fcfe87be-3483-4d2c-93d1-e0a99dd5e0ce\",\"privatePhotoUrl\":\"tenant\/658d9f90f0909def6c18fa2c\/mediaLibrary\/photo\/fcfe87be-3483-4d2c-93d1-e0a99dd5e0ce-medium-standard-q100.jpg?v=1765483388\",\"photoExtension\":\"jpg?v=1765483388\",\"name\":\"crioverde-islariesco-TABSA\",\"credits\":\"TABSA\",\"photoVersion\":4,\"type\":\"image\"},\"slug\":\"https:\/\/www.radiopolar.com\/transporte-gratuito-vuelta-presidencial-region-magallanes\",\"primaryAuthor\":{\"id\":\"65ea08428325aff9da63f8f9\",\"name\":\"Prensa Radio Polar\",\"authorName\":\"Prensa Radio Polar\",\"slug\":\"\/author\/prensa-radio-polar\",\"socials\":{\"photo\":{\"publicUrl\":\"https:\/\/s3-mspro.nyc3.digitaloceanspaces.com\/tenant\/658d9f90f0909def6c18fa2c\/mediaLibrary\/photo\/4db82067-da5b-4b7a-b2dd-723ec7e09353.png\",\"privatePhotoUrlWithoutExtension\":\"tenant\/658d9f90f0909def6c18fa2c\/mediaLibrary\/photo\/4db82067-da5b-4b7a-b2dd-723ec7e09353\",\"privatePhotoUrl\":\"tenant\/658d9f90f0909def6c18fa2c\/mediaLibrary\/photo\/4db82067-da5b-4b7a-b2dd-723ec7e09353-medium-standard-q100.png?v=1734098430\",\"photoExtension\":\"png?v=1734098430\",\"type\":\"image\",\"name\":\"PRENSA (4)\",\"updatedAt\":\"2024-12-13T14:00:30.316Z\",\"photoVersion\":4}},\"image\":{\"publicUrl\":\"https:\/\/s3-mspro.nyc3.digitaloceanspaces.com\/tenant\/658d9f90f0909def6c18fa2c\/mediaLibrary\/photo\/4db82067-da5b-4b7a-b2dd-723ec7e09353.png\",\"privatePhotoUrlWithoutExtension\":\"tenant\/658d9f90f0909def6c18fa2c\/mediaLibrary\/photo\/4db82067-da5b-4b7a-b2dd-723ec7e09353\",\"privatePhotoUrl\":\"tenant\/658d9f90f0909def6c18fa2c\/mediaLibrary\/photo\/4db82067-da5b-4b7a-b2dd-723ec7e09353-medium-standard-q100.png?v=1734098430\",\"photoExtension\":\"png?v=1734098430\",\"name\":\"PRENSA (4)\",\"photoVersion\":4,\"type\":\"image\"},\"authorImage\":{\"publicUrl\":\"https:\/\/s3-mspro.nyc3.digitaloceanspaces.com\/tenant\/658d9f90f0909def6c18fa2c\/mediaLibrary\/photo\/4db82067-da5b-4b7a-b2dd-723ec7e09353.png\",\"privatePhotoUrlWithoutExtension\":\"tenant\/658d9f90f0909def6c18fa2c\/mediaLibrary\/photo\/4db82067-da5b-4b7a-b2dd-723ec7e09353\",\"privatePhotoUrl\":\"tenant\/658d9f90f0909def6c18fa2c\/mediaLibrary\/photo\/4db82067-da5b-4b7a-b2dd-723ec7e09353-medium-standard-q100.png?v=1734098430\",\"photoExtension\":\"png?v=1734098430\",\"name\":\"PRENSA (4)\",\"photoVersion\":4,\"type\":\"image\"}},\"datePublished\":\"2025-12-11 20:30:00\"},{\"title\":\"C\u00d3MO FUNCIONAR\u00c1 EL COMERCIO ESTE DOMINGO 16 DE NOVIEMBRE POR ELECCIONES 2025\",\"image\":{\"publicUrl\":\"https:\/\/s3-mspro.nyc3.digitaloceanspaces.com\/tenant\/658d9f90f0909def6c18fa2c\/mediaLibrary\/photo\/7462437f-be3d-4a2c-8628-7ae519dc4729.png\",\"privatePhotoUrlWithoutExtension\":\"tenant\/658d9f90f0909def6c18fa2c\/mediaLibrary\/photo\/7462437f-be3d-4a2c-8628-7ae519dc4729\",\"privatePhotoUrl\":\"tenant\/658d9f90f0909def6c18fa2c\/mediaLibrary\/photo\/7462437f-be3d-4a2c-8628-7ae519dc4729-medium-standard-q100.png?v=1763289727\",\"photoExtension\":\"png?v=1763289727\",\"name\":\"Consulta-como-funcionara-el-comercio-este-domingo-16-de-noviembre-durante-las-Elecciones-2025-700x350\",\"photoVersion\":4,\"type\":\"image\"},\"slug\":\"https:\/\/www.radiopolar.com\/funcionara-comercio-domingo-16-noviembre-elecciones-2025\",\"primaryAuthor\":{\"id\":\"65ea08428325aff9da63f8f9\",\"name\":\"Prensa Radio Polar\",\"authorName\":\"Prensa Radio Polar\",\"slug\":\"\/author\/prensa-radio-polar\",\"socials\":{\"photo\":{\"publicUrl\":\"https:\/\/s3-mspro.nyc3.digitaloceanspaces.com\/tenant\/658d9f90f0909def6c18fa2c\/mediaLibrary\/photo\/4db82067-da5b-4b7a-b2dd-723ec7e09353.png\",\"privatePhotoUrlWithoutExtension\":\"tenant\/658d9f90f0909def6c18fa2c\/mediaLibrary\/photo\/4db82067-da5b-4b7a-b2dd-723ec7e09353\",\"privatePhotoUrl\":\"tenant\/658d9f90f0909def6c18fa2c\/mediaLibrary\/photo\/4db82067-da5b-4b7a-b2dd-723ec7e09353-medium-standard-q100.png?v=1734098430\",\"photoExtension\":\"png?v=1734098430\",\"type\":\"image\",\"name\":\"PRENSA (4)\",\"updatedAt\":\"2024-12-13T14:00:30.316Z\",\"photoVersion\":4}},\"image\":{\"publicUrl\":\"https:\/\/s3-mspro.nyc3.digitaloceanspaces.com\/tenant\/658d9f90f0909def6c18fa2c\/mediaLibrary\/photo\/4db82067-da5b-4b7a-b2dd-723ec7e09353.png\",\"privatePhotoUrlWithoutExtension\":\"tenant\/658d9f90f0909def6c18fa2c\/mediaLibrary\/photo\/4db82067-da5b-4b7a-b2dd-723ec7e09353\",\"privatePhotoUrl\":\"tenant\/658d9f90f0909def6c18fa2c\/mediaLibrary\/photo\/4db82067-da5b-4b7a-b2dd-723ec7e09353-medium-standard-q100.png?v=1734098430\",\"photoExtension\":\"png?v=1734098430\",\"name\":\"PRENSA (4)\",\"photoVersion\":4,\"type\":\"image\"},\"authorImage\":{\"publicUrl\":\"https:\/\/s3-mspro.nyc3.digitaloceanspaces.com\/tenant\/658d9f90f0909def6c18fa2c\/mediaLibrary\/photo\/4db82067-da5b-4b7a-b2dd-723ec7e09353.png\",\"privatePhotoUrlWithoutExtension\":\"tenant\/658d9f90f0909def6c18fa2c\/mediaLibrary\/photo\/4db82067-da5b-4b7a-b2dd-723ec7e09353\",\"privatePhotoUrl\":\"tenant\/658d9f90f0909def6c18fa2c\/mediaLibrary\/photo\/4db82067-da5b-4b7a-b2dd-723ec7e09353-medium-standard-q100.png?v=1734098430\",\"photoExtension\":\"png?v=1734098430\",\"name\":\"PRENSA (4)\",\"photoVersion\":4,\"type\":\"image\"}},\"datePublished\":\"2025-11-16 08:00:00\"},{\"title\":\"\u00bfQU\u00c9 VOTAMOS ESTE 16 DE NOVIEMBRE DEL 2025? POLAR COMUNICACIONES LO DESGLOSA: PRESIDENCIALES, PARLAMENTARIAS Y DATOS CLAVE\",\"image\":{\"publicUrl\":\"https:\/\/s3-mspro.nyc3.digitaloceanspaces.com\/tenant\/658d9f90f0909def6c18fa2c\/mediaLibrary\/photo\/f23905f4-d00f-4e66-844e-16b0045d0815.jpg\",\"privatePhotoUrlWithoutExtension\":\"tenant\/658d9f90f0909def6c18fa2c\/mediaLibrary\/photo\/f23905f4-d00f-4e66-844e-16b0045d0815\",\"privatePhotoUrl\":\"tenant\/658d9f90f0909def6c18fa2c\/mediaLibrary\/photo\/f23905f4-d00f-4e66-844e-16b0045d0815-medium-standard-q100.jpg?v=1763242146\",\"photoExtension\":\"jpg?v=1763242146\",\"name\":\"servelvoto\",\"photoVersion\":4,\"type\":\"image\"},\"slug\":\"https:\/\/www.radiopolar.com\/que-votamos-16-noviembre-2025-polar-comunicaciones-desglosa-presidenciales-parlamentarias-datos-clave\",\"primaryAuthor\":{\"id\":\"65ea08428325aff9da63f8f9\",\"name\":\"Prensa Radio Polar\",\"authorName\":\"Prensa Radio Polar\",\"slug\":\"\/author\/prensa-radio-polar\",\"socials\":{\"photo\":{\"publicUrl\":\"https:\/\/s3-mspro.nyc3.digitaloceanspaces.com\/tenant\/658d9f90f0909def6c18fa2c\/mediaLibrary\/photo\/4db82067-da5b-4b7a-b2dd-723ec7e09353.png\",\"privatePhotoUrlWithoutExtension\":\"tenant\/658d9f90f0909def6c18fa2c\/mediaLibrary\/photo\/4db82067-da5b-4b7a-b2dd-723ec7e09353\",\"privatePhotoUrl\":\"tenant\/658d9f90f0909def6c18fa2c\/mediaLibrary\/photo\/4db82067-da5b-4b7a-b2dd-723ec7e09353-medium-standard-q100.png?v=1734098430\",\"photoExtension\":\"png?v=1734098430\",\"type\":\"image\",\"name\":\"PRENSA (4)\",\"updatedAt\":\"2024-12-13T14:00:30.316Z\",\"photoVersion\":4}},\"image\":{\"publicUrl\":\"https:\/\/s3-mspro.nyc3.digitaloceanspaces.com\/tenant\/658d9f90f0909def6c18fa2c\/mediaLibrary\/photo\/4db82067-da5b-4b7a-b2dd-723ec7e09353.png\",\"privatePhotoUrlWithoutExtension\":\"tenant\/658d9f90f0909def6c18fa2c\/mediaLibrary\/photo\/4db82067-da5b-4b7a-b2dd-723ec7e09353\",\"privatePhotoUrl\":\"tenant\/658d9f90f0909def6c18fa2c\/mediaLibrary\/photo\/4db82067-da5b-4b7a-b2dd-723ec7e09353-medium-standard-q100.png?v=1734098430\",\"photoExtension\":\"png?v=1734098430\",\"name\":\"PRENSA (4)\",\"photoVersion\":4,\"type\":\"image\"},\"authorImage\":{\"publicUrl\":\"https:\/\/s3-mspro.nyc3.digitaloceanspaces.com\/tenant\/658d9f90f0909def6c18fa2c\/mediaLibrary\/photo\/4db82067-da5b-4b7a-b2dd-723ec7e09353.png\",\"privatePhotoUrlWithoutExtension\":\"tenant\/658d9f90f0909def6c18fa2c\/mediaLibrary\/photo\/4db82067-da5b-4b7a-b2dd-723ec7e09353\",\"privatePhotoUrl\":\"tenant\/658d9f90f0909def6c18fa2c\/mediaLibrary\/photo\/4db82067-da5b-4b7a-b2dd-723ec7e09353-medium-standard-q100.png?v=1734098430\",\"photoExtension\":\"png?v=1734098430\",\"name\":\"PRENSA (4)\",\"photoVersion\":4,\"type\":\"image\"}},\"datePublished\":\"2025-11-15 18:45:00\"},{\"title\":\"\u00bfHABR\u00c1 LEY SECA? AS\u00cd FUNCIONAR\u00c1 EL COMERCIO EL D\u00cdA DE LAS ELECCIONES\",\"image\":{\"publicUrl\":\"https:\/\/s3-mspro.nyc3.digitaloceanspaces.com\/tenant\/658d9f90f0909def6c18fa2c\/mediaLibrary\/photo\/96b96773-349e-44fc-bec8-73c61c721e28.webp\",\"privatePhotoUrlWithoutExtension\":\"tenant\/658d9f90f0909def6c18fa2c\/mediaLibrary\/photo\/96b96773-349e-44fc-bec8-73c61c721e28\",\"privatePhotoUrl\":\"tenant\/658d9f90f0909def6c18fa2c\/mediaLibrary\/photo\/96b96773-349e-44fc-bec8-73c61c721e28-medium-standard-q100.webp?v=1762914547\",\"photoExtension\":\"webp?v=1762914547\",\"name\":\"leysecaelecciones\",\"photoVersion\":4,\"type\":\"image\"},\"slug\":\"https:\/\/www.radiopolar.com\/habra-ley-seca-funcionara-comercio-elecciones\",\"primaryAuthor\":{\"id\":\"65ea08428325aff9da63f8f9\",\"name\":\"Prensa Radio Polar\",\"authorName\":\"Prensa Radio Polar\",\"slug\":\"\/author\/prensa-radio-polar\",\"socials\":{\"photo\":{\"publicUrl\":\"https:\/\/s3-mspro.nyc3.digitaloceanspaces.com\/tenant\/658d9f90f0909def6c18fa2c\/mediaLibrary\/photo\/4db82067-da5b-4b7a-b2dd-723ec7e09353.png\",\"privatePhotoUrlWithoutExtension\":\"tenant\/658d9f90f0909def6c18fa2c\/mediaLibrary\/photo\/4db82067-da5b-4b7a-b2dd-723ec7e09353\",\"privatePhotoUrl\":\"tenant\/658d9f90f0909def6c18fa2c\/mediaLibrary\/photo\/4db82067-da5b-4b7a-b2dd-723ec7e09353-medium-standard-q100.png?v=1734098430\",\"photoExtension\":\"png?v=1734098430\",\"type\":\"image\",\"name\":\"PRENSA (4)\",\"updatedAt\":\"2024-12-13T14:00:30.316Z\",\"photoVersion\":4}},\"image\":{\"publicUrl\":\"https:\/\/s3-mspro.nyc3.digitaloceanspaces.com\/tenant\/658d9f90f0909def6c18fa2c\/mediaLibrary\/photo\/4db82067-da5b-4b7a-b2dd-723ec7e09353.png\",\"privatePhotoUrlWithoutExtension\":\"tenant\/658d9f90f0909def6c18fa2c\/mediaLibrary\/photo\/4db82067-da5b-4b7a-b2dd-723ec7e09353\",\"privatePhotoUrl\":\"tenant\/658d9f90f0909def6c18fa2c\/mediaLibrary\/photo\/4db82067-da5b-4b7a-b2dd-723ec7e09353-medium-standard-q100.png?v=1734098430\",\"photoExtension\":\"png?v=1734098430\",\"name\":\"PRENSA (4)\",\"photoVersion\":4,\"type\":\"image\"},\"authorImage\":{\"publicUrl\":\"https:\/\/s3-mspro.nyc3.digitaloceanspaces.com\/tenant\/658d9f90f0909def6c18fa2c\/mediaLibrary\/photo\/4db82067-da5b-4b7a-b2dd-723ec7e09353.png\",\"privatePhotoUrlWithoutExtension\":\"tenant\/658d9f90f0909def6c18fa2c\/mediaLibrary\/photo\/4db82067-da5b-4b7a-b2dd-723ec7e09353\",\"privatePhotoUrl\":\"tenant\/658d9f90f0909def6c18fa2c\/mediaLibrary\/photo\/4db82067-da5b-4b7a-b2dd-723ec7e09353-medium-standard-q100.png?v=1734098430\",\"photoExtension\":\"png?v=1734098430\",\"name\":\"PRENSA (4)\",\"photoVersion\":4,\"type\":\"image\"}},\"datePublished\":\"2025-11-12 03:00:00\"},{\"title\":\"HABILITAN ESPACIO CON MAYOR CAPACIDAD PARA RECIBIR EXCUSAS Y DOBLE CRUCE MAR\u00cdTIMO PARA PORVENIR DURANTE JORNADA ELECTORAL\",\"image\":{\"publicUrl\":\"https:\/\/s3-mspro.nyc3.digitaloceanspaces.com\/tenant\/658d9f90f0909def6c18fa2c\/mediaLibrary\/photo\/f8bda76a-5c30-4231-9973-0c078c0b2c9c.jpeg\",\"privatePhotoUrlWithoutExtension\":\"tenant\/658d9f90f0909def6c18fa2c\/mediaLibrary\/photo\/f8bda76a-5c30-4231-9973-0c078c0b2c9c\",\"privatePhotoUrl\":\"tenant\/658d9f90f0909def6c18fa2c\/mediaLibrary\/photo\/f8bda76a-5c30-4231-9973-0c078c0b2c9c-medium-standard-q100.jpeg?v=1762903863\",\"photoExtension\":\"jpeg?v=1762903863\",\"name\":\"PORVENIR (3)\",\"photoVersion\":4,\"type\":\"image\"},\"slug\":\"https:\/\/www.radiopolar.com\/habilitan-espacio-capacidad-recibir-excusas-doble-cruce-maritimo-porvenir-jornada-electoral\",\"primaryAuthor\":{\"id\":\"65ea08428325aff9da63f8f9\",\"name\":\"Prensa Radio Polar\",\"authorName\":\"Prensa Radio Polar\",\"slug\":\"\/author\/prensa-radio-polar\",\"socials\":{\"photo\":{\"publicUrl\":\"https:\/\/s3-mspro.nyc3.digitaloceanspaces.com\/tenant\/658d9f90f0909def6c18fa2c\/mediaLibrary\/photo\/4db82067-da5b-4b7a-b2dd-723ec7e09353.png\",\"privatePhotoUrlWithoutExtension\":\"tenant\/658d9f90f0909def6c18fa2c\/mediaLibrary\/photo\/4db82067-da5b-4b7a-b2dd-723ec7e09353\",\"privatePhotoUrl\":\"tenant\/658d9f90f0909def6c18fa2c\/mediaLibrary\/photo\/4db82067-da5b-4b7a-b2dd-723ec7e09353-medium-standard-q100.png?v=1734098430\",\"photoExtension\":\"png?v=1734098430\",\"type\":\"image\",\"name\":\"PRENSA (4)\",\"updatedAt\":\"2024-12-13T14:00:30.316Z\",\"photoVersion\":4}},\"image\":{\"publicUrl\":\"https:\/\/s3-mspro.nyc3.digitaloceanspaces.com\/tenant\/658d9f90f0909def6c18fa2c\/mediaLibrary\/photo\/4db82067-da5b-4b7a-b2dd-723ec7e09353.png\",\"privatePhotoUrlWithoutExtension\":\"tenant\/658d9f90f0909def6c18fa2c\/mediaLibrary\/photo\/4db82067-da5b-4b7a-b2dd-723ec7e09353\",\"privatePhotoUrl\":\"tenant\/658d9f90f0909def6c18fa2c\/mediaLibrary\/photo\/4db82067-da5b-4b7a-b2dd-723ec7e09353-medium-standard-q100.png?v=1734098430\",\"photoExtension\":\"png?v=1734098430\",\"name\":\"PRENSA (4)\",\"photoVersion\":4,\"type\":\"image\"},\"authorImage\":{\"publicUrl\":\"https:\/\/s3-mspro.nyc3.digitaloceanspaces.com\/tenant\/658d9f90f0909def6c18fa2c\/mediaLibrary\/photo\/4db82067-da5b-4b7a-b2dd-723ec7e09353.png\",\"privatePhotoUrlWithoutExtension\":\"tenant\/658d9f90f0909def6c18fa2c\/mediaLibrary\/photo\/4db82067-da5b-4b7a-b2dd-723ec7e09353\",\"privatePhotoUrl\":\"tenant\/658d9f90f0909def6c18fa2c\/mediaLibrary\/photo\/4db82067-da5b-4b7a-b2dd-723ec7e09353-medium-standard-q100.png?v=1734098430\",\"photoExtension\":\"png?v=1734098430\",\"name\":\"PRENSA (4)\",\"photoVersion\":4,\"type\":\"image\"}},\"datePublished\":\"2025-11-11 23:00:00\"},{\"title\":\"AUTORIDADES DE GOBIERNO DIFUNDEN MEDIDAS DE INCLUSI\u00d3N PARA LAS ELECCIONES PRESIDENCIALES Y PARLAMENTARIAS 2025\",\"image\":{\"publicUrl\":\"https:\/\/s3-mspro.nyc3.digitaloceanspaces.com\/tenant\/658d9f90f0909def6c18fa2c\/mediaLibrary\/photo\/1bf9296c-31ef-4b03-8591-0da20dc99b65.jpg\",\"privatePhotoUrlWithoutExtension\":\"tenant\/658d9f90f0909def6c18fa2c\/mediaLibrary\/photo\/1bf9296c-31ef-4b03-8591-0da20dc99b65\",\"privatePhotoUrl\":\"tenant\/658d9f90f0909def6c18fa2c\/mediaLibrary\/photo\/1bf9296c-31ef-4b03-8591-0da20dc99b65-medium-standard-q100.jpg?v=1762903538\",\"photoExtension\":\"jpg?v=1762903538\",\"name\":\"Anuncio voto asistido\",\"photoVersion\":4,\"type\":\"image\"},\"slug\":\"https:\/\/www.radiopolar.com\/autoridades-gobierno-difunden-medidas-inclusion-elecciones-presidenciales-parlamentarias-2025\",\"primaryAuthor\":{\"id\":\"65ea08428325aff9da63f8f9\",\"name\":\"Prensa Radio Polar\",\"authorName\":\"Prensa Radio Polar\",\"slug\":\"\/author\/prensa-radio-polar\",\"socials\":{\"photo\":{\"publicUrl\":\"https:\/\/s3-mspro.nyc3.digitaloceanspaces.com\/tenant\/658d9f90f0909def6c18fa2c\/mediaLibrary\/photo\/4db82067-da5b-4b7a-b2dd-723ec7e09353.png\",\"privatePhotoUrlWithoutExtension\":\"tenant\/658d9f90f0909def6c18fa2c\/mediaLibrary\/photo\/4db82067-da5b-4b7a-b2dd-723ec7e09353\",\"privatePhotoUrl\":\"tenant\/658d9f90f0909def6c18fa2c\/mediaLibrary\/photo\/4db82067-da5b-4b7a-b2dd-723ec7e09353-medium-standard-q100.png?v=1734098430\",\"photoExtension\":\"png?v=1734098430\",\"type\":\"image\",\"name\":\"PRENSA (4)\",\"updatedAt\":\"2024-12-13T14:00:30.316Z\",\"photoVersion\":4}},\"image\":{\"publicUrl\":\"https:\/\/s3-mspro.nyc3.digitaloceanspaces.com\/tenant\/658d9f90f0909def6c18fa2c\/mediaLibrary\/photo\/4db82067-da5b-4b7a-b2dd-723ec7e09353.png\",\"privatePhotoUrlWithoutExtension\":\"tenant\/658d9f90f0909def6c18fa2c\/mediaLibrary\/photo\/4db82067-da5b-4b7a-b2dd-723ec7e09353\",\"privatePhotoUrl\":\"tenant\/658d9f90f0909def6c18fa2c\/mediaLibrary\/photo\/4db82067-da5b-4b7a-b2dd-723ec7e09353-medium-standard-q100.png?v=1734098430\",\"photoExtension\":\"png?v=1734098430\",\"name\":\"PRENSA (4)\",\"photoVersion\":4,\"type\":\"image\"},\"authorImage\":{\"publicUrl\":\"https:\/\/s3-mspro.nyc3.digitaloceanspaces.com\/tenant\/658d9f90f0909def6c18fa2c\/mediaLibrary\/photo\/4db82067-da5b-4b7a-b2dd-723ec7e09353.png\",\"privatePhotoUrlWithoutExtension\":\"tenant\/658d9f90f0909def6c18fa2c\/mediaLibrary\/photo\/4db82067-da5b-4b7a-b2dd-723ec7e09353\",\"privatePhotoUrl\":\"tenant\/658d9f90f0909def6c18fa2c\/mediaLibrary\/photo\/4db82067-da5b-4b7a-b2dd-723ec7e09353-medium-standard-q100.png?v=1734098430\",\"photoExtension\":\"png?v=1734098430\",\"name\":\"PRENSA (4)\",\"photoVersion\":4,\"type\":\"image\"}},\"datePublished\":\"2025-11-11 22:00:00\"},{\"title\":\"C\u00c9DULA Y PASAPORTE SON LOS \u00daNICOS DOCUMENTOS V\u00c1LIDOS PARA PODER SUFRAGAR ESTE DOMINGO 16\",\"image\":{\"publicUrl\":\"https:\/\/s3-mspro.nyc3.digitaloceanspaces.com\/tenant\/658d9f90f0909def6c18fa2c\/mediaLibrary\/photo\/42eac55c-4a13-428c-85f1-a263244187d0.JPG\",\"privatePhotoUrlWithoutExtension\":\"tenant\/658d9f90f0909def6c18fa2c\/mediaLibrary\/photo\/42eac55c-4a13-428c-85f1-a263244187d0\",\"privatePhotoUrl\":\"tenant\/658d9f90f0909def6c18fa2c\/mediaLibrary\/photo\/42eac55c-4a13-428c-85f1-a263244187d0-medium-standard-q100.jpg?v=1762826970\",\"photoExtension\":\"jpg?v=1762826970\",\"name\":\"ENTREGA INFORMACI\u00d3N ELECCIONES 2025\",\"photoVersion\":4,\"type\":\"image\"},\"slug\":\"https:\/\/www.radiopolar.com\/cedula-pasaporte-unicos-documentos-validos-sufragar-domingo-16\",\"primaryAuthor\":{\"id\":\"65ea08428325aff9da63f8f9\",\"name\":\"Prensa Radio Polar\",\"authorName\":\"Prensa Radio Polar\",\"slug\":\"\/author\/prensa-radio-polar\",\"socials\":{\"photo\":{\"publicUrl\":\"https:\/\/s3-mspro.nyc3.digitaloceanspaces.com\/tenant\/658d9f90f0909def6c18fa2c\/mediaLibrary\/photo\/4db82067-da5b-4b7a-b2dd-723ec7e09353.png\",\"privatePhotoUrlWithoutExtension\":\"tenant\/658d9f90f0909def6c18fa2c\/mediaLibrary\/photo\/4db82067-da5b-4b7a-b2dd-723ec7e09353\",\"privatePhotoUrl\":\"tenant\/658d9f90f0909def6c18fa2c\/mediaLibrary\/photo\/4db82067-da5b-4b7a-b2dd-723ec7e09353-medium-standard-q100.png?v=1734098430\",\"photoExtension\":\"png?v=1734098430\",\"type\":\"image\",\"name\":\"PRENSA (4)\",\"updatedAt\":\"2024-12-13T14:00:30.316Z\",\"photoVersion\":4}},\"image\":{\"publicUrl\":\"https:\/\/s3-mspro.nyc3.digitaloceanspaces.com\/tenant\/658d9f90f0909def6c18fa2c\/mediaLibrary\/photo\/4db82067-da5b-4b7a-b2dd-723ec7e09353.png\",\"privatePhotoUrlWithoutExtension\":\"tenant\/658d9f90f0909def6c18fa2c\/mediaLibrary\/photo\/4db82067-da5b-4b7a-b2dd-723ec7e09353\",\"privatePhotoUrl\":\"tenant\/658d9f90f0909def6c18fa2c\/mediaLibrary\/photo\/4db82067-da5b-4b7a-b2dd-723ec7e09353-medium-standard-q100.png?v=1734098430\",\"photoExtension\":\"png?v=1734098430\",\"name\":\"PRENSA (4)\",\"photoVersion\":4,\"type\":\"image\"},\"authorImage\":{\"publicUrl\":\"https:\/\/s3-mspro.nyc3.digitaloceanspaces.com\/tenant\/658d9f90f0909def6c18fa2c\/mediaLibrary\/photo\/4db82067-da5b-4b7a-b2dd-723ec7e09353.png\",\"privatePhotoUrlWithoutExtension\":\"tenant\/658d9f90f0909def6c18fa2c\/mediaLibrary\/photo\/4db82067-da5b-4b7a-b2dd-723ec7e09353\",\"privatePhotoUrl\":\"tenant\/658d9f90f0909def6c18fa2c\/mediaLibrary\/photo\/4db82067-da5b-4b7a-b2dd-723ec7e09353-medium-standard-q100.png?v=1734098430\",\"photoExtension\":\"png?v=1734098430\",\"name\":\"PRENSA (4)\",\"photoVersion\":4,\"type\":\"image\"}},\"datePublished\":\"2025-11-11 08:00:00\"}]}}]}}},{\"id\":\"659d96a2459dea152bb36d7f\",\"name\":\"Contenedor Publicidad 1\",\"active\":true,\"renderAs\":\"server\",\"gridCols\":{\"lg\":100,\"md\":100,\"xs\":100,\"daily\":100},\"marginTop\":-252,\"marginBottom\":30,\"content\":{\"config\":{\"lg\":{\"compactType\":\"horizontal\"}},\"layouts\":{\"lg\":[{\"i\":\"ba43141e-0f74-41fc-8bbb-6b0e6aec8dc2\",\"x\":4,\"y\":5,\"w\":11,\"h\":11,\"id\":\"659d97dc459dea7b15b36d88\",\"name\":\"Componente Widget Banner 1x1 Banner Mobile\",\"gridCols\":100,\"type\":\"component\",\"data\":{\"displayConfig\":{\"filterBy\":\"widgets\",\"type\":\"ads\",\"adType\":\"banner\",\"widgetsOrderBy\":\"position\",\"sortBy\":\"asc\",\"keywords\":[{\"id\":\"65ef204b18fb25439cf78d40\",\"label\":\"Portada Separador Noticias Destacadas\"}],\"offset\":0,\"limit\":1},\"customConfig\":{\"lg\":{\"box-5c855846-d7ab-4946-985d-cfc1dd3cd47fConfig\":{\"changeWidget\":\"box\",\"backgroundColor\":\"#d1d5dbff\"},\"box-5c855846-d7ab-4946-985d-cfc1dd3cd47fLayerOne\":{\"enabled\":true},\"avatar-d115f0f5-9555-46bb-bcb2-054e47ef3e47Config\":{\"changeWidget\":\"avatar\",\"openType\":\"redirectUrl\"},\"avatar-d115f0f5-9555-46bb-bcb2-054e47ef3e47AttributeFill\":{\"fillOption\":\"widget\",\"attributeFill\":[{\"title\":\"image\",\"canDelete\":true}]}}},\"content\":{\"layouts\":{\"lg\":[{\"i\":\"5c855846-d7ab-4946-985d-cfc1dd3cd47f\",\"x\":0,\"y\":0,\"w\":100,\"h\":100,\"type\":\"widget\",\"framework\":\"mui\",\"data\":\"box\"},{\"i\":\"d115f0f5-9555-46bb-bcb2-054e47ef3e47\",\"x\":5,\"y\":4,\"w\":90,\"h\":90,\"type\":\"widget\",\"framework\":\"mui\",\"data\":\"avatar\"}]}},\"rows\":[{\"name\":\"Portada Separador Noticias Destacadas 1 \/ 250x250: CROSUR\",\"image\":{\"publicUrl\":\"https:\/\/s3-mspro.nyc3.digitaloceanspaces.com\/tenant\/658d9f90f0909def6c18fa2c\/mediaLibrary\/photo\/3b6fb482-0a87-4348-91e5-e9623a339ba0.gif\",\"privatePhotoUrlWithoutExtension\":\"tenant\/658d9f90f0909def6c18fa2c\/mediaLibrary\/photo\/3b6fb482-0a87-4348-91e5-e9623a339ba0\",\"privatePhotoUrl\":\"tenant\/658d9f90f0909def6c18fa2c\/mediaLibrary\/photo\/3b6fb482-0a87-4348-91e5-e9623a339ba0.gif\",\"photoExtension\":\"gif\",\"type\":\"image\",\"name\":\"crosur constructor\",\"updatedAt\":\"2026-03-09T18:59:48.886Z\",\"photoVersion\":4},\"redirectUrl\":\"http:\/\/www.crosur.cl\"}]}},{\"i\":\"68a2bde6-4c4b-4a25-a210-dafd78c28aaa\",\"x\":16,\"y\":5,\"w\":11,\"h\":11,\"id\":\"659d97dc459dea7b15b36d88\",\"name\":\"Componente Widget Banner 1x1 Banner Mobile\",\"gridCols\":100,\"type\":\"component\",\"data\":{\"displayConfig\":{\"filterBy\":\"widgets\",\"type\":\"ads\",\"adType\":\"banner\",\"offset\":1,\"limit\":1,\"widgetsOrderBy\":\"position\",\"sortBy\":\"asc\",\"keywords\":[{\"id\":\"65ef204b18fb25439cf78d40\",\"label\":\"Portada Separador Noticias Destacadas\"}]},\"customConfig\":{\"lg\":{\"box-5c855846-d7ab-4946-985d-cfc1dd3cd47fConfig\":{\"changeWidget\":\"box\",\"backgroundColor\":\"#d1d5dbff\"},\"box-5c855846-d7ab-4946-985d-cfc1dd3cd47fLayerOne\":{\"enabled\":true},\"avatar-d115f0f5-9555-46bb-bcb2-054e47ef3e47Config\":{\"changeWidget\":\"avatar\",\"openType\":\"redirectUrl\"},\"avatar-d115f0f5-9555-46bb-bcb2-054e47ef3e47AttributeFill\":{\"fillOption\":\"widget\",\"attributeFill\":[{\"title\":\"image\",\"canDelete\":true}]}}},\"content\":{\"layouts\":{\"lg\":[{\"i\":\"5c855846-d7ab-4946-985d-cfc1dd3cd47f\",\"x\":0,\"y\":0,\"w\":100,\"h\":100,\"type\":\"widget\",\"framework\":\"mui\",\"data\":\"box\"},{\"i\":\"d115f0f5-9555-46bb-bcb2-054e47ef3e47\",\"x\":5,\"y\":4,\"w\":90,\"h\":90,\"type\":\"widget\",\"framework\":\"mui\",\"data\":\"avatar\"}]}},\"rows\":[{\"name\":\"Portada Separador Noticias Destacadas 2 \/ 250x250: Covepa\",\"image\":{\"publicUrl\":\"https:\/\/s3-mspro.nyc3.digitaloceanspaces.com\/tenant\/658d9f90f0909def6c18fa2c\/mediaLibrary\/photo\/8e7b0c96-cca5-4fbd-9779-504c3767f761.jpg\",\"privatePhotoUrlWithoutExtension\":\"tenant\/658d9f90f0909def6c18fa2c\/mediaLibrary\/photo\/8e7b0c96-cca5-4fbd-9779-504c3767f761\",\"privatePhotoUrl\":\"tenant\/658d9f90f0909def6c18fa2c\/mediaLibrary\/photo\/8e7b0c96-cca5-4fbd-9779-504c3767f761-medium-standard-q100.jpg?v=1772453080\",\"photoExtension\":\"jpg?v=1772453080\",\"type\":\"image\",\"name\":\"COVEPA 336X336PX\",\"updatedAt\":\"2026-03-02T12:04:40.118Z\",\"photoVersion\":4},\"redirectUrl\":\"https:\/\/www.covepa.cl\"}]}},{\"i\":\"0005ed04-2b19-472a-b2ed-da128feca564\",\"x\":28,\"y\":5,\"w\":11,\"h\":11,\"id\":\"659d97dc459dea7b15b36d88\",\"name\":\"Componente Widget Banner 1x1 Banner Mobile\",\"gridCols\":100,\"type\":\"component\",\"data\":{\"displayConfig\":{\"filterBy\":\"widgets\",\"type\":\"ads\",\"adType\":\"banner\",\"widgetsOrderBy\":\"position\",\"sortBy\":\"asc\",\"keywords\":[{\"id\":\"65ef204b18fb25439cf78d40\",\"label\":\"Portada Separador Noticias Destacadas\"}],\"offset\":2,\"limit\":1},\"customConfig\":{\"lg\":{\"box-5c855846-d7ab-4946-985d-cfc1dd3cd47fConfig\":{\"changeWidget\":\"box\",\"backgroundColor\":\"#d1d5dbff\"},\"box-5c855846-d7ab-4946-985d-cfc1dd3cd47fLayerOne\":{\"enabled\":true},\"avatar-d115f0f5-9555-46bb-bcb2-054e47ef3e47Config\":{\"changeWidget\":\"avatar\",\"openType\":\"redirectUrl\"},\"avatar-d115f0f5-9555-46bb-bcb2-054e47ef3e47AttributeFill\":{\"fillOption\":\"widget\",\"attributeFill\":[{\"title\":\"image\",\"canDelete\":true}]}}},\"content\":{\"layouts\":{\"lg\":[{\"i\":\"5c855846-d7ab-4946-985d-cfc1dd3cd47f\",\"x\":0,\"y\":0,\"w\":100,\"h\":100,\"type\":\"widget\",\"framework\":\"mui\",\"data\":\"box\"},{\"i\":\"d115f0f5-9555-46bb-bcb2-054e47ef3e47\",\"x\":5,\"y\":4,\"w\":90,\"h\":90,\"type\":\"widget\",\"framework\":\"mui\",\"data\":\"avatar\"}]}},\"rows\":[{\"name\":\"Portada Separador Noticias Destacadas 3 \/ 250x250: MED LAB\",\"image\":{\"publicUrl\":\"https:\/\/s3-mspro.nyc3.digitaloceanspaces.com\/tenant\/658d9f90f0909def6c18fa2c\/mediaLibrary\/photo\/cda0585e-dd92-4f8a-a5cd-c93fbcafb171.png\",\"privatePhotoUrlWithoutExtension\":\"tenant\/658d9f90f0909def6c18fa2c\/mediaLibrary\/photo\/cda0585e-dd92-4f8a-a5cd-c93fbcafb171\",\"privatePhotoUrl\":\"tenant\/658d9f90f0909def6c18fa2c\/mediaLibrary\/photo\/cda0585e-dd92-4f8a-a5cd-c93fbcafb171-medium-standard-q100.png?v=1772626139\",\"photoExtension\":\"png?v=1772626139\",\"type\":\"image\",\"name\":\"MED LAB\",\"updatedAt\":\"2026-03-04T12:08:59.112Z\",\"photoVersion\":4},\"redirectUrl\":\"https:\/\/www.instagram.com\/cardiologia_medlab\/\"}]}},{\"i\":\"30977df6-abe4-4a61-b2fb-041b2a9ccef0\",\"x\":41,\"y\":5,\"w\":11,\"h\":11,\"id\":\"659d97dc459dea7b15b36d88\",\"name\":\"Componente Widget Banner 1x1 Banner Mobile\",\"gridCols\":100,\"type\":\"component\",\"data\":{\"displayConfig\":{\"filterBy\":\"widgets\",\"type\":\"ads\",\"adType\":\"banner\",\"offset\":3,\"limit\":1,\"widgetsOrderBy\":\"position\",\"sortBy\":\"asc\",\"keywords\":[{\"id\":\"65ef204b18fb25439cf78d40\",\"label\":\"Portada Separador Noticias Destacadas\"}]},\"customConfig\":{\"lg\":{\"box-5c855846-d7ab-4946-985d-cfc1dd3cd47fConfig\":{\"changeWidget\":\"box\",\"backgroundColor\":\"#d1d5dbff\"},\"box-5c855846-d7ab-4946-985d-cfc1dd3cd47fLayerOne\":{\"enabled\":true},\"avatar-d115f0f5-9555-46bb-bcb2-054e47ef3e47Config\":{\"changeWidget\":\"avatar\",\"openType\":\"redirectUrl\"},\"avatar-d115f0f5-9555-46bb-bcb2-054e47ef3e47AttributeFill\":{\"fillOption\":\"widget\",\"attributeFill\":[{\"title\":\"image\",\"canDelete\":true}]}}},\"content\":{\"layouts\":{\"lg\":[{\"i\":\"5c855846-d7ab-4946-985d-cfc1dd3cd47f\",\"x\":0,\"y\":0,\"w\":100,\"h\":100,\"type\":\"widget\",\"framework\":\"mui\",\"data\":\"box\"},{\"i\":\"d115f0f5-9555-46bb-bcb2-054e47ef3e47\",\"x\":5,\"y\":4,\"w\":90,\"h\":90,\"type\":\"widget\",\"framework\":\"mui\",\"data\":\"avatar\"}]}},\"rows\":[{\"name\":\"Portada Separador Noticias Destacadas 4 \/ 250x250: PESCACHILE\",\"image\":{\"publicUrl\":\"https:\/\/s3-mspro.nyc3.digitaloceanspaces.com\/tenant\/658d9f90f0909def6c18fa2c\/mediaLibrary\/photo\/806a6370-81a8-467c-a22a-db915d9f5719.png\",\"privatePhotoUrlWithoutExtension\":\"tenant\/658d9f90f0909def6c18fa2c\/mediaLibrary\/photo\/806a6370-81a8-467c-a22a-db915d9f5719\",\"privatePhotoUrl\":\"tenant\/658d9f90f0909def6c18fa2c\/mediaLibrary\/photo\/806a6370-81a8-467c-a22a-db915d9f5719-medium-standard-q100.png?v=1709910476\",\"photoExtension\":\"png?v=1709910476\",\"type\":\"image\",\"name\":\"BANNER-PESCACHILE336X336\",\"updatedAt\":\"2024-03-08T15:07:56.886Z\",\"photoVersion\":4},\"redirectUrl\":\"https:\/\/www.pescachile.cl\/\"}]}},{\"i\":\"923d38c8-48bb-4396-8d40-46c8a8ddd80e\",\"x\":53,\"y\":5,\"w\":11,\"h\":11,\"id\":\"659d97dc459dea7b15b36d88\",\"name\":\"Componente Widget Banner 1x1 Banner Mobile\",\"gridCols\":100,\"type\":\"component\",\"data\":{\"displayConfig\":{\"filterBy\":\"widgets\",\"type\":\"ads\",\"adType\":\"banner\",\"widgetsOrderBy\":\"position\",\"sortBy\":\"asc\",\"keywords\":[{\"id\":\"65ef204b18fb25439cf78d40\",\"label\":\"Portada Separador Noticias Destacadas\"}],\"offset\":4,\"limit\":1},\"customConfig\":{\"lg\":{\"box-5c855846-d7ab-4946-985d-cfc1dd3cd47fConfig\":{\"changeWidget\":\"box\",\"backgroundColor\":\"#d1d5dbff\"},\"box-5c855846-d7ab-4946-985d-cfc1dd3cd47fLayerOne\":{\"enabled\":true},\"avatar-d115f0f5-9555-46bb-bcb2-054e47ef3e47Config\":{\"changeWidget\":\"avatar\",\"openType\":\"redirectUrl\"},\"avatar-d115f0f5-9555-46bb-bcb2-054e47ef3e47AttributeFill\":{\"fillOption\":\"widget\",\"attributeFill\":[{\"title\":\"image\",\"canDelete\":true}]}}},\"content\":{\"layouts\":{\"lg\":[{\"i\":\"5c855846-d7ab-4946-985d-cfc1dd3cd47f\",\"x\":0,\"y\":0,\"w\":100,\"h\":100,\"type\":\"widget\",\"framework\":\"mui\",\"data\":\"box\"},{\"i\":\"d115f0f5-9555-46bb-bcb2-054e47ef3e47\",\"x\":5,\"y\":4,\"w\":90,\"h\":90,\"type\":\"widget\",\"framework\":\"mui\",\"data\":\"avatar\"}]}},\"rows\":[{\"name\":\"Portada Separador Noticias Destacadas 5 \/ 250x250: britanico\",\"image\":{\"publicUrl\":\"https:\/\/s3-mspro.nyc3.digitaloceanspaces.com\/tenant\/658d9f90f0909def6c18fa2c\/mediaLibrary\/photo\/42cf4201-cd5f-412e-9ba3-e3b541c0fa94.gif\",\"privatePhotoUrlWithoutExtension\":\"tenant\/658d9f90f0909def6c18fa2c\/mediaLibrary\/photo\/42cf4201-cd5f-412e-9ba3-e3b541c0fa94\",\"privatePhotoUrl\":\"tenant\/658d9f90f0909def6c18fa2c\/mediaLibrary\/photo\/42cf4201-cd5f-412e-9ba3-e3b541c0fa94.gif\",\"photoExtension\":\"gif\",\"type\":\"image\",\"name\":\"BRITANICO GIF (1)\",\"updatedAt\":\"2026-03-23T13:37:36.915Z\",\"photoVersion\":4},\"redirectUrl\":\"https:\/\/britishinstitute.cl\/\"}]}},{\"i\":\"34cd481f-58a0-4ef1-adc7-800ea1460e49\",\"x\":77,\"y\":4,\"w\":19,\"h\":19,\"id\":\"6598322b593b0ab5a9c16227\",\"name\":\"Componente Widget Banner 1x1\",\"gridCols\":100,\"type\":\"component\",\"data\":{\"displayConfig\":{\"filterBy\":\"widgets\",\"type\":\"ads\",\"adType\":\"banner\",\"keywords\":[{\"id\":\"65ef180f18fb253977f78cc2\",\"label\":\"Portada Laterales\"}],\"offset\":2,\"limit\":1,\"widgetsOrderBy\":\"position\",\"sortBy\":\"asc\"},\"customConfig\":{\"lg\":{\"box-5c855846-d7ab-4946-985d-cfc1dd3cd47fConfig\":{\"changeWidget\":\"box\",\"backgroundColor\":\"#d1d5dbff\"},\"box-5c855846-d7ab-4946-985d-cfc1dd3cd47fLayerOne\":{\"enabled\":true},\"avatar-d115f0f5-9555-46bb-bcb2-054e47ef3e47Config\":{\"changeWidget\":\"avatar\",\"openType\":\"redirectUrl\"},\"avatar-d115f0f5-9555-46bb-bcb2-054e47ef3e47AttributeFill\":{\"fillOption\":\"widget\",\"attributeFill\":[{\"title\":\"image\",\"canDelete\":true}]}}},\"content\":{\"layouts\":{\"lg\":[{\"i\":\"5c855846-d7ab-4946-985d-cfc1dd3cd47f\",\"x\":0,\"y\":0,\"w\":100,\"h\":100,\"type\":\"widget\",\"framework\":\"mui\",\"data\":\"box\"},{\"i\":\"d115f0f5-9555-46bb-bcb2-054e47ef3e47\",\"x\":3,\"y\":3,\"w\":94,\"h\":94,\"type\":\"widget\",\"framework\":\"mui\",\"data\":\"avatar\"}]}},\"rows\":[{\"name\":\"Portada Laterales 3 \/336x336: AQUA CHILE\",\"image\":{\"publicUrl\":\"https:\/\/s3-mspro.nyc3.digitaloceanspaces.com\/tenant\/658d9f90f0909def6c18fa2c\/mediaLibrary\/photo\/2b19c591-fcb5-4f8e-b120-c23914623398.png\",\"privatePhotoUrlWithoutExtension\":\"tenant\/658d9f90f0909def6c18fa2c\/mediaLibrary\/photo\/2b19c591-fcb5-4f8e-b120-c23914623398\",\"privatePhotoUrl\":\"tenant\/658d9f90f0909def6c18fa2c\/mediaLibrary\/photo\/2b19c591-fcb5-4f8e-b120-c23914623398-medium-standard-q100.png?v=1717595993\",\"photoExtension\":\"png?v=1717595993\",\"type\":\"image\",\"name\":\"AQUA CHILE 336x336 (1)\",\"updatedAt\":\"2024-06-05T13:59:53.376Z\",\"photoVersion\":4},\"redirectUrl\":\"https:\/\/www.aquachile.com\/\"}]}},{\"i\":\"acd400fc-0657-4f29-b50c-c2b7fb0287e7\",\"x\":65,\"y\":5,\"w\":11,\"h\":11,\"id\":\"659d97dc459dea7b15b36d88\",\"name\":\"Componente Widget Banner 1x1 Banner Mobile\",\"gridCols\":100,\"type\":\"component\",\"data\":{\"displayConfig\":{\"filterBy\":\"widgets\",\"type\":\"ads\",\"adType\":\"banner\",\"widgetsOrderBy\":\"position\",\"sortBy\":\"asc\",\"keywords\":[{\"id\":\"65ef204b18fb25439cf78d40\",\"label\":\"Portada Separador Noticias Destacadas\"}],\"offset\":5,\"limit\":1},\"customConfig\":{\"lg\":{\"box-5c855846-d7ab-4946-985d-cfc1dd3cd47fConfig\":{\"changeWidget\":\"box\",\"backgroundColor\":\"#d1d5dbff\"},\"box-5c855846-d7ab-4946-985d-cfc1dd3cd47fLayerOne\":{\"enabled\":true},\"avatar-d115f0f5-9555-46bb-bcb2-054e47ef3e47Config\":{\"changeWidget\":\"avatar\",\"openType\":\"redirectUrl\"},\"avatar-d115f0f5-9555-46bb-bcb2-054e47ef3e47AttributeFill\":{\"fillOption\":\"widget\",\"attributeFill\":[{\"title\":\"image\",\"canDelete\":true}]}}},\"content\":{\"layouts\":{\"lg\":[{\"i\":\"5c855846-d7ab-4946-985d-cfc1dd3cd47f\",\"x\":0,\"y\":0,\"w\":100,\"h\":100,\"type\":\"widget\",\"framework\":\"mui\",\"data\":\"box\"},{\"i\":\"d115f0f5-9555-46bb-bcb2-054e47ef3e47\",\"x\":5,\"y\":4,\"w\":90,\"h\":90,\"type\":\"widget\",\"framework\":\"mui\",\"data\":\"avatar\"}]}},\"rows\":[{\"name\":\"Portada Separador Noticias Destacadas 6 \/ 250x250: TABSA\",\"image\":{\"publicUrl\":\"https:\/\/s3-mspro.nyc3.digitaloceanspaces.com\/tenant\/658d9f90f0909def6c18fa2c\/mediaLibrary\/photo\/14a6bb7c-afff-43ea-92a1-0148ccda6f3f.gif\",\"privatePhotoUrlWithoutExtension\":\"tenant\/658d9f90f0909def6c18fa2c\/mediaLibrary\/photo\/14a6bb7c-afff-43ea-92a1-0148ccda6f3f\",\"privatePhotoUrl\":\"tenant\/658d9f90f0909def6c18fa2c\/mediaLibrary\/photo\/14a6bb7c-afff-43ea-92a1-0148ccda6f3f.gif\",\"photoExtension\":\"gif\",\"type\":\"image\",\"name\":\"Tabsa 250_Tabsa24\",\"updatedAt\":\"2025-05-08T14:45:37.562Z\",\"photoVersion\":4},\"redirectUrl\":\"www.tabsa.cl\"}]}},{\"i\":\"db6eb329-f1bd-475e-b16b-15c61d4d6cf5\",\"x\":4,\"y\":3,\"w\":72,\"h\":1,\"id\":\"673c88a4ce7709d797ef7851\",\"name\":\"L\u00ednea divisoria Desktop\",\"gridCols\":24,\"type\":\"component\",\"data\":{\"customConfig\":{\"lg\":{\"divider-d606cf92-e3f7-4c5d-bbdf-7d0311951bcdConfig\":{\"changeWidget\":\"divider\",\"width\":100,\"height\":0.1,\"backgroundColor\":\"#cfcfcfff\"},\"divider-d606cf92-e3f7-4c5d-bbdf-7d0311951bcdLayerOne\":{\"enabled\":true}}},\"content\":{\"layouts\":{\"lg\":[{\"i\":\"d606cf92-e3f7-4c5d-bbdf-7d0311951bcd\",\"x\":0,\"y\":0,\"w\":24,\"h\":1,\"type\":\"widget\",\"framework\":\"mui\",\"data\":\"divider\"}]}}}},{\"i\":\"e59dbd60-9de6-4e57-9e4a-11a7cd33f396\",\"x\":4,\"y\":18,\"w\":72,\"h\":1,\"id\":\"673c88a4ce7709d797ef7851\",\"name\":\"L\u00ednea divisoria Desktop\",\"gridCols\":24,\"type\":\"component\",\"data\":{\"customConfig\":{\"lg\":{\"divider-d606cf92-e3f7-4c5d-bbdf-7d0311951bcdConfig\":{\"changeWidget\":\"divider\",\"width\":100,\"height\":0.1,\"backgroundColor\":\"#cfcfcfff\"},\"divider-d606cf92-e3f7-4c5d-bbdf-7d0311951bcdLayerOne\":{\"enabled\":true}}},\"content\":{\"layouts\":{\"lg\":[{\"i\":\"d606cf92-e3f7-4c5d-bbdf-7d0311951bcd\",\"x\":0,\"y\":0,\"w\":24,\"h\":1,\"type\":\"widget\",\"framework\":\"mui\",\"data\":\"divider\"}]}}}}]}}},{\"id\":\"6596f8cc364f145d9ca5dd95\",\"name\":\"Contenedor noticias 1\",\"active\":true,\"renderAs\":\"server\",\"gridCols\":{\"lg\":100,\"md\":100,\"xs\":100,\"daily\":100},\"marginTop\":-50,\"marginBottom\":0,\"content\":{\"config\":{\"lg\":{\"compactType\":\"horizontal\"}},\"layouts\":{\"lg\":[{\"i\":\"4372d045-c447-4906-8553-22ba4f16b3e3\",\"x\":3,\"y\":1,\"w\":73,\"h\":96,\"id\":\"66db6d141b69d720dd1c4fc5\",\"name\":\"Tarjeta nueva home radiopolar\",\"gridCols\":100,\"type\":\"component\",\"data\":{\"displayConfig\":{\"formatType\":\"grid\",\"columns\":4,\"columnsDesktop\":6,\"columnsMobile\":6,\"columnsTablet\":6,\"columnsLargeDesktop\":6,\"columnsExtraLargeDesktop\":6,\"limit\":16,\"horizontalGutter\":2,\"verticalGutter\":2,\"enabledLayer\":true,\"filterBy\":\"posts\",\"postsOrderBy\":\"datePublished\",\"sortBy\":\"desc\",\"filterCategories\":[{\"id\":\"658da61b787b5fb6c8a09818\",\"label\":\"Noticias\"}]},\"customConfig\":{\"lg\":{\"avatar-d5bbbbb3-bb13-4bc2-9257-05523b32ed9dConfig\":{\"changeWidget\":\"avatar\",\"openType\":\"slug\",\"avatarObjectFit\":\"cover\"},\"typography-cd8b6410-273b-496e-b261-6b0adee8f86cConfig\":{\"changeWidget\":\"typography\",\"fontSize\":5,\"lineHeight\":\"1.8\",\"color\":\"#4a5563ff\",\"typographyMaxLength\":100000000000000,\"openType\":\"slug\"},\"typography-cd8b6410-273b-496e-b261-6b0adee8f86cLayerOne\":{\"enabled\":true},\"typography-cd8b6410-273b-496e-b261-6b0adee8f86cAttributeFill\":{\"fillOption\":\"post\",\"attributeFill\":[{\"title\":\"title\",\"canDelete\":true}]},\"avatar-d5bbbbb3-bb13-4bc2-9257-05523b32ed9dAttributeFill\":{\"fillOption\":\"post\",\"attributeFill\":[{\"title\":\"image\",\"canDelete\":true}]},\"button-53710425-5d01-4086-bda8-87e860046417Config\":{\"changeWidget\":\"button\",\"fontSize\":5,\"color\":\"#ffffffff\",\"customIcon\":\"io5\/IoCalendar\",\"buttonPositionIcon\":\"left\",\"typographyMaxLength\":100,\"backgroundColor\":\"#b91c1bff\",\"buttonSize\":\"small\"},\"button-53710425-5d01-4086-bda8-87e860046417LayerOne\":{\"enabled\":true},\"button-53710425-5d01-4086-bda8-87e860046417AttributeFill\":{\"fillOption\":\"post\",\"attributeFill\":[{\"title\":\"datePublished\",\"formatDate\":\"DD\/MM\/YYYY HH:mm\",\"canDelete\":true}]}}},\"content\":{\"layouts\":{\"lg\":[{\"i\":\"d5bbbbb3-bb13-4bc2-9257-05523b32ed9d\",\"x\":0,\"y\":0,\"w\":100,\"h\":56,\"type\":\"widget\",\"framework\":\"mui\",\"data\":\"avatar\"},{\"i\":\"cd8b6410-273b-496e-b261-6b0adee8f86c\",\"x\":0,\"y\":71,\"w\":100,\"h\":10,\"type\":\"widget\",\"framework\":\"mui\",\"data\":\"typography\"},{\"i\":\"53710425-5d01-4086-bda8-87e860046417\",\"x\":0,\"y\":59,\"w\":68,\"h\":10,\"type\":\"widget\",\"framework\":\"mui\",\"data\":\"button\"}]}},\"rows\":[{\"title\":\"SENCE ABRE POSTULACIONES A CURSOS GRATUITOS EN PUERTO NATALES CON CUPOS LIMITADOS\",\"image\":{\"publicUrl\":\"https:\/\/s3-mspro.nyc3.digitaloceanspaces.com\/tenant\/658d9f90f0909def6c18fa2c\/mediaLibrary\/photo\/5dbf8034-7f93-444b-b528-2774375e420e.png\",\"privatePhotoUrlWithoutExtension\":\"tenant\/658d9f90f0909def6c18fa2c\/mediaLibrary\/photo\/5dbf8034-7f93-444b-b528-2774375e420e\",\"privatePhotoUrl\":\"tenant\/658d9f90f0909def6c18fa2c\/mediaLibrary\/photo\/5dbf8034-7f93-444b-b528-2774375e420e-medium-standard-q100.png?v=1774706533\",\"photoExtension\":\"png?v=1774706533\",\"name\":\"sence\",\"photoVersion\":4,\"type\":\"image\"},\"slug\":\"https:\/\/www.radiopolar.com\/sence-abre-postulaciones-cursos-gratuitos-puerto-natales-cupos-limitados\",\"primaryAuthor\":{\"id\":\"6989e3a9f45043c1b91f7bba\",\"name\":\"Equipo Polar Comunicaciones\",\"authorName\":\"Equipo Polar Comunicaciones\",\"slug\":\"\/author\/equipo-polar-comunicaciones\"},\"datePublished\":\"2026-03-28 15:00:00\"},{\"title\":\"PUNTA ARENAS INAUGURA ESCUELAS DEPORTIVAS MUNICIPALES 2026 CON 250 CUPOS GRATUITOS\",\"image\":{\"publicUrl\":\"https:\/\/s3-mspro.nyc3.digitaloceanspaces.com\/tenant\/658d9f90f0909def6c18fa2c\/mediaLibrary\/photo\/f15e34e4-1dee-4aa4-a899-ed405da4d929.jpeg\",\"privatePhotoUrlWithoutExtension\":\"tenant\/658d9f90f0909def6c18fa2c\/mediaLibrary\/photo\/f15e34e4-1dee-4aa4-a899-ed405da4d929\",\"privatePhotoUrl\":\"tenant\/658d9f90f0909def6c18fa2c\/mediaLibrary\/photo\/f15e34e4-1dee-4aa4-a899-ed405da4d929-medium-standard-q100.jpeg?v=1774703351\",\"photoExtension\":\"jpeg?v=1774703351\",\"name\":\"escuelas deportivas\",\"photoVersion\":4,\"type\":\"image\"},\"slug\":\"https:\/\/www.radiopolar.com\/punta-arenas-inaugura-escuelas-deportivas-municipales-2026-250-cupos-gratuitos\",\"primaryAuthor\":{\"id\":\"6989e3a9f45043c1b91f7bba\",\"name\":\"Equipo Polar Comunicaciones\",\"authorName\":\"Equipo Polar Comunicaciones\",\"slug\":\"\/author\/equipo-polar-comunicaciones\"},\"datePublished\":\"2026-03-28 14:00:00\"},{\"title\":\"PDI CONFIRMA IDENTIDAD DE MUJER FALLECIDA EN PORVENIR: MUERTE SE ASOCIA A ASFIXIA POR SUMERSI\u00d3N\",\"image\":{\"publicUrl\":\"https:\/\/s3-mspro.nyc3.digitaloceanspaces.com\/tenant\/658d9f90f0909def6c18fa2c\/mediaLibrary\/photo\/247f868c-7503-47d1-97d0-0da5a198b48b.jpeg\",\"privatePhotoUrlWithoutExtension\":\"tenant\/658d9f90f0909def6c18fa2c\/mediaLibrary\/photo\/247f868c-7503-47d1-97d0-0da5a198b48b\",\"privatePhotoUrl\":\"tenant\/658d9f90f0909def6c18fa2c\/mediaLibrary\/photo\/247f868c-7503-47d1-97d0-0da5a198b48b-medium-standard-q100.jpeg?v=1774716553\",\"photoExtension\":\"jpeg?v=1774716553\",\"name\":\"PDI Mujer fallecida Porvenir\",\"photoVersion\":4,\"type\":\"image\"},\"slug\":\"https:\/\/www.radiopolar.com\/pdi-confirma-identidad-mujer-fallecida-porvenir-muerte-asocia-asfixia-sumersion\",\"primaryAuthor\":{\"id\":\"6989e3a9f45043c1b91f7bba\",\"name\":\"Equipo Polar Comunicaciones\",\"authorName\":\"Equipo Polar Comunicaciones\",\"slug\":\"\/author\/equipo-polar-comunicaciones\"},\"datePublished\":\"2026-03-28 13:55:00\"},{\"title\":\"LIQUENLAB ABRE CONVOCATORIA 2026 PARA RESIDENCIA NAVEGABLE RADICANTE EN MAGALLANES\",\"image\":{\"publicUrl\":\"https:\/\/s3-mspro.nyc3.digitaloceanspaces.com\/tenant\/658d9f90f0909def6c18fa2c\/mediaLibrary\/photo\/2a4b2074-c23e-4777-a433-072e80eb9c3c.png\",\"privatePhotoUrlWithoutExtension\":\"tenant\/658d9f90f0909def6c18fa2c\/mediaLibrary\/photo\/2a4b2074-c23e-4777-a433-072e80eb9c3c\",\"privatePhotoUrl\":\"tenant\/658d9f90f0909def6c18fa2c\/mediaLibrary\/photo\/2a4b2074-c23e-4777-a433-072e80eb9c3c-medium-standard-q100.png?v=1774702748\",\"photoExtension\":\"png?v=1774702748\",\"name\":\"liquenlab\",\"photoVersion\":4,\"type\":\"image\"},\"slug\":\"https:\/\/www.radiopolar.com\/liquenlab-abre-convocatoria-2026-residencia-navegable-radicante-magallanes\",\"primaryAuthor\":{\"id\":\"6989e3a9f45043c1b91f7bba\",\"name\":\"Equipo Polar Comunicaciones\",\"authorName\":\"Equipo Polar Comunicaciones\",\"slug\":\"\/author\/equipo-polar-comunicaciones\"},\"datePublished\":\"2026-03-28 13:00:00\"},{\"title\":\"COLUMNA DE OPINI\u00d3N | \"LA LECCI\u00d3N M\u00c1S DURA\"\",\"image\":{\"publicUrl\":\"https:\/\/s3-mspro.nyc3.digitaloceanspaces.com\/tenant\/658d9f90f0909def6c18fa2c\/mediaLibrary\/photo\/8f422ef6-d41d-489c-bb95-5afebb84d90e.jpg\",\"privatePhotoUrlWithoutExtension\":\"tenant\/658d9f90f0909def6c18fa2c\/mediaLibrary\/photo\/8f422ef6-d41d-489c-bb95-5afebb84d90e\",\"privatePhotoUrl\":\"tenant\/658d9f90f0909def6c18fa2c\/mediaLibrary\/photo\/8f422ef6-d41d-489c-bb95-5afebb84d90e-medium-standard-q100.jpg?v=1774702167\",\"photoExtension\":\"jpg?v=1774702167\",\"name\":\"Rafael Gumucio\",\"photoVersion\":4,\"type\":\"image\"},\"slug\":\"https:\/\/www.radiopolar.com\/columna-opinion-leccion-dura\",\"primaryAuthor\":{\"id\":\"6989e3a9f45043c1b91f7bba\",\"name\":\"Equipo Polar Comunicaciones\",\"authorName\":\"Equipo Polar Comunicaciones\",\"slug\":\"\/author\/equipo-polar-comunicaciones\"},\"datePublished\":\"2026-03-28 12:00:00\"},{\"title\":\"ABREN CONVOCATORIA 2026 DEL PREMIO A LA TRAYECTORIA NACIONAL EN CULTURA TRADICIONAL MARGOT LOYOLA PALACIOS\",\"image\":{\"publicUrl\":\"https:\/\/s3-mspro.nyc3.digitaloceanspaces.com\/tenant\/658d9f90f0909def6c18fa2c\/mediaLibrary\/photo\/42bab3aa-57c7-4f1f-8a6b-fa7468279845.jpg\",\"privatePhotoUrlWithoutExtension\":\"tenant\/658d9f90f0909def6c18fa2c\/mediaLibrary\/photo\/42bab3aa-57c7-4f1f-8a6b-fa7468279845\",\"privatePhotoUrl\":\"tenant\/658d9f90f0909def6c18fa2c\/mediaLibrary\/photo\/42bab3aa-57c7-4f1f-8a6b-fa7468279845-medium-standard-q100.jpg?v=1774669649\",\"photoExtension\":\"jpg?v=1774669649\",\"name\":\"Premio Margot Loyola\",\"photoVersion\":4,\"type\":\"image\"},\"slug\":\"https:\/\/www.radiopolar.com\/abren-convocatoria-2026-premio-trayectoria-nacional-cultura-tradicional-margot-loyola-palacios\",\"primaryAuthor\":{\"id\":\"6989e3a9f45043c1b91f7bba\",\"name\":\"Equipo Polar Comunicaciones\",\"authorName\":\"Equipo Polar Comunicaciones\",\"slug\":\"\/author\/equipo-polar-comunicaciones\"},\"datePublished\":\"2026-03-28 11:00:00\"},{\"title\":\"CATEDRAL DE PUNTA ARENAS ANUNCIA PROGRAMACI\u00d3N DE SEMANA SANTA CON MISAS Y ACTIVIDADES LIT\u00daRGICAS\",\"image\":{\"publicUrl\":\"https:\/\/s3-mspro.nyc3.digitaloceanspaces.com\/tenant\/658d9f90f0909def6c18fa2c\/mediaLibrary\/photo\/315f29a7-742f-4b8b-a2f3-801408a689e4.jpg\",\"privatePhotoUrlWithoutExtension\":\"tenant\/658d9f90f0909def6c18fa2c\/mediaLibrary\/photo\/315f29a7-742f-4b8b-a2f3-801408a689e4\",\"privatePhotoUrl\":\"tenant\/658d9f90f0909def6c18fa2c\/mediaLibrary\/photo\/315f29a7-742f-4b8b-a2f3-801408a689e4-medium-standard-q100.jpg?v=1774669378\",\"photoExtension\":\"jpg?v=1774669378\",\"name\":\"catedral\",\"photoVersion\":4,\"type\":\"image\"},\"slug\":\"https:\/\/www.radiopolar.com\/catedral-punta-arenas-anuncia-programacion-semana-santa-misas-actividades-liturgicas\",\"primaryAuthor\":{\"id\":\"6989e3a9f45043c1b91f7bba\",\"name\":\"Equipo Polar Comunicaciones\",\"authorName\":\"Equipo Polar Comunicaciones\",\"slug\":\"\/author\/equipo-polar-comunicaciones\"},\"datePublished\":\"2026-03-28 10:00:00\"},{\"title\":\"REALIZAR\u00c1N JORNADA DE REGISTRO DE DONANTES DE M\u00c9DULA \u00d3SEA EN PUNTA ARENAS PARA APOYAR A PACIENTE CON LEUCEMIA\",\"image\":{\"publicUrl\":\"https:\/\/s3-mspro.nyc3.digitaloceanspaces.com\/tenant\/658d9f90f0909def6c18fa2c\/mediaLibrary\/photo\/a2e53baf-00cb-4639-883f-e4fc354a851b.webp\",\"privatePhotoUrlWithoutExtension\":\"tenant\/658d9f90f0909def6c18fa2c\/mediaLibrary\/photo\/a2e53baf-00cb-4639-883f-e4fc354a851b\",\"privatePhotoUrl\":\"tenant\/658d9f90f0909def6c18fa2c\/mediaLibrary\/photo\/a2e53baf-00cb-4639-883f-e4fc354a851b-medium-standard-q100.webp?v=1774666692\",\"photoExtension\":\"webp?v=1774666692\",\"name\":\"GONZALO ATLAGICH\",\"photoVersion\":4,\"type\":\"image\"},\"slug\":\"https:\/\/www.radiopolar.com\/realizaran-jornada-registro-donantes-medula-osea-punta-arenas-apoyar-paciente-leucemia\",\"primaryAuthor\":{\"id\":\"6989e3a9f45043c1b91f7bba\",\"name\":\"Equipo Polar Comunicaciones\",\"authorName\":\"Equipo Polar Comunicaciones\",\"slug\":\"\/author\/equipo-polar-comunicaciones\"},\"datePublished\":\"2026-03-28 09:00:00\"},{\"title\":\"TURISMO REGENERATIVO TOMA FUERZA EN MAGALLANES COMO NUEVO MODELO DE CONSERVACI\u00d3N EN LA PATAGONIA CHILENA\",\"image\":{\"publicUrl\":\"https:\/\/s3-mspro.nyc3.digitaloceanspaces.com\/tenant\/658d9f90f0909def6c18fa2c\/mediaLibrary\/photo\/28966f9e-41a9-4f0a-adcc-0c1695a16df4.jpg\",\"privatePhotoUrlWithoutExtension\":\"tenant\/658d9f90f0909def6c18fa2c\/mediaLibrary\/photo\/28966f9e-41a9-4f0a-adcc-0c1695a16df4\",\"privatePhotoUrl\":\"tenant\/658d9f90f0909def6c18fa2c\/mediaLibrary\/photo\/28966f9e-41a9-4f0a-adcc-0c1695a16df4-medium-standard-q100.jpg?v=1774664488\",\"photoExtension\":\"jpg?v=1774664488\",\"name\":\"Turismo Regenerativo\",\"photoVersion\":4,\"type\":\"image\"},\"slug\":\"https:\/\/www.radiopolar.com\/turismo-regenerativo-toma-fuerza-magallanes-modelo-conservacion-patagonia-chilena\",\"primaryAuthor\":{\"id\":\"6989e3a9f45043c1b91f7bba\",\"name\":\"Equipo Polar Comunicaciones\",\"authorName\":\"Equipo Polar Comunicaciones\",\"slug\":\"\/author\/equipo-polar-comunicaciones\"},\"datePublished\":\"2026-03-28 08:00:00\"},{\"title\":\"MUJERES DE PUEBLOS ORIGINARIOS LIDERAN MONITOREO BIOCULTURAL PARA DEFENDER EL MAR EN MAGALLANES Y CHILE\",\"image\":{\"publicUrl\":\"https:\/\/s3-mspro.nyc3.digitaloceanspaces.com\/tenant\/658d9f90f0909def6c18fa2c\/mediaLibrary\/photo\/c876ddbe-1cfa-42b8-8dfe-9ef2fbe9e5f1.jpg\",\"privatePhotoUrlWithoutExtension\":\"tenant\/658d9f90f0909def6c18fa2c\/mediaLibrary\/photo\/c876ddbe-1cfa-42b8-8dfe-9ef2fbe9e5f1\",\"privatePhotoUrl\":\"tenant\/658d9f90f0909def6c18fa2c\/mediaLibrary\/photo\/c876ddbe-1cfa-42b8-8dfe-9ef2fbe9e5f1-medium-standard-q100.jpg?v=1774662387\",\"photoExtension\":\"jpg?v=1774662387\",\"name\":\"Monitoreo Biocultural Comunitario-2\",\"photoVersion\":4,\"type\":\"image\"},\"slug\":\"https:\/\/www.radiopolar.com\/mujeres-pueblos-originarios-lideran-monitoreo-biocultural-defender-mar-magallanes-chile\",\"primaryAuthor\":{\"id\":\"6989e3a9f45043c1b91f7bba\",\"name\":\"Equipo Polar Comunicaciones\",\"authorName\":\"Equipo Polar Comunicaciones\",\"slug\":\"\/author\/equipo-polar-comunicaciones\"},\"datePublished\":\"2026-03-28 07:00:00\"},{\"title\":\"TESTIGOS DE JEHOV\u00c1 IMPULSAN CAMPA\u00d1A MUNDIAL CON EVENTOS ABIERTOS EN PUNTA ARENAS\",\"image\":{\"publicUrl\":\"https:\/\/s3-mspro.nyc3.digitaloceanspaces.com\/tenant\/658d9f90f0909def6c18fa2c\/mediaLibrary\/photo\/de15e879-da7a-4e2c-93b8-c512ad6c6852.jpeg\",\"privatePhotoUrlWithoutExtension\":\"tenant\/658d9f90f0909def6c18fa2c\/mediaLibrary\/photo\/de15e879-da7a-4e2c-93b8-c512ad6c6852\",\"privatePhotoUrl\":\"tenant\/658d9f90f0909def6c18fa2c\/mediaLibrary\/photo\/de15e879-da7a-4e2c-93b8-c512ad6c6852-medium-standard-q100.jpeg?v=1774661866\",\"photoExtension\":\"jpeg?v=1774661866\",\"name\":\"Testigos de Jehov\u00e1\",\"photoVersion\":4,\"type\":\"image\"},\"slug\":\"https:\/\/www.radiopolar.com\/testigos-jehova-impulsan-campana-mundial-eventos-abiertos-punta-arenas\",\"primaryAuthor\":{\"id\":\"6989e3a9f45043c1b91f7bba\",\"name\":\"Equipo Polar Comunicaciones\",\"authorName\":\"Equipo Polar Comunicaciones\",\"slug\":\"\/author\/equipo-polar-comunicaciones\"},\"datePublished\":\"2026-03-28 06:00:00\"},{\"title\":\"CARTELERA CULTURAL 28 MARZO\",\"image\":{\"publicUrl\":\"https:\/\/s3-mspro.nyc3.digitaloceanspaces.com\/tenant\/658d9f90f0909def6c18fa2c\/mediaLibrary\/photo\/8488e315-e7b7-4076-8f85-ddec49cf34bd.jpg\",\"privatePhotoUrlWithoutExtension\":\"tenant\/658d9f90f0909def6c18fa2c\/mediaLibrary\/photo\/8488e315-e7b7-4076-8f85-ddec49cf34bd\",\"privatePhotoUrl\":\"tenant\/658d9f90f0909def6c18fa2c\/mediaLibrary\/photo\/8488e315-e7b7-4076-8f85-ddec49cf34bd-medium-standard-q100.jpg?v=1774656951\",\"photoExtension\":\"jpg?v=1774656951\",\"name\":\"BINACIONAL DE LECTURA\",\"photoVersion\":4,\"type\":\"image\"},\"slug\":\"https:\/\/www.radiopolar.com\/cartelera-cultural-28-marzo\",\"primaryAuthor\":{\"id\":\"65ea08428325aff9da63f8f9\",\"name\":\"Prensa Radio Polar\",\"authorName\":\"Prensa Radio Polar\",\"slug\":\"\/author\/prensa-radio-polar\"},\"datePublished\":\"2026-03-28 00:00:00\"},{\"title\":\"ANDES SALUD CONCRETA ADQUISICI\u00d3N DE 64% DE CL\u00cdNICA IMET, EN PUNTA ARENAS, Y MARCA UN HITO EN SU ESTRATEGIA DE DESARROLLO REGIONAL\",\"image\":{\"publicUrl\":\"https:\/\/s3-mspro.nyc3.digitaloceanspaces.com\/tenant\/658d9f90f0909def6c18fa2c\/mediaLibrary\/photo\/6ad67ca2-9616-4a58-914f-8ca04116fa29.jpeg\",\"privatePhotoUrlWithoutExtension\":\"tenant\/658d9f90f0909def6c18fa2c\/mediaLibrary\/photo\/6ad67ca2-9616-4a58-914f-8ca04116fa29\",\"privatePhotoUrl\":\"tenant\/658d9f90f0909def6c18fa2c\/mediaLibrary\/photo\/6ad67ca2-9616-4a58-914f-8ca04116fa29-medium-standard-q100.jpeg?v=1774656658\",\"photoExtension\":\"jpeg?v=1774656658\",\"name\":\"imetclimnica\",\"photoVersion\":4,\"type\":\"image\"},\"slug\":\"https:\/\/www.radiopolar.com\/andes-salud-concreta-adquisicion-64-clinica-imet-punta-arenas-marca-hito-estrategia-desarrollo-regional\",\"primaryAuthor\":{\"id\":\"65ea08428325aff9da63f8f9\",\"name\":\"Prensa Radio Polar\",\"authorName\":\"Prensa Radio Polar\",\"slug\":\"\/author\/prensa-radio-polar\"},\"datePublished\":\"2026-03-27 23:00:00\"},{\"title\":\"ARTISTA URBANO MAGALL\u00c1NICO LEWIS SOMES MARCA HITO AL MOSTRAR SUS \u00c9XITOS EN CASA PARLANTE EN VI\u00d1A DEL MAR\",\"image\":{\"publicUrl\":\"https:\/\/s3-mspro.nyc3.digitaloceanspaces.com\/tenant\/658d9f90f0909def6c18fa2c\/mediaLibrary\/photo\/7bc26f9e-db29-4913-87ee-c6458e3222d2.jpeg\",\"privatePhotoUrlWithoutExtension\":\"tenant\/658d9f90f0909def6c18fa2c\/mediaLibrary\/photo\/7bc26f9e-db29-4913-87ee-c6458e3222d2\",\"privatePhotoUrl\":\"tenant\/658d9f90f0909def6c18fa2c\/mediaLibrary\/photo\/7bc26f9e-db29-4913-87ee-c6458e3222d2-medium-standard-q100.jpeg?v=1774651768\",\"photoExtension\":\"jpeg?v=1774651768\",\"name\":\"someslewis\",\"photoVersion\":4,\"type\":\"image\"},\"slug\":\"https:\/\/www.radiopolar.com\/artista-urbano-magallanico-lewis-somes-marca-hito-mostrar-exitos-casa-parlante-vina-mar\",\"primaryAuthor\":{\"id\":\"65ea08428325aff9da63f8f9\",\"name\":\"Prensa Radio Polar\",\"authorName\":\"Prensa Radio Polar\",\"slug\":\"\/author\/prensa-radio-polar\"},\"datePublished\":\"2026-03-27 22:00:00\"},{\"title\":\"SORPRESA EN EL GORE: EUGENIA MANCILLA DEJA LA ADMINISTRACI\u00d3N REGIONAL POR RAZONES PERSONALES\",\"image\":{\"publicUrl\":\"https:\/\/s3-mspro.nyc3.digitaloceanspaces.com\/tenant\/658d9f90f0909def6c18fa2c\/mediaLibrary\/photo\/f2aa3439-94cb-417c-9490-2b0bb5fe086a.jpg\",\"privatePhotoUrlWithoutExtension\":\"tenant\/658d9f90f0909def6c18fa2c\/mediaLibrary\/photo\/f2aa3439-94cb-417c-9490-2b0bb5fe086a\",\"privatePhotoUrl\":\"tenant\/658d9f90f0909def6c18fa2c\/mediaLibrary\/photo\/f2aa3439-94cb-417c-9490-2b0bb5fe086a-medium-standard-q100.jpg?v=1774648250\",\"photoExtension\":\"jpg?v=1774648250\",\"name\":\"mancillaeugenia\",\"photoVersion\":4,\"type\":\"image\"},\"slug\":\"https:\/\/www.radiopolar.com\/sorpresa-gore-eugenia-mancilla-deja-administracion-regional-razones-personales\",\"primaryAuthor\":{\"id\":\"65ea08428325aff9da63f8f9\",\"name\":\"Prensa Radio Polar\",\"authorName\":\"Prensa Radio Polar\",\"slug\":\"\/author\/prensa-radio-polar\"},\"datePublished\":\"2026-03-27 21:00:00\"},{\"title\":\"CONAF LEVANTA RESTRICCI\u00d3N PARA REALIZAR BASE TORRES EN EL PARQUE NACIONAL TORRES DEL PAINE\",\"image\":{\"publicUrl\":\"https:\/\/s3-mspro.nyc3.digitaloceanspaces.com\/tenant\/658d9f90f0909def6c18fa2c\/mediaLibrary\/photo\/55dd56eb-c90c-43d5-8945-d56cf839684f.jpg\",\"privatePhotoUrlWithoutExtension\":\"tenant\/658d9f90f0909def6c18fa2c\/mediaLibrary\/photo\/55dd56eb-c90c-43d5-8945-d56cf839684f\",\"privatePhotoUrl\":\"tenant\/658d9f90f0909def6c18fa2c\/mediaLibrary\/photo\/55dd56eb-c90c-43d5-8945-d56cf839684f-medium-standard-q100.jpg?v=1774647284\",\"photoExtension\":\"jpg?v=1774647284\",\"name\":\"Torres-del-Paine-desde-el-mirador-base-Torres1\",\"photoVersion\":4,\"type\":\"image\"},\"slug\":\"https:\/\/www.radiopolar.com\/conaf-levanta-restriccion-base-torres-parque-nacional-paine\",\"primaryAuthor\":{\"id\":\"65ea08428325aff9da63f8f9\",\"name\":\"Prensa Radio Polar\",\"authorName\":\"Prensa Radio Polar\",\"slug\":\"\/author\/prensa-radio-polar\"},\"datePublished\":\"2026-03-27 20:00:00\"}]}},{\"i\":\"68a30f96-fa78-4ced-9202-ba017c993485\",\"x\":77,\"y\":4,\"w\":20,\"h\":89,\"id\":\"6598322b593b0ab5a9c16227\",\"name\":\"Componente Widget Banner 1x1\",\"gridCols\":100,\"type\":\"component\",\"data\":{\"displayConfig\":{\"offset\":3,\"limit\":4,\"filterBy\":\"widgets\",\"type\":\"ads\",\"keywords\":[{\"id\":\"65ef180f18fb253977f78cc2\",\"label\":\"Portada Laterales\"}],\"adType\":\"banner\",\"enabledLayer\":true,\"verticalGutter\":2,\"widgetsOrderBy\":\"position\",\"sortBy\":\"asc\"},\"customConfig\":{\"lg\":{\"box-5c855846-d7ab-4946-985d-cfc1dd3cd47fConfig\":{\"changeWidget\":\"box\",\"backgroundColor\":\"#d1d5dbff\"},\"box-5c855846-d7ab-4946-985d-cfc1dd3cd47fLayerOne\":{\"enabled\":true},\"avatar-d115f0f5-9555-46bb-bcb2-054e47ef3e47Config\":{\"changeWidget\":\"avatar\",\"openType\":\"redirectUrl\",\"targetBlank\":true},\"avatar-d115f0f5-9555-46bb-bcb2-054e47ef3e47AttributeFill\":{\"fillOption\":\"widget\",\"attributeFill\":[{\"title\":\"image\",\"canDelete\":true}]}}},\"content\":{\"layouts\":{\"lg\":[{\"i\":\"5c855846-d7ab-4946-985d-cfc1dd3cd47f\",\"x\":0,\"y\":0,\"w\":100,\"h\":100,\"type\":\"widget\",\"framework\":\"mui\",\"data\":\"box\"},{\"i\":\"d115f0f5-9555-46bb-bcb2-054e47ef3e47\",\"x\":3,\"y\":3,\"w\":94,\"h\":94,\"type\":\"widget\",\"framework\":\"mui\",\"data\":\"avatar\"}]}},\"rows\":[{\"name\":\"Portada Laterales 4 \/ 336x336:  RED SALUD\",\"image\":{\"publicUrl\":\"https:\/\/s3-mspro.nyc3.digitaloceanspaces.com\/tenant\/658d9f90f0909def6c18fa2c\/mediaLibrary\/photo\/221adb8f-4bf3-4043-867d-bfe4401132a6.png\",\"privatePhotoUrlWithoutExtension\":\"tenant\/658d9f90f0909def6c18fa2c\/mediaLibrary\/photo\/221adb8f-4bf3-4043-867d-bfe4401132a6\",\"privatePhotoUrl\":\"tenant\/658d9f90f0909def6c18fa2c\/mediaLibrary\/photo\/221adb8f-4bf3-4043-867d-bfe4401132a6-medium-standard-q100.png?v=1742480944\",\"photoExtension\":\"png?v=1742480944\",\"type\":\"image\",\"name\":\"RED SALUD 250x250\",\"updatedAt\":\"2025-03-20T14:29:04.652Z\",\"photoVersion\":4},\"redirectUrl\":\"https:\/\/www.redsalud.cl\/nuestra-red\/campanas\/cancer-cervicouterino-redsalud\"},{\"name\":\"Portada Laterales 5 \/ 336x336: EPA\",\"image\":{\"publicUrl\":\"https:\/\/s3-mspro.nyc3.digitaloceanspaces.com\/tenant\/658d9f90f0909def6c18fa2c\/mediaLibrary\/photo\/6877a871-493b-4e6b-94ba-8aa4c959dcc2.png\",\"privatePhotoUrlWithoutExtension\":\"tenant\/658d9f90f0909def6c18fa2c\/mediaLibrary\/photo\/6877a871-493b-4e6b-94ba-8aa4c959dcc2\",\"privatePhotoUrl\":\"tenant\/658d9f90f0909def6c18fa2c\/mediaLibrary\/photo\/6877a871-493b-4e6b-94ba-8aa4c959dcc2-medium-standard-q100.png?v=1774440922\",\"photoExtension\":\"png?v=1774440922\",\"type\":\"image\",\"name\":\"Banner EPAUSTRAL - 250x250 - 2026\",\"updatedAt\":\"2026-03-25T12:15:22.960Z\",\"photoVersion\":4},\"redirectUrl\":\"https:\/\/www.epaustral.cl\/\"},{\"name\":\"Portada Laterales 7 \/ 336x336: BLUMAR\",\"image\":{\"publicUrl\":\"https:\/\/s3-mspro.nyc3.digitaloceanspaces.com\/tenant\/658d9f90f0909def6c18fa2c\/mediaLibrary\/photo\/730d2b3c-850b-426d-9710-30b0650b78f4.gif\",\"privatePhotoUrlWithoutExtension\":\"tenant\/658d9f90f0909def6c18fa2c\/mediaLibrary\/photo\/730d2b3c-850b-426d-9710-30b0650b78f4\",\"privatePhotoUrl\":\"tenant\/658d9f90f0909def6c18fa2c\/mediaLibrary\/photo\/730d2b3c-850b-426d-9710-30b0650b78f4.gif\",\"photoExtension\":\"gif\",\"type\":\"image\",\"name\":\"BLUMAR 336x336 GIF\",\"updatedAt\":\"2025-04-14T12:39:03.684Z\",\"photoVersion\":4},\"redirectUrl\":\"https:\/\/www.mercadoblumar.com\/\"},{\"name\":\"Portada Laterales 8 \/ 336x336: CASINO\",\"image\":{\"publicUrl\":\"https:\/\/s3-mspro.nyc3.digitaloceanspaces.com\/tenant\/658d9f90f0909def6c18fa2c\/mediaLibrary\/photo\/3a6b14ce-3c4f-4623-91d3-94a49d97aace.gif\",\"privatePhotoUrlWithoutExtension\":\"tenant\/658d9f90f0909def6c18fa2c\/mediaLibrary\/photo\/3a6b14ce-3c4f-4623-91d3-94a49d97aace\",\"privatePhotoUrl\":\"tenant\/658d9f90f0909def6c18fa2c\/mediaLibrary\/photo\/3a6b14ce-3c4f-4623-91d3-94a49d97aace.gif\",\"photoExtension\":\"gif\",\"type\":\"image\",\"name\":\"CASINO 250x250-gif\",\"updatedAt\":\"2026-03-24T20:06:34.399Z\",\"photoVersion\":4},\"redirectUrl\":\"https:\/\/punta-arenas.dreams.cl\/\"}]}}]}}},{\"id\":\"659d9dd2459dea3b25b36ee7\",\"name\":\"Contenedor Publicidad 2\",\"active\":true,\"renderAs\":\"server\",\"gridCols\":{\"lg\":100,\"md\":100,\"xs\":100,\"daily\":100},\"marginTop\":0,\"content\":{\"config\":{\"lg\":{\"compactType\":\"horizontal\"}},\"layouts\":{\"lg\":[{\"i\":\"ba43141e-0f74-41fc-8bbb-6b0e6aec8dc2\",\"x\":3,\"y\":2,\"w\":11,\"h\":11,\"id\":\"659d97dc459dea7b15b36d88\",\"name\":\"Componente Widget Banner 1x1 Banner Peque\u00f1o\",\"gridCols\":100,\"type\":\"component\",\"data\":{\"displayConfig\":{\"filterBy\":\"widgets\",\"type\":\"ads\",\"adType\":\"banner\",\"widgetsOrderBy\":\"position\",\"sortBy\":\"asc\",\"keywords\":[{\"id\":\"65ef209418fb2567ecf78d48\",\"label\":\"Portada Separador Noticias Por D\u00eda\"}],\"offset\":0,\"limit\":1},\"customConfig\":{\"lg\":{\"box-5c855846-d7ab-4946-985d-cfc1dd3cd47fConfig\":{\"changeWidget\":\"box\",\"backgroundColor\":\"#d1d5dbff\"},\"box-5c855846-d7ab-4946-985d-cfc1dd3cd47fLayerOne\":{\"enabled\":true},\"avatar-d115f0f5-9555-46bb-bcb2-054e47ef3e47Config\":{\"changeWidget\":\"avatar\",\"openType\":\"redirectUrl\",\"targetBlank\":true},\"avatar-d115f0f5-9555-46bb-bcb2-054e47ef3e47AttributeFill\":{\"fillOption\":\"widget\",\"attributeFill\":[{\"title\":\"image\",\"canDelete\":true}]}}},\"content\":{\"layouts\":{\"lg\":[{\"i\":\"5c855846-d7ab-4946-985d-cfc1dd3cd47f\",\"x\":0,\"y\":0,\"w\":100,\"h\":100,\"type\":\"widget\",\"framework\":\"mui\",\"data\":\"box\"},{\"i\":\"d115f0f5-9555-46bb-bcb2-054e47ef3e47\",\"x\":5,\"y\":4,\"w\":90,\"h\":90,\"type\":\"widget\",\"framework\":\"mui\",\"data\":\"avatar\"}]}},\"rows\":[{\"name\":\"Portada Separador Noticias Por D\u00eda 1 \/ 250x250: AQUACHILE Aqua Chile\",\"image\":{\"publicUrl\":\"https:\/\/s3-mspro.nyc3.digitaloceanspaces.com\/tenant\/658d9f90f0909def6c18fa2c\/mediaLibrary\/photo\/14797073-ca4d-4277-b097-b6b64285cf08.png\",\"privatePhotoUrlWithoutExtension\":\"tenant\/658d9f90f0909def6c18fa2c\/mediaLibrary\/photo\/14797073-ca4d-4277-b097-b6b64285cf08\",\"privatePhotoUrl\":\"tenant\/658d9f90f0909def6c18fa2c\/mediaLibrary\/photo\/14797073-ca4d-4277-b097-b6b64285cf08-medium-standard-q100.png?v=1709910829\",\"photoExtension\":\"png?v=1709910829\",\"type\":\"image\",\"name\":\"AQUA-CHILE-250x250-1\",\"updatedAt\":\"2024-03-08T15:13:49.903Z\",\"photoVersion\":4},\"redirectUrl\":\"https:\/\/es.aquachile.com\/\"}]}},{\"i\":\"68a2bde6-4c4b-4a25-a210-dafd78c28aaa\",\"x\":15,\"y\":2,\"w\":11,\"h\":11,\"id\":\"659d97dc459dea7b15b36d88\",\"name\":\"Componente Widget Banner 1x1 Banner Peque\u00f1o\",\"gridCols\":100,\"type\":\"component\",\"data\":{\"displayConfig\":{\"filterBy\":\"widgets\",\"type\":\"ads\",\"adType\":\"banner\",\"widgetsOrderBy\":\"position\",\"keywords\":[{\"id\":\"65ef209418fb2567ecf78d48\",\"label\":\"Portada Separador Noticias Por D\u00eda\"}],\"offset\":1,\"limit\":1,\"sortBy\":\"asc\"},\"customConfig\":{\"lg\":{\"box-5c855846-d7ab-4946-985d-cfc1dd3cd47fConfig\":{\"changeWidget\":\"box\",\"backgroundColor\":\"#d1d5dbff\"},\"box-5c855846-d7ab-4946-985d-cfc1dd3cd47fLayerOne\":{\"enabled\":true},\"avatar-d115f0f5-9555-46bb-bcb2-054e47ef3e47Config\":{\"changeWidget\":\"avatar\",\"openType\":\"redirectUrl\",\"targetBlank\":true},\"avatar-d115f0f5-9555-46bb-bcb2-054e47ef3e47AttributeFill\":{\"fillOption\":\"widget\",\"attributeFill\":[{\"title\":\"image\",\"canDelete\":true}]}}},\"content\":{\"layouts\":{\"lg\":[{\"i\":\"5c855846-d7ab-4946-985d-cfc1dd3cd47f\",\"x\":0,\"y\":0,\"w\":100,\"h\":100,\"type\":\"widget\",\"framework\":\"mui\",\"data\":\"box\"},{\"i\":\"d115f0f5-9555-46bb-bcb2-054e47ef3e47\",\"x\":5,\"y\":4,\"w\":90,\"h\":90,\"type\":\"widget\",\"framework\":\"mui\",\"data\":\"avatar\"}]}},\"rows\":[{\"name\":\"Portada Separador Noticias Por D\u00eda 2 \/ 250x250: Tabsa\",\"image\":{\"publicUrl\":\"https:\/\/s3-mspro.nyc3.digitaloceanspaces.com\/tenant\/658d9f90f0909def6c18fa2c\/mediaLibrary\/photo\/b9004798-89c4-4622-831b-b9476c14c021.gif\",\"privatePhotoUrlWithoutExtension\":\"tenant\/658d9f90f0909def6c18fa2c\/mediaLibrary\/photo\/b9004798-89c4-4622-831b-b9476c14c021\",\"privatePhotoUrl\":\"tenant\/658d9f90f0909def6c18fa2c\/mediaLibrary\/photo\/b9004798-89c4-4622-831b-b9476c14c021.gif\",\"photoExtension\":\"gif\",\"type\":\"image\",\"name\":\"Tabsa-250_Tabsa24\",\"updatedAt\":\"2024-03-08T15:15:06.338Z\",\"photoVersion\":4},\"redirectUrl\":\"https:\/\/www.tabsa.cl\/\"}]}},{\"i\":\"0005ed04-2b19-472a-b2ed-da128feca564\",\"x\":27,\"y\":2,\"w\":11,\"h\":11,\"id\":\"659d97dc459dea7b15b36d88\",\"name\":\"Componente Widget Banner 1x1 Banner Peque\u00f1o\",\"gridCols\":100,\"type\":\"component\",\"data\":{\"displayConfig\":{\"filterBy\":\"widgets\",\"type\":\"ads\",\"adType\":\"banner\",\"widgetsOrderBy\":\"position\",\"sortBy\":\"asc\",\"keywords\":[{\"id\":\"65ef209418fb2567ecf78d48\",\"label\":\"Portada Separador Noticias Por D\u00eda\"}],\"offset\":2,\"limit\":1},\"customConfig\":{\"lg\":{\"box-5c855846-d7ab-4946-985d-cfc1dd3cd47fConfig\":{\"changeWidget\":\"box\",\"backgroundColor\":\"#d1d5dbff\"},\"box-5c855846-d7ab-4946-985d-cfc1dd3cd47fLayerOne\":{\"enabled\":true},\"avatar-d115f0f5-9555-46bb-bcb2-054e47ef3e47Config\":{\"changeWidget\":\"avatar\",\"openType\":\"redirectUrl\",\"targetBlank\":true},\"avatar-d115f0f5-9555-46bb-bcb2-054e47ef3e47AttributeFill\":{\"fillOption\":\"widget\",\"attributeFill\":[{\"title\":\"image\",\"canDelete\":true}]}}},\"content\":{\"layouts\":{\"lg\":[{\"i\":\"5c855846-d7ab-4946-985d-cfc1dd3cd47f\",\"x\":0,\"y\":0,\"w\":100,\"h\":100,\"type\":\"widget\",\"framework\":\"mui\",\"data\":\"box\"},{\"i\":\"d115f0f5-9555-46bb-bcb2-054e47ef3e47\",\"x\":5,\"y\":4,\"w\":90,\"h\":90,\"type\":\"widget\",\"framework\":\"mui\",\"data\":\"avatar\"}]}},\"rows\":[{\"name\":\"Portada Separador Noticias Por D\u00eda 3 \/ BLUMAR\",\"image\":{\"publicUrl\":\"https:\/\/s3-mspro.nyc3.digitaloceanspaces.com\/tenant\/658d9f90f0909def6c18fa2c\/mediaLibrary\/photo\/80d54e9c-c6f4-48fd-b64a-9d8578bc2e79.gif\",\"privatePhotoUrlWithoutExtension\":\"tenant\/658d9f90f0909def6c18fa2c\/mediaLibrary\/photo\/80d54e9c-c6f4-48fd-b64a-9d8578bc2e79\",\"privatePhotoUrl\":\"tenant\/658d9f90f0909def6c18fa2c\/mediaLibrary\/photo\/80d54e9c-c6f4-48fd-b64a-9d8578bc2e79.gif\",\"photoExtension\":\"gif\",\"type\":\"image\",\"name\":\"BLUMAR 336x336 GIF\",\"updatedAt\":\"2025-04-14T12:30:49.954Z\",\"photoVersion\":4},\"redirectUrl\":\"https:\/\/www.mercadoblumar.com\/\"}]}},{\"i\":\"30977df6-abe4-4a61-b2fb-041b2a9ccef0\",\"x\":40,\"y\":2,\"w\":11,\"h\":11,\"id\":\"659d97dc459dea7b15b36d88\",\"name\":\"Componente Widget Banner 1x1 Banner Peque\u00f1o\",\"gridCols\":100,\"type\":\"component\",\"data\":{\"displayConfig\":{\"filterBy\":\"widgets\",\"type\":\"ads\",\"adType\":\"banner\",\"offset\":3,\"limit\":1,\"widgetsOrderBy\":\"position\",\"sortBy\":\"asc\",\"keywords\":[{\"id\":\"65ef209418fb2567ecf78d48\",\"label\":\"Portada Separador Noticias Por D\u00eda\"}]},\"customConfig\":{\"lg\":{\"box-5c855846-d7ab-4946-985d-cfc1dd3cd47fConfig\":{\"changeWidget\":\"box\",\"backgroundColor\":\"#d1d5dbff\"},\"box-5c855846-d7ab-4946-985d-cfc1dd3cd47fLayerOne\":{\"enabled\":true},\"avatar-d115f0f5-9555-46bb-bcb2-054e47ef3e47Config\":{\"changeWidget\":\"avatar\",\"openType\":\"redirectUrl\",\"targetBlank\":true},\"avatar-d115f0f5-9555-46bb-bcb2-054e47ef3e47AttributeFill\":{\"fillOption\":\"widget\",\"attributeFill\":[{\"title\":\"image\",\"canDelete\":true}]}}},\"content\":{\"layouts\":{\"lg\":[{\"i\":\"5c855846-d7ab-4946-985d-cfc1dd3cd47f\",\"x\":0,\"y\":0,\"w\":100,\"h\":100,\"type\":\"widget\",\"framework\":\"mui\",\"data\":\"box\"},{\"i\":\"d115f0f5-9555-46bb-bcb2-054e47ef3e47\",\"x\":5,\"y\":4,\"w\":90,\"h\":90,\"type\":\"widget\",\"framework\":\"mui\",\"data\":\"avatar\"}]}},\"rows\":[{\"name\":\"Portada Separador Noticias Por D\u00eda 5 \/ 250x250: PUBLICITE AQUI\",\"image\":{\"publicUrl\":\"https:\/\/s3-mspro.nyc3.digitaloceanspaces.com\/tenant\/658d9f90f0909def6c18fa2c\/mediaLibrary\/photo\/e085b762-3ba1-4786-891f-ead0903eb8f1.webp\",\"privatePhotoUrlWithoutExtension\":\"tenant\/658d9f90f0909def6c18fa2c\/mediaLibrary\/photo\/e085b762-3ba1-4786-891f-ead0903eb8f1\",\"privatePhotoUrl\":\"tenant\/658d9f90f0909def6c18fa2c\/mediaLibrary\/photo\/e085b762-3ba1-4786-891f-ead0903eb8f1-medium-standard-q100.webp?v=1742908913\",\"photoExtension\":\"webp?v=1742908913\",\"type\":\"image\",\"name\":\"publicite aqui\",\"updatedAt\":\"2025-03-25T13:21:53.519Z\",\"photoVersion\":4},\"redirectUrl\":\"https:\/\/www.radiopolar.com\/\"}]}},{\"i\":\"923d38c8-48bb-4396-8d40-46c8a8ddd80e\",\"x\":52,\"y\":2,\"w\":11,\"h\":11,\"id\":\"659d97dc459dea7b15b36d88\",\"name\":\"Componente Widget Banner 1x1 Banner Peque\u00f1o\",\"gridCols\":100,\"type\":\"component\",\"data\":{\"displayConfig\":{\"filterBy\":\"widgets\",\"type\":\"ads\",\"adType\":\"banner\",\"offset\":4,\"limit\":1,\"widgetsOrderBy\":\"position\",\"sortBy\":\"asc\",\"keywords\":[{\"id\":\"65ef209418fb2567ecf78d48\",\"label\":\"Portada Separador Noticias Por D\u00eda\"}]},\"customConfig\":{\"lg\":{\"box-5c855846-d7ab-4946-985d-cfc1dd3cd47fConfig\":{\"changeWidget\":\"box\",\"backgroundColor\":\"#d1d5dbff\"},\"box-5c855846-d7ab-4946-985d-cfc1dd3cd47fLayerOne\":{\"enabled\":true},\"avatar-d115f0f5-9555-46bb-bcb2-054e47ef3e47Config\":{\"changeWidget\":\"avatar\",\"openType\":\"redirectUrl\",\"targetBlank\":true},\"avatar-d115f0f5-9555-46bb-bcb2-054e47ef3e47AttributeFill\":{\"fillOption\":\"widget\",\"attributeFill\":[{\"title\":\"image\",\"canDelete\":true}]}}},\"content\":{\"layouts\":{\"lg\":[{\"i\":\"5c855846-d7ab-4946-985d-cfc1dd3cd47f\",\"x\":0,\"y\":0,\"w\":100,\"h\":100,\"type\":\"widget\",\"framework\":\"mui\",\"data\":\"box\"},{\"i\":\"d115f0f5-9555-46bb-bcb2-054e47ef3e47\",\"x\":5,\"y\":4,\"w\":90,\"h\":90,\"type\":\"widget\",\"framework\":\"mui\",\"data\":\"avatar\"}]}},\"rows\":[{\"name\":\"Portada Separador Noticias Por D\u00eda 6 \/ 250x250: PUBLICITE AQUI\",\"image\":{\"publicUrl\":\"https:\/\/s3-mspro.nyc3.digitaloceanspaces.com\/tenant\/658d9f90f0909def6c18fa2c\/mediaLibrary\/photo\/62511628-f4c9-46b4-a776-53a87b74bb5b.gif\",\"privatePhotoUrlWithoutExtension\":\"tenant\/658d9f90f0909def6c18fa2c\/mediaLibrary\/photo\/62511628-f4c9-46b4-a776-53a87b74bb5b\",\"privatePhotoUrl\":\"tenant\/658d9f90f0909def6c18fa2c\/mediaLibrary\/photo\/62511628-f4c9-46b4-a776-53a87b74bb5b.gif\",\"photoExtension\":\"gif\",\"type\":\"image\",\"name\":\"publicite\",\"updatedAt\":\"2025-10-28T20:44:33.613Z\",\"photoVersion\":4},\"redirectUrl\":\"https:\/\/www.radiopolar.com\/\"}]}},{\"i\":\"34cd481f-58a0-4ef1-adc7-800ea1460e49\",\"x\":77,\"y\":1,\"w\":20,\"h\":45,\"id\":\"6598322b593b0ab5a9c16227\",\"name\":\"Componente Widget Banner 1x1\",\"gridCols\":100,\"type\":\"component\",\"data\":{\"displayConfig\":{\"filterBy\":\"widgets\",\"type\":\"ads\",\"adType\":\"banner\",\"keywords\":[{\"id\":\"65ef180f18fb253977f78cc2\",\"label\":\"Portada Laterales\"}],\"offset\":7,\"limit\":2,\"enabledLayer\":true,\"margin\":\"10\",\"widgetsOrderBy\":\"position\",\"sortBy\":\"asc\"},\"customConfig\":{\"lg\":{\"box-5c855846-d7ab-4946-985d-cfc1dd3cd47fConfig\":{\"changeWidget\":\"box\",\"backgroundColor\":\"#d1d5dbff\"},\"box-5c855846-d7ab-4946-985d-cfc1dd3cd47fLayerOne\":{\"enabled\":true},\"avatar-d115f0f5-9555-46bb-bcb2-054e47ef3e47Config\":{\"changeWidget\":\"avatar\",\"openType\":\"redirectUrl\",\"targetBlank\":true},\"avatar-d115f0f5-9555-46bb-bcb2-054e47ef3e47AttributeFill\":{\"fillOption\":\"widget\",\"attributeFill\":[{\"title\":\"image\",\"canDelete\":true}]}}},\"content\":{\"layouts\":{\"lg\":[{\"i\":\"5c855846-d7ab-4946-985d-cfc1dd3cd47f\",\"x\":0,\"y\":0,\"w\":100,\"h\":100,\"type\":\"widget\",\"framework\":\"mui\",\"data\":\"box\"},{\"i\":\"d115f0f5-9555-46bb-bcb2-054e47ef3e47\",\"x\":3,\"y\":3,\"w\":94,\"h\":94,\"type\":\"widget\",\"framework\":\"mui\",\"data\":\"avatar\"}]}},\"rows\":[{\"name\":\"Portada Laterales 9 \/ 336x336: Rofil\",\"image\":{\"publicUrl\":\"https:\/\/s3-mspro.nyc3.digitaloceanspaces.com\/tenant\/658d9f90f0909def6c18fa2c\/mediaLibrary\/photo\/75c09268-ffa4-4078-b7f5-af8b1cad85d7.jpeg\",\"privatePhotoUrlWithoutExtension\":\"tenant\/658d9f90f0909def6c18fa2c\/mediaLibrary\/photo\/75c09268-ffa4-4078-b7f5-af8b1cad85d7\",\"privatePhotoUrl\":\"tenant\/658d9f90f0909def6c18fa2c\/mediaLibrary\/photo\/75c09268-ffa4-4078-b7f5-af8b1cad85d7-medium-standard-q100.jpeg?v=1704816175\",\"photoExtension\":\"jpeg?v=1704816175\",\"type\":\"image\",\"name\":\"7HOME-BANNER-HORARIO-MERCADO-336\",\"updatedAt\":\"2024-01-09T16:02:55.879Z\",\"photoVersion\":4},\"redirectUrl\":\"https:\/\/www.rofil.cl\/autoservicio\/\"},{\"name\":\"Portada Laterales 10 \/ 336x336: MED LAB\",\"image\":{\"publicUrl\":\"https:\/\/s3-mspro.nyc3.digitaloceanspaces.com\/tenant\/658d9f90f0909def6c18fa2c\/mediaLibrary\/photo\/cda0585e-dd92-4f8a-a5cd-c93fbcafb171.png\",\"privatePhotoUrlWithoutExtension\":\"tenant\/658d9f90f0909def6c18fa2c\/mediaLibrary\/photo\/cda0585e-dd92-4f8a-a5cd-c93fbcafb171\",\"privatePhotoUrl\":\"tenant\/658d9f90f0909def6c18fa2c\/mediaLibrary\/photo\/cda0585e-dd92-4f8a-a5cd-c93fbcafb171-medium-standard-q100.png?v=1772626139\",\"photoExtension\":\"png?v=1772626139\",\"type\":\"image\",\"name\":\"MED LAB\",\"updatedAt\":\"2026-03-04T12:08:59.112Z\",\"photoVersion\":4},\"redirectUrl\":\"https:\/\/www.instagram.com\/cardiologia_medlab\/\"}]}},{\"i\":\"41b7441d-0bc4-481d-b0e8-17f1f8894dd4\",\"x\":64,\"y\":2,\"w\":11,\"h\":11,\"id\":\"659d97dc459dea7b15b36d88\",\"name\":\"Componente Widget Banner 1x1 Banner Peque\u00f1o\",\"gridCols\":100,\"type\":\"component\",\"data\":{\"displayConfig\":{\"filterBy\":\"widgets\",\"type\":\"ads\",\"adType\":\"banner\",\"widgetsOrderBy\":\"position\",\"sortBy\":\"asc\",\"keywords\":[{\"id\":\"65ef209418fb2567ecf78d48\",\"label\":\"Portada Separador Noticias Por D\u00eda\"}],\"offset\":5,\"limit\":1},\"customConfig\":{\"lg\":{\"box-5c855846-d7ab-4946-985d-cfc1dd3cd47fConfig\":{\"changeWidget\":\"box\",\"backgroundColor\":\"#d1d5dbff\"},\"box-5c855846-d7ab-4946-985d-cfc1dd3cd47fLayerOne\":{\"enabled\":true},\"avatar-d115f0f5-9555-46bb-bcb2-054e47ef3e47Config\":{\"changeWidget\":\"avatar\",\"openType\":\"redirectUrl\",\"targetBlank\":true},\"avatar-d115f0f5-9555-46bb-bcb2-054e47ef3e47AttributeFill\":{\"fillOption\":\"widget\",\"attributeFill\":[{\"title\":\"image\",\"canDelete\":true}]}}},\"content\":{\"layouts\":{\"lg\":[{\"i\":\"5c855846-d7ab-4946-985d-cfc1dd3cd47f\",\"x\":0,\"y\":0,\"w\":100,\"h\":100,\"type\":\"widget\",\"framework\":\"mui\",\"data\":\"box\"},{\"i\":\"d115f0f5-9555-46bb-bcb2-054e47ef3e47\",\"x\":5,\"y\":4,\"w\":90,\"h\":90,\"type\":\"widget\",\"framework\":\"mui\",\"data\":\"avatar\"}]}},\"rows\":[{\"name\":\"Portada Separador Noticias Por D\u00eda 7 \/ 336x336: Edelmag\",\"image\":{\"publicUrl\":\"https:\/\/s3-mspro.nyc3.digitaloceanspaces.com\/tenant\/658d9f90f0909def6c18fa2c\/mediaLibrary\/photo\/1cb82239-96fd-4f02-9598-cebf0a1aa647.jpeg\",\"privatePhotoUrlWithoutExtension\":\"tenant\/658d9f90f0909def6c18fa2c\/mediaLibrary\/photo\/1cb82239-96fd-4f02-9598-cebf0a1aa647\",\"privatePhotoUrl\":\"tenant\/658d9f90f0909def6c18fa2c\/mediaLibrary\/photo\/1cb82239-96fd-4f02-9598-cebf0a1aa647-medium-standard-q100.jpeg?v=1709911843\",\"photoExtension\":\"jpeg?v=1709911843\",\"type\":\"image\",\"name\":\"banner-edelmag-2-1\",\"updatedAt\":\"2024-03-08T15:30:43.297Z\",\"photoVersion\":4},\"redirectUrl\":\"https:\/\/www.edelmag.cl\/\"}]}},{\"i\":\"25d4af06-0785-4d05-8340-660585bc7260\",\"x\":3,\"y\":14,\"w\":23,\"h\":23,\"id\":\"6598322b593b0ab5a9c16227\",\"name\":\"Componente Widget Banner 1x1\",\"gridCols\":100,\"type\":\"component\",\"data\":{\"displayConfig\":{\"filterBy\":\"widgets\",\"type\":\"ads\",\"adType\":\"banner\",\"filterWidgets\":[{\"id\":\"65eb2f2becaa4720b614fecd\",\"label\":\"336x336: Edelmag (ads)\"}]},\"customConfig\":{\"lg\":{\"box-5c855846-d7ab-4946-985d-cfc1dd3cd47fConfig\":{\"changeWidget\":\"box\",\"backgroundColor\":\"#d1d5dbff\"},\"box-5c855846-d7ab-4946-985d-cfc1dd3cd47fLayerOne\":{\"enabled\":true},\"avatar-d115f0f5-9555-46bb-bcb2-054e47ef3e47Config\":{\"changeWidget\":\"avatar\",\"openType\":\"redirectUrl\",\"targetBlank\":true},\"avatar-d115f0f5-9555-46bb-bcb2-054e47ef3e47AttributeFill\":{\"fillOption\":\"widget\",\"attributeFill\":[{\"title\":\"image\",\"canDelete\":true}]}}},\"content\":{\"layouts\":{\"lg\":[{\"i\":\"5c855846-d7ab-4946-985d-cfc1dd3cd47f\",\"x\":0,\"y\":0,\"w\":100,\"h\":100,\"type\":\"widget\",\"framework\":\"mui\",\"data\":\"box\"},{\"i\":\"d115f0f5-9555-46bb-bcb2-054e47ef3e47\",\"x\":3,\"y\":3,\"w\":94,\"h\":94,\"type\":\"widget\",\"framework\":\"mui\",\"data\":\"avatar\"}]}},\"rows\":[{\"name\":\"Portada Separador Noticias Por D\u00eda 7 \/ 336x336: Edelmag\",\"image\":{\"publicUrl\":\"https:\/\/s3-mspro.nyc3.digitaloceanspaces.com\/tenant\/658d9f90f0909def6c18fa2c\/mediaLibrary\/photo\/1cb82239-96fd-4f02-9598-cebf0a1aa647.jpeg\",\"privatePhotoUrlWithoutExtension\":\"tenant\/658d9f90f0909def6c18fa2c\/mediaLibrary\/photo\/1cb82239-96fd-4f02-9598-cebf0a1aa647\",\"privatePhotoUrl\":\"tenant\/658d9f90f0909def6c18fa2c\/mediaLibrary\/photo\/1cb82239-96fd-4f02-9598-cebf0a1aa647-medium-standard-q100.jpeg?v=1709911843\",\"photoExtension\":\"jpeg?v=1709911843\",\"type\":\"image\",\"name\":\"banner-edelmag-2-1\",\"updatedAt\":\"2024-03-08T15:30:43.297Z\",\"photoVersion\":4},\"redirectUrl\":\"https:\/\/www.edelmag.cl\/\"}]}},{\"i\":\"5af1974a-6f4e-4da2-9a5d-c73030c63b39\",\"x\":52,\"y\":14,\"w\":23,\"h\":23,\"id\":\"6598322b593b0ab5a9c16227\",\"name\":\"Componente Widget Banner 1x1\",\"gridCols\":100,\"type\":\"component\",\"data\":{\"displayConfig\":{\"filterBy\":\"widgets\",\"type\":\"ads\",\"adType\":\"banner\",\"filterWidgets\":[{\"id\":\"659da82e459dea7da7b37188\",\"label\":\"336x336: DAP Aerolineas (ads)\"}]},\"customConfig\":{\"lg\":{\"box-5c855846-d7ab-4946-985d-cfc1dd3cd47fConfig\":{\"changeWidget\":\"box\",\"backgroundColor\":\"#d1d5dbff\"},\"box-5c855846-d7ab-4946-985d-cfc1dd3cd47fLayerOne\":{\"enabled\":true},\"avatar-d115f0f5-9555-46bb-bcb2-054e47ef3e47Config\":{\"changeWidget\":\"avatar\",\"openType\":\"redirectUrl\",\"targetBlank\":true},\"avatar-d115f0f5-9555-46bb-bcb2-054e47ef3e47AttributeFill\":{\"fillOption\":\"widget\",\"attributeFill\":[{\"title\":\"image\",\"canDelete\":true}]}}},\"content\":{\"layouts\":{\"lg\":[{\"i\":\"5c855846-d7ab-4946-985d-cfc1dd3cd47f\",\"x\":0,\"y\":0,\"w\":100,\"h\":100,\"type\":\"widget\",\"framework\":\"mui\",\"data\":\"box\"},{\"i\":\"d115f0f5-9555-46bb-bcb2-054e47ef3e47\",\"x\":3,\"y\":3,\"w\":94,\"h\":94,\"type\":\"widget\",\"framework\":\"mui\",\"data\":\"avatar\"}]}},\"rows\":[{\"name\":\"Portada Separador Noticias Por D\u00eda 12 \/ 336x336: DAP Aerolineas\",\"image\":{\"publicUrl\":\"https:\/\/s3-mspro.nyc3.digitaloceanspaces.com\/tenant\/658d9f90f0909def6c18fa2c\/mediaLibrary\/photo\/74e38fea-6500-4283-8e72-11c3a9b19b5c.png\",\"privatePhotoUrlWithoutExtension\":\"tenant\/658d9f90f0909def6c18fa2c\/mediaLibrary\/photo\/74e38fea-6500-4283-8e72-11c3a9b19b5c\",\"privatePhotoUrl\":\"tenant\/658d9f90f0909def6c18fa2c\/mediaLibrary\/photo\/74e38fea-6500-4283-8e72-11c3a9b19b5c-medium-standard-q100.png?v=1704831003\",\"photoExtension\":\"png?v=1704831003\",\"type\":\"image\",\"name\":\"26HOMED-banner-dap_336x336\",\"updatedAt\":\"2024-01-09T20:10:03.596Z\",\"photoVersion\":4},\"redirectUrl\":\"https:\/\/dapairline.com\/\"}]}},{\"i\":\"815be02c-4ee2-4737-8037-21a117648866\",\"x\":27,\"y\":14,\"w\":11,\"h\":11,\"id\":\"659d97dc459dea7b15b36d88\",\"name\":\"Componente Widget Banner 1x1 Banner Peque\u00f1o\",\"gridCols\":100,\"type\":\"component\",\"data\":{\"displayConfig\":{\"filterBy\":\"widgets\",\"type\":\"ads\",\"adType\":\"banner\",\"filterWidgets\":[{\"id\":\"65eb2f74ecaa4733d114fed0\",\"label\":\"125x125: GAES (ads)\"}]},\"customConfig\":{\"lg\":{\"box-5c855846-d7ab-4946-985d-cfc1dd3cd47fConfig\":{\"changeWidget\":\"box\",\"backgroundColor\":\"#d1d5dbff\"},\"box-5c855846-d7ab-4946-985d-cfc1dd3cd47fLayerOne\":{\"enabled\":true},\"avatar-d115f0f5-9555-46bb-bcb2-054e47ef3e47Config\":{\"changeWidget\":\"avatar\",\"openType\":\"redirectUrl\",\"targetBlank\":true},\"avatar-d115f0f5-9555-46bb-bcb2-054e47ef3e47AttributeFill\":{\"fillOption\":\"widget\",\"attributeFill\":[{\"title\":\"image\",\"canDelete\":true}]}}},\"content\":{\"layouts\":{\"lg\":[{\"i\":\"5c855846-d7ab-4946-985d-cfc1dd3cd47f\",\"x\":0,\"y\":0,\"w\":100,\"h\":100,\"type\":\"widget\",\"framework\":\"mui\",\"data\":\"box\"},{\"i\":\"d115f0f5-9555-46bb-bcb2-054e47ef3e47\",\"x\":5,\"y\":4,\"w\":90,\"h\":90,\"type\":\"widget\",\"framework\":\"mui\",\"data\":\"avatar\"}]}},\"rows\":[{\"name\":\"Portada Separador Noticias Por D\u00eda 8 \/ 250x250: COVEPA\",\"image\":{\"publicUrl\":\"https:\/\/s3-mspro.nyc3.digitaloceanspaces.com\/tenant\/658d9f90f0909def6c18fa2c\/mediaLibrary\/photo\/8e7b0c96-cca5-4fbd-9779-504c3767f761.jpg\",\"privatePhotoUrlWithoutExtension\":\"tenant\/658d9f90f0909def6c18fa2c\/mediaLibrary\/photo\/8e7b0c96-cca5-4fbd-9779-504c3767f761\",\"privatePhotoUrl\":\"tenant\/658d9f90f0909def6c18fa2c\/mediaLibrary\/photo\/8e7b0c96-cca5-4fbd-9779-504c3767f761-medium-standard-q100.jpg?v=1772453080\",\"photoExtension\":\"jpg?v=1772453080\",\"type\":\"image\",\"name\":\"COVEPA 336X336PX\",\"updatedAt\":\"2026-03-02T12:04:40.118Z\",\"photoVersion\":4},\"redirectUrl\":\"https:\/\/www.covepa.cl\/\"}]}},{\"i\":\"9ed368f4-367c-4227-9fd3-ccdc11e4706e\",\"x\":40,\"y\":14,\"w\":11,\"h\":11,\"id\":\"659d97dc459dea7b15b36d88\",\"name\":\"Componente Widget Banner 1x1 Banner Peque\u00f1o\",\"gridCols\":100,\"type\":\"component\",\"data\":{\"displayConfig\":{\"filterBy\":\"widgets\",\"type\":\"ads\",\"adType\":\"banner\",\"filterWidgets\":[{\"id\":\"659d71aa2509f76eba84ed9c\",\"label\":\"125x125: Sanchez u0026 sanchez (ads)\"}]},\"customConfig\":{\"lg\":{\"box-5c855846-d7ab-4946-985d-cfc1dd3cd47fConfig\":{\"changeWidget\":\"box\",\"backgroundColor\":\"#d1d5dbff\"},\"box-5c855846-d7ab-4946-985d-cfc1dd3cd47fLayerOne\":{\"enabled\":true},\"avatar-d115f0f5-9555-46bb-bcb2-054e47ef3e47Config\":{\"changeWidget\":\"avatar\",\"openType\":\"redirectUrl\",\"targetBlank\":true},\"avatar-d115f0f5-9555-46bb-bcb2-054e47ef3e47AttributeFill\":{\"fillOption\":\"widget\",\"attributeFill\":[{\"title\":\"image\",\"canDelete\":true}]}}},\"content\":{\"layouts\":{\"lg\":[{\"i\":\"5c855846-d7ab-4946-985d-cfc1dd3cd47f\",\"x\":0,\"y\":0,\"w\":100,\"h\":100,\"type\":\"widget\",\"framework\":\"mui\",\"data\":\"box\"},{\"i\":\"d115f0f5-9555-46bb-bcb2-054e47ef3e47\",\"x\":5,\"y\":4,\"w\":90,\"h\":90,\"type\":\"widget\",\"framework\":\"mui\",\"data\":\"avatar\"}]}},\"rows\":[{\"name\":\"Portada Separador Noticias Por D\u00eda 10 \/ 250x250: SANCHEZ\",\"image\":{\"publicUrl\":\"https:\/\/s3-mspro.nyc3.digitaloceanspaces.com\/tenant\/658d9f90f0909def6c18fa2c\/mediaLibrary\/photo\/8e3be233-ec1b-483c-bb55-12aa1a7ad26f.gif\",\"privatePhotoUrlWithoutExtension\":\"tenant\/658d9f90f0909def6c18fa2c\/mediaLibrary\/photo\/8e3be233-ec1b-483c-bb55-12aa1a7ad26f\",\"privatePhotoUrl\":\"tenant\/658d9f90f0909def6c18fa2c\/mediaLibrary\/photo\/8e3be233-ec1b-483c-bb55-12aa1a7ad26f.gif\",\"photoExtension\":\"gif\",\"type\":\"image\",\"name\":\"POLAR_BANNER2 (1)\",\"updatedAt\":\"2026-03-16T12:25:22.940Z\",\"photoVersion\":4},\"redirectUrl\":\"https:\/\/sanchezysanchez.cl\/\"}]}},{\"i\":\"8030f06a-c3a3-408f-9270-d9b2634affe9\",\"x\":27,\"y\":26,\"w\":11,\"h\":11,\"id\":\"659d97dc459dea7b15b36d88\",\"name\":\"Componente Widget Banner 1x1 Banner Peque\u00f1o\",\"gridCols\":100,\"type\":\"component\",\"data\":{\"displayConfig\":{\"filterBy\":\"widgets\",\"type\":\"ads\",\"adType\":\"banner\",\"filterWidgets\":[{\"id\":\"65eb2fc3ecaa47f02514fed5\",\"label\":\"125x125: Super G Market SuperG (ads)\"}]},\"customConfig\":{\"lg\":{\"box-5c855846-d7ab-4946-985d-cfc1dd3cd47fConfig\":{\"changeWidget\":\"box\",\"backgroundColor\":\"#d1d5dbff\"},\"box-5c855846-d7ab-4946-985d-cfc1dd3cd47fLayerOne\":{\"enabled\":true},\"avatar-d115f0f5-9555-46bb-bcb2-054e47ef3e47Config\":{\"changeWidget\":\"avatar\",\"openType\":\"redirectUrl\",\"targetBlank\":true},\"avatar-d115f0f5-9555-46bb-bcb2-054e47ef3e47AttributeFill\":{\"fillOption\":\"widget\",\"attributeFill\":[{\"title\":\"image\",\"canDelete\":true}]}}},\"content\":{\"layouts\":{\"lg\":[{\"i\":\"5c855846-d7ab-4946-985d-cfc1dd3cd47f\",\"x\":0,\"y\":0,\"w\":100,\"h\":100,\"type\":\"widget\",\"framework\":\"mui\",\"data\":\"box\"},{\"i\":\"d115f0f5-9555-46bb-bcb2-054e47ef3e47\",\"x\":5,\"y\":4,\"w\":90,\"h\":90,\"type\":\"widget\",\"framework\":\"mui\",\"data\":\"avatar\"}]}},\"rows\":[{\"name\":\"Portada Separador Noticias Por D\u00eda 9 \/ 250x250: Super G Market SuperG\",\"image\":{\"publicUrl\":\"https:\/\/s3-mspro.nyc3.digitaloceanspaces.com\/tenant\/658d9f90f0909def6c18fa2c\/mediaLibrary\/photo\/aa04d658-070b-4f76-b9d3-6b3fffca9087.gif\",\"privatePhotoUrlWithoutExtension\":\"tenant\/658d9f90f0909def6c18fa2c\/mediaLibrary\/photo\/aa04d658-070b-4f76-b9d3-6b3fffca9087\",\"privatePhotoUrl\":\"tenant\/658d9f90f0909def6c18fa2c\/mediaLibrary\/photo\/aa04d658-070b-4f76-b9d3-6b3fffca9087.gif\",\"photoExtension\":\"gif\",\"type\":\"image\",\"name\":\"SUPER-G-GIF\",\"updatedAt\":\"2024-03-08T16:27:59.718Z\",\"photoVersion\":4},\"redirectUrl\":\"https:\/\/www.instagram.com\/supergmarketpuq\/\"}]}},{\"i\":\"540b70af-5440-43a7-b034-34d3a21a0c5d\",\"x\":40,\"y\":26,\"w\":11,\"h\":11,\"id\":\"659d97dc459dea7b15b36d88\",\"name\":\"Componente Widget Banner 1x1 Banner Peque\u00f1o\",\"gridCols\":100,\"type\":\"component\",\"data\":{\"displayConfig\":{\"filterBy\":\"widgets\",\"type\":\"ads\",\"adType\":\"banner\",\"filterWidgets\":[{\"id\":\"65eb309becaa4736c914fedd\",\"label\":\"125x125: OXISALUD (ads)\"}]},\"customConfig\":{\"lg\":{\"box-5c855846-d7ab-4946-985d-cfc1dd3cd47fConfig\":{\"changeWidget\":\"box\",\"backgroundColor\":\"#d1d5dbff\"},\"box-5c855846-d7ab-4946-985d-cfc1dd3cd47fLayerOne\":{\"enabled\":true},\"avatar-d115f0f5-9555-46bb-bcb2-054e47ef3e47Config\":{\"changeWidget\":\"avatar\",\"openType\":\"redirectUrl\",\"targetBlank\":true},\"avatar-d115f0f5-9555-46bb-bcb2-054e47ef3e47AttributeFill\":{\"fillOption\":\"widget\",\"attributeFill\":[{\"title\":\"image\",\"canDelete\":true}]}}},\"content\":{\"layouts\":{\"lg\":[{\"i\":\"5c855846-d7ab-4946-985d-cfc1dd3cd47f\",\"x\":0,\"y\":0,\"w\":100,\"h\":100,\"type\":\"widget\",\"framework\":\"mui\",\"data\":\"box\"},{\"i\":\"d115f0f5-9555-46bb-bcb2-054e47ef3e47\",\"x\":5,\"y\":4,\"w\":90,\"h\":90,\"type\":\"widget\",\"framework\":\"mui\",\"data\":\"avatar\"}]}},\"rows\":[{\"name\":\"Portada Separador Noticias Por D\u00eda 11 \/ 250x250  AGUAS MAGALLANES\",\"image\":{\"publicUrl\":\"https:\/\/s3-mspro.nyc3.digitaloceanspaces.com\/tenant\/658d9f90f0909def6c18fa2c\/mediaLibrary\/photo\/aff00f9b-6b06-40f3-a884-7a6293191437.png\",\"privatePhotoUrlWithoutExtension\":\"tenant\/658d9f90f0909def6c18fa2c\/mediaLibrary\/photo\/aff00f9b-6b06-40f3-a884-7a6293191437\",\"privatePhotoUrl\":\"tenant\/658d9f90f0909def6c18fa2c\/mediaLibrary\/photo\/aff00f9b-6b06-40f3-a884-7a6293191437-medium-standard-q100.png?v=1757602664\",\"photoExtension\":\"png?v=1757602664\",\"type\":\"image\",\"name\":\"BANNER AGUAS MAGALLANES 336\",\"updatedAt\":\"2025-09-11T14:57:44.358Z\",\"photoVersion\":4},\"redirectUrl\":\"https:\/\/www.aguasmagallanes.cl\/index\"}]}},{\"i\":\"03c93e34-5599-464d-bd24-ca12a0de8c73\",\"x\":2,\"y\":0,\"w\":73,\"h\":1,\"id\":\"673c88a4ce7709d797ef7851\",\"name\":\"L\u00ednea divisoria Desktop\",\"gridCols\":24,\"type\":\"component\",\"data\":{\"customConfig\":{\"lg\":{\"divider-d606cf92-e3f7-4c5d-bbdf-7d0311951bcdConfig\":{\"changeWidget\":\"divider\",\"width\":100,\"height\":0.1,\"backgroundColor\":\"#cfcfcfff\"},\"divider-d606cf92-e3f7-4c5d-bbdf-7d0311951bcdLayerOne\":{\"enabled\":true}}},\"content\":{\"layouts\":{\"lg\":[{\"i\":\"d606cf92-e3f7-4c5d-bbdf-7d0311951bcd\",\"x\":0,\"y\":0,\"w\":24,\"h\":1,\"type\":\"widget\",\"framework\":\"mui\",\"data\":\"divider\"}]}}}},{\"i\":\"ca1a06e2-c7eb-4b32-be40-598dba522bd4\",\"x\":3,\"y\":40,\"w\":73,\"h\":2,\"id\":\"673c88a4ce7709d797ef7851\",\"name\":\"L\u00ednea divisoria Desktop\",\"gridCols\":24,\"type\":\"component\",\"data\":{\"customConfig\":{\"lg\":{\"divider-d606cf92-e3f7-4c5d-bbdf-7d0311951bcdConfig\":{\"changeWidget\":\"divider\",\"width\":100,\"height\":0.1,\"backgroundColor\":\"#cfcfcfff\"},\"divider-d606cf92-e3f7-4c5d-bbdf-7d0311951bcdLayerOne\":{\"enabled\":true}}},\"content\":{\"layouts\":{\"lg\":[{\"i\":\"d606cf92-e3f7-4c5d-bbdf-7d0311951bcd\",\"x\":0,\"y\":0,\"w\":24,\"h\":1,\"type\":\"widget\",\"framework\":\"mui\",\"data\":\"divider\"}]}}}}]}}},{\"id\":\"659da4c5459deac2f7b36fa2\",\"name\":\"Contenedor noticias 2\",\"active\":true,\"renderAs\":\"server\",\"gridCols\":{\"lg\":100,\"md\":100,\"xs\":100,\"daily\":100},\"marginTop\":-80,\"content\":{\"config\":{\"lg\":{\"compactType\":\"horizontal\"}},\"layouts\":{\"lg\":[{\"i\":\"4372d045-c447-4906-8553-22ba4f16b3e3\",\"x\":3,\"y\":0,\"w\":73,\"h\":261,\"id\":\"66db6d141b69d720dd1c4fc5\",\"name\":\"Tarjeta nueva home radiopolar\",\"gridCols\":100,\"type\":\"component\",\"data\":{\"displayConfig\":{\"formatType\":\"grid\",\"columns\":4,\"columnsDesktop\":6,\"columnsMobile\":6,\"columnsTablet\":6,\"columnsLargeDesktop\":6,\"columnsExtraLargeDesktop\":6,\"offset\":16,\"limit\":48,\"horizontalGutter\":2,\"verticalGutter\":2,\"widthAuto\":true,\"enabledLayer\":true,\"filterBy\":\"posts\",\"postsOrderBy\":\"datePublished\",\"sortBy\":\"desc\"},\"customConfig\":{\"lg\":{\"avatar-d5bbbbb3-bb13-4bc2-9257-05523b32ed9dConfig\":{\"changeWidget\":\"avatar\",\"openType\":\"slug\",\"avatarObjectFit\":\"cover\"},\"typography-cd8b6410-273b-496e-b261-6b0adee8f86cConfig\":{\"changeWidget\":\"typography\",\"fontSize\":5,\"lineHeight\":\"1.8\",\"color\":\"#4a5563ff\",\"typographyMaxLength\":100000000000000,\"openType\":\"slug\"},\"typography-cd8b6410-273b-496e-b261-6b0adee8f86cLayerOne\":{\"enabled\":true},\"typography-cd8b6410-273b-496e-b261-6b0adee8f86cAttributeFill\":{\"fillOption\":\"post\",\"attributeFill\":[{\"title\":\"title\",\"canDelete\":true}]},\"avatar-d5bbbbb3-bb13-4bc2-9257-05523b32ed9dAttributeFill\":{\"fillOption\":\"post\",\"attributeFill\":[{\"title\":\"image\",\"canDelete\":true}]},\"button-53710425-5d01-4086-bda8-87e860046417Config\":{\"changeWidget\":\"button\",\"fontSize\":5,\"color\":\"#ffffffff\",\"customIcon\":\"io5\/IoCalendar\",\"buttonPositionIcon\":\"left\",\"typographyMaxLength\":100,\"backgroundColor\":\"#b91c1bff\",\"buttonSize\":\"small\"},\"button-53710425-5d01-4086-bda8-87e860046417LayerOne\":{\"enabled\":true},\"button-53710425-5d01-4086-bda8-87e860046417AttributeFill\":{\"fillOption\":\"post\",\"attributeFill\":[{\"title\":\"datePublished\",\"formatDate\":\"DD\/MM\/YYYY HH:mm\",\"canDelete\":true}]}}},\"content\":{\"layouts\":{\"lg\":[{\"i\":\"d5bbbbb3-bb13-4bc2-9257-05523b32ed9d\",\"x\":0,\"y\":0,\"w\":100,\"h\":56,\"type\":\"widget\",\"framework\":\"mui\",\"data\":\"avatar\"},{\"i\":\"cd8b6410-273b-496e-b261-6b0adee8f86c\",\"x\":0,\"y\":71,\"w\":100,\"h\":10,\"type\":\"widget\",\"framework\":\"mui\",\"data\":\"typography\"},{\"i\":\"53710425-5d01-4086-bda8-87e860046417\",\"x\":0,\"y\":59,\"w\":68,\"h\":10,\"type\":\"widget\",\"framework\":\"mui\",\"data\":\"button\"}]}},\"rows\":[{\"title\":\"HOSPITAL CL\u00cdNICO DE MAGALLANES MANTIENE FARMACIA EXTERNA TRAS DI\u00c1LOGO CON SU CONSEJO CONSULTIVO\",\"image\":{\"publicUrl\":\"https:\/\/s3-mspro.nyc3.digitaloceanspaces.com\/tenant\/658d9f90f0909def6c18fa2c\/mediaLibrary\/photo\/38757792-62f6-4254-8bd0-f5fba4850b35.JPG\",\"privatePhotoUrlWithoutExtension\":\"tenant\/658d9f90f0909def6c18fa2c\/mediaLibrary\/photo\/38757792-62f6-4254-8bd0-f5fba4850b35\",\"privatePhotoUrl\":\"tenant\/658d9f90f0909def6c18fa2c\/mediaLibrary\/photo\/38757792-62f6-4254-8bd0-f5fba4850b35-medium-standard-q100.jpg?v=1774644900\",\"photoExtension\":\"jpg?v=1774644900\",\"name\":\"Consejo Consultivo\",\"photoVersion\":4,\"type\":\"image\"},\"slug\":\"https:\/\/www.radiopolar.com\/hospital-clinico-magallanes-mantiene-farmacia-externa-dialogo-consejo-consultivo\",\"primaryAuthor\":{\"id\":\"65ea08428325aff9da63f8f9\",\"name\":\"Prensa Radio Polar\",\"authorName\":\"Prensa Radio Polar\",\"slug\":\"\/author\/prensa-radio-polar\"},\"datePublished\":\"2026-03-27 19:00:00\"},{\"title\":\"JUNTA DE VECINOS EL PING\u00dcINO CONVIERTE SU SEDE EN SAL\u00d3N DE EVENTOS COMUNITARIO CON LOS FONDOS CONCURSABLES ENAP IMPULSA\",\"image\":{\"publicUrl\":\"https:\/\/s3-mspro.nyc3.digitaloceanspaces.com\/tenant\/658d9f90f0909def6c18fa2c\/mediaLibrary\/photo\/756e094d-c949-4c2f-8f59-352abc7ce915.jpg\",\"privatePhotoUrlWithoutExtension\":\"tenant\/658d9f90f0909def6c18fa2c\/mediaLibrary\/photo\/756e094d-c949-4c2f-8f59-352abc7ce915\",\"privatePhotoUrl\":\"tenant\/658d9f90f0909def6c18fa2c\/mediaLibrary\/photo\/756e094d-c949-4c2f-8f59-352abc7ce915-medium-standard-q100.jpg?v=1774635940\",\"photoExtension\":\"jpg?v=1774635940\",\"name\":\"jjvvpenguin\",\"photoVersion\":4,\"type\":\"image\"},\"slug\":\"https:\/\/www.radiopolar.com\/junta-vecinos-pinguino-convierte-sede-salon-eventos-comunitario-fondos-concursables-enap-impulsa\",\"primaryAuthor\":{\"id\":\"65ea08428325aff9da63f8f9\",\"name\":\"Prensa Radio Polar\",\"authorName\":\"Prensa Radio Polar\",\"slug\":\"\/author\/prensa-radio-polar\"},\"datePublished\":\"2026-03-27 18:00:00\"},{\"title\":\"ABOGADA LORENA D\u00cdAZ LOAIZA ASUMI\u00d3 COMO NUEVA SEREMI DE BIENES NACIONALES EN MAGALLANES\",\"image\":{\"publicUrl\":\"https:\/\/s3-mspro.nyc3.digitaloceanspaces.com\/tenant\/658d9f90f0909def6c18fa2c\/mediaLibrary\/photo\/8b655fdd-f38f-4399-9d20-744e7db5293e.jpeg\",\"privatePhotoUrlWithoutExtension\":\"tenant\/658d9f90f0909def6c18fa2c\/mediaLibrary\/photo\/8b655fdd-f38f-4399-9d20-744e7db5293e\",\"privatePhotoUrl\":\"tenant\/658d9f90f0909def6c18fa2c\/mediaLibrary\/photo\/8b655fdd-f38f-4399-9d20-744e7db5293e-medium-standard-q100.jpeg?v=1774643377\",\"photoExtension\":\"jpeg?v=1774643377\",\"name\":\"seremibbnn\",\"photoVersion\":4,\"type\":\"image\"},\"slug\":\"https:\/\/www.radiopolar.com\/abogada-lorena-diaz-loaiza-asumio-seremi-bienes-nacionales-magallanes\",\"primaryAuthor\":{\"id\":\"65ea08428325aff9da63f8f9\",\"name\":\"Prensa Radio Polar\",\"authorName\":\"Prensa Radio Polar\",\"slug\":\"\/author\/prensa-radio-polar\"},\"datePublished\":\"2026-03-27 17:30:00\"},{\"title\":\"CRISTIAN MUGA ASUME COMO PRESIDENTE DEL DIRECTORIO DE ENAP\",\"image\":{\"publicUrl\":\"https:\/\/s3-mspro.nyc3.digitaloceanspaces.com\/tenant\/658d9f90f0909def6c18fa2c\/mediaLibrary\/photo\/91029a11-6f84-4658-8b48-1496e066d54d.jpeg\",\"privatePhotoUrlWithoutExtension\":\"tenant\/658d9f90f0909def6c18fa2c\/mediaLibrary\/photo\/91029a11-6f84-4658-8b48-1496e066d54d\",\"privatePhotoUrl\":\"tenant\/658d9f90f0909def6c18fa2c\/mediaLibrary\/photo\/91029a11-6f84-4658-8b48-1496e066d54d-medium-standard-q100.jpeg?v=1774635704\",\"photoExtension\":\"jpeg?v=1774635704\",\"name\":\"muga\",\"photoVersion\":4,\"type\":\"image\"},\"slug\":\"https:\/\/www.radiopolar.com\/cristian-muga-asume-presidente-directorio-enap\",\"primaryAuthor\":{\"id\":\"65ea08428325aff9da63f8f9\",\"name\":\"Prensa Radio Polar\",\"authorName\":\"Prensa Radio Polar\",\"slug\":\"\/author\/prensa-radio-polar\"},\"datePublished\":\"2026-03-27 17:00:00\"},{\"title\":\"INSPECTORA FALLECI\u00d3 TRAS SER APU\u00d1ALADA POR ALUMNO EN CALAMA\",\"image\":{\"publicUrl\":\"https:\/\/s3-mspro.nyc3.digitaloceanspaces.com\/tenant\/658d9f90f0909def6c18fa2c\/mediaLibrary\/photo\/3cc7fa9a-11ca-4668-8575-b9739887986a.jpg\",\"privatePhotoUrlWithoutExtension\":\"tenant\/658d9f90f0909def6c18fa2c\/mediaLibrary\/photo\/3cc7fa9a-11ca-4668-8575-b9739887986a\",\"privatePhotoUrl\":\"tenant\/658d9f90f0909def6c18fa2c\/mediaLibrary\/photo\/3cc7fa9a-11ca-4668-8575-b9739887986a-medium-standard-q100.jpg?v=1774635391\",\"photoExtension\":\"jpg?v=1774635391\",\"name\":\"comunciado-calama-2-768x432\",\"photoVersion\":4,\"type\":\"image\"},\"slug\":\"https:\/\/www.radiopolar.com\/inspectora-fallecio-apunalada-alumno-calama\",\"primaryAuthor\":{\"id\":\"65ea08428325aff9da63f8f9\",\"name\":\"Prensa Radio Polar\",\"authorName\":\"Prensa Radio Polar\",\"slug\":\"\/author\/prensa-radio-polar\"},\"datePublished\":\"2026-03-27 16:00:00\"},{\"title\":\"JORNADA EXTRAORDINARIA PARA EL PAGO DE PERMISOS DE CIRCULACI\u00d3N ESTE FIN DE SEMANA\",\"image\":{\"publicUrl\":\"https:\/\/s3-mspro.nyc3.digitaloceanspaces.com\/tenant\/658d9f90f0909def6c18fa2c\/mediaLibrary\/photo\/5a39228c-4416-46fe-a233-aa07250e0a7a.jpeg\",\"privatePhotoUrlWithoutExtension\":\"tenant\/658d9f90f0909def6c18fa2c\/mediaLibrary\/photo\/5a39228c-4416-46fe-a233-aa07250e0a7a\",\"privatePhotoUrl\":\"tenant\/658d9f90f0909def6c18fa2c\/mediaLibrary\/photo\/5a39228c-4416-46fe-a233-aa07250e0a7a-medium-standard-q100.jpeg?v=1774632079\",\"photoExtension\":\"jpeg?v=1774632079\",\"name\":\"SP 5\",\"photoVersion\":4,\"type\":\"image\"},\"slug\":\"https:\/\/www.radiopolar.com\/jornada-extraordinaria-pago-permisos-circulacion-semana\",\"primaryAuthor\":{\"id\":\"65ea08428325aff9da63f8f9\",\"name\":\"Prensa Radio Polar\",\"authorName\":\"Prensa Radio Polar\",\"slug\":\"\/author\/prensa-radio-polar\"},\"datePublished\":\"2026-03-27 15:00:00\"},{\"title\":\"EDELMAG DESPLIEGA EQUIPO ESPECIALIZADO A PUERTO WILLIAMS TRAS CORTE DE SUMINISTRO EL\u00c9CTRICO\",\"image\":{\"publicUrl\":\"https:\/\/s3-mspro.nyc3.digitaloceanspaces.com\/tenant\/658d9f90f0909def6c18fa2c\/mediaLibrary\/photo\/582c8ed7-b5e3-49bf-aa07-c329b57d0e3f.png\",\"privatePhotoUrlWithoutExtension\":\"tenant\/658d9f90f0909def6c18fa2c\/mediaLibrary\/photo\/582c8ed7-b5e3-49bf-aa07-c329b57d0e3f\",\"privatePhotoUrl\":\"tenant\/658d9f90f0909def6c18fa2c\/mediaLibrary\/photo\/582c8ed7-b5e3-49bf-aa07-c329b57d0e3f-medium-standard-q100.png?v=1774631740\",\"photoExtension\":\"png?v=1774631740\",\"name\":\"Central PW\",\"photoVersion\":4,\"type\":\"image\"},\"slug\":\"https:\/\/www.radiopolar.com\/edelmag-despliega-equipo-especializado-puerto-williams-corte-suministro-electrico\",\"primaryAuthor\":{\"id\":\"65ea08428325aff9da63f8f9\",\"name\":\"Prensa Radio Polar\",\"authorName\":\"Prensa Radio Polar\",\"slug\":\"\/author\/prensa-radio-polar\"},\"datePublished\":\"2026-03-27 14:00:00\"},{\"title\":\"DETIENEN A SUJETO TRAS ROBO EN PROGRAMA PARA PERSONAS EN SITUACI\u00d3N DE CALLE EN PUNTA ARENAS\",\"image\":{\"publicUrl\":\"https:\/\/s3-mspro.nyc3.digitaloceanspaces.com\/tenant\/658d9f90f0909def6c18fa2c\/mediaLibrary\/photo\/40fc7a61-6049-4b12-ba28-e1e9607a24e3.jpeg\",\"privatePhotoUrlWithoutExtension\":\"tenant\/658d9f90f0909def6c18fa2c\/mediaLibrary\/photo\/40fc7a61-6049-4b12-ba28-e1e9607a24e3\",\"privatePhotoUrl\":\"tenant\/658d9f90f0909def6c18fa2c\/mediaLibrary\/photo\/40fc7a61-6049-4b12-ba28-e1e9607a24e3-medium-standard-q100.jpeg?v=1774631354\",\"photoExtension\":\"jpeg?v=1774631354\",\"name\":\"detenidocementerio\",\"photoVersion\":4,\"type\":\"image\"},\"slug\":\"https:\/\/www.radiopolar.com\/detienen-sujeto-robo-programa-personas-situacion-calle-punta-arenas\",\"primaryAuthor\":{\"id\":\"65ea08428325aff9da63f8f9\",\"name\":\"Prensa Radio Polar\",\"authorName\":\"Prensa Radio Polar\",\"slug\":\"\/author\/prensa-radio-polar\"},\"datePublished\":\"2026-03-27 13:00:00\"},{\"title\":\"ALLAN STOWHAS ES DESIGNADO SEREMI DE TRANSPORTES Y TELECOMUNICACIONES EN LA REGI\u00d3N DE MAGALLANES\",\"image\":{\"publicUrl\":\"https:\/\/s3-mspro.nyc3.digitaloceanspaces.com\/tenant\/658d9f90f0909def6c18fa2c\/mediaLibrary\/photo\/e5d778d2-4001-4dc7-98a4-e8ad119e4435.jpeg\",\"privatePhotoUrlWithoutExtension\":\"tenant\/658d9f90f0909def6c18fa2c\/mediaLibrary\/photo\/e5d778d2-4001-4dc7-98a4-e8ad119e4435\",\"privatePhotoUrl\":\"tenant\/658d9f90f0909def6c18fa2c\/mediaLibrary\/photo\/e5d778d2-4001-4dc7-98a4-e8ad119e4435-medium-standard-q100.jpeg?v=1774618009\",\"photoExtension\":\"jpeg?v=1774618009\",\"name\":\"allan stowhas\",\"photoVersion\":4,\"type\":\"image\"},\"slug\":\"https:\/\/www.radiopolar.com\/allan-stowhas-designado-seremi-transportes-telecomunicaciones-region-magallanes\",\"primaryAuthor\":{\"id\":\"65ea08428325aff9da63f8f9\",\"name\":\"Prensa Radio Polar\",\"authorName\":\"Prensa Radio Polar\",\"slug\":\"\/author\/prensa-radio-polar\"},\"datePublished\":\"2026-03-27 12:30:00\"},{\"title\":\"INSTALAN EN MEMORIAL DE LA DIVERSIDAD NOMBRE DE REN\u00c9 M\u00c1RQUEZ\",\"image\":{\"publicUrl\":\"https:\/\/s3-mspro.nyc3.digitaloceanspaces.com\/tenant\/658d9f90f0909def6c18fa2c\/mediaLibrary\/photo\/5048693c-1dd7-4d04-a3e9-19fd6968df8b.jpeg\",\"privatePhotoUrlWithoutExtension\":\"tenant\/658d9f90f0909def6c18fa2c\/mediaLibrary\/photo\/5048693c-1dd7-4d04-a3e9-19fd6968df8b\",\"privatePhotoUrl\":\"tenant\/658d9f90f0909def6c18fa2c\/mediaLibrary\/photo\/5048693c-1dd7-4d04-a3e9-19fd6968df8b-medium-standard-q100.jpeg?v=1774626430\",\"photoExtension\":\"jpeg?v=1774626430\",\"name\":\"memorialzamudio\",\"photoVersion\":4,\"type\":\"image\"},\"slug\":\"https:\/\/www.radiopolar.com\/instalan-memorial-diversidad-nombre-rene-marquez\",\"primaryAuthor\":{\"id\":\"65ea08428325aff9da63f8f9\",\"name\":\"Prensa Radio Polar\",\"authorName\":\"Prensa Radio Polar\",\"slug\":\"\/author\/prensa-radio-polar\"},\"datePublished\":\"2026-03-27 12:00:00\"},{\"title\":\"LA JUNJI MAGALLANES RECONOCI\u00d3 A SUS \u201cMUJERES QUE INSPIRAN\u201d\",\"image\":{\"publicUrl\":\"https:\/\/s3-mspro.nyc3.digitaloceanspaces.com\/tenant\/658d9f90f0909def6c18fa2c\/mediaLibrary\/photo\/9e758bbb-614f-4c45-964f-15d48b49640e.JPG\",\"privatePhotoUrlWithoutExtension\":\"tenant\/658d9f90f0909def6c18fa2c\/mediaLibrary\/photo\/9e758bbb-614f-4c45-964f-15d48b49640e\",\"privatePhotoUrl\":\"tenant\/658d9f90f0909def6c18fa2c\/mediaLibrary\/photo\/9e758bbb-614f-4c45-964f-15d48b49640e-medium-standard-q100.jpg?v=1774619276\",\"photoExtension\":\"jpg?v=1774619276\",\"name\":\"Mujeres que inspiran de la Junji Magallanes\",\"photoVersion\":4,\"type\":\"image\"},\"slug\":\"https:\/\/www.radiopolar.com\/junji-magallanes-reconocio-mujeres-inspiran\",\"primaryAuthor\":{\"id\":\"65ea08428325aff9da63f8f9\",\"name\":\"Prensa Radio Polar\",\"authorName\":\"Prensa Radio Polar\",\"slug\":\"\/author\/prensa-radio-polar\"},\"datePublished\":\"2026-03-27 11:00:00\"},{\"title\":\"CONSEJO DEL SALM\u00d3N LLEVA AL EMBAJADOR DE EE.UU. A CONOCER POR PRIMERA VEZ UN CENTRO DE CULTIVO\",\"image\":{\"publicUrl\":\"https:\/\/s3-mspro.nyc3.digitaloceanspaces.com\/tenant\/658d9f90f0909def6c18fa2c\/mediaLibrary\/photo\/92ac1418-6fcc-45f4-a53f-182ca4a0ae5f.jpg\",\"privatePhotoUrlWithoutExtension\":\"tenant\/658d9f90f0909def6c18fa2c\/mediaLibrary\/photo\/92ac1418-6fcc-45f4-a53f-182ca4a0ae5f\",\"privatePhotoUrl\":\"tenant\/658d9f90f0909def6c18fa2c\/mediaLibrary\/photo\/92ac1418-6fcc-45f4-a53f-182ca4a0ae5f-medium-standard-q100.jpg?v=1774576225\",\"photoExtension\":\"jpg?v=1774576225\",\"name\":\"consejosalmon\",\"photoVersion\":4,\"type\":\"image\"},\"slug\":\"https:\/\/www.radiopolar.com\/consejo-salmon-embajador-eeuu-centro-cultivo\",\"primaryAuthor\":{\"id\":\"65ea08428325aff9da63f8f9\",\"name\":\"Prensa Radio Polar\",\"authorName\":\"Prensa Radio Polar\",\"slug\":\"\/author\/prensa-radio-polar\"},\"datePublished\":\"2026-03-27 10:00:00\"},{\"title\":\"ISL MAGALLANES LANZA CAMPA\u00d1A PARA DIFUNDIR EL SEGURO ESCOLAR\",\"image\":{\"publicUrl\":\"https:\/\/s3-mspro.nyc3.digitaloceanspaces.com\/tenant\/658d9f90f0909def6c18fa2c\/mediaLibrary\/photo\/c64288dd-f23d-4387-abd5-8607a3a127e8.jpeg\",\"privatePhotoUrlWithoutExtension\":\"tenant\/658d9f90f0909def6c18fa2c\/mediaLibrary\/photo\/c64288dd-f23d-4387-abd5-8607a3a127e8\",\"privatePhotoUrl\":\"tenant\/658d9f90f0909def6c18fa2c\/mediaLibrary\/photo\/c64288dd-f23d-4387-abd5-8607a3a127e8-medium-standard-q100.jpeg?v=1774575856\",\"photoExtension\":\"jpeg?v=1774575856\",\"name\":\"seguroescolar\",\"photoVersion\":4,\"type\":\"image\"},\"slug\":\"https:\/\/www.radiopolar.com\/isl-magallanes-lanza-campana-difundir-seguro-escolar\",\"primaryAuthor\":{\"id\":\"65ea08428325aff9da63f8f9\",\"name\":\"Prensa Radio Polar\",\"authorName\":\"Prensa Radio Polar\",\"slug\":\"\/author\/prensa-radio-polar\"},\"datePublished\":\"2026-03-27 09:00:00\"},{\"title\":\"GOBIERNO CONFIRMA QUE RETIRAR\u00c1 DEL CONGRESO LA NUEVA LEY DE PESCA, IMPULSADA POR LA ADMINISTRACI\u00d3N DE GABRIEL BORIC\",\"image\":{\"publicUrl\":\"https:\/\/s3-mspro.nyc3.digitaloceanspaces.com\/tenant\/658d9f90f0909def6c18fa2c\/mediaLibrary\/photo\/ea1f31f4-3c74-4fe8-8dad-744484c5b3be.jpg\",\"privatePhotoUrlWithoutExtension\":\"tenant\/658d9f90f0909def6c18fa2c\/mediaLibrary\/photo\/ea1f31f4-3c74-4fe8-8dad-744484c5b3be\",\"privatePhotoUrl\":\"tenant\/658d9f90f0909def6c18fa2c\/mediaLibrary\/photo\/ea1f31f4-3c74-4fe8-8dad-744484c5b3be-medium-standard-q100.jpg?v=1774575577\",\"photoExtension\":\"jpg?v=1774575577\",\"name\":\"leypesca\",\"photoVersion\":4,\"type\":\"image\"},\"slug\":\"https:\/\/www.radiopolar.com\/gobierno-confirma-retirara-congreso-ley-pesca-impulsada-administracion-gabriel-boric\",\"primaryAuthor\":{\"id\":\"65ea08428325aff9da63f8f9\",\"name\":\"Prensa Radio Polar\",\"authorName\":\"Prensa Radio Polar\",\"slug\":\"\/author\/prensa-radio-polar\"},\"datePublished\":\"2026-03-27 08:00:00\"},{\"title\":\"ALCALDE SE REUNI\u00d3 CON DUE\u00d1O DE FARMACIA LA ESTRELLA POR EVENTUAL SALIDA DE SUCURSAL DEL HOSPITAL\",\"image\":{\"publicUrl\":\"https:\/\/s3-mspro.nyc3.digitaloceanspaces.com\/tenant\/658d9f90f0909def6c18fa2c\/mediaLibrary\/photo\/c270b253-2d69-4848-9ab5-cda31e0e5ea4.png\",\"privatePhotoUrlWithoutExtension\":\"tenant\/658d9f90f0909def6c18fa2c\/mediaLibrary\/photo\/c270b253-2d69-4848-9ab5-cda31e0e5ea4\",\"privatePhotoUrl\":\"tenant\/658d9f90f0909def6c18fa2c\/mediaLibrary\/photo\/c270b253-2d69-4848-9ab5-cda31e0e5ea4-medium-standard-q100.png?v=1774575135\",\"photoExtension\":\"png?v=1774575135\",\"name\":\"farmaciaestrella\",\"photoVersion\":4,\"type\":\"image\"},\"slug\":\"https:\/\/www.radiopolar.com\/alcalde-reunio-dueno-farmacia-estrella-eventual-salida-sucursal-hospital\",\"primaryAuthor\":{\"id\":\"65ea08428325aff9da63f8f9\",\"name\":\"Prensa Radio Polar\",\"authorName\":\"Prensa Radio Polar\",\"slug\":\"\/author\/prensa-radio-polar\"},\"datePublished\":\"2026-03-27 07:00:00\"},{\"title\":\"GOBERNADORES REGIONALES ACUERDAN CON EL GOBIERNO CENTRAL QUE EL MINISTERIO DE TRANSPORTES ASUMA ADMINISTRACI\u00d3N Y FINANCIAMIENTO DE SUBSIDIOS POR MODIFICACIONES AL MEPCO\",\"image\":{\"publicUrl\":\"https:\/\/s3-mspro.nyc3.digitaloceanspaces.com\/tenant\/658d9f90f0909def6c18fa2c\/mediaLibrary\/photo\/22dc417a-a0cc-4a20-bf6b-b74e42917215.png\",\"privatePhotoUrlWithoutExtension\":\"tenant\/658d9f90f0909def6c18fa2c\/mediaLibrary\/photo\/22dc417a-a0cc-4a20-bf6b-b74e42917215\",\"privatePhotoUrl\":\"tenant\/658d9f90f0909def6c18fa2c\/mediaLibrary\/photo\/22dc417a-a0cc-4a20-bf6b-b74e42917215-medium-standard-q100.png?v=1774574544\",\"photoExtension\":\"png?v=1774574544\",\"name\":\"gobernadoresmepco\",\"photoVersion\":4,\"type\":\"image\"},\"slug\":\"https:\/\/www.radiopolar.com\/gobernadores-regionales-acuerdan-gobierno-central-ministerio-transportes-asuma-administracion-financiamiento-subsidios-modificaciones-mepco\",\"primaryAuthor\":{\"id\":\"65ea08428325aff9da63f8f9\",\"name\":\"Prensa Radio Polar\",\"authorName\":\"Prensa Radio Polar\",\"slug\":\"\/author\/prensa-radio-polar\"},\"datePublished\":\"2026-03-27 06:00:00\"},{\"title\":\"TURBERAS, LAS B\u00d3VEDAS DE LA NATURALEZA QUE CONTRIBUYEN A MITIGAR EL CAMBIO CLIM\u00c1TICO\",\"image\":{\"publicUrl\":\"https:\/\/s3-mspro.nyc3.digitaloceanspaces.com\/tenant\/658d9f90f0909def6c18fa2c\/mediaLibrary\/photo\/593e7382-70ca-4bc3-9da7-73ae5e30e572.jpg\",\"privatePhotoUrlWithoutExtension\":\"tenant\/658d9f90f0909def6c18fa2c\/mediaLibrary\/photo\/593e7382-70ca-4bc3-9da7-73ae5e30e572\",\"privatePhotoUrl\":\"tenant\/658d9f90f0909def6c18fa2c\/mediaLibrary\/photo\/593e7382-70ca-4bc3-9da7-73ae5e30e572-medium-standard-q100.jpg?v=1774574181\",\"photoExtension\":\"jpg?v=1774574181\",\"name\":\"Turberas 3\",\"photoVersion\":4,\"type\":\"image\"},\"slug\":\"https:\/\/www.radiopolar.com\/turberas-bovedas-naturaleza-contribuyen-mitigar-cambio-climatico\",\"primaryAuthor\":{\"id\":\"65ea08428325aff9da63f8f9\",\"name\":\"Prensa Radio Polar\",\"authorName\":\"Prensa Radio Polar\",\"slug\":\"\/author\/prensa-radio-polar\"},\"datePublished\":\"2026-03-27 05:00:00\"},{\"title\":\"GABRIEL MARI\u00c1N, EX VOCALISTA RATA BLANCA EN DREAMS PUNTA ARENAS\",\"image\":{\"publicUrl\":\"https:\/\/s3-mspro.nyc3.digitaloceanspaces.com\/tenant\/658d9f90f0909def6c18fa2c\/mediaLibrary\/photo\/351183c0-a57c-4f3d-be9c-3e479cb92470.jpg\",\"privatePhotoUrlWithoutExtension\":\"tenant\/658d9f90f0909def6c18fa2c\/mediaLibrary\/photo\/351183c0-a57c-4f3d-be9c-3e479cb92470\",\"privatePhotoUrl\":\"tenant\/658d9f90f0909def6c18fa2c\/mediaLibrary\/photo\/351183c0-a57c-4f3d-be9c-3e479cb92470-medium-standard-q100.jpg?v=1774573352\",\"photoExtension\":\"jpg?v=1774573352\",\"name\":\"FOTO GABRIEL MARIAN EX RATA BLANCA\",\"photoVersion\":4,\"type\":\"image\"},\"slug\":\"https:\/\/www.radiopolar.com\/gabriel-marian-vocalista-rata-blanca-dreams-punta-arenas\",\"primaryAuthor\":{\"id\":\"65ea08428325aff9da63f8f9\",\"name\":\"Prensa Radio Polar\",\"authorName\":\"Prensa Radio Polar\",\"slug\":\"\/author\/prensa-radio-polar\"},\"datePublished\":\"2026-03-27 04:00:00\"},{\"title\":\"PAMELA ADRIAZOLA ASUME COMO SUPERINTENDENTA SUBROGANTE DE EDUCACI\u00d3N\",\"image\":{\"publicUrl\":\"https:\/\/s3-mspro.nyc3.digitaloceanspaces.com\/tenant\/658d9f90f0909def6c18fa2c\/mediaLibrary\/photo\/22090277-5aca-4197-b0a5-6ad5cce4b420.jpg\",\"privatePhotoUrlWithoutExtension\":\"tenant\/658d9f90f0909def6c18fa2c\/mediaLibrary\/photo\/22090277-5aca-4197-b0a5-6ad5cce4b420\",\"privatePhotoUrl\":\"tenant\/658d9f90f0909def6c18fa2c\/mediaLibrary\/photo\/22090277-5aca-4197-b0a5-6ad5cce4b420-medium-standard-q100.jpg?v=1774572923\",\"photoExtension\":\"jpg?v=1774572923\",\"name\":\"superintendenta(s)_horizontal\",\"photoVersion\":4,\"type\":\"image\"},\"slug\":\"https:\/\/www.radiopolar.com\/pamela-adriazola-asume-superintendenta-subrogante-educacion\",\"primaryAuthor\":{\"id\":\"65ea08428325aff9da63f8f9\",\"name\":\"Prensa Radio Polar\",\"authorName\":\"Prensa Radio Polar\",\"slug\":\"\/author\/prensa-radio-polar\"},\"datePublished\":\"2026-03-27 03:00:00\"},{\"title\":\"DECLARACI\u00d3N P\u00daBLICA | MIRADA REGIONAL FRENTE A UNA CRISIS\",\"image\":{\"publicUrl\":\"https:\/\/s3-mspro.nyc3.digitaloceanspaces.com\/tenant\/658d9f90f0909def6c18fa2c\/mediaLibrary\/photo\/80ab522d-b299-41d3-af5a-67770a911ab4.png\",\"privatePhotoUrlWithoutExtension\":\"tenant\/658d9f90f0909def6c18fa2c\/mediaLibrary\/photo\/80ab522d-b299-41d3-af5a-67770a911ab4\",\"privatePhotoUrl\":\"tenant\/658d9f90f0909def6c18fa2c\/mediaLibrary\/photo\/80ab522d-b299-41d3-af5a-67770a911ab4-medium-standard-q100.png?v=1722292554\",\"photoExtension\":\"png?v=1722292554\",\"name\":\"CPCMAGALLANES\",\"photoVersion\":4,\"type\":\"image\"},\"slug\":\"https:\/\/www.radiopolar.com\/declaracion-publica-mirada-regional-frente-crisis\",\"primaryAuthor\":{\"id\":\"65ea08428325aff9da63f8f9\",\"name\":\"Prensa Radio Polar\",\"authorName\":\"Prensa Radio Polar\",\"slug\":\"\/author\/prensa-radio-polar\"},\"datePublished\":\"2026-03-27 02:00:00\"},{\"title\":\"COLUMNA DE OPINI\u00d3N | EX CLUB H\u00cdPICO: CUANDO LA POL\u00cdTICA BORRA EL TRABAJO DEL ESTADO\",\"image\":{\"publicUrl\":\"https:\/\/s3-mspro.nyc3.digitaloceanspaces.com\/tenant\/658d9f90f0909def6c18fa2c\/mediaLibrary\/photo\/66173210-7037-4cb7-825a-a1176c3b68e2.jpg\",\"privatePhotoUrlWithoutExtension\":\"tenant\/658d9f90f0909def6c18fa2c\/mediaLibrary\/photo\/66173210-7037-4cb7-825a-a1176c3b68e2\",\"privatePhotoUrl\":\"tenant\/658d9f90f0909def6c18fa2c\/mediaLibrary\/photo\/66173210-7037-4cb7-825a-a1176c3b68e2-medium-standard-q100.jpg?v=1774571199\",\"photoExtension\":\"jpg?v=1774571199\",\"name\":\"marcouribesaldivia\",\"photoVersion\":4,\"type\":\"image\"},\"slug\":\"https:\/\/www.radiopolar.com\/columna-opinion-club-hipico-politica-borra\",\"primaryAuthor\":{\"id\":\"65ea08428325aff9da63f8f9\",\"name\":\"Prensa Radio Polar\",\"authorName\":\"Prensa Radio Polar\",\"slug\":\"\/author\/prensa-radio-polar\"},\"datePublished\":\"2026-03-27 01:00:00\"},{\"title\":\"DELEGADO MONCADA LIDERA SU PRIMER PLENARIO DE SERVICIOS P\u00daBLICOS EN LA PROVINCIA ANT\u00c1RTICA CHILENA\",\"image\":{\"publicUrl\":\"https:\/\/s3-mspro.nyc3.digitaloceanspaces.com\/tenant\/658d9f90f0909def6c18fa2c\/mediaLibrary\/photo\/bf8fbe17-4792-4af1-9b7b-978df7c84e2f.jpg\",\"privatePhotoUrlWithoutExtension\":\"tenant\/658d9f90f0909def6c18fa2c\/mediaLibrary\/photo\/bf8fbe17-4792-4af1-9b7b-978df7c84e2f\",\"privatePhotoUrl\":\"tenant\/658d9f90f0909def6c18fa2c\/mediaLibrary\/photo\/bf8fbe17-4792-4af1-9b7b-978df7c84e2f-medium-standard-q100.jpg?v=1774570192\",\"photoExtension\":\"jpg?v=1774570192\",\"name\":\"dppmoncada\",\"photoVersion\":4,\"type\":\"image\"},\"slug\":\"https:\/\/www.radiopolar.com\/delegado-moncada-lidera-plenario-servicios-publicos-provincia-antartica-chilena\",\"primaryAuthor\":{\"id\":\"65ea08428325aff9da63f8f9\",\"name\":\"Prensa Radio Polar\",\"authorName\":\"Prensa Radio Polar\",\"slug\":\"\/author\/prensa-radio-polar\"},\"datePublished\":\"2026-03-27 00:00:00\"},{\"title\":\"SERNAMEG EXTIENDE INSCRIPCIONES DEL PROGRAMA MUJER Y PARTICIPACI\u00d3N POL\u00cdTICA Y SOCIAL EN MAGALLANES\",\"image\":{\"publicUrl\":\"https:\/\/s3-mspro.nyc3.digitaloceanspaces.com\/tenant\/658d9f90f0909def6c18fa2c\/mediaLibrary\/photo\/c3632d5a-e172-467f-9802-94884743b18d.png\",\"privatePhotoUrlWithoutExtension\":\"tenant\/658d9f90f0909def6c18fa2c\/mediaLibrary\/photo\/c3632d5a-e172-467f-9802-94884743b18d\",\"privatePhotoUrl\":\"tenant\/658d9f90f0909def6c18fa2c\/mediaLibrary\/photo\/c3632d5a-e172-467f-9802-94884743b18d-medium-standard-q100.png?v=1774569554\",\"photoExtension\":\"png?v=1774569554\",\"name\":\"MPPS\",\"photoVersion\":4,\"type\":\"image\"},\"slug\":\"https:\/\/www.radiopolar.com\/sernameg-extiende-inscripciones-programa-mujer-participacion-politica-social-magallanes\",\"primaryAuthor\":{\"id\":\"65ea08428325aff9da63f8f9\",\"name\":\"Prensa Radio Polar\",\"authorName\":\"Prensa Radio Polar\",\"slug\":\"\/author\/prensa-radio-polar\"},\"datePublished\":\"2026-03-26 23:00:00\"},{\"title\":\"DELEGADA PRESIDENCIAL ERICKA FARIAS LLAMA A LA TRANQUILIDAD POR ALZA DE COMBUSTIBLES Y DESCARTA UN \u201cESTADO QUEBRADO\u201d\",\"image\":{\"publicUrl\":\"https:\/\/s3-mspro.nyc3.digitaloceanspaces.com\/tenant\/658d9f90f0909def6c18fa2c\/mediaLibrary\/photo\/bd96a7cc-13f0-4b5f-8ea7-c84c1c6bfc8d.jpeg\",\"privatePhotoUrlWithoutExtension\":\"tenant\/658d9f90f0909def6c18fa2c\/mediaLibrary\/photo\/bd96a7cc-13f0-4b5f-8ea7-c84c1c6bfc8d\",\"privatePhotoUrl\":\"tenant\/658d9f90f0909def6c18fa2c\/mediaLibrary\/photo\/bd96a7cc-13f0-4b5f-8ea7-c84c1c6bfc8d-medium-standard-q100.jpeg?v=1774579572\",\"photoExtension\":\"jpeg?v=1774579572\",\"name\":\"dppfarias\",\"photoVersion\":4,\"type\":\"image\"},\"slug\":\"https:\/\/www.radiopolar.com\/delegada-presidencial-ericka-farias-llama-tranquilidad-alza-combustibles-descarta-quebrado\",\"primaryAuthor\":{\"id\":\"65ea08428325aff9da63f8f9\",\"name\":\"Prensa Radio Polar\",\"authorName\":\"Prensa Radio Polar\",\"slug\":\"\/author\/prensa-radio-polar\"},\"datePublished\":\"2026-03-26 22:30:00\"},{\"title\":\"GOBIERNO NOMBRA A JOS\u00c9 IGNACIO MUJICA, SOCIO FUNDADOR DE AMERIS, COMO VICEPRESIDENTE EJECUTIVO DE CORFO\",\"image\":{\"publicUrl\":\"https:\/\/s3-mspro.nyc3.digitaloceanspaces.com\/tenant\/658d9f90f0909def6c18fa2c\/mediaLibrary\/photo\/407e6a8e-aeda-4878-b18c-d95df548ce35.jpeg\",\"privatePhotoUrlWithoutExtension\":\"tenant\/658d9f90f0909def6c18fa2c\/mediaLibrary\/photo\/407e6a8e-aeda-4878-b18c-d95df548ce35\",\"privatePhotoUrl\":\"tenant\/658d9f90f0909def6c18fa2c\/mediaLibrary\/photo\/407e6a8e-aeda-4878-b18c-d95df548ce35-medium-standard-q100.jpeg?v=1774567167\",\"photoExtension\":\"jpeg?v=1774567167\",\"name\":\"Jose_Mujica_-_Director_Private_Equity\",\"photoVersion\":4,\"type\":\"image\"},\"slug\":\"https:\/\/www.radiopolar.com\/gobierno-nombra-jose-ignacio-mujica-socio-fundador-ameris-vicepresidente-ejecutivo-corfo\",\"primaryAuthor\":{\"id\":\"65ea08428325aff9da63f8f9\",\"name\":\"Prensa Radio Polar\",\"authorName\":\"Prensa Radio Polar\",\"slug\":\"\/author\/prensa-radio-polar\"},\"datePublished\":\"2026-03-26 22:00:00\"},{\"title\":\"ALLAN STOWHAS ABORDA DEMORA EN NOMBRAMIENTOS DE SEREMIS Y ADVIERTE CRISIS NACIONAL QUE JUSTIFICA UN \u201cGOBIERNO DE EMERGENCIA\u201d\",\"image\":{\"publicUrl\":\"https:\/\/s3-mspro.nyc3.digitaloceanspaces.com\/tenant\/658d9f90f0909def6c18fa2c\/mediaLibrary\/photo\/18bd6cdf-c8dc-45f8-a5be-c1327c53cdcc.jpeg\",\"privatePhotoUrlWithoutExtension\":\"tenant\/658d9f90f0909def6c18fa2c\/mediaLibrary\/photo\/18bd6cdf-c8dc-45f8-a5be-c1327c53cdcc\",\"privatePhotoUrl\":\"tenant\/658d9f90f0909def6c18fa2c\/mediaLibrary\/photo\/18bd6cdf-c8dc-45f8-a5be-c1327c53cdcc-medium-standard-q100.jpeg?v=1774577285\",\"photoExtension\":\"jpeg?v=1774577285\",\"name\":\"astowhas\",\"photoVersion\":4,\"type\":\"image\"},\"slug\":\"https:\/\/www.radiopolar.com\/allan-stowhas-aborda-demora-nombramientos-seremis-advierte-crisis-nacional-justifica-gobierno-emergencia\",\"primaryAuthor\":{\"id\":\"65ea08428325aff9da63f8f9\",\"name\":\"Prensa Radio Polar\",\"authorName\":\"Prensa Radio Polar\",\"slug\":\"\/author\/prensa-radio-polar\"},\"datePublished\":\"2026-03-26 21:45:00\"},{\"title\":\"INSTITUTO BRIT\u00c1NICO INVITA A LA COMUNIDAD A SUMARSE A SUS CURSOS DE INGL\u00c9S 2026\",\"image\":{\"publicUrl\":\"https:\/\/s3-mspro.nyc3.digitaloceanspaces.com\/tenant\/658d9f90f0909def6c18fa2c\/mediaLibrary\/photo\/53128003-76d7-4534-b3f4-2621082074a6.jpeg\",\"privatePhotoUrlWithoutExtension\":\"tenant\/658d9f90f0909def6c18fa2c\/mediaLibrary\/photo\/53128003-76d7-4534-b3f4-2621082074a6\",\"privatePhotoUrl\":\"tenant\/658d9f90f0909def6c18fa2c\/mediaLibrary\/photo\/53128003-76d7-4534-b3f4-2621082074a6-medium-standard-q100.jpeg?v=1774576601\",\"photoExtension\":\"jpeg?v=1774576601\",\"name\":\"binstitute\",\"photoVersion\":4,\"type\":\"image\"},\"slug\":\"https:\/\/www.radiopolar.com\/instituto-britanico-invita-comunidad-sumarse-cursos-ingles-2026\",\"primaryAuthor\":{\"id\":\"65ea08428325aff9da63f8f9\",\"name\":\"Prensa Radio Polar\",\"authorName\":\"Prensa Radio Polar\",\"slug\":\"\/author\/prensa-radio-polar\"},\"datePublished\":\"2026-03-26 21:15:00\"},{\"title\":\"\"NO AFECTEMOS M\u00c1S A LA PATRIA\": CON LLAMADO A EVITAR PROTESTAS KAST FIRMA LEY DE EMERGENCIA ENERG\u00c9TICA\",\"image\":{\"publicUrl\":\"https:\/\/s3-mspro.nyc3.digitaloceanspaces.com\/tenant\/658d9f90f0909def6c18fa2c\/mediaLibrary\/photo\/f98b5d4e-012a-42f3-9887-21db77b03535.webp\",\"privatePhotoUrlWithoutExtension\":\"tenant\/658d9f90f0909def6c18fa2c\/mediaLibrary\/photo\/f98b5d4e-012a-42f3-9887-21db77b03535\",\"privatePhotoUrl\":\"tenant\/658d9f90f0909def6c18fa2c\/mediaLibrary\/photo\/f98b5d4e-012a-42f3-9887-21db77b03535-medium-standard-q100.webp?v=1774549620\",\"photoExtension\":\"webp?v=1774549620\",\"name\":\"22no-afectemos-mas-a-la-patria22-con-llamado-a-evitar-protestas-kast-firma-ley-de-emergencia-energetica-750x400\",\"photoVersion\":4,\"type\":\"image\"},\"slug\":\"https:\/\/www.radiopolar.com\/afectemos-patria-llamado-evitar-protestas-kast-firma-ley-emergencia-energetica\",\"primaryAuthor\":{\"id\":\"65ea08428325aff9da63f8f9\",\"name\":\"Prensa Radio Polar\",\"authorName\":\"Prensa Radio Polar\",\"slug\":\"\/author\/prensa-radio-polar\"},\"datePublished\":\"2026-03-26 21:00:00\"},{\"title\":\"LOS ATLETAS DE LA RISA Y SU CONTAGIOSO HUMOR EN DREAMS PUNTA ARENAS\",\"image\":{\"publicUrl\":\"https:\/\/s3-mspro.nyc3.digitaloceanspaces.com\/tenant\/658d9f90f0909def6c18fa2c\/mediaLibrary\/photo\/5469c2d6-36ad-4c76-b70f-83bbd0e2fd4d.jpg\",\"privatePhotoUrlWithoutExtension\":\"tenant\/658d9f90f0909def6c18fa2c\/mediaLibrary\/photo\/5469c2d6-36ad-4c76-b70f-83bbd0e2fd4d\",\"privatePhotoUrl\":\"tenant\/658d9f90f0909def6c18fa2c\/mediaLibrary\/photo\/5469c2d6-36ad-4c76-b70f-83bbd0e2fd4d-medium-standard-q100.jpg?v=1774549137\",\"photoExtension\":\"jpg?v=1774549137\",\"name\":\"FOTO ATLETAS DE LA RISA\",\"photoVersion\":4,\"type\":\"image\"},\"slug\":\"https:\/\/www.radiopolar.com\/atletas-risa-contagioso-humor-dreams-punta-arenas\",\"primaryAuthor\":{\"id\":\"65ea08428325aff9da63f8f9\",\"name\":\"Prensa Radio Polar\",\"authorName\":\"Prensa Radio Polar\",\"slug\":\"\/author\/prensa-radio-polar\"},\"datePublished\":\"2026-03-26 20:00:00\"},{\"title\":\"ADJUDICAN OBRAS DE MEJORAMIENTO DEL PARQUE MAR\u00cdA BEHETY\",\"image\":{\"publicUrl\":\"https:\/\/s3-mspro.nyc3.digitaloceanspaces.com\/tenant\/658d9f90f0909def6c18fa2c\/mediaLibrary\/photo\/f8223d45-76c4-44ec-bb96-0a595fc0b1d2.jpeg\",\"privatePhotoUrlWithoutExtension\":\"tenant\/658d9f90f0909def6c18fa2c\/mediaLibrary\/photo\/f8223d45-76c4-44ec-bb96-0a595fc0b1d2\",\"privatePhotoUrl\":\"tenant\/658d9f90f0909def6c18fa2c\/mediaLibrary\/photo\/f8223d45-76c4-44ec-bb96-0a595fc0b1d2-medium-standard-q100.jpeg?v=1774548779\",\"photoExtension\":\"jpeg?v=1774548779\",\"name\":\"PB 5\",\"photoVersion\":4,\"type\":\"image\"},\"slug\":\"https:\/\/www.radiopolar.com\/adjudican-obras-mejoramiento-parque-maria-behety\",\"primaryAuthor\":{\"id\":\"65ea08428325aff9da63f8f9\",\"name\":\"Prensa Radio Polar\",\"authorName\":\"Prensa Radio Polar\",\"slug\":\"\/author\/prensa-radio-polar\"},\"datePublished\":\"2026-03-26 19:00:00\"},{\"title\":\"CLUB NATALES SE ADJUDICA FONDO ENAP IMPULSA 2025 Y CONCRETA ALBERGUE DEPORTIVO PARA 24 PERSONAS\",\"image\":{\"publicUrl\":\"https:\/\/s3-mspro.nyc3.digitaloceanspaces.com\/tenant\/658d9f90f0909def6c18fa2c\/mediaLibrary\/photo\/75c082b0-00e1-4559-b31d-65b3d71c4b8d.jpeg\",\"privatePhotoUrlWithoutExtension\":\"tenant\/658d9f90f0909def6c18fa2c\/mediaLibrary\/photo\/75c082b0-00e1-4559-b31d-65b3d71c4b8d\",\"privatePhotoUrl\":\"tenant\/658d9f90f0909def6c18fa2c\/mediaLibrary\/photo\/75c082b0-00e1-4559-b31d-65b3d71c4b8d-medium-standard-q100.jpeg?v=1774548437\",\"photoExtension\":\"jpeg?v=1774548437\",\"name\":\"clubnatales\",\"photoVersion\":4,\"type\":\"image\"},\"slug\":\"https:\/\/www.radiopolar.com\/club-natales-adjudica-fondo-enap-impulsa-2025-concreta-albergue-deportivo-24-personas\",\"primaryAuthor\":{\"id\":\"65ea08428325aff9da63f8f9\",\"name\":\"Prensa Radio Polar\",\"authorName\":\"Prensa Radio Polar\",\"slug\":\"\/author\/prensa-radio-polar\"},\"datePublished\":\"2026-03-26 18:00:00\"},{\"title\":\"PRESENTAN GU\u00cdA T\u00c9CNICA QUE FORTALECE LA SEGURIDAD LABORAL EN LA INDUSTRIA DEL HIDR\u00d3GENO RENOVABLE\",\"image\":{\"publicUrl\":\"https:\/\/s3-mspro.nyc3.digitaloceanspaces.com\/tenant\/658d9f90f0909def6c18fa2c\/mediaLibrary\/photo\/ab976b44-8b16-4135-9598-50678664b977.JPG\",\"privatePhotoUrlWithoutExtension\":\"tenant\/658d9f90f0909def6c18fa2c\/mediaLibrary\/photo\/ab976b44-8b16-4135-9598-50678664b977\",\"privatePhotoUrl\":\"tenant\/658d9f90f0909def6c18fa2c\/mediaLibrary\/photo\/ab976b44-8b16-4135-9598-50678664b977-medium-standard-q100.jpg?v=1774548063\",\"photoExtension\":\"jpg?v=1774548063\",\"name\":\"Seminario UMAG 1\",\"photoVersion\":4,\"type\":\"image\"},\"slug\":\"https:\/\/www.radiopolar.com\/presentan-guia-tecnica-fortalece-seguridad-laboral-industria-hidrogeno-renovable\",\"primaryAuthor\":{\"id\":\"65ea08428325aff9da63f8f9\",\"name\":\"Prensa Radio Polar\",\"authorName\":\"Prensa Radio Polar\",\"slug\":\"\/author\/prensa-radio-polar\"},\"datePublished\":\"2026-03-26 17:00:00\"},{\"title\":\"SERVIU PRESENT\u00d3 A LA COMUNIDAD DE VILLA RENOVAL EL DISE\u00d1O PARA NUEVA PLAZA Y ESPACIOS P\u00daBLICOS\",\"image\":{\"publicUrl\":\"https:\/\/s3-mspro.nyc3.digitaloceanspaces.com\/tenant\/658d9f90f0909def6c18fa2c\/mediaLibrary\/photo\/74136a1b-b3e6-4048-bb90-919acc7f51c6.jpg\",\"privatePhotoUrlWithoutExtension\":\"tenant\/658d9f90f0909def6c18fa2c\/mediaLibrary\/photo\/74136a1b-b3e6-4048-bb90-919acc7f51c6\",\"privatePhotoUrl\":\"tenant\/658d9f90f0909def6c18fa2c\/mediaLibrary\/photo\/74136a1b-b3e6-4048-bb90-919acc7f51c6-medium-standard-q100.jpg?v=1774547785\",\"photoExtension\":\"jpg?v=1774547785\",\"name\":\"SERVIU - Dise\u00f1o plaza Villa Renoval_3\",\"photoVersion\":4,\"type\":\"image\"},\"slug\":\"https:\/\/www.radiopolar.com\/serviu-presento-comunidad-villa-renoval-diseno-plaza-espacios-publicos\",\"primaryAuthor\":{\"id\":\"65ea08428325aff9da63f8f9\",\"name\":\"Prensa Radio Polar\",\"authorName\":\"Prensa Radio Polar\",\"slug\":\"\/author\/prensa-radio-polar\"},\"datePublished\":\"2026-03-26 16:00:00\"},{\"title\":\"DPP DE \u00daLTIMA ESPERANZA LIBER LAZO DESTACA HITO DE SEGURIDAD LABORAL EN OBRA DEL PUENTE SOBRE EL R\u00cdO RUBENS\",\"image\":{\"publicUrl\":\"https:\/\/s3-mspro.nyc3.digitaloceanspaces.com\/tenant\/658d9f90f0909def6c18fa2c\/mediaLibrary\/photo\/ddb81aba-554d-4b94-8194-6e862f5a7dc7.jpg\",\"privatePhotoUrlWithoutExtension\":\"tenant\/658d9f90f0909def6c18fa2c\/mediaLibrary\/photo\/ddb81aba-554d-4b94-8194-6e862f5a7dc7\",\"privatePhotoUrl\":\"tenant\/658d9f90f0909def6c18fa2c\/mediaLibrary\/photo\/ddb81aba-554d-4b94-8194-6e862f5a7dc7-medium-standard-q100.jpg?v=1774547249\",\"photoExtension\":\"jpg?v=1774547249\",\"name\":\"dppseguridadlaboral\",\"photoVersion\":4,\"type\":\"image\"},\"slug\":\"https:\/\/www.radiopolar.com\/dpp-esperanza-liber-lazo-destaca-hito-seguridad-laboral-obra-puente-rio-rubens\",\"primaryAuthor\":{\"id\":\"65ea08428325aff9da63f8f9\",\"name\":\"Prensa Radio Polar\",\"authorName\":\"Prensa Radio Polar\",\"slug\":\"\/author\/prensa-radio-polar\"},\"datePublished\":\"2026-03-26 15:00:00\"},{\"title\":\"\u201cTENEMOS UNA OPORTUNIDAD GIGANTESCA\u201d: GOBERNADOR PARTICIPA DE LA FERIA ACU\u00cdCOLA M\u00c1S GRANDE DEL HEMISFERIO SUR Y GESTIONA BILATERAL ENTRE PESCADORES ARTESANALES Y SUBSECRETARIO DE PESCA\",\"image\":{\"publicUrl\":\"https:\/\/s3-mspro.nyc3.digitaloceanspaces.com\/tenant\/658d9f90f0909def6c18fa2c\/mediaLibrary\/photo\/f45cc3fe-c54e-4de6-9719-812702f1ddc5.jpeg\",\"privatePhotoUrlWithoutExtension\":\"tenant\/658d9f90f0909def6c18fa2c\/mediaLibrary\/photo\/f45cc3fe-c54e-4de6-9719-812702f1ddc5\",\"privatePhotoUrl\":\"tenant\/658d9f90f0909def6c18fa2c\/mediaLibrary\/photo\/f45cc3fe-c54e-4de6-9719-812702f1ddc5-medium-standard-q100.jpeg?v=1774546149\",\"photoExtension\":\"jpeg?v=1774546149\",\"name\":\"gobernadorconsejosalmon\",\"photoVersion\":4,\"type\":\"image\"},\"slug\":\"https:\/\/www.radiopolar.com\/oportunidad-gigantesca-gobernador-participa-feria-acuicola-grande-hemisferio-sur-gestiona-bilateral-pescadores-artesanales-subsecretario-pesca\",\"primaryAuthor\":{\"id\":\"65ea08428325aff9da63f8f9\",\"name\":\"Prensa Radio Polar\",\"authorName\":\"Prensa Radio Polar\",\"slug\":\"\/author\/prensa-radio-polar\"},\"datePublished\":\"2026-03-26 14:00:00\"},{\"title\":\"PORVENIRE\u00d1O FABI\u00c1N BARRIENTOS ANDRADE ES DESIGNADO SEREMI DE SALUD EN LA REGI\u00d3N DE MAGALLANES\",\"image\":{\"publicUrl\":\"https:\/\/s3-mspro.nyc3.digitaloceanspaces.com\/tenant\/658d9f90f0909def6c18fa2c\/mediaLibrary\/photo\/3064d355-e25c-4eb2-9640-a78180bc6f02.jpg\",\"privatePhotoUrlWithoutExtension\":\"tenant\/658d9f90f0909def6c18fa2c\/mediaLibrary\/photo\/3064d355-e25c-4eb2-9640-a78180bc6f02\",\"privatePhotoUrl\":\"tenant\/658d9f90f0909def6c18fa2c\/mediaLibrary\/photo\/3064d355-e25c-4eb2-9640-a78180bc6f02-medium-standard-q100.jpg?v=1774541634\",\"photoExtension\":\"jpg?v=1774541634\",\"name\":\"Fabia\u0301n Barrientos Andrade\",\"photoVersion\":4,\"type\":\"image\"},\"slug\":\"https:\/\/www.radiopolar.com\/porvenireno-fabian-barrientos-andrade-designado-seremi-salud-region-magallanes\",\"primaryAuthor\":{\"id\":\"65ea08428325aff9da63f8f9\",\"name\":\"Prensa Radio Polar\",\"authorName\":\"Prensa Radio Polar\",\"slug\":\"\/author\/prensa-radio-polar\"},\"datePublished\":\"2026-03-26 13:11:00\"},{\"title\":\"CONAF DECRETA CIERRE ANTICIPADO DEL CIRCUITO \u201cO\u201d EN TORRES DEL PAINE POR CONDICIONES CLIM\u00c1TICAS EXTREMAS\",\"image\":{\"publicUrl\":\"https:\/\/s3-mspro.nyc3.digitaloceanspaces.com\/tenant\/658d9f90f0909def6c18fa2c\/mediaLibrary\/photo\/123981-medium-standard-q100.jpg\",\"privatePhotoUrlWithoutExtension\":\"tenant\/658d9f90f0909def6c18fa2c\/mediaLibrary\/photo\/123981\",\"privatePhotoUrl\":\"tenant\/658d9f90f0909def6c18fa2c\/mediaLibrary\/photo\/123981-medium-standard-q100.jpg\",\"photoExtension\":\"jpg\",\"name\":\"SE REGISTR\u00d3 LEVE MOVIMIENTO S\u00cdSMICO EN PARQUE NACIONAL TORRES DEL PAINE\",\"photoVersion\":4,\"type\":\"image\"},\"slug\":\"https:\/\/www.radiopolar.com\/conaf-decreta-cierre-anticipado-circuito-torres-paine-condiciones-climaticas-extremas\",\"primaryAuthor\":{\"id\":\"65ea08428325aff9da63f8f9\",\"name\":\"Prensa Radio Polar\",\"authorName\":\"Prensa Radio Polar\",\"slug\":\"\/author\/prensa-radio-polar\"},\"datePublished\":\"2026-03-26 12:00:00\"},{\"title\":\"CLUB DEPORTIVO FLOWRUNNERS PRESENTA INDUMENTARIA DE COMPETICI\u00d3N Y OFICIALIZA A DOS RECONOCIDOS ENTRENADORES DEL ATLETISMO REGIONAL Y NACIONAL\",\"image\":{\"publicUrl\":\"https:\/\/s3-mspro.nyc3.digitaloceanspaces.com\/tenant\/658d9f90f0909def6c18fa2c\/mediaLibrary\/photo\/2b9eaade-c83f-48c7-bc93-5367095bbe2e.jpg\",\"privatePhotoUrlWithoutExtension\":\"tenant\/658d9f90f0909def6c18fa2c\/mediaLibrary\/photo\/2b9eaade-c83f-48c7-bc93-5367095bbe2e\",\"privatePhotoUrl\":\"tenant\/658d9f90f0909def6c18fa2c\/mediaLibrary\/photo\/2b9eaade-c83f-48c7-bc93-5367095bbe2e-medium-standard-q100.jpg?v=1774490357\",\"photoExtension\":\"jpg?v=1774490357\",\"name\":\"flowrunners\",\"photoVersion\":4,\"type\":\"image\"},\"slug\":\"https:\/\/www.radiopolar.com\/club-deportivo-flowrunners-presenta-indumentaria-competicion-oficializa-reconocidos-entrenadores-atletismo-regional-nacional\",\"primaryAuthor\":{\"id\":\"65ea08428325aff9da63f8f9\",\"name\":\"Prensa Radio Polar\",\"authorName\":\"Prensa Radio Polar\",\"slug\":\"\/author\/prensa-radio-polar\"},\"datePublished\":\"2026-03-26 11:00:00\"},{\"title\":\"AGIA INVITA A NUEVOS SOCIOS Y PROYECTA EXPO MAGALLANES 2027\",\"image\":{\"publicUrl\":\"https:\/\/s3-mspro.nyc3.digitaloceanspaces.com\/tenant\/658d9f90f0909def6c18fa2c\/mediaLibrary\/photo\/beb068f4-0678-4bb5-980d-000761584804.JPG\",\"privatePhotoUrlWithoutExtension\":\"tenant\/658d9f90f0909def6c18fa2c\/mediaLibrary\/photo\/beb068f4-0678-4bb5-980d-000761584804\",\"privatePhotoUrl\":\"tenant\/658d9f90f0909def6c18fa2c\/mediaLibrary\/photo\/beb068f4-0678-4bb5-980d-000761584804-medium-standard-q100.jpg?v=1767374157\",\"photoExtension\":\"jpg?v=1767374157\",\"name\":\"AGIA\",\"photoVersion\":4,\"type\":\"image\"},\"slug\":\"https:\/\/www.radiopolar.com\/agia-invita-socios-proyecta-expo-magallanes-2027\",\"primaryAuthor\":{\"id\":\"65ea08428325aff9da63f8f9\",\"name\":\"Prensa Radio Polar\",\"authorName\":\"Prensa Radio Polar\",\"slug\":\"\/author\/prensa-radio-polar\"},\"datePublished\":\"2026-03-26 10:00:00\"},{\"title\":\"LABORATORIO \"EMB. JORGE BERGU\u00d1O BARNES\" IMPULSA LA FORMACI\u00d3N DE CAPITAL HUMANO AVANZADO EN CIENCIA ANT\u00c1RTICA\",\"image\":{\"publicUrl\":\"https:\/\/s3-mspro.nyc3.digitaloceanspaces.com\/tenant\/658d9f90f0909def6c18fa2c\/mediaLibrary\/photo\/adc0dae5-d13e-454f-8c68-7ea62458328d.jpg\",\"privatePhotoUrlWithoutExtension\":\"tenant\/658d9f90f0909def6c18fa2c\/mediaLibrary\/photo\/adc0dae5-d13e-454f-8c68-7ea62458328d\",\"privatePhotoUrl\":\"tenant\/658d9f90f0909def6c18fa2c\/mediaLibrary\/photo\/adc0dae5-d13e-454f-8c68-7ea62458328d-medium-standard-q100.jpg?v=1774489743\",\"photoExtension\":\"jpg?v=1774489743\",\"name\":\"inachlaboratorio\",\"photoVersion\":4,\"type\":\"image\"},\"slug\":\"https:\/\/www.radiopolar.com\/laboratorio-emb-jorge-berguno-barnes-impulsa-formacion-capital-humano-avanzado-ciencia-antartica\",\"primaryAuthor\":{\"id\":\"65ea08428325aff9da63f8f9\",\"name\":\"Prensa Radio Polar\",\"authorName\":\"Prensa Radio Polar\",\"slug\":\"\/author\/prensa-radio-polar\"},\"datePublished\":\"2026-03-26 09:00:00\"},{\"title\":\"GONZALO ROSENFELD SEKULOVIC ES EL NUEVO SEREMI DE MEDIO AMBIENTE EN LA REGI\u00d3N DE MAGALLANES\",\"image\":{\"publicUrl\":\"https:\/\/s3-mspro.nyc3.digitaloceanspaces.com\/tenant\/658d9f90f0909def6c18fa2c\/mediaLibrary\/photo\/5b3d9051-8bd4-4d06-b55c-52ef54c8edfe.webp\",\"privatePhotoUrlWithoutExtension\":\"tenant\/658d9f90f0909def6c18fa2c\/mediaLibrary\/photo\/5b3d9051-8bd4-4d06-b55c-52ef54c8edfe\",\"privatePhotoUrl\":\"tenant\/658d9f90f0909def6c18fa2c\/mediaLibrary\/photo\/5b3d9051-8bd4-4d06-b55c-52ef54c8edfe-medium-standard-q100.webp?v=1774541279\",\"photoExtension\":\"webp?v=1774541279\",\"name\":\"gonzalo rosenfeld\",\"photoVersion\":4,\"type\":\"image\"},\"slug\":\"https:\/\/www.radiopolar.com\/gonzalo-rosenfeld-sekulovic-seremi-ambiente-region-magallanes\",\"primaryAuthor\":{\"id\":\"65ea08428325aff9da63f8f9\",\"name\":\"Prensa Radio Polar\",\"authorName\":\"Prensa Radio Polar\",\"slug\":\"\/author\/prensa-radio-polar\"},\"datePublished\":\"2026-03-26 08:30:00\"},{\"title\":\"PUNTA ARENAS REGISTR\u00d3 LA TEMPERATURA M\u00c1S BAJA EN LO QUE VA DEL 2026\",\"image\":{\"publicUrl\":\"https:\/\/s3-mspro.nyc3.digitaloceanspaces.com\/tenant\/658d9f90f0909def6c18fa2c\/mediaLibrary\/photo\/c9473b9f-bfd9-4ea3-9f7b-942c25b443b6.jpeg\",\"privatePhotoUrlWithoutExtension\":\"tenant\/658d9f90f0909def6c18fa2c\/mediaLibrary\/photo\/c9473b9f-bfd9-4ea3-9f7b-942c25b443b6\",\"privatePhotoUrl\":\"tenant\/658d9f90f0909def6c18fa2c\/mediaLibrary\/photo\/c9473b9f-bfd9-4ea3-9f7b-942c25b443b6-medium-standard-q100.jpeg?v=1742777120\",\"photoExtension\":\"jpeg?v=1742777120\",\"name\":\"puntaarenas\",\"photoVersion\":4,\"type\":\"image\"},\"slug\":\"https:\/\/www.radiopolar.com\/punta-arenas-registro-temperatura-baja-2026\",\"primaryAuthor\":{\"id\":\"65ea08428325aff9da63f8f9\",\"name\":\"Prensa Radio Polar\",\"authorName\":\"Prensa Radio Polar\",\"slug\":\"\/author\/prensa-radio-polar\"},\"datePublished\":\"2026-03-26 08:00:00\"},{\"title\":\"SERVIU INFORMA AVANCE DE OBRAS Y PROGRAMACI\u00d3N DE NUEVOS FRENTES DE TRABAJO EN AVENIDA BULNES\",\"image\":{\"publicUrl\":\"https:\/\/s3-mspro.nyc3.digitaloceanspaces.com\/tenant\/658d9f90f0909def6c18fa2c\/mediaLibrary\/photo\/578913b8-9021-4bbf-8d19-c2bb4d59438c.jpg\",\"privatePhotoUrlWithoutExtension\":\"tenant\/658d9f90f0909def6c18fa2c\/mediaLibrary\/photo\/578913b8-9021-4bbf-8d19-c2bb4d59438c\",\"privatePhotoUrl\":\"tenant\/658d9f90f0909def6c18fa2c\/mediaLibrary\/photo\/578913b8-9021-4bbf-8d19-c2bb4d59438c-medium-standard-q100.jpg?v=1774488868\",\"photoExtension\":\"jpg?v=1774488868\",\"name\":\"SERVIU - T\u00e9rmino de obras en avenida Bulnes_2\",\"photoVersion\":4,\"type\":\"image\"},\"slug\":\"https:\/\/www.radiopolar.com\/serviu-informa-avance-obras-programacion-frentes-avenida-bulnes\",\"primaryAuthor\":{\"id\":\"65ea08428325aff9da63f8f9\",\"name\":\"Prensa Radio Polar\",\"authorName\":\"Prensa Radio Polar\",\"slug\":\"\/author\/prensa-radio-polar\"},\"datePublished\":\"2026-03-26 07:00:00\"},{\"title\":\"MUNICIPIOS DE PUNTA ARENAS Y TUCAPEL FIRMAN CONVENIO\",\"image\":{\"publicUrl\":\"https:\/\/s3-mspro.nyc3.digitaloceanspaces.com\/tenant\/658d9f90f0909def6c18fa2c\/mediaLibrary\/photo\/3a8ea428-4f52-410e-a01e-064e70a82f64.jpeg\",\"privatePhotoUrlWithoutExtension\":\"tenant\/658d9f90f0909def6c18fa2c\/mediaLibrary\/photo\/3a8ea428-4f52-410e-a01e-064e70a82f64\",\"privatePhotoUrl\":\"tenant\/658d9f90f0909def6c18fa2c\/mediaLibrary\/photo\/3a8ea428-4f52-410e-a01e-064e70a82f64-medium-standard-q100.jpeg?v=1774488195\",\"photoExtension\":\"jpeg?v=1774488195\",\"name\":\"TP 1\",\"photoVersion\":4,\"type\":\"image\"},\"slug\":\"https:\/\/www.radiopolar.com\/municipios-punta-arenas-tucapel-firman-convenio\",\"primaryAuthor\":{\"id\":\"65ea08428325aff9da63f8f9\",\"name\":\"Prensa Radio Polar\",\"authorName\":\"Prensa Radio Polar\",\"slug\":\"\/author\/prensa-radio-polar\"},\"datePublished\":\"2026-03-26 06:00:00\"},{\"title\":\"CHARLIE CLARK CONTIN\u00daA RODAJE DE DOCUMENTAL SOBRE OVNIS EN REGI\u00d3N DE MAGALLANES\",\"image\":{\"publicUrl\":\"https:\/\/s3-mspro.nyc3.digitaloceanspaces.com\/tenant\/658d9f90f0909def6c18fa2c\/mediaLibrary\/photo\/07b6bf6c-1c12-4afb-ae6f-ec486bb59783.jpg\",\"privatePhotoUrlWithoutExtension\":\"tenant\/658d9f90f0909def6c18fa2c\/mediaLibrary\/photo\/07b6bf6c-1c12-4afb-ae6f-ec486bb59783\",\"privatePhotoUrl\":\"tenant\/658d9f90f0909def6c18fa2c\/mediaLibrary\/photo\/07b6bf6c-1c12-4afb-ae6f-ec486bb59783-medium-standard-q100.jpg?v=1774487118\",\"photoExtension\":\"jpg?v=1774487118\",\"name\":\"Charlie-Clark-continua-rodaje-de-documental-sobre-OVNIS-en-Region-de-Magallanes\",\"photoVersion\":4,\"type\":\"image\"},\"slug\":\"https:\/\/www.radiopolar.com\/charlie-clark-continua-rodaje-documental-ovnis-region-magallanes\",\"primaryAuthor\":{\"id\":\"65ea08428325aff9da63f8f9\",\"name\":\"Prensa Radio Polar\",\"authorName\":\"Prensa Radio Polar\",\"slug\":\"\/author\/prensa-radio-polar\"},\"datePublished\":\"2026-03-26 05:00:00\"},{\"title\":\"IMPULSO DIRECTIVO 2026: RECONOCEN A DIRECTORA DE LA ESCUELA MANUEL BULNES EN PROGRAMA NACIONAL DE FORMACI\u00d3N EDUCATIVA\",\"image\":{\"publicUrl\":\"https:\/\/s3-mspro.nyc3.digitaloceanspaces.com\/tenant\/658d9f90f0909def6c18fa2c\/mediaLibrary\/photo\/e97daa1f-278d-47c9-86a3-d3db236a7c1d.jpeg\",\"privatePhotoUrlWithoutExtension\":\"tenant\/658d9f90f0909def6c18fa2c\/mediaLibrary\/photo\/e97daa1f-278d-47c9-86a3-d3db236a7c1d\",\"privatePhotoUrl\":\"tenant\/658d9f90f0909def6c18fa2c\/mediaLibrary\/photo\/e97daa1f-278d-47c9-86a3-d3db236a7c1d-medium-standard-q100.jpeg?v=1774482102\",\"photoExtension\":\"jpeg?v=1774482102\",\"name\":\"directoramanuelbulnes\",\"photoVersion\":4,\"type\":\"image\"},\"slug\":\"https:\/\/www.radiopolar.com\/impulso-directivo-2026-reconocen-directora-escuela-manuel-bulnes-programa-nacional-formacion-educativa\",\"primaryAuthor\":{\"id\":\"65ea08428325aff9da63f8f9\",\"name\":\"Prensa Radio Polar\",\"authorName\":\"Prensa Radio Polar\",\"slug\":\"\/author\/prensa-radio-polar\"},\"datePublished\":\"2026-03-26 04:00:00\"},{\"title\":\"ART\u00cdCULO DE INVESTIGADOR MAGALL\u00c1NICO SOBRE LA GESTI\u00d3N IND\u00cdGENA MARINA DE NACI\u00d3N HAIDA FUE NOMINADO A DESTACADO PREMIO RACHEL CARSON\",\"image\":{\"publicUrl\":\"https:\/\/s3-mspro.nyc3.digitaloceanspaces.com\/tenant\/658d9f90f0909def6c18fa2c\/mediaLibrary\/photo\/7941340f-d027-41f3-bdde-67e0078bf37b.jpg\",\"privatePhotoUrlWithoutExtension\":\"tenant\/658d9f90f0909def6c18fa2c\/mediaLibrary\/photo\/7941340f-d027-41f3-bdde-67e0078bf37b\",\"privatePhotoUrl\":\"tenant\/658d9f90f0909def6c18fa2c\/mediaLibrary\/photo\/7941340f-d027-41f3-bdde-67e0078bf37b-medium-standard-q100.jpg?v=1774479362\",\"photoExtension\":\"jpg?v=1774479362\",\"name\":\"investigadormagallanico\",\"photoVersion\":4,\"type\":\"image\"},\"slug\":\"https:\/\/www.radiopolar.com\/articulo-investigador-magallanico-gestion-indigena-marina-nacion-haida-nominado-destacado-premio-rachel-carson\",\"primaryAuthor\":{\"id\":\"65ea08428325aff9da63f8f9\",\"name\":\"Prensa Radio Polar\",\"authorName\":\"Prensa Radio Polar\",\"slug\":\"\/author\/prensa-radio-polar\"},\"datePublished\":\"2026-03-26 03:00:00\"},{\"title\":\"CONCEJAL GERM\u00c1N FLORES: \u201cEL MAYOR COSTO LO PAGAR\u00c1N LAS FAMILIAS M\u00c1S POBRES DE NUESTRA COMUNA\u201d\",\"image\":{\"publicUrl\":\"https:\/\/s3-mspro.nyc3.digitaloceanspaces.com\/tenant\/658d9f90f0909def6c18fa2c\/mediaLibrary\/photo\/c6054600-ac7d-4000-ac1a-1b2efb38db20.jpg\",\"privatePhotoUrlWithoutExtension\":\"tenant\/658d9f90f0909def6c18fa2c\/mediaLibrary\/photo\/c6054600-ac7d-4000-ac1a-1b2efb38db20\",\"privatePhotoUrl\":\"tenant\/658d9f90f0909def6c18fa2c\/mediaLibrary\/photo\/c6054600-ac7d-4000-ac1a-1b2efb38db20-medium-standard-q100.jpg?v=1774186641\",\"photoExtension\":\"jpg?v=1774186641\",\"name\":\"Concejal Germ\u00e1n Flores\",\"photoVersion\":4,\"type\":\"image\"},\"slug\":\"https:\/\/www.radiopolar.com\/concejal-german-flores-costo-pagaran-familias-pobres-comuna\",\"primaryAuthor\":{\"id\":\"65ea08428325aff9da63f8f9\",\"name\":\"Prensa Radio Polar\",\"authorName\":\"Prensa Radio Polar\",\"slug\":\"\/author\/prensa-radio-polar\"},\"datePublished\":\"2026-03-26 02:00:00\"}]}},{\"i\":\"68a30f96-fa78-4ced-9202-ba017c993485\",\"x\":77,\"y\":3,\"w\":20,\"h\":258,\"id\":\"6598322b593b0ab5a9c16227\",\"name\":\"Componente Widget Banner 1x1\",\"gridCols\":100,\"type\":\"component\",\"data\":{\"displayConfig\":{\"offset\":9,\"limit\":12,\"filterBy\":\"widgets\",\"type\":\"ads\",\"keywords\":[{\"id\":\"65ef180f18fb253977f78cc2\",\"label\":\"Portada Laterales\"}],\"adType\":\"banner\",\"enabledLayer\":true,\"verticalGutter\":3,\"widgetsOrderBy\":\"position\",\"sortBy\":\"asc\"},\"customConfig\":{\"lg\":{\"box-5c855846-d7ab-4946-985d-cfc1dd3cd47fConfig\":{\"changeWidget\":\"box\",\"backgroundColor\":\"#d1d5dbff\"},\"box-5c855846-d7ab-4946-985d-cfc1dd3cd47fLayerOne\":{\"enabled\":true},\"avatar-d115f0f5-9555-46bb-bcb2-054e47ef3e47Config\":{\"changeWidget\":\"avatar\",\"openType\":\"redirectUrl\",\"targetBlank\":true},\"avatar-d115f0f5-9555-46bb-bcb2-054e47ef3e47AttributeFill\":{\"fillOption\":\"widget\",\"attributeFill\":[{\"title\":\"image\",\"canDelete\":true}]}}},\"content\":{\"layouts\":{\"lg\":[{\"i\":\"5c855846-d7ab-4946-985d-cfc1dd3cd47f\",\"x\":0,\"y\":0,\"w\":100,\"h\":100,\"type\":\"widget\",\"framework\":\"mui\",\"data\":\"box\"},{\"i\":\"d115f0f5-9555-46bb-bcb2-054e47ef3e47\",\"x\":3,\"y\":3,\"w\":94,\"h\":94,\"type\":\"widget\",\"framework\":\"mui\",\"data\":\"avatar\"}]}},\"rows\":[{\"name\":\"Portada Laterales 8 ALTAS CUMBRES\",\"image\":{\"publicUrl\":\"https:\/\/s3-mspro.nyc3.digitaloceanspaces.com\/tenant\/658d9f90f0909def6c18fa2c\/mediaLibrary\/photo\/8b219a8a-2ac9-4e29-9667-f400fd161336.gif\",\"privatePhotoUrlWithoutExtension\":\"tenant\/658d9f90f0909def6c18fa2c\/mediaLibrary\/photo\/8b219a8a-2ac9-4e29-9667-f400fd161336\",\"privatePhotoUrl\":\"tenant\/658d9f90f0909def6c18fa2c\/mediaLibrary\/photo\/8b219a8a-2ac9-4e29-9667-f400fd161336.gif\",\"photoExtension\":\"gif\",\"type\":\"image\",\"name\":\"ALTAS CUMBRES-336x336-1\",\"updatedAt\":\"2025-12-24T12:10:53.000Z\",\"photoVersion\":4},\"redirectUrl\":\"https:\/\/www.altas-cumbres.cl\/proyecto\/alto-bulnes?utm=GOOGLE-ADWS-ALTOBULNESu0026gad_source=1u0026gad_campaignid=1339991720u0026gbraid=0AAAAADBDygwIPL9kCHKTvt77hrjE4sGTou0026gclid=CjwKCAiAu67KBhAkEiwAY0jAlYG6nKOocbdzw1LPTyQeHToMC2Fg0k7AZaKK3O9SpaciCaDXwuaDMxoCZFUQAvD_BwE\"},{\"name\":\"Portada Laterales 12 \/ 336x336: CORCORAN EXPRESS\",\"image\":{\"publicUrl\":\"https:\/\/s3-mspro.nyc3.digitaloceanspaces.com\/tenant\/658d9f90f0909def6c18fa2c\/mediaLibrary\/photo\/eb5c7e6d-5920-4d35-a286-e5822d693567.jpg\",\"privatePhotoUrlWithoutExtension\":\"tenant\/658d9f90f0909def6c18fa2c\/mediaLibrary\/photo\/eb5c7e6d-5920-4d35-a286-e5822d693567\",\"privatePhotoUrl\":\"tenant\/658d9f90f0909def6c18fa2c\/mediaLibrary\/photo\/eb5c7e6d-5920-4d35-a286-e5822d693567-medium-standard-q100.jpg?v=1713470653\",\"photoExtension\":\"jpg?v=1713470653\",\"type\":\"image\",\"name\":\"BANNER CORCORANEXPRES_336X336PX\",\"updatedAt\":\"2024-04-18T20:04:13.150Z\",\"photoVersion\":4},\"redirectUrl\":\"https:\/\/www.corcoran.cl\/\"},{\"name\":\"Portada Laterales 13 \/ 336x336: SANTO TOMAS\",\"image\":{\"publicUrl\":\"https:\/\/s3-mspro.nyc3.digitaloceanspaces.com\/tenant\/658d9f90f0909def6c18fa2c\/mediaLibrary\/photo\/e6669482-1a0b-44a3-b3c5-ca7d70c96b51.jpg\",\"privatePhotoUrlWithoutExtension\":\"tenant\/658d9f90f0909def6c18fa2c\/mediaLibrary\/photo\/e6669482-1a0b-44a3-b3c5-ca7d70c96b51\",\"privatePhotoUrl\":\"tenant\/658d9f90f0909def6c18fa2c\/mediaLibrary\/photo\/e6669482-1a0b-44a3-b3c5-ca7d70c96b51-medium-standard-q100.jpg?v=1720022825\",\"photoExtension\":\"jpg?v=1720022825\",\"type\":\"image\",\"name\":\"SANTO TOMAS 250X250\",\"updatedAt\":\"2024-07-03T16:07:05.105Z\",\"photoVersion\":4},\"redirectUrl\":\"https:\/\/www.tupuedes.cl\/sedes\/punta-arenas\/\"},{\"name\":\"Portada Laterales 15 \/ 336x336: PESCA CHILE\",\"image\":{\"publicUrl\":\"https:\/\/s3-mspro.nyc3.digitaloceanspaces.com\/tenant\/658d9f90f0909def6c18fa2c\/mediaLibrary\/photo\/7f3f9a22-ce0d-4f58-815e-211fcd934ca5.png\",\"privatePhotoUrlWithoutExtension\":\"tenant\/658d9f90f0909def6c18fa2c\/mediaLibrary\/photo\/7f3f9a22-ce0d-4f58-815e-211fcd934ca5\",\"privatePhotoUrl\":\"tenant\/658d9f90f0909def6c18fa2c\/mediaLibrary\/photo\/7f3f9a22-ce0d-4f58-815e-211fcd934ca5-medium-standard-q100.png?v=1719331664\",\"photoExtension\":\"png?v=1719331664\",\"type\":\"image\",\"name\":\"PESCA CHILE 250X250\",\"updatedAt\":\"2024-06-25T16:07:44.342Z\",\"photoVersion\":4},\"redirectUrl\":\"https:\/\/www.pescachile.cl\/\"},{\"name\":\"Portada Laterales 15 \/ 336x336: JORDAN\",\"image\":{\"publicUrl\":\"https:\/\/s3-mspro.nyc3.digitaloceanspaces.com\/tenant\/658d9f90f0909def6c18fa2c\/mediaLibrary\/photo\/1d108284-bbe5-4a6f-a2d5-db5ccd237bc6.jpg\",\"privatePhotoUrlWithoutExtension\":\"tenant\/658d9f90f0909def6c18fa2c\/mediaLibrary\/photo\/1d108284-bbe5-4a6f-a2d5-db5ccd237bc6\",\"privatePhotoUrl\":\"tenant\/658d9f90f0909def6c18fa2c\/mediaLibrary\/photo\/1d108284-bbe5-4a6f-a2d5-db5ccd237bc6-medium-standard-q100.jpg?v=1738335413\",\"photoExtension\":\"jpg?v=1738335413\",\"type\":\"image\",\"name\":\"BANNER Jordan-250x250- copia\",\"updatedAt\":\"2025-01-31T14:56:53.609Z\",\"photoVersion\":4},\"redirectUrl\":\"https:\/\/web.facebook.com\/djordanonline?_rdc=1u0026_rdr\"},{\"name\":\"Portada Laterales 16 \/ 336x336: COVEPA\",\"image\":{\"publicUrl\":\"https:\/\/s3-mspro.nyc3.digitaloceanspaces.com\/tenant\/658d9f90f0909def6c18fa2c\/mediaLibrary\/photo\/8e7b0c96-cca5-4fbd-9779-504c3767f761.jpg\",\"privatePhotoUrlWithoutExtension\":\"tenant\/658d9f90f0909def6c18fa2c\/mediaLibrary\/photo\/8e7b0c96-cca5-4fbd-9779-504c3767f761\",\"privatePhotoUrl\":\"tenant\/658d9f90f0909def6c18fa2c\/mediaLibrary\/photo\/8e7b0c96-cca5-4fbd-9779-504c3767f761-medium-standard-q100.jpg?v=1772453080\",\"photoExtension\":\"jpg?v=1772453080\",\"type\":\"image\",\"name\":\"COVEPA 336X336PX\",\"updatedAt\":\"2026-03-02T12:04:40.118Z\",\"photoVersion\":4},\"redirectUrl\":\"https:\/\/www.covepa.cl\/\"},{\"name\":\"Portada Laterales 17 \/ 336x336: PAX\",\"image\":{\"publicUrl\":\"https:\/\/s3-mspro.nyc3.digitaloceanspaces.com\/tenant\/658d9f90f0909def6c18fa2c\/mediaLibrary\/photo\/2bb980e4-dbba-4096-bc81-8708a29b8021.gif\",\"privatePhotoUrlWithoutExtension\":\"tenant\/658d9f90f0909def6c18fa2c\/mediaLibrary\/photo\/2bb980e4-dbba-4096-bc81-8708a29b8021\",\"privatePhotoUrl\":\"tenant\/658d9f90f0909def6c18fa2c\/mediaLibrary\/photo\/2bb980e4-dbba-4096-bc81-8708a29b8021.gif\",\"photoExtension\":\"gif\",\"type\":\"image\",\"name\":\"PAX\",\"updatedAt\":\"2025-09-25T11:51:10.571Z\",\"photoVersion\":4},\"redirectUrl\":\"https:\/\/www.pax2.org\/es\"},{\"name\":\"Portada Laterales 18 \/ 336x336: britanico\",\"image\":{\"publicUrl\":\"https:\/\/s3-mspro.nyc3.digitaloceanspaces.com\/tenant\/658d9f90f0909def6c18fa2c\/mediaLibrary\/photo\/3c5f9691-ec15-4af0-8506-6cda30d11596.gif\",\"privatePhotoUrlWithoutExtension\":\"tenant\/658d9f90f0909def6c18fa2c\/mediaLibrary\/photo\/3c5f9691-ec15-4af0-8506-6cda30d11596\",\"privatePhotoUrl\":\"tenant\/658d9f90f0909def6c18fa2c\/mediaLibrary\/photo\/3c5f9691-ec15-4af0-8506-6cda30d11596.gif\",\"photoExtension\":\"gif\",\"type\":\"image\",\"name\":\"BRITANICO GIF (1)\",\"updatedAt\":\"2026-03-23T13:42:10.562Z\",\"photoVersion\":4},\"redirectUrl\":\"https:\/\/britishinstitute.cl\/\"},{\"name\":\"Portada Laterales 19 \/ 336x336: PUBLICITE AQUI\",\"image\":{\"publicUrl\":\"https:\/\/s3-mspro.nyc3.digitaloceanspaces.com\/tenant\/658d9f90f0909def6c18fa2c\/mediaLibrary\/photo\/62511628-f4c9-46b4-a776-53a87b74bb5b.gif\",\"privatePhotoUrlWithoutExtension\":\"tenant\/658d9f90f0909def6c18fa2c\/mediaLibrary\/photo\/62511628-f4c9-46b4-a776-53a87b74bb5b\",\"privatePhotoUrl\":\"tenant\/658d9f90f0909def6c18fa2c\/mediaLibrary\/photo\/62511628-f4c9-46b4-a776-53a87b74bb5b.gif\",\"photoExtension\":\"gif\",\"type\":\"image\",\"name\":\"publicite\",\"updatedAt\":\"2025-10-28T20:44:33.613Z\",\"photoVersion\":4},\"redirectUrl\":\"https:\/\/www.radiopolar.com\/\"},{\"name\":\"Portada Laterales 21 \/ 336x336: PUBLICITE AQUI\",\"image\":{\"publicUrl\":\"https:\/\/s3-mspro.nyc3.digitaloceanspaces.com\/tenant\/658d9f90f0909def6c18fa2c\/mediaLibrary\/photo\/62511628-f4c9-46b4-a776-53a87b74bb5b.gif\",\"privatePhotoUrlWithoutExtension\":\"tenant\/658d9f90f0909def6c18fa2c\/mediaLibrary\/photo\/62511628-f4c9-46b4-a776-53a87b74bb5b\",\"privatePhotoUrl\":\"tenant\/658d9f90f0909def6c18fa2c\/mediaLibrary\/photo\/62511628-f4c9-46b4-a776-53a87b74bb5b.gif\",\"photoExtension\":\"gif\",\"type\":\"image\",\"name\":\"publicite\",\"updatedAt\":\"2025-10-28T20:44:33.613Z\",\"photoVersion\":4},\"redirectUrl\":\"https:\/\/www.radiopolar.com\/\"},{\"name\":\"Portada Laterales 22 \/ 336x336: PUBLICITE AQUI\",\"image\":{\"publicUrl\":\"https:\/\/s3-mspro.nyc3.digitaloceanspaces.com\/tenant\/658d9f90f0909def6c18fa2c\/mediaLibrary\/photo\/fbdaf73b-c17f-4a9c-ae0f-7fd8e9b6a19f.png\",\"privatePhotoUrlWithoutExtension\":\"tenant\/658d9f90f0909def6c18fa2c\/mediaLibrary\/photo\/fbdaf73b-c17f-4a9c-ae0f-7fd8e9b6a19f\",\"privatePhotoUrl\":\"tenant\/658d9f90f0909def6c18fa2c\/mediaLibrary\/photo\/fbdaf73b-c17f-4a9c-ae0f-7fd8e9b6a19f-medium-standard-q100.png?v=1762343366\",\"photoExtension\":\"png?v=1762343366\",\"type\":\"image\",\"name\":\"PUBLICITEAQUI336X336\",\"updatedAt\":\"2025-11-05T11:49:26.955Z\",\"photoVersion\":4},\"redirectUrl\":\"https:\/\/www.radiopolar.com\/\"},{\"name\":\"Portada Laterales 24 \/ 336x336: PUBLICITE AQUI\",\"image\":{\"publicUrl\":\"https:\/\/s3-mspro.nyc3.digitaloceanspaces.com\/tenant\/658d9f90f0909def6c18fa2c\/mediaLibrary\/photo\/aaf42ea0-e660-4235-b5a2-25d9e264b191.png\",\"privatePhotoUrlWithoutExtension\":\"tenant\/658d9f90f0909def6c18fa2c\/mediaLibrary\/photo\/aaf42ea0-e660-4235-b5a2-25d9e264b191\",\"privatePhotoUrl\":\"tenant\/658d9f90f0909def6c18fa2c\/mediaLibrary\/photo\/aaf42ea0-e660-4235-b5a2-25d9e264b191-medium-standard-q100.png?v=1738677593\",\"photoExtension\":\"png?v=1738677593\",\"type\":\"image\",\"name\":\"PUBLICITEAQUI336X336\",\"updatedAt\":\"2025-02-04T13:59:53.675Z\",\"photoVersion\":4},\"redirectUrl\":\"https:\/\/www.radiopolar.com\/\"}]}}]}}},{\"id\":\"659daaf7459dea3ff9b3719c\",\"name\":\"Contenedor Publicidad 3\",\"active\":true,\"renderAs\":\"server\",\"gridCols\":{\"lg\":100,\"md\":100,\"xs\":100,\"daily\":100},\"marginTop\":-100,\"content\":{\"config\":{\"lg\":{\"compactType\":\"horizontal\"}},\"layouts\":{\"lg\":[{\"i\":\"ba43141e-0f74-41fc-8bbb-6b0e6aec8dc2\",\"x\":3,\"y\":9,\"w\":11,\"h\":11,\"id\":\"659d97dc459dea7b15b36d88\",\"name\":\"Componente Widget Banner 1x1 Banner Peque\u00f1o\",\"gridCols\":100,\"type\":\"component\",\"data\":{\"displayConfig\":{\"filterBy\":\"widgets\",\"type\":\"ads\",\"adType\":\"banner\",\"widgetsOrderBy\":\"position\",\"sortBy\":\"asc\",\"keywords\":[{\"id\":\"65ef1f3118fb250be3f78d31\",\"label\":\"Portada Separador 2 Noticias Por D\u00eda\"}],\"offset\":0,\"limit\":1},\"customConfig\":{\"lg\":{\"box-5c855846-d7ab-4946-985d-cfc1dd3cd47fConfig\":{\"changeWidget\":\"box\",\"backgroundColor\":\"#d1d5dbff\"},\"box-5c855846-d7ab-4946-985d-cfc1dd3cd47fLayerOne\":{\"enabled\":true},\"avatar-d115f0f5-9555-46bb-bcb2-054e47ef3e47Config\":{\"changeWidget\":\"avatar\",\"openType\":\"redirectUrl\",\"targetBlank\":true},\"avatar-d115f0f5-9555-46bb-bcb2-054e47ef3e47AttributeFill\":{\"fillOption\":\"widget\",\"attributeFill\":[{\"title\":\"image\",\"canDelete\":true}]}}},\"content\":{\"layouts\":{\"lg\":[{\"i\":\"5c855846-d7ab-4946-985d-cfc1dd3cd47f\",\"x\":0,\"y\":0,\"w\":100,\"h\":100,\"type\":\"widget\",\"framework\":\"mui\",\"data\":\"box\"},{\"i\":\"d115f0f5-9555-46bb-bcb2-054e47ef3e47\",\"x\":5,\"y\":4,\"w\":90,\"h\":90,\"type\":\"widget\",\"framework\":\"mui\",\"data\":\"avatar\"}]}},\"rows\":[{\"name\":\"Portada Separador 2 Noticias Por D\u00eda 1 \/ 250x250 PUBLICITE AQUI\",\"image\":{\"publicUrl\":\"https:\/\/s3-mspro.nyc3.digitaloceanspaces.com\/tenant\/658d9f90f0909def6c18fa2c\/mediaLibrary\/photo\/fbdaf73b-c17f-4a9c-ae0f-7fd8e9b6a19f.png\",\"privatePhotoUrlWithoutExtension\":\"tenant\/658d9f90f0909def6c18fa2c\/mediaLibrary\/photo\/fbdaf73b-c17f-4a9c-ae0f-7fd8e9b6a19f\",\"privatePhotoUrl\":\"tenant\/658d9f90f0909def6c18fa2c\/mediaLibrary\/photo\/fbdaf73b-c17f-4a9c-ae0f-7fd8e9b6a19f-medium-standard-q100.png?v=1762343366\",\"photoExtension\":\"png?v=1762343366\",\"type\":\"image\",\"name\":\"PUBLICITEAQUI336X336\",\"updatedAt\":\"2025-11-05T11:49:26.955Z\",\"photoVersion\":4},\"redirectUrl\":\"https:\/\/www.radiopolar.com\/\"}]}},{\"i\":\"68a2bde6-4c4b-4a25-a210-dafd78c28aaa\",\"x\":15,\"y\":9,\"w\":11,\"h\":11,\"id\":\"659d97dc459dea7b15b36d88\",\"name\":\"Componente Widget Banner 1x1 Banner Peque\u00f1o\",\"gridCols\":100,\"type\":\"component\",\"data\":{\"displayConfig\":{\"filterBy\":\"widgets\",\"type\":\"ads\",\"adType\":\"banner\",\"widgetsOrderBy\":\"position\",\"sortBy\":\"asc\",\"keywords\":[{\"id\":\"65ef1f3118fb250be3f78d31\",\"label\":\"Portada Separador 2 Noticias Por D\u00eda\"}],\"offset\":1,\"limit\":1},\"customConfig\":{\"lg\":{\"box-5c855846-d7ab-4946-985d-cfc1dd3cd47fConfig\":{\"changeWidget\":\"box\",\"backgroundColor\":\"#d1d5dbff\"},\"box-5c855846-d7ab-4946-985d-cfc1dd3cd47fLayerOne\":{\"enabled\":true},\"avatar-d115f0f5-9555-46bb-bcb2-054e47ef3e47Config\":{\"changeWidget\":\"avatar\",\"openType\":\"redirectUrl\",\"targetBlank\":true},\"avatar-d115f0f5-9555-46bb-bcb2-054e47ef3e47AttributeFill\":{\"fillOption\":\"widget\",\"attributeFill\":[{\"title\":\"image\",\"canDelete\":true}]}}},\"content\":{\"layouts\":{\"lg\":[{\"i\":\"5c855846-d7ab-4946-985d-cfc1dd3cd47f\",\"x\":0,\"y\":0,\"w\":100,\"h\":100,\"type\":\"widget\",\"framework\":\"mui\",\"data\":\"box\"},{\"i\":\"d115f0f5-9555-46bb-bcb2-054e47ef3e47\",\"x\":5,\"y\":4,\"w\":90,\"h\":90,\"type\":\"widget\",\"framework\":\"mui\",\"data\":\"avatar\"}]}},\"rows\":[{\"name\":\"Portada Separador 2 Noticias Por D\u00eda 2 \/ 250x250: AUSTRALIS\",\"image\":{\"publicUrl\":\"https:\/\/s3-mspro.nyc3.digitaloceanspaces.com\/tenant\/658d9f90f0909def6c18fa2c\/mediaLibrary\/photo\/c3ea039e-adea-4a16-b7e3-16bfee31f0ea.jpg\",\"privatePhotoUrlWithoutExtension\":\"tenant\/658d9f90f0909def6c18fa2c\/mediaLibrary\/photo\/c3ea039e-adea-4a16-b7e3-16bfee31f0ea\",\"privatePhotoUrl\":\"tenant\/658d9f90f0909def6c18fa2c\/mediaLibrary\/photo\/c3ea039e-adea-4a16-b7e3-16bfee31f0ea-medium-standard-q100.jpg?v=1728481574\",\"photoExtension\":\"jpg?v=1728481574\",\"type\":\"image\",\"name\":\"Banner Australis - 250 x 250_Mesa de trabajo 1 (1)\",\"updatedAt\":\"2024-10-09T13:46:14.569Z\",\"photoVersion\":4},\"redirectUrl\":\"https:\/\/www.australis-seafoods.com\/\"}]}},{\"i\":\"0005ed04-2b19-472a-b2ed-da128feca564\",\"x\":27,\"y\":9,\"w\":11,\"h\":11,\"id\":\"659d97dc459dea7b15b36d88\",\"name\":\"Componente Widget Banner 1x1 Banner Peque\u00f1o\",\"gridCols\":100,\"type\":\"component\",\"data\":{\"displayConfig\":{\"filterBy\":\"widgets\",\"type\":\"ads\",\"adType\":\"banner\",\"widgetsOrderBy\":\"position\",\"sortBy\":\"asc\",\"keywords\":[{\"id\":\"65ef1f3118fb250be3f78d31\",\"label\":\"Portada Separador 2 Noticias Por D\u00eda\"}],\"offset\":2,\"limit\":1},\"customConfig\":{\"lg\":{\"box-5c855846-d7ab-4946-985d-cfc1dd3cd47fConfig\":{\"changeWidget\":\"box\",\"backgroundColor\":\"#d1d5dbff\"},\"box-5c855846-d7ab-4946-985d-cfc1dd3cd47fLayerOne\":{\"enabled\":true},\"avatar-d115f0f5-9555-46bb-bcb2-054e47ef3e47Config\":{\"changeWidget\":\"avatar\",\"openType\":\"redirectUrl\",\"targetBlank\":true},\"avatar-d115f0f5-9555-46bb-bcb2-054e47ef3e47AttributeFill\":{\"fillOption\":\"widget\",\"attributeFill\":[{\"title\":\"image\",\"canDelete\":true}]}}},\"content\":{\"layouts\":{\"lg\":[{\"i\":\"5c855846-d7ab-4946-985d-cfc1dd3cd47f\",\"x\":0,\"y\":0,\"w\":100,\"h\":100,\"type\":\"widget\",\"framework\":\"mui\",\"data\":\"box\"},{\"i\":\"d115f0f5-9555-46bb-bcb2-054e47ef3e47\",\"x\":5,\"y\":4,\"w\":90,\"h\":90,\"type\":\"widget\",\"framework\":\"mui\",\"data\":\"avatar\"}]}},\"rows\":[{\"name\":\"Portada Separador 2 Noticias Por D\u00eda 3 \/ 250x250: BUS SUR\",\"image\":{\"publicUrl\":\"https:\/\/s3-mspro.nyc3.digitaloceanspaces.com\/tenant\/658d9f90f0909def6c18fa2c\/mediaLibrary\/photo\/3f97b5c0-2f70-4010-9e4d-64b713a9021a.webp\",\"privatePhotoUrlWithoutExtension\":\"tenant\/658d9f90f0909def6c18fa2c\/mediaLibrary\/photo\/3f97b5c0-2f70-4010-9e4d-64b713a9021a\",\"privatePhotoUrl\":\"tenant\/658d9f90f0909def6c18fa2c\/mediaLibrary\/photo\/3f97b5c0-2f70-4010-9e4d-64b713a9021a-medium-standard-q100.webp?v=1732112304\",\"photoExtension\":\"webp?v=1732112304\",\"type\":\"image\",\"name\":\"f9afdf29-5748-4b40-98fa-d5252121a78f-small-standard-q100 (1)\",\"updatedAt\":\"2024-11-20T14:18:24.614Z\",\"photoVersion\":4},\"redirectUrl\":\"https:\/\/www.bussur.com\/\"}]}},{\"i\":\"30977df6-abe4-4a61-b2fb-041b2a9ccef0\",\"x\":41,\"y\":9,\"w\":11,\"h\":11,\"id\":\"659d97dc459dea7b15b36d88\",\"name\":\"Componente Widget Banner 1x1 Banner Peque\u00f1o\",\"gridCols\":100,\"type\":\"component\",\"data\":{\"displayConfig\":{\"filterBy\":\"widgets\",\"type\":\"ads\",\"adType\":\"banner\",\"widgetsOrderBy\":\"position\",\"sortBy\":\"asc\",\"keywords\":[{\"id\":\"65ef1f3118fb250be3f78d31\",\"label\":\"Portada Separador 2 Noticias Por D\u00eda\"}],\"offset\":3,\"limit\":1},\"customConfig\":{\"lg\":{\"box-5c855846-d7ab-4946-985d-cfc1dd3cd47fConfig\":{\"changeWidget\":\"box\",\"backgroundColor\":\"#d1d5dbff\"},\"box-5c855846-d7ab-4946-985d-cfc1dd3cd47fLayerOne\":{\"enabled\":true},\"avatar-d115f0f5-9555-46bb-bcb2-054e47ef3e47Config\":{\"changeWidget\":\"avatar\",\"openType\":\"redirectUrl\",\"targetBlank\":true},\"avatar-d115f0f5-9555-46bb-bcb2-054e47ef3e47AttributeFill\":{\"fillOption\":\"widget\",\"attributeFill\":[{\"title\":\"image\",\"canDelete\":true}]}}},\"content\":{\"layouts\":{\"lg\":[{\"i\":\"5c855846-d7ab-4946-985d-cfc1dd3cd47f\",\"x\":0,\"y\":0,\"w\":100,\"h\":100,\"type\":\"widget\",\"framework\":\"mui\",\"data\":\"box\"},{\"i\":\"d115f0f5-9555-46bb-bcb2-054e47ef3e47\",\"x\":5,\"y\":4,\"w\":90,\"h\":90,\"type\":\"widget\",\"framework\":\"mui\",\"data\":\"avatar\"}]}},\"rows\":[{\"name\":\"Portada Separador 2 Noticias Por D\u00eda 4 \/ 250x250: RED SALUD\",\"image\":{\"publicUrl\":\"https:\/\/s3-mspro.nyc3.digitaloceanspaces.com\/tenant\/658d9f90f0909def6c18fa2c\/mediaLibrary\/photo\/221adb8f-4bf3-4043-867d-bfe4401132a6.png\",\"privatePhotoUrlWithoutExtension\":\"tenant\/658d9f90f0909def6c18fa2c\/mediaLibrary\/photo\/221adb8f-4bf3-4043-867d-bfe4401132a6\",\"privatePhotoUrl\":\"tenant\/658d9f90f0909def6c18fa2c\/mediaLibrary\/photo\/221adb8f-4bf3-4043-867d-bfe4401132a6-medium-standard-q100.png?v=1742480944\",\"photoExtension\":\"png?v=1742480944\",\"type\":\"image\",\"name\":\"RED SALUD 250x250\",\"updatedAt\":\"2025-03-20T14:29:04.652Z\",\"photoVersion\":4},\"redirectUrl\":\"https:\/\/www.redsalud.cl\/nuestra-red\/campanas\/cancer-cervicouterino-redsalud\"}]}},{\"i\":\"923d38c8-48bb-4396-8d40-46c8a8ddd80e\",\"x\":53,\"y\":9,\"w\":11,\"h\":11,\"id\":\"659d97dc459dea7b15b36d88\",\"name\":\"Componente Widget Banner 1x1 Banner Peque\u00f1o\",\"gridCols\":100,\"type\":\"component\",\"data\":{\"displayConfig\":{\"filterBy\":\"widgets\",\"type\":\"ads\",\"adType\":\"banner\",\"widgetsOrderBy\":\"position\",\"sortBy\":\"asc\",\"keywords\":[{\"id\":\"65ef1f3118fb250be3f78d31\",\"label\":\"Portada Separador 2 Noticias Por D\u00eda\"}],\"offset\":4,\"limit\":1},\"customConfig\":{\"lg\":{\"box-5c855846-d7ab-4946-985d-cfc1dd3cd47fConfig\":{\"changeWidget\":\"box\",\"backgroundColor\":\"#d1d5dbff\"},\"box-5c855846-d7ab-4946-985d-cfc1dd3cd47fLayerOne\":{\"enabled\":true},\"avatar-d115f0f5-9555-46bb-bcb2-054e47ef3e47Config\":{\"changeWidget\":\"avatar\",\"openType\":\"redirectUrl\",\"targetBlank\":true},\"avatar-d115f0f5-9555-46bb-bcb2-054e47ef3e47AttributeFill\":{\"fillOption\":\"widget\",\"attributeFill\":[{\"title\":\"image\",\"canDelete\":true}]}}},\"content\":{\"layouts\":{\"lg\":[{\"i\":\"5c855846-d7ab-4946-985d-cfc1dd3cd47f\",\"x\":0,\"y\":0,\"w\":100,\"h\":100,\"type\":\"widget\",\"framework\":\"mui\",\"data\":\"box\"},{\"i\":\"d115f0f5-9555-46bb-bcb2-054e47ef3e47\",\"x\":5,\"y\":4,\"w\":90,\"h\":90,\"type\":\"widget\",\"framework\":\"mui\",\"data\":\"avatar\"}]}},\"rows\":[{\"name\":\"Portada Separador 2 Noticias Por D\u00eda 5 \/ 250x250: INACAP\",\"image\":{\"publicUrl\":\"https:\/\/s3-mspro.nyc3.digitaloceanspaces.com\/tenant\/658d9f90f0909def6c18fa2c\/mediaLibrary\/photo\/edc37920-6a5c-407e-8ce4-66a24ad9f80d.jpg\",\"privatePhotoUrlWithoutExtension\":\"tenant\/658d9f90f0909def6c18fa2c\/mediaLibrary\/photo\/edc37920-6a5c-407e-8ce4-66a24ad9f80d\",\"privatePhotoUrl\":\"tenant\/658d9f90f0909def6c18fa2c\/mediaLibrary\/photo\/edc37920-6a5c-407e-8ce4-66a24ad9f80d-medium-standard-q100.jpg?v=1755722668\",\"photoExtension\":\"jpg?v=1755722668\",\"type\":\"image\",\"name\":\"BANNER INACAP 336x336-01\",\"updatedAt\":\"2025-08-20T20:44:28.757Z\",\"photoVersion\":4},\"redirectUrl\":\"https:\/\/portal.inacap.cl\/\"}]}},{\"i\":\"34cd481f-58a0-4ef1-adc7-800ea1460e49\",\"x\":77,\"y\":6,\"w\":20,\"h\":41,\"id\":\"6598322b593b0ab5a9c16227\",\"name\":\"Componente Widget Banner 1x1\",\"gridCols\":100,\"type\":\"component\",\"data\":{\"displayConfig\":{\"filterBy\":\"widgets\",\"type\":\"ads\",\"adType\":\"banner\",\"keywords\":[{\"id\":\"65ef180f18fb253977f78cc2\",\"label\":\"Portada Laterales\"}],\"offset\":21,\"limit\":2,\"enabledLayer\":true,\"verticalGutter\":3,\"widgetsOrderBy\":\"position\",\"sortBy\":\"asc\"},\"customConfig\":{\"lg\":{\"box-5c855846-d7ab-4946-985d-cfc1dd3cd47fConfig\":{\"changeWidget\":\"box\",\"backgroundColor\":\"#d1d5dbff\"},\"box-5c855846-d7ab-4946-985d-cfc1dd3cd47fLayerOne\":{\"enabled\":true},\"avatar-d115f0f5-9555-46bb-bcb2-054e47ef3e47Config\":{\"changeWidget\":\"avatar\",\"openType\":\"redirectUrl\",\"targetBlank\":true},\"avatar-d115f0f5-9555-46bb-bcb2-054e47ef3e47AttributeFill\":{\"fillOption\":\"widget\",\"attributeFill\":[{\"title\":\"image\",\"canDelete\":true}]}}},\"content\":{\"layouts\":{\"lg\":[{\"i\":\"5c855846-d7ab-4946-985d-cfc1dd3cd47f\",\"x\":0,\"y\":0,\"w\":100,\"h\":100,\"type\":\"widget\",\"framework\":\"mui\",\"data\":\"box\"},{\"i\":\"d115f0f5-9555-46bb-bcb2-054e47ef3e47\",\"x\":3,\"y\":3,\"w\":94,\"h\":94,\"type\":\"widget\",\"framework\":\"mui\",\"data\":\"avatar\"}]}},\"rows\":[{\"name\":\"Portada Laterales 25 \/ 336x336 publicite aqui\",\"image\":{\"publicUrl\":\"https:\/\/s3-mspro.nyc3.digitaloceanspaces.com\/tenant\/658d9f90f0909def6c18fa2c\/mediaLibrary\/photo\/e085b762-3ba1-4786-891f-ead0903eb8f1.webp\",\"privatePhotoUrlWithoutExtension\":\"tenant\/658d9f90f0909def6c18fa2c\/mediaLibrary\/photo\/e085b762-3ba1-4786-891f-ead0903eb8f1\",\"privatePhotoUrl\":\"tenant\/658d9f90f0909def6c18fa2c\/mediaLibrary\/photo\/e085b762-3ba1-4786-891f-ead0903eb8f1-medium-standard-q100.webp?v=1742908913\",\"photoExtension\":\"webp?v=1742908913\",\"type\":\"image\",\"name\":\"publicite aqui\",\"updatedAt\":\"2025-03-25T13:21:53.519Z\",\"photoVersion\":4},\"redirectUrl\":\"https:\/\/www.radiopolar.com\/\"},{\"name\":\"Portada Laterales 26 \/ 336x336: Publicite aqu\u00ed\",\"image\":{\"publicUrl\":\"https:\/\/s3-mspro.nyc3.digitaloceanspaces.com\/tenant\/658d9f90f0909def6c18fa2c\/mediaLibrary\/photo\/3684423d-68e7-41f3-a811-31fa129983f9.webp\",\"privatePhotoUrlWithoutExtension\":\"tenant\/658d9f90f0909def6c18fa2c\/mediaLibrary\/photo\/3684423d-68e7-41f3-a811-31fa129983f9\",\"privatePhotoUrl\":\"tenant\/658d9f90f0909def6c18fa2c\/mediaLibrary\/photo\/3684423d-68e7-41f3-a811-31fa129983f9-medium-standard-q100.webp?v=1741184258\",\"photoExtension\":\"webp?v=1741184258\",\"type\":\"image\",\"name\":\"publicite aqu\u00ed\",\"updatedAt\":\"2025-03-05T14:17:38.310Z\",\"photoVersion\":4},\"redirectUrl\":\"https:\/\/www.radiopolar.com\/\"}]}},{\"i\":\"41b7441d-0bc4-481d-b0e8-17f1f8894dd4\",\"x\":65,\"y\":9,\"w\":11,\"h\":12,\"id\":\"659d97dc459dea7b15b36d88\",\"name\":\"Componente Widget Banner 1x1 Banner Peque\u00f1o\",\"gridCols\":100,\"type\":\"component\",\"data\":{\"displayConfig\":{\"filterBy\":\"widgets\",\"type\":\"ads\",\"adType\":\"banner\",\"filterWidgets\":[{\"id\":\"65eb8cb9ecaa472dc815058f\",\"label\":\"Portada Separador 2 Noticias Por D\u00eda 6 \/ 250x250: Espacio Disponible (ads)\"}]},\"customConfig\":{\"lg\":{\"box-5c855846-d7ab-4946-985d-cfc1dd3cd47fConfig\":{\"changeWidget\":\"box\",\"backgroundColor\":\"#d1d5dbff\"},\"box-5c855846-d7ab-4946-985d-cfc1dd3cd47fLayerOne\":{\"enabled\":true},\"avatar-d115f0f5-9555-46bb-bcb2-054e47ef3e47Config\":{\"changeWidget\":\"avatar\",\"openType\":\"redirectUrl\",\"targetBlank\":true},\"avatar-d115f0f5-9555-46bb-bcb2-054e47ef3e47AttributeFill\":{\"fillOption\":\"widget\",\"attributeFill\":[{\"title\":\"image\",\"canDelete\":true}]}}},\"content\":{\"layouts\":{\"lg\":[{\"i\":\"5c855846-d7ab-4946-985d-cfc1dd3cd47f\",\"x\":0,\"y\":0,\"w\":100,\"h\":100,\"type\":\"widget\",\"framework\":\"mui\",\"data\":\"box\"},{\"i\":\"d115f0f5-9555-46bb-bcb2-054e47ef3e47\",\"x\":5,\"y\":4,\"w\":90,\"h\":90,\"type\":\"widget\",\"framework\":\"mui\",\"data\":\"avatar\"}]}},\"rows\":[{\"name\":\"Portada Separador 2 Noticias Por D\u00eda 6 \/ 250x250: PUBLICITE AQUI\",\"image\":{\"publicUrl\":\"https:\/\/s3-mspro.nyc3.digitaloceanspaces.com\/tenant\/658d9f90f0909def6c18fa2c\/mediaLibrary\/photo\/e085b762-3ba1-4786-891f-ead0903eb8f1.webp\",\"privatePhotoUrlWithoutExtension\":\"tenant\/658d9f90f0909def6c18fa2c\/mediaLibrary\/photo\/e085b762-3ba1-4786-891f-ead0903eb8f1\",\"privatePhotoUrl\":\"tenant\/658d9f90f0909def6c18fa2c\/mediaLibrary\/photo\/e085b762-3ba1-4786-891f-ead0903eb8f1-medium-standard-q100.webp?v=1742908913\",\"photoExtension\":\"webp?v=1742908913\",\"type\":\"image\",\"name\":\"publicite aqui\",\"updatedAt\":\"2025-03-25T13:21:53.519Z\",\"photoVersion\":4},\"redirectUrl\":\"https:\/\/www.radiopolar.com\/\"}]}},{\"i\":\"25d4af06-0785-4d05-8340-660585bc7260\",\"x\":3,\"y\":21,\"w\":23,\"h\":23,\"id\":\"6598322b593b0ab5a9c16227\",\"name\":\"Componente Widget Banner 1x1\",\"gridCols\":100,\"type\":\"component\",\"data\":{\"displayConfig\":{\"filterBy\":\"widgets\",\"type\":\"ads\",\"adType\":\"banner\",\"widgetsOrderBy\":\"position\",\"sortBy\":\"asc\",\"keywords\":[{\"id\":\"65ef1f3118fb250be3f78d31\",\"label\":\"Portada Separador 2 Noticias Por D\u00eda\"}],\"offset\":6,\"limit\":1},\"customConfig\":{\"lg\":{\"box-5c855846-d7ab-4946-985d-cfc1dd3cd47fConfig\":{\"changeWidget\":\"box\",\"backgroundColor\":\"#d1d5dbff\"},\"box-5c855846-d7ab-4946-985d-cfc1dd3cd47fLayerOne\":{\"enabled\":true},\"avatar-d115f0f5-9555-46bb-bcb2-054e47ef3e47Config\":{\"changeWidget\":\"avatar\",\"openType\":\"redirectUrl\",\"targetBlank\":true},\"avatar-d115f0f5-9555-46bb-bcb2-054e47ef3e47AttributeFill\":{\"fillOption\":\"widget\",\"attributeFill\":[{\"title\":\"image\",\"canDelete\":true}]}}},\"content\":{\"layouts\":{\"lg\":[{\"i\":\"5c855846-d7ab-4946-985d-cfc1dd3cd47f\",\"x\":0,\"y\":0,\"w\":100,\"h\":100,\"type\":\"widget\",\"framework\":\"mui\",\"data\":\"box\"},{\"i\":\"d115f0f5-9555-46bb-bcb2-054e47ef3e47\",\"x\":3,\"y\":3,\"w\":94,\"h\":94,\"type\":\"widget\",\"framework\":\"mui\",\"data\":\"avatar\"}]}},\"rows\":[{\"name\":\"Portada Separador 2 Noticias Por D\u00eda 7 \/ 336x336: AquaChile\",\"image\":{\"publicUrl\":\"https:\/\/s3-mspro.nyc3.digitaloceanspaces.com\/tenant\/658d9f90f0909def6c18fa2c\/mediaLibrary\/photo\/a06564a1-55a5-4489-8928-bac3b79ab847.webp\",\"privatePhotoUrlWithoutExtension\":\"tenant\/658d9f90f0909def6c18fa2c\/mediaLibrary\/photo\/a06564a1-55a5-4489-8928-bac3b79ab847\",\"privatePhotoUrl\":\"tenant\/658d9f90f0909def6c18fa2c\/mediaLibrary\/photo\/a06564a1-55a5-4489-8928-bac3b79ab847-medium-standard-q100.webp?v=1748461876\",\"photoExtension\":\"webp?v=1748461876\",\"type\":\"image\",\"name\":\"AquaChile banner\",\"updatedAt\":\"2025-05-28T19:51:16.268Z\",\"photoVersion\":4},\"redirectUrl\":\"https:\/\/www.aquachile.com\/\"}]}},{\"i\":\"5af1974a-6f4e-4da2-9a5d-c73030c63b39\",\"x\":53,\"y\":21,\"w\":23,\"h\":23,\"id\":\"6598322b593b0ab5a9c16227\",\"name\":\"Componente Widget Banner 1x1\",\"gridCols\":100,\"type\":\"component\",\"data\":{\"displayConfig\":{\"filterBy\":\"widgets\",\"type\":\"ads\",\"adType\":\"banner\",\"widgetsOrderBy\":\"position\",\"sortBy\":\"asc\",\"keywords\":[{\"id\":\"65ef1f3118fb250be3f78d31\",\"label\":\"Portada Separador 2 Noticias Por D\u00eda\"}],\"offset\":11,\"limit\":1},\"customConfig\":{\"lg\":{\"box-5c855846-d7ab-4946-985d-cfc1dd3cd47fConfig\":{\"changeWidget\":\"box\",\"backgroundColor\":\"#d1d5dbff\"},\"box-5c855846-d7ab-4946-985d-cfc1dd3cd47fLayerOne\":{\"enabled\":true},\"avatar-d115f0f5-9555-46bb-bcb2-054e47ef3e47Config\":{\"changeWidget\":\"avatar\",\"openType\":\"redirectUrl\",\"targetBlank\":true},\"avatar-d115f0f5-9555-46bb-bcb2-054e47ef3e47AttributeFill\":{\"fillOption\":\"widget\",\"attributeFill\":[{\"title\":\"image\",\"canDelete\":true}]}}},\"content\":{\"layouts\":{\"lg\":[{\"i\":\"5c855846-d7ab-4946-985d-cfc1dd3cd47f\",\"x\":0,\"y\":0,\"w\":100,\"h\":100,\"type\":\"widget\",\"framework\":\"mui\",\"data\":\"box\"},{\"i\":\"d115f0f5-9555-46bb-bcb2-054e47ef3e47\",\"x\":3,\"y\":3,\"w\":94,\"h\":94,\"type\":\"widget\",\"framework\":\"mui\",\"data\":\"avatar\"}]}},\"rows\":[{\"name\":\"Portada Separador 2 Noticias Por D\u00eda 12 \/ 336x336: SANCHEZ\",\"image\":{\"publicUrl\":\"https:\/\/s3-mspro.nyc3.digitaloceanspaces.com\/tenant\/658d9f90f0909def6c18fa2c\/mediaLibrary\/photo\/8e3be233-ec1b-483c-bb55-12aa1a7ad26f.gif\",\"privatePhotoUrlWithoutExtension\":\"tenant\/658d9f90f0909def6c18fa2c\/mediaLibrary\/photo\/8e3be233-ec1b-483c-bb55-12aa1a7ad26f\",\"privatePhotoUrl\":\"tenant\/658d9f90f0909def6c18fa2c\/mediaLibrary\/photo\/8e3be233-ec1b-483c-bb55-12aa1a7ad26f.gif\",\"photoExtension\":\"gif\",\"type\":\"image\",\"name\":\"POLAR_BANNER2 (1)\",\"updatedAt\":\"2026-03-16T12:25:22.940Z\",\"photoVersion\":4},\"redirectUrl\":\"https:\/\/sanchezysanchez.cl\/\"}]}},{\"i\":\"815be02c-4ee2-4737-8037-21a117648866\",\"x\":27,\"y\":21,\"w\":11,\"h\":11,\"id\":\"659d97dc459dea7b15b36d88\",\"name\":\"Componente Widget Banner 1x1 Banner Peque\u00f1o\",\"gridCols\":100,\"type\":\"component\",\"data\":{\"displayConfig\":{\"filterBy\":\"widgets\",\"type\":\"ads\",\"adType\":\"banner\",\"widgetsOrderBy\":\"position\",\"sortBy\":\"asc\",\"keywords\":[{\"id\":\"65ef1f3118fb250be3f78d31\",\"label\":\"Portada Separador 2 Noticias Por D\u00eda\"}],\"offset\":7,\"limit\":1},\"customConfig\":{\"lg\":{\"box-5c855846-d7ab-4946-985d-cfc1dd3cd47fConfig\":{\"changeWidget\":\"box\",\"backgroundColor\":\"#d1d5dbff\"},\"box-5c855846-d7ab-4946-985d-cfc1dd3cd47fLayerOne\":{\"enabled\":true},\"avatar-d115f0f5-9555-46bb-bcb2-054e47ef3e47Config\":{\"changeWidget\":\"avatar\",\"openType\":\"redirectUrl\",\"targetBlank\":true},\"avatar-d115f0f5-9555-46bb-bcb2-054e47ef3e47AttributeFill\":{\"fillOption\":\"widget\",\"attributeFill\":[{\"title\":\"image\",\"canDelete\":true}]}}},\"content\":{\"layouts\":{\"lg\":[{\"i\":\"5c855846-d7ab-4946-985d-cfc1dd3cd47f\",\"x\":0,\"y\":0,\"w\":100,\"h\":100,\"type\":\"widget\",\"framework\":\"mui\",\"data\":\"box\"},{\"i\":\"d115f0f5-9555-46bb-bcb2-054e47ef3e47\",\"x\":5,\"y\":4,\"w\":90,\"h\":90,\"type\":\"widget\",\"framework\":\"mui\",\"data\":\"avatar\"}]}},\"rows\":[{\"name\":\"Portada Separador 2 Noticias Por D\u00eda 8 \/ 250x250: PUBLICITE AQU\u00cd\",\"image\":{\"publicUrl\":\"https:\/\/s3-mspro.nyc3.digitaloceanspaces.com\/tenant\/658d9f90f0909def6c18fa2c\/mediaLibrary\/photo\/62511628-f4c9-46b4-a776-53a87b74bb5b.gif\",\"privatePhotoUrlWithoutExtension\":\"tenant\/658d9f90f0909def6c18fa2c\/mediaLibrary\/photo\/62511628-f4c9-46b4-a776-53a87b74bb5b\",\"privatePhotoUrl\":\"tenant\/658d9f90f0909def6c18fa2c\/mediaLibrary\/photo\/62511628-f4c9-46b4-a776-53a87b74bb5b.gif\",\"photoExtension\":\"gif\",\"type\":\"image\",\"name\":\"publicite\",\"updatedAt\":\"2025-10-28T20:44:33.613Z\",\"photoVersion\":4},\"redirectUrl\":\"https:\/\/www.radiopolar.com\/\"}]}},{\"i\":\"9ed368f4-367c-4227-9fd3-ccdc11e4706e\",\"x\":41,\"y\":21,\"w\":11,\"h\":11,\"id\":\"659d97dc459dea7b15b36d88\",\"name\":\"Componente Widget Banner 1x1 Banner Peque\u00f1o\",\"gridCols\":100,\"type\":\"component\",\"data\":{\"displayConfig\":{\"filterBy\":\"widgets\",\"type\":\"ads\",\"adType\":\"banner\",\"widgetsOrderBy\":\"position\",\"sortBy\":\"asc\",\"keywords\":[{\"id\":\"65ef1f3118fb250be3f78d31\",\"label\":\"Portada Separador 2 Noticias Por D\u00eda\"}],\"offset\":9,\"limit\":1},\"customConfig\":{\"lg\":{\"box-5c855846-d7ab-4946-985d-cfc1dd3cd47fConfig\":{\"changeWidget\":\"box\",\"backgroundColor\":\"#d1d5dbff\"},\"box-5c855846-d7ab-4946-985d-cfc1dd3cd47fLayerOne\":{\"enabled\":true},\"avatar-d115f0f5-9555-46bb-bcb2-054e47ef3e47Config\":{\"changeWidget\":\"avatar\",\"openType\":\"redirectUrl\",\"targetBlank\":true},\"avatar-d115f0f5-9555-46bb-bcb2-054e47ef3e47AttributeFill\":{\"fillOption\":\"widget\",\"attributeFill\":[{\"title\":\"image\",\"canDelete\":true}]}}},\"content\":{\"layouts\":{\"lg\":[{\"i\":\"5c855846-d7ab-4946-985d-cfc1dd3cd47f\",\"x\":0,\"y\":0,\"w\":100,\"h\":100,\"type\":\"widget\",\"framework\":\"mui\",\"data\":\"box\"},{\"i\":\"d115f0f5-9555-46bb-bcb2-054e47ef3e47\",\"x\":5,\"y\":4,\"w\":90,\"h\":90,\"type\":\"widget\",\"framework\":\"mui\",\"data\":\"avatar\"}]}},\"rows\":[{\"name\":\"Portada Separador 2 Noticias Por D\u00eda 10 \/ 250x250: PUBLICITE AQUI\",\"image\":{\"publicUrl\":\"https:\/\/s3-mspro.nyc3.digitaloceanspaces.com\/tenant\/658d9f90f0909def6c18fa2c\/mediaLibrary\/photo\/27be4a2a-c44e-4db1-b0c1-b6ef4bfaab98.gif\",\"privatePhotoUrlWithoutExtension\":\"tenant\/658d9f90f0909def6c18fa2c\/mediaLibrary\/photo\/27be4a2a-c44e-4db1-b0c1-b6ef4bfaab98\",\"privatePhotoUrl\":\"tenant\/658d9f90f0909def6c18fa2c\/mediaLibrary\/photo\/27be4a2a-c44e-4db1-b0c1-b6ef4bfaab98.gif\",\"photoExtension\":\"gif\",\"type\":\"image\",\"name\":\"publiciteaqui250x250\",\"updatedAt\":\"2024-03-08T15:10:15.268Z\",\"photoVersion\":4},\"redirectUrl\":\"https:\/\/www.radiopolar.com\/\"}]}},{\"i\":\"8030f06a-c3a3-408f-9270-d9b2634affe9\",\"x\":27,\"y\":33,\"w\":11,\"h\":11,\"id\":\"659d97dc459dea7b15b36d88\",\"name\":\"Componente Widget Banner 1x1 Banner Peque\u00f1o\",\"gridCols\":100,\"type\":\"component\",\"data\":{\"displayConfig\":{\"filterBy\":\"widgets\",\"type\":\"ads\",\"adType\":\"banner\",\"widgetsOrderBy\":\"position\",\"sortBy\":\"asc\",\"keywords\":[{\"id\":\"65ef1f3118fb250be3f78d31\",\"label\":\"Portada Separador 2 Noticias Por D\u00eda\"}],\"offset\":8,\"limit\":1},\"customConfig\":{\"lg\":{\"box-5c855846-d7ab-4946-985d-cfc1dd3cd47fConfig\":{\"changeWidget\":\"box\",\"backgroundColor\":\"#d1d5dbff\"},\"box-5c855846-d7ab-4946-985d-cfc1dd3cd47fLayerOne\":{\"enabled\":true},\"avatar-d115f0f5-9555-46bb-bcb2-054e47ef3e47Config\":{\"changeWidget\":\"avatar\",\"openType\":\"redirectUrl\",\"targetBlank\":true},\"avatar-d115f0f5-9555-46bb-bcb2-054e47ef3e47AttributeFill\":{\"fillOption\":\"widget\",\"attributeFill\":[{\"title\":\"image\",\"canDelete\":true}]}}},\"content\":{\"layouts\":{\"lg\":[{\"i\":\"5c855846-d7ab-4946-985d-cfc1dd3cd47f\",\"x\":0,\"y\":0,\"w\":100,\"h\":100,\"type\":\"widget\",\"framework\":\"mui\",\"data\":\"box\"},{\"i\":\"d115f0f5-9555-46bb-bcb2-054e47ef3e47\",\"x\":5,\"y\":4,\"w\":90,\"h\":90,\"type\":\"widget\",\"framework\":\"mui\",\"data\":\"avatar\"}]}},\"rows\":[{\"name\":\"Portada Separador 2 Noticias Por D\u00eda 9 \/ 250x250: PUBLICITE AQUI\",\"image\":{\"publicUrl\":\"https:\/\/s3-mspro.nyc3.digitaloceanspaces.com\/tenant\/658d9f90f0909def6c18fa2c\/mediaLibrary\/photo\/62511628-f4c9-46b4-a776-53a87b74bb5b.gif\",\"privatePhotoUrlWithoutExtension\":\"tenant\/658d9f90f0909def6c18fa2c\/mediaLibrary\/photo\/62511628-f4c9-46b4-a776-53a87b74bb5b\",\"privatePhotoUrl\":\"tenant\/658d9f90f0909def6c18fa2c\/mediaLibrary\/photo\/62511628-f4c9-46b4-a776-53a87b74bb5b.gif\",\"photoExtension\":\"gif\",\"type\":\"image\",\"name\":\"publicite\",\"updatedAt\":\"2025-10-28T20:44:33.613Z\",\"photoVersion\":4},\"redirectUrl\":\"https:\/\/www.radiopolar.com\/\"}]}},{\"i\":\"540b70af-5440-43a7-b034-34d3a21a0c5d\",\"x\":41,\"y\":33,\"w\":11,\"h\":11,\"id\":\"659d97dc459dea7b15b36d88\",\"name\":\"Componente Widget Banner 1x1 Banner Peque\u00f1o\",\"gridCols\":100,\"type\":\"component\",\"data\":{\"displayConfig\":{\"filterBy\":\"widgets\",\"type\":\"ads\",\"adType\":\"banner\",\"offset\":10,\"limit\":1,\"keywords\":[{\"id\":\"65ef1f3118fb250be3f78d31\",\"label\":\"Portada Separador 2 Noticias Por D\u00eda\"}],\"widgetsOrderBy\":\"position\",\"sortBy\":\"asc\"},\"customConfig\":{\"lg\":{\"box-5c855846-d7ab-4946-985d-cfc1dd3cd47fConfig\":{\"changeWidget\":\"box\",\"backgroundColor\":\"#d1d5dbff\"},\"box-5c855846-d7ab-4946-985d-cfc1dd3cd47fLayerOne\":{\"enabled\":true},\"avatar-d115f0f5-9555-46bb-bcb2-054e47ef3e47Config\":{\"changeWidget\":\"avatar\",\"openType\":\"redirectUrl\",\"targetBlank\":true},\"avatar-d115f0f5-9555-46bb-bcb2-054e47ef3e47AttributeFill\":{\"fillOption\":\"widget\",\"attributeFill\":[{\"title\":\"image\",\"canDelete\":true}]}}},\"content\":{\"layouts\":{\"lg\":[{\"i\":\"5c855846-d7ab-4946-985d-cfc1dd3cd47f\",\"x\":0,\"y\":0,\"w\":100,\"h\":100,\"type\":\"widget\",\"framework\":\"mui\",\"data\":\"box\"},{\"i\":\"d115f0f5-9555-46bb-bcb2-054e47ef3e47\",\"x\":5,\"y\":4,\"w\":90,\"h\":90,\"type\":\"widget\",\"framework\":\"mui\",\"data\":\"avatar\"}]}},\"rows\":[{\"name\":\"Portada Separador 2 Noticias Por D\u00eda 11 \/ 250x250: PUBLICITE AQUI\",\"image\":{\"publicUrl\":\"https:\/\/s3-mspro.nyc3.digitaloceanspaces.com\/tenant\/658d9f90f0909def6c18fa2c\/mediaLibrary\/photo\/27be4a2a-c44e-4db1-b0c1-b6ef4bfaab98.gif\",\"privatePhotoUrlWithoutExtension\":\"tenant\/658d9f90f0909def6c18fa2c\/mediaLibrary\/photo\/27be4a2a-c44e-4db1-b0c1-b6ef4bfaab98\",\"privatePhotoUrl\":\"tenant\/658d9f90f0909def6c18fa2c\/mediaLibrary\/photo\/27be4a2a-c44e-4db1-b0c1-b6ef4bfaab98.gif\",\"photoExtension\":\"gif\",\"type\":\"image\",\"name\":\"publiciteaqui250x250\",\"updatedAt\":\"2024-03-08T15:10:15.268Z\",\"photoVersion\":4},\"redirectUrl\":\"https:\/\/www.radiopolar.com\/\"}]}},{\"i\":\"83b9a6ab-48f2-4ef8-bb4d-b0bccfb41023\",\"x\":3,\"y\":5,\"w\":73,\"h\":1,\"id\":\"673c88a4ce7709d797ef7851\",\"name\":\"L\u00ednea divisoria Desktop\",\"gridCols\":24,\"type\":\"component\",\"data\":{\"customConfig\":{\"lg\":{\"divider-d606cf92-e3f7-4c5d-bbdf-7d0311951bcdConfig\":{\"changeWidget\":\"divider\",\"width\":100,\"height\":0.1,\"backgroundColor\":\"#cfcfcfff\"},\"divider-d606cf92-e3f7-4c5d-bbdf-7d0311951bcdLayerOne\":{\"enabled\":true}}},\"content\":{\"layouts\":{\"lg\":[{\"i\":\"d606cf92-e3f7-4c5d-bbdf-7d0311951bcd\",\"x\":0,\"y\":0,\"w\":24,\"h\":1,\"type\":\"widget\",\"framework\":\"mui\",\"data\":\"divider\"}]}}}},{\"i\":\"ff246671-db6c-406c-8a72-38cfa955c523\",\"x\":3,\"y\":48,\"w\":73,\"h\":1,\"id\":\"673c88a4ce7709d797ef7851\",\"name\":\"L\u00ednea divisoria Desktop\",\"gridCols\":24,\"type\":\"component\",\"data\":{\"customConfig\":{\"lg\":{\"divider-d606cf92-e3f7-4c5d-bbdf-7d0311951bcdConfig\":{\"changeWidget\":\"divider\",\"width\":100,\"height\":0.1,\"backgroundColor\":\"#cfcfcfff\"},\"divider-d606cf92-e3f7-4c5d-bbdf-7d0311951bcdLayerOne\":{\"enabled\":true}}},\"content\":{\"layouts\":{\"lg\":[{\"i\":\"d606cf92-e3f7-4c5d-bbdf-7d0311951bcd\",\"x\":0,\"y\":0,\"w\":24,\"h\":1,\"type\":\"widget\",\"framework\":\"mui\",\"data\":\"divider\"}]}}}}]}}},{\"id\":\"659dab3d459dea4366b371a1\",\"name\":\"Contenedor noticias 3\",\"active\":true,\"renderAs\":\"server\",\"gridCols\":{\"lg\":100,\"md\":100,\"xs\":100,\"daily\":100},\"marginTop\":-50,\"content\":{\"layouts\":{\"lg\":[{\"i\":\"4372d045-c447-4906-8553-22ba4f16b3e3\",\"x\":3,\"y\":5,\"w\":73,\"h\":135,\"id\":\"66db6d141b69d720dd1c4fc5\",\"name\":\"Tarjeta nueva home radiopolar\",\"gridCols\":100,\"type\":\"component\",\"data\":{\"displayConfig\":{\"formatType\":\"grid\",\"columns\":4,\"columnsDesktop\":6,\"columnsMobile\":6,\"columnsTablet\":6,\"columnsLargeDesktop\":6,\"columnsExtraLargeDesktop\":6,\"offset\":64,\"limit\":24,\"horizontalGutter\":2,\"verticalGutter\":15,\"widthAuto\":true,\"enabledLayer\":true,\"alignContent\":\"top\",\"filterBy\":\"posts\",\"filterByParams\":[\"search\"],\"postsOrderBy\":\"datePublished\",\"sortBy\":\"desc\"},\"customConfig\":{\"lg\":{\"avatar-d5bbbbb3-bb13-4bc2-9257-05523b32ed9dConfig\":{\"changeWidget\":\"avatar\",\"openType\":\"slug\",\"avatarObjectFit\":\"cover\"},\"typography-cd8b6410-273b-496e-b261-6b0adee8f86cConfig\":{\"changeWidget\":\"typography\",\"fontSize\":5,\"lineHeight\":\"1.8\",\"color\":\"#4a5563ff\",\"typographyMaxLength\":100000000000000,\"openType\":\"slug\"},\"typography-cd8b6410-273b-496e-b261-6b0adee8f86cLayerOne\":{\"enabled\":true},\"typography-cd8b6410-273b-496e-b261-6b0adee8f86cAttributeFill\":{\"fillOption\":\"post\",\"attributeFill\":[{\"title\":\"title\",\"canDelete\":true}]},\"avatar-d5bbbbb3-bb13-4bc2-9257-05523b32ed9dAttributeFill\":{\"fillOption\":\"post\",\"attributeFill\":[{\"title\":\"image\",\"canDelete\":true}]},\"button-53710425-5d01-4086-bda8-87e860046417Config\":{\"changeWidget\":\"button\",\"fontSize\":5,\"color\":\"#ffffffff\",\"customIcon\":\"io5\/IoCalendar\",\"buttonPositionIcon\":\"left\",\"typographyMaxLength\":100,\"backgroundColor\":\"#b91c1bff\",\"buttonSize\":\"small\"},\"button-53710425-5d01-4086-bda8-87e860046417LayerOne\":{\"enabled\":true},\"button-53710425-5d01-4086-bda8-87e860046417AttributeFill\":{\"fillOption\":\"post\",\"attributeFill\":[{\"title\":\"datePublished\",\"formatDate\":\"DD\/MM\/YYYY HH:mm\",\"canDelete\":true}]}}},\"content\":{\"layouts\":{\"lg\":[{\"i\":\"d5bbbbb3-bb13-4bc2-9257-05523b32ed9d\",\"x\":0,\"y\":0,\"w\":100,\"h\":56,\"type\":\"widget\",\"framework\":\"mui\",\"data\":\"avatar\"},{\"i\":\"cd8b6410-273b-496e-b261-6b0adee8f86c\",\"x\":0,\"y\":71,\"w\":100,\"h\":10,\"type\":\"widget\",\"framework\":\"mui\",\"data\":\"typography\"},{\"i\":\"53710425-5d01-4086-bda8-87e860046417\",\"x\":0,\"y\":59,\"w\":68,\"h\":10,\"type\":\"widget\",\"framework\":\"mui\",\"data\":\"button\"}]}},\"rows\":[{\"title\":\"VPH POSITIVO NO ES SIN\u00d3NIMO DE C\u00c1NCER: ESPECIALISTA EXPLICA CU\u00c1NDO HAY RIESGO Y C\u00d3MO ACTUAR ANTE LA PRESENCIA DEL VIRUS\",\"image\":{\"publicUrl\":\"https:\/\/s3-mspro.nyc3.digitaloceanspaces.com\/tenant\/658d9f90f0909def6c18fa2c\/mediaLibrary\/photo\/fdace76d-bb2d-4506-a295-ea49f3906840.jpg\",\"privatePhotoUrlWithoutExtension\":\"tenant\/658d9f90f0909def6c18fa2c\/mediaLibrary\/photo\/fdace76d-bb2d-4506-a295-ea49f3906840\",\"privatePhotoUrl\":\"tenant\/658d9f90f0909def6c18fa2c\/mediaLibrary\/photo\/fdace76d-bb2d-4506-a295-ea49f3906840-medium-standard-q100.jpg?v=1774474440\",\"photoExtension\":\"jpg?v=1774474440\",\"name\":\"salud mujer 3\",\"photoVersion\":4,\"type\":\"image\"},\"slug\":\"https:\/\/www.radiopolar.com\/vph-positivo-sinonimo-cancer-especialista-explica-riesgo-actuar-presencia-virus\",\"primaryAuthor\":{\"id\":\"65ea08428325aff9da63f8f9\",\"name\":\"Prensa Radio Polar\",\"authorName\":\"Prensa Radio Polar\",\"slug\":\"\/author\/prensa-radio-polar\"},\"datePublished\":\"2026-03-26 01:00:00\"},{\"title\":\"\u201cNO HAY QUIEBRA, HAY D\u00c9FICIT\u201d: SENADOR BIANCHI ABORDA MODIFICACIONES AL MEPCO Y ANUNCIOS DEL GOBIERNO\",\"image\":{\"publicUrl\":\"https:\/\/s3-mspro.nyc3.digitaloceanspaces.com\/tenant\/658d9f90f0909def6c18fa2c\/mediaLibrary\/photo\/8cb757ac-0d39-45ff-af17-cc02663f6adf.jpeg\",\"privatePhotoUrlWithoutExtension\":\"tenant\/658d9f90f0909def6c18fa2c\/mediaLibrary\/photo\/8cb757ac-0d39-45ff-af17-cc02663f6adf\",\"privatePhotoUrl\":\"tenant\/658d9f90f0909def6c18fa2c\/mediaLibrary\/photo\/8cb757ac-0d39-45ff-af17-cc02663f6adf-medium-standard-q100.jpeg?v=1774494553\",\"photoExtension\":\"jpeg?v=1774494553\",\"name\":\"kbianchi\",\"photoVersion\":4,\"type\":\"image\"},\"slug\":\"https:\/\/www.radiopolar.com\/quiebra-deficit-senador-bianchi-aborda-modificaciones-mepco-anuncios-gobierno\",\"primaryAuthor\":{\"id\":\"65ea08428325aff9da63f8f9\",\"name\":\"Prensa Radio Polar\",\"authorName\":\"Prensa Radio Polar\",\"slug\":\"\/author\/prensa-radio-polar\"},\"datePublished\":\"2026-03-26 00:30:00\"},{\"title\":\"PROYECTO INTERNACIONAL VALIDA SOLUCIONES ENERG\u00c9TICAS BASADAS EN HIDR\u00d3GENO RENOVABLE EN LA ANT\u00c1RTICA\",\"image\":{\"publicUrl\":\"https:\/\/s3-mspro.nyc3.digitaloceanspaces.com\/tenant\/658d9f90f0909def6c18fa2c\/mediaLibrary\/photo\/c4b7cc37-559f-41ab-bf03-2b51e08bd6bd.jpg\",\"privatePhotoUrlWithoutExtension\":\"tenant\/658d9f90f0909def6c18fa2c\/mediaLibrary\/photo\/c4b7cc37-559f-41ab-bf03-2b51e08bd6bd\",\"privatePhotoUrl\":\"tenant\/658d9f90f0909def6c18fa2c\/mediaLibrary\/photo\/c4b7cc37-559f-41ab-bf03-2b51e08bd6bd-medium-standard-q100.jpg?v=1774473664\",\"photoExtension\":\"jpg?v=1774473664\",\"name\":\"Antaertica-GYZ-1-1024x577\",\"photoVersion\":4,\"type\":\"image\"},\"slug\":\"https:\/\/www.radiopolar.com\/proyecto-internacional-valida-soluciones-energeticas-basadas-hidrogeno-renovable-antartica\",\"primaryAuthor\":{\"id\":\"65ea08428325aff9da63f8f9\",\"name\":\"Prensa Radio Polar\",\"authorName\":\"Prensa Radio Polar\",\"slug\":\"\/author\/prensa-radio-polar\"},\"datePublished\":\"2026-03-26 00:00:00\"},{\"title\":\"GOBERNADOR DISTRITAL DE CLUB DE LEONES DESTACA LABOR DE CENTROS DE REHABILITACI\u00d3N EN MAGALLANES\",\"image\":{\"publicUrl\":\"https:\/\/s3-mspro.nyc3.digitaloceanspaces.com\/tenant\/658d9f90f0909def6c18fa2c\/mediaLibrary\/photo\/cac38647-a49e-43f6-8f02-091647a626ab.png\",\"privatePhotoUrlWithoutExtension\":\"tenant\/658d9f90f0909def6c18fa2c\/mediaLibrary\/photo\/cac38647-a49e-43f6-8f02-091647a626ab\",\"privatePhotoUrl\":\"tenant\/658d9f90f0909def6c18fa2c\/mediaLibrary\/photo\/cac38647-a49e-43f6-8f02-091647a626ab-medium-standard-q100.png?v=1774494240\",\"photoExtension\":\"png?v=1774494240\",\"name\":\"clubdeleones\",\"photoVersion\":4,\"type\":\"image\"},\"slug\":\"https:\/\/www.radiopolar.com\/gobernador-distrital-club-leones-destaca-labor-centros-rehabilitacion-magallanes\",\"primaryAuthor\":{\"id\":\"65ea08428325aff9da63f8f9\",\"name\":\"Prensa Radio Polar\",\"authorName\":\"Prensa Radio Polar\",\"slug\":\"\/author\/prensa-radio-polar\"},\"datePublished\":\"2026-03-25 23:30:00\"},{\"title\":\"ENAP CONFIRMA ALZA HIST\u00d3RICA DE LOS COMBUSTIBLES: $ 391 POR LITRO EN LA GASOLINA DE 97 OCTANOS Y $ 138,5 EN KEROSENE\",\"image\":{\"publicUrl\":\"https:\/\/s3-mspro.nyc3.digitaloceanspaces.com\/tenant\/658d9f90f0909def6c18fa2c\/mediaLibrary\/photo\/6be02dbf-9c97-4427-8a31-c9db72db9972.jpg\",\"privatePhotoUrlWithoutExtension\":\"tenant\/658d9f90f0909def6c18fa2c\/mediaLibrary\/photo\/6be02dbf-9c97-4427-8a31-c9db72db9972\",\"privatePhotoUrl\":\"tenant\/658d9f90f0909def6c18fa2c\/mediaLibrary\/photo\/6be02dbf-9c97-4427-8a31-c9db72db9972-medium-standard-q100.jpg?v=1774473324\",\"photoExtension\":\"jpg?v=1774473324\",\"name\":\"bencinas\",\"photoVersion\":4,\"type\":\"image\"},\"slug\":\"https:\/\/www.radiopolar.com\/enap-confirma-alza-historica-combustibles-391-litro-gasolina-97-octanos-1385-kerosene\",\"primaryAuthor\":{\"id\":\"65ea08428325aff9da63f8f9\",\"name\":\"Prensa Radio Polar\",\"authorName\":\"Prensa Radio Polar\",\"slug\":\"\/author\/prensa-radio-polar\"},\"datePublished\":\"2026-03-25 23:00:00\"},{\"title\":\"IND ANUNCIA INICIO DE OBRAS DEL PARQUE DEPORTIVO BARRIO SUR Y CONFIRMA NUTRIDA AGENDA DEPORTIVA EN MAGALLANES\",\"image\":{\"publicUrl\":\"https:\/\/s3-mspro.nyc3.digitaloceanspaces.com\/tenant\/658d9f90f0909def6c18fa2c\/mediaLibrary\/photo\/b3988d81-dee0-4eb6-9c13-13f65254ade1.jpeg\",\"privatePhotoUrlWithoutExtension\":\"tenant\/658d9f90f0909def6c18fa2c\/mediaLibrary\/photo\/b3988d81-dee0-4eb6-9c13-13f65254ade1\",\"privatePhotoUrl\":\"tenant\/658d9f90f0909def6c18fa2c\/mediaLibrary\/photo\/b3988d81-dee0-4eb6-9c13-13f65254ade1-medium-standard-q100.jpeg?v=1774493843\",\"photoExtension\":\"jpeg?v=1774493843\",\"name\":\"indmagallanes\",\"photoVersion\":4,\"type\":\"image\"},\"slug\":\"https:\/\/www.radiopolar.com\/ind-anuncia-inicio-obras-parque-deportivo-barrio-sur-confirma-nutrida-agenda-deportiva-magallanes\",\"primaryAuthor\":{\"id\":\"65ea08428325aff9da63f8f9\",\"name\":\"Prensa Radio Polar\",\"authorName\":\"Prensa Radio Polar\",\"slug\":\"\/author\/prensa-radio-polar\"},\"datePublished\":\"2026-03-25 22:30:00\"},{\"title\":\"ALCALDE DE CABO DE HORNOS DENUNCIA MICROBASURALES EN ZONAS TUR\u00cdSTICAS DE PUERTO WILLIAMS\",\"image\":{\"publicUrl\":\"https:\/\/s3-mspro.nyc3.digitaloceanspaces.com\/tenant\/658d9f90f0909def6c18fa2c\/mediaLibrary\/photo\/771d56fc-b5b0-4c79-8639-659faa6a4c65.png\",\"privatePhotoUrlWithoutExtension\":\"tenant\/658d9f90f0909def6c18fa2c\/mediaLibrary\/photo\/771d56fc-b5b0-4c79-8639-659faa6a4c65\",\"privatePhotoUrl\":\"tenant\/658d9f90f0909def6c18fa2c\/mediaLibrary\/photo\/771d56fc-b5b0-4c79-8639-659faa6a4c65-medium-standard-q100.png?v=1774473120\",\"photoExtension\":\"png?v=1774473120\",\"name\":\"microbasuraleswilliams\",\"photoVersion\":4,\"type\":\"image\"},\"slug\":\"https:\/\/www.radiopolar.com\/alcalde-cabo-hornos-denuncia-microbasurales-zonas-turisticas-puerto-williams\",\"primaryAuthor\":{\"id\":\"65ea08428325aff9da63f8f9\",\"name\":\"Prensa Radio Polar\",\"authorName\":\"Prensa Radio Polar\",\"slug\":\"\/author\/prensa-radio-polar\"},\"datePublished\":\"2026-03-25 22:00:00\"},{\"title\":\"QUIROZ POR OFICIO DE LA CGR TRAS POST DE \"ESTADO EN QUIEBRA\": \"HAY QUE PREGUNTAR A QUIENES PUBLICARON\"\",\"image\":{\"publicUrl\":\"https:\/\/s3-mspro.nyc3.digitaloceanspaces.com\/tenant\/658d9f90f0909def6c18fa2c\/mediaLibrary\/photo\/613cb632-3fee-439c-87f0-8a4dfaa2abc9.jpg\",\"privatePhotoUrlWithoutExtension\":\"tenant\/658d9f90f0909def6c18fa2c\/mediaLibrary\/photo\/613cb632-3fee-439c-87f0-8a4dfaa2abc9\",\"privatePhotoUrl\":\"tenant\/658d9f90f0909def6c18fa2c\/mediaLibrary\/photo\/613cb632-3fee-439c-87f0-8a4dfaa2abc9-medium-standard-q100.jpg?v=1774472650\",\"photoExtension\":\"jpg?v=1774472650\",\"name\":\"jorge-quiroz-750x400\",\"photoVersion\":4,\"type\":\"image\"},\"slug\":\"https:\/\/www.radiopolar.com\/quiroz-oficio-cgr-post-quiebra-preguntar-publicaron\",\"primaryAuthor\":{\"id\":\"65ea08428325aff9da63f8f9\",\"name\":\"Prensa Radio Polar\",\"authorName\":\"Prensa Radio Polar\",\"slug\":\"\/author\/prensa-radio-polar\"},\"datePublished\":\"2026-03-25 21:00:00\"},{\"title\":\"CONAF MANTIENE CIERRE DE TRAMO EN CIRCUITO MACIZO PAINE Y RESTRINGE ACCESO A BASE TORRES EN EL PARQUE NACIONAL TORRES DEL PAINE\",\"image\":{\"publicUrl\":\"https:\/\/s3-mspro.nyc3.digitaloceanspaces.com\/tenant\/658d9f90f0909def6c18fa2c\/mediaLibrary\/photo\/d65f872f-72b6-4d05-845a-5a4fbbe983ec.jpg\",\"privatePhotoUrlWithoutExtension\":\"tenant\/658d9f90f0909def6c18fa2c\/mediaLibrary\/photo\/d65f872f-72b6-4d05-845a-5a4fbbe983ec\",\"privatePhotoUrl\":\"tenant\/658d9f90f0909def6c18fa2c\/mediaLibrary\/photo\/d65f872f-72b6-4d05-845a-5a4fbbe983ec-medium-standard-q100.jpg?v=1774472395\",\"photoExtension\":\"jpg?v=1774472395\",\"name\":\"sector nevado PNTP 26-03-2026\",\"photoVersion\":4,\"type\":\"image\"},\"slug\":\"https:\/\/www.radiopolar.com\/conaf-mantiene-cierre-tramo-circuito-macizo-paine-restringe-acceso-base-torres-parque-nacional\",\"primaryAuthor\":{\"id\":\"65ea08428325aff9da63f8f9\",\"name\":\"Prensa Radio Polar\",\"authorName\":\"Prensa Radio Polar\",\"slug\":\"\/author\/prensa-radio-polar\"},\"datePublished\":\"2026-03-25 20:00:00\"},{\"title\":\"SEREMI DE SALUD PRESENT\u00d3 RESULTADOS DE VIGILANCIA DE INTENTOS DE SUICIDIO 2025, INFORMACI\u00d3N QUE PERMITE IDENTIFICAR GRUPOS DE RIESGO Y ORIENTAR ACCIONES DE PREVENCI\u00d3N\",\"image\":{\"publicUrl\":\"https:\/\/s3-mspro.nyc3.digitaloceanspaces.com\/tenant\/658d9f90f0909def6c18fa2c\/mediaLibrary\/photo\/e1c8f46f-4f6c-45b3-9992-6cb7cd59f434.JPG\",\"privatePhotoUrlWithoutExtension\":\"tenant\/658d9f90f0909def6c18fa2c\/mediaLibrary\/photo\/e1c8f46f-4f6c-45b3-9992-6cb7cd59f434\",\"privatePhotoUrl\":\"tenant\/658d9f90f0909def6c18fa2c\/mediaLibrary\/photo\/e1c8f46f-4f6c-45b3-9992-6cb7cd59f434-medium-standard-q100.jpg?v=1774472109\",\"photoExtension\":\"jpg?v=1774472109\",\"name\":\"resultadosvigilancialesiones\",\"photoVersion\":4,\"type\":\"image\"},\"slug\":\"https:\/\/www.radiopolar.com\/seremi-salud-presento-resultados-vigilancia-intentos-suicidio-2025-informacion-permite-identificar-grupos-riesgo-orientar-acciones-prevencion\",\"primaryAuthor\":{\"id\":\"65ea08428325aff9da63f8f9\",\"name\":\"Prensa Radio Polar\",\"authorName\":\"Prensa Radio Polar\",\"slug\":\"\/author\/prensa-radio-polar\"},\"datePublished\":\"2026-03-25 19:00:00\"},{\"title\":\"JOS\u00c9 RODOLFO GUAJARDO BARR\u00cdA ASUME COMO SEREMI DE VIVIENDA Y URBANISMO DEL PRESIDENTE KAST\",\"image\":{\"publicUrl\":\"https:\/\/s3-mspro.nyc3.digitaloceanspaces.com\/tenant\/658d9f90f0909def6c18fa2c\/mediaLibrary\/photo\/657ea164-24a0-4c1f-a735-9d9a465e276c.jpeg\",\"privatePhotoUrlWithoutExtension\":\"tenant\/658d9f90f0909def6c18fa2c\/mediaLibrary\/photo\/657ea164-24a0-4c1f-a735-9d9a465e276c\",\"privatePhotoUrl\":\"tenant\/658d9f90f0909def6c18fa2c\/mediaLibrary\/photo\/657ea164-24a0-4c1f-a735-9d9a465e276c-medium-standard-q100.jpeg?v=1774474690\",\"photoExtension\":\"jpeg?v=1774474690\",\"name\":\"rodolfo guajardo barr\u00eda\",\"photoVersion\":4,\"type\":\"image\"},\"slug\":\"https:\/\/www.radiopolar.com\/jose-rodolfo-guajardo-barria-asume-seremi-vivienda-urbanismo-presidente-kast\",\"primaryAuthor\":{\"id\":\"65ea08428325aff9da63f8f9\",\"name\":\"Prensa Radio Polar\",\"authorName\":\"Prensa Radio Polar\",\"slug\":\"\/author\/prensa-radio-polar\"},\"datePublished\":\"2026-03-25 18:30:00\"},{\"title\":\"CONAF SUPERVISA TR\u00c1NSITO DE VISITANTES EN EL MACIZO PAINE ANTE CIERRE PREVENTIVO DE SENDEROS POR MAL TIEMPO\",\"image\":{\"publicUrl\":\"https:\/\/s3-mspro.nyc3.digitaloceanspaces.com\/tenant\/658d9f90f0909def6c18fa2c\/mediaLibrary\/photo\/06a150f5-cd1f-440f-b650-c18866539eb5.jpg\",\"privatePhotoUrlWithoutExtension\":\"tenant\/658d9f90f0909def6c18fa2c\/mediaLibrary\/photo\/06a150f5-cd1f-440f-b650-c18866539eb5\",\"privatePhotoUrl\":\"tenant\/658d9f90f0909def6c18fa2c\/mediaLibrary\/photo\/06a150f5-cd1f-440f-b650-c18866539eb5-medium-standard-q100.jpg?v=1774471739\",\"photoExtension\":\"jpg?v=1774471739\",\"name\":\"Porteria Laguna Amarga\",\"photoVersion\":4,\"type\":\"image\"},\"slug\":\"https:\/\/www.radiopolar.com\/conaf-supervisa-transito-visitantes-macizo-paine-cierre-preventivo-senderos\",\"primaryAuthor\":{\"id\":\"65ea08428325aff9da63f8f9\",\"name\":\"Prensa Radio Polar\",\"authorName\":\"Prensa Radio Polar\",\"slug\":\"\/author\/prensa-radio-polar\"},\"datePublished\":\"2026-03-25 18:00:00\"},{\"title\":\"AMBIPAR REALIZ\u00d3 EJERCICIO DE COMBATE A LA CONTAMINACI\u00d3N EN BAH\u00cdA FILDES\",\"image\":{\"publicUrl\":\"https:\/\/s3-mspro.nyc3.digitaloceanspaces.com\/tenant\/658d9f90f0909def6c18fa2c\/mediaLibrary\/photo\/48240ec4-aacb-43b5-9c81-8e365fa7bf3d.JPG\",\"privatePhotoUrlWithoutExtension\":\"tenant\/658d9f90f0909def6c18fa2c\/mediaLibrary\/photo\/48240ec4-aacb-43b5-9c81-8e365fa7bf3d\",\"privatePhotoUrl\":\"tenant\/658d9f90f0909def6c18fa2c\/mediaLibrary\/photo\/48240ec4-aacb-43b5-9c81-8e365fa7bf3d-medium-standard-q100.jpg?v=1774471437\",\"photoExtension\":\"jpg?v=1774471437\",\"name\":\"Ejercicio contra la contaminaci\u00f3n en antartica 4\",\"photoVersion\":4,\"type\":\"image\"},\"slug\":\"https:\/\/www.radiopolar.com\/ambipar-ejercicio-combate-contaminacion-bahia-fildes\",\"primaryAuthor\":{\"id\":\"65ea08428325aff9da63f8f9\",\"name\":\"Prensa Radio Polar\",\"authorName\":\"Prensa Radio Polar\",\"slug\":\"\/author\/prensa-radio-polar\"},\"datePublished\":\"2026-03-25 17:00:00\"},{\"title\":\"MUNICIPIO ABRE INSCRIPCIONES CON UNA OFERTA DE 30 TALLERES ART\u00cdSTICO-CULTURALES\",\"image\":{\"publicUrl\":\"https:\/\/s3-mspro.nyc3.digitaloceanspaces.com\/tenant\/658d9f90f0909def6c18fa2c\/mediaLibrary\/photo\/49ba3337-c4f9-4659-bfea-12b062f3cf75.jpeg\",\"privatePhotoUrlWithoutExtension\":\"tenant\/658d9f90f0909def6c18fa2c\/mediaLibrary\/photo\/49ba3337-c4f9-4659-bfea-12b062f3cf75\",\"privatePhotoUrl\":\"tenant\/658d9f90f0909def6c18fa2c\/mediaLibrary\/photo\/49ba3337-c4f9-4659-bfea-12b062f3cf75-medium-standard-q100.jpeg?v=1774462520\",\"photoExtension\":\"jpeg?v=1774462520\",\"name\":\"CT 1\",\"photoVersion\":4,\"type\":\"image\"},\"slug\":\"https:\/\/www.radiopolar.com\/municipio-abre-inscripciones-oferta-30-talleres-artistico-culturales\",\"primaryAuthor\":{\"id\":\"65ea08428325aff9da63f8f9\",\"name\":\"Prensa Radio Polar\",\"authorName\":\"Prensa Radio Polar\",\"slug\":\"\/author\/prensa-radio-polar\"},\"datePublished\":\"2026-03-25 16:00:00\"},{\"title\":\"CONTRALOR\u00cdA OFICIA A LA SEGEGOB POR PUBLICACI\u00d3N SOBRE \u201cESTADO EN QUIEBRA\u201d EN CUENTA OFICIAL DE GOBIERNO\",\"image\":{\"publicUrl\":\"https:\/\/s3-mspro.nyc3.digitaloceanspaces.com\/tenant\/658d9f90f0909def6c18fa2c\/mediaLibrary\/photo\/a169e864-866a-44bc-a788-39e16880a13b.webp\",\"privatePhotoUrlWithoutExtension\":\"tenant\/658d9f90f0909def6c18fa2c\/mediaLibrary\/photo\/a169e864-866a-44bc-a788-39e16880a13b\",\"privatePhotoUrl\":\"tenant\/658d9f90f0909def6c18fa2c\/mediaLibrary\/photo\/a169e864-866a-44bc-a788-39e16880a13b-medium-standard-q100.webp?v=1759804692\",\"photoExtension\":\"webp?v=1759804692\",\"name\":\"contraloria\",\"photoVersion\":4,\"type\":\"image\"},\"slug\":\"https:\/\/www.radiopolar.com\/contraloria-oficia-segegob-publicacion-quiebra-oficial-gobierno\",\"primaryAuthor\":{\"id\":\"65ea08428325aff9da63f8f9\",\"name\":\"Prensa Radio Polar\",\"authorName\":\"Prensa Radio Polar\",\"slug\":\"\/author\/prensa-radio-polar\"},\"datePublished\":\"2026-03-25 15:00:00\"},{\"title\":\"PUNTA ARENAS: ADUANAS INCAUT\u00d3 MILES DE PRODUCTOS FALSOS EN MALLS CHINOS\",\"image\":{\"publicUrl\":\"https:\/\/s3-mspro.nyc3.digitaloceanspaces.com\/tenant\/658d9f90f0909def6c18fa2c\/mediaLibrary\/photo\/9da7be74-d25e-40c1-82f7-32043d260d63.jpeg\",\"privatePhotoUrlWithoutExtension\":\"tenant\/658d9f90f0909def6c18fa2c\/mediaLibrary\/photo\/9da7be74-d25e-40c1-82f7-32043d260d63\",\"privatePhotoUrl\":\"tenant\/658d9f90f0909def6c18fa2c\/mediaLibrary\/photo\/9da7be74-d25e-40c1-82f7-32043d260d63-medium-standard-q100.jpeg?v=1774459455\",\"photoExtension\":\"jpeg?v=1774459455\",\"name\":\"aduanaspuntaarenas\",\"photoVersion\":4,\"type\":\"image\"},\"slug\":\"https:\/\/www.radiopolar.com\/punta-arenas-aduanas-incauto-miles-productos-falsos-malls-chinos\",\"primaryAuthor\":{\"id\":\"65ea08428325aff9da63f8f9\",\"name\":\"Prensa Radio Polar\",\"authorName\":\"Prensa Radio Polar\",\"slug\":\"\/author\/prensa-radio-polar\"},\"datePublished\":\"2026-03-25 14:00:00\"},{\"title\":\"DETIENEN A DOS PERSONAS TRAS PERSECUCI\u00d3N POLICIAL POR MICROTR\u00c1FICO Y CONDUCCI\u00d3N BAJO DROGAS EN PUNTA ARENAS\",\"image\":{\"publicUrl\":\"https:\/\/s3-mspro.nyc3.digitaloceanspaces.com\/tenant\/658d9f90f0909def6c18fa2c\/mediaLibrary\/photo\/75d33b0a-ed10-4610-9d79-0f5583f462ec.jpeg\",\"privatePhotoUrlWithoutExtension\":\"tenant\/658d9f90f0909def6c18fa2c\/mediaLibrary\/photo\/75d33b0a-ed10-4610-9d79-0f5583f462ec\",\"privatePhotoUrl\":\"tenant\/658d9f90f0909def6c18fa2c\/mediaLibrary\/photo\/75d33b0a-ed10-4610-9d79-0f5583f462ec-medium-standard-q100.jpeg?v=1774457895\",\"photoExtension\":\"jpeg?v=1774457895\",\"name\":\"detenidospuq24032026\",\"photoVersion\":4,\"type\":\"image\"},\"slug\":\"https:\/\/www.radiopolar.com\/detienen-personas-persecucion-policial-microtrafico-conduccion-drogas-punta-arenas\",\"primaryAuthor\":{\"id\":\"65ea08428325aff9da63f8f9\",\"name\":\"Prensa Radio Polar\",\"authorName\":\"Prensa Radio Polar\",\"slug\":\"\/author\/prensa-radio-polar\"},\"datePublished\":\"2026-03-25 13:00:00\"},{\"title\":\"SECTOR SALUD REFUERZA PESQUISA PRECOZ DE TUBERCULOSIS CON INTERVENCI\u00d3N EDUCATIVA EN ZONAUSTRAL\",\"image\":{\"publicUrl\":\"https:\/\/s3-mspro.nyc3.digitaloceanspaces.com\/tenant\/658d9f90f0909def6c18fa2c\/mediaLibrary\/photo\/de6e1f1f-2e5e-4ee1-b3ed-c25a84d06af3.jpeg\",\"privatePhotoUrlWithoutExtension\":\"tenant\/658d9f90f0909def6c18fa2c\/mediaLibrary\/photo\/de6e1f1f-2e5e-4ee1-b3ed-c25a84d06af3\",\"privatePhotoUrl\":\"tenant\/658d9f90f0909def6c18fa2c\/mediaLibrary\/photo\/de6e1f1f-2e5e-4ee1-b3ed-c25a84d06af3-medium-standard-q100.jpeg?v=1774408669\",\"photoExtension\":\"jpeg?v=1774408669\",\"name\":\"tuberculosis\",\"photoVersion\":4,\"type\":\"image\"},\"slug\":\"https:\/\/www.radiopolar.com\/sector-salud-refuerza-pesquisa-precoz-tuberculosis-intervencion-educativa-zonaustral\",\"primaryAuthor\":{\"id\":\"65ea08428325aff9da63f8f9\",\"name\":\"Prensa Radio Polar\",\"authorName\":\"Prensa Radio Polar\",\"slug\":\"\/author\/prensa-radio-polar\"},\"datePublished\":\"2026-03-25 12:00:00\"},{\"title\":\"PRESIDENTE KAST NOMBRA A IGNACIO MALIG COMO NUEVO DIRECTOR NACIONAL DE CONADI\",\"image\":{\"publicUrl\":\"https:\/\/s3-mspro.nyc3.digitaloceanspaces.com\/tenant\/658d9f90f0909def6c18fa2c\/mediaLibrary\/photo\/685f276a-f5be-4321-b7ef-3a2ddbcd30cb.jpeg\",\"privatePhotoUrlWithoutExtension\":\"tenant\/658d9f90f0909def6c18fa2c\/mediaLibrary\/photo\/685f276a-f5be-4321-b7ef-3a2ddbcd30cb\",\"privatePhotoUrl\":\"tenant\/658d9f90f0909def6c18fa2c\/mediaLibrary\/photo\/685f276a-f5be-4321-b7ef-3a2ddbcd30cb-medium-standard-q100.jpeg?v=1774408297\",\"photoExtension\":\"jpeg?v=1774408297\",\"name\":\"Ignacio Malig\",\"photoVersion\":4,\"type\":\"image\"},\"slug\":\"https:\/\/www.radiopolar.com\/presidente-kast-nombra-ignacio-malig-director-nacional-conadi\",\"primaryAuthor\":{\"id\":\"65ea08428325aff9da63f8f9\",\"name\":\"Prensa Radio Polar\",\"authorName\":\"Prensa Radio Polar\",\"slug\":\"\/author\/prensa-radio-polar\"},\"datePublished\":\"2026-03-25 11:00:00\"},{\"title\":\"CONSEJO DEL SALM\u00d3N IMPULSA RELACI\u00d3N CON LA FDA PARA FORTALECER POSICIONAMIENTO DEL SALM\u00d3N CHILENO EN EE.UU.\",\"image\":{\"publicUrl\":\"https:\/\/s3-mspro.nyc3.digitaloceanspaces.com\/tenant\/658d9f90f0909def6c18fa2c\/mediaLibrary\/photo\/848012fd-e226-4851-992b-19ce72ea48c3.jpg\",\"privatePhotoUrlWithoutExtension\":\"tenant\/658d9f90f0909def6c18fa2c\/mediaLibrary\/photo\/848012fd-e226-4851-992b-19ce72ea48c3\",\"privatePhotoUrl\":\"tenant\/658d9f90f0909def6c18fa2c\/mediaLibrary\/photo\/848012fd-e226-4851-992b-19ce72ea48c3-medium-standard-q100.jpg?v=1774407769\",\"photoExtension\":\"jpg?v=1774407769\",\"name\":\"consejosalmonFDA\",\"photoVersion\":4,\"type\":\"image\"},\"slug\":\"https:\/\/www.radiopolar.com\/consejo-salmon-impulsa-relacion-fda-fortalecer-posicionamiento-chileno-eeuu\",\"primaryAuthor\":{\"id\":\"65ea08428325aff9da63f8f9\",\"name\":\"Prensa Radio Polar\",\"authorName\":\"Prensa Radio Polar\",\"slug\":\"\/author\/prensa-radio-polar\"},\"datePublished\":\"2026-03-25 10:00:00\"},{\"title\":\"AUTORIDAD MAR\u00cdTIMA ACTIV\u00d3 OPERATIVO POR PRESUNTA DESGRACIA EN COSTANERA DEL ESTRECHO\",\"image\":{\"publicUrl\":\"https:\/\/s3-mspro.nyc3.digitaloceanspaces.com\/tenant\/658d9f90f0909def6c18fa2c\/mediaLibrary\/photo\/70a2867e-5192-48d4-8139-28b562166525.jpeg\",\"privatePhotoUrlWithoutExtension\":\"tenant\/658d9f90f0909def6c18fa2c\/mediaLibrary\/photo\/70a2867e-5192-48d4-8139-28b562166525\",\"privatePhotoUrl\":\"tenant\/658d9f90f0909def6c18fa2c\/mediaLibrary\/photo\/70a2867e-5192-48d4-8139-28b562166525-medium-standard-q100.jpeg?v=1774442670\",\"photoExtension\":\"jpeg?v=1774442670\",\"name\":\"autoridad maritima puq\",\"photoVersion\":4,\"type\":\"image\"},\"slug\":\"https:\/\/www.radiopolar.com\/autoridad-maritima-activo-operativo-presunta-desgracia-costanera-estrecho\",\"primaryAuthor\":{\"id\":\"65ea08428325aff9da63f8f9\",\"name\":\"Prensa Radio Polar\",\"authorName\":\"Prensa Radio Polar\",\"slug\":\"\/author\/prensa-radio-polar\"},\"datePublished\":\"2026-03-25 09:30:00\"},{\"title\":\"EXDIRIGENTE AVENDA\u00d1O: \"AUTORIDADES DEBEN REVISAR CONTRATO CON METHANEX ANTES DE PENSAR EN AFECTAR EL SUBSIDIO AL GAS EN MAGALLANES\" (COLUMNA)\",\"image\":{\"publicUrl\":\"https:\/\/s3-mspro.nyc3.digitaloceanspaces.com\/tenant\/658d9f90f0909def6c18fa2c\/mediaLibrary\/photo\/67952567-f614-4c46-a83a-38b1fb6e8e9e.jpg\",\"privatePhotoUrlWithoutExtension\":\"tenant\/658d9f90f0909def6c18fa2c\/mediaLibrary\/photo\/67952567-f614-4c46-a83a-38b1fb6e8e9e\",\"privatePhotoUrl\":\"tenant\/658d9f90f0909def6c18fa2c\/mediaLibrary\/photo\/67952567-f614-4c46-a83a-38b1fb6e8e9e-medium-standard-q100.jpg?v=1771640535\",\"photoExtension\":\"jpg?v=1771640535\",\"name\":\"AAG\",\"photoVersion\":4,\"type\":\"image\"},\"slug\":\"https:\/\/www.radiopolar.com\/exdirigente-avendano-autoridades-revisar-contrato-methanex-pensar-afectar-subsidio-gas-magallanes-columna\",\"primaryAuthor\":{\"id\":\"65ea08428325aff9da63f8f9\",\"name\":\"Prensa Radio Polar\",\"authorName\":\"Prensa Radio Polar\",\"slug\":\"\/author\/prensa-radio-polar\"},\"datePublished\":\"2026-03-25 09:00:00\"},{\"title\":\"ACAD\u00c9MICOS UACH PARTICIPAN DE EXPEDICI\u00d3N CIENT\u00cdFICA EN LA ANT\u00c1RTICA\",\"image\":{\"publicUrl\":\"https:\/\/s3-mspro.nyc3.digitaloceanspaces.com\/tenant\/658d9f90f0909def6c18fa2c\/mediaLibrary\/photo\/c9b52fd1-9978-48f7-8fb2-2ec19c1c6fad.jpeg\",\"privatePhotoUrlWithoutExtension\":\"tenant\/658d9f90f0909def6c18fa2c\/mediaLibrary\/photo\/c9b52fd1-9978-48f7-8fb2-2ec19c1c6fad\",\"privatePhotoUrl\":\"tenant\/658d9f90f0909def6c18fa2c\/mediaLibrary\/photo\/c9b52fd1-9978-48f7-8fb2-2ec19c1c6fad-medium-standard-q100.jpeg?v=1774406210\",\"photoExtension\":\"jpeg?v=1774406210\",\"name\":\"uachantartica\",\"photoVersion\":4,\"type\":\"image\"},\"slug\":\"https:\/\/www.radiopolar.com\/academicos-uach-participan-expedicion-cientifica-antartica\",\"primaryAuthor\":{\"id\":\"65ea08428325aff9da63f8f9\",\"name\":\"Prensa Radio Polar\",\"authorName\":\"Prensa Radio Polar\",\"slug\":\"\/author\/prensa-radio-polar\"},\"datePublished\":\"2026-03-25 08:00:00\"},{\"title\":\"GOBIERNO ASEGURA CONTINUIDAD DEL SUBSIDIO AL GAS EN MAGALLANES PESE A CAMBIOS EN EL MEPCO\",\"image\":{\"publicUrl\":\"https:\/\/s3-mspro.nyc3.digitaloceanspaces.com\/tenant\/658d9f90f0909def6c18fa2c\/mediaLibrary\/photo\/c9473b9f-bfd9-4ea3-9f7b-942c25b443b6.jpeg\",\"privatePhotoUrlWithoutExtension\":\"tenant\/658d9f90f0909def6c18fa2c\/mediaLibrary\/photo\/c9473b9f-bfd9-4ea3-9f7b-942c25b443b6\",\"privatePhotoUrl\":\"tenant\/658d9f90f0909def6c18fa2c\/mediaLibrary\/photo\/c9473b9f-bfd9-4ea3-9f7b-942c25b443b6-medium-standard-q100.jpeg?v=1742777120\",\"photoExtension\":\"jpeg?v=1742777120\",\"name\":\"puntaarenas\",\"photoVersion\":4,\"type\":\"image\"},\"slug\":\"https:\/\/www.radiopolar.com\/gobierno-asegura-continuidad-subsidio-gas-magallanes-pese-cambios-mepco\",\"primaryAuthor\":{\"id\":\"65ea08428325aff9da63f8f9\",\"name\":\"Prensa Radio Polar\",\"authorName\":\"Prensa Radio Polar\",\"slug\":\"\/author\/prensa-radio-polar\"},\"datePublished\":\"2026-03-25 07:00:00\"}]}},{\"i\":\"68a30f96-fa78-4ced-9202-ba017c993485\",\"x\":77,\"y\":5,\"w\":20,\"h\":114,\"id\":\"6598322b593b0ab5a9c16227\",\"name\":\"Componente Widget Banner 1x1\",\"gridCols\":100,\"type\":\"component\",\"data\":{\"displayConfig\":{\"offset\":23,\"limit\":7,\"filterBy\":\"widgets\",\"type\":\"ads\",\"keywords\":[{\"id\":\"65ef180f18fb253977f78cc2\",\"label\":\"Portada Laterales\"}],\"adType\":\"banner\",\"enabledLayer\":true,\"verticalGutter\":2,\"widgetsOrderBy\":\"position\",\"sortBy\":\"asc\"},\"customConfig\":{\"lg\":{\"box-5c855846-d7ab-4946-985d-cfc1dd3cd47fConfig\":{\"changeWidget\":\"box\",\"backgroundColor\":\"#d1d5dbff\"},\"box-5c855846-d7ab-4946-985d-cfc1dd3cd47fLayerOne\":{\"enabled\":true},\"avatar-d115f0f5-9555-46bb-bcb2-054e47ef3e47Config\":{\"changeWidget\":\"avatar\",\"openType\":\"redirectUrl\",\"targetBlank\":true},\"avatar-d115f0f5-9555-46bb-bcb2-054e47ef3e47AttributeFill\":{\"fillOption\":\"widget\",\"attributeFill\":[{\"title\":\"image\",\"canDelete\":true}]}}},\"content\":{\"layouts\":{\"lg\":[{\"i\":\"5c855846-d7ab-4946-985d-cfc1dd3cd47f\",\"x\":0,\"y\":0,\"w\":100,\"h\":100,\"type\":\"widget\",\"framework\":\"mui\",\"data\":\"box\"},{\"i\":\"d115f0f5-9555-46bb-bcb2-054e47ef3e47\",\"x\":3,\"y\":3,\"w\":94,\"h\":94,\"type\":\"widget\",\"framework\":\"mui\",\"data\":\"avatar\"}]}},\"rows\":[{\"name\":\"Portada Laterales 27 \/ 336x336: Publicite aqu\u00ed\",\"image\":{\"publicUrl\":\"https:\/\/s3-mspro.nyc3.digitaloceanspaces.com\/tenant\/658d9f90f0909def6c18fa2c\/mediaLibrary\/photo\/3684423d-68e7-41f3-a811-31fa129983f9.webp\",\"privatePhotoUrlWithoutExtension\":\"tenant\/658d9f90f0909def6c18fa2c\/mediaLibrary\/photo\/3684423d-68e7-41f3-a811-31fa129983f9\",\"privatePhotoUrl\":\"tenant\/658d9f90f0909def6c18fa2c\/mediaLibrary\/photo\/3684423d-68e7-41f3-a811-31fa129983f9-medium-standard-q100.webp?v=1741184258\",\"photoExtension\":\"webp?v=1741184258\",\"type\":\"image\",\"name\":\"publicite aqu\u00ed\",\"updatedAt\":\"2025-03-05T14:17:38.310Z\",\"photoVersion\":4},\"redirectUrl\":\"https:\/\/www.radiopolar.com\/\"},{\"name\":\"Portada Laterales 28 \/ 336x336: Publicite aqui\",\"image\":{\"publicUrl\":\"https:\/\/s3-mspro.nyc3.digitaloceanspaces.com\/tenant\/658d9f90f0909def6c18fa2c\/mediaLibrary\/photo\/e085b762-3ba1-4786-891f-ead0903eb8f1.webp\",\"privatePhotoUrlWithoutExtension\":\"tenant\/658d9f90f0909def6c18fa2c\/mediaLibrary\/photo\/e085b762-3ba1-4786-891f-ead0903eb8f1\",\"privatePhotoUrl\":\"tenant\/658d9f90f0909def6c18fa2c\/mediaLibrary\/photo\/e085b762-3ba1-4786-891f-ead0903eb8f1-medium-standard-q100.webp?v=1742908913\",\"photoExtension\":\"webp?v=1742908913\",\"type\":\"image\",\"name\":\"publicite aqui\",\"updatedAt\":\"2025-03-25T13:21:53.519Z\",\"photoVersion\":4},\"redirectUrl\":\"https:\/\/www.radiopolar.com\/\"},{\"name\":\"Portada Laterales 29 \/ 336x336: Publicite aqui\",\"image\":{\"publicUrl\":\"https:\/\/s3-mspro.nyc3.digitaloceanspaces.com\/tenant\/658d9f90f0909def6c18fa2c\/mediaLibrary\/photo\/20f9fc9d-4ab5-42da-808d-40eb13ad6690.png\",\"privatePhotoUrlWithoutExtension\":\"tenant\/658d9f90f0909def6c18fa2c\/mediaLibrary\/photo\/20f9fc9d-4ab5-42da-808d-40eb13ad6690\",\"privatePhotoUrl\":\"tenant\/658d9f90f0909def6c18fa2c\/mediaLibrary\/photo\/20f9fc9d-4ab5-42da-808d-40eb13ad6690-medium-standard-q100.png?v=1738757611\",\"photoExtension\":\"png?v=1738757611\",\"type\":\"image\",\"name\":\"PUBLICITEAQUI336X336\",\"updatedAt\":\"2025-02-05T12:13:31.922Z\",\"photoVersion\":4},\"redirectUrl\":\"https:\/\/www.radiopolar.com\/\"},{\"name\":\"Portada Laterales 30 \/ 336x336: PUBLICITE AQU\u00cd\",\"image\":{\"publicUrl\":\"https:\/\/s3-mspro.nyc3.digitaloceanspaces.com\/tenant\/658d9f90f0909def6c18fa2c\/mediaLibrary\/photo\/20f9fc9d-4ab5-42da-808d-40eb13ad6690.png\",\"privatePhotoUrlWithoutExtension\":\"tenant\/658d9f90f0909def6c18fa2c\/mediaLibrary\/photo\/20f9fc9d-4ab5-42da-808d-40eb13ad6690\",\"privatePhotoUrl\":\"tenant\/658d9f90f0909def6c18fa2c\/mediaLibrary\/photo\/20f9fc9d-4ab5-42da-808d-40eb13ad6690-medium-standard-q100.png?v=1738757611\",\"photoExtension\":\"png?v=1738757611\",\"type\":\"image\",\"name\":\"PUBLICITEAQUI336X336\",\"updatedAt\":\"2025-02-05T12:13:31.922Z\",\"photoVersion\":4},\"redirectUrl\":\"https:\/\/www.radiopolar.com\/\"},{\"name\":\"Portada Laterales 27 \/ 336x336: PUBLICITE AQUI\",\"image\":{\"publicUrl\":\"https:\/\/s3-mspro.nyc3.digitaloceanspaces.com\/tenant\/658d9f90f0909def6c18fa2c\/mediaLibrary\/photo\/9f76f33d-1774-4fd2-9dea-d4473d6b6ef4.gif\",\"privatePhotoUrlWithoutExtension\":\"tenant\/658d9f90f0909def6c18fa2c\/mediaLibrary\/photo\/9f76f33d-1774-4fd2-9dea-d4473d6b6ef4\",\"privatePhotoUrl\":\"tenant\/658d9f90f0909def6c18fa2c\/mediaLibrary\/photo\/9f76f33d-1774-4fd2-9dea-d4473d6b6ef4.gif\",\"photoExtension\":\"gif\",\"type\":\"image\",\"name\":\"PUBLICITE AQUI 250x250\",\"updatedAt\":\"2025-02-11T19:30:47.857Z\",\"photoVersion\":4},\"redirectUrl\":\"https:\/\/www.radiopolar.com\/\"}]}},{\"i\":\"ab45f052-cc49-401b-a75b-c8fe25293dba\",\"x\":7,\"y\":139,\"w\":64,\"h\":5,\"id\":\"65f468c8dfa067113b085d4a\",\"name\":\"Cargas M\u00e1s ok Desktop\",\"gridCols\":100,\"type\":\"component\",\"data\":{\"displayConfig\":{\"enabledLayer\":true},\"customConfig\":{\"lg\":{\"button-c4c10826-ae6f-47a2-9d35-899dbbfa8943Config\":{\"customTitle\":\"Cargar m\u00e1s\",\"optionColor\":\"primary\",\"changeWidget\":\"button\",\"openType\":\"loadMoreRows\",\"progressType\":\"linear\",\"progressColor\":\"primary\",\"fontSize\":1.2,\"backgroundColor\":\"primary\"},\"button-c4c10826-ae6f-47a2-9d35-899dbbfa8943LayerOne\":{\"enabled\":true}}},\"content\":{\"layouts\":{\"lg\":[{\"i\":\"c4c10826-ae6f-47a2-9d35-899dbbfa8943\",\"x\":0,\"y\":6,\"w\":100,\"h\":4,\"type\":\"widget\",\"framework\":\"mui\",\"data\":\"button\"}]}}}}]}}}]},{\"id\":\"659ede15fd38f6b9e7990e19\",\"name\":\"Seccion Inicio Mobile\",\"active\":true,\"containers\":[{\"id\":\"659efbecfd38f67d6899199a\",\"name\":\"Contenedor Portada Inicio Publicidad Horizontal Mobile\",\"active\":true,\"renderAs\":\"server\",\"gridCols\":{\"lg\":100,\"md\":100,\"xs\":100,\"daily\":100},\"marginRight\":30,\"marginBottom\":0,\"marginLeft\":30},{\"id\":\"659f189652554333338306a8\",\"name\":\"Contenedor Portada Home Mobile\",\"active\":true,\"renderAs\":\"server\",\"gridCols\":{\"lg\":100,\"md\":100,\"xs\":100,\"daily\":100},\"marginRight\":30,\"marginBottom\":0,\"marginLeft\":30},{\"id\":\"690a462c4a00676085afb292\",\"name\":\"Container Elecciones Mobile\",\"active\":true,\"renderAs\":\"server\",\"gridCols\":{\"lg\":100,\"md\":100,\"xs\":100,\"daily\":100},\"content\":{\"config\":{\"lg\":{\"compactType\":\"horizontal\"}}}},{\"id\":\"65f065fd3cefd37e1a547f12\",\"name\":\"Contenedor 1 Inicio Publicidad Mobile\",\"active\":true,\"renderAs\":\"server\",\"gridCols\":{\"lg\":100,\"md\":100,\"xs\":100,\"daily\":100},\"marginRight\":30,\"marginLeft\":30},{\"id\":\"659ef467fd38f651a19918f0\",\"name\":\"Contenedor Inicio Noticias Mobile\",\"active\":true,\"renderAs\":\"server\",\"gridCols\":{\"lg\":100,\"md\":100,\"xs\":100,\"daily\":100},\"marginRight\":30,\"marginBottom\":0,\"marginLeft\":30},{\"id\":\"659ef2f7fd38f64b8899184a\",\"name\":\"Contenedor 2 Inicio Publicidad Mobile\",\"active\":true,\"renderAs\":\"server\",\"gridCols\":{\"lg\":100,\"md\":100,\"xs\":100,\"daily\":100},\"marginRight\":30,\"marginBottom\":0,\"marginLeft\":30},{\"id\":\"659efe24fd38f6a5db991a44\",\"name\":\"Contenedor 2 Inicio Noticias Mobile\",\"active\":true,\"renderAs\":\"server\",\"gridCols\":{\"lg\":100,\"md\":100,\"xs\":100,\"daily\":100},\"marginRight\":30,\"marginBottom\":0,\"marginLeft\":30},{\"id\":\"659f0285fd38f64a54991a4e\",\"name\":\"Contenedor 3 Inicio Publicidad Mobile x2\",\"active\":true,\"renderAs\":\"server\",\"gridCols\":{\"lg\":100,\"md\":100,\"xs\":100,\"daily\":100},\"marginRight\":30,\"marginBottom\":0,\"marginLeft\":30},{\"id\":\"659f03cafd38f6480c991a53\",\"name\":\"Contenedor 3  Inicio Noticias Mobile\",\"active\":true,\"renderAs\":\"server\",\"gridCols\":{\"lg\":100,\"md\":100,\"xs\":100,\"daily\":100},\"marginRight\":30,\"marginBottom\":0,\"marginLeft\":30},{\"id\":\"659f0507fd38f652b5991a60\",\"name\":\"Contenedor 4 Inicio Publicidad Mobile\",\"active\":true,\"renderAs\":\"server\",\"gridCols\":{\"lg\":100,\"md\":100,\"xs\":100,\"daily\":100},\"marginRight\":30,\"marginBottom\":0,\"marginLeft\":30},{\"id\":\"659f05d3fd38f62d2d991a74\",\"name\":\"Contenedor 4 Inicio Noticias Mobile\",\"active\":true,\"renderAs\":\"server\",\"gridCols\":{\"lg\":100,\"md\":100,\"xs\":100,\"daily\":100},\"marginRight\":30,\"marginBottom\":0,\"marginLeft\":30},{\"id\":\"659f06aafd38f67da1991a7b\",\"name\":\"Contenedor Inicio 5 Publicidad x2 Mobile\",\"active\":true,\"renderAs\":\"server\",\"gridCols\":{\"lg\":100,\"md\":100,\"xs\":100,\"daily\":100},\"marginRight\":30,\"marginBottom\":0,\"marginLeft\":30},{\"id\":\"659f07c5fd38f609ea991bbb\",\"name\":\"Contenedor 5 Inicio Noticias Mobile\",\"active\":true,\"renderAs\":\"server\",\"gridCols\":{\"lg\":100,\"md\":100,\"xs\":100,\"daily\":100},\"marginRight\":30,\"marginBottom\":0,\"marginLeft\":30},{\"id\":\"659f082ffd38f65745991bc1\",\"name\":\"Contenedor Inicio 6 Publicidad x2 Mobile\",\"active\":true,\"renderAs\":\"server\",\"gridCols\":{\"lg\":100,\"md\":100,\"xs\":100,\"daily\":100},\"marginRight\":30,\"marginBottom\":0,\"marginLeft\":30},{\"id\":\"659f08b2fd38f61af0991bc6\",\"name\":\"Contenedor 6 Inicio Noticias Mobile\",\"active\":true,\"renderAs\":\"server\",\"gridCols\":{\"lg\":100,\"md\":100,\"xs\":100,\"daily\":100},\"marginRight\":30,\"marginBottom\":0,\"marginLeft\":30},{\"id\":\"659f0925fd38f64152991bca\",\"name\":\"Contenedor Inicio 7 Publicidad x2 Mobile\",\"active\":true,\"renderAs\":\"server\",\"gridCols\":{\"lg\":100,\"md\":100,\"xs\":100,\"daily\":100},\"marginRight\":30,\"marginBottom\":0,\"marginLeft\":30},{\"id\":\"659f09c1fd38f6740d991bce\",\"name\":\"Contenedor 7 Inicio Noticias Mobile\",\"active\":true,\"renderAs\":\"server\",\"gridCols\":{\"lg\":100,\"md\":100,\"xs\":100,\"daily\":100},\"marginRight\":30,\"marginBottom\":0,\"marginLeft\":30},{\"id\":\"659f0a2dfd38f6d88e991bd2\",\"name\":\"Contenedor Inicio 8 Publicidad x2 Mobile\",\"active\":true,\"renderAs\":\"server\",\"gridCols\":{\"lg\":100,\"md\":100,\"xs\":100,\"daily\":100},\"marginRight\":30,\"marginBottom\":0,\"marginLeft\":30},{\"id\":\"659f0ae9a055ed3d6765ed7c\",\"name\":\"Contenedor 8 Inicio Noticias Mobile\",\"active\":true,\"renderAs\":\"server\",\"gridCols\":{\"lg\":100,\"md\":100,\"xs\":100,\"daily\":100},\"marginRight\":30,\"marginBottom\":0,\"marginLeft\":30},{\"id\":\"659f0b48a055ed8bdf65ed80\",\"name\":\"Contenedor Inicio 9 Publicidad x2 Mobile\",\"active\":true,\"renderAs\":\"server\",\"gridCols\":{\"lg\":100,\"md\":100,\"xs\":100,\"daily\":100},\"marginRight\":30,\"marginBottom\":0,\"marginLeft\":30},{\"id\":\"659f0bc2a055ed815765ed83\",\"name\":\"Contenedor 9 Inicio Noticias Mobile\",\"active\":true,\"renderAs\":\"server\",\"gridCols\":{\"lg\":100,\"md\":100,\"xs\":100,\"daily\":100},\"marginRight\":30,\"marginBottom\":0,\"marginLeft\":30},{\"id\":\"659f0cd3a055edefe865ed8c\",\"name\":\"Contenedor 10 Inicio Publicidad x1 Mobile\",\"active\":true,\"renderAs\":\"server\",\"gridCols\":{\"lg\":100,\"md\":100,\"xs\":100,\"daily\":100},\"marginRight\":30,\"marginBottom\":0,\"marginLeft\":30},{\"id\":\"659f0e65a055ed408d65ed9a\",\"name\":\"Contenedor 10 Inicio Noticias Mobile\",\"active\":true,\"renderAs\":\"server\",\"gridCols\":{\"lg\":100,\"md\":100,\"xs\":100,\"daily\":100},\"marginRight\":30,\"marginBottom\":0,\"marginLeft\":30},{\"id\":\"659f0c58a055ede65c65ed88\",\"name\":\"Contenedor Inicio 11 Publicidad x2 Mobile\",\"active\":true,\"renderAs\":\"server\",\"gridCols\":{\"lg\":100,\"md\":100,\"xs\":100,\"daily\":100},\"marginRight\":30,\"marginBottom\":0,\"marginLeft\":30},{\"id\":\"659f1013a055ed9f4165edb0\",\"name\":\"Contenedor 11 Inicio Noticias Mobile\",\"active\":true,\"renderAs\":\"server\",\"gridCols\":{\"lg\":100,\"md\":100,\"xs\":100,\"daily\":100},\"marginRight\":30,\"marginBottom\":0,\"marginLeft\":30},{\"id\":\"659f107ea055ed64bc65edb3\",\"name\":\"Contenedor 12 Inicio Publicidad x1 Mobile\",\"active\":true,\"renderAs\":\"server\",\"gridCols\":{\"lg\":100,\"md\":100,\"xs\":100,\"daily\":100},\"marginRight\":30,\"marginBottom\":0,\"marginLeft\":30},{\"id\":\"659f11bfa055ed266a65ee5b\",\"name\":\"Contenedor 12 Inicio Noticias Mobile\",\"active\":true,\"renderAs\":\"server\",\"gridCols\":{\"lg\":100,\"md\":100,\"xs\":100,\"daily\":100},\"marginRight\":30,\"marginBottom\":0,\"marginLeft\":30},{\"id\":\"659fe350e23a0e501116e2d8\",\"name\":\"Contenedor Inicio 13 Publicidad x2 Mobile\",\"active\":true,\"renderAs\":\"server\",\"gridCols\":{\"lg\":100,\"md\":100,\"xs\":100,\"daily\":100},\"marginRight\":30,\"marginBottom\":0,\"marginLeft\":30},{\"id\":\"659fe3e0e23a0e431116e2dc\",\"name\":\"Contenedor 13 Inicio Noticias Mobile\",\"active\":true,\"renderAs\":\"server\",\"gridCols\":{\"lg\":100,\"md\":100,\"xs\":100,\"daily\":100},\"marginRight\":30,\"marginBottom\":0,\"marginLeft\":30},{\"id\":\"659fe594e23a0e5ffb16e2e7\",\"name\":\"Contenedor Inicio 14 Publicidad x2 Mobile\",\"active\":true,\"renderAs\":\"server\",\"gridCols\":{\"lg\":100,\"md\":100,\"xs\":100,\"daily\":100},\"marginRight\":30,\"marginBottom\":0,\"marginLeft\":30},{\"id\":\"659fe64ce23a0e9c2616e2eb\",\"name\":\"Contenedor 14 Inicio Noticias Mobile\",\"active\":true,\"renderAs\":\"server\",\"gridCols\":{\"lg\":100,\"md\":100,\"xs\":100,\"daily\":100},\"marginRight\":30,\"marginBottom\":0,\"marginLeft\":30},{\"id\":\"659fe6d3e23a0e55d716e2ef\",\"name\":\"Contenedor Inicio 15 Publicidad x2 Mobile\",\"active\":true,\"renderAs\":\"server\",\"gridCols\":{\"lg\":100,\"md\":100,\"xs\":100,\"daily\":100},\"marginRight\":30,\"marginBottom\":0,\"marginLeft\":30},{\"id\":\"659fe78de23a0e1dfd16e38e\",\"name\":\"Contenedor 15 Inicio Noticias Mobile\",\"active\":true,\"renderAs\":\"server\",\"gridCols\":{\"lg\":100,\"md\":100,\"xs\":100,\"daily\":100},\"marginRight\":30,\"marginBottom\":0,\"marginLeft\":30},{\"id\":\"659fe882e23a0ec5f516e433\",\"name\":\"Contenedor 16 Inicio Publicidad x1 Mobile\",\"active\":true,\"renderAs\":\"server\",\"gridCols\":{\"lg\":100,\"md\":100,\"xs\":100,\"daily\":100},\"marginRight\":30,\"marginBottom\":0,\"marginLeft\":30},{\"id\":\"659fe96de23a0ec4cf16e437\",\"name\":\"Contenedor 16 Inicio Noticias Mobile\",\"active\":true,\"renderAs\":\"server\",\"gridCols\":{\"lg\":100,\"md\":100,\"xs\":100,\"daily\":100},\"marginRight\":30,\"marginBottom\":0,\"marginLeft\":30},{\"id\":\"659fea21e23a0e550116e43d\",\"name\":\"Contenedor Inicio 17 Publicidad x2 Mobile\",\"active\":true,\"renderAs\":\"server\",\"gridCols\":{\"lg\":100,\"md\":100,\"xs\":100,\"daily\":100},\"marginRight\":30,\"marginBottom\":0,\"marginLeft\":30},{\"id\":\"659feb58e23a0e013016e445\",\"name\":\"Contenedor 17 Inicio Noticias Mobile\",\"active\":true,\"renderAs\":\"server\",\"gridCols\":{\"lg\":100,\"md\":100,\"xs\":100,\"daily\":100},\"marginRight\":30,\"marginBottom\":0,\"marginLeft\":30},{\"id\":\"659febffe23a0e983d16e449\",\"name\":\"Contenedor 18 Inicio Publicidad x1 Mobile\",\"active\":true,\"renderAs\":\"server\",\"gridCols\":{\"lg\":100,\"md\":100,\"xs\":100,\"daily\":100},\"marginRight\":30,\"marginBottom\":0,\"marginLeft\":30},{\"id\":\"659fec98e23a0e33d316e44f\",\"name\":\"Contenedor 18 Inicio Noticias Mobile\",\"active\":true,\"renderAs\":\"server\",\"gridCols\":{\"lg\":100,\"md\":100,\"xs\":100,\"daily\":100},\"marginRight\":30,\"marginBottom\":0,\"marginLeft\":30},{\"id\":\"659fed38e23a0eaaaa16e454\",\"name\":\"Contenedor 19 Inicio Publicidad x1 Mobile\",\"active\":true,\"renderAs\":\"server\",\"gridCols\":{\"lg\":100,\"md\":100,\"xs\":100,\"daily\":100},\"marginRight\":30,\"marginBottom\":0,\"marginLeft\":30},{\"id\":\"659fed9ee23a0e215a16e458\",\"name\":\"Contenedor 19 Inicio Noticias Mobile\",\"active\":true,\"renderAs\":\"server\",\"gridCols\":{\"lg\":100,\"md\":100,\"xs\":100,\"daily\":100},\"marginRight\":30,\"marginBottom\":0,\"marginLeft\":30},{\"id\":\"659fee32e23a0e59fc16e45d\",\"name\":\"Contenedor Inicio 20 Publicidad x1 Mobile\",\"active\":true,\"renderAs\":\"server\",\"gridCols\":{\"lg\":100,\"md\":100,\"xs\":100,\"daily\":100},\"marginRight\":30,\"marginBottom\":0,\"marginLeft\":30},{\"id\":\"659feea1e23a0ef0b816e461\",\"name\":\"Contenedor 20 Inicio Noticias Mobile\",\"active\":true,\"renderAs\":\"server\",\"gridCols\":{\"lg\":100,\"md\":100,\"xs\":100,\"daily\":100},\"marginRight\":30,\"marginBottom\":0,\"marginLeft\":30},{\"id\":\"659fef41e23a0e5f7916e466\",\"name\":\"Contenedor 21 Inicio Publicidad x1 Mobile\",\"active\":true,\"renderAs\":\"server\",\"gridCols\":{\"lg\":100,\"md\":100,\"xs\":100,\"daily\":100},\"marginRight\":30,\"marginBottom\":0,\"marginLeft\":30},{\"id\":\"659fefb0e23a0e31dc16e469\",\"name\":\"Contenedor 21 Inicio Noticias Mobile\",\"active\":true,\"renderAs\":\"server\",\"gridCols\":{\"lg\":100,\"md\":100,\"xs\":100,\"daily\":100},\"marginRight\":30,\"marginBottom\":0,\"marginLeft\":30},{\"id\":\"659ff0e8e23a0e55cd16e471\",\"name\":\"Contenedor 22 Inicio Noticias Mobile\",\"active\":true,\"renderAs\":\"server\",\"gridCols\":{\"lg\":100,\"md\":100,\"xs\":100,\"daily\":100},\"marginRight\":30,\"marginBottom\":0,\"marginLeft\":30},{\"id\":\"659ff1a5e23a0e839616e479\",\"name\":\"Contenedor 23 Inicio Noticias Mobile\",\"active\":true,\"renderAs\":\"server\",\"gridCols\":{\"lg\":100,\"md\":100,\"xs\":100,\"daily\":100},\"marginRight\":30,\"marginBottom\":0,\"marginLeft\":30},{\"id\":\"659ff2d4e23a0e67d316e485\",\"name\":\"Contenedor 24 Inicio Noticias Mobile\",\"active\":true,\"renderAs\":\"server\",\"gridCols\":{\"lg\":100,\"md\":100,\"xs\":100,\"daily\":100},\"marginRight\":30,\"marginBottom\":0,\"marginLeft\":30},{\"id\":\"659ff813e23a0eb9ed16e6c4\",\"name\":\"Contenedor 25 Noticia x1\",\"active\":true,\"renderAs\":\"server\",\"gridCols\":{\"lg\":100,\"md\":100,\"xs\":100,\"daily\":100},\"marginRight\":30,\"marginBottom\":0,\"marginLeft\":30}]},{\"id\":\"659814ea593b0a2f29c15af8\",\"name\":\"Seccion Footer\",\"active\":true,\"containers\":[{\"id\":\"65982b8f4cf1445bf67b6306\",\"name\":\"contenedor footer\",\"active\":true,\"renderAs\":\"server\",\"gridCols\":{\"lg\":100,\"md\":100,\"xs\":100,\"daily\":100},\"content\":{\"config\":{\"lg\":{\"compactType\":\"horizontal\"}},\"layouts\":{\"lg\":[{\"i\":\"f59aa44b-4ce3-4b43-9eba-b8b0f367581c\",\"x\":0,\"y\":4,\"w\":100,\"h\":15,\"id\":\"65981bb39f44814f5a22a3d9\",\"name\":\"Componente footer\",\"gridCols\":100,\"type\":\"component\",\"data\":{\"customConfig\":{\"lg\":{\"box-7c1ab038-fffd-4f21-acb6-8ef58036689eConfig\":{\"changeWidget\":\"box\",\"backgroundColor\":\"#000000ff\"},\"box-7c1ab038-fffd-4f21-acb6-8ef58036689eLayerOne\":{\"enabled\":true},\"box-faa3bb0e-f538-4b2d-9fd1-4ea7b77b8723Config\":{\"changeWidget\":\"box\",\"color\":\"primary\",\"backgroundColor\":\"primary\"},\"box-faa3bb0e-f538-4b2d-9fd1-4ea7b77b8723LayerOne\":{\"enabled\":true},\"avatar-9ed8ad8e-878e-47fe-8ee6-9fdf8d272eb0Config\":{\"changeWidget\":\"avatar\",\"avatarObjectFit\":\"contain\"},\"typography-1a6d041d-aa1f-4175-941c-705d6c690432Config\":{\"changeWidget\":\"typography\",\"fontSize\":1.3,\"color\":\"#9ca3afff\",\"customTitle\":\"Bories #871 Piso 2, Punta Arenas - Chile secretaria@radiopolar.com \/ prensa@radiopolar.com +56 61 2241417 \/ +56 61 2241909\",\"typographyMaxLength\":10000,\"allowOverride\":{\"enabled\":true,\"color\":true,\"backgroundColor\":true}},\"typography-1a6d041d-aa1f-4175-941c-705d6c690432LayerOne\":{\"enabled\":true},\"avatar-4041e13c-d5f7-4c5a-8438-a349bd26c749Config\":{\"changeWidget\":\"avatar\",\"avatarObjectFit\":\"contain\",\"avatarFile\":{\"publicUrl\":\"https:\/\/s3-mspro.nyc3.digitaloceanspaces.com\/tenant\/658d9f90f0909def6c18fa2c\/mediaLibrary\/photo\/c4afdcb6-1559-4db1-b3bd-4b668e9f7a50.png\",\"privatePhotoUrlWithoutExtension\":\"tenant\/658d9f90f0909def6c18fa2c\/mediaLibrary\/photo\/c4afdcb6-1559-4db1-b3bd-4b668e9f7a50\",\"privatePhotoUrl\":\"tenant\/658d9f90f0909def6c18fa2c\/mediaLibrary\/photo\/c4afdcb6-1559-4db1-b3bd-4b668e9f7a50-medium-standard-q100.png?v=1704468393\",\"photoExtension\":\"png?v=1704468393\",\"type\":\"image\",\"name\":\"logopolartv\",\"updatedAt\":\"2024-01-05T15:26:33.085Z\",\"photoVersion\":4}},\"typography-535671c9-6d72-44ec-9456-93853f161506Config\":{\"changeWidget\":\"typography\",\"fontSize\":1.3,\"alignContent\":\"right\",\"color\":\"#9ca3afff\",\"customTitle\":\"960 AM Para toda la region 96.5 FM Punta Arenas y Porvenir 98.5 FM Puerto Natales\",\"typographyMaxLength\":1000},\"typography-535671c9-6d72-44ec-9456-93853f161506LayerOne\":{\"enabled\":true},\"typography-535671c9-6d72-44ec-9456-93853f161506LayerTwo\":{\"enabled\":true},\"avatar-5943fdc8-dc2e-48af-8fa6-1014b02ac46dConfig\":{\"changeWidget\":\"avatar\",\"avatarObjectFit\":\"contain\",\"avatarFile\":{\"publicUrl\":\"https:\/\/s3-mspro.nyc3.digitaloceanspaces.com\/tenant\/658d9f90f0909def6c18fa2c\/mediaLibrary\/photo\/ab145b81-1467-4b92-99c1-c6d16ef26472.png\",\"privatePhotoUrlWithoutExtension\":\"tenant\/658d9f90f0909def6c18fa2c\/mediaLibrary\/photo\/ab145b81-1467-4b92-99c1-c6d16ef26472\",\"privatePhotoUrl\":\"tenant\/658d9f90f0909def6c18fa2c\/mediaLibrary\/photo\/ab145b81-1467-4b92-99c1-c6d16ef26472-medium-standard-q100.png?v=1704469113\",\"photoExtension\":\"png?v=1704469113\",\"type\":\"image\",\"name\":\"radiow (1)\",\"updatedAt\":\"2024-01-05T15:38:33.530Z\",\"photoVersion\":4}},\"typography-38cdc19d-f3f8-47cc-ae43-cb9c5a0b268fConfig\":{\"changeWidget\":\"typography\",\"fontSize\":1.3,\"color\":\"#9ca3afff\",\"customTitle\":\"Canal 2 Tv Abierta Analoga. Canal 38.1 - 38.2 Tv Digital Canal 28 Tv Red, Punta Arenas Canal 77 Tv Red, Puerto Natales Canal 41 Claro, Puenta Arenas\",\"typographyMaxLength\":1000,\"alignContent\":\"right\"},\"typography-38cdc19d-f3f8-47cc-ae43-cb9c5a0b268fLayerOne\":{\"enabled\":true},\"icon-88952d00-7e4e-4b00-95b6-f2712dab4799Config\":{\"changeWidget\":\"icon\",\"fontSize\":0.3,\"color\":\"#ffffffff\",\"customIcon\":\"ti\/TiSocialFacebook\",\"openType\":\"url\",\"targetBlank\":true,\"customUrl\":\"https:\/\/www.facebook.com\/radiopolar\"},\"icon-88952d00-7e4e-4b00-95b6-f2712dab4799LayerOne\":{\"enabled\":true},\"icon-07e7b60a-8450-4828-94fa-97123bd4943cConfig\":{\"changeWidget\":\"icon\",\"color\":\"#ffffffff\",\"customIcon\":\"bi\/BiLogoTwitter\",\"typographyMaxLength\":1000,\"backgroundColor\":\"#000000ff\",\"openType\":\"url\",\"targetBlank\":true,\"customUrl\":\"https:\/\/twitter.com\/RadioPolar\"},\"icon-07e7b60a-8450-4828-94fa-97123bd4943cLayerOne\":{\"enabled\":true},\"icon-07e7b60a-8450-4828-94fa-97123bd4943cLayerTwo\":{\"enabled\":true},\"icon-a300ca3c-8a72-4f04-abc9-f8f02e0ee73eConfig\":{\"changeWidget\":\"icon\",\"color\":\"#ffffffff\",\"customIcon\":\"bi\/BiLogoInstagramAlt\",\"openType\":\"url\",\"targetBlank\":true,\"customUrl\":\"https:\/\/www.instagram.com\/polarcomunicaciones\/\"},\"icon-a300ca3c-8a72-4f04-abc9-f8f02e0ee73eLayerOne\":{\"enabled\":true},\"icon-8e8aba7b-57f1-498c-95ca-a784137395c5Config\":{\"changeWidget\":\"icon\",\"color\":\"#ffffffff\",\"customIcon\":\"bi\/BiLogoYoutube\",\"openType\":\"url\",\"targetBlank\":true,\"customUrl\":\"https:\/\/www.youtube.com\/polarcomunicaciones\"},\"icon-8e8aba7b-57f1-498c-95ca-a784137395c5LayerOne\":{\"enabled\":true},\"icon-3d3cef0a-3012-4e72-9923-9277cc8d3cebConfig\":{\"changeWidget\":\"icon\",\"color\":\"#ffffffff\",\"customIcon\":\"bi\/BiLogoWhatsapp\",\"openType\":\"url\",\"targetBlank\":true,\"customUrl\":\"https:\/\/api.whatsapp.com\/send\/?phone=%2B56993453426u0026textu0026type=phone_numberu0026app_absent=0\"},\"icon-3d3cef0a-3012-4e72-9923-9277cc8d3cebLayerOne\":{\"enabled\":true},\"typography-f801a3bf-c3bd-4aa6-86a0-ad11a5fe8a8bConfig\":{\"changeWidget\":\"typography\",\"fontSize\":1,\"color\":\"#ffffffff\",\"customTitle\":\"\u00a9 Copyright 2022 RadioPolar.com Todos los derechos reservados.\",\"typographyMaxLength\":100000,\"alignContent\":\"center\"},\"typography-f801a3bf-c3bd-4aa6-86a0-ad11a5fe8a8bLayerOne\":{\"enabled\":true},\"typography-38cdc19d-f3f8-47cc-ae43-cb9c5a0b268fLayerTwo\":{\"enabled\":true},\"typography-f801a3bf-c3bd-4aa6-86a0-ad11a5fe8a8bLayerTwo\":{\"enabled\":true},\"avatar-9ed8ad8e-878e-47fe-8ee6-9fdf8d272eb0AttributeFill\":{\"fillOption\":\"setting\",\"attributeFill\":[{\"title\":\"logoFooter\",\"canDelete\":true}]}}},\"content\":{\"layouts\":{\"lg\":[{\"i\":\"7c1ab038-fffd-4f21-acb6-8ef58036689e\",\"x\":0,\"y\":0,\"w\":100,\"h\":21,\"type\":\"widget\",\"framework\":\"mui\",\"data\":\"box\"},{\"i\":\"faa3bb0e-f538-4b2d-9fd1-4ea7b77b8723\",\"x\":0,\"y\":19,\"w\":100,\"h\":2,\"type\":\"widget\",\"framework\":\"mui\",\"data\":\"box\"},{\"i\":\"9ed8ad8e-878e-47fe-8ee6-9fdf8d272eb0\",\"x\":2,\"y\":0,\"w\":19,\"h\":6,\"type\":\"widget\",\"framework\":\"mui\",\"data\":\"avatar\"},{\"i\":\"1a6d041d-aa1f-4175-941c-705d6c690432\",\"x\":5,\"y\":7,\"w\":32,\"h\":6,\"type\":\"widget\",\"framework\":\"mui\",\"data\":\"typography\"},{\"i\":\"4041e13c-d5f7-4c5a-8438-a349bd26c749\",\"x\":87,\"y\":3,\"w\":10,\"h\":2,\"type\":\"widget\",\"framework\":\"mui\",\"data\":\"avatar\"},{\"i\":\"535671c9-6d72-44ec-9456-93853f161506\",\"x\":59,\"y\":7,\"w\":19,\"h\":7,\"type\":\"widget\",\"framework\":\"mui\",\"data\":\"typography\"},{\"i\":\"5943fdc8-dc2e-48af-8fa6-1014b02ac46d\",\"x\":68,\"y\":2,\"w\":10,\"h\":6,\"type\":\"widget\",\"framework\":\"mui\",\"data\":\"avatar\"},{\"i\":\"38cdc19d-f3f8-47cc-ae43-cb9c5a0b268f\",\"x\":80,\"y\":6,\"w\":16,\"h\":12,\"type\":\"widget\",\"framework\":\"mui\",\"data\":\"typography\"},{\"i\":\"88952d00-7e4e-4b00-95b6-f2712dab4799\",\"x\":5,\"y\":14,\"w\":2,\"h\":2,\"type\":\"widget\",\"framework\":\"mui\",\"data\":\"icon\"},{\"i\":\"07e7b60a-8450-4828-94fa-97123bd4943c\",\"x\":7,\"y\":14,\"w\":2,\"h\":2,\"type\":\"widget\",\"framework\":\"mui\",\"data\":\"icon\"},{\"i\":\"a300ca3c-8a72-4f04-abc9-f8f02e0ee73e\",\"x\":9,\"y\":14,\"w\":2,\"h\":2,\"type\":\"widget\",\"framework\":\"mui\",\"data\":\"icon\"},{\"i\":\"8e8aba7b-57f1-498c-95ca-a784137395c5\",\"x\":13,\"y\":14,\"w\":2,\"h\":2,\"type\":\"widget\",\"framework\":\"mui\",\"data\":\"icon\"},{\"i\":\"3d3cef0a-3012-4e72-9923-9277cc8d3ceb\",\"x\":11,\"y\":14,\"w\":2,\"h\":2,\"type\":\"widget\",\"framework\":\"mui\",\"data\":\"icon\"},{\"i\":\"f801a3bf-c3bd-4aa6-86a0-ad11a5fe8a8b\",\"x\":34,\"y\":19,\"w\":31,\"h\":2,\"type\":\"widget\",\"framework\":\"mui\",\"data\":\"typography\"}]}}}}]}}}]}],\"publicLinkCss\":\"https:\/\/s3-mspro.nyc3.digitaloceanspaces.com\/tenant\/658d9f90f0909def6c18fa2c\/templates\/658da038f0909d044918fa3a\/styles\/publish\/lg.css?v=1763300058\",\"linkCss\":\"tenant\/658d9f90f0909def6c18fa2c\/templates\/658da038f0909d044918fa3a\/styles\/publish\/lg.css?v=1763300058\",\"sections\":[{\"id\":\"65981460593b0a0602c15ae8\",\"name\":\"Seccion Header\",\"active\":true,\"containers\":[{\"id\":\"65980a0f593b0a2073c156e7\",\"name\":\"Contenedor Header Menu\",\"active\":true,\"renderAs\":\"server\",\"gridCols\":{\"lg\":100,\"md\":100,\"xs\":100,\"daily\":100},\"content\":{\"layouts\":{\"lg\":[{\"i\":\"2969839c-513f-4ec3-b93b-570ca3435521\",\"x\":0,\"y\":0,\"w\":100,\"h\":17,\"id\":\"65980161593b0a3244c152a0\",\"name\":\"Componente Header \/ Menu\",\"gridCols\":100,\"type\":\"component\",\"data\":{\"displayConfig\":{\"isForm\":true,\"formType\":\"default\",\"formRedirect\":true,\"formRedirectUrl\":\"\/buscar\"},\"customConfig\":{\"lg\":{\"box-c3c9f012-187d-4dc3-9d26-9565f7b1bbd5Config\":{\"changeWidget\":\"box\",\"backgroundColor\":\"primary\"},\"box-c3c9f012-187d-4dc3-9d26-9565f7b1bbd5LayerOne\":{\"enabled\":true},\"typography-b67efd12-e536-4276-9d9d-8661cfe51e2aConfig\":{\"changeWidget\":\"typography\",\"fontFamily\":\"Corporate\",\"fontSize\":1.2,\"lineHeight\":\"1\",\"alignContent\":\"left\",\"color\":\"error\",\"customTitle\":\"Punta Arenas,\",\"fontWeight\":\"300\"},\"typography-b67efd12-e536-4276-9d9d-8661cfe51e2aLayerOne\":{\"enabled\":true},\"typography-b67efd12-e536-4276-9d9d-8661cfe51e2aLayerTwo\":{\"enabled\":true},\"typography-acac9cca-3020-4e69-b8b8-60a05ebe72f5LayerOne\":{\"enabled\":true},\"typography-acac9cca-3020-4e69-b8b8-60a05ebe72f5LayerTwo\":{\"enabled\":true},\"typography-acac9cca-3020-4e69-b8b8-60a05ebe72f5Config\":{\"changeWidget\":\"typography\",\"fontFamily\":\"Corporate\",\"fontSize\":1.2,\"lineHeight\":\"1\",\"alignContent\":\"left\",\"color\":\"error\",\"openType\":\"dateTime\",\"formatDate\":\"LLLL\",\"dateTimeRealTime\":true,\"fontWeight\":\"300\"},\"avatar-178d6eef-b573-4443-80e7-f3a3d5614722Config\":{\"changeWidget\":\"avatar\",\"avatarObjectFit\":\"contain\",\"openType\":\"url\",\"customUrl\":\"https:\/\/www.radiopolar.com\/\"},\"avatar-178d6eef-b573-4443-80e7-f3a3d5614722AttributeFill\":{\"fillOption\":\"setting\",\"attributeFill\":[{\"title\":\"logo\",\"canDelete\":true}]},\"divider-46e0ca7a-3fe6-40f3-82bd-d2f681880122Config\":{\"changeWidget\":\"divider\",\"backgroundColor\":\"primary\",\"width\":0.1},\"divider-46e0ca7a-3fe6-40f3-82bd-d2f681880122LayerOne\":{\"enabled\":true},\"icon-254c29f0-cefe-4760-a7f8-15198abb2e9eConfig\":{\"changeWidget\":\"icon\",\"alignContent\":\"center\",\"color\":\"#67d449ff\",\"customIcon\":\"io\/IoLogoWhatsapp\",\"width\":2,\"height\":2,\"openType\":\"url\",\"targetBlank\":true,\"customUrl\":\"https:\/\/api.whatsapp.com\/send\/?phone=%2B56993453426u0026textu0026type=phone_numberu0026app_absent=0\"},\"icon-254c29f0-cefe-4760-a7f8-15198abb2e9eLayerOne\":{\"enabled\":true},\"icon-254c29f0-cefe-4760-a7f8-15198abb2e9eLayerTwo\":{\"enabled\":true},\"icon-254c29f0-cefe-4760-a7f8-15198abb2e9eConfigHover\":{\"changeWidget\":\"icon\",\"width\":1.2,\"height\":1.2},\"icon-254c29f0-cefe-4760-a7f8-15198abb2e9eLayerOneHover\":{\"enabled\":true},\"icon-e51916b0-7b26-40ba-948d-57addfc5539aLayerOne\":{\"enabled\":true},\"icon-e51916b0-7b26-40ba-948d-57addfc5539aLayerTwo\":{\"enabled\":true},\"icon-e51916b0-7b26-40ba-948d-57addfc5539aConfig\":{\"changeWidget\":\"icon\",\"alignContent\":\"center\",\"color\":\"#5073acff\",\"customIcon\":\"fa\/FaFacebook\",\"width\":2,\"height\":2,\"openType\":\"url\",\"targetBlank\":true,\"customUrl\":\"https:\/\/www.facebook.com\/radiopolar\"},\"icon-e51916b0-7b26-40ba-948d-57addfc5539aAttributeFill\":{\"fillOption\":\"setting\",\"attributeFill\":[{\"title\":\"facebook\",\"canDelete\":true}]},\"icon-254c29f0-cefe-4760-a7f8-15198abb2e9eAttributeFill\":{\"fillOption\":\"setting\",\"attributeFill\":[{\"title\":\"whatsapp\",\"canDelete\":true}]},\"icon-3201137e-bb8f-4724-82fb-5e62c73a69acLayerOne\":{\"enabled\":true},\"icon-3201137e-bb8f-4724-82fb-5e62c73a69acLayerTwo\":{\"enabled\":true},\"icon-3201137e-bb8f-4724-82fb-5e62c73a69acConfig\":{\"changeWidget\":\"icon\",\"alignContent\":\"center\",\"color\":\"#03a9f4ff\",\"customIcon\":\"ai\/AiFillTwitterCircle\",\"width\":2,\"height\":2,\"openType\":\"url\",\"targetBlank\":true,\"customUrl\":\"https:\/\/twitter.com\/RadioPolar\"},\"icon-3201137e-bb8f-4724-82fb-5e62c73a69acAttributeFill\":{\"fillOption\":\"setting\",\"attributeFill\":[{\"title\":\"twitter\",\"canDelete\":true}]},\"icon-3201137e-bb8f-4724-82fb-5e62c73a69acConfigHover\":{\"changeWidget\":\"icon\",\"width\":1.2,\"height\":1.2},\"icon-3201137e-bb8f-4724-82fb-5e62c73a69acLayerOneHover\":{\"enabled\":true},\"icon-e51916b0-7b26-40ba-948d-57addfc5539aConfigHover\":{\"changeWidget\":\"icon\",\"width\":1.1,\"height\":1.1},\"icon-e51916b0-7b26-40ba-948d-57addfc5539aLayerOneHover\":{\"enabled\":true},\"icon-20ff0c16-7ebf-456c-ac4d-81e6c2b36dc8LayerOne\":{\"enabled\":true},\"icon-20ff0c16-7ebf-456c-ac4d-81e6c2b36dc8LayerTwo\":{\"enabled\":true},\"icon-20ff0c16-7ebf-456c-ac4d-81e6c2b36dc8Config\":{\"changeWidget\":\"icon\",\"alignContent\":\"center\",\"color\":\"#e31c99ff\",\"customIcon\":\"ri\/RiInstagramFill\",\"width\":2,\"height\":2,\"openType\":\"url\",\"targetBlank\":true,\"customUrl\":\"https:\/\/www.instagram.com\/polarcomunicaciones\/\"},\"icon-20ff0c16-7ebf-456c-ac4d-81e6c2b36dc8AttributeFill\":{\"fillOption\":\"setting\",\"attributeFill\":[{\"title\":\"instagram\",\"canDelete\":true}]},\"icon-1604d150-17b4-48d2-91a3-88a760f3c931LayerOne\":{\"enabled\":true},\"icon-1604d150-17b4-48d2-91a3-88a760f3c931LayerTwo\":{\"enabled\":true},\"icon-1604d150-17b4-48d2-91a3-88a760f3c931Config\":{\"changeWidget\":\"icon\",\"alignContent\":\"center\",\"color\":\"#ff0400ff\",\"customIcon\":\"ti\/TiSocialYoutubeCircular\",\"width\":2,\"height\":2,\"openType\":\"url\",\"targetBlank\":true,\"customUrl\":\"https:\/\/www.youtube.com\/polarcomunicaciones\"},\"icon-1604d150-17b4-48d2-91a3-88a760f3c931AttributeFill\":{\"fillOption\":\"setting\",\"attributeFill\":[{\"title\":\"youtube\",\"canDelete\":true}]},\"icon-20ff0c16-7ebf-456c-ac4d-81e6c2b36dc8ConfigHover\":{\"changeWidget\":\"icon\",\"width\":1.2,\"height\":1.2},\"icon-20ff0c16-7ebf-456c-ac4d-81e6c2b36dc8LayerOneHover\":{\"enabled\":true},\"icon-1604d150-17b4-48d2-91a3-88a760f3c931ConfigHover\":{\"changeWidget\":\"icon\",\"width\":1.2,\"height\":1.2},\"icon-1604d150-17b4-48d2-91a3-88a760f3c931LayerOneHover\":{\"enabled\":true},\"box-d99d7ccb-b586-484c-b579-6847827a6951Config\":{\"changeWidget\":\"box\",\"backgroundColor\":\"secondary\"},\"box-d99d7ccb-b586-484c-b579-6847827a6951LayerOne\":{\"enabled\":true},\"icon-92df9ea9-3885-4e7e-927a-7a557924ee5aConfig\":{\"changeWidget\":\"icon\",\"color\":\"info\",\"customIcon\":\"io\/IoIosMenu\",\"alignContent\":\"center\",\"width\":2,\"height\":4},\"icon-92df9ea9-3885-4e7e-927a-7a557924ee5aLayerOne\":{\"enabled\":true},\"icon-92df9ea9-3885-4e7e-927a-7a557924ee5aLayerTwo\":{\"enabled\":true},\"button-6399eccf-be62-41ba-8387-1c49cc415059Config\":{\"changeWidget\":\"button\",\"fontFamily\":\"Secondary\",\"fontSize\":1,\"color\":\"error\",\"customTitle\":\"Buscar\",\"backgroundColor\":\"primary\",\"alignContent\":\"center\",\"width\":8,\"height\":2.2},\"button-6399eccf-be62-41ba-8387-1c49cc415059LayerOne\":{\"enabled\":true},\"icon-92df9ea9-3885-4e7e-927a-7a557924ee5aEvents\":{\"onClick\":true,\"eventTemplate\":{\"id\":\"65a00887ff47e144378401f0\",\"label\":\"Men\u00fa lateral\"},\"eventSelectedLayout\":\"lg\",\"eventShowIn\":\"drawer\",\"backgroundColor\":\"#000000ff\",\"windowWidth\":\"300px\",\"windowHeight\":\"100%\",\"drawerAnchor\":\"left\"},\"textField-08fe8be5-d0cf-4b85-aadb-d0e24a28e747Config\":{\"changeWidget\":\"textField\",\"fontSize\":1,\"customTitle\":\"B\u00fasqueda por palabra\",\"backgroundColor\":\"#ffffffff\",\"textFieldVariant\":\"outlined\"},\"textField-08fe8be5-d0cf-4b85-aadb-d0e24a28e747LayerOne\":{\"enabled\":true},\"textField-411fe415-2746-48f8-b7c9-13ca555d15feConfig\":{\"changeWidget\":\"textField\",\"textFieldDate\":true,\"backgroundColor\":\"#ffffffff\",\"alignContent\":\"center\",\"textFieldVariant\":\"outlined\",\"inputSize\":1.2},\"textField-411fe415-2746-48f8-b7c9-13ca555d15feLayerOne\":{\"enabled\":true},\"button-6399eccf-be62-41ba-8387-1c49cc415059LayerTwo\":{\"enabled\":true},\"button-6399eccf-be62-41ba-8387-1c49cc415059ConfigSelected\":{\"changeWidget\":\"button\"}}},\"content\":{\"layouts\":{\"lg\":[{\"i\":\"c3c9f012-187d-4dc3-9d26-9565f7b1bbd5\",\"x\":0,\"y\":0,\"w\":100,\"h\":2,\"type\":\"widget\",\"framework\":\"mui\",\"data\":\"box\"},{\"i\":\"b67efd12-e536-4276-9d9d-8661cfe51e2a\",\"x\":1,\"y\":0,\"w\":8,\"h\":2,\"type\":\"widget\",\"framework\":\"mui\",\"data\":\"typography\"},{\"i\":\"acac9cca-3020-4e69-b8b8-60a05ebe72f5\",\"x\":8,\"y\":0,\"w\":35,\"h\":2,\"type\":\"widget\",\"framework\":\"mui\",\"data\":\"typography\"},{\"i\":\"178d6eef-b573-4443-80e7-f3a3d5614722\",\"x\":1,\"y\":3,\"w\":24,\"h\":9,\"type\":\"widget\",\"framework\":\"mui\",\"data\":\"avatar\"},{\"i\":\"46e0ca7a-3fe6-40f3-82bd-d2f681880122\",\"x\":25,\"y\":3,\"w\":1,\"h\":10,\"type\":\"widget\",\"framework\":\"mui\",\"data\":\"divider\"},{\"i\":\"254c29f0-cefe-4760-a7f8-15198abb2e9e\",\"x\":25,\"y\":2,\"w\":3,\"h\":3,\"type\":\"widget\",\"framework\":\"mui\",\"data\":\"icon\"},{\"i\":\"e51916b0-7b26-40ba-948d-57addfc5539a\",\"x\":25,\"y\":4,\"w\":3,\"h\":3,\"type\":\"widget\",\"framework\":\"mui\",\"data\":\"icon\"},{\"i\":\"3201137e-bb8f-4724-82fb-5e62c73a69ac\",\"x\":25,\"y\":6,\"w\":3,\"h\":3,\"type\":\"widget\",\"framework\":\"mui\",\"data\":\"icon\"},{\"i\":\"20ff0c16-7ebf-456c-ac4d-81e6c2b36dc8\",\"x\":25,\"y\":9,\"w\":3,\"h\":3,\"type\":\"widget\",\"framework\":\"mui\",\"data\":\"icon\"},{\"i\":\"1604d150-17b4-48d2-91a3-88a760f3c931\",\"x\":25,\"y\":11,\"w\":3,\"h\":3,\"type\":\"widget\",\"framework\":\"mui\",\"data\":\"icon\"},{\"i\":\"d99d7ccb-b586-484c-b579-6847827a6951\",\"x\":0,\"y\":14,\"w\":100,\"h\":3,\"type\":\"widget\",\"framework\":\"mui\",\"data\":\"box\"},{\"i\":\"92df9ea9-3885-4e7e-927a-7a557924ee5a\",\"x\":0,\"y\":14,\"w\":4,\"h\":3,\"type\":\"widget\",\"framework\":\"mui\",\"data\":\"icon\"},{\"i\":\"6399eccf-be62-41ba-8387-1c49cc415059\",\"x\":91,\"y\":14,\"w\":8,\"h\":3,\"type\":\"widget\",\"framework\":\"mui\",\"data\":\"button\"},{\"i\":\"08fe8be5-d0cf-4b85-aadb-d0e24a28e747\",\"x\":57,\"y\":14,\"w\":17,\"h\":3,\"type\":\"widget\",\"framework\":\"mui\",\"data\":\"textField\"},{\"i\":\"411fe415-2746-48f8-b7c9-13ca555d15fe\",\"x\":75,\"y\":14,\"w\":14,\"h\":3,\"type\":\"widget\",\"framework\":\"mui\",\"data\":\"textField\"}]}}}},{\"i\":\"397450f4-0518-463a-9ef5-cf6cc463dd34\",\"x\":31,\"y\":2,\"w\":24,\"h\":11,\"id\":\"659ee47bfd38f696a4991075\",\"name\":\"Widget Banner Imagen Header\",\"gridCols\":100,\"type\":\"component\",\"data\":{\"displayConfig\":{\"filterBy\":\"widgets\",\"type\":\"ads\",\"filterWidgets\":[{\"id\":\"659ee41dfd38f643d9991073\",\"label\":\"Banner 1 Head\/Cabeza: Salfaustral (ads)\"}],\"adType\":\"banner\",\"enabledLayer\":true},\"customConfig\":{\"lg\":{\"avatar-d115f0f5-9555-46bb-bcb2-054e47ef3e47Config\":{\"changeWidget\":\"avatar\",\"openType\":\"redirectUrl\",\"targetBlank\":true,\"avatarObjectFit\":\"cover\",\"showOriginalPhoto\":true},\"avatar-d115f0f5-9555-46bb-bcb2-054e47ef3e47AttributeFill\":{\"fillOption\":\"widget\",\"attributeFill\":[{\"title\":\"image\",\"canDelete\":true}]}}},\"content\":{\"layouts\":{\"lg\":[{\"i\":\"d115f0f5-9555-46bb-bcb2-054e47ef3e47\",\"x\":0,\"y\":0,\"w\":100,\"h\":43,\"type\":\"widget\",\"framework\":\"mui\",\"data\":\"avatar\"}]}},\"rows\":[{\"name\":\"Portada Top 1: Salfaustral\",\"image\":{\"publicUrl\":\"https:\/\/s3-mspro.nyc3.digitaloceanspaces.com\/tenant\/658d9f90f0909def6c18fa2c\/mediaLibrary\/photo\/024ba422-7290-4a59-b557-1b3564453ab2.gif\",\"privatePhotoUrlWithoutExtension\":\"tenant\/658d9f90f0909def6c18fa2c\/mediaLibrary\/photo\/024ba422-7290-4a59-b557-1b3564453ab2\",\"privatePhotoUrl\":\"tenant\/658d9f90f0909def6c18fa2c\/mediaLibrary\/photo\/024ba422-7290-4a59-b557-1b3564453ab2.gif\",\"photoExtension\":\"gif\",\"type\":\"image\",\"name\":\"SALFA-1024X439-700x300-1\",\"updatedAt\":\"2024-01-05T13:29:06.403Z\",\"photoVersion\":4},\"redirectUrl\":\"https:\/\/www.salfaustral.cl\/new\/\",\"preload\":true}]}},{\"i\":\"5a47f41d-909f-47cf-a709-1b4a87443de9\",\"x\":55,\"y\":2,\"w\":24,\"h\":11,\"id\":\"659ee47bfd38f696a4991075\",\"name\":\"Widget Banner Imagen Header\",\"gridCols\":100,\"type\":\"component\",\"data\":{\"displayConfig\":{\"filterBy\":\"widgets\",\"enabledLayer\":true,\"type\":\"ads\",\"adType\":\"banner\",\"filterWidgets\":[{\"id\":\"659ee56bfd38f640cb991078\",\"label\":\"Banner 2 Head\/Cabeza: Servel (ads)\"}]},\"customConfig\":{\"lg\":{\"avatar-d115f0f5-9555-46bb-bcb2-054e47ef3e47Config\":{\"changeWidget\":\"avatar\",\"openType\":\"redirectUrl\",\"targetBlank\":true,\"avatarObjectFit\":\"cover\",\"showOriginalPhoto\":true},\"avatar-d115f0f5-9555-46bb-bcb2-054e47ef3e47AttributeFill\":{\"fillOption\":\"widget\",\"attributeFill\":[{\"title\":\"image\",\"canDelete\":true}]}}},\"content\":{\"layouts\":{\"lg\":[{\"i\":\"d115f0f5-9555-46bb-bcb2-054e47ef3e47\",\"x\":0,\"y\":0,\"w\":100,\"h\":43,\"type\":\"widget\",\"framework\":\"mui\",\"data\":\"avatar\"}]}},\"rows\":[{\"name\":\"Portada Top 2: JORDAN (PROVISORIO)\",\"image\":{\"publicUrl\":\"https:\/\/s3-mspro.nyc3.digitaloceanspaces.com\/tenant\/658d9f90f0909def6c18fa2c\/mediaLibrary\/photo\/b41c9c47-e865-4854-b35d-42867a5e14f6.png\",\"privatePhotoUrlWithoutExtension\":\"tenant\/658d9f90f0909def6c18fa2c\/mediaLibrary\/photo\/b41c9c47-e865-4854-b35d-42867a5e14f6\",\"privatePhotoUrl\":\"tenant\/658d9f90f0909def6c18fa2c\/mediaLibrary\/photo\/b41c9c47-e865-4854-b35d-42867a5e14f6-medium-standard-q100.png?v=1767623095\",\"photoExtension\":\"png?v=1767623095\",\"type\":\"image\",\"name\":\"Proyecto nuevo (1)\",\"updatedAt\":\"2026-01-05T14:24:55.045Z\",\"photoVersion\":4},\"redirectUrl\":\"https:\/\/www.facebook.com\/djordanonline?_rdc=2u0026_rdr#\",\"preload\":true}]}}]}}}]},{\"id\":\"659814c3593b0a4e68c15af2\",\"name\":\"Seccion Entrada\",\"active\":true,\"containers\":[{\"id\":\"659805f59f44818a9b22a33a\",\"name\":\"Contenedor Entrada Superior\",\"active\":true,\"renderAs\":\"server\",\"gridCols\":{\"lg\":100,\"md\":100,\"xs\":100,\"daily\":100},\"marginTop\":30,\"content\":{\"config\":{\"lg\":{\"compactType\":\"horizontal\"}},\"layouts\":{\"lg\":[{\"i\":\"a92e16fe-de6a-4563-ae0b-01cfbce7dade\",\"x\":77,\"y\":0,\"w\":20,\"h\":184,\"id\":\"6598322b593b0ab5a9c16227\",\"name\":\"Componente Widget Banner 1x1\",\"gridCols\":100,\"type\":\"component\",\"data\":{\"displayConfig\":{\"filterBy\":\"widgets\",\"type\":\"ads\",\"keywords\":[{\"id\":\"65ee47dd9a65d940761349ce\",\"label\":\"Interior Laterales\"}],\"adType\":\"banner\",\"zIndex\":10,\"formatType\":\"grid\",\"columns\":1,\"columnsDesktop\":24,\"columnsMobile\":24,\"columnsTablet\":24,\"columnsLargeDesktop\":24,\"columnsExtraLargeDesktop\":24,\"offset\":0,\"limit\":15,\"alignContent\":\"top\",\"verticalGutter\":1,\"enabledLayer\":true,\"widgetsOrderBy\":\"position\",\"sortBy\":\"asc\"},\"customConfig\":{\"lg\":{\"box-5c855846-d7ab-4946-985d-cfc1dd3cd47fConfig\":{\"changeWidget\":\"box\",\"backgroundColor\":\"#d1d5dbff\"},\"box-5c855846-d7ab-4946-985d-cfc1dd3cd47fLayerOne\":{\"enabled\":true},\"avatar-d115f0f5-9555-46bb-bcb2-054e47ef3e47Config\":{\"changeWidget\":\"avatar\",\"openType\":\"redirectUrl\",\"targetBlank\":true},\"avatar-d115f0f5-9555-46bb-bcb2-054e47ef3e47AttributeFill\":{\"fillOption\":\"widget\",\"attributeFill\":[{\"title\":\"image\",\"canDelete\":true}]}}},\"content\":{\"layouts\":{\"lg\":[{\"i\":\"5c855846-d7ab-4946-985d-cfc1dd3cd47f\",\"x\":0,\"y\":0,\"w\":100,\"h\":100,\"type\":\"widget\",\"framework\":\"mui\",\"data\":\"box\"},{\"i\":\"d115f0f5-9555-46bb-bcb2-054e47ef3e47\",\"x\":3,\"y\":3,\"w\":94,\"h\":94,\"type\":\"widget\",\"framework\":\"mui\",\"data\":\"avatar\"}]}},\"rows\":[{\"name\":\"Interior Laterales 1 \/ 336x336: Blumar\",\"image\":{\"publicUrl\":\"https:\/\/s3-mspro.nyc3.digitaloceanspaces.com\/tenant\/658d9f90f0909def6c18fa2c\/mediaLibrary\/photo\/80d54e9c-c6f4-48fd-b64a-9d8578bc2e79.gif\",\"privatePhotoUrlWithoutExtension\":\"tenant\/658d9f90f0909def6c18fa2c\/mediaLibrary\/photo\/80d54e9c-c6f4-48fd-b64a-9d8578bc2e79\",\"privatePhotoUrl\":\"tenant\/658d9f90f0909def6c18fa2c\/mediaLibrary\/photo\/80d54e9c-c6f4-48fd-b64a-9d8578bc2e79.gif\",\"photoExtension\":\"gif\",\"type\":\"image\",\"name\":\"BLUMAR 336x336 GIF\",\"updatedAt\":\"2025-04-14T12:30:49.954Z\",\"photoVersion\":4},\"redirectUrl\":\"https:\/\/www.mercadoblumar.com\/\",\"preload\":true},{\"name\":\"Interior Laterales 2 \/ 336x336: AGUAS MAGALLANES\",\"image\":{\"publicUrl\":\"https:\/\/s3-mspro.nyc3.digitaloceanspaces.com\/tenant\/658d9f90f0909def6c18fa2c\/mediaLibrary\/photo\/aff00f9b-6b06-40f3-a884-7a6293191437.png\",\"privatePhotoUrlWithoutExtension\":\"tenant\/658d9f90f0909def6c18fa2c\/mediaLibrary\/photo\/aff00f9b-6b06-40f3-a884-7a6293191437\",\"privatePhotoUrl\":\"tenant\/658d9f90f0909def6c18fa2c\/mediaLibrary\/photo\/aff00f9b-6b06-40f3-a884-7a6293191437-medium-standard-q100.png?v=1757602664\",\"photoExtension\":\"png?v=1757602664\",\"type\":\"image\",\"name\":\"BANNER AGUAS MAGALLANES 336\",\"updatedAt\":\"2025-09-11T14:57:44.358Z\",\"photoVersion\":4},\"redirectUrl\":\"http:\/\/www.aguasmagallanes.cl\/\",\"preload\":true},{\"name\":\"Interior Laterales 3 \/ 336x336: ALTAS CUMBRES\",\"image\":{\"publicUrl\":\"https:\/\/s3-mspro.nyc3.digitaloceanspaces.com\/tenant\/658d9f90f0909def6c18fa2c\/mediaLibrary\/photo\/8b219a8a-2ac9-4e29-9667-f400fd161336.gif\",\"privatePhotoUrlWithoutExtension\":\"tenant\/658d9f90f0909def6c18fa2c\/mediaLibrary\/photo\/8b219a8a-2ac9-4e29-9667-f400fd161336\",\"privatePhotoUrl\":\"tenant\/658d9f90f0909def6c18fa2c\/mediaLibrary\/photo\/8b219a8a-2ac9-4e29-9667-f400fd161336.gif\",\"photoExtension\":\"gif\",\"type\":\"image\",\"name\":\"ALTAS CUMBRES-336x336-1\",\"updatedAt\":\"2025-12-24T12:10:53.000Z\",\"photoVersion\":4},\"redirectUrl\":\"https:\/\/www.altas-cumbres.cl\/proyecto\/alto-bulnes?utm=GOOGLE-ADWS-ALTOBULNESu0026gad_source=1u0026gad_campaignid=1339991720u0026gbraid=0AAAAADBDygwIPL9kCHKTvt77hrjE4sGTou0026gclid=CjwKCAiAu67KBhAkEiwAY0jAldRiiYtKOpgKk-XE2v_aCMAYFZd9WB6X10XNPKb-8DHFWMCkvW-1DxoCVK4QAvD_BwE\",\"preload\":true},{\"name\":\"Interior Laterales 4 \/ 336x336: EPA\",\"image\":{\"publicUrl\":\"https:\/\/s3-mspro.nyc3.digitaloceanspaces.com\/tenant\/658d9f90f0909def6c18fa2c\/mediaLibrary\/photo\/6877a871-493b-4e6b-94ba-8aa4c959dcc2.png\",\"privatePhotoUrlWithoutExtension\":\"tenant\/658d9f90f0909def6c18fa2c\/mediaLibrary\/photo\/6877a871-493b-4e6b-94ba-8aa4c959dcc2\",\"privatePhotoUrl\":\"tenant\/658d9f90f0909def6c18fa2c\/mediaLibrary\/photo\/6877a871-493b-4e6b-94ba-8aa4c959dcc2-medium-standard-q100.png?v=1774440922\",\"photoExtension\":\"png?v=1774440922\",\"type\":\"image\",\"name\":\"Banner EPAUSTRAL - 250x250 - 2026\",\"updatedAt\":\"2026-03-25T12:15:22.960Z\",\"photoVersion\":4},\"redirectUrl\":\"https:\/\/www.epaustral.cl\/\"},{\"name\":\"Interior Laterales 5 \/ 336x336: AUSTRALIS SEAFOOD\",\"image\":{\"publicUrl\":\"https:\/\/s3-mspro.nyc3.digitaloceanspaces.com\/tenant\/658d9f90f0909def6c18fa2c\/mediaLibrary\/photo\/3f271492-ffa6-43ac-a761-69c9f8973008.jpg\",\"privatePhotoUrlWithoutExtension\":\"tenant\/658d9f90f0909def6c18fa2c\/mediaLibrary\/photo\/3f271492-ffa6-43ac-a761-69c9f8973008\",\"privatePhotoUrl\":\"tenant\/658d9f90f0909def6c18fa2c\/mediaLibrary\/photo\/3f271492-ffa6-43ac-a761-69c9f8973008-medium-standard-q100.jpg?v=1746712385\",\"photoExtension\":\"jpg?v=1746712385\",\"type\":\"image\",\"name\":\"AUSTRALIS\",\"updatedAt\":\"2025-05-08T13:53:05.025Z\",\"photoVersion\":4},\"redirectUrl\":\"https:\/\/www.australis-seafoods.com\/\"},{\"name\":\"Interior Laterales 6 \/ 336x336: Super G Market\",\"image\":{\"publicUrl\":\"https:\/\/s3-mspro.nyc3.digitaloceanspaces.com\/tenant\/658d9f90f0909def6c18fa2c\/mediaLibrary\/photo\/aa04d658-070b-4f76-b9d3-6b3fffca9087.gif\",\"privatePhotoUrlWithoutExtension\":\"tenant\/658d9f90f0909def6c18fa2c\/mediaLibrary\/photo\/aa04d658-070b-4f76-b9d3-6b3fffca9087\",\"privatePhotoUrl\":\"tenant\/658d9f90f0909def6c18fa2c\/mediaLibrary\/photo\/aa04d658-070b-4f76-b9d3-6b3fffca9087.gif\",\"photoExtension\":\"gif\",\"type\":\"image\",\"name\":\"SUPER-G-GIF\",\"updatedAt\":\"2024-03-08T16:27:59.718Z\",\"photoVersion\":4},\"redirectUrl\":\"https:\/\/www.instagram.com\/supergmarketpuq\/\"},{\"name\":\"Interior Laterales 7 \/ 336x336: INACAP\",\"image\":{\"publicUrl\":\"https:\/\/s3-mspro.nyc3.digitaloceanspaces.com\/tenant\/658d9f90f0909def6c18fa2c\/mediaLibrary\/photo\/edc37920-6a5c-407e-8ce4-66a24ad9f80d.jpg\",\"privatePhotoUrlWithoutExtension\":\"tenant\/658d9f90f0909def6c18fa2c\/mediaLibrary\/photo\/edc37920-6a5c-407e-8ce4-66a24ad9f80d\",\"privatePhotoUrl\":\"tenant\/658d9f90f0909def6c18fa2c\/mediaLibrary\/photo\/edc37920-6a5c-407e-8ce4-66a24ad9f80d-medium-standard-q100.jpg?v=1755722668\",\"photoExtension\":\"jpg?v=1755722668\",\"type\":\"image\",\"name\":\"BANNER INACAP 336x336-01\",\"updatedAt\":\"2025-08-20T20:44:28.757Z\",\"photoVersion\":4},\"redirectUrl\":\"https:\/\/portal.inacap.cl\/\"},{\"name\":\"Interior Laterales 8 \/ 336x336: Covepa\",\"image\":{\"publicUrl\":\"https:\/\/s3-mspro.nyc3.digitaloceanspaces.com\/tenant\/658d9f90f0909def6c18fa2c\/mediaLibrary\/photo\/8e7b0c96-cca5-4fbd-9779-504c3767f761.jpg\",\"privatePhotoUrlWithoutExtension\":\"tenant\/658d9f90f0909def6c18fa2c\/mediaLibrary\/photo\/8e7b0c96-cca5-4fbd-9779-504c3767f761\",\"privatePhotoUrl\":\"tenant\/658d9f90f0909def6c18fa2c\/mediaLibrary\/photo\/8e7b0c96-cca5-4fbd-9779-504c3767f761-medium-standard-q100.jpg?v=1772453080\",\"photoExtension\":\"jpg?v=1772453080\",\"type\":\"image\",\"name\":\"COVEPA 336X336PX\",\"updatedAt\":\"2026-03-02T12:04:40.118Z\",\"photoVersion\":4},\"redirectUrl\":\"https:\/\/www.covepa.cl\/\"},{\"name\":\"Interior Laterales 9 \/ 336x336: PAX\",\"image\":{\"publicUrl\":\"https:\/\/s3-mspro.nyc3.digitaloceanspaces.com\/tenant\/658d9f90f0909def6c18fa2c\/mediaLibrary\/photo\/dd645367-fae1-4ea9-822f-8db7c7d2d13a.gif\",\"privatePhotoUrlWithoutExtension\":\"tenant\/658d9f90f0909def6c18fa2c\/mediaLibrary\/photo\/dd645367-fae1-4ea9-822f-8db7c7d2d13a\",\"privatePhotoUrl\":\"tenant\/658d9f90f0909def6c18fa2c\/mediaLibrary\/photo\/dd645367-fae1-4ea9-822f-8db7c7d2d13a.gif\",\"photoExtension\":\"gif\",\"type\":\"image\",\"name\":\"PAX\",\"updatedAt\":\"2025-07-24T19:59:25.398Z\",\"photoVersion\":4},\"redirectUrl\":\"https:\/\/www.pax2.org\/es\"},{\"name\":\"Interior Laterales 10 \/ 336x336: Tabsa\",\"image\":{\"publicUrl\":\"https:\/\/s3-mspro.nyc3.digitaloceanspaces.com\/tenant\/658d9f90f0909def6c18fa2c\/mediaLibrary\/photo\/b9004798-89c4-4622-831b-b9476c14c021.gif\",\"privatePhotoUrlWithoutExtension\":\"tenant\/658d9f90f0909def6c18fa2c\/mediaLibrary\/photo\/b9004798-89c4-4622-831b-b9476c14c021\",\"privatePhotoUrl\":\"tenant\/658d9f90f0909def6c18fa2c\/mediaLibrary\/photo\/b9004798-89c4-4622-831b-b9476c14c021.gif\",\"photoExtension\":\"gif\",\"type\":\"image\",\"name\":\"Tabsa-250_Tabsa24\",\"updatedAt\":\"2024-03-08T15:15:06.338Z\",\"photoVersion\":4},\"redirectUrl\":\"https:\/\/www.tabsa.cl\/\"},{\"name\":\"Interior Laterales 11 \/ 336x336: PUBLICITE AQUI\",\"image\":{\"publicUrl\":\"https:\/\/s3-mspro.nyc3.digitaloceanspaces.com\/tenant\/658d9f90f0909def6c18fa2c\/mediaLibrary\/photo\/e085b762-3ba1-4786-891f-ead0903eb8f1.webp\",\"privatePhotoUrlWithoutExtension\":\"tenant\/658d9f90f0909def6c18fa2c\/mediaLibrary\/photo\/e085b762-3ba1-4786-891f-ead0903eb8f1\",\"privatePhotoUrl\":\"tenant\/658d9f90f0909def6c18fa2c\/mediaLibrary\/photo\/e085b762-3ba1-4786-891f-ead0903eb8f1-medium-standard-q100.webp?v=1742908913\",\"photoExtension\":\"webp?v=1742908913\",\"type\":\"image\",\"name\":\"publicite aqui\",\"updatedAt\":\"2025-03-25T13:21:53.519Z\",\"photoVersion\":4},\"redirectUrl\":\"https:\/\/www.radiopolar.com\/\"},{\"name\":\"Interior Laterales 12 \/ 336x336:  PUBLICITE AQU\u00cd\",\"image\":{\"publicUrl\":\"https:\/\/s3-mspro.nyc3.digitaloceanspaces.com\/tenant\/658d9f90f0909def6c18fa2c\/mediaLibrary\/photo\/62511628-f4c9-46b4-a776-53a87b74bb5b.gif\",\"privatePhotoUrlWithoutExtension\":\"tenant\/658d9f90f0909def6c18fa2c\/mediaLibrary\/photo\/62511628-f4c9-46b4-a776-53a87b74bb5b\",\"privatePhotoUrl\":\"tenant\/658d9f90f0909def6c18fa2c\/mediaLibrary\/photo\/62511628-f4c9-46b4-a776-53a87b74bb5b.gif\",\"photoExtension\":\"gif\",\"type\":\"image\",\"name\":\"publicite\",\"updatedAt\":\"2025-10-28T20:44:33.613Z\",\"photoVersion\":4},\"redirectUrl\":\"https:\/\/www.radiopolar.com\/\"},{\"name\":\"Interior Laterales 13 \/ 336x336: RED SALUD\",\"image\":{\"publicUrl\":\"https:\/\/s3-mspro.nyc3.digitaloceanspaces.com\/tenant\/658d9f90f0909def6c18fa2c\/mediaLibrary\/photo\/aea9f82d-fabc-44ed-887b-03788c6a2066.png\",\"privatePhotoUrlWithoutExtension\":\"tenant\/658d9f90f0909def6c18fa2c\/mediaLibrary\/photo\/aea9f82d-fabc-44ed-887b-03788c6a2066\",\"privatePhotoUrl\":\"tenant\/658d9f90f0909def6c18fa2c\/mediaLibrary\/photo\/aea9f82d-fabc-44ed-887b-03788c6a2066-medium-standard-q100.png?v=1742480873\",\"photoExtension\":\"png?v=1742480873\",\"type\":\"image\",\"name\":\"RED SALUD 336x336\",\"updatedAt\":\"2025-03-20T14:27:53.953Z\",\"photoVersion\":4},\"redirectUrl\":\"https:\/\/www.redsalud.cl\/nuestra-red\/campanas\/cancer-cervicouterino-redsalud\"},{\"name\":\"Interior Laterales 14 \/ 336x336: PUBLICITE AQU\u00cd\",\"image\":{\"publicUrl\":\"https:\/\/s3-mspro.nyc3.digitaloceanspaces.com\/tenant\/658d9f90f0909def6c18fa2c\/mediaLibrary\/photo\/3dea9012-6c5b-4b19-8346-90c130391ca6.png\",\"privatePhotoUrlWithoutExtension\":\"tenant\/658d9f90f0909def6c18fa2c\/mediaLibrary\/photo\/3dea9012-6c5b-4b19-8346-90c130391ca6\",\"privatePhotoUrl\":\"tenant\/658d9f90f0909def6c18fa2c\/mediaLibrary\/photo\/3dea9012-6c5b-4b19-8346-90c130391ca6-medium-standard-q100.png?v=1766501744\",\"photoExtension\":\"png?v=1766501744\",\"type\":\"image\",\"name\":\"PUBLICITEAQUI336X336\",\"updatedAt\":\"2025-12-23T14:55:44.391Z\",\"photoVersion\":4},\"redirectUrl\":\"https:\/\/www.radiopolar.com\/\"},{\"name\":\"Interior Laterales 15 \/ 336x336: PUBLICITE AQUI\",\"image\":{\"publicUrl\":\"https:\/\/s3-mspro.nyc3.digitaloceanspaces.com\/tenant\/658d9f90f0909def6c18fa2c\/mediaLibrary\/photo\/20f9fc9d-4ab5-42da-808d-40eb13ad6690.png\",\"privatePhotoUrlWithoutExtension\":\"tenant\/658d9f90f0909def6c18fa2c\/mediaLibrary\/photo\/20f9fc9d-4ab5-42da-808d-40eb13ad6690\",\"privatePhotoUrl\":\"tenant\/658d9f90f0909def6c18fa2c\/mediaLibrary\/photo\/20f9fc9d-4ab5-42da-808d-40eb13ad6690-medium-standard-q100.png?v=1738757611\",\"photoExtension\":\"png?v=1738757611\",\"type\":\"image\",\"name\":\"PUBLICITEAQUI336X336\",\"updatedAt\":\"2025-02-05T12:13:31.922Z\",\"photoVersion\":4},\"redirectUrl\":\"https:\/\/www.radiopolar.com\/\"}]}},{\"i\":\"ced21dbe-6d27-415f-a99a-3ab110f27718\",\"x\":11,\"y\":106,\"w\":8,\"h\":8,\"id\":\"6598322b593b0ab5a9c16227\",\"name\":\"Componente Widget Banner 1x1\",\"gridCols\":100,\"type\":\"component\",\"data\":{\"displayConfig\":{\"filterBy\":\"widgets\",\"type\":\"ads\",\"widgetsOrderBy\":\"position\",\"sortBy\":\"asc\",\"keywords\":[{\"id\":\"65ef1c3918fb256d38f78d17\",\"label\":\"Interior Final\"}],\"adType\":\"banner\",\"zIndex\":10,\"offset\":0,\"limit\":1},\"customConfig\":{\"lg\":{\"box-5c855846-d7ab-4946-985d-cfc1dd3cd47fConfig\":{\"changeWidget\":\"box\",\"backgroundColor\":\"#d1d5dbff\"},\"box-5c855846-d7ab-4946-985d-cfc1dd3cd47fLayerOne\":{\"enabled\":true},\"avatar-d115f0f5-9555-46bb-bcb2-054e47ef3e47Config\":{\"changeWidget\":\"avatar\",\"openType\":\"redirectUrl\",\"targetBlank\":true},\"avatar-d115f0f5-9555-46bb-bcb2-054e47ef3e47AttributeFill\":{\"fillOption\":\"widget\",\"attributeFill\":[{\"title\":\"image\",\"canDelete\":true}]}}},\"content\":{\"layouts\":{\"lg\":[{\"i\":\"5c855846-d7ab-4946-985d-cfc1dd3cd47f\",\"x\":0,\"y\":0,\"w\":100,\"h\":100,\"type\":\"widget\",\"framework\":\"mui\",\"data\":\"box\"},{\"i\":\"d115f0f5-9555-46bb-bcb2-054e47ef3e47\",\"x\":3,\"y\":3,\"w\":94,\"h\":94,\"type\":\"widget\",\"framework\":\"mui\",\"data\":\"avatar\"}]}},\"rows\":[{\"name\":\"Interior Final 1 \/ 250x250: CROSUR\",\"image\":{\"publicUrl\":\"https:\/\/s3-mspro.nyc3.digitaloceanspaces.com\/tenant\/658d9f90f0909def6c18fa2c\/mediaLibrary\/photo\/3b6fb482-0a87-4348-91e5-e9623a339ba0.gif\",\"privatePhotoUrlWithoutExtension\":\"tenant\/658d9f90f0909def6c18fa2c\/mediaLibrary\/photo\/3b6fb482-0a87-4348-91e5-e9623a339ba0\",\"privatePhotoUrl\":\"tenant\/658d9f90f0909def6c18fa2c\/mediaLibrary\/photo\/3b6fb482-0a87-4348-91e5-e9623a339ba0.gif\",\"photoExtension\":\"gif\",\"type\":\"image\",\"name\":\"crosur constructor\",\"updatedAt\":\"2026-03-09T18:59:48.886Z\",\"photoVersion\":4},\"redirectUrl\":\"http:\/\/www.crosur.cl\"}]}},{\"i\":\"278e8b3d-06f4-437e-a8de-6b3d9ac971b6\",\"x\":20,\"y\":106,\"w\":8,\"h\":8,\"id\":\"6598322b593b0ab5a9c16227\",\"name\":\"Componente Widget Banner 1x1\",\"gridCols\":100,\"type\":\"component\",\"data\":{\"displayConfig\":{\"filterBy\":\"widgets\",\"type\":\"ads\",\"widgetsOrderBy\":\"position\",\"sortBy\":\"asc\",\"keywords\":[{\"id\":\"65ef1c3918fb256d38f78d17\",\"label\":\"Interior Final\"}],\"adType\":\"banner\",\"zIndex\":10,\"offset\":1,\"limit\":1},\"customConfig\":{\"lg\":{\"box-5c855846-d7ab-4946-985d-cfc1dd3cd47fConfig\":{\"changeWidget\":\"box\",\"backgroundColor\":\"#d1d5dbff\"},\"box-5c855846-d7ab-4946-985d-cfc1dd3cd47fLayerOne\":{\"enabled\":true},\"avatar-d115f0f5-9555-46bb-bcb2-054e47ef3e47Config\":{\"changeWidget\":\"avatar\",\"openType\":\"redirectUrl\",\"targetBlank\":true},\"avatar-d115f0f5-9555-46bb-bcb2-054e47ef3e47AttributeFill\":{\"fillOption\":\"widget\",\"attributeFill\":[{\"title\":\"image\",\"canDelete\":true}]}}},\"content\":{\"layouts\":{\"lg\":[{\"i\":\"5c855846-d7ab-4946-985d-cfc1dd3cd47f\",\"x\":0,\"y\":0,\"w\":100,\"h\":100,\"type\":\"widget\",\"framework\":\"mui\",\"data\":\"box\"},{\"i\":\"d115f0f5-9555-46bb-bcb2-054e47ef3e47\",\"x\":3,\"y\":3,\"w\":94,\"h\":94,\"type\":\"widget\",\"framework\":\"mui\",\"data\":\"avatar\"}]}},\"rows\":[{\"name\":\"Interior Final 2 \/ 250x250: BUS SUR\",\"image\":{\"publicUrl\":\"https:\/\/s3-mspro.nyc3.digitaloceanspaces.com\/tenant\/658d9f90f0909def6c18fa2c\/mediaLibrary\/photo\/64d076fa-b8bf-4dc2-a2da-05d831546aac.webp\",\"privatePhotoUrlWithoutExtension\":\"tenant\/658d9f90f0909def6c18fa2c\/mediaLibrary\/photo\/64d076fa-b8bf-4dc2-a2da-05d831546aac\",\"privatePhotoUrl\":\"tenant\/658d9f90f0909def6c18fa2c\/mediaLibrary\/photo\/64d076fa-b8bf-4dc2-a2da-05d831546aac-medium-standard-q100.webp?v=1733229280\",\"photoExtension\":\"webp?v=1733229280\",\"type\":\"image\",\"name\":\"3f97b5c0-2f70-4010-9e4d-64b713a9021a-small-standard-q100\",\"updatedAt\":\"2024-12-03T12:34:40.651Z\",\"photoVersion\":4},\"redirectUrl\":\"https:\/\/www.bussur.com\/\"}]}},{\"i\":\"4b2691c4-32a5-4aff-afc7-ad26b60a8f86\",\"x\":29,\"y\":106,\"w\":8,\"h\":8,\"id\":\"6598322b593b0ab5a9c16227\",\"name\":\"Componente Widget Banner 1x1\",\"gridCols\":100,\"type\":\"component\",\"data\":{\"displayConfig\":{\"filterBy\":\"widgets\",\"type\":\"ads\",\"widgetsOrderBy\":\"position\",\"sortBy\":\"asc\",\"keywords\":[{\"id\":\"65ef1c3918fb256d38f78d17\",\"label\":\"Interior Final\"}],\"adType\":\"banner\",\"zIndex\":10,\"offset\":2,\"limit\":1},\"customConfig\":{\"lg\":{\"box-5c855846-d7ab-4946-985d-cfc1dd3cd47fConfig\":{\"changeWidget\":\"box\",\"backgroundColor\":\"#d1d5dbff\"},\"box-5c855846-d7ab-4946-985d-cfc1dd3cd47fLayerOne\":{\"enabled\":true},\"avatar-d115f0f5-9555-46bb-bcb2-054e47ef3e47Config\":{\"changeWidget\":\"avatar\",\"openType\":\"redirectUrl\",\"targetBlank\":true},\"avatar-d115f0f5-9555-46bb-bcb2-054e47ef3e47AttributeFill\":{\"fillOption\":\"widget\",\"attributeFill\":[{\"title\":\"image\",\"canDelete\":true}]}}},\"content\":{\"layouts\":{\"lg\":[{\"i\":\"5c855846-d7ab-4946-985d-cfc1dd3cd47f\",\"x\":0,\"y\":0,\"w\":100,\"h\":100,\"type\":\"widget\",\"framework\":\"mui\",\"data\":\"box\"},{\"i\":\"d115f0f5-9555-46bb-bcb2-054e47ef3e47\",\"x\":3,\"y\":3,\"w\":94,\"h\":94,\"type\":\"widget\",\"framework\":\"mui\",\"data\":\"avatar\"}]}},\"rows\":[{\"name\":\"Interior Final 3 \/ 250x250: Pescachile Pesca\",\"image\":{\"publicUrl\":\"https:\/\/s3-mspro.nyc3.digitaloceanspaces.com\/tenant\/658d9f90f0909def6c18fa2c\/mediaLibrary\/photo\/806a6370-81a8-467c-a22a-db915d9f5719.png\",\"privatePhotoUrlWithoutExtension\":\"tenant\/658d9f90f0909def6c18fa2c\/mediaLibrary\/photo\/806a6370-81a8-467c-a22a-db915d9f5719\",\"privatePhotoUrl\":\"tenant\/658d9f90f0909def6c18fa2c\/mediaLibrary\/photo\/806a6370-81a8-467c-a22a-db915d9f5719-medium-standard-q100.png?v=1709910476\",\"photoExtension\":\"png?v=1709910476\",\"type\":\"image\",\"name\":\"BANNER-PESCACHILE336X336\",\"updatedAt\":\"2024-03-08T15:07:56.886Z\",\"photoVersion\":4},\"redirectUrl\":\"https:\/\/www.pescachile.cl\/\"}]}},{\"i\":\"cb9ee167-a9b2-4245-9a31-ab2e77376376\",\"x\":39,\"y\":106,\"w\":8,\"h\":8,\"id\":\"6598322b593b0ab5a9c16227\",\"name\":\"Componente Widget Banner 1x1\",\"gridCols\":100,\"type\":\"component\",\"data\":{\"displayConfig\":{\"filterBy\":\"widgets\",\"type\":\"ads\",\"widgetsOrderBy\":\"position\",\"sortBy\":\"asc\",\"keywords\":[{\"id\":\"65ef1c3918fb256d38f78d17\",\"label\":\"Interior Final\"}],\"adType\":\"banner\",\"zIndex\":10,\"offset\":3,\"limit\":1},\"customConfig\":{\"lg\":{\"box-5c855846-d7ab-4946-985d-cfc1dd3cd47fConfig\":{\"changeWidget\":\"box\",\"backgroundColor\":\"#d1d5dbff\"},\"box-5c855846-d7ab-4946-985d-cfc1dd3cd47fLayerOne\":{\"enabled\":true},\"avatar-d115f0f5-9555-46bb-bcb2-054e47ef3e47Config\":{\"changeWidget\":\"avatar\",\"openType\":\"redirectUrl\",\"targetBlank\":true},\"avatar-d115f0f5-9555-46bb-bcb2-054e47ef3e47AttributeFill\":{\"fillOption\":\"widget\",\"attributeFill\":[{\"title\":\"image\",\"canDelete\":true}]}}},\"content\":{\"layouts\":{\"lg\":[{\"i\":\"5c855846-d7ab-4946-985d-cfc1dd3cd47f\",\"x\":0,\"y\":0,\"w\":100,\"h\":100,\"type\":\"widget\",\"framework\":\"mui\",\"data\":\"box\"},{\"i\":\"d115f0f5-9555-46bb-bcb2-054e47ef3e47\",\"x\":3,\"y\":3,\"w\":94,\"h\":94,\"type\":\"widget\",\"framework\":\"mui\",\"data\":\"avatar\"}]}},\"rows\":[{\"name\":\"Interior Final 4 \/ 250x250: CASINO\",\"image\":{\"publicUrl\":\"https:\/\/s3-mspro.nyc3.digitaloceanspaces.com\/tenant\/658d9f90f0909def6c18fa2c\/mediaLibrary\/photo\/3a6b14ce-3c4f-4623-91d3-94a49d97aace.gif\",\"privatePhotoUrlWithoutExtension\":\"tenant\/658d9f90f0909def6c18fa2c\/mediaLibrary\/photo\/3a6b14ce-3c4f-4623-91d3-94a49d97aace\",\"privatePhotoUrl\":\"tenant\/658d9f90f0909def6c18fa2c\/mediaLibrary\/photo\/3a6b14ce-3c4f-4623-91d3-94a49d97aace.gif\",\"photoExtension\":\"gif\",\"type\":\"image\",\"name\":\"CASINO 250x250-gif\",\"updatedAt\":\"2026-03-24T20:06:34.399Z\",\"photoVersion\":4},\"redirectUrl\":\"https:\/\/punta-arenas.dreams.cl\/\"}]}},{\"i\":\"7aa1b392-c200-4bae-9be1-d6086ccbd725\",\"x\":48,\"y\":106,\"w\":8,\"h\":8,\"id\":\"6598322b593b0ab5a9c16227\",\"name\":\"Componente Widget Banner 1x1\",\"gridCols\":100,\"type\":\"component\",\"data\":{\"displayConfig\":{\"filterBy\":\"widgets\",\"type\":\"ads\",\"widgetsOrderBy\":\"position\",\"sortBy\":\"asc\",\"keywords\":[{\"id\":\"65ef1c3918fb256d38f78d17\",\"label\":\"Interior Final\"}],\"adType\":\"banner\",\"zIndex\":10,\"offset\":4,\"limit\":1},\"customConfig\":{\"lg\":{\"box-5c855846-d7ab-4946-985d-cfc1dd3cd47fConfig\":{\"changeWidget\":\"box\",\"backgroundColor\":\"#d1d5dbff\"},\"box-5c855846-d7ab-4946-985d-cfc1dd3cd47fLayerOne\":{\"enabled\":true},\"avatar-d115f0f5-9555-46bb-bcb2-054e47ef3e47Config\":{\"changeWidget\":\"avatar\",\"openType\":\"redirectUrl\",\"targetBlank\":true},\"avatar-d115f0f5-9555-46bb-bcb2-054e47ef3e47AttributeFill\":{\"fillOption\":\"widget\",\"attributeFill\":[{\"title\":\"image\",\"canDelete\":true}]}}},\"content\":{\"layouts\":{\"lg\":[{\"i\":\"5c855846-d7ab-4946-985d-cfc1dd3cd47f\",\"x\":0,\"y\":0,\"w\":100,\"h\":100,\"type\":\"widget\",\"framework\":\"mui\",\"data\":\"box\"},{\"i\":\"d115f0f5-9555-46bb-bcb2-054e47ef3e47\",\"x\":3,\"y\":3,\"w\":94,\"h\":94,\"type\":\"widget\",\"framework\":\"mui\",\"data\":\"avatar\"}]}},\"rows\":[{\"name\":\"Interior Final 5 \/ 250x250: Jordan\",\"image\":{\"publicUrl\":\"https:\/\/s3-mspro.nyc3.digitaloceanspaces.com\/tenant\/658d9f90f0909def6c18fa2c\/mediaLibrary\/photo\/bb9951ef-1fce-4251-94a8-30734316701a.jpeg\",\"privatePhotoUrlWithoutExtension\":\"tenant\/658d9f90f0909def6c18fa2c\/mediaLibrary\/photo\/bb9951ef-1fce-4251-94a8-30734316701a\",\"privatePhotoUrl\":\"tenant\/658d9f90f0909def6c18fa2c\/mediaLibrary\/photo\/bb9951ef-1fce-4251-94a8-30734316701a-medium-standard-q100.jpeg?v=1704816857\",\"photoExtension\":\"jpeg?v=1704816857\",\"type\":\"image\",\"name\":\"14HOME-Logo-Jordan\",\"updatedAt\":\"2024-01-09T16:14:17.916Z\",\"photoVersion\":4},\"redirectUrl\":\"https:\/\/web.facebook.com\/djordanonline?_rdc=1u0026_rdr\"}]}},{\"i\":\"78850bc1-dd0d-4971-8af0-b4048fb4973d\",\"x\":57,\"y\":106,\"w\":8,\"h\":8,\"id\":\"6598322b593b0ab5a9c16227\",\"name\":\"Componente Widget Banner 1x1\",\"gridCols\":100,\"type\":\"component\",\"data\":{\"displayConfig\":{\"filterBy\":\"widgets\",\"type\":\"ads\",\"widgetsOrderBy\":\"position\",\"sortBy\":\"asc\",\"keywords\":[{\"id\":\"65ef1c3918fb256d38f78d17\",\"label\":\"Interior Final\"}],\"adType\":\"banner\",\"zIndex\":10,\"offset\":5,\"limit\":1},\"customConfig\":{\"lg\":{\"box-5c855846-d7ab-4946-985d-cfc1dd3cd47fConfig\":{\"changeWidget\":\"box\",\"backgroundColor\":\"#d1d5dbff\"},\"box-5c855846-d7ab-4946-985d-cfc1dd3cd47fLayerOne\":{\"enabled\":true},\"avatar-d115f0f5-9555-46bb-bcb2-054e47ef3e47Config\":{\"changeWidget\":\"avatar\",\"openType\":\"redirectUrl\",\"targetBlank\":true},\"avatar-d115f0f5-9555-46bb-bcb2-054e47ef3e47AttributeFill\":{\"fillOption\":\"widget\",\"attributeFill\":[{\"title\":\"image\",\"canDelete\":true}]}}},\"content\":{\"layouts\":{\"lg\":[{\"i\":\"5c855846-d7ab-4946-985d-cfc1dd3cd47f\",\"x\":0,\"y\":0,\"w\":100,\"h\":100,\"type\":\"widget\",\"framework\":\"mui\",\"data\":\"box\"},{\"i\":\"d115f0f5-9555-46bb-bcb2-054e47ef3e47\",\"x\":3,\"y\":3,\"w\":94,\"h\":94,\"type\":\"widget\",\"framework\":\"mui\",\"data\":\"avatar\"}]}},\"rows\":[{\"name\":\"Interior Final 6 \/ 250x250: INACAP\",\"image\":{\"publicUrl\":\"https:\/\/s3-mspro.nyc3.digitaloceanspaces.com\/tenant\/658d9f90f0909def6c18fa2c\/mediaLibrary\/photo\/edc37920-6a5c-407e-8ce4-66a24ad9f80d.jpg\",\"privatePhotoUrlWithoutExtension\":\"tenant\/658d9f90f0909def6c18fa2c\/mediaLibrary\/photo\/edc37920-6a5c-407e-8ce4-66a24ad9f80d\",\"privatePhotoUrl\":\"tenant\/658d9f90f0909def6c18fa2c\/mediaLibrary\/photo\/edc37920-6a5c-407e-8ce4-66a24ad9f80d-medium-standard-q100.jpg?v=1755722668\",\"photoExtension\":\"jpg?v=1755722668\",\"type\":\"image\",\"name\":\"BANNER INACAP 336x336-01\",\"updatedAt\":\"2025-08-20T20:44:28.757Z\",\"photoVersion\":4},\"redirectUrl\":\"https:\/\/portal.inacap.c\"}]}},{\"i\":\"aa29fdd3-b48e-4775-8ac5-20310bc6f7b3\",\"x\":29,\"y\":115,\"w\":8,\"h\":8,\"id\":\"6598322b593b0ab5a9c16227\",\"name\":\"Componente Widget Banner 1x1\",\"gridCols\":100,\"type\":\"component\",\"data\":{\"displayConfig\":{\"filterBy\":\"widgets\",\"type\":\"ads\",\"widgetsOrderBy\":\"position\",\"sortBy\":\"asc\",\"keywords\":[{\"id\":\"65ef1c3918fb256d38f78d17\",\"label\":\"Interior Final\"}],\"adType\":\"banner\",\"zIndex\":10,\"offset\":7,\"limit\":1},\"customConfig\":{\"lg\":{\"box-5c855846-d7ab-4946-985d-cfc1dd3cd47fConfig\":{\"changeWidget\":\"box\",\"backgroundColor\":\"#d1d5dbff\"},\"box-5c855846-d7ab-4946-985d-cfc1dd3cd47fLayerOne\":{\"enabled\":true},\"avatar-d115f0f5-9555-46bb-bcb2-054e47ef3e47Config\":{\"changeWidget\":\"avatar\",\"openType\":\"redirectUrl\",\"targetBlank\":true},\"avatar-d115f0f5-9555-46bb-bcb2-054e47ef3e47AttributeFill\":{\"fillOption\":\"widget\",\"attributeFill\":[{\"title\":\"image\",\"canDelete\":true}]}}},\"content\":{\"layouts\":{\"lg\":[{\"i\":\"5c855846-d7ab-4946-985d-cfc1dd3cd47f\",\"x\":0,\"y\":0,\"w\":100,\"h\":100,\"type\":\"widget\",\"framework\":\"mui\",\"data\":\"box\"},{\"i\":\"d115f0f5-9555-46bb-bcb2-054e47ef3e47\",\"x\":3,\"y\":3,\"w\":94,\"h\":94,\"type\":\"widget\",\"framework\":\"mui\",\"data\":\"avatar\"}]}},\"rows\":[{\"name\":\"Interior Final 8 \/ 250x250: publicite aqui\",\"image\":{\"publicUrl\":\"https:\/\/s3-mspro.nyc3.digitaloceanspaces.com\/tenant\/658d9f90f0909def6c18fa2c\/mediaLibrary\/photo\/44fd1203-2960-44dd-a5c1-723e1b61b7f3.gif\",\"privatePhotoUrlWithoutExtension\":\"tenant\/658d9f90f0909def6c18fa2c\/mediaLibrary\/photo\/44fd1203-2960-44dd-a5c1-723e1b61b7f3\",\"privatePhotoUrl\":\"tenant\/658d9f90f0909def6c18fa2c\/mediaLibrary\/photo\/44fd1203-2960-44dd-a5c1-723e1b61b7f3.gif\",\"photoExtension\":\"gif\",\"type\":\"image\",\"name\":\"PUBLICITE AQUI 250x250\",\"updatedAt\":\"2025-02-05T12:32:01.326Z\",\"photoVersion\":4},\"redirectUrl\":\"https:\/\/www.radiopolar.com\/\"}]}},{\"i\":\"71ffb4c1-c022-440c-912e-7fb15a001ca3\",\"x\":39,\"y\":115,\"w\":8,\"h\":8,\"id\":\"6598322b593b0ab5a9c16227\",\"name\":\"Componente Widget Banner 1x1\",\"gridCols\":100,\"type\":\"component\",\"data\":{\"displayConfig\":{\"filterBy\":\"widgets\",\"type\":\"ads\",\"widgetsOrderBy\":\"position\",\"sortBy\":\"asc\",\"keywords\":[{\"id\":\"65ef1c3918fb256d38f78d17\",\"label\":\"Interior Final\"}],\"adType\":\"banner\",\"zIndex\":10,\"offset\":9,\"limit\":1},\"customConfig\":{\"lg\":{\"box-5c855846-d7ab-4946-985d-cfc1dd3cd47fConfig\":{\"changeWidget\":\"box\",\"backgroundColor\":\"#d1d5dbff\"},\"box-5c855846-d7ab-4946-985d-cfc1dd3cd47fLayerOne\":{\"enabled\":true},\"avatar-d115f0f5-9555-46bb-bcb2-054e47ef3e47Config\":{\"changeWidget\":\"avatar\",\"openType\":\"redirectUrl\",\"targetBlank\":true},\"avatar-d115f0f5-9555-46bb-bcb2-054e47ef3e47AttributeFill\":{\"fillOption\":\"widget\",\"attributeFill\":[{\"title\":\"image\",\"canDelete\":true}]}}},\"content\":{\"layouts\":{\"lg\":[{\"i\":\"5c855846-d7ab-4946-985d-cfc1dd3cd47f\",\"x\":0,\"y\":0,\"w\":100,\"h\":100,\"type\":\"widget\",\"framework\":\"mui\",\"data\":\"box\"},{\"i\":\"d115f0f5-9555-46bb-bcb2-054e47ef3e47\",\"x\":3,\"y\":3,\"w\":94,\"h\":94,\"type\":\"widget\",\"framework\":\"mui\",\"data\":\"avatar\"}]}},\"rows\":[{\"name\":\"Interior Final 10 \/ 250x250: SANCHEZ\",\"image\":{\"publicUrl\":\"https:\/\/s3-mspro.nyc3.digitaloceanspaces.com\/tenant\/658d9f90f0909def6c18fa2c\/mediaLibrary\/photo\/8e3be233-ec1b-483c-bb55-12aa1a7ad26f.gif\",\"privatePhotoUrlWithoutExtension\":\"tenant\/658d9f90f0909def6c18fa2c\/mediaLibrary\/photo\/8e3be233-ec1b-483c-bb55-12aa1a7ad26f\",\"privatePhotoUrl\":\"tenant\/658d9f90f0909def6c18fa2c\/mediaLibrary\/photo\/8e3be233-ec1b-483c-bb55-12aa1a7ad26f.gif\",\"photoExtension\":\"gif\",\"type\":\"image\",\"name\":\"POLAR_BANNER2 (1)\",\"updatedAt\":\"2026-03-16T12:25:22.940Z\",\"photoVersion\":4},\"redirectUrl\":\"https:\/\/sanchezysanchez.cl\/\"}]}},{\"i\":\"d5f044b7-e698-4ae5-9600-0ad8ec9b5770\",\"x\":29,\"y\":124,\"w\":8,\"h\":8,\"id\":\"6598322b593b0ab5a9c16227\",\"name\":\"Componente Widget Banner 1x1\",\"gridCols\":100,\"type\":\"component\",\"data\":{\"displayConfig\":{\"filterBy\":\"widgets\",\"type\":\"ads\",\"widgetsOrderBy\":\"position\",\"sortBy\":\"asc\",\"keywords\":[{\"id\":\"65ef1c3918fb256d38f78d17\",\"label\":\"Interior Final\"}],\"adType\":\"banner\",\"zIndex\":10,\"offset\":8,\"limit\":1},\"customConfig\":{\"lg\":{\"box-5c855846-d7ab-4946-985d-cfc1dd3cd47fConfig\":{\"changeWidget\":\"box\",\"backgroundColor\":\"#d1d5dbff\"},\"box-5c855846-d7ab-4946-985d-cfc1dd3cd47fLayerOne\":{\"enabled\":true},\"avatar-d115f0f5-9555-46bb-bcb2-054e47ef3e47Config\":{\"changeWidget\":\"avatar\",\"openType\":\"redirectUrl\",\"targetBlank\":true},\"avatar-d115f0f5-9555-46bb-bcb2-054e47ef3e47AttributeFill\":{\"fillOption\":\"widget\",\"attributeFill\":[{\"title\":\"image\",\"canDelete\":true}]}}},\"content\":{\"layouts\":{\"lg\":[{\"i\":\"5c855846-d7ab-4946-985d-cfc1dd3cd47f\",\"x\":0,\"y\":0,\"w\":100,\"h\":100,\"type\":\"widget\",\"framework\":\"mui\",\"data\":\"box\"},{\"i\":\"d115f0f5-9555-46bb-bcb2-054e47ef3e47\",\"x\":3,\"y\":3,\"w\":94,\"h\":94,\"type\":\"widget\",\"framework\":\"mui\",\"data\":\"avatar\"}]}},\"rows\":[{\"name\":\"Interior Final 9 \/ 250x250: recasur\",\"image\":{\"publicUrl\":\"https:\/\/s3-mspro.nyc3.digitaloceanspaces.com\/tenant\/658d9f90f0909def6c18fa2c\/mediaLibrary\/photo\/fffed5e9-7320-4730-b31b-565e4862c4f2.jpeg\",\"privatePhotoUrlWithoutExtension\":\"tenant\/658d9f90f0909def6c18fa2c\/mediaLibrary\/photo\/fffed5e9-7320-4730-b31b-565e4862c4f2\",\"privatePhotoUrl\":\"tenant\/658d9f90f0909def6c18fa2c\/mediaLibrary\/photo\/fffed5e9-7320-4730-b31b-565e4862c4f2-medium-standard-q100.jpeg?v=1704816269\",\"photoExtension\":\"jpeg?v=1704816269\",\"type\":\"image\",\"name\":\"8HOME-BANNER-RECASUR-336X336\",\"updatedAt\":\"2024-01-09T16:04:29.845Z\",\"photoVersion\":4},\"redirectUrl\":\"https:\/\/web.facebook.com\/RecasurZF\/\"}]}},{\"i\":\"7b4b80df-b472-4fd2-8444-98d6133ed0bc\",\"x\":39,\"y\":124,\"w\":8,\"h\":8,\"id\":\"6598322b593b0ab5a9c16227\",\"name\":\"Componente Widget Banner 1x1\",\"gridCols\":100,\"type\":\"component\",\"data\":{\"displayConfig\":{\"filterBy\":\"widgets\",\"type\":\"ads\",\"widgetsOrderBy\":\"position\",\"sortBy\":\"asc\",\"keywords\":[{\"id\":\"65ef1c3918fb256d38f78d17\",\"label\":\"Interior Final\"}],\"adType\":\"banner\",\"zIndex\":10,\"offset\":10,\"limit\":1},\"customConfig\":{\"lg\":{\"box-5c855846-d7ab-4946-985d-cfc1dd3cd47fConfig\":{\"changeWidget\":\"box\",\"backgroundColor\":\"#d1d5dbff\"},\"box-5c855846-d7ab-4946-985d-cfc1dd3cd47fLayerOne\":{\"enabled\":true},\"avatar-d115f0f5-9555-46bb-bcb2-054e47ef3e47Config\":{\"changeWidget\":\"avatar\",\"openType\":\"redirectUrl\",\"targetBlank\":true},\"avatar-d115f0f5-9555-46bb-bcb2-054e47ef3e47AttributeFill\":{\"fillOption\":\"widget\",\"attributeFill\":[{\"title\":\"image\",\"canDelete\":true}]}}},\"content\":{\"layouts\":{\"lg\":[{\"i\":\"5c855846-d7ab-4946-985d-cfc1dd3cd47f\",\"x\":0,\"y\":0,\"w\":100,\"h\":100,\"type\":\"widget\",\"framework\":\"mui\",\"data\":\"box\"},{\"i\":\"d115f0f5-9555-46bb-bcb2-054e47ef3e47\",\"x\":3,\"y\":3,\"w\":94,\"h\":94,\"type\":\"widget\",\"framework\":\"mui\",\"data\":\"avatar\"}]}},\"rows\":[{\"name\":\"Interior Final 11 \/ 250x250: Dap\",\"image\":{\"publicUrl\":\"https:\/\/s3-mspro.nyc3.digitaloceanspaces.com\/tenant\/658d9f90f0909def6c18fa2c\/mediaLibrary\/photo\/a93b09c1-a8b1-4c31-a0c3-9034d566ef16.png\",\"privatePhotoUrlWithoutExtension\":\"tenant\/658d9f90f0909def6c18fa2c\/mediaLibrary\/photo\/a93b09c1-a8b1-4c31-a0c3-9034d566ef16\",\"privatePhotoUrl\":\"tenant\/658d9f90f0909def6c18fa2c\/mediaLibrary\/photo\/a93b09c1-a8b1-4c31-a0c3-9034d566ef16-medium-standard-q100.png?v=1710002615\",\"photoExtension\":\"png?v=1710002615\",\"type\":\"image\",\"name\":\"banner-dap_250x250\",\"updatedAt\":\"2024-03-09T16:43:35.399Z\",\"photoVersion\":4},\"redirectUrl\":\"https:\/\/dapairline.com\/\"}]}},{\"i\":\"3ff3444e-d915-4c00-8474-f3fbce993f7d\",\"x\":11,\"y\":115,\"w\":17,\"h\":17,\"id\":\"6598322b593b0ab5a9c16227\",\"name\":\"Componente Widget Banner 1x1\",\"gridCols\":100,\"type\":\"component\",\"data\":{\"displayConfig\":{\"filterBy\":\"widgets\",\"type\":\"ads\",\"widgetsOrderBy\":\"position\",\"sortBy\":\"asc\",\"keywords\":[{\"id\":\"65ef1c3918fb256d38f78d17\",\"label\":\"Interior Final\"}],\"adType\":\"banner\",\"zIndex\":10,\"offset\":6,\"limit\":1},\"customConfig\":{\"lg\":{\"box-5c855846-d7ab-4946-985d-cfc1dd3cd47fConfig\":{\"changeWidget\":\"box\",\"backgroundColor\":\"#d1d5dbff\"},\"box-5c855846-d7ab-4946-985d-cfc1dd3cd47fLayerOne\":{\"enabled\":true},\"avatar-d115f0f5-9555-46bb-bcb2-054e47ef3e47Config\":{\"changeWidget\":\"avatar\",\"openType\":\"redirectUrl\",\"targetBlank\":true},\"avatar-d115f0f5-9555-46bb-bcb2-054e47ef3e47AttributeFill\":{\"fillOption\":\"widget\",\"attributeFill\":[{\"title\":\"image\",\"canDelete\":true}]}}},\"content\":{\"layouts\":{\"lg\":[{\"i\":\"5c855846-d7ab-4946-985d-cfc1dd3cd47f\",\"x\":0,\"y\":0,\"w\":100,\"h\":100,\"type\":\"widget\",\"framework\":\"mui\",\"data\":\"box\"},{\"i\":\"d115f0f5-9555-46bb-bcb2-054e47ef3e47\",\"x\":3,\"y\":3,\"w\":94,\"h\":94,\"type\":\"widget\",\"framework\":\"mui\",\"data\":\"avatar\"}]}},\"rows\":[{\"name\":\"Interior Final 7 \/ 336x336: PUBLICITE AQUI\",\"image\":{\"publicUrl\":\"https:\/\/s3-mspro.nyc3.digitaloceanspaces.com\/tenant\/658d9f90f0909def6c18fa2c\/mediaLibrary\/photo\/fbdaf73b-c17f-4a9c-ae0f-7fd8e9b6a19f.png\",\"privatePhotoUrlWithoutExtension\":\"tenant\/658d9f90f0909def6c18fa2c\/mediaLibrary\/photo\/fbdaf73b-c17f-4a9c-ae0f-7fd8e9b6a19f\",\"privatePhotoUrl\":\"tenant\/658d9f90f0909def6c18fa2c\/mediaLibrary\/photo\/fbdaf73b-c17f-4a9c-ae0f-7fd8e9b6a19f-medium-standard-q100.png?v=1762343366\",\"photoExtension\":\"png?v=1762343366\",\"type\":\"image\",\"name\":\"PUBLICITEAQUI336X336\",\"updatedAt\":\"2025-11-05T11:49:26.955Z\",\"photoVersion\":4},\"redirectUrl\":\"https:\/\/www.radiopolar.com\/\"}]}},{\"i\":\"4d05e831-009f-40c2-a8d7-84579bbddefe\",\"x\":48,\"y\":115,\"w\":17,\"h\":17,\"id\":\"6598322b593b0ab5a9c16227\",\"name\":\"Componente Widget Banner 1x1\",\"gridCols\":100,\"type\":\"component\",\"data\":{\"displayConfig\":{\"filterBy\":\"widgets\",\"type\":\"ads\",\"widgetsOrderBy\":\"position\",\"sortBy\":\"asc\",\"keywords\":[{\"id\":\"65ef1c3918fb256d38f78d17\",\"label\":\"Interior Final\"}],\"adType\":\"banner\",\"zIndex\":10,\"offset\":11,\"limit\":1},\"customConfig\":{\"lg\":{\"box-5c855846-d7ab-4946-985d-cfc1dd3cd47fConfig\":{\"changeWidget\":\"box\",\"backgroundColor\":\"#d1d5dbff\"},\"box-5c855846-d7ab-4946-985d-cfc1dd3cd47fLayerOne\":{\"enabled\":true},\"avatar-d115f0f5-9555-46bb-bcb2-054e47ef3e47Config\":{\"changeWidget\":\"avatar\",\"openType\":\"redirectUrl\",\"targetBlank\":true},\"avatar-d115f0f5-9555-46bb-bcb2-054e47ef3e47AttributeFill\":{\"fillOption\":\"widget\",\"attributeFill\":[{\"title\":\"image\",\"canDelete\":true}]}}},\"content\":{\"layouts\":{\"lg\":[{\"i\":\"5c855846-d7ab-4946-985d-cfc1dd3cd47f\",\"x\":0,\"y\":0,\"w\":100,\"h\":100,\"type\":\"widget\",\"framework\":\"mui\",\"data\":\"box\"},{\"i\":\"d115f0f5-9555-46bb-bcb2-054e47ef3e47\",\"x\":3,\"y\":3,\"w\":94,\"h\":94,\"type\":\"widget\",\"framework\":\"mui\",\"data\":\"avatar\"}]}},\"rows\":[{\"name\":\"Interior Final 12 \/ 336x336: PUBLICITE AQUI\",\"image\":{\"publicUrl\":\"https:\/\/s3-mspro.nyc3.digitaloceanspaces.com\/tenant\/658d9f90f0909def6c18fa2c\/mediaLibrary\/photo\/e085b762-3ba1-4786-891f-ead0903eb8f1.webp\",\"privatePhotoUrlWithoutExtension\":\"tenant\/658d9f90f0909def6c18fa2c\/mediaLibrary\/photo\/e085b762-3ba1-4786-891f-ead0903eb8f1\",\"privatePhotoUrl\":\"tenant\/658d9f90f0909def6c18fa2c\/mediaLibrary\/photo\/e085b762-3ba1-4786-891f-ead0903eb8f1-medium-standard-q100.webp?v=1742908913\",\"photoExtension\":\"webp?v=1742908913\",\"type\":\"image\",\"name\":\"publicite aqui\",\"updatedAt\":\"2025-03-25T13:21:53.519Z\",\"photoVersion\":4},\"redirectUrl\":\"https:\/\/www.radiopolar.com\/\"}]}},{\"i\":\"65c2a98d-4d2a-49c6-b602-ff76d484ad22\",\"x\":11,\"y\":0,\"w\":50,\"h\":2,\"id\":\"65a04f445b5dba041db49e99\",\"name\":\"Componente principal Entrada: 1 Fecha\",\"gridCols\":100,\"type\":\"component\",\"data\":{\"displayConfig\":{\"filterBy\":\"posts\",\"filterByParams\":[\"post\"],\"postsOrderBy\":\"datePublished\",\"sortBy\":\"desc\",\"zIndex\":1},\"customConfig\":{\"lg\":{\"typography-14f66c9a-edd6-480e-888f-849b57d6b647ConfigSelected\":{\"changeWidget\":\"typography\"},\"button-1bc0e75f-51d3-440d-804c-3b8785cc8469ConfigHover\":{\"changeWidget\":\"button\",\"color\":\"error\"},\"button-1bc0e75f-51d3-440d-804c-3b8785cc8469LayerOneHover\":{\"enabled\":true},\"typography-60d44d67-470f-4c77-af69-67e10edc46a1Config\":{\"changeWidget\":\"typography\",\"fontFamily\":\"Secondary\",\"fontSize\":2,\"noLineBreak\":true,\"alignContent\":\"center\",\"color\":\"info\",\"backgroundColor\":\"secondary\"},\"typography-60d44d67-470f-4c77-af69-67e10edc46a1LayerOne\":{\"enabled\":true},\"typography-60d44d67-470f-4c77-af69-67e10edc46a1LayerTwo\":{\"enabled\":true},\"typography-60d44d67-470f-4c77-af69-67e10edc46a1AttributeFill\":{\"fillOption\":\"post\",\"attributeFill\":[{\"title\":\"datePublished\",\"formatDate\":\"LL\",\"canDelete\":true}]},\"icon-c10044a8-7706-4f7b-bd67-3c64f218f6dfConfig\":{\"changeWidget\":\"icon\",\"alignContent\":\"center\",\"color\":\"info\",\"customIcon\":\"io5\/IoCalendarOutline\",\"width\":1.5,\"height\":1.5},\"icon-c10044a8-7706-4f7b-bd67-3c64f218f6dfLayerOne\":{\"enabled\":true},\"icon-c10044a8-7706-4f7b-bd67-3c64f218f6dfLayerTwo\":{\"enabled\":true}}},\"content\":{\"layouts\":{\"lg\":[{\"i\":\"60d44d67-470f-4c77-af69-67e10edc46a1\",\"x\":0,\"y\":0,\"w\":29,\"h\":3,\"type\":\"widget\",\"framework\":\"mui\",\"data\":\"typography\"},{\"i\":\"c10044a8-7706-4f7b-bd67-3c64f218f6df\",\"x\":0,\"y\":0,\"w\":4,\"h\":3,\"type\":\"widget\",\"framework\":\"mui\",\"data\":\"icon\"}]}},\"rows\":[{\"slug\":\"https:\/\/www.radiopolar.com\/sence-abre-postulaciones-cursos-gratuitos-puerto-natales-cupos-limitados\",\"primaryAuthor\":{\"id\":\"6989e3a9f45043c1b91f7bba\",\"name\":\"Equipo Polar Comunicaciones\",\"authorName\":\"Equipo Polar Comunicaciones\",\"slug\":\"\/author\/equipo-polar-comunicaciones\"},\"datePublished\":\"2026-03-28 15:00:00\"}]}},{\"i\":\"f3064b53-3d77-4073-b848-2319c4427fe7\",\"x\":11,\"y\":2,\"w\":54,\"h\":6,\"id\":\"65a04fc05b5dba0aa4b49e9c\",\"name\":\"Componente principal Entrada: 2 titulo y bajada\",\"gridCols\":100,\"type\":\"component\",\"data\":{\"displayConfig\":{\"filterBy\":\"posts\",\"filterByParams\":[\"post\"],\"postsOrderBy\":\"datePublished\",\"sortBy\":\"desc\",\"heightAuto\":true,\"zIndex\":1},\"customConfig\":{\"lg\":{\"typography-11352740-eab3-4805-ba8a-3eaa38d85250Config\":{\"changeWidget\":\"typography\",\"fontSize\":5,\"color\":\"primaryTitle\",\"typographyMaxLength\":1000,\"fontFamily\":\"Heading\",\"lineHeight\":\"1.1\",\"alignContent\":\"top left\",\"fontWeight\":\"800\"},\"typography-11352740-eab3-4805-ba8a-3eaa38d85250LayerOne\":{\"enabled\":true},\"typography-14f66c9a-edd6-480e-888f-849b57d6b647ConfigSelected\":{\"changeWidget\":\"typography\"},\"typography-11352740-eab3-4805-ba8a-3eaa38d85250AttributeFill\":{\"fillOption\":\"post\",\"attributeFill\":[{\"title\":\"title\",\"canDelete\":true}]},\"typography-18bd5393-b1da-4afc-92bf-26f1623c19f8Config\":{\"changeWidget\":\"typography\",\"fontSize\":2,\"typographyMaxLength\":1000,\"fontFamily\":\"Heading\"},\"typography-18bd5393-b1da-4afc-92bf-26f1623c19f8LayerOne\":{\"enabled\":true},\"typography-18bd5393-b1da-4afc-92bf-26f1623c19f8LayerTwo\":{\"enabled\":true},\"typography-11352740-eab3-4805-ba8a-3eaa38d85250LayerTwo\":{\"enabled\":true},\"button-1bc0e75f-51d3-440d-804c-3b8785cc8469ConfigHover\":{\"changeWidget\":\"button\",\"color\":\"error\"},\"button-1bc0e75f-51d3-440d-804c-3b8785cc8469LayerOneHover\":{\"enabled\":true},\"typography-18bd5393-b1da-4afc-92bf-26f1623c19f8AttributeFill\":{\"fillOption\":\"post\",\"attributeFill\":[{\"title\":\"extract\",\"canDelete\":true}]}}},\"content\":{\"layouts\":{\"lg\":[{\"i\":\"11352740-eab3-4805-ba8a-3eaa38d85250\",\"x\":0,\"y\":2,\"w\":100,\"h\":5,\"type\":\"widget\",\"framework\":\"mui\",\"data\":\"typography\"},{\"i\":\"18bd5393-b1da-4afc-92bf-26f1623c19f8\",\"x\":0,\"y\":7,\"w\":99,\"h\":3,\"type\":\"widget\",\"framework\":\"mui\",\"data\":\"typography\"}]}},\"rows\":[{\"title\":\"SENCE ABRE POSTULACIONES A CURSOS GRATUITOS EN PUERTO NATALES CON CUPOS LIMITADOS\",\"extract\":\"\u200bLa iniciativa contempla dos capacitaciones orientadas a mejorar competencias laborales y apoyar el acceso a nuevas oportunidades en la comuna.\",\"slug\":\"https:\/\/www.radiopolar.com\/sence-abre-postulaciones-cursos-gratuitos-puerto-natales-cupos-limitados\",\"primaryAuthor\":{\"id\":\"6989e3a9f45043c1b91f7bba\",\"name\":\"Equipo Polar Comunicaciones\",\"authorName\":\"Equipo Polar Comunicaciones\",\"slug\":\"\/author\/equipo-polar-comunicaciones\"},\"firstContent\":true}]}},{\"i\":\"8e0541bc-ada9-4114-a7de-6dfe83dcd2da\",\"x\":11,\"y\":8,\"w\":54,\"h\":33,\"id\":\"65a050625b5dba4a52b49e9f\",\"name\":\"Componente principal Entrada: 3 Imagen\",\"gridCols\":100,\"type\":\"component\",\"data\":{\"displayConfig\":{\"filterBy\":\"posts\",\"filterByParams\":[\"post\"],\"postsOrderBy\":\"datePublished\",\"sortBy\":\"desc\",\"zIndex\":1},\"customConfig\":{\"lg\":{\"avatar-18801413-401f-4306-b883-cd2713e2b676Config\":{\"changeWidget\":\"avatar\",\"avatarObjectFit\":\"cover\"},\"icon-47970ba6-06f8-4d21-a375-b316d82bcc9eConfig\":{\"changeWidget\":\"icon\",\"color\":\"primary\",\"customIcon\":\"bi\/BiLogoFacebookCircle\",\"width\":5,\"height\":5,\"openType\":\"share\",\"share\":\"facebook\",\"fontSize\":0.6,\"typographyMaxLength\":1000,\"alignContent\":\"center\"},\"icon-47970ba6-06f8-4d21-a375-b316d82bcc9eLayerOne\":{\"enabled\":true},\"icon-1407a8f8-4304-4f6e-9ff8-625d9ac89c74LayerOne\":{\"enabled\":true},\"icon-1407a8f8-4304-4f6e-9ff8-625d9ac89c74Config\":{\"changeWidget\":\"icon\",\"color\":\"primary\",\"customIcon\":\"ai\/AiFillTwitterCircle\",\"width\":5,\"height\":5,\"openType\":\"share\",\"share\":\"twitter\",\"fontSize\":0.6,\"alignContent\":\"center\"},\"icon-0d3c520f-7d4f-4f7d-9b74-7b7e46fcef0cLayerOne\":{\"enabled\":true},\"icon-0d3c520f-7d4f-4f7d-9b74-7b7e46fcef0cConfig\":{\"changeWidget\":\"icon\",\"color\":\"primary\",\"customIcon\":\"io\/IoLogoWhatsapp\",\"width\":5,\"height\":5,\"openType\":\"share\",\"share\":\"whatsapp\",\"fontSize\":0.6,\"alignContent\":\"center\"},\"icon-d250e8d4-653a-4b1f-b903-967804c06df0LayerOne\":{\"enabled\":true},\"icon-d250e8d4-653a-4b1f-b903-967804c06df0Config\":{\"changeWidget\":\"icon\",\"color\":\"primary\",\"customIcon\":\"im\/ImMail4\",\"width\":4.5,\"height\":4.5,\"openType\":\"share\",\"share\":\"email\",\"fontSize\":0.6,\"alignContent\":\"center\"},\"typography-14f66c9a-edd6-480e-888f-849b57d6b647ConfigSelected\":{\"changeWidget\":\"typography\"},\"avatar-18801413-401f-4306-b883-cd2713e2b676AttributeFill\":{\"fillOption\":\"post\",\"attributeFill\":[{\"title\":\"image\",\"canDelete\":true}]},\"button-1bc0e75f-51d3-440d-804c-3b8785cc8469ConfigHover\":{\"changeWidget\":\"button\",\"color\":\"error\"},\"button-1bc0e75f-51d3-440d-804c-3b8785cc8469LayerOneHover\":{\"enabled\":true},\"icon-47970ba6-06f8-4d21-a375-b316d82bcc9eLayerTwo\":{\"enabled\":true},\"icon-1407a8f8-4304-4f6e-9ff8-625d9ac89c74LayerTwo\":{\"enabled\":true},\"icon-0d3c520f-7d4f-4f7d-9b74-7b7e46fcef0cLayerTwo\":{\"enabled\":true},\"icon-d250e8d4-653a-4b1f-b903-967804c06df0LayerTwo\":{\"enabled\":true}}},\"content\":{\"layouts\":{\"lg\":[{\"i\":\"18801413-401f-4306-b883-cd2713e2b676\",\"x\":0,\"y\":0,\"w\":100,\"h\":56,\"type\":\"widget\",\"framework\":\"mui\",\"data\":\"avatar\"},{\"i\":\"47970ba6-06f8-4d21-a375-b316d82bcc9e\",\"x\":0,\"y\":57,\"w\":3,\"h\":3,\"type\":\"widget\",\"framework\":\"mui\",\"data\":\"icon\"},{\"i\":\"1407a8f8-4304-4f6e-9ff8-625d9ac89c74\",\"x\":3,\"y\":57,\"w\":3,\"h\":3,\"type\":\"widget\",\"framework\":\"mui\",\"data\":\"icon\"},{\"i\":\"0d3c520f-7d4f-4f7d-9b74-7b7e46fcef0c\",\"x\":6,\"y\":57,\"w\":3,\"h\":3,\"type\":\"widget\",\"framework\":\"mui\",\"data\":\"icon\"},{\"i\":\"d250e8d4-653a-4b1f-b903-967804c06df0\",\"x\":9,\"y\":57,\"w\":3,\"h\":3,\"type\":\"widget\",\"framework\":\"mui\",\"data\":\"icon\"}]}},\"rows\":[{\"image\":{\"publicUrl\":\"https:\/\/s3-mspro.nyc3.digitaloceanspaces.com\/tenant\/658d9f90f0909def6c18fa2c\/mediaLibrary\/photo\/5dbf8034-7f93-444b-b528-2774375e420e.png\",\"privatePhotoUrlWithoutExtension\":\"tenant\/658d9f90f0909def6c18fa2c\/mediaLibrary\/photo\/5dbf8034-7f93-444b-b528-2774375e420e\",\"privatePhotoUrl\":\"tenant\/658d9f90f0909def6c18fa2c\/mediaLibrary\/photo\/5dbf8034-7f93-444b-b528-2774375e420e-medium-standard-q100.png?v=1774706533\",\"photoExtension\":\"png?v=1774706533\",\"name\":\"sence\",\"photoVersion\":4,\"type\":\"image\"},\"slug\":\"https:\/\/www.radiopolar.com\/sence-abre-postulaciones-cursos-gratuitos-puerto-natales-cupos-limitados\",\"primaryAuthor\":{\"id\":\"6989e3a9f45043c1b91f7bba\",\"name\":\"Equipo Polar Comunicaciones\",\"authorName\":\"Equipo Polar Comunicaciones\",\"slug\":\"\/author\/equipo-polar-comunicaciones\"}}]}},{\"i\":\"8ef5d0a2-8994-49ff-84a5-643710882bf4\",\"x\":11,\"y\":41,\"w\":54,\"h\":58,\"id\":\"65a051475b5dbaeac6b49ea3\",\"name\":\"Componente principal Entrada: Cuerpo\",\"gridCols\":100,\"type\":\"component\",\"data\":{\"displayConfig\":{\"filterBy\":\"posts\",\"filterByParams\":[\"post\"],\"postsOrderBy\":\"datePublished\",\"sortBy\":\"desc\",\"heightAuto\":true,\"zIndex\":1},\"customConfig\":{\"lg\":{\"typography-06604375-b3eb-4de4-887a-980a654a8125Config\":{\"changeWidget\":\"typography\",\"fontSize\":3,\"typographyMaxLength\":100000,\"fontFamily\":\"SubHeading\"},\"typography-06604375-b3eb-4de4-887a-980a654a8125LayerOne\":{\"enabled\":true},\"typography-06604375-b3eb-4de4-887a-980a654a8125AttributeFill\":{\"fillOption\":\"post\",\"attributeFill\":[{\"title\":\"description\",\"canDelete\":true}]},\"typography-14f66c9a-edd6-480e-888f-849b57d6b647ConfigSelected\":{\"changeWidget\":\"typography\"},\"button-1bc0e75f-51d3-440d-804c-3b8785cc8469ConfigHover\":{\"changeWidget\":\"button\",\"color\":\"error\"},\"button-1bc0e75f-51d3-440d-804c-3b8785cc8469LayerOneHover\":{\"enabled\":true}}},\"content\":{\"layouts\":{\"lg\":[{\"i\":\"06604375-b3eb-4de4-887a-980a654a8125\",\"x\":0,\"y\":0,\"w\":100,\"h\":4,\"type\":\"widget\",\"framework\":\"mui\",\"data\":\"typography\"}]}},\"rows\":[{\"slug\":\"https:\/\/www.radiopolar.com\/sence-abre-postulaciones-cursos-gratuitos-puerto-natales-cupos-limitados\",\"primaryAuthor\":{\"id\":\"6989e3a9f45043c1b91f7bba\",\"name\":\"Equipo Polar Comunicaciones\",\"authorName\":\"Equipo Polar Comunicaciones\",\"slug\":\"\/author\/equipo-polar-comunicaciones\"},\"description\":\"u003cpu003eEl Servicio Nacional de Capacitaci\u00f3n y Empleo (SENCE) abri\u00f3 postulaciones a dos cursos gratuitos dirigidos a la comunidad de Puerto Natales, con el objetivo de fortalecer habilidades y facilitar el acceso al mundo laboral. La iniciativa es gestionada por el Consejo Regional de Capacitaci\u00f3n y cuenta con cupos limitados.u003c\/pu003eu003cpu003eLas capacitaciones disponibles son \u201cActividades de cuidados integrados y sociosanitarios para personas mayores con dependencia leve a moderada\u201d y \u201cLabores de soporte en instalaciones sanitarias\u201d, ambas orientadas a entregar herramientas pr\u00e1cticas en \u00e1reas con demanda laboral.u003c\/pu003eu003cpu003ePara postular, las personas interesadas deben ingresar a los sitios web u003ca rel=\"noopener\" href=\"http:\/\/www.sence.cl\" alt=\"www.sence.cl\" class=\"on\"u003ewww.sence.clu003c\/au003eu0026nbsp;o u003ca rel=\"noopener\" href=\"http:\/\/www.eligemejor.cl\" alt=\"www.eligemejor.cl\"u003ewww.eligemejor.clu003c\/au003e, utilizando su Clave \u00danica vigente. Entre los requisitos se considera ser mayor de edad y contar con Registro Social de Hogares (RSH) dentro del 80%.u003c\/pu003eu003cpu003eEl programa contempla beneficios como un subsidio diario y un subsidio de cuidados, destinado a quienes tengan a su cargo ni\u00f1os menores de seis a\u00f1os o personas mayores con dependencia, facilitando as\u00ed la participaci\u00f3n en los cursos.u003c\/pu003eu003cpu003eCada capacitaci\u00f3n cuenta con solo 15 cupos disponibles, por lo que el llamado es a postular con anticipaci\u00f3n. u003c\/pu003eu003cpu003e\u200bu003cbru003eu003c\/pu003e\"}]}},{\"i\":\"1e7d28c8-18b8-49e5-9e05-c74d1c1dbb1e\",\"x\":3,\"y\":146,\"w\":73,\"h\":21,\"id\":\"65981657593b0a63e9c15b02\",\"name\":\"Componente Card Noticias Destacadas Home\",\"gridCols\":100,\"type\":\"component\",\"data\":{\"displayConfig\":{\"formatType\":\"grid\",\"columns\":4,\"columnsDesktop\":6,\"columnsMobile\":6,\"columnsTablet\":6,\"columnsLargeDesktop\":6,\"columnsExtraLargeDesktop\":6,\"offset\":1,\"limit\":16,\"enabledLayer\":true,\"horizontalGutter\":1,\"filterBy\":\"posts\",\"filterByParams\":[\"tagOnePost\",\"tagTwoPost\",\"tagThreePost\",\"primaryCategoryPost\"],\"postsOrderBy\":\"datePublished\",\"sortBy\":\"desc\",\"alignContent\":\"top\"},\"customConfig\":{\"lg\":{\"avatar-d5bbbbb3-bb13-4bc2-9257-05523b32ed9dConfig\":{\"changeWidget\":\"avatar\",\"openType\":\"slug\",\"avatarObjectFit\":\"cover\"},\"typography-cd8b6410-273b-496e-b261-6b0adee8f86cConfig\":{\"changeWidget\":\"typography\",\"fontSize\":6,\"lineHeight\":\"1.2\",\"color\":\"#4a5563ff\",\"typographyMaxLength\":1000,\"openType\":\"slug\"},\"typography-cd8b6410-273b-496e-b261-6b0adee8f86cLayerOne\":{\"enabled\":true},\"typography-cd8b6410-273b-496e-b261-6b0adee8f86cAttributeFill\":{\"fillOption\":\"post\",\"attributeFill\":[{\"title\":\"title\",\"canDelete\":true}]},\"avatar-d5bbbbb3-bb13-4bc2-9257-05523b32ed9dAttributeFill\":{\"fillOption\":\"post\",\"attributeFill\":[{\"title\":\"image\",\"canDelete\":true}]},\"button-34675526-e5e0-415f-b86c-dfe00c3d91dfConfig\":{\"changeWidget\":\"button\",\"fontFamily\":\"Secondary\",\"fontSize\":4,\"customIcon\":\"io5\/IoCalendarSharp\",\"buttonPositionIcon\":\"left\",\"backgroundColor\":\"#b91c1bff\",\"buttonSize\":\"small\",\"buttonVariant\":\"contained\",\"color\":\"success\"},\"button-34675526-e5e0-415f-b86c-dfe00c3d91dfAttributeFill\":{\"fillOption\":\"post\",\"attributeFill\":[{\"title\":\"datePublished\",\"formatDate\":\"DD\/MM\/YYYY HH:mm\",\"canDelete\":true}]},\"button-34675526-e5e0-415f-b86c-dfe00c3d91dfLayerOne\":{\"enabled\":true}}},\"content\":{\"layouts\":{\"lg\":[{\"i\":\"d5bbbbb3-bb13-4bc2-9257-05523b32ed9d\",\"x\":0,\"y\":0,\"w\":100,\"h\":75,\"type\":\"widget\",\"framework\":\"mui\",\"data\":\"avatar\"},{\"i\":\"cd8b6410-273b-496e-b261-6b0adee8f86c\",\"x\":0,\"y\":91,\"w\":100,\"h\":43,\"type\":\"widget\",\"framework\":\"mui\",\"data\":\"typography\"},{\"i\":\"34675526-e5e0-415f-b86c-dfe00c3d91df\",\"x\":0,\"y\":79,\"w\":52,\"h\":8,\"type\":\"widget\",\"framework\":\"mui\",\"data\":\"button\"}]}},\"rows\":[{\"title\":\"INSTITUTO BRIT\u00c1NICO INVITA A LA COMUNIDAD A SUMARSE A SUS CURSOS DE INGL\u00c9S 2026\",\"image\":{\"publicUrl\":\"https:\/\/s3-mspro.nyc3.digitaloceanspaces.com\/tenant\/658d9f90f0909def6c18fa2c\/mediaLibrary\/photo\/53128003-76d7-4534-b3f4-2621082074a6.jpeg\",\"privatePhotoUrlWithoutExtension\":\"tenant\/658d9f90f0909def6c18fa2c\/mediaLibrary\/photo\/53128003-76d7-4534-b3f4-2621082074a6\",\"privatePhotoUrl\":\"tenant\/658d9f90f0909def6c18fa2c\/mediaLibrary\/photo\/53128003-76d7-4534-b3f4-2621082074a6-medium-standard-q100.jpeg?v=1774576601\",\"photoExtension\":\"jpeg?v=1774576601\",\"name\":\"binstitute\",\"photoVersion\":4,\"type\":\"image\"},\"slug\":\"https:\/\/www.radiopolar.com\/instituto-britanico-invita-comunidad-sumarse-cursos-ingles-2026\",\"primaryAuthor\":{\"id\":\"65ea08428325aff9da63f8f9\",\"name\":\"Prensa Radio Polar\",\"authorName\":\"Prensa Radio Polar\",\"slug\":\"\/author\/prensa-radio-polar\"},\"datePublished\":\"2026-03-26 21:15:00\"},{\"title\":\"CLUB NATALES SE ADJUDICA FONDO ENAP IMPULSA 2025 Y CONCRETA ALBERGUE DEPORTIVO PARA 24 PERSONAS\",\"image\":{\"publicUrl\":\"https:\/\/s3-mspro.nyc3.digitaloceanspaces.com\/tenant\/658d9f90f0909def6c18fa2c\/mediaLibrary\/photo\/75c082b0-00e1-4559-b31d-65b3d71c4b8d.jpeg\",\"privatePhotoUrlWithoutExtension\":\"tenant\/658d9f90f0909def6c18fa2c\/mediaLibrary\/photo\/75c082b0-00e1-4559-b31d-65b3d71c4b8d\",\"privatePhotoUrl\":\"tenant\/658d9f90f0909def6c18fa2c\/mediaLibrary\/photo\/75c082b0-00e1-4559-b31d-65b3d71c4b8d-medium-standard-q100.jpeg?v=1774548437\",\"photoExtension\":\"jpeg?v=1774548437\",\"name\":\"clubnatales\",\"photoVersion\":4,\"type\":\"image\"},\"slug\":\"https:\/\/www.radiopolar.com\/club-natales-adjudica-fondo-enap-impulsa-2025-concreta-albergue-deportivo-24-personas\",\"primaryAuthor\":{\"id\":\"65ea08428325aff9da63f8f9\",\"name\":\"Prensa Radio Polar\",\"authorName\":\"Prensa Radio Polar\",\"slug\":\"\/author\/prensa-radio-polar\"},\"datePublished\":\"2026-03-26 18:00:00\"},{\"title\":\"SERVIU PRESENT\u00d3 A LA COMUNIDAD DE VILLA RENOVAL EL DISE\u00d1O PARA NUEVA PLAZA Y ESPACIOS P\u00daBLICOS\",\"image\":{\"publicUrl\":\"https:\/\/s3-mspro.nyc3.digitaloceanspaces.com\/tenant\/658d9f90f0909def6c18fa2c\/mediaLibrary\/photo\/74136a1b-b3e6-4048-bb90-919acc7f51c6.jpg\",\"privatePhotoUrlWithoutExtension\":\"tenant\/658d9f90f0909def6c18fa2c\/mediaLibrary\/photo\/74136a1b-b3e6-4048-bb90-919acc7f51c6\",\"privatePhotoUrl\":\"tenant\/658d9f90f0909def6c18fa2c\/mediaLibrary\/photo\/74136a1b-b3e6-4048-bb90-919acc7f51c6-medium-standard-q100.jpg?v=1774547785\",\"photoExtension\":\"jpg?v=1774547785\",\"name\":\"SERVIU - Dise\u00f1o plaza Villa Renoval_3\",\"photoVersion\":4,\"type\":\"image\"},\"slug\":\"https:\/\/www.radiopolar.com\/serviu-presento-comunidad-villa-renoval-diseno-plaza-espacios-publicos\",\"primaryAuthor\":{\"id\":\"65ea08428325aff9da63f8f9\",\"name\":\"Prensa Radio Polar\",\"authorName\":\"Prensa Radio Polar\",\"slug\":\"\/author\/prensa-radio-polar\"},\"datePublished\":\"2026-03-26 16:00:00\"},{\"title\":\"DPP DE \u00daLTIMA ESPERANZA LIBER LAZO DESTACA HITO DE SEGURIDAD LABORAL EN OBRA DEL PUENTE SOBRE EL R\u00cdO RUBENS\",\"image\":{\"publicUrl\":\"https:\/\/s3-mspro.nyc3.digitaloceanspaces.com\/tenant\/658d9f90f0909def6c18fa2c\/mediaLibrary\/photo\/ddb81aba-554d-4b94-8194-6e862f5a7dc7.jpg\",\"privatePhotoUrlWithoutExtension\":\"tenant\/658d9f90f0909def6c18fa2c\/mediaLibrary\/photo\/ddb81aba-554d-4b94-8194-6e862f5a7dc7\",\"privatePhotoUrl\":\"tenant\/658d9f90f0909def6c18fa2c\/mediaLibrary\/photo\/ddb81aba-554d-4b94-8194-6e862f5a7dc7-medium-standard-q100.jpg?v=1774547249\",\"photoExtension\":\"jpg?v=1774547249\",\"name\":\"dppseguridadlaboral\",\"photoVersion\":4,\"type\":\"image\"},\"slug\":\"https:\/\/www.radiopolar.com\/dpp-esperanza-liber-lazo-destaca-hito-seguridad-laboral-obra-puente-rio-rubens\",\"primaryAuthor\":{\"id\":\"65ea08428325aff9da63f8f9\",\"name\":\"Prensa Radio Polar\",\"authorName\":\"Prensa Radio Polar\",\"slug\":\"\/author\/prensa-radio-polar\"},\"datePublished\":\"2026-03-26 15:00:00\"},{\"title\":\"PUNTA ARENAS: ADUANAS INCAUT\u00d3 MILES DE PRODUCTOS FALSOS EN MALLS CHINOS\",\"image\":{\"publicUrl\":\"https:\/\/s3-mspro.nyc3.digitaloceanspaces.com\/tenant\/658d9f90f0909def6c18fa2c\/mediaLibrary\/photo\/9da7be74-d25e-40c1-82f7-32043d260d63.jpeg\",\"privatePhotoUrlWithoutExtension\":\"tenant\/658d9f90f0909def6c18fa2c\/mediaLibrary\/photo\/9da7be74-d25e-40c1-82f7-32043d260d63\",\"privatePhotoUrl\":\"tenant\/658d9f90f0909def6c18fa2c\/mediaLibrary\/photo\/9da7be74-d25e-40c1-82f7-32043d260d63-medium-standard-q100.jpeg?v=1774459455\",\"photoExtension\":\"jpeg?v=1774459455\",\"name\":\"aduanaspuntaarenas\",\"photoVersion\":4,\"type\":\"image\"},\"slug\":\"https:\/\/www.radiopolar.com\/punta-arenas-aduanas-incauto-miles-productos-falsos-malls-chinos\",\"primaryAuthor\":{\"id\":\"65ea08428325aff9da63f8f9\",\"name\":\"Prensa Radio Polar\",\"authorName\":\"Prensa Radio Polar\",\"slug\":\"\/author\/prensa-radio-polar\"},\"datePublished\":\"2026-03-25 14:00:00\"},{\"title\":\"CONSEJEROS REGIONALES REALIZARON INSPECCI\u00d3N A AVANCES DE LA RUTA HOLLEMBERG \u2013 R\u00cdO P\u00c9REZ\",\"image\":{\"publicUrl\":\"https:\/\/s3-mspro.nyc3.digitaloceanspaces.com\/tenant\/658d9f90f0909def6c18fa2c\/mediaLibrary\/photo\/e6312564-0bb6-47b7-82e0-262e9af8337f.JPG\",\"privatePhotoUrlWithoutExtension\":\"tenant\/658d9f90f0909def6c18fa2c\/mediaLibrary\/photo\/e6312564-0bb6-47b7-82e0-262e9af8337f\",\"privatePhotoUrl\":\"tenant\/658d9f90f0909def6c18fa2c\/mediaLibrary\/photo\/e6312564-0bb6-47b7-82e0-262e9af8337f-medium-standard-q100.jpg?v=1774405378\",\"photoExtension\":\"jpg?v=1774405378\",\"name\":\"rutahollemberg\",\"photoVersion\":4,\"type\":\"image\"},\"slug\":\"https:\/\/www.radiopolar.com\/consejeros-regionales-realizaron-inspeccion-avances-ruta-hollemberg-rio-perez\",\"primaryAuthor\":{\"id\":\"65ea08428325aff9da63f8f9\",\"name\":\"Prensa Radio Polar\",\"authorName\":\"Prensa Radio Polar\",\"slug\":\"\/author\/prensa-radio-polar\"},\"datePublished\":\"2026-03-25 06:00:00\"},{\"title\":\"ASOCIACI\u00d3N MAGALLANES TUVO UNA EXITOSA PRIMERA COMPETENCIA DE APARTA DE GANADO\",\"image\":{\"publicUrl\":\"https:\/\/s3-mspro.nyc3.digitaloceanspaces.com\/tenant\/658d9f90f0909def6c18fa2c\/mediaLibrary\/photo\/6aaacb1f-5a89-4f25-a17a-e9687e8a956f.jpg\",\"privatePhotoUrlWithoutExtension\":\"tenant\/658d9f90f0909def6c18fa2c\/mediaLibrary\/photo\/6aaacb1f-5a89-4f25-a17a-e9687e8a956f\",\"privatePhotoUrl\":\"tenant\/658d9f90f0909def6c18fa2c\/mediaLibrary\/photo\/6aaacb1f-5a89-4f25-a17a-e9687e8a956f-medium-standard-q100.jpg?v=1774285860\",\"photoExtension\":\"jpg?v=1774285860\",\"name\":\"aguasucia\",\"photoVersion\":4,\"type\":\"image\"},\"slug\":\"https:\/\/www.radiopolar.com\/asociacion-magallanes-exitosa-competencia-aparta-ganado\",\"primaryAuthor\":{\"id\":\"65ea08428325aff9da63f8f9\",\"name\":\"Prensa Radio Polar\",\"authorName\":\"Prensa Radio Polar\",\"slug\":\"\/author\/prensa-radio-polar\"},\"datePublished\":\"2026-03-23 15:00:00\"},{\"title\":\"PDI REALIZA FISCALIZACI\u00d3N DE EXTRANJEROS EN PUERTO NATALES Y PUNTA ARENAS: 10 PERSONAS EN SITUACI\u00d3N MIGRATORIA IRREGULAR FUERON DENUNCIADAS\",\"image\":{\"publicUrl\":\"https:\/\/s3-mspro.nyc3.digitaloceanspaces.com\/tenant\/658d9f90f0909def6c18fa2c\/mediaLibrary\/photo\/e85779f6-d90b-454d-8044-d5b7594da670.jpeg\",\"privatePhotoUrlWithoutExtension\":\"tenant\/658d9f90f0909def6c18fa2c\/mediaLibrary\/photo\/e85779f6-d90b-454d-8044-d5b7594da670\",\"privatePhotoUrl\":\"tenant\/658d9f90f0909def6c18fa2c\/mediaLibrary\/photo\/e85779f6-d90b-454d-8044-d5b7594da670-medium-standard-q100.jpeg?v=1774228716\",\"photoExtension\":\"jpeg?v=1774228716\",\"name\":\"pdiextranjerosfiscalizacion\",\"photoVersion\":4,\"type\":\"image\"},\"slug\":\"https:\/\/www.radiopolar.com\/pdi-realiza-fiscalizacion-extranjeros-puerto-natales-punta-arenas-10-personas-situacion-migratoria-irregular-denunciadas\",\"primaryAuthor\":{\"id\":\"65ea08428325aff9da63f8f9\",\"name\":\"Prensa Radio Polar\",\"authorName\":\"Prensa Radio Polar\",\"slug\":\"\/author\/prensa-radio-polar\"},\"datePublished\":\"2026-03-23 06:00:00\"},{\"title\":\"DETENIDO HOMBRE POR AGRESI\u00d3N SEXUAL EN DISCOTECA DE PUERTO NATALES\",\"image\":{\"publicUrl\":\"https:\/\/s3-mspro.nyc3.digitaloceanspaces.com\/tenant\/658d9f90f0909def6c18fa2c\/mediaLibrary\/photo\/33caa9a4-182e-41e9-98fa-9dd462a0d0a4.jpeg\",\"privatePhotoUrlWithoutExtension\":\"tenant\/658d9f90f0909def6c18fa2c\/mediaLibrary\/photo\/33caa9a4-182e-41e9-98fa-9dd462a0d0a4\",\"privatePhotoUrl\":\"tenant\/658d9f90f0909def6c18fa2c\/mediaLibrary\/photo\/33caa9a4-182e-41e9-98fa-9dd462a0d0a4-medium-standard-q100.jpeg?v=1774201716\",\"photoExtension\":\"jpeg?v=1774201716\",\"name\":\"Detenido en Puerto Natales\",\"photoVersion\":4,\"type\":\"image\"},\"slug\":\"https:\/\/www.radiopolar.com\/detenido-hombre-agresion-sexual-discoteca-puerto-natales\",\"primaryAuthor\":{\"id\":\"6989e3a9f45043c1b91f7bba\",\"name\":\"Equipo Polar Comunicaciones\",\"authorName\":\"Equipo Polar Comunicaciones\",\"slug\":\"\/author\/equipo-polar-comunicaciones\"},\"datePublished\":\"2026-03-22 15:15:00\"},{\"title\":\"NATALES REGISTR\u00d3 M\u00c1S DE 3 MIL INASISTENCIAS A CITAS M\u00c9DICAS DURANTE 2025\",\"image\":{\"publicUrl\":\"https:\/\/s3-mspro.nyc3.digitaloceanspaces.com\/tenant\/658d9f90f0909def6c18fa2c\/mediaLibrary\/photo\/e1d53112-9383-4b7a-b9a9-aba1bfd2d595.jpg\",\"privatePhotoUrlWithoutExtension\":\"tenant\/658d9f90f0909def6c18fa2c\/mediaLibrary\/photo\/e1d53112-9383-4b7a-b9a9-aba1bfd2d595\",\"privatePhotoUrl\":\"tenant\/658d9f90f0909def6c18fa2c\/mediaLibrary\/photo\/e1d53112-9383-4b7a-b9a9-aba1bfd2d595-medium-standard-q100.jpg?v=1773976079\",\"photoExtension\":\"jpg?v=1773976079\",\"name\":\"editsome\",\"photoVersion\":4,\"type\":\"image\"},\"slug\":\"https:\/\/www.radiopolar.com\/natales-registro-mil-inasistencias-citas-medicas-2025\",\"primaryAuthor\":{\"id\":\"65ea08428325aff9da63f8f9\",\"name\":\"Prensa Radio Polar\",\"authorName\":\"Prensa Radio Polar\",\"slug\":\"\/author\/prensa-radio-polar\"},\"datePublished\":\"2026-03-20 12:00:00\"},{\"title\":\"CONDUCTOR EBRIO Y ACOMPA\u00d1ANTE CON ORDEN VIGENTE SON DETENIDOS EN PUERTO NATALES\",\"image\":{\"publicUrl\":\"https:\/\/s3-mspro.nyc3.digitaloceanspaces.com\/tenant\/658d9f90f0909def6c18fa2c\/mediaLibrary\/photo\/fb74e187-7925-4e50-9ed0-5fb4a83ce576.jpg\",\"privatePhotoUrlWithoutExtension\":\"tenant\/658d9f90f0909def6c18fa2c\/mediaLibrary\/photo\/fb74e187-7925-4e50-9ed0-5fb4a83ce576\",\"privatePhotoUrl\":\"tenant\/658d9f90f0909def6c18fa2c\/mediaLibrary\/photo\/fb74e187-7925-4e50-9ed0-5fb4a83ce576-medium-standard-q100.jpg?v=1758992575\",\"photoExtension\":\"jpg?v=1758992575\",\"name\":\"carabineros-patrulla-1200x630\",\"photoVersion\":4,\"type\":\"image\"},\"slug\":\"https:\/\/www.radiopolar.com\/conductor-ebrio-acompanante-orden-vigente-detenidos-puerto-natales\",\"primaryAuthor\":{\"id\":\"65ea08428325aff9da63f8f9\",\"name\":\"Prensa Radio Polar\",\"authorName\":\"Prensa Radio Polar\",\"slug\":\"\/author\/prensa-radio-polar\"},\"datePublished\":\"2026-03-19 21:00:00\"},{\"title\":\"DETIENEN A SUJETO POR AMENAZAS DE MUERTE CONTRA CARABINERO EN PUERTO NATALES\",\"image\":{\"publicUrl\":\"https:\/\/s3-mspro.nyc3.digitaloceanspaces.com\/tenant\/658d9f90f0909def6c18fa2c\/mediaLibrary\/photo\/baf1f05e-0a17-4906-bc70-06d1cec80286.jpg\",\"privatePhotoUrlWithoutExtension\":\"tenant\/658d9f90f0909def6c18fa2c\/mediaLibrary\/photo\/baf1f05e-0a17-4906-bc70-06d1cec80286\",\"privatePhotoUrl\":\"tenant\/658d9f90f0909def6c18fa2c\/mediaLibrary\/photo\/baf1f05e-0a17-4906-bc70-06d1cec80286-medium-standard-q100.jpg?v=1773940383\",\"photoExtension\":\"jpg?v=1773940383\",\"name\":\"segunda-comisaria-natales\",\"photoVersion\":4,\"type\":\"image\"},\"slug\":\"https:\/\/www.radiopolar.com\/detienen-sujeto-amenazas-muerte-carabinero-puerto-natales\",\"primaryAuthor\":{\"id\":\"65ea08428325aff9da63f8f9\",\"name\":\"Prensa Radio Polar\",\"authorName\":\"Prensa Radio Polar\",\"slug\":\"\/author\/prensa-radio-polar\"},\"datePublished\":\"2026-03-19 17:00:00\"},{\"title\":\"ALLANAN MUNICIPIO DE PUERTO NATALES Y DOMICILIOS DE EXAUTORIDADES TRAS QUERELLA POR DELITOS ECON\u00d3MICOS\",\"image\":{\"publicUrl\":\"https:\/\/s3-mspro.nyc3.digitaloceanspaces.com\/tenant\/658d9f90f0909def6c18fa2c\/mediaLibrary\/photo\/26e16b33-c959-4d6c-9772-70681ba99b70.png\",\"privatePhotoUrlWithoutExtension\":\"tenant\/658d9f90f0909def6c18fa2c\/mediaLibrary\/photo\/26e16b33-c959-4d6c-9772-70681ba99b70\",\"privatePhotoUrl\":\"tenant\/658d9f90f0909def6c18fa2c\/mediaLibrary\/photo\/26e16b33-c959-4d6c-9772-70681ba99b70-medium-standard-q100.png?v=1773939766\",\"photoExtension\":\"png?v=1773939766\",\"name\":\"muninatales\",\"photoVersion\":4,\"type\":\"image\"},\"slug\":\"https:\/\/www.radiopolar.com\/allanan-municipio-puerto-natales-domicilios-exautoridades-querella-delitos-economicos\",\"primaryAuthor\":{\"id\":\"65ea08428325aff9da63f8f9\",\"name\":\"Prensa Radio Polar\",\"authorName\":\"Prensa Radio Polar\",\"slug\":\"\/author\/prensa-radio-polar\"},\"datePublished\":\"2026-03-19 16:00:00\"},{\"title\":\"CRIADORES DE MAGALLANES REALIZAR\u00c1N SU PRIMERA FECHA DE APARTA DE GANADO ESTE DOMINGO\",\"image\":{\"publicUrl\":\"https:\/\/s3-mspro.nyc3.digitaloceanspaces.com\/tenant\/658d9f90f0909def6c18fa2c\/mediaLibrary\/photo\/7b59423f-af94-4853-9b0f-f3975691021d.jpg\",\"privatePhotoUrlWithoutExtension\":\"tenant\/658d9f90f0909def6c18fa2c\/mediaLibrary\/photo\/7b59423f-af94-4853-9b0f-f3975691021d\",\"privatePhotoUrl\":\"tenant\/658d9f90f0909def6c18fa2c\/mediaLibrary\/photo\/7b59423f-af94-4853-9b0f-f3975691021d-medium-standard-q100.jpg?v=1773879018\",\"photoExtension\":\"jpg?v=1773879018\",\"name\":\"Aparta_Magallanes_sede\",\"photoVersion\":4,\"type\":\"image\"},\"slug\":\"https:\/\/www.radiopolar.com\/criadores-magallanes-realizaran-fecha-aparta-ganado-domingo\",\"primaryAuthor\":{\"id\":\"65ea08428325aff9da63f8f9\",\"name\":\"Prensa Radio Polar\",\"authorName\":\"Prensa Radio Polar\",\"slug\":\"\/author\/prensa-radio-polar\"},\"datePublished\":\"2026-03-19 05:00:00\"},{\"title\":\"TIME POSICIONA A ESTANCIA MERCEDES DE PUERTO NATALES DENTRO DE LOS 100 DESTINOS M\u00c1S DESTACADOS DEL MUNDO 2026\",\"image\":{\"publicUrl\":\"https:\/\/s3-mspro.nyc3.digitaloceanspaces.com\/tenant\/658d9f90f0909def6c18fa2c\/mediaLibrary\/photo\/ffbd53d0-7fa1-4a76-8560-c6689a63d316.jpeg\",\"privatePhotoUrlWithoutExtension\":\"tenant\/658d9f90f0909def6c18fa2c\/mediaLibrary\/photo\/ffbd53d0-7fa1-4a76-8560-c6689a63d316\",\"privatePhotoUrl\":\"tenant\/658d9f90f0909def6c18fa2c\/mediaLibrary\/photo\/ffbd53d0-7fa1-4a76-8560-c6689a63d316-medium-standard-q100.jpeg?v=1773889570\",\"photoExtension\":\"jpeg?v=1773889570\",\"name\":\"estanciamercedes\",\"photoVersion\":4,\"type\":\"image\"},\"slug\":\"https:\/\/www.radiopolar.com\/time-posiciona-estancia-mercedes-puerto-natales-100-destinos-destacados-mundo-2026\",\"primaryAuthor\":{\"id\":\"65ea08428325aff9da63f8f9\",\"name\":\"Prensa Radio Polar\",\"authorName\":\"Prensa Radio Polar\",\"slug\":\"\/author\/prensa-radio-polar\"},\"datePublished\":\"2026-03-18 23:30:00\"},{\"title\":\"DELEGADO PRESIDENCIAL PROVINCIAL DE \u00daLTIMA ESPERANZA LIBER LAZO INICIA AGENDA TERRITORIAL EN EL CONCEJO MUNICIPAL DE TORRES DEL PAINE\",\"image\":{\"publicUrl\":\"https:\/\/s3-mspro.nyc3.digitaloceanspaces.com\/tenant\/658d9f90f0909def6c18fa2c\/mediaLibrary\/photo\/62c37fa8-8ca9-4203-a81f-2d6061d3c72c.jpg\",\"privatePhotoUrlWithoutExtension\":\"tenant\/658d9f90f0909def6c18fa2c\/mediaLibrary\/photo\/62c37fa8-8ca9-4203-a81f-2d6061d3c72c\",\"privatePhotoUrl\":\"tenant\/658d9f90f0909def6c18fa2c\/mediaLibrary\/photo\/62c37fa8-8ca9-4203-a81f-2d6061d3c72c-medium-standard-q100.jpg?v=1773798507\",\"photoExtension\":\"jpg?v=1773798507\",\"name\":\"CONCEJO T\",\"photoVersion\":4,\"type\":\"image\"},\"slug\":\"https:\/\/www.radiopolar.com\/delegado-presidencial-provincial-esperanza-liber-lazo-inicia-agenda-territorial-concejo-municipal-torres-paine\",\"primaryAuthor\":{\"id\":\"65ea08428325aff9da63f8f9\",\"name\":\"Prensa Radio Polar\",\"authorName\":\"Prensa Radio Polar\",\"slug\":\"\/author\/prensa-radio-polar\"},\"datePublished\":\"2026-03-18 05:00:00\"}]}},{\"i\":\"b54573aa-2397-41f6-9760-605e7755c9b1\",\"x\":3,\"y\":143,\"w\":73,\"h\":2,\"id\":\"65cb7db13a334ee21857ac5d\",\"name\":\"T\u00edtulo noticias relacionadas\",\"gridCols\":100,\"type\":\"component\",\"data\":{\"customConfig\":{\"lg\":{\"typography-514ae0a3-cfb7-42d0-975a-ad3e72297fdeConfig\":{\"changeWidget\":\"typography\",\"customTitle\":\"Noticias\",\"fontFamily\":\"Heading\",\"fontSize\":3,\"color\":\"#000000ff\",\"fontWeight\":\"600\",\"typographyMaxLength\":100,\"lineHeight\":\"1\",\"alignContent\":\"top left\"},\"typography-331e7e68-3459-4cfa-896d-a62b69826975Config\":{\"changeWidget\":\"typography\",\"customTitle\":\"Relacionadas\",\"fontFamily\":\"Heading\",\"fontSize\":3,\"color\":\"primary\",\"fontWeight\":\"600\",\"typographyMaxLength\":100,\"lineHeight\":\"1\",\"alignContent\":\"top left\"},\"typography-514ae0a3-cfb7-42d0-975a-ad3e72297fdeLayerOne\":{\"enabled\":true},\"typography-331e7e68-3459-4cfa-896d-a62b69826975LayerOne\":{\"enabled\":true},\"typography-331e7e68-3459-4cfa-896d-a62b69826975LayerTwo\":{\"enabled\":true},\"typography-514ae0a3-cfb7-42d0-975a-ad3e72297fdeLayerTwo\":{\"enabled\":true}}},\"content\":{\"layouts\":{\"lg\":[{\"i\":\"514ae0a3-cfb7-42d0-975a-ad3e72297fde\",\"x\":0,\"y\":0,\"w\":14,\"h\":4,\"type\":\"widget\",\"framework\":\"mui\",\"data\":\"typography\"},{\"i\":\"331e7e68-3459-4cfa-896d-a62b69826975\",\"x\":13,\"y\":0,\"w\":22,\"h\":5,\"type\":\"widget\",\"framework\":\"mui\",\"data\":\"typography\"}]}}}},{\"i\":\"3dc1e7b2-6e22-4829-bb84-3a610a229d63\",\"x\":63,\"y\":0,\"w\":2,\"h\":2,\"id\":\"65fa01ff913a1791a9e5ef08\",\"name\":\"Widget Hereda HTML\",\"gridCols\":100,\"type\":\"component\",\"data\":{\"displayConfig\":{\"filterBy\":\"widgets\",\"type\":\"codeEditor\",\"filterWidgets\":[{\"id\":\"65fa01b6913a172ed0e5ef06\",\"label\":\"Icono imprimir (html)\"}],\"adType\":\"banner\",\"enabledLayer\":true},\"customConfig\":{\"lg\":{\"typography-488dc433-db81-49a3-9acc-ea178edc17c1Config\":{\"changeWidget\":\"typography\"},\"typography-488dc433-db81-49a3-9acc-ea178edc17c1AttributeFill\":{\"fillOption\":\"widget\",\"attributeFill\":[{\"title\":\"html\",\"canDelete\":true}]}}},\"content\":{\"layouts\":{\"lg\":[{\"i\":\"488dc433-db81-49a3-9acc-ea178edc17c1\",\"x\":0,\"y\":0,\"w\":100,\"h\":13,\"type\":\"widget\",\"framework\":\"mui\",\"data\":\"typography\"}]}},\"rows\":[{\"name\":\"Icono imprimir\",\"html\":\"u003cdiv class=\"se-component se-image-container __se__float-\" contenteditable=\"false\" style=\"width: 100%;\"u003e      n  u003cfigure style=\"margin: 0px; width: 100%;\"u003en                u003cimg onclick=\"window.print();\"                src=\"https:\/\/s3-mspro.nyc3.digitaloceanspaces.com\/tenant\/6511ab48ed370780759ae0ec\/mediaLibrary\/photo\/7cfd6a9c-ebdb-4eff-9eaf-98fb017b79cf-medium-standard-q100.jpeg?v=1710883087\" alt=\"Imprimir\" data-proportion=\"true\" data-align=\"\" data-file-name=\"7cfd6a9c-ebdb-4eff-9eaf-98fb017b79cf-medium-standard-q100.jpeg?v=1710883087\" data-file-size=\"0\" data-origin=\",\" data-size=\"100%,auto\" data-percentage=\"100%,auto\" origin-size=\"640,640\" style=\"width: 100%; height: auto; cursor:pointer;\" data-index=\"0\"u003en  u003c\/figureu003enu003c\/divu003e\"}]}},{\"i\":\"7231cb36-2508-4752-b9ba-07cdd8658f61\",\"x\":0,\"y\":0,\"w\":10,\"h\":33,\"id\":\"65fa01ff913a1791a9e5ef08\",\"name\":\"Widget Hereda HTML\",\"gridCols\":100,\"type\":\"component\",\"data\":{\"displayConfig\":{\"heightAuto\":true,\"widthAuto\":true,\"filterBy\":\"widgets\",\"type\":\"ads\",\"filterWidgets\":[{\"id\":\"6601842c3b73fb3ca287b49c\",\"label\":\"Ads Google Adsense Interior Lateral Izquierdo (ads)\"}],\"adType\":\"adSense\"},\"customConfig\":{\"lg\":{\"typography-488dc433-db81-49a3-9acc-ea178edc17c1Config\":{\"changeWidget\":\"typography\"},\"typography-488dc433-db81-49a3-9acc-ea178edc17c1AttributeFill\":{\"fillOption\":\"widget\",\"attributeFill\":[{\"title\":\"ad\",\"canDelete\":true}]}}},\"content\":{\"layouts\":{\"lg\":[{\"i\":\"488dc433-db81-49a3-9acc-ea178edc17c1\",\"x\":0,\"y\":0,\"w\":100,\"h\":13,\"type\":\"widget\",\"framework\":\"mui\",\"data\":\"typography\"}]}}}}]}}}]},{\"id\":\"659814b9593b0a26bcc15af0\",\"name\":\"Seccion Inicio Escritorio\",\"active\":true,\"containers\":[{\"id\":\"6596e4ae6d82c0855247abac\",\"name\":\"Contenedor Portada Home\",\"active\":true,\"renderAs\":\"server\",\"gridCols\":{\"lg\":100,\"md\":100,\"xs\":100,\"daily\":100},\"marginBottom\":0,\"content\":{\"config\":{\"lg\":{\"compactType\":\"horizontal\"}},\"layouts\":{\"lg\":[{\"i\":\"73989bdd-b904-47e1-af12-6d6351a7c2a0\",\"x\":77,\"y\":11,\"w\":19,\"h\":20,\"id\":\"6598322b593b0ab5a9c16227\",\"name\":\"Componente Widget Banner 1x1\",\"gridCols\":100,\"type\":\"component\",\"data\":{\"displayConfig\":{\"offset\":0,\"limit\":1,\"filterBy\":\"widgets\",\"type\":\"ads\",\"keywords\":[{\"id\":\"65ef180f18fb253977f78cc2\",\"label\":\"Portada Laterales\"}],\"adType\":\"banner\",\"widgetsOrderBy\":\"position\",\"sortBy\":\"asc\"},\"customConfig\":{\"lg\":{\"box-5c855846-d7ab-4946-985d-cfc1dd3cd47fConfig\":{\"changeWidget\":\"box\",\"backgroundColor\":\"#d1d5dbff\"},\"box-5c855846-d7ab-4946-985d-cfc1dd3cd47fLayerOne\":{\"enabled\":true},\"avatar-d115f0f5-9555-46bb-bcb2-054e47ef3e47Config\":{\"changeWidget\":\"avatar\",\"openType\":\"redirectUrl\",\"targetBlank\":true},\"avatar-d115f0f5-9555-46bb-bcb2-054e47ef3e47AttributeFill\":{\"fillOption\":\"widget\",\"attributeFill\":[{\"title\":\"image\",\"canDelete\":true}]}}},\"content\":{\"layouts\":{\"lg\":[{\"i\":\"5c855846-d7ab-4946-985d-cfc1dd3cd47f\",\"x\":0,\"y\":0,\"w\":100,\"h\":100,\"type\":\"widget\",\"framework\":\"mui\",\"data\":\"box\"},{\"i\":\"d115f0f5-9555-46bb-bcb2-054e47ef3e47\",\"x\":3,\"y\":3,\"w\":94,\"h\":94,\"type\":\"widget\",\"framework\":\"mui\",\"data\":\"avatar\"}]}},\"rows\":[{\"name\":\"Portada Laterales 1 \/ 336x336: AGUAS MAGALLANES\",\"image\":{\"publicUrl\":\"https:\/\/s3-mspro.nyc3.digitaloceanspaces.com\/tenant\/658d9f90f0909def6c18fa2c\/mediaLibrary\/photo\/aff00f9b-6b06-40f3-a884-7a6293191437.png\",\"privatePhotoUrlWithoutExtension\":\"tenant\/658d9f90f0909def6c18fa2c\/mediaLibrary\/photo\/aff00f9b-6b06-40f3-a884-7a6293191437\",\"privatePhotoUrl\":\"tenant\/658d9f90f0909def6c18fa2c\/mediaLibrary\/photo\/aff00f9b-6b06-40f3-a884-7a6293191437-medium-standard-q100.png?v=1757602664\",\"photoExtension\":\"png?v=1757602664\",\"type\":\"image\",\"name\":\"BANNER AGUAS MAGALLANES 336\",\"updatedAt\":\"2025-09-11T14:57:44.358Z\",\"photoVersion\":4},\"redirectUrl\":\"http:\/\/www.aguasmagallanes.cl\/\"}]}},{\"i\":\"b213bbda-b6dc-4171-8136-913b22d8d09a\",\"x\":3,\"y\":4,\"w\":73,\"h\":28,\"id\":\"6596c7ae364f1439a8a5dcb2\",\"name\":\"prueba de tarjeta\",\"gridCols\":100,\"type\":\"component\",\"data\":{\"displayConfig\":{\"filterBy\":\"posts\",\"heightAuto\":true,\"postsOrderBy\":\"datePublished\",\"sortBy\":\"desc\",\"filterCategories\":[{\"id\":\"658da61b787b5fb6c8a09817\",\"label\":\"Descatadas\"}]},\"customConfig\":{\"lg\":{\"typography-007bba40-a17b-402c-bbe0-bacc00ec4858Config\":{\"changeWidget\":\"typography\",\"fontFamily\":\"PT Serif\",\"fontSize\":3,\"lineHeight\":\"1.2\",\"alignContent\":\"left\",\"color\":\"primaryTitle\",\"fontStyle\":\"normal\",\"fontWeight\":\"bold\",\"typographyMaxLength\":1000,\"openType\":\"slug\"},\"typography-007bba40-a17b-402c-bbe0-bacc00ec4858LayerOne\":{\"enabled\":true},\"typography-007bba40-a17b-402c-bbe0-bacc00ec4858AttributeFill\":{\"fillOption\":\"post\",\"attributeFill\":[{\"title\":\"title\",\"canDelete\":true}]},\"typography-bb9e140d-f31f-4ad9-b99a-ebaf579dd1f5Config\":{\"changeWidget\":\"typography\",\"fontFamily\":\"PT Serif\",\"fontSize\":1.4,\"lineHeight\":\"1\",\"color\":\"error\",\"customTitle\":\"Leer M\u00e1s\",\"typographyMaxLength\":1000,\"backgroundColor\":\"#991b1aff\",\"openType\":\"slug\",\"alignContent\":\"center\"},\"typography-bb9e140d-f31f-4ad9-b99a-ebaf579dd1f5LayerOne\":{\"enabled\":true},\"typography-bb9e140d-f31f-4ad9-b99a-ebaf579dd1f5LayerTwo\":{\"enabled\":true},\"typography-bb9e140d-f31f-4ad9-b99a-ebaf579dd1f5ConfigSelected\":{\"changeWidget\":\"typography\",\"fontFamily\":\"PT Serif\"},\"typography-bb9e140d-f31f-4ad9-b99a-ebaf579dd1f5LayerOneSelected\":{\"enabled\":true},\"typography-e605698e-c2ad-43e2-b09f-f6a5b08acb6aConfig\":{\"changeWidget\":\"typography\",\"fontFamily\":\"Primary\",\"fontSize\":1.5,\"lineHeight\":\"1.2\",\"color\":\"primaryTitle\",\"typographyMaxLength\":1000,\"colorAlpha\":100,\"fontWeight\":\"200\"},\"typography-e605698e-c2ad-43e2-b09f-f6a5b08acb6aLayerOne\":{\"enabled\":true},\"typography-007bba40-a17b-402c-bbe0-bacc00ec4858LayerTwo\":{\"enabled\":true},\"typography-68d71280-6c31-437a-9d9f-b9ee28138d13Config\":{\"changeWidget\":\"typography\",\"fontFamily\":\"PT Serif\",\"fontSize\":1.8,\"typographyMaxLength\":100000,\"color\":\"secondaryTitle\",\"lineHeight\":\"1.1\",\"openType\":\"slug\"},\"typography-68d71280-6c31-437a-9d9f-b9ee28138d13LayerOne\":{\"enabled\":true},\"typography-bb9e140d-f31f-4ad9-b99a-ebaf579dd1f5AttributeFill\":{\"fillOption\":\"post\",\"attributeFill\":[{\"title\":\"title\",\"canDelete\":true}]},\"typography-68d71280-6c31-437a-9d9f-b9ee28138d13AttributeFill\":{\"fillOption\":\"post\",\"attributeFill\":[{\"title\":\"extract\",\"canDelete\":true}]},\"typography-e605698e-c2ad-43e2-b09f-f6a5b08acb6aAttributeFill\":{\"fillOption\":\"post\",\"attributeFill\":[{\"title\":\"extract\",\"canDelete\":true}]},\"typography-68d71280-6c31-437a-9d9f-b9ee28138d13LayerTwo\":{\"enabled\":true},\"button-c5dd9cd7-675d-4380-9a24-8fb84d027ff5ConfigHover\":{\"changeWidget\":\"button\",\"color\":\"error\"},\"button-c5dd9cd7-675d-4380-9a24-8fb84d027ff5LayerOneHover\":{\"enabled\":true},\"box-449461c8-053d-4e95-8a26-504f107a2afcConfig\":{\"changeWidget\":\"box\",\"backgroundColor\":\"secondary\"},\"box-449461c8-053d-4e95-8a26-504f107a2afcLayerOne\":{\"enabled\":true},\"button-ad5d9142-209d-4e3b-be84-3d988ac4f7f9LayerOne\":{\"enabled\":true},\"button-ad5d9142-209d-4e3b-be84-3d988ac4f7f9Config\":{\"changeWidget\":\"button\",\"fontFamily\":\"Secondary\",\"fontSize\":1.2,\"lineHeight\":\"1\",\"alignContent\":\"center\",\"color\":\"info\",\"customIcon\":\"io5\/IoCalendarSharp\",\"buttonPositionIcon\":\"left\",\"buttonSize\":\"small\",\"openType\":\"slug\",\"buttonVariant\":\"text\"},\"button-ad5d9142-209d-4e3b-be84-3d988ac4f7f9AttributeFill\":{\"fillOption\":\"post\",\"attributeFill\":[{\"title\":\"datePublished\",\"formatDate\":\"DD\/MM\/YYYY HH:mm\",\"canDelete\":true}]},\"avatar-ffe8f32f-ba01-4179-bf2e-21e5664409d9ConfigSelected\":{\"changeWidget\":\"avatar\"},\"avatar-2ca74032-0442-40e3-b2ad-7fcb548a2ab5Config\":{\"changeWidget\":\"avatar\",\"openType\":\"slug\",\"width\":29,\"height\":22},\"avatar-2ca74032-0442-40e3-b2ad-7fcb548a2ab5AttributeFill\":{\"fillOption\":\"post\",\"attributeFill\":[{\"title\":\"image\",\"canDelete\":true}]},\"avatar-2ca74032-0442-40e3-b2ad-7fcb548a2ab5LayerOne\":{\"enabled\":true},\"typography-007bba40-a17b-402c-bbe0-bacc00ec4858ConfigHover\":{\"changeWidget\":\"typography\",\"color\":\"primary\"},\"typography-007bba40-a17b-402c-bbe0-bacc00ec4858LayerOneHover\":{\"enabled\":true}}},\"content\":{\"layouts\":{\"lg\":[{\"i\":\"007bba40-a17b-402c-bbe0-bacc00ec4858\",\"x\":30,\"y\":7,\"w\":70,\"h\":4,\"type\":\"widget\",\"framework\":\"mui\",\"data\":\"typography\"},{\"i\":\"bb9e140d-f31f-4ad9-b99a-ebaf579dd1f5\",\"x\":30,\"y\":15,\"w\":10,\"h\":3,\"type\":\"widget\",\"framework\":\"mui\",\"data\":\"typography\"},{\"i\":\"e605698e-c2ad-43e2-b09f-f6a5b08acb6a\",\"x\":30,\"y\":12,\"w\":70,\"h\":3,\"type\":\"widget\",\"framework\":\"mui\",\"data\":\"typography\"},{\"i\":\"68d71280-6c31-437a-9d9f-b9ee28138d13\",\"x\":30,\"y\":4,\"w\":69,\"h\":2,\"type\":\"widget\",\"framework\":\"mui\",\"data\":\"typography\"},{\"i\":\"449461c8-053d-4e95-8a26-504f107a2afc\",\"x\":30,\"y\":0,\"w\":15,\"h\":3,\"type\":\"widget\",\"framework\":\"mui\",\"data\":\"box\"},{\"i\":\"ad5d9142-209d-4e3b-be84-3d988ac4f7f9\",\"x\":29,\"y\":0,\"w\":17,\"h\":3,\"type\":\"widget\",\"framework\":\"mui\",\"data\":\"button\"},{\"i\":\"2ca74032-0442-40e3-b2ad-7fcb548a2ab5\",\"x\":0,\"y\":4,\"w\":29,\"h\":26,\"type\":\"widget\",\"framework\":\"mui\",\"data\":\"avatar\"}]}},\"rows\":[{\"title\":\"PDI CONFIRMA IDENTIDAD DE MUJER FALLECIDA EN PORVENIR: MUERTE SE ASOCIA A ASFIXIA POR SUMERSI\u00d3N\",\"extract\":\"u003cpu003e\u200bEl cuerpo fue identificado como Dafne Heresman y no presentar\u00eda lesiones atribuibles a la intervenci\u00f3n de terceros.u003cbru003eu003c\/pu003e\",\"image\":{\"publicUrl\":\"https:\/\/s3-mspro.nyc3.digitaloceanspaces.com\/tenant\/658d9f90f0909def6c18fa2c\/mediaLibrary\/photo\/247f868c-7503-47d1-97d0-0da5a198b48b.jpeg\",\"privatePhotoUrlWithoutExtension\":\"tenant\/658d9f90f0909def6c18fa2c\/mediaLibrary\/photo\/247f868c-7503-47d1-97d0-0da5a198b48b\",\"privatePhotoUrl\":\"tenant\/658d9f90f0909def6c18fa2c\/mediaLibrary\/photo\/247f868c-7503-47d1-97d0-0da5a198b48b-medium-standard-q100.jpeg?v=1774716553\",\"photoExtension\":\"jpeg?v=1774716553\",\"name\":\"PDI Mujer fallecida Porvenir\",\"photoVersion\":4,\"type\":\"image\"},\"slug\":\"https:\/\/www.radiopolar.com\/pdi-confirma-identidad-mujer-fallecida-porvenir-muerte-asocia-asfixia-sumersion\",\"primaryAuthor\":{\"id\":\"6989e3a9f45043c1b91f7bba\",\"name\":\"Equipo Polar Comunicaciones\",\"authorName\":\"Equipo Polar Comunicaciones\",\"slug\":\"\/author\/equipo-polar-comunicaciones\"},\"datePublished\":\"2026-03-28 13:55:00\"}]}},{\"i\":\"51c37129-9ddb-41b8-b802-9e4ab06fdb1d\",\"x\":77,\"y\":1,\"w\":20,\"h\":5,\"id\":\"659d4dcf2509f7125b84e3ce\",\"name\":\"Bot\u00f3n Polar Radio Home\",\"gridCols\":100,\"type\":\"component\",\"data\":{\"customConfig\":{\"lg\":{\"card-e1530b60-16f7-46a0-834c-1aff83a69a15Config\":{\"changeWidget\":\"card\",\"backgroundColor\":\"secondary\",\"openType\":\"url\",\"customUrl\":\"https:\/\/www.radiopolar.com\/radio-player\"},\"card-e1530b60-16f7-46a0-834c-1aff83a69a15LayerOne\":{\"enabled\":true},\"avatar-0c70039d-8845-4f62-a29f-d59ca7731130Config\":{\"changeWidget\":\"avatar\",\"avatarObjectFit\":\"contain\",\"showOriginalPhoto\":true,\"avatarFile\":{\"publicUrl\":\"https:\/\/s3-mspro.nyc3.digitaloceanspaces.com\/tenant\/658d9f90f0909def6c18fa2c\/mediaLibrary\/photo\/c334e4cf-d073-489d-9cbb-7da52f6da9ef.png\",\"privatePhotoUrlWithoutExtension\":\"tenant\/658d9f90f0909def6c18fa2c\/mediaLibrary\/photo\/c334e4cf-d073-489d-9cbb-7da52f6da9ef\",\"privatePhotoUrl\":\"tenant\/658d9f90f0909def6c18fa2c\/mediaLibrary\/photo\/c334e4cf-d073-489d-9cbb-7da52f6da9ef-medium-standard-q100.png?v=1704807740\",\"photoExtension\":\"png?v=1704807740\",\"type\":\"image\",\"name\":\"radio\",\"updatedAt\":\"2024-01-09T13:42:20.300Z\",\"photoVersion\":4},\"openType\":\"url\",\"customUrl\":\"https:\/\/www.radiopolar.com\/radio-player\"},\"icon-4b57ad4f-0c60-48de-9565-ba04482acd68Config\":{\"changeWidget\":\"icon\",\"color\":\"secondaryTitle\",\"customIcon\":\"io5\/IoPlayCircleOutline\",\"openType\":\"url\",\"customUrl\":\"https:\/\/www.radiopolar.com\/radio-player\"},\"icon-4b57ad4f-0c60-48de-9565-ba04482acd68LayerOne\":{\"enabled\":true}}},\"content\":{\"layouts\":{\"lg\":[{\"i\":\"e1530b60-16f7-46a0-834c-1aff83a69a15\",\"x\":0,\"y\":0,\"w\":100,\"h\":23,\"type\":\"widget\",\"framework\":\"mui\",\"data\":\"card\"},{\"i\":\"0c70039d-8845-4f62-a29f-d59ca7731130\",\"x\":5,\"y\":0,\"w\":70,\"h\":23,\"type\":\"widget\",\"framework\":\"mui\",\"data\":\"avatar\"},{\"i\":\"4b57ad4f-0c60-48de-9565-ba04482acd68\",\"x\":82,\"y\":0,\"w\":13,\"h\":23,\"type\":\"widget\",\"framework\":\"mui\",\"data\":\"icon\"}]}}}},{\"i\":\"f39facdf-d03b-439b-bd5a-fb9769e66009\",\"x\":77,\"y\":6,\"w\":20,\"h\":4,\"id\":\"659d4e722509f7148984e3d6\",\"name\":\"Bot\u00f3n Polar Podcast Home\",\"gridCols\":100,\"type\":\"component\",\"data\":{\"customConfig\":{\"lg\":{\"card-e1530b60-16f7-46a0-834c-1aff83a69a15Config\":{\"changeWidget\":\"card\",\"backgroundColor\":\"secondary\"},\"card-e1530b60-16f7-46a0-834c-1aff83a69a15LayerOne\":{\"enabled\":true},\"avatar-0c70039d-8845-4f62-a29f-d59ca7731130Config\":{\"changeWidget\":\"avatar\",\"avatarObjectFit\":\"contain\",\"showOriginalPhoto\":true,\"avatarFile\":{\"publicUrl\":\"https:\/\/s3-mspro.nyc3.digitaloceanspaces.com\/tenant\/658d9f90f0909def6c18fa2c\/mediaLibrary\/photo\/d41a2d1a-ad20-4688-98e5-450435e2571c.png\",\"privatePhotoUrlWithoutExtension\":\"tenant\/658d9f90f0909def6c18fa2c\/mediaLibrary\/photo\/d41a2d1a-ad20-4688-98e5-450435e2571c\",\"privatePhotoUrl\":\"tenant\/658d9f90f0909def6c18fa2c\/mediaLibrary\/photo\/d41a2d1a-ad20-4688-98e5-450435e2571c-medium-standard-q100.png?v=1704808070\",\"photoExtension\":\"png?v=1704808070\",\"type\":\"image\",\"name\":\"nuestrospodcast\",\"updatedAt\":\"2024-01-09T13:47:50.183Z\",\"photoVersion\":4},\"openType\":\"url\",\"customUrl\":\"https:\/\/www.radiopolar.com\/podcast\"},\"icon-4b57ad4f-0c60-48de-9565-ba04482acd68Config\":{\"changeWidget\":\"icon\",\"color\":\"secondaryTitle\",\"customIcon\":\"fa\/FaMicrophoneAlt\",\"alignContent\":\"center\",\"width\":10,\"height\":10},\"icon-4b57ad4f-0c60-48de-9565-ba04482acd68LayerOne\":{\"enabled\":true},\"icon-4b57ad4f-0c60-48de-9565-ba04482acd68LayerTwo\":{\"enabled\":true}}},\"content\":{\"layouts\":{\"lg\":[{\"i\":\"e1530b60-16f7-46a0-834c-1aff83a69a15\",\"x\":0,\"y\":0,\"w\":100,\"h\":23,\"type\":\"widget\",\"framework\":\"mui\",\"data\":\"card\"},{\"i\":\"0c70039d-8845-4f62-a29f-d59ca7731130\",\"x\":5,\"y\":0,\"w\":80,\"h\":23,\"type\":\"widget\",\"framework\":\"mui\",\"data\":\"avatar\"},{\"i\":\"4b57ad4f-0c60-48de-9565-ba04482acd68\",\"x\":82,\"y\":0,\"w\":13,\"h\":23,\"type\":\"widget\",\"framework\":\"mui\",\"data\":\"icon\"}]}}}}]}}},{\"id\":\"659817c1593b0af35ec15b0d\",\"name\":\"Contenedor Noticias Destacadas\",\"active\":true,\"renderAs\":\"server\",\"gridCols\":{\"lg\":100,\"md\":100,\"xs\":100,\"daily\":100},\"marginTop\":-90,\"marginBottom\":70,\"paddingBottom\":0,\"content\":{\"config\":{\"lg\":{\"compactType\":\"horizontal\"}},\"layouts\":{\"lg\":[{\"i\":\"32210611-363c-4e76-a300-a5a1fd9a411b\",\"x\":5,\"y\":5,\"w\":18,\"h\":28,\"id\":\"66db6d141b69d720dd1c4fc5\",\"name\":\"Tarjeta nueva home radiopolar\",\"gridCols\":100,\"type\":\"component\",\"data\":{\"displayConfig\":{\"formatType\":\"grid\",\"columns\":1,\"columnsDesktop\":24,\"columnsMobile\":24,\"columnsTablet\":24,\"columnsLargeDesktop\":24,\"columnsExtraLargeDesktop\":24,\"limit\":1,\"enabledLayer\":true,\"horizontalGutter\":1,\"filterBy\":\"posts\",\"postsOrderBy\":\"datePublished\",\"sortBy\":\"desc\",\"filterCategories\":[{\"id\":\"658da61b787b5fb6c8a09815\",\"label\":\"Destacadas 2\"}]},\"customConfig\":{\"lg\":{\"avatar-d5bbbbb3-bb13-4bc2-9257-05523b32ed9dConfig\":{\"changeWidget\":\"avatar\",\"openType\":\"slug\",\"avatarObjectFit\":\"cover\"},\"typography-cd8b6410-273b-496e-b261-6b0adee8f86cConfig\":{\"changeWidget\":\"typography\",\"fontSize\":5,\"lineHeight\":\"1.8\",\"color\":\"#4a5563ff\",\"typographyMaxLength\":100000000000000,\"openType\":\"slug\"},\"typography-cd8b6410-273b-496e-b261-6b0adee8f86cLayerOne\":{\"enabled\":true},\"typography-cd8b6410-273b-496e-b261-6b0adee8f86cAttributeFill\":{\"fillOption\":\"post\",\"attributeFill\":[{\"title\":\"title\",\"canDelete\":true}]},\"avatar-d5bbbbb3-bb13-4bc2-9257-05523b32ed9dAttributeFill\":{\"fillOption\":\"post\",\"attributeFill\":[{\"title\":\"image\",\"canDelete\":true}]},\"button-53710425-5d01-4086-bda8-87e860046417Config\":{\"changeWidget\":\"button\",\"fontSize\":5,\"color\":\"#ffffffff\",\"customIcon\":\"io5\/IoCalendar\",\"buttonPositionIcon\":\"left\",\"typographyMaxLength\":100,\"backgroundColor\":\"#b91c1bff\",\"buttonSize\":\"small\"},\"button-53710425-5d01-4086-bda8-87e860046417LayerOne\":{\"enabled\":true},\"button-53710425-5d01-4086-bda8-87e860046417AttributeFill\":{\"fillOption\":\"post\",\"attributeFill\":[{\"title\":\"datePublished\",\"formatDate\":\"DD\/MM\/YYYY HH:mm\",\"canDelete\":true}]}}},\"content\":{\"layouts\":{\"lg\":[{\"i\":\"d5bbbbb3-bb13-4bc2-9257-05523b32ed9d\",\"x\":0,\"y\":0,\"w\":100,\"h\":56,\"type\":\"widget\",\"framework\":\"mui\",\"data\":\"avatar\"},{\"i\":\"cd8b6410-273b-496e-b261-6b0adee8f86c\",\"x\":0,\"y\":71,\"w\":100,\"h\":10,\"type\":\"widget\",\"framework\":\"mui\",\"data\":\"typography\"},{\"i\":\"53710425-5d01-4086-bda8-87e860046417\",\"x\":0,\"y\":59,\"w\":68,\"h\":10,\"type\":\"widget\",\"framework\":\"mui\",\"data\":\"button\"}]}},\"rows\":[{\"title\":\"PUNTA ARENAS INAUGURA ESCUELAS DEPORTIVAS MUNICIPALES 2026 CON 250 CUPOS GRATUITOS\",\"image\":{\"publicUrl\":\"https:\/\/s3-mspro.nyc3.digitaloceanspaces.com\/tenant\/658d9f90f0909def6c18fa2c\/mediaLibrary\/photo\/f15e34e4-1dee-4aa4-a899-ed405da4d929.jpeg\",\"privatePhotoUrlWithoutExtension\":\"tenant\/658d9f90f0909def6c18fa2c\/mediaLibrary\/photo\/f15e34e4-1dee-4aa4-a899-ed405da4d929\",\"privatePhotoUrl\":\"tenant\/658d9f90f0909def6c18fa2c\/mediaLibrary\/photo\/f15e34e4-1dee-4aa4-a899-ed405da4d929-medium-standard-q100.jpeg?v=1774703351\",\"photoExtension\":\"jpeg?v=1774703351\",\"name\":\"escuelas deportivas\",\"photoVersion\":4,\"type\":\"image\"},\"slug\":\"https:\/\/www.radiopolar.com\/punta-arenas-inaugura-escuelas-deportivas-municipales-2026-250-cupos-gratuitos\",\"primaryAuthor\":{\"id\":\"6989e3a9f45043c1b91f7bba\",\"name\":\"Equipo Polar Comunicaciones\",\"authorName\":\"Equipo Polar Comunicaciones\",\"slug\":\"\/author\/equipo-polar-comunicaciones\"},\"datePublished\":\"2026-03-28 14:00:00\"}]}},{\"i\":\"ca14e5ec-b6bd-496e-addf-876e879ce518\",\"x\":77,\"y\":5,\"w\":19,\"h\":19,\"id\":\"6598322b593b0ab5a9c16227\",\"name\":\"Componente Widget Banner 1x1\",\"gridCols\":100,\"type\":\"component\",\"data\":{\"displayConfig\":{\"filterBy\":\"widgets\",\"type\":\"ads\",\"keywords\":[{\"id\":\"65ef180f18fb253977f78cc2\",\"label\":\"Portada Laterales\"}],\"adType\":\"banner\",\"offset\":1,\"limit\":1,\"widgetsOrderBy\":\"position\",\"sortBy\":\"asc\"},\"customConfig\":{\"lg\":{\"box-5c855846-d7ab-4946-985d-cfc1dd3cd47fConfig\":{\"changeWidget\":\"box\",\"backgroundColor\":\"#d1d5dbff\"},\"box-5c855846-d7ab-4946-985d-cfc1dd3cd47fLayerOne\":{\"enabled\":true},\"avatar-d115f0f5-9555-46bb-bcb2-054e47ef3e47Config\":{\"changeWidget\":\"avatar\",\"openType\":\"redirectUrl\"},\"avatar-d115f0f5-9555-46bb-bcb2-054e47ef3e47AttributeFill\":{\"fillOption\":\"widget\",\"attributeFill\":[{\"title\":\"image\",\"canDelete\":true}]}}},\"content\":{\"layouts\":{\"lg\":[{\"i\":\"5c855846-d7ab-4946-985d-cfc1dd3cd47f\",\"x\":0,\"y\":0,\"w\":100,\"h\":100,\"type\":\"widget\",\"framework\":\"mui\",\"data\":\"box\"},{\"i\":\"d115f0f5-9555-46bb-bcb2-054e47ef3e47\",\"x\":3,\"y\":3,\"w\":94,\"h\":94,\"type\":\"widget\",\"framework\":\"mui\",\"data\":\"avatar\"}]}},\"rows\":[{\"name\":\"Portada Laterales 2 \/ 336x336 crosur\",\"image\":{\"publicUrl\":\"https:\/\/s3-mspro.nyc3.digitaloceanspaces.com\/tenant\/658d9f90f0909def6c18fa2c\/mediaLibrary\/photo\/3b6fb482-0a87-4348-91e5-e9623a339ba0.gif\",\"privatePhotoUrlWithoutExtension\":\"tenant\/658d9f90f0909def6c18fa2c\/mediaLibrary\/photo\/3b6fb482-0a87-4348-91e5-e9623a339ba0\",\"privatePhotoUrl\":\"tenant\/658d9f90f0909def6c18fa2c\/mediaLibrary\/photo\/3b6fb482-0a87-4348-91e5-e9623a339ba0.gif\",\"photoExtension\":\"gif\",\"type\":\"image\",\"name\":\"crosur constructor\",\"updatedAt\":\"2026-03-09T18:59:48.886Z\",\"photoVersion\":4},\"redirectUrl\":\"http:\/\/www.crosur.cl\"}]}},{\"i\":\"b9081ac6-1903-4e4b-a6ff-318743221dc4\",\"x\":5,\"y\":1,\"w\":70,\"h\":3,\"id\":\"659bf62d0e11822025e737c0\",\"name\":\"T\u00edtulo de prueba\",\"gridCols\":100,\"type\":\"component\",\"data\":{\"displayConfig\":{\"enabledLayer\":true},\"customConfig\":{\"lg\":{\"typography-514ae0a3-cfb7-42d0-975a-ad3e72297fdeConfig\":{\"changeWidget\":\"typography\",\"customTitle\":\"Noticias\",\"fontFamily\":\"Heading\",\"fontSize\":3,\"color\":\"#000000ff\",\"fontWeight\":\"600\",\"typographyMaxLength\":100,\"lineHeight\":\"1\",\"alignContent\":\"top left\"},\"typography-331e7e68-3459-4cfa-896d-a62b69826975Config\":{\"changeWidget\":\"typography\",\"customTitle\":\"Destacadas\",\"fontFamily\":\"Heading\",\"fontSize\":3,\"color\":\"primary\",\"fontWeight\":\"600\",\"typographyMaxLength\":100,\"lineHeight\":\"1\",\"alignContent\":\"top left\"},\"typography-514ae0a3-cfb7-42d0-975a-ad3e72297fdeLayerOne\":{\"enabled\":true},\"typography-331e7e68-3459-4cfa-896d-a62b69826975LayerOne\":{\"enabled\":true},\"typography-331e7e68-3459-4cfa-896d-a62b69826975LayerTwo\":{\"enabled\":true},\"typography-514ae0a3-cfb7-42d0-975a-ad3e72297fdeLayerTwo\":{\"enabled\":true}}},\"content\":{\"layouts\":{\"lg\":[{\"i\":\"514ae0a3-cfb7-42d0-975a-ad3e72297fde\",\"x\":0,\"y\":0,\"w\":14,\"h\":4,\"type\":\"widget\",\"framework\":\"mui\",\"data\":\"typography\"},{\"i\":\"331e7e68-3459-4cfa-896d-a62b69826975\",\"x\":13,\"y\":0,\"w\":22,\"h\":5,\"type\":\"widget\",\"framework\":\"mui\",\"data\":\"typography\"}]}}}},{\"i\":\"9a10f3da-ea54-465d-b92f-b7f02cf13a92\",\"x\":3,\"y\":0,\"w\":72,\"h\":1,\"id\":\"659d5d962509f7b46284e627\",\"name\":\"Divisor de seccion\",\"gridCols\":100,\"type\":\"component\",\"data\":{\"displayConfig\":{\"enabledLayer\":true},\"customConfig\":{\"lg\":{\"divider-fd43ac56-2bce-4b3e-aaed-be4292acc723Config\":{\"changeWidget\":\"divider\",\"backgroundColor\":\"success\",\"height\":0.4,\"color\":\"secondary\"},\"divider-fd43ac56-2bce-4b3e-aaed-be4292acc723LayerOne\":{\"enabled\":true}}},\"content\":{\"layouts\":{\"lg\":[{\"i\":\"fd43ac56-2bce-4b3e-aaed-be4292acc723\",\"x\":0,\"y\":0,\"w\":100,\"h\":1,\"type\":\"widget\",\"framework\":\"mui\",\"data\":\"divider\"}]}}}},{\"i\":\"fe96f7e8-1717-485b-9fa1-3256964f9c30\",\"x\":30,\"y\":5,\"w\":18,\"h\":27,\"id\":\"66db6d141b69d720dd1c4fc5\",\"name\":\"Tarjeta nueva home radiopolar\",\"gridCols\":100,\"type\":\"component\",\"data\":{\"displayConfig\":{\"formatType\":\"grid\",\"columns\":1,\"columnsDesktop\":24,\"columnsMobile\":24,\"columnsTablet\":24,\"columnsLargeDesktop\":24,\"columnsExtraLargeDesktop\":24,\"offset\":1,\"limit\":1,\"enabledLayer\":true,\"horizontalGutter\":1,\"filterBy\":\"posts\",\"postsOrderBy\":\"datePublished\",\"sortBy\":\"desc\",\"filterCategories\":[{\"id\":\"658da61b787b5fb6c8a09815\",\"label\":\"Destacadas 2\"}]},\"customConfig\":{\"lg\":{\"avatar-d5bbbbb3-bb13-4bc2-9257-05523b32ed9dConfig\":{\"changeWidget\":\"avatar\",\"openType\":\"slug\",\"avatarObjectFit\":\"cover\"},\"typography-cd8b6410-273b-496e-b261-6b0adee8f86cConfig\":{\"changeWidget\":\"typography\",\"fontSize\":5,\"lineHeight\":\"1.8\",\"color\":\"#4a5563ff\",\"typographyMaxLength\":100000000000000,\"openType\":\"slug\"},\"typography-cd8b6410-273b-496e-b261-6b0adee8f86cLayerOne\":{\"enabled\":true},\"typography-cd8b6410-273b-496e-b261-6b0adee8f86cAttributeFill\":{\"fillOption\":\"post\",\"attributeFill\":[{\"title\":\"title\",\"canDelete\":true}]},\"avatar-d5bbbbb3-bb13-4bc2-9257-05523b32ed9dAttributeFill\":{\"fillOption\":\"post\",\"attributeFill\":[{\"title\":\"image\",\"canDelete\":true}]},\"button-53710425-5d01-4086-bda8-87e860046417Config\":{\"changeWidget\":\"button\",\"fontSize\":5,\"color\":\"#ffffffff\",\"customIcon\":\"io5\/IoCalendar\",\"buttonPositionIcon\":\"left\",\"typographyMaxLength\":100,\"backgroundColor\":\"#b91c1bff\",\"buttonSize\":\"small\"},\"button-53710425-5d01-4086-bda8-87e860046417LayerOne\":{\"enabled\":true},\"button-53710425-5d01-4086-bda8-87e860046417AttributeFill\":{\"fillOption\":\"post\",\"attributeFill\":[{\"title\":\"datePublished\",\"formatDate\":\"DD\/MM\/YYYY HH:mm\",\"canDelete\":true}]}}},\"content\":{\"layouts\":{\"lg\":[{\"i\":\"d5bbbbb3-bb13-4bc2-9257-05523b32ed9d\",\"x\":0,\"y\":0,\"w\":100,\"h\":56,\"type\":\"widget\",\"framework\":\"mui\",\"data\":\"avatar\"},{\"i\":\"cd8b6410-273b-496e-b261-6b0adee8f86c\",\"x\":0,\"y\":71,\"w\":100,\"h\":10,\"type\":\"widget\",\"framework\":\"mui\",\"data\":\"typography\"},{\"i\":\"53710425-5d01-4086-bda8-87e860046417\",\"x\":0,\"y\":59,\"w\":68,\"h\":10,\"type\":\"widget\",\"framework\":\"mui\",\"data\":\"button\"}]}},\"rows\":[{\"title\":\"REALIZAR\u00c1N JORNADA DE REGISTRO DE DONANTES DE M\u00c9DULA \u00d3SEA EN PUNTA ARENAS PARA APOYAR A PACIENTE CON LEUCEMIA\",\"image\":{\"publicUrl\":\"https:\/\/s3-mspro.nyc3.digitaloceanspaces.com\/tenant\/658d9f90f0909def6c18fa2c\/mediaLibrary\/photo\/a2e53baf-00cb-4639-883f-e4fc354a851b.webp\",\"privatePhotoUrlWithoutExtension\":\"tenant\/658d9f90f0909def6c18fa2c\/mediaLibrary\/photo\/a2e53baf-00cb-4639-883f-e4fc354a851b\",\"privatePhotoUrl\":\"tenant\/658d9f90f0909def6c18fa2c\/mediaLibrary\/photo\/a2e53baf-00cb-4639-883f-e4fc354a851b-medium-standard-q100.webp?v=1774666692\",\"photoExtension\":\"webp?v=1774666692\",\"name\":\"GONZALO ATLAGICH\",\"photoVersion\":4,\"type\":\"image\"},\"slug\":\"https:\/\/www.radiopolar.com\/realizaran-jornada-registro-donantes-medula-osea-punta-arenas-apoyar-paciente-leucemia\",\"primaryAuthor\":{\"id\":\"6989e3a9f45043c1b91f7bba\",\"name\":\"Equipo Polar Comunicaciones\",\"authorName\":\"Equipo Polar Comunicaciones\",\"slug\":\"\/author\/equipo-polar-comunicaciones\"},\"datePublished\":\"2026-03-28 09:00:00\"}]}},{\"i\":\"22fbddb9-5c16-4806-89f0-b49dd06bbb62\",\"x\":55,\"y\":5,\"w\":18,\"h\":31,\"id\":\"66db6d141b69d720dd1c4fc5\",\"name\":\"Tarjeta nueva home radiopolar\",\"gridCols\":100,\"type\":\"component\",\"data\":{\"displayConfig\":{\"formatType\":\"grid\",\"columns\":1,\"columnsDesktop\":24,\"columnsMobile\":24,\"columnsTablet\":24,\"columnsLargeDesktop\":24,\"columnsExtraLargeDesktop\":24,\"offset\":2,\"limit\":1,\"enabledLayer\":true,\"horizontalGutter\":1,\"filterBy\":\"posts\",\"postsOrderBy\":\"datePublished\",\"sortBy\":\"desc\",\"filterCategories\":[{\"id\":\"658da61b787b5fb6c8a09815\",\"label\":\"Destacadas 2\"}]},\"customConfig\":{\"lg\":{\"avatar-d5bbbbb3-bb13-4bc2-9257-05523b32ed9dConfig\":{\"changeWidget\":\"avatar\",\"openType\":\"slug\",\"avatarObjectFit\":\"cover\"},\"typography-cd8b6410-273b-496e-b261-6b0adee8f86cConfig\":{\"changeWidget\":\"typography\",\"fontSize\":5,\"lineHeight\":\"1.8\",\"color\":\"#4a5563ff\",\"typographyMaxLength\":100000000000000,\"openType\":\"slug\"},\"typography-cd8b6410-273b-496e-b261-6b0adee8f86cLayerOne\":{\"enabled\":true},\"typography-cd8b6410-273b-496e-b261-6b0adee8f86cAttributeFill\":{\"fillOption\":\"post\",\"attributeFill\":[{\"title\":\"title\",\"canDelete\":true}]},\"avatar-d5bbbbb3-bb13-4bc2-9257-05523b32ed9dAttributeFill\":{\"fillOption\":\"post\",\"attributeFill\":[{\"title\":\"image\",\"canDelete\":true}]},\"button-53710425-5d01-4086-bda8-87e860046417Config\":{\"changeWidget\":\"button\",\"fontSize\":5,\"color\":\"#ffffffff\",\"customIcon\":\"io5\/IoCalendar\",\"buttonPositionIcon\":\"left\",\"typographyMaxLength\":100,\"backgroundColor\":\"#b91c1bff\",\"buttonSize\":\"small\"},\"button-53710425-5d01-4086-bda8-87e860046417LayerOne\":{\"enabled\":true},\"button-53710425-5d01-4086-bda8-87e860046417AttributeFill\":{\"fillOption\":\"post\",\"attributeFill\":[{\"title\":\"datePublished\",\"formatDate\":\"DD\/MM\/YYYY HH:mm\",\"canDelete\":true}]}}},\"content\":{\"layouts\":{\"lg\":[{\"i\":\"d5bbbbb3-bb13-4bc2-9257-05523b32ed9d\",\"x\":0,\"y\":0,\"w\":100,\"h\":56,\"type\":\"widget\",\"framework\":\"mui\",\"data\":\"avatar\"},{\"i\":\"cd8b6410-273b-496e-b261-6b0adee8f86c\",\"x\":0,\"y\":71,\"w\":100,\"h\":10,\"type\":\"widget\",\"framework\":\"mui\",\"data\":\"typography\"},{\"i\":\"53710425-5d01-4086-bda8-87e860046417\",\"x\":0,\"y\":59,\"w\":68,\"h\":10,\"type\":\"widget\",\"framework\":\"mui\",\"data\":\"button\"}]}},\"rows\":[{\"title\":\"TURISMO REGENERATIVO TOMA FUERZA EN MAGALLANES COMO NUEVO MODELO DE CONSERVACI\u00d3N EN LA PATAGONIA CHILENA\",\"image\":{\"publicUrl\":\"https:\/\/s3-mspro.nyc3.digitaloceanspaces.com\/tenant\/658d9f90f0909def6c18fa2c\/mediaLibrary\/photo\/28966f9e-41a9-4f0a-adcc-0c1695a16df4.jpg\",\"privatePhotoUrlWithoutExtension\":\"tenant\/658d9f90f0909def6c18fa2c\/mediaLibrary\/photo\/28966f9e-41a9-4f0a-adcc-0c1695a16df4\",\"privatePhotoUrl\":\"tenant\/658d9f90f0909def6c18fa2c\/mediaLibrary\/photo\/28966f9e-41a9-4f0a-adcc-0c1695a16df4-medium-standard-q100.jpg?v=1774664488\",\"photoExtension\":\"jpg?v=1774664488\",\"name\":\"Turismo Regenerativo\",\"photoVersion\":4,\"type\":\"image\"},\"slug\":\"https:\/\/www.radiopolar.com\/turismo-regenerativo-toma-fuerza-magallanes-modelo-conservacion-patagonia-chilena\",\"primaryAuthor\":{\"id\":\"6989e3a9f45043c1b91f7bba\",\"name\":\"Equipo Polar Comunicaciones\",\"authorName\":\"Equipo Polar Comunicaciones\",\"slug\":\"\/author\/equipo-polar-comunicaciones\"},\"datePublished\":\"2026-03-28 08:00:00\"}]}}]}}},{\"id\":\"690a2896b507520cd5ad1812\",\"name\":\"Container Elecciones\",\"active\":true,\"renderAs\":\"server\",\"gridCols\":{\"lg\":100,\"md\":100,\"xs\":100,\"daily\":100},\"marginTop\":-300,\"marginBottom\":220,\"content\":{\"config\":{\"lg\":{\"compactType\":\"horizontal\"}},\"layouts\":{\"lg\":[{\"i\":\"63a07b05-016a-439e-b344-8c9302724a4c\",\"x\":4,\"y\":1,\"w\":92,\"h\":35,\"id\":\"690a28b3b507525befad182b\",\"name\":\"Componente Elecciones Fondo\",\"gridCols\":100,\"type\":\"component\",\"data\":{\"customConfig\":{\"lg\":{\"avatar-66f50e96-006c-4d5b-bfb0-b8564135765bConfig\":{\"changeWidget\":\"avatar\",\"avatarObjectFit\":\"cover\",\"avatarFile\":{\"publicUrl\":\"https:\/\/s3-mspro.nyc3.digitaloceanspaces.com\/tenant\/658d9f90f0909def6c18fa2c\/mediaLibrary\/photo\/21b8c58b-8edd-47bc-b46d-4d979b889849.png\",\"privatePhotoUrlWithoutExtension\":\"tenant\/658d9f90f0909def6c18fa2c\/mediaLibrary\/photo\/21b8c58b-8edd-47bc-b46d-4d979b889849\",\"privatePhotoUrl\":\"tenant\/658d9f90f0909def6c18fa2c\/mediaLibrary\/photo\/21b8c58b-8edd-47bc-b46d-4d979b889849-medium-standard-q100.png?v=1762273540\",\"photoExtension\":\"png?v=1762273540\",\"type\":\"image\",\"name\":\"Imagen fondo elecciones\",\"updatedAt\":\"2025-11-04T16:25:40.205Z\",\"photoVersion\":4}},\"box-d917ad77-a1e0-4be8-865a-a71715bea186Config\":{\"changeWidget\":\"box\",\"backgroundColor\":\"#10326798\",\"backgroundColorAlpha\":98},\"box-d917ad77-a1e0-4be8-865a-a71715bea186LayerOne\":{\"enabled\":true},\"box-29f95018-4bf1-411c-950f-a00959afbde7LayerOne\":{\"enabled\":true},\"box-29f95018-4bf1-411c-950f-a00959afbde7Config\":{\"changeWidget\":\"box\",\"backgroundColor\":\"#10326770\",\"backgroundColorAlpha\":70},\"box-4053c5c8-8baf-40d5-9bcc-4ec914de0db4Config\":{\"changeWidget\":\"box\",\"backgroundColor\":\"#ffffffff\",\"backgroundColorAlpha\":100},\"box-4053c5c8-8baf-40d5-9bcc-4ec914de0db4LayerOne\":{\"enabled\":true},\"avatar-66f50e96-006c-4d5b-bfb0-b8564135765bLayerOne\":{\"enabled\":true},\"avatar-10f6f702-391c-4507-a235-713a2178bda9Config\":{\"changeWidget\":\"avatar\",\"avatarObjectFit\":\"contain\",\"avatarFile\":{\"publicUrl\":\"https:\/\/s3-mspro.nyc3.digitaloceanspaces.com\/tenant\/658d9f90f0909def6c18fa2c\/mediaLibrary\/photo\/5da21039-a453-4de1-9d52-435a8ca5d750.jpg\",\"privatePhotoUrlWithoutExtension\":\"tenant\/658d9f90f0909def6c18fa2c\/mediaLibrary\/photo\/5da21039-a453-4de1-9d52-435a8ca5d750\",\"privatePhotoUrl\":\"tenant\/658d9f90f0909def6c18fa2c\/mediaLibrary\/photo\/5da21039-a453-4de1-9d52-435a8ca5d750-medium-standard-q100.jpg?v=1762274630\",\"photoExtension\":\"jpg?v=1762274630\",\"type\":\"image\",\"name\":\"letras servel\",\"updatedAt\":\"2025-11-04T16:43:50.373Z\",\"photoVersion\":4}},\"avatar-10f6f702-391c-4507-a235-713a2178bda9LayerOne\":{\"enabled\":true},\"avatar-f2ea4273-6576-417c-b846-109deeee78d7LayerOne\":{\"enabled\":true},\"avatar-f2ea4273-6576-417c-b846-109deeee78d7Config\":{\"changeWidget\":\"avatar\",\"avatarObjectFit\":\"contain\",\"avatarFile\":{\"publicUrl\":\"https:\/\/s3-mspro.nyc3.digitaloceanspaces.com\/tenant\/658d9f90f0909def6c18fa2c\/mediaLibrary\/photo\/76f43abb-cf96-4265-9b43-7c35fb5ed513.jpg\",\"privatePhotoUrlWithoutExtension\":\"tenant\/658d9f90f0909def6c18fa2c\/mediaLibrary\/photo\/76f43abb-cf96-4265-9b43-7c35fb5ed513\",\"privatePhotoUrl\":\"tenant\/658d9f90f0909def6c18fa2c\/mediaLibrary\/photo\/76f43abb-cf96-4265-9b43-7c35fb5ed513-medium-standard-q100.jpg?v=1762274540\",\"photoExtension\":\"jpg?v=1762274540\",\"type\":\"image\",\"name\":\"icono servel\",\"updatedAt\":\"2025-11-04T16:42:20.494Z\",\"photoVersion\":4}}}},\"content\":{\"layouts\":{\"lg\":[{\"i\":\"66f50e96-006c-4d5b-bfb0-b8564135765b\",\"x\":0,\"y\":0,\"w\":100,\"h\":37,\"type\":\"widget\",\"framework\":\"mui\",\"data\":\"avatar\"},{\"i\":\"d917ad77-a1e0-4be8-865a-a71715bea186\",\"x\":0,\"y\":0,\"w\":100,\"h\":37,\"type\":\"widget\",\"framework\":\"mui\",\"data\":\"box\"},{\"i\":\"29f95018-4bf1-411c-950f-a00959afbde7\",\"x\":0,\"y\":0,\"w\":100,\"h\":37,\"type\":\"widget\",\"framework\":\"mui\",\"data\":\"box\"},{\"i\":\"4053c5c8-8baf-40d5-9bcc-4ec914de0db4\",\"x\":0,\"y\":0,\"w\":100,\"h\":6,\"type\":\"widget\",\"framework\":\"mui\",\"data\":\"box\"},{\"i\":\"10f6f702-391c-4507-a235-713a2178bda9\",\"x\":34,\"y\":0,\"w\":17,\"h\":6,\"type\":\"widget\",\"framework\":\"mui\",\"data\":\"avatar\"},{\"i\":\"f2ea4273-6576-417c-b846-109deeee78d7\",\"x\":46,\"y\":0,\"w\":14,\"h\":5,\"type\":\"widget\",\"framework\":\"mui\",\"data\":\"avatar\"}]}}}},{\"i\":\"6f896353-9f54-4bee-b028-d46687e1414c\",\"x\":8,\"y\":12,\"w\":84,\"h\":22,\"id\":\"690a2dfeb50752d68bad1930\",\"name\":\"Componente Card Noticias Elecciones\",\"gridCols\":100,\"type\":\"component\",\"data\":{\"displayConfig\":{\"formatType\":\"horizontalSlide\",\"columns\":5,\"columnsDesktop\":4.8,\"columnsMobile\":4.8,\"columnsTablet\":4.8,\"columnsLargeDesktop\":4.8,\"columnsExtraLargeDesktop\":4.8,\"limit\":10,\"enabledLayer\":true,\"horizontalGutter\":1,\"filterBy\":\"posts\",\"postsOrderBy\":\"datePublished\",\"sortBy\":\"desc\",\"filterTags\":[{\"id\":\"6908d7836a1b731b41cf4eaa\",\"label\":\"elecciones2025\"}],\"slidesPerView\":5,\"spaceBetween\":20,\"slidePagination\":true,\"slideAutoPlay\":true,\"slidePaginationColor\":\"#ffffffff\",\"slideTimeOut\":5000},\"customConfig\":{\"lg\":{\"avatar-d5bbbbb3-bb13-4bc2-9257-05523b32ed9dConfig\":{\"changeWidget\":\"avatar\",\"openType\":\"slug\",\"avatarObjectFit\":\"cover\"},\"typography-cd8b6410-273b-496e-b261-6b0adee8f86cConfig\":{\"changeWidget\":\"typography\",\"fontSize\":6,\"lineHeight\":\"1.2\",\"color\":\"#ffffffff\",\"typographyMaxLength\":1000,\"openType\":\"slug\"},\"typography-cd8b6410-273b-496e-b261-6b0adee8f86cLayerOne\":{\"enabled\":true},\"typography-cd8b6410-273b-496e-b261-6b0adee8f86cAttributeFill\":{\"fillOption\":\"post\",\"attributeFill\":[{\"title\":\"title\",\"canDelete\":true}]},\"avatar-d5bbbbb3-bb13-4bc2-9257-05523b32ed9dAttributeFill\":{\"fillOption\":\"post\",\"attributeFill\":[{\"title\":\"image\",\"canDelete\":true}]},\"button-34675526-e5e0-415f-b86c-dfe00c3d91dfConfig\":{\"changeWidget\":\"button\",\"fontFamily\":\"Secondary\",\"fontSize\":4,\"customIcon\":\"io5\/IoCalendarSharp\",\"buttonPositionIcon\":\"left\",\"backgroundColor\":\"#b91c1bff\",\"buttonSize\":\"small\",\"buttonVariant\":\"contained\",\"color\":\"success\"},\"button-34675526-e5e0-415f-b86c-dfe00c3d91dfAttributeFill\":{\"fillOption\":\"post\",\"attributeFill\":[{\"title\":\"datePublished\",\"formatDate\":\"DD\/MM\/YYYY HH:mm\",\"canDelete\":true}]},\"button-34675526-e5e0-415f-b86c-dfe00c3d91dfLayerOne\":{\"enabled\":true},\"avatar-d5bbbbb3-bb13-4bc2-9257-05523b32ed9dLayerOne\":{\"enabled\":true}}},\"content\":{\"layouts\":{\"lg\":[{\"i\":\"d5bbbbb3-bb13-4bc2-9257-05523b32ed9d\",\"x\":0,\"y\":0,\"w\":100,\"h\":56,\"type\":\"widget\",\"framework\":\"mui\",\"data\":\"avatar\"},{\"i\":\"cd8b6410-273b-496e-b261-6b0adee8f86c\",\"x\":0,\"y\":69,\"w\":100,\"h\":43,\"type\":\"widget\",\"framework\":\"mui\",\"data\":\"typography\"},{\"i\":\"34675526-e5e0-415f-b86c-dfe00c3d91df\",\"x\":0,\"y\":59,\"w\":52,\"h\":8,\"type\":\"widget\",\"framework\":\"mui\",\"data\":\"button\"}]}},\"rows\":[{\"title\":\"RESULTADOS SEGUNDA VUELTA PRESIDENCIAL: AS\u00cd VOT\u00d3 CADA COMUNA DE LA REGI\u00d3N DE MAGALLANES\",\"image\":{\"publicUrl\":\"https:\/\/s3-mspro.nyc3.digitaloceanspaces.com\/tenant\/658d9f90f0909def6c18fa2c\/mediaLibrary\/photo\/6296876c-8c54-4ebf-8948-dd308183ad4d.jpeg\",\"privatePhotoUrlWithoutExtension\":\"tenant\/658d9f90f0909def6c18fa2c\/mediaLibrary\/photo\/6296876c-8c54-4ebf-8948-dd308183ad4d\",\"privatePhotoUrl\":\"tenant\/658d9f90f0909def6c18fa2c\/mediaLibrary\/photo\/6296876c-8c54-4ebf-8948-dd308183ad4d-medium-standard-q100.jpeg?v=1765806473\",\"photoExtension\":\"jpeg?v=1765806473\",\"name\":\"Votacion segunda vuelta urna\",\"photoVersion\":4,\"type\":\"image\"},\"slug\":\"https:\/\/www.radiopolar.com\/resultados-vuelta-presidencial-voto-comuna-region-magallanes\",\"primaryAuthor\":{\"id\":\"65ea08428325aff9da63f8f9\",\"name\":\"Prensa Radio Polar\",\"authorName\":\"Prensa Radio Polar\",\"slug\":\"\/author\/prensa-radio-polar\",\"socials\":{\"photo\":{\"publicUrl\":\"https:\/\/s3-mspro.nyc3.digitaloceanspaces.com\/tenant\/658d9f90f0909def6c18fa2c\/mediaLibrary\/photo\/4db82067-da5b-4b7a-b2dd-723ec7e09353.png\",\"privatePhotoUrlWithoutExtension\":\"tenant\/658d9f90f0909def6c18fa2c\/mediaLibrary\/photo\/4db82067-da5b-4b7a-b2dd-723ec7e09353\",\"privatePhotoUrl\":\"tenant\/658d9f90f0909def6c18fa2c\/mediaLibrary\/photo\/4db82067-da5b-4b7a-b2dd-723ec7e09353-medium-standard-q100.png?v=1734098430\",\"photoExtension\":\"png?v=1734098430\",\"type\":\"image\",\"name\":\"PRENSA (4)\",\"updatedAt\":\"2024-12-13T14:00:30.316Z\",\"photoVersion\":4}},\"image\":{\"publicUrl\":\"https:\/\/s3-mspro.nyc3.digitaloceanspaces.com\/tenant\/658d9f90f0909def6c18fa2c\/mediaLibrary\/photo\/4db82067-da5b-4b7a-b2dd-723ec7e09353.png\",\"privatePhotoUrlWithoutExtension\":\"tenant\/658d9f90f0909def6c18fa2c\/mediaLibrary\/photo\/4db82067-da5b-4b7a-b2dd-723ec7e09353\",\"privatePhotoUrl\":\"tenant\/658d9f90f0909def6c18fa2c\/mediaLibrary\/photo\/4db82067-da5b-4b7a-b2dd-723ec7e09353-medium-standard-q100.png?v=1734098430\",\"photoExtension\":\"png?v=1734098430\",\"name\":\"PRENSA (4)\",\"photoVersion\":4,\"type\":\"image\"},\"authorImage\":{\"publicUrl\":\"https:\/\/s3-mspro.nyc3.digitaloceanspaces.com\/tenant\/658d9f90f0909def6c18fa2c\/mediaLibrary\/photo\/4db82067-da5b-4b7a-b2dd-723ec7e09353.png\",\"privatePhotoUrlWithoutExtension\":\"tenant\/658d9f90f0909def6c18fa2c\/mediaLibrary\/photo\/4db82067-da5b-4b7a-b2dd-723ec7e09353\",\"privatePhotoUrl\":\"tenant\/658d9f90f0909def6c18fa2c\/mediaLibrary\/photo\/4db82067-da5b-4b7a-b2dd-723ec7e09353-medium-standard-q100.png?v=1734098430\",\"photoExtension\":\"png?v=1734098430\",\"name\":\"PRENSA (4)\",\"photoVersion\":4,\"type\":\"image\"}},\"datePublished\":\"2025-12-15 10:36:00\"},{\"title\":\"ELECCIONES PRESIDENCIALES 2025: PROCESO SE DESARROLLA CON NORMALIDAD EN LA PROVINCIA DE \u00daLTIMA ESPERANZA\",\"image\":{\"publicUrl\":\"https:\/\/s3-mspro.nyc3.digitaloceanspaces.com\/tenant\/658d9f90f0909def6c18fa2c\/mediaLibrary\/photo\/4b817d84-48f2-49fd-a69d-bf0fa131efe1.png\",\"privatePhotoUrlWithoutExtension\":\"tenant\/658d9f90f0909def6c18fa2c\/mediaLibrary\/photo\/4b817d84-48f2-49fd-a69d-bf0fa131efe1\",\"privatePhotoUrl\":\"tenant\/658d9f90f0909def6c18fa2c\/mediaLibrary\/photo\/4b817d84-48f2-49fd-a69d-bf0fa131efe1-medium-standard-q100.png?v=1765731989\",\"photoExtension\":\"png?v=1765731989\",\"name\":\"Guillermo ruiz santana\",\"photoVersion\":4,\"type\":\"image\"},\"slug\":\"https:\/\/www.radiopolar.com\/elecciones-presidenciales-2025-proceso-desarrolla-normalidad-provincia-esperanza\",\"primaryAuthor\":{\"id\":\"65ea08428325aff9da63f8f9\",\"name\":\"Prensa Radio Polar\",\"authorName\":\"Prensa Radio Polar\",\"slug\":\"\/author\/prensa-radio-polar\",\"socials\":{\"photo\":{\"publicUrl\":\"https:\/\/s3-mspro.nyc3.digitaloceanspaces.com\/tenant\/658d9f90f0909def6c18fa2c\/mediaLibrary\/photo\/4db82067-da5b-4b7a-b2dd-723ec7e09353.png\",\"privatePhotoUrlWithoutExtension\":\"tenant\/658d9f90f0909def6c18fa2c\/mediaLibrary\/photo\/4db82067-da5b-4b7a-b2dd-723ec7e09353\",\"privatePhotoUrl\":\"tenant\/658d9f90f0909def6c18fa2c\/mediaLibrary\/photo\/4db82067-da5b-4b7a-b2dd-723ec7e09353-medium-standard-q100.png?v=1734098430\",\"photoExtension\":\"png?v=1734098430\",\"type\":\"image\",\"name\":\"PRENSA (4)\",\"updatedAt\":\"2024-12-13T14:00:30.316Z\",\"photoVersion\":4}},\"image\":{\"publicUrl\":\"https:\/\/s3-mspro.nyc3.digitaloceanspaces.com\/tenant\/658d9f90f0909def6c18fa2c\/mediaLibrary\/photo\/4db82067-da5b-4b7a-b2dd-723ec7e09353.png\",\"privatePhotoUrlWithoutExtension\":\"tenant\/658d9f90f0909def6c18fa2c\/mediaLibrary\/photo\/4db82067-da5b-4b7a-b2dd-723ec7e09353\",\"privatePhotoUrl\":\"tenant\/658d9f90f0909def6c18fa2c\/mediaLibrary\/photo\/4db82067-da5b-4b7a-b2dd-723ec7e09353-medium-standard-q100.png?v=1734098430\",\"photoExtension\":\"png?v=1734098430\",\"name\":\"PRENSA (4)\",\"photoVersion\":4,\"type\":\"image\"},\"authorImage\":{\"publicUrl\":\"https:\/\/s3-mspro.nyc3.digitaloceanspaces.com\/tenant\/658d9f90f0909def6c18fa2c\/mediaLibrary\/photo\/4db82067-da5b-4b7a-b2dd-723ec7e09353.png\",\"privatePhotoUrlWithoutExtension\":\"tenant\/658d9f90f0909def6c18fa2c\/mediaLibrary\/photo\/4db82067-da5b-4b7a-b2dd-723ec7e09353\",\"privatePhotoUrl\":\"tenant\/658d9f90f0909def6c18fa2c\/mediaLibrary\/photo\/4db82067-da5b-4b7a-b2dd-723ec7e09353-medium-standard-q100.png?v=1734098430\",\"photoExtension\":\"png?v=1734098430\",\"name\":\"PRENSA (4)\",\"photoVersion\":4,\"type\":\"image\"}},\"datePublished\":\"2025-12-14 14:01:00\"},{\"title\":\"DIPUTADO REELECTO CARLOS BIANCHI CHELECH DESTACA LA DEMOCRACIA TRAS VOTAR EN EL INSTITUTO DON BOSCO\",\"image\":{\"publicUrl\":\"https:\/\/s3-mspro.nyc3.digitaloceanspaces.com\/tenant\/658d9f90f0909def6c18fa2c\/mediaLibrary\/photo\/ee6de398-bbb0-44a8-ae32-1a2450142966.png\",\"privatePhotoUrlWithoutExtension\":\"tenant\/658d9f90f0909def6c18fa2c\/mediaLibrary\/photo\/ee6de398-bbb0-44a8-ae32-1a2450142966\",\"privatePhotoUrl\":\"tenant\/658d9f90f0909def6c18fa2c\/mediaLibrary\/photo\/ee6de398-bbb0-44a8-ae32-1a2450142966-medium-standard-q100.png?v=1765730007\",\"photoExtension\":\"png?v=1765730007\",\"name\":\"Carlos Bianchi Chelech\",\"photoVersion\":4,\"type\":\"image\"},\"slug\":\"https:\/\/www.radiopolar.com\/diputado-reelecto-carlos-bianchi-chelech-destaca-democracia-votar-instituto-don-bosco\",\"primaryAuthor\":{\"id\":\"65ea08428325aff9da63f8f9\",\"name\":\"Prensa Radio Polar\",\"authorName\":\"Prensa Radio Polar\",\"slug\":\"\/author\/prensa-radio-polar\",\"socials\":{\"photo\":{\"publicUrl\":\"https:\/\/s3-mspro.nyc3.digitaloceanspaces.com\/tenant\/658d9f90f0909def6c18fa2c\/mediaLibrary\/photo\/4db82067-da5b-4b7a-b2dd-723ec7e09353.png\",\"privatePhotoUrlWithoutExtension\":\"tenant\/658d9f90f0909def6c18fa2c\/mediaLibrary\/photo\/4db82067-da5b-4b7a-b2dd-723ec7e09353\",\"privatePhotoUrl\":\"tenant\/658d9f90f0909def6c18fa2c\/mediaLibrary\/photo\/4db82067-da5b-4b7a-b2dd-723ec7e09353-medium-standard-q100.png?v=1734098430\",\"photoExtension\":\"png?v=1734098430\",\"type\":\"image\",\"name\":\"PRENSA (4)\",\"updatedAt\":\"2024-12-13T14:00:30.316Z\",\"photoVersion\":4}},\"image\":{\"publicUrl\":\"https:\/\/s3-mspro.nyc3.digitaloceanspaces.com\/tenant\/658d9f90f0909def6c18fa2c\/mediaLibrary\/photo\/4db82067-da5b-4b7a-b2dd-723ec7e09353.png\",\"privatePhotoUrlWithoutExtension\":\"tenant\/658d9f90f0909def6c18fa2c\/mediaLibrary\/photo\/4db82067-da5b-4b7a-b2dd-723ec7e09353\",\"privatePhotoUrl\":\"tenant\/658d9f90f0909def6c18fa2c\/mediaLibrary\/photo\/4db82067-da5b-4b7a-b2dd-723ec7e09353-medium-standard-q100.png?v=1734098430\",\"photoExtension\":\"png?v=1734098430\",\"name\":\"PRENSA (4)\",\"photoVersion\":4,\"type\":\"image\"},\"authorImage\":{\"publicUrl\":\"https:\/\/s3-mspro.nyc3.digitaloceanspaces.com\/tenant\/658d9f90f0909def6c18fa2c\/mediaLibrary\/photo\/4db82067-da5b-4b7a-b2dd-723ec7e09353.png\",\"privatePhotoUrlWithoutExtension\":\"tenant\/658d9f90f0909def6c18fa2c\/mediaLibrary\/photo\/4db82067-da5b-4b7a-b2dd-723ec7e09353\",\"privatePhotoUrl\":\"tenant\/658d9f90f0909def6c18fa2c\/mediaLibrary\/photo\/4db82067-da5b-4b7a-b2dd-723ec7e09353-medium-standard-q100.png?v=1734098430\",\"photoExtension\":\"png?v=1734098430\",\"name\":\"PRENSA (4)\",\"photoVersion\":4,\"type\":\"image\"}},\"datePublished\":\"2025-12-14 13:30:00\"},{\"title\":\"TRANSPORTE GRATUITO PARA LA SEGUNDA VUELTA PRESIDENCIAL EN LA REGI\u00d3N DE MAGALLANES\",\"image\":{\"publicUrl\":\"https:\/\/s3-mspro.nyc3.digitaloceanspaces.com\/tenant\/658d9f90f0909def6c18fa2c\/mediaLibrary\/photo\/fcfe87be-3483-4d2c-93d1-e0a99dd5e0ce.jpg\",\"privatePhotoUrlWithoutExtension\":\"tenant\/658d9f90f0909def6c18fa2c\/mediaLibrary\/photo\/fcfe87be-3483-4d2c-93d1-e0a99dd5e0ce\",\"privatePhotoUrl\":\"tenant\/658d9f90f0909def6c18fa2c\/mediaLibrary\/photo\/fcfe87be-3483-4d2c-93d1-e0a99dd5e0ce-medium-standard-q100.jpg?v=1765483388\",\"photoExtension\":\"jpg?v=1765483388\",\"name\":\"crioverde-islariesco-TABSA\",\"credits\":\"TABSA\",\"photoVersion\":4,\"type\":\"image\"},\"slug\":\"https:\/\/www.radiopolar.com\/transporte-gratuito-vuelta-presidencial-region-magallanes\",\"primaryAuthor\":{\"id\":\"65ea08428325aff9da63f8f9\",\"name\":\"Prensa Radio Polar\",\"authorName\":\"Prensa Radio Polar\",\"slug\":\"\/author\/prensa-radio-polar\",\"socials\":{\"photo\":{\"publicUrl\":\"https:\/\/s3-mspro.nyc3.digitaloceanspaces.com\/tenant\/658d9f90f0909def6c18fa2c\/mediaLibrary\/photo\/4db82067-da5b-4b7a-b2dd-723ec7e09353.png\",\"privatePhotoUrlWithoutExtension\":\"tenant\/658d9f90f0909def6c18fa2c\/mediaLibrary\/photo\/4db82067-da5b-4b7a-b2dd-723ec7e09353\",\"privatePhotoUrl\":\"tenant\/658d9f90f0909def6c18fa2c\/mediaLibrary\/photo\/4db82067-da5b-4b7a-b2dd-723ec7e09353-medium-standard-q100.png?v=1734098430\",\"photoExtension\":\"png?v=1734098430\",\"type\":\"image\",\"name\":\"PRENSA (4)\",\"updatedAt\":\"2024-12-13T14:00:30.316Z\",\"photoVersion\":4}},\"image\":{\"publicUrl\":\"https:\/\/s3-mspro.nyc3.digitaloceanspaces.com\/tenant\/658d9f90f0909def6c18fa2c\/mediaLibrary\/photo\/4db82067-da5b-4b7a-b2dd-723ec7e09353.png\",\"privatePhotoUrlWithoutExtension\":\"tenant\/658d9f90f0909def6c18fa2c\/mediaLibrary\/photo\/4db82067-da5b-4b7a-b2dd-723ec7e09353\",\"privatePhotoUrl\":\"tenant\/658d9f90f0909def6c18fa2c\/mediaLibrary\/photo\/4db82067-da5b-4b7a-b2dd-723ec7e09353-medium-standard-q100.png?v=1734098430\",\"photoExtension\":\"png?v=1734098430\",\"name\":\"PRENSA (4)\",\"photoVersion\":4,\"type\":\"image\"},\"authorImage\":{\"publicUrl\":\"https:\/\/s3-mspro.nyc3.digitaloceanspaces.com\/tenant\/658d9f90f0909def6c18fa2c\/mediaLibrary\/photo\/4db82067-da5b-4b7a-b2dd-723ec7e09353.png\",\"privatePhotoUrlWithoutExtension\":\"tenant\/658d9f90f0909def6c18fa2c\/mediaLibrary\/photo\/4db82067-da5b-4b7a-b2dd-723ec7e09353\",\"privatePhotoUrl\":\"tenant\/658d9f90f0909def6c18fa2c\/mediaLibrary\/photo\/4db82067-da5b-4b7a-b2dd-723ec7e09353-medium-standard-q100.png?v=1734098430\",\"photoExtension\":\"png?v=1734098430\",\"name\":\"PRENSA (4)\",\"photoVersion\":4,\"type\":\"image\"}},\"datePublished\":\"2025-12-11 20:30:00\"},{\"title\":\"C\u00d3MO FUNCIONAR\u00c1 EL COMERCIO ESTE DOMINGO 16 DE NOVIEMBRE POR ELECCIONES 2025\",\"image\":{\"publicUrl\":\"https:\/\/s3-mspro.nyc3.digitaloceanspaces.com\/tenant\/658d9f90f0909def6c18fa2c\/mediaLibrary\/photo\/7462437f-be3d-4a2c-8628-7ae519dc4729.png\",\"privatePhotoUrlWithoutExtension\":\"tenant\/658d9f90f0909def6c18fa2c\/mediaLibrary\/photo\/7462437f-be3d-4a2c-8628-7ae519dc4729\",\"privatePhotoUrl\":\"tenant\/658d9f90f0909def6c18fa2c\/mediaLibrary\/photo\/7462437f-be3d-4a2c-8628-7ae519dc4729-medium-standard-q100.png?v=1763289727\",\"photoExtension\":\"png?v=1763289727\",\"name\":\"Consulta-como-funcionara-el-comercio-este-domingo-16-de-noviembre-durante-las-Elecciones-2025-700x350\",\"photoVersion\":4,\"type\":\"image\"},\"slug\":\"https:\/\/www.radiopolar.com\/funcionara-comercio-domingo-16-noviembre-elecciones-2025\",\"primaryAuthor\":{\"id\":\"65ea08428325aff9da63f8f9\",\"name\":\"Prensa Radio Polar\",\"authorName\":\"Prensa Radio Polar\",\"slug\":\"\/author\/prensa-radio-polar\",\"socials\":{\"photo\":{\"publicUrl\":\"https:\/\/s3-mspro.nyc3.digitaloceanspaces.com\/tenant\/658d9f90f0909def6c18fa2c\/mediaLibrary\/photo\/4db82067-da5b-4b7a-b2dd-723ec7e09353.png\",\"privatePhotoUrlWithoutExtension\":\"tenant\/658d9f90f0909def6c18fa2c\/mediaLibrary\/photo\/4db82067-da5b-4b7a-b2dd-723ec7e09353\",\"privatePhotoUrl\":\"tenant\/658d9f90f0909def6c18fa2c\/mediaLibrary\/photo\/4db82067-da5b-4b7a-b2dd-723ec7e09353-medium-standard-q100.png?v=1734098430\",\"photoExtension\":\"png?v=1734098430\",\"type\":\"image\",\"name\":\"PRENSA (4)\",\"updatedAt\":\"2024-12-13T14:00:30.316Z\",\"photoVersion\":4}},\"image\":{\"publicUrl\":\"https:\/\/s3-mspro.nyc3.digitaloceanspaces.com\/tenant\/658d9f90f0909def6c18fa2c\/mediaLibrary\/photo\/4db82067-da5b-4b7a-b2dd-723ec7e09353.png\",\"privatePhotoUrlWithoutExtension\":\"tenant\/658d9f90f0909def6c18fa2c\/mediaLibrary\/photo\/4db82067-da5b-4b7a-b2dd-723ec7e09353\",\"privatePhotoUrl\":\"tenant\/658d9f90f0909def6c18fa2c\/mediaLibrary\/photo\/4db82067-da5b-4b7a-b2dd-723ec7e09353-medium-standard-q100.png?v=1734098430\",\"photoExtension\":\"png?v=1734098430\",\"name\":\"PRENSA (4)\",\"photoVersion\":4,\"type\":\"image\"},\"authorImage\":{\"publicUrl\":\"https:\/\/s3-mspro.nyc3.digitaloceanspaces.com\/tenant\/658d9f90f0909def6c18fa2c\/mediaLibrary\/photo\/4db82067-da5b-4b7a-b2dd-723ec7e09353.png\",\"privatePhotoUrlWithoutExtension\":\"tenant\/658d9f90f0909def6c18fa2c\/mediaLibrary\/photo\/4db82067-da5b-4b7a-b2dd-723ec7e09353\",\"privatePhotoUrl\":\"tenant\/658d9f90f0909def6c18fa2c\/mediaLibrary\/photo\/4db82067-da5b-4b7a-b2dd-723ec7e09353-medium-standard-q100.png?v=1734098430\",\"photoExtension\":\"png?v=1734098430\",\"name\":\"PRENSA (4)\",\"photoVersion\":4,\"type\":\"image\"}},\"datePublished\":\"2025-11-16 08:00:00\"},{\"title\":\"\u00bfQU\u00c9 VOTAMOS ESTE 16 DE NOVIEMBRE DEL 2025? POLAR COMUNICACIONES LO DESGLOSA: PRESIDENCIALES, PARLAMENTARIAS Y DATOS CLAVE\",\"image\":{\"publicUrl\":\"https:\/\/s3-mspro.nyc3.digitaloceanspaces.com\/tenant\/658d9f90f0909def6c18fa2c\/mediaLibrary\/photo\/f23905f4-d00f-4e66-844e-16b0045d0815.jpg\",\"privatePhotoUrlWithoutExtension\":\"tenant\/658d9f90f0909def6c18fa2c\/mediaLibrary\/photo\/f23905f4-d00f-4e66-844e-16b0045d0815\",\"privatePhotoUrl\":\"tenant\/658d9f90f0909def6c18fa2c\/mediaLibrary\/photo\/f23905f4-d00f-4e66-844e-16b0045d0815-medium-standard-q100.jpg?v=1763242146\",\"photoExtension\":\"jpg?v=1763242146\",\"name\":\"servelvoto\",\"photoVersion\":4,\"type\":\"image\"},\"slug\":\"https:\/\/www.radiopolar.com\/que-votamos-16-noviembre-2025-polar-comunicaciones-desglosa-presidenciales-parlamentarias-datos-clave\",\"primaryAuthor\":{\"id\":\"65ea08428325aff9da63f8f9\",\"name\":\"Prensa Radio Polar\",\"authorName\":\"Prensa Radio Polar\",\"slug\":\"\/author\/prensa-radio-polar\",\"socials\":{\"photo\":{\"publicUrl\":\"https:\/\/s3-mspro.nyc3.digitaloceanspaces.com\/tenant\/658d9f90f0909def6c18fa2c\/mediaLibrary\/photo\/4db82067-da5b-4b7a-b2dd-723ec7e09353.png\",\"privatePhotoUrlWithoutExtension\":\"tenant\/658d9f90f0909def6c18fa2c\/mediaLibrary\/photo\/4db82067-da5b-4b7a-b2dd-723ec7e09353\",\"privatePhotoUrl\":\"tenant\/658d9f90f0909def6c18fa2c\/mediaLibrary\/photo\/4db82067-da5b-4b7a-b2dd-723ec7e09353-medium-standard-q100.png?v=1734098430\",\"photoExtension\":\"png?v=1734098430\",\"type\":\"image\",\"name\":\"PRENSA (4)\",\"updatedAt\":\"2024-12-13T14:00:30.316Z\",\"photoVersion\":4}},\"image\":{\"publicUrl\":\"https:\/\/s3-mspro.nyc3.digitaloceanspaces.com\/tenant\/658d9f90f0909def6c18fa2c\/mediaLibrary\/photo\/4db82067-da5b-4b7a-b2dd-723ec7e09353.png\",\"privatePhotoUrlWithoutExtension\":\"tenant\/658d9f90f0909def6c18fa2c\/mediaLibrary\/photo\/4db82067-da5b-4b7a-b2dd-723ec7e09353\",\"privatePhotoUrl\":\"tenant\/658d9f90f0909def6c18fa2c\/mediaLibrary\/photo\/4db82067-da5b-4b7a-b2dd-723ec7e09353-medium-standard-q100.png?v=1734098430\",\"photoExtension\":\"png?v=1734098430\",\"name\":\"PRENSA (4)\",\"photoVersion\":4,\"type\":\"image\"},\"authorImage\":{\"publicUrl\":\"https:\/\/s3-mspro.nyc3.digitaloceanspaces.com\/tenant\/658d9f90f0909def6c18fa2c\/mediaLibrary\/photo\/4db82067-da5b-4b7a-b2dd-723ec7e09353.png\",\"privatePhotoUrlWithoutExtension\":\"tenant\/658d9f90f0909def6c18fa2c\/mediaLibrary\/photo\/4db82067-da5b-4b7a-b2dd-723ec7e09353\",\"privatePhotoUrl\":\"tenant\/658d9f90f0909def6c18fa2c\/mediaLibrary\/photo\/4db82067-da5b-4b7a-b2dd-723ec7e09353-medium-standard-q100.png?v=1734098430\",\"photoExtension\":\"png?v=1734098430\",\"name\":\"PRENSA (4)\",\"photoVersion\":4,\"type\":\"image\"}},\"datePublished\":\"2025-11-15 18:45:00\"},{\"title\":\"\u00bfHABR\u00c1 LEY SECA? AS\u00cd FUNCIONAR\u00c1 EL COMERCIO EL D\u00cdA DE LAS ELECCIONES\",\"image\":{\"publicUrl\":\"https:\/\/s3-mspro.nyc3.digitaloceanspaces.com\/tenant\/658d9f90f0909def6c18fa2c\/mediaLibrary\/photo\/96b96773-349e-44fc-bec8-73c61c721e28.webp\",\"privatePhotoUrlWithoutExtension\":\"tenant\/658d9f90f0909def6c18fa2c\/mediaLibrary\/photo\/96b96773-349e-44fc-bec8-73c61c721e28\",\"privatePhotoUrl\":\"tenant\/658d9f90f0909def6c18fa2c\/mediaLibrary\/photo\/96b96773-349e-44fc-bec8-73c61c721e28-medium-standard-q100.webp?v=1762914547\",\"photoExtension\":\"webp?v=1762914547\",\"name\":\"leysecaelecciones\",\"photoVersion\":4,\"type\":\"image\"},\"slug\":\"https:\/\/www.radiopolar.com\/habra-ley-seca-funcionara-comercio-elecciones\",\"primaryAuthor\":{\"id\":\"65ea08428325aff9da63f8f9\",\"name\":\"Prensa Radio Polar\",\"authorName\":\"Prensa Radio Polar\",\"slug\":\"\/author\/prensa-radio-polar\",\"socials\":{\"photo\":{\"publicUrl\":\"https:\/\/s3-mspro.nyc3.digitaloceanspaces.com\/tenant\/658d9f90f0909def6c18fa2c\/mediaLibrary\/photo\/4db82067-da5b-4b7a-b2dd-723ec7e09353.png\",\"privatePhotoUrlWithoutExtension\":\"tenant\/658d9f90f0909def6c18fa2c\/mediaLibrary\/photo\/4db82067-da5b-4b7a-b2dd-723ec7e09353\",\"privatePhotoUrl\":\"tenant\/658d9f90f0909def6c18fa2c\/mediaLibrary\/photo\/4db82067-da5b-4b7a-b2dd-723ec7e09353-medium-standard-q100.png?v=1734098430\",\"photoExtension\":\"png?v=1734098430\",\"type\":\"image\",\"name\":\"PRENSA (4)\",\"updatedAt\":\"2024-12-13T14:00:30.316Z\",\"photoVersion\":4}},\"image\":{\"publicUrl\":\"https:\/\/s3-mspro.nyc3.digitaloceanspaces.com\/tenant\/658d9f90f0909def6c18fa2c\/mediaLibrary\/photo\/4db82067-da5b-4b7a-b2dd-723ec7e09353.png\",\"privatePhotoUrlWithoutExtension\":\"tenant\/658d9f90f0909def6c18fa2c\/mediaLibrary\/photo\/4db82067-da5b-4b7a-b2dd-723ec7e09353\",\"privatePhotoUrl\":\"tenant\/658d9f90f0909def6c18fa2c\/mediaLibrary\/photo\/4db82067-da5b-4b7a-b2dd-723ec7e09353-medium-standard-q100.png?v=1734098430\",\"photoExtension\":\"png?v=1734098430\",\"name\":\"PRENSA (4)\",\"photoVersion\":4,\"type\":\"image\"},\"authorImage\":{\"publicUrl\":\"https:\/\/s3-mspro.nyc3.digitaloceanspaces.com\/tenant\/658d9f90f0909def6c18fa2c\/mediaLibrary\/photo\/4db82067-da5b-4b7a-b2dd-723ec7e09353.png\",\"privatePhotoUrlWithoutExtension\":\"tenant\/658d9f90f0909def6c18fa2c\/mediaLibrary\/photo\/4db82067-da5b-4b7a-b2dd-723ec7e09353\",\"privatePhotoUrl\":\"tenant\/658d9f90f0909def6c18fa2c\/mediaLibrary\/photo\/4db82067-da5b-4b7a-b2dd-723ec7e09353-medium-standard-q100.png?v=1734098430\",\"photoExtension\":\"png?v=1734098430\",\"name\":\"PRENSA (4)\",\"photoVersion\":4,\"type\":\"image\"}},\"datePublished\":\"2025-11-12 03:00:00\"},{\"title\":\"HABILITAN ESPACIO CON MAYOR CAPACIDAD PARA RECIBIR EXCUSAS Y DOBLE CRUCE MAR\u00cdTIMO PARA PORVENIR DURANTE JORNADA ELECTORAL\",\"image\":{\"publicUrl\":\"https:\/\/s3-mspro.nyc3.digitaloceanspaces.com\/tenant\/658d9f90f0909def6c18fa2c\/mediaLibrary\/photo\/f8bda76a-5c30-4231-9973-0c078c0b2c9c.jpeg\",\"privatePhotoUrlWithoutExtension\":\"tenant\/658d9f90f0909def6c18fa2c\/mediaLibrary\/photo\/f8bda76a-5c30-4231-9973-0c078c0b2c9c\",\"privatePhotoUrl\":\"tenant\/658d9f90f0909def6c18fa2c\/mediaLibrary\/photo\/f8bda76a-5c30-4231-9973-0c078c0b2c9c-medium-standard-q100.jpeg?v=1762903863\",\"photoExtension\":\"jpeg?v=1762903863\",\"name\":\"PORVENIR (3)\",\"photoVersion\":4,\"type\":\"image\"},\"slug\":\"https:\/\/www.radiopolar.com\/habilitan-espacio-capacidad-recibir-excusas-doble-cruce-maritimo-porvenir-jornada-electoral\",\"primaryAuthor\":{\"id\":\"65ea08428325aff9da63f8f9\",\"name\":\"Prensa Radio Polar\",\"authorName\":\"Prensa Radio Polar\",\"slug\":\"\/author\/prensa-radio-polar\",\"socials\":{\"photo\":{\"publicUrl\":\"https:\/\/s3-mspro.nyc3.digitaloceanspaces.com\/tenant\/658d9f90f0909def6c18fa2c\/mediaLibrary\/photo\/4db82067-da5b-4b7a-b2dd-723ec7e09353.png\",\"privatePhotoUrlWithoutExtension\":\"tenant\/658d9f90f0909def6c18fa2c\/mediaLibrary\/photo\/4db82067-da5b-4b7a-b2dd-723ec7e09353\",\"privatePhotoUrl\":\"tenant\/658d9f90f0909def6c18fa2c\/mediaLibrary\/photo\/4db82067-da5b-4b7a-b2dd-723ec7e09353-medium-standard-q100.png?v=1734098430\",\"photoExtension\":\"png?v=1734098430\",\"type\":\"image\",\"name\":\"PRENSA (4)\",\"updatedAt\":\"2024-12-13T14:00:30.316Z\",\"photoVersion\":4}},\"image\":{\"publicUrl\":\"https:\/\/s3-mspro.nyc3.digitaloceanspaces.com\/tenant\/658d9f90f0909def6c18fa2c\/mediaLibrary\/photo\/4db82067-da5b-4b7a-b2dd-723ec7e09353.png\",\"privatePhotoUrlWithoutExtension\":\"tenant\/658d9f90f0909def6c18fa2c\/mediaLibrary\/photo\/4db82067-da5b-4b7a-b2dd-723ec7e09353\",\"privatePhotoUrl\":\"tenant\/658d9f90f0909def6c18fa2c\/mediaLibrary\/photo\/4db82067-da5b-4b7a-b2dd-723ec7e09353-medium-standard-q100.png?v=1734098430\",\"photoExtension\":\"png?v=1734098430\",\"name\":\"PRENSA (4)\",\"photoVersion\":4,\"type\":\"image\"},\"authorImage\":{\"publicUrl\":\"https:\/\/s3-mspro.nyc3.digitaloceanspaces.com\/tenant\/658d9f90f0909def6c18fa2c\/mediaLibrary\/photo\/4db82067-da5b-4b7a-b2dd-723ec7e09353.png\",\"privatePhotoUrlWithoutExtension\":\"tenant\/658d9f90f0909def6c18fa2c\/mediaLibrary\/photo\/4db82067-da5b-4b7a-b2dd-723ec7e09353\",\"privatePhotoUrl\":\"tenant\/658d9f90f0909def6c18fa2c\/mediaLibrary\/photo\/4db82067-da5b-4b7a-b2dd-723ec7e09353-medium-standard-q100.png?v=1734098430\",\"photoExtension\":\"png?v=1734098430\",\"name\":\"PRENSA (4)\",\"photoVersion\":4,\"type\":\"image\"}},\"datePublished\":\"2025-11-11 23:00:00\"},{\"title\":\"AUTORIDADES DE GOBIERNO DIFUNDEN MEDIDAS DE INCLUSI\u00d3N PARA LAS ELECCIONES PRESIDENCIALES Y PARLAMENTARIAS 2025\",\"image\":{\"publicUrl\":\"https:\/\/s3-mspro.nyc3.digitaloceanspaces.com\/tenant\/658d9f90f0909def6c18fa2c\/mediaLibrary\/photo\/1bf9296c-31ef-4b03-8591-0da20dc99b65.jpg\",\"privatePhotoUrlWithoutExtension\":\"tenant\/658d9f90f0909def6c18fa2c\/mediaLibrary\/photo\/1bf9296c-31ef-4b03-8591-0da20dc99b65\",\"privatePhotoUrl\":\"tenant\/658d9f90f0909def6c18fa2c\/mediaLibrary\/photo\/1bf9296c-31ef-4b03-8591-0da20dc99b65-medium-standard-q100.jpg?v=1762903538\",\"photoExtension\":\"jpg?v=1762903538\",\"name\":\"Anuncio voto asistido\",\"photoVersion\":4,\"type\":\"image\"},\"slug\":\"https:\/\/www.radiopolar.com\/autoridades-gobierno-difunden-medidas-inclusion-elecciones-presidenciales-parlamentarias-2025\",\"primaryAuthor\":{\"id\":\"65ea08428325aff9da63f8f9\",\"name\":\"Prensa Radio Polar\",\"authorName\":\"Prensa Radio Polar\",\"slug\":\"\/author\/prensa-radio-polar\",\"socials\":{\"photo\":{\"publicUrl\":\"https:\/\/s3-mspro.nyc3.digitaloceanspaces.com\/tenant\/658d9f90f0909def6c18fa2c\/mediaLibrary\/photo\/4db82067-da5b-4b7a-b2dd-723ec7e09353.png\",\"privatePhotoUrlWithoutExtension\":\"tenant\/658d9f90f0909def6c18fa2c\/mediaLibrary\/photo\/4db82067-da5b-4b7a-b2dd-723ec7e09353\",\"privatePhotoUrl\":\"tenant\/658d9f90f0909def6c18fa2c\/mediaLibrary\/photo\/4db82067-da5b-4b7a-b2dd-723ec7e09353-medium-standard-q100.png?v=1734098430\",\"photoExtension\":\"png?v=1734098430\",\"type\":\"image\",\"name\":\"PRENSA (4)\",\"updatedAt\":\"2024-12-13T14:00:30.316Z\",\"photoVersion\":4}},\"image\":{\"publicUrl\":\"https:\/\/s3-mspro.nyc3.digitaloceanspaces.com\/tenant\/658d9f90f0909def6c18fa2c\/mediaLibrary\/photo\/4db82067-da5b-4b7a-b2dd-723ec7e09353.png\",\"privatePhotoUrlWithoutExtension\":\"tenant\/658d9f90f0909def6c18fa2c\/mediaLibrary\/photo\/4db82067-da5b-4b7a-b2dd-723ec7e09353\",\"privatePhotoUrl\":\"tenant\/658d9f90f0909def6c18fa2c\/mediaLibrary\/photo\/4db82067-da5b-4b7a-b2dd-723ec7e09353-medium-standard-q100.png?v=1734098430\",\"photoExtension\":\"png?v=1734098430\",\"name\":\"PRENSA (4)\",\"photoVersion\":4,\"type\":\"image\"},\"authorImage\":{\"publicUrl\":\"https:\/\/s3-mspro.nyc3.digitaloceanspaces.com\/tenant\/658d9f90f0909def6c18fa2c\/mediaLibrary\/photo\/4db82067-da5b-4b7a-b2dd-723ec7e09353.png\",\"privatePhotoUrlWithoutExtension\":\"tenant\/658d9f90f0909def6c18fa2c\/mediaLibrary\/photo\/4db82067-da5b-4b7a-b2dd-723ec7e09353\",\"privatePhotoUrl\":\"tenant\/658d9f90f0909def6c18fa2c\/mediaLibrary\/photo\/4db82067-da5b-4b7a-b2dd-723ec7e09353-medium-standard-q100.png?v=1734098430\",\"photoExtension\":\"png?v=1734098430\",\"name\":\"PRENSA (4)\",\"photoVersion\":4,\"type\":\"image\"}},\"datePublished\":\"2025-11-11 22:00:00\"},{\"title\":\"C\u00c9DULA Y PASAPORTE SON LOS \u00daNICOS DOCUMENTOS V\u00c1LIDOS PARA PODER SUFRAGAR ESTE DOMINGO 16\",\"image\":{\"publicUrl\":\"https:\/\/s3-mspro.nyc3.digitaloceanspaces.com\/tenant\/658d9f90f0909def6c18fa2c\/mediaLibrary\/photo\/42eac55c-4a13-428c-85f1-a263244187d0.JPG\",\"privatePhotoUrlWithoutExtension\":\"tenant\/658d9f90f0909def6c18fa2c\/mediaLibrary\/photo\/42eac55c-4a13-428c-85f1-a263244187d0\",\"privatePhotoUrl\":\"tenant\/658d9f90f0909def6c18fa2c\/mediaLibrary\/photo\/42eac55c-4a13-428c-85f1-a263244187d0-medium-standard-q100.jpg?v=1762826970\",\"photoExtension\":\"jpg?v=1762826970\",\"name\":\"ENTREGA INFORMACI\u00d3N ELECCIONES 2025\",\"photoVersion\":4,\"type\":\"image\"},\"slug\":\"https:\/\/www.radiopolar.com\/cedula-pasaporte-unicos-documentos-validos-sufragar-domingo-16\",\"primaryAuthor\":{\"id\":\"65ea08428325aff9da63f8f9\",\"name\":\"Prensa Radio Polar\",\"authorName\":\"Prensa Radio Polar\",\"slug\":\"\/author\/prensa-radio-polar\",\"socials\":{\"photo\":{\"publicUrl\":\"https:\/\/s3-mspro.nyc3.digitaloceanspaces.com\/tenant\/658d9f90f0909def6c18fa2c\/mediaLibrary\/photo\/4db82067-da5b-4b7a-b2dd-723ec7e09353.png\",\"privatePhotoUrlWithoutExtension\":\"tenant\/658d9f90f0909def6c18fa2c\/mediaLibrary\/photo\/4db82067-da5b-4b7a-b2dd-723ec7e09353\",\"privatePhotoUrl\":\"tenant\/658d9f90f0909def6c18fa2c\/mediaLibrary\/photo\/4db82067-da5b-4b7a-b2dd-723ec7e09353-medium-standard-q100.png?v=1734098430\",\"photoExtension\":\"png?v=1734098430\",\"type\":\"image\",\"name\":\"PRENSA (4)\",\"updatedAt\":\"2024-12-13T14:00:30.316Z\",\"photoVersion\":4}},\"image\":{\"publicUrl\":\"https:\/\/s3-mspro.nyc3.digitaloceanspaces.com\/tenant\/658d9f90f0909def6c18fa2c\/mediaLibrary\/photo\/4db82067-da5b-4b7a-b2dd-723ec7e09353.png\",\"privatePhotoUrlWithoutExtension\":\"tenant\/658d9f90f0909def6c18fa2c\/mediaLibrary\/photo\/4db82067-da5b-4b7a-b2dd-723ec7e09353\",\"privatePhotoUrl\":\"tenant\/658d9f90f0909def6c18fa2c\/mediaLibrary\/photo\/4db82067-da5b-4b7a-b2dd-723ec7e09353-medium-standard-q100.png?v=1734098430\",\"photoExtension\":\"png?v=1734098430\",\"name\":\"PRENSA (4)\",\"photoVersion\":4,\"type\":\"image\"},\"authorImage\":{\"publicUrl\":\"https:\/\/s3-mspro.nyc3.digitaloceanspaces.com\/tenant\/658d9f90f0909def6c18fa2c\/mediaLibrary\/photo\/4db82067-da5b-4b7a-b2dd-723ec7e09353.png\",\"privatePhotoUrlWithoutExtension\":\"tenant\/658d9f90f0909def6c18fa2c\/mediaLibrary\/photo\/4db82067-da5b-4b7a-b2dd-723ec7e09353\",\"privatePhotoUrl\":\"tenant\/658d9f90f0909def6c18fa2c\/mediaLibrary\/photo\/4db82067-da5b-4b7a-b2dd-723ec7e09353-medium-standard-q100.png?v=1734098430\",\"photoExtension\":\"png?v=1734098430\",\"name\":\"PRENSA (4)\",\"photoVersion\":4,\"type\":\"image\"}},\"datePublished\":\"2025-11-11 08:00:00\"}]}}]}}},{\"id\":\"659d96a2459dea152bb36d7f\",\"name\":\"Contenedor Publicidad 1\",\"active\":true,\"renderAs\":\"server\",\"gridCols\":{\"lg\":100,\"md\":100,\"xs\":100,\"daily\":100},\"marginTop\":-252,\"marginBottom\":30,\"content\":{\"config\":{\"lg\":{\"compactType\":\"horizontal\"}},\"layouts\":{\"lg\":[{\"i\":\"ba43141e-0f74-41fc-8bbb-6b0e6aec8dc2\",\"x\":4,\"y\":5,\"w\":11,\"h\":11,\"id\":\"659d97dc459dea7b15b36d88\",\"name\":\"Componente Widget Banner 1x1 Banner Mobile\",\"gridCols\":100,\"type\":\"component\",\"data\":{\"displayConfig\":{\"filterBy\":\"widgets\",\"type\":\"ads\",\"adType\":\"banner\",\"widgetsOrderBy\":\"position\",\"sortBy\":\"asc\",\"keywords\":[{\"id\":\"65ef204b18fb25439cf78d40\",\"label\":\"Portada Separador Noticias Destacadas\"}],\"offset\":0,\"limit\":1},\"customConfig\":{\"lg\":{\"box-5c855846-d7ab-4946-985d-cfc1dd3cd47fConfig\":{\"changeWidget\":\"box\",\"backgroundColor\":\"#d1d5dbff\"},\"box-5c855846-d7ab-4946-985d-cfc1dd3cd47fLayerOne\":{\"enabled\":true},\"avatar-d115f0f5-9555-46bb-bcb2-054e47ef3e47Config\":{\"changeWidget\":\"avatar\",\"openType\":\"redirectUrl\"},\"avatar-d115f0f5-9555-46bb-bcb2-054e47ef3e47AttributeFill\":{\"fillOption\":\"widget\",\"attributeFill\":[{\"title\":\"image\",\"canDelete\":true}]}}},\"content\":{\"layouts\":{\"lg\":[{\"i\":\"5c855846-d7ab-4946-985d-cfc1dd3cd47f\",\"x\":0,\"y\":0,\"w\":100,\"h\":100,\"type\":\"widget\",\"framework\":\"mui\",\"data\":\"box\"},{\"i\":\"d115f0f5-9555-46bb-bcb2-054e47ef3e47\",\"x\":5,\"y\":4,\"w\":90,\"h\":90,\"type\":\"widget\",\"framework\":\"mui\",\"data\":\"avatar\"}]}},\"rows\":[{\"name\":\"Portada Separador Noticias Destacadas 1 \/ 250x250: CROSUR\",\"image\":{\"publicUrl\":\"https:\/\/s3-mspro.nyc3.digitaloceanspaces.com\/tenant\/658d9f90f0909def6c18fa2c\/mediaLibrary\/photo\/3b6fb482-0a87-4348-91e5-e9623a339ba0.gif\",\"privatePhotoUrlWithoutExtension\":\"tenant\/658d9f90f0909def6c18fa2c\/mediaLibrary\/photo\/3b6fb482-0a87-4348-91e5-e9623a339ba0\",\"privatePhotoUrl\":\"tenant\/658d9f90f0909def6c18fa2c\/mediaLibrary\/photo\/3b6fb482-0a87-4348-91e5-e9623a339ba0.gif\",\"photoExtension\":\"gif\",\"type\":\"image\",\"name\":\"crosur constructor\",\"updatedAt\":\"2026-03-09T18:59:48.886Z\",\"photoVersion\":4},\"redirectUrl\":\"http:\/\/www.crosur.cl\"}]}},{\"i\":\"68a2bde6-4c4b-4a25-a210-dafd78c28aaa\",\"x\":16,\"y\":5,\"w\":11,\"h\":11,\"id\":\"659d97dc459dea7b15b36d88\",\"name\":\"Componente Widget Banner 1x1 Banner Mobile\",\"gridCols\":100,\"type\":\"component\",\"data\":{\"displayConfig\":{\"filterBy\":\"widgets\",\"type\":\"ads\",\"adType\":\"banner\",\"offset\":1,\"limit\":1,\"widgetsOrderBy\":\"position\",\"sortBy\":\"asc\",\"keywords\":[{\"id\":\"65ef204b18fb25439cf78d40\",\"label\":\"Portada Separador Noticias Destacadas\"}]},\"customConfig\":{\"lg\":{\"box-5c855846-d7ab-4946-985d-cfc1dd3cd47fConfig\":{\"changeWidget\":\"box\",\"backgroundColor\":\"#d1d5dbff\"},\"box-5c855846-d7ab-4946-985d-cfc1dd3cd47fLayerOne\":{\"enabled\":true},\"avatar-d115f0f5-9555-46bb-bcb2-054e47ef3e47Config\":{\"changeWidget\":\"avatar\",\"openType\":\"redirectUrl\"},\"avatar-d115f0f5-9555-46bb-bcb2-054e47ef3e47AttributeFill\":{\"fillOption\":\"widget\",\"attributeFill\":[{\"title\":\"image\",\"canDelete\":true}]}}},\"content\":{\"layouts\":{\"lg\":[{\"i\":\"5c855846-d7ab-4946-985d-cfc1dd3cd47f\",\"x\":0,\"y\":0,\"w\":100,\"h\":100,\"type\":\"widget\",\"framework\":\"mui\",\"data\":\"box\"},{\"i\":\"d115f0f5-9555-46bb-bcb2-054e47ef3e47\",\"x\":5,\"y\":4,\"w\":90,\"h\":90,\"type\":\"widget\",\"framework\":\"mui\",\"data\":\"avatar\"}]}},\"rows\":[{\"name\":\"Portada Separador Noticias Destacadas 2 \/ 250x250: Covepa\",\"image\":{\"publicUrl\":\"https:\/\/s3-mspro.nyc3.digitaloceanspaces.com\/tenant\/658d9f90f0909def6c18fa2c\/mediaLibrary\/photo\/8e7b0c96-cca5-4fbd-9779-504c3767f761.jpg\",\"privatePhotoUrlWithoutExtension\":\"tenant\/658d9f90f0909def6c18fa2c\/mediaLibrary\/photo\/8e7b0c96-cca5-4fbd-9779-504c3767f761\",\"privatePhotoUrl\":\"tenant\/658d9f90f0909def6c18fa2c\/mediaLibrary\/photo\/8e7b0c96-cca5-4fbd-9779-504c3767f761-medium-standard-q100.jpg?v=1772453080\",\"photoExtension\":\"jpg?v=1772453080\",\"type\":\"image\",\"name\":\"COVEPA 336X336PX\",\"updatedAt\":\"2026-03-02T12:04:40.118Z\",\"photoVersion\":4},\"redirectUrl\":\"https:\/\/www.covepa.cl\"}]}},{\"i\":\"0005ed04-2b19-472a-b2ed-da128feca564\",\"x\":28,\"y\":5,\"w\":11,\"h\":11,\"id\":\"659d97dc459dea7b15b36d88\",\"name\":\"Componente Widget Banner 1x1 Banner Mobile\",\"gridCols\":100,\"type\":\"component\",\"data\":{\"displayConfig\":{\"filterBy\":\"widgets\",\"type\":\"ads\",\"adType\":\"banner\",\"widgetsOrderBy\":\"position\",\"sortBy\":\"asc\",\"keywords\":[{\"id\":\"65ef204b18fb25439cf78d40\",\"label\":\"Portada Separador Noticias Destacadas\"}],\"offset\":2,\"limit\":1},\"customConfig\":{\"lg\":{\"box-5c855846-d7ab-4946-985d-cfc1dd3cd47fConfig\":{\"changeWidget\":\"box\",\"backgroundColor\":\"#d1d5dbff\"},\"box-5c855846-d7ab-4946-985d-cfc1dd3cd47fLayerOne\":{\"enabled\":true},\"avatar-d115f0f5-9555-46bb-bcb2-054e47ef3e47Config\":{\"changeWidget\":\"avatar\",\"openType\":\"redirectUrl\"},\"avatar-d115f0f5-9555-46bb-bcb2-054e47ef3e47AttributeFill\":{\"fillOption\":\"widget\",\"attributeFill\":[{\"title\":\"image\",\"canDelete\":true}]}}},\"content\":{\"layouts\":{\"lg\":[{\"i\":\"5c855846-d7ab-4946-985d-cfc1dd3cd47f\",\"x\":0,\"y\":0,\"w\":100,\"h\":100,\"type\":\"widget\",\"framework\":\"mui\",\"data\":\"box\"},{\"i\":\"d115f0f5-9555-46bb-bcb2-054e47ef3e47\",\"x\":5,\"y\":4,\"w\":90,\"h\":90,\"type\":\"widget\",\"framework\":\"mui\",\"data\":\"avatar\"}]}},\"rows\":[{\"name\":\"Portada Separador Noticias Destacadas 3 \/ 250x250: MED LAB\",\"image\":{\"publicUrl\":\"https:\/\/s3-mspro.nyc3.digitaloceanspaces.com\/tenant\/658d9f90f0909def6c18fa2c\/mediaLibrary\/photo\/cda0585e-dd92-4f8a-a5cd-c93fbcafb171.png\",\"privatePhotoUrlWithoutExtension\":\"tenant\/658d9f90f0909def6c18fa2c\/mediaLibrary\/photo\/cda0585e-dd92-4f8a-a5cd-c93fbcafb171\",\"privatePhotoUrl\":\"tenant\/658d9f90f0909def6c18fa2c\/mediaLibrary\/photo\/cda0585e-dd92-4f8a-a5cd-c93fbcafb171-medium-standard-q100.png?v=1772626139\",\"photoExtension\":\"png?v=1772626139\",\"type\":\"image\",\"name\":\"MED LAB\",\"updatedAt\":\"2026-03-04T12:08:59.112Z\",\"photoVersion\":4},\"redirectUrl\":\"https:\/\/www.instagram.com\/cardiologia_medlab\/\"}]}},{\"i\":\"30977df6-abe4-4a61-b2fb-041b2a9ccef0\",\"x\":41,\"y\":5,\"w\":11,\"h\":11,\"id\":\"659d97dc459dea7b15b36d88\",\"name\":\"Componente Widget Banner 1x1 Banner Mobile\",\"gridCols\":100,\"type\":\"component\",\"data\":{\"displayConfig\":{\"filterBy\":\"widgets\",\"type\":\"ads\",\"adType\":\"banner\",\"offset\":3,\"limit\":1,\"widgetsOrderBy\":\"position\",\"sortBy\":\"asc\",\"keywords\":[{\"id\":\"65ef204b18fb25439cf78d40\",\"label\":\"Portada Separador Noticias Destacadas\"}]},\"customConfig\":{\"lg\":{\"box-5c855846-d7ab-4946-985d-cfc1dd3cd47fConfig\":{\"changeWidget\":\"box\",\"backgroundColor\":\"#d1d5dbff\"},\"box-5c855846-d7ab-4946-985d-cfc1dd3cd47fLayerOne\":{\"enabled\":true},\"avatar-d115f0f5-9555-46bb-bcb2-054e47ef3e47Config\":{\"changeWidget\":\"avatar\",\"openType\":\"redirectUrl\"},\"avatar-d115f0f5-9555-46bb-bcb2-054e47ef3e47AttributeFill\":{\"fillOption\":\"widget\",\"attributeFill\":[{\"title\":\"image\",\"canDelete\":true}]}}},\"content\":{\"layouts\":{\"lg\":[{\"i\":\"5c855846-d7ab-4946-985d-cfc1dd3cd47f\",\"x\":0,\"y\":0,\"w\":100,\"h\":100,\"type\":\"widget\",\"framework\":\"mui\",\"data\":\"box\"},{\"i\":\"d115f0f5-9555-46bb-bcb2-054e47ef3e47\",\"x\":5,\"y\":4,\"w\":90,\"h\":90,\"type\":\"widget\",\"framework\":\"mui\",\"data\":\"avatar\"}]}},\"rows\":[{\"name\":\"Portada Separador Noticias Destacadas 4 \/ 250x250: PESCACHILE\",\"image\":{\"publicUrl\":\"https:\/\/s3-mspro.nyc3.digitaloceanspaces.com\/tenant\/658d9f90f0909def6c18fa2c\/mediaLibrary\/photo\/806a6370-81a8-467c-a22a-db915d9f5719.png\",\"privatePhotoUrlWithoutExtension\":\"tenant\/658d9f90f0909def6c18fa2c\/mediaLibrary\/photo\/806a6370-81a8-467c-a22a-db915d9f5719\",\"privatePhotoUrl\":\"tenant\/658d9f90f0909def6c18fa2c\/mediaLibrary\/photo\/806a6370-81a8-467c-a22a-db915d9f5719-medium-standard-q100.png?v=1709910476\",\"photoExtension\":\"png?v=1709910476\",\"type\":\"image\",\"name\":\"BANNER-PESCACHILE336X336\",\"updatedAt\":\"2024-03-08T15:07:56.886Z\",\"photoVersion\":4},\"redirectUrl\":\"https:\/\/www.pescachile.cl\/\"}]}},{\"i\":\"923d38c8-48bb-4396-8d40-46c8a8ddd80e\",\"x\":53,\"y\":5,\"w\":11,\"h\":11,\"id\":\"659d97dc459dea7b15b36d88\",\"name\":\"Componente Widget Banner 1x1 Banner Mobile\",\"gridCols\":100,\"type\":\"component\",\"data\":{\"displayConfig\":{\"filterBy\":\"widgets\",\"type\":\"ads\",\"adType\":\"banner\",\"widgetsOrderBy\":\"position\",\"sortBy\":\"asc\",\"keywords\":[{\"id\":\"65ef204b18fb25439cf78d40\",\"label\":\"Portada Separador Noticias Destacadas\"}],\"offset\":4,\"limit\":1},\"customConfig\":{\"lg\":{\"box-5c855846-d7ab-4946-985d-cfc1dd3cd47fConfig\":{\"changeWidget\":\"box\",\"backgroundColor\":\"#d1d5dbff\"},\"box-5c855846-d7ab-4946-985d-cfc1dd3cd47fLayerOne\":{\"enabled\":true},\"avatar-d115f0f5-9555-46bb-bcb2-054e47ef3e47Config\":{\"changeWidget\":\"avatar\",\"openType\":\"redirectUrl\"},\"avatar-d115f0f5-9555-46bb-bcb2-054e47ef3e47AttributeFill\":{\"fillOption\":\"widget\",\"attributeFill\":[{\"title\":\"image\",\"canDelete\":true}]}}},\"content\":{\"layouts\":{\"lg\":[{\"i\":\"5c855846-d7ab-4946-985d-cfc1dd3cd47f\",\"x\":0,\"y\":0,\"w\":100,\"h\":100,\"type\":\"widget\",\"framework\":\"mui\",\"data\":\"box\"},{\"i\":\"d115f0f5-9555-46bb-bcb2-054e47ef3e47\",\"x\":5,\"y\":4,\"w\":90,\"h\":90,\"type\":\"widget\",\"framework\":\"mui\",\"data\":\"avatar\"}]}},\"rows\":[{\"name\":\"Portada Separador Noticias Destacadas 5 \/ 250x250: britanico\",\"image\":{\"publicUrl\":\"https:\/\/s3-mspro.nyc3.digitaloceanspaces.com\/tenant\/658d9f90f0909def6c18fa2c\/mediaLibrary\/photo\/42cf4201-cd5f-412e-9ba3-e3b541c0fa94.gif\",\"privatePhotoUrlWithoutExtension\":\"tenant\/658d9f90f0909def6c18fa2c\/mediaLibrary\/photo\/42cf4201-cd5f-412e-9ba3-e3b541c0fa94\",\"privatePhotoUrl\":\"tenant\/658d9f90f0909def6c18fa2c\/mediaLibrary\/photo\/42cf4201-cd5f-412e-9ba3-e3b541c0fa94.gif\",\"photoExtension\":\"gif\",\"type\":\"image\",\"name\":\"BRITANICO GIF (1)\",\"updatedAt\":\"2026-03-23T13:37:36.915Z\",\"photoVersion\":4},\"redirectUrl\":\"https:\/\/britishinstitute.cl\/\"}]}},{\"i\":\"34cd481f-58a0-4ef1-adc7-800ea1460e49\",\"x\":77,\"y\":4,\"w\":19,\"h\":19,\"id\":\"6598322b593b0ab5a9c16227\",\"name\":\"Componente Widget Banner 1x1\",\"gridCols\":100,\"type\":\"component\",\"data\":{\"displayConfig\":{\"filterBy\":\"widgets\",\"type\":\"ads\",\"adType\":\"banner\",\"keywords\":[{\"id\":\"65ef180f18fb253977f78cc2\",\"label\":\"Portada Laterales\"}],\"offset\":2,\"limit\":1,\"widgetsOrderBy\":\"position\",\"sortBy\":\"asc\"},\"customConfig\":{\"lg\":{\"box-5c855846-d7ab-4946-985d-cfc1dd3cd47fConfig\":{\"changeWidget\":\"box\",\"backgroundColor\":\"#d1d5dbff\"},\"box-5c855846-d7ab-4946-985d-cfc1dd3cd47fLayerOne\":{\"enabled\":true},\"avatar-d115f0f5-9555-46bb-bcb2-054e47ef3e47Config\":{\"changeWidget\":\"avatar\",\"openType\":\"redirectUrl\"},\"avatar-d115f0f5-9555-46bb-bcb2-054e47ef3e47AttributeFill\":{\"fillOption\":\"widget\",\"attributeFill\":[{\"title\":\"image\",\"canDelete\":true}]}}},\"content\":{\"layouts\":{\"lg\":[{\"i\":\"5c855846-d7ab-4946-985d-cfc1dd3cd47f\",\"x\":0,\"y\":0,\"w\":100,\"h\":100,\"type\":\"widget\",\"framework\":\"mui\",\"data\":\"box\"},{\"i\":\"d115f0f5-9555-46bb-bcb2-054e47ef3e47\",\"x\":3,\"y\":3,\"w\":94,\"h\":94,\"type\":\"widget\",\"framework\":\"mui\",\"data\":\"avatar\"}]}},\"rows\":[{\"name\":\"Portada Laterales 3 \/336x336: AQUA CHILE\",\"image\":{\"publicUrl\":\"https:\/\/s3-mspro.nyc3.digitaloceanspaces.com\/tenant\/658d9f90f0909def6c18fa2c\/mediaLibrary\/photo\/2b19c591-fcb5-4f8e-b120-c23914623398.png\",\"privatePhotoUrlWithoutExtension\":\"tenant\/658d9f90f0909def6c18fa2c\/mediaLibrary\/photo\/2b19c591-fcb5-4f8e-b120-c23914623398\",\"privatePhotoUrl\":\"tenant\/658d9f90f0909def6c18fa2c\/mediaLibrary\/photo\/2b19c591-fcb5-4f8e-b120-c23914623398-medium-standard-q100.png?v=1717595993\",\"photoExtension\":\"png?v=1717595993\",\"type\":\"image\",\"name\":\"AQUA CHILE 336x336 (1)\",\"updatedAt\":\"2024-06-05T13:59:53.376Z\",\"photoVersion\":4},\"redirectUrl\":\"https:\/\/www.aquachile.com\/\"}]}},{\"i\":\"acd400fc-0657-4f29-b50c-c2b7fb0287e7\",\"x\":65,\"y\":5,\"w\":11,\"h\":11,\"id\":\"659d97dc459dea7b15b36d88\",\"name\":\"Componente Widget Banner 1x1 Banner Mobile\",\"gridCols\":100,\"type\":\"component\",\"data\":{\"displayConfig\":{\"filterBy\":\"widgets\",\"type\":\"ads\",\"adType\":\"banner\",\"widgetsOrderBy\":\"position\",\"sortBy\":\"asc\",\"keywords\":[{\"id\":\"65ef204b18fb25439cf78d40\",\"label\":\"Portada Separador Noticias Destacadas\"}],\"offset\":5,\"limit\":1},\"customConfig\":{\"lg\":{\"box-5c855846-d7ab-4946-985d-cfc1dd3cd47fConfig\":{\"changeWidget\":\"box\",\"backgroundColor\":\"#d1d5dbff\"},\"box-5c855846-d7ab-4946-985d-cfc1dd3cd47fLayerOne\":{\"enabled\":true},\"avatar-d115f0f5-9555-46bb-bcb2-054e47ef3e47Config\":{\"changeWidget\":\"avatar\",\"openType\":\"redirectUrl\"},\"avatar-d115f0f5-9555-46bb-bcb2-054e47ef3e47AttributeFill\":{\"fillOption\":\"widget\",\"attributeFill\":[{\"title\":\"image\",\"canDelete\":true}]}}},\"content\":{\"layouts\":{\"lg\":[{\"i\":\"5c855846-d7ab-4946-985d-cfc1dd3cd47f\",\"x\":0,\"y\":0,\"w\":100,\"h\":100,\"type\":\"widget\",\"framework\":\"mui\",\"data\":\"box\"},{\"i\":\"d115f0f5-9555-46bb-bcb2-054e47ef3e47\",\"x\":5,\"y\":4,\"w\":90,\"h\":90,\"type\":\"widget\",\"framework\":\"mui\",\"data\":\"avatar\"}]}},\"rows\":[{\"name\":\"Portada Separador Noticias Destacadas 6 \/ 250x250: TABSA\",\"image\":{\"publicUrl\":\"https:\/\/s3-mspro.nyc3.digitaloceanspaces.com\/tenant\/658d9f90f0909def6c18fa2c\/mediaLibrary\/photo\/14a6bb7c-afff-43ea-92a1-0148ccda6f3f.gif\",\"privatePhotoUrlWithoutExtension\":\"tenant\/658d9f90f0909def6c18fa2c\/mediaLibrary\/photo\/14a6bb7c-afff-43ea-92a1-0148ccda6f3f\",\"privatePhotoUrl\":\"tenant\/658d9f90f0909def6c18fa2c\/mediaLibrary\/photo\/14a6bb7c-afff-43ea-92a1-0148ccda6f3f.gif\",\"photoExtension\":\"gif\",\"type\":\"image\",\"name\":\"Tabsa 250_Tabsa24\",\"updatedAt\":\"2025-05-08T14:45:37.562Z\",\"photoVersion\":4},\"redirectUrl\":\"www.tabsa.cl\"}]}},{\"i\":\"db6eb329-f1bd-475e-b16b-15c61d4d6cf5\",\"x\":4,\"y\":3,\"w\":72,\"h\":1,\"id\":\"673c88a4ce7709d797ef7851\",\"name\":\"L\u00ednea divisoria Desktop\",\"gridCols\":24,\"type\":\"component\",\"data\":{\"customConfig\":{\"lg\":{\"divider-d606cf92-e3f7-4c5d-bbdf-7d0311951bcdConfig\":{\"changeWidget\":\"divider\",\"width\":100,\"height\":0.1,\"backgroundColor\":\"#cfcfcfff\"},\"divider-d606cf92-e3f7-4c5d-bbdf-7d0311951bcdLayerOne\":{\"enabled\":true}}},\"content\":{\"layouts\":{\"lg\":[{\"i\":\"d606cf92-e3f7-4c5d-bbdf-7d0311951bcd\",\"x\":0,\"y\":0,\"w\":24,\"h\":1,\"type\":\"widget\",\"framework\":\"mui\",\"data\":\"divider\"}]}}}},{\"i\":\"e59dbd60-9de6-4e57-9e4a-11a7cd33f396\",\"x\":4,\"y\":18,\"w\":72,\"h\":1,\"id\":\"673c88a4ce7709d797ef7851\",\"name\":\"L\u00ednea divisoria Desktop\",\"gridCols\":24,\"type\":\"component\",\"data\":{\"customConfig\":{\"lg\":{\"divider-d606cf92-e3f7-4c5d-bbdf-7d0311951bcdConfig\":{\"changeWidget\":\"divider\",\"width\":100,\"height\":0.1,\"backgroundColor\":\"#cfcfcfff\"},\"divider-d606cf92-e3f7-4c5d-bbdf-7d0311951bcdLayerOne\":{\"enabled\":true}}},\"content\":{\"layouts\":{\"lg\":[{\"i\":\"d606cf92-e3f7-4c5d-bbdf-7d0311951bcd\",\"x\":0,\"y\":0,\"w\":24,\"h\":1,\"type\":\"widget\",\"framework\":\"mui\",\"data\":\"divider\"}]}}}}]}}},{\"id\":\"6596f8cc364f145d9ca5dd95\",\"name\":\"Contenedor noticias 1\",\"active\":true,\"renderAs\":\"server\",\"gridCols\":{\"lg\":100,\"md\":100,\"xs\":100,\"daily\":100},\"marginTop\":-50,\"marginBottom\":0,\"content\":{\"config\":{\"lg\":{\"compactType\":\"horizontal\"}},\"layouts\":{\"lg\":[{\"i\":\"4372d045-c447-4906-8553-22ba4f16b3e3\",\"x\":3,\"y\":1,\"w\":73,\"h\":96,\"id\":\"66db6d141b69d720dd1c4fc5\",\"name\":\"Tarjeta nueva home radiopolar\",\"gridCols\":100,\"type\":\"component\",\"data\":{\"displayConfig\":{\"formatType\":\"grid\",\"columns\":4,\"columnsDesktop\":6,\"columnsMobile\":6,\"columnsTablet\":6,\"columnsLargeDesktop\":6,\"columnsExtraLargeDesktop\":6,\"limit\":16,\"horizontalGutter\":2,\"verticalGutter\":2,\"enabledLayer\":true,\"filterBy\":\"posts\",\"postsOrderBy\":\"datePublished\",\"sortBy\":\"desc\",\"filterCategories\":[{\"id\":\"658da61b787b5fb6c8a09818\",\"label\":\"Noticias\"}]},\"customConfig\":{\"lg\":{\"avatar-d5bbbbb3-bb13-4bc2-9257-05523b32ed9dConfig\":{\"changeWidget\":\"avatar\",\"openType\":\"slug\",\"avatarObjectFit\":\"cover\"},\"typography-cd8b6410-273b-496e-b261-6b0adee8f86cConfig\":{\"changeWidget\":\"typography\",\"fontSize\":5,\"lineHeight\":\"1.8\",\"color\":\"#4a5563ff\",\"typographyMaxLength\":100000000000000,\"openType\":\"slug\"},\"typography-cd8b6410-273b-496e-b261-6b0adee8f86cLayerOne\":{\"enabled\":true},\"typography-cd8b6410-273b-496e-b261-6b0adee8f86cAttributeFill\":{\"fillOption\":\"post\",\"attributeFill\":[{\"title\":\"title\",\"canDelete\":true}]},\"avatar-d5bbbbb3-bb13-4bc2-9257-05523b32ed9dAttributeFill\":{\"fillOption\":\"post\",\"attributeFill\":[{\"title\":\"image\",\"canDelete\":true}]},\"button-53710425-5d01-4086-bda8-87e860046417Config\":{\"changeWidget\":\"button\",\"fontSize\":5,\"color\":\"#ffffffff\",\"customIcon\":\"io5\/IoCalendar\",\"buttonPositionIcon\":\"left\",\"typographyMaxLength\":100,\"backgroundColor\":\"#b91c1bff\",\"buttonSize\":\"small\"},\"button-53710425-5d01-4086-bda8-87e860046417LayerOne\":{\"enabled\":true},\"button-53710425-5d01-4086-bda8-87e860046417AttributeFill\":{\"fillOption\":\"post\",\"attributeFill\":[{\"title\":\"datePublished\",\"formatDate\":\"DD\/MM\/YYYY HH:mm\",\"canDelete\":true}]}}},\"content\":{\"layouts\":{\"lg\":[{\"i\":\"d5bbbbb3-bb13-4bc2-9257-05523b32ed9d\",\"x\":0,\"y\":0,\"w\":100,\"h\":56,\"type\":\"widget\",\"framework\":\"mui\",\"data\":\"avatar\"},{\"i\":\"cd8b6410-273b-496e-b261-6b0adee8f86c\",\"x\":0,\"y\":71,\"w\":100,\"h\":10,\"type\":\"widget\",\"framework\":\"mui\",\"data\":\"typography\"},{\"i\":\"53710425-5d01-4086-bda8-87e860046417\",\"x\":0,\"y\":59,\"w\":68,\"h\":10,\"type\":\"widget\",\"framework\":\"mui\",\"data\":\"button\"}]}},\"rows\":[{\"title\":\"SENCE ABRE POSTULACIONES A CURSOS GRATUITOS EN PUERTO NATALES CON CUPOS LIMITADOS\",\"image\":{\"publicUrl\":\"https:\/\/s3-mspro.nyc3.digitaloceanspaces.com\/tenant\/658d9f90f0909def6c18fa2c\/mediaLibrary\/photo\/5dbf8034-7f93-444b-b528-2774375e420e.png\",\"privatePhotoUrlWithoutExtension\":\"tenant\/658d9f90f0909def6c18fa2c\/mediaLibrary\/photo\/5dbf8034-7f93-444b-b528-2774375e420e\",\"privatePhotoUrl\":\"tenant\/658d9f90f0909def6c18fa2c\/mediaLibrary\/photo\/5dbf8034-7f93-444b-b528-2774375e420e-medium-standard-q100.png?v=1774706533\",\"photoExtension\":\"png?v=1774706533\",\"name\":\"sence\",\"photoVersion\":4,\"type\":\"image\"},\"slug\":\"https:\/\/www.radiopolar.com\/sence-abre-postulaciones-cursos-gratuitos-puerto-natales-cupos-limitados\",\"primaryAuthor\":{\"id\":\"6989e3a9f45043c1b91f7bba\",\"name\":\"Equipo Polar Comunicaciones\",\"authorName\":\"Equipo Polar Comunicaciones\",\"slug\":\"\/author\/equipo-polar-comunicaciones\"},\"datePublished\":\"2026-03-28 15:00:00\"},{\"title\":\"PUNTA ARENAS INAUGURA ESCUELAS DEPORTIVAS MUNICIPALES 2026 CON 250 CUPOS GRATUITOS\",\"image\":{\"publicUrl\":\"https:\/\/s3-mspro.nyc3.digitaloceanspaces.com\/tenant\/658d9f90f0909def6c18fa2c\/mediaLibrary\/photo\/f15e34e4-1dee-4aa4-a899-ed405da4d929.jpeg\",\"privatePhotoUrlWithoutExtension\":\"tenant\/658d9f90f0909def6c18fa2c\/mediaLibrary\/photo\/f15e34e4-1dee-4aa4-a899-ed405da4d929\",\"privatePhotoUrl\":\"tenant\/658d9f90f0909def6c18fa2c\/mediaLibrary\/photo\/f15e34e4-1dee-4aa4-a899-ed405da4d929-medium-standard-q100.jpeg?v=1774703351\",\"photoExtension\":\"jpeg?v=1774703351\",\"name\":\"escuelas deportivas\",\"photoVersion\":4,\"type\":\"image\"},\"slug\":\"https:\/\/www.radiopolar.com\/punta-arenas-inaugura-escuelas-deportivas-municipales-2026-250-cupos-gratuitos\",\"primaryAuthor\":{\"id\":\"6989e3a9f45043c1b91f7bba\",\"name\":\"Equipo Polar Comunicaciones\",\"authorName\":\"Equipo Polar Comunicaciones\",\"slug\":\"\/author\/equipo-polar-comunicaciones\"},\"datePublished\":\"2026-03-28 14:00:00\"},{\"title\":\"PDI CONFIRMA IDENTIDAD DE MUJER FALLECIDA EN PORVENIR: MUERTE SE ASOCIA A ASFIXIA POR SUMERSI\u00d3N\",\"image\":{\"publicUrl\":\"https:\/\/s3-mspro.nyc3.digitaloceanspaces.com\/tenant\/658d9f90f0909def6c18fa2c\/mediaLibrary\/photo\/247f868c-7503-47d1-97d0-0da5a198b48b.jpeg\",\"privatePhotoUrlWithoutExtension\":\"tenant\/658d9f90f0909def6c18fa2c\/mediaLibrary\/photo\/247f868c-7503-47d1-97d0-0da5a198b48b\",\"privatePhotoUrl\":\"tenant\/658d9f90f0909def6c18fa2c\/mediaLibrary\/photo\/247f868c-7503-47d1-97d0-0da5a198b48b-medium-standard-q100.jpeg?v=1774716553\",\"photoExtension\":\"jpeg?v=1774716553\",\"name\":\"PDI Mujer fallecida Porvenir\",\"photoVersion\":4,\"type\":\"image\"},\"slug\":\"https:\/\/www.radiopolar.com\/pdi-confirma-identidad-mujer-fallecida-porvenir-muerte-asocia-asfixia-sumersion\",\"primaryAuthor\":{\"id\":\"6989e3a9f45043c1b91f7bba\",\"name\":\"Equipo Polar Comunicaciones\",\"authorName\":\"Equipo Polar Comunicaciones\",\"slug\":\"\/author\/equipo-polar-comunicaciones\"},\"datePublished\":\"2026-03-28 13:55:00\"},{\"title\":\"LIQUENLAB ABRE CONVOCATORIA 2026 PARA RESIDENCIA NAVEGABLE RADICANTE EN MAGALLANES\",\"image\":{\"publicUrl\":\"https:\/\/s3-mspro.nyc3.digitaloceanspaces.com\/tenant\/658d9f90f0909def6c18fa2c\/mediaLibrary\/photo\/2a4b2074-c23e-4777-a433-072e80eb9c3c.png\",\"privatePhotoUrlWithoutExtension\":\"tenant\/658d9f90f0909def6c18fa2c\/mediaLibrary\/photo\/2a4b2074-c23e-4777-a433-072e80eb9c3c\",\"privatePhotoUrl\":\"tenant\/658d9f90f0909def6c18fa2c\/mediaLibrary\/photo\/2a4b2074-c23e-4777-a433-072e80eb9c3c-medium-standard-q100.png?v=1774702748\",\"photoExtension\":\"png?v=1774702748\",\"name\":\"liquenlab\",\"photoVersion\":4,\"type\":\"image\"},\"slug\":\"https:\/\/www.radiopolar.com\/liquenlab-abre-convocatoria-2026-residencia-navegable-radicante-magallanes\",\"primaryAuthor\":{\"id\":\"6989e3a9f45043c1b91f7bba\",\"name\":\"Equipo Polar Comunicaciones\",\"authorName\":\"Equipo Polar Comunicaciones\",\"slug\":\"\/author\/equipo-polar-comunicaciones\"},\"datePublished\":\"2026-03-28 13:00:00\"},{\"title\":\"COLUMNA DE OPINI\u00d3N | \"LA LECCI\u00d3N M\u00c1S DURA\"\",\"image\":{\"publicUrl\":\"https:\/\/s3-mspro.nyc3.digitaloceanspaces.com\/tenant\/658d9f90f0909def6c18fa2c\/mediaLibrary\/photo\/8f422ef6-d41d-489c-bb95-5afebb84d90e.jpg\",\"privatePhotoUrlWithoutExtension\":\"tenant\/658d9f90f0909def6c18fa2c\/mediaLibrary\/photo\/8f422ef6-d41d-489c-bb95-5afebb84d90e\",\"privatePhotoUrl\":\"tenant\/658d9f90f0909def6c18fa2c\/mediaLibrary\/photo\/8f422ef6-d41d-489c-bb95-5afebb84d90e-medium-standard-q100.jpg?v=1774702167\",\"photoExtension\":\"jpg?v=1774702167\",\"name\":\"Rafael Gumucio\",\"photoVersion\":4,\"type\":\"image\"},\"slug\":\"https:\/\/www.radiopolar.com\/columna-opinion-leccion-dura\",\"primaryAuthor\":{\"id\":\"6989e3a9f45043c1b91f7bba\",\"name\":\"Equipo Polar Comunicaciones\",\"authorName\":\"Equipo Polar Comunicaciones\",\"slug\":\"\/author\/equipo-polar-comunicaciones\"},\"datePublished\":\"2026-03-28 12:00:00\"},{\"title\":\"ABREN CONVOCATORIA 2026 DEL PREMIO A LA TRAYECTORIA NACIONAL EN CULTURA TRADICIONAL MARGOT LOYOLA PALACIOS\",\"image\":{\"publicUrl\":\"https:\/\/s3-mspro.nyc3.digitaloceanspaces.com\/tenant\/658d9f90f0909def6c18fa2c\/mediaLibrary\/photo\/42bab3aa-57c7-4f1f-8a6b-fa7468279845.jpg\",\"privatePhotoUrlWithoutExtension\":\"tenant\/658d9f90f0909def6c18fa2c\/mediaLibrary\/photo\/42bab3aa-57c7-4f1f-8a6b-fa7468279845\",\"privatePhotoUrl\":\"tenant\/658d9f90f0909def6c18fa2c\/mediaLibrary\/photo\/42bab3aa-57c7-4f1f-8a6b-fa7468279845-medium-standard-q100.jpg?v=1774669649\",\"photoExtension\":\"jpg?v=1774669649\",\"name\":\"Premio Margot Loyola\",\"photoVersion\":4,\"type\":\"image\"},\"slug\":\"https:\/\/www.radiopolar.com\/abren-convocatoria-2026-premio-trayectoria-nacional-cultura-tradicional-margot-loyola-palacios\",\"primaryAuthor\":{\"id\":\"6989e3a9f45043c1b91f7bba\",\"name\":\"Equipo Polar Comunicaciones\",\"authorName\":\"Equipo Polar Comunicaciones\",\"slug\":\"\/author\/equipo-polar-comunicaciones\"},\"datePublished\":\"2026-03-28 11:00:00\"},{\"title\":\"CATEDRAL DE PUNTA ARENAS ANUNCIA PROGRAMACI\u00d3N DE SEMANA SANTA CON MISAS Y ACTIVIDADES LIT\u00daRGICAS\",\"image\":{\"publicUrl\":\"https:\/\/s3-mspro.nyc3.digitaloceanspaces.com\/tenant\/658d9f90f0909def6c18fa2c\/mediaLibrary\/photo\/315f29a7-742f-4b8b-a2f3-801408a689e4.jpg\",\"privatePhotoUrlWithoutExtension\":\"tenant\/658d9f90f0909def6c18fa2c\/mediaLibrary\/photo\/315f29a7-742f-4b8b-a2f3-801408a689e4\",\"privatePhotoUrl\":\"tenant\/658d9f90f0909def6c18fa2c\/mediaLibrary\/photo\/315f29a7-742f-4b8b-a2f3-801408a689e4-medium-standard-q100.jpg?v=1774669378\",\"photoExtension\":\"jpg?v=1774669378\",\"name\":\"catedral\",\"photoVersion\":4,\"type\":\"image\"},\"slug\":\"https:\/\/www.radiopolar.com\/catedral-punta-arenas-anuncia-programacion-semana-santa-misas-actividades-liturgicas\",\"primaryAuthor\":{\"id\":\"6989e3a9f45043c1b91f7bba\",\"name\":\"Equipo Polar Comunicaciones\",\"authorName\":\"Equipo Polar Comunicaciones\",\"slug\":\"\/author\/equipo-polar-comunicaciones\"},\"datePublished\":\"2026-03-28 10:00:00\"},{\"title\":\"REALIZAR\u00c1N JORNADA DE REGISTRO DE DONANTES DE M\u00c9DULA \u00d3SEA EN PUNTA ARENAS PARA APOYAR A PACIENTE CON LEUCEMIA\",\"image\":{\"publicUrl\":\"https:\/\/s3-mspro.nyc3.digitaloceanspaces.com\/tenant\/658d9f90f0909def6c18fa2c\/mediaLibrary\/photo\/a2e53baf-00cb-4639-883f-e4fc354a851b.webp\",\"privatePhotoUrlWithoutExtension\":\"tenant\/658d9f90f0909def6c18fa2c\/mediaLibrary\/photo\/a2e53baf-00cb-4639-883f-e4fc354a851b\",\"privatePhotoUrl\":\"tenant\/658d9f90f0909def6c18fa2c\/mediaLibrary\/photo\/a2e53baf-00cb-4639-883f-e4fc354a851b-medium-standard-q100.webp?v=1774666692\",\"photoExtension\":\"webp?v=1774666692\",\"name\":\"GONZALO ATLAGICH\",\"photoVersion\":4,\"type\":\"image\"},\"slug\":\"https:\/\/www.radiopolar.com\/realizaran-jornada-registro-donantes-medula-osea-punta-arenas-apoyar-paciente-leucemia\",\"primaryAuthor\":{\"id\":\"6989e3a9f45043c1b91f7bba\",\"name\":\"Equipo Polar Comunicaciones\",\"authorName\":\"Equipo Polar Comunicaciones\",\"slug\":\"\/author\/equipo-polar-comunicaciones\"},\"datePublished\":\"2026-03-28 09:00:00\"},{\"title\":\"TURISMO REGENERATIVO TOMA FUERZA EN MAGALLANES COMO NUEVO MODELO DE CONSERVACI\u00d3N EN LA PATAGONIA CHILENA\",\"image\":{\"publicUrl\":\"https:\/\/s3-mspro.nyc3.digitaloceanspaces.com\/tenant\/658d9f90f0909def6c18fa2c\/mediaLibrary\/photo\/28966f9e-41a9-4f0a-adcc-0c1695a16df4.jpg\",\"privatePhotoUrlWithoutExtension\":\"tenant\/658d9f90f0909def6c18fa2c\/mediaLibrary\/photo\/28966f9e-41a9-4f0a-adcc-0c1695a16df4\",\"privatePhotoUrl\":\"tenant\/658d9f90f0909def6c18fa2c\/mediaLibrary\/photo\/28966f9e-41a9-4f0a-adcc-0c1695a16df4-medium-standard-q100.jpg?v=1774664488\",\"photoExtension\":\"jpg?v=1774664488\",\"name\":\"Turismo Regenerativo\",\"photoVersion\":4,\"type\":\"image\"},\"slug\":\"https:\/\/www.radiopolar.com\/turismo-regenerativo-toma-fuerza-magallanes-modelo-conservacion-patagonia-chilena\",\"primaryAuthor\":{\"id\":\"6989e3a9f45043c1b91f7bba\",\"name\":\"Equipo Polar Comunicaciones\",\"authorName\":\"Equipo Polar Comunicaciones\",\"slug\":\"\/author\/equipo-polar-comunicaciones\"},\"datePublished\":\"2026-03-28 08:00:00\"},{\"title\":\"MUJERES DE PUEBLOS ORIGINARIOS LIDERAN MONITOREO BIOCULTURAL PARA DEFENDER EL MAR EN MAGALLANES Y CHILE\",\"image\":{\"publicUrl\":\"https:\/\/s3-mspro.nyc3.digitaloceanspaces.com\/tenant\/658d9f90f0909def6c18fa2c\/mediaLibrary\/photo\/c876ddbe-1cfa-42b8-8dfe-9ef2fbe9e5f1.jpg\",\"privatePhotoUrlWithoutExtension\":\"tenant\/658d9f90f0909def6c18fa2c\/mediaLibrary\/photo\/c876ddbe-1cfa-42b8-8dfe-9ef2fbe9e5f1\",\"privatePhotoUrl\":\"tenant\/658d9f90f0909def6c18fa2c\/mediaLibrary\/photo\/c876ddbe-1cfa-42b8-8dfe-9ef2fbe9e5f1-medium-standard-q100.jpg?v=1774662387\",\"photoExtension\":\"jpg?v=1774662387\",\"name\":\"Monitoreo Biocultural Comunitario-2\",\"photoVersion\":4,\"type\":\"image\"},\"slug\":\"https:\/\/www.radiopolar.com\/mujeres-pueblos-originarios-lideran-monitoreo-biocultural-defender-mar-magallanes-chile\",\"primaryAuthor\":{\"id\":\"6989e3a9f45043c1b91f7bba\",\"name\":\"Equipo Polar Comunicaciones\",\"authorName\":\"Equipo Polar Comunicaciones\",\"slug\":\"\/author\/equipo-polar-comunicaciones\"},\"datePublished\":\"2026-03-28 07:00:00\"},{\"title\":\"TESTIGOS DE JEHOV\u00c1 IMPULSAN CAMPA\u00d1A MUNDIAL CON EVENTOS ABIERTOS EN PUNTA ARENAS\",\"image\":{\"publicUrl\":\"https:\/\/s3-mspro.nyc3.digitaloceanspaces.com\/tenant\/658d9f90f0909def6c18fa2c\/mediaLibrary\/photo\/de15e879-da7a-4e2c-93b8-c512ad6c6852.jpeg\",\"privatePhotoUrlWithoutExtension\":\"tenant\/658d9f90f0909def6c18fa2c\/mediaLibrary\/photo\/de15e879-da7a-4e2c-93b8-c512ad6c6852\",\"privatePhotoUrl\":\"tenant\/658d9f90f0909def6c18fa2c\/mediaLibrary\/photo\/de15e879-da7a-4e2c-93b8-c512ad6c6852-medium-standard-q100.jpeg?v=1774661866\",\"photoExtension\":\"jpeg?v=1774661866\",\"name\":\"Testigos de Jehov\u00e1\",\"photoVersion\":4,\"type\":\"image\"},\"slug\":\"https:\/\/www.radiopolar.com\/testigos-jehova-impulsan-campana-mundial-eventos-abiertos-punta-arenas\",\"primaryAuthor\":{\"id\":\"6989e3a9f45043c1b91f7bba\",\"name\":\"Equipo Polar Comunicaciones\",\"authorName\":\"Equipo Polar Comunicaciones\",\"slug\":\"\/author\/equipo-polar-comunicaciones\"},\"datePublished\":\"2026-03-28 06:00:00\"},{\"title\":\"CARTELERA CULTURAL 28 MARZO\",\"image\":{\"publicUrl\":\"https:\/\/s3-mspro.nyc3.digitaloceanspaces.com\/tenant\/658d9f90f0909def6c18fa2c\/mediaLibrary\/photo\/8488e315-e7b7-4076-8f85-ddec49cf34bd.jpg\",\"privatePhotoUrlWithoutExtension\":\"tenant\/658d9f90f0909def6c18fa2c\/mediaLibrary\/photo\/8488e315-e7b7-4076-8f85-ddec49cf34bd\",\"privatePhotoUrl\":\"tenant\/658d9f90f0909def6c18fa2c\/mediaLibrary\/photo\/8488e315-e7b7-4076-8f85-ddec49cf34bd-medium-standard-q100.jpg?v=1774656951\",\"photoExtension\":\"jpg?v=1774656951\",\"name\":\"BINACIONAL DE LECTURA\",\"photoVersion\":4,\"type\":\"image\"},\"slug\":\"https:\/\/www.radiopolar.com\/cartelera-cultural-28-marzo\",\"primaryAuthor\":{\"id\":\"65ea08428325aff9da63f8f9\",\"name\":\"Prensa Radio Polar\",\"authorName\":\"Prensa Radio Polar\",\"slug\":\"\/author\/prensa-radio-polar\"},\"datePublished\":\"2026-03-28 00:00:00\"},{\"title\":\"ANDES SALUD CONCRETA ADQUISICI\u00d3N DE 64% DE CL\u00cdNICA IMET, EN PUNTA ARENAS, Y MARCA UN HITO EN SU ESTRATEGIA DE DESARROLLO REGIONAL\",\"image\":{\"publicUrl\":\"https:\/\/s3-mspro.nyc3.digitaloceanspaces.com\/tenant\/658d9f90f0909def6c18fa2c\/mediaLibrary\/photo\/6ad67ca2-9616-4a58-914f-8ca04116fa29.jpeg\",\"privatePhotoUrlWithoutExtension\":\"tenant\/658d9f90f0909def6c18fa2c\/mediaLibrary\/photo\/6ad67ca2-9616-4a58-914f-8ca04116fa29\",\"privatePhotoUrl\":\"tenant\/658d9f90f0909def6c18fa2c\/mediaLibrary\/photo\/6ad67ca2-9616-4a58-914f-8ca04116fa29-medium-standard-q100.jpeg?v=1774656658\",\"photoExtension\":\"jpeg?v=1774656658\",\"name\":\"imetclimnica\",\"photoVersion\":4,\"type\":\"image\"},\"slug\":\"https:\/\/www.radiopolar.com\/andes-salud-concreta-adquisicion-64-clinica-imet-punta-arenas-marca-hito-estrategia-desarrollo-regional\",\"primaryAuthor\":{\"id\":\"65ea08428325aff9da63f8f9\",\"name\":\"Prensa Radio Polar\",\"authorName\":\"Prensa Radio Polar\",\"slug\":\"\/author\/prensa-radio-polar\"},\"datePublished\":\"2026-03-27 23:00:00\"},{\"title\":\"ARTISTA URBANO MAGALL\u00c1NICO LEWIS SOMES MARCA HITO AL MOSTRAR SUS \u00c9XITOS EN CASA PARLANTE EN VI\u00d1A DEL MAR\",\"image\":{\"publicUrl\":\"https:\/\/s3-mspro.nyc3.digitaloceanspaces.com\/tenant\/658d9f90f0909def6c18fa2c\/mediaLibrary\/photo\/7bc26f9e-db29-4913-87ee-c6458e3222d2.jpeg\",\"privatePhotoUrlWithoutExtension\":\"tenant\/658d9f90f0909def6c18fa2c\/mediaLibrary\/photo\/7bc26f9e-db29-4913-87ee-c6458e3222d2\",\"privatePhotoUrl\":\"tenant\/658d9f90f0909def6c18fa2c\/mediaLibrary\/photo\/7bc26f9e-db29-4913-87ee-c6458e3222d2-medium-standard-q100.jpeg?v=1774651768\",\"photoExtension\":\"jpeg?v=1774651768\",\"name\":\"someslewis\",\"photoVersion\":4,\"type\":\"image\"},\"slug\":\"https:\/\/www.radiopolar.com\/artista-urbano-magallanico-lewis-somes-marca-hito-mostrar-exitos-casa-parlante-vina-mar\",\"primaryAuthor\":{\"id\":\"65ea08428325aff9da63f8f9\",\"name\":\"Prensa Radio Polar\",\"authorName\":\"Prensa Radio Polar\",\"slug\":\"\/author\/prensa-radio-polar\"},\"datePublished\":\"2026-03-27 22:00:00\"},{\"title\":\"SORPRESA EN EL GORE: EUGENIA MANCILLA DEJA LA ADMINISTRACI\u00d3N REGIONAL POR RAZONES PERSONALES\",\"image\":{\"publicUrl\":\"https:\/\/s3-mspro.nyc3.digitaloceanspaces.com\/tenant\/658d9f90f0909def6c18fa2c\/mediaLibrary\/photo\/f2aa3439-94cb-417c-9490-2b0bb5fe086a.jpg\",\"privatePhotoUrlWithoutExtension\":\"tenant\/658d9f90f0909def6c18fa2c\/mediaLibrary\/photo\/f2aa3439-94cb-417c-9490-2b0bb5fe086a\",\"privatePhotoUrl\":\"tenant\/658d9f90f0909def6c18fa2c\/mediaLibrary\/photo\/f2aa3439-94cb-417c-9490-2b0bb5fe086a-medium-standard-q100.jpg?v=1774648250\",\"photoExtension\":\"jpg?v=1774648250\",\"name\":\"mancillaeugenia\",\"photoVersion\":4,\"type\":\"image\"},\"slug\":\"https:\/\/www.radiopolar.com\/sorpresa-gore-eugenia-mancilla-deja-administracion-regional-razones-personales\",\"primaryAuthor\":{\"id\":\"65ea08428325aff9da63f8f9\",\"name\":\"Prensa Radio Polar\",\"authorName\":\"Prensa Radio Polar\",\"slug\":\"\/author\/prensa-radio-polar\"},\"datePublished\":\"2026-03-27 21:00:00\"},{\"title\":\"CONAF LEVANTA RESTRICCI\u00d3N PARA REALIZAR BASE TORRES EN EL PARQUE NACIONAL TORRES DEL PAINE\",\"image\":{\"publicUrl\":\"https:\/\/s3-mspro.nyc3.digitaloceanspaces.com\/tenant\/658d9f90f0909def6c18fa2c\/mediaLibrary\/photo\/55dd56eb-c90c-43d5-8945-d56cf839684f.jpg\",\"privatePhotoUrlWithoutExtension\":\"tenant\/658d9f90f0909def6c18fa2c\/mediaLibrary\/photo\/55dd56eb-c90c-43d5-8945-d56cf839684f\",\"privatePhotoUrl\":\"tenant\/658d9f90f0909def6c18fa2c\/mediaLibrary\/photo\/55dd56eb-c90c-43d5-8945-d56cf839684f-medium-standard-q100.jpg?v=1774647284\",\"photoExtension\":\"jpg?v=1774647284\",\"name\":\"Torres-del-Paine-desde-el-mirador-base-Torres1\",\"photoVersion\":4,\"type\":\"image\"},\"slug\":\"https:\/\/www.radiopolar.com\/conaf-levanta-restriccion-base-torres-parque-nacional-paine\",\"primaryAuthor\":{\"id\":\"65ea08428325aff9da63f8f9\",\"name\":\"Prensa Radio Polar\",\"authorName\":\"Prensa Radio Polar\",\"slug\":\"\/author\/prensa-radio-polar\"},\"datePublished\":\"2026-03-27 20:00:00\"}]}},{\"i\":\"68a30f96-fa78-4ced-9202-ba017c993485\",\"x\":77,\"y\":4,\"w\":20,\"h\":89,\"id\":\"6598322b593b0ab5a9c16227\",\"name\":\"Componente Widget Banner 1x1\",\"gridCols\":100,\"type\":\"component\",\"data\":{\"displayConfig\":{\"offset\":3,\"limit\":4,\"filterBy\":\"widgets\",\"type\":\"ads\",\"keywords\":[{\"id\":\"65ef180f18fb253977f78cc2\",\"label\":\"Portada Laterales\"}],\"adType\":\"banner\",\"enabledLayer\":true,\"verticalGutter\":2,\"widgetsOrderBy\":\"position\",\"sortBy\":\"asc\"},\"customConfig\":{\"lg\":{\"box-5c855846-d7ab-4946-985d-cfc1dd3cd47fConfig\":{\"changeWidget\":\"box\",\"backgroundColor\":\"#d1d5dbff\"},\"box-5c855846-d7ab-4946-985d-cfc1dd3cd47fLayerOne\":{\"enabled\":true},\"avatar-d115f0f5-9555-46bb-bcb2-054e47ef3e47Config\":{\"changeWidget\":\"avatar\",\"openType\":\"redirectUrl\",\"targetBlank\":true},\"avatar-d115f0f5-9555-46bb-bcb2-054e47ef3e47AttributeFill\":{\"fillOption\":\"widget\",\"attributeFill\":[{\"title\":\"image\",\"canDelete\":true}]}}},\"content\":{\"layouts\":{\"lg\":[{\"i\":\"5c855846-d7ab-4946-985d-cfc1dd3cd47f\",\"x\":0,\"y\":0,\"w\":100,\"h\":100,\"type\":\"widget\",\"framework\":\"mui\",\"data\":\"box\"},{\"i\":\"d115f0f5-9555-46bb-bcb2-054e47ef3e47\",\"x\":3,\"y\":3,\"w\":94,\"h\":94,\"type\":\"widget\",\"framework\":\"mui\",\"data\":\"avatar\"}]}},\"rows\":[{\"name\":\"Portada Laterales 4 \/ 336x336:  RED SALUD\",\"image\":{\"publicUrl\":\"https:\/\/s3-mspro.nyc3.digitaloceanspaces.com\/tenant\/658d9f90f0909def6c18fa2c\/mediaLibrary\/photo\/221adb8f-4bf3-4043-867d-bfe4401132a6.png\",\"privatePhotoUrlWithoutExtension\":\"tenant\/658d9f90f0909def6c18fa2c\/mediaLibrary\/photo\/221adb8f-4bf3-4043-867d-bfe4401132a6\",\"privatePhotoUrl\":\"tenant\/658d9f90f0909def6c18fa2c\/mediaLibrary\/photo\/221adb8f-4bf3-4043-867d-bfe4401132a6-medium-standard-q100.png?v=1742480944\",\"photoExtension\":\"png?v=1742480944\",\"type\":\"image\",\"name\":\"RED SALUD 250x250\",\"updatedAt\":\"2025-03-20T14:29:04.652Z\",\"photoVersion\":4},\"redirectUrl\":\"https:\/\/www.redsalud.cl\/nuestra-red\/campanas\/cancer-cervicouterino-redsalud\"},{\"name\":\"Portada Laterales 5 \/ 336x336: EPA\",\"image\":{\"publicUrl\":\"https:\/\/s3-mspro.nyc3.digitaloceanspaces.com\/tenant\/658d9f90f0909def6c18fa2c\/mediaLibrary\/photo\/6877a871-493b-4e6b-94ba-8aa4c959dcc2.png\",\"privatePhotoUrlWithoutExtension\":\"tenant\/658d9f90f0909def6c18fa2c\/mediaLibrary\/photo\/6877a871-493b-4e6b-94ba-8aa4c959dcc2\",\"privatePhotoUrl\":\"tenant\/658d9f90f0909def6c18fa2c\/mediaLibrary\/photo\/6877a871-493b-4e6b-94ba-8aa4c959dcc2-medium-standard-q100.png?v=1774440922\",\"photoExtension\":\"png?v=1774440922\",\"type\":\"image\",\"name\":\"Banner EPAUSTRAL - 250x250 - 2026\",\"updatedAt\":\"2026-03-25T12:15:22.960Z\",\"photoVersion\":4},\"redirectUrl\":\"https:\/\/www.epaustral.cl\/\"},{\"name\":\"Portada Laterales 7 \/ 336x336: BLUMAR\",\"image\":{\"publicUrl\":\"https:\/\/s3-mspro.nyc3.digitaloceanspaces.com\/tenant\/658d9f90f0909def6c18fa2c\/mediaLibrary\/photo\/730d2b3c-850b-426d-9710-30b0650b78f4.gif\",\"privatePhotoUrlWithoutExtension\":\"tenant\/658d9f90f0909def6c18fa2c\/mediaLibrary\/photo\/730d2b3c-850b-426d-9710-30b0650b78f4\",\"privatePhotoUrl\":\"tenant\/658d9f90f0909def6c18fa2c\/mediaLibrary\/photo\/730d2b3c-850b-426d-9710-30b0650b78f4.gif\",\"photoExtension\":\"gif\",\"type\":\"image\",\"name\":\"BLUMAR 336x336 GIF\",\"updatedAt\":\"2025-04-14T12:39:03.684Z\",\"photoVersion\":4},\"redirectUrl\":\"https:\/\/www.mercadoblumar.com\/\"},{\"name\":\"Portada Laterales 8 \/ 336x336: CASINO\",\"image\":{\"publicUrl\":\"https:\/\/s3-mspro.nyc3.digitaloceanspaces.com\/tenant\/658d9f90f0909def6c18fa2c\/mediaLibrary\/photo\/3a6b14ce-3c4f-4623-91d3-94a49d97aace.gif\",\"privatePhotoUrlWithoutExtension\":\"tenant\/658d9f90f0909def6c18fa2c\/mediaLibrary\/photo\/3a6b14ce-3c4f-4623-91d3-94a49d97aace\",\"privatePhotoUrl\":\"tenant\/658d9f90f0909def6c18fa2c\/mediaLibrary\/photo\/3a6b14ce-3c4f-4623-91d3-94a49d97aace.gif\",\"photoExtension\":\"gif\",\"type\":\"image\",\"name\":\"CASINO 250x250-gif\",\"updatedAt\":\"2026-03-24T20:06:34.399Z\",\"photoVersion\":4},\"redirectUrl\":\"https:\/\/punta-arenas.dreams.cl\/\"}]}}]}}},{\"id\":\"659d9dd2459dea3b25b36ee7\",\"name\":\"Contenedor Publicidad 2\",\"active\":true,\"renderAs\":\"server\",\"gridCols\":{\"lg\":100,\"md\":100,\"xs\":100,\"daily\":100},\"marginTop\":0,\"content\":{\"config\":{\"lg\":{\"compactType\":\"horizontal\"}},\"layouts\":{\"lg\":[{\"i\":\"ba43141e-0f74-41fc-8bbb-6b0e6aec8dc2\",\"x\":3,\"y\":2,\"w\":11,\"h\":11,\"id\":\"659d97dc459dea7b15b36d88\",\"name\":\"Componente Widget Banner 1x1 Banner Peque\u00f1o\",\"gridCols\":100,\"type\":\"component\",\"data\":{\"displayConfig\":{\"filterBy\":\"widgets\",\"type\":\"ads\",\"adType\":\"banner\",\"widgetsOrderBy\":\"position\",\"sortBy\":\"asc\",\"keywords\":[{\"id\":\"65ef209418fb2567ecf78d48\",\"label\":\"Portada Separador Noticias Por D\u00eda\"}],\"offset\":0,\"limit\":1},\"customConfig\":{\"lg\":{\"box-5c855846-d7ab-4946-985d-cfc1dd3cd47fConfig\":{\"changeWidget\":\"box\",\"backgroundColor\":\"#d1d5dbff\"},\"box-5c855846-d7ab-4946-985d-cfc1dd3cd47fLayerOne\":{\"enabled\":true},\"avatar-d115f0f5-9555-46bb-bcb2-054e47ef3e47Config\":{\"changeWidget\":\"avatar\",\"openType\":\"redirectUrl\",\"targetBlank\":true},\"avatar-d115f0f5-9555-46bb-bcb2-054e47ef3e47AttributeFill\":{\"fillOption\":\"widget\",\"attributeFill\":[{\"title\":\"image\",\"canDelete\":true}]}}},\"content\":{\"layouts\":{\"lg\":[{\"i\":\"5c855846-d7ab-4946-985d-cfc1dd3cd47f\",\"x\":0,\"y\":0,\"w\":100,\"h\":100,\"type\":\"widget\",\"framework\":\"mui\",\"data\":\"box\"},{\"i\":\"d115f0f5-9555-46bb-bcb2-054e47ef3e47\",\"x\":5,\"y\":4,\"w\":90,\"h\":90,\"type\":\"widget\",\"framework\":\"mui\",\"data\":\"avatar\"}]}},\"rows\":[{\"name\":\"Portada Separador Noticias Por D\u00eda 1 \/ 250x250: AQUACHILE Aqua Chile\",\"image\":{\"publicUrl\":\"https:\/\/s3-mspro.nyc3.digitaloceanspaces.com\/tenant\/658d9f90f0909def6c18fa2c\/mediaLibrary\/photo\/14797073-ca4d-4277-b097-b6b64285cf08.png\",\"privatePhotoUrlWithoutExtension\":\"tenant\/658d9f90f0909def6c18fa2c\/mediaLibrary\/photo\/14797073-ca4d-4277-b097-b6b64285cf08\",\"privatePhotoUrl\":\"tenant\/658d9f90f0909def6c18fa2c\/mediaLibrary\/photo\/14797073-ca4d-4277-b097-b6b64285cf08-medium-standard-q100.png?v=1709910829\",\"photoExtension\":\"png?v=1709910829\",\"type\":\"image\",\"name\":\"AQUA-CHILE-250x250-1\",\"updatedAt\":\"2024-03-08T15:13:49.903Z\",\"photoVersion\":4},\"redirectUrl\":\"https:\/\/es.aquachile.com\/\"}]}},{\"i\":\"68a2bde6-4c4b-4a25-a210-dafd78c28aaa\",\"x\":15,\"y\":2,\"w\":11,\"h\":11,\"id\":\"659d97dc459dea7b15b36d88\",\"name\":\"Componente Widget Banner 1x1 Banner Peque\u00f1o\",\"gridCols\":100,\"type\":\"component\",\"data\":{\"displayConfig\":{\"filterBy\":\"widgets\",\"type\":\"ads\",\"adType\":\"banner\",\"widgetsOrderBy\":\"position\",\"keywords\":[{\"id\":\"65ef209418fb2567ecf78d48\",\"label\":\"Portada Separador Noticias Por D\u00eda\"}],\"offset\":1,\"limit\":1,\"sortBy\":\"asc\"},\"customConfig\":{\"lg\":{\"box-5c855846-d7ab-4946-985d-cfc1dd3cd47fConfig\":{\"changeWidget\":\"box\",\"backgroundColor\":\"#d1d5dbff\"},\"box-5c855846-d7ab-4946-985d-cfc1dd3cd47fLayerOne\":{\"enabled\":true},\"avatar-d115f0f5-9555-46bb-bcb2-054e47ef3e47Config\":{\"changeWidget\":\"avatar\",\"openType\":\"redirectUrl\",\"targetBlank\":true},\"avatar-d115f0f5-9555-46bb-bcb2-054e47ef3e47AttributeFill\":{\"fillOption\":\"widget\",\"attributeFill\":[{\"title\":\"image\",\"canDelete\":true}]}}},\"content\":{\"layouts\":{\"lg\":[{\"i\":\"5c855846-d7ab-4946-985d-cfc1dd3cd47f\",\"x\":0,\"y\":0,\"w\":100,\"h\":100,\"type\":\"widget\",\"framework\":\"mui\",\"data\":\"box\"},{\"i\":\"d115f0f5-9555-46bb-bcb2-054e47ef3e47\",\"x\":5,\"y\":4,\"w\":90,\"h\":90,\"type\":\"widget\",\"framework\":\"mui\",\"data\":\"avatar\"}]}},\"rows\":[{\"name\":\"Portada Separador Noticias Por D\u00eda 2 \/ 250x250: Tabsa\",\"image\":{\"publicUrl\":\"https:\/\/s3-mspro.nyc3.digitaloceanspaces.com\/tenant\/658d9f90f0909def6c18fa2c\/mediaLibrary\/photo\/b9004798-89c4-4622-831b-b9476c14c021.gif\",\"privatePhotoUrlWithoutExtension\":\"tenant\/658d9f90f0909def6c18fa2c\/mediaLibrary\/photo\/b9004798-89c4-4622-831b-b9476c14c021\",\"privatePhotoUrl\":\"tenant\/658d9f90f0909def6c18fa2c\/mediaLibrary\/photo\/b9004798-89c4-4622-831b-b9476c14c021.gif\",\"photoExtension\":\"gif\",\"type\":\"image\",\"name\":\"Tabsa-250_Tabsa24\",\"updatedAt\":\"2024-03-08T15:15:06.338Z\",\"photoVersion\":4},\"redirectUrl\":\"https:\/\/www.tabsa.cl\/\"}]}},{\"i\":\"0005ed04-2b19-472a-b2ed-da128feca564\",\"x\":27,\"y\":2,\"w\":11,\"h\":11,\"id\":\"659d97dc459dea7b15b36d88\",\"name\":\"Componente Widget Banner 1x1 Banner Peque\u00f1o\",\"gridCols\":100,\"type\":\"component\",\"data\":{\"displayConfig\":{\"filterBy\":\"widgets\",\"type\":\"ads\",\"adType\":\"banner\",\"widgetsOrderBy\":\"position\",\"sortBy\":\"asc\",\"keywords\":[{\"id\":\"65ef209418fb2567ecf78d48\",\"label\":\"Portada Separador Noticias Por D\u00eda\"}],\"offset\":2,\"limit\":1},\"customConfig\":{\"lg\":{\"box-5c855846-d7ab-4946-985d-cfc1dd3cd47fConfig\":{\"changeWidget\":\"box\",\"backgroundColor\":\"#d1d5dbff\"},\"box-5c855846-d7ab-4946-985d-cfc1dd3cd47fLayerOne\":{\"enabled\":true},\"avatar-d115f0f5-9555-46bb-bcb2-054e47ef3e47Config\":{\"changeWidget\":\"avatar\",\"openType\":\"redirectUrl\",\"targetBlank\":true},\"avatar-d115f0f5-9555-46bb-bcb2-054e47ef3e47AttributeFill\":{\"fillOption\":\"widget\",\"attributeFill\":[{\"title\":\"image\",\"canDelete\":true}]}}},\"content\":{\"layouts\":{\"lg\":[{\"i\":\"5c855846-d7ab-4946-985d-cfc1dd3cd47f\",\"x\":0,\"y\":0,\"w\":100,\"h\":100,\"type\":\"widget\",\"framework\":\"mui\",\"data\":\"box\"},{\"i\":\"d115f0f5-9555-46bb-bcb2-054e47ef3e47\",\"x\":5,\"y\":4,\"w\":90,\"h\":90,\"type\":\"widget\",\"framework\":\"mui\",\"data\":\"avatar\"}]}},\"rows\":[{\"name\":\"Portada Separador Noticias Por D\u00eda 3 \/ BLUMAR\",\"image\":{\"publicUrl\":\"https:\/\/s3-mspro.nyc3.digitaloceanspaces.com\/tenant\/658d9f90f0909def6c18fa2c\/mediaLibrary\/photo\/80d54e9c-c6f4-48fd-b64a-9d8578bc2e79.gif\",\"privatePhotoUrlWithoutExtension\":\"tenant\/658d9f90f0909def6c18fa2c\/mediaLibrary\/photo\/80d54e9c-c6f4-48fd-b64a-9d8578bc2e79\",\"privatePhotoUrl\":\"tenant\/658d9f90f0909def6c18fa2c\/mediaLibrary\/photo\/80d54e9c-c6f4-48fd-b64a-9d8578bc2e79.gif\",\"photoExtension\":\"gif\",\"type\":\"image\",\"name\":\"BLUMAR 336x336 GIF\",\"updatedAt\":\"2025-04-14T12:30:49.954Z\",\"photoVersion\":4},\"redirectUrl\":\"https:\/\/www.mercadoblumar.com\/\"}]}},{\"i\":\"30977df6-abe4-4a61-b2fb-041b2a9ccef0\",\"x\":40,\"y\":2,\"w\":11,\"h\":11,\"id\":\"659d97dc459dea7b15b36d88\",\"name\":\"Componente Widget Banner 1x1 Banner Peque\u00f1o\",\"gridCols\":100,\"type\":\"component\",\"data\":{\"displayConfig\":{\"filterBy\":\"widgets\",\"type\":\"ads\",\"adType\":\"banner\",\"offset\":3,\"limit\":1,\"widgetsOrderBy\":\"position\",\"sortBy\":\"asc\",\"keywords\":[{\"id\":\"65ef209418fb2567ecf78d48\",\"label\":\"Portada Separador Noticias Por D\u00eda\"}]},\"customConfig\":{\"lg\":{\"box-5c855846-d7ab-4946-985d-cfc1dd3cd47fConfig\":{\"changeWidget\":\"box\",\"backgroundColor\":\"#d1d5dbff\"},\"box-5c855846-d7ab-4946-985d-cfc1dd3cd47fLayerOne\":{\"enabled\":true},\"avatar-d115f0f5-9555-46bb-bcb2-054e47ef3e47Config\":{\"changeWidget\":\"avatar\",\"openType\":\"redirectUrl\",\"targetBlank\":true},\"avatar-d115f0f5-9555-46bb-bcb2-054e47ef3e47AttributeFill\":{\"fillOption\":\"widget\",\"attributeFill\":[{\"title\":\"image\",\"canDelete\":true}]}}},\"content\":{\"layouts\":{\"lg\":[{\"i\":\"5c855846-d7ab-4946-985d-cfc1dd3cd47f\",\"x\":0,\"y\":0,\"w\":100,\"h\":100,\"type\":\"widget\",\"framework\":\"mui\",\"data\":\"box\"},{\"i\":\"d115f0f5-9555-46bb-bcb2-054e47ef3e47\",\"x\":5,\"y\":4,\"w\":90,\"h\":90,\"type\":\"widget\",\"framework\":\"mui\",\"data\":\"avatar\"}]}},\"rows\":[{\"name\":\"Portada Separador Noticias Por D\u00eda 5 \/ 250x250: PUBLICITE AQUI\",\"image\":{\"publicUrl\":\"https:\/\/s3-mspro.nyc3.digitaloceanspaces.com\/tenant\/658d9f90f0909def6c18fa2c\/mediaLibrary\/photo\/e085b762-3ba1-4786-891f-ead0903eb8f1.webp\",\"privatePhotoUrlWithoutExtension\":\"tenant\/658d9f90f0909def6c18fa2c\/mediaLibrary\/photo\/e085b762-3ba1-4786-891f-ead0903eb8f1\",\"privatePhotoUrl\":\"tenant\/658d9f90f0909def6c18fa2c\/mediaLibrary\/photo\/e085b762-3ba1-4786-891f-ead0903eb8f1-medium-standard-q100.webp?v=1742908913\",\"photoExtension\":\"webp?v=1742908913\",\"type\":\"image\",\"name\":\"publicite aqui\",\"updatedAt\":\"2025-03-25T13:21:53.519Z\",\"photoVersion\":4},\"redirectUrl\":\"https:\/\/www.radiopolar.com\/\"}]}},{\"i\":\"923d38c8-48bb-4396-8d40-46c8a8ddd80e\",\"x\":52,\"y\":2,\"w\":11,\"h\":11,\"id\":\"659d97dc459dea7b15b36d88\",\"name\":\"Componente Widget Banner 1x1 Banner Peque\u00f1o\",\"gridCols\":100,\"type\":\"component\",\"data\":{\"displayConfig\":{\"filterBy\":\"widgets\",\"type\":\"ads\",\"adType\":\"banner\",\"offset\":4,\"limit\":1,\"widgetsOrderBy\":\"position\",\"sortBy\":\"asc\",\"keywords\":[{\"id\":\"65ef209418fb2567ecf78d48\",\"label\":\"Portada Separador Noticias Por D\u00eda\"}]},\"customConfig\":{\"lg\":{\"box-5c855846-d7ab-4946-985d-cfc1dd3cd47fConfig\":{\"changeWidget\":\"box\",\"backgroundColor\":\"#d1d5dbff\"},\"box-5c855846-d7ab-4946-985d-cfc1dd3cd47fLayerOne\":{\"enabled\":true},\"avatar-d115f0f5-9555-46bb-bcb2-054e47ef3e47Config\":{\"changeWidget\":\"avatar\",\"openType\":\"redirectUrl\",\"targetBlank\":true},\"avatar-d115f0f5-9555-46bb-bcb2-054e47ef3e47AttributeFill\":{\"fillOption\":\"widget\",\"attributeFill\":[{\"title\":\"image\",\"canDelete\":true}]}}},\"content\":{\"layouts\":{\"lg\":[{\"i\":\"5c855846-d7ab-4946-985d-cfc1dd3cd47f\",\"x\":0,\"y\":0,\"w\":100,\"h\":100,\"type\":\"widget\",\"framework\":\"mui\",\"data\":\"box\"},{\"i\":\"d115f0f5-9555-46bb-bcb2-054e47ef3e47\",\"x\":5,\"y\":4,\"w\":90,\"h\":90,\"type\":\"widget\",\"framework\":\"mui\",\"data\":\"avatar\"}]}},\"rows\":[{\"name\":\"Portada Separador Noticias Por D\u00eda 6 \/ 250x250: PUBLICITE AQUI\",\"image\":{\"publicUrl\":\"https:\/\/s3-mspro.nyc3.digitaloceanspaces.com\/tenant\/658d9f90f0909def6c18fa2c\/mediaLibrary\/photo\/62511628-f4c9-46b4-a776-53a87b74bb5b.gif\",\"privatePhotoUrlWithoutExtension\":\"tenant\/658d9f90f0909def6c18fa2c\/mediaLibrary\/photo\/62511628-f4c9-46b4-a776-53a87b74bb5b\",\"privatePhotoUrl\":\"tenant\/658d9f90f0909def6c18fa2c\/mediaLibrary\/photo\/62511628-f4c9-46b4-a776-53a87b74bb5b.gif\",\"photoExtension\":\"gif\",\"type\":\"image\",\"name\":\"publicite\",\"updatedAt\":\"2025-10-28T20:44:33.613Z\",\"photoVersion\":4},\"redirectUrl\":\"https:\/\/www.radiopolar.com\/\"}]}},{\"i\":\"34cd481f-58a0-4ef1-adc7-800ea1460e49\",\"x\":77,\"y\":1,\"w\":20,\"h\":45,\"id\":\"6598322b593b0ab5a9c16227\",\"name\":\"Componente Widget Banner 1x1\",\"gridCols\":100,\"type\":\"component\",\"data\":{\"displayConfig\":{\"filterBy\":\"widgets\",\"type\":\"ads\",\"adType\":\"banner\",\"keywords\":[{\"id\":\"65ef180f18fb253977f78cc2\",\"label\":\"Portada Laterales\"}],\"offset\":7,\"limit\":2,\"enabledLayer\":true,\"margin\":\"10\",\"widgetsOrderBy\":\"position\",\"sortBy\":\"asc\"},\"customConfig\":{\"lg\":{\"box-5c855846-d7ab-4946-985d-cfc1dd3cd47fConfig\":{\"changeWidget\":\"box\",\"backgroundColor\":\"#d1d5dbff\"},\"box-5c855846-d7ab-4946-985d-cfc1dd3cd47fLayerOne\":{\"enabled\":true},\"avatar-d115f0f5-9555-46bb-bcb2-054e47ef3e47Config\":{\"changeWidget\":\"avatar\",\"openType\":\"redirectUrl\",\"targetBlank\":true},\"avatar-d115f0f5-9555-46bb-bcb2-054e47ef3e47AttributeFill\":{\"fillOption\":\"widget\",\"attributeFill\":[{\"title\":\"image\",\"canDelete\":true}]}}},\"content\":{\"layouts\":{\"lg\":[{\"i\":\"5c855846-d7ab-4946-985d-cfc1dd3cd47f\",\"x\":0,\"y\":0,\"w\":100,\"h\":100,\"type\":\"widget\",\"framework\":\"mui\",\"data\":\"box\"},{\"i\":\"d115f0f5-9555-46bb-bcb2-054e47ef3e47\",\"x\":3,\"y\":3,\"w\":94,\"h\":94,\"type\":\"widget\",\"framework\":\"mui\",\"data\":\"avatar\"}]}},\"rows\":[{\"name\":\"Portada Laterales 9 \/ 336x336: Rofil\",\"image\":{\"publicUrl\":\"https:\/\/s3-mspro.nyc3.digitaloceanspaces.com\/tenant\/658d9f90f0909def6c18fa2c\/mediaLibrary\/photo\/75c09268-ffa4-4078-b7f5-af8b1cad85d7.jpeg\",\"privatePhotoUrlWithoutExtension\":\"tenant\/658d9f90f0909def6c18fa2c\/mediaLibrary\/photo\/75c09268-ffa4-4078-b7f5-af8b1cad85d7\",\"privatePhotoUrl\":\"tenant\/658d9f90f0909def6c18fa2c\/mediaLibrary\/photo\/75c09268-ffa4-4078-b7f5-af8b1cad85d7-medium-standard-q100.jpeg?v=1704816175\",\"photoExtension\":\"jpeg?v=1704816175\",\"type\":\"image\",\"name\":\"7HOME-BANNER-HORARIO-MERCADO-336\",\"updatedAt\":\"2024-01-09T16:02:55.879Z\",\"photoVersion\":4},\"redirectUrl\":\"https:\/\/www.rofil.cl\/autoservicio\/\"},{\"name\":\"Portada Laterales 10 \/ 336x336: MED LAB\",\"image\":{\"publicUrl\":\"https:\/\/s3-mspro.nyc3.digitaloceanspaces.com\/tenant\/658d9f90f0909def6c18fa2c\/mediaLibrary\/photo\/cda0585e-dd92-4f8a-a5cd-c93fbcafb171.png\",\"privatePhotoUrlWithoutExtension\":\"tenant\/658d9f90f0909def6c18fa2c\/mediaLibrary\/photo\/cda0585e-dd92-4f8a-a5cd-c93fbcafb171\",\"privatePhotoUrl\":\"tenant\/658d9f90f0909def6c18fa2c\/mediaLibrary\/photo\/cda0585e-dd92-4f8a-a5cd-c93fbcafb171-medium-standard-q100.png?v=1772626139\",\"photoExtension\":\"png?v=1772626139\",\"type\":\"image\",\"name\":\"MED LAB\",\"updatedAt\":\"2026-03-04T12:08:59.112Z\",\"photoVersion\":4},\"redirectUrl\":\"https:\/\/www.instagram.com\/cardiologia_medlab\/\"}]}},{\"i\":\"41b7441d-0bc4-481d-b0e8-17f1f8894dd4\",\"x\":64,\"y\":2,\"w\":11,\"h\":11,\"id\":\"659d97dc459dea7b15b36d88\",\"name\":\"Componente Widget Banner 1x1 Banner Peque\u00f1o\",\"gridCols\":100,\"type\":\"component\",\"data\":{\"displayConfig\":{\"filterBy\":\"widgets\",\"type\":\"ads\",\"adType\":\"banner\",\"widgetsOrderBy\":\"position\",\"sortBy\":\"asc\",\"keywords\":[{\"id\":\"65ef209418fb2567ecf78d48\",\"label\":\"Portada Separador Noticias Por D\u00eda\"}],\"offset\":5,\"limit\":1},\"customConfig\":{\"lg\":{\"box-5c855846-d7ab-4946-985d-cfc1dd3cd47fConfig\":{\"changeWidget\":\"box\",\"backgroundColor\":\"#d1d5dbff\"},\"box-5c855846-d7ab-4946-985d-cfc1dd3cd47fLayerOne\":{\"enabled\":true},\"avatar-d115f0f5-9555-46bb-bcb2-054e47ef3e47Config\":{\"changeWidget\":\"avatar\",\"openType\":\"redirectUrl\",\"targetBlank\":true},\"avatar-d115f0f5-9555-46bb-bcb2-054e47ef3e47AttributeFill\":{\"fillOption\":\"widget\",\"attributeFill\":[{\"title\":\"image\",\"canDelete\":true}]}}},\"content\":{\"layouts\":{\"lg\":[{\"i\":\"5c855846-d7ab-4946-985d-cfc1dd3cd47f\",\"x\":0,\"y\":0,\"w\":100,\"h\":100,\"type\":\"widget\",\"framework\":\"mui\",\"data\":\"box\"},{\"i\":\"d115f0f5-9555-46bb-bcb2-054e47ef3e47\",\"x\":5,\"y\":4,\"w\":90,\"h\":90,\"type\":\"widget\",\"framework\":\"mui\",\"data\":\"avatar\"}]}},\"rows\":[{\"name\":\"Portada Separador Noticias Por D\u00eda 7 \/ 336x336: Edelmag\",\"image\":{\"publicUrl\":\"https:\/\/s3-mspro.nyc3.digitaloceanspaces.com\/tenant\/658d9f90f0909def6c18fa2c\/mediaLibrary\/photo\/1cb82239-96fd-4f02-9598-cebf0a1aa647.jpeg\",\"privatePhotoUrlWithoutExtension\":\"tenant\/658d9f90f0909def6c18fa2c\/mediaLibrary\/photo\/1cb82239-96fd-4f02-9598-cebf0a1aa647\",\"privatePhotoUrl\":\"tenant\/658d9f90f0909def6c18fa2c\/mediaLibrary\/photo\/1cb82239-96fd-4f02-9598-cebf0a1aa647-medium-standard-q100.jpeg?v=1709911843\",\"photoExtension\":\"jpeg?v=1709911843\",\"type\":\"image\",\"name\":\"banner-edelmag-2-1\",\"updatedAt\":\"2024-03-08T15:30:43.297Z\",\"photoVersion\":4},\"redirectUrl\":\"https:\/\/www.edelmag.cl\/\"}]}},{\"i\":\"25d4af06-0785-4d05-8340-660585bc7260\",\"x\":3,\"y\":14,\"w\":23,\"h\":23,\"id\":\"6598322b593b0ab5a9c16227\",\"name\":\"Componente Widget Banner 1x1\",\"gridCols\":100,\"type\":\"component\",\"data\":{\"displayConfig\":{\"filterBy\":\"widgets\",\"type\":\"ads\",\"adType\":\"banner\",\"filterWidgets\":[{\"id\":\"65eb2f2becaa4720b614fecd\",\"label\":\"336x336: Edelmag (ads)\"}]},\"customConfig\":{\"lg\":{\"box-5c855846-d7ab-4946-985d-cfc1dd3cd47fConfig\":{\"changeWidget\":\"box\",\"backgroundColor\":\"#d1d5dbff\"},\"box-5c855846-d7ab-4946-985d-cfc1dd3cd47fLayerOne\":{\"enabled\":true},\"avatar-d115f0f5-9555-46bb-bcb2-054e47ef3e47Config\":{\"changeWidget\":\"avatar\",\"openType\":\"redirectUrl\",\"targetBlank\":true},\"avatar-d115f0f5-9555-46bb-bcb2-054e47ef3e47AttributeFill\":{\"fillOption\":\"widget\",\"attributeFill\":[{\"title\":\"image\",\"canDelete\":true}]}}},\"content\":{\"layouts\":{\"lg\":[{\"i\":\"5c855846-d7ab-4946-985d-cfc1dd3cd47f\",\"x\":0,\"y\":0,\"w\":100,\"h\":100,\"type\":\"widget\",\"framework\":\"mui\",\"data\":\"box\"},{\"i\":\"d115f0f5-9555-46bb-bcb2-054e47ef3e47\",\"x\":3,\"y\":3,\"w\":94,\"h\":94,\"type\":\"widget\",\"framework\":\"mui\",\"data\":\"avatar\"}]}},\"rows\":[{\"name\":\"Portada Separador Noticias Por D\u00eda 7 \/ 336x336: Edelmag\",\"image\":{\"publicUrl\":\"https:\/\/s3-mspro.nyc3.digitaloceanspaces.com\/tenant\/658d9f90f0909def6c18fa2c\/mediaLibrary\/photo\/1cb82239-96fd-4f02-9598-cebf0a1aa647.jpeg\",\"privatePhotoUrlWithoutExtension\":\"tenant\/658d9f90f0909def6c18fa2c\/mediaLibrary\/photo\/1cb82239-96fd-4f02-9598-cebf0a1aa647\",\"privatePhotoUrl\":\"tenant\/658d9f90f0909def6c18fa2c\/mediaLibrary\/photo\/1cb82239-96fd-4f02-9598-cebf0a1aa647-medium-standard-q100.jpeg?v=1709911843\",\"photoExtension\":\"jpeg?v=1709911843\",\"type\":\"image\",\"name\":\"banner-edelmag-2-1\",\"updatedAt\":\"2024-03-08T15:30:43.297Z\",\"photoVersion\":4},\"redirectUrl\":\"https:\/\/www.edelmag.cl\/\"}]}},{\"i\":\"5af1974a-6f4e-4da2-9a5d-c73030c63b39\",\"x\":52,\"y\":14,\"w\":23,\"h\":23,\"id\":\"6598322b593b0ab5a9c16227\",\"name\":\"Componente Widget Banner 1x1\",\"gridCols\":100,\"type\":\"component\",\"data\":{\"displayConfig\":{\"filterBy\":\"widgets\",\"type\":\"ads\",\"adType\":\"banner\",\"filterWidgets\":[{\"id\":\"659da82e459dea7da7b37188\",\"label\":\"336x336: DAP Aerolineas (ads)\"}]},\"customConfig\":{\"lg\":{\"box-5c855846-d7ab-4946-985d-cfc1dd3cd47fConfig\":{\"changeWidget\":\"box\",\"backgroundColor\":\"#d1d5dbff\"},\"box-5c855846-d7ab-4946-985d-cfc1dd3cd47fLayerOne\":{\"enabled\":true},\"avatar-d115f0f5-9555-46bb-bcb2-054e47ef3e47Config\":{\"changeWidget\":\"avatar\",\"openType\":\"redirectUrl\",\"targetBlank\":true},\"avatar-d115f0f5-9555-46bb-bcb2-054e47ef3e47AttributeFill\":{\"fillOption\":\"widget\",\"attributeFill\":[{\"title\":\"image\",\"canDelete\":true}]}}},\"content\":{\"layouts\":{\"lg\":[{\"i\":\"5c855846-d7ab-4946-985d-cfc1dd3cd47f\",\"x\":0,\"y\":0,\"w\":100,\"h\":100,\"type\":\"widget\",\"framework\":\"mui\",\"data\":\"box\"},{\"i\":\"d115f0f5-9555-46bb-bcb2-054e47ef3e47\",\"x\":3,\"y\":3,\"w\":94,\"h\":94,\"type\":\"widget\",\"framework\":\"mui\",\"data\":\"avatar\"}]}},\"rows\":[{\"name\":\"Portada Separador Noticias Por D\u00eda 12 \/ 336x336: DAP Aerolineas\",\"image\":{\"publicUrl\":\"https:\/\/s3-mspro.nyc3.digitaloceanspaces.com\/tenant\/658d9f90f0909def6c18fa2c\/mediaLibrary\/photo\/74e38fea-6500-4283-8e72-11c3a9b19b5c.png\",\"privatePhotoUrlWithoutExtension\":\"tenant\/658d9f90f0909def6c18fa2c\/mediaLibrary\/photo\/74e38fea-6500-4283-8e72-11c3a9b19b5c\",\"privatePhotoUrl\":\"tenant\/658d9f90f0909def6c18fa2c\/mediaLibrary\/photo\/74e38fea-6500-4283-8e72-11c3a9b19b5c-medium-standard-q100.png?v=1704831003\",\"photoExtension\":\"png?v=1704831003\",\"type\":\"image\",\"name\":\"26HOMED-banner-dap_336x336\",\"updatedAt\":\"2024-01-09T20:10:03.596Z\",\"photoVersion\":4},\"redirectUrl\":\"https:\/\/dapairline.com\/\"}]}},{\"i\":\"815be02c-4ee2-4737-8037-21a117648866\",\"x\":27,\"y\":14,\"w\":11,\"h\":11,\"id\":\"659d97dc459dea7b15b36d88\",\"name\":\"Componente Widget Banner 1x1 Banner Peque\u00f1o\",\"gridCols\":100,\"type\":\"component\",\"data\":{\"displayConfig\":{\"filterBy\":\"widgets\",\"type\":\"ads\",\"adType\":\"banner\",\"filterWidgets\":[{\"id\":\"65eb2f74ecaa4733d114fed0\",\"label\":\"125x125: GAES (ads)\"}]},\"customConfig\":{\"lg\":{\"box-5c855846-d7ab-4946-985d-cfc1dd3cd47fConfig\":{\"changeWidget\":\"box\",\"backgroundColor\":\"#d1d5dbff\"},\"box-5c855846-d7ab-4946-985d-cfc1dd3cd47fLayerOne\":{\"enabled\":true},\"avatar-d115f0f5-9555-46bb-bcb2-054e47ef3e47Config\":{\"changeWidget\":\"avatar\",\"openType\":\"redirectUrl\",\"targetBlank\":true},\"avatar-d115f0f5-9555-46bb-bcb2-054e47ef3e47AttributeFill\":{\"fillOption\":\"widget\",\"attributeFill\":[{\"title\":\"image\",\"canDelete\":true}]}}},\"content\":{\"layouts\":{\"lg\":[{\"i\":\"5c855846-d7ab-4946-985d-cfc1dd3cd47f\",\"x\":0,\"y\":0,\"w\":100,\"h\":100,\"type\":\"widget\",\"framework\":\"mui\",\"data\":\"box\"},{\"i\":\"d115f0f5-9555-46bb-bcb2-054e47ef3e47\",\"x\":5,\"y\":4,\"w\":90,\"h\":90,\"type\":\"widget\",\"framework\":\"mui\",\"data\":\"avatar\"}]}},\"rows\":[{\"name\":\"Portada Separador Noticias Por D\u00eda 8 \/ 250x250: COVEPA\",\"image\":{\"publicUrl\":\"https:\/\/s3-mspro.nyc3.digitaloceanspaces.com\/tenant\/658d9f90f0909def6c18fa2c\/mediaLibrary\/photo\/8e7b0c96-cca5-4fbd-9779-504c3767f761.jpg\",\"privatePhotoUrlWithoutExtension\":\"tenant\/658d9f90f0909def6c18fa2c\/mediaLibrary\/photo\/8e7b0c96-cca5-4fbd-9779-504c3767f761\",\"privatePhotoUrl\":\"tenant\/658d9f90f0909def6c18fa2c\/mediaLibrary\/photo\/8e7b0c96-cca5-4fbd-9779-504c3767f761-medium-standard-q100.jpg?v=1772453080\",\"photoExtension\":\"jpg?v=1772453080\",\"type\":\"image\",\"name\":\"COVEPA 336X336PX\",\"updatedAt\":\"2026-03-02T12:04:40.118Z\",\"photoVersion\":4},\"redirectUrl\":\"https:\/\/www.covepa.cl\/\"}]}},{\"i\":\"9ed368f4-367c-4227-9fd3-ccdc11e4706e\",\"x\":40,\"y\":14,\"w\":11,\"h\":11,\"id\":\"659d97dc459dea7b15b36d88\",\"name\":\"Componente Widget Banner 1x1 Banner Peque\u00f1o\",\"gridCols\":100,\"type\":\"component\",\"data\":{\"displayConfig\":{\"filterBy\":\"widgets\",\"type\":\"ads\",\"adType\":\"banner\",\"filterWidgets\":[{\"id\":\"659d71aa2509f76eba84ed9c\",\"label\":\"125x125: Sanchez u0026 sanchez (ads)\"}]},\"customConfig\":{\"lg\":{\"box-5c855846-d7ab-4946-985d-cfc1dd3cd47fConfig\":{\"changeWidget\":\"box\",\"backgroundColor\":\"#d1d5dbff\"},\"box-5c855846-d7ab-4946-985d-cfc1dd3cd47fLayerOne\":{\"enabled\":true},\"avatar-d115f0f5-9555-46bb-bcb2-054e47ef3e47Config\":{\"changeWidget\":\"avatar\",\"openType\":\"redirectUrl\",\"targetBlank\":true},\"avatar-d115f0f5-9555-46bb-bcb2-054e47ef3e47AttributeFill\":{\"fillOption\":\"widget\",\"attributeFill\":[{\"title\":\"image\",\"canDelete\":true}]}}},\"content\":{\"layouts\":{\"lg\":[{\"i\":\"5c855846-d7ab-4946-985d-cfc1dd3cd47f\",\"x\":0,\"y\":0,\"w\":100,\"h\":100,\"type\":\"widget\",\"framework\":\"mui\",\"data\":\"box\"},{\"i\":\"d115f0f5-9555-46bb-bcb2-054e47ef3e47\",\"x\":5,\"y\":4,\"w\":90,\"h\":90,\"type\":\"widget\",\"framework\":\"mui\",\"data\":\"avatar\"}]}},\"rows\":[{\"name\":\"Portada Separador Noticias Por D\u00eda 10 \/ 250x250: SANCHEZ\",\"image\":{\"publicUrl\":\"https:\/\/s3-mspro.nyc3.digitaloceanspaces.com\/tenant\/658d9f90f0909def6c18fa2c\/mediaLibrary\/photo\/8e3be233-ec1b-483c-bb55-12aa1a7ad26f.gif\",\"privatePhotoUrlWithoutExtension\":\"tenant\/658d9f90f0909def6c18fa2c\/mediaLibrary\/photo\/8e3be233-ec1b-483c-bb55-12aa1a7ad26f\",\"privatePhotoUrl\":\"tenant\/658d9f90f0909def6c18fa2c\/mediaLibrary\/photo\/8e3be233-ec1b-483c-bb55-12aa1a7ad26f.gif\",\"photoExtension\":\"gif\",\"type\":\"image\",\"name\":\"POLAR_BANNER2 (1)\",\"updatedAt\":\"2026-03-16T12:25:22.940Z\",\"photoVersion\":4},\"redirectUrl\":\"https:\/\/sanchezysanchez.cl\/\"}]}},{\"i\":\"8030f06a-c3a3-408f-9270-d9b2634affe9\",\"x\":27,\"y\":26,\"w\":11,\"h\":11,\"id\":\"659d97dc459dea7b15b36d88\",\"name\":\"Componente Widget Banner 1x1 Banner Peque\u00f1o\",\"gridCols\":100,\"type\":\"component\",\"data\":{\"displayConfig\":{\"filterBy\":\"widgets\",\"type\":\"ads\",\"adType\":\"banner\",\"filterWidgets\":[{\"id\":\"65eb2fc3ecaa47f02514fed5\",\"label\":\"125x125: Super G Market SuperG (ads)\"}]},\"customConfig\":{\"lg\":{\"box-5c855846-d7ab-4946-985d-cfc1dd3cd47fConfig\":{\"changeWidget\":\"box\",\"backgroundColor\":\"#d1d5dbff\"},\"box-5c855846-d7ab-4946-985d-cfc1dd3cd47fLayerOne\":{\"enabled\":true},\"avatar-d115f0f5-9555-46bb-bcb2-054e47ef3e47Config\":{\"changeWidget\":\"avatar\",\"openType\":\"redirectUrl\",\"targetBlank\":true},\"avatar-d115f0f5-9555-46bb-bcb2-054e47ef3e47AttributeFill\":{\"fillOption\":\"widget\",\"attributeFill\":[{\"title\":\"image\",\"canDelete\":true}]}}},\"content\":{\"layouts\":{\"lg\":[{\"i\":\"5c855846-d7ab-4946-985d-cfc1dd3cd47f\",\"x\":0,\"y\":0,\"w\":100,\"h\":100,\"type\":\"widget\",\"framework\":\"mui\",\"data\":\"box\"},{\"i\":\"d115f0f5-9555-46bb-bcb2-054e47ef3e47\",\"x\":5,\"y\":4,\"w\":90,\"h\":90,\"type\":\"widget\",\"framework\":\"mui\",\"data\":\"avatar\"}]}},\"rows\":[{\"name\":\"Portada Separador Noticias Por D\u00eda 9 \/ 250x250: Super G Market SuperG\",\"image\":{\"publicUrl\":\"https:\/\/s3-mspro.nyc3.digitaloceanspaces.com\/tenant\/658d9f90f0909def6c18fa2c\/mediaLibrary\/photo\/aa04d658-070b-4f76-b9d3-6b3fffca9087.gif\",\"privatePhotoUrlWithoutExtension\":\"tenant\/658d9f90f0909def6c18fa2c\/mediaLibrary\/photo\/aa04d658-070b-4f76-b9d3-6b3fffca9087\",\"privatePhotoUrl\":\"tenant\/658d9f90f0909def6c18fa2c\/mediaLibrary\/photo\/aa04d658-070b-4f76-b9d3-6b3fffca9087.gif\",\"photoExtension\":\"gif\",\"type\":\"image\",\"name\":\"SUPER-G-GIF\",\"updatedAt\":\"2024-03-08T16:27:59.718Z\",\"photoVersion\":4},\"redirectUrl\":\"https:\/\/www.instagram.com\/supergmarketpuq\/\"}]}},{\"i\":\"540b70af-5440-43a7-b034-34d3a21a0c5d\",\"x\":40,\"y\":26,\"w\":11,\"h\":11,\"id\":\"659d97dc459dea7b15b36d88\",\"name\":\"Componente Widget Banner 1x1 Banner Peque\u00f1o\",\"gridCols\":100,\"type\":\"component\",\"data\":{\"displayConfig\":{\"filterBy\":\"widgets\",\"type\":\"ads\",\"adType\":\"banner\",\"filterWidgets\":[{\"id\":\"65eb309becaa4736c914fedd\",\"label\":\"125x125: OXISALUD (ads)\"}]},\"customConfig\":{\"lg\":{\"box-5c855846-d7ab-4946-985d-cfc1dd3cd47fConfig\":{\"changeWidget\":\"box\",\"backgroundColor\":\"#d1d5dbff\"},\"box-5c855846-d7ab-4946-985d-cfc1dd3cd47fLayerOne\":{\"enabled\":true},\"avatar-d115f0f5-9555-46bb-bcb2-054e47ef3e47Config\":{\"changeWidget\":\"avatar\",\"openType\":\"redirectUrl\",\"targetBlank\":true},\"avatar-d115f0f5-9555-46bb-bcb2-054e47ef3e47AttributeFill\":{\"fillOption\":\"widget\",\"attributeFill\":[{\"title\":\"image\",\"canDelete\":true}]}}},\"content\":{\"layouts\":{\"lg\":[{\"i\":\"5c855846-d7ab-4946-985d-cfc1dd3cd47f\",\"x\":0,\"y\":0,\"w\":100,\"h\":100,\"type\":\"widget\",\"framework\":\"mui\",\"data\":\"box\"},{\"i\":\"d115f0f5-9555-46bb-bcb2-054e47ef3e47\",\"x\":5,\"y\":4,\"w\":90,\"h\":90,\"type\":\"widget\",\"framework\":\"mui\",\"data\":\"avatar\"}]}},\"rows\":[{\"name\":\"Portada Separador Noticias Por D\u00eda 11 \/ 250x250  AGUAS MAGALLANES\",\"image\":{\"publicUrl\":\"https:\/\/s3-mspro.nyc3.digitaloceanspaces.com\/tenant\/658d9f90f0909def6c18fa2c\/mediaLibrary\/photo\/aff00f9b-6b06-40f3-a884-7a6293191437.png\",\"privatePhotoUrlWithoutExtension\":\"tenant\/658d9f90f0909def6c18fa2c\/mediaLibrary\/photo\/aff00f9b-6b06-40f3-a884-7a6293191437\",\"privatePhotoUrl\":\"tenant\/658d9f90f0909def6c18fa2c\/mediaLibrary\/photo\/aff00f9b-6b06-40f3-a884-7a6293191437-medium-standard-q100.png?v=1757602664\",\"photoExtension\":\"png?v=1757602664\",\"type\":\"image\",\"name\":\"BANNER AGUAS MAGALLANES 336\",\"updatedAt\":\"2025-09-11T14:57:44.358Z\",\"photoVersion\":4},\"redirectUrl\":\"https:\/\/www.aguasmagallanes.cl\/index\"}]}},{\"i\":\"03c93e34-5599-464d-bd24-ca12a0de8c73\",\"x\":2,\"y\":0,\"w\":73,\"h\":1,\"id\":\"673c88a4ce7709d797ef7851\",\"name\":\"L\u00ednea divisoria Desktop\",\"gridCols\":24,\"type\":\"component\",\"data\":{\"customConfig\":{\"lg\":{\"divider-d606cf92-e3f7-4c5d-bbdf-7d0311951bcdConfig\":{\"changeWidget\":\"divider\",\"width\":100,\"height\":0.1,\"backgroundColor\":\"#cfcfcfff\"},\"divider-d606cf92-e3f7-4c5d-bbdf-7d0311951bcdLayerOne\":{\"enabled\":true}}},\"content\":{\"layouts\":{\"lg\":[{\"i\":\"d606cf92-e3f7-4c5d-bbdf-7d0311951bcd\",\"x\":0,\"y\":0,\"w\":24,\"h\":1,\"type\":\"widget\",\"framework\":\"mui\",\"data\":\"divider\"}]}}}},{\"i\":\"ca1a06e2-c7eb-4b32-be40-598dba522bd4\",\"x\":3,\"y\":40,\"w\":73,\"h\":2,\"id\":\"673c88a4ce7709d797ef7851\",\"name\":\"L\u00ednea divisoria Desktop\",\"gridCols\":24,\"type\":\"component\",\"data\":{\"customConfig\":{\"lg\":{\"divider-d606cf92-e3f7-4c5d-bbdf-7d0311951bcdConfig\":{\"changeWidget\":\"divider\",\"width\":100,\"height\":0.1,\"backgroundColor\":\"#cfcfcfff\"},\"divider-d606cf92-e3f7-4c5d-bbdf-7d0311951bcdLayerOne\":{\"enabled\":true}}},\"content\":{\"layouts\":{\"lg\":[{\"i\":\"d606cf92-e3f7-4c5d-bbdf-7d0311951bcd\",\"x\":0,\"y\":0,\"w\":24,\"h\":1,\"type\":\"widget\",\"framework\":\"mui\",\"data\":\"divider\"}]}}}}]}}},{\"id\":\"659da4c5459deac2f7b36fa2\",\"name\":\"Contenedor noticias 2\",\"active\":true,\"renderAs\":\"server\",\"gridCols\":{\"lg\":100,\"md\":100,\"xs\":100,\"daily\":100},\"marginTop\":-80,\"content\":{\"config\":{\"lg\":{\"compactType\":\"horizontal\"}},\"layouts\":{\"lg\":[{\"i\":\"4372d045-c447-4906-8553-22ba4f16b3e3\",\"x\":3,\"y\":0,\"w\":73,\"h\":261,\"id\":\"66db6d141b69d720dd1c4fc5\",\"name\":\"Tarjeta nueva home radiopolar\",\"gridCols\":100,\"type\":\"component\",\"data\":{\"displayConfig\":{\"formatType\":\"grid\",\"columns\":4,\"columnsDesktop\":6,\"columnsMobile\":6,\"columnsTablet\":6,\"columnsLargeDesktop\":6,\"columnsExtraLargeDesktop\":6,\"offset\":16,\"limit\":48,\"horizontalGutter\":2,\"verticalGutter\":2,\"widthAuto\":true,\"enabledLayer\":true,\"filterBy\":\"posts\",\"postsOrderBy\":\"datePublished\",\"sortBy\":\"desc\"},\"customConfig\":{\"lg\":{\"avatar-d5bbbbb3-bb13-4bc2-9257-05523b32ed9dConfig\":{\"changeWidget\":\"avatar\",\"openType\":\"slug\",\"avatarObjectFit\":\"cover\"},\"typography-cd8b6410-273b-496e-b261-6b0adee8f86cConfig\":{\"changeWidget\":\"typography\",\"fontSize\":5,\"lineHeight\":\"1.8\",\"color\":\"#4a5563ff\",\"typographyMaxLength\":100000000000000,\"openType\":\"slug\"},\"typography-cd8b6410-273b-496e-b261-6b0adee8f86cLayerOne\":{\"enabled\":true},\"typography-cd8b6410-273b-496e-b261-6b0adee8f86cAttributeFill\":{\"fillOption\":\"post\",\"attributeFill\":[{\"title\":\"title\",\"canDelete\":true}]},\"avatar-d5bbbbb3-bb13-4bc2-9257-05523b32ed9dAttributeFill\":{\"fillOption\":\"post\",\"attributeFill\":[{\"title\":\"image\",\"canDelete\":true}]},\"button-53710425-5d01-4086-bda8-87e860046417Config\":{\"changeWidget\":\"button\",\"fontSize\":5,\"color\":\"#ffffffff\",\"customIcon\":\"io5\/IoCalendar\",\"buttonPositionIcon\":\"left\",\"typographyMaxLength\":100,\"backgroundColor\":\"#b91c1bff\",\"buttonSize\":\"small\"},\"button-53710425-5d01-4086-bda8-87e860046417LayerOne\":{\"enabled\":true},\"button-53710425-5d01-4086-bda8-87e860046417AttributeFill\":{\"fillOption\":\"post\",\"attributeFill\":[{\"title\":\"datePublished\",\"formatDate\":\"DD\/MM\/YYYY HH:mm\",\"canDelete\":true}]}}},\"content\":{\"layouts\":{\"lg\":[{\"i\":\"d5bbbbb3-bb13-4bc2-9257-05523b32ed9d\",\"x\":0,\"y\":0,\"w\":100,\"h\":56,\"type\":\"widget\",\"framework\":\"mui\",\"data\":\"avatar\"},{\"i\":\"cd8b6410-273b-496e-b261-6b0adee8f86c\",\"x\":0,\"y\":71,\"w\":100,\"h\":10,\"type\":\"widget\",\"framework\":\"mui\",\"data\":\"typography\"},{\"i\":\"53710425-5d01-4086-bda8-87e860046417\",\"x\":0,\"y\":59,\"w\":68,\"h\":10,\"type\":\"widget\",\"framework\":\"mui\",\"data\":\"button\"}]}},\"rows\":[{\"title\":\"HOSPITAL CL\u00cdNICO DE MAGALLANES MANTIENE FARMACIA EXTERNA TRAS DI\u00c1LOGO CON SU CONSEJO CONSULTIVO\",\"image\":{\"publicUrl\":\"https:\/\/s3-mspro.nyc3.digitaloceanspaces.com\/tenant\/658d9f90f0909def6c18fa2c\/mediaLibrary\/photo\/38757792-62f6-4254-8bd0-f5fba4850b35.JPG\",\"privatePhotoUrlWithoutExtension\":\"tenant\/658d9f90f0909def6c18fa2c\/mediaLibrary\/photo\/38757792-62f6-4254-8bd0-f5fba4850b35\",\"privatePhotoUrl\":\"tenant\/658d9f90f0909def6c18fa2c\/mediaLibrary\/photo\/38757792-62f6-4254-8bd0-f5fba4850b35-medium-standard-q100.jpg?v=1774644900\",\"photoExtension\":\"jpg?v=1774644900\",\"name\":\"Consejo Consultivo\",\"photoVersion\":4,\"type\":\"image\"},\"slug\":\"https:\/\/www.radiopolar.com\/hospital-clinico-magallanes-mantiene-farmacia-externa-dialogo-consejo-consultivo\",\"primaryAuthor\":{\"id\":\"65ea08428325aff9da63f8f9\",\"name\":\"Prensa Radio Polar\",\"authorName\":\"Prensa Radio Polar\",\"slug\":\"\/author\/prensa-radio-polar\"},\"datePublished\":\"2026-03-27 19:00:00\"},{\"title\":\"JUNTA DE VECINOS EL PING\u00dcINO CONVIERTE SU SEDE EN SAL\u00d3N DE EVENTOS COMUNITARIO CON LOS FONDOS CONCURSABLES ENAP IMPULSA\",\"image\":{\"publicUrl\":\"https:\/\/s3-mspro.nyc3.digitaloceanspaces.com\/tenant\/658d9f90f0909def6c18fa2c\/mediaLibrary\/photo\/756e094d-c949-4c2f-8f59-352abc7ce915.jpg\",\"privatePhotoUrlWithoutExtension\":\"tenant\/658d9f90f0909def6c18fa2c\/mediaLibrary\/photo\/756e094d-c949-4c2f-8f59-352abc7ce915\",\"privatePhotoUrl\":\"tenant\/658d9f90f0909def6c18fa2c\/mediaLibrary\/photo\/756e094d-c949-4c2f-8f59-352abc7ce915-medium-standard-q100.jpg?v=1774635940\",\"photoExtension\":\"jpg?v=1774635940\",\"name\":\"jjvvpenguin\",\"photoVersion\":4,\"type\":\"image\"},\"slug\":\"https:\/\/www.radiopolar.com\/junta-vecinos-pinguino-convierte-sede-salon-eventos-comunitario-fondos-concursables-enap-impulsa\",\"primaryAuthor\":{\"id\":\"65ea08428325aff9da63f8f9\",\"name\":\"Prensa Radio Polar\",\"authorName\":\"Prensa Radio Polar\",\"slug\":\"\/author\/prensa-radio-polar\"},\"datePublished\":\"2026-03-27 18:00:00\"},{\"title\":\"ABOGADA LORENA D\u00cdAZ LOAIZA ASUMI\u00d3 COMO NUEVA SEREMI DE BIENES NACIONALES EN MAGALLANES\",\"image\":{\"publicUrl\":\"https:\/\/s3-mspro.nyc3.digitaloceanspaces.com\/tenant\/658d9f90f0909def6c18fa2c\/mediaLibrary\/photo\/8b655fdd-f38f-4399-9d20-744e7db5293e.jpeg\",\"privatePhotoUrlWithoutExtension\":\"tenant\/658d9f90f0909def6c18fa2c\/mediaLibrary\/photo\/8b655fdd-f38f-4399-9d20-744e7db5293e\",\"privatePhotoUrl\":\"tenant\/658d9f90f0909def6c18fa2c\/mediaLibrary\/photo\/8b655fdd-f38f-4399-9d20-744e7db5293e-medium-standard-q100.jpeg?v=1774643377\",\"photoExtension\":\"jpeg?v=1774643377\",\"name\":\"seremibbnn\",\"photoVersion\":4,\"type\":\"image\"},\"slug\":\"https:\/\/www.radiopolar.com\/abogada-lorena-diaz-loaiza-asumio-seremi-bienes-nacionales-magallanes\",\"primaryAuthor\":{\"id\":\"65ea08428325aff9da63f8f9\",\"name\":\"Prensa Radio Polar\",\"authorName\":\"Prensa Radio Polar\",\"slug\":\"\/author\/prensa-radio-polar\"},\"datePublished\":\"2026-03-27 17:30:00\"},{\"title\":\"CRISTIAN MUGA ASUME COMO PRESIDENTE DEL DIRECTORIO DE ENAP\",\"image\":{\"publicUrl\":\"https:\/\/s3-mspro.nyc3.digitaloceanspaces.com\/tenant\/658d9f90f0909def6c18fa2c\/mediaLibrary\/photo\/91029a11-6f84-4658-8b48-1496e066d54d.jpeg\",\"privatePhotoUrlWithoutExtension\":\"tenant\/658d9f90f0909def6c18fa2c\/mediaLibrary\/photo\/91029a11-6f84-4658-8b48-1496e066d54d\",\"privatePhotoUrl\":\"tenant\/658d9f90f0909def6c18fa2c\/mediaLibrary\/photo\/91029a11-6f84-4658-8b48-1496e066d54d-medium-standard-q100.jpeg?v=1774635704\",\"photoExtension\":\"jpeg?v=1774635704\",\"name\":\"muga\",\"photoVersion\":4,\"type\":\"image\"},\"slug\":\"https:\/\/www.radiopolar.com\/cristian-muga-asume-presidente-directorio-enap\",\"primaryAuthor\":{\"id\":\"65ea08428325aff9da63f8f9\",\"name\":\"Prensa Radio Polar\",\"authorName\":\"Prensa Radio Polar\",\"slug\":\"\/author\/prensa-radio-polar\"},\"datePublished\":\"2026-03-27 17:00:00\"},{\"title\":\"INSPECTORA FALLECI\u00d3 TRAS SER APU\u00d1ALADA POR ALUMNO EN CALAMA\",\"image\":{\"publicUrl\":\"https:\/\/s3-mspro.nyc3.digitaloceanspaces.com\/tenant\/658d9f90f0909def6c18fa2c\/mediaLibrary\/photo\/3cc7fa9a-11ca-4668-8575-b9739887986a.jpg\",\"privatePhotoUrlWithoutExtension\":\"tenant\/658d9f90f0909def6c18fa2c\/mediaLibrary\/photo\/3cc7fa9a-11ca-4668-8575-b9739887986a\",\"privatePhotoUrl\":\"tenant\/658d9f90f0909def6c18fa2c\/mediaLibrary\/photo\/3cc7fa9a-11ca-4668-8575-b9739887986a-medium-standard-q100.jpg?v=1774635391\",\"photoExtension\":\"jpg?v=1774635391\",\"name\":\"comunciado-calama-2-768x432\",\"photoVersion\":4,\"type\":\"image\"},\"slug\":\"https:\/\/www.radiopolar.com\/inspectora-fallecio-apunalada-alumno-calama\",\"primaryAuthor\":{\"id\":\"65ea08428325aff9da63f8f9\",\"name\":\"Prensa Radio Polar\",\"authorName\":\"Prensa Radio Polar\",\"slug\":\"\/author\/prensa-radio-polar\"},\"datePublished\":\"2026-03-27 16:00:00\"},{\"title\":\"JORNADA EXTRAORDINARIA PARA EL PAGO DE PERMISOS DE CIRCULACI\u00d3N ESTE FIN DE SEMANA\",\"image\":{\"publicUrl\":\"https:\/\/s3-mspro.nyc3.digitaloceanspaces.com\/tenant\/658d9f90f0909def6c18fa2c\/mediaLibrary\/photo\/5a39228c-4416-46fe-a233-aa07250e0a7a.jpeg\",\"privatePhotoUrlWithoutExtension\":\"tenant\/658d9f90f0909def6c18fa2c\/mediaLibrary\/photo\/5a39228c-4416-46fe-a233-aa07250e0a7a\",\"privatePhotoUrl\":\"tenant\/658d9f90f0909def6c18fa2c\/mediaLibrary\/photo\/5a39228c-4416-46fe-a233-aa07250e0a7a-medium-standard-q100.jpeg?v=1774632079\",\"photoExtension\":\"jpeg?v=1774632079\",\"name\":\"SP 5\",\"photoVersion\":4,\"type\":\"image\"},\"slug\":\"https:\/\/www.radiopolar.com\/jornada-extraordinaria-pago-permisos-circulacion-semana\",\"primaryAuthor\":{\"id\":\"65ea08428325aff9da63f8f9\",\"name\":\"Prensa Radio Polar\",\"authorName\":\"Prensa Radio Polar\",\"slug\":\"\/author\/prensa-radio-polar\"},\"datePublished\":\"2026-03-27 15:00:00\"},{\"title\":\"EDELMAG DESPLIEGA EQUIPO ESPECIALIZADO A PUERTO WILLIAMS TRAS CORTE DE SUMINISTRO EL\u00c9CTRICO\",\"image\":{\"publicUrl\":\"https:\/\/s3-mspro.nyc3.digitaloceanspaces.com\/tenant\/658d9f90f0909def6c18fa2c\/mediaLibrary\/photo\/582c8ed7-b5e3-49bf-aa07-c329b57d0e3f.png\",\"privatePhotoUrlWithoutExtension\":\"tenant\/658d9f90f0909def6c18fa2c\/mediaLibrary\/photo\/582c8ed7-b5e3-49bf-aa07-c329b57d0e3f\",\"privatePhotoUrl\":\"tenant\/658d9f90f0909def6c18fa2c\/mediaLibrary\/photo\/582c8ed7-b5e3-49bf-aa07-c329b57d0e3f-medium-standard-q100.png?v=1774631740\",\"photoExtension\":\"png?v=1774631740\",\"name\":\"Central PW\",\"photoVersion\":4,\"type\":\"image\"},\"slug\":\"https:\/\/www.radiopolar.com\/edelmag-despliega-equipo-especializado-puerto-williams-corte-suministro-electrico\",\"primaryAuthor\":{\"id\":\"65ea08428325aff9da63f8f9\",\"name\":\"Prensa Radio Polar\",\"authorName\":\"Prensa Radio Polar\",\"slug\":\"\/author\/prensa-radio-polar\"},\"datePublished\":\"2026-03-27 14:00:00\"},{\"title\":\"DETIENEN A SUJETO TRAS ROBO EN PROGRAMA PARA PERSONAS EN SITUACI\u00d3N DE CALLE EN PUNTA ARENAS\",\"image\":{\"publicUrl\":\"https:\/\/s3-mspro.nyc3.digitaloceanspaces.com\/tenant\/658d9f90f0909def6c18fa2c\/mediaLibrary\/photo\/40fc7a61-6049-4b12-ba28-e1e9607a24e3.jpeg\",\"privatePhotoUrlWithoutExtension\":\"tenant\/658d9f90f0909def6c18fa2c\/mediaLibrary\/photo\/40fc7a61-6049-4b12-ba28-e1e9607a24e3\",\"privatePhotoUrl\":\"tenant\/658d9f90f0909def6c18fa2c\/mediaLibrary\/photo\/40fc7a61-6049-4b12-ba28-e1e9607a24e3-medium-standard-q100.jpeg?v=1774631354\",\"photoExtension\":\"jpeg?v=1774631354\",\"name\":\"detenidocementerio\",\"photoVersion\":4,\"type\":\"image\"},\"slug\":\"https:\/\/www.radiopolar.com\/detienen-sujeto-robo-programa-personas-situacion-calle-punta-arenas\",\"primaryAuthor\":{\"id\":\"65ea08428325aff9da63f8f9\",\"name\":\"Prensa Radio Polar\",\"authorName\":\"Prensa Radio Polar\",\"slug\":\"\/author\/prensa-radio-polar\"},\"datePublished\":\"2026-03-27 13:00:00\"},{\"title\":\"ALLAN STOWHAS ES DESIGNADO SEREMI DE TRANSPORTES Y TELECOMUNICACIONES EN LA REGI\u00d3N DE MAGALLANES\",\"image\":{\"publicUrl\":\"https:\/\/s3-mspro.nyc3.digitaloceanspaces.com\/tenant\/658d9f90f0909def6c18fa2c\/mediaLibrary\/photo\/e5d778d2-4001-4dc7-98a4-e8ad119e4435.jpeg\",\"privatePhotoUrlWithoutExtension\":\"tenant\/658d9f90f0909def6c18fa2c\/mediaLibrary\/photo\/e5d778d2-4001-4dc7-98a4-e8ad119e4435\",\"privatePhotoUrl\":\"tenant\/658d9f90f0909def6c18fa2c\/mediaLibrary\/photo\/e5d778d2-4001-4dc7-98a4-e8ad119e4435-medium-standard-q100.jpeg?v=1774618009\",\"photoExtension\":\"jpeg?v=1774618009\",\"name\":\"allan stowhas\",\"photoVersion\":4,\"type\":\"image\"},\"slug\":\"https:\/\/www.radiopolar.com\/allan-stowhas-designado-seremi-transportes-telecomunicaciones-region-magallanes\",\"primaryAuthor\":{\"id\":\"65ea08428325aff9da63f8f9\",\"name\":\"Prensa Radio Polar\",\"authorName\":\"Prensa Radio Polar\",\"slug\":\"\/author\/prensa-radio-polar\"},\"datePublished\":\"2026-03-27 12:30:00\"},{\"title\":\"INSTALAN EN MEMORIAL DE LA DIVERSIDAD NOMBRE DE REN\u00c9 M\u00c1RQUEZ\",\"image\":{\"publicUrl\":\"https:\/\/s3-mspro.nyc3.digitaloceanspaces.com\/tenant\/658d9f90f0909def6c18fa2c\/mediaLibrary\/photo\/5048693c-1dd7-4d04-a3e9-19fd6968df8b.jpeg\",\"privatePhotoUrlWithoutExtension\":\"tenant\/658d9f90f0909def6c18fa2c\/mediaLibrary\/photo\/5048693c-1dd7-4d04-a3e9-19fd6968df8b\",\"privatePhotoUrl\":\"tenant\/658d9f90f0909def6c18fa2c\/mediaLibrary\/photo\/5048693c-1dd7-4d04-a3e9-19fd6968df8b-medium-standard-q100.jpeg?v=1774626430\",\"photoExtension\":\"jpeg?v=1774626430\",\"name\":\"memorialzamudio\",\"photoVersion\":4,\"type\":\"image\"},\"slug\":\"https:\/\/www.radiopolar.com\/instalan-memorial-diversidad-nombre-rene-marquez\",\"primaryAuthor\":{\"id\":\"65ea08428325aff9da63f8f9\",\"name\":\"Prensa Radio Polar\",\"authorName\":\"Prensa Radio Polar\",\"slug\":\"\/author\/prensa-radio-polar\"},\"datePublished\":\"2026-03-27 12:00:00\"},{\"title\":\"LA JUNJI MAGALLANES RECONOCI\u00d3 A SUS \u201cMUJERES QUE INSPIRAN\u201d\",\"image\":{\"publicUrl\":\"https:\/\/s3-mspro.nyc3.digitaloceanspaces.com\/tenant\/658d9f90f0909def6c18fa2c\/mediaLibrary\/photo\/9e758bbb-614f-4c45-964f-15d48b49640e.JPG\",\"privatePhotoUrlWithoutExtension\":\"tenant\/658d9f90f0909def6c18fa2c\/mediaLibrary\/photo\/9e758bbb-614f-4c45-964f-15d48b49640e\",\"privatePhotoUrl\":\"tenant\/658d9f90f0909def6c18fa2c\/mediaLibrary\/photo\/9e758bbb-614f-4c45-964f-15d48b49640e-medium-standard-q100.jpg?v=1774619276\",\"photoExtension\":\"jpg?v=1774619276\",\"name\":\"Mujeres que inspiran de la Junji Magallanes\",\"photoVersion\":4,\"type\":\"image\"},\"slug\":\"https:\/\/www.radiopolar.com\/junji-magallanes-reconocio-mujeres-inspiran\",\"primaryAuthor\":{\"id\":\"65ea08428325aff9da63f8f9\",\"name\":\"Prensa Radio Polar\",\"authorName\":\"Prensa Radio Polar\",\"slug\":\"\/author\/prensa-radio-polar\"},\"datePublished\":\"2026-03-27 11:00:00\"},{\"title\":\"CONSEJO DEL SALM\u00d3N LLEVA AL EMBAJADOR DE EE.UU. A CONOCER POR PRIMERA VEZ UN CENTRO DE CULTIVO\",\"image\":{\"publicUrl\":\"https:\/\/s3-mspro.nyc3.digitaloceanspaces.com\/tenant\/658d9f90f0909def6c18fa2c\/mediaLibrary\/photo\/92ac1418-6fcc-45f4-a53f-182ca4a0ae5f.jpg\",\"privatePhotoUrlWithoutExtension\":\"tenant\/658d9f90f0909def6c18fa2c\/mediaLibrary\/photo\/92ac1418-6fcc-45f4-a53f-182ca4a0ae5f\",\"privatePhotoUrl\":\"tenant\/658d9f90f0909def6c18fa2c\/mediaLibrary\/photo\/92ac1418-6fcc-45f4-a53f-182ca4a0ae5f-medium-standard-q100.jpg?v=1774576225\",\"photoExtension\":\"jpg?v=1774576225\",\"name\":\"consejosalmon\",\"photoVersion\":4,\"type\":\"image\"},\"slug\":\"https:\/\/www.radiopolar.com\/consejo-salmon-embajador-eeuu-centro-cultivo\",\"primaryAuthor\":{\"id\":\"65ea08428325aff9da63f8f9\",\"name\":\"Prensa Radio Polar\",\"authorName\":\"Prensa Radio Polar\",\"slug\":\"\/author\/prensa-radio-polar\"},\"datePublished\":\"2026-03-27 10:00:00\"},{\"title\":\"ISL MAGALLANES LANZA CAMPA\u00d1A PARA DIFUNDIR EL SEGURO ESCOLAR\",\"image\":{\"publicUrl\":\"https:\/\/s3-mspro.nyc3.digitaloceanspaces.com\/tenant\/658d9f90f0909def6c18fa2c\/mediaLibrary\/photo\/c64288dd-f23d-4387-abd5-8607a3a127e8.jpeg\",\"privatePhotoUrlWithoutExtension\":\"tenant\/658d9f90f0909def6c18fa2c\/mediaLibrary\/photo\/c64288dd-f23d-4387-abd5-8607a3a127e8\",\"privatePhotoUrl\":\"tenant\/658d9f90f0909def6c18fa2c\/mediaLibrary\/photo\/c64288dd-f23d-4387-abd5-8607a3a127e8-medium-standard-q100.jpeg?v=1774575856\",\"photoExtension\":\"jpeg?v=1774575856\",\"name\":\"seguroescolar\",\"photoVersion\":4,\"type\":\"image\"},\"slug\":\"https:\/\/www.radiopolar.com\/isl-magallanes-lanza-campana-difundir-seguro-escolar\",\"primaryAuthor\":{\"id\":\"65ea08428325aff9da63f8f9\",\"name\":\"Prensa Radio Polar\",\"authorName\":\"Prensa Radio Polar\",\"slug\":\"\/author\/prensa-radio-polar\"},\"datePublished\":\"2026-03-27 09:00:00\"},{\"title\":\"GOBIERNO CONFIRMA QUE RETIRAR\u00c1 DEL CONGRESO LA NUEVA LEY DE PESCA, IMPULSADA POR LA ADMINISTRACI\u00d3N DE GABRIEL BORIC\",\"image\":{\"publicUrl\":\"https:\/\/s3-mspro.nyc3.digitaloceanspaces.com\/tenant\/658d9f90f0909def6c18fa2c\/mediaLibrary\/photo\/ea1f31f4-3c74-4fe8-8dad-744484c5b3be.jpg\",\"privatePhotoUrlWithoutExtension\":\"tenant\/658d9f90f0909def6c18fa2c\/mediaLibrary\/photo\/ea1f31f4-3c74-4fe8-8dad-744484c5b3be\",\"privatePhotoUrl\":\"tenant\/658d9f90f0909def6c18fa2c\/mediaLibrary\/photo\/ea1f31f4-3c74-4fe8-8dad-744484c5b3be-medium-standard-q100.jpg?v=1774575577\",\"photoExtension\":\"jpg?v=1774575577\",\"name\":\"leypesca\",\"photoVersion\":4,\"type\":\"image\"},\"slug\":\"https:\/\/www.radiopolar.com\/gobierno-confirma-retirara-congreso-ley-pesca-impulsada-administracion-gabriel-boric\",\"primaryAuthor\":{\"id\":\"65ea08428325aff9da63f8f9\",\"name\":\"Prensa Radio Polar\",\"authorName\":\"Prensa Radio Polar\",\"slug\":\"\/author\/prensa-radio-polar\"},\"datePublished\":\"2026-03-27 08:00:00\"},{\"title\":\"ALCALDE SE REUNI\u00d3 CON DUE\u00d1O DE FARMACIA LA ESTRELLA POR EVENTUAL SALIDA DE SUCURSAL DEL HOSPITAL\",\"image\":{\"publicUrl\":\"https:\/\/s3-mspro.nyc3.digitaloceanspaces.com\/tenant\/658d9f90f0909def6c18fa2c\/mediaLibrary\/photo\/c270b253-2d69-4848-9ab5-cda31e0e5ea4.png\",\"privatePhotoUrlWithoutExtension\":\"tenant\/658d9f90f0909def6c18fa2c\/mediaLibrary\/photo\/c270b253-2d69-4848-9ab5-cda31e0e5ea4\",\"privatePhotoUrl\":\"tenant\/658d9f90f0909def6c18fa2c\/mediaLibrary\/photo\/c270b253-2d69-4848-9ab5-cda31e0e5ea4-medium-standard-q100.png?v=1774575135\",\"photoExtension\":\"png?v=1774575135\",\"name\":\"farmaciaestrella\",\"photoVersion\":4,\"type\":\"image\"},\"slug\":\"https:\/\/www.radiopolar.com\/alcalde-reunio-dueno-farmacia-estrella-eventual-salida-sucursal-hospital\",\"primaryAuthor\":{\"id\":\"65ea08428325aff9da63f8f9\",\"name\":\"Prensa Radio Polar\",\"authorName\":\"Prensa Radio Polar\",\"slug\":\"\/author\/prensa-radio-polar\"},\"datePublished\":\"2026-03-27 07:00:00\"},{\"title\":\"GOBERNADORES REGIONALES ACUERDAN CON EL GOBIERNO CENTRAL QUE EL MINISTERIO DE TRANSPORTES ASUMA ADMINISTRACI\u00d3N Y FINANCIAMIENTO DE SUBSIDIOS POR MODIFICACIONES AL MEPCO\",\"image\":{\"publicUrl\":\"https:\/\/s3-mspro.nyc3.digitaloceanspaces.com\/tenant\/658d9f90f0909def6c18fa2c\/mediaLibrary\/photo\/22dc417a-a0cc-4a20-bf6b-b74e42917215.png\",\"privatePhotoUrlWithoutExtension\":\"tenant\/658d9f90f0909def6c18fa2c\/mediaLibrary\/photo\/22dc417a-a0cc-4a20-bf6b-b74e42917215\",\"privatePhotoUrl\":\"tenant\/658d9f90f0909def6c18fa2c\/mediaLibrary\/photo\/22dc417a-a0cc-4a20-bf6b-b74e42917215-medium-standard-q100.png?v=1774574544\",\"photoExtension\":\"png?v=1774574544\",\"name\":\"gobernadoresmepco\",\"photoVersion\":4,\"type\":\"image\"},\"slug\":\"https:\/\/www.radiopolar.com\/gobernadores-regionales-acuerdan-gobierno-central-ministerio-transportes-asuma-administracion-financiamiento-subsidios-modificaciones-mepco\",\"primaryAuthor\":{\"id\":\"65ea08428325aff9da63f8f9\",\"name\":\"Prensa Radio Polar\",\"authorName\":\"Prensa Radio Polar\",\"slug\":\"\/author\/prensa-radio-polar\"},\"datePublished\":\"2026-03-27 06:00:00\"},{\"title\":\"TURBERAS, LAS B\u00d3VEDAS DE LA NATURALEZA QUE CONTRIBUYEN A MITIGAR EL CAMBIO CLIM\u00c1TICO\",\"image\":{\"publicUrl\":\"https:\/\/s3-mspro.nyc3.digitaloceanspaces.com\/tenant\/658d9f90f0909def6c18fa2c\/mediaLibrary\/photo\/593e7382-70ca-4bc3-9da7-73ae5e30e572.jpg\",\"privatePhotoUrlWithoutExtension\":\"tenant\/658d9f90f0909def6c18fa2c\/mediaLibrary\/photo\/593e7382-70ca-4bc3-9da7-73ae5e30e572\",\"privatePhotoUrl\":\"tenant\/658d9f90f0909def6c18fa2c\/mediaLibrary\/photo\/593e7382-70ca-4bc3-9da7-73ae5e30e572-medium-standard-q100.jpg?v=1774574181\",\"photoExtension\":\"jpg?v=1774574181\",\"name\":\"Turberas 3\",\"photoVersion\":4,\"type\":\"image\"},\"slug\":\"https:\/\/www.radiopolar.com\/turberas-bovedas-naturaleza-contribuyen-mitigar-cambio-climatico\",\"primaryAuthor\":{\"id\":\"65ea08428325aff9da63f8f9\",\"name\":\"Prensa Radio Polar\",\"authorName\":\"Prensa Radio Polar\",\"slug\":\"\/author\/prensa-radio-polar\"},\"datePublished\":\"2026-03-27 05:00:00\"},{\"title\":\"GABRIEL MARI\u00c1N, EX VOCALISTA RATA BLANCA EN DREAMS PUNTA ARENAS\",\"image\":{\"publicUrl\":\"https:\/\/s3-mspro.nyc3.digitaloceanspaces.com\/tenant\/658d9f90f0909def6c18fa2c\/mediaLibrary\/photo\/351183c0-a57c-4f3d-be9c-3e479cb92470.jpg\",\"privatePhotoUrlWithoutExtension\":\"tenant\/658d9f90f0909def6c18fa2c\/mediaLibrary\/photo\/351183c0-a57c-4f3d-be9c-3e479cb92470\",\"privatePhotoUrl\":\"tenant\/658d9f90f0909def6c18fa2c\/mediaLibrary\/photo\/351183c0-a57c-4f3d-be9c-3e479cb92470-medium-standard-q100.jpg?v=1774573352\",\"photoExtension\":\"jpg?v=1774573352\",\"name\":\"FOTO GABRIEL MARIAN EX RATA BLANCA\",\"photoVersion\":4,\"type\":\"image\"},\"slug\":\"https:\/\/www.radiopolar.com\/gabriel-marian-vocalista-rata-blanca-dreams-punta-arenas\",\"primaryAuthor\":{\"id\":\"65ea08428325aff9da63f8f9\",\"name\":\"Prensa Radio Polar\",\"authorName\":\"Prensa Radio Polar\",\"slug\":\"\/author\/prensa-radio-polar\"},\"datePublished\":\"2026-03-27 04:00:00\"},{\"title\":\"PAMELA ADRIAZOLA ASUME COMO SUPERINTENDENTA SUBROGANTE DE EDUCACI\u00d3N\",\"image\":{\"publicUrl\":\"https:\/\/s3-mspro.nyc3.digitaloceanspaces.com\/tenant\/658d9f90f0909def6c18fa2c\/mediaLibrary\/photo\/22090277-5aca-4197-b0a5-6ad5cce4b420.jpg\",\"privatePhotoUrlWithoutExtension\":\"tenant\/658d9f90f0909def6c18fa2c\/mediaLibrary\/photo\/22090277-5aca-4197-b0a5-6ad5cce4b420\",\"privatePhotoUrl\":\"tenant\/658d9f90f0909def6c18fa2c\/mediaLibrary\/photo\/22090277-5aca-4197-b0a5-6ad5cce4b420-medium-standard-q100.jpg?v=1774572923\",\"photoExtension\":\"jpg?v=1774572923\",\"name\":\"superintendenta(s)_horizontal\",\"photoVersion\":4,\"type\":\"image\"},\"slug\":\"https:\/\/www.radiopolar.com\/pamela-adriazola-asume-superintendenta-subrogante-educacion\",\"primaryAuthor\":{\"id\":\"65ea08428325aff9da63f8f9\",\"name\":\"Prensa Radio Polar\",\"authorName\":\"Prensa Radio Polar\",\"slug\":\"\/author\/prensa-radio-polar\"},\"datePublished\":\"2026-03-27 03:00:00\"},{\"title\":\"DECLARACI\u00d3N P\u00daBLICA | MIRADA REGIONAL FRENTE A UNA CRISIS\",\"image\":{\"publicUrl\":\"https:\/\/s3-mspro.nyc3.digitaloceanspaces.com\/tenant\/658d9f90f0909def6c18fa2c\/mediaLibrary\/photo\/80ab522d-b299-41d3-af5a-67770a911ab4.png\",\"privatePhotoUrlWithoutExtension\":\"tenant\/658d9f90f0909def6c18fa2c\/mediaLibrary\/photo\/80ab522d-b299-41d3-af5a-67770a911ab4\",\"privatePhotoUrl\":\"tenant\/658d9f90f0909def6c18fa2c\/mediaLibrary\/photo\/80ab522d-b299-41d3-af5a-67770a911ab4-medium-standard-q100.png?v=1722292554\",\"photoExtension\":\"png?v=1722292554\",\"name\":\"CPCMAGALLANES\",\"photoVersion\":4,\"type\":\"image\"},\"slug\":\"https:\/\/www.radiopolar.com\/declaracion-publica-mirada-regional-frente-crisis\",\"primaryAuthor\":{\"id\":\"65ea08428325aff9da63f8f9\",\"name\":\"Prensa Radio Polar\",\"authorName\":\"Prensa Radio Polar\",\"slug\":\"\/author\/prensa-radio-polar\"},\"datePublished\":\"2026-03-27 02:00:00\"},{\"title\":\"COLUMNA DE OPINI\u00d3N | EX CLUB H\u00cdPICO: CUANDO LA POL\u00cdTICA BORRA EL TRABAJO DEL ESTADO\",\"image\":{\"publicUrl\":\"https:\/\/s3-mspro.nyc3.digitaloceanspaces.com\/tenant\/658d9f90f0909def6c18fa2c\/mediaLibrary\/photo\/66173210-7037-4cb7-825a-a1176c3b68e2.jpg\",\"privatePhotoUrlWithoutExtension\":\"tenant\/658d9f90f0909def6c18fa2c\/mediaLibrary\/photo\/66173210-7037-4cb7-825a-a1176c3b68e2\",\"privatePhotoUrl\":\"tenant\/658d9f90f0909def6c18fa2c\/mediaLibrary\/photo\/66173210-7037-4cb7-825a-a1176c3b68e2-medium-standard-q100.jpg?v=1774571199\",\"photoExtension\":\"jpg?v=1774571199\",\"name\":\"marcouribesaldivia\",\"photoVersion\":4,\"type\":\"image\"},\"slug\":\"https:\/\/www.radiopolar.com\/columna-opinion-club-hipico-politica-borra\",\"primaryAuthor\":{\"id\":\"65ea08428325aff9da63f8f9\",\"name\":\"Prensa Radio Polar\",\"authorName\":\"Prensa Radio Polar\",\"slug\":\"\/author\/prensa-radio-polar\"},\"datePublished\":\"2026-03-27 01:00:00\"},{\"title\":\"DELEGADO MONCADA LIDERA SU PRIMER PLENARIO DE SERVICIOS P\u00daBLICOS EN LA PROVINCIA ANT\u00c1RTICA CHILENA\",\"image\":{\"publicUrl\":\"https:\/\/s3-mspro.nyc3.digitaloceanspaces.com\/tenant\/658d9f90f0909def6c18fa2c\/mediaLibrary\/photo\/bf8fbe17-4792-4af1-9b7b-978df7c84e2f.jpg\",\"privatePhotoUrlWithoutExtension\":\"tenant\/658d9f90f0909def6c18fa2c\/mediaLibrary\/photo\/bf8fbe17-4792-4af1-9b7b-978df7c84e2f\",\"privatePhotoUrl\":\"tenant\/658d9f90f0909def6c18fa2c\/mediaLibrary\/photo\/bf8fbe17-4792-4af1-9b7b-978df7c84e2f-medium-standard-q100.jpg?v=1774570192\",\"photoExtension\":\"jpg?v=1774570192\",\"name\":\"dppmoncada\",\"photoVersion\":4,\"type\":\"image\"},\"slug\":\"https:\/\/www.radiopolar.com\/delegado-moncada-lidera-plenario-servicios-publicos-provincia-antartica-chilena\",\"primaryAuthor\":{\"id\":\"65ea08428325aff9da63f8f9\",\"name\":\"Prensa Radio Polar\",\"authorName\":\"Prensa Radio Polar\",\"slug\":\"\/author\/prensa-radio-polar\"},\"datePublished\":\"2026-03-27 00:00:00\"},{\"title\":\"SERNAMEG EXTIENDE INSCRIPCIONES DEL PROGRAMA MUJER Y PARTICIPACI\u00d3N POL\u00cdTICA Y SOCIAL EN MAGALLANES\",\"image\":{\"publicUrl\":\"https:\/\/s3-mspro.nyc3.digitaloceanspaces.com\/tenant\/658d9f90f0909def6c18fa2c\/mediaLibrary\/photo\/c3632d5a-e172-467f-9802-94884743b18d.png\",\"privatePhotoUrlWithoutExtension\":\"tenant\/658d9f90f0909def6c18fa2c\/mediaLibrary\/photo\/c3632d5a-e172-467f-9802-94884743b18d\",\"privatePhotoUrl\":\"tenant\/658d9f90f0909def6c18fa2c\/mediaLibrary\/photo\/c3632d5a-e172-467f-9802-94884743b18d-medium-standard-q100.png?v=1774569554\",\"photoExtension\":\"png?v=1774569554\",\"name\":\"MPPS\",\"photoVersion\":4,\"type\":\"image\"},\"slug\":\"https:\/\/www.radiopolar.com\/sernameg-extiende-inscripciones-programa-mujer-participacion-politica-social-magallanes\",\"primaryAuthor\":{\"id\":\"65ea08428325aff9da63f8f9\",\"name\":\"Prensa Radio Polar\",\"authorName\":\"Prensa Radio Polar\",\"slug\":\"\/author\/prensa-radio-polar\"},\"datePublished\":\"2026-03-26 23:00:00\"},{\"title\":\"DELEGADA PRESIDENCIAL ERICKA FARIAS LLAMA A LA TRANQUILIDAD POR ALZA DE COMBUSTIBLES Y DESCARTA UN \u201cESTADO QUEBRADO\u201d\",\"image\":{\"publicUrl\":\"https:\/\/s3-mspro.nyc3.digitaloceanspaces.com\/tenant\/658d9f90f0909def6c18fa2c\/mediaLibrary\/photo\/bd96a7cc-13f0-4b5f-8ea7-c84c1c6bfc8d.jpeg\",\"privatePhotoUrlWithoutExtension\":\"tenant\/658d9f90f0909def6c18fa2c\/mediaLibrary\/photo\/bd96a7cc-13f0-4b5f-8ea7-c84c1c6bfc8d\",\"privatePhotoUrl\":\"tenant\/658d9f90f0909def6c18fa2c\/mediaLibrary\/photo\/bd96a7cc-13f0-4b5f-8ea7-c84c1c6bfc8d-medium-standard-q100.jpeg?v=1774579572\",\"photoExtension\":\"jpeg?v=1774579572\",\"name\":\"dppfarias\",\"photoVersion\":4,\"type\":\"image\"},\"slug\":\"https:\/\/www.radiopolar.com\/delegada-presidencial-ericka-farias-llama-tranquilidad-alza-combustibles-descarta-quebrado\",\"primaryAuthor\":{\"id\":\"65ea08428325aff9da63f8f9\",\"name\":\"Prensa Radio Polar\",\"authorName\":\"Prensa Radio Polar\",\"slug\":\"\/author\/prensa-radio-polar\"},\"datePublished\":\"2026-03-26 22:30:00\"},{\"title\":\"GOBIERNO NOMBRA A JOS\u00c9 IGNACIO MUJICA, SOCIO FUNDADOR DE AMERIS, COMO VICEPRESIDENTE EJECUTIVO DE CORFO\",\"image\":{\"publicUrl\":\"https:\/\/s3-mspro.nyc3.digitaloceanspaces.com\/tenant\/658d9f90f0909def6c18fa2c\/mediaLibrary\/photo\/407e6a8e-aeda-4878-b18c-d95df548ce35.jpeg\",\"privatePhotoUrlWithoutExtension\":\"tenant\/658d9f90f0909def6c18fa2c\/mediaLibrary\/photo\/407e6a8e-aeda-4878-b18c-d95df548ce35\",\"privatePhotoUrl\":\"tenant\/658d9f90f0909def6c18fa2c\/mediaLibrary\/photo\/407e6a8e-aeda-4878-b18c-d95df548ce35-medium-standard-q100.jpeg?v=1774567167\",\"photoExtension\":\"jpeg?v=1774567167\",\"name\":\"Jose_Mujica_-_Director_Private_Equity\",\"photoVersion\":4,\"type\":\"image\"},\"slug\":\"https:\/\/www.radiopolar.com\/gobierno-nombra-jose-ignacio-mujica-socio-fundador-ameris-vicepresidente-ejecutivo-corfo\",\"primaryAuthor\":{\"id\":\"65ea08428325aff9da63f8f9\",\"name\":\"Prensa Radio Polar\",\"authorName\":\"Prensa Radio Polar\",\"slug\":\"\/author\/prensa-radio-polar\"},\"datePublished\":\"2026-03-26 22:00:00\"},{\"title\":\"ALLAN STOWHAS ABORDA DEMORA EN NOMBRAMIENTOS DE SEREMIS Y ADVIERTE CRISIS NACIONAL QUE JUSTIFICA UN \u201cGOBIERNO DE EMERGENCIA\u201d\",\"image\":{\"publicUrl\":\"https:\/\/s3-mspro.nyc3.digitaloceanspaces.com\/tenant\/658d9f90f0909def6c18fa2c\/mediaLibrary\/photo\/18bd6cdf-c8dc-45f8-a5be-c1327c53cdcc.jpeg\",\"privatePhotoUrlWithoutExtension\":\"tenant\/658d9f90f0909def6c18fa2c\/mediaLibrary\/photo\/18bd6cdf-c8dc-45f8-a5be-c1327c53cdcc\",\"privatePhotoUrl\":\"tenant\/658d9f90f0909def6c18fa2c\/mediaLibrary\/photo\/18bd6cdf-c8dc-45f8-a5be-c1327c53cdcc-medium-standard-q100.jpeg?v=1774577285\",\"photoExtension\":\"jpeg?v=1774577285\",\"name\":\"astowhas\",\"photoVersion\":4,\"type\":\"image\"},\"slug\":\"https:\/\/www.radiopolar.com\/allan-stowhas-aborda-demora-nombramientos-seremis-advierte-crisis-nacional-justifica-gobierno-emergencia\",\"primaryAuthor\":{\"id\":\"65ea08428325aff9da63f8f9\",\"name\":\"Prensa Radio Polar\",\"authorName\":\"Prensa Radio Polar\",\"slug\":\"\/author\/prensa-radio-polar\"},\"datePublished\":\"2026-03-26 21:45:00\"},{\"title\":\"INSTITUTO BRIT\u00c1NICO INVITA A LA COMUNIDAD A SUMARSE A SUS CURSOS DE INGL\u00c9S 2026\",\"image\":{\"publicUrl\":\"https:\/\/s3-mspro.nyc3.digitaloceanspaces.com\/tenant\/658d9f90f0909def6c18fa2c\/mediaLibrary\/photo\/53128003-76d7-4534-b3f4-2621082074a6.jpeg\",\"privatePhotoUrlWithoutExtension\":\"tenant\/658d9f90f0909def6c18fa2c\/mediaLibrary\/photo\/53128003-76d7-4534-b3f4-2621082074a6\",\"privatePhotoUrl\":\"tenant\/658d9f90f0909def6c18fa2c\/mediaLibrary\/photo\/53128003-76d7-4534-b3f4-2621082074a6-medium-standard-q100.jpeg?v=1774576601\",\"photoExtension\":\"jpeg?v=1774576601\",\"name\":\"binstitute\",\"photoVersion\":4,\"type\":\"image\"},\"slug\":\"https:\/\/www.radiopolar.com\/instituto-britanico-invita-comunidad-sumarse-cursos-ingles-2026\",\"primaryAuthor\":{\"id\":\"65ea08428325aff9da63f8f9\",\"name\":\"Prensa Radio Polar\",\"authorName\":\"Prensa Radio Polar\",\"slug\":\"\/author\/prensa-radio-polar\"},\"datePublished\":\"2026-03-26 21:15:00\"},{\"title\":\"\"NO AFECTEMOS M\u00c1S A LA PATRIA\": CON LLAMADO A EVITAR PROTESTAS KAST FIRMA LEY DE EMERGENCIA ENERG\u00c9TICA\",\"image\":{\"publicUrl\":\"https:\/\/s3-mspro.nyc3.digitaloceanspaces.com\/tenant\/658d9f90f0909def6c18fa2c\/mediaLibrary\/photo\/f98b5d4e-012a-42f3-9887-21db77b03535.webp\",\"privatePhotoUrlWithoutExtension\":\"tenant\/658d9f90f0909def6c18fa2c\/mediaLibrary\/photo\/f98b5d4e-012a-42f3-9887-21db77b03535\",\"privatePhotoUrl\":\"tenant\/658d9f90f0909def6c18fa2c\/mediaLibrary\/photo\/f98b5d4e-012a-42f3-9887-21db77b03535-medium-standard-q100.webp?v=1774549620\",\"photoExtension\":\"webp?v=1774549620\",\"name\":\"22no-afectemos-mas-a-la-patria22-con-llamado-a-evitar-protestas-kast-firma-ley-de-emergencia-energetica-750x400\",\"photoVersion\":4,\"type\":\"image\"},\"slug\":\"https:\/\/www.radiopolar.com\/afectemos-patria-llamado-evitar-protestas-kast-firma-ley-emergencia-energetica\",\"primaryAuthor\":{\"id\":\"65ea08428325aff9da63f8f9\",\"name\":\"Prensa Radio Polar\",\"authorName\":\"Prensa Radio Polar\",\"slug\":\"\/author\/prensa-radio-polar\"},\"datePublished\":\"2026-03-26 21:00:00\"},{\"title\":\"LOS ATLETAS DE LA RISA Y SU CONTAGIOSO HUMOR EN DREAMS PUNTA ARENAS\",\"image\":{\"publicUrl\":\"https:\/\/s3-mspro.nyc3.digitaloceanspaces.com\/tenant\/658d9f90f0909def6c18fa2c\/mediaLibrary\/photo\/5469c2d6-36ad-4c76-b70f-83bbd0e2fd4d.jpg\",\"privatePhotoUrlWithoutExtension\":\"tenant\/658d9f90f0909def6c18fa2c\/mediaLibrary\/photo\/5469c2d6-36ad-4c76-b70f-83bbd0e2fd4d\",\"privatePhotoUrl\":\"tenant\/658d9f90f0909def6c18fa2c\/mediaLibrary\/photo\/5469c2d6-36ad-4c76-b70f-83bbd0e2fd4d-medium-standard-q100.jpg?v=1774549137\",\"photoExtension\":\"jpg?v=1774549137\",\"name\":\"FOTO ATLETAS DE LA RISA\",\"photoVersion\":4,\"type\":\"image\"},\"slug\":\"https:\/\/www.radiopolar.com\/atletas-risa-contagioso-humor-dreams-punta-arenas\",\"primaryAuthor\":{\"id\":\"65ea08428325aff9da63f8f9\",\"name\":\"Prensa Radio Polar\",\"authorName\":\"Prensa Radio Polar\",\"slug\":\"\/author\/prensa-radio-polar\"},\"datePublished\":\"2026-03-26 20:00:00\"},{\"title\":\"ADJUDICAN OBRAS DE MEJORAMIENTO DEL PARQUE MAR\u00cdA BEHETY\",\"image\":{\"publicUrl\":\"https:\/\/s3-mspro.nyc3.digitaloceanspaces.com\/tenant\/658d9f90f0909def6c18fa2c\/mediaLibrary\/photo\/f8223d45-76c4-44ec-bb96-0a595fc0b1d2.jpeg\",\"privatePhotoUrlWithoutExtension\":\"tenant\/658d9f90f0909def6c18fa2c\/mediaLibrary\/photo\/f8223d45-76c4-44ec-bb96-0a595fc0b1d2\",\"privatePhotoUrl\":\"tenant\/658d9f90f0909def6c18fa2c\/mediaLibrary\/photo\/f8223d45-76c4-44ec-bb96-0a595fc0b1d2-medium-standard-q100.jpeg?v=1774548779\",\"photoExtension\":\"jpeg?v=1774548779\",\"name\":\"PB 5\",\"photoVersion\":4,\"type\":\"image\"},\"slug\":\"https:\/\/www.radiopolar.com\/adjudican-obras-mejoramiento-parque-maria-behety\",\"primaryAuthor\":{\"id\":\"65ea08428325aff9da63f8f9\",\"name\":\"Prensa Radio Polar\",\"authorName\":\"Prensa Radio Polar\",\"slug\":\"\/author\/prensa-radio-polar\"},\"datePublished\":\"2026-03-26 19:00:00\"},{\"title\":\"CLUB NATALES SE ADJUDICA FONDO ENAP IMPULSA 2025 Y CONCRETA ALBERGUE DEPORTIVO PARA 24 PERSONAS\",\"image\":{\"publicUrl\":\"https:\/\/s3-mspro.nyc3.digitaloceanspaces.com\/tenant\/658d9f90f0909def6c18fa2c\/mediaLibrary\/photo\/75c082b0-00e1-4559-b31d-65b3d71c4b8d.jpeg\",\"privatePhotoUrlWithoutExtension\":\"tenant\/658d9f90f0909def6c18fa2c\/mediaLibrary\/photo\/75c082b0-00e1-4559-b31d-65b3d71c4b8d\",\"privatePhotoUrl\":\"tenant\/658d9f90f0909def6c18fa2c\/mediaLibrary\/photo\/75c082b0-00e1-4559-b31d-65b3d71c4b8d-medium-standard-q100.jpeg?v=1774548437\",\"photoExtension\":\"jpeg?v=1774548437\",\"name\":\"clubnatales\",\"photoVersion\":4,\"type\":\"image\"},\"slug\":\"https:\/\/www.radiopolar.com\/club-natales-adjudica-fondo-enap-impulsa-2025-concreta-albergue-deportivo-24-personas\",\"primaryAuthor\":{\"id\":\"65ea08428325aff9da63f8f9\",\"name\":\"Prensa Radio Polar\",\"authorName\":\"Prensa Radio Polar\",\"slug\":\"\/author\/prensa-radio-polar\"},\"datePublished\":\"2026-03-26 18:00:00\"},{\"title\":\"PRESENTAN GU\u00cdA T\u00c9CNICA QUE FORTALECE LA SEGURIDAD LABORAL EN LA INDUSTRIA DEL HIDR\u00d3GENO RENOVABLE\",\"image\":{\"publicUrl\":\"https:\/\/s3-mspro.nyc3.digitaloceanspaces.com\/tenant\/658d9f90f0909def6c18fa2c\/mediaLibrary\/photo\/ab976b44-8b16-4135-9598-50678664b977.JPG\",\"privatePhotoUrlWithoutExtension\":\"tenant\/658d9f90f0909def6c18fa2c\/mediaLibrary\/photo\/ab976b44-8b16-4135-9598-50678664b977\",\"privatePhotoUrl\":\"tenant\/658d9f90f0909def6c18fa2c\/mediaLibrary\/photo\/ab976b44-8b16-4135-9598-50678664b977-medium-standard-q100.jpg?v=1774548063\",\"photoExtension\":\"jpg?v=1774548063\",\"name\":\"Seminario UMAG 1\",\"photoVersion\":4,\"type\":\"image\"},\"slug\":\"https:\/\/www.radiopolar.com\/presentan-guia-tecnica-fortalece-seguridad-laboral-industria-hidrogeno-renovable\",\"primaryAuthor\":{\"id\":\"65ea08428325aff9da63f8f9\",\"name\":\"Prensa Radio Polar\",\"authorName\":\"Prensa Radio Polar\",\"slug\":\"\/author\/prensa-radio-polar\"},\"datePublished\":\"2026-03-26 17:00:00\"},{\"title\":\"SERVIU PRESENT\u00d3 A LA COMUNIDAD DE VILLA RENOVAL EL DISE\u00d1O PARA NUEVA PLAZA Y ESPACIOS P\u00daBLICOS\",\"image\":{\"publicUrl\":\"https:\/\/s3-mspro.nyc3.digitaloceanspaces.com\/tenant\/658d9f90f0909def6c18fa2c\/mediaLibrary\/photo\/74136a1b-b3e6-4048-bb90-919acc7f51c6.jpg\",\"privatePhotoUrlWithoutExtension\":\"tenant\/658d9f90f0909def6c18fa2c\/mediaLibrary\/photo\/74136a1b-b3e6-4048-bb90-919acc7f51c6\",\"privatePhotoUrl\":\"tenant\/658d9f90f0909def6c18fa2c\/mediaLibrary\/photo\/74136a1b-b3e6-4048-bb90-919acc7f51c6-medium-standard-q100.jpg?v=1774547785\",\"photoExtension\":\"jpg?v=1774547785\",\"name\":\"SERVIU - Dise\u00f1o plaza Villa Renoval_3\",\"photoVersion\":4,\"type\":\"image\"},\"slug\":\"https:\/\/www.radiopolar.com\/serviu-presento-comunidad-villa-renoval-diseno-plaza-espacios-publicos\",\"primaryAuthor\":{\"id\":\"65ea08428325aff9da63f8f9\",\"name\":\"Prensa Radio Polar\",\"authorName\":\"Prensa Radio Polar\",\"slug\":\"\/author\/prensa-radio-polar\"},\"datePublished\":\"2026-03-26 16:00:00\"},{\"title\":\"DPP DE \u00daLTIMA ESPERANZA LIBER LAZO DESTACA HITO DE SEGURIDAD LABORAL EN OBRA DEL PUENTE SOBRE EL R\u00cdO RUBENS\",\"image\":{\"publicUrl\":\"https:\/\/s3-mspro.nyc3.digitaloceanspaces.com\/tenant\/658d9f90f0909def6c18fa2c\/mediaLibrary\/photo\/ddb81aba-554d-4b94-8194-6e862f5a7dc7.jpg\",\"privatePhotoUrlWithoutExtension\":\"tenant\/658d9f90f0909def6c18fa2c\/mediaLibrary\/photo\/ddb81aba-554d-4b94-8194-6e862f5a7dc7\",\"privatePhotoUrl\":\"tenant\/658d9f90f0909def6c18fa2c\/mediaLibrary\/photo\/ddb81aba-554d-4b94-8194-6e862f5a7dc7-medium-standard-q100.jpg?v=1774547249\",\"photoExtension\":\"jpg?v=1774547249\",\"name\":\"dppseguridadlaboral\",\"photoVersion\":4,\"type\":\"image\"},\"slug\":\"https:\/\/www.radiopolar.com\/dpp-esperanza-liber-lazo-destaca-hito-seguridad-laboral-obra-puente-rio-rubens\",\"primaryAuthor\":{\"id\":\"65ea08428325aff9da63f8f9\",\"name\":\"Prensa Radio Polar\",\"authorName\":\"Prensa Radio Polar\",\"slug\":\"\/author\/prensa-radio-polar\"},\"datePublished\":\"2026-03-26 15:00:00\"},{\"title\":\"\u201cTENEMOS UNA OPORTUNIDAD GIGANTESCA\u201d: GOBERNADOR PARTICIPA DE LA FERIA ACU\u00cdCOLA M\u00c1S GRANDE DEL HEMISFERIO SUR Y GESTIONA BILATERAL ENTRE PESCADORES ARTESANALES Y SUBSECRETARIO DE PESCA\",\"image\":{\"publicUrl\":\"https:\/\/s3-mspro.nyc3.digitaloceanspaces.com\/tenant\/658d9f90f0909def6c18fa2c\/mediaLibrary\/photo\/f45cc3fe-c54e-4de6-9719-812702f1ddc5.jpeg\",\"privatePhotoUrlWithoutExtension\":\"tenant\/658d9f90f0909def6c18fa2c\/mediaLibrary\/photo\/f45cc3fe-c54e-4de6-9719-812702f1ddc5\",\"privatePhotoUrl\":\"tenant\/658d9f90f0909def6c18fa2c\/mediaLibrary\/photo\/f45cc3fe-c54e-4de6-9719-812702f1ddc5-medium-standard-q100.jpeg?v=1774546149\",\"photoExtension\":\"jpeg?v=1774546149\",\"name\":\"gobernadorconsejosalmon\",\"photoVersion\":4,\"type\":\"image\"},\"slug\":\"https:\/\/www.radiopolar.com\/oportunidad-gigantesca-gobernador-participa-feria-acuicola-grande-hemisferio-sur-gestiona-bilateral-pescadores-artesanales-subsecretario-pesca\",\"primaryAuthor\":{\"id\":\"65ea08428325aff9da63f8f9\",\"name\":\"Prensa Radio Polar\",\"authorName\":\"Prensa Radio Polar\",\"slug\":\"\/author\/prensa-radio-polar\"},\"datePublished\":\"2026-03-26 14:00:00\"},{\"title\":\"PORVENIRE\u00d1O FABI\u00c1N BARRIENTOS ANDRADE ES DESIGNADO SEREMI DE SALUD EN LA REGI\u00d3N DE MAGALLANES\",\"image\":{\"publicUrl\":\"https:\/\/s3-mspro.nyc3.digitaloceanspaces.com\/tenant\/658d9f90f0909def6c18fa2c\/mediaLibrary\/photo\/3064d355-e25c-4eb2-9640-a78180bc6f02.jpg\",\"privatePhotoUrlWithoutExtension\":\"tenant\/658d9f90f0909def6c18fa2c\/mediaLibrary\/photo\/3064d355-e25c-4eb2-9640-a78180bc6f02\",\"privatePhotoUrl\":\"tenant\/658d9f90f0909def6c18fa2c\/mediaLibrary\/photo\/3064d355-e25c-4eb2-9640-a78180bc6f02-medium-standard-q100.jpg?v=1774541634\",\"photoExtension\":\"jpg?v=1774541634\",\"name\":\"Fabia\u0301n Barrientos Andrade\",\"photoVersion\":4,\"type\":\"image\"},\"slug\":\"https:\/\/www.radiopolar.com\/porvenireno-fabian-barrientos-andrade-designado-seremi-salud-region-magallanes\",\"primaryAuthor\":{\"id\":\"65ea08428325aff9da63f8f9\",\"name\":\"Prensa Radio Polar\",\"authorName\":\"Prensa Radio Polar\",\"slug\":\"\/author\/prensa-radio-polar\"},\"datePublished\":\"2026-03-26 13:11:00\"},{\"title\":\"CONAF DECRETA CIERRE ANTICIPADO DEL CIRCUITO \u201cO\u201d EN TORRES DEL PAINE POR CONDICIONES CLIM\u00c1TICAS EXTREMAS\",\"image\":{\"publicUrl\":\"https:\/\/s3-mspro.nyc3.digitaloceanspaces.com\/tenant\/658d9f90f0909def6c18fa2c\/mediaLibrary\/photo\/123981-medium-standard-q100.jpg\",\"privatePhotoUrlWithoutExtension\":\"tenant\/658d9f90f0909def6c18fa2c\/mediaLibrary\/photo\/123981\",\"privatePhotoUrl\":\"tenant\/658d9f90f0909def6c18fa2c\/mediaLibrary\/photo\/123981-medium-standard-q100.jpg\",\"photoExtension\":\"jpg\",\"name\":\"SE REGISTR\u00d3 LEVE MOVIMIENTO S\u00cdSMICO EN PARQUE NACIONAL TORRES DEL PAINE\",\"photoVersion\":4,\"type\":\"image\"},\"slug\":\"https:\/\/www.radiopolar.com\/conaf-decreta-cierre-anticipado-circuito-torres-paine-condiciones-climaticas-extremas\",\"primaryAuthor\":{\"id\":\"65ea08428325aff9da63f8f9\",\"name\":\"Prensa Radio Polar\",\"authorName\":\"Prensa Radio Polar\",\"slug\":\"\/author\/prensa-radio-polar\"},\"datePublished\":\"2026-03-26 12:00:00\"},{\"title\":\"CLUB DEPORTIVO FLOWRUNNERS PRESENTA INDUMENTARIA DE COMPETICI\u00d3N Y OFICIALIZA A DOS RECONOCIDOS ENTRENADORES DEL ATLETISMO REGIONAL Y NACIONAL\",\"image\":{\"publicUrl\":\"https:\/\/s3-mspro.nyc3.digitaloceanspaces.com\/tenant\/658d9f90f0909def6c18fa2c\/mediaLibrary\/photo\/2b9eaade-c83f-48c7-bc93-5367095bbe2e.jpg\",\"privatePhotoUrlWithoutExtension\":\"tenant\/658d9f90f0909def6c18fa2c\/mediaLibrary\/photo\/2b9eaade-c83f-48c7-bc93-5367095bbe2e\",\"privatePhotoUrl\":\"tenant\/658d9f90f0909def6c18fa2c\/mediaLibrary\/photo\/2b9eaade-c83f-48c7-bc93-5367095bbe2e-medium-standard-q100.jpg?v=1774490357\",\"photoExtension\":\"jpg?v=1774490357\",\"name\":\"flowrunners\",\"photoVersion\":4,\"type\":\"image\"},\"slug\":\"https:\/\/www.radiopolar.com\/club-deportivo-flowrunners-presenta-indumentaria-competicion-oficializa-reconocidos-entrenadores-atletismo-regional-nacional\",\"primaryAuthor\":{\"id\":\"65ea08428325aff9da63f8f9\",\"name\":\"Prensa Radio Polar\",\"authorName\":\"Prensa Radio Polar\",\"slug\":\"\/author\/prensa-radio-polar\"},\"datePublished\":\"2026-03-26 11:00:00\"},{\"title\":\"AGIA INVITA A NUEVOS SOCIOS Y PROYECTA EXPO MAGALLANES 2027\",\"image\":{\"publicUrl\":\"https:\/\/s3-mspro.nyc3.digitaloceanspaces.com\/tenant\/658d9f90f0909def6c18fa2c\/mediaLibrary\/photo\/beb068f4-0678-4bb5-980d-000761584804.JPG\",\"privatePhotoUrlWithoutExtension\":\"tenant\/658d9f90f0909def6c18fa2c\/mediaLibrary\/photo\/beb068f4-0678-4bb5-980d-000761584804\",\"privatePhotoUrl\":\"tenant\/658d9f90f0909def6c18fa2c\/mediaLibrary\/photo\/beb068f4-0678-4bb5-980d-000761584804-medium-standard-q100.jpg?v=1767374157\",\"photoExtension\":\"jpg?v=1767374157\",\"name\":\"AGIA\",\"photoVersion\":4,\"type\":\"image\"},\"slug\":\"https:\/\/www.radiopolar.com\/agia-invita-socios-proyecta-expo-magallanes-2027\",\"primaryAuthor\":{\"id\":\"65ea08428325aff9da63f8f9\",\"name\":\"Prensa Radio Polar\",\"authorName\":\"Prensa Radio Polar\",\"slug\":\"\/author\/prensa-radio-polar\"},\"datePublished\":\"2026-03-26 10:00:00\"},{\"title\":\"LABORATORIO \"EMB. JORGE BERGU\u00d1O BARNES\" IMPULSA LA FORMACI\u00d3N DE CAPITAL HUMANO AVANZADO EN CIENCIA ANT\u00c1RTICA\",\"image\":{\"publicUrl\":\"https:\/\/s3-mspro.nyc3.digitaloceanspaces.com\/tenant\/658d9f90f0909def6c18fa2c\/mediaLibrary\/photo\/adc0dae5-d13e-454f-8c68-7ea62458328d.jpg\",\"privatePhotoUrlWithoutExtension\":\"tenant\/658d9f90f0909def6c18fa2c\/mediaLibrary\/photo\/adc0dae5-d13e-454f-8c68-7ea62458328d\",\"privatePhotoUrl\":\"tenant\/658d9f90f0909def6c18fa2c\/mediaLibrary\/photo\/adc0dae5-d13e-454f-8c68-7ea62458328d-medium-standard-q100.jpg?v=1774489743\",\"photoExtension\":\"jpg?v=1774489743\",\"name\":\"inachlaboratorio\",\"photoVersion\":4,\"type\":\"image\"},\"slug\":\"https:\/\/www.radiopolar.com\/laboratorio-emb-jorge-berguno-barnes-impulsa-formacion-capital-humano-avanzado-ciencia-antartica\",\"primaryAuthor\":{\"id\":\"65ea08428325aff9da63f8f9\",\"name\":\"Prensa Radio Polar\",\"authorName\":\"Prensa Radio Polar\",\"slug\":\"\/author\/prensa-radio-polar\"},\"datePublished\":\"2026-03-26 09:00:00\"},{\"title\":\"GONZALO ROSENFELD SEKULOVIC ES EL NUEVO SEREMI DE MEDIO AMBIENTE EN LA REGI\u00d3N DE MAGALLANES\",\"image\":{\"publicUrl\":\"https:\/\/s3-mspro.nyc3.digitaloceanspaces.com\/tenant\/658d9f90f0909def6c18fa2c\/mediaLibrary\/photo\/5b3d9051-8bd4-4d06-b55c-52ef54c8edfe.webp\",\"privatePhotoUrlWithoutExtension\":\"tenant\/658d9f90f0909def6c18fa2c\/mediaLibrary\/photo\/5b3d9051-8bd4-4d06-b55c-52ef54c8edfe\",\"privatePhotoUrl\":\"tenant\/658d9f90f0909def6c18fa2c\/mediaLibrary\/photo\/5b3d9051-8bd4-4d06-b55c-52ef54c8edfe-medium-standard-q100.webp?v=1774541279\",\"photoExtension\":\"webp?v=1774541279\",\"name\":\"gonzalo rosenfeld\",\"photoVersion\":4,\"type\":\"image\"},\"slug\":\"https:\/\/www.radiopolar.com\/gonzalo-rosenfeld-sekulovic-seremi-ambiente-region-magallanes\",\"primaryAuthor\":{\"id\":\"65ea08428325aff9da63f8f9\",\"name\":\"Prensa Radio Polar\",\"authorName\":\"Prensa Radio Polar\",\"slug\":\"\/author\/prensa-radio-polar\"},\"datePublished\":\"2026-03-26 08:30:00\"},{\"title\":\"PUNTA ARENAS REGISTR\u00d3 LA TEMPERATURA M\u00c1S BAJA EN LO QUE VA DEL 2026\",\"image\":{\"publicUrl\":\"https:\/\/s3-mspro.nyc3.digitaloceanspaces.com\/tenant\/658d9f90f0909def6c18fa2c\/mediaLibrary\/photo\/c9473b9f-bfd9-4ea3-9f7b-942c25b443b6.jpeg\",\"privatePhotoUrlWithoutExtension\":\"tenant\/658d9f90f0909def6c18fa2c\/mediaLibrary\/photo\/c9473b9f-bfd9-4ea3-9f7b-942c25b443b6\",\"privatePhotoUrl\":\"tenant\/658d9f90f0909def6c18fa2c\/mediaLibrary\/photo\/c9473b9f-bfd9-4ea3-9f7b-942c25b443b6-medium-standard-q100.jpeg?v=1742777120\",\"photoExtension\":\"jpeg?v=1742777120\",\"name\":\"puntaarenas\",\"photoVersion\":4,\"type\":\"image\"},\"slug\":\"https:\/\/www.radiopolar.com\/punta-arenas-registro-temperatura-baja-2026\",\"primaryAuthor\":{\"id\":\"65ea08428325aff9da63f8f9\",\"name\":\"Prensa Radio Polar\",\"authorName\":\"Prensa Radio Polar\",\"slug\":\"\/author\/prensa-radio-polar\"},\"datePublished\":\"2026-03-26 08:00:00\"},{\"title\":\"SERVIU INFORMA AVANCE DE OBRAS Y PROGRAMACI\u00d3N DE NUEVOS FRENTES DE TRABAJO EN AVENIDA BULNES\",\"image\":{\"publicUrl\":\"https:\/\/s3-mspro.nyc3.digitaloceanspaces.com\/tenant\/658d9f90f0909def6c18fa2c\/mediaLibrary\/photo\/578913b8-9021-4bbf-8d19-c2bb4d59438c.jpg\",\"privatePhotoUrlWithoutExtension\":\"tenant\/658d9f90f0909def6c18fa2c\/mediaLibrary\/photo\/578913b8-9021-4bbf-8d19-c2bb4d59438c\",\"privatePhotoUrl\":\"tenant\/658d9f90f0909def6c18fa2c\/mediaLibrary\/photo\/578913b8-9021-4bbf-8d19-c2bb4d59438c-medium-standard-q100.jpg?v=1774488868\",\"photoExtension\":\"jpg?v=1774488868\",\"name\":\"SERVIU - T\u00e9rmino de obras en avenida Bulnes_2\",\"photoVersion\":4,\"type\":\"image\"},\"slug\":\"https:\/\/www.radiopolar.com\/serviu-informa-avance-obras-programacion-frentes-avenida-bulnes\",\"primaryAuthor\":{\"id\":\"65ea08428325aff9da63f8f9\",\"name\":\"Prensa Radio Polar\",\"authorName\":\"Prensa Radio Polar\",\"slug\":\"\/author\/prensa-radio-polar\"},\"datePublished\":\"2026-03-26 07:00:00\"},{\"title\":\"MUNICIPIOS DE PUNTA ARENAS Y TUCAPEL FIRMAN CONVENIO\",\"image\":{\"publicUrl\":\"https:\/\/s3-mspro.nyc3.digitaloceanspaces.com\/tenant\/658d9f90f0909def6c18fa2c\/mediaLibrary\/photo\/3a8ea428-4f52-410e-a01e-064e70a82f64.jpeg\",\"privatePhotoUrlWithoutExtension\":\"tenant\/658d9f90f0909def6c18fa2c\/mediaLibrary\/photo\/3a8ea428-4f52-410e-a01e-064e70a82f64\",\"privatePhotoUrl\":\"tenant\/658d9f90f0909def6c18fa2c\/mediaLibrary\/photo\/3a8ea428-4f52-410e-a01e-064e70a82f64-medium-standard-q100.jpeg?v=1774488195\",\"photoExtension\":\"jpeg?v=1774488195\",\"name\":\"TP 1\",\"photoVersion\":4,\"type\":\"image\"},\"slug\":\"https:\/\/www.radiopolar.com\/municipios-punta-arenas-tucapel-firman-convenio\",\"primaryAuthor\":{\"id\":\"65ea08428325aff9da63f8f9\",\"name\":\"Prensa Radio Polar\",\"authorName\":\"Prensa Radio Polar\",\"slug\":\"\/author\/prensa-radio-polar\"},\"datePublished\":\"2026-03-26 06:00:00\"},{\"title\":\"CHARLIE CLARK CONTIN\u00daA RODAJE DE DOCUMENTAL SOBRE OVNIS EN REGI\u00d3N DE MAGALLANES\",\"image\":{\"publicUrl\":\"https:\/\/s3-mspro.nyc3.digitaloceanspaces.com\/tenant\/658d9f90f0909def6c18fa2c\/mediaLibrary\/photo\/07b6bf6c-1c12-4afb-ae6f-ec486bb59783.jpg\",\"privatePhotoUrlWithoutExtension\":\"tenant\/658d9f90f0909def6c18fa2c\/mediaLibrary\/photo\/07b6bf6c-1c12-4afb-ae6f-ec486bb59783\",\"privatePhotoUrl\":\"tenant\/658d9f90f0909def6c18fa2c\/mediaLibrary\/photo\/07b6bf6c-1c12-4afb-ae6f-ec486bb59783-medium-standard-q100.jpg?v=1774487118\",\"photoExtension\":\"jpg?v=1774487118\",\"name\":\"Charlie-Clark-continua-rodaje-de-documental-sobre-OVNIS-en-Region-de-Magallanes\",\"photoVersion\":4,\"type\":\"image\"},\"slug\":\"https:\/\/www.radiopolar.com\/charlie-clark-continua-rodaje-documental-ovnis-region-magallanes\",\"primaryAuthor\":{\"id\":\"65ea08428325aff9da63f8f9\",\"name\":\"Prensa Radio Polar\",\"authorName\":\"Prensa Radio Polar\",\"slug\":\"\/author\/prensa-radio-polar\"},\"datePublished\":\"2026-03-26 05:00:00\"},{\"title\":\"IMPULSO DIRECTIVO 2026: RECONOCEN A DIRECTORA DE LA ESCUELA MANUEL BULNES EN PROGRAMA NACIONAL DE FORMACI\u00d3N EDUCATIVA\",\"image\":{\"publicUrl\":\"https:\/\/s3-mspro.nyc3.digitaloceanspaces.com\/tenant\/658d9f90f0909def6c18fa2c\/mediaLibrary\/photo\/e97daa1f-278d-47c9-86a3-d3db236a7c1d.jpeg\",\"privatePhotoUrlWithoutExtension\":\"tenant\/658d9f90f0909def6c18fa2c\/mediaLibrary\/photo\/e97daa1f-278d-47c9-86a3-d3db236a7c1d\",\"privatePhotoUrl\":\"tenant\/658d9f90f0909def6c18fa2c\/mediaLibrary\/photo\/e97daa1f-278d-47c9-86a3-d3db236a7c1d-medium-standard-q100.jpeg?v=1774482102\",\"photoExtension\":\"jpeg?v=1774482102\",\"name\":\"directoramanuelbulnes\",\"photoVersion\":4,\"type\":\"image\"},\"slug\":\"https:\/\/www.radiopolar.com\/impulso-directivo-2026-reconocen-directora-escuela-manuel-bulnes-programa-nacional-formacion-educativa\",\"primaryAuthor\":{\"id\":\"65ea08428325aff9da63f8f9\",\"name\":\"Prensa Radio Polar\",\"authorName\":\"Prensa Radio Polar\",\"slug\":\"\/author\/prensa-radio-polar\"},\"datePublished\":\"2026-03-26 04:00:00\"},{\"title\":\"ART\u00cdCULO DE INVESTIGADOR MAGALL\u00c1NICO SOBRE LA GESTI\u00d3N IND\u00cdGENA MARINA DE NACI\u00d3N HAIDA FUE NOMINADO A DESTACADO PREMIO RACHEL CARSON\",\"image\":{\"publicUrl\":\"https:\/\/s3-mspro.nyc3.digitaloceanspaces.com\/tenant\/658d9f90f0909def6c18fa2c\/mediaLibrary\/photo\/7941340f-d027-41f3-bdde-67e0078bf37b.jpg\",\"privatePhotoUrlWithoutExtension\":\"tenant\/658d9f90f0909def6c18fa2c\/mediaLibrary\/photo\/7941340f-d027-41f3-bdde-67e0078bf37b\",\"privatePhotoUrl\":\"tenant\/658d9f90f0909def6c18fa2c\/mediaLibrary\/photo\/7941340f-d027-41f3-bdde-67e0078bf37b-medium-standard-q100.jpg?v=1774479362\",\"photoExtension\":\"jpg?v=1774479362\",\"name\":\"investigadormagallanico\",\"photoVersion\":4,\"type\":\"image\"},\"slug\":\"https:\/\/www.radiopolar.com\/articulo-investigador-magallanico-gestion-indigena-marina-nacion-haida-nominado-destacado-premio-rachel-carson\",\"primaryAuthor\":{\"id\":\"65ea08428325aff9da63f8f9\",\"name\":\"Prensa Radio Polar\",\"authorName\":\"Prensa Radio Polar\",\"slug\":\"\/author\/prensa-radio-polar\"},\"datePublished\":\"2026-03-26 03:00:00\"},{\"title\":\"CONCEJAL GERM\u00c1N FLORES: \u201cEL MAYOR COSTO LO PAGAR\u00c1N LAS FAMILIAS M\u00c1S POBRES DE NUESTRA COMUNA\u201d\",\"image\":{\"publicUrl\":\"https:\/\/s3-mspro.nyc3.digitaloceanspaces.com\/tenant\/658d9f90f0909def6c18fa2c\/mediaLibrary\/photo\/c6054600-ac7d-4000-ac1a-1b2efb38db20.jpg\",\"privatePhotoUrlWithoutExtension\":\"tenant\/658d9f90f0909def6c18fa2c\/mediaLibrary\/photo\/c6054600-ac7d-4000-ac1a-1b2efb38db20\",\"privatePhotoUrl\":\"tenant\/658d9f90f0909def6c18fa2c\/mediaLibrary\/photo\/c6054600-ac7d-4000-ac1a-1b2efb38db20-medium-standard-q100.jpg?v=1774186641\",\"photoExtension\":\"jpg?v=1774186641\",\"name\":\"Concejal Germ\u00e1n Flores\",\"photoVersion\":4,\"type\":\"image\"},\"slug\":\"https:\/\/www.radiopolar.com\/concejal-german-flores-costo-pagaran-familias-pobres-comuna\",\"primaryAuthor\":{\"id\":\"65ea08428325aff9da63f8f9\",\"name\":\"Prensa Radio Polar\",\"authorName\":\"Prensa Radio Polar\",\"slug\":\"\/author\/prensa-radio-polar\"},\"datePublished\":\"2026-03-26 02:00:00\"}]}},{\"i\":\"68a30f96-fa78-4ced-9202-ba017c993485\",\"x\":77,\"y\":3,\"w\":20,\"h\":258,\"id\":\"6598322b593b0ab5a9c16227\",\"name\":\"Componente Widget Banner 1x1\",\"gridCols\":100,\"type\":\"component\",\"data\":{\"displayConfig\":{\"offset\":9,\"limit\":12,\"filterBy\":\"widgets\",\"type\":\"ads\",\"keywords\":[{\"id\":\"65ef180f18fb253977f78cc2\",\"label\":\"Portada Laterales\"}],\"adType\":\"banner\",\"enabledLayer\":true,\"verticalGutter\":3,\"widgetsOrderBy\":\"position\",\"sortBy\":\"asc\"},\"customConfig\":{\"lg\":{\"box-5c855846-d7ab-4946-985d-cfc1dd3cd47fConfig\":{\"changeWidget\":\"box\",\"backgroundColor\":\"#d1d5dbff\"},\"box-5c855846-d7ab-4946-985d-cfc1dd3cd47fLayerOne\":{\"enabled\":true},\"avatar-d115f0f5-9555-46bb-bcb2-054e47ef3e47Config\":{\"changeWidget\":\"avatar\",\"openType\":\"redirectUrl\",\"targetBlank\":true},\"avatar-d115f0f5-9555-46bb-bcb2-054e47ef3e47AttributeFill\":{\"fillOption\":\"widget\",\"attributeFill\":[{\"title\":\"image\",\"canDelete\":true}]}}},\"content\":{\"layouts\":{\"lg\":[{\"i\":\"5c855846-d7ab-4946-985d-cfc1dd3cd47f\",\"x\":0,\"y\":0,\"w\":100,\"h\":100,\"type\":\"widget\",\"framework\":\"mui\",\"data\":\"box\"},{\"i\":\"d115f0f5-9555-46bb-bcb2-054e47ef3e47\",\"x\":3,\"y\":3,\"w\":94,\"h\":94,\"type\":\"widget\",\"framework\":\"mui\",\"data\":\"avatar\"}]}},\"rows\":[{\"name\":\"Portada Laterales 8 ALTAS CUMBRES\",\"image\":{\"publicUrl\":\"https:\/\/s3-mspro.nyc3.digitaloceanspaces.com\/tenant\/658d9f90f0909def6c18fa2c\/mediaLibrary\/photo\/8b219a8a-2ac9-4e29-9667-f400fd161336.gif\",\"privatePhotoUrlWithoutExtension\":\"tenant\/658d9f90f0909def6c18fa2c\/mediaLibrary\/photo\/8b219a8a-2ac9-4e29-9667-f400fd161336\",\"privatePhotoUrl\":\"tenant\/658d9f90f0909def6c18fa2c\/mediaLibrary\/photo\/8b219a8a-2ac9-4e29-9667-f400fd161336.gif\",\"photoExtension\":\"gif\",\"type\":\"image\",\"name\":\"ALTAS CUMBRES-336x336-1\",\"updatedAt\":\"2025-12-24T12:10:53.000Z\",\"photoVersion\":4},\"redirectUrl\":\"https:\/\/www.altas-cumbres.cl\/proyecto\/alto-bulnes?utm=GOOGLE-ADWS-ALTOBULNESu0026gad_source=1u0026gad_campaignid=1339991720u0026gbraid=0AAAAADBDygwIPL9kCHKTvt77hrjE4sGTou0026gclid=CjwKCAiAu67KBhAkEiwAY0jAlYG6nKOocbdzw1LPTyQeHToMC2Fg0k7AZaKK3O9SpaciCaDXwuaDMxoCZFUQAvD_BwE\"},{\"name\":\"Portada Laterales 12 \/ 336x336: CORCORAN EXPRESS\",\"image\":{\"publicUrl\":\"https:\/\/s3-mspro.nyc3.digitaloceanspaces.com\/tenant\/658d9f90f0909def6c18fa2c\/mediaLibrary\/photo\/eb5c7e6d-5920-4d35-a286-e5822d693567.jpg\",\"privatePhotoUrlWithoutExtension\":\"tenant\/658d9f90f0909def6c18fa2c\/mediaLibrary\/photo\/eb5c7e6d-5920-4d35-a286-e5822d693567\",\"privatePhotoUrl\":\"tenant\/658d9f90f0909def6c18fa2c\/mediaLibrary\/photo\/eb5c7e6d-5920-4d35-a286-e5822d693567-medium-standard-q100.jpg?v=1713470653\",\"photoExtension\":\"jpg?v=1713470653\",\"type\":\"image\",\"name\":\"BANNER CORCORANEXPRES_336X336PX\",\"updatedAt\":\"2024-04-18T20:04:13.150Z\",\"photoVersion\":4},\"redirectUrl\":\"https:\/\/www.corcoran.cl\/\"},{\"name\":\"Portada Laterales 13 \/ 336x336: SANTO TOMAS\",\"image\":{\"publicUrl\":\"https:\/\/s3-mspro.nyc3.digitaloceanspaces.com\/tenant\/658d9f90f0909def6c18fa2c\/mediaLibrary\/photo\/e6669482-1a0b-44a3-b3c5-ca7d70c96b51.jpg\",\"privatePhotoUrlWithoutExtension\":\"tenant\/658d9f90f0909def6c18fa2c\/mediaLibrary\/photo\/e6669482-1a0b-44a3-b3c5-ca7d70c96b51\",\"privatePhotoUrl\":\"tenant\/658d9f90f0909def6c18fa2c\/mediaLibrary\/photo\/e6669482-1a0b-44a3-b3c5-ca7d70c96b51-medium-standard-q100.jpg?v=1720022825\",\"photoExtension\":\"jpg?v=1720022825\",\"type\":\"image\",\"name\":\"SANTO TOMAS 250X250\",\"updatedAt\":\"2024-07-03T16:07:05.105Z\",\"photoVersion\":4},\"redirectUrl\":\"https:\/\/www.tupuedes.cl\/sedes\/punta-arenas\/\"},{\"name\":\"Portada Laterales 15 \/ 336x336: PESCA CHILE\",\"image\":{\"publicUrl\":\"https:\/\/s3-mspro.nyc3.digitaloceanspaces.com\/tenant\/658d9f90f0909def6c18fa2c\/mediaLibrary\/photo\/7f3f9a22-ce0d-4f58-815e-211fcd934ca5.png\",\"privatePhotoUrlWithoutExtension\":\"tenant\/658d9f90f0909def6c18fa2c\/mediaLibrary\/photo\/7f3f9a22-ce0d-4f58-815e-211fcd934ca5\",\"privatePhotoUrl\":\"tenant\/658d9f90f0909def6c18fa2c\/mediaLibrary\/photo\/7f3f9a22-ce0d-4f58-815e-211fcd934ca5-medium-standard-q100.png?v=1719331664\",\"photoExtension\":\"png?v=1719331664\",\"type\":\"image\",\"name\":\"PESCA CHILE 250X250\",\"updatedAt\":\"2024-06-25T16:07:44.342Z\",\"photoVersion\":4},\"redirectUrl\":\"https:\/\/www.pescachile.cl\/\"},{\"name\":\"Portada Laterales 15 \/ 336x336: JORDAN\",\"image\":{\"publicUrl\":\"https:\/\/s3-mspro.nyc3.digitaloceanspaces.com\/tenant\/658d9f90f0909def6c18fa2c\/mediaLibrary\/photo\/1d108284-bbe5-4a6f-a2d5-db5ccd237bc6.jpg\",\"privatePhotoUrlWithoutExtension\":\"tenant\/658d9f90f0909def6c18fa2c\/mediaLibrary\/photo\/1d108284-bbe5-4a6f-a2d5-db5ccd237bc6\",\"privatePhotoUrl\":\"tenant\/658d9f90f0909def6c18fa2c\/mediaLibrary\/photo\/1d108284-bbe5-4a6f-a2d5-db5ccd237bc6-medium-standard-q100.jpg?v=1738335413\",\"photoExtension\":\"jpg?v=1738335413\",\"type\":\"image\",\"name\":\"BANNER Jordan-250x250- copia\",\"updatedAt\":\"2025-01-31T14:56:53.609Z\",\"photoVersion\":4},\"redirectUrl\":\"https:\/\/web.facebook.com\/djordanonline?_rdc=1u0026_rdr\"},{\"name\":\"Portada Laterales 16 \/ 336x336: COVEPA\",\"image\":{\"publicUrl\":\"https:\/\/s3-mspro.nyc3.digitaloceanspaces.com\/tenant\/658d9f90f0909def6c18fa2c\/mediaLibrary\/photo\/8e7b0c96-cca5-4fbd-9779-504c3767f761.jpg\",\"privatePhotoUrlWithoutExtension\":\"tenant\/658d9f90f0909def6c18fa2c\/mediaLibrary\/photo\/8e7b0c96-cca5-4fbd-9779-504c3767f761\",\"privatePhotoUrl\":\"tenant\/658d9f90f0909def6c18fa2c\/mediaLibrary\/photo\/8e7b0c96-cca5-4fbd-9779-504c3767f761-medium-standard-q100.jpg?v=1772453080\",\"photoExtension\":\"jpg?v=1772453080\",\"type\":\"image\",\"name\":\"COVEPA 336X336PX\",\"updatedAt\":\"2026-03-02T12:04:40.118Z\",\"photoVersion\":4},\"redirectUrl\":\"https:\/\/www.covepa.cl\/\"},{\"name\":\"Portada Laterales 17 \/ 336x336: PAX\",\"image\":{\"publicUrl\":\"https:\/\/s3-mspro.nyc3.digitaloceanspaces.com\/tenant\/658d9f90f0909def6c18fa2c\/mediaLibrary\/photo\/2bb980e4-dbba-4096-bc81-8708a29b8021.gif\",\"privatePhotoUrlWithoutExtension\":\"tenant\/658d9f90f0909def6c18fa2c\/mediaLibrary\/photo\/2bb980e4-dbba-4096-bc81-8708a29b8021\",\"privatePhotoUrl\":\"tenant\/658d9f90f0909def6c18fa2c\/mediaLibrary\/photo\/2bb980e4-dbba-4096-bc81-8708a29b8021.gif\",\"photoExtension\":\"gif\",\"type\":\"image\",\"name\":\"PAX\",\"updatedAt\":\"2025-09-25T11:51:10.571Z\",\"photoVersion\":4},\"redirectUrl\":\"https:\/\/www.pax2.org\/es\"},{\"name\":\"Portada Laterales 18 \/ 336x336: britanico\",\"image\":{\"publicUrl\":\"https:\/\/s3-mspro.nyc3.digitaloceanspaces.com\/tenant\/658d9f90f0909def6c18fa2c\/mediaLibrary\/photo\/3c5f9691-ec15-4af0-8506-6cda30d11596.gif\",\"privatePhotoUrlWithoutExtension\":\"tenant\/658d9f90f0909def6c18fa2c\/mediaLibrary\/photo\/3c5f9691-ec15-4af0-8506-6cda30d11596\",\"privatePhotoUrl\":\"tenant\/658d9f90f0909def6c18fa2c\/mediaLibrary\/photo\/3c5f9691-ec15-4af0-8506-6cda30d11596.gif\",\"photoExtension\":\"gif\",\"type\":\"image\",\"name\":\"BRITANICO GIF (1)\",\"updatedAt\":\"2026-03-23T13:42:10.562Z\",\"photoVersion\":4},\"redirectUrl\":\"https:\/\/britishinstitute.cl\/\"},{\"name\":\"Portada Laterales 19 \/ 336x336: PUBLICITE AQUI\",\"image\":{\"publicUrl\":\"https:\/\/s3-mspro.nyc3.digitaloceanspaces.com\/tenant\/658d9f90f0909def6c18fa2c\/mediaLibrary\/photo\/62511628-f4c9-46b4-a776-53a87b74bb5b.gif\",\"privatePhotoUrlWithoutExtension\":\"tenant\/658d9f90f0909def6c18fa2c\/mediaLibrary\/photo\/62511628-f4c9-46b4-a776-53a87b74bb5b\",\"privatePhotoUrl\":\"tenant\/658d9f90f0909def6c18fa2c\/mediaLibrary\/photo\/62511628-f4c9-46b4-a776-53a87b74bb5b.gif\",\"photoExtension\":\"gif\",\"type\":\"image\",\"name\":\"publicite\",\"updatedAt\":\"2025-10-28T20:44:33.613Z\",\"photoVersion\":4},\"redirectUrl\":\"https:\/\/www.radiopolar.com\/\"},{\"name\":\"Portada Laterales 21 \/ 336x336: PUBLICITE AQUI\",\"image\":{\"publicUrl\":\"https:\/\/s3-mspro.nyc3.digitaloceanspaces.com\/tenant\/658d9f90f0909def6c18fa2c\/mediaLibrary\/photo\/62511628-f4c9-46b4-a776-53a87b74bb5b.gif\",\"privatePhotoUrlWithoutExtension\":\"tenant\/658d9f90f0909def6c18fa2c\/mediaLibrary\/photo\/62511628-f4c9-46b4-a776-53a87b74bb5b\",\"privatePhotoUrl\":\"tenant\/658d9f90f0909def6c18fa2c\/mediaLibrary\/photo\/62511628-f4c9-46b4-a776-53a87b74bb5b.gif\",\"photoExtension\":\"gif\",\"type\":\"image\",\"name\":\"publicite\",\"updatedAt\":\"2025-10-28T20:44:33.613Z\",\"photoVersion\":4},\"redirectUrl\":\"https:\/\/www.radiopolar.com\/\"},{\"name\":\"Portada Laterales 22 \/ 336x336: PUBLICITE AQUI\",\"image\":{\"publicUrl\":\"https:\/\/s3-mspro.nyc3.digitaloceanspaces.com\/tenant\/658d9f90f0909def6c18fa2c\/mediaLibrary\/photo\/fbdaf73b-c17f-4a9c-ae0f-7fd8e9b6a19f.png\",\"privatePhotoUrlWithoutExtension\":\"tenant\/658d9f90f0909def6c18fa2c\/mediaLibrary\/photo\/fbdaf73b-c17f-4a9c-ae0f-7fd8e9b6a19f\",\"privatePhotoUrl\":\"tenant\/658d9f90f0909def6c18fa2c\/mediaLibrary\/photo\/fbdaf73b-c17f-4a9c-ae0f-7fd8e9b6a19f-medium-standard-q100.png?v=1762343366\",\"photoExtension\":\"png?v=1762343366\",\"type\":\"image\",\"name\":\"PUBLICITEAQUI336X336\",\"updatedAt\":\"2025-11-05T11:49:26.955Z\",\"photoVersion\":4},\"redirectUrl\":\"https:\/\/www.radiopolar.com\/\"},{\"name\":\"Portada Laterales 24 \/ 336x336: PUBLICITE AQUI\",\"image\":{\"publicUrl\":\"https:\/\/s3-mspro.nyc3.digitaloceanspaces.com\/tenant\/658d9f90f0909def6c18fa2c\/mediaLibrary\/photo\/aaf42ea0-e660-4235-b5a2-25d9e264b191.png\",\"privatePhotoUrlWithoutExtension\":\"tenant\/658d9f90f0909def6c18fa2c\/mediaLibrary\/photo\/aaf42ea0-e660-4235-b5a2-25d9e264b191\",\"privatePhotoUrl\":\"tenant\/658d9f90f0909def6c18fa2c\/mediaLibrary\/photo\/aaf42ea0-e660-4235-b5a2-25d9e264b191-medium-standard-q100.png?v=1738677593\",\"photoExtension\":\"png?v=1738677593\",\"type\":\"image\",\"name\":\"PUBLICITEAQUI336X336\",\"updatedAt\":\"2025-02-04T13:59:53.675Z\",\"photoVersion\":4},\"redirectUrl\":\"https:\/\/www.radiopolar.com\/\"}]}}]}}},{\"id\":\"659daaf7459dea3ff9b3719c\",\"name\":\"Contenedor Publicidad 3\",\"active\":true,\"renderAs\":\"server\",\"gridCols\":{\"lg\":100,\"md\":100,\"xs\":100,\"daily\":100},\"marginTop\":-100,\"content\":{\"config\":{\"lg\":{\"compactType\":\"horizontal\"}},\"layouts\":{\"lg\":[{\"i\":\"ba43141e-0f74-41fc-8bbb-6b0e6aec8dc2\",\"x\":3,\"y\":9,\"w\":11,\"h\":11,\"id\":\"659d97dc459dea7b15b36d88\",\"name\":\"Componente Widget Banner 1x1 Banner Peque\u00f1o\",\"gridCols\":100,\"type\":\"component\",\"data\":{\"displayConfig\":{\"filterBy\":\"widgets\",\"type\":\"ads\",\"adType\":\"banner\",\"widgetsOrderBy\":\"position\",\"sortBy\":\"asc\",\"keywords\":[{\"id\":\"65ef1f3118fb250be3f78d31\",\"label\":\"Portada Separador 2 Noticias Por D\u00eda\"}],\"offset\":0,\"limit\":1},\"customConfig\":{\"lg\":{\"box-5c855846-d7ab-4946-985d-cfc1dd3cd47fConfig\":{\"changeWidget\":\"box\",\"backgroundColor\":\"#d1d5dbff\"},\"box-5c855846-d7ab-4946-985d-cfc1dd3cd47fLayerOne\":{\"enabled\":true},\"avatar-d115f0f5-9555-46bb-bcb2-054e47ef3e47Config\":{\"changeWidget\":\"avatar\",\"openType\":\"redirectUrl\",\"targetBlank\":true},\"avatar-d115f0f5-9555-46bb-bcb2-054e47ef3e47AttributeFill\":{\"fillOption\":\"widget\",\"attributeFill\":[{\"title\":\"image\",\"canDelete\":true}]}}},\"content\":{\"layouts\":{\"lg\":[{\"i\":\"5c855846-d7ab-4946-985d-cfc1dd3cd47f\",\"x\":0,\"y\":0,\"w\":100,\"h\":100,\"type\":\"widget\",\"framework\":\"mui\",\"data\":\"box\"},{\"i\":\"d115f0f5-9555-46bb-bcb2-054e47ef3e47\",\"x\":5,\"y\":4,\"w\":90,\"h\":90,\"type\":\"widget\",\"framework\":\"mui\",\"data\":\"avatar\"}]}},\"rows\":[{\"name\":\"Portada Separador 2 Noticias Por D\u00eda 1 \/ 250x250 PUBLICITE AQUI\",\"image\":{\"publicUrl\":\"https:\/\/s3-mspro.nyc3.digitaloceanspaces.com\/tenant\/658d9f90f0909def6c18fa2c\/mediaLibrary\/photo\/fbdaf73b-c17f-4a9c-ae0f-7fd8e9b6a19f.png\",\"privatePhotoUrlWithoutExtension\":\"tenant\/658d9f90f0909def6c18fa2c\/mediaLibrary\/photo\/fbdaf73b-c17f-4a9c-ae0f-7fd8e9b6a19f\",\"privatePhotoUrl\":\"tenant\/658d9f90f0909def6c18fa2c\/mediaLibrary\/photo\/fbdaf73b-c17f-4a9c-ae0f-7fd8e9b6a19f-medium-standard-q100.png?v=1762343366\",\"photoExtension\":\"png?v=1762343366\",\"type\":\"image\",\"name\":\"PUBLICITEAQUI336X336\",\"updatedAt\":\"2025-11-05T11:49:26.955Z\",\"photoVersion\":4},\"redirectUrl\":\"https:\/\/www.radiopolar.com\/\"}]}},{\"i\":\"68a2bde6-4c4b-4a25-a210-dafd78c28aaa\",\"x\":15,\"y\":9,\"w\":11,\"h\":11,\"id\":\"659d97dc459dea7b15b36d88\",\"name\":\"Componente Widget Banner 1x1 Banner Peque\u00f1o\",\"gridCols\":100,\"type\":\"component\",\"data\":{\"displayConfig\":{\"filterBy\":\"widgets\",\"type\":\"ads\",\"adType\":\"banner\",\"widgetsOrderBy\":\"position\",\"sortBy\":\"asc\",\"keywords\":[{\"id\":\"65ef1f3118fb250be3f78d31\",\"label\":\"Portada Separador 2 Noticias Por D\u00eda\"}],\"offset\":1,\"limit\":1},\"customConfig\":{\"lg\":{\"box-5c855846-d7ab-4946-985d-cfc1dd3cd47fConfig\":{\"changeWidget\":\"box\",\"backgroundColor\":\"#d1d5dbff\"},\"box-5c855846-d7ab-4946-985d-cfc1dd3cd47fLayerOne\":{\"enabled\":true},\"avatar-d115f0f5-9555-46bb-bcb2-054e47ef3e47Config\":{\"changeWidget\":\"avatar\",\"openType\":\"redirectUrl\",\"targetBlank\":true},\"avatar-d115f0f5-9555-46bb-bcb2-054e47ef3e47AttributeFill\":{\"fillOption\":\"widget\",\"attributeFill\":[{\"title\":\"image\",\"canDelete\":true}]}}},\"content\":{\"layouts\":{\"lg\":[{\"i\":\"5c855846-d7ab-4946-985d-cfc1dd3cd47f\",\"x\":0,\"y\":0,\"w\":100,\"h\":100,\"type\":\"widget\",\"framework\":\"mui\",\"data\":\"box\"},{\"i\":\"d115f0f5-9555-46bb-bcb2-054e47ef3e47\",\"x\":5,\"y\":4,\"w\":90,\"h\":90,\"type\":\"widget\",\"framework\":\"mui\",\"data\":\"avatar\"}]}},\"rows\":[{\"name\":\"Portada Separador 2 Noticias Por D\u00eda 2 \/ 250x250: AUSTRALIS\",\"image\":{\"publicUrl\":\"https:\/\/s3-mspro.nyc3.digitaloceanspaces.com\/tenant\/658d9f90f0909def6c18fa2c\/mediaLibrary\/photo\/c3ea039e-adea-4a16-b7e3-16bfee31f0ea.jpg\",\"privatePhotoUrlWithoutExtension\":\"tenant\/658d9f90f0909def6c18fa2c\/mediaLibrary\/photo\/c3ea039e-adea-4a16-b7e3-16bfee31f0ea\",\"privatePhotoUrl\":\"tenant\/658d9f90f0909def6c18fa2c\/mediaLibrary\/photo\/c3ea039e-adea-4a16-b7e3-16bfee31f0ea-medium-standard-q100.jpg?v=1728481574\",\"photoExtension\":\"jpg?v=1728481574\",\"type\":\"image\",\"name\":\"Banner Australis - 250 x 250_Mesa de trabajo 1 (1)\",\"updatedAt\":\"2024-10-09T13:46:14.569Z\",\"photoVersion\":4},\"redirectUrl\":\"https:\/\/www.australis-seafoods.com\/\"}]}},{\"i\":\"0005ed04-2b19-472a-b2ed-da128feca564\",\"x\":27,\"y\":9,\"w\":11,\"h\":11,\"id\":\"659d97dc459dea7b15b36d88\",\"name\":\"Componente Widget Banner 1x1 Banner Peque\u00f1o\",\"gridCols\":100,\"type\":\"component\",\"data\":{\"displayConfig\":{\"filterBy\":\"widgets\",\"type\":\"ads\",\"adType\":\"banner\",\"widgetsOrderBy\":\"position\",\"sortBy\":\"asc\",\"keywords\":[{\"id\":\"65ef1f3118fb250be3f78d31\",\"label\":\"Portada Separador 2 Noticias Por D\u00eda\"}],\"offset\":2,\"limit\":1},\"customConfig\":{\"lg\":{\"box-5c855846-d7ab-4946-985d-cfc1dd3cd47fConfig\":{\"changeWidget\":\"box\",\"backgroundColor\":\"#d1d5dbff\"},\"box-5c855846-d7ab-4946-985d-cfc1dd3cd47fLayerOne\":{\"enabled\":true},\"avatar-d115f0f5-9555-46bb-bcb2-054e47ef3e47Config\":{\"changeWidget\":\"avatar\",\"openType\":\"redirectUrl\",\"targetBlank\":true},\"avatar-d115f0f5-9555-46bb-bcb2-054e47ef3e47AttributeFill\":{\"fillOption\":\"widget\",\"attributeFill\":[{\"title\":\"image\",\"canDelete\":true}]}}},\"content\":{\"layouts\":{\"lg\":[{\"i\":\"5c855846-d7ab-4946-985d-cfc1dd3cd47f\",\"x\":0,\"y\":0,\"w\":100,\"h\":100,\"type\":\"widget\",\"framework\":\"mui\",\"data\":\"box\"},{\"i\":\"d115f0f5-9555-46bb-bcb2-054e47ef3e47\",\"x\":5,\"y\":4,\"w\":90,\"h\":90,\"type\":\"widget\",\"framework\":\"mui\",\"data\":\"avatar\"}]}},\"rows\":[{\"name\":\"Portada Separador 2 Noticias Por D\u00eda 3 \/ 250x250: BUS SUR\",\"image\":{\"publicUrl\":\"https:\/\/s3-mspro.nyc3.digitaloceanspaces.com\/tenant\/658d9f90f0909def6c18fa2c\/mediaLibrary\/photo\/3f97b5c0-2f70-4010-9e4d-64b713a9021a.webp\",\"privatePhotoUrlWithoutExtension\":\"tenant\/658d9f90f0909def6c18fa2c\/mediaLibrary\/photo\/3f97b5c0-2f70-4010-9e4d-64b713a9021a\",\"privatePhotoUrl\":\"tenant\/658d9f90f0909def6c18fa2c\/mediaLibrary\/photo\/3f97b5c0-2f70-4010-9e4d-64b713a9021a-medium-standard-q100.webp?v=1732112304\",\"photoExtension\":\"webp?v=1732112304\",\"type\":\"image\",\"name\":\"f9afdf29-5748-4b40-98fa-d5252121a78f-small-standard-q100 (1)\",\"updatedAt\":\"2024-11-20T14:18:24.614Z\",\"photoVersion\":4},\"redirectUrl\":\"https:\/\/www.bussur.com\/\"}]}},{\"i\":\"30977df6-abe4-4a61-b2fb-041b2a9ccef0\",\"x\":41,\"y\":9,\"w\":11,\"h\":11,\"id\":\"659d97dc459dea7b15b36d88\",\"name\":\"Componente Widget Banner 1x1 Banner Peque\u00f1o\",\"gridCols\":100,\"type\":\"component\",\"data\":{\"displayConfig\":{\"filterBy\":\"widgets\",\"type\":\"ads\",\"adType\":\"banner\",\"widgetsOrderBy\":\"position\",\"sortBy\":\"asc\",\"keywords\":[{\"id\":\"65ef1f3118fb250be3f78d31\",\"label\":\"Portada Separador 2 Noticias Por D\u00eda\"}],\"offset\":3,\"limit\":1},\"customConfig\":{\"lg\":{\"box-5c855846-d7ab-4946-985d-cfc1dd3cd47fConfig\":{\"changeWidget\":\"box\",\"backgroundColor\":\"#d1d5dbff\"},\"box-5c855846-d7ab-4946-985d-cfc1dd3cd47fLayerOne\":{\"enabled\":true},\"avatar-d115f0f5-9555-46bb-bcb2-054e47ef3e47Config\":{\"changeWidget\":\"avatar\",\"openType\":\"redirectUrl\",\"targetBlank\":true},\"avatar-d115f0f5-9555-46bb-bcb2-054e47ef3e47AttributeFill\":{\"fillOption\":\"widget\",\"attributeFill\":[{\"title\":\"image\",\"canDelete\":true}]}}},\"content\":{\"layouts\":{\"lg\":[{\"i\":\"5c855846-d7ab-4946-985d-cfc1dd3cd47f\",\"x\":0,\"y\":0,\"w\":100,\"h\":100,\"type\":\"widget\",\"framework\":\"mui\",\"data\":\"box\"},{\"i\":\"d115f0f5-9555-46bb-bcb2-054e47ef3e47\",\"x\":5,\"y\":4,\"w\":90,\"h\":90,\"type\":\"widget\",\"framework\":\"mui\",\"data\":\"avatar\"}]}},\"rows\":[{\"name\":\"Portada Separador 2 Noticias Por D\u00eda 4 \/ 250x250: RED SALUD\",\"image\":{\"publicUrl\":\"https:\/\/s3-mspro.nyc3.digitaloceanspaces.com\/tenant\/658d9f90f0909def6c18fa2c\/mediaLibrary\/photo\/221adb8f-4bf3-4043-867d-bfe4401132a6.png\",\"privatePhotoUrlWithoutExtension\":\"tenant\/658d9f90f0909def6c18fa2c\/mediaLibrary\/photo\/221adb8f-4bf3-4043-867d-bfe4401132a6\",\"privatePhotoUrl\":\"tenant\/658d9f90f0909def6c18fa2c\/mediaLibrary\/photo\/221adb8f-4bf3-4043-867d-bfe4401132a6-medium-standard-q100.png?v=1742480944\",\"photoExtension\":\"png?v=1742480944\",\"type\":\"image\",\"name\":\"RED SALUD 250x250\",\"updatedAt\":\"2025-03-20T14:29:04.652Z\",\"photoVersion\":4},\"redirectUrl\":\"https:\/\/www.redsalud.cl\/nuestra-red\/campanas\/cancer-cervicouterino-redsalud\"}]}},{\"i\":\"923d38c8-48bb-4396-8d40-46c8a8ddd80e\",\"x\":53,\"y\":9,\"w\":11,\"h\":11,\"id\":\"659d97dc459dea7b15b36d88\",\"name\":\"Componente Widget Banner 1x1 Banner Peque\u00f1o\",\"gridCols\":100,\"type\":\"component\",\"data\":{\"displayConfig\":{\"filterBy\":\"widgets\",\"type\":\"ads\",\"adType\":\"banner\",\"widgetsOrderBy\":\"position\",\"sortBy\":\"asc\",\"keywords\":[{\"id\":\"65ef1f3118fb250be3f78d31\",\"label\":\"Portada Separador 2 Noticias Por D\u00eda\"}],\"offset\":4,\"limit\":1},\"customConfig\":{\"lg\":{\"box-5c855846-d7ab-4946-985d-cfc1dd3cd47fConfig\":{\"changeWidget\":\"box\",\"backgroundColor\":\"#d1d5dbff\"},\"box-5c855846-d7ab-4946-985d-cfc1dd3cd47fLayerOne\":{\"enabled\":true},\"avatar-d115f0f5-9555-46bb-bcb2-054e47ef3e47Config\":{\"changeWidget\":\"avatar\",\"openType\":\"redirectUrl\",\"targetBlank\":true},\"avatar-d115f0f5-9555-46bb-bcb2-054e47ef3e47AttributeFill\":{\"fillOption\":\"widget\",\"attributeFill\":[{\"title\":\"image\",\"canDelete\":true}]}}},\"content\":{\"layouts\":{\"lg\":[{\"i\":\"5c855846-d7ab-4946-985d-cfc1dd3cd47f\",\"x\":0,\"y\":0,\"w\":100,\"h\":100,\"type\":\"widget\",\"framework\":\"mui\",\"data\":\"box\"},{\"i\":\"d115f0f5-9555-46bb-bcb2-054e47ef3e47\",\"x\":5,\"y\":4,\"w\":90,\"h\":90,\"type\":\"widget\",\"framework\":\"mui\",\"data\":\"avatar\"}]}},\"rows\":[{\"name\":\"Portada Separador 2 Noticias Por D\u00eda 5 \/ 250x250: INACAP\",\"image\":{\"publicUrl\":\"https:\/\/s3-mspro.nyc3.digitaloceanspaces.com\/tenant\/658d9f90f0909def6c18fa2c\/mediaLibrary\/photo\/edc37920-6a5c-407e-8ce4-66a24ad9f80d.jpg\",\"privatePhotoUrlWithoutExtension\":\"tenant\/658d9f90f0909def6c18fa2c\/mediaLibrary\/photo\/edc37920-6a5c-407e-8ce4-66a24ad9f80d\",\"privatePhotoUrl\":\"tenant\/658d9f90f0909def6c18fa2c\/mediaLibrary\/photo\/edc37920-6a5c-407e-8ce4-66a24ad9f80d-medium-standard-q100.jpg?v=1755722668\",\"photoExtension\":\"jpg?v=1755722668\",\"type\":\"image\",\"name\":\"BANNER INACAP 336x336-01\",\"updatedAt\":\"2025-08-20T20:44:28.757Z\",\"photoVersion\":4},\"redirectUrl\":\"https:\/\/portal.inacap.cl\/\"}]}},{\"i\":\"34cd481f-58a0-4ef1-adc7-800ea1460e49\",\"x\":77,\"y\":6,\"w\":20,\"h\":41,\"id\":\"6598322b593b0ab5a9c16227\",\"name\":\"Componente Widget Banner 1x1\",\"gridCols\":100,\"type\":\"component\",\"data\":{\"displayConfig\":{\"filterBy\":\"widgets\",\"type\":\"ads\",\"adType\":\"banner\",\"keywords\":[{\"id\":\"65ef180f18fb253977f78cc2\",\"label\":\"Portada Laterales\"}],\"offset\":21,\"limit\":2,\"enabledLayer\":true,\"verticalGutter\":3,\"widgetsOrderBy\":\"position\",\"sortBy\":\"asc\"},\"customConfig\":{\"lg\":{\"box-5c855846-d7ab-4946-985d-cfc1dd3cd47fConfig\":{\"changeWidget\":\"box\",\"backgroundColor\":\"#d1d5dbff\"},\"box-5c855846-d7ab-4946-985d-cfc1dd3cd47fLayerOne\":{\"enabled\":true},\"avatar-d115f0f5-9555-46bb-bcb2-054e47ef3e47Config\":{\"changeWidget\":\"avatar\",\"openType\":\"redirectUrl\",\"targetBlank\":true},\"avatar-d115f0f5-9555-46bb-bcb2-054e47ef3e47AttributeFill\":{\"fillOption\":\"widget\",\"attributeFill\":[{\"title\":\"image\",\"canDelete\":true}]}}},\"content\":{\"layouts\":{\"lg\":[{\"i\":\"5c855846-d7ab-4946-985d-cfc1dd3cd47f\",\"x\":0,\"y\":0,\"w\":100,\"h\":100,\"type\":\"widget\",\"framework\":\"mui\",\"data\":\"box\"},{\"i\":\"d115f0f5-9555-46bb-bcb2-054e47ef3e47\",\"x\":3,\"y\":3,\"w\":94,\"h\":94,\"type\":\"widget\",\"framework\":\"mui\",\"data\":\"avatar\"}]}},\"rows\":[{\"name\":\"Portada Laterales 25 \/ 336x336 publicite aqui\",\"image\":{\"publicUrl\":\"https:\/\/s3-mspro.nyc3.digitaloceanspaces.com\/tenant\/658d9f90f0909def6c18fa2c\/mediaLibrary\/photo\/e085b762-3ba1-4786-891f-ead0903eb8f1.webp\",\"privatePhotoUrlWithoutExtension\":\"tenant\/658d9f90f0909def6c18fa2c\/mediaLibrary\/photo\/e085b762-3ba1-4786-891f-ead0903eb8f1\",\"privatePhotoUrl\":\"tenant\/658d9f90f0909def6c18fa2c\/mediaLibrary\/photo\/e085b762-3ba1-4786-891f-ead0903eb8f1-medium-standard-q100.webp?v=1742908913\",\"photoExtension\":\"webp?v=1742908913\",\"type\":\"image\",\"name\":\"publicite aqui\",\"updatedAt\":\"2025-03-25T13:21:53.519Z\",\"photoVersion\":4},\"redirectUrl\":\"https:\/\/www.radiopolar.com\/\"},{\"name\":\"Portada Laterales 26 \/ 336x336: Publicite aqu\u00ed\",\"image\":{\"publicUrl\":\"https:\/\/s3-mspro.nyc3.digitaloceanspaces.com\/tenant\/658d9f90f0909def6c18fa2c\/mediaLibrary\/photo\/3684423d-68e7-41f3-a811-31fa129983f9.webp\",\"privatePhotoUrlWithoutExtension\":\"tenant\/658d9f90f0909def6c18fa2c\/mediaLibrary\/photo\/3684423d-68e7-41f3-a811-31fa129983f9\",\"privatePhotoUrl\":\"tenant\/658d9f90f0909def6c18fa2c\/mediaLibrary\/photo\/3684423d-68e7-41f3-a811-31fa129983f9-medium-standard-q100.webp?v=1741184258\",\"photoExtension\":\"webp?v=1741184258\",\"type\":\"image\",\"name\":\"publicite aqu\u00ed\",\"updatedAt\":\"2025-03-05T14:17:38.310Z\",\"photoVersion\":4},\"redirectUrl\":\"https:\/\/www.radiopolar.com\/\"}]}},{\"i\":\"41b7441d-0bc4-481d-b0e8-17f1f8894dd4\",\"x\":65,\"y\":9,\"w\":11,\"h\":12,\"id\":\"659d97dc459dea7b15b36d88\",\"name\":\"Componente Widget Banner 1x1 Banner Peque\u00f1o\",\"gridCols\":100,\"type\":\"component\",\"data\":{\"displayConfig\":{\"filterBy\":\"widgets\",\"type\":\"ads\",\"adType\":\"banner\",\"filterWidgets\":[{\"id\":\"65eb8cb9ecaa472dc815058f\",\"label\":\"Portada Separador 2 Noticias Por D\u00eda 6 \/ 250x250: Espacio Disponible (ads)\"}]},\"customConfig\":{\"lg\":{\"box-5c855846-d7ab-4946-985d-cfc1dd3cd47fConfig\":{\"changeWidget\":\"box\",\"backgroundColor\":\"#d1d5dbff\"},\"box-5c855846-d7ab-4946-985d-cfc1dd3cd47fLayerOne\":{\"enabled\":true},\"avatar-d115f0f5-9555-46bb-bcb2-054e47ef3e47Config\":{\"changeWidget\":\"avatar\",\"openType\":\"redirectUrl\",\"targetBlank\":true},\"avatar-d115f0f5-9555-46bb-bcb2-054e47ef3e47AttributeFill\":{\"fillOption\":\"widget\",\"attributeFill\":[{\"title\":\"image\",\"canDelete\":true}]}}},\"content\":{\"layouts\":{\"lg\":[{\"i\":\"5c855846-d7ab-4946-985d-cfc1dd3cd47f\",\"x\":0,\"y\":0,\"w\":100,\"h\":100,\"type\":\"widget\",\"framework\":\"mui\",\"data\":\"box\"},{\"i\":\"d115f0f5-9555-46bb-bcb2-054e47ef3e47\",\"x\":5,\"y\":4,\"w\":90,\"h\":90,\"type\":\"widget\",\"framework\":\"mui\",\"data\":\"avatar\"}]}},\"rows\":[{\"name\":\"Portada Separador 2 Noticias Por D\u00eda 6 \/ 250x250: PUBLICITE AQUI\",\"image\":{\"publicUrl\":\"https:\/\/s3-mspro.nyc3.digitaloceanspaces.com\/tenant\/658d9f90f0909def6c18fa2c\/mediaLibrary\/photo\/e085b762-3ba1-4786-891f-ead0903eb8f1.webp\",\"privatePhotoUrlWithoutExtension\":\"tenant\/658d9f90f0909def6c18fa2c\/mediaLibrary\/photo\/e085b762-3ba1-4786-891f-ead0903eb8f1\",\"privatePhotoUrl\":\"tenant\/658d9f90f0909def6c18fa2c\/mediaLibrary\/photo\/e085b762-3ba1-4786-891f-ead0903eb8f1-medium-standard-q100.webp?v=1742908913\",\"photoExtension\":\"webp?v=1742908913\",\"type\":\"image\",\"name\":\"publicite aqui\",\"updatedAt\":\"2025-03-25T13:21:53.519Z\",\"photoVersion\":4},\"redirectUrl\":\"https:\/\/www.radiopolar.com\/\"}]}},{\"i\":\"25d4af06-0785-4d05-8340-660585bc7260\",\"x\":3,\"y\":21,\"w\":23,\"h\":23,\"id\":\"6598322b593b0ab5a9c16227\",\"name\":\"Componente Widget Banner 1x1\",\"gridCols\":100,\"type\":\"component\",\"data\":{\"displayConfig\":{\"filterBy\":\"widgets\",\"type\":\"ads\",\"adType\":\"banner\",\"widgetsOrderBy\":\"position\",\"sortBy\":\"asc\",\"keywords\":[{\"id\":\"65ef1f3118fb250be3f78d31\",\"label\":\"Portada Separador 2 Noticias Por D\u00eda\"}],\"offset\":6,\"limit\":1},\"customConfig\":{\"lg\":{\"box-5c855846-d7ab-4946-985d-cfc1dd3cd47fConfig\":{\"changeWidget\":\"box\",\"backgroundColor\":\"#d1d5dbff\"},\"box-5c855846-d7ab-4946-985d-cfc1dd3cd47fLayerOne\":{\"enabled\":true},\"avatar-d115f0f5-9555-46bb-bcb2-054e47ef3e47Config\":{\"changeWidget\":\"avatar\",\"openType\":\"redirectUrl\",\"targetBlank\":true},\"avatar-d115f0f5-9555-46bb-bcb2-054e47ef3e47AttributeFill\":{\"fillOption\":\"widget\",\"attributeFill\":[{\"title\":\"image\",\"canDelete\":true}]}}},\"content\":{\"layouts\":{\"lg\":[{\"i\":\"5c855846-d7ab-4946-985d-cfc1dd3cd47f\",\"x\":0,\"y\":0,\"w\":100,\"h\":100,\"type\":\"widget\",\"framework\":\"mui\",\"data\":\"box\"},{\"i\":\"d115f0f5-9555-46bb-bcb2-054e47ef3e47\",\"x\":3,\"y\":3,\"w\":94,\"h\":94,\"type\":\"widget\",\"framework\":\"mui\",\"data\":\"avatar\"}]}},\"rows\":[{\"name\":\"Portada Separador 2 Noticias Por D\u00eda 7 \/ 336x336: AquaChile\",\"image\":{\"publicUrl\":\"https:\/\/s3-mspro.nyc3.digitaloceanspaces.com\/tenant\/658d9f90f0909def6c18fa2c\/mediaLibrary\/photo\/a06564a1-55a5-4489-8928-bac3b79ab847.webp\",\"privatePhotoUrlWithoutExtension\":\"tenant\/658d9f90f0909def6c18fa2c\/mediaLibrary\/photo\/a06564a1-55a5-4489-8928-bac3b79ab847\",\"privatePhotoUrl\":\"tenant\/658d9f90f0909def6c18fa2c\/mediaLibrary\/photo\/a06564a1-55a5-4489-8928-bac3b79ab847-medium-standard-q100.webp?v=1748461876\",\"photoExtension\":\"webp?v=1748461876\",\"type\":\"image\",\"name\":\"AquaChile banner\",\"updatedAt\":\"2025-05-28T19:51:16.268Z\",\"photoVersion\":4},\"redirectUrl\":\"https:\/\/www.aquachile.com\/\"}]}},{\"i\":\"5af1974a-6f4e-4da2-9a5d-c73030c63b39\",\"x\":53,\"y\":21,\"w\":23,\"h\":23,\"id\":\"6598322b593b0ab5a9c16227\",\"name\":\"Componente Widget Banner 1x1\",\"gridCols\":100,\"type\":\"component\",\"data\":{\"displayConfig\":{\"filterBy\":\"widgets\",\"type\":\"ads\",\"adType\":\"banner\",\"widgetsOrderBy\":\"position\",\"sortBy\":\"asc\",\"keywords\":[{\"id\":\"65ef1f3118fb250be3f78d31\",\"label\":\"Portada Separador 2 Noticias Por D\u00eda\"}],\"offset\":11,\"limit\":1},\"customConfig\":{\"lg\":{\"box-5c855846-d7ab-4946-985d-cfc1dd3cd47fConfig\":{\"changeWidget\":\"box\",\"backgroundColor\":\"#d1d5dbff\"},\"box-5c855846-d7ab-4946-985d-cfc1dd3cd47fLayerOne\":{\"enabled\":true},\"avatar-d115f0f5-9555-46bb-bcb2-054e47ef3e47Config\":{\"changeWidget\":\"avatar\",\"openType\":\"redirectUrl\",\"targetBlank\":true},\"avatar-d115f0f5-9555-46bb-bcb2-054e47ef3e47AttributeFill\":{\"fillOption\":\"widget\",\"attributeFill\":[{\"title\":\"image\",\"canDelete\":true}]}}},\"content\":{\"layouts\":{\"lg\":[{\"i\":\"5c855846-d7ab-4946-985d-cfc1dd3cd47f\",\"x\":0,\"y\":0,\"w\":100,\"h\":100,\"type\":\"widget\",\"framework\":\"mui\",\"data\":\"box\"},{\"i\":\"d115f0f5-9555-46bb-bcb2-054e47ef3e47\",\"x\":3,\"y\":3,\"w\":94,\"h\":94,\"type\":\"widget\",\"framework\":\"mui\",\"data\":\"avatar\"}]}},\"rows\":[{\"name\":\"Portada Separador 2 Noticias Por D\u00eda 12 \/ 336x336: SANCHEZ\",\"image\":{\"publicUrl\":\"https:\/\/s3-mspro.nyc3.digitaloceanspaces.com\/tenant\/658d9f90f0909def6c18fa2c\/mediaLibrary\/photo\/8e3be233-ec1b-483c-bb55-12aa1a7ad26f.gif\",\"privatePhotoUrlWithoutExtension\":\"tenant\/658d9f90f0909def6c18fa2c\/mediaLibrary\/photo\/8e3be233-ec1b-483c-bb55-12aa1a7ad26f\",\"privatePhotoUrl\":\"tenant\/658d9f90f0909def6c18fa2c\/mediaLibrary\/photo\/8e3be233-ec1b-483c-bb55-12aa1a7ad26f.gif\",\"photoExtension\":\"gif\",\"type\":\"image\",\"name\":\"POLAR_BANNER2 (1)\",\"updatedAt\":\"2026-03-16T12:25:22.940Z\",\"photoVersion\":4},\"redirectUrl\":\"https:\/\/sanchezysanchez.cl\/\"}]}},{\"i\":\"815be02c-4ee2-4737-8037-21a117648866\",\"x\":27,\"y\":21,\"w\":11,\"h\":11,\"id\":\"659d97dc459dea7b15b36d88\",\"name\":\"Componente Widget Banner 1x1 Banner Peque\u00f1o\",\"gridCols\":100,\"type\":\"component\",\"data\":{\"displayConfig\":{\"filterBy\":\"widgets\",\"type\":\"ads\",\"adType\":\"banner\",\"widgetsOrderBy\":\"position\",\"sortBy\":\"asc\",\"keywords\":[{\"id\":\"65ef1f3118fb250be3f78d31\",\"label\":\"Portada Separador 2 Noticias Por D\u00eda\"}],\"offset\":7,\"limit\":1},\"customConfig\":{\"lg\":{\"box-5c855846-d7ab-4946-985d-cfc1dd3cd47fConfig\":{\"changeWidget\":\"box\",\"backgroundColor\":\"#d1d5dbff\"},\"box-5c855846-d7ab-4946-985d-cfc1dd3cd47fLayerOne\":{\"enabled\":true},\"avatar-d115f0f5-9555-46bb-bcb2-054e47ef3e47Config\":{\"changeWidget\":\"avatar\",\"openType\":\"redirectUrl\",\"targetBlank\":true},\"avatar-d115f0f5-9555-46bb-bcb2-054e47ef3e47AttributeFill\":{\"fillOption\":\"widget\",\"attributeFill\":[{\"title\":\"image\",\"canDelete\":true}]}}},\"content\":{\"layouts\":{\"lg\":[{\"i\":\"5c855846-d7ab-4946-985d-cfc1dd3cd47f\",\"x\":0,\"y\":0,\"w\":100,\"h\":100,\"type\":\"widget\",\"framework\":\"mui\",\"data\":\"box\"},{\"i\":\"d115f0f5-9555-46bb-bcb2-054e47ef3e47\",\"x\":5,\"y\":4,\"w\":90,\"h\":90,\"type\":\"widget\",\"framework\":\"mui\",\"data\":\"avatar\"}]}},\"rows\":[{\"name\":\"Portada Separador 2 Noticias Por D\u00eda 8 \/ 250x250: PUBLICITE AQU\u00cd\",\"image\":{\"publicUrl\":\"https:\/\/s3-mspro.nyc3.digitaloceanspaces.com\/tenant\/658d9f90f0909def6c18fa2c\/mediaLibrary\/photo\/62511628-f4c9-46b4-a776-53a87b74bb5b.gif\",\"privatePhotoUrlWithoutExtension\":\"tenant\/658d9f90f0909def6c18fa2c\/mediaLibrary\/photo\/62511628-f4c9-46b4-a776-53a87b74bb5b\",\"privatePhotoUrl\":\"tenant\/658d9f90f0909def6c18fa2c\/mediaLibrary\/photo\/62511628-f4c9-46b4-a776-53a87b74bb5b.gif\",\"photoExtension\":\"gif\",\"type\":\"image\",\"name\":\"publicite\",\"updatedAt\":\"2025-10-28T20:44:33.613Z\",\"photoVersion\":4},\"redirectUrl\":\"https:\/\/www.radiopolar.com\/\"}]}},{\"i\":\"9ed368f4-367c-4227-9fd3-ccdc11e4706e\",\"x\":41,\"y\":21,\"w\":11,\"h\":11,\"id\":\"659d97dc459dea7b15b36d88\",\"name\":\"Componente Widget Banner 1x1 Banner Peque\u00f1o\",\"gridCols\":100,\"type\":\"component\",\"data\":{\"displayConfig\":{\"filterBy\":\"widgets\",\"type\":\"ads\",\"adType\":\"banner\",\"widgetsOrderBy\":\"position\",\"sortBy\":\"asc\",\"keywords\":[{\"id\":\"65ef1f3118fb250be3f78d31\",\"label\":\"Portada Separador 2 Noticias Por D\u00eda\"}],\"offset\":9,\"limit\":1},\"customConfig\":{\"lg\":{\"box-5c855846-d7ab-4946-985d-cfc1dd3cd47fConfig\":{\"changeWidget\":\"box\",\"backgroundColor\":\"#d1d5dbff\"},\"box-5c855846-d7ab-4946-985d-cfc1dd3cd47fLayerOne\":{\"enabled\":true},\"avatar-d115f0f5-9555-46bb-bcb2-054e47ef3e47Config\":{\"changeWidget\":\"avatar\",\"openType\":\"redirectUrl\",\"targetBlank\":true},\"avatar-d115f0f5-9555-46bb-bcb2-054e47ef3e47AttributeFill\":{\"fillOption\":\"widget\",\"attributeFill\":[{\"title\":\"image\",\"canDelete\":true}]}}},\"content\":{\"layouts\":{\"lg\":[{\"i\":\"5c855846-d7ab-4946-985d-cfc1dd3cd47f\",\"x\":0,\"y\":0,\"w\":100,\"h\":100,\"type\":\"widget\",\"framework\":\"mui\",\"data\":\"box\"},{\"i\":\"d115f0f5-9555-46bb-bcb2-054e47ef3e47\",\"x\":5,\"y\":4,\"w\":90,\"h\":90,\"type\":\"widget\",\"framework\":\"mui\",\"data\":\"avatar\"}]}},\"rows\":[{\"name\":\"Portada Separador 2 Noticias Por D\u00eda 10 \/ 250x250: PUBLICITE AQUI\",\"image\":{\"publicUrl\":\"https:\/\/s3-mspro.nyc3.digitaloceanspaces.com\/tenant\/658d9f90f0909def6c18fa2c\/mediaLibrary\/photo\/27be4a2a-c44e-4db1-b0c1-b6ef4bfaab98.gif\",\"privatePhotoUrlWithoutExtension\":\"tenant\/658d9f90f0909def6c18fa2c\/mediaLibrary\/photo\/27be4a2a-c44e-4db1-b0c1-b6ef4bfaab98\",\"privatePhotoUrl\":\"tenant\/658d9f90f0909def6c18fa2c\/mediaLibrary\/photo\/27be4a2a-c44e-4db1-b0c1-b6ef4bfaab98.gif\",\"photoExtension\":\"gif\",\"type\":\"image\",\"name\":\"publiciteaqui250x250\",\"updatedAt\":\"2024-03-08T15:10:15.268Z\",\"photoVersion\":4},\"redirectUrl\":\"https:\/\/www.radiopolar.com\/\"}]}},{\"i\":\"8030f06a-c3a3-408f-9270-d9b2634affe9\",\"x\":27,\"y\":33,\"w\":11,\"h\":11,\"id\":\"659d97dc459dea7b15b36d88\",\"name\":\"Componente Widget Banner 1x1 Banner Peque\u00f1o\",\"gridCols\":100,\"type\":\"component\",\"data\":{\"displayConfig\":{\"filterBy\":\"widgets\",\"type\":\"ads\",\"adType\":\"banner\",\"widgetsOrderBy\":\"position\",\"sortBy\":\"asc\",\"keywords\":[{\"id\":\"65ef1f3118fb250be3f78d31\",\"label\":\"Portada Separador 2 Noticias Por D\u00eda\"}],\"offset\":8,\"limit\":1},\"customConfig\":{\"lg\":{\"box-5c855846-d7ab-4946-985d-cfc1dd3cd47fConfig\":{\"changeWidget\":\"box\",\"backgroundColor\":\"#d1d5dbff\"},\"box-5c855846-d7ab-4946-985d-cfc1dd3cd47fLayerOne\":{\"enabled\":true},\"avatar-d115f0f5-9555-46bb-bcb2-054e47ef3e47Config\":{\"changeWidget\":\"avatar\",\"openType\":\"redirectUrl\",\"targetBlank\":true},\"avatar-d115f0f5-9555-46bb-bcb2-054e47ef3e47AttributeFill\":{\"fillOption\":\"widget\",\"attributeFill\":[{\"title\":\"image\",\"canDelete\":true}]}}},\"content\":{\"layouts\":{\"lg\":[{\"i\":\"5c855846-d7ab-4946-985d-cfc1dd3cd47f\",\"x\":0,\"y\":0,\"w\":100,\"h\":100,\"type\":\"widget\",\"framework\":\"mui\",\"data\":\"box\"},{\"i\":\"d115f0f5-9555-46bb-bcb2-054e47ef3e47\",\"x\":5,\"y\":4,\"w\":90,\"h\":90,\"type\":\"widget\",\"framework\":\"mui\",\"data\":\"avatar\"}]}},\"rows\":[{\"name\":\"Portada Separador 2 Noticias Por D\u00eda 9 \/ 250x250: PUBLICITE AQUI\",\"image\":{\"publicUrl\":\"https:\/\/s3-mspro.nyc3.digitaloceanspaces.com\/tenant\/658d9f90f0909def6c18fa2c\/mediaLibrary\/photo\/62511628-f4c9-46b4-a776-53a87b74bb5b.gif\",\"privatePhotoUrlWithoutExtension\":\"tenant\/658d9f90f0909def6c18fa2c\/mediaLibrary\/photo\/62511628-f4c9-46b4-a776-53a87b74bb5b\",\"privatePhotoUrl\":\"tenant\/658d9f90f0909def6c18fa2c\/mediaLibrary\/photo\/62511628-f4c9-46b4-a776-53a87b74bb5b.gif\",\"photoExtension\":\"gif\",\"type\":\"image\",\"name\":\"publicite\",\"updatedAt\":\"2025-10-28T20:44:33.613Z\",\"photoVersion\":4},\"redirectUrl\":\"https:\/\/www.radiopolar.com\/\"}]}},{\"i\":\"540b70af-5440-43a7-b034-34d3a21a0c5d\",\"x\":41,\"y\":33,\"w\":11,\"h\":11,\"id\":\"659d97dc459dea7b15b36d88\",\"name\":\"Componente Widget Banner 1x1 Banner Peque\u00f1o\",\"gridCols\":100,\"type\":\"component\",\"data\":{\"displayConfig\":{\"filterBy\":\"widgets\",\"type\":\"ads\",\"adType\":\"banner\",\"offset\":10,\"limit\":1,\"keywords\":[{\"id\":\"65ef1f3118fb250be3f78d31\",\"label\":\"Portada Separador 2 Noticias Por D\u00eda\"}],\"widgetsOrderBy\":\"position\",\"sortBy\":\"asc\"},\"customConfig\":{\"lg\":{\"box-5c855846-d7ab-4946-985d-cfc1dd3cd47fConfig\":{\"changeWidget\":\"box\",\"backgroundColor\":\"#d1d5dbff\"},\"box-5c855846-d7ab-4946-985d-cfc1dd3cd47fLayerOne\":{\"enabled\":true},\"avatar-d115f0f5-9555-46bb-bcb2-054e47ef3e47Config\":{\"changeWidget\":\"avatar\",\"openType\":\"redirectUrl\",\"targetBlank\":true},\"avatar-d115f0f5-9555-46bb-bcb2-054e47ef3e47AttributeFill\":{\"fillOption\":\"widget\",\"attributeFill\":[{\"title\":\"image\",\"canDelete\":true}]}}},\"content\":{\"layouts\":{\"lg\":[{\"i\":\"5c855846-d7ab-4946-985d-cfc1dd3cd47f\",\"x\":0,\"y\":0,\"w\":100,\"h\":100,\"type\":\"widget\",\"framework\":\"mui\",\"data\":\"box\"},{\"i\":\"d115f0f5-9555-46bb-bcb2-054e47ef3e47\",\"x\":5,\"y\":4,\"w\":90,\"h\":90,\"type\":\"widget\",\"framework\":\"mui\",\"data\":\"avatar\"}]}},\"rows\":[{\"name\":\"Portada Separador 2 Noticias Por D\u00eda 11 \/ 250x250: PUBLICITE AQUI\",\"image\":{\"publicUrl\":\"https:\/\/s3-mspro.nyc3.digitaloceanspaces.com\/tenant\/658d9f90f0909def6c18fa2c\/mediaLibrary\/photo\/27be4a2a-c44e-4db1-b0c1-b6ef4bfaab98.gif\",\"privatePhotoUrlWithoutExtension\":\"tenant\/658d9f90f0909def6c18fa2c\/mediaLibrary\/photo\/27be4a2a-c44e-4db1-b0c1-b6ef4bfaab98\",\"privatePhotoUrl\":\"tenant\/658d9f90f0909def6c18fa2c\/mediaLibrary\/photo\/27be4a2a-c44e-4db1-b0c1-b6ef4bfaab98.gif\",\"photoExtension\":\"gif\",\"type\":\"image\",\"name\":\"publiciteaqui250x250\",\"updatedAt\":\"2024-03-08T15:10:15.268Z\",\"photoVersion\":4},\"redirectUrl\":\"https:\/\/www.radiopolar.com\/\"}]}},{\"i\":\"83b9a6ab-48f2-4ef8-bb4d-b0bccfb41023\",\"x\":3,\"y\":5,\"w\":73,\"h\":1,\"id\":\"673c88a4ce7709d797ef7851\",\"name\":\"L\u00ednea divisoria Desktop\",\"gridCols\":24,\"type\":\"component\",\"data\":{\"customConfig\":{\"lg\":{\"divider-d606cf92-e3f7-4c5d-bbdf-7d0311951bcdConfig\":{\"changeWidget\":\"divider\",\"width\":100,\"height\":0.1,\"backgroundColor\":\"#cfcfcfff\"},\"divider-d606cf92-e3f7-4c5d-bbdf-7d0311951bcdLayerOne\":{\"enabled\":true}}},\"content\":{\"layouts\":{\"lg\":[{\"i\":\"d606cf92-e3f7-4c5d-bbdf-7d0311951bcd\",\"x\":0,\"y\":0,\"w\":24,\"h\":1,\"type\":\"widget\",\"framework\":\"mui\",\"data\":\"divider\"}]}}}},{\"i\":\"ff246671-db6c-406c-8a72-38cfa955c523\",\"x\":3,\"y\":48,\"w\":73,\"h\":1,\"id\":\"673c88a4ce7709d797ef7851\",\"name\":\"L\u00ednea divisoria Desktop\",\"gridCols\":24,\"type\":\"component\",\"data\":{\"customConfig\":{\"lg\":{\"divider-d606cf92-e3f7-4c5d-bbdf-7d0311951bcdConfig\":{\"changeWidget\":\"divider\",\"width\":100,\"height\":0.1,\"backgroundColor\":\"#cfcfcfff\"},\"divider-d606cf92-e3f7-4c5d-bbdf-7d0311951bcdLayerOne\":{\"enabled\":true}}},\"content\":{\"layouts\":{\"lg\":[{\"i\":\"d606cf92-e3f7-4c5d-bbdf-7d0311951bcd\",\"x\":0,\"y\":0,\"w\":24,\"h\":1,\"type\":\"widget\",\"framework\":\"mui\",\"data\":\"divider\"}]}}}}]}}},{\"id\":\"659dab3d459dea4366b371a1\",\"name\":\"Contenedor noticias 3\",\"active\":true,\"renderAs\":\"server\",\"gridCols\":{\"lg\":100,\"md\":100,\"xs\":100,\"daily\":100},\"marginTop\":-50,\"content\":{\"layouts\":{\"lg\":[{\"i\":\"4372d045-c447-4906-8553-22ba4f16b3e3\",\"x\":3,\"y\":5,\"w\":73,\"h\":135,\"id\":\"66db6d141b69d720dd1c4fc5\",\"name\":\"Tarjeta nueva home radiopolar\",\"gridCols\":100,\"type\":\"component\",\"data\":{\"displayConfig\":{\"formatType\":\"grid\",\"columns\":4,\"columnsDesktop\":6,\"columnsMobile\":6,\"columnsTablet\":6,\"columnsLargeDesktop\":6,\"columnsExtraLargeDesktop\":6,\"offset\":64,\"limit\":24,\"horizontalGutter\":2,\"verticalGutter\":15,\"widthAuto\":true,\"enabledLayer\":true,\"alignContent\":\"top\",\"filterBy\":\"posts\",\"filterByParams\":[\"search\"],\"postsOrderBy\":\"datePublished\",\"sortBy\":\"desc\"},\"customConfig\":{\"lg\":{\"avatar-d5bbbbb3-bb13-4bc2-9257-05523b32ed9dConfig\":{\"changeWidget\":\"avatar\",\"openType\":\"slug\",\"avatarObjectFit\":\"cover\"},\"typography-cd8b6410-273b-496e-b261-6b0adee8f86cConfig\":{\"changeWidget\":\"typography\",\"fontSize\":5,\"lineHeight\":\"1.8\",\"color\":\"#4a5563ff\",\"typographyMaxLength\":100000000000000,\"openType\":\"slug\"},\"typography-cd8b6410-273b-496e-b261-6b0adee8f86cLayerOne\":{\"enabled\":true},\"typography-cd8b6410-273b-496e-b261-6b0adee8f86cAttributeFill\":{\"fillOption\":\"post\",\"attributeFill\":[{\"title\":\"title\",\"canDelete\":true}]},\"avatar-d5bbbbb3-bb13-4bc2-9257-05523b32ed9dAttributeFill\":{\"fillOption\":\"post\",\"attributeFill\":[{\"title\":\"image\",\"canDelete\":true}]},\"button-53710425-5d01-4086-bda8-87e860046417Config\":{\"changeWidget\":\"button\",\"fontSize\":5,\"color\":\"#ffffffff\",\"customIcon\":\"io5\/IoCalendar\",\"buttonPositionIcon\":\"left\",\"typographyMaxLength\":100,\"backgroundColor\":\"#b91c1bff\",\"buttonSize\":\"small\"},\"button-53710425-5d01-4086-bda8-87e860046417LayerOne\":{\"enabled\":true},\"button-53710425-5d01-4086-bda8-87e860046417AttributeFill\":{\"fillOption\":\"post\",\"attributeFill\":[{\"title\":\"datePublished\",\"formatDate\":\"DD\/MM\/YYYY HH:mm\",\"canDelete\":true}]}}},\"content\":{\"layouts\":{\"lg\":[{\"i\":\"d5bbbbb3-bb13-4bc2-9257-05523b32ed9d\",\"x\":0,\"y\":0,\"w\":100,\"h\":56,\"type\":\"widget\",\"framework\":\"mui\",\"data\":\"avatar\"},{\"i\":\"cd8b6410-273b-496e-b261-6b0adee8f86c\",\"x\":0,\"y\":71,\"w\":100,\"h\":10,\"type\":\"widget\",\"framework\":\"mui\",\"data\":\"typography\"},{\"i\":\"53710425-5d01-4086-bda8-87e860046417\",\"x\":0,\"y\":59,\"w\":68,\"h\":10,\"type\":\"widget\",\"framework\":\"mui\",\"data\":\"button\"}]}},\"rows\":[{\"title\":\"VPH POSITIVO NO ES SIN\u00d3NIMO DE C\u00c1NCER: ESPECIALISTA EXPLICA CU\u00c1NDO HAY RIESGO Y C\u00d3MO ACTUAR ANTE LA PRESENCIA DEL VIRUS\",\"image\":{\"publicUrl\":\"https:\/\/s3-mspro.nyc3.digitaloceanspaces.com\/tenant\/658d9f90f0909def6c18fa2c\/mediaLibrary\/photo\/fdace76d-bb2d-4506-a295-ea49f3906840.jpg\",\"privatePhotoUrlWithoutExtension\":\"tenant\/658d9f90f0909def6c18fa2c\/mediaLibrary\/photo\/fdace76d-bb2d-4506-a295-ea49f3906840\",\"privatePhotoUrl\":\"tenant\/658d9f90f0909def6c18fa2c\/mediaLibrary\/photo\/fdace76d-bb2d-4506-a295-ea49f3906840-medium-standard-q100.jpg?v=1774474440\",\"photoExtension\":\"jpg?v=1774474440\",\"name\":\"salud mujer 3\",\"photoVersion\":4,\"type\":\"image\"},\"slug\":\"https:\/\/www.radiopolar.com\/vph-positivo-sinonimo-cancer-especialista-explica-riesgo-actuar-presencia-virus\",\"primaryAuthor\":{\"id\":\"65ea08428325aff9da63f8f9\",\"name\":\"Prensa Radio Polar\",\"authorName\":\"Prensa Radio Polar\",\"slug\":\"\/author\/prensa-radio-polar\"},\"datePublished\":\"2026-03-26 01:00:00\"},{\"title\":\"\u201cNO HAY QUIEBRA, HAY D\u00c9FICIT\u201d: SENADOR BIANCHI ABORDA MODIFICACIONES AL MEPCO Y ANUNCIOS DEL GOBIERNO\",\"image\":{\"publicUrl\":\"https:\/\/s3-mspro.nyc3.digitaloceanspaces.com\/tenant\/658d9f90f0909def6c18fa2c\/mediaLibrary\/photo\/8cb757ac-0d39-45ff-af17-cc02663f6adf.jpeg\",\"privatePhotoUrlWithoutExtension\":\"tenant\/658d9f90f0909def6c18fa2c\/mediaLibrary\/photo\/8cb757ac-0d39-45ff-af17-cc02663f6adf\",\"privatePhotoUrl\":\"tenant\/658d9f90f0909def6c18fa2c\/mediaLibrary\/photo\/8cb757ac-0d39-45ff-af17-cc02663f6adf-medium-standard-q100.jpeg?v=1774494553\",\"photoExtension\":\"jpeg?v=1774494553\",\"name\":\"kbianchi\",\"photoVersion\":4,\"type\":\"image\"},\"slug\":\"https:\/\/www.radiopolar.com\/quiebra-deficit-senador-bianchi-aborda-modificaciones-mepco-anuncios-gobierno\",\"primaryAuthor\":{\"id\":\"65ea08428325aff9da63f8f9\",\"name\":\"Prensa Radio Polar\",\"authorName\":\"Prensa Radio Polar\",\"slug\":\"\/author\/prensa-radio-polar\"},\"datePublished\":\"2026-03-26 00:30:00\"},{\"title\":\"PROYECTO INTERNACIONAL VALIDA SOLUCIONES ENERG\u00c9TICAS BASADAS EN HIDR\u00d3GENO RENOVABLE EN LA ANT\u00c1RTICA\",\"image\":{\"publicUrl\":\"https:\/\/s3-mspro.nyc3.digitaloceanspaces.com\/tenant\/658d9f90f0909def6c18fa2c\/mediaLibrary\/photo\/c4b7cc37-559f-41ab-bf03-2b51e08bd6bd.jpg\",\"privatePhotoUrlWithoutExtension\":\"tenant\/658d9f90f0909def6c18fa2c\/mediaLibrary\/photo\/c4b7cc37-559f-41ab-bf03-2b51e08bd6bd\",\"privatePhotoUrl\":\"tenant\/658d9f90f0909def6c18fa2c\/mediaLibrary\/photo\/c4b7cc37-559f-41ab-bf03-2b51e08bd6bd-medium-standard-q100.jpg?v=1774473664\",\"photoExtension\":\"jpg?v=1774473664\",\"name\":\"Antaertica-GYZ-1-1024x577\",\"photoVersion\":4,\"type\":\"image\"},\"slug\":\"https:\/\/www.radiopolar.com\/proyecto-internacional-valida-soluciones-energeticas-basadas-hidrogeno-renovable-antartica\",\"primaryAuthor\":{\"id\":\"65ea08428325aff9da63f8f9\",\"name\":\"Prensa Radio Polar\",\"authorName\":\"Prensa Radio Polar\",\"slug\":\"\/author\/prensa-radio-polar\"},\"datePublished\":\"2026-03-26 00:00:00\"},{\"title\":\"GOBERNADOR DISTRITAL DE CLUB DE LEONES DESTACA LABOR DE CENTROS DE REHABILITACI\u00d3N EN MAGALLANES\",\"image\":{\"publicUrl\":\"https:\/\/s3-mspro.nyc3.digitaloceanspaces.com\/tenant\/658d9f90f0909def6c18fa2c\/mediaLibrary\/photo\/cac38647-a49e-43f6-8f02-091647a626ab.png\",\"privatePhotoUrlWithoutExtension\":\"tenant\/658d9f90f0909def6c18fa2c\/mediaLibrary\/photo\/cac38647-a49e-43f6-8f02-091647a626ab\",\"privatePhotoUrl\":\"tenant\/658d9f90f0909def6c18fa2c\/mediaLibrary\/photo\/cac38647-a49e-43f6-8f02-091647a626ab-medium-standard-q100.png?v=1774494240\",\"photoExtension\":\"png?v=1774494240\",\"name\":\"clubdeleones\",\"photoVersion\":4,\"type\":\"image\"},\"slug\":\"https:\/\/www.radiopolar.com\/gobernador-distrital-club-leones-destaca-labor-centros-rehabilitacion-magallanes\",\"primaryAuthor\":{\"id\":\"65ea08428325aff9da63f8f9\",\"name\":\"Prensa Radio Polar\",\"authorName\":\"Prensa Radio Polar\",\"slug\":\"\/author\/prensa-radio-polar\"},\"datePublished\":\"2026-03-25 23:30:00\"},{\"title\":\"ENAP CONFIRMA ALZA HIST\u00d3RICA DE LOS COMBUSTIBLES: $ 391 POR LITRO EN LA GASOLINA DE 97 OCTANOS Y $ 138,5 EN KEROSENE\",\"image\":{\"publicUrl\":\"https:\/\/s3-mspro.nyc3.digitaloceanspaces.com\/tenant\/658d9f90f0909def6c18fa2c\/mediaLibrary\/photo\/6be02dbf-9c97-4427-8a31-c9db72db9972.jpg\",\"privatePhotoUrlWithoutExtension\":\"tenant\/658d9f90f0909def6c18fa2c\/mediaLibrary\/photo\/6be02dbf-9c97-4427-8a31-c9db72db9972\",\"privatePhotoUrl\":\"tenant\/658d9f90f0909def6c18fa2c\/mediaLibrary\/photo\/6be02dbf-9c97-4427-8a31-c9db72db9972-medium-standard-q100.jpg?v=1774473324\",\"photoExtension\":\"jpg?v=1774473324\",\"name\":\"bencinas\",\"photoVersion\":4,\"type\":\"image\"},\"slug\":\"https:\/\/www.radiopolar.com\/enap-confirma-alza-historica-combustibles-391-litro-gasolina-97-octanos-1385-kerosene\",\"primaryAuthor\":{\"id\":\"65ea08428325aff9da63f8f9\",\"name\":\"Prensa Radio Polar\",\"authorName\":\"Prensa Radio Polar\",\"slug\":\"\/author\/prensa-radio-polar\"},\"datePublished\":\"2026-03-25 23:00:00\"},{\"title\":\"IND ANUNCIA INICIO DE OBRAS DEL PARQUE DEPORTIVO BARRIO SUR Y CONFIRMA NUTRIDA AGENDA DEPORTIVA EN MAGALLANES\",\"image\":{\"publicUrl\":\"https:\/\/s3-mspro.nyc3.digitaloceanspaces.com\/tenant\/658d9f90f0909def6c18fa2c\/mediaLibrary\/photo\/b3988d81-dee0-4eb6-9c13-13f65254ade1.jpeg\",\"privatePhotoUrlWithoutExtension\":\"tenant\/658d9f90f0909def6c18fa2c\/mediaLibrary\/photo\/b3988d81-dee0-4eb6-9c13-13f65254ade1\",\"privatePhotoUrl\":\"tenant\/658d9f90f0909def6c18fa2c\/mediaLibrary\/photo\/b3988d81-dee0-4eb6-9c13-13f65254ade1-medium-standard-q100.jpeg?v=1774493843\",\"photoExtension\":\"jpeg?v=1774493843\",\"name\":\"indmagallanes\",\"photoVersion\":4,\"type\":\"image\"},\"slug\":\"https:\/\/www.radiopolar.com\/ind-anuncia-inicio-obras-parque-deportivo-barrio-sur-confirma-nutrida-agenda-deportiva-magallanes\",\"primaryAuthor\":{\"id\":\"65ea08428325aff9da63f8f9\",\"name\":\"Prensa Radio Polar\",\"authorName\":\"Prensa Radio Polar\",\"slug\":\"\/author\/prensa-radio-polar\"},\"datePublished\":\"2026-03-25 22:30:00\"},{\"title\":\"ALCALDE DE CABO DE HORNOS DENUNCIA MICROBASURALES EN ZONAS TUR\u00cdSTICAS DE PUERTO WILLIAMS\",\"image\":{\"publicUrl\":\"https:\/\/s3-mspro.nyc3.digitaloceanspaces.com\/tenant\/658d9f90f0909def6c18fa2c\/mediaLibrary\/photo\/771d56fc-b5b0-4c79-8639-659faa6a4c65.png\",\"privatePhotoUrlWithoutExtension\":\"tenant\/658d9f90f0909def6c18fa2c\/mediaLibrary\/photo\/771d56fc-b5b0-4c79-8639-659faa6a4c65\",\"privatePhotoUrl\":\"tenant\/658d9f90f0909def6c18fa2c\/mediaLibrary\/photo\/771d56fc-b5b0-4c79-8639-659faa6a4c65-medium-standard-q100.png?v=1774473120\",\"photoExtension\":\"png?v=1774473120\",\"name\":\"microbasuraleswilliams\",\"photoVersion\":4,\"type\":\"image\"},\"slug\":\"https:\/\/www.radiopolar.com\/alcalde-cabo-hornos-denuncia-microbasurales-zonas-turisticas-puerto-williams\",\"primaryAuthor\":{\"id\":\"65ea08428325aff9da63f8f9\",\"name\":\"Prensa Radio Polar\",\"authorName\":\"Prensa Radio Polar\",\"slug\":\"\/author\/prensa-radio-polar\"},\"datePublished\":\"2026-03-25 22:00:00\"},{\"title\":\"QUIROZ POR OFICIO DE LA CGR TRAS POST DE \"ESTADO EN QUIEBRA\": \"HAY QUE PREGUNTAR A QUIENES PUBLICARON\"\",\"image\":{\"publicUrl\":\"https:\/\/s3-mspro.nyc3.digitaloceanspaces.com\/tenant\/658d9f90f0909def6c18fa2c\/mediaLibrary\/photo\/613cb632-3fee-439c-87f0-8a4dfaa2abc9.jpg\",\"privatePhotoUrlWithoutExtension\":\"tenant\/658d9f90f0909def6c18fa2c\/mediaLibrary\/photo\/613cb632-3fee-439c-87f0-8a4dfaa2abc9\",\"privatePhotoUrl\":\"tenant\/658d9f90f0909def6c18fa2c\/mediaLibrary\/photo\/613cb632-3fee-439c-87f0-8a4dfaa2abc9-medium-standard-q100.jpg?v=1774472650\",\"photoExtension\":\"jpg?v=1774472650\",\"name\":\"jorge-quiroz-750x400\",\"photoVersion\":4,\"type\":\"image\"},\"slug\":\"https:\/\/www.radiopolar.com\/quiroz-oficio-cgr-post-quiebra-preguntar-publicaron\",\"primaryAuthor\":{\"id\":\"65ea08428325aff9da63f8f9\",\"name\":\"Prensa Radio Polar\",\"authorName\":\"Prensa Radio Polar\",\"slug\":\"\/author\/prensa-radio-polar\"},\"datePublished\":\"2026-03-25 21:00:00\"},{\"title\":\"CONAF MANTIENE CIERRE DE TRAMO EN CIRCUITO MACIZO PAINE Y RESTRINGE ACCESO A BASE TORRES EN EL PARQUE NACIONAL TORRES DEL PAINE\",\"image\":{\"publicUrl\":\"https:\/\/s3-mspro.nyc3.digitaloceanspaces.com\/tenant\/658d9f90f0909def6c18fa2c\/mediaLibrary\/photo\/d65f872f-72b6-4d05-845a-5a4fbbe983ec.jpg\",\"privatePhotoUrlWithoutExtension\":\"tenant\/658d9f90f0909def6c18fa2c\/mediaLibrary\/photo\/d65f872f-72b6-4d05-845a-5a4fbbe983ec\",\"privatePhotoUrl\":\"tenant\/658d9f90f0909def6c18fa2c\/mediaLibrary\/photo\/d65f872f-72b6-4d05-845a-5a4fbbe983ec-medium-standard-q100.jpg?v=1774472395\",\"photoExtension\":\"jpg?v=1774472395\",\"name\":\"sector nevado PNTP 26-03-2026\",\"photoVersion\":4,\"type\":\"image\"},\"slug\":\"https:\/\/www.radiopolar.com\/conaf-mantiene-cierre-tramo-circuito-macizo-paine-restringe-acceso-base-torres-parque-nacional\",\"primaryAuthor\":{\"id\":\"65ea08428325aff9da63f8f9\",\"name\":\"Prensa Radio Polar\",\"authorName\":\"Prensa Radio Polar\",\"slug\":\"\/author\/prensa-radio-polar\"},\"datePublished\":\"2026-03-25 20:00:00\"},{\"title\":\"SEREMI DE SALUD PRESENT\u00d3 RESULTADOS DE VIGILANCIA DE INTENTOS DE SUICIDIO 2025, INFORMACI\u00d3N QUE PERMITE IDENTIFICAR GRUPOS DE RIESGO Y ORIENTAR ACCIONES DE PREVENCI\u00d3N\",\"image\":{\"publicUrl\":\"https:\/\/s3-mspro.nyc3.digitaloceanspaces.com\/tenant\/658d9f90f0909def6c18fa2c\/mediaLibrary\/photo\/e1c8f46f-4f6c-45b3-9992-6cb7cd59f434.JPG\",\"privatePhotoUrlWithoutExtension\":\"tenant\/658d9f90f0909def6c18fa2c\/mediaLibrary\/photo\/e1c8f46f-4f6c-45b3-9992-6cb7cd59f434\",\"privatePhotoUrl\":\"tenant\/658d9f90f0909def6c18fa2c\/mediaLibrary\/photo\/e1c8f46f-4f6c-45b3-9992-6cb7cd59f434-medium-standard-q100.jpg?v=1774472109\",\"photoExtension\":\"jpg?v=1774472109\",\"name\":\"resultadosvigilancialesiones\",\"photoVersion\":4,\"type\":\"image\"},\"slug\":\"https:\/\/www.radiopolar.com\/seremi-salud-presento-resultados-vigilancia-intentos-suicidio-2025-informacion-permite-identificar-grupos-riesgo-orientar-acciones-prevencion\",\"primaryAuthor\":{\"id\":\"65ea08428325aff9da63f8f9\",\"name\":\"Prensa Radio Polar\",\"authorName\":\"Prensa Radio Polar\",\"slug\":\"\/author\/prensa-radio-polar\"},\"datePublished\":\"2026-03-25 19:00:00\"},{\"title\":\"JOS\u00c9 RODOLFO GUAJARDO BARR\u00cdA ASUME COMO SEREMI DE VIVIENDA Y URBANISMO DEL PRESIDENTE KAST\",\"image\":{\"publicUrl\":\"https:\/\/s3-mspro.nyc3.digitaloceanspaces.com\/tenant\/658d9f90f0909def6c18fa2c\/mediaLibrary\/photo\/657ea164-24a0-4c1f-a735-9d9a465e276c.jpeg\",\"privatePhotoUrlWithoutExtension\":\"tenant\/658d9f90f0909def6c18fa2c\/mediaLibrary\/photo\/657ea164-24a0-4c1f-a735-9d9a465e276c\",\"privatePhotoUrl\":\"tenant\/658d9f90f0909def6c18fa2c\/mediaLibrary\/photo\/657ea164-24a0-4c1f-a735-9d9a465e276c-medium-standard-q100.jpeg?v=1774474690\",\"photoExtension\":\"jpeg?v=1774474690\",\"name\":\"rodolfo guajardo barr\u00eda\",\"photoVersion\":4,\"type\":\"image\"},\"slug\":\"https:\/\/www.radiopolar.com\/jose-rodolfo-guajardo-barria-asume-seremi-vivienda-urbanismo-presidente-kast\",\"primaryAuthor\":{\"id\":\"65ea08428325aff9da63f8f9\",\"name\":\"Prensa Radio Polar\",\"authorName\":\"Prensa Radio Polar\",\"slug\":\"\/author\/prensa-radio-polar\"},\"datePublished\":\"2026-03-25 18:30:00\"},{\"title\":\"CONAF SUPERVISA TR\u00c1NSITO DE VISITANTES EN EL MACIZO PAINE ANTE CIERRE PREVENTIVO DE SENDEROS POR MAL TIEMPO\",\"image\":{\"publicUrl\":\"https:\/\/s3-mspro.nyc3.digitaloceanspaces.com\/tenant\/658d9f90f0909def6c18fa2c\/mediaLibrary\/photo\/06a150f5-cd1f-440f-b650-c18866539eb5.jpg\",\"privatePhotoUrlWithoutExtension\":\"tenant\/658d9f90f0909def6c18fa2c\/mediaLibrary\/photo\/06a150f5-cd1f-440f-b650-c18866539eb5\",\"privatePhotoUrl\":\"tenant\/658d9f90f0909def6c18fa2c\/mediaLibrary\/photo\/06a150f5-cd1f-440f-b650-c18866539eb5-medium-standard-q100.jpg?v=1774471739\",\"photoExtension\":\"jpg?v=1774471739\",\"name\":\"Porteria Laguna Amarga\",\"photoVersion\":4,\"type\":\"image\"},\"slug\":\"https:\/\/www.radiopolar.com\/conaf-supervisa-transito-visitantes-macizo-paine-cierre-preventivo-senderos\",\"primaryAuthor\":{\"id\":\"65ea08428325aff9da63f8f9\",\"name\":\"Prensa Radio Polar\",\"authorName\":\"Prensa Radio Polar\",\"slug\":\"\/author\/prensa-radio-polar\"},\"datePublished\":\"2026-03-25 18:00:00\"},{\"title\":\"AMBIPAR REALIZ\u00d3 EJERCICIO DE COMBATE A LA CONTAMINACI\u00d3N EN BAH\u00cdA FILDES\",\"image\":{\"publicUrl\":\"https:\/\/s3-mspro.nyc3.digitaloceanspaces.com\/tenant\/658d9f90f0909def6c18fa2c\/mediaLibrary\/photo\/48240ec4-aacb-43b5-9c81-8e365fa7bf3d.JPG\",\"privatePhotoUrlWithoutExtension\":\"tenant\/658d9f90f0909def6c18fa2c\/mediaLibrary\/photo\/48240ec4-aacb-43b5-9c81-8e365fa7bf3d\",\"privatePhotoUrl\":\"tenant\/658d9f90f0909def6c18fa2c\/mediaLibrary\/photo\/48240ec4-aacb-43b5-9c81-8e365fa7bf3d-medium-standard-q100.jpg?v=1774471437\",\"photoExtension\":\"jpg?v=1774471437\",\"name\":\"Ejercicio contra la contaminaci\u00f3n en antartica 4\",\"photoVersion\":4,\"type\":\"image\"},\"slug\":\"https:\/\/www.radiopolar.com\/ambipar-ejercicio-combate-contaminacion-bahia-fildes\",\"primaryAuthor\":{\"id\":\"65ea08428325aff9da63f8f9\",\"name\":\"Prensa Radio Polar\",\"authorName\":\"Prensa Radio Polar\",\"slug\":\"\/author\/prensa-radio-polar\"},\"datePublished\":\"2026-03-25 17:00:00\"},{\"title\":\"MUNICIPIO ABRE INSCRIPCIONES CON UNA OFERTA DE 30 TALLERES ART\u00cdSTICO-CULTURALES\",\"image\":{\"publicUrl\":\"https:\/\/s3-mspro.nyc3.digitaloceanspaces.com\/tenant\/658d9f90f0909def6c18fa2c\/mediaLibrary\/photo\/49ba3337-c4f9-4659-bfea-12b062f3cf75.jpeg\",\"privatePhotoUrlWithoutExtension\":\"tenant\/658d9f90f0909def6c18fa2c\/mediaLibrary\/photo\/49ba3337-c4f9-4659-bfea-12b062f3cf75\",\"privatePhotoUrl\":\"tenant\/658d9f90f0909def6c18fa2c\/mediaLibrary\/photo\/49ba3337-c4f9-4659-bfea-12b062f3cf75-medium-standard-q100.jpeg?v=1774462520\",\"photoExtension\":\"jpeg?v=1774462520\",\"name\":\"CT 1\",\"photoVersion\":4,\"type\":\"image\"},\"slug\":\"https:\/\/www.radiopolar.com\/municipio-abre-inscripciones-oferta-30-talleres-artistico-culturales\",\"primaryAuthor\":{\"id\":\"65ea08428325aff9da63f8f9\",\"name\":\"Prensa Radio Polar\",\"authorName\":\"Prensa Radio Polar\",\"slug\":\"\/author\/prensa-radio-polar\"},\"datePublished\":\"2026-03-25 16:00:00\"},{\"title\":\"CONTRALOR\u00cdA OFICIA A LA SEGEGOB POR PUBLICACI\u00d3N SOBRE \u201cESTADO EN QUIEBRA\u201d EN CUENTA OFICIAL DE GOBIERNO\",\"image\":{\"publicUrl\":\"https:\/\/s3-mspro.nyc3.digitaloceanspaces.com\/tenant\/658d9f90f0909def6c18fa2c\/mediaLibrary\/photo\/a169e864-866a-44bc-a788-39e16880a13b.webp\",\"privatePhotoUrlWithoutExtension\":\"tenant\/658d9f90f0909def6c18fa2c\/mediaLibrary\/photo\/a169e864-866a-44bc-a788-39e16880a13b\",\"privatePhotoUrl\":\"tenant\/658d9f90f0909def6c18fa2c\/mediaLibrary\/photo\/a169e864-866a-44bc-a788-39e16880a13b-medium-standard-q100.webp?v=1759804692\",\"photoExtension\":\"webp?v=1759804692\",\"name\":\"contraloria\",\"photoVersion\":4,\"type\":\"image\"},\"slug\":\"https:\/\/www.radiopolar.com\/contraloria-oficia-segegob-publicacion-quiebra-oficial-gobierno\",\"primaryAuthor\":{\"id\":\"65ea08428325aff9da63f8f9\",\"name\":\"Prensa Radio Polar\",\"authorName\":\"Prensa Radio Polar\",\"slug\":\"\/author\/prensa-radio-polar\"},\"datePublished\":\"2026-03-25 15:00:00\"},{\"title\":\"PUNTA ARENAS: ADUANAS INCAUT\u00d3 MILES DE PRODUCTOS FALSOS EN MALLS CHINOS\",\"image\":{\"publicUrl\":\"https:\/\/s3-mspro.nyc3.digitaloceanspaces.com\/tenant\/658d9f90f0909def6c18fa2c\/mediaLibrary\/photo\/9da7be74-d25e-40c1-82f7-32043d260d63.jpeg\",\"privatePhotoUrlWithoutExtension\":\"tenant\/658d9f90f0909def6c18fa2c\/mediaLibrary\/photo\/9da7be74-d25e-40c1-82f7-32043d260d63\",\"privatePhotoUrl\":\"tenant\/658d9f90f0909def6c18fa2c\/mediaLibrary\/photo\/9da7be74-d25e-40c1-82f7-32043d260d63-medium-standard-q100.jpeg?v=1774459455\",\"photoExtension\":\"jpeg?v=1774459455\",\"name\":\"aduanaspuntaarenas\",\"photoVersion\":4,\"type\":\"image\"},\"slug\":\"https:\/\/www.radiopolar.com\/punta-arenas-aduanas-incauto-miles-productos-falsos-malls-chinos\",\"primaryAuthor\":{\"id\":\"65ea08428325aff9da63f8f9\",\"name\":\"Prensa Radio Polar\",\"authorName\":\"Prensa Radio Polar\",\"slug\":\"\/author\/prensa-radio-polar\"},\"datePublished\":\"2026-03-25 14:00:00\"},{\"title\":\"DETIENEN A DOS PERSONAS TRAS PERSECUCI\u00d3N POLICIAL POR MICROTR\u00c1FICO Y CONDUCCI\u00d3N BAJO DROGAS EN PUNTA ARENAS\",\"image\":{\"publicUrl\":\"https:\/\/s3-mspro.nyc3.digitaloceanspaces.com\/tenant\/658d9f90f0909def6c18fa2c\/mediaLibrary\/photo\/75d33b0a-ed10-4610-9d79-0f5583f462ec.jpeg\",\"privatePhotoUrlWithoutExtension\":\"tenant\/658d9f90f0909def6c18fa2c\/mediaLibrary\/photo\/75d33b0a-ed10-4610-9d79-0f5583f462ec\",\"privatePhotoUrl\":\"tenant\/658d9f90f0909def6c18fa2c\/mediaLibrary\/photo\/75d33b0a-ed10-4610-9d79-0f5583f462ec-medium-standard-q100.jpeg?v=1774457895\",\"photoExtension\":\"jpeg?v=1774457895\",\"name\":\"detenidospuq24032026\",\"photoVersion\":4,\"type\":\"image\"},\"slug\":\"https:\/\/www.radiopolar.com\/detienen-personas-persecucion-policial-microtrafico-conduccion-drogas-punta-arenas\",\"primaryAuthor\":{\"id\":\"65ea08428325aff9da63f8f9\",\"name\":\"Prensa Radio Polar\",\"authorName\":\"Prensa Radio Polar\",\"slug\":\"\/author\/prensa-radio-polar\"},\"datePublished\":\"2026-03-25 13:00:00\"},{\"title\":\"SECTOR SALUD REFUERZA PESQUISA PRECOZ DE TUBERCULOSIS CON INTERVENCI\u00d3N EDUCATIVA EN ZONAUSTRAL\",\"image\":{\"publicUrl\":\"https:\/\/s3-mspro.nyc3.digitaloceanspaces.com\/tenant\/658d9f90f0909def6c18fa2c\/mediaLibrary\/photo\/de6e1f1f-2e5e-4ee1-b3ed-c25a84d06af3.jpeg\",\"privatePhotoUrlWithoutExtension\":\"tenant\/658d9f90f0909def6c18fa2c\/mediaLibrary\/photo\/de6e1f1f-2e5e-4ee1-b3ed-c25a84d06af3\",\"privatePhotoUrl\":\"tenant\/658d9f90f0909def6c18fa2c\/mediaLibrary\/photo\/de6e1f1f-2e5e-4ee1-b3ed-c25a84d06af3-medium-standard-q100.jpeg?v=1774408669\",\"photoExtension\":\"jpeg?v=1774408669\",\"name\":\"tuberculosis\",\"photoVersion\":4,\"type\":\"image\"},\"slug\":\"https:\/\/www.radiopolar.com\/sector-salud-refuerza-pesquisa-precoz-tuberculosis-intervencion-educativa-zonaustral\",\"primaryAuthor\":{\"id\":\"65ea08428325aff9da63f8f9\",\"name\":\"Prensa Radio Polar\",\"authorName\":\"Prensa Radio Polar\",\"slug\":\"\/author\/prensa-radio-polar\"},\"datePublished\":\"2026-03-25 12:00:00\"},{\"title\":\"PRESIDENTE KAST NOMBRA A IGNACIO MALIG COMO NUEVO DIRECTOR NACIONAL DE CONADI\",\"image\":{\"publicUrl\":\"https:\/\/s3-mspro.nyc3.digitaloceanspaces.com\/tenant\/658d9f90f0909def6c18fa2c\/mediaLibrary\/photo\/685f276a-f5be-4321-b7ef-3a2ddbcd30cb.jpeg\",\"privatePhotoUrlWithoutExtension\":\"tenant\/658d9f90f0909def6c18fa2c\/mediaLibrary\/photo\/685f276a-f5be-4321-b7ef-3a2ddbcd30cb\",\"privatePhotoUrl\":\"tenant\/658d9f90f0909def6c18fa2c\/mediaLibrary\/photo\/685f276a-f5be-4321-b7ef-3a2ddbcd30cb-medium-standard-q100.jpeg?v=1774408297\",\"photoExtension\":\"jpeg?v=1774408297\",\"name\":\"Ignacio Malig\",\"photoVersion\":4,\"type\":\"image\"},\"slug\":\"https:\/\/www.radiopolar.com\/presidente-kast-nombra-ignacio-malig-director-nacional-conadi\",\"primaryAuthor\":{\"id\":\"65ea08428325aff9da63f8f9\",\"name\":\"Prensa Radio Polar\",\"authorName\":\"Prensa Radio Polar\",\"slug\":\"\/author\/prensa-radio-polar\"},\"datePublished\":\"2026-03-25 11:00:00\"},{\"title\":\"CONSEJO DEL SALM\u00d3N IMPULSA RELACI\u00d3N CON LA FDA PARA FORTALECER POSICIONAMIENTO DEL SALM\u00d3N CHILENO EN EE.UU.\",\"image\":{\"publicUrl\":\"https:\/\/s3-mspro.nyc3.digitaloceanspaces.com\/tenant\/658d9f90f0909def6c18fa2c\/mediaLibrary\/photo\/848012fd-e226-4851-992b-19ce72ea48c3.jpg\",\"privatePhotoUrlWithoutExtension\":\"tenant\/658d9f90f0909def6c18fa2c\/mediaLibrary\/photo\/848012fd-e226-4851-992b-19ce72ea48c3\",\"privatePhotoUrl\":\"tenant\/658d9f90f0909def6c18fa2c\/mediaLibrary\/photo\/848012fd-e226-4851-992b-19ce72ea48c3-medium-standard-q100.jpg?v=1774407769\",\"photoExtension\":\"jpg?v=1774407769\",\"name\":\"consejosalmonFDA\",\"photoVersion\":4,\"type\":\"image\"},\"slug\":\"https:\/\/www.radiopolar.com\/consejo-salmon-impulsa-relacion-fda-fortalecer-posicionamiento-chileno-eeuu\",\"primaryAuthor\":{\"id\":\"65ea08428325aff9da63f8f9\",\"name\":\"Prensa Radio Polar\",\"authorName\":\"Prensa Radio Polar\",\"slug\":\"\/author\/prensa-radio-polar\"},\"datePublished\":\"2026-03-25 10:00:00\"},{\"title\":\"AUTORIDAD MAR\u00cdTIMA ACTIV\u00d3 OPERATIVO POR PRESUNTA DESGRACIA EN COSTANERA DEL ESTRECHO\",\"image\":{\"publicUrl\":\"https:\/\/s3-mspro.nyc3.digitaloceanspaces.com\/tenant\/658d9f90f0909def6c18fa2c\/mediaLibrary\/photo\/70a2867e-5192-48d4-8139-28b562166525.jpeg\",\"privatePhotoUrlWithoutExtension\":\"tenant\/658d9f90f0909def6c18fa2c\/mediaLibrary\/photo\/70a2867e-5192-48d4-8139-28b562166525\",\"privatePhotoUrl\":\"tenant\/658d9f90f0909def6c18fa2c\/mediaLibrary\/photo\/70a2867e-5192-48d4-8139-28b562166525-medium-standard-q100.jpeg?v=1774442670\",\"photoExtension\":\"jpeg?v=1774442670\",\"name\":\"autoridad maritima puq\",\"photoVersion\":4,\"type\":\"image\"},\"slug\":\"https:\/\/www.radiopolar.com\/autoridad-maritima-activo-operativo-presunta-desgracia-costanera-estrecho\",\"primaryAuthor\":{\"id\":\"65ea08428325aff9da63f8f9\",\"name\":\"Prensa Radio Polar\",\"authorName\":\"Prensa Radio Polar\",\"slug\":\"\/author\/prensa-radio-polar\"},\"datePublished\":\"2026-03-25 09:30:00\"},{\"title\":\"EXDIRIGENTE AVENDA\u00d1O: \"AUTORIDADES DEBEN REVISAR CONTRATO CON METHANEX ANTES DE PENSAR EN AFECTAR EL SUBSIDIO AL GAS EN MAGALLANES\" (COLUMNA)\",\"image\":{\"publicUrl\":\"https:\/\/s3-mspro.nyc3.digitaloceanspaces.com\/tenant\/658d9f90f0909def6c18fa2c\/mediaLibrary\/photo\/67952567-f614-4c46-a83a-38b1fb6e8e9e.jpg\",\"privatePhotoUrlWithoutExtension\":\"tenant\/658d9f90f0909def6c18fa2c\/mediaLibrary\/photo\/67952567-f614-4c46-a83a-38b1fb6e8e9e\",\"privatePhotoUrl\":\"tenant\/658d9f90f0909def6c18fa2c\/mediaLibrary\/photo\/67952567-f614-4c46-a83a-38b1fb6e8e9e-medium-standard-q100.jpg?v=1771640535\",\"photoExtension\":\"jpg?v=1771640535\",\"name\":\"AAG\",\"photoVersion\":4,\"type\":\"image\"},\"slug\":\"https:\/\/www.radiopolar.com\/exdirigente-avendano-autoridades-revisar-contrato-methanex-pensar-afectar-subsidio-gas-magallanes-columna\",\"primaryAuthor\":{\"id\":\"65ea08428325aff9da63f8f9\",\"name\":\"Prensa Radio Polar\",\"authorName\":\"Prensa Radio Polar\",\"slug\":\"\/author\/prensa-radio-polar\"},\"datePublished\":\"2026-03-25 09:00:00\"},{\"title\":\"ACAD\u00c9MICOS UACH PARTICIPAN DE EXPEDICI\u00d3N CIENT\u00cdFICA EN LA ANT\u00c1RTICA\",\"image\":{\"publicUrl\":\"https:\/\/s3-mspro.nyc3.digitaloceanspaces.com\/tenant\/658d9f90f0909def6c18fa2c\/mediaLibrary\/photo\/c9b52fd1-9978-48f7-8fb2-2ec19c1c6fad.jpeg\",\"privatePhotoUrlWithoutExtension\":\"tenant\/658d9f90f0909def6c18fa2c\/mediaLibrary\/photo\/c9b52fd1-9978-48f7-8fb2-2ec19c1c6fad\",\"privatePhotoUrl\":\"tenant\/658d9f90f0909def6c18fa2c\/mediaLibrary\/photo\/c9b52fd1-9978-48f7-8fb2-2ec19c1c6fad-medium-standard-q100.jpeg?v=1774406210\",\"photoExtension\":\"jpeg?v=1774406210\",\"name\":\"uachantartica\",\"photoVersion\":4,\"type\":\"image\"},\"slug\":\"https:\/\/www.radiopolar.com\/academicos-uach-participan-expedicion-cientifica-antartica\",\"primaryAuthor\":{\"id\":\"65ea08428325aff9da63f8f9\",\"name\":\"Prensa Radio Polar\",\"authorName\":\"Prensa Radio Polar\",\"slug\":\"\/author\/prensa-radio-polar\"},\"datePublished\":\"2026-03-25 08:00:00\"},{\"title\":\"GOBIERNO ASEGURA CONTINUIDAD DEL SUBSIDIO AL GAS EN MAGALLANES PESE A CAMBIOS EN EL MEPCO\",\"image\":{\"publicUrl\":\"https:\/\/s3-mspro.nyc3.digitaloceanspaces.com\/tenant\/658d9f90f0909def6c18fa2c\/mediaLibrary\/photo\/c9473b9f-bfd9-4ea3-9f7b-942c25b443b6.jpeg\",\"privatePhotoUrlWithoutExtension\":\"tenant\/658d9f90f0909def6c18fa2c\/mediaLibrary\/photo\/c9473b9f-bfd9-4ea3-9f7b-942c25b443b6\",\"privatePhotoUrl\":\"tenant\/658d9f90f0909def6c18fa2c\/mediaLibrary\/photo\/c9473b9f-bfd9-4ea3-9f7b-942c25b443b6-medium-standard-q100.jpeg?v=1742777120\",\"photoExtension\":\"jpeg?v=1742777120\",\"name\":\"puntaarenas\",\"photoVersion\":4,\"type\":\"image\"},\"slug\":\"https:\/\/www.radiopolar.com\/gobierno-asegura-continuidad-subsidio-gas-magallanes-pese-cambios-mepco\",\"primaryAuthor\":{\"id\":\"65ea08428325aff9da63f8f9\",\"name\":\"Prensa Radio Polar\",\"authorName\":\"Prensa Radio Polar\",\"slug\":\"\/author\/prensa-radio-polar\"},\"datePublished\":\"2026-03-25 07:00:00\"}]}},{\"i\":\"68a30f96-fa78-4ced-9202-ba017c993485\",\"x\":77,\"y\":5,\"w\":20,\"h\":114,\"id\":\"6598322b593b0ab5a9c16227\",\"name\":\"Componente Widget Banner 1x1\",\"gridCols\":100,\"type\":\"component\",\"data\":{\"displayConfig\":{\"offset\":23,\"limit\":7,\"filterBy\":\"widgets\",\"type\":\"ads\",\"keywords\":[{\"id\":\"65ef180f18fb253977f78cc2\",\"label\":\"Portada Laterales\"}],\"adType\":\"banner\",\"enabledLayer\":true,\"verticalGutter\":2,\"widgetsOrderBy\":\"position\",\"sortBy\":\"asc\"},\"customConfig\":{\"lg\":{\"box-5c855846-d7ab-4946-985d-cfc1dd3cd47fConfig\":{\"changeWidget\":\"box\",\"backgroundColor\":\"#d1d5dbff\"},\"box-5c855846-d7ab-4946-985d-cfc1dd3cd47fLayerOne\":{\"enabled\":true},\"avatar-d115f0f5-9555-46bb-bcb2-054e47ef3e47Config\":{\"changeWidget\":\"avatar\",\"openType\":\"redirectUrl\",\"targetBlank\":true},\"avatar-d115f0f5-9555-46bb-bcb2-054e47ef3e47AttributeFill\":{\"fillOption\":\"widget\",\"attributeFill\":[{\"title\":\"image\",\"canDelete\":true}]}}},\"content\":{\"layouts\":{\"lg\":[{\"i\":\"5c855846-d7ab-4946-985d-cfc1dd3cd47f\",\"x\":0,\"y\":0,\"w\":100,\"h\":100,\"type\":\"widget\",\"framework\":\"mui\",\"data\":\"box\"},{\"i\":\"d115f0f5-9555-46bb-bcb2-054e47ef3e47\",\"x\":3,\"y\":3,\"w\":94,\"h\":94,\"type\":\"widget\",\"framework\":\"mui\",\"data\":\"avatar\"}]}},\"rows\":[{\"name\":\"Portada Laterales 27 \/ 336x336: Publicite aqu\u00ed\",\"image\":{\"publicUrl\":\"https:\/\/s3-mspro.nyc3.digitaloceanspaces.com\/tenant\/658d9f90f0909def6c18fa2c\/mediaLibrary\/photo\/3684423d-68e7-41f3-a811-31fa129983f9.webp\",\"privatePhotoUrlWithoutExtension\":\"tenant\/658d9f90f0909def6c18fa2c\/mediaLibrary\/photo\/3684423d-68e7-41f3-a811-31fa129983f9\",\"privatePhotoUrl\":\"tenant\/658d9f90f0909def6c18fa2c\/mediaLibrary\/photo\/3684423d-68e7-41f3-a811-31fa129983f9-medium-standard-q100.webp?v=1741184258\",\"photoExtension\":\"webp?v=1741184258\",\"type\":\"image\",\"name\":\"publicite aqu\u00ed\",\"updatedAt\":\"2025-03-05T14:17:38.310Z\",\"photoVersion\":4},\"redirectUrl\":\"https:\/\/www.radiopolar.com\/\"},{\"name\":\"Portada Laterales 28 \/ 336x336: Publicite aqui\",\"image\":{\"publicUrl\":\"https:\/\/s3-mspro.nyc3.digitaloceanspaces.com\/tenant\/658d9f90f0909def6c18fa2c\/mediaLibrary\/photo\/e085b762-3ba1-4786-891f-ead0903eb8f1.webp\",\"privatePhotoUrlWithoutExtension\":\"tenant\/658d9f90f0909def6c18fa2c\/mediaLibrary\/photo\/e085b762-3ba1-4786-891f-ead0903eb8f1\",\"privatePhotoUrl\":\"tenant\/658d9f90f0909def6c18fa2c\/mediaLibrary\/photo\/e085b762-3ba1-4786-891f-ead0903eb8f1-medium-standard-q100.webp?v=1742908913\",\"photoExtension\":\"webp?v=1742908913\",\"type\":\"image\",\"name\":\"publicite aqui\",\"updatedAt\":\"2025-03-25T13:21:53.519Z\",\"photoVersion\":4},\"redirectUrl\":\"https:\/\/www.radiopolar.com\/\"},{\"name\":\"Portada Laterales 29 \/ 336x336: Publicite aqui\",\"image\":{\"publicUrl\":\"https:\/\/s3-mspro.nyc3.digitaloceanspaces.com\/tenant\/658d9f90f0909def6c18fa2c\/mediaLibrary\/photo\/20f9fc9d-4ab5-42da-808d-40eb13ad6690.png\",\"privatePhotoUrlWithoutExtension\":\"tenant\/658d9f90f0909def6c18fa2c\/mediaLibrary\/photo\/20f9fc9d-4ab5-42da-808d-40eb13ad6690\",\"privatePhotoUrl\":\"tenant\/658d9f90f0909def6c18fa2c\/mediaLibrary\/photo\/20f9fc9d-4ab5-42da-808d-40eb13ad6690-medium-standard-q100.png?v=1738757611\",\"photoExtension\":\"png?v=1738757611\",\"type\":\"image\",\"name\":\"PUBLICITEAQUI336X336\",\"updatedAt\":\"2025-02-05T12:13:31.922Z\",\"photoVersion\":4},\"redirectUrl\":\"https:\/\/www.radiopolar.com\/\"},{\"name\":\"Portada Laterales 30 \/ 336x336: PUBLICITE AQU\u00cd\",\"image\":{\"publicUrl\":\"https:\/\/s3-mspro.nyc3.digitaloceanspaces.com\/tenant\/658d9f90f0909def6c18fa2c\/mediaLibrary\/photo\/20f9fc9d-4ab5-42da-808d-40eb13ad6690.png\",\"privatePhotoUrlWithoutExtension\":\"tenant\/658d9f90f0909def6c18fa2c\/mediaLibrary\/photo\/20f9fc9d-4ab5-42da-808d-40eb13ad6690\",\"privatePhotoUrl\":\"tenant\/658d9f90f0909def6c18fa2c\/mediaLibrary\/photo\/20f9fc9d-4ab5-42da-808d-40eb13ad6690-medium-standard-q100.png?v=1738757611\",\"photoExtension\":\"png?v=1738757611\",\"type\":\"image\",\"name\":\"PUBLICITEAQUI336X336\",\"updatedAt\":\"2025-02-05T12:13:31.922Z\",\"photoVersion\":4},\"redirectUrl\":\"https:\/\/www.radiopolar.com\/\"},{\"name\":\"Portada Laterales 27 \/ 336x336: PUBLICITE AQUI\",\"image\":{\"publicUrl\":\"https:\/\/s3-mspro.nyc3.digitaloceanspaces.com\/tenant\/658d9f90f0909def6c18fa2c\/mediaLibrary\/photo\/9f76f33d-1774-4fd2-9dea-d4473d6b6ef4.gif\",\"privatePhotoUrlWithoutExtension\":\"tenant\/658d9f90f0909def6c18fa2c\/mediaLibrary\/photo\/9f76f33d-1774-4fd2-9dea-d4473d6b6ef4\",\"privatePhotoUrl\":\"tenant\/658d9f90f0909def6c18fa2c\/mediaLibrary\/photo\/9f76f33d-1774-4fd2-9dea-d4473d6b6ef4.gif\",\"photoExtension\":\"gif\",\"type\":\"image\",\"name\":\"PUBLICITE AQUI 250x250\",\"updatedAt\":\"2025-02-11T19:30:47.857Z\",\"photoVersion\":4},\"redirectUrl\":\"https:\/\/www.radiopolar.com\/\"}]}},{\"i\":\"ab45f052-cc49-401b-a75b-c8fe25293dba\",\"x\":7,\"y\":139,\"w\":64,\"h\":5,\"id\":\"65f468c8dfa067113b085d4a\",\"name\":\"Cargas M\u00e1s ok Desktop\",\"gridCols\":100,\"type\":\"component\",\"data\":{\"displayConfig\":{\"enabledLayer\":true},\"customConfig\":{\"lg\":{\"button-c4c10826-ae6f-47a2-9d35-899dbbfa8943Config\":{\"customTitle\":\"Cargar m\u00e1s\",\"optionColor\":\"primary\",\"changeWidget\":\"button\",\"openType\":\"loadMoreRows\",\"progressType\":\"linear\",\"progressColor\":\"primary\",\"fontSize\":1.2,\"backgroundColor\":\"primary\"},\"button-c4c10826-ae6f-47a2-9d35-899dbbfa8943LayerOne\":{\"enabled\":true}}},\"content\":{\"layouts\":{\"lg\":[{\"i\":\"c4c10826-ae6f-47a2-9d35-899dbbfa8943\",\"x\":0,\"y\":6,\"w\":100,\"h\":4,\"type\":\"widget\",\"framework\":\"mui\",\"data\":\"button\"}]}}}}]}}}]},{\"id\":\"659ede15fd38f6b9e7990e19\",\"name\":\"Seccion Inicio Mobile\",\"active\":true,\"containers\":[{\"id\":\"659efbecfd38f67d6899199a\",\"name\":\"Contenedor Portada Inicio Publicidad Horizontal Mobile\",\"active\":true,\"renderAs\":\"server\",\"gridCols\":{\"lg\":100,\"md\":100,\"xs\":100,\"daily\":100},\"marginRight\":30,\"marginBottom\":0,\"marginLeft\":30},{\"id\":\"659f189652554333338306a8\",\"name\":\"Contenedor Portada Home Mobile\",\"active\":true,\"renderAs\":\"server\",\"gridCols\":{\"lg\":100,\"md\":100,\"xs\":100,\"daily\":100},\"marginRight\":30,\"marginBottom\":0,\"marginLeft\":30},{\"id\":\"690a462c4a00676085afb292\",\"name\":\"Container Elecciones Mobile\",\"active\":true,\"renderAs\":\"server\",\"gridCols\":{\"lg\":100,\"md\":100,\"xs\":100,\"daily\":100},\"content\":{\"config\":{\"lg\":{\"compactType\":\"horizontal\"}}}},{\"id\":\"65f065fd3cefd37e1a547f12\",\"name\":\"Contenedor 1 Inicio Publicidad Mobile\",\"active\":true,\"renderAs\":\"server\",\"gridCols\":{\"lg\":100,\"md\":100,\"xs\":100,\"daily\":100},\"marginRight\":30,\"marginLeft\":30},{\"id\":\"659ef467fd38f651a19918f0\",\"name\":\"Contenedor Inicio Noticias Mobile\",\"active\":true,\"renderAs\":\"server\",\"gridCols\":{\"lg\":100,\"md\":100,\"xs\":100,\"daily\":100},\"marginRight\":30,\"marginBottom\":0,\"marginLeft\":30},{\"id\":\"659ef2f7fd38f64b8899184a\",\"name\":\"Contenedor 2 Inicio Publicidad Mobile\",\"active\":true,\"renderAs\":\"server\",\"gridCols\":{\"lg\":100,\"md\":100,\"xs\":100,\"daily\":100},\"marginRight\":30,\"marginBottom\":0,\"marginLeft\":30},{\"id\":\"659efe24fd38f6a5db991a44\",\"name\":\"Contenedor 2 Inicio Noticias Mobile\",\"active\":true,\"renderAs\":\"server\",\"gridCols\":{\"lg\":100,\"md\":100,\"xs\":100,\"daily\":100},\"marginRight\":30,\"marginBottom\":0,\"marginLeft\":30},{\"id\":\"659f0285fd38f64a54991a4e\",\"name\":\"Contenedor 3 Inicio Publicidad Mobile x2\",\"active\":true,\"renderAs\":\"server\",\"gridCols\":{\"lg\":100,\"md\":100,\"xs\":100,\"daily\":100},\"marginRight\":30,\"marginBottom\":0,\"marginLeft\":30},{\"id\":\"659f03cafd38f6480c991a53\",\"name\":\"Contenedor 3  Inicio Noticias Mobile\",\"active\":true,\"renderAs\":\"server\",\"gridCols\":{\"lg\":100,\"md\":100,\"xs\":100,\"daily\":100},\"marginRight\":30,\"marginBottom\":0,\"marginLeft\":30},{\"id\":\"659f0507fd38f652b5991a60\",\"name\":\"Contenedor 4 Inicio Publicidad Mobile\",\"active\":true,\"renderAs\":\"server\",\"gridCols\":{\"lg\":100,\"md\":100,\"xs\":100,\"daily\":100},\"marginRight\":30,\"marginBottom\":0,\"marginLeft\":30},{\"id\":\"659f05d3fd38f62d2d991a74\",\"name\":\"Contenedor 4 Inicio Noticias Mobile\",\"active\":true,\"renderAs\":\"server\",\"gridCols\":{\"lg\":100,\"md\":100,\"xs\":100,\"daily\":100},\"marginRight\":30,\"marginBottom\":0,\"marginLeft\":30},{\"id\":\"659f06aafd38f67da1991a7b\",\"name\":\"Contenedor Inicio 5 Publicidad x2 Mobile\",\"active\":true,\"renderAs\":\"server\",\"gridCols\":{\"lg\":100,\"md\":100,\"xs\":100,\"daily\":100},\"marginRight\":30,\"marginBottom\":0,\"marginLeft\":30},{\"id\":\"659f07c5fd38f609ea991bbb\",\"name\":\"Contenedor 5 Inicio Noticias Mobile\",\"active\":true,\"renderAs\":\"server\",\"gridCols\":{\"lg\":100,\"md\":100,\"xs\":100,\"daily\":100},\"marginRight\":30,\"marginBottom\":0,\"marginLeft\":30},{\"id\":\"659f082ffd38f65745991bc1\",\"name\":\"Contenedor Inicio 6 Publicidad x2 Mobile\",\"active\":true,\"renderAs\":\"server\",\"gridCols\":{\"lg\":100,\"md\":100,\"xs\":100,\"daily\":100},\"marginRight\":30,\"marginBottom\":0,\"marginLeft\":30},{\"id\":\"659f08b2fd38f61af0991bc6\",\"name\":\"Contenedor 6 Inicio Noticias Mobile\",\"active\":true,\"renderAs\":\"server\",\"gridCols\":{\"lg\":100,\"md\":100,\"xs\":100,\"daily\":100},\"marginRight\":30,\"marginBottom\":0,\"marginLeft\":30},{\"id\":\"659f0925fd38f64152991bca\",\"name\":\"Contenedor Inicio 7 Publicidad x2 Mobile\",\"active\":true,\"renderAs\":\"server\",\"gridCols\":{\"lg\":100,\"md\":100,\"xs\":100,\"daily\":100},\"marginRight\":30,\"marginBottom\":0,\"marginLeft\":30},{\"id\":\"659f09c1fd38f6740d991bce\",\"name\":\"Contenedor 7 Inicio Noticias Mobile\",\"active\":true,\"renderAs\":\"server\",\"gridCols\":{\"lg\":100,\"md\":100,\"xs\":100,\"daily\":100},\"marginRight\":30,\"marginBottom\":0,\"marginLeft\":30},{\"id\":\"659f0a2dfd38f6d88e991bd2\",\"name\":\"Contenedor Inicio 8 Publicidad x2 Mobile\",\"active\":true,\"renderAs\":\"server\",\"gridCols\":{\"lg\":100,\"md\":100,\"xs\":100,\"daily\":100},\"marginRight\":30,\"marginBottom\":0,\"marginLeft\":30},{\"id\":\"659f0ae9a055ed3d6765ed7c\",\"name\":\"Contenedor 8 Inicio Noticias Mobile\",\"active\":true,\"renderAs\":\"server\",\"gridCols\":{\"lg\":100,\"md\":100,\"xs\":100,\"daily\":100},\"marginRight\":30,\"marginBottom\":0,\"marginLeft\":30},{\"id\":\"659f0b48a055ed8bdf65ed80\",\"name\":\"Contenedor Inicio 9 Publicidad x2 Mobile\",\"active\":true,\"renderAs\":\"server\",\"gridCols\":{\"lg\":100,\"md\":100,\"xs\":100,\"daily\":100},\"marginRight\":30,\"marginBottom\":0,\"marginLeft\":30},{\"id\":\"659f0bc2a055ed815765ed83\",\"name\":\"Contenedor 9 Inicio Noticias Mobile\",\"active\":true,\"renderAs\":\"server\",\"gridCols\":{\"lg\":100,\"md\":100,\"xs\":100,\"daily\":100},\"marginRight\":30,\"marginBottom\":0,\"marginLeft\":30},{\"id\":\"659f0cd3a055edefe865ed8c\",\"name\":\"Contenedor 10 Inicio Publicidad x1 Mobile\",\"active\":true,\"renderAs\":\"server\",\"gridCols\":{\"lg\":100,\"md\":100,\"xs\":100,\"daily\":100},\"marginRight\":30,\"marginBottom\":0,\"marginLeft\":30},{\"id\":\"659f0e65a055ed408d65ed9a\",\"name\":\"Contenedor 10 Inicio Noticias Mobile\",\"active\":true,\"renderAs\":\"server\",\"gridCols\":{\"lg\":100,\"md\":100,\"xs\":100,\"daily\":100},\"marginRight\":30,\"marginBottom\":0,\"marginLeft\":30},{\"id\":\"659f0c58a055ede65c65ed88\",\"name\":\"Contenedor Inicio 11 Publicidad x2 Mobile\",\"active\":true,\"renderAs\":\"server\",\"gridCols\":{\"lg\":100,\"md\":100,\"xs\":100,\"daily\":100},\"marginRight\":30,\"marginBottom\":0,\"marginLeft\":30},{\"id\":\"659f1013a055ed9f4165edb0\",\"name\":\"Contenedor 11 Inicio Noticias Mobile\",\"active\":true,\"renderAs\":\"server\",\"gridCols\":{\"lg\":100,\"md\":100,\"xs\":100,\"daily\":100},\"marginRight\":30,\"marginBottom\":0,\"marginLeft\":30},{\"id\":\"659f107ea055ed64bc65edb3\",\"name\":\"Contenedor 12 Inicio Publicidad x1 Mobile\",\"active\":true,\"renderAs\":\"server\",\"gridCols\":{\"lg\":100,\"md\":100,\"xs\":100,\"daily\":100},\"marginRight\":30,\"marginBottom\":0,\"marginLeft\":30},{\"id\":\"659f11bfa055ed266a65ee5b\",\"name\":\"Contenedor 12 Inicio Noticias Mobile\",\"active\":true,\"renderAs\":\"server\",\"gridCols\":{\"lg\":100,\"md\":100,\"xs\":100,\"daily\":100},\"marginRight\":30,\"marginBottom\":0,\"marginLeft\":30},{\"id\":\"659fe350e23a0e501116e2d8\",\"name\":\"Contenedor Inicio 13 Publicidad x2 Mobile\",\"active\":true,\"renderAs\":\"server\",\"gridCols\":{\"lg\":100,\"md\":100,\"xs\":100,\"daily\":100},\"marginRight\":30,\"marginBottom\":0,\"marginLeft\":30},{\"id\":\"659fe3e0e23a0e431116e2dc\",\"name\":\"Contenedor 13 Inicio Noticias Mobile\",\"active\":true,\"renderAs\":\"server\",\"gridCols\":{\"lg\":100,\"md\":100,\"xs\":100,\"daily\":100},\"marginRight\":30,\"marginBottom\":0,\"marginLeft\":30},{\"id\":\"659fe594e23a0e5ffb16e2e7\",\"name\":\"Contenedor Inicio 14 Publicidad x2 Mobile\",\"active\":true,\"renderAs\":\"server\",\"gridCols\":{\"lg\":100,\"md\":100,\"xs\":100,\"daily\":100},\"marginRight\":30,\"marginBottom\":0,\"marginLeft\":30},{\"id\":\"659fe64ce23a0e9c2616e2eb\",\"name\":\"Contenedor 14 Inicio Noticias Mobile\",\"active\":true,\"renderAs\":\"server\",\"gridCols\":{\"lg\":100,\"md\":100,\"xs\":100,\"daily\":100},\"marginRight\":30,\"marginBottom\":0,\"marginLeft\":30},{\"id\":\"659fe6d3e23a0e55d716e2ef\",\"name\":\"Contenedor Inicio 15 Publicidad x2 Mobile\",\"active\":true,\"renderAs\":\"server\",\"gridCols\":{\"lg\":100,\"md\":100,\"xs\":100,\"daily\":100},\"marginRight\":30,\"marginBottom\":0,\"marginLeft\":30},{\"id\":\"659fe78de23a0e1dfd16e38e\",\"name\":\"Contenedor 15 Inicio Noticias Mobile\",\"active\":true,\"renderAs\":\"server\",\"gridCols\":{\"lg\":100,\"md\":100,\"xs\":100,\"daily\":100},\"marginRight\":30,\"marginBottom\":0,\"marginLeft\":30},{\"id\":\"659fe882e23a0ec5f516e433\",\"name\":\"Contenedor 16 Inicio Publicidad x1 Mobile\",\"active\":true,\"renderAs\":\"server\",\"gridCols\":{\"lg\":100,\"md\":100,\"xs\":100,\"daily\":100},\"marginRight\":30,\"marginBottom\":0,\"marginLeft\":30},{\"id\":\"659fe96de23a0ec4cf16e437\",\"name\":\"Contenedor 16 Inicio Noticias Mobile\",\"active\":true,\"renderAs\":\"server\",\"gridCols\":{\"lg\":100,\"md\":100,\"xs\":100,\"daily\":100},\"marginRight\":30,\"marginBottom\":0,\"marginLeft\":30},{\"id\":\"659fea21e23a0e550116e43d\",\"name\":\"Contenedor Inicio 17 Publicidad x2 Mobile\",\"active\":true,\"renderAs\":\"server\",\"gridCols\":{\"lg\":100,\"md\":100,\"xs\":100,\"daily\":100},\"marginRight\":30,\"marginBottom\":0,\"marginLeft\":30},{\"id\":\"659feb58e23a0e013016e445\",\"name\":\"Contenedor 17 Inicio Noticias Mobile\",\"active\":true,\"renderAs\":\"server\",\"gridCols\":{\"lg\":100,\"md\":100,\"xs\":100,\"daily\":100},\"marginRight\":30,\"marginBottom\":0,\"marginLeft\":30},{\"id\":\"659febffe23a0e983d16e449\",\"name\":\"Contenedor 18 Inicio Publicidad x1 Mobile\",\"active\":true,\"renderAs\":\"server\",\"gridCols\":{\"lg\":100,\"md\":100,\"xs\":100,\"daily\":100},\"marginRight\":30,\"marginBottom\":0,\"marginLeft\":30},{\"id\":\"659fec98e23a0e33d316e44f\",\"name\":\"Contenedor 18 Inicio Noticias Mobile\",\"active\":true,\"renderAs\":\"server\",\"gridCols\":{\"lg\":100,\"md\":100,\"xs\":100,\"daily\":100},\"marginRight\":30,\"marginBottom\":0,\"marginLeft\":30},{\"id\":\"659fed38e23a0eaaaa16e454\",\"name\":\"Contenedor 19 Inicio Publicidad x1 Mobile\",\"active\":true,\"renderAs\":\"server\",\"gridCols\":{\"lg\":100,\"md\":100,\"xs\":100,\"daily\":100},\"marginRight\":30,\"marginBottom\":0,\"marginLeft\":30},{\"id\":\"659fed9ee23a0e215a16e458\",\"name\":\"Contenedor 19 Inicio Noticias Mobile\",\"active\":true,\"renderAs\":\"server\",\"gridCols\":{\"lg\":100,\"md\":100,\"xs\":100,\"daily\":100},\"marginRight\":30,\"marginBottom\":0,\"marginLeft\":30},{\"id\":\"659fee32e23a0e59fc16e45d\",\"name\":\"Contenedor Inicio 20 Publicidad x1 Mobile\",\"active\":true,\"renderAs\":\"server\",\"gridCols\":{\"lg\":100,\"md\":100,\"xs\":100,\"daily\":100},\"marginRight\":30,\"marginBottom\":0,\"marginLeft\":30},{\"id\":\"659feea1e23a0ef0b816e461\",\"name\":\"Contenedor 20 Inicio Noticias Mobile\",\"active\":true,\"renderAs\":\"server\",\"gridCols\":{\"lg\":100,\"md\":100,\"xs\":100,\"daily\":100},\"marginRight\":30,\"marginBottom\":0,\"marginLeft\":30},{\"id\":\"659fef41e23a0e5f7916e466\",\"name\":\"Contenedor 21 Inicio Publicidad x1 Mobile\",\"active\":true,\"renderAs\":\"server\",\"gridCols\":{\"lg\":100,\"md\":100,\"xs\":100,\"daily\":100},\"marginRight\":30,\"marginBottom\":0,\"marginLeft\":30},{\"id\":\"659fefb0e23a0e31dc16e469\",\"name\":\"Contenedor 21 Inicio Noticias Mobile\",\"active\":true,\"renderAs\":\"server\",\"gridCols\":{\"lg\":100,\"md\":100,\"xs\":100,\"daily\":100},\"marginRight\":30,\"marginBottom\":0,\"marginLeft\":30},{\"id\":\"659ff0e8e23a0e55cd16e471\",\"name\":\"Contenedor 22 Inicio Noticias Mobile\",\"active\":true,\"renderAs\":\"server\",\"gridCols\":{\"lg\":100,\"md\":100,\"xs\":100,\"daily\":100},\"marginRight\":30,\"marginBottom\":0,\"marginLeft\":30},{\"id\":\"659ff1a5e23a0e839616e479\",\"name\":\"Contenedor 23 Inicio Noticias Mobile\",\"active\":true,\"renderAs\":\"server\",\"gridCols\":{\"lg\":100,\"md\":100,\"xs\":100,\"daily\":100},\"marginRight\":30,\"marginBottom\":0,\"marginLeft\":30},{\"id\":\"659ff2d4e23a0e67d316e485\",\"name\":\"Contenedor 24 Inicio Noticias Mobile\",\"active\":true,\"renderAs\":\"server\",\"gridCols\":{\"lg\":100,\"md\":100,\"xs\":100,\"daily\":100},\"marginRight\":30,\"marginBottom\":0,\"marginLeft\":30},{\"id\":\"659ff813e23a0eb9ed16e6c4\",\"name\":\"Contenedor 25 Noticia x1\",\"active\":true,\"renderAs\":\"server\",\"gridCols\":{\"lg\":100,\"md\":100,\"xs\":100,\"daily\":100},\"marginRight\":30,\"marginBottom\":0,\"marginLeft\":30}]},{\"id\":\"659814ea593b0a2f29c15af8\",\"name\":\"Seccion Footer\",\"active\":true,\"containers\":[{\"id\":\"65982b8f4cf1445bf67b6306\",\"name\":\"contenedor footer\",\"active\":true,\"renderAs\":\"server\",\"gridCols\":{\"lg\":100,\"md\":100,\"xs\":100,\"daily\":100},\"content\":{\"config\":{\"lg\":{\"compactType\":\"horizontal\"}},\"layouts\":{\"lg\":[{\"i\":\"f59aa44b-4ce3-4b43-9eba-b8b0f367581c\",\"x\":0,\"y\":4,\"w\":100,\"h\":15,\"id\":\"65981bb39f44814f5a22a3d9\",\"name\":\"Componente footer\",\"gridCols\":100,\"type\":\"component\",\"data\":{\"customConfig\":{\"lg\":{\"box-7c1ab038-fffd-4f21-acb6-8ef58036689eConfig\":{\"changeWidget\":\"box\",\"backgroundColor\":\"#000000ff\"},\"box-7c1ab038-fffd-4f21-acb6-8ef58036689eLayerOne\":{\"enabled\":true},\"box-faa3bb0e-f538-4b2d-9fd1-4ea7b77b8723Config\":{\"changeWidget\":\"box\",\"color\":\"primary\",\"backgroundColor\":\"primary\"},\"box-faa3bb0e-f538-4b2d-9fd1-4ea7b77b8723LayerOne\":{\"enabled\":true},\"avatar-9ed8ad8e-878e-47fe-8ee6-9fdf8d272eb0Config\":{\"changeWidget\":\"avatar\",\"avatarObjectFit\":\"contain\"},\"typography-1a6d041d-aa1f-4175-941c-705d6c690432Config\":{\"changeWidget\":\"typography\",\"fontSize\":1.3,\"color\":\"#9ca3afff\",\"customTitle\":\"Bories #871 Piso 2, Punta Arenas - Chile secretaria@radiopolar.com \/ prensa@radiopolar.com +56 61 2241417 \/ +56 61 2241909\",\"typographyMaxLength\":10000,\"allowOverride\":{\"enabled\":true,\"color\":true,\"backgroundColor\":true}},\"typography-1a6d041d-aa1f-4175-941c-705d6c690432LayerOne\":{\"enabled\":true},\"avatar-4041e13c-d5f7-4c5a-8438-a349bd26c749Config\":{\"changeWidget\":\"avatar\",\"avatarObjectFit\":\"contain\",\"avatarFile\":{\"publicUrl\":\"https:\/\/s3-mspro.nyc3.digitaloceanspaces.com\/tenant\/658d9f90f0909def6c18fa2c\/mediaLibrary\/photo\/c4afdcb6-1559-4db1-b3bd-4b668e9f7a50.png\",\"privatePhotoUrlWithoutExtension\":\"tenant\/658d9f90f0909def6c18fa2c\/mediaLibrary\/photo\/c4afdcb6-1559-4db1-b3bd-4b668e9f7a50\",\"privatePhotoUrl\":\"tenant\/658d9f90f0909def6c18fa2c\/mediaLibrary\/photo\/c4afdcb6-1559-4db1-b3bd-4b668e9f7a50-medium-standard-q100.png?v=1704468393\",\"photoExtension\":\"png?v=1704468393\",\"type\":\"image\",\"name\":\"logopolartv\",\"updatedAt\":\"2024-01-05T15:26:33.085Z\",\"photoVersion\":4}},\"typography-535671c9-6d72-44ec-9456-93853f161506Config\":{\"changeWidget\":\"typography\",\"fontSize\":1.3,\"alignContent\":\"right\",\"color\":\"#9ca3afff\",\"customTitle\":\"960 AM Para toda la region 96.5 FM Punta Arenas y Porvenir 98.5 FM Puerto Natales\",\"typographyMaxLength\":1000},\"typography-535671c9-6d72-44ec-9456-93853f161506LayerOne\":{\"enabled\":true},\"typography-535671c9-6d72-44ec-9456-93853f161506LayerTwo\":{\"enabled\":true},\"avatar-5943fdc8-dc2e-48af-8fa6-1014b02ac46dConfig\":{\"changeWidget\":\"avatar\",\"avatarObjectFit\":\"contain\",\"avatarFile\":{\"publicUrl\":\"https:\/\/s3-mspro.nyc3.digitaloceanspaces.com\/tenant\/658d9f90f0909def6c18fa2c\/mediaLibrary\/photo\/ab145b81-1467-4b92-99c1-c6d16ef26472.png\",\"privatePhotoUrlWithoutExtension\":\"tenant\/658d9f90f0909def6c18fa2c\/mediaLibrary\/photo\/ab145b81-1467-4b92-99c1-c6d16ef26472\",\"privatePhotoUrl\":\"tenant\/658d9f90f0909def6c18fa2c\/mediaLibrary\/photo\/ab145b81-1467-4b92-99c1-c6d16ef26472-medium-standard-q100.png?v=1704469113\",\"photoExtension\":\"png?v=1704469113\",\"type\":\"image\",\"name\":\"radiow (1)\",\"updatedAt\":\"2024-01-05T15:38:33.530Z\",\"photoVersion\":4}},\"typography-38cdc19d-f3f8-47cc-ae43-cb9c5a0b268fConfig\":{\"changeWidget\":\"typography\",\"fontSize\":1.3,\"color\":\"#9ca3afff\",\"customTitle\":\"Canal 2 Tv Abierta Analoga. Canal 38.1 - 38.2 Tv Digital Canal 28 Tv Red, Punta Arenas Canal 77 Tv Red, Puerto Natales Canal 41 Claro, Puenta Arenas\",\"typographyMaxLength\":1000,\"alignContent\":\"right\"},\"typography-38cdc19d-f3f8-47cc-ae43-cb9c5a0b268fLayerOne\":{\"enabled\":true},\"icon-88952d00-7e4e-4b00-95b6-f2712dab4799Config\":{\"changeWidget\":\"icon\",\"fontSize\":0.3,\"color\":\"#ffffffff\",\"customIcon\":\"ti\/TiSocialFacebook\",\"openType\":\"url\",\"targetBlank\":true,\"customUrl\":\"https:\/\/www.facebook.com\/radiopolar\"},\"icon-88952d00-7e4e-4b00-95b6-f2712dab4799LayerOne\":{\"enabled\":true},\"icon-07e7b60a-8450-4828-94fa-97123bd4943cConfig\":{\"changeWidget\":\"icon\",\"color\":\"#ffffffff\",\"customIcon\":\"bi\/BiLogoTwitter\",\"typographyMaxLength\":1000,\"backgroundColor\":\"#000000ff\",\"openType\":\"url\",\"targetBlank\":true,\"customUrl\":\"https:\/\/twitter.com\/RadioPolar\"},\"icon-07e7b60a-8450-4828-94fa-97123bd4943cLayerOne\":{\"enabled\":true},\"icon-07e7b60a-8450-4828-94fa-97123bd4943cLayerTwo\":{\"enabled\":true},\"icon-a300ca3c-8a72-4f04-abc9-f8f02e0ee73eConfig\":{\"changeWidget\":\"icon\",\"color\":\"#ffffffff\",\"customIcon\":\"bi\/BiLogoInstagramAlt\",\"openType\":\"url\",\"targetBlank\":true,\"customUrl\":\"https:\/\/www.instagram.com\/polarcomunicaciones\/\"},\"icon-a300ca3c-8a72-4f04-abc9-f8f02e0ee73eLayerOne\":{\"enabled\":true},\"icon-8e8aba7b-57f1-498c-95ca-a784137395c5Config\":{\"changeWidget\":\"icon\",\"color\":\"#ffffffff\",\"customIcon\":\"bi\/BiLogoYoutube\",\"openType\":\"url\",\"targetBlank\":true,\"customUrl\":\"https:\/\/www.youtube.com\/polarcomunicaciones\"},\"icon-8e8aba7b-57f1-498c-95ca-a784137395c5LayerOne\":{\"enabled\":true},\"icon-3d3cef0a-3012-4e72-9923-9277cc8d3cebConfig\":{\"changeWidget\":\"icon\",\"color\":\"#ffffffff\",\"customIcon\":\"bi\/BiLogoWhatsapp\",\"openType\":\"url\",\"targetBlank\":true,\"customUrl\":\"https:\/\/api.whatsapp.com\/send\/?phone=%2B56993453426u0026textu0026type=phone_numberu0026app_absent=0\"},\"icon-3d3cef0a-3012-4e72-9923-9277cc8d3cebLayerOne\":{\"enabled\":true},\"typography-f801a3bf-c3bd-4aa6-86a0-ad11a5fe8a8bConfig\":{\"changeWidget\":\"typography\",\"fontSize\":1,\"color\":\"#ffffffff\",\"customTitle\":\"\u00a9 Copyright 2022 RadioPolar.com Todos los derechos reservados.\",\"typographyMaxLength\":100000,\"alignContent\":\"center\"},\"typography-f801a3bf-c3bd-4aa6-86a0-ad11a5fe8a8bLayerOne\":{\"enabled\":true},\"typography-38cdc19d-f3f8-47cc-ae43-cb9c5a0b268fLayerTwo\":{\"enabled\":true},\"typography-f801a3bf-c3bd-4aa6-86a0-ad11a5fe8a8bLayerTwo\":{\"enabled\":true},\"avatar-9ed8ad8e-878e-47fe-8ee6-9fdf8d272eb0AttributeFill\":{\"fillOption\":\"setting\",\"attributeFill\":[{\"title\":\"logoFooter\",\"canDelete\":true}]}}},\"content\":{\"layouts\":{\"lg\":[{\"i\":\"7c1ab038-fffd-4f21-acb6-8ef58036689e\",\"x\":0,\"y\":0,\"w\":100,\"h\":21,\"type\":\"widget\",\"framework\":\"mui\",\"data\":\"box\"},{\"i\":\"faa3bb0e-f538-4b2d-9fd1-4ea7b77b8723\",\"x\":0,\"y\":19,\"w\":100,\"h\":2,\"type\":\"widget\",\"framework\":\"mui\",\"data\":\"box\"},{\"i\":\"9ed8ad8e-878e-47fe-8ee6-9fdf8d272eb0\",\"x\":2,\"y\":0,\"w\":19,\"h\":6,\"type\":\"widget\",\"framework\":\"mui\",\"data\":\"avatar\"},{\"i\":\"1a6d041d-aa1f-4175-941c-705d6c690432\",\"x\":5,\"y\":7,\"w\":32,\"h\":6,\"type\":\"widget\",\"framework\":\"mui\",\"data\":\"typography\"},{\"i\":\"4041e13c-d5f7-4c5a-8438-a349bd26c749\",\"x\":87,\"y\":3,\"w\":10,\"h\":2,\"type\":\"widget\",\"framework\":\"mui\",\"data\":\"avatar\"},{\"i\":\"535671c9-6d72-44ec-9456-93853f161506\",\"x\":59,\"y\":7,\"w\":19,\"h\":7,\"type\":\"widget\",\"framework\":\"mui\",\"data\":\"typography\"},{\"i\":\"5943fdc8-dc2e-48af-8fa6-1014b02ac46d\",\"x\":68,\"y\":2,\"w\":10,\"h\":6,\"type\":\"widget\",\"framework\":\"mui\",\"data\":\"avatar\"},{\"i\":\"38cdc19d-f3f8-47cc-ae43-cb9c5a0b268f\",\"x\":80,\"y\":6,\"w\":16,\"h\":12,\"type\":\"widget\",\"framework\":\"mui\",\"data\":\"typography\"},{\"i\":\"88952d00-7e4e-4b00-95b6-f2712dab4799\",\"x\":5,\"y\":14,\"w\":2,\"h\":2,\"type\":\"widget\",\"framework\":\"mui\",\"data\":\"icon\"},{\"i\":\"07e7b60a-8450-4828-94fa-97123bd4943c\",\"x\":7,\"y\":14,\"w\":2,\"h\":2,\"type\":\"widget\",\"framework\":\"mui\",\"data\":\"icon\"},{\"i\":\"a300ca3c-8a72-4f04-abc9-f8f02e0ee73e\",\"x\":9,\"y\":14,\"w\":2,\"h\":2,\"type\":\"widget\",\"framework\":\"mui\",\"data\":\"icon\"},{\"i\":\"8e8aba7b-57f1-498c-95ca-a784137395c5\",\"x\":13,\"y\":14,\"w\":2,\"h\":2,\"type\":\"widget\",\"framework\":\"mui\",\"data\":\"icon\"},{\"i\":\"3d3cef0a-3012-4e72-9923-9277cc8d3ceb\",\"x\":11,\"y\":14,\"w\":2,\"h\":2,\"type\":\"widget\",\"framework\":\"mui\",\"data\":\"icon\"},{\"i\":\"f801a3bf-c3bd-4aa6-86a0-ad11a5fe8a8b\",\"x\":34,\"y\":19,\"w\":31,\"h\":2,\"type\":\"widget\",\"framework\":\"mui\",\"data\":\"typography\"}]}}}}]}}}]}]},\"route\":{\"tenantName\":\"Radiopolar.com\",\"tenantUrl\":\"www.radiopolar.com\",\"templateId\":\"658da038f0909d044918fa3a\",\"templateName\":\"Entrada\",\"slug\":\"https:\/\/www.radiopolar.com\/sence-abre-postulaciones-cursos-gratuitos-puerto-natales-cupos-limitados\",\"routeType\":\"post\",\"postEntity\":\"69c7df6f3a38ae765998e94c\",\"id\":\"69c7df703a38ae939f98e94e\",\"post\":{\"id\":\"69c7df6f3a38ae765998e94c\",\"keywords\":[\"sence\",\"postulaciones\",\"cursos\"],\"title\":\"SENCE ABRE POSTULACIONES A CURSOS GRATUITOS EN PUERTO NATALES CON CUPOS LIMITADOS\",\"extract\":\"u003cpu003e\u200bLa iniciativa contempla dos capacitaciones orientadas a mejorar competencias laborales y apoyar el acceso a nuevas oportunidades en la comuna.u003cbru003eu003c\/pu003e\",\"primaryCategory\":{\"id\":\"658da61b787b5fb6c8a09818\",\"name\":\"Noticias\",\"categoryName\":\"Noticias\",\"slug\":\"\/category\/noticias\"},\"tags\":[{\"id\":\"660f5efa0c08d74e75b4a369\",\"name\":\"sence\",\"tagName\":\"sence\",\"slug\":\"\/tag\/sence\"},{\"id\":\"678d8541e455e24d97434623\",\"name\":\"cursos\",\"tagName\":\"cursos\",\"slug\":\"\/tag\/cursos\"},{\"id\":\"65f1240696fd5c5c5daffee2\",\"name\":\"puerto natales\",\"tagName\":\"puerto natales\",\"slug\":\"\/tag\/puerto-natales\"},{\"id\":\"69c7df103a38ae5bef98e93e\",\"name\":\"gratuitos\",\"tagName\":\"gratuitos\",\"slug\":\"\/tag\/gratuitos\"}],\"image\":{\"publicUrl\":\"https:\/\/s3-mspro.nyc3.digitaloceanspaces.com\/tenant\/658d9f90f0909def6c18fa2c\/mediaLibrary\/photo\/5dbf8034-7f93-444b-b528-2774375e420e.png\",\"privatePhotoUrlWithoutExtension\":\"tenant\/658d9f90f0909def6c18fa2c\/mediaLibrary\/photo\/5dbf8034-7f93-444b-b528-2774375e420e\",\"privatePhotoUrl\":\"tenant\/658d9f90f0909def6c18fa2c\/mediaLibrary\/photo\/5dbf8034-7f93-444b-b528-2774375e420e-medium-standard-q100.png?v=1774706533\",\"photoExtension\":\"png?v=1774706533\",\"name\":\"sence\",\"photoVersion\":4,\"type\":\"image\"},\"slug\":\"https:\/\/www.radiopolar.com\/sence-abre-postulaciones-cursos-gratuitos-puerto-natales-cupos-limitados\",\"primaryAuthor\":{\"id\":\"6989e3a9f45043c1b91f7bba\",\"name\":\"Equipo Polar Comunicaciones\",\"authorName\":\"Equipo Polar Comunicaciones\",\"slug\":\"\/author\/equipo-polar-comunicaciones\"},\"datePublished\":\"2026-03-28T15:00:00-03:00\",\"description\":\"u003cpu003eEl Servicio Nacional de Capacitaci\u00f3n y Empleo (SENCE) abri\u00f3 postulaciones a dos cursos gratuitos dirigidos a la comunidad de Puerto Natales, con el objetivo de fortalecer habilidades y facilitar el acceso al mundo laboral. La iniciativa es gestionada por el Consejo Regional de Capacitaci\u00f3n y cuenta con cupos limitados.u003c\/pu003eu003cpu003eLas capacitaciones disponibles son \u201cActividades de cuidados integrados y sociosanitarios para personas mayores con dependencia leve a moderada\u201d y \u201cLabores de soporte en instalaciones sanitarias\u201d, ambas orientadas a entregar herramientas pr\u00e1cticas en \u00e1reas con demanda laboral.u003c\/pu003eu003cpu003ePara postular, las personas interesadas deben ingresar a los sitios web u003ca rel=\"noopener\" href=\"http:\/\/www.sence.cl\" alt=\"www.sence.cl\" class=\"on\"u003ewww.sence.clu003c\/au003eu0026nbsp;o u003ca rel=\"noopener\" href=\"http:\/\/www.eligemejor.cl\" alt=\"www.eligemejor.cl\"u003ewww.eligemejor.clu003c\/au003e, utilizando su Clave \u00danica vigente. Entre los requisitos se considera ser mayor de edad y contar con Registro Social de Hogares (RSH) dentro del 80%.u003c\/pu003eu003cpu003eEl programa contempla beneficios como un subsidio diario y un subsidio de cuidados, destinado a quienes tengan a su cargo ni\u00f1os menores de seis a\u00f1os o personas mayores con dependencia, facilitando as\u00ed la participaci\u00f3n en los cursos.u003c\/pu003eu003cpu003eCada capacitaci\u00f3n cuenta con solo 15 cupos disponibles, por lo que el llamado es a postular con anticipaci\u00f3n. u003c\/pu003eu003cpu003e\u200bu003cbru003eu003c\/pu003e\",\"dateUpdated\":\"2026-03-28T15:00:24-03:00\",\"createdAt\":\"2026-03-28T15:00:24-03:00\"}},\"widgetTemplates\":{\"65a00887ff47e144378401f0-lg\":{\"tenantName\":\"Radiopolar.com\",\"tenantUrl\":\"www.radiopolar.com\",\"name\":\"Men\u00fa lateral\",\"createdAt\":\"2023-05-20\",\"updatedAt\":\"2024-04-30\",\"category\":\"sideMenu\",\"id\":\"65a00887ff47e144378401f0\",\"content\":[{\"id\":\"65a00886ff47e129d08401ee\",\"name\":\"Men\u00fa\",\"active\":true,\"containers\":[{\"id\":\"65a00886ff47e1bd8f8401ec\",\"name\":\"Men\u00fa lateral\",\"active\":true,\"renderAs\":\"server\",\"gridCols\":{\"lg\":100,\"md\":24,\"xs\":100,\"daily\":24},\"content\":{\"config\":{\"lg\":{\"compactType\":\"horizontal\"}},\"layouts\":{\"lg\":[{\"i\":\"7e04e223-7fa7-42e7-87af-cb65bfc0066f\",\"x\":0,\"y\":0,\"w\":100,\"h\":18,\"id\":\"65a008aee23a0e71e016e80b\",\"name\":\"Header Men\u00fa\",\"gridCols\":100,\"type\":\"component\",\"data\":{\"displayConfig\":{\"type\":\"list\",\"customPosition\":\"sideMenu\"},\"customConfig\":{\"lg\":{\"icon-67a5b25d-2bc3-459b-abb9-a6a671253722Config\":{\"changeWidget\":\"icon\",\"color\":\"#ffffffff\",\"customIcon\":\"cg\/CgClose\",\"openType\":\"closeCurrentPopup\",\"backgroundColor\":\"#000000ff\"},\"icon-67a5b25d-2bc3-459b-abb9-a6a671253722LayerOne\":{\"enabled\":true},\"avatar-c7c2fa41-0ca7-46e7-98bd-47567983ead1Config\":{\"changeWidget\":\"avatar\",\"avatarObjectFit\":\"contain\",\"color\":\"#ffffffff\"},\"avatar-c7c2fa41-0ca7-46e7-98bd-47567983ead1AttributeFill\":{\"fillOption\":\"setting\",\"attributeFill\":[{\"title\":\"logoFooter\",\"canDelete\":true}]},\"icon-67a5b25d-2bc3-459b-abb9-a6a671253722LayerTwo\":{\"enabled\":true},\"avatar-c7c2fa41-0ca7-46e7-98bd-47567983ead1LayerOne\":{\"enabled\":true},\"avatar-c7c2fa41-0ca7-46e7-98bd-47567983ead1LayerTwo\":{\"enabled\":true}}},\"content\":{\"layouts\":{\"lg\":[{\"i\":\"67a5b25d-2bc3-459b-abb9-a6a671253722\",\"x\":85,\"y\":4,\"w\":8,\"h\":9,\"type\":\"widget\",\"framework\":\"mui\",\"data\":\"icon\"},{\"i\":\"c7c2fa41-0ca7-46e7-98bd-47567983ead1\",\"x\":29,\"y\":2,\"w\":40,\"h\":18,\"type\":\"widget\",\"framework\":\"mui\",\"data\":\"avatar\"}]}}}},{\"i\":\"35bc4e50-6f13-4a48-bf45-c87d4b58f12d\",\"x\":0,\"y\":22,\"w\":100,\"h\":94,\"id\":\"65a7ea939567c2a431e90a3e\",\"name\":\"Menu Lista\",\"gridCols\":100,\"type\":\"component\",\"data\":{\"displayConfig\":{\"filterBy\":\"widgets\",\"offset\":0,\"limit\":1,\"formatType\":\"grid\",\"direction\":\"horizontal\",\"type\":\"list\",\"filterWidgets\":[{\"id\":\"65a00b02e23a0e474516e80d\",\"label\":\"Menu Lateral (list)\"}],\"customPosition\":\"sideMenu\"},\"customConfig\":{\"lg\":{\"typography-01c4f0be-eda7-49e3-82b9-7c96e2b28295Config\":{\"changeWidget\":\"typography\",\"fontSize\":8,\"color\":\"#ffffffff\",\"backgroundColor\":\"#000000ff\",\"fontFamily\":\"Primary\"},\"typography-01c4f0be-eda7-49e3-82b9-7c96e2b28295AttributeFill\":{\"fillOption\":\"widget\",\"attributeFill\":[{\"title\":\"listTitle\",\"canDelete\":true}]},\"typography-01c4f0be-eda7-49e3-82b9-7c96e2b28295LayerOne\":{\"enabled\":true},\"typography-01c4f0be-eda7-49e3-82b9-7c96e2b28295LayerTwo\":{\"enabled\":true}}},\"content\":{\"layouts\":{\"lg\":[{\"i\":\"01c4f0be-eda7-49e3-82b9-7c96e2b28295\",\"x\":0,\"y\":0,\"w\":100,\"h\":12,\"type\":\"widget\",\"framework\":\"mui\",\"data\":\"typography\"}]}},\"rows\":[{\"slug\":\"https:\/\/www.radiopolar.com\/\",\"listTitle\":\"Inicio\"},{\"slug\":\"\/quienes-somos\",\"listTitle\":\"Nuestra Empresa\"},{\"slug\":\"https:\/\/www.radiopolar.com\/podcast\",\"listTitle\":\"Podcast\"},{\"slug\":\"\/nuestra-programacion\",\"listTitle\":\"Nuestra Progamaci\u00f3n\"},{\"slug\":\"\/publicite\",\"listTitle\":\"Publicite Aqu\u00ed\"}]}}]}}}]}],\"publicLinkCss\":\"https:\/\/s3-mspro.nyc3.digitaloceanspaces.com\/tenant\/658d9f90f0909def6c18fa2c\/templates\/65a00887ff47e144378401f0\/styles\/publish\/lg.css?v=1714491487\",\"linkCss\":\"tenant\/658d9f90f0909def6c18fa2c\/templates\/65a00887ff47e144378401f0\/styles\/publish\/lg.css?v=1714491487\",\"sections\":[{\"id\":\"65a00886ff47e129d08401ee\",\"name\":\"Men\u00fa\",\"active\":true,\"containers\":[{\"id\":\"65a00886ff47e1bd8f8401ec\",\"name\":\"Men\u00fa lateral\",\"active\":true,\"renderAs\":\"server\",\"gridCols\":{\"lg\":100,\"md\":24,\"xs\":100,\"daily\":24},\"content\":{\"config\":{\"lg\":{\"compactType\":\"horizontal\"}},\"layouts\":{\"lg\":[{\"i\":\"7e04e223-7fa7-42e7-87af-cb65bfc0066f\",\"x\":0,\"y\":0,\"w\":100,\"h\":18,\"id\":\"65a008aee23a0e71e016e80b\",\"name\":\"Header Men\u00fa\",\"gridCols\":100,\"type\":\"component\",\"data\":{\"displayConfig\":{\"type\":\"list\",\"customPosition\":\"sideMenu\"},\"customConfig\":{\"lg\":{\"icon-67a5b25d-2bc3-459b-abb9-a6a671253722Config\":{\"changeWidget\":\"icon\",\"color\":\"#ffffffff\",\"customIcon\":\"cg\/CgClose\",\"openType\":\"closeCurrentPopup\",\"backgroundColor\":\"#000000ff\"},\"icon-67a5b25d-2bc3-459b-abb9-a6a671253722LayerOne\":{\"enabled\":true},\"avatar-c7c2fa41-0ca7-46e7-98bd-47567983ead1Config\":{\"changeWidget\":\"avatar\",\"avatarObjectFit\":\"contain\",\"color\":\"#ffffffff\"},\"avatar-c7c2fa41-0ca7-46e7-98bd-47567983ead1AttributeFill\":{\"fillOption\":\"setting\",\"attributeFill\":[{\"title\":\"logoFooter\",\"canDelete\":true}]},\"icon-67a5b25d-2bc3-459b-abb9-a6a671253722LayerTwo\":{\"enabled\":true},\"avatar-c7c2fa41-0ca7-46e7-98bd-47567983ead1LayerOne\":{\"enabled\":true},\"avatar-c7c2fa41-0ca7-46e7-98bd-47567983ead1LayerTwo\":{\"enabled\":true}}},\"content\":{\"layouts\":{\"lg\":[{\"i\":\"67a5b25d-2bc3-459b-abb9-a6a671253722\",\"x\":85,\"y\":4,\"w\":8,\"h\":9,\"type\":\"widget\",\"framework\":\"mui\",\"data\":\"icon\"},{\"i\":\"c7c2fa41-0ca7-46e7-98bd-47567983ead1\",\"x\":29,\"y\":2,\"w\":40,\"h\":18,\"type\":\"widget\",\"framework\":\"mui\",\"data\":\"avatar\"}]}}}},{\"i\":\"35bc4e50-6f13-4a48-bf45-c87d4b58f12d\",\"x\":0,\"y\":22,\"w\":100,\"h\":94,\"id\":\"65a7ea939567c2a431e90a3e\",\"name\":\"Menu Lista\",\"gridCols\":100,\"type\":\"component\",\"data\":{\"displayConfig\":{\"filterBy\":\"widgets\",\"offset\":0,\"limit\":1,\"formatType\":\"grid\",\"direction\":\"horizontal\",\"type\":\"list\",\"filterWidgets\":[{\"id\":\"65a00b02e23a0e474516e80d\",\"label\":\"Menu Lateral (list)\"}],\"customPosition\":\"sideMenu\"},\"customConfig\":{\"lg\":{\"typography-01c4f0be-eda7-49e3-82b9-7c96e2b28295Config\":{\"changeWidget\":\"typography\",\"fontSize\":8,\"color\":\"#ffffffff\",\"backgroundColor\":\"#000000ff\",\"fontFamily\":\"Primary\"},\"typography-01c4f0be-eda7-49e3-82b9-7c96e2b28295AttributeFill\":{\"fillOption\":\"widget\",\"attributeFill\":[{\"title\":\"listTitle\",\"canDelete\":true}]},\"typography-01c4f0be-eda7-49e3-82b9-7c96e2b28295LayerOne\":{\"enabled\":true},\"typography-01c4f0be-eda7-49e3-82b9-7c96e2b28295LayerTwo\":{\"enabled\":true}}},\"content\":{\"layouts\":{\"lg\":[{\"i\":\"01c4f0be-eda7-49e3-82b9-7c96e2b28295\",\"x\":0,\"y\":0,\"w\":100,\"h\":12,\"type\":\"widget\",\"framework\":\"mui\",\"data\":\"typography\"}]}},\"rows\":[{\"slug\":\"https:\/\/www.radiopolar.com\/\",\"listTitle\":\"Inicio\"},{\"slug\":\"\/quienes-somos\",\"listTitle\":\"Nuestra Empresa\"},{\"slug\":\"https:\/\/www.radiopolar.com\/podcast\",\"listTitle\":\"Podcast\"},{\"slug\":\"\/nuestra-programacion\",\"listTitle\":\"Nuestra Progamaci\u00f3n\"},{\"slug\":\"\/publicite\",\"listTitle\":\"Publicite Aqu\u00ed\"}]}}]}}}]}]}},\"deploys\":[{\"id\":\"65aeba35b689094ff80ab827\",\"name\":\"Config Video Player Flotante\",\"deployAllowByDevice\":[\"desktop\"],\"isSSR\":true,\"priority\":0,\"accuracyPosition\":\"top\",\"targetPosition\":\"target\",\"targetElement\":\"head\",\"targetType\":\"element\",\"slidePerView\":1,\"slideTimeout\":5000,\"showType\":\"slide\",\"content\":\"u003cscriptu003en  var FLOAT_VIDEO_Y_POSITION = \"35\";n  var FLOAT_VIDEO_X_POSITION = \"10000\";n  var FLOAT_VIDEO_WIDTH = \"280\";n  var FLOAT_VIDEO_HEIGHT = \"280\";n  var FLOAT_VIDEO_Y_POSITION_RELATIVE = \"false\";n  var FLOAT_VIDEO_X_POSITION_RELATIVE = \"false\";nu003c\/scriptu003e\",\"designType\":\"script\"},{\"id\":\"69936fedb61edfc006b94aa8\",\"name\":\"Head M\u00e1s Medios\",\"autoRefreshSeconds\":30,\"executeOnlyOnce\":true,\"isSSR\":true,\"priority\":0,\"accuracyPosition\":\"top\",\"targetPosition\":\"target\",\"targetElement\":\"head\",\"targetType\":\"element\",\"slidePerView\":1,\"slideTimeout\":5000,\"showType\":\"slide\",\"content\":\"u003cscript type=\"application\/javascript\" src=\"https:\/\/ced.sascdn.com\/tag\/3981\/smart.js\" asyncu003eu003c\/scriptu003enu003cscript type=\"application\/javascript\"u003en    var sas = sas || {};n    sas.cmd = sas.cmd || [];n    sas.cmd.push(function() {n        sas.setup({ networkid: 3981, domain: \"https:\/\/www15.smartadserver.com\", async: true });n    });nu003c\/scriptu003e\",\"designType\":\"script\"},{\"id\":\"698deae1f1f08deb9d097c13\",\"name\":\"MasMedios 300x250-A\",\"autoRefreshSeconds\":15,\"deployAllowByRouteType\":[\"post\"],\"priority\":1,\"accuracyPosition\":\"before\",\"targetPosition\":\"bodyParagraph1\",\"targetElement\":\"body\",\"targetType\":\"element\",\"slidePerView\":1,\"slideTimeout\":5000,\"showType\":\"slide\",\"content\":\"u003cdiv id=\"sas_99069\"u003eu003c\/divu003enu003cscript type=\"application\/javascript\"u003en    sas.cmd.push(function() {n        sas.call(\"std\", {n            siteId: 675481, \/\/ n            pageId: 2015246, \/\/ P\u00e1gina : AntofagastaTV\/rosn            formatId: 99069, \/\/ Formato : 300x250-A 300x250n            target: '',n            schain: \"1.0,1!masmedioschile.cl,717006,1,RadioPolar,radiopolar.com\"n        });n    });nu003c\/scriptu003enu003cnoscriptu003en    u003ca href=\"https:\/\/www15.smartadserver.com\/ac?jump=1u0026nwid=3981u0026siteid=698945u0026pgname=rosu0026fmtid=99069u0026visit=mu0026tmstp=[timestamp]u0026out=nonrich\" target=\"_blank\"u003en        u003cimg src=\"https:\/\/www15.smartadserver.com\/ac?out=nonrichu0026nwid=3981u0026siteid=698945u0026pgname=rosu0026fmtid=99069u0026visit=mu0026tmstp=[timestamp]\" border=\"0\" alt=\"\" \/u003en    u003c\/au003enu003c\/noscriptu003e\",\"designType\":\"script\",\"fileType\":\"text\/javascript\"},{\"id\":\"698de6c9f1f08d267a097c07\",\"name\":\"MasMedios 728x90\",\"autoRefresh\":true,\"autoRefreshSeconds\":15,\"deployAllowByDevice\":[\"desktop\"],\"deployConditionByDevice\":[\"mobile\"],\"priority\":1,\"accuracyPosition\":\"after\",\"targetPosition\":\"target\",\"targetElement\":\"section\",\"targetType\":\"element\",\"slidePerView\":1,\"slideTimeout\":5000,\"showType\":\"slide\",\"content\":\"u003cdiv id=\"sas_99073\"u003eu003c\/divu003enu003cscript type=\"application\/javascript\"u003en    sas.cmd.push(function() {n        sas.call(\"std\", {n            siteId: 675481, \/\/ n            pageId: 2015246, \/\/ P\u00e1gina : AntofagastaTV\/rosn            formatId: 99073, \/\/ Formato : 728x90 728x90n            target: '',n            schain: \"1.0,1!masmedioschile.cl,717006,1,RadioPolar,radiopolar.com\"n        });n    });nu003c\/scriptu003enu003cnoscriptu003en    u003ca href=\"https:\/\/www15.smartadserver.com\/ac?jump=1u0026nwid=3981u0026siteid=698945u0026pgname=rosu0026fmtid=99073u0026visit=mu0026tmstp=[timestamp]u0026out=nonrich\" target=\"_blank\"u003en        u003cimg src=\"https:\/\/www15.smartadserver.com\/ac?out=nonrichu0026nwid=3981u0026siteid=698945u0026pgname=rosu0026fmtid=99073u0026visit=mu0026tmstp=[timestamp]\" border=\"0\" alt=\"\" \/u003en    u003c\/au003enu003c\/noscriptu003e\",\"designType\":\"script\",\"deployPositionNumber\":\"1\",\"deployType\":\"static\"},{\"id\":\"68816d6cabbed10a120cf5c0\",\"name\":\"MasMedios Sticky Footer\",\"autoRefresh\":true,\"autoRefreshSeconds\":15,\"priority\":1,\"accuracyPosition\":\"top\",\"targetPosition\":\"target\",\"targetElement\":\"body\",\"targetType\":\"element\",\"slidePerView\":1,\"slideTimeout\":5000,\"showType\":\"slide\",\"content\":\"u003cdiv id=\"sas_99074\"u003eu003c\/divu003enu003cscript type=\"application\/javascript\"u003en    sas.cmd.push(function() {n        sas.call(\"std\", {n            siteId: 675481, \/\/ n            pageId: 2015246, \/\/ P\u00e1gina : AntofagastaTV\/rosn            formatId: 99074, \/\/ Formato : Sticky Footer 0x0n            target: '',n            schain: \"1.0,1!masmedioschile.cl,717006,1,RadioPolar,radiopolar.com\"n        });n    });nu003c\/scriptu003enu003cnoscriptu003en    u003ca href=\"https:\/\/www15.smartadserver.com\/ac?jump=1u0026nwid=3981u0026siteid=698945u0026pgname=rosu0026fmtid=99074u0026visit=mu0026tmstp=[timestamp]u0026out=nonrich\" target=\"_blank\"u003en        u003cimg src=\"https:\/\/www15.smartadserver.com\/ac?out=nonrichu0026nwid=3981u0026siteid=698945u0026pgname=rosu0026fmtid=99074u0026visit=mu0026tmstp=[timestamp]\" border=\"0\" alt=\"\" \/u003en    u003c\/au003enu003c\/noscriptu003e\",\"designType\":\"script\"},{\"id\":\"68816cefabbed167c80cf5bd\",\"name\":\"MasMedios Inread\",\"autoRefresh\":true,\"autoRefreshSeconds\":15,\"deployAllowByRouteType\":[\"post\"],\"priority\":1,\"accuracyPosition\":\"after\",\"targetPosition\":\"bodyParagraph1\",\"targetElement\":\"body\",\"targetType\":\"element\",\"slidePerView\":1,\"slideTimeout\":5000,\"showType\":\"slide\",\"content\":\"u003cdiv id=\"sas_99435\"u003eu003c\/divu003enu003cscript type=\"application\/javascript\"u003en    sas.cmd.push(function() {n        sas.call(\"std\", {n            siteId: 675481, \/\/ n            pageId: 2015246, \/\/ P\u00e1gina : AntofagastaTV\/rosn            formatId: 99435, \/\/ Formato : Inread 1x1n            target: '',n            schain: \"1.0,1!masmedioschile.cl,717006,1,RadioPolar,radiopolar.com\"n        });n    });nu003c\/scriptu003enu003cnoscriptu003en    u003ca href=\"https:\/\/www15.smartadserver.com\/ac?jump=1u0026nwid=3981u0026siteid=698945u0026pgname=rosu0026fmtid=99435u0026visit=mu0026tmstp=[timestamp]u0026out=nonrich\" target=\"_blank\"u003en        u003cimg src=\"https:\/\/www15.smartadserver.com\/ac?out=nonrichu0026nwid=3981u0026siteid=698945u0026pgname=rosu0026fmtid=99435u0026visit=mu0026tmstp=[timestamp]\" border=\"0\" alt=\"\" \/u003en    u003c\/au003enu003c\/noscriptu003e\",\"designType\":\"script\"},{\"id\":\"68810c81abbed1193e0cf592\",\"name\":\"MasMedios ITT\",\"autoRefresh\":true,\"autoRefreshSeconds\":45,\"priority\":1,\"accuracyPosition\":\"top\",\"targetPosition\":\"target\",\"targetElement\":\"body\",\"targetType\":\"element\",\"slidePerView\":1,\"slideTimeout\":5000,\"showType\":\"slide\",\"content\":\"u003cdiv id=\"sas_99084\"u003eu003c\/divu003enu003cscript type=\"application\/javascript\"u003en    sas.cmd.push(function() {n        sas.call(\"std\", {n            siteId: 675481, \/\/ n            pageId: 2015246, \/\/ P\u00e1gina : AntofagastaTV\/rosn            formatId: 99084, \/\/ Formato : ITT 1x1n            target: '',n            schain: \"1.0,1!masmedioschile.cl,717006,1,RadioPolar,radiopolar.com\"n        });n    });nu003c\/scriptu003enu003cnoscriptu003en    u003ca href=\"https:\/\/www15.smartadserver.com\/ac?jump=1u0026nwid=3981u0026siteid=698945u0026pgname=rosu0026fmtid=99084u0026visit=mu0026tmstp=[timestamp]u0026out=nonrich\" target=\"_blank\"u003en        u003cimg src=\"https:\/\/www15.smartadserver.com\/ac?out=nonrichu0026nwid=3981u0026siteid=698945u0026pgname=rosu0026fmtid=99084u0026visit=mu0026tmstp=[timestamp]\" border=\"0\" alt=\"\" \/u003en    u003c\/au003enu003c\/noscriptu003e\",\"designType\":\"script\"}],\"responseStatus\":200,\"token\":\"Bearer eyJhbGciOiJIUzI1NiJ9.eyJhY2Nlc3NUb2tlbiI6ImV5SmhiR2NpT2lKSVV6STFOaUo5LmV5SjFjMlZ5SWpvaWJYTnpJbjAuazFwbExlWmZXTHZLN0M2d18xbEtQR2RwQ1lWZGdxMTdsQ1laN3VmTDlMRSIsImFwcCI6dHJ1ZSwiZXhwIjoxNzc1MzI1NjI0fQ.4jXnKRDVf3-RNzcwuQDcOgxi9Lq9PDuvFQWgNFQwHjY\",\"currentBreakpoint\":\"lg\",\"graphImage\":null,\"templateId\":null,\"screenshot\":null,\"state\":\"publish\"}},\"__N_SSP\":true},\"page\":\"\/[[...slug]]\",\"query\":{\"slug\":[\"sence-abre-postulaciones-cursos-gratuitos-puerto-natales-cupos-limitados\"]},\"buildId\":\"0ffa8db\",\"isFallback\":false,\"isExperimentalCompile\":false,\"gssp\":true,\"scriptLoader\":[{\"strategy\":\"afterInteractive\",\"src\":\"https:\/\/connect.facebook.net\/es_LA\/sdk.js\"},{\"strategy\":\"afterInteractive\",\"src\":\"https:\/\/platform.twitter.com\/widgets.js\"},{\"strategy\":\"afterInteractive\",\"src\":\"https:\/\/www.instagram.com\/embed.js\"}]}<\/script><br \/>\n<br \/><a href=\"https:\/\/www.radiopolar.com\/sence-abre-postulaciones-cursos-gratuitos-puerto-natales-cupos-limitados\">Fonte do Artigo <\/a><\/p>\n","protected":false},"excerpt":{"rendered":"<p>El Servicio Nacional de Capacitaci\u00f3n y Empleo (SENCE) abri\u00f3 postulaciones a dos cursos gratuitos dirigidos a la comunidad de Puerto Natales, con el objetivo de fortalecer habilidades y facilitar el acceso al mundo laboral. La iniciativa es gestionada por el Consejo Regional de Capacitaci\u00f3n y cuenta con cupos limitados. Las capacitaciones disponibles son \u201cActividades de [&hellip;]<\/p>\n","protected":false},"author":1,"featured_media":98011,"comment_status":"closed","ping_status":"","sticky":false,"template":"","format":"standard","meta":{"googlesitekit_rrm_CAow2JLhCw:productID":"","_gspb_post_css":"","maa_idioma":"","maa_pais":"","footnotes":""},"categories":[4],"tags":[3619,5500,24243,5586,3791,24244,24242,24241,17751,24240],"class_list":["post-98010","post","type-post","status-publish","format-standard","has-post-thumbnail","hentry","category-brasil","tag-abre","tag-con","tag-cupos","tag-cursos","tag-gratuitos","tag-limitados","tag-natales","tag-postulaciones","tag-puerto","tag-sence"],"blocksy_meta":[],"yoast_head":"<!-- This site is optimized with the Yoast SEO Premium plugin v27.6 (Yoast SEO v27.6) - https:\/\/yoast.com\/product\/yoast-seo-premium-wordpress\/ -->\n<title>SENCE ABRE POSTULACIONES A CURSOS GRATUITOS EN PUERTO NATALES CON CUPOS LIMITADOS - Ubirat\u00e3 Online Not\u00edcias - A realidade ao seu alcance!<\/title>\n<meta name=\"description\" content=\"El Servicio Nacional de Capacitaci\u00f3n y Empleo (SENCE) abri\u00f3 postulaciones a dos cursos gratuitos dirigidos a la comunidad de Puerto Natales, con el\" \/>\n<meta name=\"robots\" content=\"index, follow, max-snippet:-1, max-image-preview:large, max-video-preview:-1\" \/>\n<link rel=\"canonical\" href=\"https:\/\/ubirataonline.com.br\/en\/sence-abre-postulaciones-a-cursos-gratuitos-en-puerto-natales-con-cupos-limitados\/\" \/>\n<meta property=\"og:locale\" content=\"en_US\" \/>\n<meta property=\"og:type\" content=\"article\" \/>\n<meta property=\"og:title\" content=\"SENCE ABRE POSTULACIONES A CURSOS GRATUITOS EN PUERTO NATALES CON CUPOS LIMITADOS\" \/>\n<meta property=\"og:description\" content=\"El Servicio Nacional de Capacitaci\u00f3n y Empleo (SENCE) abri\u00f3 postulaciones a dos cursos gratuitos dirigidos a la comunidad de Puerto Natales, con el\" \/>\n<meta property=\"og:url\" content=\"https:\/\/ubirataonline.com.br\/en\/sence-abre-postulaciones-a-cursos-gratuitos-en-puerto-natales-con-cupos-limitados\/\" \/>\n<meta property=\"og:site_name\" content=\"Ubirat\u00e3 Online Not\u00edcias - A realidade ao seu alcance!\" \/>\n<meta property=\"article:publisher\" content=\"https:\/\/www.facebook.com\/portalubirataonline\" \/>\n<meta property=\"article:author\" content=\"https:\/\/www.facebook.com\/portalubirataonline\" \/>\n<meta property=\"article:published_time\" content=\"2026-03-29T10:23:54+00:00\" \/>\n<meta property=\"article:modified_time\" content=\"2026-03-29T10:23:57+00:00\" \/>\n<meta property=\"og:image\" content=\"https:\/\/ubirataonline.com.br\/wp-content\/uploads\/2026\/03\/SENCE-ABRE-POSTULACIONES-A-CURSOS-GRATUITOS-EN-PUERTO-NATALES-CON.png\" \/>\n\t<meta property=\"og:image:width\" content=\"1200\" \/>\n\t<meta property=\"og:image:height\" content=\"674\" \/>\n\t<meta property=\"og:image:type\" content=\"image\/png\" \/>\n<meta name=\"author\" content=\"REDA\u00c7\u00c3O: UBIRAT\u00c3 ONLINE - F\u00c1BIO AUGUSTO CELESTINO\" \/>\n<meta name=\"twitter:card\" content=\"summary_large_image\" \/>\n<meta name=\"twitter:creator\" content=\"@x.com\/ubirataonline\" \/>\n<meta name=\"twitter:site\" content=\"@ubirataonline\" \/>\n<meta name=\"twitter:label1\" content=\"Written by\" \/>\n\t<meta name=\"twitter:data1\" content=\"REDA\u00c7\u00c3O: UBIRAT\u00c3 ONLINE - F\u00c1BIO AUGUSTO CELESTINO\" \/>\n\t<meta name=\"twitter:label2\" content=\"Est. reading time\" \/>\n\t<meta name=\"twitter:data2\" content=\"1 minute\" \/>\n<script type=\"application\/ld+json\" class=\"yoast-schema-graph\">{\"@context\":\"https:\\\/\\\/schema.org\",\"@graph\":[{\"@type\":\"NewsArticle\",\"@id\":\"https:\\\/\\\/ubirataonline.com.br\\\/sence-abre-postulaciones-a-cursos-gratuitos-en-puerto-natales-con-cupos-limitados\\\/#article\",\"isPartOf\":{\"@id\":\"https:\\\/\\\/ubirataonline.com.br\\\/sence-abre-postulaciones-a-cursos-gratuitos-en-puerto-natales-con-cupos-limitados\\\/\"},\"author\":{\"name\":\"REDA\u00c7\u00c3O: UBIRAT\u00c3 ONLINE - F\u00c1BIO AUGUSTO CELESTINO\",\"@id\":\"https:\\\/\\\/ubirataonline.com.br\\\/#\\\/schema\\\/person\\\/372f87bbd3fdd79b8556b84c98d0bc1c\"},\"headline\":\"SENCE ABRE POSTULACIONES A CURSOS GRATUITOS EN PUERTO NATALES CON CUPOS LIMITADOS\",\"datePublished\":\"2026-03-29T10:23:54+00:00\",\"dateModified\":\"2026-03-29T10:23:57+00:00\",\"mainEntityOfPage\":{\"@id\":\"https:\\\/\\\/ubirataonline.com.br\\\/sence-abre-postulaciones-a-cursos-gratuitos-en-puerto-natales-con-cupos-limitados\\\/\"},\"wordCount\":204,\"publisher\":{\"@id\":\"https:\\\/\\\/ubirataonline.com.br\\\/#organization\"},\"image\":{\"@id\":\"https:\\\/\\\/ubirataonline.com.br\\\/sence-abre-postulaciones-a-cursos-gratuitos-en-puerto-natales-con-cupos-limitados\\\/#primaryimage\"},\"thumbnailUrl\":\"https:\\\/\\\/ubirataonline.com.br\\\/wp-content\\\/uploads\\\/2026\\\/03\\\/SENCE-ABRE-POSTULACIONES-A-CURSOS-GRATUITOS-EN-PUERTO-NATALES-CON.png\",\"keywords\":[\"abre\",\"con\",\"CUPOS\",\"cursos\",\"gratuitos\",\"LIMITADOS\",\"NATALES\",\"POSTULACIONES\",\"Puerto\",\"SENCE\"],\"articleSection\":[\"Brasil\"],\"inLanguage\":\"en-US\",\"copyrightYear\":\"2026\",\"copyrightHolder\":{\"@id\":\"https:\\\/\\\/ubirataonline.com.br\\\/en\\\/#organization\"}},{\"@type\":\"WebPage\",\"@id\":\"https:\\\/\\\/ubirataonline.com.br\\\/sence-abre-postulaciones-a-cursos-gratuitos-en-puerto-natales-con-cupos-limitados\\\/\",\"url\":\"https:\\\/\\\/ubirataonline.com.br\\\/sence-abre-postulaciones-a-cursos-gratuitos-en-puerto-natales-con-cupos-limitados\\\/\",\"name\":\"SENCE ABRE POSTULACIONES A CURSOS GRATUITOS EN PUERTO NATALES CON CUPOS LIMITADOS - Ubirat\u00e3 Online Not\u00edcias - A realidade ao seu alcance!\",\"isPartOf\":{\"@id\":\"https:\\\/\\\/ubirataonline.com.br\\\/#website\"},\"primaryImageOfPage\":{\"@id\":\"https:\\\/\\\/ubirataonline.com.br\\\/sence-abre-postulaciones-a-cursos-gratuitos-en-puerto-natales-con-cupos-limitados\\\/#primaryimage\"},\"image\":{\"@id\":\"https:\\\/\\\/ubirataonline.com.br\\\/sence-abre-postulaciones-a-cursos-gratuitos-en-puerto-natales-con-cupos-limitados\\\/#primaryimage\"},\"thumbnailUrl\":\"https:\\\/\\\/ubirataonline.com.br\\\/wp-content\\\/uploads\\\/2026\\\/03\\\/SENCE-ABRE-POSTULACIONES-A-CURSOS-GRATUITOS-EN-PUERTO-NATALES-CON.png\",\"datePublished\":\"2026-03-29T10:23:54+00:00\",\"dateModified\":\"2026-03-29T10:23:57+00:00\",\"description\":\"El Servicio Nacional de Capacitaci\u00f3n y Empleo (SENCE) abri\u00f3 postulaciones a dos cursos gratuitos dirigidos a la comunidad de Puerto Natales, con el\",\"breadcrumb\":{\"@id\":\"https:\\\/\\\/ubirataonline.com.br\\\/sence-abre-postulaciones-a-cursos-gratuitos-en-puerto-natales-con-cupos-limitados\\\/#breadcrumb\"},\"inLanguage\":\"en-US\",\"potentialAction\":[{\"@type\":\"ReadAction\",\"target\":[\"https:\\\/\\\/ubirataonline.com.br\\\/sence-abre-postulaciones-a-cursos-gratuitos-en-puerto-natales-con-cupos-limitados\\\/\"]}]},{\"@type\":\"ImageObject\",\"inLanguage\":\"en-US\",\"@id\":\"https:\\\/\\\/ubirataonline.com.br\\\/sence-abre-postulaciones-a-cursos-gratuitos-en-puerto-natales-con-cupos-limitados\\\/#primaryimage\",\"url\":\"https:\\\/\\\/ubirataonline.com.br\\\/wp-content\\\/uploads\\\/2026\\\/03\\\/SENCE-ABRE-POSTULACIONES-A-CURSOS-GRATUITOS-EN-PUERTO-NATALES-CON.png\",\"contentUrl\":\"https:\\\/\\\/ubirataonline.com.br\\\/wp-content\\\/uploads\\\/2026\\\/03\\\/SENCE-ABRE-POSTULACIONES-A-CURSOS-GRATUITOS-EN-PUERTO-NATALES-CON.png\",\"width\":1200,\"height\":674,\"caption\":\"SENCE ABRE POSTULACIONES A CURSOS GRATUITOS EN PUERTO NATALES CON CUPOS LIMITADOS\"},{\"@type\":\"BreadcrumbList\",\"@id\":\"https:\\\/\\\/ubirataonline.com.br\\\/sence-abre-postulaciones-a-cursos-gratuitos-en-puerto-natales-con-cupos-limitados\\\/#breadcrumb\",\"itemListElement\":[{\"@type\":\"ListItem\",\"position\":1,\"name\":\"In\u00edcio\",\"item\":\"https:\\\/\\\/ubirataonline.com.br\\\/\"},{\"@type\":\"ListItem\",\"position\":2,\"name\":\"SENCE ABRE POSTULACIONES A CURSOS GRATUITOS EN PUERTO NATALES CON CUPOS LIMITADOS\"}]},{\"@type\":\"WebSite\",\"@id\":\"https:\\\/\\\/ubirataonline.com.br\\\/#website\",\"url\":\"https:\\\/\\\/ubirataonline.com.br\\\/\",\"name\":\"Ubirat\u00e3 Online Not\u00edcias\",\"description\":\"Not\u00edcias de Ubirat\u00e3, regi\u00e3o, Brasil e mundo, com informa\u00e7\u00e3o atualizada e compromisso com o leitor.\",\"publisher\":{\"@id\":\"https:\\\/\\\/ubirataonline.com.br\\\/#organization\"},\"alternateName\":\"Ubirat\u00e3 Online\",\"potentialAction\":[{\"@type\":\"SearchAction\",\"target\":{\"@type\":\"EntryPoint\",\"urlTemplate\":\"https:\\\/\\\/ubirataonline.com.br\\\/?s={search_term_string}\"},\"query-input\":{\"@type\":\"PropertyValueSpecification\",\"valueRequired\":true,\"valueName\":\"search_term_string\"}}],\"inLanguage\":\"en-US\"},{\"@type\":[\"Organization\",\"Place\"],\"@id\":\"https:\\\/\\\/ubirataonline.com.br\\\/#organization\",\"name\":\"Ubirat\u00e3 Online Not\u00edcias\",\"alternateName\":\"Ubirat\u00e3 Online\",\"url\":\"https:\\\/\\\/ubirataonline.com.br\\\/\",\"logo\":{\"@id\":\"https:\\\/\\\/ubirataonline.com.br\\\/sence-abre-postulaciones-a-cursos-gratuitos-en-puerto-natales-con-cupos-limitados\\\/#local-main-organization-logo\"},\"image\":{\"@id\":\"https:\\\/\\\/ubirataonline.com.br\\\/sence-abre-postulaciones-a-cursos-gratuitos-en-puerto-natales-con-cupos-limitados\\\/#local-main-organization-logo\"},\"sameAs\":[\"https:\\\/\\\/www.facebook.com\\\/portalubirataonline\",\"https:\\\/\\\/x.com\\\/ubirataonline\",\"https:\\\/\\\/mastodon.social\\\/@ubirataonline\",\"https:\\\/\\\/www.facebook.com\\\/groups\\\/311144672285604\",\"https:\\\/\\\/www.facebook.com\\\/UBTAOnline\",\"https:\\\/\\\/www.instagram.com\\\/portalubirataonline\\\/\",\"https:\\\/\\\/twitter.com\\\/ubirataonline\"],\"description\":\"Somos um portal de not\u00edcias independente, criado em 5 de janeiro de 2009, com o objetivo de informar, conectar e valorizar a nossa comunidade de Ubirat\u00e3 e toda aregi\u00e3o. Com conte\u00fado atualizado, confi\u00e1vel e relevante, o Ubirat\u00e3 Online \u00e9 o seu espa\u00e7o para ficar por dentro dos principais acontecimentos locais, regionais, Brasil, Mundo e de interesse geral. Nosso compromisso \u00e9 com a verdade, a transpar\u00eancia e o respeito ao leitor.\",\"legalName\":\"UBIRATA ONLINE NOT\u00cdCIAS\",\"foundingDate\":\"2009-01-05\",\"numberOfEmployees\":{\"@type\":\"QuantitativeValue\",\"minValue\":\"1\",\"maxValue\":\"10\"},\"publishingPrinciples\":\"https:\\\/\\\/ubirataonline.com.br\\\/faq\\\/\",\"address\":{\"@id\":\"https:\\\/\\\/ubirataonline.com.br\\\/sence-abre-postulaciones-a-cursos-gratuitos-en-puerto-natales-con-cupos-limitados\\\/#local-main-place-address\"},\"geo\":{\"@type\":\"GeoCoordinates\",\"latitude\":\"-24.5361401\",\"longitude\":\"-52.9921776\"},\"telephone\":[\"+5544998308235\"],\"contactPoint\":{\"@type\":\"ContactPoint\",\"email\":\"contato@ubirataonline.com.br\"},\"openingHoursSpecification\":{\"@type\":\"OpeningHoursSpecification\",\"dayOfWeek\":[\"Monday\",\"Tuesday\",\"Wednesday\",\"Thursday\",\"Friday\",\"Saturday\",\"Sunday\"],\"opens\":\"00:00\",\"closes\":\"23:59\"},\"email\":\"contato@ubirataonline.com.br\",\"vatID\":\"47.621.418\\\/0001-80\"},{\"@type\":\"Person\",\"@id\":\"https:\\\/\\\/ubirataonline.com.br\\\/#\\\/schema\\\/person\\\/372f87bbd3fdd79b8556b84c98d0bc1c\",\"name\":\"REDA\u00c7\u00c3O: UBIRAT\u00c3 ONLINE - F\u00c1BIO AUGUSTO CELESTINO\",\"pronouns\":\"Ele\",\"description\":\"Desde 2003 trabalhando com not\u00edcias.\",\"sameAs\":[\"http:\\\/\\\/ubirataoline.com.br\",\"https:\\\/\\\/www.facebook.com\\\/portalubirataonline\",\"https:\\\/\\\/www.instagram.com\\\/ubirataonline_oficial\",\"https:\\\/\\\/x.com\\\/x.com\\\/ubirataonline\"],\"honorificPrefix\":\"Mr.\",\"honorificSuffix\":\"MD\",\"birthDate\":\"1980-06-16\",\"gender\":\"masculino\",\"award\":[\"V\u00e1rios pr\u00eamios de melhor portal da cidade\"],\"jobTitle\":\"Diretor\",\"url\":\"https:\\\/\\\/ubirataonline.com.br\\\/en\\\/author\\\/ubirataonline\\\/\"},{\"@type\":\"PostalAddress\",\"@id\":\"https:\\\/\\\/ubirataonline.com.br\\\/sence-abre-postulaciones-a-cursos-gratuitos-en-puerto-natales-con-cupos-limitados\\\/#local-main-place-address\",\"streetAddress\":\"Rua dos Coqueiros, 104 - Bairro Boa Vista, Rua dos Coqueiros, 104 Bairro Boa Vista\",\"addressLocality\":\"UBIRATA\",\"postalCode\":\"85440-000\",\"addressRegion\":\"PR\",\"addressCountry\":\"BR\"},{\"@type\":\"ImageObject\",\"inLanguage\":\"en-US\",\"@id\":\"https:\\\/\\\/ubirataonline.com.br\\\/sence-abre-postulaciones-a-cursos-gratuitos-en-puerto-natales-con-cupos-limitados\\\/#local-main-organization-logo\",\"url\":\"https:\\\/\\\/ubirataonline.com.br\\\/wp-content\\\/uploads\\\/2026\\\/06\\\/logoubirataonline-1.webp\",\"contentUrl\":\"https:\\\/\\\/ubirataonline.com.br\\\/wp-content\\\/uploads\\\/2026\\\/06\\\/logoubirataonline-1.webp\",\"width\":500,\"height\":500,\"caption\":\"Ubirat\u00e3 Online Not\u00edcias\"}]}<\/script>\n<meta name=\"geo.placename\" content=\"UBIRATA\" \/>\n<meta name=\"geo.position\" content=\"-24.5361401;-52.9921776\" \/>\n<meta name=\"geo.region\" content=\"Brazil\" \/>\n<!-- \/ Yoast SEO Premium plugin. -->","yoast_head_json":{"title":"SENCE ABRE POSTULACIONES A CURSOS GRATUITOS EN PUERTO NATALES CON CUPOS LIMITADOS - Ubirat\u00e3 Online Not\u00edcias - A realidade ao seu alcance!","description":"El Servicio Nacional de Capacitaci\u00f3n y Empleo (SENCE) abri\u00f3 postulaciones a dos cursos gratuitos dirigidos a la comunidad de Puerto Natales, con el","robots":{"index":"index","follow":"follow","max-snippet":"max-snippet:-1","max-image-preview":"max-image-preview:large","max-video-preview":"max-video-preview:-1"},"canonical":"https:\/\/ubirataonline.com.br\/en\/sence-abre-postulaciones-a-cursos-gratuitos-en-puerto-natales-con-cupos-limitados\/","og_locale":"en_US","og_type":"article","og_title":"SENCE ABRE POSTULACIONES A CURSOS GRATUITOS EN PUERTO NATALES CON CUPOS LIMITADOS","og_description":"El Servicio Nacional de Capacitaci\u00f3n y Empleo (SENCE) abri\u00f3 postulaciones a dos cursos gratuitos dirigidos a la comunidad de Puerto Natales, con el","og_url":"https:\/\/ubirataonline.com.br\/en\/sence-abre-postulaciones-a-cursos-gratuitos-en-puerto-natales-con-cupos-limitados\/","og_site_name":"Ubirat\u00e3 Online Not\u00edcias - A realidade ao seu alcance!","article_publisher":"https:\/\/www.facebook.com\/portalubirataonline","article_author":"https:\/\/www.facebook.com\/portalubirataonline","article_published_time":"2026-03-29T10:23:54+00:00","article_modified_time":"2026-03-29T10:23:57+00:00","og_image":[{"width":1200,"height":674,"url":"https:\/\/ubirataonline.com.br\/wp-content\/uploads\/2026\/03\/SENCE-ABRE-POSTULACIONES-A-CURSOS-GRATUITOS-EN-PUERTO-NATALES-CON.png","type":"image\/png"}],"author":"REDA\u00c7\u00c3O: UBIRAT\u00c3 ONLINE - F\u00c1BIO AUGUSTO CELESTINO","twitter_card":"summary_large_image","twitter_creator":"@x.com\/ubirataonline","twitter_site":"@ubirataonline","twitter_misc":{"Written by":"REDA\u00c7\u00c3O: UBIRAT\u00c3 ONLINE - F\u00c1BIO AUGUSTO CELESTINO","Est. reading time":"1 minute"},"schema":{"@context":"https:\/\/schema.org","@graph":[{"@type":"NewsArticle","@id":"https:\/\/ubirataonline.com.br\/sence-abre-postulaciones-a-cursos-gratuitos-en-puerto-natales-con-cupos-limitados\/#article","isPartOf":{"@id":"https:\/\/ubirataonline.com.br\/sence-abre-postulaciones-a-cursos-gratuitos-en-puerto-natales-con-cupos-limitados\/"},"author":{"name":"REDA\u00c7\u00c3O: UBIRAT\u00c3 ONLINE - F\u00c1BIO AUGUSTO CELESTINO","@id":"https:\/\/ubirataonline.com.br\/#\/schema\/person\/372f87bbd3fdd79b8556b84c98d0bc1c"},"headline":"SENCE ABRE POSTULACIONES A CURSOS GRATUITOS EN PUERTO NATALES CON CUPOS LIMITADOS","datePublished":"2026-03-29T10:23:54+00:00","dateModified":"2026-03-29T10:23:57+00:00","mainEntityOfPage":{"@id":"https:\/\/ubirataonline.com.br\/sence-abre-postulaciones-a-cursos-gratuitos-en-puerto-natales-con-cupos-limitados\/"},"wordCount":204,"publisher":{"@id":"https:\/\/ubirataonline.com.br\/#organization"},"image":{"@id":"https:\/\/ubirataonline.com.br\/sence-abre-postulaciones-a-cursos-gratuitos-en-puerto-natales-con-cupos-limitados\/#primaryimage"},"thumbnailUrl":"https:\/\/ubirataonline.com.br\/wp-content\/uploads\/2026\/03\/SENCE-ABRE-POSTULACIONES-A-CURSOS-GRATUITOS-EN-PUERTO-NATALES-CON.png","keywords":["abre","con","CUPOS","cursos","gratuitos","LIMITADOS","NATALES","POSTULACIONES","Puerto","SENCE"],"articleSection":["Brasil"],"inLanguage":"en-US","copyrightYear":"2026","copyrightHolder":{"@id":"https:\/\/ubirataonline.com.br\/en\/#organization"}},{"@type":"WebPage","@id":"https:\/\/ubirataonline.com.br\/sence-abre-postulaciones-a-cursos-gratuitos-en-puerto-natales-con-cupos-limitados\/","url":"https:\/\/ubirataonline.com.br\/sence-abre-postulaciones-a-cursos-gratuitos-en-puerto-natales-con-cupos-limitados\/","name":"SENCE ABRE POSTULACIONES A CURSOS GRATUITOS EN PUERTO NATALES CON CUPOS LIMITADOS - Ubirat\u00e3 Online Not\u00edcias - A realidade ao seu alcance!","isPartOf":{"@id":"https:\/\/ubirataonline.com.br\/#website"},"primaryImageOfPage":{"@id":"https:\/\/ubirataonline.com.br\/sence-abre-postulaciones-a-cursos-gratuitos-en-puerto-natales-con-cupos-limitados\/#primaryimage"},"image":{"@id":"https:\/\/ubirataonline.com.br\/sence-abre-postulaciones-a-cursos-gratuitos-en-puerto-natales-con-cupos-limitados\/#primaryimage"},"thumbnailUrl":"https:\/\/ubirataonline.com.br\/wp-content\/uploads\/2026\/03\/SENCE-ABRE-POSTULACIONES-A-CURSOS-GRATUITOS-EN-PUERTO-NATALES-CON.png","datePublished":"2026-03-29T10:23:54+00:00","dateModified":"2026-03-29T10:23:57+00:00","description":"El Servicio Nacional de Capacitaci\u00f3n y Empleo (SENCE) abri\u00f3 postulaciones a dos cursos gratuitos dirigidos a la comunidad de Puerto Natales, con el","breadcrumb":{"@id":"https:\/\/ubirataonline.com.br\/sence-abre-postulaciones-a-cursos-gratuitos-en-puerto-natales-con-cupos-limitados\/#breadcrumb"},"inLanguage":"en-US","potentialAction":[{"@type":"ReadAction","target":["https:\/\/ubirataonline.com.br\/sence-abre-postulaciones-a-cursos-gratuitos-en-puerto-natales-con-cupos-limitados\/"]}]},{"@type":"ImageObject","inLanguage":"en-US","@id":"https:\/\/ubirataonline.com.br\/sence-abre-postulaciones-a-cursos-gratuitos-en-puerto-natales-con-cupos-limitados\/#primaryimage","url":"https:\/\/ubirataonline.com.br\/wp-content\/uploads\/2026\/03\/SENCE-ABRE-POSTULACIONES-A-CURSOS-GRATUITOS-EN-PUERTO-NATALES-CON.png","contentUrl":"https:\/\/ubirataonline.com.br\/wp-content\/uploads\/2026\/03\/SENCE-ABRE-POSTULACIONES-A-CURSOS-GRATUITOS-EN-PUERTO-NATALES-CON.png","width":1200,"height":674,"caption":"SENCE ABRE POSTULACIONES A CURSOS GRATUITOS EN PUERTO NATALES CON CUPOS LIMITADOS"},{"@type":"BreadcrumbList","@id":"https:\/\/ubirataonline.com.br\/sence-abre-postulaciones-a-cursos-gratuitos-en-puerto-natales-con-cupos-limitados\/#breadcrumb","itemListElement":[{"@type":"ListItem","position":1,"name":"In\u00edcio","item":"https:\/\/ubirataonline.com.br\/"},{"@type":"ListItem","position":2,"name":"SENCE ABRE POSTULACIONES A CURSOS GRATUITOS EN PUERTO NATALES CON CUPOS LIMITADOS"}]},{"@type":"WebSite","@id":"https:\/\/ubirataonline.com.br\/#website","url":"https:\/\/ubirataonline.com.br\/","name":"Ubirat\u00e3 Online Not\u00edcias","description":"Not\u00edcias de Ubirat\u00e3, regi\u00e3o, Brasil e mundo, com informa\u00e7\u00e3o atualizada e compromisso com o leitor.","publisher":{"@id":"https:\/\/ubirataonline.com.br\/#organization"},"alternateName":"Ubirat\u00e3 Online","potentialAction":[{"@type":"SearchAction","target":{"@type":"EntryPoint","urlTemplate":"https:\/\/ubirataonline.com.br\/?s={search_term_string}"},"query-input":{"@type":"PropertyValueSpecification","valueRequired":true,"valueName":"search_term_string"}}],"inLanguage":"en-US"},{"@type":["Organization","Place"],"@id":"https:\/\/ubirataonline.com.br\/#organization","name":"Ubirat\u00e3 Online Not\u00edcias","alternateName":"Ubirat\u00e3 Online","url":"https:\/\/ubirataonline.com.br\/","logo":{"@id":"https:\/\/ubirataonline.com.br\/sence-abre-postulaciones-a-cursos-gratuitos-en-puerto-natales-con-cupos-limitados\/#local-main-organization-logo"},"image":{"@id":"https:\/\/ubirataonline.com.br\/sence-abre-postulaciones-a-cursos-gratuitos-en-puerto-natales-con-cupos-limitados\/#local-main-organization-logo"},"sameAs":["https:\/\/www.facebook.com\/portalubirataonline","https:\/\/x.com\/ubirataonline","https:\/\/mastodon.social\/@ubirataonline","https:\/\/www.facebook.com\/groups\/311144672285604","https:\/\/www.facebook.com\/UBTAOnline","https:\/\/www.instagram.com\/portalubirataonline\/","https:\/\/twitter.com\/ubirataonline"],"description":"Somos um portal de not\u00edcias independente, criado em 5 de janeiro de 2009, com o objetivo de informar, conectar e valorizar a nossa comunidade de Ubirat\u00e3 e toda aregi\u00e3o. Com conte\u00fado atualizado, confi\u00e1vel e relevante, o Ubirat\u00e3 Online \u00e9 o seu espa\u00e7o para ficar por dentro dos principais acontecimentos locais, regionais, Brasil, Mundo e de interesse geral. Nosso compromisso \u00e9 com a verdade, a transpar\u00eancia e o respeito ao leitor.","legalName":"UBIRATA ONLINE NOT\u00cdCIAS","foundingDate":"2009-01-05","numberOfEmployees":{"@type":"QuantitativeValue","minValue":"1","maxValue":"10"},"publishingPrinciples":"https:\/\/ubirataonline.com.br\/faq\/","address":{"@id":"https:\/\/ubirataonline.com.br\/sence-abre-postulaciones-a-cursos-gratuitos-en-puerto-natales-con-cupos-limitados\/#local-main-place-address"},"geo":{"@type":"GeoCoordinates","latitude":"-24.5361401","longitude":"-52.9921776"},"telephone":["+5544998308235"],"contactPoint":{"@type":"ContactPoint","email":"contato@ubirataonline.com.br"},"openingHoursSpecification":{"@type":"OpeningHoursSpecification","dayOfWeek":["Monday","Tuesday","Wednesday","Thursday","Friday","Saturday","Sunday"],"opens":"00:00","closes":"23:59"},"email":"contato@ubirataonline.com.br","vatID":"47.621.418\/0001-80"},{"@type":"Person","@id":"https:\/\/ubirataonline.com.br\/#\/schema\/person\/372f87bbd3fdd79b8556b84c98d0bc1c","name":"REDA\u00c7\u00c3O: UBIRAT\u00c3 ONLINE - F\u00c1BIO AUGUSTO CELESTINO","pronouns":"Ele","description":"Desde 2003 trabalhando com not\u00edcias.","sameAs":["http:\/\/ubirataoline.com.br","https:\/\/www.facebook.com\/portalubirataonline","https:\/\/www.instagram.com\/ubirataonline_oficial","https:\/\/x.com\/x.com\/ubirataonline"],"honorificPrefix":"Mr.","honorificSuffix":"MD","birthDate":"1980-06-16","gender":"masculino","award":["V\u00e1rios pr\u00eamios de melhor portal da cidade"],"jobTitle":"Diretor","url":"https:\/\/ubirataonline.com.br\/en\/author\/ubirataonline\/"},{"@type":"PostalAddress","@id":"https:\/\/ubirataonline.com.br\/sence-abre-postulaciones-a-cursos-gratuitos-en-puerto-natales-con-cupos-limitados\/#local-main-place-address","streetAddress":"Rua dos Coqueiros, 104 - Bairro Boa Vista, Rua dos Coqueiros, 104 Bairro Boa Vista","addressLocality":"UBIRATA","postalCode":"85440-000","addressRegion":"PR","addressCountry":"BR"},{"@type":"ImageObject","inLanguage":"en-US","@id":"https:\/\/ubirataonline.com.br\/sence-abre-postulaciones-a-cursos-gratuitos-en-puerto-natales-con-cupos-limitados\/#local-main-organization-logo","url":"https:\/\/ubirataonline.com.br\/wp-content\/uploads\/2026\/06\/logoubirataonline-1.webp","contentUrl":"https:\/\/ubirataonline.com.br\/wp-content\/uploads\/2026\/06\/logoubirataonline-1.webp","width":500,"height":500,"caption":"Ubirat\u00e3 Online Not\u00edcias"}]},"geo.placename":"UBIRATA","geo.position":{"lat":"-24.5361401","long":"-52.9921776"},"geo.region":"Brazil"},"_links":{"self":[{"href":"https:\/\/ubirataonline.com.br\/en\/wp-json\/wp\/v2\/posts\/98010","targetHints":{"allow":["GET"]}}],"collection":[{"href":"https:\/\/ubirataonline.com.br\/en\/wp-json\/wp\/v2\/posts"}],"about":[{"href":"https:\/\/ubirataonline.com.br\/en\/wp-json\/wp\/v2\/types\/post"}],"author":[{"embeddable":true,"href":"https:\/\/ubirataonline.com.br\/en\/wp-json\/wp\/v2\/users\/1"}],"replies":[{"embeddable":true,"href":"https:\/\/ubirataonline.com.br\/en\/wp-json\/wp\/v2\/comments?post=98010"}],"version-history":[{"count":0,"href":"https:\/\/ubirataonline.com.br\/en\/wp-json\/wp\/v2\/posts\/98010\/revisions"}],"wp:featuredmedia":[{"embeddable":true,"href":"https:\/\/ubirataonline.com.br\/en\/wp-json\/wp\/v2\/media\/98011"}],"wp:attachment":[{"href":"https:\/\/ubirataonline.com.br\/en\/wp-json\/wp\/v2\/media?parent=98010"}],"wp:term":[{"taxonomy":"category","embeddable":true,"href":"https:\/\/ubirataonline.com.br\/en\/wp-json\/wp\/v2\/categories?post=98010"},{"taxonomy":"post_tag","embeddable":true,"href":"https:\/\/ubirataonline.com.br\/en\/wp-json\/wp\/v2\/tags?post=98010"}],"curies":[{"name":"wp","href":"https:\/\/api.w.org\/{rel}","templated":true}]}}