{"id":98016,"date":"2026-03-29T07:46:49","date_gmt":"2026-03-29T10:46:49","guid":{"rendered":"https:\/\/ubirataonline.com.br\/holy-week-2026-is-here-what-are-the-dates\/"},"modified":"2026-03-29T07:46:51","modified_gmt":"2026-03-29T10:46:51","slug":"holy-week-2026-is-here-what-are-the-dates","status":"publish","type":"post","link":"https:\/\/ubirataonline.com.br\/en\/holy-week-2026-is-here-what-are-the-dates\/","title":{"rendered":"Holy Week 2026 is here. What are the dates?"},"content":{"rendered":"<p><br \/>\n<\/p>\n<div id=\"\">\n<div id=\"videoWrap\" class=\"spacer-large videoWrap\" style=\"position:relative\"><media-video video-id=\"88704860007\" title=\"Lent begins on Ash Wednesday, leading to Easter on April 12\" poster=\"https:\/\/www.gannett-cdn.com\/authoring\/videos\/stringr\/thumbnails\/88704860007.jpg\" util-module-path=\"elements\/media\" placement=\"snow-video-story-priority\"><\/p>\n<div id=\"uwVideoPlaceholder\" slot=\"placeholder\" style=\"z-index:19;width:100%;padding-bottom:56.25%;position:relative\">\n<div class=\"vidplaybtn\" style=\"display:-moz-box;display:-ms-flexbox;display:-webkit-flex;display:flex;background-color:rgba(0,0,0,.4);border:2px solid #fff;border-radius:80px;cursor:pointer;height:80px;width:80px;position:absolute;top:50%;left:50%;transform:translate(-50%,-50%);z-index:10\"><img decoding=\"async\" class=\"vidplayicon\" src=\"https:\/\/www.gannett-cdn.com\/appservices\/universal-web\/universal\/icons\/icon-play-alt-white.svg\" alt=\"play\" style=\"height:40px;margin:auto 18px auto 27px;width:40px\"\/><\/div>\n<\/div>\n<div slot=\"videoDetails\" id=\"videoDetails\" class=\"videoDetails\" style=\"padding-top:8px;padding-bottom:8px\">\n<div id=\"videoDetailsContainer\" class=\"videoDetailsContainer\" hidden=\"\">\n<p>Lent begins on Ash Wednesday, leading to Easter on April 12<\/p>\n<p>Ash Wednesday begins the Christian season of Lent, a 40\u2011day period of fasting and reflection that leads up to the celebration of Easter<\/p>\n<\/div>\n<\/div>\n<p><\/media-video><\/div>\n<p>Holy Week marks the final week of Lent for Christians and leads up to Easter Sunday.<\/p>\n<partner-banner util-module-path=\"elements\/partner\" class=\"spacer-large\" min-height=\"600\" fluid=\"\" outstream=\"\" momentum=\"\"\/>\n<p>In 2026, Holy Week runs from <a href=\"https:\/\/www.usatoday.com\/story\/news\/nation\/2025\/04\/12\/what-is-palm-sunday-2025\/83036029007\/\" data-type=\"link\" data-id=\"https:\/\/www.usatoday.com\/story\/news\/nation\/2025\/04\/12\/what-is-palm-sunday-2025\/83036029007\/\">Palm Sunday on March 29<\/a> through<a href=\"https:\/\/www.usatoday.com\/story\/news\/nation\/2025\/04\/19\/easter-sunday-2025-meaning\/83157733007\/\" data-type=\"link\" data-id=\"https:\/\/www.usatoday.com\/story\/news\/nation\/2025\/04\/19\/easter-sunday-2025-meaning\/83157733007\/\"> Easter Sunday on April 5<\/a>, commemorating the events leading up to Jesus Christ\u2019s crucifixion and celebrating his resurrection.<\/p>\n<p>Holy Week will overlap with <a href=\"https:\/\/www.usatoday.com\/story\/news\/nation\/2022\/04\/13\/passover-jewish-holiday\/7287839001\/\" data-type=\"link\" data-id=\"https:\/\/www.usatoday.com\/story\/news\/nation\/2022\/04\/13\/passover-jewish-holiday\/7287839001\/\">Passover<\/a>, the Jewish holiday marking the Israelites\u2019 exodus from Egypt. Passover begins April 1 and ends April 9.<\/p>\n<p>Here\u2019s what to know about Holy Week and the holidays it includes.<\/p>\n<p><media-gallery-promo asset-id=\"83071930007\" class=\"column ten-column no-gutter spacer-large\"\/><\/p>\n<p class=\"related-link\"><span class=\"exclude-from-newsgate\"><strong style=\"margin-right:3px\">How much do we spend on Easter? <\/strong><a href=\"https:\/\/www.usatoday.com\/story\/graphics\/2026\/03\/24\/easter-spending-new-high-2026-candy-gifts\/89297997007\/\" rel=\"noreferrer\" target=\"_blank\">As much as $25 billion could be spent in 2026<\/a><\/span><\/p>\n<h2 class=\"presto-h2 wp-block-heading\">What Christian holidays occur during Holy Week?<\/h2>\n<p>During Holy Week, the following major Christian holidays will take place:<\/p>\n<ul class=\"wp-block-list\">\n<li><strong>Palm Sunday<\/strong>&#8211; March 29<\/li>\n<li><strong>Holy Thursday<\/strong>&#8211; April 2<\/li>\n<li><strong>Good Friday-<\/strong> April 3<\/li>\n<li><strong>Easter Sunday<\/strong>&#8211; April 5<\/li>\n<\/ul>\n<h2 class=\"presto-h2 wp-block-heading\">What is Palm Sunday?<\/h2>\n<p>Palm Sunday is celebrated by Christians by\u00a0reenacting Jesus\u2019 entry into Jerusalem with processions, <a href=\"https:\/\/www.floridatoday.com\/story\/news\/2026\/03\/27\/when-what-holy-week-palm-sunday-origins-why-celebrate-easter-dates-calendar\/89320228007\/\" data-type=\"link\" data-id=\"https:\/\/www.floridatoday.com\/story\/news\/2026\/03\/27\/when-what-holy-week-palm-sunday-origins-why-celebrate-easter-dates-calendar\/89320228007\/\" target=\"_blank\" rel=\"noreferrer noopener\">waving palm branches<\/a>, and conducting special church services.<\/p>\n<h2 class=\"presto-h2 wp-block-heading\">What is Holy Thursday?<\/h2>\n<p><a href=\"https:\/\/pcusa.org\/about-pcusa\/agencies-entities\/interim-unified-agency\/ministry-areas\/theology-worship\/worship\/christian-year\/maundy-thursday\" data-type=\"link\" data-id=\"https:\/\/pcusa.org\/about-pcusa\/agencies-entities\/interim-unified-agency\/ministry-areas\/theology-worship\/worship\/christian-year\/maundy-thursday\" target=\"_blank\" rel=\"noreferrer noopener\">Maundy Thursday, or Holy Thursday<\/a>,\u00a0commemorates the Last Supper of Jesus Christ with his disciples, marking the institution of Holy Communion and the washing of feet, symbolizing humility and service, according to the Presbyterian Church.<\/p>\n<partner-banner util-module-path=\"elements\/partner\" fluid=\"\" bottom=\"\" lazy=\"\" class=\"spacer-large\" min-height=\"390\" outstream=\"\"\/><media-image image-set=\"https:\/\/www.gannett-cdn.com\/authoring\/authoring-images\/2026\/03\/24\/USAT\/89303530007-getty-images-1459459753.jpg bestCrop, https:\/\/www.gannett-cdn.com\/authoring\/authoring-images\/2026\/03\/24\/USAT\/89303530007-getty-images-1459459753.jpg?crop=4999,3749,x625,y0 4:3, https:\/\/www.gannett-cdn.com\/authoring\/authoring-images\/2026\/03\/24\/USAT\/89303530007-getty-images-1459459753.jpg?crop=2813,3749,x1718,y0 3:4, https:\/\/www.gannett-cdn.com\/authoring\/authoring-images\/2026\/03\/24\/USAT\/89303530007-getty-images-1459459753.jpg?crop=6249,3515,x0,y117 16:9\" image-alt=\"\" credit=\"Imaagio, Getty Images\" caption=\"In 2026, Holy Week, which leads up to Easter Sunday, will behing on Palm Sunday, March 29.\" orientation=\"horizontal\" class=\"spacer-large\" util-module-path=\"elements\/media\"\/><\/p>\n<h2 class=\"presto-h2 wp-block-heading\">What is Good Friday?<\/h2>\n<p><a href=\"https:\/\/www.usatoday.com\/story\/news\/nation\/2025\/04\/17\/what-is-good-friday-2025\/83126812007\/\" data-type=\"link\" data-id=\"https:\/\/www.usatoday.com\/story\/news\/nation\/2025\/04\/17\/what-is-good-friday-2025\/83126812007\/\">Good Friday<\/a>, observed on Friday, April 3, marks the crucifixion of Jesus Christ and is one of the most solemn days of the Christian calendar.<\/p>\n<partner-inline util-module-path=\"elements\/partner\" class=\"spacer-large\" placement=\"native-article_link\" sizes=\"[[300, 250], [3, 3]]\" min-height=\"250\" fluid=\"\" outstream=\"\"\/>\n<p>According to Christian belief, Jesus was arrested, tried by Roman authorities and sentenced to death by crucifixion. The day is observed with mourning, reflection and special church services.<\/p>\n<p><cta-atoms-container-inline util-module-path=\"elements\/cta\" class=\"spacer-large\"\/><\/p>\n<h2 class=\"presto-h2 wp-block-heading\">What is Easter Sunday?<\/h2>\n<p><a href=\"https:\/\/www.usatoday.com\/story\/news\/nation\/2025\/04\/19\/easter-sunday-2025-meaning\/83157733007\/\" data-type=\"link\" data-id=\"https:\/\/www.usatoday.com\/story\/news\/nation\/2025\/04\/19\/easter-sunday-2025-meaning\/83157733007\/\">Easter Sunday<\/a> celebrates the resurrection of Jesus Christ, which Christians believe occurred three days after his crucifixion, according to the Bible.<\/p>\n<p>Of all the Christian holidays, Easter Sunday is considered to be the &#8220;<a href=\"https:\/\/www.usatoday.com\/story\/news\/nation\/2022\/04\/14\/easter-bunny-eggs-symbols\/7280512001\/\" data-type=\"link\" data-id=\"https:\/\/www.usatoday.com\/story\/news\/nation\/2022\/04\/14\/easter-bunny-eggs-symbols\/7280512001\/\">biggest day of the church calendar<\/a>,&#8221; Nadieszda Kizenko, the director of religious studies at the University at Albany, previously told USA TODAY.<\/p>\n<partner-banner util-module-path=\"elements\/partner\" fluid=\"\" bottom=\"\" lazy=\"\" class=\"spacer-large\" min-height=\"600\" outstream=\"\" momentum=\"\"\/><partner-inline util-module-path=\"elements\/partner\" placement=\"native-article_link\" sizes=\"[[300, 250], [3, 3]]\" min-height=\"250\" fluid=\"\" outstream=\"\"\/>\n<p>Unlike many holidays, Easter does not fall on a fixed date. Known as a <a href=\"https:\/\/www.almanac.com\/content\/when-is-easter\" data-type=\"link\" data-id=\"https:\/\/www.almanac.com\/content\/when-is-easter\" target=\"_blank\" rel=\"noreferrer noopener\">\u201cmovable feast,\u201d<\/a> it is observed on the first Sunday after the first full Easter moon following the spring equinox, according to the Old Farmer\u2019s Almanac.<\/p>\n<p><em>Contributing: <a href=\"https:\/\/www.palmbeachpost.com\/staff\/10117762002\/lianna-norman\/\">Lianna Norman<\/a>, <a href=\"https:\/\/www.usatoday.com\/staff\/5133245001\/amaris-encinas\/\">Amaris Encinas<\/a>, <a href=\"https:\/\/www.usatoday.com\/staff\/4281063001\/jordan-mendoza\/\">Jordan Mendoza<\/a>; USA TODAY NETWORK<\/em><\/p>\n<p><em>Julia Gomez is a Trending reporter for USA TODAY and covers popular toys, scientific studies, natural disasters, holidays, and trending news. Connect with her on\u00a0<a href=\"https:\/\/www.linkedin.com\/in\/juliamgomez\/\" target=\"_blank\" rel=\"noreferrer noopener\">LinkedIn<\/a>,\u00a0<a href=\"https:\/\/twitter.com\/JuliaMarieGZ\" target=\"_blank\" rel=\"noreferrer noopener\">X<\/a>,\u00a0<a href=\"https:\/\/www.instagram.com\/juliamariegz\/\" target=\"_blank\" rel=\"noreferrer noopener\">Instagram<\/a>, and\u00a0<a href=\"https:\/\/www.tiktok.com\/@juliamariegz\" target=\"_blank\" rel=\"noreferrer noopener\">TikTok<\/a>: @juliamariegz, or email her at jgomez@gannett.com<\/em>.<\/p>\n<lit-timestamp class=\"column ten-column no-gutter spacer-small\" slot=\"timestamp\" publishdate=\"2026-03-29 10:02:28.531419391 +0000 UTC\" updatedate=\"2026-03-29 10:02:28.531419391 +0000 UTC\"\/><\/div>\n<p><script async src=\"\/\/platform.twitter.com\/widgets.js\" charset=\"utf-8\"><\/script><script async src=\"\/\/www.instagram.com\/embed.js\"><\/script><script async src=\"\/\/www.tiktok.com\/embed.js\"><\/script><br \/>\n<br \/><br \/>\n<br \/><a href=\"https:\/\/www.usatoday.com\/story\/news\/world\/2026\/03\/29\/holy-week-2026-dates\/89303497007\/\">Source link <\/a><\/p>\n","protected":false},"excerpt":{"rendered":"<p>Lent begins on Ash Wednesday, leading to Easter on April 12 Ash Wednesday begins the Christian season of Lent, a 40\u2011day period of fasting and reflection that leads up to the celebration of Easter Holy Week marks the final week of Lent for Christians and leads up to Easter Sunday. In 2026, Holy Week runs [&hellip;]<\/p>\n","protected":false},"author":1,"featured_media":98017,"comment_status":"closed","ping_status":"","sticky":false,"template":"","format":"standard","meta":{"googlesitekit_rrm_CAow2JLhCw:productID":"","_gspb_post_css":"","maa_idioma":"","maa_pais":"","footnotes":""},"categories":[1],"tags":[12089,13126,4056],"class_list":["post-98016","post","type-post","status-publish","format-standard","has-post-thumbnail","hentry","category-ubirata","tag-dates","tag-holy","tag-week"],"blocksy_meta":[],"yoast_head":"<!-- This site is optimized with the Yoast SEO Premium plugin v27.6 (Yoast SEO v27.6) - https:\/\/yoast.com\/product\/yoast-seo-premium-wordpress\/ -->\n<title>Holy Week 2026 is here. What are the dates? - Ubirat\u00e3 Online Not\u00edcias - A realidade ao seu alcance!<\/title>\n<meta name=\"description\" content=\"Lent begins on Ash Wednesday, leading to Easter on April 12Ash Wednesday begins the Christian season of Lent, a 40\u2011day period of fasting and reflection\" \/>\n<meta name=\"robots\" content=\"index, follow, max-snippet:-1, max-image-preview:large, max-video-preview:-1\" \/>\n<link rel=\"canonical\" href=\"https:\/\/ubirataonline.com.br\/en\/holy-week-2026-is-here-what-are-the-dates\/\" \/>\n<meta property=\"og:locale\" content=\"en_US\" \/>\n<meta property=\"og:type\" content=\"article\" \/>\n<meta property=\"og:title\" content=\"Holy Week 2026 is here. What are the dates?\" \/>\n<meta property=\"og:description\" content=\"Lent begins on Ash Wednesday, leading to Easter on April 12Ash Wednesday begins the Christian season of Lent, a 40\u2011day period of fasting and reflection\" \/>\n<meta property=\"og:url\" content=\"https:\/\/ubirataonline.com.br\/en\/holy-week-2026-is-here-what-are-the-dates\/\" \/>\n<meta property=\"og:site_name\" content=\"Ubirat\u00e3 Online Not\u00edcias - A realidade ao seu alcance!\" \/>\n<meta property=\"article:publisher\" content=\"https:\/\/www.facebook.com\/portalubirataonline\" \/>\n<meta property=\"article:author\" content=\"https:\/\/www.facebook.com\/portalubirataonline\" \/>\n<meta property=\"article:published_time\" content=\"2026-03-29T10:46:49+00:00\" \/>\n<meta property=\"article:modified_time\" content=\"2026-03-29T10:46:51+00:00\" \/>\n<meta property=\"og:image\" content=\"https:\/\/ubirataonline.com.br\/wp-content\/uploads\/2026\/03\/Holy-Week-2026-is-here-What-are-the-dates.jpg\" \/>\n\t<meta property=\"og:image:width\" content=\"1200\" \/>\n\t<meta property=\"og:image:height\" content=\"675\" \/>\n\t<meta property=\"og:image:type\" content=\"image\/jpeg\" \/>\n<meta name=\"author\" content=\"REDA\u00c7\u00c3O: UBIRAT\u00c3 ONLINE - F\u00c1BIO AUGUSTO CELESTINO\" \/>\n<meta name=\"twitter:card\" content=\"summary_large_image\" \/>\n<meta name=\"twitter:creator\" content=\"@x.com\/ubirataonline\" \/>\n<meta name=\"twitter:site\" content=\"@ubirataonline\" \/>\n<meta name=\"twitter:label1\" content=\"Written by\" \/>\n\t<meta name=\"twitter:data1\" content=\"REDA\u00c7\u00c3O: UBIRAT\u00c3 ONLINE - F\u00c1BIO AUGUSTO CELESTINO\" \/>\n\t<meta name=\"twitter:label2\" content=\"Est. reading time\" \/>\n\t<meta name=\"twitter:data2\" content=\"2 minutes\" \/>\n<script type=\"application\/ld+json\" class=\"yoast-schema-graph\">{\"@context\":\"https:\\\/\\\/schema.org\",\"@graph\":[{\"@type\":\"NewsArticle\",\"@id\":\"https:\\\/\\\/ubirataonline.com.br\\\/holy-week-2026-is-here-what-are-the-dates\\\/#article\",\"isPartOf\":{\"@id\":\"https:\\\/\\\/ubirataonline.com.br\\\/holy-week-2026-is-here-what-are-the-dates\\\/\"},\"author\":{\"name\":\"REDA\u00c7\u00c3O: UBIRAT\u00c3 ONLINE - F\u00c1BIO AUGUSTO CELESTINO\",\"@id\":\"https:\\\/\\\/ubirataonline.com.br\\\/#\\\/schema\\\/person\\\/372f87bbd3fdd79b8556b84c98d0bc1c\"},\"headline\":\"Holy Week 2026 is here. What are the dates?\",\"datePublished\":\"2026-03-29T10:46:49+00:00\",\"dateModified\":\"2026-03-29T10:46:51+00:00\",\"mainEntityOfPage\":{\"@id\":\"https:\\\/\\\/ubirataonline.com.br\\\/holy-week-2026-is-here-what-are-the-dates\\\/\"},\"wordCount\":436,\"publisher\":{\"@id\":\"https:\\\/\\\/ubirataonline.com.br\\\/#organization\"},\"image\":{\"@id\":\"https:\\\/\\\/ubirataonline.com.br\\\/holy-week-2026-is-here-what-are-the-dates\\\/#primaryimage\"},\"thumbnailUrl\":\"https:\\\/\\\/ubirataonline.com.br\\\/wp-content\\\/uploads\\\/2026\\\/03\\\/Holy-Week-2026-is-here-What-are-the-dates.jpg\",\"keywords\":[\"dates\",\"Holy\",\"Week\"],\"articleSection\":[\"Ubirat\u00e3\"],\"inLanguage\":\"en-US\",\"copyrightYear\":\"2026\",\"copyrightHolder\":{\"@id\":\"https:\\\/\\\/ubirataonline.com.br\\\/en\\\/#organization\"}},{\"@type\":\"WebPage\",\"@id\":\"https:\\\/\\\/ubirataonline.com.br\\\/holy-week-2026-is-here-what-are-the-dates\\\/\",\"url\":\"https:\\\/\\\/ubirataonline.com.br\\\/holy-week-2026-is-here-what-are-the-dates\\\/\",\"name\":\"Holy Week 2026 is here. What are the dates? - Ubirat\u00e3 Online Not\u00edcias - A realidade ao seu alcance!\",\"isPartOf\":{\"@id\":\"https:\\\/\\\/ubirataonline.com.br\\\/#website\"},\"primaryImageOfPage\":{\"@id\":\"https:\\\/\\\/ubirataonline.com.br\\\/holy-week-2026-is-here-what-are-the-dates\\\/#primaryimage\"},\"image\":{\"@id\":\"https:\\\/\\\/ubirataonline.com.br\\\/holy-week-2026-is-here-what-are-the-dates\\\/#primaryimage\"},\"thumbnailUrl\":\"https:\\\/\\\/ubirataonline.com.br\\\/wp-content\\\/uploads\\\/2026\\\/03\\\/Holy-Week-2026-is-here-What-are-the-dates.jpg\",\"datePublished\":\"2026-03-29T10:46:49+00:00\",\"dateModified\":\"2026-03-29T10:46:51+00:00\",\"description\":\"Lent begins on Ash Wednesday, leading to Easter on April 12Ash Wednesday begins the Christian season of Lent, a 40\u2011day period of fasting and reflection\",\"breadcrumb\":{\"@id\":\"https:\\\/\\\/ubirataonline.com.br\\\/holy-week-2026-is-here-what-are-the-dates\\\/#breadcrumb\"},\"inLanguage\":\"en-US\",\"potentialAction\":[{\"@type\":\"ReadAction\",\"target\":[\"https:\\\/\\\/ubirataonline.com.br\\\/holy-week-2026-is-here-what-are-the-dates\\\/\"]}]},{\"@type\":\"ImageObject\",\"inLanguage\":\"en-US\",\"@id\":\"https:\\\/\\\/ubirataonline.com.br\\\/holy-week-2026-is-here-what-are-the-dates\\\/#primaryimage\",\"url\":\"https:\\\/\\\/ubirataonline.com.br\\\/wp-content\\\/uploads\\\/2026\\\/03\\\/Holy-Week-2026-is-here-What-are-the-dates.jpg\",\"contentUrl\":\"https:\\\/\\\/ubirataonline.com.br\\\/wp-content\\\/uploads\\\/2026\\\/03\\\/Holy-Week-2026-is-here-What-are-the-dates.jpg\",\"width\":1200,\"height\":675,\"caption\":\"Holy Week 2026 is here. What are the dates?\"},{\"@type\":\"BreadcrumbList\",\"@id\":\"https:\\\/\\\/ubirataonline.com.br\\\/holy-week-2026-is-here-what-are-the-dates\\\/#breadcrumb\",\"itemListElement\":[{\"@type\":\"ListItem\",\"position\":1,\"name\":\"In\u00edcio\",\"item\":\"https:\\\/\\\/ubirataonline.com.br\\\/\"},{\"@type\":\"ListItem\",\"position\":2,\"name\":\"Holy Week 2026 is here. What are the dates?\"}]},{\"@type\":\"WebSite\",\"@id\":\"https:\\\/\\\/ubirataonline.com.br\\\/#website\",\"url\":\"https:\\\/\\\/ubirataonline.com.br\\\/\",\"name\":\"Ubirat\u00e3 Online Not\u00edcias\",\"description\":\"Not\u00edcias de Ubirat\u00e3, regi\u00e3o, Brasil e mundo, com informa\u00e7\u00e3o atualizada e compromisso com o leitor.\",\"publisher\":{\"@id\":\"https:\\\/\\\/ubirataonline.com.br\\\/#organization\"},\"alternateName\":\"Ubirat\u00e3 Online\",\"potentialAction\":[{\"@type\":\"SearchAction\",\"target\":{\"@type\":\"EntryPoint\",\"urlTemplate\":\"https:\\\/\\\/ubirataonline.com.br\\\/?s={search_term_string}\"},\"query-input\":{\"@type\":\"PropertyValueSpecification\",\"valueRequired\":true,\"valueName\":\"search_term_string\"}}],\"inLanguage\":\"en-US\"},{\"@type\":[\"Organization\",\"Place\"],\"@id\":\"https:\\\/\\\/ubirataonline.com.br\\\/#organization\",\"name\":\"Ubirat\u00e3 Online Not\u00edcias\",\"alternateName\":\"Ubirat\u00e3 Online\",\"url\":\"https:\\\/\\\/ubirataonline.com.br\\\/\",\"logo\":{\"@id\":\"https:\\\/\\\/ubirataonline.com.br\\\/holy-week-2026-is-here-what-are-the-dates\\\/#local-main-organization-logo\"},\"image\":{\"@id\":\"https:\\\/\\\/ubirataonline.com.br\\\/holy-week-2026-is-here-what-are-the-dates\\\/#local-main-organization-logo\"},\"sameAs\":[\"https:\\\/\\\/www.facebook.com\\\/portalubirataonline\",\"https:\\\/\\\/x.com\\\/ubirataonline\",\"https:\\\/\\\/mastodon.social\\\/@ubirataonline\",\"https:\\\/\\\/www.facebook.com\\\/groups\\\/311144672285604\",\"https:\\\/\\\/www.facebook.com\\\/UBTAOnline\",\"https:\\\/\\\/www.instagram.com\\\/portalubirataonline\\\/\",\"https:\\\/\\\/twitter.com\\\/ubirataonline\"],\"description\":\"Somos um portal de not\u00edcias independente, criado em 5 de janeiro de 2009, com o objetivo de informar, conectar e valorizar a nossa comunidade de Ubirat\u00e3 e toda aregi\u00e3o. Com conte\u00fado atualizado, confi\u00e1vel e relevante, o Ubirat\u00e3 Online \u00e9 o seu espa\u00e7o para ficar por dentro dos principais acontecimentos locais, regionais, Brasil, Mundo e de interesse geral. Nosso compromisso \u00e9 com a verdade, a transpar\u00eancia e o respeito ao leitor.\",\"legalName\":\"UBIRATA ONLINE NOT\u00cdCIAS\",\"foundingDate\":\"2009-01-05\",\"numberOfEmployees\":{\"@type\":\"QuantitativeValue\",\"minValue\":\"1\",\"maxValue\":\"10\"},\"publishingPrinciples\":\"https:\\\/\\\/ubirataonline.com.br\\\/faq\\\/\",\"address\":{\"@id\":\"https:\\\/\\\/ubirataonline.com.br\\\/holy-week-2026-is-here-what-are-the-dates\\\/#local-main-place-address\"},\"geo\":{\"@type\":\"GeoCoordinates\",\"latitude\":\"-24.5361401\",\"longitude\":\"-52.9921776\"},\"telephone\":[\"+5544998308235\"],\"contactPoint\":{\"@type\":\"ContactPoint\",\"email\":\"contato@ubirataonline.com.br\"},\"openingHoursSpecification\":{\"@type\":\"OpeningHoursSpecification\",\"dayOfWeek\":[\"Monday\",\"Tuesday\",\"Wednesday\",\"Thursday\",\"Friday\",\"Saturday\",\"Sunday\"],\"opens\":\"00:00\",\"closes\":\"23:59\"},\"email\":\"contato@ubirataonline.com.br\",\"vatID\":\"47.621.418\\\/0001-80\"},{\"@type\":\"Person\",\"@id\":\"https:\\\/\\\/ubirataonline.com.br\\\/#\\\/schema\\\/person\\\/372f87bbd3fdd79b8556b84c98d0bc1c\",\"name\":\"REDA\u00c7\u00c3O: UBIRAT\u00c3 ONLINE - F\u00c1BIO AUGUSTO CELESTINO\",\"pronouns\":\"Ele\",\"description\":\"Desde 2003 trabalhando com not\u00edcias.\",\"sameAs\":[\"http:\\\/\\\/ubirataoline.com.br\",\"https:\\\/\\\/www.facebook.com\\\/portalubirataonline\",\"https:\\\/\\\/www.instagram.com\\\/ubirataonline_oficial\",\"https:\\\/\\\/x.com\\\/x.com\\\/ubirataonline\"],\"honorificPrefix\":\"Mr.\",\"honorificSuffix\":\"MD\",\"birthDate\":\"1980-06-16\",\"gender\":\"masculino\",\"award\":[\"V\u00e1rios pr\u00eamios de melhor portal da cidade\"],\"jobTitle\":\"Diretor\",\"url\":\"https:\\\/\\\/ubirataonline.com.br\\\/en\\\/author\\\/ubirataonline\\\/\"},{\"@type\":\"PostalAddress\",\"@id\":\"https:\\\/\\\/ubirataonline.com.br\\\/holy-week-2026-is-here-what-are-the-dates\\\/#local-main-place-address\",\"streetAddress\":\"Rua dos Coqueiros, 104 - Bairro Boa Vista, Rua dos Coqueiros, 104 Bairro Boa Vista\",\"addressLocality\":\"UBIRATA\",\"postalCode\":\"85440-000\",\"addressRegion\":\"PR\",\"addressCountry\":\"BR\"},{\"@type\":\"ImageObject\",\"inLanguage\":\"en-US\",\"@id\":\"https:\\\/\\\/ubirataonline.com.br\\\/holy-week-2026-is-here-what-are-the-dates\\\/#local-main-organization-logo\",\"url\":\"https:\\\/\\\/ubirataonline.com.br\\\/wp-content\\\/uploads\\\/2026\\\/06\\\/logoubirataonline-1.webp\",\"contentUrl\":\"https:\\\/\\\/ubirataonline.com.br\\\/wp-content\\\/uploads\\\/2026\\\/06\\\/logoubirataonline-1.webp\",\"width\":500,\"height\":500,\"caption\":\"Ubirat\u00e3 Online Not\u00edcias\"}]}<\/script>\n<meta name=\"geo.placename\" content=\"UBIRATA\" \/>\n<meta name=\"geo.position\" content=\"-24.5361401;-52.9921776\" \/>\n<meta name=\"geo.region\" content=\"Brazil\" \/>\n<!-- \/ Yoast SEO Premium plugin. -->","yoast_head_json":{"title":"Holy Week 2026 is here. What are the dates? - Ubirat\u00e3 Online Not\u00edcias - A realidade ao seu alcance!","description":"Lent begins on Ash Wednesday, leading to Easter on April 12Ash Wednesday begins the Christian season of Lent, a 40\u2011day period of fasting and reflection","robots":{"index":"index","follow":"follow","max-snippet":"max-snippet:-1","max-image-preview":"max-image-preview:large","max-video-preview":"max-video-preview:-1"},"canonical":"https:\/\/ubirataonline.com.br\/en\/holy-week-2026-is-here-what-are-the-dates\/","og_locale":"en_US","og_type":"article","og_title":"Holy Week 2026 is here. What are the dates?","og_description":"Lent begins on Ash Wednesday, leading to Easter on April 12Ash Wednesday begins the Christian season of Lent, a 40\u2011day period of fasting and reflection","og_url":"https:\/\/ubirataonline.com.br\/en\/holy-week-2026-is-here-what-are-the-dates\/","og_site_name":"Ubirat\u00e3 Online Not\u00edcias - A realidade ao seu alcance!","article_publisher":"https:\/\/www.facebook.com\/portalubirataonline","article_author":"https:\/\/www.facebook.com\/portalubirataonline","article_published_time":"2026-03-29T10:46:49+00:00","article_modified_time":"2026-03-29T10:46:51+00:00","og_image":[{"width":1200,"height":675,"url":"https:\/\/ubirataonline.com.br\/wp-content\/uploads\/2026\/03\/Holy-Week-2026-is-here-What-are-the-dates.jpg","type":"image\/jpeg"}],"author":"REDA\u00c7\u00c3O: UBIRAT\u00c3 ONLINE - F\u00c1BIO AUGUSTO CELESTINO","twitter_card":"summary_large_image","twitter_creator":"@x.com\/ubirataonline","twitter_site":"@ubirataonline","twitter_misc":{"Written by":"REDA\u00c7\u00c3O: UBIRAT\u00c3 ONLINE - F\u00c1BIO AUGUSTO CELESTINO","Est. reading time":"2 minutes"},"schema":{"@context":"https:\/\/schema.org","@graph":[{"@type":"NewsArticle","@id":"https:\/\/ubirataonline.com.br\/holy-week-2026-is-here-what-are-the-dates\/#article","isPartOf":{"@id":"https:\/\/ubirataonline.com.br\/holy-week-2026-is-here-what-are-the-dates\/"},"author":{"name":"REDA\u00c7\u00c3O: UBIRAT\u00c3 ONLINE - F\u00c1BIO AUGUSTO CELESTINO","@id":"https:\/\/ubirataonline.com.br\/#\/schema\/person\/372f87bbd3fdd79b8556b84c98d0bc1c"},"headline":"Holy Week 2026 is here. What are the dates?","datePublished":"2026-03-29T10:46:49+00:00","dateModified":"2026-03-29T10:46:51+00:00","mainEntityOfPage":{"@id":"https:\/\/ubirataonline.com.br\/holy-week-2026-is-here-what-are-the-dates\/"},"wordCount":436,"publisher":{"@id":"https:\/\/ubirataonline.com.br\/#organization"},"image":{"@id":"https:\/\/ubirataonline.com.br\/holy-week-2026-is-here-what-are-the-dates\/#primaryimage"},"thumbnailUrl":"https:\/\/ubirataonline.com.br\/wp-content\/uploads\/2026\/03\/Holy-Week-2026-is-here-What-are-the-dates.jpg","keywords":["dates","Holy","Week"],"articleSection":["Ubirat\u00e3"],"inLanguage":"en-US","copyrightYear":"2026","copyrightHolder":{"@id":"https:\/\/ubirataonline.com.br\/en\/#organization"}},{"@type":"WebPage","@id":"https:\/\/ubirataonline.com.br\/holy-week-2026-is-here-what-are-the-dates\/","url":"https:\/\/ubirataonline.com.br\/holy-week-2026-is-here-what-are-the-dates\/","name":"Holy Week 2026 is here. What are the dates? - Ubirat\u00e3 Online Not\u00edcias - A realidade ao seu alcance!","isPartOf":{"@id":"https:\/\/ubirataonline.com.br\/#website"},"primaryImageOfPage":{"@id":"https:\/\/ubirataonline.com.br\/holy-week-2026-is-here-what-are-the-dates\/#primaryimage"},"image":{"@id":"https:\/\/ubirataonline.com.br\/holy-week-2026-is-here-what-are-the-dates\/#primaryimage"},"thumbnailUrl":"https:\/\/ubirataonline.com.br\/wp-content\/uploads\/2026\/03\/Holy-Week-2026-is-here-What-are-the-dates.jpg","datePublished":"2026-03-29T10:46:49+00:00","dateModified":"2026-03-29T10:46:51+00:00","description":"Lent begins on Ash Wednesday, leading to Easter on April 12Ash Wednesday begins the Christian season of Lent, a 40\u2011day period of fasting and reflection","breadcrumb":{"@id":"https:\/\/ubirataonline.com.br\/holy-week-2026-is-here-what-are-the-dates\/#breadcrumb"},"inLanguage":"en-US","potentialAction":[{"@type":"ReadAction","target":["https:\/\/ubirataonline.com.br\/holy-week-2026-is-here-what-are-the-dates\/"]}]},{"@type":"ImageObject","inLanguage":"en-US","@id":"https:\/\/ubirataonline.com.br\/holy-week-2026-is-here-what-are-the-dates\/#primaryimage","url":"https:\/\/ubirataonline.com.br\/wp-content\/uploads\/2026\/03\/Holy-Week-2026-is-here-What-are-the-dates.jpg","contentUrl":"https:\/\/ubirataonline.com.br\/wp-content\/uploads\/2026\/03\/Holy-Week-2026-is-here-What-are-the-dates.jpg","width":1200,"height":675,"caption":"Holy Week 2026 is here. What are the dates?"},{"@type":"BreadcrumbList","@id":"https:\/\/ubirataonline.com.br\/holy-week-2026-is-here-what-are-the-dates\/#breadcrumb","itemListElement":[{"@type":"ListItem","position":1,"name":"In\u00edcio","item":"https:\/\/ubirataonline.com.br\/"},{"@type":"ListItem","position":2,"name":"Holy Week 2026 is here. What are the dates?"}]},{"@type":"WebSite","@id":"https:\/\/ubirataonline.com.br\/#website","url":"https:\/\/ubirataonline.com.br\/","name":"Ubirat\u00e3 Online Not\u00edcias","description":"Not\u00edcias de Ubirat\u00e3, regi\u00e3o, Brasil e mundo, com informa\u00e7\u00e3o atualizada e compromisso com o leitor.","publisher":{"@id":"https:\/\/ubirataonline.com.br\/#organization"},"alternateName":"Ubirat\u00e3 Online","potentialAction":[{"@type":"SearchAction","target":{"@type":"EntryPoint","urlTemplate":"https:\/\/ubirataonline.com.br\/?s={search_term_string}"},"query-input":{"@type":"PropertyValueSpecification","valueRequired":true,"valueName":"search_term_string"}}],"inLanguage":"en-US"},{"@type":["Organization","Place"],"@id":"https:\/\/ubirataonline.com.br\/#organization","name":"Ubirat\u00e3 Online Not\u00edcias","alternateName":"Ubirat\u00e3 Online","url":"https:\/\/ubirataonline.com.br\/","logo":{"@id":"https:\/\/ubirataonline.com.br\/holy-week-2026-is-here-what-are-the-dates\/#local-main-organization-logo"},"image":{"@id":"https:\/\/ubirataonline.com.br\/holy-week-2026-is-here-what-are-the-dates\/#local-main-organization-logo"},"sameAs":["https:\/\/www.facebook.com\/portalubirataonline","https:\/\/x.com\/ubirataonline","https:\/\/mastodon.social\/@ubirataonline","https:\/\/www.facebook.com\/groups\/311144672285604","https:\/\/www.facebook.com\/UBTAOnline","https:\/\/www.instagram.com\/portalubirataonline\/","https:\/\/twitter.com\/ubirataonline"],"description":"Somos um portal de not\u00edcias independente, criado em 5 de janeiro de 2009, com o objetivo de informar, conectar e valorizar a nossa comunidade de Ubirat\u00e3 e toda aregi\u00e3o. Com conte\u00fado atualizado, confi\u00e1vel e relevante, o Ubirat\u00e3 Online \u00e9 o seu espa\u00e7o para ficar por dentro dos principais acontecimentos locais, regionais, Brasil, Mundo e de interesse geral. Nosso compromisso \u00e9 com a verdade, a transpar\u00eancia e o respeito ao leitor.","legalName":"UBIRATA ONLINE NOT\u00cdCIAS","foundingDate":"2009-01-05","numberOfEmployees":{"@type":"QuantitativeValue","minValue":"1","maxValue":"10"},"publishingPrinciples":"https:\/\/ubirataonline.com.br\/faq\/","address":{"@id":"https:\/\/ubirataonline.com.br\/holy-week-2026-is-here-what-are-the-dates\/#local-main-place-address"},"geo":{"@type":"GeoCoordinates","latitude":"-24.5361401","longitude":"-52.9921776"},"telephone":["+5544998308235"],"contactPoint":{"@type":"ContactPoint","email":"contato@ubirataonline.com.br"},"openingHoursSpecification":{"@type":"OpeningHoursSpecification","dayOfWeek":["Monday","Tuesday","Wednesday","Thursday","Friday","Saturday","Sunday"],"opens":"00:00","closes":"23:59"},"email":"contato@ubirataonline.com.br","vatID":"47.621.418\/0001-80"},{"@type":"Person","@id":"https:\/\/ubirataonline.com.br\/#\/schema\/person\/372f87bbd3fdd79b8556b84c98d0bc1c","name":"REDA\u00c7\u00c3O: UBIRAT\u00c3 ONLINE - F\u00c1BIO AUGUSTO CELESTINO","pronouns":"Ele","description":"Desde 2003 trabalhando com not\u00edcias.","sameAs":["http:\/\/ubirataoline.com.br","https:\/\/www.facebook.com\/portalubirataonline","https:\/\/www.instagram.com\/ubirataonline_oficial","https:\/\/x.com\/x.com\/ubirataonline"],"honorificPrefix":"Mr.","honorificSuffix":"MD","birthDate":"1980-06-16","gender":"masculino","award":["V\u00e1rios pr\u00eamios de melhor portal da cidade"],"jobTitle":"Diretor","url":"https:\/\/ubirataonline.com.br\/en\/author\/ubirataonline\/"},{"@type":"PostalAddress","@id":"https:\/\/ubirataonline.com.br\/holy-week-2026-is-here-what-are-the-dates\/#local-main-place-address","streetAddress":"Rua dos Coqueiros, 104 - Bairro Boa Vista, Rua dos Coqueiros, 104 Bairro Boa Vista","addressLocality":"UBIRATA","postalCode":"85440-000","addressRegion":"PR","addressCountry":"BR"},{"@type":"ImageObject","inLanguage":"en-US","@id":"https:\/\/ubirataonline.com.br\/holy-week-2026-is-here-what-are-the-dates\/#local-main-organization-logo","url":"https:\/\/ubirataonline.com.br\/wp-content\/uploads\/2026\/06\/logoubirataonline-1.webp","contentUrl":"https:\/\/ubirataonline.com.br\/wp-content\/uploads\/2026\/06\/logoubirataonline-1.webp","width":500,"height":500,"caption":"Ubirat\u00e3 Online Not\u00edcias"}]},"geo.placename":"UBIRATA","geo.position":{"lat":"-24.5361401","long":"-52.9921776"},"geo.region":"Brazil"},"_links":{"self":[{"href":"https:\/\/ubirataonline.com.br\/en\/wp-json\/wp\/v2\/posts\/98016","targetHints":{"allow":["GET"]}}],"collection":[{"href":"https:\/\/ubirataonline.com.br\/en\/wp-json\/wp\/v2\/posts"}],"about":[{"href":"https:\/\/ubirataonline.com.br\/en\/wp-json\/wp\/v2\/types\/post"}],"author":[{"embeddable":true,"href":"https:\/\/ubirataonline.com.br\/en\/wp-json\/wp\/v2\/users\/1"}],"replies":[{"embeddable":true,"href":"https:\/\/ubirataonline.com.br\/en\/wp-json\/wp\/v2\/comments?post=98016"}],"version-history":[{"count":0,"href":"https:\/\/ubirataonline.com.br\/en\/wp-json\/wp\/v2\/posts\/98016\/revisions"}],"wp:featuredmedia":[{"embeddable":true,"href":"https:\/\/ubirataonline.com.br\/en\/wp-json\/wp\/v2\/media\/98017"}],"wp:attachment":[{"href":"https:\/\/ubirataonline.com.br\/en\/wp-json\/wp\/v2\/media?parent=98016"}],"wp:term":[{"taxonomy":"category","embeddable":true,"href":"https:\/\/ubirataonline.com.br\/en\/wp-json\/wp\/v2\/categories?post=98016"},{"taxonomy":"post_tag","embeddable":true,"href":"https:\/\/ubirataonline.com.br\/en\/wp-json\/wp\/v2\/tags?post=98016"}],"curies":[{"name":"wp","href":"https:\/\/api.w.org\/{rel}","templated":true}]}}