{"id":98019,"date":"2026-03-29T08:13:47","date_gmt":"2026-03-29T11:13:47","guid":{"rendered":"https:\/\/ubirataonline.com.br\/tarot-do-dia-previsao-para-os-12-signos-em-29-03-2026\/"},"modified":"2026-03-29T08:13:49","modified_gmt":"2026-03-29T11:13:49","slug":"tarot-do-dia-previsao-para-os-12-signos-em-29-03-2026","status":"publish","type":"post","link":"https:\/\/ubirataonline.com.br\/en\/tarot-do-dia-previsao-para-os-12-signos-em-29-03-2026\/","title":{"rendered":"Tarot do dia: previs\u00e3o para os 12 signos em 29\/03\/2026"},"content":{"rendered":"<p><\/p>\n<div id=\"post-content\">\n<p>Neste domingo, o tarot traz uma energia de movimento, decis\u00f5es e ajustes importantes. Algumas cartas indicam avan\u00e7o e conquistas, enquanto outras apontam sobrecarga, mudan\u00e7as inesperadas e necessidade de desapego. O dia pedir\u00e1 foco e consci\u00eancia para n\u00e3o agir no autom\u00e1tico.<\/p>\n<p>A seguir, confira as previs\u00f5es do tarot para cada um dos signos!<\/p>\n<h2 class=\"wp-block-heading\" id=\"h-aries-o-carro\">\u00c1ries \u2014 O Carro<\/h2>\n<div class=\"wp-block-image\">\n<figure class=\"aligncenter size-large\"><figcaption class=\"wp-element-caption\">Para \u00c1ries, ser\u00e1 um dia para assumir o comando da pr\u00f3pria vida e seguir firme em busca dos objetivos (Imagem: chechivalorsa | Shutterstock)<\/figcaption><\/figure>\n<\/p><\/div>\n<p>O dia ser\u00e1 de dire\u00e7\u00e3o e <strong><a href=\"https:\/\/portaledicase.com\/aumente-o-seu-magnetismo-rituais-para-despertar-o-poder-de-atracao\/\" target=\"_blank\" rel=\"noreferrer noopener\">conquista<\/a><\/strong>. De acordo com a carta \u201cO Carro\u201d, o domingo favorecer\u00e1 decis\u00f5es firmes e avan\u00e7o em objetivos importantes. Assuma o controle e siga com confian\u00e7a.<\/p>\n<h2 class=\"wp-block-heading\" id=\"h-touro-pajem-de-copas\">Touro \u2014 Pajem de Copas<\/h2>\n<div class=\"wp-block-image\">\n<figure class=\"aligncenter size-large\"><img loading=\"lazy\" decoding=\"async\" width=\"1024\" height=\"683\" src=\"https:\/\/portaledicase.com\/wp-content\/uploads\/2026\/03\/Touro-21-1024x683.jpg\" alt=\"S\u00edmbolo de Touro com textura de gal\u00e1xia azul e efeito de vidro, lembrando a cabe\u00e7a de um boi com chifres, sobre um fundo de c\u00e9u noturno azul-escuro profundo e estrelado.\" class=\"wp-image-583859\" srcset=\"https:\/\/portaledicase.com\/wp-content\/uploads\/2026\/03\/Touro-21-1024x683.jpg 1024w, https:\/\/portaledicase.com\/wp-content\/uploads\/2026\/03\/Touro-21-300x200.jpg 300w, https:\/\/portaledicase.com\/wp-content\/uploads\/2026\/03\/Touro-21-768x512.jpg 768w, https:\/\/portaledicase.com\/wp-content\/uploads\/2026\/03\/Touro-21-640x427.jpg 640w, https:\/\/portaledicase.com\/wp-content\/uploads\/2026\/03\/Touro-21-150x100.jpg 150w, https:\/\/portaledicase.com\/wp-content\/uploads\/2026\/03\/Touro-21.jpg 1200w\" sizes=\"auto, (max-width: 1024px) 100vw, 1024px\"\/><figcaption class=\"wp-element-caption\">Touro poder\u00e1 vivenciar situa\u00e7\u00f5es que despertar\u00e3o emo\u00e7\u00f5es leves e agrad\u00e1veis (Imagem: chechivalorsa | Shutterstock)<\/figcaption><\/figure>\n<\/p><\/div>\n<p>A carta \u201cPajem de Copas\u201d mostra que sensibilidade e boas surpresas emocionais poder\u00e3o surgir. Um gesto, uma mensagem ou um convite poder\u00e1 trazer leveza ao seu dia.<\/p>\n<h2 class=\"wp-block-heading\" id=\"h-gemeos-a-temperanca\">G\u00eameos \u2014 A Temperan\u00e7a<\/h2>\n<div class=\"wp-block-image\">\n<figure class=\"aligncenter size-large\"><img loading=\"lazy\" decoding=\"async\" width=\"1024\" height=\"683\" src=\"https:\/\/portaledicase.com\/wp-content\/uploads\/2026\/03\/Gemeos-1-5-1024x683.jpg\" alt=\"S\u00edmbolo de G\u00eameos com textura de gal\u00e1xia azul e efeito de vidro, representando o algarismo romano dois (II), sobre um fundo de c\u00e9u noturno azul-escuro profundo e estrelado.\" class=\"wp-image-583867\" srcset=\"https:\/\/portaledicase.com\/wp-content\/uploads\/2026\/03\/Gemeos-1-5-1024x683.jpg 1024w, https:\/\/portaledicase.com\/wp-content\/uploads\/2026\/03\/Gemeos-1-5-300x200.jpg 300w, https:\/\/portaledicase.com\/wp-content\/uploads\/2026\/03\/Gemeos-1-5-768x512.jpg 768w, https:\/\/portaledicase.com\/wp-content\/uploads\/2026\/03\/Gemeos-1-5-640x427.jpg 640w, https:\/\/portaledicase.com\/wp-content\/uploads\/2026\/03\/Gemeos-1-5-150x100.jpg 150w, https:\/\/portaledicase.com\/wp-content\/uploads\/2026\/03\/Gemeos-1-5.jpg 1200w\" sizes=\"auto, (max-width: 1024px) 100vw, 1024px\"\/><figcaption class=\"wp-element-caption\">G\u00eameos precisar\u00e1 agir com mais equil\u00edbrio para lidar melhor com os desafios (Imagem: chechivalorsa | Shutterstock)<\/figcaption><\/figure>\n<\/p><\/div>\n<p>O dia pedir\u00e1 equil\u00edbrio e paci\u00eancia. A carta \u201cA Temperan\u00e7a\u201d indica a necessidade de ajustar situa\u00e7\u00f5es com calma. Evite excessos e confie no tempo.<\/p>\n<h2 class=\"wp-block-heading\" id=\"h-cancer-10-de-paus\">C\u00e2ncer \u2014 10 de Paus<\/h2>\n<div class=\"wp-block-image\">\n<figure class=\"aligncenter size-large\"><img loading=\"lazy\" decoding=\"async\" width=\"1024\" height=\"683\" src=\"https:\/\/portaledicase.com\/wp-content\/uploads\/2026\/03\/Cancer-1-5-1024x683.jpg\" alt=\"S\u00edmbolo de C\u00e2ncer com textura de gal\u00e1xia azul e efeito de vidro, formado por dois algarismos que lembram o n\u00famero 69 deitados, sobre um fundo de c\u00e9u noturno azul-escuro profundo e estrelado.\" class=\"wp-image-583868\" srcset=\"https:\/\/portaledicase.com\/wp-content\/uploads\/2026\/03\/Cancer-1-5-1024x683.jpg 1024w, https:\/\/portaledicase.com\/wp-content\/uploads\/2026\/03\/Cancer-1-5-300x200.jpg 300w, https:\/\/portaledicase.com\/wp-content\/uploads\/2026\/03\/Cancer-1-5-768x512.jpg 768w, https:\/\/portaledicase.com\/wp-content\/uploads\/2026\/03\/Cancer-1-5-640x427.jpg 640w, https:\/\/portaledicase.com\/wp-content\/uploads\/2026\/03\/Cancer-1-5-150x100.jpg 150w, https:\/\/portaledicase.com\/wp-content\/uploads\/2026\/03\/Cancer-1-5.jpg 1200w\" sizes=\"auto, (max-width: 1024px) 100vw, 1024px\"\/><figcaption class=\"wp-element-caption\">C\u00e2ncer dever\u00e1 repensar o excesso de tarefas e cuidar do pr\u00f3prio limite (Imagem: chechivalorsa | Shutterstock)<\/figcaption><\/figure>\n<\/p><\/div>\n<p>Voc\u00ea dever\u00e1 ter cuidado com a sobrecarga. Conforme a carta \u201c10 de Paus\u201d, o dia poder\u00e1 trazer responsabilidades excessivas. <strong><a href=\"https:\/\/portaledicase.com\/4-mitos-e-verdades-sobre-o-signo-de-aries\/\" target=\"_blank\" rel=\"noreferrer noopener\">Avalie<\/a><\/strong> o que realmente precisa carregar.<\/p>\n<h2 class=\"wp-block-heading\" id=\"h-leao-2-de-ouros\">Le\u00e3o \u2014 2 de Ouros<\/h2>\n<div class=\"wp-block-image\">\n<figure class=\"aligncenter size-large\"><img loading=\"lazy\" decoding=\"async\" width=\"1024\" height=\"683\" src=\"https:\/\/portaledicase.com\/wp-content\/uploads\/2026\/03\/Leao-1-5-1024x683.jpg\" alt=\"S\u00edmbolo de Le\u00e3o com textura de gal\u00e1xia azul e efeito de vidro, com formas que remetem \u00e0 juba e \u00e0 cauda do animal, sobre um fundo de c\u00e9u noturno azul-escuro profundo e estrelado.\" class=\"wp-image-583860\" srcset=\"https:\/\/portaledicase.com\/wp-content\/uploads\/2026\/03\/Leao-1-5-1024x683.jpg 1024w, https:\/\/portaledicase.com\/wp-content\/uploads\/2026\/03\/Leao-1-5-300x200.jpg 300w, https:\/\/portaledicase.com\/wp-content\/uploads\/2026\/03\/Leao-1-5-768x512.jpg 768w, https:\/\/portaledicase.com\/wp-content\/uploads\/2026\/03\/Leao-1-5-640x427.jpg 640w, https:\/\/portaledicase.com\/wp-content\/uploads\/2026\/03\/Leao-1-5-150x100.jpg 150w, https:\/\/portaledicase.com\/wp-content\/uploads\/2026\/03\/Leao-1-5.jpg 1200w\" sizes=\"auto, (max-width: 1024px) 100vw, 1024px\"\/><figcaption class=\"wp-element-caption\">Para Le\u00e3o, ser\u00e1 essencial conciliar diferentes \u00e1reas sem perder o controle (Imagem: chechivalorsa | Shutterstock)<\/figcaption><\/figure>\n<\/p><\/div>\n<p>Ser\u00e1 importante ter mais equil\u00edbrio entre diferentes \u00e1reas da vida. A carta \u201c2 de Ouros\u201d indica necessidade de organiza\u00e7\u00e3o para lidar com v\u00e1rias demandas.<\/p>\n<h2 class=\"wp-block-heading\" id=\"h-virgem-4-de-paus\">Virgem \u2014 4 de Paus<\/h2>\n<div class=\"wp-block-image\">\n<figure class=\"aligncenter size-large\"><img loading=\"lazy\" decoding=\"async\" width=\"1024\" height=\"683\" src=\"https:\/\/portaledicase.com\/wp-content\/uploads\/2026\/03\/Virgem-1-5-1024x683.jpg\" alt=\"S\u00edmbolo de Virgem com textura de gal\u00e1xia azul e efeito de vidro, lembrando a letra &quot;M&quot; com um acabamento curvado, sobre um fundo de c\u00e9u noturno azul-escuro profundo e estrelado.\" class=\"wp-image-583862\" srcset=\"https:\/\/portaledicase.com\/wp-content\/uploads\/2026\/03\/Virgem-1-5-1024x683.jpg 1024w, https:\/\/portaledicase.com\/wp-content\/uploads\/2026\/03\/Virgem-1-5-300x200.jpg 300w, https:\/\/portaledicase.com\/wp-content\/uploads\/2026\/03\/Virgem-1-5-768x512.jpg 768w, https:\/\/portaledicase.com\/wp-content\/uploads\/2026\/03\/Virgem-1-5-640x427.jpg 640w, https:\/\/portaledicase.com\/wp-content\/uploads\/2026\/03\/Virgem-1-5-150x100.jpg 150w, https:\/\/portaledicase.com\/wp-content\/uploads\/2026\/03\/Virgem-1-5.jpg 1200w\" sizes=\"auto, (max-width: 1024px) 100vw, 1024px\"\/><figcaption class=\"wp-element-caption\">Virgem encontrar\u00e1 raz\u00f5es para comemorar e se sentir mais seguro (Imagem: chechivalorsa | Shutterstock)<\/figcaption><\/figure>\n<\/p><\/div>\n<p>Mais estabilidade e celebra\u00e7\u00e3o. Segundo a carta \u201c4 de Paus\u201d, o dia favorecer\u00e1 momentos de alegria, seguran\u00e7a e conquistas no campo pessoal.<\/p>\n<h2 class=\"wp-block-heading\" id=\"h-libra-o-mago\">Libra \u2014 O Mago<\/h2>\n<div class=\"wp-block-image\">\n<figure class=\"aligncenter size-large\"><img loading=\"lazy\" decoding=\"async\" width=\"1024\" height=\"683\" src=\"https:\/\/portaledicase.com\/wp-content\/uploads\/2026\/03\/Libra-1-5-1024x683.jpg\" alt=\"S\u00edmbolo de Libra com textura de gal\u00e1xia azul e efeito de vidro, representando uma balan\u00e7a em equil\u00edbrio, sobre um fundo de c\u00e9u noturno azul-escuro profundo e estrelado.\" class=\"wp-image-583863\" srcset=\"https:\/\/portaledicase.com\/wp-content\/uploads\/2026\/03\/Libra-1-5-1024x683.jpg 1024w, https:\/\/portaledicase.com\/wp-content\/uploads\/2026\/03\/Libra-1-5-300x200.jpg 300w, https:\/\/portaledicase.com\/wp-content\/uploads\/2026\/03\/Libra-1-5-768x512.jpg 768w, https:\/\/portaledicase.com\/wp-content\/uploads\/2026\/03\/Libra-1-5-640x427.jpg 640w, https:\/\/portaledicase.com\/wp-content\/uploads\/2026\/03\/Libra-1-5-150x100.jpg 150w, https:\/\/portaledicase.com\/wp-content\/uploads\/2026\/03\/Libra-1-5.jpg 1200w\" sizes=\"auto, (max-width: 1024px) 100vw, 1024px\"\/><figcaption class=\"wp-element-caption\">Libra ter\u00e1 em m\u00e3os as ferramentas necess\u00e1rias para dar in\u00edcio a algo importante (Imagem: chechivalorsa | Shutterstock)<\/figcaption><\/figure>\n<\/p><\/div>\n<p>Confie no poder de realiza\u00e7\u00e3o. A carta \u201cO Mago\u201d mostra que voc\u00ea tem tudo o que precisa para iniciar <strong><a href=\"https:\/\/portaledicase.com\/amigo-de-cada-signo-veja-como-e-a-relacao-de-amizade-com-nativos\/\" target=\"_blank\" rel=\"noreferrer noopener\">algo importante<\/a><\/strong>. Aproveite o dia para agir.<\/p>\n<h2 class=\"wp-block-heading\" id=\"h-escorpiao-pajem-de-paus\">Escorpi\u00e3o \u2014 Pajem de Paus<\/h2>\n<div class=\"wp-block-image\">\n<figure class=\"aligncenter size-large\"><img loading=\"lazy\" decoding=\"async\" width=\"1024\" height=\"683\" src=\"https:\/\/portaledicase.com\/wp-content\/uploads\/2026\/03\/Escorpiao-1-5-1024x683.jpg\" alt=\"S\u00edmbolo de Escorpi\u00e3o com textura de gal\u00e1xia azul e efeito de vidro, lembrando a letra &quot;M&quot; com uma flecha na ponta, sobre um fundo de c\u00e9u noturno azul-escuro profundo e estrelado.\" class=\"wp-image-583865\" srcset=\"https:\/\/portaledicase.com\/wp-content\/uploads\/2026\/03\/Escorpiao-1-5-1024x683.jpg 1024w, https:\/\/portaledicase.com\/wp-content\/uploads\/2026\/03\/Escorpiao-1-5-300x200.jpg 300w, https:\/\/portaledicase.com\/wp-content\/uploads\/2026\/03\/Escorpiao-1-5-768x512.jpg 768w, https:\/\/portaledicase.com\/wp-content\/uploads\/2026\/03\/Escorpiao-1-5-640x427.jpg 640w, https:\/\/portaledicase.com\/wp-content\/uploads\/2026\/03\/Escorpiao-1-5-150x100.jpg 150w, https:\/\/portaledicase.com\/wp-content\/uploads\/2026\/03\/Escorpiao-1-5.jpg 1200w\" sizes=\"auto, (max-width: 1024px) 100vw, 1024px\"\/><figcaption class=\"wp-element-caption\">Escorpi\u00e3o poder\u00e1 se deparar com est\u00edmulos que renovar\u00e3o a disposi\u00e7\u00e3o (Imagem: chechivalorsa | Shutterstock)<\/figcaption><\/figure>\n<\/p><\/div>\n<p>A carta \u201cPajem de Paus\u201d indica novidades e entusiasmo. Algo novo poder\u00e1 surgir, trazendo energia e motiva\u00e7\u00e3o para o seu dia.<\/p>\n<h2 class=\"wp-block-heading\" id=\"h-sagitario-o-imperador\">Sagit\u00e1rio \u2014 O Imperador<\/h2>\n<div class=\"wp-block-image\">\n<figure class=\"aligncenter size-large\"><img loading=\"lazy\" decoding=\"async\" width=\"1024\" height=\"683\" src=\"https:\/\/portaledicase.com\/wp-content\/uploads\/2026\/03\/Sagitario-1-8-1024x683.jpg\" alt=\"S\u00edmbolo de Sagit\u00e1rio com textura de gal\u00e1xia azul e efeito de vidro, representando uma flecha apontada para o alto, sobre um fundo de c\u00e9u noturno azul-escuro profundo e estrelado.\" class=\"wp-image-583866\" srcset=\"https:\/\/portaledicase.com\/wp-content\/uploads\/2026\/03\/Sagitario-1-8-1024x683.jpg 1024w, https:\/\/portaledicase.com\/wp-content\/uploads\/2026\/03\/Sagitario-1-8-300x200.jpg 300w, https:\/\/portaledicase.com\/wp-content\/uploads\/2026\/03\/Sagitario-1-8-768x512.jpg 768w, https:\/\/portaledicase.com\/wp-content\/uploads\/2026\/03\/Sagitario-1-8-640x427.jpg 640w, https:\/\/portaledicase.com\/wp-content\/uploads\/2026\/03\/Sagitario-1-8-150x100.jpg 150w, https:\/\/portaledicase.com\/wp-content\/uploads\/2026\/03\/Sagitario-1-8.jpg 1200w\" sizes=\"auto, (max-width: 1024px) 100vw, 1024px\"\/><figcaption class=\"wp-element-caption\">Para Sagit\u00e1rio, agir com autoridade e planejamento far\u00e1 toda a diferen\u00e7a (Imagem: chechivalorsa | Shutterstock)<\/figcaption><\/figure>\n<\/p><\/div>\n<p>Tenha postura firme e lideran\u00e7a. A carta \u201cO Imperador\u201d pede organiza\u00e7\u00e3o, estrat\u00e9gia e decis\u00f5es conscientes. Assuma o controle.<\/p>\n<h2 class=\"wp-block-heading\" id=\"h-capricornio-a-torre\">Capric\u00f3rnio \u2014 A Torre<\/h2>\n<div class=\"wp-block-image\">\n<figure class=\"aligncenter size-large\"><img loading=\"lazy\" decoding=\"async\" width=\"1024\" height=\"683\" src=\"https:\/\/portaledicase.com\/wp-content\/uploads\/2026\/03\/Capricornio-1-4-1024x683.jpg\" alt=\"S\u00edmbolo de Capric\u00f3rnio com textura de gal\u00e1xia azul e efeito de vidro, com linhas que formam um &quot;V&quot; curvado, sobre um fundo de c\u00e9u noturno azul-escuro profundo e estrelado.\" class=\"wp-image-583858\" srcset=\"https:\/\/portaledicase.com\/wp-content\/uploads\/2026\/03\/Capricornio-1-4-1024x683.jpg 1024w, https:\/\/portaledicase.com\/wp-content\/uploads\/2026\/03\/Capricornio-1-4-300x200.jpg 300w, https:\/\/portaledicase.com\/wp-content\/uploads\/2026\/03\/Capricornio-1-4-768x512.jpg 768w, https:\/\/portaledicase.com\/wp-content\/uploads\/2026\/03\/Capricornio-1-4-640x427.jpg 640w, https:\/\/portaledicase.com\/wp-content\/uploads\/2026\/03\/Capricornio-1-4-150x100.jpg 150w, https:\/\/portaledicase.com\/wp-content\/uploads\/2026\/03\/Capricornio-1-4.jpg 1200w\" sizes=\"auto, (max-width: 1024px) 100vw, 1024px\"\/><figcaption class=\"wp-element-caption\">Capric\u00f3rnio passar\u00e1 por situa\u00e7\u00f5es que poder\u00e3o transformar rumos de forma repentina (Imagem: chechivalorsa | Shutterstock)<br \/><\/figcaption><\/figure>\n<\/p><\/div>\n<p>Mudan\u00e7as inesperadas poder\u00e3o surgir e alterar planos. Apesar do impacto, a carta \u201cA Torre\u201d indica <strong><a href=\"https:\/\/portaledicase.com\/signos-mais-inteligentes-do-zodiaco\/\" target=\"_blank\" rel=\"noreferrer noopener\">liberta\u00e7\u00e3o<\/a><\/strong> de algo que j\u00e1 n\u00e3o fazia sentido.<\/p>\n<h2 class=\"wp-block-heading\" id=\"h-aquario-8-de-copas\">Aqu\u00e1rio \u2014 8 de Copas<\/h2>\n<div class=\"wp-block-image\">\n<figure class=\"aligncenter size-large\"><img loading=\"lazy\" decoding=\"async\" width=\"1024\" height=\"683\" src=\"https:\/\/portaledicase.com\/wp-content\/uploads\/2026\/03\/Aquario-1-6-1024x683.jpg\" alt=\"S\u00edmbolo de Aqu\u00e1rio com textura de gal\u00e1xia azul e efeito de vidro, formado por duas linhas em ziguezague paralelas, sobre um fundo de c\u00e9u noturno azul-escuro profundo e estrelado.\" class=\"wp-image-583864\" srcset=\"https:\/\/portaledicase.com\/wp-content\/uploads\/2026\/03\/Aquario-1-6-1024x683.jpg 1024w, https:\/\/portaledicase.com\/wp-content\/uploads\/2026\/03\/Aquario-1-6-300x200.jpg 300w, https:\/\/portaledicase.com\/wp-content\/uploads\/2026\/03\/Aquario-1-6-768x512.jpg 768w, https:\/\/portaledicase.com\/wp-content\/uploads\/2026\/03\/Aquario-1-6-640x427.jpg 640w, https:\/\/portaledicase.com\/wp-content\/uploads\/2026\/03\/Aquario-1-6-150x100.jpg 150w, https:\/\/portaledicase.com\/wp-content\/uploads\/2026\/03\/Aquario-1-6.jpg 1200w\" sizes=\"auto, (max-width: 1024px) 100vw, 1024px\"\/><figcaption class=\"wp-element-caption\">Aqu\u00e1rio sentir\u00e1 que \u00e9 hora de se afastar do que j\u00e1 n\u00e3o faz sentido (Imagem: chechivalorsa | Shutterstock)<\/figcaption><\/figure>\n<\/p><\/div>\n<p>A carta \u201c8 de Copas\u201d mostra um desapego necess\u00e1rio. O dia pedir\u00e1 coragem para deixar para tr\u00e1s o que j\u00e1 n\u00e3o faz sentido emocionalmente.<\/p>\n<h2 class=\"wp-block-heading\" id=\"h-peixes-5-de-espadas\">Peixes \u2014 5 de Espadas<\/h2>\n<div class=\"wp-block-image\">\n<figure class=\"aligncenter size-large\"><img loading=\"lazy\" decoding=\"async\" width=\"1024\" height=\"683\" src=\"https:\/\/portaledicase.com\/wp-content\/uploads\/2026\/03\/Peixes-1-5-1024x683.jpg\" alt=\"S\u00edmbolo de Peixes com textura de gal\u00e1xia azul e efeito de vidro, formado por duas linhas curvas conectadas, sobre um fundo de c\u00e9u noturno azul-escuro profundo e estrelado.\" class=\"wp-image-583870\" srcset=\"https:\/\/portaledicase.com\/wp-content\/uploads\/2026\/03\/Peixes-1-5-1024x683.jpg 1024w, https:\/\/portaledicase.com\/wp-content\/uploads\/2026\/03\/Peixes-1-5-300x200.jpg 300w, https:\/\/portaledicase.com\/wp-content\/uploads\/2026\/03\/Peixes-1-5-768x512.jpg 768w, https:\/\/portaledicase.com\/wp-content\/uploads\/2026\/03\/Peixes-1-5-640x427.jpg 640w, https:\/\/portaledicase.com\/wp-content\/uploads\/2026\/03\/Peixes-1-5-150x100.jpg 150w, https:\/\/portaledicase.com\/wp-content\/uploads\/2026\/03\/Peixes-1-5.jpg 1200w\" sizes=\"auto, (max-width: 1024px) 100vw, 1024px\"\/><figcaption class=\"wp-element-caption\">Peixes dever\u00e1 evitar desgastes causados por conflitos desnecess\u00e1rios (Imagem: chechivalorsa | Shutterstock)<\/figcaption><\/figure>\n<\/p><\/div>\n<p>Evite conflitos desnecess\u00e1rios. A carta \u201c5 de Espadas\u201d alerta para discuss\u00f5es que poder\u00e3o gerar desgaste <strong><a href=\"https:\/\/portaledicase.com\/descubra-qual-e-o-planeta-regente-de-cada-signo-e-seus-significados\/\" target=\"_blank\" rel=\"noreferrer noopener\">emocional<\/a><\/strong>. Nem toda batalha vale a pena.<\/p>\n<p><em>Por Viviane Pettersen<\/em><\/p>\n<div class=\"wp-block-image\">\n<figure class=\"alignleft size-full\"><img loading=\"lazy\" decoding=\"async\" width=\"100\" height=\"100\" src=\"https:\/\/portaledicase.com\/wp-content\/uploads\/2026\/01\/vivipettersen.png\" alt=\"Mulher de cabelos escuros e brinco de argola com rosa vermelha\" class=\"wp-image-554885\" srcset=\"https:\/\/portaledicase.com\/wp-content\/uploads\/2026\/01\/vivipettersen.png 100w, https:\/\/portaledicase.com\/wp-content\/uploads\/2026\/01\/vivipettersen-96x96.png 96w\" sizes=\"auto, (max-width: 100px) 100vw, 100px\"\/><\/figure>\n<\/p><\/div>\n<p><em>Jornalista e astr\u00f3loga. No estudo do c\u00e9u, encontrou caminhos para compreender quest\u00f5es profundas e hoje divide essas descobertas \u2014 em constante constru\u00e7\u00e3o \u2014 por meio de diferentes conte\u00fados.<\/em><\/p>\n<section class=\"virals\">\n<article class=\"cardnews cardnews--post cardnews--has-thumbnail cardnews--editorial-noticias\"> <a href=\"https:\/\/www.tribunapr.com.br\/noticias\/parana\/golpe-do-ipva-engana-profissional-da-tecnologia-no-parana-como-evitar-a-fraude\/?utm_source=noticias-virais-rodape&amp;utm_medium=internal-tribuna&amp;utm_campaign=tribuna\" class=\"cardnews__postlink\"> <\/p>\n<div class=\"cardnews__image\" is-api-thumb=\"\"><img decoding=\"async\" src=\"https:\/\/www.tribunapr.com.br\/wp-content\/uploads\/2026\/02\/06122251\/golpe-ipva-detranpr-370x210.jpeg\" loading=\"lazy\" alt=\"At\u00e9 especialistas ca\u00edram: o detalhe no boleto do IPVA que rouba seu dinheiro\"\/><\/div>\n<div class=\"cardnews__content cardhome__content\">\n<div class=\"cardnews__content-wrapper\">\n<p> <span style=\"\"> Fique atento! <\/span> <\/p>\n<p>At\u00e9 especialistas ca\u00edram: o detalhe no boleto do IPVA que rouba seu dinheiro<\/p>\n<\/p><\/div>\n<\/p><\/div>\n<p> <\/a> <\/article>\n<article class=\"cardnews cardnews--post cardnews--has-thumbnail cardnews--editorial-noticias\"> <a href=\"https:\/\/www.tribunapr.com.br\/noticias\/curitiba-regiao\/litoral-do-parana-passa-a-figurar-entre-os-mais-valorizados-do-pais\/?utm_source=noticias-virais-rodape&amp;utm_medium=internal-tribuna&amp;utm_campaign=tribuna\" class=\"cardnews__postlink\"> <\/p>\n<div class=\"cardnews__image\" is-api-thumb=\"\"><img decoding=\"async\" src=\"https:\/\/www.tribunapr.com.br\/wp-content\/uploads\/2026\/02\/04151141\/matinhos-litoral-370x210.jpg\" loading=\"lazy\" alt=\"Adeus, pre\u00e7os baixos? Esta regi\u00e3o do Paran\u00e1 virou a nova 'mina de ouro'\"\/><\/div>\n<div class=\"cardnews__content cardhome__content\">\n<div class=\"cardnews__content-wrapper\">\n<p> <span style=\"\"> Mercado imobili\u00e1rio <\/span> <\/p>\n<p>Adeus, pre\u00e7os baixos? Esta regi\u00e3o do Paran\u00e1 virou a nova &#8216;mina de ouro&#8217;<\/p>\n<\/p><\/div>\n<\/p><\/div>\n<p> <\/a> <\/article>\n<article class=\"cardnews cardnews--post cardnews--has-thumbnail cardnews--editorial-noticias\"> <a href=\"https:\/\/www.tribunapr.com.br\/blogs\/rango-barateza\/biscoitos-da-vovo-elza-tradicao-que-nasceu-do-afeto-e-conquistou-curitiba\/?utm_source=noticias-virais-rodape&amp;utm_medium=internal-tribuna&amp;utm_campaign=tribuna\" class=\"cardnews__postlink\"> <\/p>\n<div class=\"cardnews__image\" is-api-thumb=\"\"><img decoding=\"async\" src=\"https:\/\/www.tribunapr.com.br\/wp-content\/uploads\/2026\/02\/06135141\/vovo-elza-02-770x440-1-370x210.webp\" loading=\"lazy\" alt=\"O segredo de Curitiba: como uma receita de fam\u00edlia virou um imp\u00e9rio do afeto\"\/><\/div>\n<div class=\"cardnews__content cardhome__content\">\n<div class=\"cardnews__content-wrapper\">\n<p> <span style=\"\"> Rango Barateza! <\/span> <\/p>\n<p>O segredo de Curitiba: como uma receita de fam\u00edlia virou um imp\u00e9rio do afeto<\/p>\n<\/p><\/div>\n<\/p><\/div>\n<p> <\/a> <\/article>\n<\/section>\n<div id=\"tribuna-follow-cta\">\n<p> <span class=\"cta-title\">Siga a <span class=\"tribuna-color\">Tribuna<\/span> no Google, e acompanhe as \u00faltimas not\u00edcias de Curitiba e regi\u00e3o!<\/span> <\/p>\n<p> <a href=\"https:\/\/profile.google.com\/cp\/CgwvZy8xMmxxajUzM3Mac2h0dHBzOi8vd3d3LnRyaWJ1bmFwci5jb20uYnIvdml2YS92aXRyaW5lL2dpZ2FudGUtZG8tdmVzdHVhcmlvLXJlaW5hdWd1cmEtbG9qYS1lbS1zaG9wcGluZy10cmFkaWNpb25hbC1kZS1jdXJpdGliYS8iElRyaWJ1bmEgZG8gUGFyYW7DoSqAAwrHAWh0dHBzOi8vZW5jcnlwdGVkLXRibjIuZ3N0YXRpYy5jb20vZmF2aWNvbi10Ym4_cT10Ym46QU5kOUdjUVJPbjVDRjR6TzJPbkUwTXZrRlRCRTY2U0g1bGlaVDRaZTV3bWNKeU5GRm1BSnluM01nNU9PR3BXY1pYMzZwYU5HUWtsZ09JVEFLTTNNZVNGbTc1aWp6M3k2ajUtQ3M2b25kX2JUcFFQQkVLd3RsUjBsTmJESnUtVHhrNXQtbFlCNlVpOWZSVVFjT2cSswFodHRwczovL2VuY3J5cHRlZC10Ym4zLmdzdGF0aWMuY29tL2Zhdmljb24tdGJuP3E9dGJuJTNBQU5kOUdjU0FMaWJ2eFF0YXdFMFRueVdWWmVKRS1MZEdRZjVTUi1OZ2RMazhyZzIwVy1nM0JuQ1F4VDNKZFBjRXR2THdBeVRxUDJEdHVycEdVR29CQkxpYzM5al9wSmFxRERaMHNCYW05WEVhSGVsMmZTQmdKdlF4WWVyMw\" target=\"_blank\" title=\"Seguir a Tribuna no Google\">  <\/a> <\/div>\n<\/p><\/div>\n<p><a href=\"https:\/\/www.tribunapr.com.br\/variedades\/tarot-do-dia-previsao-para-os-12-signos-em-29-03-2026\/\">Fonte do Artigo <\/a><\/p>","protected":false},"excerpt":{"rendered":"<p>Neste domingo, o tarot traz uma energia de movimento, decis\u00f5es e ajustes importantes. Algumas cartas indicam avan\u00e7o e conquistas, enquanto outras apontam sobrecarga, mudan\u00e7as inesperadas e necessidade de desapego. O dia pedir\u00e1 foco e consci\u00eancia para n\u00e3o agir no autom\u00e1tico. A seguir, confira as previs\u00f5es do tarot para cada um dos signos! \u00c1ries \u2014 O [&hellip;]<\/p>\n","protected":false},"author":1,"featured_media":98020,"comment_status":"closed","ping_status":"","sticky":false,"template":"","format":"standard","meta":{"googlesitekit_rrm_CAow2JLhCw:productID":"","_gspb_post_css":"","maa_idioma":"","maa_pais":"","footnotes":""},"categories":[1],"tags":[3101,2904,3085,3086,3083],"class_list":["post-98019","post","type-post","status-publish","format-standard","has-post-thumbnail","hentry","category-ubirata","tag-dia","tag-para","tag-previsao","tag-signos","tag-tarot"],"blocksy_meta":[],"yoast_head":"<!-- This site is optimized with the Yoast SEO Premium plugin v27.6 (Yoast SEO v27.6) - https:\/\/yoast.com\/product\/yoast-seo-premium-wordpress\/ -->\n<title>Tarot do dia: previs\u00e3o para os 12 signos em 29\/03\/2026 - Ubirat\u00e3 Online Not\u00edcias - A realidade ao seu alcance!<\/title>\n<meta name=\"description\" content=\"Neste domingo, o tarot traz uma energia de movimento, decis\u00f5es e ajustes importantes. Algumas cartas indicam avan\u00e7o e conquistas, enquanto outras apontam\" \/>\n<meta name=\"robots\" content=\"index, follow, max-snippet:-1, max-image-preview:large, max-video-preview:-1\" \/>\n<link rel=\"canonical\" href=\"https:\/\/ubirataonline.com.br\/en\/tarot-do-dia-previsao-para-os-12-signos-em-29-03-2026\/\" \/>\n<meta property=\"og:locale\" content=\"en_US\" \/>\n<meta property=\"og:type\" content=\"article\" \/>\n<meta property=\"og:title\" content=\"Tarot do dia: previs\u00e3o para os 12 signos em 29\/03\/2026\" \/>\n<meta property=\"og:description\" content=\"Neste domingo, o tarot traz uma energia de movimento, decis\u00f5es e ajustes importantes. Algumas cartas indicam avan\u00e7o e conquistas, enquanto outras apontam\" \/>\n<meta property=\"og:url\" content=\"https:\/\/ubirataonline.com.br\/en\/tarot-do-dia-previsao-para-os-12-signos-em-29-03-2026\/\" \/>\n<meta property=\"og:site_name\" content=\"Ubirat\u00e3 Online Not\u00edcias - A realidade ao seu alcance!\" \/>\n<meta property=\"article:publisher\" content=\"https:\/\/www.facebook.com\/portalubirataonline\" \/>\n<meta property=\"article:author\" content=\"https:\/\/www.facebook.com\/portalubirataonline\" \/>\n<meta property=\"article:published_time\" content=\"2026-03-29T11:13:47+00:00\" \/>\n<meta property=\"article:modified_time\" content=\"2026-03-29T11:13:49+00:00\" \/>\n<meta property=\"og:image\" content=\"https:\/\/ubirataonline.com.br\/wp-content\/uploads\/2026\/03\/Tarot-do-dia-previsao-para-os-12-signos-em-29032026.jpg\" \/>\n\t<meta property=\"og:image:width\" content=\"1200\" \/>\n\t<meta property=\"og:image:height\" content=\"800\" \/>\n\t<meta property=\"og:image:type\" content=\"image\/jpeg\" \/>\n<meta name=\"author\" content=\"REDA\u00c7\u00c3O: UBIRAT\u00c3 ONLINE - F\u00c1BIO AUGUSTO CELESTINO\" \/>\n<meta name=\"twitter:card\" content=\"summary_large_image\" \/>\n<meta name=\"twitter:creator\" content=\"@x.com\/ubirataonline\" \/>\n<meta name=\"twitter:site\" content=\"@ubirataonline\" \/>\n<meta name=\"twitter:label1\" content=\"Written by\" \/>\n\t<meta name=\"twitter:data1\" content=\"REDA\u00c7\u00c3O: UBIRAT\u00c3 ONLINE - F\u00c1BIO AUGUSTO CELESTINO\" \/>\n\t<meta name=\"twitter:label2\" content=\"Est. reading time\" \/>\n\t<meta name=\"twitter:data2\" content=\"4 minutes\" \/>\n<script type=\"application\/ld+json\" class=\"yoast-schema-graph\">{\"@context\":\"https:\\\/\\\/schema.org\",\"@graph\":[{\"@type\":\"NewsArticle\",\"@id\":\"https:\\\/\\\/ubirataonline.com.br\\\/tarot-do-dia-previsao-para-os-12-signos-em-29-03-2026\\\/#article\",\"isPartOf\":{\"@id\":\"https:\\\/\\\/ubirataonline.com.br\\\/tarot-do-dia-previsao-para-os-12-signos-em-29-03-2026\\\/\"},\"author\":{\"name\":\"REDA\u00c7\u00c3O: UBIRAT\u00c3 ONLINE - F\u00c1BIO AUGUSTO CELESTINO\",\"@id\":\"https:\\\/\\\/ubirataonline.com.br\\\/#\\\/schema\\\/person\\\/372f87bbd3fdd79b8556b84c98d0bc1c\"},\"headline\":\"Tarot do dia: previs\u00e3o para os 12 signos em 29\\\/03\\\/2026\",\"datePublished\":\"2026-03-29T11:13:47+00:00\",\"dateModified\":\"2026-03-29T11:13:49+00:00\",\"mainEntityOfPage\":{\"@id\":\"https:\\\/\\\/ubirataonline.com.br\\\/tarot-do-dia-previsao-para-os-12-signos-em-29-03-2026\\\/\"},\"wordCount\":733,\"publisher\":{\"@id\":\"https:\\\/\\\/ubirataonline.com.br\\\/#organization\"},\"image\":{\"@id\":\"https:\\\/\\\/ubirataonline.com.br\\\/tarot-do-dia-previsao-para-os-12-signos-em-29-03-2026\\\/#primaryimage\"},\"thumbnailUrl\":\"https:\\\/\\\/ubirataonline.com.br\\\/wp-content\\\/uploads\\\/2026\\\/03\\\/Tarot-do-dia-previsao-para-os-12-signos-em-29032026.jpg\",\"keywords\":[\"dia\",\"para\",\"previs\u00e3o\",\"signos\",\"Tarot\"],\"articleSection\":[\"Ubirat\u00e3\"],\"inLanguage\":\"en-US\",\"copyrightYear\":\"2026\",\"copyrightHolder\":{\"@id\":\"https:\\\/\\\/ubirataonline.com.br\\\/en\\\/#organization\"}},{\"@type\":\"WebPage\",\"@id\":\"https:\\\/\\\/ubirataonline.com.br\\\/tarot-do-dia-previsao-para-os-12-signos-em-29-03-2026\\\/\",\"url\":\"https:\\\/\\\/ubirataonline.com.br\\\/tarot-do-dia-previsao-para-os-12-signos-em-29-03-2026\\\/\",\"name\":\"Tarot do dia: previs\u00e3o para os 12 signos em 29\\\/03\\\/2026 - Ubirat\u00e3 Online Not\u00edcias - A realidade ao seu alcance!\",\"isPartOf\":{\"@id\":\"https:\\\/\\\/ubirataonline.com.br\\\/#website\"},\"primaryImageOfPage\":{\"@id\":\"https:\\\/\\\/ubirataonline.com.br\\\/tarot-do-dia-previsao-para-os-12-signos-em-29-03-2026\\\/#primaryimage\"},\"image\":{\"@id\":\"https:\\\/\\\/ubirataonline.com.br\\\/tarot-do-dia-previsao-para-os-12-signos-em-29-03-2026\\\/#primaryimage\"},\"thumbnailUrl\":\"https:\\\/\\\/ubirataonline.com.br\\\/wp-content\\\/uploads\\\/2026\\\/03\\\/Tarot-do-dia-previsao-para-os-12-signos-em-29032026.jpg\",\"datePublished\":\"2026-03-29T11:13:47+00:00\",\"dateModified\":\"2026-03-29T11:13:49+00:00\",\"description\":\"Neste domingo, o tarot traz uma energia de movimento, decis\u00f5es e ajustes importantes. Algumas cartas indicam avan\u00e7o e conquistas, enquanto outras apontam\",\"breadcrumb\":{\"@id\":\"https:\\\/\\\/ubirataonline.com.br\\\/tarot-do-dia-previsao-para-os-12-signos-em-29-03-2026\\\/#breadcrumb\"},\"inLanguage\":\"en-US\",\"potentialAction\":[{\"@type\":\"ReadAction\",\"target\":[\"https:\\\/\\\/ubirataonline.com.br\\\/tarot-do-dia-previsao-para-os-12-signos-em-29-03-2026\\\/\"]}]},{\"@type\":\"ImageObject\",\"inLanguage\":\"en-US\",\"@id\":\"https:\\\/\\\/ubirataonline.com.br\\\/tarot-do-dia-previsao-para-os-12-signos-em-29-03-2026\\\/#primaryimage\",\"url\":\"https:\\\/\\\/ubirataonline.com.br\\\/wp-content\\\/uploads\\\/2026\\\/03\\\/Tarot-do-dia-previsao-para-os-12-signos-em-29032026.jpg\",\"contentUrl\":\"https:\\\/\\\/ubirataonline.com.br\\\/wp-content\\\/uploads\\\/2026\\\/03\\\/Tarot-do-dia-previsao-para-os-12-signos-em-29032026.jpg\",\"width\":1200,\"height\":800,\"caption\":\"O dia pedir\u00e1 foco, equil\u00edbrio e desapego para lidar com mudan\u00e7as e tomar decis\u00f5es mais conscientes (Imagem: New Africa | Shutterstock)\"},{\"@type\":\"BreadcrumbList\",\"@id\":\"https:\\\/\\\/ubirataonline.com.br\\\/tarot-do-dia-previsao-para-os-12-signos-em-29-03-2026\\\/#breadcrumb\",\"itemListElement\":[{\"@type\":\"ListItem\",\"position\":1,\"name\":\"In\u00edcio\",\"item\":\"https:\\\/\\\/ubirataonline.com.br\\\/\"},{\"@type\":\"ListItem\",\"position\":2,\"name\":\"Tarot do dia: previs\u00e3o para os 12 signos em 29\\\/03\\\/2026\"}]},{\"@type\":\"WebSite\",\"@id\":\"https:\\\/\\\/ubirataonline.com.br\\\/#website\",\"url\":\"https:\\\/\\\/ubirataonline.com.br\\\/\",\"name\":\"Ubirat\u00e3 Online Not\u00edcias\",\"description\":\"Not\u00edcias de Ubirat\u00e3, regi\u00e3o, Brasil e mundo, com informa\u00e7\u00e3o atualizada e compromisso com o leitor.\",\"publisher\":{\"@id\":\"https:\\\/\\\/ubirataonline.com.br\\\/#organization\"},\"alternateName\":\"Ubirat\u00e3 Online\",\"potentialAction\":[{\"@type\":\"SearchAction\",\"target\":{\"@type\":\"EntryPoint\",\"urlTemplate\":\"https:\\\/\\\/ubirataonline.com.br\\\/?s={search_term_string}\"},\"query-input\":{\"@type\":\"PropertyValueSpecification\",\"valueRequired\":true,\"valueName\":\"search_term_string\"}}],\"inLanguage\":\"en-US\"},{\"@type\":[\"Organization\",\"Place\"],\"@id\":\"https:\\\/\\\/ubirataonline.com.br\\\/#organization\",\"name\":\"Ubirat\u00e3 Online Not\u00edcias\",\"alternateName\":\"Ubirat\u00e3 Online\",\"url\":\"https:\\\/\\\/ubirataonline.com.br\\\/\",\"logo\":{\"@id\":\"https:\\\/\\\/ubirataonline.com.br\\\/tarot-do-dia-previsao-para-os-12-signos-em-29-03-2026\\\/#local-main-organization-logo\"},\"image\":{\"@id\":\"https:\\\/\\\/ubirataonline.com.br\\\/tarot-do-dia-previsao-para-os-12-signos-em-29-03-2026\\\/#local-main-organization-logo\"},\"sameAs\":[\"https:\\\/\\\/www.facebook.com\\\/portalubirataonline\",\"https:\\\/\\\/x.com\\\/ubirataonline\",\"https:\\\/\\\/mastodon.social\\\/@ubirataonline\",\"https:\\\/\\\/www.facebook.com\\\/groups\\\/311144672285604\",\"https:\\\/\\\/www.facebook.com\\\/UBTAOnline\",\"https:\\\/\\\/www.instagram.com\\\/portalubirataonline\\\/\",\"https:\\\/\\\/twitter.com\\\/ubirataonline\"],\"description\":\"Somos um portal de not\u00edcias independente, criado em 5 de janeiro de 2009, com o objetivo de informar, conectar e valorizar a nossa comunidade de Ubirat\u00e3 e toda aregi\u00e3o. Com conte\u00fado atualizado, confi\u00e1vel e relevante, o Ubirat\u00e3 Online \u00e9 o seu espa\u00e7o para ficar por dentro dos principais acontecimentos locais, regionais, Brasil, Mundo e de interesse geral. Nosso compromisso \u00e9 com a verdade, a transpar\u00eancia e o respeito ao leitor.\",\"legalName\":\"UBIRATA ONLINE NOT\u00cdCIAS\",\"foundingDate\":\"2009-01-05\",\"numberOfEmployees\":{\"@type\":\"QuantitativeValue\",\"minValue\":\"1\",\"maxValue\":\"10\"},\"publishingPrinciples\":\"https:\\\/\\\/ubirataonline.com.br\\\/faq\\\/\",\"address\":{\"@id\":\"https:\\\/\\\/ubirataonline.com.br\\\/tarot-do-dia-previsao-para-os-12-signos-em-29-03-2026\\\/#local-main-place-address\"},\"geo\":{\"@type\":\"GeoCoordinates\",\"latitude\":\"-24.5361401\",\"longitude\":\"-52.9921776\"},\"telephone\":[\"+5544998308235\"],\"contactPoint\":{\"@type\":\"ContactPoint\",\"email\":\"contato@ubirataonline.com.br\"},\"openingHoursSpecification\":{\"@type\":\"OpeningHoursSpecification\",\"dayOfWeek\":[\"Monday\",\"Tuesday\",\"Wednesday\",\"Thursday\",\"Friday\",\"Saturday\",\"Sunday\"],\"opens\":\"00:00\",\"closes\":\"23:59\"},\"email\":\"contato@ubirataonline.com.br\",\"vatID\":\"47.621.418\\\/0001-80\"},{\"@type\":\"Person\",\"@id\":\"https:\\\/\\\/ubirataonline.com.br\\\/#\\\/schema\\\/person\\\/372f87bbd3fdd79b8556b84c98d0bc1c\",\"name\":\"REDA\u00c7\u00c3O: UBIRAT\u00c3 ONLINE - F\u00c1BIO AUGUSTO CELESTINO\",\"pronouns\":\"Ele\",\"description\":\"Desde 2003 trabalhando com not\u00edcias.\",\"sameAs\":[\"http:\\\/\\\/ubirataoline.com.br\",\"https:\\\/\\\/www.facebook.com\\\/portalubirataonline\",\"https:\\\/\\\/www.instagram.com\\\/ubirataonline_oficial\",\"https:\\\/\\\/x.com\\\/x.com\\\/ubirataonline\"],\"honorificPrefix\":\"Mr.\",\"honorificSuffix\":\"MD\",\"birthDate\":\"1980-06-16\",\"gender\":\"masculino\",\"award\":[\"V\u00e1rios pr\u00eamios de melhor portal da cidade\"],\"jobTitle\":\"Diretor\",\"url\":\"https:\\\/\\\/ubirataonline.com.br\\\/en\\\/author\\\/ubirataonline\\\/\"},{\"@type\":\"PostalAddress\",\"@id\":\"https:\\\/\\\/ubirataonline.com.br\\\/tarot-do-dia-previsao-para-os-12-signos-em-29-03-2026\\\/#local-main-place-address\",\"streetAddress\":\"Rua dos Coqueiros, 104 - Bairro Boa Vista, Rua dos Coqueiros, 104 Bairro Boa Vista\",\"addressLocality\":\"UBIRATA\",\"postalCode\":\"85440-000\",\"addressRegion\":\"PR\",\"addressCountry\":\"BR\"},{\"@type\":\"ImageObject\",\"inLanguage\":\"en-US\",\"@id\":\"https:\\\/\\\/ubirataonline.com.br\\\/tarot-do-dia-previsao-para-os-12-signos-em-29-03-2026\\\/#local-main-organization-logo\",\"url\":\"https:\\\/\\\/ubirataonline.com.br\\\/wp-content\\\/uploads\\\/2026\\\/06\\\/logoubirataonline-1.webp\",\"contentUrl\":\"https:\\\/\\\/ubirataonline.com.br\\\/wp-content\\\/uploads\\\/2026\\\/06\\\/logoubirataonline-1.webp\",\"width\":500,\"height\":500,\"caption\":\"Ubirat\u00e3 Online Not\u00edcias\"}]}<\/script>\n<meta name=\"geo.placename\" content=\"UBIRATA\" \/>\n<meta name=\"geo.position\" content=\"-24.5361401;-52.9921776\" \/>\n<meta name=\"geo.region\" content=\"Brazil\" \/>\n<!-- \/ Yoast SEO Premium plugin. -->","yoast_head_json":{"title":"Tarot do dia: previs\u00e3o para os 12 signos em 29\/03\/2026 - Ubirat\u00e3 Online Not\u00edcias - A realidade ao seu alcance!","description":"Neste domingo, o tarot traz uma energia de movimento, decis\u00f5es e ajustes importantes. Algumas cartas indicam avan\u00e7o e conquistas, enquanto outras apontam","robots":{"index":"index","follow":"follow","max-snippet":"max-snippet:-1","max-image-preview":"max-image-preview:large","max-video-preview":"max-video-preview:-1"},"canonical":"https:\/\/ubirataonline.com.br\/en\/tarot-do-dia-previsao-para-os-12-signos-em-29-03-2026\/","og_locale":"en_US","og_type":"article","og_title":"Tarot do dia: previs\u00e3o para os 12 signos em 29\/03\/2026","og_description":"Neste domingo, o tarot traz uma energia de movimento, decis\u00f5es e ajustes importantes. Algumas cartas indicam avan\u00e7o e conquistas, enquanto outras apontam","og_url":"https:\/\/ubirataonline.com.br\/en\/tarot-do-dia-previsao-para-os-12-signos-em-29-03-2026\/","og_site_name":"Ubirat\u00e3 Online Not\u00edcias - A realidade ao seu alcance!","article_publisher":"https:\/\/www.facebook.com\/portalubirataonline","article_author":"https:\/\/www.facebook.com\/portalubirataonline","article_published_time":"2026-03-29T11:13:47+00:00","article_modified_time":"2026-03-29T11:13:49+00:00","og_image":[{"width":1200,"height":800,"url":"https:\/\/ubirataonline.com.br\/wp-content\/uploads\/2026\/03\/Tarot-do-dia-previsao-para-os-12-signos-em-29032026.jpg","type":"image\/jpeg"}],"author":"REDA\u00c7\u00c3O: UBIRAT\u00c3 ONLINE - F\u00c1BIO AUGUSTO CELESTINO","twitter_card":"summary_large_image","twitter_creator":"@x.com\/ubirataonline","twitter_site":"@ubirataonline","twitter_misc":{"Written by":"REDA\u00c7\u00c3O: UBIRAT\u00c3 ONLINE - F\u00c1BIO AUGUSTO CELESTINO","Est. reading time":"4 minutes"},"schema":{"@context":"https:\/\/schema.org","@graph":[{"@type":"NewsArticle","@id":"https:\/\/ubirataonline.com.br\/tarot-do-dia-previsao-para-os-12-signos-em-29-03-2026\/#article","isPartOf":{"@id":"https:\/\/ubirataonline.com.br\/tarot-do-dia-previsao-para-os-12-signos-em-29-03-2026\/"},"author":{"name":"REDA\u00c7\u00c3O: UBIRAT\u00c3 ONLINE - F\u00c1BIO AUGUSTO CELESTINO","@id":"https:\/\/ubirataonline.com.br\/#\/schema\/person\/372f87bbd3fdd79b8556b84c98d0bc1c"},"headline":"Tarot do dia: previs\u00e3o para os 12 signos em 29\/03\/2026","datePublished":"2026-03-29T11:13:47+00:00","dateModified":"2026-03-29T11:13:49+00:00","mainEntityOfPage":{"@id":"https:\/\/ubirataonline.com.br\/tarot-do-dia-previsao-para-os-12-signos-em-29-03-2026\/"},"wordCount":733,"publisher":{"@id":"https:\/\/ubirataonline.com.br\/#organization"},"image":{"@id":"https:\/\/ubirataonline.com.br\/tarot-do-dia-previsao-para-os-12-signos-em-29-03-2026\/#primaryimage"},"thumbnailUrl":"https:\/\/ubirataonline.com.br\/wp-content\/uploads\/2026\/03\/Tarot-do-dia-previsao-para-os-12-signos-em-29032026.jpg","keywords":["dia","para","previs\u00e3o","signos","Tarot"],"articleSection":["Ubirat\u00e3"],"inLanguage":"en-US","copyrightYear":"2026","copyrightHolder":{"@id":"https:\/\/ubirataonline.com.br\/en\/#organization"}},{"@type":"WebPage","@id":"https:\/\/ubirataonline.com.br\/tarot-do-dia-previsao-para-os-12-signos-em-29-03-2026\/","url":"https:\/\/ubirataonline.com.br\/tarot-do-dia-previsao-para-os-12-signos-em-29-03-2026\/","name":"Tarot do dia: previs\u00e3o para os 12 signos em 29\/03\/2026 - Ubirat\u00e3 Online Not\u00edcias - A realidade ao seu alcance!","isPartOf":{"@id":"https:\/\/ubirataonline.com.br\/#website"},"primaryImageOfPage":{"@id":"https:\/\/ubirataonline.com.br\/tarot-do-dia-previsao-para-os-12-signos-em-29-03-2026\/#primaryimage"},"image":{"@id":"https:\/\/ubirataonline.com.br\/tarot-do-dia-previsao-para-os-12-signos-em-29-03-2026\/#primaryimage"},"thumbnailUrl":"https:\/\/ubirataonline.com.br\/wp-content\/uploads\/2026\/03\/Tarot-do-dia-previsao-para-os-12-signos-em-29032026.jpg","datePublished":"2026-03-29T11:13:47+00:00","dateModified":"2026-03-29T11:13:49+00:00","description":"Neste domingo, o tarot traz uma energia de movimento, decis\u00f5es e ajustes importantes. Algumas cartas indicam avan\u00e7o e conquistas, enquanto outras apontam","breadcrumb":{"@id":"https:\/\/ubirataonline.com.br\/tarot-do-dia-previsao-para-os-12-signos-em-29-03-2026\/#breadcrumb"},"inLanguage":"en-US","potentialAction":[{"@type":"ReadAction","target":["https:\/\/ubirataonline.com.br\/tarot-do-dia-previsao-para-os-12-signos-em-29-03-2026\/"]}]},{"@type":"ImageObject","inLanguage":"en-US","@id":"https:\/\/ubirataonline.com.br\/tarot-do-dia-previsao-para-os-12-signos-em-29-03-2026\/#primaryimage","url":"https:\/\/ubirataonline.com.br\/wp-content\/uploads\/2026\/03\/Tarot-do-dia-previsao-para-os-12-signos-em-29032026.jpg","contentUrl":"https:\/\/ubirataonline.com.br\/wp-content\/uploads\/2026\/03\/Tarot-do-dia-previsao-para-os-12-signos-em-29032026.jpg","width":1200,"height":800,"caption":"O dia pedir\u00e1 foco, equil\u00edbrio e desapego para lidar com mudan\u00e7as e tomar decis\u00f5es mais conscientes (Imagem: New Africa | Shutterstock)"},{"@type":"BreadcrumbList","@id":"https:\/\/ubirataonline.com.br\/tarot-do-dia-previsao-para-os-12-signos-em-29-03-2026\/#breadcrumb","itemListElement":[{"@type":"ListItem","position":1,"name":"In\u00edcio","item":"https:\/\/ubirataonline.com.br\/"},{"@type":"ListItem","position":2,"name":"Tarot do dia: previs\u00e3o para os 12 signos em 29\/03\/2026"}]},{"@type":"WebSite","@id":"https:\/\/ubirataonline.com.br\/#website","url":"https:\/\/ubirataonline.com.br\/","name":"Ubirat\u00e3 Online Not\u00edcias","description":"Not\u00edcias de Ubirat\u00e3, regi\u00e3o, Brasil e mundo, com informa\u00e7\u00e3o atualizada e compromisso com o leitor.","publisher":{"@id":"https:\/\/ubirataonline.com.br\/#organization"},"alternateName":"Ubirat\u00e3 Online","potentialAction":[{"@type":"SearchAction","target":{"@type":"EntryPoint","urlTemplate":"https:\/\/ubirataonline.com.br\/?s={search_term_string}"},"query-input":{"@type":"PropertyValueSpecification","valueRequired":true,"valueName":"search_term_string"}}],"inLanguage":"en-US"},{"@type":["Organization","Place"],"@id":"https:\/\/ubirataonline.com.br\/#organization","name":"Ubirat\u00e3 Online Not\u00edcias","alternateName":"Ubirat\u00e3 Online","url":"https:\/\/ubirataonline.com.br\/","logo":{"@id":"https:\/\/ubirataonline.com.br\/tarot-do-dia-previsao-para-os-12-signos-em-29-03-2026\/#local-main-organization-logo"},"image":{"@id":"https:\/\/ubirataonline.com.br\/tarot-do-dia-previsao-para-os-12-signos-em-29-03-2026\/#local-main-organization-logo"},"sameAs":["https:\/\/www.facebook.com\/portalubirataonline","https:\/\/x.com\/ubirataonline","https:\/\/mastodon.social\/@ubirataonline","https:\/\/www.facebook.com\/groups\/311144672285604","https:\/\/www.facebook.com\/UBTAOnline","https:\/\/www.instagram.com\/portalubirataonline\/","https:\/\/twitter.com\/ubirataonline"],"description":"Somos um portal de not\u00edcias independente, criado em 5 de janeiro de 2009, com o objetivo de informar, conectar e valorizar a nossa comunidade de Ubirat\u00e3 e toda aregi\u00e3o. Com conte\u00fado atualizado, confi\u00e1vel e relevante, o Ubirat\u00e3 Online \u00e9 o seu espa\u00e7o para ficar por dentro dos principais acontecimentos locais, regionais, Brasil, Mundo e de interesse geral. Nosso compromisso \u00e9 com a verdade, a transpar\u00eancia e o respeito ao leitor.","legalName":"UBIRATA ONLINE NOT\u00cdCIAS","foundingDate":"2009-01-05","numberOfEmployees":{"@type":"QuantitativeValue","minValue":"1","maxValue":"10"},"publishingPrinciples":"https:\/\/ubirataonline.com.br\/faq\/","address":{"@id":"https:\/\/ubirataonline.com.br\/tarot-do-dia-previsao-para-os-12-signos-em-29-03-2026\/#local-main-place-address"},"geo":{"@type":"GeoCoordinates","latitude":"-24.5361401","longitude":"-52.9921776"},"telephone":["+5544998308235"],"contactPoint":{"@type":"ContactPoint","email":"contato@ubirataonline.com.br"},"openingHoursSpecification":{"@type":"OpeningHoursSpecification","dayOfWeek":["Monday","Tuesday","Wednesday","Thursday","Friday","Saturday","Sunday"],"opens":"00:00","closes":"23:59"},"email":"contato@ubirataonline.com.br","vatID":"47.621.418\/0001-80"},{"@type":"Person","@id":"https:\/\/ubirataonline.com.br\/#\/schema\/person\/372f87bbd3fdd79b8556b84c98d0bc1c","name":"REDA\u00c7\u00c3O: UBIRAT\u00c3 ONLINE - F\u00c1BIO AUGUSTO CELESTINO","pronouns":"Ele","description":"Desde 2003 trabalhando com not\u00edcias.","sameAs":["http:\/\/ubirataoline.com.br","https:\/\/www.facebook.com\/portalubirataonline","https:\/\/www.instagram.com\/ubirataonline_oficial","https:\/\/x.com\/x.com\/ubirataonline"],"honorificPrefix":"Mr.","honorificSuffix":"MD","birthDate":"1980-06-16","gender":"masculino","award":["V\u00e1rios pr\u00eamios de melhor portal da cidade"],"jobTitle":"Diretor","url":"https:\/\/ubirataonline.com.br\/en\/author\/ubirataonline\/"},{"@type":"PostalAddress","@id":"https:\/\/ubirataonline.com.br\/tarot-do-dia-previsao-para-os-12-signos-em-29-03-2026\/#local-main-place-address","streetAddress":"Rua dos Coqueiros, 104 - Bairro Boa Vista, Rua dos Coqueiros, 104 Bairro Boa Vista","addressLocality":"UBIRATA","postalCode":"85440-000","addressRegion":"PR","addressCountry":"BR"},{"@type":"ImageObject","inLanguage":"en-US","@id":"https:\/\/ubirataonline.com.br\/tarot-do-dia-previsao-para-os-12-signos-em-29-03-2026\/#local-main-organization-logo","url":"https:\/\/ubirataonline.com.br\/wp-content\/uploads\/2026\/06\/logoubirataonline-1.webp","contentUrl":"https:\/\/ubirataonline.com.br\/wp-content\/uploads\/2026\/06\/logoubirataonline-1.webp","width":500,"height":500,"caption":"Ubirat\u00e3 Online Not\u00edcias"}]},"geo.placename":"UBIRATA","geo.position":{"lat":"-24.5361401","long":"-52.9921776"},"geo.region":"Brazil"},"_links":{"self":[{"href":"https:\/\/ubirataonline.com.br\/en\/wp-json\/wp\/v2\/posts\/98019","targetHints":{"allow":["GET"]}}],"collection":[{"href":"https:\/\/ubirataonline.com.br\/en\/wp-json\/wp\/v2\/posts"}],"about":[{"href":"https:\/\/ubirataonline.com.br\/en\/wp-json\/wp\/v2\/types\/post"}],"author":[{"embeddable":true,"href":"https:\/\/ubirataonline.com.br\/en\/wp-json\/wp\/v2\/users\/1"}],"replies":[{"embeddable":true,"href":"https:\/\/ubirataonline.com.br\/en\/wp-json\/wp\/v2\/comments?post=98019"}],"version-history":[{"count":0,"href":"https:\/\/ubirataonline.com.br\/en\/wp-json\/wp\/v2\/posts\/98019\/revisions"}],"wp:featuredmedia":[{"embeddable":true,"href":"https:\/\/ubirataonline.com.br\/en\/wp-json\/wp\/v2\/media\/98020"}],"wp:attachment":[{"href":"https:\/\/ubirataonline.com.br\/en\/wp-json\/wp\/v2\/media?parent=98019"}],"wp:term":[{"taxonomy":"category","embeddable":true,"href":"https:\/\/ubirataonline.com.br\/en\/wp-json\/wp\/v2\/categories?post=98019"},{"taxonomy":"post_tag","embeddable":true,"href":"https:\/\/ubirataonline.com.br\/en\/wp-json\/wp\/v2\/tags?post=98019"}],"curies":[{"name":"wp","href":"https:\/\/api.w.org\/{rel}","templated":true}]}}