{"id":98022,"date":"2026-03-29T08:24:47","date_gmt":"2026-03-29T11:24:47","guid":{"rendered":"https:\/\/ubirataonline.com.br\/a-bahia-tem-o-molho-chefs-celebram-aniversario-de-salvador\/"},"modified":"2026-03-29T08:24:50","modified_gmt":"2026-03-29T11:24:50","slug":"a-bahia-tem-o-molho-chefs-celebram-aniversario-de-salvador","status":"publish","type":"post","link":"https:\/\/ubirataonline.com.br\/en\/a-bahia-tem-o-molho-chefs-celebram-aniversario-de-salvador\/","title":{"rendered":"A Bahia tem o molho: chefs celebram anivers\u00e1rio de Salvador"},"content":{"rendered":"<p><\/p>\n<div id=\"post-6098139\">\n<figure class=\"featured-media media-open\"><figcaption class=\"noreadme-audima caption\">Chefs do Origem\u00a0<span>(Chefs Horiz\/Divulga\u00e7\u00e3o)<\/span><\/figcaption><div class=\"noreadme-audima ads deskad\">\n                    <span class=\"title\">Continua ap\u00f3s publicidade<\/span><\/p><\/div>\n<\/figure>\n<section class=\"content readme-audima\">\n<p style=\"text-align: justify;\">Fundada em 29 de mar\u00e7o de 1549 pelo primeiro governador-geral do Brasil, o portugu\u00eas <strong>Tom\u00e9 de Souza<\/strong>, a cidade de Salvador \u00e9 tamb\u00e9m a primeira capital do pa\u00eds e ber\u00e7o fundamental de muito do que se traduz em \u201cpovo brasileiro\u201d. Para a <a href=\"https:\/\/veja.abril.com.br\/coluna\/veja-gente\/\">coluna GENTE<\/a>, o chef <strong>Fabr\u00edcio Lemos<\/strong>, \u00e0 frente do <a href=\"https:\/\/veja.abril.com.br\/coluna\/veja-gente\/sabor-da-paixao-historias-de-chefs-que-se-casaram-na-cozinha\/\">Grupo OriGem<\/a>; fala o que mais gosta de fazer pela cidade.<\/p>\n<p style=\"text-align: justify;\">\u201cGosto muito de me reconectar com as minhas ra\u00edzes. Sempre que estou em Salvador, fa\u00e7o quest\u00e3o de ir at\u00e9 a Cidade Baixa, passar pelo Bonfim e pela Pedra Furada \u2014 s\u00e3o lugares que t\u00eam um significado especial pra mim. Tamb\u00e9m adoro tomar um banho de mar na Ba\u00eda de Todos-os-Santos, especialmente ali na regi\u00e3o do Porto da Barra. \u00c0 noite, quando poss\u00edvel, gosto de ir ao Centro Hist\u00f3rico e frequentar os bailes do Carmo. E claro, aproveitar a orla mar\u00edtima. O turista precisa conhecer Salvador para quebrar alguns preconceitos que ainda existem sobre a cidade. Salvador sabe receber muito bem, \u00e9 acolhedora e hoje est\u00e1 bem estruturada\u201d, diz Fabricio , dono do Origem, Segreto, Or\u00ed, Megiro, Or\u00ed Rooftop e Minibar Gem.<\/p>\n<p style=\"text-align: justify;\">Sua parceira de vida e de trabalho, a chef confeiteira<strong> Lisiane Arouca<\/strong>, concorda. \u201cSentir o cheiro do mar, ouvir m\u00fasica pelas ruas e, claro, comer bem. Salvador tem esse poder de transformar coisas simples em experi\u00eancias cheias de mem\u00f3ria e afeto. \u00c9 uma cidade rica em cultura, hist\u00f3ria e sabores \u00fanicos\u201d.<\/p>\n<p style=\"text-align: justify;\">O chef <strong>Kaywa Hilton<\/strong>, que viveu 13 anos fora de Salvador e retornou para comandar seu restaurante Boia e Mar\u00e9 Praia do Forte, se impacta com a for\u00e7a e a personalidade do povo da capital baiana. \u201cRodei um pouco desse mundo e decidi voltar pra c\u00e1, porque para mim aqui \u00e9 diferente. As pessoas que constroem essa cidade \u00e9 que fazem essa cidade viver. Salvador tem uma ess\u00eancia muito criativa e, claro, isso se reflete tamb\u00e9m na nossa gastronomia. Gosto de viver a cidade. Gosto de tomar caf\u00e9 da manh\u00e3 na Avenida Dois de Julho e aproveitar um fim de tarde no bairro de Santo Ant\u00f4nio Al\u00e9m do Carmo. Salvador \u00e9 vers\u00e1til e n\u00e3o tem como n\u00e3o viver aqui uma experi\u00eancia bacana\u201d, afirma.<\/p>\n<p><!-- TEMPLATE INSERIDO --><\/p>\n<p><!-- MOST READ MARFEEL --><\/p>\n<figure id=\"attachment_6098736\" class=\"wp-caption alignnone\">\n    <img loading=\"lazy\" decoding=\"async\" alt=\"Chef Kaywa Hilton do Boia\" class=\"wp-image-6098736 size-large\" src=\"https:\/\/veja.abril.com.br\/wp-content\/uploads\/2026\/03\/Boia_Chef-Kaywa-Hilton_Foto-Enzo-Angelo-7.jpg?quality=70&amp;strip=info&amp;w=650\" border=\"0\" title=\"Chef Kaywa Hilton do Boia\" width=\"650\" height=\"433\" data-restrict=\"false\" data-portal-copyright=\"Enzo Angelo\" data-image-caption=\"Chef Kaywa Hilton do Boia\" data-image-title=\"\" data-image-source=\"Divulga\u00e7\u00e3o\"\/><figcaption class=\"noreadme-audima wp-caption-text\"> Chef Kaywa Hilton do Boia <span>(Enzo Angelo\/Divulga\u00e7\u00e3o)<\/span><\/figcaption><\/figure>\n<p><iframe loading=\"lazy\" title=\"As ang\u00fastias de Marcos Oliveira no Retiro dos Artistas: \u2018n\u00e3o sou in\u00fatil\u2019  | VEJA Gente\" width=\"1366\" height=\"768\" src=\"https:\/\/www.youtube.com\/embed\/ln76WDfmgFI?feature=oembed\" frameborder=\"0\" allow=\"accelerometer; autoplay; clipboard-write; encrypted-media; gyroscope; picture-in-picture; web-share\" referrerpolicy=\"strict-origin-when-cross-origin\" allowfullscreen><\/iframe><\/p>\n<\/section><\/div>\n<p><a href=\"https:\/\/veja.abril.com.br\/coluna\/veja-gente\/a-bahia-tem-o-molho-chefs-celebram-aniversario-de-salvador\/\">Fonte do Artigo <\/a><\/p>","protected":false},"excerpt":{"rendered":"<p>Chefs do Origem\u00a0(Chefs Horiz\/Divulga\u00e7\u00e3o) Continua ap\u00f3s publicidade Fundada em 29 de mar\u00e7o de 1549 pelo primeiro governador-geral do Brasil, o portugu\u00eas Tom\u00e9 de Souza, a cidade de Salvador \u00e9 tamb\u00e9m a primeira capital do pa\u00eds e ber\u00e7o fundamental de muito do que se traduz em \u201cpovo brasileiro\u201d. Para a coluna GENTE, o chef Fabr\u00edcio Lemos, [&hellip;]<\/p>\n","protected":false},"author":1,"featured_media":98023,"comment_status":"closed","ping_status":"","sticky":false,"template":"","format":"standard","meta":{"googlesitekit_rrm_CAow2JLhCw:productID":"","_gspb_post_css":"","maa_idioma":"","maa_pais":"","footnotes":""},"categories":[4],"tags":[14397,3972,7297,11451,24246,18315,3208],"class_list":["post-98022","post","type-post","status-publish","format-standard","has-post-thumbnail","hentry","category-brasil","tag-aniversario","tag-bahia","tag-celebram","tag-chefs","tag-molho","tag-salvador","tag-tem"],"blocksy_meta":[],"yoast_head":"<!-- This site is optimized with the Yoast SEO Premium plugin v27.6 (Yoast SEO v27.6) - https:\/\/yoast.com\/product\/yoast-seo-premium-wordpress\/ -->\n<title>A Bahia tem o molho: chefs celebram anivers\u00e1rio de Salvador - Ubirat\u00e3 Online Not\u00edcias - A realidade ao seu alcance!<\/title>\n<meta name=\"description\" content=\"Chefs do Origem\u00a0(Chefs Horiz\/Divulga\u00e7\u00e3o) Continua ap\u00f3s publicidade Fundada em 29 de mar\u00e7o de 1549 pelo primeiro governador-geral do Brasil, o portugu\u00eas\" \/>\n<meta name=\"robots\" content=\"index, follow, max-snippet:-1, max-image-preview:large, max-video-preview:-1\" \/>\n<link rel=\"canonical\" href=\"https:\/\/ubirataonline.com.br\/en\/a-bahia-tem-o-molho-chefs-celebram-aniversario-de-salvador\/\" \/>\n<meta property=\"og:locale\" content=\"en_US\" \/>\n<meta property=\"og:type\" content=\"article\" \/>\n<meta property=\"og:title\" content=\"A Bahia tem o molho: chefs celebram anivers\u00e1rio de Salvador\" \/>\n<meta property=\"og:description\" content=\"Chefs do Origem\u00a0(Chefs Horiz\/Divulga\u00e7\u00e3o) Continua ap\u00f3s publicidade Fundada em 29 de mar\u00e7o de 1549 pelo primeiro governador-geral do Brasil, o portugu\u00eas\" \/>\n<meta property=\"og:url\" content=\"https:\/\/ubirataonline.com.br\/en\/a-bahia-tem-o-molho-chefs-celebram-aniversario-de-salvador\/\" \/>\n<meta property=\"og:site_name\" content=\"Ubirat\u00e3 Online Not\u00edcias - A realidade ao seu alcance!\" \/>\n<meta property=\"article:publisher\" content=\"https:\/\/www.facebook.com\/portalubirataonline\" \/>\n<meta property=\"article:author\" content=\"https:\/\/www.facebook.com\/portalubirataonline\" \/>\n<meta property=\"article:published_time\" content=\"2026-03-29T11:24:47+00:00\" \/>\n<meta property=\"article:modified_time\" content=\"2026-03-29T11:24:50+00:00\" \/>\n<meta property=\"og:image\" content=\"https:\/\/ubirataonline.com.br\/wp-content\/uploads\/2026\/03\/A-Bahia-tem-o-molho-chefs-celebram-aniversario-de-Salvador.jpeg\" \/>\n\t<meta property=\"og:image:width\" content=\"1080\" \/>\n\t<meta property=\"og:image:height\" content=\"565\" \/>\n\t<meta property=\"og:image:type\" content=\"image\/jpeg\" \/>\n<meta name=\"author\" content=\"REDA\u00c7\u00c3O: UBIRAT\u00c3 ONLINE - F\u00c1BIO AUGUSTO CELESTINO\" \/>\n<meta name=\"twitter:card\" content=\"summary_large_image\" \/>\n<meta name=\"twitter:creator\" content=\"@x.com\/ubirataonline\" \/>\n<meta name=\"twitter:site\" content=\"@ubirataonline\" \/>\n<meta name=\"twitter:label1\" content=\"Written by\" \/>\n\t<meta name=\"twitter:data1\" content=\"REDA\u00c7\u00c3O: UBIRAT\u00c3 ONLINE - F\u00c1BIO AUGUSTO CELESTINO\" \/>\n\t<meta name=\"twitter:label2\" content=\"Est. reading time\" \/>\n\t<meta name=\"twitter:data2\" content=\"2 minutes\" \/>\n<script type=\"application\/ld+json\" class=\"yoast-schema-graph\">{\"@context\":\"https:\\\/\\\/schema.org\",\"@graph\":[{\"@type\":\"NewsArticle\",\"@id\":\"https:\\\/\\\/ubirataonline.com.br\\\/a-bahia-tem-o-molho-chefs-celebram-aniversario-de-salvador\\\/#article\",\"isPartOf\":{\"@id\":\"https:\\\/\\\/ubirataonline.com.br\\\/a-bahia-tem-o-molho-chefs-celebram-aniversario-de-salvador\\\/\"},\"author\":{\"name\":\"REDA\u00c7\u00c3O: UBIRAT\u00c3 ONLINE - F\u00c1BIO AUGUSTO CELESTINO\",\"@id\":\"https:\\\/\\\/ubirataonline.com.br\\\/#\\\/schema\\\/person\\\/372f87bbd3fdd79b8556b84c98d0bc1c\"},\"headline\":\"A Bahia tem o molho: chefs celebram anivers\u00e1rio de Salvador\",\"datePublished\":\"2026-03-29T11:24:47+00:00\",\"dateModified\":\"2026-03-29T11:24:50+00:00\",\"mainEntityOfPage\":{\"@id\":\"https:\\\/\\\/ubirataonline.com.br\\\/a-bahia-tem-o-molho-chefs-celebram-aniversario-de-salvador\\\/\"},\"wordCount\":418,\"publisher\":{\"@id\":\"https:\\\/\\\/ubirataonline.com.br\\\/#organization\"},\"image\":{\"@id\":\"https:\\\/\\\/ubirataonline.com.br\\\/a-bahia-tem-o-molho-chefs-celebram-aniversario-de-salvador\\\/#primaryimage\"},\"thumbnailUrl\":\"https:\\\/\\\/ubirataonline.com.br\\\/wp-content\\\/uploads\\\/2026\\\/03\\\/A-Bahia-tem-o-molho-chefs-celebram-aniversario-de-Salvador.jpeg\",\"keywords\":[\"anivers\u00e1rio\",\"Bahia\",\"celebram\",\"Chefs\",\"molho\",\"Salvador\",\"tem\"],\"articleSection\":[\"Brasil\"],\"inLanguage\":\"en-US\",\"copyrightYear\":\"2026\",\"copyrightHolder\":{\"@id\":\"https:\\\/\\\/ubirataonline.com.br\\\/en\\\/#organization\"}},{\"@type\":\"WebPage\",\"@id\":\"https:\\\/\\\/ubirataonline.com.br\\\/a-bahia-tem-o-molho-chefs-celebram-aniversario-de-salvador\\\/\",\"url\":\"https:\\\/\\\/ubirataonline.com.br\\\/a-bahia-tem-o-molho-chefs-celebram-aniversario-de-salvador\\\/\",\"name\":\"A Bahia tem o molho: chefs celebram anivers\u00e1rio de Salvador - Ubirat\u00e3 Online Not\u00edcias - A realidade ao seu alcance!\",\"isPartOf\":{\"@id\":\"https:\\\/\\\/ubirataonline.com.br\\\/#website\"},\"primaryImageOfPage\":{\"@id\":\"https:\\\/\\\/ubirataonline.com.br\\\/a-bahia-tem-o-molho-chefs-celebram-aniversario-de-salvador\\\/#primaryimage\"},\"image\":{\"@id\":\"https:\\\/\\\/ubirataonline.com.br\\\/a-bahia-tem-o-molho-chefs-celebram-aniversario-de-salvador\\\/#primaryimage\"},\"thumbnailUrl\":\"https:\\\/\\\/ubirataonline.com.br\\\/wp-content\\\/uploads\\\/2026\\\/03\\\/A-Bahia-tem-o-molho-chefs-celebram-aniversario-de-Salvador.jpeg\",\"datePublished\":\"2026-03-29T11:24:47+00:00\",\"dateModified\":\"2026-03-29T11:24:50+00:00\",\"description\":\"Chefs do Origem\u00a0(Chefs Horiz\\\/Divulga\u00e7\u00e3o) Continua ap\u00f3s publicidade Fundada em 29 de mar\u00e7o de 1549 pelo primeiro governador-geral do Brasil, o portugu\u00eas\",\"breadcrumb\":{\"@id\":\"https:\\\/\\\/ubirataonline.com.br\\\/a-bahia-tem-o-molho-chefs-celebram-aniversario-de-salvador\\\/#breadcrumb\"},\"inLanguage\":\"en-US\",\"potentialAction\":[{\"@type\":\"ReadAction\",\"target\":[\"https:\\\/\\\/ubirataonline.com.br\\\/a-bahia-tem-o-molho-chefs-celebram-aniversario-de-salvador\\\/\"]}]},{\"@type\":\"ImageObject\",\"inLanguage\":\"en-US\",\"@id\":\"https:\\\/\\\/ubirataonline.com.br\\\/a-bahia-tem-o-molho-chefs-celebram-aniversario-de-salvador\\\/#primaryimage\",\"url\":\"https:\\\/\\\/ubirataonline.com.br\\\/wp-content\\\/uploads\\\/2026\\\/03\\\/A-Bahia-tem-o-molho-chefs-celebram-aniversario-de-Salvador.jpeg\",\"contentUrl\":\"https:\\\/\\\/ubirataonline.com.br\\\/wp-content\\\/uploads\\\/2026\\\/03\\\/A-Bahia-tem-o-molho-chefs-celebram-aniversario-de-Salvador.jpeg\",\"width\":1080,\"height\":565,\"caption\":\"Chefs do Origem&nbsp;(Chefs Horiz\\\/Divulga\u00e7\u00e3o)\"},{\"@type\":\"BreadcrumbList\",\"@id\":\"https:\\\/\\\/ubirataonline.com.br\\\/a-bahia-tem-o-molho-chefs-celebram-aniversario-de-salvador\\\/#breadcrumb\",\"itemListElement\":[{\"@type\":\"ListItem\",\"position\":1,\"name\":\"In\u00edcio\",\"item\":\"https:\\\/\\\/ubirataonline.com.br\\\/\"},{\"@type\":\"ListItem\",\"position\":2,\"name\":\"A Bahia tem o molho: chefs celebram anivers\u00e1rio de Salvador\"}]},{\"@type\":\"WebSite\",\"@id\":\"https:\\\/\\\/ubirataonline.com.br\\\/#website\",\"url\":\"https:\\\/\\\/ubirataonline.com.br\\\/\",\"name\":\"Ubirat\u00e3 Online Not\u00edcias\",\"description\":\"Not\u00edcias de Ubirat\u00e3, regi\u00e3o, Brasil e mundo, com informa\u00e7\u00e3o atualizada e compromisso com o leitor.\",\"publisher\":{\"@id\":\"https:\\\/\\\/ubirataonline.com.br\\\/#organization\"},\"alternateName\":\"Ubirat\u00e3 Online\",\"potentialAction\":[{\"@type\":\"SearchAction\",\"target\":{\"@type\":\"EntryPoint\",\"urlTemplate\":\"https:\\\/\\\/ubirataonline.com.br\\\/?s={search_term_string}\"},\"query-input\":{\"@type\":\"PropertyValueSpecification\",\"valueRequired\":true,\"valueName\":\"search_term_string\"}}],\"inLanguage\":\"en-US\"},{\"@type\":[\"Organization\",\"Place\"],\"@id\":\"https:\\\/\\\/ubirataonline.com.br\\\/#organization\",\"name\":\"Ubirat\u00e3 Online Not\u00edcias\",\"alternateName\":\"Ubirat\u00e3 Online\",\"url\":\"https:\\\/\\\/ubirataonline.com.br\\\/\",\"logo\":{\"@id\":\"https:\\\/\\\/ubirataonline.com.br\\\/a-bahia-tem-o-molho-chefs-celebram-aniversario-de-salvador\\\/#local-main-organization-logo\"},\"image\":{\"@id\":\"https:\\\/\\\/ubirataonline.com.br\\\/a-bahia-tem-o-molho-chefs-celebram-aniversario-de-salvador\\\/#local-main-organization-logo\"},\"sameAs\":[\"https:\\\/\\\/www.facebook.com\\\/portalubirataonline\",\"https:\\\/\\\/x.com\\\/ubirataonline\",\"https:\\\/\\\/mastodon.social\\\/@ubirataonline\",\"https:\\\/\\\/www.facebook.com\\\/groups\\\/311144672285604\",\"https:\\\/\\\/www.facebook.com\\\/UBTAOnline\",\"https:\\\/\\\/www.instagram.com\\\/portalubirataonline\\\/\",\"https:\\\/\\\/twitter.com\\\/ubirataonline\"],\"description\":\"Somos um portal de not\u00edcias independente, criado em 5 de janeiro de 2009, com o objetivo de informar, conectar e valorizar a nossa comunidade de Ubirat\u00e3 e toda aregi\u00e3o. Com conte\u00fado atualizado, confi\u00e1vel e relevante, o Ubirat\u00e3 Online \u00e9 o seu espa\u00e7o para ficar por dentro dos principais acontecimentos locais, regionais, Brasil, Mundo e de interesse geral. Nosso compromisso \u00e9 com a verdade, a transpar\u00eancia e o respeito ao leitor.\",\"legalName\":\"UBIRATA ONLINE NOT\u00cdCIAS\",\"foundingDate\":\"2009-01-05\",\"numberOfEmployees\":{\"@type\":\"QuantitativeValue\",\"minValue\":\"1\",\"maxValue\":\"10\"},\"publishingPrinciples\":\"https:\\\/\\\/ubirataonline.com.br\\\/faq\\\/\",\"address\":{\"@id\":\"https:\\\/\\\/ubirataonline.com.br\\\/a-bahia-tem-o-molho-chefs-celebram-aniversario-de-salvador\\\/#local-main-place-address\"},\"geo\":{\"@type\":\"GeoCoordinates\",\"latitude\":\"-24.5361401\",\"longitude\":\"-52.9921776\"},\"telephone\":[\"+5544998308235\"],\"contactPoint\":{\"@type\":\"ContactPoint\",\"email\":\"contato@ubirataonline.com.br\"},\"openingHoursSpecification\":{\"@type\":\"OpeningHoursSpecification\",\"dayOfWeek\":[\"Monday\",\"Tuesday\",\"Wednesday\",\"Thursday\",\"Friday\",\"Saturday\",\"Sunday\"],\"opens\":\"00:00\",\"closes\":\"23:59\"},\"email\":\"contato@ubirataonline.com.br\",\"vatID\":\"47.621.418\\\/0001-80\"},{\"@type\":\"Person\",\"@id\":\"https:\\\/\\\/ubirataonline.com.br\\\/#\\\/schema\\\/person\\\/372f87bbd3fdd79b8556b84c98d0bc1c\",\"name\":\"REDA\u00c7\u00c3O: UBIRAT\u00c3 ONLINE - F\u00c1BIO AUGUSTO CELESTINO\",\"pronouns\":\"Ele\",\"description\":\"Desde 2003 trabalhando com not\u00edcias.\",\"sameAs\":[\"http:\\\/\\\/ubirataoline.com.br\",\"https:\\\/\\\/www.facebook.com\\\/portalubirataonline\",\"https:\\\/\\\/www.instagram.com\\\/ubirataonline_oficial\",\"https:\\\/\\\/x.com\\\/x.com\\\/ubirataonline\"],\"honorificPrefix\":\"Mr.\",\"honorificSuffix\":\"MD\",\"birthDate\":\"1980-06-16\",\"gender\":\"masculino\",\"award\":[\"V\u00e1rios pr\u00eamios de melhor portal da cidade\"],\"jobTitle\":\"Diretor\",\"url\":\"https:\\\/\\\/ubirataonline.com.br\\\/en\\\/author\\\/ubirataonline\\\/\"},{\"@type\":\"PostalAddress\",\"@id\":\"https:\\\/\\\/ubirataonline.com.br\\\/a-bahia-tem-o-molho-chefs-celebram-aniversario-de-salvador\\\/#local-main-place-address\",\"streetAddress\":\"Rua dos Coqueiros, 104 - Bairro Boa Vista, Rua dos Coqueiros, 104 Bairro Boa Vista\",\"addressLocality\":\"UBIRATA\",\"postalCode\":\"85440-000\",\"addressRegion\":\"PR\",\"addressCountry\":\"BR\"},{\"@type\":\"ImageObject\",\"inLanguage\":\"en-US\",\"@id\":\"https:\\\/\\\/ubirataonline.com.br\\\/a-bahia-tem-o-molho-chefs-celebram-aniversario-de-salvador\\\/#local-main-organization-logo\",\"url\":\"https:\\\/\\\/ubirataonline.com.br\\\/wp-content\\\/uploads\\\/2026\\\/06\\\/logoubirataonline-1.webp\",\"contentUrl\":\"https:\\\/\\\/ubirataonline.com.br\\\/wp-content\\\/uploads\\\/2026\\\/06\\\/logoubirataonline-1.webp\",\"width\":500,\"height\":500,\"caption\":\"Ubirat\u00e3 Online Not\u00edcias\"}]}<\/script>\n<meta name=\"geo.placename\" content=\"UBIRATA\" \/>\n<meta name=\"geo.position\" content=\"-24.5361401;-52.9921776\" \/>\n<meta name=\"geo.region\" content=\"Brazil\" \/>\n<!-- \/ Yoast SEO Premium plugin. -->","yoast_head_json":{"title":"A Bahia tem o molho: chefs celebram anivers\u00e1rio de Salvador - Ubirat\u00e3 Online Not\u00edcias - A realidade ao seu alcance!","description":"Chefs do Origem\u00a0(Chefs Horiz\/Divulga\u00e7\u00e3o) Continua ap\u00f3s publicidade Fundada em 29 de mar\u00e7o de 1549 pelo primeiro governador-geral do Brasil, o portugu\u00eas","robots":{"index":"index","follow":"follow","max-snippet":"max-snippet:-1","max-image-preview":"max-image-preview:large","max-video-preview":"max-video-preview:-1"},"canonical":"https:\/\/ubirataonline.com.br\/en\/a-bahia-tem-o-molho-chefs-celebram-aniversario-de-salvador\/","og_locale":"en_US","og_type":"article","og_title":"A Bahia tem o molho: chefs celebram anivers\u00e1rio de Salvador","og_description":"Chefs do Origem\u00a0(Chefs Horiz\/Divulga\u00e7\u00e3o) Continua ap\u00f3s publicidade Fundada em 29 de mar\u00e7o de 1549 pelo primeiro governador-geral do Brasil, o portugu\u00eas","og_url":"https:\/\/ubirataonline.com.br\/en\/a-bahia-tem-o-molho-chefs-celebram-aniversario-de-salvador\/","og_site_name":"Ubirat\u00e3 Online Not\u00edcias - A realidade ao seu alcance!","article_publisher":"https:\/\/www.facebook.com\/portalubirataonline","article_author":"https:\/\/www.facebook.com\/portalubirataonline","article_published_time":"2026-03-29T11:24:47+00:00","article_modified_time":"2026-03-29T11:24:50+00:00","og_image":[{"width":1080,"height":565,"url":"https:\/\/ubirataonline.com.br\/wp-content\/uploads\/2026\/03\/A-Bahia-tem-o-molho-chefs-celebram-aniversario-de-Salvador.jpeg","type":"image\/jpeg"}],"author":"REDA\u00c7\u00c3O: UBIRAT\u00c3 ONLINE - F\u00c1BIO AUGUSTO CELESTINO","twitter_card":"summary_large_image","twitter_creator":"@x.com\/ubirataonline","twitter_site":"@ubirataonline","twitter_misc":{"Written by":"REDA\u00c7\u00c3O: UBIRAT\u00c3 ONLINE - F\u00c1BIO AUGUSTO CELESTINO","Est. reading time":"2 minutes"},"schema":{"@context":"https:\/\/schema.org","@graph":[{"@type":"NewsArticle","@id":"https:\/\/ubirataonline.com.br\/a-bahia-tem-o-molho-chefs-celebram-aniversario-de-salvador\/#article","isPartOf":{"@id":"https:\/\/ubirataonline.com.br\/a-bahia-tem-o-molho-chefs-celebram-aniversario-de-salvador\/"},"author":{"name":"REDA\u00c7\u00c3O: UBIRAT\u00c3 ONLINE - F\u00c1BIO AUGUSTO CELESTINO","@id":"https:\/\/ubirataonline.com.br\/#\/schema\/person\/372f87bbd3fdd79b8556b84c98d0bc1c"},"headline":"A Bahia tem o molho: chefs celebram anivers\u00e1rio de Salvador","datePublished":"2026-03-29T11:24:47+00:00","dateModified":"2026-03-29T11:24:50+00:00","mainEntityOfPage":{"@id":"https:\/\/ubirataonline.com.br\/a-bahia-tem-o-molho-chefs-celebram-aniversario-de-salvador\/"},"wordCount":418,"publisher":{"@id":"https:\/\/ubirataonline.com.br\/#organization"},"image":{"@id":"https:\/\/ubirataonline.com.br\/a-bahia-tem-o-molho-chefs-celebram-aniversario-de-salvador\/#primaryimage"},"thumbnailUrl":"https:\/\/ubirataonline.com.br\/wp-content\/uploads\/2026\/03\/A-Bahia-tem-o-molho-chefs-celebram-aniversario-de-Salvador.jpeg","keywords":["anivers\u00e1rio","Bahia","celebram","Chefs","molho","Salvador","tem"],"articleSection":["Brasil"],"inLanguage":"en-US","copyrightYear":"2026","copyrightHolder":{"@id":"https:\/\/ubirataonline.com.br\/en\/#organization"}},{"@type":"WebPage","@id":"https:\/\/ubirataonline.com.br\/a-bahia-tem-o-molho-chefs-celebram-aniversario-de-salvador\/","url":"https:\/\/ubirataonline.com.br\/a-bahia-tem-o-molho-chefs-celebram-aniversario-de-salvador\/","name":"A Bahia tem o molho: chefs celebram anivers\u00e1rio de Salvador - Ubirat\u00e3 Online Not\u00edcias - A realidade ao seu alcance!","isPartOf":{"@id":"https:\/\/ubirataonline.com.br\/#website"},"primaryImageOfPage":{"@id":"https:\/\/ubirataonline.com.br\/a-bahia-tem-o-molho-chefs-celebram-aniversario-de-salvador\/#primaryimage"},"image":{"@id":"https:\/\/ubirataonline.com.br\/a-bahia-tem-o-molho-chefs-celebram-aniversario-de-salvador\/#primaryimage"},"thumbnailUrl":"https:\/\/ubirataonline.com.br\/wp-content\/uploads\/2026\/03\/A-Bahia-tem-o-molho-chefs-celebram-aniversario-de-Salvador.jpeg","datePublished":"2026-03-29T11:24:47+00:00","dateModified":"2026-03-29T11:24:50+00:00","description":"Chefs do Origem\u00a0(Chefs Horiz\/Divulga\u00e7\u00e3o) Continua ap\u00f3s publicidade Fundada em 29 de mar\u00e7o de 1549 pelo primeiro governador-geral do Brasil, o portugu\u00eas","breadcrumb":{"@id":"https:\/\/ubirataonline.com.br\/a-bahia-tem-o-molho-chefs-celebram-aniversario-de-salvador\/#breadcrumb"},"inLanguage":"en-US","potentialAction":[{"@type":"ReadAction","target":["https:\/\/ubirataonline.com.br\/a-bahia-tem-o-molho-chefs-celebram-aniversario-de-salvador\/"]}]},{"@type":"ImageObject","inLanguage":"en-US","@id":"https:\/\/ubirataonline.com.br\/a-bahia-tem-o-molho-chefs-celebram-aniversario-de-salvador\/#primaryimage","url":"https:\/\/ubirataonline.com.br\/wp-content\/uploads\/2026\/03\/A-Bahia-tem-o-molho-chefs-celebram-aniversario-de-Salvador.jpeg","contentUrl":"https:\/\/ubirataonline.com.br\/wp-content\/uploads\/2026\/03\/A-Bahia-tem-o-molho-chefs-celebram-aniversario-de-Salvador.jpeg","width":1080,"height":565,"caption":"Chefs do Origem&nbsp;(Chefs Horiz\/Divulga\u00e7\u00e3o)"},{"@type":"BreadcrumbList","@id":"https:\/\/ubirataonline.com.br\/a-bahia-tem-o-molho-chefs-celebram-aniversario-de-salvador\/#breadcrumb","itemListElement":[{"@type":"ListItem","position":1,"name":"In\u00edcio","item":"https:\/\/ubirataonline.com.br\/"},{"@type":"ListItem","position":2,"name":"A Bahia tem o molho: chefs celebram anivers\u00e1rio de Salvador"}]},{"@type":"WebSite","@id":"https:\/\/ubirataonline.com.br\/#website","url":"https:\/\/ubirataonline.com.br\/","name":"Ubirat\u00e3 Online Not\u00edcias","description":"Not\u00edcias de Ubirat\u00e3, regi\u00e3o, Brasil e mundo, com informa\u00e7\u00e3o atualizada e compromisso com o leitor.","publisher":{"@id":"https:\/\/ubirataonline.com.br\/#organization"},"alternateName":"Ubirat\u00e3 Online","potentialAction":[{"@type":"SearchAction","target":{"@type":"EntryPoint","urlTemplate":"https:\/\/ubirataonline.com.br\/?s={search_term_string}"},"query-input":{"@type":"PropertyValueSpecification","valueRequired":true,"valueName":"search_term_string"}}],"inLanguage":"en-US"},{"@type":["Organization","Place"],"@id":"https:\/\/ubirataonline.com.br\/#organization","name":"Ubirat\u00e3 Online Not\u00edcias","alternateName":"Ubirat\u00e3 Online","url":"https:\/\/ubirataonline.com.br\/","logo":{"@id":"https:\/\/ubirataonline.com.br\/a-bahia-tem-o-molho-chefs-celebram-aniversario-de-salvador\/#local-main-organization-logo"},"image":{"@id":"https:\/\/ubirataonline.com.br\/a-bahia-tem-o-molho-chefs-celebram-aniversario-de-salvador\/#local-main-organization-logo"},"sameAs":["https:\/\/www.facebook.com\/portalubirataonline","https:\/\/x.com\/ubirataonline","https:\/\/mastodon.social\/@ubirataonline","https:\/\/www.facebook.com\/groups\/311144672285604","https:\/\/www.facebook.com\/UBTAOnline","https:\/\/www.instagram.com\/portalubirataonline\/","https:\/\/twitter.com\/ubirataonline"],"description":"Somos um portal de not\u00edcias independente, criado em 5 de janeiro de 2009, com o objetivo de informar, conectar e valorizar a nossa comunidade de Ubirat\u00e3 e toda aregi\u00e3o. Com conte\u00fado atualizado, confi\u00e1vel e relevante, o Ubirat\u00e3 Online \u00e9 o seu espa\u00e7o para ficar por dentro dos principais acontecimentos locais, regionais, Brasil, Mundo e de interesse geral. Nosso compromisso \u00e9 com a verdade, a transpar\u00eancia e o respeito ao leitor.","legalName":"UBIRATA ONLINE NOT\u00cdCIAS","foundingDate":"2009-01-05","numberOfEmployees":{"@type":"QuantitativeValue","minValue":"1","maxValue":"10"},"publishingPrinciples":"https:\/\/ubirataonline.com.br\/faq\/","address":{"@id":"https:\/\/ubirataonline.com.br\/a-bahia-tem-o-molho-chefs-celebram-aniversario-de-salvador\/#local-main-place-address"},"geo":{"@type":"GeoCoordinates","latitude":"-24.5361401","longitude":"-52.9921776"},"telephone":["+5544998308235"],"contactPoint":{"@type":"ContactPoint","email":"contato@ubirataonline.com.br"},"openingHoursSpecification":{"@type":"OpeningHoursSpecification","dayOfWeek":["Monday","Tuesday","Wednesday","Thursday","Friday","Saturday","Sunday"],"opens":"00:00","closes":"23:59"},"email":"contato@ubirataonline.com.br","vatID":"47.621.418\/0001-80"},{"@type":"Person","@id":"https:\/\/ubirataonline.com.br\/#\/schema\/person\/372f87bbd3fdd79b8556b84c98d0bc1c","name":"REDA\u00c7\u00c3O: UBIRAT\u00c3 ONLINE - F\u00c1BIO AUGUSTO CELESTINO","pronouns":"Ele","description":"Desde 2003 trabalhando com not\u00edcias.","sameAs":["http:\/\/ubirataoline.com.br","https:\/\/www.facebook.com\/portalubirataonline","https:\/\/www.instagram.com\/ubirataonline_oficial","https:\/\/x.com\/x.com\/ubirataonline"],"honorificPrefix":"Mr.","honorificSuffix":"MD","birthDate":"1980-06-16","gender":"masculino","award":["V\u00e1rios pr\u00eamios de melhor portal da cidade"],"jobTitle":"Diretor","url":"https:\/\/ubirataonline.com.br\/en\/author\/ubirataonline\/"},{"@type":"PostalAddress","@id":"https:\/\/ubirataonline.com.br\/a-bahia-tem-o-molho-chefs-celebram-aniversario-de-salvador\/#local-main-place-address","streetAddress":"Rua dos Coqueiros, 104 - Bairro Boa Vista, Rua dos Coqueiros, 104 Bairro Boa Vista","addressLocality":"UBIRATA","postalCode":"85440-000","addressRegion":"PR","addressCountry":"BR"},{"@type":"ImageObject","inLanguage":"en-US","@id":"https:\/\/ubirataonline.com.br\/a-bahia-tem-o-molho-chefs-celebram-aniversario-de-salvador\/#local-main-organization-logo","url":"https:\/\/ubirataonline.com.br\/wp-content\/uploads\/2026\/06\/logoubirataonline-1.webp","contentUrl":"https:\/\/ubirataonline.com.br\/wp-content\/uploads\/2026\/06\/logoubirataonline-1.webp","width":500,"height":500,"caption":"Ubirat\u00e3 Online Not\u00edcias"}]},"geo.placename":"UBIRATA","geo.position":{"lat":"-24.5361401","long":"-52.9921776"},"geo.region":"Brazil"},"_links":{"self":[{"href":"https:\/\/ubirataonline.com.br\/en\/wp-json\/wp\/v2\/posts\/98022","targetHints":{"allow":["GET"]}}],"collection":[{"href":"https:\/\/ubirataonline.com.br\/en\/wp-json\/wp\/v2\/posts"}],"about":[{"href":"https:\/\/ubirataonline.com.br\/en\/wp-json\/wp\/v2\/types\/post"}],"author":[{"embeddable":true,"href":"https:\/\/ubirataonline.com.br\/en\/wp-json\/wp\/v2\/users\/1"}],"replies":[{"embeddable":true,"href":"https:\/\/ubirataonline.com.br\/en\/wp-json\/wp\/v2\/comments?post=98022"}],"version-history":[{"count":0,"href":"https:\/\/ubirataonline.com.br\/en\/wp-json\/wp\/v2\/posts\/98022\/revisions"}],"wp:featuredmedia":[{"embeddable":true,"href":"https:\/\/ubirataonline.com.br\/en\/wp-json\/wp\/v2\/media\/98023"}],"wp:attachment":[{"href":"https:\/\/ubirataonline.com.br\/en\/wp-json\/wp\/v2\/media?parent=98022"}],"wp:term":[{"taxonomy":"category","embeddable":true,"href":"https:\/\/ubirataonline.com.br\/en\/wp-json\/wp\/v2\/categories?post=98022"},{"taxonomy":"post_tag","embeddable":true,"href":"https:\/\/ubirataonline.com.br\/en\/wp-json\/wp\/v2\/tags?post=98022"}],"curies":[{"name":"wp","href":"https:\/\/api.w.org\/{rel}","templated":true}]}}