{"id":98160,"date":"2026-03-30T01:43:47","date_gmt":"2026-03-30T04:43:47","guid":{"rendered":"https:\/\/ubirataonline.com.br\/falecimentos-em-curitiba-obituario-deste-domingo-29-03\/"},"modified":"2026-03-30T01:43:48","modified_gmt":"2026-03-30T04:43:48","slug":"falecimentos-em-curitiba-obituario-deste-domingo-29-03","status":"publish","type":"post","link":"https:\/\/ubirataonline.com.br\/en\/falecimentos-em-curitiba-obituario-deste-domingo-29-03\/","title":{"rendered":"Falecimentos em Curitiba: Obitu\u00e1rio deste domingo (29\/03)"},"content":{"rendered":"<p><\/p>\n<div id=\"post-content\">\n<p><strong>AIRTON JOSE DRECHASLER, <\/strong>63 ano(s). Profiss\u00e3o: COMERCIANTE. C\u00f4njuge: TEREZA CRUZ DRECHASLER. Filia\u00e7\u00e3o: JOSE DRECHASLER e TEREZINHA MANFRON DRECHASLER. Sepultamento: (CURITIBA) PAROQUIAL SANTA FELICIDADE, domingo, 29 de mar\u00e7o de 2026 \u00e0s 15:30h. Data do Falecimento: 28\/03\/2026.<\/p>\n<p><strong>ALBERTO MARTINS DOS SANTOS, <\/strong>94 ano(s). Profiss\u00e3o: PROFESSOR(A). C\u00f4njuge: EUGENIA KOSLINSKI. Filia\u00e7\u00e3o: ROBERTO MARTINS DOS SANTOS e BALBINA VIEIRA DOS SANTOS. Sepultamento: (S.J.DOS PINHAIS) CEMITERIO MEMORIAL DA VIDA, domingo, 29 de mar\u00e7o de 2026 \u00e0s 16:30h. Data do Falecimento: 28\/03\/2026.<\/p>\n<p><strong>ALBINO SWIECH, <\/strong>74 ano(s). Profiss\u00e3o: CONTADOR(A). C\u00f4njuge: ANA SZPAK. Filia\u00e7\u00e3o: ESTANISLAU SWIECH e CAROLINA KUCHARSKI SWIECH. Sepultamento: CREMAT\u00d3RIO VATICANO (ALMIRANTE TAMANDAR\u00c9-PR), domingo, 29 de mar\u00e7o de 2026 \u00e0s 15:00h. Data do Falecimento: 28\/03\/2026.<\/p>\n<p><strong>ALCIDES ALVES, <\/strong>80 ano(s). Profiss\u00e3o: PEDREIRO. C\u00f4njuge: GERALDA MARTINS ALVES. Filia\u00e7\u00e3o: ONOFRE ALVES e FRANCELINA JUSTIMIANA DOS SANTOS. Sepultamento: (CURITIBA) VERTICAL, s\u00e1bado, 28 de mar\u00e7o de 2026 \u00e0s 14:00h. Data do Falecimento: 28\/03\/2026.<\/p>\n<p><strong>AMELIA MONTENEGRO, <\/strong>101 ano(s). C\u00f4njuge: JERSEY BARROS MONTENEGRO. Filia\u00e7\u00e3o: CASEMIRO PASKOSKI e MARIA PASKOSKI. Sepultamento: (PINHAIS) CREMAT\u00d3RIO JARDIM DA SAUDADE, domingo, 29 de mar\u00e7o de 2026. Data do Falecimento: 28\/03\/2026.<\/p>\n<p><strong>ANA MARIA DE CAMPOS ARAUJO, <\/strong>73 ano(s). Profiss\u00e3o: AUXILIAR COZINHA. Filia\u00e7\u00e3o: ANTONIO PEREIRA DE CAMPOS e MARIA AMARAL MACHADO. Sepultamento: MUNICIPAL BOQUEIR\u00c3O, domingo, 29 de mar\u00e7o de 2026 \u00e0s 17:00h. Data do Falecimento: 28\/03\/2026.<\/p>\n<p><strong>ANA MARIA RIBEIRO LASKANI, <\/strong>76 ano(s). Profiss\u00e3o: PROFESSOR(A). C\u00f4njuge: SYDNEY DA CUNHA COSTA. Filia\u00e7\u00e3o: LOURIVAL DE SOUZA RIBEIRO e UMBELINA DE GOES RIBEIRO. Sepultamento: CREMAT\u00d3RIO PERPETUO SOCORRO (CAMPO LARGO-PR), domingo, 29 de mar\u00e7o de 2026 \u00e0s 10:30h. Data do Falecimento: 28\/03\/2026.<\/p>\n<p><strong>BENEDITA BARBOSA, <\/strong>77 ano(s). Profiss\u00e3o: AUXILIAR. Filia\u00e7\u00e3o: ANA BARBOSA. Sepultamento: (S.J.DOS PINHAIS) CEMIT\u00c9RIO PQ SR DO BONFIM, domingo, 29 de mar\u00e7o de 2026 \u00e0s 15:30h. Data do Falecimento: 28\/03\/2026.<\/p>\n<p><strong>CLARICE MACHADO, <\/strong>80 ano(s). Profiss\u00e3o: DO LAR. Filia\u00e7\u00e3o: PEDRO MAYER e EMMA MAYER. Sepultamento: MUNICIPAL BOQUEIR\u00c3O, domingo, 29 de mar\u00e7o de 2026 \u00e0s 16:30h. Data do Falecimento: 28\/03\/2026.<\/p>\n<p><strong>CLAUDINEI CORREA DE OLIVEIRA, <\/strong>50 ano(s). Profiss\u00e3o: MOTORISTA. Filia\u00e7\u00e3o: JETRO BATISTA DE OLIVEIRA e LAURINHA CORREA BARBOSA. Sepultamento: CREMAT\u00d3RIO LUTO CURITIBA (FAZENDA RIO GRANDE), domingo, 29 de mar\u00e7o de 2026 \u00e0s 16:00h. Data do Falecimento: 28\/03\/2026.<\/p>\n<p><strong>DANIEL DE MELLO PEIXOTO AMARAL, <\/strong>70 ano(s). Profiss\u00e3o: ADMINISTRADOR(A). C\u00f4njuge: JOSELIA MARIA HENRIQUES AMARAL. Filia\u00e7\u00e3o: GASPAR AMARAL NETO e ONDINA DE MELLO PEIXOTO AMARAL. Sepultamento: CREMAT\u00d3RIO PERPETUO SOCORRO (CAMPO LARGO-PR), domingo, 29 de mar\u00e7o de 2026 \u00e0s 19:00h. Data do Falecimento: 29\/03\/2026.<\/p>\n<p><strong>DIRCEU RODRIGUES DA ANUNCIACAO, <\/strong>65 ano(s). Profiss\u00e3o: MOTORISTA. C\u00f4njuge: JOAO MARIA RODRIGUES DA ANUNCIACAO. Filia\u00e7\u00e3o: JOAO MARIA RODRIGUES DA ANUNCIACAO e PEDRINA RODRIGUES BARBOSA. Sepultamento: (CURITIBA) VERTICAL, domingo, 29 de mar\u00e7o de 2026 \u00e0s 17:00h. Data do Falecimento: 29\/03\/2026.<\/p>\n<p><strong>EDGAR MARCEL SILVESTRINI DOS SANTOS, <\/strong>48 ano(s). Profiss\u00e3o: JORNALISTA. Filia\u00e7\u00e3o: NIVALDO BUENO DOS SANTOS e ROSANGELA APARECIDA S BUENO DOS SANTOS. Sepultamento: CREMAT\u00d3RIO VATICANO (ALMIRANTE TAMANDAR\u00c9-PR), domingo, 29 de mar\u00e7o de 2026 \u00e0s 19:00h. Data do Falecimento: 28\/03\/2026.<\/p>\n<p><strong>EFIGENIA RAMOS ROLIM, <\/strong>95 ano(s). Profiss\u00e3o: ARTES PL\u00c1STICAS. C\u00f4njuge: FRANCISCO GUEDO DO CARMO. Filia\u00e7\u00e3o: JOVELINO CAETANO ROLIM e IZAURA AUGUSTA DA SILVA. Sepultamento: (S.J.DOS PINHAIS) CEMIT\u00c9RIO PQ SR DO BONFIM, domingo, 29 de mar\u00e7o de 2026 \u00e0s 10:00h. Data do Falecimento: 28\/03\/2026.<\/p>\n<p><strong>ELIZANIAS PEREIRA DA SILVA, <\/strong>86 ano(s). Profiss\u00e3o: POLICIAL MILITAR. C\u00f4njuge: MARIA JOSE FONTATO. Filia\u00e7\u00e3o: JOAQUIM PEREIRA DA SILVA e ROSALINA MARQUES RAMOS. Sepultamento: (CURITIBA) VERTICAL, domingo, 29 de mar\u00e7o de 2026 \u00e0s 14:00h. Data do Falecimento: 28\/03\/2026.<\/p>\n<p><strong>ELVIRA BEZERRA DA SILVA, <\/strong>101 ano(s). Profiss\u00e3o: DO LAR. C\u00f4njuge: LIBERATO RODRIGUES DA SILVA. Filia\u00e7\u00e3o: ANTONIO RUFINO BEZERRA e RAIMUNDA FRANCINA DE LIMA. Sepultamento: CEMITERIO EM SAO PAULO \u2013 SP, domingo, 29 de mar\u00e7o de 2026 \u00e0s 17:00h. Data do Falecimento: 28\/03\/2026.<\/p>\n<p><strong>FRANCISCO MIGUEL DA SILVA, <\/strong>83 ano(s). Profiss\u00e3o: RELIGIOSO (A). Filia\u00e7\u00e3o: ANTONIO MIGUEL DA SILVA e DIVINA DA CONCEICAO SILVA. Sepultamento: CONVENTO SANTO ANTONIO, domingo, 29 de mar\u00e7o de 2026. Data do Falecimento: 28\/03\/2026.<\/p>\n<p><strong>GUSTAVO SALMORIA JUNIOR, <\/strong>56 ano(s). Profiss\u00e3o: MOTORISTA. C\u00f4njuge: LUCILENE TEIXEIRA CARDOSO. Filia\u00e7\u00e3o: GUSTAVO SALMORIA e LIGIA MARIA ECKERT. Sepultamento: (CURITIBA) PARQUE S\u00c3O PEDRO, domingo, 29 de mar\u00e7o de 2026 \u00e0s 16:30h. Data do Falecimento: 28\/03\/2026.<\/p>\n<p><strong>ITAMARA STIVELBERG, <\/strong>68 ano(s). Profiss\u00e3o: PSIC\u00d3LOGO(A). Filia\u00e7\u00e3o: JAIME STIVELBERG e SONIA STIVELBERG. Sepultamento: (CURITIBA) CEMIT\u00c9RIO ISRAELITA UMBAR\u00c1, domingo, 29 de mar\u00e7o de 2026 \u00e0s 12:00h. Data do Falecimento: 28\/03\/2026.<\/p>\n<p><strong>IZALTINO CASTURINO SIMOES COUTINHO, <\/strong>78 ano(s). Profiss\u00e3o: MESTRE OBRAS. Filia\u00e7\u00e3o: JOAO MARQUES COUTINHO e ANA SIMOES COUTINHO. Sepultamento: (AL.TAMANDAR\u00c9) CEMIT\u00c9RIO VATICANO, domingo, 29 de mar\u00e7o de 2026 \u00e0s 10:00h. Data do Falecimento: 28\/03\/2026.<\/p>\n<p><strong>JARBAS MARIANO, <\/strong>85 ano(s). Profiss\u00e3o: LAVRADOR. C\u00f4njuge: JUCIRA RIBEIRO MARIANO. Filia\u00e7\u00e3o: JOSE INACIO MARIANO e MARIA BENTO MATIAS. Sepultamento: MUNICIPAL DE PARIQUERA ACU SP, segunda-feira, 30 de mar\u00e7o de 2026 \u00e0s 17:00h. Data do Falecimento: 29\/03\/2026.<\/p>\n<p><strong>JORGE CORDEIRO, <\/strong>64 ano(s). Profiss\u00e3o: POLICIAL MILITAR. C\u00f4njuge: MARIA APARECIDA FERMINO. Filia\u00e7\u00e3o: BENEDITO CORDEIRO e AZELIA CORDEIRO. Sepultamento: CREMAT\u00d3RIO VERTICAL (CURITIBA), domingo, 29 de mar\u00e7o de 2026 \u00e0s 16:30h. Data do Falecimento: 28\/03\/2026.<\/p>\n<p><strong>JOSE AUGUSTO CLAUMAM MACIEL, <\/strong>61 ano(s). Profiss\u00e3o: COMERCIANTE. Filia\u00e7\u00e3o: FLORESNAL RODRIGUES MACIEL e EDI TERESINHA CLAUMAM MACIEL. Sepultamento: MUNICIPAL \u00c1GUA VERDE, domingo, 29 de mar\u00e7o de 2026 \u00e0s 17:00h. Data do Falecimento: 29\/03\/2026.<\/p>\n<p><strong>JOSE GENTIL FERREIRA, <\/strong>75 ano(s). Filia\u00e7\u00e3o: BRAULIO FERREIRA e ANA DA SILVA ILVA. Sepultamento: CEM SAO SEBASTIAO, domingo, 29 de mar\u00e7o de 2026 \u00e0s 14:00h. Data do Falecimento: 28\/03\/2026.<\/p>\n<p><strong>JOSE MANOEL DE CASTILHO PINTO, <\/strong>75 ano(s). Profiss\u00e3o: POLICIAL MILITAR. C\u00f4njuge: SANDRA DO ROCIO BARBOSA PINTO. Filia\u00e7\u00e3o: LAURO ALVES PINTO e MARIA JULIETA DE CASTILHO PINTO. Sepultamento: MUNICIPAL \u00c1GUA VERDE, domingo, 29 de mar\u00e7o de 2026 \u00e0s 17:00h. Data do Falecimento: 28\/03\/2026.<\/p>\n<p><strong>JOSE RODRIGUES DOS SANTOS, <\/strong>76 ano(s). Profiss\u00e3o: LAVRADOR. C\u00f4njuge: MARIA DE LOURDES RIBEIRODE SOUZA SANTOS. Filia\u00e7\u00e3o: SEBASTIAO RODRIGUES DOS SANTOS e ANA MARIA RIBEIRO. Sepultamento: (AL.TAMANDAR\u00c9) CEMIT\u00c9RIO VATICANO, domingo, 29 de mar\u00e7o de 2026 \u00e0s 09:00h. Data do Falecimento: 28\/03\/2026.<\/p>\n<p><strong>JULIO ESTAXACO, <\/strong>92 ano(s). Profiss\u00e3o: AGRICULTOR. C\u00f4njuge: MARIA DE LOURDES LORENZI ESTAXACO. Filia\u00e7\u00e3o: ANDREIA ESTAXACO e MARIA ESTAXACO. Sepultamento: (S.J.DOS PINHAIS) CEMIT\u00c9RIO PQ SR DO BONFIM, domingo, 29 de mar\u00e7o de 2026 \u00e0s 16:30h. Data do Falecimento: 28\/03\/2026.<\/p>\n<p><strong>KENYSON MORAES MENEZES, <\/strong>1 ano(s). Profiss\u00e3o: MENOR. Filia\u00e7\u00e3o: BENILSON FERREIRA MENEZES e AMANDA MORAES MENEZES. Sepultamento: MUNICIPAL DA CIDADE DE ORIGEM, domingo, 29 de mar\u00e7o de 2026. Data do Falecimento: 28\/03\/2026.<\/p>\n<p><strong>KEVELYN DE MORAES RODRIGUES, <\/strong>26 ano(s). Profiss\u00e3o: DO LAR. Filia\u00e7\u00e3o: FABIO RODRIGUES e JULIANA DE MORAES. Sepultamento: MUNICIPAL BOQUEIR\u00c3O, domingo, 29 de mar\u00e7o de 2026. Data do Falecimento: 28\/03\/2026.<\/p>\n<p><strong>LEONARDO DE OLIVEIRA LAIBIDA, <\/strong>41 ano(s). Profiss\u00e3o: AUTONOMO. Filia\u00e7\u00e3o: NATALIO LAIBIDA e VERA LUCIA DE OLIVEIRA LAIBIDA. Sepultamento: MUNICIPAL SANTA CANDIDA, domingo, 29 de mar\u00e7o de 2026 \u00e0s 15:00h. Data do Falecimento: 28\/03\/2026.<\/p>\n<p><strong>MARCO ANTONIO FLORES FALCAO, <\/strong>46 ano(s). Filia\u00e7\u00e3o: PAULO AFONSO FLORES FALCAO e SUELI FERREIRA FALCAO. Sepultamento: (CURITIBA) CEMIT\u00c9RIO PAROQUIAL CAMPO COMPRIDO, s\u00e1bado, 28 de mar\u00e7o de 2026 \u00e0s 17:00h. Data do Falecimento: 28\/03\/2026.<\/p>\n<p><strong>MARIA DA GLORIA LEITE POHL, <\/strong>82 ano(s). Profiss\u00e3o: PROFESSOR(A). C\u00f4njuge: JOSE MARIA POHL. Filia\u00e7\u00e3o: JOSE DE ANDRADE LEITE e CARLITA MESSIAS LEITE. Sepultamento: CREMAT\u00d3RIO VATICANO (ALMIRANTE TAMANDAR\u00c9-PR), segunda-feira, 1 de janeiro de 0001. Data do Falecimento: 28\/03\/2026.<\/p>\n<p><strong>MARIA DAS GRACAS GOMES ZIOLKOWSKI, <\/strong>71 ano(s). Profiss\u00e3o: FUNCION\u00c1RIO P\u00daBLICO FEDERAL. C\u00f4njuge: PEDRO JACOB ZIOLKOWSKI. Filia\u00e7\u00e3o: BENEDITO JOSE GOMES e MERCEDES DUARTE DA SILVA GOMES. Sepultamento: CEMIT\u00c9RIO GUAJUVIRA, domingo, 29 de mar\u00e7o de 2026. Data do Falecimento: 28\/03\/2026.<\/p>\n<p><strong>MARIA DE LOURDES NOGUEIRA, <\/strong>68 ano(s). Profiss\u00e3o: DO LAR. C\u00f4njuge: JOAO MOCO DA SILVA. Filia\u00e7\u00e3o: RAIMUNDO FERNANDES NOGUEIRA e FRANCISCA ALVES DE ARAUJO. Sepultamento: (PIRAQUARA) CEMIT\u00c9RIO S\u00c3O ROQUE, domingo, 29 de mar\u00e7o de 2026 \u00e0s 16:30h. Data do Falecimento: 28\/03\/2026.<\/p>\n<p><strong>MARIA LUIZA DA SILVA, <\/strong>65 ano(s). Profiss\u00e3o: AUXILIAR SERVI\u00c7OS GERAIS. Filia\u00e7\u00e3o: PEDRO GUILHERME DA SILVA e MARIA CONCEICAO DA SILVA. Sepultamento: (CURITIBA) CEMIT\u00c9RIO JARDIM DA PAZ, domingo, 29 de mar\u00e7o de 2026 \u00e0s 17:00h. Data do Falecimento: 28\/03\/2026.<\/p>\n<p><strong>MARIA LUIZA MARQUES DA SILVA, <\/strong>80 ano(s). Profiss\u00e3o: ASSISTENTE ADMINISTRATIVO. C\u00f4njuge: ALBINEL ESTEVAO DA SILVA. Filia\u00e7\u00e3o: FRANCISCO MARQUES e PALMIRA DE JESUS. Sepultamento: MUNICIPAL SANTA CANDIDA, domingo, 29 de mar\u00e7o de 2026 \u00e0s 17:00h. Data do Falecimento: 28\/03\/2026.<\/p>\n<p><strong>MARTHA CUJIW TOMASI, <\/strong>97 ano(s). Profiss\u00e3o: BALCONISTA. C\u00f4njuge: ALBINO TOMASI. Filia\u00e7\u00e3o: JOSE CUJIW e ANNA CUJIW. Sepultamento: (PINHAIS) CEMIT\u00c9RIO JARDIM DA SAUDADE\/PINHAIS, domingo, 29 de mar\u00e7o de 2026 \u00e0s 11:00h. Data do Falecimento: 28\/03\/2026.<\/p>\n<p><strong>NELSON TOMAZ BARBOSA, <\/strong>58 ano(s). Profiss\u00e3o: MOTORISTA. Filia\u00e7\u00e3o: IZALTINO TOMAZ BARBOSA e LUIZA JUSTINA DE CARVALHO BARBOSA. Sepultamento: A DEFINIR, domingo, 29 de mar\u00e7o de 2026 \u00e0s 17:00h. Data do Falecimento: 28\/03\/2026.<\/p>\n<p><strong>RITA BIASI FONTANA, <\/strong>88 ano(s). Profiss\u00e3o: PROFESSOR(A). Filia\u00e7\u00e3o: LUCIANO VITORIA BIASI e TEREZA FRANCISCA LAGO BIASI. Sepultamento: A DEFINIR CRENMATORIO, domingo, 29 de mar\u00e7o de 2026. Data do Falecimento: 28\/03\/2026.<\/p>\n<p><strong>ROSA ZAGO, <\/strong>93 ano(s). Profiss\u00e3o: AUXILIAR ENFERMAGEM. Filia\u00e7\u00e3o: SILVIO ZAGO e CAROLINA ZAGO. Sepultamento: (CURITIBA) CEMIT\u00c9RIO PAROQUIAL ABRANCHES, s\u00e1bado, 28 de mar\u00e7o de 2026 \u00e0s 17:00h. Data do Falecimento: 28\/03\/2026.<\/p>\n<p><strong>ROSALIA GRESKIV DE MATOS, <\/strong>97 ano(s). Profiss\u00e3o: DO LAR. C\u00f4njuge: LUIZ MARTINS DE MATOS. Filia\u00e7\u00e3o: MIGUEL GRESKIV e MARIA GRESKIV. Sepultamento: (CURITIBA) CEMIT\u00c9RIO JARDIM DA SAUDADE \u2013 CURITIBA, domingo, 29 de mar\u00e7o de 2026 \u00e0s 17:00h. Data do Falecimento: 28\/03\/2026.<\/p>\n<p><strong>RUBEN ABITBOL, <\/strong>87 ano(s). Profiss\u00e3o: AUT\u00d4NOMO(A). C\u00f4njuge: JACIRA DA SILVA ABITBOL. Filia\u00e7\u00e3o: MOYSES LELIS ABITBOL e ANTONINA LELIS ABITBOL. Sepultamento: CREMAT\u00d3RIO MEMORIAL DA VIDA (S.J.DOS PINHAIS), segunda-feira, 30 de mar\u00e7o de 2026. Data do Falecimento: 28\/03\/2026.<\/p>\n<p><strong>SENCLER JOSE PIZZATTO, <\/strong>77 ano(s). Profiss\u00e3o: EMPRESARIO(A). Filia\u00e7\u00e3o: HAMILCAR FRUET PIZZATTO e VERA PIZZATTO. Sepultamento: (PINHAIS) COMPLEXO CERIMONIAL DE PINHAIS, domingo, 29 de mar\u00e7o de 2026 \u00e0s 15:00h. Data do Falecimento: 28\/03\/2026.<\/p>\n<p><strong>SILMARA ZAKALUCHEN, <\/strong>45 ano(s). Profiss\u00e3o: PROJETISTA. C\u00f4njuge: ANDRE RIBEIRO DE SOUZA. Filia\u00e7\u00e3o: JOSE ZAKALUZHEN e ELZA ZAKALUCHEN. Sepultamento: (CURITIBA) CEMIT\u00c9RIO PAROQUIAL COL\u00d4NIA ORLEANS, domingo, 29 de mar\u00e7o de 2026 \u00e0s 17:00h. Data do Falecimento: 28\/03\/2026.<\/p>\n<p><strong>TERESINHA MACHADO DA SILVEIRA, <\/strong>70 ano(s). Profiss\u00e3o: COZINHEIRO(A). Filia\u00e7\u00e3o: NATHALICIOMACHADO DA SILVEIRA e AUGUSTA FRANCISCA DA SILVEIRA. Sepultamento: CREMAT\u00d3RIO VATICANO (ALMIRANTE TAMANDAR\u00c9-PR), domingo, 29 de mar\u00e7o de 2026 \u00e0s 10:00h. Data do Falecimento: 28\/03\/2026.<\/p>\n<p><strong>ZILDA ALVES MARIA, <\/strong>79 ano(s). Profiss\u00e3o: DO LAR. C\u00f4njuge: OSVALDO JOSE MARIA. Filia\u00e7\u00e3o: JOSE MODESTO DOS REIS FILHO e RECIOLINA ALVES DOS REIS. Sepultamento: (S.J.DOS PINHAIS) CEMITERIO PEDRO FUSS, domingo, 29 de mar\u00e7o de 2026 \u00e0s 14:00h. Data do Falecimento: 28\/03\/2026.<\/p>\n<section class=\"virals\">\n<article class=\"cardnews cardnews--post cardnews--has-thumbnail cardnews--editorial-noticias\"> <a href=\"https:\/\/www.tribunapr.com.br\/noticias\/parana\/golpe-do-ipva-engana-profissional-da-tecnologia-no-parana-como-evitar-a-fraude\/?utm_source=noticias-virais-rodape&amp;utm_medium=internal-tribuna&amp;utm_campaign=tribuna\" class=\"cardnews__postlink\"> <\/p>\n<div class=\"cardnews__image\" is-api-thumb=\"\"><\/div>\n<div class=\"cardnews__content cardhome__content\">\n<div class=\"cardnews__content-wrapper\">\n<p> <span style=\"\"> Fique atento! <\/span> <\/p>\n<p>At\u00e9 especialistas ca\u00edram: o detalhe no boleto do IPVA que rouba seu dinheiro<\/p>\n<\/p><\/div>\n<\/p><\/div>\n<p> <\/a> <\/article>\n<article class=\"cardnews cardnews--post cardnews--has-thumbnail cardnews--editorial-noticias\"> <a href=\"https:\/\/www.tribunapr.com.br\/noticias\/curitiba-regiao\/litoral-do-parana-passa-a-figurar-entre-os-mais-valorizados-do-pais\/?utm_source=noticias-virais-rodape&amp;utm_medium=internal-tribuna&amp;utm_campaign=tribuna\" class=\"cardnews__postlink\"> <\/p>\n<div class=\"cardnews__image\" is-api-thumb=\"\"><img decoding=\"async\" src=\"https:\/\/www.tribunapr.com.br\/wp-content\/uploads\/2026\/02\/04151141\/matinhos-litoral-370x210.jpg\" loading=\"lazy\" alt=\"Adeus, pre\u00e7os baixos? Esta regi\u00e3o do Paran\u00e1 virou a nova 'mina de ouro'\"\/><\/div>\n<div class=\"cardnews__content cardhome__content\">\n<div class=\"cardnews__content-wrapper\">\n<p> <span style=\"\"> Mercado imobili\u00e1rio <\/span> <\/p>\n<p>Adeus, pre\u00e7os baixos? Esta regi\u00e3o do Paran\u00e1 virou a nova &#8216;mina de ouro&#8217;<\/p>\n<\/p><\/div>\n<\/p><\/div>\n<p> <\/a> <\/article>\n<article class=\"cardnews cardnews--post cardnews--has-thumbnail cardnews--editorial-noticias\"> <a href=\"https:\/\/www.tribunapr.com.br\/blogs\/rango-barateza\/biscoitos-da-vovo-elza-tradicao-que-nasceu-do-afeto-e-conquistou-curitiba\/?utm_source=noticias-virais-rodape&amp;utm_medium=internal-tribuna&amp;utm_campaign=tribuna\" class=\"cardnews__postlink\"> <\/p>\n<div class=\"cardnews__image\" is-api-thumb=\"\"><img decoding=\"async\" src=\"https:\/\/www.tribunapr.com.br\/wp-content\/uploads\/2026\/02\/06135141\/vovo-elza-02-770x440-1-370x210.webp\" loading=\"lazy\" alt=\"O segredo de Curitiba: como uma receita de fam\u00edlia virou um imp\u00e9rio do afeto\"\/><\/div>\n<div class=\"cardnews__content cardhome__content\">\n<div class=\"cardnews__content-wrapper\">\n<p> <span style=\"\"> Rango Barateza! <\/span> <\/p>\n<p>O segredo de Curitiba: como uma receita de fam\u00edlia virou um imp\u00e9rio do afeto<\/p>\n<\/p><\/div>\n<\/p><\/div>\n<p> <\/a> <\/article>\n<\/section>\n<div id=\"tribuna-follow-cta\">\n<p> <span class=\"cta-title\">Siga a <span class=\"tribuna-color\">Tribuna<\/span> no Google, e acompanhe as \u00faltimas not\u00edcias de Curitiba e regi\u00e3o!<\/span> <\/p>\n<p> <a href=\"https:\/\/profile.google.com\/cp\/CgwvZy8xMmxxajUzM3Mac2h0dHBzOi8vd3d3LnRyaWJ1bmFwci5jb20uYnIvdml2YS92aXRyaW5lL2dpZ2FudGUtZG8tdmVzdHVhcmlvLXJlaW5hdWd1cmEtbG9qYS1lbS1zaG9wcGluZy10cmFkaWNpb25hbC1kZS1jdXJpdGliYS8iElRyaWJ1bmEgZG8gUGFyYW7DoSqAAwrHAWh0dHBzOi8vZW5jcnlwdGVkLXRibjIuZ3N0YXRpYy5jb20vZmF2aWNvbi10Ym4_cT10Ym46QU5kOUdjUVJPbjVDRjR6TzJPbkUwTXZrRlRCRTY2U0g1bGlaVDRaZTV3bWNKeU5GRm1BSnluM01nNU9PR3BXY1pYMzZwYU5HUWtsZ09JVEFLTTNNZVNGbTc1aWp6M3k2ajUtQ3M2b25kX2JUcFFQQkVLd3RsUjBsTmJESnUtVHhrNXQtbFlCNlVpOWZSVVFjT2cSswFodHRwczovL2VuY3J5cHRlZC10Ym4zLmdzdGF0aWMuY29tL2Zhdmljb24tdGJuP3E9dGJuJTNBQU5kOUdjU0FMaWJ2eFF0YXdFMFRueVdWWmVKRS1MZEdRZjVTUi1OZ2RMazhyZzIwVy1nM0JuQ1F4VDNKZFBjRXR2THdBeVRxUDJEdHVycEdVR29CQkxpYzM5al9wSmFxRERaMHNCYW05WEVhSGVsMmZTQmdKdlF4WWVyMw\" target=\"_blank\" title=\"Seguir a Tribuna no Google\">  <\/a> <\/div>\n<\/p><\/div>\n<p><a href=\"https:\/\/www.tribunapr.com.br\/noticias\/falecimentos\/falecimentos-em-curitiba-obituario-deste-domingo-29-03\/\">Fonte do Artigo <\/a><\/p>","protected":false},"excerpt":{"rendered":"<p>AIRTON JOSE DRECHASLER, 63 ano(s). Profiss\u00e3o: COMERCIANTE. C\u00f4njuge: TEREZA CRUZ DRECHASLER. Filia\u00e7\u00e3o: JOSE DRECHASLER e TEREZINHA MANFRON DRECHASLER. Sepultamento: (CURITIBA) PAROQUIAL SANTA FELICIDADE, domingo, 29 de mar\u00e7o de 2026 \u00e0s 15:30h. Data do Falecimento: 28\/03\/2026. ALBERTO MARTINS DOS SANTOS, 94 ano(s). Profiss\u00e3o: PROFESSOR(A). C\u00f4njuge: EUGENIA KOSLINSKI. Filia\u00e7\u00e3o: ROBERTO MARTINS DOS SANTOS e BALBINA VIEIRA DOS [&hellip;]<\/p>\n","protected":false},"author":1,"featured_media":79624,"comment_status":"closed","ping_status":"","sticky":false,"template":"","format":"standard","meta":{"googlesitekit_rrm_CAow2JLhCw:productID":"","_gspb_post_css":"","maa_idioma":"","maa_pais":"","footnotes":""},"categories":[1],"tags":[151,2974,3174,2985,2983],"class_list":["post-98160","post","type-post","status-publish","format-standard","has-post-thumbnail","hentry","category-ubirata","tag-curitiba","tag-deste","tag-domingo","tag-falecimentos","tag-obituario"],"blocksy_meta":[],"yoast_head":"<!-- This site is optimized with the Yoast SEO Premium plugin v27.6 (Yoast SEO v27.6) - https:\/\/yoast.com\/product\/yoast-seo-premium-wordpress\/ -->\n<title>Falecimentos em Curitiba: Obitu\u00e1rio deste domingo (29\/03) - Ubirat\u00e3 Online Not\u00edcias - A realidade ao seu alcance!<\/title>\n<meta name=\"description\" content=\"AIRTON JOSE DRECHASLER, 63 ano(s). Profiss\u00e3o: COMERCIANTE. C\u00f4njuge: TEREZA CRUZ DRECHASLER. Filia\u00e7\u00e3o: JOSE DRECHASLER e TEREZINHA MANFRON DRECHASLER.\" \/>\n<meta name=\"robots\" content=\"index, follow, max-snippet:-1, max-image-preview:large, max-video-preview:-1\" \/>\n<link rel=\"canonical\" href=\"https:\/\/ubirataonline.com.br\/en\/falecimentos-em-curitiba-obituario-deste-domingo-29-03\/\" \/>\n<meta property=\"og:locale\" content=\"en_US\" \/>\n<meta property=\"og:type\" content=\"article\" \/>\n<meta property=\"og:title\" content=\"Falecimentos em Curitiba: Obitu\u00e1rio deste domingo (29\/03)\" \/>\n<meta property=\"og:description\" content=\"AIRTON JOSE DRECHASLER, 63 ano(s). Profiss\u00e3o: COMERCIANTE. C\u00f4njuge: TEREZA CRUZ DRECHASLER. Filia\u00e7\u00e3o: JOSE DRECHASLER e TEREZINHA MANFRON DRECHASLER.\" \/>\n<meta property=\"og:url\" content=\"https:\/\/ubirataonline.com.br\/en\/falecimentos-em-curitiba-obituario-deste-domingo-29-03\/\" \/>\n<meta property=\"og:site_name\" content=\"Ubirat\u00e3 Online Not\u00edcias - A realidade ao seu alcance!\" \/>\n<meta property=\"article:publisher\" content=\"https:\/\/www.facebook.com\/portalubirataonline\" \/>\n<meta property=\"article:author\" content=\"https:\/\/www.facebook.com\/portalubirataonline\" \/>\n<meta property=\"article:published_time\" content=\"2026-03-30T04:43:47+00:00\" \/>\n<meta property=\"article:modified_time\" content=\"2026-03-30T04:43:48+00:00\" \/>\n<meta property=\"og:image\" content=\"https:\/\/ubirataonline.com.br\/wp-content\/uploads\/2026\/01\/falecimentos-em-curitiba.jpg\" \/>\n\t<meta property=\"og:image:width\" content=\"1200\" \/>\n\t<meta property=\"og:image:height\" content=\"800\" \/>\n\t<meta property=\"og:image:type\" content=\"image\/jpeg\" \/>\n<meta name=\"author\" content=\"REDA\u00c7\u00c3O: UBIRAT\u00c3 ONLINE - F\u00c1BIO AUGUSTO CELESTINO\" \/>\n<meta name=\"twitter:card\" content=\"summary_large_image\" \/>\n<meta name=\"twitter:creator\" content=\"@x.com\/ubirataonline\" \/>\n<meta name=\"twitter:site\" content=\"@ubirataonline\" \/>\n<meta name=\"twitter:label1\" content=\"Written by\" \/>\n\t<meta name=\"twitter:data1\" content=\"REDA\u00c7\u00c3O: UBIRAT\u00c3 ONLINE - F\u00c1BIO AUGUSTO CELESTINO\" \/>\n\t<meta name=\"twitter:label2\" content=\"Est. reading time\" \/>\n\t<meta name=\"twitter:data2\" content=\"9 minutes\" \/>\n<script type=\"application\/ld+json\" class=\"yoast-schema-graph\">{\"@context\":\"https:\\\/\\\/schema.org\",\"@graph\":[{\"@type\":\"NewsArticle\",\"@id\":\"https:\\\/\\\/ubirataonline.com.br\\\/falecimentos-em-curitiba-obituario-deste-domingo-29-03\\\/#article\",\"isPartOf\":{\"@id\":\"https:\\\/\\\/ubirataonline.com.br\\\/falecimentos-em-curitiba-obituario-deste-domingo-29-03\\\/\"},\"author\":{\"name\":\"REDA\u00c7\u00c3O: UBIRAT\u00c3 ONLINE - F\u00c1BIO AUGUSTO CELESTINO\",\"@id\":\"https:\\\/\\\/ubirataonline.com.br\\\/#\\\/schema\\\/person\\\/372f87bbd3fdd79b8556b84c98d0bc1c\"},\"headline\":\"Falecimentos em Curitiba: Obitu\u00e1rio deste domingo (29\\\/03)\",\"datePublished\":\"2026-03-30T04:43:47+00:00\",\"dateModified\":\"2026-03-30T04:43:48+00:00\",\"mainEntityOfPage\":{\"@id\":\"https:\\\/\\\/ubirataonline.com.br\\\/falecimentos-em-curitiba-obituario-deste-domingo-29-03\\\/\"},\"wordCount\":1787,\"publisher\":{\"@id\":\"https:\\\/\\\/ubirataonline.com.br\\\/#organization\"},\"image\":{\"@id\":\"https:\\\/\\\/ubirataonline.com.br\\\/falecimentos-em-curitiba-obituario-deste-domingo-29-03\\\/#primaryimage\"},\"thumbnailUrl\":\"https:\\\/\\\/ubirataonline.com.br\\\/wp-content\\\/uploads\\\/2026\\\/01\\\/falecimentos-em-curitiba.jpg\",\"keywords\":[\"Curitiba\",\"deste\",\"domingo\",\"falecimentos\",\"Obitu\u00e1rio\"],\"articleSection\":[\"Ubirat\u00e3\"],\"inLanguage\":\"en-US\",\"copyrightYear\":\"2026\",\"copyrightHolder\":{\"@id\":\"https:\\\/\\\/ubirataonline.com.br\\\/en\\\/#organization\"}},{\"@type\":\"WebPage\",\"@id\":\"https:\\\/\\\/ubirataonline.com.br\\\/falecimentos-em-curitiba-obituario-deste-domingo-29-03\\\/\",\"url\":\"https:\\\/\\\/ubirataonline.com.br\\\/falecimentos-em-curitiba-obituario-deste-domingo-29-03\\\/\",\"name\":\"Falecimentos em Curitiba: Obitu\u00e1rio deste domingo (29\\\/03) - Ubirat\u00e3 Online Not\u00edcias - A realidade ao seu alcance!\",\"isPartOf\":{\"@id\":\"https:\\\/\\\/ubirataonline.com.br\\\/#website\"},\"primaryImageOfPage\":{\"@id\":\"https:\\\/\\\/ubirataonline.com.br\\\/falecimentos-em-curitiba-obituario-deste-domingo-29-03\\\/#primaryimage\"},\"image\":{\"@id\":\"https:\\\/\\\/ubirataonline.com.br\\\/falecimentos-em-curitiba-obituario-deste-domingo-29-03\\\/#primaryimage\"},\"thumbnailUrl\":\"https:\\\/\\\/ubirataonline.com.br\\\/wp-content\\\/uploads\\\/2026\\\/01\\\/falecimentos-em-curitiba.jpg\",\"datePublished\":\"2026-03-30T04:43:47+00:00\",\"dateModified\":\"2026-03-30T04:43:48+00:00\",\"description\":\"AIRTON JOSE DRECHASLER, 63 ano(s). Profiss\u00e3o: COMERCIANTE. C\u00f4njuge: TEREZA CRUZ DRECHASLER. Filia\u00e7\u00e3o: JOSE DRECHASLER e TEREZINHA MANFRON DRECHASLER.\",\"breadcrumb\":{\"@id\":\"https:\\\/\\\/ubirataonline.com.br\\\/falecimentos-em-curitiba-obituario-deste-domingo-29-03\\\/#breadcrumb\"},\"inLanguage\":\"en-US\",\"potentialAction\":[{\"@type\":\"ReadAction\",\"target\":[\"https:\\\/\\\/ubirataonline.com.br\\\/falecimentos-em-curitiba-obituario-deste-domingo-29-03\\\/\"]}]},{\"@type\":\"ImageObject\",\"inLanguage\":\"en-US\",\"@id\":\"https:\\\/\\\/ubirataonline.com.br\\\/falecimentos-em-curitiba-obituario-deste-domingo-29-03\\\/#primaryimage\",\"url\":\"https:\\\/\\\/ubirataonline.com.br\\\/wp-content\\\/uploads\\\/2026\\\/01\\\/falecimentos-em-curitiba.jpg\",\"contentUrl\":\"https:\\\/\\\/ubirataonline.com.br\\\/wp-content\\\/uploads\\\/2026\\\/01\\\/falecimentos-em-curitiba.jpg\",\"width\":1200,\"height\":800},{\"@type\":\"BreadcrumbList\",\"@id\":\"https:\\\/\\\/ubirataonline.com.br\\\/falecimentos-em-curitiba-obituario-deste-domingo-29-03\\\/#breadcrumb\",\"itemListElement\":[{\"@type\":\"ListItem\",\"position\":1,\"name\":\"In\u00edcio\",\"item\":\"https:\\\/\\\/ubirataonline.com.br\\\/\"},{\"@type\":\"ListItem\",\"position\":2,\"name\":\"Falecimentos em Curitiba: Obitu\u00e1rio deste domingo (29\\\/03)\"}]},{\"@type\":\"WebSite\",\"@id\":\"https:\\\/\\\/ubirataonline.com.br\\\/#website\",\"url\":\"https:\\\/\\\/ubirataonline.com.br\\\/\",\"name\":\"Ubirat\u00e3 Online Not\u00edcias\",\"description\":\"Not\u00edcias de Ubirat\u00e3, regi\u00e3o, Brasil e mundo, com informa\u00e7\u00e3o atualizada e compromisso com o leitor.\",\"publisher\":{\"@id\":\"https:\\\/\\\/ubirataonline.com.br\\\/#organization\"},\"alternateName\":\"Ubirat\u00e3 Online\",\"potentialAction\":[{\"@type\":\"SearchAction\",\"target\":{\"@type\":\"EntryPoint\",\"urlTemplate\":\"https:\\\/\\\/ubirataonline.com.br\\\/?s={search_term_string}\"},\"query-input\":{\"@type\":\"PropertyValueSpecification\",\"valueRequired\":true,\"valueName\":\"search_term_string\"}}],\"inLanguage\":\"en-US\"},{\"@type\":[\"Organization\",\"Place\"],\"@id\":\"https:\\\/\\\/ubirataonline.com.br\\\/#organization\",\"name\":\"Ubirat\u00e3 Online Not\u00edcias\",\"alternateName\":\"Ubirat\u00e3 Online\",\"url\":\"https:\\\/\\\/ubirataonline.com.br\\\/\",\"logo\":{\"@id\":\"https:\\\/\\\/ubirataonline.com.br\\\/falecimentos-em-curitiba-obituario-deste-domingo-29-03\\\/#local-main-organization-logo\"},\"image\":{\"@id\":\"https:\\\/\\\/ubirataonline.com.br\\\/falecimentos-em-curitiba-obituario-deste-domingo-29-03\\\/#local-main-organization-logo\"},\"sameAs\":[\"https:\\\/\\\/www.facebook.com\\\/portalubirataonline\",\"https:\\\/\\\/x.com\\\/ubirataonline\",\"https:\\\/\\\/mastodon.social\\\/@ubirataonline\",\"https:\\\/\\\/www.facebook.com\\\/groups\\\/311144672285604\",\"https:\\\/\\\/www.facebook.com\\\/UBTAOnline\",\"https:\\\/\\\/www.instagram.com\\\/portalubirataonline\\\/\",\"https:\\\/\\\/twitter.com\\\/ubirataonline\"],\"description\":\"Somos um portal de not\u00edcias independente, criado em 5 de janeiro de 2009, com o objetivo de informar, conectar e valorizar a nossa comunidade de Ubirat\u00e3 e toda aregi\u00e3o. Com conte\u00fado atualizado, confi\u00e1vel e relevante, o Ubirat\u00e3 Online \u00e9 o seu espa\u00e7o para ficar por dentro dos principais acontecimentos locais, regionais, Brasil, Mundo e de interesse geral. Nosso compromisso \u00e9 com a verdade, a transpar\u00eancia e o respeito ao leitor.\",\"legalName\":\"UBIRATA ONLINE NOT\u00cdCIAS\",\"foundingDate\":\"2009-01-05\",\"numberOfEmployees\":{\"@type\":\"QuantitativeValue\",\"minValue\":\"1\",\"maxValue\":\"10\"},\"publishingPrinciples\":\"https:\\\/\\\/ubirataonline.com.br\\\/faq\\\/\",\"address\":{\"@id\":\"https:\\\/\\\/ubirataonline.com.br\\\/falecimentos-em-curitiba-obituario-deste-domingo-29-03\\\/#local-main-place-address\"},\"geo\":{\"@type\":\"GeoCoordinates\",\"latitude\":\"-24.5361401\",\"longitude\":\"-52.9921776\"},\"telephone\":[\"+5544998308235\"],\"contactPoint\":{\"@type\":\"ContactPoint\",\"email\":\"contato@ubirataonline.com.br\"},\"openingHoursSpecification\":{\"@type\":\"OpeningHoursSpecification\",\"dayOfWeek\":[\"Monday\",\"Tuesday\",\"Wednesday\",\"Thursday\",\"Friday\",\"Saturday\",\"Sunday\"],\"opens\":\"00:00\",\"closes\":\"23:59\"},\"email\":\"contato@ubirataonline.com.br\",\"vatID\":\"47.621.418\\\/0001-80\"},{\"@type\":\"Person\",\"@id\":\"https:\\\/\\\/ubirataonline.com.br\\\/#\\\/schema\\\/person\\\/372f87bbd3fdd79b8556b84c98d0bc1c\",\"name\":\"REDA\u00c7\u00c3O: UBIRAT\u00c3 ONLINE - F\u00c1BIO AUGUSTO CELESTINO\",\"pronouns\":\"Ele\",\"description\":\"Desde 2003 trabalhando com not\u00edcias.\",\"sameAs\":[\"http:\\\/\\\/ubirataoline.com.br\",\"https:\\\/\\\/www.facebook.com\\\/portalubirataonline\",\"https:\\\/\\\/www.instagram.com\\\/ubirataonline_oficial\",\"https:\\\/\\\/x.com\\\/x.com\\\/ubirataonline\"],\"honorificPrefix\":\"Mr.\",\"honorificSuffix\":\"MD\",\"birthDate\":\"1980-06-16\",\"gender\":\"masculino\",\"award\":[\"V\u00e1rios pr\u00eamios de melhor portal da cidade\"],\"jobTitle\":\"Diretor\",\"url\":\"https:\\\/\\\/ubirataonline.com.br\\\/en\\\/author\\\/ubirataonline\\\/\"},{\"@type\":\"PostalAddress\",\"@id\":\"https:\\\/\\\/ubirataonline.com.br\\\/falecimentos-em-curitiba-obituario-deste-domingo-29-03\\\/#local-main-place-address\",\"streetAddress\":\"Rua dos Coqueiros, 104 - Bairro Boa Vista, Rua dos Coqueiros, 104 Bairro Boa Vista\",\"addressLocality\":\"UBIRATA\",\"postalCode\":\"85440-000\",\"addressRegion\":\"PR\",\"addressCountry\":\"BR\"},{\"@type\":\"ImageObject\",\"inLanguage\":\"en-US\",\"@id\":\"https:\\\/\\\/ubirataonline.com.br\\\/falecimentos-em-curitiba-obituario-deste-domingo-29-03\\\/#local-main-organization-logo\",\"url\":\"https:\\\/\\\/ubirataonline.com.br\\\/wp-content\\\/uploads\\\/2026\\\/06\\\/logoubirataonline-1.webp\",\"contentUrl\":\"https:\\\/\\\/ubirataonline.com.br\\\/wp-content\\\/uploads\\\/2026\\\/06\\\/logoubirataonline-1.webp\",\"width\":500,\"height\":500,\"caption\":\"Ubirat\u00e3 Online Not\u00edcias\"}]}<\/script>\n<meta name=\"geo.placename\" content=\"UBIRATA\" \/>\n<meta name=\"geo.position\" content=\"-24.5361401;-52.9921776\" \/>\n<meta name=\"geo.region\" content=\"Brazil\" \/>\n<!-- \/ Yoast SEO Premium plugin. -->","yoast_head_json":{"title":"Falecimentos em Curitiba: Obitu\u00e1rio deste domingo (29\/03) - Ubirat\u00e3 Online Not\u00edcias - A realidade ao seu alcance!","description":"AIRTON JOSE DRECHASLER, 63 ano(s). Profiss\u00e3o: COMERCIANTE. C\u00f4njuge: TEREZA CRUZ DRECHASLER. Filia\u00e7\u00e3o: JOSE DRECHASLER e TEREZINHA MANFRON DRECHASLER.","robots":{"index":"index","follow":"follow","max-snippet":"max-snippet:-1","max-image-preview":"max-image-preview:large","max-video-preview":"max-video-preview:-1"},"canonical":"https:\/\/ubirataonline.com.br\/en\/falecimentos-em-curitiba-obituario-deste-domingo-29-03\/","og_locale":"en_US","og_type":"article","og_title":"Falecimentos em Curitiba: Obitu\u00e1rio deste domingo (29\/03)","og_description":"AIRTON JOSE DRECHASLER, 63 ano(s). Profiss\u00e3o: COMERCIANTE. C\u00f4njuge: TEREZA CRUZ DRECHASLER. Filia\u00e7\u00e3o: JOSE DRECHASLER e TEREZINHA MANFRON DRECHASLER.","og_url":"https:\/\/ubirataonline.com.br\/en\/falecimentos-em-curitiba-obituario-deste-domingo-29-03\/","og_site_name":"Ubirat\u00e3 Online Not\u00edcias - A realidade ao seu alcance!","article_publisher":"https:\/\/www.facebook.com\/portalubirataonline","article_author":"https:\/\/www.facebook.com\/portalubirataonline","article_published_time":"2026-03-30T04:43:47+00:00","article_modified_time":"2026-03-30T04:43:48+00:00","og_image":[{"width":1200,"height":800,"url":"https:\/\/ubirataonline.com.br\/wp-content\/uploads\/2026\/01\/falecimentos-em-curitiba.jpg","type":"image\/jpeg"}],"author":"REDA\u00c7\u00c3O: UBIRAT\u00c3 ONLINE - F\u00c1BIO AUGUSTO CELESTINO","twitter_card":"summary_large_image","twitter_creator":"@x.com\/ubirataonline","twitter_site":"@ubirataonline","twitter_misc":{"Written by":"REDA\u00c7\u00c3O: UBIRAT\u00c3 ONLINE - F\u00c1BIO AUGUSTO CELESTINO","Est. reading time":"9 minutes"},"schema":{"@context":"https:\/\/schema.org","@graph":[{"@type":"NewsArticle","@id":"https:\/\/ubirataonline.com.br\/falecimentos-em-curitiba-obituario-deste-domingo-29-03\/#article","isPartOf":{"@id":"https:\/\/ubirataonline.com.br\/falecimentos-em-curitiba-obituario-deste-domingo-29-03\/"},"author":{"name":"REDA\u00c7\u00c3O: UBIRAT\u00c3 ONLINE - F\u00c1BIO AUGUSTO CELESTINO","@id":"https:\/\/ubirataonline.com.br\/#\/schema\/person\/372f87bbd3fdd79b8556b84c98d0bc1c"},"headline":"Falecimentos em Curitiba: Obitu\u00e1rio deste domingo (29\/03)","datePublished":"2026-03-30T04:43:47+00:00","dateModified":"2026-03-30T04:43:48+00:00","mainEntityOfPage":{"@id":"https:\/\/ubirataonline.com.br\/falecimentos-em-curitiba-obituario-deste-domingo-29-03\/"},"wordCount":1787,"publisher":{"@id":"https:\/\/ubirataonline.com.br\/#organization"},"image":{"@id":"https:\/\/ubirataonline.com.br\/falecimentos-em-curitiba-obituario-deste-domingo-29-03\/#primaryimage"},"thumbnailUrl":"https:\/\/ubirataonline.com.br\/wp-content\/uploads\/2026\/01\/falecimentos-em-curitiba.jpg","keywords":["Curitiba","deste","domingo","falecimentos","Obitu\u00e1rio"],"articleSection":["Ubirat\u00e3"],"inLanguage":"en-US","copyrightYear":"2026","copyrightHolder":{"@id":"https:\/\/ubirataonline.com.br\/en\/#organization"}},{"@type":"WebPage","@id":"https:\/\/ubirataonline.com.br\/falecimentos-em-curitiba-obituario-deste-domingo-29-03\/","url":"https:\/\/ubirataonline.com.br\/falecimentos-em-curitiba-obituario-deste-domingo-29-03\/","name":"Falecimentos em Curitiba: Obitu\u00e1rio deste domingo (29\/03) - Ubirat\u00e3 Online Not\u00edcias - A realidade ao seu alcance!","isPartOf":{"@id":"https:\/\/ubirataonline.com.br\/#website"},"primaryImageOfPage":{"@id":"https:\/\/ubirataonline.com.br\/falecimentos-em-curitiba-obituario-deste-domingo-29-03\/#primaryimage"},"image":{"@id":"https:\/\/ubirataonline.com.br\/falecimentos-em-curitiba-obituario-deste-domingo-29-03\/#primaryimage"},"thumbnailUrl":"https:\/\/ubirataonline.com.br\/wp-content\/uploads\/2026\/01\/falecimentos-em-curitiba.jpg","datePublished":"2026-03-30T04:43:47+00:00","dateModified":"2026-03-30T04:43:48+00:00","description":"AIRTON JOSE DRECHASLER, 63 ano(s). Profiss\u00e3o: COMERCIANTE. C\u00f4njuge: TEREZA CRUZ DRECHASLER. Filia\u00e7\u00e3o: JOSE DRECHASLER e TEREZINHA MANFRON DRECHASLER.","breadcrumb":{"@id":"https:\/\/ubirataonline.com.br\/falecimentos-em-curitiba-obituario-deste-domingo-29-03\/#breadcrumb"},"inLanguage":"en-US","potentialAction":[{"@type":"ReadAction","target":["https:\/\/ubirataonline.com.br\/falecimentos-em-curitiba-obituario-deste-domingo-29-03\/"]}]},{"@type":"ImageObject","inLanguage":"en-US","@id":"https:\/\/ubirataonline.com.br\/falecimentos-em-curitiba-obituario-deste-domingo-29-03\/#primaryimage","url":"https:\/\/ubirataonline.com.br\/wp-content\/uploads\/2026\/01\/falecimentos-em-curitiba.jpg","contentUrl":"https:\/\/ubirataonline.com.br\/wp-content\/uploads\/2026\/01\/falecimentos-em-curitiba.jpg","width":1200,"height":800},{"@type":"BreadcrumbList","@id":"https:\/\/ubirataonline.com.br\/falecimentos-em-curitiba-obituario-deste-domingo-29-03\/#breadcrumb","itemListElement":[{"@type":"ListItem","position":1,"name":"In\u00edcio","item":"https:\/\/ubirataonline.com.br\/"},{"@type":"ListItem","position":2,"name":"Falecimentos em Curitiba: Obitu\u00e1rio deste domingo (29\/03)"}]},{"@type":"WebSite","@id":"https:\/\/ubirataonline.com.br\/#website","url":"https:\/\/ubirataonline.com.br\/","name":"Ubirat\u00e3 Online Not\u00edcias","description":"Not\u00edcias de Ubirat\u00e3, regi\u00e3o, Brasil e mundo, com informa\u00e7\u00e3o atualizada e compromisso com o leitor.","publisher":{"@id":"https:\/\/ubirataonline.com.br\/#organization"},"alternateName":"Ubirat\u00e3 Online","potentialAction":[{"@type":"SearchAction","target":{"@type":"EntryPoint","urlTemplate":"https:\/\/ubirataonline.com.br\/?s={search_term_string}"},"query-input":{"@type":"PropertyValueSpecification","valueRequired":true,"valueName":"search_term_string"}}],"inLanguage":"en-US"},{"@type":["Organization","Place"],"@id":"https:\/\/ubirataonline.com.br\/#organization","name":"Ubirat\u00e3 Online Not\u00edcias","alternateName":"Ubirat\u00e3 Online","url":"https:\/\/ubirataonline.com.br\/","logo":{"@id":"https:\/\/ubirataonline.com.br\/falecimentos-em-curitiba-obituario-deste-domingo-29-03\/#local-main-organization-logo"},"image":{"@id":"https:\/\/ubirataonline.com.br\/falecimentos-em-curitiba-obituario-deste-domingo-29-03\/#local-main-organization-logo"},"sameAs":["https:\/\/www.facebook.com\/portalubirataonline","https:\/\/x.com\/ubirataonline","https:\/\/mastodon.social\/@ubirataonline","https:\/\/www.facebook.com\/groups\/311144672285604","https:\/\/www.facebook.com\/UBTAOnline","https:\/\/www.instagram.com\/portalubirataonline\/","https:\/\/twitter.com\/ubirataonline"],"description":"Somos um portal de not\u00edcias independente, criado em 5 de janeiro de 2009, com o objetivo de informar, conectar e valorizar a nossa comunidade de Ubirat\u00e3 e toda aregi\u00e3o. Com conte\u00fado atualizado, confi\u00e1vel e relevante, o Ubirat\u00e3 Online \u00e9 o seu espa\u00e7o para ficar por dentro dos principais acontecimentos locais, regionais, Brasil, Mundo e de interesse geral. Nosso compromisso \u00e9 com a verdade, a transpar\u00eancia e o respeito ao leitor.","legalName":"UBIRATA ONLINE NOT\u00cdCIAS","foundingDate":"2009-01-05","numberOfEmployees":{"@type":"QuantitativeValue","minValue":"1","maxValue":"10"},"publishingPrinciples":"https:\/\/ubirataonline.com.br\/faq\/","address":{"@id":"https:\/\/ubirataonline.com.br\/falecimentos-em-curitiba-obituario-deste-domingo-29-03\/#local-main-place-address"},"geo":{"@type":"GeoCoordinates","latitude":"-24.5361401","longitude":"-52.9921776"},"telephone":["+5544998308235"],"contactPoint":{"@type":"ContactPoint","email":"contato@ubirataonline.com.br"},"openingHoursSpecification":{"@type":"OpeningHoursSpecification","dayOfWeek":["Monday","Tuesday","Wednesday","Thursday","Friday","Saturday","Sunday"],"opens":"00:00","closes":"23:59"},"email":"contato@ubirataonline.com.br","vatID":"47.621.418\/0001-80"},{"@type":"Person","@id":"https:\/\/ubirataonline.com.br\/#\/schema\/person\/372f87bbd3fdd79b8556b84c98d0bc1c","name":"REDA\u00c7\u00c3O: UBIRAT\u00c3 ONLINE - F\u00c1BIO AUGUSTO CELESTINO","pronouns":"Ele","description":"Desde 2003 trabalhando com not\u00edcias.","sameAs":["http:\/\/ubirataoline.com.br","https:\/\/www.facebook.com\/portalubirataonline","https:\/\/www.instagram.com\/ubirataonline_oficial","https:\/\/x.com\/x.com\/ubirataonline"],"honorificPrefix":"Mr.","honorificSuffix":"MD","birthDate":"1980-06-16","gender":"masculino","award":["V\u00e1rios pr\u00eamios de melhor portal da cidade"],"jobTitle":"Diretor","url":"https:\/\/ubirataonline.com.br\/en\/author\/ubirataonline\/"},{"@type":"PostalAddress","@id":"https:\/\/ubirataonline.com.br\/falecimentos-em-curitiba-obituario-deste-domingo-29-03\/#local-main-place-address","streetAddress":"Rua dos Coqueiros, 104 - Bairro Boa Vista, Rua dos Coqueiros, 104 Bairro Boa Vista","addressLocality":"UBIRATA","postalCode":"85440-000","addressRegion":"PR","addressCountry":"BR"},{"@type":"ImageObject","inLanguage":"en-US","@id":"https:\/\/ubirataonline.com.br\/falecimentos-em-curitiba-obituario-deste-domingo-29-03\/#local-main-organization-logo","url":"https:\/\/ubirataonline.com.br\/wp-content\/uploads\/2026\/06\/logoubirataonline-1.webp","contentUrl":"https:\/\/ubirataonline.com.br\/wp-content\/uploads\/2026\/06\/logoubirataonline-1.webp","width":500,"height":500,"caption":"Ubirat\u00e3 Online Not\u00edcias"}]},"geo.placename":"UBIRATA","geo.position":{"lat":"-24.5361401","long":"-52.9921776"},"geo.region":"Brazil"},"_links":{"self":[{"href":"https:\/\/ubirataonline.com.br\/en\/wp-json\/wp\/v2\/posts\/98160","targetHints":{"allow":["GET"]}}],"collection":[{"href":"https:\/\/ubirataonline.com.br\/en\/wp-json\/wp\/v2\/posts"}],"about":[{"href":"https:\/\/ubirataonline.com.br\/en\/wp-json\/wp\/v2\/types\/post"}],"author":[{"embeddable":true,"href":"https:\/\/ubirataonline.com.br\/en\/wp-json\/wp\/v2\/users\/1"}],"replies":[{"embeddable":true,"href":"https:\/\/ubirataonline.com.br\/en\/wp-json\/wp\/v2\/comments?post=98160"}],"version-history":[{"count":0,"href":"https:\/\/ubirataonline.com.br\/en\/wp-json\/wp\/v2\/posts\/98160\/revisions"}],"wp:featuredmedia":[{"embeddable":true,"href":"https:\/\/ubirataonline.com.br\/en\/wp-json\/wp\/v2\/media\/79624"}],"wp:attachment":[{"href":"https:\/\/ubirataonline.com.br\/en\/wp-json\/wp\/v2\/media?parent=98160"}],"wp:term":[{"taxonomy":"category","embeddable":true,"href":"https:\/\/ubirataonline.com.br\/en\/wp-json\/wp\/v2\/categories?post=98160"},{"taxonomy":"post_tag","embeddable":true,"href":"https:\/\/ubirataonline.com.br\/en\/wp-json\/wp\/v2\/tags?post=98160"}],"curies":[{"name":"wp","href":"https:\/\/api.w.org\/{rel}","templated":true}]}}