{"id":98240,"date":"2026-03-30T11:43:58","date_gmt":"2026-03-30T14:43:58","guid":{"rendered":"https:\/\/ubirataonline.com.br\/dia-mundial-do-transtorno-bipolar-4-maneiras-de-gerenciar-a-condicao\/"},"modified":"2026-03-30T11:44:00","modified_gmt":"2026-03-30T14:44:00","slug":"dia-mundial-do-transtorno-bipolar-4-maneiras-de-gerenciar-a-condicao","status":"publish","type":"post","link":"https:\/\/ubirataonline.com.br\/en\/dia-mundial-do-transtorno-bipolar-4-maneiras-de-gerenciar-a-condicao\/","title":{"rendered":"Dia Mundial do Transtorno Bipolar: 4\u00a0maneiras de gerenciar a condi\u00e7\u00e3o"},"content":{"rendered":"<p><\/p>\n<div id=\"post-content\">\n<p>Em 30 de mar\u00e7o \u00e9 celebrado o Dia Mundial do Transtorno Bipolar. O n\u00famero de pessoas com o diagn\u00f3stico de Transtorno Afetivo Bipolar (TAB) \u00e9 elevado. De acordo com dados de 2021 da Organiza\u00e7\u00e3o Mundial da Sa\u00fade (OMS), a bipolaridade \u00e9 uma patologia neurol\u00f3gica grave que afeta cerca de 37 milh\u00f5es de pessoas no mundo.<\/p>\n<p>Essa condi\u00e7\u00e3o de sa\u00fade mental \u00e9 caracterizada por altera\u00e7\u00f5es extremas de humor, que incluem epis\u00f3dios de mania e depress\u00e3o. O diagn\u00f3stico da doen\u00e7a \u00e9 realizado, na maioria das vezes, em indiv\u00edduos na faixa dos 16 aos 25 anos, mas o transtorno pode se manifestar desde a inf\u00e2ncia at\u00e9 a terceira idade.<\/p>\n<h2 id=\"h-impactos-do-transtorno-afetivo-bipolar\" class=\"wp-block-heading\">Impactos do Transtorno Afetivo Bipolar<\/h2>\n<p>Al\u00e9m das oscila\u00e7\u00f5es de humor, o transtorno pode impactar diretamente fun\u00e7\u00f5es cognitivas como aten\u00e7\u00e3o, mem\u00f3ria e planejamento \u2014 fatores que influenciam a rotina, o desempenho profissional e as rela\u00e7\u00f5es pessoais.<\/p>\n<p>Segundo a neuropsic\u00f3loga da startup espanhola de <strong>terapia cognitiva<\/strong> NeuronUP, Martha Valeria Medina Rivera, o tratamento precisa ir al\u00e9m do controle dos epis\u00f3dios agudos. \u201cMesmo em fases de estabilidade do humor, muitos pacientes apresentam dificuldades cognitivas sutis. Quando n\u00e3o tratadas, elas comprometem a autonomia e a qualidade de vida\u201d, explica.<\/p>\n<p>Dados do artigo cient\u00edfico <em>\u201cCognitive rehabilitation in bipolar spectrum disorder: A systematic review\u201d<\/em>, publicado na revista IBRO Neuroscience Reports, indicam que cerca de 70% das pessoas com transtorno bipolar podem apresentar algum grau de preju\u00edzo cognitivo, especialmente na mem\u00f3ria verbal, na velocidade de processamento e nas fun\u00e7\u00f5es executivas.<\/p>\n<div class=\"wp-block-image\">\n<figure class=\"aligncenter size-large\"><figcaption class=\"wp-element-caption\">\u00c9 importante procurar um especialista ao notar os sintomas do transtorno bipolar (Imagem: Prostock-studio | Shutterstock)<\/figcaption><\/figure>\n<\/p><\/div>\n<h2 id=\"h-sinais-de-alerta-do-transtorno-bipolar\" class=\"wp-block-heading\">Sinais de alerta do transtorno bipolar<\/h2>\n<p>O reconhecimento e o diagn\u00f3stico s\u00e3o fundamentais para o tratamento dessa condi\u00e7\u00e3o. Conforme Martha Valeria Medina Rivera ressalta, \u00e9 importante procurar avalia\u00e7\u00e3o profissional, caso os seguintes sintomas sejam identificados:<\/p>\n<ul class=\"wp-block-list\">\n<li>Mudan\u00e7as persistentes no padr\u00e3o de sono;<\/li>\n<li>Sensa\u00e7\u00e3o de acelera\u00e7\u00e3o mental ou <strong>aumento da impulsividade;\u00a0<\/strong><\/li>\n<li>Dificuldades de mem\u00f3ria e concentra\u00e7\u00e3o que interferem na rotina;<\/li>\n<li>Queda no rendimento acad\u00eamico ou profissional;<\/li>\n<li>Dificuldade crescente em manter organiza\u00e7\u00e3o e planejamento.<\/li>\n<\/ul>\n<p>Al\u00e9m desses, sintomas depressivos leves, mas cont\u00ednuos, como apatia e fadiga mental, tamb\u00e9m n\u00e3o devem ser descartados.<\/p>\n<h2 id=\"h-gerenciamento-da-condicao\" class=\"wp-block-heading\"><strong>Gerenciamento da condi\u00e7\u00e3o<\/strong><\/h2>\n<p>A neuropsic\u00f3loga\u00a0tamb\u00e9m\u00a0re\u00fane\u00a0quatro\u00a0estrat\u00e9gias\u00a0para\u00a0auxiliar na qualidade de vida\u00a0e no gerenciamento dos sintomas\u00a0do paciente diagnosticado com TAB.\u00a0Confira:<\/p>\n<ol class=\"wp-block-list\">\n<li><strong>Siga com o tratamento medicamentoso:\u00a0<\/strong>ap\u00f3s o diagn\u00f3stico do transtorno\u00a0por meio de <strong>consulta com\u00a0psiquiatra\u00a0ou psic\u00f3logo<\/strong>, \u00e9 crucial que o paciente fa\u00e7a o uso do medicamento\u00a0prescrito\u00a0de forma regular;<\/li>\n<li><strong>Fa\u00e7a terapia cognitivo-comportamental:\u00a0<\/strong>com o intuito de identificar os padr\u00f5es de pensamento e prevenir reca\u00eddas, \u00e9 importante que o paciente fa\u00e7a terapia regularmente;<\/li>\n<li><strong>Participe de sess\u00f5es de psicoeduca\u00e7\u00e3o: <\/strong>\u00e9 crucial que o paciente fa\u00e7a sess\u00f5es de psicoeduca\u00e7\u00e3o, especialmente em grupo, para ampliar o conhecimento sobre a doen\u00e7a e melhorar a ades\u00e3o ao tratamento;<\/li>\n<li><strong>Fa\u00e7a avalia\u00e7\u00e3o neuropsicol\u00f3gica individualizada: <\/strong>para compreender o est\u00e1gio do <strong>transtorno bipolar<\/strong>, \u00e9 crucial que o paciente realize avalia\u00e7\u00f5es neuropsicol\u00f3gicas individualizadas que permitir\u00e3o interven\u00e7\u00f5es personalizadas.<\/li>\n<\/ol>\n<p><em>Por Patr\u00edcia Martins Buzaid \/ Edicase<\/em><\/p>\n<section class=\"virals\">\n<article class=\"cardnews cardnews--post cardnews--has-thumbnail cardnews--editorial-noticias\"> <a href=\"https:\/\/www.tribunapr.com.br\/noticias\/parana\/golpe-do-ipva-engana-profissional-da-tecnologia-no-parana-como-evitar-a-fraude\/?utm_source=noticias-virais-rodape&amp;utm_medium=internal-tribuna&amp;utm_campaign=tribuna\" class=\"cardnews__postlink\"> <\/p>\n<div class=\"cardnews__image\" is-api-thumb=\"\"><img decoding=\"async\" src=\"https:\/\/www.tribunapr.com.br\/wp-content\/uploads\/2026\/02\/06122251\/golpe-ipva-detranpr-370x210.jpeg\" loading=\"lazy\" alt=\"At\u00e9 especialistas ca\u00edram: o detalhe no boleto do IPVA que rouba seu dinheiro\"\/><\/div>\n<div class=\"cardnews__content cardhome__content\">\n<div class=\"cardnews__content-wrapper\">\n<p> <span style=\"\"> Fique atento! <\/span> <\/p>\n<p>At\u00e9 especialistas ca\u00edram: o detalhe no boleto do IPVA que rouba seu dinheiro<\/p>\n<\/p><\/div>\n<\/p><\/div>\n<p> <\/a> <\/article>\n<article class=\"cardnews cardnews--post cardnews--has-thumbnail cardnews--editorial-noticias\"> <a href=\"https:\/\/www.tribunapr.com.br\/noticias\/curitiba-regiao\/litoral-do-parana-passa-a-figurar-entre-os-mais-valorizados-do-pais\/?utm_source=noticias-virais-rodape&amp;utm_medium=internal-tribuna&amp;utm_campaign=tribuna\" class=\"cardnews__postlink\"> <\/p>\n<div class=\"cardnews__image\" is-api-thumb=\"\"><img decoding=\"async\" src=\"https:\/\/www.tribunapr.com.br\/wp-content\/uploads\/2026\/02\/04151141\/matinhos-litoral-370x210.jpg\" loading=\"lazy\" alt=\"Adeus, pre\u00e7os baixos? Esta regi\u00e3o do Paran\u00e1 virou a nova 'mina de ouro'\"\/><\/div>\n<div class=\"cardnews__content cardhome__content\">\n<div class=\"cardnews__content-wrapper\">\n<p> <span style=\"\"> Mercado imobili\u00e1rio <\/span> <\/p>\n<p>Adeus, pre\u00e7os baixos? Esta regi\u00e3o do Paran\u00e1 virou a nova &#8216;mina de ouro&#8217;<\/p>\n<\/p><\/div>\n<\/p><\/div>\n<p> <\/a> <\/article>\n<article class=\"cardnews cardnews--post cardnews--has-thumbnail cardnews--editorial-noticias\"> <a href=\"https:\/\/www.tribunapr.com.br\/blogs\/rango-barateza\/biscoitos-da-vovo-elza-tradicao-que-nasceu-do-afeto-e-conquistou-curitiba\/?utm_source=noticias-virais-rodape&amp;utm_medium=internal-tribuna&amp;utm_campaign=tribuna\" class=\"cardnews__postlink\"> <\/p>\n<div class=\"cardnews__image\" is-api-thumb=\"\"><img decoding=\"async\" src=\"https:\/\/www.tribunapr.com.br\/wp-content\/uploads\/2026\/02\/06135141\/vovo-elza-02-770x440-1-370x210.webp\" loading=\"lazy\" alt=\"O segredo de Curitiba: como uma receita de fam\u00edlia virou um imp\u00e9rio do afeto\"\/><\/div>\n<div class=\"cardnews__content cardhome__content\">\n<div class=\"cardnews__content-wrapper\">\n<p> <span style=\"\"> Rango Barateza! <\/span> <\/p>\n<p>O segredo de Curitiba: como uma receita de fam\u00edlia virou um imp\u00e9rio do afeto<\/p>\n<\/p><\/div>\n<\/p><\/div>\n<p> <\/a> <\/article>\n<\/section>\n<div id=\"tribuna-follow-cta\">\n<p> <span class=\"cta-title\">Siga a <span class=\"tribuna-color\">Tribuna<\/span> no Google, e acompanhe as \u00faltimas not\u00edcias de Curitiba e regi\u00e3o!<\/span> <\/p>\n<p> <a href=\"https:\/\/profile.google.com\/cp\/CgwvZy8xMmxxajUzM3Mac2h0dHBzOi8vd3d3LnRyaWJ1bmFwci5jb20uYnIvdml2YS92aXRyaW5lL2dpZ2FudGUtZG8tdmVzdHVhcmlvLXJlaW5hdWd1cmEtbG9qYS1lbS1zaG9wcGluZy10cmFkaWNpb25hbC1kZS1jdXJpdGliYS8iElRyaWJ1bmEgZG8gUGFyYW7DoSqAAwrHAWh0dHBzOi8vZW5jcnlwdGVkLXRibjIuZ3N0YXRpYy5jb20vZmF2aWNvbi10Ym4_cT10Ym46QU5kOUdjUVJPbjVDRjR6TzJPbkUwTXZrRlRCRTY2U0g1bGlaVDRaZTV3bWNKeU5GRm1BSnluM01nNU9PR3BXY1pYMzZwYU5HUWtsZ09JVEFLTTNNZVNGbTc1aWp6M3k2ajUtQ3M2b25kX2JUcFFQQkVLd3RsUjBsTmJESnUtVHhrNXQtbFlCNlVpOWZSVVFjT2cSswFodHRwczovL2VuY3J5cHRlZC10Ym4zLmdzdGF0aWMuY29tL2Zhdmljb24tdGJuP3E9dGJuJTNBQU5kOUdjU0FMaWJ2eFF0YXdFMFRueVdWWmVKRS1MZEdRZjVTUi1OZ2RMazhyZzIwVy1nM0JuQ1F4VDNKZFBjRXR2THdBeVRxUDJEdHVycEdVR29CQkxpYzM5al9wSmFxRERaMHNCYW05WEVhSGVsMmZTQmdKdlF4WWVyMw\" target=\"_blank\" title=\"Seguir a Tribuna no Google\">  <\/a> <\/div>\n<\/p><\/div>\n<p><a href=\"https:\/\/www.tribunapr.com.br\/variedades\/dia-mundial-do-transtorno-bipolar-4-maneiras-de-gerenciar-a-condicao\/\">Fonte do Artigo <\/a><\/p>","protected":false},"excerpt":{"rendered":"<p>Em 30 de mar\u00e7o \u00e9 celebrado o Dia Mundial do Transtorno Bipolar. O n\u00famero de pessoas com o diagn\u00f3stico de Transtorno Afetivo Bipolar (TAB) \u00e9 elevado. De acordo com dados de 2021 da Organiza\u00e7\u00e3o Mundial da Sa\u00fade (OMS), a bipolaridade \u00e9 uma patologia neurol\u00f3gica grave que afeta cerca de 37 milh\u00f5es de pessoas no mundo. [&hellip;]<\/p>\n","protected":false},"author":1,"featured_media":98241,"comment_status":"closed","ping_status":"","sticky":false,"template":"","format":"standard","meta":{"googlesitekit_rrm_CAow2JLhCw:productID":"","_gspb_post_css":"","maa_idioma":"","maa_pais":"","footnotes":""},"categories":[1],"tags":[24351,24350,11675,3101,24352,58,12206],"class_list":["post-98240","post","type-post","status-publish","format-standard","has-post-thumbnail","hentry","category-ubirata","tag-4maneiras","tag-bipolar","tag-condicao","tag-dia","tag-gerenciar","tag-mundial","tag-transtorno"],"blocksy_meta":[],"yoast_head":"<!-- This site is optimized with the Yoast SEO Premium plugin v27.6 (Yoast SEO v27.6) - https:\/\/yoast.com\/product\/yoast-seo-premium-wordpress\/ -->\n<title>Dia Mundial do Transtorno Bipolar: 4\u00a0maneiras de gerenciar a condi\u00e7\u00e3o - Ubirat\u00e3 Online Not\u00edcias - A realidade ao seu alcance!<\/title>\n<meta name=\"description\" content=\"Em 30 de mar\u00e7o \u00e9 celebrado o Dia Mundial do Transtorno Bipolar. O n\u00famero de pessoas com o diagn\u00f3stico de Transtorno Afetivo Bipolar (TAB) \u00e9 elevado. De\" \/>\n<meta name=\"robots\" content=\"index, follow, max-snippet:-1, max-image-preview:large, max-video-preview:-1\" \/>\n<link rel=\"canonical\" href=\"https:\/\/ubirataonline.com.br\/en\/dia-mundial-do-transtorno-bipolar-4-maneiras-de-gerenciar-a-condicao\/\" \/>\n<meta property=\"og:locale\" content=\"en_US\" \/>\n<meta property=\"og:type\" content=\"article\" \/>\n<meta property=\"og:title\" content=\"Dia Mundial do Transtorno Bipolar: 4\u00a0maneiras de gerenciar a condi\u00e7\u00e3o\" \/>\n<meta property=\"og:description\" content=\"Em 30 de mar\u00e7o \u00e9 celebrado o Dia Mundial do Transtorno Bipolar. O n\u00famero de pessoas com o diagn\u00f3stico de Transtorno Afetivo Bipolar (TAB) \u00e9 elevado. De\" \/>\n<meta property=\"og:url\" content=\"https:\/\/ubirataonline.com.br\/en\/dia-mundial-do-transtorno-bipolar-4-maneiras-de-gerenciar-a-condicao\/\" \/>\n<meta property=\"og:site_name\" content=\"Ubirat\u00e3 Online Not\u00edcias - A realidade ao seu alcance!\" \/>\n<meta property=\"article:publisher\" content=\"https:\/\/www.facebook.com\/portalubirataonline\" \/>\n<meta property=\"article:author\" content=\"https:\/\/www.facebook.com\/portalubirataonline\" \/>\n<meta property=\"article:published_time\" content=\"2026-03-30T14:43:58+00:00\" \/>\n<meta property=\"article:modified_time\" content=\"2026-03-30T14:44:00+00:00\" \/>\n<meta property=\"og:image\" content=\"https:\/\/ubirataonline.com.br\/wp-content\/uploads\/2026\/03\/Dia-Mundial-do-Transtorno-Bipolar-4-maneiras-de-gerenciar-a-condicao.jpg\" \/>\n\t<meta property=\"og:image:width\" content=\"1200\" \/>\n\t<meta property=\"og:image:height\" content=\"800\" \/>\n\t<meta property=\"og:image:type\" content=\"image\/jpeg\" \/>\n<meta name=\"author\" content=\"REDA\u00c7\u00c3O: UBIRAT\u00c3 ONLINE - F\u00c1BIO AUGUSTO CELESTINO\" \/>\n<meta name=\"twitter:card\" content=\"summary_large_image\" \/>\n<meta name=\"twitter:creator\" content=\"@x.com\/ubirataonline\" \/>\n<meta name=\"twitter:site\" content=\"@ubirataonline\" \/>\n<meta name=\"twitter:label1\" content=\"Written by\" \/>\n\t<meta name=\"twitter:data1\" content=\"REDA\u00c7\u00c3O: UBIRAT\u00c3 ONLINE - F\u00c1BIO AUGUSTO CELESTINO\" \/>\n\t<meta name=\"twitter:label2\" content=\"Est. reading time\" \/>\n\t<meta name=\"twitter:data2\" content=\"3 minutes\" \/>\n<script type=\"application\/ld+json\" class=\"yoast-schema-graph\">{\"@context\":\"https:\\\/\\\/schema.org\",\"@graph\":[{\"@type\":\"NewsArticle\",\"@id\":\"https:\\\/\\\/ubirataonline.com.br\\\/dia-mundial-do-transtorno-bipolar-4-maneiras-de-gerenciar-a-condicao\\\/#article\",\"isPartOf\":{\"@id\":\"https:\\\/\\\/ubirataonline.com.br\\\/dia-mundial-do-transtorno-bipolar-4-maneiras-de-gerenciar-a-condicao\\\/\"},\"author\":{\"name\":\"REDA\u00c7\u00c3O: UBIRAT\u00c3 ONLINE - F\u00c1BIO AUGUSTO CELESTINO\",\"@id\":\"https:\\\/\\\/ubirataonline.com.br\\\/#\\\/schema\\\/person\\\/372f87bbd3fdd79b8556b84c98d0bc1c\"},\"headline\":\"Dia Mundial do Transtorno Bipolar: 4\u00a0maneiras de gerenciar a condi\u00e7\u00e3o\",\"datePublished\":\"2026-03-30T14:43:58+00:00\",\"dateModified\":\"2026-03-30T14:44:00+00:00\",\"mainEntityOfPage\":{\"@id\":\"https:\\\/\\\/ubirataonline.com.br\\\/dia-mundial-do-transtorno-bipolar-4-maneiras-de-gerenciar-a-condicao\\\/\"},\"wordCount\":621,\"publisher\":{\"@id\":\"https:\\\/\\\/ubirataonline.com.br\\\/#organization\"},\"image\":{\"@id\":\"https:\\\/\\\/ubirataonline.com.br\\\/dia-mundial-do-transtorno-bipolar-4-maneiras-de-gerenciar-a-condicao\\\/#primaryimage\"},\"thumbnailUrl\":\"https:\\\/\\\/ubirataonline.com.br\\\/wp-content\\\/uploads\\\/2026\\\/03\\\/Dia-Mundial-do-Transtorno-Bipolar-4-maneiras-de-gerenciar-a-condicao.jpg\",\"keywords\":[\"4maneiras\",\"Bipolar\",\"condi\u00e7\u00e3o\",\"dia\",\"gerenciar\",\"mundial\u00b4\",\"transtorno\"],\"articleSection\":[\"Ubirat\u00e3\"],\"inLanguage\":\"en-US\",\"copyrightYear\":\"2026\",\"copyrightHolder\":{\"@id\":\"https:\\\/\\\/ubirataonline.com.br\\\/en\\\/#organization\"}},{\"@type\":\"WebPage\",\"@id\":\"https:\\\/\\\/ubirataonline.com.br\\\/dia-mundial-do-transtorno-bipolar-4-maneiras-de-gerenciar-a-condicao\\\/\",\"url\":\"https:\\\/\\\/ubirataonline.com.br\\\/dia-mundial-do-transtorno-bipolar-4-maneiras-de-gerenciar-a-condicao\\\/\",\"name\":\"Dia Mundial do Transtorno Bipolar: 4\u00a0maneiras de gerenciar a condi\u00e7\u00e3o - Ubirat\u00e3 Online Not\u00edcias - A realidade ao seu alcance!\",\"isPartOf\":{\"@id\":\"https:\\\/\\\/ubirataonline.com.br\\\/#website\"},\"primaryImageOfPage\":{\"@id\":\"https:\\\/\\\/ubirataonline.com.br\\\/dia-mundial-do-transtorno-bipolar-4-maneiras-de-gerenciar-a-condicao\\\/#primaryimage\"},\"image\":{\"@id\":\"https:\\\/\\\/ubirataonline.com.br\\\/dia-mundial-do-transtorno-bipolar-4-maneiras-de-gerenciar-a-condicao\\\/#primaryimage\"},\"thumbnailUrl\":\"https:\\\/\\\/ubirataonline.com.br\\\/wp-content\\\/uploads\\\/2026\\\/03\\\/Dia-Mundial-do-Transtorno-Bipolar-4-maneiras-de-gerenciar-a-condicao.jpg\",\"datePublished\":\"2026-03-30T14:43:58+00:00\",\"dateModified\":\"2026-03-30T14:44:00+00:00\",\"description\":\"Em 30 de mar\u00e7o \u00e9 celebrado o Dia Mundial do Transtorno Bipolar. O n\u00famero de pessoas com o diagn\u00f3stico de Transtorno Afetivo Bipolar (TAB) \u00e9 elevado. De\",\"breadcrumb\":{\"@id\":\"https:\\\/\\\/ubirataonline.com.br\\\/dia-mundial-do-transtorno-bipolar-4-maneiras-de-gerenciar-a-condicao\\\/#breadcrumb\"},\"inLanguage\":\"en-US\",\"potentialAction\":[{\"@type\":\"ReadAction\",\"target\":[\"https:\\\/\\\/ubirataonline.com.br\\\/dia-mundial-do-transtorno-bipolar-4-maneiras-de-gerenciar-a-condicao\\\/\"]}]},{\"@type\":\"ImageObject\",\"inLanguage\":\"en-US\",\"@id\":\"https:\\\/\\\/ubirataonline.com.br\\\/dia-mundial-do-transtorno-bipolar-4-maneiras-de-gerenciar-a-condicao\\\/#primaryimage\",\"url\":\"https:\\\/\\\/ubirataonline.com.br\\\/wp-content\\\/uploads\\\/2026\\\/03\\\/Dia-Mundial-do-Transtorno-Bipolar-4-maneiras-de-gerenciar-a-condicao.jpg\",\"contentUrl\":\"https:\\\/\\\/ubirataonline.com.br\\\/wp-content\\\/uploads\\\/2026\\\/03\\\/Dia-Mundial-do-Transtorno-Bipolar-4-maneiras-de-gerenciar-a-condicao.jpg\",\"width\":1200,\"height\":800,\"caption\":\"O transtorno bipolar pode impactar diretamente fun\u00e7\u00f5es cognitivas, influenciando a rotina, o desempenho profissional e as rela\u00e7\u00f5es pessoais (Imagem: Ka Iki | Shutterstock)\"},{\"@type\":\"BreadcrumbList\",\"@id\":\"https:\\\/\\\/ubirataonline.com.br\\\/dia-mundial-do-transtorno-bipolar-4-maneiras-de-gerenciar-a-condicao\\\/#breadcrumb\",\"itemListElement\":[{\"@type\":\"ListItem\",\"position\":1,\"name\":\"In\u00edcio\",\"item\":\"https:\\\/\\\/ubirataonline.com.br\\\/\"},{\"@type\":\"ListItem\",\"position\":2,\"name\":\"Dia Mundial do Transtorno Bipolar: 4\u00a0maneiras de gerenciar a condi\u00e7\u00e3o\"}]},{\"@type\":\"WebSite\",\"@id\":\"https:\\\/\\\/ubirataonline.com.br\\\/#website\",\"url\":\"https:\\\/\\\/ubirataonline.com.br\\\/\",\"name\":\"Ubirat\u00e3 Online Not\u00edcias\",\"description\":\"Not\u00edcias de Ubirat\u00e3, regi\u00e3o, Brasil e mundo, com informa\u00e7\u00e3o atualizada e compromisso com o leitor.\",\"publisher\":{\"@id\":\"https:\\\/\\\/ubirataonline.com.br\\\/#organization\"},\"alternateName\":\"Ubirat\u00e3 Online\",\"potentialAction\":[{\"@type\":\"SearchAction\",\"target\":{\"@type\":\"EntryPoint\",\"urlTemplate\":\"https:\\\/\\\/ubirataonline.com.br\\\/?s={search_term_string}\"},\"query-input\":{\"@type\":\"PropertyValueSpecification\",\"valueRequired\":true,\"valueName\":\"search_term_string\"}}],\"inLanguage\":\"en-US\"},{\"@type\":[\"Organization\",\"Place\"],\"@id\":\"https:\\\/\\\/ubirataonline.com.br\\\/#organization\",\"name\":\"Ubirat\u00e3 Online Not\u00edcias\",\"alternateName\":\"Ubirat\u00e3 Online\",\"url\":\"https:\\\/\\\/ubirataonline.com.br\\\/\",\"logo\":{\"@id\":\"https:\\\/\\\/ubirataonline.com.br\\\/dia-mundial-do-transtorno-bipolar-4-maneiras-de-gerenciar-a-condicao\\\/#local-main-organization-logo\"},\"image\":{\"@id\":\"https:\\\/\\\/ubirataonline.com.br\\\/dia-mundial-do-transtorno-bipolar-4-maneiras-de-gerenciar-a-condicao\\\/#local-main-organization-logo\"},\"sameAs\":[\"https:\\\/\\\/www.facebook.com\\\/portalubirataonline\",\"https:\\\/\\\/x.com\\\/ubirataonline\",\"https:\\\/\\\/mastodon.social\\\/@ubirataonline\",\"https:\\\/\\\/www.facebook.com\\\/groups\\\/311144672285604\",\"https:\\\/\\\/www.facebook.com\\\/UBTAOnline\",\"https:\\\/\\\/www.instagram.com\\\/portalubirataonline\\\/\",\"https:\\\/\\\/twitter.com\\\/ubirataonline\"],\"description\":\"Somos um portal de not\u00edcias independente, criado em 5 de janeiro de 2009, com o objetivo de informar, conectar e valorizar a nossa comunidade de Ubirat\u00e3 e toda aregi\u00e3o. Com conte\u00fado atualizado, confi\u00e1vel e relevante, o Ubirat\u00e3 Online \u00e9 o seu espa\u00e7o para ficar por dentro dos principais acontecimentos locais, regionais, Brasil, Mundo e de interesse geral. Nosso compromisso \u00e9 com a verdade, a transpar\u00eancia e o respeito ao leitor.\",\"legalName\":\"UBIRATA ONLINE NOT\u00cdCIAS\",\"foundingDate\":\"2009-01-05\",\"numberOfEmployees\":{\"@type\":\"QuantitativeValue\",\"minValue\":\"1\",\"maxValue\":\"10\"},\"publishingPrinciples\":\"https:\\\/\\\/ubirataonline.com.br\\\/faq\\\/\",\"address\":{\"@id\":\"https:\\\/\\\/ubirataonline.com.br\\\/dia-mundial-do-transtorno-bipolar-4-maneiras-de-gerenciar-a-condicao\\\/#local-main-place-address\"},\"geo\":{\"@type\":\"GeoCoordinates\",\"latitude\":\"-24.5361401\",\"longitude\":\"-52.9921776\"},\"telephone\":[\"+5544998308235\"],\"contactPoint\":{\"@type\":\"ContactPoint\",\"email\":\"contato@ubirataonline.com.br\"},\"openingHoursSpecification\":{\"@type\":\"OpeningHoursSpecification\",\"dayOfWeek\":[\"Monday\",\"Tuesday\",\"Wednesday\",\"Thursday\",\"Friday\",\"Saturday\",\"Sunday\"],\"opens\":\"00:00\",\"closes\":\"23:59\"},\"email\":\"contato@ubirataonline.com.br\",\"vatID\":\"47.621.418\\\/0001-80\"},{\"@type\":\"Person\",\"@id\":\"https:\\\/\\\/ubirataonline.com.br\\\/#\\\/schema\\\/person\\\/372f87bbd3fdd79b8556b84c98d0bc1c\",\"name\":\"REDA\u00c7\u00c3O: UBIRAT\u00c3 ONLINE - F\u00c1BIO AUGUSTO CELESTINO\",\"pronouns\":\"Ele\",\"description\":\"Desde 2003 trabalhando com not\u00edcias.\",\"sameAs\":[\"http:\\\/\\\/ubirataoline.com.br\",\"https:\\\/\\\/www.facebook.com\\\/portalubirataonline\",\"https:\\\/\\\/www.instagram.com\\\/ubirataonline_oficial\",\"https:\\\/\\\/x.com\\\/x.com\\\/ubirataonline\"],\"honorificPrefix\":\"Mr.\",\"honorificSuffix\":\"MD\",\"birthDate\":\"1980-06-16\",\"gender\":\"masculino\",\"award\":[\"V\u00e1rios pr\u00eamios de melhor portal da cidade\"],\"jobTitle\":\"Diretor\",\"url\":\"https:\\\/\\\/ubirataonline.com.br\\\/en\\\/author\\\/ubirataonline\\\/\"},{\"@type\":\"PostalAddress\",\"@id\":\"https:\\\/\\\/ubirataonline.com.br\\\/dia-mundial-do-transtorno-bipolar-4-maneiras-de-gerenciar-a-condicao\\\/#local-main-place-address\",\"streetAddress\":\"Rua dos Coqueiros, 104 - Bairro Boa Vista, Rua dos Coqueiros, 104 Bairro Boa Vista\",\"addressLocality\":\"UBIRATA\",\"postalCode\":\"85440-000\",\"addressRegion\":\"PR\",\"addressCountry\":\"BR\"},{\"@type\":\"ImageObject\",\"inLanguage\":\"en-US\",\"@id\":\"https:\\\/\\\/ubirataonline.com.br\\\/dia-mundial-do-transtorno-bipolar-4-maneiras-de-gerenciar-a-condicao\\\/#local-main-organization-logo\",\"url\":\"https:\\\/\\\/ubirataonline.com.br\\\/wp-content\\\/uploads\\\/2026\\\/06\\\/logoubirataonline-1.webp\",\"contentUrl\":\"https:\\\/\\\/ubirataonline.com.br\\\/wp-content\\\/uploads\\\/2026\\\/06\\\/logoubirataonline-1.webp\",\"width\":500,\"height\":500,\"caption\":\"Ubirat\u00e3 Online Not\u00edcias\"}]}<\/script>\n<meta name=\"geo.placename\" content=\"UBIRATA\" \/>\n<meta name=\"geo.position\" content=\"-24.5361401;-52.9921776\" \/>\n<meta name=\"geo.region\" content=\"Brazil\" \/>\n<!-- \/ Yoast SEO Premium plugin. -->","yoast_head_json":{"title":"Dia Mundial do Transtorno Bipolar: 4\u00a0maneiras de gerenciar a condi\u00e7\u00e3o - Ubirat\u00e3 Online Not\u00edcias - A realidade ao seu alcance!","description":"Em 30 de mar\u00e7o \u00e9 celebrado o Dia Mundial do Transtorno Bipolar. O n\u00famero de pessoas com o diagn\u00f3stico de Transtorno Afetivo Bipolar (TAB) \u00e9 elevado. De","robots":{"index":"index","follow":"follow","max-snippet":"max-snippet:-1","max-image-preview":"max-image-preview:large","max-video-preview":"max-video-preview:-1"},"canonical":"https:\/\/ubirataonline.com.br\/en\/dia-mundial-do-transtorno-bipolar-4-maneiras-de-gerenciar-a-condicao\/","og_locale":"en_US","og_type":"article","og_title":"Dia Mundial do Transtorno Bipolar: 4\u00a0maneiras de gerenciar a condi\u00e7\u00e3o","og_description":"Em 30 de mar\u00e7o \u00e9 celebrado o Dia Mundial do Transtorno Bipolar. O n\u00famero de pessoas com o diagn\u00f3stico de Transtorno Afetivo Bipolar (TAB) \u00e9 elevado. De","og_url":"https:\/\/ubirataonline.com.br\/en\/dia-mundial-do-transtorno-bipolar-4-maneiras-de-gerenciar-a-condicao\/","og_site_name":"Ubirat\u00e3 Online Not\u00edcias - A realidade ao seu alcance!","article_publisher":"https:\/\/www.facebook.com\/portalubirataonline","article_author":"https:\/\/www.facebook.com\/portalubirataonline","article_published_time":"2026-03-30T14:43:58+00:00","article_modified_time":"2026-03-30T14:44:00+00:00","og_image":[{"width":1200,"height":800,"url":"https:\/\/ubirataonline.com.br\/wp-content\/uploads\/2026\/03\/Dia-Mundial-do-Transtorno-Bipolar-4-maneiras-de-gerenciar-a-condicao.jpg","type":"image\/jpeg"}],"author":"REDA\u00c7\u00c3O: UBIRAT\u00c3 ONLINE - F\u00c1BIO AUGUSTO CELESTINO","twitter_card":"summary_large_image","twitter_creator":"@x.com\/ubirataonline","twitter_site":"@ubirataonline","twitter_misc":{"Written by":"REDA\u00c7\u00c3O: UBIRAT\u00c3 ONLINE - F\u00c1BIO AUGUSTO CELESTINO","Est. reading time":"3 minutes"},"schema":{"@context":"https:\/\/schema.org","@graph":[{"@type":"NewsArticle","@id":"https:\/\/ubirataonline.com.br\/dia-mundial-do-transtorno-bipolar-4-maneiras-de-gerenciar-a-condicao\/#article","isPartOf":{"@id":"https:\/\/ubirataonline.com.br\/dia-mundial-do-transtorno-bipolar-4-maneiras-de-gerenciar-a-condicao\/"},"author":{"name":"REDA\u00c7\u00c3O: UBIRAT\u00c3 ONLINE - F\u00c1BIO AUGUSTO CELESTINO","@id":"https:\/\/ubirataonline.com.br\/#\/schema\/person\/372f87bbd3fdd79b8556b84c98d0bc1c"},"headline":"Dia Mundial do Transtorno Bipolar: 4\u00a0maneiras de gerenciar a condi\u00e7\u00e3o","datePublished":"2026-03-30T14:43:58+00:00","dateModified":"2026-03-30T14:44:00+00:00","mainEntityOfPage":{"@id":"https:\/\/ubirataonline.com.br\/dia-mundial-do-transtorno-bipolar-4-maneiras-de-gerenciar-a-condicao\/"},"wordCount":621,"publisher":{"@id":"https:\/\/ubirataonline.com.br\/#organization"},"image":{"@id":"https:\/\/ubirataonline.com.br\/dia-mundial-do-transtorno-bipolar-4-maneiras-de-gerenciar-a-condicao\/#primaryimage"},"thumbnailUrl":"https:\/\/ubirataonline.com.br\/wp-content\/uploads\/2026\/03\/Dia-Mundial-do-Transtorno-Bipolar-4-maneiras-de-gerenciar-a-condicao.jpg","keywords":["4maneiras","Bipolar","condi\u00e7\u00e3o","dia","gerenciar","mundial\u00b4","transtorno"],"articleSection":["Ubirat\u00e3"],"inLanguage":"en-US","copyrightYear":"2026","copyrightHolder":{"@id":"https:\/\/ubirataonline.com.br\/en\/#organization"}},{"@type":"WebPage","@id":"https:\/\/ubirataonline.com.br\/dia-mundial-do-transtorno-bipolar-4-maneiras-de-gerenciar-a-condicao\/","url":"https:\/\/ubirataonline.com.br\/dia-mundial-do-transtorno-bipolar-4-maneiras-de-gerenciar-a-condicao\/","name":"Dia Mundial do Transtorno Bipolar: 4\u00a0maneiras de gerenciar a condi\u00e7\u00e3o - Ubirat\u00e3 Online Not\u00edcias - A realidade ao seu alcance!","isPartOf":{"@id":"https:\/\/ubirataonline.com.br\/#website"},"primaryImageOfPage":{"@id":"https:\/\/ubirataonline.com.br\/dia-mundial-do-transtorno-bipolar-4-maneiras-de-gerenciar-a-condicao\/#primaryimage"},"image":{"@id":"https:\/\/ubirataonline.com.br\/dia-mundial-do-transtorno-bipolar-4-maneiras-de-gerenciar-a-condicao\/#primaryimage"},"thumbnailUrl":"https:\/\/ubirataonline.com.br\/wp-content\/uploads\/2026\/03\/Dia-Mundial-do-Transtorno-Bipolar-4-maneiras-de-gerenciar-a-condicao.jpg","datePublished":"2026-03-30T14:43:58+00:00","dateModified":"2026-03-30T14:44:00+00:00","description":"Em 30 de mar\u00e7o \u00e9 celebrado o Dia Mundial do Transtorno Bipolar. O n\u00famero de pessoas com o diagn\u00f3stico de Transtorno Afetivo Bipolar (TAB) \u00e9 elevado. De","breadcrumb":{"@id":"https:\/\/ubirataonline.com.br\/dia-mundial-do-transtorno-bipolar-4-maneiras-de-gerenciar-a-condicao\/#breadcrumb"},"inLanguage":"en-US","potentialAction":[{"@type":"ReadAction","target":["https:\/\/ubirataonline.com.br\/dia-mundial-do-transtorno-bipolar-4-maneiras-de-gerenciar-a-condicao\/"]}]},{"@type":"ImageObject","inLanguage":"en-US","@id":"https:\/\/ubirataonline.com.br\/dia-mundial-do-transtorno-bipolar-4-maneiras-de-gerenciar-a-condicao\/#primaryimage","url":"https:\/\/ubirataonline.com.br\/wp-content\/uploads\/2026\/03\/Dia-Mundial-do-Transtorno-Bipolar-4-maneiras-de-gerenciar-a-condicao.jpg","contentUrl":"https:\/\/ubirataonline.com.br\/wp-content\/uploads\/2026\/03\/Dia-Mundial-do-Transtorno-Bipolar-4-maneiras-de-gerenciar-a-condicao.jpg","width":1200,"height":800,"caption":"O transtorno bipolar pode impactar diretamente fun\u00e7\u00f5es cognitivas, influenciando a rotina, o desempenho profissional e as rela\u00e7\u00f5es pessoais (Imagem: Ka Iki | Shutterstock)"},{"@type":"BreadcrumbList","@id":"https:\/\/ubirataonline.com.br\/dia-mundial-do-transtorno-bipolar-4-maneiras-de-gerenciar-a-condicao\/#breadcrumb","itemListElement":[{"@type":"ListItem","position":1,"name":"In\u00edcio","item":"https:\/\/ubirataonline.com.br\/"},{"@type":"ListItem","position":2,"name":"Dia Mundial do Transtorno Bipolar: 4\u00a0maneiras de gerenciar a condi\u00e7\u00e3o"}]},{"@type":"WebSite","@id":"https:\/\/ubirataonline.com.br\/#website","url":"https:\/\/ubirataonline.com.br\/","name":"Ubirat\u00e3 Online Not\u00edcias","description":"Not\u00edcias de Ubirat\u00e3, regi\u00e3o, Brasil e mundo, com informa\u00e7\u00e3o atualizada e compromisso com o leitor.","publisher":{"@id":"https:\/\/ubirataonline.com.br\/#organization"},"alternateName":"Ubirat\u00e3 Online","potentialAction":[{"@type":"SearchAction","target":{"@type":"EntryPoint","urlTemplate":"https:\/\/ubirataonline.com.br\/?s={search_term_string}"},"query-input":{"@type":"PropertyValueSpecification","valueRequired":true,"valueName":"search_term_string"}}],"inLanguage":"en-US"},{"@type":["Organization","Place"],"@id":"https:\/\/ubirataonline.com.br\/#organization","name":"Ubirat\u00e3 Online Not\u00edcias","alternateName":"Ubirat\u00e3 Online","url":"https:\/\/ubirataonline.com.br\/","logo":{"@id":"https:\/\/ubirataonline.com.br\/dia-mundial-do-transtorno-bipolar-4-maneiras-de-gerenciar-a-condicao\/#local-main-organization-logo"},"image":{"@id":"https:\/\/ubirataonline.com.br\/dia-mundial-do-transtorno-bipolar-4-maneiras-de-gerenciar-a-condicao\/#local-main-organization-logo"},"sameAs":["https:\/\/www.facebook.com\/portalubirataonline","https:\/\/x.com\/ubirataonline","https:\/\/mastodon.social\/@ubirataonline","https:\/\/www.facebook.com\/groups\/311144672285604","https:\/\/www.facebook.com\/UBTAOnline","https:\/\/www.instagram.com\/portalubirataonline\/","https:\/\/twitter.com\/ubirataonline"],"description":"Somos um portal de not\u00edcias independente, criado em 5 de janeiro de 2009, com o objetivo de informar, conectar e valorizar a nossa comunidade de Ubirat\u00e3 e toda aregi\u00e3o. Com conte\u00fado atualizado, confi\u00e1vel e relevante, o Ubirat\u00e3 Online \u00e9 o seu espa\u00e7o para ficar por dentro dos principais acontecimentos locais, regionais, Brasil, Mundo e de interesse geral. Nosso compromisso \u00e9 com a verdade, a transpar\u00eancia e o respeito ao leitor.","legalName":"UBIRATA ONLINE NOT\u00cdCIAS","foundingDate":"2009-01-05","numberOfEmployees":{"@type":"QuantitativeValue","minValue":"1","maxValue":"10"},"publishingPrinciples":"https:\/\/ubirataonline.com.br\/faq\/","address":{"@id":"https:\/\/ubirataonline.com.br\/dia-mundial-do-transtorno-bipolar-4-maneiras-de-gerenciar-a-condicao\/#local-main-place-address"},"geo":{"@type":"GeoCoordinates","latitude":"-24.5361401","longitude":"-52.9921776"},"telephone":["+5544998308235"],"contactPoint":{"@type":"ContactPoint","email":"contato@ubirataonline.com.br"},"openingHoursSpecification":{"@type":"OpeningHoursSpecification","dayOfWeek":["Monday","Tuesday","Wednesday","Thursday","Friday","Saturday","Sunday"],"opens":"00:00","closes":"23:59"},"email":"contato@ubirataonline.com.br","vatID":"47.621.418\/0001-80"},{"@type":"Person","@id":"https:\/\/ubirataonline.com.br\/#\/schema\/person\/372f87bbd3fdd79b8556b84c98d0bc1c","name":"REDA\u00c7\u00c3O: UBIRAT\u00c3 ONLINE - F\u00c1BIO AUGUSTO CELESTINO","pronouns":"Ele","description":"Desde 2003 trabalhando com not\u00edcias.","sameAs":["http:\/\/ubirataoline.com.br","https:\/\/www.facebook.com\/portalubirataonline","https:\/\/www.instagram.com\/ubirataonline_oficial","https:\/\/x.com\/x.com\/ubirataonline"],"honorificPrefix":"Mr.","honorificSuffix":"MD","birthDate":"1980-06-16","gender":"masculino","award":["V\u00e1rios pr\u00eamios de melhor portal da cidade"],"jobTitle":"Diretor","url":"https:\/\/ubirataonline.com.br\/en\/author\/ubirataonline\/"},{"@type":"PostalAddress","@id":"https:\/\/ubirataonline.com.br\/dia-mundial-do-transtorno-bipolar-4-maneiras-de-gerenciar-a-condicao\/#local-main-place-address","streetAddress":"Rua dos Coqueiros, 104 - Bairro Boa Vista, Rua dos Coqueiros, 104 Bairro Boa Vista","addressLocality":"UBIRATA","postalCode":"85440-000","addressRegion":"PR","addressCountry":"BR"},{"@type":"ImageObject","inLanguage":"en-US","@id":"https:\/\/ubirataonline.com.br\/dia-mundial-do-transtorno-bipolar-4-maneiras-de-gerenciar-a-condicao\/#local-main-organization-logo","url":"https:\/\/ubirataonline.com.br\/wp-content\/uploads\/2026\/06\/logoubirataonline-1.webp","contentUrl":"https:\/\/ubirataonline.com.br\/wp-content\/uploads\/2026\/06\/logoubirataonline-1.webp","width":500,"height":500,"caption":"Ubirat\u00e3 Online Not\u00edcias"}]},"geo.placename":"UBIRATA","geo.position":{"lat":"-24.5361401","long":"-52.9921776"},"geo.region":"Brazil"},"_links":{"self":[{"href":"https:\/\/ubirataonline.com.br\/en\/wp-json\/wp\/v2\/posts\/98240","targetHints":{"allow":["GET"]}}],"collection":[{"href":"https:\/\/ubirataonline.com.br\/en\/wp-json\/wp\/v2\/posts"}],"about":[{"href":"https:\/\/ubirataonline.com.br\/en\/wp-json\/wp\/v2\/types\/post"}],"author":[{"embeddable":true,"href":"https:\/\/ubirataonline.com.br\/en\/wp-json\/wp\/v2\/users\/1"}],"replies":[{"embeddable":true,"href":"https:\/\/ubirataonline.com.br\/en\/wp-json\/wp\/v2\/comments?post=98240"}],"version-history":[{"count":0,"href":"https:\/\/ubirataonline.com.br\/en\/wp-json\/wp\/v2\/posts\/98240\/revisions"}],"wp:featuredmedia":[{"embeddable":true,"href":"https:\/\/ubirataonline.com.br\/en\/wp-json\/wp\/v2\/media\/98241"}],"wp:attachment":[{"href":"https:\/\/ubirataonline.com.br\/en\/wp-json\/wp\/v2\/media?parent=98240"}],"wp:term":[{"taxonomy":"category","embeddable":true,"href":"https:\/\/ubirataonline.com.br\/en\/wp-json\/wp\/v2\/categories?post=98240"},{"taxonomy":"post_tag","embeddable":true,"href":"https:\/\/ubirataonline.com.br\/en\/wp-json\/wp\/v2\/tags?post=98240"}],"curies":[{"name":"wp","href":"https:\/\/api.w.org\/{rel}","templated":true}]}}