{"id":98309,"date":"2026-03-30T17:59:51","date_gmt":"2026-03-30T20:59:51","guid":{"rendered":"https:\/\/ubirataonline.com.br\/defesa-diz-que-bolsonaro-nao-tinha-conhecimento-sobre-video-de-eduardo\/"},"modified":"2026-03-30T17:59:55","modified_gmt":"2026-03-30T20:59:55","slug":"defesa-diz-que-bolsonaro-nao-tinha-conhecimento-sobre-video-de-eduardo","status":"publish","type":"post","link":"https:\/\/ubirataonline.com.br\/en\/defesa-diz-que-bolsonaro-nao-tinha-conhecimento-sobre-video-de-eduardo\/","title":{"rendered":"Defesa diz que Bolsonaro n\u00e3o tinha conhecimento sobre v\u00eddeo de Eduardo"},"content":{"rendered":"<p><\/p>\n<div id=\"texto\">\n<p>A defesa de Jair Bolsonaro informou nesta segunda-feira (30) ao Supremo Tribunal Federal (STF) que o ex-presidente n\u00e3o teve ci\u00eancia pr\u00e9via da grava\u00e7\u00e3o feita por seu filho, o\u00a0ex-deputado federal Eduardo Bolsonaro.\u00a0<\/p>\n<p>A manifesta\u00e7\u00e3o foi enviada ao STF ap\u00f3s o ministro Alexandre de Moraes dar prazo de 24 horas para Bolsonaro explicar o suposto acesso a um v\u00eddeo durante o cumprimento da pris\u00e3o domiciliar.<\/p>\n<p>\u201cVoc\u00eas sabem por que eu estou fazendo esse v\u00eddeo? Porque eu estou mostrando para o meu pai\u201d, disse o ex-parlamentar.<\/p>\n<p>Bolsonaro cumpre pris\u00e3o domiciliar e est\u00e1 proibido de utilizar celulares ou qualquer outro de meio comunica\u00e7\u00e3o externa direta ou por meio de terceiros.<\/p>\n<p>Os advogados do ex-presidente afirmaram ao STF que Bolsonaro n\u00e3o teve participa\u00e7\u00e3o no epis\u00f3dio, que foi feito por um \u201cterceiro\u201d.\u00a0A defesa tamb\u00e9m reafirmou que Bolsonaro cumpre integralmente as regras da pris\u00e3o domiciliar.<\/p>\n<p>\u201cO peticion\u00e1rio vem observando de forma rigorosa, integral e permanente todas as condi\u00e7\u00f5es fixadas para o cumprimento da pris\u00e3o domiciliar humanit\u00e1ria, especialmente as veda\u00e7\u00f5es relativas ao uso de aparelhos de comunica\u00e7\u00e3o, utiliza\u00e7\u00e3o de redes sociais e grava\u00e7\u00e3o de v\u00eddeos ou \u00e1udios, diretamente ou por interm\u00e9dio de terceiros, comprometendo-se a permanecer em absoluto cumprimento dessas e das demais medidas impostas\u201d, disse a defesa.<\/p>\n<p>Por fim, a defesa negou que Bolsonaro teve contato com terceiros durante per\u00edodo em que passou a cumprir domiciliar.\u00a0<\/p>\n<p> \u201cN\u00e3o h\u00e1 qualquer dado objetivo que indique comunica\u00e7\u00e3o atual, direta ou indireta, com o peticion\u00e1rio, tampouco grava\u00e7\u00e3o reprodu\u00e7\u00e3o ou utiliza\u00e7\u00e3o de qualquer meio vedado no \u00e2mbito da pris\u00e3o domiciliar humanit\u00e1ria tempor\u00e1ria\u201d, completou a defesa.<\/p>\n<p>Na semana passada, Moraes concedeu pris\u00e3o domiciliar tempor\u00e1ria de 90 dias ao ex-presidente, per\u00edodo no qual Bolsonaro dever\u00e1 se recuperar de uma broncopneumonia.<\/p>\n<p>Bolsonaro\u00a0foi condenado a 27 anos e 3 meses de pris\u00e3o na a\u00e7\u00e3o penal da trama golpista.<\/p>\n<p><b>Fonte:<\/b> Ag\u00eancia Brasil<\/p>\n<\/p><\/div>\n<p><a href=\"https:\/\/cgn.inf.br\/noticia\/2074046\/defesa-diz-que-bolsonaro-nao-tinha-conhecimento-sobre-video-de-eduardo\">Fonte do Artigo <\/a><\/p>","protected":false},"excerpt":{"rendered":"<p>A defesa de Jair Bolsonaro informou nesta segunda-feira (30) ao Supremo Tribunal Federal (STF) que o ex-presidente n\u00e3o teve ci\u00eancia pr\u00e9via da grava\u00e7\u00e3o feita por seu filho, o\u00a0ex-deputado federal Eduardo Bolsonaro.\u00a0 A manifesta\u00e7\u00e3o foi enviada ao STF ap\u00f3s o ministro Alexandre de Moraes dar prazo de 24 horas para Bolsonaro explicar o suposto acesso a [&hellip;]<\/p>\n","protected":false},"author":1,"featured_media":98310,"comment_status":"closed","ping_status":"","sticky":false,"template":"","format":"standard","meta":{"googlesitekit_rrm_CAow2JLhCw:productID":"","_gspb_post_css":"","maa_idioma":"","maa_pais":"","footnotes":""},"categories":[1],"tags":[3026,19574,5645,3031,11673,3255,3203,5469,2738],"class_list":["post-98309","post","type-post","status-publish","format-standard","has-post-thumbnail","hentry","category-ubirata","tag-bolsonaro","tag-conhecimento","tag-defesa","tag-diz","tag-eduardo","tag-nao","tag-sobre","tag-tinha","tag-video"],"blocksy_meta":[],"yoast_head":"<!-- This site is optimized with the Yoast SEO Premium plugin v27.6 (Yoast SEO v27.6) - https:\/\/yoast.com\/product\/yoast-seo-premium-wordpress\/ -->\n<title>Defesa diz que Bolsonaro n\u00e3o tinha conhecimento sobre v\u00eddeo de Eduardo - Ubirat\u00e3 Online Not\u00edcias - A realidade ao seu alcance!<\/title>\n<meta name=\"description\" content=\"A defesa de Jair Bolsonaro informou nesta segunda-feira (30) ao Supremo Tribunal Federal (STF) que o ex-presidente n\u00e3o teve ci\u00eancia pr\u00e9via da grava\u00e7\u00e3o\" \/>\n<meta name=\"robots\" content=\"index, follow, max-snippet:-1, max-image-preview:large, max-video-preview:-1\" \/>\n<link rel=\"canonical\" href=\"https:\/\/ubirataonline.com.br\/en\/defesa-diz-que-bolsonaro-nao-tinha-conhecimento-sobre-video-de-eduardo\/\" \/>\n<meta property=\"og:locale\" content=\"en_US\" \/>\n<meta property=\"og:type\" content=\"article\" \/>\n<meta property=\"og:title\" content=\"Defesa diz que Bolsonaro n\u00e3o tinha conhecimento sobre v\u00eddeo de Eduardo\" \/>\n<meta property=\"og:description\" content=\"A defesa de Jair Bolsonaro informou nesta segunda-feira (30) ao Supremo Tribunal Federal (STF) que o ex-presidente n\u00e3o teve ci\u00eancia pr\u00e9via da grava\u00e7\u00e3o\" \/>\n<meta property=\"og:url\" content=\"https:\/\/ubirataonline.com.br\/en\/defesa-diz-que-bolsonaro-nao-tinha-conhecimento-sobre-video-de-eduardo\/\" \/>\n<meta property=\"og:site_name\" content=\"Ubirat\u00e3 Online Not\u00edcias - A realidade ao seu alcance!\" \/>\n<meta property=\"article:publisher\" content=\"https:\/\/www.facebook.com\/portalubirataonline\" \/>\n<meta property=\"article:author\" content=\"https:\/\/www.facebook.com\/portalubirataonline\" \/>\n<meta property=\"article:published_time\" content=\"2026-03-30T20:59:51+00:00\" \/>\n<meta property=\"article:modified_time\" content=\"2026-03-30T20:59:55+00:00\" \/>\n<meta property=\"og:image\" content=\"https:\/\/ubirataonline.com.br\/wp-content\/uploads\/2026\/03\/Defesa-diz-que-Bolsonaro-nao-tinha-conhecimento-sobre-video-de.jpg\" \/>\n\t<meta property=\"og:image:width\" content=\"1600\" \/>\n\t<meta property=\"og:image:height\" content=\"800\" \/>\n\t<meta property=\"og:image:type\" content=\"image\/jpeg\" \/>\n<meta name=\"author\" content=\"REDA\u00c7\u00c3O: UBIRAT\u00c3 ONLINE - F\u00c1BIO AUGUSTO CELESTINO\" \/>\n<meta name=\"twitter:card\" content=\"summary_large_image\" \/>\n<meta name=\"twitter:creator\" content=\"@x.com\/ubirataonline\" \/>\n<meta name=\"twitter:site\" content=\"@ubirataonline\" \/>\n<meta name=\"twitter:label1\" content=\"Written by\" \/>\n\t<meta name=\"twitter:data1\" content=\"REDA\u00c7\u00c3O: UBIRAT\u00c3 ONLINE - F\u00c1BIO AUGUSTO CELESTINO\" \/>\n\t<meta name=\"twitter:label2\" content=\"Est. reading time\" \/>\n\t<meta name=\"twitter:data2\" content=\"2 minutes\" \/>\n<script type=\"application\/ld+json\" class=\"yoast-schema-graph\">{\"@context\":\"https:\\\/\\\/schema.org\",\"@graph\":[{\"@type\":\"NewsArticle\",\"@id\":\"https:\\\/\\\/ubirataonline.com.br\\\/defesa-diz-que-bolsonaro-nao-tinha-conhecimento-sobre-video-de-eduardo\\\/#article\",\"isPartOf\":{\"@id\":\"https:\\\/\\\/ubirataonline.com.br\\\/defesa-diz-que-bolsonaro-nao-tinha-conhecimento-sobre-video-de-eduardo\\\/\"},\"author\":{\"name\":\"REDA\u00c7\u00c3O: UBIRAT\u00c3 ONLINE - F\u00c1BIO AUGUSTO CELESTINO\",\"@id\":\"https:\\\/\\\/ubirataonline.com.br\\\/#\\\/schema\\\/person\\\/372f87bbd3fdd79b8556b84c98d0bc1c\"},\"headline\":\"Defesa diz que Bolsonaro n\u00e3o tinha conhecimento sobre v\u00eddeo de Eduardo\",\"datePublished\":\"2026-03-30T20:59:51+00:00\",\"dateModified\":\"2026-03-30T20:59:55+00:00\",\"mainEntityOfPage\":{\"@id\":\"https:\\\/\\\/ubirataonline.com.br\\\/defesa-diz-que-bolsonaro-nao-tinha-conhecimento-sobre-video-de-eduardo\\\/\"},\"wordCount\":352,\"publisher\":{\"@id\":\"https:\\\/\\\/ubirataonline.com.br\\\/#organization\"},\"image\":{\"@id\":\"https:\\\/\\\/ubirataonline.com.br\\\/defesa-diz-que-bolsonaro-nao-tinha-conhecimento-sobre-video-de-eduardo\\\/#primaryimage\"},\"thumbnailUrl\":\"https:\\\/\\\/ubirataonline.com.br\\\/wp-content\\\/uploads\\\/2026\\\/03\\\/Defesa-diz-que-Bolsonaro-nao-tinha-conhecimento-sobre-video-de.jpg\",\"keywords\":[\"Bolsonaro\",\"Conhecimento\",\"Defesa\",\"diz\",\"Eduardo\",\"n\u00e3o\",\"sobre\",\"tinha\",\"Video\"],\"articleSection\":[\"Ubirat\u00e3\"],\"inLanguage\":\"en-US\",\"copyrightYear\":\"2026\",\"copyrightHolder\":{\"@id\":\"https:\\\/\\\/ubirataonline.com.br\\\/en\\\/#organization\"}},{\"@type\":\"WebPage\",\"@id\":\"https:\\\/\\\/ubirataonline.com.br\\\/defesa-diz-que-bolsonaro-nao-tinha-conhecimento-sobre-video-de-eduardo\\\/\",\"url\":\"https:\\\/\\\/ubirataonline.com.br\\\/defesa-diz-que-bolsonaro-nao-tinha-conhecimento-sobre-video-de-eduardo\\\/\",\"name\":\"Defesa diz que Bolsonaro n\u00e3o tinha conhecimento sobre v\u00eddeo de Eduardo - Ubirat\u00e3 Online Not\u00edcias - A realidade ao seu alcance!\",\"isPartOf\":{\"@id\":\"https:\\\/\\\/ubirataonline.com.br\\\/#website\"},\"primaryImageOfPage\":{\"@id\":\"https:\\\/\\\/ubirataonline.com.br\\\/defesa-diz-que-bolsonaro-nao-tinha-conhecimento-sobre-video-de-eduardo\\\/#primaryimage\"},\"image\":{\"@id\":\"https:\\\/\\\/ubirataonline.com.br\\\/defesa-diz-que-bolsonaro-nao-tinha-conhecimento-sobre-video-de-eduardo\\\/#primaryimage\"},\"thumbnailUrl\":\"https:\\\/\\\/ubirataonline.com.br\\\/wp-content\\\/uploads\\\/2026\\\/03\\\/Defesa-diz-que-Bolsonaro-nao-tinha-conhecimento-sobre-video-de.jpg\",\"datePublished\":\"2026-03-30T20:59:51+00:00\",\"dateModified\":\"2026-03-30T20:59:55+00:00\",\"description\":\"A defesa de Jair Bolsonaro informou nesta segunda-feira (30) ao Supremo Tribunal Federal (STF) que o ex-presidente n\u00e3o teve ci\u00eancia pr\u00e9via da grava\u00e7\u00e3o\",\"breadcrumb\":{\"@id\":\"https:\\\/\\\/ubirataonline.com.br\\\/defesa-diz-que-bolsonaro-nao-tinha-conhecimento-sobre-video-de-eduardo\\\/#breadcrumb\"},\"inLanguage\":\"en-US\",\"potentialAction\":[{\"@type\":\"ReadAction\",\"target\":[\"https:\\\/\\\/ubirataonline.com.br\\\/defesa-diz-que-bolsonaro-nao-tinha-conhecimento-sobre-video-de-eduardo\\\/\"]}]},{\"@type\":\"ImageObject\",\"inLanguage\":\"en-US\",\"@id\":\"https:\\\/\\\/ubirataonline.com.br\\\/defesa-diz-que-bolsonaro-nao-tinha-conhecimento-sobre-video-de-eduardo\\\/#primaryimage\",\"url\":\"https:\\\/\\\/ubirataonline.com.br\\\/wp-content\\\/uploads\\\/2026\\\/03\\\/Defesa-diz-que-Bolsonaro-nao-tinha-conhecimento-sobre-video-de.jpg\",\"contentUrl\":\"https:\\\/\\\/ubirataonline.com.br\\\/wp-content\\\/uploads\\\/2026\\\/03\\\/Defesa-diz-que-Bolsonaro-nao-tinha-conhecimento-sobre-video-de.jpg\",\"width\":1600,\"height\":800,\"caption\":\"\"},{\"@type\":\"BreadcrumbList\",\"@id\":\"https:\\\/\\\/ubirataonline.com.br\\\/defesa-diz-que-bolsonaro-nao-tinha-conhecimento-sobre-video-de-eduardo\\\/#breadcrumb\",\"itemListElement\":[{\"@type\":\"ListItem\",\"position\":1,\"name\":\"In\u00edcio\",\"item\":\"https:\\\/\\\/ubirataonline.com.br\\\/\"},{\"@type\":\"ListItem\",\"position\":2,\"name\":\"Defesa diz que Bolsonaro n\u00e3o tinha conhecimento sobre v\u00eddeo de Eduardo\"}]},{\"@type\":\"WebSite\",\"@id\":\"https:\\\/\\\/ubirataonline.com.br\\\/#website\",\"url\":\"https:\\\/\\\/ubirataonline.com.br\\\/\",\"name\":\"Ubirat\u00e3 Online Not\u00edcias\",\"description\":\"Not\u00edcias de Ubirat\u00e3, regi\u00e3o, Brasil e mundo, com informa\u00e7\u00e3o atualizada e compromisso com o leitor.\",\"publisher\":{\"@id\":\"https:\\\/\\\/ubirataonline.com.br\\\/#organization\"},\"alternateName\":\"Ubirat\u00e3 Online\",\"potentialAction\":[{\"@type\":\"SearchAction\",\"target\":{\"@type\":\"EntryPoint\",\"urlTemplate\":\"https:\\\/\\\/ubirataonline.com.br\\\/?s={search_term_string}\"},\"query-input\":{\"@type\":\"PropertyValueSpecification\",\"valueRequired\":true,\"valueName\":\"search_term_string\"}}],\"inLanguage\":\"en-US\"},{\"@type\":[\"Organization\",\"Place\"],\"@id\":\"https:\\\/\\\/ubirataonline.com.br\\\/#organization\",\"name\":\"Ubirat\u00e3 Online Not\u00edcias\",\"alternateName\":\"Ubirat\u00e3 Online\",\"url\":\"https:\\\/\\\/ubirataonline.com.br\\\/\",\"logo\":{\"@id\":\"https:\\\/\\\/ubirataonline.com.br\\\/defesa-diz-que-bolsonaro-nao-tinha-conhecimento-sobre-video-de-eduardo\\\/#local-main-organization-logo\"},\"image\":{\"@id\":\"https:\\\/\\\/ubirataonline.com.br\\\/defesa-diz-que-bolsonaro-nao-tinha-conhecimento-sobre-video-de-eduardo\\\/#local-main-organization-logo\"},\"sameAs\":[\"https:\\\/\\\/www.facebook.com\\\/portalubirataonline\",\"https:\\\/\\\/x.com\\\/ubirataonline\",\"https:\\\/\\\/mastodon.social\\\/@ubirataonline\",\"https:\\\/\\\/www.facebook.com\\\/groups\\\/311144672285604\",\"https:\\\/\\\/www.facebook.com\\\/UBTAOnline\",\"https:\\\/\\\/www.instagram.com\\\/portalubirataonline\\\/\",\"https:\\\/\\\/twitter.com\\\/ubirataonline\"],\"description\":\"Somos um portal de not\u00edcias independente, criado em 5 de janeiro de 2009, com o objetivo de informar, conectar e valorizar a nossa comunidade de Ubirat\u00e3 e toda aregi\u00e3o. Com conte\u00fado atualizado, confi\u00e1vel e relevante, o Ubirat\u00e3 Online \u00e9 o seu espa\u00e7o para ficar por dentro dos principais acontecimentos locais, regionais, Brasil, Mundo e de interesse geral. Nosso compromisso \u00e9 com a verdade, a transpar\u00eancia e o respeito ao leitor.\",\"legalName\":\"UBIRATA ONLINE NOT\u00cdCIAS\",\"foundingDate\":\"2009-01-05\",\"numberOfEmployees\":{\"@type\":\"QuantitativeValue\",\"minValue\":\"1\",\"maxValue\":\"10\"},\"publishingPrinciples\":\"https:\\\/\\\/ubirataonline.com.br\\\/faq\\\/\",\"address\":{\"@id\":\"https:\\\/\\\/ubirataonline.com.br\\\/defesa-diz-que-bolsonaro-nao-tinha-conhecimento-sobre-video-de-eduardo\\\/#local-main-place-address\"},\"geo\":{\"@type\":\"GeoCoordinates\",\"latitude\":\"-24.5361401\",\"longitude\":\"-52.9921776\"},\"telephone\":[\"+5544998308235\"],\"contactPoint\":{\"@type\":\"ContactPoint\",\"email\":\"contato@ubirataonline.com.br\"},\"openingHoursSpecification\":{\"@type\":\"OpeningHoursSpecification\",\"dayOfWeek\":[\"Monday\",\"Tuesday\",\"Wednesday\",\"Thursday\",\"Friday\",\"Saturday\",\"Sunday\"],\"opens\":\"00:00\",\"closes\":\"23:59\"},\"email\":\"contato@ubirataonline.com.br\",\"vatID\":\"47.621.418\\\/0001-80\"},{\"@type\":\"Person\",\"@id\":\"https:\\\/\\\/ubirataonline.com.br\\\/#\\\/schema\\\/person\\\/372f87bbd3fdd79b8556b84c98d0bc1c\",\"name\":\"REDA\u00c7\u00c3O: UBIRAT\u00c3 ONLINE - F\u00c1BIO AUGUSTO CELESTINO\",\"pronouns\":\"Ele\",\"description\":\"Desde 2003 trabalhando com not\u00edcias.\",\"sameAs\":[\"http:\\\/\\\/ubirataoline.com.br\",\"https:\\\/\\\/www.facebook.com\\\/portalubirataonline\",\"https:\\\/\\\/www.instagram.com\\\/ubirataonline_oficial\",\"https:\\\/\\\/x.com\\\/x.com\\\/ubirataonline\"],\"honorificPrefix\":\"Mr.\",\"honorificSuffix\":\"MD\",\"birthDate\":\"1980-06-16\",\"gender\":\"masculino\",\"award\":[\"V\u00e1rios pr\u00eamios de melhor portal da cidade\"],\"jobTitle\":\"Diretor\",\"url\":\"https:\\\/\\\/ubirataonline.com.br\\\/en\\\/author\\\/ubirataonline\\\/\"},{\"@type\":\"PostalAddress\",\"@id\":\"https:\\\/\\\/ubirataonline.com.br\\\/defesa-diz-que-bolsonaro-nao-tinha-conhecimento-sobre-video-de-eduardo\\\/#local-main-place-address\",\"streetAddress\":\"Rua dos Coqueiros, 104 - Bairro Boa Vista, Rua dos Coqueiros, 104 Bairro Boa Vista\",\"addressLocality\":\"UBIRATA\",\"postalCode\":\"85440-000\",\"addressRegion\":\"PR\",\"addressCountry\":\"BR\"},{\"@type\":\"ImageObject\",\"inLanguage\":\"en-US\",\"@id\":\"https:\\\/\\\/ubirataonline.com.br\\\/defesa-diz-que-bolsonaro-nao-tinha-conhecimento-sobre-video-de-eduardo\\\/#local-main-organization-logo\",\"url\":\"https:\\\/\\\/ubirataonline.com.br\\\/wp-content\\\/uploads\\\/2026\\\/06\\\/logoubirataonline-1.webp\",\"contentUrl\":\"https:\\\/\\\/ubirataonline.com.br\\\/wp-content\\\/uploads\\\/2026\\\/06\\\/logoubirataonline-1.webp\",\"width\":500,\"height\":500,\"caption\":\"Ubirat\u00e3 Online Not\u00edcias\"}]}<\/script>\n<meta name=\"geo.placename\" content=\"UBIRATA\" \/>\n<meta name=\"geo.position\" content=\"-24.5361401;-52.9921776\" \/>\n<meta name=\"geo.region\" content=\"Brazil\" \/>\n<!-- \/ Yoast SEO Premium plugin. -->","yoast_head_json":{"title":"Defesa diz que Bolsonaro n\u00e3o tinha conhecimento sobre v\u00eddeo de Eduardo - Ubirat\u00e3 Online Not\u00edcias - A realidade ao seu alcance!","description":"A defesa de Jair Bolsonaro informou nesta segunda-feira (30) ao Supremo Tribunal Federal (STF) que o ex-presidente n\u00e3o teve ci\u00eancia pr\u00e9via da grava\u00e7\u00e3o","robots":{"index":"index","follow":"follow","max-snippet":"max-snippet:-1","max-image-preview":"max-image-preview:large","max-video-preview":"max-video-preview:-1"},"canonical":"https:\/\/ubirataonline.com.br\/en\/defesa-diz-que-bolsonaro-nao-tinha-conhecimento-sobre-video-de-eduardo\/","og_locale":"en_US","og_type":"article","og_title":"Defesa diz que Bolsonaro n\u00e3o tinha conhecimento sobre v\u00eddeo de Eduardo","og_description":"A defesa de Jair Bolsonaro informou nesta segunda-feira (30) ao Supremo Tribunal Federal (STF) que o ex-presidente n\u00e3o teve ci\u00eancia pr\u00e9via da grava\u00e7\u00e3o","og_url":"https:\/\/ubirataonline.com.br\/en\/defesa-diz-que-bolsonaro-nao-tinha-conhecimento-sobre-video-de-eduardo\/","og_site_name":"Ubirat\u00e3 Online Not\u00edcias - A realidade ao seu alcance!","article_publisher":"https:\/\/www.facebook.com\/portalubirataonline","article_author":"https:\/\/www.facebook.com\/portalubirataonline","article_published_time":"2026-03-30T20:59:51+00:00","article_modified_time":"2026-03-30T20:59:55+00:00","og_image":[{"width":1600,"height":800,"url":"https:\/\/ubirataonline.com.br\/wp-content\/uploads\/2026\/03\/Defesa-diz-que-Bolsonaro-nao-tinha-conhecimento-sobre-video-de.jpg","type":"image\/jpeg"}],"author":"REDA\u00c7\u00c3O: UBIRAT\u00c3 ONLINE - F\u00c1BIO AUGUSTO CELESTINO","twitter_card":"summary_large_image","twitter_creator":"@x.com\/ubirataonline","twitter_site":"@ubirataonline","twitter_misc":{"Written by":"REDA\u00c7\u00c3O: UBIRAT\u00c3 ONLINE - F\u00c1BIO AUGUSTO CELESTINO","Est. reading time":"2 minutes"},"schema":{"@context":"https:\/\/schema.org","@graph":[{"@type":"NewsArticle","@id":"https:\/\/ubirataonline.com.br\/defesa-diz-que-bolsonaro-nao-tinha-conhecimento-sobre-video-de-eduardo\/#article","isPartOf":{"@id":"https:\/\/ubirataonline.com.br\/defesa-diz-que-bolsonaro-nao-tinha-conhecimento-sobre-video-de-eduardo\/"},"author":{"name":"REDA\u00c7\u00c3O: UBIRAT\u00c3 ONLINE - F\u00c1BIO AUGUSTO CELESTINO","@id":"https:\/\/ubirataonline.com.br\/#\/schema\/person\/372f87bbd3fdd79b8556b84c98d0bc1c"},"headline":"Defesa diz que Bolsonaro n\u00e3o tinha conhecimento sobre v\u00eddeo de Eduardo","datePublished":"2026-03-30T20:59:51+00:00","dateModified":"2026-03-30T20:59:55+00:00","mainEntityOfPage":{"@id":"https:\/\/ubirataonline.com.br\/defesa-diz-que-bolsonaro-nao-tinha-conhecimento-sobre-video-de-eduardo\/"},"wordCount":352,"publisher":{"@id":"https:\/\/ubirataonline.com.br\/#organization"},"image":{"@id":"https:\/\/ubirataonline.com.br\/defesa-diz-que-bolsonaro-nao-tinha-conhecimento-sobre-video-de-eduardo\/#primaryimage"},"thumbnailUrl":"https:\/\/ubirataonline.com.br\/wp-content\/uploads\/2026\/03\/Defesa-diz-que-Bolsonaro-nao-tinha-conhecimento-sobre-video-de.jpg","keywords":["Bolsonaro","Conhecimento","Defesa","diz","Eduardo","n\u00e3o","sobre","tinha","Video"],"articleSection":["Ubirat\u00e3"],"inLanguage":"en-US","copyrightYear":"2026","copyrightHolder":{"@id":"https:\/\/ubirataonline.com.br\/en\/#organization"}},{"@type":"WebPage","@id":"https:\/\/ubirataonline.com.br\/defesa-diz-que-bolsonaro-nao-tinha-conhecimento-sobre-video-de-eduardo\/","url":"https:\/\/ubirataonline.com.br\/defesa-diz-que-bolsonaro-nao-tinha-conhecimento-sobre-video-de-eduardo\/","name":"Defesa diz que Bolsonaro n\u00e3o tinha conhecimento sobre v\u00eddeo de Eduardo - Ubirat\u00e3 Online Not\u00edcias - A realidade ao seu alcance!","isPartOf":{"@id":"https:\/\/ubirataonline.com.br\/#website"},"primaryImageOfPage":{"@id":"https:\/\/ubirataonline.com.br\/defesa-diz-que-bolsonaro-nao-tinha-conhecimento-sobre-video-de-eduardo\/#primaryimage"},"image":{"@id":"https:\/\/ubirataonline.com.br\/defesa-diz-que-bolsonaro-nao-tinha-conhecimento-sobre-video-de-eduardo\/#primaryimage"},"thumbnailUrl":"https:\/\/ubirataonline.com.br\/wp-content\/uploads\/2026\/03\/Defesa-diz-que-Bolsonaro-nao-tinha-conhecimento-sobre-video-de.jpg","datePublished":"2026-03-30T20:59:51+00:00","dateModified":"2026-03-30T20:59:55+00:00","description":"A defesa de Jair Bolsonaro informou nesta segunda-feira (30) ao Supremo Tribunal Federal (STF) que o ex-presidente n\u00e3o teve ci\u00eancia pr\u00e9via da grava\u00e7\u00e3o","breadcrumb":{"@id":"https:\/\/ubirataonline.com.br\/defesa-diz-que-bolsonaro-nao-tinha-conhecimento-sobre-video-de-eduardo\/#breadcrumb"},"inLanguage":"en-US","potentialAction":[{"@type":"ReadAction","target":["https:\/\/ubirataonline.com.br\/defesa-diz-que-bolsonaro-nao-tinha-conhecimento-sobre-video-de-eduardo\/"]}]},{"@type":"ImageObject","inLanguage":"en-US","@id":"https:\/\/ubirataonline.com.br\/defesa-diz-que-bolsonaro-nao-tinha-conhecimento-sobre-video-de-eduardo\/#primaryimage","url":"https:\/\/ubirataonline.com.br\/wp-content\/uploads\/2026\/03\/Defesa-diz-que-Bolsonaro-nao-tinha-conhecimento-sobre-video-de.jpg","contentUrl":"https:\/\/ubirataonline.com.br\/wp-content\/uploads\/2026\/03\/Defesa-diz-que-Bolsonaro-nao-tinha-conhecimento-sobre-video-de.jpg","width":1600,"height":800,"caption":""},{"@type":"BreadcrumbList","@id":"https:\/\/ubirataonline.com.br\/defesa-diz-que-bolsonaro-nao-tinha-conhecimento-sobre-video-de-eduardo\/#breadcrumb","itemListElement":[{"@type":"ListItem","position":1,"name":"In\u00edcio","item":"https:\/\/ubirataonline.com.br\/"},{"@type":"ListItem","position":2,"name":"Defesa diz que Bolsonaro n\u00e3o tinha conhecimento sobre v\u00eddeo de Eduardo"}]},{"@type":"WebSite","@id":"https:\/\/ubirataonline.com.br\/#website","url":"https:\/\/ubirataonline.com.br\/","name":"Ubirat\u00e3 Online Not\u00edcias","description":"Not\u00edcias de Ubirat\u00e3, regi\u00e3o, Brasil e mundo, com informa\u00e7\u00e3o atualizada e compromisso com o leitor.","publisher":{"@id":"https:\/\/ubirataonline.com.br\/#organization"},"alternateName":"Ubirat\u00e3 Online","potentialAction":[{"@type":"SearchAction","target":{"@type":"EntryPoint","urlTemplate":"https:\/\/ubirataonline.com.br\/?s={search_term_string}"},"query-input":{"@type":"PropertyValueSpecification","valueRequired":true,"valueName":"search_term_string"}}],"inLanguage":"en-US"},{"@type":["Organization","Place"],"@id":"https:\/\/ubirataonline.com.br\/#organization","name":"Ubirat\u00e3 Online Not\u00edcias","alternateName":"Ubirat\u00e3 Online","url":"https:\/\/ubirataonline.com.br\/","logo":{"@id":"https:\/\/ubirataonline.com.br\/defesa-diz-que-bolsonaro-nao-tinha-conhecimento-sobre-video-de-eduardo\/#local-main-organization-logo"},"image":{"@id":"https:\/\/ubirataonline.com.br\/defesa-diz-que-bolsonaro-nao-tinha-conhecimento-sobre-video-de-eduardo\/#local-main-organization-logo"},"sameAs":["https:\/\/www.facebook.com\/portalubirataonline","https:\/\/x.com\/ubirataonline","https:\/\/mastodon.social\/@ubirataonline","https:\/\/www.facebook.com\/groups\/311144672285604","https:\/\/www.facebook.com\/UBTAOnline","https:\/\/www.instagram.com\/portalubirataonline\/","https:\/\/twitter.com\/ubirataonline"],"description":"Somos um portal de not\u00edcias independente, criado em 5 de janeiro de 2009, com o objetivo de informar, conectar e valorizar a nossa comunidade de Ubirat\u00e3 e toda aregi\u00e3o. Com conte\u00fado atualizado, confi\u00e1vel e relevante, o Ubirat\u00e3 Online \u00e9 o seu espa\u00e7o para ficar por dentro dos principais acontecimentos locais, regionais, Brasil, Mundo e de interesse geral. Nosso compromisso \u00e9 com a verdade, a transpar\u00eancia e o respeito ao leitor.","legalName":"UBIRATA ONLINE NOT\u00cdCIAS","foundingDate":"2009-01-05","numberOfEmployees":{"@type":"QuantitativeValue","minValue":"1","maxValue":"10"},"publishingPrinciples":"https:\/\/ubirataonline.com.br\/faq\/","address":{"@id":"https:\/\/ubirataonline.com.br\/defesa-diz-que-bolsonaro-nao-tinha-conhecimento-sobre-video-de-eduardo\/#local-main-place-address"},"geo":{"@type":"GeoCoordinates","latitude":"-24.5361401","longitude":"-52.9921776"},"telephone":["+5544998308235"],"contactPoint":{"@type":"ContactPoint","email":"contato@ubirataonline.com.br"},"openingHoursSpecification":{"@type":"OpeningHoursSpecification","dayOfWeek":["Monday","Tuesday","Wednesday","Thursday","Friday","Saturday","Sunday"],"opens":"00:00","closes":"23:59"},"email":"contato@ubirataonline.com.br","vatID":"47.621.418\/0001-80"},{"@type":"Person","@id":"https:\/\/ubirataonline.com.br\/#\/schema\/person\/372f87bbd3fdd79b8556b84c98d0bc1c","name":"REDA\u00c7\u00c3O: UBIRAT\u00c3 ONLINE - F\u00c1BIO AUGUSTO CELESTINO","pronouns":"Ele","description":"Desde 2003 trabalhando com not\u00edcias.","sameAs":["http:\/\/ubirataoline.com.br","https:\/\/www.facebook.com\/portalubirataonline","https:\/\/www.instagram.com\/ubirataonline_oficial","https:\/\/x.com\/x.com\/ubirataonline"],"honorificPrefix":"Mr.","honorificSuffix":"MD","birthDate":"1980-06-16","gender":"masculino","award":["V\u00e1rios pr\u00eamios de melhor portal da cidade"],"jobTitle":"Diretor","url":"https:\/\/ubirataonline.com.br\/en\/author\/ubirataonline\/"},{"@type":"PostalAddress","@id":"https:\/\/ubirataonline.com.br\/defesa-diz-que-bolsonaro-nao-tinha-conhecimento-sobre-video-de-eduardo\/#local-main-place-address","streetAddress":"Rua dos Coqueiros, 104 - Bairro Boa Vista, Rua dos Coqueiros, 104 Bairro Boa Vista","addressLocality":"UBIRATA","postalCode":"85440-000","addressRegion":"PR","addressCountry":"BR"},{"@type":"ImageObject","inLanguage":"en-US","@id":"https:\/\/ubirataonline.com.br\/defesa-diz-que-bolsonaro-nao-tinha-conhecimento-sobre-video-de-eduardo\/#local-main-organization-logo","url":"https:\/\/ubirataonline.com.br\/wp-content\/uploads\/2026\/06\/logoubirataonline-1.webp","contentUrl":"https:\/\/ubirataonline.com.br\/wp-content\/uploads\/2026\/06\/logoubirataonline-1.webp","width":500,"height":500,"caption":"Ubirat\u00e3 Online Not\u00edcias"}]},"geo.placename":"UBIRATA","geo.position":{"lat":"-24.5361401","long":"-52.9921776"},"geo.region":"Brazil"},"_links":{"self":[{"href":"https:\/\/ubirataonline.com.br\/en\/wp-json\/wp\/v2\/posts\/98309","targetHints":{"allow":["GET"]}}],"collection":[{"href":"https:\/\/ubirataonline.com.br\/en\/wp-json\/wp\/v2\/posts"}],"about":[{"href":"https:\/\/ubirataonline.com.br\/en\/wp-json\/wp\/v2\/types\/post"}],"author":[{"embeddable":true,"href":"https:\/\/ubirataonline.com.br\/en\/wp-json\/wp\/v2\/users\/1"}],"replies":[{"embeddable":true,"href":"https:\/\/ubirataonline.com.br\/en\/wp-json\/wp\/v2\/comments?post=98309"}],"version-history":[{"count":0,"href":"https:\/\/ubirataonline.com.br\/en\/wp-json\/wp\/v2\/posts\/98309\/revisions"}],"wp:featuredmedia":[{"embeddable":true,"href":"https:\/\/ubirataonline.com.br\/en\/wp-json\/wp\/v2\/media\/98310"}],"wp:attachment":[{"href":"https:\/\/ubirataonline.com.br\/en\/wp-json\/wp\/v2\/media?parent=98309"}],"wp:term":[{"taxonomy":"category","embeddable":true,"href":"https:\/\/ubirataonline.com.br\/en\/wp-json\/wp\/v2\/categories?post=98309"},{"taxonomy":"post_tag","embeddable":true,"href":"https:\/\/ubirataonline.com.br\/en\/wp-json\/wp\/v2\/tags?post=98309"}],"curies":[{"name":"wp","href":"https:\/\/api.w.org\/{rel}","templated":true}]}}