{"id":98358,"date":"2026-03-31T00:14:50","date_gmt":"2026-03-31T03:14:50","guid":{"rendered":"https:\/\/ubirataonline.com.br\/justica-autoriza-prisao-domiciliar-para-jorge-guaranho\/"},"modified":"2026-03-31T00:14:53","modified_gmt":"2026-03-31T03:14:53","slug":"justica-autoriza-prisao-domiciliar-para-jorge-guaranho","status":"publish","type":"post","link":"https:\/\/ubirataonline.com.br\/en\/justica-autoriza-prisao-domiciliar-para-jorge-guaranho\/","title":{"rendered":"Justi\u00e7a autoriza pris\u00e3o domiciliar para Jorge Guaranho"},"content":{"rendered":"<p><\/p>\n<div id=\"post-content\">\n<p>O ex-policial penal Jorge Guaranho foi autorizado pela Vara de Execu\u00e7\u00f5es Penais a cumprir a pena de 20 anos em pris\u00e3o domiciliar com o uso de tornozeleira eletr\u00f4nica. Guaranho foi condenado em fevereiro de 2025 pela morte do tesoureiro do Partido dos Trabalhadores (PT) de Foz do Igua\u00e7u, Marcelo Arruda. <\/p>\n<p>A nova decis\u00e3o saiu no dia 17 de mar\u00e7o. Com a libera\u00e7\u00e3o da pris\u00e3o domiciliar, Guaranho deixou o Complexo M\u00e9dico Penal, em Pinhais, na Regi\u00e3o Metropolitana de Curitiba (RMC), e voltou para Foz do Igua\u00e7u. <\/p>\n<p>O crime aconteceu no dia 9 de julho de 2022. Na ocasi\u00e3o, Arruda celebrava o anivers\u00e1rio de 50 anos com uma festa tem\u00e1tica do presidente Lula e do PT quando foi baleado pelo ex-policial penal. <\/p>\n<p>Durante a briga, Guaranho tamb\u00e9m foi baleado e agredido pelos convidados da festa, ficando com sequelas. O estado de sa\u00fade dele foi uma das justificativas da defesa para pedir a pris\u00e3o domiciliar. <\/p>\n<p>\u201cConforme reconhecido na pr\u00f3pria decis\u00e3o, o sistema prisional n\u00e3o disp\u00f5e de estrutura adequada para o tratamento das condi\u00e7\u00f5es cl\u00ednicas apresentadas, o que torna a cust\u00f3dia em ambiente carcer\u00e1rio incompat\u00edvel com a dignidade da pessoa humana e os direitos fundamentais\u201d, diz nota da advogada de Guaranho, Amanda Nocera. <\/p>\n<h2 class=\"wp-block-heading\" id=\"h-advogados-da-familia-de-arruda-criticam-prisao-domiciliar-de-guaranho\">Advogados da fam\u00edlia de Arruda criticam pris\u00e3o domiciliar de Guaranho<\/h2>\n<p>Representantes da fam\u00edlia de Arruda, os advogados Alessandra Raffaelli Boito e Rog\u00e9rio Oscar Botelho informaram, por meio de nota, que receberam a decis\u00e3o com preocupa\u00e7\u00e3o. <\/p>\n<p>\u201cA Assist\u00eancia de Acusa\u00e7\u00e3o, portanto, informa que est\u00e1 acompanhando o caso e adotar\u00e1 todas as medidas juridicamente cab\u00edveis para garantir a correta aplica\u00e7\u00e3o da lei, a efetividade da decis\u00e3o soberana do Tribunal do J\u00fari e a preserva\u00e7\u00e3o da dignidade da mem\u00f3ria de Marcelo Arruda\u201d, diz nota. <\/p>\n<p>Ainda conforme comunicado da acusa\u00e7\u00e3o, a vi\u00fava de Arruda, Pamela Silva, recebeu a not\u00edcia enquanto levava o filho do casal para tratamento psicol\u00f3gico. \u201cA morte de Marcelo Arruda n\u00e3o atingiu apenas uma v\u00edtima: acabou por trazer consequ\u00eancias severas a toda a fam\u00edlia. Nesse caso, qualquer provid\u00eancia que importe mitiga\u00e7\u00e3o do cumprimento da pena exige controle jurisdicional estrito e permanente fiscaliza\u00e7\u00e3o, para que n\u00e3o se converta em fator de descr\u00e9dito da Justi\u00e7a perante a mem\u00f3ria da v\u00edtima, seus familiares e a pr\u00f3pria sociedade.\u201d<\/p>\n<h2 class=\"wp-block-heading\" id=\"h-condenacao-de-jorge-guaranho\">Condena\u00e7\u00e3o de Jorge Guaranho<\/h2>\n<p>Jorge Guaranho foi condenado a 20 anos de pris\u00e3o em regime fechado pelo assassinato de Arruda. A senten\u00e7a, proferida pela ju\u00edza Michelle Pacheco Cintra Stadler, da 1\u00aa Vara Privativa do Tribunal do J\u00fari de Curitiba, foi resultado da decis\u00e3o un\u00e2nime de sete jurados \u2013 quatro mulheres e tr\u00eas homens. O Minist\u00e9rio P\u00fablico acusou Guaranho de homic\u00eddio duplamente qualificado, por motivo f\u00fatil (diverg\u00eancia pol\u00edtica) e perigo comum (disparos em local com outras pessoas).<\/p>\n<p>Guaranho invadiu a festa de anivers\u00e1rio de Arruda, que tinha decora\u00e7\u00e3o com refer\u00eancias ao PT. Mesmo sem se conhecerem, Guaranho foi ao local para provocar os convidados, gritando o nome de Bolsonaro.<\/p>\n<p>Ap\u00f3s uma breve discuss\u00e3o inicial e o arremesso de terra no carro de Guaranho por Arruda, o ex-policial retornou ao local armado. Apesar da tentativa de interven\u00e7\u00e3o da policial civil Pamela Silva, companheira de Arruda, Guaranho abriu fogo contra o aniversariante, que foi atingido por dois tiros e morreu na madrugada seguinte.<\/p>\n<p>Durante o julgamento, que durou tr\u00eas dias, a defesa de Guaranho tentou sustentar a tese de leg\u00edtima defesa, alegando que Arruda teria sacado a arma primeiro. No entanto, o Minist\u00e9rio P\u00fablico refor\u00e7ou que Guaranho foi o primeiro a atirar, disparando tr\u00eas vezes antes que Arruda revidasse com seis tiros.<\/p>\n<p>Na ocasi\u00e3o, ele tamb\u00e9m relatou ao j\u00fari a atual condi\u00e7\u00e3o f\u00edsica, incluindo proj\u00e9teis alojados no corpo e dificuldades de locomo\u00e7\u00e3o.<\/p>\n<section class=\"virals\">\n<article class=\"cardnews cardnews--post cardnews--has-thumbnail cardnews--editorial-noticias\"> <a href=\"https:\/\/www.tribunapr.com.br\/noticias\/parana\/golpe-do-ipva-engana-profissional-da-tecnologia-no-parana-como-evitar-a-fraude\/?utm_source=noticias-virais-rodape&amp;utm_medium=internal-tribuna&amp;utm_campaign=tribuna\" class=\"cardnews__postlink\"> <\/p>\n<div class=\"cardnews__image\" is-api-thumb=\"\"><\/div>\n<div class=\"cardnews__content cardhome__content\">\n<div class=\"cardnews__content-wrapper\">\n<p> <span style=\"\"> Fique atento! <\/span> <\/p>\n<p>At\u00e9 especialistas ca\u00edram: o detalhe no boleto do IPVA que rouba seu dinheiro<\/p>\n<\/p><\/div>\n<\/p><\/div>\n<p> <\/a> <\/article>\n<article class=\"cardnews cardnews--post cardnews--has-thumbnail cardnews--editorial-noticias\"> <a href=\"https:\/\/www.tribunapr.com.br\/noticias\/curitiba-regiao\/litoral-do-parana-passa-a-figurar-entre-os-mais-valorizados-do-pais\/?utm_source=noticias-virais-rodape&amp;utm_medium=internal-tribuna&amp;utm_campaign=tribuna\" class=\"cardnews__postlink\"> <\/p>\n<div class=\"cardnews__image\" is-api-thumb=\"\"><img decoding=\"async\" src=\"https:\/\/www.tribunapr.com.br\/wp-content\/uploads\/2026\/02\/04151141\/matinhos-litoral-370x210.jpg\" loading=\"lazy\" alt=\"Adeus, pre\u00e7os baixos? Esta regi\u00e3o do Paran\u00e1 virou a nova 'mina de ouro'\"\/><\/div>\n<div class=\"cardnews__content cardhome__content\">\n<div class=\"cardnews__content-wrapper\">\n<p> <span style=\"\"> Mercado imobili\u00e1rio <\/span> <\/p>\n<p>Adeus, pre\u00e7os baixos? Esta regi\u00e3o do Paran\u00e1 virou a nova &#8216;mina de ouro&#8217;<\/p>\n<\/p><\/div>\n<\/p><\/div>\n<p> <\/a> <\/article>\n<article class=\"cardnews cardnews--post cardnews--has-thumbnail cardnews--editorial-noticias\"> <a href=\"https:\/\/www.tribunapr.com.br\/blogs\/rango-barateza\/biscoitos-da-vovo-elza-tradicao-que-nasceu-do-afeto-e-conquistou-curitiba\/?utm_source=noticias-virais-rodape&amp;utm_medium=internal-tribuna&amp;utm_campaign=tribuna\" class=\"cardnews__postlink\"> <\/p>\n<div class=\"cardnews__image\" is-api-thumb=\"\"><img decoding=\"async\" src=\"https:\/\/www.tribunapr.com.br\/wp-content\/uploads\/2026\/02\/06135141\/vovo-elza-02-770x440-1-370x210.webp\" loading=\"lazy\" alt=\"O segredo de Curitiba: como uma receita de fam\u00edlia virou um imp\u00e9rio do afeto\"\/><\/div>\n<div class=\"cardnews__content cardhome__content\">\n<div class=\"cardnews__content-wrapper\">\n<p> <span style=\"\"> Rango Barateza! <\/span> <\/p>\n<p>O segredo de Curitiba: como uma receita de fam\u00edlia virou um imp\u00e9rio do afeto<\/p>\n<\/p><\/div>\n<\/p><\/div>\n<p> <\/a> <\/article>\n<\/section>\n<div id=\"tribuna-follow-cta\">\n<p> <span class=\"cta-title\">Siga a <span class=\"tribuna-color\">Tribuna<\/span> no Google, e acompanhe as \u00faltimas not\u00edcias de Curitiba e regi\u00e3o!<\/span> <\/p>\n<p> <a href=\"https:\/\/profile.google.com\/cp\/CgwvZy8xMmxxajUzM3Mac2h0dHBzOi8vd3d3LnRyaWJ1bmFwci5jb20uYnIvdml2YS92aXRyaW5lL2dpZ2FudGUtZG8tdmVzdHVhcmlvLXJlaW5hdWd1cmEtbG9qYS1lbS1zaG9wcGluZy10cmFkaWNpb25hbC1kZS1jdXJpdGliYS8iElRyaWJ1bmEgZG8gUGFyYW7DoSqAAwrHAWh0dHBzOi8vZW5jcnlwdGVkLXRibjIuZ3N0YXRpYy5jb20vZmF2aWNvbi10Ym4_cT10Ym46QU5kOUdjUVJPbjVDRjR6TzJPbkUwTXZrRlRCRTY2U0g1bGlaVDRaZTV3bWNKeU5GRm1BSnluM01nNU9PR3BXY1pYMzZwYU5HUWtsZ09JVEFLTTNNZVNGbTc1aWp6M3k2ajUtQ3M2b25kX2JUcFFQQkVLd3RsUjBsTmJESnUtVHhrNXQtbFlCNlVpOWZSVVFjT2cSswFodHRwczovL2VuY3J5cHRlZC10Ym4zLmdzdGF0aWMuY29tL2Zhdmljb24tdGJuP3E9dGJuJTNBQU5kOUdjU0FMaWJ2eFF0YXdFMFRueVdWWmVKRS1MZEdRZjVTUi1OZ2RMazhyZzIwVy1nM0JuQ1F4VDNKZFBjRXR2THdBeVRxUDJEdHVycEdVR29CQkxpYzM5al9wSmFxRERaMHNCYW05WEVhSGVsMmZTQmdKdlF4WWVyMw\" target=\"_blank\" title=\"Seguir a Tribuna no Google\">  <\/a> <\/div>\n<\/p><\/div>\n<p><a href=\"https:\/\/www.tribunapr.com.br\/noticias\/parana\/justica-autoriza-prisao-domiciliar-para-guaranho-condenado-por-matar-tesoureiro-do-pt\/\">Fonte do Artigo <\/a><\/p>","protected":false},"excerpt":{"rendered":"<p>O ex-policial penal Jorge Guaranho foi autorizado pela Vara de Execu\u00e7\u00f5es Penais a cumprir a pena de 20 anos em pris\u00e3o domiciliar com o uso de tornozeleira eletr\u00f4nica. Guaranho foi condenado em fevereiro de 2025 pela morte do tesoureiro do Partido dos Trabalhadores (PT) de Foz do Igua\u00e7u, Marcelo Arruda. A nova decis\u00e3o saiu no [&hellip;]<\/p>\n","protected":false},"author":1,"featured_media":98359,"comment_status":"closed","ping_status":"","sticky":false,"template":"","format":"standard","meta":{"googlesitekit_rrm_CAow2JLhCw:productID":"","_gspb_post_css":"","maa_idioma":"","maa_pais":"","footnotes":""},"categories":[1],"tags":[8759,4325,24401,7585,3684,2904,41],"class_list":["post-98358","post","type-post","status-publish","format-standard","has-post-thumbnail","hentry","category-ubirata","tag-autoriza","tag-domiciliar","tag-guaranho","tag-jorge","tag-justica","tag-para","tag-prisao"],"blocksy_meta":[],"yoast_head":"<!-- This site is optimized with the Yoast SEO Premium plugin v27.6 (Yoast SEO v27.6) - https:\/\/yoast.com\/product\/yoast-seo-premium-wordpress\/ -->\n<title>Justi\u00e7a autoriza pris\u00e3o domiciliar para Jorge Guaranho - Ubirat\u00e3 Online Not\u00edcias - A realidade ao seu alcance!<\/title>\n<meta name=\"description\" content=\"O ex-policial penal Jorge Guaranho foi autorizado pela Vara de Execu\u00e7\u00f5es Penais a cumprir a pena de 20 anos em pris\u00e3o domiciliar com o uso de tornozeleira\" \/>\n<meta name=\"robots\" content=\"index, follow, max-snippet:-1, max-image-preview:large, max-video-preview:-1\" \/>\n<link rel=\"canonical\" href=\"https:\/\/ubirataonline.com.br\/en\/justica-autoriza-prisao-domiciliar-para-jorge-guaranho\/\" \/>\n<meta property=\"og:locale\" content=\"en_US\" \/>\n<meta property=\"og:type\" content=\"article\" \/>\n<meta property=\"og:title\" content=\"Justi\u00e7a autoriza pris\u00e3o domiciliar para Jorge Guaranho\" \/>\n<meta property=\"og:description\" content=\"O ex-policial penal Jorge Guaranho foi autorizado pela Vara de Execu\u00e7\u00f5es Penais a cumprir a pena de 20 anos em pris\u00e3o domiciliar com o uso de tornozeleira\" \/>\n<meta property=\"og:url\" content=\"https:\/\/ubirataonline.com.br\/en\/justica-autoriza-prisao-domiciliar-para-jorge-guaranho\/\" \/>\n<meta property=\"og:site_name\" content=\"Ubirat\u00e3 Online Not\u00edcias - A realidade ao seu alcance!\" \/>\n<meta property=\"article:publisher\" content=\"https:\/\/www.facebook.com\/portalubirataonline\" \/>\n<meta property=\"article:author\" content=\"https:\/\/www.facebook.com\/portalubirataonline\" \/>\n<meta property=\"article:published_time\" content=\"2026-03-31T03:14:50+00:00\" \/>\n<meta property=\"article:modified_time\" content=\"2026-03-31T03:14:53+00:00\" \/>\n<meta property=\"og:image\" content=\"https:\/\/ubirataonline.com.br\/wp-content\/uploads\/2026\/03\/Justica-autoriza-prisao-domiciliar-para-Jorge-Guaranho.png\" \/>\n\t<meta property=\"og:image:width\" content=\"1200\" \/>\n\t<meta property=\"og:image:height\" content=\"684\" \/>\n\t<meta property=\"og:image:type\" content=\"image\/png\" \/>\n<meta name=\"author\" content=\"REDA\u00c7\u00c3O: UBIRAT\u00c3 ONLINE - F\u00c1BIO AUGUSTO CELESTINO\" \/>\n<meta name=\"twitter:card\" content=\"summary_large_image\" \/>\n<meta name=\"twitter:creator\" content=\"@x.com\/ubirataonline\" \/>\n<meta name=\"twitter:site\" content=\"@ubirataonline\" \/>\n<meta name=\"twitter:label1\" content=\"Written by\" \/>\n\t<meta name=\"twitter:data1\" content=\"REDA\u00c7\u00c3O: UBIRAT\u00c3 ONLINE - F\u00c1BIO AUGUSTO CELESTINO\" \/>\n\t<meta name=\"twitter:label2\" content=\"Est. reading time\" \/>\n\t<meta name=\"twitter:data2\" content=\"4 minutes\" \/>\n<script type=\"application\/ld+json\" class=\"yoast-schema-graph\">{\"@context\":\"https:\\\/\\\/schema.org\",\"@graph\":[{\"@type\":\"NewsArticle\",\"@id\":\"https:\\\/\\\/ubirataonline.com.br\\\/justica-autoriza-prisao-domiciliar-para-jorge-guaranho\\\/#article\",\"isPartOf\":{\"@id\":\"https:\\\/\\\/ubirataonline.com.br\\\/justica-autoriza-prisao-domiciliar-para-jorge-guaranho\\\/\"},\"author\":{\"name\":\"REDA\u00c7\u00c3O: UBIRAT\u00c3 ONLINE - F\u00c1BIO AUGUSTO CELESTINO\",\"@id\":\"https:\\\/\\\/ubirataonline.com.br\\\/#\\\/schema\\\/person\\\/372f87bbd3fdd79b8556b84c98d0bc1c\"},\"headline\":\"Justi\u00e7a autoriza pris\u00e3o domiciliar para Jorge Guaranho\",\"datePublished\":\"2026-03-31T03:14:50+00:00\",\"dateModified\":\"2026-03-31T03:14:53+00:00\",\"mainEntityOfPage\":{\"@id\":\"https:\\\/\\\/ubirataonline.com.br\\\/justica-autoriza-prisao-domiciliar-para-jorge-guaranho\\\/\"},\"wordCount\":752,\"publisher\":{\"@id\":\"https:\\\/\\\/ubirataonline.com.br\\\/#organization\"},\"image\":{\"@id\":\"https:\\\/\\\/ubirataonline.com.br\\\/justica-autoriza-prisao-domiciliar-para-jorge-guaranho\\\/#primaryimage\"},\"thumbnailUrl\":\"https:\\\/\\\/ubirataonline.com.br\\\/wp-content\\\/uploads\\\/2026\\\/03\\\/Justica-autoriza-prisao-domiciliar-para-Jorge-Guaranho.png\",\"keywords\":[\"autoriza\",\"domiciliar\",\"Guaranho\",\"Jorge\",\"Justi\u00e7a\",\"para\",\"Pris\u00e3o\"],\"articleSection\":[\"Ubirat\u00e3\"],\"inLanguage\":\"en-US\",\"copyrightYear\":\"2026\",\"copyrightHolder\":{\"@id\":\"https:\\\/\\\/ubirataonline.com.br\\\/en\\\/#organization\"}},{\"@type\":\"WebPage\",\"@id\":\"https:\\\/\\\/ubirataonline.com.br\\\/justica-autoriza-prisao-domiciliar-para-jorge-guaranho\\\/\",\"url\":\"https:\\\/\\\/ubirataonline.com.br\\\/justica-autoriza-prisao-domiciliar-para-jorge-guaranho\\\/\",\"name\":\"Justi\u00e7a autoriza pris\u00e3o domiciliar para Jorge Guaranho - Ubirat\u00e3 Online Not\u00edcias - A realidade ao seu alcance!\",\"isPartOf\":{\"@id\":\"https:\\\/\\\/ubirataonline.com.br\\\/#website\"},\"primaryImageOfPage\":{\"@id\":\"https:\\\/\\\/ubirataonline.com.br\\\/justica-autoriza-prisao-domiciliar-para-jorge-guaranho\\\/#primaryimage\"},\"image\":{\"@id\":\"https:\\\/\\\/ubirataonline.com.br\\\/justica-autoriza-prisao-domiciliar-para-jorge-guaranho\\\/#primaryimage\"},\"thumbnailUrl\":\"https:\\\/\\\/ubirataonline.com.br\\\/wp-content\\\/uploads\\\/2026\\\/03\\\/Justica-autoriza-prisao-domiciliar-para-Jorge-Guaranho.png\",\"datePublished\":\"2026-03-31T03:14:50+00:00\",\"dateModified\":\"2026-03-31T03:14:53+00:00\",\"description\":\"O ex-policial penal Jorge Guaranho foi autorizado pela Vara de Execu\u00e7\u00f5es Penais a cumprir a pena de 20 anos em pris\u00e3o domiciliar com o uso de tornozeleira\",\"breadcrumb\":{\"@id\":\"https:\\\/\\\/ubirataonline.com.br\\\/justica-autoriza-prisao-domiciliar-para-jorge-guaranho\\\/#breadcrumb\"},\"inLanguage\":\"en-US\",\"potentialAction\":[{\"@type\":\"ReadAction\",\"target\":[\"https:\\\/\\\/ubirataonline.com.br\\\/justica-autoriza-prisao-domiciliar-para-jorge-guaranho\\\/\"]}]},{\"@type\":\"ImageObject\",\"inLanguage\":\"en-US\",\"@id\":\"https:\\\/\\\/ubirataonline.com.br\\\/justica-autoriza-prisao-domiciliar-para-jorge-guaranho\\\/#primaryimage\",\"url\":\"https:\\\/\\\/ubirataonline.com.br\\\/wp-content\\\/uploads\\\/2026\\\/03\\\/Justica-autoriza-prisao-domiciliar-para-Jorge-Guaranho.png\",\"contentUrl\":\"https:\\\/\\\/ubirataonline.com.br\\\/wp-content\\\/uploads\\\/2026\\\/03\\\/Justica-autoriza-prisao-domiciliar-para-Jorge-Guaranho.png\",\"width\":1200,\"height\":684,\"caption\":\"Jorge Guaranho durante julgamento. Foto: Reprodu\u00e7\u00e3o RPC\"},{\"@type\":\"BreadcrumbList\",\"@id\":\"https:\\\/\\\/ubirataonline.com.br\\\/justica-autoriza-prisao-domiciliar-para-jorge-guaranho\\\/#breadcrumb\",\"itemListElement\":[{\"@type\":\"ListItem\",\"position\":1,\"name\":\"In\u00edcio\",\"item\":\"https:\\\/\\\/ubirataonline.com.br\\\/\"},{\"@type\":\"ListItem\",\"position\":2,\"name\":\"Justi\u00e7a autoriza pris\u00e3o domiciliar para Jorge Guaranho\"}]},{\"@type\":\"WebSite\",\"@id\":\"https:\\\/\\\/ubirataonline.com.br\\\/#website\",\"url\":\"https:\\\/\\\/ubirataonline.com.br\\\/\",\"name\":\"Ubirat\u00e3 Online Not\u00edcias\",\"description\":\"Not\u00edcias de Ubirat\u00e3, regi\u00e3o, Brasil e mundo, com informa\u00e7\u00e3o atualizada e compromisso com o leitor.\",\"publisher\":{\"@id\":\"https:\\\/\\\/ubirataonline.com.br\\\/#organization\"},\"alternateName\":\"Ubirat\u00e3 Online\",\"potentialAction\":[{\"@type\":\"SearchAction\",\"target\":{\"@type\":\"EntryPoint\",\"urlTemplate\":\"https:\\\/\\\/ubirataonline.com.br\\\/?s={search_term_string}\"},\"query-input\":{\"@type\":\"PropertyValueSpecification\",\"valueRequired\":true,\"valueName\":\"search_term_string\"}}],\"inLanguage\":\"en-US\"},{\"@type\":[\"Organization\",\"Place\"],\"@id\":\"https:\\\/\\\/ubirataonline.com.br\\\/#organization\",\"name\":\"Ubirat\u00e3 Online Not\u00edcias\",\"alternateName\":\"Ubirat\u00e3 Online\",\"url\":\"https:\\\/\\\/ubirataonline.com.br\\\/\",\"logo\":{\"@id\":\"https:\\\/\\\/ubirataonline.com.br\\\/justica-autoriza-prisao-domiciliar-para-jorge-guaranho\\\/#local-main-organization-logo\"},\"image\":{\"@id\":\"https:\\\/\\\/ubirataonline.com.br\\\/justica-autoriza-prisao-domiciliar-para-jorge-guaranho\\\/#local-main-organization-logo\"},\"sameAs\":[\"https:\\\/\\\/www.facebook.com\\\/portalubirataonline\",\"https:\\\/\\\/x.com\\\/ubirataonline\",\"https:\\\/\\\/mastodon.social\\\/@ubirataonline\",\"https:\\\/\\\/www.facebook.com\\\/groups\\\/311144672285604\",\"https:\\\/\\\/www.facebook.com\\\/UBTAOnline\",\"https:\\\/\\\/www.instagram.com\\\/portalubirataonline\\\/\",\"https:\\\/\\\/twitter.com\\\/ubirataonline\"],\"description\":\"Somos um portal de not\u00edcias independente, criado em 5 de janeiro de 2009, com o objetivo de informar, conectar e valorizar a nossa comunidade de Ubirat\u00e3 e toda aregi\u00e3o. Com conte\u00fado atualizado, confi\u00e1vel e relevante, o Ubirat\u00e3 Online \u00e9 o seu espa\u00e7o para ficar por dentro dos principais acontecimentos locais, regionais, Brasil, Mundo e de interesse geral. Nosso compromisso \u00e9 com a verdade, a transpar\u00eancia e o respeito ao leitor.\",\"legalName\":\"UBIRATA ONLINE NOT\u00cdCIAS\",\"foundingDate\":\"2009-01-05\",\"numberOfEmployees\":{\"@type\":\"QuantitativeValue\",\"minValue\":\"1\",\"maxValue\":\"10\"},\"publishingPrinciples\":\"https:\\\/\\\/ubirataonline.com.br\\\/faq\\\/\",\"address\":{\"@id\":\"https:\\\/\\\/ubirataonline.com.br\\\/justica-autoriza-prisao-domiciliar-para-jorge-guaranho\\\/#local-main-place-address\"},\"geo\":{\"@type\":\"GeoCoordinates\",\"latitude\":\"-24.5361401\",\"longitude\":\"-52.9921776\"},\"telephone\":[\"+5544998308235\"],\"contactPoint\":{\"@type\":\"ContactPoint\",\"email\":\"contato@ubirataonline.com.br\"},\"openingHoursSpecification\":{\"@type\":\"OpeningHoursSpecification\",\"dayOfWeek\":[\"Monday\",\"Tuesday\",\"Wednesday\",\"Thursday\",\"Friday\",\"Saturday\",\"Sunday\"],\"opens\":\"00:00\",\"closes\":\"23:59\"},\"email\":\"contato@ubirataonline.com.br\",\"vatID\":\"47.621.418\\\/0001-80\"},{\"@type\":\"Person\",\"@id\":\"https:\\\/\\\/ubirataonline.com.br\\\/#\\\/schema\\\/person\\\/372f87bbd3fdd79b8556b84c98d0bc1c\",\"name\":\"REDA\u00c7\u00c3O: UBIRAT\u00c3 ONLINE - F\u00c1BIO AUGUSTO CELESTINO\",\"pronouns\":\"Ele\",\"description\":\"Desde 2003 trabalhando com not\u00edcias.\",\"sameAs\":[\"http:\\\/\\\/ubirataoline.com.br\",\"https:\\\/\\\/www.facebook.com\\\/portalubirataonline\",\"https:\\\/\\\/www.instagram.com\\\/ubirataonline_oficial\",\"https:\\\/\\\/x.com\\\/x.com\\\/ubirataonline\"],\"honorificPrefix\":\"Mr.\",\"honorificSuffix\":\"MD\",\"birthDate\":\"1980-06-16\",\"gender\":\"masculino\",\"award\":[\"V\u00e1rios pr\u00eamios de melhor portal da cidade\"],\"jobTitle\":\"Diretor\",\"url\":\"https:\\\/\\\/ubirataonline.com.br\\\/en\\\/author\\\/ubirataonline\\\/\"},{\"@type\":\"PostalAddress\",\"@id\":\"https:\\\/\\\/ubirataonline.com.br\\\/justica-autoriza-prisao-domiciliar-para-jorge-guaranho\\\/#local-main-place-address\",\"streetAddress\":\"Rua dos Coqueiros, 104 - Bairro Boa Vista, Rua dos Coqueiros, 104 Bairro Boa Vista\",\"addressLocality\":\"UBIRATA\",\"postalCode\":\"85440-000\",\"addressRegion\":\"PR\",\"addressCountry\":\"BR\"},{\"@type\":\"ImageObject\",\"inLanguage\":\"en-US\",\"@id\":\"https:\\\/\\\/ubirataonline.com.br\\\/justica-autoriza-prisao-domiciliar-para-jorge-guaranho\\\/#local-main-organization-logo\",\"url\":\"https:\\\/\\\/ubirataonline.com.br\\\/wp-content\\\/uploads\\\/2026\\\/06\\\/logoubirataonline-1.webp\",\"contentUrl\":\"https:\\\/\\\/ubirataonline.com.br\\\/wp-content\\\/uploads\\\/2026\\\/06\\\/logoubirataonline-1.webp\",\"width\":500,\"height\":500,\"caption\":\"Ubirat\u00e3 Online Not\u00edcias\"}]}<\/script>\n<meta name=\"geo.placename\" content=\"UBIRATA\" \/>\n<meta name=\"geo.position\" content=\"-24.5361401;-52.9921776\" \/>\n<meta name=\"geo.region\" content=\"Brazil\" \/>\n<!-- \/ Yoast SEO Premium plugin. -->","yoast_head_json":{"title":"Justi\u00e7a autoriza pris\u00e3o domiciliar para Jorge Guaranho - Ubirat\u00e3 Online Not\u00edcias - A realidade ao seu alcance!","description":"O ex-policial penal Jorge Guaranho foi autorizado pela Vara de Execu\u00e7\u00f5es Penais a cumprir a pena de 20 anos em pris\u00e3o domiciliar com o uso de tornozeleira","robots":{"index":"index","follow":"follow","max-snippet":"max-snippet:-1","max-image-preview":"max-image-preview:large","max-video-preview":"max-video-preview:-1"},"canonical":"https:\/\/ubirataonline.com.br\/en\/justica-autoriza-prisao-domiciliar-para-jorge-guaranho\/","og_locale":"en_US","og_type":"article","og_title":"Justi\u00e7a autoriza pris\u00e3o domiciliar para Jorge Guaranho","og_description":"O ex-policial penal Jorge Guaranho foi autorizado pela Vara de Execu\u00e7\u00f5es Penais a cumprir a pena de 20 anos em pris\u00e3o domiciliar com o uso de tornozeleira","og_url":"https:\/\/ubirataonline.com.br\/en\/justica-autoriza-prisao-domiciliar-para-jorge-guaranho\/","og_site_name":"Ubirat\u00e3 Online Not\u00edcias - A realidade ao seu alcance!","article_publisher":"https:\/\/www.facebook.com\/portalubirataonline","article_author":"https:\/\/www.facebook.com\/portalubirataonline","article_published_time":"2026-03-31T03:14:50+00:00","article_modified_time":"2026-03-31T03:14:53+00:00","og_image":[{"width":1200,"height":684,"url":"https:\/\/ubirataonline.com.br\/wp-content\/uploads\/2026\/03\/Justica-autoriza-prisao-domiciliar-para-Jorge-Guaranho.png","type":"image\/png"}],"author":"REDA\u00c7\u00c3O: UBIRAT\u00c3 ONLINE - F\u00c1BIO AUGUSTO CELESTINO","twitter_card":"summary_large_image","twitter_creator":"@x.com\/ubirataonline","twitter_site":"@ubirataonline","twitter_misc":{"Written by":"REDA\u00c7\u00c3O: UBIRAT\u00c3 ONLINE - F\u00c1BIO AUGUSTO CELESTINO","Est. reading time":"4 minutes"},"schema":{"@context":"https:\/\/schema.org","@graph":[{"@type":"NewsArticle","@id":"https:\/\/ubirataonline.com.br\/justica-autoriza-prisao-domiciliar-para-jorge-guaranho\/#article","isPartOf":{"@id":"https:\/\/ubirataonline.com.br\/justica-autoriza-prisao-domiciliar-para-jorge-guaranho\/"},"author":{"name":"REDA\u00c7\u00c3O: UBIRAT\u00c3 ONLINE - F\u00c1BIO AUGUSTO CELESTINO","@id":"https:\/\/ubirataonline.com.br\/#\/schema\/person\/372f87bbd3fdd79b8556b84c98d0bc1c"},"headline":"Justi\u00e7a autoriza pris\u00e3o domiciliar para Jorge Guaranho","datePublished":"2026-03-31T03:14:50+00:00","dateModified":"2026-03-31T03:14:53+00:00","mainEntityOfPage":{"@id":"https:\/\/ubirataonline.com.br\/justica-autoriza-prisao-domiciliar-para-jorge-guaranho\/"},"wordCount":752,"publisher":{"@id":"https:\/\/ubirataonline.com.br\/#organization"},"image":{"@id":"https:\/\/ubirataonline.com.br\/justica-autoriza-prisao-domiciliar-para-jorge-guaranho\/#primaryimage"},"thumbnailUrl":"https:\/\/ubirataonline.com.br\/wp-content\/uploads\/2026\/03\/Justica-autoriza-prisao-domiciliar-para-Jorge-Guaranho.png","keywords":["autoriza","domiciliar","Guaranho","Jorge","Justi\u00e7a","para","Pris\u00e3o"],"articleSection":["Ubirat\u00e3"],"inLanguage":"en-US","copyrightYear":"2026","copyrightHolder":{"@id":"https:\/\/ubirataonline.com.br\/en\/#organization"}},{"@type":"WebPage","@id":"https:\/\/ubirataonline.com.br\/justica-autoriza-prisao-domiciliar-para-jorge-guaranho\/","url":"https:\/\/ubirataonline.com.br\/justica-autoriza-prisao-domiciliar-para-jorge-guaranho\/","name":"Justi\u00e7a autoriza pris\u00e3o domiciliar para Jorge Guaranho - Ubirat\u00e3 Online Not\u00edcias - A realidade ao seu alcance!","isPartOf":{"@id":"https:\/\/ubirataonline.com.br\/#website"},"primaryImageOfPage":{"@id":"https:\/\/ubirataonline.com.br\/justica-autoriza-prisao-domiciliar-para-jorge-guaranho\/#primaryimage"},"image":{"@id":"https:\/\/ubirataonline.com.br\/justica-autoriza-prisao-domiciliar-para-jorge-guaranho\/#primaryimage"},"thumbnailUrl":"https:\/\/ubirataonline.com.br\/wp-content\/uploads\/2026\/03\/Justica-autoriza-prisao-domiciliar-para-Jorge-Guaranho.png","datePublished":"2026-03-31T03:14:50+00:00","dateModified":"2026-03-31T03:14:53+00:00","description":"O ex-policial penal Jorge Guaranho foi autorizado pela Vara de Execu\u00e7\u00f5es Penais a cumprir a pena de 20 anos em pris\u00e3o domiciliar com o uso de tornozeleira","breadcrumb":{"@id":"https:\/\/ubirataonline.com.br\/justica-autoriza-prisao-domiciliar-para-jorge-guaranho\/#breadcrumb"},"inLanguage":"en-US","potentialAction":[{"@type":"ReadAction","target":["https:\/\/ubirataonline.com.br\/justica-autoriza-prisao-domiciliar-para-jorge-guaranho\/"]}]},{"@type":"ImageObject","inLanguage":"en-US","@id":"https:\/\/ubirataonline.com.br\/justica-autoriza-prisao-domiciliar-para-jorge-guaranho\/#primaryimage","url":"https:\/\/ubirataonline.com.br\/wp-content\/uploads\/2026\/03\/Justica-autoriza-prisao-domiciliar-para-Jorge-Guaranho.png","contentUrl":"https:\/\/ubirataonline.com.br\/wp-content\/uploads\/2026\/03\/Justica-autoriza-prisao-domiciliar-para-Jorge-Guaranho.png","width":1200,"height":684,"caption":"Jorge Guaranho durante julgamento. Foto: Reprodu\u00e7\u00e3o RPC"},{"@type":"BreadcrumbList","@id":"https:\/\/ubirataonline.com.br\/justica-autoriza-prisao-domiciliar-para-jorge-guaranho\/#breadcrumb","itemListElement":[{"@type":"ListItem","position":1,"name":"In\u00edcio","item":"https:\/\/ubirataonline.com.br\/"},{"@type":"ListItem","position":2,"name":"Justi\u00e7a autoriza pris\u00e3o domiciliar para Jorge Guaranho"}]},{"@type":"WebSite","@id":"https:\/\/ubirataonline.com.br\/#website","url":"https:\/\/ubirataonline.com.br\/","name":"Ubirat\u00e3 Online Not\u00edcias","description":"Not\u00edcias de Ubirat\u00e3, regi\u00e3o, Brasil e mundo, com informa\u00e7\u00e3o atualizada e compromisso com o leitor.","publisher":{"@id":"https:\/\/ubirataonline.com.br\/#organization"},"alternateName":"Ubirat\u00e3 Online","potentialAction":[{"@type":"SearchAction","target":{"@type":"EntryPoint","urlTemplate":"https:\/\/ubirataonline.com.br\/?s={search_term_string}"},"query-input":{"@type":"PropertyValueSpecification","valueRequired":true,"valueName":"search_term_string"}}],"inLanguage":"en-US"},{"@type":["Organization","Place"],"@id":"https:\/\/ubirataonline.com.br\/#organization","name":"Ubirat\u00e3 Online Not\u00edcias","alternateName":"Ubirat\u00e3 Online","url":"https:\/\/ubirataonline.com.br\/","logo":{"@id":"https:\/\/ubirataonline.com.br\/justica-autoriza-prisao-domiciliar-para-jorge-guaranho\/#local-main-organization-logo"},"image":{"@id":"https:\/\/ubirataonline.com.br\/justica-autoriza-prisao-domiciliar-para-jorge-guaranho\/#local-main-organization-logo"},"sameAs":["https:\/\/www.facebook.com\/portalubirataonline","https:\/\/x.com\/ubirataonline","https:\/\/mastodon.social\/@ubirataonline","https:\/\/www.facebook.com\/groups\/311144672285604","https:\/\/www.facebook.com\/UBTAOnline","https:\/\/www.instagram.com\/portalubirataonline\/","https:\/\/twitter.com\/ubirataonline"],"description":"Somos um portal de not\u00edcias independente, criado em 5 de janeiro de 2009, com o objetivo de informar, conectar e valorizar a nossa comunidade de Ubirat\u00e3 e toda aregi\u00e3o. Com conte\u00fado atualizado, confi\u00e1vel e relevante, o Ubirat\u00e3 Online \u00e9 o seu espa\u00e7o para ficar por dentro dos principais acontecimentos locais, regionais, Brasil, Mundo e de interesse geral. Nosso compromisso \u00e9 com a verdade, a transpar\u00eancia e o respeito ao leitor.","legalName":"UBIRATA ONLINE NOT\u00cdCIAS","foundingDate":"2009-01-05","numberOfEmployees":{"@type":"QuantitativeValue","minValue":"1","maxValue":"10"},"publishingPrinciples":"https:\/\/ubirataonline.com.br\/faq\/","address":{"@id":"https:\/\/ubirataonline.com.br\/justica-autoriza-prisao-domiciliar-para-jorge-guaranho\/#local-main-place-address"},"geo":{"@type":"GeoCoordinates","latitude":"-24.5361401","longitude":"-52.9921776"},"telephone":["+5544998308235"],"contactPoint":{"@type":"ContactPoint","email":"contato@ubirataonline.com.br"},"openingHoursSpecification":{"@type":"OpeningHoursSpecification","dayOfWeek":["Monday","Tuesday","Wednesday","Thursday","Friday","Saturday","Sunday"],"opens":"00:00","closes":"23:59"},"email":"contato@ubirataonline.com.br","vatID":"47.621.418\/0001-80"},{"@type":"Person","@id":"https:\/\/ubirataonline.com.br\/#\/schema\/person\/372f87bbd3fdd79b8556b84c98d0bc1c","name":"REDA\u00c7\u00c3O: UBIRAT\u00c3 ONLINE - F\u00c1BIO AUGUSTO CELESTINO","pronouns":"Ele","description":"Desde 2003 trabalhando com not\u00edcias.","sameAs":["http:\/\/ubirataoline.com.br","https:\/\/www.facebook.com\/portalubirataonline","https:\/\/www.instagram.com\/ubirataonline_oficial","https:\/\/x.com\/x.com\/ubirataonline"],"honorificPrefix":"Mr.","honorificSuffix":"MD","birthDate":"1980-06-16","gender":"masculino","award":["V\u00e1rios pr\u00eamios de melhor portal da cidade"],"jobTitle":"Diretor","url":"https:\/\/ubirataonline.com.br\/en\/author\/ubirataonline\/"},{"@type":"PostalAddress","@id":"https:\/\/ubirataonline.com.br\/justica-autoriza-prisao-domiciliar-para-jorge-guaranho\/#local-main-place-address","streetAddress":"Rua dos Coqueiros, 104 - Bairro Boa Vista, Rua dos Coqueiros, 104 Bairro Boa Vista","addressLocality":"UBIRATA","postalCode":"85440-000","addressRegion":"PR","addressCountry":"BR"},{"@type":"ImageObject","inLanguage":"en-US","@id":"https:\/\/ubirataonline.com.br\/justica-autoriza-prisao-domiciliar-para-jorge-guaranho\/#local-main-organization-logo","url":"https:\/\/ubirataonline.com.br\/wp-content\/uploads\/2026\/06\/logoubirataonline-1.webp","contentUrl":"https:\/\/ubirataonline.com.br\/wp-content\/uploads\/2026\/06\/logoubirataonline-1.webp","width":500,"height":500,"caption":"Ubirat\u00e3 Online Not\u00edcias"}]},"geo.placename":"UBIRATA","geo.position":{"lat":"-24.5361401","long":"-52.9921776"},"geo.region":"Brazil"},"_links":{"self":[{"href":"https:\/\/ubirataonline.com.br\/en\/wp-json\/wp\/v2\/posts\/98358","targetHints":{"allow":["GET"]}}],"collection":[{"href":"https:\/\/ubirataonline.com.br\/en\/wp-json\/wp\/v2\/posts"}],"about":[{"href":"https:\/\/ubirataonline.com.br\/en\/wp-json\/wp\/v2\/types\/post"}],"author":[{"embeddable":true,"href":"https:\/\/ubirataonline.com.br\/en\/wp-json\/wp\/v2\/users\/1"}],"replies":[{"embeddable":true,"href":"https:\/\/ubirataonline.com.br\/en\/wp-json\/wp\/v2\/comments?post=98358"}],"version-history":[{"count":0,"href":"https:\/\/ubirataonline.com.br\/en\/wp-json\/wp\/v2\/posts\/98358\/revisions"}],"wp:featuredmedia":[{"embeddable":true,"href":"https:\/\/ubirataonline.com.br\/en\/wp-json\/wp\/v2\/media\/98359"}],"wp:attachment":[{"href":"https:\/\/ubirataonline.com.br\/en\/wp-json\/wp\/v2\/media?parent=98358"}],"wp:term":[{"taxonomy":"category","embeddable":true,"href":"https:\/\/ubirataonline.com.br\/en\/wp-json\/wp\/v2\/categories?post=98358"},{"taxonomy":"post_tag","embeddable":true,"href":"https:\/\/ubirataonline.com.br\/en\/wp-json\/wp\/v2\/tags?post=98358"}],"curies":[{"name":"wp","href":"https:\/\/api.w.org\/{rel}","templated":true}]}}