{"id":98408,"date":"2026-03-31T06:24:50","date_gmt":"2026-03-31T09:24:50","guid":{"rendered":"https:\/\/ubirataonline.com.br\/semana-santa-comeca-com-chuvas-no-norte-possibilidade-de-granizo-no-sul-e-nevoeiro-no-rio-sp-e-minas-confira-previsao\/"},"modified":"2026-03-31T06:24:56","modified_gmt":"2026-03-31T09:24:56","slug":"semana-santa-comeca-com-chuvas-no-norte-possibilidade-de-granizo-no-sul-e-nevoeiro-no-rio-sp-e-minas-confira-previsao","status":"publish","type":"post","link":"https:\/\/ubirataonline.com.br\/en\/semana-santa-comeca-com-chuvas-no-norte-possibilidade-de-granizo-no-sul-e-nevoeiro-no-rio-sp-e-minas-confira-previsao\/","title":{"rendered":"Semana Santa come\u00e7a com chuvas no Norte, possibilidade de granizo no Sul e nevoeiro no Rio, SP e Minas; confira previs\u00e3o"},"content":{"rendered":"<p><\/p>\n<div data-block-type=\"unstyled\" data-block-weight=\"79\">\n<p class=\"content-text__container theme-color-primary-first-letter\" data-track-category=\"Link no Texto\" data-track-links=\"\"> A Semana Santa come\u00e7ar\u00e1 com chuvas no Norte, em parte do Nordeste e no Sul, enquanto o interior do pa\u00eds segue mais seco. A atua\u00e7\u00e3o de um amplo sistema de alta press\u00e3o no Atl\u00e2ntico Sul deve comandar o tempo nesta segunda-feira mantendo temperaturas elevadas em grande parte do pa\u00eds e favorecendo a forma\u00e7\u00e3o de instabilidades em \u00e1reas espec\u00edficas. O padr\u00e3o, associado \u00e0 Alta Subtropical do Atl\u00e2ntico Sul, organiza a circula\u00e7\u00e3o de ventos e umidade, concentrando a chuva no Sul. <\/p>\n<\/p><\/div>\n<div data-block-type=\"unstyled\" data-block-weight=\"24\">\n<p class=\"content-text__container\" data-track-category=\"Link no Texto\" data-track-links=\"\"> Segundo a meteorologista Andrea Ramos, a borda desse sistema \u2014 uma esp\u00e9cie de ondula\u00e7\u00e3o na atmosfera \u2014 \u00e9 respons\u00e1vel por gerar a instabilidade. <\/p>\n<\/p><\/div>\n<div data-block-type=\"unstyled\" data-block-weight=\"25\">\n<p class=\"content-text__container\" data-track-category=\"Link no Texto\" data-track-links=\"\"> \u2014 Esse anticiclone est\u00e1 posicionado no oceano, mas sua extremidade permite a forma\u00e7\u00e3o de nuvens carregadas. \u00c9 nessas bordas que a chuva acontece \u2014 explica. <\/p>\n<\/p><\/div>\n<div data-block-type=\"unstyled\" data-block-weight=\"75\">\n<p class=\"content-text__container\" data-track-category=\"Link no Texto\" data-track-links=\"\"> Na regi\u00e3o, a previs\u00e3o \u00e9 de temporais, especialmente entre Santa Catarina e o centro-leste do Paran\u00e1. As chuvas devem ocorrer principalmente pela manh\u00e3, com volumes significativos, acompanhadas de trovoadas, rajadas de vento e possibilidade de granizo. Ao longo do dia, a instabilidade persiste, sobretudo \u00e0 tarde, com tend\u00eancia de diminui\u00e7\u00e3o apenas no per\u00edodo da noite. Curitiba ser\u00e1 a capital com a maior varia\u00e7\u00e3o de temperatura da regi\u00e3o, com m\u00ednimas de 17\u00b0C e m\u00e1ximas de 29\u00b0C. <\/p>\n<\/p><\/div>\n<div data-block-type=\"unstyled\" data-block-weight=\"79\">\n<p class=\"content-text__container\" data-track-category=\"Link no Texto\" data-track-links=\"\"> J\u00e1 no Norte, as chuvas ser\u00e3o causadas pela combina\u00e7\u00e3o de calor e alta umidade, somada \u00e0 atua\u00e7\u00e3o da Zona de Converg\u00eancia Intertropical (ZCIT). \u00c1reas do Amazonas, Amap\u00e1, norte do Par\u00e1 e faixa que se estende at\u00e9 o Maranh\u00e3o, Piau\u00ed e litoral do Cear\u00e1 seguem com alta probabilidade de precipita\u00e7\u00e3o. Em Manaus, a previs\u00e3o \u00e9 de temperatura m\u00ednima de 26\u00b0C e m\u00e1xima de 29\u00b0C. Em Macap\u00e1, Bel\u00e9m e Palmas, m\u00ednimas de 25\u00b0C e m\u00e1ximas de 30\u00b0C, 29\u00b0C e 33\u00b0C. <\/p>\n<\/p><\/div>\n<div data-block-type=\"unstyled\" data-block-weight=\"58\">\n<p class=\"content-text__container\" data-track-category=\"Link no Texto\" data-track-links=\"\"> No Nordeste, a influ\u00eancia desse padr\u00e3o tamb\u00e9m atinge a faixa leste, com pancadas entre Pernambuco, Alagoas, Sergipe e norte da Bahia. J\u00e1 o interior da regi\u00e3o registra chuva mais irregular. Salvador tem previs\u00e3o de m\u00ednimas de 24\u00b0C e m\u00e1ximas de 29\u00b0C, com Teresina sendo a capital mais quente da regi\u00e3o, com as temperaturas oscilando entre 31\u00b0C e 33\u00b0C. <\/p>\n<\/p><\/div>\n<div data-block-type=\"unstyled\" data-block-weight=\"61\">\n<p class=\"content-text__container\" data-track-category=\"Link no Texto\" data-track-links=\"\"> O Sudeste deve ter um dia t\u00edpico de ver\u00e3o fora de \u00e9poca: manh\u00e3 com nevoeiros em \u00e1reas serranas de S\u00e3o Paulo, Rio de Janeiro e Minas Gerais, seguida por eleva\u00e7\u00e3o das temperaturas e pancadas isoladas \u00e0 tarde, provocadas pela combina\u00e7\u00e3o de calor e umidade. A capital paulista oscila entre os 17\u00b0C e 29\u00b0C, com previs\u00f5es entre 23\u00b0C e 29\u00b0C no Rio. <\/p>\n<\/p><\/div>\n<div data-block-type=\"unstyled\" data-block-weight=\"36\">\n<p class=\"content-text__container\" data-track-category=\"Link no Texto\" data-track-links=\"\"> No Centro-Oeste, o destaque \u00e9 o calor intenso. As temperaturas m\u00e1ximas podem ultrapassar os 35\u00b0C em \u00e1reas de Mato Grosso e Mato Grosso do Sul, com marcas pr\u00f3ximas disso em Goi\u00e1s e no Distrito Federal. <\/p>\n<\/p><\/div>\n<div data-block-type=\"unstyled\" data-block-weight=\"22\">\n<p class=\"content-text__container\" data-track-category=\"Link no Texto\" data-track-links=\"\"> \u2014 H\u00e1 uma tend\u00eancia de pancadas no fim da tarde, mas o calor predomina ao longo do dia \u2014 afirma a meteorologista. <\/p>\n<\/p><\/div>\n<div data-block-type=\"unstyled\" data-block-weight=\"31\">\n<p class=\"content-text__container\" data-track-category=\"Link no Texto\" data-track-links=\"\"> Os mapas indicam que a chuva ser\u00e1 mais escassa na regi\u00e3o central do pa\u00eds, refor\u00e7ando o contraste entre \u00e1reas sob influ\u00eancia direta das instabilidades e regi\u00f5es dominadas pelo ar mais seco. <\/p>\n<\/p><\/div>\n<p><a href=\"https:\/\/oglobo.globo.com\/blogs\/clima-extremo\/post\/2026\/03\/semana-santa-comeca-com-chuvas-no-norte-possibilidade-de-granizo-no-sul-e-nevoeiro-no-rio-sp-e-minas-confira-previsao.ghtml\">Fonte do Artigo <\/a><\/p>","protected":false},"excerpt":{"rendered":"<p>A Semana Santa come\u00e7ar\u00e1 com chuvas no Norte, em parte do Nordeste e no Sul, enquanto o interior do pa\u00eds segue mais seco. A atua\u00e7\u00e3o de um amplo sistema de alta press\u00e3o no Atl\u00e2ntico Sul deve comandar o tempo nesta segunda-feira mantendo temperaturas elevadas em grande parte do pa\u00eds e favorecendo a forma\u00e7\u00e3o de instabilidades [&hellip;]<\/p>\n","protected":false},"author":1,"featured_media":98409,"comment_status":"closed","ping_status":"","sticky":false,"template":"","format":"standard","meta":{"googlesitekit_rrm_CAow2JLhCw:productID":"","_gspb_post_css":"","maa_idioma":"","maa_pais":"","footnotes":""},"categories":[4],"tags":[11158,3741,2971,5653,4490,24420,3445,21514,3085,2876,3804,3268,4199],"class_list":["post-98408","post","type-post","status-publish","format-standard","has-post-thumbnail","hentry","category-brasil","tag-chuvas","tag-comeca","tag-confira","tag-granizo","tag-minas","tag-nevoeiro","tag-norte","tag-possibilidade","tag-previsao","tag-rio","tag-santa","tag-semana","tag-sul"],"blocksy_meta":[],"yoast_head":"<!-- This site is optimized with the Yoast SEO Premium plugin v27.6 (Yoast SEO v27.6) - https:\/\/yoast.com\/product\/yoast-seo-premium-wordpress\/ -->\n<title>Semana Santa come\u00e7a com chuvas no Norte, possibilidade de granizo no Sul e nevoeiro no Rio, SP e Minas; confira previs\u00e3o - Ubirat\u00e3 Online Not\u00edcias - A realidade ao seu alcance!<\/title>\n<meta name=\"description\" content=\"A Semana Santa come\u00e7ar\u00e1 com chuvas no Norte, em parte do Nordeste e no Sul, enquanto o interior do pa\u00eds segue mais seco. A atua\u00e7\u00e3o de um amplo sistema de\" \/>\n<meta name=\"robots\" content=\"index, follow, max-snippet:-1, max-image-preview:large, max-video-preview:-1\" \/>\n<link rel=\"canonical\" href=\"https:\/\/ubirataonline.com.br\/en\/semana-santa-comeca-com-chuvas-no-norte-possibilidade-de-granizo-no-sul-e-nevoeiro-no-rio-sp-e-minas-confira-previsao\/\" \/>\n<meta property=\"og:locale\" content=\"en_US\" \/>\n<meta property=\"og:type\" content=\"article\" \/>\n<meta property=\"og:title\" content=\"Semana Santa come\u00e7a com chuvas no Norte, possibilidade de granizo no Sul e nevoeiro no Rio, SP e Minas; confira previs\u00e3o\" \/>\n<meta property=\"og:description\" content=\"A Semana Santa come\u00e7ar\u00e1 com chuvas no Norte, em parte do Nordeste e no Sul, enquanto o interior do pa\u00eds segue mais seco. A atua\u00e7\u00e3o de um amplo sistema de\" \/>\n<meta property=\"og:url\" content=\"https:\/\/ubirataonline.com.br\/en\/semana-santa-comeca-com-chuvas-no-norte-possibilidade-de-granizo-no-sul-e-nevoeiro-no-rio-sp-e-minas-confira-previsao\/\" \/>\n<meta property=\"og:site_name\" content=\"Ubirat\u00e3 Online Not\u00edcias - A realidade ao seu alcance!\" \/>\n<meta property=\"article:publisher\" content=\"https:\/\/www.facebook.com\/portalubirataonline\" \/>\n<meta property=\"article:author\" content=\"https:\/\/www.facebook.com\/portalubirataonline\" \/>\n<meta property=\"article:published_time\" content=\"2026-03-31T09:24:50+00:00\" \/>\n<meta property=\"article:modified_time\" content=\"2026-03-31T09:24:56+00:00\" \/>\n<meta property=\"og:image\" content=\"https:\/\/ubirataonline.com.br\/wp-content\/uploads\/2026\/03\/Semana-Santa-comeca-com-chuvas-no-Norte-possibilidade-de-granizo.jpeg\" \/>\n\t<meta property=\"og:image:width\" content=\"1236\" \/>\n\t<meta property=\"og:image:height\" content=\"1600\" \/>\n\t<meta property=\"og:image:type\" content=\"image\/jpeg\" \/>\n<meta name=\"author\" content=\"REDA\u00c7\u00c3O: UBIRAT\u00c3 ONLINE - F\u00c1BIO AUGUSTO CELESTINO\" \/>\n<meta name=\"twitter:card\" content=\"summary_large_image\" \/>\n<meta name=\"twitter:creator\" content=\"@x.com\/ubirataonline\" \/>\n<meta name=\"twitter:site\" content=\"@ubirataonline\" \/>\n<meta name=\"twitter:label1\" content=\"Written by\" \/>\n\t<meta name=\"twitter:data1\" content=\"REDA\u00c7\u00c3O: UBIRAT\u00c3 ONLINE - F\u00c1BIO AUGUSTO CELESTINO\" \/>\n\t<meta name=\"twitter:label2\" content=\"Est. reading time\" \/>\n\t<meta name=\"twitter:data2\" content=\"3 minutes\" \/>\n<script type=\"application\/ld+json\" class=\"yoast-schema-graph\">{\"@context\":\"https:\\\/\\\/schema.org\",\"@graph\":[{\"@type\":\"NewsArticle\",\"@id\":\"https:\\\/\\\/ubirataonline.com.br\\\/semana-santa-comeca-com-chuvas-no-norte-possibilidade-de-granizo-no-sul-e-nevoeiro-no-rio-sp-e-minas-confira-previsao\\\/#article\",\"isPartOf\":{\"@id\":\"https:\\\/\\\/ubirataonline.com.br\\\/semana-santa-comeca-com-chuvas-no-norte-possibilidade-de-granizo-no-sul-e-nevoeiro-no-rio-sp-e-minas-confira-previsao\\\/\"},\"author\":{\"name\":\"REDA\u00c7\u00c3O: UBIRAT\u00c3 ONLINE - F\u00c1BIO AUGUSTO CELESTINO\",\"@id\":\"https:\\\/\\\/ubirataonline.com.br\\\/#\\\/schema\\\/person\\\/372f87bbd3fdd79b8556b84c98d0bc1c\"},\"headline\":\"Semana Santa come\u00e7a com chuvas no Norte, possibilidade de granizo no Sul e nevoeiro no Rio, SP e Minas; confira previs\u00e3o\",\"datePublished\":\"2026-03-31T09:24:50+00:00\",\"dateModified\":\"2026-03-31T09:24:56+00:00\",\"mainEntityOfPage\":{\"@id\":\"https:\\\/\\\/ubirataonline.com.br\\\/semana-santa-comeca-com-chuvas-no-norte-possibilidade-de-granizo-no-sul-e-nevoeiro-no-rio-sp-e-minas-confira-previsao\\\/\"},\"wordCount\":557,\"publisher\":{\"@id\":\"https:\\\/\\\/ubirataonline.com.br\\\/#organization\"},\"image\":{\"@id\":\"https:\\\/\\\/ubirataonline.com.br\\\/semana-santa-comeca-com-chuvas-no-norte-possibilidade-de-granizo-no-sul-e-nevoeiro-no-rio-sp-e-minas-confira-previsao\\\/#primaryimage\"},\"thumbnailUrl\":\"https:\\\/\\\/ubirataonline.com.br\\\/wp-content\\\/uploads\\\/2026\\\/03\\\/Semana-Santa-comeca-com-chuvas-no-Norte-possibilidade-de-granizo.jpeg\",\"keywords\":[\"chuvas\",\"Come\u00e7a\",\"confira\",\"granizo\",\"Minas\",\"nevoeiro\",\"Norte\",\"possibilidade\",\"previs\u00e3o\",\"Rio\",\"Santa\",\"semana\",\"Sul\"],\"articleSection\":[\"Brasil\"],\"inLanguage\":\"en-US\",\"copyrightYear\":\"2026\",\"copyrightHolder\":{\"@id\":\"https:\\\/\\\/ubirataonline.com.br\\\/en\\\/#organization\"}},{\"@type\":\"WebPage\",\"@id\":\"https:\\\/\\\/ubirataonline.com.br\\\/semana-santa-comeca-com-chuvas-no-norte-possibilidade-de-granizo-no-sul-e-nevoeiro-no-rio-sp-e-minas-confira-previsao\\\/\",\"url\":\"https:\\\/\\\/ubirataonline.com.br\\\/semana-santa-comeca-com-chuvas-no-norte-possibilidade-de-granizo-no-sul-e-nevoeiro-no-rio-sp-e-minas-confira-previsao\\\/\",\"name\":\"Semana Santa come\u00e7a com chuvas no Norte, possibilidade de granizo no Sul e nevoeiro no Rio, SP e Minas; confira previs\u00e3o - Ubirat\u00e3 Online Not\u00edcias - A realidade ao seu alcance!\",\"isPartOf\":{\"@id\":\"https:\\\/\\\/ubirataonline.com.br\\\/#website\"},\"primaryImageOfPage\":{\"@id\":\"https:\\\/\\\/ubirataonline.com.br\\\/semana-santa-comeca-com-chuvas-no-norte-possibilidade-de-granizo-no-sul-e-nevoeiro-no-rio-sp-e-minas-confira-previsao\\\/#primaryimage\"},\"image\":{\"@id\":\"https:\\\/\\\/ubirataonline.com.br\\\/semana-santa-comeca-com-chuvas-no-norte-possibilidade-de-granizo-no-sul-e-nevoeiro-no-rio-sp-e-minas-confira-previsao\\\/#primaryimage\"},\"thumbnailUrl\":\"https:\\\/\\\/ubirataonline.com.br\\\/wp-content\\\/uploads\\\/2026\\\/03\\\/Semana-Santa-comeca-com-chuvas-no-Norte-possibilidade-de-granizo.jpeg\",\"datePublished\":\"2026-03-31T09:24:50+00:00\",\"dateModified\":\"2026-03-31T09:24:56+00:00\",\"description\":\"A Semana Santa come\u00e7ar\u00e1 com chuvas no Norte, em parte do Nordeste e no Sul, enquanto o interior do pa\u00eds segue mais seco. A atua\u00e7\u00e3o de um amplo sistema de\",\"breadcrumb\":{\"@id\":\"https:\\\/\\\/ubirataonline.com.br\\\/semana-santa-comeca-com-chuvas-no-norte-possibilidade-de-granizo-no-sul-e-nevoeiro-no-rio-sp-e-minas-confira-previsao\\\/#breadcrumb\"},\"inLanguage\":\"en-US\",\"potentialAction\":[{\"@type\":\"ReadAction\",\"target\":[\"https:\\\/\\\/ubirataonline.com.br\\\/semana-santa-comeca-com-chuvas-no-norte-possibilidade-de-granizo-no-sul-e-nevoeiro-no-rio-sp-e-minas-confira-previsao\\\/\"]}]},{\"@type\":\"ImageObject\",\"inLanguage\":\"en-US\",\"@id\":\"https:\\\/\\\/ubirataonline.com.br\\\/semana-santa-comeca-com-chuvas-no-norte-possibilidade-de-granizo-no-sul-e-nevoeiro-no-rio-sp-e-minas-confira-previsao\\\/#primaryimage\",\"url\":\"https:\\\/\\\/ubirataonline.com.br\\\/wp-content\\\/uploads\\\/2026\\\/03\\\/Semana-Santa-comeca-com-chuvas-no-Norte-possibilidade-de-granizo.jpeg\",\"contentUrl\":\"https:\\\/\\\/ubirataonline.com.br\\\/wp-content\\\/uploads\\\/2026\\\/03\\\/Semana-Santa-comeca-com-chuvas-no-Norte-possibilidade-de-granizo.jpeg\",\"width\":1236,\"height\":1600,\"caption\":\"Anticiclone favorece chuvas intensas no Sul do pa\u00eds, Norte ser\u00e1 chuvoso devido \u00e0 atua\u00e7\u00e3o da Zona de Converg\u00eancia Intertropical (ZCIT) \u2014 Foto: Reprodu\u00e7\u00e3o | Open Street Map\"},{\"@type\":\"BreadcrumbList\",\"@id\":\"https:\\\/\\\/ubirataonline.com.br\\\/semana-santa-comeca-com-chuvas-no-norte-possibilidade-de-granizo-no-sul-e-nevoeiro-no-rio-sp-e-minas-confira-previsao\\\/#breadcrumb\",\"itemListElement\":[{\"@type\":\"ListItem\",\"position\":1,\"name\":\"In\u00edcio\",\"item\":\"https:\\\/\\\/ubirataonline.com.br\\\/\"},{\"@type\":\"ListItem\",\"position\":2,\"name\":\"Semana Santa come\u00e7a com chuvas no Norte, possibilidade de granizo no Sul e nevoeiro no Rio, SP e Minas; confira previs\u00e3o\"}]},{\"@type\":\"WebSite\",\"@id\":\"https:\\\/\\\/ubirataonline.com.br\\\/#website\",\"url\":\"https:\\\/\\\/ubirataonline.com.br\\\/\",\"name\":\"Ubirat\u00e3 Online Not\u00edcias\",\"description\":\"Not\u00edcias de Ubirat\u00e3, regi\u00e3o, Brasil e mundo, com informa\u00e7\u00e3o atualizada e compromisso com o leitor.\",\"publisher\":{\"@id\":\"https:\\\/\\\/ubirataonline.com.br\\\/#organization\"},\"alternateName\":\"Ubirat\u00e3 Online\",\"potentialAction\":[{\"@type\":\"SearchAction\",\"target\":{\"@type\":\"EntryPoint\",\"urlTemplate\":\"https:\\\/\\\/ubirataonline.com.br\\\/?s={search_term_string}\"},\"query-input\":{\"@type\":\"PropertyValueSpecification\",\"valueRequired\":true,\"valueName\":\"search_term_string\"}}],\"inLanguage\":\"en-US\"},{\"@type\":[\"Organization\",\"Place\"],\"@id\":\"https:\\\/\\\/ubirataonline.com.br\\\/#organization\",\"name\":\"Ubirat\u00e3 Online Not\u00edcias\",\"alternateName\":\"Ubirat\u00e3 Online\",\"url\":\"https:\\\/\\\/ubirataonline.com.br\\\/\",\"logo\":{\"@id\":\"https:\\\/\\\/ubirataonline.com.br\\\/semana-santa-comeca-com-chuvas-no-norte-possibilidade-de-granizo-no-sul-e-nevoeiro-no-rio-sp-e-minas-confira-previsao\\\/#local-main-organization-logo\"},\"image\":{\"@id\":\"https:\\\/\\\/ubirataonline.com.br\\\/semana-santa-comeca-com-chuvas-no-norte-possibilidade-de-granizo-no-sul-e-nevoeiro-no-rio-sp-e-minas-confira-previsao\\\/#local-main-organization-logo\"},\"sameAs\":[\"https:\\\/\\\/www.facebook.com\\\/portalubirataonline\",\"https:\\\/\\\/x.com\\\/ubirataonline\",\"https:\\\/\\\/mastodon.social\\\/@ubirataonline\",\"https:\\\/\\\/www.facebook.com\\\/groups\\\/311144672285604\",\"https:\\\/\\\/www.facebook.com\\\/UBTAOnline\",\"https:\\\/\\\/www.instagram.com\\\/portalubirataonline\\\/\",\"https:\\\/\\\/twitter.com\\\/ubirataonline\"],\"description\":\"Somos um portal de not\u00edcias independente, criado em 5 de janeiro de 2009, com o objetivo de informar, conectar e valorizar a nossa comunidade de Ubirat\u00e3 e toda aregi\u00e3o. Com conte\u00fado atualizado, confi\u00e1vel e relevante, o Ubirat\u00e3 Online \u00e9 o seu espa\u00e7o para ficar por dentro dos principais acontecimentos locais, regionais, Brasil, Mundo e de interesse geral. Nosso compromisso \u00e9 com a verdade, a transpar\u00eancia e o respeito ao leitor.\",\"legalName\":\"UBIRATA ONLINE NOT\u00cdCIAS\",\"foundingDate\":\"2009-01-05\",\"numberOfEmployees\":{\"@type\":\"QuantitativeValue\",\"minValue\":\"1\",\"maxValue\":\"10\"},\"publishingPrinciples\":\"https:\\\/\\\/ubirataonline.com.br\\\/faq\\\/\",\"address\":{\"@id\":\"https:\\\/\\\/ubirataonline.com.br\\\/semana-santa-comeca-com-chuvas-no-norte-possibilidade-de-granizo-no-sul-e-nevoeiro-no-rio-sp-e-minas-confira-previsao\\\/#local-main-place-address\"},\"geo\":{\"@type\":\"GeoCoordinates\",\"latitude\":\"-24.5361401\",\"longitude\":\"-52.9921776\"},\"telephone\":[\"+5544998308235\"],\"contactPoint\":{\"@type\":\"ContactPoint\",\"email\":\"contato@ubirataonline.com.br\"},\"openingHoursSpecification\":{\"@type\":\"OpeningHoursSpecification\",\"dayOfWeek\":[\"Monday\",\"Tuesday\",\"Wednesday\",\"Thursday\",\"Friday\",\"Saturday\",\"Sunday\"],\"opens\":\"00:00\",\"closes\":\"23:59\"},\"email\":\"contato@ubirataonline.com.br\",\"vatID\":\"47.621.418\\\/0001-80\"},{\"@type\":\"Person\",\"@id\":\"https:\\\/\\\/ubirataonline.com.br\\\/#\\\/schema\\\/person\\\/372f87bbd3fdd79b8556b84c98d0bc1c\",\"name\":\"REDA\u00c7\u00c3O: UBIRAT\u00c3 ONLINE - F\u00c1BIO AUGUSTO CELESTINO\",\"pronouns\":\"Ele\",\"description\":\"Desde 2003 trabalhando com not\u00edcias.\",\"sameAs\":[\"http:\\\/\\\/ubirataoline.com.br\",\"https:\\\/\\\/www.facebook.com\\\/portalubirataonline\",\"https:\\\/\\\/www.instagram.com\\\/ubirataonline_oficial\",\"https:\\\/\\\/x.com\\\/x.com\\\/ubirataonline\"],\"honorificPrefix\":\"Mr.\",\"honorificSuffix\":\"MD\",\"birthDate\":\"1980-06-16\",\"gender\":\"masculino\",\"award\":[\"V\u00e1rios pr\u00eamios de melhor portal da cidade\"],\"jobTitle\":\"Diretor\",\"url\":\"https:\\\/\\\/ubirataonline.com.br\\\/en\\\/author\\\/ubirataonline\\\/\"},{\"@type\":\"PostalAddress\",\"@id\":\"https:\\\/\\\/ubirataonline.com.br\\\/semana-santa-comeca-com-chuvas-no-norte-possibilidade-de-granizo-no-sul-e-nevoeiro-no-rio-sp-e-minas-confira-previsao\\\/#local-main-place-address\",\"streetAddress\":\"Rua dos Coqueiros, 104 - Bairro Boa Vista, Rua dos Coqueiros, 104 Bairro Boa Vista\",\"addressLocality\":\"UBIRATA\",\"postalCode\":\"85440-000\",\"addressRegion\":\"PR\",\"addressCountry\":\"BR\"},{\"@type\":\"ImageObject\",\"inLanguage\":\"en-US\",\"@id\":\"https:\\\/\\\/ubirataonline.com.br\\\/semana-santa-comeca-com-chuvas-no-norte-possibilidade-de-granizo-no-sul-e-nevoeiro-no-rio-sp-e-minas-confira-previsao\\\/#local-main-organization-logo\",\"url\":\"https:\\\/\\\/ubirataonline.com.br\\\/wp-content\\\/uploads\\\/2026\\\/06\\\/logoubirataonline-1.webp\",\"contentUrl\":\"https:\\\/\\\/ubirataonline.com.br\\\/wp-content\\\/uploads\\\/2026\\\/06\\\/logoubirataonline-1.webp\",\"width\":500,\"height\":500,\"caption\":\"Ubirat\u00e3 Online Not\u00edcias\"}]}<\/script>\n<meta name=\"geo.placename\" content=\"UBIRATA\" \/>\n<meta name=\"geo.position\" content=\"-24.5361401;-52.9921776\" \/>\n<meta name=\"geo.region\" content=\"Brazil\" \/>\n<!-- \/ Yoast SEO Premium plugin. -->","yoast_head_json":{"title":"Semana Santa come\u00e7a com chuvas no Norte, possibilidade de granizo no Sul e nevoeiro no Rio, SP e Minas; confira previs\u00e3o - Ubirat\u00e3 Online Not\u00edcias - A realidade ao seu alcance!","description":"A Semana Santa come\u00e7ar\u00e1 com chuvas no Norte, em parte do Nordeste e no Sul, enquanto o interior do pa\u00eds segue mais seco. A atua\u00e7\u00e3o de um amplo sistema de","robots":{"index":"index","follow":"follow","max-snippet":"max-snippet:-1","max-image-preview":"max-image-preview:large","max-video-preview":"max-video-preview:-1"},"canonical":"https:\/\/ubirataonline.com.br\/en\/semana-santa-comeca-com-chuvas-no-norte-possibilidade-de-granizo-no-sul-e-nevoeiro-no-rio-sp-e-minas-confira-previsao\/","og_locale":"en_US","og_type":"article","og_title":"Semana Santa come\u00e7a com chuvas no Norte, possibilidade de granizo no Sul e nevoeiro no Rio, SP e Minas; confira previs\u00e3o","og_description":"A Semana Santa come\u00e7ar\u00e1 com chuvas no Norte, em parte do Nordeste e no Sul, enquanto o interior do pa\u00eds segue mais seco. A atua\u00e7\u00e3o de um amplo sistema de","og_url":"https:\/\/ubirataonline.com.br\/en\/semana-santa-comeca-com-chuvas-no-norte-possibilidade-de-granizo-no-sul-e-nevoeiro-no-rio-sp-e-minas-confira-previsao\/","og_site_name":"Ubirat\u00e3 Online Not\u00edcias - A realidade ao seu alcance!","article_publisher":"https:\/\/www.facebook.com\/portalubirataonline","article_author":"https:\/\/www.facebook.com\/portalubirataonline","article_published_time":"2026-03-31T09:24:50+00:00","article_modified_time":"2026-03-31T09:24:56+00:00","og_image":[{"width":1236,"height":1600,"url":"https:\/\/ubirataonline.com.br\/wp-content\/uploads\/2026\/03\/Semana-Santa-comeca-com-chuvas-no-Norte-possibilidade-de-granizo.jpeg","type":"image\/jpeg"}],"author":"REDA\u00c7\u00c3O: UBIRAT\u00c3 ONLINE - F\u00c1BIO AUGUSTO CELESTINO","twitter_card":"summary_large_image","twitter_creator":"@x.com\/ubirataonline","twitter_site":"@ubirataonline","twitter_misc":{"Written by":"REDA\u00c7\u00c3O: UBIRAT\u00c3 ONLINE - F\u00c1BIO AUGUSTO CELESTINO","Est. reading time":"3 minutes"},"schema":{"@context":"https:\/\/schema.org","@graph":[{"@type":"NewsArticle","@id":"https:\/\/ubirataonline.com.br\/semana-santa-comeca-com-chuvas-no-norte-possibilidade-de-granizo-no-sul-e-nevoeiro-no-rio-sp-e-minas-confira-previsao\/#article","isPartOf":{"@id":"https:\/\/ubirataonline.com.br\/semana-santa-comeca-com-chuvas-no-norte-possibilidade-de-granizo-no-sul-e-nevoeiro-no-rio-sp-e-minas-confira-previsao\/"},"author":{"name":"REDA\u00c7\u00c3O: UBIRAT\u00c3 ONLINE - F\u00c1BIO AUGUSTO CELESTINO","@id":"https:\/\/ubirataonline.com.br\/#\/schema\/person\/372f87bbd3fdd79b8556b84c98d0bc1c"},"headline":"Semana Santa come\u00e7a com chuvas no Norte, possibilidade de granizo no Sul e nevoeiro no Rio, SP e Minas; confira previs\u00e3o","datePublished":"2026-03-31T09:24:50+00:00","dateModified":"2026-03-31T09:24:56+00:00","mainEntityOfPage":{"@id":"https:\/\/ubirataonline.com.br\/semana-santa-comeca-com-chuvas-no-norte-possibilidade-de-granizo-no-sul-e-nevoeiro-no-rio-sp-e-minas-confira-previsao\/"},"wordCount":557,"publisher":{"@id":"https:\/\/ubirataonline.com.br\/#organization"},"image":{"@id":"https:\/\/ubirataonline.com.br\/semana-santa-comeca-com-chuvas-no-norte-possibilidade-de-granizo-no-sul-e-nevoeiro-no-rio-sp-e-minas-confira-previsao\/#primaryimage"},"thumbnailUrl":"https:\/\/ubirataonline.com.br\/wp-content\/uploads\/2026\/03\/Semana-Santa-comeca-com-chuvas-no-Norte-possibilidade-de-granizo.jpeg","keywords":["chuvas","Come\u00e7a","confira","granizo","Minas","nevoeiro","Norte","possibilidade","previs\u00e3o","Rio","Santa","semana","Sul"],"articleSection":["Brasil"],"inLanguage":"en-US","copyrightYear":"2026","copyrightHolder":{"@id":"https:\/\/ubirataonline.com.br\/en\/#organization"}},{"@type":"WebPage","@id":"https:\/\/ubirataonline.com.br\/semana-santa-comeca-com-chuvas-no-norte-possibilidade-de-granizo-no-sul-e-nevoeiro-no-rio-sp-e-minas-confira-previsao\/","url":"https:\/\/ubirataonline.com.br\/semana-santa-comeca-com-chuvas-no-norte-possibilidade-de-granizo-no-sul-e-nevoeiro-no-rio-sp-e-minas-confira-previsao\/","name":"Semana Santa come\u00e7a com chuvas no Norte, possibilidade de granizo no Sul e nevoeiro no Rio, SP e Minas; confira previs\u00e3o - Ubirat\u00e3 Online Not\u00edcias - A realidade ao seu alcance!","isPartOf":{"@id":"https:\/\/ubirataonline.com.br\/#website"},"primaryImageOfPage":{"@id":"https:\/\/ubirataonline.com.br\/semana-santa-comeca-com-chuvas-no-norte-possibilidade-de-granizo-no-sul-e-nevoeiro-no-rio-sp-e-minas-confira-previsao\/#primaryimage"},"image":{"@id":"https:\/\/ubirataonline.com.br\/semana-santa-comeca-com-chuvas-no-norte-possibilidade-de-granizo-no-sul-e-nevoeiro-no-rio-sp-e-minas-confira-previsao\/#primaryimage"},"thumbnailUrl":"https:\/\/ubirataonline.com.br\/wp-content\/uploads\/2026\/03\/Semana-Santa-comeca-com-chuvas-no-Norte-possibilidade-de-granizo.jpeg","datePublished":"2026-03-31T09:24:50+00:00","dateModified":"2026-03-31T09:24:56+00:00","description":"A Semana Santa come\u00e7ar\u00e1 com chuvas no Norte, em parte do Nordeste e no Sul, enquanto o interior do pa\u00eds segue mais seco. A atua\u00e7\u00e3o de um amplo sistema de","breadcrumb":{"@id":"https:\/\/ubirataonline.com.br\/semana-santa-comeca-com-chuvas-no-norte-possibilidade-de-granizo-no-sul-e-nevoeiro-no-rio-sp-e-minas-confira-previsao\/#breadcrumb"},"inLanguage":"en-US","potentialAction":[{"@type":"ReadAction","target":["https:\/\/ubirataonline.com.br\/semana-santa-comeca-com-chuvas-no-norte-possibilidade-de-granizo-no-sul-e-nevoeiro-no-rio-sp-e-minas-confira-previsao\/"]}]},{"@type":"ImageObject","inLanguage":"en-US","@id":"https:\/\/ubirataonline.com.br\/semana-santa-comeca-com-chuvas-no-norte-possibilidade-de-granizo-no-sul-e-nevoeiro-no-rio-sp-e-minas-confira-previsao\/#primaryimage","url":"https:\/\/ubirataonline.com.br\/wp-content\/uploads\/2026\/03\/Semana-Santa-comeca-com-chuvas-no-Norte-possibilidade-de-granizo.jpeg","contentUrl":"https:\/\/ubirataonline.com.br\/wp-content\/uploads\/2026\/03\/Semana-Santa-comeca-com-chuvas-no-Norte-possibilidade-de-granizo.jpeg","width":1236,"height":1600,"caption":"Anticiclone favorece chuvas intensas no Sul do pa\u00eds, Norte ser\u00e1 chuvoso devido \u00e0 atua\u00e7\u00e3o da Zona de Converg\u00eancia Intertropical (ZCIT) \u2014 Foto: Reprodu\u00e7\u00e3o | Open Street Map"},{"@type":"BreadcrumbList","@id":"https:\/\/ubirataonline.com.br\/semana-santa-comeca-com-chuvas-no-norte-possibilidade-de-granizo-no-sul-e-nevoeiro-no-rio-sp-e-minas-confira-previsao\/#breadcrumb","itemListElement":[{"@type":"ListItem","position":1,"name":"In\u00edcio","item":"https:\/\/ubirataonline.com.br\/"},{"@type":"ListItem","position":2,"name":"Semana Santa come\u00e7a com chuvas no Norte, possibilidade de granizo no Sul e nevoeiro no Rio, SP e Minas; confira previs\u00e3o"}]},{"@type":"WebSite","@id":"https:\/\/ubirataonline.com.br\/#website","url":"https:\/\/ubirataonline.com.br\/","name":"Ubirat\u00e3 Online Not\u00edcias","description":"Not\u00edcias de Ubirat\u00e3, regi\u00e3o, Brasil e mundo, com informa\u00e7\u00e3o atualizada e compromisso com o leitor.","publisher":{"@id":"https:\/\/ubirataonline.com.br\/#organization"},"alternateName":"Ubirat\u00e3 Online","potentialAction":[{"@type":"SearchAction","target":{"@type":"EntryPoint","urlTemplate":"https:\/\/ubirataonline.com.br\/?s={search_term_string}"},"query-input":{"@type":"PropertyValueSpecification","valueRequired":true,"valueName":"search_term_string"}}],"inLanguage":"en-US"},{"@type":["Organization","Place"],"@id":"https:\/\/ubirataonline.com.br\/#organization","name":"Ubirat\u00e3 Online Not\u00edcias","alternateName":"Ubirat\u00e3 Online","url":"https:\/\/ubirataonline.com.br\/","logo":{"@id":"https:\/\/ubirataonline.com.br\/semana-santa-comeca-com-chuvas-no-norte-possibilidade-de-granizo-no-sul-e-nevoeiro-no-rio-sp-e-minas-confira-previsao\/#local-main-organization-logo"},"image":{"@id":"https:\/\/ubirataonline.com.br\/semana-santa-comeca-com-chuvas-no-norte-possibilidade-de-granizo-no-sul-e-nevoeiro-no-rio-sp-e-minas-confira-previsao\/#local-main-organization-logo"},"sameAs":["https:\/\/www.facebook.com\/portalubirataonline","https:\/\/x.com\/ubirataonline","https:\/\/mastodon.social\/@ubirataonline","https:\/\/www.facebook.com\/groups\/311144672285604","https:\/\/www.facebook.com\/UBTAOnline","https:\/\/www.instagram.com\/portalubirataonline\/","https:\/\/twitter.com\/ubirataonline"],"description":"Somos um portal de not\u00edcias independente, criado em 5 de janeiro de 2009, com o objetivo de informar, conectar e valorizar a nossa comunidade de Ubirat\u00e3 e toda aregi\u00e3o. Com conte\u00fado atualizado, confi\u00e1vel e relevante, o Ubirat\u00e3 Online \u00e9 o seu espa\u00e7o para ficar por dentro dos principais acontecimentos locais, regionais, Brasil, Mundo e de interesse geral. Nosso compromisso \u00e9 com a verdade, a transpar\u00eancia e o respeito ao leitor.","legalName":"UBIRATA ONLINE NOT\u00cdCIAS","foundingDate":"2009-01-05","numberOfEmployees":{"@type":"QuantitativeValue","minValue":"1","maxValue":"10"},"publishingPrinciples":"https:\/\/ubirataonline.com.br\/faq\/","address":{"@id":"https:\/\/ubirataonline.com.br\/semana-santa-comeca-com-chuvas-no-norte-possibilidade-de-granizo-no-sul-e-nevoeiro-no-rio-sp-e-minas-confira-previsao\/#local-main-place-address"},"geo":{"@type":"GeoCoordinates","latitude":"-24.5361401","longitude":"-52.9921776"},"telephone":["+5544998308235"],"contactPoint":{"@type":"ContactPoint","email":"contato@ubirataonline.com.br"},"openingHoursSpecification":{"@type":"OpeningHoursSpecification","dayOfWeek":["Monday","Tuesday","Wednesday","Thursday","Friday","Saturday","Sunday"],"opens":"00:00","closes":"23:59"},"email":"contato@ubirataonline.com.br","vatID":"47.621.418\/0001-80"},{"@type":"Person","@id":"https:\/\/ubirataonline.com.br\/#\/schema\/person\/372f87bbd3fdd79b8556b84c98d0bc1c","name":"REDA\u00c7\u00c3O: UBIRAT\u00c3 ONLINE - F\u00c1BIO AUGUSTO CELESTINO","pronouns":"Ele","description":"Desde 2003 trabalhando com not\u00edcias.","sameAs":["http:\/\/ubirataoline.com.br","https:\/\/www.facebook.com\/portalubirataonline","https:\/\/www.instagram.com\/ubirataonline_oficial","https:\/\/x.com\/x.com\/ubirataonline"],"honorificPrefix":"Mr.","honorificSuffix":"MD","birthDate":"1980-06-16","gender":"masculino","award":["V\u00e1rios pr\u00eamios de melhor portal da cidade"],"jobTitle":"Diretor","url":"https:\/\/ubirataonline.com.br\/en\/author\/ubirataonline\/"},{"@type":"PostalAddress","@id":"https:\/\/ubirataonline.com.br\/semana-santa-comeca-com-chuvas-no-norte-possibilidade-de-granizo-no-sul-e-nevoeiro-no-rio-sp-e-minas-confira-previsao\/#local-main-place-address","streetAddress":"Rua dos Coqueiros, 104 - Bairro Boa Vista, Rua dos Coqueiros, 104 Bairro Boa Vista","addressLocality":"UBIRATA","postalCode":"85440-000","addressRegion":"PR","addressCountry":"BR"},{"@type":"ImageObject","inLanguage":"en-US","@id":"https:\/\/ubirataonline.com.br\/semana-santa-comeca-com-chuvas-no-norte-possibilidade-de-granizo-no-sul-e-nevoeiro-no-rio-sp-e-minas-confira-previsao\/#local-main-organization-logo","url":"https:\/\/ubirataonline.com.br\/wp-content\/uploads\/2026\/06\/logoubirataonline-1.webp","contentUrl":"https:\/\/ubirataonline.com.br\/wp-content\/uploads\/2026\/06\/logoubirataonline-1.webp","width":500,"height":500,"caption":"Ubirat\u00e3 Online Not\u00edcias"}]},"geo.placename":"UBIRATA","geo.position":{"lat":"-24.5361401","long":"-52.9921776"},"geo.region":"Brazil"},"_links":{"self":[{"href":"https:\/\/ubirataonline.com.br\/en\/wp-json\/wp\/v2\/posts\/98408","targetHints":{"allow":["GET"]}}],"collection":[{"href":"https:\/\/ubirataonline.com.br\/en\/wp-json\/wp\/v2\/posts"}],"about":[{"href":"https:\/\/ubirataonline.com.br\/en\/wp-json\/wp\/v2\/types\/post"}],"author":[{"embeddable":true,"href":"https:\/\/ubirataonline.com.br\/en\/wp-json\/wp\/v2\/users\/1"}],"replies":[{"embeddable":true,"href":"https:\/\/ubirataonline.com.br\/en\/wp-json\/wp\/v2\/comments?post=98408"}],"version-history":[{"count":0,"href":"https:\/\/ubirataonline.com.br\/en\/wp-json\/wp\/v2\/posts\/98408\/revisions"}],"wp:featuredmedia":[{"embeddable":true,"href":"https:\/\/ubirataonline.com.br\/en\/wp-json\/wp\/v2\/media\/98409"}],"wp:attachment":[{"href":"https:\/\/ubirataonline.com.br\/en\/wp-json\/wp\/v2\/media?parent=98408"}],"wp:term":[{"taxonomy":"category","embeddable":true,"href":"https:\/\/ubirataonline.com.br\/en\/wp-json\/wp\/v2\/categories?post=98408"},{"taxonomy":"post_tag","embeddable":true,"href":"https:\/\/ubirataonline.com.br\/en\/wp-json\/wp\/v2\/tags?post=98408"}],"curies":[{"name":"wp","href":"https:\/\/api.w.org\/{rel}","templated":true}]}}