{"id":98450,"date":"2026-03-31T10:14:55","date_gmt":"2026-03-31T13:14:55","guid":{"rendered":"https:\/\/ubirataonline.com.br\/pimentel-descarta-concorrer-ao-governo-do-parana-foi-especulacao\/"},"modified":"2026-03-31T10:14:57","modified_gmt":"2026-03-31T13:14:57","slug":"pimentel-descarta-concorrer-ao-governo-do-parana-foi-especulacao","status":"publish","type":"post","link":"https:\/\/ubirataonline.com.br\/en\/pimentel-descarta-concorrer-ao-governo-do-parana-foi-especulacao\/","title":{"rendered":"Pimentel descarta concorrer ao governo do Paran\u00e1: &#8220;foi especula\u00e7\u00e3o&#8221;"},"content":{"rendered":"<p><\/p>\n<div id=\"post-content\">\n<p>Cotado nos bastidores como poss\u00edvel sucessor de <strong>Ratinho J\u00fanior<\/strong> (PSD), o prefeito de <strong>Curitiba<\/strong>, <strong>Eduardo Pimente<\/strong>l (PSD), <strong>descartou<\/strong> deixar o cargo para disputar o Governo do Paran\u00e1. Segundo ele, a possibilidade nunca passou de especula\u00e7\u00e3o.<\/p>\n<p>\u201cN\u00e3o teve convite formal e estou focado na cidade de Curitiba. Meu compromisso \u00e9 na minha gest\u00e3o de quatro anos como prefeito. J\u00e1 entreguei muito do meu plano de governo, mas tem muito a ser feito. Vou ficar aqui na cidade at\u00e9 o \u00faltimo dia\u201d, afirmou \u00e0 imprensa durante a entrega das obras do BRT Leste\/Oeste, nesta segunda-feira (30\/3).<\/p>\n<p>Com a sa\u00edda de Pimentel do radar eleitoral, o nome mais cotado dentro do grupo governista passa a ser o secret\u00e1rio de Cidades, Guto Silva. Para viabilizar uma candidatura, ele precisa deixar o cargo at\u00e9 o prazo de desincompatibiliza\u00e7\u00e3o, que se encerra neste s\u00e1bado (4\/4). <\/p>\n<p>Outro nome do PSD \u00e9 Alexandre Curi, presidente da Assembleia Legislativa do Paran\u00e1. A vontade dele em ser governador, aliada \u00e0 demora na defini\u00e7\u00e3o do escolhido por parte do governador Ratinho J\u00fanior, pode levar Curi a outro partido (o Republicanos \u00e9 um destino prov\u00e1vel).<\/p>\n<p>No campo dos pr\u00e9-candidatos j\u00e1 confirmados, aparecem o senador S\u00e9rgio Moro (PL) e o ex-prefeito de Curitiba Rafael Greca, <a href=\"https:\/\/www.tribunapr.com.br\/noticias\/parana\/greca-deixa-o-psd-e-migra-para-o-mdb-para-disputar-a-eleicao\/\">que neste m\u00eas trocou o PSD pelo MDB<\/a> e tamb\u00e9m se posiciona na disputa pelo governo estadual.<\/p>\n<p>H\u00e1 algum tempo sondagens dos partidos consideravam Eduardo entre os poss\u00edveis candidatos. A sa\u00edda do prefeito de Curitiba do jogo eleitoral acontece no mesmo dia em que deve ser divulgada uma pesquisa oficial registrada no TSE que incluiu seu nome entre os poss\u00edveis candidatos.<\/p>\n<section class=\"virals\">\n<article class=\"cardnews cardnews--post cardnews--has-thumbnail cardnews--editorial-noticias\"> <a href=\"https:\/\/www.tribunapr.com.br\/noticias\/curitiba-regiao\/vereador-perdeu-pia-e-investigado-por-usar-gm-para-se-autopromove?utm_source=noticias-virais-rodape&amp;utm_medium=internal-tribuna&amp;utm_campaign=tribuna\" class=\"cardnews__postlink\"> <\/p>\n<div class=\"cardnews__image\" is-api-thumb=\"\"><\/div>\n<div class=\"cardnews__content cardhome__content\">\n<div class=\"cardnews__content-wrapper\">\n<p> <span style=\"\"> De olho! <\/span> <\/p>\n<p>Vereador Perdeu Pi\u00e1 \u00e9 investigado por usar GM para se autopromover<\/p>\n<\/p><\/div>\n<\/p><\/div>\n<p> <\/a> <\/article>\n<article class=\"cardnews cardnews--post cardnews--has-thumbnail cardnews--editorial-noticias\"> <a href=\"https:\/\/www.tribunapr.com.br\/noticias\/parana\/parana-pode-sentir-efeitos-do-el-nino-a-partir-de-julho-o-que-esperar\/?utm_source=noticias-virais-rodape&amp;utm_medium=internal-tribuna&amp;utm_campaign=tribuna\" class=\"cardnews__postlink\"> <\/p>\n<div class=\"cardnews__image\" is-api-thumb=\"\"><img decoding=\"async\" src=\"https:\/\/www.tribunapr.com.br\/wp-content\/uploads\/2026\/02\/20182305\/chuvas-370x210.jpg\" loading=\"lazy\" alt=\"Paran\u00e1 pode sentir efeitos do El Ni\u00f1o a partir de julho; o que esperar\"\/><\/div>\n<div class=\"cardnews__content cardhome__content\">\n<div class=\"cardnews__content-wrapper\">\n<p> <span style=\"\"> Alerta <\/span> <\/p>\n<p>Paran\u00e1 pode sentir efeitos do El Ni\u00f1o a partir de julho; o que esperar<\/p>\n<\/p><\/div>\n<\/p><\/div>\n<p> <\/a> <\/article>\n<article class=\"cardnews cardnews--post cardnews--has-thumbnail cardnews--editorial-noticias\"> <a href=\"https:\/\/www.tribunapr.com.br\/noticias\/parana\/roteiro-inusitado-parana-coleciona-estatuas-peculiares-pelo-interior\/ C?utm_source=noticias-virais-rodape&amp;utm_medium=internal-tribuna&amp;utm_campaign=tribuna\" class=\"cardnews__postlink\"> <\/p>\n<div class=\"cardnews__image\" is-api-thumb=\"\"><img decoding=\"async\" src=\"https:\/\/www.tribunapr.com.br\/wp-content\/uploads\/2026\/01\/15072039\/falecimentos-em-curitiba-370x210.jpg\" loading=\"lazy\" alt=\"Roteiro inusitado: Paran\u00e1 coleciona est\u00e1tuas peculiares pelo interior \"\/><\/div>\n<div class=\"cardnews__content cardhome__content\">\n<div class=\"cardnews__content-wrapper\">\n<p> <span style=\"\"> Belezas do Paran\u00e1 <\/span> <\/p>\n<p>Roteiro inusitado: Paran\u00e1 coleciona est\u00e1tuas peculiares pelo interior <\/p>\n<\/p><\/div>\n<\/p><\/div>\n<p> <\/a> <\/article>\n<\/section>\n<div id=\"tribuna-follow-cta\">\n<p> <span class=\"cta-title\">Siga a <span class=\"tribuna-color\">Tribuna<\/span> no Google, e acompanhe as \u00faltimas not\u00edcias de Curitiba e regi\u00e3o!<\/span> <\/p>\n<p> <a href=\"https:\/\/profile.google.com\/cp\/CgwvZy8xMmxxajUzM3Mac2h0dHBzOi8vd3d3LnRyaWJ1bmFwci5jb20uYnIvdml2YS92aXRyaW5lL2dpZ2FudGUtZG8tdmVzdHVhcmlvLXJlaW5hdWd1cmEtbG9qYS1lbS1zaG9wcGluZy10cmFkaWNpb25hbC1kZS1jdXJpdGliYS8iElRyaWJ1bmEgZG8gUGFyYW7DoSqAAwrHAWh0dHBzOi8vZW5jcnlwdGVkLXRibjIuZ3N0YXRpYy5jb20vZmF2aWNvbi10Ym4_cT10Ym46QU5kOUdjUVJPbjVDRjR6TzJPbkUwTXZrRlRCRTY2U0g1bGlaVDRaZTV3bWNKeU5GRm1BSnluM01nNU9PR3BXY1pYMzZwYU5HUWtsZ09JVEFLTTNNZVNGbTc1aWp6M3k2ajUtQ3M2b25kX2JUcFFQQkVLd3RsUjBsTmJESnUtVHhrNXQtbFlCNlVpOWZSVVFjT2cSswFodHRwczovL2VuY3J5cHRlZC10Ym4zLmdzdGF0aWMuY29tL2Zhdmljb24tdGJuP3E9dGJuJTNBQU5kOUdjU0FMaWJ2eFF0YXdFMFRueVdWWmVKRS1MZEdRZjVTUi1OZ2RMazhyZzIwVy1nM0JuQ1F4VDNKZFBjRXR2THdBeVRxUDJEdHVycEdVR29CQkxpYzM5al9wSmFxRERaMHNCYW05WEVhSGVsMmZTQmdKdlF4WWVyMw\" target=\"_blank\" title=\"Seguir a Tribuna no Google\">  <\/a> <\/div>\n<\/p><\/div>\n<p><a href=\"https:\/\/www.tribunapr.com.br\/noticias\/parana\/pimentel-descarta-concorrer-ao-governo-do-parana-foi-especulacao\/\">Fonte do Artigo <\/a><\/p>","protected":false},"excerpt":{"rendered":"<p>Cotado nos bastidores como poss\u00edvel sucessor de Ratinho J\u00fanior (PSD), o prefeito de Curitiba, Eduardo Pimentel (PSD), descartou deixar o cargo para disputar o Governo do Paran\u00e1. Segundo ele, a possibilidade nunca passou de especula\u00e7\u00e3o. \u201cN\u00e3o teve convite formal e estou focado na cidade de Curitiba. Meu compromisso \u00e9 na minha gest\u00e3o de quatro anos [&hellip;]<\/p>\n","protected":false},"author":1,"featured_media":98451,"comment_status":"closed","ping_status":"","sticky":false,"template":"","format":"standard","meta":{"googlesitekit_rrm_CAow2JLhCw:productID":"","_gspb_post_css":"","maa_idioma":"","maa_pais":"","footnotes":""},"categories":[1],"tags":[15230,14784,24446,4327,1646,90,23334],"class_list":["post-98450","post","type-post","status-publish","format-standard","has-post-thumbnail","hentry","category-ubirata","tag-concorrer","tag-descarta","tag-especulacao","tag-foi","tag-governo","tag-parana","tag-pimentel"],"blocksy_meta":[],"yoast_head":"<!-- This site is optimized with the Yoast SEO Premium plugin v27.6 (Yoast SEO v27.6) - https:\/\/yoast.com\/product\/yoast-seo-premium-wordpress\/ -->\n<title>Pimentel descarta concorrer ao governo do Paran\u00e1: &quot;foi especula\u00e7\u00e3o&quot; - Ubirat\u00e3 Online Not\u00edcias - A realidade ao seu alcance!<\/title>\n<meta name=\"description\" content=\"Cotado nos bastidores como poss\u00edvel sucessor de Ratinho J\u00fanior (PSD), o prefeito de Curitiba, Eduardo Pimentel (PSD), descartou deixar o cargo para\" \/>\n<meta name=\"robots\" content=\"index, follow, max-snippet:-1, max-image-preview:large, max-video-preview:-1\" \/>\n<link rel=\"canonical\" href=\"https:\/\/ubirataonline.com.br\/en\/pimentel-descarta-concorrer-ao-governo-do-parana-foi-especulacao\/\" \/>\n<meta property=\"og:locale\" content=\"en_US\" \/>\n<meta property=\"og:type\" content=\"article\" \/>\n<meta property=\"og:title\" content=\"Pimentel descarta concorrer ao governo do Paran\u00e1: &quot;foi especula\u00e7\u00e3o&quot;\" \/>\n<meta property=\"og:description\" content=\"Cotado nos bastidores como poss\u00edvel sucessor de Ratinho J\u00fanior (PSD), o prefeito de Curitiba, Eduardo Pimentel (PSD), descartou deixar o cargo para\" \/>\n<meta property=\"og:url\" content=\"https:\/\/ubirataonline.com.br\/en\/pimentel-descarta-concorrer-ao-governo-do-parana-foi-especulacao\/\" \/>\n<meta property=\"og:site_name\" content=\"Ubirat\u00e3 Online Not\u00edcias - A realidade ao seu alcance!\" \/>\n<meta property=\"article:publisher\" content=\"https:\/\/www.facebook.com\/portalubirataonline\" \/>\n<meta property=\"article:author\" content=\"https:\/\/www.facebook.com\/portalubirataonline\" \/>\n<meta property=\"article:published_time\" content=\"2026-03-31T13:14:55+00:00\" \/>\n<meta property=\"article:modified_time\" content=\"2026-03-31T13:14:57+00:00\" \/>\n<meta property=\"og:image\" content=\"https:\/\/ubirataonline.com.br\/wp-content\/uploads\/2026\/03\/Pimentel-descarta-concorrer-ao-governo-do-Parana-foi-especulacao.jpg\" \/>\n\t<meta property=\"og:image:width\" content=\"1200\" \/>\n\t<meta property=\"og:image:height\" content=\"829\" \/>\n\t<meta property=\"og:image:type\" content=\"image\/jpeg\" \/>\n<meta name=\"author\" content=\"REDA\u00c7\u00c3O: UBIRAT\u00c3 ONLINE - F\u00c1BIO AUGUSTO CELESTINO\" \/>\n<meta name=\"twitter:card\" content=\"summary_large_image\" \/>\n<meta name=\"twitter:creator\" content=\"@x.com\/ubirataonline\" \/>\n<meta name=\"twitter:site\" content=\"@ubirataonline\" \/>\n<meta name=\"twitter:label1\" content=\"Written by\" \/>\n\t<meta name=\"twitter:data1\" content=\"REDA\u00c7\u00c3O: UBIRAT\u00c3 ONLINE - F\u00c1BIO AUGUSTO CELESTINO\" \/>\n\t<meta name=\"twitter:label2\" content=\"Est. reading time\" \/>\n\t<meta name=\"twitter:data2\" content=\"2 minutes\" \/>\n<script type=\"application\/ld+json\" class=\"yoast-schema-graph\">{\"@context\":\"https:\\\/\\\/schema.org\",\"@graph\":[{\"@type\":\"NewsArticle\",\"@id\":\"https:\\\/\\\/ubirataonline.com.br\\\/pimentel-descarta-concorrer-ao-governo-do-parana-foi-especulacao\\\/#article\",\"isPartOf\":{\"@id\":\"https:\\\/\\\/ubirataonline.com.br\\\/pimentel-descarta-concorrer-ao-governo-do-parana-foi-especulacao\\\/\"},\"author\":{\"name\":\"REDA\u00c7\u00c3O: UBIRAT\u00c3 ONLINE - F\u00c1BIO AUGUSTO CELESTINO\",\"@id\":\"https:\\\/\\\/ubirataonline.com.br\\\/#\\\/schema\\\/person\\\/372f87bbd3fdd79b8556b84c98d0bc1c\"},\"headline\":\"Pimentel descarta concorrer ao governo do Paran\u00e1: &#8220;foi especula\u00e7\u00e3o&#8221;\",\"datePublished\":\"2026-03-31T13:14:55+00:00\",\"dateModified\":\"2026-03-31T13:14:57+00:00\",\"mainEntityOfPage\":{\"@id\":\"https:\\\/\\\/ubirataonline.com.br\\\/pimentel-descarta-concorrer-ao-governo-do-parana-foi-especulacao\\\/\"},\"wordCount\":345,\"publisher\":{\"@id\":\"https:\\\/\\\/ubirataonline.com.br\\\/#organization\"},\"image\":{\"@id\":\"https:\\\/\\\/ubirataonline.com.br\\\/pimentel-descarta-concorrer-ao-governo-do-parana-foi-especulacao\\\/#primaryimage\"},\"thumbnailUrl\":\"https:\\\/\\\/ubirataonline.com.br\\\/wp-content\\\/uploads\\\/2026\\\/03\\\/Pimentel-descarta-concorrer-ao-governo-do-Parana-foi-especulacao.jpg\",\"keywords\":[\"concorrer\",\"descarta\",\"especula\u00e7\u00e3o\",\"foi\",\"Governo\",\"paran\u00e1\",\"Pimentel\"],\"articleSection\":[\"Ubirat\u00e3\"],\"inLanguage\":\"en-US\",\"copyrightYear\":\"2026\",\"copyrightHolder\":{\"@id\":\"https:\\\/\\\/ubirataonline.com.br\\\/en\\\/#organization\"}},{\"@type\":\"WebPage\",\"@id\":\"https:\\\/\\\/ubirataonline.com.br\\\/pimentel-descarta-concorrer-ao-governo-do-parana-foi-especulacao\\\/\",\"url\":\"https:\\\/\\\/ubirataonline.com.br\\\/pimentel-descarta-concorrer-ao-governo-do-parana-foi-especulacao\\\/\",\"name\":\"Pimentel descarta concorrer ao governo do Paran\u00e1: \\\"foi especula\u00e7\u00e3o\\\" - Ubirat\u00e3 Online Not\u00edcias - A realidade ao seu alcance!\",\"isPartOf\":{\"@id\":\"https:\\\/\\\/ubirataonline.com.br\\\/#website\"},\"primaryImageOfPage\":{\"@id\":\"https:\\\/\\\/ubirataonline.com.br\\\/pimentel-descarta-concorrer-ao-governo-do-parana-foi-especulacao\\\/#primaryimage\"},\"image\":{\"@id\":\"https:\\\/\\\/ubirataonline.com.br\\\/pimentel-descarta-concorrer-ao-governo-do-parana-foi-especulacao\\\/#primaryimage\"},\"thumbnailUrl\":\"https:\\\/\\\/ubirataonline.com.br\\\/wp-content\\\/uploads\\\/2026\\\/03\\\/Pimentel-descarta-concorrer-ao-governo-do-Parana-foi-especulacao.jpg\",\"datePublished\":\"2026-03-31T13:14:55+00:00\",\"dateModified\":\"2026-03-31T13:14:57+00:00\",\"description\":\"Cotado nos bastidores como poss\u00edvel sucessor de Ratinho J\u00fanior (PSD), o prefeito de Curitiba, Eduardo Pimentel (PSD), descartou deixar o cargo para\",\"breadcrumb\":{\"@id\":\"https:\\\/\\\/ubirataonline.com.br\\\/pimentel-descarta-concorrer-ao-governo-do-parana-foi-especulacao\\\/#breadcrumb\"},\"inLanguage\":\"en-US\",\"potentialAction\":[{\"@type\":\"ReadAction\",\"target\":[\"https:\\\/\\\/ubirataonline.com.br\\\/pimentel-descarta-concorrer-ao-governo-do-parana-foi-especulacao\\\/\"]}]},{\"@type\":\"ImageObject\",\"inLanguage\":\"en-US\",\"@id\":\"https:\\\/\\\/ubirataonline.com.br\\\/pimentel-descarta-concorrer-ao-governo-do-parana-foi-especulacao\\\/#primaryimage\",\"url\":\"https:\\\/\\\/ubirataonline.com.br\\\/wp-content\\\/uploads\\\/2026\\\/03\\\/Pimentel-descarta-concorrer-ao-governo-do-Parana-foi-especulacao.jpg\",\"contentUrl\":\"https:\\\/\\\/ubirataonline.com.br\\\/wp-content\\\/uploads\\\/2026\\\/03\\\/Pimentel-descarta-concorrer-ao-governo-do-Parana-foi-especulacao.jpg\",\"width\":1200,\"height\":829,\"caption\":\"Prefeito Eduardo Pimentel descarta disputar o Governo do Paran\u00e1. Foto: Ricardo Maraj\u00f3\\\/SECOM\"},{\"@type\":\"BreadcrumbList\",\"@id\":\"https:\\\/\\\/ubirataonline.com.br\\\/pimentel-descarta-concorrer-ao-governo-do-parana-foi-especulacao\\\/#breadcrumb\",\"itemListElement\":[{\"@type\":\"ListItem\",\"position\":1,\"name\":\"In\u00edcio\",\"item\":\"https:\\\/\\\/ubirataonline.com.br\\\/\"},{\"@type\":\"ListItem\",\"position\":2,\"name\":\"Pimentel descarta concorrer ao governo do Paran\u00e1: &#8220;foi especula\u00e7\u00e3o&#8221;\"}]},{\"@type\":\"WebSite\",\"@id\":\"https:\\\/\\\/ubirataonline.com.br\\\/#website\",\"url\":\"https:\\\/\\\/ubirataonline.com.br\\\/\",\"name\":\"Ubirat\u00e3 Online Not\u00edcias\",\"description\":\"Not\u00edcias de Ubirat\u00e3, regi\u00e3o, Brasil e mundo, com informa\u00e7\u00e3o atualizada e compromisso com o leitor.\",\"publisher\":{\"@id\":\"https:\\\/\\\/ubirataonline.com.br\\\/#organization\"},\"alternateName\":\"Ubirat\u00e3 Online\",\"potentialAction\":[{\"@type\":\"SearchAction\",\"target\":{\"@type\":\"EntryPoint\",\"urlTemplate\":\"https:\\\/\\\/ubirataonline.com.br\\\/?s={search_term_string}\"},\"query-input\":{\"@type\":\"PropertyValueSpecification\",\"valueRequired\":true,\"valueName\":\"search_term_string\"}}],\"inLanguage\":\"en-US\"},{\"@type\":[\"Organization\",\"Place\"],\"@id\":\"https:\\\/\\\/ubirataonline.com.br\\\/#organization\",\"name\":\"Ubirat\u00e3 Online Not\u00edcias\",\"alternateName\":\"Ubirat\u00e3 Online\",\"url\":\"https:\\\/\\\/ubirataonline.com.br\\\/\",\"logo\":{\"@id\":\"https:\\\/\\\/ubirataonline.com.br\\\/pimentel-descarta-concorrer-ao-governo-do-parana-foi-especulacao\\\/#local-main-organization-logo\"},\"image\":{\"@id\":\"https:\\\/\\\/ubirataonline.com.br\\\/pimentel-descarta-concorrer-ao-governo-do-parana-foi-especulacao\\\/#local-main-organization-logo\"},\"sameAs\":[\"https:\\\/\\\/www.facebook.com\\\/portalubirataonline\",\"https:\\\/\\\/x.com\\\/ubirataonline\",\"https:\\\/\\\/mastodon.social\\\/@ubirataonline\",\"https:\\\/\\\/www.facebook.com\\\/groups\\\/311144672285604\",\"https:\\\/\\\/www.facebook.com\\\/UBTAOnline\",\"https:\\\/\\\/www.instagram.com\\\/portalubirataonline\\\/\",\"https:\\\/\\\/twitter.com\\\/ubirataonline\"],\"description\":\"Somos um portal de not\u00edcias independente, criado em 5 de janeiro de 2009, com o objetivo de informar, conectar e valorizar a nossa comunidade de Ubirat\u00e3 e toda aregi\u00e3o. Com conte\u00fado atualizado, confi\u00e1vel e relevante, o Ubirat\u00e3 Online \u00e9 o seu espa\u00e7o para ficar por dentro dos principais acontecimentos locais, regionais, Brasil, Mundo e de interesse geral. Nosso compromisso \u00e9 com a verdade, a transpar\u00eancia e o respeito ao leitor.\",\"legalName\":\"UBIRATA ONLINE NOT\u00cdCIAS\",\"foundingDate\":\"2009-01-05\",\"numberOfEmployees\":{\"@type\":\"QuantitativeValue\",\"minValue\":\"1\",\"maxValue\":\"10\"},\"publishingPrinciples\":\"https:\\\/\\\/ubirataonline.com.br\\\/faq\\\/\",\"address\":{\"@id\":\"https:\\\/\\\/ubirataonline.com.br\\\/pimentel-descarta-concorrer-ao-governo-do-parana-foi-especulacao\\\/#local-main-place-address\"},\"geo\":{\"@type\":\"GeoCoordinates\",\"latitude\":\"-24.5361401\",\"longitude\":\"-52.9921776\"},\"telephone\":[\"+5544998308235\"],\"contactPoint\":{\"@type\":\"ContactPoint\",\"email\":\"contato@ubirataonline.com.br\"},\"openingHoursSpecification\":{\"@type\":\"OpeningHoursSpecification\",\"dayOfWeek\":[\"Monday\",\"Tuesday\",\"Wednesday\",\"Thursday\",\"Friday\",\"Saturday\",\"Sunday\"],\"opens\":\"00:00\",\"closes\":\"23:59\"},\"email\":\"contato@ubirataonline.com.br\",\"vatID\":\"47.621.418\\\/0001-80\"},{\"@type\":\"Person\",\"@id\":\"https:\\\/\\\/ubirataonline.com.br\\\/#\\\/schema\\\/person\\\/372f87bbd3fdd79b8556b84c98d0bc1c\",\"name\":\"REDA\u00c7\u00c3O: UBIRAT\u00c3 ONLINE - F\u00c1BIO AUGUSTO CELESTINO\",\"pronouns\":\"Ele\",\"description\":\"Desde 2003 trabalhando com not\u00edcias.\",\"sameAs\":[\"http:\\\/\\\/ubirataoline.com.br\",\"https:\\\/\\\/www.facebook.com\\\/portalubirataonline\",\"https:\\\/\\\/www.instagram.com\\\/ubirataonline_oficial\",\"https:\\\/\\\/x.com\\\/x.com\\\/ubirataonline\"],\"honorificPrefix\":\"Mr.\",\"honorificSuffix\":\"MD\",\"birthDate\":\"1980-06-16\",\"gender\":\"masculino\",\"award\":[\"V\u00e1rios pr\u00eamios de melhor portal da cidade\"],\"jobTitle\":\"Diretor\",\"url\":\"https:\\\/\\\/ubirataonline.com.br\\\/en\\\/author\\\/ubirataonline\\\/\"},{\"@type\":\"PostalAddress\",\"@id\":\"https:\\\/\\\/ubirataonline.com.br\\\/pimentel-descarta-concorrer-ao-governo-do-parana-foi-especulacao\\\/#local-main-place-address\",\"streetAddress\":\"Rua dos Coqueiros, 104 - Bairro Boa Vista, Rua dos Coqueiros, 104 Bairro Boa Vista\",\"addressLocality\":\"UBIRATA\",\"postalCode\":\"85440-000\",\"addressRegion\":\"PR\",\"addressCountry\":\"BR\"},{\"@type\":\"ImageObject\",\"inLanguage\":\"en-US\",\"@id\":\"https:\\\/\\\/ubirataonline.com.br\\\/pimentel-descarta-concorrer-ao-governo-do-parana-foi-especulacao\\\/#local-main-organization-logo\",\"url\":\"https:\\\/\\\/ubirataonline.com.br\\\/wp-content\\\/uploads\\\/2026\\\/06\\\/logoubirataonline-1.webp\",\"contentUrl\":\"https:\\\/\\\/ubirataonline.com.br\\\/wp-content\\\/uploads\\\/2026\\\/06\\\/logoubirataonline-1.webp\",\"width\":500,\"height\":500,\"caption\":\"Ubirat\u00e3 Online Not\u00edcias\"}]}<\/script>\n<meta name=\"geo.placename\" content=\"UBIRATA\" \/>\n<meta name=\"geo.position\" content=\"-24.5361401;-52.9921776\" \/>\n<meta name=\"geo.region\" content=\"Brazil\" \/>\n<!-- \/ Yoast SEO Premium plugin. -->","yoast_head_json":{"title":"Pimentel descarta concorrer ao governo do Paran\u00e1: \"foi especula\u00e7\u00e3o\" - Ubirat\u00e3 Online Not\u00edcias - A realidade ao seu alcance!","description":"Cotado nos bastidores como poss\u00edvel sucessor de Ratinho J\u00fanior (PSD), o prefeito de Curitiba, Eduardo Pimentel (PSD), descartou deixar o cargo para","robots":{"index":"index","follow":"follow","max-snippet":"max-snippet:-1","max-image-preview":"max-image-preview:large","max-video-preview":"max-video-preview:-1"},"canonical":"https:\/\/ubirataonline.com.br\/en\/pimentel-descarta-concorrer-ao-governo-do-parana-foi-especulacao\/","og_locale":"en_US","og_type":"article","og_title":"Pimentel descarta concorrer ao governo do Paran\u00e1: \"foi especula\u00e7\u00e3o\"","og_description":"Cotado nos bastidores como poss\u00edvel sucessor de Ratinho J\u00fanior (PSD), o prefeito de Curitiba, Eduardo Pimentel (PSD), descartou deixar o cargo para","og_url":"https:\/\/ubirataonline.com.br\/en\/pimentel-descarta-concorrer-ao-governo-do-parana-foi-especulacao\/","og_site_name":"Ubirat\u00e3 Online Not\u00edcias - A realidade ao seu alcance!","article_publisher":"https:\/\/www.facebook.com\/portalubirataonline","article_author":"https:\/\/www.facebook.com\/portalubirataonline","article_published_time":"2026-03-31T13:14:55+00:00","article_modified_time":"2026-03-31T13:14:57+00:00","og_image":[{"width":1200,"height":829,"url":"https:\/\/ubirataonline.com.br\/wp-content\/uploads\/2026\/03\/Pimentel-descarta-concorrer-ao-governo-do-Parana-foi-especulacao.jpg","type":"image\/jpeg"}],"author":"REDA\u00c7\u00c3O: UBIRAT\u00c3 ONLINE - F\u00c1BIO AUGUSTO CELESTINO","twitter_card":"summary_large_image","twitter_creator":"@x.com\/ubirataonline","twitter_site":"@ubirataonline","twitter_misc":{"Written by":"REDA\u00c7\u00c3O: UBIRAT\u00c3 ONLINE - F\u00c1BIO AUGUSTO CELESTINO","Est. reading time":"2 minutes"},"schema":{"@context":"https:\/\/schema.org","@graph":[{"@type":"NewsArticle","@id":"https:\/\/ubirataonline.com.br\/pimentel-descarta-concorrer-ao-governo-do-parana-foi-especulacao\/#article","isPartOf":{"@id":"https:\/\/ubirataonline.com.br\/pimentel-descarta-concorrer-ao-governo-do-parana-foi-especulacao\/"},"author":{"name":"REDA\u00c7\u00c3O: UBIRAT\u00c3 ONLINE - F\u00c1BIO AUGUSTO CELESTINO","@id":"https:\/\/ubirataonline.com.br\/#\/schema\/person\/372f87bbd3fdd79b8556b84c98d0bc1c"},"headline":"Pimentel descarta concorrer ao governo do Paran\u00e1: &#8220;foi especula\u00e7\u00e3o&#8221;","datePublished":"2026-03-31T13:14:55+00:00","dateModified":"2026-03-31T13:14:57+00:00","mainEntityOfPage":{"@id":"https:\/\/ubirataonline.com.br\/pimentel-descarta-concorrer-ao-governo-do-parana-foi-especulacao\/"},"wordCount":345,"publisher":{"@id":"https:\/\/ubirataonline.com.br\/#organization"},"image":{"@id":"https:\/\/ubirataonline.com.br\/pimentel-descarta-concorrer-ao-governo-do-parana-foi-especulacao\/#primaryimage"},"thumbnailUrl":"https:\/\/ubirataonline.com.br\/wp-content\/uploads\/2026\/03\/Pimentel-descarta-concorrer-ao-governo-do-Parana-foi-especulacao.jpg","keywords":["concorrer","descarta","especula\u00e7\u00e3o","foi","Governo","paran\u00e1","Pimentel"],"articleSection":["Ubirat\u00e3"],"inLanguage":"en-US","copyrightYear":"2026","copyrightHolder":{"@id":"https:\/\/ubirataonline.com.br\/en\/#organization"}},{"@type":"WebPage","@id":"https:\/\/ubirataonline.com.br\/pimentel-descarta-concorrer-ao-governo-do-parana-foi-especulacao\/","url":"https:\/\/ubirataonline.com.br\/pimentel-descarta-concorrer-ao-governo-do-parana-foi-especulacao\/","name":"Pimentel descarta concorrer ao governo do Paran\u00e1: \"foi especula\u00e7\u00e3o\" - Ubirat\u00e3 Online Not\u00edcias - A realidade ao seu alcance!","isPartOf":{"@id":"https:\/\/ubirataonline.com.br\/#website"},"primaryImageOfPage":{"@id":"https:\/\/ubirataonline.com.br\/pimentel-descarta-concorrer-ao-governo-do-parana-foi-especulacao\/#primaryimage"},"image":{"@id":"https:\/\/ubirataonline.com.br\/pimentel-descarta-concorrer-ao-governo-do-parana-foi-especulacao\/#primaryimage"},"thumbnailUrl":"https:\/\/ubirataonline.com.br\/wp-content\/uploads\/2026\/03\/Pimentel-descarta-concorrer-ao-governo-do-Parana-foi-especulacao.jpg","datePublished":"2026-03-31T13:14:55+00:00","dateModified":"2026-03-31T13:14:57+00:00","description":"Cotado nos bastidores como poss\u00edvel sucessor de Ratinho J\u00fanior (PSD), o prefeito de Curitiba, Eduardo Pimentel (PSD), descartou deixar o cargo para","breadcrumb":{"@id":"https:\/\/ubirataonline.com.br\/pimentel-descarta-concorrer-ao-governo-do-parana-foi-especulacao\/#breadcrumb"},"inLanguage":"en-US","potentialAction":[{"@type":"ReadAction","target":["https:\/\/ubirataonline.com.br\/pimentel-descarta-concorrer-ao-governo-do-parana-foi-especulacao\/"]}]},{"@type":"ImageObject","inLanguage":"en-US","@id":"https:\/\/ubirataonline.com.br\/pimentel-descarta-concorrer-ao-governo-do-parana-foi-especulacao\/#primaryimage","url":"https:\/\/ubirataonline.com.br\/wp-content\/uploads\/2026\/03\/Pimentel-descarta-concorrer-ao-governo-do-Parana-foi-especulacao.jpg","contentUrl":"https:\/\/ubirataonline.com.br\/wp-content\/uploads\/2026\/03\/Pimentel-descarta-concorrer-ao-governo-do-Parana-foi-especulacao.jpg","width":1200,"height":829,"caption":"Prefeito Eduardo Pimentel descarta disputar o Governo do Paran\u00e1. Foto: Ricardo Maraj\u00f3\/SECOM"},{"@type":"BreadcrumbList","@id":"https:\/\/ubirataonline.com.br\/pimentel-descarta-concorrer-ao-governo-do-parana-foi-especulacao\/#breadcrumb","itemListElement":[{"@type":"ListItem","position":1,"name":"In\u00edcio","item":"https:\/\/ubirataonline.com.br\/"},{"@type":"ListItem","position":2,"name":"Pimentel descarta concorrer ao governo do Paran\u00e1: &#8220;foi especula\u00e7\u00e3o&#8221;"}]},{"@type":"WebSite","@id":"https:\/\/ubirataonline.com.br\/#website","url":"https:\/\/ubirataonline.com.br\/","name":"Ubirat\u00e3 Online Not\u00edcias","description":"Not\u00edcias de Ubirat\u00e3, regi\u00e3o, Brasil e mundo, com informa\u00e7\u00e3o atualizada e compromisso com o leitor.","publisher":{"@id":"https:\/\/ubirataonline.com.br\/#organization"},"alternateName":"Ubirat\u00e3 Online","potentialAction":[{"@type":"SearchAction","target":{"@type":"EntryPoint","urlTemplate":"https:\/\/ubirataonline.com.br\/?s={search_term_string}"},"query-input":{"@type":"PropertyValueSpecification","valueRequired":true,"valueName":"search_term_string"}}],"inLanguage":"en-US"},{"@type":["Organization","Place"],"@id":"https:\/\/ubirataonline.com.br\/#organization","name":"Ubirat\u00e3 Online Not\u00edcias","alternateName":"Ubirat\u00e3 Online","url":"https:\/\/ubirataonline.com.br\/","logo":{"@id":"https:\/\/ubirataonline.com.br\/pimentel-descarta-concorrer-ao-governo-do-parana-foi-especulacao\/#local-main-organization-logo"},"image":{"@id":"https:\/\/ubirataonline.com.br\/pimentel-descarta-concorrer-ao-governo-do-parana-foi-especulacao\/#local-main-organization-logo"},"sameAs":["https:\/\/www.facebook.com\/portalubirataonline","https:\/\/x.com\/ubirataonline","https:\/\/mastodon.social\/@ubirataonline","https:\/\/www.facebook.com\/groups\/311144672285604","https:\/\/www.facebook.com\/UBTAOnline","https:\/\/www.instagram.com\/portalubirataonline\/","https:\/\/twitter.com\/ubirataonline"],"description":"Somos um portal de not\u00edcias independente, criado em 5 de janeiro de 2009, com o objetivo de informar, conectar e valorizar a nossa comunidade de Ubirat\u00e3 e toda aregi\u00e3o. Com conte\u00fado atualizado, confi\u00e1vel e relevante, o Ubirat\u00e3 Online \u00e9 o seu espa\u00e7o para ficar por dentro dos principais acontecimentos locais, regionais, Brasil, Mundo e de interesse geral. Nosso compromisso \u00e9 com a verdade, a transpar\u00eancia e o respeito ao leitor.","legalName":"UBIRATA ONLINE NOT\u00cdCIAS","foundingDate":"2009-01-05","numberOfEmployees":{"@type":"QuantitativeValue","minValue":"1","maxValue":"10"},"publishingPrinciples":"https:\/\/ubirataonline.com.br\/faq\/","address":{"@id":"https:\/\/ubirataonline.com.br\/pimentel-descarta-concorrer-ao-governo-do-parana-foi-especulacao\/#local-main-place-address"},"geo":{"@type":"GeoCoordinates","latitude":"-24.5361401","longitude":"-52.9921776"},"telephone":["+5544998308235"],"contactPoint":{"@type":"ContactPoint","email":"contato@ubirataonline.com.br"},"openingHoursSpecification":{"@type":"OpeningHoursSpecification","dayOfWeek":["Monday","Tuesday","Wednesday","Thursday","Friday","Saturday","Sunday"],"opens":"00:00","closes":"23:59"},"email":"contato@ubirataonline.com.br","vatID":"47.621.418\/0001-80"},{"@type":"Person","@id":"https:\/\/ubirataonline.com.br\/#\/schema\/person\/372f87bbd3fdd79b8556b84c98d0bc1c","name":"REDA\u00c7\u00c3O: UBIRAT\u00c3 ONLINE - F\u00c1BIO AUGUSTO CELESTINO","pronouns":"Ele","description":"Desde 2003 trabalhando com not\u00edcias.","sameAs":["http:\/\/ubirataoline.com.br","https:\/\/www.facebook.com\/portalubirataonline","https:\/\/www.instagram.com\/ubirataonline_oficial","https:\/\/x.com\/x.com\/ubirataonline"],"honorificPrefix":"Mr.","honorificSuffix":"MD","birthDate":"1980-06-16","gender":"masculino","award":["V\u00e1rios pr\u00eamios de melhor portal da cidade"],"jobTitle":"Diretor","url":"https:\/\/ubirataonline.com.br\/en\/author\/ubirataonline\/"},{"@type":"PostalAddress","@id":"https:\/\/ubirataonline.com.br\/pimentel-descarta-concorrer-ao-governo-do-parana-foi-especulacao\/#local-main-place-address","streetAddress":"Rua dos Coqueiros, 104 - Bairro Boa Vista, Rua dos Coqueiros, 104 Bairro Boa Vista","addressLocality":"UBIRATA","postalCode":"85440-000","addressRegion":"PR","addressCountry":"BR"},{"@type":"ImageObject","inLanguage":"en-US","@id":"https:\/\/ubirataonline.com.br\/pimentel-descarta-concorrer-ao-governo-do-parana-foi-especulacao\/#local-main-organization-logo","url":"https:\/\/ubirataonline.com.br\/wp-content\/uploads\/2026\/06\/logoubirataonline-1.webp","contentUrl":"https:\/\/ubirataonline.com.br\/wp-content\/uploads\/2026\/06\/logoubirataonline-1.webp","width":500,"height":500,"caption":"Ubirat\u00e3 Online Not\u00edcias"}]},"geo.placename":"UBIRATA","geo.position":{"lat":"-24.5361401","long":"-52.9921776"},"geo.region":"Brazil"},"_links":{"self":[{"href":"https:\/\/ubirataonline.com.br\/en\/wp-json\/wp\/v2\/posts\/98450","targetHints":{"allow":["GET"]}}],"collection":[{"href":"https:\/\/ubirataonline.com.br\/en\/wp-json\/wp\/v2\/posts"}],"about":[{"href":"https:\/\/ubirataonline.com.br\/en\/wp-json\/wp\/v2\/types\/post"}],"author":[{"embeddable":true,"href":"https:\/\/ubirataonline.com.br\/en\/wp-json\/wp\/v2\/users\/1"}],"replies":[{"embeddable":true,"href":"https:\/\/ubirataonline.com.br\/en\/wp-json\/wp\/v2\/comments?post=98450"}],"version-history":[{"count":0,"href":"https:\/\/ubirataonline.com.br\/en\/wp-json\/wp\/v2\/posts\/98450\/revisions"}],"wp:featuredmedia":[{"embeddable":true,"href":"https:\/\/ubirataonline.com.br\/en\/wp-json\/wp\/v2\/media\/98451"}],"wp:attachment":[{"href":"https:\/\/ubirataonline.com.br\/en\/wp-json\/wp\/v2\/media?parent=98450"}],"wp:term":[{"taxonomy":"category","embeddable":true,"href":"https:\/\/ubirataonline.com.br\/en\/wp-json\/wp\/v2\/categories?post=98450"},{"taxonomy":"post_tag","embeddable":true,"href":"https:\/\/ubirataonline.com.br\/en\/wp-json\/wp\/v2\/tags?post=98450"}],"curies":[{"name":"wp","href":"https:\/\/api.w.org\/{rel}","templated":true}]}}