{"id":98464,"date":"2026-03-31T11:30:53","date_gmt":"2026-03-31T14:30:53","guid":{"rendered":"https:\/\/ubirataonline.com.br\/parana-adere-a-programa-federal-para-reduzir-carga-tributaria-sobre-oleo-diesel\/"},"modified":"2026-03-31T11:30:56","modified_gmt":"2026-03-31T14:30:56","slug":"parana-adere-a-programa-federal-para-reduzir-carga-tributaria-sobre-oleo-diesel","status":"publish","type":"post","link":"https:\/\/ubirataonline.com.br\/en\/parana-adere-a-programa-federal-para-reduzir-carga-tributaria-sobre-oleo-diesel\/","title":{"rendered":"Paran\u00e1 adere a programa federal para reduzir carga tribut\u00e1ria sobre \u00f3leo diesel"},"content":{"rendered":"<p><\/p>\n<div id=\"texto\">\n<p>O Governo do Paran\u00e1 anunciou a ades\u00e3o ao programa federal que prev\u00ea a redu\u00e7\u00e3o da carga tribut\u00e1ria sobre o \u00f3leo diesel, em uma iniciativa que busca garantir o abastecimento do combust\u00edvel em todo o Estado e conter a volatilidade dos pre\u00e7os para o consumidor, especialmente em raz\u00e3o dos conflitos internacionais. A decis\u00e3o foi comunicada pelo governador Carlos Massa Ratinho Junior ap\u00f3s a 200\u00aa Reuni\u00e3o Ordin\u00e1ria do Conselho Nacional de Pol\u00edtica Fazend\u00e1ria (Confaz), realizada em 27 de mar\u00e7o, em S\u00e3o Paulo.<\/p>\n<p>O modelo proposto pelo Governo Federal estabelece um subs\u00eddio total de R$ 1,20 por litro de \u00f3leo diesel, sendo R$ 0,60 por litro custeados pela Uni\u00e3o e os outros R$ 0,60 pelos estados que aderirem voluntariamente \u00e0 medida. A vig\u00eancia inicial do programa ser\u00e1 de dois meses, a partir da edi\u00e7\u00e3o de medida provis\u00f3ria.<\/p>\n<p>Segundo a Secretaria de Estado da Fazenda (Sefa), a ades\u00e3o ao programa ter\u00e1 um impacto estimado de R$ 77,5 milh\u00f5es mensais aos cofres do Paran\u00e1, totalizando cerca de R$ 155 milh\u00f5es durante o per\u00edodo de vig\u00eancia proposto. O Estado \u00e9 o terceiro maior importador de diesel do Brasil, atr\u00e1s apenas de S\u00e3o Paulo e Minas Gerais, com uma compra m\u00e9dia anual de 2 bilh\u00f5es de litros do combust\u00edvel.<\/p>\n<p>A decis\u00e3o de aderir ao programa foi tomada mesmo diante do impacto fiscal, com o objetivo de beneficiar a popula\u00e7\u00e3o, j\u00e1 afetada pela alta dos pre\u00e7os. Dados da Ag\u00eancia Nacional do Petr\u00f3leo (ANP) indicam que, desde o in\u00edcio do conflito no Oriente M\u00e9dio, o pre\u00e7o do diesel aumentou cerca de 22,53% em todo o pa\u00eds, o que gera efeitos em toda a cadeia produtiva e afeta diretamente o consumidor final.<\/p>\n<p>\u201cO Paran\u00e1 mant\u00e9m seu compromisso com a preserva\u00e7\u00e3o da atividade econ\u00f4mica e prote\u00e7\u00e3o do povo paranaense\u201d, afirmou o secret\u00e1rio da Fazenda, Norberto Ortigara. \u201cCom isso, buscamos um entendimento coletivo que permita a redu\u00e7\u00e3o da carga tribut\u00e1ria sem ferir os princ\u00edpios de uniformidade que visam simplificar o sistema tribut\u00e1rio brasileiro e evitar a guerra fiscal entre as unidades da federa\u00e7\u00e3o\u201d, completou Ortigara.<\/p>\n<\/p><\/div>\n<p><a href=\"https:\/\/cgn.inf.br\/noticia\/2074604\/parana-adere-a-programa-federal-para-reduzir-carga-tributaria-sobre-oleo-diesel\">Fonte do Artigo <\/a><\/p>","protected":false},"excerpt":{"rendered":"<p>O Governo do Paran\u00e1 anunciou a ades\u00e3o ao programa federal que prev\u00ea a redu\u00e7\u00e3o da carga tribut\u00e1ria sobre o \u00f3leo diesel, em uma iniciativa que busca garantir o abastecimento do combust\u00edvel em todo o Estado e conter a volatilidade dos pre\u00e7os para o consumidor, especialmente em raz\u00e3o dos conflitos internacionais. A decis\u00e3o foi comunicada pelo [&hellip;]<\/p>\n","protected":false},"author":1,"featured_media":98465,"comment_status":"closed","ping_status":"","sticky":false,"template":"","format":"standard","meta":{"googlesitekit_rrm_CAow2JLhCw:productID":"","_gspb_post_css":"","maa_idioma":"","maa_pais":"","footnotes":""},"categories":[1],"tags":[24449,10542,19764,4154,5264,2904,90,3687,12430,3203,11491],"class_list":["post-98464","post","type-post","status-publish","format-standard","has-post-thumbnail","hentry","category-ubirata","tag-adere","tag-carga","tag-diesel","tag-federal","tag-oleo","tag-para","tag-parana","tag-programa","tag-reduzir","tag-sobre","tag-tributaria"],"blocksy_meta":[],"yoast_head":"<!-- This site is optimized with the Yoast SEO Premium plugin v27.6 (Yoast SEO v27.6) - https:\/\/yoast.com\/product\/yoast-seo-premium-wordpress\/ -->\n<title>Paran\u00e1 adere a programa federal para reduzir carga tribut\u00e1ria sobre \u00f3leo diesel - Ubirat\u00e3 Online Not\u00edcias - A realidade ao seu alcance!<\/title>\n<meta name=\"description\" content=\"O Governo do Paran\u00e1 anunciou a ades\u00e3o ao programa federal que prev\u00ea a redu\u00e7\u00e3o da carga tribut\u00e1ria sobre o \u00f3leo diesel, em uma iniciativa que busca\" \/>\n<meta name=\"robots\" content=\"index, follow, max-snippet:-1, max-image-preview:large, max-video-preview:-1\" \/>\n<link rel=\"canonical\" href=\"https:\/\/ubirataonline.com.br\/en\/parana-adere-a-programa-federal-para-reduzir-carga-tributaria-sobre-oleo-diesel\/\" \/>\n<meta property=\"og:locale\" content=\"en_US\" \/>\n<meta property=\"og:type\" content=\"article\" \/>\n<meta property=\"og:title\" content=\"Paran\u00e1 adere a programa federal para reduzir carga tribut\u00e1ria sobre \u00f3leo diesel\" \/>\n<meta property=\"og:description\" content=\"O Governo do Paran\u00e1 anunciou a ades\u00e3o ao programa federal que prev\u00ea a redu\u00e7\u00e3o da carga tribut\u00e1ria sobre o \u00f3leo diesel, em uma iniciativa que busca\" \/>\n<meta property=\"og:url\" content=\"https:\/\/ubirataonline.com.br\/en\/parana-adere-a-programa-federal-para-reduzir-carga-tributaria-sobre-oleo-diesel\/\" \/>\n<meta property=\"og:site_name\" content=\"Ubirat\u00e3 Online Not\u00edcias - A realidade ao seu alcance!\" \/>\n<meta property=\"article:publisher\" content=\"https:\/\/www.facebook.com\/portalubirataonline\" \/>\n<meta property=\"article:author\" content=\"https:\/\/www.facebook.com\/portalubirataonline\" \/>\n<meta property=\"article:published_time\" content=\"2026-03-31T14:30:53+00:00\" \/>\n<meta property=\"article:modified_time\" content=\"2026-03-31T14:30:56+00:00\" \/>\n<meta property=\"og:image\" content=\"https:\/\/ubirataonline.com.br\/wp-content\/uploads\/2026\/03\/Parana-adere-a-programa-federal-para-reduzir-carga-tributaria-sobre.jpg\" \/>\n\t<meta property=\"og:image:width\" content=\"1600\" \/>\n\t<meta property=\"og:image:height\" content=\"800\" \/>\n\t<meta property=\"og:image:type\" content=\"image\/jpeg\" \/>\n<meta name=\"author\" content=\"REDA\u00c7\u00c3O: UBIRAT\u00c3 ONLINE - F\u00c1BIO AUGUSTO CELESTINO\" \/>\n<meta name=\"twitter:card\" content=\"summary_large_image\" \/>\n<meta name=\"twitter:creator\" content=\"@x.com\/ubirataonline\" \/>\n<meta name=\"twitter:site\" content=\"@ubirataonline\" \/>\n<meta name=\"twitter:label1\" content=\"Written by\" \/>\n\t<meta name=\"twitter:data1\" content=\"REDA\u00c7\u00c3O: UBIRAT\u00c3 ONLINE - F\u00c1BIO AUGUSTO CELESTINO\" \/>\n\t<meta name=\"twitter:label2\" content=\"Est. reading time\" \/>\n\t<meta name=\"twitter:data2\" content=\"2 minutes\" \/>\n<script type=\"application\/ld+json\" class=\"yoast-schema-graph\">{\"@context\":\"https:\\\/\\\/schema.org\",\"@graph\":[{\"@type\":\"NewsArticle\",\"@id\":\"https:\\\/\\\/ubirataonline.com.br\\\/parana-adere-a-programa-federal-para-reduzir-carga-tributaria-sobre-oleo-diesel\\\/#article\",\"isPartOf\":{\"@id\":\"https:\\\/\\\/ubirataonline.com.br\\\/parana-adere-a-programa-federal-para-reduzir-carga-tributaria-sobre-oleo-diesel\\\/\"},\"author\":{\"name\":\"REDA\u00c7\u00c3O: UBIRAT\u00c3 ONLINE - F\u00c1BIO AUGUSTO CELESTINO\",\"@id\":\"https:\\\/\\\/ubirataonline.com.br\\\/#\\\/schema\\\/person\\\/372f87bbd3fdd79b8556b84c98d0bc1c\"},\"headline\":\"Paran\u00e1 adere a programa federal para reduzir carga tribut\u00e1ria sobre \u00f3leo diesel\",\"datePublished\":\"2026-03-31T14:30:53+00:00\",\"dateModified\":\"2026-03-31T14:30:56+00:00\",\"mainEntityOfPage\":{\"@id\":\"https:\\\/\\\/ubirataonline.com.br\\\/parana-adere-a-programa-federal-para-reduzir-carga-tributaria-sobre-oleo-diesel\\\/\"},\"wordCount\":386,\"publisher\":{\"@id\":\"https:\\\/\\\/ubirataonline.com.br\\\/#organization\"},\"image\":{\"@id\":\"https:\\\/\\\/ubirataonline.com.br\\\/parana-adere-a-programa-federal-para-reduzir-carga-tributaria-sobre-oleo-diesel\\\/#primaryimage\"},\"thumbnailUrl\":\"https:\\\/\\\/ubirataonline.com.br\\\/wp-content\\\/uploads\\\/2026\\\/03\\\/Parana-adere-a-programa-federal-para-reduzir-carga-tributaria-sobre.jpg\",\"keywords\":[\"adere\",\"carga\",\"diesel\",\"Federal\",\"\u00f3leo\",\"para\",\"paran\u00e1\",\"programa\",\"reduzir\",\"sobre\",\"tribut\u00e1ria\"],\"articleSection\":[\"Ubirat\u00e3\"],\"inLanguage\":\"en-US\",\"copyrightYear\":\"2026\",\"copyrightHolder\":{\"@id\":\"https:\\\/\\\/ubirataonline.com.br\\\/en\\\/#organization\"}},{\"@type\":\"WebPage\",\"@id\":\"https:\\\/\\\/ubirataonline.com.br\\\/parana-adere-a-programa-federal-para-reduzir-carga-tributaria-sobre-oleo-diesel\\\/\",\"url\":\"https:\\\/\\\/ubirataonline.com.br\\\/parana-adere-a-programa-federal-para-reduzir-carga-tributaria-sobre-oleo-diesel\\\/\",\"name\":\"Paran\u00e1 adere a programa federal para reduzir carga tribut\u00e1ria sobre \u00f3leo diesel - Ubirat\u00e3 Online Not\u00edcias - A realidade ao seu alcance!\",\"isPartOf\":{\"@id\":\"https:\\\/\\\/ubirataonline.com.br\\\/#website\"},\"primaryImageOfPage\":{\"@id\":\"https:\\\/\\\/ubirataonline.com.br\\\/parana-adere-a-programa-federal-para-reduzir-carga-tributaria-sobre-oleo-diesel\\\/#primaryimage\"},\"image\":{\"@id\":\"https:\\\/\\\/ubirataonline.com.br\\\/parana-adere-a-programa-federal-para-reduzir-carga-tributaria-sobre-oleo-diesel\\\/#primaryimage\"},\"thumbnailUrl\":\"https:\\\/\\\/ubirataonline.com.br\\\/wp-content\\\/uploads\\\/2026\\\/03\\\/Parana-adere-a-programa-federal-para-reduzir-carga-tributaria-sobre.jpg\",\"datePublished\":\"2026-03-31T14:30:53+00:00\",\"dateModified\":\"2026-03-31T14:30:56+00:00\",\"description\":\"O Governo do Paran\u00e1 anunciou a ades\u00e3o ao programa federal que prev\u00ea a redu\u00e7\u00e3o da carga tribut\u00e1ria sobre o \u00f3leo diesel, em uma iniciativa que busca\",\"breadcrumb\":{\"@id\":\"https:\\\/\\\/ubirataonline.com.br\\\/parana-adere-a-programa-federal-para-reduzir-carga-tributaria-sobre-oleo-diesel\\\/#breadcrumb\"},\"inLanguage\":\"en-US\",\"potentialAction\":[{\"@type\":\"ReadAction\",\"target\":[\"https:\\\/\\\/ubirataonline.com.br\\\/parana-adere-a-programa-federal-para-reduzir-carga-tributaria-sobre-oleo-diesel\\\/\"]}]},{\"@type\":\"ImageObject\",\"inLanguage\":\"en-US\",\"@id\":\"https:\\\/\\\/ubirataonline.com.br\\\/parana-adere-a-programa-federal-para-reduzir-carga-tributaria-sobre-oleo-diesel\\\/#primaryimage\",\"url\":\"https:\\\/\\\/ubirataonline.com.br\\\/wp-content\\\/uploads\\\/2026\\\/03\\\/Parana-adere-a-programa-federal-para-reduzir-carga-tributaria-sobre.jpg\",\"contentUrl\":\"https:\\\/\\\/ubirataonline.com.br\\\/wp-content\\\/uploads\\\/2026\\\/03\\\/Parana-adere-a-programa-federal-para-reduzir-carga-tributaria-sobre.jpg\",\"width\":1600,\"height\":800,\"caption\":\"\"},{\"@type\":\"BreadcrumbList\",\"@id\":\"https:\\\/\\\/ubirataonline.com.br\\\/parana-adere-a-programa-federal-para-reduzir-carga-tributaria-sobre-oleo-diesel\\\/#breadcrumb\",\"itemListElement\":[{\"@type\":\"ListItem\",\"position\":1,\"name\":\"In\u00edcio\",\"item\":\"https:\\\/\\\/ubirataonline.com.br\\\/\"},{\"@type\":\"ListItem\",\"position\":2,\"name\":\"Paran\u00e1 adere a programa federal para reduzir carga tribut\u00e1ria sobre \u00f3leo diesel\"}]},{\"@type\":\"WebSite\",\"@id\":\"https:\\\/\\\/ubirataonline.com.br\\\/#website\",\"url\":\"https:\\\/\\\/ubirataonline.com.br\\\/\",\"name\":\"Ubirat\u00e3 Online Not\u00edcias\",\"description\":\"Not\u00edcias de Ubirat\u00e3, regi\u00e3o, Brasil e mundo, com informa\u00e7\u00e3o atualizada e compromisso com o leitor.\",\"publisher\":{\"@id\":\"https:\\\/\\\/ubirataonline.com.br\\\/#organization\"},\"alternateName\":\"Ubirat\u00e3 Online\",\"potentialAction\":[{\"@type\":\"SearchAction\",\"target\":{\"@type\":\"EntryPoint\",\"urlTemplate\":\"https:\\\/\\\/ubirataonline.com.br\\\/?s={search_term_string}\"},\"query-input\":{\"@type\":\"PropertyValueSpecification\",\"valueRequired\":true,\"valueName\":\"search_term_string\"}}],\"inLanguage\":\"en-US\"},{\"@type\":[\"Organization\",\"Place\"],\"@id\":\"https:\\\/\\\/ubirataonline.com.br\\\/#organization\",\"name\":\"Ubirat\u00e3 Online Not\u00edcias\",\"alternateName\":\"Ubirat\u00e3 Online\",\"url\":\"https:\\\/\\\/ubirataonline.com.br\\\/\",\"logo\":{\"@id\":\"https:\\\/\\\/ubirataonline.com.br\\\/parana-adere-a-programa-federal-para-reduzir-carga-tributaria-sobre-oleo-diesel\\\/#local-main-organization-logo\"},\"image\":{\"@id\":\"https:\\\/\\\/ubirataonline.com.br\\\/parana-adere-a-programa-federal-para-reduzir-carga-tributaria-sobre-oleo-diesel\\\/#local-main-organization-logo\"},\"sameAs\":[\"https:\\\/\\\/www.facebook.com\\\/portalubirataonline\",\"https:\\\/\\\/x.com\\\/ubirataonline\",\"https:\\\/\\\/mastodon.social\\\/@ubirataonline\",\"https:\\\/\\\/www.facebook.com\\\/groups\\\/311144672285604\",\"https:\\\/\\\/www.facebook.com\\\/UBTAOnline\",\"https:\\\/\\\/www.instagram.com\\\/portalubirataonline\\\/\",\"https:\\\/\\\/twitter.com\\\/ubirataonline\"],\"description\":\"Somos um portal de not\u00edcias independente, criado em 5 de janeiro de 2009, com o objetivo de informar, conectar e valorizar a nossa comunidade de Ubirat\u00e3 e toda aregi\u00e3o. Com conte\u00fado atualizado, confi\u00e1vel e relevante, o Ubirat\u00e3 Online \u00e9 o seu espa\u00e7o para ficar por dentro dos principais acontecimentos locais, regionais, Brasil, Mundo e de interesse geral. Nosso compromisso \u00e9 com a verdade, a transpar\u00eancia e o respeito ao leitor.\",\"legalName\":\"UBIRATA ONLINE NOT\u00cdCIAS\",\"foundingDate\":\"2009-01-05\",\"numberOfEmployees\":{\"@type\":\"QuantitativeValue\",\"minValue\":\"1\",\"maxValue\":\"10\"},\"publishingPrinciples\":\"https:\\\/\\\/ubirataonline.com.br\\\/faq\\\/\",\"address\":{\"@id\":\"https:\\\/\\\/ubirataonline.com.br\\\/parana-adere-a-programa-federal-para-reduzir-carga-tributaria-sobre-oleo-diesel\\\/#local-main-place-address\"},\"geo\":{\"@type\":\"GeoCoordinates\",\"latitude\":\"-24.5361401\",\"longitude\":\"-52.9921776\"},\"telephone\":[\"+5544998308235\"],\"contactPoint\":{\"@type\":\"ContactPoint\",\"email\":\"contato@ubirataonline.com.br\"},\"openingHoursSpecification\":{\"@type\":\"OpeningHoursSpecification\",\"dayOfWeek\":[\"Monday\",\"Tuesday\",\"Wednesday\",\"Thursday\",\"Friday\",\"Saturday\",\"Sunday\"],\"opens\":\"00:00\",\"closes\":\"23:59\"},\"email\":\"contato@ubirataonline.com.br\",\"vatID\":\"47.621.418\\\/0001-80\"},{\"@type\":\"Person\",\"@id\":\"https:\\\/\\\/ubirataonline.com.br\\\/#\\\/schema\\\/person\\\/372f87bbd3fdd79b8556b84c98d0bc1c\",\"name\":\"REDA\u00c7\u00c3O: UBIRAT\u00c3 ONLINE - F\u00c1BIO AUGUSTO CELESTINO\",\"pronouns\":\"Ele\",\"description\":\"Desde 2003 trabalhando com not\u00edcias.\",\"sameAs\":[\"http:\\\/\\\/ubirataoline.com.br\",\"https:\\\/\\\/www.facebook.com\\\/portalubirataonline\",\"https:\\\/\\\/www.instagram.com\\\/ubirataonline_oficial\",\"https:\\\/\\\/x.com\\\/x.com\\\/ubirataonline\"],\"honorificPrefix\":\"Mr.\",\"honorificSuffix\":\"MD\",\"birthDate\":\"1980-06-16\",\"gender\":\"masculino\",\"award\":[\"V\u00e1rios pr\u00eamios de melhor portal da cidade\"],\"jobTitle\":\"Diretor\",\"url\":\"https:\\\/\\\/ubirataonline.com.br\\\/en\\\/author\\\/ubirataonline\\\/\"},{\"@type\":\"PostalAddress\",\"@id\":\"https:\\\/\\\/ubirataonline.com.br\\\/parana-adere-a-programa-federal-para-reduzir-carga-tributaria-sobre-oleo-diesel\\\/#local-main-place-address\",\"streetAddress\":\"Rua dos Coqueiros, 104 - Bairro Boa Vista, Rua dos Coqueiros, 104 Bairro Boa Vista\",\"addressLocality\":\"UBIRATA\",\"postalCode\":\"85440-000\",\"addressRegion\":\"PR\",\"addressCountry\":\"BR\"},{\"@type\":\"ImageObject\",\"inLanguage\":\"en-US\",\"@id\":\"https:\\\/\\\/ubirataonline.com.br\\\/parana-adere-a-programa-federal-para-reduzir-carga-tributaria-sobre-oleo-diesel\\\/#local-main-organization-logo\",\"url\":\"https:\\\/\\\/ubirataonline.com.br\\\/wp-content\\\/uploads\\\/2026\\\/06\\\/logoubirataonline-1.webp\",\"contentUrl\":\"https:\\\/\\\/ubirataonline.com.br\\\/wp-content\\\/uploads\\\/2026\\\/06\\\/logoubirataonline-1.webp\",\"width\":500,\"height\":500,\"caption\":\"Ubirat\u00e3 Online Not\u00edcias\"}]}<\/script>\n<meta name=\"geo.placename\" content=\"UBIRATA\" \/>\n<meta name=\"geo.position\" content=\"-24.5361401;-52.9921776\" \/>\n<meta name=\"geo.region\" content=\"Brazil\" \/>\n<!-- \/ Yoast SEO Premium plugin. -->","yoast_head_json":{"title":"Paran\u00e1 adere a programa federal para reduzir carga tribut\u00e1ria sobre \u00f3leo diesel - Ubirat\u00e3 Online Not\u00edcias - A realidade ao seu alcance!","description":"O Governo do Paran\u00e1 anunciou a ades\u00e3o ao programa federal que prev\u00ea a redu\u00e7\u00e3o da carga tribut\u00e1ria sobre o \u00f3leo diesel, em uma iniciativa que busca","robots":{"index":"index","follow":"follow","max-snippet":"max-snippet:-1","max-image-preview":"max-image-preview:large","max-video-preview":"max-video-preview:-1"},"canonical":"https:\/\/ubirataonline.com.br\/en\/parana-adere-a-programa-federal-para-reduzir-carga-tributaria-sobre-oleo-diesel\/","og_locale":"en_US","og_type":"article","og_title":"Paran\u00e1 adere a programa federal para reduzir carga tribut\u00e1ria sobre \u00f3leo diesel","og_description":"O Governo do Paran\u00e1 anunciou a ades\u00e3o ao programa federal que prev\u00ea a redu\u00e7\u00e3o da carga tribut\u00e1ria sobre o \u00f3leo diesel, em uma iniciativa que busca","og_url":"https:\/\/ubirataonline.com.br\/en\/parana-adere-a-programa-federal-para-reduzir-carga-tributaria-sobre-oleo-diesel\/","og_site_name":"Ubirat\u00e3 Online Not\u00edcias - A realidade ao seu alcance!","article_publisher":"https:\/\/www.facebook.com\/portalubirataonline","article_author":"https:\/\/www.facebook.com\/portalubirataonline","article_published_time":"2026-03-31T14:30:53+00:00","article_modified_time":"2026-03-31T14:30:56+00:00","og_image":[{"width":1600,"height":800,"url":"https:\/\/ubirataonline.com.br\/wp-content\/uploads\/2026\/03\/Parana-adere-a-programa-federal-para-reduzir-carga-tributaria-sobre.jpg","type":"image\/jpeg"}],"author":"REDA\u00c7\u00c3O: UBIRAT\u00c3 ONLINE - F\u00c1BIO AUGUSTO CELESTINO","twitter_card":"summary_large_image","twitter_creator":"@x.com\/ubirataonline","twitter_site":"@ubirataonline","twitter_misc":{"Written by":"REDA\u00c7\u00c3O: UBIRAT\u00c3 ONLINE - F\u00c1BIO AUGUSTO CELESTINO","Est. reading time":"2 minutes"},"schema":{"@context":"https:\/\/schema.org","@graph":[{"@type":"NewsArticle","@id":"https:\/\/ubirataonline.com.br\/parana-adere-a-programa-federal-para-reduzir-carga-tributaria-sobre-oleo-diesel\/#article","isPartOf":{"@id":"https:\/\/ubirataonline.com.br\/parana-adere-a-programa-federal-para-reduzir-carga-tributaria-sobre-oleo-diesel\/"},"author":{"name":"REDA\u00c7\u00c3O: UBIRAT\u00c3 ONLINE - F\u00c1BIO AUGUSTO CELESTINO","@id":"https:\/\/ubirataonline.com.br\/#\/schema\/person\/372f87bbd3fdd79b8556b84c98d0bc1c"},"headline":"Paran\u00e1 adere a programa federal para reduzir carga tribut\u00e1ria sobre \u00f3leo diesel","datePublished":"2026-03-31T14:30:53+00:00","dateModified":"2026-03-31T14:30:56+00:00","mainEntityOfPage":{"@id":"https:\/\/ubirataonline.com.br\/parana-adere-a-programa-federal-para-reduzir-carga-tributaria-sobre-oleo-diesel\/"},"wordCount":386,"publisher":{"@id":"https:\/\/ubirataonline.com.br\/#organization"},"image":{"@id":"https:\/\/ubirataonline.com.br\/parana-adere-a-programa-federal-para-reduzir-carga-tributaria-sobre-oleo-diesel\/#primaryimage"},"thumbnailUrl":"https:\/\/ubirataonline.com.br\/wp-content\/uploads\/2026\/03\/Parana-adere-a-programa-federal-para-reduzir-carga-tributaria-sobre.jpg","keywords":["adere","carga","diesel","Federal","\u00f3leo","para","paran\u00e1","programa","reduzir","sobre","tribut\u00e1ria"],"articleSection":["Ubirat\u00e3"],"inLanguage":"en-US","copyrightYear":"2026","copyrightHolder":{"@id":"https:\/\/ubirataonline.com.br\/en\/#organization"}},{"@type":"WebPage","@id":"https:\/\/ubirataonline.com.br\/parana-adere-a-programa-federal-para-reduzir-carga-tributaria-sobre-oleo-diesel\/","url":"https:\/\/ubirataonline.com.br\/parana-adere-a-programa-federal-para-reduzir-carga-tributaria-sobre-oleo-diesel\/","name":"Paran\u00e1 adere a programa federal para reduzir carga tribut\u00e1ria sobre \u00f3leo diesel - Ubirat\u00e3 Online Not\u00edcias - A realidade ao seu alcance!","isPartOf":{"@id":"https:\/\/ubirataonline.com.br\/#website"},"primaryImageOfPage":{"@id":"https:\/\/ubirataonline.com.br\/parana-adere-a-programa-federal-para-reduzir-carga-tributaria-sobre-oleo-diesel\/#primaryimage"},"image":{"@id":"https:\/\/ubirataonline.com.br\/parana-adere-a-programa-federal-para-reduzir-carga-tributaria-sobre-oleo-diesel\/#primaryimage"},"thumbnailUrl":"https:\/\/ubirataonline.com.br\/wp-content\/uploads\/2026\/03\/Parana-adere-a-programa-federal-para-reduzir-carga-tributaria-sobre.jpg","datePublished":"2026-03-31T14:30:53+00:00","dateModified":"2026-03-31T14:30:56+00:00","description":"O Governo do Paran\u00e1 anunciou a ades\u00e3o ao programa federal que prev\u00ea a redu\u00e7\u00e3o da carga tribut\u00e1ria sobre o \u00f3leo diesel, em uma iniciativa que busca","breadcrumb":{"@id":"https:\/\/ubirataonline.com.br\/parana-adere-a-programa-federal-para-reduzir-carga-tributaria-sobre-oleo-diesel\/#breadcrumb"},"inLanguage":"en-US","potentialAction":[{"@type":"ReadAction","target":["https:\/\/ubirataonline.com.br\/parana-adere-a-programa-federal-para-reduzir-carga-tributaria-sobre-oleo-diesel\/"]}]},{"@type":"ImageObject","inLanguage":"en-US","@id":"https:\/\/ubirataonline.com.br\/parana-adere-a-programa-federal-para-reduzir-carga-tributaria-sobre-oleo-diesel\/#primaryimage","url":"https:\/\/ubirataonline.com.br\/wp-content\/uploads\/2026\/03\/Parana-adere-a-programa-federal-para-reduzir-carga-tributaria-sobre.jpg","contentUrl":"https:\/\/ubirataonline.com.br\/wp-content\/uploads\/2026\/03\/Parana-adere-a-programa-federal-para-reduzir-carga-tributaria-sobre.jpg","width":1600,"height":800,"caption":""},{"@type":"BreadcrumbList","@id":"https:\/\/ubirataonline.com.br\/parana-adere-a-programa-federal-para-reduzir-carga-tributaria-sobre-oleo-diesel\/#breadcrumb","itemListElement":[{"@type":"ListItem","position":1,"name":"In\u00edcio","item":"https:\/\/ubirataonline.com.br\/"},{"@type":"ListItem","position":2,"name":"Paran\u00e1 adere a programa federal para reduzir carga tribut\u00e1ria sobre \u00f3leo diesel"}]},{"@type":"WebSite","@id":"https:\/\/ubirataonline.com.br\/#website","url":"https:\/\/ubirataonline.com.br\/","name":"Ubirat\u00e3 Online Not\u00edcias","description":"Not\u00edcias de Ubirat\u00e3, regi\u00e3o, Brasil e mundo, com informa\u00e7\u00e3o atualizada e compromisso com o leitor.","publisher":{"@id":"https:\/\/ubirataonline.com.br\/#organization"},"alternateName":"Ubirat\u00e3 Online","potentialAction":[{"@type":"SearchAction","target":{"@type":"EntryPoint","urlTemplate":"https:\/\/ubirataonline.com.br\/?s={search_term_string}"},"query-input":{"@type":"PropertyValueSpecification","valueRequired":true,"valueName":"search_term_string"}}],"inLanguage":"en-US"},{"@type":["Organization","Place"],"@id":"https:\/\/ubirataonline.com.br\/#organization","name":"Ubirat\u00e3 Online Not\u00edcias","alternateName":"Ubirat\u00e3 Online","url":"https:\/\/ubirataonline.com.br\/","logo":{"@id":"https:\/\/ubirataonline.com.br\/parana-adere-a-programa-federal-para-reduzir-carga-tributaria-sobre-oleo-diesel\/#local-main-organization-logo"},"image":{"@id":"https:\/\/ubirataonline.com.br\/parana-adere-a-programa-federal-para-reduzir-carga-tributaria-sobre-oleo-diesel\/#local-main-organization-logo"},"sameAs":["https:\/\/www.facebook.com\/portalubirataonline","https:\/\/x.com\/ubirataonline","https:\/\/mastodon.social\/@ubirataonline","https:\/\/www.facebook.com\/groups\/311144672285604","https:\/\/www.facebook.com\/UBTAOnline","https:\/\/www.instagram.com\/portalubirataonline\/","https:\/\/twitter.com\/ubirataonline"],"description":"Somos um portal de not\u00edcias independente, criado em 5 de janeiro de 2009, com o objetivo de informar, conectar e valorizar a nossa comunidade de Ubirat\u00e3 e toda aregi\u00e3o. Com conte\u00fado atualizado, confi\u00e1vel e relevante, o Ubirat\u00e3 Online \u00e9 o seu espa\u00e7o para ficar por dentro dos principais acontecimentos locais, regionais, Brasil, Mundo e de interesse geral. Nosso compromisso \u00e9 com a verdade, a transpar\u00eancia e o respeito ao leitor.","legalName":"UBIRATA ONLINE NOT\u00cdCIAS","foundingDate":"2009-01-05","numberOfEmployees":{"@type":"QuantitativeValue","minValue":"1","maxValue":"10"},"publishingPrinciples":"https:\/\/ubirataonline.com.br\/faq\/","address":{"@id":"https:\/\/ubirataonline.com.br\/parana-adere-a-programa-federal-para-reduzir-carga-tributaria-sobre-oleo-diesel\/#local-main-place-address"},"geo":{"@type":"GeoCoordinates","latitude":"-24.5361401","longitude":"-52.9921776"},"telephone":["+5544998308235"],"contactPoint":{"@type":"ContactPoint","email":"contato@ubirataonline.com.br"},"openingHoursSpecification":{"@type":"OpeningHoursSpecification","dayOfWeek":["Monday","Tuesday","Wednesday","Thursday","Friday","Saturday","Sunday"],"opens":"00:00","closes":"23:59"},"email":"contato@ubirataonline.com.br","vatID":"47.621.418\/0001-80"},{"@type":"Person","@id":"https:\/\/ubirataonline.com.br\/#\/schema\/person\/372f87bbd3fdd79b8556b84c98d0bc1c","name":"REDA\u00c7\u00c3O: UBIRAT\u00c3 ONLINE - F\u00c1BIO AUGUSTO CELESTINO","pronouns":"Ele","description":"Desde 2003 trabalhando com not\u00edcias.","sameAs":["http:\/\/ubirataoline.com.br","https:\/\/www.facebook.com\/portalubirataonline","https:\/\/www.instagram.com\/ubirataonline_oficial","https:\/\/x.com\/x.com\/ubirataonline"],"honorificPrefix":"Mr.","honorificSuffix":"MD","birthDate":"1980-06-16","gender":"masculino","award":["V\u00e1rios pr\u00eamios de melhor portal da cidade"],"jobTitle":"Diretor","url":"https:\/\/ubirataonline.com.br\/en\/author\/ubirataonline\/"},{"@type":"PostalAddress","@id":"https:\/\/ubirataonline.com.br\/parana-adere-a-programa-federal-para-reduzir-carga-tributaria-sobre-oleo-diesel\/#local-main-place-address","streetAddress":"Rua dos Coqueiros, 104 - Bairro Boa Vista, Rua dos Coqueiros, 104 Bairro Boa Vista","addressLocality":"UBIRATA","postalCode":"85440-000","addressRegion":"PR","addressCountry":"BR"},{"@type":"ImageObject","inLanguage":"en-US","@id":"https:\/\/ubirataonline.com.br\/parana-adere-a-programa-federal-para-reduzir-carga-tributaria-sobre-oleo-diesel\/#local-main-organization-logo","url":"https:\/\/ubirataonline.com.br\/wp-content\/uploads\/2026\/06\/logoubirataonline-1.webp","contentUrl":"https:\/\/ubirataonline.com.br\/wp-content\/uploads\/2026\/06\/logoubirataonline-1.webp","width":500,"height":500,"caption":"Ubirat\u00e3 Online Not\u00edcias"}]},"geo.placename":"UBIRATA","geo.position":{"lat":"-24.5361401","long":"-52.9921776"},"geo.region":"Brazil"},"_links":{"self":[{"href":"https:\/\/ubirataonline.com.br\/en\/wp-json\/wp\/v2\/posts\/98464","targetHints":{"allow":["GET"]}}],"collection":[{"href":"https:\/\/ubirataonline.com.br\/en\/wp-json\/wp\/v2\/posts"}],"about":[{"href":"https:\/\/ubirataonline.com.br\/en\/wp-json\/wp\/v2\/types\/post"}],"author":[{"embeddable":true,"href":"https:\/\/ubirataonline.com.br\/en\/wp-json\/wp\/v2\/users\/1"}],"replies":[{"embeddable":true,"href":"https:\/\/ubirataonline.com.br\/en\/wp-json\/wp\/v2\/comments?post=98464"}],"version-history":[{"count":0,"href":"https:\/\/ubirataonline.com.br\/en\/wp-json\/wp\/v2\/posts\/98464\/revisions"}],"wp:featuredmedia":[{"embeddable":true,"href":"https:\/\/ubirataonline.com.br\/en\/wp-json\/wp\/v2\/media\/98465"}],"wp:attachment":[{"href":"https:\/\/ubirataonline.com.br\/en\/wp-json\/wp\/v2\/media?parent=98464"}],"wp:term":[{"taxonomy":"category","embeddable":true,"href":"https:\/\/ubirataonline.com.br\/en\/wp-json\/wp\/v2\/categories?post=98464"},{"taxonomy":"post_tag","embeddable":true,"href":"https:\/\/ubirataonline.com.br\/en\/wp-json\/wp\/v2\/tags?post=98464"}],"curies":[{"name":"wp","href":"https:\/\/api.w.org\/{rel}","templated":true}]}}