{"id":98473,"date":"2026-03-31T12:46:48","date_gmt":"2026-03-31T15:46:48","guid":{"rendered":"https:\/\/ubirataonline.com.br\/ingressos-a-venda-a-partir-desta-terca\/"},"modified":"2026-03-31T12:46:50","modified_gmt":"2026-03-31T15:46:50","slug":"ingressos-a-venda-a-partir-desta-terca","status":"publish","type":"post","link":"https:\/\/ubirataonline.com.br\/en\/ingressos-a-venda-a-partir-desta-terca\/","title":{"rendered":"ingressos \u00e0 venda a partir desta ter\u00e7a"},"content":{"rendered":"<p><\/p>\n<div id=\"post-content\">\n<p>O espet\u00e1culo \u201cAlegr\u00eda \u2013 Um Novo Dia\u201d, do renomado <strong>Cirque du Soleil<\/strong>, chega a Curitiba em novembro de 2026. A partir desta ter\u00e7a-feira (31\/03), os ingressos estar\u00e3o dispon\u00edveis para venda no<strong> P\u00e1tio Batel<\/strong>, \u00fanico ponto f\u00edsico de vendas na capital, al\u00e9m da <a href=\"https:\/\/www.eventim.com.br\/campaign\/cirquealegria\">plataforma online Eventim<\/a>.<\/p>\n<p>Uma <strong>vantagem exclusiva<\/strong> para quem adquirir os ingressos diretamente na bilheteria do P\u00e1tio Batel \u00e9 a <strong>isen\u00e7\u00e3o da taxa de conveni\u00eancia de 20% sobre o valor total<\/strong>. O shopping oferece atendimento dedicado todos os dias, em hor\u00e1rio comercial, facilitando o acesso dos curitibanos a este espet\u00e1culo de classe mundial.<\/p>\n<p>\u201c<strong>Alegr\u00eda \u2013 Um Novo Dia<\/strong>\u201d \u00e9 uma releitura de um dos mais ic\u00f4nicos espet\u00e1culos do Cirque du Soleil, originalmente apresentado entre 1994 e 2013. A nova vers\u00e3o mant\u00e9m elementos cl\u00e1ssicos como a trilha sonora e a ambienta\u00e7\u00e3o barroca, enquanto atualiza a narrativa e a est\u00e9tica para o p\u00fablico contempor\u00e2neo.<\/p>\n<p>O elenco conta com 54 artistas internacionais que combinam acrobacias impressionantes, m\u00fasica ao vivo e figurinos \u00fanicos para contar a hist\u00f3ria de um reino em transforma\u00e7\u00e3o. A trama explora o embate entre tradi\u00e7\u00e3o e inova\u00e7\u00e3o, mantendo o estilo caracter\u00edstico que tornou o Cirque du Soleil mundialmente famoso.<\/p>\n<p>As apresenta\u00e7\u00f5es em Curitiba acontecer\u00e3o de 19 de novembro a 13 de dezembro de 2026, no Expotrade. A estrutura especial, conhecida como Grande Tenda, tem capacidade para 2.525 espectadores e oferece uma experi\u00eancia imersiva \u00fanica.<\/p>\n<p><strong>Os ingressos variam de R$ 240 a R$ 1.430<\/strong>, com op\u00e7\u00f5es de meia-entrada dispon\u00edveis. O setor VIP Experience, apresentado pela EQI Investimentos, oferece benef\u00edcios exclusivos como estacionamento, coquetel, assentos privilegiados e brindes especiais.<\/p>\n<h2 class=\"wp-block-heading\" id=\"h-servico\">Servi\u00e7o<\/h2>\n<p><strong>\u201cAlegr\u00eda \u2013 Um Novo Dia\u201d, Cirque du Soleil<br \/><\/strong>Local: Expotrade<br \/>Endere\u00e7o: Rod. Dep. Jo\u00e3o Leopoldo Jacomel, 10454 \u2013 Vila Amelia, Pinhais<\/p>\n<p>Temporada: de 19 de novembro a 13 de dezembro de 2026<br \/>Sess\u00f5es e hor\u00e1rios:<br \/>Quarta e quinta-feira, \u00e0s 21h<br \/>Sexta-feira, \u00e0s 16h e \u00e0s 20h<br \/>S\u00e1bado, \u00e0s 16h e \u00e0s 20h (*h\u00e1 sess\u00e3o extra \u00e0s 12h30 em datas espec\u00edficas)<br \/>Domingo, \u00e0s 15h e \u00e0s 19h<\/p>\n<p>Abertura do local: 30 minutos antes do show<\/p>\n<p>Capacidade: 2.525 lugares<\/p>\n<p>Dura\u00e7\u00e3o: 2h15, com 25 minutos de intervalo<\/p>\n<p>Classifica\u00e7\u00e3o: Livre. Menores de 14 anos de idade somente acompanhados dos pais ou respons\u00e1veis legais. Sujeito \u00e0 altera\u00e7\u00e3o por decis\u00e3o judicial.<\/p>\n<p>Acesso para deficientes: Acesso e assentos dispon\u00edveis.<\/p>\n<p>SETORES E PRE\u00c7OS DE 1\u00ba LOTE *<br \/>VIP EXPERIENCE BY EQI Investimentos: R$ 1.430,00 (inteira) | R$ 960,00 (meia)**<br \/>VIP EXPERIENCE BY EQI Investimentos (vis\u00e3o parcial): R$ 1.430,00 (inteira) | R$ 960,00 (meia)**<br \/>PREMIUM: R$ 940,00 (inteira) | R$ 470,00 (meia)<br \/>PREMIUM (vis\u00e3o parcial): R$ 940,00 (inteira) | R$ 470,00 (meia)<br \/>GOLD: R$ 790,00 (inteira) | R$ 395,00 (meia)<br \/>GOLD (vis\u00e3o parcial): R$ 790,00 (inteira) | R$ 395,00 (meia)<br \/>PLATINUM: R$ 620,00 (inteira) | R$ 310,00 (meia)<br \/>PLATINUM (vis\u00e3o parcial): R$ 620,00 (inteira) | R$ 310,00 (meia)<br \/>SILVER: R$ 480,00 (inteira) | R$ 240,00 (meia)<br \/>SILVER (vis\u00e3o parcial): R$ 480,00 (inteira) | R$ 240,00 (meia)<br \/>Mobilidade reduzida GOLD: R$ 395,00 (meia)<br \/>Mobilidade reduzida SILVER: R$ 240,00 (meia)<br \/>Cadeirante + acompanhante: R$ 240,00 (meia)<\/p>\n<p>(*) 1\u00ba LOTE de ingressos com DISPONIBILIDADE LIMITADA. A virada para o pr\u00f3ximo lote ocorrer\u00e1 automaticamente ap\u00f3s o esgotamento das unidades deste lote.<\/p>\n<p>(**) Neste setor, \u00e9 necess\u00e1rio contratar o servi\u00e7o adicional por R$490,00, al\u00e9m do valor do ingresso (meia-entrada ou inteira), para um n\u00famero limitado de assentos de acordo com disponibilidade no ato da compra. O servi\u00e7o n\u00e3o est\u00e1 sujeito \u00e0 meia-entrada.<\/p>\n<section class=\"virals\">\n<article class=\"cardnews cardnews--post cardnews--has-thumbnail cardnews--editorial-noticias\"> <a href=\"https:\/\/www.tribunapr.com.br\/noticias\/curitiba-regiao\/vereador-perdeu-pia-e-investigado-por-usar-gm-para-se-autopromove?utm_source=noticias-virais-rodape&amp;utm_medium=internal-tribuna&amp;utm_campaign=tribuna\" class=\"cardnews__postlink\"> <\/p>\n<div class=\"cardnews__image\" is-api-thumb=\"\"><\/div>\n<div class=\"cardnews__content cardhome__content\">\n<div class=\"cardnews__content-wrapper\">\n<p> <span style=\"\"> De olho! <\/span> <\/p>\n<p>Vereador Perdeu Pi\u00e1 \u00e9 investigado por usar GM para se autopromover<\/p>\n<\/p><\/div>\n<\/p><\/div>\n<p> <\/a> <\/article>\n<article class=\"cardnews cardnews--post cardnews--has-thumbnail cardnews--editorial-noticias\"> <a href=\"https:\/\/www.tribunapr.com.br\/noticias\/parana\/parana-pode-sentir-efeitos-do-el-nino-a-partir-de-julho-o-que-esperar\/?utm_source=noticias-virais-rodape&amp;utm_medium=internal-tribuna&amp;utm_campaign=tribuna\" class=\"cardnews__postlink\"> <\/p>\n<div class=\"cardnews__image\" is-api-thumb=\"\"><img decoding=\"async\" src=\"https:\/\/www.tribunapr.com.br\/wp-content\/uploads\/2026\/02\/20182305\/chuvas-370x210.jpg\" loading=\"lazy\" alt=\"Paran\u00e1 pode sentir efeitos do El Ni\u00f1o a partir de julho; o que esperar\"\/><\/div>\n<div class=\"cardnews__content cardhome__content\">\n<div class=\"cardnews__content-wrapper\">\n<p> <span style=\"\"> Alerta <\/span> <\/p>\n<p>Paran\u00e1 pode sentir efeitos do El Ni\u00f1o a partir de julho; o que esperar<\/p>\n<\/p><\/div>\n<\/p><\/div>\n<p> <\/a> <\/article>\n<article class=\"cardnews cardnews--post cardnews--has-thumbnail cardnews--editorial-noticias\"> <a href=\"https:\/\/www.tribunapr.com.br\/noticias\/parana\/roteiro-inusitado-parana-coleciona-estatuas-peculiares-pelo-interior\/ C?utm_source=noticias-virais-rodape&amp;utm_medium=internal-tribuna&amp;utm_campaign=tribuna\" class=\"cardnews__postlink\"> <\/p>\n<div class=\"cardnews__image\" is-api-thumb=\"\"><img decoding=\"async\" src=\"https:\/\/www.tribunapr.com.br\/wp-content\/uploads\/2026\/01\/15072039\/falecimentos-em-curitiba-370x210.jpg\" loading=\"lazy\" alt=\"Roteiro inusitado: Paran\u00e1 coleciona est\u00e1tuas peculiares pelo interior \"\/><\/div>\n<div class=\"cardnews__content cardhome__content\">\n<div class=\"cardnews__content-wrapper\">\n<p> <span style=\"\"> Belezas do Paran\u00e1 <\/span> <\/p>\n<p>Roteiro inusitado: Paran\u00e1 coleciona est\u00e1tuas peculiares pelo interior <\/p>\n<\/p><\/div>\n<\/p><\/div>\n<p> <\/a> <\/article>\n<\/section>\n<div id=\"tribuna-follow-cta\">\n<p> <span class=\"cta-title\">Siga a <span class=\"tribuna-color\">Tribuna<\/span> no Google, e acompanhe as \u00faltimas not\u00edcias de Curitiba e regi\u00e3o!<\/span> <\/p>\n<p> <a href=\"https:\/\/profile.google.com\/cp\/CgwvZy8xMmxxajUzM3Mac2h0dHBzOi8vd3d3LnRyaWJ1bmFwci5jb20uYnIvdml2YS92aXRyaW5lL2dpZ2FudGUtZG8tdmVzdHVhcmlvLXJlaW5hdWd1cmEtbG9qYS1lbS1zaG9wcGluZy10cmFkaWNpb25hbC1kZS1jdXJpdGliYS8iElRyaWJ1bmEgZG8gUGFyYW7DoSqAAwrHAWh0dHBzOi8vZW5jcnlwdGVkLXRibjIuZ3N0YXRpYy5jb20vZmF2aWNvbi10Ym4_cT10Ym46QU5kOUdjUVJPbjVDRjR6TzJPbkUwTXZrRlRCRTY2U0g1bGlaVDRaZTV3bWNKeU5GRm1BSnluM01nNU9PR3BXY1pYMzZwYU5HUWtsZ09JVEFLTTNNZVNGbTc1aWp6M3k2ajUtQ3M2b25kX2JUcFFQQkVLd3RsUjBsTmJESnUtVHhrNXQtbFlCNlVpOWZSVVFjT2cSswFodHRwczovL2VuY3J5cHRlZC10Ym4zLmdzdGF0aWMuY29tL2Zhdmljb24tdGJuP3E9dGJuJTNBQU5kOUdjU0FMaWJ2eFF0YXdFMFRueVdWWmVKRS1MZEdRZjVTUi1OZ2RMazhyZzIwVy1nM0JuQ1F4VDNKZFBjRXR2THdBeVRxUDJEdHVycEdVR29CQkxpYzM5al9wSmFxRERaMHNCYW05WEVhSGVsMmZTQmdKdlF4WWVyMw\" target=\"_blank\" title=\"Seguir a Tribuna no Google\">  <\/a> <\/div>\n<\/p><\/div>\n<p><a href=\"https:\/\/www.tribunapr.com.br\/viva\/cirque-du-soleil-em-curitiba-ingressos-a-venda-a-partir-desta-terca\/\">Fonte do Artigo <\/a><\/p>","protected":false},"excerpt":{"rendered":"<p>O espet\u00e1culo \u201cAlegr\u00eda \u2013 Um Novo Dia\u201d, do renomado Cirque du Soleil, chega a Curitiba em novembro de 2026. A partir desta ter\u00e7a-feira (31\/03), os ingressos estar\u00e3o dispon\u00edveis para venda no P\u00e1tio Batel, \u00fanico ponto f\u00edsico de vendas na capital, al\u00e9m da plataforma online Eventim. Uma vantagem exclusiva para quem adquirir os ingressos diretamente na [&hellip;]<\/p>\n","protected":false},"author":1,"featured_media":98474,"comment_status":"closed","ping_status":"","sticky":false,"template":"","format":"standard","meta":{"googlesitekit_rrm_CAow2JLhCw:productID":"","_gspb_post_css":"","maa_idioma":"","maa_pais":"","footnotes":""},"categories":[1],"tags":[3469,5967,3056,5744,5968],"class_list":["post-98473","post","type-post","status-publish","format-standard","has-post-thumbnail","hentry","category-ubirata","tag-desta","tag-ingressos","tag-partir","tag-terca","tag-venda"],"blocksy_meta":[],"yoast_head":"<!-- This site is optimized with the Yoast SEO Premium plugin v27.6 (Yoast SEO v27.6) - https:\/\/yoast.com\/product\/yoast-seo-premium-wordpress\/ -->\n<title>ingressos \u00e0 venda a partir desta ter\u00e7a - Ubirat\u00e3 Online Not\u00edcias - A realidade ao seu alcance!<\/title>\n<meta name=\"description\" content=\"O espet\u00e1culo \u201cAlegr\u00eda \u2013 Um Novo Dia\u201d, do renomado Cirque du Soleil, chega a Curitiba em novembro de 2026. A partir desta ter\u00e7a-feira (31\/03), os ingressos\" \/>\n<meta name=\"robots\" content=\"index, follow, max-snippet:-1, max-image-preview:large, max-video-preview:-1\" \/>\n<link rel=\"canonical\" href=\"https:\/\/ubirataonline.com.br\/en\/ingressos-a-venda-a-partir-desta-terca\/\" \/>\n<meta property=\"og:locale\" content=\"en_US\" \/>\n<meta property=\"og:type\" content=\"article\" \/>\n<meta property=\"og:title\" content=\"ingressos \u00e0 venda a partir desta ter\u00e7a\" \/>\n<meta property=\"og:description\" content=\"O espet\u00e1culo \u201cAlegr\u00eda \u2013 Um Novo Dia\u201d, do renomado Cirque du Soleil, chega a Curitiba em novembro de 2026. A partir desta ter\u00e7a-feira (31\/03), os ingressos\" \/>\n<meta property=\"og:url\" content=\"https:\/\/ubirataonline.com.br\/en\/ingressos-a-venda-a-partir-desta-terca\/\" \/>\n<meta property=\"og:site_name\" content=\"Ubirat\u00e3 Online Not\u00edcias - A realidade ao seu alcance!\" \/>\n<meta property=\"article:publisher\" content=\"https:\/\/www.facebook.com\/portalubirataonline\" \/>\n<meta property=\"article:author\" content=\"https:\/\/www.facebook.com\/portalubirataonline\" \/>\n<meta property=\"article:published_time\" content=\"2026-03-31T15:46:48+00:00\" \/>\n<meta property=\"article:modified_time\" content=\"2026-03-31T15:46:50+00:00\" \/>\n<meta property=\"og:image\" content=\"https:\/\/ubirataonline.com.br\/wp-content\/uploads\/2026\/03\/ingressos-a-venda-a-partir-desta-terca.jpeg\" \/>\n\t<meta property=\"og:image:width\" content=\"1600\" \/>\n\t<meta property=\"og:image:height\" content=\"1066\" \/>\n\t<meta property=\"og:image:type\" content=\"image\/jpeg\" \/>\n<meta name=\"author\" content=\"REDA\u00c7\u00c3O: UBIRAT\u00c3 ONLINE - F\u00c1BIO AUGUSTO CELESTINO\" \/>\n<meta name=\"twitter:card\" content=\"summary_large_image\" \/>\n<meta name=\"twitter:creator\" content=\"@x.com\/ubirataonline\" \/>\n<meta name=\"twitter:site\" content=\"@ubirataonline\" \/>\n<meta name=\"twitter:label1\" content=\"Written by\" \/>\n\t<meta name=\"twitter:data1\" content=\"REDA\u00c7\u00c3O: UBIRAT\u00c3 ONLINE - F\u00c1BIO AUGUSTO CELESTINO\" \/>\n\t<meta name=\"twitter:label2\" content=\"Est. reading time\" \/>\n\t<meta name=\"twitter:data2\" content=\"3 minutes\" \/>\n<script type=\"application\/ld+json\" class=\"yoast-schema-graph\">{\"@context\":\"https:\\\/\\\/schema.org\",\"@graph\":[{\"@type\":\"NewsArticle\",\"@id\":\"https:\\\/\\\/ubirataonline.com.br\\\/ingressos-a-venda-a-partir-desta-terca\\\/#article\",\"isPartOf\":{\"@id\":\"https:\\\/\\\/ubirataonline.com.br\\\/ingressos-a-venda-a-partir-desta-terca\\\/\"},\"author\":{\"name\":\"REDA\u00c7\u00c3O: UBIRAT\u00c3 ONLINE - F\u00c1BIO AUGUSTO CELESTINO\",\"@id\":\"https:\\\/\\\/ubirataonline.com.br\\\/#\\\/schema\\\/person\\\/372f87bbd3fdd79b8556b84c98d0bc1c\"},\"headline\":\"ingressos \u00e0 venda a partir desta ter\u00e7a\",\"datePublished\":\"2026-03-31T15:46:48+00:00\",\"dateModified\":\"2026-03-31T15:46:50+00:00\",\"mainEntityOfPage\":{\"@id\":\"https:\\\/\\\/ubirataonline.com.br\\\/ingressos-a-venda-a-partir-desta-terca\\\/\"},\"wordCount\":616,\"publisher\":{\"@id\":\"https:\\\/\\\/ubirataonline.com.br\\\/#organization\"},\"image\":{\"@id\":\"https:\\\/\\\/ubirataonline.com.br\\\/ingressos-a-venda-a-partir-desta-terca\\\/#primaryimage\"},\"thumbnailUrl\":\"https:\\\/\\\/ubirataonline.com.br\\\/wp-content\\\/uploads\\\/2026\\\/03\\\/ingressos-a-venda-a-partir-desta-terca.jpeg\",\"keywords\":[\"desta\",\"ingressos\",\"Partir\",\"ter\u00e7a\",\"venda\"],\"articleSection\":[\"Ubirat\u00e3\"],\"inLanguage\":\"en-US\",\"copyrightYear\":\"2026\",\"copyrightHolder\":{\"@id\":\"https:\\\/\\\/ubirataonline.com.br\\\/en\\\/#organization\"}},{\"@type\":\"WebPage\",\"@id\":\"https:\\\/\\\/ubirataonline.com.br\\\/ingressos-a-venda-a-partir-desta-terca\\\/\",\"url\":\"https:\\\/\\\/ubirataonline.com.br\\\/ingressos-a-venda-a-partir-desta-terca\\\/\",\"name\":\"ingressos \u00e0 venda a partir desta ter\u00e7a - Ubirat\u00e3 Online Not\u00edcias - A realidade ao seu alcance!\",\"isPartOf\":{\"@id\":\"https:\\\/\\\/ubirataonline.com.br\\\/#website\"},\"primaryImageOfPage\":{\"@id\":\"https:\\\/\\\/ubirataonline.com.br\\\/ingressos-a-venda-a-partir-desta-terca\\\/#primaryimage\"},\"image\":{\"@id\":\"https:\\\/\\\/ubirataonline.com.br\\\/ingressos-a-venda-a-partir-desta-terca\\\/#primaryimage\"},\"thumbnailUrl\":\"https:\\\/\\\/ubirataonline.com.br\\\/wp-content\\\/uploads\\\/2026\\\/03\\\/ingressos-a-venda-a-partir-desta-terca.jpeg\",\"datePublished\":\"2026-03-31T15:46:48+00:00\",\"dateModified\":\"2026-03-31T15:46:50+00:00\",\"description\":\"O espet\u00e1culo \u201cAlegr\u00eda \u2013 Um Novo Dia\u201d, do renomado Cirque du Soleil, chega a Curitiba em novembro de 2026. A partir desta ter\u00e7a-feira (31\\\/03), os ingressos\",\"breadcrumb\":{\"@id\":\"https:\\\/\\\/ubirataonline.com.br\\\/ingressos-a-venda-a-partir-desta-terca\\\/#breadcrumb\"},\"inLanguage\":\"en-US\",\"potentialAction\":[{\"@type\":\"ReadAction\",\"target\":[\"https:\\\/\\\/ubirataonline.com.br\\\/ingressos-a-venda-a-partir-desta-terca\\\/\"]}]},{\"@type\":\"ImageObject\",\"inLanguage\":\"en-US\",\"@id\":\"https:\\\/\\\/ubirataonline.com.br\\\/ingressos-a-venda-a-partir-desta-terca\\\/#primaryimage\",\"url\":\"https:\\\/\\\/ubirataonline.com.br\\\/wp-content\\\/uploads\\\/2026\\\/03\\\/ingressos-a-venda-a-partir-desta-terca.jpeg\",\"contentUrl\":\"https:\\\/\\\/ubirataonline.com.br\\\/wp-content\\\/uploads\\\/2026\\\/03\\\/ingressos-a-venda-a-partir-desta-terca.jpeg\",\"width\":1600,\"height\":1066,\"caption\":\"Foto: P\u00e1tio Batel Content Lab.\"},{\"@type\":\"BreadcrumbList\",\"@id\":\"https:\\\/\\\/ubirataonline.com.br\\\/ingressos-a-venda-a-partir-desta-terca\\\/#breadcrumb\",\"itemListElement\":[{\"@type\":\"ListItem\",\"position\":1,\"name\":\"In\u00edcio\",\"item\":\"https:\\\/\\\/ubirataonline.com.br\\\/\"},{\"@type\":\"ListItem\",\"position\":2,\"name\":\"ingressos \u00e0 venda a partir desta ter\u00e7a\"}]},{\"@type\":\"WebSite\",\"@id\":\"https:\\\/\\\/ubirataonline.com.br\\\/#website\",\"url\":\"https:\\\/\\\/ubirataonline.com.br\\\/\",\"name\":\"Ubirat\u00e3 Online Not\u00edcias\",\"description\":\"Not\u00edcias de Ubirat\u00e3, regi\u00e3o, Brasil e mundo, com informa\u00e7\u00e3o atualizada e compromisso com o leitor.\",\"publisher\":{\"@id\":\"https:\\\/\\\/ubirataonline.com.br\\\/#organization\"},\"alternateName\":\"Ubirat\u00e3 Online\",\"potentialAction\":[{\"@type\":\"SearchAction\",\"target\":{\"@type\":\"EntryPoint\",\"urlTemplate\":\"https:\\\/\\\/ubirataonline.com.br\\\/?s={search_term_string}\"},\"query-input\":{\"@type\":\"PropertyValueSpecification\",\"valueRequired\":true,\"valueName\":\"search_term_string\"}}],\"inLanguage\":\"en-US\"},{\"@type\":[\"Organization\",\"Place\"],\"@id\":\"https:\\\/\\\/ubirataonline.com.br\\\/#organization\",\"name\":\"Ubirat\u00e3 Online Not\u00edcias\",\"alternateName\":\"Ubirat\u00e3 Online\",\"url\":\"https:\\\/\\\/ubirataonline.com.br\\\/\",\"logo\":{\"@id\":\"https:\\\/\\\/ubirataonline.com.br\\\/ingressos-a-venda-a-partir-desta-terca\\\/#local-main-organization-logo\"},\"image\":{\"@id\":\"https:\\\/\\\/ubirataonline.com.br\\\/ingressos-a-venda-a-partir-desta-terca\\\/#local-main-organization-logo\"},\"sameAs\":[\"https:\\\/\\\/www.facebook.com\\\/portalubirataonline\",\"https:\\\/\\\/x.com\\\/ubirataonline\",\"https:\\\/\\\/mastodon.social\\\/@ubirataonline\",\"https:\\\/\\\/www.facebook.com\\\/groups\\\/311144672285604\",\"https:\\\/\\\/www.facebook.com\\\/UBTAOnline\",\"https:\\\/\\\/www.instagram.com\\\/portalubirataonline\\\/\",\"https:\\\/\\\/twitter.com\\\/ubirataonline\"],\"description\":\"Somos um portal de not\u00edcias independente, criado em 5 de janeiro de 2009, com o objetivo de informar, conectar e valorizar a nossa comunidade de Ubirat\u00e3 e toda aregi\u00e3o. Com conte\u00fado atualizado, confi\u00e1vel e relevante, o Ubirat\u00e3 Online \u00e9 o seu espa\u00e7o para ficar por dentro dos principais acontecimentos locais, regionais, Brasil, Mundo e de interesse geral. Nosso compromisso \u00e9 com a verdade, a transpar\u00eancia e o respeito ao leitor.\",\"legalName\":\"UBIRATA ONLINE NOT\u00cdCIAS\",\"foundingDate\":\"2009-01-05\",\"numberOfEmployees\":{\"@type\":\"QuantitativeValue\",\"minValue\":\"1\",\"maxValue\":\"10\"},\"publishingPrinciples\":\"https:\\\/\\\/ubirataonline.com.br\\\/faq\\\/\",\"address\":{\"@id\":\"https:\\\/\\\/ubirataonline.com.br\\\/ingressos-a-venda-a-partir-desta-terca\\\/#local-main-place-address\"},\"geo\":{\"@type\":\"GeoCoordinates\",\"latitude\":\"-24.5361401\",\"longitude\":\"-52.9921776\"},\"telephone\":[\"+5544998308235\"],\"contactPoint\":{\"@type\":\"ContactPoint\",\"email\":\"contato@ubirataonline.com.br\"},\"openingHoursSpecification\":{\"@type\":\"OpeningHoursSpecification\",\"dayOfWeek\":[\"Monday\",\"Tuesday\",\"Wednesday\",\"Thursday\",\"Friday\",\"Saturday\",\"Sunday\"],\"opens\":\"00:00\",\"closes\":\"23:59\"},\"email\":\"contato@ubirataonline.com.br\",\"vatID\":\"47.621.418\\\/0001-80\"},{\"@type\":\"Person\",\"@id\":\"https:\\\/\\\/ubirataonline.com.br\\\/#\\\/schema\\\/person\\\/372f87bbd3fdd79b8556b84c98d0bc1c\",\"name\":\"REDA\u00c7\u00c3O: UBIRAT\u00c3 ONLINE - F\u00c1BIO AUGUSTO CELESTINO\",\"pronouns\":\"Ele\",\"description\":\"Desde 2003 trabalhando com not\u00edcias.\",\"sameAs\":[\"http:\\\/\\\/ubirataoline.com.br\",\"https:\\\/\\\/www.facebook.com\\\/portalubirataonline\",\"https:\\\/\\\/www.instagram.com\\\/ubirataonline_oficial\",\"https:\\\/\\\/x.com\\\/x.com\\\/ubirataonline\"],\"honorificPrefix\":\"Mr.\",\"honorificSuffix\":\"MD\",\"birthDate\":\"1980-06-16\",\"gender\":\"masculino\",\"award\":[\"V\u00e1rios pr\u00eamios de melhor portal da cidade\"],\"jobTitle\":\"Diretor\",\"url\":\"https:\\\/\\\/ubirataonline.com.br\\\/en\\\/author\\\/ubirataonline\\\/\"},{\"@type\":\"PostalAddress\",\"@id\":\"https:\\\/\\\/ubirataonline.com.br\\\/ingressos-a-venda-a-partir-desta-terca\\\/#local-main-place-address\",\"streetAddress\":\"Rua dos Coqueiros, 104 - Bairro Boa Vista, Rua dos Coqueiros, 104 Bairro Boa Vista\",\"addressLocality\":\"UBIRATA\",\"postalCode\":\"85440-000\",\"addressRegion\":\"PR\",\"addressCountry\":\"BR\"},{\"@type\":\"ImageObject\",\"inLanguage\":\"en-US\",\"@id\":\"https:\\\/\\\/ubirataonline.com.br\\\/ingressos-a-venda-a-partir-desta-terca\\\/#local-main-organization-logo\",\"url\":\"https:\\\/\\\/ubirataonline.com.br\\\/wp-content\\\/uploads\\\/2026\\\/06\\\/logoubirataonline-1.webp\",\"contentUrl\":\"https:\\\/\\\/ubirataonline.com.br\\\/wp-content\\\/uploads\\\/2026\\\/06\\\/logoubirataonline-1.webp\",\"width\":500,\"height\":500,\"caption\":\"Ubirat\u00e3 Online Not\u00edcias\"}]}<\/script>\n<meta name=\"geo.placename\" content=\"UBIRATA\" \/>\n<meta name=\"geo.position\" content=\"-24.5361401;-52.9921776\" \/>\n<meta name=\"geo.region\" content=\"Brazil\" \/>\n<!-- \/ Yoast SEO Premium plugin. -->","yoast_head_json":{"title":"ingressos \u00e0 venda a partir desta ter\u00e7a - Ubirat\u00e3 Online Not\u00edcias - A realidade ao seu alcance!","description":"O espet\u00e1culo \u201cAlegr\u00eda \u2013 Um Novo Dia\u201d, do renomado Cirque du Soleil, chega a Curitiba em novembro de 2026. A partir desta ter\u00e7a-feira (31\/03), os ingressos","robots":{"index":"index","follow":"follow","max-snippet":"max-snippet:-1","max-image-preview":"max-image-preview:large","max-video-preview":"max-video-preview:-1"},"canonical":"https:\/\/ubirataonline.com.br\/en\/ingressos-a-venda-a-partir-desta-terca\/","og_locale":"en_US","og_type":"article","og_title":"ingressos \u00e0 venda a partir desta ter\u00e7a","og_description":"O espet\u00e1culo \u201cAlegr\u00eda \u2013 Um Novo Dia\u201d, do renomado Cirque du Soleil, chega a Curitiba em novembro de 2026. A partir desta ter\u00e7a-feira (31\/03), os ingressos","og_url":"https:\/\/ubirataonline.com.br\/en\/ingressos-a-venda-a-partir-desta-terca\/","og_site_name":"Ubirat\u00e3 Online Not\u00edcias - A realidade ao seu alcance!","article_publisher":"https:\/\/www.facebook.com\/portalubirataonline","article_author":"https:\/\/www.facebook.com\/portalubirataonline","article_published_time":"2026-03-31T15:46:48+00:00","article_modified_time":"2026-03-31T15:46:50+00:00","og_image":[{"width":1600,"height":1066,"url":"https:\/\/ubirataonline.com.br\/wp-content\/uploads\/2026\/03\/ingressos-a-venda-a-partir-desta-terca.jpeg","type":"image\/jpeg"}],"author":"REDA\u00c7\u00c3O: UBIRAT\u00c3 ONLINE - F\u00c1BIO AUGUSTO CELESTINO","twitter_card":"summary_large_image","twitter_creator":"@x.com\/ubirataonline","twitter_site":"@ubirataonline","twitter_misc":{"Written by":"REDA\u00c7\u00c3O: UBIRAT\u00c3 ONLINE - F\u00c1BIO AUGUSTO CELESTINO","Est. reading time":"3 minutes"},"schema":{"@context":"https:\/\/schema.org","@graph":[{"@type":"NewsArticle","@id":"https:\/\/ubirataonline.com.br\/ingressos-a-venda-a-partir-desta-terca\/#article","isPartOf":{"@id":"https:\/\/ubirataonline.com.br\/ingressos-a-venda-a-partir-desta-terca\/"},"author":{"name":"REDA\u00c7\u00c3O: UBIRAT\u00c3 ONLINE - F\u00c1BIO AUGUSTO CELESTINO","@id":"https:\/\/ubirataonline.com.br\/#\/schema\/person\/372f87bbd3fdd79b8556b84c98d0bc1c"},"headline":"ingressos \u00e0 venda a partir desta ter\u00e7a","datePublished":"2026-03-31T15:46:48+00:00","dateModified":"2026-03-31T15:46:50+00:00","mainEntityOfPage":{"@id":"https:\/\/ubirataonline.com.br\/ingressos-a-venda-a-partir-desta-terca\/"},"wordCount":616,"publisher":{"@id":"https:\/\/ubirataonline.com.br\/#organization"},"image":{"@id":"https:\/\/ubirataonline.com.br\/ingressos-a-venda-a-partir-desta-terca\/#primaryimage"},"thumbnailUrl":"https:\/\/ubirataonline.com.br\/wp-content\/uploads\/2026\/03\/ingressos-a-venda-a-partir-desta-terca.jpeg","keywords":["desta","ingressos","Partir","ter\u00e7a","venda"],"articleSection":["Ubirat\u00e3"],"inLanguage":"en-US","copyrightYear":"2026","copyrightHolder":{"@id":"https:\/\/ubirataonline.com.br\/en\/#organization"}},{"@type":"WebPage","@id":"https:\/\/ubirataonline.com.br\/ingressos-a-venda-a-partir-desta-terca\/","url":"https:\/\/ubirataonline.com.br\/ingressos-a-venda-a-partir-desta-terca\/","name":"ingressos \u00e0 venda a partir desta ter\u00e7a - Ubirat\u00e3 Online Not\u00edcias - A realidade ao seu alcance!","isPartOf":{"@id":"https:\/\/ubirataonline.com.br\/#website"},"primaryImageOfPage":{"@id":"https:\/\/ubirataonline.com.br\/ingressos-a-venda-a-partir-desta-terca\/#primaryimage"},"image":{"@id":"https:\/\/ubirataonline.com.br\/ingressos-a-venda-a-partir-desta-terca\/#primaryimage"},"thumbnailUrl":"https:\/\/ubirataonline.com.br\/wp-content\/uploads\/2026\/03\/ingressos-a-venda-a-partir-desta-terca.jpeg","datePublished":"2026-03-31T15:46:48+00:00","dateModified":"2026-03-31T15:46:50+00:00","description":"O espet\u00e1culo \u201cAlegr\u00eda \u2013 Um Novo Dia\u201d, do renomado Cirque du Soleil, chega a Curitiba em novembro de 2026. A partir desta ter\u00e7a-feira (31\/03), os ingressos","breadcrumb":{"@id":"https:\/\/ubirataonline.com.br\/ingressos-a-venda-a-partir-desta-terca\/#breadcrumb"},"inLanguage":"en-US","potentialAction":[{"@type":"ReadAction","target":["https:\/\/ubirataonline.com.br\/ingressos-a-venda-a-partir-desta-terca\/"]}]},{"@type":"ImageObject","inLanguage":"en-US","@id":"https:\/\/ubirataonline.com.br\/ingressos-a-venda-a-partir-desta-terca\/#primaryimage","url":"https:\/\/ubirataonline.com.br\/wp-content\/uploads\/2026\/03\/ingressos-a-venda-a-partir-desta-terca.jpeg","contentUrl":"https:\/\/ubirataonline.com.br\/wp-content\/uploads\/2026\/03\/ingressos-a-venda-a-partir-desta-terca.jpeg","width":1600,"height":1066,"caption":"Foto: P\u00e1tio Batel Content Lab."},{"@type":"BreadcrumbList","@id":"https:\/\/ubirataonline.com.br\/ingressos-a-venda-a-partir-desta-terca\/#breadcrumb","itemListElement":[{"@type":"ListItem","position":1,"name":"In\u00edcio","item":"https:\/\/ubirataonline.com.br\/"},{"@type":"ListItem","position":2,"name":"ingressos \u00e0 venda a partir desta ter\u00e7a"}]},{"@type":"WebSite","@id":"https:\/\/ubirataonline.com.br\/#website","url":"https:\/\/ubirataonline.com.br\/","name":"Ubirat\u00e3 Online Not\u00edcias","description":"Not\u00edcias de Ubirat\u00e3, regi\u00e3o, Brasil e mundo, com informa\u00e7\u00e3o atualizada e compromisso com o leitor.","publisher":{"@id":"https:\/\/ubirataonline.com.br\/#organization"},"alternateName":"Ubirat\u00e3 Online","potentialAction":[{"@type":"SearchAction","target":{"@type":"EntryPoint","urlTemplate":"https:\/\/ubirataonline.com.br\/?s={search_term_string}"},"query-input":{"@type":"PropertyValueSpecification","valueRequired":true,"valueName":"search_term_string"}}],"inLanguage":"en-US"},{"@type":["Organization","Place"],"@id":"https:\/\/ubirataonline.com.br\/#organization","name":"Ubirat\u00e3 Online Not\u00edcias","alternateName":"Ubirat\u00e3 Online","url":"https:\/\/ubirataonline.com.br\/","logo":{"@id":"https:\/\/ubirataonline.com.br\/ingressos-a-venda-a-partir-desta-terca\/#local-main-organization-logo"},"image":{"@id":"https:\/\/ubirataonline.com.br\/ingressos-a-venda-a-partir-desta-terca\/#local-main-organization-logo"},"sameAs":["https:\/\/www.facebook.com\/portalubirataonline","https:\/\/x.com\/ubirataonline","https:\/\/mastodon.social\/@ubirataonline","https:\/\/www.facebook.com\/groups\/311144672285604","https:\/\/www.facebook.com\/UBTAOnline","https:\/\/www.instagram.com\/portalubirataonline\/","https:\/\/twitter.com\/ubirataonline"],"description":"Somos um portal de not\u00edcias independente, criado em 5 de janeiro de 2009, com o objetivo de informar, conectar e valorizar a nossa comunidade de Ubirat\u00e3 e toda aregi\u00e3o. Com conte\u00fado atualizado, confi\u00e1vel e relevante, o Ubirat\u00e3 Online \u00e9 o seu espa\u00e7o para ficar por dentro dos principais acontecimentos locais, regionais, Brasil, Mundo e de interesse geral. Nosso compromisso \u00e9 com a verdade, a transpar\u00eancia e o respeito ao leitor.","legalName":"UBIRATA ONLINE NOT\u00cdCIAS","foundingDate":"2009-01-05","numberOfEmployees":{"@type":"QuantitativeValue","minValue":"1","maxValue":"10"},"publishingPrinciples":"https:\/\/ubirataonline.com.br\/faq\/","address":{"@id":"https:\/\/ubirataonline.com.br\/ingressos-a-venda-a-partir-desta-terca\/#local-main-place-address"},"geo":{"@type":"GeoCoordinates","latitude":"-24.5361401","longitude":"-52.9921776"},"telephone":["+5544998308235"],"contactPoint":{"@type":"ContactPoint","email":"contato@ubirataonline.com.br"},"openingHoursSpecification":{"@type":"OpeningHoursSpecification","dayOfWeek":["Monday","Tuesday","Wednesday","Thursday","Friday","Saturday","Sunday"],"opens":"00:00","closes":"23:59"},"email":"contato@ubirataonline.com.br","vatID":"47.621.418\/0001-80"},{"@type":"Person","@id":"https:\/\/ubirataonline.com.br\/#\/schema\/person\/372f87bbd3fdd79b8556b84c98d0bc1c","name":"REDA\u00c7\u00c3O: UBIRAT\u00c3 ONLINE - F\u00c1BIO AUGUSTO CELESTINO","pronouns":"Ele","description":"Desde 2003 trabalhando com not\u00edcias.","sameAs":["http:\/\/ubirataoline.com.br","https:\/\/www.facebook.com\/portalubirataonline","https:\/\/www.instagram.com\/ubirataonline_oficial","https:\/\/x.com\/x.com\/ubirataonline"],"honorificPrefix":"Mr.","honorificSuffix":"MD","birthDate":"1980-06-16","gender":"masculino","award":["V\u00e1rios pr\u00eamios de melhor portal da cidade"],"jobTitle":"Diretor","url":"https:\/\/ubirataonline.com.br\/en\/author\/ubirataonline\/"},{"@type":"PostalAddress","@id":"https:\/\/ubirataonline.com.br\/ingressos-a-venda-a-partir-desta-terca\/#local-main-place-address","streetAddress":"Rua dos Coqueiros, 104 - Bairro Boa Vista, Rua dos Coqueiros, 104 Bairro Boa Vista","addressLocality":"UBIRATA","postalCode":"85440-000","addressRegion":"PR","addressCountry":"BR"},{"@type":"ImageObject","inLanguage":"en-US","@id":"https:\/\/ubirataonline.com.br\/ingressos-a-venda-a-partir-desta-terca\/#local-main-organization-logo","url":"https:\/\/ubirataonline.com.br\/wp-content\/uploads\/2026\/06\/logoubirataonline-1.webp","contentUrl":"https:\/\/ubirataonline.com.br\/wp-content\/uploads\/2026\/06\/logoubirataonline-1.webp","width":500,"height":500,"caption":"Ubirat\u00e3 Online Not\u00edcias"}]},"geo.placename":"UBIRATA","geo.position":{"lat":"-24.5361401","long":"-52.9921776"},"geo.region":"Brazil"},"_links":{"self":[{"href":"https:\/\/ubirataonline.com.br\/en\/wp-json\/wp\/v2\/posts\/98473","targetHints":{"allow":["GET"]}}],"collection":[{"href":"https:\/\/ubirataonline.com.br\/en\/wp-json\/wp\/v2\/posts"}],"about":[{"href":"https:\/\/ubirataonline.com.br\/en\/wp-json\/wp\/v2\/types\/post"}],"author":[{"embeddable":true,"href":"https:\/\/ubirataonline.com.br\/en\/wp-json\/wp\/v2\/users\/1"}],"replies":[{"embeddable":true,"href":"https:\/\/ubirataonline.com.br\/en\/wp-json\/wp\/v2\/comments?post=98473"}],"version-history":[{"count":0,"href":"https:\/\/ubirataonline.com.br\/en\/wp-json\/wp\/v2\/posts\/98473\/revisions"}],"wp:featuredmedia":[{"embeddable":true,"href":"https:\/\/ubirataonline.com.br\/en\/wp-json\/wp\/v2\/media\/98474"}],"wp:attachment":[{"href":"https:\/\/ubirataonline.com.br\/en\/wp-json\/wp\/v2\/media?parent=98473"}],"wp:term":[{"taxonomy":"category","embeddable":true,"href":"https:\/\/ubirataonline.com.br\/en\/wp-json\/wp\/v2\/categories?post=98473"},{"taxonomy":"post_tag","embeddable":true,"href":"https:\/\/ubirataonline.com.br\/en\/wp-json\/wp\/v2\/tags?post=98473"}],"curies":[{"name":"wp","href":"https:\/\/api.w.org\/{rel}","templated":true}]}}