{"id":98598,"date":"2026-03-31T23:41:47","date_gmt":"2026-04-01T02:41:47","guid":{"rendered":"https:\/\/ubirataonline.com.br\/justica-aponta-provas-frageis-e-rejeita-acao-milionaria-de-goleiro-contra-lucas-paqueta\/"},"modified":"2026-03-31T23:41:50","modified_gmt":"2026-04-01T02:41:50","slug":"justica-aponta-provas-frageis-e-rejeita-acao-milionaria-de-goleiro-contra-lucas-paqueta","status":"publish","type":"post","link":"https:\/\/ubirataonline.com.br\/en\/justica-aponta-provas-frageis-e-rejeita-acao-milionaria-de-goleiro-contra-lucas-paqueta\/","title":{"rendered":"Justi\u00e7a aponta &#8220;provas fr\u00e1geis&#8221; e rejeita a\u00e7\u00e3o milion\u00e1ria de goleiro contra Lucas Paquet\u00e1"},"content":{"rendered":"<p><\/p>\n<div>\n<div class=\"article__image-embed \" id=\"image_8827bf147a9f06a257ca82c8667bd5d5e290e3oq\">\n<figure itemprop=\"associatedMedia image\" itemscope=\"\" itemtype=\"http:\/\/schema.org\/ImageObject\">\n<meta content=\"true\" itemprop=\"representativeOfPage\"\/><br \/>\n<meta content=\"\/\/p2.trrsf.com\/image\/fget\/cf\/940\/0\/images.terra.com\/2026\/03\/31\/1421363859-55142820046147be176afkeasy-resizecom-610x400.jpg\" itemprop=\"url\"\/><br \/>\n<meta content=\"800\" itemprop=\"width\"\/><br \/>\n<meta content=\"800\" itemprop=\"height\"\/>\n<picture>\n<\/picture><figcaption>\n<div class=\"article__image-embed--info\">\n<p>Parte das provas utilizadas pelo goleiro \u2013<\/p>\n<p><small class=\"article__image-embed--info__copyright\" itemprop=\"copyrightHolder\">Foto: Gilvan de Souza\/Flamengo &#8211; Legenda: Goleiro aciona Lucas Paquet\u00e1 na Justi\u00e7a \/ Jogada10<\/small>\n<\/div>\n<\/figcaption><\/figure>\n<\/div>\n<p class=\"text\">O goleiro Jo\u00e3o Eduardo Lago Magalh\u00e3es, de 23 anos, apresentou recurso ao Tribunal Regional do Trabalho da 1\u00aa Regi\u00e3o (TRT-1) em a\u00e7\u00e3o contra o jogador Lucas Paquet\u00e1, do <a href=\"https:\/\/www.terra.com.br\/esportes\/flamengo\/\" target=\"_self\">Flamengo<\/a>. Na a\u00e7\u00e3o, o atleta cobra R$ 66.013,20 por supostos direitos trabalhistas relacionados aos 10 meses de atua\u00e7\u00e3o no Paquet\u00e1 Sports \u2014 per\u00edodo em que afirma n\u00e3o ter sido registrado em carteira tampouco cumprido os pagamentos de R$ 1 mil mensais.<\/p>\n<p class=\"text\">O recurso, protocolado em 9 de mar\u00e7o, busca submeter o caso \u00e0 an\u00e1lise de desembargadores e ocorre ap\u00f3s decis\u00f5es anteriores desfavor\u00e1veis ao goleiro. Mesmo com a apela\u00e7\u00e3o, o processo ainda aguarda defini\u00e7\u00e3o de agenda no TRT-1. N\u00e3o h\u00e1, at\u00e9 o momento, data definida para julgamento.<\/p>\n<p class=\"text\">A a\u00e7\u00e3o re\u00fane uma soma detalhada de valores que incluem R$ 1.381,33 referentes ao 13\u00ba sal\u00e1rio proporcional, R$ 1.412 de aviso pr\u00e9vio indenizado e R$ 28.000 por danos morais. Al\u00e9m disso, a lista ainda contempla R$ 750 de direito de arena, R$ 2.172,80 de FGTS com multa de 40% e R$ 1.882,67 relativos a f\u00e9rias proporcionais acrescidas de um ter\u00e7o.<\/p>\n<p class=\"text\">Por fim, o goleiro ainda cobra R$ 2.328 de recolhimento de INSS, R$ 13.362,4 em multas e R$ 14.724 em verbas salariais. Valores que somados chegam aos R$ 66.013,20 exigidos na a\u00e7\u00e3o.<\/p>\n<h2>Vit\u00f3ria de Lucas Paquet\u00e1<\/h2>\n<p class=\"text\">Jo\u00e3o Lago enfrentou dois reveses na Justi\u00e7a antes do recurso citado. Em outubro do ano passado, a 12\u00aa Vara do Trabalho do Rio de Janeiro entendeu que os elementos apresentados \u2014 como treinos, mensagens e publica\u00e7\u00f5es em redes sociais \u2014 n\u00e3o comprovavam v\u00ednculo empregat\u00edcio.<\/p>\n<p class=\"text\">A decis\u00e3o considerou ausentes os crit\u00e9rios de pessoalidade, habitualidade, subordina\u00e7\u00e3o e remunera\u00e7\u00e3o no per\u00edodo entre setembro de 2023 e julho de 2024. Entendimento mantido em janeiro, quando a Justi\u00e7a confirmou vit\u00f3ria ao meio-campista do Flamengo.<\/p>\n<h2>Fundamenta\u00e7\u00e3o do juiz<\/h2>\n<p class=\"text\">Ao justificar a decis\u00e3o, o juiz do Trabalho Gustavo Farah Correa destacou a fragilidade das provas e afastou a configura\u00e7\u00e3o de rela\u00e7\u00e3o de emprego.<\/p>\n<p class=\"text\">&#8220;O termo &#8216;treinar&#8217; por si s\u00f3 tende a n\u00e3o indicar uma situa\u00e7\u00e3o de vincula\u00e7\u00e3o t\u00edpica de rela\u00e7\u00e3o de emprego. A mera participa\u00e7\u00e3o em atividades de treinamento n\u00e3o configura, isoladamente, subordina\u00e7\u00e3o ou habitualidade necess\u00e1rias ao v\u00ednculo empregat\u00edcio. Tal circunst\u00e2ncia demonstra que a alega\u00e7\u00e3o de rescis\u00e3o indireta encontra-se em contradi\u00e7\u00e3o com sua pr\u00f3pria conduta, refor\u00e7ando a insufici\u00eancia probat\u00f3ria para o reconhecimento do v\u00ednculo&#8221;, dizia um trecho.<\/p>\n<div class=\"article__image-embed \" id=\"image_b074e4b6b2cf1b887b2c127988031071ub8st4ye\">\n<figure itemprop=\"associatedMedia image\" itemscope=\"\" itemtype=\"http:\/\/schema.org\/ImageObject\">\n<meta content=\"\/\/p2.trrsf.com\/image\/fget\/cf\/940\/0\/images.terra.com\/2026\/03\/31\/976032813-provas-do-processo-movido-pelo-goleiro-joao-lago-contra-lucas-paqueta-2.jpg\" itemprop=\"url\"\/><br \/>\n<meta content=\"800\" itemprop=\"width\"\/><br \/>\n<meta content=\"800\" itemprop=\"height\"\/>\n<picture>\n<img alt=\"Parte das provas utilizadas pelo goleiro \u2013\" class=\"img-b074e4b6b2cf1b887b2c127988031071ub8st4ye\" decoding=\"async\" height=\"516\" loading=\"lazy\" src=\"https:\/\/p2.trrsf.com\/image\/fget\/cf\/774\/0\/images.terra.com\/2026\/03\/31\/976032813-provas-do-processo-movido-pelo-goleiro-joao-lago-contra-lucas-paqueta-2.jpg\" srcset=\"https:\/\/p2.trrsf.com\/image\/fget\/cf\/1548\/0\/images.terra.com\/2026\/03\/31\/976032813-provas-do-processo-movido-pelo-goleiro-joao-lago-contra-lucas-paqueta-2.jpg 2x\" title=\"Parte das provas utilizadas pelo goleiro \u2013\" width=\"774\"\/>\n<\/picture><figcaption>\n<div class=\"article__image-embed--info\">\n<p>Parte das provas utilizadas pelo goleiro \u2013<\/p>\n<p><small class=\"article__image-embed--info__copyright\" itemprop=\"copyrightHolder\">Foto: Divulga\u00e7\u00e3o\/Metr\u00f3poles \/ Jogada10<\/small>\n<\/div>\n<\/figcaption><\/figure>\n<\/div>\n<h2>Vers\u00e3o do goleiro<\/h2>\n<p class=\"text\">Jo\u00e3o Lago, por sua vez, concedeu entrevista detalhando a rotina de trabalho, com jornada de seis horas di\u00e1rias \u2014 de segunda a sexta-feira \u2014 e pagamentos de R$ 1 mil mensais. Ele explicou por que aceitou um valor abaixo do sal\u00e1rio m\u00ednimo de R$ 1.320 vigente \u00e0 \u00e9poca.<\/p>\n<p class=\"text\">&#8220;O pagamento era o m\u00ednimo que a gente tinha acordado: R$ 1 mil \u00e9 uma ajuda de custo, n\u00e9? A quest\u00e3o \u00e9 que a gente ainda tinha um valor a receber de 10% a cada jogo ganho, com jogos de, no m\u00ednimo, R$ 20 mil. Ficava mais pelo valor dos jogos. [\u2026] N\u00e3o tinha contrato. O que tinha era o que consta no processo: as mensagens, os acordos\u2026&#8221;, afirmou.<\/p>\n<p class=\"text\">Ele tamb\u00e9m relatou que sofreu uma les\u00e3o no ombro e buscou fisioterapia por conta pr\u00f3pria ap\u00f3s recomenda\u00e7\u00e3o do clube. Ou seja, sem ressarcimento.<\/p>\n<div class=\"article__image-embed \" id=\"image_f8e86ebbf37a1005b00547b4a65c6c89jkbyqebu\">\n<figure itemprop=\"associatedMedia image\" itemscope=\"\" itemtype=\"http:\/\/schema.org\/ImageObject\">\n<meta content=\"\/\/p2.trrsf.com\/image\/fget\/cf\/940\/0\/images.terra.com\/2026\/03\/31\/2104095598-provas-do-processo-movido-pelo-goleiro-joao-lago-contra-lucas-paqueta.jpg\" itemprop=\"url\"\/><br \/>\n<meta content=\"800\" itemprop=\"width\"\/><br \/>\n<meta content=\"800\" itemprop=\"height\"\/>\n<picture>\n<img alt=\"Stories com marca\u00e7\u00e3o da ag\u00eancia de Lucas Paquet\u00e1 usadas como provas \u2013\" class=\"img-f8e86ebbf37a1005b00547b4a65c6c89jkbyqebu\" decoding=\"async\" height=\"516\" loading=\"lazy\" src=\"https:\/\/p2.trrsf.com\/image\/fget\/cf\/774\/0\/images.terra.com\/2026\/03\/31\/2104095598-provas-do-processo-movido-pelo-goleiro-joao-lago-contra-lucas-paqueta.jpg\" srcset=\"https:\/\/p2.trrsf.com\/image\/fget\/cf\/1548\/0\/images.terra.com\/2026\/03\/31\/2104095598-provas-do-processo-movido-pelo-goleiro-joao-lago-contra-lucas-paqueta.jpg 2x\" title=\"Stories com marca\u00e7\u00e3o da ag\u00eancia de Lucas Paquet\u00e1 usadas como provas \u2013\" width=\"774\"\/>\n<\/picture><figcaption>\n<div class=\"article__image-embed--info\">\n<p>Stories com marca\u00e7\u00e3o da ag\u00eancia de Lucas Paquet\u00e1 usadas como provas \u2013<\/p>\n<p><small class=\"article__image-embed--info__copyright\" itemprop=\"copyrightHolder\">Foto: Divulga\u00e7\u00e3o\/Metr\u00f3poles \/ Jogada10<\/small>\n<\/div>\n<\/figcaption><\/figure>\n<\/div>\n<h2>Empresas e fam\u00edlia de Lucas Paquet\u00e1<\/h2>\n<p class=\"text\">A defesa sustenta que os pagamentos nunca ocorreram, apesar das exig\u00eancias feitas ao goleiro durante o per\u00edodo. &#8220;Apesar da organiza\u00e7\u00e3o, de todas as exig\u00eancias e do sal\u00e1rio abaixo do m\u00ednimo constitucional, as Reclamadas nunca pagaram o Reclamante, seja o sal\u00e1rio, os encargos devidos ou seus direitos de arena e imagem&#8221;, escreveu na a\u00e7\u00e3o.<\/p>\n<p class=\"text\">&#8220;O Reclamante por diversas vezes cobrou o pagamento do seu sal\u00e1rio, mas o Reclamado, Sr. Matheus Tolentino Coelho de Lima [o Matheus Paquet\u00e1], sempre inventava desculpas como a pend\u00eancia de pagamento dos patrocinadores ou a necessidade de venda de algo. Isso para justificar o n\u00e3o pagamento do sal\u00e1rio do Autor pela sua genitora, Sra. Cristiane Tolentino Coelho tamb\u00e9m Reclamada&#8221;, diz outro trecho processo.<\/p>\n<p class=\"text\">O goleiro incluiu na a\u00e7\u00e3o a empres\u00e1ria Cristiane Tolentino Coelho, o ex-jogador Matheus Paquet\u00e1 \u2014 m\u00e3e e irm\u00e3o do atleta \u2014 e as empresas Paquet\u00e1 10 Esportes Ltda e LPaquet\u00e1 Agenciamento em Esporte Ltda.<\/p>\n<p class=\"text\">Na sequ\u00eancia, contudo, o juiz determinou que a cobran\u00e7a recaia primeiro sobre as empresas e retirou os familiares da lista de devedores. Inclusive, o recurso tamb\u00e9m tenta reverter essa decis\u00e3o e, por isso, todos foram novamente acionados para se posicionar.<\/p>\n<h2>Pena de confiss\u00e3o e avalia\u00e7\u00e3o das provas<\/h2>\n<p class=\"text\">Ainda de acordo com o Metr\u00f3poles, as empresas n\u00e3o compareceram \u00e0 audi\u00eancia nem apresentaram defesa. O juiz, ent\u00e3o, aplicou a chamada &#8220;pena de confiss\u00e3o&#8221;, que presume como verdade a vers\u00e3o do trabalhador.\u00a0Mesmo assim, o TRT-1 considerou que os elementos apresentados n\u00e3o sustentam o reconhecimento do v\u00ednculo.<\/p>\n<p class=\"text\">&#8220;O simples uso de sua imagem em redes sociais da Reclamada n\u00e3o \u00e9 suficiente para caracterizar v\u00ednculo de emprego. Pode decorrer de diversas esp\u00e9cies de rela\u00e7\u00e3o, inclusive de natureza eventual ou aut\u00f4noma. N\u00e3o h\u00e1 nos autos qualquer demonstra\u00e7\u00e3o de onerosidade efetiva, nem de habitualidade da presta\u00e7\u00e3o de servi\u00e7os; as fotografias e conversas juntadas n\u00e3o comprovam a efetiva execu\u00e7\u00e3o de tarefas sob condi\u00e7\u00f5es de subordina\u00e7\u00e3o&#8221;, registrou o juiz.<\/p>\n<p class=\"text\">Com o recurso apresentado, o caso aguarda an\u00e1lise de desembargadores do TRT-1. Ainda n\u00e3o h\u00e1 data definida para julgamento.<\/p>\n<p class=\"text\"><strong>Siga nosso conte\u00fado nas redes sociais: Bluesky, Threads,\u00a0 Twitter, Instagram\u00a0e\u00a0Facebook<\/strong>.<\/p>\n<\/p><\/div>\n<p><a href=\"https:\/\/www.terra.com.br\/esportes\/flamengo\/justica-aponta-provas-frageis-e-rejeita-acao-milionaria-de-goleiro-contra-lucas-paqueta,eb09bf13ef6cfb6bd62592fc100a077afm7c7hqg.html\">Fonte do Artigo <\/a><\/p>\n","protected":false},"excerpt":{"rendered":"<p>Parte das provas utilizadas pelo goleiro \u2013 Foto: Gilvan de Souza\/Flamengo &#8211; Legenda: Goleiro aciona Lucas Paquet\u00e1 na Justi\u00e7a \/ Jogada10 O goleiro Jo\u00e3o Eduardo Lago Magalh\u00e3es, de 23 anos, apresentou recurso ao Tribunal Regional do Trabalho da 1\u00aa Regi\u00e3o (TRT-1) em a\u00e7\u00e3o contra o jogador Lucas Paquet\u00e1, do Flamengo. Na a\u00e7\u00e3o, o atleta cobra [&hellip;]<\/p>\n","protected":false},"author":1,"featured_media":98599,"comment_status":"closed","ping_status":"","sticky":false,"template":"","format":"standard","meta":{"googlesitekit_rrm_CAow2JLhCw:productID":"","_gspb_post_css":"","maa_idioma":"","maa_pais":"","footnotes":""},"categories":[4],"tags":[5607,5185,3180,24485,9674,3684,8095,13725,10913,15820,12503],"class_list":["post-98598","post","type-post","status-publish","format-standard","has-post-thumbnail","hentry","category-brasil","tag-acao","tag-aponta","tag-contra","tag-frageis","tag-goleiro","tag-justica","tag-lucas","tag-milionaria","tag-paqueta","tag-provas","tag-rejeita"],"blocksy_meta":[],"yoast_head":"<!-- This site is optimized with the Yoast SEO Premium plugin v27.6 (Yoast SEO v27.6) - https:\/\/yoast.com\/product\/yoast-seo-premium-wordpress\/ -->\n<title>Justi\u00e7a aponta &quot;provas fr\u00e1geis&quot; e rejeita a\u00e7\u00e3o milion\u00e1ria de goleiro contra Lucas Paquet\u00e1 - Ubirat\u00e3 Online Not\u00edcias - A realidade ao seu alcance!<\/title>\n<meta name=\"description\" content=\"Parte das provas utilizadas pelo goleiro \u2013 Foto: Gilvan de Souza\/Flamengo - Legenda: Goleiro aciona Lucas Paquet\u00e1 na Justi\u00e7a \/ Jogada10 O goleiro Jo\u00e3o\" \/>\n<meta name=\"robots\" content=\"index, follow, max-snippet:-1, max-image-preview:large, max-video-preview:-1\" \/>\n<link rel=\"canonical\" href=\"https:\/\/ubirataonline.com.br\/en\/justica-aponta-provas-frageis-e-rejeita-acao-milionaria-de-goleiro-contra-lucas-paqueta\/\" \/>\n<meta property=\"og:locale\" content=\"en_US\" \/>\n<meta property=\"og:type\" content=\"article\" \/>\n<meta property=\"og:title\" content=\"Justi\u00e7a aponta &quot;provas fr\u00e1geis&quot; e rejeita a\u00e7\u00e3o milion\u00e1ria de goleiro contra Lucas Paquet\u00e1\" \/>\n<meta property=\"og:description\" content=\"Parte das provas utilizadas pelo goleiro \u2013 Foto: Gilvan de Souza\/Flamengo - Legenda: Goleiro aciona Lucas Paquet\u00e1 na Justi\u00e7a \/ Jogada10 O goleiro Jo\u00e3o\" \/>\n<meta property=\"og:url\" content=\"https:\/\/ubirataonline.com.br\/en\/justica-aponta-provas-frageis-e-rejeita-acao-milionaria-de-goleiro-contra-lucas-paqueta\/\" \/>\n<meta property=\"og:site_name\" content=\"Ubirat\u00e3 Online Not\u00edcias - A realidade ao seu alcance!\" \/>\n<meta property=\"article:publisher\" content=\"https:\/\/www.facebook.com\/portalubirataonline\" \/>\n<meta property=\"article:author\" content=\"https:\/\/www.facebook.com\/portalubirataonline\" \/>\n<meta property=\"article:published_time\" content=\"2026-04-01T02:41:47+00:00\" \/>\n<meta property=\"article:modified_time\" content=\"2026-04-01T02:41:50+00:00\" \/>\n<meta property=\"og:image\" content=\"https:\/\/ubirataonline.com.br\/wp-content\/uploads\/2026\/03\/Justica-aponta-provas-frageis-e-rejeita-acao-milionaria-de-goleiro.jpg\" \/>\n\t<meta property=\"og:image:width\" content=\"1200\" \/>\n\t<meta property=\"og:image:height\" content=\"630\" \/>\n\t<meta property=\"og:image:type\" content=\"image\/jpeg\" \/>\n<meta name=\"author\" content=\"REDA\u00c7\u00c3O: UBIRAT\u00c3 ONLINE - F\u00c1BIO AUGUSTO CELESTINO\" \/>\n<meta name=\"twitter:card\" content=\"summary_large_image\" \/>\n<meta name=\"twitter:creator\" content=\"@x.com\/ubirataonline\" \/>\n<meta name=\"twitter:site\" content=\"@ubirataonline\" \/>\n<meta name=\"twitter:label1\" content=\"Written by\" \/>\n\t<meta name=\"twitter:data1\" content=\"REDA\u00c7\u00c3O: UBIRAT\u00c3 ONLINE - F\u00c1BIO AUGUSTO CELESTINO\" \/>\n\t<meta name=\"twitter:label2\" content=\"Est. reading time\" \/>\n\t<meta name=\"twitter:data2\" content=\"5 minutes\" \/>\n<script type=\"application\/ld+json\" class=\"yoast-schema-graph\">{\"@context\":\"https:\\\/\\\/schema.org\",\"@graph\":[{\"@type\":\"NewsArticle\",\"@id\":\"https:\\\/\\\/ubirataonline.com.br\\\/justica-aponta-provas-frageis-e-rejeita-acao-milionaria-de-goleiro-contra-lucas-paqueta\\\/#article\",\"isPartOf\":{\"@id\":\"https:\\\/\\\/ubirataonline.com.br\\\/justica-aponta-provas-frageis-e-rejeita-acao-milionaria-de-goleiro-contra-lucas-paqueta\\\/\"},\"author\":{\"name\":\"REDA\u00c7\u00c3O: UBIRAT\u00c3 ONLINE - F\u00c1BIO AUGUSTO CELESTINO\",\"@id\":\"https:\\\/\\\/ubirataonline.com.br\\\/#\\\/schema\\\/person\\\/372f87bbd3fdd79b8556b84c98d0bc1c\"},\"headline\":\"Justi\u00e7a aponta &#8220;provas fr\u00e1geis&#8221; e rejeita a\u00e7\u00e3o milion\u00e1ria de goleiro contra Lucas Paquet\u00e1\",\"datePublished\":\"2026-04-01T02:41:47+00:00\",\"dateModified\":\"2026-04-01T02:41:50+00:00\",\"mainEntityOfPage\":{\"@id\":\"https:\\\/\\\/ubirataonline.com.br\\\/justica-aponta-provas-frageis-e-rejeita-acao-milionaria-de-goleiro-contra-lucas-paqueta\\\/\"},\"wordCount\":1026,\"publisher\":{\"@id\":\"https:\\\/\\\/ubirataonline.com.br\\\/#organization\"},\"image\":{\"@id\":\"https:\\\/\\\/ubirataonline.com.br\\\/justica-aponta-provas-frageis-e-rejeita-acao-milionaria-de-goleiro-contra-lucas-paqueta\\\/#primaryimage\"},\"thumbnailUrl\":\"https:\\\/\\\/ubirataonline.com.br\\\/wp-content\\\/uploads\\\/2026\\\/03\\\/Justica-aponta-provas-frageis-e-rejeita-acao-milionaria-de-goleiro.jpg\",\"keywords\":[\"a\u00e7\u00e3o\",\"aponta\",\"contra\",\"fr\u00e1geis\",\"goleiro\",\"Justi\u00e7a\",\"Lucas\",\"milion\u00e1ria\",\"Paquet\u00e1\",\"provas\",\"rejeita\"],\"articleSection\":[\"Brasil\"],\"inLanguage\":\"en-US\",\"copyrightYear\":\"2026\",\"copyrightHolder\":{\"@id\":\"https:\\\/\\\/ubirataonline.com.br\\\/en\\\/#organization\"}},{\"@type\":\"WebPage\",\"@id\":\"https:\\\/\\\/ubirataonline.com.br\\\/justica-aponta-provas-frageis-e-rejeita-acao-milionaria-de-goleiro-contra-lucas-paqueta\\\/\",\"url\":\"https:\\\/\\\/ubirataonline.com.br\\\/justica-aponta-provas-frageis-e-rejeita-acao-milionaria-de-goleiro-contra-lucas-paqueta\\\/\",\"name\":\"Justi\u00e7a aponta \\\"provas fr\u00e1geis\\\" e rejeita a\u00e7\u00e3o milion\u00e1ria de goleiro contra Lucas Paquet\u00e1 - Ubirat\u00e3 Online Not\u00edcias - A realidade ao seu alcance!\",\"isPartOf\":{\"@id\":\"https:\\\/\\\/ubirataonline.com.br\\\/#website\"},\"primaryImageOfPage\":{\"@id\":\"https:\\\/\\\/ubirataonline.com.br\\\/justica-aponta-provas-frageis-e-rejeita-acao-milionaria-de-goleiro-contra-lucas-paqueta\\\/#primaryimage\"},\"image\":{\"@id\":\"https:\\\/\\\/ubirataonline.com.br\\\/justica-aponta-provas-frageis-e-rejeita-acao-milionaria-de-goleiro-contra-lucas-paqueta\\\/#primaryimage\"},\"thumbnailUrl\":\"https:\\\/\\\/ubirataonline.com.br\\\/wp-content\\\/uploads\\\/2026\\\/03\\\/Justica-aponta-provas-frageis-e-rejeita-acao-milionaria-de-goleiro.jpg\",\"datePublished\":\"2026-04-01T02:41:47+00:00\",\"dateModified\":\"2026-04-01T02:41:50+00:00\",\"description\":\"Parte das provas utilizadas pelo goleiro \u2013 Foto: Gilvan de Souza\\\/Flamengo - Legenda: Goleiro aciona Lucas Paquet\u00e1 na Justi\u00e7a \\\/ Jogada10 O goleiro Jo\u00e3o\",\"breadcrumb\":{\"@id\":\"https:\\\/\\\/ubirataonline.com.br\\\/justica-aponta-provas-frageis-e-rejeita-acao-milionaria-de-goleiro-contra-lucas-paqueta\\\/#breadcrumb\"},\"inLanguage\":\"en-US\",\"potentialAction\":[{\"@type\":\"ReadAction\",\"target\":[\"https:\\\/\\\/ubirataonline.com.br\\\/justica-aponta-provas-frageis-e-rejeita-acao-milionaria-de-goleiro-contra-lucas-paqueta\\\/\"]}]},{\"@type\":\"ImageObject\",\"inLanguage\":\"en-US\",\"@id\":\"https:\\\/\\\/ubirataonline.com.br\\\/justica-aponta-provas-frageis-e-rejeita-acao-milionaria-de-goleiro-contra-lucas-paqueta\\\/#primaryimage\",\"url\":\"https:\\\/\\\/ubirataonline.com.br\\\/wp-content\\\/uploads\\\/2026\\\/03\\\/Justica-aponta-provas-frageis-e-rejeita-acao-milionaria-de-goleiro.jpg\",\"contentUrl\":\"https:\\\/\\\/ubirataonline.com.br\\\/wp-content\\\/uploads\\\/2026\\\/03\\\/Justica-aponta-provas-frageis-e-rejeita-acao-milionaria-de-goleiro.jpg\",\"width\":1200,\"height\":630,\"caption\":\"Parte das provas utilizadas pelo goleiro &ndash; Foto: Gilvan de Souza\\\/Flamengo - Legenda: Goleiro aciona Lucas Paquet&aacute; na Justi&ccedil;a \\\/ Jogada10\"},{\"@type\":\"BreadcrumbList\",\"@id\":\"https:\\\/\\\/ubirataonline.com.br\\\/justica-aponta-provas-frageis-e-rejeita-acao-milionaria-de-goleiro-contra-lucas-paqueta\\\/#breadcrumb\",\"itemListElement\":[{\"@type\":\"ListItem\",\"position\":1,\"name\":\"In\u00edcio\",\"item\":\"https:\\\/\\\/ubirataonline.com.br\\\/\"},{\"@type\":\"ListItem\",\"position\":2,\"name\":\"Justi\u00e7a aponta &#8220;provas fr\u00e1geis&#8221; e rejeita a\u00e7\u00e3o milion\u00e1ria de goleiro contra Lucas Paquet\u00e1\"}]},{\"@type\":\"WebSite\",\"@id\":\"https:\\\/\\\/ubirataonline.com.br\\\/#website\",\"url\":\"https:\\\/\\\/ubirataonline.com.br\\\/\",\"name\":\"Ubirat\u00e3 Online Not\u00edcias\",\"description\":\"Not\u00edcias de Ubirat\u00e3, regi\u00e3o, Brasil e mundo, com informa\u00e7\u00e3o atualizada e compromisso com o leitor.\",\"publisher\":{\"@id\":\"https:\\\/\\\/ubirataonline.com.br\\\/#organization\"},\"alternateName\":\"Ubirat\u00e3 Online\",\"potentialAction\":[{\"@type\":\"SearchAction\",\"target\":{\"@type\":\"EntryPoint\",\"urlTemplate\":\"https:\\\/\\\/ubirataonline.com.br\\\/?s={search_term_string}\"},\"query-input\":{\"@type\":\"PropertyValueSpecification\",\"valueRequired\":true,\"valueName\":\"search_term_string\"}}],\"inLanguage\":\"en-US\"},{\"@type\":[\"Organization\",\"Place\"],\"@id\":\"https:\\\/\\\/ubirataonline.com.br\\\/#organization\",\"name\":\"Ubirat\u00e3 Online Not\u00edcias\",\"alternateName\":\"Ubirat\u00e3 Online\",\"url\":\"https:\\\/\\\/ubirataonline.com.br\\\/\",\"logo\":{\"@id\":\"https:\\\/\\\/ubirataonline.com.br\\\/justica-aponta-provas-frageis-e-rejeita-acao-milionaria-de-goleiro-contra-lucas-paqueta\\\/#local-main-organization-logo\"},\"image\":{\"@id\":\"https:\\\/\\\/ubirataonline.com.br\\\/justica-aponta-provas-frageis-e-rejeita-acao-milionaria-de-goleiro-contra-lucas-paqueta\\\/#local-main-organization-logo\"},\"sameAs\":[\"https:\\\/\\\/www.facebook.com\\\/portalubirataonline\",\"https:\\\/\\\/x.com\\\/ubirataonline\",\"https:\\\/\\\/mastodon.social\\\/@ubirataonline\",\"https:\\\/\\\/www.facebook.com\\\/groups\\\/311144672285604\",\"https:\\\/\\\/www.facebook.com\\\/UBTAOnline\",\"https:\\\/\\\/www.instagram.com\\\/portalubirataonline\\\/\",\"https:\\\/\\\/twitter.com\\\/ubirataonline\"],\"description\":\"Somos um portal de not\u00edcias independente, criado em 5 de janeiro de 2009, com o objetivo de informar, conectar e valorizar a nossa comunidade de Ubirat\u00e3 e toda aregi\u00e3o. Com conte\u00fado atualizado, confi\u00e1vel e relevante, o Ubirat\u00e3 Online \u00e9 o seu espa\u00e7o para ficar por dentro dos principais acontecimentos locais, regionais, Brasil, Mundo e de interesse geral. Nosso compromisso \u00e9 com a verdade, a transpar\u00eancia e o respeito ao leitor.\",\"legalName\":\"UBIRATA ONLINE NOT\u00cdCIAS\",\"foundingDate\":\"2009-01-05\",\"numberOfEmployees\":{\"@type\":\"QuantitativeValue\",\"minValue\":\"1\",\"maxValue\":\"10\"},\"publishingPrinciples\":\"https:\\\/\\\/ubirataonline.com.br\\\/faq\\\/\",\"address\":{\"@id\":\"https:\\\/\\\/ubirataonline.com.br\\\/justica-aponta-provas-frageis-e-rejeita-acao-milionaria-de-goleiro-contra-lucas-paqueta\\\/#local-main-place-address\"},\"geo\":{\"@type\":\"GeoCoordinates\",\"latitude\":\"-24.5361401\",\"longitude\":\"-52.9921776\"},\"telephone\":[\"+5544998308235\"],\"contactPoint\":{\"@type\":\"ContactPoint\",\"email\":\"contato@ubirataonline.com.br\"},\"openingHoursSpecification\":{\"@type\":\"OpeningHoursSpecification\",\"dayOfWeek\":[\"Monday\",\"Tuesday\",\"Wednesday\",\"Thursday\",\"Friday\",\"Saturday\",\"Sunday\"],\"opens\":\"00:00\",\"closes\":\"23:59\"},\"email\":\"contato@ubirataonline.com.br\",\"vatID\":\"47.621.418\\\/0001-80\"},{\"@type\":\"Person\",\"@id\":\"https:\\\/\\\/ubirataonline.com.br\\\/#\\\/schema\\\/person\\\/372f87bbd3fdd79b8556b84c98d0bc1c\",\"name\":\"REDA\u00c7\u00c3O: UBIRAT\u00c3 ONLINE - F\u00c1BIO AUGUSTO CELESTINO\",\"pronouns\":\"Ele\",\"description\":\"Desde 2003 trabalhando com not\u00edcias.\",\"sameAs\":[\"http:\\\/\\\/ubirataoline.com.br\",\"https:\\\/\\\/www.facebook.com\\\/portalubirataonline\",\"https:\\\/\\\/www.instagram.com\\\/ubirataonline_oficial\",\"https:\\\/\\\/x.com\\\/x.com\\\/ubirataonline\"],\"honorificPrefix\":\"Mr.\",\"honorificSuffix\":\"MD\",\"birthDate\":\"1980-06-16\",\"gender\":\"masculino\",\"award\":[\"V\u00e1rios pr\u00eamios de melhor portal da cidade\"],\"jobTitle\":\"Diretor\",\"url\":\"https:\\\/\\\/ubirataonline.com.br\\\/en\\\/author\\\/ubirataonline\\\/\"},{\"@type\":\"PostalAddress\",\"@id\":\"https:\\\/\\\/ubirataonline.com.br\\\/justica-aponta-provas-frageis-e-rejeita-acao-milionaria-de-goleiro-contra-lucas-paqueta\\\/#local-main-place-address\",\"streetAddress\":\"Rua dos Coqueiros, 104 - Bairro Boa Vista, Rua dos Coqueiros, 104 Bairro Boa Vista\",\"addressLocality\":\"UBIRATA\",\"postalCode\":\"85440-000\",\"addressRegion\":\"PR\",\"addressCountry\":\"BR\"},{\"@type\":\"ImageObject\",\"inLanguage\":\"en-US\",\"@id\":\"https:\\\/\\\/ubirataonline.com.br\\\/justica-aponta-provas-frageis-e-rejeita-acao-milionaria-de-goleiro-contra-lucas-paqueta\\\/#local-main-organization-logo\",\"url\":\"https:\\\/\\\/ubirataonline.com.br\\\/wp-content\\\/uploads\\\/2026\\\/06\\\/logoubirataonline-1.webp\",\"contentUrl\":\"https:\\\/\\\/ubirataonline.com.br\\\/wp-content\\\/uploads\\\/2026\\\/06\\\/logoubirataonline-1.webp\",\"width\":500,\"height\":500,\"caption\":\"Ubirat\u00e3 Online Not\u00edcias\"}]}<\/script>\n<meta name=\"geo.placename\" content=\"UBIRATA\" \/>\n<meta name=\"geo.position\" content=\"-24.5361401;-52.9921776\" \/>\n<meta name=\"geo.region\" content=\"Brazil\" \/>\n<!-- \/ Yoast SEO Premium plugin. -->","yoast_head_json":{"title":"Justi\u00e7a aponta \"provas fr\u00e1geis\" e rejeita a\u00e7\u00e3o milion\u00e1ria de goleiro contra Lucas Paquet\u00e1 - Ubirat\u00e3 Online Not\u00edcias - A realidade ao seu alcance!","description":"Parte das provas utilizadas pelo goleiro \u2013 Foto: Gilvan de Souza\/Flamengo - Legenda: Goleiro aciona Lucas Paquet\u00e1 na Justi\u00e7a \/ Jogada10 O goleiro Jo\u00e3o","robots":{"index":"index","follow":"follow","max-snippet":"max-snippet:-1","max-image-preview":"max-image-preview:large","max-video-preview":"max-video-preview:-1"},"canonical":"https:\/\/ubirataonline.com.br\/en\/justica-aponta-provas-frageis-e-rejeita-acao-milionaria-de-goleiro-contra-lucas-paqueta\/","og_locale":"en_US","og_type":"article","og_title":"Justi\u00e7a aponta \"provas fr\u00e1geis\" e rejeita a\u00e7\u00e3o milion\u00e1ria de goleiro contra Lucas Paquet\u00e1","og_description":"Parte das provas utilizadas pelo goleiro \u2013 Foto: Gilvan de Souza\/Flamengo - Legenda: Goleiro aciona Lucas Paquet\u00e1 na Justi\u00e7a \/ Jogada10 O goleiro Jo\u00e3o","og_url":"https:\/\/ubirataonline.com.br\/en\/justica-aponta-provas-frageis-e-rejeita-acao-milionaria-de-goleiro-contra-lucas-paqueta\/","og_site_name":"Ubirat\u00e3 Online Not\u00edcias - A realidade ao seu alcance!","article_publisher":"https:\/\/www.facebook.com\/portalubirataonline","article_author":"https:\/\/www.facebook.com\/portalubirataonline","article_published_time":"2026-04-01T02:41:47+00:00","article_modified_time":"2026-04-01T02:41:50+00:00","og_image":[{"width":1200,"height":630,"url":"https:\/\/ubirataonline.com.br\/wp-content\/uploads\/2026\/03\/Justica-aponta-provas-frageis-e-rejeita-acao-milionaria-de-goleiro.jpg","type":"image\/jpeg"}],"author":"REDA\u00c7\u00c3O: UBIRAT\u00c3 ONLINE - F\u00c1BIO AUGUSTO CELESTINO","twitter_card":"summary_large_image","twitter_creator":"@x.com\/ubirataonline","twitter_site":"@ubirataonline","twitter_misc":{"Written by":"REDA\u00c7\u00c3O: UBIRAT\u00c3 ONLINE - F\u00c1BIO AUGUSTO CELESTINO","Est. reading time":"5 minutes"},"schema":{"@context":"https:\/\/schema.org","@graph":[{"@type":"NewsArticle","@id":"https:\/\/ubirataonline.com.br\/justica-aponta-provas-frageis-e-rejeita-acao-milionaria-de-goleiro-contra-lucas-paqueta\/#article","isPartOf":{"@id":"https:\/\/ubirataonline.com.br\/justica-aponta-provas-frageis-e-rejeita-acao-milionaria-de-goleiro-contra-lucas-paqueta\/"},"author":{"name":"REDA\u00c7\u00c3O: UBIRAT\u00c3 ONLINE - F\u00c1BIO AUGUSTO CELESTINO","@id":"https:\/\/ubirataonline.com.br\/#\/schema\/person\/372f87bbd3fdd79b8556b84c98d0bc1c"},"headline":"Justi\u00e7a aponta &#8220;provas fr\u00e1geis&#8221; e rejeita a\u00e7\u00e3o milion\u00e1ria de goleiro contra Lucas Paquet\u00e1","datePublished":"2026-04-01T02:41:47+00:00","dateModified":"2026-04-01T02:41:50+00:00","mainEntityOfPage":{"@id":"https:\/\/ubirataonline.com.br\/justica-aponta-provas-frageis-e-rejeita-acao-milionaria-de-goleiro-contra-lucas-paqueta\/"},"wordCount":1026,"publisher":{"@id":"https:\/\/ubirataonline.com.br\/#organization"},"image":{"@id":"https:\/\/ubirataonline.com.br\/justica-aponta-provas-frageis-e-rejeita-acao-milionaria-de-goleiro-contra-lucas-paqueta\/#primaryimage"},"thumbnailUrl":"https:\/\/ubirataonline.com.br\/wp-content\/uploads\/2026\/03\/Justica-aponta-provas-frageis-e-rejeita-acao-milionaria-de-goleiro.jpg","keywords":["a\u00e7\u00e3o","aponta","contra","fr\u00e1geis","goleiro","Justi\u00e7a","Lucas","milion\u00e1ria","Paquet\u00e1","provas","rejeita"],"articleSection":["Brasil"],"inLanguage":"en-US","copyrightYear":"2026","copyrightHolder":{"@id":"https:\/\/ubirataonline.com.br\/en\/#organization"}},{"@type":"WebPage","@id":"https:\/\/ubirataonline.com.br\/justica-aponta-provas-frageis-e-rejeita-acao-milionaria-de-goleiro-contra-lucas-paqueta\/","url":"https:\/\/ubirataonline.com.br\/justica-aponta-provas-frageis-e-rejeita-acao-milionaria-de-goleiro-contra-lucas-paqueta\/","name":"Justi\u00e7a aponta \"provas fr\u00e1geis\" e rejeita a\u00e7\u00e3o milion\u00e1ria de goleiro contra Lucas Paquet\u00e1 - Ubirat\u00e3 Online Not\u00edcias - A realidade ao seu alcance!","isPartOf":{"@id":"https:\/\/ubirataonline.com.br\/#website"},"primaryImageOfPage":{"@id":"https:\/\/ubirataonline.com.br\/justica-aponta-provas-frageis-e-rejeita-acao-milionaria-de-goleiro-contra-lucas-paqueta\/#primaryimage"},"image":{"@id":"https:\/\/ubirataonline.com.br\/justica-aponta-provas-frageis-e-rejeita-acao-milionaria-de-goleiro-contra-lucas-paqueta\/#primaryimage"},"thumbnailUrl":"https:\/\/ubirataonline.com.br\/wp-content\/uploads\/2026\/03\/Justica-aponta-provas-frageis-e-rejeita-acao-milionaria-de-goleiro.jpg","datePublished":"2026-04-01T02:41:47+00:00","dateModified":"2026-04-01T02:41:50+00:00","description":"Parte das provas utilizadas pelo goleiro \u2013 Foto: Gilvan de Souza\/Flamengo - Legenda: Goleiro aciona Lucas Paquet\u00e1 na Justi\u00e7a \/ Jogada10 O goleiro Jo\u00e3o","breadcrumb":{"@id":"https:\/\/ubirataonline.com.br\/justica-aponta-provas-frageis-e-rejeita-acao-milionaria-de-goleiro-contra-lucas-paqueta\/#breadcrumb"},"inLanguage":"en-US","potentialAction":[{"@type":"ReadAction","target":["https:\/\/ubirataonline.com.br\/justica-aponta-provas-frageis-e-rejeita-acao-milionaria-de-goleiro-contra-lucas-paqueta\/"]}]},{"@type":"ImageObject","inLanguage":"en-US","@id":"https:\/\/ubirataonline.com.br\/justica-aponta-provas-frageis-e-rejeita-acao-milionaria-de-goleiro-contra-lucas-paqueta\/#primaryimage","url":"https:\/\/ubirataonline.com.br\/wp-content\/uploads\/2026\/03\/Justica-aponta-provas-frageis-e-rejeita-acao-milionaria-de-goleiro.jpg","contentUrl":"https:\/\/ubirataonline.com.br\/wp-content\/uploads\/2026\/03\/Justica-aponta-provas-frageis-e-rejeita-acao-milionaria-de-goleiro.jpg","width":1200,"height":630,"caption":"Parte das provas utilizadas pelo goleiro &ndash; Foto: Gilvan de Souza\/Flamengo - Legenda: Goleiro aciona Lucas Paquet&aacute; na Justi&ccedil;a \/ Jogada10"},{"@type":"BreadcrumbList","@id":"https:\/\/ubirataonline.com.br\/justica-aponta-provas-frageis-e-rejeita-acao-milionaria-de-goleiro-contra-lucas-paqueta\/#breadcrumb","itemListElement":[{"@type":"ListItem","position":1,"name":"In\u00edcio","item":"https:\/\/ubirataonline.com.br\/"},{"@type":"ListItem","position":2,"name":"Justi\u00e7a aponta &#8220;provas fr\u00e1geis&#8221; e rejeita a\u00e7\u00e3o milion\u00e1ria de goleiro contra Lucas Paquet\u00e1"}]},{"@type":"WebSite","@id":"https:\/\/ubirataonline.com.br\/#website","url":"https:\/\/ubirataonline.com.br\/","name":"Ubirat\u00e3 Online Not\u00edcias","description":"Not\u00edcias de Ubirat\u00e3, regi\u00e3o, Brasil e mundo, com informa\u00e7\u00e3o atualizada e compromisso com o leitor.","publisher":{"@id":"https:\/\/ubirataonline.com.br\/#organization"},"alternateName":"Ubirat\u00e3 Online","potentialAction":[{"@type":"SearchAction","target":{"@type":"EntryPoint","urlTemplate":"https:\/\/ubirataonline.com.br\/?s={search_term_string}"},"query-input":{"@type":"PropertyValueSpecification","valueRequired":true,"valueName":"search_term_string"}}],"inLanguage":"en-US"},{"@type":["Organization","Place"],"@id":"https:\/\/ubirataonline.com.br\/#organization","name":"Ubirat\u00e3 Online Not\u00edcias","alternateName":"Ubirat\u00e3 Online","url":"https:\/\/ubirataonline.com.br\/","logo":{"@id":"https:\/\/ubirataonline.com.br\/justica-aponta-provas-frageis-e-rejeita-acao-milionaria-de-goleiro-contra-lucas-paqueta\/#local-main-organization-logo"},"image":{"@id":"https:\/\/ubirataonline.com.br\/justica-aponta-provas-frageis-e-rejeita-acao-milionaria-de-goleiro-contra-lucas-paqueta\/#local-main-organization-logo"},"sameAs":["https:\/\/www.facebook.com\/portalubirataonline","https:\/\/x.com\/ubirataonline","https:\/\/mastodon.social\/@ubirataonline","https:\/\/www.facebook.com\/groups\/311144672285604","https:\/\/www.facebook.com\/UBTAOnline","https:\/\/www.instagram.com\/portalubirataonline\/","https:\/\/twitter.com\/ubirataonline"],"description":"Somos um portal de not\u00edcias independente, criado em 5 de janeiro de 2009, com o objetivo de informar, conectar e valorizar a nossa comunidade de Ubirat\u00e3 e toda aregi\u00e3o. Com conte\u00fado atualizado, confi\u00e1vel e relevante, o Ubirat\u00e3 Online \u00e9 o seu espa\u00e7o para ficar por dentro dos principais acontecimentos locais, regionais, Brasil, Mundo e de interesse geral. Nosso compromisso \u00e9 com a verdade, a transpar\u00eancia e o respeito ao leitor.","legalName":"UBIRATA ONLINE NOT\u00cdCIAS","foundingDate":"2009-01-05","numberOfEmployees":{"@type":"QuantitativeValue","minValue":"1","maxValue":"10"},"publishingPrinciples":"https:\/\/ubirataonline.com.br\/faq\/","address":{"@id":"https:\/\/ubirataonline.com.br\/justica-aponta-provas-frageis-e-rejeita-acao-milionaria-de-goleiro-contra-lucas-paqueta\/#local-main-place-address"},"geo":{"@type":"GeoCoordinates","latitude":"-24.5361401","longitude":"-52.9921776"},"telephone":["+5544998308235"],"contactPoint":{"@type":"ContactPoint","email":"contato@ubirataonline.com.br"},"openingHoursSpecification":{"@type":"OpeningHoursSpecification","dayOfWeek":["Monday","Tuesday","Wednesday","Thursday","Friday","Saturday","Sunday"],"opens":"00:00","closes":"23:59"},"email":"contato@ubirataonline.com.br","vatID":"47.621.418\/0001-80"},{"@type":"Person","@id":"https:\/\/ubirataonline.com.br\/#\/schema\/person\/372f87bbd3fdd79b8556b84c98d0bc1c","name":"REDA\u00c7\u00c3O: UBIRAT\u00c3 ONLINE - F\u00c1BIO AUGUSTO CELESTINO","pronouns":"Ele","description":"Desde 2003 trabalhando com not\u00edcias.","sameAs":["http:\/\/ubirataoline.com.br","https:\/\/www.facebook.com\/portalubirataonline","https:\/\/www.instagram.com\/ubirataonline_oficial","https:\/\/x.com\/x.com\/ubirataonline"],"honorificPrefix":"Mr.","honorificSuffix":"MD","birthDate":"1980-06-16","gender":"masculino","award":["V\u00e1rios pr\u00eamios de melhor portal da cidade"],"jobTitle":"Diretor","url":"https:\/\/ubirataonline.com.br\/en\/author\/ubirataonline\/"},{"@type":"PostalAddress","@id":"https:\/\/ubirataonline.com.br\/justica-aponta-provas-frageis-e-rejeita-acao-milionaria-de-goleiro-contra-lucas-paqueta\/#local-main-place-address","streetAddress":"Rua dos Coqueiros, 104 - Bairro Boa Vista, Rua dos Coqueiros, 104 Bairro Boa Vista","addressLocality":"UBIRATA","postalCode":"85440-000","addressRegion":"PR","addressCountry":"BR"},{"@type":"ImageObject","inLanguage":"en-US","@id":"https:\/\/ubirataonline.com.br\/justica-aponta-provas-frageis-e-rejeita-acao-milionaria-de-goleiro-contra-lucas-paqueta\/#local-main-organization-logo","url":"https:\/\/ubirataonline.com.br\/wp-content\/uploads\/2026\/06\/logoubirataonline-1.webp","contentUrl":"https:\/\/ubirataonline.com.br\/wp-content\/uploads\/2026\/06\/logoubirataonline-1.webp","width":500,"height":500,"caption":"Ubirat\u00e3 Online Not\u00edcias"}]},"geo.placename":"UBIRATA","geo.position":{"lat":"-24.5361401","long":"-52.9921776"},"geo.region":"Brazil"},"_links":{"self":[{"href":"https:\/\/ubirataonline.com.br\/en\/wp-json\/wp\/v2\/posts\/98598","targetHints":{"allow":["GET"]}}],"collection":[{"href":"https:\/\/ubirataonline.com.br\/en\/wp-json\/wp\/v2\/posts"}],"about":[{"href":"https:\/\/ubirataonline.com.br\/en\/wp-json\/wp\/v2\/types\/post"}],"author":[{"embeddable":true,"href":"https:\/\/ubirataonline.com.br\/en\/wp-json\/wp\/v2\/users\/1"}],"replies":[{"embeddable":true,"href":"https:\/\/ubirataonline.com.br\/en\/wp-json\/wp\/v2\/comments?post=98598"}],"version-history":[{"count":0,"href":"https:\/\/ubirataonline.com.br\/en\/wp-json\/wp\/v2\/posts\/98598\/revisions"}],"wp:featuredmedia":[{"embeddable":true,"href":"https:\/\/ubirataonline.com.br\/en\/wp-json\/wp\/v2\/media\/98599"}],"wp:attachment":[{"href":"https:\/\/ubirataonline.com.br\/en\/wp-json\/wp\/v2\/media?parent=98598"}],"wp:term":[{"taxonomy":"category","embeddable":true,"href":"https:\/\/ubirataonline.com.br\/en\/wp-json\/wp\/v2\/categories?post=98598"},{"taxonomy":"post_tag","embeddable":true,"href":"https:\/\/ubirataonline.com.br\/en\/wp-json\/wp\/v2\/tags?post=98598"}],"curies":[{"name":"wp","href":"https:\/\/api.w.org\/{rel}","templated":true}]}}