{"id":98640,"date":"2026-04-01T04:46:50","date_gmt":"2026-04-01T07:46:50","guid":{"rendered":"https:\/\/ubirataonline.com.br\/silveira-pede-a-fazenda-que-corte-de-imposto-sobre-qav-31-03-2026-economia\/"},"modified":"2026-04-01T04:46:56","modified_gmt":"2026-04-01T07:46:56","slug":"silveira-pede-a-fazenda-que-corte-de-imposto-sobre-qav-31-03-2026-economia","status":"publish","type":"post","link":"https:\/\/ubirataonline.com.br\/en\/silveira-pede-a-fazenda-que-corte-de-imposto-sobre-qav-31-03-2026-economia\/","title":{"rendered":"Silveira pede \u00e0 Fazenda que corte de imposto sobre QAV &#8211; 31\/03\/2026 &#8211; Economia"},"content":{"rendered":"<p><\/p>\n<div data-news-content-text=\"\" data-disable-copy=\"\" data-continue-reading=\"\" data-continue-reading-hide-others=\".js-continue-reading-hidden\" data-age-rating=\"\" itemprop=\"articleBody\">\n<p>O MME (Minist\u00e9rio de Minas e Energia) pediu ao Minist\u00e9rio da Fazenda que avalie a redu\u00e7\u00e3o das al\u00edquotas de PIS e Cofins incidentes sobre o querosene de avia\u00e7\u00e3o (QAV), combust\u00edvel usado no transporte a\u00e9reo.<\/p>\n<p>Essa \u00e9 mais uma tentativa para conter os impactos da forte alta internacional do petr\u00f3leo sobre o setor. A solicita\u00e7\u00e3o foi feita pelo ministro do MME, <a href=\"https:\/\/www1.folha.uol.com.br\/folha-topicos\/alexandre-silveira\/\">Alexandre Silveira<\/a>, na semana passada, e est\u00e1 em an\u00e1lise pela equipe econ\u00f4mica.<\/p>\n<p>Como mostrou a <strong>Folha<\/strong>, o governo Lula (PT) est\u00e1 em vias de anunciar um conjunto de medidas para <a href=\"https:\/\/www1.folha.uol.com.br\/mercado\/2026\/03\/setor-privado-cobra-medidas-do-governo-diante-da-crise-logistica-causada-pela-guerra.shtml\">tentar conter os efeitos<\/a> da alta do querosene de <a href=\"https:\/\/www1.folha.uol.com.br\/folha-topicos\/aviacao\/\">avia\u00e7\u00e3o<\/a> (QAV), em meio \u00e0 escalada do pre\u00e7o internacional do <a href=\"https:\/\/www1.folha.uol.com.br\/folha-topicos\/petroleo\/\">petr\u00f3leo<\/a> provocada pelos conflitos no <a href=\"https:\/\/www1.folha.uol.com.br\/folha-topicos\/oriente-medio\/\">Oriente M\u00e9dio<\/a>.<\/p>\n<p>Est\u00e1 prevista a oferta de uma linha de cr\u00e9dito emergencial com recursos do Fnac (Fundo Nacional de Avia\u00e7\u00e3o Civil), voltada \u00e0 aquisi\u00e7\u00e3o de combust\u00edvel pelas companhias a\u00e9reas, numa tentativa de aliviar a press\u00e3o imediata sobre os custos do setor.<\/p>\n<p>Segundo o MME, o corte de PIS e Cofins envolveria a redu\u00e7\u00e3o de tributos federais que hoje somam at\u00e9 R$ 71,20 por metro c\u00fabico de QAV, impostos cobrados tanto na importa\u00e7\u00e3o quanto na comercializa\u00e7\u00e3o do produto.<\/p>\n<p>Na pr\u00e1tica, a inten\u00e7\u00e3o \u00e9 baratear o custo do combust\u00edvel para as companhias a\u00e9reas, reduzindo a press\u00e3o sobre as tarifas e evitando repasses ao consumidor final devido \u00e0 escalada de conflitos no Oriente M\u00e9dio.<\/p>\n<p>A guerra tem afetado diretamente os pre\u00e7os do petr\u00f3leo e seus derivados. O barril do tipo Brent, que \u00e9 refer\u00eancia global, saiu de cerca de US$ 70 para mais de US$ 100 em poucas semanas, enquanto o pre\u00e7o do querosene de avia\u00e7\u00e3o mais do que dobrou, saltando de US$ 100 para acima de US$ 220.<\/p>\n<p>&#8220;Nesse contexto, esperam-se impactos relevantes sobre o mercado brasileiro de avia\u00e7\u00e3o, pois o peso do combust\u00edvel representa a maior parte (31%) da composi\u00e7\u00e3o dos custos e despesas operacionais do transporte a\u00e9reo. As empresas fornecedoras do QAV, majoritariamente Petrobras e Acelen (Refinaria de Mataripe) adotam pol\u00edtica comercial com reajustes mensais, v\u00e1lidos a partir do 1\u00ba dia de cada m\u00eas&#8221;, afirmou o ministro Alexandre Silveira, em seu pedido.<\/p>\n<p>A data limite para uma decis\u00e3o sobre o tema ter efeito j\u00e1 em abril, portanto, seria esta ter\u00e7a-feira (31).<\/p>\n<p>Questionado pela <strong>Folha<\/strong>, o Minist\u00e9rio da Fazenda declarou apenas que &#8220;acompanha de forma permanente a evolu\u00e7\u00e3o do cen\u00e1rio internacional, incluindo os desdobramentos do conflito no Oriente M\u00e9dio e seus potenciais impactos sobre a economia brasileira&#8221;.<\/p>\n<p>A pasta informou que &#8220;mant\u00e9m monitoramento cont\u00ednuo de vari\u00e1veis relevantes, a fim de avaliar eventuais efeitos sobre o Brasil&#8221; e que &#8220;eventuais medidas ser\u00e3o analisadas com responsabilidade, \u00e0 luz das evid\u00eancias, e sempre em conformidade com os marcos fiscais vigentes&#8221;.<\/p>\n<p>Embora o Brasil produza a maior parte do querosene de avia\u00e7\u00e3o que consome, os pre\u00e7os dom\u00e9sticos seguem a chamada paridade internacional, ou seja, acompanham as oscila\u00e7\u00f5es externas como se o produto fosse integralmente importado. Isso faz com que choques globais afetem o mercado interno, independentemente do n\u00edvel de produ\u00e7\u00e3o nacional.<\/p>\n<p>Em 2025, o pa\u00eds consumiu 7,4 milh\u00f5es de metros c\u00fabicos de QAV, dos quais 78,4% foram produzidos internamente e 21,6% vieram de importa\u00e7\u00f5es.<\/p>\n<p>O combust\u00edvel representa cerca de 31% dos custos operacionais das companhias, sendo o principal item de despesa.<\/p>\n<p>Com a disparada recente dos pre\u00e7os, a tend\u00eancia \u00e9 de que isso seja repassado para as passagens a\u00e9reas.<\/p>\n<div>\n<div data-newsletter-simple=\"\" data-subscript=\"4962\" data-message=\".js-message\" data-button=\".js-button\" data-email=\".js-email\" class=\"c-newsletter rs_skip rs_preserve\">\n<h4 class=\"c-section-title c-section-title--brand c-section-title--small-spaced\">Folha Mercado<\/h4>\n<p class=\"c-newsletter__subtitle\">Receba no seu email o que de mais importante acontece na economia; aberta para n\u00e3o assinantes.<\/p>\n<\/div>\n<\/div>\n<p>No documento enviado \u00e0 Fazenda, o MME ressalta que n\u00e3o h\u00e1, neste momento, risco de desabastecimento de querosene no pa\u00eds, mas diz que a eleva\u00e7\u00e3o dos pre\u00e7os representa uma amea\u00e7a ao equil\u00edbrio do setor.<\/p>\n<p>A preocupa\u00e7\u00e3o \u00e9 evitar que a alta comprometa a conectividade a\u00e9rea, encare\u00e7a o transporte e prejudique atividades que dependem da avia\u00e7\u00e3o, como turismo, log\u00edstica e integra\u00e7\u00e3o regional.<\/p>\n<p>No s\u00e1bado (28), a Abear (Associa\u00e7\u00e3o Brasileira das Empresas A\u00e9reas) enviou um of\u00edcio ao MPor (Minist\u00e9rio de Portos e <a href=\"https:\/\/www1.folha.uol.com.br\/folha-topicos\/aeroportos\/\">Aeroportos<\/a>) alertando para os impactos da crise do petr\u00f3leo sobre o setor.<\/p>\n<p>No documento, ao qual a <strong>Folha<\/strong> teve acesso, a entidade afirma que, embora mais de 80% do QAV consumido no Brasil seja produzido internamente, o pre\u00e7o acompanha a paridade internacional, &#8220;como se integralmente importado fosse&#8221;, o que amplifica os efeitos de choques externos.<\/p>\n<p>O querosene de avia\u00e7\u00e3o consumido no Brasil \u00e9 produzido internamente, mas seu pre\u00e7o segue a chamada &#8220;paridade de importa\u00e7\u00e3o&#8221;, ou seja, acompanha as cota\u00e7\u00f5es internacionais do petr\u00f3leo e do d\u00f3lar. Isso faz com que o mercado brasileiro absorva diretamente a volatilidade externa, mesmo sem depender majoritariamente de importa\u00e7\u00f5es.<\/p>\n<p>Entre os principais riscos apontados pelo setor est\u00e3o a redu\u00e7\u00e3o de rotas, especialmente regionais, a concentra\u00e7\u00e3o da oferta em trechos mais rent\u00e1veis e a perda de conectividade a\u00e9rea.<\/p>\n<\/p><\/div>\n<p><a href=\"https:\/\/www1.folha.uol.com.br\/mercado\/2026\/03\/silveira-pede-a-fazenda-corte-de-pis-e-cofins-sobre-querosene-de-aviacao.shtml\">Fonte do Artigo <\/a><\/p>","protected":false},"excerpt":{"rendered":"<p>O MME (Minist\u00e9rio de Minas e Energia) pediu ao Minist\u00e9rio da Fazenda que avalie a redu\u00e7\u00e3o das al\u00edquotas de PIS e Cofins incidentes sobre o querosene de avia\u00e7\u00e3o (QAV), combust\u00edvel usado no transporte a\u00e9reo. Essa \u00e9 mais uma tentativa para conter os impactos da forte alta internacional do petr\u00f3leo sobre o setor. A solicita\u00e7\u00e3o foi [&hellip;]<\/p>\n","protected":false},"author":1,"featured_media":98641,"comment_status":"closed","ping_status":"","sticky":false,"template":"","format":"standard","meta":{"googlesitekit_rrm_CAow2JLhCw:productID":"","_gspb_post_css":"","maa_idioma":"","maa_pais":"","footnotes":""},"categories":[4],"tags":[1829,1898,5153,5933,3237,24501,24500,3203],"class_list":["post-98640","post","type-post","status-publish","format-standard","has-post-thumbnail","hentry","category-brasil","tag-corte","tag-economia","tag-fazenda","tag-imposto","tag-pede","tag-qav","tag-silveira","tag-sobre"],"blocksy_meta":[],"yoast_head":"<!-- This site is optimized with the Yoast SEO Premium plugin v27.6 (Yoast SEO v27.6) - https:\/\/yoast.com\/product\/yoast-seo-premium-wordpress\/ -->\n<title>Silveira pede \u00e0 Fazenda que corte de imposto sobre QAV - 31\/03\/2026 - Economia - Ubirat\u00e3 Online Not\u00edcias - A realidade ao seu alcance!<\/title>\n<meta name=\"description\" content=\"O MME (Minist\u00e9rio de Minas e Energia) pediu ao Minist\u00e9rio da Fazenda que avalie a redu\u00e7\u00e3o das al\u00edquotas de PIS e Cofins incidentes sobre o querosene de\" \/>\n<meta name=\"robots\" content=\"index, follow, max-snippet:-1, max-image-preview:large, max-video-preview:-1\" \/>\n<link rel=\"canonical\" href=\"https:\/\/ubirataonline.com.br\/en\/silveira-pede-a-fazenda-que-corte-de-imposto-sobre-qav-31-03-2026-economia\/\" \/>\n<meta property=\"og:locale\" content=\"en_US\" \/>\n<meta property=\"og:type\" content=\"article\" \/>\n<meta property=\"og:title\" content=\"Silveira pede \u00e0 Fazenda que corte de imposto sobre QAV - 31\/03\/2026 - Economia\" \/>\n<meta property=\"og:description\" content=\"O MME (Minist\u00e9rio de Minas e Energia) pediu ao Minist\u00e9rio da Fazenda que avalie a redu\u00e7\u00e3o das al\u00edquotas de PIS e Cofins incidentes sobre o querosene de\" \/>\n<meta property=\"og:url\" content=\"https:\/\/ubirataonline.com.br\/en\/silveira-pede-a-fazenda-que-corte-de-imposto-sobre-qav-31-03-2026-economia\/\" \/>\n<meta property=\"og:site_name\" content=\"Ubirat\u00e3 Online Not\u00edcias - A realidade ao seu alcance!\" \/>\n<meta property=\"article:publisher\" content=\"https:\/\/www.facebook.com\/portalubirataonline\" \/>\n<meta property=\"article:author\" content=\"https:\/\/www.facebook.com\/portalubirataonline\" \/>\n<meta property=\"article:published_time\" content=\"2026-04-01T07:46:50+00:00\" \/>\n<meta property=\"article:modified_time\" content=\"2026-04-01T07:46:56+00:00\" \/>\n<meta property=\"og:image\" content=\"https:\/\/ubirataonline.com.br\/wp-content\/uploads\/2026\/04\/Silveira-pede-a-Fazenda-que-corte-de-imposto-sobre-QAV.jpg\" \/>\n\t<meta property=\"og:image:width\" content=\"2400\" \/>\n\t<meta property=\"og:image:height\" content=\"1600\" \/>\n\t<meta property=\"og:image:type\" content=\"image\/jpeg\" \/>\n<meta name=\"author\" content=\"REDA\u00c7\u00c3O: UBIRAT\u00c3 ONLINE - F\u00c1BIO AUGUSTO CELESTINO\" \/>\n<meta name=\"twitter:card\" content=\"summary_large_image\" \/>\n<meta name=\"twitter:creator\" content=\"@x.com\/ubirataonline\" \/>\n<meta name=\"twitter:site\" content=\"@ubirataonline\" \/>\n<meta name=\"twitter:label1\" content=\"Written by\" \/>\n\t<meta name=\"twitter:data1\" content=\"REDA\u00c7\u00c3O: UBIRAT\u00c3 ONLINE - F\u00c1BIO AUGUSTO CELESTINO\" \/>\n\t<meta name=\"twitter:label2\" content=\"Est. reading time\" \/>\n\t<meta name=\"twitter:data2\" content=\"4 minutes\" \/>\n<script type=\"application\/ld+json\" class=\"yoast-schema-graph\">{\"@context\":\"https:\\\/\\\/schema.org\",\"@graph\":[{\"@type\":\"NewsArticle\",\"@id\":\"https:\\\/\\\/ubirataonline.com.br\\\/silveira-pede-a-fazenda-que-corte-de-imposto-sobre-qav-31-03-2026-economia\\\/#article\",\"isPartOf\":{\"@id\":\"https:\\\/\\\/ubirataonline.com.br\\\/silveira-pede-a-fazenda-que-corte-de-imposto-sobre-qav-31-03-2026-economia\\\/\"},\"author\":{\"name\":\"REDA\u00c7\u00c3O: UBIRAT\u00c3 ONLINE - F\u00c1BIO AUGUSTO CELESTINO\",\"@id\":\"https:\\\/\\\/ubirataonline.com.br\\\/#\\\/schema\\\/person\\\/372f87bbd3fdd79b8556b84c98d0bc1c\"},\"headline\":\"Silveira pede \u00e0 Fazenda que corte de imposto sobre QAV &#8211; 31\\\/03\\\/2026 &#8211; Economia\",\"datePublished\":\"2026-04-01T07:46:50+00:00\",\"dateModified\":\"2026-04-01T07:46:56+00:00\",\"mainEntityOfPage\":{\"@id\":\"https:\\\/\\\/ubirataonline.com.br\\\/silveira-pede-a-fazenda-que-corte-de-imposto-sobre-qav-31-03-2026-economia\\\/\"},\"wordCount\":866,\"publisher\":{\"@id\":\"https:\\\/\\\/ubirataonline.com.br\\\/#organization\"},\"image\":{\"@id\":\"https:\\\/\\\/ubirataonline.com.br\\\/silveira-pede-a-fazenda-que-corte-de-imposto-sobre-qav-31-03-2026-economia\\\/#primaryimage\"},\"thumbnailUrl\":\"https:\\\/\\\/ubirataonline.com.br\\\/wp-content\\\/uploads\\\/2026\\\/04\\\/Silveira-pede-a-Fazenda-que-corte-de-imposto-sobre-QAV.jpg\",\"keywords\":[\"Corte\",\"economia\",\"Fazenda\",\"Imposto\",\"pede\",\"QAV\",\"Silveira\",\"sobre\"],\"articleSection\":[\"Brasil\"],\"inLanguage\":\"en-US\",\"copyrightYear\":\"2026\",\"copyrightHolder\":{\"@id\":\"https:\\\/\\\/ubirataonline.com.br\\\/en\\\/#organization\"}},{\"@type\":\"WebPage\",\"@id\":\"https:\\\/\\\/ubirataonline.com.br\\\/silveira-pede-a-fazenda-que-corte-de-imposto-sobre-qav-31-03-2026-economia\\\/\",\"url\":\"https:\\\/\\\/ubirataonline.com.br\\\/silveira-pede-a-fazenda-que-corte-de-imposto-sobre-qav-31-03-2026-economia\\\/\",\"name\":\"Silveira pede \u00e0 Fazenda que corte de imposto sobre QAV - 31\\\/03\\\/2026 - Economia - Ubirat\u00e3 Online Not\u00edcias - A realidade ao seu alcance!\",\"isPartOf\":{\"@id\":\"https:\\\/\\\/ubirataonline.com.br\\\/#website\"},\"primaryImageOfPage\":{\"@id\":\"https:\\\/\\\/ubirataonline.com.br\\\/silveira-pede-a-fazenda-que-corte-de-imposto-sobre-qav-31-03-2026-economia\\\/#primaryimage\"},\"image\":{\"@id\":\"https:\\\/\\\/ubirataonline.com.br\\\/silveira-pede-a-fazenda-que-corte-de-imposto-sobre-qav-31-03-2026-economia\\\/#primaryimage\"},\"thumbnailUrl\":\"https:\\\/\\\/ubirataonline.com.br\\\/wp-content\\\/uploads\\\/2026\\\/04\\\/Silveira-pede-a-Fazenda-que-corte-de-imposto-sobre-QAV.jpg\",\"datePublished\":\"2026-04-01T07:46:50+00:00\",\"dateModified\":\"2026-04-01T07:46:56+00:00\",\"description\":\"O MME (Minist\u00e9rio de Minas e Energia) pediu ao Minist\u00e9rio da Fazenda que avalie a redu\u00e7\u00e3o das al\u00edquotas de PIS e Cofins incidentes sobre o querosene de\",\"breadcrumb\":{\"@id\":\"https:\\\/\\\/ubirataonline.com.br\\\/silveira-pede-a-fazenda-que-corte-de-imposto-sobre-qav-31-03-2026-economia\\\/#breadcrumb\"},\"inLanguage\":\"en-US\",\"potentialAction\":[{\"@type\":\"ReadAction\",\"target\":[\"https:\\\/\\\/ubirataonline.com.br\\\/silveira-pede-a-fazenda-que-corte-de-imposto-sobre-qav-31-03-2026-economia\\\/\"]}]},{\"@type\":\"ImageObject\",\"inLanguage\":\"en-US\",\"@id\":\"https:\\\/\\\/ubirataonline.com.br\\\/silveira-pede-a-fazenda-que-corte-de-imposto-sobre-qav-31-03-2026-economia\\\/#primaryimage\",\"url\":\"https:\\\/\\\/ubirataonline.com.br\\\/wp-content\\\/uploads\\\/2026\\\/04\\\/Silveira-pede-a-Fazenda-que-corte-de-imposto-sobre-QAV.jpg\",\"contentUrl\":\"https:\\\/\\\/ubirataonline.com.br\\\/wp-content\\\/uploads\\\/2026\\\/04\\\/Silveira-pede-a-Fazenda-que-corte-de-imposto-sobre-QAV.jpg\",\"width\":2400,\"height\":1600,\"caption\":\"Medidas tentam conter impacto da alta de pre\u00e7os causada pela guerra no Oriente M\u00e9dio - Pedro Ladeira - 19.abr.24\\\/Folhapress\"},{\"@type\":\"BreadcrumbList\",\"@id\":\"https:\\\/\\\/ubirataonline.com.br\\\/silveira-pede-a-fazenda-que-corte-de-imposto-sobre-qav-31-03-2026-economia\\\/#breadcrumb\",\"itemListElement\":[{\"@type\":\"ListItem\",\"position\":1,\"name\":\"In\u00edcio\",\"item\":\"https:\\\/\\\/ubirataonline.com.br\\\/\"},{\"@type\":\"ListItem\",\"position\":2,\"name\":\"Silveira pede \u00e0 Fazenda que corte de imposto sobre QAV &#8211; 31\\\/03\\\/2026 &#8211; Economia\"}]},{\"@type\":\"WebSite\",\"@id\":\"https:\\\/\\\/ubirataonline.com.br\\\/#website\",\"url\":\"https:\\\/\\\/ubirataonline.com.br\\\/\",\"name\":\"Ubirat\u00e3 Online Not\u00edcias\",\"description\":\"Not\u00edcias de Ubirat\u00e3, regi\u00e3o, Brasil e mundo, com informa\u00e7\u00e3o atualizada e compromisso com o leitor.\",\"publisher\":{\"@id\":\"https:\\\/\\\/ubirataonline.com.br\\\/#organization\"},\"alternateName\":\"Ubirat\u00e3 Online\",\"potentialAction\":[{\"@type\":\"SearchAction\",\"target\":{\"@type\":\"EntryPoint\",\"urlTemplate\":\"https:\\\/\\\/ubirataonline.com.br\\\/?s={search_term_string}\"},\"query-input\":{\"@type\":\"PropertyValueSpecification\",\"valueRequired\":true,\"valueName\":\"search_term_string\"}}],\"inLanguage\":\"en-US\"},{\"@type\":[\"Organization\",\"Place\"],\"@id\":\"https:\\\/\\\/ubirataonline.com.br\\\/#organization\",\"name\":\"Ubirat\u00e3 Online Not\u00edcias\",\"alternateName\":\"Ubirat\u00e3 Online\",\"url\":\"https:\\\/\\\/ubirataonline.com.br\\\/\",\"logo\":{\"@id\":\"https:\\\/\\\/ubirataonline.com.br\\\/silveira-pede-a-fazenda-que-corte-de-imposto-sobre-qav-31-03-2026-economia\\\/#local-main-organization-logo\"},\"image\":{\"@id\":\"https:\\\/\\\/ubirataonline.com.br\\\/silveira-pede-a-fazenda-que-corte-de-imposto-sobre-qav-31-03-2026-economia\\\/#local-main-organization-logo\"},\"sameAs\":[\"https:\\\/\\\/www.facebook.com\\\/portalubirataonline\",\"https:\\\/\\\/x.com\\\/ubirataonline\",\"https:\\\/\\\/mastodon.social\\\/@ubirataonline\",\"https:\\\/\\\/www.facebook.com\\\/groups\\\/311144672285604\",\"https:\\\/\\\/www.facebook.com\\\/UBTAOnline\",\"https:\\\/\\\/www.instagram.com\\\/portalubirataonline\\\/\",\"https:\\\/\\\/twitter.com\\\/ubirataonline\"],\"description\":\"Somos um portal de not\u00edcias independente, criado em 5 de janeiro de 2009, com o objetivo de informar, conectar e valorizar a nossa comunidade de Ubirat\u00e3 e toda aregi\u00e3o. Com conte\u00fado atualizado, confi\u00e1vel e relevante, o Ubirat\u00e3 Online \u00e9 o seu espa\u00e7o para ficar por dentro dos principais acontecimentos locais, regionais, Brasil, Mundo e de interesse geral. Nosso compromisso \u00e9 com a verdade, a transpar\u00eancia e o respeito ao leitor.\",\"legalName\":\"UBIRATA ONLINE NOT\u00cdCIAS\",\"foundingDate\":\"2009-01-05\",\"numberOfEmployees\":{\"@type\":\"QuantitativeValue\",\"minValue\":\"1\",\"maxValue\":\"10\"},\"publishingPrinciples\":\"https:\\\/\\\/ubirataonline.com.br\\\/faq\\\/\",\"address\":{\"@id\":\"https:\\\/\\\/ubirataonline.com.br\\\/silveira-pede-a-fazenda-que-corte-de-imposto-sobre-qav-31-03-2026-economia\\\/#local-main-place-address\"},\"geo\":{\"@type\":\"GeoCoordinates\",\"latitude\":\"-24.5361401\",\"longitude\":\"-52.9921776\"},\"telephone\":[\"+5544998308235\"],\"contactPoint\":{\"@type\":\"ContactPoint\",\"email\":\"contato@ubirataonline.com.br\"},\"openingHoursSpecification\":{\"@type\":\"OpeningHoursSpecification\",\"dayOfWeek\":[\"Monday\",\"Tuesday\",\"Wednesday\",\"Thursday\",\"Friday\",\"Saturday\",\"Sunday\"],\"opens\":\"00:00\",\"closes\":\"23:59\"},\"email\":\"contato@ubirataonline.com.br\",\"vatID\":\"47.621.418\\\/0001-80\"},{\"@type\":\"Person\",\"@id\":\"https:\\\/\\\/ubirataonline.com.br\\\/#\\\/schema\\\/person\\\/372f87bbd3fdd79b8556b84c98d0bc1c\",\"name\":\"REDA\u00c7\u00c3O: UBIRAT\u00c3 ONLINE - F\u00c1BIO AUGUSTO CELESTINO\",\"pronouns\":\"Ele\",\"description\":\"Desde 2003 trabalhando com not\u00edcias.\",\"sameAs\":[\"http:\\\/\\\/ubirataoline.com.br\",\"https:\\\/\\\/www.facebook.com\\\/portalubirataonline\",\"https:\\\/\\\/www.instagram.com\\\/ubirataonline_oficial\",\"https:\\\/\\\/x.com\\\/x.com\\\/ubirataonline\"],\"honorificPrefix\":\"Mr.\",\"honorificSuffix\":\"MD\",\"birthDate\":\"1980-06-16\",\"gender\":\"masculino\",\"award\":[\"V\u00e1rios pr\u00eamios de melhor portal da cidade\"],\"jobTitle\":\"Diretor\",\"url\":\"https:\\\/\\\/ubirataonline.com.br\\\/en\\\/author\\\/ubirataonline\\\/\"},{\"@type\":\"PostalAddress\",\"@id\":\"https:\\\/\\\/ubirataonline.com.br\\\/silveira-pede-a-fazenda-que-corte-de-imposto-sobre-qav-31-03-2026-economia\\\/#local-main-place-address\",\"streetAddress\":\"Rua dos Coqueiros, 104 - Bairro Boa Vista, Rua dos Coqueiros, 104 Bairro Boa Vista\",\"addressLocality\":\"UBIRATA\",\"postalCode\":\"85440-000\",\"addressRegion\":\"PR\",\"addressCountry\":\"BR\"},{\"@type\":\"ImageObject\",\"inLanguage\":\"en-US\",\"@id\":\"https:\\\/\\\/ubirataonline.com.br\\\/silveira-pede-a-fazenda-que-corte-de-imposto-sobre-qav-31-03-2026-economia\\\/#local-main-organization-logo\",\"url\":\"https:\\\/\\\/ubirataonline.com.br\\\/wp-content\\\/uploads\\\/2026\\\/06\\\/logoubirataonline-1.webp\",\"contentUrl\":\"https:\\\/\\\/ubirataonline.com.br\\\/wp-content\\\/uploads\\\/2026\\\/06\\\/logoubirataonline-1.webp\",\"width\":500,\"height\":500,\"caption\":\"Ubirat\u00e3 Online Not\u00edcias\"}]}<\/script>\n<meta name=\"geo.placename\" content=\"UBIRATA\" \/>\n<meta name=\"geo.position\" content=\"-24.5361401;-52.9921776\" \/>\n<meta name=\"geo.region\" content=\"Brazil\" \/>\n<!-- \/ Yoast SEO Premium plugin. -->","yoast_head_json":{"title":"Silveira pede \u00e0 Fazenda que corte de imposto sobre QAV - 31\/03\/2026 - Economia - Ubirat\u00e3 Online Not\u00edcias - A realidade ao seu alcance!","description":"O MME (Minist\u00e9rio de Minas e Energia) pediu ao Minist\u00e9rio da Fazenda que avalie a redu\u00e7\u00e3o das al\u00edquotas de PIS e Cofins incidentes sobre o querosene de","robots":{"index":"index","follow":"follow","max-snippet":"max-snippet:-1","max-image-preview":"max-image-preview:large","max-video-preview":"max-video-preview:-1"},"canonical":"https:\/\/ubirataonline.com.br\/en\/silveira-pede-a-fazenda-que-corte-de-imposto-sobre-qav-31-03-2026-economia\/","og_locale":"en_US","og_type":"article","og_title":"Silveira pede \u00e0 Fazenda que corte de imposto sobre QAV - 31\/03\/2026 - Economia","og_description":"O MME (Minist\u00e9rio de Minas e Energia) pediu ao Minist\u00e9rio da Fazenda que avalie a redu\u00e7\u00e3o das al\u00edquotas de PIS e Cofins incidentes sobre o querosene de","og_url":"https:\/\/ubirataonline.com.br\/en\/silveira-pede-a-fazenda-que-corte-de-imposto-sobre-qav-31-03-2026-economia\/","og_site_name":"Ubirat\u00e3 Online Not\u00edcias - A realidade ao seu alcance!","article_publisher":"https:\/\/www.facebook.com\/portalubirataonline","article_author":"https:\/\/www.facebook.com\/portalubirataonline","article_published_time":"2026-04-01T07:46:50+00:00","article_modified_time":"2026-04-01T07:46:56+00:00","og_image":[{"width":2400,"height":1600,"url":"https:\/\/ubirataonline.com.br\/wp-content\/uploads\/2026\/04\/Silveira-pede-a-Fazenda-que-corte-de-imposto-sobre-QAV.jpg","type":"image\/jpeg"}],"author":"REDA\u00c7\u00c3O: UBIRAT\u00c3 ONLINE - F\u00c1BIO AUGUSTO CELESTINO","twitter_card":"summary_large_image","twitter_creator":"@x.com\/ubirataonline","twitter_site":"@ubirataonline","twitter_misc":{"Written by":"REDA\u00c7\u00c3O: UBIRAT\u00c3 ONLINE - F\u00c1BIO AUGUSTO CELESTINO","Est. reading time":"4 minutes"},"schema":{"@context":"https:\/\/schema.org","@graph":[{"@type":"NewsArticle","@id":"https:\/\/ubirataonline.com.br\/silveira-pede-a-fazenda-que-corte-de-imposto-sobre-qav-31-03-2026-economia\/#article","isPartOf":{"@id":"https:\/\/ubirataonline.com.br\/silveira-pede-a-fazenda-que-corte-de-imposto-sobre-qav-31-03-2026-economia\/"},"author":{"name":"REDA\u00c7\u00c3O: UBIRAT\u00c3 ONLINE - F\u00c1BIO AUGUSTO CELESTINO","@id":"https:\/\/ubirataonline.com.br\/#\/schema\/person\/372f87bbd3fdd79b8556b84c98d0bc1c"},"headline":"Silveira pede \u00e0 Fazenda que corte de imposto sobre QAV &#8211; 31\/03\/2026 &#8211; Economia","datePublished":"2026-04-01T07:46:50+00:00","dateModified":"2026-04-01T07:46:56+00:00","mainEntityOfPage":{"@id":"https:\/\/ubirataonline.com.br\/silveira-pede-a-fazenda-que-corte-de-imposto-sobre-qav-31-03-2026-economia\/"},"wordCount":866,"publisher":{"@id":"https:\/\/ubirataonline.com.br\/#organization"},"image":{"@id":"https:\/\/ubirataonline.com.br\/silveira-pede-a-fazenda-que-corte-de-imposto-sobre-qav-31-03-2026-economia\/#primaryimage"},"thumbnailUrl":"https:\/\/ubirataonline.com.br\/wp-content\/uploads\/2026\/04\/Silveira-pede-a-Fazenda-que-corte-de-imposto-sobre-QAV.jpg","keywords":["Corte","economia","Fazenda","Imposto","pede","QAV","Silveira","sobre"],"articleSection":["Brasil"],"inLanguage":"en-US","copyrightYear":"2026","copyrightHolder":{"@id":"https:\/\/ubirataonline.com.br\/en\/#organization"}},{"@type":"WebPage","@id":"https:\/\/ubirataonline.com.br\/silveira-pede-a-fazenda-que-corte-de-imposto-sobre-qav-31-03-2026-economia\/","url":"https:\/\/ubirataonline.com.br\/silveira-pede-a-fazenda-que-corte-de-imposto-sobre-qav-31-03-2026-economia\/","name":"Silveira pede \u00e0 Fazenda que corte de imposto sobre QAV - 31\/03\/2026 - Economia - Ubirat\u00e3 Online Not\u00edcias - A realidade ao seu alcance!","isPartOf":{"@id":"https:\/\/ubirataonline.com.br\/#website"},"primaryImageOfPage":{"@id":"https:\/\/ubirataonline.com.br\/silveira-pede-a-fazenda-que-corte-de-imposto-sobre-qav-31-03-2026-economia\/#primaryimage"},"image":{"@id":"https:\/\/ubirataonline.com.br\/silveira-pede-a-fazenda-que-corte-de-imposto-sobre-qav-31-03-2026-economia\/#primaryimage"},"thumbnailUrl":"https:\/\/ubirataonline.com.br\/wp-content\/uploads\/2026\/04\/Silveira-pede-a-Fazenda-que-corte-de-imposto-sobre-QAV.jpg","datePublished":"2026-04-01T07:46:50+00:00","dateModified":"2026-04-01T07:46:56+00:00","description":"O MME (Minist\u00e9rio de Minas e Energia) pediu ao Minist\u00e9rio da Fazenda que avalie a redu\u00e7\u00e3o das al\u00edquotas de PIS e Cofins incidentes sobre o querosene de","breadcrumb":{"@id":"https:\/\/ubirataonline.com.br\/silveira-pede-a-fazenda-que-corte-de-imposto-sobre-qav-31-03-2026-economia\/#breadcrumb"},"inLanguage":"en-US","potentialAction":[{"@type":"ReadAction","target":["https:\/\/ubirataonline.com.br\/silveira-pede-a-fazenda-que-corte-de-imposto-sobre-qav-31-03-2026-economia\/"]}]},{"@type":"ImageObject","inLanguage":"en-US","@id":"https:\/\/ubirataonline.com.br\/silveira-pede-a-fazenda-que-corte-de-imposto-sobre-qav-31-03-2026-economia\/#primaryimage","url":"https:\/\/ubirataonline.com.br\/wp-content\/uploads\/2026\/04\/Silveira-pede-a-Fazenda-que-corte-de-imposto-sobre-QAV.jpg","contentUrl":"https:\/\/ubirataonline.com.br\/wp-content\/uploads\/2026\/04\/Silveira-pede-a-Fazenda-que-corte-de-imposto-sobre-QAV.jpg","width":2400,"height":1600,"caption":"Medidas tentam conter impacto da alta de pre\u00e7os causada pela guerra no Oriente M\u00e9dio - Pedro Ladeira - 19.abr.24\/Folhapress"},{"@type":"BreadcrumbList","@id":"https:\/\/ubirataonline.com.br\/silveira-pede-a-fazenda-que-corte-de-imposto-sobre-qav-31-03-2026-economia\/#breadcrumb","itemListElement":[{"@type":"ListItem","position":1,"name":"In\u00edcio","item":"https:\/\/ubirataonline.com.br\/"},{"@type":"ListItem","position":2,"name":"Silveira pede \u00e0 Fazenda que corte de imposto sobre QAV &#8211; 31\/03\/2026 &#8211; Economia"}]},{"@type":"WebSite","@id":"https:\/\/ubirataonline.com.br\/#website","url":"https:\/\/ubirataonline.com.br\/","name":"Ubirat\u00e3 Online Not\u00edcias","description":"Not\u00edcias de Ubirat\u00e3, regi\u00e3o, Brasil e mundo, com informa\u00e7\u00e3o atualizada e compromisso com o leitor.","publisher":{"@id":"https:\/\/ubirataonline.com.br\/#organization"},"alternateName":"Ubirat\u00e3 Online","potentialAction":[{"@type":"SearchAction","target":{"@type":"EntryPoint","urlTemplate":"https:\/\/ubirataonline.com.br\/?s={search_term_string}"},"query-input":{"@type":"PropertyValueSpecification","valueRequired":true,"valueName":"search_term_string"}}],"inLanguage":"en-US"},{"@type":["Organization","Place"],"@id":"https:\/\/ubirataonline.com.br\/#organization","name":"Ubirat\u00e3 Online Not\u00edcias","alternateName":"Ubirat\u00e3 Online","url":"https:\/\/ubirataonline.com.br\/","logo":{"@id":"https:\/\/ubirataonline.com.br\/silveira-pede-a-fazenda-que-corte-de-imposto-sobre-qav-31-03-2026-economia\/#local-main-organization-logo"},"image":{"@id":"https:\/\/ubirataonline.com.br\/silveira-pede-a-fazenda-que-corte-de-imposto-sobre-qav-31-03-2026-economia\/#local-main-organization-logo"},"sameAs":["https:\/\/www.facebook.com\/portalubirataonline","https:\/\/x.com\/ubirataonline","https:\/\/mastodon.social\/@ubirataonline","https:\/\/www.facebook.com\/groups\/311144672285604","https:\/\/www.facebook.com\/UBTAOnline","https:\/\/www.instagram.com\/portalubirataonline\/","https:\/\/twitter.com\/ubirataonline"],"description":"Somos um portal de not\u00edcias independente, criado em 5 de janeiro de 2009, com o objetivo de informar, conectar e valorizar a nossa comunidade de Ubirat\u00e3 e toda aregi\u00e3o. Com conte\u00fado atualizado, confi\u00e1vel e relevante, o Ubirat\u00e3 Online \u00e9 o seu espa\u00e7o para ficar por dentro dos principais acontecimentos locais, regionais, Brasil, Mundo e de interesse geral. Nosso compromisso \u00e9 com a verdade, a transpar\u00eancia e o respeito ao leitor.","legalName":"UBIRATA ONLINE NOT\u00cdCIAS","foundingDate":"2009-01-05","numberOfEmployees":{"@type":"QuantitativeValue","minValue":"1","maxValue":"10"},"publishingPrinciples":"https:\/\/ubirataonline.com.br\/faq\/","address":{"@id":"https:\/\/ubirataonline.com.br\/silveira-pede-a-fazenda-que-corte-de-imposto-sobre-qav-31-03-2026-economia\/#local-main-place-address"},"geo":{"@type":"GeoCoordinates","latitude":"-24.5361401","longitude":"-52.9921776"},"telephone":["+5544998308235"],"contactPoint":{"@type":"ContactPoint","email":"contato@ubirataonline.com.br"},"openingHoursSpecification":{"@type":"OpeningHoursSpecification","dayOfWeek":["Monday","Tuesday","Wednesday","Thursday","Friday","Saturday","Sunday"],"opens":"00:00","closes":"23:59"},"email":"contato@ubirataonline.com.br","vatID":"47.621.418\/0001-80"},{"@type":"Person","@id":"https:\/\/ubirataonline.com.br\/#\/schema\/person\/372f87bbd3fdd79b8556b84c98d0bc1c","name":"REDA\u00c7\u00c3O: UBIRAT\u00c3 ONLINE - F\u00c1BIO AUGUSTO CELESTINO","pronouns":"Ele","description":"Desde 2003 trabalhando com not\u00edcias.","sameAs":["http:\/\/ubirataoline.com.br","https:\/\/www.facebook.com\/portalubirataonline","https:\/\/www.instagram.com\/ubirataonline_oficial","https:\/\/x.com\/x.com\/ubirataonline"],"honorificPrefix":"Mr.","honorificSuffix":"MD","birthDate":"1980-06-16","gender":"masculino","award":["V\u00e1rios pr\u00eamios de melhor portal da cidade"],"jobTitle":"Diretor","url":"https:\/\/ubirataonline.com.br\/en\/author\/ubirataonline\/"},{"@type":"PostalAddress","@id":"https:\/\/ubirataonline.com.br\/silveira-pede-a-fazenda-que-corte-de-imposto-sobre-qav-31-03-2026-economia\/#local-main-place-address","streetAddress":"Rua dos Coqueiros, 104 - Bairro Boa Vista, Rua dos Coqueiros, 104 Bairro Boa Vista","addressLocality":"UBIRATA","postalCode":"85440-000","addressRegion":"PR","addressCountry":"BR"},{"@type":"ImageObject","inLanguage":"en-US","@id":"https:\/\/ubirataonline.com.br\/silveira-pede-a-fazenda-que-corte-de-imposto-sobre-qav-31-03-2026-economia\/#local-main-organization-logo","url":"https:\/\/ubirataonline.com.br\/wp-content\/uploads\/2026\/06\/logoubirataonline-1.webp","contentUrl":"https:\/\/ubirataonline.com.br\/wp-content\/uploads\/2026\/06\/logoubirataonline-1.webp","width":500,"height":500,"caption":"Ubirat\u00e3 Online Not\u00edcias"}]},"geo.placename":"UBIRATA","geo.position":{"lat":"-24.5361401","long":"-52.9921776"},"geo.region":"Brazil"},"_links":{"self":[{"href":"https:\/\/ubirataonline.com.br\/en\/wp-json\/wp\/v2\/posts\/98640","targetHints":{"allow":["GET"]}}],"collection":[{"href":"https:\/\/ubirataonline.com.br\/en\/wp-json\/wp\/v2\/posts"}],"about":[{"href":"https:\/\/ubirataonline.com.br\/en\/wp-json\/wp\/v2\/types\/post"}],"author":[{"embeddable":true,"href":"https:\/\/ubirataonline.com.br\/en\/wp-json\/wp\/v2\/users\/1"}],"replies":[{"embeddable":true,"href":"https:\/\/ubirataonline.com.br\/en\/wp-json\/wp\/v2\/comments?post=98640"}],"version-history":[{"count":0,"href":"https:\/\/ubirataonline.com.br\/en\/wp-json\/wp\/v2\/posts\/98640\/revisions"}],"wp:featuredmedia":[{"embeddable":true,"href":"https:\/\/ubirataonline.com.br\/en\/wp-json\/wp\/v2\/media\/98641"}],"wp:attachment":[{"href":"https:\/\/ubirataonline.com.br\/en\/wp-json\/wp\/v2\/media?parent=98640"}],"wp:term":[{"taxonomy":"category","embeddable":true,"href":"https:\/\/ubirataonline.com.br\/en\/wp-json\/wp\/v2\/categories?post=98640"},{"taxonomy":"post_tag","embeddable":true,"href":"https:\/\/ubirataonline.com.br\/en\/wp-json\/wp\/v2\/tags?post=98640"}],"curies":[{"name":"wp","href":"https:\/\/api.w.org\/{rel}","templated":true}]}}