{"id":98814,"date":"2026-04-01T23:48:57","date_gmt":"2026-04-02T02:48:57","guid":{"rendered":"https:\/\/ubirataonline.com.br\/revitalizacao-do-centro-de-curitiba-desafios-alem-dos-incentivos\/"},"modified":"2026-04-01T23:49:00","modified_gmt":"2026-04-02T02:49:00","slug":"revitalizacao-do-centro-de-curitiba-desafios-alem-dos-incentivos","status":"publish","type":"post","link":"https:\/\/ubirataonline.com.br\/en\/revitalizacao-do-centro-de-curitiba-desafios-alem-dos-incentivos\/","title":{"rendered":"Revitaliza\u00e7\u00e3o do Centro de Curitiba: desafios al\u00e9m dos incentivos"},"content":{"rendered":"<p><\/p>\n<div id=\"post-content\">\n<p>A Prefeitura de Curitiba assinou, na \u00faltima ter\u00e7a-feira (31\/03), cinco decretos que formam o programa \u201cCuritiba de Volta ao Centro\u201d. O objetivo \u00e9 claro: <strong>combater o esvaziamento da regi\u00e3o central <\/strong>e ocupar im\u00f3veis abandonados em eixos hist\u00f3ricos, como a Rua XV de Novembro, a Riachuelo e as imedia\u00e7\u00f5es do Teatro Gua\u00edra.<\/p>\n<p>O plano aposta no bolso dos empreendedores. Entre as medidas, est\u00e3o a <a href=\"https:\/\/www.tribunapr.com.br\/noticias\/curitiba-regiao\/decretos-reduzem-impostos-para-incentivar-ocupacao-do-centro-de-curitiba\/\" target=\"_blank\" rel=\"noreferrer noopener\">redu\u00e7\u00e3o ou isen\u00e7\u00e3o tempor\u00e1ria de impostos<\/a> como o IPTU (sobre a propriedade), o ITBI (pago na compra do im\u00f3vel) e o ISS (sobre servi\u00e7os). Al\u00e9m disso, o munic\u00edpio se prop\u00f5e a <a href=\"https:\/\/www.tribunapr.com.br\/noticias\/curitiba-regiao\/curitiba-abre-consulta-publica-para-edital-que-vai-custear-ate-50-de-obras-no-centro\/\" target=\"_blank\" rel=\"noreferrer noopener\">custear at\u00e9 50%<\/a> de determinadas obras de recupera\u00e7\u00e3o.<\/p>\n<p>Para Luiz Eduardo Bini Gomes da Silva, presidente do Instituto de Arquitetos do Brasil no Paran\u00e1 (IABPR), a estrat\u00e9gia \u00e9 uma boa \u201c<strong>porta de entrada<\/strong>\u201c, mas n\u00e3o \u00e9 o suficiente. \u201c\u00c9 um bom in\u00edcio, mas \u00e9 necess\u00e1rio ir al\u00e9m das quest\u00f5es fiscais. \u00c9 preciso que o poder p\u00fablico invista tamb\u00e9m na manuten\u00e7\u00e3o dos espa\u00e7os p\u00fablicos, na acessibilidade e mobilidade, infraestrutura e paisagem urbana\u201d, avalia.<\/p>\n<h2 class=\"wp-block-heading\" id=\"h-o-conceito-de-15-minutos-contra-o-afastamento-dos-moradores\">O conceito de \u201c15 minutos\u201d contra o afastamento dos moradores<\/h2>\n<p>Pensando em uma ocupa\u00e7\u00e3o saud\u00e1vel da regi\u00e3o central, o arquiteto e urbanista aponta que Curitiba deve se espelhar no conceito de <strong>cidade de 15 minutos<\/strong> e fugir da gentrifica\u00e7\u00e3o.<\/p>\n<p>O presidente do IABPR cita Paris como exemplo positivo de cidade que se preocupou com planejamento urbano na hist\u00f3ria recente. \u201cParis tem o conceito de cidade de 15 minutos, que diz que a pessoa tem que ter, em um raio de 15 minutos andando a p\u00e9, uma <strong>gama de servi\u00e7os que atenda as necessidades prim\u00e1rias<\/strong>, como escolas, postos de sa\u00fade, farm\u00e1cias, supermercados. Esse conceito \u00e9 o que tem de mais inovador hoje no mundo: em 15 minutos a p\u00e9 acessar todas as necessidades b\u00e1sicas.\u201d<\/p>\n<p>Bini alerta que esse planejamento deve evitar a <strong>gentrifica\u00e7\u00e3o<\/strong>. O termo t\u00e9cnico descreve o processo em que uma antiga \u00e1rea degradada torna-se t\u00e3o valorizada que o custo de vida sobe excessivamente, expulsando os antigos moradores e comerciantes locais para dar lugar a pessoas com maior renda.<\/p>\n<p>Ao olhar para o projeto de Curitiba, ele acredita que existe a tentativa de fugir da gentrifica\u00e7\u00e3o. \u201cEsse mecanismo de isen\u00e7\u00e3o fiscal favorece o uso de diversas camadas da sociedade nessa \u00e1rea central, isso que traz a pujan\u00e7a que uma cidade precisa. \u00c9 ideal que tenha <strong>empreendimentos \u00e2ncoras<\/strong>, mas tamb\u00e9m servi\u00e7os b\u00e1sicos. E para segurar a popula\u00e7\u00e3o no Centro tem que dar garantia de seguran\u00e7a, emprego e moradia\u201d, afirma.<\/p>\n<h2 class=\"wp-block-heading\" id=\"h-retomada-do-centro-depende-de-execucao-a-longo-prazo\">Retomada do Centro depende de execu\u00e7\u00e3o a longo prazo<\/h2>\n<p>O economista e vice-presidente da Associa\u00e7\u00e3o Comercial do Paran\u00e1, Carlos Trist\u00e3o, avalia que o com\u00e9rcio f\u00edsico enfrenta dificuldades nos \u00faltimos anos, especialmente com o avan\u00e7o das compras online. Pelo Centro seguir como uma regi\u00e3o movimentada e diante dos subs\u00eddios anunciados no pacote, ele acredita que novos empreendimentos possam ser atra\u00eddos, embora ressalte que os incentivos, por si s\u00f3, n\u00e3o garantem a revitaliza\u00e7\u00e3o da regi\u00e3o.<\/p>\n<p>\u201cO programa funciona como um facilitador, porque oferece subs\u00eddios at\u00e9 2032, mas a decis\u00e3o de empreender envolve mais elementos do que apenas o incentivo\u201d, afirma.<\/p>\n<p>Para Trist\u00e3o, programas de incentivo e subven\u00e7\u00e3o precisam ser pensados com foco no longo prazo e acompanhados de contrapartidas que garantam melhorias efetivas na regi\u00e3o. \u201cN\u00e3o basta apenas conceder desconto sem exigir contrapartidas. Nesse caso, a exig\u00eancia de manuten\u00e7\u00e3o dos im\u00f3veis e a melhoria do ambiente urbano podem contribuir para tornar a regi\u00e3o mais atrativa.\u201d<\/p>\n<p>Ele avalia que a melhoria do espa\u00e7o urbano pode ampliar a circula\u00e7\u00e3o de turistas e consumidores, criando um ciclo positivo para a economia local e fortalecendo os novos neg\u00f3cios, mas pondera que esse resultado depende da efetiva implementa\u00e7\u00e3o das medidas previstas.<\/p>\n<p>\u201cMuitas vezes a ideia do programa \u00e9 boa, mas o que define o resultado \u00e9 a execu\u00e7\u00e3o. A prefeitura precisa acompanhar de perto e exigir que as regras sejam cumpridas para que isso realmente se converta em melhoria econ\u00f4mica para a cidade.\u201d<\/p>\n<p>O economista tamb\u00e9m aponta que investimentos de maior porte podem impulsionar o processo de revitaliza\u00e7\u00e3o e abrir espa\u00e7o para novos neg\u00f3cios menores.<\/p>\n<p>\u201cO pequeno empreendedor muitas vezes \u00e9 consequ\u00eancia de um investimento maior. Quando um grande grupo decide investir em um im\u00f3vel ou construir um empreendimento, ele est\u00e1 olhando para o longo prazo. Esse tipo de investimento pode atrair novos neg\u00f3cios ao redor.\u201d<\/p>\n<h2 class=\"wp-block-heading\" id=\"h-modernizar-ou-restaurar\">Modernizar ou restaurar?<\/h2>\n<p>Nos decretos assinados, a prefeitura cita o incentivo ao <strong>retrofit<\/strong>, arcando com 25% dos custos de obras nessa modalidade. O retrofit \u00e9 um conceito que prev\u00ea a <strong>moderniza\u00e7\u00e3o de pr\u00e9dios antigos ou defasados<\/strong>, atualizando instala\u00e7\u00f5es el\u00e9tricas e hidr\u00e1ulicas, adequando os edif\u00edcios em normas e necessidades contempor\u00e2neas.<\/p>\n<p>Sobre o uso amplo desse conceito, o presidente do IABPR demonstra preocupa\u00e7\u00e3o com o tipo de trabalho que pode ser executado nos pr\u00e9dios mais antigos da cidade. <\/p>\n<p>\u201cEu prefiro o termo <strong>restauro<\/strong>. \u00c9 fundamental que os arquitetos, urbanistas e a sociedade entendam a <strong>import\u00e2ncia do patrim\u00f4nio hist\u00f3rico<\/strong> e, na medida do poss\u00edvel, tentem preservar essa identidade que trouxe Curitiba at\u00e9 aqui. Eu acho fundamental que a quest\u00e3o de preserva\u00e7\u00e3o da identidade da cidade seja mantida para que Curitiba continue a olhar para o futuro, mas sem esquecer de onde veio\u201d, diz.<\/p>\n<p>O urbanista lembra que os 333 anos de Curitiba est\u00e3o diretamente ligados \u00e0 forma como o espa\u00e7o urbano foi constru\u00eddo ao longo do tempo. Segundo ele, o Centro re\u00fane um <strong>acervo patrimonial expressivo<\/strong>, com edif\u00edcios que registram diferentes ciclos econ\u00f4micos e arquitet\u00f4nicos do Paran\u00e1.<\/p>\n<p>\u201cO Centro \u00e9 muito rico nesse aspecto. N\u00e3o podemos desconsiderar todo o hist\u00f3rico de produ\u00e7\u00e3o arquitet\u00f4nica da cidade e os ciclos que ela viveu, como o da erva-mate, que deixou im\u00f3veis marcantes, como o Palacete do BRDE, que retrata um per\u00edodo econ\u00f4mico muito expressivo da hist\u00f3ria do Paran\u00e1.\u201d<\/p>\n<h2 class=\"wp-block-heading\" id=\"h-iniciativas-horizontais\">Iniciativas horizontais<\/h2>\n<p>Bini defende que a revitaliza\u00e7\u00e3o precisa ser \u201chorizontal\u201d, ou seja, envolver v\u00e1rias \u00e1reas ao mesmo tempo: economia, cultura, inclus\u00e3o e diversidade. Ele cita <strong>Barcelona <\/strong>como um exemplo de cidade que conseguiu reocupar seu n\u00facleo urbano com sucesso ao unir esses agentes. \u201cEssa combina\u00e7\u00e3o de a\u00e7\u00f5es \u00e9 a grande chave para um Centro realmente vivo.\u201d<\/p>\n<p>Ele relembra que Curitiba j\u00e1 foi exemplo mundial de revitaliza\u00e7\u00e3o da \u00e1rea central, quando o ent\u00e3o prefeito Jaime Lerner decidiu fechar o Cal\u00e7ad\u00e3o da Rua XV para uso exclusivo de pedestres. <\/p>\n<p>\u201cMedida inicialmente impopular, comerciantes fizeram at\u00e9 protesto na \u00e9poca, mas em curto espa\u00e7o de tempo a popula\u00e7\u00e3o notou os ganhos e a decis\u00e3o se tornou exemplo internacional de qualidade de vida.\u201d<\/p>\n<section class=\"virals\">\n<article class=\"cardnews cardnews--post cardnews--has-thumbnail cardnews--editorial-noticias\"> <a href=\"https:\/\/www.tribunapr.com.br\/noticias\/curitiba-regiao\/vereador-perdeu-pia-e-investigado-por-usar-gm-para-se-autopromove?utm_source=noticias-virais-rodape&amp;utm_medium=internal-tribuna&amp;utm_campaign=tribuna\" class=\"cardnews__postlink\"> <\/p>\n<div class=\"cardnews__image\" is-api-thumb=\"\"><\/div>\n<div class=\"cardnews__content cardhome__content\">\n<div class=\"cardnews__content-wrapper\">\n<p> <span style=\"\"> De olho! <\/span> <\/p>\n<p>Vereador Perdeu Pi\u00e1 \u00e9 investigado por usar GM para se autopromover<\/p>\n<\/p><\/div>\n<\/p><\/div>\n<p> <\/a> <\/article>\n<article class=\"cardnews cardnews--post cardnews--has-thumbnail cardnews--editorial-noticias\"> <a href=\"https:\/\/www.tribunapr.com.br\/noticias\/parana\/parana-pode-sentir-efeitos-do-el-nino-a-partir-de-julho-o-que-esperar\/?utm_source=noticias-virais-rodape&amp;utm_medium=internal-tribuna&amp;utm_campaign=tribuna\" class=\"cardnews__postlink\"> <\/p>\n<div class=\"cardnews__image\" is-api-thumb=\"\"><img decoding=\"async\" src=\"https:\/\/www.tribunapr.com.br\/wp-content\/uploads\/2026\/02\/20182305\/chuvas-370x210.jpg\" loading=\"lazy\" alt=\"Paran\u00e1 pode sentir efeitos do El Ni\u00f1o a partir de julho; o que esperar\"\/><\/div>\n<div class=\"cardnews__content cardhome__content\">\n<div class=\"cardnews__content-wrapper\">\n<p> <span style=\"\"> Alerta <\/span> <\/p>\n<p>Paran\u00e1 pode sentir efeitos do El Ni\u00f1o a partir de julho; o que esperar<\/p>\n<\/p><\/div>\n<\/p><\/div>\n<p> <\/a> <\/article>\n<article class=\"cardnews cardnews--post cardnews--has-thumbnail cardnews--editorial-noticias\"> <a href=\"https:\/\/www.tribunapr.com.br\/noticias\/parana\/roteiro-inusitado-parana-coleciona-estatuas-peculiares-pelo-interior\/ C?utm_source=noticias-virais-rodape&amp;utm_medium=internal-tribuna&amp;utm_campaign=tribuna\" class=\"cardnews__postlink\"> <\/p>\n<div class=\"cardnews__image\" is-api-thumb=\"\"><img decoding=\"async\" src=\"https:\/\/www.tribunapr.com.br\/wp-content\/uploads\/2026\/01\/15072039\/falecimentos-em-curitiba-370x210.jpg\" loading=\"lazy\" alt=\"Roteiro inusitado: Paran\u00e1 coleciona est\u00e1tuas peculiares pelo interior \"\/><\/div>\n<div class=\"cardnews__content cardhome__content\">\n<div class=\"cardnews__content-wrapper\">\n<p> <span style=\"\"> Belezas do Paran\u00e1 <\/span> <\/p>\n<p>Roteiro inusitado: Paran\u00e1 coleciona est\u00e1tuas peculiares pelo interior <\/p>\n<\/p><\/div>\n<\/p><\/div>\n<p> <\/a> <\/article>\n<\/section>\n<div id=\"tribuna-follow-cta\">\n<p> <span class=\"cta-title\">Siga a <span class=\"tribuna-color\">Tribuna<\/span> no Google, e acompanhe as \u00faltimas not\u00edcias de Curitiba e regi\u00e3o!<\/span> <\/p>\n<p> <a href=\"https:\/\/profile.google.com\/cp\/CgwvZy8xMmxxajUzM3Mac2h0dHBzOi8vd3d3LnRyaWJ1bmFwci5jb20uYnIvdml2YS92aXRyaW5lL2dpZ2FudGUtZG8tdmVzdHVhcmlvLXJlaW5hdWd1cmEtbG9qYS1lbS1zaG9wcGluZy10cmFkaWNpb25hbC1kZS1jdXJpdGliYS8iElRyaWJ1bmEgZG8gUGFyYW7DoSqAAwrHAWh0dHBzOi8vZW5jcnlwdGVkLXRibjIuZ3N0YXRpYy5jb20vZmF2aWNvbi10Ym4_cT10Ym46QU5kOUdjUVJPbjVDRjR6TzJPbkUwTXZrRlRCRTY2U0g1bGlaVDRaZTV3bWNKeU5GRm1BSnluM01nNU9PR3BXY1pYMzZwYU5HUWtsZ09JVEFLTTNNZVNGbTc1aWp6M3k2ajUtQ3M2b25kX2JUcFFQQkVLd3RsUjBsTmJESnUtVHhrNXQtbFlCNlVpOWZSVVFjT2cSswFodHRwczovL2VuY3J5cHRlZC10Ym4zLmdzdGF0aWMuY29tL2Zhdmljb24tdGJuP3E9dGJuJTNBQU5kOUdjU0FMaWJ2eFF0YXdFMFRueVdWWmVKRS1MZEdRZjVTUi1OZ2RMazhyZzIwVy1nM0JuQ1F4VDNKZFBjRXR2THdBeVRxUDJEdHVycEdVR29CQkxpYzM5al9wSmFxRERaMHNCYW05WEVhSGVsMmZTQmdKdlF4WWVyMw\" target=\"_blank\" title=\"Seguir a Tribuna no Google\">  <\/a> <\/div>\n<\/p><\/div>\n<p><a href=\"https:\/\/www.tribunapr.com.br\/noticias\/curitiba-regiao\/incentivos-para-revitalizar-o-centro-sao-passo-inicial-mas-desafio-vai-alem\/\">Fonte do Artigo <\/a><\/p>","protected":false},"excerpt":{"rendered":"<p>A Prefeitura de Curitiba assinou, na \u00faltima ter\u00e7a-feira (31\/03), cinco decretos que formam o programa \u201cCuritiba de Volta ao Centro\u201d. O objetivo \u00e9 claro: combater o esvaziamento da regi\u00e3o central e ocupar im\u00f3veis abandonados em eixos hist\u00f3ricos, como a Rua XV de Novembro, a Riachuelo e as imedia\u00e7\u00f5es do Teatro Gua\u00edra. O plano aposta no [&hellip;]<\/p>\n","protected":false},"author":1,"featured_media":98815,"comment_status":"closed","ping_status":"","sticky":false,"template":"","format":"standard","meta":{"googlesitekit_rrm_CAow2JLhCw:productID":"","_gspb_post_css":"","maa_idioma":"","maa_pais":"","footnotes":""},"categories":[1],"tags":[4057,143,151,2718,3113,24602,1713],"class_list":["post-98814","post","type-post","status-publish","format-standard","has-post-thumbnail","hentry","category-ubirata","tag-alem","tag-centro","tag-curitiba","tag-desafios","tag-dos","tag-incentivos","tag-revitalizacao"],"blocksy_meta":[],"yoast_head":"<!-- This site is optimized with the Yoast SEO Premium plugin v27.6 (Yoast SEO v27.6) - https:\/\/yoast.com\/product\/yoast-seo-premium-wordpress\/ -->\n<title>Revitaliza\u00e7\u00e3o do Centro de Curitiba: desafios al\u00e9m dos incentivos - Ubirat\u00e3 Online Not\u00edcias - A realidade ao seu alcance!<\/title>\n<meta name=\"description\" content=\"A Prefeitura de Curitiba assinou, na \u00faltima ter\u00e7a-feira (31\/03), cinco decretos que formam o programa \u201cCuritiba de Volta ao Centro\u201d. O objetivo \u00e9 claro:\" \/>\n<meta name=\"robots\" content=\"index, follow, max-snippet:-1, max-image-preview:large, max-video-preview:-1\" \/>\n<link rel=\"canonical\" href=\"https:\/\/ubirataonline.com.br\/en\/revitalizacao-do-centro-de-curitiba-desafios-alem-dos-incentivos\/\" \/>\n<meta property=\"og:locale\" content=\"en_US\" \/>\n<meta property=\"og:type\" content=\"article\" \/>\n<meta property=\"og:title\" content=\"Revitaliza\u00e7\u00e3o do Centro de Curitiba: desafios al\u00e9m dos incentivos\" \/>\n<meta property=\"og:description\" content=\"A Prefeitura de Curitiba assinou, na \u00faltima ter\u00e7a-feira (31\/03), cinco decretos que formam o programa \u201cCuritiba de Volta ao Centro\u201d. O objetivo \u00e9 claro:\" \/>\n<meta property=\"og:url\" content=\"https:\/\/ubirataonline.com.br\/en\/revitalizacao-do-centro-de-curitiba-desafios-alem-dos-incentivos\/\" \/>\n<meta property=\"og:site_name\" content=\"Ubirat\u00e3 Online Not\u00edcias - A realidade ao seu alcance!\" \/>\n<meta property=\"article:publisher\" content=\"https:\/\/www.facebook.com\/portalubirataonline\" \/>\n<meta property=\"article:author\" content=\"https:\/\/www.facebook.com\/portalubirataonline\" \/>\n<meta property=\"article:published_time\" content=\"2026-04-02T02:48:57+00:00\" \/>\n<meta property=\"article:modified_time\" content=\"2026-04-02T02:49:00+00:00\" \/>\n<meta property=\"og:image\" content=\"https:\/\/ubirataonline.com.br\/wp-content\/uploads\/2026\/04\/Revitalizacao-do-Centro-de-Curitiba-desafios-alem-dos-incentivos.png\" \/>\n\t<meta property=\"og:image:width\" content=\"1200\" \/>\n\t<meta property=\"og:image:height\" content=\"799\" \/>\n\t<meta property=\"og:image:type\" content=\"image\/png\" \/>\n<meta name=\"author\" content=\"REDA\u00c7\u00c3O: UBIRAT\u00c3 ONLINE - F\u00c1BIO AUGUSTO CELESTINO\" \/>\n<meta name=\"twitter:card\" content=\"summary_large_image\" \/>\n<meta name=\"twitter:creator\" content=\"@x.com\/ubirataonline\" \/>\n<meta name=\"twitter:site\" content=\"@ubirataonline\" \/>\n<meta name=\"twitter:label1\" content=\"Written by\" \/>\n\t<meta name=\"twitter:data1\" content=\"REDA\u00c7\u00c3O: UBIRAT\u00c3 ONLINE - F\u00c1BIO AUGUSTO CELESTINO\" \/>\n\t<meta name=\"twitter:label2\" content=\"Est. reading time\" \/>\n\t<meta name=\"twitter:data2\" content=\"6 minutes\" \/>\n<script type=\"application\/ld+json\" class=\"yoast-schema-graph\">{\"@context\":\"https:\\\/\\\/schema.org\",\"@graph\":[{\"@type\":\"NewsArticle\",\"@id\":\"https:\\\/\\\/ubirataonline.com.br\\\/revitalizacao-do-centro-de-curitiba-desafios-alem-dos-incentivos\\\/#article\",\"isPartOf\":{\"@id\":\"https:\\\/\\\/ubirataonline.com.br\\\/revitalizacao-do-centro-de-curitiba-desafios-alem-dos-incentivos\\\/\"},\"author\":{\"name\":\"REDA\u00c7\u00c3O: UBIRAT\u00c3 ONLINE - F\u00c1BIO AUGUSTO CELESTINO\",\"@id\":\"https:\\\/\\\/ubirataonline.com.br\\\/#\\\/schema\\\/person\\\/372f87bbd3fdd79b8556b84c98d0bc1c\"},\"headline\":\"Revitaliza\u00e7\u00e3o do Centro de Curitiba: desafios al\u00e9m dos incentivos\",\"datePublished\":\"2026-04-02T02:48:57+00:00\",\"dateModified\":\"2026-04-02T02:49:00+00:00\",\"mainEntityOfPage\":{\"@id\":\"https:\\\/\\\/ubirataonline.com.br\\\/revitalizacao-do-centro-de-curitiba-desafios-alem-dos-incentivos\\\/\"},\"wordCount\":1223,\"publisher\":{\"@id\":\"https:\\\/\\\/ubirataonline.com.br\\\/#organization\"},\"image\":{\"@id\":\"https:\\\/\\\/ubirataonline.com.br\\\/revitalizacao-do-centro-de-curitiba-desafios-alem-dos-incentivos\\\/#primaryimage\"},\"thumbnailUrl\":\"https:\\\/\\\/ubirataonline.com.br\\\/wp-content\\\/uploads\\\/2026\\\/04\\\/Revitalizacao-do-Centro-de-Curitiba-desafios-alem-dos-incentivos.png\",\"keywords\":[\"al\u00e9m\",\"centro\",\"Curitiba\",\"Desafios\",\"dos\",\"incentivos\",\"Revitaliza\u00e7\u00e3o\"],\"articleSection\":[\"Ubirat\u00e3\"],\"inLanguage\":\"en-US\",\"copyrightYear\":\"2026\",\"copyrightHolder\":{\"@id\":\"https:\\\/\\\/ubirataonline.com.br\\\/en\\\/#organization\"}},{\"@type\":\"WebPage\",\"@id\":\"https:\\\/\\\/ubirataonline.com.br\\\/revitalizacao-do-centro-de-curitiba-desafios-alem-dos-incentivos\\\/\",\"url\":\"https:\\\/\\\/ubirataonline.com.br\\\/revitalizacao-do-centro-de-curitiba-desafios-alem-dos-incentivos\\\/\",\"name\":\"Revitaliza\u00e7\u00e3o do Centro de Curitiba: desafios al\u00e9m dos incentivos - Ubirat\u00e3 Online Not\u00edcias - A realidade ao seu alcance!\",\"isPartOf\":{\"@id\":\"https:\\\/\\\/ubirataonline.com.br\\\/#website\"},\"primaryImageOfPage\":{\"@id\":\"https:\\\/\\\/ubirataonline.com.br\\\/revitalizacao-do-centro-de-curitiba-desafios-alem-dos-incentivos\\\/#primaryimage\"},\"image\":{\"@id\":\"https:\\\/\\\/ubirataonline.com.br\\\/revitalizacao-do-centro-de-curitiba-desafios-alem-dos-incentivos\\\/#primaryimage\"},\"thumbnailUrl\":\"https:\\\/\\\/ubirataonline.com.br\\\/wp-content\\\/uploads\\\/2026\\\/04\\\/Revitalizacao-do-Centro-de-Curitiba-desafios-alem-dos-incentivos.png\",\"datePublished\":\"2026-04-02T02:48:57+00:00\",\"dateModified\":\"2026-04-02T02:49:00+00:00\",\"description\":\"A Prefeitura de Curitiba assinou, na \u00faltima ter\u00e7a-feira (31\\\/03), cinco decretos que formam o programa \u201cCuritiba de Volta ao Centro\u201d. O objetivo \u00e9 claro:\",\"breadcrumb\":{\"@id\":\"https:\\\/\\\/ubirataonline.com.br\\\/revitalizacao-do-centro-de-curitiba-desafios-alem-dos-incentivos\\\/#breadcrumb\"},\"inLanguage\":\"en-US\",\"potentialAction\":[{\"@type\":\"ReadAction\",\"target\":[\"https:\\\/\\\/ubirataonline.com.br\\\/revitalizacao-do-centro-de-curitiba-desafios-alem-dos-incentivos\\\/\"]}]},{\"@type\":\"ImageObject\",\"inLanguage\":\"en-US\",\"@id\":\"https:\\\/\\\/ubirataonline.com.br\\\/revitalizacao-do-centro-de-curitiba-desafios-alem-dos-incentivos\\\/#primaryimage\",\"url\":\"https:\\\/\\\/ubirataonline.com.br\\\/wp-content\\\/uploads\\\/2026\\\/04\\\/Revitalizacao-do-Centro-de-Curitiba-desafios-alem-dos-incentivos.png\",\"contentUrl\":\"https:\\\/\\\/ubirataonline.com.br\\\/wp-content\\\/uploads\\\/2026\\\/04\\\/Revitalizacao-do-Centro-de-Curitiba-desafios-alem-dos-incentivos.png\",\"width\":1200,\"height\":799,\"caption\":\"Foto: Jos\u00e9 Fernando Ogura\\\/SECOM\"},{\"@type\":\"BreadcrumbList\",\"@id\":\"https:\\\/\\\/ubirataonline.com.br\\\/revitalizacao-do-centro-de-curitiba-desafios-alem-dos-incentivos\\\/#breadcrumb\",\"itemListElement\":[{\"@type\":\"ListItem\",\"position\":1,\"name\":\"In\u00edcio\",\"item\":\"https:\\\/\\\/ubirataonline.com.br\\\/\"},{\"@type\":\"ListItem\",\"position\":2,\"name\":\"Revitaliza\u00e7\u00e3o do Centro de Curitiba: desafios al\u00e9m dos incentivos\"}]},{\"@type\":\"WebSite\",\"@id\":\"https:\\\/\\\/ubirataonline.com.br\\\/#website\",\"url\":\"https:\\\/\\\/ubirataonline.com.br\\\/\",\"name\":\"Ubirat\u00e3 Online Not\u00edcias\",\"description\":\"Not\u00edcias de Ubirat\u00e3, regi\u00e3o, Brasil e mundo, com informa\u00e7\u00e3o atualizada e compromisso com o leitor.\",\"publisher\":{\"@id\":\"https:\\\/\\\/ubirataonline.com.br\\\/#organization\"},\"alternateName\":\"Ubirat\u00e3 Online\",\"potentialAction\":[{\"@type\":\"SearchAction\",\"target\":{\"@type\":\"EntryPoint\",\"urlTemplate\":\"https:\\\/\\\/ubirataonline.com.br\\\/?s={search_term_string}\"},\"query-input\":{\"@type\":\"PropertyValueSpecification\",\"valueRequired\":true,\"valueName\":\"search_term_string\"}}],\"inLanguage\":\"en-US\"},{\"@type\":[\"Organization\",\"Place\"],\"@id\":\"https:\\\/\\\/ubirataonline.com.br\\\/#organization\",\"name\":\"Ubirat\u00e3 Online Not\u00edcias\",\"alternateName\":\"Ubirat\u00e3 Online\",\"url\":\"https:\\\/\\\/ubirataonline.com.br\\\/\",\"logo\":{\"@id\":\"https:\\\/\\\/ubirataonline.com.br\\\/revitalizacao-do-centro-de-curitiba-desafios-alem-dos-incentivos\\\/#local-main-organization-logo\"},\"image\":{\"@id\":\"https:\\\/\\\/ubirataonline.com.br\\\/revitalizacao-do-centro-de-curitiba-desafios-alem-dos-incentivos\\\/#local-main-organization-logo\"},\"sameAs\":[\"https:\\\/\\\/www.facebook.com\\\/portalubirataonline\",\"https:\\\/\\\/x.com\\\/ubirataonline\",\"https:\\\/\\\/mastodon.social\\\/@ubirataonline\",\"https:\\\/\\\/www.facebook.com\\\/groups\\\/311144672285604\",\"https:\\\/\\\/www.facebook.com\\\/UBTAOnline\",\"https:\\\/\\\/www.instagram.com\\\/portalubirataonline\\\/\",\"https:\\\/\\\/twitter.com\\\/ubirataonline\"],\"description\":\"Somos um portal de not\u00edcias independente, criado em 5 de janeiro de 2009, com o objetivo de informar, conectar e valorizar a nossa comunidade de Ubirat\u00e3 e toda aregi\u00e3o. Com conte\u00fado atualizado, confi\u00e1vel e relevante, o Ubirat\u00e3 Online \u00e9 o seu espa\u00e7o para ficar por dentro dos principais acontecimentos locais, regionais, Brasil, Mundo e de interesse geral. Nosso compromisso \u00e9 com a verdade, a transpar\u00eancia e o respeito ao leitor.\",\"legalName\":\"UBIRATA ONLINE NOT\u00cdCIAS\",\"foundingDate\":\"2009-01-05\",\"numberOfEmployees\":{\"@type\":\"QuantitativeValue\",\"minValue\":\"1\",\"maxValue\":\"10\"},\"publishingPrinciples\":\"https:\\\/\\\/ubirataonline.com.br\\\/faq\\\/\",\"address\":{\"@id\":\"https:\\\/\\\/ubirataonline.com.br\\\/revitalizacao-do-centro-de-curitiba-desafios-alem-dos-incentivos\\\/#local-main-place-address\"},\"geo\":{\"@type\":\"GeoCoordinates\",\"latitude\":\"-24.5361401\",\"longitude\":\"-52.9921776\"},\"telephone\":[\"+5544998308235\"],\"contactPoint\":{\"@type\":\"ContactPoint\",\"email\":\"contato@ubirataonline.com.br\"},\"openingHoursSpecification\":{\"@type\":\"OpeningHoursSpecification\",\"dayOfWeek\":[\"Monday\",\"Tuesday\",\"Wednesday\",\"Thursday\",\"Friday\",\"Saturday\",\"Sunday\"],\"opens\":\"00:00\",\"closes\":\"23:59\"},\"email\":\"contato@ubirataonline.com.br\",\"vatID\":\"47.621.418\\\/0001-80\"},{\"@type\":\"Person\",\"@id\":\"https:\\\/\\\/ubirataonline.com.br\\\/#\\\/schema\\\/person\\\/372f87bbd3fdd79b8556b84c98d0bc1c\",\"name\":\"REDA\u00c7\u00c3O: UBIRAT\u00c3 ONLINE - F\u00c1BIO AUGUSTO CELESTINO\",\"pronouns\":\"Ele\",\"description\":\"Desde 2003 trabalhando com not\u00edcias.\",\"sameAs\":[\"http:\\\/\\\/ubirataoline.com.br\",\"https:\\\/\\\/www.facebook.com\\\/portalubirataonline\",\"https:\\\/\\\/www.instagram.com\\\/ubirataonline_oficial\",\"https:\\\/\\\/x.com\\\/x.com\\\/ubirataonline\"],\"honorificPrefix\":\"Mr.\",\"honorificSuffix\":\"MD\",\"birthDate\":\"1980-06-16\",\"gender\":\"masculino\",\"award\":[\"V\u00e1rios pr\u00eamios de melhor portal da cidade\"],\"jobTitle\":\"Diretor\",\"url\":\"https:\\\/\\\/ubirataonline.com.br\\\/en\\\/author\\\/ubirataonline\\\/\"},{\"@type\":\"PostalAddress\",\"@id\":\"https:\\\/\\\/ubirataonline.com.br\\\/revitalizacao-do-centro-de-curitiba-desafios-alem-dos-incentivos\\\/#local-main-place-address\",\"streetAddress\":\"Rua dos Coqueiros, 104 - Bairro Boa Vista, Rua dos Coqueiros, 104 Bairro Boa Vista\",\"addressLocality\":\"UBIRATA\",\"postalCode\":\"85440-000\",\"addressRegion\":\"PR\",\"addressCountry\":\"BR\"},{\"@type\":\"ImageObject\",\"inLanguage\":\"en-US\",\"@id\":\"https:\\\/\\\/ubirataonline.com.br\\\/revitalizacao-do-centro-de-curitiba-desafios-alem-dos-incentivos\\\/#local-main-organization-logo\",\"url\":\"https:\\\/\\\/ubirataonline.com.br\\\/wp-content\\\/uploads\\\/2026\\\/06\\\/logoubirataonline-1.webp\",\"contentUrl\":\"https:\\\/\\\/ubirataonline.com.br\\\/wp-content\\\/uploads\\\/2026\\\/06\\\/logoubirataonline-1.webp\",\"width\":500,\"height\":500,\"caption\":\"Ubirat\u00e3 Online Not\u00edcias\"}]}<\/script>\n<meta name=\"geo.placename\" content=\"UBIRATA\" \/>\n<meta name=\"geo.position\" content=\"-24.5361401;-52.9921776\" \/>\n<meta name=\"geo.region\" content=\"Brazil\" \/>\n<!-- \/ Yoast SEO Premium plugin. -->","yoast_head_json":{"title":"Revitaliza\u00e7\u00e3o do Centro de Curitiba: desafios al\u00e9m dos incentivos - Ubirat\u00e3 Online Not\u00edcias - A realidade ao seu alcance!","description":"A Prefeitura de Curitiba assinou, na \u00faltima ter\u00e7a-feira (31\/03), cinco decretos que formam o programa \u201cCuritiba de Volta ao Centro\u201d. O objetivo \u00e9 claro:","robots":{"index":"index","follow":"follow","max-snippet":"max-snippet:-1","max-image-preview":"max-image-preview:large","max-video-preview":"max-video-preview:-1"},"canonical":"https:\/\/ubirataonline.com.br\/en\/revitalizacao-do-centro-de-curitiba-desafios-alem-dos-incentivos\/","og_locale":"en_US","og_type":"article","og_title":"Revitaliza\u00e7\u00e3o do Centro de Curitiba: desafios al\u00e9m dos incentivos","og_description":"A Prefeitura de Curitiba assinou, na \u00faltima ter\u00e7a-feira (31\/03), cinco decretos que formam o programa \u201cCuritiba de Volta ao Centro\u201d. O objetivo \u00e9 claro:","og_url":"https:\/\/ubirataonline.com.br\/en\/revitalizacao-do-centro-de-curitiba-desafios-alem-dos-incentivos\/","og_site_name":"Ubirat\u00e3 Online Not\u00edcias - A realidade ao seu alcance!","article_publisher":"https:\/\/www.facebook.com\/portalubirataonline","article_author":"https:\/\/www.facebook.com\/portalubirataonline","article_published_time":"2026-04-02T02:48:57+00:00","article_modified_time":"2026-04-02T02:49:00+00:00","og_image":[{"width":1200,"height":799,"url":"https:\/\/ubirataonline.com.br\/wp-content\/uploads\/2026\/04\/Revitalizacao-do-Centro-de-Curitiba-desafios-alem-dos-incentivos.png","type":"image\/png"}],"author":"REDA\u00c7\u00c3O: UBIRAT\u00c3 ONLINE - F\u00c1BIO AUGUSTO CELESTINO","twitter_card":"summary_large_image","twitter_creator":"@x.com\/ubirataonline","twitter_site":"@ubirataonline","twitter_misc":{"Written by":"REDA\u00c7\u00c3O: UBIRAT\u00c3 ONLINE - F\u00c1BIO AUGUSTO CELESTINO","Est. reading time":"6 minutes"},"schema":{"@context":"https:\/\/schema.org","@graph":[{"@type":"NewsArticle","@id":"https:\/\/ubirataonline.com.br\/revitalizacao-do-centro-de-curitiba-desafios-alem-dos-incentivos\/#article","isPartOf":{"@id":"https:\/\/ubirataonline.com.br\/revitalizacao-do-centro-de-curitiba-desafios-alem-dos-incentivos\/"},"author":{"name":"REDA\u00c7\u00c3O: UBIRAT\u00c3 ONLINE - F\u00c1BIO AUGUSTO CELESTINO","@id":"https:\/\/ubirataonline.com.br\/#\/schema\/person\/372f87bbd3fdd79b8556b84c98d0bc1c"},"headline":"Revitaliza\u00e7\u00e3o do Centro de Curitiba: desafios al\u00e9m dos incentivos","datePublished":"2026-04-02T02:48:57+00:00","dateModified":"2026-04-02T02:49:00+00:00","mainEntityOfPage":{"@id":"https:\/\/ubirataonline.com.br\/revitalizacao-do-centro-de-curitiba-desafios-alem-dos-incentivos\/"},"wordCount":1223,"publisher":{"@id":"https:\/\/ubirataonline.com.br\/#organization"},"image":{"@id":"https:\/\/ubirataonline.com.br\/revitalizacao-do-centro-de-curitiba-desafios-alem-dos-incentivos\/#primaryimage"},"thumbnailUrl":"https:\/\/ubirataonline.com.br\/wp-content\/uploads\/2026\/04\/Revitalizacao-do-Centro-de-Curitiba-desafios-alem-dos-incentivos.png","keywords":["al\u00e9m","centro","Curitiba","Desafios","dos","incentivos","Revitaliza\u00e7\u00e3o"],"articleSection":["Ubirat\u00e3"],"inLanguage":"en-US","copyrightYear":"2026","copyrightHolder":{"@id":"https:\/\/ubirataonline.com.br\/en\/#organization"}},{"@type":"WebPage","@id":"https:\/\/ubirataonline.com.br\/revitalizacao-do-centro-de-curitiba-desafios-alem-dos-incentivos\/","url":"https:\/\/ubirataonline.com.br\/revitalizacao-do-centro-de-curitiba-desafios-alem-dos-incentivos\/","name":"Revitaliza\u00e7\u00e3o do Centro de Curitiba: desafios al\u00e9m dos incentivos - Ubirat\u00e3 Online Not\u00edcias - A realidade ao seu alcance!","isPartOf":{"@id":"https:\/\/ubirataonline.com.br\/#website"},"primaryImageOfPage":{"@id":"https:\/\/ubirataonline.com.br\/revitalizacao-do-centro-de-curitiba-desafios-alem-dos-incentivos\/#primaryimage"},"image":{"@id":"https:\/\/ubirataonline.com.br\/revitalizacao-do-centro-de-curitiba-desafios-alem-dos-incentivos\/#primaryimage"},"thumbnailUrl":"https:\/\/ubirataonline.com.br\/wp-content\/uploads\/2026\/04\/Revitalizacao-do-Centro-de-Curitiba-desafios-alem-dos-incentivos.png","datePublished":"2026-04-02T02:48:57+00:00","dateModified":"2026-04-02T02:49:00+00:00","description":"A Prefeitura de Curitiba assinou, na \u00faltima ter\u00e7a-feira (31\/03), cinco decretos que formam o programa \u201cCuritiba de Volta ao Centro\u201d. O objetivo \u00e9 claro:","breadcrumb":{"@id":"https:\/\/ubirataonline.com.br\/revitalizacao-do-centro-de-curitiba-desafios-alem-dos-incentivos\/#breadcrumb"},"inLanguage":"en-US","potentialAction":[{"@type":"ReadAction","target":["https:\/\/ubirataonline.com.br\/revitalizacao-do-centro-de-curitiba-desafios-alem-dos-incentivos\/"]}]},{"@type":"ImageObject","inLanguage":"en-US","@id":"https:\/\/ubirataonline.com.br\/revitalizacao-do-centro-de-curitiba-desafios-alem-dos-incentivos\/#primaryimage","url":"https:\/\/ubirataonline.com.br\/wp-content\/uploads\/2026\/04\/Revitalizacao-do-Centro-de-Curitiba-desafios-alem-dos-incentivos.png","contentUrl":"https:\/\/ubirataonline.com.br\/wp-content\/uploads\/2026\/04\/Revitalizacao-do-Centro-de-Curitiba-desafios-alem-dos-incentivos.png","width":1200,"height":799,"caption":"Foto: Jos\u00e9 Fernando Ogura\/SECOM"},{"@type":"BreadcrumbList","@id":"https:\/\/ubirataonline.com.br\/revitalizacao-do-centro-de-curitiba-desafios-alem-dos-incentivos\/#breadcrumb","itemListElement":[{"@type":"ListItem","position":1,"name":"In\u00edcio","item":"https:\/\/ubirataonline.com.br\/"},{"@type":"ListItem","position":2,"name":"Revitaliza\u00e7\u00e3o do Centro de Curitiba: desafios al\u00e9m dos incentivos"}]},{"@type":"WebSite","@id":"https:\/\/ubirataonline.com.br\/#website","url":"https:\/\/ubirataonline.com.br\/","name":"Ubirat\u00e3 Online Not\u00edcias","description":"Not\u00edcias de Ubirat\u00e3, regi\u00e3o, Brasil e mundo, com informa\u00e7\u00e3o atualizada e compromisso com o leitor.","publisher":{"@id":"https:\/\/ubirataonline.com.br\/#organization"},"alternateName":"Ubirat\u00e3 Online","potentialAction":[{"@type":"SearchAction","target":{"@type":"EntryPoint","urlTemplate":"https:\/\/ubirataonline.com.br\/?s={search_term_string}"},"query-input":{"@type":"PropertyValueSpecification","valueRequired":true,"valueName":"search_term_string"}}],"inLanguage":"en-US"},{"@type":["Organization","Place"],"@id":"https:\/\/ubirataonline.com.br\/#organization","name":"Ubirat\u00e3 Online Not\u00edcias","alternateName":"Ubirat\u00e3 Online","url":"https:\/\/ubirataonline.com.br\/","logo":{"@id":"https:\/\/ubirataonline.com.br\/revitalizacao-do-centro-de-curitiba-desafios-alem-dos-incentivos\/#local-main-organization-logo"},"image":{"@id":"https:\/\/ubirataonline.com.br\/revitalizacao-do-centro-de-curitiba-desafios-alem-dos-incentivos\/#local-main-organization-logo"},"sameAs":["https:\/\/www.facebook.com\/portalubirataonline","https:\/\/x.com\/ubirataonline","https:\/\/mastodon.social\/@ubirataonline","https:\/\/www.facebook.com\/groups\/311144672285604","https:\/\/www.facebook.com\/UBTAOnline","https:\/\/www.instagram.com\/portalubirataonline\/","https:\/\/twitter.com\/ubirataonline"],"description":"Somos um portal de not\u00edcias independente, criado em 5 de janeiro de 2009, com o objetivo de informar, conectar e valorizar a nossa comunidade de Ubirat\u00e3 e toda aregi\u00e3o. Com conte\u00fado atualizado, confi\u00e1vel e relevante, o Ubirat\u00e3 Online \u00e9 o seu espa\u00e7o para ficar por dentro dos principais acontecimentos locais, regionais, Brasil, Mundo e de interesse geral. Nosso compromisso \u00e9 com a verdade, a transpar\u00eancia e o respeito ao leitor.","legalName":"UBIRATA ONLINE NOT\u00cdCIAS","foundingDate":"2009-01-05","numberOfEmployees":{"@type":"QuantitativeValue","minValue":"1","maxValue":"10"},"publishingPrinciples":"https:\/\/ubirataonline.com.br\/faq\/","address":{"@id":"https:\/\/ubirataonline.com.br\/revitalizacao-do-centro-de-curitiba-desafios-alem-dos-incentivos\/#local-main-place-address"},"geo":{"@type":"GeoCoordinates","latitude":"-24.5361401","longitude":"-52.9921776"},"telephone":["+5544998308235"],"contactPoint":{"@type":"ContactPoint","email":"contato@ubirataonline.com.br"},"openingHoursSpecification":{"@type":"OpeningHoursSpecification","dayOfWeek":["Monday","Tuesday","Wednesday","Thursday","Friday","Saturday","Sunday"],"opens":"00:00","closes":"23:59"},"email":"contato@ubirataonline.com.br","vatID":"47.621.418\/0001-80"},{"@type":"Person","@id":"https:\/\/ubirataonline.com.br\/#\/schema\/person\/372f87bbd3fdd79b8556b84c98d0bc1c","name":"REDA\u00c7\u00c3O: UBIRAT\u00c3 ONLINE - F\u00c1BIO AUGUSTO CELESTINO","pronouns":"Ele","description":"Desde 2003 trabalhando com not\u00edcias.","sameAs":["http:\/\/ubirataoline.com.br","https:\/\/www.facebook.com\/portalubirataonline","https:\/\/www.instagram.com\/ubirataonline_oficial","https:\/\/x.com\/x.com\/ubirataonline"],"honorificPrefix":"Mr.","honorificSuffix":"MD","birthDate":"1980-06-16","gender":"masculino","award":["V\u00e1rios pr\u00eamios de melhor portal da cidade"],"jobTitle":"Diretor","url":"https:\/\/ubirataonline.com.br\/en\/author\/ubirataonline\/"},{"@type":"PostalAddress","@id":"https:\/\/ubirataonline.com.br\/revitalizacao-do-centro-de-curitiba-desafios-alem-dos-incentivos\/#local-main-place-address","streetAddress":"Rua dos Coqueiros, 104 - Bairro Boa Vista, Rua dos Coqueiros, 104 Bairro Boa Vista","addressLocality":"UBIRATA","postalCode":"85440-000","addressRegion":"PR","addressCountry":"BR"},{"@type":"ImageObject","inLanguage":"en-US","@id":"https:\/\/ubirataonline.com.br\/revitalizacao-do-centro-de-curitiba-desafios-alem-dos-incentivos\/#local-main-organization-logo","url":"https:\/\/ubirataonline.com.br\/wp-content\/uploads\/2026\/06\/logoubirataonline-1.webp","contentUrl":"https:\/\/ubirataonline.com.br\/wp-content\/uploads\/2026\/06\/logoubirataonline-1.webp","width":500,"height":500,"caption":"Ubirat\u00e3 Online Not\u00edcias"}]},"geo.placename":"UBIRATA","geo.position":{"lat":"-24.5361401","long":"-52.9921776"},"geo.region":"Brazil"},"_links":{"self":[{"href":"https:\/\/ubirataonline.com.br\/en\/wp-json\/wp\/v2\/posts\/98814","targetHints":{"allow":["GET"]}}],"collection":[{"href":"https:\/\/ubirataonline.com.br\/en\/wp-json\/wp\/v2\/posts"}],"about":[{"href":"https:\/\/ubirataonline.com.br\/en\/wp-json\/wp\/v2\/types\/post"}],"author":[{"embeddable":true,"href":"https:\/\/ubirataonline.com.br\/en\/wp-json\/wp\/v2\/users\/1"}],"replies":[{"embeddable":true,"href":"https:\/\/ubirataonline.com.br\/en\/wp-json\/wp\/v2\/comments?post=98814"}],"version-history":[{"count":0,"href":"https:\/\/ubirataonline.com.br\/en\/wp-json\/wp\/v2\/posts\/98814\/revisions"}],"wp:featuredmedia":[{"embeddable":true,"href":"https:\/\/ubirataonline.com.br\/en\/wp-json\/wp\/v2\/media\/98815"}],"wp:attachment":[{"href":"https:\/\/ubirataonline.com.br\/en\/wp-json\/wp\/v2\/media?parent=98814"}],"wp:term":[{"taxonomy":"category","embeddable":true,"href":"https:\/\/ubirataonline.com.br\/en\/wp-json\/wp\/v2\/categories?post=98814"},{"taxonomy":"post_tag","embeddable":true,"href":"https:\/\/ubirataonline.com.br\/en\/wp-json\/wp\/v2\/tags?post=98814"}],"curies":[{"name":"wp","href":"https:\/\/api.w.org\/{rel}","templated":true}]}}