{"id":98841,"date":"2026-04-02T03:01:51","date_gmt":"2026-04-02T06:01:51","guid":{"rendered":"https:\/\/ubirataonline.com.br\/anya-taylor-joy-wears-a-floral-givenchy-look-while-doing-press-in-tokyo\/"},"modified":"2026-04-02T03:01:53","modified_gmt":"2026-04-02T06:01:53","slug":"anya-taylor-joy-wears-a-floral-givenchy-look-while-doing-press-in-tokyo","status":"publish","type":"post","link":"https:\/\/ubirataonline.com.br\/en\/anya-taylor-joy-wears-a-floral-givenchy-look-while-doing-press-in-tokyo\/","title":{"rendered":"Anya Taylor-Joy Wears a Floral Givenchy Look While Doing Press in Tokyo"},"content":{"rendered":"<p><br \/>\n<\/p>\n<div data-journey-body=\"standard-article\">\n<p data-journey-content=\"true\" data-node-id=\"0\" class=\"body-dropcap css-1y7tupd emevuu60\">With the release of <a href=\"https:\/\/www.harpersbazaar.com\/culture\/film-tv\/a61537736\/devil-wears-prada-sequel-news-cast-details\/\" target=\"_blank\" data-vars-ga-outbound-link=\"https:\/\/www.harpersbazaar.com\/culture\/film-tv\/a61537736\/devil-wears-prada-sequel-news-cast-details\/\" data-vars-ga-ux-element=\"Hyperlink\" data-vars-ga-call-to-action=\"The Devil Wears Prada 2\" data-node-id=\"0.1\" class=\"body-link css-1a58m3o emevuu60\"><em data-node-id=\"0.1.0\">The Devil Wears Prada 2<\/em><\/a> right around corner, it\u2019s easy to see the ways in which the original continues to reverberate in our cultural consciousness. Cerulean is <a href=\"https:\/\/www.harpersbazaar.com\/fashion\/trends\/a70866394\/cerulean-color-trend-2026\/\" target=\"_blank\" data-vars-ga-outbound-link=\"https:\/\/www.harpersbazaar.com\/fashion\/trends\/a70866394\/cerulean-color-trend-2026\/\" data-vars-ga-ux-element=\"Hyperlink\" data-vars-ga-call-to-action=\"making a comeback\" data-node-id=\"0.3\" class=\"body-link css-1a58m3o emevuu60\">making a comeback<\/a>. Editors are striving to dress like <a href=\"https:\/\/www.harpersbazaar.com\/fashion\/a64772040\/the-devil-wears-prada-andy-sachs-outfits-review-2025\/\" target=\"_blank\" data-vars-ga-outbound-link=\"https:\/\/www.harpersbazaar.com\/fashion\/a64772040\/the-devil-wears-prada-andy-sachs-outfits-review-2025\/\" data-vars-ga-ux-element=\"Hyperlink\" data-vars-ga-call-to-action=\"pre-transformation Andy Sachs\" data-node-id=\"0.5\" class=\"body-link css-1a58m3o emevuu60\">pre-transformation Andy Sachs<\/a>. And amongst fashion circles, one line that has been quoted ad nauseam over the last two decades comes from none other than <a href=\"https:\/\/www.harpersbazaar.com\/celebrity\/latest\/a65584618\/meryl-streep-red-off-shoulder-dress-the-devil-wears-prada-2\/\" target=\"_blank\" data-vars-ga-outbound-link=\"https:\/\/www.harpersbazaar.com\/celebrity\/latest\/a65584618\/meryl-streep-red-off-shoulder-dress-the-devil-wears-prada-2\/\" data-vars-ga-ux-element=\"Hyperlink\" data-vars-ga-call-to-action=\"Miranda Priestly\" data-node-id=\"0.7\" class=\"body-link css-1a58m3o emevuu60\">Miranda Priestly<\/a> (played by Meryl Streep). \u201cFlorals? For spring? Groundbreaking,\u201d she famously quips in the original film as she receives pitches for her magazine\u2019s next edition and finds that one of them involves flowers.<\/p>\n<p data-journey-content=\"true\" data-node-id=\"1\" class=\"css-6wxqfj emevuu60\">Yes, the line still remains hilarious, but if recent runways from the likes of <a href=\"https:\/\/www.harpersbazaar.com\/fashion\/a70734446\/matthieu-blazy-chanel-spring-2026-drop-us\/\" target=\"_blank\" data-vars-ga-outbound-link=\"https:\/\/www.harpersbazaar.com\/fashion\/a70734446\/matthieu-blazy-chanel-spring-2026-drop-us\/\" data-vars-ga-ux-element=\"Hyperlink\" data-vars-ga-call-to-action=\"Chanel\" data-node-id=\"1.1\" class=\"body-link css-1a58m3o emevuu60\">Chanel<\/a>, <a href=\"https:\/\/www.harpersbazaar.com\/fashion\/trends\/a69887138\/dior-spring-summer-2026-collection-shopping-launch\/\" target=\"_blank\" data-vars-ga-outbound-link=\"https:\/\/www.harpersbazaar.com\/fashion\/trends\/a69887138\/dior-spring-summer-2026-collection-shopping-launch\/\" data-vars-ga-ux-element=\"Hyperlink\" data-vars-ga-call-to-action=\"Dior\" data-node-id=\"1.3\" class=\"body-link css-1a58m3o emevuu60\">Dior<\/a>, and more have proven anything, it\u2019s that there are still ways to make florals seem thrilling during the springtime. And Anya Taylor-Joy\u2019s latest look is only further proof of that.<\/p>\n<section data-embed=\"instagram\" data-lazy-id=\"P0-15\" data-node-id=\"2\" class=\"embed\"\/>\n<p data-journey-content=\"true\" data-node-id=\"3\" class=\"css-6wxqfj emevuu60\">Currently, the Golden Globe winner is promoting <em data-node-id=\"3.1\">The Super Mario Galaxy Movie<\/em>, in which she voices Princess Peach, a role that she first voiced in 2023\u2019s <em data-node-id=\"3.3\">The Super Mario Bros. Movie<\/em>.<\/p>\n<section data-embed=\"watch-next\" data-lazy-id=\"P0-16\" data-node-id=\"4\" class=\"embed\"\/>\n<p data-journey-content=\"true\" data-node-id=\"5\" class=\"css-6wxqfj emevuu60\">While Taylor-Joy has been leaning a bit into method dressing with some <a href=\"https:\/\/www.harpersbazaar.com\/celebrity\/latest\/a70866463\/anya-taylor-joy-wide-brim-jacquemus-hat-princess-peach-method-dressing-photos\/\" target=\"_blank\" data-vars-ga-outbound-link=\"https:\/\/www.harpersbazaar.com\/celebrity\/latest\/a70866463\/anya-taylor-joy-wide-brim-jacquemus-hat-princess-peach-method-dressing-photos\/\" data-vars-ga-ux-element=\"Hyperlink\" data-vars-ga-call-to-action=\"peachy-hued looks\" data-node-id=\"5.1\" class=\"body-link css-1a58m3o emevuu60\">peachy-hued looks<\/a>, her latest ensemble, worn while doing press in Tokyo, was simply a stunning piece of fashion\u2014no gimmicks needed. It was pulled straight from the Givenchy Fall\/Winter 2026 ready-to-wear collection.<\/p>\n<section data-embed=\"body-image\" data-lazy-id=\"P0-17\" data-node-id=\"6\" class=\"embed\">\n<div size=\"medium\" data-embed=\"body-image\" class=\"align-center size-medium embed css-y6m8k e1fodxfw4\">\n<div class=\"css-uwraif e1fodxfw3\">\n<div class=\"css-swqnqv e1fodxfw2\"><figcaption data-theme-key=\"photo-credit-figcaption\" class=\"css-1am3yn9 e1g9hcy40\"><span data-theme-key=\"photo-credit-creditor\" class=\"css-1qhixxc e1geg53v2\">Filippo Fior<\/span><span class=\"css-1bgxcor e1geg53v0\">\/\/<\/span><span class=\"css-1qhixxc e1geg53v1\">LAUNCHMETRICS SPOTLIGHT<\/span><\/figcaption><p>Look 44 from the Givenchy Fall\/Winter 2026 ready-to-wear collection.<\/p>\n<\/div>\n<\/div>\n<\/div>\n<\/section>\n<p data-journey-content=\"true\" data-node-id=\"7\" class=\"css-6wxqfj emevuu60\">The strapless minidress was made of a duchesse satin and defined by its structural corset bodice and a floral-embroidered skirt knotted into a bow at one of the hips.<\/p>\n<p data-journey-content=\"true\" data-node-id=\"8\" class=\"css-6wxqfj emevuu60\">To match the dress, Taylor-Joy wore a pair of the house\u2019s thigh-high <a rel=\"nofollow\" href=\"https:\/\/go.redirectingat.com?id=74968X1525079&amp;url=https%3A%2F%2Fwww.givenchy.com%2Fus%2Fen-US%2Fshark-pinch-boots-in-leather%2F3617015744279.html\" target=\"_blank\" data-vars-ga-outbound-link=\"https:\/\/www.givenchy.com\/us\/en-US\/shark-pinch-boots-in-leather\/3617015744279.html\" data-vars-ga-ux-element=\"Hyperlink\" data-vars-ga-call-to-action=\"Shark Pinch boots\" data-vars-ga-product-id=\"f24459d4-7d10-42a1-95d0-ed1910c305c1\" data-node-id=\"8.1\" data-href=\"https:\/\/www.givenchy.com\/us\/en-US\/shark-pinch-boots-in-leather\/3617015744279.html\" data-product-url=\"https:\/\/www.givenchy.com\/us\/en-US\/shark-pinch-boots-in-leather\/3617015744279.html\" data-affiliate=\"true\" data-affiliate-url=\"https:\/\/go.redirectingat.com?id=74968X1525079&amp;url=https%3A%2F%2Fwww.givenchy.com%2Fus%2Fen-US%2Fshark-pinch-boots-in-leather%2F3617015744279.html\" data-affiliate-network=\"{&quot;site_id&quot;:&quot;229d0812-d901-44db-87b0-24674345b9e5&quot;,&quot;metadata&quot;:null,&quot;network&quot;:{&quot;name&quot;:&quot;Skimlinks&quot;},&quot;product_metadata&quot;:null,&quot;afflink_redirect&quot;:&quot;\/_p\/afflink\/132qN\/givenchy-shark-pinch-boots-in-leather&quot;}\" data-vars-ga-product-brand=\"Givenchy\" data-vars-ga-product-price=\"$0.00\" data-vars-ga-product-retailer-id=\"b77a7974-4fd7-4f08-9bac-1dbdf3562ba8\" data-vars-ga-product-sem3-brand=\"Givenchy\" data-vars-ga-link-treatment=\"(not set) | (not set)\" class=\"body-link product-links css-1a58m3o e1aq0z090\">Shark Pinch boots<\/a>, which were decorated with the same floral pattern. Finally, she accessorized with link earrings and a golden ring, both from Tiffany &amp; Co.<\/p>\n<p data-journey-content=\"true\" data-node-id=\"9\" class=\"css-6wxqfj emevuu60\">Floral-embroidered, pant-like leather boots that perfectly match a dress for one seamless silhouette? Now that\u2019s something Miranda Priestly would never scoff at.<\/p>\n<\/div>\n<p><br \/>\n<br \/><a href=\"https:\/\/www.harpersbazaar.com\/celebrity\/latest\/a70910622\/anya-taylor-joy-floral-givenchy-dress-boots-super-mario-galaxy-movie-press\/\">Source link <\/a><\/p>","protected":false},"excerpt":{"rendered":"<p>With the release of The Devil Wears Prada 2 right around corner, it\u2019s easy to see the ways in which the original continues to reverberate in our cultural consciousness. Cerulean is making a comeback. Editors are striving to dress like pre-transformation Andy Sachs. And amongst fashion circles, one line that has been quoted ad nauseam [&hellip;]<\/p>\n","protected":false},"author":1,"featured_media":98842,"comment_status":"closed","ping_status":"","sticky":false,"template":"","format":"standard","meta":{"googlesitekit_rrm_CAow2JLhCw:productID":"","_gspb_post_css":"","maa_idioma":"","maa_pais":"","footnotes":""},"categories":[1],"tags":[17109,24618,24619,7579,24617,24620,5609],"class_list":["post-98841","post","type-post","status-publish","format-standard","has-post-thumbnail","hentry","category-ubirata","tag-anya","tag-floral","tag-givenchy","tag-press","tag-taylorjoy","tag-tokyo","tag-wears"],"blocksy_meta":[],"yoast_head":"<!-- This site is optimized with the Yoast SEO Premium plugin v27.6 (Yoast SEO v27.6) - https:\/\/yoast.com\/product\/yoast-seo-premium-wordpress\/ -->\n<title>Anya Taylor-Joy Wears a Floral Givenchy Look While Doing Press in Tokyo - Ubirat\u00e3 Online Not\u00edcias - A realidade ao seu alcance!<\/title>\n<meta name=\"description\" content=\"With the release of The Devil Wears Prada 2 right around corner, it\u2019s easy to see the ways in which the original continues to reverberate in our cultural\" \/>\n<meta name=\"robots\" content=\"index, follow, max-snippet:-1, max-image-preview:large, max-video-preview:-1\" \/>\n<link rel=\"canonical\" href=\"https:\/\/ubirataonline.com.br\/en\/anya-taylor-joy-wears-a-floral-givenchy-look-while-doing-press-in-tokyo\/\" \/>\n<meta property=\"og:locale\" content=\"en_US\" \/>\n<meta property=\"og:type\" content=\"article\" \/>\n<meta property=\"og:title\" content=\"Anya Taylor-Joy Wears a Floral Givenchy Look While Doing Press in Tokyo\" \/>\n<meta property=\"og:description\" content=\"With the release of The Devil Wears Prada 2 right around corner, it\u2019s easy to see the ways in which the original continues to reverberate in our cultural\" \/>\n<meta property=\"og:url\" content=\"https:\/\/ubirataonline.com.br\/en\/anya-taylor-joy-wears-a-floral-givenchy-look-while-doing-press-in-tokyo\/\" \/>\n<meta property=\"og:site_name\" content=\"Ubirat\u00e3 Online Not\u00edcias - A realidade ao seu alcance!\" \/>\n<meta property=\"article:publisher\" content=\"https:\/\/www.facebook.com\/portalubirataonline\" \/>\n<meta property=\"article:author\" content=\"https:\/\/www.facebook.com\/portalubirataonline\" \/>\n<meta property=\"article:published_time\" content=\"2026-04-02T06:01:51+00:00\" \/>\n<meta property=\"article:modified_time\" content=\"2026-04-02T06:01:53+00:00\" \/>\n<meta property=\"og:image\" content=\"https:\/\/ubirataonline.com.br\/wp-content\/uploads\/2026\/04\/Anya-Taylor-Joy-Wears-a-Floral-Givenchy-Look-While-Doing-Press.jpg\" \/>\n\t<meta property=\"og:image:width\" content=\"837\" \/>\n\t<meta property=\"og:image:height\" content=\"419\" \/>\n\t<meta property=\"og:image:type\" content=\"image\/jpeg\" \/>\n<meta name=\"author\" content=\"REDA\u00c7\u00c3O: UBIRAT\u00c3 ONLINE - F\u00c1BIO AUGUSTO CELESTINO\" \/>\n<meta name=\"twitter:card\" content=\"summary_large_image\" \/>\n<meta name=\"twitter:creator\" content=\"@x.com\/ubirataonline\" \/>\n<meta name=\"twitter:site\" content=\"@ubirataonline\" \/>\n<meta name=\"twitter:label1\" content=\"Written by\" \/>\n\t<meta name=\"twitter:data1\" content=\"REDA\u00c7\u00c3O: UBIRAT\u00c3 ONLINE - F\u00c1BIO AUGUSTO CELESTINO\" \/>\n\t<meta name=\"twitter:label2\" content=\"Est. reading time\" \/>\n\t<meta name=\"twitter:data2\" content=\"2 minutes\" \/>\n<script type=\"application\/ld+json\" class=\"yoast-schema-graph\">{\"@context\":\"https:\\\/\\\/schema.org\",\"@graph\":[{\"@type\":\"NewsArticle\",\"@id\":\"https:\\\/\\\/ubirataonline.com.br\\\/anya-taylor-joy-wears-a-floral-givenchy-look-while-doing-press-in-tokyo\\\/#article\",\"isPartOf\":{\"@id\":\"https:\\\/\\\/ubirataonline.com.br\\\/anya-taylor-joy-wears-a-floral-givenchy-look-while-doing-press-in-tokyo\\\/\"},\"author\":{\"name\":\"REDA\u00c7\u00c3O: UBIRAT\u00c3 ONLINE - F\u00c1BIO AUGUSTO CELESTINO\",\"@id\":\"https:\\\/\\\/ubirataonline.com.br\\\/#\\\/schema\\\/person\\\/372f87bbd3fdd79b8556b84c98d0bc1c\"},\"headline\":\"Anya Taylor-Joy Wears a Floral Givenchy Look While Doing Press in Tokyo\",\"datePublished\":\"2026-04-02T06:01:51+00:00\",\"dateModified\":\"2026-04-02T06:01:53+00:00\",\"mainEntityOfPage\":{\"@id\":\"https:\\\/\\\/ubirataonline.com.br\\\/anya-taylor-joy-wears-a-floral-givenchy-look-while-doing-press-in-tokyo\\\/\"},\"wordCount\":342,\"publisher\":{\"@id\":\"https:\\\/\\\/ubirataonline.com.br\\\/#organization\"},\"image\":{\"@id\":\"https:\\\/\\\/ubirataonline.com.br\\\/anya-taylor-joy-wears-a-floral-givenchy-look-while-doing-press-in-tokyo\\\/#primaryimage\"},\"thumbnailUrl\":\"https:\\\/\\\/ubirataonline.com.br\\\/wp-content\\\/uploads\\\/2026\\\/04\\\/Anya-Taylor-Joy-Wears-a-Floral-Givenchy-Look-While-Doing-Press.jpg\",\"keywords\":[\"Anya\",\"Floral\",\"Givenchy\",\"Press\",\"TaylorJoy\",\"Tokyo\",\"wears\"],\"articleSection\":[\"Ubirat\u00e3\"],\"inLanguage\":\"en-US\",\"copyrightYear\":\"2026\",\"copyrightHolder\":{\"@id\":\"https:\\\/\\\/ubirataonline.com.br\\\/en\\\/#organization\"}},{\"@type\":\"WebPage\",\"@id\":\"https:\\\/\\\/ubirataonline.com.br\\\/anya-taylor-joy-wears-a-floral-givenchy-look-while-doing-press-in-tokyo\\\/\",\"url\":\"https:\\\/\\\/ubirataonline.com.br\\\/anya-taylor-joy-wears-a-floral-givenchy-look-while-doing-press-in-tokyo\\\/\",\"name\":\"Anya Taylor-Joy Wears a Floral Givenchy Look While Doing Press in Tokyo - Ubirat\u00e3 Online Not\u00edcias - A realidade ao seu alcance!\",\"isPartOf\":{\"@id\":\"https:\\\/\\\/ubirataonline.com.br\\\/#website\"},\"primaryImageOfPage\":{\"@id\":\"https:\\\/\\\/ubirataonline.com.br\\\/anya-taylor-joy-wears-a-floral-givenchy-look-while-doing-press-in-tokyo\\\/#primaryimage\"},\"image\":{\"@id\":\"https:\\\/\\\/ubirataonline.com.br\\\/anya-taylor-joy-wears-a-floral-givenchy-look-while-doing-press-in-tokyo\\\/#primaryimage\"},\"thumbnailUrl\":\"https:\\\/\\\/ubirataonline.com.br\\\/wp-content\\\/uploads\\\/2026\\\/04\\\/Anya-Taylor-Joy-Wears-a-Floral-Givenchy-Look-While-Doing-Press.jpg\",\"datePublished\":\"2026-04-02T06:01:51+00:00\",\"dateModified\":\"2026-04-02T06:01:53+00:00\",\"description\":\"With the release of The Devil Wears Prada 2 right around corner, it\u2019s easy to see the ways in which the original continues to reverberate in our cultural\",\"breadcrumb\":{\"@id\":\"https:\\\/\\\/ubirataonline.com.br\\\/anya-taylor-joy-wears-a-floral-givenchy-look-while-doing-press-in-tokyo\\\/#breadcrumb\"},\"inLanguage\":\"en-US\",\"potentialAction\":[{\"@type\":\"ReadAction\",\"target\":[\"https:\\\/\\\/ubirataonline.com.br\\\/anya-taylor-joy-wears-a-floral-givenchy-look-while-doing-press-in-tokyo\\\/\"]}]},{\"@type\":\"ImageObject\",\"inLanguage\":\"en-US\",\"@id\":\"https:\\\/\\\/ubirataonline.com.br\\\/anya-taylor-joy-wears-a-floral-givenchy-look-while-doing-press-in-tokyo\\\/#primaryimage\",\"url\":\"https:\\\/\\\/ubirataonline.com.br\\\/wp-content\\\/uploads\\\/2026\\\/04\\\/Anya-Taylor-Joy-Wears-a-Floral-Givenchy-Look-While-Doing-Press.jpg\",\"contentUrl\":\"https:\\\/\\\/ubirataonline.com.br\\\/wp-content\\\/uploads\\\/2026\\\/04\\\/Anya-Taylor-Joy-Wears-a-Floral-Givenchy-Look-While-Doing-Press.jpg\",\"width\":837,\"height\":419,\"caption\":\"Filippo Fior\\\/\\\/LAUNCHMETRICS SPOTLIGHT\"},{\"@type\":\"BreadcrumbList\",\"@id\":\"https:\\\/\\\/ubirataonline.com.br\\\/anya-taylor-joy-wears-a-floral-givenchy-look-while-doing-press-in-tokyo\\\/#breadcrumb\",\"itemListElement\":[{\"@type\":\"ListItem\",\"position\":1,\"name\":\"In\u00edcio\",\"item\":\"https:\\\/\\\/ubirataonline.com.br\\\/\"},{\"@type\":\"ListItem\",\"position\":2,\"name\":\"Anya Taylor-Joy Wears a Floral Givenchy Look While Doing Press in Tokyo\"}]},{\"@type\":\"WebSite\",\"@id\":\"https:\\\/\\\/ubirataonline.com.br\\\/#website\",\"url\":\"https:\\\/\\\/ubirataonline.com.br\\\/\",\"name\":\"Ubirat\u00e3 Online Not\u00edcias\",\"description\":\"Not\u00edcias de Ubirat\u00e3, regi\u00e3o, Brasil e mundo, com informa\u00e7\u00e3o atualizada e compromisso com o leitor.\",\"publisher\":{\"@id\":\"https:\\\/\\\/ubirataonline.com.br\\\/#organization\"},\"alternateName\":\"Ubirat\u00e3 Online\",\"potentialAction\":[{\"@type\":\"SearchAction\",\"target\":{\"@type\":\"EntryPoint\",\"urlTemplate\":\"https:\\\/\\\/ubirataonline.com.br\\\/?s={search_term_string}\"},\"query-input\":{\"@type\":\"PropertyValueSpecification\",\"valueRequired\":true,\"valueName\":\"search_term_string\"}}],\"inLanguage\":\"en-US\"},{\"@type\":[\"Organization\",\"Place\"],\"@id\":\"https:\\\/\\\/ubirataonline.com.br\\\/#organization\",\"name\":\"Ubirat\u00e3 Online Not\u00edcias\",\"alternateName\":\"Ubirat\u00e3 Online\",\"url\":\"https:\\\/\\\/ubirataonline.com.br\\\/\",\"logo\":{\"@id\":\"https:\\\/\\\/ubirataonline.com.br\\\/anya-taylor-joy-wears-a-floral-givenchy-look-while-doing-press-in-tokyo\\\/#local-main-organization-logo\"},\"image\":{\"@id\":\"https:\\\/\\\/ubirataonline.com.br\\\/anya-taylor-joy-wears-a-floral-givenchy-look-while-doing-press-in-tokyo\\\/#local-main-organization-logo\"},\"sameAs\":[\"https:\\\/\\\/www.facebook.com\\\/portalubirataonline\",\"https:\\\/\\\/x.com\\\/ubirataonline\",\"https:\\\/\\\/mastodon.social\\\/@ubirataonline\",\"https:\\\/\\\/www.facebook.com\\\/groups\\\/311144672285604\",\"https:\\\/\\\/www.facebook.com\\\/UBTAOnline\",\"https:\\\/\\\/www.instagram.com\\\/portalubirataonline\\\/\",\"https:\\\/\\\/twitter.com\\\/ubirataonline\"],\"description\":\"Somos um portal de not\u00edcias independente, criado em 5 de janeiro de 2009, com o objetivo de informar, conectar e valorizar a nossa comunidade de Ubirat\u00e3 e toda aregi\u00e3o. Com conte\u00fado atualizado, confi\u00e1vel e relevante, o Ubirat\u00e3 Online \u00e9 o seu espa\u00e7o para ficar por dentro dos principais acontecimentos locais, regionais, Brasil, Mundo e de interesse geral. Nosso compromisso \u00e9 com a verdade, a transpar\u00eancia e o respeito ao leitor.\",\"legalName\":\"UBIRATA ONLINE NOT\u00cdCIAS\",\"foundingDate\":\"2009-01-05\",\"numberOfEmployees\":{\"@type\":\"QuantitativeValue\",\"minValue\":\"1\",\"maxValue\":\"10\"},\"publishingPrinciples\":\"https:\\\/\\\/ubirataonline.com.br\\\/faq\\\/\",\"address\":{\"@id\":\"https:\\\/\\\/ubirataonline.com.br\\\/anya-taylor-joy-wears-a-floral-givenchy-look-while-doing-press-in-tokyo\\\/#local-main-place-address\"},\"geo\":{\"@type\":\"GeoCoordinates\",\"latitude\":\"-24.5361401\",\"longitude\":\"-52.9921776\"},\"telephone\":[\"+5544998308235\"],\"contactPoint\":{\"@type\":\"ContactPoint\",\"email\":\"contato@ubirataonline.com.br\"},\"openingHoursSpecification\":{\"@type\":\"OpeningHoursSpecification\",\"dayOfWeek\":[\"Monday\",\"Tuesday\",\"Wednesday\",\"Thursday\",\"Friday\",\"Saturday\",\"Sunday\"],\"opens\":\"00:00\",\"closes\":\"23:59\"},\"email\":\"contato@ubirataonline.com.br\",\"vatID\":\"47.621.418\\\/0001-80\"},{\"@type\":\"Person\",\"@id\":\"https:\\\/\\\/ubirataonline.com.br\\\/#\\\/schema\\\/person\\\/372f87bbd3fdd79b8556b84c98d0bc1c\",\"name\":\"REDA\u00c7\u00c3O: UBIRAT\u00c3 ONLINE - F\u00c1BIO AUGUSTO CELESTINO\",\"pronouns\":\"Ele\",\"description\":\"Desde 2003 trabalhando com not\u00edcias.\",\"sameAs\":[\"http:\\\/\\\/ubirataoline.com.br\",\"https:\\\/\\\/www.facebook.com\\\/portalubirataonline\",\"https:\\\/\\\/www.instagram.com\\\/ubirataonline_oficial\",\"https:\\\/\\\/x.com\\\/x.com\\\/ubirataonline\"],\"honorificPrefix\":\"Mr.\",\"honorificSuffix\":\"MD\",\"birthDate\":\"1980-06-16\",\"gender\":\"masculino\",\"award\":[\"V\u00e1rios pr\u00eamios de melhor portal da cidade\"],\"jobTitle\":\"Diretor\",\"url\":\"https:\\\/\\\/ubirataonline.com.br\\\/en\\\/author\\\/ubirataonline\\\/\"},{\"@type\":\"PostalAddress\",\"@id\":\"https:\\\/\\\/ubirataonline.com.br\\\/anya-taylor-joy-wears-a-floral-givenchy-look-while-doing-press-in-tokyo\\\/#local-main-place-address\",\"streetAddress\":\"Rua dos Coqueiros, 104 - Bairro Boa Vista, Rua dos Coqueiros, 104 Bairro Boa Vista\",\"addressLocality\":\"UBIRATA\",\"postalCode\":\"85440-000\",\"addressRegion\":\"PR\",\"addressCountry\":\"BR\"},{\"@type\":\"ImageObject\",\"inLanguage\":\"en-US\",\"@id\":\"https:\\\/\\\/ubirataonline.com.br\\\/anya-taylor-joy-wears-a-floral-givenchy-look-while-doing-press-in-tokyo\\\/#local-main-organization-logo\",\"url\":\"https:\\\/\\\/ubirataonline.com.br\\\/wp-content\\\/uploads\\\/2026\\\/06\\\/logoubirataonline-1.webp\",\"contentUrl\":\"https:\\\/\\\/ubirataonline.com.br\\\/wp-content\\\/uploads\\\/2026\\\/06\\\/logoubirataonline-1.webp\",\"width\":500,\"height\":500,\"caption\":\"Ubirat\u00e3 Online Not\u00edcias\"}]}<\/script>\n<meta name=\"geo.placename\" content=\"UBIRATA\" \/>\n<meta name=\"geo.position\" content=\"-24.5361401;-52.9921776\" \/>\n<meta name=\"geo.region\" content=\"Brazil\" \/>\n<!-- \/ Yoast SEO Premium plugin. -->","yoast_head_json":{"title":"Anya Taylor-Joy Wears a Floral Givenchy Look While Doing Press in Tokyo - Ubirat\u00e3 Online Not\u00edcias - A realidade ao seu alcance!","description":"With the release of The Devil Wears Prada 2 right around corner, it\u2019s easy to see the ways in which the original continues to reverberate in our cultural","robots":{"index":"index","follow":"follow","max-snippet":"max-snippet:-1","max-image-preview":"max-image-preview:large","max-video-preview":"max-video-preview:-1"},"canonical":"https:\/\/ubirataonline.com.br\/en\/anya-taylor-joy-wears-a-floral-givenchy-look-while-doing-press-in-tokyo\/","og_locale":"en_US","og_type":"article","og_title":"Anya Taylor-Joy Wears a Floral Givenchy Look While Doing Press in Tokyo","og_description":"With the release of The Devil Wears Prada 2 right around corner, it\u2019s easy to see the ways in which the original continues to reverberate in our cultural","og_url":"https:\/\/ubirataonline.com.br\/en\/anya-taylor-joy-wears-a-floral-givenchy-look-while-doing-press-in-tokyo\/","og_site_name":"Ubirat\u00e3 Online Not\u00edcias - A realidade ao seu alcance!","article_publisher":"https:\/\/www.facebook.com\/portalubirataonline","article_author":"https:\/\/www.facebook.com\/portalubirataonline","article_published_time":"2026-04-02T06:01:51+00:00","article_modified_time":"2026-04-02T06:01:53+00:00","og_image":[{"width":837,"height":419,"url":"https:\/\/ubirataonline.com.br\/wp-content\/uploads\/2026\/04\/Anya-Taylor-Joy-Wears-a-Floral-Givenchy-Look-While-Doing-Press.jpg","type":"image\/jpeg"}],"author":"REDA\u00c7\u00c3O: UBIRAT\u00c3 ONLINE - F\u00c1BIO AUGUSTO CELESTINO","twitter_card":"summary_large_image","twitter_creator":"@x.com\/ubirataonline","twitter_site":"@ubirataonline","twitter_misc":{"Written by":"REDA\u00c7\u00c3O: UBIRAT\u00c3 ONLINE - F\u00c1BIO AUGUSTO CELESTINO","Est. reading time":"2 minutes"},"schema":{"@context":"https:\/\/schema.org","@graph":[{"@type":"NewsArticle","@id":"https:\/\/ubirataonline.com.br\/anya-taylor-joy-wears-a-floral-givenchy-look-while-doing-press-in-tokyo\/#article","isPartOf":{"@id":"https:\/\/ubirataonline.com.br\/anya-taylor-joy-wears-a-floral-givenchy-look-while-doing-press-in-tokyo\/"},"author":{"name":"REDA\u00c7\u00c3O: UBIRAT\u00c3 ONLINE - F\u00c1BIO AUGUSTO CELESTINO","@id":"https:\/\/ubirataonline.com.br\/#\/schema\/person\/372f87bbd3fdd79b8556b84c98d0bc1c"},"headline":"Anya Taylor-Joy Wears a Floral Givenchy Look While Doing Press in Tokyo","datePublished":"2026-04-02T06:01:51+00:00","dateModified":"2026-04-02T06:01:53+00:00","mainEntityOfPage":{"@id":"https:\/\/ubirataonline.com.br\/anya-taylor-joy-wears-a-floral-givenchy-look-while-doing-press-in-tokyo\/"},"wordCount":342,"publisher":{"@id":"https:\/\/ubirataonline.com.br\/#organization"},"image":{"@id":"https:\/\/ubirataonline.com.br\/anya-taylor-joy-wears-a-floral-givenchy-look-while-doing-press-in-tokyo\/#primaryimage"},"thumbnailUrl":"https:\/\/ubirataonline.com.br\/wp-content\/uploads\/2026\/04\/Anya-Taylor-Joy-Wears-a-Floral-Givenchy-Look-While-Doing-Press.jpg","keywords":["Anya","Floral","Givenchy","Press","TaylorJoy","Tokyo","wears"],"articleSection":["Ubirat\u00e3"],"inLanguage":"en-US","copyrightYear":"2026","copyrightHolder":{"@id":"https:\/\/ubirataonline.com.br\/en\/#organization"}},{"@type":"WebPage","@id":"https:\/\/ubirataonline.com.br\/anya-taylor-joy-wears-a-floral-givenchy-look-while-doing-press-in-tokyo\/","url":"https:\/\/ubirataonline.com.br\/anya-taylor-joy-wears-a-floral-givenchy-look-while-doing-press-in-tokyo\/","name":"Anya Taylor-Joy Wears a Floral Givenchy Look While Doing Press in Tokyo - Ubirat\u00e3 Online Not\u00edcias - A realidade ao seu alcance!","isPartOf":{"@id":"https:\/\/ubirataonline.com.br\/#website"},"primaryImageOfPage":{"@id":"https:\/\/ubirataonline.com.br\/anya-taylor-joy-wears-a-floral-givenchy-look-while-doing-press-in-tokyo\/#primaryimage"},"image":{"@id":"https:\/\/ubirataonline.com.br\/anya-taylor-joy-wears-a-floral-givenchy-look-while-doing-press-in-tokyo\/#primaryimage"},"thumbnailUrl":"https:\/\/ubirataonline.com.br\/wp-content\/uploads\/2026\/04\/Anya-Taylor-Joy-Wears-a-Floral-Givenchy-Look-While-Doing-Press.jpg","datePublished":"2026-04-02T06:01:51+00:00","dateModified":"2026-04-02T06:01:53+00:00","description":"With the release of The Devil Wears Prada 2 right around corner, it\u2019s easy to see the ways in which the original continues to reverberate in our cultural","breadcrumb":{"@id":"https:\/\/ubirataonline.com.br\/anya-taylor-joy-wears-a-floral-givenchy-look-while-doing-press-in-tokyo\/#breadcrumb"},"inLanguage":"en-US","potentialAction":[{"@type":"ReadAction","target":["https:\/\/ubirataonline.com.br\/anya-taylor-joy-wears-a-floral-givenchy-look-while-doing-press-in-tokyo\/"]}]},{"@type":"ImageObject","inLanguage":"en-US","@id":"https:\/\/ubirataonline.com.br\/anya-taylor-joy-wears-a-floral-givenchy-look-while-doing-press-in-tokyo\/#primaryimage","url":"https:\/\/ubirataonline.com.br\/wp-content\/uploads\/2026\/04\/Anya-Taylor-Joy-Wears-a-Floral-Givenchy-Look-While-Doing-Press.jpg","contentUrl":"https:\/\/ubirataonline.com.br\/wp-content\/uploads\/2026\/04\/Anya-Taylor-Joy-Wears-a-Floral-Givenchy-Look-While-Doing-Press.jpg","width":837,"height":419,"caption":"Filippo Fior\/\/LAUNCHMETRICS SPOTLIGHT"},{"@type":"BreadcrumbList","@id":"https:\/\/ubirataonline.com.br\/anya-taylor-joy-wears-a-floral-givenchy-look-while-doing-press-in-tokyo\/#breadcrumb","itemListElement":[{"@type":"ListItem","position":1,"name":"In\u00edcio","item":"https:\/\/ubirataonline.com.br\/"},{"@type":"ListItem","position":2,"name":"Anya Taylor-Joy Wears a Floral Givenchy Look While Doing Press in Tokyo"}]},{"@type":"WebSite","@id":"https:\/\/ubirataonline.com.br\/#website","url":"https:\/\/ubirataonline.com.br\/","name":"Ubirat\u00e3 Online Not\u00edcias","description":"Not\u00edcias de Ubirat\u00e3, regi\u00e3o, Brasil e mundo, com informa\u00e7\u00e3o atualizada e compromisso com o leitor.","publisher":{"@id":"https:\/\/ubirataonline.com.br\/#organization"},"alternateName":"Ubirat\u00e3 Online","potentialAction":[{"@type":"SearchAction","target":{"@type":"EntryPoint","urlTemplate":"https:\/\/ubirataonline.com.br\/?s={search_term_string}"},"query-input":{"@type":"PropertyValueSpecification","valueRequired":true,"valueName":"search_term_string"}}],"inLanguage":"en-US"},{"@type":["Organization","Place"],"@id":"https:\/\/ubirataonline.com.br\/#organization","name":"Ubirat\u00e3 Online Not\u00edcias","alternateName":"Ubirat\u00e3 Online","url":"https:\/\/ubirataonline.com.br\/","logo":{"@id":"https:\/\/ubirataonline.com.br\/anya-taylor-joy-wears-a-floral-givenchy-look-while-doing-press-in-tokyo\/#local-main-organization-logo"},"image":{"@id":"https:\/\/ubirataonline.com.br\/anya-taylor-joy-wears-a-floral-givenchy-look-while-doing-press-in-tokyo\/#local-main-organization-logo"},"sameAs":["https:\/\/www.facebook.com\/portalubirataonline","https:\/\/x.com\/ubirataonline","https:\/\/mastodon.social\/@ubirataonline","https:\/\/www.facebook.com\/groups\/311144672285604","https:\/\/www.facebook.com\/UBTAOnline","https:\/\/www.instagram.com\/portalubirataonline\/","https:\/\/twitter.com\/ubirataonline"],"description":"Somos um portal de not\u00edcias independente, criado em 5 de janeiro de 2009, com o objetivo de informar, conectar e valorizar a nossa comunidade de Ubirat\u00e3 e toda aregi\u00e3o. Com conte\u00fado atualizado, confi\u00e1vel e relevante, o Ubirat\u00e3 Online \u00e9 o seu espa\u00e7o para ficar por dentro dos principais acontecimentos locais, regionais, Brasil, Mundo e de interesse geral. Nosso compromisso \u00e9 com a verdade, a transpar\u00eancia e o respeito ao leitor.","legalName":"UBIRATA ONLINE NOT\u00cdCIAS","foundingDate":"2009-01-05","numberOfEmployees":{"@type":"QuantitativeValue","minValue":"1","maxValue":"10"},"publishingPrinciples":"https:\/\/ubirataonline.com.br\/faq\/","address":{"@id":"https:\/\/ubirataonline.com.br\/anya-taylor-joy-wears-a-floral-givenchy-look-while-doing-press-in-tokyo\/#local-main-place-address"},"geo":{"@type":"GeoCoordinates","latitude":"-24.5361401","longitude":"-52.9921776"},"telephone":["+5544998308235"],"contactPoint":{"@type":"ContactPoint","email":"contato@ubirataonline.com.br"},"openingHoursSpecification":{"@type":"OpeningHoursSpecification","dayOfWeek":["Monday","Tuesday","Wednesday","Thursday","Friday","Saturday","Sunday"],"opens":"00:00","closes":"23:59"},"email":"contato@ubirataonline.com.br","vatID":"47.621.418\/0001-80"},{"@type":"Person","@id":"https:\/\/ubirataonline.com.br\/#\/schema\/person\/372f87bbd3fdd79b8556b84c98d0bc1c","name":"REDA\u00c7\u00c3O: UBIRAT\u00c3 ONLINE - F\u00c1BIO AUGUSTO CELESTINO","pronouns":"Ele","description":"Desde 2003 trabalhando com not\u00edcias.","sameAs":["http:\/\/ubirataoline.com.br","https:\/\/www.facebook.com\/portalubirataonline","https:\/\/www.instagram.com\/ubirataonline_oficial","https:\/\/x.com\/x.com\/ubirataonline"],"honorificPrefix":"Mr.","honorificSuffix":"MD","birthDate":"1980-06-16","gender":"masculino","award":["V\u00e1rios pr\u00eamios de melhor portal da cidade"],"jobTitle":"Diretor","url":"https:\/\/ubirataonline.com.br\/en\/author\/ubirataonline\/"},{"@type":"PostalAddress","@id":"https:\/\/ubirataonline.com.br\/anya-taylor-joy-wears-a-floral-givenchy-look-while-doing-press-in-tokyo\/#local-main-place-address","streetAddress":"Rua dos Coqueiros, 104 - Bairro Boa Vista, Rua dos Coqueiros, 104 Bairro Boa Vista","addressLocality":"UBIRATA","postalCode":"85440-000","addressRegion":"PR","addressCountry":"BR"},{"@type":"ImageObject","inLanguage":"en-US","@id":"https:\/\/ubirataonline.com.br\/anya-taylor-joy-wears-a-floral-givenchy-look-while-doing-press-in-tokyo\/#local-main-organization-logo","url":"https:\/\/ubirataonline.com.br\/wp-content\/uploads\/2026\/06\/logoubirataonline-1.webp","contentUrl":"https:\/\/ubirataonline.com.br\/wp-content\/uploads\/2026\/06\/logoubirataonline-1.webp","width":500,"height":500,"caption":"Ubirat\u00e3 Online Not\u00edcias"}]},"geo.placename":"UBIRATA","geo.position":{"lat":"-24.5361401","long":"-52.9921776"},"geo.region":"Brazil"},"_links":{"self":[{"href":"https:\/\/ubirataonline.com.br\/en\/wp-json\/wp\/v2\/posts\/98841","targetHints":{"allow":["GET"]}}],"collection":[{"href":"https:\/\/ubirataonline.com.br\/en\/wp-json\/wp\/v2\/posts"}],"about":[{"href":"https:\/\/ubirataonline.com.br\/en\/wp-json\/wp\/v2\/types\/post"}],"author":[{"embeddable":true,"href":"https:\/\/ubirataonline.com.br\/en\/wp-json\/wp\/v2\/users\/1"}],"replies":[{"embeddable":true,"href":"https:\/\/ubirataonline.com.br\/en\/wp-json\/wp\/v2\/comments?post=98841"}],"version-history":[{"count":0,"href":"https:\/\/ubirataonline.com.br\/en\/wp-json\/wp\/v2\/posts\/98841\/revisions"}],"wp:featuredmedia":[{"embeddable":true,"href":"https:\/\/ubirataonline.com.br\/en\/wp-json\/wp\/v2\/media\/98842"}],"wp:attachment":[{"href":"https:\/\/ubirataonline.com.br\/en\/wp-json\/wp\/v2\/media?parent=98841"}],"wp:term":[{"taxonomy":"category","embeddable":true,"href":"https:\/\/ubirataonline.com.br\/en\/wp-json\/wp\/v2\/categories?post=98841"},{"taxonomy":"post_tag","embeddable":true,"href":"https:\/\/ubirataonline.com.br\/en\/wp-json\/wp\/v2\/tags?post=98841"}],"curies":[{"name":"wp","href":"https:\/\/api.w.org\/{rel}","templated":true}]}}