{"id":98857,"date":"2026-04-02T05:11:54","date_gmt":"2026-04-02T08:11:54","guid":{"rendered":"https:\/\/ubirataonline.com.br\/trabalho-no-exterior-o-pais-da-europa-que-promete-milhares-de-empregos-a-brasileiros-e-vistos-em-2-semanas\/"},"modified":"2026-04-02T05:11:57","modified_gmt":"2026-04-02T08:11:57","slug":"trabalho-no-exterior-o-pais-da-europa-que-promete-milhares-de-empregos-a-brasileiros-e-vistos-em-2-semanas","status":"publish","type":"post","link":"https:\/\/ubirataonline.com.br\/en\/trabalho-no-exterior-o-pais-da-europa-que-promete-milhares-de-empregos-a-brasileiros-e-vistos-em-2-semanas\/","title":{"rendered":"Trabalho no exterior: o pa\u00eds da Europa que promete milhares de empregos a brasileiros e vistos em 2 semanas"},"content":{"rendered":"<p><\/p>\n<div id=\"\">\n<figure class=\"css-1qn0xuy\">\n<div class=\"css-1avk5os\" style=\"padding-bottom:56.25%\">\n<p class=\"css-by8ykd\" role=\"text\"><span class=\"css-2ozlq5\">Cr\u00e9dito, <\/span><span lang=\"en-GB\">Clive Brunskill\/Getty Images for ITF<\/span><\/p>\n<\/div><figcaption class=\"css-15f1ujd\" dir=\"ltr\"><span role=\"text\"><span class=\"css-2ozlq5\">Legenda da foto, <\/span><span data-testid=\"caption-paragraph\">Torcedor da Finl\u00e2ndia em jogo de t\u00eanis na cidade espanhola de M\u00e1laga, em 2024<\/span><\/span><\/figcaption><\/figure>\n<section role=\"region\" aria-labelledby=\"article-byline\" data-testid=\"byline\"><strong id=\"article-byline\" aria-hidden=\"true\" class=\"css-2ozlq5\">Article Information<\/strong><\/p>\n<ul class=\"css-1dlgp3z\">\n<li class=\"css-1s1df59\"\/>\n<li>\n<p><time datetime=\"2026-04-01\" class=\"css-128bydx expmsel0\">1 abril 2026<\/time><\/p>\n<\/li>\n<li>\n<p><span class=\"css-hsb4jx\">Tempo de leitura: 8 min<\/span><\/p>\n<\/li>\n<\/ul>\n<\/section>\n<div dir=\"ltr\" class=\"css-1k9op6x e17x9cvu0\">\n<p dir=\"ltr\" class=\"css-s4cjt0 eea635z0\">Se todos os brasileiros que vivem na Finl\u00e2ndia se reunissem, n\u00e3o encheriam uma \u00fanica arquibancada de um est\u00e1dio de futebol<i class=\"css-6whwaq ezrtjzf0\"> <\/i>\u2014 s\u00e3o, afinal, 2.611 pessoas, segundo o Minist\u00e9rio das Rela\u00e7\u00f5es Exteriores. Mas, daqui a alguns anos, talvez lotem o est\u00e1dio inteiro.<\/p>\n<\/div>\n<div dir=\"ltr\" class=\"css-1k9op6x e17x9cvu0\">\n<p dir=\"ltr\" class=\"css-s4cjt0 eea635z0\">O governo finland\u00eas diz que as empresas do pa\u00eds planejam contratar 140 mil trabalhadores at\u00e9 2035 para a \u00e1rea de tecnologia, e os brasileiros est\u00e3o entre os principais alvos dessas vagas, ao lado de indianos e vietnamitas.<\/p>\n<\/div>\n<div dir=\"ltr\" class=\"css-1k9op6x e17x9cvu0\">\n<p dir=\"ltr\" class=\"css-s4cjt0 eea635z0\">Para isso, a Finl\u00e2ndia pretende agilizar a concess\u00e3o de vistos, reduzindo o prazo de emiss\u00e3o para at\u00e9 duas semanas, caso o estrangeiro tenha uma proposta de trabalho, e negocia com o <a href=\"https:\/\/www.bbc.com\/portuguese\/topics\/cz74k717pw5t\" class=\"focusIndicatorReducedWidth css-n8oauk e1h2ur550\">Brazil<\/a> um acordo bilateral de previd\u00eancia social.<\/p>\n<\/div>\n<p><h2 tabindex=\"-1\" id=\"Por-que-a-Finl\u00e2ndia-busca-brasileiros\" class=\"css-jtxtr9 emoh99e1\">Por que a Finl\u00e2ndia busca brasileiros<\/h2>\n<\/p>\n<div dir=\"ltr\" class=\"css-1k9op6x e17x9cvu0\">\n<p dir=\"ltr\" class=\"css-s4cjt0 eea635z0\">A expectativa de preencher 140 mil vagas se ancora em duas mudan\u00e7as profundas no mercado de trabalho finland\u00eas.<\/p>\n<\/div>\n<section aria-label=\"Publicidade 2\" aria-hidden=\"true\" role=\"region\" data-e2e=\"advertisement\" class=\"css-1s6hekm\"\/>\n<div dir=\"ltr\" class=\"css-1k9op6x e17x9cvu0\">\n<p dir=\"ltr\" class=\"css-s4cjt0 eea635z0\">A primeira \u00e9 o crescimento do setor de <a href=\"https:\/\/www.bbc.com\/portuguese\/topics\/c404v027pd4t\" class=\"focusIndicatorReducedWidth css-n8oauk e1h2ur550\">tecnologia<\/a> no pa\u00eds, com o surgimento de <i class=\"css-6whwaq ezrtjzf0\">startups<\/i> ligadas a pesquisadores rec\u00e9m-formados e tamb\u00e9m de empresas que buscam uma alternativa ao alto custo de opera\u00e7\u00e3o em outras partes da <a href=\"https:\/\/www.bbc.com\/portuguese\/topics\/cyx5kx7zkz7t\" class=\"focusIndicatorReducedWidth css-n8oauk e1h2ur550\">Europa<\/a>.<\/p>\n<\/div>\n<div dir=\"ltr\" class=\"css-1k9op6x e17x9cvu0\">\n<p dir=\"ltr\" class=\"css-s4cjt0 eea635z0\">A segunda \u00e9 a dificuldade de contratar e manter trabalhadores da <a href=\"https:\/\/www.bbc.com\/portuguese\/topics\/c1gdqg5dr8nt\" class=\"focusIndicatorReducedWidth css-n8oauk e1h2ur550\">R\u00fassia<\/a> e da <a href=\"https:\/\/www.bbc.com\/portuguese\/topics\/cr50y51pqjwt\" class=\"focusIndicatorReducedWidth css-n8oauk e1h2ur550\">Ucr\u00e2nia<\/a>, que eram parte importante da m\u00e3o de obra estrangeira na Finl\u00e2ndia, em raz\u00e3o da <a href=\"https:\/\/www.bbc.com\/portuguese\/articles\/c875e50l757o\" class=\"focusIndicatorReducedWidth css-n8oauk e1h2ur550\">guerra que j\u00e1 dura quatro anos<\/a> e n\u00e3o tem previs\u00e3o de t\u00e9rmino.<\/p>\n<\/div>\n<div dir=\"ltr\" class=\"css-1k9op6x e17x9cvu0\">\n<p dir=\"ltr\" class=\"css-s4cjt0 eea635z0\">Quem diz isso \u00e9 Laura Lindemann, diretora do Work in Finland, \u00f3rg\u00e3o governamental voltado \u00e0 promo\u00e7\u00e3o do mercado finland\u00eas e \u00e0 atra\u00e7\u00e3o de estrangeiros, ao explicar por que os brasileiros passaram a ser buscados.<\/p>\n<\/div>\n<section data-e2e=\"recommendations-heading\" role=\"region\" aria-labelledby=\"recommendations-heading\" class=\"css-1o3v5ug\"\/>\n<div dir=\"ltr\" class=\"css-1k9op6x e17x9cvu0\">\n<p dir=\"ltr\" class=\"css-s4cjt0 eea635z0\">&#8220;Avaliamos diferentes pa\u00edses sob a perspectiva das empresas finlandesas e da internacionaliza\u00e7\u00e3o \u2014 onde elas est\u00e3o, para onde exportam ou querem exportar \u2014 e tamb\u00e9m onde h\u00e1 grande oferta de profissionais&#8221;, afirma Lindemann.<\/p>\n<\/div>\n<div dir=\"ltr\" class=\"css-1k9op6x e17x9cvu0\">\n<p dir=\"ltr\" class=\"css-s4cjt0 eea635z0\">&#8220;Tamb\u00e9m foi considerado o fato de a Finl\u00e2ndia j\u00e1 estar presente no pa\u00eds, com escrit\u00f3rio da Business Finland, uma embaixada, ou seja, n\u00e3o \u00e9 preciso come\u00e7ar tudo do zero. As conex\u00f5es entre Finl\u00e2ndia e Brasil j\u00e1 existem.&#8221;<\/p>\n<\/div>\n<figure class=\"css-1qn0xuy\">\n<div class=\"css-1avk5os\" style=\"padding-bottom:56.26%\"><img decoding=\"async\" srcset=\"https:\/\/ichef.bbci.co.uk\/ace\/ws\/240\/cpsprodpb\/39b4\/live\/df542790-29c0-11f1-952c-77491ff53aff.jpg.webp 240w, https:\/\/ichef.bbci.co.uk\/ace\/ws\/320\/cpsprodpb\/39b4\/live\/df542790-29c0-11f1-952c-77491ff53aff.jpg.webp 320w, https:\/\/ichef.bbci.co.uk\/ace\/ws\/480\/cpsprodpb\/39b4\/live\/df542790-29c0-11f1-952c-77491ff53aff.jpg.webp 480w, https:\/\/ichef.bbci.co.uk\/ace\/ws\/624\/cpsprodpb\/39b4\/live\/df542790-29c0-11f1-952c-77491ff53aff.jpg.webp 624w, https:\/\/ichef.bbci.co.uk\/ace\/ws\/800\/cpsprodpb\/39b4\/live\/df542790-29c0-11f1-952c-77491ff53aff.jpg.webp 800w\" sizes=\"auto, (min-width: 1008px) 760px, 100vw\" alt=\"Interior de uma biblioteca moderna, com ilumina\u00e7\u00e3o natural e grandes janelas. H\u00e1 estantes baixas cheias de livros organizados, sof\u00e1s e mesas onde pessoas leem, conversam ou usam dispositivos eletr\u00f4nicos. \u00c0 esquerda, uma pessoa est\u00e1 sentada dentro de uma cadeira em formato de c\u00e1psula branca, parcialmente fechada. No centro, duas pessoas caminham pelo espa\u00e7o. O ambiente tem design contempor\u00e2neo, com piso de madeira, tapetes e plantas distribu\u00eddas pelo local.\" loading=\"lazy\" width=\"3370\" height=\"1896\" src=\"aspect-ratio:3370 \/ 1896\" class=\"css-1seqhu9\"\/><\/p>\n<p class=\"css-by8ykd\" role=\"text\"><span class=\"css-2ozlq5\">Cr\u00e9dito, <\/span><span lang=\"en-GB\">Kimmo Brandt\/EPA\/Shutterstock<\/span><\/p>\n<\/div><figcaption class=\"css-15f1ujd\" dir=\"ltr\"><span role=\"text\"><span class=\"css-2ozlq5\">Legenda da foto, <\/span><span data-testid=\"caption-paragraph\">Biblioteca Central de Helsinque Oodi, em Helsinque, capital da Finl\u00e2ndia<\/span><\/span><\/figcaption><\/figure>\n<div dir=\"ltr\" class=\"css-1k9op6x e17x9cvu0\">\n<p dir=\"ltr\" class=\"css-s4cjt0 eea635z0\">Mas h\u00e1 ainda um terceiro fator \u2014 e, talvez, o mais importante: a Finl\u00e2ndia depende da imigra\u00e7\u00e3o para evitar o encolhimento populacional, afirma a executiva, amparando-se em dados do Statistics Finland, \u00f3rg\u00e3o que tem como seu equivalente no Brasil, o Instituto Brasileiro de Geografia e Estat\u00edstica (<a href=\"https:\/\/www.bbc.com\/portuguese\/articles\/crexpezeqyjo\" class=\"focusIndicatorReducedWidth css-n8oauk e1h2ur550\">IBGE<\/a>).<\/p>\n<\/div>\n<div dir=\"ltr\" class=\"css-1k9op6x e17x9cvu0\">\n<p dir=\"ltr\" class=\"css-s4cjt0 eea635z0\">Hoje, nove em cada dez munic\u00edpios finlandeses registram mais mortes do que nascimentos. &#8220;A Finl\u00e2ndia est\u00e1 envelhecendo, e n\u00e3o pode haver um gargalo para o crescimento do pa\u00eds por falta de talentos&#8221;, diz Lindemann.<\/p>\n<\/div>\n<div dir=\"ltr\" class=\"css-1k9op6x e17x9cvu0\">\n<p dir=\"ltr\" class=\"css-s4cjt0 eea635z0\">&#8220;Estimamos que, nos pr\u00f3ximos anos, 1 milh\u00e3o de finlandeses v\u00e3o se aposentar. \u00c9 um n\u00famero enorme para um pa\u00eds com pouco menos de 6 milh\u00f5es de habitantes.&#8221;<\/p>\n<\/div>\n<p><h2 tabindex=\"-1\" id=\"As-\u00e1reas-e-perfis-mais-buscados\" class=\"css-jtxtr9 emoh99e1\">As \u00e1reas e perfis mais buscados<\/h2>\n<\/p>\n<div dir=\"ltr\" class=\"css-1k9op6x e17x9cvu0\">\n<p dir=\"ltr\" class=\"css-s4cjt0 eea635z0\">Atualmente, h\u00e1 quase 800 vagas abertas, segundo o Work in Finland. A institui\u00e7\u00e3o re\u00fane grande parte das oportunidades <a href=\"https:\/\/www.workinfinland.com\/en\/open-jobs\/\" class=\"focusIndicatorReducedWidth css-n8oauk e1h2ur550\" aria-label=\"em seu portal, externo\">em seu portal<\/a>, mas h\u00e1 posi\u00e7\u00f5es oferecidas apenas nos sites das empresas \u2014 por isso, os interessados devem ampliar a busca.<\/p>\n<\/div>\n<div dir=\"ltr\" class=\"css-1k9op6x e17x9cvu0\">\n<p dir=\"ltr\" class=\"css-s4cjt0 eea635z0\">As oportunidades envolvem forma\u00e7\u00f5es em diversos campos, segundo Lindemann. &#8220;Todas as \u00e1reas das <a href=\"https:\/\/www.bbc.com\/portuguese\/topics\/cr50y580rjxt\" class=\"focusIndicatorReducedWidth css-n8oauk e1h2ur550\">ci\u00eancias<\/a> naturais s\u00e3o necess\u00e1rias \u2014 <a href=\"https:\/\/www.bbc.com\/portuguese\/topics\/cwr9jr026q3t\" class=\"focusIndicatorReducedWidth css-n8oauk e1h2ur550\">matem\u00e1tica<\/a>, <a href=\"https:\/\/www.bbc.com\/portuguese\/topics\/c340q4kdy9kt\" class=\"focusIndicatorReducedWidth css-n8oauk e1h2ur550\">f\u00edsica<\/a>, <a href=\"https:\/\/www.bbc.com\/portuguese\/articles\/cjed5d480x1o\" class=\"focusIndicatorReducedWidth css-n8oauk e1h2ur550\">qu\u00edmica<\/a> \u2014, porque s\u00e3o importantes para o setor de <a href=\"https:\/\/www.bbc.com\/portuguese\/articles\/cy9q1l7w90jo\" class=\"focusIndicatorReducedWidth css-n8oauk e1h2ur550\"><i class=\"css-6whwaq ezrtjzf0\">deep tech<\/i><\/a>, que concentra os novos neg\u00f3cios na Finl\u00e2ndia.&#8221;<\/p>\n<\/div>\n<div dir=\"ltr\" class=\"css-1k9op6x e17x9cvu0\">\n<p dir=\"ltr\" class=\"css-s4cjt0 eea635z0\">&#8220;Empresas como a IQM, a Bluefors e a SemiQon trabalham com isso e est\u00e3o se expandindo rapidamente.&#8221;<\/p>\n<\/div>\n<figure class=\"css-1qn0xuy\">\n<div class=\"css-1avk5os\" style=\"padding-bottom:56.23%\"><img decoding=\"async\" srcset=\"https:\/\/ichef.bbci.co.uk\/ace\/ws\/240\/cpsprodpb\/3487\/live\/1e699fc0-29c9-11f1-952c-77491ff53aff.jpg.webp 240w, https:\/\/ichef.bbci.co.uk\/ace\/ws\/320\/cpsprodpb\/3487\/live\/1e699fc0-29c9-11f1-952c-77491ff53aff.jpg.webp 320w, https:\/\/ichef.bbci.co.uk\/ace\/ws\/480\/cpsprodpb\/3487\/live\/1e699fc0-29c9-11f1-952c-77491ff53aff.jpg.webp 480w, https:\/\/ichef.bbci.co.uk\/ace\/ws\/624\/cpsprodpb\/3487\/live\/1e699fc0-29c9-11f1-952c-77491ff53aff.jpg.webp 624w, https:\/\/ichef.bbci.co.uk\/ace\/ws\/800\/cpsprodpb\/3487\/live\/1e699fc0-29c9-11f1-952c-77491ff53aff.jpg.webp 800w\" sizes=\"auto, (min-width: 1008px) 760px, 100vw\" alt=\"C\u00e9u noturno iluminado por uma aurora boreal em tons vibrantes de verde e rosa, formando faixas ondulantes sobre uma paisagem coberta de neve. Silhuetas de \u00e1rvores altas e esparsas se destacam em primeiro plano, enquanto estrelas pontilham o c\u00e9u escuro ao fundo. Uma trilha nevada atravessa a cena, refor\u00e7ando a sensa\u00e7\u00e3o de isolamento e frio t\u00edpico de regi\u00f5es do norte.\" loading=\"lazy\" width=\"3000\" height=\"1687\" src=\"aspect-ratio:3000 \/ 1687\" class=\"css-1seqhu9\"\/><\/p>\n<p class=\"css-by8ykd\" role=\"text\"><span class=\"css-2ozlq5\">Cr\u00e9dito, <\/span><span lang=\"en-GB\">Alexander Kuznetsov\/Handout via Reuters<\/span><\/p>\n<\/div><figcaption class=\"css-15f1ujd\" dir=\"ltr\"><span role=\"text\"><span class=\"css-2ozlq5\">Legenda da foto, <\/span><span data-testid=\"caption-paragraph\">Auroras boreais em Rovaniemi, na Lap\u00f4nia, um dos maiores atrativos tur\u00edsticos da Finl\u00e2ndia<\/span><\/span><\/figcaption><\/figure>\n<div dir=\"ltr\" class=\"css-1k9op6x e17x9cvu0\">\n<p dir=\"ltr\" class=\"css-s4cjt0 eea635z0\">\u00c9 preciso, portanto, ter interesse em pesquisa. No pa\u00eds, ali\u00e1s, pesquisadores que est\u00e3o fazendo um doutorado s\u00e3o tratados como profissionais e, em sua maioria, s\u00e3o funcion\u00e1rios das universidades.<\/p>\n<\/div>\n<div dir=\"ltr\" class=\"css-1k9op6x e17x9cvu0\">\n<p dir=\"ltr\" class=\"css-s4cjt0 eea635z0\">&#8220;Nossas universidades e empresas trabalham muito pr\u00f3ximas, e o setor p\u00fablico tamb\u00e9m atua bastante com elas, financiando a pesquisa e o desenvolvimento desses ecossistemas&#8221;, diz Lindemann.<\/p>\n<\/div>\n<div dir=\"ltr\" class=\"css-1k9op6x e17x9cvu0\">\n<p dir=\"ltr\" class=\"css-s4cjt0 eea635z0\">Ela acrescenta que o setor de desenvolvimento de software, embora tamb\u00e9m seja valorizado, est\u00e1 em profunda transforma\u00e7\u00e3o por causa do avan\u00e7o da intelig\u00eancia artificial. <\/p>\n<\/div>\n<div dir=\"ltr\" class=\"css-1k9op6x e17x9cvu0\">\n<p dir=\"ltr\" class=\"css-s4cjt0 eea635z0\">&#8220;Ent\u00e3o, nesta \u00e1rea, n\u00e3o basta ter apenas habilidades b\u00e1sicas. \u00c9 preciso ter algo a mais.&#8221;<\/p>\n<\/div>\n<section role=\"region\" aria-label=\"Hist\u00f3rias relacionadas\" data-e2e=\"article-links-block\"\/>\n<div dir=\"ltr\" class=\"css-1k9op6x e17x9cvu0\">\n<p dir=\"ltr\" class=\"css-s4cjt0 eea635z0\">Todas as posi\u00e7\u00f5es requerem dom\u00ednio do ingl\u00eas. Para obter um visto de trabalho, n\u00e3o h\u00e1 exig\u00eancia de um n\u00edvel m\u00ednimo padronizado de profici\u00eancia, como ocorre no <a href=\"https:\/\/www.bbc.com\/portuguese\/topics\/cxnyknxvp53t\" class=\"focusIndicatorReducedWidth css-n8oauk e1h2ur550\">Reino Unido<\/a>, por exemplo. Mas \u00e9 preciso saber se comunicar com fluidez.<\/p>\n<\/div>\n<div dir=\"ltr\" class=\"css-1k9op6x e17x9cvu0\">\n<p dir=\"ltr\" class=\"css-s4cjt0 eea635z0\">Lindemann diz que o finland\u00eas e o sueco \u2014 l\u00ednguas oficiais do pa\u00eds, a depender da regi\u00e3o \u2014 s\u00e3o diferenciais importantes, mas n\u00e3o obrigat\u00f3rios. <\/p>\n<\/div>\n<div dir=\"ltr\" class=\"css-1k9op6x e17x9cvu0\">\n<p dir=\"ltr\" class=\"css-s4cjt0 eea635z0\">Espera-se, contudo, que o profissional tenha interesse em aprender ao menos o finland\u00eas ap\u00f3s se mudar, principalmente se tiver interesse em assumir posi\u00e7\u00f5es de lideran\u00e7a no futuro.<\/p>\n<\/div>\n<p><h2 tabindex=\"-1\" id=\"M\u00e3o-de-obra-em-falta-desemprego-em-alta\" class=\"css-jtxtr9 emoh99e1\">M\u00e3o de obra em falta, desemprego em alta<\/h2>\n<\/p>\n<div dir=\"ltr\" class=\"css-1k9op6x e17x9cvu0\">\n<p dir=\"ltr\" class=\"css-s4cjt0 eea635z0\">A Finl\u00e2ndia enfrenta uma taxa de desemprego de quase 11%, bem mais alta do que a do Brasil, por exemplo. Lindemann diz que muitos dos desempregados n\u00e3o podem ser contratados para as vagas abertas porque n\u00e3o atendem aos requisitos. <\/p>\n<\/div>\n<div dir=\"ltr\" class=\"css-1k9op6x e17x9cvu0\">\n<p dir=\"ltr\" class=\"css-s4cjt0 eea635z0\">Com o envelhecimento da popula\u00e7\u00e3o, ela explica, muitos n\u00e3o t\u00eam forma\u00e7\u00e3o em \u00e1reas mais contempor\u00e2neas, como computa\u00e7\u00e3o qu\u00e2ntica, hoje entre as mais aquecidas no pa\u00eds.<\/p>\n<\/div>\n<div dir=\"ltr\" class=\"css-1k9op6x e17x9cvu0\">\n<p dir=\"ltr\" class=\"css-s4cjt0 eea635z0\">&#8220;Os empregadores precisam primeiro verificar se h\u00e1 talentos dispon\u00edveis na Finl\u00e2ndia ou na <a href=\"https:\/\/www.bbc.com\/portuguese\/topics\/cqywjy51q72t\" class=\"focusIndicatorReducedWidth css-n8oauk e1h2ur550\">Uni\u00e3o Europeia<\/a>. Somente se n\u00e3o encontrarem ningu\u00e9m \u00e9 que podem contratar fora&#8221;, diz Lindemann.<\/p>\n<\/div>\n<div dir=\"ltr\" class=\"css-1k9op6x e17x9cvu0\">\n<p dir=\"ltr\" class=\"css-s4cjt0 eea635z0\">&#8220;Mas, quando se trata de pesquisadores, n\u00e3o h\u00e1 esse tipo de restri\u00e7\u00e3o, porque essas empresas dependem essencialmente de talentos internacionais. Elas precisam dos melhores do mundo em suas \u00e1reas.&#8221;<\/p>\n<\/div>\n<div dir=\"ltr\" class=\"css-1k9op6x e17x9cvu0\">\n<p dir=\"ltr\" class=\"css-s4cjt0 eea635z0\">Ela avalia que trabalhadores estrangeiros, com compet\u00eancias diferentes das dispon\u00edveis localmente, podem ajudar o pa\u00eds a superar esses desafios.<\/p>\n<\/div>\n<div dir=\"ltr\" class=\"css-1k9op6x e17x9cvu0\">\n<p dir=\"ltr\" class=\"css-s4cjt0 eea635z0\">&#8220;Especialmente em uma situa\u00e7\u00e3o como esta, de alto desemprego, precisamos de crescimento \u2014 e \u00e9 por isso que precisamos dos melhores talentos para ger\u00e1-lo&#8221;, diz a executiva.<\/p>\n<\/div>\n<p><h2 tabindex=\"-1\" id=\"Os-benef\u00edcios-de-trabalhar-na-Finl\u00e2ndia\" class=\"css-jtxtr9 emoh99e1\">Os benef\u00edcios de trabalhar na Finl\u00e2ndia<\/h2>\n<\/p>\n<div dir=\"ltr\" class=\"css-1k9op6x e17x9cvu0\">\n<p dir=\"ltr\" class=\"css-s4cjt0 eea635z0\">A Finl\u00e2ndia n\u00e3o espera que os brasileiros deixem seu pa\u00eds sem dar nada em troca, diz a diretora do Work in Finland.<\/p>\n<\/div>\n<div dir=\"ltr\" class=\"css-1k9op6x e17x9cvu0\">\n<p dir=\"ltr\" class=\"css-s4cjt0 eea635z0\">Lindemann lista algumas diferen\u00e7as entre os dois pa\u00edses no que diz respeito ao mercado de trabalho, que, em sua avalia\u00e7\u00e3o, proporcionam um equil\u00edbrio mais saud\u00e1vel entre vida pessoal e profissional.<\/p>\n<\/div>\n<div dir=\"ltr\" class=\"css-1k9op6x e17x9cvu0\">\n<p dir=\"ltr\" class=\"css-s4cjt0 eea635z0\">A come\u00e7ar pela jornada de trabalho, em geral de 37,5 horas semanais, contra as 44 do Brasil. H\u00e1 ainda de 25 a 30 dias \u00fateis de f\u00e9rias, e n\u00e3o 30 dias corridos \u2014 o que, na pr\u00e1tica, significa mais descanso.<\/p>\n<\/div>\n<div dir=\"ltr\" class=\"css-1k9op6x e17x9cvu0\">\n<p dir=\"ltr\" class=\"css-s4cjt0 eea635z0\">Mas talvez a maior diferen\u00e7a esteja na licen\u00e7a parental. Para as m\u00e3es, \u00e9 de cerca de dez meses e meio, contra quatro meses no Brasil; para os pais, s\u00e3o cerca de cinco meses, ante os atuais cinco dias \u00fateis no Brasil \u2014 recentemente ampliados para 10 dias a partir de 2027 e progressivamente ampliados at\u00e9 chegar a 20 dias a partir de 2029.<\/p>\n<\/div>\n<section role=\"region\" aria-label=\"Hist\u00f3rias relacionadas\" data-e2e=\"article-links-block\"\/>\n<p><h2 tabindex=\"-1\" id=\"Por-que-a-Finl\u00e2ndia-\u00e9-o-pa\u00eds-mais-feliz-do-mundo\" class=\"css-jtxtr9 emoh99e1\">Por que a Finl\u00e2ndia \u00e9 o pa\u00eds mais feliz do mundo<\/h2>\n<\/p>\n<div dir=\"ltr\" class=\"css-1k9op6x e17x9cvu0\">\n<p dir=\"ltr\" class=\"css-s4cjt0 eea635z0\">\u00c9 importante, diz a diretora do Work in Finland, saber o que esperar do pa\u00eds antes de decidir se mudar para l\u00e1. <\/p>\n<\/div>\n<div dir=\"ltr\" class=\"css-1k9op6x e17x9cvu0\">\n<p dir=\"ltr\" class=\"css-s4cjt0 eea635z0\">Trata-se de um lugar frio, onde as temperaturas podem chegar a -20\u00b0C, e, no inverno, a noite pode durar quase o dia todo.<\/p>\n<\/div>\n<div dir=\"ltr\" class=\"css-1k9op6x e17x9cvu0\">\n<p dir=\"ltr\" class=\"css-s4cjt0 eea635z0\">Isso acontece porque o ranking da felicidade se baseia em uma \u00fanica pergunta, em que os entrevistados avaliam suas vidas com notas de zero a dez. <\/p>\n<\/div>\n<div dir=\"ltr\" class=\"css-1k9op6x e17x9cvu0\">\n<p dir=\"ltr\" class=\"css-s4cjt0 eea635z0\">Eles s\u00e3o instigados a imaginar uma escada, em que o topo representa a melhor vida poss\u00edvel, e a base, a pior. Ent\u00e3o, respondem em que degrau consideram estar hoje.<\/p>\n<\/div>\n<div dir=\"ltr\" class=\"css-1k9op6x e17x9cvu0\">\n<p dir=\"ltr\" class=\"css-s4cjt0 eea635z0\">S\u00e3o feitos ainda questionamentos sobre liberdade e emo\u00e7\u00f5es, que n\u00e3o s\u00e3o usados para ordenar os pa\u00edses, mas para entender por que cada um ocupa determinada posi\u00e7\u00e3o e o que puxa sua nota para cima ou para baixo.<\/p>\n<\/div>\n<div dir=\"ltr\" class=\"css-1k9op6x e17x9cvu0\">\n<p dir=\"ltr\" class=\"css-s4cjt0 eea635z0\">N\u00e3o \u00e9, portanto, uma pesquisa que pergunta se algu\u00e9m se sente alegre ou se sorri com frequ\u00eancia, mas algo que busca avaliar a qualidade de vida. Em geral, s\u00e3o entrevistadas cerca de mil pessoas por pa\u00eds a cada ano.<\/p>\n<\/div>\n<div dir=\"ltr\" class=\"css-1k9op6x e17x9cvu0\">\n<p dir=\"ltr\" class=\"css-s4cjt0 eea635z0\">&#8220;Um dos motivos pelos quais os brasileiros deveriam se mudar para a Finl\u00e2ndia \u00e9 a alegria que poderiam trazer, somada \u00e0 felicidade finlandesa&#8221;, diz Lindemann.<\/p>\n<\/div>\n<div dir=\"ltr\" class=\"css-1k9op6x e17x9cvu0\">\n<p dir=\"ltr\" class=\"css-s4cjt0 eea635z0\">&#8220;Tamb\u00e9m temos alegria, mas seria positivo ter esse tipo de atitude diante da vida que os brasileiros t\u00eam. Seria uma combina\u00e7\u00e3o perfeita.&#8221;<\/p>\n<\/div>\n<\/div>\n<p><a href=\"https:\/\/www.bbc.com\/portuguese\/articles\/c145nm1n1z1o\">Fonte do Artigo <\/a><\/p>","protected":false},"excerpt":{"rendered":"<p>Cr\u00e9dito, Clive Brunskill\/Getty Images for ITF Legenda da foto, Torcedor da Finl\u00e2ndia em jogo de t\u00eanis na cidade espanhola de M\u00e1laga, em 2024 Article Information 1 abril 2026 Tempo de leitura: 8 min Se todos os brasileiros que vivem na Finl\u00e2ndia se reunissem, n\u00e3o encheriam uma \u00fanica arquibancada de um est\u00e1dio de futebol \u2014 s\u00e3o, [&hellip;]<\/p>\n","protected":false},"author":1,"featured_media":98858,"comment_status":"closed","ping_status":"","sticky":false,"template":"","format":"standard","meta":{"googlesitekit_rrm_CAow2JLhCw:productID":"","_gspb_post_css":"","maa_idioma":"","maa_pais":"","footnotes":""},"categories":[4],"tags":[1770,15500,4207,7043,7826,3598,7772,24624,7639,17537],"class_list":["post-98857","post","type-post","status-publish","format-standard","has-post-thumbnail","hentry","category-brasil","tag-brasileiros","tag-empregos","tag-europa","tag-exterior","tag-milhares","tag-pais","tag-promete","tag-semanas","tag-trabalho","tag-vistos"],"blocksy_meta":[],"yoast_head":"<!-- This site is optimized with the Yoast SEO Premium plugin v27.6 (Yoast SEO v27.6) - https:\/\/yoast.com\/product\/yoast-seo-premium-wordpress\/ -->\n<title>Trabalho no exterior: o pa\u00eds da Europa que promete milhares de empregos a brasileiros e vistos em 2 semanas - Ubirat\u00e3 Online Not\u00edcias - A realidade ao seu alcance!<\/title>\n<meta name=\"description\" content=\"Cr\u00e9dito, Clive Brunskill\/Getty Images for ITFLegenda da foto, Torcedor da Finl\u00e2ndia em jogo de t\u00eanis na cidade espanhola de M\u00e1laga, em 2024Article\" \/>\n<meta name=\"robots\" content=\"index, follow, max-snippet:-1, max-image-preview:large, max-video-preview:-1\" \/>\n<link rel=\"canonical\" href=\"https:\/\/ubirataonline.com.br\/en\/trabalho-no-exterior-o-pais-da-europa-que-promete-milhares-de-empregos-a-brasileiros-e-vistos-em-2-semanas\/\" \/>\n<meta property=\"og:locale\" content=\"en_US\" \/>\n<meta property=\"og:type\" content=\"article\" \/>\n<meta property=\"og:title\" content=\"Trabalho no exterior: o pa\u00eds da Europa que promete milhares de empregos a brasileiros e vistos em 2 semanas\" \/>\n<meta property=\"og:description\" content=\"Cr\u00e9dito, Clive Brunskill\/Getty Images for ITFLegenda da foto, Torcedor da Finl\u00e2ndia em jogo de t\u00eanis na cidade espanhola de M\u00e1laga, em 2024Article\" \/>\n<meta property=\"og:url\" content=\"https:\/\/ubirataonline.com.br\/en\/trabalho-no-exterior-o-pais-da-europa-que-promete-milhares-de-empregos-a-brasileiros-e-vistos-em-2-semanas\/\" \/>\n<meta property=\"og:site_name\" content=\"Ubirat\u00e3 Online Not\u00edcias - A realidade ao seu alcance!\" \/>\n<meta property=\"article:publisher\" content=\"https:\/\/www.facebook.com\/portalubirataonline\" \/>\n<meta property=\"article:author\" content=\"https:\/\/www.facebook.com\/portalubirataonline\" \/>\n<meta property=\"article:published_time\" content=\"2026-04-02T08:11:54+00:00\" \/>\n<meta property=\"article:modified_time\" content=\"2026-04-02T08:11:57+00:00\" \/>\n<meta property=\"og:image\" content=\"https:\/\/ubirataonline.com.br\/wp-content\/uploads\/2026\/04\/Trabalho-no-exterior-o-pais-da-Europa-que-promete-milhares.jpg\" \/>\n\t<meta property=\"og:image:width\" content=\"1024\" \/>\n\t<meta property=\"og:image:height\" content=\"576\" \/>\n\t<meta property=\"og:image:type\" content=\"image\/jpeg\" \/>\n<meta name=\"author\" content=\"REDA\u00c7\u00c3O: UBIRAT\u00c3 ONLINE - F\u00c1BIO AUGUSTO CELESTINO\" \/>\n<meta name=\"twitter:card\" content=\"summary_large_image\" \/>\n<meta name=\"twitter:creator\" content=\"@x.com\/ubirataonline\" \/>\n<meta name=\"twitter:site\" content=\"@ubirataonline\" \/>\n<meta name=\"twitter:label1\" content=\"Written by\" \/>\n\t<meta name=\"twitter:data1\" content=\"REDA\u00c7\u00c3O: UBIRAT\u00c3 ONLINE - F\u00c1BIO AUGUSTO CELESTINO\" \/>\n\t<meta name=\"twitter:label2\" content=\"Est. reading time\" \/>\n\t<meta name=\"twitter:data2\" content=\"7 minutes\" \/>\n<script type=\"application\/ld+json\" class=\"yoast-schema-graph\">{\"@context\":\"https:\\\/\\\/schema.org\",\"@graph\":[{\"@type\":\"NewsArticle\",\"@id\":\"https:\\\/\\\/ubirataonline.com.br\\\/trabalho-no-exterior-o-pais-da-europa-que-promete-milhares-de-empregos-a-brasileiros-e-vistos-em-2-semanas\\\/#article\",\"isPartOf\":{\"@id\":\"https:\\\/\\\/ubirataonline.com.br\\\/trabalho-no-exterior-o-pais-da-europa-que-promete-milhares-de-empregos-a-brasileiros-e-vistos-em-2-semanas\\\/\"},\"author\":{\"name\":\"REDA\u00c7\u00c3O: UBIRAT\u00c3 ONLINE - F\u00c1BIO AUGUSTO CELESTINO\",\"@id\":\"https:\\\/\\\/ubirataonline.com.br\\\/#\\\/schema\\\/person\\\/372f87bbd3fdd79b8556b84c98d0bc1c\"},\"headline\":\"Trabalho no exterior: o pa\u00eds da Europa que promete milhares de empregos a brasileiros e vistos em 2 semanas\",\"datePublished\":\"2026-04-02T08:11:54+00:00\",\"dateModified\":\"2026-04-02T08:11:57+00:00\",\"mainEntityOfPage\":{\"@id\":\"https:\\\/\\\/ubirataonline.com.br\\\/trabalho-no-exterior-o-pais-da-europa-que-promete-milhares-de-empregos-a-brasileiros-e-vistos-em-2-semanas\\\/\"},\"wordCount\":1509,\"publisher\":{\"@id\":\"https:\\\/\\\/ubirataonline.com.br\\\/#organization\"},\"image\":{\"@id\":\"https:\\\/\\\/ubirataonline.com.br\\\/trabalho-no-exterior-o-pais-da-europa-que-promete-milhares-de-empregos-a-brasileiros-e-vistos-em-2-semanas\\\/#primaryimage\"},\"thumbnailUrl\":\"https:\\\/\\\/ubirataonline.com.br\\\/wp-content\\\/uploads\\\/2026\\\/04\\\/Trabalho-no-exterior-o-pais-da-Europa-que-promete-milhares.jpg\",\"keywords\":[\"BRASILEIROS\",\"empregos\",\"Europa\",\"exterior\",\"milhares\",\"pa\u00eds\",\"promete\",\"semanas\",\"trabalho\",\"vistos\"],\"articleSection\":[\"Brasil\"],\"inLanguage\":\"en-US\",\"copyrightYear\":\"2026\",\"copyrightHolder\":{\"@id\":\"https:\\\/\\\/ubirataonline.com.br\\\/en\\\/#organization\"}},{\"@type\":\"WebPage\",\"@id\":\"https:\\\/\\\/ubirataonline.com.br\\\/trabalho-no-exterior-o-pais-da-europa-que-promete-milhares-de-empregos-a-brasileiros-e-vistos-em-2-semanas\\\/\",\"url\":\"https:\\\/\\\/ubirataonline.com.br\\\/trabalho-no-exterior-o-pais-da-europa-que-promete-milhares-de-empregos-a-brasileiros-e-vistos-em-2-semanas\\\/\",\"name\":\"Trabalho no exterior: o pa\u00eds da Europa que promete milhares de empregos a brasileiros e vistos em 2 semanas - Ubirat\u00e3 Online Not\u00edcias - A realidade ao seu alcance!\",\"isPartOf\":{\"@id\":\"https:\\\/\\\/ubirataonline.com.br\\\/#website\"},\"primaryImageOfPage\":{\"@id\":\"https:\\\/\\\/ubirataonline.com.br\\\/trabalho-no-exterior-o-pais-da-europa-que-promete-milhares-de-empregos-a-brasileiros-e-vistos-em-2-semanas\\\/#primaryimage\"},\"image\":{\"@id\":\"https:\\\/\\\/ubirataonline.com.br\\\/trabalho-no-exterior-o-pais-da-europa-que-promete-milhares-de-empregos-a-brasileiros-e-vistos-em-2-semanas\\\/#primaryimage\"},\"thumbnailUrl\":\"https:\\\/\\\/ubirataonline.com.br\\\/wp-content\\\/uploads\\\/2026\\\/04\\\/Trabalho-no-exterior-o-pais-da-Europa-que-promete-milhares.jpg\",\"datePublished\":\"2026-04-02T08:11:54+00:00\",\"dateModified\":\"2026-04-02T08:11:57+00:00\",\"description\":\"Cr\u00e9dito, Clive Brunskill\\\/Getty Images for ITFLegenda da foto, Torcedor da Finl\u00e2ndia em jogo de t\u00eanis na cidade espanhola de M\u00e1laga, em 2024Article\",\"breadcrumb\":{\"@id\":\"https:\\\/\\\/ubirataonline.com.br\\\/trabalho-no-exterior-o-pais-da-europa-que-promete-milhares-de-empregos-a-brasileiros-e-vistos-em-2-semanas\\\/#breadcrumb\"},\"inLanguage\":\"en-US\",\"potentialAction\":[{\"@type\":\"ReadAction\",\"target\":[\"https:\\\/\\\/ubirataonline.com.br\\\/trabalho-no-exterior-o-pais-da-europa-que-promete-milhares-de-empregos-a-brasileiros-e-vistos-em-2-semanas\\\/\"]}]},{\"@type\":\"ImageObject\",\"inLanguage\":\"en-US\",\"@id\":\"https:\\\/\\\/ubirataonline.com.br\\\/trabalho-no-exterior-o-pais-da-europa-que-promete-milhares-de-empregos-a-brasileiros-e-vistos-em-2-semanas\\\/#primaryimage\",\"url\":\"https:\\\/\\\/ubirataonline.com.br\\\/wp-content\\\/uploads\\\/2026\\\/04\\\/Trabalho-no-exterior-o-pais-da-Europa-que-promete-milhares.jpg\",\"contentUrl\":\"https:\\\/\\\/ubirataonline.com.br\\\/wp-content\\\/uploads\\\/2026\\\/04\\\/Trabalho-no-exterior-o-pais-da-Europa-que-promete-milhares.jpg\",\"width\":1024,\"height\":576,\"caption\":\"Legenda da foto, Torcedor da Finl\u00e2ndia em jogo de t\u00eanis na cidade espanhola de M\u00e1laga, em 2024\"},{\"@type\":\"BreadcrumbList\",\"@id\":\"https:\\\/\\\/ubirataonline.com.br\\\/trabalho-no-exterior-o-pais-da-europa-que-promete-milhares-de-empregos-a-brasileiros-e-vistos-em-2-semanas\\\/#breadcrumb\",\"itemListElement\":[{\"@type\":\"ListItem\",\"position\":1,\"name\":\"In\u00edcio\",\"item\":\"https:\\\/\\\/ubirataonline.com.br\\\/\"},{\"@type\":\"ListItem\",\"position\":2,\"name\":\"Trabalho no exterior: o pa\u00eds da Europa que promete milhares de empregos a brasileiros e vistos em 2 semanas\"}]},{\"@type\":\"WebSite\",\"@id\":\"https:\\\/\\\/ubirataonline.com.br\\\/#website\",\"url\":\"https:\\\/\\\/ubirataonline.com.br\\\/\",\"name\":\"Ubirat\u00e3 Online Not\u00edcias\",\"description\":\"Not\u00edcias de Ubirat\u00e3, regi\u00e3o, Brasil e mundo, com informa\u00e7\u00e3o atualizada e compromisso com o leitor.\",\"publisher\":{\"@id\":\"https:\\\/\\\/ubirataonline.com.br\\\/#organization\"},\"alternateName\":\"Ubirat\u00e3 Online\",\"potentialAction\":[{\"@type\":\"SearchAction\",\"target\":{\"@type\":\"EntryPoint\",\"urlTemplate\":\"https:\\\/\\\/ubirataonline.com.br\\\/?s={search_term_string}\"},\"query-input\":{\"@type\":\"PropertyValueSpecification\",\"valueRequired\":true,\"valueName\":\"search_term_string\"}}],\"inLanguage\":\"en-US\"},{\"@type\":[\"Organization\",\"Place\"],\"@id\":\"https:\\\/\\\/ubirataonline.com.br\\\/#organization\",\"name\":\"Ubirat\u00e3 Online Not\u00edcias\",\"alternateName\":\"Ubirat\u00e3 Online\",\"url\":\"https:\\\/\\\/ubirataonline.com.br\\\/\",\"logo\":{\"@id\":\"https:\\\/\\\/ubirataonline.com.br\\\/trabalho-no-exterior-o-pais-da-europa-que-promete-milhares-de-empregos-a-brasileiros-e-vistos-em-2-semanas\\\/#local-main-organization-logo\"},\"image\":{\"@id\":\"https:\\\/\\\/ubirataonline.com.br\\\/trabalho-no-exterior-o-pais-da-europa-que-promete-milhares-de-empregos-a-brasileiros-e-vistos-em-2-semanas\\\/#local-main-organization-logo\"},\"sameAs\":[\"https:\\\/\\\/www.facebook.com\\\/portalubirataonline\",\"https:\\\/\\\/x.com\\\/ubirataonline\",\"https:\\\/\\\/mastodon.social\\\/@ubirataonline\",\"https:\\\/\\\/www.facebook.com\\\/groups\\\/311144672285604\",\"https:\\\/\\\/www.facebook.com\\\/UBTAOnline\",\"https:\\\/\\\/www.instagram.com\\\/portalubirataonline\\\/\",\"https:\\\/\\\/twitter.com\\\/ubirataonline\"],\"description\":\"Somos um portal de not\u00edcias independente, criado em 5 de janeiro de 2009, com o objetivo de informar, conectar e valorizar a nossa comunidade de Ubirat\u00e3 e toda aregi\u00e3o. Com conte\u00fado atualizado, confi\u00e1vel e relevante, o Ubirat\u00e3 Online \u00e9 o seu espa\u00e7o para ficar por dentro dos principais acontecimentos locais, regionais, Brasil, Mundo e de interesse geral. Nosso compromisso \u00e9 com a verdade, a transpar\u00eancia e o respeito ao leitor.\",\"legalName\":\"UBIRATA ONLINE NOT\u00cdCIAS\",\"foundingDate\":\"2009-01-05\",\"numberOfEmployees\":{\"@type\":\"QuantitativeValue\",\"minValue\":\"1\",\"maxValue\":\"10\"},\"publishingPrinciples\":\"https:\\\/\\\/ubirataonline.com.br\\\/faq\\\/\",\"address\":{\"@id\":\"https:\\\/\\\/ubirataonline.com.br\\\/trabalho-no-exterior-o-pais-da-europa-que-promete-milhares-de-empregos-a-brasileiros-e-vistos-em-2-semanas\\\/#local-main-place-address\"},\"geo\":{\"@type\":\"GeoCoordinates\",\"latitude\":\"-24.5361401\",\"longitude\":\"-52.9921776\"},\"telephone\":[\"+5544998308235\"],\"contactPoint\":{\"@type\":\"ContactPoint\",\"email\":\"contato@ubirataonline.com.br\"},\"openingHoursSpecification\":{\"@type\":\"OpeningHoursSpecification\",\"dayOfWeek\":[\"Monday\",\"Tuesday\",\"Wednesday\",\"Thursday\",\"Friday\",\"Saturday\",\"Sunday\"],\"opens\":\"00:00\",\"closes\":\"23:59\"},\"email\":\"contato@ubirataonline.com.br\",\"vatID\":\"47.621.418\\\/0001-80\"},{\"@type\":\"Person\",\"@id\":\"https:\\\/\\\/ubirataonline.com.br\\\/#\\\/schema\\\/person\\\/372f87bbd3fdd79b8556b84c98d0bc1c\",\"name\":\"REDA\u00c7\u00c3O: UBIRAT\u00c3 ONLINE - F\u00c1BIO AUGUSTO CELESTINO\",\"pronouns\":\"Ele\",\"description\":\"Desde 2003 trabalhando com not\u00edcias.\",\"sameAs\":[\"http:\\\/\\\/ubirataoline.com.br\",\"https:\\\/\\\/www.facebook.com\\\/portalubirataonline\",\"https:\\\/\\\/www.instagram.com\\\/ubirataonline_oficial\",\"https:\\\/\\\/x.com\\\/x.com\\\/ubirataonline\"],\"honorificPrefix\":\"Mr.\",\"honorificSuffix\":\"MD\",\"birthDate\":\"1980-06-16\",\"gender\":\"masculino\",\"award\":[\"V\u00e1rios pr\u00eamios de melhor portal da cidade\"],\"jobTitle\":\"Diretor\",\"url\":\"https:\\\/\\\/ubirataonline.com.br\\\/en\\\/author\\\/ubirataonline\\\/\"},{\"@type\":\"PostalAddress\",\"@id\":\"https:\\\/\\\/ubirataonline.com.br\\\/trabalho-no-exterior-o-pais-da-europa-que-promete-milhares-de-empregos-a-brasileiros-e-vistos-em-2-semanas\\\/#local-main-place-address\",\"streetAddress\":\"Rua dos Coqueiros, 104 - Bairro Boa Vista, Rua dos Coqueiros, 104 Bairro Boa Vista\",\"addressLocality\":\"UBIRATA\",\"postalCode\":\"85440-000\",\"addressRegion\":\"PR\",\"addressCountry\":\"BR\"},{\"@type\":\"ImageObject\",\"inLanguage\":\"en-US\",\"@id\":\"https:\\\/\\\/ubirataonline.com.br\\\/trabalho-no-exterior-o-pais-da-europa-que-promete-milhares-de-empregos-a-brasileiros-e-vistos-em-2-semanas\\\/#local-main-organization-logo\",\"url\":\"https:\\\/\\\/ubirataonline.com.br\\\/wp-content\\\/uploads\\\/2026\\\/06\\\/logoubirataonline-1.webp\",\"contentUrl\":\"https:\\\/\\\/ubirataonline.com.br\\\/wp-content\\\/uploads\\\/2026\\\/06\\\/logoubirataonline-1.webp\",\"width\":500,\"height\":500,\"caption\":\"Ubirat\u00e3 Online Not\u00edcias\"}]}<\/script>\n<meta name=\"geo.placename\" content=\"UBIRATA\" \/>\n<meta name=\"geo.position\" content=\"-24.5361401;-52.9921776\" \/>\n<meta name=\"geo.region\" content=\"Brazil\" \/>\n<!-- \/ Yoast SEO Premium plugin. -->","yoast_head_json":{"title":"Trabalho no exterior: o pa\u00eds da Europa que promete milhares de empregos a brasileiros e vistos em 2 semanas - Ubirat\u00e3 Online Not\u00edcias - A realidade ao seu alcance!","description":"Cr\u00e9dito, Clive Brunskill\/Getty Images for ITFLegenda da foto, Torcedor da Finl\u00e2ndia em jogo de t\u00eanis na cidade espanhola de M\u00e1laga, em 2024Article","robots":{"index":"index","follow":"follow","max-snippet":"max-snippet:-1","max-image-preview":"max-image-preview:large","max-video-preview":"max-video-preview:-1"},"canonical":"https:\/\/ubirataonline.com.br\/en\/trabalho-no-exterior-o-pais-da-europa-que-promete-milhares-de-empregos-a-brasileiros-e-vistos-em-2-semanas\/","og_locale":"en_US","og_type":"article","og_title":"Trabalho no exterior: o pa\u00eds da Europa que promete milhares de empregos a brasileiros e vistos em 2 semanas","og_description":"Cr\u00e9dito, Clive Brunskill\/Getty Images for ITFLegenda da foto, Torcedor da Finl\u00e2ndia em jogo de t\u00eanis na cidade espanhola de M\u00e1laga, em 2024Article","og_url":"https:\/\/ubirataonline.com.br\/en\/trabalho-no-exterior-o-pais-da-europa-que-promete-milhares-de-empregos-a-brasileiros-e-vistos-em-2-semanas\/","og_site_name":"Ubirat\u00e3 Online Not\u00edcias - A realidade ao seu alcance!","article_publisher":"https:\/\/www.facebook.com\/portalubirataonline","article_author":"https:\/\/www.facebook.com\/portalubirataonline","article_published_time":"2026-04-02T08:11:54+00:00","article_modified_time":"2026-04-02T08:11:57+00:00","og_image":[{"width":1024,"height":576,"url":"https:\/\/ubirataonline.com.br\/wp-content\/uploads\/2026\/04\/Trabalho-no-exterior-o-pais-da-Europa-que-promete-milhares.jpg","type":"image\/jpeg"}],"author":"REDA\u00c7\u00c3O: UBIRAT\u00c3 ONLINE - F\u00c1BIO AUGUSTO CELESTINO","twitter_card":"summary_large_image","twitter_creator":"@x.com\/ubirataonline","twitter_site":"@ubirataonline","twitter_misc":{"Written by":"REDA\u00c7\u00c3O: UBIRAT\u00c3 ONLINE - F\u00c1BIO AUGUSTO CELESTINO","Est. reading time":"7 minutes"},"schema":{"@context":"https:\/\/schema.org","@graph":[{"@type":"NewsArticle","@id":"https:\/\/ubirataonline.com.br\/trabalho-no-exterior-o-pais-da-europa-que-promete-milhares-de-empregos-a-brasileiros-e-vistos-em-2-semanas\/#article","isPartOf":{"@id":"https:\/\/ubirataonline.com.br\/trabalho-no-exterior-o-pais-da-europa-que-promete-milhares-de-empregos-a-brasileiros-e-vistos-em-2-semanas\/"},"author":{"name":"REDA\u00c7\u00c3O: UBIRAT\u00c3 ONLINE - F\u00c1BIO AUGUSTO CELESTINO","@id":"https:\/\/ubirataonline.com.br\/#\/schema\/person\/372f87bbd3fdd79b8556b84c98d0bc1c"},"headline":"Trabalho no exterior: o pa\u00eds da Europa que promete milhares de empregos a brasileiros e vistos em 2 semanas","datePublished":"2026-04-02T08:11:54+00:00","dateModified":"2026-04-02T08:11:57+00:00","mainEntityOfPage":{"@id":"https:\/\/ubirataonline.com.br\/trabalho-no-exterior-o-pais-da-europa-que-promete-milhares-de-empregos-a-brasileiros-e-vistos-em-2-semanas\/"},"wordCount":1509,"publisher":{"@id":"https:\/\/ubirataonline.com.br\/#organization"},"image":{"@id":"https:\/\/ubirataonline.com.br\/trabalho-no-exterior-o-pais-da-europa-que-promete-milhares-de-empregos-a-brasileiros-e-vistos-em-2-semanas\/#primaryimage"},"thumbnailUrl":"https:\/\/ubirataonline.com.br\/wp-content\/uploads\/2026\/04\/Trabalho-no-exterior-o-pais-da-Europa-que-promete-milhares.jpg","keywords":["BRASILEIROS","empregos","Europa","exterior","milhares","pa\u00eds","promete","semanas","trabalho","vistos"],"articleSection":["Brasil"],"inLanguage":"en-US","copyrightYear":"2026","copyrightHolder":{"@id":"https:\/\/ubirataonline.com.br\/en\/#organization"}},{"@type":"WebPage","@id":"https:\/\/ubirataonline.com.br\/trabalho-no-exterior-o-pais-da-europa-que-promete-milhares-de-empregos-a-brasileiros-e-vistos-em-2-semanas\/","url":"https:\/\/ubirataonline.com.br\/trabalho-no-exterior-o-pais-da-europa-que-promete-milhares-de-empregos-a-brasileiros-e-vistos-em-2-semanas\/","name":"Trabalho no exterior: o pa\u00eds da Europa que promete milhares de empregos a brasileiros e vistos em 2 semanas - Ubirat\u00e3 Online Not\u00edcias - A realidade ao seu alcance!","isPartOf":{"@id":"https:\/\/ubirataonline.com.br\/#website"},"primaryImageOfPage":{"@id":"https:\/\/ubirataonline.com.br\/trabalho-no-exterior-o-pais-da-europa-que-promete-milhares-de-empregos-a-brasileiros-e-vistos-em-2-semanas\/#primaryimage"},"image":{"@id":"https:\/\/ubirataonline.com.br\/trabalho-no-exterior-o-pais-da-europa-que-promete-milhares-de-empregos-a-brasileiros-e-vistos-em-2-semanas\/#primaryimage"},"thumbnailUrl":"https:\/\/ubirataonline.com.br\/wp-content\/uploads\/2026\/04\/Trabalho-no-exterior-o-pais-da-Europa-que-promete-milhares.jpg","datePublished":"2026-04-02T08:11:54+00:00","dateModified":"2026-04-02T08:11:57+00:00","description":"Cr\u00e9dito, Clive Brunskill\/Getty Images for ITFLegenda da foto, Torcedor da Finl\u00e2ndia em jogo de t\u00eanis na cidade espanhola de M\u00e1laga, em 2024Article","breadcrumb":{"@id":"https:\/\/ubirataonline.com.br\/trabalho-no-exterior-o-pais-da-europa-que-promete-milhares-de-empregos-a-brasileiros-e-vistos-em-2-semanas\/#breadcrumb"},"inLanguage":"en-US","potentialAction":[{"@type":"ReadAction","target":["https:\/\/ubirataonline.com.br\/trabalho-no-exterior-o-pais-da-europa-que-promete-milhares-de-empregos-a-brasileiros-e-vistos-em-2-semanas\/"]}]},{"@type":"ImageObject","inLanguage":"en-US","@id":"https:\/\/ubirataonline.com.br\/trabalho-no-exterior-o-pais-da-europa-que-promete-milhares-de-empregos-a-brasileiros-e-vistos-em-2-semanas\/#primaryimage","url":"https:\/\/ubirataonline.com.br\/wp-content\/uploads\/2026\/04\/Trabalho-no-exterior-o-pais-da-Europa-que-promete-milhares.jpg","contentUrl":"https:\/\/ubirataonline.com.br\/wp-content\/uploads\/2026\/04\/Trabalho-no-exterior-o-pais-da-Europa-que-promete-milhares.jpg","width":1024,"height":576,"caption":"Legenda da foto, Torcedor da Finl\u00e2ndia em jogo de t\u00eanis na cidade espanhola de M\u00e1laga, em 2024"},{"@type":"BreadcrumbList","@id":"https:\/\/ubirataonline.com.br\/trabalho-no-exterior-o-pais-da-europa-que-promete-milhares-de-empregos-a-brasileiros-e-vistos-em-2-semanas\/#breadcrumb","itemListElement":[{"@type":"ListItem","position":1,"name":"In\u00edcio","item":"https:\/\/ubirataonline.com.br\/"},{"@type":"ListItem","position":2,"name":"Trabalho no exterior: o pa\u00eds da Europa que promete milhares de empregos a brasileiros e vistos em 2 semanas"}]},{"@type":"WebSite","@id":"https:\/\/ubirataonline.com.br\/#website","url":"https:\/\/ubirataonline.com.br\/","name":"Ubirat\u00e3 Online Not\u00edcias","description":"Not\u00edcias de Ubirat\u00e3, regi\u00e3o, Brasil e mundo, com informa\u00e7\u00e3o atualizada e compromisso com o leitor.","publisher":{"@id":"https:\/\/ubirataonline.com.br\/#organization"},"alternateName":"Ubirat\u00e3 Online","potentialAction":[{"@type":"SearchAction","target":{"@type":"EntryPoint","urlTemplate":"https:\/\/ubirataonline.com.br\/?s={search_term_string}"},"query-input":{"@type":"PropertyValueSpecification","valueRequired":true,"valueName":"search_term_string"}}],"inLanguage":"en-US"},{"@type":["Organization","Place"],"@id":"https:\/\/ubirataonline.com.br\/#organization","name":"Ubirat\u00e3 Online Not\u00edcias","alternateName":"Ubirat\u00e3 Online","url":"https:\/\/ubirataonline.com.br\/","logo":{"@id":"https:\/\/ubirataonline.com.br\/trabalho-no-exterior-o-pais-da-europa-que-promete-milhares-de-empregos-a-brasileiros-e-vistos-em-2-semanas\/#local-main-organization-logo"},"image":{"@id":"https:\/\/ubirataonline.com.br\/trabalho-no-exterior-o-pais-da-europa-que-promete-milhares-de-empregos-a-brasileiros-e-vistos-em-2-semanas\/#local-main-organization-logo"},"sameAs":["https:\/\/www.facebook.com\/portalubirataonline","https:\/\/x.com\/ubirataonline","https:\/\/mastodon.social\/@ubirataonline","https:\/\/www.facebook.com\/groups\/311144672285604","https:\/\/www.facebook.com\/UBTAOnline","https:\/\/www.instagram.com\/portalubirataonline\/","https:\/\/twitter.com\/ubirataonline"],"description":"Somos um portal de not\u00edcias independente, criado em 5 de janeiro de 2009, com o objetivo de informar, conectar e valorizar a nossa comunidade de Ubirat\u00e3 e toda aregi\u00e3o. Com conte\u00fado atualizado, confi\u00e1vel e relevante, o Ubirat\u00e3 Online \u00e9 o seu espa\u00e7o para ficar por dentro dos principais acontecimentos locais, regionais, Brasil, Mundo e de interesse geral. Nosso compromisso \u00e9 com a verdade, a transpar\u00eancia e o respeito ao leitor.","legalName":"UBIRATA ONLINE NOT\u00cdCIAS","foundingDate":"2009-01-05","numberOfEmployees":{"@type":"QuantitativeValue","minValue":"1","maxValue":"10"},"publishingPrinciples":"https:\/\/ubirataonline.com.br\/faq\/","address":{"@id":"https:\/\/ubirataonline.com.br\/trabalho-no-exterior-o-pais-da-europa-que-promete-milhares-de-empregos-a-brasileiros-e-vistos-em-2-semanas\/#local-main-place-address"},"geo":{"@type":"GeoCoordinates","latitude":"-24.5361401","longitude":"-52.9921776"},"telephone":["+5544998308235"],"contactPoint":{"@type":"ContactPoint","email":"contato@ubirataonline.com.br"},"openingHoursSpecification":{"@type":"OpeningHoursSpecification","dayOfWeek":["Monday","Tuesday","Wednesday","Thursday","Friday","Saturday","Sunday"],"opens":"00:00","closes":"23:59"},"email":"contato@ubirataonline.com.br","vatID":"47.621.418\/0001-80"},{"@type":"Person","@id":"https:\/\/ubirataonline.com.br\/#\/schema\/person\/372f87bbd3fdd79b8556b84c98d0bc1c","name":"REDA\u00c7\u00c3O: UBIRAT\u00c3 ONLINE - F\u00c1BIO AUGUSTO CELESTINO","pronouns":"Ele","description":"Desde 2003 trabalhando com not\u00edcias.","sameAs":["http:\/\/ubirataoline.com.br","https:\/\/www.facebook.com\/portalubirataonline","https:\/\/www.instagram.com\/ubirataonline_oficial","https:\/\/x.com\/x.com\/ubirataonline"],"honorificPrefix":"Mr.","honorificSuffix":"MD","birthDate":"1980-06-16","gender":"masculino","award":["V\u00e1rios pr\u00eamios de melhor portal da cidade"],"jobTitle":"Diretor","url":"https:\/\/ubirataonline.com.br\/en\/author\/ubirataonline\/"},{"@type":"PostalAddress","@id":"https:\/\/ubirataonline.com.br\/trabalho-no-exterior-o-pais-da-europa-que-promete-milhares-de-empregos-a-brasileiros-e-vistos-em-2-semanas\/#local-main-place-address","streetAddress":"Rua dos Coqueiros, 104 - Bairro Boa Vista, Rua dos Coqueiros, 104 Bairro Boa Vista","addressLocality":"UBIRATA","postalCode":"85440-000","addressRegion":"PR","addressCountry":"BR"},{"@type":"ImageObject","inLanguage":"en-US","@id":"https:\/\/ubirataonline.com.br\/trabalho-no-exterior-o-pais-da-europa-que-promete-milhares-de-empregos-a-brasileiros-e-vistos-em-2-semanas\/#local-main-organization-logo","url":"https:\/\/ubirataonline.com.br\/wp-content\/uploads\/2026\/06\/logoubirataonline-1.webp","contentUrl":"https:\/\/ubirataonline.com.br\/wp-content\/uploads\/2026\/06\/logoubirataonline-1.webp","width":500,"height":500,"caption":"Ubirat\u00e3 Online Not\u00edcias"}]},"geo.placename":"UBIRATA","geo.position":{"lat":"-24.5361401","long":"-52.9921776"},"geo.region":"Brazil"},"_links":{"self":[{"href":"https:\/\/ubirataonline.com.br\/en\/wp-json\/wp\/v2\/posts\/98857","targetHints":{"allow":["GET"]}}],"collection":[{"href":"https:\/\/ubirataonline.com.br\/en\/wp-json\/wp\/v2\/posts"}],"about":[{"href":"https:\/\/ubirataonline.com.br\/en\/wp-json\/wp\/v2\/types\/post"}],"author":[{"embeddable":true,"href":"https:\/\/ubirataonline.com.br\/en\/wp-json\/wp\/v2\/users\/1"}],"replies":[{"embeddable":true,"href":"https:\/\/ubirataonline.com.br\/en\/wp-json\/wp\/v2\/comments?post=98857"}],"version-history":[{"count":0,"href":"https:\/\/ubirataonline.com.br\/en\/wp-json\/wp\/v2\/posts\/98857\/revisions"}],"wp:featuredmedia":[{"embeddable":true,"href":"https:\/\/ubirataonline.com.br\/en\/wp-json\/wp\/v2\/media\/98858"}],"wp:attachment":[{"href":"https:\/\/ubirataonline.com.br\/en\/wp-json\/wp\/v2\/media?parent=98857"}],"wp:term":[{"taxonomy":"category","embeddable":true,"href":"https:\/\/ubirataonline.com.br\/en\/wp-json\/wp\/v2\/categories?post=98857"},{"taxonomy":"post_tag","embeddable":true,"href":"https:\/\/ubirataonline.com.br\/en\/wp-json\/wp\/v2\/tags?post=98857"}],"curies":[{"name":"wp","href":"https:\/\/api.w.org\/{rel}","templated":true}]}}