{"id":98865,"date":"2026-04-02T06:12:50","date_gmt":"2026-04-02T09:12:50","guid":{"rendered":"https:\/\/ubirataonline.com.br\/vortice-ciclonico-em-altos-niveis-o-que-e-e-como-deve-atingir-o-brasil\/"},"modified":"2026-04-02T06:12:53","modified_gmt":"2026-04-02T09:12:53","slug":"vortice-ciclonico-em-altos-niveis-o-que-e-e-como-deve-atingir-o-brasil","status":"publish","type":"post","link":"https:\/\/ubirataonline.com.br\/en\/vortice-ciclonico-em-altos-niveis-o-que-e-e-como-deve-atingir-o-brasil\/","title":{"rendered":"V\u00f3rtice Cicl\u00f4nico em Altos N\u00edveis: o que \u00e9 e como deve atingir o Brasil"},"content":{"rendered":"<p><\/p>\n<div data-single-content=\"true\">\n<p class=\"my-5 break-words group-[.isActiveSource]:text-xl\"><strong class=\"group-[.isActiveSource]:text-xl group-[.isActiveSource]:font-bold\">Um fen\u00f4meno meteorol\u00f3gico conhecido como VCAN<\/strong> (V\u00f3rtice Cicl\u00f4nico em Altos N\u00edveis) <strong class=\"group-[.isActiveSource]:text-xl group-[.isActiveSource]:font-bold\">avan\u00e7a<\/strong> do Oceano Atl\u00e2ntico <strong class=\"group-[.isActiveSource]:text-xl group-[.isActiveSource]:font-bold\">em dire\u00e7\u00e3o ao Sul do Brasil e deve alterar as condi\u00e7\u00f5es do tempo em diversos estados do pa\u00eds<\/strong> nos pr\u00f3ximos dias.<\/p>\n<p class=\"my-5 break-words group-[.isActiveSource]:text-xl\">A combina\u00e7\u00e3o deste fen\u00f4meno com o transporte de umidade do oceano e \u00e1reas de baixa press\u00e3o est\u00e1 <strong class=\"group-[.isActiveSource]:text-xl group-[.isActiveSource]:font-bold\"><a href=\"https:\/\/www.cnnbrasil.com.br\/nacional\/previsao-do-tempo-chuva-deve-ocorrer-na-maior-parte-do-pais-nesta-semana\/\" target=\"_blank\" rel=\"noopener noreferrer\" data-textassist=\"true\" class=\"text-red-600 underline hover:text-red-500 font-medium break-words group-[.isActiveSource]:text-xl\">intensificando as instabilidades<\/a><\/strong>, elevando o risco de chuvas fortes, temporais e alagamentos em diversas regi\u00f5es do pa\u00eds.<\/p>\n<h2 class=\"text-2xl my-5 font-bold break-words\">O que \u00e9 o VCAN?<\/h2>\n<p class=\"my-5 break-words group-[.isActiveSource]:text-xl\">O VCAN \u00e9 um sistema atmosf\u00e9rico que se desenvolve em grandes altitudes, atuando geralmente a cerca de 10 quil\u00f4metros acima da superf\u00edcie da Terra. Ele \u00e9 caracterizado por apresentar uma circula\u00e7\u00e3o de ventos no sentido hor\u00e1rio.<\/p>\n<p class=\"my-5 break-words group-[.isActiveSource]:text-xl\">Uma caracter\u00edstica marcante da din\u00e2mica do VCAN \u00e9 a distribui\u00e7\u00e3o da nebulosidade: enquanto o centro do v\u00f3rtice tende a ter condi\u00e7\u00f5es clim\u00e1ticas mais est\u00e1veis e firmes, s\u00e3o nas suas bordas que ocorre a forma\u00e7\u00e3o de nuvens profundas e carregadas.<strong class=\"group-[.isActiveSource]:text-xl group-[.isActiveSource]:font-bold\">\u00a0<\/strong><\/p>\n<h2 class=\"text-2xl my-5 font-bold break-words\">Como deve atingir o Brasil<\/h2>\n<h4 class=\"text-lg my-5 font-bold break-words\">Regi\u00e3o Sul<\/h4>\n<p class=\"my-5 break-words group-[.isActiveSource]:text-xl\">O VCAN come\u00e7ou atuando pr\u00f3ximo \u00e0 costa de Santa Catarina e se desloca em dire\u00e7\u00e3o ao interior do continente.<\/p>\n<p class=\"my-5 break-words group-[.isActiveSource]:text-xl\">A influ\u00eancia mar\u00edtima mant\u00e9m a chuva persistente no litoral, mas o avan\u00e7o do sistema aumenta o risco de temporais localizados no interior, norte e oeste do Paran\u00e1, al\u00e9m de Santa Catarina.<\/p>\n<p class=\"my-5 break-words group-[.isActiveSource]:text-xl\">No Rio Grande do Sul, as chuvas s\u00e3o mais irregulares, enquanto parte do estado ainda enfrenta uma onda de calor com temperaturas at\u00e9 5\u00b0C acima da m\u00e9dia.<\/p>\n<p class=\"my-5 break-words group-[.isActiveSource]:text-xl\"><a href=\"https:\/\/www.cnnbrasil.com.br\/nacional\/sudeste\/sp\/previsao-do-tempo-preve-chuvas-frequentes-em-sao-paulo\/\" target=\"_blank\" rel=\"noopener noreferrer\" class=\"text-red-600 underline hover:text-red-500 font-medium break-words group-[.isActiveSource]:text-xl\"><strong class=\"group-[.isActiveSource]:text-xl group-[.isActiveSource]:font-bold\">Previs\u00e3o do tempo prev\u00ea chuvas frequentes em S\u00e3o Paulo<\/strong><\/a><\/p>\n<h4 class=\"text-lg my-5 font-bold break-words\">Regi\u00e3o Sudeste<\/h4>\n<p class=\"my-5 break-words group-[.isActiveSource]:text-xl\">O impacto do VCAN ser\u00e1 bastante amplo nesta regi\u00e3o, favorecendo <strong class=\"group-[.isActiveSource]:text-xl group-[.isActiveSource]:font-bold\"><a href=\"https:\/\/www.cnnbrasil.com.br\/nacional\/sudeste\/tempo-pelo-brasil-semana-termina-com-alerta-de-chuva-forte-no-sudeste\/\" target=\"_blank\" rel=\"noopener noreferrer\" data-textassist=\"true\" class=\"text-red-600 underline hover:text-red-500 font-medium break-words group-[.isActiveSource]:text-xl\">pancadas de chuva frequentes<\/a><\/strong>. S\u00e3o Paulo e Minas Gerais est\u00e3o entre as \u00e1reas de maior aten\u00e7\u00e3o, com potencial para chuva moderada a forte e temporais isolados.<\/p>\n<p class=\"my-5 break-words group-[.isActiveSource]:text-xl\">O tempo inst\u00e1vel afeta especialmente o interior paulista, o sul e o centro mineiro, al\u00e9m do sul e da serra do Rio de Janeiro. Com a maior presen\u00e7a de nuvens, as temperaturas devem ficar mais amenas na faixa litor\u00e2nea de SP, RJ e Esp\u00edrito Santo.<\/p>\n<h4 class=\"text-lg my-5 font-bold break-words\">Regi\u00e3o Centro-Oeste<\/h4>\n<p class=\"my-5 break-words group-[.isActiveSource]:text-xl\">O deslocamento do fen\u00f4meno para o interior favorece o retorno da chuva, ganhando destaque em \u00e1reas de Mato Grosso do Sul.<\/p>\n<p class=\"my-5 break-words group-[.isActiveSource]:text-xl\">As precipita\u00e7\u00f5es devem ocorrer de forma irregular, com trovoadas e risco de temporais durante a tarde, embora o calor continue predominando em grande parte da regi\u00e3o.<\/p>\n<h4 class=\"text-lg my-5 font-bold break-words\">Norte e Nordeste em alerta<\/h4>\n<p class=\"my-5 break-words group-[.isActiveSource]:text-xl\">Paralelamente, o Inmet (Instituto Nacional de Meteorologia) emitiu <strong class=\"group-[.isActiveSource]:text-xl group-[.isActiveSource]:font-bold\"><a href=\"https:\/\/www.cnnbrasil.com.br\/nacional\/brasil\/alertas-de-chuvas-intensas-atingem-diversos-estados-do-brasil\/\" target=\"_blank\" rel=\"noopener noreferrer\" data-textassist=\"true\" class=\"text-red-600 underline hover:text-red-500 font-medium break-words group-[.isActiveSource]:text-xl\">avisos de chuvas intensas<\/a> <\/strong>e grande severidade para os estados do Par\u00e1, Maranh\u00e3o, Cear\u00e1, Bahia, Pernambuco, Piau\u00ed e Amazonas.<\/p>\n<p class=\"my-5 break-words group-[.isActiveSource]:text-xl\">Nestas \u00e1reas, os acumulados de chuva podem atingir a marca de 100 mm por dia, acompanhados de ventanias de at\u00e9 100 km\/h, trazendo riscos de quedas de \u00e1rvores e interrup\u00e7\u00f5es de energia.<\/p>\n<p class=\"my-5 break-words group-[.isActiveSource]:text-xl\">Diante do cen\u00e1rio de extremos clim\u00e1ticos, os \u00f3rg\u00e3os de meteorologia e a Defesa Civil recomendam que a popula\u00e7\u00e3o evite transitar por \u00e1reas alagadas, n\u00e3o busque abrigo debaixo de \u00e1rvores durante as rajadas de vento e permane\u00e7a atenta aos alertas locais.<\/p>\n<\/div>\n<p><a href=\"https:\/\/www.cnnbrasil.com.br\/nacional\/brasil\/vortice-ciclonico-em-altos-niveis-o-que-e-e-como-deve-atingir-o-brasil\/\">Fonte do Artigo <\/a><\/p>\n","protected":false},"excerpt":{"rendered":"<p>Um fen\u00f4meno meteorol\u00f3gico conhecido como VCAN (V\u00f3rtice Cicl\u00f4nico em Altos N\u00edveis) avan\u00e7a do Oceano Atl\u00e2ntico em dire\u00e7\u00e3o ao Sul do Brasil e deve alterar as condi\u00e7\u00f5es do tempo em diversos estados do pa\u00eds nos pr\u00f3ximos dias. A combina\u00e7\u00e3o deste fen\u00f4meno com o transporte de umidade do oceano e \u00e1reas de baixa press\u00e3o est\u00e1 intensificando as [&hellip;]<\/p>\n","protected":false},"author":1,"featured_media":98866,"comment_status":"closed","ping_status":"","sticky":false,"template":"","format":"standard","meta":{"googlesitekit_rrm_CAow2JLhCw:productID":"","_gspb_post_css":"","maa_idioma":"","maa_pais":"","footnotes":""},"categories":[4],"tags":[5648,11759,272,24627,3564,3177,6021,24626],"class_list":["post-98865","post","type-post","status-publish","format-standard","has-post-thumbnail","hentry","category-brasil","tag-altos","tag-atingir","tag-brasil","tag-ciclonico","tag-como","tag-deve","tag-niveis","tag-vortice"],"blocksy_meta":[],"yoast_head":"<!-- This site is optimized with the Yoast SEO Premium plugin v27.6 (Yoast SEO v27.6) - https:\/\/yoast.com\/product\/yoast-seo-premium-wordpress\/ -->\n<title>V\u00f3rtice Cicl\u00f4nico em Altos N\u00edveis: o que \u00e9 e como deve atingir o Brasil - Ubirat\u00e3 Online Not\u00edcias - A realidade ao seu alcance!<\/title>\n<meta name=\"description\" content=\"Um fen\u00f4meno meteorol\u00f3gico conhecido como VCAN (V\u00f3rtice Cicl\u00f4nico em Altos N\u00edveis) avan\u00e7a do Oceano Atl\u00e2ntico em dire\u00e7\u00e3o ao Sul do Brasil e deve alterar as\" \/>\n<meta name=\"robots\" content=\"index, follow, max-snippet:-1, max-image-preview:large, max-video-preview:-1\" \/>\n<link rel=\"canonical\" href=\"https:\/\/ubirataonline.com.br\/en\/vortice-ciclonico-em-altos-niveis-o-que-e-e-como-deve-atingir-o-brasil\/\" \/>\n<meta property=\"og:locale\" content=\"en_US\" \/>\n<meta property=\"og:type\" content=\"article\" \/>\n<meta property=\"og:title\" content=\"V\u00f3rtice Cicl\u00f4nico em Altos N\u00edveis: o que \u00e9 e como deve atingir o Brasil\" \/>\n<meta property=\"og:description\" content=\"Um fen\u00f4meno meteorol\u00f3gico conhecido como VCAN (V\u00f3rtice Cicl\u00f4nico em Altos N\u00edveis) avan\u00e7a do Oceano Atl\u00e2ntico em dire\u00e7\u00e3o ao Sul do Brasil e deve alterar as\" \/>\n<meta property=\"og:url\" content=\"https:\/\/ubirataonline.com.br\/en\/vortice-ciclonico-em-altos-niveis-o-que-e-e-como-deve-atingir-o-brasil\/\" \/>\n<meta property=\"og:site_name\" content=\"Ubirat\u00e3 Online Not\u00edcias - A realidade ao seu alcance!\" \/>\n<meta property=\"article:publisher\" content=\"https:\/\/www.facebook.com\/portalubirataonline\" \/>\n<meta property=\"article:author\" content=\"https:\/\/www.facebook.com\/portalubirataonline\" \/>\n<meta property=\"article:published_time\" content=\"2026-04-02T09:12:50+00:00\" \/>\n<meta property=\"article:modified_time\" content=\"2026-04-02T09:12:53+00:00\" \/>\n<meta property=\"og:image\" content=\"https:\/\/ubirataonline.com.br\/wp-content\/uploads\/2026\/04\/Vortice-Ciclonico-em-Altos-Niveis-o-que-e-e-como.jpg\" \/>\n\t<meta property=\"og:image:width\" content=\"900\" \/>\n\t<meta property=\"og:image:height\" content=\"540\" \/>\n\t<meta property=\"og:image:type\" content=\"image\/jpeg\" \/>\n<meta name=\"author\" content=\"REDA\u00c7\u00c3O: UBIRAT\u00c3 ONLINE - F\u00c1BIO AUGUSTO CELESTINO\" \/>\n<meta name=\"twitter:card\" content=\"summary_large_image\" \/>\n<meta name=\"twitter:creator\" content=\"@x.com\/ubirataonline\" \/>\n<meta name=\"twitter:site\" content=\"@ubirataonline\" \/>\n<meta name=\"twitter:label1\" content=\"Written by\" \/>\n\t<meta name=\"twitter:data1\" content=\"REDA\u00c7\u00c3O: UBIRAT\u00c3 ONLINE - F\u00c1BIO AUGUSTO CELESTINO\" \/>\n\t<meta name=\"twitter:label2\" content=\"Est. reading time\" \/>\n\t<meta name=\"twitter:data2\" content=\"3 minutes\" \/>\n<script type=\"application\/ld+json\" class=\"yoast-schema-graph\">{\"@context\":\"https:\\\/\\\/schema.org\",\"@graph\":[{\"@type\":\"NewsArticle\",\"@id\":\"https:\\\/\\\/ubirataonline.com.br\\\/vortice-ciclonico-em-altos-niveis-o-que-e-e-como-deve-atingir-o-brasil\\\/#article\",\"isPartOf\":{\"@id\":\"https:\\\/\\\/ubirataonline.com.br\\\/vortice-ciclonico-em-altos-niveis-o-que-e-e-como-deve-atingir-o-brasil\\\/\"},\"author\":{\"name\":\"REDA\u00c7\u00c3O: UBIRAT\u00c3 ONLINE - F\u00c1BIO AUGUSTO CELESTINO\",\"@id\":\"https:\\\/\\\/ubirataonline.com.br\\\/#\\\/schema\\\/person\\\/372f87bbd3fdd79b8556b84c98d0bc1c\"},\"headline\":\"V\u00f3rtice Cicl\u00f4nico em Altos N\u00edveis: o que \u00e9 e como deve atingir o Brasil\",\"datePublished\":\"2026-04-02T09:12:50+00:00\",\"dateModified\":\"2026-04-02T09:12:53+00:00\",\"mainEntityOfPage\":{\"@id\":\"https:\\\/\\\/ubirataonline.com.br\\\/vortice-ciclonico-em-altos-niveis-o-que-e-e-como-deve-atingir-o-brasil\\\/\"},\"wordCount\":556,\"publisher\":{\"@id\":\"https:\\\/\\\/ubirataonline.com.br\\\/#organization\"},\"image\":{\"@id\":\"https:\\\/\\\/ubirataonline.com.br\\\/vortice-ciclonico-em-altos-niveis-o-que-e-e-como-deve-atingir-o-brasil\\\/#primaryimage\"},\"thumbnailUrl\":\"https:\\\/\\\/ubirataonline.com.br\\\/wp-content\\\/uploads\\\/2026\\\/04\\\/Vortice-Ciclonico-em-Altos-Niveis-o-que-e-e-como.jpg\",\"keywords\":[\"altos\",\"atingir\",\"Brasil\",\"Cicl\u00f4nico\",\"como\",\"deve\",\"n\u00edveis\",\"V\u00f3rtice\"],\"articleSection\":[\"Brasil\"],\"inLanguage\":\"en-US\",\"copyrightYear\":\"2026\",\"copyrightHolder\":{\"@id\":\"https:\\\/\\\/ubirataonline.com.br\\\/en\\\/#organization\"}},{\"@type\":\"WebPage\",\"@id\":\"https:\\\/\\\/ubirataonline.com.br\\\/vortice-ciclonico-em-altos-niveis-o-que-e-e-como-deve-atingir-o-brasil\\\/\",\"url\":\"https:\\\/\\\/ubirataonline.com.br\\\/vortice-ciclonico-em-altos-niveis-o-que-e-e-como-deve-atingir-o-brasil\\\/\",\"name\":\"V\u00f3rtice Cicl\u00f4nico em Altos N\u00edveis: o que \u00e9 e como deve atingir o Brasil - Ubirat\u00e3 Online Not\u00edcias - A realidade ao seu alcance!\",\"isPartOf\":{\"@id\":\"https:\\\/\\\/ubirataonline.com.br\\\/#website\"},\"primaryImageOfPage\":{\"@id\":\"https:\\\/\\\/ubirataonline.com.br\\\/vortice-ciclonico-em-altos-niveis-o-que-e-e-como-deve-atingir-o-brasil\\\/#primaryimage\"},\"image\":{\"@id\":\"https:\\\/\\\/ubirataonline.com.br\\\/vortice-ciclonico-em-altos-niveis-o-que-e-e-como-deve-atingir-o-brasil\\\/#primaryimage\"},\"thumbnailUrl\":\"https:\\\/\\\/ubirataonline.com.br\\\/wp-content\\\/uploads\\\/2026\\\/04\\\/Vortice-Ciclonico-em-Altos-Niveis-o-que-e-e-como.jpg\",\"datePublished\":\"2026-04-02T09:12:50+00:00\",\"dateModified\":\"2026-04-02T09:12:53+00:00\",\"description\":\"Um fen\u00f4meno meteorol\u00f3gico conhecido como VCAN (V\u00f3rtice Cicl\u00f4nico em Altos N\u00edveis) avan\u00e7a do Oceano Atl\u00e2ntico em dire\u00e7\u00e3o ao Sul do Brasil e deve alterar as\",\"breadcrumb\":{\"@id\":\"https:\\\/\\\/ubirataonline.com.br\\\/vortice-ciclonico-em-altos-niveis-o-que-e-e-como-deve-atingir-o-brasil\\\/#breadcrumb\"},\"inLanguage\":\"en-US\",\"potentialAction\":[{\"@type\":\"ReadAction\",\"target\":[\"https:\\\/\\\/ubirataonline.com.br\\\/vortice-ciclonico-em-altos-niveis-o-que-e-e-como-deve-atingir-o-brasil\\\/\"]}]},{\"@type\":\"ImageObject\",\"inLanguage\":\"en-US\",\"@id\":\"https:\\\/\\\/ubirataonline.com.br\\\/vortice-ciclonico-em-altos-niveis-o-que-e-e-como-deve-atingir-o-brasil\\\/#primaryimage\",\"url\":\"https:\\\/\\\/ubirataonline.com.br\\\/wp-content\\\/uploads\\\/2026\\\/04\\\/Vortice-Ciclonico-em-Altos-Niveis-o-que-e-e-como.jpg\",\"contentUrl\":\"https:\\\/\\\/ubirataonline.com.br\\\/wp-content\\\/uploads\\\/2026\\\/04\\\/Vortice-Ciclonico-em-Altos-Niveis-o-que-e-e-como.jpg\",\"width\":900,\"height\":540,\"caption\":\"Nebulosidade que causa chuva no Sul do Brasil. Imagem de 31 de mar\u00e7o de 2026\u00a0 \u2022 NOAA\\\/NESDIS\\\/STAR\\\/NASA\"},{\"@type\":\"BreadcrumbList\",\"@id\":\"https:\\\/\\\/ubirataonline.com.br\\\/vortice-ciclonico-em-altos-niveis-o-que-e-e-como-deve-atingir-o-brasil\\\/#breadcrumb\",\"itemListElement\":[{\"@type\":\"ListItem\",\"position\":1,\"name\":\"In\u00edcio\",\"item\":\"https:\\\/\\\/ubirataonline.com.br\\\/\"},{\"@type\":\"ListItem\",\"position\":2,\"name\":\"V\u00f3rtice Cicl\u00f4nico em Altos N\u00edveis: o que \u00e9 e como deve atingir o Brasil\"}]},{\"@type\":\"WebSite\",\"@id\":\"https:\\\/\\\/ubirataonline.com.br\\\/#website\",\"url\":\"https:\\\/\\\/ubirataonline.com.br\\\/\",\"name\":\"Ubirat\u00e3 Online Not\u00edcias\",\"description\":\"Not\u00edcias de Ubirat\u00e3, regi\u00e3o, Brasil e mundo, com informa\u00e7\u00e3o atualizada e compromisso com o leitor.\",\"publisher\":{\"@id\":\"https:\\\/\\\/ubirataonline.com.br\\\/#organization\"},\"alternateName\":\"Ubirat\u00e3 Online\",\"potentialAction\":[{\"@type\":\"SearchAction\",\"target\":{\"@type\":\"EntryPoint\",\"urlTemplate\":\"https:\\\/\\\/ubirataonline.com.br\\\/?s={search_term_string}\"},\"query-input\":{\"@type\":\"PropertyValueSpecification\",\"valueRequired\":true,\"valueName\":\"search_term_string\"}}],\"inLanguage\":\"en-US\"},{\"@type\":[\"Organization\",\"Place\"],\"@id\":\"https:\\\/\\\/ubirataonline.com.br\\\/#organization\",\"name\":\"Ubirat\u00e3 Online Not\u00edcias\",\"alternateName\":\"Ubirat\u00e3 Online\",\"url\":\"https:\\\/\\\/ubirataonline.com.br\\\/\",\"logo\":{\"@id\":\"https:\\\/\\\/ubirataonline.com.br\\\/vortice-ciclonico-em-altos-niveis-o-que-e-e-como-deve-atingir-o-brasil\\\/#local-main-organization-logo\"},\"image\":{\"@id\":\"https:\\\/\\\/ubirataonline.com.br\\\/vortice-ciclonico-em-altos-niveis-o-que-e-e-como-deve-atingir-o-brasil\\\/#local-main-organization-logo\"},\"sameAs\":[\"https:\\\/\\\/www.facebook.com\\\/portalubirataonline\",\"https:\\\/\\\/x.com\\\/ubirataonline\",\"https:\\\/\\\/mastodon.social\\\/@ubirataonline\",\"https:\\\/\\\/www.facebook.com\\\/groups\\\/311144672285604\",\"https:\\\/\\\/www.facebook.com\\\/UBTAOnline\",\"https:\\\/\\\/www.instagram.com\\\/portalubirataonline\\\/\",\"https:\\\/\\\/twitter.com\\\/ubirataonline\"],\"description\":\"Somos um portal de not\u00edcias independente, criado em 5 de janeiro de 2009, com o objetivo de informar, conectar e valorizar a nossa comunidade de Ubirat\u00e3 e toda aregi\u00e3o. Com conte\u00fado atualizado, confi\u00e1vel e relevante, o Ubirat\u00e3 Online \u00e9 o seu espa\u00e7o para ficar por dentro dos principais acontecimentos locais, regionais, Brasil, Mundo e de interesse geral. Nosso compromisso \u00e9 com a verdade, a transpar\u00eancia e o respeito ao leitor.\",\"legalName\":\"UBIRATA ONLINE NOT\u00cdCIAS\",\"foundingDate\":\"2009-01-05\",\"numberOfEmployees\":{\"@type\":\"QuantitativeValue\",\"minValue\":\"1\",\"maxValue\":\"10\"},\"publishingPrinciples\":\"https:\\\/\\\/ubirataonline.com.br\\\/faq\\\/\",\"address\":{\"@id\":\"https:\\\/\\\/ubirataonline.com.br\\\/vortice-ciclonico-em-altos-niveis-o-que-e-e-como-deve-atingir-o-brasil\\\/#local-main-place-address\"},\"geo\":{\"@type\":\"GeoCoordinates\",\"latitude\":\"-24.5361401\",\"longitude\":\"-52.9921776\"},\"telephone\":[\"+5544998308235\"],\"contactPoint\":{\"@type\":\"ContactPoint\",\"email\":\"contato@ubirataonline.com.br\"},\"openingHoursSpecification\":{\"@type\":\"OpeningHoursSpecification\",\"dayOfWeek\":[\"Monday\",\"Tuesday\",\"Wednesday\",\"Thursday\",\"Friday\",\"Saturday\",\"Sunday\"],\"opens\":\"00:00\",\"closes\":\"23:59\"},\"email\":\"contato@ubirataonline.com.br\",\"vatID\":\"47.621.418\\\/0001-80\"},{\"@type\":\"Person\",\"@id\":\"https:\\\/\\\/ubirataonline.com.br\\\/#\\\/schema\\\/person\\\/372f87bbd3fdd79b8556b84c98d0bc1c\",\"name\":\"REDA\u00c7\u00c3O: UBIRAT\u00c3 ONLINE - F\u00c1BIO AUGUSTO CELESTINO\",\"pronouns\":\"Ele\",\"description\":\"Desde 2003 trabalhando com not\u00edcias.\",\"sameAs\":[\"http:\\\/\\\/ubirataoline.com.br\",\"https:\\\/\\\/www.facebook.com\\\/portalubirataonline\",\"https:\\\/\\\/www.instagram.com\\\/ubirataonline_oficial\",\"https:\\\/\\\/x.com\\\/x.com\\\/ubirataonline\"],\"honorificPrefix\":\"Mr.\",\"honorificSuffix\":\"MD\",\"birthDate\":\"1980-06-16\",\"gender\":\"masculino\",\"award\":[\"V\u00e1rios pr\u00eamios de melhor portal da cidade\"],\"jobTitle\":\"Diretor\",\"url\":\"https:\\\/\\\/ubirataonline.com.br\\\/en\\\/author\\\/ubirataonline\\\/\"},{\"@type\":\"PostalAddress\",\"@id\":\"https:\\\/\\\/ubirataonline.com.br\\\/vortice-ciclonico-em-altos-niveis-o-que-e-e-como-deve-atingir-o-brasil\\\/#local-main-place-address\",\"streetAddress\":\"Rua dos Coqueiros, 104 - Bairro Boa Vista, Rua dos Coqueiros, 104 Bairro Boa Vista\",\"addressLocality\":\"UBIRATA\",\"postalCode\":\"85440-000\",\"addressRegion\":\"PR\",\"addressCountry\":\"BR\"},{\"@type\":\"ImageObject\",\"inLanguage\":\"en-US\",\"@id\":\"https:\\\/\\\/ubirataonline.com.br\\\/vortice-ciclonico-em-altos-niveis-o-que-e-e-como-deve-atingir-o-brasil\\\/#local-main-organization-logo\",\"url\":\"https:\\\/\\\/ubirataonline.com.br\\\/wp-content\\\/uploads\\\/2026\\\/06\\\/logoubirataonline-1.webp\",\"contentUrl\":\"https:\\\/\\\/ubirataonline.com.br\\\/wp-content\\\/uploads\\\/2026\\\/06\\\/logoubirataonline-1.webp\",\"width\":500,\"height\":500,\"caption\":\"Ubirat\u00e3 Online Not\u00edcias\"}]}<\/script>\n<meta name=\"geo.placename\" content=\"UBIRATA\" \/>\n<meta name=\"geo.position\" content=\"-24.5361401;-52.9921776\" \/>\n<meta name=\"geo.region\" content=\"Brazil\" \/>\n<!-- \/ Yoast SEO Premium plugin. -->","yoast_head_json":{"title":"V\u00f3rtice Cicl\u00f4nico em Altos N\u00edveis: o que \u00e9 e como deve atingir o Brasil - Ubirat\u00e3 Online Not\u00edcias - A realidade ao seu alcance!","description":"Um fen\u00f4meno meteorol\u00f3gico conhecido como VCAN (V\u00f3rtice Cicl\u00f4nico em Altos N\u00edveis) avan\u00e7a do Oceano Atl\u00e2ntico em dire\u00e7\u00e3o ao Sul do Brasil e deve alterar as","robots":{"index":"index","follow":"follow","max-snippet":"max-snippet:-1","max-image-preview":"max-image-preview:large","max-video-preview":"max-video-preview:-1"},"canonical":"https:\/\/ubirataonline.com.br\/en\/vortice-ciclonico-em-altos-niveis-o-que-e-e-como-deve-atingir-o-brasil\/","og_locale":"en_US","og_type":"article","og_title":"V\u00f3rtice Cicl\u00f4nico em Altos N\u00edveis: o que \u00e9 e como deve atingir o Brasil","og_description":"Um fen\u00f4meno meteorol\u00f3gico conhecido como VCAN (V\u00f3rtice Cicl\u00f4nico em Altos N\u00edveis) avan\u00e7a do Oceano Atl\u00e2ntico em dire\u00e7\u00e3o ao Sul do Brasil e deve alterar as","og_url":"https:\/\/ubirataonline.com.br\/en\/vortice-ciclonico-em-altos-niveis-o-que-e-e-como-deve-atingir-o-brasil\/","og_site_name":"Ubirat\u00e3 Online Not\u00edcias - A realidade ao seu alcance!","article_publisher":"https:\/\/www.facebook.com\/portalubirataonline","article_author":"https:\/\/www.facebook.com\/portalubirataonline","article_published_time":"2026-04-02T09:12:50+00:00","article_modified_time":"2026-04-02T09:12:53+00:00","og_image":[{"width":900,"height":540,"url":"https:\/\/ubirataonline.com.br\/wp-content\/uploads\/2026\/04\/Vortice-Ciclonico-em-Altos-Niveis-o-que-e-e-como.jpg","type":"image\/jpeg"}],"author":"REDA\u00c7\u00c3O: UBIRAT\u00c3 ONLINE - F\u00c1BIO AUGUSTO CELESTINO","twitter_card":"summary_large_image","twitter_creator":"@x.com\/ubirataonline","twitter_site":"@ubirataonline","twitter_misc":{"Written by":"REDA\u00c7\u00c3O: UBIRAT\u00c3 ONLINE - F\u00c1BIO AUGUSTO CELESTINO","Est. reading time":"3 minutes"},"schema":{"@context":"https:\/\/schema.org","@graph":[{"@type":"NewsArticle","@id":"https:\/\/ubirataonline.com.br\/vortice-ciclonico-em-altos-niveis-o-que-e-e-como-deve-atingir-o-brasil\/#article","isPartOf":{"@id":"https:\/\/ubirataonline.com.br\/vortice-ciclonico-em-altos-niveis-o-que-e-e-como-deve-atingir-o-brasil\/"},"author":{"name":"REDA\u00c7\u00c3O: UBIRAT\u00c3 ONLINE - F\u00c1BIO AUGUSTO CELESTINO","@id":"https:\/\/ubirataonline.com.br\/#\/schema\/person\/372f87bbd3fdd79b8556b84c98d0bc1c"},"headline":"V\u00f3rtice Cicl\u00f4nico em Altos N\u00edveis: o que \u00e9 e como deve atingir o Brasil","datePublished":"2026-04-02T09:12:50+00:00","dateModified":"2026-04-02T09:12:53+00:00","mainEntityOfPage":{"@id":"https:\/\/ubirataonline.com.br\/vortice-ciclonico-em-altos-niveis-o-que-e-e-como-deve-atingir-o-brasil\/"},"wordCount":556,"publisher":{"@id":"https:\/\/ubirataonline.com.br\/#organization"},"image":{"@id":"https:\/\/ubirataonline.com.br\/vortice-ciclonico-em-altos-niveis-o-que-e-e-como-deve-atingir-o-brasil\/#primaryimage"},"thumbnailUrl":"https:\/\/ubirataonline.com.br\/wp-content\/uploads\/2026\/04\/Vortice-Ciclonico-em-Altos-Niveis-o-que-e-e-como.jpg","keywords":["altos","atingir","Brasil","Cicl\u00f4nico","como","deve","n\u00edveis","V\u00f3rtice"],"articleSection":["Brasil"],"inLanguage":"en-US","copyrightYear":"2026","copyrightHolder":{"@id":"https:\/\/ubirataonline.com.br\/en\/#organization"}},{"@type":"WebPage","@id":"https:\/\/ubirataonline.com.br\/vortice-ciclonico-em-altos-niveis-o-que-e-e-como-deve-atingir-o-brasil\/","url":"https:\/\/ubirataonline.com.br\/vortice-ciclonico-em-altos-niveis-o-que-e-e-como-deve-atingir-o-brasil\/","name":"V\u00f3rtice Cicl\u00f4nico em Altos N\u00edveis: o que \u00e9 e como deve atingir o Brasil - Ubirat\u00e3 Online Not\u00edcias - A realidade ao seu alcance!","isPartOf":{"@id":"https:\/\/ubirataonline.com.br\/#website"},"primaryImageOfPage":{"@id":"https:\/\/ubirataonline.com.br\/vortice-ciclonico-em-altos-niveis-o-que-e-e-como-deve-atingir-o-brasil\/#primaryimage"},"image":{"@id":"https:\/\/ubirataonline.com.br\/vortice-ciclonico-em-altos-niveis-o-que-e-e-como-deve-atingir-o-brasil\/#primaryimage"},"thumbnailUrl":"https:\/\/ubirataonline.com.br\/wp-content\/uploads\/2026\/04\/Vortice-Ciclonico-em-Altos-Niveis-o-que-e-e-como.jpg","datePublished":"2026-04-02T09:12:50+00:00","dateModified":"2026-04-02T09:12:53+00:00","description":"Um fen\u00f4meno meteorol\u00f3gico conhecido como VCAN (V\u00f3rtice Cicl\u00f4nico em Altos N\u00edveis) avan\u00e7a do Oceano Atl\u00e2ntico em dire\u00e7\u00e3o ao Sul do Brasil e deve alterar as","breadcrumb":{"@id":"https:\/\/ubirataonline.com.br\/vortice-ciclonico-em-altos-niveis-o-que-e-e-como-deve-atingir-o-brasil\/#breadcrumb"},"inLanguage":"en-US","potentialAction":[{"@type":"ReadAction","target":["https:\/\/ubirataonline.com.br\/vortice-ciclonico-em-altos-niveis-o-que-e-e-como-deve-atingir-o-brasil\/"]}]},{"@type":"ImageObject","inLanguage":"en-US","@id":"https:\/\/ubirataonline.com.br\/vortice-ciclonico-em-altos-niveis-o-que-e-e-como-deve-atingir-o-brasil\/#primaryimage","url":"https:\/\/ubirataonline.com.br\/wp-content\/uploads\/2026\/04\/Vortice-Ciclonico-em-Altos-Niveis-o-que-e-e-como.jpg","contentUrl":"https:\/\/ubirataonline.com.br\/wp-content\/uploads\/2026\/04\/Vortice-Ciclonico-em-Altos-Niveis-o-que-e-e-como.jpg","width":900,"height":540,"caption":"Nebulosidade que causa chuva no Sul do Brasil. Imagem de 31 de mar\u00e7o de 2026\u00a0 \u2022 NOAA\/NESDIS\/STAR\/NASA"},{"@type":"BreadcrumbList","@id":"https:\/\/ubirataonline.com.br\/vortice-ciclonico-em-altos-niveis-o-que-e-e-como-deve-atingir-o-brasil\/#breadcrumb","itemListElement":[{"@type":"ListItem","position":1,"name":"In\u00edcio","item":"https:\/\/ubirataonline.com.br\/"},{"@type":"ListItem","position":2,"name":"V\u00f3rtice Cicl\u00f4nico em Altos N\u00edveis: o que \u00e9 e como deve atingir o Brasil"}]},{"@type":"WebSite","@id":"https:\/\/ubirataonline.com.br\/#website","url":"https:\/\/ubirataonline.com.br\/","name":"Ubirat\u00e3 Online Not\u00edcias","description":"Not\u00edcias de Ubirat\u00e3, regi\u00e3o, Brasil e mundo, com informa\u00e7\u00e3o atualizada e compromisso com o leitor.","publisher":{"@id":"https:\/\/ubirataonline.com.br\/#organization"},"alternateName":"Ubirat\u00e3 Online","potentialAction":[{"@type":"SearchAction","target":{"@type":"EntryPoint","urlTemplate":"https:\/\/ubirataonline.com.br\/?s={search_term_string}"},"query-input":{"@type":"PropertyValueSpecification","valueRequired":true,"valueName":"search_term_string"}}],"inLanguage":"en-US"},{"@type":["Organization","Place"],"@id":"https:\/\/ubirataonline.com.br\/#organization","name":"Ubirat\u00e3 Online Not\u00edcias","alternateName":"Ubirat\u00e3 Online","url":"https:\/\/ubirataonline.com.br\/","logo":{"@id":"https:\/\/ubirataonline.com.br\/vortice-ciclonico-em-altos-niveis-o-que-e-e-como-deve-atingir-o-brasil\/#local-main-organization-logo"},"image":{"@id":"https:\/\/ubirataonline.com.br\/vortice-ciclonico-em-altos-niveis-o-que-e-e-como-deve-atingir-o-brasil\/#local-main-organization-logo"},"sameAs":["https:\/\/www.facebook.com\/portalubirataonline","https:\/\/x.com\/ubirataonline","https:\/\/mastodon.social\/@ubirataonline","https:\/\/www.facebook.com\/groups\/311144672285604","https:\/\/www.facebook.com\/UBTAOnline","https:\/\/www.instagram.com\/portalubirataonline\/","https:\/\/twitter.com\/ubirataonline"],"description":"Somos um portal de not\u00edcias independente, criado em 5 de janeiro de 2009, com o objetivo de informar, conectar e valorizar a nossa comunidade de Ubirat\u00e3 e toda aregi\u00e3o. Com conte\u00fado atualizado, confi\u00e1vel e relevante, o Ubirat\u00e3 Online \u00e9 o seu espa\u00e7o para ficar por dentro dos principais acontecimentos locais, regionais, Brasil, Mundo e de interesse geral. Nosso compromisso \u00e9 com a verdade, a transpar\u00eancia e o respeito ao leitor.","legalName":"UBIRATA ONLINE NOT\u00cdCIAS","foundingDate":"2009-01-05","numberOfEmployees":{"@type":"QuantitativeValue","minValue":"1","maxValue":"10"},"publishingPrinciples":"https:\/\/ubirataonline.com.br\/faq\/","address":{"@id":"https:\/\/ubirataonline.com.br\/vortice-ciclonico-em-altos-niveis-o-que-e-e-como-deve-atingir-o-brasil\/#local-main-place-address"},"geo":{"@type":"GeoCoordinates","latitude":"-24.5361401","longitude":"-52.9921776"},"telephone":["+5544998308235"],"contactPoint":{"@type":"ContactPoint","email":"contato@ubirataonline.com.br"},"openingHoursSpecification":{"@type":"OpeningHoursSpecification","dayOfWeek":["Monday","Tuesday","Wednesday","Thursday","Friday","Saturday","Sunday"],"opens":"00:00","closes":"23:59"},"email":"contato@ubirataonline.com.br","vatID":"47.621.418\/0001-80"},{"@type":"Person","@id":"https:\/\/ubirataonline.com.br\/#\/schema\/person\/372f87bbd3fdd79b8556b84c98d0bc1c","name":"REDA\u00c7\u00c3O: UBIRAT\u00c3 ONLINE - F\u00c1BIO AUGUSTO CELESTINO","pronouns":"Ele","description":"Desde 2003 trabalhando com not\u00edcias.","sameAs":["http:\/\/ubirataoline.com.br","https:\/\/www.facebook.com\/portalubirataonline","https:\/\/www.instagram.com\/ubirataonline_oficial","https:\/\/x.com\/x.com\/ubirataonline"],"honorificPrefix":"Mr.","honorificSuffix":"MD","birthDate":"1980-06-16","gender":"masculino","award":["V\u00e1rios pr\u00eamios de melhor portal da cidade"],"jobTitle":"Diretor","url":"https:\/\/ubirataonline.com.br\/en\/author\/ubirataonline\/"},{"@type":"PostalAddress","@id":"https:\/\/ubirataonline.com.br\/vortice-ciclonico-em-altos-niveis-o-que-e-e-como-deve-atingir-o-brasil\/#local-main-place-address","streetAddress":"Rua dos Coqueiros, 104 - Bairro Boa Vista, Rua dos Coqueiros, 104 Bairro Boa Vista","addressLocality":"UBIRATA","postalCode":"85440-000","addressRegion":"PR","addressCountry":"BR"},{"@type":"ImageObject","inLanguage":"en-US","@id":"https:\/\/ubirataonline.com.br\/vortice-ciclonico-em-altos-niveis-o-que-e-e-como-deve-atingir-o-brasil\/#local-main-organization-logo","url":"https:\/\/ubirataonline.com.br\/wp-content\/uploads\/2026\/06\/logoubirataonline-1.webp","contentUrl":"https:\/\/ubirataonline.com.br\/wp-content\/uploads\/2026\/06\/logoubirataonline-1.webp","width":500,"height":500,"caption":"Ubirat\u00e3 Online Not\u00edcias"}]},"geo.placename":"UBIRATA","geo.position":{"lat":"-24.5361401","long":"-52.9921776"},"geo.region":"Brazil"},"_links":{"self":[{"href":"https:\/\/ubirataonline.com.br\/en\/wp-json\/wp\/v2\/posts\/98865","targetHints":{"allow":["GET"]}}],"collection":[{"href":"https:\/\/ubirataonline.com.br\/en\/wp-json\/wp\/v2\/posts"}],"about":[{"href":"https:\/\/ubirataonline.com.br\/en\/wp-json\/wp\/v2\/types\/post"}],"author":[{"embeddable":true,"href":"https:\/\/ubirataonline.com.br\/en\/wp-json\/wp\/v2\/users\/1"}],"replies":[{"embeddable":true,"href":"https:\/\/ubirataonline.com.br\/en\/wp-json\/wp\/v2\/comments?post=98865"}],"version-history":[{"count":0,"href":"https:\/\/ubirataonline.com.br\/en\/wp-json\/wp\/v2\/posts\/98865\/revisions"}],"wp:featuredmedia":[{"embeddable":true,"href":"https:\/\/ubirataonline.com.br\/en\/wp-json\/wp\/v2\/media\/98866"}],"wp:attachment":[{"href":"https:\/\/ubirataonline.com.br\/en\/wp-json\/wp\/v2\/media?parent=98865"}],"wp:term":[{"taxonomy":"category","embeddable":true,"href":"https:\/\/ubirataonline.com.br\/en\/wp-json\/wp\/v2\/categories?post=98865"},{"taxonomy":"post_tag","embeddable":true,"href":"https:\/\/ubirataonline.com.br\/en\/wp-json\/wp\/v2\/tags?post=98865"}],"curies":[{"name":"wp","href":"https:\/\/api.w.org\/{rel}","templated":true}]}}