{"id":98904,"date":"2026-04-02T11:03:51","date_gmt":"2026-04-02T14:03:51","guid":{"rendered":"https:\/\/ubirataonline.com.br\/senado-aprova-guarda-compartilhada-de-animais-de-estimacao-em-caso-de-divorcio-entenda\/"},"modified":"2026-04-02T11:03:59","modified_gmt":"2026-04-02T14:03:59","slug":"senado-aprova-guarda-compartilhada-de-animais-de-estimacao-em-caso-de-divorcio-entenda","status":"publish","type":"post","link":"https:\/\/ubirataonline.com.br\/en\/senado-aprova-guarda-compartilhada-de-animais-de-estimacao-em-caso-de-divorcio-entenda\/","title":{"rendered":"Senado aprova guarda compartilhada de animais de estima\u00e7\u00e3o em caso de div\u00f3rcio; entenda"},"content":{"rendered":"<p><\/p>\n<div id=\"texto\">\n<p>O Senado Federal aprovou na ter\u00e7a-feira, 31, um Projeto de Lei (PL) que prev\u00ea a guarda compartilhada de animais de estima\u00e7\u00e3o em caso de separa\u00e7\u00e3o do casal tutor. A proposta segue para san\u00e7\u00e3o do presidente Luiz In\u00e1cio Lula da Silva (PT).<\/p>\n<p>A medida vale para pets que passaram a maior parte de suas vidas com o casal. Caso ocorra o fim do casamento ou uni\u00e3o est\u00e1vel, a cust\u00f3dia e as despesas com o animal devem ser divididas de forma equilibrada. <\/p>\n<p>Os tutores podem recorrer \u00e0 Justi\u00e7a para garantir a guarda compartilhada. O per\u00edodo de conviv\u00eancia com o pet ser\u00e1 dividido de acordo com as condi\u00e7\u00f5es financeiras, de moradia, de cuidado, al\u00e9m da disponibilidade de tempo.<\/p>\n<p>As despesas de alimenta\u00e7\u00e3o, higiene e cuidado, como consultas veterin\u00e1rias e medicamentos, ser\u00e3o divididas igualmente entre os tutores.<\/p>\n<p>Se um dos tutores renunciar ao compartilhamento de cust\u00f3dia, ele perder\u00e1 a posse do animal, sem direito a indeniza\u00e7\u00e3o. Ele ter\u00e1 de pagar as despesas do pet at\u00e9 a data da ren\u00fancia.<\/p>\n<p>O tutor pode perder a guarda de forma definitiva e sem indeniza\u00e7\u00e3o caso descumpra reiteradamente e sem justificativa os termos da cust\u00f3dia.<\/p>\n<p>O juiz pode negar a guarda compartilhada caso identifique maus-tratos contra o animal, ou hist\u00f3rico ou risco de viol\u00eancia dom\u00e9stica. Nesse caso, o agressor perde a posse do pet. <\/p>\n<\/p><\/div>\n<p><a href=\"https:\/\/cgn.inf.br\/noticia\/2076336\/senado-aprova-guarda-compartilhada-de-animais-de-estimacao-em-caso-de-divorcio-entenda\">Fonte do Artigo <\/a><\/p>","protected":false},"excerpt":{"rendered":"<p>O Senado Federal aprovou na ter\u00e7a-feira, 31, um Projeto de Lei (PL) que prev\u00ea a guarda compartilhada de animais de estima\u00e7\u00e3o em caso de separa\u00e7\u00e3o do casal tutor. A proposta segue para san\u00e7\u00e3o do presidente Luiz In\u00e1cio Lula da Silva (PT). A medida vale para pets que passaram a maior parte de suas vidas com [&hellip;]<\/p>\n","protected":false},"author":1,"featured_media":92994,"comment_status":"closed","ping_status":"","sticky":false,"template":"","format":"standard","meta":{"googlesitekit_rrm_CAow2JLhCw:productID":"","_gspb_post_css":"","maa_idioma":"","maa_pais":"","footnotes":""},"categories":[1],"tags":[4582,5844,7044,24643,24644,3973,19165,4752,5379],"class_list":["post-98904","post","type-post","status-publish","format-standard","has-post-thumbnail","hentry","category-ubirata","tag-animais","tag-aprova","tag-caso","tag-compartilhada","tag-divorcio","tag-entenda","tag-estimacao","tag-guarda","tag-senado"],"blocksy_meta":[],"yoast_head":"<!-- This site is optimized with the Yoast SEO Premium plugin v27.6 (Yoast SEO v27.6) - https:\/\/yoast.com\/product\/yoast-seo-premium-wordpress\/ -->\n<title>Senado aprova guarda compartilhada de animais de estima\u00e7\u00e3o em caso de div\u00f3rcio; entenda - Ubirat\u00e3 Online Not\u00edcias - A realidade ao seu alcance!<\/title>\n<meta name=\"description\" content=\"O Senado Federal aprovou na ter\u00e7a-feira, 31, um Projeto de Lei (PL) que prev\u00ea a guarda compartilhada de animais de estima\u00e7\u00e3o em caso de separa\u00e7\u00e3o do casal\" \/>\n<meta name=\"robots\" content=\"index, follow, max-snippet:-1, max-image-preview:large, max-video-preview:-1\" \/>\n<link rel=\"canonical\" href=\"https:\/\/ubirataonline.com.br\/en\/senado-aprova-guarda-compartilhada-de-animais-de-estimacao-em-caso-de-divorcio-entenda\/\" \/>\n<meta property=\"og:locale\" content=\"en_US\" \/>\n<meta property=\"og:type\" content=\"article\" \/>\n<meta property=\"og:title\" content=\"Senado aprova guarda compartilhada de animais de estima\u00e7\u00e3o em caso de div\u00f3rcio; entenda\" \/>\n<meta property=\"og:description\" content=\"O Senado Federal aprovou na ter\u00e7a-feira, 31, um Projeto de Lei (PL) que prev\u00ea a guarda compartilhada de animais de estima\u00e7\u00e3o em caso de separa\u00e7\u00e3o do casal\" \/>\n<meta property=\"og:url\" content=\"https:\/\/ubirataonline.com.br\/en\/senado-aprova-guarda-compartilhada-de-animais-de-estimacao-em-caso-de-divorcio-entenda\/\" \/>\n<meta property=\"og:site_name\" content=\"Ubirat\u00e3 Online Not\u00edcias - A realidade ao seu alcance!\" \/>\n<meta property=\"article:publisher\" content=\"https:\/\/www.facebook.com\/portalubirataonline\" \/>\n<meta property=\"article:author\" content=\"https:\/\/www.facebook.com\/portalubirataonline\" \/>\n<meta property=\"article:published_time\" content=\"2026-04-02T14:03:51+00:00\" \/>\n<meta property=\"article:modified_time\" content=\"2026-04-02T14:03:59+00:00\" \/>\n<meta property=\"og:image\" content=\"https:\/\/ubirataonline.com.br\/wp-content\/uploads\/2026\/03\/Gilmar-ve-explicacao-insuficiente-e-da-72-horas-para-MPRJ.gif\" \/>\n\t<meta property=\"og:image:width\" content=\"768\" \/>\n\t<meta property=\"og:image:height\" content=\"461\" \/>\n\t<meta property=\"og:image:type\" content=\"image\/gif\" \/>\n<meta name=\"author\" content=\"REDA\u00c7\u00c3O: UBIRAT\u00c3 ONLINE - F\u00c1BIO AUGUSTO CELESTINO\" \/>\n<meta name=\"twitter:card\" content=\"summary_large_image\" \/>\n<meta name=\"twitter:creator\" content=\"@x.com\/ubirataonline\" \/>\n<meta name=\"twitter:site\" content=\"@ubirataonline\" \/>\n<meta name=\"twitter:label1\" content=\"Written by\" \/>\n\t<meta name=\"twitter:data1\" content=\"REDA\u00c7\u00c3O: UBIRAT\u00c3 ONLINE - F\u00c1BIO AUGUSTO CELESTINO\" \/>\n\t<meta name=\"twitter:label2\" content=\"Est. reading time\" \/>\n\t<meta name=\"twitter:data2\" content=\"1 minute\" \/>\n<script type=\"application\/ld+json\" class=\"yoast-schema-graph\">{\"@context\":\"https:\\\/\\\/schema.org\",\"@graph\":[{\"@type\":\"NewsArticle\",\"@id\":\"https:\\\/\\\/ubirataonline.com.br\\\/senado-aprova-guarda-compartilhada-de-animais-de-estimacao-em-caso-de-divorcio-entenda\\\/#article\",\"isPartOf\":{\"@id\":\"https:\\\/\\\/ubirataonline.com.br\\\/senado-aprova-guarda-compartilhada-de-animais-de-estimacao-em-caso-de-divorcio-entenda\\\/\"},\"author\":{\"name\":\"REDA\u00c7\u00c3O: UBIRAT\u00c3 ONLINE - F\u00c1BIO AUGUSTO CELESTINO\",\"@id\":\"https:\\\/\\\/ubirataonline.com.br\\\/#\\\/schema\\\/person\\\/372f87bbd3fdd79b8556b84c98d0bc1c\"},\"headline\":\"Senado aprova guarda compartilhada de animais de estima\u00e7\u00e3o em caso de div\u00f3rcio; entenda\",\"datePublished\":\"2026-04-02T14:03:51+00:00\",\"dateModified\":\"2026-04-02T14:03:59+00:00\",\"mainEntityOfPage\":{\"@id\":\"https:\\\/\\\/ubirataonline.com.br\\\/senado-aprova-guarda-compartilhada-de-animais-de-estimacao-em-caso-de-divorcio-entenda\\\/\"},\"wordCount\":256,\"publisher\":{\"@id\":\"https:\\\/\\\/ubirataonline.com.br\\\/#organization\"},\"image\":{\"@id\":\"https:\\\/\\\/ubirataonline.com.br\\\/senado-aprova-guarda-compartilhada-de-animais-de-estimacao-em-caso-de-divorcio-entenda\\\/#primaryimage\"},\"thumbnailUrl\":\"https:\\\/\\\/ubirataonline.com.br\\\/wp-content\\\/uploads\\\/2026\\\/03\\\/Gilmar-ve-explicacao-insuficiente-e-da-72-horas-para-MPRJ.gif\",\"keywords\":[\"animais\",\"aprova\",\"caso\",\"compartilhada\",\"div\u00f3rcio\",\"Entenda\",\"estima\u00e7\u00e3o\",\"Guarda\",\"Senado\"],\"articleSection\":[\"Ubirat\u00e3\"],\"inLanguage\":\"en-US\",\"copyrightYear\":\"2026\",\"copyrightHolder\":{\"@id\":\"https:\\\/\\\/ubirataonline.com.br\\\/en\\\/#organization\"}},{\"@type\":\"WebPage\",\"@id\":\"https:\\\/\\\/ubirataonline.com.br\\\/senado-aprova-guarda-compartilhada-de-animais-de-estimacao-em-caso-de-divorcio-entenda\\\/\",\"url\":\"https:\\\/\\\/ubirataonline.com.br\\\/senado-aprova-guarda-compartilhada-de-animais-de-estimacao-em-caso-de-divorcio-entenda\\\/\",\"name\":\"Senado aprova guarda compartilhada de animais de estima\u00e7\u00e3o em caso de div\u00f3rcio; entenda - Ubirat\u00e3 Online Not\u00edcias - A realidade ao seu alcance!\",\"isPartOf\":{\"@id\":\"https:\\\/\\\/ubirataonline.com.br\\\/#website\"},\"primaryImageOfPage\":{\"@id\":\"https:\\\/\\\/ubirataonline.com.br\\\/senado-aprova-guarda-compartilhada-de-animais-de-estimacao-em-caso-de-divorcio-entenda\\\/#primaryimage\"},\"image\":{\"@id\":\"https:\\\/\\\/ubirataonline.com.br\\\/senado-aprova-guarda-compartilhada-de-animais-de-estimacao-em-caso-de-divorcio-entenda\\\/#primaryimage\"},\"thumbnailUrl\":\"https:\\\/\\\/ubirataonline.com.br\\\/wp-content\\\/uploads\\\/2026\\\/03\\\/Gilmar-ve-explicacao-insuficiente-e-da-72-horas-para-MPRJ.gif\",\"datePublished\":\"2026-04-02T14:03:51+00:00\",\"dateModified\":\"2026-04-02T14:03:59+00:00\",\"description\":\"O Senado Federal aprovou na ter\u00e7a-feira, 31, um Projeto de Lei (PL) que prev\u00ea a guarda compartilhada de animais de estima\u00e7\u00e3o em caso de separa\u00e7\u00e3o do casal\",\"breadcrumb\":{\"@id\":\"https:\\\/\\\/ubirataonline.com.br\\\/senado-aprova-guarda-compartilhada-de-animais-de-estimacao-em-caso-de-divorcio-entenda\\\/#breadcrumb\"},\"inLanguage\":\"en-US\",\"potentialAction\":[{\"@type\":\"ReadAction\",\"target\":[\"https:\\\/\\\/ubirataonline.com.br\\\/senado-aprova-guarda-compartilhada-de-animais-de-estimacao-em-caso-de-divorcio-entenda\\\/\"]}]},{\"@type\":\"ImageObject\",\"inLanguage\":\"en-US\",\"@id\":\"https:\\\/\\\/ubirataonline.com.br\\\/senado-aprova-guarda-compartilhada-de-animais-de-estimacao-em-caso-de-divorcio-entenda\\\/#primaryimage\",\"url\":\"https:\\\/\\\/ubirataonline.com.br\\\/wp-content\\\/uploads\\\/2026\\\/03\\\/Gilmar-ve-explicacao-insuficiente-e-da-72-horas-para-MPRJ.gif\",\"contentUrl\":\"https:\\\/\\\/ubirataonline.com.br\\\/wp-content\\\/uploads\\\/2026\\\/03\\\/Gilmar-ve-explicacao-insuficiente-e-da-72-horas-para-MPRJ.gif\",\"width\":768,\"height\":461,\"caption\":\"Gilmar v\u00ea explica\u00e7\u00e3o insuficiente e d\u00e1 72 horas para MPRJ explicar pagamento de penduricalhos\"},{\"@type\":\"BreadcrumbList\",\"@id\":\"https:\\\/\\\/ubirataonline.com.br\\\/senado-aprova-guarda-compartilhada-de-animais-de-estimacao-em-caso-de-divorcio-entenda\\\/#breadcrumb\",\"itemListElement\":[{\"@type\":\"ListItem\",\"position\":1,\"name\":\"In\u00edcio\",\"item\":\"https:\\\/\\\/ubirataonline.com.br\\\/\"},{\"@type\":\"ListItem\",\"position\":2,\"name\":\"Senado aprova guarda compartilhada de animais de estima\u00e7\u00e3o em caso de div\u00f3rcio; entenda\"}]},{\"@type\":\"WebSite\",\"@id\":\"https:\\\/\\\/ubirataonline.com.br\\\/#website\",\"url\":\"https:\\\/\\\/ubirataonline.com.br\\\/\",\"name\":\"Ubirat\u00e3 Online Not\u00edcias\",\"description\":\"Not\u00edcias de Ubirat\u00e3, regi\u00e3o, Brasil e mundo, com informa\u00e7\u00e3o atualizada e compromisso com o leitor.\",\"publisher\":{\"@id\":\"https:\\\/\\\/ubirataonline.com.br\\\/#organization\"},\"alternateName\":\"Ubirat\u00e3 Online\",\"potentialAction\":[{\"@type\":\"SearchAction\",\"target\":{\"@type\":\"EntryPoint\",\"urlTemplate\":\"https:\\\/\\\/ubirataonline.com.br\\\/?s={search_term_string}\"},\"query-input\":{\"@type\":\"PropertyValueSpecification\",\"valueRequired\":true,\"valueName\":\"search_term_string\"}}],\"inLanguage\":\"en-US\"},{\"@type\":[\"Organization\",\"Place\"],\"@id\":\"https:\\\/\\\/ubirataonline.com.br\\\/#organization\",\"name\":\"Ubirat\u00e3 Online Not\u00edcias\",\"alternateName\":\"Ubirat\u00e3 Online\",\"url\":\"https:\\\/\\\/ubirataonline.com.br\\\/\",\"logo\":{\"@id\":\"https:\\\/\\\/ubirataonline.com.br\\\/senado-aprova-guarda-compartilhada-de-animais-de-estimacao-em-caso-de-divorcio-entenda\\\/#local-main-organization-logo\"},\"image\":{\"@id\":\"https:\\\/\\\/ubirataonline.com.br\\\/senado-aprova-guarda-compartilhada-de-animais-de-estimacao-em-caso-de-divorcio-entenda\\\/#local-main-organization-logo\"},\"sameAs\":[\"https:\\\/\\\/www.facebook.com\\\/portalubirataonline\",\"https:\\\/\\\/x.com\\\/ubirataonline\",\"https:\\\/\\\/mastodon.social\\\/@ubirataonline\",\"https:\\\/\\\/www.facebook.com\\\/groups\\\/311144672285604\",\"https:\\\/\\\/www.facebook.com\\\/UBTAOnline\",\"https:\\\/\\\/www.instagram.com\\\/portalubirataonline\\\/\",\"https:\\\/\\\/twitter.com\\\/ubirataonline\"],\"description\":\"Somos um portal de not\u00edcias independente, criado em 5 de janeiro de 2009, com o objetivo de informar, conectar e valorizar a nossa comunidade de Ubirat\u00e3 e toda aregi\u00e3o. Com conte\u00fado atualizado, confi\u00e1vel e relevante, o Ubirat\u00e3 Online \u00e9 o seu espa\u00e7o para ficar por dentro dos principais acontecimentos locais, regionais, Brasil, Mundo e de interesse geral. Nosso compromisso \u00e9 com a verdade, a transpar\u00eancia e o respeito ao leitor.\",\"legalName\":\"UBIRATA ONLINE NOT\u00cdCIAS\",\"foundingDate\":\"2009-01-05\",\"numberOfEmployees\":{\"@type\":\"QuantitativeValue\",\"minValue\":\"1\",\"maxValue\":\"10\"},\"publishingPrinciples\":\"https:\\\/\\\/ubirataonline.com.br\\\/faq\\\/\",\"address\":{\"@id\":\"https:\\\/\\\/ubirataonline.com.br\\\/senado-aprova-guarda-compartilhada-de-animais-de-estimacao-em-caso-de-divorcio-entenda\\\/#local-main-place-address\"},\"geo\":{\"@type\":\"GeoCoordinates\",\"latitude\":\"-24.5361401\",\"longitude\":\"-52.9921776\"},\"telephone\":[\"+5544998308235\"],\"contactPoint\":{\"@type\":\"ContactPoint\",\"email\":\"contato@ubirataonline.com.br\"},\"openingHoursSpecification\":{\"@type\":\"OpeningHoursSpecification\",\"dayOfWeek\":[\"Monday\",\"Tuesday\",\"Wednesday\",\"Thursday\",\"Friday\",\"Saturday\",\"Sunday\"],\"opens\":\"00:00\",\"closes\":\"23:59\"},\"email\":\"contato@ubirataonline.com.br\",\"vatID\":\"47.621.418\\\/0001-80\"},{\"@type\":\"Person\",\"@id\":\"https:\\\/\\\/ubirataonline.com.br\\\/#\\\/schema\\\/person\\\/372f87bbd3fdd79b8556b84c98d0bc1c\",\"name\":\"REDA\u00c7\u00c3O: UBIRAT\u00c3 ONLINE - F\u00c1BIO AUGUSTO CELESTINO\",\"pronouns\":\"Ele\",\"description\":\"Desde 2003 trabalhando com not\u00edcias.\",\"sameAs\":[\"http:\\\/\\\/ubirataoline.com.br\",\"https:\\\/\\\/www.facebook.com\\\/portalubirataonline\",\"https:\\\/\\\/www.instagram.com\\\/ubirataonline_oficial\",\"https:\\\/\\\/x.com\\\/x.com\\\/ubirataonline\"],\"honorificPrefix\":\"Mr.\",\"honorificSuffix\":\"MD\",\"birthDate\":\"1980-06-16\",\"gender\":\"masculino\",\"award\":[\"V\u00e1rios pr\u00eamios de melhor portal da cidade\"],\"jobTitle\":\"Diretor\",\"url\":\"https:\\\/\\\/ubirataonline.com.br\\\/en\\\/author\\\/ubirataonline\\\/\"},{\"@type\":\"PostalAddress\",\"@id\":\"https:\\\/\\\/ubirataonline.com.br\\\/senado-aprova-guarda-compartilhada-de-animais-de-estimacao-em-caso-de-divorcio-entenda\\\/#local-main-place-address\",\"streetAddress\":\"Rua dos Coqueiros, 104 - Bairro Boa Vista, Rua dos Coqueiros, 104 Bairro Boa Vista\",\"addressLocality\":\"UBIRATA\",\"postalCode\":\"85440-000\",\"addressRegion\":\"PR\",\"addressCountry\":\"BR\"},{\"@type\":\"ImageObject\",\"inLanguage\":\"en-US\",\"@id\":\"https:\\\/\\\/ubirataonline.com.br\\\/senado-aprova-guarda-compartilhada-de-animais-de-estimacao-em-caso-de-divorcio-entenda\\\/#local-main-organization-logo\",\"url\":\"https:\\\/\\\/ubirataonline.com.br\\\/wp-content\\\/uploads\\\/2026\\\/06\\\/logoubirataonline-1.webp\",\"contentUrl\":\"https:\\\/\\\/ubirataonline.com.br\\\/wp-content\\\/uploads\\\/2026\\\/06\\\/logoubirataonline-1.webp\",\"width\":500,\"height\":500,\"caption\":\"Ubirat\u00e3 Online Not\u00edcias\"}]}<\/script>\n<meta name=\"geo.placename\" content=\"UBIRATA\" \/>\n<meta name=\"geo.position\" content=\"-24.5361401;-52.9921776\" \/>\n<meta name=\"geo.region\" content=\"Brazil\" \/>\n<!-- \/ Yoast SEO Premium plugin. -->","yoast_head_json":{"title":"Senado aprova guarda compartilhada de animais de estima\u00e7\u00e3o em caso de div\u00f3rcio; entenda - Ubirat\u00e3 Online Not\u00edcias - A realidade ao seu alcance!","description":"O Senado Federal aprovou na ter\u00e7a-feira, 31, um Projeto de Lei (PL) que prev\u00ea a guarda compartilhada de animais de estima\u00e7\u00e3o em caso de separa\u00e7\u00e3o do casal","robots":{"index":"index","follow":"follow","max-snippet":"max-snippet:-1","max-image-preview":"max-image-preview:large","max-video-preview":"max-video-preview:-1"},"canonical":"https:\/\/ubirataonline.com.br\/en\/senado-aprova-guarda-compartilhada-de-animais-de-estimacao-em-caso-de-divorcio-entenda\/","og_locale":"en_US","og_type":"article","og_title":"Senado aprova guarda compartilhada de animais de estima\u00e7\u00e3o em caso de div\u00f3rcio; entenda","og_description":"O Senado Federal aprovou na ter\u00e7a-feira, 31, um Projeto de Lei (PL) que prev\u00ea a guarda compartilhada de animais de estima\u00e7\u00e3o em caso de separa\u00e7\u00e3o do casal","og_url":"https:\/\/ubirataonline.com.br\/en\/senado-aprova-guarda-compartilhada-de-animais-de-estimacao-em-caso-de-divorcio-entenda\/","og_site_name":"Ubirat\u00e3 Online Not\u00edcias - A realidade ao seu alcance!","article_publisher":"https:\/\/www.facebook.com\/portalubirataonline","article_author":"https:\/\/www.facebook.com\/portalubirataonline","article_published_time":"2026-04-02T14:03:51+00:00","article_modified_time":"2026-04-02T14:03:59+00:00","og_image":[{"width":768,"height":461,"url":"https:\/\/ubirataonline.com.br\/wp-content\/uploads\/2026\/03\/Gilmar-ve-explicacao-insuficiente-e-da-72-horas-para-MPRJ.gif","type":"image\/gif"}],"author":"REDA\u00c7\u00c3O: UBIRAT\u00c3 ONLINE - F\u00c1BIO AUGUSTO CELESTINO","twitter_card":"summary_large_image","twitter_creator":"@x.com\/ubirataonline","twitter_site":"@ubirataonline","twitter_misc":{"Written by":"REDA\u00c7\u00c3O: UBIRAT\u00c3 ONLINE - F\u00c1BIO AUGUSTO CELESTINO","Est. reading time":"1 minute"},"schema":{"@context":"https:\/\/schema.org","@graph":[{"@type":"NewsArticle","@id":"https:\/\/ubirataonline.com.br\/senado-aprova-guarda-compartilhada-de-animais-de-estimacao-em-caso-de-divorcio-entenda\/#article","isPartOf":{"@id":"https:\/\/ubirataonline.com.br\/senado-aprova-guarda-compartilhada-de-animais-de-estimacao-em-caso-de-divorcio-entenda\/"},"author":{"name":"REDA\u00c7\u00c3O: UBIRAT\u00c3 ONLINE - F\u00c1BIO AUGUSTO CELESTINO","@id":"https:\/\/ubirataonline.com.br\/#\/schema\/person\/372f87bbd3fdd79b8556b84c98d0bc1c"},"headline":"Senado aprova guarda compartilhada de animais de estima\u00e7\u00e3o em caso de div\u00f3rcio; entenda","datePublished":"2026-04-02T14:03:51+00:00","dateModified":"2026-04-02T14:03:59+00:00","mainEntityOfPage":{"@id":"https:\/\/ubirataonline.com.br\/senado-aprova-guarda-compartilhada-de-animais-de-estimacao-em-caso-de-divorcio-entenda\/"},"wordCount":256,"publisher":{"@id":"https:\/\/ubirataonline.com.br\/#organization"},"image":{"@id":"https:\/\/ubirataonline.com.br\/senado-aprova-guarda-compartilhada-de-animais-de-estimacao-em-caso-de-divorcio-entenda\/#primaryimage"},"thumbnailUrl":"https:\/\/ubirataonline.com.br\/wp-content\/uploads\/2026\/03\/Gilmar-ve-explicacao-insuficiente-e-da-72-horas-para-MPRJ.gif","keywords":["animais","aprova","caso","compartilhada","div\u00f3rcio","Entenda","estima\u00e7\u00e3o","Guarda","Senado"],"articleSection":["Ubirat\u00e3"],"inLanguage":"en-US","copyrightYear":"2026","copyrightHolder":{"@id":"https:\/\/ubirataonline.com.br\/en\/#organization"}},{"@type":"WebPage","@id":"https:\/\/ubirataonline.com.br\/senado-aprova-guarda-compartilhada-de-animais-de-estimacao-em-caso-de-divorcio-entenda\/","url":"https:\/\/ubirataonline.com.br\/senado-aprova-guarda-compartilhada-de-animais-de-estimacao-em-caso-de-divorcio-entenda\/","name":"Senado aprova guarda compartilhada de animais de estima\u00e7\u00e3o em caso de div\u00f3rcio; entenda - Ubirat\u00e3 Online Not\u00edcias - A realidade ao seu alcance!","isPartOf":{"@id":"https:\/\/ubirataonline.com.br\/#website"},"primaryImageOfPage":{"@id":"https:\/\/ubirataonline.com.br\/senado-aprova-guarda-compartilhada-de-animais-de-estimacao-em-caso-de-divorcio-entenda\/#primaryimage"},"image":{"@id":"https:\/\/ubirataonline.com.br\/senado-aprova-guarda-compartilhada-de-animais-de-estimacao-em-caso-de-divorcio-entenda\/#primaryimage"},"thumbnailUrl":"https:\/\/ubirataonline.com.br\/wp-content\/uploads\/2026\/03\/Gilmar-ve-explicacao-insuficiente-e-da-72-horas-para-MPRJ.gif","datePublished":"2026-04-02T14:03:51+00:00","dateModified":"2026-04-02T14:03:59+00:00","description":"O Senado Federal aprovou na ter\u00e7a-feira, 31, um Projeto de Lei (PL) que prev\u00ea a guarda compartilhada de animais de estima\u00e7\u00e3o em caso de separa\u00e7\u00e3o do casal","breadcrumb":{"@id":"https:\/\/ubirataonline.com.br\/senado-aprova-guarda-compartilhada-de-animais-de-estimacao-em-caso-de-divorcio-entenda\/#breadcrumb"},"inLanguage":"en-US","potentialAction":[{"@type":"ReadAction","target":["https:\/\/ubirataonline.com.br\/senado-aprova-guarda-compartilhada-de-animais-de-estimacao-em-caso-de-divorcio-entenda\/"]}]},{"@type":"ImageObject","inLanguage":"en-US","@id":"https:\/\/ubirataonline.com.br\/senado-aprova-guarda-compartilhada-de-animais-de-estimacao-em-caso-de-divorcio-entenda\/#primaryimage","url":"https:\/\/ubirataonline.com.br\/wp-content\/uploads\/2026\/03\/Gilmar-ve-explicacao-insuficiente-e-da-72-horas-para-MPRJ.gif","contentUrl":"https:\/\/ubirataonline.com.br\/wp-content\/uploads\/2026\/03\/Gilmar-ve-explicacao-insuficiente-e-da-72-horas-para-MPRJ.gif","width":768,"height":461,"caption":"Gilmar v\u00ea explica\u00e7\u00e3o insuficiente e d\u00e1 72 horas para MPRJ explicar pagamento de penduricalhos"},{"@type":"BreadcrumbList","@id":"https:\/\/ubirataonline.com.br\/senado-aprova-guarda-compartilhada-de-animais-de-estimacao-em-caso-de-divorcio-entenda\/#breadcrumb","itemListElement":[{"@type":"ListItem","position":1,"name":"In\u00edcio","item":"https:\/\/ubirataonline.com.br\/"},{"@type":"ListItem","position":2,"name":"Senado aprova guarda compartilhada de animais de estima\u00e7\u00e3o em caso de div\u00f3rcio; entenda"}]},{"@type":"WebSite","@id":"https:\/\/ubirataonline.com.br\/#website","url":"https:\/\/ubirataonline.com.br\/","name":"Ubirat\u00e3 Online Not\u00edcias","description":"Not\u00edcias de Ubirat\u00e3, regi\u00e3o, Brasil e mundo, com informa\u00e7\u00e3o atualizada e compromisso com o leitor.","publisher":{"@id":"https:\/\/ubirataonline.com.br\/#organization"},"alternateName":"Ubirat\u00e3 Online","potentialAction":[{"@type":"SearchAction","target":{"@type":"EntryPoint","urlTemplate":"https:\/\/ubirataonline.com.br\/?s={search_term_string}"},"query-input":{"@type":"PropertyValueSpecification","valueRequired":true,"valueName":"search_term_string"}}],"inLanguage":"en-US"},{"@type":["Organization","Place"],"@id":"https:\/\/ubirataonline.com.br\/#organization","name":"Ubirat\u00e3 Online Not\u00edcias","alternateName":"Ubirat\u00e3 Online","url":"https:\/\/ubirataonline.com.br\/","logo":{"@id":"https:\/\/ubirataonline.com.br\/senado-aprova-guarda-compartilhada-de-animais-de-estimacao-em-caso-de-divorcio-entenda\/#local-main-organization-logo"},"image":{"@id":"https:\/\/ubirataonline.com.br\/senado-aprova-guarda-compartilhada-de-animais-de-estimacao-em-caso-de-divorcio-entenda\/#local-main-organization-logo"},"sameAs":["https:\/\/www.facebook.com\/portalubirataonline","https:\/\/x.com\/ubirataonline","https:\/\/mastodon.social\/@ubirataonline","https:\/\/www.facebook.com\/groups\/311144672285604","https:\/\/www.facebook.com\/UBTAOnline","https:\/\/www.instagram.com\/portalubirataonline\/","https:\/\/twitter.com\/ubirataonline"],"description":"Somos um portal de not\u00edcias independente, criado em 5 de janeiro de 2009, com o objetivo de informar, conectar e valorizar a nossa comunidade de Ubirat\u00e3 e toda aregi\u00e3o. Com conte\u00fado atualizado, confi\u00e1vel e relevante, o Ubirat\u00e3 Online \u00e9 o seu espa\u00e7o para ficar por dentro dos principais acontecimentos locais, regionais, Brasil, Mundo e de interesse geral. Nosso compromisso \u00e9 com a verdade, a transpar\u00eancia e o respeito ao leitor.","legalName":"UBIRATA ONLINE NOT\u00cdCIAS","foundingDate":"2009-01-05","numberOfEmployees":{"@type":"QuantitativeValue","minValue":"1","maxValue":"10"},"publishingPrinciples":"https:\/\/ubirataonline.com.br\/faq\/","address":{"@id":"https:\/\/ubirataonline.com.br\/senado-aprova-guarda-compartilhada-de-animais-de-estimacao-em-caso-de-divorcio-entenda\/#local-main-place-address"},"geo":{"@type":"GeoCoordinates","latitude":"-24.5361401","longitude":"-52.9921776"},"telephone":["+5544998308235"],"contactPoint":{"@type":"ContactPoint","email":"contato@ubirataonline.com.br"},"openingHoursSpecification":{"@type":"OpeningHoursSpecification","dayOfWeek":["Monday","Tuesday","Wednesday","Thursday","Friday","Saturday","Sunday"],"opens":"00:00","closes":"23:59"},"email":"contato@ubirataonline.com.br","vatID":"47.621.418\/0001-80"},{"@type":"Person","@id":"https:\/\/ubirataonline.com.br\/#\/schema\/person\/372f87bbd3fdd79b8556b84c98d0bc1c","name":"REDA\u00c7\u00c3O: UBIRAT\u00c3 ONLINE - F\u00c1BIO AUGUSTO CELESTINO","pronouns":"Ele","description":"Desde 2003 trabalhando com not\u00edcias.","sameAs":["http:\/\/ubirataoline.com.br","https:\/\/www.facebook.com\/portalubirataonline","https:\/\/www.instagram.com\/ubirataonline_oficial","https:\/\/x.com\/x.com\/ubirataonline"],"honorificPrefix":"Mr.","honorificSuffix":"MD","birthDate":"1980-06-16","gender":"masculino","award":["V\u00e1rios pr\u00eamios de melhor portal da cidade"],"jobTitle":"Diretor","url":"https:\/\/ubirataonline.com.br\/en\/author\/ubirataonline\/"},{"@type":"PostalAddress","@id":"https:\/\/ubirataonline.com.br\/senado-aprova-guarda-compartilhada-de-animais-de-estimacao-em-caso-de-divorcio-entenda\/#local-main-place-address","streetAddress":"Rua dos Coqueiros, 104 - Bairro Boa Vista, Rua dos Coqueiros, 104 Bairro Boa Vista","addressLocality":"UBIRATA","postalCode":"85440-000","addressRegion":"PR","addressCountry":"BR"},{"@type":"ImageObject","inLanguage":"en-US","@id":"https:\/\/ubirataonline.com.br\/senado-aprova-guarda-compartilhada-de-animais-de-estimacao-em-caso-de-divorcio-entenda\/#local-main-organization-logo","url":"https:\/\/ubirataonline.com.br\/wp-content\/uploads\/2026\/06\/logoubirataonline-1.webp","contentUrl":"https:\/\/ubirataonline.com.br\/wp-content\/uploads\/2026\/06\/logoubirataonline-1.webp","width":500,"height":500,"caption":"Ubirat\u00e3 Online Not\u00edcias"}]},"geo.placename":"UBIRATA","geo.position":{"lat":"-24.5361401","long":"-52.9921776"},"geo.region":"Brazil"},"_links":{"self":[{"href":"https:\/\/ubirataonline.com.br\/en\/wp-json\/wp\/v2\/posts\/98904","targetHints":{"allow":["GET"]}}],"collection":[{"href":"https:\/\/ubirataonline.com.br\/en\/wp-json\/wp\/v2\/posts"}],"about":[{"href":"https:\/\/ubirataonline.com.br\/en\/wp-json\/wp\/v2\/types\/post"}],"author":[{"embeddable":true,"href":"https:\/\/ubirataonline.com.br\/en\/wp-json\/wp\/v2\/users\/1"}],"replies":[{"embeddable":true,"href":"https:\/\/ubirataonline.com.br\/en\/wp-json\/wp\/v2\/comments?post=98904"}],"version-history":[{"count":0,"href":"https:\/\/ubirataonline.com.br\/en\/wp-json\/wp\/v2\/posts\/98904\/revisions"}],"wp:featuredmedia":[{"embeddable":true,"href":"https:\/\/ubirataonline.com.br\/en\/wp-json\/wp\/v2\/media\/92994"}],"wp:attachment":[{"href":"https:\/\/ubirataonline.com.br\/en\/wp-json\/wp\/v2\/media?parent=98904"}],"wp:term":[{"taxonomy":"category","embeddable":true,"href":"https:\/\/ubirataonline.com.br\/en\/wp-json\/wp\/v2\/categories?post=98904"},{"taxonomy":"post_tag","embeddable":true,"href":"https:\/\/ubirataonline.com.br\/en\/wp-json\/wp\/v2\/tags?post=98904"}],"curies":[{"name":"wp","href":"https:\/\/api.w.org\/{rel}","templated":true}]}}