{"id":98914,"date":"2026-04-02T12:18:48","date_gmt":"2026-04-02T15:18:48","guid":{"rendered":"https:\/\/ubirataonline.com.br\/niemiecka-gazeta-o-polskim-tk-slubowanie-przez-megafon\/"},"modified":"2026-04-02T12:18:51","modified_gmt":"2026-04-02T15:18:51","slug":"niemiecka-gazeta-o-polskim-tk-slubowanie-przez-megafon","status":"publish","type":"post","link":"https:\/\/ubirataonline.com.br\/en\/niemiecka-gazeta-o-polskim-tk-slubowanie-przez-megafon\/","title":{"rendered":"Niemiecka gazeta o polskim TK: \u015blubowanie przez megafon?"},"content":{"rendered":"<p><\/p>\n<div data-tracking-skip=\"true\" data-tracking-name=\"rich-text\">\n<p>\u201ePrezydent Polski <a class=\"internal-link\" href=\"https:\/\/www.dw.com\/pl\/karol-nawrocki\/t-72755283\">Karol Nawrocki<\/a> lubi pozostawia\u0107 opini\u0119 publiczn\u0105 w niepewno\u015bci\u201c &#8211; ocenia w czwartkowym (2.04.2026)\u00a0wydaniu niemiecki dziennik\u00a0\u201eFrankfurter Allgemeine Zeitung\u201c.<\/p>\n<p>Jak czytamy, niedawno prezydent d\u0142ugo zwleka\u0142 z decyzj\u0105 w sprawie programu SAFE, kt\u00f3ry <a class=\"internal-link\" href=\"https:\/\/www.dw.com\/pl\/niemiecka-gazeta-jak-polska-stawia-na-szali-swoje-zdolno\u015bci-obronne\/a-76318446\">ostatecznie odrzuci\u0142<\/a>. Teraz sprawi\u0142 niespodziank\u0119, przyjmuj\u0105c \u015blubowanie od dwojga z sze\u015bciorga s\u0119dzi\u00f3w wybranych do Trybuna\u0142u Konstytucyjnego przez Sejm.<\/p>\n<p>\u201eDecyzja Nawrockiego jest o tyle zaskakuj\u0105ca, \u017ce liberalno-konserwatywny rz\u0105d <a class=\"internal-link\" href=\"https:\/\/www.dw.com\/pl\/donald-tusk\/t-66299903\">Donalda Tuska<\/a> spodziewa\u0142 si\u0119, i\u017c Nawrocki odm\u00f3wi przyj\u0119cia przysi\u0119gi od wszystkich wybranych s\u0119dzi\u00f3w. Poniewa\u017c prezydent wybra\u0142 teraz dwoje, w Warszawie zastanawiaj\u0105 si\u0119, czy pozosta\u0142ych czterech przyjmie w og\u00f3le, czy te\u017c dopiero po Wielkanocy\u201d &#8211; czytamy.<\/p>\n<h2>\u201eSubiektywna interpretacja prawa\u201d<\/h2>\n<p>Zdaniem gazety to mocno subiektywna interpretacja prawa, a krytycy prezydenta widz\u0105 w jego decyzji nadu\u017cycie w\u0142adzy, ale te\u017c pewien wz\u00f3r post\u0119powania. Prezydent konsekwentnie odmawia bowiem tak\u017ce nominacji ambasadorskich.<\/p>\n<p>\u201eNawrocki wykorzystuje swoje mo\u017cliwo\u015bci obstrukcji, najwyra\u017aniej maj\u0105c na uwadze r\u00f3wnie\u017c swoich wyborc\u00f3w, aby z ca\u0142ych si\u0142 utrudnia\u0107 prac\u0119 rz\u0105du (\u2026) Odmowa Nawrockiego jest wyrazem walki o w\u0142adz\u0119 mi\u0119dzy rz\u0105dem a prezydentem\u201c, czytamy.<\/p>\n<h2>Zaprzysi\u0119\u017cenie przez megafon?<\/h2>\n<p>Nawi\u0105zuj\u0105c do prowadzonych w Polsce rozwa\u017ca\u0144, czy odebranie \u015blubowania musi odby\u0107 si\u0119 w bezpo\u015bredniej obecno\u015bci prezydenta, gazeta pisze, \u017ce w Warszawie \u017cartuje si\u0119, i\u017c \u015blubowanie mo\u017ce odby\u0107 si\u0119 \u201eprzez megafon\u201c przed Pa\u0142acem Prezydenckim.<\/p>\n<p>Gazeta przypomina, \u017ce gdyby wszystkich sze\u015bciu wybranych s\u0119dzi\u00f3w obj\u0119\u0142o swoje stanowiska, PiS straci\u0142by kontrol\u0119 nad Trybuna\u0142em Konstytucyjnym. \u201ePrezydent Nawrocki chce temu zapobiec, maj\u0105c na uwadze przysz\u0142oroczne wybory parlamentarne. PiS d\u0105\u017cy bowiem do powrotu do w\u0142adzy. W przypadku sukcesu partia ta ponownie przej\u0119\u0142aby kontrol\u0119 nad kluczowymi instytucjami w\u0142adzy \u2013 rz\u0105dem, prezydentem i Trybuna\u0142em Konstytucyjnym\u201c &#8211; czytamy we \u201eFrankfurter Allgemeine Zeitung\u201c.<\/p>\n<p>\u00a0<\/p>\n<\/div>\n<p><a href=\"https:\/\/www.dw.com\/pl\/niemiecka-gazeta-o-polskim-tk-%C5%9Blubowanie-przez-megafon\/a-76641087\">Fonte do Artigo <\/a><\/p>","protected":false},"excerpt":{"rendered":"<p>\u201ePrezydent Polski Karol Nawrocki lubi pozostawia\u0107 opini\u0119 publiczn\u0105 w niepewno\u015bci\u201c &#8211; ocenia w czwartkowym (2.04.2026)\u00a0wydaniu niemiecki dziennik\u00a0\u201eFrankfurter Allgemeine Zeitung\u201c. Jak czytamy, niedawno prezydent d\u0142ugo zwleka\u0142 z decyzj\u0105 w sprawie programu SAFE, kt\u00f3ry ostatecznie odrzuci\u0142. Teraz sprawi\u0142 niespodziank\u0119, przyjmuj\u0105c \u015blubowanie od dwojga z sze\u015bciorga s\u0119dzi\u00f3w wybranych do Trybuna\u0142u Konstytucyjnego przez Sejm. \u201eDecyzja Nawrockiego jest o tyle [&hellip;]<\/p>\n","protected":false},"author":1,"featured_media":98915,"comment_status":"closed","ping_status":"","sticky":false,"template":"","format":"standard","meta":{"googlesitekit_rrm_CAow2JLhCw:productID":"","_gspb_post_css":"","maa_idioma":"","maa_pais":"","footnotes":""},"categories":[4],"tags":[18164,24652,24648,24649,24651,24650],"class_list":["post-98914","post","type-post","status-publish","format-standard","has-post-thumbnail","hentry","category-brasil","tag-gazeta","tag-megafon","tag-niemiecka","tag-polskim","tag-przez","tag-slubowanie"],"blocksy_meta":[],"yoast_head":"<!-- This site is optimized with the Yoast SEO Premium plugin v27.6 (Yoast SEO v27.6) - https:\/\/yoast.com\/product\/yoast-seo-premium-wordpress\/ -->\n<title>Niemiecka gazeta o polskim TK: \u015blubowanie przez megafon? - Ubirat\u00e3 Online Not\u00edcias - A realidade ao seu alcance!<\/title>\n<meta name=\"description\" content=\"\u201ePrezydent Polski Karol Nawrocki lubi pozostawia\u0107 opini\u0119 publiczn\u0105 w niepewno\u015bci\u201c - ocenia w czwartkowym (2.04.2026)\u00a0wydaniu niemiecki\" \/>\n<meta name=\"robots\" content=\"index, follow, max-snippet:-1, max-image-preview:large, max-video-preview:-1\" \/>\n<link rel=\"canonical\" href=\"https:\/\/ubirataonline.com.br\/en\/niemiecka-gazeta-o-polskim-tk-slubowanie-przez-megafon\/\" \/>\n<meta property=\"og:locale\" content=\"en_US\" \/>\n<meta property=\"og:type\" content=\"article\" \/>\n<meta property=\"og:title\" content=\"Niemiecka gazeta o polskim TK: \u015blubowanie przez megafon?\" \/>\n<meta property=\"og:description\" content=\"\u201ePrezydent Polski Karol Nawrocki lubi pozostawia\u0107 opini\u0119 publiczn\u0105 w niepewno\u015bci\u201c - ocenia w czwartkowym (2.04.2026)\u00a0wydaniu niemiecki\" \/>\n<meta property=\"og:url\" content=\"https:\/\/ubirataonline.com.br\/en\/niemiecka-gazeta-o-polskim-tk-slubowanie-przez-megafon\/\" \/>\n<meta property=\"og:site_name\" content=\"Ubirat\u00e3 Online Not\u00edcias - A realidade ao seu alcance!\" \/>\n<meta property=\"article:publisher\" content=\"https:\/\/www.facebook.com\/portalubirataonline\" \/>\n<meta property=\"article:author\" content=\"https:\/\/www.facebook.com\/portalubirataonline\" \/>\n<meta property=\"article:published_time\" content=\"2026-04-02T15:18:48+00:00\" \/>\n<meta property=\"article:modified_time\" content=\"2026-04-02T15:18:51+00:00\" \/>\n<meta property=\"og:image\" content=\"https:\/\/ubirataonline.com.br\/wp-content\/uploads\/2026\/04\/Niemiecka-gazeta-o-polskim-TK-slubowanie-przez-megafon.jpg\" \/>\n\t<meta property=\"og:image:width\" content=\"940\" \/>\n\t<meta property=\"og:image:height\" content=\"529\" \/>\n\t<meta property=\"og:image:type\" content=\"image\/jpeg\" \/>\n<meta name=\"author\" content=\"REDA\u00c7\u00c3O: UBIRAT\u00c3 ONLINE - F\u00c1BIO AUGUSTO CELESTINO\" \/>\n<meta name=\"twitter:card\" content=\"summary_large_image\" \/>\n<meta name=\"twitter:creator\" content=\"@x.com\/ubirataonline\" \/>\n<meta name=\"twitter:site\" content=\"@ubirataonline\" \/>\n<meta name=\"twitter:label1\" content=\"Written by\" \/>\n\t<meta name=\"twitter:data1\" content=\"REDA\u00c7\u00c3O: UBIRAT\u00c3 ONLINE - F\u00c1BIO AUGUSTO CELESTINO\" \/>\n\t<meta name=\"twitter:label2\" content=\"Est. reading time\" \/>\n\t<meta name=\"twitter:data2\" content=\"2 minutes\" \/>\n<script type=\"application\/ld+json\" class=\"yoast-schema-graph\">{\"@context\":\"https:\\\/\\\/schema.org\",\"@graph\":[{\"@type\":\"NewsArticle\",\"@id\":\"https:\\\/\\\/ubirataonline.com.br\\\/niemiecka-gazeta-o-polskim-tk-slubowanie-przez-megafon\\\/#article\",\"isPartOf\":{\"@id\":\"https:\\\/\\\/ubirataonline.com.br\\\/niemiecka-gazeta-o-polskim-tk-slubowanie-przez-megafon\\\/\"},\"author\":{\"name\":\"REDA\u00c7\u00c3O: UBIRAT\u00c3 ONLINE - F\u00c1BIO AUGUSTO CELESTINO\",\"@id\":\"https:\\\/\\\/ubirataonline.com.br\\\/#\\\/schema\\\/person\\\/372f87bbd3fdd79b8556b84c98d0bc1c\"},\"headline\":\"Niemiecka gazeta o polskim TK: \u015blubowanie przez megafon?\",\"datePublished\":\"2026-04-02T15:18:48+00:00\",\"dateModified\":\"2026-04-02T15:18:51+00:00\",\"mainEntityOfPage\":{\"@id\":\"https:\\\/\\\/ubirataonline.com.br\\\/niemiecka-gazeta-o-polskim-tk-slubowanie-przez-megafon\\\/\"},\"wordCount\":317,\"publisher\":{\"@id\":\"https:\\\/\\\/ubirataonline.com.br\\\/#organization\"},\"image\":{\"@id\":\"https:\\\/\\\/ubirataonline.com.br\\\/niemiecka-gazeta-o-polskim-tk-slubowanie-przez-megafon\\\/#primaryimage\"},\"thumbnailUrl\":\"https:\\\/\\\/ubirataonline.com.br\\\/wp-content\\\/uploads\\\/2026\\\/04\\\/Niemiecka-gazeta-o-polskim-TK-slubowanie-przez-megafon.jpg\",\"keywords\":[\"Gazeta\",\"megafon\",\"Niemiecka\",\"polskim\",\"przez\",\"\u015blubowanie\"],\"articleSection\":[\"Brasil\"],\"inLanguage\":\"en-US\",\"copyrightYear\":\"2026\",\"copyrightHolder\":{\"@id\":\"https:\\\/\\\/ubirataonline.com.br\\\/en\\\/#organization\"}},{\"@type\":\"WebPage\",\"@id\":\"https:\\\/\\\/ubirataonline.com.br\\\/niemiecka-gazeta-o-polskim-tk-slubowanie-przez-megafon\\\/\",\"url\":\"https:\\\/\\\/ubirataonline.com.br\\\/niemiecka-gazeta-o-polskim-tk-slubowanie-przez-megafon\\\/\",\"name\":\"Niemiecka gazeta o polskim TK: \u015blubowanie przez megafon? - Ubirat\u00e3 Online Not\u00edcias - A realidade ao seu alcance!\",\"isPartOf\":{\"@id\":\"https:\\\/\\\/ubirataonline.com.br\\\/#website\"},\"primaryImageOfPage\":{\"@id\":\"https:\\\/\\\/ubirataonline.com.br\\\/niemiecka-gazeta-o-polskim-tk-slubowanie-przez-megafon\\\/#primaryimage\"},\"image\":{\"@id\":\"https:\\\/\\\/ubirataonline.com.br\\\/niemiecka-gazeta-o-polskim-tk-slubowanie-przez-megafon\\\/#primaryimage\"},\"thumbnailUrl\":\"https:\\\/\\\/ubirataonline.com.br\\\/wp-content\\\/uploads\\\/2026\\\/04\\\/Niemiecka-gazeta-o-polskim-TK-slubowanie-przez-megafon.jpg\",\"datePublished\":\"2026-04-02T15:18:48+00:00\",\"dateModified\":\"2026-04-02T15:18:51+00:00\",\"description\":\"\u201ePrezydent Polski Karol Nawrocki lubi pozostawia\u0107 opini\u0119 publiczn\u0105 w niepewno\u015bci\u201c - ocenia w czwartkowym (2.04.2026)\u00a0wydaniu niemiecki\",\"breadcrumb\":{\"@id\":\"https:\\\/\\\/ubirataonline.com.br\\\/niemiecka-gazeta-o-polskim-tk-slubowanie-przez-megafon\\\/#breadcrumb\"},\"inLanguage\":\"en-US\",\"potentialAction\":[{\"@type\":\"ReadAction\",\"target\":[\"https:\\\/\\\/ubirataonline.com.br\\\/niemiecka-gazeta-o-polskim-tk-slubowanie-przez-megafon\\\/\"]}]},{\"@type\":\"ImageObject\",\"inLanguage\":\"en-US\",\"@id\":\"https:\\\/\\\/ubirataonline.com.br\\\/niemiecka-gazeta-o-polskim-tk-slubowanie-przez-megafon\\\/#primaryimage\",\"url\":\"https:\\\/\\\/ubirataonline.com.br\\\/wp-content\\\/uploads\\\/2026\\\/04\\\/Niemiecka-gazeta-o-polskim-TK-slubowanie-przez-megafon.jpg\",\"contentUrl\":\"https:\\\/\\\/ubirataonline.com.br\\\/wp-content\\\/uploads\\\/2026\\\/04\\\/Niemiecka-gazeta-o-polskim-TK-slubowanie-przez-megafon.jpg\",\"width\":940,\"height\":529,\"caption\":\"Prezydent Nawrocki przyj\u0105\u0142 \u015blubowanie od dwojga s\u0119dzi\u00f3w TKZdj\u0119cie: Yauhen Yerchak\\\/SOPA Images\\\/Sipa USA\\\/picture alliance\"},{\"@type\":\"BreadcrumbList\",\"@id\":\"https:\\\/\\\/ubirataonline.com.br\\\/niemiecka-gazeta-o-polskim-tk-slubowanie-przez-megafon\\\/#breadcrumb\",\"itemListElement\":[{\"@type\":\"ListItem\",\"position\":1,\"name\":\"In\u00edcio\",\"item\":\"https:\\\/\\\/ubirataonline.com.br\\\/\"},{\"@type\":\"ListItem\",\"position\":2,\"name\":\"Niemiecka gazeta o polskim TK: \u015blubowanie przez megafon?\"}]},{\"@type\":\"WebSite\",\"@id\":\"https:\\\/\\\/ubirataonline.com.br\\\/#website\",\"url\":\"https:\\\/\\\/ubirataonline.com.br\\\/\",\"name\":\"Ubirat\u00e3 Online Not\u00edcias\",\"description\":\"Not\u00edcias de Ubirat\u00e3, regi\u00e3o, Brasil e mundo, com informa\u00e7\u00e3o atualizada e compromisso com o leitor.\",\"publisher\":{\"@id\":\"https:\\\/\\\/ubirataonline.com.br\\\/#organization\"},\"alternateName\":\"Ubirat\u00e3 Online\",\"potentialAction\":[{\"@type\":\"SearchAction\",\"target\":{\"@type\":\"EntryPoint\",\"urlTemplate\":\"https:\\\/\\\/ubirataonline.com.br\\\/?s={search_term_string}\"},\"query-input\":{\"@type\":\"PropertyValueSpecification\",\"valueRequired\":true,\"valueName\":\"search_term_string\"}}],\"inLanguage\":\"en-US\"},{\"@type\":[\"Organization\",\"Place\"],\"@id\":\"https:\\\/\\\/ubirataonline.com.br\\\/#organization\",\"name\":\"Ubirat\u00e3 Online Not\u00edcias\",\"alternateName\":\"Ubirat\u00e3 Online\",\"url\":\"https:\\\/\\\/ubirataonline.com.br\\\/\",\"logo\":{\"@id\":\"https:\\\/\\\/ubirataonline.com.br\\\/niemiecka-gazeta-o-polskim-tk-slubowanie-przez-megafon\\\/#local-main-organization-logo\"},\"image\":{\"@id\":\"https:\\\/\\\/ubirataonline.com.br\\\/niemiecka-gazeta-o-polskim-tk-slubowanie-przez-megafon\\\/#local-main-organization-logo\"},\"sameAs\":[\"https:\\\/\\\/www.facebook.com\\\/portalubirataonline\",\"https:\\\/\\\/x.com\\\/ubirataonline\",\"https:\\\/\\\/mastodon.social\\\/@ubirataonline\",\"https:\\\/\\\/www.facebook.com\\\/groups\\\/311144672285604\",\"https:\\\/\\\/www.facebook.com\\\/UBTAOnline\",\"https:\\\/\\\/www.instagram.com\\\/portalubirataonline\\\/\",\"https:\\\/\\\/twitter.com\\\/ubirataonline\"],\"description\":\"Somos um portal de not\u00edcias independente, criado em 5 de janeiro de 2009, com o objetivo de informar, conectar e valorizar a nossa comunidade de Ubirat\u00e3 e toda aregi\u00e3o. Com conte\u00fado atualizado, confi\u00e1vel e relevante, o Ubirat\u00e3 Online \u00e9 o seu espa\u00e7o para ficar por dentro dos principais acontecimentos locais, regionais, Brasil, Mundo e de interesse geral. Nosso compromisso \u00e9 com a verdade, a transpar\u00eancia e o respeito ao leitor.\",\"legalName\":\"UBIRATA ONLINE NOT\u00cdCIAS\",\"foundingDate\":\"2009-01-05\",\"numberOfEmployees\":{\"@type\":\"QuantitativeValue\",\"minValue\":\"1\",\"maxValue\":\"10\"},\"publishingPrinciples\":\"https:\\\/\\\/ubirataonline.com.br\\\/faq\\\/\",\"address\":{\"@id\":\"https:\\\/\\\/ubirataonline.com.br\\\/niemiecka-gazeta-o-polskim-tk-slubowanie-przez-megafon\\\/#local-main-place-address\"},\"geo\":{\"@type\":\"GeoCoordinates\",\"latitude\":\"-24.5361401\",\"longitude\":\"-52.9921776\"},\"telephone\":[\"+5544998308235\"],\"contactPoint\":{\"@type\":\"ContactPoint\",\"email\":\"contato@ubirataonline.com.br\"},\"openingHoursSpecification\":{\"@type\":\"OpeningHoursSpecification\",\"dayOfWeek\":[\"Monday\",\"Tuesday\",\"Wednesday\",\"Thursday\",\"Friday\",\"Saturday\",\"Sunday\"],\"opens\":\"00:00\",\"closes\":\"23:59\"},\"email\":\"contato@ubirataonline.com.br\",\"vatID\":\"47.621.418\\\/0001-80\"},{\"@type\":\"Person\",\"@id\":\"https:\\\/\\\/ubirataonline.com.br\\\/#\\\/schema\\\/person\\\/372f87bbd3fdd79b8556b84c98d0bc1c\",\"name\":\"REDA\u00c7\u00c3O: UBIRAT\u00c3 ONLINE - F\u00c1BIO AUGUSTO CELESTINO\",\"pronouns\":\"Ele\",\"description\":\"Desde 2003 trabalhando com not\u00edcias.\",\"sameAs\":[\"http:\\\/\\\/ubirataoline.com.br\",\"https:\\\/\\\/www.facebook.com\\\/portalubirataonline\",\"https:\\\/\\\/www.instagram.com\\\/ubirataonline_oficial\",\"https:\\\/\\\/x.com\\\/x.com\\\/ubirataonline\"],\"honorificPrefix\":\"Mr.\",\"honorificSuffix\":\"MD\",\"birthDate\":\"1980-06-16\",\"gender\":\"masculino\",\"award\":[\"V\u00e1rios pr\u00eamios de melhor portal da cidade\"],\"jobTitle\":\"Diretor\",\"url\":\"https:\\\/\\\/ubirataonline.com.br\\\/en\\\/author\\\/ubirataonline\\\/\"},{\"@type\":\"PostalAddress\",\"@id\":\"https:\\\/\\\/ubirataonline.com.br\\\/niemiecka-gazeta-o-polskim-tk-slubowanie-przez-megafon\\\/#local-main-place-address\",\"streetAddress\":\"Rua dos Coqueiros, 104 - Bairro Boa Vista, Rua dos Coqueiros, 104 Bairro Boa Vista\",\"addressLocality\":\"UBIRATA\",\"postalCode\":\"85440-000\",\"addressRegion\":\"PR\",\"addressCountry\":\"BR\"},{\"@type\":\"ImageObject\",\"inLanguage\":\"en-US\",\"@id\":\"https:\\\/\\\/ubirataonline.com.br\\\/niemiecka-gazeta-o-polskim-tk-slubowanie-przez-megafon\\\/#local-main-organization-logo\",\"url\":\"https:\\\/\\\/ubirataonline.com.br\\\/wp-content\\\/uploads\\\/2026\\\/06\\\/logoubirataonline-1.webp\",\"contentUrl\":\"https:\\\/\\\/ubirataonline.com.br\\\/wp-content\\\/uploads\\\/2026\\\/06\\\/logoubirataonline-1.webp\",\"width\":500,\"height\":500,\"caption\":\"Ubirat\u00e3 Online Not\u00edcias\"}]}<\/script>\n<meta name=\"geo.placename\" content=\"UBIRATA\" \/>\n<meta name=\"geo.position\" content=\"-24.5361401;-52.9921776\" \/>\n<meta name=\"geo.region\" content=\"Brazil\" \/>\n<!-- \/ Yoast SEO Premium plugin. -->","yoast_head_json":{"title":"Niemiecka gazeta o polskim TK: \u015blubowanie przez megafon? - Ubirat\u00e3 Online Not\u00edcias - A realidade ao seu alcance!","description":"\u201ePrezydent Polski Karol Nawrocki lubi pozostawia\u0107 opini\u0119 publiczn\u0105 w niepewno\u015bci\u201c - ocenia w czwartkowym (2.04.2026)\u00a0wydaniu niemiecki","robots":{"index":"index","follow":"follow","max-snippet":"max-snippet:-1","max-image-preview":"max-image-preview:large","max-video-preview":"max-video-preview:-1"},"canonical":"https:\/\/ubirataonline.com.br\/en\/niemiecka-gazeta-o-polskim-tk-slubowanie-przez-megafon\/","og_locale":"en_US","og_type":"article","og_title":"Niemiecka gazeta o polskim TK: \u015blubowanie przez megafon?","og_description":"\u201ePrezydent Polski Karol Nawrocki lubi pozostawia\u0107 opini\u0119 publiczn\u0105 w niepewno\u015bci\u201c - ocenia w czwartkowym (2.04.2026)\u00a0wydaniu niemiecki","og_url":"https:\/\/ubirataonline.com.br\/en\/niemiecka-gazeta-o-polskim-tk-slubowanie-przez-megafon\/","og_site_name":"Ubirat\u00e3 Online Not\u00edcias - A realidade ao seu alcance!","article_publisher":"https:\/\/www.facebook.com\/portalubirataonline","article_author":"https:\/\/www.facebook.com\/portalubirataonline","article_published_time":"2026-04-02T15:18:48+00:00","article_modified_time":"2026-04-02T15:18:51+00:00","og_image":[{"width":940,"height":529,"url":"https:\/\/ubirataonline.com.br\/wp-content\/uploads\/2026\/04\/Niemiecka-gazeta-o-polskim-TK-slubowanie-przez-megafon.jpg","type":"image\/jpeg"}],"author":"REDA\u00c7\u00c3O: UBIRAT\u00c3 ONLINE - F\u00c1BIO AUGUSTO CELESTINO","twitter_card":"summary_large_image","twitter_creator":"@x.com\/ubirataonline","twitter_site":"@ubirataonline","twitter_misc":{"Written by":"REDA\u00c7\u00c3O: UBIRAT\u00c3 ONLINE - F\u00c1BIO AUGUSTO CELESTINO","Est. reading time":"2 minutes"},"schema":{"@context":"https:\/\/schema.org","@graph":[{"@type":"NewsArticle","@id":"https:\/\/ubirataonline.com.br\/niemiecka-gazeta-o-polskim-tk-slubowanie-przez-megafon\/#article","isPartOf":{"@id":"https:\/\/ubirataonline.com.br\/niemiecka-gazeta-o-polskim-tk-slubowanie-przez-megafon\/"},"author":{"name":"REDA\u00c7\u00c3O: UBIRAT\u00c3 ONLINE - F\u00c1BIO AUGUSTO CELESTINO","@id":"https:\/\/ubirataonline.com.br\/#\/schema\/person\/372f87bbd3fdd79b8556b84c98d0bc1c"},"headline":"Niemiecka gazeta o polskim TK: \u015blubowanie przez megafon?","datePublished":"2026-04-02T15:18:48+00:00","dateModified":"2026-04-02T15:18:51+00:00","mainEntityOfPage":{"@id":"https:\/\/ubirataonline.com.br\/niemiecka-gazeta-o-polskim-tk-slubowanie-przez-megafon\/"},"wordCount":317,"publisher":{"@id":"https:\/\/ubirataonline.com.br\/#organization"},"image":{"@id":"https:\/\/ubirataonline.com.br\/niemiecka-gazeta-o-polskim-tk-slubowanie-przez-megafon\/#primaryimage"},"thumbnailUrl":"https:\/\/ubirataonline.com.br\/wp-content\/uploads\/2026\/04\/Niemiecka-gazeta-o-polskim-TK-slubowanie-przez-megafon.jpg","keywords":["Gazeta","megafon","Niemiecka","polskim","przez","\u015blubowanie"],"articleSection":["Brasil"],"inLanguage":"en-US","copyrightYear":"2026","copyrightHolder":{"@id":"https:\/\/ubirataonline.com.br\/en\/#organization"}},{"@type":"WebPage","@id":"https:\/\/ubirataonline.com.br\/niemiecka-gazeta-o-polskim-tk-slubowanie-przez-megafon\/","url":"https:\/\/ubirataonline.com.br\/niemiecka-gazeta-o-polskim-tk-slubowanie-przez-megafon\/","name":"Niemiecka gazeta o polskim TK: \u015blubowanie przez megafon? - Ubirat\u00e3 Online Not\u00edcias - A realidade ao seu alcance!","isPartOf":{"@id":"https:\/\/ubirataonline.com.br\/#website"},"primaryImageOfPage":{"@id":"https:\/\/ubirataonline.com.br\/niemiecka-gazeta-o-polskim-tk-slubowanie-przez-megafon\/#primaryimage"},"image":{"@id":"https:\/\/ubirataonline.com.br\/niemiecka-gazeta-o-polskim-tk-slubowanie-przez-megafon\/#primaryimage"},"thumbnailUrl":"https:\/\/ubirataonline.com.br\/wp-content\/uploads\/2026\/04\/Niemiecka-gazeta-o-polskim-TK-slubowanie-przez-megafon.jpg","datePublished":"2026-04-02T15:18:48+00:00","dateModified":"2026-04-02T15:18:51+00:00","description":"\u201ePrezydent Polski Karol Nawrocki lubi pozostawia\u0107 opini\u0119 publiczn\u0105 w niepewno\u015bci\u201c - ocenia w czwartkowym (2.04.2026)\u00a0wydaniu niemiecki","breadcrumb":{"@id":"https:\/\/ubirataonline.com.br\/niemiecka-gazeta-o-polskim-tk-slubowanie-przez-megafon\/#breadcrumb"},"inLanguage":"en-US","potentialAction":[{"@type":"ReadAction","target":["https:\/\/ubirataonline.com.br\/niemiecka-gazeta-o-polskim-tk-slubowanie-przez-megafon\/"]}]},{"@type":"ImageObject","inLanguage":"en-US","@id":"https:\/\/ubirataonline.com.br\/niemiecka-gazeta-o-polskim-tk-slubowanie-przez-megafon\/#primaryimage","url":"https:\/\/ubirataonline.com.br\/wp-content\/uploads\/2026\/04\/Niemiecka-gazeta-o-polskim-TK-slubowanie-przez-megafon.jpg","contentUrl":"https:\/\/ubirataonline.com.br\/wp-content\/uploads\/2026\/04\/Niemiecka-gazeta-o-polskim-TK-slubowanie-przez-megafon.jpg","width":940,"height":529,"caption":"Prezydent Nawrocki przyj\u0105\u0142 \u015blubowanie od dwojga s\u0119dzi\u00f3w TKZdj\u0119cie: Yauhen Yerchak\/SOPA Images\/Sipa USA\/picture alliance"},{"@type":"BreadcrumbList","@id":"https:\/\/ubirataonline.com.br\/niemiecka-gazeta-o-polskim-tk-slubowanie-przez-megafon\/#breadcrumb","itemListElement":[{"@type":"ListItem","position":1,"name":"In\u00edcio","item":"https:\/\/ubirataonline.com.br\/"},{"@type":"ListItem","position":2,"name":"Niemiecka gazeta o polskim TK: \u015blubowanie przez megafon?"}]},{"@type":"WebSite","@id":"https:\/\/ubirataonline.com.br\/#website","url":"https:\/\/ubirataonline.com.br\/","name":"Ubirat\u00e3 Online Not\u00edcias","description":"Not\u00edcias de Ubirat\u00e3, regi\u00e3o, Brasil e mundo, com informa\u00e7\u00e3o atualizada e compromisso com o leitor.","publisher":{"@id":"https:\/\/ubirataonline.com.br\/#organization"},"alternateName":"Ubirat\u00e3 Online","potentialAction":[{"@type":"SearchAction","target":{"@type":"EntryPoint","urlTemplate":"https:\/\/ubirataonline.com.br\/?s={search_term_string}"},"query-input":{"@type":"PropertyValueSpecification","valueRequired":true,"valueName":"search_term_string"}}],"inLanguage":"en-US"},{"@type":["Organization","Place"],"@id":"https:\/\/ubirataonline.com.br\/#organization","name":"Ubirat\u00e3 Online Not\u00edcias","alternateName":"Ubirat\u00e3 Online","url":"https:\/\/ubirataonline.com.br\/","logo":{"@id":"https:\/\/ubirataonline.com.br\/niemiecka-gazeta-o-polskim-tk-slubowanie-przez-megafon\/#local-main-organization-logo"},"image":{"@id":"https:\/\/ubirataonline.com.br\/niemiecka-gazeta-o-polskim-tk-slubowanie-przez-megafon\/#local-main-organization-logo"},"sameAs":["https:\/\/www.facebook.com\/portalubirataonline","https:\/\/x.com\/ubirataonline","https:\/\/mastodon.social\/@ubirataonline","https:\/\/www.facebook.com\/groups\/311144672285604","https:\/\/www.facebook.com\/UBTAOnline","https:\/\/www.instagram.com\/portalubirataonline\/","https:\/\/twitter.com\/ubirataonline"],"description":"Somos um portal de not\u00edcias independente, criado em 5 de janeiro de 2009, com o objetivo de informar, conectar e valorizar a nossa comunidade de Ubirat\u00e3 e toda aregi\u00e3o. Com conte\u00fado atualizado, confi\u00e1vel e relevante, o Ubirat\u00e3 Online \u00e9 o seu espa\u00e7o para ficar por dentro dos principais acontecimentos locais, regionais, Brasil, Mundo e de interesse geral. Nosso compromisso \u00e9 com a verdade, a transpar\u00eancia e o respeito ao leitor.","legalName":"UBIRATA ONLINE NOT\u00cdCIAS","foundingDate":"2009-01-05","numberOfEmployees":{"@type":"QuantitativeValue","minValue":"1","maxValue":"10"},"publishingPrinciples":"https:\/\/ubirataonline.com.br\/faq\/","address":{"@id":"https:\/\/ubirataonline.com.br\/niemiecka-gazeta-o-polskim-tk-slubowanie-przez-megafon\/#local-main-place-address"},"geo":{"@type":"GeoCoordinates","latitude":"-24.5361401","longitude":"-52.9921776"},"telephone":["+5544998308235"],"contactPoint":{"@type":"ContactPoint","email":"contato@ubirataonline.com.br"},"openingHoursSpecification":{"@type":"OpeningHoursSpecification","dayOfWeek":["Monday","Tuesday","Wednesday","Thursday","Friday","Saturday","Sunday"],"opens":"00:00","closes":"23:59"},"email":"contato@ubirataonline.com.br","vatID":"47.621.418\/0001-80"},{"@type":"Person","@id":"https:\/\/ubirataonline.com.br\/#\/schema\/person\/372f87bbd3fdd79b8556b84c98d0bc1c","name":"REDA\u00c7\u00c3O: UBIRAT\u00c3 ONLINE - F\u00c1BIO AUGUSTO CELESTINO","pronouns":"Ele","description":"Desde 2003 trabalhando com not\u00edcias.","sameAs":["http:\/\/ubirataoline.com.br","https:\/\/www.facebook.com\/portalubirataonline","https:\/\/www.instagram.com\/ubirataonline_oficial","https:\/\/x.com\/x.com\/ubirataonline"],"honorificPrefix":"Mr.","honorificSuffix":"MD","birthDate":"1980-06-16","gender":"masculino","award":["V\u00e1rios pr\u00eamios de melhor portal da cidade"],"jobTitle":"Diretor","url":"https:\/\/ubirataonline.com.br\/en\/author\/ubirataonline\/"},{"@type":"PostalAddress","@id":"https:\/\/ubirataonline.com.br\/niemiecka-gazeta-o-polskim-tk-slubowanie-przez-megafon\/#local-main-place-address","streetAddress":"Rua dos Coqueiros, 104 - Bairro Boa Vista, Rua dos Coqueiros, 104 Bairro Boa Vista","addressLocality":"UBIRATA","postalCode":"85440-000","addressRegion":"PR","addressCountry":"BR"},{"@type":"ImageObject","inLanguage":"en-US","@id":"https:\/\/ubirataonline.com.br\/niemiecka-gazeta-o-polskim-tk-slubowanie-przez-megafon\/#local-main-organization-logo","url":"https:\/\/ubirataonline.com.br\/wp-content\/uploads\/2026\/06\/logoubirataonline-1.webp","contentUrl":"https:\/\/ubirataonline.com.br\/wp-content\/uploads\/2026\/06\/logoubirataonline-1.webp","width":500,"height":500,"caption":"Ubirat\u00e3 Online Not\u00edcias"}]},"geo.placename":"UBIRATA","geo.position":{"lat":"-24.5361401","long":"-52.9921776"},"geo.region":"Brazil"},"_links":{"self":[{"href":"https:\/\/ubirataonline.com.br\/en\/wp-json\/wp\/v2\/posts\/98914","targetHints":{"allow":["GET"]}}],"collection":[{"href":"https:\/\/ubirataonline.com.br\/en\/wp-json\/wp\/v2\/posts"}],"about":[{"href":"https:\/\/ubirataonline.com.br\/en\/wp-json\/wp\/v2\/types\/post"}],"author":[{"embeddable":true,"href":"https:\/\/ubirataonline.com.br\/en\/wp-json\/wp\/v2\/users\/1"}],"replies":[{"embeddable":true,"href":"https:\/\/ubirataonline.com.br\/en\/wp-json\/wp\/v2\/comments?post=98914"}],"version-history":[{"count":0,"href":"https:\/\/ubirataonline.com.br\/en\/wp-json\/wp\/v2\/posts\/98914\/revisions"}],"wp:featuredmedia":[{"embeddable":true,"href":"https:\/\/ubirataonline.com.br\/en\/wp-json\/wp\/v2\/media\/98915"}],"wp:attachment":[{"href":"https:\/\/ubirataonline.com.br\/en\/wp-json\/wp\/v2\/media?parent=98914"}],"wp:term":[{"taxonomy":"category","embeddable":true,"href":"https:\/\/ubirataonline.com.br\/en\/wp-json\/wp\/v2\/categories?post=98914"},{"taxonomy":"post_tag","embeddable":true,"href":"https:\/\/ubirataonline.com.br\/en\/wp-json\/wp\/v2\/tags?post=98914"}],"curies":[{"name":"wp","href":"https:\/\/api.w.org\/{rel}","templated":true}]}}