{"id":98944,"date":"2026-04-02T16:04:55","date_gmt":"2026-04-02T19:04:55","guid":{"rendered":"https:\/\/ubirataonline.com.br\/habitantes-de-perus-em-sp-acusam-fraude-em-audiencia-publica\/"},"modified":"2026-04-02T16:05:08","modified_gmt":"2026-04-02T19:05:08","slug":"habitantes-de-perus-em-sp-acusam-fraude-em-audiencia-publica","status":"publish","type":"post","link":"https:\/\/ubirataonline.com.br\/en\/habitantes-de-perus-em-sp-acusam-fraude-em-audiencia-publica\/","title":{"rendered":"Habitantes de Perus, em SP, acusam fraude em audi\u00eancia p\u00fablica"},"content":{"rendered":"<p><\/p>\n<div id=\"texto\">\n<p>Moradores do bairro de Perus, na capital paulista, foram exclu\u00eddos da primeira audi\u00eancia, de car\u00e1ter consultivo, convocada pela prefeitura e pelo governo estadual para debater os impactos da implanta\u00e7\u00e3o de um incinerador de lixo. A\u00a0suspeita \u00e9 de ter havido\u00a0recrutamento de pessoas de fora do territ\u00f3rio, em uma tentativa de desmobiliza\u00e7\u00e3o da comunidade, contr\u00e1ria ao empreendimento.<\/p>\n<p>Oficialmente, o projeto \u00e9 chamado de Unidade de Recupera\u00e7\u00e3o de Energia (URE) Bandeirantes e pertence \u00e0 empresa Log\u00edstica Ambiental S\u00e3o Paulo S.A. (Loga), de tratamento de res\u00edduos de sa\u00fade. No processo, a companhia remete estudos e documentos \u00e0 Companhia Ambiental do Estado de S\u00e3o Paulo (Cetesb).<\/p>\n<p>Conforme apurou a Ag\u00eancia Brasil, \u00f4nibus encostaram em frente ao Centro Educacional Unificado (CEU) Perus, no bairro Vila Fanton, parte do distrito, no in\u00edcio da tarde desta segunda-feira (1\u00ba). Os passageiros, n\u00e3o reconhecidos pelos moradores de Perus, formaram uma longa fila antes deles para entrar na unidade, lotando-a. Tamb\u00e9m logo se inscreveram para discursar. Segundo apura\u00e7\u00e3o, o objetivo era atrapalhar moradores a levar questionamentos e cr\u00edticas ao microfone.<\/p>\n<p>Uma pessoa contatada pela reportagem confirmou ter recebido dinheiro para estar na audi\u00eancia como se fosse moradora de Perus. Ela explicou que, h\u00e1 cerca de tr\u00eas anos, busca oportunidades de trabalho em grupos voltados a formar p\u00fablico de programas de audit\u00f3rio populares, da TV aberta, como os que exploram e forjam dramas familiares.<\/p>\n<p>A pessoa em quest\u00e3o, cuja identidade ser\u00e1 preservada, para evitar retalia\u00e7\u00f5es, esclareceu que havia um homem respons\u00e1vel por orient\u00e1-los quanto \u00e0s rea\u00e7\u00f5es que deviam manifestar em cada uma das situa\u00e7\u00f5es da audi\u00eancia, em sinal de suposta concord\u00e2ncia ou reprova\u00e7\u00e3o.<\/p>\n<p>&gt;&gt; Siga o canal da Ag\u00eancia Brasil no WhatsApp<\/p>\n<p>Com a capacidade m\u00e1xima do teatro do CEU atingida, cerca de 500 moradores acabaram sendo impedidos de entrar e participar. Funcion\u00e1rios das gest\u00f5es municipal e estadual instalaram dois televisores no sal\u00e3o de entrada do teatro e, mesmo assim, o espa\u00e7o n\u00e3o comportou a totalidade de pessoas presentes, o que levou a muitas delas, inclusive, crian\u00e7as, ficarem aguardando sob chuva.<\/p>\n<p>Do lado externo, agentes da Guarda Civil Metropolitana (GCM) estavam em forma\u00e7\u00e3o, armados com escudos e g\u00e1s de pimenta. Com hostilidade, chegaram a proibir a fala de vereadores. A assessoria da prefeitura rebateu essa acusa\u00e7\u00e3o, negando o uso de equipamentos de menor potencial ofensivo.<\/p>\n<p>Ap\u00f3s insist\u00eancia, tr\u00eas representantes dos guarani mbya, da Terra Ind\u00edgena do Jaragu\u00e1, passaram da porta para dentro. O distrito do Jaragu\u00e1 deriva da regi\u00e3o de Perus e foi criado em 1948, raz\u00e3o pela qual moradores de l\u00e1 quiseram participar da audi\u00eancia.<\/p>\n<p>Bortoto afirma que o novo incinerador \u00e9 considerado ultrapassado em outros lugares do mundo e que n\u00e3o somente as cinzas t\u00f3xicas liberadas por ele geram apreens\u00e3o, mas tamb\u00e9m a grande quantidade de caminh\u00f5es que ir\u00e1 circular na regi\u00e3o. Para ele, a prefeitura n\u00e3o teria condi\u00e7\u00f5es de fiscalizar se os par\u00e2metros estariam normais.<\/p>\n<p>O qu\u00edmico argumenta que a aprova\u00e7\u00e3o do projeto, se ocorrer, acarretar\u00e1 mais problemas de sa\u00fade de pessoas j\u00e1 carentes de atendimento adequado. A falta de recursos humanos, acrescenta, est\u00e1 ligada ao preconceito com a regi\u00e3o, evidenciando a conex\u00e3o entre fatores constitutivos de sua m\u00e1 reputa\u00e7\u00e3o entre paulistanos.<\/p>\n<p>\u201cOs m\u00e9dicos \u00e0s vezes n\u00e3o querem trabalhar na periferia, por quest\u00e3o de seguran\u00e7a, por estar muito longe. Temos um problema s\u00e9rio de vazio assistencial de sa\u00fade nesse territ\u00f3rio. Al\u00e9m disso, temos problemas de moradia. Muitos pr\u00e9dios sendo levantados sem a infraestrutura necess\u00e1ria para receber os novos moradores. Problemas na educa\u00e7\u00e3o, falta de equipamentos de cultura. Os mesmos problemas que a periferia de S\u00e3o Paulo tem, a gente tem tamb\u00e9m\u201d, resume.<\/p>\n<p>Outra l\u00edder das articula\u00e7\u00f5es, a qu\u00edmica e consultora da WWF Brasil Thais Santos acompanhou, desde a adolesc\u00eancia, os levantes anteriores, em que se uniram at\u00e9 mesmo vertentes religiosas distintas, a fim de defender o territ\u00f3rio. Em entrevista \u00e0 Ag\u00eancia Brasil, ela apontou a necessidade de lutar como motivo para seguir nesse caminho profissional. O doutorado em Bioenergia, por exemplo, foi uma qualifica\u00e7\u00e3o pensada para servir \u00e0 de seus pares.<\/p>\n<p>Ao inv\u00e9s do incinerador, os moradores e ativistas ambientais aliados pensam em um Territ\u00f3rio de Interesse de Cultura e da Paisagem Jaragu\u00e1-Perus-Anhanguera para a \u00e1rea. Ocup\u00e1-la como continuidade de um modelo que j\u00e1 v\u00eam adotando com uma ag\u00eancia de turismo fundada por eles, com a proposta de valorizar a rela\u00e7\u00e3o com a natureza, afastando-se da l\u00f3gica predat\u00f3ria, e a resist\u00eancia pol\u00edtica que caracteriza o lugar.<\/p>\n<p>No Mapa da Desigualdade, consolidado pela Rede S\u00e3o Paulo, com dados de 2024 e divulgado em 2025, indica-se 62 anos como expectativa de vida m\u00e9dia no distrito de Perus. A regi\u00e3o ostenta, ao mesmo tempo, o 5\u00ba lugar em cobertura vegetal, o 6\u00ba em emiss\u00e3o de poluentes atmosf\u00e9ricos por \u00e1rea (kg\/km\u00b2\/dia), calculado com base em viagens de \u00f4nibus, e o 66\u00ba no quesito Pontos de Entrega Volunt\u00e1ria (PEV).<\/p>\n<p>Bortoto viu sua comunidade e outras comunidades vizinhas sofrerem press\u00f5es para aceitar a incorpora\u00e7\u00e3o de diversos empreendimentos semelhantes, como o aterro sanit\u00e1rio na Ch\u00e1cara Maria Trindade, no distrito de Anhanguera, no in\u00edcio dos anos 2000. Em 1979, foi inaugurado o aterro sanit\u00e1rio Bandeirantes, de 140 hectares, ativo por 28 anos, per\u00edodo em que recebeu de 35 a 40 milh\u00f5es de toneladas de res\u00edduos.<\/p>\n<h2>Outro lado<\/h2>\n<p>Questionada pela reportagem, a Cetesb afirmou que as coloca\u00e7\u00f5es feitas na audi\u00eancia ser\u00e3o todas inclu\u00eddas no processo de licenciamento e levadas em conta na an\u00e1lise. \u201cA Cetesb informa que o projeto referente \u00e0 URE em Perus encontra-se em fase de an\u00e1lise t\u00e9cnica. O processo segue o rito legal de licenciamento ambiental, baseado no Estudo e no Relat\u00f3rio de Impacto Ambiental (EIA\/Rima) apresentados pela empresa.\u201d<\/p>\n<p>Em nota encaminhada \u00e0 Ag\u00eancia Brasil, a Secretaria de Meio Ambiente, Infraestrutura e Log\u00edstica (Semil), do estado de S\u00e3o Paulo,<\/p>\n<p>A concession\u00e1ria Loga e a prefeitura encaminharam a seguinte nota, em resposta \u00e0 demanda da Ag\u00eancia Brasil:<\/p>\n<p>\u201cA SP Regula e a Loga informam que as UREs, previstas no contrato de concess\u00e3o de res\u00edduos s\u00f3lidos do munic\u00edpio, n\u00e3o devem ser confundidas com os antigos incineradores das d\u00e9cadas de 1970 e 1980. Trata-se de instala\u00e7\u00f5es modernas, que n\u00e3o oferecem riscos \u00e0 sa\u00fade da popula\u00e7\u00e3o e s\u00e3o amplamente utilizadas, inclusive em \u00e1reas residenciais, em diversos pa\u00edses.<\/p>\n<p>A URE mencionada integrar\u00e1 o Ecoparque Bandeirantes e tem como objetivo reduzir o volume de res\u00edduos destinados a aterros, gerar energia, criar empregos e ampliar a prote\u00e7\u00e3o ambiental. A URE Bandeirantes ter\u00e1 capacidade para receber at\u00e9 mil toneladas de res\u00edduos por dia, possibilitando a recupera\u00e7\u00e3o de cerca de 64% do material e a destina\u00e7\u00e3o de aproximadamente 36% a aterro sanit\u00e1rio externo.<\/p>\n<p>A SP Regula e a Loga refor\u00e7am a import\u00e2ncia da participa\u00e7\u00e3o popular neste processo e informa que a audi\u00eancia p\u00fablica realizada ontem (31) teve como objetivo apresentar \u00e0 popula\u00e7\u00e3o o projeto, al\u00e9m de tirar d\u00favidas e colher contribui\u00e7\u00f5es no \u00e2mbito do processo de licenciamento ambiental.<\/p>\n<p>A Loga informa que n\u00e3o realizou qualquer tipo de oferta, vantagem ou benef\u00edcio a lideran\u00e7as ou participantes, n\u00e3o havendo qualquer evid\u00eancia que sustente as alega\u00e7\u00f5es mencionadas. A presen\u00e7a do p\u00fablico ocorreu de forma espont\u00e2nea, respeitando o acesso por ordem de chegada e o limite de capacidade do local, em conformidade com as normas de seguran\u00e7a e rito do licenciamento. A empresa reafirma seu compromisso com a transpar\u00eancia e com o di\u00e1logo com a popula\u00e7\u00e3o, ressaltando que o debate sobre o projeto deve se basear em informa\u00e7\u00f5es t\u00e9cnicas, dados oficiais e no processo regular de licenciamento ambiental\u201d.<\/p>\n<p><b>Fonte:<\/b> Ag\u00eancia Brasil<\/p>\n<\/p><\/div>\n<p><a href=\"https:\/\/cgn.inf.br\/noticia\/2076546\/habitantes-de-perus-em-sp-acusam-fraude-em-audiencia-publica\">Fonte do Artigo <\/a><\/p>","protected":false},"excerpt":{"rendered":"<p>Moradores do bairro de Perus, na capital paulista, foram exclu\u00eddos da primeira audi\u00eancia, de car\u00e1ter consultivo, convocada pela prefeitura e pelo governo estadual para debater os impactos da implanta\u00e7\u00e3o de um incinerador de lixo. A\u00a0suspeita \u00e9 de ter havido\u00a0recrutamento de pessoas de fora do territ\u00f3rio, em uma tentativa de desmobiliza\u00e7\u00e3o da comunidade, contr\u00e1ria ao empreendimento. [&hellip;]<\/p>\n","protected":false},"author":1,"featured_media":98945,"comment_status":"closed","ping_status":"","sticky":false,"template":"","format":"standard","meta":{"googlesitekit_rrm_CAow2JLhCw:productID":"","_gspb_post_css":"","maa_idioma":"","maa_pais":"","footnotes":""},"categories":[1],"tags":[24670,229,1588,24668,24669,3493],"class_list":["post-98944","post","type-post","status-publish","format-standard","has-post-thumbnail","hentry","category-ubirata","tag-acusam","tag-audiencia","tag-fraude","tag-habitantes","tag-perus","tag-publica"],"blocksy_meta":[],"yoast_head":"<!-- This site is optimized with the Yoast SEO Premium plugin v27.6 (Yoast SEO v27.6) - https:\/\/yoast.com\/product\/yoast-seo-premium-wordpress\/ -->\n<title>Habitantes de Perus, em SP, acusam fraude em audi\u00eancia p\u00fablica - Ubirat\u00e3 Online Not\u00edcias - A realidade ao seu alcance!<\/title>\n<meta name=\"description\" content=\"Moradores do bairro de Perus, na capital paulista, foram exclu\u00eddos da primeira audi\u00eancia, de car\u00e1ter consultivo, convocada pela prefeitura e pelo governo\" \/>\n<meta name=\"robots\" content=\"index, follow, max-snippet:-1, max-image-preview:large, max-video-preview:-1\" \/>\n<link rel=\"canonical\" href=\"https:\/\/ubirataonline.com.br\/en\/habitantes-de-perus-em-sp-acusam-fraude-em-audiencia-publica\/\" \/>\n<meta property=\"og:locale\" content=\"en_US\" \/>\n<meta property=\"og:type\" content=\"article\" \/>\n<meta property=\"og:title\" content=\"Habitantes de Perus, em SP, acusam fraude em audi\u00eancia p\u00fablica\" \/>\n<meta property=\"og:description\" content=\"Moradores do bairro de Perus, na capital paulista, foram exclu\u00eddos da primeira audi\u00eancia, de car\u00e1ter consultivo, convocada pela prefeitura e pelo governo\" \/>\n<meta property=\"og:url\" content=\"https:\/\/ubirataonline.com.br\/en\/habitantes-de-perus-em-sp-acusam-fraude-em-audiencia-publica\/\" \/>\n<meta property=\"og:site_name\" content=\"Ubirat\u00e3 Online Not\u00edcias - A realidade ao seu alcance!\" \/>\n<meta property=\"article:publisher\" content=\"https:\/\/www.facebook.com\/portalubirataonline\" \/>\n<meta property=\"article:author\" content=\"https:\/\/www.facebook.com\/portalubirataonline\" \/>\n<meta property=\"article:published_time\" content=\"2026-04-02T19:04:55+00:00\" \/>\n<meta property=\"article:modified_time\" content=\"2026-04-02T19:05:08+00:00\" \/>\n<meta property=\"og:image\" content=\"https:\/\/ubirataonline.com.br\/wp-content\/uploads\/2026\/04\/Habitantes-de-Perus-em-SP-acusam-fraude-em-audiencia-publica.webp.webp\" \/>\n\t<meta property=\"og:image:width\" content=\"1600\" \/>\n\t<meta property=\"og:image:height\" content=\"800\" \/>\n\t<meta property=\"og:image:type\" content=\"image\/webp\" \/>\n<meta name=\"author\" content=\"REDA\u00c7\u00c3O: UBIRAT\u00c3 ONLINE - F\u00c1BIO AUGUSTO CELESTINO\" \/>\n<meta name=\"twitter:card\" content=\"summary_large_image\" \/>\n<meta name=\"twitter:creator\" content=\"@x.com\/ubirataonline\" \/>\n<meta name=\"twitter:site\" content=\"@ubirataonline\" \/>\n<meta name=\"twitter:label1\" content=\"Written by\" \/>\n\t<meta name=\"twitter:data1\" content=\"REDA\u00c7\u00c3O: UBIRAT\u00c3 ONLINE - F\u00c1BIO AUGUSTO CELESTINO\" \/>\n\t<meta name=\"twitter:label2\" content=\"Est. reading time\" \/>\n\t<meta name=\"twitter:data2\" content=\"7 minutes\" \/>\n<script type=\"application\/ld+json\" class=\"yoast-schema-graph\">{\"@context\":\"https:\\\/\\\/schema.org\",\"@graph\":[{\"@type\":\"NewsArticle\",\"@id\":\"https:\\\/\\\/ubirataonline.com.br\\\/habitantes-de-perus-em-sp-acusam-fraude-em-audiencia-publica\\\/#article\",\"isPartOf\":{\"@id\":\"https:\\\/\\\/ubirataonline.com.br\\\/habitantes-de-perus-em-sp-acusam-fraude-em-audiencia-publica\\\/\"},\"author\":{\"name\":\"REDA\u00c7\u00c3O: UBIRAT\u00c3 ONLINE - F\u00c1BIO AUGUSTO CELESTINO\",\"@id\":\"https:\\\/\\\/ubirataonline.com.br\\\/#\\\/schema\\\/person\\\/372f87bbd3fdd79b8556b84c98d0bc1c\"},\"headline\":\"Habitantes de Perus, em SP, acusam fraude em audi\u00eancia p\u00fablica\",\"datePublished\":\"2026-04-02T19:04:55+00:00\",\"dateModified\":\"2026-04-02T19:05:08+00:00\",\"mainEntityOfPage\":{\"@id\":\"https:\\\/\\\/ubirataonline.com.br\\\/habitantes-de-perus-em-sp-acusam-fraude-em-audiencia-publica\\\/\"},\"wordCount\":1370,\"publisher\":{\"@id\":\"https:\\\/\\\/ubirataonline.com.br\\\/#organization\"},\"image\":{\"@id\":\"https:\\\/\\\/ubirataonline.com.br\\\/habitantes-de-perus-em-sp-acusam-fraude-em-audiencia-publica\\\/#primaryimage\"},\"thumbnailUrl\":\"https:\\\/\\\/ubirataonline.com.br\\\/wp-content\\\/uploads\\\/2026\\\/04\\\/Habitantes-de-Perus-em-SP-acusam-fraude-em-audiencia-publica.webp.webp\",\"keywords\":[\"acusam\",\"Audiencia\",\"Fraude\",\"Habitantes\",\"Perus\",\"p\u00fablica\"],\"articleSection\":[\"Ubirat\u00e3\"],\"inLanguage\":\"en-US\",\"copyrightYear\":\"2026\",\"copyrightHolder\":{\"@id\":\"https:\\\/\\\/ubirataonline.com.br\\\/en\\\/#organization\"}},{\"@type\":\"WebPage\",\"@id\":\"https:\\\/\\\/ubirataonline.com.br\\\/habitantes-de-perus-em-sp-acusam-fraude-em-audiencia-publica\\\/\",\"url\":\"https:\\\/\\\/ubirataonline.com.br\\\/habitantes-de-perus-em-sp-acusam-fraude-em-audiencia-publica\\\/\",\"name\":\"Habitantes de Perus, em SP, acusam fraude em audi\u00eancia p\u00fablica - Ubirat\u00e3 Online Not\u00edcias - A realidade ao seu alcance!\",\"isPartOf\":{\"@id\":\"https:\\\/\\\/ubirataonline.com.br\\\/#website\"},\"primaryImageOfPage\":{\"@id\":\"https:\\\/\\\/ubirataonline.com.br\\\/habitantes-de-perus-em-sp-acusam-fraude-em-audiencia-publica\\\/#primaryimage\"},\"image\":{\"@id\":\"https:\\\/\\\/ubirataonline.com.br\\\/habitantes-de-perus-em-sp-acusam-fraude-em-audiencia-publica\\\/#primaryimage\"},\"thumbnailUrl\":\"https:\\\/\\\/ubirataonline.com.br\\\/wp-content\\\/uploads\\\/2026\\\/04\\\/Habitantes-de-Perus-em-SP-acusam-fraude-em-audiencia-publica.webp.webp\",\"datePublished\":\"2026-04-02T19:04:55+00:00\",\"dateModified\":\"2026-04-02T19:05:08+00:00\",\"description\":\"Moradores do bairro de Perus, na capital paulista, foram exclu\u00eddos da primeira audi\u00eancia, de car\u00e1ter consultivo, convocada pela prefeitura e pelo governo\",\"breadcrumb\":{\"@id\":\"https:\\\/\\\/ubirataonline.com.br\\\/habitantes-de-perus-em-sp-acusam-fraude-em-audiencia-publica\\\/#breadcrumb\"},\"inLanguage\":\"en-US\",\"potentialAction\":[{\"@type\":\"ReadAction\",\"target\":[\"https:\\\/\\\/ubirataonline.com.br\\\/habitantes-de-perus-em-sp-acusam-fraude-em-audiencia-publica\\\/\"]}]},{\"@type\":\"ImageObject\",\"inLanguage\":\"en-US\",\"@id\":\"https:\\\/\\\/ubirataonline.com.br\\\/habitantes-de-perus-em-sp-acusam-fraude-em-audiencia-publica\\\/#primaryimage\",\"url\":\"https:\\\/\\\/ubirataonline.com.br\\\/wp-content\\\/uploads\\\/2026\\\/04\\\/Habitantes-de-Perus-em-SP-acusam-fraude-em-audiencia-publica.webp.webp\",\"contentUrl\":\"https:\\\/\\\/ubirataonline.com.br\\\/wp-content\\\/uploads\\\/2026\\\/04\\\/Habitantes-de-Perus-em-SP-acusam-fraude-em-audiencia-publica.webp.webp\",\"width\":1600,\"height\":800,\"caption\":\"\"},{\"@type\":\"BreadcrumbList\",\"@id\":\"https:\\\/\\\/ubirataonline.com.br\\\/habitantes-de-perus-em-sp-acusam-fraude-em-audiencia-publica\\\/#breadcrumb\",\"itemListElement\":[{\"@type\":\"ListItem\",\"position\":1,\"name\":\"In\u00edcio\",\"item\":\"https:\\\/\\\/ubirataonline.com.br\\\/\"},{\"@type\":\"ListItem\",\"position\":2,\"name\":\"Habitantes de Perus, em SP, acusam fraude em audi\u00eancia p\u00fablica\"}]},{\"@type\":\"WebSite\",\"@id\":\"https:\\\/\\\/ubirataonline.com.br\\\/#website\",\"url\":\"https:\\\/\\\/ubirataonline.com.br\\\/\",\"name\":\"Ubirat\u00e3 Online Not\u00edcias\",\"description\":\"Not\u00edcias de Ubirat\u00e3, regi\u00e3o, Brasil e mundo, com informa\u00e7\u00e3o atualizada e compromisso com o leitor.\",\"publisher\":{\"@id\":\"https:\\\/\\\/ubirataonline.com.br\\\/#organization\"},\"alternateName\":\"Ubirat\u00e3 Online\",\"potentialAction\":[{\"@type\":\"SearchAction\",\"target\":{\"@type\":\"EntryPoint\",\"urlTemplate\":\"https:\\\/\\\/ubirataonline.com.br\\\/?s={search_term_string}\"},\"query-input\":{\"@type\":\"PropertyValueSpecification\",\"valueRequired\":true,\"valueName\":\"search_term_string\"}}],\"inLanguage\":\"en-US\"},{\"@type\":[\"Organization\",\"Place\"],\"@id\":\"https:\\\/\\\/ubirataonline.com.br\\\/#organization\",\"name\":\"Ubirat\u00e3 Online Not\u00edcias\",\"alternateName\":\"Ubirat\u00e3 Online\",\"url\":\"https:\\\/\\\/ubirataonline.com.br\\\/\",\"logo\":{\"@id\":\"https:\\\/\\\/ubirataonline.com.br\\\/habitantes-de-perus-em-sp-acusam-fraude-em-audiencia-publica\\\/#local-main-organization-logo\"},\"image\":{\"@id\":\"https:\\\/\\\/ubirataonline.com.br\\\/habitantes-de-perus-em-sp-acusam-fraude-em-audiencia-publica\\\/#local-main-organization-logo\"},\"sameAs\":[\"https:\\\/\\\/www.facebook.com\\\/portalubirataonline\",\"https:\\\/\\\/x.com\\\/ubirataonline\",\"https:\\\/\\\/mastodon.social\\\/@ubirataonline\",\"https:\\\/\\\/www.facebook.com\\\/groups\\\/311144672285604\",\"https:\\\/\\\/www.facebook.com\\\/UBTAOnline\",\"https:\\\/\\\/www.instagram.com\\\/portalubirataonline\\\/\",\"https:\\\/\\\/twitter.com\\\/ubirataonline\"],\"description\":\"Somos um portal de not\u00edcias independente, criado em 5 de janeiro de 2009, com o objetivo de informar, conectar e valorizar a nossa comunidade de Ubirat\u00e3 e toda aregi\u00e3o. Com conte\u00fado atualizado, confi\u00e1vel e relevante, o Ubirat\u00e3 Online \u00e9 o seu espa\u00e7o para ficar por dentro dos principais acontecimentos locais, regionais, Brasil, Mundo e de interesse geral. Nosso compromisso \u00e9 com a verdade, a transpar\u00eancia e o respeito ao leitor.\",\"legalName\":\"UBIRATA ONLINE NOT\u00cdCIAS\",\"foundingDate\":\"2009-01-05\",\"numberOfEmployees\":{\"@type\":\"QuantitativeValue\",\"minValue\":\"1\",\"maxValue\":\"10\"},\"publishingPrinciples\":\"https:\\\/\\\/ubirataonline.com.br\\\/faq\\\/\",\"address\":{\"@id\":\"https:\\\/\\\/ubirataonline.com.br\\\/habitantes-de-perus-em-sp-acusam-fraude-em-audiencia-publica\\\/#local-main-place-address\"},\"geo\":{\"@type\":\"GeoCoordinates\",\"latitude\":\"-24.5361401\",\"longitude\":\"-52.9921776\"},\"telephone\":[\"+5544998308235\"],\"contactPoint\":{\"@type\":\"ContactPoint\",\"email\":\"contato@ubirataonline.com.br\"},\"openingHoursSpecification\":{\"@type\":\"OpeningHoursSpecification\",\"dayOfWeek\":[\"Monday\",\"Tuesday\",\"Wednesday\",\"Thursday\",\"Friday\",\"Saturday\",\"Sunday\"],\"opens\":\"00:00\",\"closes\":\"23:59\"},\"email\":\"contato@ubirataonline.com.br\",\"vatID\":\"47.621.418\\\/0001-80\"},{\"@type\":\"Person\",\"@id\":\"https:\\\/\\\/ubirataonline.com.br\\\/#\\\/schema\\\/person\\\/372f87bbd3fdd79b8556b84c98d0bc1c\",\"name\":\"REDA\u00c7\u00c3O: UBIRAT\u00c3 ONLINE - F\u00c1BIO AUGUSTO CELESTINO\",\"pronouns\":\"Ele\",\"description\":\"Desde 2003 trabalhando com not\u00edcias.\",\"sameAs\":[\"http:\\\/\\\/ubirataoline.com.br\",\"https:\\\/\\\/www.facebook.com\\\/portalubirataonline\",\"https:\\\/\\\/www.instagram.com\\\/ubirataonline_oficial\",\"https:\\\/\\\/x.com\\\/x.com\\\/ubirataonline\"],\"honorificPrefix\":\"Mr.\",\"honorificSuffix\":\"MD\",\"birthDate\":\"1980-06-16\",\"gender\":\"masculino\",\"award\":[\"V\u00e1rios pr\u00eamios de melhor portal da cidade\"],\"jobTitle\":\"Diretor\",\"url\":\"https:\\\/\\\/ubirataonline.com.br\\\/en\\\/author\\\/ubirataonline\\\/\"},{\"@type\":\"PostalAddress\",\"@id\":\"https:\\\/\\\/ubirataonline.com.br\\\/habitantes-de-perus-em-sp-acusam-fraude-em-audiencia-publica\\\/#local-main-place-address\",\"streetAddress\":\"Rua dos Coqueiros, 104 - Bairro Boa Vista, Rua dos Coqueiros, 104 Bairro Boa Vista\",\"addressLocality\":\"UBIRATA\",\"postalCode\":\"85440-000\",\"addressRegion\":\"PR\",\"addressCountry\":\"BR\"},{\"@type\":\"ImageObject\",\"inLanguage\":\"en-US\",\"@id\":\"https:\\\/\\\/ubirataonline.com.br\\\/habitantes-de-perus-em-sp-acusam-fraude-em-audiencia-publica\\\/#local-main-organization-logo\",\"url\":\"https:\\\/\\\/ubirataonline.com.br\\\/wp-content\\\/uploads\\\/2026\\\/06\\\/logoubirataonline-1.webp\",\"contentUrl\":\"https:\\\/\\\/ubirataonline.com.br\\\/wp-content\\\/uploads\\\/2026\\\/06\\\/logoubirataonline-1.webp\",\"width\":500,\"height\":500,\"caption\":\"Ubirat\u00e3 Online Not\u00edcias\"}]}<\/script>\n<meta name=\"geo.placename\" content=\"UBIRATA\" \/>\n<meta name=\"geo.position\" content=\"-24.5361401;-52.9921776\" \/>\n<meta name=\"geo.region\" content=\"Brazil\" \/>\n<!-- \/ Yoast SEO Premium plugin. -->","yoast_head_json":{"title":"Habitantes de Perus, em SP, acusam fraude em audi\u00eancia p\u00fablica - Ubirat\u00e3 Online Not\u00edcias - A realidade ao seu alcance!","description":"Moradores do bairro de Perus, na capital paulista, foram exclu\u00eddos da primeira audi\u00eancia, de car\u00e1ter consultivo, convocada pela prefeitura e pelo governo","robots":{"index":"index","follow":"follow","max-snippet":"max-snippet:-1","max-image-preview":"max-image-preview:large","max-video-preview":"max-video-preview:-1"},"canonical":"https:\/\/ubirataonline.com.br\/en\/habitantes-de-perus-em-sp-acusam-fraude-em-audiencia-publica\/","og_locale":"en_US","og_type":"article","og_title":"Habitantes de Perus, em SP, acusam fraude em audi\u00eancia p\u00fablica","og_description":"Moradores do bairro de Perus, na capital paulista, foram exclu\u00eddos da primeira audi\u00eancia, de car\u00e1ter consultivo, convocada pela prefeitura e pelo governo","og_url":"https:\/\/ubirataonline.com.br\/en\/habitantes-de-perus-em-sp-acusam-fraude-em-audiencia-publica\/","og_site_name":"Ubirat\u00e3 Online Not\u00edcias - A realidade ao seu alcance!","article_publisher":"https:\/\/www.facebook.com\/portalubirataonline","article_author":"https:\/\/www.facebook.com\/portalubirataonline","article_published_time":"2026-04-02T19:04:55+00:00","article_modified_time":"2026-04-02T19:05:08+00:00","og_image":[{"width":1600,"height":800,"url":"https:\/\/ubirataonline.com.br\/wp-content\/uploads\/2026\/04\/Habitantes-de-Perus-em-SP-acusam-fraude-em-audiencia-publica.webp.webp","type":"image\/webp"}],"author":"REDA\u00c7\u00c3O: UBIRAT\u00c3 ONLINE - F\u00c1BIO AUGUSTO CELESTINO","twitter_card":"summary_large_image","twitter_creator":"@x.com\/ubirataonline","twitter_site":"@ubirataonline","twitter_misc":{"Written by":"REDA\u00c7\u00c3O: UBIRAT\u00c3 ONLINE - F\u00c1BIO AUGUSTO CELESTINO","Est. reading time":"7 minutes"},"schema":{"@context":"https:\/\/schema.org","@graph":[{"@type":"NewsArticle","@id":"https:\/\/ubirataonline.com.br\/habitantes-de-perus-em-sp-acusam-fraude-em-audiencia-publica\/#article","isPartOf":{"@id":"https:\/\/ubirataonline.com.br\/habitantes-de-perus-em-sp-acusam-fraude-em-audiencia-publica\/"},"author":{"name":"REDA\u00c7\u00c3O: UBIRAT\u00c3 ONLINE - F\u00c1BIO AUGUSTO CELESTINO","@id":"https:\/\/ubirataonline.com.br\/#\/schema\/person\/372f87bbd3fdd79b8556b84c98d0bc1c"},"headline":"Habitantes de Perus, em SP, acusam fraude em audi\u00eancia p\u00fablica","datePublished":"2026-04-02T19:04:55+00:00","dateModified":"2026-04-02T19:05:08+00:00","mainEntityOfPage":{"@id":"https:\/\/ubirataonline.com.br\/habitantes-de-perus-em-sp-acusam-fraude-em-audiencia-publica\/"},"wordCount":1370,"publisher":{"@id":"https:\/\/ubirataonline.com.br\/#organization"},"image":{"@id":"https:\/\/ubirataonline.com.br\/habitantes-de-perus-em-sp-acusam-fraude-em-audiencia-publica\/#primaryimage"},"thumbnailUrl":"https:\/\/ubirataonline.com.br\/wp-content\/uploads\/2026\/04\/Habitantes-de-Perus-em-SP-acusam-fraude-em-audiencia-publica.webp.webp","keywords":["acusam","Audiencia","Fraude","Habitantes","Perus","p\u00fablica"],"articleSection":["Ubirat\u00e3"],"inLanguage":"en-US","copyrightYear":"2026","copyrightHolder":{"@id":"https:\/\/ubirataonline.com.br\/en\/#organization"}},{"@type":"WebPage","@id":"https:\/\/ubirataonline.com.br\/habitantes-de-perus-em-sp-acusam-fraude-em-audiencia-publica\/","url":"https:\/\/ubirataonline.com.br\/habitantes-de-perus-em-sp-acusam-fraude-em-audiencia-publica\/","name":"Habitantes de Perus, em SP, acusam fraude em audi\u00eancia p\u00fablica - Ubirat\u00e3 Online Not\u00edcias - A realidade ao seu alcance!","isPartOf":{"@id":"https:\/\/ubirataonline.com.br\/#website"},"primaryImageOfPage":{"@id":"https:\/\/ubirataonline.com.br\/habitantes-de-perus-em-sp-acusam-fraude-em-audiencia-publica\/#primaryimage"},"image":{"@id":"https:\/\/ubirataonline.com.br\/habitantes-de-perus-em-sp-acusam-fraude-em-audiencia-publica\/#primaryimage"},"thumbnailUrl":"https:\/\/ubirataonline.com.br\/wp-content\/uploads\/2026\/04\/Habitantes-de-Perus-em-SP-acusam-fraude-em-audiencia-publica.webp.webp","datePublished":"2026-04-02T19:04:55+00:00","dateModified":"2026-04-02T19:05:08+00:00","description":"Moradores do bairro de Perus, na capital paulista, foram exclu\u00eddos da primeira audi\u00eancia, de car\u00e1ter consultivo, convocada pela prefeitura e pelo governo","breadcrumb":{"@id":"https:\/\/ubirataonline.com.br\/habitantes-de-perus-em-sp-acusam-fraude-em-audiencia-publica\/#breadcrumb"},"inLanguage":"en-US","potentialAction":[{"@type":"ReadAction","target":["https:\/\/ubirataonline.com.br\/habitantes-de-perus-em-sp-acusam-fraude-em-audiencia-publica\/"]}]},{"@type":"ImageObject","inLanguage":"en-US","@id":"https:\/\/ubirataonline.com.br\/habitantes-de-perus-em-sp-acusam-fraude-em-audiencia-publica\/#primaryimage","url":"https:\/\/ubirataonline.com.br\/wp-content\/uploads\/2026\/04\/Habitantes-de-Perus-em-SP-acusam-fraude-em-audiencia-publica.webp.webp","contentUrl":"https:\/\/ubirataonline.com.br\/wp-content\/uploads\/2026\/04\/Habitantes-de-Perus-em-SP-acusam-fraude-em-audiencia-publica.webp.webp","width":1600,"height":800,"caption":""},{"@type":"BreadcrumbList","@id":"https:\/\/ubirataonline.com.br\/habitantes-de-perus-em-sp-acusam-fraude-em-audiencia-publica\/#breadcrumb","itemListElement":[{"@type":"ListItem","position":1,"name":"In\u00edcio","item":"https:\/\/ubirataonline.com.br\/"},{"@type":"ListItem","position":2,"name":"Habitantes de Perus, em SP, acusam fraude em audi\u00eancia p\u00fablica"}]},{"@type":"WebSite","@id":"https:\/\/ubirataonline.com.br\/#website","url":"https:\/\/ubirataonline.com.br\/","name":"Ubirat\u00e3 Online Not\u00edcias","description":"Not\u00edcias de Ubirat\u00e3, regi\u00e3o, Brasil e mundo, com informa\u00e7\u00e3o atualizada e compromisso com o leitor.","publisher":{"@id":"https:\/\/ubirataonline.com.br\/#organization"},"alternateName":"Ubirat\u00e3 Online","potentialAction":[{"@type":"SearchAction","target":{"@type":"EntryPoint","urlTemplate":"https:\/\/ubirataonline.com.br\/?s={search_term_string}"},"query-input":{"@type":"PropertyValueSpecification","valueRequired":true,"valueName":"search_term_string"}}],"inLanguage":"en-US"},{"@type":["Organization","Place"],"@id":"https:\/\/ubirataonline.com.br\/#organization","name":"Ubirat\u00e3 Online Not\u00edcias","alternateName":"Ubirat\u00e3 Online","url":"https:\/\/ubirataonline.com.br\/","logo":{"@id":"https:\/\/ubirataonline.com.br\/habitantes-de-perus-em-sp-acusam-fraude-em-audiencia-publica\/#local-main-organization-logo"},"image":{"@id":"https:\/\/ubirataonline.com.br\/habitantes-de-perus-em-sp-acusam-fraude-em-audiencia-publica\/#local-main-organization-logo"},"sameAs":["https:\/\/www.facebook.com\/portalubirataonline","https:\/\/x.com\/ubirataonline","https:\/\/mastodon.social\/@ubirataonline","https:\/\/www.facebook.com\/groups\/311144672285604","https:\/\/www.facebook.com\/UBTAOnline","https:\/\/www.instagram.com\/portalubirataonline\/","https:\/\/twitter.com\/ubirataonline"],"description":"Somos um portal de not\u00edcias independente, criado em 5 de janeiro de 2009, com o objetivo de informar, conectar e valorizar a nossa comunidade de Ubirat\u00e3 e toda aregi\u00e3o. Com conte\u00fado atualizado, confi\u00e1vel e relevante, o Ubirat\u00e3 Online \u00e9 o seu espa\u00e7o para ficar por dentro dos principais acontecimentos locais, regionais, Brasil, Mundo e de interesse geral. Nosso compromisso \u00e9 com a verdade, a transpar\u00eancia e o respeito ao leitor.","legalName":"UBIRATA ONLINE NOT\u00cdCIAS","foundingDate":"2009-01-05","numberOfEmployees":{"@type":"QuantitativeValue","minValue":"1","maxValue":"10"},"publishingPrinciples":"https:\/\/ubirataonline.com.br\/faq\/","address":{"@id":"https:\/\/ubirataonline.com.br\/habitantes-de-perus-em-sp-acusam-fraude-em-audiencia-publica\/#local-main-place-address"},"geo":{"@type":"GeoCoordinates","latitude":"-24.5361401","longitude":"-52.9921776"},"telephone":["+5544998308235"],"contactPoint":{"@type":"ContactPoint","email":"contato@ubirataonline.com.br"},"openingHoursSpecification":{"@type":"OpeningHoursSpecification","dayOfWeek":["Monday","Tuesday","Wednesday","Thursday","Friday","Saturday","Sunday"],"opens":"00:00","closes":"23:59"},"email":"contato@ubirataonline.com.br","vatID":"47.621.418\/0001-80"},{"@type":"Person","@id":"https:\/\/ubirataonline.com.br\/#\/schema\/person\/372f87bbd3fdd79b8556b84c98d0bc1c","name":"REDA\u00c7\u00c3O: UBIRAT\u00c3 ONLINE - F\u00c1BIO AUGUSTO CELESTINO","pronouns":"Ele","description":"Desde 2003 trabalhando com not\u00edcias.","sameAs":["http:\/\/ubirataoline.com.br","https:\/\/www.facebook.com\/portalubirataonline","https:\/\/www.instagram.com\/ubirataonline_oficial","https:\/\/x.com\/x.com\/ubirataonline"],"honorificPrefix":"Mr.","honorificSuffix":"MD","birthDate":"1980-06-16","gender":"masculino","award":["V\u00e1rios pr\u00eamios de melhor portal da cidade"],"jobTitle":"Diretor","url":"https:\/\/ubirataonline.com.br\/en\/author\/ubirataonline\/"},{"@type":"PostalAddress","@id":"https:\/\/ubirataonline.com.br\/habitantes-de-perus-em-sp-acusam-fraude-em-audiencia-publica\/#local-main-place-address","streetAddress":"Rua dos Coqueiros, 104 - Bairro Boa Vista, Rua dos Coqueiros, 104 Bairro Boa Vista","addressLocality":"UBIRATA","postalCode":"85440-000","addressRegion":"PR","addressCountry":"BR"},{"@type":"ImageObject","inLanguage":"en-US","@id":"https:\/\/ubirataonline.com.br\/habitantes-de-perus-em-sp-acusam-fraude-em-audiencia-publica\/#local-main-organization-logo","url":"https:\/\/ubirataonline.com.br\/wp-content\/uploads\/2026\/06\/logoubirataonline-1.webp","contentUrl":"https:\/\/ubirataonline.com.br\/wp-content\/uploads\/2026\/06\/logoubirataonline-1.webp","width":500,"height":500,"caption":"Ubirat\u00e3 Online Not\u00edcias"}]},"geo.placename":"UBIRATA","geo.position":{"lat":"-24.5361401","long":"-52.9921776"},"geo.region":"Brazil"},"_links":{"self":[{"href":"https:\/\/ubirataonline.com.br\/en\/wp-json\/wp\/v2\/posts\/98944","targetHints":{"allow":["GET"]}}],"collection":[{"href":"https:\/\/ubirataonline.com.br\/en\/wp-json\/wp\/v2\/posts"}],"about":[{"href":"https:\/\/ubirataonline.com.br\/en\/wp-json\/wp\/v2\/types\/post"}],"author":[{"embeddable":true,"href":"https:\/\/ubirataonline.com.br\/en\/wp-json\/wp\/v2\/users\/1"}],"replies":[{"embeddable":true,"href":"https:\/\/ubirataonline.com.br\/en\/wp-json\/wp\/v2\/comments?post=98944"}],"version-history":[{"count":0,"href":"https:\/\/ubirataonline.com.br\/en\/wp-json\/wp\/v2\/posts\/98944\/revisions"}],"wp:featuredmedia":[{"embeddable":true,"href":"https:\/\/ubirataonline.com.br\/en\/wp-json\/wp\/v2\/media\/98945"}],"wp:attachment":[{"href":"https:\/\/ubirataonline.com.br\/en\/wp-json\/wp\/v2\/media?parent=98944"}],"wp:term":[{"taxonomy":"category","embeddable":true,"href":"https:\/\/ubirataonline.com.br\/en\/wp-json\/wp\/v2\/categories?post=98944"},{"taxonomy":"post_tag","embeddable":true,"href":"https:\/\/ubirataonline.com.br\/en\/wp-json\/wp\/v2\/tags?post=98944"}],"curies":[{"name":"wp","href":"https:\/\/api.w.org\/{rel}","templated":true}]}}