{"id":98947,"date":"2026-04-02T16:22:47","date_gmt":"2026-04-02T19:22:47","guid":{"rendered":"https:\/\/ubirataonline.com.br\/ze-felipe-tem-razao-pai-pode-barrar-viagens-dos-filhos-com-a-mae\/"},"modified":"2026-04-02T16:22:50","modified_gmt":"2026-04-02T19:22:50","slug":"ze-felipe-tem-razao-pai-pode-barrar-viagens-dos-filhos-com-a-mae","status":"publish","type":"post","link":"https:\/\/ubirataonline.com.br\/en\/ze-felipe-tem-razao-pai-pode-barrar-viagens-dos-filhos-com-a-mae\/","title":{"rendered":"Z\u00e9 Felipe tem raz\u00e3o? Pai pode barrar viagens dos filhos com a m\u00e3e?"},"content":{"rendered":"<p><\/p>\n<div data-v-232111b4=\"\" data-v-a69b1d60=\"\"><!----><\/p>\n<h2 class=\"bullet mt-0\" data-v-232111b4=\"\">Existe diferen\u00e7a entre viagens nacionais e internacionais nesse tipo de decis\u00e3o?<\/h2>\n<p><!----><\/p>\n<p class=\"bullet\" data-v-232111b4=\"\"><span class=\"topicText\"><strong>As regras ditadas pelo ECA (Estatuto da Crian\u00e7a e do Adolescente) mudam conforme o destino.<\/strong> Para trajetos nacionais, n\u00e3o \u00e9 necess\u00e1ria a autoriza\u00e7\u00e3o do outro respons\u00e1vel, bastando o bom senso e o respeito ao acordo de conviv\u00eancia.<\/span><\/p>\n<p><!----><\/p>\n<p class=\"bullet\" data-v-232111b4=\"\"><span class=\"topicText\"><strong>Viagens internacionais exigem autoriza\u00e7\u00e3o expressa e com firma reconhecida de ambos os pais.<\/strong> Associada ao IDBFAM (Instituto Brasileiro de Direito de Fam\u00edlia), Danielle Biazi refor\u00e7a que a permiss\u00e3o deve constar at\u00e9 no passaporte.<\/span><\/p>\n<p><!----><\/p>\n<p class=\"bullet\" data-v-232111b4=\"\"><cite>Em caso de discord\u00e2ncia entre os pais, n\u00e3o prevalece automaticamente a vontade de um sobre o outro. Nessas situa\u00e7\u00f5es, \u00e9 poss\u00edvel requerer a autoriza\u00e7\u00e3o. Assim, se houver recusa abusiva ou injustificada por parte de um dos genitores, o outro poder\u00e1 recorrer ao Judici\u00e1rio, cabendo ao juiz analisar o caso concreto e, se for o caso, autorizar a viagem.<\/cite> <strong>Danielle Biazi<\/strong><\/p>\n<p><!----><\/p>\n<p class=\"bullet\" data-v-232111b4=\"\"><span class=\"topicText\"><strong>Se houver recusa injustificada, o pai ou a m\u00e3e pode entrar na Justi\u00e7a.<\/strong> O juiz analisa os motivos e pode emitir um alvar\u00e1 na a\u00e7\u00e3o de autoriza\u00e7\u00e3o judicial, permitindo o embarque.<\/span><\/p>\n<p><!----><\/p>\n<p class=\"bullet\" data-v-232111b4=\"\"><span class=\"topicText\"><strong>O Judici\u00e1rio pode intervir se as viagens frequentes prejudicarem os direitos essenciais da crian\u00e7a.<\/strong> Altera\u00e7\u00f5es no sono de crian\u00e7as pequenas, faltas escolares ou danos \u00e0 conviv\u00eancia familiar justificam restri\u00e7\u00f5es impostas pelo juiz.<\/span><\/p>\n<p><!----><!----><\/div>\n<p><a href=\"https:\/\/www.uol.com.br\/splash\/noticias\/2026\/04\/01\/ze-felipe-tem-razao-pai-pode-barrar-viagens-dos-filhos-com-a-mae.ghtm\">Fonte do Artigo <\/a><\/p>","protected":false},"excerpt":{"rendered":"<p>Existe diferen\u00e7a entre viagens nacionais e internacionais nesse tipo de decis\u00e3o? As regras ditadas pelo ECA (Estatuto da Crian\u00e7a e do Adolescente) mudam conforme o destino. Para trajetos nacionais, n\u00e3o \u00e9 necess\u00e1ria a autoriza\u00e7\u00e3o do outro respons\u00e1vel, bastando o bom senso e o respeito ao acordo de conviv\u00eancia. Viagens internacionais exigem autoriza\u00e7\u00e3o expressa e com [&hellip;]<\/p>\n","protected":false},"author":1,"featured_media":98948,"comment_status":"closed","ping_status":"","sticky":false,"template":"","format":"standard","meta":{"googlesitekit_rrm_CAow2JLhCw:productID":"","_gspb_post_css":"","maa_idioma":"","maa_pais":"","footnotes":""},"categories":[4],"tags":[20230,3113,10712,3907,274,7288,3191,5247,3208,1925,10711],"class_list":["post-98947","post","type-post","status-publish","format-standard","has-post-thumbnail","hentry","category-brasil","tag-barrar","tag-dos","tag-felipe","tag-filhos","tag-mae","tag-pai","tag-pode","tag-razao","tag-tem","tag-viagens","tag-ze"],"blocksy_meta":[],"yoast_head":"<!-- This site is optimized with the Yoast SEO Premium plugin v27.6 (Yoast SEO v27.6) - https:\/\/yoast.com\/product\/yoast-seo-premium-wordpress\/ -->\n<title>Z\u00e9 Felipe tem raz\u00e3o? Pai pode barrar viagens dos filhos com a m\u00e3e? - Ubirat\u00e3 Online Not\u00edcias - A realidade ao seu alcance!<\/title>\n<meta name=\"description\" content=\"Existe diferen\u00e7a entre viagens nacionais e internacionais nesse tipo de decis\u00e3o?As regras ditadas pelo ECA (Estatuto da Crian\u00e7a e do Adolescente) mudam\" \/>\n<meta name=\"robots\" content=\"index, follow, max-snippet:-1, max-image-preview:large, max-video-preview:-1\" \/>\n<link rel=\"canonical\" href=\"https:\/\/ubirataonline.com.br\/en\/ze-felipe-tem-razao-pai-pode-barrar-viagens-dos-filhos-com-a-mae\/\" \/>\n<meta property=\"og:locale\" content=\"en_US\" \/>\n<meta property=\"og:type\" content=\"article\" \/>\n<meta property=\"og:title\" content=\"Z\u00e9 Felipe tem raz\u00e3o? Pai pode barrar viagens dos filhos com a m\u00e3e?\" \/>\n<meta property=\"og:description\" content=\"Existe diferen\u00e7a entre viagens nacionais e internacionais nesse tipo de decis\u00e3o?As regras ditadas pelo ECA (Estatuto da Crian\u00e7a e do Adolescente) mudam\" \/>\n<meta property=\"og:url\" content=\"https:\/\/ubirataonline.com.br\/en\/ze-felipe-tem-razao-pai-pode-barrar-viagens-dos-filhos-com-a-mae\/\" \/>\n<meta property=\"og:site_name\" content=\"Ubirat\u00e3 Online Not\u00edcias - A realidade ao seu alcance!\" \/>\n<meta property=\"article:publisher\" content=\"https:\/\/www.facebook.com\/portalubirataonline\" \/>\n<meta property=\"article:author\" content=\"https:\/\/www.facebook.com\/portalubirataonline\" \/>\n<meta property=\"article:published_time\" content=\"2026-04-02T19:22:47+00:00\" \/>\n<meta property=\"article:modified_time\" content=\"2026-04-02T19:22:50+00:00\" \/>\n<meta property=\"og:image\" content=\"https:\/\/ubirataonline.com.br\/wp-content\/uploads\/2026\/04\/Ze-Felipe-tem-razao-Pai-pode-barrar-viagens-dos-filhos.jpg\" \/>\n\t<meta property=\"og:image:width\" content=\"615\" \/>\n\t<meta property=\"og:image:height\" content=\"300\" \/>\n\t<meta property=\"og:image:type\" content=\"image\/jpeg\" \/>\n<meta name=\"author\" content=\"REDA\u00c7\u00c3O: UBIRAT\u00c3 ONLINE - F\u00c1BIO AUGUSTO CELESTINO\" \/>\n<meta name=\"twitter:card\" content=\"summary_large_image\" \/>\n<meta name=\"twitter:creator\" content=\"@x.com\/ubirataonline\" \/>\n<meta name=\"twitter:site\" content=\"@ubirataonline\" \/>\n<meta name=\"twitter:label1\" content=\"Written by\" \/>\n\t<meta name=\"twitter:data1\" content=\"REDA\u00c7\u00c3O: UBIRAT\u00c3 ONLINE - F\u00c1BIO AUGUSTO CELESTINO\" \/>\n\t<meta name=\"twitter:label2\" content=\"Est. reading time\" \/>\n\t<meta name=\"twitter:data2\" content=\"1 minute\" \/>\n<script type=\"application\/ld+json\" class=\"yoast-schema-graph\">{\"@context\":\"https:\\\/\\\/schema.org\",\"@graph\":[{\"@type\":\"NewsArticle\",\"@id\":\"https:\\\/\\\/ubirataonline.com.br\\\/ze-felipe-tem-razao-pai-pode-barrar-viagens-dos-filhos-com-a-mae\\\/#article\",\"isPartOf\":{\"@id\":\"https:\\\/\\\/ubirataonline.com.br\\\/ze-felipe-tem-razao-pai-pode-barrar-viagens-dos-filhos-com-a-mae\\\/\"},\"author\":{\"name\":\"REDA\u00c7\u00c3O: UBIRAT\u00c3 ONLINE - F\u00c1BIO AUGUSTO CELESTINO\",\"@id\":\"https:\\\/\\\/ubirataonline.com.br\\\/#\\\/schema\\\/person\\\/372f87bbd3fdd79b8556b84c98d0bc1c\"},\"headline\":\"Z\u00e9 Felipe tem raz\u00e3o? Pai pode barrar viagens dos filhos com a m\u00e3e?\",\"datePublished\":\"2026-04-02T19:22:47+00:00\",\"dateModified\":\"2026-04-02T19:22:50+00:00\",\"mainEntityOfPage\":{\"@id\":\"https:\\\/\\\/ubirataonline.com.br\\\/ze-felipe-tem-razao-pai-pode-barrar-viagens-dos-filhos-com-a-mae\\\/\"},\"wordCount\":247,\"publisher\":{\"@id\":\"https:\\\/\\\/ubirataonline.com.br\\\/#organization\"},\"image\":{\"@id\":\"https:\\\/\\\/ubirataonline.com.br\\\/ze-felipe-tem-razao-pai-pode-barrar-viagens-dos-filhos-com-a-mae\\\/#primaryimage\"},\"thumbnailUrl\":\"https:\\\/\\\/ubirataonline.com.br\\\/wp-content\\\/uploads\\\/2026\\\/04\\\/Ze-Felipe-tem-razao-Pai-pode-barrar-viagens-dos-filhos.jpg\",\"keywords\":[\"barrar\",\"dos\",\"Felipe\",\"filhos\",\"m\u00e3e\",\"pai\",\"pode\",\"raz\u00e3o\",\"tem\",\"Viagens\",\"Z\u00e9\"],\"articleSection\":[\"Brasil\"],\"inLanguage\":\"en-US\",\"copyrightYear\":\"2026\",\"copyrightHolder\":{\"@id\":\"https:\\\/\\\/ubirataonline.com.br\\\/en\\\/#organization\"}},{\"@type\":\"WebPage\",\"@id\":\"https:\\\/\\\/ubirataonline.com.br\\\/ze-felipe-tem-razao-pai-pode-barrar-viagens-dos-filhos-com-a-mae\\\/\",\"url\":\"https:\\\/\\\/ubirataonline.com.br\\\/ze-felipe-tem-razao-pai-pode-barrar-viagens-dos-filhos-com-a-mae\\\/\",\"name\":\"Z\u00e9 Felipe tem raz\u00e3o? Pai pode barrar viagens dos filhos com a m\u00e3e? - Ubirat\u00e3 Online Not\u00edcias - A realidade ao seu alcance!\",\"isPartOf\":{\"@id\":\"https:\\\/\\\/ubirataonline.com.br\\\/#website\"},\"primaryImageOfPage\":{\"@id\":\"https:\\\/\\\/ubirataonline.com.br\\\/ze-felipe-tem-razao-pai-pode-barrar-viagens-dos-filhos-com-a-mae\\\/#primaryimage\"},\"image\":{\"@id\":\"https:\\\/\\\/ubirataonline.com.br\\\/ze-felipe-tem-razao-pai-pode-barrar-viagens-dos-filhos-com-a-mae\\\/#primaryimage\"},\"thumbnailUrl\":\"https:\\\/\\\/ubirataonline.com.br\\\/wp-content\\\/uploads\\\/2026\\\/04\\\/Ze-Felipe-tem-razao-Pai-pode-barrar-viagens-dos-filhos.jpg\",\"datePublished\":\"2026-04-02T19:22:47+00:00\",\"dateModified\":\"2026-04-02T19:22:50+00:00\",\"description\":\"Existe diferen\u00e7a entre viagens nacionais e internacionais nesse tipo de decis\u00e3o?As regras ditadas pelo ECA (Estatuto da Crian\u00e7a e do Adolescente) mudam\",\"breadcrumb\":{\"@id\":\"https:\\\/\\\/ubirataonline.com.br\\\/ze-felipe-tem-razao-pai-pode-barrar-viagens-dos-filhos-com-a-mae\\\/#breadcrumb\"},\"inLanguage\":\"en-US\",\"potentialAction\":[{\"@type\":\"ReadAction\",\"target\":[\"https:\\\/\\\/ubirataonline.com.br\\\/ze-felipe-tem-razao-pai-pode-barrar-viagens-dos-filhos-com-a-mae\\\/\"]}]},{\"@type\":\"ImageObject\",\"inLanguage\":\"en-US\",\"@id\":\"https:\\\/\\\/ubirataonline.com.br\\\/ze-felipe-tem-razao-pai-pode-barrar-viagens-dos-filhos-com-a-mae\\\/#primaryimage\",\"url\":\"https:\\\/\\\/ubirataonline.com.br\\\/wp-content\\\/uploads\\\/2026\\\/04\\\/Ze-Felipe-tem-razao-Pai-pode-barrar-viagens-dos-filhos.jpg\",\"contentUrl\":\"https:\\\/\\\/ubirataonline.com.br\\\/wp-content\\\/uploads\\\/2026\\\/04\\\/Ze-Felipe-tem-razao-Pai-pode-barrar-viagens-dos-filhos.jpg\",\"width\":615,\"height\":300,\"caption\":\"Z\u00e9 Felipe tem raz\u00e3o? Pai pode barrar viagens dos filhos com a m\u00e3e?\"},{\"@type\":\"BreadcrumbList\",\"@id\":\"https:\\\/\\\/ubirataonline.com.br\\\/ze-felipe-tem-razao-pai-pode-barrar-viagens-dos-filhos-com-a-mae\\\/#breadcrumb\",\"itemListElement\":[{\"@type\":\"ListItem\",\"position\":1,\"name\":\"In\u00edcio\",\"item\":\"https:\\\/\\\/ubirataonline.com.br\\\/\"},{\"@type\":\"ListItem\",\"position\":2,\"name\":\"Z\u00e9 Felipe tem raz\u00e3o? Pai pode barrar viagens dos filhos com a m\u00e3e?\"}]},{\"@type\":\"WebSite\",\"@id\":\"https:\\\/\\\/ubirataonline.com.br\\\/#website\",\"url\":\"https:\\\/\\\/ubirataonline.com.br\\\/\",\"name\":\"Ubirat\u00e3 Online Not\u00edcias\",\"description\":\"Not\u00edcias de Ubirat\u00e3, regi\u00e3o, Brasil e mundo, com informa\u00e7\u00e3o atualizada e compromisso com o leitor.\",\"publisher\":{\"@id\":\"https:\\\/\\\/ubirataonline.com.br\\\/#organization\"},\"alternateName\":\"Ubirat\u00e3 Online\",\"potentialAction\":[{\"@type\":\"SearchAction\",\"target\":{\"@type\":\"EntryPoint\",\"urlTemplate\":\"https:\\\/\\\/ubirataonline.com.br\\\/?s={search_term_string}\"},\"query-input\":{\"@type\":\"PropertyValueSpecification\",\"valueRequired\":true,\"valueName\":\"search_term_string\"}}],\"inLanguage\":\"en-US\"},{\"@type\":[\"Organization\",\"Place\"],\"@id\":\"https:\\\/\\\/ubirataonline.com.br\\\/#organization\",\"name\":\"Ubirat\u00e3 Online Not\u00edcias\",\"alternateName\":\"Ubirat\u00e3 Online\",\"url\":\"https:\\\/\\\/ubirataonline.com.br\\\/\",\"logo\":{\"@id\":\"https:\\\/\\\/ubirataonline.com.br\\\/ze-felipe-tem-razao-pai-pode-barrar-viagens-dos-filhos-com-a-mae\\\/#local-main-organization-logo\"},\"image\":{\"@id\":\"https:\\\/\\\/ubirataonline.com.br\\\/ze-felipe-tem-razao-pai-pode-barrar-viagens-dos-filhos-com-a-mae\\\/#local-main-organization-logo\"},\"sameAs\":[\"https:\\\/\\\/www.facebook.com\\\/portalubirataonline\",\"https:\\\/\\\/x.com\\\/ubirataonline\",\"https:\\\/\\\/mastodon.social\\\/@ubirataonline\",\"https:\\\/\\\/www.facebook.com\\\/groups\\\/311144672285604\",\"https:\\\/\\\/www.facebook.com\\\/UBTAOnline\",\"https:\\\/\\\/www.instagram.com\\\/portalubirataonline\\\/\",\"https:\\\/\\\/twitter.com\\\/ubirataonline\"],\"description\":\"Somos um portal de not\u00edcias independente, criado em 5 de janeiro de 2009, com o objetivo de informar, conectar e valorizar a nossa comunidade de Ubirat\u00e3 e toda aregi\u00e3o. Com conte\u00fado atualizado, confi\u00e1vel e relevante, o Ubirat\u00e3 Online \u00e9 o seu espa\u00e7o para ficar por dentro dos principais acontecimentos locais, regionais, Brasil, Mundo e de interesse geral. Nosso compromisso \u00e9 com a verdade, a transpar\u00eancia e o respeito ao leitor.\",\"legalName\":\"UBIRATA ONLINE NOT\u00cdCIAS\",\"foundingDate\":\"2009-01-05\",\"numberOfEmployees\":{\"@type\":\"QuantitativeValue\",\"minValue\":\"1\",\"maxValue\":\"10\"},\"publishingPrinciples\":\"https:\\\/\\\/ubirataonline.com.br\\\/faq\\\/\",\"address\":{\"@id\":\"https:\\\/\\\/ubirataonline.com.br\\\/ze-felipe-tem-razao-pai-pode-barrar-viagens-dos-filhos-com-a-mae\\\/#local-main-place-address\"},\"geo\":{\"@type\":\"GeoCoordinates\",\"latitude\":\"-24.5361401\",\"longitude\":\"-52.9921776\"},\"telephone\":[\"+5544998308235\"],\"contactPoint\":{\"@type\":\"ContactPoint\",\"email\":\"contato@ubirataonline.com.br\"},\"openingHoursSpecification\":{\"@type\":\"OpeningHoursSpecification\",\"dayOfWeek\":[\"Monday\",\"Tuesday\",\"Wednesday\",\"Thursday\",\"Friday\",\"Saturday\",\"Sunday\"],\"opens\":\"00:00\",\"closes\":\"23:59\"},\"email\":\"contato@ubirataonline.com.br\",\"vatID\":\"47.621.418\\\/0001-80\"},{\"@type\":\"Person\",\"@id\":\"https:\\\/\\\/ubirataonline.com.br\\\/#\\\/schema\\\/person\\\/372f87bbd3fdd79b8556b84c98d0bc1c\",\"name\":\"REDA\u00c7\u00c3O: UBIRAT\u00c3 ONLINE - F\u00c1BIO AUGUSTO CELESTINO\",\"pronouns\":\"Ele\",\"description\":\"Desde 2003 trabalhando com not\u00edcias.\",\"sameAs\":[\"http:\\\/\\\/ubirataoline.com.br\",\"https:\\\/\\\/www.facebook.com\\\/portalubirataonline\",\"https:\\\/\\\/www.instagram.com\\\/ubirataonline_oficial\",\"https:\\\/\\\/x.com\\\/x.com\\\/ubirataonline\"],\"honorificPrefix\":\"Mr.\",\"honorificSuffix\":\"MD\",\"birthDate\":\"1980-06-16\",\"gender\":\"masculino\",\"award\":[\"V\u00e1rios pr\u00eamios de melhor portal da cidade\"],\"jobTitle\":\"Diretor\",\"url\":\"https:\\\/\\\/ubirataonline.com.br\\\/en\\\/author\\\/ubirataonline\\\/\"},{\"@type\":\"PostalAddress\",\"@id\":\"https:\\\/\\\/ubirataonline.com.br\\\/ze-felipe-tem-razao-pai-pode-barrar-viagens-dos-filhos-com-a-mae\\\/#local-main-place-address\",\"streetAddress\":\"Rua dos Coqueiros, 104 - Bairro Boa Vista, Rua dos Coqueiros, 104 Bairro Boa Vista\",\"addressLocality\":\"UBIRATA\",\"postalCode\":\"85440-000\",\"addressRegion\":\"PR\",\"addressCountry\":\"BR\"},{\"@type\":\"ImageObject\",\"inLanguage\":\"en-US\",\"@id\":\"https:\\\/\\\/ubirataonline.com.br\\\/ze-felipe-tem-razao-pai-pode-barrar-viagens-dos-filhos-com-a-mae\\\/#local-main-organization-logo\",\"url\":\"https:\\\/\\\/ubirataonline.com.br\\\/wp-content\\\/uploads\\\/2026\\\/06\\\/logoubirataonline-1.webp\",\"contentUrl\":\"https:\\\/\\\/ubirataonline.com.br\\\/wp-content\\\/uploads\\\/2026\\\/06\\\/logoubirataonline-1.webp\",\"width\":500,\"height\":500,\"caption\":\"Ubirat\u00e3 Online Not\u00edcias\"}]}<\/script>\n<meta name=\"geo.placename\" content=\"UBIRATA\" \/>\n<meta name=\"geo.position\" content=\"-24.5361401;-52.9921776\" \/>\n<meta name=\"geo.region\" content=\"Brazil\" \/>\n<!-- \/ Yoast SEO Premium plugin. -->","yoast_head_json":{"title":"Z\u00e9 Felipe tem raz\u00e3o? Pai pode barrar viagens dos filhos com a m\u00e3e? - Ubirat\u00e3 Online Not\u00edcias - A realidade ao seu alcance!","description":"Existe diferen\u00e7a entre viagens nacionais e internacionais nesse tipo de decis\u00e3o?As regras ditadas pelo ECA (Estatuto da Crian\u00e7a e do Adolescente) mudam","robots":{"index":"index","follow":"follow","max-snippet":"max-snippet:-1","max-image-preview":"max-image-preview:large","max-video-preview":"max-video-preview:-1"},"canonical":"https:\/\/ubirataonline.com.br\/en\/ze-felipe-tem-razao-pai-pode-barrar-viagens-dos-filhos-com-a-mae\/","og_locale":"en_US","og_type":"article","og_title":"Z\u00e9 Felipe tem raz\u00e3o? Pai pode barrar viagens dos filhos com a m\u00e3e?","og_description":"Existe diferen\u00e7a entre viagens nacionais e internacionais nesse tipo de decis\u00e3o?As regras ditadas pelo ECA (Estatuto da Crian\u00e7a e do Adolescente) mudam","og_url":"https:\/\/ubirataonline.com.br\/en\/ze-felipe-tem-razao-pai-pode-barrar-viagens-dos-filhos-com-a-mae\/","og_site_name":"Ubirat\u00e3 Online Not\u00edcias - A realidade ao seu alcance!","article_publisher":"https:\/\/www.facebook.com\/portalubirataonline","article_author":"https:\/\/www.facebook.com\/portalubirataonline","article_published_time":"2026-04-02T19:22:47+00:00","article_modified_time":"2026-04-02T19:22:50+00:00","og_image":[{"width":615,"height":300,"url":"https:\/\/ubirataonline.com.br\/wp-content\/uploads\/2026\/04\/Ze-Felipe-tem-razao-Pai-pode-barrar-viagens-dos-filhos.jpg","type":"image\/jpeg"}],"author":"REDA\u00c7\u00c3O: UBIRAT\u00c3 ONLINE - F\u00c1BIO AUGUSTO CELESTINO","twitter_card":"summary_large_image","twitter_creator":"@x.com\/ubirataonline","twitter_site":"@ubirataonline","twitter_misc":{"Written by":"REDA\u00c7\u00c3O: UBIRAT\u00c3 ONLINE - F\u00c1BIO AUGUSTO CELESTINO","Est. reading time":"1 minute"},"schema":{"@context":"https:\/\/schema.org","@graph":[{"@type":"NewsArticle","@id":"https:\/\/ubirataonline.com.br\/ze-felipe-tem-razao-pai-pode-barrar-viagens-dos-filhos-com-a-mae\/#article","isPartOf":{"@id":"https:\/\/ubirataonline.com.br\/ze-felipe-tem-razao-pai-pode-barrar-viagens-dos-filhos-com-a-mae\/"},"author":{"name":"REDA\u00c7\u00c3O: UBIRAT\u00c3 ONLINE - F\u00c1BIO AUGUSTO CELESTINO","@id":"https:\/\/ubirataonline.com.br\/#\/schema\/person\/372f87bbd3fdd79b8556b84c98d0bc1c"},"headline":"Z\u00e9 Felipe tem raz\u00e3o? Pai pode barrar viagens dos filhos com a m\u00e3e?","datePublished":"2026-04-02T19:22:47+00:00","dateModified":"2026-04-02T19:22:50+00:00","mainEntityOfPage":{"@id":"https:\/\/ubirataonline.com.br\/ze-felipe-tem-razao-pai-pode-barrar-viagens-dos-filhos-com-a-mae\/"},"wordCount":247,"publisher":{"@id":"https:\/\/ubirataonline.com.br\/#organization"},"image":{"@id":"https:\/\/ubirataonline.com.br\/ze-felipe-tem-razao-pai-pode-barrar-viagens-dos-filhos-com-a-mae\/#primaryimage"},"thumbnailUrl":"https:\/\/ubirataonline.com.br\/wp-content\/uploads\/2026\/04\/Ze-Felipe-tem-razao-Pai-pode-barrar-viagens-dos-filhos.jpg","keywords":["barrar","dos","Felipe","filhos","m\u00e3e","pai","pode","raz\u00e3o","tem","Viagens","Z\u00e9"],"articleSection":["Brasil"],"inLanguage":"en-US","copyrightYear":"2026","copyrightHolder":{"@id":"https:\/\/ubirataonline.com.br\/en\/#organization"}},{"@type":"WebPage","@id":"https:\/\/ubirataonline.com.br\/ze-felipe-tem-razao-pai-pode-barrar-viagens-dos-filhos-com-a-mae\/","url":"https:\/\/ubirataonline.com.br\/ze-felipe-tem-razao-pai-pode-barrar-viagens-dos-filhos-com-a-mae\/","name":"Z\u00e9 Felipe tem raz\u00e3o? Pai pode barrar viagens dos filhos com a m\u00e3e? - Ubirat\u00e3 Online Not\u00edcias - A realidade ao seu alcance!","isPartOf":{"@id":"https:\/\/ubirataonline.com.br\/#website"},"primaryImageOfPage":{"@id":"https:\/\/ubirataonline.com.br\/ze-felipe-tem-razao-pai-pode-barrar-viagens-dos-filhos-com-a-mae\/#primaryimage"},"image":{"@id":"https:\/\/ubirataonline.com.br\/ze-felipe-tem-razao-pai-pode-barrar-viagens-dos-filhos-com-a-mae\/#primaryimage"},"thumbnailUrl":"https:\/\/ubirataonline.com.br\/wp-content\/uploads\/2026\/04\/Ze-Felipe-tem-razao-Pai-pode-barrar-viagens-dos-filhos.jpg","datePublished":"2026-04-02T19:22:47+00:00","dateModified":"2026-04-02T19:22:50+00:00","description":"Existe diferen\u00e7a entre viagens nacionais e internacionais nesse tipo de decis\u00e3o?As regras ditadas pelo ECA (Estatuto da Crian\u00e7a e do Adolescente) mudam","breadcrumb":{"@id":"https:\/\/ubirataonline.com.br\/ze-felipe-tem-razao-pai-pode-barrar-viagens-dos-filhos-com-a-mae\/#breadcrumb"},"inLanguage":"en-US","potentialAction":[{"@type":"ReadAction","target":["https:\/\/ubirataonline.com.br\/ze-felipe-tem-razao-pai-pode-barrar-viagens-dos-filhos-com-a-mae\/"]}]},{"@type":"ImageObject","inLanguage":"en-US","@id":"https:\/\/ubirataonline.com.br\/ze-felipe-tem-razao-pai-pode-barrar-viagens-dos-filhos-com-a-mae\/#primaryimage","url":"https:\/\/ubirataonline.com.br\/wp-content\/uploads\/2026\/04\/Ze-Felipe-tem-razao-Pai-pode-barrar-viagens-dos-filhos.jpg","contentUrl":"https:\/\/ubirataonline.com.br\/wp-content\/uploads\/2026\/04\/Ze-Felipe-tem-razao-Pai-pode-barrar-viagens-dos-filhos.jpg","width":615,"height":300,"caption":"Z\u00e9 Felipe tem raz\u00e3o? Pai pode barrar viagens dos filhos com a m\u00e3e?"},{"@type":"BreadcrumbList","@id":"https:\/\/ubirataonline.com.br\/ze-felipe-tem-razao-pai-pode-barrar-viagens-dos-filhos-com-a-mae\/#breadcrumb","itemListElement":[{"@type":"ListItem","position":1,"name":"In\u00edcio","item":"https:\/\/ubirataonline.com.br\/"},{"@type":"ListItem","position":2,"name":"Z\u00e9 Felipe tem raz\u00e3o? Pai pode barrar viagens dos filhos com a m\u00e3e?"}]},{"@type":"WebSite","@id":"https:\/\/ubirataonline.com.br\/#website","url":"https:\/\/ubirataonline.com.br\/","name":"Ubirat\u00e3 Online Not\u00edcias","description":"Not\u00edcias de Ubirat\u00e3, regi\u00e3o, Brasil e mundo, com informa\u00e7\u00e3o atualizada e compromisso com o leitor.","publisher":{"@id":"https:\/\/ubirataonline.com.br\/#organization"},"alternateName":"Ubirat\u00e3 Online","potentialAction":[{"@type":"SearchAction","target":{"@type":"EntryPoint","urlTemplate":"https:\/\/ubirataonline.com.br\/?s={search_term_string}"},"query-input":{"@type":"PropertyValueSpecification","valueRequired":true,"valueName":"search_term_string"}}],"inLanguage":"en-US"},{"@type":["Organization","Place"],"@id":"https:\/\/ubirataonline.com.br\/#organization","name":"Ubirat\u00e3 Online Not\u00edcias","alternateName":"Ubirat\u00e3 Online","url":"https:\/\/ubirataonline.com.br\/","logo":{"@id":"https:\/\/ubirataonline.com.br\/ze-felipe-tem-razao-pai-pode-barrar-viagens-dos-filhos-com-a-mae\/#local-main-organization-logo"},"image":{"@id":"https:\/\/ubirataonline.com.br\/ze-felipe-tem-razao-pai-pode-barrar-viagens-dos-filhos-com-a-mae\/#local-main-organization-logo"},"sameAs":["https:\/\/www.facebook.com\/portalubirataonline","https:\/\/x.com\/ubirataonline","https:\/\/mastodon.social\/@ubirataonline","https:\/\/www.facebook.com\/groups\/311144672285604","https:\/\/www.facebook.com\/UBTAOnline","https:\/\/www.instagram.com\/portalubirataonline\/","https:\/\/twitter.com\/ubirataonline"],"description":"Somos um portal de not\u00edcias independente, criado em 5 de janeiro de 2009, com o objetivo de informar, conectar e valorizar a nossa comunidade de Ubirat\u00e3 e toda aregi\u00e3o. Com conte\u00fado atualizado, confi\u00e1vel e relevante, o Ubirat\u00e3 Online \u00e9 o seu espa\u00e7o para ficar por dentro dos principais acontecimentos locais, regionais, Brasil, Mundo e de interesse geral. Nosso compromisso \u00e9 com a verdade, a transpar\u00eancia e o respeito ao leitor.","legalName":"UBIRATA ONLINE NOT\u00cdCIAS","foundingDate":"2009-01-05","numberOfEmployees":{"@type":"QuantitativeValue","minValue":"1","maxValue":"10"},"publishingPrinciples":"https:\/\/ubirataonline.com.br\/faq\/","address":{"@id":"https:\/\/ubirataonline.com.br\/ze-felipe-tem-razao-pai-pode-barrar-viagens-dos-filhos-com-a-mae\/#local-main-place-address"},"geo":{"@type":"GeoCoordinates","latitude":"-24.5361401","longitude":"-52.9921776"},"telephone":["+5544998308235"],"contactPoint":{"@type":"ContactPoint","email":"contato@ubirataonline.com.br"},"openingHoursSpecification":{"@type":"OpeningHoursSpecification","dayOfWeek":["Monday","Tuesday","Wednesday","Thursday","Friday","Saturday","Sunday"],"opens":"00:00","closes":"23:59"},"email":"contato@ubirataonline.com.br","vatID":"47.621.418\/0001-80"},{"@type":"Person","@id":"https:\/\/ubirataonline.com.br\/#\/schema\/person\/372f87bbd3fdd79b8556b84c98d0bc1c","name":"REDA\u00c7\u00c3O: UBIRAT\u00c3 ONLINE - F\u00c1BIO AUGUSTO CELESTINO","pronouns":"Ele","description":"Desde 2003 trabalhando com not\u00edcias.","sameAs":["http:\/\/ubirataoline.com.br","https:\/\/www.facebook.com\/portalubirataonline","https:\/\/www.instagram.com\/ubirataonline_oficial","https:\/\/x.com\/x.com\/ubirataonline"],"honorificPrefix":"Mr.","honorificSuffix":"MD","birthDate":"1980-06-16","gender":"masculino","award":["V\u00e1rios pr\u00eamios de melhor portal da cidade"],"jobTitle":"Diretor","url":"https:\/\/ubirataonline.com.br\/en\/author\/ubirataonline\/"},{"@type":"PostalAddress","@id":"https:\/\/ubirataonline.com.br\/ze-felipe-tem-razao-pai-pode-barrar-viagens-dos-filhos-com-a-mae\/#local-main-place-address","streetAddress":"Rua dos Coqueiros, 104 - Bairro Boa Vista, Rua dos Coqueiros, 104 Bairro Boa Vista","addressLocality":"UBIRATA","postalCode":"85440-000","addressRegion":"PR","addressCountry":"BR"},{"@type":"ImageObject","inLanguage":"en-US","@id":"https:\/\/ubirataonline.com.br\/ze-felipe-tem-razao-pai-pode-barrar-viagens-dos-filhos-com-a-mae\/#local-main-organization-logo","url":"https:\/\/ubirataonline.com.br\/wp-content\/uploads\/2026\/06\/logoubirataonline-1.webp","contentUrl":"https:\/\/ubirataonline.com.br\/wp-content\/uploads\/2026\/06\/logoubirataonline-1.webp","width":500,"height":500,"caption":"Ubirat\u00e3 Online Not\u00edcias"}]},"geo.placename":"UBIRATA","geo.position":{"lat":"-24.5361401","long":"-52.9921776"},"geo.region":"Brazil"},"_links":{"self":[{"href":"https:\/\/ubirataonline.com.br\/en\/wp-json\/wp\/v2\/posts\/98947","targetHints":{"allow":["GET"]}}],"collection":[{"href":"https:\/\/ubirataonline.com.br\/en\/wp-json\/wp\/v2\/posts"}],"about":[{"href":"https:\/\/ubirataonline.com.br\/en\/wp-json\/wp\/v2\/types\/post"}],"author":[{"embeddable":true,"href":"https:\/\/ubirataonline.com.br\/en\/wp-json\/wp\/v2\/users\/1"}],"replies":[{"embeddable":true,"href":"https:\/\/ubirataonline.com.br\/en\/wp-json\/wp\/v2\/comments?post=98947"}],"version-history":[{"count":0,"href":"https:\/\/ubirataonline.com.br\/en\/wp-json\/wp\/v2\/posts\/98947\/revisions"}],"wp:featuredmedia":[{"embeddable":true,"href":"https:\/\/ubirataonline.com.br\/en\/wp-json\/wp\/v2\/media\/98948"}],"wp:attachment":[{"href":"https:\/\/ubirataonline.com.br\/en\/wp-json\/wp\/v2\/media?parent=98947"}],"wp:term":[{"taxonomy":"category","embeddable":true,"href":"https:\/\/ubirataonline.com.br\/en\/wp-json\/wp\/v2\/categories?post=98947"},{"taxonomy":"post_tag","embeddable":true,"href":"https:\/\/ubirataonline.com.br\/en\/wp-json\/wp\/v2\/tags?post=98947"}],"curies":[{"name":"wp","href":"https:\/\/api.w.org\/{rel}","templated":true}]}}