{"id":98959,"date":"2026-04-02T17:40:48","date_gmt":"2026-04-02T20:40:48","guid":{"rendered":"https:\/\/ubirataonline.com.br\/hegseth-ousts-army-chief-of-staff-gen-randy-george\/"},"modified":"2026-04-02T17:40:48","modified_gmt":"2026-04-02T20:40:48","slug":"hegseth-ousts-army-chief-of-staff-gen-randy-george","status":"publish","type":"post","link":"https:\/\/ubirataonline.com.br\/en\/hegseth-ousts-army-chief-of-staff-gen-randy-george\/","title":{"rendered":"Hegseth ousts Army Chief of Staff Gen. Randy George"},"content":{"rendered":"<p><\/p>\n<div id=\"\">\n<p>Defense Secretary Pete Hegseth has asked Army Chief of Staff Gen. Randy George to step down and take immediate retirement, sources familiar with the decision told CBS News.\u00a0<\/p>\n<p>One of the sources said Hegseth wants someone in the role who will implement President Trump and Hegseth&#8217;s vision for the Army.\u00a0<\/p>\n<p>A senior Defense Department official told CBS News, &#8220;We are grateful for his service, but it was time for a leadership change in the Army.&#8221;\u00a0<\/p>\n<p>George previously served as the senior military assistant to Defense Secretary Lloyd Austin from 2021-2022, during the Biden administration, after decades of service. A career infantry officer and West Point graduate, George first served in the first Gulf War and the more recent conflicts of Iraq and Afghanistan.\u00a0<\/p>\n<p>The Army chief of staff typically serves a four-year term. George was nominated for the position by President Joe Biden and confirmed <a href=\"https:\/\/www.congress.gov\/nomination\/118th-congress\/537\/actions\" target=\"_blank\" rel=\"noopener\">by the Senate<\/a> in 2023, meaning he would typically have held the position until 2027.\u00a0<\/p>\n<p>The current vice chief of staff of the Army, Gen. Christopher LaNeve, who was formerly Hegseth&#8217;s military aide, will likely be considered as a replacement. He previously served as the commanding general of the Army&#8217;s 82nd Airborne Division from 2022 to 2023.<\/p>\n<p>The U.S. Military Academy at West Point posted <a href=\"https:\/\/x.com\/westpoint_usma\/status\/2039692474877194303?s=46\" target=\"_blank\" rel=\"noopener\">photos on social media<\/a> on Thursday of George, saying he &#8220;shared experience-driven guidance with cadets preparing to lead&#8221; during a visit.\u00a0<\/p>\n<p>According to his biography on the Army&#8217;s website, George received his commission as an infantry officer from West Point in 1988 and deployed during Operation Desert Shield, Desert Storm, Operation Iraqi Freedom, and Operation Enduring Freedom. Before serving as Army chief of staff, he was vice chief of staff of the Army from 2022 to 2023.\u00a0<\/p>\n<p>Hegseth has fired over a dozen senior military officers, including <span class=\"link\"><a href=\"https:\/\/www.cbsnews.com\/news\/trump-fires-gen-charles-q-brown-as-chair-of-the-joint-chiefs-of-staff-nominates-lt-gen-dan-razin-caine\/\" data-invalid-url-rewritten-http=\"\">Chairman of the Joint Chiefs of Staff Gen. C.Q. Brown<\/a><\/span>, Chief of Naval Operations Adm. Lisa Franchetti, the Air Force Vice Chief of Staff Gen. James Slife and the head of the <span class=\"link\"><a href=\"https:\/\/www.cbsnews.com\/news\/jeffrey-kruse-ousted-as-defense-intelligence-agency-director\/\" data-invalid-url-rewritten-http=\"\">Defense Intelligence Agency Lt. Gen. Jeffrey Kruse<\/a><\/span>.\u00a0<\/p>\n<p>The ouster follows <span class=\"link\"><a href=\"https:\/\/www.cbsnews.com\/news\/apache-helicopters-kid-rock-house-crew-suspended\/\" data-invalid-url-rewritten-http=\"\">Hegseth&#8217;s X post lifting the suspension<\/a><\/span> of the aircrew that flew by Kid Rock&#8217;s house in Nashville last weekend. After the Army announced the suspension of the aviators involved and an administrative review, Hegseth overruled the Army, writing on his personal X account, &#8220;No punishment. No investigation. Carry on, patriots.&#8221;\u00a0<\/p>\n<p>Hegseth&#8217;s decision to ask George to exit wasn&#8217;t related to the helicopter incident, one of the sources said.\u00a0<\/p>\n<section class=\"content__body--footer\">\n<\/section>\n<p>  <!-- data-recirc-source=\"queryly\" --><\/p>\n<aside class=\"component list recirculation component--type-recirculation\">\n<p><h3 class=\"component__title\">More from CBS News<\/h3>\n<\/p>\n<div class=\"component__item-recirc-block\">\n<p><h3 class=\"component__title\">Go deeper with The Free Press<\/h3>\n<\/p><\/div>\n<\/aside>\n<section class=\"content__body--footer\">\n      <!-- tags --><\/p>\n<section class=\"content__tags\">\n<p class=\"content__tags__label\">In:<\/p>\n<\/section>\n<\/section><\/div>\n<p><a href=\"https:\/\/www.cbsnews.com\/news\/hegseth-ousts-army-chief-of-staff-gen-randy-george\/\">Source link <\/a><br \/>\nSee more https:\/\/theglobaltrack.com\/<\/p>","protected":false},"excerpt":{"rendered":"<p>Defense Secretary Pete Hegseth has asked Army Chief of Staff Gen. Randy George to step down and take immediate retirement, sources familiar with the decision told CBS News.\u00a0 One of the sources said Hegseth wants someone in the role who will implement President Trump and Hegseth&#8217;s vision for the Army.\u00a0 A senior Defense Department official [&hellip;]<\/p>\n","protected":false},"author":1,"featured_media":98960,"comment_status":"","ping_status":"","sticky":false,"template":"","format":"standard","meta":{"googlesitekit_rrm_CAow2JLhCw:productID":"","_gspb_post_css":"","maa_idioma":"","maa_pais":"","footnotes":""},"categories":[1],"tags":[6954,12655,11243,3215,7750,19980,16656,4839],"class_list":["post-98959","post","type-post","status-publish","format-standard","has-post-thumbnail","hentry","category-ubirata","tag-army","tag-chief","tag-gen","tag-george","tag-hegseth","tag-ousts","tag-randy","tag-staff"],"blocksy_meta":[],"yoast_head":"<!-- This site is optimized with the Yoast SEO Premium plugin v27.6 (Yoast SEO v27.6) - https:\/\/yoast.com\/product\/yoast-seo-premium-wordpress\/ -->\n<title>Hegseth ousts Army Chief of Staff Gen. Randy George - Ubirat\u00e3 Online Not\u00edcias - A realidade ao seu alcance!<\/title>\n<meta name=\"description\" content=\"One of the sources said Hegseth wants someone in the role who will implement President Trump and Hegseth&amp;#039;s vision for the Army.\" \/>\n<meta name=\"robots\" content=\"index, follow, max-snippet:-1, max-image-preview:large, max-video-preview:-1\" \/>\n<link rel=\"canonical\" href=\"https:\/\/ubirataonline.com.br\/en\/hegseth-ousts-army-chief-of-staff-gen-randy-george\/\" \/>\n<meta property=\"og:locale\" content=\"en_US\" \/>\n<meta property=\"og:type\" content=\"article\" \/>\n<meta property=\"og:title\" content=\"Hegseth ousts Army Chief of Staff Gen. Randy George\" \/>\n<meta property=\"og:description\" content=\"One of the sources said Hegseth wants someone in the role who will implement President Trump and Hegseth&amp;#039;s vision for the Army.\" \/>\n<meta property=\"og:url\" content=\"https:\/\/ubirataonline.com.br\/en\/hegseth-ousts-army-chief-of-staff-gen-randy-george\/\" \/>\n<meta property=\"og:site_name\" content=\"Ubirat\u00e3 Online Not\u00edcias - A realidade ao seu alcance!\" \/>\n<meta property=\"article:publisher\" content=\"https:\/\/www.facebook.com\/portalubirataonline\" \/>\n<meta property=\"article:author\" content=\"https:\/\/www.facebook.com\/portalubirataonline\" \/>\n<meta property=\"article:published_time\" content=\"2026-04-02T20:40:48+00:00\" \/>\n<meta property=\"og:image\" content=\"https:\/\/ubirataonline.com.br\/wp-content\/uploads\/2026\/04\/Hegseth-ousts-Army-Chief-of-Staff-Gen-Randy-George.jpg\" \/>\n\t<meta property=\"og:image:width\" content=\"1200\" \/>\n\t<meta property=\"og:image:height\" content=\"630\" \/>\n\t<meta property=\"og:image:type\" content=\"image\/jpeg\" \/>\n<meta name=\"author\" content=\"REDA\u00c7\u00c3O: UBIRAT\u00c3 ONLINE - F\u00c1BIO AUGUSTO CELESTINO\" \/>\n<meta name=\"twitter:card\" content=\"summary_large_image\" \/>\n<meta name=\"twitter:creator\" content=\"@x.com\/ubirataonline\" \/>\n<meta name=\"twitter:site\" content=\"@ubirataonline\" \/>\n<meta name=\"twitter:label1\" content=\"Written by\" \/>\n\t<meta name=\"twitter:data1\" content=\"REDA\u00c7\u00c3O: UBIRAT\u00c3 ONLINE - F\u00c1BIO AUGUSTO CELESTINO\" \/>\n\t<meta name=\"twitter:label2\" content=\"Est. reading time\" \/>\n\t<meta name=\"twitter:data2\" content=\"2 minutes\" \/>\n<script type=\"application\/ld+json\" class=\"yoast-schema-graph\">{\"@context\":\"https:\\\/\\\/schema.org\",\"@graph\":[{\"@type\":\"NewsArticle\",\"@id\":\"https:\\\/\\\/ubirataonline.com.br\\\/hegseth-ousts-army-chief-of-staff-gen-randy-george\\\/#article\",\"isPartOf\":{\"@id\":\"https:\\\/\\\/ubirataonline.com.br\\\/hegseth-ousts-army-chief-of-staff-gen-randy-george\\\/\"},\"author\":{\"name\":\"REDA\u00c7\u00c3O: UBIRAT\u00c3 ONLINE - F\u00c1BIO AUGUSTO CELESTINO\",\"@id\":\"https:\\\/\\\/ubirataonline.com.br\\\/#\\\/schema\\\/person\\\/372f87bbd3fdd79b8556b84c98d0bc1c\"},\"headline\":\"Hegseth ousts Army Chief of Staff Gen. Randy George\",\"datePublished\":\"2026-04-02T20:40:48+00:00\",\"mainEntityOfPage\":{\"@id\":\"https:\\\/\\\/ubirataonline.com.br\\\/hegseth-ousts-army-chief-of-staff-gen-randy-george\\\/\"},\"wordCount\":437,\"publisher\":{\"@id\":\"https:\\\/\\\/ubirataonline.com.br\\\/#organization\"},\"image\":{\"@id\":\"https:\\\/\\\/ubirataonline.com.br\\\/hegseth-ousts-army-chief-of-staff-gen-randy-george\\\/#primaryimage\"},\"thumbnailUrl\":\"https:\\\/\\\/ubirataonline.com.br\\\/wp-content\\\/uploads\\\/2026\\\/04\\\/Hegseth-ousts-Army-Chief-of-Staff-Gen-Randy-George.jpg\",\"keywords\":[\"Army\",\"chief\",\"Gen\",\"George\",\"Hegseth\",\"ousts\",\"Randy\",\"staff\"],\"articleSection\":[\"Ubirat\u00e3\"],\"inLanguage\":\"en-US\",\"copyrightYear\":\"2026\",\"copyrightHolder\":{\"@id\":\"https:\\\/\\\/ubirataonline.com.br\\\/en\\\/#organization\"}},{\"@type\":\"WebPage\",\"@id\":\"https:\\\/\\\/ubirataonline.com.br\\\/hegseth-ousts-army-chief-of-staff-gen-randy-george\\\/\",\"url\":\"https:\\\/\\\/ubirataonline.com.br\\\/hegseth-ousts-army-chief-of-staff-gen-randy-george\\\/\",\"name\":\"Hegseth ousts Army Chief of Staff Gen. Randy George - Ubirat\u00e3 Online Not\u00edcias - A realidade ao seu alcance!\",\"isPartOf\":{\"@id\":\"https:\\\/\\\/ubirataonline.com.br\\\/#website\"},\"primaryImageOfPage\":{\"@id\":\"https:\\\/\\\/ubirataonline.com.br\\\/hegseth-ousts-army-chief-of-staff-gen-randy-george\\\/#primaryimage\"},\"image\":{\"@id\":\"https:\\\/\\\/ubirataonline.com.br\\\/hegseth-ousts-army-chief-of-staff-gen-randy-george\\\/#primaryimage\"},\"thumbnailUrl\":\"https:\\\/\\\/ubirataonline.com.br\\\/wp-content\\\/uploads\\\/2026\\\/04\\\/Hegseth-ousts-Army-Chief-of-Staff-Gen-Randy-George.jpg\",\"datePublished\":\"2026-04-02T20:40:48+00:00\",\"description\":\"One of the sources said Hegseth wants someone in the role who will implement President Trump and Hegseth&amp;#039;s vision for the Army.\",\"breadcrumb\":{\"@id\":\"https:\\\/\\\/ubirataonline.com.br\\\/hegseth-ousts-army-chief-of-staff-gen-randy-george\\\/#breadcrumb\"},\"inLanguage\":\"en-US\",\"potentialAction\":[{\"@type\":\"ReadAction\",\"target\":[\"https:\\\/\\\/ubirataonline.com.br\\\/hegseth-ousts-army-chief-of-staff-gen-randy-george\\\/\"]}]},{\"@type\":\"ImageObject\",\"inLanguage\":\"en-US\",\"@id\":\"https:\\\/\\\/ubirataonline.com.br\\\/hegseth-ousts-army-chief-of-staff-gen-randy-george\\\/#primaryimage\",\"url\":\"https:\\\/\\\/ubirataonline.com.br\\\/wp-content\\\/uploads\\\/2026\\\/04\\\/Hegseth-ousts-Army-Chief-of-Staff-Gen-Randy-George.jpg\",\"contentUrl\":\"https:\\\/\\\/ubirataonline.com.br\\\/wp-content\\\/uploads\\\/2026\\\/04\\\/Hegseth-ousts-Army-Chief-of-Staff-Gen-Randy-George.jpg\",\"width\":1200,\"height\":630,\"caption\":\"Watch CBS News\"},{\"@type\":\"BreadcrumbList\",\"@id\":\"https:\\\/\\\/ubirataonline.com.br\\\/hegseth-ousts-army-chief-of-staff-gen-randy-george\\\/#breadcrumb\",\"itemListElement\":[{\"@type\":\"ListItem\",\"position\":1,\"name\":\"In\u00edcio\",\"item\":\"https:\\\/\\\/ubirataonline.com.br\\\/\"},{\"@type\":\"ListItem\",\"position\":2,\"name\":\"Hegseth ousts Army Chief of Staff Gen. Randy George\"}]},{\"@type\":\"WebSite\",\"@id\":\"https:\\\/\\\/ubirataonline.com.br\\\/#website\",\"url\":\"https:\\\/\\\/ubirataonline.com.br\\\/\",\"name\":\"Ubirat\u00e3 Online Not\u00edcias\",\"description\":\"Not\u00edcias de Ubirat\u00e3, regi\u00e3o, Brasil e mundo, com informa\u00e7\u00e3o atualizada e compromisso com o leitor.\",\"publisher\":{\"@id\":\"https:\\\/\\\/ubirataonline.com.br\\\/#organization\"},\"alternateName\":\"Ubirat\u00e3 Online\",\"potentialAction\":[{\"@type\":\"SearchAction\",\"target\":{\"@type\":\"EntryPoint\",\"urlTemplate\":\"https:\\\/\\\/ubirataonline.com.br\\\/?s={search_term_string}\"},\"query-input\":{\"@type\":\"PropertyValueSpecification\",\"valueRequired\":true,\"valueName\":\"search_term_string\"}}],\"inLanguage\":\"en-US\"},{\"@type\":[\"Organization\",\"Place\"],\"@id\":\"https:\\\/\\\/ubirataonline.com.br\\\/#organization\",\"name\":\"Ubirat\u00e3 Online Not\u00edcias\",\"alternateName\":\"Ubirat\u00e3 Online\",\"url\":\"https:\\\/\\\/ubirataonline.com.br\\\/\",\"logo\":{\"@id\":\"https:\\\/\\\/ubirataonline.com.br\\\/hegseth-ousts-army-chief-of-staff-gen-randy-george\\\/#local-main-organization-logo\"},\"image\":{\"@id\":\"https:\\\/\\\/ubirataonline.com.br\\\/hegseth-ousts-army-chief-of-staff-gen-randy-george\\\/#local-main-organization-logo\"},\"sameAs\":[\"https:\\\/\\\/www.facebook.com\\\/portalubirataonline\",\"https:\\\/\\\/x.com\\\/ubirataonline\",\"https:\\\/\\\/mastodon.social\\\/@ubirataonline\",\"https:\\\/\\\/www.facebook.com\\\/groups\\\/311144672285604\",\"https:\\\/\\\/www.facebook.com\\\/UBTAOnline\",\"https:\\\/\\\/www.instagram.com\\\/portalubirataonline\\\/\",\"https:\\\/\\\/twitter.com\\\/ubirataonline\"],\"description\":\"Somos um portal de not\u00edcias independente, criado em 5 de janeiro de 2009, com o objetivo de informar, conectar e valorizar a nossa comunidade de Ubirat\u00e3 e toda aregi\u00e3o. Com conte\u00fado atualizado, confi\u00e1vel e relevante, o Ubirat\u00e3 Online \u00e9 o seu espa\u00e7o para ficar por dentro dos principais acontecimentos locais, regionais, Brasil, Mundo e de interesse geral. Nosso compromisso \u00e9 com a verdade, a transpar\u00eancia e o respeito ao leitor.\",\"legalName\":\"UBIRATA ONLINE NOT\u00cdCIAS\",\"foundingDate\":\"2009-01-05\",\"numberOfEmployees\":{\"@type\":\"QuantitativeValue\",\"minValue\":\"1\",\"maxValue\":\"10\"},\"publishingPrinciples\":\"https:\\\/\\\/ubirataonline.com.br\\\/faq\\\/\",\"address\":{\"@id\":\"https:\\\/\\\/ubirataonline.com.br\\\/hegseth-ousts-army-chief-of-staff-gen-randy-george\\\/#local-main-place-address\"},\"geo\":{\"@type\":\"GeoCoordinates\",\"latitude\":\"-24.5361401\",\"longitude\":\"-52.9921776\"},\"telephone\":[\"+5544998308235\"],\"contactPoint\":{\"@type\":\"ContactPoint\",\"email\":\"contato@ubirataonline.com.br\"},\"openingHoursSpecification\":{\"@type\":\"OpeningHoursSpecification\",\"dayOfWeek\":[\"Monday\",\"Tuesday\",\"Wednesday\",\"Thursday\",\"Friday\",\"Saturday\",\"Sunday\"],\"opens\":\"00:00\",\"closes\":\"23:59\"},\"email\":\"contato@ubirataonline.com.br\",\"vatID\":\"47.621.418\\\/0001-80\"},{\"@type\":\"Person\",\"@id\":\"https:\\\/\\\/ubirataonline.com.br\\\/#\\\/schema\\\/person\\\/372f87bbd3fdd79b8556b84c98d0bc1c\",\"name\":\"REDA\u00c7\u00c3O: UBIRAT\u00c3 ONLINE - F\u00c1BIO AUGUSTO CELESTINO\",\"pronouns\":\"Ele\",\"description\":\"Desde 2003 trabalhando com not\u00edcias.\",\"sameAs\":[\"http:\\\/\\\/ubirataoline.com.br\",\"https:\\\/\\\/www.facebook.com\\\/portalubirataonline\",\"https:\\\/\\\/www.instagram.com\\\/ubirataonline_oficial\",\"https:\\\/\\\/x.com\\\/x.com\\\/ubirataonline\"],\"honorificPrefix\":\"Mr.\",\"honorificSuffix\":\"MD\",\"birthDate\":\"1980-06-16\",\"gender\":\"masculino\",\"award\":[\"V\u00e1rios pr\u00eamios de melhor portal da cidade\"],\"jobTitle\":\"Diretor\",\"url\":\"https:\\\/\\\/ubirataonline.com.br\\\/en\\\/author\\\/ubirataonline\\\/\"},{\"@type\":\"PostalAddress\",\"@id\":\"https:\\\/\\\/ubirataonline.com.br\\\/hegseth-ousts-army-chief-of-staff-gen-randy-george\\\/#local-main-place-address\",\"streetAddress\":\"Rua dos Coqueiros, 104 - Bairro Boa Vista, Rua dos Coqueiros, 104 Bairro Boa Vista\",\"addressLocality\":\"UBIRATA\",\"postalCode\":\"85440-000\",\"addressRegion\":\"PR\",\"addressCountry\":\"BR\"},{\"@type\":\"ImageObject\",\"inLanguage\":\"en-US\",\"@id\":\"https:\\\/\\\/ubirataonline.com.br\\\/hegseth-ousts-army-chief-of-staff-gen-randy-george\\\/#local-main-organization-logo\",\"url\":\"https:\\\/\\\/ubirataonline.com.br\\\/wp-content\\\/uploads\\\/2026\\\/06\\\/logoubirataonline-1.webp\",\"contentUrl\":\"https:\\\/\\\/ubirataonline.com.br\\\/wp-content\\\/uploads\\\/2026\\\/06\\\/logoubirataonline-1.webp\",\"width\":500,\"height\":500,\"caption\":\"Ubirat\u00e3 Online Not\u00edcias\"}]}<\/script>\n<meta name=\"geo.placename\" content=\"UBIRATA\" \/>\n<meta name=\"geo.position\" content=\"-24.5361401;-52.9921776\" \/>\n<meta name=\"geo.region\" content=\"Brazil\" \/>\n<!-- \/ Yoast SEO Premium plugin. -->","yoast_head_json":{"title":"Hegseth ousts Army Chief of Staff Gen. Randy George - Ubirat\u00e3 Online Not\u00edcias - A realidade ao seu alcance!","description":"One of the sources said Hegseth wants someone in the role who will implement President Trump and Hegseth&amp;#039;s vision for the Army.","robots":{"index":"index","follow":"follow","max-snippet":"max-snippet:-1","max-image-preview":"max-image-preview:large","max-video-preview":"max-video-preview:-1"},"canonical":"https:\/\/ubirataonline.com.br\/en\/hegseth-ousts-army-chief-of-staff-gen-randy-george\/","og_locale":"en_US","og_type":"article","og_title":"Hegseth ousts Army Chief of Staff Gen. Randy George","og_description":"One of the sources said Hegseth wants someone in the role who will implement President Trump and Hegseth&amp;#039;s vision for the Army.","og_url":"https:\/\/ubirataonline.com.br\/en\/hegseth-ousts-army-chief-of-staff-gen-randy-george\/","og_site_name":"Ubirat\u00e3 Online Not\u00edcias - A realidade ao seu alcance!","article_publisher":"https:\/\/www.facebook.com\/portalubirataonline","article_author":"https:\/\/www.facebook.com\/portalubirataonline","article_published_time":"2026-04-02T20:40:48+00:00","og_image":[{"width":1200,"height":630,"url":"https:\/\/ubirataonline.com.br\/wp-content\/uploads\/2026\/04\/Hegseth-ousts-Army-Chief-of-Staff-Gen-Randy-George.jpg","type":"image\/jpeg"}],"author":"REDA\u00c7\u00c3O: UBIRAT\u00c3 ONLINE - F\u00c1BIO AUGUSTO CELESTINO","twitter_card":"summary_large_image","twitter_creator":"@x.com\/ubirataonline","twitter_site":"@ubirataonline","twitter_misc":{"Written by":"REDA\u00c7\u00c3O: UBIRAT\u00c3 ONLINE - F\u00c1BIO AUGUSTO CELESTINO","Est. reading time":"2 minutes"},"schema":{"@context":"https:\/\/schema.org","@graph":[{"@type":"NewsArticle","@id":"https:\/\/ubirataonline.com.br\/hegseth-ousts-army-chief-of-staff-gen-randy-george\/#article","isPartOf":{"@id":"https:\/\/ubirataonline.com.br\/hegseth-ousts-army-chief-of-staff-gen-randy-george\/"},"author":{"name":"REDA\u00c7\u00c3O: UBIRAT\u00c3 ONLINE - F\u00c1BIO AUGUSTO CELESTINO","@id":"https:\/\/ubirataonline.com.br\/#\/schema\/person\/372f87bbd3fdd79b8556b84c98d0bc1c"},"headline":"Hegseth ousts Army Chief of Staff Gen. Randy George","datePublished":"2026-04-02T20:40:48+00:00","mainEntityOfPage":{"@id":"https:\/\/ubirataonline.com.br\/hegseth-ousts-army-chief-of-staff-gen-randy-george\/"},"wordCount":437,"publisher":{"@id":"https:\/\/ubirataonline.com.br\/#organization"},"image":{"@id":"https:\/\/ubirataonline.com.br\/hegseth-ousts-army-chief-of-staff-gen-randy-george\/#primaryimage"},"thumbnailUrl":"https:\/\/ubirataonline.com.br\/wp-content\/uploads\/2026\/04\/Hegseth-ousts-Army-Chief-of-Staff-Gen-Randy-George.jpg","keywords":["Army","chief","Gen","George","Hegseth","ousts","Randy","staff"],"articleSection":["Ubirat\u00e3"],"inLanguage":"en-US","copyrightYear":"2026","copyrightHolder":{"@id":"https:\/\/ubirataonline.com.br\/en\/#organization"}},{"@type":"WebPage","@id":"https:\/\/ubirataonline.com.br\/hegseth-ousts-army-chief-of-staff-gen-randy-george\/","url":"https:\/\/ubirataonline.com.br\/hegseth-ousts-army-chief-of-staff-gen-randy-george\/","name":"Hegseth ousts Army Chief of Staff Gen. Randy George - Ubirat\u00e3 Online Not\u00edcias - A realidade ao seu alcance!","isPartOf":{"@id":"https:\/\/ubirataonline.com.br\/#website"},"primaryImageOfPage":{"@id":"https:\/\/ubirataonline.com.br\/hegseth-ousts-army-chief-of-staff-gen-randy-george\/#primaryimage"},"image":{"@id":"https:\/\/ubirataonline.com.br\/hegseth-ousts-army-chief-of-staff-gen-randy-george\/#primaryimage"},"thumbnailUrl":"https:\/\/ubirataonline.com.br\/wp-content\/uploads\/2026\/04\/Hegseth-ousts-Army-Chief-of-Staff-Gen-Randy-George.jpg","datePublished":"2026-04-02T20:40:48+00:00","description":"One of the sources said Hegseth wants someone in the role who will implement President Trump and Hegseth&amp;#039;s vision for the Army.","breadcrumb":{"@id":"https:\/\/ubirataonline.com.br\/hegseth-ousts-army-chief-of-staff-gen-randy-george\/#breadcrumb"},"inLanguage":"en-US","potentialAction":[{"@type":"ReadAction","target":["https:\/\/ubirataonline.com.br\/hegseth-ousts-army-chief-of-staff-gen-randy-george\/"]}]},{"@type":"ImageObject","inLanguage":"en-US","@id":"https:\/\/ubirataonline.com.br\/hegseth-ousts-army-chief-of-staff-gen-randy-george\/#primaryimage","url":"https:\/\/ubirataonline.com.br\/wp-content\/uploads\/2026\/04\/Hegseth-ousts-Army-Chief-of-Staff-Gen-Randy-George.jpg","contentUrl":"https:\/\/ubirataonline.com.br\/wp-content\/uploads\/2026\/04\/Hegseth-ousts-Army-Chief-of-Staff-Gen-Randy-George.jpg","width":1200,"height":630,"caption":"Watch CBS News"},{"@type":"BreadcrumbList","@id":"https:\/\/ubirataonline.com.br\/hegseth-ousts-army-chief-of-staff-gen-randy-george\/#breadcrumb","itemListElement":[{"@type":"ListItem","position":1,"name":"In\u00edcio","item":"https:\/\/ubirataonline.com.br\/"},{"@type":"ListItem","position":2,"name":"Hegseth ousts Army Chief of Staff Gen. Randy George"}]},{"@type":"WebSite","@id":"https:\/\/ubirataonline.com.br\/#website","url":"https:\/\/ubirataonline.com.br\/","name":"Ubirat\u00e3 Online Not\u00edcias","description":"Not\u00edcias de Ubirat\u00e3, regi\u00e3o, Brasil e mundo, com informa\u00e7\u00e3o atualizada e compromisso com o leitor.","publisher":{"@id":"https:\/\/ubirataonline.com.br\/#organization"},"alternateName":"Ubirat\u00e3 Online","potentialAction":[{"@type":"SearchAction","target":{"@type":"EntryPoint","urlTemplate":"https:\/\/ubirataonline.com.br\/?s={search_term_string}"},"query-input":{"@type":"PropertyValueSpecification","valueRequired":true,"valueName":"search_term_string"}}],"inLanguage":"en-US"},{"@type":["Organization","Place"],"@id":"https:\/\/ubirataonline.com.br\/#organization","name":"Ubirat\u00e3 Online Not\u00edcias","alternateName":"Ubirat\u00e3 Online","url":"https:\/\/ubirataonline.com.br\/","logo":{"@id":"https:\/\/ubirataonline.com.br\/hegseth-ousts-army-chief-of-staff-gen-randy-george\/#local-main-organization-logo"},"image":{"@id":"https:\/\/ubirataonline.com.br\/hegseth-ousts-army-chief-of-staff-gen-randy-george\/#local-main-organization-logo"},"sameAs":["https:\/\/www.facebook.com\/portalubirataonline","https:\/\/x.com\/ubirataonline","https:\/\/mastodon.social\/@ubirataonline","https:\/\/www.facebook.com\/groups\/311144672285604","https:\/\/www.facebook.com\/UBTAOnline","https:\/\/www.instagram.com\/portalubirataonline\/","https:\/\/twitter.com\/ubirataonline"],"description":"Somos um portal de not\u00edcias independente, criado em 5 de janeiro de 2009, com o objetivo de informar, conectar e valorizar a nossa comunidade de Ubirat\u00e3 e toda aregi\u00e3o. Com conte\u00fado atualizado, confi\u00e1vel e relevante, o Ubirat\u00e3 Online \u00e9 o seu espa\u00e7o para ficar por dentro dos principais acontecimentos locais, regionais, Brasil, Mundo e de interesse geral. Nosso compromisso \u00e9 com a verdade, a transpar\u00eancia e o respeito ao leitor.","legalName":"UBIRATA ONLINE NOT\u00cdCIAS","foundingDate":"2009-01-05","numberOfEmployees":{"@type":"QuantitativeValue","minValue":"1","maxValue":"10"},"publishingPrinciples":"https:\/\/ubirataonline.com.br\/faq\/","address":{"@id":"https:\/\/ubirataonline.com.br\/hegseth-ousts-army-chief-of-staff-gen-randy-george\/#local-main-place-address"},"geo":{"@type":"GeoCoordinates","latitude":"-24.5361401","longitude":"-52.9921776"},"telephone":["+5544998308235"],"contactPoint":{"@type":"ContactPoint","email":"contato@ubirataonline.com.br"},"openingHoursSpecification":{"@type":"OpeningHoursSpecification","dayOfWeek":["Monday","Tuesday","Wednesday","Thursday","Friday","Saturday","Sunday"],"opens":"00:00","closes":"23:59"},"email":"contato@ubirataonline.com.br","vatID":"47.621.418\/0001-80"},{"@type":"Person","@id":"https:\/\/ubirataonline.com.br\/#\/schema\/person\/372f87bbd3fdd79b8556b84c98d0bc1c","name":"REDA\u00c7\u00c3O: UBIRAT\u00c3 ONLINE - F\u00c1BIO AUGUSTO CELESTINO","pronouns":"Ele","description":"Desde 2003 trabalhando com not\u00edcias.","sameAs":["http:\/\/ubirataoline.com.br","https:\/\/www.facebook.com\/portalubirataonline","https:\/\/www.instagram.com\/ubirataonline_oficial","https:\/\/x.com\/x.com\/ubirataonline"],"honorificPrefix":"Mr.","honorificSuffix":"MD","birthDate":"1980-06-16","gender":"masculino","award":["V\u00e1rios pr\u00eamios de melhor portal da cidade"],"jobTitle":"Diretor","url":"https:\/\/ubirataonline.com.br\/en\/author\/ubirataonline\/"},{"@type":"PostalAddress","@id":"https:\/\/ubirataonline.com.br\/hegseth-ousts-army-chief-of-staff-gen-randy-george\/#local-main-place-address","streetAddress":"Rua dos Coqueiros, 104 - Bairro Boa Vista, Rua dos Coqueiros, 104 Bairro Boa Vista","addressLocality":"UBIRATA","postalCode":"85440-000","addressRegion":"PR","addressCountry":"BR"},{"@type":"ImageObject","inLanguage":"en-US","@id":"https:\/\/ubirataonline.com.br\/hegseth-ousts-army-chief-of-staff-gen-randy-george\/#local-main-organization-logo","url":"https:\/\/ubirataonline.com.br\/wp-content\/uploads\/2026\/06\/logoubirataonline-1.webp","contentUrl":"https:\/\/ubirataonline.com.br\/wp-content\/uploads\/2026\/06\/logoubirataonline-1.webp","width":500,"height":500,"caption":"Ubirat\u00e3 Online Not\u00edcias"}]},"geo.placename":"UBIRATA","geo.position":{"lat":"-24.5361401","long":"-52.9921776"},"geo.region":"Brazil"},"_links":{"self":[{"href":"https:\/\/ubirataonline.com.br\/en\/wp-json\/wp\/v2\/posts\/98959","targetHints":{"allow":["GET"]}}],"collection":[{"href":"https:\/\/ubirataonline.com.br\/en\/wp-json\/wp\/v2\/posts"}],"about":[{"href":"https:\/\/ubirataonline.com.br\/en\/wp-json\/wp\/v2\/types\/post"}],"author":[{"embeddable":true,"href":"https:\/\/ubirataonline.com.br\/en\/wp-json\/wp\/v2\/users\/1"}],"replies":[{"embeddable":true,"href":"https:\/\/ubirataonline.com.br\/en\/wp-json\/wp\/v2\/comments?post=98959"}],"version-history":[{"count":0,"href":"https:\/\/ubirataonline.com.br\/en\/wp-json\/wp\/v2\/posts\/98959\/revisions"}],"wp:featuredmedia":[{"embeddable":true,"href":"https:\/\/ubirataonline.com.br\/en\/wp-json\/wp\/v2\/media\/98960"}],"wp:attachment":[{"href":"https:\/\/ubirataonline.com.br\/en\/wp-json\/wp\/v2\/media?parent=98959"}],"wp:term":[{"taxonomy":"category","embeddable":true,"href":"https:\/\/ubirataonline.com.br\/en\/wp-json\/wp\/v2\/categories?post=98959"},{"taxonomy":"post_tag","embeddable":true,"href":"https:\/\/ubirataonline.com.br\/en\/wp-json\/wp\/v2\/tags?post=98959"}],"curies":[{"name":"wp","href":"https:\/\/api.w.org\/{rel}","templated":true}]}}