{"id":98961,"date":"2026-04-02T17:45:49","date_gmt":"2026-04-02T20:45:49","guid":{"rendered":"https:\/\/ubirataonline.com.br\/intel-appoints-aparna-bawa-as-executive-vice-president-and-chief-legal-people-officer\/"},"modified":"2026-04-02T17:45:53","modified_gmt":"2026-04-02T20:45:53","slug":"intel-appoints-aparna-bawa-as-executive-vice-president-and-chief-legal-people-officer","status":"publish","type":"post","link":"https:\/\/ubirataonline.com.br\/en\/intel-appoints-aparna-bawa-as-executive-vice-president-and-chief-legal-people-officer\/","title":{"rendered":"Intel Appoints Aparna Bawa as Executive Vice President and Chief Legal &#038; People Officer"},"content":{"rendered":"<p><\/p>\n<div>Intel Corporation today announced the appointment of Aparna Bawa as EVP, chief legal &amp; people officer. Bawa will report directly to CEO Lip-Bu Tan and will lead Intel&#8217;s global legal, ethics, compliance, people, and culture organizations as the company accelerates its transformation and execution agenda.<\/p>\n<p>&#8220;The role of legal and people leadership has never been more critical as Intel drives cultural transformation with discipline, speed, and integrity,&#8221; said Intel CEO Lip-Bu Tan. &#8220;Aparna brings a rare combination of operational rigor, business judgment, and people-first leadership. Her experience helping scale global technology companies through periods of significant change will be invaluable as we build a stronger, more agile Intel.&#8221;<\/p>\n<div class=\"imgcontainer\"><a href=\"https:\/\/www.techpowerup.com\/img\/rEepRK1DZQ41tqog.jpg\" target=\"_blank\" data-width=\"1707\" data-height=\"960\" data-fancybox=\"g347971\"><\/a> <\/div>\n<p>Bawa joins Intel from Zoom, where she served as chief operating officer, overseeing critical operational, legal, and people functions during a period of rapid growth and global scale. She is widely recognized for her ability to align culture, governance, and execution in high-growth technology environments.<\/p>\n<p>Prior to Zoom, Bawa held senior legal and leadership roles in the technology industry, building deep expertise across corporate governance, global compliance, employment, M&amp;A, and organizational transformation.<\/p>\n<p>In her new role, Bawa will be responsible for strengthening Intel&#8217;s legal and compliance foundation, advancing a high-performance culture, and ensuring the company&#8217;s people strategy fully supports its long-term business priorities. She will play a central role in shaping Intel&#8217;s leadership culture, talent strategy, and governance as the company enters its next phase.<\/p>\n<p>&#8220;Intel is an iconic American company at a pivotal moment,&#8221; said Bawa. &#8220;I&#8217;m honored to join Lip-Bu and the leadership team, and excited to help build the culture, systems, and trust that enable teams to do their best work and deliver for customers, partners, and shareholders.&#8221;<\/p>\n<p>Bawa&#8217;s appointment underscores Intel&#8217;s continued focus on strengthening leadership, accountability, and execution as the company advances its transformation under Tan&#8217;s leadership. Bawa will join Intel in May.<\/p>\n<\/div>\n<p><a href=\"https:\/\/www.techpowerup.com\/347971\/intel-appoints-aparna-bawa-as-executive-vice-president-and-chief-legal-people-officer\">Source link <\/a><\/p>","protected":false},"excerpt":{"rendered":"<p>Intel Corporation today announced the appointment of Aparna Bawa as EVP, chief legal &amp; people officer. Bawa will report directly to CEO Lip-Bu Tan and will lead Intel&#8217;s global legal, ethics, compliance, people, and culture organizations as the company accelerates its transformation and execution agenda. &#8220;The role of legal and people leadership has never been [&hellip;]<\/p>\n","protected":false},"author":1,"featured_media":98962,"comment_status":"closed","ping_status":"","sticky":false,"template":"","format":"standard","meta":{"googlesitekit_rrm_CAow2JLhCw:productID":"","_gspb_post_css":"","maa_idioma":"","maa_pais":"","footnotes":""},"categories":[1],"tags":[24673,17058,24674,12655,11166,11861,9596,13215,10956,5512,12446],"class_list":["post-98961","post","type-post","status-publish","format-standard","has-post-thumbnail","hentry","category-ubirata","tag-aparna","tag-appoints","tag-bawa","tag-chief","tag-executive","tag-intel","tag-legal","tag-officer","tag-people","tag-president","tag-vice"],"blocksy_meta":[],"yoast_head":"<!-- This site is optimized with the Yoast SEO Premium plugin v27.6 (Yoast SEO v27.6) - https:\/\/yoast.com\/product\/yoast-seo-premium-wordpress\/ -->\n<title>Intel Appoints Aparna Bawa as Executive Vice President and Chief Legal &amp; People Officer - Ubirat\u00e3 Online Not\u00edcias - A realidade ao seu alcance!<\/title>\n<meta name=\"description\" content=\"Intel Corporation today announced the appointment of Aparna Bawa as EVP, chief legal &amp; people officer. Bawa will report directly to CEO Lip-Bu Tan and\" \/>\n<meta name=\"robots\" content=\"index, follow, max-snippet:-1, max-image-preview:large, max-video-preview:-1\" \/>\n<link rel=\"canonical\" href=\"https:\/\/ubirataonline.com.br\/en\/intel-appoints-aparna-bawa-as-executive-vice-president-and-chief-legal-people-officer\/\" \/>\n<meta property=\"og:locale\" content=\"en_US\" \/>\n<meta property=\"og:type\" content=\"article\" \/>\n<meta property=\"og:title\" content=\"Intel Appoints Aparna Bawa as Executive Vice President and Chief Legal &amp; People Officer\" \/>\n<meta property=\"og:description\" content=\"Intel Corporation today announced the appointment of Aparna Bawa as EVP, chief legal &amp; people officer. Bawa will report directly to CEO Lip-Bu Tan and\" \/>\n<meta property=\"og:url\" content=\"https:\/\/ubirataonline.com.br\/en\/intel-appoints-aparna-bawa-as-executive-vice-president-and-chief-legal-people-officer\/\" \/>\n<meta property=\"og:site_name\" content=\"Ubirat\u00e3 Online Not\u00edcias - A realidade ao seu alcance!\" \/>\n<meta property=\"article:publisher\" content=\"https:\/\/www.facebook.com\/portalubirataonline\" \/>\n<meta property=\"article:author\" content=\"https:\/\/www.facebook.com\/portalubirataonline\" \/>\n<meta property=\"article:published_time\" content=\"2026-04-02T20:45:49+00:00\" \/>\n<meta property=\"article:modified_time\" content=\"2026-04-02T20:45:53+00:00\" \/>\n<meta property=\"og:image\" content=\"https:\/\/ubirataonline.com.br\/wp-content\/uploads\/2026\/04\/Intel-Appoints-Aparna-Bawa-as-Executive-Vice-President-and-Chief.jpg\" \/>\n\t<meta property=\"og:image:width\" content=\"1707\" \/>\n\t<meta property=\"og:image:height\" content=\"960\" \/>\n\t<meta property=\"og:image:type\" content=\"image\/jpeg\" \/>\n<meta name=\"author\" content=\"REDA\u00c7\u00c3O: UBIRAT\u00c3 ONLINE - F\u00c1BIO AUGUSTO CELESTINO\" \/>\n<meta name=\"twitter:card\" content=\"summary_large_image\" \/>\n<meta name=\"twitter:creator\" content=\"@x.com\/ubirataonline\" \/>\n<meta name=\"twitter:site\" content=\"@ubirataonline\" \/>\n<meta name=\"twitter:label1\" content=\"Written by\" \/>\n\t<meta name=\"twitter:data1\" content=\"REDA\u00c7\u00c3O: UBIRAT\u00c3 ONLINE - F\u00c1BIO AUGUSTO CELESTINO\" \/>\n\t<meta name=\"twitter:label2\" content=\"Est. reading time\" \/>\n\t<meta name=\"twitter:data2\" content=\"2 minutes\" \/>\n<script type=\"application\/ld+json\" class=\"yoast-schema-graph\">{\"@context\":\"https:\\\/\\\/schema.org\",\"@graph\":[{\"@type\":\"NewsArticle\",\"@id\":\"https:\\\/\\\/ubirataonline.com.br\\\/intel-appoints-aparna-bawa-as-executive-vice-president-and-chief-legal-people-officer\\\/#article\",\"isPartOf\":{\"@id\":\"https:\\\/\\\/ubirataonline.com.br\\\/intel-appoints-aparna-bawa-as-executive-vice-president-and-chief-legal-people-officer\\\/\"},\"author\":{\"name\":\"REDA\u00c7\u00c3O: UBIRAT\u00c3 ONLINE - F\u00c1BIO AUGUSTO CELESTINO\",\"@id\":\"https:\\\/\\\/ubirataonline.com.br\\\/#\\\/schema\\\/person\\\/372f87bbd3fdd79b8556b84c98d0bc1c\"},\"headline\":\"Intel Appoints Aparna Bawa as Executive Vice President and Chief Legal &#038; People Officer\",\"datePublished\":\"2026-04-02T20:45:49+00:00\",\"dateModified\":\"2026-04-02T20:45:53+00:00\",\"mainEntityOfPage\":{\"@id\":\"https:\\\/\\\/ubirataonline.com.br\\\/intel-appoints-aparna-bawa-as-executive-vice-president-and-chief-legal-people-officer\\\/\"},\"wordCount\":331,\"publisher\":{\"@id\":\"https:\\\/\\\/ubirataonline.com.br\\\/#organization\"},\"image\":{\"@id\":\"https:\\\/\\\/ubirataonline.com.br\\\/intel-appoints-aparna-bawa-as-executive-vice-president-and-chief-legal-people-officer\\\/#primaryimage\"},\"thumbnailUrl\":\"https:\\\/\\\/ubirataonline.com.br\\\/wp-content\\\/uploads\\\/2026\\\/04\\\/Intel-Appoints-Aparna-Bawa-as-Executive-Vice-President-and-Chief.jpg\",\"keywords\":[\"Aparna\",\"appoints\",\"Bawa\",\"chief\",\"Executive\",\"Intel\",\"Legal\",\"officer\",\"people\",\"President\",\"Vice\"],\"articleSection\":[\"Ubirat\u00e3\"],\"inLanguage\":\"en-US\",\"copyrightYear\":\"2026\",\"copyrightHolder\":{\"@id\":\"https:\\\/\\\/ubirataonline.com.br\\\/en\\\/#organization\"}},{\"@type\":\"WebPage\",\"@id\":\"https:\\\/\\\/ubirataonline.com.br\\\/intel-appoints-aparna-bawa-as-executive-vice-president-and-chief-legal-people-officer\\\/\",\"url\":\"https:\\\/\\\/ubirataonline.com.br\\\/intel-appoints-aparna-bawa-as-executive-vice-president-and-chief-legal-people-officer\\\/\",\"name\":\"Intel Appoints Aparna Bawa as Executive Vice President and Chief Legal & People Officer - Ubirat\u00e3 Online Not\u00edcias - A realidade ao seu alcance!\",\"isPartOf\":{\"@id\":\"https:\\\/\\\/ubirataonline.com.br\\\/#website\"},\"primaryImageOfPage\":{\"@id\":\"https:\\\/\\\/ubirataonline.com.br\\\/intel-appoints-aparna-bawa-as-executive-vice-president-and-chief-legal-people-officer\\\/#primaryimage\"},\"image\":{\"@id\":\"https:\\\/\\\/ubirataonline.com.br\\\/intel-appoints-aparna-bawa-as-executive-vice-president-and-chief-legal-people-officer\\\/#primaryimage\"},\"thumbnailUrl\":\"https:\\\/\\\/ubirataonline.com.br\\\/wp-content\\\/uploads\\\/2026\\\/04\\\/Intel-Appoints-Aparna-Bawa-as-Executive-Vice-President-and-Chief.jpg\",\"datePublished\":\"2026-04-02T20:45:49+00:00\",\"dateModified\":\"2026-04-02T20:45:53+00:00\",\"description\":\"Intel Corporation today announced the appointment of Aparna Bawa as EVP, chief legal &amp; people officer. Bawa will report directly to CEO Lip-Bu Tan and\",\"breadcrumb\":{\"@id\":\"https:\\\/\\\/ubirataonline.com.br\\\/intel-appoints-aparna-bawa-as-executive-vice-president-and-chief-legal-people-officer\\\/#breadcrumb\"},\"inLanguage\":\"en-US\",\"potentialAction\":[{\"@type\":\"ReadAction\",\"target\":[\"https:\\\/\\\/ubirataonline.com.br\\\/intel-appoints-aparna-bawa-as-executive-vice-president-and-chief-legal-people-officer\\\/\"]}]},{\"@type\":\"ImageObject\",\"inLanguage\":\"en-US\",\"@id\":\"https:\\\/\\\/ubirataonline.com.br\\\/intel-appoints-aparna-bawa-as-executive-vice-president-and-chief-legal-people-officer\\\/#primaryimage\",\"url\":\"https:\\\/\\\/ubirataonline.com.br\\\/wp-content\\\/uploads\\\/2026\\\/04\\\/Intel-Appoints-Aparna-Bawa-as-Executive-Vice-President-and-Chief.jpg\",\"contentUrl\":\"https:\\\/\\\/ubirataonline.com.br\\\/wp-content\\\/uploads\\\/2026\\\/04\\\/Intel-Appoints-Aparna-Bawa-as-Executive-Vice-President-and-Chief.jpg\",\"width\":1707,\"height\":960,\"caption\":\"Intel Appoints Aparna Bawa as Executive Vice President and Chief Legal & People Officer\"},{\"@type\":\"BreadcrumbList\",\"@id\":\"https:\\\/\\\/ubirataonline.com.br\\\/intel-appoints-aparna-bawa-as-executive-vice-president-and-chief-legal-people-officer\\\/#breadcrumb\",\"itemListElement\":[{\"@type\":\"ListItem\",\"position\":1,\"name\":\"In\u00edcio\",\"item\":\"https:\\\/\\\/ubirataonline.com.br\\\/\"},{\"@type\":\"ListItem\",\"position\":2,\"name\":\"Intel Appoints Aparna Bawa as Executive Vice President and Chief Legal &#038; People Officer\"}]},{\"@type\":\"WebSite\",\"@id\":\"https:\\\/\\\/ubirataonline.com.br\\\/#website\",\"url\":\"https:\\\/\\\/ubirataonline.com.br\\\/\",\"name\":\"Ubirat\u00e3 Online Not\u00edcias\",\"description\":\"Not\u00edcias de Ubirat\u00e3, regi\u00e3o, Brasil e mundo, com informa\u00e7\u00e3o atualizada e compromisso com o leitor.\",\"publisher\":{\"@id\":\"https:\\\/\\\/ubirataonline.com.br\\\/#organization\"},\"alternateName\":\"Ubirat\u00e3 Online\",\"potentialAction\":[{\"@type\":\"SearchAction\",\"target\":{\"@type\":\"EntryPoint\",\"urlTemplate\":\"https:\\\/\\\/ubirataonline.com.br\\\/?s={search_term_string}\"},\"query-input\":{\"@type\":\"PropertyValueSpecification\",\"valueRequired\":true,\"valueName\":\"search_term_string\"}}],\"inLanguage\":\"en-US\"},{\"@type\":[\"Organization\",\"Place\"],\"@id\":\"https:\\\/\\\/ubirataonline.com.br\\\/#organization\",\"name\":\"Ubirat\u00e3 Online Not\u00edcias\",\"alternateName\":\"Ubirat\u00e3 Online\",\"url\":\"https:\\\/\\\/ubirataonline.com.br\\\/\",\"logo\":{\"@id\":\"https:\\\/\\\/ubirataonline.com.br\\\/intel-appoints-aparna-bawa-as-executive-vice-president-and-chief-legal-people-officer\\\/#local-main-organization-logo\"},\"image\":{\"@id\":\"https:\\\/\\\/ubirataonline.com.br\\\/intel-appoints-aparna-bawa-as-executive-vice-president-and-chief-legal-people-officer\\\/#local-main-organization-logo\"},\"sameAs\":[\"https:\\\/\\\/www.facebook.com\\\/portalubirataonline\",\"https:\\\/\\\/x.com\\\/ubirataonline\",\"https:\\\/\\\/mastodon.social\\\/@ubirataonline\",\"https:\\\/\\\/www.facebook.com\\\/groups\\\/311144672285604\",\"https:\\\/\\\/www.facebook.com\\\/UBTAOnline\",\"https:\\\/\\\/www.instagram.com\\\/portalubirataonline\\\/\",\"https:\\\/\\\/twitter.com\\\/ubirataonline\"],\"description\":\"Somos um portal de not\u00edcias independente, criado em 5 de janeiro de 2009, com o objetivo de informar, conectar e valorizar a nossa comunidade de Ubirat\u00e3 e toda aregi\u00e3o. Com conte\u00fado atualizado, confi\u00e1vel e relevante, o Ubirat\u00e3 Online \u00e9 o seu espa\u00e7o para ficar por dentro dos principais acontecimentos locais, regionais, Brasil, Mundo e de interesse geral. Nosso compromisso \u00e9 com a verdade, a transpar\u00eancia e o respeito ao leitor.\",\"legalName\":\"UBIRATA ONLINE NOT\u00cdCIAS\",\"foundingDate\":\"2009-01-05\",\"numberOfEmployees\":{\"@type\":\"QuantitativeValue\",\"minValue\":\"1\",\"maxValue\":\"10\"},\"publishingPrinciples\":\"https:\\\/\\\/ubirataonline.com.br\\\/faq\\\/\",\"address\":{\"@id\":\"https:\\\/\\\/ubirataonline.com.br\\\/intel-appoints-aparna-bawa-as-executive-vice-president-and-chief-legal-people-officer\\\/#local-main-place-address\"},\"geo\":{\"@type\":\"GeoCoordinates\",\"latitude\":\"-24.5361401\",\"longitude\":\"-52.9921776\"},\"telephone\":[\"+5544998308235\"],\"contactPoint\":{\"@type\":\"ContactPoint\",\"email\":\"contato@ubirataonline.com.br\"},\"openingHoursSpecification\":{\"@type\":\"OpeningHoursSpecification\",\"dayOfWeek\":[\"Monday\",\"Tuesday\",\"Wednesday\",\"Thursday\",\"Friday\",\"Saturday\",\"Sunday\"],\"opens\":\"00:00\",\"closes\":\"23:59\"},\"email\":\"contato@ubirataonline.com.br\",\"vatID\":\"47.621.418\\\/0001-80\"},{\"@type\":\"Person\",\"@id\":\"https:\\\/\\\/ubirataonline.com.br\\\/#\\\/schema\\\/person\\\/372f87bbd3fdd79b8556b84c98d0bc1c\",\"name\":\"REDA\u00c7\u00c3O: UBIRAT\u00c3 ONLINE - F\u00c1BIO AUGUSTO CELESTINO\",\"pronouns\":\"Ele\",\"description\":\"Desde 2003 trabalhando com not\u00edcias.\",\"sameAs\":[\"http:\\\/\\\/ubirataoline.com.br\",\"https:\\\/\\\/www.facebook.com\\\/portalubirataonline\",\"https:\\\/\\\/www.instagram.com\\\/ubirataonline_oficial\",\"https:\\\/\\\/x.com\\\/x.com\\\/ubirataonline\"],\"honorificPrefix\":\"Mr.\",\"honorificSuffix\":\"MD\",\"birthDate\":\"1980-06-16\",\"gender\":\"masculino\",\"award\":[\"V\u00e1rios pr\u00eamios de melhor portal da cidade\"],\"jobTitle\":\"Diretor\",\"url\":\"https:\\\/\\\/ubirataonline.com.br\\\/en\\\/author\\\/ubirataonline\\\/\"},{\"@type\":\"PostalAddress\",\"@id\":\"https:\\\/\\\/ubirataonline.com.br\\\/intel-appoints-aparna-bawa-as-executive-vice-president-and-chief-legal-people-officer\\\/#local-main-place-address\",\"streetAddress\":\"Rua dos Coqueiros, 104 - Bairro Boa Vista, Rua dos Coqueiros, 104 Bairro Boa Vista\",\"addressLocality\":\"UBIRATA\",\"postalCode\":\"85440-000\",\"addressRegion\":\"PR\",\"addressCountry\":\"BR\"},{\"@type\":\"ImageObject\",\"inLanguage\":\"en-US\",\"@id\":\"https:\\\/\\\/ubirataonline.com.br\\\/intel-appoints-aparna-bawa-as-executive-vice-president-and-chief-legal-people-officer\\\/#local-main-organization-logo\",\"url\":\"https:\\\/\\\/ubirataonline.com.br\\\/wp-content\\\/uploads\\\/2026\\\/06\\\/logoubirataonline-1.webp\",\"contentUrl\":\"https:\\\/\\\/ubirataonline.com.br\\\/wp-content\\\/uploads\\\/2026\\\/06\\\/logoubirataonline-1.webp\",\"width\":500,\"height\":500,\"caption\":\"Ubirat\u00e3 Online Not\u00edcias\"}]}<\/script>\n<meta name=\"geo.placename\" content=\"UBIRATA\" \/>\n<meta name=\"geo.position\" content=\"-24.5361401;-52.9921776\" \/>\n<meta name=\"geo.region\" content=\"Brazil\" \/>\n<!-- \/ Yoast SEO Premium plugin. -->","yoast_head_json":{"title":"Intel Appoints Aparna Bawa as Executive Vice President and Chief Legal & People Officer - Ubirat\u00e3 Online Not\u00edcias - A realidade ao seu alcance!","description":"Intel Corporation today announced the appointment of Aparna Bawa as EVP, chief legal &amp; people officer. Bawa will report directly to CEO Lip-Bu Tan and","robots":{"index":"index","follow":"follow","max-snippet":"max-snippet:-1","max-image-preview":"max-image-preview:large","max-video-preview":"max-video-preview:-1"},"canonical":"https:\/\/ubirataonline.com.br\/en\/intel-appoints-aparna-bawa-as-executive-vice-president-and-chief-legal-people-officer\/","og_locale":"en_US","og_type":"article","og_title":"Intel Appoints Aparna Bawa as Executive Vice President and Chief Legal & People Officer","og_description":"Intel Corporation today announced the appointment of Aparna Bawa as EVP, chief legal &amp; people officer. Bawa will report directly to CEO Lip-Bu Tan and","og_url":"https:\/\/ubirataonline.com.br\/en\/intel-appoints-aparna-bawa-as-executive-vice-president-and-chief-legal-people-officer\/","og_site_name":"Ubirat\u00e3 Online Not\u00edcias - A realidade ao seu alcance!","article_publisher":"https:\/\/www.facebook.com\/portalubirataonline","article_author":"https:\/\/www.facebook.com\/portalubirataonline","article_published_time":"2026-04-02T20:45:49+00:00","article_modified_time":"2026-04-02T20:45:53+00:00","og_image":[{"width":1707,"height":960,"url":"https:\/\/ubirataonline.com.br\/wp-content\/uploads\/2026\/04\/Intel-Appoints-Aparna-Bawa-as-Executive-Vice-President-and-Chief.jpg","type":"image\/jpeg"}],"author":"REDA\u00c7\u00c3O: UBIRAT\u00c3 ONLINE - F\u00c1BIO AUGUSTO CELESTINO","twitter_card":"summary_large_image","twitter_creator":"@x.com\/ubirataonline","twitter_site":"@ubirataonline","twitter_misc":{"Written by":"REDA\u00c7\u00c3O: UBIRAT\u00c3 ONLINE - F\u00c1BIO AUGUSTO CELESTINO","Est. reading time":"2 minutes"},"schema":{"@context":"https:\/\/schema.org","@graph":[{"@type":"NewsArticle","@id":"https:\/\/ubirataonline.com.br\/intel-appoints-aparna-bawa-as-executive-vice-president-and-chief-legal-people-officer\/#article","isPartOf":{"@id":"https:\/\/ubirataonline.com.br\/intel-appoints-aparna-bawa-as-executive-vice-president-and-chief-legal-people-officer\/"},"author":{"name":"REDA\u00c7\u00c3O: UBIRAT\u00c3 ONLINE - F\u00c1BIO AUGUSTO CELESTINO","@id":"https:\/\/ubirataonline.com.br\/#\/schema\/person\/372f87bbd3fdd79b8556b84c98d0bc1c"},"headline":"Intel Appoints Aparna Bawa as Executive Vice President and Chief Legal &#038; People Officer","datePublished":"2026-04-02T20:45:49+00:00","dateModified":"2026-04-02T20:45:53+00:00","mainEntityOfPage":{"@id":"https:\/\/ubirataonline.com.br\/intel-appoints-aparna-bawa-as-executive-vice-president-and-chief-legal-people-officer\/"},"wordCount":331,"publisher":{"@id":"https:\/\/ubirataonline.com.br\/#organization"},"image":{"@id":"https:\/\/ubirataonline.com.br\/intel-appoints-aparna-bawa-as-executive-vice-president-and-chief-legal-people-officer\/#primaryimage"},"thumbnailUrl":"https:\/\/ubirataonline.com.br\/wp-content\/uploads\/2026\/04\/Intel-Appoints-Aparna-Bawa-as-Executive-Vice-President-and-Chief.jpg","keywords":["Aparna","appoints","Bawa","chief","Executive","Intel","Legal","officer","people","President","Vice"],"articleSection":["Ubirat\u00e3"],"inLanguage":"en-US","copyrightYear":"2026","copyrightHolder":{"@id":"https:\/\/ubirataonline.com.br\/en\/#organization"}},{"@type":"WebPage","@id":"https:\/\/ubirataonline.com.br\/intel-appoints-aparna-bawa-as-executive-vice-president-and-chief-legal-people-officer\/","url":"https:\/\/ubirataonline.com.br\/intel-appoints-aparna-bawa-as-executive-vice-president-and-chief-legal-people-officer\/","name":"Intel Appoints Aparna Bawa as Executive Vice President and Chief Legal & People Officer - Ubirat\u00e3 Online Not\u00edcias - A realidade ao seu alcance!","isPartOf":{"@id":"https:\/\/ubirataonline.com.br\/#website"},"primaryImageOfPage":{"@id":"https:\/\/ubirataonline.com.br\/intel-appoints-aparna-bawa-as-executive-vice-president-and-chief-legal-people-officer\/#primaryimage"},"image":{"@id":"https:\/\/ubirataonline.com.br\/intel-appoints-aparna-bawa-as-executive-vice-president-and-chief-legal-people-officer\/#primaryimage"},"thumbnailUrl":"https:\/\/ubirataonline.com.br\/wp-content\/uploads\/2026\/04\/Intel-Appoints-Aparna-Bawa-as-Executive-Vice-President-and-Chief.jpg","datePublished":"2026-04-02T20:45:49+00:00","dateModified":"2026-04-02T20:45:53+00:00","description":"Intel Corporation today announced the appointment of Aparna Bawa as EVP, chief legal &amp; people officer. Bawa will report directly to CEO Lip-Bu Tan and","breadcrumb":{"@id":"https:\/\/ubirataonline.com.br\/intel-appoints-aparna-bawa-as-executive-vice-president-and-chief-legal-people-officer\/#breadcrumb"},"inLanguage":"en-US","potentialAction":[{"@type":"ReadAction","target":["https:\/\/ubirataonline.com.br\/intel-appoints-aparna-bawa-as-executive-vice-president-and-chief-legal-people-officer\/"]}]},{"@type":"ImageObject","inLanguage":"en-US","@id":"https:\/\/ubirataonline.com.br\/intel-appoints-aparna-bawa-as-executive-vice-president-and-chief-legal-people-officer\/#primaryimage","url":"https:\/\/ubirataonline.com.br\/wp-content\/uploads\/2026\/04\/Intel-Appoints-Aparna-Bawa-as-Executive-Vice-President-and-Chief.jpg","contentUrl":"https:\/\/ubirataonline.com.br\/wp-content\/uploads\/2026\/04\/Intel-Appoints-Aparna-Bawa-as-Executive-Vice-President-and-Chief.jpg","width":1707,"height":960,"caption":"Intel Appoints Aparna Bawa as Executive Vice President and Chief Legal & People Officer"},{"@type":"BreadcrumbList","@id":"https:\/\/ubirataonline.com.br\/intel-appoints-aparna-bawa-as-executive-vice-president-and-chief-legal-people-officer\/#breadcrumb","itemListElement":[{"@type":"ListItem","position":1,"name":"In\u00edcio","item":"https:\/\/ubirataonline.com.br\/"},{"@type":"ListItem","position":2,"name":"Intel Appoints Aparna Bawa as Executive Vice President and Chief Legal &#038; People Officer"}]},{"@type":"WebSite","@id":"https:\/\/ubirataonline.com.br\/#website","url":"https:\/\/ubirataonline.com.br\/","name":"Ubirat\u00e3 Online Not\u00edcias","description":"Not\u00edcias de Ubirat\u00e3, regi\u00e3o, Brasil e mundo, com informa\u00e7\u00e3o atualizada e compromisso com o leitor.","publisher":{"@id":"https:\/\/ubirataonline.com.br\/#organization"},"alternateName":"Ubirat\u00e3 Online","potentialAction":[{"@type":"SearchAction","target":{"@type":"EntryPoint","urlTemplate":"https:\/\/ubirataonline.com.br\/?s={search_term_string}"},"query-input":{"@type":"PropertyValueSpecification","valueRequired":true,"valueName":"search_term_string"}}],"inLanguage":"en-US"},{"@type":["Organization","Place"],"@id":"https:\/\/ubirataonline.com.br\/#organization","name":"Ubirat\u00e3 Online Not\u00edcias","alternateName":"Ubirat\u00e3 Online","url":"https:\/\/ubirataonline.com.br\/","logo":{"@id":"https:\/\/ubirataonline.com.br\/intel-appoints-aparna-bawa-as-executive-vice-president-and-chief-legal-people-officer\/#local-main-organization-logo"},"image":{"@id":"https:\/\/ubirataonline.com.br\/intel-appoints-aparna-bawa-as-executive-vice-president-and-chief-legal-people-officer\/#local-main-organization-logo"},"sameAs":["https:\/\/www.facebook.com\/portalubirataonline","https:\/\/x.com\/ubirataonline","https:\/\/mastodon.social\/@ubirataonline","https:\/\/www.facebook.com\/groups\/311144672285604","https:\/\/www.facebook.com\/UBTAOnline","https:\/\/www.instagram.com\/portalubirataonline\/","https:\/\/twitter.com\/ubirataonline"],"description":"Somos um portal de not\u00edcias independente, criado em 5 de janeiro de 2009, com o objetivo de informar, conectar e valorizar a nossa comunidade de Ubirat\u00e3 e toda aregi\u00e3o. Com conte\u00fado atualizado, confi\u00e1vel e relevante, o Ubirat\u00e3 Online \u00e9 o seu espa\u00e7o para ficar por dentro dos principais acontecimentos locais, regionais, Brasil, Mundo e de interesse geral. Nosso compromisso \u00e9 com a verdade, a transpar\u00eancia e o respeito ao leitor.","legalName":"UBIRATA ONLINE NOT\u00cdCIAS","foundingDate":"2009-01-05","numberOfEmployees":{"@type":"QuantitativeValue","minValue":"1","maxValue":"10"},"publishingPrinciples":"https:\/\/ubirataonline.com.br\/faq\/","address":{"@id":"https:\/\/ubirataonline.com.br\/intel-appoints-aparna-bawa-as-executive-vice-president-and-chief-legal-people-officer\/#local-main-place-address"},"geo":{"@type":"GeoCoordinates","latitude":"-24.5361401","longitude":"-52.9921776"},"telephone":["+5544998308235"],"contactPoint":{"@type":"ContactPoint","email":"contato@ubirataonline.com.br"},"openingHoursSpecification":{"@type":"OpeningHoursSpecification","dayOfWeek":["Monday","Tuesday","Wednesday","Thursday","Friday","Saturday","Sunday"],"opens":"00:00","closes":"23:59"},"email":"contato@ubirataonline.com.br","vatID":"47.621.418\/0001-80"},{"@type":"Person","@id":"https:\/\/ubirataonline.com.br\/#\/schema\/person\/372f87bbd3fdd79b8556b84c98d0bc1c","name":"REDA\u00c7\u00c3O: UBIRAT\u00c3 ONLINE - F\u00c1BIO AUGUSTO CELESTINO","pronouns":"Ele","description":"Desde 2003 trabalhando com not\u00edcias.","sameAs":["http:\/\/ubirataoline.com.br","https:\/\/www.facebook.com\/portalubirataonline","https:\/\/www.instagram.com\/ubirataonline_oficial","https:\/\/x.com\/x.com\/ubirataonline"],"honorificPrefix":"Mr.","honorificSuffix":"MD","birthDate":"1980-06-16","gender":"masculino","award":["V\u00e1rios pr\u00eamios de melhor portal da cidade"],"jobTitle":"Diretor","url":"https:\/\/ubirataonline.com.br\/en\/author\/ubirataonline\/"},{"@type":"PostalAddress","@id":"https:\/\/ubirataonline.com.br\/intel-appoints-aparna-bawa-as-executive-vice-president-and-chief-legal-people-officer\/#local-main-place-address","streetAddress":"Rua dos Coqueiros, 104 - Bairro Boa Vista, Rua dos Coqueiros, 104 Bairro Boa Vista","addressLocality":"UBIRATA","postalCode":"85440-000","addressRegion":"PR","addressCountry":"BR"},{"@type":"ImageObject","inLanguage":"en-US","@id":"https:\/\/ubirataonline.com.br\/intel-appoints-aparna-bawa-as-executive-vice-president-and-chief-legal-people-officer\/#local-main-organization-logo","url":"https:\/\/ubirataonline.com.br\/wp-content\/uploads\/2026\/06\/logoubirataonline-1.webp","contentUrl":"https:\/\/ubirataonline.com.br\/wp-content\/uploads\/2026\/06\/logoubirataonline-1.webp","width":500,"height":500,"caption":"Ubirat\u00e3 Online Not\u00edcias"}]},"geo.placename":"UBIRATA","geo.position":{"lat":"-24.5361401","long":"-52.9921776"},"geo.region":"Brazil"},"_links":{"self":[{"href":"https:\/\/ubirataonline.com.br\/en\/wp-json\/wp\/v2\/posts\/98961","targetHints":{"allow":["GET"]}}],"collection":[{"href":"https:\/\/ubirataonline.com.br\/en\/wp-json\/wp\/v2\/posts"}],"about":[{"href":"https:\/\/ubirataonline.com.br\/en\/wp-json\/wp\/v2\/types\/post"}],"author":[{"embeddable":true,"href":"https:\/\/ubirataonline.com.br\/en\/wp-json\/wp\/v2\/users\/1"}],"replies":[{"embeddable":true,"href":"https:\/\/ubirataonline.com.br\/en\/wp-json\/wp\/v2\/comments?post=98961"}],"version-history":[{"count":0,"href":"https:\/\/ubirataonline.com.br\/en\/wp-json\/wp\/v2\/posts\/98961\/revisions"}],"wp:featuredmedia":[{"embeddable":true,"href":"https:\/\/ubirataonline.com.br\/en\/wp-json\/wp\/v2\/media\/98962"}],"wp:attachment":[{"href":"https:\/\/ubirataonline.com.br\/en\/wp-json\/wp\/v2\/media?parent=98961"}],"wp:term":[{"taxonomy":"category","embeddable":true,"href":"https:\/\/ubirataonline.com.br\/en\/wp-json\/wp\/v2\/categories?post=98961"},{"taxonomy":"post_tag","embeddable":true,"href":"https:\/\/ubirataonline.com.br\/en\/wp-json\/wp\/v2\/tags?post=98961"}],"curies":[{"name":"wp","href":"https:\/\/api.w.org\/{rel}","templated":true}]}}