{"id":98970,"date":"2026-04-02T19:25:52","date_gmt":"2026-04-02T22:25:52","guid":{"rendered":"https:\/\/ubirataonline.com.br\/sportv-transmite-o-uts-a-partir-desta-sexta-feira\/"},"modified":"2026-04-02T19:26:00","modified_gmt":"2026-04-02T22:26:00","slug":"sportv-transmite-o-uts-a-partir-desta-sexta-feira","status":"publish","type":"post","link":"https:\/\/ubirataonline.com.br\/en\/sportv-transmite-o-uts-a-partir-desta-sexta-feira\/","title":{"rendered":"Sportv transmite o UTS a partir desta sexta-feira"},"content":{"rendered":"<p><\/p>\n<div data-id=\"58e96fa4\" data-element_type=\"widget\" data-widget_type=\"theme-post-content.default\">\n<p>O canal Sportv comprou os direitos do Ultimate <a href=\"https:\/\/www.tenisnews.com.br\/tag\/tennis\/\" class=\"st_tag internal_tag\" rel=\"tag\" title=\"Postagens com o tema tennis\">Tennis<\/a> Showdown, <a href=\"https:\/\/www.tenisnews.com.br\/tag\/evento\/\" class=\"st_tag internal_tag\" rel=\"tag\" title=\"Postagens com o tema evento\">evento<\/a> idealizado por Patrick <a href=\"https:\/\/www.tenisnews.com.br\/tag\/mouratoglou\/\" class=\"st_tag internal_tag\" rel=\"tag\" title=\"Postagens com o tema Mouratoglou\">Mouratoglou<\/a>, e vai exibir as disputas da <a href=\"https:\/\/www.tenisnews.com.br\/tag\/primeira\/\" class=\"st_tag internal_tag\" rel=\"tag\" title=\"Postagens com o tema primeira\">primeira<\/a> etapa deste <a href=\"https:\/\/www.tenisnews.com.br\/tag\/ano\/\" class=\"st_tag internal_tag\" rel=\"tag\" title=\"Postagens com o tema ano\">ano<\/a> a partir desta <a href=\"https:\/\/www.tenisnews.com.br\/tag\/sexta\/\" class=\"st_tag internal_tag\" rel=\"tag\" title=\"Postagens com o tema sexta\">sexta<\/a>-feira em Nimes, na Fran\u00e7a.<\/p>\n<p>Os jogos ser\u00e3o transmitidos no Sportv 3 com narra\u00e7\u00e3o de Eus\u00e9bio Resende e coment\u00e1<a href=\"https:\/\/www.tenisnews.com.br\/tag\/rios\/\" class=\"st_tag internal_tag\" rel=\"tag\" title=\"Postagens com o tema rios\">rios<\/a> de Domingos Ven\u00e2ncio a partir das 8h30 desta sexta, 3, com os duelos de quartas de <a href=\"https:\/\/www.tenisnews.com.br\/tag\/final-2\/\" class=\"st_tag internal_tag\" rel=\"tag\" title=\"Postagens com o tema final.\">final.<\/a><\/p>\n<p>No s\u00e1bado, 4, as disputas de semifinais a partir das 7h e a seguir a grande <a href=\"https:\/\/www.tenisnews.com.br\/tag\/final\/\" class=\"st_tag internal_tag\" rel=\"tag\" title=\"Postagens com o tema final\">final<\/a> com exibi\u00e7\u00e3o tamb\u00e9m da <a href=\"https:\/\/www.tenisnews.com.br\/tag\/getv\/\" class=\"st_tag internal_tag\" rel=\"tag\" title=\"Postagens com o tema getv\">GETV<\/a> com a narra\u00e7\u00e3o de Marcelo Ferrantini e as an\u00e1lises de Vanessa Menga.<\/p>\n<p>Casper <a href=\"https:\/\/www.tenisnews.com.br\/tag\/ruud\/\" class=\"st_tag internal_tag\" rel=\"tag\" title=\"Postagens com o tema ruud\">Ruud<\/a> abrir\u00e1 a programa\u00e7\u00e3o contra o russo Karen <a href=\"https:\/\/www.tenisnews.com.br\/tag\/khachanov\/\" class=\"st_tag internal_tag\" rel=\"tag\" title=\"Postagens com o tema khachanov\">Khachanov<\/a>. A partir das 9h30, Felix Aliassime enfrenta Grigor Dimitrov. N\u00e3o antes das 10h40, <a href=\"https:\/\/www.tenisnews.com.br\/tag\/alexander-bublik\/\" class=\"st_tag internal_tag\" rel=\"tag\" title=\"Postagens com o tema alexander bublik\">Alexander Bublik<\/a> enfrenta Ugo <a href=\"https:\/\/www.tenisnews.com.br\/tag\/humbert\/\" class=\"st_tag internal_tag\" rel=\"tag\" title=\"Postagens com o tema humbert\">Humbert<\/a> e para fechar o primeiro dia Andrey Rublev encara <a href=\"https:\/\/www.tenisnews.com.br\/tag\/stefanos-tsitsipas\/\" class=\"st_tag internal_tag\" rel=\"tag\" title=\"Postagens com o tema Stefanos Tsitsipas\">Stefanos Tsitsipas<\/a><a href=\"https:\/\/www.tenisnews.com.br\/tag\/3707\/\" class=\"st_tag internal_tag\" rel=\"tag\" title=\"Postagens com o tema .\">.<\/a><\/p>\n<p>O UTS vir\u00e1 ao Brasil em <a href=\"https:\/\/www.tenisnews.com.br\/tag\/julho\/\" class=\"st_tag internal_tag\" rel=\"tag\" title=\"Postagens com o tema julho\">julho<\/a> com duelos no Maracan\u00e3zinho, no <a href=\"https:\/\/www.tenisnews.com.br\/tag\/rio-de-janeiro\/\" class=\"st_tag internal_tag\" rel=\"tag\" title=\"Postagens com o tema Rio de Janeiro\">Rio de Janeiro<\/a>. Os jogadores ainda ser\u00e3o anunciados.<\/p>\n<div class=\"sharedaddy sd-block sd-like jetpack-likes-widget-wrapper jetpack-likes-widget-unloaded\" id=\"like-post-wrapper-246249658-912219-69cee5c7243be\" data-src=\"https:\/\/widgets.wp.com\/likes\/?ver=15.2#blog_id=246249658&amp;post_id=912219&amp;origin=www.tenisnews.com.br&amp;obj_id=246249658-912219-69cee5c7243be\" data-name=\"like-post-frame-246249658-912219-69cee5c7243be\" data-title=\"Curtir ou reblogar\">\n<h3 class=\"sd-title\">Curtir isso:<\/h3>\n<p><span class=\"button\"><span>Curtir<\/span><\/span> <span class=\"loading\">Carregando&#8230;<\/span><\/p>\n<p><span class=\"sd-text-color\"\/><a class=\"sd-link-color\"\/><\/div>\n<\/p><\/div>\n<p><a href=\"https:\/\/www.tenisnews.com.br\/sportv-transmite-uts-sexta-feira\/\">Fonte do Artigo <\/a><\/p>","protected":false},"excerpt":{"rendered":"<p>O canal Sportv comprou os direitos do Ultimate Tennis Showdown, evento idealizado por Patrick Mouratoglou, e vai exibir as disputas da primeira etapa deste ano a partir desta sexta-feira em Nimes, na Fran\u00e7a. Os jogos ser\u00e3o transmitidos no Sportv 3 com narra\u00e7\u00e3o de Eus\u00e9bio Resende e coment\u00e1rios de Domingos Ven\u00e2ncio a partir das 8h30 desta [&hellip;]<\/p>\n","protected":false},"author":1,"featured_media":98971,"comment_status":"closed","ping_status":"","sticky":false,"template":"","format":"standard","meta":{"googlesitekit_rrm_CAow2JLhCw:productID":"","_gspb_post_css":"","maa_idioma":"","maa_pais":"","footnotes":""},"categories":[4],"tags":[3469,3056,4438,24677,13246,24678],"class_list":["post-98970","post","type-post","status-publish","format-standard","has-post-thumbnail","hentry","category-brasil","tag-desta","tag-partir","tag-sextafeira","tag-sportv","tag-transmite","tag-uts"],"blocksy_meta":[],"yoast_head":"<!-- This site is optimized with the Yoast SEO Premium plugin v27.6 (Yoast SEO v27.6) - https:\/\/yoast.com\/product\/yoast-seo-premium-wordpress\/ -->\n<title>Sportv transmite o UTS a partir desta sexta-feira - Ubirat\u00e3 Online Not\u00edcias - A realidade ao seu alcance!<\/title>\n<meta name=\"description\" content=\"O canal Sportv comprou os direitos do Ultimate Tennis Showdown, evento idealizado por Patrick Mouratoglou, e vai exibir as disputas da primeira etapa\" \/>\n<meta name=\"robots\" content=\"index, follow, max-snippet:-1, max-image-preview:large, max-video-preview:-1\" \/>\n<link rel=\"canonical\" href=\"https:\/\/ubirataonline.com.br\/en\/sportv-transmite-o-uts-a-partir-desta-sexta-feira\/\" \/>\n<meta property=\"og:locale\" content=\"en_US\" \/>\n<meta property=\"og:type\" content=\"article\" \/>\n<meta property=\"og:title\" content=\"Sportv transmite o UTS a partir desta sexta-feira\" \/>\n<meta property=\"og:description\" content=\"O canal Sportv comprou os direitos do Ultimate Tennis Showdown, evento idealizado por Patrick Mouratoglou, e vai exibir as disputas da primeira etapa\" \/>\n<meta property=\"og:url\" content=\"https:\/\/ubirataonline.com.br\/en\/sportv-transmite-o-uts-a-partir-desta-sexta-feira\/\" \/>\n<meta property=\"og:site_name\" content=\"Ubirat\u00e3 Online Not\u00edcias - A realidade ao seu alcance!\" \/>\n<meta property=\"article:publisher\" content=\"https:\/\/www.facebook.com\/portalubirataonline\" \/>\n<meta property=\"article:author\" content=\"https:\/\/www.facebook.com\/portalubirataonline\" \/>\n<meta property=\"article:published_time\" content=\"2026-04-02T22:25:52+00:00\" \/>\n<meta property=\"article:modified_time\" content=\"2026-04-02T22:26:00+00:00\" \/>\n<meta property=\"og:image\" content=\"https:\/\/ubirataonline.com.br\/wp-content\/uploads\/2026\/04\/Sportv-transmite-o-UTS-a-partir-desta-sexta-feira.jpg\" \/>\n\t<meta property=\"og:image:width\" content=\"1200\" \/>\n\t<meta property=\"og:image:height\" content=\"675\" \/>\n\t<meta property=\"og:image:type\" content=\"image\/jpeg\" \/>\n<meta name=\"author\" content=\"REDA\u00c7\u00c3O: UBIRAT\u00c3 ONLINE - F\u00c1BIO AUGUSTO CELESTINO\" \/>\n<meta name=\"twitter:card\" content=\"summary_large_image\" \/>\n<meta name=\"twitter:creator\" content=\"@x.com\/ubirataonline\" \/>\n<meta name=\"twitter:site\" content=\"@ubirataonline\" \/>\n<meta name=\"twitter:label1\" content=\"Written by\" \/>\n\t<meta name=\"twitter:data1\" content=\"REDA\u00c7\u00c3O: UBIRAT\u00c3 ONLINE - F\u00c1BIO AUGUSTO CELESTINO\" \/>\n\t<meta name=\"twitter:label2\" content=\"Est. reading time\" \/>\n\t<meta name=\"twitter:data2\" content=\"1 minute\" \/>\n<script type=\"application\/ld+json\" class=\"yoast-schema-graph\">{\"@context\":\"https:\\\/\\\/schema.org\",\"@graph\":[{\"@type\":\"NewsArticle\",\"@id\":\"https:\\\/\\\/ubirataonline.com.br\\\/sportv-transmite-o-uts-a-partir-desta-sexta-feira\\\/#article\",\"isPartOf\":{\"@id\":\"https:\\\/\\\/ubirataonline.com.br\\\/sportv-transmite-o-uts-a-partir-desta-sexta-feira\\\/\"},\"author\":{\"name\":\"REDA\u00c7\u00c3O: UBIRAT\u00c3 ONLINE - F\u00c1BIO AUGUSTO CELESTINO\",\"@id\":\"https:\\\/\\\/ubirataonline.com.br\\\/#\\\/schema\\\/person\\\/372f87bbd3fdd79b8556b84c98d0bc1c\"},\"headline\":\"Sportv transmite o UTS a partir desta sexta-feira\",\"datePublished\":\"2026-04-02T22:25:52+00:00\",\"dateModified\":\"2026-04-02T22:26:00+00:00\",\"mainEntityOfPage\":{\"@id\":\"https:\\\/\\\/ubirataonline.com.br\\\/sportv-transmite-o-uts-a-partir-desta-sexta-feira\\\/\"},\"wordCount\":184,\"publisher\":{\"@id\":\"https:\\\/\\\/ubirataonline.com.br\\\/#organization\"},\"image\":{\"@id\":\"https:\\\/\\\/ubirataonline.com.br\\\/sportv-transmite-o-uts-a-partir-desta-sexta-feira\\\/#primaryimage\"},\"thumbnailUrl\":\"https:\\\/\\\/ubirataonline.com.br\\\/wp-content\\\/uploads\\\/2026\\\/04\\\/Sportv-transmite-o-UTS-a-partir-desta-sexta-feira.jpg\",\"keywords\":[\"desta\",\"Partir\",\"sextafeira\",\"Sportv\",\"transmite\",\"UTS\"],\"articleSection\":[\"Brasil\"],\"inLanguage\":\"en-US\",\"copyrightYear\":\"2026\",\"copyrightHolder\":{\"@id\":\"https:\\\/\\\/ubirataonline.com.br\\\/en\\\/#organization\"}},{\"@type\":\"WebPage\",\"@id\":\"https:\\\/\\\/ubirataonline.com.br\\\/sportv-transmite-o-uts-a-partir-desta-sexta-feira\\\/\",\"url\":\"https:\\\/\\\/ubirataonline.com.br\\\/sportv-transmite-o-uts-a-partir-desta-sexta-feira\\\/\",\"name\":\"Sportv transmite o UTS a partir desta sexta-feira - Ubirat\u00e3 Online Not\u00edcias - A realidade ao seu alcance!\",\"isPartOf\":{\"@id\":\"https:\\\/\\\/ubirataonline.com.br\\\/#website\"},\"primaryImageOfPage\":{\"@id\":\"https:\\\/\\\/ubirataonline.com.br\\\/sportv-transmite-o-uts-a-partir-desta-sexta-feira\\\/#primaryimage\"},\"image\":{\"@id\":\"https:\\\/\\\/ubirataonline.com.br\\\/sportv-transmite-o-uts-a-partir-desta-sexta-feira\\\/#primaryimage\"},\"thumbnailUrl\":\"https:\\\/\\\/ubirataonline.com.br\\\/wp-content\\\/uploads\\\/2026\\\/04\\\/Sportv-transmite-o-UTS-a-partir-desta-sexta-feira.jpg\",\"datePublished\":\"2026-04-02T22:25:52+00:00\",\"dateModified\":\"2026-04-02T22:26:00+00:00\",\"description\":\"O canal Sportv comprou os direitos do Ultimate Tennis Showdown, evento idealizado por Patrick Mouratoglou, e vai exibir as disputas da primeira etapa\",\"breadcrumb\":{\"@id\":\"https:\\\/\\\/ubirataonline.com.br\\\/sportv-transmite-o-uts-a-partir-desta-sexta-feira\\\/#breadcrumb\"},\"inLanguage\":\"en-US\",\"potentialAction\":[{\"@type\":\"ReadAction\",\"target\":[\"https:\\\/\\\/ubirataonline.com.br\\\/sportv-transmite-o-uts-a-partir-desta-sexta-feira\\\/\"]}]},{\"@type\":\"ImageObject\",\"inLanguage\":\"en-US\",\"@id\":\"https:\\\/\\\/ubirataonline.com.br\\\/sportv-transmite-o-uts-a-partir-desta-sexta-feira\\\/#primaryimage\",\"url\":\"https:\\\/\\\/ubirataonline.com.br\\\/wp-content\\\/uploads\\\/2026\\\/04\\\/Sportv-transmite-o-UTS-a-partir-desta-sexta-feira.jpg\",\"contentUrl\":\"https:\\\/\\\/ubirataonline.com.br\\\/wp-content\\\/uploads\\\/2026\\\/04\\\/Sportv-transmite-o-UTS-a-partir-desta-sexta-feira.jpg\",\"width\":1200,\"height\":675,\"caption\":\"Cr\u00e9dito: UTS\\\/Divulga\u00e7\u00e3o\"},{\"@type\":\"BreadcrumbList\",\"@id\":\"https:\\\/\\\/ubirataonline.com.br\\\/sportv-transmite-o-uts-a-partir-desta-sexta-feira\\\/#breadcrumb\",\"itemListElement\":[{\"@type\":\"ListItem\",\"position\":1,\"name\":\"In\u00edcio\",\"item\":\"https:\\\/\\\/ubirataonline.com.br\\\/\"},{\"@type\":\"ListItem\",\"position\":2,\"name\":\"Sportv transmite o UTS a partir desta sexta-feira\"}]},{\"@type\":\"WebSite\",\"@id\":\"https:\\\/\\\/ubirataonline.com.br\\\/#website\",\"url\":\"https:\\\/\\\/ubirataonline.com.br\\\/\",\"name\":\"Ubirat\u00e3 Online Not\u00edcias\",\"description\":\"Not\u00edcias de Ubirat\u00e3, regi\u00e3o, Brasil e mundo, com informa\u00e7\u00e3o atualizada e compromisso com o leitor.\",\"publisher\":{\"@id\":\"https:\\\/\\\/ubirataonline.com.br\\\/#organization\"},\"alternateName\":\"Ubirat\u00e3 Online\",\"potentialAction\":[{\"@type\":\"SearchAction\",\"target\":{\"@type\":\"EntryPoint\",\"urlTemplate\":\"https:\\\/\\\/ubirataonline.com.br\\\/?s={search_term_string}\"},\"query-input\":{\"@type\":\"PropertyValueSpecification\",\"valueRequired\":true,\"valueName\":\"search_term_string\"}}],\"inLanguage\":\"en-US\"},{\"@type\":[\"Organization\",\"Place\"],\"@id\":\"https:\\\/\\\/ubirataonline.com.br\\\/#organization\",\"name\":\"Ubirat\u00e3 Online Not\u00edcias\",\"alternateName\":\"Ubirat\u00e3 Online\",\"url\":\"https:\\\/\\\/ubirataonline.com.br\\\/\",\"logo\":{\"@id\":\"https:\\\/\\\/ubirataonline.com.br\\\/sportv-transmite-o-uts-a-partir-desta-sexta-feira\\\/#local-main-organization-logo\"},\"image\":{\"@id\":\"https:\\\/\\\/ubirataonline.com.br\\\/sportv-transmite-o-uts-a-partir-desta-sexta-feira\\\/#local-main-organization-logo\"},\"sameAs\":[\"https:\\\/\\\/www.facebook.com\\\/portalubirataonline\",\"https:\\\/\\\/x.com\\\/ubirataonline\",\"https:\\\/\\\/mastodon.social\\\/@ubirataonline\",\"https:\\\/\\\/www.facebook.com\\\/groups\\\/311144672285604\",\"https:\\\/\\\/www.facebook.com\\\/UBTAOnline\",\"https:\\\/\\\/www.instagram.com\\\/portalubirataonline\\\/\",\"https:\\\/\\\/twitter.com\\\/ubirataonline\"],\"description\":\"Somos um portal de not\u00edcias independente, criado em 5 de janeiro de 2009, com o objetivo de informar, conectar e valorizar a nossa comunidade de Ubirat\u00e3 e toda aregi\u00e3o. Com conte\u00fado atualizado, confi\u00e1vel e relevante, o Ubirat\u00e3 Online \u00e9 o seu espa\u00e7o para ficar por dentro dos principais acontecimentos locais, regionais, Brasil, Mundo e de interesse geral. Nosso compromisso \u00e9 com a verdade, a transpar\u00eancia e o respeito ao leitor.\",\"legalName\":\"UBIRATA ONLINE NOT\u00cdCIAS\",\"foundingDate\":\"2009-01-05\",\"numberOfEmployees\":{\"@type\":\"QuantitativeValue\",\"minValue\":\"1\",\"maxValue\":\"10\"},\"publishingPrinciples\":\"https:\\\/\\\/ubirataonline.com.br\\\/faq\\\/\",\"address\":{\"@id\":\"https:\\\/\\\/ubirataonline.com.br\\\/sportv-transmite-o-uts-a-partir-desta-sexta-feira\\\/#local-main-place-address\"},\"geo\":{\"@type\":\"GeoCoordinates\",\"latitude\":\"-24.5361401\",\"longitude\":\"-52.9921776\"},\"telephone\":[\"+5544998308235\"],\"contactPoint\":{\"@type\":\"ContactPoint\",\"email\":\"contato@ubirataonline.com.br\"},\"openingHoursSpecification\":{\"@type\":\"OpeningHoursSpecification\",\"dayOfWeek\":[\"Monday\",\"Tuesday\",\"Wednesday\",\"Thursday\",\"Friday\",\"Saturday\",\"Sunday\"],\"opens\":\"00:00\",\"closes\":\"23:59\"},\"email\":\"contato@ubirataonline.com.br\",\"vatID\":\"47.621.418\\\/0001-80\"},{\"@type\":\"Person\",\"@id\":\"https:\\\/\\\/ubirataonline.com.br\\\/#\\\/schema\\\/person\\\/372f87bbd3fdd79b8556b84c98d0bc1c\",\"name\":\"REDA\u00c7\u00c3O: UBIRAT\u00c3 ONLINE - F\u00c1BIO AUGUSTO CELESTINO\",\"pronouns\":\"Ele\",\"description\":\"Desde 2003 trabalhando com not\u00edcias.\",\"sameAs\":[\"http:\\\/\\\/ubirataoline.com.br\",\"https:\\\/\\\/www.facebook.com\\\/portalubirataonline\",\"https:\\\/\\\/www.instagram.com\\\/ubirataonline_oficial\",\"https:\\\/\\\/x.com\\\/x.com\\\/ubirataonline\"],\"honorificPrefix\":\"Mr.\",\"honorificSuffix\":\"MD\",\"birthDate\":\"1980-06-16\",\"gender\":\"masculino\",\"award\":[\"V\u00e1rios pr\u00eamios de melhor portal da cidade\"],\"jobTitle\":\"Diretor\",\"url\":\"https:\\\/\\\/ubirataonline.com.br\\\/en\\\/author\\\/ubirataonline\\\/\"},{\"@type\":\"PostalAddress\",\"@id\":\"https:\\\/\\\/ubirataonline.com.br\\\/sportv-transmite-o-uts-a-partir-desta-sexta-feira\\\/#local-main-place-address\",\"streetAddress\":\"Rua dos Coqueiros, 104 - Bairro Boa Vista, Rua dos Coqueiros, 104 Bairro Boa Vista\",\"addressLocality\":\"UBIRATA\",\"postalCode\":\"85440-000\",\"addressRegion\":\"PR\",\"addressCountry\":\"BR\"},{\"@type\":\"ImageObject\",\"inLanguage\":\"en-US\",\"@id\":\"https:\\\/\\\/ubirataonline.com.br\\\/sportv-transmite-o-uts-a-partir-desta-sexta-feira\\\/#local-main-organization-logo\",\"url\":\"https:\\\/\\\/ubirataonline.com.br\\\/wp-content\\\/uploads\\\/2026\\\/06\\\/logoubirataonline-1.webp\",\"contentUrl\":\"https:\\\/\\\/ubirataonline.com.br\\\/wp-content\\\/uploads\\\/2026\\\/06\\\/logoubirataonline-1.webp\",\"width\":500,\"height\":500,\"caption\":\"Ubirat\u00e3 Online Not\u00edcias\"}]}<\/script>\n<meta name=\"geo.placename\" content=\"UBIRATA\" \/>\n<meta name=\"geo.position\" content=\"-24.5361401;-52.9921776\" \/>\n<meta name=\"geo.region\" content=\"Brazil\" \/>\n<!-- \/ Yoast SEO Premium plugin. -->","yoast_head_json":{"title":"Sportv transmite o UTS a partir desta sexta-feira - Ubirat\u00e3 Online Not\u00edcias - A realidade ao seu alcance!","description":"O canal Sportv comprou os direitos do Ultimate Tennis Showdown, evento idealizado por Patrick Mouratoglou, e vai exibir as disputas da primeira etapa","robots":{"index":"index","follow":"follow","max-snippet":"max-snippet:-1","max-image-preview":"max-image-preview:large","max-video-preview":"max-video-preview:-1"},"canonical":"https:\/\/ubirataonline.com.br\/en\/sportv-transmite-o-uts-a-partir-desta-sexta-feira\/","og_locale":"en_US","og_type":"article","og_title":"Sportv transmite o UTS a partir desta sexta-feira","og_description":"O canal Sportv comprou os direitos do Ultimate Tennis Showdown, evento idealizado por Patrick Mouratoglou, e vai exibir as disputas da primeira etapa","og_url":"https:\/\/ubirataonline.com.br\/en\/sportv-transmite-o-uts-a-partir-desta-sexta-feira\/","og_site_name":"Ubirat\u00e3 Online Not\u00edcias - A realidade ao seu alcance!","article_publisher":"https:\/\/www.facebook.com\/portalubirataonline","article_author":"https:\/\/www.facebook.com\/portalubirataonline","article_published_time":"2026-04-02T22:25:52+00:00","article_modified_time":"2026-04-02T22:26:00+00:00","og_image":[{"width":1200,"height":675,"url":"https:\/\/ubirataonline.com.br\/wp-content\/uploads\/2026\/04\/Sportv-transmite-o-UTS-a-partir-desta-sexta-feira.jpg","type":"image\/jpeg"}],"author":"REDA\u00c7\u00c3O: UBIRAT\u00c3 ONLINE - F\u00c1BIO AUGUSTO CELESTINO","twitter_card":"summary_large_image","twitter_creator":"@x.com\/ubirataonline","twitter_site":"@ubirataonline","twitter_misc":{"Written by":"REDA\u00c7\u00c3O: UBIRAT\u00c3 ONLINE - F\u00c1BIO AUGUSTO CELESTINO","Est. reading time":"1 minute"},"schema":{"@context":"https:\/\/schema.org","@graph":[{"@type":"NewsArticle","@id":"https:\/\/ubirataonline.com.br\/sportv-transmite-o-uts-a-partir-desta-sexta-feira\/#article","isPartOf":{"@id":"https:\/\/ubirataonline.com.br\/sportv-transmite-o-uts-a-partir-desta-sexta-feira\/"},"author":{"name":"REDA\u00c7\u00c3O: UBIRAT\u00c3 ONLINE - F\u00c1BIO AUGUSTO CELESTINO","@id":"https:\/\/ubirataonline.com.br\/#\/schema\/person\/372f87bbd3fdd79b8556b84c98d0bc1c"},"headline":"Sportv transmite o UTS a partir desta sexta-feira","datePublished":"2026-04-02T22:25:52+00:00","dateModified":"2026-04-02T22:26:00+00:00","mainEntityOfPage":{"@id":"https:\/\/ubirataonline.com.br\/sportv-transmite-o-uts-a-partir-desta-sexta-feira\/"},"wordCount":184,"publisher":{"@id":"https:\/\/ubirataonline.com.br\/#organization"},"image":{"@id":"https:\/\/ubirataonline.com.br\/sportv-transmite-o-uts-a-partir-desta-sexta-feira\/#primaryimage"},"thumbnailUrl":"https:\/\/ubirataonline.com.br\/wp-content\/uploads\/2026\/04\/Sportv-transmite-o-UTS-a-partir-desta-sexta-feira.jpg","keywords":["desta","Partir","sextafeira","Sportv","transmite","UTS"],"articleSection":["Brasil"],"inLanguage":"en-US","copyrightYear":"2026","copyrightHolder":{"@id":"https:\/\/ubirataonline.com.br\/en\/#organization"}},{"@type":"WebPage","@id":"https:\/\/ubirataonline.com.br\/sportv-transmite-o-uts-a-partir-desta-sexta-feira\/","url":"https:\/\/ubirataonline.com.br\/sportv-transmite-o-uts-a-partir-desta-sexta-feira\/","name":"Sportv transmite o UTS a partir desta sexta-feira - Ubirat\u00e3 Online Not\u00edcias - A realidade ao seu alcance!","isPartOf":{"@id":"https:\/\/ubirataonline.com.br\/#website"},"primaryImageOfPage":{"@id":"https:\/\/ubirataonline.com.br\/sportv-transmite-o-uts-a-partir-desta-sexta-feira\/#primaryimage"},"image":{"@id":"https:\/\/ubirataonline.com.br\/sportv-transmite-o-uts-a-partir-desta-sexta-feira\/#primaryimage"},"thumbnailUrl":"https:\/\/ubirataonline.com.br\/wp-content\/uploads\/2026\/04\/Sportv-transmite-o-UTS-a-partir-desta-sexta-feira.jpg","datePublished":"2026-04-02T22:25:52+00:00","dateModified":"2026-04-02T22:26:00+00:00","description":"O canal Sportv comprou os direitos do Ultimate Tennis Showdown, evento idealizado por Patrick Mouratoglou, e vai exibir as disputas da primeira etapa","breadcrumb":{"@id":"https:\/\/ubirataonline.com.br\/sportv-transmite-o-uts-a-partir-desta-sexta-feira\/#breadcrumb"},"inLanguage":"en-US","potentialAction":[{"@type":"ReadAction","target":["https:\/\/ubirataonline.com.br\/sportv-transmite-o-uts-a-partir-desta-sexta-feira\/"]}]},{"@type":"ImageObject","inLanguage":"en-US","@id":"https:\/\/ubirataonline.com.br\/sportv-transmite-o-uts-a-partir-desta-sexta-feira\/#primaryimage","url":"https:\/\/ubirataonline.com.br\/wp-content\/uploads\/2026\/04\/Sportv-transmite-o-UTS-a-partir-desta-sexta-feira.jpg","contentUrl":"https:\/\/ubirataonline.com.br\/wp-content\/uploads\/2026\/04\/Sportv-transmite-o-UTS-a-partir-desta-sexta-feira.jpg","width":1200,"height":675,"caption":"Cr\u00e9dito: UTS\/Divulga\u00e7\u00e3o"},{"@type":"BreadcrumbList","@id":"https:\/\/ubirataonline.com.br\/sportv-transmite-o-uts-a-partir-desta-sexta-feira\/#breadcrumb","itemListElement":[{"@type":"ListItem","position":1,"name":"In\u00edcio","item":"https:\/\/ubirataonline.com.br\/"},{"@type":"ListItem","position":2,"name":"Sportv transmite o UTS a partir desta sexta-feira"}]},{"@type":"WebSite","@id":"https:\/\/ubirataonline.com.br\/#website","url":"https:\/\/ubirataonline.com.br\/","name":"Ubirat\u00e3 Online Not\u00edcias","description":"Not\u00edcias de Ubirat\u00e3, regi\u00e3o, Brasil e mundo, com informa\u00e7\u00e3o atualizada e compromisso com o leitor.","publisher":{"@id":"https:\/\/ubirataonline.com.br\/#organization"},"alternateName":"Ubirat\u00e3 Online","potentialAction":[{"@type":"SearchAction","target":{"@type":"EntryPoint","urlTemplate":"https:\/\/ubirataonline.com.br\/?s={search_term_string}"},"query-input":{"@type":"PropertyValueSpecification","valueRequired":true,"valueName":"search_term_string"}}],"inLanguage":"en-US"},{"@type":["Organization","Place"],"@id":"https:\/\/ubirataonline.com.br\/#organization","name":"Ubirat\u00e3 Online Not\u00edcias","alternateName":"Ubirat\u00e3 Online","url":"https:\/\/ubirataonline.com.br\/","logo":{"@id":"https:\/\/ubirataonline.com.br\/sportv-transmite-o-uts-a-partir-desta-sexta-feira\/#local-main-organization-logo"},"image":{"@id":"https:\/\/ubirataonline.com.br\/sportv-transmite-o-uts-a-partir-desta-sexta-feira\/#local-main-organization-logo"},"sameAs":["https:\/\/www.facebook.com\/portalubirataonline","https:\/\/x.com\/ubirataonline","https:\/\/mastodon.social\/@ubirataonline","https:\/\/www.facebook.com\/groups\/311144672285604","https:\/\/www.facebook.com\/UBTAOnline","https:\/\/www.instagram.com\/portalubirataonline\/","https:\/\/twitter.com\/ubirataonline"],"description":"Somos um portal de not\u00edcias independente, criado em 5 de janeiro de 2009, com o objetivo de informar, conectar e valorizar a nossa comunidade de Ubirat\u00e3 e toda aregi\u00e3o. Com conte\u00fado atualizado, confi\u00e1vel e relevante, o Ubirat\u00e3 Online \u00e9 o seu espa\u00e7o para ficar por dentro dos principais acontecimentos locais, regionais, Brasil, Mundo e de interesse geral. Nosso compromisso \u00e9 com a verdade, a transpar\u00eancia e o respeito ao leitor.","legalName":"UBIRATA ONLINE NOT\u00cdCIAS","foundingDate":"2009-01-05","numberOfEmployees":{"@type":"QuantitativeValue","minValue":"1","maxValue":"10"},"publishingPrinciples":"https:\/\/ubirataonline.com.br\/faq\/","address":{"@id":"https:\/\/ubirataonline.com.br\/sportv-transmite-o-uts-a-partir-desta-sexta-feira\/#local-main-place-address"},"geo":{"@type":"GeoCoordinates","latitude":"-24.5361401","longitude":"-52.9921776"},"telephone":["+5544998308235"],"contactPoint":{"@type":"ContactPoint","email":"contato@ubirataonline.com.br"},"openingHoursSpecification":{"@type":"OpeningHoursSpecification","dayOfWeek":["Monday","Tuesday","Wednesday","Thursday","Friday","Saturday","Sunday"],"opens":"00:00","closes":"23:59"},"email":"contato@ubirataonline.com.br","vatID":"47.621.418\/0001-80"},{"@type":"Person","@id":"https:\/\/ubirataonline.com.br\/#\/schema\/person\/372f87bbd3fdd79b8556b84c98d0bc1c","name":"REDA\u00c7\u00c3O: UBIRAT\u00c3 ONLINE - F\u00c1BIO AUGUSTO CELESTINO","pronouns":"Ele","description":"Desde 2003 trabalhando com not\u00edcias.","sameAs":["http:\/\/ubirataoline.com.br","https:\/\/www.facebook.com\/portalubirataonline","https:\/\/www.instagram.com\/ubirataonline_oficial","https:\/\/x.com\/x.com\/ubirataonline"],"honorificPrefix":"Mr.","honorificSuffix":"MD","birthDate":"1980-06-16","gender":"masculino","award":["V\u00e1rios pr\u00eamios de melhor portal da cidade"],"jobTitle":"Diretor","url":"https:\/\/ubirataonline.com.br\/en\/author\/ubirataonline\/"},{"@type":"PostalAddress","@id":"https:\/\/ubirataonline.com.br\/sportv-transmite-o-uts-a-partir-desta-sexta-feira\/#local-main-place-address","streetAddress":"Rua dos Coqueiros, 104 - Bairro Boa Vista, Rua dos Coqueiros, 104 Bairro Boa Vista","addressLocality":"UBIRATA","postalCode":"85440-000","addressRegion":"PR","addressCountry":"BR"},{"@type":"ImageObject","inLanguage":"en-US","@id":"https:\/\/ubirataonline.com.br\/sportv-transmite-o-uts-a-partir-desta-sexta-feira\/#local-main-organization-logo","url":"https:\/\/ubirataonline.com.br\/wp-content\/uploads\/2026\/06\/logoubirataonline-1.webp","contentUrl":"https:\/\/ubirataonline.com.br\/wp-content\/uploads\/2026\/06\/logoubirataonline-1.webp","width":500,"height":500,"caption":"Ubirat\u00e3 Online Not\u00edcias"}]},"geo.placename":"UBIRATA","geo.position":{"lat":"-24.5361401","long":"-52.9921776"},"geo.region":"Brazil"},"_links":{"self":[{"href":"https:\/\/ubirataonline.com.br\/en\/wp-json\/wp\/v2\/posts\/98970","targetHints":{"allow":["GET"]}}],"collection":[{"href":"https:\/\/ubirataonline.com.br\/en\/wp-json\/wp\/v2\/posts"}],"about":[{"href":"https:\/\/ubirataonline.com.br\/en\/wp-json\/wp\/v2\/types\/post"}],"author":[{"embeddable":true,"href":"https:\/\/ubirataonline.com.br\/en\/wp-json\/wp\/v2\/users\/1"}],"replies":[{"embeddable":true,"href":"https:\/\/ubirataonline.com.br\/en\/wp-json\/wp\/v2\/comments?post=98970"}],"version-history":[{"count":0,"href":"https:\/\/ubirataonline.com.br\/en\/wp-json\/wp\/v2\/posts\/98970\/revisions"}],"wp:featuredmedia":[{"embeddable":true,"href":"https:\/\/ubirataonline.com.br\/en\/wp-json\/wp\/v2\/media\/98971"}],"wp:attachment":[{"href":"https:\/\/ubirataonline.com.br\/en\/wp-json\/wp\/v2\/media?parent=98970"}],"wp:term":[{"taxonomy":"category","embeddable":true,"href":"https:\/\/ubirataonline.com.br\/en\/wp-json\/wp\/v2\/categories?post=98970"},{"taxonomy":"post_tag","embeddable":true,"href":"https:\/\/ubirataonline.com.br\/en\/wp-json\/wp\/v2\/tags?post=98970"}],"curies":[{"name":"wp","href":"https:\/\/api.w.org\/{rel}","templated":true}]}}