{"id":99083,"date":"2026-04-03T09:35:45","date_gmt":"2026-04-03T12:35:45","guid":{"rendered":"https:\/\/ubirataonline.com.br\/fachin-rebate-relatorio-de-comite-dos-eua-sobre-liberdade-de-expressao\/"},"modified":"2026-04-03T09:35:48","modified_gmt":"2026-04-03T12:35:48","slug":"fachin-rebate-relatorio-de-comite-dos-eua-sobre-liberdade-de-expressao","status":"publish","type":"post","link":"https:\/\/ubirataonline.com.br\/en\/fachin-rebate-relatorio-de-comite-dos-eua-sobre-liberdade-de-expressao\/","title":{"rendered":"Fachin rebate relat\u00f3rio de comit\u00ea dos EUA sobre liberdade de express\u00e3o"},"content":{"rendered":"<p><\/p>\n<div id=\"texto\">\n<p>O presidente do Supremo Tribunal Federal (STF), ministro Edson Fachin, rebateu as acusa\u00e7\u00f5es de censura contra plataformas digitais que constam em um relat\u00f3rio do Comit\u00ea Judici\u00e1rio da C\u00e2mara dos Estados Unidos, divulgado nesta quinta-feira (2).<\/p>\n<p>Produzido por parlamentares que apoiam o presidente Donald Trump, o relat\u00f3rio diz que o ministro Alexandre de Moraes cometeu atos de censura \u00e0 liberdade de express\u00e3o nos Estados Unidos ao determinar medidas de suspens\u00e3o de perfis de brasileiros que moram naquele pa\u00eds e s\u00e3o acusados de promover ataques virtuais \u00e0s institui\u00e7\u00f5es brasileiras.<\/p>\n<p>Em nota oficial, Fachin disse que o relat\u00f3rio tem \u201ccaracteriza\u00e7\u00f5es distorcidas\u201d sobre a natureza e alcance de decis\u00f5es espec\u00edficas da Corte.<\/p>\n<p>O presidente afirmou que o ordenamento jur\u00eddico brasileiro protege a liberdade de express\u00e3o, mas o direito n\u00e3o \u00e9 absoluto.<\/p>\n<p> \u201cEntende-se que, em determinados casos, a liberdade de express\u00e3o pode excepcionalmente sofrer limita\u00e7\u00f5es pontuais, em particular quando estas sejam necess\u00e1rias \u00e0 preserva\u00e7\u00e3o da efic\u00e1cia de outro direito fundamental. Do mesmo modo, n\u00e3o se pode alegar o direito \u00e0 liberdade de express\u00e3o para o cometimento de crimes tipificados em lei\u201d, disse o presidente do STF.<\/p>\n<p>Fachin tamb\u00e9m ressaltou que as determina\u00e7\u00f5es de Moraes para retirada de conte\u00fado ilegal foram tomadas em investiga\u00e7\u00f5es sobre mil\u00edcias digitais acusadas de cometer crimes contra a democracia e de tentativa de golpe de Estado no pa\u00eds.<\/p>\n<p>\u201cA ordem institu\u00edda pela Constitui\u00e7\u00e3o Federal de 1988, como interpretada pelo STF, eleva a liberdade de express\u00e3o \u00e0 condi\u00e7\u00e3o de direito preferencial no universo dos direitos fundamentais. Outros direitos prevalecem sobre ela apenas em car\u00e1ter excepcional, com base na lei, mormente em hip\u00f3teses em que se invoque a liberdade de express\u00e3o para o cometimento de crimes devidamente tipificados\u201d, completou o presidente.<\/p>\n<p><b>Fonte:<\/b> Ag\u00eancia Brasil<\/p>\n<\/p><\/div>\n<p><a href=\"https:\/\/cgn.inf.br\/noticia\/2076972\/fachin-rebate-relatorio-de-comite-dos-eua-sobre-liberdade-de-expressao\">Fonte do Artigo <\/a><\/p>","protected":false},"excerpt":{"rendered":"<p>O presidente do Supremo Tribunal Federal (STF), ministro Edson Fachin, rebateu as acusa\u00e7\u00f5es de censura contra plataformas digitais que constam em um relat\u00f3rio do Comit\u00ea Judici\u00e1rio da C\u00e2mara dos Estados Unidos, divulgado nesta quinta-feira (2). Produzido por parlamentares que apoiam o presidente Donald Trump, o relat\u00f3rio diz que o ministro Alexandre de Moraes cometeu atos [&hellip;]<\/p>\n","protected":false},"author":1,"featured_media":99084,"comment_status":"closed","ping_status":"","sticky":false,"template":"","format":"standard","meta":{"googlesitekit_rrm_CAow2JLhCw:productID":"","_gspb_post_css":"","maa_idioma":"","maa_pais":"","footnotes":""},"categories":[1],"tags":[6108,3113,1604,24715,24714,17528,10286,18584,3203],"class_list":["post-99083","post","type-post","status-publish","format-standard","has-post-thumbnail","hentry","category-ubirata","tag-comite","tag-dos","tag-eua","tag-expressao","tag-fachin","tag-liberdade","tag-rebate","tag-relatorio","tag-sobre"],"blocksy_meta":[],"yoast_head":"<!-- This site is optimized with the Yoast SEO Premium plugin v27.6 (Yoast SEO v27.6) - https:\/\/yoast.com\/product\/yoast-seo-premium-wordpress\/ -->\n<title>Fachin rebate relat\u00f3rio de comit\u00ea dos EUA sobre liberdade de express\u00e3o - Ubirat\u00e3 Online Not\u00edcias - A realidade ao seu alcance!<\/title>\n<meta name=\"description\" content=\"O presidente do Supremo Tribunal Federal (STF), ministro Edson Fachin, rebateu as acusa\u00e7\u00f5es de censura contra plataformas digitais que constam em um\" \/>\n<meta name=\"robots\" content=\"index, follow, max-snippet:-1, max-image-preview:large, max-video-preview:-1\" \/>\n<link rel=\"canonical\" href=\"https:\/\/ubirataonline.com.br\/en\/fachin-rebate-relatorio-de-comite-dos-eua-sobre-liberdade-de-expressao\/\" \/>\n<meta property=\"og:locale\" content=\"en_US\" \/>\n<meta property=\"og:type\" content=\"article\" \/>\n<meta property=\"og:title\" content=\"Fachin rebate relat\u00f3rio de comit\u00ea dos EUA sobre liberdade de express\u00e3o\" \/>\n<meta property=\"og:description\" content=\"O presidente do Supremo Tribunal Federal (STF), ministro Edson Fachin, rebateu as acusa\u00e7\u00f5es de censura contra plataformas digitais que constam em um\" \/>\n<meta property=\"og:url\" content=\"https:\/\/ubirataonline.com.br\/en\/fachin-rebate-relatorio-de-comite-dos-eua-sobre-liberdade-de-expressao\/\" \/>\n<meta property=\"og:site_name\" content=\"Ubirat\u00e3 Online Not\u00edcias - A realidade ao seu alcance!\" \/>\n<meta property=\"article:publisher\" content=\"https:\/\/www.facebook.com\/portalubirataonline\" \/>\n<meta property=\"article:author\" content=\"https:\/\/www.facebook.com\/portalubirataonline\" \/>\n<meta property=\"article:published_time\" content=\"2026-04-03T12:35:45+00:00\" \/>\n<meta property=\"article:modified_time\" content=\"2026-04-03T12:35:48+00:00\" \/>\n<meta property=\"og:image\" content=\"https:\/\/ubirataonline.com.br\/wp-content\/uploads\/2026\/04\/Fachin-rebate-relatorio-de-comite-dos-EUA-sobre-liberdade-de.webp.webp\" \/>\n\t<meta property=\"og:image:width\" content=\"1600\" \/>\n\t<meta property=\"og:image:height\" content=\"800\" \/>\n\t<meta property=\"og:image:type\" content=\"image\/webp\" \/>\n<meta name=\"author\" content=\"REDA\u00c7\u00c3O: UBIRAT\u00c3 ONLINE - F\u00c1BIO AUGUSTO CELESTINO\" \/>\n<meta name=\"twitter:card\" content=\"summary_large_image\" \/>\n<meta name=\"twitter:creator\" content=\"@x.com\/ubirataonline\" \/>\n<meta name=\"twitter:site\" content=\"@ubirataonline\" \/>\n<meta name=\"twitter:label1\" content=\"Written by\" \/>\n\t<meta name=\"twitter:data1\" content=\"REDA\u00c7\u00c3O: UBIRAT\u00c3 ONLINE - F\u00c1BIO AUGUSTO CELESTINO\" \/>\n\t<meta name=\"twitter:label2\" content=\"Est. reading time\" \/>\n\t<meta name=\"twitter:data2\" content=\"2 minutes\" \/>\n<script type=\"application\/ld+json\" class=\"yoast-schema-graph\">{\"@context\":\"https:\\\/\\\/schema.org\",\"@graph\":[{\"@type\":\"NewsArticle\",\"@id\":\"https:\\\/\\\/ubirataonline.com.br\\\/fachin-rebate-relatorio-de-comite-dos-eua-sobre-liberdade-de-expressao\\\/#article\",\"isPartOf\":{\"@id\":\"https:\\\/\\\/ubirataonline.com.br\\\/fachin-rebate-relatorio-de-comite-dos-eua-sobre-liberdade-de-expressao\\\/\"},\"author\":{\"name\":\"REDA\u00c7\u00c3O: UBIRAT\u00c3 ONLINE - F\u00c1BIO AUGUSTO CELESTINO\",\"@id\":\"https:\\\/\\\/ubirataonline.com.br\\\/#\\\/schema\\\/person\\\/372f87bbd3fdd79b8556b84c98d0bc1c\"},\"headline\":\"Fachin rebate relat\u00f3rio de comit\u00ea dos EUA sobre liberdade de express\u00e3o\",\"datePublished\":\"2026-04-03T12:35:45+00:00\",\"dateModified\":\"2026-04-03T12:35:48+00:00\",\"mainEntityOfPage\":{\"@id\":\"https:\\\/\\\/ubirataonline.com.br\\\/fachin-rebate-relatorio-de-comite-dos-eua-sobre-liberdade-de-expressao\\\/\"},\"wordCount\":328,\"publisher\":{\"@id\":\"https:\\\/\\\/ubirataonline.com.br\\\/#organization\"},\"image\":{\"@id\":\"https:\\\/\\\/ubirataonline.com.br\\\/fachin-rebate-relatorio-de-comite-dos-eua-sobre-liberdade-de-expressao\\\/#primaryimage\"},\"thumbnailUrl\":\"https:\\\/\\\/ubirataonline.com.br\\\/wp-content\\\/uploads\\\/2026\\\/04\\\/Fachin-rebate-relatorio-de-comite-dos-EUA-sobre-liberdade-de.webp.webp\",\"keywords\":[\"comit\u00ea\",\"dos\",\"EUA\",\"express\u00e3o\",\"Fachin\",\"liberdade\",\"rebate\",\"relat\u00f3rio\",\"sobre\"],\"articleSection\":[\"Ubirat\u00e3\"],\"inLanguage\":\"en-US\",\"copyrightYear\":\"2026\",\"copyrightHolder\":{\"@id\":\"https:\\\/\\\/ubirataonline.com.br\\\/en\\\/#organization\"}},{\"@type\":\"WebPage\",\"@id\":\"https:\\\/\\\/ubirataonline.com.br\\\/fachin-rebate-relatorio-de-comite-dos-eua-sobre-liberdade-de-expressao\\\/\",\"url\":\"https:\\\/\\\/ubirataonline.com.br\\\/fachin-rebate-relatorio-de-comite-dos-eua-sobre-liberdade-de-expressao\\\/\",\"name\":\"Fachin rebate relat\u00f3rio de comit\u00ea dos EUA sobre liberdade de express\u00e3o - Ubirat\u00e3 Online Not\u00edcias - A realidade ao seu alcance!\",\"isPartOf\":{\"@id\":\"https:\\\/\\\/ubirataonline.com.br\\\/#website\"},\"primaryImageOfPage\":{\"@id\":\"https:\\\/\\\/ubirataonline.com.br\\\/fachin-rebate-relatorio-de-comite-dos-eua-sobre-liberdade-de-expressao\\\/#primaryimage\"},\"image\":{\"@id\":\"https:\\\/\\\/ubirataonline.com.br\\\/fachin-rebate-relatorio-de-comite-dos-eua-sobre-liberdade-de-expressao\\\/#primaryimage\"},\"thumbnailUrl\":\"https:\\\/\\\/ubirataonline.com.br\\\/wp-content\\\/uploads\\\/2026\\\/04\\\/Fachin-rebate-relatorio-de-comite-dos-EUA-sobre-liberdade-de.webp.webp\",\"datePublished\":\"2026-04-03T12:35:45+00:00\",\"dateModified\":\"2026-04-03T12:35:48+00:00\",\"description\":\"O presidente do Supremo Tribunal Federal (STF), ministro Edson Fachin, rebateu as acusa\u00e7\u00f5es de censura contra plataformas digitais que constam em um\",\"breadcrumb\":{\"@id\":\"https:\\\/\\\/ubirataonline.com.br\\\/fachin-rebate-relatorio-de-comite-dos-eua-sobre-liberdade-de-expressao\\\/#breadcrumb\"},\"inLanguage\":\"en-US\",\"potentialAction\":[{\"@type\":\"ReadAction\",\"target\":[\"https:\\\/\\\/ubirataonline.com.br\\\/fachin-rebate-relatorio-de-comite-dos-eua-sobre-liberdade-de-expressao\\\/\"]}]},{\"@type\":\"ImageObject\",\"inLanguage\":\"en-US\",\"@id\":\"https:\\\/\\\/ubirataonline.com.br\\\/fachin-rebate-relatorio-de-comite-dos-eua-sobre-liberdade-de-expressao\\\/#primaryimage\",\"url\":\"https:\\\/\\\/ubirataonline.com.br\\\/wp-content\\\/uploads\\\/2026\\\/04\\\/Fachin-rebate-relatorio-de-comite-dos-EUA-sobre-liberdade-de.webp.webp\",\"contentUrl\":\"https:\\\/\\\/ubirataonline.com.br\\\/wp-content\\\/uploads\\\/2026\\\/04\\\/Fachin-rebate-relatorio-de-comite-dos-EUA-sobre-liberdade-de.webp.webp\",\"width\":1600,\"height\":800,\"caption\":\"\"},{\"@type\":\"BreadcrumbList\",\"@id\":\"https:\\\/\\\/ubirataonline.com.br\\\/fachin-rebate-relatorio-de-comite-dos-eua-sobre-liberdade-de-expressao\\\/#breadcrumb\",\"itemListElement\":[{\"@type\":\"ListItem\",\"position\":1,\"name\":\"In\u00edcio\",\"item\":\"https:\\\/\\\/ubirataonline.com.br\\\/\"},{\"@type\":\"ListItem\",\"position\":2,\"name\":\"Fachin rebate relat\u00f3rio de comit\u00ea dos EUA sobre liberdade de express\u00e3o\"}]},{\"@type\":\"WebSite\",\"@id\":\"https:\\\/\\\/ubirataonline.com.br\\\/#website\",\"url\":\"https:\\\/\\\/ubirataonline.com.br\\\/\",\"name\":\"Ubirat\u00e3 Online Not\u00edcias\",\"description\":\"Not\u00edcias de Ubirat\u00e3, regi\u00e3o, Brasil e mundo, com informa\u00e7\u00e3o atualizada e compromisso com o leitor.\",\"publisher\":{\"@id\":\"https:\\\/\\\/ubirataonline.com.br\\\/#organization\"},\"alternateName\":\"Ubirat\u00e3 Online\",\"potentialAction\":[{\"@type\":\"SearchAction\",\"target\":{\"@type\":\"EntryPoint\",\"urlTemplate\":\"https:\\\/\\\/ubirataonline.com.br\\\/?s={search_term_string}\"},\"query-input\":{\"@type\":\"PropertyValueSpecification\",\"valueRequired\":true,\"valueName\":\"search_term_string\"}}],\"inLanguage\":\"en-US\"},{\"@type\":[\"Organization\",\"Place\"],\"@id\":\"https:\\\/\\\/ubirataonline.com.br\\\/#organization\",\"name\":\"Ubirat\u00e3 Online Not\u00edcias\",\"alternateName\":\"Ubirat\u00e3 Online\",\"url\":\"https:\\\/\\\/ubirataonline.com.br\\\/\",\"logo\":{\"@id\":\"https:\\\/\\\/ubirataonline.com.br\\\/fachin-rebate-relatorio-de-comite-dos-eua-sobre-liberdade-de-expressao\\\/#local-main-organization-logo\"},\"image\":{\"@id\":\"https:\\\/\\\/ubirataonline.com.br\\\/fachin-rebate-relatorio-de-comite-dos-eua-sobre-liberdade-de-expressao\\\/#local-main-organization-logo\"},\"sameAs\":[\"https:\\\/\\\/www.facebook.com\\\/portalubirataonline\",\"https:\\\/\\\/x.com\\\/ubirataonline\",\"https:\\\/\\\/mastodon.social\\\/@ubirataonline\",\"https:\\\/\\\/www.facebook.com\\\/groups\\\/311144672285604\",\"https:\\\/\\\/www.facebook.com\\\/UBTAOnline\",\"https:\\\/\\\/www.instagram.com\\\/portalubirataonline\\\/\",\"https:\\\/\\\/twitter.com\\\/ubirataonline\"],\"description\":\"Somos um portal de not\u00edcias independente, criado em 5 de janeiro de 2009, com o objetivo de informar, conectar e valorizar a nossa comunidade de Ubirat\u00e3 e toda aregi\u00e3o. Com conte\u00fado atualizado, confi\u00e1vel e relevante, o Ubirat\u00e3 Online \u00e9 o seu espa\u00e7o para ficar por dentro dos principais acontecimentos locais, regionais, Brasil, Mundo e de interesse geral. Nosso compromisso \u00e9 com a verdade, a transpar\u00eancia e o respeito ao leitor.\",\"legalName\":\"UBIRATA ONLINE NOT\u00cdCIAS\",\"foundingDate\":\"2009-01-05\",\"numberOfEmployees\":{\"@type\":\"QuantitativeValue\",\"minValue\":\"1\",\"maxValue\":\"10\"},\"publishingPrinciples\":\"https:\\\/\\\/ubirataonline.com.br\\\/faq\\\/\",\"address\":{\"@id\":\"https:\\\/\\\/ubirataonline.com.br\\\/fachin-rebate-relatorio-de-comite-dos-eua-sobre-liberdade-de-expressao\\\/#local-main-place-address\"},\"geo\":{\"@type\":\"GeoCoordinates\",\"latitude\":\"-24.5361401\",\"longitude\":\"-52.9921776\"},\"telephone\":[\"+5544998308235\"],\"contactPoint\":{\"@type\":\"ContactPoint\",\"email\":\"contato@ubirataonline.com.br\"},\"openingHoursSpecification\":{\"@type\":\"OpeningHoursSpecification\",\"dayOfWeek\":[\"Monday\",\"Tuesday\",\"Wednesday\",\"Thursday\",\"Friday\",\"Saturday\",\"Sunday\"],\"opens\":\"00:00\",\"closes\":\"23:59\"},\"email\":\"contato@ubirataonline.com.br\",\"vatID\":\"47.621.418\\\/0001-80\"},{\"@type\":\"Person\",\"@id\":\"https:\\\/\\\/ubirataonline.com.br\\\/#\\\/schema\\\/person\\\/372f87bbd3fdd79b8556b84c98d0bc1c\",\"name\":\"REDA\u00c7\u00c3O: UBIRAT\u00c3 ONLINE - F\u00c1BIO AUGUSTO CELESTINO\",\"pronouns\":\"Ele\",\"description\":\"Desde 2003 trabalhando com not\u00edcias.\",\"sameAs\":[\"http:\\\/\\\/ubirataoline.com.br\",\"https:\\\/\\\/www.facebook.com\\\/portalubirataonline\",\"https:\\\/\\\/www.instagram.com\\\/ubirataonline_oficial\",\"https:\\\/\\\/x.com\\\/x.com\\\/ubirataonline\"],\"honorificPrefix\":\"Mr.\",\"honorificSuffix\":\"MD\",\"birthDate\":\"1980-06-16\",\"gender\":\"masculino\",\"award\":[\"V\u00e1rios pr\u00eamios de melhor portal da cidade\"],\"jobTitle\":\"Diretor\",\"url\":\"https:\\\/\\\/ubirataonline.com.br\\\/en\\\/author\\\/ubirataonline\\\/\"},{\"@type\":\"PostalAddress\",\"@id\":\"https:\\\/\\\/ubirataonline.com.br\\\/fachin-rebate-relatorio-de-comite-dos-eua-sobre-liberdade-de-expressao\\\/#local-main-place-address\",\"streetAddress\":\"Rua dos Coqueiros, 104 - Bairro Boa Vista, Rua dos Coqueiros, 104 Bairro Boa Vista\",\"addressLocality\":\"UBIRATA\",\"postalCode\":\"85440-000\",\"addressRegion\":\"PR\",\"addressCountry\":\"BR\"},{\"@type\":\"ImageObject\",\"inLanguage\":\"en-US\",\"@id\":\"https:\\\/\\\/ubirataonline.com.br\\\/fachin-rebate-relatorio-de-comite-dos-eua-sobre-liberdade-de-expressao\\\/#local-main-organization-logo\",\"url\":\"https:\\\/\\\/ubirataonline.com.br\\\/wp-content\\\/uploads\\\/2026\\\/06\\\/logoubirataonline-1.webp\",\"contentUrl\":\"https:\\\/\\\/ubirataonline.com.br\\\/wp-content\\\/uploads\\\/2026\\\/06\\\/logoubirataonline-1.webp\",\"width\":500,\"height\":500,\"caption\":\"Ubirat\u00e3 Online Not\u00edcias\"}]}<\/script>\n<meta name=\"geo.placename\" content=\"UBIRATA\" \/>\n<meta name=\"geo.position\" content=\"-24.5361401;-52.9921776\" \/>\n<meta name=\"geo.region\" content=\"Brazil\" \/>\n<!-- \/ Yoast SEO Premium plugin. -->","yoast_head_json":{"title":"Fachin rebate relat\u00f3rio de comit\u00ea dos EUA sobre liberdade de express\u00e3o - Ubirat\u00e3 Online Not\u00edcias - A realidade ao seu alcance!","description":"O presidente do Supremo Tribunal Federal (STF), ministro Edson Fachin, rebateu as acusa\u00e7\u00f5es de censura contra plataformas digitais que constam em um","robots":{"index":"index","follow":"follow","max-snippet":"max-snippet:-1","max-image-preview":"max-image-preview:large","max-video-preview":"max-video-preview:-1"},"canonical":"https:\/\/ubirataonline.com.br\/en\/fachin-rebate-relatorio-de-comite-dos-eua-sobre-liberdade-de-expressao\/","og_locale":"en_US","og_type":"article","og_title":"Fachin rebate relat\u00f3rio de comit\u00ea dos EUA sobre liberdade de express\u00e3o","og_description":"O presidente do Supremo Tribunal Federal (STF), ministro Edson Fachin, rebateu as acusa\u00e7\u00f5es de censura contra plataformas digitais que constam em um","og_url":"https:\/\/ubirataonline.com.br\/en\/fachin-rebate-relatorio-de-comite-dos-eua-sobre-liberdade-de-expressao\/","og_site_name":"Ubirat\u00e3 Online Not\u00edcias - A realidade ao seu alcance!","article_publisher":"https:\/\/www.facebook.com\/portalubirataonline","article_author":"https:\/\/www.facebook.com\/portalubirataonline","article_published_time":"2026-04-03T12:35:45+00:00","article_modified_time":"2026-04-03T12:35:48+00:00","og_image":[{"width":1600,"height":800,"url":"https:\/\/ubirataonline.com.br\/wp-content\/uploads\/2026\/04\/Fachin-rebate-relatorio-de-comite-dos-EUA-sobre-liberdade-de.webp.webp","type":"image\/webp"}],"author":"REDA\u00c7\u00c3O: UBIRAT\u00c3 ONLINE - F\u00c1BIO AUGUSTO CELESTINO","twitter_card":"summary_large_image","twitter_creator":"@x.com\/ubirataonline","twitter_site":"@ubirataonline","twitter_misc":{"Written by":"REDA\u00c7\u00c3O: UBIRAT\u00c3 ONLINE - F\u00c1BIO AUGUSTO CELESTINO","Est. reading time":"2 minutes"},"schema":{"@context":"https:\/\/schema.org","@graph":[{"@type":"NewsArticle","@id":"https:\/\/ubirataonline.com.br\/fachin-rebate-relatorio-de-comite-dos-eua-sobre-liberdade-de-expressao\/#article","isPartOf":{"@id":"https:\/\/ubirataonline.com.br\/fachin-rebate-relatorio-de-comite-dos-eua-sobre-liberdade-de-expressao\/"},"author":{"name":"REDA\u00c7\u00c3O: UBIRAT\u00c3 ONLINE - F\u00c1BIO AUGUSTO CELESTINO","@id":"https:\/\/ubirataonline.com.br\/#\/schema\/person\/372f87bbd3fdd79b8556b84c98d0bc1c"},"headline":"Fachin rebate relat\u00f3rio de comit\u00ea dos EUA sobre liberdade de express\u00e3o","datePublished":"2026-04-03T12:35:45+00:00","dateModified":"2026-04-03T12:35:48+00:00","mainEntityOfPage":{"@id":"https:\/\/ubirataonline.com.br\/fachin-rebate-relatorio-de-comite-dos-eua-sobre-liberdade-de-expressao\/"},"wordCount":328,"publisher":{"@id":"https:\/\/ubirataonline.com.br\/#organization"},"image":{"@id":"https:\/\/ubirataonline.com.br\/fachin-rebate-relatorio-de-comite-dos-eua-sobre-liberdade-de-expressao\/#primaryimage"},"thumbnailUrl":"https:\/\/ubirataonline.com.br\/wp-content\/uploads\/2026\/04\/Fachin-rebate-relatorio-de-comite-dos-EUA-sobre-liberdade-de.webp.webp","keywords":["comit\u00ea","dos","EUA","express\u00e3o","Fachin","liberdade","rebate","relat\u00f3rio","sobre"],"articleSection":["Ubirat\u00e3"],"inLanguage":"en-US","copyrightYear":"2026","copyrightHolder":{"@id":"https:\/\/ubirataonline.com.br\/en\/#organization"}},{"@type":"WebPage","@id":"https:\/\/ubirataonline.com.br\/fachin-rebate-relatorio-de-comite-dos-eua-sobre-liberdade-de-expressao\/","url":"https:\/\/ubirataonline.com.br\/fachin-rebate-relatorio-de-comite-dos-eua-sobre-liberdade-de-expressao\/","name":"Fachin rebate relat\u00f3rio de comit\u00ea dos EUA sobre liberdade de express\u00e3o - Ubirat\u00e3 Online Not\u00edcias - A realidade ao seu alcance!","isPartOf":{"@id":"https:\/\/ubirataonline.com.br\/#website"},"primaryImageOfPage":{"@id":"https:\/\/ubirataonline.com.br\/fachin-rebate-relatorio-de-comite-dos-eua-sobre-liberdade-de-expressao\/#primaryimage"},"image":{"@id":"https:\/\/ubirataonline.com.br\/fachin-rebate-relatorio-de-comite-dos-eua-sobre-liberdade-de-expressao\/#primaryimage"},"thumbnailUrl":"https:\/\/ubirataonline.com.br\/wp-content\/uploads\/2026\/04\/Fachin-rebate-relatorio-de-comite-dos-EUA-sobre-liberdade-de.webp.webp","datePublished":"2026-04-03T12:35:45+00:00","dateModified":"2026-04-03T12:35:48+00:00","description":"O presidente do Supremo Tribunal Federal (STF), ministro Edson Fachin, rebateu as acusa\u00e7\u00f5es de censura contra plataformas digitais que constam em um","breadcrumb":{"@id":"https:\/\/ubirataonline.com.br\/fachin-rebate-relatorio-de-comite-dos-eua-sobre-liberdade-de-expressao\/#breadcrumb"},"inLanguage":"en-US","potentialAction":[{"@type":"ReadAction","target":["https:\/\/ubirataonline.com.br\/fachin-rebate-relatorio-de-comite-dos-eua-sobre-liberdade-de-expressao\/"]}]},{"@type":"ImageObject","inLanguage":"en-US","@id":"https:\/\/ubirataonline.com.br\/fachin-rebate-relatorio-de-comite-dos-eua-sobre-liberdade-de-expressao\/#primaryimage","url":"https:\/\/ubirataonline.com.br\/wp-content\/uploads\/2026\/04\/Fachin-rebate-relatorio-de-comite-dos-EUA-sobre-liberdade-de.webp.webp","contentUrl":"https:\/\/ubirataonline.com.br\/wp-content\/uploads\/2026\/04\/Fachin-rebate-relatorio-de-comite-dos-EUA-sobre-liberdade-de.webp.webp","width":1600,"height":800,"caption":""},{"@type":"BreadcrumbList","@id":"https:\/\/ubirataonline.com.br\/fachin-rebate-relatorio-de-comite-dos-eua-sobre-liberdade-de-expressao\/#breadcrumb","itemListElement":[{"@type":"ListItem","position":1,"name":"In\u00edcio","item":"https:\/\/ubirataonline.com.br\/"},{"@type":"ListItem","position":2,"name":"Fachin rebate relat\u00f3rio de comit\u00ea dos EUA sobre liberdade de express\u00e3o"}]},{"@type":"WebSite","@id":"https:\/\/ubirataonline.com.br\/#website","url":"https:\/\/ubirataonline.com.br\/","name":"Ubirat\u00e3 Online Not\u00edcias","description":"Not\u00edcias de Ubirat\u00e3, regi\u00e3o, Brasil e mundo, com informa\u00e7\u00e3o atualizada e compromisso com o leitor.","publisher":{"@id":"https:\/\/ubirataonline.com.br\/#organization"},"alternateName":"Ubirat\u00e3 Online","potentialAction":[{"@type":"SearchAction","target":{"@type":"EntryPoint","urlTemplate":"https:\/\/ubirataonline.com.br\/?s={search_term_string}"},"query-input":{"@type":"PropertyValueSpecification","valueRequired":true,"valueName":"search_term_string"}}],"inLanguage":"en-US"},{"@type":["Organization","Place"],"@id":"https:\/\/ubirataonline.com.br\/#organization","name":"Ubirat\u00e3 Online Not\u00edcias","alternateName":"Ubirat\u00e3 Online","url":"https:\/\/ubirataonline.com.br\/","logo":{"@id":"https:\/\/ubirataonline.com.br\/fachin-rebate-relatorio-de-comite-dos-eua-sobre-liberdade-de-expressao\/#local-main-organization-logo"},"image":{"@id":"https:\/\/ubirataonline.com.br\/fachin-rebate-relatorio-de-comite-dos-eua-sobre-liberdade-de-expressao\/#local-main-organization-logo"},"sameAs":["https:\/\/www.facebook.com\/portalubirataonline","https:\/\/x.com\/ubirataonline","https:\/\/mastodon.social\/@ubirataonline","https:\/\/www.facebook.com\/groups\/311144672285604","https:\/\/www.facebook.com\/UBTAOnline","https:\/\/www.instagram.com\/portalubirataonline\/","https:\/\/twitter.com\/ubirataonline"],"description":"Somos um portal de not\u00edcias independente, criado em 5 de janeiro de 2009, com o objetivo de informar, conectar e valorizar a nossa comunidade de Ubirat\u00e3 e toda aregi\u00e3o. Com conte\u00fado atualizado, confi\u00e1vel e relevante, o Ubirat\u00e3 Online \u00e9 o seu espa\u00e7o para ficar por dentro dos principais acontecimentos locais, regionais, Brasil, Mundo e de interesse geral. Nosso compromisso \u00e9 com a verdade, a transpar\u00eancia e o respeito ao leitor.","legalName":"UBIRATA ONLINE NOT\u00cdCIAS","foundingDate":"2009-01-05","numberOfEmployees":{"@type":"QuantitativeValue","minValue":"1","maxValue":"10"},"publishingPrinciples":"https:\/\/ubirataonline.com.br\/faq\/","address":{"@id":"https:\/\/ubirataonline.com.br\/fachin-rebate-relatorio-de-comite-dos-eua-sobre-liberdade-de-expressao\/#local-main-place-address"},"geo":{"@type":"GeoCoordinates","latitude":"-24.5361401","longitude":"-52.9921776"},"telephone":["+5544998308235"],"contactPoint":{"@type":"ContactPoint","email":"contato@ubirataonline.com.br"},"openingHoursSpecification":{"@type":"OpeningHoursSpecification","dayOfWeek":["Monday","Tuesday","Wednesday","Thursday","Friday","Saturday","Sunday"],"opens":"00:00","closes":"23:59"},"email":"contato@ubirataonline.com.br","vatID":"47.621.418\/0001-80"},{"@type":"Person","@id":"https:\/\/ubirataonline.com.br\/#\/schema\/person\/372f87bbd3fdd79b8556b84c98d0bc1c","name":"REDA\u00c7\u00c3O: UBIRAT\u00c3 ONLINE - F\u00c1BIO AUGUSTO CELESTINO","pronouns":"Ele","description":"Desde 2003 trabalhando com not\u00edcias.","sameAs":["http:\/\/ubirataoline.com.br","https:\/\/www.facebook.com\/portalubirataonline","https:\/\/www.instagram.com\/ubirataonline_oficial","https:\/\/x.com\/x.com\/ubirataonline"],"honorificPrefix":"Mr.","honorificSuffix":"MD","birthDate":"1980-06-16","gender":"masculino","award":["V\u00e1rios pr\u00eamios de melhor portal da cidade"],"jobTitle":"Diretor","url":"https:\/\/ubirataonline.com.br\/en\/author\/ubirataonline\/"},{"@type":"PostalAddress","@id":"https:\/\/ubirataonline.com.br\/fachin-rebate-relatorio-de-comite-dos-eua-sobre-liberdade-de-expressao\/#local-main-place-address","streetAddress":"Rua dos Coqueiros, 104 - Bairro Boa Vista, Rua dos Coqueiros, 104 Bairro Boa Vista","addressLocality":"UBIRATA","postalCode":"85440-000","addressRegion":"PR","addressCountry":"BR"},{"@type":"ImageObject","inLanguage":"en-US","@id":"https:\/\/ubirataonline.com.br\/fachin-rebate-relatorio-de-comite-dos-eua-sobre-liberdade-de-expressao\/#local-main-organization-logo","url":"https:\/\/ubirataonline.com.br\/wp-content\/uploads\/2026\/06\/logoubirataonline-1.webp","contentUrl":"https:\/\/ubirataonline.com.br\/wp-content\/uploads\/2026\/06\/logoubirataonline-1.webp","width":500,"height":500,"caption":"Ubirat\u00e3 Online Not\u00edcias"}]},"geo.placename":"UBIRATA","geo.position":{"lat":"-24.5361401","long":"-52.9921776"},"geo.region":"Brazil"},"_links":{"self":[{"href":"https:\/\/ubirataonline.com.br\/en\/wp-json\/wp\/v2\/posts\/99083","targetHints":{"allow":["GET"]}}],"collection":[{"href":"https:\/\/ubirataonline.com.br\/en\/wp-json\/wp\/v2\/posts"}],"about":[{"href":"https:\/\/ubirataonline.com.br\/en\/wp-json\/wp\/v2\/types\/post"}],"author":[{"embeddable":true,"href":"https:\/\/ubirataonline.com.br\/en\/wp-json\/wp\/v2\/users\/1"}],"replies":[{"embeddable":true,"href":"https:\/\/ubirataonline.com.br\/en\/wp-json\/wp\/v2\/comments?post=99083"}],"version-history":[{"count":0,"href":"https:\/\/ubirataonline.com.br\/en\/wp-json\/wp\/v2\/posts\/99083\/revisions"}],"wp:featuredmedia":[{"embeddable":true,"href":"https:\/\/ubirataonline.com.br\/en\/wp-json\/wp\/v2\/media\/99084"}],"wp:attachment":[{"href":"https:\/\/ubirataonline.com.br\/en\/wp-json\/wp\/v2\/media?parent=99083"}],"wp:term":[{"taxonomy":"category","embeddable":true,"href":"https:\/\/ubirataonline.com.br\/en\/wp-json\/wp\/v2\/categories?post=99083"},{"taxonomy":"post_tag","embeddable":true,"href":"https:\/\/ubirataonline.com.br\/en\/wp-json\/wp\/v2\/tags?post=99083"}],"curies":[{"name":"wp","href":"https:\/\/api.w.org\/{rel}","templated":true}]}}