{"id":991,"date":"2017-01-25T12:23:46","date_gmt":"2017-01-25T15:23:46","guid":{"rendered":"https:\/\/ubirataonline.com.br\/?p=991"},"modified":"2017-01-26T07:25:27","modified_gmt":"2017-01-26T10:25:27","slug":"vereador-faz-indicacao-solicitando-criacao-da-secretaria-do-meio-ambiente-e-agricultura","status":"publish","type":"post","link":"https:\/\/ubirataonline.com.br\/en\/vereador-faz-indicacao-solicitando-criacao-da-secretaria-do-meio-ambiente-e-agricultura\/","title":{"rendered":"Vereador Faz indica\u00e7\u00e3o solicitando cria\u00e7\u00e3o da Secretaria do Meio Ambiente e Agricultura"},"content":{"rendered":"<h3><strong>Foi realizado na C\u00e2mara de Vereadores a 4\u00aa sess\u00e3o ordin\u00e1ria do ano de 2017.<\/strong><\/h3>\n<p>Na sess\u00e3o desta ter\u00e7a-feira (24), o Vereador Harri Tholken solicitou a cria\u00e7\u00e3o da Secretaria de Meio Ambiente e Agricultura, considerando que o munic\u00edpio \u00e9 agr\u00edcola e tamb\u00e9m possui\u00a0 v\u00e1rias \u00e1reas de preserva\u00e7\u00e3o ecol\u00f3gica e para que possa ter condi\u00e7\u00f5es de desenvolver projetos voltados para a agricultura e meio ambiente seria necess\u00e1rio \u00a0transformar a divis\u00e3o de meio ambiente em secretaria facilitando a busca de parcerias junto a empresas privadas e governamentais.<\/p>\n<p>Para trabalhar com maior autonomia visando desenvolvimento sustent\u00e1vel, para trazer ao munic\u00edpio parte dos servi\u00e7os do IAP e assim facilitar aos produtores rurais acesso as pequenas a\u00e7\u00f5es e para viabilizar recursos financeiros para revitaliza\u00e7\u00e3o, estrutura\u00e7\u00e3o e manuten\u00e7\u00e3o do parque \u00canio Pipino e o Parque Natural Jo\u00e3o Bertoli. Isso s\u00f3 seria poss\u00edvel com a transforma\u00e7\u00e3o da divis\u00e3o em secretaria.<\/p>\n<blockquote><p><em><strong>\u00c9 necess\u00e1rio essa mudan\u00e7a para se conseguir recursos que muitas vezes vem a fundo perdido. Muitas a\u00e7\u00f5es para serem desenvolvidas dependem da estrutura administrativa, muitos recursos s\u00e3o liberados para secretarias e n\u00e3o para divis\u00f5es. Nesse sentido estamos propondo que estude a viabilidade da cria\u00e7\u00e3o da secretaria j\u00e1 que temos material humano trabalhando nessa \u00e1rea e n\u00e3o acarretara custos adicionais com pessoal e estrutura, \u00a0j\u00e1 que 90 % do quadro pessoal j\u00e1 esta formado<\/strong><\/em>, Comenta Tholken<\/p><\/blockquote>\n<p>Na mesma sess\u00e3o foi solicitado tamb\u00e9m adequa\u00e7\u00e3o e recupera\u00e7\u00e3o das ruas de terra no Distrito de Yolanda e em Ubirat\u00e3, pois ainda existe \u00a0algumas ruas sem pedras poli\u00e9dricas e sem asfalto e com as chuvas se formam algumas valetas dificultando o tr\u00e1fego de autom\u00f3veis e pessoas que moram nessas localidades.<\/p>\n<p>Foi feita indica\u00e7\u00e3o para coloca\u00e7\u00e3o de um elevador no pa\u00e7o municipal para facilitar o acesso de pessoas com problemas de locomo\u00e7\u00e3o, como \u00a0deficientes \u00a0e idosos que tem dificuldades em subir escadas e necessitam do poder p\u00fablico para resolver problemas particulares e de sua comunidade.<\/p>\n<p>Indica\u00e7\u00e3o ainda para a implanta\u00e7\u00e3o de redutores \u00a0de velocidade e placas sinalizando esses referidos redutores na Rua Epit\u00e1cio Pessoa esquina com a \u00a0Donato Felix Leite no Jardim Panorama\u00a0e na Estrada Medeiros pr\u00f3ximo ao Sitio da Fam\u00edlia Felizari, onde o excesso de velocidade por parte dos motoristas podem ocasionar acidentes.<\/p>\n<p>&nbsp;<\/p>","protected":false},"excerpt":{"rendered":"<p>Foi realizado na C\u00e2mara de Vereadores a 4\u00aa sess\u00e3o ordin\u00e1ria do ano de 2017. Na sess\u00e3o desta ter\u00e7a-feira (24), o Vereador Harri Tholken solicitou a cria\u00e7\u00e3o da Secretaria de Meio Ambiente e Agricultura, considerando que o munic\u00edpio \u00e9 agr\u00edcola e tamb\u00e9m possui\u00a0 v\u00e1rias \u00e1reas de preserva\u00e7\u00e3o ecol\u00f3gica e para que possa ter condi\u00e7\u00f5es de desenvolver [&hellip;]<\/p>\n","protected":false},"author":2,"featured_media":0,"comment_status":"closed","ping_status":"closed","sticky":false,"template":"","format":"standard","meta":{"googlesitekit_rrm_CAow2JLhCw:productID":"","_gspb_post_css":"","maa_idioma":"","maa_pais":"","footnotes":""},"categories":[],"tags":[],"class_list":["post-991","post","type-post","status-publish","format-standard","hentry"],"blocksy_meta":[],"yoast_head":"<!-- This site is optimized with the Yoast SEO Premium plugin v27.6 (Yoast SEO v27.6) - https:\/\/yoast.com\/product\/yoast-seo-premium-wordpress\/ -->\n<title>Vereador Faz indica\u00e7\u00e3o solicitando cria\u00e7\u00e3o da Secretaria do Meio Ambiente e Agricultura - Ubirat\u00e3 Online Not\u00edcias - A realidade ao seu alcance!<\/title>\n<meta name=\"description\" content=\"Foi realizado na C\u00e2mara de Vereadores a 4\u00aa sess\u00e3o ordin\u00e1ria do ano de 2017. Na sess\u00e3o desta ter\u00e7a-feira (24), o Vereador Harri Tholken solicitou a cria\u00e7\u00e3o\" \/>\n<meta name=\"robots\" content=\"index, follow, max-snippet:-1, max-image-preview:large, max-video-preview:-1\" \/>\n<link rel=\"canonical\" href=\"https:\/\/ubirataonline.com.br\/en\/vereador-faz-indicacao-solicitando-criacao-da-secretaria-do-meio-ambiente-e-agricultura\/\" \/>\n<meta property=\"og:locale\" content=\"en_US\" \/>\n<meta property=\"og:type\" content=\"article\" \/>\n<meta property=\"og:title\" content=\"Vereador Faz indica\u00e7\u00e3o solicitando cria\u00e7\u00e3o da Secretaria do Meio Ambiente e Agricultura\" \/>\n<meta property=\"og:description\" content=\"Foi realizado na C\u00e2mara de Vereadores a 4\u00aa sess\u00e3o ordin\u00e1ria do ano de 2017. Na sess\u00e3o desta ter\u00e7a-feira (24), o Vereador Harri Tholken solicitou a cria\u00e7\u00e3o\" \/>\n<meta property=\"og:url\" content=\"https:\/\/ubirataonline.com.br\/en\/vereador-faz-indicacao-solicitando-criacao-da-secretaria-do-meio-ambiente-e-agricultura\/\" \/>\n<meta property=\"og:site_name\" content=\"Ubirat\u00e3 Online Not\u00edcias - A realidade ao seu alcance!\" \/>\n<meta property=\"article:publisher\" content=\"https:\/\/www.facebook.com\/portalubirataonline\" \/>\n<meta property=\"article:published_time\" content=\"2017-01-25T15:23:46+00:00\" \/>\n<meta property=\"article:modified_time\" content=\"2017-01-26T10:25:27+00:00\" \/>\n<meta property=\"og:image\" content=\"https:\/\/ubirataonline.com.br\/wp-content\/uploads\/2026\/05\/logo2026.webp\" \/>\n\t<meta property=\"og:image:width\" content=\"1531\" \/>\n\t<meta property=\"og:image:height\" content=\"418\" \/>\n\t<meta property=\"og:image:type\" content=\"image\/webp\" \/>\n<meta name=\"author\" content=\"Vampeta\" \/>\n<meta name=\"twitter:card\" content=\"summary_large_image\" \/>\n<meta name=\"twitter:creator\" content=\"@ubirataonline\" \/>\n<meta name=\"twitter:site\" content=\"@ubirataonline\" \/>\n<meta name=\"twitter:label1\" content=\"Written by\" \/>\n\t<meta name=\"twitter:data1\" content=\"Vampeta\" \/>\n\t<meta name=\"twitter:label2\" content=\"Est. reading time\" \/>\n\t<meta name=\"twitter:data2\" content=\"2 minutes\" \/>\n<script type=\"application\/ld+json\" class=\"yoast-schema-graph\">{\"@context\":\"https:\\\/\\\/schema.org\",\"@graph\":[{\"@type\":\"NewsArticle\",\"@id\":\"https:\\\/\\\/ubirataonline.com.br\\\/vereador-faz-indicacao-solicitando-criacao-da-secretaria-do-meio-ambiente-e-agricultura\\\/#article\",\"isPartOf\":{\"@id\":\"https:\\\/\\\/ubirataonline.com.br\\\/vereador-faz-indicacao-solicitando-criacao-da-secretaria-do-meio-ambiente-e-agricultura\\\/\"},\"author\":{\"name\":\"Vampeta\",\"@id\":\"https:\\\/\\\/ubirataonline.com.br\\\/#\\\/schema\\\/person\\\/09f7a474bd1834b50dea8d1c197e976f\"},\"headline\":\"Vereador Faz indica\u00e7\u00e3o solicitando cria\u00e7\u00e3o da Secretaria do Meio Ambiente e Agricultura\",\"datePublished\":\"2017-01-25T15:23:46+00:00\",\"dateModified\":\"2017-01-26T10:25:27+00:00\",\"mainEntityOfPage\":{\"@id\":\"https:\\\/\\\/ubirataonline.com.br\\\/vereador-faz-indicacao-solicitando-criacao-da-secretaria-do-meio-ambiente-e-agricultura\\\/\"},\"wordCount\":420,\"publisher\":{\"@id\":\"https:\\\/\\\/ubirataonline.com.br\\\/#organization\"},\"inLanguage\":\"en-US\",\"copyrightYear\":\"2017\",\"copyrightHolder\":{\"@id\":\"https:\\\/\\\/ubirataonline.com.br\\\/en\\\/#organization\"}},{\"@type\":\"WebPage\",\"@id\":\"https:\\\/\\\/ubirataonline.com.br\\\/vereador-faz-indicacao-solicitando-criacao-da-secretaria-do-meio-ambiente-e-agricultura\\\/\",\"url\":\"https:\\\/\\\/ubirataonline.com.br\\\/vereador-faz-indicacao-solicitando-criacao-da-secretaria-do-meio-ambiente-e-agricultura\\\/\",\"name\":\"Vereador Faz indica\u00e7\u00e3o solicitando cria\u00e7\u00e3o da Secretaria do Meio Ambiente e Agricultura - Ubirat\u00e3 Online Not\u00edcias - A realidade ao seu alcance!\",\"isPartOf\":{\"@id\":\"https:\\\/\\\/ubirataonline.com.br\\\/#website\"},\"datePublished\":\"2017-01-25T15:23:46+00:00\",\"dateModified\":\"2017-01-26T10:25:27+00:00\",\"description\":\"Foi realizado na C\u00e2mara de Vereadores a 4\u00aa sess\u00e3o ordin\u00e1ria do ano de 2017. Na sess\u00e3o desta ter\u00e7a-feira (24), o Vereador Harri Tholken solicitou a cria\u00e7\u00e3o\",\"breadcrumb\":{\"@id\":\"https:\\\/\\\/ubirataonline.com.br\\\/vereador-faz-indicacao-solicitando-criacao-da-secretaria-do-meio-ambiente-e-agricultura\\\/#breadcrumb\"},\"inLanguage\":\"en-US\",\"potentialAction\":[{\"@type\":\"ReadAction\",\"target\":[\"https:\\\/\\\/ubirataonline.com.br\\\/vereador-faz-indicacao-solicitando-criacao-da-secretaria-do-meio-ambiente-e-agricultura\\\/\"]}]},{\"@type\":\"BreadcrumbList\",\"@id\":\"https:\\\/\\\/ubirataonline.com.br\\\/vereador-faz-indicacao-solicitando-criacao-da-secretaria-do-meio-ambiente-e-agricultura\\\/#breadcrumb\",\"itemListElement\":[{\"@type\":\"ListItem\",\"position\":1,\"name\":\"In\u00edcio\",\"item\":\"https:\\\/\\\/ubirataonline.com.br\\\/\"},{\"@type\":\"ListItem\",\"position\":2,\"name\":\"Vereador Faz indica\u00e7\u00e3o solicitando cria\u00e7\u00e3o da Secretaria do Meio Ambiente e Agricultura\"}]},{\"@type\":\"WebSite\",\"@id\":\"https:\\\/\\\/ubirataonline.com.br\\\/#website\",\"url\":\"https:\\\/\\\/ubirataonline.com.br\\\/\",\"name\":\"Ubirat\u00e3 Online Not\u00edcias\",\"description\":\"Not\u00edcias de Ubirat\u00e3, regi\u00e3o, Brasil e mundo, com informa\u00e7\u00e3o atualizada e compromisso com o leitor.\",\"publisher\":{\"@id\":\"https:\\\/\\\/ubirataonline.com.br\\\/#organization\"},\"alternateName\":\"Ubirat\u00e3 Online\",\"potentialAction\":[{\"@type\":\"SearchAction\",\"target\":{\"@type\":\"EntryPoint\",\"urlTemplate\":\"https:\\\/\\\/ubirataonline.com.br\\\/?s={search_term_string}\"},\"query-input\":{\"@type\":\"PropertyValueSpecification\",\"valueRequired\":true,\"valueName\":\"search_term_string\"}}],\"inLanguage\":\"en-US\"},{\"@type\":[\"Organization\",\"Place\"],\"@id\":\"https:\\\/\\\/ubirataonline.com.br\\\/#organization\",\"name\":\"Ubirat\u00e3 Online Not\u00edcias\",\"alternateName\":\"Ubirat\u00e3 Online\",\"url\":\"https:\\\/\\\/ubirataonline.com.br\\\/\",\"logo\":{\"@id\":\"https:\\\/\\\/ubirataonline.com.br\\\/vereador-faz-indicacao-solicitando-criacao-da-secretaria-do-meio-ambiente-e-agricultura\\\/#local-main-organization-logo\"},\"image\":{\"@id\":\"https:\\\/\\\/ubirataonline.com.br\\\/vereador-faz-indicacao-solicitando-criacao-da-secretaria-do-meio-ambiente-e-agricultura\\\/#local-main-organization-logo\"},\"sameAs\":[\"https:\\\/\\\/www.facebook.com\\\/portalubirataonline\",\"https:\\\/\\\/x.com\\\/ubirataonline\",\"https:\\\/\\\/mastodon.social\\\/@ubirataonline\",\"https:\\\/\\\/www.facebook.com\\\/groups\\\/311144672285604\",\"https:\\\/\\\/www.facebook.com\\\/UBTAOnline\",\"https:\\\/\\\/www.instagram.com\\\/portalubirataonline\\\/\",\"https:\\\/\\\/twitter.com\\\/ubirataonline\"],\"description\":\"Somos um portal de not\u00edcias independente, criado em 5 de janeiro de 2009, com o objetivo de informar, conectar e valorizar a nossa comunidade de Ubirat\u00e3 e toda aregi\u00e3o. Com conte\u00fado atualizado, confi\u00e1vel e relevante, o Ubirat\u00e3 Online \u00e9 o seu espa\u00e7o para ficar por dentro dos principais acontecimentos locais, regionais, Brasil, Mundo e de interesse geral. Nosso compromisso \u00e9 com a verdade, a transpar\u00eancia e o respeito ao leitor.\",\"legalName\":\"UBIRATA ONLINE NOT\u00cdCIAS\",\"foundingDate\":\"2009-01-05\",\"numberOfEmployees\":{\"@type\":\"QuantitativeValue\",\"minValue\":\"1\",\"maxValue\":\"10\"},\"publishingPrinciples\":\"https:\\\/\\\/ubirataonline.com.br\\\/faq\\\/\",\"address\":{\"@id\":\"https:\\\/\\\/ubirataonline.com.br\\\/vereador-faz-indicacao-solicitando-criacao-da-secretaria-do-meio-ambiente-e-agricultura\\\/#local-main-place-address\"},\"geo\":{\"@type\":\"GeoCoordinates\",\"latitude\":\"-24.5361401\",\"longitude\":\"-52.9921776\"},\"telephone\":[\"+5544998308235\"],\"contactPoint\":{\"@type\":\"ContactPoint\",\"email\":\"contato@ubirataonline.com.br\"},\"openingHoursSpecification\":{\"@type\":\"OpeningHoursSpecification\",\"dayOfWeek\":[\"Monday\",\"Tuesday\",\"Wednesday\",\"Thursday\",\"Friday\",\"Saturday\",\"Sunday\"],\"opens\":\"00:00\",\"closes\":\"23:59\"},\"email\":\"contato@ubirataonline.com.br\",\"vatID\":\"47.621.418\\\/0001-80\"},{\"@type\":\"Person\",\"@id\":\"https:\\\/\\\/ubirataonline.com.br\\\/#\\\/schema\\\/person\\\/09f7a474bd1834b50dea8d1c197e976f\",\"name\":\"Vampeta\",\"sameAs\":[\"https:\\\/\\\/ubirataonline.com.br\"],\"url\":\"https:\\\/\\\/ubirataonline.com.br\\\/en\\\/author\\\/vampeta\\\/\"},{\"@type\":\"PostalAddress\",\"@id\":\"https:\\\/\\\/ubirataonline.com.br\\\/vereador-faz-indicacao-solicitando-criacao-da-secretaria-do-meio-ambiente-e-agricultura\\\/#local-main-place-address\",\"streetAddress\":\"Rua dos Coqueiros, 104 - Bairro Boa Vista, Rua dos Coqueiros, 104 Bairro Boa Vista\",\"addressLocality\":\"UBIRATA\",\"postalCode\":\"85440-000\",\"addressRegion\":\"PR\",\"addressCountry\":\"BR\"},{\"@type\":\"ImageObject\",\"inLanguage\":\"en-US\",\"@id\":\"https:\\\/\\\/ubirataonline.com.br\\\/vereador-faz-indicacao-solicitando-criacao-da-secretaria-do-meio-ambiente-e-agricultura\\\/#local-main-organization-logo\",\"url\":\"https:\\\/\\\/ubirataonline.com.br\\\/wp-content\\\/uploads\\\/2026\\\/06\\\/logoubirataonline-1.webp\",\"contentUrl\":\"https:\\\/\\\/ubirataonline.com.br\\\/wp-content\\\/uploads\\\/2026\\\/06\\\/logoubirataonline-1.webp\",\"width\":500,\"height\":500,\"caption\":\"Ubirat\u00e3 Online Not\u00edcias\"}]}<\/script>\n<meta name=\"geo.placename\" content=\"UBIRATA\" \/>\n<meta name=\"geo.position\" content=\"-24.5361401;-52.9921776\" \/>\n<meta name=\"geo.region\" content=\"Brazil\" \/>\n<!-- \/ Yoast SEO Premium plugin. -->","yoast_head_json":{"title":"Vereador Faz indica\u00e7\u00e3o solicitando cria\u00e7\u00e3o da Secretaria do Meio Ambiente e Agricultura - Ubirat\u00e3 Online Not\u00edcias - A realidade ao seu alcance!","description":"Foi realizado na C\u00e2mara de Vereadores a 4\u00aa sess\u00e3o ordin\u00e1ria do ano de 2017. Na sess\u00e3o desta ter\u00e7a-feira (24), o Vereador Harri Tholken solicitou a cria\u00e7\u00e3o","robots":{"index":"index","follow":"follow","max-snippet":"max-snippet:-1","max-image-preview":"max-image-preview:large","max-video-preview":"max-video-preview:-1"},"canonical":"https:\/\/ubirataonline.com.br\/en\/vereador-faz-indicacao-solicitando-criacao-da-secretaria-do-meio-ambiente-e-agricultura\/","og_locale":"en_US","og_type":"article","og_title":"Vereador Faz indica\u00e7\u00e3o solicitando cria\u00e7\u00e3o da Secretaria do Meio Ambiente e Agricultura","og_description":"Foi realizado na C\u00e2mara de Vereadores a 4\u00aa sess\u00e3o ordin\u00e1ria do ano de 2017. Na sess\u00e3o desta ter\u00e7a-feira (24), o Vereador Harri Tholken solicitou a cria\u00e7\u00e3o","og_url":"https:\/\/ubirataonline.com.br\/en\/vereador-faz-indicacao-solicitando-criacao-da-secretaria-do-meio-ambiente-e-agricultura\/","og_site_name":"Ubirat\u00e3 Online Not\u00edcias - A realidade ao seu alcance!","article_publisher":"https:\/\/www.facebook.com\/portalubirataonline","article_published_time":"2017-01-25T15:23:46+00:00","article_modified_time":"2017-01-26T10:25:27+00:00","og_image":[{"width":1531,"height":418,"url":"https:\/\/ubirataonline.com.br\/wp-content\/uploads\/2026\/05\/logo2026.webp","type":"image\/webp"}],"author":"Vampeta","twitter_card":"summary_large_image","twitter_creator":"@ubirataonline","twitter_site":"@ubirataonline","twitter_misc":{"Written by":"Vampeta","Est. reading time":"2 minutes"},"schema":{"@context":"https:\/\/schema.org","@graph":[{"@type":"NewsArticle","@id":"https:\/\/ubirataonline.com.br\/vereador-faz-indicacao-solicitando-criacao-da-secretaria-do-meio-ambiente-e-agricultura\/#article","isPartOf":{"@id":"https:\/\/ubirataonline.com.br\/vereador-faz-indicacao-solicitando-criacao-da-secretaria-do-meio-ambiente-e-agricultura\/"},"author":{"name":"Vampeta","@id":"https:\/\/ubirataonline.com.br\/#\/schema\/person\/09f7a474bd1834b50dea8d1c197e976f"},"headline":"Vereador Faz indica\u00e7\u00e3o solicitando cria\u00e7\u00e3o da Secretaria do Meio Ambiente e Agricultura","datePublished":"2017-01-25T15:23:46+00:00","dateModified":"2017-01-26T10:25:27+00:00","mainEntityOfPage":{"@id":"https:\/\/ubirataonline.com.br\/vereador-faz-indicacao-solicitando-criacao-da-secretaria-do-meio-ambiente-e-agricultura\/"},"wordCount":420,"publisher":{"@id":"https:\/\/ubirataonline.com.br\/#organization"},"inLanguage":"en-US","copyrightYear":"2017","copyrightHolder":{"@id":"https:\/\/ubirataonline.com.br\/en\/#organization"}},{"@type":"WebPage","@id":"https:\/\/ubirataonline.com.br\/vereador-faz-indicacao-solicitando-criacao-da-secretaria-do-meio-ambiente-e-agricultura\/","url":"https:\/\/ubirataonline.com.br\/vereador-faz-indicacao-solicitando-criacao-da-secretaria-do-meio-ambiente-e-agricultura\/","name":"Vereador Faz indica\u00e7\u00e3o solicitando cria\u00e7\u00e3o da Secretaria do Meio Ambiente e Agricultura - Ubirat\u00e3 Online Not\u00edcias - A realidade ao seu alcance!","isPartOf":{"@id":"https:\/\/ubirataonline.com.br\/#website"},"datePublished":"2017-01-25T15:23:46+00:00","dateModified":"2017-01-26T10:25:27+00:00","description":"Foi realizado na C\u00e2mara de Vereadores a 4\u00aa sess\u00e3o ordin\u00e1ria do ano de 2017. Na sess\u00e3o desta ter\u00e7a-feira (24), o Vereador Harri Tholken solicitou a cria\u00e7\u00e3o","breadcrumb":{"@id":"https:\/\/ubirataonline.com.br\/vereador-faz-indicacao-solicitando-criacao-da-secretaria-do-meio-ambiente-e-agricultura\/#breadcrumb"},"inLanguage":"en-US","potentialAction":[{"@type":"ReadAction","target":["https:\/\/ubirataonline.com.br\/vereador-faz-indicacao-solicitando-criacao-da-secretaria-do-meio-ambiente-e-agricultura\/"]}]},{"@type":"BreadcrumbList","@id":"https:\/\/ubirataonline.com.br\/vereador-faz-indicacao-solicitando-criacao-da-secretaria-do-meio-ambiente-e-agricultura\/#breadcrumb","itemListElement":[{"@type":"ListItem","position":1,"name":"In\u00edcio","item":"https:\/\/ubirataonline.com.br\/"},{"@type":"ListItem","position":2,"name":"Vereador Faz indica\u00e7\u00e3o solicitando cria\u00e7\u00e3o da Secretaria do Meio Ambiente e Agricultura"}]},{"@type":"WebSite","@id":"https:\/\/ubirataonline.com.br\/#website","url":"https:\/\/ubirataonline.com.br\/","name":"Ubirat\u00e3 Online Not\u00edcias","description":"Not\u00edcias de Ubirat\u00e3, regi\u00e3o, Brasil e mundo, com informa\u00e7\u00e3o atualizada e compromisso com o leitor.","publisher":{"@id":"https:\/\/ubirataonline.com.br\/#organization"},"alternateName":"Ubirat\u00e3 Online","potentialAction":[{"@type":"SearchAction","target":{"@type":"EntryPoint","urlTemplate":"https:\/\/ubirataonline.com.br\/?s={search_term_string}"},"query-input":{"@type":"PropertyValueSpecification","valueRequired":true,"valueName":"search_term_string"}}],"inLanguage":"en-US"},{"@type":["Organization","Place"],"@id":"https:\/\/ubirataonline.com.br\/#organization","name":"Ubirat\u00e3 Online Not\u00edcias","alternateName":"Ubirat\u00e3 Online","url":"https:\/\/ubirataonline.com.br\/","logo":{"@id":"https:\/\/ubirataonline.com.br\/vereador-faz-indicacao-solicitando-criacao-da-secretaria-do-meio-ambiente-e-agricultura\/#local-main-organization-logo"},"image":{"@id":"https:\/\/ubirataonline.com.br\/vereador-faz-indicacao-solicitando-criacao-da-secretaria-do-meio-ambiente-e-agricultura\/#local-main-organization-logo"},"sameAs":["https:\/\/www.facebook.com\/portalubirataonline","https:\/\/x.com\/ubirataonline","https:\/\/mastodon.social\/@ubirataonline","https:\/\/www.facebook.com\/groups\/311144672285604","https:\/\/www.facebook.com\/UBTAOnline","https:\/\/www.instagram.com\/portalubirataonline\/","https:\/\/twitter.com\/ubirataonline"],"description":"Somos um portal de not\u00edcias independente, criado em 5 de janeiro de 2009, com o objetivo de informar, conectar e valorizar a nossa comunidade de Ubirat\u00e3 e toda aregi\u00e3o. Com conte\u00fado atualizado, confi\u00e1vel e relevante, o Ubirat\u00e3 Online \u00e9 o seu espa\u00e7o para ficar por dentro dos principais acontecimentos locais, regionais, Brasil, Mundo e de interesse geral. Nosso compromisso \u00e9 com a verdade, a transpar\u00eancia e o respeito ao leitor.","legalName":"UBIRATA ONLINE NOT\u00cdCIAS","foundingDate":"2009-01-05","numberOfEmployees":{"@type":"QuantitativeValue","minValue":"1","maxValue":"10"},"publishingPrinciples":"https:\/\/ubirataonline.com.br\/faq\/","address":{"@id":"https:\/\/ubirataonline.com.br\/vereador-faz-indicacao-solicitando-criacao-da-secretaria-do-meio-ambiente-e-agricultura\/#local-main-place-address"},"geo":{"@type":"GeoCoordinates","latitude":"-24.5361401","longitude":"-52.9921776"},"telephone":["+5544998308235"],"contactPoint":{"@type":"ContactPoint","email":"contato@ubirataonline.com.br"},"openingHoursSpecification":{"@type":"OpeningHoursSpecification","dayOfWeek":["Monday","Tuesday","Wednesday","Thursday","Friday","Saturday","Sunday"],"opens":"00:00","closes":"23:59"},"email":"contato@ubirataonline.com.br","vatID":"47.621.418\/0001-80"},{"@type":"Person","@id":"https:\/\/ubirataonline.com.br\/#\/schema\/person\/09f7a474bd1834b50dea8d1c197e976f","name":"Vampeta","sameAs":["https:\/\/ubirataonline.com.br"],"url":"https:\/\/ubirataonline.com.br\/en\/author\/vampeta\/"},{"@type":"PostalAddress","@id":"https:\/\/ubirataonline.com.br\/vereador-faz-indicacao-solicitando-criacao-da-secretaria-do-meio-ambiente-e-agricultura\/#local-main-place-address","streetAddress":"Rua dos Coqueiros, 104 - Bairro Boa Vista, Rua dos Coqueiros, 104 Bairro Boa Vista","addressLocality":"UBIRATA","postalCode":"85440-000","addressRegion":"PR","addressCountry":"BR"},{"@type":"ImageObject","inLanguage":"en-US","@id":"https:\/\/ubirataonline.com.br\/vereador-faz-indicacao-solicitando-criacao-da-secretaria-do-meio-ambiente-e-agricultura\/#local-main-organization-logo","url":"https:\/\/ubirataonline.com.br\/wp-content\/uploads\/2026\/06\/logoubirataonline-1.webp","contentUrl":"https:\/\/ubirataonline.com.br\/wp-content\/uploads\/2026\/06\/logoubirataonline-1.webp","width":500,"height":500,"caption":"Ubirat\u00e3 Online Not\u00edcias"}]},"geo.placename":"UBIRATA","geo.position":{"lat":"-24.5361401","long":"-52.9921776"},"geo.region":"Brazil"},"_links":{"self":[{"href":"https:\/\/ubirataonline.com.br\/en\/wp-json\/wp\/v2\/posts\/991","targetHints":{"allow":["GET"]}}],"collection":[{"href":"https:\/\/ubirataonline.com.br\/en\/wp-json\/wp\/v2\/posts"}],"about":[{"href":"https:\/\/ubirataonline.com.br\/en\/wp-json\/wp\/v2\/types\/post"}],"author":[{"embeddable":true,"href":"https:\/\/ubirataonline.com.br\/en\/wp-json\/wp\/v2\/users\/2"}],"replies":[{"embeddable":true,"href":"https:\/\/ubirataonline.com.br\/en\/wp-json\/wp\/v2\/comments?post=991"}],"version-history":[{"count":0,"href":"https:\/\/ubirataonline.com.br\/en\/wp-json\/wp\/v2\/posts\/991\/revisions"}],"wp:attachment":[{"href":"https:\/\/ubirataonline.com.br\/en\/wp-json\/wp\/v2\/media?parent=991"}],"wp:term":[{"taxonomy":"category","embeddable":true,"href":"https:\/\/ubirataonline.com.br\/en\/wp-json\/wp\/v2\/categories?post=991"},{"taxonomy":"post_tag","embeddable":true,"href":"https:\/\/ubirataonline.com.br\/en\/wp-json\/wp\/v2\/tags?post=991"}],"curies":[{"name":"wp","href":"https:\/\/api.w.org\/{rel}","templated":true}]}}