{"id":99114,"date":"2026-04-03T13:21:47","date_gmt":"2026-04-03T16:21:47","guid":{"rendered":"https:\/\/ubirataonline.com.br\/unimed-curitiba-fatura-r-4-bilhoes-em-2025-e-inaugura-mini-cidade\/"},"modified":"2026-04-03T13:21:50","modified_gmt":"2026-04-03T16:21:50","slug":"unimed-curitiba-fatura-r-4-bilhoes-em-2025-e-inaugura-mini-cidade","status":"publish","type":"post","link":"https:\/\/ubirataonline.com.br\/en\/unimed-curitiba-fatura-r-4-bilhoes-em-2025-e-inaugura-mini-cidade\/","title":{"rendered":"Unimed Curitiba fatura R$ 4 bilh\u00f5es em 2025 e inaugura &#8220;mini cidade&#8221;"},"content":{"rendered":"<p><\/p>\n<div id=\"post-content\">\n<p>A <strong>Unimed Curitiba<\/strong> fechou o balan\u00e7o de 2025 com<strong> faturamento de R$ 4,04 bilh\u00f5es<\/strong>. o resultado \u00e9 o <strong>melhor da hist\u00f3ria<\/strong> da cooperativa, que vive um momento de expans\u00e3o e celebra\u00e7\u00e3o. No final do m\u00eas passado inaugurou em Curitiba, bem ao lado do viaduto do<strong> Tarum\u00e3<\/strong>, seu novo Complexo Administrativo. O investimento na sede foi poss\u00edvel pelos s\u00f3lidos e crescentes resultados.<\/p>\n<p>No \u00faltimo ciclo, a Unimed Curitiba cresceu 12% e alcan\u00e7ou 45,37% de participa\u00e7\u00e3o de mercado (market share) e registrou a entrada de 78,8 mil novos clientes no \u00faltimo ano. Atualmente, o plano tem uma carteira de 665,708 vidas. <\/p>\n<p>O novo complexo administrativo ocupa um terreno de 30 mil m\u00b2, com cerca de 6 mil m\u00b2 de \u00e1rea constru\u00edda. Toda a obra durou menos de um ano e 100% da estrutura existente, entre elas o ic\u00f4nico pr\u00e9dio redondo onde funcionaram algumas empresas como Schause e a Perkons, que desenvolveu a primeira lombada eletr\u00f4nica de Curitiba, foi mantida (mas reformada, por \u00f3bvio).<\/p>\n<p>A nova estrutura \u00e9 dividida em quatro blocos e foi projetada para abrigar mil funcion\u00e1rios. Al\u00e9m dos escrit\u00f3rios, o espa\u00e7o conta com um centro de treinamento, audit\u00f3rio, pra\u00e7a de alimenta\u00e7\u00e3o e a sede do Instituto Unimed Curitiba. O projeto incluiu ainda a cria\u00e7\u00e3o da Casa da Mem\u00f3ria, um museu sobre a trajet\u00f3ria da cooperativa. V\u00e1rias \u00e1reas de conviv\u00eancia, com bancos e espa\u00e7os arborizados, d\u00e3o um \u201car de cidade\u201d para o complexo. <\/p>\n<p>\u201cInaugurar nosso Complexo Administrativo \u00e9 concretizar um planejamento pensado e constru\u00eddo ao longo de muitos anos. Esse investimento em estruturas f\u00edsicas robustas para suportar o nosso crescimento garante a qualidade do que entregamos. Estamos expandindo a nossa estrutura f\u00edsica, e ainda nossa capilaridade e pujan\u00e7a para transformar tudo isso em uma heran\u00e7a de inova\u00e7\u00e3o sustent\u00e1vel\u201d, afirma Rached Hajar Traya, diretor-presidente da Unimed Curitiba.<\/p>\n<h2 class=\"wp-block-heading\" id=\"h-unimed-curitiba-cresce-e-reelege-seu-presidente\">Unimed Curitiba cresce e reelege seu presidente<\/h2>\n<figure class=\"wp-block-image size-post_image\"><figcaption class=\"wp-element-caption\">Presidente da Unimed Curitiba, Rached Traya. Foto: Eduardo Luiz Klisiewicz \/ Tribuna do Paran\u00e1<\/figcaption><\/figure>\n<p>No campo financeiro, o resultado positivo permitiu a distribui\u00e7\u00e3o de R$ 61,8 milh\u00f5es aos m\u00e9dicos cooperados. Desse total, R$ 42,5 milh\u00f5es foram pagos ao longo de 2025 e outros R$ 19,3 milh\u00f5es foram aprovados em Assembleia Geral Ordin\u00e1ria (AGO) realizada em mar\u00e7o.<\/p>\n<p>Durante a mesma assembleia, <strong>Rached <\/strong>foi reeleito para seu terceiro mandato consecutivo como diretor-presidente, que tem planos de ampliar ainda mais a cobertura do plano. Para 2026, al\u00e9m da consolida\u00e7\u00e3o das atividades na nova sede administrativa, o plano prev\u00ea a abertura de uma nova unidade de atendimento no Shopping Curitiba. <\/p>\n<p>Hoje, s\u00e3o 14 unidades pr\u00f3prias de atendimento, sendo 8 assistenciais, uma unidade hospitalar \u2013 o Hospital e Maternidade Nossa Senhora de F\u00e1tima \u2013, 15 unidades dentro de empresas clientes e o Espa\u00e7o Sa\u00fade no ParkShoppingBarig\u00fci.<\/p>\n<p>Al\u00e9m de Curitiba, a Unimed tem unidades em 24 munic\u00edpios da Regi\u00e3o Metropolitana:<\/p>\n<ul class=\"wp-block-list\">\n<li>Adrian\u00f3polis<\/li>\n<li>Almirante Tamandar\u00e9<\/li>\n<li>Arauc\u00e1ria<\/li>\n<li>Balsa Nova<\/li>\n<li>Bocai\u00fava do Sul<\/li>\n<li>Campina Grande do Sul<\/li>\n<li>Campo Largo<\/li>\n<li>Campo Magro<\/li>\n<li>Cerro Azul<\/li>\n<li>Colombo<\/li>\n<li>Contenda<\/li>\n<li>Doutor Ulysses<\/li>\n<li>Fazenda Rio Grande<\/li>\n<li>Itaperu\u00e7u<\/li>\n<li>Lapa<\/li>\n<li>Mandirituba<\/li>\n<li>Pinhais<\/li>\n<li>Piraquara<\/li>\n<li>Porto Amazonas<\/li>\n<li>Quatro Barras<\/li>\n<li>Rio Branco do Sul<\/li>\n<li>S\u00e3o Jos\u00e9 dos Pinhais<\/li>\n<li>S\u00e3o Mateus do Sul<\/li>\n<li>Tunas do Paran\u00e1.<\/li>\n<\/ul>\n<section class=\"virals\">\n<article class=\"cardnews cardnews--post cardnews--has-thumbnail cardnews--editorial-noticias\"> <a href=\"https:\/\/www.tribunapr.com.br\/noticias\/curitiba-regiao\/vereador-perdeu-pia-e-investigado-por-usar-gm-para-se-autopromove?utm_source=noticias-virais-rodape&amp;utm_medium=internal-tribuna&amp;utm_campaign=tribuna\" class=\"cardnews__postlink\"> <\/p>\n<div class=\"cardnews__image\" is-api-thumb=\"\"><img decoding=\"async\" src=\"https:\/\/www.tribunapr.com.br\/wp-content\/uploads\/2026\/03\/27182231\/perdeu-pia-GM-370x210.jpeg\" loading=\"lazy\" alt=\"Vereador Perdeu Pi\u00e1 \u00e9 investigado por usar GM para se autopromover\"\/><\/div>\n<div class=\"cardnews__content cardhome__content\">\n<div class=\"cardnews__content-wrapper\">\n<p> <span style=\"\"> De olho! <\/span> <\/p>\n<p>Vereador Perdeu Pi\u00e1 \u00e9 investigado por usar GM para se autopromover<\/p>\n<\/p><\/div>\n<\/p><\/div>\n<p> <\/a> <\/article>\n<article class=\"cardnews cardnews--post cardnews--has-thumbnail cardnews--editorial-noticias\"> <a href=\"https:\/\/www.tribunapr.com.br\/noticias\/parana\/parana-pode-sentir-efeitos-do-el-nino-a-partir-de-julho-o-que-esperar\/?utm_source=noticias-virais-rodape&amp;utm_medium=internal-tribuna&amp;utm_campaign=tribuna\" class=\"cardnews__postlink\"> <\/p>\n<div class=\"cardnews__image\" is-api-thumb=\"\"><img decoding=\"async\" src=\"https:\/\/www.tribunapr.com.br\/wp-content\/uploads\/2026\/02\/20182305\/chuvas-370x210.jpg\" loading=\"lazy\" alt=\"Paran\u00e1 pode sentir efeitos do El Ni\u00f1o a partir de julho; o que esperar\"\/><\/div>\n<div class=\"cardnews__content cardhome__content\">\n<div class=\"cardnews__content-wrapper\">\n<p> <span style=\"\"> Alerta <\/span> <\/p>\n<p>Paran\u00e1 pode sentir efeitos do El Ni\u00f1o a partir de julho; o que esperar<\/p>\n<\/p><\/div>\n<\/p><\/div>\n<p> <\/a> <\/article>\n<article class=\"cardnews cardnews--post cardnews--has-thumbnail cardnews--editorial-noticias\"> <a href=\"https:\/\/www.tribunapr.com.br\/noticias\/parana\/roteiro-inusitado-parana-coleciona-estatuas-peculiares-pelo-interior\/ C?utm_source=noticias-virais-rodape&amp;utm_medium=internal-tribuna&amp;utm_campaign=tribuna\" class=\"cardnews__postlink\"> <\/p>\n<div class=\"cardnews__image\" is-api-thumb=\"\"><img decoding=\"async\" src=\"https:\/\/www.tribunapr.com.br\/wp-content\/uploads\/2026\/01\/15072039\/falecimentos-em-curitiba-370x210.jpg\" loading=\"lazy\" alt=\"Roteiro inusitado: Paran\u00e1 coleciona est\u00e1tuas peculiares pelo interior \"\/><\/div>\n<div class=\"cardnews__content cardhome__content\">\n<div class=\"cardnews__content-wrapper\">\n<p> <span style=\"\"> Belezas do Paran\u00e1 <\/span> <\/p>\n<p>Roteiro inusitado: Paran\u00e1 coleciona est\u00e1tuas peculiares pelo interior <\/p>\n<\/p><\/div>\n<\/p><\/div>\n<p> <\/a> <\/article>\n<\/section>\n<div id=\"tribuna-follow-cta\">\n<p> <span class=\"cta-title\">Siga a <span class=\"tribuna-color\">Tribuna<\/span> no Google, e acompanhe as \u00faltimas not\u00edcias de Curitiba e regi\u00e3o!<\/span> <\/p>\n<p> <a href=\"https:\/\/profile.google.com\/cp\/CgwvZy8xMmxxajUzM3Mac2h0dHBzOi8vd3d3LnRyaWJ1bmFwci5jb20uYnIvdml2YS92aXRyaW5lL2dpZ2FudGUtZG8tdmVzdHVhcmlvLXJlaW5hdWd1cmEtbG9qYS1lbS1zaG9wcGluZy10cmFkaWNpb25hbC1kZS1jdXJpdGliYS8iElRyaWJ1bmEgZG8gUGFyYW7DoSqAAwrHAWh0dHBzOi8vZW5jcnlwdGVkLXRibjIuZ3N0YXRpYy5jb20vZmF2aWNvbi10Ym4_cT10Ym46QU5kOUdjUVJPbjVDRjR6TzJPbkUwTXZrRlRCRTY2U0g1bGlaVDRaZTV3bWNKeU5GRm1BSnluM01nNU9PR3BXY1pYMzZwYU5HUWtsZ09JVEFLTTNNZVNGbTc1aWp6M3k2ajUtQ3M2b25kX2JUcFFQQkVLd3RsUjBsTmJESnUtVHhrNXQtbFlCNlVpOWZSVVFjT2cSswFodHRwczovL2VuY3J5cHRlZC10Ym4zLmdzdGF0aWMuY29tL2Zhdmljb24tdGJuP3E9dGJuJTNBQU5kOUdjU0FMaWJ2eFF0YXdFMFRueVdWWmVKRS1MZEdRZjVTUi1OZ2RMazhyZzIwVy1nM0JuQ1F4VDNKZFBjRXR2THdBeVRxUDJEdHVycEdVR29CQkxpYzM5al9wSmFxRERaMHNCYW05WEVhSGVsMmZTQmdKdlF4WWVyMw\" target=\"_blank\" title=\"Seguir a Tribuna no Google\">  <\/a> <\/div>\n<\/p><\/div>\n<p><a href=\"https:\/\/www.tribunapr.com.br\/noticias\/curitiba-regiao\/unimed-curitiba-fatura-r-4-bilhoes-em-2025-e-inaugura-mini-cidade\/\">Fonte do Artigo <\/a><\/p>","protected":false},"excerpt":{"rendered":"<p>A Unimed Curitiba fechou o balan\u00e7o de 2025 com faturamento de R$ 4,04 bilh\u00f5es. o resultado \u00e9 o melhor da hist\u00f3ria da cooperativa, que vive um momento de expans\u00e3o e celebra\u00e7\u00e3o. No final do m\u00eas passado inaugurou em Curitiba, bem ao lado do viaduto do Tarum\u00e3, seu novo Complexo Administrativo. O investimento na sede foi [&hellip;]<\/p>\n","protected":false},"author":1,"featured_media":99115,"comment_status":"closed","ping_status":"","sticky":false,"template":"","format":"standard","meta":{"googlesitekit_rrm_CAow2JLhCw:productID":"","_gspb_post_css":"","maa_idioma":"","maa_pais":"","footnotes":""},"categories":[1],"tags":[5659,3199,151,13804,5655,18713,294],"class_list":["post-99114","post","type-post","status-publish","format-standard","has-post-thumbnail","hentry","category-ubirata","tag-bilhoes","tag-cidade","tag-curitiba","tag-fatura","tag-inaugura","tag-mini","tag-unimed"],"blocksy_meta":[],"yoast_head":"<!-- This site is optimized with the Yoast SEO Premium plugin v27.6 (Yoast SEO v27.6) - https:\/\/yoast.com\/product\/yoast-seo-premium-wordpress\/ -->\n<title>Unimed Curitiba fatura R$ 4 bilh\u00f5es em 2025 e inaugura &quot;mini cidade&quot; - Ubirat\u00e3 Online Not\u00edcias - A realidade ao seu alcance!<\/title>\n<meta name=\"description\" content=\"A Unimed Curitiba fechou o balan\u00e7o de 2025 com faturamento de R$ 4,04 bilh\u00f5es. o resultado \u00e9 o melhor da hist\u00f3ria da cooperativa, que vive um momento de\" \/>\n<meta name=\"robots\" content=\"index, follow, max-snippet:-1, max-image-preview:large, max-video-preview:-1\" \/>\n<link rel=\"canonical\" href=\"https:\/\/ubirataonline.com.br\/en\/unimed-curitiba-fatura-r-4-bilhoes-em-2025-e-inaugura-mini-cidade\/\" \/>\n<meta property=\"og:locale\" content=\"en_US\" \/>\n<meta property=\"og:type\" content=\"article\" \/>\n<meta property=\"og:title\" content=\"Unimed Curitiba fatura R$ 4 bilh\u00f5es em 2025 e inaugura &quot;mini cidade&quot;\" \/>\n<meta property=\"og:description\" content=\"A Unimed Curitiba fechou o balan\u00e7o de 2025 com faturamento de R$ 4,04 bilh\u00f5es. o resultado \u00e9 o melhor da hist\u00f3ria da cooperativa, que vive um momento de\" \/>\n<meta property=\"og:url\" content=\"https:\/\/ubirataonline.com.br\/en\/unimed-curitiba-fatura-r-4-bilhoes-em-2025-e-inaugura-mini-cidade\/\" \/>\n<meta property=\"og:site_name\" content=\"Ubirat\u00e3 Online Not\u00edcias - A realidade ao seu alcance!\" \/>\n<meta property=\"article:publisher\" content=\"https:\/\/www.facebook.com\/portalubirataonline\" \/>\n<meta property=\"article:author\" content=\"https:\/\/www.facebook.com\/portalubirataonline\" \/>\n<meta property=\"article:published_time\" content=\"2026-04-03T16:21:47+00:00\" \/>\n<meta property=\"article:modified_time\" content=\"2026-04-03T16:21:50+00:00\" \/>\n<meta property=\"og:image\" content=\"https:\/\/ubirataonline.com.br\/wp-content\/uploads\/2026\/04\/Unimed-Curitiba-fatura-R-4-bilhoes-em-2025-e-inaugura.jpeg\" \/>\n\t<meta property=\"og:image:width\" content=\"1600\" \/>\n\t<meta property=\"og:image:height\" content=\"1200\" \/>\n\t<meta property=\"og:image:type\" content=\"image\/jpeg\" \/>\n<meta name=\"author\" content=\"REDA\u00c7\u00c3O: UBIRAT\u00c3 ONLINE - F\u00c1BIO AUGUSTO CELESTINO\" \/>\n<meta name=\"twitter:card\" content=\"summary_large_image\" \/>\n<meta name=\"twitter:creator\" content=\"@x.com\/ubirataonline\" \/>\n<meta name=\"twitter:site\" content=\"@ubirataonline\" \/>\n<meta name=\"twitter:label1\" content=\"Written by\" \/>\n\t<meta name=\"twitter:data1\" content=\"REDA\u00c7\u00c3O: UBIRAT\u00c3 ONLINE - F\u00c1BIO AUGUSTO CELESTINO\" \/>\n\t<meta name=\"twitter:label2\" content=\"Est. reading time\" \/>\n\t<meta name=\"twitter:data2\" content=\"3 minutes\" \/>\n<script type=\"application\/ld+json\" class=\"yoast-schema-graph\">{\"@context\":\"https:\\\/\\\/schema.org\",\"@graph\":[{\"@type\":\"NewsArticle\",\"@id\":\"https:\\\/\\\/ubirataonline.com.br\\\/unimed-curitiba-fatura-r-4-bilhoes-em-2025-e-inaugura-mini-cidade\\\/#article\",\"isPartOf\":{\"@id\":\"https:\\\/\\\/ubirataonline.com.br\\\/unimed-curitiba-fatura-r-4-bilhoes-em-2025-e-inaugura-mini-cidade\\\/\"},\"author\":{\"name\":\"REDA\u00c7\u00c3O: UBIRAT\u00c3 ONLINE - F\u00c1BIO AUGUSTO CELESTINO\",\"@id\":\"https:\\\/\\\/ubirataonline.com.br\\\/#\\\/schema\\\/person\\\/372f87bbd3fdd79b8556b84c98d0bc1c\"},\"headline\":\"Unimed Curitiba fatura R$ 4 bilh\u00f5es em 2025 e inaugura &#8220;mini cidade&#8221;\",\"datePublished\":\"2026-04-03T16:21:47+00:00\",\"dateModified\":\"2026-04-03T16:21:50+00:00\",\"mainEntityOfPage\":{\"@id\":\"https:\\\/\\\/ubirataonline.com.br\\\/unimed-curitiba-fatura-r-4-bilhoes-em-2025-e-inaugura-mini-cidade\\\/\"},\"wordCount\":611,\"publisher\":{\"@id\":\"https:\\\/\\\/ubirataonline.com.br\\\/#organization\"},\"image\":{\"@id\":\"https:\\\/\\\/ubirataonline.com.br\\\/unimed-curitiba-fatura-r-4-bilhoes-em-2025-e-inaugura-mini-cidade\\\/#primaryimage\"},\"thumbnailUrl\":\"https:\\\/\\\/ubirataonline.com.br\\\/wp-content\\\/uploads\\\/2026\\\/04\\\/Unimed-Curitiba-fatura-R-4-bilhoes-em-2025-e-inaugura.jpeg\",\"keywords\":[\"bilh\u00f5es\",\"cidade\",\"Curitiba\",\"fatura\",\"inaugura\",\"Mini\",\"Unimed\"],\"articleSection\":[\"Ubirat\u00e3\"],\"inLanguage\":\"en-US\",\"copyrightYear\":\"2026\",\"copyrightHolder\":{\"@id\":\"https:\\\/\\\/ubirataonline.com.br\\\/en\\\/#organization\"}},{\"@type\":\"WebPage\",\"@id\":\"https:\\\/\\\/ubirataonline.com.br\\\/unimed-curitiba-fatura-r-4-bilhoes-em-2025-e-inaugura-mini-cidade\\\/\",\"url\":\"https:\\\/\\\/ubirataonline.com.br\\\/unimed-curitiba-fatura-r-4-bilhoes-em-2025-e-inaugura-mini-cidade\\\/\",\"name\":\"Unimed Curitiba fatura R$ 4 bilh\u00f5es em 2025 e inaugura \\\"mini cidade\\\" - Ubirat\u00e3 Online Not\u00edcias - A realidade ao seu alcance!\",\"isPartOf\":{\"@id\":\"https:\\\/\\\/ubirataonline.com.br\\\/#website\"},\"primaryImageOfPage\":{\"@id\":\"https:\\\/\\\/ubirataonline.com.br\\\/unimed-curitiba-fatura-r-4-bilhoes-em-2025-e-inaugura-mini-cidade\\\/#primaryimage\"},\"image\":{\"@id\":\"https:\\\/\\\/ubirataonline.com.br\\\/unimed-curitiba-fatura-r-4-bilhoes-em-2025-e-inaugura-mini-cidade\\\/#primaryimage\"},\"thumbnailUrl\":\"https:\\\/\\\/ubirataonline.com.br\\\/wp-content\\\/uploads\\\/2026\\\/04\\\/Unimed-Curitiba-fatura-R-4-bilhoes-em-2025-e-inaugura.jpeg\",\"datePublished\":\"2026-04-03T16:21:47+00:00\",\"dateModified\":\"2026-04-03T16:21:50+00:00\",\"description\":\"A Unimed Curitiba fechou o balan\u00e7o de 2025 com faturamento de R$ 4,04 bilh\u00f5es. o resultado \u00e9 o melhor da hist\u00f3ria da cooperativa, que vive um momento de\",\"breadcrumb\":{\"@id\":\"https:\\\/\\\/ubirataonline.com.br\\\/unimed-curitiba-fatura-r-4-bilhoes-em-2025-e-inaugura-mini-cidade\\\/#breadcrumb\"},\"inLanguage\":\"en-US\",\"potentialAction\":[{\"@type\":\"ReadAction\",\"target\":[\"https:\\\/\\\/ubirataonline.com.br\\\/unimed-curitiba-fatura-r-4-bilhoes-em-2025-e-inaugura-mini-cidade\\\/\"]}]},{\"@type\":\"ImageObject\",\"inLanguage\":\"en-US\",\"@id\":\"https:\\\/\\\/ubirataonline.com.br\\\/unimed-curitiba-fatura-r-4-bilhoes-em-2025-e-inaugura-mini-cidade\\\/#primaryimage\",\"url\":\"https:\\\/\\\/ubirataonline.com.br\\\/wp-content\\\/uploads\\\/2026\\\/04\\\/Unimed-Curitiba-fatura-R-4-bilhoes-em-2025-e-inaugura.jpeg\",\"contentUrl\":\"https:\\\/\\\/ubirataonline.com.br\\\/wp-content\\\/uploads\\\/2026\\\/04\\\/Unimed-Curitiba-fatura-R-4-bilhoes-em-2025-e-inaugura.jpeg\",\"width\":1600,\"height\":1200,\"caption\":\"Nova sede da Unimed Curitiba fica no bairro Tarum\u00e3 e vai abrigar 1 mil funcion\u00e1rios. Foto: Eduardo Klisiewicz \\\/ Tribuna do Paran\u00e1\"},{\"@type\":\"BreadcrumbList\",\"@id\":\"https:\\\/\\\/ubirataonline.com.br\\\/unimed-curitiba-fatura-r-4-bilhoes-em-2025-e-inaugura-mini-cidade\\\/#breadcrumb\",\"itemListElement\":[{\"@type\":\"ListItem\",\"position\":1,\"name\":\"In\u00edcio\",\"item\":\"https:\\\/\\\/ubirataonline.com.br\\\/\"},{\"@type\":\"ListItem\",\"position\":2,\"name\":\"Unimed Curitiba fatura R$ 4 bilh\u00f5es em 2025 e inaugura &#8220;mini cidade&#8221;\"}]},{\"@type\":\"WebSite\",\"@id\":\"https:\\\/\\\/ubirataonline.com.br\\\/#website\",\"url\":\"https:\\\/\\\/ubirataonline.com.br\\\/\",\"name\":\"Ubirat\u00e3 Online Not\u00edcias\",\"description\":\"Not\u00edcias de Ubirat\u00e3, regi\u00e3o, Brasil e mundo, com informa\u00e7\u00e3o atualizada e compromisso com o leitor.\",\"publisher\":{\"@id\":\"https:\\\/\\\/ubirataonline.com.br\\\/#organization\"},\"alternateName\":\"Ubirat\u00e3 Online\",\"potentialAction\":[{\"@type\":\"SearchAction\",\"target\":{\"@type\":\"EntryPoint\",\"urlTemplate\":\"https:\\\/\\\/ubirataonline.com.br\\\/?s={search_term_string}\"},\"query-input\":{\"@type\":\"PropertyValueSpecification\",\"valueRequired\":true,\"valueName\":\"search_term_string\"}}],\"inLanguage\":\"en-US\"},{\"@type\":[\"Organization\",\"Place\"],\"@id\":\"https:\\\/\\\/ubirataonline.com.br\\\/#organization\",\"name\":\"Ubirat\u00e3 Online Not\u00edcias\",\"alternateName\":\"Ubirat\u00e3 Online\",\"url\":\"https:\\\/\\\/ubirataonline.com.br\\\/\",\"logo\":{\"@id\":\"https:\\\/\\\/ubirataonline.com.br\\\/unimed-curitiba-fatura-r-4-bilhoes-em-2025-e-inaugura-mini-cidade\\\/#local-main-organization-logo\"},\"image\":{\"@id\":\"https:\\\/\\\/ubirataonline.com.br\\\/unimed-curitiba-fatura-r-4-bilhoes-em-2025-e-inaugura-mini-cidade\\\/#local-main-organization-logo\"},\"sameAs\":[\"https:\\\/\\\/www.facebook.com\\\/portalubirataonline\",\"https:\\\/\\\/x.com\\\/ubirataonline\",\"https:\\\/\\\/mastodon.social\\\/@ubirataonline\",\"https:\\\/\\\/www.facebook.com\\\/groups\\\/311144672285604\",\"https:\\\/\\\/www.facebook.com\\\/UBTAOnline\",\"https:\\\/\\\/www.instagram.com\\\/portalubirataonline\\\/\",\"https:\\\/\\\/twitter.com\\\/ubirataonline\"],\"description\":\"Somos um portal de not\u00edcias independente, criado em 5 de janeiro de 2009, com o objetivo de informar, conectar e valorizar a nossa comunidade de Ubirat\u00e3 e toda aregi\u00e3o. Com conte\u00fado atualizado, confi\u00e1vel e relevante, o Ubirat\u00e3 Online \u00e9 o seu espa\u00e7o para ficar por dentro dos principais acontecimentos locais, regionais, Brasil, Mundo e de interesse geral. Nosso compromisso \u00e9 com a verdade, a transpar\u00eancia e o respeito ao leitor.\",\"legalName\":\"UBIRATA ONLINE NOT\u00cdCIAS\",\"foundingDate\":\"2009-01-05\",\"numberOfEmployees\":{\"@type\":\"QuantitativeValue\",\"minValue\":\"1\",\"maxValue\":\"10\"},\"publishingPrinciples\":\"https:\\\/\\\/ubirataonline.com.br\\\/faq\\\/\",\"address\":{\"@id\":\"https:\\\/\\\/ubirataonline.com.br\\\/unimed-curitiba-fatura-r-4-bilhoes-em-2025-e-inaugura-mini-cidade\\\/#local-main-place-address\"},\"geo\":{\"@type\":\"GeoCoordinates\",\"latitude\":\"-24.5361401\",\"longitude\":\"-52.9921776\"},\"telephone\":[\"+5544998308235\"],\"contactPoint\":{\"@type\":\"ContactPoint\",\"email\":\"contato@ubirataonline.com.br\"},\"openingHoursSpecification\":{\"@type\":\"OpeningHoursSpecification\",\"dayOfWeek\":[\"Monday\",\"Tuesday\",\"Wednesday\",\"Thursday\",\"Friday\",\"Saturday\",\"Sunday\"],\"opens\":\"00:00\",\"closes\":\"23:59\"},\"email\":\"contato@ubirataonline.com.br\",\"vatID\":\"47.621.418\\\/0001-80\"},{\"@type\":\"Person\",\"@id\":\"https:\\\/\\\/ubirataonline.com.br\\\/#\\\/schema\\\/person\\\/372f87bbd3fdd79b8556b84c98d0bc1c\",\"name\":\"REDA\u00c7\u00c3O: UBIRAT\u00c3 ONLINE - F\u00c1BIO AUGUSTO CELESTINO\",\"pronouns\":\"Ele\",\"description\":\"Desde 2003 trabalhando com not\u00edcias.\",\"sameAs\":[\"http:\\\/\\\/ubirataoline.com.br\",\"https:\\\/\\\/www.facebook.com\\\/portalubirataonline\",\"https:\\\/\\\/www.instagram.com\\\/ubirataonline_oficial\",\"https:\\\/\\\/x.com\\\/x.com\\\/ubirataonline\"],\"honorificPrefix\":\"Mr.\",\"honorificSuffix\":\"MD\",\"birthDate\":\"1980-06-16\",\"gender\":\"masculino\",\"award\":[\"V\u00e1rios pr\u00eamios de melhor portal da cidade\"],\"jobTitle\":\"Diretor\",\"url\":\"https:\\\/\\\/ubirataonline.com.br\\\/en\\\/author\\\/ubirataonline\\\/\"},{\"@type\":\"PostalAddress\",\"@id\":\"https:\\\/\\\/ubirataonline.com.br\\\/unimed-curitiba-fatura-r-4-bilhoes-em-2025-e-inaugura-mini-cidade\\\/#local-main-place-address\",\"streetAddress\":\"Rua dos Coqueiros, 104 - Bairro Boa Vista, Rua dos Coqueiros, 104 Bairro Boa Vista\",\"addressLocality\":\"UBIRATA\",\"postalCode\":\"85440-000\",\"addressRegion\":\"PR\",\"addressCountry\":\"BR\"},{\"@type\":\"ImageObject\",\"inLanguage\":\"en-US\",\"@id\":\"https:\\\/\\\/ubirataonline.com.br\\\/unimed-curitiba-fatura-r-4-bilhoes-em-2025-e-inaugura-mini-cidade\\\/#local-main-organization-logo\",\"url\":\"https:\\\/\\\/ubirataonline.com.br\\\/wp-content\\\/uploads\\\/2026\\\/06\\\/logoubirataonline-1.webp\",\"contentUrl\":\"https:\\\/\\\/ubirataonline.com.br\\\/wp-content\\\/uploads\\\/2026\\\/06\\\/logoubirataonline-1.webp\",\"width\":500,\"height\":500,\"caption\":\"Ubirat\u00e3 Online Not\u00edcias\"}]}<\/script>\n<meta name=\"geo.placename\" content=\"UBIRATA\" \/>\n<meta name=\"geo.position\" content=\"-24.5361401;-52.9921776\" \/>\n<meta name=\"geo.region\" content=\"Brazil\" \/>\n<!-- \/ Yoast SEO Premium plugin. -->","yoast_head_json":{"title":"Unimed Curitiba fatura R$ 4 bilh\u00f5es em 2025 e inaugura \"mini cidade\" - Ubirat\u00e3 Online Not\u00edcias - A realidade ao seu alcance!","description":"A Unimed Curitiba fechou o balan\u00e7o de 2025 com faturamento de R$ 4,04 bilh\u00f5es. o resultado \u00e9 o melhor da hist\u00f3ria da cooperativa, que vive um momento de","robots":{"index":"index","follow":"follow","max-snippet":"max-snippet:-1","max-image-preview":"max-image-preview:large","max-video-preview":"max-video-preview:-1"},"canonical":"https:\/\/ubirataonline.com.br\/en\/unimed-curitiba-fatura-r-4-bilhoes-em-2025-e-inaugura-mini-cidade\/","og_locale":"en_US","og_type":"article","og_title":"Unimed Curitiba fatura R$ 4 bilh\u00f5es em 2025 e inaugura \"mini cidade\"","og_description":"A Unimed Curitiba fechou o balan\u00e7o de 2025 com faturamento de R$ 4,04 bilh\u00f5es. o resultado \u00e9 o melhor da hist\u00f3ria da cooperativa, que vive um momento de","og_url":"https:\/\/ubirataonline.com.br\/en\/unimed-curitiba-fatura-r-4-bilhoes-em-2025-e-inaugura-mini-cidade\/","og_site_name":"Ubirat\u00e3 Online Not\u00edcias - A realidade ao seu alcance!","article_publisher":"https:\/\/www.facebook.com\/portalubirataonline","article_author":"https:\/\/www.facebook.com\/portalubirataonline","article_published_time":"2026-04-03T16:21:47+00:00","article_modified_time":"2026-04-03T16:21:50+00:00","og_image":[{"width":1600,"height":1200,"url":"https:\/\/ubirataonline.com.br\/wp-content\/uploads\/2026\/04\/Unimed-Curitiba-fatura-R-4-bilhoes-em-2025-e-inaugura.jpeg","type":"image\/jpeg"}],"author":"REDA\u00c7\u00c3O: UBIRAT\u00c3 ONLINE - F\u00c1BIO AUGUSTO CELESTINO","twitter_card":"summary_large_image","twitter_creator":"@x.com\/ubirataonline","twitter_site":"@ubirataonline","twitter_misc":{"Written by":"REDA\u00c7\u00c3O: UBIRAT\u00c3 ONLINE - F\u00c1BIO AUGUSTO CELESTINO","Est. reading time":"3 minutes"},"schema":{"@context":"https:\/\/schema.org","@graph":[{"@type":"NewsArticle","@id":"https:\/\/ubirataonline.com.br\/unimed-curitiba-fatura-r-4-bilhoes-em-2025-e-inaugura-mini-cidade\/#article","isPartOf":{"@id":"https:\/\/ubirataonline.com.br\/unimed-curitiba-fatura-r-4-bilhoes-em-2025-e-inaugura-mini-cidade\/"},"author":{"name":"REDA\u00c7\u00c3O: UBIRAT\u00c3 ONLINE - F\u00c1BIO AUGUSTO CELESTINO","@id":"https:\/\/ubirataonline.com.br\/#\/schema\/person\/372f87bbd3fdd79b8556b84c98d0bc1c"},"headline":"Unimed Curitiba fatura R$ 4 bilh\u00f5es em 2025 e inaugura &#8220;mini cidade&#8221;","datePublished":"2026-04-03T16:21:47+00:00","dateModified":"2026-04-03T16:21:50+00:00","mainEntityOfPage":{"@id":"https:\/\/ubirataonline.com.br\/unimed-curitiba-fatura-r-4-bilhoes-em-2025-e-inaugura-mini-cidade\/"},"wordCount":611,"publisher":{"@id":"https:\/\/ubirataonline.com.br\/#organization"},"image":{"@id":"https:\/\/ubirataonline.com.br\/unimed-curitiba-fatura-r-4-bilhoes-em-2025-e-inaugura-mini-cidade\/#primaryimage"},"thumbnailUrl":"https:\/\/ubirataonline.com.br\/wp-content\/uploads\/2026\/04\/Unimed-Curitiba-fatura-R-4-bilhoes-em-2025-e-inaugura.jpeg","keywords":["bilh\u00f5es","cidade","Curitiba","fatura","inaugura","Mini","Unimed"],"articleSection":["Ubirat\u00e3"],"inLanguage":"en-US","copyrightYear":"2026","copyrightHolder":{"@id":"https:\/\/ubirataonline.com.br\/en\/#organization"}},{"@type":"WebPage","@id":"https:\/\/ubirataonline.com.br\/unimed-curitiba-fatura-r-4-bilhoes-em-2025-e-inaugura-mini-cidade\/","url":"https:\/\/ubirataonline.com.br\/unimed-curitiba-fatura-r-4-bilhoes-em-2025-e-inaugura-mini-cidade\/","name":"Unimed Curitiba fatura R$ 4 bilh\u00f5es em 2025 e inaugura \"mini cidade\" - Ubirat\u00e3 Online Not\u00edcias - A realidade ao seu alcance!","isPartOf":{"@id":"https:\/\/ubirataonline.com.br\/#website"},"primaryImageOfPage":{"@id":"https:\/\/ubirataonline.com.br\/unimed-curitiba-fatura-r-4-bilhoes-em-2025-e-inaugura-mini-cidade\/#primaryimage"},"image":{"@id":"https:\/\/ubirataonline.com.br\/unimed-curitiba-fatura-r-4-bilhoes-em-2025-e-inaugura-mini-cidade\/#primaryimage"},"thumbnailUrl":"https:\/\/ubirataonline.com.br\/wp-content\/uploads\/2026\/04\/Unimed-Curitiba-fatura-R-4-bilhoes-em-2025-e-inaugura.jpeg","datePublished":"2026-04-03T16:21:47+00:00","dateModified":"2026-04-03T16:21:50+00:00","description":"A Unimed Curitiba fechou o balan\u00e7o de 2025 com faturamento de R$ 4,04 bilh\u00f5es. o resultado \u00e9 o melhor da hist\u00f3ria da cooperativa, que vive um momento de","breadcrumb":{"@id":"https:\/\/ubirataonline.com.br\/unimed-curitiba-fatura-r-4-bilhoes-em-2025-e-inaugura-mini-cidade\/#breadcrumb"},"inLanguage":"en-US","potentialAction":[{"@type":"ReadAction","target":["https:\/\/ubirataonline.com.br\/unimed-curitiba-fatura-r-4-bilhoes-em-2025-e-inaugura-mini-cidade\/"]}]},{"@type":"ImageObject","inLanguage":"en-US","@id":"https:\/\/ubirataonline.com.br\/unimed-curitiba-fatura-r-4-bilhoes-em-2025-e-inaugura-mini-cidade\/#primaryimage","url":"https:\/\/ubirataonline.com.br\/wp-content\/uploads\/2026\/04\/Unimed-Curitiba-fatura-R-4-bilhoes-em-2025-e-inaugura.jpeg","contentUrl":"https:\/\/ubirataonline.com.br\/wp-content\/uploads\/2026\/04\/Unimed-Curitiba-fatura-R-4-bilhoes-em-2025-e-inaugura.jpeg","width":1600,"height":1200,"caption":"Nova sede da Unimed Curitiba fica no bairro Tarum\u00e3 e vai abrigar 1 mil funcion\u00e1rios. Foto: Eduardo Klisiewicz \/ Tribuna do Paran\u00e1"},{"@type":"BreadcrumbList","@id":"https:\/\/ubirataonline.com.br\/unimed-curitiba-fatura-r-4-bilhoes-em-2025-e-inaugura-mini-cidade\/#breadcrumb","itemListElement":[{"@type":"ListItem","position":1,"name":"In\u00edcio","item":"https:\/\/ubirataonline.com.br\/"},{"@type":"ListItem","position":2,"name":"Unimed Curitiba fatura R$ 4 bilh\u00f5es em 2025 e inaugura &#8220;mini cidade&#8221;"}]},{"@type":"WebSite","@id":"https:\/\/ubirataonline.com.br\/#website","url":"https:\/\/ubirataonline.com.br\/","name":"Ubirat\u00e3 Online Not\u00edcias","description":"Not\u00edcias de Ubirat\u00e3, regi\u00e3o, Brasil e mundo, com informa\u00e7\u00e3o atualizada e compromisso com o leitor.","publisher":{"@id":"https:\/\/ubirataonline.com.br\/#organization"},"alternateName":"Ubirat\u00e3 Online","potentialAction":[{"@type":"SearchAction","target":{"@type":"EntryPoint","urlTemplate":"https:\/\/ubirataonline.com.br\/?s={search_term_string}"},"query-input":{"@type":"PropertyValueSpecification","valueRequired":true,"valueName":"search_term_string"}}],"inLanguage":"en-US"},{"@type":["Organization","Place"],"@id":"https:\/\/ubirataonline.com.br\/#organization","name":"Ubirat\u00e3 Online Not\u00edcias","alternateName":"Ubirat\u00e3 Online","url":"https:\/\/ubirataonline.com.br\/","logo":{"@id":"https:\/\/ubirataonline.com.br\/unimed-curitiba-fatura-r-4-bilhoes-em-2025-e-inaugura-mini-cidade\/#local-main-organization-logo"},"image":{"@id":"https:\/\/ubirataonline.com.br\/unimed-curitiba-fatura-r-4-bilhoes-em-2025-e-inaugura-mini-cidade\/#local-main-organization-logo"},"sameAs":["https:\/\/www.facebook.com\/portalubirataonline","https:\/\/x.com\/ubirataonline","https:\/\/mastodon.social\/@ubirataonline","https:\/\/www.facebook.com\/groups\/311144672285604","https:\/\/www.facebook.com\/UBTAOnline","https:\/\/www.instagram.com\/portalubirataonline\/","https:\/\/twitter.com\/ubirataonline"],"description":"Somos um portal de not\u00edcias independente, criado em 5 de janeiro de 2009, com o objetivo de informar, conectar e valorizar a nossa comunidade de Ubirat\u00e3 e toda aregi\u00e3o. Com conte\u00fado atualizado, confi\u00e1vel e relevante, o Ubirat\u00e3 Online \u00e9 o seu espa\u00e7o para ficar por dentro dos principais acontecimentos locais, regionais, Brasil, Mundo e de interesse geral. Nosso compromisso \u00e9 com a verdade, a transpar\u00eancia e o respeito ao leitor.","legalName":"UBIRATA ONLINE NOT\u00cdCIAS","foundingDate":"2009-01-05","numberOfEmployees":{"@type":"QuantitativeValue","minValue":"1","maxValue":"10"},"publishingPrinciples":"https:\/\/ubirataonline.com.br\/faq\/","address":{"@id":"https:\/\/ubirataonline.com.br\/unimed-curitiba-fatura-r-4-bilhoes-em-2025-e-inaugura-mini-cidade\/#local-main-place-address"},"geo":{"@type":"GeoCoordinates","latitude":"-24.5361401","longitude":"-52.9921776"},"telephone":["+5544998308235"],"contactPoint":{"@type":"ContactPoint","email":"contato@ubirataonline.com.br"},"openingHoursSpecification":{"@type":"OpeningHoursSpecification","dayOfWeek":["Monday","Tuesday","Wednesday","Thursday","Friday","Saturday","Sunday"],"opens":"00:00","closes":"23:59"},"email":"contato@ubirataonline.com.br","vatID":"47.621.418\/0001-80"},{"@type":"Person","@id":"https:\/\/ubirataonline.com.br\/#\/schema\/person\/372f87bbd3fdd79b8556b84c98d0bc1c","name":"REDA\u00c7\u00c3O: UBIRAT\u00c3 ONLINE - F\u00c1BIO AUGUSTO CELESTINO","pronouns":"Ele","description":"Desde 2003 trabalhando com not\u00edcias.","sameAs":["http:\/\/ubirataoline.com.br","https:\/\/www.facebook.com\/portalubirataonline","https:\/\/www.instagram.com\/ubirataonline_oficial","https:\/\/x.com\/x.com\/ubirataonline"],"honorificPrefix":"Mr.","honorificSuffix":"MD","birthDate":"1980-06-16","gender":"masculino","award":["V\u00e1rios pr\u00eamios de melhor portal da cidade"],"jobTitle":"Diretor","url":"https:\/\/ubirataonline.com.br\/en\/author\/ubirataonline\/"},{"@type":"PostalAddress","@id":"https:\/\/ubirataonline.com.br\/unimed-curitiba-fatura-r-4-bilhoes-em-2025-e-inaugura-mini-cidade\/#local-main-place-address","streetAddress":"Rua dos Coqueiros, 104 - Bairro Boa Vista, Rua dos Coqueiros, 104 Bairro Boa Vista","addressLocality":"UBIRATA","postalCode":"85440-000","addressRegion":"PR","addressCountry":"BR"},{"@type":"ImageObject","inLanguage":"en-US","@id":"https:\/\/ubirataonline.com.br\/unimed-curitiba-fatura-r-4-bilhoes-em-2025-e-inaugura-mini-cidade\/#local-main-organization-logo","url":"https:\/\/ubirataonline.com.br\/wp-content\/uploads\/2026\/06\/logoubirataonline-1.webp","contentUrl":"https:\/\/ubirataonline.com.br\/wp-content\/uploads\/2026\/06\/logoubirataonline-1.webp","width":500,"height":500,"caption":"Ubirat\u00e3 Online Not\u00edcias"}]},"geo.placename":"UBIRATA","geo.position":{"lat":"-24.5361401","long":"-52.9921776"},"geo.region":"Brazil"},"_links":{"self":[{"href":"https:\/\/ubirataonline.com.br\/en\/wp-json\/wp\/v2\/posts\/99114","targetHints":{"allow":["GET"]}}],"collection":[{"href":"https:\/\/ubirataonline.com.br\/en\/wp-json\/wp\/v2\/posts"}],"about":[{"href":"https:\/\/ubirataonline.com.br\/en\/wp-json\/wp\/v2\/types\/post"}],"author":[{"embeddable":true,"href":"https:\/\/ubirataonline.com.br\/en\/wp-json\/wp\/v2\/users\/1"}],"replies":[{"embeddable":true,"href":"https:\/\/ubirataonline.com.br\/en\/wp-json\/wp\/v2\/comments?post=99114"}],"version-history":[{"count":0,"href":"https:\/\/ubirataonline.com.br\/en\/wp-json\/wp\/v2\/posts\/99114\/revisions"}],"wp:featuredmedia":[{"embeddable":true,"href":"https:\/\/ubirataonline.com.br\/en\/wp-json\/wp\/v2\/media\/99115"}],"wp:attachment":[{"href":"https:\/\/ubirataonline.com.br\/en\/wp-json\/wp\/v2\/media?parent=99114"}],"wp:term":[{"taxonomy":"category","embeddable":true,"href":"https:\/\/ubirataonline.com.br\/en\/wp-json\/wp\/v2\/categories?post=99114"},{"taxonomy":"post_tag","embeddable":true,"href":"https:\/\/ubirataonline.com.br\/en\/wp-json\/wp\/v2\/tags?post=99114"}],"curies":[{"name":"wp","href":"https:\/\/api.w.org\/{rel}","templated":true}]}}